{"id":10023,"date":"2014-10-07T23:38:38","date_gmt":"2014-10-07T23:38:38","guid":{"rendered":"http:\/\/www.arquimaster.com.ar\/web\/?p=10023"},"modified":"2014-10-12T21:51:37","modified_gmt":"2014-10-12T21:51:37","slug":"studio-espacio-37-casa-foa-2014-bkm-bureau-de-arquitectura","status":"publish","type":"post","link":"https:\/\/www.arquimaster.com.ar\/web\/studio-espacio-37-casa-foa-2014-bkm-bureau-de-arquitectura\/","title":{"rendered":"Studio (Espacio 37 Casa FOA 2014) \/ BKM Bureau de Arquitectura"},"content":{"rendered":"<div style=\"margin-top: 0px; margin-bottom: 0px;\" class=\"sharethis-inline-share-buttons\" ><\/div><div class=\"b812932af2e751442846f039925109de\" data-index=\"1\" style=\"float: none; margin:25px 0 25px 0; text-align:center;\">\n<script async src=\"https:\/\/pagead2.googlesyndication.com\/pagead\/js\/adsbygoogle.js\"><\/script>\r\n<!-- Arquimaster (superior) -->\r\n<ins class=\"adsbygoogle\"\r\n     style=\"display:block\"\r\n     data-ad-client=\"ca-pub-6351072698456832\"\r\n     data-ad-slot=\"6455489680\"\r\n     data-ad-format=\"auto\"\r\n     data-full-width-responsive=\"true\"><\/ins>\r\n<script>\r\n     (adsbygoogle = window.adsbygoogle || []).push({});\r\n<\/script>\n<\/div>\n<p><strong>Studio \u00abEspacio Anemoi\u00bb<\/strong> (Espacio 37 Casa FOA 2014 La Abadia) por <strong>BKM Bureau de Arquitectura<\/strong> (Alexia Barousse, Marysol Kraviez, Valeria Matayoshi). 1\u00b0 Premio Beca Arquitectura Casa Foa 2014. Sponsor del espacio: Tupperware. Anemoi es la soluci\u00f3n innovadora, sustentable y flexible propuesta por BKM bureau de Arquitectura basada en una investigaci\u00f3n sobre una nueva forma de habitar acorde a los tiempos contempor\u00e1neos.<\/p>\n<div id='gallery-1' class='gallery galleryid-10023 gallery-columns-3 gallery-size-thumbnail'><figure class='gallery-item'>\n\t\t\t<div class='gallery-icon landscape'>\n\t\t\t\t<a href='https:\/\/www.arquimaster.com.ar\/web\/wp-content\/uploads\/2014\/10\/espacio13_casafoa2014_110.jpg' title=\"Studio (Espacio 37 Casa FOA 2014) \/ BKM Bureau de Arquitectura (\u00a9 Federico Kulekdjian)\" data-rl_title=\"Studio (Espacio 37 Casa FOA 2014) \/ BKM Bureau de Arquitectura (\u00a9 Federico Kulekdjian)\" class=\"rl-gallery-link\" data-rl_caption=\"Studio (Espacio 37 Casa FOA 2014) \/ BKM Bureau de Arquitectura (\u00a9 Federico Kulekdjian)\" data-rel=\"lightbox-gallery-1\"><img loading=\"lazy\" decoding=\"async\" width=\"150\" height=\"150\" src=\"https:\/\/www.arquimaster.com.ar\/web\/wp-content\/uploads\/2014\/10\/espacio13_casafoa2014_110-150x150.jpg\" class=\"attachment-thumbnail size-thumbnail\" alt=\"\" aria-describedby=\"gallery-1-10025\" srcset=\"https:\/\/www.arquimaster.com.ar\/web\/wp-content\/uploads\/2014\/10\/espacio13_casafoa2014_110-150x150.jpg 150w, https:\/\/www.arquimaster.com.ar\/web\/wp-content\/uploads\/2014\/10\/espacio13_casafoa2014_110-50x50.jpg 50w, https:\/\/www.arquimaster.com.ar\/web\/wp-content\/uploads\/2014\/10\/espacio13_casafoa2014_110-125x125.jpg 125w\" sizes=\"auto, (max-width: 150px) 100vw, 150px\" \/><\/a>\n\t\t\t<\/div>\n\t\t\t\t<figcaption class='wp-caption-text gallery-caption' id='gallery-1-10025'>\n\t\t\t\tStudio (Espacio 37 Casa FOA 2014) \/ BKM Bureau de Arquitectura (\u00a9 Federico Kulekdjian)\n\t\t\t\t<\/figcaption><\/figure><figure class='gallery-item'>\n\t\t\t<div class='gallery-icon landscape'>\n\t\t\t\t<a href='https:\/\/www.arquimaster.com.ar\/web\/wp-content\/uploads\/2014\/10\/espacio13_casafoa2014_29.jpg' title=\"Studio (Espacio 37 Casa FOA 2014) \/ BKM Bureau de Arquitectura (\u00a9 Federico Kulekdjian)\" data-rl_title=\"Studio (Espacio 37 Casa FOA 2014) \/ BKM Bureau de Arquitectura (\u00a9 Federico Kulekdjian)\" class=\"rl-gallery-link\" data-rl_caption=\"Studio (Espacio 37 Casa FOA 2014) \/ BKM Bureau de Arquitectura (\u00a9 Federico Kulekdjian)\" data-rel=\"lightbox-gallery-1\"><img loading=\"lazy\" decoding=\"async\" width=\"150\" height=\"150\" src=\"https:\/\/www.arquimaster.com.ar\/web\/wp-content\/uploads\/2014\/10\/espacio13_casafoa2014_29-150x150.jpg\" class=\"attachment-thumbnail size-thumbnail\" alt=\"\" aria-describedby=\"gallery-1-10026\" srcset=\"https:\/\/www.arquimaster.com.ar\/web\/wp-content\/uploads\/2014\/10\/espacio13_casafoa2014_29-150x150.jpg 150w, https:\/\/www.arquimaster.com.ar\/web\/wp-content\/uploads\/2014\/10\/espacio13_casafoa2014_29-50x50.jpg 50w, https:\/\/www.arquimaster.com.ar\/web\/wp-content\/uploads\/2014\/10\/espacio13_casafoa2014_29-125x125.jpg 125w\" sizes=\"auto, (max-width: 150px) 100vw, 150px\" \/><\/a>\n\t\t\t<\/div>\n\t\t\t\t<figcaption class='wp-caption-text gallery-caption' id='gallery-1-10026'>\n\t\t\t\tStudio (Espacio 37 Casa FOA 2014) \/ BKM Bureau de Arquitectura (\u00a9 Federico Kulekdjian)\n\t\t\t\t<\/figcaption><\/figure><figure class='gallery-item'>\n\t\t\t<div class='gallery-icon landscape'>\n\t\t\t\t<a href='https:\/\/www.arquimaster.com.ar\/web\/wp-content\/uploads\/2014\/10\/espacio13_casafoa2014_31.jpg' title=\"Studio (Espacio 37 Casa FOA 2014) \/ BKM Bureau de Arquitectura (\u00a9 Federico Kulekdjian)\" data-rl_title=\"Studio (Espacio 37 Casa FOA 2014) \/ BKM Bureau de Arquitectura (\u00a9 Federico Kulekdjian)\" class=\"rl-gallery-link\" data-rl_caption=\"Studio (Espacio 37 Casa FOA 2014) \/ BKM Bureau de Arquitectura (\u00a9 Federico Kulekdjian)\" data-rel=\"lightbox-gallery-1\"><img loading=\"lazy\" decoding=\"async\" width=\"150\" height=\"150\" src=\"https:\/\/www.arquimaster.com.ar\/web\/wp-content\/uploads\/2014\/10\/espacio13_casafoa2014_31-150x150.jpg\" class=\"attachment-thumbnail size-thumbnail\" alt=\"\" aria-describedby=\"gallery-1-10027\" srcset=\"https:\/\/www.arquimaster.com.ar\/web\/wp-content\/uploads\/2014\/10\/espacio13_casafoa2014_31-150x150.jpg 150w, https:\/\/www.arquimaster.com.ar\/web\/wp-content\/uploads\/2014\/10\/espacio13_casafoa2014_31-50x50.jpg 50w, https:\/\/www.arquimaster.com.ar\/web\/wp-content\/uploads\/2014\/10\/espacio13_casafoa2014_31-125x125.jpg 125w\" sizes=\"auto, (max-width: 150px) 100vw, 150px\" \/><\/a>\n\t\t\t<\/div>\n\t\t\t\t<figcaption class='wp-caption-text gallery-caption' id='gallery-1-10027'>\n\t\t\t\tStudio (Espacio 37 Casa FOA 2014) \/ BKM Bureau de Arquitectura (\u00a9 Federico Kulekdjian)\n\t\t\t\t<\/figcaption><\/figure><figure class='gallery-item'>\n\t\t\t<div class='gallery-icon landscape'>\n\t\t\t\t<a href='https:\/\/www.arquimaster.com.ar\/web\/wp-content\/uploads\/2014\/10\/espacio13_casafoa2014_41.jpg' title=\"Studio (Espacio 37 Casa FOA 2014) \/ BKM Bureau de Arquitectura (\u00a9 Federico Kulekdjian)\" data-rl_title=\"Studio (Espacio 37 Casa FOA 2014) \/ BKM Bureau de Arquitectura (\u00a9 Federico Kulekdjian)\" class=\"rl-gallery-link\" data-rl_caption=\"Studio (Espacio 37 Casa FOA 2014) \/ BKM Bureau de Arquitectura (\u00a9 Federico Kulekdjian)\" data-rel=\"lightbox-gallery-1\"><img loading=\"lazy\" decoding=\"async\" width=\"150\" height=\"150\" src=\"https:\/\/www.arquimaster.com.ar\/web\/wp-content\/uploads\/2014\/10\/espacio13_casafoa2014_41-150x150.jpg\" class=\"attachment-thumbnail size-thumbnail\" alt=\"\" aria-describedby=\"gallery-1-10028\" srcset=\"https:\/\/www.arquimaster.com.ar\/web\/wp-content\/uploads\/2014\/10\/espacio13_casafoa2014_41-150x150.jpg 150w, https:\/\/www.arquimaster.com.ar\/web\/wp-content\/uploads\/2014\/10\/espacio13_casafoa2014_41-50x50.jpg 50w, https:\/\/www.arquimaster.com.ar\/web\/wp-content\/uploads\/2014\/10\/espacio13_casafoa2014_41-125x125.jpg 125w\" sizes=\"auto, (max-width: 150px) 100vw, 150px\" \/><\/a>\n\t\t\t<\/div>\n\t\t\t\t<figcaption class='wp-caption-text gallery-caption' id='gallery-1-10028'>\n\t\t\t\tStudio (Espacio 37 Casa FOA 2014) \/ BKM Bureau de Arquitectura (\u00a9 Federico Kulekdjian)\n\t\t\t\t<\/figcaption><\/figure><figure class='gallery-item'>\n\t\t\t<div class='gallery-icon portrait'>\n\t\t\t\t<a href='https:\/\/www.arquimaster.com.ar\/web\/wp-content\/uploads\/2014\/10\/espacio13_casafoa2014_51.jpg' title=\"Studio (Espacio 37 Casa FOA 2014) \/ BKM Bureau de Arquitectura (\u00a9 Federico Kulekdjian)\" data-rl_title=\"Studio (Espacio 37 Casa FOA 2014) \/ BKM Bureau de Arquitectura (\u00a9 Federico Kulekdjian)\" class=\"rl-gallery-link\" data-rl_caption=\"Studio (Espacio 37 Casa FOA 2014) \/ BKM Bureau de Arquitectura (\u00a9 Federico Kulekdjian)\" data-rel=\"lightbox-gallery-1\"><img loading=\"lazy\" decoding=\"async\" width=\"150\" height=\"150\" src=\"https:\/\/www.arquimaster.com.ar\/web\/wp-content\/uploads\/2014\/10\/espacio13_casafoa2014_51-150x150.jpg\" class=\"attachment-thumbnail size-thumbnail\" alt=\"\" aria-describedby=\"gallery-1-10029\" srcset=\"https:\/\/www.arquimaster.com.ar\/web\/wp-content\/uploads\/2014\/10\/espacio13_casafoa2014_51-150x150.jpg 150w, https:\/\/www.arquimaster.com.ar\/web\/wp-content\/uploads\/2014\/10\/espacio13_casafoa2014_51-50x50.jpg 50w, https:\/\/www.arquimaster.com.ar\/web\/wp-content\/uploads\/2014\/10\/espacio13_casafoa2014_51-125x125.jpg 125w\" sizes=\"auto, (max-width: 150px) 100vw, 150px\" \/><\/a>\n\t\t\t<\/div>\n\t\t\t\t<figcaption class='wp-caption-text gallery-caption' id='gallery-1-10029'>\n\t\t\t\tStudio (Espacio 37 Casa FOA 2014) \/ BKM Bureau de Arquitectura (\u00a9 Federico Kulekdjian)\n\t\t\t\t<\/figcaption><\/figure><figure class='gallery-item'>\n\t\t\t<div class='gallery-icon portrait'>\n\t\t\t\t<a href='https:\/\/www.arquimaster.com.ar\/web\/wp-content\/uploads\/2014\/10\/espacio13_casafoa2014_61.jpg' title=\"Studio (Espacio 37 Casa FOA 2014) \/ BKM Bureau de Arquitectura (\u00a9 Federico Kulekdjian)\" data-rl_title=\"Studio (Espacio 37 Casa FOA 2014) \/ BKM Bureau de Arquitectura (\u00a9 Federico Kulekdjian)\" class=\"rl-gallery-link\" data-rl_caption=\"Studio (Espacio 37 Casa FOA 2014) \/ BKM Bureau de Arquitectura (\u00a9 Federico Kulekdjian)\" data-rel=\"lightbox-gallery-1\"><img loading=\"lazy\" decoding=\"async\" width=\"150\" height=\"150\" src=\"https:\/\/www.arquimaster.com.ar\/web\/wp-content\/uploads\/2014\/10\/espacio13_casafoa2014_61-150x150.jpg\" class=\"attachment-thumbnail size-thumbnail\" alt=\"\" aria-describedby=\"gallery-1-10030\" srcset=\"https:\/\/www.arquimaster.com.ar\/web\/wp-content\/uploads\/2014\/10\/espacio13_casafoa2014_61-150x150.jpg 150w, https:\/\/www.arquimaster.com.ar\/web\/wp-content\/uploads\/2014\/10\/espacio13_casafoa2014_61-50x50.jpg 50w, https:\/\/www.arquimaster.com.ar\/web\/wp-content\/uploads\/2014\/10\/espacio13_casafoa2014_61-125x125.jpg 125w\" sizes=\"auto, (max-width: 150px) 100vw, 150px\" \/><\/a>\n\t\t\t<\/div>\n\t\t\t\t<figcaption class='wp-caption-text gallery-caption' id='gallery-1-10030'>\n\t\t\t\tStudio (Espacio 37 Casa FOA 2014) \/ BKM Bureau de Arquitectura (\u00a9 Federico Kulekdjian)\n\t\t\t\t<\/figcaption><\/figure><figure class='gallery-item'>\n\t\t\t<div class='gallery-icon portrait'>\n\t\t\t\t<a href='https:\/\/www.arquimaster.com.ar\/web\/wp-content\/uploads\/2014\/10\/espacio13_casafoa2014_71.jpg' title=\"Studio (Espacio 37 Casa FOA 2014) \/ BKM Bureau de Arquitectura (\u00a9 Federico Kulekdjian)\" data-rl_title=\"Studio (Espacio 37 Casa FOA 2014) \/ BKM Bureau de Arquitectura (\u00a9 Federico Kulekdjian)\" class=\"rl-gallery-link\" data-rl_caption=\"Studio (Espacio 37 Casa FOA 2014) \/ BKM Bureau de Arquitectura (\u00a9 Federico Kulekdjian)\" data-rel=\"lightbox-gallery-1\"><img loading=\"lazy\" decoding=\"async\" width=\"150\" height=\"150\" src=\"https:\/\/www.arquimaster.com.ar\/web\/wp-content\/uploads\/2014\/10\/espacio13_casafoa2014_71-150x150.jpg\" class=\"attachment-thumbnail size-thumbnail\" alt=\"\" aria-describedby=\"gallery-1-10031\" srcset=\"https:\/\/www.arquimaster.com.ar\/web\/wp-content\/uploads\/2014\/10\/espacio13_casafoa2014_71-150x150.jpg 150w, https:\/\/www.arquimaster.com.ar\/web\/wp-content\/uploads\/2014\/10\/espacio13_casafoa2014_71-50x50.jpg 50w, https:\/\/www.arquimaster.com.ar\/web\/wp-content\/uploads\/2014\/10\/espacio13_casafoa2014_71-125x125.jpg 125w\" sizes=\"auto, (max-width: 150px) 100vw, 150px\" \/><\/a>\n\t\t\t<\/div>\n\t\t\t\t<figcaption class='wp-caption-text gallery-caption' id='gallery-1-10031'>\n\t\t\t\tStudio (Espacio 37 Casa FOA 2014) \/ BKM Bureau de Arquitectura (\u00a9 Federico Kulekdjian)\n\t\t\t\t<\/figcaption><\/figure><figure class='gallery-item'>\n\t\t\t<div class='gallery-icon landscape'>\n\t\t\t\t<a href='https:\/\/www.arquimaster.com.ar\/web\/wp-content\/uploads\/2014\/10\/espacio13_casafoa2014_81.jpg' title=\"Studio (Espacio 37 Casa FOA 2014) \/ BKM Bureau de Arquitectura (\u00a9 Casa FOA)\" data-rl_title=\"Studio (Espacio 37 Casa FOA 2014) \/ BKM Bureau de Arquitectura (\u00a9 Casa FOA)\" class=\"rl-gallery-link\" data-rl_caption=\"Studio (Espacio 37 Casa FOA 2014) \/ BKM Bureau de Arquitectura (\u00a9 Casa FOA)\" data-rel=\"lightbox-gallery-1\"><img loading=\"lazy\" decoding=\"async\" width=\"150\" height=\"150\" src=\"https:\/\/www.arquimaster.com.ar\/web\/wp-content\/uploads\/2014\/10\/espacio13_casafoa2014_81-150x150.jpg\" class=\"attachment-thumbnail size-thumbnail\" alt=\"\" aria-describedby=\"gallery-1-10032\" srcset=\"https:\/\/www.arquimaster.com.ar\/web\/wp-content\/uploads\/2014\/10\/espacio13_casafoa2014_81-150x150.jpg 150w, https:\/\/www.arquimaster.com.ar\/web\/wp-content\/uploads\/2014\/10\/espacio13_casafoa2014_81-50x50.jpg 50w, https:\/\/www.arquimaster.com.ar\/web\/wp-content\/uploads\/2014\/10\/espacio13_casafoa2014_81-125x125.jpg 125w\" sizes=\"auto, (max-width: 150px) 100vw, 150px\" \/><\/a>\n\t\t\t<\/div>\n\t\t\t\t<figcaption class='wp-caption-text gallery-caption' id='gallery-1-10032'>\n\t\t\t\tStudio (Espacio 37 Casa FOA 2014) \/ BKM Bureau de Arquitectura (\u00a9 Casa FOA)\n\t\t\t\t<\/figcaption><\/figure><figure class='gallery-item'>\n\t\t\t<div class='gallery-icon landscape'>\n\t\t\t\t<a href='https:\/\/www.arquimaster.com.ar\/web\/wp-content\/uploads\/2014\/10\/espacio13_casafoa2014_91.jpg' title=\"Studio (Espacio 37 Casa FOA 2014) \/ BKM Bureau de Arquitectura (\u00a9 Casa FOA)\" data-rl_title=\"Studio (Espacio 37 Casa FOA 2014) \/ BKM Bureau de Arquitectura (\u00a9 Casa FOA)\" class=\"rl-gallery-link\" data-rl_caption=\"Studio (Espacio 37 Casa FOA 2014) \/ BKM Bureau de Arquitectura (\u00a9 Casa FOA)\" data-rel=\"lightbox-gallery-1\"><img loading=\"lazy\" decoding=\"async\" width=\"150\" height=\"150\" src=\"https:\/\/www.arquimaster.com.ar\/web\/wp-content\/uploads\/2014\/10\/espacio13_casafoa2014_91-150x150.jpg\" class=\"attachment-thumbnail size-thumbnail\" alt=\"\" aria-describedby=\"gallery-1-10033\" srcset=\"https:\/\/www.arquimaster.com.ar\/web\/wp-content\/uploads\/2014\/10\/espacio13_casafoa2014_91-150x150.jpg 150w, https:\/\/www.arquimaster.com.ar\/web\/wp-content\/uploads\/2014\/10\/espacio13_casafoa2014_91-50x50.jpg 50w, https:\/\/www.arquimaster.com.ar\/web\/wp-content\/uploads\/2014\/10\/espacio13_casafoa2014_91-125x125.jpg 125w\" sizes=\"auto, (max-width: 150px) 100vw, 150px\" \/><\/a>\n\t\t\t<\/div>\n\t\t\t\t<figcaption class='wp-caption-text gallery-caption' id='gallery-1-10033'>\n\t\t\t\tStudio (Espacio 37 Casa FOA 2014) \/ BKM Bureau de Arquitectura (\u00a9 Casa FOA)\n\t\t\t\t<\/figcaption><\/figure><figure class='gallery-item'>\n\t\t\t<div class='gallery-icon portrait'>\n\t\t\t\t<a href='https:\/\/www.arquimaster.com.ar\/web\/wp-content\/uploads\/2014\/10\/espacio13_casafoa2014_101.jpg' title=\"Studio (Espacio 37 Casa FOA 2014) \/ BKM Bureau de Arquitectura\" data-rl_title=\"Studio (Espacio 37 Casa FOA 2014) \/ BKM Bureau de Arquitectura\" class=\"rl-gallery-link\" data-rl_caption=\"Studio (Espacio 37 Casa FOA 2014) \/ BKM Bureau de Arquitectura\" data-rel=\"lightbox-gallery-1\"><img loading=\"lazy\" decoding=\"async\" width=\"150\" height=\"150\" src=\"https:\/\/www.arquimaster.com.ar\/web\/wp-content\/uploads\/2014\/10\/espacio13_casafoa2014_101-150x150.jpg\" class=\"attachment-thumbnail size-thumbnail\" alt=\"\" aria-describedby=\"gallery-1-10034\" srcset=\"https:\/\/www.arquimaster.com.ar\/web\/wp-content\/uploads\/2014\/10\/espacio13_casafoa2014_101-150x150.jpg 150w, https:\/\/www.arquimaster.com.ar\/web\/wp-content\/uploads\/2014\/10\/espacio13_casafoa2014_101-50x50.jpg 50w, https:\/\/www.arquimaster.com.ar\/web\/wp-content\/uploads\/2014\/10\/espacio13_casafoa2014_101-125x125.jpg 125w\" sizes=\"auto, (max-width: 150px) 100vw, 150px\" \/><\/a>\n\t\t\t<\/div>\n\t\t\t\t<figcaption class='wp-caption-text gallery-caption' id='gallery-1-10034'>\n\t\t\t\tStudio (Espacio 37 Casa FOA 2014) \/ BKM Bureau de Arquitectura\n\t\t\t\t<\/figcaption><\/figure><figure class='gallery-item'>\n\t\t\t<div class='gallery-icon portrait'>\n\t\t\t\t<a href='https:\/\/www.arquimaster.com.ar\/web\/wp-content\/uploads\/2014\/10\/espacio13_casafoa2014_111.jpg' title=\"Studio (Espacio 37 Casa FOA 2014) \/ BKM Bureau de Arquitectura\" data-rl_title=\"Studio (Espacio 37 Casa FOA 2014) \/ BKM Bureau de Arquitectura\" class=\"rl-gallery-link\" data-rl_caption=\"Studio (Espacio 37 Casa FOA 2014) \/ BKM Bureau de Arquitectura\" data-rel=\"lightbox-gallery-1\"><img loading=\"lazy\" decoding=\"async\" width=\"150\" height=\"150\" src=\"https:\/\/www.arquimaster.com.ar\/web\/wp-content\/uploads\/2014\/10\/espacio13_casafoa2014_111-150x150.jpg\" class=\"attachment-thumbnail size-thumbnail\" alt=\"\" aria-describedby=\"gallery-1-10035\" srcset=\"https:\/\/www.arquimaster.com.ar\/web\/wp-content\/uploads\/2014\/10\/espacio13_casafoa2014_111-150x150.jpg 150w, https:\/\/www.arquimaster.com.ar\/web\/wp-content\/uploads\/2014\/10\/espacio13_casafoa2014_111-50x50.jpg 50w, https:\/\/www.arquimaster.com.ar\/web\/wp-content\/uploads\/2014\/10\/espacio13_casafoa2014_111-125x125.jpg 125w\" sizes=\"auto, (max-width: 150px) 100vw, 150px\" \/><\/a>\n\t\t\t<\/div>\n\t\t\t\t<figcaption class='wp-caption-text gallery-caption' id='gallery-1-10035'>\n\t\t\t\tStudio (Espacio 37 Casa FOA 2014) \/ BKM Bureau de Arquitectura\n\t\t\t\t<\/figcaption><\/figure><figure class='gallery-item'>\n\t\t\t<div class='gallery-icon portrait'>\n\t\t\t\t<a href='https:\/\/www.arquimaster.com.ar\/web\/wp-content\/uploads\/2014\/10\/espacio13_casafoa2014_121.jpg' title=\"Studio (Espacio 37 Casa FOA 2014) \/ BKM Bureau de Arquitectura\" data-rl_title=\"Studio (Espacio 37 Casa FOA 2014) \/ BKM Bureau de Arquitectura\" class=\"rl-gallery-link\" data-rl_caption=\"Studio (Espacio 37 Casa FOA 2014) \/ BKM Bureau de Arquitectura\" data-rel=\"lightbox-gallery-1\"><img loading=\"lazy\" decoding=\"async\" width=\"150\" height=\"150\" src=\"https:\/\/www.arquimaster.com.ar\/web\/wp-content\/uploads\/2014\/10\/espacio13_casafoa2014_121-150x150.jpg\" class=\"attachment-thumbnail size-thumbnail\" alt=\"\" aria-describedby=\"gallery-1-10036\" srcset=\"https:\/\/www.arquimaster.com.ar\/web\/wp-content\/uploads\/2014\/10\/espacio13_casafoa2014_121-150x150.jpg 150w, https:\/\/www.arquimaster.com.ar\/web\/wp-content\/uploads\/2014\/10\/espacio13_casafoa2014_121-50x50.jpg 50w, https:\/\/www.arquimaster.com.ar\/web\/wp-content\/uploads\/2014\/10\/espacio13_casafoa2014_121-125x125.jpg 125w\" sizes=\"auto, (max-width: 150px) 100vw, 150px\" \/><\/a>\n\t\t\t<\/div>\n\t\t\t\t<figcaption class='wp-caption-text gallery-caption' id='gallery-1-10036'>\n\t\t\t\tStudio (Espacio 37 Casa FOA 2014) \/ BKM Bureau de Arquitectura\n\t\t\t\t<\/figcaption><\/figure><figure class='gallery-item'>\n\t\t\t<div class='gallery-icon portrait'>\n\t\t\t\t<a href='https:\/\/www.arquimaster.com.ar\/web\/wp-content\/uploads\/2014\/10\/espacio13_casafoa2014_131.jpg' title=\"Studio (Espacio 37 Casa FOA 2014) \/ BKM Bureau de Arquitectura\" data-rl_title=\"Studio (Espacio 37 Casa FOA 2014) \/ BKM Bureau de Arquitectura\" class=\"rl-gallery-link\" data-rl_caption=\"Studio (Espacio 37 Casa FOA 2014) \/ BKM Bureau de Arquitectura\" data-rel=\"lightbox-gallery-1\"><img loading=\"lazy\" decoding=\"async\" width=\"150\" height=\"150\" src=\"https:\/\/www.arquimaster.com.ar\/web\/wp-content\/uploads\/2014\/10\/espacio13_casafoa2014_131-150x150.jpg\" class=\"attachment-thumbnail size-thumbnail\" alt=\"\" aria-describedby=\"gallery-1-10037\" srcset=\"https:\/\/www.arquimaster.com.ar\/web\/wp-content\/uploads\/2014\/10\/espacio13_casafoa2014_131-150x150.jpg 150w, https:\/\/www.arquimaster.com.ar\/web\/wp-content\/uploads\/2014\/10\/espacio13_casafoa2014_131-50x50.jpg 50w, https:\/\/www.arquimaster.com.ar\/web\/wp-content\/uploads\/2014\/10\/espacio13_casafoa2014_131-125x125.jpg 125w\" sizes=\"auto, (max-width: 150px) 100vw, 150px\" \/><\/a>\n\t\t\t<\/div>\n\t\t\t\t<figcaption class='wp-caption-text gallery-caption' id='gallery-1-10037'>\n\t\t\t\tStudio (Espacio 37 Casa FOA 2014) \/ BKM Bureau de Arquitectura\n\t\t\t\t<\/figcaption><\/figure><figure class='gallery-item'>\n\t\t\t<div class='gallery-icon portrait'>\n\t\t\t\t<a href='https:\/\/www.arquimaster.com.ar\/web\/wp-content\/uploads\/2014\/10\/espacio13_casafoa2014_141.jpg' title=\"Studio (Espacio 37 Casa FOA 2014) \/ BKM Bureau de Arquitectura\" data-rl_title=\"Studio (Espacio 37 Casa FOA 2014) \/ BKM Bureau de Arquitectura\" class=\"rl-gallery-link\" data-rl_caption=\"Studio (Espacio 37 Casa FOA 2014) \/ BKM Bureau de Arquitectura\" data-rel=\"lightbox-gallery-1\"><img loading=\"lazy\" decoding=\"async\" width=\"150\" height=\"150\" src=\"https:\/\/www.arquimaster.com.ar\/web\/wp-content\/uploads\/2014\/10\/espacio13_casafoa2014_141-150x150.jpg\" class=\"attachment-thumbnail size-thumbnail\" alt=\"\" aria-describedby=\"gallery-1-10038\" srcset=\"https:\/\/www.arquimaster.com.ar\/web\/wp-content\/uploads\/2014\/10\/espacio13_casafoa2014_141-150x150.jpg 150w, https:\/\/www.arquimaster.com.ar\/web\/wp-content\/uploads\/2014\/10\/espacio13_casafoa2014_141-50x50.jpg 50w, https:\/\/www.arquimaster.com.ar\/web\/wp-content\/uploads\/2014\/10\/espacio13_casafoa2014_141-125x125.jpg 125w\" sizes=\"auto, (max-width: 150px) 100vw, 150px\" \/><\/a>\n\t\t\t<\/div>\n\t\t\t\t<figcaption class='wp-caption-text gallery-caption' id='gallery-1-10038'>\n\t\t\t\tStudio (Espacio 37 Casa FOA 2014) \/ BKM Bureau de Arquitectura\n\t\t\t\t<\/figcaption><\/figure><figure class='gallery-item'>\n\t\t\t<div class='gallery-icon portrait'>\n\t\t\t\t<a href='https:\/\/www.arquimaster.com.ar\/web\/wp-content\/uploads\/2014\/10\/espacio13_casafoa2014_151.jpg' title=\"Studio (Espacio 37 Casa FOA 2014) \/ BKM Bureau de Arquitectura\" data-rl_title=\"Studio (Espacio 37 Casa FOA 2014) \/ BKM Bureau de Arquitectura\" class=\"rl-gallery-link\" data-rl_caption=\"Studio (Espacio 37 Casa FOA 2014) \/ BKM Bureau de Arquitectura\" data-rel=\"lightbox-gallery-1\"><img loading=\"lazy\" decoding=\"async\" width=\"150\" height=\"150\" src=\"https:\/\/www.arquimaster.com.ar\/web\/wp-content\/uploads\/2014\/10\/espacio13_casafoa2014_151-150x150.jpg\" class=\"attachment-thumbnail size-thumbnail\" alt=\"\" aria-describedby=\"gallery-1-10039\" srcset=\"https:\/\/www.arquimaster.com.ar\/web\/wp-content\/uploads\/2014\/10\/espacio13_casafoa2014_151-150x150.jpg 150w, https:\/\/www.arquimaster.com.ar\/web\/wp-content\/uploads\/2014\/10\/espacio13_casafoa2014_151-50x50.jpg 50w, https:\/\/www.arquimaster.com.ar\/web\/wp-content\/uploads\/2014\/10\/espacio13_casafoa2014_151-125x125.jpg 125w\" sizes=\"auto, (max-width: 150px) 100vw, 150px\" \/><\/a>\n\t\t\t<\/div>\n\t\t\t\t<figcaption class='wp-caption-text gallery-caption' id='gallery-1-10039'>\n\t\t\t\tStudio (Espacio 37 Casa FOA 2014) \/ BKM Bureau de Arquitectura\n\t\t\t\t<\/figcaption><\/figure><figure class='gallery-item'>\n\t\t\t<div class='gallery-icon portrait'>\n\t\t\t\t<a href='https:\/\/www.arquimaster.com.ar\/web\/wp-content\/uploads\/2014\/10\/espacio13_casafoa2014_161.jpg' title=\"Studio (Espacio 37 Casa FOA 2014) \/ BKM Bureau de Arquitectura\" data-rl_title=\"Studio (Espacio 37 Casa FOA 2014) \/ BKM Bureau de Arquitectura\" class=\"rl-gallery-link\" data-rl_caption=\"Studio (Espacio 37 Casa FOA 2014) \/ BKM Bureau de Arquitectura\" data-rel=\"lightbox-gallery-1\"><img loading=\"lazy\" decoding=\"async\" width=\"150\" height=\"150\" src=\"https:\/\/www.arquimaster.com.ar\/web\/wp-content\/uploads\/2014\/10\/espacio13_casafoa2014_161-150x150.jpg\" class=\"attachment-thumbnail size-thumbnail\" alt=\"\" aria-describedby=\"gallery-1-10040\" srcset=\"https:\/\/www.arquimaster.com.ar\/web\/wp-content\/uploads\/2014\/10\/espacio13_casafoa2014_161-150x150.jpg 150w, https:\/\/www.arquimaster.com.ar\/web\/wp-content\/uploads\/2014\/10\/espacio13_casafoa2014_161-50x50.jpg 50w, https:\/\/www.arquimaster.com.ar\/web\/wp-content\/uploads\/2014\/10\/espacio13_casafoa2014_161-125x125.jpg 125w\" sizes=\"auto, (max-width: 150px) 100vw, 150px\" \/><\/a>\n\t\t\t<\/div>\n\t\t\t\t<figcaption class='wp-caption-text gallery-caption' id='gallery-1-10040'>\n\t\t\t\tStudio (Espacio 37 Casa FOA 2014) \/ BKM Bureau de Arquitectura\n\t\t\t\t<\/figcaption><\/figure><figure class='gallery-item'>\n\t\t\t<div class='gallery-icon portrait'>\n\t\t\t\t<a href='https:\/\/www.arquimaster.com.ar\/web\/wp-content\/uploads\/2014\/10\/espacio13_casafoa2014_171.jpg' title=\"Studio (Espacio 37 Casa FOA 2014) \/ BKM Bureau de Arquitectura\" data-rl_title=\"Studio (Espacio 37 Casa FOA 2014) \/ BKM Bureau de Arquitectura\" class=\"rl-gallery-link\" data-rl_caption=\"Studio (Espacio 37 Casa FOA 2014) \/ BKM Bureau de Arquitectura\" data-rel=\"lightbox-gallery-1\"><img loading=\"lazy\" decoding=\"async\" width=\"150\" height=\"150\" src=\"https:\/\/www.arquimaster.com.ar\/web\/wp-content\/uploads\/2014\/10\/espacio13_casafoa2014_171-150x150.jpg\" class=\"attachment-thumbnail size-thumbnail\" alt=\"\" aria-describedby=\"gallery-1-10041\" srcset=\"https:\/\/www.arquimaster.com.ar\/web\/wp-content\/uploads\/2014\/10\/espacio13_casafoa2014_171-150x150.jpg 150w, https:\/\/www.arquimaster.com.ar\/web\/wp-content\/uploads\/2014\/10\/espacio13_casafoa2014_171-50x50.jpg 50w, https:\/\/www.arquimaster.com.ar\/web\/wp-content\/uploads\/2014\/10\/espacio13_casafoa2014_171-125x125.jpg 125w\" sizes=\"auto, (max-width: 150px) 100vw, 150px\" \/><\/a>\n\t\t\t<\/div>\n\t\t\t\t<figcaption class='wp-caption-text gallery-caption' id='gallery-1-10041'>\n\t\t\t\tStudio (Espacio 37 Casa FOA 2014) \/ BKM Bureau de Arquitectura\n\t\t\t\t<\/figcaption><\/figure>\n\t\t<\/div>\n\n<p>El Concurso Beca Arquitectura Casa FOA La Abad\u00eda 2014 planteaba el desaf\u00edo de generar un \u00abStudio\u00bb en un peque\u00f1o espacio de 20 m2 de la Abad\u00eda San Benito ubicada en el barrio de Palermo.<\/p>\n<p>Nuestra b\u00fasqueda se bas\u00f3 en investigar diferentes formas de habitar en espacios de dimensiones acotadas. \u00bfC\u00f3mo optimizar las calidades espaciales y resolver los problemas funcionales al mismo tiempo?<\/p>\n<p>A partir de la identificaci\u00f3n de diferentes \u00e1reas funcionales generamos islas espaciales que conforman microespacios que pueden unirse o separarse.<\/p>\n<p>El \u00abStudio\u00bb puede ser un solo espacio abierto y en pocos minutos, transformarse en peque\u00f1os espacios independientes, un cocoon, creando numerosas combinaciones posibles.<\/p>\n<p>Para materializar las islas espaciales trabajamos sobre el concepto del velo; lo trasl\u00facido, lo que se ve y lo que se intuye.<\/p>\n<p>Diferentes g\u00e9neros se combinan entre s\u00ed creando capas superpuestas que aportan liviandad, flexibilidad y riqueza a la propuesta.<\/p>\n<p>As\u00ed, organzas, vinilos, gasas, linos y voiles generan l\u00edmites sutiles, trasl\u00facidos, impermeables, opacos, o texturados seg\u00fan el uso de cada microespacio.<\/p>\n<p>La luz natural se combina con la artificial generando interesantes efectos visuales sobre la b\u00f3veda existente. Sobre ella puede proyectarse pel\u00edculas y arte digital.<\/p>\n<p>Una sutil intervenci\u00f3n en el piso de pinotea original sugiere un v\u00ednculo entre lo nuevo y lo existente.<\/p>\n<p>La presencia del color blanco en empapelados, mosaicos y velos, aporta luminosidad y pureza.<\/p>\n<p>El equipamiento, fijo o m\u00f3vil, configura diferentes posibilidades y refuerza la flexibilidad del conjunto.<\/p>\n<p>Entre los velos, se puede circular y se crean espacios l\u00fadicos, diferentes. Intersticios.<\/p>\n<p>Hay una reminiscencia a la frescura de los ni\u00f1os jugando entre las s\u00e1banas sec\u00e1ndose al sol, o los ni\u00f1os jugando en el vestidor de la abuela.<\/p>\n<p>&nbsp;<\/p>\n<p><strong>Premios<\/strong><br \/>\nMenci\u00f3n Especial a la Arquitectura y Dise\u00f1o de Interiores Casa FOA 2014<br \/>\nPremio Beca Arquitectura Casa FOA 2014<\/p>\n<p><strong>Contacto<\/strong><br \/>\n<a title=\"BKM Bureau de Arquitectura\" href=\"http:\/\/www.bkmbureau.com.ar\" target=\"_blank\">http:\/\/www.bkmbureau.com.ar<\/a><\/p>\n<p>Fotos cortesia de BKM Bureau de Arquitectura<\/p>\n<p>Fotos por Federico Kulekdjian (<a title=\"Federico Kulekdjian\" href=\"http:\/\/www.fedeku.com.ar\" target=\"_blank\">http:\/\/www.fedeku.com.ar)<\/a><\/p>\n<p>&nbsp;<\/p>\n<p><strong>Acerca de BKM Bureau de Arquitectura<\/strong><\/p>\n<p>El Estudio BKM Bureau de Arquitectura est\u00e1 integrado por Alexia Barousse, Marysol Kraviez y Valeria Matayoshi, tres arquitectas egresadas de la Facultad de Arquitectura, Dise\u00f1o y Urbanismo de la Universidad de Buenos Aires. BKM conjuga su experiencia proyectual, de investigaci\u00f3n y arte en la exploraci\u00f3n de innovadoras formas de habitar el espacio.<\/p>\n<p><strong>Arq. Alexia Barousse<\/strong><br \/>\nArquitecta egresada de la Facultad de Arquitectura, Dise\u00f1o y Urbanismo de la Universidad de Buenos Aires (2006). Pasante de Investigaci\u00f3n en el marco de la Secretar\u00eda de Investigaciones de Ciencia y T\u00e9cnica (SICyT) de la FADU, UBA Dirigida por el Arq. Javier Garc\u00eda Cano (2003). Durante los a\u00f1os 2009-2010 curs\u00f3 Estudios de Posgrado de la Carrera de Especializaci\u00f3n de Historia y Cr\u00edtica de la Arquitectura y del Urbanismo (CEHCAU) en la FADU UBA. Desde el a\u00f1o 2004 se desempe\u00f1a como docente de Arquitectura en la FADU UBA, en las c\u00e1tedras Baudizzone, Arquitectura I (2004 a 2007) y Taller Sudam\u00e9rica, Arquitectura II (2008). Actualmente es docente de Proyecto Arquitect\u00f3nico en la c\u00e1tedra Taller Explora en la FADU UBA.<\/p>\n<p>Ha participado en numerosos Concursos P\u00fablicos Nacionales y ha obtenido los siguientes premios: Concurso Parque de la Ciudad, 1\u00b0 Premio (junto a Fernanda Frangi, Dar\u00edo L\u00f3pez, Marcelo L\u00f3pez, y Valeria Matayoshi), Concurso Internacional de Ideas Costa Central Uno de Posadas, Menci\u00f3n (junto a Roberto Busnelli, Dar\u00edo L\u00f3pez y Jos\u00e9 Ignacio Miguens), Concurso Escollera Norte Mar del Plata, 5\u00b0 Premio (junto a Roberto Busnelli, Fernanda Frangi, Marcelo L\u00f3pez y Dar\u00edo L\u00f3pez ), Concurso Nacional de Ideas para el Centro Urbano y Comercial de San Isidro, Menci\u00f3n (junto a Marcelo L\u00f3pez y Valeria Matayoshi) y Beca Arquitectura Casa Foa 2014, 1\u00b0 Premio (junto a Marysol Kraviez y Valeria Matayoshi).<\/p>\n<p>Ejerce su pr\u00e1ctica profesional en estudios de arquitectura desde el a\u00f1o 2003, interviniendo en el desarrollo de diversos proyectos: Estudio GHBF Borghini-Galatti (2004), Estudio Dujovne Hirsch &amp; Asoc (2005-2007) y Estudio Arquitectonika durante los a\u00f1os 2007 a 2014 donde se desempe\u00f1\u00f3 como proyectista en numerosos proyectos que fueron premiados e incluidos en diversas exposiciones nacionales e internacionales. Entre otros premios recibidos, Premio Iberoamericano Mejor Intervenci\u00f3n en Obras que Involucren el Patrimonio Edificado 2010 a la obra Casa Paran\u00e1 Hotel para escritores en viaje, otorgado por la SCA y el CICOP en la categor\u00eda B1-Recuperaci\u00f3n y puesta en valor (junto a Marcelo L\u00f3pez y Mariana Yabl\u00f3n). Desde el a\u00f1o 2003 participa de forma activa en diversos workshops y estudios de formaci\u00f3n teatral, danzas, y pintura. Actualmente trabaja de manera independiente, asociada a diversas oficinas de arquitectura.<\/p>\n<p><strong>Arq. Marysol Kraviez<\/strong><br \/>\nMaster en Arquitectura DIA-Bauhaus, Alemania. Estudi\u00f3 Bellas Artes en Florencia, Italia donde se destac\u00f3 como retratista (1998). Arquitecta egresada de la Universidad de Buenos Aires (2006). Mejor promedio (abanderada y diploma de honor). Master en arquitectura de la Universidad DIA-Bauhaus (Dessau, Alemania, 2011) con honores.<\/p>\n<p>Ha trabajado en diversos estudios, entre los cuales se destacan el del Arq. Clorindo Testa, el del Arq. Alfred Jacoby (Frankfurt, Alemania), el del Arq. Fran\u00e7ois Roche (R&amp;Sie(n), (Paris, Francia) y Architecture Studio (Paris, Francia). Ha obtenido diversos reconocimientos\u00a0entre los cuales cabe destacar la medalla CPAU por los logros acad\u00e9micos, haber sido seleccionada para la Bienal de arquitectura de Beijing 2010, la Beca Casa FOA 2014, y menciones en diversos concursos de arquitectura y de arte. Su obra como artista pl\u00e1stica ha expuesto en Argentina, Italia y\u00a0Francia.<\/p>\n<p>Ha dictado clases\u00a0 en destacadas universidades de Argentina, Alemania, Francia e Italia (UBA, DIA-Bauhaus, ESA, AA visiting school, Universit\u00e0 degli Studi di Sassari) en donde tambi\u00e9n ha sido invitada a dar conferencias y a ser jurado de diplomas. Adem\u00e1s de haber cursado la carrera de arquitectura, estudi\u00f3 escenograf\u00eda y dise\u00f1o de vestuario, dise\u00f1o de joyas, teatro y particip\u00f3 en diversos talleres art\u00edsticos. Actualmente, es titular en su propio estudio donde realiza proyectos propios y colabora con diversos estudios de arquitectura a la par de continuar desarrollando su actividad como artista, docente, dise\u00f1adora y escritora.<\/p>\n<p><strong>Arq. Valeria Matayoshi<\/strong><br \/>\nArquitecta egresada de la Facultad de Arquitectura, Dise\u00f1o y Urbanismo de la Universidad de Buenos Aires (2004). Obtuvo la Beca de JICA (Japan International Cooperation Agency) 2006-2007 para trabajar en estudios de arquitectura de la ciudad de Tokio. Durante 2009-2010 curs\u00f3 estudios de posgrado en Arquitectura y tecnolog\u00eda de la Universidad Torcuato Di Tella. En 2001-2012 curs\u00f3 Carrera Docente en la Universidad de Buenos Aires.<\/p>\n<p>Desde el a\u00f1o 2004 se desempe\u00f1a como Docente e investigadora en la FADU-UBA. Actualmente desarrolla en esta universidad una investigaci\u00f3n sobre mecanismos de maximizaci\u00f3n espacial en Jap\u00f3n y su posible interpretaci\u00f3n al marco local. De forma individual investiga sobre la herencia Japonesa en la ciudad de Buenos Aires. Ha dictado clases en destacadas universidades de Argentina, Universidad de Buenos Aires, Torcuato Ditella, Universidad de Palermo en donde tambi\u00e9n ha sido invitada a dar conferencias y a ser\u00a0jurado.<\/p>\n<p>Ha participado en numerosos Concursos nacionales e internacionales y ha obtenido los siguientes premios: 3\u00b0 Premio en el Concurso \u00abReinterpretando un mueble de \u00e9poca\u00bb, Museo de Arte Decorativo, 1\u00ba premio Concurso Parque de la Ciudad (junto a Fernanda Frangi, Dar\u00edo L\u00f3pez, Marcelo L\u00f3pez y Alexia Barousse), Finalista del Concurso Internacional \u00abHolocaust Memorial\u00bb de Atlantic City integrando el equipo de Silver Rabbit Concurso Nacional de Ideas para el Centro Urbano y Comercial de San Isidro, Menci\u00f3n (junto a Marcelo L\u00f3pez y Alexia Barousse) y Beca Arquitectura Casa Foa 2014, 1\u00b0 Premio (junto a Marysol Kraviez y Alexia Barousse).<\/p>\n<p>Trabaj\u00f3 desde 2004 en diversos estudios, entre los que se puede mencionar: G3-elepe, Baudizzone-Lestard. Asimismo, interesada por la arquitectura japonesa trabaj\u00f3 becada en los estudios de Atelier Bow-wow (Tokio, Jap\u00f3n), Shigeru Ban architects (Tokio, Jap\u00f3n). Desde 2008 es titular de su propio estudio llamado Estudio MA, donde realiza proyectos propios y asociada a otros dise\u00f1adores y arquitectos. Tambi\u00e9n desde 2008, es columnista de arquitectura Japonesa en el programa radial \u00abJap\u00f3n hoy\u00bb. Su trabajo ha sido publicado en diversos medios entre los que es destacan Revista SUMMA+ (2009) y Revista CPAU Consejo Profesional de Arquitectura (2012).<\/p>\n<p>Su emprendimiento laboratorio de papel, difunde proyectos con este material y dise\u00f1a mobiliario en papel plegado (origami). Tambi\u00e9n curs\u00f3 el taller de carpinter\u00eda con DI Gonzalo Arbutti. Realiz\u00f3 varios cursos de creatividad, comunicaci\u00f3n y emprendedorismo. Actualmente trabaja como redactora en la Revista SUMMA+ y contin\u00faa el desarrollo de su estudio.<\/p>\n\n<div style=\"font-size: 0px; height: 0px; line-height: 0px; margin: 0; padding: 0; clear: both;\"><\/div><div style=\"margin-top: 0px; margin-bottom: 0px;\" class=\"sharethis-inline-share-buttons\" ><\/div>","protected":false},"excerpt":{"rendered":"<p>Anemoi es la soluci\u00f3n innovadora, sustentable y flexible basada en una investigaci\u00f3n&#8230;<\/p>\n","protected":false},"author":1,"featured_media":10024,"comment_status":"closed","ping_status":"closed","sticky":false,"template":"","format":"standard","meta":{"_uag_custom_page_level_css":"","footnotes":""},"categories":[2680,55],"tags":[2287,2684,2284,2685,2066,3524,37,1697,1401,2681,2285,1712,2286],"class_list":["post-10023","post","type-post","status-publish","format-standard","has-post-thumbnail","hentry","category-casa-foa-2014","category-diseno","tag-alexia-barousse","tag-anemoi","tag-beca-casa-foa","tag-bkm-bureau-de-arquitectura","tag-casa-foa","tag-casa-foa-2014","tag-decoracion","tag-diseno-de-interiores","tag-foa","tag-la-abadia","tag-marysol-kraviez","tag-studio","tag-valeria-matayoshi","generate-columns","tablet-grid-50","mobile-grid-100","grid-parent","grid-50"],"yoast_head":"<!-- This site is optimized with the Yoast SEO plugin v27.3 - https:\/\/yoast.com\/product\/yoast-seo-wordpress\/ -->\n<title>Studio (Espacio 37 Casa FOA 2014) \/ BKM Bureau de Arquitectura - Arquimaster<\/title>\n<meta name=\"robots\" content=\"index, follow, max-snippet:-1, max-image-preview:large, max-video-preview:-1\" \/>\n<link rel=\"canonical\" href=\"https:\/\/www.arquimaster.com.ar\/web\/studio-espacio-37-casa-foa-2014-bkm-bureau-de-arquitectura\/\" \/>\n<meta property=\"og:locale\" content=\"es_ES\" \/>\n<meta property=\"og:type\" content=\"article\" \/>\n<meta property=\"og:title\" content=\"Studio (Espacio 37 Casa FOA 2014) \/ BKM Bureau de Arquitectura - Arquimaster\" \/>\n<meta property=\"og:description\" content=\"Anemoi es la soluci\u00f3n innovadora, sustentable y flexible basada en una investigaci\u00f3n...\" \/>\n<meta property=\"og:url\" content=\"https:\/\/www.arquimaster.com.ar\/web\/studio-espacio-37-casa-foa-2014-bkm-bureau-de-arquitectura\/\" \/>\n<meta property=\"og:site_name\" content=\"Arquimaster\" \/>\n<meta property=\"article:publisher\" content=\"http:\/\/www.facebook.com\/ARQUIMASTER.com.ar\" \/>\n<meta property=\"article:published_time\" content=\"2014-10-07T23:38:38+00:00\" \/>\n<meta property=\"article:modified_time\" content=\"2014-10-12T21:51:37+00:00\" \/>\n<meta property=\"og:image\" content=\"https:\/\/www.arquimaster.com.ar\/web\/wp-content\/uploads\/2014\/10\/espacio13_casafoa2014_slide1.jpg\" \/>\n\t<meta property=\"og:image:width\" content=\"642\" \/>\n\t<meta property=\"og:image:height\" content=\"336\" \/>\n\t<meta property=\"og:image:type\" content=\"image\/jpeg\" \/>\n<meta name=\"author\" content=\"Arquimaster\" \/>\n<meta name=\"twitter:card\" content=\"summary_large_image\" \/>\n<meta name=\"twitter:creator\" content=\"@arquimaster\" \/>\n<meta name=\"twitter:site\" content=\"@arquimaster\" \/>\n<meta name=\"twitter:label1\" content=\"Escrito por\" \/>\n\t<meta name=\"twitter:data1\" content=\"Arquimaster\" \/>\n\t<meta name=\"twitter:label2\" content=\"Tiempo de lectura\" \/>\n\t<meta name=\"twitter:data2\" content=\"7 minutos\" \/>\n<script type=\"application\/ld+json\" class=\"yoast-schema-graph\">{\"@context\":\"https:\\\/\\\/schema.org\",\"@graph\":[{\"@type\":\"Article\",\"@id\":\"https:\\\/\\\/www.arquimaster.com.ar\\\/web\\\/studio-espacio-37-casa-foa-2014-bkm-bureau-de-arquitectura\\\/#article\",\"isPartOf\":{\"@id\":\"https:\\\/\\\/www.arquimaster.com.ar\\\/web\\\/studio-espacio-37-casa-foa-2014-bkm-bureau-de-arquitectura\\\/\"},\"author\":{\"name\":\"Arquimaster\",\"@id\":\"https:\\\/\\\/www.arquimaster.com.ar\\\/web\\\/#\\\/schema\\\/person\\\/359e9f7c00193fcde068e0dd2ceb0028\"},\"headline\":\"Studio (Espacio 37 Casa FOA 2014) \\\/ BKM Bureau de Arquitectura\",\"datePublished\":\"2014-10-07T23:38:38+00:00\",\"dateModified\":\"2014-10-12T21:51:37+00:00\",\"mainEntityOfPage\":{\"@id\":\"https:\\\/\\\/www.arquimaster.com.ar\\\/web\\\/studio-espacio-37-casa-foa-2014-bkm-bureau-de-arquitectura\\\/\"},\"wordCount\":1495,\"publisher\":{\"@id\":\"https:\\\/\\\/www.arquimaster.com.ar\\\/web\\\/#organization\"},\"image\":{\"@id\":\"https:\\\/\\\/www.arquimaster.com.ar\\\/web\\\/studio-espacio-37-casa-foa-2014-bkm-bureau-de-arquitectura\\\/#primaryimage\"},\"thumbnailUrl\":\"https:\\\/\\\/www.arquimaster.com.ar\\\/web\\\/wp-content\\\/uploads\\\/2014\\\/10\\\/espacio13_casafoa2014_slide1.jpg\",\"keywords\":[\"Alexia Barousse\",\"Anemoi\",\"beca Casa FOA\",\"BKM Bureau de Arquitectura\",\"Casa FOA\",\"Casa FOA 2014\",\"decoracion\",\"dise\u00f1o de interiores\",\"FOA\",\"La Abadia\",\"Marysol Kraviez\",\"studio\",\"Valeria Matayoshi\"],\"articleSection\":[\"Casa FOA 2014\",\"Dise\u00f1o\"],\"inLanguage\":\"es\"},{\"@type\":\"WebPage\",\"@id\":\"https:\\\/\\\/www.arquimaster.com.ar\\\/web\\\/studio-espacio-37-casa-foa-2014-bkm-bureau-de-arquitectura\\\/\",\"url\":\"https:\\\/\\\/www.arquimaster.com.ar\\\/web\\\/studio-espacio-37-casa-foa-2014-bkm-bureau-de-arquitectura\\\/\",\"name\":\"Studio (Espacio 37 Casa FOA 2014) \\\/ BKM Bureau de Arquitectura - Arquimaster\",\"isPartOf\":{\"@id\":\"https:\\\/\\\/www.arquimaster.com.ar\\\/web\\\/#website\"},\"primaryImageOfPage\":{\"@id\":\"https:\\\/\\\/www.arquimaster.com.ar\\\/web\\\/studio-espacio-37-casa-foa-2014-bkm-bureau-de-arquitectura\\\/#primaryimage\"},\"image\":{\"@id\":\"https:\\\/\\\/www.arquimaster.com.ar\\\/web\\\/studio-espacio-37-casa-foa-2014-bkm-bureau-de-arquitectura\\\/#primaryimage\"},\"thumbnailUrl\":\"https:\\\/\\\/www.arquimaster.com.ar\\\/web\\\/wp-content\\\/uploads\\\/2014\\\/10\\\/espacio13_casafoa2014_slide1.jpg\",\"datePublished\":\"2014-10-07T23:38:38+00:00\",\"dateModified\":\"2014-10-12T21:51:37+00:00\",\"breadcrumb\":{\"@id\":\"https:\\\/\\\/www.arquimaster.com.ar\\\/web\\\/studio-espacio-37-casa-foa-2014-bkm-bureau-de-arquitectura\\\/#breadcrumb\"},\"inLanguage\":\"es\",\"potentialAction\":[{\"@type\":\"ReadAction\",\"target\":[\"https:\\\/\\\/www.arquimaster.com.ar\\\/web\\\/studio-espacio-37-casa-foa-2014-bkm-bureau-de-arquitectura\\\/\"]}]},{\"@type\":\"ImageObject\",\"inLanguage\":\"es\",\"@id\":\"https:\\\/\\\/www.arquimaster.com.ar\\\/web\\\/studio-espacio-37-casa-foa-2014-bkm-bureau-de-arquitectura\\\/#primaryimage\",\"url\":\"https:\\\/\\\/www.arquimaster.com.ar\\\/web\\\/wp-content\\\/uploads\\\/2014\\\/10\\\/espacio13_casafoa2014_slide1.jpg\",\"contentUrl\":\"https:\\\/\\\/www.arquimaster.com.ar\\\/web\\\/wp-content\\\/uploads\\\/2014\\\/10\\\/espacio13_casafoa2014_slide1.jpg\",\"width\":642,\"height\":336},{\"@type\":\"BreadcrumbList\",\"@id\":\"https:\\\/\\\/www.arquimaster.com.ar\\\/web\\\/studio-espacio-37-casa-foa-2014-bkm-bureau-de-arquitectura\\\/#breadcrumb\",\"itemListElement\":[{\"@type\":\"ListItem\",\"position\":1,\"name\":\"Portada\",\"item\":\"https:\\\/\\\/www.arquimaster.com.ar\\\/web\\\/\"},{\"@type\":\"ListItem\",\"position\":2,\"name\":\"Studio (Espacio 37 Casa FOA 2014) \\\/ BKM Bureau de Arquitectura\"}]},{\"@type\":\"WebSite\",\"@id\":\"https:\\\/\\\/www.arquimaster.com.ar\\\/web\\\/#website\",\"url\":\"https:\\\/\\\/www.arquimaster.com.ar\\\/web\\\/\",\"name\":\"Arquimaster\",\"description\":\"Web de arquitectura, dise\u00f1o y construccion\",\"publisher\":{\"@id\":\"https:\\\/\\\/www.arquimaster.com.ar\\\/web\\\/#organization\"},\"potentialAction\":[{\"@type\":\"SearchAction\",\"target\":{\"@type\":\"EntryPoint\",\"urlTemplate\":\"https:\\\/\\\/www.arquimaster.com.ar\\\/web\\\/?s={search_term_string}\"},\"query-input\":{\"@type\":\"PropertyValueSpecification\",\"valueRequired\":true,\"valueName\":\"search_term_string\"}}],\"inLanguage\":\"es\"},{\"@type\":\"Organization\",\"@id\":\"https:\\\/\\\/www.arquimaster.com.ar\\\/web\\\/#organization\",\"name\":\"Arquimaster\",\"url\":\"https:\\\/\\\/www.arquimaster.com.ar\\\/web\\\/\",\"logo\":{\"@type\":\"ImageObject\",\"inLanguage\":\"es\",\"@id\":\"https:\\\/\\\/www.arquimaster.com.ar\\\/web\\\/#\\\/schema\\\/logo\\\/image\\\/\",\"url\":\"https:\\\/\\\/www.arquimaster.com.ar\\\/web\\\/wp-content\\\/uploads\\\/2022\\\/06\\\/arquimaster.png\",\"contentUrl\":\"https:\\\/\\\/www.arquimaster.com.ar\\\/web\\\/wp-content\\\/uploads\\\/2022\\\/06\\\/arquimaster.png\",\"width\":594,\"height\":78,\"caption\":\"Arquimaster\"},\"image\":{\"@id\":\"https:\\\/\\\/www.arquimaster.com.ar\\\/web\\\/#\\\/schema\\\/logo\\\/image\\\/\"},\"sameAs\":[\"http:\\\/\\\/www.facebook.com\\\/ARQUIMASTER.com.ar\",\"https:\\\/\\\/x.com\\\/arquimaster\",\"https:\\\/\\\/www.instagram.com\\\/arquimasterblog\\\/\",\"https:\\\/\\\/www.linkedin.com\\\/company\\\/arquimaster\",\"https:\\\/\\\/www.pinterest.com\\\/arquimaster\",\"https:\\\/\\\/t.me\\\/arquimaster\"]},{\"@type\":\"Person\",\"@id\":\"https:\\\/\\\/www.arquimaster.com.ar\\\/web\\\/#\\\/schema\\\/person\\\/359e9f7c00193fcde068e0dd2ceb0028\",\"name\":\"Arquimaster\"}]}<\/script>\n<!-- \/ Yoast SEO plugin. -->","yoast_head_json":{"title":"Studio (Espacio 37 Casa FOA 2014) \/ BKM Bureau de Arquitectura - Arquimaster","robots":{"index":"index","follow":"follow","max-snippet":"max-snippet:-1","max-image-preview":"max-image-preview:large","max-video-preview":"max-video-preview:-1"},"canonical":"https:\/\/www.arquimaster.com.ar\/web\/studio-espacio-37-casa-foa-2014-bkm-bureau-de-arquitectura\/","og_locale":"es_ES","og_type":"article","og_title":"Studio (Espacio 37 Casa FOA 2014) \/ BKM Bureau de Arquitectura - Arquimaster","og_description":"Anemoi es la soluci\u00f3n innovadora, sustentable y flexible basada en una investigaci\u00f3n...","og_url":"https:\/\/www.arquimaster.com.ar\/web\/studio-espacio-37-casa-foa-2014-bkm-bureau-de-arquitectura\/","og_site_name":"Arquimaster","article_publisher":"http:\/\/www.facebook.com\/ARQUIMASTER.com.ar","article_published_time":"2014-10-07T23:38:38+00:00","article_modified_time":"2014-10-12T21:51:37+00:00","og_image":[{"width":642,"height":336,"url":"https:\/\/www.arquimaster.com.ar\/web\/wp-content\/uploads\/2014\/10\/espacio13_casafoa2014_slide1.jpg","type":"image\/jpeg"}],"author":"Arquimaster","twitter_card":"summary_large_image","twitter_creator":"@arquimaster","twitter_site":"@arquimaster","twitter_misc":{"Escrito por":"Arquimaster","Tiempo de lectura":"7 minutos"},"schema":{"@context":"https:\/\/schema.org","@graph":[{"@type":"Article","@id":"https:\/\/www.arquimaster.com.ar\/web\/studio-espacio-37-casa-foa-2014-bkm-bureau-de-arquitectura\/#article","isPartOf":{"@id":"https:\/\/www.arquimaster.com.ar\/web\/studio-espacio-37-casa-foa-2014-bkm-bureau-de-arquitectura\/"},"author":{"name":"Arquimaster","@id":"https:\/\/www.arquimaster.com.ar\/web\/#\/schema\/person\/359e9f7c00193fcde068e0dd2ceb0028"},"headline":"Studio (Espacio 37 Casa FOA 2014) \/ BKM Bureau de Arquitectura","datePublished":"2014-10-07T23:38:38+00:00","dateModified":"2014-10-12T21:51:37+00:00","mainEntityOfPage":{"@id":"https:\/\/www.arquimaster.com.ar\/web\/studio-espacio-37-casa-foa-2014-bkm-bureau-de-arquitectura\/"},"wordCount":1495,"publisher":{"@id":"https:\/\/www.arquimaster.com.ar\/web\/#organization"},"image":{"@id":"https:\/\/www.arquimaster.com.ar\/web\/studio-espacio-37-casa-foa-2014-bkm-bureau-de-arquitectura\/#primaryimage"},"thumbnailUrl":"https:\/\/www.arquimaster.com.ar\/web\/wp-content\/uploads\/2014\/10\/espacio13_casafoa2014_slide1.jpg","keywords":["Alexia Barousse","Anemoi","beca Casa FOA","BKM Bureau de Arquitectura","Casa FOA","Casa FOA 2014","decoracion","dise\u00f1o de interiores","FOA","La Abadia","Marysol Kraviez","studio","Valeria Matayoshi"],"articleSection":["Casa FOA 2014","Dise\u00f1o"],"inLanguage":"es"},{"@type":"WebPage","@id":"https:\/\/www.arquimaster.com.ar\/web\/studio-espacio-37-casa-foa-2014-bkm-bureau-de-arquitectura\/","url":"https:\/\/www.arquimaster.com.ar\/web\/studio-espacio-37-casa-foa-2014-bkm-bureau-de-arquitectura\/","name":"Studio (Espacio 37 Casa FOA 2014) \/ BKM Bureau de Arquitectura - Arquimaster","isPartOf":{"@id":"https:\/\/www.arquimaster.com.ar\/web\/#website"},"primaryImageOfPage":{"@id":"https:\/\/www.arquimaster.com.ar\/web\/studio-espacio-37-casa-foa-2014-bkm-bureau-de-arquitectura\/#primaryimage"},"image":{"@id":"https:\/\/www.arquimaster.com.ar\/web\/studio-espacio-37-casa-foa-2014-bkm-bureau-de-arquitectura\/#primaryimage"},"thumbnailUrl":"https:\/\/www.arquimaster.com.ar\/web\/wp-content\/uploads\/2014\/10\/espacio13_casafoa2014_slide1.jpg","datePublished":"2014-10-07T23:38:38+00:00","dateModified":"2014-10-12T21:51:37+00:00","breadcrumb":{"@id":"https:\/\/www.arquimaster.com.ar\/web\/studio-espacio-37-casa-foa-2014-bkm-bureau-de-arquitectura\/#breadcrumb"},"inLanguage":"es","potentialAction":[{"@type":"ReadAction","target":["https:\/\/www.arquimaster.com.ar\/web\/studio-espacio-37-casa-foa-2014-bkm-bureau-de-arquitectura\/"]}]},{"@type":"ImageObject","inLanguage":"es","@id":"https:\/\/www.arquimaster.com.ar\/web\/studio-espacio-37-casa-foa-2014-bkm-bureau-de-arquitectura\/#primaryimage","url":"https:\/\/www.arquimaster.com.ar\/web\/wp-content\/uploads\/2014\/10\/espacio13_casafoa2014_slide1.jpg","contentUrl":"https:\/\/www.arquimaster.com.ar\/web\/wp-content\/uploads\/2014\/10\/espacio13_casafoa2014_slide1.jpg","width":642,"height":336},{"@type":"BreadcrumbList","@id":"https:\/\/www.arquimaster.com.ar\/web\/studio-espacio-37-casa-foa-2014-bkm-bureau-de-arquitectura\/#breadcrumb","itemListElement":[{"@type":"ListItem","position":1,"name":"Portada","item":"https:\/\/www.arquimaster.com.ar\/web\/"},{"@type":"ListItem","position":2,"name":"Studio (Espacio 37 Casa FOA 2014) \/ BKM Bureau de Arquitectura"}]},{"@type":"WebSite","@id":"https:\/\/www.arquimaster.com.ar\/web\/#website","url":"https:\/\/www.arquimaster.com.ar\/web\/","name":"Arquimaster","description":"Web de arquitectura, dise\u00f1o y construccion","publisher":{"@id":"https:\/\/www.arquimaster.com.ar\/web\/#organization"},"potentialAction":[{"@type":"SearchAction","target":{"@type":"EntryPoint","urlTemplate":"https:\/\/www.arquimaster.com.ar\/web\/?s={search_term_string}"},"query-input":{"@type":"PropertyValueSpecification","valueRequired":true,"valueName":"search_term_string"}}],"inLanguage":"es"},{"@type":"Organization","@id":"https:\/\/www.arquimaster.com.ar\/web\/#organization","name":"Arquimaster","url":"https:\/\/www.arquimaster.com.ar\/web\/","logo":{"@type":"ImageObject","inLanguage":"es","@id":"https:\/\/www.arquimaster.com.ar\/web\/#\/schema\/logo\/image\/","url":"https:\/\/www.arquimaster.com.ar\/web\/wp-content\/uploads\/2022\/06\/arquimaster.png","contentUrl":"https:\/\/www.arquimaster.com.ar\/web\/wp-content\/uploads\/2022\/06\/arquimaster.png","width":594,"height":78,"caption":"Arquimaster"},"image":{"@id":"https:\/\/www.arquimaster.com.ar\/web\/#\/schema\/logo\/image\/"},"sameAs":["http:\/\/www.facebook.com\/ARQUIMASTER.com.ar","https:\/\/x.com\/arquimaster","https:\/\/www.instagram.com\/arquimasterblog\/","https:\/\/www.linkedin.com\/company\/arquimaster","https:\/\/www.pinterest.com\/arquimaster","https:\/\/t.me\/arquimaster"]},{"@type":"Person","@id":"https:\/\/www.arquimaster.com.ar\/web\/#\/schema\/person\/359e9f7c00193fcde068e0dd2ceb0028","name":"Arquimaster"}]}},"uagb_featured_image_src":{"full":["https:\/\/www.arquimaster.com.ar\/web\/wp-content\/uploads\/2014\/10\/espacio13_casafoa2014_slide1.jpg",642,336,false],"thumbnail":["https:\/\/www.arquimaster.com.ar\/web\/wp-content\/uploads\/2014\/10\/espacio13_casafoa2014_slide1-150x150.jpg",150,150,true],"medium":["https:\/\/www.arquimaster.com.ar\/web\/wp-content\/uploads\/2014\/10\/espacio13_casafoa2014_slide1-300x157.jpg",300,157,true],"medium_large":["https:\/\/www.arquimaster.com.ar\/web\/wp-content\/uploads\/2014\/10\/espacio13_casafoa2014_slide1.jpg",642,336,false],"large":["https:\/\/www.arquimaster.com.ar\/web\/wp-content\/uploads\/2014\/10\/espacio13_casafoa2014_slide1.jpg",642,336,false],"1536x1536":["https:\/\/www.arquimaster.com.ar\/web\/wp-content\/uploads\/2014\/10\/espacio13_casafoa2014_slide1.jpg",642,336,false],"2048x2048":["https:\/\/www.arquimaster.com.ar\/web\/wp-content\/uploads\/2014\/10\/espacio13_casafoa2014_slide1.jpg",642,336,false]},"uagb_author_info":{"display_name":"Arquimaster","author_link":"https:\/\/www.arquimaster.com.ar\/web\/author\/arquimaster\/"},"uagb_comment_info":0,"uagb_excerpt":"Anemoi es la soluci\u00f3n innovadora, sustentable y flexible basada en una investigaci\u00f3n...","_links":{"self":[{"href":"https:\/\/www.arquimaster.com.ar\/web\/wp-json\/wp\/v2\/posts\/10023","targetHints":{"allow":["GET"]}}],"collection":[{"href":"https:\/\/www.arquimaster.com.ar\/web\/wp-json\/wp\/v2\/posts"}],"about":[{"href":"https:\/\/www.arquimaster.com.ar\/web\/wp-json\/wp\/v2\/types\/post"}],"author":[{"embeddable":true,"href":"https:\/\/www.arquimaster.com.ar\/web\/wp-json\/wp\/v2\/users\/1"}],"replies":[{"embeddable":true,"href":"https:\/\/www.arquimaster.com.ar\/web\/wp-json\/wp\/v2\/comments?post=10023"}],"version-history":[{"count":0,"href":"https:\/\/www.arquimaster.com.ar\/web\/wp-json\/wp\/v2\/posts\/10023\/revisions"}],"wp:featuredmedia":[{"embeddable":true,"href":"https:\/\/www.arquimaster.com.ar\/web\/wp-json\/wp\/v2\/media\/10024"}],"wp:attachment":[{"href":"https:\/\/www.arquimaster.com.ar\/web\/wp-json\/wp\/v2\/media?parent=10023"}],"wp:term":[{"taxonomy":"category","embeddable":true,"href":"https:\/\/www.arquimaster.com.ar\/web\/wp-json\/wp\/v2\/categories?post=10023"},{"taxonomy":"post_tag","embeddable":true,"href":"https:\/\/www.arquimaster.com.ar\/web\/wp-json\/wp\/v2\/tags?post=10023"}],"curies":[{"name":"wp","href":"https:\/\/api.w.org\/{rel}","templated":true}]}}