{"id":10181,"date":"2014-10-10T13:00:00","date_gmt":"2014-10-10T13:00:00","guid":{"rendered":"http:\/\/www.arquimaster.com.ar\/web\/?p=10181"},"modified":"2026-03-27T19:05:30","modified_gmt":"2026-03-27T22:05:30","slug":"la-edicion-2014-de-casa-foa-abre-sus-puertas-en-la-abadia","status":"publish","type":"post","link":"https:\/\/www.arquimaster.com.ar\/web\/la-edicion-2014-de-casa-foa-abre-sus-puertas-en-la-abadia\/","title":{"rendered":"La edici\u00f3n 2014 de Casa FOA abre sus puertas en La Abad\u00eda"},"content":{"rendered":"<div style=\"margin-top: 0px; margin-bottom: 0px;\" class=\"sharethis-inline-share-buttons\" ><\/div><div class=\"b812932af2e751442846f039925109de\" data-index=\"1\" style=\"float: none; margin:25px 0 25px 0; text-align:center;\">\n<script async src=\"https:\/\/pagead2.googlesyndication.com\/pagead\/js\/adsbygoogle.js\"><\/script>\r\n<!-- Arquimaster (superior) -->\r\n<ins class=\"adsbygoogle\"\r\n     style=\"display:block\"\r\n     data-ad-client=\"ca-pub-6351072698456832\"\r\n     data-ad-slot=\"6455489680\"\r\n     data-ad-format=\"auto\"\r\n     data-full-width-responsive=\"true\"><\/ins>\r\n<script>\r\n     (adsbygoogle = window.adsbygoogle || []).push({});\r\n<\/script>\n<\/div>\n<p><strong>Casa FOA<\/strong>, la exposici\u00f3n nacional de arquitectura, industria, dise\u00f1o interior y paisajismo a beneficio de la Fundaci\u00f3n Oftalmol\u00f3gica Argentina Jorge Malbran, permanecer\u00e1 abierta<strong> desde el 10 de octubre al 16 de noviembre<\/strong> de 2014 en <strong>La Abad\u00eda<\/strong>, ubicada en la calle Gorostiaga 1908 y Luis Maria Campos, Ciudad de Buenos Aires.<\/p>\n<div id='gallery-1' class='gallery galleryid-10181 gallery-columns-3 gallery-size-thumbnail'><figure class='gallery-item'>\n\t\t\t<div class='gallery-icon landscape'>\n\t\t\t\t<a href='https:\/\/www.arquimaster.com.ar\/web\/wp-content\/uploads\/2014\/10\/abrio_casa_foa_2014_1.jpg' title=\"La edici\u00f3n 2014 de Casa FOA abre sus puertas en La Abad\u00eda\" data-rl_title=\"La edici\u00f3n 2014 de Casa FOA abre sus puertas en La Abad\u00eda\" class=\"rl-gallery-link\" data-rl_caption=\"La edici\u00f3n 2014 de Casa FOA abre sus puertas en La Abad\u00eda\" data-rel=\"lightbox-gallery-1\"><img loading=\"lazy\" decoding=\"async\" width=\"150\" height=\"150\" src=\"https:\/\/www.arquimaster.com.ar\/web\/wp-content\/uploads\/2014\/10\/abrio_casa_foa_2014_1-150x150.jpg\" class=\"attachment-thumbnail size-thumbnail\" alt=\"\" aria-describedby=\"gallery-1-10183\" srcset=\"https:\/\/www.arquimaster.com.ar\/web\/wp-content\/uploads\/2014\/10\/abrio_casa_foa_2014_1-150x150.jpg 150w, https:\/\/www.arquimaster.com.ar\/web\/wp-content\/uploads\/2014\/10\/abrio_casa_foa_2014_1-50x50.jpg 50w, https:\/\/www.arquimaster.com.ar\/web\/wp-content\/uploads\/2014\/10\/abrio_casa_foa_2014_1-125x125.jpg 125w\" sizes=\"auto, (max-width: 150px) 100vw, 150px\" \/><\/a>\n\t\t\t<\/div>\n\t\t\t\t<figcaption class='wp-caption-text gallery-caption' id='gallery-1-10183'>\n\t\t\t\tLa edici\u00f3n 2014 de Casa FOA abre sus puertas en La Abad\u00eda\n\t\t\t\t<\/figcaption><\/figure><figure class='gallery-item'>\n\t\t\t<div class='gallery-icon landscape'>\n\t\t\t\t<a href='https:\/\/www.arquimaster.com.ar\/web\/wp-content\/uploads\/2014\/10\/abrio_casa_foa_2014_2.jpg' title=\"La edici\u00f3n 2014 de Casa FOA abre sus puertas en La Abad\u00eda\" data-rl_title=\"La edici\u00f3n 2014 de Casa FOA abre sus puertas en La Abad\u00eda\" class=\"rl-gallery-link\" data-rl_caption=\"La edici\u00f3n 2014 de Casa FOA abre sus puertas en La Abad\u00eda\" data-rel=\"lightbox-gallery-1\"><img loading=\"lazy\" decoding=\"async\" width=\"150\" height=\"150\" src=\"https:\/\/www.arquimaster.com.ar\/web\/wp-content\/uploads\/2014\/10\/abrio_casa_foa_2014_2-150x150.jpg\" class=\"attachment-thumbnail size-thumbnail\" alt=\"\" aria-describedby=\"gallery-1-10184\" srcset=\"https:\/\/www.arquimaster.com.ar\/web\/wp-content\/uploads\/2014\/10\/abrio_casa_foa_2014_2-150x150.jpg 150w, https:\/\/www.arquimaster.com.ar\/web\/wp-content\/uploads\/2014\/10\/abrio_casa_foa_2014_2-50x50.jpg 50w, https:\/\/www.arquimaster.com.ar\/web\/wp-content\/uploads\/2014\/10\/abrio_casa_foa_2014_2-125x125.jpg 125w\" sizes=\"auto, (max-width: 150px) 100vw, 150px\" \/><\/a>\n\t\t\t<\/div>\n\t\t\t\t<figcaption class='wp-caption-text gallery-caption' id='gallery-1-10184'>\n\t\t\t\tLa edici\u00f3n 2014 de Casa FOA abre sus puertas en La Abad\u00eda\n\t\t\t\t<\/figcaption><\/figure><figure class='gallery-item'>\n\t\t\t<div class='gallery-icon portrait'>\n\t\t\t\t<a href='https:\/\/www.arquimaster.com.ar\/web\/wp-content\/uploads\/2014\/10\/abrio_casa_foa_2014_3.jpg' title=\"La edici\u00f3n 2014 de Casa FOA abre sus puertas en La Abad\u00eda\" data-rl_title=\"La edici\u00f3n 2014 de Casa FOA abre sus puertas en La Abad\u00eda\" class=\"rl-gallery-link\" data-rl_caption=\"La edici\u00f3n 2014 de Casa FOA abre sus puertas en La Abad\u00eda\" data-rel=\"lightbox-gallery-1\"><img loading=\"lazy\" decoding=\"async\" width=\"150\" height=\"150\" src=\"https:\/\/www.arquimaster.com.ar\/web\/wp-content\/uploads\/2014\/10\/abrio_casa_foa_2014_3-150x150.jpg\" class=\"attachment-thumbnail size-thumbnail\" alt=\"\" aria-describedby=\"gallery-1-10185\" srcset=\"https:\/\/www.arquimaster.com.ar\/web\/wp-content\/uploads\/2014\/10\/abrio_casa_foa_2014_3-150x150.jpg 150w, https:\/\/www.arquimaster.com.ar\/web\/wp-content\/uploads\/2014\/10\/abrio_casa_foa_2014_3-50x50.jpg 50w, https:\/\/www.arquimaster.com.ar\/web\/wp-content\/uploads\/2014\/10\/abrio_casa_foa_2014_3-125x125.jpg 125w\" sizes=\"auto, (max-width: 150px) 100vw, 150px\" \/><\/a>\n\t\t\t<\/div>\n\t\t\t\t<figcaption class='wp-caption-text gallery-caption' id='gallery-1-10185'>\n\t\t\t\tLa edici\u00f3n 2014 de Casa FOA abre sus puertas en La Abad\u00eda\n\t\t\t\t<\/figcaption><\/figure><figure class='gallery-item'>\n\t\t\t<div class='gallery-icon portrait'>\n\t\t\t\t<a href='https:\/\/www.arquimaster.com.ar\/web\/wp-content\/uploads\/2014\/10\/abrio_casa_foa_2014_4.jpg' title=\"La edici\u00f3n 2014 de Casa FOA abre sus puertas en La Abad\u00eda\" data-rl_title=\"La edici\u00f3n 2014 de Casa FOA abre sus puertas en La Abad\u00eda\" class=\"rl-gallery-link\" data-rl_caption=\"La edici\u00f3n 2014 de Casa FOA abre sus puertas en La Abad\u00eda\" data-rel=\"lightbox-gallery-1\"><img loading=\"lazy\" decoding=\"async\" width=\"150\" height=\"150\" src=\"https:\/\/www.arquimaster.com.ar\/web\/wp-content\/uploads\/2014\/10\/abrio_casa_foa_2014_4-150x150.jpg\" class=\"attachment-thumbnail size-thumbnail\" alt=\"\" aria-describedby=\"gallery-1-10186\" srcset=\"https:\/\/www.arquimaster.com.ar\/web\/wp-content\/uploads\/2014\/10\/abrio_casa_foa_2014_4-150x150.jpg 150w, https:\/\/www.arquimaster.com.ar\/web\/wp-content\/uploads\/2014\/10\/abrio_casa_foa_2014_4-50x50.jpg 50w, https:\/\/www.arquimaster.com.ar\/web\/wp-content\/uploads\/2014\/10\/abrio_casa_foa_2014_4-125x125.jpg 125w\" sizes=\"auto, (max-width: 150px) 100vw, 150px\" \/><\/a>\n\t\t\t<\/div>\n\t\t\t\t<figcaption class='wp-caption-text gallery-caption' id='gallery-1-10186'>\n\t\t\t\tLa edici\u00f3n 2014 de Casa FOA abre sus puertas en La Abad\u00eda\n\t\t\t\t<\/figcaption><\/figure><figure class='gallery-item'>\n\t\t\t<div class='gallery-icon portrait'>\n\t\t\t\t<a href='https:\/\/www.arquimaster.com.ar\/web\/wp-content\/uploads\/2014\/10\/abrio_casa_foa_2014_5.jpg' title=\"La edici\u00f3n 2014 de Casa FOA abre sus puertas en La Abad\u00eda\" data-rl_title=\"La edici\u00f3n 2014 de Casa FOA abre sus puertas en La Abad\u00eda\" class=\"rl-gallery-link\" data-rl_caption=\"La edici\u00f3n 2014 de Casa FOA abre sus puertas en La Abad\u00eda\" data-rel=\"lightbox-gallery-1\"><img loading=\"lazy\" decoding=\"async\" width=\"150\" height=\"150\" src=\"https:\/\/www.arquimaster.com.ar\/web\/wp-content\/uploads\/2014\/10\/abrio_casa_foa_2014_5-150x150.jpg\" class=\"attachment-thumbnail size-thumbnail\" alt=\"\" aria-describedby=\"gallery-1-10187\" srcset=\"https:\/\/www.arquimaster.com.ar\/web\/wp-content\/uploads\/2014\/10\/abrio_casa_foa_2014_5-150x150.jpg 150w, https:\/\/www.arquimaster.com.ar\/web\/wp-content\/uploads\/2014\/10\/abrio_casa_foa_2014_5-50x50.jpg 50w, https:\/\/www.arquimaster.com.ar\/web\/wp-content\/uploads\/2014\/10\/abrio_casa_foa_2014_5-125x125.jpg 125w\" sizes=\"auto, (max-width: 150px) 100vw, 150px\" \/><\/a>\n\t\t\t<\/div>\n\t\t\t\t<figcaption class='wp-caption-text gallery-caption' id='gallery-1-10187'>\n\t\t\t\tLa edici\u00f3n 2014 de Casa FOA abre sus puertas en La Abad\u00eda\n\t\t\t\t<\/figcaption><\/figure><figure class='gallery-item'>\n\t\t\t<div class='gallery-icon landscape'>\n\t\t\t\t<a href='https:\/\/www.arquimaster.com.ar\/web\/wp-content\/uploads\/2014\/10\/abrio_casa_foa_2014_7.jpg' title=\"La edici\u00f3n 2014 de Casa FOA abre sus puertas en La Abad\u00eda\" data-rl_title=\"La edici\u00f3n 2014 de Casa FOA abre sus puertas en La Abad\u00eda\" class=\"rl-gallery-link\" data-rl_caption=\"La edici\u00f3n 2014 de Casa FOA abre sus puertas en La Abad\u00eda\" data-rel=\"lightbox-gallery-1\"><img loading=\"lazy\" decoding=\"async\" width=\"150\" height=\"150\" src=\"https:\/\/www.arquimaster.com.ar\/web\/wp-content\/uploads\/2014\/10\/abrio_casa_foa_2014_7-150x150.jpg\" class=\"attachment-thumbnail size-thumbnail\" alt=\"\" aria-describedby=\"gallery-1-10189\" srcset=\"https:\/\/www.arquimaster.com.ar\/web\/wp-content\/uploads\/2014\/10\/abrio_casa_foa_2014_7-150x150.jpg 150w, https:\/\/www.arquimaster.com.ar\/web\/wp-content\/uploads\/2014\/10\/abrio_casa_foa_2014_7-50x50.jpg 50w, https:\/\/www.arquimaster.com.ar\/web\/wp-content\/uploads\/2014\/10\/abrio_casa_foa_2014_7-125x125.jpg 125w\" sizes=\"auto, (max-width: 150px) 100vw, 150px\" \/><\/a>\n\t\t\t<\/div>\n\t\t\t\t<figcaption class='wp-caption-text gallery-caption' id='gallery-1-10189'>\n\t\t\t\tLa edici\u00f3n 2014 de Casa FOA abre sus puertas en La Abad\u00eda\n\t\t\t\t<\/figcaption><\/figure><figure class='gallery-item'>\n\t\t\t<div class='gallery-icon landscape'>\n\t\t\t\t<a href='https:\/\/www.arquimaster.com.ar\/web\/wp-content\/uploads\/2014\/10\/abrio_casa_foa_2014_9.jpg' title=\"La edici\u00f3n 2014 de Casa FOA abre sus puertas en La Abad\u00eda\" data-rl_title=\"La edici\u00f3n 2014 de Casa FOA abre sus puertas en La Abad\u00eda\" class=\"rl-gallery-link\" data-rl_caption=\"La edici\u00f3n 2014 de Casa FOA abre sus puertas en La Abad\u00eda\" data-rel=\"lightbox-gallery-1\"><img loading=\"lazy\" decoding=\"async\" width=\"150\" height=\"150\" src=\"https:\/\/www.arquimaster.com.ar\/web\/wp-content\/uploads\/2014\/10\/abrio_casa_foa_2014_9-150x150.jpg\" class=\"attachment-thumbnail size-thumbnail\" alt=\"\" aria-describedby=\"gallery-1-10191\" srcset=\"https:\/\/www.arquimaster.com.ar\/web\/wp-content\/uploads\/2014\/10\/abrio_casa_foa_2014_9-150x150.jpg 150w, https:\/\/www.arquimaster.com.ar\/web\/wp-content\/uploads\/2014\/10\/abrio_casa_foa_2014_9-50x50.jpg 50w, https:\/\/www.arquimaster.com.ar\/web\/wp-content\/uploads\/2014\/10\/abrio_casa_foa_2014_9-125x125.jpg 125w\" sizes=\"auto, (max-width: 150px) 100vw, 150px\" \/><\/a>\n\t\t\t<\/div>\n\t\t\t\t<figcaption class='wp-caption-text gallery-caption' id='gallery-1-10191'>\n\t\t\t\tLa edici\u00f3n 2014 de Casa FOA abre sus puertas en La Abad\u00eda\n\t\t\t\t<\/figcaption><\/figure><figure class='gallery-item'>\n\t\t\t<div class='gallery-icon landscape'>\n\t\t\t\t<a href='https:\/\/www.arquimaster.com.ar\/web\/wp-content\/uploads\/2014\/10\/abrio_casa_foa_2014_6.jpg' title=\"La edici\u00f3n 2014 de Casa FOA abre sus puertas en La Abad\u00eda\" data-rl_title=\"La edici\u00f3n 2014 de Casa FOA abre sus puertas en La Abad\u00eda\" class=\"rl-gallery-link\" data-rl_caption=\"La edici\u00f3n 2014 de Casa FOA abre sus puertas en La Abad\u00eda\" data-rel=\"lightbox-gallery-1\"><img loading=\"lazy\" decoding=\"async\" width=\"150\" height=\"150\" src=\"https:\/\/www.arquimaster.com.ar\/web\/wp-content\/uploads\/2014\/10\/abrio_casa_foa_2014_6-150x150.jpg\" class=\"attachment-thumbnail size-thumbnail\" alt=\"\" aria-describedby=\"gallery-1-10188\" srcset=\"https:\/\/www.arquimaster.com.ar\/web\/wp-content\/uploads\/2014\/10\/abrio_casa_foa_2014_6-150x150.jpg 150w, https:\/\/www.arquimaster.com.ar\/web\/wp-content\/uploads\/2014\/10\/abrio_casa_foa_2014_6-50x50.jpg 50w, https:\/\/www.arquimaster.com.ar\/web\/wp-content\/uploads\/2014\/10\/abrio_casa_foa_2014_6-125x125.jpg 125w\" sizes=\"auto, (max-width: 150px) 100vw, 150px\" \/><\/a>\n\t\t\t<\/div>\n\t\t\t\t<figcaption class='wp-caption-text gallery-caption' id='gallery-1-10188'>\n\t\t\t\tLa edici\u00f3n 2014 de Casa FOA abre sus puertas en La Abad\u00eda\n\t\t\t\t<\/figcaption><\/figure><figure class='gallery-item'>\n\t\t\t<div class='gallery-icon landscape'>\n\t\t\t\t<a href='https:\/\/www.arquimaster.com.ar\/web\/wp-content\/uploads\/2014\/10\/abrio_casa_foa_2014_8.jpg' title=\"La edici\u00f3n 2014 de Casa FOA abre sus puertas en La Abad\u00eda\" data-rl_title=\"La edici\u00f3n 2014 de Casa FOA abre sus puertas en La Abad\u00eda\" class=\"rl-gallery-link\" data-rl_caption=\"La edici\u00f3n 2014 de Casa FOA abre sus puertas en La Abad\u00eda\" data-rel=\"lightbox-gallery-1\"><img loading=\"lazy\" decoding=\"async\" width=\"150\" height=\"150\" src=\"https:\/\/www.arquimaster.com.ar\/web\/wp-content\/uploads\/2014\/10\/abrio_casa_foa_2014_8-150x150.jpg\" class=\"attachment-thumbnail size-thumbnail\" alt=\"\" aria-describedby=\"gallery-1-10190\" srcset=\"https:\/\/www.arquimaster.com.ar\/web\/wp-content\/uploads\/2014\/10\/abrio_casa_foa_2014_8-150x150.jpg 150w, https:\/\/www.arquimaster.com.ar\/web\/wp-content\/uploads\/2014\/10\/abrio_casa_foa_2014_8-50x50.jpg 50w, https:\/\/www.arquimaster.com.ar\/web\/wp-content\/uploads\/2014\/10\/abrio_casa_foa_2014_8-125x125.jpg 125w\" sizes=\"auto, (max-width: 150px) 100vw, 150px\" \/><\/a>\n\t\t\t<\/div>\n\t\t\t\t<figcaption class='wp-caption-text gallery-caption' id='gallery-1-10190'>\n\t\t\t\tLa edici\u00f3n 2014 de Casa FOA abre sus puertas en La Abad\u00eda\n\t\t\t\t<\/figcaption><\/figure><figure class='gallery-item'>\n\t\t\t<div class='gallery-icon portrait'>\n\t\t\t\t<a href='https:\/\/www.arquimaster.com.ar\/web\/wp-content\/uploads\/2014\/10\/abrio_casa_foa_2014_10.jpg' title=\"La edici\u00f3n 2014 de Casa FOA abre sus puertas en La Abad\u00eda\" data-rl_title=\"La edici\u00f3n 2014 de Casa FOA abre sus puertas en La Abad\u00eda\" class=\"rl-gallery-link\" data-rl_caption=\"La edici\u00f3n 2014 de Casa FOA abre sus puertas en La Abad\u00eda\" data-rel=\"lightbox-gallery-1\"><img loading=\"lazy\" decoding=\"async\" width=\"150\" height=\"150\" src=\"https:\/\/www.arquimaster.com.ar\/web\/wp-content\/uploads\/2014\/10\/abrio_casa_foa_2014_10-150x150.jpg\" class=\"attachment-thumbnail size-thumbnail\" alt=\"\" aria-describedby=\"gallery-1-10192\" srcset=\"https:\/\/www.arquimaster.com.ar\/web\/wp-content\/uploads\/2014\/10\/abrio_casa_foa_2014_10-150x150.jpg 150w, https:\/\/www.arquimaster.com.ar\/web\/wp-content\/uploads\/2014\/10\/abrio_casa_foa_2014_10-50x50.jpg 50w, https:\/\/www.arquimaster.com.ar\/web\/wp-content\/uploads\/2014\/10\/abrio_casa_foa_2014_10-125x125.jpg 125w\" sizes=\"auto, (max-width: 150px) 100vw, 150px\" \/><\/a>\n\t\t\t<\/div>\n\t\t\t\t<figcaption class='wp-caption-text gallery-caption' id='gallery-1-10192'>\n\t\t\t\tLa edici\u00f3n 2014 de Casa FOA abre sus puertas en La Abad\u00eda\n\t\t\t\t<\/figcaption><\/figure><figure class='gallery-item'>\n\t\t\t<div class='gallery-icon portrait'>\n\t\t\t\t<a href='https:\/\/www.arquimaster.com.ar\/web\/wp-content\/uploads\/2014\/10\/abrio_casa_foa_2014_11.jpg' title=\"La edici\u00f3n 2014 de Casa FOA abre sus puertas en La Abad\u00eda\" data-rl_title=\"La edici\u00f3n 2014 de Casa FOA abre sus puertas en La Abad\u00eda\" class=\"rl-gallery-link\" data-rl_caption=\"La edici\u00f3n 2014 de Casa FOA abre sus puertas en La Abad\u00eda\" data-rel=\"lightbox-gallery-1\"><img loading=\"lazy\" decoding=\"async\" width=\"150\" height=\"150\" src=\"https:\/\/www.arquimaster.com.ar\/web\/wp-content\/uploads\/2014\/10\/abrio_casa_foa_2014_11-150x150.jpg\" class=\"attachment-thumbnail size-thumbnail\" alt=\"\" aria-describedby=\"gallery-1-10193\" srcset=\"https:\/\/www.arquimaster.com.ar\/web\/wp-content\/uploads\/2014\/10\/abrio_casa_foa_2014_11-150x150.jpg 150w, https:\/\/www.arquimaster.com.ar\/web\/wp-content\/uploads\/2014\/10\/abrio_casa_foa_2014_11-50x50.jpg 50w, https:\/\/www.arquimaster.com.ar\/web\/wp-content\/uploads\/2014\/10\/abrio_casa_foa_2014_11-125x125.jpg 125w\" sizes=\"auto, (max-width: 150px) 100vw, 150px\" \/><\/a>\n\t\t\t<\/div>\n\t\t\t\t<figcaption class='wp-caption-text gallery-caption' id='gallery-1-10193'>\n\t\t\t\tLa edici\u00f3n 2014 de Casa FOA abre sus puertas en La Abad\u00eda\n\t\t\t\t<\/figcaption><\/figure><figure class='gallery-item'>\n\t\t\t<div class='gallery-icon landscape'>\n\t\t\t\t<a href='https:\/\/www.arquimaster.com.ar\/web\/wp-content\/uploads\/2014\/10\/abrio_casa_foa_2014_12.jpg' title=\"La edici\u00f3n 2014 de Casa FOA abre sus puertas en La Abad\u00eda\" data-rl_title=\"La edici\u00f3n 2014 de Casa FOA abre sus puertas en La Abad\u00eda\" class=\"rl-gallery-link\" data-rl_caption=\"La edici\u00f3n 2014 de Casa FOA abre sus puertas en La Abad\u00eda\" data-rel=\"lightbox-gallery-1\"><img loading=\"lazy\" decoding=\"async\" width=\"150\" height=\"150\" src=\"https:\/\/www.arquimaster.com.ar\/web\/wp-content\/uploads\/2014\/10\/abrio_casa_foa_2014_12-150x150.jpg\" class=\"attachment-thumbnail size-thumbnail\" alt=\"\" aria-describedby=\"gallery-1-10194\" srcset=\"https:\/\/www.arquimaster.com.ar\/web\/wp-content\/uploads\/2014\/10\/abrio_casa_foa_2014_12-150x150.jpg 150w, https:\/\/www.arquimaster.com.ar\/web\/wp-content\/uploads\/2014\/10\/abrio_casa_foa_2014_12-50x50.jpg 50w, https:\/\/www.arquimaster.com.ar\/web\/wp-content\/uploads\/2014\/10\/abrio_casa_foa_2014_12-125x125.jpg 125w\" sizes=\"auto, (max-width: 150px) 100vw, 150px\" \/><\/a>\n\t\t\t<\/div>\n\t\t\t\t<figcaption class='wp-caption-text gallery-caption' id='gallery-1-10194'>\n\t\t\t\tLa edici\u00f3n 2014 de Casa FOA abre sus puertas en La Abad\u00eda\n\t\t\t\t<\/figcaption><\/figure><figure class='gallery-item'>\n\t\t\t<div class='gallery-icon portrait'>\n\t\t\t\t<a href='https:\/\/www.arquimaster.com.ar\/web\/wp-content\/uploads\/2014\/10\/abrio_casa_foa_2014_13.jpg' title=\"La edici\u00f3n 2014 de Casa FOA abre sus puertas en La Abad\u00eda\" data-rl_title=\"La edici\u00f3n 2014 de Casa FOA abre sus puertas en La Abad\u00eda\" class=\"rl-gallery-link\" data-rl_caption=\"La edici\u00f3n 2014 de Casa FOA abre sus puertas en La Abad\u00eda\" data-rel=\"lightbox-gallery-1\"><img loading=\"lazy\" decoding=\"async\" width=\"150\" height=\"150\" src=\"https:\/\/www.arquimaster.com.ar\/web\/wp-content\/uploads\/2014\/10\/abrio_casa_foa_2014_13-150x150.jpg\" class=\"attachment-thumbnail size-thumbnail\" alt=\"\" aria-describedby=\"gallery-1-10195\" srcset=\"https:\/\/www.arquimaster.com.ar\/web\/wp-content\/uploads\/2014\/10\/abrio_casa_foa_2014_13-150x150.jpg 150w, https:\/\/www.arquimaster.com.ar\/web\/wp-content\/uploads\/2014\/10\/abrio_casa_foa_2014_13-50x50.jpg 50w, https:\/\/www.arquimaster.com.ar\/web\/wp-content\/uploads\/2014\/10\/abrio_casa_foa_2014_13-125x125.jpg 125w\" sizes=\"auto, (max-width: 150px) 100vw, 150px\" \/><\/a>\n\t\t\t<\/div>\n\t\t\t\t<figcaption class='wp-caption-text gallery-caption' id='gallery-1-10195'>\n\t\t\t\tLa edici\u00f3n 2014 de Casa FOA abre sus puertas en La Abad\u00eda\n\t\t\t\t<\/figcaption><\/figure><figure class='gallery-item'>\n\t\t\t<div class='gallery-icon portrait'>\n\t\t\t\t<a href='https:\/\/www.arquimaster.com.ar\/web\/wp-content\/uploads\/2014\/10\/abrio_casa_foa_2014_14.jpg' title=\"La edici\u00f3n 2014 de Casa FOA abre sus puertas en La Abad\u00eda\" data-rl_title=\"La edici\u00f3n 2014 de Casa FOA abre sus puertas en La Abad\u00eda\" class=\"rl-gallery-link\" data-rl_caption=\"La edici\u00f3n 2014 de Casa FOA abre sus puertas en La Abad\u00eda\" data-rel=\"lightbox-gallery-1\"><img loading=\"lazy\" decoding=\"async\" width=\"150\" height=\"150\" src=\"https:\/\/www.arquimaster.com.ar\/web\/wp-content\/uploads\/2014\/10\/abrio_casa_foa_2014_14-150x150.jpg\" class=\"attachment-thumbnail size-thumbnail\" alt=\"\" aria-describedby=\"gallery-1-10196\" srcset=\"https:\/\/www.arquimaster.com.ar\/web\/wp-content\/uploads\/2014\/10\/abrio_casa_foa_2014_14-150x150.jpg 150w, https:\/\/www.arquimaster.com.ar\/web\/wp-content\/uploads\/2014\/10\/abrio_casa_foa_2014_14-50x50.jpg 50w, https:\/\/www.arquimaster.com.ar\/web\/wp-content\/uploads\/2014\/10\/abrio_casa_foa_2014_14-125x125.jpg 125w\" sizes=\"auto, (max-width: 150px) 100vw, 150px\" \/><\/a>\n\t\t\t<\/div>\n\t\t\t\t<figcaption class='wp-caption-text gallery-caption' id='gallery-1-10196'>\n\t\t\t\tLa edici\u00f3n 2014 de Casa FOA abre sus puertas en La Abad\u00eda\n\t\t\t\t<\/figcaption><\/figure><figure class='gallery-item'>\n\t\t\t<div class='gallery-icon portrait'>\n\t\t\t\t<a href='https:\/\/www.arquimaster.com.ar\/web\/wp-content\/uploads\/2014\/10\/abrio_casa_foa_2014_15.jpg' title=\"La edici\u00f3n 2014 de Casa FOA abre sus puertas en La Abad\u00eda\" data-rl_title=\"La edici\u00f3n 2014 de Casa FOA abre sus puertas en La Abad\u00eda\" class=\"rl-gallery-link\" data-rl_caption=\"La edici\u00f3n 2014 de Casa FOA abre sus puertas en La Abad\u00eda\" data-rel=\"lightbox-gallery-1\"><img loading=\"lazy\" decoding=\"async\" width=\"150\" height=\"150\" src=\"https:\/\/www.arquimaster.com.ar\/web\/wp-content\/uploads\/2014\/10\/abrio_casa_foa_2014_15-150x150.jpg\" class=\"attachment-thumbnail size-thumbnail\" alt=\"\" aria-describedby=\"gallery-1-10197\" srcset=\"https:\/\/www.arquimaster.com.ar\/web\/wp-content\/uploads\/2014\/10\/abrio_casa_foa_2014_15-150x150.jpg 150w, https:\/\/www.arquimaster.com.ar\/web\/wp-content\/uploads\/2014\/10\/abrio_casa_foa_2014_15-50x50.jpg 50w, https:\/\/www.arquimaster.com.ar\/web\/wp-content\/uploads\/2014\/10\/abrio_casa_foa_2014_15-125x125.jpg 125w\" sizes=\"auto, (max-width: 150px) 100vw, 150px\" \/><\/a>\n\t\t\t<\/div>\n\t\t\t\t<figcaption class='wp-caption-text gallery-caption' id='gallery-1-10197'>\n\t\t\t\tLa edici\u00f3n 2014 de Casa FOA abre sus puertas en La Abad\u00eda\n\t\t\t\t<\/figcaption><\/figure><figure class='gallery-item'>\n\t\t\t<div class='gallery-icon landscape'>\n\t\t\t\t<a href='https:\/\/www.arquimaster.com.ar\/web\/wp-content\/uploads\/2014\/10\/abrio_casa_foa_2014_16.jpg' title=\"La edici\u00f3n 2014 de Casa FOA abre sus puertas en La Abad\u00eda\" data-rl_title=\"La edici\u00f3n 2014 de Casa FOA abre sus puertas en La Abad\u00eda\" class=\"rl-gallery-link\" data-rl_caption=\"La edici\u00f3n 2014 de Casa FOA abre sus puertas en La Abad\u00eda\" data-rel=\"lightbox-gallery-1\"><img loading=\"lazy\" decoding=\"async\" width=\"150\" height=\"150\" src=\"https:\/\/www.arquimaster.com.ar\/web\/wp-content\/uploads\/2014\/10\/abrio_casa_foa_2014_16-150x150.jpg\" class=\"attachment-thumbnail size-thumbnail\" alt=\"\" aria-describedby=\"gallery-1-10198\" srcset=\"https:\/\/www.arquimaster.com.ar\/web\/wp-content\/uploads\/2014\/10\/abrio_casa_foa_2014_16-150x150.jpg 150w, https:\/\/www.arquimaster.com.ar\/web\/wp-content\/uploads\/2014\/10\/abrio_casa_foa_2014_16-50x50.jpg 50w, https:\/\/www.arquimaster.com.ar\/web\/wp-content\/uploads\/2014\/10\/abrio_casa_foa_2014_16-125x125.jpg 125w\" sizes=\"auto, (max-width: 150px) 100vw, 150px\" \/><\/a>\n\t\t\t<\/div>\n\t\t\t\t<figcaption class='wp-caption-text gallery-caption' id='gallery-1-10198'>\n\t\t\t\tLa edici\u00f3n 2014 de Casa FOA abre sus puertas en La Abad\u00eda\n\t\t\t\t<\/figcaption><\/figure><figure class='gallery-item'>\n\t\t\t<div class='gallery-icon landscape'>\n\t\t\t\t<a href='https:\/\/www.arquimaster.com.ar\/web\/wp-content\/uploads\/2014\/10\/abrio_casa_foa_2014_18.jpg' title=\"La edici\u00f3n 2014 de Casa FOA abre sus puertas en La Abad\u00eda\" data-rl_title=\"La edici\u00f3n 2014 de Casa FOA abre sus puertas en La Abad\u00eda\" class=\"rl-gallery-link\" data-rl_caption=\"La edici\u00f3n 2014 de Casa FOA abre sus puertas en La Abad\u00eda\" data-rel=\"lightbox-gallery-1\"><img loading=\"lazy\" decoding=\"async\" width=\"150\" height=\"150\" src=\"https:\/\/www.arquimaster.com.ar\/web\/wp-content\/uploads\/2014\/10\/abrio_casa_foa_2014_18-150x150.jpg\" class=\"attachment-thumbnail size-thumbnail\" alt=\"\" aria-describedby=\"gallery-1-10200\" srcset=\"https:\/\/www.arquimaster.com.ar\/web\/wp-content\/uploads\/2014\/10\/abrio_casa_foa_2014_18-150x150.jpg 150w, https:\/\/www.arquimaster.com.ar\/web\/wp-content\/uploads\/2014\/10\/abrio_casa_foa_2014_18-50x50.jpg 50w, https:\/\/www.arquimaster.com.ar\/web\/wp-content\/uploads\/2014\/10\/abrio_casa_foa_2014_18-125x125.jpg 125w\" sizes=\"auto, (max-width: 150px) 100vw, 150px\" \/><\/a>\n\t\t\t<\/div>\n\t\t\t\t<figcaption class='wp-caption-text gallery-caption' id='gallery-1-10200'>\n\t\t\t\tLa edici\u00f3n 2014 de Casa FOA abre sus puertas en La Abad\u00eda\n\t\t\t\t<\/figcaption><\/figure><figure class='gallery-item'>\n\t\t\t<div class='gallery-icon landscape'>\n\t\t\t\t<a href='https:\/\/www.arquimaster.com.ar\/web\/wp-content\/uploads\/2014\/10\/abrio_casa_foa_2014_17.jpg' title=\"La edici\u00f3n 2014 de Casa FOA abre sus puertas en La Abad\u00eda\" data-rl_title=\"La edici\u00f3n 2014 de Casa FOA abre sus puertas en La Abad\u00eda\" class=\"rl-gallery-link\" data-rl_caption=\"La edici\u00f3n 2014 de Casa FOA abre sus puertas en La Abad\u00eda\" data-rel=\"lightbox-gallery-1\"><img loading=\"lazy\" decoding=\"async\" width=\"150\" height=\"150\" src=\"https:\/\/www.arquimaster.com.ar\/web\/wp-content\/uploads\/2014\/10\/abrio_casa_foa_2014_17-150x150.jpg\" class=\"attachment-thumbnail size-thumbnail\" alt=\"\" aria-describedby=\"gallery-1-10199\" srcset=\"https:\/\/www.arquimaster.com.ar\/web\/wp-content\/uploads\/2014\/10\/abrio_casa_foa_2014_17-150x150.jpg 150w, https:\/\/www.arquimaster.com.ar\/web\/wp-content\/uploads\/2014\/10\/abrio_casa_foa_2014_17-50x50.jpg 50w, https:\/\/www.arquimaster.com.ar\/web\/wp-content\/uploads\/2014\/10\/abrio_casa_foa_2014_17-125x125.jpg 125w\" sizes=\"auto, (max-width: 150px) 100vw, 150px\" \/><\/a>\n\t\t\t<\/div>\n\t\t\t\t<figcaption class='wp-caption-text gallery-caption' id='gallery-1-10199'>\n\t\t\t\tLa edici\u00f3n 2014 de Casa FOA abre sus puertas en La Abad\u00eda\n\t\t\t\t<\/figcaption><\/figure>\n\t\t<\/div>\n\n<p>El escenario elegido cuenta con 5000 metros cuadrados, en donde los visitantes podr\u00e1n disfrutar de 50 espacios intervenidos por los mejores dise\u00f1adores y arquitectos del pa\u00eds que mostrar\u00e1n las tendencias en paisajismo, arte y dise\u00f1o de interior.<\/p>\n<p>Al igual que todos los a\u00f1os, participar\u00e1n las ganadoras de las <strong>Beca Casa FOA de Arquitectura<\/strong> y se exhibir\u00e1n los seleccionados del <strong>concurso de Bancos Urbanos<\/strong>, que a\u00f1o tras a\u00f1o cobra mayor importancia dentro de la exposici\u00f3n. Tomando como premisas la sustentabilidad, uso adecuado del material, comodidad del usuario y la viabilidad productiva, los concursantes deber\u00e1n apelar a su imaginaci\u00f3n y creatividad para la realizaci\u00f3n de un banco urbano. El ganador ser\u00e1 premiado con la posibilidad de colocar su creaci\u00f3n en lugar p\u00fablico de la Ciudad de Buenos Aires.<\/p>\n<p>Esta nueva edici\u00f3n tambi\u00e9n contar\u00e1 con grandes novedades, como Casa FOA de noche hasta las 24 hs. Cada viernes, al caer el sol, La Abad\u00eda dejar\u00e1 sus puertas abiertas hasta la media noche, con m\u00fasica en vivo que le pondr\u00e1n vida a los espacios. Todos los viernes a las 21 hs habr\u00e1 un show de jazz con el objetivo de musicalizar la exposici\u00f3n.<\/p>\n<p>Asimismo, Casa FOA contar\u00e1 con una confiter\u00eda\/restaurant, llamada <strong>Wine Bar Trapiche Reserva<\/strong>, dise\u00f1ada por Julio Oropel, donde los visitantes podr\u00e1n disfrutar de un men\u00fa gastron\u00f3mico variado. Contar\u00e1 con una capacidad para 120 personas, una extensi\u00f3n de gradas al aire libre, un espacio cubierto y otro semi cubierto donde se puede apreciar el jard\u00edn de la Abad\u00eda y disfrutar de una carta pensada y elaborada especialmente para el p\u00fablico.<\/p>\n<p>Todo lo recaudado en la venta de entradas ser\u00e1 destinado a la <strong>Fundaci\u00f3n Oftalmol\u00f3gica Argentina (FOA)<\/strong>. De esta manera Casa FOA afirma su compromiso con la Fundaci\u00f3n que hace a\u00f1os se encuentra embarcada en la docencia, investigaci\u00f3n y prevenci\u00f3n de enfermedades oculares para pacientes de bajos recursos. A trav\u00e9s de su programa \u00abPara Verte Mejor Argentina\u00bb, la Fundaci\u00f3n recorre lugares rec\u00f3nditos del pa\u00eds brindando asistencia a diferentes comunidades. Este a\u00f1o en particular, durante el mes de noviembre, visitar\u00e1 a una comunidad ind\u00edgena con m\u00e1s de 2.500 habitantes en la provincia de Misiones.<\/p>\n<p>Una vez finalizada la exposici\u00f3n, La Abad\u00eda se convertir\u00e1 en un espacio cultural para continuar con la tradici\u00f3n espiritual que fue llevada durante a\u00f1os por los monjes benedictinos y que fue de mucha riqueza para la ciudad. De esta forma, se convertir\u00e1 en un lugar donde la cultura, el arte, la espiritualidad y el pensamiento contempor\u00e1neo se encuentren arm\u00f3nicamente. Habr\u00e1 m\u00faltiples propuestas, como una galer\u00eda de arte o una escuela de formaci\u00f3n musical. Asimismo, Casa FOA realizar\u00e1 mejoras en las instalaciones y dejar\u00e1n establecidos ambientes como los ba\u00f1os p\u00fablicos, una biblioteca y un auditorio. De esta forma, se contribuir\u00e1 con la creaci\u00f3n de lugares para la cultura, el arte y la formaci\u00f3n.<\/p>\n<p><strong>Fecha<\/strong><br \/>\nDesde el 10 de octubre al 16 de noviembre de 2014<\/p>\n<p><strong>Direcci\u00f3n<\/strong><br \/>\nGorostiaga 1908 y Luis Maria Campos, Ciudad de Buenos Aires<\/p>\n<p><strong>Acerca de Casa FOA<\/strong><br \/>\nCasa FOA, la exposici\u00f3n nacional de arquitectura, industria, dise\u00f1o interior y paisajismo, creada por iniciativa de Mercedes Malbran de Campos en el a\u00f1o 1985, con el objetivo de recaudar fondos para la Fundaci\u00f3n Oftalmol\u00f3gica Argentina Jorge Malbran. Casa FOA es un espacio emblem\u00e1tico del dise\u00f1o que congrega propuestas vanguardistas de las m\u00e1s variadas tendencias. Casa FOA es un referente indiscutido de la agenda cultural de la Argentina y una cita ineludible para conocer las \u00faltimas tendencias del dise\u00f1o. Es tambi\u00e9n un producto nacional, que a\u00f1o tras a\u00f1o trasciende internacionalmente.<\/p>\n<p><strong>Acerca de la Fundaci\u00f3n Oftalmol\u00f3gica Argentina Jorge Malbran<\/strong><br \/>\nLa Fundaci\u00f3n Oftalmol\u00f3gica Argentina Jorge Malbran, naci\u00f3 el 30 de noviembre de 1964. Creada por la inquietud e iniciativa del Doctor Enrique Segundo Malbran, con un prop\u00f3sito: La investigaci\u00f3n y docencia dentro de la oftalmolog\u00eda. La Fundaci\u00f3n, Instituto de docencia e investigaci\u00f3n es una instituci\u00f3n privada sin fines de lucro que, es la culminaci\u00f3n institucional de la particular actitud docente de Jorge Malbran inspirada en la m\u00e1xima de S\u00e9neca \u00ablos hombres aprenden mientras ense\u00f1an\u00bb. Durante m\u00e1s cuarenta y cinco a\u00f1os la Fundaci\u00f3n ha llevado una intensa actividad dentro del campo de la investigaci\u00f3n oftalmol\u00f3gica, la docencia y la ayuda a la comunidad.<\/p>\n\n<div style=\"font-size: 0px; height: 0px; line-height: 0px; margin: 0; padding: 0; clear: both;\"><\/div><div style=\"margin-top: 0px; margin-bottom: 0px;\" class=\"sharethis-inline-share-buttons\" ><\/div>","protected":false},"excerpt":{"rendered":"<p>Exposici\u00f3n nacional de arquitectura, industria, dise\u00f1o interior y paisajismo a beneficio&#8230;<\/p>\n","protected":false},"author":1,"featured_media":10182,"comment_status":"closed","ping_status":"closed","sticky":false,"template":"","format":"standard","meta":{"_uag_custom_page_level_css":"","footnotes":""},"categories":[55,56],"tags":[2066,3524,37,1697,2681,1108],"class_list":["post-10181","post","type-post","status-publish","format-standard","has-post-thumbnail","hentry","category-diseno","category-diseno-interior-decoracion","tag-casa-foa","tag-casa-foa-2014","tag-decoracion","tag-diseno-de-interiores","tag-la-abadia","tag-muestras","generate-columns","tablet-grid-50","mobile-grid-100","grid-parent","grid-50"],"yoast_head":"<!-- This site is optimized with the Yoast SEO plugin v27.3 - https:\/\/yoast.com\/product\/yoast-seo-wordpress\/ -->\n<title>La edici\u00f3n 2014 de Casa FOA abre sus puertas en La Abad\u00eda - Arquimaster<\/title>\n<meta name=\"robots\" content=\"index, follow, max-snippet:-1, max-image-preview:large, max-video-preview:-1\" \/>\n<link rel=\"canonical\" href=\"https:\/\/www.arquimaster.com.ar\/web\/la-edicion-2014-de-casa-foa-abre-sus-puertas-en-la-abadia\/\" \/>\n<meta property=\"og:locale\" content=\"es_ES\" \/>\n<meta property=\"og:type\" content=\"article\" \/>\n<meta property=\"og:title\" content=\"La edici\u00f3n 2014 de Casa FOA abre sus puertas en La Abad\u00eda - Arquimaster\" \/>\n<meta property=\"og:description\" content=\"Exposici\u00f3n nacional de arquitectura, industria, dise\u00f1o interior y paisajismo a beneficio...\" \/>\n<meta property=\"og:url\" content=\"https:\/\/www.arquimaster.com.ar\/web\/la-edicion-2014-de-casa-foa-abre-sus-puertas-en-la-abadia\/\" \/>\n<meta property=\"og:site_name\" content=\"Arquimaster\" \/>\n<meta property=\"article:publisher\" content=\"http:\/\/www.facebook.com\/ARQUIMASTER.com.ar\" \/>\n<meta property=\"article:published_time\" content=\"2014-10-10T13:00:00+00:00\" \/>\n<meta property=\"article:modified_time\" content=\"2026-03-27T22:05:30+00:00\" \/>\n<meta property=\"og:image\" content=\"https:\/\/www.arquimaster.com.ar\/web\/wp-content\/uploads\/2014\/10\/abrio_casa_foa_2014_slide.jpg\" \/>\n\t<meta property=\"og:image:width\" content=\"642\" \/>\n\t<meta property=\"og:image:height\" content=\"336\" \/>\n\t<meta property=\"og:image:type\" content=\"image\/jpeg\" \/>\n<meta name=\"author\" content=\"Arquimaster\" \/>\n<meta name=\"twitter:card\" content=\"summary_large_image\" \/>\n<meta name=\"twitter:creator\" content=\"@arquimaster\" \/>\n<meta name=\"twitter:site\" content=\"@arquimaster\" \/>\n<meta name=\"twitter:label1\" content=\"Escrito por\" \/>\n\t<meta name=\"twitter:data1\" content=\"Arquimaster\" \/>\n\t<meta name=\"twitter:label2\" content=\"Tiempo de lectura\" \/>\n\t<meta name=\"twitter:data2\" content=\"4 minutos\" \/>\n<script type=\"application\/ld+json\" class=\"yoast-schema-graph\">{\"@context\":\"https:\\\/\\\/schema.org\",\"@graph\":[{\"@type\":\"Article\",\"@id\":\"https:\\\/\\\/www.arquimaster.com.ar\\\/web\\\/la-edicion-2014-de-casa-foa-abre-sus-puertas-en-la-abadia\\\/#article\",\"isPartOf\":{\"@id\":\"https:\\\/\\\/www.arquimaster.com.ar\\\/web\\\/la-edicion-2014-de-casa-foa-abre-sus-puertas-en-la-abadia\\\/\"},\"author\":{\"name\":\"Arquimaster\",\"@id\":\"https:\\\/\\\/www.arquimaster.com.ar\\\/web\\\/#\\\/schema\\\/person\\\/359e9f7c00193fcde068e0dd2ceb0028\"},\"headline\":\"La edici\u00f3n 2014 de Casa FOA abre sus puertas en La Abad\u00eda\",\"datePublished\":\"2014-10-10T13:00:00+00:00\",\"dateModified\":\"2026-03-27T22:05:30+00:00\",\"mainEntityOfPage\":{\"@id\":\"https:\\\/\\\/www.arquimaster.com.ar\\\/web\\\/la-edicion-2014-de-casa-foa-abre-sus-puertas-en-la-abadia\\\/\"},\"wordCount\":833,\"publisher\":{\"@id\":\"https:\\\/\\\/www.arquimaster.com.ar\\\/web\\\/#organization\"},\"image\":{\"@id\":\"https:\\\/\\\/www.arquimaster.com.ar\\\/web\\\/la-edicion-2014-de-casa-foa-abre-sus-puertas-en-la-abadia\\\/#primaryimage\"},\"thumbnailUrl\":\"https:\\\/\\\/www.arquimaster.com.ar\\\/web\\\/wp-content\\\/uploads\\\/2014\\\/10\\\/abrio_casa_foa_2014_slide.jpg\",\"keywords\":[\"Casa FOA\",\"Casa FOA 2014\",\"decoracion\",\"dise\u00f1o de interiores\",\"La Abadia\",\"muestras\"],\"articleSection\":[\"Dise\u00f1o\",\"Dise\u00f1o interior y decoracion\"],\"inLanguage\":\"es\"},{\"@type\":\"WebPage\",\"@id\":\"https:\\\/\\\/www.arquimaster.com.ar\\\/web\\\/la-edicion-2014-de-casa-foa-abre-sus-puertas-en-la-abadia\\\/\",\"url\":\"https:\\\/\\\/www.arquimaster.com.ar\\\/web\\\/la-edicion-2014-de-casa-foa-abre-sus-puertas-en-la-abadia\\\/\",\"name\":\"La edici\u00f3n 2014 de Casa FOA abre sus puertas en La Abad\u00eda - Arquimaster\",\"isPartOf\":{\"@id\":\"https:\\\/\\\/www.arquimaster.com.ar\\\/web\\\/#website\"},\"primaryImageOfPage\":{\"@id\":\"https:\\\/\\\/www.arquimaster.com.ar\\\/web\\\/la-edicion-2014-de-casa-foa-abre-sus-puertas-en-la-abadia\\\/#primaryimage\"},\"image\":{\"@id\":\"https:\\\/\\\/www.arquimaster.com.ar\\\/web\\\/la-edicion-2014-de-casa-foa-abre-sus-puertas-en-la-abadia\\\/#primaryimage\"},\"thumbnailUrl\":\"https:\\\/\\\/www.arquimaster.com.ar\\\/web\\\/wp-content\\\/uploads\\\/2014\\\/10\\\/abrio_casa_foa_2014_slide.jpg\",\"datePublished\":\"2014-10-10T13:00:00+00:00\",\"dateModified\":\"2026-03-27T22:05:30+00:00\",\"breadcrumb\":{\"@id\":\"https:\\\/\\\/www.arquimaster.com.ar\\\/web\\\/la-edicion-2014-de-casa-foa-abre-sus-puertas-en-la-abadia\\\/#breadcrumb\"},\"inLanguage\":\"es\",\"potentialAction\":[{\"@type\":\"ReadAction\",\"target\":[\"https:\\\/\\\/www.arquimaster.com.ar\\\/web\\\/la-edicion-2014-de-casa-foa-abre-sus-puertas-en-la-abadia\\\/\"]}]},{\"@type\":\"ImageObject\",\"inLanguage\":\"es\",\"@id\":\"https:\\\/\\\/www.arquimaster.com.ar\\\/web\\\/la-edicion-2014-de-casa-foa-abre-sus-puertas-en-la-abadia\\\/#primaryimage\",\"url\":\"https:\\\/\\\/www.arquimaster.com.ar\\\/web\\\/wp-content\\\/uploads\\\/2014\\\/10\\\/abrio_casa_foa_2014_slide.jpg\",\"contentUrl\":\"https:\\\/\\\/www.arquimaster.com.ar\\\/web\\\/wp-content\\\/uploads\\\/2014\\\/10\\\/abrio_casa_foa_2014_slide.jpg\",\"width\":642,\"height\":336},{\"@type\":\"BreadcrumbList\",\"@id\":\"https:\\\/\\\/www.arquimaster.com.ar\\\/web\\\/la-edicion-2014-de-casa-foa-abre-sus-puertas-en-la-abadia\\\/#breadcrumb\",\"itemListElement\":[{\"@type\":\"ListItem\",\"position\":1,\"name\":\"Portada\",\"item\":\"https:\\\/\\\/www.arquimaster.com.ar\\\/web\\\/\"},{\"@type\":\"ListItem\",\"position\":2,\"name\":\"La edici\u00f3n 2014 de Casa FOA abre sus puertas en La Abad\u00eda\"}]},{\"@type\":\"WebSite\",\"@id\":\"https:\\\/\\\/www.arquimaster.com.ar\\\/web\\\/#website\",\"url\":\"https:\\\/\\\/www.arquimaster.com.ar\\\/web\\\/\",\"name\":\"Arquimaster\",\"description\":\"Web de arquitectura, dise\u00f1o y construccion\",\"publisher\":{\"@id\":\"https:\\\/\\\/www.arquimaster.com.ar\\\/web\\\/#organization\"},\"potentialAction\":[{\"@type\":\"SearchAction\",\"target\":{\"@type\":\"EntryPoint\",\"urlTemplate\":\"https:\\\/\\\/www.arquimaster.com.ar\\\/web\\\/?s={search_term_string}\"},\"query-input\":{\"@type\":\"PropertyValueSpecification\",\"valueRequired\":true,\"valueName\":\"search_term_string\"}}],\"inLanguage\":\"es\"},{\"@type\":\"Organization\",\"@id\":\"https:\\\/\\\/www.arquimaster.com.ar\\\/web\\\/#organization\",\"name\":\"Arquimaster\",\"url\":\"https:\\\/\\\/www.arquimaster.com.ar\\\/web\\\/\",\"logo\":{\"@type\":\"ImageObject\",\"inLanguage\":\"es\",\"@id\":\"https:\\\/\\\/www.arquimaster.com.ar\\\/web\\\/#\\\/schema\\\/logo\\\/image\\\/\",\"url\":\"https:\\\/\\\/www.arquimaster.com.ar\\\/web\\\/wp-content\\\/uploads\\\/2022\\\/06\\\/arquimaster.png\",\"contentUrl\":\"https:\\\/\\\/www.arquimaster.com.ar\\\/web\\\/wp-content\\\/uploads\\\/2022\\\/06\\\/arquimaster.png\",\"width\":594,\"height\":78,\"caption\":\"Arquimaster\"},\"image\":{\"@id\":\"https:\\\/\\\/www.arquimaster.com.ar\\\/web\\\/#\\\/schema\\\/logo\\\/image\\\/\"},\"sameAs\":[\"http:\\\/\\\/www.facebook.com\\\/ARQUIMASTER.com.ar\",\"https:\\\/\\\/x.com\\\/arquimaster\",\"https:\\\/\\\/www.instagram.com\\\/arquimasterblog\\\/\",\"https:\\\/\\\/www.linkedin.com\\\/company\\\/arquimaster\",\"https:\\\/\\\/www.pinterest.com\\\/arquimaster\",\"https:\\\/\\\/t.me\\\/arquimaster\"]},{\"@type\":\"Person\",\"@id\":\"https:\\\/\\\/www.arquimaster.com.ar\\\/web\\\/#\\\/schema\\\/person\\\/359e9f7c00193fcde068e0dd2ceb0028\",\"name\":\"Arquimaster\"}]}<\/script>\n<!-- \/ Yoast SEO plugin. -->","yoast_head_json":{"title":"La edici\u00f3n 2014 de Casa FOA abre sus puertas en La Abad\u00eda - Arquimaster","robots":{"index":"index","follow":"follow","max-snippet":"max-snippet:-1","max-image-preview":"max-image-preview:large","max-video-preview":"max-video-preview:-1"},"canonical":"https:\/\/www.arquimaster.com.ar\/web\/la-edicion-2014-de-casa-foa-abre-sus-puertas-en-la-abadia\/","og_locale":"es_ES","og_type":"article","og_title":"La edici\u00f3n 2014 de Casa FOA abre sus puertas en La Abad\u00eda - Arquimaster","og_description":"Exposici\u00f3n nacional de arquitectura, industria, dise\u00f1o interior y paisajismo a beneficio...","og_url":"https:\/\/www.arquimaster.com.ar\/web\/la-edicion-2014-de-casa-foa-abre-sus-puertas-en-la-abadia\/","og_site_name":"Arquimaster","article_publisher":"http:\/\/www.facebook.com\/ARQUIMASTER.com.ar","article_published_time":"2014-10-10T13:00:00+00:00","article_modified_time":"2026-03-27T22:05:30+00:00","og_image":[{"width":642,"height":336,"url":"https:\/\/www.arquimaster.com.ar\/web\/wp-content\/uploads\/2014\/10\/abrio_casa_foa_2014_slide.jpg","type":"image\/jpeg"}],"author":"Arquimaster","twitter_card":"summary_large_image","twitter_creator":"@arquimaster","twitter_site":"@arquimaster","twitter_misc":{"Escrito por":"Arquimaster","Tiempo de lectura":"4 minutos"},"schema":{"@context":"https:\/\/schema.org","@graph":[{"@type":"Article","@id":"https:\/\/www.arquimaster.com.ar\/web\/la-edicion-2014-de-casa-foa-abre-sus-puertas-en-la-abadia\/#article","isPartOf":{"@id":"https:\/\/www.arquimaster.com.ar\/web\/la-edicion-2014-de-casa-foa-abre-sus-puertas-en-la-abadia\/"},"author":{"name":"Arquimaster","@id":"https:\/\/www.arquimaster.com.ar\/web\/#\/schema\/person\/359e9f7c00193fcde068e0dd2ceb0028"},"headline":"La edici\u00f3n 2014 de Casa FOA abre sus puertas en La Abad\u00eda","datePublished":"2014-10-10T13:00:00+00:00","dateModified":"2026-03-27T22:05:30+00:00","mainEntityOfPage":{"@id":"https:\/\/www.arquimaster.com.ar\/web\/la-edicion-2014-de-casa-foa-abre-sus-puertas-en-la-abadia\/"},"wordCount":833,"publisher":{"@id":"https:\/\/www.arquimaster.com.ar\/web\/#organization"},"image":{"@id":"https:\/\/www.arquimaster.com.ar\/web\/la-edicion-2014-de-casa-foa-abre-sus-puertas-en-la-abadia\/#primaryimage"},"thumbnailUrl":"https:\/\/www.arquimaster.com.ar\/web\/wp-content\/uploads\/2014\/10\/abrio_casa_foa_2014_slide.jpg","keywords":["Casa FOA","Casa FOA 2014","decoracion","dise\u00f1o de interiores","La Abadia","muestras"],"articleSection":["Dise\u00f1o","Dise\u00f1o interior y decoracion"],"inLanguage":"es"},{"@type":"WebPage","@id":"https:\/\/www.arquimaster.com.ar\/web\/la-edicion-2014-de-casa-foa-abre-sus-puertas-en-la-abadia\/","url":"https:\/\/www.arquimaster.com.ar\/web\/la-edicion-2014-de-casa-foa-abre-sus-puertas-en-la-abadia\/","name":"La edici\u00f3n 2014 de Casa FOA abre sus puertas en La Abad\u00eda - Arquimaster","isPartOf":{"@id":"https:\/\/www.arquimaster.com.ar\/web\/#website"},"primaryImageOfPage":{"@id":"https:\/\/www.arquimaster.com.ar\/web\/la-edicion-2014-de-casa-foa-abre-sus-puertas-en-la-abadia\/#primaryimage"},"image":{"@id":"https:\/\/www.arquimaster.com.ar\/web\/la-edicion-2014-de-casa-foa-abre-sus-puertas-en-la-abadia\/#primaryimage"},"thumbnailUrl":"https:\/\/www.arquimaster.com.ar\/web\/wp-content\/uploads\/2014\/10\/abrio_casa_foa_2014_slide.jpg","datePublished":"2014-10-10T13:00:00+00:00","dateModified":"2026-03-27T22:05:30+00:00","breadcrumb":{"@id":"https:\/\/www.arquimaster.com.ar\/web\/la-edicion-2014-de-casa-foa-abre-sus-puertas-en-la-abadia\/#breadcrumb"},"inLanguage":"es","potentialAction":[{"@type":"ReadAction","target":["https:\/\/www.arquimaster.com.ar\/web\/la-edicion-2014-de-casa-foa-abre-sus-puertas-en-la-abadia\/"]}]},{"@type":"ImageObject","inLanguage":"es","@id":"https:\/\/www.arquimaster.com.ar\/web\/la-edicion-2014-de-casa-foa-abre-sus-puertas-en-la-abadia\/#primaryimage","url":"https:\/\/www.arquimaster.com.ar\/web\/wp-content\/uploads\/2014\/10\/abrio_casa_foa_2014_slide.jpg","contentUrl":"https:\/\/www.arquimaster.com.ar\/web\/wp-content\/uploads\/2014\/10\/abrio_casa_foa_2014_slide.jpg","width":642,"height":336},{"@type":"BreadcrumbList","@id":"https:\/\/www.arquimaster.com.ar\/web\/la-edicion-2014-de-casa-foa-abre-sus-puertas-en-la-abadia\/#breadcrumb","itemListElement":[{"@type":"ListItem","position":1,"name":"Portada","item":"https:\/\/www.arquimaster.com.ar\/web\/"},{"@type":"ListItem","position":2,"name":"La edici\u00f3n 2014 de Casa FOA abre sus puertas en La Abad\u00eda"}]},{"@type":"WebSite","@id":"https:\/\/www.arquimaster.com.ar\/web\/#website","url":"https:\/\/www.arquimaster.com.ar\/web\/","name":"Arquimaster","description":"Web de arquitectura, dise\u00f1o y construccion","publisher":{"@id":"https:\/\/www.arquimaster.com.ar\/web\/#organization"},"potentialAction":[{"@type":"SearchAction","target":{"@type":"EntryPoint","urlTemplate":"https:\/\/www.arquimaster.com.ar\/web\/?s={search_term_string}"},"query-input":{"@type":"PropertyValueSpecification","valueRequired":true,"valueName":"search_term_string"}}],"inLanguage":"es"},{"@type":"Organization","@id":"https:\/\/www.arquimaster.com.ar\/web\/#organization","name":"Arquimaster","url":"https:\/\/www.arquimaster.com.ar\/web\/","logo":{"@type":"ImageObject","inLanguage":"es","@id":"https:\/\/www.arquimaster.com.ar\/web\/#\/schema\/logo\/image\/","url":"https:\/\/www.arquimaster.com.ar\/web\/wp-content\/uploads\/2022\/06\/arquimaster.png","contentUrl":"https:\/\/www.arquimaster.com.ar\/web\/wp-content\/uploads\/2022\/06\/arquimaster.png","width":594,"height":78,"caption":"Arquimaster"},"image":{"@id":"https:\/\/www.arquimaster.com.ar\/web\/#\/schema\/logo\/image\/"},"sameAs":["http:\/\/www.facebook.com\/ARQUIMASTER.com.ar","https:\/\/x.com\/arquimaster","https:\/\/www.instagram.com\/arquimasterblog\/","https:\/\/www.linkedin.com\/company\/arquimaster","https:\/\/www.pinterest.com\/arquimaster","https:\/\/t.me\/arquimaster"]},{"@type":"Person","@id":"https:\/\/www.arquimaster.com.ar\/web\/#\/schema\/person\/359e9f7c00193fcde068e0dd2ceb0028","name":"Arquimaster"}]}},"uagb_featured_image_src":{"full":["https:\/\/www.arquimaster.com.ar\/web\/wp-content\/uploads\/2014\/10\/abrio_casa_foa_2014_slide.jpg",642,336,false],"thumbnail":["https:\/\/www.arquimaster.com.ar\/web\/wp-content\/uploads\/2014\/10\/abrio_casa_foa_2014_slide-150x150.jpg",150,150,true],"medium":["https:\/\/www.arquimaster.com.ar\/web\/wp-content\/uploads\/2014\/10\/abrio_casa_foa_2014_slide-300x157.jpg",300,157,true],"medium_large":["https:\/\/www.arquimaster.com.ar\/web\/wp-content\/uploads\/2014\/10\/abrio_casa_foa_2014_slide.jpg",642,336,false],"large":["https:\/\/www.arquimaster.com.ar\/web\/wp-content\/uploads\/2014\/10\/abrio_casa_foa_2014_slide.jpg",642,336,false],"1536x1536":["https:\/\/www.arquimaster.com.ar\/web\/wp-content\/uploads\/2014\/10\/abrio_casa_foa_2014_slide.jpg",642,336,false],"2048x2048":["https:\/\/www.arquimaster.com.ar\/web\/wp-content\/uploads\/2014\/10\/abrio_casa_foa_2014_slide.jpg",642,336,false]},"uagb_author_info":{"display_name":"Arquimaster","author_link":"https:\/\/www.arquimaster.com.ar\/web\/author\/arquimaster\/"},"uagb_comment_info":0,"uagb_excerpt":"Exposici\u00f3n nacional de arquitectura, industria, dise\u00f1o interior y paisajismo a beneficio...","_links":{"self":[{"href":"https:\/\/www.arquimaster.com.ar\/web\/wp-json\/wp\/v2\/posts\/10181","targetHints":{"allow":["GET"]}}],"collection":[{"href":"https:\/\/www.arquimaster.com.ar\/web\/wp-json\/wp\/v2\/posts"}],"about":[{"href":"https:\/\/www.arquimaster.com.ar\/web\/wp-json\/wp\/v2\/types\/post"}],"author":[{"embeddable":true,"href":"https:\/\/www.arquimaster.com.ar\/web\/wp-json\/wp\/v2\/users\/1"}],"replies":[{"embeddable":true,"href":"https:\/\/www.arquimaster.com.ar\/web\/wp-json\/wp\/v2\/comments?post=10181"}],"version-history":[{"count":1,"href":"https:\/\/www.arquimaster.com.ar\/web\/wp-json\/wp\/v2\/posts\/10181\/revisions"}],"predecessor-version":[{"id":87849,"href":"https:\/\/www.arquimaster.com.ar\/web\/wp-json\/wp\/v2\/posts\/10181\/revisions\/87849"}],"wp:featuredmedia":[{"embeddable":true,"href":"https:\/\/www.arquimaster.com.ar\/web\/wp-json\/wp\/v2\/media\/10182"}],"wp:attachment":[{"href":"https:\/\/www.arquimaster.com.ar\/web\/wp-json\/wp\/v2\/media?parent=10181"}],"wp:term":[{"taxonomy":"category","embeddable":true,"href":"https:\/\/www.arquimaster.com.ar\/web\/wp-json\/wp\/v2\/categories?post=10181"},{"taxonomy":"post_tag","embeddable":true,"href":"https:\/\/www.arquimaster.com.ar\/web\/wp-json\/wp\/v2\/tags?post=10181"}],"curies":[{"name":"wp","href":"https:\/\/api.w.org\/{rel}","templated":true}]}}