{"id":10303,"date":"2014-10-12T19:00:06","date_gmt":"2014-10-12T19:00:06","guid":{"rendered":"http:\/\/www.arquimaster.com.ar\/web\/?p=10303"},"modified":"2014-10-12T23:57:23","modified_gmt":"2014-10-12T23:57:23","slug":"dormitorio-espacio-33-casa-foa-2014-dim-arquitectura-diseno","status":"publish","type":"post","link":"https:\/\/www.arquimaster.com.ar\/web\/dormitorio-espacio-33-casa-foa-2014-dim-arquitectura-diseno\/","title":{"rendered":"Dormitorio (Espacio 33 Casa FOA 2014) \/ DIM Arquitectura &#038; Dise\u00f1o"},"content":{"rendered":"<div style=\"margin-top: 0px; margin-bottom: 0px;\" class=\"sharethis-inline-share-buttons\" ><\/div><div class=\"b812932af2e751442846f039925109de\" data-index=\"1\" style=\"float: none; margin:25px 0 25px 0; text-align:center;\">\n<script async src=\"https:\/\/pagead2.googlesyndication.com\/pagead\/js\/adsbygoogle.js\"><\/script>\r\n<!-- Arquimaster (superior) -->\r\n<ins class=\"adsbygoogle\"\r\n     style=\"display:block\"\r\n     data-ad-client=\"ca-pub-6351072698456832\"\r\n     data-ad-slot=\"6455489680\"\r\n     data-ad-format=\"auto\"\r\n     data-full-width-responsive=\"true\"><\/ins>\r\n<script>\r\n     (adsbygoogle = window.adsbygoogle || []).push({});\r\n<\/script>\n<\/div>\n<p><strong>Dormitorio<\/strong> (Espacio 33 Casa FOA 2014 La Abadia) por <strong>DIM Arquitectura &amp; Dise\u00f1o<\/strong> (Arq. Cande Cadenas Madariaga, Arq. Paula Pintos, Arq. Lelu Rica). Presentamos un espacio de dormitorio, tomando como usuario \u00fanico a una dise\u00f1adora joven, por lo que adem\u00e1s de utilizar el espacio para dormir, tiene la opci\u00f3n de utilizarlo tambi\u00e9n como home office y estar.<\/p>\n<div id='gallery-1' class='gallery galleryid-10303 gallery-columns-3 gallery-size-thumbnail'><figure class='gallery-item'>\n\t\t\t<div class='gallery-icon landscape'>\n\t\t\t\t<a href='https:\/\/www.arquimaster.com.ar\/web\/wp-content\/uploads\/2014\/10\/espacio33_casafoa2014_1.jpg' title=\"Dormitorio (Espacio 33 Casa FOA 2014) \/ DIM Arquitectura &amp; Dise\u00f1o (\u00a9 Lucio Alvarez Lastra)\" data-rl_title=\"Dormitorio (Espacio 33 Casa FOA 2014) \/ DIM Arquitectura &amp; Dise\u00f1o (\u00a9 Lucio Alvarez Lastra)\" class=\"rl-gallery-link\" data-rl_caption=\"Dormitorio (Espacio 33 Casa FOA 2014) \/ DIM Arquitectura &amp; Dise\u00f1o (\u00a9 Lucio Alvarez Lastra)\" data-rel=\"lightbox-gallery-1\"><img loading=\"lazy\" decoding=\"async\" width=\"150\" height=\"150\" src=\"https:\/\/www.arquimaster.com.ar\/web\/wp-content\/uploads\/2014\/10\/espacio33_casafoa2014_1-150x150.jpg\" class=\"attachment-thumbnail size-thumbnail\" alt=\"\" aria-describedby=\"gallery-1-10305\" srcset=\"https:\/\/www.arquimaster.com.ar\/web\/wp-content\/uploads\/2014\/10\/espacio33_casafoa2014_1-150x150.jpg 150w, https:\/\/www.arquimaster.com.ar\/web\/wp-content\/uploads\/2014\/10\/espacio33_casafoa2014_1-50x50.jpg 50w, https:\/\/www.arquimaster.com.ar\/web\/wp-content\/uploads\/2014\/10\/espacio33_casafoa2014_1-125x125.jpg 125w\" sizes=\"auto, (max-width: 150px) 100vw, 150px\" \/><\/a>\n\t\t\t<\/div>\n\t\t\t\t<figcaption class='wp-caption-text gallery-caption' id='gallery-1-10305'>\n\t\t\t\tDormitorio (Espacio 33 Casa FOA 2014) \/ DIM Arquitectura &#038; Dise\u00f1o (\u00a9 Lucio Alvarez Lastra)\n\t\t\t\t<\/figcaption><\/figure><figure class='gallery-item'>\n\t\t\t<div class='gallery-icon landscape'>\n\t\t\t\t<a href='https:\/\/www.arquimaster.com.ar\/web\/wp-content\/uploads\/2014\/10\/espacio33_casafoa2014_2.jpg' title=\"Dormitorio (Espacio 33 Casa FOA 2014) \/ DIM Arquitectura &amp; Dise\u00f1o (\u00a9 Lucio Alvarez Lastra)\" data-rl_title=\"Dormitorio (Espacio 33 Casa FOA 2014) \/ DIM Arquitectura &amp; Dise\u00f1o (\u00a9 Lucio Alvarez Lastra)\" class=\"rl-gallery-link\" data-rl_caption=\"Dormitorio (Espacio 33 Casa FOA 2014) \/ DIM Arquitectura &amp; Dise\u00f1o (\u00a9 Lucio Alvarez Lastra)\" data-rel=\"lightbox-gallery-1\"><img loading=\"lazy\" decoding=\"async\" width=\"150\" height=\"150\" src=\"https:\/\/www.arquimaster.com.ar\/web\/wp-content\/uploads\/2014\/10\/espacio33_casafoa2014_2-150x150.jpg\" class=\"attachment-thumbnail size-thumbnail\" alt=\"\" aria-describedby=\"gallery-1-10306\" srcset=\"https:\/\/www.arquimaster.com.ar\/web\/wp-content\/uploads\/2014\/10\/espacio33_casafoa2014_2-150x150.jpg 150w, https:\/\/www.arquimaster.com.ar\/web\/wp-content\/uploads\/2014\/10\/espacio33_casafoa2014_2-50x50.jpg 50w, https:\/\/www.arquimaster.com.ar\/web\/wp-content\/uploads\/2014\/10\/espacio33_casafoa2014_2-125x125.jpg 125w\" sizes=\"auto, (max-width: 150px) 100vw, 150px\" \/><\/a>\n\t\t\t<\/div>\n\t\t\t\t<figcaption class='wp-caption-text gallery-caption' id='gallery-1-10306'>\n\t\t\t\tDormitorio (Espacio 33 Casa FOA 2014) \/ DIM Arquitectura &#038; Dise\u00f1o (\u00a9 Lucio Alvarez Lastra)\n\t\t\t\t<\/figcaption><\/figure><figure class='gallery-item'>\n\t\t\t<div class='gallery-icon landscape'>\n\t\t\t\t<a href='https:\/\/www.arquimaster.com.ar\/web\/wp-content\/uploads\/2014\/10\/espacio33_casafoa2014_3.jpg' title=\"Dormitorio (Espacio 33 Casa FOA 2014) \/ DIM Arquitectura &amp; Dise\u00f1o (\u00a9 Lucio Alvarez Lastra)\" data-rl_title=\"Dormitorio (Espacio 33 Casa FOA 2014) \/ DIM Arquitectura &amp; Dise\u00f1o (\u00a9 Lucio Alvarez Lastra)\" class=\"rl-gallery-link\" data-rl_caption=\"Dormitorio (Espacio 33 Casa FOA 2014) \/ DIM Arquitectura &amp; Dise\u00f1o (\u00a9 Lucio Alvarez Lastra)\" data-rel=\"lightbox-gallery-1\"><img loading=\"lazy\" decoding=\"async\" width=\"150\" height=\"150\" src=\"https:\/\/www.arquimaster.com.ar\/web\/wp-content\/uploads\/2014\/10\/espacio33_casafoa2014_3-150x150.jpg\" class=\"attachment-thumbnail size-thumbnail\" alt=\"\" aria-describedby=\"gallery-1-10307\" srcset=\"https:\/\/www.arquimaster.com.ar\/web\/wp-content\/uploads\/2014\/10\/espacio33_casafoa2014_3-150x150.jpg 150w, https:\/\/www.arquimaster.com.ar\/web\/wp-content\/uploads\/2014\/10\/espacio33_casafoa2014_3-50x50.jpg 50w, https:\/\/www.arquimaster.com.ar\/web\/wp-content\/uploads\/2014\/10\/espacio33_casafoa2014_3-125x125.jpg 125w\" sizes=\"auto, (max-width: 150px) 100vw, 150px\" \/><\/a>\n\t\t\t<\/div>\n\t\t\t\t<figcaption class='wp-caption-text gallery-caption' id='gallery-1-10307'>\n\t\t\t\tDormitorio (Espacio 33 Casa FOA 2014) \/ DIM Arquitectura &#038; Dise\u00f1o (\u00a9 Lucio Alvarez Lastra)\n\t\t\t\t<\/figcaption><\/figure><figure class='gallery-item'>\n\t\t\t<div class='gallery-icon portrait'>\n\t\t\t\t<a href='https:\/\/www.arquimaster.com.ar\/web\/wp-content\/uploads\/2014\/10\/espacio33_casafoa2014_4.jpg' title=\"Dormitorio (Espacio 33 Casa FOA 2014) \/ DIM Arquitectura &amp; Dise\u00f1o (\u00a9 Lucio Alvarez Lastra)\" data-rl_title=\"Dormitorio (Espacio 33 Casa FOA 2014) \/ DIM Arquitectura &amp; Dise\u00f1o (\u00a9 Lucio Alvarez Lastra)\" class=\"rl-gallery-link\" data-rl_caption=\"Dormitorio (Espacio 33 Casa FOA 2014) \/ DIM Arquitectura &amp; Dise\u00f1o (\u00a9 Lucio Alvarez Lastra)\" data-rel=\"lightbox-gallery-1\"><img loading=\"lazy\" decoding=\"async\" width=\"150\" height=\"150\" src=\"https:\/\/www.arquimaster.com.ar\/web\/wp-content\/uploads\/2014\/10\/espacio33_casafoa2014_4-150x150.jpg\" class=\"attachment-thumbnail size-thumbnail\" alt=\"\" aria-describedby=\"gallery-1-10308\" srcset=\"https:\/\/www.arquimaster.com.ar\/web\/wp-content\/uploads\/2014\/10\/espacio33_casafoa2014_4-150x150.jpg 150w, https:\/\/www.arquimaster.com.ar\/web\/wp-content\/uploads\/2014\/10\/espacio33_casafoa2014_4-50x50.jpg 50w, https:\/\/www.arquimaster.com.ar\/web\/wp-content\/uploads\/2014\/10\/espacio33_casafoa2014_4-125x125.jpg 125w\" sizes=\"auto, (max-width: 150px) 100vw, 150px\" \/><\/a>\n\t\t\t<\/div>\n\t\t\t\t<figcaption class='wp-caption-text gallery-caption' id='gallery-1-10308'>\n\t\t\t\tDormitorio (Espacio 33 Casa FOA 2014) \/ DIM Arquitectura &#038; Dise\u00f1o (\u00a9 Lucio Alvarez Lastra)\n\t\t\t\t<\/figcaption><\/figure><figure class='gallery-item'>\n\t\t\t<div class='gallery-icon landscape'>\n\t\t\t\t<a href='https:\/\/www.arquimaster.com.ar\/web\/wp-content\/uploads\/2014\/10\/espacio33_casafoa2014_5.jpg' title=\"Dormitorio (Espacio 33 Casa FOA 2014) \/ DIM Arquitectura &amp; Dise\u00f1o (\u00a9 Lucio Alvarez Lastra)\" data-rl_title=\"Dormitorio (Espacio 33 Casa FOA 2014) \/ DIM Arquitectura &amp; Dise\u00f1o (\u00a9 Lucio Alvarez Lastra)\" class=\"rl-gallery-link\" data-rl_caption=\"Dormitorio (Espacio 33 Casa FOA 2014) \/ DIM Arquitectura &amp; Dise\u00f1o (\u00a9 Lucio Alvarez Lastra)\" data-rel=\"lightbox-gallery-1\"><img loading=\"lazy\" decoding=\"async\" width=\"150\" height=\"150\" src=\"https:\/\/www.arquimaster.com.ar\/web\/wp-content\/uploads\/2014\/10\/espacio33_casafoa2014_5-150x150.jpg\" class=\"attachment-thumbnail size-thumbnail\" alt=\"\" aria-describedby=\"gallery-1-10309\" srcset=\"https:\/\/www.arquimaster.com.ar\/web\/wp-content\/uploads\/2014\/10\/espacio33_casafoa2014_5-150x150.jpg 150w, https:\/\/www.arquimaster.com.ar\/web\/wp-content\/uploads\/2014\/10\/espacio33_casafoa2014_5-50x50.jpg 50w, https:\/\/www.arquimaster.com.ar\/web\/wp-content\/uploads\/2014\/10\/espacio33_casafoa2014_5-125x125.jpg 125w\" sizes=\"auto, (max-width: 150px) 100vw, 150px\" \/><\/a>\n\t\t\t<\/div>\n\t\t\t\t<figcaption class='wp-caption-text gallery-caption' id='gallery-1-10309'>\n\t\t\t\tDormitorio (Espacio 33 Casa FOA 2014) \/ DIM Arquitectura &#038; Dise\u00f1o (\u00a9 Lucio Alvarez Lastra)\n\t\t\t\t<\/figcaption><\/figure><figure class='gallery-item'>\n\t\t\t<div class='gallery-icon landscape'>\n\t\t\t\t<a href='https:\/\/www.arquimaster.com.ar\/web\/wp-content\/uploads\/2014\/10\/espacio33_casafoa2014_61.jpg' title=\"Dormitorio (Espacio 33 Casa FOA 2014) \/ DIM Arquitectura &amp; Dise\u00f1o (\u00a9 Lucio Alvarez Lastra)\" data-rl_title=\"Dormitorio (Espacio 33 Casa FOA 2014) \/ DIM Arquitectura &amp; Dise\u00f1o (\u00a9 Lucio Alvarez Lastra)\" class=\"rl-gallery-link\" data-rl_caption=\"Dormitorio (Espacio 33 Casa FOA 2014) \/ DIM Arquitectura &amp; Dise\u00f1o (\u00a9 Lucio Alvarez Lastra)\" data-rel=\"lightbox-gallery-1\"><img loading=\"lazy\" decoding=\"async\" width=\"150\" height=\"150\" src=\"https:\/\/www.arquimaster.com.ar\/web\/wp-content\/uploads\/2014\/10\/espacio33_casafoa2014_61-150x150.jpg\" class=\"attachment-thumbnail size-thumbnail\" alt=\"\" aria-describedby=\"gallery-1-10322\" srcset=\"https:\/\/www.arquimaster.com.ar\/web\/wp-content\/uploads\/2014\/10\/espacio33_casafoa2014_61-150x150.jpg 150w, https:\/\/www.arquimaster.com.ar\/web\/wp-content\/uploads\/2014\/10\/espacio33_casafoa2014_61-50x50.jpg 50w, https:\/\/www.arquimaster.com.ar\/web\/wp-content\/uploads\/2014\/10\/espacio33_casafoa2014_61-125x125.jpg 125w\" sizes=\"auto, (max-width: 150px) 100vw, 150px\" \/><\/a>\n\t\t\t<\/div>\n\t\t\t\t<figcaption class='wp-caption-text gallery-caption' id='gallery-1-10322'>\n\t\t\t\tDormitorio (Espacio 33 Casa FOA 2014) \/ DIM Arquitectura &#038; Dise\u00f1o (\u00a9 Lucio Alvarez Lastra)\n\t\t\t\t<\/figcaption><\/figure><figure class='gallery-item'>\n\t\t\t<div class='gallery-icon landscape'>\n\t\t\t\t<a href='https:\/\/www.arquimaster.com.ar\/web\/wp-content\/uploads\/2014\/10\/espacio33_casafoa2014_7.jpg' title=\"Dormitorio (Espacio 33 Casa FOA 2014) \/ DIM Arquitectura &amp; Dise\u00f1o (\u00a9 Lucio Alvarez Lastra)\" data-rl_title=\"Dormitorio (Espacio 33 Casa FOA 2014) \/ DIM Arquitectura &amp; Dise\u00f1o (\u00a9 Lucio Alvarez Lastra)\" class=\"rl-gallery-link\" data-rl_caption=\"Dormitorio (Espacio 33 Casa FOA 2014) \/ DIM Arquitectura &amp; Dise\u00f1o (\u00a9 Lucio Alvarez Lastra)\" data-rel=\"lightbox-gallery-1\"><img loading=\"lazy\" decoding=\"async\" width=\"150\" height=\"150\" src=\"https:\/\/www.arquimaster.com.ar\/web\/wp-content\/uploads\/2014\/10\/espacio33_casafoa2014_7-150x150.jpg\" class=\"attachment-thumbnail size-thumbnail\" alt=\"\" aria-describedby=\"gallery-1-10311\" srcset=\"https:\/\/www.arquimaster.com.ar\/web\/wp-content\/uploads\/2014\/10\/espacio33_casafoa2014_7-150x150.jpg 150w, https:\/\/www.arquimaster.com.ar\/web\/wp-content\/uploads\/2014\/10\/espacio33_casafoa2014_7-50x50.jpg 50w, https:\/\/www.arquimaster.com.ar\/web\/wp-content\/uploads\/2014\/10\/espacio33_casafoa2014_7-125x125.jpg 125w\" sizes=\"auto, (max-width: 150px) 100vw, 150px\" \/><\/a>\n\t\t\t<\/div>\n\t\t\t\t<figcaption class='wp-caption-text gallery-caption' id='gallery-1-10311'>\n\t\t\t\tDormitorio (Espacio 33 Casa FOA 2014) \/ DIM Arquitectura &#038; Dise\u00f1o (\u00a9 Lucio Alvarez Lastra)\n\t\t\t\t<\/figcaption><\/figure><figure class='gallery-item'>\n\t\t\t<div class='gallery-icon portrait'>\n\t\t\t\t<a href='https:\/\/www.arquimaster.com.ar\/web\/wp-content\/uploads\/2014\/10\/espacio33_casafoa2014_8.jpg' title=\"Dormitorio (Espacio 33 Casa FOA 2014) \/ DIM Arquitectura &amp; Dise\u00f1o (\u00a9 Lucio Alvarez Lastra)\" data-rl_title=\"Dormitorio (Espacio 33 Casa FOA 2014) \/ DIM Arquitectura &amp; Dise\u00f1o (\u00a9 Lucio Alvarez Lastra)\" class=\"rl-gallery-link\" data-rl_caption=\"Dormitorio (Espacio 33 Casa FOA 2014) \/ DIM Arquitectura &amp; Dise\u00f1o (\u00a9 Lucio Alvarez Lastra)\" data-rel=\"lightbox-gallery-1\"><img loading=\"lazy\" decoding=\"async\" width=\"150\" height=\"150\" src=\"https:\/\/www.arquimaster.com.ar\/web\/wp-content\/uploads\/2014\/10\/espacio33_casafoa2014_8-150x150.jpg\" class=\"attachment-thumbnail size-thumbnail\" alt=\"\" aria-describedby=\"gallery-1-10312\" srcset=\"https:\/\/www.arquimaster.com.ar\/web\/wp-content\/uploads\/2014\/10\/espacio33_casafoa2014_8-150x150.jpg 150w, https:\/\/www.arquimaster.com.ar\/web\/wp-content\/uploads\/2014\/10\/espacio33_casafoa2014_8-50x50.jpg 50w, https:\/\/www.arquimaster.com.ar\/web\/wp-content\/uploads\/2014\/10\/espacio33_casafoa2014_8-125x125.jpg 125w\" sizes=\"auto, (max-width: 150px) 100vw, 150px\" \/><\/a>\n\t\t\t<\/div>\n\t\t\t\t<figcaption class='wp-caption-text gallery-caption' id='gallery-1-10312'>\n\t\t\t\tDormitorio (Espacio 33 Casa FOA 2014) \/ DIM Arquitectura &#038; Dise\u00f1o (\u00a9 Lucio Alvarez Lastra)\n\t\t\t\t<\/figcaption><\/figure><figure class='gallery-item'>\n\t\t\t<div class='gallery-icon portrait'>\n\t\t\t\t<a href='https:\/\/www.arquimaster.com.ar\/web\/wp-content\/uploads\/2014\/10\/espacio33_casafoa2014_9.jpg' title=\"Dormitorio (Espacio 33 Casa FOA 2014) \/ DIM Arquitectura &amp; Dise\u00f1o (\u00a9 Lucio Alvarez Lastra)\" data-rl_title=\"Dormitorio (Espacio 33 Casa FOA 2014) \/ DIM Arquitectura &amp; Dise\u00f1o (\u00a9 Lucio Alvarez Lastra)\" class=\"rl-gallery-link\" data-rl_caption=\"Dormitorio (Espacio 33 Casa FOA 2014) \/ DIM Arquitectura &amp; Dise\u00f1o (\u00a9 Lucio Alvarez Lastra)\" data-rel=\"lightbox-gallery-1\"><img loading=\"lazy\" decoding=\"async\" width=\"150\" height=\"150\" src=\"https:\/\/www.arquimaster.com.ar\/web\/wp-content\/uploads\/2014\/10\/espacio33_casafoa2014_9-150x150.jpg\" class=\"attachment-thumbnail size-thumbnail\" alt=\"\" aria-describedby=\"gallery-1-10313\" srcset=\"https:\/\/www.arquimaster.com.ar\/web\/wp-content\/uploads\/2014\/10\/espacio33_casafoa2014_9-150x150.jpg 150w, https:\/\/www.arquimaster.com.ar\/web\/wp-content\/uploads\/2014\/10\/espacio33_casafoa2014_9-50x50.jpg 50w, https:\/\/www.arquimaster.com.ar\/web\/wp-content\/uploads\/2014\/10\/espacio33_casafoa2014_9-125x125.jpg 125w\" sizes=\"auto, (max-width: 150px) 100vw, 150px\" \/><\/a>\n\t\t\t<\/div>\n\t\t\t\t<figcaption class='wp-caption-text gallery-caption' id='gallery-1-10313'>\n\t\t\t\tDormitorio (Espacio 33 Casa FOA 2014) \/ DIM Arquitectura &#038; Dise\u00f1o (\u00a9 Lucio Alvarez Lastra)\n\t\t\t\t<\/figcaption><\/figure><figure class='gallery-item'>\n\t\t\t<div class='gallery-icon portrait'>\n\t\t\t\t<a href='https:\/\/www.arquimaster.com.ar\/web\/wp-content\/uploads\/2014\/10\/espacio33_casafoa2014_10.jpg' title=\"Dormitorio (Espacio 33 Casa FOA 2014) \/ DIM Arquitectura &amp; Dise\u00f1o (\u00a9 Casa FOA)\" data-rl_title=\"Dormitorio (Espacio 33 Casa FOA 2014) \/ DIM Arquitectura &amp; Dise\u00f1o (\u00a9 Casa FOA)\" class=\"rl-gallery-link\" data-rl_caption=\"Dormitorio (Espacio 33 Casa FOA 2014) \/ DIM Arquitectura &amp; Dise\u00f1o (\u00a9 Casa FOA)\" data-rel=\"lightbox-gallery-1\"><img loading=\"lazy\" decoding=\"async\" width=\"150\" height=\"150\" src=\"https:\/\/www.arquimaster.com.ar\/web\/wp-content\/uploads\/2014\/10\/espacio33_casafoa2014_10-150x150.jpg\" class=\"attachment-thumbnail size-thumbnail\" alt=\"\" aria-describedby=\"gallery-1-10314\" srcset=\"https:\/\/www.arquimaster.com.ar\/web\/wp-content\/uploads\/2014\/10\/espacio33_casafoa2014_10-150x150.jpg 150w, https:\/\/www.arquimaster.com.ar\/web\/wp-content\/uploads\/2014\/10\/espacio33_casafoa2014_10-50x50.jpg 50w, https:\/\/www.arquimaster.com.ar\/web\/wp-content\/uploads\/2014\/10\/espacio33_casafoa2014_10-125x125.jpg 125w\" sizes=\"auto, (max-width: 150px) 100vw, 150px\" \/><\/a>\n\t\t\t<\/div>\n\t\t\t\t<figcaption class='wp-caption-text gallery-caption' id='gallery-1-10314'>\n\t\t\t\tDormitorio (Espacio 33 Casa FOA 2014) \/ DIM Arquitectura &#038; Dise\u00f1o (\u00a9 Casa FOA)\n\t\t\t\t<\/figcaption><\/figure><figure class='gallery-item'>\n\t\t\t<div class='gallery-icon portrait'>\n\t\t\t\t<a href='https:\/\/www.arquimaster.com.ar\/web\/wp-content\/uploads\/2014\/10\/espacio33_casafoa2014_11.jpg' title=\"Dormitorio (Espacio 33 Casa FOA 2014) \/ DIM Arquitectura &amp; Dise\u00f1o\" data-rl_title=\"Dormitorio (Espacio 33 Casa FOA 2014) \/ DIM Arquitectura &amp; Dise\u00f1o\" class=\"rl-gallery-link\" data-rl_caption=\"Dormitorio (Espacio 33 Casa FOA 2014) \/ DIM Arquitectura &amp; Dise\u00f1o\" data-rel=\"lightbox-gallery-1\"><img loading=\"lazy\" decoding=\"async\" width=\"150\" height=\"150\" src=\"https:\/\/www.arquimaster.com.ar\/web\/wp-content\/uploads\/2014\/10\/espacio33_casafoa2014_11-150x150.jpg\" class=\"attachment-thumbnail size-thumbnail\" alt=\"\" aria-describedby=\"gallery-1-10315\" srcset=\"https:\/\/www.arquimaster.com.ar\/web\/wp-content\/uploads\/2014\/10\/espacio33_casafoa2014_11-150x150.jpg 150w, https:\/\/www.arquimaster.com.ar\/web\/wp-content\/uploads\/2014\/10\/espacio33_casafoa2014_11-50x50.jpg 50w, https:\/\/www.arquimaster.com.ar\/web\/wp-content\/uploads\/2014\/10\/espacio33_casafoa2014_11-125x125.jpg 125w\" sizes=\"auto, (max-width: 150px) 100vw, 150px\" \/><\/a>\n\t\t\t<\/div>\n\t\t\t\t<figcaption class='wp-caption-text gallery-caption' id='gallery-1-10315'>\n\t\t\t\tDormitorio (Espacio 33 Casa FOA 2014) \/ DIM Arquitectura &#038; Dise\u00f1o\n\t\t\t\t<\/figcaption><\/figure><figure class='gallery-item'>\n\t\t\t<div class='gallery-icon portrait'>\n\t\t\t\t<a href='https:\/\/www.arquimaster.com.ar\/web\/wp-content\/uploads\/2014\/10\/espacio33_casafoa2014_12.jpg' title=\"Dormitorio (Espacio 33 Casa FOA 2014) \/ DIM Arquitectura &amp; Dise\u00f1o\" data-rl_title=\"Dormitorio (Espacio 33 Casa FOA 2014) \/ DIM Arquitectura &amp; Dise\u00f1o\" class=\"rl-gallery-link\" data-rl_caption=\"Dormitorio (Espacio 33 Casa FOA 2014) \/ DIM Arquitectura &amp; Dise\u00f1o\" data-rel=\"lightbox-gallery-1\"><img loading=\"lazy\" decoding=\"async\" width=\"150\" height=\"150\" src=\"https:\/\/www.arquimaster.com.ar\/web\/wp-content\/uploads\/2014\/10\/espacio33_casafoa2014_12-150x150.jpg\" class=\"attachment-thumbnail size-thumbnail\" alt=\"\" aria-describedby=\"gallery-1-10316\" srcset=\"https:\/\/www.arquimaster.com.ar\/web\/wp-content\/uploads\/2014\/10\/espacio33_casafoa2014_12-150x150.jpg 150w, https:\/\/www.arquimaster.com.ar\/web\/wp-content\/uploads\/2014\/10\/espacio33_casafoa2014_12-50x50.jpg 50w, https:\/\/www.arquimaster.com.ar\/web\/wp-content\/uploads\/2014\/10\/espacio33_casafoa2014_12-125x125.jpg 125w\" sizes=\"auto, (max-width: 150px) 100vw, 150px\" \/><\/a>\n\t\t\t<\/div>\n\t\t\t\t<figcaption class='wp-caption-text gallery-caption' id='gallery-1-10316'>\n\t\t\t\tDormitorio (Espacio 33 Casa FOA 2014) \/ DIM Arquitectura &#038; Dise\u00f1o\n\t\t\t\t<\/figcaption><\/figure><figure class='gallery-item'>\n\t\t\t<div class='gallery-icon portrait'>\n\t\t\t\t<a href='https:\/\/www.arquimaster.com.ar\/web\/wp-content\/uploads\/2014\/10\/espacio33_casafoa2014_13.jpg' title=\"Dormitorio (Espacio 33 Casa FOA 2014) \/ DIM Arquitectura &amp; Dise\u00f1o\" data-rl_title=\"Dormitorio (Espacio 33 Casa FOA 2014) \/ DIM Arquitectura &amp; Dise\u00f1o\" class=\"rl-gallery-link\" data-rl_caption=\"Dormitorio (Espacio 33 Casa FOA 2014) \/ DIM Arquitectura &amp; Dise\u00f1o\" data-rel=\"lightbox-gallery-1\"><img loading=\"lazy\" decoding=\"async\" width=\"150\" height=\"150\" src=\"https:\/\/www.arquimaster.com.ar\/web\/wp-content\/uploads\/2014\/10\/espacio33_casafoa2014_13-150x150.jpg\" class=\"attachment-thumbnail size-thumbnail\" alt=\"\" aria-describedby=\"gallery-1-10317\" srcset=\"https:\/\/www.arquimaster.com.ar\/web\/wp-content\/uploads\/2014\/10\/espacio33_casafoa2014_13-150x150.jpg 150w, https:\/\/www.arquimaster.com.ar\/web\/wp-content\/uploads\/2014\/10\/espacio33_casafoa2014_13-50x50.jpg 50w, https:\/\/www.arquimaster.com.ar\/web\/wp-content\/uploads\/2014\/10\/espacio33_casafoa2014_13-125x125.jpg 125w\" sizes=\"auto, (max-width: 150px) 100vw, 150px\" \/><\/a>\n\t\t\t<\/div>\n\t\t\t\t<figcaption class='wp-caption-text gallery-caption' id='gallery-1-10317'>\n\t\t\t\tDormitorio (Espacio 33 Casa FOA 2014) \/ DIM Arquitectura &#038; Dise\u00f1o\n\t\t\t\t<\/figcaption><\/figure><figure class='gallery-item'>\n\t\t\t<div class='gallery-icon landscape'>\n\t\t\t\t<a href='https:\/\/www.arquimaster.com.ar\/web\/wp-content\/uploads\/2014\/10\/espacio33_casafoa2014_14.jpg' title=\"Dormitorio (Espacio 33 Casa FOA 2014) \/ DIM Arquitectura &amp; Dise\u00f1o\" data-rl_title=\"Dormitorio (Espacio 33 Casa FOA 2014) \/ DIM Arquitectura &amp; Dise\u00f1o\" class=\"rl-gallery-link\" data-rl_caption=\"Dormitorio (Espacio 33 Casa FOA 2014) \/ DIM Arquitectura &amp; Dise\u00f1o\" data-rel=\"lightbox-gallery-1\"><img loading=\"lazy\" decoding=\"async\" width=\"150\" height=\"150\" src=\"https:\/\/www.arquimaster.com.ar\/web\/wp-content\/uploads\/2014\/10\/espacio33_casafoa2014_14-150x150.jpg\" class=\"attachment-thumbnail size-thumbnail\" alt=\"\" aria-describedby=\"gallery-1-10318\" srcset=\"https:\/\/www.arquimaster.com.ar\/web\/wp-content\/uploads\/2014\/10\/espacio33_casafoa2014_14-150x150.jpg 150w, https:\/\/www.arquimaster.com.ar\/web\/wp-content\/uploads\/2014\/10\/espacio33_casafoa2014_14-50x50.jpg 50w, https:\/\/www.arquimaster.com.ar\/web\/wp-content\/uploads\/2014\/10\/espacio33_casafoa2014_14-125x125.jpg 125w\" sizes=\"auto, (max-width: 150px) 100vw, 150px\" \/><\/a>\n\t\t\t<\/div>\n\t\t\t\t<figcaption class='wp-caption-text gallery-caption' id='gallery-1-10318'>\n\t\t\t\tDormitorio (Espacio 33 Casa FOA 2014) \/ DIM Arquitectura &#038; Dise\u00f1o\n\t\t\t\t<\/figcaption><\/figure><figure class='gallery-item'>\n\t\t\t<div class='gallery-icon landscape'>\n\t\t\t\t<a href='https:\/\/www.arquimaster.com.ar\/web\/wp-content\/uploads\/2014\/10\/espacio33_casafoa2014_15.jpg' title=\"Dormitorio (Espacio 33 Casa FOA 2014) \/ DIM Arquitectura &amp; Dise\u00f1o\" data-rl_title=\"Dormitorio (Espacio 33 Casa FOA 2014) \/ DIM Arquitectura &amp; Dise\u00f1o\" class=\"rl-gallery-link\" data-rl_caption=\"Dormitorio (Espacio 33 Casa FOA 2014) \/ DIM Arquitectura &amp; Dise\u00f1o\" data-rel=\"lightbox-gallery-1\"><img loading=\"lazy\" decoding=\"async\" width=\"150\" height=\"150\" src=\"https:\/\/www.arquimaster.com.ar\/web\/wp-content\/uploads\/2014\/10\/espacio33_casafoa2014_15-150x150.jpg\" class=\"attachment-thumbnail size-thumbnail\" alt=\"\" aria-describedby=\"gallery-1-10319\" srcset=\"https:\/\/www.arquimaster.com.ar\/web\/wp-content\/uploads\/2014\/10\/espacio33_casafoa2014_15-150x150.jpg 150w, https:\/\/www.arquimaster.com.ar\/web\/wp-content\/uploads\/2014\/10\/espacio33_casafoa2014_15-50x50.jpg 50w, https:\/\/www.arquimaster.com.ar\/web\/wp-content\/uploads\/2014\/10\/espacio33_casafoa2014_15-125x125.jpg 125w\" sizes=\"auto, (max-width: 150px) 100vw, 150px\" \/><\/a>\n\t\t\t<\/div>\n\t\t\t\t<figcaption class='wp-caption-text gallery-caption' id='gallery-1-10319'>\n\t\t\t\tDormitorio (Espacio 33 Casa FOA 2014) \/ DIM Arquitectura &#038; Dise\u00f1o\n\t\t\t\t<\/figcaption><\/figure><figure class='gallery-item'>\n\t\t\t<div class='gallery-icon landscape'>\n\t\t\t\t<a href='https:\/\/www.arquimaster.com.ar\/web\/wp-content\/uploads\/2014\/10\/espacio33_casafoa2014_16.jpg' title=\"Dormitorio (Espacio 33 Casa FOA 2014) \/ DIM Arquitectura &amp; Dise\u00f1o\" data-rl_title=\"Dormitorio (Espacio 33 Casa FOA 2014) \/ DIM Arquitectura &amp; Dise\u00f1o\" class=\"rl-gallery-link\" data-rl_caption=\"Dormitorio (Espacio 33 Casa FOA 2014) \/ DIM Arquitectura &amp; Dise\u00f1o\" data-rel=\"lightbox-gallery-1\"><img loading=\"lazy\" decoding=\"async\" width=\"150\" height=\"150\" src=\"https:\/\/www.arquimaster.com.ar\/web\/wp-content\/uploads\/2014\/10\/espacio33_casafoa2014_16-150x150.jpg\" class=\"attachment-thumbnail size-thumbnail\" alt=\"\" aria-describedby=\"gallery-1-10320\" srcset=\"https:\/\/www.arquimaster.com.ar\/web\/wp-content\/uploads\/2014\/10\/espacio33_casafoa2014_16-150x150.jpg 150w, https:\/\/www.arquimaster.com.ar\/web\/wp-content\/uploads\/2014\/10\/espacio33_casafoa2014_16-50x50.jpg 50w, https:\/\/www.arquimaster.com.ar\/web\/wp-content\/uploads\/2014\/10\/espacio33_casafoa2014_16-125x125.jpg 125w\" sizes=\"auto, (max-width: 150px) 100vw, 150px\" \/><\/a>\n\t\t\t<\/div>\n\t\t\t\t<figcaption class='wp-caption-text gallery-caption' id='gallery-1-10320'>\n\t\t\t\tDormitorio (Espacio 33 Casa FOA 2014) \/ DIM Arquitectura &#038; Dise\u00f1o\n\t\t\t\t<\/figcaption><\/figure><figure class='gallery-item'>\n\t\t\t<div class='gallery-icon landscape'>\n\t\t\t\t<a href='https:\/\/www.arquimaster.com.ar\/web\/wp-content\/uploads\/2014\/10\/espacio33_casafoa2014_17.jpg' title=\"Dormitorio (Espacio 33 Casa FOA 2014) \/ DIM Arquitectura &amp; Dise\u00f1o\" data-rl_title=\"Dormitorio (Espacio 33 Casa FOA 2014) \/ DIM Arquitectura &amp; Dise\u00f1o\" class=\"rl-gallery-link\" data-rl_caption=\"Dormitorio (Espacio 33 Casa FOA 2014) \/ DIM Arquitectura &amp; Dise\u00f1o\" data-rel=\"lightbox-gallery-1\"><img loading=\"lazy\" decoding=\"async\" width=\"150\" height=\"150\" src=\"https:\/\/www.arquimaster.com.ar\/web\/wp-content\/uploads\/2014\/10\/espacio33_casafoa2014_17-150x150.jpg\" class=\"attachment-thumbnail size-thumbnail\" alt=\"\" aria-describedby=\"gallery-1-10321\" srcset=\"https:\/\/www.arquimaster.com.ar\/web\/wp-content\/uploads\/2014\/10\/espacio33_casafoa2014_17-150x150.jpg 150w, https:\/\/www.arquimaster.com.ar\/web\/wp-content\/uploads\/2014\/10\/espacio33_casafoa2014_17-50x50.jpg 50w, https:\/\/www.arquimaster.com.ar\/web\/wp-content\/uploads\/2014\/10\/espacio33_casafoa2014_17-125x125.jpg 125w\" sizes=\"auto, (max-width: 150px) 100vw, 150px\" \/><\/a>\n\t\t\t<\/div>\n\t\t\t\t<figcaption class='wp-caption-text gallery-caption' id='gallery-1-10321'>\n\t\t\t\tDormitorio (Espacio 33 Casa FOA 2014) \/ DIM Arquitectura &#038; Dise\u00f1o\n\t\t\t\t<\/figcaption><\/figure>\n\t\t<\/div>\n\n<p>Teniendo en cuenta esto, pensamos que debe ser un espacio c\u00f3modo y flexible tanto en su disposici\u00f3n funcional como en las posibilidades de decoraci\u00f3n y dise\u00f1o personal.<\/p>\n<p>La propuesta parte del armado del espacio entero a trav\u00e9s de una estructura de madera.<\/p>\n<p>Es un dise\u00f1o que se contrapone a las formas curvas de la construcci\u00f3n original pero que es f\u00e1cilmente adaptable a la misma y juntas generan una interesante composici\u00f3n.<\/p>\n<p>Tomamos la madera como material \u00fanico ya que adem\u00e1s de ser sustentable por su reciclaje, est\u00e1 fuertemente ligado a uno de los usos esenciales en el arte y el dise\u00f1o, el bastidor.<\/p>\n<p>La estructura se convierte en bastidores que a trav\u00e9s de diferentes tratamientos y funciones delimitan y definen cada sector del dormitorio pero que en su totalidad se puede ver una linealidad y continuidad en todo el armado.<\/p>\n<p>Otra de las ideas rectoras del proyecto fue armar un espacio funcional y darle la calidez e intimidad que debe tener un dormitorio.<\/p>\n<p>El dormitorio tiene como elemento principal la cama con colch\u00f3n, almohadas de Rosen (y armada con productos de Arredo), con dos mesas auxiliares a cada lado.<\/p>\n<p>Enfrentada a la cama se arma el mueble para la pantalla led y biblioteca, y a los costados de este sector central aparece un escritorio y biblioteca por un lado, y un espacio de guardado por el otro.<\/p>\n<p>En todos los estantes se colocaron los objetos de decoracion y libros de nuestros colaboradores: Solsken, Indio Tienda, Moebius y Greens.<\/p>\n<p>La calidez del espacio se logr\u00f3 de dos formas. El uso de la madera para\u00edso en su tinte natural en la estructura y el piso de Patagonia Flooring elegido fue el Roble de Eslavonia, tambi\u00e9n natural.<\/p>\n<p>Por otro lado, la iluminaci\u00f3n contribuye en gran parte a generar este ambiente c\u00e1lido.<br \/>\nAprovechando el techo abovedado, el cual se ilumina a trav\u00e9s de cuatro artefactos ubicados en cada v\u00e9rtice, creamos un efecto visual que lo integra al espacio.<\/p>\n<p>En los estantes de todo el dormitorio utilizamos iluminaci\u00f3n led y l\u00e1mparas de bajo consumo para la iluminaci\u00f3n general colocada en la estructura misma.<\/p>\n<p>La pintura elegida fue Toque de Gris de Alba para que contraste con los colores de la madera y esta tome m\u00e1s protagonismo.<\/p>\n<p>Riel Americano nos proporcion\u00f3 la cortina de gasa blanca, que le suma el efecto y terminaci\u00f3n de calidez al espacio.<\/p>\n<p><strong>Contacto<\/strong><br \/>\n<a title=\"DIM Arquitectura &amp; Dise\u00f1o\" href=\"http:\/\/www.facebook.com\/dimarquitectas\" target=\"_blank\">http:\/\/www.facebook.com\/dimarquitectas<\/a><\/p>\n<p>Fotos cortesia de DIM Arquitectura &amp; Dise\u00f1o<\/p>\n\n<div style=\"font-size: 0px; height: 0px; line-height: 0px; margin: 0; padding: 0; clear: both;\"><\/div><div style=\"margin-top: 0px; margin-bottom: 0px;\" class=\"sharethis-inline-share-buttons\" ><\/div>","protected":false},"excerpt":{"rendered":"<p>La propuesta parte del armado del espacio entero a trav\u00e9s de una estructura de madera&#8230;<\/p>\n","protected":false},"author":1,"featured_media":10304,"comment_status":"closed","ping_status":"closed","sticky":false,"template":"","format":"standard","meta":{"_uag_custom_page_level_css":"","footnotes":""},"categories":[2680,55],"tags":[2705,2066,3524,37,2703,2704,1697,2690,1401,2681,2707,2706],"class_list":["post-10303","post","type-post","status-publish","format-standard","has-post-thumbnail","hentry","category-casa-foa-2014","category-diseno","tag-cande-cadenas-madariaga","tag-casa-foa","tag-casa-foa-2014","tag-decoracion","tag-dim","tag-dim-arquitectura-diseno","tag-diseno-de-interiores","tag-dormitorio","tag-foa","tag-la-abadia","tag-lelu-rica","tag-paula-pintos","generate-columns","tablet-grid-50","mobile-grid-100","grid-parent","grid-50"],"yoast_head":"<!-- This site is optimized with the Yoast SEO plugin v27.3 - https:\/\/yoast.com\/product\/yoast-seo-wordpress\/ -->\n<title>Dormitorio (Espacio 33 Casa FOA 2014) \/ DIM Arquitectura &amp; Dise\u00f1o - Arquimaster<\/title>\n<meta name=\"robots\" content=\"index, follow, max-snippet:-1, max-image-preview:large, max-video-preview:-1\" \/>\n<link rel=\"canonical\" href=\"https:\/\/www.arquimaster.com.ar\/web\/dormitorio-espacio-33-casa-foa-2014-dim-arquitectura-diseno\/\" \/>\n<meta property=\"og:locale\" content=\"es_ES\" \/>\n<meta property=\"og:type\" content=\"article\" \/>\n<meta property=\"og:title\" content=\"Dormitorio (Espacio 33 Casa FOA 2014) \/ DIM Arquitectura &amp; Dise\u00f1o - Arquimaster\" \/>\n<meta property=\"og:description\" content=\"La propuesta parte del armado del espacio entero a trav\u00e9s de una estructura de madera...\" \/>\n<meta property=\"og:url\" content=\"https:\/\/www.arquimaster.com.ar\/web\/dormitorio-espacio-33-casa-foa-2014-dim-arquitectura-diseno\/\" \/>\n<meta property=\"og:site_name\" content=\"Arquimaster\" \/>\n<meta property=\"article:publisher\" content=\"http:\/\/www.facebook.com\/ARQUIMASTER.com.ar\" \/>\n<meta property=\"article:published_time\" content=\"2014-10-12T19:00:06+00:00\" \/>\n<meta property=\"article:modified_time\" content=\"2014-10-12T23:57:23+00:00\" \/>\n<meta property=\"og:image\" content=\"https:\/\/www.arquimaster.com.ar\/web\/wp-content\/uploads\/2014\/10\/espacio33_casafoa2014_slide.jpg\" \/>\n\t<meta property=\"og:image:width\" content=\"642\" \/>\n\t<meta property=\"og:image:height\" content=\"336\" \/>\n\t<meta property=\"og:image:type\" content=\"image\/jpeg\" \/>\n<meta name=\"author\" content=\"Arquimaster\" \/>\n<meta name=\"twitter:card\" content=\"summary_large_image\" \/>\n<meta name=\"twitter:creator\" content=\"@arquimaster\" \/>\n<meta name=\"twitter:site\" content=\"@arquimaster\" \/>\n<meta name=\"twitter:label1\" content=\"Escrito por\" \/>\n\t<meta name=\"twitter:data1\" content=\"Arquimaster\" \/>\n\t<meta name=\"twitter:label2\" content=\"Tiempo de lectura\" \/>\n\t<meta name=\"twitter:data2\" content=\"2 minutos\" \/>\n<script type=\"application\/ld+json\" class=\"yoast-schema-graph\">{\"@context\":\"https:\\\/\\\/schema.org\",\"@graph\":[{\"@type\":\"Article\",\"@id\":\"https:\\\/\\\/www.arquimaster.com.ar\\\/web\\\/dormitorio-espacio-33-casa-foa-2014-dim-arquitectura-diseno\\\/#article\",\"isPartOf\":{\"@id\":\"https:\\\/\\\/www.arquimaster.com.ar\\\/web\\\/dormitorio-espacio-33-casa-foa-2014-dim-arquitectura-diseno\\\/\"},\"author\":{\"name\":\"Arquimaster\",\"@id\":\"https:\\\/\\\/www.arquimaster.com.ar\\\/web\\\/#\\\/schema\\\/person\\\/359e9f7c00193fcde068e0dd2ceb0028\"},\"headline\":\"Dormitorio (Espacio 33 Casa FOA 2014) \\\/ DIM Arquitectura &#038; Dise\u00f1o\",\"datePublished\":\"2014-10-12T19:00:06+00:00\",\"dateModified\":\"2014-10-12T23:57:23+00:00\",\"mainEntityOfPage\":{\"@id\":\"https:\\\/\\\/www.arquimaster.com.ar\\\/web\\\/dormitorio-espacio-33-casa-foa-2014-dim-arquitectura-diseno\\\/\"},\"wordCount\":500,\"publisher\":{\"@id\":\"https:\\\/\\\/www.arquimaster.com.ar\\\/web\\\/#organization\"},\"image\":{\"@id\":\"https:\\\/\\\/www.arquimaster.com.ar\\\/web\\\/dormitorio-espacio-33-casa-foa-2014-dim-arquitectura-diseno\\\/#primaryimage\"},\"thumbnailUrl\":\"https:\\\/\\\/www.arquimaster.com.ar\\\/web\\\/wp-content\\\/uploads\\\/2014\\\/10\\\/espacio33_casafoa2014_slide.jpg\",\"keywords\":[\"Cande Cadenas Madariaga\",\"Casa FOA\",\"Casa FOA 2014\",\"decoracion\",\"DIM\",\"DIM Arquitectura &amp; Dise\u00f1o\",\"dise\u00f1o de interiores\",\"dormitorio\",\"FOA\",\"La Abadia\",\"Lelu Rica\",\"Paula Pintos\"],\"articleSection\":[\"Casa FOA 2014\",\"Dise\u00f1o\"],\"inLanguage\":\"es\"},{\"@type\":\"WebPage\",\"@id\":\"https:\\\/\\\/www.arquimaster.com.ar\\\/web\\\/dormitorio-espacio-33-casa-foa-2014-dim-arquitectura-diseno\\\/\",\"url\":\"https:\\\/\\\/www.arquimaster.com.ar\\\/web\\\/dormitorio-espacio-33-casa-foa-2014-dim-arquitectura-diseno\\\/\",\"name\":\"Dormitorio (Espacio 33 Casa FOA 2014) \\\/ DIM Arquitectura & Dise\u00f1o - Arquimaster\",\"isPartOf\":{\"@id\":\"https:\\\/\\\/www.arquimaster.com.ar\\\/web\\\/#website\"},\"primaryImageOfPage\":{\"@id\":\"https:\\\/\\\/www.arquimaster.com.ar\\\/web\\\/dormitorio-espacio-33-casa-foa-2014-dim-arquitectura-diseno\\\/#primaryimage\"},\"image\":{\"@id\":\"https:\\\/\\\/www.arquimaster.com.ar\\\/web\\\/dormitorio-espacio-33-casa-foa-2014-dim-arquitectura-diseno\\\/#primaryimage\"},\"thumbnailUrl\":\"https:\\\/\\\/www.arquimaster.com.ar\\\/web\\\/wp-content\\\/uploads\\\/2014\\\/10\\\/espacio33_casafoa2014_slide.jpg\",\"datePublished\":\"2014-10-12T19:00:06+00:00\",\"dateModified\":\"2014-10-12T23:57:23+00:00\",\"breadcrumb\":{\"@id\":\"https:\\\/\\\/www.arquimaster.com.ar\\\/web\\\/dormitorio-espacio-33-casa-foa-2014-dim-arquitectura-diseno\\\/#breadcrumb\"},\"inLanguage\":\"es\",\"potentialAction\":[{\"@type\":\"ReadAction\",\"target\":[\"https:\\\/\\\/www.arquimaster.com.ar\\\/web\\\/dormitorio-espacio-33-casa-foa-2014-dim-arquitectura-diseno\\\/\"]}]},{\"@type\":\"ImageObject\",\"inLanguage\":\"es\",\"@id\":\"https:\\\/\\\/www.arquimaster.com.ar\\\/web\\\/dormitorio-espacio-33-casa-foa-2014-dim-arquitectura-diseno\\\/#primaryimage\",\"url\":\"https:\\\/\\\/www.arquimaster.com.ar\\\/web\\\/wp-content\\\/uploads\\\/2014\\\/10\\\/espacio33_casafoa2014_slide.jpg\",\"contentUrl\":\"https:\\\/\\\/www.arquimaster.com.ar\\\/web\\\/wp-content\\\/uploads\\\/2014\\\/10\\\/espacio33_casafoa2014_slide.jpg\",\"width\":642,\"height\":336},{\"@type\":\"BreadcrumbList\",\"@id\":\"https:\\\/\\\/www.arquimaster.com.ar\\\/web\\\/dormitorio-espacio-33-casa-foa-2014-dim-arquitectura-diseno\\\/#breadcrumb\",\"itemListElement\":[{\"@type\":\"ListItem\",\"position\":1,\"name\":\"Portada\",\"item\":\"https:\\\/\\\/www.arquimaster.com.ar\\\/web\\\/\"},{\"@type\":\"ListItem\",\"position\":2,\"name\":\"Dormitorio (Espacio 33 Casa FOA 2014) \\\/ DIM Arquitectura &#038; Dise\u00f1o\"}]},{\"@type\":\"WebSite\",\"@id\":\"https:\\\/\\\/www.arquimaster.com.ar\\\/web\\\/#website\",\"url\":\"https:\\\/\\\/www.arquimaster.com.ar\\\/web\\\/\",\"name\":\"Arquimaster\",\"description\":\"Web de arquitectura, dise\u00f1o y construccion\",\"publisher\":{\"@id\":\"https:\\\/\\\/www.arquimaster.com.ar\\\/web\\\/#organization\"},\"potentialAction\":[{\"@type\":\"SearchAction\",\"target\":{\"@type\":\"EntryPoint\",\"urlTemplate\":\"https:\\\/\\\/www.arquimaster.com.ar\\\/web\\\/?s={search_term_string}\"},\"query-input\":{\"@type\":\"PropertyValueSpecification\",\"valueRequired\":true,\"valueName\":\"search_term_string\"}}],\"inLanguage\":\"es\"},{\"@type\":\"Organization\",\"@id\":\"https:\\\/\\\/www.arquimaster.com.ar\\\/web\\\/#organization\",\"name\":\"Arquimaster\",\"url\":\"https:\\\/\\\/www.arquimaster.com.ar\\\/web\\\/\",\"logo\":{\"@type\":\"ImageObject\",\"inLanguage\":\"es\",\"@id\":\"https:\\\/\\\/www.arquimaster.com.ar\\\/web\\\/#\\\/schema\\\/logo\\\/image\\\/\",\"url\":\"https:\\\/\\\/www.arquimaster.com.ar\\\/web\\\/wp-content\\\/uploads\\\/2022\\\/06\\\/arquimaster.png\",\"contentUrl\":\"https:\\\/\\\/www.arquimaster.com.ar\\\/web\\\/wp-content\\\/uploads\\\/2022\\\/06\\\/arquimaster.png\",\"width\":594,\"height\":78,\"caption\":\"Arquimaster\"},\"image\":{\"@id\":\"https:\\\/\\\/www.arquimaster.com.ar\\\/web\\\/#\\\/schema\\\/logo\\\/image\\\/\"},\"sameAs\":[\"http:\\\/\\\/www.facebook.com\\\/ARQUIMASTER.com.ar\",\"https:\\\/\\\/x.com\\\/arquimaster\",\"https:\\\/\\\/www.instagram.com\\\/arquimasterblog\\\/\",\"https:\\\/\\\/www.linkedin.com\\\/company\\\/arquimaster\",\"https:\\\/\\\/www.pinterest.com\\\/arquimaster\",\"https:\\\/\\\/t.me\\\/arquimaster\"]},{\"@type\":\"Person\",\"@id\":\"https:\\\/\\\/www.arquimaster.com.ar\\\/web\\\/#\\\/schema\\\/person\\\/359e9f7c00193fcde068e0dd2ceb0028\",\"name\":\"Arquimaster\"}]}<\/script>\n<!-- \/ Yoast SEO plugin. -->","yoast_head_json":{"title":"Dormitorio (Espacio 33 Casa FOA 2014) \/ DIM Arquitectura & Dise\u00f1o - Arquimaster","robots":{"index":"index","follow":"follow","max-snippet":"max-snippet:-1","max-image-preview":"max-image-preview:large","max-video-preview":"max-video-preview:-1"},"canonical":"https:\/\/www.arquimaster.com.ar\/web\/dormitorio-espacio-33-casa-foa-2014-dim-arquitectura-diseno\/","og_locale":"es_ES","og_type":"article","og_title":"Dormitorio (Espacio 33 Casa FOA 2014) \/ DIM Arquitectura & Dise\u00f1o - Arquimaster","og_description":"La propuesta parte del armado del espacio entero a trav\u00e9s de una estructura de madera...","og_url":"https:\/\/www.arquimaster.com.ar\/web\/dormitorio-espacio-33-casa-foa-2014-dim-arquitectura-diseno\/","og_site_name":"Arquimaster","article_publisher":"http:\/\/www.facebook.com\/ARQUIMASTER.com.ar","article_published_time":"2014-10-12T19:00:06+00:00","article_modified_time":"2014-10-12T23:57:23+00:00","og_image":[{"width":642,"height":336,"url":"https:\/\/www.arquimaster.com.ar\/web\/wp-content\/uploads\/2014\/10\/espacio33_casafoa2014_slide.jpg","type":"image\/jpeg"}],"author":"Arquimaster","twitter_card":"summary_large_image","twitter_creator":"@arquimaster","twitter_site":"@arquimaster","twitter_misc":{"Escrito por":"Arquimaster","Tiempo de lectura":"2 minutos"},"schema":{"@context":"https:\/\/schema.org","@graph":[{"@type":"Article","@id":"https:\/\/www.arquimaster.com.ar\/web\/dormitorio-espacio-33-casa-foa-2014-dim-arquitectura-diseno\/#article","isPartOf":{"@id":"https:\/\/www.arquimaster.com.ar\/web\/dormitorio-espacio-33-casa-foa-2014-dim-arquitectura-diseno\/"},"author":{"name":"Arquimaster","@id":"https:\/\/www.arquimaster.com.ar\/web\/#\/schema\/person\/359e9f7c00193fcde068e0dd2ceb0028"},"headline":"Dormitorio (Espacio 33 Casa FOA 2014) \/ DIM Arquitectura &#038; Dise\u00f1o","datePublished":"2014-10-12T19:00:06+00:00","dateModified":"2014-10-12T23:57:23+00:00","mainEntityOfPage":{"@id":"https:\/\/www.arquimaster.com.ar\/web\/dormitorio-espacio-33-casa-foa-2014-dim-arquitectura-diseno\/"},"wordCount":500,"publisher":{"@id":"https:\/\/www.arquimaster.com.ar\/web\/#organization"},"image":{"@id":"https:\/\/www.arquimaster.com.ar\/web\/dormitorio-espacio-33-casa-foa-2014-dim-arquitectura-diseno\/#primaryimage"},"thumbnailUrl":"https:\/\/www.arquimaster.com.ar\/web\/wp-content\/uploads\/2014\/10\/espacio33_casafoa2014_slide.jpg","keywords":["Cande Cadenas Madariaga","Casa FOA","Casa FOA 2014","decoracion","DIM","DIM Arquitectura &amp; Dise\u00f1o","dise\u00f1o de interiores","dormitorio","FOA","La Abadia","Lelu Rica","Paula Pintos"],"articleSection":["Casa FOA 2014","Dise\u00f1o"],"inLanguage":"es"},{"@type":"WebPage","@id":"https:\/\/www.arquimaster.com.ar\/web\/dormitorio-espacio-33-casa-foa-2014-dim-arquitectura-diseno\/","url":"https:\/\/www.arquimaster.com.ar\/web\/dormitorio-espacio-33-casa-foa-2014-dim-arquitectura-diseno\/","name":"Dormitorio (Espacio 33 Casa FOA 2014) \/ DIM Arquitectura & Dise\u00f1o - Arquimaster","isPartOf":{"@id":"https:\/\/www.arquimaster.com.ar\/web\/#website"},"primaryImageOfPage":{"@id":"https:\/\/www.arquimaster.com.ar\/web\/dormitorio-espacio-33-casa-foa-2014-dim-arquitectura-diseno\/#primaryimage"},"image":{"@id":"https:\/\/www.arquimaster.com.ar\/web\/dormitorio-espacio-33-casa-foa-2014-dim-arquitectura-diseno\/#primaryimage"},"thumbnailUrl":"https:\/\/www.arquimaster.com.ar\/web\/wp-content\/uploads\/2014\/10\/espacio33_casafoa2014_slide.jpg","datePublished":"2014-10-12T19:00:06+00:00","dateModified":"2014-10-12T23:57:23+00:00","breadcrumb":{"@id":"https:\/\/www.arquimaster.com.ar\/web\/dormitorio-espacio-33-casa-foa-2014-dim-arquitectura-diseno\/#breadcrumb"},"inLanguage":"es","potentialAction":[{"@type":"ReadAction","target":["https:\/\/www.arquimaster.com.ar\/web\/dormitorio-espacio-33-casa-foa-2014-dim-arquitectura-diseno\/"]}]},{"@type":"ImageObject","inLanguage":"es","@id":"https:\/\/www.arquimaster.com.ar\/web\/dormitorio-espacio-33-casa-foa-2014-dim-arquitectura-diseno\/#primaryimage","url":"https:\/\/www.arquimaster.com.ar\/web\/wp-content\/uploads\/2014\/10\/espacio33_casafoa2014_slide.jpg","contentUrl":"https:\/\/www.arquimaster.com.ar\/web\/wp-content\/uploads\/2014\/10\/espacio33_casafoa2014_slide.jpg","width":642,"height":336},{"@type":"BreadcrumbList","@id":"https:\/\/www.arquimaster.com.ar\/web\/dormitorio-espacio-33-casa-foa-2014-dim-arquitectura-diseno\/#breadcrumb","itemListElement":[{"@type":"ListItem","position":1,"name":"Portada","item":"https:\/\/www.arquimaster.com.ar\/web\/"},{"@type":"ListItem","position":2,"name":"Dormitorio (Espacio 33 Casa FOA 2014) \/ DIM Arquitectura &#038; Dise\u00f1o"}]},{"@type":"WebSite","@id":"https:\/\/www.arquimaster.com.ar\/web\/#website","url":"https:\/\/www.arquimaster.com.ar\/web\/","name":"Arquimaster","description":"Web de arquitectura, dise\u00f1o y construccion","publisher":{"@id":"https:\/\/www.arquimaster.com.ar\/web\/#organization"},"potentialAction":[{"@type":"SearchAction","target":{"@type":"EntryPoint","urlTemplate":"https:\/\/www.arquimaster.com.ar\/web\/?s={search_term_string}"},"query-input":{"@type":"PropertyValueSpecification","valueRequired":true,"valueName":"search_term_string"}}],"inLanguage":"es"},{"@type":"Organization","@id":"https:\/\/www.arquimaster.com.ar\/web\/#organization","name":"Arquimaster","url":"https:\/\/www.arquimaster.com.ar\/web\/","logo":{"@type":"ImageObject","inLanguage":"es","@id":"https:\/\/www.arquimaster.com.ar\/web\/#\/schema\/logo\/image\/","url":"https:\/\/www.arquimaster.com.ar\/web\/wp-content\/uploads\/2022\/06\/arquimaster.png","contentUrl":"https:\/\/www.arquimaster.com.ar\/web\/wp-content\/uploads\/2022\/06\/arquimaster.png","width":594,"height":78,"caption":"Arquimaster"},"image":{"@id":"https:\/\/www.arquimaster.com.ar\/web\/#\/schema\/logo\/image\/"},"sameAs":["http:\/\/www.facebook.com\/ARQUIMASTER.com.ar","https:\/\/x.com\/arquimaster","https:\/\/www.instagram.com\/arquimasterblog\/","https:\/\/www.linkedin.com\/company\/arquimaster","https:\/\/www.pinterest.com\/arquimaster","https:\/\/t.me\/arquimaster"]},{"@type":"Person","@id":"https:\/\/www.arquimaster.com.ar\/web\/#\/schema\/person\/359e9f7c00193fcde068e0dd2ceb0028","name":"Arquimaster"}]}},"uagb_featured_image_src":{"full":["https:\/\/www.arquimaster.com.ar\/web\/wp-content\/uploads\/2014\/10\/espacio33_casafoa2014_slide.jpg",642,336,false],"thumbnail":["https:\/\/www.arquimaster.com.ar\/web\/wp-content\/uploads\/2014\/10\/espacio33_casafoa2014_slide-150x150.jpg",150,150,true],"medium":["https:\/\/www.arquimaster.com.ar\/web\/wp-content\/uploads\/2014\/10\/espacio33_casafoa2014_slide-300x157.jpg",300,157,true],"medium_large":["https:\/\/www.arquimaster.com.ar\/web\/wp-content\/uploads\/2014\/10\/espacio33_casafoa2014_slide.jpg",642,336,false],"large":["https:\/\/www.arquimaster.com.ar\/web\/wp-content\/uploads\/2014\/10\/espacio33_casafoa2014_slide.jpg",642,336,false],"1536x1536":["https:\/\/www.arquimaster.com.ar\/web\/wp-content\/uploads\/2014\/10\/espacio33_casafoa2014_slide.jpg",642,336,false],"2048x2048":["https:\/\/www.arquimaster.com.ar\/web\/wp-content\/uploads\/2014\/10\/espacio33_casafoa2014_slide.jpg",642,336,false]},"uagb_author_info":{"display_name":"Arquimaster","author_link":"https:\/\/www.arquimaster.com.ar\/web\/author\/arquimaster\/"},"uagb_comment_info":0,"uagb_excerpt":"La propuesta parte del armado del espacio entero a trav\u00e9s de una estructura de madera...","_links":{"self":[{"href":"https:\/\/www.arquimaster.com.ar\/web\/wp-json\/wp\/v2\/posts\/10303","targetHints":{"allow":["GET"]}}],"collection":[{"href":"https:\/\/www.arquimaster.com.ar\/web\/wp-json\/wp\/v2\/posts"}],"about":[{"href":"https:\/\/www.arquimaster.com.ar\/web\/wp-json\/wp\/v2\/types\/post"}],"author":[{"embeddable":true,"href":"https:\/\/www.arquimaster.com.ar\/web\/wp-json\/wp\/v2\/users\/1"}],"replies":[{"embeddable":true,"href":"https:\/\/www.arquimaster.com.ar\/web\/wp-json\/wp\/v2\/comments?post=10303"}],"version-history":[{"count":0,"href":"https:\/\/www.arquimaster.com.ar\/web\/wp-json\/wp\/v2\/posts\/10303\/revisions"}],"wp:featuredmedia":[{"embeddable":true,"href":"https:\/\/www.arquimaster.com.ar\/web\/wp-json\/wp\/v2\/media\/10304"}],"wp:attachment":[{"href":"https:\/\/www.arquimaster.com.ar\/web\/wp-json\/wp\/v2\/media?parent=10303"}],"wp:term":[{"taxonomy":"category","embeddable":true,"href":"https:\/\/www.arquimaster.com.ar\/web\/wp-json\/wp\/v2\/categories?post=10303"},{"taxonomy":"post_tag","embeddable":true,"href":"https:\/\/www.arquimaster.com.ar\/web\/wp-json\/wp\/v2\/tags?post=10303"}],"curies":[{"name":"wp","href":"https:\/\/api.w.org\/{rel}","templated":true}]}}