{"id":10350,"date":"2014-10-13T20:03:57","date_gmt":"2014-10-13T20:03:57","guid":{"rendered":"http:\/\/www.arquimaster.com.ar\/web\/?p=10350"},"modified":"2014-10-13T20:03:57","modified_gmt":"2014-10-13T20:03:57","slug":"suite-de-hotel-espacio-17-casa-foa-2014-diana-gradel-y-eliana-gradel","status":"publish","type":"post","link":"https:\/\/www.arquimaster.com.ar\/web\/suite-de-hotel-espacio-17-casa-foa-2014-diana-gradel-y-eliana-gradel\/","title":{"rendered":"Suite de Hotel (Espacio 17 Casa FOA 2014) \/ Diana Gradel y Eliana Gradel"},"content":{"rendered":"<div style=\"margin-top: 0px; margin-bottom: 0px;\" class=\"sharethis-inline-share-buttons\" ><\/div><div class=\"b812932af2e751442846f039925109de\" data-index=\"1\" style=\"float: none; margin:25px 0 25px 0; text-align:center;\">\n<script async src=\"https:\/\/pagead2.googlesyndication.com\/pagead\/js\/adsbygoogle.js\"><\/script>\r\n<!-- Arquimaster (superior) -->\r\n<ins class=\"adsbygoogle\"\r\n     style=\"display:block\"\r\n     data-ad-client=\"ca-pub-6351072698456832\"\r\n     data-ad-slot=\"6455489680\"\r\n     data-ad-format=\"auto\"\r\n     data-full-width-responsive=\"true\"><\/ins>\r\n<script>\r\n     (adsbygoogle = window.adsbygoogle || []).push({});\r\n<\/script>\n<\/div>\n<p><strong>Suite de Hotel<\/strong> \u00abLleva de viaje a tus sentidos\u00bb (Espacio 17 Casa FOA 2014 La Abadia) por <strong>Diana Gradel<\/strong> y <strong>Eliana Gradel<\/strong>. El desaf\u00edo para esta Casa FOA 2014 fue crear en un espacio de medidas un tanto reducidas, un lugar que recreara una Suite de Hotel, que reuniera un clima calmo, agradable, que generara relax y, en este caso, con un comitente real, el Apart Hotel y Spa Ville Saint Germain Carilo.<\/p>\n<div id='gallery-1' class='gallery galleryid-10350 gallery-columns-3 gallery-size-thumbnail'><figure class='gallery-item'>\n\t\t\t<div class='gallery-icon landscape'>\n\t\t\t\t<a href='https:\/\/www.arquimaster.com.ar\/web\/wp-content\/uploads\/2014\/10\/espacio17_casafoa2014_1.jpg' title=\"Suite de Hotel (Espacio 17 Casa FOA 2014) \/ Diana Gradel y Eliana Gradel\" data-rl_title=\"Suite de Hotel (Espacio 17 Casa FOA 2014) \/ Diana Gradel y Eliana Gradel\" class=\"rl-gallery-link\" data-rl_caption=\"Suite de Hotel (Espacio 17 Casa FOA 2014) \/ Diana Gradel y Eliana Gradel\" data-rel=\"lightbox-gallery-1\"><img loading=\"lazy\" decoding=\"async\" width=\"150\" height=\"150\" src=\"https:\/\/www.arquimaster.com.ar\/web\/wp-content\/uploads\/2014\/10\/espacio17_casafoa2014_1-150x150.jpg\" class=\"attachment-thumbnail size-thumbnail\" alt=\"\" aria-describedby=\"gallery-1-10352\" srcset=\"https:\/\/www.arquimaster.com.ar\/web\/wp-content\/uploads\/2014\/10\/espacio17_casafoa2014_1-150x150.jpg 150w, https:\/\/www.arquimaster.com.ar\/web\/wp-content\/uploads\/2014\/10\/espacio17_casafoa2014_1-50x50.jpg 50w, https:\/\/www.arquimaster.com.ar\/web\/wp-content\/uploads\/2014\/10\/espacio17_casafoa2014_1-125x125.jpg 125w\" sizes=\"auto, (max-width: 150px) 100vw, 150px\" \/><\/a>\n\t\t\t<\/div>\n\t\t\t\t<figcaption class='wp-caption-text gallery-caption' id='gallery-1-10352'>\n\t\t\t\tSuite de Hotel (Espacio 17 Casa FOA 2014) \/ Diana Gradel y Eliana Gradel\n\t\t\t\t<\/figcaption><\/figure><figure class='gallery-item'>\n\t\t\t<div class='gallery-icon landscape'>\n\t\t\t\t<a href='https:\/\/www.arquimaster.com.ar\/web\/wp-content\/uploads\/2014\/10\/espacio17_casafoa2014_2.jpg' title=\"Suite de Hotel (Espacio 17 Casa FOA 2014) \/ Diana Gradel y Eliana Gradel\" data-rl_title=\"Suite de Hotel (Espacio 17 Casa FOA 2014) \/ Diana Gradel y Eliana Gradel\" class=\"rl-gallery-link\" data-rl_caption=\"Suite de Hotel (Espacio 17 Casa FOA 2014) \/ Diana Gradel y Eliana Gradel\" data-rel=\"lightbox-gallery-1\"><img loading=\"lazy\" decoding=\"async\" width=\"150\" height=\"150\" src=\"https:\/\/www.arquimaster.com.ar\/web\/wp-content\/uploads\/2014\/10\/espacio17_casafoa2014_2-150x150.jpg\" class=\"attachment-thumbnail size-thumbnail\" alt=\"\" aria-describedby=\"gallery-1-10353\" srcset=\"https:\/\/www.arquimaster.com.ar\/web\/wp-content\/uploads\/2014\/10\/espacio17_casafoa2014_2-150x150.jpg 150w, https:\/\/www.arquimaster.com.ar\/web\/wp-content\/uploads\/2014\/10\/espacio17_casafoa2014_2-300x300.jpg 300w, https:\/\/www.arquimaster.com.ar\/web\/wp-content\/uploads\/2014\/10\/espacio17_casafoa2014_2-50x50.jpg 50w, https:\/\/www.arquimaster.com.ar\/web\/wp-content\/uploads\/2014\/10\/espacio17_casafoa2014_2-125x125.jpg 125w, https:\/\/www.arquimaster.com.ar\/web\/wp-content\/uploads\/2014\/10\/espacio17_casafoa2014_2.jpg 800w\" sizes=\"auto, (max-width: 150px) 100vw, 150px\" \/><\/a>\n\t\t\t<\/div>\n\t\t\t\t<figcaption class='wp-caption-text gallery-caption' id='gallery-1-10353'>\n\t\t\t\tSuite de Hotel (Espacio 17 Casa FOA 2014) \/ Diana Gradel y Eliana Gradel\n\t\t\t\t<\/figcaption><\/figure><figure class='gallery-item'>\n\t\t\t<div class='gallery-icon landscape'>\n\t\t\t\t<a href='https:\/\/www.arquimaster.com.ar\/web\/wp-content\/uploads\/2014\/10\/espacio17_casafoa2014_3.jpg' title=\"Suite de Hotel (Espacio 17 Casa FOA 2014) \/ Diana Gradel y Eliana Gradel\" data-rl_title=\"Suite de Hotel (Espacio 17 Casa FOA 2014) \/ Diana Gradel y Eliana Gradel\" class=\"rl-gallery-link\" data-rl_caption=\"Suite de Hotel (Espacio 17 Casa FOA 2014) \/ Diana Gradel y Eliana Gradel\" data-rel=\"lightbox-gallery-1\"><img loading=\"lazy\" decoding=\"async\" width=\"150\" height=\"150\" src=\"https:\/\/www.arquimaster.com.ar\/web\/wp-content\/uploads\/2014\/10\/espacio17_casafoa2014_3-150x150.jpg\" class=\"attachment-thumbnail size-thumbnail\" alt=\"\" aria-describedby=\"gallery-1-10354\" srcset=\"https:\/\/www.arquimaster.com.ar\/web\/wp-content\/uploads\/2014\/10\/espacio17_casafoa2014_3-150x150.jpg 150w, https:\/\/www.arquimaster.com.ar\/web\/wp-content\/uploads\/2014\/10\/espacio17_casafoa2014_3-50x50.jpg 50w, https:\/\/www.arquimaster.com.ar\/web\/wp-content\/uploads\/2014\/10\/espacio17_casafoa2014_3-125x125.jpg 125w\" sizes=\"auto, (max-width: 150px) 100vw, 150px\" \/><\/a>\n\t\t\t<\/div>\n\t\t\t\t<figcaption class='wp-caption-text gallery-caption' id='gallery-1-10354'>\n\t\t\t\tSuite de Hotel (Espacio 17 Casa FOA 2014) \/ Diana Gradel y Eliana Gradel\n\t\t\t\t<\/figcaption><\/figure><figure class='gallery-item'>\n\t\t\t<div class='gallery-icon landscape'>\n\t\t\t\t<a href='https:\/\/www.arquimaster.com.ar\/web\/wp-content\/uploads\/2014\/10\/espacio17_casafoa2014_4.jpg' title=\"Suite de Hotel (Espacio 17 Casa FOA 2014) \/ Diana Gradel y Eliana Gradel\" data-rl_title=\"Suite de Hotel (Espacio 17 Casa FOA 2014) \/ Diana Gradel y Eliana Gradel\" class=\"rl-gallery-link\" data-rl_caption=\"Suite de Hotel (Espacio 17 Casa FOA 2014) \/ Diana Gradel y Eliana Gradel\" data-rel=\"lightbox-gallery-1\"><img loading=\"lazy\" decoding=\"async\" width=\"150\" height=\"150\" src=\"https:\/\/www.arquimaster.com.ar\/web\/wp-content\/uploads\/2014\/10\/espacio17_casafoa2014_4-150x150.jpg\" class=\"attachment-thumbnail size-thumbnail\" alt=\"\" aria-describedby=\"gallery-1-10355\" srcset=\"https:\/\/www.arquimaster.com.ar\/web\/wp-content\/uploads\/2014\/10\/espacio17_casafoa2014_4-150x150.jpg 150w, https:\/\/www.arquimaster.com.ar\/web\/wp-content\/uploads\/2014\/10\/espacio17_casafoa2014_4-50x50.jpg 50w, https:\/\/www.arquimaster.com.ar\/web\/wp-content\/uploads\/2014\/10\/espacio17_casafoa2014_4-125x125.jpg 125w\" sizes=\"auto, (max-width: 150px) 100vw, 150px\" \/><\/a>\n\t\t\t<\/div>\n\t\t\t\t<figcaption class='wp-caption-text gallery-caption' id='gallery-1-10355'>\n\t\t\t\tSuite de Hotel (Espacio 17 Casa FOA 2014) \/ Diana Gradel y Eliana Gradel\n\t\t\t\t<\/figcaption><\/figure><figure class='gallery-item'>\n\t\t\t<div class='gallery-icon portrait'>\n\t\t\t\t<a href='https:\/\/www.arquimaster.com.ar\/web\/wp-content\/uploads\/2014\/10\/espacio17_casafoa2014_5.jpg' title=\"Suite de Hotel (Espacio 17 Casa FOA 2014) \/ Diana Gradel y Eliana Gradel\" data-rl_title=\"Suite de Hotel (Espacio 17 Casa FOA 2014) \/ Diana Gradel y Eliana Gradel\" class=\"rl-gallery-link\" data-rl_caption=\"Suite de Hotel (Espacio 17 Casa FOA 2014) \/ Diana Gradel y Eliana Gradel\" data-rel=\"lightbox-gallery-1\"><img loading=\"lazy\" decoding=\"async\" width=\"150\" height=\"150\" src=\"https:\/\/www.arquimaster.com.ar\/web\/wp-content\/uploads\/2014\/10\/espacio17_casafoa2014_5-150x150.jpg\" class=\"attachment-thumbnail size-thumbnail\" alt=\"\" aria-describedby=\"gallery-1-10356\" srcset=\"https:\/\/www.arquimaster.com.ar\/web\/wp-content\/uploads\/2014\/10\/espacio17_casafoa2014_5-150x150.jpg 150w, https:\/\/www.arquimaster.com.ar\/web\/wp-content\/uploads\/2014\/10\/espacio17_casafoa2014_5-50x50.jpg 50w, https:\/\/www.arquimaster.com.ar\/web\/wp-content\/uploads\/2014\/10\/espacio17_casafoa2014_5-125x125.jpg 125w\" sizes=\"auto, (max-width: 150px) 100vw, 150px\" \/><\/a>\n\t\t\t<\/div>\n\t\t\t\t<figcaption class='wp-caption-text gallery-caption' id='gallery-1-10356'>\n\t\t\t\tSuite de Hotel (Espacio 17 Casa FOA 2014) \/ Diana Gradel y Eliana Gradel\n\t\t\t\t<\/figcaption><\/figure><figure class='gallery-item'>\n\t\t\t<div class='gallery-icon portrait'>\n\t\t\t\t<a href='https:\/\/www.arquimaster.com.ar\/web\/wp-content\/uploads\/2014\/10\/espacio17_casafoa2014_6.jpg' title=\"Suite de Hotel (Espacio 17 Casa FOA 2014) \/ Diana Gradel y Eliana Gradel\" data-rl_title=\"Suite de Hotel (Espacio 17 Casa FOA 2014) \/ Diana Gradel y Eliana Gradel\" class=\"rl-gallery-link\" data-rl_caption=\"Suite de Hotel (Espacio 17 Casa FOA 2014) \/ Diana Gradel y Eliana Gradel\" data-rel=\"lightbox-gallery-1\"><img loading=\"lazy\" decoding=\"async\" width=\"150\" height=\"150\" src=\"https:\/\/www.arquimaster.com.ar\/web\/wp-content\/uploads\/2014\/10\/espacio17_casafoa2014_6-150x150.jpg\" class=\"attachment-thumbnail size-thumbnail\" alt=\"\" aria-describedby=\"gallery-1-10357\" srcset=\"https:\/\/www.arquimaster.com.ar\/web\/wp-content\/uploads\/2014\/10\/espacio17_casafoa2014_6-150x150.jpg 150w, https:\/\/www.arquimaster.com.ar\/web\/wp-content\/uploads\/2014\/10\/espacio17_casafoa2014_6-50x50.jpg 50w, https:\/\/www.arquimaster.com.ar\/web\/wp-content\/uploads\/2014\/10\/espacio17_casafoa2014_6-125x125.jpg 125w\" sizes=\"auto, (max-width: 150px) 100vw, 150px\" \/><\/a>\n\t\t\t<\/div>\n\t\t\t\t<figcaption class='wp-caption-text gallery-caption' id='gallery-1-10357'>\n\t\t\t\tSuite de Hotel (Espacio 17 Casa FOA 2014) \/ Diana Gradel y Eliana Gradel\n\t\t\t\t<\/figcaption><\/figure><figure class='gallery-item'>\n\t\t\t<div class='gallery-icon landscape'>\n\t\t\t\t<a href='https:\/\/www.arquimaster.com.ar\/web\/wp-content\/uploads\/2014\/10\/espacio17_casafoa2014_7.jpg' title=\"Suite de Hotel (Espacio 17 Casa FOA 2014) \/ Diana Gradel y Eliana Gradel (\u00a9 Casa FOA)\" data-rl_title=\"Suite de Hotel (Espacio 17 Casa FOA 2014) \/ Diana Gradel y Eliana Gradel (\u00a9 Casa FOA)\" class=\"rl-gallery-link\" data-rl_caption=\"Suite de Hotel (Espacio 17 Casa FOA 2014) \/ Diana Gradel y Eliana Gradel (\u00a9 Casa FOA)\" data-rel=\"lightbox-gallery-1\"><img loading=\"lazy\" decoding=\"async\" width=\"150\" height=\"150\" src=\"https:\/\/www.arquimaster.com.ar\/web\/wp-content\/uploads\/2014\/10\/espacio17_casafoa2014_7-150x150.jpg\" class=\"attachment-thumbnail size-thumbnail\" alt=\"\" aria-describedby=\"gallery-1-10358\" srcset=\"https:\/\/www.arquimaster.com.ar\/web\/wp-content\/uploads\/2014\/10\/espacio17_casafoa2014_7-150x150.jpg 150w, https:\/\/www.arquimaster.com.ar\/web\/wp-content\/uploads\/2014\/10\/espacio17_casafoa2014_7-50x50.jpg 50w, https:\/\/www.arquimaster.com.ar\/web\/wp-content\/uploads\/2014\/10\/espacio17_casafoa2014_7-125x125.jpg 125w\" sizes=\"auto, (max-width: 150px) 100vw, 150px\" \/><\/a>\n\t\t\t<\/div>\n\t\t\t\t<figcaption class='wp-caption-text gallery-caption' id='gallery-1-10358'>\n\t\t\t\tSuite de Hotel (Espacio 17 Casa FOA 2014) \/ Diana Gradel y Eliana Gradel (\u00a9 Casa FOA)\n\t\t\t\t<\/figcaption><\/figure>\n\t\t<\/div>\n\n<p>A partir de una caja rectangular de 3.60 x 5.00 metros, con una altura final de 2.85 metros, ingresando al espacio sobre el lado izquierdo, se distribuyeron un ba\u00f1o completo con recept\u00e1culo de ducha, inodoro y bidet de la firma Roca, columnas que separan este sector respecto al \u00e1rea de descanso, cama, mesas de luz con fondos vidriados y estantes contenedores de objetos y productos para ba\u00f1o.<\/p>\n<p>Sobre la pared opuesta, hacia la izquierda, la idea fue generar un mueble longitudinal que recorriera toda esa extensi\u00f3n de 5.00 metros, inici\u00e1ndose con un m\u00f3dulo placard con detalles en cuero y luego una larga mesada de m\u00e1rmol Imperial Cream de la firma Calello con terminaci\u00f3n \u00abbrushed\u00bb opaco que contuviera el mobiliario funcional para la Suite de Hotel.<\/p>\n<p>Por debajo de esa importante tapa, se ubicaron mueble para guardado, espacio para frigobar y banqueta para apoyo de valija.<\/p>\n<p>Por encima de la misma mesada, TV y un revestimiento en madera laqueada routeada con l\u00edneas y un largo espejo con el mismo recorrido longitudinal.<\/p>\n<p>La pared cabecera de cama se trat\u00f3 en el tramo de mesa de luz cercana a ventana, con el mismo revestimiento laqueado y routeado, para luego continuar con una importante placa de piedra caliza Pietra Serena de la firma Calelo en color cemento, que se proyecta hasta el sector ducha del ba\u00f1o.<\/p>\n<p>El solado se resolvi\u00f3 en porcelanato color cemento de la firma San Pietro interrumpido por una \u00abalfombra de madera\u00bb de la firma Patagonia en roble adaptado a la paleta utilizada.<\/p>\n<p>Los muebles se realizaron en melamina \u00abTouch\u00bb de Masisa \u00abRoble Ingl\u00e9s\u00bb.<\/p>\n<p>La paleta utilizada es de Alba Tendencias 2015 \u00abEl y Ella\u00bb. Colores agrisados con un toque de color petr\u00f3leo en techo y objetos.<\/p>\n<p>Iluminaci\u00f3n al\u00f3gena, embutidos de techos en armados con placas Knauf, artefactos con l\u00e1mparas AR70 y minidicroicas.<\/p>\n<p>El cielorraso es recorrido por una garganta perimetral, que ilumina con tiras de led, paredes y cortinado.<\/p>\n<p>Cortina liviana en roller de gasa labrada de Riel Americano y cortinado pesado realizado por la firma Dillinberguer con g\u00e9nero de De Levie.<\/p>\n<p>Silloncito de Manifesto en pana sint\u00e9tica color vis\u00f3n. Mesa Sarinen acompa\u00f1a este sector. Artefactos con dise\u00f1os especiales con detalles en cobre de F\u00e1brica de Luz.<\/p>\n<p>La ropa de cama, fue pensada para acompa\u00f1ar el espacio con sus tonos y detalles de calidad de la firma Como Pancha.<\/p>\n<p>Conceptualmente, se logr\u00f3 un espacio funcional, c\u00e1lido y acogedor, que invita al descanso y relax.<\/p>\n<p>&nbsp;<\/p>\n<p><strong>Acerca de Ville Saint Germain<\/strong><\/p>\n<p>Inmerso en 3500 m2 de parque, se encuentra Ville Saint Germain, Apart Hotel &amp; Spa. Un complejo de 24 caba\u00f1as para 2, 4 y 6 personas ubicado en la mejor zona de Caril\u00f3 y a s\u00f3lo 50 m del mar.<\/p>\n<p>Este a\u00f1o, y bajo el dise\u00f1o de interiores de Diana y Eliana Gradel, sumamos a nuestras 24 caba\u00f1as, 3 Suites de Hotel Premium que presentamos como adelanto en Casa FOA y 350 m2 en 3 plantas que conforman nuestro exclusivo Spa, \u00fanico en Caril\u00f3.<\/p>\n<p>Pileta l\u00fadica con nado contracorriente, tumbonas para relax calefaccionadas, duchas de sensaciones, salas de masajes, sauna h\u00famedo y seco y un \u00abSector Prive\u00bb, son algunas de las propuestas de este nuevo espacio, que funcionar\u00e1 durante todo el a\u00f1o.<\/p>\n<p>Con un dise\u00f1o innovador, moderno y de extrema calidez, el Spa est\u00e1 equipado con la m\u00e1s alta tecnolog\u00eda y confort, por lo que encontar\u00e1 aqu\u00ed el lugar ideal para relajarse y disfrutar cada instante.<\/p>\n<p>Bosque, playa y descanso es la propuesta, por lo que nuestro personal se encuentra siempre a disposici\u00f3n para brindar todo lo necesario para que los hu\u00e9spedes simplemente disfruten de su estad\u00eda en el Apart.<\/p>\n<p>Gran piscina climatizada, sectores de esparcimiento para ni\u00f1os, parrillas individuales, cocheras, restaurant, gimnasio, servicio de playa y la mejor infraestructura, sumado al nuevo Spa, hicieron que Trip Advisor nos galardonara con el Premio a la Excelencia 2014.<\/p>\n<p>&nbsp;<\/p>\n<p><strong>Premios<\/strong><br \/>\nPremio Casa FOA y Calello \u00abSegundo Premio a la mejor aplicaci\u00f3n de producto\u00bb<br \/>\nPremio Casa FOA y Rielamericano \u00abMenci\u00f3n a la mejor exhibici\u00f3n en Cortinas\u00bb<br \/>\nPremio Casa FOA y Rosen \u00abA la mejor exhibici\u00f3n de producto\u00bb<\/p>\n<p><strong>Contacto<\/strong><br \/>\nDise\u00f1adora de Interiores Diana Gradel (estudio@dianagradel.com.ar)<br \/>\nArq. Eliana Gradel (elianagradel@gmail.com)<\/p>\n\n<div style=\"font-size: 0px; height: 0px; line-height: 0px; margin: 0; padding: 0; clear: both;\"><\/div><div style=\"margin-top: 0px; margin-bottom: 0px;\" class=\"sharethis-inline-share-buttons\" ><\/div>","protected":false},"excerpt":{"rendered":"<p>Conceptualmente se logr\u00f3 un espacio funcional, c\u00e1lido y acogedor que invita al descanso y relax&#8230;<\/p>\n","protected":false},"author":1,"featured_media":10351,"comment_status":"closed","ping_status":"closed","sticky":false,"template":"","format":"standard","meta":{"_uag_custom_page_level_css":"","footnotes":""},"categories":[2680,55],"tags":[2066,3524,37,2713,1697,2714,1401,2681,2712],"class_list":["post-10350","post","type-post","status-publish","format-standard","has-post-thumbnail","hentry","category-casa-foa-2014","category-diseno","tag-casa-foa","tag-casa-foa-2014","tag-decoracion","tag-diana-gradel","tag-diseno-de-interiores","tag-eliana-gradel","tag-foa","tag-la-abadia","tag-suite-de-hotel","generate-columns","tablet-grid-50","mobile-grid-100","grid-parent","grid-50"],"yoast_head":"<!-- This site is optimized with the Yoast SEO plugin v27.3 - https:\/\/yoast.com\/product\/yoast-seo-wordpress\/ -->\n<title>Suite de Hotel (Espacio 17 Casa FOA 2014) \/ Diana Gradel y Eliana Gradel - Arquimaster<\/title>\n<meta name=\"robots\" content=\"index, follow, max-snippet:-1, max-image-preview:large, max-video-preview:-1\" \/>\n<link rel=\"canonical\" href=\"https:\/\/www.arquimaster.com.ar\/web\/suite-de-hotel-espacio-17-casa-foa-2014-diana-gradel-y-eliana-gradel\/\" \/>\n<meta property=\"og:locale\" content=\"es_ES\" \/>\n<meta property=\"og:type\" content=\"article\" \/>\n<meta property=\"og:title\" content=\"Suite de Hotel (Espacio 17 Casa FOA 2014) \/ Diana Gradel y Eliana Gradel - Arquimaster\" \/>\n<meta property=\"og:description\" content=\"Conceptualmente se logr\u00f3 un espacio funcional, c\u00e1lido y acogedor que invita al descanso y relax...\" \/>\n<meta property=\"og:url\" content=\"https:\/\/www.arquimaster.com.ar\/web\/suite-de-hotel-espacio-17-casa-foa-2014-diana-gradel-y-eliana-gradel\/\" \/>\n<meta property=\"og:site_name\" content=\"Arquimaster\" \/>\n<meta property=\"article:publisher\" content=\"http:\/\/www.facebook.com\/ARQUIMASTER.com.ar\" \/>\n<meta property=\"article:published_time\" content=\"2014-10-13T20:03:57+00:00\" \/>\n<meta property=\"og:image\" content=\"https:\/\/www.arquimaster.com.ar\/web\/wp-content\/uploads\/2014\/10\/espacio17_casafoa2014_slide.jpg\" \/>\n\t<meta property=\"og:image:width\" content=\"642\" \/>\n\t<meta property=\"og:image:height\" content=\"336\" \/>\n\t<meta property=\"og:image:type\" content=\"image\/jpeg\" \/>\n<meta name=\"author\" content=\"Arquimaster\" \/>\n<meta name=\"twitter:card\" content=\"summary_large_image\" \/>\n<meta name=\"twitter:creator\" content=\"@arquimaster\" \/>\n<meta name=\"twitter:site\" content=\"@arquimaster\" \/>\n<meta name=\"twitter:label1\" content=\"Escrito por\" \/>\n\t<meta name=\"twitter:data1\" content=\"Arquimaster\" \/>\n\t<meta name=\"twitter:label2\" content=\"Tiempo de lectura\" \/>\n\t<meta name=\"twitter:data2\" content=\"4 minutos\" \/>\n<script type=\"application\/ld+json\" class=\"yoast-schema-graph\">{\"@context\":\"https:\\\/\\\/schema.org\",\"@graph\":[{\"@type\":\"Article\",\"@id\":\"https:\\\/\\\/www.arquimaster.com.ar\\\/web\\\/suite-de-hotel-espacio-17-casa-foa-2014-diana-gradel-y-eliana-gradel\\\/#article\",\"isPartOf\":{\"@id\":\"https:\\\/\\\/www.arquimaster.com.ar\\\/web\\\/suite-de-hotel-espacio-17-casa-foa-2014-diana-gradel-y-eliana-gradel\\\/\"},\"author\":{\"name\":\"Arquimaster\",\"@id\":\"https:\\\/\\\/www.arquimaster.com.ar\\\/web\\\/#\\\/schema\\\/person\\\/359e9f7c00193fcde068e0dd2ceb0028\"},\"headline\":\"Suite de Hotel (Espacio 17 Casa FOA 2014) \\\/ Diana Gradel y Eliana Gradel\",\"datePublished\":\"2014-10-13T20:03:57+00:00\",\"mainEntityOfPage\":{\"@id\":\"https:\\\/\\\/www.arquimaster.com.ar\\\/web\\\/suite-de-hotel-espacio-17-casa-foa-2014-diana-gradel-y-eliana-gradel\\\/\"},\"wordCount\":804,\"publisher\":{\"@id\":\"https:\\\/\\\/www.arquimaster.com.ar\\\/web\\\/#organization\"},\"image\":{\"@id\":\"https:\\\/\\\/www.arquimaster.com.ar\\\/web\\\/suite-de-hotel-espacio-17-casa-foa-2014-diana-gradel-y-eliana-gradel\\\/#primaryimage\"},\"thumbnailUrl\":\"https:\\\/\\\/www.arquimaster.com.ar\\\/web\\\/wp-content\\\/uploads\\\/2014\\\/10\\\/espacio17_casafoa2014_slide.jpg\",\"keywords\":[\"Casa FOA\",\"Casa FOA 2014\",\"decoracion\",\"Diana Gradel\",\"dise\u00f1o de interiores\",\"Eliana Gradel\",\"FOA\",\"La Abadia\",\"suite de hotel\"],\"articleSection\":[\"Casa FOA 2014\",\"Dise\u00f1o\"],\"inLanguage\":\"es\"},{\"@type\":\"WebPage\",\"@id\":\"https:\\\/\\\/www.arquimaster.com.ar\\\/web\\\/suite-de-hotel-espacio-17-casa-foa-2014-diana-gradel-y-eliana-gradel\\\/\",\"url\":\"https:\\\/\\\/www.arquimaster.com.ar\\\/web\\\/suite-de-hotel-espacio-17-casa-foa-2014-diana-gradel-y-eliana-gradel\\\/\",\"name\":\"Suite de Hotel (Espacio 17 Casa FOA 2014) \\\/ Diana Gradel y Eliana Gradel - Arquimaster\",\"isPartOf\":{\"@id\":\"https:\\\/\\\/www.arquimaster.com.ar\\\/web\\\/#website\"},\"primaryImageOfPage\":{\"@id\":\"https:\\\/\\\/www.arquimaster.com.ar\\\/web\\\/suite-de-hotel-espacio-17-casa-foa-2014-diana-gradel-y-eliana-gradel\\\/#primaryimage\"},\"image\":{\"@id\":\"https:\\\/\\\/www.arquimaster.com.ar\\\/web\\\/suite-de-hotel-espacio-17-casa-foa-2014-diana-gradel-y-eliana-gradel\\\/#primaryimage\"},\"thumbnailUrl\":\"https:\\\/\\\/www.arquimaster.com.ar\\\/web\\\/wp-content\\\/uploads\\\/2014\\\/10\\\/espacio17_casafoa2014_slide.jpg\",\"datePublished\":\"2014-10-13T20:03:57+00:00\",\"breadcrumb\":{\"@id\":\"https:\\\/\\\/www.arquimaster.com.ar\\\/web\\\/suite-de-hotel-espacio-17-casa-foa-2014-diana-gradel-y-eliana-gradel\\\/#breadcrumb\"},\"inLanguage\":\"es\",\"potentialAction\":[{\"@type\":\"ReadAction\",\"target\":[\"https:\\\/\\\/www.arquimaster.com.ar\\\/web\\\/suite-de-hotel-espacio-17-casa-foa-2014-diana-gradel-y-eliana-gradel\\\/\"]}]},{\"@type\":\"ImageObject\",\"inLanguage\":\"es\",\"@id\":\"https:\\\/\\\/www.arquimaster.com.ar\\\/web\\\/suite-de-hotel-espacio-17-casa-foa-2014-diana-gradel-y-eliana-gradel\\\/#primaryimage\",\"url\":\"https:\\\/\\\/www.arquimaster.com.ar\\\/web\\\/wp-content\\\/uploads\\\/2014\\\/10\\\/espacio17_casafoa2014_slide.jpg\",\"contentUrl\":\"https:\\\/\\\/www.arquimaster.com.ar\\\/web\\\/wp-content\\\/uploads\\\/2014\\\/10\\\/espacio17_casafoa2014_slide.jpg\",\"width\":642,\"height\":336},{\"@type\":\"BreadcrumbList\",\"@id\":\"https:\\\/\\\/www.arquimaster.com.ar\\\/web\\\/suite-de-hotel-espacio-17-casa-foa-2014-diana-gradel-y-eliana-gradel\\\/#breadcrumb\",\"itemListElement\":[{\"@type\":\"ListItem\",\"position\":1,\"name\":\"Portada\",\"item\":\"https:\\\/\\\/www.arquimaster.com.ar\\\/web\\\/\"},{\"@type\":\"ListItem\",\"position\":2,\"name\":\"Suite de Hotel (Espacio 17 Casa FOA 2014) \\\/ Diana Gradel y Eliana Gradel\"}]},{\"@type\":\"WebSite\",\"@id\":\"https:\\\/\\\/www.arquimaster.com.ar\\\/web\\\/#website\",\"url\":\"https:\\\/\\\/www.arquimaster.com.ar\\\/web\\\/\",\"name\":\"Arquimaster\",\"description\":\"Web de arquitectura, dise\u00f1o y construccion\",\"publisher\":{\"@id\":\"https:\\\/\\\/www.arquimaster.com.ar\\\/web\\\/#organization\"},\"potentialAction\":[{\"@type\":\"SearchAction\",\"target\":{\"@type\":\"EntryPoint\",\"urlTemplate\":\"https:\\\/\\\/www.arquimaster.com.ar\\\/web\\\/?s={search_term_string}\"},\"query-input\":{\"@type\":\"PropertyValueSpecification\",\"valueRequired\":true,\"valueName\":\"search_term_string\"}}],\"inLanguage\":\"es\"},{\"@type\":\"Organization\",\"@id\":\"https:\\\/\\\/www.arquimaster.com.ar\\\/web\\\/#organization\",\"name\":\"Arquimaster\",\"url\":\"https:\\\/\\\/www.arquimaster.com.ar\\\/web\\\/\",\"logo\":{\"@type\":\"ImageObject\",\"inLanguage\":\"es\",\"@id\":\"https:\\\/\\\/www.arquimaster.com.ar\\\/web\\\/#\\\/schema\\\/logo\\\/image\\\/\",\"url\":\"https:\\\/\\\/www.arquimaster.com.ar\\\/web\\\/wp-content\\\/uploads\\\/2022\\\/06\\\/arquimaster.png\",\"contentUrl\":\"https:\\\/\\\/www.arquimaster.com.ar\\\/web\\\/wp-content\\\/uploads\\\/2022\\\/06\\\/arquimaster.png\",\"width\":594,\"height\":78,\"caption\":\"Arquimaster\"},\"image\":{\"@id\":\"https:\\\/\\\/www.arquimaster.com.ar\\\/web\\\/#\\\/schema\\\/logo\\\/image\\\/\"},\"sameAs\":[\"http:\\\/\\\/www.facebook.com\\\/ARQUIMASTER.com.ar\",\"https:\\\/\\\/x.com\\\/arquimaster\",\"https:\\\/\\\/www.instagram.com\\\/arquimasterblog\\\/\",\"https:\\\/\\\/www.linkedin.com\\\/company\\\/arquimaster\",\"https:\\\/\\\/www.pinterest.com\\\/arquimaster\",\"https:\\\/\\\/t.me\\\/arquimaster\"]},{\"@type\":\"Person\",\"@id\":\"https:\\\/\\\/www.arquimaster.com.ar\\\/web\\\/#\\\/schema\\\/person\\\/359e9f7c00193fcde068e0dd2ceb0028\",\"name\":\"Arquimaster\"}]}<\/script>\n<!-- \/ Yoast SEO plugin. -->","yoast_head_json":{"title":"Suite de Hotel (Espacio 17 Casa FOA 2014) \/ Diana Gradel y Eliana Gradel - Arquimaster","robots":{"index":"index","follow":"follow","max-snippet":"max-snippet:-1","max-image-preview":"max-image-preview:large","max-video-preview":"max-video-preview:-1"},"canonical":"https:\/\/www.arquimaster.com.ar\/web\/suite-de-hotel-espacio-17-casa-foa-2014-diana-gradel-y-eliana-gradel\/","og_locale":"es_ES","og_type":"article","og_title":"Suite de Hotel (Espacio 17 Casa FOA 2014) \/ Diana Gradel y Eliana Gradel - Arquimaster","og_description":"Conceptualmente se logr\u00f3 un espacio funcional, c\u00e1lido y acogedor que invita al descanso y relax...","og_url":"https:\/\/www.arquimaster.com.ar\/web\/suite-de-hotel-espacio-17-casa-foa-2014-diana-gradel-y-eliana-gradel\/","og_site_name":"Arquimaster","article_publisher":"http:\/\/www.facebook.com\/ARQUIMASTER.com.ar","article_published_time":"2014-10-13T20:03:57+00:00","og_image":[{"width":642,"height":336,"url":"https:\/\/www.arquimaster.com.ar\/web\/wp-content\/uploads\/2014\/10\/espacio17_casafoa2014_slide.jpg","type":"image\/jpeg"}],"author":"Arquimaster","twitter_card":"summary_large_image","twitter_creator":"@arquimaster","twitter_site":"@arquimaster","twitter_misc":{"Escrito por":"Arquimaster","Tiempo de lectura":"4 minutos"},"schema":{"@context":"https:\/\/schema.org","@graph":[{"@type":"Article","@id":"https:\/\/www.arquimaster.com.ar\/web\/suite-de-hotel-espacio-17-casa-foa-2014-diana-gradel-y-eliana-gradel\/#article","isPartOf":{"@id":"https:\/\/www.arquimaster.com.ar\/web\/suite-de-hotel-espacio-17-casa-foa-2014-diana-gradel-y-eliana-gradel\/"},"author":{"name":"Arquimaster","@id":"https:\/\/www.arquimaster.com.ar\/web\/#\/schema\/person\/359e9f7c00193fcde068e0dd2ceb0028"},"headline":"Suite de Hotel (Espacio 17 Casa FOA 2014) \/ Diana Gradel y Eliana Gradel","datePublished":"2014-10-13T20:03:57+00:00","mainEntityOfPage":{"@id":"https:\/\/www.arquimaster.com.ar\/web\/suite-de-hotel-espacio-17-casa-foa-2014-diana-gradel-y-eliana-gradel\/"},"wordCount":804,"publisher":{"@id":"https:\/\/www.arquimaster.com.ar\/web\/#organization"},"image":{"@id":"https:\/\/www.arquimaster.com.ar\/web\/suite-de-hotel-espacio-17-casa-foa-2014-diana-gradel-y-eliana-gradel\/#primaryimage"},"thumbnailUrl":"https:\/\/www.arquimaster.com.ar\/web\/wp-content\/uploads\/2014\/10\/espacio17_casafoa2014_slide.jpg","keywords":["Casa FOA","Casa FOA 2014","decoracion","Diana Gradel","dise\u00f1o de interiores","Eliana Gradel","FOA","La Abadia","suite de hotel"],"articleSection":["Casa FOA 2014","Dise\u00f1o"],"inLanguage":"es"},{"@type":"WebPage","@id":"https:\/\/www.arquimaster.com.ar\/web\/suite-de-hotel-espacio-17-casa-foa-2014-diana-gradel-y-eliana-gradel\/","url":"https:\/\/www.arquimaster.com.ar\/web\/suite-de-hotel-espacio-17-casa-foa-2014-diana-gradel-y-eliana-gradel\/","name":"Suite de Hotel (Espacio 17 Casa FOA 2014) \/ Diana Gradel y Eliana Gradel - Arquimaster","isPartOf":{"@id":"https:\/\/www.arquimaster.com.ar\/web\/#website"},"primaryImageOfPage":{"@id":"https:\/\/www.arquimaster.com.ar\/web\/suite-de-hotel-espacio-17-casa-foa-2014-diana-gradel-y-eliana-gradel\/#primaryimage"},"image":{"@id":"https:\/\/www.arquimaster.com.ar\/web\/suite-de-hotel-espacio-17-casa-foa-2014-diana-gradel-y-eliana-gradel\/#primaryimage"},"thumbnailUrl":"https:\/\/www.arquimaster.com.ar\/web\/wp-content\/uploads\/2014\/10\/espacio17_casafoa2014_slide.jpg","datePublished":"2014-10-13T20:03:57+00:00","breadcrumb":{"@id":"https:\/\/www.arquimaster.com.ar\/web\/suite-de-hotel-espacio-17-casa-foa-2014-diana-gradel-y-eliana-gradel\/#breadcrumb"},"inLanguage":"es","potentialAction":[{"@type":"ReadAction","target":["https:\/\/www.arquimaster.com.ar\/web\/suite-de-hotel-espacio-17-casa-foa-2014-diana-gradel-y-eliana-gradel\/"]}]},{"@type":"ImageObject","inLanguage":"es","@id":"https:\/\/www.arquimaster.com.ar\/web\/suite-de-hotel-espacio-17-casa-foa-2014-diana-gradel-y-eliana-gradel\/#primaryimage","url":"https:\/\/www.arquimaster.com.ar\/web\/wp-content\/uploads\/2014\/10\/espacio17_casafoa2014_slide.jpg","contentUrl":"https:\/\/www.arquimaster.com.ar\/web\/wp-content\/uploads\/2014\/10\/espacio17_casafoa2014_slide.jpg","width":642,"height":336},{"@type":"BreadcrumbList","@id":"https:\/\/www.arquimaster.com.ar\/web\/suite-de-hotel-espacio-17-casa-foa-2014-diana-gradel-y-eliana-gradel\/#breadcrumb","itemListElement":[{"@type":"ListItem","position":1,"name":"Portada","item":"https:\/\/www.arquimaster.com.ar\/web\/"},{"@type":"ListItem","position":2,"name":"Suite de Hotel (Espacio 17 Casa FOA 2014) \/ Diana Gradel y Eliana Gradel"}]},{"@type":"WebSite","@id":"https:\/\/www.arquimaster.com.ar\/web\/#website","url":"https:\/\/www.arquimaster.com.ar\/web\/","name":"Arquimaster","description":"Web de arquitectura, dise\u00f1o y construccion","publisher":{"@id":"https:\/\/www.arquimaster.com.ar\/web\/#organization"},"potentialAction":[{"@type":"SearchAction","target":{"@type":"EntryPoint","urlTemplate":"https:\/\/www.arquimaster.com.ar\/web\/?s={search_term_string}"},"query-input":{"@type":"PropertyValueSpecification","valueRequired":true,"valueName":"search_term_string"}}],"inLanguage":"es"},{"@type":"Organization","@id":"https:\/\/www.arquimaster.com.ar\/web\/#organization","name":"Arquimaster","url":"https:\/\/www.arquimaster.com.ar\/web\/","logo":{"@type":"ImageObject","inLanguage":"es","@id":"https:\/\/www.arquimaster.com.ar\/web\/#\/schema\/logo\/image\/","url":"https:\/\/www.arquimaster.com.ar\/web\/wp-content\/uploads\/2022\/06\/arquimaster.png","contentUrl":"https:\/\/www.arquimaster.com.ar\/web\/wp-content\/uploads\/2022\/06\/arquimaster.png","width":594,"height":78,"caption":"Arquimaster"},"image":{"@id":"https:\/\/www.arquimaster.com.ar\/web\/#\/schema\/logo\/image\/"},"sameAs":["http:\/\/www.facebook.com\/ARQUIMASTER.com.ar","https:\/\/x.com\/arquimaster","https:\/\/www.instagram.com\/arquimasterblog\/","https:\/\/www.linkedin.com\/company\/arquimaster","https:\/\/www.pinterest.com\/arquimaster","https:\/\/t.me\/arquimaster"]},{"@type":"Person","@id":"https:\/\/www.arquimaster.com.ar\/web\/#\/schema\/person\/359e9f7c00193fcde068e0dd2ceb0028","name":"Arquimaster"}]}},"uagb_featured_image_src":{"full":["https:\/\/www.arquimaster.com.ar\/web\/wp-content\/uploads\/2014\/10\/espacio17_casafoa2014_slide.jpg",642,336,false],"thumbnail":["https:\/\/www.arquimaster.com.ar\/web\/wp-content\/uploads\/2014\/10\/espacio17_casafoa2014_slide-150x150.jpg",150,150,true],"medium":["https:\/\/www.arquimaster.com.ar\/web\/wp-content\/uploads\/2014\/10\/espacio17_casafoa2014_slide-300x157.jpg",300,157,true],"medium_large":["https:\/\/www.arquimaster.com.ar\/web\/wp-content\/uploads\/2014\/10\/espacio17_casafoa2014_slide.jpg",642,336,false],"large":["https:\/\/www.arquimaster.com.ar\/web\/wp-content\/uploads\/2014\/10\/espacio17_casafoa2014_slide.jpg",642,336,false],"1536x1536":["https:\/\/www.arquimaster.com.ar\/web\/wp-content\/uploads\/2014\/10\/espacio17_casafoa2014_slide.jpg",642,336,false],"2048x2048":["https:\/\/www.arquimaster.com.ar\/web\/wp-content\/uploads\/2014\/10\/espacio17_casafoa2014_slide.jpg",642,336,false]},"uagb_author_info":{"display_name":"Arquimaster","author_link":"https:\/\/www.arquimaster.com.ar\/web\/author\/arquimaster\/"},"uagb_comment_info":0,"uagb_excerpt":"Conceptualmente se logr\u00f3 un espacio funcional, c\u00e1lido y acogedor que invita al descanso y relax...","_links":{"self":[{"href":"https:\/\/www.arquimaster.com.ar\/web\/wp-json\/wp\/v2\/posts\/10350","targetHints":{"allow":["GET"]}}],"collection":[{"href":"https:\/\/www.arquimaster.com.ar\/web\/wp-json\/wp\/v2\/posts"}],"about":[{"href":"https:\/\/www.arquimaster.com.ar\/web\/wp-json\/wp\/v2\/types\/post"}],"author":[{"embeddable":true,"href":"https:\/\/www.arquimaster.com.ar\/web\/wp-json\/wp\/v2\/users\/1"}],"replies":[{"embeddable":true,"href":"https:\/\/www.arquimaster.com.ar\/web\/wp-json\/wp\/v2\/comments?post=10350"}],"version-history":[{"count":0,"href":"https:\/\/www.arquimaster.com.ar\/web\/wp-json\/wp\/v2\/posts\/10350\/revisions"}],"wp:featuredmedia":[{"embeddable":true,"href":"https:\/\/www.arquimaster.com.ar\/web\/wp-json\/wp\/v2\/media\/10351"}],"wp:attachment":[{"href":"https:\/\/www.arquimaster.com.ar\/web\/wp-json\/wp\/v2\/media?parent=10350"}],"wp:term":[{"taxonomy":"category","embeddable":true,"href":"https:\/\/www.arquimaster.com.ar\/web\/wp-json\/wp\/v2\/categories?post=10350"},{"taxonomy":"post_tag","embeddable":true,"href":"https:\/\/www.arquimaster.com.ar\/web\/wp-json\/wp\/v2\/tags?post=10350"}],"curies":[{"name":"wp","href":"https:\/\/api.w.org\/{rel}","templated":true}]}}