{"id":10371,"date":"2014-10-13T22:50:29","date_gmt":"2014-10-13T22:50:29","guid":{"rendered":"http:\/\/www.arquimaster.com.ar\/web\/?p=10371"},"modified":"2014-10-13T22:50:29","modified_gmt":"2014-10-13T22:50:29","slug":"loft-en-esquina-espacio-21-casa-foa-2014-estudio-viviana-melamed","status":"publish","type":"post","link":"https:\/\/www.arquimaster.com.ar\/web\/loft-en-esquina-espacio-21-casa-foa-2014-estudio-viviana-melamed\/","title":{"rendered":"Loft en esquina (Espacio 21 Casa FOA 2014) \/ Estudio Viviana Melamed"},"content":{"rendered":"<div style=\"margin-top: 0px; margin-bottom: 0px;\" class=\"sharethis-inline-share-buttons\" ><\/div><div class=\"b812932af2e751442846f039925109de\" data-index=\"1\" style=\"float: none; margin:25px 0 25px 0; text-align:center;\">\n<script async src=\"https:\/\/pagead2.googlesyndication.com\/pagead\/js\/adsbygoogle.js\"><\/script>\r\n<!-- Arquimaster (superior) -->\r\n<ins class=\"adsbygoogle\"\r\n     style=\"display:block\"\r\n     data-ad-client=\"ca-pub-6351072698456832\"\r\n     data-ad-slot=\"6455489680\"\r\n     data-ad-format=\"auto\"\r\n     data-full-width-responsive=\"true\"><\/ins>\r\n<script>\r\n     (adsbygoogle = window.adsbygoogle || []).push({});\r\n<\/script>\n<\/div>\n<p><strong>Loft en esquina<\/strong> (Espacio 21 Casa FOA 2014 La Abadia) por <strong>Estudio Viviana Melamed<\/strong>. En una implantaci\u00f3n de ensue\u00f1o, una esquina que se abre sobre la barranca, con techos abovedados complejos, con la impronta de la historia, la espiritualidad y la sobriedad.<\/p>\n<div id='gallery-1' class='gallery galleryid-10371 gallery-columns-3 gallery-size-thumbnail'><figure class='gallery-item'>\n\t\t\t<div class='gallery-icon landscape'>\n\t\t\t\t<a href='https:\/\/www.arquimaster.com.ar\/web\/wp-content\/uploads\/2014\/10\/espacio21_casafoa2014_1.jpg' title=\"Loft en esquina (Espacio 21 Casa FOA 2014) \/ Estudio Viviana Melamed (\u00a9 Federico Kulekdjian)\" data-rl_title=\"Loft en esquina (Espacio 21 Casa FOA 2014) \/ Estudio Viviana Melamed (\u00a9 Federico Kulekdjian)\" class=\"rl-gallery-link\" data-rl_caption=\"Loft en esquina (Espacio 21 Casa FOA 2014) \/ Estudio Viviana Melamed (\u00a9 Federico Kulekdjian)\" data-rel=\"lightbox-gallery-1\"><img loading=\"lazy\" decoding=\"async\" width=\"150\" height=\"150\" src=\"https:\/\/www.arquimaster.com.ar\/web\/wp-content\/uploads\/2014\/10\/espacio21_casafoa2014_1-150x150.jpg\" class=\"attachment-thumbnail size-thumbnail\" alt=\"\" aria-describedby=\"gallery-1-10373\" srcset=\"https:\/\/www.arquimaster.com.ar\/web\/wp-content\/uploads\/2014\/10\/espacio21_casafoa2014_1-150x150.jpg 150w, https:\/\/www.arquimaster.com.ar\/web\/wp-content\/uploads\/2014\/10\/espacio21_casafoa2014_1-50x50.jpg 50w, https:\/\/www.arquimaster.com.ar\/web\/wp-content\/uploads\/2014\/10\/espacio21_casafoa2014_1-125x125.jpg 125w\" sizes=\"auto, (max-width: 150px) 100vw, 150px\" \/><\/a>\n\t\t\t<\/div>\n\t\t\t\t<figcaption class='wp-caption-text gallery-caption' id='gallery-1-10373'>\n\t\t\t\tLoft en esquina (Espacio 21 Casa FOA 2014) \/ Estudio Viviana Melamed (\u00a9 Federico Kulekdjian)\n\t\t\t\t<\/figcaption><\/figure><figure class='gallery-item'>\n\t\t\t<div class='gallery-icon landscape'>\n\t\t\t\t<a href='https:\/\/www.arquimaster.com.ar\/web\/wp-content\/uploads\/2014\/10\/espacio21_casafoa2014_2.jpg' title=\"Loft en esquina (Espacio 21 Casa FOA 2014) \/ Estudio Viviana Melamed (\u00a9 Federico Kulekdjian)\" data-rl_title=\"Loft en esquina (Espacio 21 Casa FOA 2014) \/ Estudio Viviana Melamed (\u00a9 Federico Kulekdjian)\" class=\"rl-gallery-link\" data-rl_caption=\"Loft en esquina (Espacio 21 Casa FOA 2014) \/ Estudio Viviana Melamed (\u00a9 Federico Kulekdjian)\" data-rel=\"lightbox-gallery-1\"><img loading=\"lazy\" decoding=\"async\" width=\"150\" height=\"150\" src=\"https:\/\/www.arquimaster.com.ar\/web\/wp-content\/uploads\/2014\/10\/espacio21_casafoa2014_2-150x150.jpg\" class=\"attachment-thumbnail size-thumbnail\" alt=\"\" aria-describedby=\"gallery-1-10374\" srcset=\"https:\/\/www.arquimaster.com.ar\/web\/wp-content\/uploads\/2014\/10\/espacio21_casafoa2014_2-150x150.jpg 150w, https:\/\/www.arquimaster.com.ar\/web\/wp-content\/uploads\/2014\/10\/espacio21_casafoa2014_2-50x50.jpg 50w, https:\/\/www.arquimaster.com.ar\/web\/wp-content\/uploads\/2014\/10\/espacio21_casafoa2014_2-125x125.jpg 125w\" sizes=\"auto, (max-width: 150px) 100vw, 150px\" \/><\/a>\n\t\t\t<\/div>\n\t\t\t\t<figcaption class='wp-caption-text gallery-caption' id='gallery-1-10374'>\n\t\t\t\tLoft en esquina (Espacio 21 Casa FOA 2014) \/ Estudio Viviana Melamed (\u00a9 Federico Kulekdjian)\n\t\t\t\t<\/figcaption><\/figure><figure class='gallery-item'>\n\t\t\t<div class='gallery-icon landscape'>\n\t\t\t\t<a href='https:\/\/www.arquimaster.com.ar\/web\/wp-content\/uploads\/2014\/10\/espacio21_casafoa2014_3.jpg' title=\"Loft en esquina (Espacio 21 Casa FOA 2014) \/ Estudio Viviana Melamed (\u00a9 Federico Kulekdjian)\" data-rl_title=\"Loft en esquina (Espacio 21 Casa FOA 2014) \/ Estudio Viviana Melamed (\u00a9 Federico Kulekdjian)\" class=\"rl-gallery-link\" data-rl_caption=\"Loft en esquina (Espacio 21 Casa FOA 2014) \/ Estudio Viviana Melamed (\u00a9 Federico Kulekdjian)\" data-rel=\"lightbox-gallery-1\"><img loading=\"lazy\" decoding=\"async\" width=\"150\" height=\"150\" src=\"https:\/\/www.arquimaster.com.ar\/web\/wp-content\/uploads\/2014\/10\/espacio21_casafoa2014_3-150x150.jpg\" class=\"attachment-thumbnail size-thumbnail\" alt=\"\" aria-describedby=\"gallery-1-10375\" srcset=\"https:\/\/www.arquimaster.com.ar\/web\/wp-content\/uploads\/2014\/10\/espacio21_casafoa2014_3-150x150.jpg 150w, https:\/\/www.arquimaster.com.ar\/web\/wp-content\/uploads\/2014\/10\/espacio21_casafoa2014_3-50x50.jpg 50w, https:\/\/www.arquimaster.com.ar\/web\/wp-content\/uploads\/2014\/10\/espacio21_casafoa2014_3-125x125.jpg 125w\" sizes=\"auto, (max-width: 150px) 100vw, 150px\" \/><\/a>\n\t\t\t<\/div>\n\t\t\t\t<figcaption class='wp-caption-text gallery-caption' id='gallery-1-10375'>\n\t\t\t\tLoft en esquina (Espacio 21 Casa FOA 2014) \/ Estudio Viviana Melamed (\u00a9 Federico Kulekdjian)\n\t\t\t\t<\/figcaption><\/figure><figure class='gallery-item'>\n\t\t\t<div class='gallery-icon landscape'>\n\t\t\t\t<a href='https:\/\/www.arquimaster.com.ar\/web\/wp-content\/uploads\/2014\/10\/espacio21_casafoa2014_4.jpg' title=\"Loft en esquina (Espacio 21 Casa FOA 2014) \/ Estudio Viviana Melamed (\u00a9 Federico Kulekdjian)\" data-rl_title=\"Loft en esquina (Espacio 21 Casa FOA 2014) \/ Estudio Viviana Melamed (\u00a9 Federico Kulekdjian)\" class=\"rl-gallery-link\" data-rl_caption=\"Loft en esquina (Espacio 21 Casa FOA 2014) \/ Estudio Viviana Melamed (\u00a9 Federico Kulekdjian)\" data-rel=\"lightbox-gallery-1\"><img loading=\"lazy\" decoding=\"async\" width=\"150\" height=\"150\" src=\"https:\/\/www.arquimaster.com.ar\/web\/wp-content\/uploads\/2014\/10\/espacio21_casafoa2014_4-150x150.jpg\" class=\"attachment-thumbnail size-thumbnail\" alt=\"\" aria-describedby=\"gallery-1-10376\" srcset=\"https:\/\/www.arquimaster.com.ar\/web\/wp-content\/uploads\/2014\/10\/espacio21_casafoa2014_4-150x150.jpg 150w, https:\/\/www.arquimaster.com.ar\/web\/wp-content\/uploads\/2014\/10\/espacio21_casafoa2014_4-50x50.jpg 50w, https:\/\/www.arquimaster.com.ar\/web\/wp-content\/uploads\/2014\/10\/espacio21_casafoa2014_4-125x125.jpg 125w\" sizes=\"auto, (max-width: 150px) 100vw, 150px\" \/><\/a>\n\t\t\t<\/div>\n\t\t\t\t<figcaption class='wp-caption-text gallery-caption' id='gallery-1-10376'>\n\t\t\t\tLoft en esquina (Espacio 21 Casa FOA 2014) \/ Estudio Viviana Melamed (\u00a9 Federico Kulekdjian)\n\t\t\t\t<\/figcaption><\/figure><figure class='gallery-item'>\n\t\t\t<div class='gallery-icon portrait'>\n\t\t\t\t<a href='https:\/\/www.arquimaster.com.ar\/web\/wp-content\/uploads\/2014\/10\/espacio21_casafoa2014_5.jpg' title=\"Loft en esquina (Espacio 21 Casa FOA 2014) \/ Estudio Viviana Melamed (\u00a9 Federico Kulekdjian)\" data-rl_title=\"Loft en esquina (Espacio 21 Casa FOA 2014) \/ Estudio Viviana Melamed (\u00a9 Federico Kulekdjian)\" class=\"rl-gallery-link\" data-rl_caption=\"Loft en esquina (Espacio 21 Casa FOA 2014) \/ Estudio Viviana Melamed (\u00a9 Federico Kulekdjian)\" data-rel=\"lightbox-gallery-1\"><img loading=\"lazy\" decoding=\"async\" width=\"150\" height=\"150\" src=\"https:\/\/www.arquimaster.com.ar\/web\/wp-content\/uploads\/2014\/10\/espacio21_casafoa2014_5-150x150.jpg\" class=\"attachment-thumbnail size-thumbnail\" alt=\"\" aria-describedby=\"gallery-1-10377\" srcset=\"https:\/\/www.arquimaster.com.ar\/web\/wp-content\/uploads\/2014\/10\/espacio21_casafoa2014_5-150x150.jpg 150w, https:\/\/www.arquimaster.com.ar\/web\/wp-content\/uploads\/2014\/10\/espacio21_casafoa2014_5-50x50.jpg 50w, https:\/\/www.arquimaster.com.ar\/web\/wp-content\/uploads\/2014\/10\/espacio21_casafoa2014_5-125x125.jpg 125w\" sizes=\"auto, (max-width: 150px) 100vw, 150px\" \/><\/a>\n\t\t\t<\/div>\n\t\t\t\t<figcaption class='wp-caption-text gallery-caption' id='gallery-1-10377'>\n\t\t\t\tLoft en esquina (Espacio 21 Casa FOA 2014) \/ Estudio Viviana Melamed (\u00a9 Federico Kulekdjian)\n\t\t\t\t<\/figcaption><\/figure><figure class='gallery-item'>\n\t\t\t<div class='gallery-icon landscape'>\n\t\t\t\t<a href='https:\/\/www.arquimaster.com.ar\/web\/wp-content\/uploads\/2014\/10\/espacio21_casafoa2014_6.jpg' title=\"Loft en esquina (Espacio 21 Casa FOA 2014) \/ Estudio Viviana Melamed (\u00a9 Federico Kulekdjian)\" data-rl_title=\"Loft en esquina (Espacio 21 Casa FOA 2014) \/ Estudio Viviana Melamed (\u00a9 Federico Kulekdjian)\" class=\"rl-gallery-link\" data-rl_caption=\"Loft en esquina (Espacio 21 Casa FOA 2014) \/ Estudio Viviana Melamed (\u00a9 Federico Kulekdjian)\" data-rel=\"lightbox-gallery-1\"><img loading=\"lazy\" decoding=\"async\" width=\"150\" height=\"150\" src=\"https:\/\/www.arquimaster.com.ar\/web\/wp-content\/uploads\/2014\/10\/espacio21_casafoa2014_6-150x150.jpg\" class=\"attachment-thumbnail size-thumbnail\" alt=\"\" aria-describedby=\"gallery-1-10378\" srcset=\"https:\/\/www.arquimaster.com.ar\/web\/wp-content\/uploads\/2014\/10\/espacio21_casafoa2014_6-150x150.jpg 150w, https:\/\/www.arquimaster.com.ar\/web\/wp-content\/uploads\/2014\/10\/espacio21_casafoa2014_6-50x50.jpg 50w, https:\/\/www.arquimaster.com.ar\/web\/wp-content\/uploads\/2014\/10\/espacio21_casafoa2014_6-125x125.jpg 125w\" sizes=\"auto, (max-width: 150px) 100vw, 150px\" \/><\/a>\n\t\t\t<\/div>\n\t\t\t\t<figcaption class='wp-caption-text gallery-caption' id='gallery-1-10378'>\n\t\t\t\tLoft en esquina (Espacio 21 Casa FOA 2014) \/ Estudio Viviana Melamed (\u00a9 Federico Kulekdjian)\n\t\t\t\t<\/figcaption><\/figure><figure class='gallery-item'>\n\t\t\t<div class='gallery-icon landscape'>\n\t\t\t\t<a href='https:\/\/www.arquimaster.com.ar\/web\/wp-content\/uploads\/2014\/10\/espacio21_casafoa2014_7.jpg' title=\"Loft en esquina (Espacio 21 Casa FOA 2014) \/ Estudio Viviana Melamed (\u00a9 Federico Kulekdjian)\" data-rl_title=\"Loft en esquina (Espacio 21 Casa FOA 2014) \/ Estudio Viviana Melamed (\u00a9 Federico Kulekdjian)\" class=\"rl-gallery-link\" data-rl_caption=\"Loft en esquina (Espacio 21 Casa FOA 2014) \/ Estudio Viviana Melamed (\u00a9 Federico Kulekdjian)\" data-rel=\"lightbox-gallery-1\"><img loading=\"lazy\" decoding=\"async\" width=\"150\" height=\"150\" src=\"https:\/\/www.arquimaster.com.ar\/web\/wp-content\/uploads\/2014\/10\/espacio21_casafoa2014_7-150x150.jpg\" class=\"attachment-thumbnail size-thumbnail\" alt=\"\" aria-describedby=\"gallery-1-10379\" srcset=\"https:\/\/www.arquimaster.com.ar\/web\/wp-content\/uploads\/2014\/10\/espacio21_casafoa2014_7-150x150.jpg 150w, https:\/\/www.arquimaster.com.ar\/web\/wp-content\/uploads\/2014\/10\/espacio21_casafoa2014_7-50x50.jpg 50w, https:\/\/www.arquimaster.com.ar\/web\/wp-content\/uploads\/2014\/10\/espacio21_casafoa2014_7-125x125.jpg 125w\" sizes=\"auto, (max-width: 150px) 100vw, 150px\" \/><\/a>\n\t\t\t<\/div>\n\t\t\t\t<figcaption class='wp-caption-text gallery-caption' id='gallery-1-10379'>\n\t\t\t\tLoft en esquina (Espacio 21 Casa FOA 2014) \/ Estudio Viviana Melamed (\u00a9 Federico Kulekdjian)\n\t\t\t\t<\/figcaption><\/figure><figure class='gallery-item'>\n\t\t\t<div class='gallery-icon landscape'>\n\t\t\t\t<a href='https:\/\/www.arquimaster.com.ar\/web\/wp-content\/uploads\/2014\/10\/espacio21_casafoa2014_8.jpg' title=\"Loft en esquina (Espacio 21 Casa FOA 2014) \/ Estudio Viviana Melamed (\u00a9 Federico Kulekdjian)\" data-rl_title=\"Loft en esquina (Espacio 21 Casa FOA 2014) \/ Estudio Viviana Melamed (\u00a9 Federico Kulekdjian)\" class=\"rl-gallery-link\" data-rl_caption=\"Loft en esquina (Espacio 21 Casa FOA 2014) \/ Estudio Viviana Melamed (\u00a9 Federico Kulekdjian)\" data-rel=\"lightbox-gallery-1\"><img loading=\"lazy\" decoding=\"async\" width=\"150\" height=\"150\" src=\"https:\/\/www.arquimaster.com.ar\/web\/wp-content\/uploads\/2014\/10\/espacio21_casafoa2014_8-150x150.jpg\" class=\"attachment-thumbnail size-thumbnail\" alt=\"\" aria-describedby=\"gallery-1-10380\" srcset=\"https:\/\/www.arquimaster.com.ar\/web\/wp-content\/uploads\/2014\/10\/espacio21_casafoa2014_8-150x150.jpg 150w, https:\/\/www.arquimaster.com.ar\/web\/wp-content\/uploads\/2014\/10\/espacio21_casafoa2014_8-50x50.jpg 50w, https:\/\/www.arquimaster.com.ar\/web\/wp-content\/uploads\/2014\/10\/espacio21_casafoa2014_8-125x125.jpg 125w\" sizes=\"auto, (max-width: 150px) 100vw, 150px\" \/><\/a>\n\t\t\t<\/div>\n\t\t\t\t<figcaption class='wp-caption-text gallery-caption' id='gallery-1-10380'>\n\t\t\t\tLoft en esquina (Espacio 21 Casa FOA 2014) \/ Estudio Viviana Melamed (\u00a9 Federico Kulekdjian)\n\t\t\t\t<\/figcaption><\/figure><figure class='gallery-item'>\n\t\t\t<div class='gallery-icon landscape'>\n\t\t\t\t<a href='https:\/\/www.arquimaster.com.ar\/web\/wp-content\/uploads\/2014\/10\/espacio21_casafoa2014_9.jpg' title=\"Loft en esquina (Espacio 21 Casa FOA 2014) \/ Estudio Viviana Melamed (\u00a9 Federico Kulekdjian)\" data-rl_title=\"Loft en esquina (Espacio 21 Casa FOA 2014) \/ Estudio Viviana Melamed (\u00a9 Federico Kulekdjian)\" class=\"rl-gallery-link\" data-rl_caption=\"Loft en esquina (Espacio 21 Casa FOA 2014) \/ Estudio Viviana Melamed (\u00a9 Federico Kulekdjian)\" data-rel=\"lightbox-gallery-1\"><img loading=\"lazy\" decoding=\"async\" width=\"150\" height=\"150\" src=\"https:\/\/www.arquimaster.com.ar\/web\/wp-content\/uploads\/2014\/10\/espacio21_casafoa2014_9-150x150.jpg\" class=\"attachment-thumbnail size-thumbnail\" alt=\"\" aria-describedby=\"gallery-1-10381\" srcset=\"https:\/\/www.arquimaster.com.ar\/web\/wp-content\/uploads\/2014\/10\/espacio21_casafoa2014_9-150x150.jpg 150w, https:\/\/www.arquimaster.com.ar\/web\/wp-content\/uploads\/2014\/10\/espacio21_casafoa2014_9-50x50.jpg 50w, https:\/\/www.arquimaster.com.ar\/web\/wp-content\/uploads\/2014\/10\/espacio21_casafoa2014_9-125x125.jpg 125w\" sizes=\"auto, (max-width: 150px) 100vw, 150px\" \/><\/a>\n\t\t\t<\/div>\n\t\t\t\t<figcaption class='wp-caption-text gallery-caption' id='gallery-1-10381'>\n\t\t\t\tLoft en esquina (Espacio 21 Casa FOA 2014) \/ Estudio Viviana Melamed (\u00a9 Federico Kulekdjian)\n\t\t\t\t<\/figcaption><\/figure><figure class='gallery-item'>\n\t\t\t<div class='gallery-icon landscape'>\n\t\t\t\t<a href='https:\/\/www.arquimaster.com.ar\/web\/wp-content\/uploads\/2014\/10\/espacio21_casafoa2014_10.jpg' title=\"Loft en esquina (Espacio 21 Casa FOA 2014) \/ Estudio Viviana Melamed (\u00a9 Federico Kulekdjian)\" data-rl_title=\"Loft en esquina (Espacio 21 Casa FOA 2014) \/ Estudio Viviana Melamed (\u00a9 Federico Kulekdjian)\" class=\"rl-gallery-link\" data-rl_caption=\"Loft en esquina (Espacio 21 Casa FOA 2014) \/ Estudio Viviana Melamed (\u00a9 Federico Kulekdjian)\" data-rel=\"lightbox-gallery-1\"><img loading=\"lazy\" decoding=\"async\" width=\"150\" height=\"150\" src=\"https:\/\/www.arquimaster.com.ar\/web\/wp-content\/uploads\/2014\/10\/espacio21_casafoa2014_10-150x150.jpg\" class=\"attachment-thumbnail size-thumbnail\" alt=\"\" aria-describedby=\"gallery-1-10382\" srcset=\"https:\/\/www.arquimaster.com.ar\/web\/wp-content\/uploads\/2014\/10\/espacio21_casafoa2014_10-150x150.jpg 150w, https:\/\/www.arquimaster.com.ar\/web\/wp-content\/uploads\/2014\/10\/espacio21_casafoa2014_10-50x50.jpg 50w, https:\/\/www.arquimaster.com.ar\/web\/wp-content\/uploads\/2014\/10\/espacio21_casafoa2014_10-125x125.jpg 125w\" sizes=\"auto, (max-width: 150px) 100vw, 150px\" \/><\/a>\n\t\t\t<\/div>\n\t\t\t\t<figcaption class='wp-caption-text gallery-caption' id='gallery-1-10382'>\n\t\t\t\tLoft en esquina (Espacio 21 Casa FOA 2014) \/ Estudio Viviana Melamed (\u00a9 Federico Kulekdjian)\n\t\t\t\t<\/figcaption><\/figure><figure class='gallery-item'>\n\t\t\t<div class='gallery-icon landscape'>\n\t\t\t\t<a href='https:\/\/www.arquimaster.com.ar\/web\/wp-content\/uploads\/2014\/10\/espacio21_casafoa2014_11.jpg' title=\"Loft en esquina (Espacio 21 Casa FOA 2014) \/ Estudio Viviana Melamed (\u00a9 Federico Kulekdjian)\" data-rl_title=\"Loft en esquina (Espacio 21 Casa FOA 2014) \/ Estudio Viviana Melamed (\u00a9 Federico Kulekdjian)\" class=\"rl-gallery-link\" data-rl_caption=\"Loft en esquina (Espacio 21 Casa FOA 2014) \/ Estudio Viviana Melamed (\u00a9 Federico Kulekdjian)\" data-rel=\"lightbox-gallery-1\"><img loading=\"lazy\" decoding=\"async\" width=\"150\" height=\"150\" src=\"https:\/\/www.arquimaster.com.ar\/web\/wp-content\/uploads\/2014\/10\/espacio21_casafoa2014_11-150x150.jpg\" class=\"attachment-thumbnail size-thumbnail\" alt=\"\" aria-describedby=\"gallery-1-10383\" srcset=\"https:\/\/www.arquimaster.com.ar\/web\/wp-content\/uploads\/2014\/10\/espacio21_casafoa2014_11-150x150.jpg 150w, https:\/\/www.arquimaster.com.ar\/web\/wp-content\/uploads\/2014\/10\/espacio21_casafoa2014_11-50x50.jpg 50w, https:\/\/www.arquimaster.com.ar\/web\/wp-content\/uploads\/2014\/10\/espacio21_casafoa2014_11-125x125.jpg 125w\" sizes=\"auto, (max-width: 150px) 100vw, 150px\" \/><\/a>\n\t\t\t<\/div>\n\t\t\t\t<figcaption class='wp-caption-text gallery-caption' id='gallery-1-10383'>\n\t\t\t\tLoft en esquina (Espacio 21 Casa FOA 2014) \/ Estudio Viviana Melamed (\u00a9 Federico Kulekdjian)\n\t\t\t\t<\/figcaption><\/figure><figure class='gallery-item'>\n\t\t\t<div class='gallery-icon landscape'>\n\t\t\t\t<a href='https:\/\/www.arquimaster.com.ar\/web\/wp-content\/uploads\/2014\/10\/espacio21_casafoa2014_12.jpg' title=\"Loft en esquina (Espacio 21 Casa FOA 2014) \/ Estudio Viviana Melamed (\u00a9 Federico Kulekdjian)\" data-rl_title=\"Loft en esquina (Espacio 21 Casa FOA 2014) \/ Estudio Viviana Melamed (\u00a9 Federico Kulekdjian)\" class=\"rl-gallery-link\" data-rl_caption=\"Loft en esquina (Espacio 21 Casa FOA 2014) \/ Estudio Viviana Melamed (\u00a9 Federico Kulekdjian)\" data-rel=\"lightbox-gallery-1\"><img loading=\"lazy\" decoding=\"async\" width=\"150\" height=\"150\" src=\"https:\/\/www.arquimaster.com.ar\/web\/wp-content\/uploads\/2014\/10\/espacio21_casafoa2014_12-150x150.jpg\" class=\"attachment-thumbnail size-thumbnail\" alt=\"\" aria-describedby=\"gallery-1-10384\" srcset=\"https:\/\/www.arquimaster.com.ar\/web\/wp-content\/uploads\/2014\/10\/espacio21_casafoa2014_12-150x150.jpg 150w, https:\/\/www.arquimaster.com.ar\/web\/wp-content\/uploads\/2014\/10\/espacio21_casafoa2014_12-50x50.jpg 50w, https:\/\/www.arquimaster.com.ar\/web\/wp-content\/uploads\/2014\/10\/espacio21_casafoa2014_12-125x125.jpg 125w\" sizes=\"auto, (max-width: 150px) 100vw, 150px\" \/><\/a>\n\t\t\t<\/div>\n\t\t\t\t<figcaption class='wp-caption-text gallery-caption' id='gallery-1-10384'>\n\t\t\t\tLoft en esquina (Espacio 21 Casa FOA 2014) \/ Estudio Viviana Melamed (\u00a9 Federico Kulekdjian)\n\t\t\t\t<\/figcaption><\/figure><figure class='gallery-item'>\n\t\t\t<div class='gallery-icon landscape'>\n\t\t\t\t<a href='https:\/\/www.arquimaster.com.ar\/web\/wp-content\/uploads\/2014\/10\/espacio21_casafoa2014_13.jpg' title=\"Loft en esquina (Espacio 21 Casa FOA 2014) \/ Estudio Viviana Melamed (\u00a9 Federico Kulekdjian)\" data-rl_title=\"Loft en esquina (Espacio 21 Casa FOA 2014) \/ Estudio Viviana Melamed (\u00a9 Federico Kulekdjian)\" class=\"rl-gallery-link\" data-rl_caption=\"Loft en esquina (Espacio 21 Casa FOA 2014) \/ Estudio Viviana Melamed (\u00a9 Federico Kulekdjian)\" data-rel=\"lightbox-gallery-1\"><img loading=\"lazy\" decoding=\"async\" width=\"150\" height=\"150\" src=\"https:\/\/www.arquimaster.com.ar\/web\/wp-content\/uploads\/2014\/10\/espacio21_casafoa2014_13-150x150.jpg\" class=\"attachment-thumbnail size-thumbnail\" alt=\"\" aria-describedby=\"gallery-1-10385\" srcset=\"https:\/\/www.arquimaster.com.ar\/web\/wp-content\/uploads\/2014\/10\/espacio21_casafoa2014_13-150x150.jpg 150w, https:\/\/www.arquimaster.com.ar\/web\/wp-content\/uploads\/2014\/10\/espacio21_casafoa2014_13-50x50.jpg 50w, https:\/\/www.arquimaster.com.ar\/web\/wp-content\/uploads\/2014\/10\/espacio21_casafoa2014_13-125x125.jpg 125w\" sizes=\"auto, (max-width: 150px) 100vw, 150px\" \/><\/a>\n\t\t\t<\/div>\n\t\t\t\t<figcaption class='wp-caption-text gallery-caption' id='gallery-1-10385'>\n\t\t\t\tLoft en esquina (Espacio 21 Casa FOA 2014) \/ Estudio Viviana Melamed (\u00a9 Federico Kulekdjian)\n\t\t\t\t<\/figcaption><\/figure><figure class='gallery-item'>\n\t\t\t<div class='gallery-icon landscape'>\n\t\t\t\t<a href='https:\/\/www.arquimaster.com.ar\/web\/wp-content\/uploads\/2014\/10\/espacio21_casafoa2014_14.jpg' title=\"Loft en esquina (Espacio 21 Casa FOA 2014) \/ Estudio Viviana Melamed (\u00a9 Casa FOA)\" data-rl_title=\"Loft en esquina (Espacio 21 Casa FOA 2014) \/ Estudio Viviana Melamed (\u00a9 Casa FOA)\" class=\"rl-gallery-link\" data-rl_caption=\"Loft en esquina (Espacio 21 Casa FOA 2014) \/ Estudio Viviana Melamed (\u00a9 Casa FOA)\" data-rel=\"lightbox-gallery-1\"><img loading=\"lazy\" decoding=\"async\" width=\"150\" height=\"150\" src=\"https:\/\/www.arquimaster.com.ar\/web\/wp-content\/uploads\/2014\/10\/espacio21_casafoa2014_14-150x150.jpg\" class=\"attachment-thumbnail size-thumbnail\" alt=\"\" aria-describedby=\"gallery-1-10386\" srcset=\"https:\/\/www.arquimaster.com.ar\/web\/wp-content\/uploads\/2014\/10\/espacio21_casafoa2014_14-150x150.jpg 150w, https:\/\/www.arquimaster.com.ar\/web\/wp-content\/uploads\/2014\/10\/espacio21_casafoa2014_14-50x50.jpg 50w, https:\/\/www.arquimaster.com.ar\/web\/wp-content\/uploads\/2014\/10\/espacio21_casafoa2014_14-125x125.jpg 125w\" sizes=\"auto, (max-width: 150px) 100vw, 150px\" \/><\/a>\n\t\t\t<\/div>\n\t\t\t\t<figcaption class='wp-caption-text gallery-caption' id='gallery-1-10386'>\n\t\t\t\tLoft en esquina (Espacio 21 Casa FOA 2014) \/ Estudio Viviana Melamed (\u00a9 Casa FOA)\n\t\t\t\t<\/figcaption><\/figure><figure class='gallery-item'>\n\t\t\t<div class='gallery-icon portrait'>\n\t\t\t\t<a href='https:\/\/www.arquimaster.com.ar\/web\/wp-content\/uploads\/2014\/10\/espacio21_casafoa2014_15.jpg' title=\"Loft en esquina (Espacio 21 Casa FOA 2014) \/ Estudio Viviana Melamed (\u00a9 Casa FOA)\" data-rl_title=\"Loft en esquina (Espacio 21 Casa FOA 2014) \/ Estudio Viviana Melamed (\u00a9 Casa FOA)\" class=\"rl-gallery-link\" data-rl_caption=\"Loft en esquina (Espacio 21 Casa FOA 2014) \/ Estudio Viviana Melamed (\u00a9 Casa FOA)\" data-rel=\"lightbox-gallery-1\"><img loading=\"lazy\" decoding=\"async\" width=\"150\" height=\"150\" src=\"https:\/\/www.arquimaster.com.ar\/web\/wp-content\/uploads\/2014\/10\/espacio21_casafoa2014_15-150x150.jpg\" class=\"attachment-thumbnail size-thumbnail\" alt=\"\" aria-describedby=\"gallery-1-10387\" srcset=\"https:\/\/www.arquimaster.com.ar\/web\/wp-content\/uploads\/2014\/10\/espacio21_casafoa2014_15-150x150.jpg 150w, https:\/\/www.arquimaster.com.ar\/web\/wp-content\/uploads\/2014\/10\/espacio21_casafoa2014_15-50x50.jpg 50w, https:\/\/www.arquimaster.com.ar\/web\/wp-content\/uploads\/2014\/10\/espacio21_casafoa2014_15-125x125.jpg 125w\" sizes=\"auto, (max-width: 150px) 100vw, 150px\" \/><\/a>\n\t\t\t<\/div>\n\t\t\t\t<figcaption class='wp-caption-text gallery-caption' id='gallery-1-10387'>\n\t\t\t\tLoft en esquina (Espacio 21 Casa FOA 2014) \/ Estudio Viviana Melamed (\u00a9 Casa FOA)\n\t\t\t\t<\/figcaption><\/figure>\n\t\t<\/div>\n\n<p>Partimos de esa realidad y decidimos no imponernos a ella, cruzarla con la modernidad pero desde el respeto.<\/p>\n<p>Planteamos un espacio \u00fanico, apenas sectorizado, trabajando todas las superficies con mucha delicadeza y de manera integral.<\/p>\n<p>Piso enlistonado, nueva propuesta de porcellanato redise\u00f1ado tanto en su textura y colores como en su morfolog\u00eda.<\/p>\n<p>Techos blancos, sobre los cuales realizamos solo una operaci\u00f3n de extensi\u00f3n de sus laterales para alojar l\u00edneas de led de luz envolvente indirecta.<\/p>\n<p>Muebles alojados en nichos existentes con fondos retroiluminados para que la luz aportada al ambiente salga de ellos mismos en un gesto m\u00ednimo.<\/p>\n<p>Comer, cocinar, dormir, leer, estar, cada una de las situaciones tiene su area. Aprovechando cada uno de los rincones, imaginando esas mismas situaciones sucediendo a la vez en una probable situaci\u00f3n, incluso de mayor extensi\u00f3n.<\/p>\n<p>El \u00e1rea de cocinar y comer, recostada en una de las ventanas, definida por dos nichos, uno destinado a cava y utensilios, otro a pileta y vajilla, pivotan sobre un tercer elemento exento, un cubo de vidrio gris grafito satinado con estructura cruda industrial met\u00e1lica, que aloja al anafe vitrocer\u00e1mico y desde donde nace la gran mesa de madera fresno lustre oscuro.<\/p>\n<p>Contra la ventana una consola de base met\u00e1lica y tapa estucada y finalmente un l\u00edmite a manera de biombo estructurado como secuencia de piezas de melamina laca vis\u00f3n en variedad de espesores, con insertos de esferitas luminosas met\u00e1licas florentino.<\/p>\n<p>Frente a este \u00e1rea, el estar, con eje en el gran sof\u00e1 Azuchi, tapizado en terciopelo lavado vis\u00f3n con patas de madera c\u00f3nicas, una mesa baja trapezoidal en fresno lustre oscuro.<\/p>\n<p>El estar se extiende atravesando un mueble de apoyo que sirve adem\u00e1s como escritorio eventual , hacia una biblioteca que toma toda la altura, dando marco a un rinc\u00f3n con un sill\u00f3n muy particular con sus tres mesitas estucadas.<\/p>\n<p>Todo este \u00e1rea se apoya sobre una carpeta en fieltro de dise\u00f1o gr\u00e1fico, secuencia de rect\u00e1ngulos en colores que van desde el verde oscuro, grises hasta el vis\u00f3n, hielo.<\/p>\n<p>Por \u00faltimo, tomando las otras dos ventanas se resuelve el \u00e1rea de dormir, dos nichos verticales nuevamente con fondo retroiluminado, esta vez para alojar arte, la cama trabajada en tres planos de tela, cuero y tela, dos desarrollo distintos a manera de mesas de luz, por un lado sumatoria de cajones sueltos desnivelados, del otro dos mesitas irregulares de madera y estucada con patas met\u00e1licas c\u00f3nicas.<\/p>\n<p>Sobre la cama una manta con una tela muy delicada, terciopelo te\u00f1ido batik, apelando a los sentidos. Colores claros, grises, visones, cementos, naturales, alg\u00fan celeste aguamarina.<\/p>\n<p>Maderas intervenidas, melaminas combinadas, vidrios satinados, telas aterciopeladas, alfombras texturadas.<\/p>\n<p>Los muebles y tapicer\u00eda pertenecen a la nueva colecci\u00f3n de MATRIZdesign. Se enmarcan en dos l\u00edneas, una muy sofisticada y otra industrial.<\/p>\n<p>En la primera presentamos un sill\u00f3n individual de forma envolvente tapizado en una combinaci\u00f3n de telas aguamarina, el sof\u00e1 Azuchi en una nueva versi\u00f3n con patas de madera c\u00f3nicas tapizado en terciopelo lavado vis\u00f3n, mesas de luz individuales apilables en fresno lustre oscuro con cajones recedidos, mesa baja trapezoidal con bordes curvos y patas c\u00f3nicas, mueble bajo longitudinal de madera fresno lustrado con insertos laqueados vison.<\/p>\n<p>En la l\u00ednea industrial presentamos una serie de mesas y consolas con distintas propuestas de patas y bases siempre en hierro laqueado, con tapas estucadas con distintos dise\u00f1os y otras de madera fresno lustrado, tambi\u00e9n de l\u00ednea industrial es la resoluci\u00f3n del mueble exento porta anafe realizado en hierro y vidrio satinado gris grafito.<\/p>\n<p>Nuevos dise\u00f1os de muebles y tapicer\u00eda, objetos y arte seleccionados para lograr un espacio \u00fanico, expresivo, moderno.<\/p>\n<p><strong>Premios<\/strong><br \/>\nPremio Casa FOA y Rielamericano \u00abA la mejor exhibici\u00f3n en cortinas\u00bb<br \/>\nPremio Casa FOA y San Pietro \u00abA la innovaci\u00f3n y dise\u00f1o en revestimiento en porcellanatos\u00bb<\/p>\n<p><strong>Contacto<\/strong><br \/>\nEstudio Viviana Melamed Arquitecta MDI<br \/>\n<a title=\"Estudio Viviana Melamed\" href=\"http:\/\/www.vivianamelamed.com.ar\" target=\"_blank\">http:\/\/www.vivianamelamed.com.ar<\/a><br \/>\n<a title=\"MATRIZdesign\" href=\"http:\/\/www.matrizdesign.com.ar\" target=\"_blank\">http:\/\/www.matrizdesign.com.ar<\/a><\/p>\n<p>Fotos cortesia de Estudio Viviana Melamed<\/p>\n<p>Fotos por Federico Kulekdjian (<a title=\"Federico Kulekdjian\" href=\"http:\/\/www.fedeku.com.ar\" target=\"_blank\">http:\/\/www.fedeku.com.ar<\/a>)<\/p>\n\n<div style=\"font-size: 0px; height: 0px; line-height: 0px; margin: 0; padding: 0; clear: both;\"><\/div><div style=\"margin-top: 0px; margin-bottom: 0px;\" class=\"sharethis-inline-share-buttons\" ><\/div>","protected":false},"excerpt":{"rendered":"<p>En una implantaci\u00f3n de ensue\u00f1o, una esquina que se abre sobre la barranca, con techos&#8230;<\/p>\n","protected":false},"author":1,"featured_media":10372,"comment_status":"closed","ping_status":"closed","sticky":false,"template":"","format":"standard","meta":{"_uag_custom_page_level_css":"","footnotes":""},"categories":[2680,55],"tags":[2066,3524,37,1697,2718,1401,2681,968,2719],"class_list":["post-10371","post","type-post","status-publish","format-standard","has-post-thumbnail","hentry","category-casa-foa-2014","category-diseno","tag-casa-foa","tag-casa-foa-2014","tag-decoracion","tag-diseno-de-interiores","tag-estudio-viviana-melamed","tag-foa","tag-la-abadia","tag-loft","tag-viviana-melamed","generate-columns","tablet-grid-50","mobile-grid-100","grid-parent","grid-50"],"yoast_head":"<!-- This site is optimized with the Yoast SEO plugin v27.3 - https:\/\/yoast.com\/product\/yoast-seo-wordpress\/ -->\n<title>Loft en esquina (Espacio 21 Casa FOA 2014) \/ Estudio Viviana Melamed - Arquimaster<\/title>\n<meta name=\"robots\" content=\"index, follow, max-snippet:-1, max-image-preview:large, max-video-preview:-1\" \/>\n<link rel=\"canonical\" href=\"https:\/\/www.arquimaster.com.ar\/web\/loft-en-esquina-espacio-21-casa-foa-2014-estudio-viviana-melamed\/\" \/>\n<meta property=\"og:locale\" content=\"es_ES\" \/>\n<meta property=\"og:type\" content=\"article\" \/>\n<meta property=\"og:title\" content=\"Loft en esquina (Espacio 21 Casa FOA 2014) \/ Estudio Viviana Melamed - Arquimaster\" \/>\n<meta property=\"og:description\" content=\"En una implantaci\u00f3n de ensue\u00f1o, una esquina que se abre sobre la barranca, con techos...\" \/>\n<meta property=\"og:url\" content=\"https:\/\/www.arquimaster.com.ar\/web\/loft-en-esquina-espacio-21-casa-foa-2014-estudio-viviana-melamed\/\" \/>\n<meta property=\"og:site_name\" content=\"Arquimaster\" \/>\n<meta property=\"article:publisher\" content=\"http:\/\/www.facebook.com\/ARQUIMASTER.com.ar\" \/>\n<meta property=\"article:published_time\" content=\"2014-10-13T22:50:29+00:00\" \/>\n<meta property=\"og:image\" content=\"https:\/\/www.arquimaster.com.ar\/web\/wp-content\/uploads\/2014\/10\/espacio21_casafoa2014_slide.jpg\" \/>\n\t<meta property=\"og:image:width\" content=\"642\" \/>\n\t<meta property=\"og:image:height\" content=\"336\" \/>\n\t<meta property=\"og:image:type\" content=\"image\/jpeg\" \/>\n<meta name=\"author\" content=\"Arquimaster\" \/>\n<meta name=\"twitter:card\" content=\"summary_large_image\" \/>\n<meta name=\"twitter:creator\" content=\"@arquimaster\" \/>\n<meta name=\"twitter:site\" content=\"@arquimaster\" \/>\n<meta name=\"twitter:label1\" content=\"Escrito por\" \/>\n\t<meta name=\"twitter:data1\" content=\"Arquimaster\" \/>\n\t<meta name=\"twitter:label2\" content=\"Tiempo de lectura\" \/>\n\t<meta name=\"twitter:data2\" content=\"4 minutos\" \/>\n<script type=\"application\/ld+json\" class=\"yoast-schema-graph\">{\"@context\":\"https:\\\/\\\/schema.org\",\"@graph\":[{\"@type\":\"Article\",\"@id\":\"https:\\\/\\\/www.arquimaster.com.ar\\\/web\\\/loft-en-esquina-espacio-21-casa-foa-2014-estudio-viviana-melamed\\\/#article\",\"isPartOf\":{\"@id\":\"https:\\\/\\\/www.arquimaster.com.ar\\\/web\\\/loft-en-esquina-espacio-21-casa-foa-2014-estudio-viviana-melamed\\\/\"},\"author\":{\"name\":\"Arquimaster\",\"@id\":\"https:\\\/\\\/www.arquimaster.com.ar\\\/web\\\/#\\\/schema\\\/person\\\/359e9f7c00193fcde068e0dd2ceb0028\"},\"headline\":\"Loft en esquina (Espacio 21 Casa FOA 2014) \\\/ Estudio Viviana Melamed\",\"datePublished\":\"2014-10-13T22:50:29+00:00\",\"mainEntityOfPage\":{\"@id\":\"https:\\\/\\\/www.arquimaster.com.ar\\\/web\\\/loft-en-esquina-espacio-21-casa-foa-2014-estudio-viviana-melamed\\\/\"},\"wordCount\":752,\"publisher\":{\"@id\":\"https:\\\/\\\/www.arquimaster.com.ar\\\/web\\\/#organization\"},\"image\":{\"@id\":\"https:\\\/\\\/www.arquimaster.com.ar\\\/web\\\/loft-en-esquina-espacio-21-casa-foa-2014-estudio-viviana-melamed\\\/#primaryimage\"},\"thumbnailUrl\":\"https:\\\/\\\/www.arquimaster.com.ar\\\/web\\\/wp-content\\\/uploads\\\/2014\\\/10\\\/espacio21_casafoa2014_slide.jpg\",\"keywords\":[\"Casa FOA\",\"Casa FOA 2014\",\"decoracion\",\"dise\u00f1o de interiores\",\"Estudio Viviana Melamed\",\"FOA\",\"La Abadia\",\"loft\",\"Viviana Melamed\"],\"articleSection\":[\"Casa FOA 2014\",\"Dise\u00f1o\"],\"inLanguage\":\"es\"},{\"@type\":\"WebPage\",\"@id\":\"https:\\\/\\\/www.arquimaster.com.ar\\\/web\\\/loft-en-esquina-espacio-21-casa-foa-2014-estudio-viviana-melamed\\\/\",\"url\":\"https:\\\/\\\/www.arquimaster.com.ar\\\/web\\\/loft-en-esquina-espacio-21-casa-foa-2014-estudio-viviana-melamed\\\/\",\"name\":\"Loft en esquina (Espacio 21 Casa FOA 2014) \\\/ Estudio Viviana Melamed - Arquimaster\",\"isPartOf\":{\"@id\":\"https:\\\/\\\/www.arquimaster.com.ar\\\/web\\\/#website\"},\"primaryImageOfPage\":{\"@id\":\"https:\\\/\\\/www.arquimaster.com.ar\\\/web\\\/loft-en-esquina-espacio-21-casa-foa-2014-estudio-viviana-melamed\\\/#primaryimage\"},\"image\":{\"@id\":\"https:\\\/\\\/www.arquimaster.com.ar\\\/web\\\/loft-en-esquina-espacio-21-casa-foa-2014-estudio-viviana-melamed\\\/#primaryimage\"},\"thumbnailUrl\":\"https:\\\/\\\/www.arquimaster.com.ar\\\/web\\\/wp-content\\\/uploads\\\/2014\\\/10\\\/espacio21_casafoa2014_slide.jpg\",\"datePublished\":\"2014-10-13T22:50:29+00:00\",\"breadcrumb\":{\"@id\":\"https:\\\/\\\/www.arquimaster.com.ar\\\/web\\\/loft-en-esquina-espacio-21-casa-foa-2014-estudio-viviana-melamed\\\/#breadcrumb\"},\"inLanguage\":\"es\",\"potentialAction\":[{\"@type\":\"ReadAction\",\"target\":[\"https:\\\/\\\/www.arquimaster.com.ar\\\/web\\\/loft-en-esquina-espacio-21-casa-foa-2014-estudio-viviana-melamed\\\/\"]}]},{\"@type\":\"ImageObject\",\"inLanguage\":\"es\",\"@id\":\"https:\\\/\\\/www.arquimaster.com.ar\\\/web\\\/loft-en-esquina-espacio-21-casa-foa-2014-estudio-viviana-melamed\\\/#primaryimage\",\"url\":\"https:\\\/\\\/www.arquimaster.com.ar\\\/web\\\/wp-content\\\/uploads\\\/2014\\\/10\\\/espacio21_casafoa2014_slide.jpg\",\"contentUrl\":\"https:\\\/\\\/www.arquimaster.com.ar\\\/web\\\/wp-content\\\/uploads\\\/2014\\\/10\\\/espacio21_casafoa2014_slide.jpg\",\"width\":642,\"height\":336},{\"@type\":\"BreadcrumbList\",\"@id\":\"https:\\\/\\\/www.arquimaster.com.ar\\\/web\\\/loft-en-esquina-espacio-21-casa-foa-2014-estudio-viviana-melamed\\\/#breadcrumb\",\"itemListElement\":[{\"@type\":\"ListItem\",\"position\":1,\"name\":\"Portada\",\"item\":\"https:\\\/\\\/www.arquimaster.com.ar\\\/web\\\/\"},{\"@type\":\"ListItem\",\"position\":2,\"name\":\"Loft en esquina (Espacio 21 Casa FOA 2014) \\\/ Estudio Viviana Melamed\"}]},{\"@type\":\"WebSite\",\"@id\":\"https:\\\/\\\/www.arquimaster.com.ar\\\/web\\\/#website\",\"url\":\"https:\\\/\\\/www.arquimaster.com.ar\\\/web\\\/\",\"name\":\"Arquimaster\",\"description\":\"Web de arquitectura, dise\u00f1o y construccion\",\"publisher\":{\"@id\":\"https:\\\/\\\/www.arquimaster.com.ar\\\/web\\\/#organization\"},\"potentialAction\":[{\"@type\":\"SearchAction\",\"target\":{\"@type\":\"EntryPoint\",\"urlTemplate\":\"https:\\\/\\\/www.arquimaster.com.ar\\\/web\\\/?s={search_term_string}\"},\"query-input\":{\"@type\":\"PropertyValueSpecification\",\"valueRequired\":true,\"valueName\":\"search_term_string\"}}],\"inLanguage\":\"es\"},{\"@type\":\"Organization\",\"@id\":\"https:\\\/\\\/www.arquimaster.com.ar\\\/web\\\/#organization\",\"name\":\"Arquimaster\",\"url\":\"https:\\\/\\\/www.arquimaster.com.ar\\\/web\\\/\",\"logo\":{\"@type\":\"ImageObject\",\"inLanguage\":\"es\",\"@id\":\"https:\\\/\\\/www.arquimaster.com.ar\\\/web\\\/#\\\/schema\\\/logo\\\/image\\\/\",\"url\":\"https:\\\/\\\/www.arquimaster.com.ar\\\/web\\\/wp-content\\\/uploads\\\/2022\\\/06\\\/arquimaster.png\",\"contentUrl\":\"https:\\\/\\\/www.arquimaster.com.ar\\\/web\\\/wp-content\\\/uploads\\\/2022\\\/06\\\/arquimaster.png\",\"width\":594,\"height\":78,\"caption\":\"Arquimaster\"},\"image\":{\"@id\":\"https:\\\/\\\/www.arquimaster.com.ar\\\/web\\\/#\\\/schema\\\/logo\\\/image\\\/\"},\"sameAs\":[\"http:\\\/\\\/www.facebook.com\\\/ARQUIMASTER.com.ar\",\"https:\\\/\\\/x.com\\\/arquimaster\",\"https:\\\/\\\/www.instagram.com\\\/arquimasterblog\\\/\",\"https:\\\/\\\/www.linkedin.com\\\/company\\\/arquimaster\",\"https:\\\/\\\/www.pinterest.com\\\/arquimaster\",\"https:\\\/\\\/t.me\\\/arquimaster\"]},{\"@type\":\"Person\",\"@id\":\"https:\\\/\\\/www.arquimaster.com.ar\\\/web\\\/#\\\/schema\\\/person\\\/359e9f7c00193fcde068e0dd2ceb0028\",\"name\":\"Arquimaster\"}]}<\/script>\n<!-- \/ Yoast SEO plugin. -->","yoast_head_json":{"title":"Loft en esquina (Espacio 21 Casa FOA 2014) \/ Estudio Viviana Melamed - Arquimaster","robots":{"index":"index","follow":"follow","max-snippet":"max-snippet:-1","max-image-preview":"max-image-preview:large","max-video-preview":"max-video-preview:-1"},"canonical":"https:\/\/www.arquimaster.com.ar\/web\/loft-en-esquina-espacio-21-casa-foa-2014-estudio-viviana-melamed\/","og_locale":"es_ES","og_type":"article","og_title":"Loft en esquina (Espacio 21 Casa FOA 2014) \/ Estudio Viviana Melamed - Arquimaster","og_description":"En una implantaci\u00f3n de ensue\u00f1o, una esquina que se abre sobre la barranca, con techos...","og_url":"https:\/\/www.arquimaster.com.ar\/web\/loft-en-esquina-espacio-21-casa-foa-2014-estudio-viviana-melamed\/","og_site_name":"Arquimaster","article_publisher":"http:\/\/www.facebook.com\/ARQUIMASTER.com.ar","article_published_time":"2014-10-13T22:50:29+00:00","og_image":[{"width":642,"height":336,"url":"https:\/\/www.arquimaster.com.ar\/web\/wp-content\/uploads\/2014\/10\/espacio21_casafoa2014_slide.jpg","type":"image\/jpeg"}],"author":"Arquimaster","twitter_card":"summary_large_image","twitter_creator":"@arquimaster","twitter_site":"@arquimaster","twitter_misc":{"Escrito por":"Arquimaster","Tiempo de lectura":"4 minutos"},"schema":{"@context":"https:\/\/schema.org","@graph":[{"@type":"Article","@id":"https:\/\/www.arquimaster.com.ar\/web\/loft-en-esquina-espacio-21-casa-foa-2014-estudio-viviana-melamed\/#article","isPartOf":{"@id":"https:\/\/www.arquimaster.com.ar\/web\/loft-en-esquina-espacio-21-casa-foa-2014-estudio-viviana-melamed\/"},"author":{"name":"Arquimaster","@id":"https:\/\/www.arquimaster.com.ar\/web\/#\/schema\/person\/359e9f7c00193fcde068e0dd2ceb0028"},"headline":"Loft en esquina (Espacio 21 Casa FOA 2014) \/ Estudio Viviana Melamed","datePublished":"2014-10-13T22:50:29+00:00","mainEntityOfPage":{"@id":"https:\/\/www.arquimaster.com.ar\/web\/loft-en-esquina-espacio-21-casa-foa-2014-estudio-viviana-melamed\/"},"wordCount":752,"publisher":{"@id":"https:\/\/www.arquimaster.com.ar\/web\/#organization"},"image":{"@id":"https:\/\/www.arquimaster.com.ar\/web\/loft-en-esquina-espacio-21-casa-foa-2014-estudio-viviana-melamed\/#primaryimage"},"thumbnailUrl":"https:\/\/www.arquimaster.com.ar\/web\/wp-content\/uploads\/2014\/10\/espacio21_casafoa2014_slide.jpg","keywords":["Casa FOA","Casa FOA 2014","decoracion","dise\u00f1o de interiores","Estudio Viviana Melamed","FOA","La Abadia","loft","Viviana Melamed"],"articleSection":["Casa FOA 2014","Dise\u00f1o"],"inLanguage":"es"},{"@type":"WebPage","@id":"https:\/\/www.arquimaster.com.ar\/web\/loft-en-esquina-espacio-21-casa-foa-2014-estudio-viviana-melamed\/","url":"https:\/\/www.arquimaster.com.ar\/web\/loft-en-esquina-espacio-21-casa-foa-2014-estudio-viviana-melamed\/","name":"Loft en esquina (Espacio 21 Casa FOA 2014) \/ Estudio Viviana Melamed - Arquimaster","isPartOf":{"@id":"https:\/\/www.arquimaster.com.ar\/web\/#website"},"primaryImageOfPage":{"@id":"https:\/\/www.arquimaster.com.ar\/web\/loft-en-esquina-espacio-21-casa-foa-2014-estudio-viviana-melamed\/#primaryimage"},"image":{"@id":"https:\/\/www.arquimaster.com.ar\/web\/loft-en-esquina-espacio-21-casa-foa-2014-estudio-viviana-melamed\/#primaryimage"},"thumbnailUrl":"https:\/\/www.arquimaster.com.ar\/web\/wp-content\/uploads\/2014\/10\/espacio21_casafoa2014_slide.jpg","datePublished":"2014-10-13T22:50:29+00:00","breadcrumb":{"@id":"https:\/\/www.arquimaster.com.ar\/web\/loft-en-esquina-espacio-21-casa-foa-2014-estudio-viviana-melamed\/#breadcrumb"},"inLanguage":"es","potentialAction":[{"@type":"ReadAction","target":["https:\/\/www.arquimaster.com.ar\/web\/loft-en-esquina-espacio-21-casa-foa-2014-estudio-viviana-melamed\/"]}]},{"@type":"ImageObject","inLanguage":"es","@id":"https:\/\/www.arquimaster.com.ar\/web\/loft-en-esquina-espacio-21-casa-foa-2014-estudio-viviana-melamed\/#primaryimage","url":"https:\/\/www.arquimaster.com.ar\/web\/wp-content\/uploads\/2014\/10\/espacio21_casafoa2014_slide.jpg","contentUrl":"https:\/\/www.arquimaster.com.ar\/web\/wp-content\/uploads\/2014\/10\/espacio21_casafoa2014_slide.jpg","width":642,"height":336},{"@type":"BreadcrumbList","@id":"https:\/\/www.arquimaster.com.ar\/web\/loft-en-esquina-espacio-21-casa-foa-2014-estudio-viviana-melamed\/#breadcrumb","itemListElement":[{"@type":"ListItem","position":1,"name":"Portada","item":"https:\/\/www.arquimaster.com.ar\/web\/"},{"@type":"ListItem","position":2,"name":"Loft en esquina (Espacio 21 Casa FOA 2014) \/ Estudio Viviana Melamed"}]},{"@type":"WebSite","@id":"https:\/\/www.arquimaster.com.ar\/web\/#website","url":"https:\/\/www.arquimaster.com.ar\/web\/","name":"Arquimaster","description":"Web de arquitectura, dise\u00f1o y construccion","publisher":{"@id":"https:\/\/www.arquimaster.com.ar\/web\/#organization"},"potentialAction":[{"@type":"SearchAction","target":{"@type":"EntryPoint","urlTemplate":"https:\/\/www.arquimaster.com.ar\/web\/?s={search_term_string}"},"query-input":{"@type":"PropertyValueSpecification","valueRequired":true,"valueName":"search_term_string"}}],"inLanguage":"es"},{"@type":"Organization","@id":"https:\/\/www.arquimaster.com.ar\/web\/#organization","name":"Arquimaster","url":"https:\/\/www.arquimaster.com.ar\/web\/","logo":{"@type":"ImageObject","inLanguage":"es","@id":"https:\/\/www.arquimaster.com.ar\/web\/#\/schema\/logo\/image\/","url":"https:\/\/www.arquimaster.com.ar\/web\/wp-content\/uploads\/2022\/06\/arquimaster.png","contentUrl":"https:\/\/www.arquimaster.com.ar\/web\/wp-content\/uploads\/2022\/06\/arquimaster.png","width":594,"height":78,"caption":"Arquimaster"},"image":{"@id":"https:\/\/www.arquimaster.com.ar\/web\/#\/schema\/logo\/image\/"},"sameAs":["http:\/\/www.facebook.com\/ARQUIMASTER.com.ar","https:\/\/x.com\/arquimaster","https:\/\/www.instagram.com\/arquimasterblog\/","https:\/\/www.linkedin.com\/company\/arquimaster","https:\/\/www.pinterest.com\/arquimaster","https:\/\/t.me\/arquimaster"]},{"@type":"Person","@id":"https:\/\/www.arquimaster.com.ar\/web\/#\/schema\/person\/359e9f7c00193fcde068e0dd2ceb0028","name":"Arquimaster"}]}},"uagb_featured_image_src":{"full":["https:\/\/www.arquimaster.com.ar\/web\/wp-content\/uploads\/2014\/10\/espacio21_casafoa2014_slide.jpg",642,336,false],"thumbnail":["https:\/\/www.arquimaster.com.ar\/web\/wp-content\/uploads\/2014\/10\/espacio21_casafoa2014_slide-150x150.jpg",150,150,true],"medium":["https:\/\/www.arquimaster.com.ar\/web\/wp-content\/uploads\/2014\/10\/espacio21_casafoa2014_slide-300x157.jpg",300,157,true],"medium_large":["https:\/\/www.arquimaster.com.ar\/web\/wp-content\/uploads\/2014\/10\/espacio21_casafoa2014_slide.jpg",642,336,false],"large":["https:\/\/www.arquimaster.com.ar\/web\/wp-content\/uploads\/2014\/10\/espacio21_casafoa2014_slide.jpg",642,336,false],"1536x1536":["https:\/\/www.arquimaster.com.ar\/web\/wp-content\/uploads\/2014\/10\/espacio21_casafoa2014_slide.jpg",642,336,false],"2048x2048":["https:\/\/www.arquimaster.com.ar\/web\/wp-content\/uploads\/2014\/10\/espacio21_casafoa2014_slide.jpg",642,336,false]},"uagb_author_info":{"display_name":"Arquimaster","author_link":"https:\/\/www.arquimaster.com.ar\/web\/author\/arquimaster\/"},"uagb_comment_info":0,"uagb_excerpt":"En una implantaci\u00f3n de ensue\u00f1o, una esquina que se abre sobre la barranca, con techos...","_links":{"self":[{"href":"https:\/\/www.arquimaster.com.ar\/web\/wp-json\/wp\/v2\/posts\/10371","targetHints":{"allow":["GET"]}}],"collection":[{"href":"https:\/\/www.arquimaster.com.ar\/web\/wp-json\/wp\/v2\/posts"}],"about":[{"href":"https:\/\/www.arquimaster.com.ar\/web\/wp-json\/wp\/v2\/types\/post"}],"author":[{"embeddable":true,"href":"https:\/\/www.arquimaster.com.ar\/web\/wp-json\/wp\/v2\/users\/1"}],"replies":[{"embeddable":true,"href":"https:\/\/www.arquimaster.com.ar\/web\/wp-json\/wp\/v2\/comments?post=10371"}],"version-history":[{"count":0,"href":"https:\/\/www.arquimaster.com.ar\/web\/wp-json\/wp\/v2\/posts\/10371\/revisions"}],"wp:featuredmedia":[{"embeddable":true,"href":"https:\/\/www.arquimaster.com.ar\/web\/wp-json\/wp\/v2\/media\/10372"}],"wp:attachment":[{"href":"https:\/\/www.arquimaster.com.ar\/web\/wp-json\/wp\/v2\/media?parent=10371"}],"wp:term":[{"taxonomy":"category","embeddable":true,"href":"https:\/\/www.arquimaster.com.ar\/web\/wp-json\/wp\/v2\/categories?post=10371"},{"taxonomy":"post_tag","embeddable":true,"href":"https:\/\/www.arquimaster.com.ar\/web\/wp-json\/wp\/v2\/tags?post=10371"}],"curies":[{"name":"wp","href":"https:\/\/api.w.org\/{rel}","templated":true}]}}