{"id":10406,"date":"2014-10-14T17:08:30","date_gmt":"2014-10-14T17:08:30","guid":{"rendered":"http:\/\/www.arquimaster.com.ar\/web\/?p=10406"},"modified":"2014-10-15T02:18:21","modified_gmt":"2014-10-15T02:18:21","slug":"comedor-diario-espacio-30-casa-foa-2014-estudio-judith-babour","status":"publish","type":"post","link":"https:\/\/www.arquimaster.com.ar\/web\/comedor-diario-espacio-30-casa-foa-2014-estudio-judith-babour\/","title":{"rendered":"Comedor diario (Espacio 30 Casa FOA 2014) \/ Estudio Judith Babour"},"content":{"rendered":"<div style=\"margin-top: 0px; margin-bottom: 0px;\" class=\"sharethis-inline-share-buttons\" ><\/div><div class=\"b812932af2e751442846f039925109de\" data-index=\"1\" style=\"float: none; margin:25px 0 25px 0; text-align:center;\">\n<script async src=\"https:\/\/pagead2.googlesyndication.com\/pagead\/js\/adsbygoogle.js\"><\/script>\r\n<!-- Arquimaster (superior) -->\r\n<ins class=\"adsbygoogle\"\r\n     style=\"display:block\"\r\n     data-ad-client=\"ca-pub-6351072698456832\"\r\n     data-ad-slot=\"6455489680\"\r\n     data-ad-format=\"auto\"\r\n     data-full-width-responsive=\"true\"><\/ins>\r\n<script>\r\n     (adsbygoogle = window.adsbygoogle || []).push({});\r\n<\/script>\n<\/div>\n<p><strong>Comedor diario<\/strong> (Espacio 30 Casa FOA 2014 La Abadia) por <strong>Estudio Judith Babour<\/strong>. Para esta nueva edici\u00f3n de Casa FOA proyectamos un comedor diario. Un espacio contempor\u00e1neo, descontracturado, acogedor y principalmente vivible, que transmite frescura, calidez y vanguardia.<\/p>\n<div id='gallery-1' class='gallery galleryid-10406 gallery-columns-3 gallery-size-thumbnail'><figure class='gallery-item'>\n\t\t\t<div class='gallery-icon landscape'>\n\t\t\t\t<a href='https:\/\/www.arquimaster.com.ar\/web\/wp-content\/uploads\/2014\/10\/espacio30_casafoa2014_1.jpg' title=\"Comedor diario (Espacio 30 Casa FOA 2014) \/ Estudio Judith Babour\" data-rl_title=\"Comedor diario (Espacio 30 Casa FOA 2014) \/ Estudio Judith Babour\" class=\"rl-gallery-link\" data-rl_caption=\"Comedor diario (Espacio 30 Casa FOA 2014) \/ Estudio Judith Babour\" data-rel=\"lightbox-gallery-1\"><img loading=\"lazy\" decoding=\"async\" width=\"150\" height=\"150\" src=\"https:\/\/www.arquimaster.com.ar\/web\/wp-content\/uploads\/2014\/10\/espacio30_casafoa2014_1-150x150.jpg\" class=\"attachment-thumbnail size-thumbnail\" alt=\"\" aria-describedby=\"gallery-1-10408\" srcset=\"https:\/\/www.arquimaster.com.ar\/web\/wp-content\/uploads\/2014\/10\/espacio30_casafoa2014_1-150x150.jpg 150w, https:\/\/www.arquimaster.com.ar\/web\/wp-content\/uploads\/2014\/10\/espacio30_casafoa2014_1-50x50.jpg 50w, https:\/\/www.arquimaster.com.ar\/web\/wp-content\/uploads\/2014\/10\/espacio30_casafoa2014_1-125x125.jpg 125w\" sizes=\"auto, (max-width: 150px) 100vw, 150px\" \/><\/a>\n\t\t\t<\/div>\n\t\t\t\t<figcaption class='wp-caption-text gallery-caption' id='gallery-1-10408'>\n\t\t\t\tComedor diario (Espacio 30 Casa FOA 2014) \/ Estudio Judith Babour\n\t\t\t\t<\/figcaption><\/figure><figure class='gallery-item'>\n\t\t\t<div class='gallery-icon landscape'>\n\t\t\t\t<a href='https:\/\/www.arquimaster.com.ar\/web\/wp-content\/uploads\/2014\/10\/espacio30_casafoa2014_2.jpg' title=\"Comedor diario (Espacio 30 Casa FOA 2014) \/ Estudio Judith Babour\" data-rl_title=\"Comedor diario (Espacio 30 Casa FOA 2014) \/ Estudio Judith Babour\" class=\"rl-gallery-link\" data-rl_caption=\"Comedor diario (Espacio 30 Casa FOA 2014) \/ Estudio Judith Babour\" data-rel=\"lightbox-gallery-1\"><img loading=\"lazy\" decoding=\"async\" width=\"150\" height=\"150\" src=\"https:\/\/www.arquimaster.com.ar\/web\/wp-content\/uploads\/2014\/10\/espacio30_casafoa2014_2-150x150.jpg\" class=\"attachment-thumbnail size-thumbnail\" alt=\"\" aria-describedby=\"gallery-1-10409\" srcset=\"https:\/\/www.arquimaster.com.ar\/web\/wp-content\/uploads\/2014\/10\/espacio30_casafoa2014_2-150x150.jpg 150w, https:\/\/www.arquimaster.com.ar\/web\/wp-content\/uploads\/2014\/10\/espacio30_casafoa2014_2-50x50.jpg 50w, https:\/\/www.arquimaster.com.ar\/web\/wp-content\/uploads\/2014\/10\/espacio30_casafoa2014_2-125x125.jpg 125w\" sizes=\"auto, (max-width: 150px) 100vw, 150px\" \/><\/a>\n\t\t\t<\/div>\n\t\t\t\t<figcaption class='wp-caption-text gallery-caption' id='gallery-1-10409'>\n\t\t\t\tComedor diario (Espacio 30 Casa FOA 2014) \/ Estudio Judith Babour\n\t\t\t\t<\/figcaption><\/figure><figure class='gallery-item'>\n\t\t\t<div class='gallery-icon landscape'>\n\t\t\t\t<a href='https:\/\/www.arquimaster.com.ar\/web\/wp-content\/uploads\/2014\/10\/espacio30_casafoa2014_3.jpg' title=\"Comedor diario (Espacio 30 Casa FOA 2014) \/ Estudio Judith Babour\" data-rl_title=\"Comedor diario (Espacio 30 Casa FOA 2014) \/ Estudio Judith Babour\" class=\"rl-gallery-link\" data-rl_caption=\"Comedor diario (Espacio 30 Casa FOA 2014) \/ Estudio Judith Babour\" data-rel=\"lightbox-gallery-1\"><img loading=\"lazy\" decoding=\"async\" width=\"150\" height=\"150\" src=\"https:\/\/www.arquimaster.com.ar\/web\/wp-content\/uploads\/2014\/10\/espacio30_casafoa2014_3-150x150.jpg\" class=\"attachment-thumbnail size-thumbnail\" alt=\"\" aria-describedby=\"gallery-1-10410\" srcset=\"https:\/\/www.arquimaster.com.ar\/web\/wp-content\/uploads\/2014\/10\/espacio30_casafoa2014_3-150x150.jpg 150w, https:\/\/www.arquimaster.com.ar\/web\/wp-content\/uploads\/2014\/10\/espacio30_casafoa2014_3-50x50.jpg 50w, https:\/\/www.arquimaster.com.ar\/web\/wp-content\/uploads\/2014\/10\/espacio30_casafoa2014_3-125x125.jpg 125w\" sizes=\"auto, (max-width: 150px) 100vw, 150px\" \/><\/a>\n\t\t\t<\/div>\n\t\t\t\t<figcaption class='wp-caption-text gallery-caption' id='gallery-1-10410'>\n\t\t\t\tComedor diario (Espacio 30 Casa FOA 2014) \/ Estudio Judith Babour\n\t\t\t\t<\/figcaption><\/figure><figure class='gallery-item'>\n\t\t\t<div class='gallery-icon landscape'>\n\t\t\t\t<a href='https:\/\/www.arquimaster.com.ar\/web\/wp-content\/uploads\/2014\/10\/espacio30_casafoa2014_5.jpg' title=\"Comedor diario (Espacio 30 Casa FOA 2014) \/ Estudio Judith Babour\" data-rl_title=\"Comedor diario (Espacio 30 Casa FOA 2014) \/ Estudio Judith Babour\" class=\"rl-gallery-link\" data-rl_caption=\"Comedor diario (Espacio 30 Casa FOA 2014) \/ Estudio Judith Babour\" data-rel=\"lightbox-gallery-1\"><img loading=\"lazy\" decoding=\"async\" width=\"150\" height=\"150\" src=\"https:\/\/www.arquimaster.com.ar\/web\/wp-content\/uploads\/2014\/10\/espacio30_casafoa2014_5-150x150.jpg\" class=\"attachment-thumbnail size-thumbnail\" alt=\"\" aria-describedby=\"gallery-1-10412\" srcset=\"https:\/\/www.arquimaster.com.ar\/web\/wp-content\/uploads\/2014\/10\/espacio30_casafoa2014_5-150x150.jpg 150w, https:\/\/www.arquimaster.com.ar\/web\/wp-content\/uploads\/2014\/10\/espacio30_casafoa2014_5-50x50.jpg 50w, https:\/\/www.arquimaster.com.ar\/web\/wp-content\/uploads\/2014\/10\/espacio30_casafoa2014_5-125x125.jpg 125w\" sizes=\"auto, (max-width: 150px) 100vw, 150px\" \/><\/a>\n\t\t\t<\/div>\n\t\t\t\t<figcaption class='wp-caption-text gallery-caption' id='gallery-1-10412'>\n\t\t\t\tComedor diario (Espacio 30 Casa FOA 2014) \/ Estudio Judith Babour\n\t\t\t\t<\/figcaption><\/figure><figure class='gallery-item'>\n\t\t\t<div class='gallery-icon landscape'>\n\t\t\t\t<a href='https:\/\/www.arquimaster.com.ar\/web\/wp-content\/uploads\/2014\/10\/espacio30_casafoa2014_6.jpg' title=\"Comedor diario (Espacio 30 Casa FOA 2014) \/ Estudio Judith Babour\" data-rl_title=\"Comedor diario (Espacio 30 Casa FOA 2014) \/ Estudio Judith Babour\" class=\"rl-gallery-link\" data-rl_caption=\"Comedor diario (Espacio 30 Casa FOA 2014) \/ Estudio Judith Babour\" data-rel=\"lightbox-gallery-1\"><img loading=\"lazy\" decoding=\"async\" width=\"150\" height=\"150\" src=\"https:\/\/www.arquimaster.com.ar\/web\/wp-content\/uploads\/2014\/10\/espacio30_casafoa2014_6-150x150.jpg\" class=\"attachment-thumbnail size-thumbnail\" alt=\"\" aria-describedby=\"gallery-1-10413\" srcset=\"https:\/\/www.arquimaster.com.ar\/web\/wp-content\/uploads\/2014\/10\/espacio30_casafoa2014_6-150x150.jpg 150w, https:\/\/www.arquimaster.com.ar\/web\/wp-content\/uploads\/2014\/10\/espacio30_casafoa2014_6-50x50.jpg 50w, https:\/\/www.arquimaster.com.ar\/web\/wp-content\/uploads\/2014\/10\/espacio30_casafoa2014_6-125x125.jpg 125w\" sizes=\"auto, (max-width: 150px) 100vw, 150px\" \/><\/a>\n\t\t\t<\/div>\n\t\t\t\t<figcaption class='wp-caption-text gallery-caption' id='gallery-1-10413'>\n\t\t\t\tComedor diario (Espacio 30 Casa FOA 2014) \/ Estudio Judith Babour\n\t\t\t\t<\/figcaption><\/figure><figure class='gallery-item'>\n\t\t\t<div class='gallery-icon landscape'>\n\t\t\t\t<a href='https:\/\/www.arquimaster.com.ar\/web\/wp-content\/uploads\/2014\/10\/espacio30_casafoa2014_7.jpg' title=\"Comedor diario (Espacio 30 Casa FOA 2014) \/ Estudio Judith Babour\" data-rl_title=\"Comedor diario (Espacio 30 Casa FOA 2014) \/ Estudio Judith Babour\" class=\"rl-gallery-link\" data-rl_caption=\"Comedor diario (Espacio 30 Casa FOA 2014) \/ Estudio Judith Babour\" data-rel=\"lightbox-gallery-1\"><img loading=\"lazy\" decoding=\"async\" width=\"150\" height=\"150\" src=\"https:\/\/www.arquimaster.com.ar\/web\/wp-content\/uploads\/2014\/10\/espacio30_casafoa2014_7-150x150.jpg\" class=\"attachment-thumbnail size-thumbnail\" alt=\"\" aria-describedby=\"gallery-1-10414\" srcset=\"https:\/\/www.arquimaster.com.ar\/web\/wp-content\/uploads\/2014\/10\/espacio30_casafoa2014_7-150x150.jpg 150w, https:\/\/www.arquimaster.com.ar\/web\/wp-content\/uploads\/2014\/10\/espacio30_casafoa2014_7-50x50.jpg 50w, https:\/\/www.arquimaster.com.ar\/web\/wp-content\/uploads\/2014\/10\/espacio30_casafoa2014_7-125x125.jpg 125w\" sizes=\"auto, (max-width: 150px) 100vw, 150px\" \/><\/a>\n\t\t\t<\/div>\n\t\t\t\t<figcaption class='wp-caption-text gallery-caption' id='gallery-1-10414'>\n\t\t\t\tComedor diario (Espacio 30 Casa FOA 2014) \/ Estudio Judith Babour\n\t\t\t\t<\/figcaption><\/figure><figure class='gallery-item'>\n\t\t\t<div class='gallery-icon landscape'>\n\t\t\t\t<a href='https:\/\/www.arquimaster.com.ar\/web\/wp-content\/uploads\/2014\/10\/espacio30_casafoa2014_8.jpg' title=\"Comedor diario (Espacio 30 Casa FOA 2014) \/ Estudio Judith Babour\" data-rl_title=\"Comedor diario (Espacio 30 Casa FOA 2014) \/ Estudio Judith Babour\" class=\"rl-gallery-link\" data-rl_caption=\"Comedor diario (Espacio 30 Casa FOA 2014) \/ Estudio Judith Babour\" data-rel=\"lightbox-gallery-1\"><img loading=\"lazy\" decoding=\"async\" width=\"150\" height=\"150\" src=\"https:\/\/www.arquimaster.com.ar\/web\/wp-content\/uploads\/2014\/10\/espacio30_casafoa2014_8-150x150.jpg\" class=\"attachment-thumbnail size-thumbnail\" alt=\"\" aria-describedby=\"gallery-1-10415\" srcset=\"https:\/\/www.arquimaster.com.ar\/web\/wp-content\/uploads\/2014\/10\/espacio30_casafoa2014_8-150x150.jpg 150w, https:\/\/www.arquimaster.com.ar\/web\/wp-content\/uploads\/2014\/10\/espacio30_casafoa2014_8-50x50.jpg 50w, https:\/\/www.arquimaster.com.ar\/web\/wp-content\/uploads\/2014\/10\/espacio30_casafoa2014_8-125x125.jpg 125w\" sizes=\"auto, (max-width: 150px) 100vw, 150px\" \/><\/a>\n\t\t\t<\/div>\n\t\t\t\t<figcaption class='wp-caption-text gallery-caption' id='gallery-1-10415'>\n\t\t\t\tComedor diario (Espacio 30 Casa FOA 2014) \/ Estudio Judith Babour\n\t\t\t\t<\/figcaption><\/figure><figure class='gallery-item'>\n\t\t\t<div class='gallery-icon landscape'>\n\t\t\t\t<a href='https:\/\/www.arquimaster.com.ar\/web\/wp-content\/uploads\/2014\/10\/espacio30_casafoa2014_9.jpg' title=\"Comedor diario (Espacio 30 Casa FOA 2014) \/ Estudio Judith Babour\" data-rl_title=\"Comedor diario (Espacio 30 Casa FOA 2014) \/ Estudio Judith Babour\" class=\"rl-gallery-link\" data-rl_caption=\"Comedor diario (Espacio 30 Casa FOA 2014) \/ Estudio Judith Babour\" data-rel=\"lightbox-gallery-1\"><img loading=\"lazy\" decoding=\"async\" width=\"150\" height=\"150\" src=\"https:\/\/www.arquimaster.com.ar\/web\/wp-content\/uploads\/2014\/10\/espacio30_casafoa2014_9-150x150.jpg\" class=\"attachment-thumbnail size-thumbnail\" alt=\"\" aria-describedby=\"gallery-1-10416\" srcset=\"https:\/\/www.arquimaster.com.ar\/web\/wp-content\/uploads\/2014\/10\/espacio30_casafoa2014_9-150x150.jpg 150w, https:\/\/www.arquimaster.com.ar\/web\/wp-content\/uploads\/2014\/10\/espacio30_casafoa2014_9-50x50.jpg 50w, https:\/\/www.arquimaster.com.ar\/web\/wp-content\/uploads\/2014\/10\/espacio30_casafoa2014_9-125x125.jpg 125w\" sizes=\"auto, (max-width: 150px) 100vw, 150px\" \/><\/a>\n\t\t\t<\/div>\n\t\t\t\t<figcaption class='wp-caption-text gallery-caption' id='gallery-1-10416'>\n\t\t\t\tComedor diario (Espacio 30 Casa FOA 2014) \/ Estudio Judith Babour\n\t\t\t\t<\/figcaption><\/figure><figure class='gallery-item'>\n\t\t\t<div class='gallery-icon portrait'>\n\t\t\t\t<a href='https:\/\/www.arquimaster.com.ar\/web\/wp-content\/uploads\/2014\/10\/espacio30_casafoa2014_10.jpg' title=\"Comedor diario (Espacio 30 Casa FOA 2014) \/ Estudio Judith Babour\" data-rl_title=\"Comedor diario (Espacio 30 Casa FOA 2014) \/ Estudio Judith Babour\" class=\"rl-gallery-link\" data-rl_caption=\"Comedor diario (Espacio 30 Casa FOA 2014) \/ Estudio Judith Babour\" data-rel=\"lightbox-gallery-1\"><img loading=\"lazy\" decoding=\"async\" width=\"150\" height=\"150\" src=\"https:\/\/www.arquimaster.com.ar\/web\/wp-content\/uploads\/2014\/10\/espacio30_casafoa2014_10-150x150.jpg\" class=\"attachment-thumbnail size-thumbnail\" alt=\"\" aria-describedby=\"gallery-1-10417\" srcset=\"https:\/\/www.arquimaster.com.ar\/web\/wp-content\/uploads\/2014\/10\/espacio30_casafoa2014_10-150x150.jpg 150w, https:\/\/www.arquimaster.com.ar\/web\/wp-content\/uploads\/2014\/10\/espacio30_casafoa2014_10-50x50.jpg 50w, https:\/\/www.arquimaster.com.ar\/web\/wp-content\/uploads\/2014\/10\/espacio30_casafoa2014_10-125x125.jpg 125w\" sizes=\"auto, (max-width: 150px) 100vw, 150px\" \/><\/a>\n\t\t\t<\/div>\n\t\t\t\t<figcaption class='wp-caption-text gallery-caption' id='gallery-1-10417'>\n\t\t\t\tComedor diario (Espacio 30 Casa FOA 2014) \/ Estudio Judith Babour\n\t\t\t\t<\/figcaption><\/figure><figure class='gallery-item'>\n\t\t\t<div class='gallery-icon portrait'>\n\t\t\t\t<a href='https:\/\/www.arquimaster.com.ar\/web\/wp-content\/uploads\/2014\/10\/espacio30_casafoa2014_11.jpg' title=\"Comedor diario (Espacio 30 Casa FOA 2014) \/ Estudio Judith Babour\" data-rl_title=\"Comedor diario (Espacio 30 Casa FOA 2014) \/ Estudio Judith Babour\" class=\"rl-gallery-link\" data-rl_caption=\"Comedor diario (Espacio 30 Casa FOA 2014) \/ Estudio Judith Babour\" data-rel=\"lightbox-gallery-1\"><img loading=\"lazy\" decoding=\"async\" width=\"150\" height=\"150\" src=\"https:\/\/www.arquimaster.com.ar\/web\/wp-content\/uploads\/2014\/10\/espacio30_casafoa2014_11-150x150.jpg\" class=\"attachment-thumbnail size-thumbnail\" alt=\"\" aria-describedby=\"gallery-1-10418\" srcset=\"https:\/\/www.arquimaster.com.ar\/web\/wp-content\/uploads\/2014\/10\/espacio30_casafoa2014_11-150x150.jpg 150w, https:\/\/www.arquimaster.com.ar\/web\/wp-content\/uploads\/2014\/10\/espacio30_casafoa2014_11-50x50.jpg 50w, https:\/\/www.arquimaster.com.ar\/web\/wp-content\/uploads\/2014\/10\/espacio30_casafoa2014_11-125x125.jpg 125w\" sizes=\"auto, (max-width: 150px) 100vw, 150px\" \/><\/a>\n\t\t\t<\/div>\n\t\t\t\t<figcaption class='wp-caption-text gallery-caption' id='gallery-1-10418'>\n\t\t\t\tComedor diario (Espacio 30 Casa FOA 2014) \/ Estudio Judith Babour\n\t\t\t\t<\/figcaption><\/figure><figure class='gallery-item'>\n\t\t\t<div class='gallery-icon portrait'>\n\t\t\t\t<a href='https:\/\/www.arquimaster.com.ar\/web\/wp-content\/uploads\/2014\/10\/espacio30_casafoa2014_12.jpg' title=\"Comedor diario (Espacio 30 Casa FOA 2014) \/ Estudio Judith Babour\" data-rl_title=\"Comedor diario (Espacio 30 Casa FOA 2014) \/ Estudio Judith Babour\" class=\"rl-gallery-link\" data-rl_caption=\"Comedor diario (Espacio 30 Casa FOA 2014) \/ Estudio Judith Babour\" data-rel=\"lightbox-gallery-1\"><img loading=\"lazy\" decoding=\"async\" width=\"150\" height=\"150\" src=\"https:\/\/www.arquimaster.com.ar\/web\/wp-content\/uploads\/2014\/10\/espacio30_casafoa2014_12-150x150.jpg\" class=\"attachment-thumbnail size-thumbnail\" alt=\"\" aria-describedby=\"gallery-1-10419\" srcset=\"https:\/\/www.arquimaster.com.ar\/web\/wp-content\/uploads\/2014\/10\/espacio30_casafoa2014_12-150x150.jpg 150w, https:\/\/www.arquimaster.com.ar\/web\/wp-content\/uploads\/2014\/10\/espacio30_casafoa2014_12-50x50.jpg 50w, https:\/\/www.arquimaster.com.ar\/web\/wp-content\/uploads\/2014\/10\/espacio30_casafoa2014_12-125x125.jpg 125w\" sizes=\"auto, (max-width: 150px) 100vw, 150px\" \/><\/a>\n\t\t\t<\/div>\n\t\t\t\t<figcaption class='wp-caption-text gallery-caption' id='gallery-1-10419'>\n\t\t\t\tComedor diario (Espacio 30 Casa FOA 2014) \/ Estudio Judith Babour\n\t\t\t\t<\/figcaption><\/figure><figure class='gallery-item'>\n\t\t\t<div class='gallery-icon portrait'>\n\t\t\t\t<a href='https:\/\/www.arquimaster.com.ar\/web\/wp-content\/uploads\/2014\/10\/espacio30_casafoa2014_13.jpg' title=\"Comedor diario (Espacio 30 Casa FOA 2014) \/ Estudio Judith Babour\" data-rl_title=\"Comedor diario (Espacio 30 Casa FOA 2014) \/ Estudio Judith Babour\" class=\"rl-gallery-link\" data-rl_caption=\"Comedor diario (Espacio 30 Casa FOA 2014) \/ Estudio Judith Babour\" data-rel=\"lightbox-gallery-1\"><img loading=\"lazy\" decoding=\"async\" width=\"150\" height=\"150\" src=\"https:\/\/www.arquimaster.com.ar\/web\/wp-content\/uploads\/2014\/10\/espacio30_casafoa2014_13-150x150.jpg\" class=\"attachment-thumbnail size-thumbnail\" alt=\"\" aria-describedby=\"gallery-1-10420\" srcset=\"https:\/\/www.arquimaster.com.ar\/web\/wp-content\/uploads\/2014\/10\/espacio30_casafoa2014_13-150x150.jpg 150w, https:\/\/www.arquimaster.com.ar\/web\/wp-content\/uploads\/2014\/10\/espacio30_casafoa2014_13-50x50.jpg 50w, https:\/\/www.arquimaster.com.ar\/web\/wp-content\/uploads\/2014\/10\/espacio30_casafoa2014_13-125x125.jpg 125w\" sizes=\"auto, (max-width: 150px) 100vw, 150px\" \/><\/a>\n\t\t\t<\/div>\n\t\t\t\t<figcaption class='wp-caption-text gallery-caption' id='gallery-1-10420'>\n\t\t\t\tComedor diario (Espacio 30 Casa FOA 2014) \/ Estudio Judith Babour\n\t\t\t\t<\/figcaption><\/figure><figure class='gallery-item'>\n\t\t\t<div class='gallery-icon portrait'>\n\t\t\t\t<a href='https:\/\/www.arquimaster.com.ar\/web\/wp-content\/uploads\/2014\/10\/espacio30_casafoa2014_14.jpg' title=\"Comedor diario (Espacio 30 Casa FOA 2014) \/ Estudio Judith Babour\" data-rl_title=\"Comedor diario (Espacio 30 Casa FOA 2014) \/ Estudio Judith Babour\" class=\"rl-gallery-link\" data-rl_caption=\"Comedor diario (Espacio 30 Casa FOA 2014) \/ Estudio Judith Babour\" data-rel=\"lightbox-gallery-1\"><img loading=\"lazy\" decoding=\"async\" width=\"150\" height=\"150\" src=\"https:\/\/www.arquimaster.com.ar\/web\/wp-content\/uploads\/2014\/10\/espacio30_casafoa2014_14-150x150.jpg\" class=\"attachment-thumbnail size-thumbnail\" alt=\"\" aria-describedby=\"gallery-1-10421\" srcset=\"https:\/\/www.arquimaster.com.ar\/web\/wp-content\/uploads\/2014\/10\/espacio30_casafoa2014_14-150x150.jpg 150w, https:\/\/www.arquimaster.com.ar\/web\/wp-content\/uploads\/2014\/10\/espacio30_casafoa2014_14-50x50.jpg 50w, https:\/\/www.arquimaster.com.ar\/web\/wp-content\/uploads\/2014\/10\/espacio30_casafoa2014_14-125x125.jpg 125w\" sizes=\"auto, (max-width: 150px) 100vw, 150px\" \/><\/a>\n\t\t\t<\/div>\n\t\t\t\t<figcaption class='wp-caption-text gallery-caption' id='gallery-1-10421'>\n\t\t\t\tComedor diario (Espacio 30 Casa FOA 2014) \/ Estudio Judith Babour\n\t\t\t\t<\/figcaption><\/figure><figure class='gallery-item'>\n\t\t\t<div class='gallery-icon portrait'>\n\t\t\t\t<a href='https:\/\/www.arquimaster.com.ar\/web\/wp-content\/uploads\/2014\/10\/espacio30_casafoa2014_15.jpg' title=\"Comedor diario (Espacio 30 Casa FOA 2014) \/ Estudio Judith Babour\" data-rl_title=\"Comedor diario (Espacio 30 Casa FOA 2014) \/ Estudio Judith Babour\" class=\"rl-gallery-link\" data-rl_caption=\"Comedor diario (Espacio 30 Casa FOA 2014) \/ Estudio Judith Babour\" data-rel=\"lightbox-gallery-1\"><img loading=\"lazy\" decoding=\"async\" width=\"150\" height=\"150\" src=\"https:\/\/www.arquimaster.com.ar\/web\/wp-content\/uploads\/2014\/10\/espacio30_casafoa2014_15-150x150.jpg\" class=\"attachment-thumbnail size-thumbnail\" alt=\"\" aria-describedby=\"gallery-1-10422\" srcset=\"https:\/\/www.arquimaster.com.ar\/web\/wp-content\/uploads\/2014\/10\/espacio30_casafoa2014_15-150x150.jpg 150w, https:\/\/www.arquimaster.com.ar\/web\/wp-content\/uploads\/2014\/10\/espacio30_casafoa2014_15-50x50.jpg 50w, https:\/\/www.arquimaster.com.ar\/web\/wp-content\/uploads\/2014\/10\/espacio30_casafoa2014_15-125x125.jpg 125w\" sizes=\"auto, (max-width: 150px) 100vw, 150px\" \/><\/a>\n\t\t\t<\/div>\n\t\t\t\t<figcaption class='wp-caption-text gallery-caption' id='gallery-1-10422'>\n\t\t\t\tComedor diario (Espacio 30 Casa FOA 2014) \/ Estudio Judith Babour\n\t\t\t\t<\/figcaption><\/figure><figure class='gallery-item'>\n\t\t\t<div class='gallery-icon portrait'>\n\t\t\t\t<a href='https:\/\/www.arquimaster.com.ar\/web\/wp-content\/uploads\/2014\/10\/espacio30_casafoa2014_16.jpg' title=\"Comedor diario (Espacio 30 Casa FOA 2014) \/ Estudio Judith Babour\" data-rl_title=\"Comedor diario (Espacio 30 Casa FOA 2014) \/ Estudio Judith Babour\" class=\"rl-gallery-link\" data-rl_caption=\"Comedor diario (Espacio 30 Casa FOA 2014) \/ Estudio Judith Babour\" data-rel=\"lightbox-gallery-1\"><img loading=\"lazy\" decoding=\"async\" width=\"150\" height=\"150\" src=\"https:\/\/www.arquimaster.com.ar\/web\/wp-content\/uploads\/2014\/10\/espacio30_casafoa2014_16-150x150.jpg\" class=\"attachment-thumbnail size-thumbnail\" alt=\"\" aria-describedby=\"gallery-1-10423\" srcset=\"https:\/\/www.arquimaster.com.ar\/web\/wp-content\/uploads\/2014\/10\/espacio30_casafoa2014_16-150x150.jpg 150w, https:\/\/www.arquimaster.com.ar\/web\/wp-content\/uploads\/2014\/10\/espacio30_casafoa2014_16-50x50.jpg 50w, https:\/\/www.arquimaster.com.ar\/web\/wp-content\/uploads\/2014\/10\/espacio30_casafoa2014_16-125x125.jpg 125w\" sizes=\"auto, (max-width: 150px) 100vw, 150px\" \/><\/a>\n\t\t\t<\/div>\n\t\t\t\t<figcaption class='wp-caption-text gallery-caption' id='gallery-1-10423'>\n\t\t\t\tComedor diario (Espacio 30 Casa FOA 2014) \/ Estudio Judith Babour\n\t\t\t\t<\/figcaption><\/figure><figure class='gallery-item'>\n\t\t\t<div class='gallery-icon portrait'>\n\t\t\t\t<a href='https:\/\/www.arquimaster.com.ar\/web\/wp-content\/uploads\/2014\/10\/espacio30_casafoa2014_17.jpg' title=\"Comedor diario (Espacio 30 Casa FOA 2014) \/ Estudio Judith Babour\" data-rl_title=\"Comedor diario (Espacio 30 Casa FOA 2014) \/ Estudio Judith Babour\" class=\"rl-gallery-link\" data-rl_caption=\"Comedor diario (Espacio 30 Casa FOA 2014) \/ Estudio Judith Babour\" data-rel=\"lightbox-gallery-1\"><img loading=\"lazy\" decoding=\"async\" width=\"150\" height=\"150\" src=\"https:\/\/www.arquimaster.com.ar\/web\/wp-content\/uploads\/2014\/10\/espacio30_casafoa2014_17-150x150.jpg\" class=\"attachment-thumbnail size-thumbnail\" alt=\"\" aria-describedby=\"gallery-1-10424\" srcset=\"https:\/\/www.arquimaster.com.ar\/web\/wp-content\/uploads\/2014\/10\/espacio30_casafoa2014_17-150x150.jpg 150w, https:\/\/www.arquimaster.com.ar\/web\/wp-content\/uploads\/2014\/10\/espacio30_casafoa2014_17-50x50.jpg 50w, https:\/\/www.arquimaster.com.ar\/web\/wp-content\/uploads\/2014\/10\/espacio30_casafoa2014_17-125x125.jpg 125w\" sizes=\"auto, (max-width: 150px) 100vw, 150px\" \/><\/a>\n\t\t\t<\/div>\n\t\t\t\t<figcaption class='wp-caption-text gallery-caption' id='gallery-1-10424'>\n\t\t\t\tComedor diario (Espacio 30 Casa FOA 2014) \/ Estudio Judith Babour\n\t\t\t\t<\/figcaption><\/figure><figure class='gallery-item'>\n\t\t\t<div class='gallery-icon landscape'>\n\t\t\t\t<a href='https:\/\/www.arquimaster.com.ar\/web\/wp-content\/uploads\/2014\/10\/espacio30_casafoa2014_18.jpg' title=\"Comedor diario (Espacio 30 Casa FOA 2014) \/ Estudio Judith Babour (\u00a9 Casa FOA)\" data-rl_title=\"Comedor diario (Espacio 30 Casa FOA 2014) \/ Estudio Judith Babour (\u00a9 Casa FOA)\" class=\"rl-gallery-link\" data-rl_caption=\"Comedor diario (Espacio 30 Casa FOA 2014) \/ Estudio Judith Babour (\u00a9 Casa FOA)\" data-rel=\"lightbox-gallery-1\"><img loading=\"lazy\" decoding=\"async\" width=\"150\" height=\"150\" src=\"https:\/\/www.arquimaster.com.ar\/web\/wp-content\/uploads\/2014\/10\/espacio30_casafoa2014_18-150x150.jpg\" class=\"attachment-thumbnail size-thumbnail\" alt=\"\" aria-describedby=\"gallery-1-10425\" srcset=\"https:\/\/www.arquimaster.com.ar\/web\/wp-content\/uploads\/2014\/10\/espacio30_casafoa2014_18-150x150.jpg 150w, https:\/\/www.arquimaster.com.ar\/web\/wp-content\/uploads\/2014\/10\/espacio30_casafoa2014_18-50x50.jpg 50w, https:\/\/www.arquimaster.com.ar\/web\/wp-content\/uploads\/2014\/10\/espacio30_casafoa2014_18-125x125.jpg 125w\" sizes=\"auto, (max-width: 150px) 100vw, 150px\" \/><\/a>\n\t\t\t<\/div>\n\t\t\t\t<figcaption class='wp-caption-text gallery-caption' id='gallery-1-10425'>\n\t\t\t\tComedor diario (Espacio 30 Casa FOA 2014) \/ Estudio Judith Babour (\u00a9 Casa FOA)\n\t\t\t\t<\/figcaption><\/figure><figure class='gallery-item'>\n\t\t\t<div class='gallery-icon landscape'>\n\t\t\t\t<a href='https:\/\/www.arquimaster.com.ar\/web\/wp-content\/uploads\/2014\/10\/espacio30_casafoa2014_19.jpg' title=\"Comedor diario (Espacio 30 Casa FOA 2014) \/ Estudio Judith Babour (\u00a9 Casa FOA)\" data-rl_title=\"Comedor diario (Espacio 30 Casa FOA 2014) \/ Estudio Judith Babour (\u00a9 Casa FOA)\" class=\"rl-gallery-link\" data-rl_caption=\"Comedor diario (Espacio 30 Casa FOA 2014) \/ Estudio Judith Babour (\u00a9 Casa FOA)\" data-rel=\"lightbox-gallery-1\"><img loading=\"lazy\" decoding=\"async\" width=\"150\" height=\"150\" src=\"https:\/\/www.arquimaster.com.ar\/web\/wp-content\/uploads\/2014\/10\/espacio30_casafoa2014_19-150x150.jpg\" class=\"attachment-thumbnail size-thumbnail\" alt=\"\" aria-describedby=\"gallery-1-10426\" srcset=\"https:\/\/www.arquimaster.com.ar\/web\/wp-content\/uploads\/2014\/10\/espacio30_casafoa2014_19-150x150.jpg 150w, https:\/\/www.arquimaster.com.ar\/web\/wp-content\/uploads\/2014\/10\/espacio30_casafoa2014_19-50x50.jpg 50w, https:\/\/www.arquimaster.com.ar\/web\/wp-content\/uploads\/2014\/10\/espacio30_casafoa2014_19-125x125.jpg 125w\" sizes=\"auto, (max-width: 150px) 100vw, 150px\" \/><\/a>\n\t\t\t<\/div>\n\t\t\t\t<figcaption class='wp-caption-text gallery-caption' id='gallery-1-10426'>\n\t\t\t\tComedor diario (Espacio 30 Casa FOA 2014) \/ Estudio Judith Babour (\u00a9 Casa FOA)\n\t\t\t\t<\/figcaption><\/figure><figure class='gallery-item'>\n\t\t\t<div class='gallery-icon portrait'>\n\t\t\t\t<a href='https:\/\/www.arquimaster.com.ar\/web\/wp-content\/uploads\/2014\/10\/espacio30_casafoa2014_20.jpg' title=\"Comedor diario (Espacio 30 Casa FOA 2014) \/ Estudio Judith Babour (\u00a9 Casa FOA)\" data-rl_title=\"Comedor diario (Espacio 30 Casa FOA 2014) \/ Estudio Judith Babour (\u00a9 Casa FOA)\" class=\"rl-gallery-link\" data-rl_caption=\"Comedor diario (Espacio 30 Casa FOA 2014) \/ Estudio Judith Babour (\u00a9 Casa FOA)\" data-rel=\"lightbox-gallery-1\"><img loading=\"lazy\" decoding=\"async\" width=\"150\" height=\"150\" src=\"https:\/\/www.arquimaster.com.ar\/web\/wp-content\/uploads\/2014\/10\/espacio30_casafoa2014_20-150x150.jpg\" class=\"attachment-thumbnail size-thumbnail\" alt=\"\" aria-describedby=\"gallery-1-10427\" srcset=\"https:\/\/www.arquimaster.com.ar\/web\/wp-content\/uploads\/2014\/10\/espacio30_casafoa2014_20-150x150.jpg 150w, https:\/\/www.arquimaster.com.ar\/web\/wp-content\/uploads\/2014\/10\/espacio30_casafoa2014_20-50x50.jpg 50w, https:\/\/www.arquimaster.com.ar\/web\/wp-content\/uploads\/2014\/10\/espacio30_casafoa2014_20-125x125.jpg 125w\" sizes=\"auto, (max-width: 150px) 100vw, 150px\" \/><\/a>\n\t\t\t<\/div>\n\t\t\t\t<figcaption class='wp-caption-text gallery-caption' id='gallery-1-10427'>\n\t\t\t\tComedor diario (Espacio 30 Casa FOA 2014) \/ Estudio Judith Babour (\u00a9 Casa FOA)\n\t\t\t\t<\/figcaption><\/figure>\n\t\t<\/div>\n\n<p>El espacio elegido tiene dimensiones similares a un comedor diario de una casa, lo que nos ayud\u00f3 a proyectar en escala real.<\/p>\n<p>Es un espacio luminoso que invita a quedarse por muchas horas y realizar m\u00faltiples actividades.<\/p>\n<p>Nos imaginamos una familia de mediana edad que les gusta reunirse con amigos para comer, escuchar m\u00f9sica, mirar televisi\u00f3n, estudiar, trabajar, etc.<\/p>\n<p>Es el coraz\u00f3n de la casa, donde pasan la mayor\u00eda del d\u00eda. Un lugar en com\u00fan e \u00edntimo para todos los integrantes de la casa.<\/p>\n<p>Dise\u00f1amos un piso especial para este espacio. Cer\u00e1micos dibujados en tonos de grises, colocados a modo de patchwork en el centro del espacio (San Pietro), contenido por unos listones de madera gris\u00e1cea Grey Oak (Patagonia Flooring).<\/p>\n<p>Realizamos dos imponentes bibliotecas que recorren las paredes principales del espacio. Una en melamina Laricina Touch y Olmo Alpino (Masisa) combinada con cajas de metal calado e\u00a0 iluminadas con artefactos dise\u00f1ados especialmente para el espacio.<\/p>\n<p>La otra biblioteca, pintada en color Madera Ahumada (Alba) con estantes iluminados, con un Led TV 55 pulgadas (JVC) y una chimenea en el centro.<\/p>\n<p>El equipamiento est\u00e1 compuesto por una mesa rectangular en roble macizo, sillas Once de Cristian Mohaded, unas mesitas de metal de l\u00edneas contempor\u00e1neas y una poltrona dise\u00f1ada por el estudio tapizada en fieltro con almohadones en diferentes g\u00e9neros y texturas.<\/p>\n<p>Para las paredes y el cielorraso\u00a0 utilizamos\u00a0 una paleta de colores neutros (Gris F\u00f3sil y Madera Ahumada de Alba) y se eligi\u00f3 de cortina, un Roller screen blanco (Riel Americano).<\/p>\n<p>Incorporamos al espacio plantas\u00a0 y mucha textura con los g\u00e9neros, alfombra, objetos, que brindan la calidez y frescura para lograr un espacio que invita a quedarse.<\/p>\n<p><strong>Premios<\/strong><br \/>\nPremio Casa FOA y San Pietro\u00a0 \u00abA la innovaci\u00f3n y dise\u00f1o en revestimiento en cer\u00e1micos\u00bb<\/p>\n<p><strong>Contacto<\/strong><br \/>\n<a title=\"Estudio Judith Babour\" href=\"http:\/\/www.judithbabour.com.ar\" target=\"_blank\">http:\/\/www.judithbabour.com.ar<\/a><\/p>\n\n<div style=\"font-size: 0px; height: 0px; line-height: 0px; margin: 0; padding: 0; clear: both;\"><\/div><div style=\"margin-top: 0px; margin-bottom: 0px;\" class=\"sharethis-inline-share-buttons\" ><\/div>","protected":false},"excerpt":{"rendered":"<p>Espacio contempor\u00e1neo, descontracturado, acogedor y vivible que transmite frescura, calidez&#8230;<\/p>\n","protected":false},"author":1,"featured_media":10407,"comment_status":"closed","ping_status":"closed","sticky":false,"template":"","format":"standard","meta":{"_uag_custom_page_level_css":"","footnotes":""},"categories":[2680,55],"tags":[2066,3524,2724,2721,37,1697,2722,1401,2723,2681],"class_list":["post-10406","post","type-post","status-publish","format-standard","has-post-thumbnail","hentry","category-casa-foa-2014","category-diseno","tag-casa-foa","tag-casa-foa-2014","tag-comedor","tag-comedor-diario","tag-decoracion","tag-diseno-de-interiores","tag-estudio-judith-babour","tag-foa","tag-judith-babour","tag-la-abadia","generate-columns","tablet-grid-50","mobile-grid-100","grid-parent","grid-50"],"yoast_head":"<!-- This site is optimized with the Yoast SEO plugin v27.3 - https:\/\/yoast.com\/product\/yoast-seo-wordpress\/ -->\n<title>Comedor diario (Espacio 30 Casa FOA 2014) \/ Estudio Judith Babour - Arquimaster<\/title>\n<meta name=\"robots\" content=\"index, follow, max-snippet:-1, max-image-preview:large, max-video-preview:-1\" \/>\n<link rel=\"canonical\" href=\"https:\/\/www.arquimaster.com.ar\/web\/comedor-diario-espacio-30-casa-foa-2014-estudio-judith-babour\/\" \/>\n<meta property=\"og:locale\" content=\"es_ES\" \/>\n<meta property=\"og:type\" content=\"article\" \/>\n<meta property=\"og:title\" content=\"Comedor diario (Espacio 30 Casa FOA 2014) \/ Estudio Judith Babour - Arquimaster\" \/>\n<meta property=\"og:description\" content=\"Espacio contempor\u00e1neo, descontracturado, acogedor y vivible que transmite frescura, calidez...\" \/>\n<meta property=\"og:url\" content=\"https:\/\/www.arquimaster.com.ar\/web\/comedor-diario-espacio-30-casa-foa-2014-estudio-judith-babour\/\" \/>\n<meta property=\"og:site_name\" content=\"Arquimaster\" \/>\n<meta property=\"article:publisher\" content=\"http:\/\/www.facebook.com\/ARQUIMASTER.com.ar\" \/>\n<meta property=\"article:published_time\" content=\"2014-10-14T17:08:30+00:00\" \/>\n<meta property=\"article:modified_time\" content=\"2014-10-15T02:18:21+00:00\" \/>\n<meta property=\"og:image\" content=\"https:\/\/www.arquimaster.com.ar\/web\/wp-content\/uploads\/2014\/10\/espacio30_casafoa2014_slide.jpg\" \/>\n\t<meta property=\"og:image:width\" content=\"642\" \/>\n\t<meta property=\"og:image:height\" content=\"336\" \/>\n\t<meta property=\"og:image:type\" content=\"image\/jpeg\" \/>\n<meta name=\"author\" content=\"Arquimaster\" \/>\n<meta name=\"twitter:card\" content=\"summary_large_image\" \/>\n<meta name=\"twitter:creator\" content=\"@arquimaster\" \/>\n<meta name=\"twitter:site\" content=\"@arquimaster\" \/>\n<meta name=\"twitter:label1\" content=\"Escrito por\" \/>\n\t<meta name=\"twitter:data1\" content=\"Arquimaster\" \/>\n\t<meta name=\"twitter:label2\" content=\"Tiempo de lectura\" \/>\n\t<meta name=\"twitter:data2\" content=\"2 minutos\" \/>\n<script type=\"application\/ld+json\" class=\"yoast-schema-graph\">{\"@context\":\"https:\\\/\\\/schema.org\",\"@graph\":[{\"@type\":\"Article\",\"@id\":\"https:\\\/\\\/www.arquimaster.com.ar\\\/web\\\/comedor-diario-espacio-30-casa-foa-2014-estudio-judith-babour\\\/#article\",\"isPartOf\":{\"@id\":\"https:\\\/\\\/www.arquimaster.com.ar\\\/web\\\/comedor-diario-espacio-30-casa-foa-2014-estudio-judith-babour\\\/\"},\"author\":{\"name\":\"Arquimaster\",\"@id\":\"https:\\\/\\\/www.arquimaster.com.ar\\\/web\\\/#\\\/schema\\\/person\\\/359e9f7c00193fcde068e0dd2ceb0028\"},\"headline\":\"Comedor diario (Espacio 30 Casa FOA 2014) \\\/ Estudio Judith Babour\",\"datePublished\":\"2014-10-14T17:08:30+00:00\",\"dateModified\":\"2014-10-15T02:18:21+00:00\",\"mainEntityOfPage\":{\"@id\":\"https:\\\/\\\/www.arquimaster.com.ar\\\/web\\\/comedor-diario-espacio-30-casa-foa-2014-estudio-judith-babour\\\/\"},\"wordCount\":367,\"publisher\":{\"@id\":\"https:\\\/\\\/www.arquimaster.com.ar\\\/web\\\/#organization\"},\"image\":{\"@id\":\"https:\\\/\\\/www.arquimaster.com.ar\\\/web\\\/comedor-diario-espacio-30-casa-foa-2014-estudio-judith-babour\\\/#primaryimage\"},\"thumbnailUrl\":\"https:\\\/\\\/www.arquimaster.com.ar\\\/web\\\/wp-content\\\/uploads\\\/2014\\\/10\\\/espacio30_casafoa2014_slide.jpg\",\"keywords\":[\"Casa FOA\",\"Casa FOA 2014\",\"comedor\",\"comedor diario\",\"decoracion\",\"dise\u00f1o de interiores\",\"Estudio Judith Babour\",\"FOA\",\"Judith Babour\",\"La Abadia\"],\"articleSection\":[\"Casa FOA 2014\",\"Dise\u00f1o\"],\"inLanguage\":\"es\"},{\"@type\":\"WebPage\",\"@id\":\"https:\\\/\\\/www.arquimaster.com.ar\\\/web\\\/comedor-diario-espacio-30-casa-foa-2014-estudio-judith-babour\\\/\",\"url\":\"https:\\\/\\\/www.arquimaster.com.ar\\\/web\\\/comedor-diario-espacio-30-casa-foa-2014-estudio-judith-babour\\\/\",\"name\":\"Comedor diario (Espacio 30 Casa FOA 2014) \\\/ Estudio Judith Babour - Arquimaster\",\"isPartOf\":{\"@id\":\"https:\\\/\\\/www.arquimaster.com.ar\\\/web\\\/#website\"},\"primaryImageOfPage\":{\"@id\":\"https:\\\/\\\/www.arquimaster.com.ar\\\/web\\\/comedor-diario-espacio-30-casa-foa-2014-estudio-judith-babour\\\/#primaryimage\"},\"image\":{\"@id\":\"https:\\\/\\\/www.arquimaster.com.ar\\\/web\\\/comedor-diario-espacio-30-casa-foa-2014-estudio-judith-babour\\\/#primaryimage\"},\"thumbnailUrl\":\"https:\\\/\\\/www.arquimaster.com.ar\\\/web\\\/wp-content\\\/uploads\\\/2014\\\/10\\\/espacio30_casafoa2014_slide.jpg\",\"datePublished\":\"2014-10-14T17:08:30+00:00\",\"dateModified\":\"2014-10-15T02:18:21+00:00\",\"breadcrumb\":{\"@id\":\"https:\\\/\\\/www.arquimaster.com.ar\\\/web\\\/comedor-diario-espacio-30-casa-foa-2014-estudio-judith-babour\\\/#breadcrumb\"},\"inLanguage\":\"es\",\"potentialAction\":[{\"@type\":\"ReadAction\",\"target\":[\"https:\\\/\\\/www.arquimaster.com.ar\\\/web\\\/comedor-diario-espacio-30-casa-foa-2014-estudio-judith-babour\\\/\"]}]},{\"@type\":\"ImageObject\",\"inLanguage\":\"es\",\"@id\":\"https:\\\/\\\/www.arquimaster.com.ar\\\/web\\\/comedor-diario-espacio-30-casa-foa-2014-estudio-judith-babour\\\/#primaryimage\",\"url\":\"https:\\\/\\\/www.arquimaster.com.ar\\\/web\\\/wp-content\\\/uploads\\\/2014\\\/10\\\/espacio30_casafoa2014_slide.jpg\",\"contentUrl\":\"https:\\\/\\\/www.arquimaster.com.ar\\\/web\\\/wp-content\\\/uploads\\\/2014\\\/10\\\/espacio30_casafoa2014_slide.jpg\",\"width\":642,\"height\":336},{\"@type\":\"BreadcrumbList\",\"@id\":\"https:\\\/\\\/www.arquimaster.com.ar\\\/web\\\/comedor-diario-espacio-30-casa-foa-2014-estudio-judith-babour\\\/#breadcrumb\",\"itemListElement\":[{\"@type\":\"ListItem\",\"position\":1,\"name\":\"Portada\",\"item\":\"https:\\\/\\\/www.arquimaster.com.ar\\\/web\\\/\"},{\"@type\":\"ListItem\",\"position\":2,\"name\":\"Comedor diario (Espacio 30 Casa FOA 2014) \\\/ Estudio Judith Babour\"}]},{\"@type\":\"WebSite\",\"@id\":\"https:\\\/\\\/www.arquimaster.com.ar\\\/web\\\/#website\",\"url\":\"https:\\\/\\\/www.arquimaster.com.ar\\\/web\\\/\",\"name\":\"Arquimaster\",\"description\":\"Web de arquitectura, dise\u00f1o y construccion\",\"publisher\":{\"@id\":\"https:\\\/\\\/www.arquimaster.com.ar\\\/web\\\/#organization\"},\"potentialAction\":[{\"@type\":\"SearchAction\",\"target\":{\"@type\":\"EntryPoint\",\"urlTemplate\":\"https:\\\/\\\/www.arquimaster.com.ar\\\/web\\\/?s={search_term_string}\"},\"query-input\":{\"@type\":\"PropertyValueSpecification\",\"valueRequired\":true,\"valueName\":\"search_term_string\"}}],\"inLanguage\":\"es\"},{\"@type\":\"Organization\",\"@id\":\"https:\\\/\\\/www.arquimaster.com.ar\\\/web\\\/#organization\",\"name\":\"Arquimaster\",\"url\":\"https:\\\/\\\/www.arquimaster.com.ar\\\/web\\\/\",\"logo\":{\"@type\":\"ImageObject\",\"inLanguage\":\"es\",\"@id\":\"https:\\\/\\\/www.arquimaster.com.ar\\\/web\\\/#\\\/schema\\\/logo\\\/image\\\/\",\"url\":\"https:\\\/\\\/www.arquimaster.com.ar\\\/web\\\/wp-content\\\/uploads\\\/2022\\\/06\\\/arquimaster.png\",\"contentUrl\":\"https:\\\/\\\/www.arquimaster.com.ar\\\/web\\\/wp-content\\\/uploads\\\/2022\\\/06\\\/arquimaster.png\",\"width\":594,\"height\":78,\"caption\":\"Arquimaster\"},\"image\":{\"@id\":\"https:\\\/\\\/www.arquimaster.com.ar\\\/web\\\/#\\\/schema\\\/logo\\\/image\\\/\"},\"sameAs\":[\"http:\\\/\\\/www.facebook.com\\\/ARQUIMASTER.com.ar\",\"https:\\\/\\\/x.com\\\/arquimaster\",\"https:\\\/\\\/www.instagram.com\\\/arquimasterblog\\\/\",\"https:\\\/\\\/www.linkedin.com\\\/company\\\/arquimaster\",\"https:\\\/\\\/www.pinterest.com\\\/arquimaster\",\"https:\\\/\\\/t.me\\\/arquimaster\"]},{\"@type\":\"Person\",\"@id\":\"https:\\\/\\\/www.arquimaster.com.ar\\\/web\\\/#\\\/schema\\\/person\\\/359e9f7c00193fcde068e0dd2ceb0028\",\"name\":\"Arquimaster\"}]}<\/script>\n<!-- \/ Yoast SEO plugin. -->","yoast_head_json":{"title":"Comedor diario (Espacio 30 Casa FOA 2014) \/ Estudio Judith Babour - Arquimaster","robots":{"index":"index","follow":"follow","max-snippet":"max-snippet:-1","max-image-preview":"max-image-preview:large","max-video-preview":"max-video-preview:-1"},"canonical":"https:\/\/www.arquimaster.com.ar\/web\/comedor-diario-espacio-30-casa-foa-2014-estudio-judith-babour\/","og_locale":"es_ES","og_type":"article","og_title":"Comedor diario (Espacio 30 Casa FOA 2014) \/ Estudio Judith Babour - Arquimaster","og_description":"Espacio contempor\u00e1neo, descontracturado, acogedor y vivible que transmite frescura, calidez...","og_url":"https:\/\/www.arquimaster.com.ar\/web\/comedor-diario-espacio-30-casa-foa-2014-estudio-judith-babour\/","og_site_name":"Arquimaster","article_publisher":"http:\/\/www.facebook.com\/ARQUIMASTER.com.ar","article_published_time":"2014-10-14T17:08:30+00:00","article_modified_time":"2014-10-15T02:18:21+00:00","og_image":[{"width":642,"height":336,"url":"https:\/\/www.arquimaster.com.ar\/web\/wp-content\/uploads\/2014\/10\/espacio30_casafoa2014_slide.jpg","type":"image\/jpeg"}],"author":"Arquimaster","twitter_card":"summary_large_image","twitter_creator":"@arquimaster","twitter_site":"@arquimaster","twitter_misc":{"Escrito por":"Arquimaster","Tiempo de lectura":"2 minutos"},"schema":{"@context":"https:\/\/schema.org","@graph":[{"@type":"Article","@id":"https:\/\/www.arquimaster.com.ar\/web\/comedor-diario-espacio-30-casa-foa-2014-estudio-judith-babour\/#article","isPartOf":{"@id":"https:\/\/www.arquimaster.com.ar\/web\/comedor-diario-espacio-30-casa-foa-2014-estudio-judith-babour\/"},"author":{"name":"Arquimaster","@id":"https:\/\/www.arquimaster.com.ar\/web\/#\/schema\/person\/359e9f7c00193fcde068e0dd2ceb0028"},"headline":"Comedor diario (Espacio 30 Casa FOA 2014) \/ Estudio Judith Babour","datePublished":"2014-10-14T17:08:30+00:00","dateModified":"2014-10-15T02:18:21+00:00","mainEntityOfPage":{"@id":"https:\/\/www.arquimaster.com.ar\/web\/comedor-diario-espacio-30-casa-foa-2014-estudio-judith-babour\/"},"wordCount":367,"publisher":{"@id":"https:\/\/www.arquimaster.com.ar\/web\/#organization"},"image":{"@id":"https:\/\/www.arquimaster.com.ar\/web\/comedor-diario-espacio-30-casa-foa-2014-estudio-judith-babour\/#primaryimage"},"thumbnailUrl":"https:\/\/www.arquimaster.com.ar\/web\/wp-content\/uploads\/2014\/10\/espacio30_casafoa2014_slide.jpg","keywords":["Casa FOA","Casa FOA 2014","comedor","comedor diario","decoracion","dise\u00f1o de interiores","Estudio Judith Babour","FOA","Judith Babour","La Abadia"],"articleSection":["Casa FOA 2014","Dise\u00f1o"],"inLanguage":"es"},{"@type":"WebPage","@id":"https:\/\/www.arquimaster.com.ar\/web\/comedor-diario-espacio-30-casa-foa-2014-estudio-judith-babour\/","url":"https:\/\/www.arquimaster.com.ar\/web\/comedor-diario-espacio-30-casa-foa-2014-estudio-judith-babour\/","name":"Comedor diario (Espacio 30 Casa FOA 2014) \/ Estudio Judith Babour - Arquimaster","isPartOf":{"@id":"https:\/\/www.arquimaster.com.ar\/web\/#website"},"primaryImageOfPage":{"@id":"https:\/\/www.arquimaster.com.ar\/web\/comedor-diario-espacio-30-casa-foa-2014-estudio-judith-babour\/#primaryimage"},"image":{"@id":"https:\/\/www.arquimaster.com.ar\/web\/comedor-diario-espacio-30-casa-foa-2014-estudio-judith-babour\/#primaryimage"},"thumbnailUrl":"https:\/\/www.arquimaster.com.ar\/web\/wp-content\/uploads\/2014\/10\/espacio30_casafoa2014_slide.jpg","datePublished":"2014-10-14T17:08:30+00:00","dateModified":"2014-10-15T02:18:21+00:00","breadcrumb":{"@id":"https:\/\/www.arquimaster.com.ar\/web\/comedor-diario-espacio-30-casa-foa-2014-estudio-judith-babour\/#breadcrumb"},"inLanguage":"es","potentialAction":[{"@type":"ReadAction","target":["https:\/\/www.arquimaster.com.ar\/web\/comedor-diario-espacio-30-casa-foa-2014-estudio-judith-babour\/"]}]},{"@type":"ImageObject","inLanguage":"es","@id":"https:\/\/www.arquimaster.com.ar\/web\/comedor-diario-espacio-30-casa-foa-2014-estudio-judith-babour\/#primaryimage","url":"https:\/\/www.arquimaster.com.ar\/web\/wp-content\/uploads\/2014\/10\/espacio30_casafoa2014_slide.jpg","contentUrl":"https:\/\/www.arquimaster.com.ar\/web\/wp-content\/uploads\/2014\/10\/espacio30_casafoa2014_slide.jpg","width":642,"height":336},{"@type":"BreadcrumbList","@id":"https:\/\/www.arquimaster.com.ar\/web\/comedor-diario-espacio-30-casa-foa-2014-estudio-judith-babour\/#breadcrumb","itemListElement":[{"@type":"ListItem","position":1,"name":"Portada","item":"https:\/\/www.arquimaster.com.ar\/web\/"},{"@type":"ListItem","position":2,"name":"Comedor diario (Espacio 30 Casa FOA 2014) \/ Estudio Judith Babour"}]},{"@type":"WebSite","@id":"https:\/\/www.arquimaster.com.ar\/web\/#website","url":"https:\/\/www.arquimaster.com.ar\/web\/","name":"Arquimaster","description":"Web de arquitectura, dise\u00f1o y construccion","publisher":{"@id":"https:\/\/www.arquimaster.com.ar\/web\/#organization"},"potentialAction":[{"@type":"SearchAction","target":{"@type":"EntryPoint","urlTemplate":"https:\/\/www.arquimaster.com.ar\/web\/?s={search_term_string}"},"query-input":{"@type":"PropertyValueSpecification","valueRequired":true,"valueName":"search_term_string"}}],"inLanguage":"es"},{"@type":"Organization","@id":"https:\/\/www.arquimaster.com.ar\/web\/#organization","name":"Arquimaster","url":"https:\/\/www.arquimaster.com.ar\/web\/","logo":{"@type":"ImageObject","inLanguage":"es","@id":"https:\/\/www.arquimaster.com.ar\/web\/#\/schema\/logo\/image\/","url":"https:\/\/www.arquimaster.com.ar\/web\/wp-content\/uploads\/2022\/06\/arquimaster.png","contentUrl":"https:\/\/www.arquimaster.com.ar\/web\/wp-content\/uploads\/2022\/06\/arquimaster.png","width":594,"height":78,"caption":"Arquimaster"},"image":{"@id":"https:\/\/www.arquimaster.com.ar\/web\/#\/schema\/logo\/image\/"},"sameAs":["http:\/\/www.facebook.com\/ARQUIMASTER.com.ar","https:\/\/x.com\/arquimaster","https:\/\/www.instagram.com\/arquimasterblog\/","https:\/\/www.linkedin.com\/company\/arquimaster","https:\/\/www.pinterest.com\/arquimaster","https:\/\/t.me\/arquimaster"]},{"@type":"Person","@id":"https:\/\/www.arquimaster.com.ar\/web\/#\/schema\/person\/359e9f7c00193fcde068e0dd2ceb0028","name":"Arquimaster"}]}},"uagb_featured_image_src":{"full":["https:\/\/www.arquimaster.com.ar\/web\/wp-content\/uploads\/2014\/10\/espacio30_casafoa2014_slide.jpg",642,336,false],"thumbnail":["https:\/\/www.arquimaster.com.ar\/web\/wp-content\/uploads\/2014\/10\/espacio30_casafoa2014_slide-150x150.jpg",150,150,true],"medium":["https:\/\/www.arquimaster.com.ar\/web\/wp-content\/uploads\/2014\/10\/espacio30_casafoa2014_slide-300x157.jpg",300,157,true],"medium_large":["https:\/\/www.arquimaster.com.ar\/web\/wp-content\/uploads\/2014\/10\/espacio30_casafoa2014_slide.jpg",642,336,false],"large":["https:\/\/www.arquimaster.com.ar\/web\/wp-content\/uploads\/2014\/10\/espacio30_casafoa2014_slide.jpg",642,336,false],"1536x1536":["https:\/\/www.arquimaster.com.ar\/web\/wp-content\/uploads\/2014\/10\/espacio30_casafoa2014_slide.jpg",642,336,false],"2048x2048":["https:\/\/www.arquimaster.com.ar\/web\/wp-content\/uploads\/2014\/10\/espacio30_casafoa2014_slide.jpg",642,336,false]},"uagb_author_info":{"display_name":"Arquimaster","author_link":"https:\/\/www.arquimaster.com.ar\/web\/author\/arquimaster\/"},"uagb_comment_info":0,"uagb_excerpt":"Espacio contempor\u00e1neo, descontracturado, acogedor y vivible que transmite frescura, calidez...","_links":{"self":[{"href":"https:\/\/www.arquimaster.com.ar\/web\/wp-json\/wp\/v2\/posts\/10406","targetHints":{"allow":["GET"]}}],"collection":[{"href":"https:\/\/www.arquimaster.com.ar\/web\/wp-json\/wp\/v2\/posts"}],"about":[{"href":"https:\/\/www.arquimaster.com.ar\/web\/wp-json\/wp\/v2\/types\/post"}],"author":[{"embeddable":true,"href":"https:\/\/www.arquimaster.com.ar\/web\/wp-json\/wp\/v2\/users\/1"}],"replies":[{"embeddable":true,"href":"https:\/\/www.arquimaster.com.ar\/web\/wp-json\/wp\/v2\/comments?post=10406"}],"version-history":[{"count":0,"href":"https:\/\/www.arquimaster.com.ar\/web\/wp-json\/wp\/v2\/posts\/10406\/revisions"}],"wp:featuredmedia":[{"embeddable":true,"href":"https:\/\/www.arquimaster.com.ar\/web\/wp-json\/wp\/v2\/media\/10407"}],"wp:attachment":[{"href":"https:\/\/www.arquimaster.com.ar\/web\/wp-json\/wp\/v2\/media?parent=10406"}],"wp:term":[{"taxonomy":"category","embeddable":true,"href":"https:\/\/www.arquimaster.com.ar\/web\/wp-json\/wp\/v2\/categories?post=10406"},{"taxonomy":"post_tag","embeddable":true,"href":"https:\/\/www.arquimaster.com.ar\/web\/wp-json\/wp\/v2\/tags?post=10406"}],"curies":[{"name":"wp","href":"https:\/\/api.w.org\/{rel}","templated":true}]}}