{"id":10455,"date":"2014-10-15T12:00:52","date_gmt":"2014-10-15T12:00:52","guid":{"rendered":"http:\/\/www.arquimaster.com.ar\/web\/?p=10455"},"modified":"2026-03-27T18:41:51","modified_gmt":"2026-03-27T21:41:51","slug":"medalla-de-plata-para-julio-oropel-en-casa-foa-la-abadia","status":"publish","type":"post","link":"https:\/\/www.arquimaster.com.ar\/web\/medalla-de-plata-para-julio-oropel-en-casa-foa-la-abadia\/","title":{"rendered":"Medalla de Plata para Julio Oropel en Casa FOA La Abad\u00eda"},"content":{"rendered":"<div style=\"margin-top: 0px; margin-bottom: 0px;\" class=\"sharethis-inline-share-buttons\" ><\/div><div class=\"b812932af2e751442846f039925109de\" data-index=\"1\" style=\"float: none; margin:25px 0 25px 0; text-align:center;\">\n<script async src=\"https:\/\/pagead2.googlesyndication.com\/pagead\/js\/adsbygoogle.js\"><\/script>\r\n<!-- Arquimaster (superior) -->\r\n<ins class=\"adsbygoogle\"\r\n     style=\"display:block\"\r\n     data-ad-client=\"ca-pub-6351072698456832\"\r\n     data-ad-slot=\"6455489680\"\r\n     data-ad-format=\"auto\"\r\n     data-full-width-responsive=\"true\"><\/ins>\r\n<script>\r\n     (adsbygoogle = window.adsbygoogle || []).push({});\r\n<\/script>\n<\/div>\n<p><em><strong>El notable jurado de la muestra premi\u00f3 al arquitecto por su trabajo en \u00abEspacio Cetol\u00bb.<\/strong><\/em><\/p>\n<p>Julio Oropel obtuvo la <strong>Medalla de Plata Arquitectura y Dise\u00f1o de Interiores Mercedes Malbran de Campos<\/strong> en el marco de la nueva edici\u00f3n de <strong>Casa FOA<\/strong>.<\/p>\n<div id='gallery-1' class='gallery galleryid-10455 gallery-columns-3 gallery-size-thumbnail'><figure class='gallery-item'>\n\t\t\t<div class='gallery-icon landscape'>\n\t\t\t\t<a href='https:\/\/www.arquimaster.com.ar\/web\/wp-content\/uploads\/2014\/10\/espacio50_casafoa2014_110.jpg' title=\"Medalla de Plata para Julio Oropel en Casa FOA La Abad\u00eda\" data-rl_title=\"Medalla de Plata para Julio Oropel en Casa FOA La Abad\u00eda\" class=\"rl-gallery-link\" data-rl_caption=\"Medalla de Plata para Julio Oropel en Casa FOA La Abad\u00eda\" data-rel=\"lightbox-gallery-1\"><img loading=\"lazy\" decoding=\"async\" width=\"150\" height=\"150\" src=\"https:\/\/www.arquimaster.com.ar\/web\/wp-content\/uploads\/2014\/10\/espacio50_casafoa2014_110-150x150.jpg\" class=\"attachment-thumbnail size-thumbnail\" alt=\"\" aria-describedby=\"gallery-1-10457\" srcset=\"https:\/\/www.arquimaster.com.ar\/web\/wp-content\/uploads\/2014\/10\/espacio50_casafoa2014_110-150x150.jpg 150w, https:\/\/www.arquimaster.com.ar\/web\/wp-content\/uploads\/2014\/10\/espacio50_casafoa2014_110-50x50.jpg 50w, https:\/\/www.arquimaster.com.ar\/web\/wp-content\/uploads\/2014\/10\/espacio50_casafoa2014_110-125x125.jpg 125w\" sizes=\"auto, (max-width: 150px) 100vw, 150px\" \/><\/a>\n\t\t\t<\/div>\n\t\t\t\t<figcaption class='wp-caption-text gallery-caption' id='gallery-1-10457'>\n\t\t\t\tMedalla de Plata para Julio Oropel en Casa FOA La Abad\u00eda\n\t\t\t\t<\/figcaption><\/figure><figure class='gallery-item'>\n\t\t\t<div class='gallery-icon landscape'>\n\t\t\t\t<a href='https:\/\/www.arquimaster.com.ar\/web\/wp-content\/uploads\/2014\/10\/espacio50_casafoa2014_23.jpg' title=\"Medalla de Plata para Julio Oropel en Casa FOA La Abad\u00eda\" data-rl_title=\"Medalla de Plata para Julio Oropel en Casa FOA La Abad\u00eda\" class=\"rl-gallery-link\" data-rl_caption=\"Medalla de Plata para Julio Oropel en Casa FOA La Abad\u00eda\" data-rel=\"lightbox-gallery-1\"><img loading=\"lazy\" decoding=\"async\" width=\"150\" height=\"150\" src=\"https:\/\/www.arquimaster.com.ar\/web\/wp-content\/uploads\/2014\/10\/espacio50_casafoa2014_23-150x150.jpg\" class=\"attachment-thumbnail size-thumbnail\" alt=\"\" aria-describedby=\"gallery-1-10458\" srcset=\"https:\/\/www.arquimaster.com.ar\/web\/wp-content\/uploads\/2014\/10\/espacio50_casafoa2014_23-150x150.jpg 150w, https:\/\/www.arquimaster.com.ar\/web\/wp-content\/uploads\/2014\/10\/espacio50_casafoa2014_23-50x50.jpg 50w, https:\/\/www.arquimaster.com.ar\/web\/wp-content\/uploads\/2014\/10\/espacio50_casafoa2014_23-125x125.jpg 125w\" sizes=\"auto, (max-width: 150px) 100vw, 150px\" \/><\/a>\n\t\t\t<\/div>\n\t\t\t\t<figcaption class='wp-caption-text gallery-caption' id='gallery-1-10458'>\n\t\t\t\tMedalla de Plata para Julio Oropel en Casa FOA La Abad\u00eda\n\t\t\t\t<\/figcaption><\/figure><figure class='gallery-item'>\n\t\t\t<div class='gallery-icon portrait'>\n\t\t\t\t<a href='https:\/\/www.arquimaster.com.ar\/web\/wp-content\/uploads\/2014\/10\/espacio50_casafoa2014_31.jpg' title=\"Medalla de Plata para Julio Oropel en Casa FOA La Abad\u00eda\" data-rl_title=\"Medalla de Plata para Julio Oropel en Casa FOA La Abad\u00eda\" class=\"rl-gallery-link\" data-rl_caption=\"Medalla de Plata para Julio Oropel en Casa FOA La Abad\u00eda\" data-rel=\"lightbox-gallery-1\"><img loading=\"lazy\" decoding=\"async\" width=\"150\" height=\"150\" src=\"https:\/\/www.arquimaster.com.ar\/web\/wp-content\/uploads\/2014\/10\/espacio50_casafoa2014_31-150x150.jpg\" class=\"attachment-thumbnail size-thumbnail\" alt=\"\" aria-describedby=\"gallery-1-10459\" srcset=\"https:\/\/www.arquimaster.com.ar\/web\/wp-content\/uploads\/2014\/10\/espacio50_casafoa2014_31-150x150.jpg 150w, https:\/\/www.arquimaster.com.ar\/web\/wp-content\/uploads\/2014\/10\/espacio50_casafoa2014_31-50x50.jpg 50w, https:\/\/www.arquimaster.com.ar\/web\/wp-content\/uploads\/2014\/10\/espacio50_casafoa2014_31-125x125.jpg 125w\" sizes=\"auto, (max-width: 150px) 100vw, 150px\" \/><\/a>\n\t\t\t<\/div>\n\t\t\t\t<figcaption class='wp-caption-text gallery-caption' id='gallery-1-10459'>\n\t\t\t\tMedalla de Plata para Julio Oropel en Casa FOA La Abad\u00eda\n\t\t\t\t<\/figcaption><\/figure><figure class='gallery-item'>\n\t\t\t<div class='gallery-icon portrait'>\n\t\t\t\t<a href='https:\/\/www.arquimaster.com.ar\/web\/wp-content\/uploads\/2014\/10\/espacio50_casafoa2014_41.jpg' title=\"Medalla de Plata para Julio Oropel en Casa FOA La Abad\u00eda\" data-rl_title=\"Medalla de Plata para Julio Oropel en Casa FOA La Abad\u00eda\" class=\"rl-gallery-link\" data-rl_caption=\"Medalla de Plata para Julio Oropel en Casa FOA La Abad\u00eda\" data-rel=\"lightbox-gallery-1\"><img loading=\"lazy\" decoding=\"async\" width=\"150\" height=\"150\" src=\"https:\/\/www.arquimaster.com.ar\/web\/wp-content\/uploads\/2014\/10\/espacio50_casafoa2014_41-150x150.jpg\" class=\"attachment-thumbnail size-thumbnail\" alt=\"\" aria-describedby=\"gallery-1-10460\" srcset=\"https:\/\/www.arquimaster.com.ar\/web\/wp-content\/uploads\/2014\/10\/espacio50_casafoa2014_41-150x150.jpg 150w, https:\/\/www.arquimaster.com.ar\/web\/wp-content\/uploads\/2014\/10\/espacio50_casafoa2014_41-50x50.jpg 50w, https:\/\/www.arquimaster.com.ar\/web\/wp-content\/uploads\/2014\/10\/espacio50_casafoa2014_41-125x125.jpg 125w\" sizes=\"auto, (max-width: 150px) 100vw, 150px\" \/><\/a>\n\t\t\t<\/div>\n\t\t\t\t<figcaption class='wp-caption-text gallery-caption' id='gallery-1-10460'>\n\t\t\t\tMedalla de Plata para Julio Oropel en Casa FOA La Abad\u00eda\n\t\t\t\t<\/figcaption><\/figure><figure class='gallery-item'>\n\t\t\t<div class='gallery-icon landscape'>\n\t\t\t\t<a href='https:\/\/www.arquimaster.com.ar\/web\/wp-content\/uploads\/2014\/10\/espacio50_casafoa2014_51.jpg' title=\"Medalla de Plata para Julio Oropel en Casa FOA La Abad\u00eda\" data-rl_title=\"Medalla de Plata para Julio Oropel en Casa FOA La Abad\u00eda\" class=\"rl-gallery-link\" data-rl_caption=\"Medalla de Plata para Julio Oropel en Casa FOA La Abad\u00eda\" data-rel=\"lightbox-gallery-1\"><img loading=\"lazy\" decoding=\"async\" width=\"150\" height=\"150\" src=\"https:\/\/www.arquimaster.com.ar\/web\/wp-content\/uploads\/2014\/10\/espacio50_casafoa2014_51-150x150.jpg\" class=\"attachment-thumbnail size-thumbnail\" alt=\"\" aria-describedby=\"gallery-1-10461\" srcset=\"https:\/\/www.arquimaster.com.ar\/web\/wp-content\/uploads\/2014\/10\/espacio50_casafoa2014_51-150x150.jpg 150w, https:\/\/www.arquimaster.com.ar\/web\/wp-content\/uploads\/2014\/10\/espacio50_casafoa2014_51-50x50.jpg 50w, https:\/\/www.arquimaster.com.ar\/web\/wp-content\/uploads\/2014\/10\/espacio50_casafoa2014_51-125x125.jpg 125w\" sizes=\"auto, (max-width: 150px) 100vw, 150px\" \/><\/a>\n\t\t\t<\/div>\n\t\t\t\t<figcaption class='wp-caption-text gallery-caption' id='gallery-1-10461'>\n\t\t\t\tMedalla de Plata para Julio Oropel en Casa FOA La Abad\u00eda\n\t\t\t\t<\/figcaption><\/figure><figure class='gallery-item'>\n\t\t\t<div class='gallery-icon portrait'>\n\t\t\t\t<a href='https:\/\/www.arquimaster.com.ar\/web\/wp-content\/uploads\/2014\/10\/espacio50_casafoa2014_61.jpg' title=\"Medalla de Plata para Julio Oropel en Casa FOA La Abad\u00eda\" data-rl_title=\"Medalla de Plata para Julio Oropel en Casa FOA La Abad\u00eda\" class=\"rl-gallery-link\" data-rl_caption=\"Medalla de Plata para Julio Oropel en Casa FOA La Abad\u00eda\" data-rel=\"lightbox-gallery-1\"><img loading=\"lazy\" decoding=\"async\" width=\"150\" height=\"150\" src=\"https:\/\/www.arquimaster.com.ar\/web\/wp-content\/uploads\/2014\/10\/espacio50_casafoa2014_61-150x150.jpg\" class=\"attachment-thumbnail size-thumbnail\" alt=\"\" aria-describedby=\"gallery-1-10462\" srcset=\"https:\/\/www.arquimaster.com.ar\/web\/wp-content\/uploads\/2014\/10\/espacio50_casafoa2014_61-150x150.jpg 150w, https:\/\/www.arquimaster.com.ar\/web\/wp-content\/uploads\/2014\/10\/espacio50_casafoa2014_61-50x50.jpg 50w, https:\/\/www.arquimaster.com.ar\/web\/wp-content\/uploads\/2014\/10\/espacio50_casafoa2014_61-125x125.jpg 125w\" sizes=\"auto, (max-width: 150px) 100vw, 150px\" \/><\/a>\n\t\t\t<\/div>\n\t\t\t\t<figcaption class='wp-caption-text gallery-caption' id='gallery-1-10462'>\n\t\t\t\tMedalla de Plata para Julio Oropel en Casa FOA La Abad\u00eda\n\t\t\t\t<\/figcaption><\/figure>\n\t\t<\/div>\n\n<p>En esta ocasi\u00f3n Oropel fue distinguido por la materializaci\u00f3n de: <strong>Espacio Cetol<\/strong> un lugar para pensar, disfrutar de las peque\u00f1as bondades, momentos y experiencias. Para tomarse un recreo, apreciar lo simple y natural, valorarlo.<\/p>\n<p>Un espacio m\u00e1gico en el que la madera es protagonista. D\u00factil, sincera, frontal, elegante, elemental a la vez, transmitiendo una modesta tranquilidad. Madera en distintas escuadr\u00edas y en una misma variedad. Para destacar todos los atributos naturales que la caracterizan se eligi\u00f3 tratarla con <strong>Cetol Vintage<\/strong>, que la blanquea y la protege, respetando las formas originales de este noble material.<\/p>\n<p>La inspiraci\u00f3n parte de la generaci\u00f3n de un espacio de aparente simpleza, pero que incluye detalles sutiles, estructuras filares, que balancean la simplicidad con la complejidad a trav\u00e9s de la geometr\u00eda.<\/p>\n<p>El espacio se mueve en una fina l\u00ednea entre conceptos est\u00e9ticos que contrastan, como elegante y r\u00fastico o espont\u00e1neo y conservador.<\/p>\n<p>Una inmensa estructura de madera destacada en el espacio por su magnitud y por su funci\u00f3n esencial de generar sombra, contrapone el orden de la cuadr\u00edcula ortogonal con las sutiles l\u00edneas inclinadas que direccionan al infinito.<\/p>\n<p>El ritmo de la columnata que bordea el patio principal del claustro, genera un orden por repetici\u00f3n, que inspir\u00f3 la geometr\u00eda de la propuesta. El espacio se conecta y sumerge en el contexto a trav\u00e9s de la continuidad de las estructuras, tanto en la fachada del volumen contiguo, como en la galer\u00eda que rodea el claustro.<\/p>\n<p><em>\u00abEspacio Cetol es un lugar para crear de nuevo, revivir, restablecer, reanimar, vivificar. Nos repara, nos divierte y nos deleita. Un lugar para recrear respetando la esencia. Julio supo interpretar mejor que nadie la esencia de este escenario\u00bb<\/em>, coment\u00f3 <strong>Cecilia Ferrario<\/strong>, Gerente Departamental de Marketing Marcas Especiales de AkzoNobel Pinturas Decorativas.<\/p>\n<p>La muestra se podr\u00e1 visitar a partir del 10 de octubre hasta el 16 de noviembre de 2014 en Gorostiaga 1908, Ciudad de Buenos Aires, todos los d\u00edas de 12 a 20 horas (viernes de 12 a 24 hs).<\/p>\n<p><strong>Acerca de Cetol<\/strong><br \/>\nCetol es la marca l\u00edder en el cuidado y protecci\u00f3n de la madera del grupo AkzoNobel. Desde hace m\u00e1s de 25 a\u00f1os provee soluciones a consumidores ubicados en todo el pa\u00eds. Cuenta con un amplio portfolio de productos, dise\u00f1ados para atender los distintos requerimientos en el cuidado y la protecci\u00f3n de la madera. espacioCetol, ubicado en el barrio de Belgrano, es un punto de encuentro de arte y tendencia, el escenario en donde la marca vive. All\u00ed se ofrecen cursos, talleres, exposiciones y conferencias para el p\u00fablico interesado en temas vinculados con la arquitectura, el dise\u00f1o y la decoraci\u00f3n. Tambi\u00e9n se trata de un \u00e1mbito creado para que el p\u00fablico pueda elegir e informarse sobre productos para proteger y decorar las maderas de sus casas.<\/p>\n<p><strong>Acerca de AkzoNobel<\/strong><br \/>\nAkzoNobel es el mayor fabricante de recubrimientos del mundo, n\u00famero uno en pinturas decorativas y proveedor l\u00edder en productos qu\u00edmicos. Acerca a industrias y consumidores de todo el mundo productos innovadores y respuestas sustentables para sus clientes. Cuenta con un amplio portfolio que incluye marcas l\u00edderes como Alba, Cetol y Brikol. Con base en Amsterdam, Holanda, es considerada una empresa l\u00edder y referente en materia de sustentabilidad. Por tercer a\u00f1o consecutivo mantiene el puesto n\u00famero uno en el prestigioso \u00cdndice de Sustentabilidad Dow Jones (DJSI), fue designado Partner Mundial de Forest Sustentability Council (FSC), y es miembro fundador del Argentina Green Building Council (GBC). Con presencia en m\u00e1s de 80 pa\u00edses alrededor del mundo, sus 50.000 colaboradores est\u00e1n comprometidos con la excelencia.<\/p>\n\n<div style=\"font-size: 0px; height: 0px; line-height: 0px; margin: 0; padding: 0; clear: both;\"><\/div><div style=\"margin-top: 0px; margin-bottom: 0px;\" class=\"sharethis-inline-share-buttons\" ><\/div>","protected":false},"excerpt":{"rendered":"<p>El notable jurado de la muestra premi\u00f3 al arquitecto por su trabajo en \u00abEspacio Cetol\u00bb&#8230;<\/p>\n","protected":false},"author":1,"featured_media":10456,"comment_status":"closed","ping_status":"closed","sticky":false,"template":"","format":"standard","meta":{"_uag_custom_page_level_css":"","footnotes":""},"categories":[55,56],"tags":[2066,3524,1107,2727,37,1697,1401,2725,2681,701,999,2726],"class_list":["post-10455","post","type-post","status-publish","format-standard","has-post-thumbnail","hentry","category-diseno","category-diseno-interior-decoracion","tag-casa-foa","tag-casa-foa-2014","tag-cetol","tag-cetol-vintage","tag-decoracion","tag-diseno-de-interiores","tag-foa","tag-julio-oropel","tag-la-abadia","tag-madera","tag-premios","tag-swimming-wood","generate-columns","tablet-grid-50","mobile-grid-100","grid-parent","grid-50"],"yoast_head":"<!-- This site is optimized with the Yoast SEO plugin v27.3 - https:\/\/yoast.com\/product\/yoast-seo-wordpress\/ -->\n<title>Medalla de Plata para Julio Oropel en Casa FOA La Abad\u00eda - Arquimaster<\/title>\n<meta name=\"robots\" content=\"index, follow, max-snippet:-1, max-image-preview:large, max-video-preview:-1\" \/>\n<link rel=\"canonical\" href=\"https:\/\/www.arquimaster.com.ar\/web\/medalla-de-plata-para-julio-oropel-en-casa-foa-la-abadia\/\" \/>\n<meta property=\"og:locale\" content=\"es_ES\" \/>\n<meta property=\"og:type\" content=\"article\" \/>\n<meta property=\"og:title\" content=\"Medalla de Plata para Julio Oropel en Casa FOA La Abad\u00eda - Arquimaster\" \/>\n<meta property=\"og:description\" content=\"El notable jurado de la muestra premi\u00f3 al arquitecto por su trabajo en &quot;Espacio Cetol&quot;...\" \/>\n<meta property=\"og:url\" content=\"https:\/\/www.arquimaster.com.ar\/web\/medalla-de-plata-para-julio-oropel-en-casa-foa-la-abadia\/\" \/>\n<meta property=\"og:site_name\" content=\"Arquimaster\" \/>\n<meta property=\"article:publisher\" content=\"http:\/\/www.facebook.com\/ARQUIMASTER.com.ar\" \/>\n<meta property=\"article:published_time\" content=\"2014-10-15T12:00:52+00:00\" \/>\n<meta property=\"article:modified_time\" content=\"2026-03-27T21:41:51+00:00\" \/>\n<meta property=\"og:image\" content=\"https:\/\/www.arquimaster.com.ar\/web\/wp-content\/uploads\/2014\/10\/slide_julio_oropel_premio_casafoa.jpg\" \/>\n\t<meta property=\"og:image:width\" content=\"642\" \/>\n\t<meta property=\"og:image:height\" content=\"336\" \/>\n\t<meta property=\"og:image:type\" content=\"image\/jpeg\" \/>\n<meta name=\"author\" content=\"Arquimaster\" \/>\n<meta name=\"twitter:card\" content=\"summary_large_image\" \/>\n<meta name=\"twitter:creator\" content=\"@arquimaster\" \/>\n<meta name=\"twitter:site\" content=\"@arquimaster\" \/>\n<meta name=\"twitter:label1\" content=\"Escrito por\" \/>\n\t<meta name=\"twitter:data1\" content=\"Arquimaster\" \/>\n\t<meta name=\"twitter:label2\" content=\"Tiempo de lectura\" \/>\n\t<meta name=\"twitter:data2\" content=\"4 minutos\" \/>\n<script type=\"application\/ld+json\" class=\"yoast-schema-graph\">{\"@context\":\"https:\\\/\\\/schema.org\",\"@graph\":[{\"@type\":\"Article\",\"@id\":\"https:\\\/\\\/www.arquimaster.com.ar\\\/web\\\/medalla-de-plata-para-julio-oropel-en-casa-foa-la-abadia\\\/#article\",\"isPartOf\":{\"@id\":\"https:\\\/\\\/www.arquimaster.com.ar\\\/web\\\/medalla-de-plata-para-julio-oropel-en-casa-foa-la-abadia\\\/\"},\"author\":{\"name\":\"Arquimaster\",\"@id\":\"https:\\\/\\\/www.arquimaster.com.ar\\\/web\\\/#\\\/schema\\\/person\\\/359e9f7c00193fcde068e0dd2ceb0028\"},\"headline\":\"Medalla de Plata para Julio Oropel en Casa FOA La Abad\u00eda\",\"datePublished\":\"2014-10-15T12:00:52+00:00\",\"dateModified\":\"2026-03-27T21:41:51+00:00\",\"mainEntityOfPage\":{\"@id\":\"https:\\\/\\\/www.arquimaster.com.ar\\\/web\\\/medalla-de-plata-para-julio-oropel-en-casa-foa-la-abadia\\\/\"},\"wordCount\":673,\"publisher\":{\"@id\":\"https:\\\/\\\/www.arquimaster.com.ar\\\/web\\\/#organization\"},\"image\":{\"@id\":\"https:\\\/\\\/www.arquimaster.com.ar\\\/web\\\/medalla-de-plata-para-julio-oropel-en-casa-foa-la-abadia\\\/#primaryimage\"},\"thumbnailUrl\":\"https:\\\/\\\/www.arquimaster.com.ar\\\/web\\\/wp-content\\\/uploads\\\/2014\\\/10\\\/slide_julio_oropel_premio_casafoa.jpg\",\"keywords\":[\"Casa FOA\",\"Casa FOA 2014\",\"Cetol\",\"Cetol Vintage\",\"decoracion\",\"dise\u00f1o de interiores\",\"FOA\",\"Julio Oropel\",\"La Abadia\",\"madera\",\"premios\",\"swimming wood\"],\"articleSection\":[\"Dise\u00f1o\",\"Dise\u00f1o interior y decoracion\"],\"inLanguage\":\"es\"},{\"@type\":\"WebPage\",\"@id\":\"https:\\\/\\\/www.arquimaster.com.ar\\\/web\\\/medalla-de-plata-para-julio-oropel-en-casa-foa-la-abadia\\\/\",\"url\":\"https:\\\/\\\/www.arquimaster.com.ar\\\/web\\\/medalla-de-plata-para-julio-oropel-en-casa-foa-la-abadia\\\/\",\"name\":\"Medalla de Plata para Julio Oropel en Casa FOA La Abad\u00eda - Arquimaster\",\"isPartOf\":{\"@id\":\"https:\\\/\\\/www.arquimaster.com.ar\\\/web\\\/#website\"},\"primaryImageOfPage\":{\"@id\":\"https:\\\/\\\/www.arquimaster.com.ar\\\/web\\\/medalla-de-plata-para-julio-oropel-en-casa-foa-la-abadia\\\/#primaryimage\"},\"image\":{\"@id\":\"https:\\\/\\\/www.arquimaster.com.ar\\\/web\\\/medalla-de-plata-para-julio-oropel-en-casa-foa-la-abadia\\\/#primaryimage\"},\"thumbnailUrl\":\"https:\\\/\\\/www.arquimaster.com.ar\\\/web\\\/wp-content\\\/uploads\\\/2014\\\/10\\\/slide_julio_oropel_premio_casafoa.jpg\",\"datePublished\":\"2014-10-15T12:00:52+00:00\",\"dateModified\":\"2026-03-27T21:41:51+00:00\",\"breadcrumb\":{\"@id\":\"https:\\\/\\\/www.arquimaster.com.ar\\\/web\\\/medalla-de-plata-para-julio-oropel-en-casa-foa-la-abadia\\\/#breadcrumb\"},\"inLanguage\":\"es\",\"potentialAction\":[{\"@type\":\"ReadAction\",\"target\":[\"https:\\\/\\\/www.arquimaster.com.ar\\\/web\\\/medalla-de-plata-para-julio-oropel-en-casa-foa-la-abadia\\\/\"]}]},{\"@type\":\"ImageObject\",\"inLanguage\":\"es\",\"@id\":\"https:\\\/\\\/www.arquimaster.com.ar\\\/web\\\/medalla-de-plata-para-julio-oropel-en-casa-foa-la-abadia\\\/#primaryimage\",\"url\":\"https:\\\/\\\/www.arquimaster.com.ar\\\/web\\\/wp-content\\\/uploads\\\/2014\\\/10\\\/slide_julio_oropel_premio_casafoa.jpg\",\"contentUrl\":\"https:\\\/\\\/www.arquimaster.com.ar\\\/web\\\/wp-content\\\/uploads\\\/2014\\\/10\\\/slide_julio_oropel_premio_casafoa.jpg\",\"width\":642,\"height\":336},{\"@type\":\"BreadcrumbList\",\"@id\":\"https:\\\/\\\/www.arquimaster.com.ar\\\/web\\\/medalla-de-plata-para-julio-oropel-en-casa-foa-la-abadia\\\/#breadcrumb\",\"itemListElement\":[{\"@type\":\"ListItem\",\"position\":1,\"name\":\"Portada\",\"item\":\"https:\\\/\\\/www.arquimaster.com.ar\\\/web\\\/\"},{\"@type\":\"ListItem\",\"position\":2,\"name\":\"Medalla de Plata para Julio Oropel en Casa FOA La Abad\u00eda\"}]},{\"@type\":\"WebSite\",\"@id\":\"https:\\\/\\\/www.arquimaster.com.ar\\\/web\\\/#website\",\"url\":\"https:\\\/\\\/www.arquimaster.com.ar\\\/web\\\/\",\"name\":\"Arquimaster\",\"description\":\"Web de arquitectura, dise\u00f1o y construccion\",\"publisher\":{\"@id\":\"https:\\\/\\\/www.arquimaster.com.ar\\\/web\\\/#organization\"},\"potentialAction\":[{\"@type\":\"SearchAction\",\"target\":{\"@type\":\"EntryPoint\",\"urlTemplate\":\"https:\\\/\\\/www.arquimaster.com.ar\\\/web\\\/?s={search_term_string}\"},\"query-input\":{\"@type\":\"PropertyValueSpecification\",\"valueRequired\":true,\"valueName\":\"search_term_string\"}}],\"inLanguage\":\"es\"},{\"@type\":\"Organization\",\"@id\":\"https:\\\/\\\/www.arquimaster.com.ar\\\/web\\\/#organization\",\"name\":\"Arquimaster\",\"url\":\"https:\\\/\\\/www.arquimaster.com.ar\\\/web\\\/\",\"logo\":{\"@type\":\"ImageObject\",\"inLanguage\":\"es\",\"@id\":\"https:\\\/\\\/www.arquimaster.com.ar\\\/web\\\/#\\\/schema\\\/logo\\\/image\\\/\",\"url\":\"https:\\\/\\\/www.arquimaster.com.ar\\\/web\\\/wp-content\\\/uploads\\\/2022\\\/06\\\/arquimaster.png\",\"contentUrl\":\"https:\\\/\\\/www.arquimaster.com.ar\\\/web\\\/wp-content\\\/uploads\\\/2022\\\/06\\\/arquimaster.png\",\"width\":594,\"height\":78,\"caption\":\"Arquimaster\"},\"image\":{\"@id\":\"https:\\\/\\\/www.arquimaster.com.ar\\\/web\\\/#\\\/schema\\\/logo\\\/image\\\/\"},\"sameAs\":[\"http:\\\/\\\/www.facebook.com\\\/ARQUIMASTER.com.ar\",\"https:\\\/\\\/x.com\\\/arquimaster\",\"https:\\\/\\\/www.instagram.com\\\/arquimasterblog\\\/\",\"https:\\\/\\\/www.linkedin.com\\\/company\\\/arquimaster\",\"https:\\\/\\\/www.pinterest.com\\\/arquimaster\",\"https:\\\/\\\/t.me\\\/arquimaster\"]},{\"@type\":\"Person\",\"@id\":\"https:\\\/\\\/www.arquimaster.com.ar\\\/web\\\/#\\\/schema\\\/person\\\/359e9f7c00193fcde068e0dd2ceb0028\",\"name\":\"Arquimaster\"}]}<\/script>\n<!-- \/ Yoast SEO plugin. -->","yoast_head_json":{"title":"Medalla de Plata para Julio Oropel en Casa FOA La Abad\u00eda - Arquimaster","robots":{"index":"index","follow":"follow","max-snippet":"max-snippet:-1","max-image-preview":"max-image-preview:large","max-video-preview":"max-video-preview:-1"},"canonical":"https:\/\/www.arquimaster.com.ar\/web\/medalla-de-plata-para-julio-oropel-en-casa-foa-la-abadia\/","og_locale":"es_ES","og_type":"article","og_title":"Medalla de Plata para Julio Oropel en Casa FOA La Abad\u00eda - Arquimaster","og_description":"El notable jurado de la muestra premi\u00f3 al arquitecto por su trabajo en \"Espacio Cetol\"...","og_url":"https:\/\/www.arquimaster.com.ar\/web\/medalla-de-plata-para-julio-oropel-en-casa-foa-la-abadia\/","og_site_name":"Arquimaster","article_publisher":"http:\/\/www.facebook.com\/ARQUIMASTER.com.ar","article_published_time":"2014-10-15T12:00:52+00:00","article_modified_time":"2026-03-27T21:41:51+00:00","og_image":[{"width":642,"height":336,"url":"https:\/\/www.arquimaster.com.ar\/web\/wp-content\/uploads\/2014\/10\/slide_julio_oropel_premio_casafoa.jpg","type":"image\/jpeg"}],"author":"Arquimaster","twitter_card":"summary_large_image","twitter_creator":"@arquimaster","twitter_site":"@arquimaster","twitter_misc":{"Escrito por":"Arquimaster","Tiempo de lectura":"4 minutos"},"schema":{"@context":"https:\/\/schema.org","@graph":[{"@type":"Article","@id":"https:\/\/www.arquimaster.com.ar\/web\/medalla-de-plata-para-julio-oropel-en-casa-foa-la-abadia\/#article","isPartOf":{"@id":"https:\/\/www.arquimaster.com.ar\/web\/medalla-de-plata-para-julio-oropel-en-casa-foa-la-abadia\/"},"author":{"name":"Arquimaster","@id":"https:\/\/www.arquimaster.com.ar\/web\/#\/schema\/person\/359e9f7c00193fcde068e0dd2ceb0028"},"headline":"Medalla de Plata para Julio Oropel en Casa FOA La Abad\u00eda","datePublished":"2014-10-15T12:00:52+00:00","dateModified":"2026-03-27T21:41:51+00:00","mainEntityOfPage":{"@id":"https:\/\/www.arquimaster.com.ar\/web\/medalla-de-plata-para-julio-oropel-en-casa-foa-la-abadia\/"},"wordCount":673,"publisher":{"@id":"https:\/\/www.arquimaster.com.ar\/web\/#organization"},"image":{"@id":"https:\/\/www.arquimaster.com.ar\/web\/medalla-de-plata-para-julio-oropel-en-casa-foa-la-abadia\/#primaryimage"},"thumbnailUrl":"https:\/\/www.arquimaster.com.ar\/web\/wp-content\/uploads\/2014\/10\/slide_julio_oropel_premio_casafoa.jpg","keywords":["Casa FOA","Casa FOA 2014","Cetol","Cetol Vintage","decoracion","dise\u00f1o de interiores","FOA","Julio Oropel","La Abadia","madera","premios","swimming wood"],"articleSection":["Dise\u00f1o","Dise\u00f1o interior y decoracion"],"inLanguage":"es"},{"@type":"WebPage","@id":"https:\/\/www.arquimaster.com.ar\/web\/medalla-de-plata-para-julio-oropel-en-casa-foa-la-abadia\/","url":"https:\/\/www.arquimaster.com.ar\/web\/medalla-de-plata-para-julio-oropel-en-casa-foa-la-abadia\/","name":"Medalla de Plata para Julio Oropel en Casa FOA La Abad\u00eda - Arquimaster","isPartOf":{"@id":"https:\/\/www.arquimaster.com.ar\/web\/#website"},"primaryImageOfPage":{"@id":"https:\/\/www.arquimaster.com.ar\/web\/medalla-de-plata-para-julio-oropel-en-casa-foa-la-abadia\/#primaryimage"},"image":{"@id":"https:\/\/www.arquimaster.com.ar\/web\/medalla-de-plata-para-julio-oropel-en-casa-foa-la-abadia\/#primaryimage"},"thumbnailUrl":"https:\/\/www.arquimaster.com.ar\/web\/wp-content\/uploads\/2014\/10\/slide_julio_oropel_premio_casafoa.jpg","datePublished":"2014-10-15T12:00:52+00:00","dateModified":"2026-03-27T21:41:51+00:00","breadcrumb":{"@id":"https:\/\/www.arquimaster.com.ar\/web\/medalla-de-plata-para-julio-oropel-en-casa-foa-la-abadia\/#breadcrumb"},"inLanguage":"es","potentialAction":[{"@type":"ReadAction","target":["https:\/\/www.arquimaster.com.ar\/web\/medalla-de-plata-para-julio-oropel-en-casa-foa-la-abadia\/"]}]},{"@type":"ImageObject","inLanguage":"es","@id":"https:\/\/www.arquimaster.com.ar\/web\/medalla-de-plata-para-julio-oropel-en-casa-foa-la-abadia\/#primaryimage","url":"https:\/\/www.arquimaster.com.ar\/web\/wp-content\/uploads\/2014\/10\/slide_julio_oropel_premio_casafoa.jpg","contentUrl":"https:\/\/www.arquimaster.com.ar\/web\/wp-content\/uploads\/2014\/10\/slide_julio_oropel_premio_casafoa.jpg","width":642,"height":336},{"@type":"BreadcrumbList","@id":"https:\/\/www.arquimaster.com.ar\/web\/medalla-de-plata-para-julio-oropel-en-casa-foa-la-abadia\/#breadcrumb","itemListElement":[{"@type":"ListItem","position":1,"name":"Portada","item":"https:\/\/www.arquimaster.com.ar\/web\/"},{"@type":"ListItem","position":2,"name":"Medalla de Plata para Julio Oropel en Casa FOA La Abad\u00eda"}]},{"@type":"WebSite","@id":"https:\/\/www.arquimaster.com.ar\/web\/#website","url":"https:\/\/www.arquimaster.com.ar\/web\/","name":"Arquimaster","description":"Web de arquitectura, dise\u00f1o y construccion","publisher":{"@id":"https:\/\/www.arquimaster.com.ar\/web\/#organization"},"potentialAction":[{"@type":"SearchAction","target":{"@type":"EntryPoint","urlTemplate":"https:\/\/www.arquimaster.com.ar\/web\/?s={search_term_string}"},"query-input":{"@type":"PropertyValueSpecification","valueRequired":true,"valueName":"search_term_string"}}],"inLanguage":"es"},{"@type":"Organization","@id":"https:\/\/www.arquimaster.com.ar\/web\/#organization","name":"Arquimaster","url":"https:\/\/www.arquimaster.com.ar\/web\/","logo":{"@type":"ImageObject","inLanguage":"es","@id":"https:\/\/www.arquimaster.com.ar\/web\/#\/schema\/logo\/image\/","url":"https:\/\/www.arquimaster.com.ar\/web\/wp-content\/uploads\/2022\/06\/arquimaster.png","contentUrl":"https:\/\/www.arquimaster.com.ar\/web\/wp-content\/uploads\/2022\/06\/arquimaster.png","width":594,"height":78,"caption":"Arquimaster"},"image":{"@id":"https:\/\/www.arquimaster.com.ar\/web\/#\/schema\/logo\/image\/"},"sameAs":["http:\/\/www.facebook.com\/ARQUIMASTER.com.ar","https:\/\/x.com\/arquimaster","https:\/\/www.instagram.com\/arquimasterblog\/","https:\/\/www.linkedin.com\/company\/arquimaster","https:\/\/www.pinterest.com\/arquimaster","https:\/\/t.me\/arquimaster"]},{"@type":"Person","@id":"https:\/\/www.arquimaster.com.ar\/web\/#\/schema\/person\/359e9f7c00193fcde068e0dd2ceb0028","name":"Arquimaster"}]}},"uagb_featured_image_src":{"full":["https:\/\/www.arquimaster.com.ar\/web\/wp-content\/uploads\/2014\/10\/slide_julio_oropel_premio_casafoa.jpg",642,336,false],"thumbnail":["https:\/\/www.arquimaster.com.ar\/web\/wp-content\/uploads\/2014\/10\/slide_julio_oropel_premio_casafoa-150x150.jpg",150,150,true],"medium":["https:\/\/www.arquimaster.com.ar\/web\/wp-content\/uploads\/2014\/10\/slide_julio_oropel_premio_casafoa-300x157.jpg",300,157,true],"medium_large":["https:\/\/www.arquimaster.com.ar\/web\/wp-content\/uploads\/2014\/10\/slide_julio_oropel_premio_casafoa.jpg",642,336,false],"large":["https:\/\/www.arquimaster.com.ar\/web\/wp-content\/uploads\/2014\/10\/slide_julio_oropel_premio_casafoa.jpg",642,336,false],"1536x1536":["https:\/\/www.arquimaster.com.ar\/web\/wp-content\/uploads\/2014\/10\/slide_julio_oropel_premio_casafoa.jpg",642,336,false],"2048x2048":["https:\/\/www.arquimaster.com.ar\/web\/wp-content\/uploads\/2014\/10\/slide_julio_oropel_premio_casafoa.jpg",642,336,false]},"uagb_author_info":{"display_name":"Arquimaster","author_link":"https:\/\/www.arquimaster.com.ar\/web\/author\/arquimaster\/"},"uagb_comment_info":0,"uagb_excerpt":"El notable jurado de la muestra premi\u00f3 al arquitecto por su trabajo en \"Espacio Cetol\"...","_links":{"self":[{"href":"https:\/\/www.arquimaster.com.ar\/web\/wp-json\/wp\/v2\/posts\/10455","targetHints":{"allow":["GET"]}}],"collection":[{"href":"https:\/\/www.arquimaster.com.ar\/web\/wp-json\/wp\/v2\/posts"}],"about":[{"href":"https:\/\/www.arquimaster.com.ar\/web\/wp-json\/wp\/v2\/types\/post"}],"author":[{"embeddable":true,"href":"https:\/\/www.arquimaster.com.ar\/web\/wp-json\/wp\/v2\/users\/1"}],"replies":[{"embeddable":true,"href":"https:\/\/www.arquimaster.com.ar\/web\/wp-json\/wp\/v2\/comments?post=10455"}],"version-history":[{"count":1,"href":"https:\/\/www.arquimaster.com.ar\/web\/wp-json\/wp\/v2\/posts\/10455\/revisions"}],"predecessor-version":[{"id":87843,"href":"https:\/\/www.arquimaster.com.ar\/web\/wp-json\/wp\/v2\/posts\/10455\/revisions\/87843"}],"wp:featuredmedia":[{"embeddable":true,"href":"https:\/\/www.arquimaster.com.ar\/web\/wp-json\/wp\/v2\/media\/10456"}],"wp:attachment":[{"href":"https:\/\/www.arquimaster.com.ar\/web\/wp-json\/wp\/v2\/media?parent=10455"}],"wp:term":[{"taxonomy":"category","embeddable":true,"href":"https:\/\/www.arquimaster.com.ar\/web\/wp-json\/wp\/v2\/categories?post=10455"},{"taxonomy":"post_tag","embeddable":true,"href":"https:\/\/www.arquimaster.com.ar\/web\/wp-json\/wp\/v2\/tags?post=10455"}],"curies":[{"name":"wp","href":"https:\/\/api.w.org\/{rel}","templated":true}]}}