{"id":10538,"date":"2014-10-21T16:00:08","date_gmt":"2014-10-21T16:00:08","guid":{"rendered":"http:\/\/www.arquimaster.com.ar\/web\/?p=10538"},"modified":"2014-10-22T00:47:12","modified_gmt":"2014-10-22T00:47:12","slug":"vestidor-espacio-35-casa-foa-2014-grin-kucher-y-saban","status":"publish","type":"post","link":"https:\/\/www.arquimaster.com.ar\/web\/vestidor-espacio-35-casa-foa-2014-grin-kucher-y-saban\/","title":{"rendered":"Vestidor (Espacio 35 Casa FOA 2014) \/ Grin, Kucher y Saban"},"content":{"rendered":"<div style=\"margin-top: 0px; margin-bottom: 0px;\" class=\"sharethis-inline-share-buttons\" ><\/div><div class=\"b812932af2e751442846f039925109de\" data-index=\"1\" style=\"float: none; margin:25px 0 25px 0; text-align:center;\">\n<script async src=\"https:\/\/pagead2.googlesyndication.com\/pagead\/js\/adsbygoogle.js\"><\/script>\r\n<!-- Arquimaster (superior) -->\r\n<ins class=\"adsbygoogle\"\r\n     style=\"display:block\"\r\n     data-ad-client=\"ca-pub-6351072698456832\"\r\n     data-ad-slot=\"6455489680\"\r\n     data-ad-format=\"auto\"\r\n     data-full-width-responsive=\"true\"><\/ins>\r\n<script>\r\n     (adsbygoogle = window.adsbygoogle || []).push({});\r\n<\/script>\n<\/div>\n<p><strong>Vestidor \u00abGala\u00bb<\/strong> (Espacio 35 Casa FOA 2014 La Abadia) por <strong>Adriana Grin, M\u00f3nica Kucher y Rosana Saban<\/strong>. Acostumbradas a trabajar en equipo nuevamente las Arqs. Adriana Grin, M\u00f3nica Kucher y Rosana Saban nos juntamos a hacer lo que mas nos gusta, dise\u00f1ar.<\/p>\n<div id='gallery-1' class='gallery galleryid-10538 gallery-columns-3 gallery-size-thumbnail'><figure class='gallery-item'>\n\t\t\t<div class='gallery-icon portrait'>\n\t\t\t\t<a href='https:\/\/www.arquimaster.com.ar\/web\/wp-content\/uploads\/2014\/10\/espacio35_casafoa2014_1.jpg' title=\"Vestidor (Espacio 35 Casa FOA 2014) \/ Grin, Kucher y Saban (\u00a9 Gustavo Rescia)\" data-rl_title=\"Vestidor (Espacio 35 Casa FOA 2014) \/ Grin, Kucher y Saban (\u00a9 Gustavo Rescia)\" class=\"rl-gallery-link\" data-rl_caption=\"Vestidor (Espacio 35 Casa FOA 2014) \/ Grin, Kucher y Saban (\u00a9 Gustavo Rescia)\" data-rel=\"lightbox-gallery-1\"><img loading=\"lazy\" decoding=\"async\" width=\"150\" height=\"150\" src=\"https:\/\/www.arquimaster.com.ar\/web\/wp-content\/uploads\/2014\/10\/espacio35_casafoa2014_1-150x150.jpg\" class=\"attachment-thumbnail size-thumbnail\" alt=\"\" aria-describedby=\"gallery-1-10540\" srcset=\"https:\/\/www.arquimaster.com.ar\/web\/wp-content\/uploads\/2014\/10\/espacio35_casafoa2014_1-150x150.jpg 150w, https:\/\/www.arquimaster.com.ar\/web\/wp-content\/uploads\/2014\/10\/espacio35_casafoa2014_1-50x50.jpg 50w, https:\/\/www.arquimaster.com.ar\/web\/wp-content\/uploads\/2014\/10\/espacio35_casafoa2014_1-125x125.jpg 125w\" sizes=\"auto, (max-width: 150px) 100vw, 150px\" \/><\/a>\n\t\t\t<\/div>\n\t\t\t\t<figcaption class='wp-caption-text gallery-caption' id='gallery-1-10540'>\n\t\t\t\tVestidor (Espacio 35 Casa FOA 2014) \/ Grin, Kucher y Saban (\u00a9 Gustavo Rescia)\n\t\t\t\t<\/figcaption><\/figure><figure class='gallery-item'>\n\t\t\t<div class='gallery-icon portrait'>\n\t\t\t\t<a href='https:\/\/www.arquimaster.com.ar\/web\/wp-content\/uploads\/2014\/10\/espacio35_casafoa2014_2.jpg' title=\"Vestidor (Espacio 35 Casa FOA 2014) \/ Grin, Kucher y Saban (\u00a9 Gustavo Rescia)\" data-rl_title=\"Vestidor (Espacio 35 Casa FOA 2014) \/ Grin, Kucher y Saban (\u00a9 Gustavo Rescia)\" class=\"rl-gallery-link\" data-rl_caption=\"Vestidor (Espacio 35 Casa FOA 2014) \/ Grin, Kucher y Saban (\u00a9 Gustavo Rescia)\" data-rel=\"lightbox-gallery-1\"><img loading=\"lazy\" decoding=\"async\" width=\"150\" height=\"150\" src=\"https:\/\/www.arquimaster.com.ar\/web\/wp-content\/uploads\/2014\/10\/espacio35_casafoa2014_2-150x150.jpg\" class=\"attachment-thumbnail size-thumbnail\" alt=\"\" aria-describedby=\"gallery-1-10541\" srcset=\"https:\/\/www.arquimaster.com.ar\/web\/wp-content\/uploads\/2014\/10\/espacio35_casafoa2014_2-150x150.jpg 150w, https:\/\/www.arquimaster.com.ar\/web\/wp-content\/uploads\/2014\/10\/espacio35_casafoa2014_2-50x50.jpg 50w, https:\/\/www.arquimaster.com.ar\/web\/wp-content\/uploads\/2014\/10\/espacio35_casafoa2014_2-125x125.jpg 125w\" sizes=\"auto, (max-width: 150px) 100vw, 150px\" \/><\/a>\n\t\t\t<\/div>\n\t\t\t\t<figcaption class='wp-caption-text gallery-caption' id='gallery-1-10541'>\n\t\t\t\tVestidor (Espacio 35 Casa FOA 2014) \/ Grin, Kucher y Saban (\u00a9 Gustavo Rescia)\n\t\t\t\t<\/figcaption><\/figure><figure class='gallery-item'>\n\t\t\t<div class='gallery-icon landscape'>\n\t\t\t\t<a href='https:\/\/www.arquimaster.com.ar\/web\/wp-content\/uploads\/2014\/10\/espacio35_casafoa2014_3.jpg' title=\"Vestidor (Espacio 35 Casa FOA 2014) \/ Grin, Kucher y Saban (\u00a9 Gustavo Rescia)\" data-rl_title=\"Vestidor (Espacio 35 Casa FOA 2014) \/ Grin, Kucher y Saban (\u00a9 Gustavo Rescia)\" class=\"rl-gallery-link\" data-rl_caption=\"Vestidor (Espacio 35 Casa FOA 2014) \/ Grin, Kucher y Saban (\u00a9 Gustavo Rescia)\" data-rel=\"lightbox-gallery-1\"><img loading=\"lazy\" decoding=\"async\" width=\"150\" height=\"150\" src=\"https:\/\/www.arquimaster.com.ar\/web\/wp-content\/uploads\/2014\/10\/espacio35_casafoa2014_3-150x150.jpg\" class=\"attachment-thumbnail size-thumbnail\" alt=\"\" aria-describedby=\"gallery-1-10542\" srcset=\"https:\/\/www.arquimaster.com.ar\/web\/wp-content\/uploads\/2014\/10\/espacio35_casafoa2014_3-150x150.jpg 150w, https:\/\/www.arquimaster.com.ar\/web\/wp-content\/uploads\/2014\/10\/espacio35_casafoa2014_3-50x50.jpg 50w, https:\/\/www.arquimaster.com.ar\/web\/wp-content\/uploads\/2014\/10\/espacio35_casafoa2014_3-125x125.jpg 125w\" sizes=\"auto, (max-width: 150px) 100vw, 150px\" \/><\/a>\n\t\t\t<\/div>\n\t\t\t\t<figcaption class='wp-caption-text gallery-caption' id='gallery-1-10542'>\n\t\t\t\tVestidor (Espacio 35 Casa FOA 2014) \/ Grin, Kucher y Saban (\u00a9 Gustavo Rescia)\n\t\t\t\t<\/figcaption><\/figure><figure class='gallery-item'>\n\t\t\t<div class='gallery-icon landscape'>\n\t\t\t\t<a href='https:\/\/www.arquimaster.com.ar\/web\/wp-content\/uploads\/2014\/10\/espacio35_casafoa2014_4.jpg' title=\"Vestidor (Espacio 35 Casa FOA 2014) \/ Grin, Kucher y Saban (\u00a9 Gustavo Rescia)\" data-rl_title=\"Vestidor (Espacio 35 Casa FOA 2014) \/ Grin, Kucher y Saban (\u00a9 Gustavo Rescia)\" class=\"rl-gallery-link\" data-rl_caption=\"Vestidor (Espacio 35 Casa FOA 2014) \/ Grin, Kucher y Saban (\u00a9 Gustavo Rescia)\" data-rel=\"lightbox-gallery-1\"><img loading=\"lazy\" decoding=\"async\" width=\"150\" height=\"150\" src=\"https:\/\/www.arquimaster.com.ar\/web\/wp-content\/uploads\/2014\/10\/espacio35_casafoa2014_4-150x150.jpg\" class=\"attachment-thumbnail size-thumbnail\" alt=\"\" aria-describedby=\"gallery-1-10543\" srcset=\"https:\/\/www.arquimaster.com.ar\/web\/wp-content\/uploads\/2014\/10\/espacio35_casafoa2014_4-150x150.jpg 150w, https:\/\/www.arquimaster.com.ar\/web\/wp-content\/uploads\/2014\/10\/espacio35_casafoa2014_4-50x50.jpg 50w, https:\/\/www.arquimaster.com.ar\/web\/wp-content\/uploads\/2014\/10\/espacio35_casafoa2014_4-125x125.jpg 125w\" sizes=\"auto, (max-width: 150px) 100vw, 150px\" \/><\/a>\n\t\t\t<\/div>\n\t\t\t\t<figcaption class='wp-caption-text gallery-caption' id='gallery-1-10543'>\n\t\t\t\tVestidor (Espacio 35 Casa FOA 2014) \/ Grin, Kucher y Saban (\u00a9 Gustavo Rescia)\n\t\t\t\t<\/figcaption><\/figure><figure class='gallery-item'>\n\t\t\t<div class='gallery-icon landscape'>\n\t\t\t\t<a href='https:\/\/www.arquimaster.com.ar\/web\/wp-content\/uploads\/2014\/10\/espacio35_casafoa2014_5.jpg' title=\"Vestidor (Espacio 35 Casa FOA 2014) \/ Grin, Kucher y Saban (\u00a9 Gustavo Rescia)\" data-rl_title=\"Vestidor (Espacio 35 Casa FOA 2014) \/ Grin, Kucher y Saban (\u00a9 Gustavo Rescia)\" class=\"rl-gallery-link\" data-rl_caption=\"Vestidor (Espacio 35 Casa FOA 2014) \/ Grin, Kucher y Saban (\u00a9 Gustavo Rescia)\" data-rel=\"lightbox-gallery-1\"><img loading=\"lazy\" decoding=\"async\" width=\"150\" height=\"150\" src=\"https:\/\/www.arquimaster.com.ar\/web\/wp-content\/uploads\/2014\/10\/espacio35_casafoa2014_5-150x150.jpg\" class=\"attachment-thumbnail size-thumbnail\" alt=\"\" aria-describedby=\"gallery-1-10544\" srcset=\"https:\/\/www.arquimaster.com.ar\/web\/wp-content\/uploads\/2014\/10\/espacio35_casafoa2014_5-150x150.jpg 150w, https:\/\/www.arquimaster.com.ar\/web\/wp-content\/uploads\/2014\/10\/espacio35_casafoa2014_5-50x50.jpg 50w, https:\/\/www.arquimaster.com.ar\/web\/wp-content\/uploads\/2014\/10\/espacio35_casafoa2014_5-125x125.jpg 125w\" sizes=\"auto, (max-width: 150px) 100vw, 150px\" \/><\/a>\n\t\t\t<\/div>\n\t\t\t\t<figcaption class='wp-caption-text gallery-caption' id='gallery-1-10544'>\n\t\t\t\tVestidor (Espacio 35 Casa FOA 2014) \/ Grin, Kucher y Saban (\u00a9 Gustavo Rescia)\n\t\t\t\t<\/figcaption><\/figure><figure class='gallery-item'>\n\t\t\t<div class='gallery-icon portrait'>\n\t\t\t\t<a href='https:\/\/www.arquimaster.com.ar\/web\/wp-content\/uploads\/2014\/10\/espacio35_casafoa2014_6.jpg' title=\"Vestidor (Espacio 35 Casa FOA 2014) \/ Grin, Kucher y Saban (\u00a9 Gustavo Rescia)\" data-rl_title=\"Vestidor (Espacio 35 Casa FOA 2014) \/ Grin, Kucher y Saban (\u00a9 Gustavo Rescia)\" class=\"rl-gallery-link\" data-rl_caption=\"Vestidor (Espacio 35 Casa FOA 2014) \/ Grin, Kucher y Saban (\u00a9 Gustavo Rescia)\" data-rel=\"lightbox-gallery-1\"><img loading=\"lazy\" decoding=\"async\" width=\"150\" height=\"150\" src=\"https:\/\/www.arquimaster.com.ar\/web\/wp-content\/uploads\/2014\/10\/espacio35_casafoa2014_6-150x150.jpg\" class=\"attachment-thumbnail size-thumbnail\" alt=\"\" aria-describedby=\"gallery-1-10545\" srcset=\"https:\/\/www.arquimaster.com.ar\/web\/wp-content\/uploads\/2014\/10\/espacio35_casafoa2014_6-150x150.jpg 150w, https:\/\/www.arquimaster.com.ar\/web\/wp-content\/uploads\/2014\/10\/espacio35_casafoa2014_6-50x50.jpg 50w, https:\/\/www.arquimaster.com.ar\/web\/wp-content\/uploads\/2014\/10\/espacio35_casafoa2014_6-125x125.jpg 125w\" sizes=\"auto, (max-width: 150px) 100vw, 150px\" \/><\/a>\n\t\t\t<\/div>\n\t\t\t\t<figcaption class='wp-caption-text gallery-caption' id='gallery-1-10545'>\n\t\t\t\tVestidor (Espacio 35 Casa FOA 2014) \/ Grin, Kucher y Saban (\u00a9 Gustavo Rescia)\n\t\t\t\t<\/figcaption><\/figure><figure class='gallery-item'>\n\t\t\t<div class='gallery-icon landscape'>\n\t\t\t\t<a href='https:\/\/www.arquimaster.com.ar\/web\/wp-content\/uploads\/2014\/10\/espacio35_casafoa2014_7.jpg' title=\"Vestidor (Espacio 35 Casa FOA 2014) \/ Grin, Kucher y Saban (\u00a9 Gustavo Rescia)\" data-rl_title=\"Vestidor (Espacio 35 Casa FOA 2014) \/ Grin, Kucher y Saban (\u00a9 Gustavo Rescia)\" class=\"rl-gallery-link\" data-rl_caption=\"Vestidor (Espacio 35 Casa FOA 2014) \/ Grin, Kucher y Saban (\u00a9 Gustavo Rescia)\" data-rel=\"lightbox-gallery-1\"><img loading=\"lazy\" decoding=\"async\" width=\"150\" height=\"150\" src=\"https:\/\/www.arquimaster.com.ar\/web\/wp-content\/uploads\/2014\/10\/espacio35_casafoa2014_7-150x150.jpg\" class=\"attachment-thumbnail size-thumbnail\" alt=\"\" aria-describedby=\"gallery-1-10546\" srcset=\"https:\/\/www.arquimaster.com.ar\/web\/wp-content\/uploads\/2014\/10\/espacio35_casafoa2014_7-150x150.jpg 150w, https:\/\/www.arquimaster.com.ar\/web\/wp-content\/uploads\/2014\/10\/espacio35_casafoa2014_7-50x50.jpg 50w, https:\/\/www.arquimaster.com.ar\/web\/wp-content\/uploads\/2014\/10\/espacio35_casafoa2014_7-125x125.jpg 125w\" sizes=\"auto, (max-width: 150px) 100vw, 150px\" \/><\/a>\n\t\t\t<\/div>\n\t\t\t\t<figcaption class='wp-caption-text gallery-caption' id='gallery-1-10546'>\n\t\t\t\tVestidor (Espacio 35 Casa FOA 2014) \/ Grin, Kucher y Saban (\u00a9 Gustavo Rescia)\n\t\t\t\t<\/figcaption><\/figure><figure class='gallery-item'>\n\t\t\t<div class='gallery-icon landscape'>\n\t\t\t\t<a href='https:\/\/www.arquimaster.com.ar\/web\/wp-content\/uploads\/2014\/10\/espacio35_casafoa2014_8.jpg' title=\"Vestidor (Espacio 35 Casa FOA 2014) \/ Grin, Kucher y Saban (\u00a9 Gustavo Rescia)\" data-rl_title=\"Vestidor (Espacio 35 Casa FOA 2014) \/ Grin, Kucher y Saban (\u00a9 Gustavo Rescia)\" class=\"rl-gallery-link\" data-rl_caption=\"Vestidor (Espacio 35 Casa FOA 2014) \/ Grin, Kucher y Saban (\u00a9 Gustavo Rescia)\" data-rel=\"lightbox-gallery-1\"><img loading=\"lazy\" decoding=\"async\" width=\"150\" height=\"150\" src=\"https:\/\/www.arquimaster.com.ar\/web\/wp-content\/uploads\/2014\/10\/espacio35_casafoa2014_8-150x150.jpg\" class=\"attachment-thumbnail size-thumbnail\" alt=\"\" aria-describedby=\"gallery-1-10547\" srcset=\"https:\/\/www.arquimaster.com.ar\/web\/wp-content\/uploads\/2014\/10\/espacio35_casafoa2014_8-150x150.jpg 150w, https:\/\/www.arquimaster.com.ar\/web\/wp-content\/uploads\/2014\/10\/espacio35_casafoa2014_8-50x50.jpg 50w, https:\/\/www.arquimaster.com.ar\/web\/wp-content\/uploads\/2014\/10\/espacio35_casafoa2014_8-125x125.jpg 125w\" sizes=\"auto, (max-width: 150px) 100vw, 150px\" \/><\/a>\n\t\t\t<\/div>\n\t\t\t\t<figcaption class='wp-caption-text gallery-caption' id='gallery-1-10547'>\n\t\t\t\tVestidor (Espacio 35 Casa FOA 2014) \/ Grin, Kucher y Saban (\u00a9 Gustavo Rescia)\n\t\t\t\t<\/figcaption><\/figure><figure class='gallery-item'>\n\t\t\t<div class='gallery-icon landscape'>\n\t\t\t\t<a href='https:\/\/www.arquimaster.com.ar\/web\/wp-content\/uploads\/2014\/10\/espacio35_casafoa2014_9.jpg' title=\"Vestidor (Espacio 35 Casa FOA 2014) \/ Grin, Kucher y Saban (\u00a9 Gustavo Rescia)\" data-rl_title=\"Vestidor (Espacio 35 Casa FOA 2014) \/ Grin, Kucher y Saban (\u00a9 Gustavo Rescia)\" class=\"rl-gallery-link\" data-rl_caption=\"Vestidor (Espacio 35 Casa FOA 2014) \/ Grin, Kucher y Saban (\u00a9 Gustavo Rescia)\" data-rel=\"lightbox-gallery-1\"><img loading=\"lazy\" decoding=\"async\" width=\"150\" height=\"150\" src=\"https:\/\/www.arquimaster.com.ar\/web\/wp-content\/uploads\/2014\/10\/espacio35_casafoa2014_9-150x150.jpg\" class=\"attachment-thumbnail size-thumbnail\" alt=\"\" aria-describedby=\"gallery-1-10548\" srcset=\"https:\/\/www.arquimaster.com.ar\/web\/wp-content\/uploads\/2014\/10\/espacio35_casafoa2014_9-150x150.jpg 150w, https:\/\/www.arquimaster.com.ar\/web\/wp-content\/uploads\/2014\/10\/espacio35_casafoa2014_9-50x50.jpg 50w, https:\/\/www.arquimaster.com.ar\/web\/wp-content\/uploads\/2014\/10\/espacio35_casafoa2014_9-125x125.jpg 125w\" sizes=\"auto, (max-width: 150px) 100vw, 150px\" \/><\/a>\n\t\t\t<\/div>\n\t\t\t\t<figcaption class='wp-caption-text gallery-caption' id='gallery-1-10548'>\n\t\t\t\tVestidor (Espacio 35 Casa FOA 2014) \/ Grin, Kucher y Saban (\u00a9 Gustavo Rescia)\n\t\t\t\t<\/figcaption><\/figure><figure class='gallery-item'>\n\t\t\t<div class='gallery-icon landscape'>\n\t\t\t\t<a href='https:\/\/www.arquimaster.com.ar\/web\/wp-content\/uploads\/2014\/10\/espacio35_casafoa2014_101.jpg' title=\"Vestidor (Espacio 35 Casa FOA 2014) \/ Grin, Kucher y Saban (\u00a9 Gustavo Rescia)\" data-rl_title=\"Vestidor (Espacio 35 Casa FOA 2014) \/ Grin, Kucher y Saban (\u00a9 Gustavo Rescia)\" class=\"rl-gallery-link\" data-rl_caption=\"Vestidor (Espacio 35 Casa FOA 2014) \/ Grin, Kucher y Saban (\u00a9 Gustavo Rescia)\" data-rel=\"lightbox-gallery-1\"><img loading=\"lazy\" decoding=\"async\" width=\"150\" height=\"150\" src=\"https:\/\/www.arquimaster.com.ar\/web\/wp-content\/uploads\/2014\/10\/espacio35_casafoa2014_101-150x150.jpg\" class=\"attachment-thumbnail size-thumbnail\" alt=\"\" aria-describedby=\"gallery-1-10563\" srcset=\"https:\/\/www.arquimaster.com.ar\/web\/wp-content\/uploads\/2014\/10\/espacio35_casafoa2014_101-150x150.jpg 150w, https:\/\/www.arquimaster.com.ar\/web\/wp-content\/uploads\/2014\/10\/espacio35_casafoa2014_101-50x50.jpg 50w, https:\/\/www.arquimaster.com.ar\/web\/wp-content\/uploads\/2014\/10\/espacio35_casafoa2014_101-125x125.jpg 125w\" sizes=\"auto, (max-width: 150px) 100vw, 150px\" \/><\/a>\n\t\t\t<\/div>\n\t\t\t\t<figcaption class='wp-caption-text gallery-caption' id='gallery-1-10563'>\n\t\t\t\tVestidor (Espacio 35 Casa FOA 2014) \/ Grin, Kucher y Saban (\u00a9 Gustavo Rescia)\n\t\t\t\t<\/figcaption><\/figure><figure class='gallery-item'>\n\t\t\t<div class='gallery-icon portrait'>\n\t\t\t\t<a href='https:\/\/www.arquimaster.com.ar\/web\/wp-content\/uploads\/2014\/10\/espacio35_casafoa2014_11.jpg' title=\"Vestidor (Espacio 35 Casa FOA 2014) \/ Grin, Kucher y Saban (\u00a9 Gustavo Rescia)\" data-rl_title=\"Vestidor (Espacio 35 Casa FOA 2014) \/ Grin, Kucher y Saban (\u00a9 Gustavo Rescia)\" class=\"rl-gallery-link\" data-rl_caption=\"Vestidor (Espacio 35 Casa FOA 2014) \/ Grin, Kucher y Saban (\u00a9 Gustavo Rescia)\" data-rel=\"lightbox-gallery-1\"><img loading=\"lazy\" decoding=\"async\" width=\"150\" height=\"150\" src=\"https:\/\/www.arquimaster.com.ar\/web\/wp-content\/uploads\/2014\/10\/espacio35_casafoa2014_11-150x150.jpg\" class=\"attachment-thumbnail size-thumbnail\" alt=\"\" aria-describedby=\"gallery-1-10550\" srcset=\"https:\/\/www.arquimaster.com.ar\/web\/wp-content\/uploads\/2014\/10\/espacio35_casafoa2014_11-150x150.jpg 150w, https:\/\/www.arquimaster.com.ar\/web\/wp-content\/uploads\/2014\/10\/espacio35_casafoa2014_11-50x50.jpg 50w, https:\/\/www.arquimaster.com.ar\/web\/wp-content\/uploads\/2014\/10\/espacio35_casafoa2014_11-125x125.jpg 125w\" sizes=\"auto, (max-width: 150px) 100vw, 150px\" \/><\/a>\n\t\t\t<\/div>\n\t\t\t\t<figcaption class='wp-caption-text gallery-caption' id='gallery-1-10550'>\n\t\t\t\tVestidor (Espacio 35 Casa FOA 2014) \/ Grin, Kucher y Saban (\u00a9 Gustavo Rescia)\n\t\t\t\t<\/figcaption><\/figure><figure class='gallery-item'>\n\t\t\t<div class='gallery-icon portrait'>\n\t\t\t\t<a href='https:\/\/www.arquimaster.com.ar\/web\/wp-content\/uploads\/2014\/10\/espacio35_casafoa2014_12.jpg' title=\"Vestidor (Espacio 35 Casa FOA 2014) \/ Grin, Kucher y Saban (\u00a9 Gustavo Rescia)\" data-rl_title=\"Vestidor (Espacio 35 Casa FOA 2014) \/ Grin, Kucher y Saban (\u00a9 Gustavo Rescia)\" class=\"rl-gallery-link\" data-rl_caption=\"Vestidor (Espacio 35 Casa FOA 2014) \/ Grin, Kucher y Saban (\u00a9 Gustavo Rescia)\" data-rel=\"lightbox-gallery-1\"><img loading=\"lazy\" decoding=\"async\" width=\"150\" height=\"150\" src=\"https:\/\/www.arquimaster.com.ar\/web\/wp-content\/uploads\/2014\/10\/espacio35_casafoa2014_12-150x150.jpg\" class=\"attachment-thumbnail size-thumbnail\" alt=\"\" aria-describedby=\"gallery-1-10551\" srcset=\"https:\/\/www.arquimaster.com.ar\/web\/wp-content\/uploads\/2014\/10\/espacio35_casafoa2014_12-150x150.jpg 150w, https:\/\/www.arquimaster.com.ar\/web\/wp-content\/uploads\/2014\/10\/espacio35_casafoa2014_12-50x50.jpg 50w, https:\/\/www.arquimaster.com.ar\/web\/wp-content\/uploads\/2014\/10\/espacio35_casafoa2014_12-125x125.jpg 125w\" sizes=\"auto, (max-width: 150px) 100vw, 150px\" \/><\/a>\n\t\t\t<\/div>\n\t\t\t\t<figcaption class='wp-caption-text gallery-caption' id='gallery-1-10551'>\n\t\t\t\tVestidor (Espacio 35 Casa FOA 2014) \/ Grin, Kucher y Saban (\u00a9 Gustavo Rescia)\n\t\t\t\t<\/figcaption><\/figure><figure class='gallery-item'>\n\t\t\t<div class='gallery-icon landscape'>\n\t\t\t\t<a href='https:\/\/www.arquimaster.com.ar\/web\/wp-content\/uploads\/2014\/10\/espacio35_casafoa2014_13.jpg' title=\"Vestidor (Espacio 35 Casa FOA 2014) \/ Grin, Kucher y Saban (\u00a9 Gustavo Rescia)\" data-rl_title=\"Vestidor (Espacio 35 Casa FOA 2014) \/ Grin, Kucher y Saban (\u00a9 Gustavo Rescia)\" class=\"rl-gallery-link\" data-rl_caption=\"Vestidor (Espacio 35 Casa FOA 2014) \/ Grin, Kucher y Saban (\u00a9 Gustavo Rescia)\" data-rel=\"lightbox-gallery-1\"><img loading=\"lazy\" decoding=\"async\" width=\"150\" height=\"150\" src=\"https:\/\/www.arquimaster.com.ar\/web\/wp-content\/uploads\/2014\/10\/espacio35_casafoa2014_13-150x150.jpg\" class=\"attachment-thumbnail size-thumbnail\" alt=\"\" aria-describedby=\"gallery-1-10552\" srcset=\"https:\/\/www.arquimaster.com.ar\/web\/wp-content\/uploads\/2014\/10\/espacio35_casafoa2014_13-150x150.jpg 150w, https:\/\/www.arquimaster.com.ar\/web\/wp-content\/uploads\/2014\/10\/espacio35_casafoa2014_13-50x50.jpg 50w, https:\/\/www.arquimaster.com.ar\/web\/wp-content\/uploads\/2014\/10\/espacio35_casafoa2014_13-125x125.jpg 125w\" sizes=\"auto, (max-width: 150px) 100vw, 150px\" \/><\/a>\n\t\t\t<\/div>\n\t\t\t\t<figcaption class='wp-caption-text gallery-caption' id='gallery-1-10552'>\n\t\t\t\tVestidor (Espacio 35 Casa FOA 2014) \/ Grin, Kucher y Saban (\u00a9 Gustavo Rescia)\n\t\t\t\t<\/figcaption><\/figure><figure class='gallery-item'>\n\t\t\t<div class='gallery-icon portrait'>\n\t\t\t\t<a href='https:\/\/www.arquimaster.com.ar\/web\/wp-content\/uploads\/2014\/10\/espacio35_casafoa2014_14.jpg' title=\"Vestidor (Espacio 35 Casa FOA 2014) \/ Grin, Kucher y Saban (\u00a9 Gustavo Rescia)\" data-rl_title=\"Vestidor (Espacio 35 Casa FOA 2014) \/ Grin, Kucher y Saban (\u00a9 Gustavo Rescia)\" class=\"rl-gallery-link\" data-rl_caption=\"Vestidor (Espacio 35 Casa FOA 2014) \/ Grin, Kucher y Saban (\u00a9 Gustavo Rescia)\" data-rel=\"lightbox-gallery-1\"><img loading=\"lazy\" decoding=\"async\" width=\"150\" height=\"150\" src=\"https:\/\/www.arquimaster.com.ar\/web\/wp-content\/uploads\/2014\/10\/espacio35_casafoa2014_14-150x150.jpg\" class=\"attachment-thumbnail size-thumbnail\" alt=\"\" aria-describedby=\"gallery-1-10553\" srcset=\"https:\/\/www.arquimaster.com.ar\/web\/wp-content\/uploads\/2014\/10\/espacio35_casafoa2014_14-150x150.jpg 150w, https:\/\/www.arquimaster.com.ar\/web\/wp-content\/uploads\/2014\/10\/espacio35_casafoa2014_14-50x50.jpg 50w, https:\/\/www.arquimaster.com.ar\/web\/wp-content\/uploads\/2014\/10\/espacio35_casafoa2014_14-125x125.jpg 125w\" sizes=\"auto, (max-width: 150px) 100vw, 150px\" \/><\/a>\n\t\t\t<\/div>\n\t\t\t\t<figcaption class='wp-caption-text gallery-caption' id='gallery-1-10553'>\n\t\t\t\tVestidor (Espacio 35 Casa FOA 2014) \/ Grin, Kucher y Saban (\u00a9 Gustavo Rescia)\n\t\t\t\t<\/figcaption><\/figure><figure class='gallery-item'>\n\t\t\t<div class='gallery-icon landscape'>\n\t\t\t\t<a href='https:\/\/www.arquimaster.com.ar\/web\/wp-content\/uploads\/2014\/10\/espacio35_casafoa2014_15.jpg' title=\"Vestidor (Espacio 35 Casa FOA 2014) \/ Grin, Kucher y Saban (\u00a9 Gustavo Rescia)\" data-rl_title=\"Vestidor (Espacio 35 Casa FOA 2014) \/ Grin, Kucher y Saban (\u00a9 Gustavo Rescia)\" class=\"rl-gallery-link\" data-rl_caption=\"Vestidor (Espacio 35 Casa FOA 2014) \/ Grin, Kucher y Saban (\u00a9 Gustavo Rescia)\" data-rel=\"lightbox-gallery-1\"><img loading=\"lazy\" decoding=\"async\" width=\"150\" height=\"150\" src=\"https:\/\/www.arquimaster.com.ar\/web\/wp-content\/uploads\/2014\/10\/espacio35_casafoa2014_15-150x150.jpg\" class=\"attachment-thumbnail size-thumbnail\" alt=\"\" aria-describedby=\"gallery-1-10554\" srcset=\"https:\/\/www.arquimaster.com.ar\/web\/wp-content\/uploads\/2014\/10\/espacio35_casafoa2014_15-150x150.jpg 150w, https:\/\/www.arquimaster.com.ar\/web\/wp-content\/uploads\/2014\/10\/espacio35_casafoa2014_15-50x50.jpg 50w, https:\/\/www.arquimaster.com.ar\/web\/wp-content\/uploads\/2014\/10\/espacio35_casafoa2014_15-125x125.jpg 125w\" sizes=\"auto, (max-width: 150px) 100vw, 150px\" \/><\/a>\n\t\t\t<\/div>\n\t\t\t\t<figcaption class='wp-caption-text gallery-caption' id='gallery-1-10554'>\n\t\t\t\tVestidor (Espacio 35 Casa FOA 2014) \/ Grin, Kucher y Saban (\u00a9 Gustavo Rescia)\n\t\t\t\t<\/figcaption><\/figure><figure class='gallery-item'>\n\t\t\t<div class='gallery-icon portrait'>\n\t\t\t\t<a href='https:\/\/www.arquimaster.com.ar\/web\/wp-content\/uploads\/2014\/10\/espacio35_casafoa2014_16.jpg' title=\"Vestidor (Espacio 35 Casa FOA 2014) \/ Grin, Kucher y Saban (\u00a9 Gustavo Rescia)\" data-rl_title=\"Vestidor (Espacio 35 Casa FOA 2014) \/ Grin, Kucher y Saban (\u00a9 Gustavo Rescia)\" class=\"rl-gallery-link\" data-rl_caption=\"Vestidor (Espacio 35 Casa FOA 2014) \/ Grin, Kucher y Saban (\u00a9 Gustavo Rescia)\" data-rel=\"lightbox-gallery-1\"><img loading=\"lazy\" decoding=\"async\" width=\"150\" height=\"150\" src=\"https:\/\/www.arquimaster.com.ar\/web\/wp-content\/uploads\/2014\/10\/espacio35_casafoa2014_16-150x150.jpg\" class=\"attachment-thumbnail size-thumbnail\" alt=\"\" aria-describedby=\"gallery-1-10555\" srcset=\"https:\/\/www.arquimaster.com.ar\/web\/wp-content\/uploads\/2014\/10\/espacio35_casafoa2014_16-150x150.jpg 150w, https:\/\/www.arquimaster.com.ar\/web\/wp-content\/uploads\/2014\/10\/espacio35_casafoa2014_16-50x50.jpg 50w, https:\/\/www.arquimaster.com.ar\/web\/wp-content\/uploads\/2014\/10\/espacio35_casafoa2014_16-125x125.jpg 125w\" sizes=\"auto, (max-width: 150px) 100vw, 150px\" \/><\/a>\n\t\t\t<\/div>\n\t\t\t\t<figcaption class='wp-caption-text gallery-caption' id='gallery-1-10555'>\n\t\t\t\tVestidor (Espacio 35 Casa FOA 2014) \/ Grin, Kucher y Saban (\u00a9 Gustavo Rescia)\n\t\t\t\t<\/figcaption><\/figure><figure class='gallery-item'>\n\t\t\t<div class='gallery-icon portrait'>\n\t\t\t\t<a href='https:\/\/www.arquimaster.com.ar\/web\/wp-content\/uploads\/2014\/10\/espacio35_casafoa2014_17.jpg' title=\"Vestidor (Espacio 35 Casa FOA 2014) \/ Grin, Kucher y Saban (\u00a9 Gustavo Rescia)\" data-rl_title=\"Vestidor (Espacio 35 Casa FOA 2014) \/ Grin, Kucher y Saban (\u00a9 Gustavo Rescia)\" class=\"rl-gallery-link\" data-rl_caption=\"Vestidor (Espacio 35 Casa FOA 2014) \/ Grin, Kucher y Saban (\u00a9 Gustavo Rescia)\" data-rel=\"lightbox-gallery-1\"><img loading=\"lazy\" decoding=\"async\" width=\"150\" height=\"150\" src=\"https:\/\/www.arquimaster.com.ar\/web\/wp-content\/uploads\/2014\/10\/espacio35_casafoa2014_17-150x150.jpg\" class=\"attachment-thumbnail size-thumbnail\" alt=\"\" aria-describedby=\"gallery-1-10556\" srcset=\"https:\/\/www.arquimaster.com.ar\/web\/wp-content\/uploads\/2014\/10\/espacio35_casafoa2014_17-150x150.jpg 150w, https:\/\/www.arquimaster.com.ar\/web\/wp-content\/uploads\/2014\/10\/espacio35_casafoa2014_17-50x50.jpg 50w, https:\/\/www.arquimaster.com.ar\/web\/wp-content\/uploads\/2014\/10\/espacio35_casafoa2014_17-125x125.jpg 125w\" sizes=\"auto, (max-width: 150px) 100vw, 150px\" \/><\/a>\n\t\t\t<\/div>\n\t\t\t\t<figcaption class='wp-caption-text gallery-caption' id='gallery-1-10556'>\n\t\t\t\tVestidor (Espacio 35 Casa FOA 2014) \/ Grin, Kucher y Saban (\u00a9 Gustavo Rescia)\n\t\t\t\t<\/figcaption><\/figure><figure class='gallery-item'>\n\t\t\t<div class='gallery-icon landscape'>\n\t\t\t\t<a href='https:\/\/www.arquimaster.com.ar\/web\/wp-content\/uploads\/2014\/10\/espacio35_casafoa2014_18.jpg' title=\"Vestidor (Espacio 35 Casa FOA 2014) \/ Grin, Kucher y Saban (\u00a9 Gustavo Rescia)\" data-rl_title=\"Vestidor (Espacio 35 Casa FOA 2014) \/ Grin, Kucher y Saban (\u00a9 Gustavo Rescia)\" class=\"rl-gallery-link\" data-rl_caption=\"Vestidor (Espacio 35 Casa FOA 2014) \/ Grin, Kucher y Saban (\u00a9 Gustavo Rescia)\" data-rel=\"lightbox-gallery-1\"><img loading=\"lazy\" decoding=\"async\" width=\"150\" height=\"150\" src=\"https:\/\/www.arquimaster.com.ar\/web\/wp-content\/uploads\/2014\/10\/espacio35_casafoa2014_18-150x150.jpg\" class=\"attachment-thumbnail size-thumbnail\" alt=\"\" aria-describedby=\"gallery-1-10557\" srcset=\"https:\/\/www.arquimaster.com.ar\/web\/wp-content\/uploads\/2014\/10\/espacio35_casafoa2014_18-150x150.jpg 150w, https:\/\/www.arquimaster.com.ar\/web\/wp-content\/uploads\/2014\/10\/espacio35_casafoa2014_18-50x50.jpg 50w, https:\/\/www.arquimaster.com.ar\/web\/wp-content\/uploads\/2014\/10\/espacio35_casafoa2014_18-125x125.jpg 125w\" sizes=\"auto, (max-width: 150px) 100vw, 150px\" \/><\/a>\n\t\t\t<\/div>\n\t\t\t\t<figcaption class='wp-caption-text gallery-caption' id='gallery-1-10557'>\n\t\t\t\tVestidor (Espacio 35 Casa FOA 2014) \/ Grin, Kucher y Saban (\u00a9 Gustavo Rescia)\n\t\t\t\t<\/figcaption><\/figure><figure class='gallery-item'>\n\t\t\t<div class='gallery-icon portrait'>\n\t\t\t\t<a href='https:\/\/www.arquimaster.com.ar\/web\/wp-content\/uploads\/2014\/10\/espacio35_casafoa2014_19.jpg' title=\"Vestidor (Espacio 35 Casa FOA 2014) \/ Grin, Kucher y Saban (\u00a9 Gustavo Rescia)\" data-rl_title=\"Vestidor (Espacio 35 Casa FOA 2014) \/ Grin, Kucher y Saban (\u00a9 Gustavo Rescia)\" class=\"rl-gallery-link\" data-rl_caption=\"Vestidor (Espacio 35 Casa FOA 2014) \/ Grin, Kucher y Saban (\u00a9 Gustavo Rescia)\" data-rel=\"lightbox-gallery-1\"><img loading=\"lazy\" decoding=\"async\" width=\"150\" height=\"150\" src=\"https:\/\/www.arquimaster.com.ar\/web\/wp-content\/uploads\/2014\/10\/espacio35_casafoa2014_19-150x150.jpg\" class=\"attachment-thumbnail size-thumbnail\" alt=\"\" aria-describedby=\"gallery-1-10558\" srcset=\"https:\/\/www.arquimaster.com.ar\/web\/wp-content\/uploads\/2014\/10\/espacio35_casafoa2014_19-150x150.jpg 150w, https:\/\/www.arquimaster.com.ar\/web\/wp-content\/uploads\/2014\/10\/espacio35_casafoa2014_19-50x50.jpg 50w, https:\/\/www.arquimaster.com.ar\/web\/wp-content\/uploads\/2014\/10\/espacio35_casafoa2014_19-125x125.jpg 125w\" sizes=\"auto, (max-width: 150px) 100vw, 150px\" \/><\/a>\n\t\t\t<\/div>\n\t\t\t\t<figcaption class='wp-caption-text gallery-caption' id='gallery-1-10558'>\n\t\t\t\tVestidor (Espacio 35 Casa FOA 2014) \/ Grin, Kucher y Saban (\u00a9 Gustavo Rescia)\n\t\t\t\t<\/figcaption><\/figure><figure class='gallery-item'>\n\t\t\t<div class='gallery-icon landscape'>\n\t\t\t\t<a href='https:\/\/www.arquimaster.com.ar\/web\/wp-content\/uploads\/2014\/10\/espacio35_casafoa2014_20.jpg' title=\"Vestidor (Espacio 35 Casa FOA 2014) \/ Grin, Kucher y Saban (\u00a9 Gustavo Rescia)\" data-rl_title=\"Vestidor (Espacio 35 Casa FOA 2014) \/ Grin, Kucher y Saban (\u00a9 Gustavo Rescia)\" class=\"rl-gallery-link\" data-rl_caption=\"Vestidor (Espacio 35 Casa FOA 2014) \/ Grin, Kucher y Saban (\u00a9 Gustavo Rescia)\" data-rel=\"lightbox-gallery-1\"><img loading=\"lazy\" decoding=\"async\" width=\"150\" height=\"150\" src=\"https:\/\/www.arquimaster.com.ar\/web\/wp-content\/uploads\/2014\/10\/espacio35_casafoa2014_20-150x150.jpg\" class=\"attachment-thumbnail size-thumbnail\" alt=\"\" aria-describedby=\"gallery-1-10559\" srcset=\"https:\/\/www.arquimaster.com.ar\/web\/wp-content\/uploads\/2014\/10\/espacio35_casafoa2014_20-150x150.jpg 150w, https:\/\/www.arquimaster.com.ar\/web\/wp-content\/uploads\/2014\/10\/espacio35_casafoa2014_20-50x50.jpg 50w, https:\/\/www.arquimaster.com.ar\/web\/wp-content\/uploads\/2014\/10\/espacio35_casafoa2014_20-125x125.jpg 125w\" sizes=\"auto, (max-width: 150px) 100vw, 150px\" \/><\/a>\n\t\t\t<\/div>\n\t\t\t\t<figcaption class='wp-caption-text gallery-caption' id='gallery-1-10559'>\n\t\t\t\tVestidor (Espacio 35 Casa FOA 2014) \/ Grin, Kucher y Saban (\u00a9 Gustavo Rescia)\n\t\t\t\t<\/figcaption><\/figure><figure class='gallery-item'>\n\t\t\t<div class='gallery-icon portrait'>\n\t\t\t\t<a href='https:\/\/www.arquimaster.com.ar\/web\/wp-content\/uploads\/2014\/10\/espacio35_casafoa2014_21.jpg' title=\"Vestidor (Espacio 35 Casa FOA 2014) \/ Grin, Kucher y Saban (\u00a9 Gustavo Rescia)\" data-rl_title=\"Vestidor (Espacio 35 Casa FOA 2014) \/ Grin, Kucher y Saban (\u00a9 Gustavo Rescia)\" class=\"rl-gallery-link\" data-rl_caption=\"Vestidor (Espacio 35 Casa FOA 2014) \/ Grin, Kucher y Saban (\u00a9 Gustavo Rescia)\" data-rel=\"lightbox-gallery-1\"><img loading=\"lazy\" decoding=\"async\" width=\"150\" height=\"150\" src=\"https:\/\/www.arquimaster.com.ar\/web\/wp-content\/uploads\/2014\/10\/espacio35_casafoa2014_21-150x150.jpg\" class=\"attachment-thumbnail size-thumbnail\" alt=\"\" aria-describedby=\"gallery-1-10560\" srcset=\"https:\/\/www.arquimaster.com.ar\/web\/wp-content\/uploads\/2014\/10\/espacio35_casafoa2014_21-150x150.jpg 150w, https:\/\/www.arquimaster.com.ar\/web\/wp-content\/uploads\/2014\/10\/espacio35_casafoa2014_21-50x50.jpg 50w, https:\/\/www.arquimaster.com.ar\/web\/wp-content\/uploads\/2014\/10\/espacio35_casafoa2014_21-125x125.jpg 125w\" sizes=\"auto, (max-width: 150px) 100vw, 150px\" \/><\/a>\n\t\t\t<\/div>\n\t\t\t\t<figcaption class='wp-caption-text gallery-caption' id='gallery-1-10560'>\n\t\t\t\tVestidor (Espacio 35 Casa FOA 2014) \/ Grin, Kucher y Saban (\u00a9 Gustavo Rescia)\n\t\t\t\t<\/figcaption><\/figure><figure class='gallery-item'>\n\t\t\t<div class='gallery-icon portrait'>\n\t\t\t\t<a href='https:\/\/www.arquimaster.com.ar\/web\/wp-content\/uploads\/2014\/10\/espacio35_casafoa2014_22.jpg' title=\"Vestidor (Espacio 35 Casa FOA 2014) \/ Grin, Kucher y Saban (\u00a9 Gustavo Rescia)\" data-rl_title=\"Vestidor (Espacio 35 Casa FOA 2014) \/ Grin, Kucher y Saban (\u00a9 Gustavo Rescia)\" class=\"rl-gallery-link\" data-rl_caption=\"Vestidor (Espacio 35 Casa FOA 2014) \/ Grin, Kucher y Saban (\u00a9 Gustavo Rescia)\" data-rel=\"lightbox-gallery-1\"><img loading=\"lazy\" decoding=\"async\" width=\"150\" height=\"150\" src=\"https:\/\/www.arquimaster.com.ar\/web\/wp-content\/uploads\/2014\/10\/espacio35_casafoa2014_22-150x150.jpg\" class=\"attachment-thumbnail size-thumbnail\" alt=\"\" aria-describedby=\"gallery-1-10561\" srcset=\"https:\/\/www.arquimaster.com.ar\/web\/wp-content\/uploads\/2014\/10\/espacio35_casafoa2014_22-150x150.jpg 150w, https:\/\/www.arquimaster.com.ar\/web\/wp-content\/uploads\/2014\/10\/espacio35_casafoa2014_22-50x50.jpg 50w, https:\/\/www.arquimaster.com.ar\/web\/wp-content\/uploads\/2014\/10\/espacio35_casafoa2014_22-125x125.jpg 125w\" sizes=\"auto, (max-width: 150px) 100vw, 150px\" \/><\/a>\n\t\t\t<\/div>\n\t\t\t\t<figcaption class='wp-caption-text gallery-caption' id='gallery-1-10561'>\n\t\t\t\tVestidor (Espacio 35 Casa FOA 2014) \/ Grin, Kucher y Saban (\u00a9 Gustavo Rescia)\n\t\t\t\t<\/figcaption><\/figure><figure class='gallery-item'>\n\t\t\t<div class='gallery-icon portrait'>\n\t\t\t\t<a href='https:\/\/www.arquimaster.com.ar\/web\/wp-content\/uploads\/2014\/10\/espacio35_casafoa2014_23.jpg' title=\"Vestidor (Espacio 35 Casa FOA 2014) \/ Grin, Kucher y Saban (\u00a9 Casa FOA)\" data-rl_title=\"Vestidor (Espacio 35 Casa FOA 2014) \/ Grin, Kucher y Saban (\u00a9 Casa FOA)\" class=\"rl-gallery-link\" data-rl_caption=\"Vestidor (Espacio 35 Casa FOA 2014) \/ Grin, Kucher y Saban (\u00a9 Casa FOA)\" data-rel=\"lightbox-gallery-1\"><img loading=\"lazy\" decoding=\"async\" width=\"150\" height=\"150\" src=\"https:\/\/www.arquimaster.com.ar\/web\/wp-content\/uploads\/2014\/10\/espacio35_casafoa2014_23-150x150.jpg\" class=\"attachment-thumbnail size-thumbnail\" alt=\"\" aria-describedby=\"gallery-1-10562\" srcset=\"https:\/\/www.arquimaster.com.ar\/web\/wp-content\/uploads\/2014\/10\/espacio35_casafoa2014_23-150x150.jpg 150w, https:\/\/www.arquimaster.com.ar\/web\/wp-content\/uploads\/2014\/10\/espacio35_casafoa2014_23-50x50.jpg 50w, https:\/\/www.arquimaster.com.ar\/web\/wp-content\/uploads\/2014\/10\/espacio35_casafoa2014_23-125x125.jpg 125w\" sizes=\"auto, (max-width: 150px) 100vw, 150px\" \/><\/a>\n\t\t\t<\/div>\n\t\t\t\t<figcaption class='wp-caption-text gallery-caption' id='gallery-1-10562'>\n\t\t\t\tVestidor (Espacio 35 Casa FOA 2014) \/ Grin, Kucher y Saban (\u00a9 Casa FOA)\n\t\t\t\t<\/figcaption><\/figure>\n\t\t<\/div>\n\n<p>Esta vez tenemos la suerte de hacerlo en el \u00e1mbito del claustro de la abadia de San Benito un espacio \u00fanico, misterioso, secreto, desconocido para la mayor parte de los porte\u00f1os.<\/p>\n<p>Inspiradas en el perfil de nuestras clientas, mujeres modernas, cosmopolitas y resueltas en sus gustos, proyectamos \u00abGala\u00bb. El lugar adonde llegamos ya vestidas, a ponernos el toque final.<\/p>\n<p>Aquellos zapatos, carteras, sombreros, pa\u00f1uelos, lentes, bijoux, que durante a\u00f1os atesoramos despu\u00e9s de cada viaje, cumplea\u00f1os o aniversario y no ten\u00edan un lugar definido, ahora lo tendr\u00e1n.<\/p>\n<p>Un upgrade para nuestros placares y vestidores, concebido dentro de un espacio monacal y austero y pensado para almacenar tesoros.<\/p>\n<p>La intenci\u00f3n proyectual es acompa\u00f1ar la fuerte arquitectura de la sede (La Abad\u00eda) con una propuesta formal y funcional acorde con el entorno, respetando algunas formas tradicionalmente tipol\u00f3gicas como la b\u00f3veda de la cubierta.<\/p>\n<p>El dise\u00f1o de los muebles de Arquimadera sponsor de espacio, consta de una cinta de puertas de espejos de \u00abGlass Color\u00bb con sectores abiertos en melamina Kenya de Masisa, la caja color Vis\u00f3n, desmaterializa la presencia de las paredes y solo deja de manifiesto la geometr\u00eda del techo, quedando libre la b\u00f3veda.<\/p>\n<p>La iluminaci\u00f3n dise\u00f1ada por Ruben Amzel destaca y pone foco en las aristas y l\u00edneas verticales del mobiliario.<\/p>\n<p>Como elemento innovador incorporamos el concepto de tecnolog\u00eda para el espacio dom\u00e9stico: la dom\u00f3tica, a cargo de la firma Haustech casas inteligentes.<\/p>\n<p>Este novedoso sistema permite el control, la coordinaci\u00f3n y programaci\u00f3n de todas las funciones necesarias para lograr un espacio confortable.<\/p>\n<p>El piso de madera de Patagonia, Grey Stone 2, acompa\u00f1a con el color al dise\u00f1o general del espacio.<\/p>\n<p>Una cortina roller de Riel Americano tamiza la luz natural en el espacio.<\/p>\n<p><strong>Contacto<\/strong><br \/>\n<a title=\"Adriana Grin\" href=\"http:\/\/www.arquitectagrin.com\" target=\"_blank\">http:\/\/www.arquitectagrin.com<\/a><br \/>\n<a title=\"Arquimadera\" href=\"http:\/\/www.arquimadera.com\" target=\"_blank\">http:\/\/www.arquimadera.com<\/a><br \/>\n<a title=\"Rosana Saban\" href=\"http:\/\/www.estudiosaban.com\" target=\"_blank\">http:\/\/www.estudiosaban.com<\/a><\/p>\n<p>Fotos cortesia de Grin, Kucher y Saban<\/p>\n\n<div style=\"font-size: 0px; height: 0px; line-height: 0px; margin: 0; padding: 0; clear: both;\"><\/div><div style=\"margin-top: 0px; margin-bottom: 0px;\" class=\"sharethis-inline-share-buttons\" ><\/div>","protected":false},"excerpt":{"rendered":"<p>Concebido dentro de un espacio monacal y austero y pensado para almacenar tesoros&#8230;<\/p>\n","protected":false},"author":1,"featured_media":10539,"comment_status":"closed","ping_status":"closed","sticky":false,"template":"","format":"standard","meta":{"_uag_custom_page_level_css":"","footnotes":""},"categories":[2680,55],"tags":[2746,2749,2066,3524,37,1697,1401,2750,2681,2747,2748],"class_list":["post-10538","post","type-post","status-publish","format-standard","has-post-thumbnail","hentry","category-casa-foa-2014","category-diseno","tag-adriana-grin","tag-arquimadera","tag-casa-foa","tag-casa-foa-2014","tag-decoracion","tag-diseno-de-interiores","tag-foa","tag-haustech","tag-la-abadia","tag-monica-kucher","tag-rosana-saban","generate-columns","tablet-grid-50","mobile-grid-100","grid-parent","grid-50"],"yoast_head":"<!-- This site is optimized with the Yoast SEO plugin v27.3 - https:\/\/yoast.com\/product\/yoast-seo-wordpress\/ -->\n<title>Vestidor (Espacio 35 Casa FOA 2014) \/ Grin, Kucher y Saban - Arquimaster<\/title>\n<meta name=\"robots\" content=\"index, follow, max-snippet:-1, max-image-preview:large, max-video-preview:-1\" \/>\n<link rel=\"canonical\" href=\"https:\/\/www.arquimaster.com.ar\/web\/vestidor-espacio-35-casa-foa-2014-grin-kucher-y-saban\/\" \/>\n<meta property=\"og:locale\" content=\"es_ES\" \/>\n<meta property=\"og:type\" content=\"article\" \/>\n<meta property=\"og:title\" content=\"Vestidor (Espacio 35 Casa FOA 2014) \/ Grin, Kucher y Saban - Arquimaster\" \/>\n<meta property=\"og:description\" content=\"Concebido dentro de un espacio monacal y austero y pensado para almacenar tesoros...\" \/>\n<meta property=\"og:url\" content=\"https:\/\/www.arquimaster.com.ar\/web\/vestidor-espacio-35-casa-foa-2014-grin-kucher-y-saban\/\" \/>\n<meta property=\"og:site_name\" content=\"Arquimaster\" \/>\n<meta property=\"article:publisher\" content=\"http:\/\/www.facebook.com\/ARQUIMASTER.com.ar\" \/>\n<meta property=\"article:published_time\" content=\"2014-10-21T16:00:08+00:00\" \/>\n<meta property=\"article:modified_time\" content=\"2014-10-22T00:47:12+00:00\" \/>\n<meta property=\"og:image\" content=\"https:\/\/www.arquimaster.com.ar\/web\/wp-content\/uploads\/2014\/10\/espacio35_casafoa2014_slide.jpg\" \/>\n\t<meta property=\"og:image:width\" content=\"642\" \/>\n\t<meta property=\"og:image:height\" content=\"336\" \/>\n\t<meta property=\"og:image:type\" content=\"image\/jpeg\" \/>\n<meta name=\"author\" content=\"Arquimaster\" \/>\n<meta name=\"twitter:card\" content=\"summary_large_image\" \/>\n<meta name=\"twitter:creator\" content=\"@arquimaster\" \/>\n<meta name=\"twitter:site\" content=\"@arquimaster\" \/>\n<meta name=\"twitter:label1\" content=\"Escrito por\" \/>\n\t<meta name=\"twitter:data1\" content=\"Arquimaster\" \/>\n\t<meta name=\"twitter:label2\" content=\"Tiempo de lectura\" \/>\n\t<meta name=\"twitter:data2\" content=\"2 minutos\" \/>\n<script type=\"application\/ld+json\" class=\"yoast-schema-graph\">{\"@context\":\"https:\\\/\\\/schema.org\",\"@graph\":[{\"@type\":\"Article\",\"@id\":\"https:\\\/\\\/www.arquimaster.com.ar\\\/web\\\/vestidor-espacio-35-casa-foa-2014-grin-kucher-y-saban\\\/#article\",\"isPartOf\":{\"@id\":\"https:\\\/\\\/www.arquimaster.com.ar\\\/web\\\/vestidor-espacio-35-casa-foa-2014-grin-kucher-y-saban\\\/\"},\"author\":{\"name\":\"Arquimaster\",\"@id\":\"https:\\\/\\\/www.arquimaster.com.ar\\\/web\\\/#\\\/schema\\\/person\\\/359e9f7c00193fcde068e0dd2ceb0028\"},\"headline\":\"Vestidor (Espacio 35 Casa FOA 2014) \\\/ Grin, Kucher y Saban\",\"datePublished\":\"2014-10-21T16:00:08+00:00\",\"dateModified\":\"2014-10-22T00:47:12+00:00\",\"mainEntityOfPage\":{\"@id\":\"https:\\\/\\\/www.arquimaster.com.ar\\\/web\\\/vestidor-espacio-35-casa-foa-2014-grin-kucher-y-saban\\\/\"},\"wordCount\":383,\"publisher\":{\"@id\":\"https:\\\/\\\/www.arquimaster.com.ar\\\/web\\\/#organization\"},\"image\":{\"@id\":\"https:\\\/\\\/www.arquimaster.com.ar\\\/web\\\/vestidor-espacio-35-casa-foa-2014-grin-kucher-y-saban\\\/#primaryimage\"},\"thumbnailUrl\":\"https:\\\/\\\/www.arquimaster.com.ar\\\/web\\\/wp-content\\\/uploads\\\/2014\\\/10\\\/espacio35_casafoa2014_slide.jpg\",\"keywords\":[\"Adriana Grin\",\"Arquimadera\",\"Casa FOA\",\"Casa FOA 2014\",\"decoracion\",\"dise\u00f1o de interiores\",\"FOA\",\"Haustech\",\"La Abadia\",\"M\u00f3nica Kucher\",\"Rosana Saban\"],\"articleSection\":[\"Casa FOA 2014\",\"Dise\u00f1o\"],\"inLanguage\":\"es\"},{\"@type\":\"WebPage\",\"@id\":\"https:\\\/\\\/www.arquimaster.com.ar\\\/web\\\/vestidor-espacio-35-casa-foa-2014-grin-kucher-y-saban\\\/\",\"url\":\"https:\\\/\\\/www.arquimaster.com.ar\\\/web\\\/vestidor-espacio-35-casa-foa-2014-grin-kucher-y-saban\\\/\",\"name\":\"Vestidor (Espacio 35 Casa FOA 2014) \\\/ Grin, Kucher y Saban - Arquimaster\",\"isPartOf\":{\"@id\":\"https:\\\/\\\/www.arquimaster.com.ar\\\/web\\\/#website\"},\"primaryImageOfPage\":{\"@id\":\"https:\\\/\\\/www.arquimaster.com.ar\\\/web\\\/vestidor-espacio-35-casa-foa-2014-grin-kucher-y-saban\\\/#primaryimage\"},\"image\":{\"@id\":\"https:\\\/\\\/www.arquimaster.com.ar\\\/web\\\/vestidor-espacio-35-casa-foa-2014-grin-kucher-y-saban\\\/#primaryimage\"},\"thumbnailUrl\":\"https:\\\/\\\/www.arquimaster.com.ar\\\/web\\\/wp-content\\\/uploads\\\/2014\\\/10\\\/espacio35_casafoa2014_slide.jpg\",\"datePublished\":\"2014-10-21T16:00:08+00:00\",\"dateModified\":\"2014-10-22T00:47:12+00:00\",\"breadcrumb\":{\"@id\":\"https:\\\/\\\/www.arquimaster.com.ar\\\/web\\\/vestidor-espacio-35-casa-foa-2014-grin-kucher-y-saban\\\/#breadcrumb\"},\"inLanguage\":\"es\",\"potentialAction\":[{\"@type\":\"ReadAction\",\"target\":[\"https:\\\/\\\/www.arquimaster.com.ar\\\/web\\\/vestidor-espacio-35-casa-foa-2014-grin-kucher-y-saban\\\/\"]}]},{\"@type\":\"ImageObject\",\"inLanguage\":\"es\",\"@id\":\"https:\\\/\\\/www.arquimaster.com.ar\\\/web\\\/vestidor-espacio-35-casa-foa-2014-grin-kucher-y-saban\\\/#primaryimage\",\"url\":\"https:\\\/\\\/www.arquimaster.com.ar\\\/web\\\/wp-content\\\/uploads\\\/2014\\\/10\\\/espacio35_casafoa2014_slide.jpg\",\"contentUrl\":\"https:\\\/\\\/www.arquimaster.com.ar\\\/web\\\/wp-content\\\/uploads\\\/2014\\\/10\\\/espacio35_casafoa2014_slide.jpg\",\"width\":642,\"height\":336},{\"@type\":\"BreadcrumbList\",\"@id\":\"https:\\\/\\\/www.arquimaster.com.ar\\\/web\\\/vestidor-espacio-35-casa-foa-2014-grin-kucher-y-saban\\\/#breadcrumb\",\"itemListElement\":[{\"@type\":\"ListItem\",\"position\":1,\"name\":\"Portada\",\"item\":\"https:\\\/\\\/www.arquimaster.com.ar\\\/web\\\/\"},{\"@type\":\"ListItem\",\"position\":2,\"name\":\"Vestidor (Espacio 35 Casa FOA 2014) \\\/ Grin, Kucher y Saban\"}]},{\"@type\":\"WebSite\",\"@id\":\"https:\\\/\\\/www.arquimaster.com.ar\\\/web\\\/#website\",\"url\":\"https:\\\/\\\/www.arquimaster.com.ar\\\/web\\\/\",\"name\":\"Arquimaster\",\"description\":\"Web de arquitectura, dise\u00f1o y construccion\",\"publisher\":{\"@id\":\"https:\\\/\\\/www.arquimaster.com.ar\\\/web\\\/#organization\"},\"potentialAction\":[{\"@type\":\"SearchAction\",\"target\":{\"@type\":\"EntryPoint\",\"urlTemplate\":\"https:\\\/\\\/www.arquimaster.com.ar\\\/web\\\/?s={search_term_string}\"},\"query-input\":{\"@type\":\"PropertyValueSpecification\",\"valueRequired\":true,\"valueName\":\"search_term_string\"}}],\"inLanguage\":\"es\"},{\"@type\":\"Organization\",\"@id\":\"https:\\\/\\\/www.arquimaster.com.ar\\\/web\\\/#organization\",\"name\":\"Arquimaster\",\"url\":\"https:\\\/\\\/www.arquimaster.com.ar\\\/web\\\/\",\"logo\":{\"@type\":\"ImageObject\",\"inLanguage\":\"es\",\"@id\":\"https:\\\/\\\/www.arquimaster.com.ar\\\/web\\\/#\\\/schema\\\/logo\\\/image\\\/\",\"url\":\"https:\\\/\\\/www.arquimaster.com.ar\\\/web\\\/wp-content\\\/uploads\\\/2022\\\/06\\\/arquimaster.png\",\"contentUrl\":\"https:\\\/\\\/www.arquimaster.com.ar\\\/web\\\/wp-content\\\/uploads\\\/2022\\\/06\\\/arquimaster.png\",\"width\":594,\"height\":78,\"caption\":\"Arquimaster\"},\"image\":{\"@id\":\"https:\\\/\\\/www.arquimaster.com.ar\\\/web\\\/#\\\/schema\\\/logo\\\/image\\\/\"},\"sameAs\":[\"http:\\\/\\\/www.facebook.com\\\/ARQUIMASTER.com.ar\",\"https:\\\/\\\/x.com\\\/arquimaster\",\"https:\\\/\\\/www.instagram.com\\\/arquimasterblog\\\/\",\"https:\\\/\\\/www.linkedin.com\\\/company\\\/arquimaster\",\"https:\\\/\\\/www.pinterest.com\\\/arquimaster\",\"https:\\\/\\\/t.me\\\/arquimaster\"]},{\"@type\":\"Person\",\"@id\":\"https:\\\/\\\/www.arquimaster.com.ar\\\/web\\\/#\\\/schema\\\/person\\\/359e9f7c00193fcde068e0dd2ceb0028\",\"name\":\"Arquimaster\"}]}<\/script>\n<!-- \/ Yoast SEO plugin. -->","yoast_head_json":{"title":"Vestidor (Espacio 35 Casa FOA 2014) \/ Grin, Kucher y Saban - Arquimaster","robots":{"index":"index","follow":"follow","max-snippet":"max-snippet:-1","max-image-preview":"max-image-preview:large","max-video-preview":"max-video-preview:-1"},"canonical":"https:\/\/www.arquimaster.com.ar\/web\/vestidor-espacio-35-casa-foa-2014-grin-kucher-y-saban\/","og_locale":"es_ES","og_type":"article","og_title":"Vestidor (Espacio 35 Casa FOA 2014) \/ Grin, Kucher y Saban - Arquimaster","og_description":"Concebido dentro de un espacio monacal y austero y pensado para almacenar tesoros...","og_url":"https:\/\/www.arquimaster.com.ar\/web\/vestidor-espacio-35-casa-foa-2014-grin-kucher-y-saban\/","og_site_name":"Arquimaster","article_publisher":"http:\/\/www.facebook.com\/ARQUIMASTER.com.ar","article_published_time":"2014-10-21T16:00:08+00:00","article_modified_time":"2014-10-22T00:47:12+00:00","og_image":[{"width":642,"height":336,"url":"https:\/\/www.arquimaster.com.ar\/web\/wp-content\/uploads\/2014\/10\/espacio35_casafoa2014_slide.jpg","type":"image\/jpeg"}],"author":"Arquimaster","twitter_card":"summary_large_image","twitter_creator":"@arquimaster","twitter_site":"@arquimaster","twitter_misc":{"Escrito por":"Arquimaster","Tiempo de lectura":"2 minutos"},"schema":{"@context":"https:\/\/schema.org","@graph":[{"@type":"Article","@id":"https:\/\/www.arquimaster.com.ar\/web\/vestidor-espacio-35-casa-foa-2014-grin-kucher-y-saban\/#article","isPartOf":{"@id":"https:\/\/www.arquimaster.com.ar\/web\/vestidor-espacio-35-casa-foa-2014-grin-kucher-y-saban\/"},"author":{"name":"Arquimaster","@id":"https:\/\/www.arquimaster.com.ar\/web\/#\/schema\/person\/359e9f7c00193fcde068e0dd2ceb0028"},"headline":"Vestidor (Espacio 35 Casa FOA 2014) \/ Grin, Kucher y Saban","datePublished":"2014-10-21T16:00:08+00:00","dateModified":"2014-10-22T00:47:12+00:00","mainEntityOfPage":{"@id":"https:\/\/www.arquimaster.com.ar\/web\/vestidor-espacio-35-casa-foa-2014-grin-kucher-y-saban\/"},"wordCount":383,"publisher":{"@id":"https:\/\/www.arquimaster.com.ar\/web\/#organization"},"image":{"@id":"https:\/\/www.arquimaster.com.ar\/web\/vestidor-espacio-35-casa-foa-2014-grin-kucher-y-saban\/#primaryimage"},"thumbnailUrl":"https:\/\/www.arquimaster.com.ar\/web\/wp-content\/uploads\/2014\/10\/espacio35_casafoa2014_slide.jpg","keywords":["Adriana Grin","Arquimadera","Casa FOA","Casa FOA 2014","decoracion","dise\u00f1o de interiores","FOA","Haustech","La Abadia","M\u00f3nica Kucher","Rosana Saban"],"articleSection":["Casa FOA 2014","Dise\u00f1o"],"inLanguage":"es"},{"@type":"WebPage","@id":"https:\/\/www.arquimaster.com.ar\/web\/vestidor-espacio-35-casa-foa-2014-grin-kucher-y-saban\/","url":"https:\/\/www.arquimaster.com.ar\/web\/vestidor-espacio-35-casa-foa-2014-grin-kucher-y-saban\/","name":"Vestidor (Espacio 35 Casa FOA 2014) \/ Grin, Kucher y Saban - Arquimaster","isPartOf":{"@id":"https:\/\/www.arquimaster.com.ar\/web\/#website"},"primaryImageOfPage":{"@id":"https:\/\/www.arquimaster.com.ar\/web\/vestidor-espacio-35-casa-foa-2014-grin-kucher-y-saban\/#primaryimage"},"image":{"@id":"https:\/\/www.arquimaster.com.ar\/web\/vestidor-espacio-35-casa-foa-2014-grin-kucher-y-saban\/#primaryimage"},"thumbnailUrl":"https:\/\/www.arquimaster.com.ar\/web\/wp-content\/uploads\/2014\/10\/espacio35_casafoa2014_slide.jpg","datePublished":"2014-10-21T16:00:08+00:00","dateModified":"2014-10-22T00:47:12+00:00","breadcrumb":{"@id":"https:\/\/www.arquimaster.com.ar\/web\/vestidor-espacio-35-casa-foa-2014-grin-kucher-y-saban\/#breadcrumb"},"inLanguage":"es","potentialAction":[{"@type":"ReadAction","target":["https:\/\/www.arquimaster.com.ar\/web\/vestidor-espacio-35-casa-foa-2014-grin-kucher-y-saban\/"]}]},{"@type":"ImageObject","inLanguage":"es","@id":"https:\/\/www.arquimaster.com.ar\/web\/vestidor-espacio-35-casa-foa-2014-grin-kucher-y-saban\/#primaryimage","url":"https:\/\/www.arquimaster.com.ar\/web\/wp-content\/uploads\/2014\/10\/espacio35_casafoa2014_slide.jpg","contentUrl":"https:\/\/www.arquimaster.com.ar\/web\/wp-content\/uploads\/2014\/10\/espacio35_casafoa2014_slide.jpg","width":642,"height":336},{"@type":"BreadcrumbList","@id":"https:\/\/www.arquimaster.com.ar\/web\/vestidor-espacio-35-casa-foa-2014-grin-kucher-y-saban\/#breadcrumb","itemListElement":[{"@type":"ListItem","position":1,"name":"Portada","item":"https:\/\/www.arquimaster.com.ar\/web\/"},{"@type":"ListItem","position":2,"name":"Vestidor (Espacio 35 Casa FOA 2014) \/ Grin, Kucher y Saban"}]},{"@type":"WebSite","@id":"https:\/\/www.arquimaster.com.ar\/web\/#website","url":"https:\/\/www.arquimaster.com.ar\/web\/","name":"Arquimaster","description":"Web de arquitectura, dise\u00f1o y construccion","publisher":{"@id":"https:\/\/www.arquimaster.com.ar\/web\/#organization"},"potentialAction":[{"@type":"SearchAction","target":{"@type":"EntryPoint","urlTemplate":"https:\/\/www.arquimaster.com.ar\/web\/?s={search_term_string}"},"query-input":{"@type":"PropertyValueSpecification","valueRequired":true,"valueName":"search_term_string"}}],"inLanguage":"es"},{"@type":"Organization","@id":"https:\/\/www.arquimaster.com.ar\/web\/#organization","name":"Arquimaster","url":"https:\/\/www.arquimaster.com.ar\/web\/","logo":{"@type":"ImageObject","inLanguage":"es","@id":"https:\/\/www.arquimaster.com.ar\/web\/#\/schema\/logo\/image\/","url":"https:\/\/www.arquimaster.com.ar\/web\/wp-content\/uploads\/2022\/06\/arquimaster.png","contentUrl":"https:\/\/www.arquimaster.com.ar\/web\/wp-content\/uploads\/2022\/06\/arquimaster.png","width":594,"height":78,"caption":"Arquimaster"},"image":{"@id":"https:\/\/www.arquimaster.com.ar\/web\/#\/schema\/logo\/image\/"},"sameAs":["http:\/\/www.facebook.com\/ARQUIMASTER.com.ar","https:\/\/x.com\/arquimaster","https:\/\/www.instagram.com\/arquimasterblog\/","https:\/\/www.linkedin.com\/company\/arquimaster","https:\/\/www.pinterest.com\/arquimaster","https:\/\/t.me\/arquimaster"]},{"@type":"Person","@id":"https:\/\/www.arquimaster.com.ar\/web\/#\/schema\/person\/359e9f7c00193fcde068e0dd2ceb0028","name":"Arquimaster"}]}},"uagb_featured_image_src":{"full":["https:\/\/www.arquimaster.com.ar\/web\/wp-content\/uploads\/2014\/10\/espacio35_casafoa2014_slide.jpg",642,336,false],"thumbnail":["https:\/\/www.arquimaster.com.ar\/web\/wp-content\/uploads\/2014\/10\/espacio35_casafoa2014_slide-150x150.jpg",150,150,true],"medium":["https:\/\/www.arquimaster.com.ar\/web\/wp-content\/uploads\/2014\/10\/espacio35_casafoa2014_slide-300x157.jpg",300,157,true],"medium_large":["https:\/\/www.arquimaster.com.ar\/web\/wp-content\/uploads\/2014\/10\/espacio35_casafoa2014_slide.jpg",642,336,false],"large":["https:\/\/www.arquimaster.com.ar\/web\/wp-content\/uploads\/2014\/10\/espacio35_casafoa2014_slide.jpg",642,336,false],"1536x1536":["https:\/\/www.arquimaster.com.ar\/web\/wp-content\/uploads\/2014\/10\/espacio35_casafoa2014_slide.jpg",642,336,false],"2048x2048":["https:\/\/www.arquimaster.com.ar\/web\/wp-content\/uploads\/2014\/10\/espacio35_casafoa2014_slide.jpg",642,336,false]},"uagb_author_info":{"display_name":"Arquimaster","author_link":"https:\/\/www.arquimaster.com.ar\/web\/author\/arquimaster\/"},"uagb_comment_info":0,"uagb_excerpt":"Concebido dentro de un espacio monacal y austero y pensado para almacenar tesoros...","_links":{"self":[{"href":"https:\/\/www.arquimaster.com.ar\/web\/wp-json\/wp\/v2\/posts\/10538","targetHints":{"allow":["GET"]}}],"collection":[{"href":"https:\/\/www.arquimaster.com.ar\/web\/wp-json\/wp\/v2\/posts"}],"about":[{"href":"https:\/\/www.arquimaster.com.ar\/web\/wp-json\/wp\/v2\/types\/post"}],"author":[{"embeddable":true,"href":"https:\/\/www.arquimaster.com.ar\/web\/wp-json\/wp\/v2\/users\/1"}],"replies":[{"embeddable":true,"href":"https:\/\/www.arquimaster.com.ar\/web\/wp-json\/wp\/v2\/comments?post=10538"}],"version-history":[{"count":0,"href":"https:\/\/www.arquimaster.com.ar\/web\/wp-json\/wp\/v2\/posts\/10538\/revisions"}],"wp:featuredmedia":[{"embeddable":true,"href":"https:\/\/www.arquimaster.com.ar\/web\/wp-json\/wp\/v2\/media\/10539"}],"wp:attachment":[{"href":"https:\/\/www.arquimaster.com.ar\/web\/wp-json\/wp\/v2\/media?parent=10538"}],"wp:term":[{"taxonomy":"category","embeddable":true,"href":"https:\/\/www.arquimaster.com.ar\/web\/wp-json\/wp\/v2\/categories?post=10538"},{"taxonomy":"post_tag","embeddable":true,"href":"https:\/\/www.arquimaster.com.ar\/web\/wp-json\/wp\/v2\/tags?post=10538"}],"curies":[{"name":"wp","href":"https:\/\/api.w.org\/{rel}","templated":true}]}}