{"id":10565,"date":"2014-10-21T18:00:06","date_gmt":"2014-10-21T18:00:06","guid":{"rendered":"http:\/\/www.arquimaster.com.ar\/web\/?p=10565"},"modified":"2014-10-22T01:25:38","modified_gmt":"2014-10-22T01:25:38","slug":"tienda-espacio-46-casa-foa-2014-matealbino","status":"publish","type":"post","link":"https:\/\/www.arquimaster.com.ar\/web\/tienda-espacio-46-casa-foa-2014-matealbino\/","title":{"rendered":"Tienda (Espacio 46 Casa FOA 2014) \/ Matealbino"},"content":{"rendered":"<div style=\"margin-top: 0px; margin-bottom: 0px;\" class=\"sharethis-inline-share-buttons\" ><\/div><div class=\"b812932af2e751442846f039925109de\" data-index=\"1\" style=\"float: none; margin:25px 0 25px 0; text-align:center;\">\n<script async src=\"https:\/\/pagead2.googlesyndication.com\/pagead\/js\/adsbygoogle.js\"><\/script>\r\n<!-- Arquimaster (superior) -->\r\n<ins class=\"adsbygoogle\"\r\n     style=\"display:block\"\r\n     data-ad-client=\"ca-pub-6351072698456832\"\r\n     data-ad-slot=\"6455489680\"\r\n     data-ad-format=\"auto\"\r\n     data-full-width-responsive=\"true\"><\/ins>\r\n<script>\r\n     (adsbygoogle = window.adsbygoogle || []).push({});\r\n<\/script>\n<\/div>\n<p><strong>Tienda<\/strong> (Espacio 46 Casa FOA 2014 La Abadia) por <strong>Matealbino arquitectura<\/strong> (Lucia Guerberoff y Daniela Bortz). El espacio es la tienda donde se venden los productos de tres marcas: <strong>Violraviol<\/strong>, <strong>Pebeta Teta<\/strong> y <strong>Surtout<\/strong>.<\/p>\n<div id='gallery-1' class='gallery galleryid-10565 gallery-columns-3 gallery-size-thumbnail'><figure class='gallery-item'>\n\t\t\t<div class='gallery-icon portrait'>\n\t\t\t\t<a href='https:\/\/www.arquimaster.com.ar\/web\/wp-content\/uploads\/2014\/10\/espacio46_casafoa2014_1.jpg' title=\"Tienda (Espacio 46 Casa FOA 2014) \/ Matealbino (\u00a9 Federico Kulekdjian)\" data-rl_title=\"Tienda (Espacio 46 Casa FOA 2014) \/ Matealbino (\u00a9 Federico Kulekdjian)\" class=\"rl-gallery-link\" data-rl_caption=\"Tienda (Espacio 46 Casa FOA 2014) \/ Matealbino (\u00a9 Federico Kulekdjian)\" data-rel=\"lightbox-gallery-1\"><img loading=\"lazy\" decoding=\"async\" width=\"150\" height=\"150\" src=\"https:\/\/www.arquimaster.com.ar\/web\/wp-content\/uploads\/2014\/10\/espacio46_casafoa2014_1-150x150.jpg\" class=\"attachment-thumbnail size-thumbnail\" alt=\"\" aria-describedby=\"gallery-1-10567\" srcset=\"https:\/\/www.arquimaster.com.ar\/web\/wp-content\/uploads\/2014\/10\/espacio46_casafoa2014_1-150x150.jpg 150w, https:\/\/www.arquimaster.com.ar\/web\/wp-content\/uploads\/2014\/10\/espacio46_casafoa2014_1-50x50.jpg 50w, https:\/\/www.arquimaster.com.ar\/web\/wp-content\/uploads\/2014\/10\/espacio46_casafoa2014_1-125x125.jpg 125w\" sizes=\"auto, (max-width: 150px) 100vw, 150px\" \/><\/a>\n\t\t\t<\/div>\n\t\t\t\t<figcaption class='wp-caption-text gallery-caption' id='gallery-1-10567'>\n\t\t\t\tTienda (Espacio 46 Casa FOA 2014) \/ Matealbino (\u00a9 Federico Kulekdjian)\n\t\t\t\t<\/figcaption><\/figure><figure class='gallery-item'>\n\t\t\t<div class='gallery-icon portrait'>\n\t\t\t\t<a href='https:\/\/www.arquimaster.com.ar\/web\/wp-content\/uploads\/2014\/10\/espacio46_casafoa2014_2.jpg' title=\"Tienda (Espacio 46 Casa FOA 2014) \/ Matealbino (\u00a9 Federico Kulekdjian)\" data-rl_title=\"Tienda (Espacio 46 Casa FOA 2014) \/ Matealbino (\u00a9 Federico Kulekdjian)\" class=\"rl-gallery-link\" data-rl_caption=\"Tienda (Espacio 46 Casa FOA 2014) \/ Matealbino (\u00a9 Federico Kulekdjian)\" data-rel=\"lightbox-gallery-1\"><img loading=\"lazy\" decoding=\"async\" width=\"150\" height=\"150\" src=\"https:\/\/www.arquimaster.com.ar\/web\/wp-content\/uploads\/2014\/10\/espacio46_casafoa2014_2-150x150.jpg\" class=\"attachment-thumbnail size-thumbnail\" alt=\"\" aria-describedby=\"gallery-1-10568\" srcset=\"https:\/\/www.arquimaster.com.ar\/web\/wp-content\/uploads\/2014\/10\/espacio46_casafoa2014_2-150x150.jpg 150w, https:\/\/www.arquimaster.com.ar\/web\/wp-content\/uploads\/2014\/10\/espacio46_casafoa2014_2-50x50.jpg 50w, https:\/\/www.arquimaster.com.ar\/web\/wp-content\/uploads\/2014\/10\/espacio46_casafoa2014_2-125x125.jpg 125w\" sizes=\"auto, (max-width: 150px) 100vw, 150px\" \/><\/a>\n\t\t\t<\/div>\n\t\t\t\t<figcaption class='wp-caption-text gallery-caption' id='gallery-1-10568'>\n\t\t\t\tTienda (Espacio 46 Casa FOA 2014) \/ Matealbino (\u00a9 Federico Kulekdjian)\n\t\t\t\t<\/figcaption><\/figure><figure class='gallery-item'>\n\t\t\t<div class='gallery-icon portrait'>\n\t\t\t\t<a href='https:\/\/www.arquimaster.com.ar\/web\/wp-content\/uploads\/2014\/10\/espacio46_casafoa2014_3.jpg' title=\"Tienda (Espacio 46 Casa FOA 2014) \/ Matealbino (\u00a9 Federico Kulekdjian)\" data-rl_title=\"Tienda (Espacio 46 Casa FOA 2014) \/ Matealbino (\u00a9 Federico Kulekdjian)\" class=\"rl-gallery-link\" data-rl_caption=\"Tienda (Espacio 46 Casa FOA 2014) \/ Matealbino (\u00a9 Federico Kulekdjian)\" data-rel=\"lightbox-gallery-1\"><img loading=\"lazy\" decoding=\"async\" width=\"150\" height=\"150\" src=\"https:\/\/www.arquimaster.com.ar\/web\/wp-content\/uploads\/2014\/10\/espacio46_casafoa2014_3-150x150.jpg\" class=\"attachment-thumbnail size-thumbnail\" alt=\"\" aria-describedby=\"gallery-1-10569\" srcset=\"https:\/\/www.arquimaster.com.ar\/web\/wp-content\/uploads\/2014\/10\/espacio46_casafoa2014_3-150x150.jpg 150w, https:\/\/www.arquimaster.com.ar\/web\/wp-content\/uploads\/2014\/10\/espacio46_casafoa2014_3-50x50.jpg 50w, https:\/\/www.arquimaster.com.ar\/web\/wp-content\/uploads\/2014\/10\/espacio46_casafoa2014_3-125x125.jpg 125w\" sizes=\"auto, (max-width: 150px) 100vw, 150px\" \/><\/a>\n\t\t\t<\/div>\n\t\t\t\t<figcaption class='wp-caption-text gallery-caption' id='gallery-1-10569'>\n\t\t\t\tTienda (Espacio 46 Casa FOA 2014) \/ Matealbino (\u00a9 Federico Kulekdjian)\n\t\t\t\t<\/figcaption><\/figure><figure class='gallery-item'>\n\t\t\t<div class='gallery-icon landscape'>\n\t\t\t\t<a href='https:\/\/www.arquimaster.com.ar\/web\/wp-content\/uploads\/2014\/10\/espacio46_casafoa2014_4.jpg' title=\"Tienda (Espacio 46 Casa FOA 2014) \/ Matealbino (\u00a9 Federico Kulekdjian)\" data-rl_title=\"Tienda (Espacio 46 Casa FOA 2014) \/ Matealbino (\u00a9 Federico Kulekdjian)\" class=\"rl-gallery-link\" data-rl_caption=\"Tienda (Espacio 46 Casa FOA 2014) \/ Matealbino (\u00a9 Federico Kulekdjian)\" data-rel=\"lightbox-gallery-1\"><img loading=\"lazy\" decoding=\"async\" width=\"150\" height=\"150\" src=\"https:\/\/www.arquimaster.com.ar\/web\/wp-content\/uploads\/2014\/10\/espacio46_casafoa2014_4-150x150.jpg\" class=\"attachment-thumbnail size-thumbnail\" alt=\"\" aria-describedby=\"gallery-1-10570\" srcset=\"https:\/\/www.arquimaster.com.ar\/web\/wp-content\/uploads\/2014\/10\/espacio46_casafoa2014_4-150x150.jpg 150w, https:\/\/www.arquimaster.com.ar\/web\/wp-content\/uploads\/2014\/10\/espacio46_casafoa2014_4-50x50.jpg 50w, https:\/\/www.arquimaster.com.ar\/web\/wp-content\/uploads\/2014\/10\/espacio46_casafoa2014_4-125x125.jpg 125w\" sizes=\"auto, (max-width: 150px) 100vw, 150px\" \/><\/a>\n\t\t\t<\/div>\n\t\t\t\t<figcaption class='wp-caption-text gallery-caption' id='gallery-1-10570'>\n\t\t\t\tTienda (Espacio 46 Casa FOA 2014) \/ Matealbino (\u00a9 Federico Kulekdjian)\n\t\t\t\t<\/figcaption><\/figure><figure class='gallery-item'>\n\t\t\t<div class='gallery-icon landscape'>\n\t\t\t\t<a href='https:\/\/www.arquimaster.com.ar\/web\/wp-content\/uploads\/2014\/10\/espacio46_casafoa2014_5.jpg' title=\"Tienda (Espacio 46 Casa FOA 2014) \/ Matealbino (\u00a9 Federico Kulekdjian)\" data-rl_title=\"Tienda (Espacio 46 Casa FOA 2014) \/ Matealbino (\u00a9 Federico Kulekdjian)\" class=\"rl-gallery-link\" data-rl_caption=\"Tienda (Espacio 46 Casa FOA 2014) \/ Matealbino (\u00a9 Federico Kulekdjian)\" data-rel=\"lightbox-gallery-1\"><img loading=\"lazy\" decoding=\"async\" width=\"150\" height=\"150\" src=\"https:\/\/www.arquimaster.com.ar\/web\/wp-content\/uploads\/2014\/10\/espacio46_casafoa2014_5-150x150.jpg\" class=\"attachment-thumbnail size-thumbnail\" alt=\"\" aria-describedby=\"gallery-1-10571\" srcset=\"https:\/\/www.arquimaster.com.ar\/web\/wp-content\/uploads\/2014\/10\/espacio46_casafoa2014_5-150x150.jpg 150w, https:\/\/www.arquimaster.com.ar\/web\/wp-content\/uploads\/2014\/10\/espacio46_casafoa2014_5-50x50.jpg 50w, https:\/\/www.arquimaster.com.ar\/web\/wp-content\/uploads\/2014\/10\/espacio46_casafoa2014_5-125x125.jpg 125w\" sizes=\"auto, (max-width: 150px) 100vw, 150px\" \/><\/a>\n\t\t\t<\/div>\n\t\t\t\t<figcaption class='wp-caption-text gallery-caption' id='gallery-1-10571'>\n\t\t\t\tTienda (Espacio 46 Casa FOA 2014) \/ Matealbino (\u00a9 Federico Kulekdjian)\n\t\t\t\t<\/figcaption><\/figure><figure class='gallery-item'>\n\t\t\t<div class='gallery-icon landscape'>\n\t\t\t\t<a href='https:\/\/www.arquimaster.com.ar\/web\/wp-content\/uploads\/2014\/10\/espacio46_casafoa2014_6.jpg' title=\"Tienda (Espacio 46 Casa FOA 2014) \/ Matealbino (\u00a9 Federico Kulekdjian)\" data-rl_title=\"Tienda (Espacio 46 Casa FOA 2014) \/ Matealbino (\u00a9 Federico Kulekdjian)\" class=\"rl-gallery-link\" data-rl_caption=\"Tienda (Espacio 46 Casa FOA 2014) \/ Matealbino (\u00a9 Federico Kulekdjian)\" data-rel=\"lightbox-gallery-1\"><img loading=\"lazy\" decoding=\"async\" width=\"150\" height=\"150\" src=\"https:\/\/www.arquimaster.com.ar\/web\/wp-content\/uploads\/2014\/10\/espacio46_casafoa2014_6-150x150.jpg\" class=\"attachment-thumbnail size-thumbnail\" alt=\"\" aria-describedby=\"gallery-1-10572\" srcset=\"https:\/\/www.arquimaster.com.ar\/web\/wp-content\/uploads\/2014\/10\/espacio46_casafoa2014_6-150x150.jpg 150w, https:\/\/www.arquimaster.com.ar\/web\/wp-content\/uploads\/2014\/10\/espacio46_casafoa2014_6-50x50.jpg 50w, https:\/\/www.arquimaster.com.ar\/web\/wp-content\/uploads\/2014\/10\/espacio46_casafoa2014_6-125x125.jpg 125w\" sizes=\"auto, (max-width: 150px) 100vw, 150px\" \/><\/a>\n\t\t\t<\/div>\n\t\t\t\t<figcaption class='wp-caption-text gallery-caption' id='gallery-1-10572'>\n\t\t\t\tTienda (Espacio 46 Casa FOA 2014) \/ Matealbino (\u00a9 Federico Kulekdjian)\n\t\t\t\t<\/figcaption><\/figure><figure class='gallery-item'>\n\t\t\t<div class='gallery-icon landscape'>\n\t\t\t\t<a href='https:\/\/www.arquimaster.com.ar\/web\/wp-content\/uploads\/2014\/10\/espacio46_casafoa2014_7.jpg' title=\"Tienda (Espacio 46 Casa FOA 2014) \/ Matealbino (\u00a9 Federico Kulekdjian)\" data-rl_title=\"Tienda (Espacio 46 Casa FOA 2014) \/ Matealbino (\u00a9 Federico Kulekdjian)\" class=\"rl-gallery-link\" data-rl_caption=\"Tienda (Espacio 46 Casa FOA 2014) \/ Matealbino (\u00a9 Federico Kulekdjian)\" data-rel=\"lightbox-gallery-1\"><img loading=\"lazy\" decoding=\"async\" width=\"150\" height=\"150\" src=\"https:\/\/www.arquimaster.com.ar\/web\/wp-content\/uploads\/2014\/10\/espacio46_casafoa2014_7-150x150.jpg\" class=\"attachment-thumbnail size-thumbnail\" alt=\"\" aria-describedby=\"gallery-1-10573\" srcset=\"https:\/\/www.arquimaster.com.ar\/web\/wp-content\/uploads\/2014\/10\/espacio46_casafoa2014_7-150x150.jpg 150w, https:\/\/www.arquimaster.com.ar\/web\/wp-content\/uploads\/2014\/10\/espacio46_casafoa2014_7-50x50.jpg 50w, https:\/\/www.arquimaster.com.ar\/web\/wp-content\/uploads\/2014\/10\/espacio46_casafoa2014_7-125x125.jpg 125w\" sizes=\"auto, (max-width: 150px) 100vw, 150px\" \/><\/a>\n\t\t\t<\/div>\n\t\t\t\t<figcaption class='wp-caption-text gallery-caption' id='gallery-1-10573'>\n\t\t\t\tTienda (Espacio 46 Casa FOA 2014) \/ Matealbino (\u00a9 Federico Kulekdjian)\n\t\t\t\t<\/figcaption><\/figure><figure class='gallery-item'>\n\t\t\t<div class='gallery-icon portrait'>\n\t\t\t\t<a href='https:\/\/www.arquimaster.com.ar\/web\/wp-content\/uploads\/2014\/10\/espacio46_casafoa2014_8.jpg' title=\"Tienda (Espacio 46 Casa FOA 2014) \/ Matealbino (\u00a9 Federico Kulekdjian)\" data-rl_title=\"Tienda (Espacio 46 Casa FOA 2014) \/ Matealbino (\u00a9 Federico Kulekdjian)\" class=\"rl-gallery-link\" data-rl_caption=\"Tienda (Espacio 46 Casa FOA 2014) \/ Matealbino (\u00a9 Federico Kulekdjian)\" data-rel=\"lightbox-gallery-1\"><img loading=\"lazy\" decoding=\"async\" width=\"150\" height=\"150\" src=\"https:\/\/www.arquimaster.com.ar\/web\/wp-content\/uploads\/2014\/10\/espacio46_casafoa2014_8-150x150.jpg\" class=\"attachment-thumbnail size-thumbnail\" alt=\"\" aria-describedby=\"gallery-1-10574\" srcset=\"https:\/\/www.arquimaster.com.ar\/web\/wp-content\/uploads\/2014\/10\/espacio46_casafoa2014_8-150x150.jpg 150w, https:\/\/www.arquimaster.com.ar\/web\/wp-content\/uploads\/2014\/10\/espacio46_casafoa2014_8-50x50.jpg 50w, https:\/\/www.arquimaster.com.ar\/web\/wp-content\/uploads\/2014\/10\/espacio46_casafoa2014_8-125x125.jpg 125w\" sizes=\"auto, (max-width: 150px) 100vw, 150px\" \/><\/a>\n\t\t\t<\/div>\n\t\t\t\t<figcaption class='wp-caption-text gallery-caption' id='gallery-1-10574'>\n\t\t\t\tTienda (Espacio 46 Casa FOA 2014) \/ Matealbino (\u00a9 Federico Kulekdjian)\n\t\t\t\t<\/figcaption><\/figure><figure class='gallery-item'>\n\t\t\t<div class='gallery-icon landscape'>\n\t\t\t\t<a href='https:\/\/www.arquimaster.com.ar\/web\/wp-content\/uploads\/2014\/10\/espacio46_casafoa2014_9.jpg' title=\"Tienda (Espacio 46 Casa FOA 2014) \/ Matealbino\" data-rl_title=\"Tienda (Espacio 46 Casa FOA 2014) \/ Matealbino\" class=\"rl-gallery-link\" data-rl_caption=\"Tienda (Espacio 46 Casa FOA 2014) \/ Matealbino\" data-rel=\"lightbox-gallery-1\"><img loading=\"lazy\" decoding=\"async\" width=\"150\" height=\"150\" src=\"https:\/\/www.arquimaster.com.ar\/web\/wp-content\/uploads\/2014\/10\/espacio46_casafoa2014_9-150x150.jpg\" class=\"attachment-thumbnail size-thumbnail\" alt=\"\" aria-describedby=\"gallery-1-10575\" srcset=\"https:\/\/www.arquimaster.com.ar\/web\/wp-content\/uploads\/2014\/10\/espacio46_casafoa2014_9-150x150.jpg 150w, https:\/\/www.arquimaster.com.ar\/web\/wp-content\/uploads\/2014\/10\/espacio46_casafoa2014_9-50x50.jpg 50w, https:\/\/www.arquimaster.com.ar\/web\/wp-content\/uploads\/2014\/10\/espacio46_casafoa2014_9-125x125.jpg 125w\" sizes=\"auto, (max-width: 150px) 100vw, 150px\" \/><\/a>\n\t\t\t<\/div>\n\t\t\t\t<figcaption class='wp-caption-text gallery-caption' id='gallery-1-10575'>\n\t\t\t\tTienda (Espacio 46 Casa FOA 2014) \/ Matealbino\n\t\t\t\t<\/figcaption><\/figure><figure class='gallery-item'>\n\t\t\t<div class='gallery-icon landscape'>\n\t\t\t\t<a href='https:\/\/www.arquimaster.com.ar\/web\/wp-content\/uploads\/2014\/10\/espacio46_casafoa2014_10.jpg' title=\"Tienda (Espacio 46 Casa FOA 2014) \/ Matealbino\" data-rl_title=\"Tienda (Espacio 46 Casa FOA 2014) \/ Matealbino\" class=\"rl-gallery-link\" data-rl_caption=\"Tienda (Espacio 46 Casa FOA 2014) \/ Matealbino\" data-rel=\"lightbox-gallery-1\"><img loading=\"lazy\" decoding=\"async\" width=\"150\" height=\"150\" src=\"https:\/\/www.arquimaster.com.ar\/web\/wp-content\/uploads\/2014\/10\/espacio46_casafoa2014_10-150x150.jpg\" class=\"attachment-thumbnail size-thumbnail\" alt=\"\" aria-describedby=\"gallery-1-10576\" srcset=\"https:\/\/www.arquimaster.com.ar\/web\/wp-content\/uploads\/2014\/10\/espacio46_casafoa2014_10-150x150.jpg 150w, https:\/\/www.arquimaster.com.ar\/web\/wp-content\/uploads\/2014\/10\/espacio46_casafoa2014_10-50x50.jpg 50w, https:\/\/www.arquimaster.com.ar\/web\/wp-content\/uploads\/2014\/10\/espacio46_casafoa2014_10-125x125.jpg 125w\" sizes=\"auto, (max-width: 150px) 100vw, 150px\" \/><\/a>\n\t\t\t<\/div>\n\t\t\t\t<figcaption class='wp-caption-text gallery-caption' id='gallery-1-10576'>\n\t\t\t\tTienda (Espacio 46 Casa FOA 2014) \/ Matealbino\n\t\t\t\t<\/figcaption><\/figure><figure class='gallery-item'>\n\t\t\t<div class='gallery-icon landscape'>\n\t\t\t\t<a href='https:\/\/www.arquimaster.com.ar\/web\/wp-content\/uploads\/2014\/10\/espacio46_casafoa2014_11.jpg' title=\"Tienda (Espacio 46 Casa FOA 2014) \/ Matealbino\" data-rl_title=\"Tienda (Espacio 46 Casa FOA 2014) \/ Matealbino\" class=\"rl-gallery-link\" data-rl_caption=\"Tienda (Espacio 46 Casa FOA 2014) \/ Matealbino\" data-rel=\"lightbox-gallery-1\"><img loading=\"lazy\" decoding=\"async\" width=\"150\" height=\"150\" src=\"https:\/\/www.arquimaster.com.ar\/web\/wp-content\/uploads\/2014\/10\/espacio46_casafoa2014_11-150x150.jpg\" class=\"attachment-thumbnail size-thumbnail\" alt=\"\" aria-describedby=\"gallery-1-10577\" srcset=\"https:\/\/www.arquimaster.com.ar\/web\/wp-content\/uploads\/2014\/10\/espacio46_casafoa2014_11-150x150.jpg 150w, https:\/\/www.arquimaster.com.ar\/web\/wp-content\/uploads\/2014\/10\/espacio46_casafoa2014_11-50x50.jpg 50w, https:\/\/www.arquimaster.com.ar\/web\/wp-content\/uploads\/2014\/10\/espacio46_casafoa2014_11-125x125.jpg 125w\" sizes=\"auto, (max-width: 150px) 100vw, 150px\" \/><\/a>\n\t\t\t<\/div>\n\t\t\t\t<figcaption class='wp-caption-text gallery-caption' id='gallery-1-10577'>\n\t\t\t\tTienda (Espacio 46 Casa FOA 2014) \/ Matealbino\n\t\t\t\t<\/figcaption><\/figure><figure class='gallery-item'>\n\t\t\t<div class='gallery-icon portrait'>\n\t\t\t\t<a href='https:\/\/www.arquimaster.com.ar\/web\/wp-content\/uploads\/2014\/10\/espacio46_casafoa2014_12.jpg' title=\"Tienda (Espacio 46 Casa FOA 2014) \/ Matealbino\" data-rl_title=\"Tienda (Espacio 46 Casa FOA 2014) \/ Matealbino\" class=\"rl-gallery-link\" data-rl_caption=\"Tienda (Espacio 46 Casa FOA 2014) \/ Matealbino\" data-rel=\"lightbox-gallery-1\"><img loading=\"lazy\" decoding=\"async\" width=\"150\" height=\"150\" src=\"https:\/\/www.arquimaster.com.ar\/web\/wp-content\/uploads\/2014\/10\/espacio46_casafoa2014_12-150x150.jpg\" class=\"attachment-thumbnail size-thumbnail\" alt=\"\" aria-describedby=\"gallery-1-10578\" srcset=\"https:\/\/www.arquimaster.com.ar\/web\/wp-content\/uploads\/2014\/10\/espacio46_casafoa2014_12-150x150.jpg 150w, https:\/\/www.arquimaster.com.ar\/web\/wp-content\/uploads\/2014\/10\/espacio46_casafoa2014_12-50x50.jpg 50w, https:\/\/www.arquimaster.com.ar\/web\/wp-content\/uploads\/2014\/10\/espacio46_casafoa2014_12-125x125.jpg 125w\" sizes=\"auto, (max-width: 150px) 100vw, 150px\" \/><\/a>\n\t\t\t<\/div>\n\t\t\t\t<figcaption class='wp-caption-text gallery-caption' id='gallery-1-10578'>\n\t\t\t\tTienda (Espacio 46 Casa FOA 2014) \/ Matealbino\n\t\t\t\t<\/figcaption><\/figure><figure class='gallery-item'>\n\t\t\t<div class='gallery-icon portrait'>\n\t\t\t\t<a href='https:\/\/www.arquimaster.com.ar\/web\/wp-content\/uploads\/2014\/10\/espacio46_casafoa2014_13.jpg' title=\"Tienda (Espacio 46 Casa FOA 2014) \/ Matealbino\" data-rl_title=\"Tienda (Espacio 46 Casa FOA 2014) \/ Matealbino\" class=\"rl-gallery-link\" data-rl_caption=\"Tienda (Espacio 46 Casa FOA 2014) \/ Matealbino\" data-rel=\"lightbox-gallery-1\"><img loading=\"lazy\" decoding=\"async\" width=\"150\" height=\"150\" src=\"https:\/\/www.arquimaster.com.ar\/web\/wp-content\/uploads\/2014\/10\/espacio46_casafoa2014_13-150x150.jpg\" class=\"attachment-thumbnail size-thumbnail\" alt=\"\" aria-describedby=\"gallery-1-10579\" srcset=\"https:\/\/www.arquimaster.com.ar\/web\/wp-content\/uploads\/2014\/10\/espacio46_casafoa2014_13-150x150.jpg 150w, https:\/\/www.arquimaster.com.ar\/web\/wp-content\/uploads\/2014\/10\/espacio46_casafoa2014_13-50x50.jpg 50w, https:\/\/www.arquimaster.com.ar\/web\/wp-content\/uploads\/2014\/10\/espacio46_casafoa2014_13-125x125.jpg 125w\" sizes=\"auto, (max-width: 150px) 100vw, 150px\" \/><\/a>\n\t\t\t<\/div>\n\t\t\t\t<figcaption class='wp-caption-text gallery-caption' id='gallery-1-10579'>\n\t\t\t\tTienda (Espacio 46 Casa FOA 2014) \/ Matealbino\n\t\t\t\t<\/figcaption><\/figure><figure class='gallery-item'>\n\t\t\t<div class='gallery-icon portrait'>\n\t\t\t\t<a href='https:\/\/www.arquimaster.com.ar\/web\/wp-content\/uploads\/2014\/10\/espacio46_casafoa2014_14.jpg' title=\"Tienda (Espacio 46 Casa FOA 2014) \/ Matealbino\" data-rl_title=\"Tienda (Espacio 46 Casa FOA 2014) \/ Matealbino\" class=\"rl-gallery-link\" data-rl_caption=\"Tienda (Espacio 46 Casa FOA 2014) \/ Matealbino\" data-rel=\"lightbox-gallery-1\"><img loading=\"lazy\" decoding=\"async\" width=\"150\" height=\"150\" src=\"https:\/\/www.arquimaster.com.ar\/web\/wp-content\/uploads\/2014\/10\/espacio46_casafoa2014_14-150x150.jpg\" class=\"attachment-thumbnail size-thumbnail\" alt=\"\" aria-describedby=\"gallery-1-10580\" srcset=\"https:\/\/www.arquimaster.com.ar\/web\/wp-content\/uploads\/2014\/10\/espacio46_casafoa2014_14-150x150.jpg 150w, https:\/\/www.arquimaster.com.ar\/web\/wp-content\/uploads\/2014\/10\/espacio46_casafoa2014_14-50x50.jpg 50w, https:\/\/www.arquimaster.com.ar\/web\/wp-content\/uploads\/2014\/10\/espacio46_casafoa2014_14-125x125.jpg 125w\" sizes=\"auto, (max-width: 150px) 100vw, 150px\" \/><\/a>\n\t\t\t<\/div>\n\t\t\t\t<figcaption class='wp-caption-text gallery-caption' id='gallery-1-10580'>\n\t\t\t\tTienda (Espacio 46 Casa FOA 2014) \/ Matealbino\n\t\t\t\t<\/figcaption><\/figure>\n\t\t<\/div>\n\n<p>En esta intervenci\u00f3n trabajamos la Ruptura y el Contraste.<\/p>\n<p>La Abad\u00eda parece un espacio fuera del tiempo, posee un esp\u00edritu propio, se nos presenta con toda la solemnidad y el peso de su historia.<\/p>\n<p>A trav\u00e9s del quiebre se genera un nuevo di\u00e1logo, un di\u00e1logo de distintos tiempos. Ambos lenguajes resaltan.<\/p>\n<p>Proponemos otra velocidad, aportando dinamismo a trav\u00e9s del trabajo de la geometr\u00eda.<\/p>\n<p>Donde todo era calmo y quieto, sucede algo nuevo. La arquitectura de recintos se pone en crisis para tomar otra forma, de pliegues de origami, una unidad propia dentro de otro organismo.<\/p>\n<p>Bajo estas premisas conviven cada uno de los elementos y conforman una envolvente total.<\/p>\n<p>Diferentes materiales, buscan a partir de la geometr\u00eda irregular, otra din\u00e1mica de uso del espacio. Las distintas texturas y colores en su conjunto dan soporte a los objetos exhibidos.<\/p>\n<p>El cielorraso realizado en placa de yeso (Knauf) reinterpreta y exagera l\u00f3gicas de anta\u00f1o.<\/p>\n<p>Las variaciones de tonos de pintura (Alba) exacerban los cambios de plano.<\/p>\n<p>Las paredes\/muebles de guardado y exhibici\u00f3n son de una varias melaminas (Masisa), lisas y maderas con sus vetas en diversas direcciones.<\/p>\n<p>El piso de tres tonos de madera (Patagonia Flooring) enfatiza las l\u00edneas del conjunto.<\/p>\n<p>La iluminaci\u00f3n fue dise\u00f1ada en conjunto con la arq. Giuliana Nieva Umansky, utilizando artefactos de Huup iluminaci\u00f3n (de Jos\u00e9 Maserazzo).<\/p>\n<p>&nbsp;<\/p>\n<p><strong>Sobre Matealbino arquitectura<\/strong><\/p>\n<p>Matealbino arquitectura lo integramos las arquitectas Daniela Bortz y Lucia Guerberoff. Es un proyecto que nace en 2010 con ansias de generar un lenguaje propio e investigar nuevas propuestas. Desarrollamos obras de arquitectura e interiorismo de diferentes escalas.<\/p>\n<p>Participamos por primera vez en la edici\u00f3n de Casa Foa 2012, donde realizamos el Espacio N\u00ba 1 Cat\u00e1logo, recibiendo una Menci\u00f3n especial a la arquitectura y dise\u00f1o de interiores. Fue una excelente experiencia.<\/p>\n<p>&nbsp;<\/p>\n<p><strong>Sobre Pebeta Teta<\/strong><\/p>\n<p>PebetaTeta desarrolla \u00abpoes\u00eda pr\u00ebt a porter\u00bb sobre distintos soportes: Collares que cuentan historias entre sus partes, aros cuyos personajes se complementan de par en par, prendedores que habitan en nuestra ropa y carteras que son compa\u00f1\u00eda. Fundada en 2007 por la dise\u00f1adora industrial argentina Sol Mar\u00eda Zwierzynski Sudak, esta marca propone transformar lo cotidiano en fant\u00e1stico, dando una impronta de femineidad, humor y sofisticaci\u00f3n a cada una de las piezas que forman parte de este universo.<\/p>\n<p>&nbsp;<\/p>\n<p><strong>Sobre Violraviol<\/strong><\/p>\n<p>Un mantel, un changuito, un delantal, puro ritual.<\/p>\n<p>Cuadrill\u00e9s, rococ\u00f3, vinilos, algod\u00f3n, volados, rayas.<\/p>\n<p>En Violraviol innovamos rescatando los valores de otros tiempos -el compartir, el trabajo con las manos, la calidad del mundo material, el cuidado por el detalle- con mirada proyectual.<\/p>\n<p>Con ellos vamos de picnic, hacemos las compras por el barrio, recibimos amigos, cocinamos&#8230; dise\u00f1amos experiencias.<\/p>\n<p>Bebemos del origen para respirar contemporaneidad.<\/p>\n<p>&nbsp;<\/p>\n<p><strong>Sobre Sourtout<\/strong><\/p>\n<p>Surtout surgi\u00f3 desde la necesidad de crear objetos especiales, de uso cotidiano, que lograran transformar los espacios y las vidas de quienes los poseen.<\/p>\n<p>Amamos nuestros objetos y queremos difundirlo, queremos que cada uno ame su taz\u00f3n de caf\u00e9 con leche de la ma\u00f1ana, su jarra de agua o su botell\u00f3n de vino.<\/p>\n<p>Cada bowl, cada ensaladera, cada macetita est\u00e1n hechas artesanalmente, con cuidado y dedicaci\u00f3n. Todos los colores que elegimos son vibrantes y energ\u00e9ticos. Ama nuestros objetos!<\/p>\n<p>&nbsp;<\/p>\n<p><strong>Contacto<\/strong><br \/>\n<a title=\"Matealbino\" href=\"http:\/\/www.matealbino.com.ar\" target=\"_blank\">http:\/\/www.matealbino.com.ar<\/a><\/p>\n<p>Fotos cortesia de Matealbino<\/p>\n<p>Fotos por Federico Kulekdjian (<a title=\"Federico Kulekdjian\" href=\"http:\/\/www.fedeku.com.ar\" target=\"_blank\">http:\/\/www.fedeku.com.ar<\/a>)<\/p>\n\n<div style=\"font-size: 0px; height: 0px; line-height: 0px; margin: 0; padding: 0; clear: both;\"><\/div><div style=\"margin-top: 0px; margin-bottom: 0px;\" class=\"sharethis-inline-share-buttons\" ><\/div>","protected":false},"excerpt":{"rendered":"<p>A trav\u00e9s del quiebre se genera un nuevo di\u00e1logo, un di\u00e1logo de distintos tiempos&#8230;<\/p>\n","protected":false},"author":1,"featured_media":10566,"comment_status":"closed","ping_status":"closed","sticky":false,"template":"","format":"standard","meta":{"_uag_custom_page_level_css":"","footnotes":""},"categories":[2680,55],"tags":[2066,3524,2753,37,1697,1401,2681,2752,2751,2755,2756,2754],"class_list":["post-10565","post","type-post","status-publish","format-standard","has-post-thumbnail","hentry","category-casa-foa-2014","category-diseno","tag-casa-foa","tag-casa-foa-2014","tag-daniela-bortz","tag-decoracion","tag-diseno-de-interiores","tag-foa","tag-la-abadia","tag-lucia-guerberoff","tag-matealbino","tag-pebeta-teta","tag-surtout","tag-violraviol","generate-columns","tablet-grid-50","mobile-grid-100","grid-parent","grid-50"],"yoast_head":"<!-- This site is optimized with the Yoast SEO plugin v27.3 - https:\/\/yoast.com\/product\/yoast-seo-wordpress\/ -->\n<title>Tienda (Espacio 46 Casa FOA 2014) \/ Matealbino - Arquimaster<\/title>\n<meta name=\"robots\" content=\"index, follow, max-snippet:-1, max-image-preview:large, max-video-preview:-1\" \/>\n<link rel=\"canonical\" href=\"https:\/\/www.arquimaster.com.ar\/web\/tienda-espacio-46-casa-foa-2014-matealbino\/\" \/>\n<meta property=\"og:locale\" content=\"es_ES\" \/>\n<meta property=\"og:type\" content=\"article\" \/>\n<meta property=\"og:title\" content=\"Tienda (Espacio 46 Casa FOA 2014) \/ Matealbino - Arquimaster\" \/>\n<meta property=\"og:description\" content=\"A trav\u00e9s del quiebre se genera un nuevo di\u00e1logo, un di\u00e1logo de distintos tiempos...\" \/>\n<meta property=\"og:url\" content=\"https:\/\/www.arquimaster.com.ar\/web\/tienda-espacio-46-casa-foa-2014-matealbino\/\" \/>\n<meta property=\"og:site_name\" content=\"Arquimaster\" \/>\n<meta property=\"article:publisher\" content=\"http:\/\/www.facebook.com\/ARQUIMASTER.com.ar\" \/>\n<meta property=\"article:published_time\" content=\"2014-10-21T18:00:06+00:00\" \/>\n<meta property=\"article:modified_time\" content=\"2014-10-22T01:25:38+00:00\" \/>\n<meta property=\"og:image\" content=\"https:\/\/www.arquimaster.com.ar\/web\/wp-content\/uploads\/2014\/10\/espacio46_casafoa2014_slide.jpg\" \/>\n\t<meta property=\"og:image:width\" content=\"642\" \/>\n\t<meta property=\"og:image:height\" content=\"336\" \/>\n\t<meta property=\"og:image:type\" content=\"image\/jpeg\" \/>\n<meta name=\"author\" content=\"Arquimaster\" \/>\n<meta name=\"twitter:card\" content=\"summary_large_image\" \/>\n<meta name=\"twitter:creator\" content=\"@arquimaster\" \/>\n<meta name=\"twitter:site\" content=\"@arquimaster\" \/>\n<meta name=\"twitter:label1\" content=\"Escrito por\" \/>\n\t<meta name=\"twitter:data1\" content=\"Arquimaster\" \/>\n\t<meta name=\"twitter:label2\" content=\"Tiempo de lectura\" \/>\n\t<meta name=\"twitter:data2\" content=\"3 minutos\" \/>\n<script type=\"application\/ld+json\" class=\"yoast-schema-graph\">{\"@context\":\"https:\\\/\\\/schema.org\",\"@graph\":[{\"@type\":\"Article\",\"@id\":\"https:\\\/\\\/www.arquimaster.com.ar\\\/web\\\/tienda-espacio-46-casa-foa-2014-matealbino\\\/#article\",\"isPartOf\":{\"@id\":\"https:\\\/\\\/www.arquimaster.com.ar\\\/web\\\/tienda-espacio-46-casa-foa-2014-matealbino\\\/\"},\"author\":{\"name\":\"Arquimaster\",\"@id\":\"https:\\\/\\\/www.arquimaster.com.ar\\\/web\\\/#\\\/schema\\\/person\\\/359e9f7c00193fcde068e0dd2ceb0028\"},\"headline\":\"Tienda (Espacio 46 Casa FOA 2014) \\\/ Matealbino\",\"datePublished\":\"2014-10-21T18:00:06+00:00\",\"dateModified\":\"2014-10-22T01:25:38+00:00\",\"mainEntityOfPage\":{\"@id\":\"https:\\\/\\\/www.arquimaster.com.ar\\\/web\\\/tienda-espacio-46-casa-foa-2014-matealbino\\\/\"},\"wordCount\":618,\"publisher\":{\"@id\":\"https:\\\/\\\/www.arquimaster.com.ar\\\/web\\\/#organization\"},\"image\":{\"@id\":\"https:\\\/\\\/www.arquimaster.com.ar\\\/web\\\/tienda-espacio-46-casa-foa-2014-matealbino\\\/#primaryimage\"},\"thumbnailUrl\":\"https:\\\/\\\/www.arquimaster.com.ar\\\/web\\\/wp-content\\\/uploads\\\/2014\\\/10\\\/espacio46_casafoa2014_slide.jpg\",\"keywords\":[\"Casa FOA\",\"Casa FOA 2014\",\"Daniela Bortz\",\"decoracion\",\"dise\u00f1o de interiores\",\"FOA\",\"La Abadia\",\"Lucia Guerberoff\",\"Matealbino\",\"Pebeta Teta\",\"Surtout\",\"Violraviol\"],\"articleSection\":[\"Casa FOA 2014\",\"Dise\u00f1o\"],\"inLanguage\":\"es\"},{\"@type\":\"WebPage\",\"@id\":\"https:\\\/\\\/www.arquimaster.com.ar\\\/web\\\/tienda-espacio-46-casa-foa-2014-matealbino\\\/\",\"url\":\"https:\\\/\\\/www.arquimaster.com.ar\\\/web\\\/tienda-espacio-46-casa-foa-2014-matealbino\\\/\",\"name\":\"Tienda (Espacio 46 Casa FOA 2014) \\\/ Matealbino - Arquimaster\",\"isPartOf\":{\"@id\":\"https:\\\/\\\/www.arquimaster.com.ar\\\/web\\\/#website\"},\"primaryImageOfPage\":{\"@id\":\"https:\\\/\\\/www.arquimaster.com.ar\\\/web\\\/tienda-espacio-46-casa-foa-2014-matealbino\\\/#primaryimage\"},\"image\":{\"@id\":\"https:\\\/\\\/www.arquimaster.com.ar\\\/web\\\/tienda-espacio-46-casa-foa-2014-matealbino\\\/#primaryimage\"},\"thumbnailUrl\":\"https:\\\/\\\/www.arquimaster.com.ar\\\/web\\\/wp-content\\\/uploads\\\/2014\\\/10\\\/espacio46_casafoa2014_slide.jpg\",\"datePublished\":\"2014-10-21T18:00:06+00:00\",\"dateModified\":\"2014-10-22T01:25:38+00:00\",\"breadcrumb\":{\"@id\":\"https:\\\/\\\/www.arquimaster.com.ar\\\/web\\\/tienda-espacio-46-casa-foa-2014-matealbino\\\/#breadcrumb\"},\"inLanguage\":\"es\",\"potentialAction\":[{\"@type\":\"ReadAction\",\"target\":[\"https:\\\/\\\/www.arquimaster.com.ar\\\/web\\\/tienda-espacio-46-casa-foa-2014-matealbino\\\/\"]}]},{\"@type\":\"ImageObject\",\"inLanguage\":\"es\",\"@id\":\"https:\\\/\\\/www.arquimaster.com.ar\\\/web\\\/tienda-espacio-46-casa-foa-2014-matealbino\\\/#primaryimage\",\"url\":\"https:\\\/\\\/www.arquimaster.com.ar\\\/web\\\/wp-content\\\/uploads\\\/2014\\\/10\\\/espacio46_casafoa2014_slide.jpg\",\"contentUrl\":\"https:\\\/\\\/www.arquimaster.com.ar\\\/web\\\/wp-content\\\/uploads\\\/2014\\\/10\\\/espacio46_casafoa2014_slide.jpg\",\"width\":642,\"height\":336},{\"@type\":\"BreadcrumbList\",\"@id\":\"https:\\\/\\\/www.arquimaster.com.ar\\\/web\\\/tienda-espacio-46-casa-foa-2014-matealbino\\\/#breadcrumb\",\"itemListElement\":[{\"@type\":\"ListItem\",\"position\":1,\"name\":\"Portada\",\"item\":\"https:\\\/\\\/www.arquimaster.com.ar\\\/web\\\/\"},{\"@type\":\"ListItem\",\"position\":2,\"name\":\"Tienda (Espacio 46 Casa FOA 2014) \\\/ Matealbino\"}]},{\"@type\":\"WebSite\",\"@id\":\"https:\\\/\\\/www.arquimaster.com.ar\\\/web\\\/#website\",\"url\":\"https:\\\/\\\/www.arquimaster.com.ar\\\/web\\\/\",\"name\":\"Arquimaster\",\"description\":\"Web de arquitectura, dise\u00f1o y construccion\",\"publisher\":{\"@id\":\"https:\\\/\\\/www.arquimaster.com.ar\\\/web\\\/#organization\"},\"potentialAction\":[{\"@type\":\"SearchAction\",\"target\":{\"@type\":\"EntryPoint\",\"urlTemplate\":\"https:\\\/\\\/www.arquimaster.com.ar\\\/web\\\/?s={search_term_string}\"},\"query-input\":{\"@type\":\"PropertyValueSpecification\",\"valueRequired\":true,\"valueName\":\"search_term_string\"}}],\"inLanguage\":\"es\"},{\"@type\":\"Organization\",\"@id\":\"https:\\\/\\\/www.arquimaster.com.ar\\\/web\\\/#organization\",\"name\":\"Arquimaster\",\"url\":\"https:\\\/\\\/www.arquimaster.com.ar\\\/web\\\/\",\"logo\":{\"@type\":\"ImageObject\",\"inLanguage\":\"es\",\"@id\":\"https:\\\/\\\/www.arquimaster.com.ar\\\/web\\\/#\\\/schema\\\/logo\\\/image\\\/\",\"url\":\"https:\\\/\\\/www.arquimaster.com.ar\\\/web\\\/wp-content\\\/uploads\\\/2022\\\/06\\\/arquimaster.png\",\"contentUrl\":\"https:\\\/\\\/www.arquimaster.com.ar\\\/web\\\/wp-content\\\/uploads\\\/2022\\\/06\\\/arquimaster.png\",\"width\":594,\"height\":78,\"caption\":\"Arquimaster\"},\"image\":{\"@id\":\"https:\\\/\\\/www.arquimaster.com.ar\\\/web\\\/#\\\/schema\\\/logo\\\/image\\\/\"},\"sameAs\":[\"http:\\\/\\\/www.facebook.com\\\/ARQUIMASTER.com.ar\",\"https:\\\/\\\/x.com\\\/arquimaster\",\"https:\\\/\\\/www.instagram.com\\\/arquimasterblog\\\/\",\"https:\\\/\\\/www.linkedin.com\\\/company\\\/arquimaster\",\"https:\\\/\\\/www.pinterest.com\\\/arquimaster\",\"https:\\\/\\\/t.me\\\/arquimaster\"]},{\"@type\":\"Person\",\"@id\":\"https:\\\/\\\/www.arquimaster.com.ar\\\/web\\\/#\\\/schema\\\/person\\\/359e9f7c00193fcde068e0dd2ceb0028\",\"name\":\"Arquimaster\"}]}<\/script>\n<!-- \/ Yoast SEO plugin. -->","yoast_head_json":{"title":"Tienda (Espacio 46 Casa FOA 2014) \/ Matealbino - Arquimaster","robots":{"index":"index","follow":"follow","max-snippet":"max-snippet:-1","max-image-preview":"max-image-preview:large","max-video-preview":"max-video-preview:-1"},"canonical":"https:\/\/www.arquimaster.com.ar\/web\/tienda-espacio-46-casa-foa-2014-matealbino\/","og_locale":"es_ES","og_type":"article","og_title":"Tienda (Espacio 46 Casa FOA 2014) \/ Matealbino - Arquimaster","og_description":"A trav\u00e9s del quiebre se genera un nuevo di\u00e1logo, un di\u00e1logo de distintos tiempos...","og_url":"https:\/\/www.arquimaster.com.ar\/web\/tienda-espacio-46-casa-foa-2014-matealbino\/","og_site_name":"Arquimaster","article_publisher":"http:\/\/www.facebook.com\/ARQUIMASTER.com.ar","article_published_time":"2014-10-21T18:00:06+00:00","article_modified_time":"2014-10-22T01:25:38+00:00","og_image":[{"width":642,"height":336,"url":"https:\/\/www.arquimaster.com.ar\/web\/wp-content\/uploads\/2014\/10\/espacio46_casafoa2014_slide.jpg","type":"image\/jpeg"}],"author":"Arquimaster","twitter_card":"summary_large_image","twitter_creator":"@arquimaster","twitter_site":"@arquimaster","twitter_misc":{"Escrito por":"Arquimaster","Tiempo de lectura":"3 minutos"},"schema":{"@context":"https:\/\/schema.org","@graph":[{"@type":"Article","@id":"https:\/\/www.arquimaster.com.ar\/web\/tienda-espacio-46-casa-foa-2014-matealbino\/#article","isPartOf":{"@id":"https:\/\/www.arquimaster.com.ar\/web\/tienda-espacio-46-casa-foa-2014-matealbino\/"},"author":{"name":"Arquimaster","@id":"https:\/\/www.arquimaster.com.ar\/web\/#\/schema\/person\/359e9f7c00193fcde068e0dd2ceb0028"},"headline":"Tienda (Espacio 46 Casa FOA 2014) \/ Matealbino","datePublished":"2014-10-21T18:00:06+00:00","dateModified":"2014-10-22T01:25:38+00:00","mainEntityOfPage":{"@id":"https:\/\/www.arquimaster.com.ar\/web\/tienda-espacio-46-casa-foa-2014-matealbino\/"},"wordCount":618,"publisher":{"@id":"https:\/\/www.arquimaster.com.ar\/web\/#organization"},"image":{"@id":"https:\/\/www.arquimaster.com.ar\/web\/tienda-espacio-46-casa-foa-2014-matealbino\/#primaryimage"},"thumbnailUrl":"https:\/\/www.arquimaster.com.ar\/web\/wp-content\/uploads\/2014\/10\/espacio46_casafoa2014_slide.jpg","keywords":["Casa FOA","Casa FOA 2014","Daniela Bortz","decoracion","dise\u00f1o de interiores","FOA","La Abadia","Lucia Guerberoff","Matealbino","Pebeta Teta","Surtout","Violraviol"],"articleSection":["Casa FOA 2014","Dise\u00f1o"],"inLanguage":"es"},{"@type":"WebPage","@id":"https:\/\/www.arquimaster.com.ar\/web\/tienda-espacio-46-casa-foa-2014-matealbino\/","url":"https:\/\/www.arquimaster.com.ar\/web\/tienda-espacio-46-casa-foa-2014-matealbino\/","name":"Tienda (Espacio 46 Casa FOA 2014) \/ Matealbino - Arquimaster","isPartOf":{"@id":"https:\/\/www.arquimaster.com.ar\/web\/#website"},"primaryImageOfPage":{"@id":"https:\/\/www.arquimaster.com.ar\/web\/tienda-espacio-46-casa-foa-2014-matealbino\/#primaryimage"},"image":{"@id":"https:\/\/www.arquimaster.com.ar\/web\/tienda-espacio-46-casa-foa-2014-matealbino\/#primaryimage"},"thumbnailUrl":"https:\/\/www.arquimaster.com.ar\/web\/wp-content\/uploads\/2014\/10\/espacio46_casafoa2014_slide.jpg","datePublished":"2014-10-21T18:00:06+00:00","dateModified":"2014-10-22T01:25:38+00:00","breadcrumb":{"@id":"https:\/\/www.arquimaster.com.ar\/web\/tienda-espacio-46-casa-foa-2014-matealbino\/#breadcrumb"},"inLanguage":"es","potentialAction":[{"@type":"ReadAction","target":["https:\/\/www.arquimaster.com.ar\/web\/tienda-espacio-46-casa-foa-2014-matealbino\/"]}]},{"@type":"ImageObject","inLanguage":"es","@id":"https:\/\/www.arquimaster.com.ar\/web\/tienda-espacio-46-casa-foa-2014-matealbino\/#primaryimage","url":"https:\/\/www.arquimaster.com.ar\/web\/wp-content\/uploads\/2014\/10\/espacio46_casafoa2014_slide.jpg","contentUrl":"https:\/\/www.arquimaster.com.ar\/web\/wp-content\/uploads\/2014\/10\/espacio46_casafoa2014_slide.jpg","width":642,"height":336},{"@type":"BreadcrumbList","@id":"https:\/\/www.arquimaster.com.ar\/web\/tienda-espacio-46-casa-foa-2014-matealbino\/#breadcrumb","itemListElement":[{"@type":"ListItem","position":1,"name":"Portada","item":"https:\/\/www.arquimaster.com.ar\/web\/"},{"@type":"ListItem","position":2,"name":"Tienda (Espacio 46 Casa FOA 2014) \/ Matealbino"}]},{"@type":"WebSite","@id":"https:\/\/www.arquimaster.com.ar\/web\/#website","url":"https:\/\/www.arquimaster.com.ar\/web\/","name":"Arquimaster","description":"Web de arquitectura, dise\u00f1o y construccion","publisher":{"@id":"https:\/\/www.arquimaster.com.ar\/web\/#organization"},"potentialAction":[{"@type":"SearchAction","target":{"@type":"EntryPoint","urlTemplate":"https:\/\/www.arquimaster.com.ar\/web\/?s={search_term_string}"},"query-input":{"@type":"PropertyValueSpecification","valueRequired":true,"valueName":"search_term_string"}}],"inLanguage":"es"},{"@type":"Organization","@id":"https:\/\/www.arquimaster.com.ar\/web\/#organization","name":"Arquimaster","url":"https:\/\/www.arquimaster.com.ar\/web\/","logo":{"@type":"ImageObject","inLanguage":"es","@id":"https:\/\/www.arquimaster.com.ar\/web\/#\/schema\/logo\/image\/","url":"https:\/\/www.arquimaster.com.ar\/web\/wp-content\/uploads\/2022\/06\/arquimaster.png","contentUrl":"https:\/\/www.arquimaster.com.ar\/web\/wp-content\/uploads\/2022\/06\/arquimaster.png","width":594,"height":78,"caption":"Arquimaster"},"image":{"@id":"https:\/\/www.arquimaster.com.ar\/web\/#\/schema\/logo\/image\/"},"sameAs":["http:\/\/www.facebook.com\/ARQUIMASTER.com.ar","https:\/\/x.com\/arquimaster","https:\/\/www.instagram.com\/arquimasterblog\/","https:\/\/www.linkedin.com\/company\/arquimaster","https:\/\/www.pinterest.com\/arquimaster","https:\/\/t.me\/arquimaster"]},{"@type":"Person","@id":"https:\/\/www.arquimaster.com.ar\/web\/#\/schema\/person\/359e9f7c00193fcde068e0dd2ceb0028","name":"Arquimaster"}]}},"uagb_featured_image_src":{"full":["https:\/\/www.arquimaster.com.ar\/web\/wp-content\/uploads\/2014\/10\/espacio46_casafoa2014_slide.jpg",642,336,false],"thumbnail":["https:\/\/www.arquimaster.com.ar\/web\/wp-content\/uploads\/2014\/10\/espacio46_casafoa2014_slide-150x150.jpg",150,150,true],"medium":["https:\/\/www.arquimaster.com.ar\/web\/wp-content\/uploads\/2014\/10\/espacio46_casafoa2014_slide-300x157.jpg",300,157,true],"medium_large":["https:\/\/www.arquimaster.com.ar\/web\/wp-content\/uploads\/2014\/10\/espacio46_casafoa2014_slide.jpg",642,336,false],"large":["https:\/\/www.arquimaster.com.ar\/web\/wp-content\/uploads\/2014\/10\/espacio46_casafoa2014_slide.jpg",642,336,false],"1536x1536":["https:\/\/www.arquimaster.com.ar\/web\/wp-content\/uploads\/2014\/10\/espacio46_casafoa2014_slide.jpg",642,336,false],"2048x2048":["https:\/\/www.arquimaster.com.ar\/web\/wp-content\/uploads\/2014\/10\/espacio46_casafoa2014_slide.jpg",642,336,false]},"uagb_author_info":{"display_name":"Arquimaster","author_link":"https:\/\/www.arquimaster.com.ar\/web\/author\/arquimaster\/"},"uagb_comment_info":0,"uagb_excerpt":"A trav\u00e9s del quiebre se genera un nuevo di\u00e1logo, un di\u00e1logo de distintos tiempos...","_links":{"self":[{"href":"https:\/\/www.arquimaster.com.ar\/web\/wp-json\/wp\/v2\/posts\/10565","targetHints":{"allow":["GET"]}}],"collection":[{"href":"https:\/\/www.arquimaster.com.ar\/web\/wp-json\/wp\/v2\/posts"}],"about":[{"href":"https:\/\/www.arquimaster.com.ar\/web\/wp-json\/wp\/v2\/types\/post"}],"author":[{"embeddable":true,"href":"https:\/\/www.arquimaster.com.ar\/web\/wp-json\/wp\/v2\/users\/1"}],"replies":[{"embeddable":true,"href":"https:\/\/www.arquimaster.com.ar\/web\/wp-json\/wp\/v2\/comments?post=10565"}],"version-history":[{"count":0,"href":"https:\/\/www.arquimaster.com.ar\/web\/wp-json\/wp\/v2\/posts\/10565\/revisions"}],"wp:featuredmedia":[{"embeddable":true,"href":"https:\/\/www.arquimaster.com.ar\/web\/wp-json\/wp\/v2\/media\/10566"}],"wp:attachment":[{"href":"https:\/\/www.arquimaster.com.ar\/web\/wp-json\/wp\/v2\/media?parent=10565"}],"wp:term":[{"taxonomy":"category","embeddable":true,"href":"https:\/\/www.arquimaster.com.ar\/web\/wp-json\/wp\/v2\/categories?post=10565"},{"taxonomy":"post_tag","embeddable":true,"href":"https:\/\/www.arquimaster.com.ar\/web\/wp-json\/wp\/v2\/tags?post=10565"}],"curies":[{"name":"wp","href":"https:\/\/api.w.org\/{rel}","templated":true}]}}