{"id":10762,"date":"2014-10-26T11:00:50","date_gmt":"2014-10-26T11:00:50","guid":{"rendered":"http:\/\/www.arquimaster.com.ar\/web\/?p=10762"},"modified":"2014-10-27T23:42:15","modified_gmt":"2014-10-27T23:42:15","slug":"bano-publico-damas-roca-espacio-16-casa-foa-2014-renata-gilli-faudin-silvia-acuna-y-jimena-vicario","status":"publish","type":"post","link":"https:\/\/www.arquimaster.com.ar\/web\/bano-publico-damas-roca-espacio-16-casa-foa-2014-renata-gilli-faudin-silvia-acuna-y-jimena-vicario\/","title":{"rendered":"Ba\u00f1o P\u00fablico Damas Roca (Espacio 16 Casa FOA 2014) \/ Renata Gilli Faudin, Silvia Acu\u00f1a y Jimena Vicario"},"content":{"rendered":"<div style=\"margin-top: 0px; margin-bottom: 0px;\" class=\"sharethis-inline-share-buttons\" ><\/div><div class=\"b812932af2e751442846f039925109de\" data-index=\"1\" style=\"float: none; margin:25px 0 25px 0; text-align:center;\">\n<script async src=\"https:\/\/pagead2.googlesyndication.com\/pagead\/js\/adsbygoogle.js\"><\/script>\r\n<!-- Arquimaster (superior) -->\r\n<ins class=\"adsbygoogle\"\r\n     style=\"display:block\"\r\n     data-ad-client=\"ca-pub-6351072698456832\"\r\n     data-ad-slot=\"6455489680\"\r\n     data-ad-format=\"auto\"\r\n     data-full-width-responsive=\"true\"><\/ins>\r\n<script>\r\n     (adsbygoogle = window.adsbygoogle || []).push({});\r\n<\/script>\n<\/div>\n<p><strong>Ba\u00f1o P\u00fablico Damas Roca \u00abEn Blanco y Blanco\u00bb<\/strong> (Espacio 16 Casa FOA 2014 La Abadia) por <strong>Renata Gilli Faudin, Silvia Acu\u00f1a y Jimena Vicario<\/strong>. La idea fue dise\u00f1ar un espacio donde se eleva el alma y que el mismo se complemente con el lugar. La Abad\u00eda fue nuestro punto de inspiraci\u00f3n, todo nuestro espacio se relaciona con la espiritualidad de la misma.<\/p>\n<div id='gallery-1' class='gallery galleryid-10762 gallery-columns-3 gallery-size-thumbnail'><figure class='gallery-item'>\n\t\t\t<div class='gallery-icon landscape'>\n\t\t\t\t<a href='https:\/\/www.arquimaster.com.ar\/web\/wp-content\/uploads\/2014\/10\/espacio16_casafoa2014_4.jpg' title=\"Ba\u00f1o P\u00fablico Damas Roca (Espacio 16 Casa FOA 2014) \/ Renata Gilli Faudin, Silvia Acu\u00f1a y Jimena Vicario (\u00a9 Adela Aldama)\" data-rl_title=\"Ba\u00f1o P\u00fablico Damas Roca (Espacio 16 Casa FOA 2014) \/ Renata Gilli Faudin, Silvia Acu\u00f1a y Jimena Vicario (\u00a9 Adela Aldama)\" class=\"rl-gallery-link\" data-rl_caption=\"Ba\u00f1o P\u00fablico Damas Roca (Espacio 16 Casa FOA 2014) \/ Renata Gilli Faudin, Silvia Acu\u00f1a y Jimena Vicario (\u00a9 Adela Aldama)\" data-rel=\"lightbox-gallery-1\"><img loading=\"lazy\" decoding=\"async\" width=\"150\" height=\"150\" src=\"https:\/\/www.arquimaster.com.ar\/web\/wp-content\/uploads\/2014\/10\/espacio16_casafoa2014_4-150x150.jpg\" class=\"attachment-thumbnail size-thumbnail\" alt=\"\" aria-describedby=\"gallery-1-10767\" srcset=\"https:\/\/www.arquimaster.com.ar\/web\/wp-content\/uploads\/2014\/10\/espacio16_casafoa2014_4-150x150.jpg 150w, https:\/\/www.arquimaster.com.ar\/web\/wp-content\/uploads\/2014\/10\/espacio16_casafoa2014_4-50x50.jpg 50w, https:\/\/www.arquimaster.com.ar\/web\/wp-content\/uploads\/2014\/10\/espacio16_casafoa2014_4-125x125.jpg 125w\" sizes=\"auto, (max-width: 150px) 100vw, 150px\" \/><\/a>\n\t\t\t<\/div>\n\t\t\t\t<figcaption class='wp-caption-text gallery-caption' id='gallery-1-10767'>\n\t\t\t\tBa\u00f1o P\u00fablico Damas Roca (Espacio 16 Casa FOA 2014) \/ Renata Gilli Faudin, Silvia Acu\u00f1a y Jimena Vicario (\u00a9 Adela Aldama)\n\t\t\t\t<\/figcaption><\/figure><figure class='gallery-item'>\n\t\t\t<div class='gallery-icon landscape'>\n\t\t\t\t<a href='https:\/\/www.arquimaster.com.ar\/web\/wp-content\/uploads\/2014\/10\/espacio16_casafoa2014_2.jpg' title=\"Ba\u00f1o P\u00fablico Damas Roca (Espacio 16 Casa FOA 2014) \/ Renata Gilli Faudin, Silvia Acu\u00f1a y Jimena Vicario (\u00a9 Adela Aldama)\" data-rl_title=\"Ba\u00f1o P\u00fablico Damas Roca (Espacio 16 Casa FOA 2014) \/ Renata Gilli Faudin, Silvia Acu\u00f1a y Jimena Vicario (\u00a9 Adela Aldama)\" class=\"rl-gallery-link\" data-rl_caption=\"Ba\u00f1o P\u00fablico Damas Roca (Espacio 16 Casa FOA 2014) \/ Renata Gilli Faudin, Silvia Acu\u00f1a y Jimena Vicario (\u00a9 Adela Aldama)\" data-rel=\"lightbox-gallery-1\"><img loading=\"lazy\" decoding=\"async\" width=\"150\" height=\"150\" src=\"https:\/\/www.arquimaster.com.ar\/web\/wp-content\/uploads\/2014\/10\/espacio16_casafoa2014_2-150x150.jpg\" class=\"attachment-thumbnail size-thumbnail\" alt=\"\" aria-describedby=\"gallery-1-10765\" srcset=\"https:\/\/www.arquimaster.com.ar\/web\/wp-content\/uploads\/2014\/10\/espacio16_casafoa2014_2-150x150.jpg 150w, https:\/\/www.arquimaster.com.ar\/web\/wp-content\/uploads\/2014\/10\/espacio16_casafoa2014_2-50x50.jpg 50w, https:\/\/www.arquimaster.com.ar\/web\/wp-content\/uploads\/2014\/10\/espacio16_casafoa2014_2-125x125.jpg 125w\" sizes=\"auto, (max-width: 150px) 100vw, 150px\" \/><\/a>\n\t\t\t<\/div>\n\t\t\t\t<figcaption class='wp-caption-text gallery-caption' id='gallery-1-10765'>\n\t\t\t\tBa\u00f1o P\u00fablico Damas Roca (Espacio 16 Casa FOA 2014) \/ Renata Gilli Faudin, Silvia Acu\u00f1a y Jimena Vicario (\u00a9 Adela Aldama)\n\t\t\t\t<\/figcaption><\/figure><figure class='gallery-item'>\n\t\t\t<div class='gallery-icon landscape'>\n\t\t\t\t<a href='https:\/\/www.arquimaster.com.ar\/web\/wp-content\/uploads\/2014\/10\/espacio16_casafoa2014_3.jpg' title=\"Ba\u00f1o P\u00fablico Damas Roca (Espacio 16 Casa FOA 2014) \/ Renata Gilli Faudin, Silvia Acu\u00f1a y Jimena Vicario (\u00a9 Adela Aldama)\" data-rl_title=\"Ba\u00f1o P\u00fablico Damas Roca (Espacio 16 Casa FOA 2014) \/ Renata Gilli Faudin, Silvia Acu\u00f1a y Jimena Vicario (\u00a9 Adela Aldama)\" class=\"rl-gallery-link\" data-rl_caption=\"Ba\u00f1o P\u00fablico Damas Roca (Espacio 16 Casa FOA 2014) \/ Renata Gilli Faudin, Silvia Acu\u00f1a y Jimena Vicario (\u00a9 Adela Aldama)\" data-rel=\"lightbox-gallery-1\"><img loading=\"lazy\" decoding=\"async\" width=\"150\" height=\"150\" src=\"https:\/\/www.arquimaster.com.ar\/web\/wp-content\/uploads\/2014\/10\/espacio16_casafoa2014_3-150x150.jpg\" class=\"attachment-thumbnail size-thumbnail\" alt=\"\" aria-describedby=\"gallery-1-10766\" srcset=\"https:\/\/www.arquimaster.com.ar\/web\/wp-content\/uploads\/2014\/10\/espacio16_casafoa2014_3-150x150.jpg 150w, https:\/\/www.arquimaster.com.ar\/web\/wp-content\/uploads\/2014\/10\/espacio16_casafoa2014_3-50x50.jpg 50w, https:\/\/www.arquimaster.com.ar\/web\/wp-content\/uploads\/2014\/10\/espacio16_casafoa2014_3-125x125.jpg 125w\" sizes=\"auto, (max-width: 150px) 100vw, 150px\" \/><\/a>\n\t\t\t<\/div>\n\t\t\t\t<figcaption class='wp-caption-text gallery-caption' id='gallery-1-10766'>\n\t\t\t\tBa\u00f1o P\u00fablico Damas Roca (Espacio 16 Casa FOA 2014) \/ Renata Gilli Faudin, Silvia Acu\u00f1a y Jimena Vicario (\u00a9 Adela Aldama)\n\t\t\t\t<\/figcaption><\/figure><figure class='gallery-item'>\n\t\t\t<div class='gallery-icon landscape'>\n\t\t\t\t<a href='https:\/\/www.arquimaster.com.ar\/web\/wp-content\/uploads\/2014\/10\/espacio16_casafoa2014_1.jpg' title=\"Ba\u00f1o P\u00fablico Damas Roca (Espacio 16 Casa FOA 2014) \/ Renata Gilli Faudin, Silvia Acu\u00f1a y Jimena Vicario (\u00a9 Adela Aldama)\" data-rl_title=\"Ba\u00f1o P\u00fablico Damas Roca (Espacio 16 Casa FOA 2014) \/ Renata Gilli Faudin, Silvia Acu\u00f1a y Jimena Vicario (\u00a9 Adela Aldama)\" class=\"rl-gallery-link\" data-rl_caption=\"Ba\u00f1o P\u00fablico Damas Roca (Espacio 16 Casa FOA 2014) \/ Renata Gilli Faudin, Silvia Acu\u00f1a y Jimena Vicario (\u00a9 Adela Aldama)\" data-rel=\"lightbox-gallery-1\"><img loading=\"lazy\" decoding=\"async\" width=\"150\" height=\"150\" src=\"https:\/\/www.arquimaster.com.ar\/web\/wp-content\/uploads\/2014\/10\/espacio16_casafoa2014_1-150x150.jpg\" class=\"attachment-thumbnail size-thumbnail\" alt=\"\" aria-describedby=\"gallery-1-10764\" srcset=\"https:\/\/www.arquimaster.com.ar\/web\/wp-content\/uploads\/2014\/10\/espacio16_casafoa2014_1-150x150.jpg 150w, https:\/\/www.arquimaster.com.ar\/web\/wp-content\/uploads\/2014\/10\/espacio16_casafoa2014_1-50x50.jpg 50w, https:\/\/www.arquimaster.com.ar\/web\/wp-content\/uploads\/2014\/10\/espacio16_casafoa2014_1-125x125.jpg 125w\" sizes=\"auto, (max-width: 150px) 100vw, 150px\" \/><\/a>\n\t\t\t<\/div>\n\t\t\t\t<figcaption class='wp-caption-text gallery-caption' id='gallery-1-10764'>\n\t\t\t\tBa\u00f1o P\u00fablico Damas Roca (Espacio 16 Casa FOA 2014) \/ Renata Gilli Faudin, Silvia Acu\u00f1a y Jimena Vicario (\u00a9 Adela Aldama)\n\t\t\t\t<\/figcaption><\/figure><figure class='gallery-item'>\n\t\t\t<div class='gallery-icon landscape'>\n\t\t\t\t<a href='https:\/\/www.arquimaster.com.ar\/web\/wp-content\/uploads\/2014\/10\/espacio16_casafoa2014_5.jpg' title=\"Ba\u00f1o P\u00fablico Damas Roca (Espacio 16 Casa FOA 2014) \/ Renata Gilli Faudin, Silvia Acu\u00f1a y Jimena Vicario (\u00a9 Adela Aldama)\" data-rl_title=\"Ba\u00f1o P\u00fablico Damas Roca (Espacio 16 Casa FOA 2014) \/ Renata Gilli Faudin, Silvia Acu\u00f1a y Jimena Vicario (\u00a9 Adela Aldama)\" class=\"rl-gallery-link\" data-rl_caption=\"Ba\u00f1o P\u00fablico Damas Roca (Espacio 16 Casa FOA 2014) \/ Renata Gilli Faudin, Silvia Acu\u00f1a y Jimena Vicario (\u00a9 Adela Aldama)\" data-rel=\"lightbox-gallery-1\"><img loading=\"lazy\" decoding=\"async\" width=\"150\" height=\"150\" src=\"https:\/\/www.arquimaster.com.ar\/web\/wp-content\/uploads\/2014\/10\/espacio16_casafoa2014_5-150x150.jpg\" class=\"attachment-thumbnail size-thumbnail\" alt=\"\" aria-describedby=\"gallery-1-10768\" srcset=\"https:\/\/www.arquimaster.com.ar\/web\/wp-content\/uploads\/2014\/10\/espacio16_casafoa2014_5-150x150.jpg 150w, https:\/\/www.arquimaster.com.ar\/web\/wp-content\/uploads\/2014\/10\/espacio16_casafoa2014_5-50x50.jpg 50w, https:\/\/www.arquimaster.com.ar\/web\/wp-content\/uploads\/2014\/10\/espacio16_casafoa2014_5-125x125.jpg 125w\" sizes=\"auto, (max-width: 150px) 100vw, 150px\" \/><\/a>\n\t\t\t<\/div>\n\t\t\t\t<figcaption class='wp-caption-text gallery-caption' id='gallery-1-10768'>\n\t\t\t\tBa\u00f1o P\u00fablico Damas Roca (Espacio 16 Casa FOA 2014) \/ Renata Gilli Faudin, Silvia Acu\u00f1a y Jimena Vicario (\u00a9 Adela Aldama)\n\t\t\t\t<\/figcaption><\/figure><figure class='gallery-item'>\n\t\t\t<div class='gallery-icon landscape'>\n\t\t\t\t<a href='https:\/\/www.arquimaster.com.ar\/web\/wp-content\/uploads\/2014\/10\/espacio16_casafoa2014_6.jpg' title=\"Ba\u00f1o P\u00fablico Damas Roca (Espacio 16 Casa FOA 2014) \/ Renata Gilli Faudin, Silvia Acu\u00f1a y Jimena Vicario (\u00a9 Adela Aldama)\" data-rl_title=\"Ba\u00f1o P\u00fablico Damas Roca (Espacio 16 Casa FOA 2014) \/ Renata Gilli Faudin, Silvia Acu\u00f1a y Jimena Vicario (\u00a9 Adela Aldama)\" class=\"rl-gallery-link\" data-rl_caption=\"Ba\u00f1o P\u00fablico Damas Roca (Espacio 16 Casa FOA 2014) \/ Renata Gilli Faudin, Silvia Acu\u00f1a y Jimena Vicario (\u00a9 Adela Aldama)\" data-rel=\"lightbox-gallery-1\"><img loading=\"lazy\" decoding=\"async\" width=\"150\" height=\"150\" src=\"https:\/\/www.arquimaster.com.ar\/web\/wp-content\/uploads\/2014\/10\/espacio16_casafoa2014_6-150x150.jpg\" class=\"attachment-thumbnail size-thumbnail\" alt=\"\" aria-describedby=\"gallery-1-10769\" srcset=\"https:\/\/www.arquimaster.com.ar\/web\/wp-content\/uploads\/2014\/10\/espacio16_casafoa2014_6-150x150.jpg 150w, https:\/\/www.arquimaster.com.ar\/web\/wp-content\/uploads\/2014\/10\/espacio16_casafoa2014_6-50x50.jpg 50w, https:\/\/www.arquimaster.com.ar\/web\/wp-content\/uploads\/2014\/10\/espacio16_casafoa2014_6-125x125.jpg 125w\" sizes=\"auto, (max-width: 150px) 100vw, 150px\" \/><\/a>\n\t\t\t<\/div>\n\t\t\t\t<figcaption class='wp-caption-text gallery-caption' id='gallery-1-10769'>\n\t\t\t\tBa\u00f1o P\u00fablico Damas Roca (Espacio 16 Casa FOA 2014) \/ Renata Gilli Faudin, Silvia Acu\u00f1a y Jimena Vicario (\u00a9 Adela Aldama)\n\t\t\t\t<\/figcaption><\/figure><figure class='gallery-item'>\n\t\t\t<div class='gallery-icon landscape'>\n\t\t\t\t<a href='https:\/\/www.arquimaster.com.ar\/web\/wp-content\/uploads\/2014\/10\/espacio16_casafoa2014_7.jpg' title=\"Ba\u00f1o P\u00fablico Damas Roca (Espacio 16 Casa FOA 2014) \/ Renata Gilli Faudin, Silvia Acu\u00f1a y Jimena Vicario (\u00a9 Adela Aldama)\" data-rl_title=\"Ba\u00f1o P\u00fablico Damas Roca (Espacio 16 Casa FOA 2014) \/ Renata Gilli Faudin, Silvia Acu\u00f1a y Jimena Vicario (\u00a9 Adela Aldama)\" class=\"rl-gallery-link\" data-rl_caption=\"Ba\u00f1o P\u00fablico Damas Roca (Espacio 16 Casa FOA 2014) \/ Renata Gilli Faudin, Silvia Acu\u00f1a y Jimena Vicario (\u00a9 Adela Aldama)\" data-rel=\"lightbox-gallery-1\"><img loading=\"lazy\" decoding=\"async\" width=\"150\" height=\"150\" src=\"https:\/\/www.arquimaster.com.ar\/web\/wp-content\/uploads\/2014\/10\/espacio16_casafoa2014_7-150x150.jpg\" class=\"attachment-thumbnail size-thumbnail\" alt=\"\" aria-describedby=\"gallery-1-10770\" srcset=\"https:\/\/www.arquimaster.com.ar\/web\/wp-content\/uploads\/2014\/10\/espacio16_casafoa2014_7-150x150.jpg 150w, https:\/\/www.arquimaster.com.ar\/web\/wp-content\/uploads\/2014\/10\/espacio16_casafoa2014_7-50x50.jpg 50w, https:\/\/www.arquimaster.com.ar\/web\/wp-content\/uploads\/2014\/10\/espacio16_casafoa2014_7-125x125.jpg 125w\" sizes=\"auto, (max-width: 150px) 100vw, 150px\" \/><\/a>\n\t\t\t<\/div>\n\t\t\t\t<figcaption class='wp-caption-text gallery-caption' id='gallery-1-10770'>\n\t\t\t\tBa\u00f1o P\u00fablico Damas Roca (Espacio 16 Casa FOA 2014) \/ Renata Gilli Faudin, Silvia Acu\u00f1a y Jimena Vicario (\u00a9 Adela Aldama)\n\t\t\t\t<\/figcaption><\/figure><figure class='gallery-item'>\n\t\t\t<div class='gallery-icon landscape'>\n\t\t\t\t<a href='https:\/\/www.arquimaster.com.ar\/web\/wp-content\/uploads\/2014\/10\/espacio16_casafoa2014_8.jpg' title=\"Ba\u00f1o P\u00fablico Damas Roca (Espacio 16 Casa FOA 2014) \/ Renata Gilli Faudin, Silvia Acu\u00f1a y Jimena Vicario (\u00a9 Adela Aldama)\" data-rl_title=\"Ba\u00f1o P\u00fablico Damas Roca (Espacio 16 Casa FOA 2014) \/ Renata Gilli Faudin, Silvia Acu\u00f1a y Jimena Vicario (\u00a9 Adela Aldama)\" class=\"rl-gallery-link\" data-rl_caption=\"Ba\u00f1o P\u00fablico Damas Roca (Espacio 16 Casa FOA 2014) \/ Renata Gilli Faudin, Silvia Acu\u00f1a y Jimena Vicario (\u00a9 Adela Aldama)\" data-rel=\"lightbox-gallery-1\"><img loading=\"lazy\" decoding=\"async\" width=\"150\" height=\"150\" src=\"https:\/\/www.arquimaster.com.ar\/web\/wp-content\/uploads\/2014\/10\/espacio16_casafoa2014_8-150x150.jpg\" class=\"attachment-thumbnail size-thumbnail\" alt=\"\" aria-describedby=\"gallery-1-10771\" srcset=\"https:\/\/www.arquimaster.com.ar\/web\/wp-content\/uploads\/2014\/10\/espacio16_casafoa2014_8-150x150.jpg 150w, https:\/\/www.arquimaster.com.ar\/web\/wp-content\/uploads\/2014\/10\/espacio16_casafoa2014_8-50x50.jpg 50w, https:\/\/www.arquimaster.com.ar\/web\/wp-content\/uploads\/2014\/10\/espacio16_casafoa2014_8-125x125.jpg 125w\" sizes=\"auto, (max-width: 150px) 100vw, 150px\" \/><\/a>\n\t\t\t<\/div>\n\t\t\t\t<figcaption class='wp-caption-text gallery-caption' id='gallery-1-10771'>\n\t\t\t\tBa\u00f1o P\u00fablico Damas Roca (Espacio 16 Casa FOA 2014) \/ Renata Gilli Faudin, Silvia Acu\u00f1a y Jimena Vicario (\u00a9 Adela Aldama)\n\t\t\t\t<\/figcaption><\/figure><figure class='gallery-item'>\n\t\t\t<div class='gallery-icon landscape'>\n\t\t\t\t<a href='https:\/\/www.arquimaster.com.ar\/web\/wp-content\/uploads\/2014\/10\/espacio16_casafoa2014_9.jpg' title=\"Ba\u00f1o P\u00fablico Damas Roca (Espacio 16 Casa FOA 2014) \/ Renata Gilli Faudin, Silvia Acu\u00f1a y Jimena Vicario (\u00a9 Adela Aldama)\" data-rl_title=\"Ba\u00f1o P\u00fablico Damas Roca (Espacio 16 Casa FOA 2014) \/ Renata Gilli Faudin, Silvia Acu\u00f1a y Jimena Vicario (\u00a9 Adela Aldama)\" class=\"rl-gallery-link\" data-rl_caption=\"Ba\u00f1o P\u00fablico Damas Roca (Espacio 16 Casa FOA 2014) \/ Renata Gilli Faudin, Silvia Acu\u00f1a y Jimena Vicario (\u00a9 Adela Aldama)\" data-rel=\"lightbox-gallery-1\"><img loading=\"lazy\" decoding=\"async\" width=\"150\" height=\"150\" src=\"https:\/\/www.arquimaster.com.ar\/web\/wp-content\/uploads\/2014\/10\/espacio16_casafoa2014_9-150x150.jpg\" class=\"attachment-thumbnail size-thumbnail\" alt=\"\" aria-describedby=\"gallery-1-10772\" srcset=\"https:\/\/www.arquimaster.com.ar\/web\/wp-content\/uploads\/2014\/10\/espacio16_casafoa2014_9-150x150.jpg 150w, https:\/\/www.arquimaster.com.ar\/web\/wp-content\/uploads\/2014\/10\/espacio16_casafoa2014_9-50x50.jpg 50w, https:\/\/www.arquimaster.com.ar\/web\/wp-content\/uploads\/2014\/10\/espacio16_casafoa2014_9-125x125.jpg 125w\" sizes=\"auto, (max-width: 150px) 100vw, 150px\" \/><\/a>\n\t\t\t<\/div>\n\t\t\t\t<figcaption class='wp-caption-text gallery-caption' id='gallery-1-10772'>\n\t\t\t\tBa\u00f1o P\u00fablico Damas Roca (Espacio 16 Casa FOA 2014) \/ Renata Gilli Faudin, Silvia Acu\u00f1a y Jimena Vicario (\u00a9 Adela Aldama)\n\t\t\t\t<\/figcaption><\/figure><figure class='gallery-item'>\n\t\t\t<div class='gallery-icon landscape'>\n\t\t\t\t<a href='https:\/\/www.arquimaster.com.ar\/web\/wp-content\/uploads\/2014\/10\/espacio16_casafoa2014_10.jpg' title=\"Ba\u00f1o P\u00fablico Damas Roca (Espacio 16 Casa FOA 2014) \/ Renata Gilli Faudin, Silvia Acu\u00f1a y Jimena Vicario (\u00a9 Adela Aldama)\" data-rl_title=\"Ba\u00f1o P\u00fablico Damas Roca (Espacio 16 Casa FOA 2014) \/ Renata Gilli Faudin, Silvia Acu\u00f1a y Jimena Vicario (\u00a9 Adela Aldama)\" class=\"rl-gallery-link\" data-rl_caption=\"Ba\u00f1o P\u00fablico Damas Roca (Espacio 16 Casa FOA 2014) \/ Renata Gilli Faudin, Silvia Acu\u00f1a y Jimena Vicario (\u00a9 Adela Aldama)\" data-rel=\"lightbox-gallery-1\"><img loading=\"lazy\" decoding=\"async\" width=\"150\" height=\"150\" src=\"https:\/\/www.arquimaster.com.ar\/web\/wp-content\/uploads\/2014\/10\/espacio16_casafoa2014_10-150x150.jpg\" class=\"attachment-thumbnail size-thumbnail\" alt=\"\" aria-describedby=\"gallery-1-10773\" srcset=\"https:\/\/www.arquimaster.com.ar\/web\/wp-content\/uploads\/2014\/10\/espacio16_casafoa2014_10-150x150.jpg 150w, https:\/\/www.arquimaster.com.ar\/web\/wp-content\/uploads\/2014\/10\/espacio16_casafoa2014_10-50x50.jpg 50w, https:\/\/www.arquimaster.com.ar\/web\/wp-content\/uploads\/2014\/10\/espacio16_casafoa2014_10-125x125.jpg 125w\" sizes=\"auto, (max-width: 150px) 100vw, 150px\" \/><\/a>\n\t\t\t<\/div>\n\t\t\t\t<figcaption class='wp-caption-text gallery-caption' id='gallery-1-10773'>\n\t\t\t\tBa\u00f1o P\u00fablico Damas Roca (Espacio 16 Casa FOA 2014) \/ Renata Gilli Faudin, Silvia Acu\u00f1a y Jimena Vicario (\u00a9 Adela Aldama)\n\t\t\t\t<\/figcaption><\/figure><figure class='gallery-item'>\n\t\t\t<div class='gallery-icon landscape'>\n\t\t\t\t<a href='https:\/\/www.arquimaster.com.ar\/web\/wp-content\/uploads\/2014\/10\/espacio16_casafoa2014_11.jpg' title=\"Ba\u00f1o P\u00fablico Damas Roca (Espacio 16 Casa FOA 2014) \/ Renata Gilli Faudin, Silvia Acu\u00f1a y Jimena Vicario (\u00a9 Adela Aldama)\" data-rl_title=\"Ba\u00f1o P\u00fablico Damas Roca (Espacio 16 Casa FOA 2014) \/ Renata Gilli Faudin, Silvia Acu\u00f1a y Jimena Vicario (\u00a9 Adela Aldama)\" class=\"rl-gallery-link\" data-rl_caption=\"Ba\u00f1o P\u00fablico Damas Roca (Espacio 16 Casa FOA 2014) \/ Renata Gilli Faudin, Silvia Acu\u00f1a y Jimena Vicario (\u00a9 Adela Aldama)\" data-rel=\"lightbox-gallery-1\"><img loading=\"lazy\" decoding=\"async\" width=\"150\" height=\"150\" src=\"https:\/\/www.arquimaster.com.ar\/web\/wp-content\/uploads\/2014\/10\/espacio16_casafoa2014_11-150x150.jpg\" class=\"attachment-thumbnail size-thumbnail\" alt=\"\" aria-describedby=\"gallery-1-10774\" srcset=\"https:\/\/www.arquimaster.com.ar\/web\/wp-content\/uploads\/2014\/10\/espacio16_casafoa2014_11-150x150.jpg 150w, https:\/\/www.arquimaster.com.ar\/web\/wp-content\/uploads\/2014\/10\/espacio16_casafoa2014_11-50x50.jpg 50w, https:\/\/www.arquimaster.com.ar\/web\/wp-content\/uploads\/2014\/10\/espacio16_casafoa2014_11-125x125.jpg 125w\" sizes=\"auto, (max-width: 150px) 100vw, 150px\" \/><\/a>\n\t\t\t<\/div>\n\t\t\t\t<figcaption class='wp-caption-text gallery-caption' id='gallery-1-10774'>\n\t\t\t\tBa\u00f1o P\u00fablico Damas Roca (Espacio 16 Casa FOA 2014) \/ Renata Gilli Faudin, Silvia Acu\u00f1a y Jimena Vicario (\u00a9 Adela Aldama)\n\t\t\t\t<\/figcaption><\/figure><figure class='gallery-item'>\n\t\t\t<div class='gallery-icon portrait'>\n\t\t\t\t<a href='https:\/\/www.arquimaster.com.ar\/web\/wp-content\/uploads\/2014\/10\/espacio16_casafoa2014_12.jpg' title=\"Ba\u00f1o P\u00fablico Damas Roca (Espacio 16 Casa FOA 2014) \/ Renata Gilli Faudin, Silvia Acu\u00f1a y Jimena Vicario (\u00a9 Adela Aldama)\" data-rl_title=\"Ba\u00f1o P\u00fablico Damas Roca (Espacio 16 Casa FOA 2014) \/ Renata Gilli Faudin, Silvia Acu\u00f1a y Jimena Vicario (\u00a9 Adela Aldama)\" class=\"rl-gallery-link\" data-rl_caption=\"Ba\u00f1o P\u00fablico Damas Roca (Espacio 16 Casa FOA 2014) \/ Renata Gilli Faudin, Silvia Acu\u00f1a y Jimena Vicario (\u00a9 Adela Aldama)\" data-rel=\"lightbox-gallery-1\"><img loading=\"lazy\" decoding=\"async\" width=\"150\" height=\"150\" src=\"https:\/\/www.arquimaster.com.ar\/web\/wp-content\/uploads\/2014\/10\/espacio16_casafoa2014_12-150x150.jpg\" class=\"attachment-thumbnail size-thumbnail\" alt=\"\" aria-describedby=\"gallery-1-10775\" srcset=\"https:\/\/www.arquimaster.com.ar\/web\/wp-content\/uploads\/2014\/10\/espacio16_casafoa2014_12-150x150.jpg 150w, https:\/\/www.arquimaster.com.ar\/web\/wp-content\/uploads\/2014\/10\/espacio16_casafoa2014_12-50x50.jpg 50w, https:\/\/www.arquimaster.com.ar\/web\/wp-content\/uploads\/2014\/10\/espacio16_casafoa2014_12-125x125.jpg 125w\" sizes=\"auto, (max-width: 150px) 100vw, 150px\" \/><\/a>\n\t\t\t<\/div>\n\t\t\t\t<figcaption class='wp-caption-text gallery-caption' id='gallery-1-10775'>\n\t\t\t\tBa\u00f1o P\u00fablico Damas Roca (Espacio 16 Casa FOA 2014) \/ Renata Gilli Faudin, Silvia Acu\u00f1a y Jimena Vicario (\u00a9 Adela Aldama)\n\t\t\t\t<\/figcaption><\/figure><figure class='gallery-item'>\n\t\t\t<div class='gallery-icon portrait'>\n\t\t\t\t<a href='https:\/\/www.arquimaster.com.ar\/web\/wp-content\/uploads\/2014\/10\/espacio16_casafoa2014_13.jpg' title=\"Ba\u00f1o P\u00fablico Damas Roca (Espacio 16 Casa FOA 2014) \/ Renata Gilli Faudin, Silvia Acu\u00f1a y Jimena Vicario (\u00a9 Adela Aldama)\" data-rl_title=\"Ba\u00f1o P\u00fablico Damas Roca (Espacio 16 Casa FOA 2014) \/ Renata Gilli Faudin, Silvia Acu\u00f1a y Jimena Vicario (\u00a9 Adela Aldama)\" class=\"rl-gallery-link\" data-rl_caption=\"Ba\u00f1o P\u00fablico Damas Roca (Espacio 16 Casa FOA 2014) \/ Renata Gilli Faudin, Silvia Acu\u00f1a y Jimena Vicario (\u00a9 Adela Aldama)\" data-rel=\"lightbox-gallery-1\"><img loading=\"lazy\" decoding=\"async\" width=\"150\" height=\"150\" src=\"https:\/\/www.arquimaster.com.ar\/web\/wp-content\/uploads\/2014\/10\/espacio16_casafoa2014_13-150x150.jpg\" class=\"attachment-thumbnail size-thumbnail\" alt=\"\" aria-describedby=\"gallery-1-10776\" srcset=\"https:\/\/www.arquimaster.com.ar\/web\/wp-content\/uploads\/2014\/10\/espacio16_casafoa2014_13-150x150.jpg 150w, https:\/\/www.arquimaster.com.ar\/web\/wp-content\/uploads\/2014\/10\/espacio16_casafoa2014_13-50x50.jpg 50w, https:\/\/www.arquimaster.com.ar\/web\/wp-content\/uploads\/2014\/10\/espacio16_casafoa2014_13-125x125.jpg 125w\" sizes=\"auto, (max-width: 150px) 100vw, 150px\" \/><\/a>\n\t\t\t<\/div>\n\t\t\t\t<figcaption class='wp-caption-text gallery-caption' id='gallery-1-10776'>\n\t\t\t\tBa\u00f1o P\u00fablico Damas Roca (Espacio 16 Casa FOA 2014) \/ Renata Gilli Faudin, Silvia Acu\u00f1a y Jimena Vicario (\u00a9 Adela Aldama)\n\t\t\t\t<\/figcaption><\/figure><figure class='gallery-item'>\n\t\t\t<div class='gallery-icon landscape'>\n\t\t\t\t<a href='https:\/\/www.arquimaster.com.ar\/web\/wp-content\/uploads\/2014\/10\/espacio16_casafoa2014_14.jpg' title=\"Ba\u00f1o P\u00fablico Damas Roca (Espacio 16 Casa FOA 2014) \/ Renata Gilli Faudin, Silvia Acu\u00f1a y Jimena Vicario (\u00a9 Adela Aldama)\" data-rl_title=\"Ba\u00f1o P\u00fablico Damas Roca (Espacio 16 Casa FOA 2014) \/ Renata Gilli Faudin, Silvia Acu\u00f1a y Jimena Vicario (\u00a9 Adela Aldama)\" class=\"rl-gallery-link\" data-rl_caption=\"Ba\u00f1o P\u00fablico Damas Roca (Espacio 16 Casa FOA 2014) \/ Renata Gilli Faudin, Silvia Acu\u00f1a y Jimena Vicario (\u00a9 Adela Aldama)\" data-rel=\"lightbox-gallery-1\"><img loading=\"lazy\" decoding=\"async\" width=\"150\" height=\"150\" src=\"https:\/\/www.arquimaster.com.ar\/web\/wp-content\/uploads\/2014\/10\/espacio16_casafoa2014_14-150x150.jpg\" class=\"attachment-thumbnail size-thumbnail\" alt=\"\" aria-describedby=\"gallery-1-10777\" srcset=\"https:\/\/www.arquimaster.com.ar\/web\/wp-content\/uploads\/2014\/10\/espacio16_casafoa2014_14-150x150.jpg 150w, https:\/\/www.arquimaster.com.ar\/web\/wp-content\/uploads\/2014\/10\/espacio16_casafoa2014_14-50x50.jpg 50w, https:\/\/www.arquimaster.com.ar\/web\/wp-content\/uploads\/2014\/10\/espacio16_casafoa2014_14-125x125.jpg 125w\" sizes=\"auto, (max-width: 150px) 100vw, 150px\" \/><\/a>\n\t\t\t<\/div>\n\t\t\t\t<figcaption class='wp-caption-text gallery-caption' id='gallery-1-10777'>\n\t\t\t\tBa\u00f1o P\u00fablico Damas Roca (Espacio 16 Casa FOA 2014) \/ Renata Gilli Faudin, Silvia Acu\u00f1a y Jimena Vicario (\u00a9 Adela Aldama)\n\t\t\t\t<\/figcaption><\/figure><figure class='gallery-item'>\n\t\t\t<div class='gallery-icon landscape'>\n\t\t\t\t<a href='https:\/\/www.arquimaster.com.ar\/web\/wp-content\/uploads\/2014\/10\/espacio16_casafoa2014_15.jpg' title=\"Ba\u00f1o P\u00fablico Damas Roca (Espacio 16 Casa FOA 2014) \/ Renata Gilli Faudin, Silvia Acu\u00f1a y Jimena Vicario (\u00a9 Adela Aldama)\" data-rl_title=\"Ba\u00f1o P\u00fablico Damas Roca (Espacio 16 Casa FOA 2014) \/ Renata Gilli Faudin, Silvia Acu\u00f1a y Jimena Vicario (\u00a9 Adela Aldama)\" class=\"rl-gallery-link\" data-rl_caption=\"Ba\u00f1o P\u00fablico Damas Roca (Espacio 16 Casa FOA 2014) \/ Renata Gilli Faudin, Silvia Acu\u00f1a y Jimena Vicario (\u00a9 Adela Aldama)\" data-rel=\"lightbox-gallery-1\"><img loading=\"lazy\" decoding=\"async\" width=\"150\" height=\"150\" src=\"https:\/\/www.arquimaster.com.ar\/web\/wp-content\/uploads\/2014\/10\/espacio16_casafoa2014_15-150x150.jpg\" class=\"attachment-thumbnail size-thumbnail\" alt=\"\" aria-describedby=\"gallery-1-10778\" srcset=\"https:\/\/www.arquimaster.com.ar\/web\/wp-content\/uploads\/2014\/10\/espacio16_casafoa2014_15-150x150.jpg 150w, https:\/\/www.arquimaster.com.ar\/web\/wp-content\/uploads\/2014\/10\/espacio16_casafoa2014_15-50x50.jpg 50w, https:\/\/www.arquimaster.com.ar\/web\/wp-content\/uploads\/2014\/10\/espacio16_casafoa2014_15-125x125.jpg 125w\" sizes=\"auto, (max-width: 150px) 100vw, 150px\" \/><\/a>\n\t\t\t<\/div>\n\t\t\t\t<figcaption class='wp-caption-text gallery-caption' id='gallery-1-10778'>\n\t\t\t\tBa\u00f1o P\u00fablico Damas Roca (Espacio 16 Casa FOA 2014) \/ Renata Gilli Faudin, Silvia Acu\u00f1a y Jimena Vicario (\u00a9 Adela Aldama)\n\t\t\t\t<\/figcaption><\/figure><figure class='gallery-item'>\n\t\t\t<div class='gallery-icon landscape'>\n\t\t\t\t<a href='https:\/\/www.arquimaster.com.ar\/web\/wp-content\/uploads\/2014\/10\/espacio16_casafoa2014_16.jpg' title=\"Ba\u00f1o P\u00fablico Damas Roca (Espacio 16 Casa FOA 2014) \/ Renata Gilli Faudin, Silvia Acu\u00f1a y Jimena Vicario (\u00a9 Adela Aldama)\" data-rl_title=\"Ba\u00f1o P\u00fablico Damas Roca (Espacio 16 Casa FOA 2014) \/ Renata Gilli Faudin, Silvia Acu\u00f1a y Jimena Vicario (\u00a9 Adela Aldama)\" class=\"rl-gallery-link\" data-rl_caption=\"Ba\u00f1o P\u00fablico Damas Roca (Espacio 16 Casa FOA 2014) \/ Renata Gilli Faudin, Silvia Acu\u00f1a y Jimena Vicario (\u00a9 Adela Aldama)\" data-rel=\"lightbox-gallery-1\"><img loading=\"lazy\" decoding=\"async\" width=\"150\" height=\"150\" src=\"https:\/\/www.arquimaster.com.ar\/web\/wp-content\/uploads\/2014\/10\/espacio16_casafoa2014_16-150x150.jpg\" class=\"attachment-thumbnail size-thumbnail\" alt=\"\" aria-describedby=\"gallery-1-10779\" srcset=\"https:\/\/www.arquimaster.com.ar\/web\/wp-content\/uploads\/2014\/10\/espacio16_casafoa2014_16-150x150.jpg 150w, https:\/\/www.arquimaster.com.ar\/web\/wp-content\/uploads\/2014\/10\/espacio16_casafoa2014_16-50x50.jpg 50w, https:\/\/www.arquimaster.com.ar\/web\/wp-content\/uploads\/2014\/10\/espacio16_casafoa2014_16-125x125.jpg 125w\" sizes=\"auto, (max-width: 150px) 100vw, 150px\" \/><\/a>\n\t\t\t<\/div>\n\t\t\t\t<figcaption class='wp-caption-text gallery-caption' id='gallery-1-10779'>\n\t\t\t\tBa\u00f1o P\u00fablico Damas Roca (Espacio 16 Casa FOA 2014) \/ Renata Gilli Faudin, Silvia Acu\u00f1a y Jimena Vicario (\u00a9 Adela Aldama)\n\t\t\t\t<\/figcaption><\/figure><figure class='gallery-item'>\n\t\t\t<div class='gallery-icon portrait'>\n\t\t\t\t<a href='https:\/\/www.arquimaster.com.ar\/web\/wp-content\/uploads\/2014\/10\/espacio16_casafoa2014_17.jpg' title=\"Ba\u00f1o P\u00fablico Damas Roca (Espacio 16 Casa FOA 2014) \/ Renata Gilli Faudin, Silvia Acu\u00f1a y Jimena Vicario (\u00a9 Adela Aldama)\" data-rl_title=\"Ba\u00f1o P\u00fablico Damas Roca (Espacio 16 Casa FOA 2014) \/ Renata Gilli Faudin, Silvia Acu\u00f1a y Jimena Vicario (\u00a9 Adela Aldama)\" class=\"rl-gallery-link\" data-rl_caption=\"Ba\u00f1o P\u00fablico Damas Roca (Espacio 16 Casa FOA 2014) \/ Renata Gilli Faudin, Silvia Acu\u00f1a y Jimena Vicario (\u00a9 Adela Aldama)\" data-rel=\"lightbox-gallery-1\"><img loading=\"lazy\" decoding=\"async\" width=\"150\" height=\"150\" src=\"https:\/\/www.arquimaster.com.ar\/web\/wp-content\/uploads\/2014\/10\/espacio16_casafoa2014_17-150x150.jpg\" class=\"attachment-thumbnail size-thumbnail\" alt=\"\" aria-describedby=\"gallery-1-10780\" srcset=\"https:\/\/www.arquimaster.com.ar\/web\/wp-content\/uploads\/2014\/10\/espacio16_casafoa2014_17-150x150.jpg 150w, https:\/\/www.arquimaster.com.ar\/web\/wp-content\/uploads\/2014\/10\/espacio16_casafoa2014_17-50x50.jpg 50w, https:\/\/www.arquimaster.com.ar\/web\/wp-content\/uploads\/2014\/10\/espacio16_casafoa2014_17-125x125.jpg 125w\" sizes=\"auto, (max-width: 150px) 100vw, 150px\" \/><\/a>\n\t\t\t<\/div>\n\t\t\t\t<figcaption class='wp-caption-text gallery-caption' id='gallery-1-10780'>\n\t\t\t\tBa\u00f1o P\u00fablico Damas Roca (Espacio 16 Casa FOA 2014) \/ Renata Gilli Faudin, Silvia Acu\u00f1a y Jimena Vicario (\u00a9 Adela Aldama)\n\t\t\t\t<\/figcaption><\/figure><figure class='gallery-item'>\n\t\t\t<div class='gallery-icon landscape'>\n\t\t\t\t<a href='https:\/\/www.arquimaster.com.ar\/web\/wp-content\/uploads\/2014\/10\/espacio16_casafoa2014_18.jpg' title=\"Ba\u00f1o P\u00fablico Damas Roca (Espacio 16 Casa FOA 2014) \/ Renata Gilli Faudin, Silvia Acu\u00f1a y Jimena Vicario (\u00a9 Casa FOA)\" data-rl_title=\"Ba\u00f1o P\u00fablico Damas Roca (Espacio 16 Casa FOA 2014) \/ Renata Gilli Faudin, Silvia Acu\u00f1a y Jimena Vicario (\u00a9 Casa FOA)\" class=\"rl-gallery-link\" data-rl_caption=\"Ba\u00f1o P\u00fablico Damas Roca (Espacio 16 Casa FOA 2014) \/ Renata Gilli Faudin, Silvia Acu\u00f1a y Jimena Vicario (\u00a9 Casa FOA)\" data-rel=\"lightbox-gallery-1\"><img loading=\"lazy\" decoding=\"async\" width=\"150\" height=\"150\" src=\"https:\/\/www.arquimaster.com.ar\/web\/wp-content\/uploads\/2014\/10\/espacio16_casafoa2014_18-150x150.jpg\" class=\"attachment-thumbnail size-thumbnail\" alt=\"\" aria-describedby=\"gallery-1-10781\" srcset=\"https:\/\/www.arquimaster.com.ar\/web\/wp-content\/uploads\/2014\/10\/espacio16_casafoa2014_18-150x150.jpg 150w, https:\/\/www.arquimaster.com.ar\/web\/wp-content\/uploads\/2014\/10\/espacio16_casafoa2014_18-50x50.jpg 50w, https:\/\/www.arquimaster.com.ar\/web\/wp-content\/uploads\/2014\/10\/espacio16_casafoa2014_18-125x125.jpg 125w\" sizes=\"auto, (max-width: 150px) 100vw, 150px\" \/><\/a>\n\t\t\t<\/div>\n\t\t\t\t<figcaption class='wp-caption-text gallery-caption' id='gallery-1-10781'>\n\t\t\t\tBa\u00f1o P\u00fablico Damas Roca (Espacio 16 Casa FOA 2014) \/ Renata Gilli Faudin, Silvia Acu\u00f1a y Jimena Vicario (\u00a9 Casa FOA)\n\t\t\t\t<\/figcaption><\/figure>\n\t\t<\/div>\n\n<p>Partimos de tres elementos para lograrlo, La Curva, que representa lo org\u00e1nico, la arquitectura neo rom\u00e1nica, y el color Blanco, que es la pureza, la calma y La Luz, lo espiritual.<\/p>\n<p>Las curvas se inspiran en los arcos de medio punto que envuelven el claustro, y tambi\u00e9n en la naturaleza del lugar. El color blanco y la luz son recursos que usamos en nuestras obras, para generar atm\u00f3sferas \u00fanicas en los espacios arquitect\u00f3nicos, y en este caso, precisamente, el blanco representa la pureza, la calma y la luminosidad que transmite el lugar.<\/p>\n<p>Debido a la finalidad de nuestro espacio,se hizo hincapi\u00e9 en los lavabos, se busc\u00f3 que ellos sean los protagonistas y que se mimeticen con el mismo.<\/p>\n<p>La l\u00ednea de sanitarios elegida fue Frontalis de Roca, por sus l\u00edneas curvas, org\u00e1nicas, dej\u00e1ndolos suspendidos sobre un m\u00e1rmol de fondo, piedra como elemento, que tambi\u00e9n forma parte de la historia del lugar.<\/p>\n<p>El vidrio se hace presente a trav\u00e9s de paneles divisorios de los boxes, dando ligereza y luminosidad al espacio.<\/p>\n<p>Todo el espacio es blanco, es una caja blanca, la iluminaci\u00f3n general y puntual forma parte del dise\u00f1o del espacio es parte del clima que quisimos lograr con luz blanca fr\u00eda&#8230; para elevar el alma&#8230;<\/p>\n<p>La obra de arte tamb\u00eden se llama \u00abEn Blanco y Blanco\u00bb y su autora es la Arq. Renata Gilli Faudin.<\/p>\n<p><strong>Premios<\/strong><br \/>\nPremio Casa FOA y Roca \u00abA la mejor exhibici\u00f3n de Ba\u00f1o\u00bb<\/p>\n<p><strong>Contacto<\/strong><br \/>\n<a title=\"Renata Gilli Faudin\" href=\"http:\/\/www.renatagillifaudin.com.ar\" target=\"_blank\">http:\/\/www.renatagillifaudin.com.ar<\/a><br \/>\n<a title=\"Silvia Acu\u00f1a\" href=\"http:\/\/www.facebook.com\/silvia.arq\" target=\"_blank\">http:\/\/www.facebook.com\/silvia.arq<\/a><br \/>\n<a title=\"Jimena Vicario\" href=\"http:\/\/www.jimenavicario.com.ar\" target=\"_blank\">http:\/\/www.jimenavicario.com.ar<\/a><\/p>\n<p>Fotos cortesia de Renata Gilli Faudin, Silvia Acu\u00f1a y Jimena Vicario<\/p>\n\n<div style=\"font-size: 0px; height: 0px; line-height: 0px; margin: 0; padding: 0; clear: both;\"><\/div><div style=\"margin-top: 0px; margin-bottom: 0px;\" class=\"sharethis-inline-share-buttons\" ><\/div>","protected":false},"excerpt":{"rendered":"<p>La idea fue dise\u00f1ar un espacio donde se eleve el alma y se complemente con el lugar&#8230;<\/p>\n","protected":false},"author":1,"featured_media":10763,"comment_status":"closed","ping_status":"closed","sticky":false,"template":"","format":"standard","meta":{"_uag_custom_page_level_css":"","footnotes":""},"categories":[2680,55],"tags":[327,2773,2066,3524,37,1697,1401,2776,2681,2774,1573,2775],"class_list":["post-10762","post","type-post","status-publish","format-standard","has-post-thumbnail","hentry","category-casa-foa-2014","category-diseno","tag-bano","tag-bano-publico","tag-casa-foa","tag-casa-foa-2014","tag-decoracion","tag-diseno-de-interiores","tag-foa","tag-jimena-vicario","tag-la-abadia","tag-renata-gilli-faudin","tag-roca","tag-silvia-acuna","generate-columns","tablet-grid-50","mobile-grid-100","grid-parent","grid-50"],"yoast_head":"<!-- This site is optimized with the Yoast SEO plugin v27.3 - https:\/\/yoast.com\/product\/yoast-seo-wordpress\/ -->\n<title>Ba\u00f1o P\u00fablico Damas Roca (Espacio 16 Casa FOA 2014) \/ Renata Gilli Faudin, Silvia Acu\u00f1a y Jimena Vicario - Arquimaster<\/title>\n<meta name=\"robots\" content=\"index, follow, max-snippet:-1, max-image-preview:large, max-video-preview:-1\" \/>\n<link rel=\"canonical\" href=\"https:\/\/www.arquimaster.com.ar\/web\/bano-publico-damas-roca-espacio-16-casa-foa-2014-renata-gilli-faudin-silvia-acuna-y-jimena-vicario\/\" \/>\n<meta property=\"og:locale\" content=\"es_ES\" \/>\n<meta property=\"og:type\" content=\"article\" \/>\n<meta property=\"og:title\" content=\"Ba\u00f1o P\u00fablico Damas Roca (Espacio 16 Casa FOA 2014) \/ Renata Gilli Faudin, Silvia Acu\u00f1a y Jimena Vicario - Arquimaster\" \/>\n<meta property=\"og:description\" content=\"La idea fue dise\u00f1ar un espacio donde se eleve el alma y se complemente con el lugar...\" \/>\n<meta property=\"og:url\" content=\"https:\/\/www.arquimaster.com.ar\/web\/bano-publico-damas-roca-espacio-16-casa-foa-2014-renata-gilli-faudin-silvia-acuna-y-jimena-vicario\/\" \/>\n<meta property=\"og:site_name\" content=\"Arquimaster\" \/>\n<meta property=\"article:publisher\" content=\"http:\/\/www.facebook.com\/ARQUIMASTER.com.ar\" \/>\n<meta property=\"article:published_time\" content=\"2014-10-26T11:00:50+00:00\" \/>\n<meta property=\"article:modified_time\" content=\"2014-10-27T23:42:15+00:00\" \/>\n<meta property=\"og:image\" content=\"https:\/\/www.arquimaster.com.ar\/web\/wp-content\/uploads\/2014\/10\/espacio16_casafoa2014_slide.jpg\" \/>\n\t<meta property=\"og:image:width\" content=\"642\" \/>\n\t<meta property=\"og:image:height\" content=\"336\" \/>\n\t<meta property=\"og:image:type\" content=\"image\/jpeg\" \/>\n<meta name=\"author\" content=\"Arquimaster\" \/>\n<meta name=\"twitter:card\" content=\"summary_large_image\" \/>\n<meta name=\"twitter:creator\" content=\"@arquimaster\" \/>\n<meta name=\"twitter:site\" content=\"@arquimaster\" \/>\n<meta name=\"twitter:label1\" content=\"Escrito por\" \/>\n\t<meta name=\"twitter:data1\" content=\"Arquimaster\" \/>\n\t<meta name=\"twitter:label2\" content=\"Tiempo de lectura\" \/>\n\t<meta name=\"twitter:data2\" content=\"2 minutos\" \/>\n<script type=\"application\/ld+json\" class=\"yoast-schema-graph\">{\"@context\":\"https:\\\/\\\/schema.org\",\"@graph\":[{\"@type\":\"Article\",\"@id\":\"https:\\\/\\\/www.arquimaster.com.ar\\\/web\\\/bano-publico-damas-roca-espacio-16-casa-foa-2014-renata-gilli-faudin-silvia-acuna-y-jimena-vicario\\\/#article\",\"isPartOf\":{\"@id\":\"https:\\\/\\\/www.arquimaster.com.ar\\\/web\\\/bano-publico-damas-roca-espacio-16-casa-foa-2014-renata-gilli-faudin-silvia-acuna-y-jimena-vicario\\\/\"},\"author\":{\"name\":\"Arquimaster\",\"@id\":\"https:\\\/\\\/www.arquimaster.com.ar\\\/web\\\/#\\\/schema\\\/person\\\/359e9f7c00193fcde068e0dd2ceb0028\"},\"headline\":\"Ba\u00f1o P\u00fablico Damas Roca (Espacio 16 Casa FOA 2014) \\\/ Renata Gilli Faudin, Silvia Acu\u00f1a y Jimena Vicario\",\"datePublished\":\"2014-10-26T11:00:50+00:00\",\"dateModified\":\"2014-10-27T23:42:15+00:00\",\"mainEntityOfPage\":{\"@id\":\"https:\\\/\\\/www.arquimaster.com.ar\\\/web\\\/bano-publico-damas-roca-espacio-16-casa-foa-2014-renata-gilli-faudin-silvia-acuna-y-jimena-vicario\\\/\"},\"wordCount\":373,\"publisher\":{\"@id\":\"https:\\\/\\\/www.arquimaster.com.ar\\\/web\\\/#organization\"},\"image\":{\"@id\":\"https:\\\/\\\/www.arquimaster.com.ar\\\/web\\\/bano-publico-damas-roca-espacio-16-casa-foa-2014-renata-gilli-faudin-silvia-acuna-y-jimena-vicario\\\/#primaryimage\"},\"thumbnailUrl\":\"https:\\\/\\\/www.arquimaster.com.ar\\\/web\\\/wp-content\\\/uploads\\\/2014\\\/10\\\/espacio16_casafoa2014_slide.jpg\",\"keywords\":[\"ba\u00f1o\",\"ba\u00f1o publico\",\"Casa FOA\",\"Casa FOA 2014\",\"decoracion\",\"dise\u00f1o de interiores\",\"FOA\",\"Jimena Vicario\",\"La Abadia\",\"Renata Gilli Faudin\",\"Roca\",\"Silvia Acu\u00f1a\"],\"articleSection\":[\"Casa FOA 2014\",\"Dise\u00f1o\"],\"inLanguage\":\"es\"},{\"@type\":\"WebPage\",\"@id\":\"https:\\\/\\\/www.arquimaster.com.ar\\\/web\\\/bano-publico-damas-roca-espacio-16-casa-foa-2014-renata-gilli-faudin-silvia-acuna-y-jimena-vicario\\\/\",\"url\":\"https:\\\/\\\/www.arquimaster.com.ar\\\/web\\\/bano-publico-damas-roca-espacio-16-casa-foa-2014-renata-gilli-faudin-silvia-acuna-y-jimena-vicario\\\/\",\"name\":\"Ba\u00f1o P\u00fablico Damas Roca (Espacio 16 Casa FOA 2014) \\\/ Renata Gilli Faudin, Silvia Acu\u00f1a y Jimena Vicario - Arquimaster\",\"isPartOf\":{\"@id\":\"https:\\\/\\\/www.arquimaster.com.ar\\\/web\\\/#website\"},\"primaryImageOfPage\":{\"@id\":\"https:\\\/\\\/www.arquimaster.com.ar\\\/web\\\/bano-publico-damas-roca-espacio-16-casa-foa-2014-renata-gilli-faudin-silvia-acuna-y-jimena-vicario\\\/#primaryimage\"},\"image\":{\"@id\":\"https:\\\/\\\/www.arquimaster.com.ar\\\/web\\\/bano-publico-damas-roca-espacio-16-casa-foa-2014-renata-gilli-faudin-silvia-acuna-y-jimena-vicario\\\/#primaryimage\"},\"thumbnailUrl\":\"https:\\\/\\\/www.arquimaster.com.ar\\\/web\\\/wp-content\\\/uploads\\\/2014\\\/10\\\/espacio16_casafoa2014_slide.jpg\",\"datePublished\":\"2014-10-26T11:00:50+00:00\",\"dateModified\":\"2014-10-27T23:42:15+00:00\",\"breadcrumb\":{\"@id\":\"https:\\\/\\\/www.arquimaster.com.ar\\\/web\\\/bano-publico-damas-roca-espacio-16-casa-foa-2014-renata-gilli-faudin-silvia-acuna-y-jimena-vicario\\\/#breadcrumb\"},\"inLanguage\":\"es\",\"potentialAction\":[{\"@type\":\"ReadAction\",\"target\":[\"https:\\\/\\\/www.arquimaster.com.ar\\\/web\\\/bano-publico-damas-roca-espacio-16-casa-foa-2014-renata-gilli-faudin-silvia-acuna-y-jimena-vicario\\\/\"]}]},{\"@type\":\"ImageObject\",\"inLanguage\":\"es\",\"@id\":\"https:\\\/\\\/www.arquimaster.com.ar\\\/web\\\/bano-publico-damas-roca-espacio-16-casa-foa-2014-renata-gilli-faudin-silvia-acuna-y-jimena-vicario\\\/#primaryimage\",\"url\":\"https:\\\/\\\/www.arquimaster.com.ar\\\/web\\\/wp-content\\\/uploads\\\/2014\\\/10\\\/espacio16_casafoa2014_slide.jpg\",\"contentUrl\":\"https:\\\/\\\/www.arquimaster.com.ar\\\/web\\\/wp-content\\\/uploads\\\/2014\\\/10\\\/espacio16_casafoa2014_slide.jpg\",\"width\":642,\"height\":336},{\"@type\":\"BreadcrumbList\",\"@id\":\"https:\\\/\\\/www.arquimaster.com.ar\\\/web\\\/bano-publico-damas-roca-espacio-16-casa-foa-2014-renata-gilli-faudin-silvia-acuna-y-jimena-vicario\\\/#breadcrumb\",\"itemListElement\":[{\"@type\":\"ListItem\",\"position\":1,\"name\":\"Portada\",\"item\":\"https:\\\/\\\/www.arquimaster.com.ar\\\/web\\\/\"},{\"@type\":\"ListItem\",\"position\":2,\"name\":\"Ba\u00f1o P\u00fablico Damas Roca (Espacio 16 Casa FOA 2014) \\\/ Renata Gilli Faudin, Silvia Acu\u00f1a y Jimena Vicario\"}]},{\"@type\":\"WebSite\",\"@id\":\"https:\\\/\\\/www.arquimaster.com.ar\\\/web\\\/#website\",\"url\":\"https:\\\/\\\/www.arquimaster.com.ar\\\/web\\\/\",\"name\":\"Arquimaster\",\"description\":\"Web de arquitectura, dise\u00f1o y construccion\",\"publisher\":{\"@id\":\"https:\\\/\\\/www.arquimaster.com.ar\\\/web\\\/#organization\"},\"potentialAction\":[{\"@type\":\"SearchAction\",\"target\":{\"@type\":\"EntryPoint\",\"urlTemplate\":\"https:\\\/\\\/www.arquimaster.com.ar\\\/web\\\/?s={search_term_string}\"},\"query-input\":{\"@type\":\"PropertyValueSpecification\",\"valueRequired\":true,\"valueName\":\"search_term_string\"}}],\"inLanguage\":\"es\"},{\"@type\":\"Organization\",\"@id\":\"https:\\\/\\\/www.arquimaster.com.ar\\\/web\\\/#organization\",\"name\":\"Arquimaster\",\"url\":\"https:\\\/\\\/www.arquimaster.com.ar\\\/web\\\/\",\"logo\":{\"@type\":\"ImageObject\",\"inLanguage\":\"es\",\"@id\":\"https:\\\/\\\/www.arquimaster.com.ar\\\/web\\\/#\\\/schema\\\/logo\\\/image\\\/\",\"url\":\"https:\\\/\\\/www.arquimaster.com.ar\\\/web\\\/wp-content\\\/uploads\\\/2022\\\/06\\\/arquimaster.png\",\"contentUrl\":\"https:\\\/\\\/www.arquimaster.com.ar\\\/web\\\/wp-content\\\/uploads\\\/2022\\\/06\\\/arquimaster.png\",\"width\":594,\"height\":78,\"caption\":\"Arquimaster\"},\"image\":{\"@id\":\"https:\\\/\\\/www.arquimaster.com.ar\\\/web\\\/#\\\/schema\\\/logo\\\/image\\\/\"},\"sameAs\":[\"http:\\\/\\\/www.facebook.com\\\/ARQUIMASTER.com.ar\",\"https:\\\/\\\/x.com\\\/arquimaster\",\"https:\\\/\\\/www.instagram.com\\\/arquimasterblog\\\/\",\"https:\\\/\\\/www.linkedin.com\\\/company\\\/arquimaster\",\"https:\\\/\\\/www.pinterest.com\\\/arquimaster\",\"https:\\\/\\\/t.me\\\/arquimaster\"]},{\"@type\":\"Person\",\"@id\":\"https:\\\/\\\/www.arquimaster.com.ar\\\/web\\\/#\\\/schema\\\/person\\\/359e9f7c00193fcde068e0dd2ceb0028\",\"name\":\"Arquimaster\"}]}<\/script>\n<!-- \/ Yoast SEO plugin. -->","yoast_head_json":{"title":"Ba\u00f1o P\u00fablico Damas Roca (Espacio 16 Casa FOA 2014) \/ Renata Gilli Faudin, Silvia Acu\u00f1a y Jimena Vicario - Arquimaster","robots":{"index":"index","follow":"follow","max-snippet":"max-snippet:-1","max-image-preview":"max-image-preview:large","max-video-preview":"max-video-preview:-1"},"canonical":"https:\/\/www.arquimaster.com.ar\/web\/bano-publico-damas-roca-espacio-16-casa-foa-2014-renata-gilli-faudin-silvia-acuna-y-jimena-vicario\/","og_locale":"es_ES","og_type":"article","og_title":"Ba\u00f1o P\u00fablico Damas Roca (Espacio 16 Casa FOA 2014) \/ Renata Gilli Faudin, Silvia Acu\u00f1a y Jimena Vicario - Arquimaster","og_description":"La idea fue dise\u00f1ar un espacio donde se eleve el alma y se complemente con el lugar...","og_url":"https:\/\/www.arquimaster.com.ar\/web\/bano-publico-damas-roca-espacio-16-casa-foa-2014-renata-gilli-faudin-silvia-acuna-y-jimena-vicario\/","og_site_name":"Arquimaster","article_publisher":"http:\/\/www.facebook.com\/ARQUIMASTER.com.ar","article_published_time":"2014-10-26T11:00:50+00:00","article_modified_time":"2014-10-27T23:42:15+00:00","og_image":[{"width":642,"height":336,"url":"https:\/\/www.arquimaster.com.ar\/web\/wp-content\/uploads\/2014\/10\/espacio16_casafoa2014_slide.jpg","type":"image\/jpeg"}],"author":"Arquimaster","twitter_card":"summary_large_image","twitter_creator":"@arquimaster","twitter_site":"@arquimaster","twitter_misc":{"Escrito por":"Arquimaster","Tiempo de lectura":"2 minutos"},"schema":{"@context":"https:\/\/schema.org","@graph":[{"@type":"Article","@id":"https:\/\/www.arquimaster.com.ar\/web\/bano-publico-damas-roca-espacio-16-casa-foa-2014-renata-gilli-faudin-silvia-acuna-y-jimena-vicario\/#article","isPartOf":{"@id":"https:\/\/www.arquimaster.com.ar\/web\/bano-publico-damas-roca-espacio-16-casa-foa-2014-renata-gilli-faudin-silvia-acuna-y-jimena-vicario\/"},"author":{"name":"Arquimaster","@id":"https:\/\/www.arquimaster.com.ar\/web\/#\/schema\/person\/359e9f7c00193fcde068e0dd2ceb0028"},"headline":"Ba\u00f1o P\u00fablico Damas Roca (Espacio 16 Casa FOA 2014) \/ Renata Gilli Faudin, Silvia Acu\u00f1a y Jimena Vicario","datePublished":"2014-10-26T11:00:50+00:00","dateModified":"2014-10-27T23:42:15+00:00","mainEntityOfPage":{"@id":"https:\/\/www.arquimaster.com.ar\/web\/bano-publico-damas-roca-espacio-16-casa-foa-2014-renata-gilli-faudin-silvia-acuna-y-jimena-vicario\/"},"wordCount":373,"publisher":{"@id":"https:\/\/www.arquimaster.com.ar\/web\/#organization"},"image":{"@id":"https:\/\/www.arquimaster.com.ar\/web\/bano-publico-damas-roca-espacio-16-casa-foa-2014-renata-gilli-faudin-silvia-acuna-y-jimena-vicario\/#primaryimage"},"thumbnailUrl":"https:\/\/www.arquimaster.com.ar\/web\/wp-content\/uploads\/2014\/10\/espacio16_casafoa2014_slide.jpg","keywords":["ba\u00f1o","ba\u00f1o publico","Casa FOA","Casa FOA 2014","decoracion","dise\u00f1o de interiores","FOA","Jimena Vicario","La Abadia","Renata Gilli Faudin","Roca","Silvia Acu\u00f1a"],"articleSection":["Casa FOA 2014","Dise\u00f1o"],"inLanguage":"es"},{"@type":"WebPage","@id":"https:\/\/www.arquimaster.com.ar\/web\/bano-publico-damas-roca-espacio-16-casa-foa-2014-renata-gilli-faudin-silvia-acuna-y-jimena-vicario\/","url":"https:\/\/www.arquimaster.com.ar\/web\/bano-publico-damas-roca-espacio-16-casa-foa-2014-renata-gilli-faudin-silvia-acuna-y-jimena-vicario\/","name":"Ba\u00f1o P\u00fablico Damas Roca (Espacio 16 Casa FOA 2014) \/ Renata Gilli Faudin, Silvia Acu\u00f1a y Jimena Vicario - Arquimaster","isPartOf":{"@id":"https:\/\/www.arquimaster.com.ar\/web\/#website"},"primaryImageOfPage":{"@id":"https:\/\/www.arquimaster.com.ar\/web\/bano-publico-damas-roca-espacio-16-casa-foa-2014-renata-gilli-faudin-silvia-acuna-y-jimena-vicario\/#primaryimage"},"image":{"@id":"https:\/\/www.arquimaster.com.ar\/web\/bano-publico-damas-roca-espacio-16-casa-foa-2014-renata-gilli-faudin-silvia-acuna-y-jimena-vicario\/#primaryimage"},"thumbnailUrl":"https:\/\/www.arquimaster.com.ar\/web\/wp-content\/uploads\/2014\/10\/espacio16_casafoa2014_slide.jpg","datePublished":"2014-10-26T11:00:50+00:00","dateModified":"2014-10-27T23:42:15+00:00","breadcrumb":{"@id":"https:\/\/www.arquimaster.com.ar\/web\/bano-publico-damas-roca-espacio-16-casa-foa-2014-renata-gilli-faudin-silvia-acuna-y-jimena-vicario\/#breadcrumb"},"inLanguage":"es","potentialAction":[{"@type":"ReadAction","target":["https:\/\/www.arquimaster.com.ar\/web\/bano-publico-damas-roca-espacio-16-casa-foa-2014-renata-gilli-faudin-silvia-acuna-y-jimena-vicario\/"]}]},{"@type":"ImageObject","inLanguage":"es","@id":"https:\/\/www.arquimaster.com.ar\/web\/bano-publico-damas-roca-espacio-16-casa-foa-2014-renata-gilli-faudin-silvia-acuna-y-jimena-vicario\/#primaryimage","url":"https:\/\/www.arquimaster.com.ar\/web\/wp-content\/uploads\/2014\/10\/espacio16_casafoa2014_slide.jpg","contentUrl":"https:\/\/www.arquimaster.com.ar\/web\/wp-content\/uploads\/2014\/10\/espacio16_casafoa2014_slide.jpg","width":642,"height":336},{"@type":"BreadcrumbList","@id":"https:\/\/www.arquimaster.com.ar\/web\/bano-publico-damas-roca-espacio-16-casa-foa-2014-renata-gilli-faudin-silvia-acuna-y-jimena-vicario\/#breadcrumb","itemListElement":[{"@type":"ListItem","position":1,"name":"Portada","item":"https:\/\/www.arquimaster.com.ar\/web\/"},{"@type":"ListItem","position":2,"name":"Ba\u00f1o P\u00fablico Damas Roca (Espacio 16 Casa FOA 2014) \/ Renata Gilli Faudin, Silvia Acu\u00f1a y Jimena Vicario"}]},{"@type":"WebSite","@id":"https:\/\/www.arquimaster.com.ar\/web\/#website","url":"https:\/\/www.arquimaster.com.ar\/web\/","name":"Arquimaster","description":"Web de arquitectura, dise\u00f1o y construccion","publisher":{"@id":"https:\/\/www.arquimaster.com.ar\/web\/#organization"},"potentialAction":[{"@type":"SearchAction","target":{"@type":"EntryPoint","urlTemplate":"https:\/\/www.arquimaster.com.ar\/web\/?s={search_term_string}"},"query-input":{"@type":"PropertyValueSpecification","valueRequired":true,"valueName":"search_term_string"}}],"inLanguage":"es"},{"@type":"Organization","@id":"https:\/\/www.arquimaster.com.ar\/web\/#organization","name":"Arquimaster","url":"https:\/\/www.arquimaster.com.ar\/web\/","logo":{"@type":"ImageObject","inLanguage":"es","@id":"https:\/\/www.arquimaster.com.ar\/web\/#\/schema\/logo\/image\/","url":"https:\/\/www.arquimaster.com.ar\/web\/wp-content\/uploads\/2022\/06\/arquimaster.png","contentUrl":"https:\/\/www.arquimaster.com.ar\/web\/wp-content\/uploads\/2022\/06\/arquimaster.png","width":594,"height":78,"caption":"Arquimaster"},"image":{"@id":"https:\/\/www.arquimaster.com.ar\/web\/#\/schema\/logo\/image\/"},"sameAs":["http:\/\/www.facebook.com\/ARQUIMASTER.com.ar","https:\/\/x.com\/arquimaster","https:\/\/www.instagram.com\/arquimasterblog\/","https:\/\/www.linkedin.com\/company\/arquimaster","https:\/\/www.pinterest.com\/arquimaster","https:\/\/t.me\/arquimaster"]},{"@type":"Person","@id":"https:\/\/www.arquimaster.com.ar\/web\/#\/schema\/person\/359e9f7c00193fcde068e0dd2ceb0028","name":"Arquimaster"}]}},"uagb_featured_image_src":{"full":["https:\/\/www.arquimaster.com.ar\/web\/wp-content\/uploads\/2014\/10\/espacio16_casafoa2014_slide.jpg",642,336,false],"thumbnail":["https:\/\/www.arquimaster.com.ar\/web\/wp-content\/uploads\/2014\/10\/espacio16_casafoa2014_slide-150x150.jpg",150,150,true],"medium":["https:\/\/www.arquimaster.com.ar\/web\/wp-content\/uploads\/2014\/10\/espacio16_casafoa2014_slide-300x157.jpg",300,157,true],"medium_large":["https:\/\/www.arquimaster.com.ar\/web\/wp-content\/uploads\/2014\/10\/espacio16_casafoa2014_slide.jpg",642,336,false],"large":["https:\/\/www.arquimaster.com.ar\/web\/wp-content\/uploads\/2014\/10\/espacio16_casafoa2014_slide.jpg",642,336,false],"1536x1536":["https:\/\/www.arquimaster.com.ar\/web\/wp-content\/uploads\/2014\/10\/espacio16_casafoa2014_slide.jpg",642,336,false],"2048x2048":["https:\/\/www.arquimaster.com.ar\/web\/wp-content\/uploads\/2014\/10\/espacio16_casafoa2014_slide.jpg",642,336,false]},"uagb_author_info":{"display_name":"Arquimaster","author_link":"https:\/\/www.arquimaster.com.ar\/web\/author\/arquimaster\/"},"uagb_comment_info":0,"uagb_excerpt":"La idea fue dise\u00f1ar un espacio donde se eleve el alma y se complemente con el lugar...","_links":{"self":[{"href":"https:\/\/www.arquimaster.com.ar\/web\/wp-json\/wp\/v2\/posts\/10762","targetHints":{"allow":["GET"]}}],"collection":[{"href":"https:\/\/www.arquimaster.com.ar\/web\/wp-json\/wp\/v2\/posts"}],"about":[{"href":"https:\/\/www.arquimaster.com.ar\/web\/wp-json\/wp\/v2\/types\/post"}],"author":[{"embeddable":true,"href":"https:\/\/www.arquimaster.com.ar\/web\/wp-json\/wp\/v2\/users\/1"}],"replies":[{"embeddable":true,"href":"https:\/\/www.arquimaster.com.ar\/web\/wp-json\/wp\/v2\/comments?post=10762"}],"version-history":[{"count":0,"href":"https:\/\/www.arquimaster.com.ar\/web\/wp-json\/wp\/v2\/posts\/10762\/revisions"}],"wp:featuredmedia":[{"embeddable":true,"href":"https:\/\/www.arquimaster.com.ar\/web\/wp-json\/wp\/v2\/media\/10763"}],"wp:attachment":[{"href":"https:\/\/www.arquimaster.com.ar\/web\/wp-json\/wp\/v2\/media?parent=10762"}],"wp:term":[{"taxonomy":"category","embeddable":true,"href":"https:\/\/www.arquimaster.com.ar\/web\/wp-json\/wp\/v2\/categories?post=10762"},{"taxonomy":"post_tag","embeddable":true,"href":"https:\/\/www.arquimaster.com.ar\/web\/wp-json\/wp\/v2\/tags?post=10762"}],"curies":[{"name":"wp","href":"https:\/\/api.w.org\/{rel}","templated":true}]}}