{"id":10829,"date":"2014-10-28T13:00:23","date_gmt":"2014-10-28T13:00:23","guid":{"rendered":"http:\/\/www.arquimaster.com.ar\/web\/?p=10829"},"modified":"2014-10-28T23:34:47","modified_gmt":"2014-10-28T23:34:47","slug":"home-office-espacio-26-casa-foa-2014-maria-anzoategui-y-cecilia-bravo","status":"publish","type":"post","link":"https:\/\/www.arquimaster.com.ar\/web\/home-office-espacio-26-casa-foa-2014-maria-anzoategui-y-cecilia-bravo\/","title":{"rendered":"Home Office (Espacio 26 Casa FOA 2014) \/ Mar\u00eda Anzo\u00e1tegui y Cecilia Bravo"},"content":{"rendered":"<div style=\"margin-top: 0px; margin-bottom: 0px;\" class=\"sharethis-inline-share-buttons\" ><\/div><div class=\"b812932af2e751442846f039925109de\" data-index=\"1\" style=\"float: none; margin:25px 0 25px 0; text-align:center;\">\n<script async src=\"https:\/\/pagead2.googlesyndication.com\/pagead\/js\/adsbygoogle.js\"><\/script>\r\n<!-- Arquimaster (superior) -->\r\n<ins class=\"adsbygoogle\"\r\n     style=\"display:block\"\r\n     data-ad-client=\"ca-pub-6351072698456832\"\r\n     data-ad-slot=\"6455489680\"\r\n     data-ad-format=\"auto\"\r\n     data-full-width-responsive=\"true\"><\/ins>\r\n<script>\r\n     (adsbygoogle = window.adsbygoogle || []).push({});\r\n<\/script>\n<\/div>\n<p><strong>Home Office \u00abIn Pura Natura\u00bb<\/strong> (Espacio 26 Casa FOA 2014 La Abadia) por <strong>Mar\u00eda Anzo\u00e1tegui y Cecilia Bravo<\/strong>. La propuesta de ambientaci\u00f3n de este espacio fue recrear un clima rodeado de naturaleza, c\u00e1lido, rico, ordenado y con pocos colores, b\u00e1sicamente utilizando el amarillo como \u00fanico color atencional. La paleta de color se reduce estrictamente al blanco, negro, dorado y amarillo.<\/p>\n<div id='gallery-1' class='gallery galleryid-10829 gallery-columns-3 gallery-size-thumbnail'><figure class='gallery-item'>\n\t\t\t<div class='gallery-icon landscape'>\n\t\t\t\t<a href='https:\/\/www.arquimaster.com.ar\/web\/wp-content\/uploads\/2014\/10\/espacio26_casafoa2014_1.jpg' title=\"Home Office (Espacio 26 Casa FOA 2014) \/ Mar\u00eda Anzo\u00e1tegui y Cecilia Bravo (\u00a9 Casa FOA)\" data-rl_title=\"Home Office (Espacio 26 Casa FOA 2014) \/ Mar\u00eda Anzo\u00e1tegui y Cecilia Bravo (\u00a9 Casa FOA)\" class=\"rl-gallery-link\" data-rl_caption=\"Home Office (Espacio 26 Casa FOA 2014) \/ Mar\u00eda Anzo\u00e1tegui y Cecilia Bravo (\u00a9 Casa FOA)\" data-rel=\"lightbox-gallery-1\"><img loading=\"lazy\" decoding=\"async\" width=\"150\" height=\"150\" src=\"https:\/\/www.arquimaster.com.ar\/web\/wp-content\/uploads\/2014\/10\/espacio26_casafoa2014_1-150x150.jpg\" class=\"attachment-thumbnail size-thumbnail\" alt=\"\" aria-describedby=\"gallery-1-10831\" srcset=\"https:\/\/www.arquimaster.com.ar\/web\/wp-content\/uploads\/2014\/10\/espacio26_casafoa2014_1-150x150.jpg 150w, https:\/\/www.arquimaster.com.ar\/web\/wp-content\/uploads\/2014\/10\/espacio26_casafoa2014_1-50x50.jpg 50w, https:\/\/www.arquimaster.com.ar\/web\/wp-content\/uploads\/2014\/10\/espacio26_casafoa2014_1-125x125.jpg 125w\" sizes=\"auto, (max-width: 150px) 100vw, 150px\" \/><\/a>\n\t\t\t<\/div>\n\t\t\t\t<figcaption class='wp-caption-text gallery-caption' id='gallery-1-10831'>\n\t\t\t\tHome Office (Espacio 26 Casa FOA 2014) \/ Mar\u00eda Anzo\u00e1tegui y Cecilia Bravo (\u00a9 Casa FOA)\n\t\t\t\t<\/figcaption><\/figure><figure class='gallery-item'>\n\t\t\t<div class='gallery-icon portrait'>\n\t\t\t\t<a href='https:\/\/www.arquimaster.com.ar\/web\/wp-content\/uploads\/2014\/10\/espacio26_casafoa2014_2.jpg' title=\"Home Office (Espacio 26 Casa FOA 2014) \/ Mar\u00eda Anzo\u00e1tegui y Cecilia Bravo (\u00a9 Casa FOA)\" data-rl_title=\"Home Office (Espacio 26 Casa FOA 2014) \/ Mar\u00eda Anzo\u00e1tegui y Cecilia Bravo (\u00a9 Casa FOA)\" class=\"rl-gallery-link\" data-rl_caption=\"Home Office (Espacio 26 Casa FOA 2014) \/ Mar\u00eda Anzo\u00e1tegui y Cecilia Bravo (\u00a9 Casa FOA)\" data-rel=\"lightbox-gallery-1\"><img loading=\"lazy\" decoding=\"async\" width=\"150\" height=\"150\" src=\"https:\/\/www.arquimaster.com.ar\/web\/wp-content\/uploads\/2014\/10\/espacio26_casafoa2014_2-150x150.jpg\" class=\"attachment-thumbnail size-thumbnail\" alt=\"\" aria-describedby=\"gallery-1-10832\" srcset=\"https:\/\/www.arquimaster.com.ar\/web\/wp-content\/uploads\/2014\/10\/espacio26_casafoa2014_2-150x150.jpg 150w, https:\/\/www.arquimaster.com.ar\/web\/wp-content\/uploads\/2014\/10\/espacio26_casafoa2014_2-50x50.jpg 50w, https:\/\/www.arquimaster.com.ar\/web\/wp-content\/uploads\/2014\/10\/espacio26_casafoa2014_2-125x125.jpg 125w\" sizes=\"auto, (max-width: 150px) 100vw, 150px\" \/><\/a>\n\t\t\t<\/div>\n\t\t\t\t<figcaption class='wp-caption-text gallery-caption' id='gallery-1-10832'>\n\t\t\t\tHome Office (Espacio 26 Casa FOA 2014) \/ Mar\u00eda Anzo\u00e1tegui y Cecilia Bravo (\u00a9 Casa FOA)\n\t\t\t\t<\/figcaption><\/figure><figure class='gallery-item'>\n\t\t\t<div class='gallery-icon portrait'>\n\t\t\t\t<a href='https:\/\/www.arquimaster.com.ar\/web\/wp-content\/uploads\/2014\/10\/espacio26_casafoa2014_3.jpg' title=\"Home Office (Espacio 26 Casa FOA 2014) \/ Mar\u00eda Anzo\u00e1tegui y Cecilia Bravo\" data-rl_title=\"Home Office (Espacio 26 Casa FOA 2014) \/ Mar\u00eda Anzo\u00e1tegui y Cecilia Bravo\" class=\"rl-gallery-link\" data-rl_caption=\"Home Office (Espacio 26 Casa FOA 2014) \/ Mar\u00eda Anzo\u00e1tegui y Cecilia Bravo\" data-rel=\"lightbox-gallery-1\"><img loading=\"lazy\" decoding=\"async\" width=\"150\" height=\"150\" src=\"https:\/\/www.arquimaster.com.ar\/web\/wp-content\/uploads\/2014\/10\/espacio26_casafoa2014_3-150x150.jpg\" class=\"attachment-thumbnail size-thumbnail\" alt=\"\" aria-describedby=\"gallery-1-10833\" srcset=\"https:\/\/www.arquimaster.com.ar\/web\/wp-content\/uploads\/2014\/10\/espacio26_casafoa2014_3-150x150.jpg 150w, https:\/\/www.arquimaster.com.ar\/web\/wp-content\/uploads\/2014\/10\/espacio26_casafoa2014_3-50x50.jpg 50w, https:\/\/www.arquimaster.com.ar\/web\/wp-content\/uploads\/2014\/10\/espacio26_casafoa2014_3-125x125.jpg 125w\" sizes=\"auto, (max-width: 150px) 100vw, 150px\" \/><\/a>\n\t\t\t<\/div>\n\t\t\t\t<figcaption class='wp-caption-text gallery-caption' id='gallery-1-10833'>\n\t\t\t\tHome Office (Espacio 26 Casa FOA 2014) \/ Mar\u00eda Anzo\u00e1tegui y Cecilia Bravo\n\t\t\t\t<\/figcaption><\/figure><figure class='gallery-item'>\n\t\t\t<div class='gallery-icon portrait'>\n\t\t\t\t<a href='https:\/\/www.arquimaster.com.ar\/web\/wp-content\/uploads\/2014\/10\/espacio26_casafoa2014_4.jpg' title=\"Home Office (Espacio 26 Casa FOA 2014) \/ Mar\u00eda Anzo\u00e1tegui y Cecilia Bravo\" data-rl_title=\"Home Office (Espacio 26 Casa FOA 2014) \/ Mar\u00eda Anzo\u00e1tegui y Cecilia Bravo\" class=\"rl-gallery-link\" data-rl_caption=\"Home Office (Espacio 26 Casa FOA 2014) \/ Mar\u00eda Anzo\u00e1tegui y Cecilia Bravo\" data-rel=\"lightbox-gallery-1\"><img loading=\"lazy\" decoding=\"async\" width=\"150\" height=\"150\" src=\"https:\/\/www.arquimaster.com.ar\/web\/wp-content\/uploads\/2014\/10\/espacio26_casafoa2014_4-150x150.jpg\" class=\"attachment-thumbnail size-thumbnail\" alt=\"\" aria-describedby=\"gallery-1-10834\" srcset=\"https:\/\/www.arquimaster.com.ar\/web\/wp-content\/uploads\/2014\/10\/espacio26_casafoa2014_4-150x150.jpg 150w, https:\/\/www.arquimaster.com.ar\/web\/wp-content\/uploads\/2014\/10\/espacio26_casafoa2014_4-50x50.jpg 50w, https:\/\/www.arquimaster.com.ar\/web\/wp-content\/uploads\/2014\/10\/espacio26_casafoa2014_4-125x125.jpg 125w\" sizes=\"auto, (max-width: 150px) 100vw, 150px\" \/><\/a>\n\t\t\t<\/div>\n\t\t\t\t<figcaption class='wp-caption-text gallery-caption' id='gallery-1-10834'>\n\t\t\t\tHome Office (Espacio 26 Casa FOA 2014) \/ Mar\u00eda Anzo\u00e1tegui y Cecilia Bravo\n\t\t\t\t<\/figcaption><\/figure><figure class='gallery-item'>\n\t\t\t<div class='gallery-icon portrait'>\n\t\t\t\t<a href='https:\/\/www.arquimaster.com.ar\/web\/wp-content\/uploads\/2014\/10\/espacio26_casafoa2014_5.jpg' title=\"Home Office (Espacio 26 Casa FOA 2014) \/ Mar\u00eda Anzo\u00e1tegui y Cecilia Bravo\" data-rl_title=\"Home Office (Espacio 26 Casa FOA 2014) \/ Mar\u00eda Anzo\u00e1tegui y Cecilia Bravo\" class=\"rl-gallery-link\" data-rl_caption=\"Home Office (Espacio 26 Casa FOA 2014) \/ Mar\u00eda Anzo\u00e1tegui y Cecilia Bravo\" data-rel=\"lightbox-gallery-1\"><img loading=\"lazy\" decoding=\"async\" width=\"150\" height=\"150\" src=\"https:\/\/www.arquimaster.com.ar\/web\/wp-content\/uploads\/2014\/10\/espacio26_casafoa2014_5-150x150.jpg\" class=\"attachment-thumbnail size-thumbnail\" alt=\"\" aria-describedby=\"gallery-1-10835\" srcset=\"https:\/\/www.arquimaster.com.ar\/web\/wp-content\/uploads\/2014\/10\/espacio26_casafoa2014_5-150x150.jpg 150w, https:\/\/www.arquimaster.com.ar\/web\/wp-content\/uploads\/2014\/10\/espacio26_casafoa2014_5-50x50.jpg 50w, https:\/\/www.arquimaster.com.ar\/web\/wp-content\/uploads\/2014\/10\/espacio26_casafoa2014_5-125x125.jpg 125w\" sizes=\"auto, (max-width: 150px) 100vw, 150px\" \/><\/a>\n\t\t\t<\/div>\n\t\t\t\t<figcaption class='wp-caption-text gallery-caption' id='gallery-1-10835'>\n\t\t\t\tHome Office (Espacio 26 Casa FOA 2014) \/ Mar\u00eda Anzo\u00e1tegui y Cecilia Bravo\n\t\t\t\t<\/figcaption><\/figure><figure class='gallery-item'>\n\t\t\t<div class='gallery-icon portrait'>\n\t\t\t\t<a href='https:\/\/www.arquimaster.com.ar\/web\/wp-content\/uploads\/2014\/10\/espacio26_casafoa2014_6.jpg' title=\"Home Office (Espacio 26 Casa FOA 2014) \/ Mar\u00eda Anzo\u00e1tegui y Cecilia Bravo\" data-rl_title=\"Home Office (Espacio 26 Casa FOA 2014) \/ Mar\u00eda Anzo\u00e1tegui y Cecilia Bravo\" class=\"rl-gallery-link\" data-rl_caption=\"Home Office (Espacio 26 Casa FOA 2014) \/ Mar\u00eda Anzo\u00e1tegui y Cecilia Bravo\" data-rel=\"lightbox-gallery-1\"><img loading=\"lazy\" decoding=\"async\" width=\"150\" height=\"150\" src=\"https:\/\/www.arquimaster.com.ar\/web\/wp-content\/uploads\/2014\/10\/espacio26_casafoa2014_6-150x150.jpg\" class=\"attachment-thumbnail size-thumbnail\" alt=\"\" aria-describedby=\"gallery-1-10836\" srcset=\"https:\/\/www.arquimaster.com.ar\/web\/wp-content\/uploads\/2014\/10\/espacio26_casafoa2014_6-150x150.jpg 150w, https:\/\/www.arquimaster.com.ar\/web\/wp-content\/uploads\/2014\/10\/espacio26_casafoa2014_6-50x50.jpg 50w, https:\/\/www.arquimaster.com.ar\/web\/wp-content\/uploads\/2014\/10\/espacio26_casafoa2014_6-125x125.jpg 125w\" sizes=\"auto, (max-width: 150px) 100vw, 150px\" \/><\/a>\n\t\t\t<\/div>\n\t\t\t\t<figcaption class='wp-caption-text gallery-caption' id='gallery-1-10836'>\n\t\t\t\tHome Office (Espacio 26 Casa FOA 2014) \/ Mar\u00eda Anzo\u00e1tegui y Cecilia Bravo\n\t\t\t\t<\/figcaption><\/figure><figure class='gallery-item'>\n\t\t\t<div class='gallery-icon portrait'>\n\t\t\t\t<a href='https:\/\/www.arquimaster.com.ar\/web\/wp-content\/uploads\/2014\/10\/espacio26_casafoa2014_7.jpg' title=\"Home Office (Espacio 26 Casa FOA 2014) \/ Mar\u00eda Anzo\u00e1tegui y Cecilia Bravo\" data-rl_title=\"Home Office (Espacio 26 Casa FOA 2014) \/ Mar\u00eda Anzo\u00e1tegui y Cecilia Bravo\" class=\"rl-gallery-link\" data-rl_caption=\"Home Office (Espacio 26 Casa FOA 2014) \/ Mar\u00eda Anzo\u00e1tegui y Cecilia Bravo\" data-rel=\"lightbox-gallery-1\"><img loading=\"lazy\" decoding=\"async\" width=\"150\" height=\"150\" src=\"https:\/\/www.arquimaster.com.ar\/web\/wp-content\/uploads\/2014\/10\/espacio26_casafoa2014_7-150x150.jpg\" class=\"attachment-thumbnail size-thumbnail\" alt=\"\" aria-describedby=\"gallery-1-10837\" srcset=\"https:\/\/www.arquimaster.com.ar\/web\/wp-content\/uploads\/2014\/10\/espacio26_casafoa2014_7-150x150.jpg 150w, https:\/\/www.arquimaster.com.ar\/web\/wp-content\/uploads\/2014\/10\/espacio26_casafoa2014_7-50x50.jpg 50w, https:\/\/www.arquimaster.com.ar\/web\/wp-content\/uploads\/2014\/10\/espacio26_casafoa2014_7-125x125.jpg 125w\" sizes=\"auto, (max-width: 150px) 100vw, 150px\" \/><\/a>\n\t\t\t<\/div>\n\t\t\t\t<figcaption class='wp-caption-text gallery-caption' id='gallery-1-10837'>\n\t\t\t\tHome Office (Espacio 26 Casa FOA 2014) \/ Mar\u00eda Anzo\u00e1tegui y Cecilia Bravo\n\t\t\t\t<\/figcaption><\/figure><figure class='gallery-item'>\n\t\t\t<div class='gallery-icon portrait'>\n\t\t\t\t<a href='https:\/\/www.arquimaster.com.ar\/web\/wp-content\/uploads\/2014\/10\/espacio26_casafoa2014_8.jpg' title=\"Home Office (Espacio 26 Casa FOA 2014) \/ Mar\u00eda Anzo\u00e1tegui y Cecilia Bravo\" data-rl_title=\"Home Office (Espacio 26 Casa FOA 2014) \/ Mar\u00eda Anzo\u00e1tegui y Cecilia Bravo\" class=\"rl-gallery-link\" data-rl_caption=\"Home Office (Espacio 26 Casa FOA 2014) \/ Mar\u00eda Anzo\u00e1tegui y Cecilia Bravo\" data-rel=\"lightbox-gallery-1\"><img loading=\"lazy\" decoding=\"async\" width=\"150\" height=\"150\" src=\"https:\/\/www.arquimaster.com.ar\/web\/wp-content\/uploads\/2014\/10\/espacio26_casafoa2014_8-150x150.jpg\" class=\"attachment-thumbnail size-thumbnail\" alt=\"\" aria-describedby=\"gallery-1-10838\" srcset=\"https:\/\/www.arquimaster.com.ar\/web\/wp-content\/uploads\/2014\/10\/espacio26_casafoa2014_8-150x150.jpg 150w, https:\/\/www.arquimaster.com.ar\/web\/wp-content\/uploads\/2014\/10\/espacio26_casafoa2014_8-50x50.jpg 50w, https:\/\/www.arquimaster.com.ar\/web\/wp-content\/uploads\/2014\/10\/espacio26_casafoa2014_8-125x125.jpg 125w\" sizes=\"auto, (max-width: 150px) 100vw, 150px\" \/><\/a>\n\t\t\t<\/div>\n\t\t\t\t<figcaption class='wp-caption-text gallery-caption' id='gallery-1-10838'>\n\t\t\t\tHome Office (Espacio 26 Casa FOA 2014) \/ Mar\u00eda Anzo\u00e1tegui y Cecilia Bravo\n\t\t\t\t<\/figcaption><\/figure><figure class='gallery-item'>\n\t\t\t<div class='gallery-icon portrait'>\n\t\t\t\t<a href='https:\/\/www.arquimaster.com.ar\/web\/wp-content\/uploads\/2014\/10\/espacio26_casafoa2014_9.jpg' title=\"Home Office (Espacio 26 Casa FOA 2014) \/ Mar\u00eda Anzo\u00e1tegui y Cecilia Bravo\" data-rl_title=\"Home Office (Espacio 26 Casa FOA 2014) \/ Mar\u00eda Anzo\u00e1tegui y Cecilia Bravo\" class=\"rl-gallery-link\" data-rl_caption=\"Home Office (Espacio 26 Casa FOA 2014) \/ Mar\u00eda Anzo\u00e1tegui y Cecilia Bravo\" data-rel=\"lightbox-gallery-1\"><img loading=\"lazy\" decoding=\"async\" width=\"150\" height=\"150\" src=\"https:\/\/www.arquimaster.com.ar\/web\/wp-content\/uploads\/2014\/10\/espacio26_casafoa2014_9-150x150.jpg\" class=\"attachment-thumbnail size-thumbnail\" alt=\"\" aria-describedby=\"gallery-1-10839\" srcset=\"https:\/\/www.arquimaster.com.ar\/web\/wp-content\/uploads\/2014\/10\/espacio26_casafoa2014_9-150x150.jpg 150w, https:\/\/www.arquimaster.com.ar\/web\/wp-content\/uploads\/2014\/10\/espacio26_casafoa2014_9-50x50.jpg 50w, https:\/\/www.arquimaster.com.ar\/web\/wp-content\/uploads\/2014\/10\/espacio26_casafoa2014_9-125x125.jpg 125w\" sizes=\"auto, (max-width: 150px) 100vw, 150px\" \/><\/a>\n\t\t\t<\/div>\n\t\t\t\t<figcaption class='wp-caption-text gallery-caption' id='gallery-1-10839'>\n\t\t\t\tHome Office (Espacio 26 Casa FOA 2014) \/ Mar\u00eda Anzo\u00e1tegui y Cecilia Bravo\n\t\t\t\t<\/figcaption><\/figure>\n\t\t<\/div>\n\n<p>La nobleza de la madera en el piso, el empapelado de \u00e1rboles que rodea el espacio, las l\u00e1mparas como elementos propios de la naturaleza, y el color amarillo del escritorio, como un gran sol, logran un clima \u00fanico, reforzado por el color dorado que le da un clima de delicada elegancia.<\/p>\n<p>La esencia y el esp\u00edritu que rodea a La Abad\u00eda, sumado a la rica arquitectura del propio espacio, fueron justamente la fuente de inspiraci\u00f3n de los colores y los elementos que utilizamos para el proyecto.<\/p>\n<p>Hay un claro eclecticismo de estilos donde se conjugan elementos contempor\u00e1neos y de otros tiempos, as\u00ed como sus colores, tales como el dorado, que remite, al igual que el amarillo, al sol, la abundancia, los grandes ideales y la inspiraci\u00f3n; esencia del esp\u00edritu divino.<\/p>\n<p>As\u00ed mismo, el blanco y el negro enmarcan a \u00e9stos colores en un orden de perfecta armon\u00eda.<\/p>\n<p>\u00c9ste es el Espacio de una joven dise\u00f1adora, exitosa, talentosa, independiente, emprendedora, creativa, que conoce el mundo y posee una gran sensibilidad.<\/p>\n<p>En este ambiente ella encuentra el est\u00edmulo y la inspiraci\u00f3n necesaria para cada una de sus creaciones. Es su refugio perfecto luego de un largo d\u00eda de trabajo.<\/p>\n<p>Ella aqu\u00ed se relaja y deja volar su imaginaci\u00f3n en medio de este bosque encantado.<\/p>\n<p>El papel, de \u00e1rboles con peras doradas a la hoja envuelve al ambiente en un clima de ilusi\u00f3n (Woods &amp; Pears de Cole &amp; Son, Miranda Green).<\/p>\n<p>El piso de madera le da a la caja la suficiente calidez para poder jugar con objetos m\u00e1s r\u00edgidos como el escritorio de l\u00edneas rectas, laqueado de color amarillo (Piso de roble de Eslabonia Black Oak de Patagonia Flooring).<\/p>\n<p>Escritorio: laca poliuretanica color amarillo realizado por el dise\u00f1ador industrual Federico Bugada.<\/p>\n<p>El terciopelo negro de las cortinas aportan un marco de dramatismo a la escena mientras que los dise\u00f1os geom\u00e9tricos en blanco y negro de la alfombra de lana, as\u00ed como el tapizado en \u00abpied de poule\u00bb de las sillitas francesas y el estampado de la pantalla de la l\u00e1mpara del escritorio, aportan un juego l\u00fadico fundamental en el espacio.<\/p>\n<p>La alfombra en especial, es una pieza relevante en esta deco, que verdaderamente le da toda la energ\u00eda y la fuerza justa para que cada elemento cobre vida (Alfombra: dise\u00f1o de David Hicks realizado por Vanina Mizrahi).<\/p>\n<p>El sill\u00f3n de l\u00edneas Dec\u00f3 enchapado en anigr\u00e9, junto con la cl\u00e1sica silla \u00abThe Chair\u00bb en color caramelo, dan calidez al ambiente (Sill\u00f3n \u00abBerlin\u00bb realizado por La Comp\u00e1\u00f1\u00eda y silla \u00abThe Chair\u00bb dise\u00f1o de Hans Wegner de Acento).<\/p>\n<p>Tambi\u00e9n juega un rol interesante la silla mano, laqueada en blanco, que aporta un toque de eclecticismo total en el espacio.<\/p>\n<p>La iluminaci\u00f3n para nosotras juega un papel fundamental a la hora de crear determinados climas. Preferimos las luces bajas, de mesa y de pie y rara vez la iluminaci\u00f3n de techo.<\/p>\n<p>En este caso y por ese motivo decidimos bajar le cielorraso para poder colocar dos luminarias doradas y de \u00e9ste modo poder lograr un clima m\u00e1s \u00edntimo (Pantallas color dorado opaco de F\u00e1brica de Luz).<\/p>\n<p>Para las luces bajas elegimos piezas de cer\u00e1mica color blanco, aportando frescura y aludiendo a formas de la naturaleza que acompa\u00f1an perfectamente la idea planteada.<\/p>\n<p>El anan\u00e1 era una pieza de deco, que la transformamos en, l\u00e1mpara, y le incorporamos una pantalla forrada con un papel geom\u00e9trico de Designers Guild (L\u00e1mpara blanca de mesa \u00abAnan\u00e1\u00bb de Harturo, l\u00e1mparas Blancas Flor de Duveen, l\u00e1mpara blanca de pie \u00abColibr\u00ed\u00bb de Foscarini de Iluminaci\u00f3n Ag\u00fcero).<\/p>\n<p>Por \u00faltimo y no por ello menos importante, en el espacio hay una importante biblioteca de madera pintada de negro, que curiosamente estaba en el lugar cuando fuimos a visitarlo por primera vez y sin pensarlo decidimos que era perfecta para el proyecto.<\/p>\n<p>La reacondicionamos, restauramos, patinamos e iluminamos y le pusimos botones dorados como tiradores aludiendo al espacio de una dise\u00f1adora de modas.<\/p>\n<p>Como elementos decorativos elegimos figuras de cer\u00e1mica blancas, como cacat\u00faas, caballitos de mar, loros, ciervitos (Harturo) libros y objetos dorados, entre ellos un gran sol dorado a la hoja y dos \u00e1ngeles querubines putines, considerados como los guardianes de la Gloria de Dios, que terminan de componer el esp\u00edritu del espacio con alegr\u00eda, abundancia y protecci\u00f3n.<\/p>\n<p>Sponsor: Pao Colombo (Dise\u00f1adora de moda)<\/p>\n<p><strong>Contacto<\/strong><br \/>\n<a title=\"Anzo\u00e1tegui Bravo\" href=\"http:\/\/www.anzoateguibravo.com.ar\" target=\"_blank\">http:\/\/www.anzoateguibravo.com.ar<\/a><\/p>\n\n<div style=\"font-size: 0px; height: 0px; line-height: 0px; margin: 0; padding: 0; clear: both;\"><\/div><div style=\"margin-top: 0px; margin-bottom: 0px;\" class=\"sharethis-inline-share-buttons\" ><\/div>","protected":false},"excerpt":{"rendered":"<p>Recrear un clima rodeado de naturaleza, c\u00e1lido, rico, ordenado y con el color amarillo&#8230;<\/p>\n","protected":false},"author":1,"featured_media":10830,"comment_status":"closed","ping_status":"closed","sticky":false,"template":"","format":"standard","meta":{"_uag_custom_page_level_css":"","footnotes":""},"categories":[2680,55],"tags":[2066,3524,2783,37,1697,1401,2266,2681,2782],"class_list":["post-10829","post","type-post","status-publish","format-standard","has-post-thumbnail","hentry","category-casa-foa-2014","category-diseno","tag-casa-foa","tag-casa-foa-2014","tag-cecilia-bravo","tag-decoracion","tag-diseno-de-interiores","tag-foa","tag-home-office","tag-la-abadia","tag-maria-anzoategui","generate-columns","tablet-grid-50","mobile-grid-100","grid-parent","grid-50"],"yoast_head":"<!-- This site is optimized with the Yoast SEO plugin v27.3 - https:\/\/yoast.com\/product\/yoast-seo-wordpress\/ -->\n<title>Home Office (Espacio 26 Casa FOA 2014) \/ Mar\u00eda Anzo\u00e1tegui y Cecilia Bravo - Arquimaster<\/title>\n<meta name=\"robots\" content=\"index, follow, max-snippet:-1, max-image-preview:large, max-video-preview:-1\" \/>\n<link rel=\"canonical\" href=\"https:\/\/www.arquimaster.com.ar\/web\/home-office-espacio-26-casa-foa-2014-maria-anzoategui-y-cecilia-bravo\/\" \/>\n<meta property=\"og:locale\" content=\"es_ES\" \/>\n<meta property=\"og:type\" content=\"article\" \/>\n<meta property=\"og:title\" content=\"Home Office (Espacio 26 Casa FOA 2014) \/ Mar\u00eda Anzo\u00e1tegui y Cecilia Bravo - Arquimaster\" \/>\n<meta property=\"og:description\" content=\"Recrear un clima rodeado de naturaleza, c\u00e1lido, rico, ordenado y con el color amarillo...\" \/>\n<meta property=\"og:url\" content=\"https:\/\/www.arquimaster.com.ar\/web\/home-office-espacio-26-casa-foa-2014-maria-anzoategui-y-cecilia-bravo\/\" \/>\n<meta property=\"og:site_name\" content=\"Arquimaster\" \/>\n<meta property=\"article:publisher\" content=\"http:\/\/www.facebook.com\/ARQUIMASTER.com.ar\" \/>\n<meta property=\"article:published_time\" content=\"2014-10-28T13:00:23+00:00\" \/>\n<meta property=\"article:modified_time\" content=\"2014-10-28T23:34:47+00:00\" \/>\n<meta property=\"og:image\" content=\"https:\/\/www.arquimaster.com.ar\/web\/wp-content\/uploads\/2014\/10\/espacio26_casafoa2014_slide.jpg\" \/>\n\t<meta property=\"og:image:width\" content=\"642\" \/>\n\t<meta property=\"og:image:height\" content=\"336\" \/>\n\t<meta property=\"og:image:type\" content=\"image\/jpeg\" \/>\n<meta name=\"author\" content=\"Arquimaster\" \/>\n<meta name=\"twitter:card\" content=\"summary_large_image\" \/>\n<meta name=\"twitter:creator\" content=\"@arquimaster\" \/>\n<meta name=\"twitter:site\" content=\"@arquimaster\" \/>\n<meta name=\"twitter:label1\" content=\"Escrito por\" \/>\n\t<meta name=\"twitter:data1\" content=\"Arquimaster\" \/>\n\t<meta name=\"twitter:label2\" content=\"Tiempo de lectura\" \/>\n\t<meta name=\"twitter:data2\" content=\"4 minutos\" \/>\n<script type=\"application\/ld+json\" class=\"yoast-schema-graph\">{\"@context\":\"https:\\\/\\\/schema.org\",\"@graph\":[{\"@type\":\"Article\",\"@id\":\"https:\\\/\\\/www.arquimaster.com.ar\\\/web\\\/home-office-espacio-26-casa-foa-2014-maria-anzoategui-y-cecilia-bravo\\\/#article\",\"isPartOf\":{\"@id\":\"https:\\\/\\\/www.arquimaster.com.ar\\\/web\\\/home-office-espacio-26-casa-foa-2014-maria-anzoategui-y-cecilia-bravo\\\/\"},\"author\":{\"name\":\"Arquimaster\",\"@id\":\"https:\\\/\\\/www.arquimaster.com.ar\\\/web\\\/#\\\/schema\\\/person\\\/359e9f7c00193fcde068e0dd2ceb0028\"},\"headline\":\"Home Office (Espacio 26 Casa FOA 2014) \\\/ Mar\u00eda Anzo\u00e1tegui y Cecilia Bravo\",\"datePublished\":\"2014-10-28T13:00:23+00:00\",\"dateModified\":\"2014-10-28T23:34:47+00:00\",\"mainEntityOfPage\":{\"@id\":\"https:\\\/\\\/www.arquimaster.com.ar\\\/web\\\/home-office-espacio-26-casa-foa-2014-maria-anzoategui-y-cecilia-bravo\\\/\"},\"wordCount\":845,\"publisher\":{\"@id\":\"https:\\\/\\\/www.arquimaster.com.ar\\\/web\\\/#organization\"},\"image\":{\"@id\":\"https:\\\/\\\/www.arquimaster.com.ar\\\/web\\\/home-office-espacio-26-casa-foa-2014-maria-anzoategui-y-cecilia-bravo\\\/#primaryimage\"},\"thumbnailUrl\":\"https:\\\/\\\/www.arquimaster.com.ar\\\/web\\\/wp-content\\\/uploads\\\/2014\\\/10\\\/espacio26_casafoa2014_slide.jpg\",\"keywords\":[\"Casa FOA\",\"Casa FOA 2014\",\"Cecilia Bravo\",\"decoracion\",\"dise\u00f1o de interiores\",\"FOA\",\"home office\",\"La Abadia\",\"Mar\u00eda Anzo\u00e1tegui\"],\"articleSection\":[\"Casa FOA 2014\",\"Dise\u00f1o\"],\"inLanguage\":\"es\"},{\"@type\":\"WebPage\",\"@id\":\"https:\\\/\\\/www.arquimaster.com.ar\\\/web\\\/home-office-espacio-26-casa-foa-2014-maria-anzoategui-y-cecilia-bravo\\\/\",\"url\":\"https:\\\/\\\/www.arquimaster.com.ar\\\/web\\\/home-office-espacio-26-casa-foa-2014-maria-anzoategui-y-cecilia-bravo\\\/\",\"name\":\"Home Office (Espacio 26 Casa FOA 2014) \\\/ Mar\u00eda Anzo\u00e1tegui y Cecilia Bravo - Arquimaster\",\"isPartOf\":{\"@id\":\"https:\\\/\\\/www.arquimaster.com.ar\\\/web\\\/#website\"},\"primaryImageOfPage\":{\"@id\":\"https:\\\/\\\/www.arquimaster.com.ar\\\/web\\\/home-office-espacio-26-casa-foa-2014-maria-anzoategui-y-cecilia-bravo\\\/#primaryimage\"},\"image\":{\"@id\":\"https:\\\/\\\/www.arquimaster.com.ar\\\/web\\\/home-office-espacio-26-casa-foa-2014-maria-anzoategui-y-cecilia-bravo\\\/#primaryimage\"},\"thumbnailUrl\":\"https:\\\/\\\/www.arquimaster.com.ar\\\/web\\\/wp-content\\\/uploads\\\/2014\\\/10\\\/espacio26_casafoa2014_slide.jpg\",\"datePublished\":\"2014-10-28T13:00:23+00:00\",\"dateModified\":\"2014-10-28T23:34:47+00:00\",\"breadcrumb\":{\"@id\":\"https:\\\/\\\/www.arquimaster.com.ar\\\/web\\\/home-office-espacio-26-casa-foa-2014-maria-anzoategui-y-cecilia-bravo\\\/#breadcrumb\"},\"inLanguage\":\"es\",\"potentialAction\":[{\"@type\":\"ReadAction\",\"target\":[\"https:\\\/\\\/www.arquimaster.com.ar\\\/web\\\/home-office-espacio-26-casa-foa-2014-maria-anzoategui-y-cecilia-bravo\\\/\"]}]},{\"@type\":\"ImageObject\",\"inLanguage\":\"es\",\"@id\":\"https:\\\/\\\/www.arquimaster.com.ar\\\/web\\\/home-office-espacio-26-casa-foa-2014-maria-anzoategui-y-cecilia-bravo\\\/#primaryimage\",\"url\":\"https:\\\/\\\/www.arquimaster.com.ar\\\/web\\\/wp-content\\\/uploads\\\/2014\\\/10\\\/espacio26_casafoa2014_slide.jpg\",\"contentUrl\":\"https:\\\/\\\/www.arquimaster.com.ar\\\/web\\\/wp-content\\\/uploads\\\/2014\\\/10\\\/espacio26_casafoa2014_slide.jpg\",\"width\":642,\"height\":336},{\"@type\":\"BreadcrumbList\",\"@id\":\"https:\\\/\\\/www.arquimaster.com.ar\\\/web\\\/home-office-espacio-26-casa-foa-2014-maria-anzoategui-y-cecilia-bravo\\\/#breadcrumb\",\"itemListElement\":[{\"@type\":\"ListItem\",\"position\":1,\"name\":\"Portada\",\"item\":\"https:\\\/\\\/www.arquimaster.com.ar\\\/web\\\/\"},{\"@type\":\"ListItem\",\"position\":2,\"name\":\"Home Office (Espacio 26 Casa FOA 2014) \\\/ Mar\u00eda Anzo\u00e1tegui y Cecilia Bravo\"}]},{\"@type\":\"WebSite\",\"@id\":\"https:\\\/\\\/www.arquimaster.com.ar\\\/web\\\/#website\",\"url\":\"https:\\\/\\\/www.arquimaster.com.ar\\\/web\\\/\",\"name\":\"Arquimaster\",\"description\":\"Web de arquitectura, dise\u00f1o y construccion\",\"publisher\":{\"@id\":\"https:\\\/\\\/www.arquimaster.com.ar\\\/web\\\/#organization\"},\"potentialAction\":[{\"@type\":\"SearchAction\",\"target\":{\"@type\":\"EntryPoint\",\"urlTemplate\":\"https:\\\/\\\/www.arquimaster.com.ar\\\/web\\\/?s={search_term_string}\"},\"query-input\":{\"@type\":\"PropertyValueSpecification\",\"valueRequired\":true,\"valueName\":\"search_term_string\"}}],\"inLanguage\":\"es\"},{\"@type\":\"Organization\",\"@id\":\"https:\\\/\\\/www.arquimaster.com.ar\\\/web\\\/#organization\",\"name\":\"Arquimaster\",\"url\":\"https:\\\/\\\/www.arquimaster.com.ar\\\/web\\\/\",\"logo\":{\"@type\":\"ImageObject\",\"inLanguage\":\"es\",\"@id\":\"https:\\\/\\\/www.arquimaster.com.ar\\\/web\\\/#\\\/schema\\\/logo\\\/image\\\/\",\"url\":\"https:\\\/\\\/www.arquimaster.com.ar\\\/web\\\/wp-content\\\/uploads\\\/2022\\\/06\\\/arquimaster.png\",\"contentUrl\":\"https:\\\/\\\/www.arquimaster.com.ar\\\/web\\\/wp-content\\\/uploads\\\/2022\\\/06\\\/arquimaster.png\",\"width\":594,\"height\":78,\"caption\":\"Arquimaster\"},\"image\":{\"@id\":\"https:\\\/\\\/www.arquimaster.com.ar\\\/web\\\/#\\\/schema\\\/logo\\\/image\\\/\"},\"sameAs\":[\"http:\\\/\\\/www.facebook.com\\\/ARQUIMASTER.com.ar\",\"https:\\\/\\\/x.com\\\/arquimaster\",\"https:\\\/\\\/www.instagram.com\\\/arquimasterblog\\\/\",\"https:\\\/\\\/www.linkedin.com\\\/company\\\/arquimaster\",\"https:\\\/\\\/www.pinterest.com\\\/arquimaster\",\"https:\\\/\\\/t.me\\\/arquimaster\"]},{\"@type\":\"Person\",\"@id\":\"https:\\\/\\\/www.arquimaster.com.ar\\\/web\\\/#\\\/schema\\\/person\\\/359e9f7c00193fcde068e0dd2ceb0028\",\"name\":\"Arquimaster\"}]}<\/script>\n<!-- \/ Yoast SEO plugin. -->","yoast_head_json":{"title":"Home Office (Espacio 26 Casa FOA 2014) \/ Mar\u00eda Anzo\u00e1tegui y Cecilia Bravo - Arquimaster","robots":{"index":"index","follow":"follow","max-snippet":"max-snippet:-1","max-image-preview":"max-image-preview:large","max-video-preview":"max-video-preview:-1"},"canonical":"https:\/\/www.arquimaster.com.ar\/web\/home-office-espacio-26-casa-foa-2014-maria-anzoategui-y-cecilia-bravo\/","og_locale":"es_ES","og_type":"article","og_title":"Home Office (Espacio 26 Casa FOA 2014) \/ Mar\u00eda Anzo\u00e1tegui y Cecilia Bravo - Arquimaster","og_description":"Recrear un clima rodeado de naturaleza, c\u00e1lido, rico, ordenado y con el color amarillo...","og_url":"https:\/\/www.arquimaster.com.ar\/web\/home-office-espacio-26-casa-foa-2014-maria-anzoategui-y-cecilia-bravo\/","og_site_name":"Arquimaster","article_publisher":"http:\/\/www.facebook.com\/ARQUIMASTER.com.ar","article_published_time":"2014-10-28T13:00:23+00:00","article_modified_time":"2014-10-28T23:34:47+00:00","og_image":[{"width":642,"height":336,"url":"https:\/\/www.arquimaster.com.ar\/web\/wp-content\/uploads\/2014\/10\/espacio26_casafoa2014_slide.jpg","type":"image\/jpeg"}],"author":"Arquimaster","twitter_card":"summary_large_image","twitter_creator":"@arquimaster","twitter_site":"@arquimaster","twitter_misc":{"Escrito por":"Arquimaster","Tiempo de lectura":"4 minutos"},"schema":{"@context":"https:\/\/schema.org","@graph":[{"@type":"Article","@id":"https:\/\/www.arquimaster.com.ar\/web\/home-office-espacio-26-casa-foa-2014-maria-anzoategui-y-cecilia-bravo\/#article","isPartOf":{"@id":"https:\/\/www.arquimaster.com.ar\/web\/home-office-espacio-26-casa-foa-2014-maria-anzoategui-y-cecilia-bravo\/"},"author":{"name":"Arquimaster","@id":"https:\/\/www.arquimaster.com.ar\/web\/#\/schema\/person\/359e9f7c00193fcde068e0dd2ceb0028"},"headline":"Home Office (Espacio 26 Casa FOA 2014) \/ Mar\u00eda Anzo\u00e1tegui y Cecilia Bravo","datePublished":"2014-10-28T13:00:23+00:00","dateModified":"2014-10-28T23:34:47+00:00","mainEntityOfPage":{"@id":"https:\/\/www.arquimaster.com.ar\/web\/home-office-espacio-26-casa-foa-2014-maria-anzoategui-y-cecilia-bravo\/"},"wordCount":845,"publisher":{"@id":"https:\/\/www.arquimaster.com.ar\/web\/#organization"},"image":{"@id":"https:\/\/www.arquimaster.com.ar\/web\/home-office-espacio-26-casa-foa-2014-maria-anzoategui-y-cecilia-bravo\/#primaryimage"},"thumbnailUrl":"https:\/\/www.arquimaster.com.ar\/web\/wp-content\/uploads\/2014\/10\/espacio26_casafoa2014_slide.jpg","keywords":["Casa FOA","Casa FOA 2014","Cecilia Bravo","decoracion","dise\u00f1o de interiores","FOA","home office","La Abadia","Mar\u00eda Anzo\u00e1tegui"],"articleSection":["Casa FOA 2014","Dise\u00f1o"],"inLanguage":"es"},{"@type":"WebPage","@id":"https:\/\/www.arquimaster.com.ar\/web\/home-office-espacio-26-casa-foa-2014-maria-anzoategui-y-cecilia-bravo\/","url":"https:\/\/www.arquimaster.com.ar\/web\/home-office-espacio-26-casa-foa-2014-maria-anzoategui-y-cecilia-bravo\/","name":"Home Office (Espacio 26 Casa FOA 2014) \/ Mar\u00eda Anzo\u00e1tegui y Cecilia Bravo - Arquimaster","isPartOf":{"@id":"https:\/\/www.arquimaster.com.ar\/web\/#website"},"primaryImageOfPage":{"@id":"https:\/\/www.arquimaster.com.ar\/web\/home-office-espacio-26-casa-foa-2014-maria-anzoategui-y-cecilia-bravo\/#primaryimage"},"image":{"@id":"https:\/\/www.arquimaster.com.ar\/web\/home-office-espacio-26-casa-foa-2014-maria-anzoategui-y-cecilia-bravo\/#primaryimage"},"thumbnailUrl":"https:\/\/www.arquimaster.com.ar\/web\/wp-content\/uploads\/2014\/10\/espacio26_casafoa2014_slide.jpg","datePublished":"2014-10-28T13:00:23+00:00","dateModified":"2014-10-28T23:34:47+00:00","breadcrumb":{"@id":"https:\/\/www.arquimaster.com.ar\/web\/home-office-espacio-26-casa-foa-2014-maria-anzoategui-y-cecilia-bravo\/#breadcrumb"},"inLanguage":"es","potentialAction":[{"@type":"ReadAction","target":["https:\/\/www.arquimaster.com.ar\/web\/home-office-espacio-26-casa-foa-2014-maria-anzoategui-y-cecilia-bravo\/"]}]},{"@type":"ImageObject","inLanguage":"es","@id":"https:\/\/www.arquimaster.com.ar\/web\/home-office-espacio-26-casa-foa-2014-maria-anzoategui-y-cecilia-bravo\/#primaryimage","url":"https:\/\/www.arquimaster.com.ar\/web\/wp-content\/uploads\/2014\/10\/espacio26_casafoa2014_slide.jpg","contentUrl":"https:\/\/www.arquimaster.com.ar\/web\/wp-content\/uploads\/2014\/10\/espacio26_casafoa2014_slide.jpg","width":642,"height":336},{"@type":"BreadcrumbList","@id":"https:\/\/www.arquimaster.com.ar\/web\/home-office-espacio-26-casa-foa-2014-maria-anzoategui-y-cecilia-bravo\/#breadcrumb","itemListElement":[{"@type":"ListItem","position":1,"name":"Portada","item":"https:\/\/www.arquimaster.com.ar\/web\/"},{"@type":"ListItem","position":2,"name":"Home Office (Espacio 26 Casa FOA 2014) \/ Mar\u00eda Anzo\u00e1tegui y Cecilia Bravo"}]},{"@type":"WebSite","@id":"https:\/\/www.arquimaster.com.ar\/web\/#website","url":"https:\/\/www.arquimaster.com.ar\/web\/","name":"Arquimaster","description":"Web de arquitectura, dise\u00f1o y construccion","publisher":{"@id":"https:\/\/www.arquimaster.com.ar\/web\/#organization"},"potentialAction":[{"@type":"SearchAction","target":{"@type":"EntryPoint","urlTemplate":"https:\/\/www.arquimaster.com.ar\/web\/?s={search_term_string}"},"query-input":{"@type":"PropertyValueSpecification","valueRequired":true,"valueName":"search_term_string"}}],"inLanguage":"es"},{"@type":"Organization","@id":"https:\/\/www.arquimaster.com.ar\/web\/#organization","name":"Arquimaster","url":"https:\/\/www.arquimaster.com.ar\/web\/","logo":{"@type":"ImageObject","inLanguage":"es","@id":"https:\/\/www.arquimaster.com.ar\/web\/#\/schema\/logo\/image\/","url":"https:\/\/www.arquimaster.com.ar\/web\/wp-content\/uploads\/2022\/06\/arquimaster.png","contentUrl":"https:\/\/www.arquimaster.com.ar\/web\/wp-content\/uploads\/2022\/06\/arquimaster.png","width":594,"height":78,"caption":"Arquimaster"},"image":{"@id":"https:\/\/www.arquimaster.com.ar\/web\/#\/schema\/logo\/image\/"},"sameAs":["http:\/\/www.facebook.com\/ARQUIMASTER.com.ar","https:\/\/x.com\/arquimaster","https:\/\/www.instagram.com\/arquimasterblog\/","https:\/\/www.linkedin.com\/company\/arquimaster","https:\/\/www.pinterest.com\/arquimaster","https:\/\/t.me\/arquimaster"]},{"@type":"Person","@id":"https:\/\/www.arquimaster.com.ar\/web\/#\/schema\/person\/359e9f7c00193fcde068e0dd2ceb0028","name":"Arquimaster"}]}},"uagb_featured_image_src":{"full":["https:\/\/www.arquimaster.com.ar\/web\/wp-content\/uploads\/2014\/10\/espacio26_casafoa2014_slide.jpg",642,336,false],"thumbnail":["https:\/\/www.arquimaster.com.ar\/web\/wp-content\/uploads\/2014\/10\/espacio26_casafoa2014_slide-150x150.jpg",150,150,true],"medium":["https:\/\/www.arquimaster.com.ar\/web\/wp-content\/uploads\/2014\/10\/espacio26_casafoa2014_slide-300x157.jpg",300,157,true],"medium_large":["https:\/\/www.arquimaster.com.ar\/web\/wp-content\/uploads\/2014\/10\/espacio26_casafoa2014_slide.jpg",642,336,false],"large":["https:\/\/www.arquimaster.com.ar\/web\/wp-content\/uploads\/2014\/10\/espacio26_casafoa2014_slide.jpg",642,336,false],"1536x1536":["https:\/\/www.arquimaster.com.ar\/web\/wp-content\/uploads\/2014\/10\/espacio26_casafoa2014_slide.jpg",642,336,false],"2048x2048":["https:\/\/www.arquimaster.com.ar\/web\/wp-content\/uploads\/2014\/10\/espacio26_casafoa2014_slide.jpg",642,336,false]},"uagb_author_info":{"display_name":"Arquimaster","author_link":"https:\/\/www.arquimaster.com.ar\/web\/author\/arquimaster\/"},"uagb_comment_info":0,"uagb_excerpt":"Recrear un clima rodeado de naturaleza, c\u00e1lido, rico, ordenado y con el color amarillo...","_links":{"self":[{"href":"https:\/\/www.arquimaster.com.ar\/web\/wp-json\/wp\/v2\/posts\/10829","targetHints":{"allow":["GET"]}}],"collection":[{"href":"https:\/\/www.arquimaster.com.ar\/web\/wp-json\/wp\/v2\/posts"}],"about":[{"href":"https:\/\/www.arquimaster.com.ar\/web\/wp-json\/wp\/v2\/types\/post"}],"author":[{"embeddable":true,"href":"https:\/\/www.arquimaster.com.ar\/web\/wp-json\/wp\/v2\/users\/1"}],"replies":[{"embeddable":true,"href":"https:\/\/www.arquimaster.com.ar\/web\/wp-json\/wp\/v2\/comments?post=10829"}],"version-history":[{"count":0,"href":"https:\/\/www.arquimaster.com.ar\/web\/wp-json\/wp\/v2\/posts\/10829\/revisions"}],"wp:featuredmedia":[{"embeddable":true,"href":"https:\/\/www.arquimaster.com.ar\/web\/wp-json\/wp\/v2\/media\/10830"}],"wp:attachment":[{"href":"https:\/\/www.arquimaster.com.ar\/web\/wp-json\/wp\/v2\/media?parent=10829"}],"wp:term":[{"taxonomy":"category","embeddable":true,"href":"https:\/\/www.arquimaster.com.ar\/web\/wp-json\/wp\/v2\/categories?post=10829"},{"taxonomy":"post_tag","embeddable":true,"href":"https:\/\/www.arquimaster.com.ar\/web\/wp-json\/wp\/v2\/tags?post=10829"}],"curies":[{"name":"wp","href":"https:\/\/api.w.org\/{rel}","templated":true}]}}