{"id":10841,"date":"2014-10-28T14:00:47","date_gmt":"2014-10-28T14:00:47","guid":{"rendered":"http:\/\/www.arquimaster.com.ar\/web\/?p=10841"},"modified":"2014-10-29T01:43:44","modified_gmt":"2014-10-29T01:43:44","slug":"sala-de-bano-espacio-18-casa-foa-2014-laura-urzanqui-y-ines-calamante","status":"publish","type":"post","link":"https:\/\/www.arquimaster.com.ar\/web\/sala-de-bano-espacio-18-casa-foa-2014-laura-urzanqui-y-ines-calamante\/","title":{"rendered":"Sala de ba\u00f1o (Espacio 18 Casa FOA 2014) \/ Laura Urzanqui y In\u00e9s Calamante"},"content":{"rendered":"<div style=\"margin-top: 0px; margin-bottom: 0px;\" class=\"sharethis-inline-share-buttons\" ><\/div><div class=\"b812932af2e751442846f039925109de\" data-index=\"1\" style=\"float: none; margin:25px 0 25px 0; text-align:center;\">\n<script async src=\"https:\/\/pagead2.googlesyndication.com\/pagead\/js\/adsbygoogle.js\"><\/script>\r\n<!-- Arquimaster (superior) -->\r\n<ins class=\"adsbygoogle\"\r\n     style=\"display:block\"\r\n     data-ad-client=\"ca-pub-6351072698456832\"\r\n     data-ad-slot=\"6455489680\"\r\n     data-ad-format=\"auto\"\r\n     data-full-width-responsive=\"true\"><\/ins>\r\n<script>\r\n     (adsbygoogle = window.adsbygoogle || []).push({});\r\n<\/script>\n<\/div>\n<p><strong>Sala de ba\u00f1o<\/strong> (Espacio 18 Casa FOA 2014 La Abadia) por <strong>Laura Urzanqui y In\u00e9s Calamante<\/strong>. Las tres claves que definen nuestro espacio son la simpleza, la armon\u00eda y la sutileza.<\/p>\n<div id='gallery-1' class='gallery galleryid-10841 gallery-columns-3 gallery-size-thumbnail'><figure class='gallery-item'>\n\t\t\t<div class='gallery-icon landscape'>\n\t\t\t\t<a href='https:\/\/www.arquimaster.com.ar\/web\/wp-content\/uploads\/2014\/10\/espacio18_casafoa2014_1.jpg' title=\"Sala de ba\u00f1o (Espacio 18 Casa FOA 2014) \/ Laura Urzanqui y In\u00e9s Calamante (\u00a9 Luz Fiumara)\" data-rl_title=\"Sala de ba\u00f1o (Espacio 18 Casa FOA 2014) \/ Laura Urzanqui y In\u00e9s Calamante (\u00a9 Luz Fiumara)\" class=\"rl-gallery-link\" data-rl_caption=\"Sala de ba\u00f1o (Espacio 18 Casa FOA 2014) \/ Laura Urzanqui y In\u00e9s Calamante (\u00a9 Luz Fiumara)\" data-rel=\"lightbox-gallery-1\"><img loading=\"lazy\" decoding=\"async\" width=\"150\" height=\"150\" src=\"https:\/\/www.arquimaster.com.ar\/web\/wp-content\/uploads\/2014\/10\/espacio18_casafoa2014_1-150x150.jpg\" class=\"attachment-thumbnail size-thumbnail\" alt=\"\" aria-describedby=\"gallery-1-10843\" srcset=\"https:\/\/www.arquimaster.com.ar\/web\/wp-content\/uploads\/2014\/10\/espacio18_casafoa2014_1-150x150.jpg 150w, https:\/\/www.arquimaster.com.ar\/web\/wp-content\/uploads\/2014\/10\/espacio18_casafoa2014_1-50x50.jpg 50w, https:\/\/www.arquimaster.com.ar\/web\/wp-content\/uploads\/2014\/10\/espacio18_casafoa2014_1-125x125.jpg 125w\" sizes=\"auto, (max-width: 150px) 100vw, 150px\" \/><\/a>\n\t\t\t<\/div>\n\t\t\t\t<figcaption class='wp-caption-text gallery-caption' id='gallery-1-10843'>\n\t\t\t\tSala de ba\u00f1o (Espacio 18 Casa FOA 2014) \/ Laura Urzanqui y In\u00e9s Calamante (\u00a9 Luz Fiumara)\n\t\t\t\t<\/figcaption><\/figure><figure class='gallery-item'>\n\t\t\t<div class='gallery-icon landscape'>\n\t\t\t\t<a href='https:\/\/www.arquimaster.com.ar\/web\/wp-content\/uploads\/2014\/10\/espacio18_casafoa2014_2.jpg' title=\"Sala de ba\u00f1o (Espacio 18 Casa FOA 2014) \/ Laura Urzanqui y In\u00e9s Calamante (\u00a9 Luz Fiumara)\" data-rl_title=\"Sala de ba\u00f1o (Espacio 18 Casa FOA 2014) \/ Laura Urzanqui y In\u00e9s Calamante (\u00a9 Luz Fiumara)\" class=\"rl-gallery-link\" data-rl_caption=\"Sala de ba\u00f1o (Espacio 18 Casa FOA 2014) \/ Laura Urzanqui y In\u00e9s Calamante (\u00a9 Luz Fiumara)\" data-rel=\"lightbox-gallery-1\"><img loading=\"lazy\" decoding=\"async\" width=\"150\" height=\"150\" src=\"https:\/\/www.arquimaster.com.ar\/web\/wp-content\/uploads\/2014\/10\/espacio18_casafoa2014_2-150x150.jpg\" class=\"attachment-thumbnail size-thumbnail\" alt=\"\" aria-describedby=\"gallery-1-10844\" srcset=\"https:\/\/www.arquimaster.com.ar\/web\/wp-content\/uploads\/2014\/10\/espacio18_casafoa2014_2-150x150.jpg 150w, https:\/\/www.arquimaster.com.ar\/web\/wp-content\/uploads\/2014\/10\/espacio18_casafoa2014_2-50x50.jpg 50w, https:\/\/www.arquimaster.com.ar\/web\/wp-content\/uploads\/2014\/10\/espacio18_casafoa2014_2-125x125.jpg 125w\" sizes=\"auto, (max-width: 150px) 100vw, 150px\" \/><\/a>\n\t\t\t<\/div>\n\t\t\t\t<figcaption class='wp-caption-text gallery-caption' id='gallery-1-10844'>\n\t\t\t\tSala de ba\u00f1o (Espacio 18 Casa FOA 2014) \/ Laura Urzanqui y In\u00e9s Calamante (\u00a9 Luz Fiumara)\n\t\t\t\t<\/figcaption><\/figure><figure class='gallery-item'>\n\t\t\t<div class='gallery-icon landscape'>\n\t\t\t\t<a href='https:\/\/www.arquimaster.com.ar\/web\/wp-content\/uploads\/2014\/10\/espacio18_casafoa2014_3.jpg' title=\"Sala de ba\u00f1o (Espacio 18 Casa FOA 2014) \/ Laura Urzanqui y In\u00e9s Calamante (\u00a9 Luz Fiumara)\" data-rl_title=\"Sala de ba\u00f1o (Espacio 18 Casa FOA 2014) \/ Laura Urzanqui y In\u00e9s Calamante (\u00a9 Luz Fiumara)\" class=\"rl-gallery-link\" data-rl_caption=\"Sala de ba\u00f1o (Espacio 18 Casa FOA 2014) \/ Laura Urzanqui y In\u00e9s Calamante (\u00a9 Luz Fiumara)\" data-rel=\"lightbox-gallery-1\"><img loading=\"lazy\" decoding=\"async\" width=\"150\" height=\"150\" src=\"https:\/\/www.arquimaster.com.ar\/web\/wp-content\/uploads\/2014\/10\/espacio18_casafoa2014_3-150x150.jpg\" class=\"attachment-thumbnail size-thumbnail\" alt=\"\" aria-describedby=\"gallery-1-10845\" srcset=\"https:\/\/www.arquimaster.com.ar\/web\/wp-content\/uploads\/2014\/10\/espacio18_casafoa2014_3-150x150.jpg 150w, https:\/\/www.arquimaster.com.ar\/web\/wp-content\/uploads\/2014\/10\/espacio18_casafoa2014_3-50x50.jpg 50w, https:\/\/www.arquimaster.com.ar\/web\/wp-content\/uploads\/2014\/10\/espacio18_casafoa2014_3-125x125.jpg 125w\" sizes=\"auto, (max-width: 150px) 100vw, 150px\" \/><\/a>\n\t\t\t<\/div>\n\t\t\t\t<figcaption class='wp-caption-text gallery-caption' id='gallery-1-10845'>\n\t\t\t\tSala de ba\u00f1o (Espacio 18 Casa FOA 2014) \/ Laura Urzanqui y In\u00e9s Calamante (\u00a9 Luz Fiumara)\n\t\t\t\t<\/figcaption><\/figure><figure class='gallery-item'>\n\t\t\t<div class='gallery-icon landscape'>\n\t\t\t\t<a href='https:\/\/www.arquimaster.com.ar\/web\/wp-content\/uploads\/2014\/10\/espacio18_casafoa2014_4.jpg' title=\"Sala de ba\u00f1o (Espacio 18 Casa FOA 2014) \/ Laura Urzanqui y In\u00e9s Calamante (\u00a9 Luz Fiumara)\" data-rl_title=\"Sala de ba\u00f1o (Espacio 18 Casa FOA 2014) \/ Laura Urzanqui y In\u00e9s Calamante (\u00a9 Luz Fiumara)\" class=\"rl-gallery-link\" data-rl_caption=\"Sala de ba\u00f1o (Espacio 18 Casa FOA 2014) \/ Laura Urzanqui y In\u00e9s Calamante (\u00a9 Luz Fiumara)\" data-rel=\"lightbox-gallery-1\"><img loading=\"lazy\" decoding=\"async\" width=\"150\" height=\"150\" src=\"https:\/\/www.arquimaster.com.ar\/web\/wp-content\/uploads\/2014\/10\/espacio18_casafoa2014_4-150x150.jpg\" class=\"attachment-thumbnail size-thumbnail\" alt=\"\" aria-describedby=\"gallery-1-10846\" srcset=\"https:\/\/www.arquimaster.com.ar\/web\/wp-content\/uploads\/2014\/10\/espacio18_casafoa2014_4-150x150.jpg 150w, https:\/\/www.arquimaster.com.ar\/web\/wp-content\/uploads\/2014\/10\/espacio18_casafoa2014_4-50x50.jpg 50w, https:\/\/www.arquimaster.com.ar\/web\/wp-content\/uploads\/2014\/10\/espacio18_casafoa2014_4-125x125.jpg 125w\" sizes=\"auto, (max-width: 150px) 100vw, 150px\" \/><\/a>\n\t\t\t<\/div>\n\t\t\t\t<figcaption class='wp-caption-text gallery-caption' id='gallery-1-10846'>\n\t\t\t\tSala de ba\u00f1o (Espacio 18 Casa FOA 2014) \/ Laura Urzanqui y In\u00e9s Calamante (\u00a9 Luz Fiumara)\n\t\t\t\t<\/figcaption><\/figure><figure class='gallery-item'>\n\t\t\t<div class='gallery-icon landscape'>\n\t\t\t\t<a href='https:\/\/www.arquimaster.com.ar\/web\/wp-content\/uploads\/2014\/10\/espacio18_casafoa2014_5.jpg' title=\"Sala de ba\u00f1o (Espacio 18 Casa FOA 2014) \/ Laura Urzanqui y In\u00e9s Calamante (\u00a9 Luz Fiumara)\" data-rl_title=\"Sala de ba\u00f1o (Espacio 18 Casa FOA 2014) \/ Laura Urzanqui y In\u00e9s Calamante (\u00a9 Luz Fiumara)\" class=\"rl-gallery-link\" data-rl_caption=\"Sala de ba\u00f1o (Espacio 18 Casa FOA 2014) \/ Laura Urzanqui y In\u00e9s Calamante (\u00a9 Luz Fiumara)\" data-rel=\"lightbox-gallery-1\"><img loading=\"lazy\" decoding=\"async\" width=\"150\" height=\"150\" src=\"https:\/\/www.arquimaster.com.ar\/web\/wp-content\/uploads\/2014\/10\/espacio18_casafoa2014_5-150x150.jpg\" class=\"attachment-thumbnail size-thumbnail\" alt=\"\" aria-describedby=\"gallery-1-10847\" srcset=\"https:\/\/www.arquimaster.com.ar\/web\/wp-content\/uploads\/2014\/10\/espacio18_casafoa2014_5-150x150.jpg 150w, https:\/\/www.arquimaster.com.ar\/web\/wp-content\/uploads\/2014\/10\/espacio18_casafoa2014_5-50x50.jpg 50w, https:\/\/www.arquimaster.com.ar\/web\/wp-content\/uploads\/2014\/10\/espacio18_casafoa2014_5-125x125.jpg 125w\" sizes=\"auto, (max-width: 150px) 100vw, 150px\" \/><\/a>\n\t\t\t<\/div>\n\t\t\t\t<figcaption class='wp-caption-text gallery-caption' id='gallery-1-10847'>\n\t\t\t\tSala de ba\u00f1o (Espacio 18 Casa FOA 2014) \/ Laura Urzanqui y In\u00e9s Calamante (\u00a9 Luz Fiumara)\n\t\t\t\t<\/figcaption><\/figure><figure class='gallery-item'>\n\t\t\t<div class='gallery-icon landscape'>\n\t\t\t\t<a href='https:\/\/www.arquimaster.com.ar\/web\/wp-content\/uploads\/2014\/10\/espacio18_casafoa2014_6.jpg' title=\"Sala de ba\u00f1o (Espacio 18 Casa FOA 2014) \/ Laura Urzanqui y In\u00e9s Calamante (\u00a9 Luz Fiumara)\" data-rl_title=\"Sala de ba\u00f1o (Espacio 18 Casa FOA 2014) \/ Laura Urzanqui y In\u00e9s Calamante (\u00a9 Luz Fiumara)\" class=\"rl-gallery-link\" data-rl_caption=\"Sala de ba\u00f1o (Espacio 18 Casa FOA 2014) \/ Laura Urzanqui y In\u00e9s Calamante (\u00a9 Luz Fiumara)\" data-rel=\"lightbox-gallery-1\"><img loading=\"lazy\" decoding=\"async\" width=\"150\" height=\"150\" src=\"https:\/\/www.arquimaster.com.ar\/web\/wp-content\/uploads\/2014\/10\/espacio18_casafoa2014_6-150x150.jpg\" class=\"attachment-thumbnail size-thumbnail\" alt=\"\" aria-describedby=\"gallery-1-10848\" srcset=\"https:\/\/www.arquimaster.com.ar\/web\/wp-content\/uploads\/2014\/10\/espacio18_casafoa2014_6-150x150.jpg 150w, https:\/\/www.arquimaster.com.ar\/web\/wp-content\/uploads\/2014\/10\/espacio18_casafoa2014_6-50x50.jpg 50w, https:\/\/www.arquimaster.com.ar\/web\/wp-content\/uploads\/2014\/10\/espacio18_casafoa2014_6-125x125.jpg 125w\" sizes=\"auto, (max-width: 150px) 100vw, 150px\" \/><\/a>\n\t\t\t<\/div>\n\t\t\t\t<figcaption class='wp-caption-text gallery-caption' id='gallery-1-10848'>\n\t\t\t\tSala de ba\u00f1o (Espacio 18 Casa FOA 2014) \/ Laura Urzanqui y In\u00e9s Calamante (\u00a9 Luz Fiumara)\n\t\t\t\t<\/figcaption><\/figure><figure class='gallery-item'>\n\t\t\t<div class='gallery-icon landscape'>\n\t\t\t\t<a href='https:\/\/www.arquimaster.com.ar\/web\/wp-content\/uploads\/2014\/10\/espacio18_casafoa2014_7.jpg' title=\"Sala de ba\u00f1o (Espacio 18 Casa FOA 2014) \/ Laura Urzanqui y In\u00e9s Calamante (\u00a9 Luz Fiumara)\" data-rl_title=\"Sala de ba\u00f1o (Espacio 18 Casa FOA 2014) \/ Laura Urzanqui y In\u00e9s Calamante (\u00a9 Luz Fiumara)\" class=\"rl-gallery-link\" data-rl_caption=\"Sala de ba\u00f1o (Espacio 18 Casa FOA 2014) \/ Laura Urzanqui y In\u00e9s Calamante (\u00a9 Luz Fiumara)\" data-rel=\"lightbox-gallery-1\"><img loading=\"lazy\" decoding=\"async\" width=\"150\" height=\"150\" src=\"https:\/\/www.arquimaster.com.ar\/web\/wp-content\/uploads\/2014\/10\/espacio18_casafoa2014_7-150x150.jpg\" class=\"attachment-thumbnail size-thumbnail\" alt=\"\" aria-describedby=\"gallery-1-10849\" srcset=\"https:\/\/www.arquimaster.com.ar\/web\/wp-content\/uploads\/2014\/10\/espacio18_casafoa2014_7-150x150.jpg 150w, https:\/\/www.arquimaster.com.ar\/web\/wp-content\/uploads\/2014\/10\/espacio18_casafoa2014_7-50x50.jpg 50w, https:\/\/www.arquimaster.com.ar\/web\/wp-content\/uploads\/2014\/10\/espacio18_casafoa2014_7-125x125.jpg 125w\" sizes=\"auto, (max-width: 150px) 100vw, 150px\" \/><\/a>\n\t\t\t<\/div>\n\t\t\t\t<figcaption class='wp-caption-text gallery-caption' id='gallery-1-10849'>\n\t\t\t\tSala de ba\u00f1o (Espacio 18 Casa FOA 2014) \/ Laura Urzanqui y In\u00e9s Calamante (\u00a9 Luz Fiumara)\n\t\t\t\t<\/figcaption><\/figure><figure class='gallery-item'>\n\t\t\t<div class='gallery-icon landscape'>\n\t\t\t\t<a href='https:\/\/www.arquimaster.com.ar\/web\/wp-content\/uploads\/2014\/10\/espacio18_casafoa2014_8.jpg' title=\"Sala de ba\u00f1o (Espacio 18 Casa FOA 2014) \/ Laura Urzanqui y In\u00e9s Calamante (\u00a9 Luz Fiumara)\" data-rl_title=\"Sala de ba\u00f1o (Espacio 18 Casa FOA 2014) \/ Laura Urzanqui y In\u00e9s Calamante (\u00a9 Luz Fiumara)\" class=\"rl-gallery-link\" data-rl_caption=\"Sala de ba\u00f1o (Espacio 18 Casa FOA 2014) \/ Laura Urzanqui y In\u00e9s Calamante (\u00a9 Luz Fiumara)\" data-rel=\"lightbox-gallery-1\"><img loading=\"lazy\" decoding=\"async\" width=\"150\" height=\"150\" src=\"https:\/\/www.arquimaster.com.ar\/web\/wp-content\/uploads\/2014\/10\/espacio18_casafoa2014_8-150x150.jpg\" class=\"attachment-thumbnail size-thumbnail\" alt=\"\" aria-describedby=\"gallery-1-10850\" srcset=\"https:\/\/www.arquimaster.com.ar\/web\/wp-content\/uploads\/2014\/10\/espacio18_casafoa2014_8-150x150.jpg 150w, https:\/\/www.arquimaster.com.ar\/web\/wp-content\/uploads\/2014\/10\/espacio18_casafoa2014_8-50x50.jpg 50w, https:\/\/www.arquimaster.com.ar\/web\/wp-content\/uploads\/2014\/10\/espacio18_casafoa2014_8-125x125.jpg 125w\" sizes=\"auto, (max-width: 150px) 100vw, 150px\" \/><\/a>\n\t\t\t<\/div>\n\t\t\t\t<figcaption class='wp-caption-text gallery-caption' id='gallery-1-10850'>\n\t\t\t\tSala de ba\u00f1o (Espacio 18 Casa FOA 2014) \/ Laura Urzanqui y In\u00e9s Calamante (\u00a9 Luz Fiumara)\n\t\t\t\t<\/figcaption><\/figure><figure class='gallery-item'>\n\t\t\t<div class='gallery-icon landscape'>\n\t\t\t\t<a href='https:\/\/www.arquimaster.com.ar\/web\/wp-content\/uploads\/2014\/10\/espacio18_casafoa2014_9.jpg' title=\"Sala de ba\u00f1o (Espacio 18 Casa FOA 2014) \/ Laura Urzanqui y In\u00e9s Calamante (\u00a9 Luz Fiumara)\" data-rl_title=\"Sala de ba\u00f1o (Espacio 18 Casa FOA 2014) \/ Laura Urzanqui y In\u00e9s Calamante (\u00a9 Luz Fiumara)\" class=\"rl-gallery-link\" data-rl_caption=\"Sala de ba\u00f1o (Espacio 18 Casa FOA 2014) \/ Laura Urzanqui y In\u00e9s Calamante (\u00a9 Luz Fiumara)\" data-rel=\"lightbox-gallery-1\"><img loading=\"lazy\" decoding=\"async\" width=\"150\" height=\"150\" src=\"https:\/\/www.arquimaster.com.ar\/web\/wp-content\/uploads\/2014\/10\/espacio18_casafoa2014_9-150x150.jpg\" class=\"attachment-thumbnail size-thumbnail\" alt=\"\" aria-describedby=\"gallery-1-10851\" srcset=\"https:\/\/www.arquimaster.com.ar\/web\/wp-content\/uploads\/2014\/10\/espacio18_casafoa2014_9-150x150.jpg 150w, https:\/\/www.arquimaster.com.ar\/web\/wp-content\/uploads\/2014\/10\/espacio18_casafoa2014_9-50x50.jpg 50w, https:\/\/www.arquimaster.com.ar\/web\/wp-content\/uploads\/2014\/10\/espacio18_casafoa2014_9-125x125.jpg 125w\" sizes=\"auto, (max-width: 150px) 100vw, 150px\" \/><\/a>\n\t\t\t<\/div>\n\t\t\t\t<figcaption class='wp-caption-text gallery-caption' id='gallery-1-10851'>\n\t\t\t\tSala de ba\u00f1o (Espacio 18 Casa FOA 2014) \/ Laura Urzanqui y In\u00e9s Calamante (\u00a9 Luz Fiumara)\n\t\t\t\t<\/figcaption><\/figure><figure class='gallery-item'>\n\t\t\t<div class='gallery-icon landscape'>\n\t\t\t\t<a href='https:\/\/www.arquimaster.com.ar\/web\/wp-content\/uploads\/2014\/10\/espacio18_casafoa2014_10.jpg' title=\"Sala de ba\u00f1o (Espacio 18 Casa FOA 2014) \/ Laura Urzanqui y In\u00e9s Calamante (\u00a9 Luz Fiumara)\" data-rl_title=\"Sala de ba\u00f1o (Espacio 18 Casa FOA 2014) \/ Laura Urzanqui y In\u00e9s Calamante (\u00a9 Luz Fiumara)\" class=\"rl-gallery-link\" data-rl_caption=\"Sala de ba\u00f1o (Espacio 18 Casa FOA 2014) \/ Laura Urzanqui y In\u00e9s Calamante (\u00a9 Luz Fiumara)\" data-rel=\"lightbox-gallery-1\"><img loading=\"lazy\" decoding=\"async\" width=\"150\" height=\"150\" src=\"https:\/\/www.arquimaster.com.ar\/web\/wp-content\/uploads\/2014\/10\/espacio18_casafoa2014_10-150x150.jpg\" class=\"attachment-thumbnail size-thumbnail\" alt=\"\" aria-describedby=\"gallery-1-10852\" srcset=\"https:\/\/www.arquimaster.com.ar\/web\/wp-content\/uploads\/2014\/10\/espacio18_casafoa2014_10-150x150.jpg 150w, https:\/\/www.arquimaster.com.ar\/web\/wp-content\/uploads\/2014\/10\/espacio18_casafoa2014_10-50x50.jpg 50w, https:\/\/www.arquimaster.com.ar\/web\/wp-content\/uploads\/2014\/10\/espacio18_casafoa2014_10-125x125.jpg 125w\" sizes=\"auto, (max-width: 150px) 100vw, 150px\" \/><\/a>\n\t\t\t<\/div>\n\t\t\t\t<figcaption class='wp-caption-text gallery-caption' id='gallery-1-10852'>\n\t\t\t\tSala de ba\u00f1o (Espacio 18 Casa FOA 2014) \/ Laura Urzanqui y In\u00e9s Calamante (\u00a9 Luz Fiumara)\n\t\t\t\t<\/figcaption><\/figure><figure class='gallery-item'>\n\t\t\t<div class='gallery-icon portrait'>\n\t\t\t\t<a href='https:\/\/www.arquimaster.com.ar\/web\/wp-content\/uploads\/2014\/10\/espacio18_casafoa2014_11.jpg' title=\"Sala de ba\u00f1o (Espacio 18 Casa FOA 2014) \/ Laura Urzanqui y In\u00e9s Calamante (\u00a9 Luz Fiumara)\" data-rl_title=\"Sala de ba\u00f1o (Espacio 18 Casa FOA 2014) \/ Laura Urzanqui y In\u00e9s Calamante (\u00a9 Luz Fiumara)\" class=\"rl-gallery-link\" data-rl_caption=\"Sala de ba\u00f1o (Espacio 18 Casa FOA 2014) \/ Laura Urzanqui y In\u00e9s Calamante (\u00a9 Luz Fiumara)\" data-rel=\"lightbox-gallery-1\"><img loading=\"lazy\" decoding=\"async\" width=\"150\" height=\"150\" src=\"https:\/\/www.arquimaster.com.ar\/web\/wp-content\/uploads\/2014\/10\/espacio18_casafoa2014_11-150x150.jpg\" class=\"attachment-thumbnail size-thumbnail\" alt=\"\" aria-describedby=\"gallery-1-10853\" srcset=\"https:\/\/www.arquimaster.com.ar\/web\/wp-content\/uploads\/2014\/10\/espacio18_casafoa2014_11-150x150.jpg 150w, https:\/\/www.arquimaster.com.ar\/web\/wp-content\/uploads\/2014\/10\/espacio18_casafoa2014_11-50x50.jpg 50w, https:\/\/www.arquimaster.com.ar\/web\/wp-content\/uploads\/2014\/10\/espacio18_casafoa2014_11-125x125.jpg 125w\" sizes=\"auto, (max-width: 150px) 100vw, 150px\" \/><\/a>\n\t\t\t<\/div>\n\t\t\t\t<figcaption class='wp-caption-text gallery-caption' id='gallery-1-10853'>\n\t\t\t\tSala de ba\u00f1o (Espacio 18 Casa FOA 2014) \/ Laura Urzanqui y In\u00e9s Calamante (\u00a9 Luz Fiumara)\n\t\t\t\t<\/figcaption><\/figure><figure class='gallery-item'>\n\t\t\t<div class='gallery-icon portrait'>\n\t\t\t\t<a href='https:\/\/www.arquimaster.com.ar\/web\/wp-content\/uploads\/2014\/10\/espacio18_casafoa2014_12.jpg' title=\"Sala de ba\u00f1o (Espacio 18 Casa FOA 2014) \/ Laura Urzanqui y In\u00e9s Calamante (\u00a9 Luz Fiumara)\" data-rl_title=\"Sala de ba\u00f1o (Espacio 18 Casa FOA 2014) \/ Laura Urzanqui y In\u00e9s Calamante (\u00a9 Luz Fiumara)\" class=\"rl-gallery-link\" data-rl_caption=\"Sala de ba\u00f1o (Espacio 18 Casa FOA 2014) \/ Laura Urzanqui y In\u00e9s Calamante (\u00a9 Luz Fiumara)\" data-rel=\"lightbox-gallery-1\"><img loading=\"lazy\" decoding=\"async\" width=\"150\" height=\"150\" src=\"https:\/\/www.arquimaster.com.ar\/web\/wp-content\/uploads\/2014\/10\/espacio18_casafoa2014_12-150x150.jpg\" class=\"attachment-thumbnail size-thumbnail\" alt=\"\" aria-describedby=\"gallery-1-10854\" srcset=\"https:\/\/www.arquimaster.com.ar\/web\/wp-content\/uploads\/2014\/10\/espacio18_casafoa2014_12-150x150.jpg 150w, https:\/\/www.arquimaster.com.ar\/web\/wp-content\/uploads\/2014\/10\/espacio18_casafoa2014_12-50x50.jpg 50w, https:\/\/www.arquimaster.com.ar\/web\/wp-content\/uploads\/2014\/10\/espacio18_casafoa2014_12-125x125.jpg 125w\" sizes=\"auto, (max-width: 150px) 100vw, 150px\" \/><\/a>\n\t\t\t<\/div>\n\t\t\t\t<figcaption class='wp-caption-text gallery-caption' id='gallery-1-10854'>\n\t\t\t\tSala de ba\u00f1o (Espacio 18 Casa FOA 2014) \/ Laura Urzanqui y In\u00e9s Calamante (\u00a9 Luz Fiumara)\n\t\t\t\t<\/figcaption><\/figure><figure class='gallery-item'>\n\t\t\t<div class='gallery-icon portrait'>\n\t\t\t\t<a href='https:\/\/www.arquimaster.com.ar\/web\/wp-content\/uploads\/2014\/10\/espacio18_casafoa2014_13.jpg' title=\"Sala de ba\u00f1o (Espacio 18 Casa FOA 2014) \/ Laura Urzanqui y In\u00e9s Calamante (\u00a9 Luz Fiumara)\" data-rl_title=\"Sala de ba\u00f1o (Espacio 18 Casa FOA 2014) \/ Laura Urzanqui y In\u00e9s Calamante (\u00a9 Luz Fiumara)\" class=\"rl-gallery-link\" data-rl_caption=\"Sala de ba\u00f1o (Espacio 18 Casa FOA 2014) \/ Laura Urzanqui y In\u00e9s Calamante (\u00a9 Luz Fiumara)\" data-rel=\"lightbox-gallery-1\"><img loading=\"lazy\" decoding=\"async\" width=\"150\" height=\"150\" src=\"https:\/\/www.arquimaster.com.ar\/web\/wp-content\/uploads\/2014\/10\/espacio18_casafoa2014_13-150x150.jpg\" class=\"attachment-thumbnail size-thumbnail\" alt=\"\" aria-describedby=\"gallery-1-10855\" srcset=\"https:\/\/www.arquimaster.com.ar\/web\/wp-content\/uploads\/2014\/10\/espacio18_casafoa2014_13-150x150.jpg 150w, https:\/\/www.arquimaster.com.ar\/web\/wp-content\/uploads\/2014\/10\/espacio18_casafoa2014_13-50x50.jpg 50w, https:\/\/www.arquimaster.com.ar\/web\/wp-content\/uploads\/2014\/10\/espacio18_casafoa2014_13-125x125.jpg 125w\" sizes=\"auto, (max-width: 150px) 100vw, 150px\" \/><\/a>\n\t\t\t<\/div>\n\t\t\t\t<figcaption class='wp-caption-text gallery-caption' id='gallery-1-10855'>\n\t\t\t\tSala de ba\u00f1o (Espacio 18 Casa FOA 2014) \/ Laura Urzanqui y In\u00e9s Calamante (\u00a9 Luz Fiumara)\n\t\t\t\t<\/figcaption><\/figure><figure class='gallery-item'>\n\t\t\t<div class='gallery-icon landscape'>\n\t\t\t\t<a href='https:\/\/www.arquimaster.com.ar\/web\/wp-content\/uploads\/2014\/10\/espacio18_casafoa2014_14.jpg' title=\"Sala de ba\u00f1o (Espacio 18 Casa FOA 2014) \/ Laura Urzanqui y In\u00e9s Calamante (\u00a9 Luz Fiumara)\" data-rl_title=\"Sala de ba\u00f1o (Espacio 18 Casa FOA 2014) \/ Laura Urzanqui y In\u00e9s Calamante (\u00a9 Luz Fiumara)\" class=\"rl-gallery-link\" data-rl_caption=\"Sala de ba\u00f1o (Espacio 18 Casa FOA 2014) \/ Laura Urzanqui y In\u00e9s Calamante (\u00a9 Luz Fiumara)\" data-rel=\"lightbox-gallery-1\"><img loading=\"lazy\" decoding=\"async\" width=\"150\" height=\"150\" src=\"https:\/\/www.arquimaster.com.ar\/web\/wp-content\/uploads\/2014\/10\/espacio18_casafoa2014_14-150x150.jpg\" class=\"attachment-thumbnail size-thumbnail\" alt=\"\" aria-describedby=\"gallery-1-10856\" srcset=\"https:\/\/www.arquimaster.com.ar\/web\/wp-content\/uploads\/2014\/10\/espacio18_casafoa2014_14-150x150.jpg 150w, https:\/\/www.arquimaster.com.ar\/web\/wp-content\/uploads\/2014\/10\/espacio18_casafoa2014_14-50x50.jpg 50w, https:\/\/www.arquimaster.com.ar\/web\/wp-content\/uploads\/2014\/10\/espacio18_casafoa2014_14-125x125.jpg 125w\" sizes=\"auto, (max-width: 150px) 100vw, 150px\" \/><\/a>\n\t\t\t<\/div>\n\t\t\t\t<figcaption class='wp-caption-text gallery-caption' id='gallery-1-10856'>\n\t\t\t\tSala de ba\u00f1o (Espacio 18 Casa FOA 2014) \/ Laura Urzanqui y In\u00e9s Calamante (\u00a9 Luz Fiumara)\n\t\t\t\t<\/figcaption><\/figure><figure class='gallery-item'>\n\t\t\t<div class='gallery-icon landscape'>\n\t\t\t\t<a href='https:\/\/www.arquimaster.com.ar\/web\/wp-content\/uploads\/2014\/10\/espacio18_casafoa2014_15.jpg' title=\"Sala de ba\u00f1o (Espacio 18 Casa FOA 2014) \/ Laura Urzanqui y In\u00e9s Calamante (\u00a9 Luz Fiumara)\" data-rl_title=\"Sala de ba\u00f1o (Espacio 18 Casa FOA 2014) \/ Laura Urzanqui y In\u00e9s Calamante (\u00a9 Luz Fiumara)\" class=\"rl-gallery-link\" data-rl_caption=\"Sala de ba\u00f1o (Espacio 18 Casa FOA 2014) \/ Laura Urzanqui y In\u00e9s Calamante (\u00a9 Luz Fiumara)\" data-rel=\"lightbox-gallery-1\"><img loading=\"lazy\" decoding=\"async\" width=\"150\" height=\"150\" src=\"https:\/\/www.arquimaster.com.ar\/web\/wp-content\/uploads\/2014\/10\/espacio18_casafoa2014_15-150x150.jpg\" class=\"attachment-thumbnail size-thumbnail\" alt=\"\" aria-describedby=\"gallery-1-10857\" srcset=\"https:\/\/www.arquimaster.com.ar\/web\/wp-content\/uploads\/2014\/10\/espacio18_casafoa2014_15-150x150.jpg 150w, https:\/\/www.arquimaster.com.ar\/web\/wp-content\/uploads\/2014\/10\/espacio18_casafoa2014_15-50x50.jpg 50w, https:\/\/www.arquimaster.com.ar\/web\/wp-content\/uploads\/2014\/10\/espacio18_casafoa2014_15-125x125.jpg 125w\" sizes=\"auto, (max-width: 150px) 100vw, 150px\" \/><\/a>\n\t\t\t<\/div>\n\t\t\t\t<figcaption class='wp-caption-text gallery-caption' id='gallery-1-10857'>\n\t\t\t\tSala de ba\u00f1o (Espacio 18 Casa FOA 2014) \/ Laura Urzanqui y In\u00e9s Calamante (\u00a9 Luz Fiumara)\n\t\t\t\t<\/figcaption><\/figure><figure class='gallery-item'>\n\t\t\t<div class='gallery-icon landscape'>\n\t\t\t\t<a href='https:\/\/www.arquimaster.com.ar\/web\/wp-content\/uploads\/2014\/10\/espacio18_casafoa2014_16.jpg' title=\"Sala de ba\u00f1o (Espacio 18 Casa FOA 2014) \/ Laura Urzanqui y In\u00e9s Calamante (\u00a9 Luz Fiumara)\" data-rl_title=\"Sala de ba\u00f1o (Espacio 18 Casa FOA 2014) \/ Laura Urzanqui y In\u00e9s Calamante (\u00a9 Luz Fiumara)\" class=\"rl-gallery-link\" data-rl_caption=\"Sala de ba\u00f1o (Espacio 18 Casa FOA 2014) \/ Laura Urzanqui y In\u00e9s Calamante (\u00a9 Luz Fiumara)\" data-rel=\"lightbox-gallery-1\"><img loading=\"lazy\" decoding=\"async\" width=\"150\" height=\"150\" src=\"https:\/\/www.arquimaster.com.ar\/web\/wp-content\/uploads\/2014\/10\/espacio18_casafoa2014_16-150x150.jpg\" class=\"attachment-thumbnail size-thumbnail\" alt=\"\" aria-describedby=\"gallery-1-10858\" srcset=\"https:\/\/www.arquimaster.com.ar\/web\/wp-content\/uploads\/2014\/10\/espacio18_casafoa2014_16-150x150.jpg 150w, https:\/\/www.arquimaster.com.ar\/web\/wp-content\/uploads\/2014\/10\/espacio18_casafoa2014_16-50x50.jpg 50w, https:\/\/www.arquimaster.com.ar\/web\/wp-content\/uploads\/2014\/10\/espacio18_casafoa2014_16-125x125.jpg 125w\" sizes=\"auto, (max-width: 150px) 100vw, 150px\" \/><\/a>\n\t\t\t<\/div>\n\t\t\t\t<figcaption class='wp-caption-text gallery-caption' id='gallery-1-10858'>\n\t\t\t\tSala de ba\u00f1o (Espacio 18 Casa FOA 2014) \/ Laura Urzanqui y In\u00e9s Calamante (\u00a9 Luz Fiumara)\n\t\t\t\t<\/figcaption><\/figure><figure class='gallery-item'>\n\t\t\t<div class='gallery-icon landscape'>\n\t\t\t\t<a href='https:\/\/www.arquimaster.com.ar\/web\/wp-content\/uploads\/2014\/10\/espacio18_casafoa2014_17.jpg' title=\"Sala de ba\u00f1o (Espacio 18 Casa FOA 2014) \/ Laura Urzanqui y In\u00e9s Calamante (\u00a9 Luz Fiumara)\" data-rl_title=\"Sala de ba\u00f1o (Espacio 18 Casa FOA 2014) \/ Laura Urzanqui y In\u00e9s Calamante (\u00a9 Luz Fiumara)\" class=\"rl-gallery-link\" data-rl_caption=\"Sala de ba\u00f1o (Espacio 18 Casa FOA 2014) \/ Laura Urzanqui y In\u00e9s Calamante (\u00a9 Luz Fiumara)\" data-rel=\"lightbox-gallery-1\"><img loading=\"lazy\" decoding=\"async\" width=\"150\" height=\"150\" src=\"https:\/\/www.arquimaster.com.ar\/web\/wp-content\/uploads\/2014\/10\/espacio18_casafoa2014_17-150x150.jpg\" class=\"attachment-thumbnail size-thumbnail\" alt=\"\" aria-describedby=\"gallery-1-10859\" srcset=\"https:\/\/www.arquimaster.com.ar\/web\/wp-content\/uploads\/2014\/10\/espacio18_casafoa2014_17-150x150.jpg 150w, https:\/\/www.arquimaster.com.ar\/web\/wp-content\/uploads\/2014\/10\/espacio18_casafoa2014_17-50x50.jpg 50w, https:\/\/www.arquimaster.com.ar\/web\/wp-content\/uploads\/2014\/10\/espacio18_casafoa2014_17-125x125.jpg 125w\" sizes=\"auto, (max-width: 150px) 100vw, 150px\" \/><\/a>\n\t\t\t<\/div>\n\t\t\t\t<figcaption class='wp-caption-text gallery-caption' id='gallery-1-10859'>\n\t\t\t\tSala de ba\u00f1o (Espacio 18 Casa FOA 2014) \/ Laura Urzanqui y In\u00e9s Calamante (\u00a9 Luz Fiumara)\n\t\t\t\t<\/figcaption><\/figure><figure class='gallery-item'>\n\t\t\t<div class='gallery-icon portrait'>\n\t\t\t\t<a href='https:\/\/www.arquimaster.com.ar\/web\/wp-content\/uploads\/2014\/10\/espacio18_casafoa2014_18.jpg' title=\"Sala de ba\u00f1o (Espacio 18 Casa FOA 2014) \/ Laura Urzanqui y In\u00e9s Calamante (\u00a9 Luz Fiumara)\" data-rl_title=\"Sala de ba\u00f1o (Espacio 18 Casa FOA 2014) \/ Laura Urzanqui y In\u00e9s Calamante (\u00a9 Luz Fiumara)\" class=\"rl-gallery-link\" data-rl_caption=\"Sala de ba\u00f1o (Espacio 18 Casa FOA 2014) \/ Laura Urzanqui y In\u00e9s Calamante (\u00a9 Luz Fiumara)\" data-rel=\"lightbox-gallery-1\"><img loading=\"lazy\" decoding=\"async\" width=\"150\" height=\"150\" src=\"https:\/\/www.arquimaster.com.ar\/web\/wp-content\/uploads\/2014\/10\/espacio18_casafoa2014_18-150x150.jpg\" class=\"attachment-thumbnail size-thumbnail\" alt=\"\" aria-describedby=\"gallery-1-10860\" srcset=\"https:\/\/www.arquimaster.com.ar\/web\/wp-content\/uploads\/2014\/10\/espacio18_casafoa2014_18-150x150.jpg 150w, https:\/\/www.arquimaster.com.ar\/web\/wp-content\/uploads\/2014\/10\/espacio18_casafoa2014_18-50x50.jpg 50w, https:\/\/www.arquimaster.com.ar\/web\/wp-content\/uploads\/2014\/10\/espacio18_casafoa2014_18-125x125.jpg 125w\" sizes=\"auto, (max-width: 150px) 100vw, 150px\" \/><\/a>\n\t\t\t<\/div>\n\t\t\t\t<figcaption class='wp-caption-text gallery-caption' id='gallery-1-10860'>\n\t\t\t\tSala de ba\u00f1o (Espacio 18 Casa FOA 2014) \/ Laura Urzanqui y In\u00e9s Calamante (\u00a9 Luz Fiumara)\n\t\t\t\t<\/figcaption><\/figure><figure class='gallery-item'>\n\t\t\t<div class='gallery-icon portrait'>\n\t\t\t\t<a href='https:\/\/www.arquimaster.com.ar\/web\/wp-content\/uploads\/2014\/10\/espacio18_casafoa2014_19.jpg' title=\"Sala de ba\u00f1o (Espacio 18 Casa FOA 2014) \/ Laura Urzanqui y In\u00e9s Calamante (\u00a9 Luz Fiumara)\" data-rl_title=\"Sala de ba\u00f1o (Espacio 18 Casa FOA 2014) \/ Laura Urzanqui y In\u00e9s Calamante (\u00a9 Luz Fiumara)\" class=\"rl-gallery-link\" data-rl_caption=\"Sala de ba\u00f1o (Espacio 18 Casa FOA 2014) \/ Laura Urzanqui y In\u00e9s Calamante (\u00a9 Luz Fiumara)\" data-rel=\"lightbox-gallery-1\"><img loading=\"lazy\" decoding=\"async\" width=\"150\" height=\"150\" src=\"https:\/\/www.arquimaster.com.ar\/web\/wp-content\/uploads\/2014\/10\/espacio18_casafoa2014_19-150x150.jpg\" class=\"attachment-thumbnail size-thumbnail\" alt=\"\" aria-describedby=\"gallery-1-10861\" srcset=\"https:\/\/www.arquimaster.com.ar\/web\/wp-content\/uploads\/2014\/10\/espacio18_casafoa2014_19-150x150.jpg 150w, https:\/\/www.arquimaster.com.ar\/web\/wp-content\/uploads\/2014\/10\/espacio18_casafoa2014_19-50x50.jpg 50w, https:\/\/www.arquimaster.com.ar\/web\/wp-content\/uploads\/2014\/10\/espacio18_casafoa2014_19-125x125.jpg 125w\" sizes=\"auto, (max-width: 150px) 100vw, 150px\" \/><\/a>\n\t\t\t<\/div>\n\t\t\t\t<figcaption class='wp-caption-text gallery-caption' id='gallery-1-10861'>\n\t\t\t\tSala de ba\u00f1o (Espacio 18 Casa FOA 2014) \/ Laura Urzanqui y In\u00e9s Calamante (\u00a9 Luz Fiumara)\n\t\t\t\t<\/figcaption><\/figure><figure class='gallery-item'>\n\t\t\t<div class='gallery-icon portrait'>\n\t\t\t\t<a href='https:\/\/www.arquimaster.com.ar\/web\/wp-content\/uploads\/2014\/10\/espacio18_casafoa2014_20.jpg' title=\"Sala de ba\u00f1o (Espacio 18 Casa FOA 2014) \/ Laura Urzanqui y In\u00e9s Calamante (\u00a9 Luz Fiumara)\" data-rl_title=\"Sala de ba\u00f1o (Espacio 18 Casa FOA 2014) \/ Laura Urzanqui y In\u00e9s Calamante (\u00a9 Luz Fiumara)\" class=\"rl-gallery-link\" data-rl_caption=\"Sala de ba\u00f1o (Espacio 18 Casa FOA 2014) \/ Laura Urzanqui y In\u00e9s Calamante (\u00a9 Luz Fiumara)\" data-rel=\"lightbox-gallery-1\"><img loading=\"lazy\" decoding=\"async\" width=\"150\" height=\"150\" src=\"https:\/\/www.arquimaster.com.ar\/web\/wp-content\/uploads\/2014\/10\/espacio18_casafoa2014_20-150x150.jpg\" class=\"attachment-thumbnail size-thumbnail\" alt=\"\" aria-describedby=\"gallery-1-10862\" srcset=\"https:\/\/www.arquimaster.com.ar\/web\/wp-content\/uploads\/2014\/10\/espacio18_casafoa2014_20-150x150.jpg 150w, https:\/\/www.arquimaster.com.ar\/web\/wp-content\/uploads\/2014\/10\/espacio18_casafoa2014_20-50x50.jpg 50w, https:\/\/www.arquimaster.com.ar\/web\/wp-content\/uploads\/2014\/10\/espacio18_casafoa2014_20-125x125.jpg 125w\" sizes=\"auto, (max-width: 150px) 100vw, 150px\" \/><\/a>\n\t\t\t<\/div>\n\t\t\t\t<figcaption class='wp-caption-text gallery-caption' id='gallery-1-10862'>\n\t\t\t\tSala de ba\u00f1o (Espacio 18 Casa FOA 2014) \/ Laura Urzanqui y In\u00e9s Calamante (\u00a9 Luz Fiumara)\n\t\t\t\t<\/figcaption><\/figure><figure class='gallery-item'>\n\t\t\t<div class='gallery-icon portrait'>\n\t\t\t\t<a href='https:\/\/www.arquimaster.com.ar\/web\/wp-content\/uploads\/2014\/10\/espacio18_casafoa2014_21.jpg' title=\"Sala de ba\u00f1o (Espacio 18 Casa FOA 2014) \/ Laura Urzanqui y In\u00e9s Calamante (\u00a9 Luz Fiumara)\" data-rl_title=\"Sala de ba\u00f1o (Espacio 18 Casa FOA 2014) \/ Laura Urzanqui y In\u00e9s Calamante (\u00a9 Luz Fiumara)\" class=\"rl-gallery-link\" data-rl_caption=\"Sala de ba\u00f1o (Espacio 18 Casa FOA 2014) \/ Laura Urzanqui y In\u00e9s Calamante (\u00a9 Luz Fiumara)\" data-rel=\"lightbox-gallery-1\"><img loading=\"lazy\" decoding=\"async\" width=\"150\" height=\"150\" src=\"https:\/\/www.arquimaster.com.ar\/web\/wp-content\/uploads\/2014\/10\/espacio18_casafoa2014_21-150x150.jpg\" class=\"attachment-thumbnail size-thumbnail\" alt=\"\" aria-describedby=\"gallery-1-10863\" srcset=\"https:\/\/www.arquimaster.com.ar\/web\/wp-content\/uploads\/2014\/10\/espacio18_casafoa2014_21-150x150.jpg 150w, https:\/\/www.arquimaster.com.ar\/web\/wp-content\/uploads\/2014\/10\/espacio18_casafoa2014_21-50x50.jpg 50w, https:\/\/www.arquimaster.com.ar\/web\/wp-content\/uploads\/2014\/10\/espacio18_casafoa2014_21-125x125.jpg 125w\" sizes=\"auto, (max-width: 150px) 100vw, 150px\" \/><\/a>\n\t\t\t<\/div>\n\t\t\t\t<figcaption class='wp-caption-text gallery-caption' id='gallery-1-10863'>\n\t\t\t\tSala de ba\u00f1o (Espacio 18 Casa FOA 2014) \/ Laura Urzanqui y In\u00e9s Calamante (\u00a9 Luz Fiumara)\n\t\t\t\t<\/figcaption><\/figure><figure class='gallery-item'>\n\t\t\t<div class='gallery-icon landscape'>\n\t\t\t\t<a href='https:\/\/www.arquimaster.com.ar\/web\/wp-content\/uploads\/2014\/10\/espacio18_casafoa2014_22.jpg' title=\"Sala de ba\u00f1o (Espacio 18 Casa FOA 2014) \/ Laura Urzanqui y In\u00e9s Calamante (\u00a9 Luz Fiumara)\" data-rl_title=\"Sala de ba\u00f1o (Espacio 18 Casa FOA 2014) \/ Laura Urzanqui y In\u00e9s Calamante (\u00a9 Luz Fiumara)\" class=\"rl-gallery-link\" data-rl_caption=\"Sala de ba\u00f1o (Espacio 18 Casa FOA 2014) \/ Laura Urzanqui y In\u00e9s Calamante (\u00a9 Luz Fiumara)\" data-rel=\"lightbox-gallery-1\"><img loading=\"lazy\" decoding=\"async\" width=\"150\" height=\"150\" src=\"https:\/\/www.arquimaster.com.ar\/web\/wp-content\/uploads\/2014\/10\/espacio18_casafoa2014_22-150x150.jpg\" class=\"attachment-thumbnail size-thumbnail\" alt=\"\" aria-describedby=\"gallery-1-10864\" srcset=\"https:\/\/www.arquimaster.com.ar\/web\/wp-content\/uploads\/2014\/10\/espacio18_casafoa2014_22-150x150.jpg 150w, https:\/\/www.arquimaster.com.ar\/web\/wp-content\/uploads\/2014\/10\/espacio18_casafoa2014_22-50x50.jpg 50w, https:\/\/www.arquimaster.com.ar\/web\/wp-content\/uploads\/2014\/10\/espacio18_casafoa2014_22-125x125.jpg 125w\" sizes=\"auto, (max-width: 150px) 100vw, 150px\" \/><\/a>\n\t\t\t<\/div>\n\t\t\t\t<figcaption class='wp-caption-text gallery-caption' id='gallery-1-10864'>\n\t\t\t\tSala de ba\u00f1o (Espacio 18 Casa FOA 2014) \/ Laura Urzanqui y In\u00e9s Calamante (\u00a9 Luz Fiumara)\n\t\t\t\t<\/figcaption><\/figure><figure class='gallery-item'>\n\t\t\t<div class='gallery-icon landscape'>\n\t\t\t\t<a href='https:\/\/www.arquimaster.com.ar\/web\/wp-content\/uploads\/2014\/10\/espacio18_casafoa2014_23.jpg' title=\"Sala de ba\u00f1o (Espacio 18 Casa FOA 2014) \/ Laura Urzanqui y In\u00e9s Calamante (\u00a9 Luz Fiumara)\" data-rl_title=\"Sala de ba\u00f1o (Espacio 18 Casa FOA 2014) \/ Laura Urzanqui y In\u00e9s Calamante (\u00a9 Luz Fiumara)\" class=\"rl-gallery-link\" data-rl_caption=\"Sala de ba\u00f1o (Espacio 18 Casa FOA 2014) \/ Laura Urzanqui y In\u00e9s Calamante (\u00a9 Luz Fiumara)\" data-rel=\"lightbox-gallery-1\"><img loading=\"lazy\" decoding=\"async\" width=\"150\" height=\"150\" src=\"https:\/\/www.arquimaster.com.ar\/web\/wp-content\/uploads\/2014\/10\/espacio18_casafoa2014_23-150x150.jpg\" class=\"attachment-thumbnail size-thumbnail\" alt=\"\" aria-describedby=\"gallery-1-10865\" srcset=\"https:\/\/www.arquimaster.com.ar\/web\/wp-content\/uploads\/2014\/10\/espacio18_casafoa2014_23-150x150.jpg 150w, https:\/\/www.arquimaster.com.ar\/web\/wp-content\/uploads\/2014\/10\/espacio18_casafoa2014_23-50x50.jpg 50w, https:\/\/www.arquimaster.com.ar\/web\/wp-content\/uploads\/2014\/10\/espacio18_casafoa2014_23-125x125.jpg 125w\" sizes=\"auto, (max-width: 150px) 100vw, 150px\" \/><\/a>\n\t\t\t<\/div>\n\t\t\t\t<figcaption class='wp-caption-text gallery-caption' id='gallery-1-10865'>\n\t\t\t\tSala de ba\u00f1o (Espacio 18 Casa FOA 2014) \/ Laura Urzanqui y In\u00e9s Calamante (\u00a9 Luz Fiumara)\n\t\t\t\t<\/figcaption><\/figure><figure class='gallery-item'>\n\t\t\t<div class='gallery-icon landscape'>\n\t\t\t\t<a href='https:\/\/www.arquimaster.com.ar\/web\/wp-content\/uploads\/2014\/10\/espacio18_casafoa2014_24.jpg' title=\"Sala de ba\u00f1o (Espacio 18 Casa FOA 2014) \/ Laura Urzanqui y In\u00e9s Calamante (\u00a9 Luz Fiumara)\" data-rl_title=\"Sala de ba\u00f1o (Espacio 18 Casa FOA 2014) \/ Laura Urzanqui y In\u00e9s Calamante (\u00a9 Luz Fiumara)\" class=\"rl-gallery-link\" data-rl_caption=\"Sala de ba\u00f1o (Espacio 18 Casa FOA 2014) \/ Laura Urzanqui y In\u00e9s Calamante (\u00a9 Luz Fiumara)\" data-rel=\"lightbox-gallery-1\"><img loading=\"lazy\" decoding=\"async\" width=\"150\" height=\"150\" src=\"https:\/\/www.arquimaster.com.ar\/web\/wp-content\/uploads\/2014\/10\/espacio18_casafoa2014_24-150x150.jpg\" class=\"attachment-thumbnail size-thumbnail\" alt=\"\" aria-describedby=\"gallery-1-10866\" srcset=\"https:\/\/www.arquimaster.com.ar\/web\/wp-content\/uploads\/2014\/10\/espacio18_casafoa2014_24-150x150.jpg 150w, https:\/\/www.arquimaster.com.ar\/web\/wp-content\/uploads\/2014\/10\/espacio18_casafoa2014_24-50x50.jpg 50w, https:\/\/www.arquimaster.com.ar\/web\/wp-content\/uploads\/2014\/10\/espacio18_casafoa2014_24-125x125.jpg 125w\" sizes=\"auto, (max-width: 150px) 100vw, 150px\" \/><\/a>\n\t\t\t<\/div>\n\t\t\t\t<figcaption class='wp-caption-text gallery-caption' id='gallery-1-10866'>\n\t\t\t\tSala de ba\u00f1o (Espacio 18 Casa FOA 2014) \/ Laura Urzanqui y In\u00e9s Calamante (\u00a9 Luz Fiumara)\n\t\t\t\t<\/figcaption><\/figure><figure class='gallery-item'>\n\t\t\t<div class='gallery-icon landscape'>\n\t\t\t\t<a href='https:\/\/www.arquimaster.com.ar\/web\/wp-content\/uploads\/2014\/10\/espacio18_casafoa2014_25.jpg' title=\"Sala de ba\u00f1o (Espacio 18 Casa FOA 2014) \/ Laura Urzanqui y In\u00e9s Calamante (\u00a9 Luz Fiumara)\" data-rl_title=\"Sala de ba\u00f1o (Espacio 18 Casa FOA 2014) \/ Laura Urzanqui y In\u00e9s Calamante (\u00a9 Luz Fiumara)\" class=\"rl-gallery-link\" data-rl_caption=\"Sala de ba\u00f1o (Espacio 18 Casa FOA 2014) \/ Laura Urzanqui y In\u00e9s Calamante (\u00a9 Luz Fiumara)\" data-rel=\"lightbox-gallery-1\"><img loading=\"lazy\" decoding=\"async\" width=\"150\" height=\"150\" src=\"https:\/\/www.arquimaster.com.ar\/web\/wp-content\/uploads\/2014\/10\/espacio18_casafoa2014_25-150x150.jpg\" class=\"attachment-thumbnail size-thumbnail\" alt=\"\" aria-describedby=\"gallery-1-10867\" srcset=\"https:\/\/www.arquimaster.com.ar\/web\/wp-content\/uploads\/2014\/10\/espacio18_casafoa2014_25-150x150.jpg 150w, https:\/\/www.arquimaster.com.ar\/web\/wp-content\/uploads\/2014\/10\/espacio18_casafoa2014_25-50x50.jpg 50w, https:\/\/www.arquimaster.com.ar\/web\/wp-content\/uploads\/2014\/10\/espacio18_casafoa2014_25-125x125.jpg 125w\" sizes=\"auto, (max-width: 150px) 100vw, 150px\" \/><\/a>\n\t\t\t<\/div>\n\t\t\t\t<figcaption class='wp-caption-text gallery-caption' id='gallery-1-10867'>\n\t\t\t\tSala de ba\u00f1o (Espacio 18 Casa FOA 2014) \/ Laura Urzanqui y In\u00e9s Calamante (\u00a9 Luz Fiumara)\n\t\t\t\t<\/figcaption><\/figure><figure class='gallery-item'>\n\t\t\t<div class='gallery-icon landscape'>\n\t\t\t\t<a href='https:\/\/www.arquimaster.com.ar\/web\/wp-content\/uploads\/2014\/10\/espacio18_casafoa2014_26.jpg' title=\"Sala de ba\u00f1o (Espacio 18 Casa FOA 2014) \/ Laura Urzanqui y In\u00e9s Calamante (\u00a9 Luz Fiumara)\" data-rl_title=\"Sala de ba\u00f1o (Espacio 18 Casa FOA 2014) \/ Laura Urzanqui y In\u00e9s Calamante (\u00a9 Luz Fiumara)\" class=\"rl-gallery-link\" data-rl_caption=\"Sala de ba\u00f1o (Espacio 18 Casa FOA 2014) \/ Laura Urzanqui y In\u00e9s Calamante (\u00a9 Luz Fiumara)\" data-rel=\"lightbox-gallery-1\"><img loading=\"lazy\" decoding=\"async\" width=\"150\" height=\"150\" src=\"https:\/\/www.arquimaster.com.ar\/web\/wp-content\/uploads\/2014\/10\/espacio18_casafoa2014_26-150x150.jpg\" class=\"attachment-thumbnail size-thumbnail\" alt=\"\" aria-describedby=\"gallery-1-10868\" srcset=\"https:\/\/www.arquimaster.com.ar\/web\/wp-content\/uploads\/2014\/10\/espacio18_casafoa2014_26-150x150.jpg 150w, https:\/\/www.arquimaster.com.ar\/web\/wp-content\/uploads\/2014\/10\/espacio18_casafoa2014_26-50x50.jpg 50w, https:\/\/www.arquimaster.com.ar\/web\/wp-content\/uploads\/2014\/10\/espacio18_casafoa2014_26-125x125.jpg 125w\" sizes=\"auto, (max-width: 150px) 100vw, 150px\" \/><\/a>\n\t\t\t<\/div>\n\t\t\t\t<figcaption class='wp-caption-text gallery-caption' id='gallery-1-10868'>\n\t\t\t\tSala de ba\u00f1o (Espacio 18 Casa FOA 2014) \/ Laura Urzanqui y In\u00e9s Calamante (\u00a9 Luz Fiumara)\n\t\t\t\t<\/figcaption><\/figure><figure class='gallery-item'>\n\t\t\t<div class='gallery-icon portrait'>\n\t\t\t\t<a href='https:\/\/www.arquimaster.com.ar\/web\/wp-content\/uploads\/2014\/10\/espacio18_casafoa2014_27.jpg' title=\"Sala de ba\u00f1o (Espacio 18 Casa FOA 2014) \/ Laura Urzanqui y In\u00e9s Calamante (\u00a9 Luz Fiumara)\" data-rl_title=\"Sala de ba\u00f1o (Espacio 18 Casa FOA 2014) \/ Laura Urzanqui y In\u00e9s Calamante (\u00a9 Luz Fiumara)\" class=\"rl-gallery-link\" data-rl_caption=\"Sala de ba\u00f1o (Espacio 18 Casa FOA 2014) \/ Laura Urzanqui y In\u00e9s Calamante (\u00a9 Luz Fiumara)\" data-rel=\"lightbox-gallery-1\"><img loading=\"lazy\" decoding=\"async\" width=\"150\" height=\"150\" src=\"https:\/\/www.arquimaster.com.ar\/web\/wp-content\/uploads\/2014\/10\/espacio18_casafoa2014_27-150x150.jpg\" class=\"attachment-thumbnail size-thumbnail\" alt=\"\" aria-describedby=\"gallery-1-10869\" srcset=\"https:\/\/www.arquimaster.com.ar\/web\/wp-content\/uploads\/2014\/10\/espacio18_casafoa2014_27-150x150.jpg 150w, https:\/\/www.arquimaster.com.ar\/web\/wp-content\/uploads\/2014\/10\/espacio18_casafoa2014_27-50x50.jpg 50w, https:\/\/www.arquimaster.com.ar\/web\/wp-content\/uploads\/2014\/10\/espacio18_casafoa2014_27-125x125.jpg 125w\" sizes=\"auto, (max-width: 150px) 100vw, 150px\" \/><\/a>\n\t\t\t<\/div>\n\t\t\t\t<figcaption class='wp-caption-text gallery-caption' id='gallery-1-10869'>\n\t\t\t\tSala de ba\u00f1o (Espacio 18 Casa FOA 2014) \/ Laura Urzanqui y In\u00e9s Calamante (\u00a9 Luz Fiumara)\n\t\t\t\t<\/figcaption><\/figure><figure class='gallery-item'>\n\t\t\t<div class='gallery-icon portrait'>\n\t\t\t\t<a href='https:\/\/www.arquimaster.com.ar\/web\/wp-content\/uploads\/2014\/10\/espacio18_casafoa2014_28.jpg' title=\"Sala de ba\u00f1o (Espacio 18 Casa FOA 2014) \/ Laura Urzanqui y In\u00e9s Calamante (\u00a9 Luz Fiumara)\" data-rl_title=\"Sala de ba\u00f1o (Espacio 18 Casa FOA 2014) \/ Laura Urzanqui y In\u00e9s Calamante (\u00a9 Luz Fiumara)\" class=\"rl-gallery-link\" data-rl_caption=\"Sala de ba\u00f1o (Espacio 18 Casa FOA 2014) \/ Laura Urzanqui y In\u00e9s Calamante (\u00a9 Luz Fiumara)\" data-rel=\"lightbox-gallery-1\"><img loading=\"lazy\" decoding=\"async\" width=\"150\" height=\"150\" src=\"https:\/\/www.arquimaster.com.ar\/web\/wp-content\/uploads\/2014\/10\/espacio18_casafoa2014_28-150x150.jpg\" class=\"attachment-thumbnail size-thumbnail\" alt=\"\" aria-describedby=\"gallery-1-10870\" srcset=\"https:\/\/www.arquimaster.com.ar\/web\/wp-content\/uploads\/2014\/10\/espacio18_casafoa2014_28-150x150.jpg 150w, https:\/\/www.arquimaster.com.ar\/web\/wp-content\/uploads\/2014\/10\/espacio18_casafoa2014_28-50x50.jpg 50w, https:\/\/www.arquimaster.com.ar\/web\/wp-content\/uploads\/2014\/10\/espacio18_casafoa2014_28-125x125.jpg 125w\" sizes=\"auto, (max-width: 150px) 100vw, 150px\" \/><\/a>\n\t\t\t<\/div>\n\t\t\t\t<figcaption class='wp-caption-text gallery-caption' id='gallery-1-10870'>\n\t\t\t\tSala de ba\u00f1o (Espacio 18 Casa FOA 2014) \/ Laura Urzanqui y In\u00e9s Calamante (\u00a9 Luz Fiumara)\n\t\t\t\t<\/figcaption><\/figure><figure class='gallery-item'>\n\t\t\t<div class='gallery-icon landscape'>\n\t\t\t\t<a href='https:\/\/www.arquimaster.com.ar\/web\/wp-content\/uploads\/2014\/10\/espacio18_casafoa2014_29.jpg' title=\"Sala de ba\u00f1o (Espacio 18 Casa FOA 2014) \/ Laura Urzanqui y In\u00e9s Calamante (\u00a9 Luz Fiumara)\" data-rl_title=\"Sala de ba\u00f1o (Espacio 18 Casa FOA 2014) \/ Laura Urzanqui y In\u00e9s Calamante (\u00a9 Luz Fiumara)\" class=\"rl-gallery-link\" data-rl_caption=\"Sala de ba\u00f1o (Espacio 18 Casa FOA 2014) \/ Laura Urzanqui y In\u00e9s Calamante (\u00a9 Luz Fiumara)\" data-rel=\"lightbox-gallery-1\"><img loading=\"lazy\" decoding=\"async\" width=\"150\" height=\"150\" src=\"https:\/\/www.arquimaster.com.ar\/web\/wp-content\/uploads\/2014\/10\/espacio18_casafoa2014_29-150x150.jpg\" class=\"attachment-thumbnail size-thumbnail\" alt=\"\" aria-describedby=\"gallery-1-10871\" srcset=\"https:\/\/www.arquimaster.com.ar\/web\/wp-content\/uploads\/2014\/10\/espacio18_casafoa2014_29-150x150.jpg 150w, https:\/\/www.arquimaster.com.ar\/web\/wp-content\/uploads\/2014\/10\/espacio18_casafoa2014_29-50x50.jpg 50w, https:\/\/www.arquimaster.com.ar\/web\/wp-content\/uploads\/2014\/10\/espacio18_casafoa2014_29-125x125.jpg 125w\" sizes=\"auto, (max-width: 150px) 100vw, 150px\" \/><\/a>\n\t\t\t<\/div>\n\t\t\t\t<figcaption class='wp-caption-text gallery-caption' id='gallery-1-10871'>\n\t\t\t\tSala de ba\u00f1o (Espacio 18 Casa FOA 2014) \/ Laura Urzanqui y In\u00e9s Calamante (\u00a9 Luz Fiumara)\n\t\t\t\t<\/figcaption><\/figure><figure class='gallery-item'>\n\t\t\t<div class='gallery-icon portrait'>\n\t\t\t\t<a href='https:\/\/www.arquimaster.com.ar\/web\/wp-content\/uploads\/2014\/10\/espacio18_casafoa2014_30.jpg' title=\"Sala de ba\u00f1o (Espacio 18 Casa FOA 2014) \/ Laura Urzanqui y In\u00e9s Calamante (\u00a9 Luz Fiumara)\" data-rl_title=\"Sala de ba\u00f1o (Espacio 18 Casa FOA 2014) \/ Laura Urzanqui y In\u00e9s Calamante (\u00a9 Luz Fiumara)\" class=\"rl-gallery-link\" data-rl_caption=\"Sala de ba\u00f1o (Espacio 18 Casa FOA 2014) \/ Laura Urzanqui y In\u00e9s Calamante (\u00a9 Luz Fiumara)\" data-rel=\"lightbox-gallery-1\"><img loading=\"lazy\" decoding=\"async\" width=\"150\" height=\"150\" src=\"https:\/\/www.arquimaster.com.ar\/web\/wp-content\/uploads\/2014\/10\/espacio18_casafoa2014_30-150x150.jpg\" class=\"attachment-thumbnail size-thumbnail\" alt=\"\" aria-describedby=\"gallery-1-10872\" srcset=\"https:\/\/www.arquimaster.com.ar\/web\/wp-content\/uploads\/2014\/10\/espacio18_casafoa2014_30-150x150.jpg 150w, https:\/\/www.arquimaster.com.ar\/web\/wp-content\/uploads\/2014\/10\/espacio18_casafoa2014_30-50x50.jpg 50w, https:\/\/www.arquimaster.com.ar\/web\/wp-content\/uploads\/2014\/10\/espacio18_casafoa2014_30-125x125.jpg 125w\" sizes=\"auto, (max-width: 150px) 100vw, 150px\" \/><\/a>\n\t\t\t<\/div>\n\t\t\t\t<figcaption class='wp-caption-text gallery-caption' id='gallery-1-10872'>\n\t\t\t\tSala de ba\u00f1o (Espacio 18 Casa FOA 2014) \/ Laura Urzanqui y In\u00e9s Calamante (\u00a9 Luz Fiumara)\n\t\t\t\t<\/figcaption><\/figure><figure class='gallery-item'>\n\t\t\t<div class='gallery-icon landscape'>\n\t\t\t\t<a href='https:\/\/www.arquimaster.com.ar\/web\/wp-content\/uploads\/2014\/10\/espacio18_casafoa2014_31.jpg' title=\"Sala de ba\u00f1o (Espacio 18 Casa FOA 2014) \/ Laura Urzanqui y In\u00e9s Calamante (\u00a9 Luz Fiumara)\" data-rl_title=\"Sala de ba\u00f1o (Espacio 18 Casa FOA 2014) \/ Laura Urzanqui y In\u00e9s Calamante (\u00a9 Luz Fiumara)\" class=\"rl-gallery-link\" data-rl_caption=\"Sala de ba\u00f1o (Espacio 18 Casa FOA 2014) \/ Laura Urzanqui y In\u00e9s Calamante (\u00a9 Luz Fiumara)\" data-rel=\"lightbox-gallery-1\"><img loading=\"lazy\" decoding=\"async\" width=\"150\" height=\"150\" src=\"https:\/\/www.arquimaster.com.ar\/web\/wp-content\/uploads\/2014\/10\/espacio18_casafoa2014_31-150x150.jpg\" class=\"attachment-thumbnail size-thumbnail\" alt=\"\" aria-describedby=\"gallery-1-10873\" srcset=\"https:\/\/www.arquimaster.com.ar\/web\/wp-content\/uploads\/2014\/10\/espacio18_casafoa2014_31-150x150.jpg 150w, https:\/\/www.arquimaster.com.ar\/web\/wp-content\/uploads\/2014\/10\/espacio18_casafoa2014_31-50x50.jpg 50w, https:\/\/www.arquimaster.com.ar\/web\/wp-content\/uploads\/2014\/10\/espacio18_casafoa2014_31-125x125.jpg 125w\" sizes=\"auto, (max-width: 150px) 100vw, 150px\" \/><\/a>\n\t\t\t<\/div>\n\t\t\t\t<figcaption class='wp-caption-text gallery-caption' id='gallery-1-10873'>\n\t\t\t\tSala de ba\u00f1o (Espacio 18 Casa FOA 2014) \/ Laura Urzanqui y In\u00e9s Calamante (\u00a9 Luz Fiumara)\n\t\t\t\t<\/figcaption><\/figure><figure class='gallery-item'>\n\t\t\t<div class='gallery-icon portrait'>\n\t\t\t\t<a href='https:\/\/www.arquimaster.com.ar\/web\/wp-content\/uploads\/2014\/10\/espacio18_casafoa2014_32.jpg' title=\"Sala de ba\u00f1o (Espacio 18 Casa FOA 2014) \/ Laura Urzanqui y In\u00e9s Calamante (\u00a9 Luz Fiumara)\" data-rl_title=\"Sala de ba\u00f1o (Espacio 18 Casa FOA 2014) \/ Laura Urzanqui y In\u00e9s Calamante (\u00a9 Luz Fiumara)\" class=\"rl-gallery-link\" data-rl_caption=\"Sala de ba\u00f1o (Espacio 18 Casa FOA 2014) \/ Laura Urzanqui y In\u00e9s Calamante (\u00a9 Luz Fiumara)\" data-rel=\"lightbox-gallery-1\"><img loading=\"lazy\" decoding=\"async\" width=\"150\" height=\"150\" src=\"https:\/\/www.arquimaster.com.ar\/web\/wp-content\/uploads\/2014\/10\/espacio18_casafoa2014_32-150x150.jpg\" class=\"attachment-thumbnail size-thumbnail\" alt=\"\" aria-describedby=\"gallery-1-10874\" srcset=\"https:\/\/www.arquimaster.com.ar\/web\/wp-content\/uploads\/2014\/10\/espacio18_casafoa2014_32-150x150.jpg 150w, https:\/\/www.arquimaster.com.ar\/web\/wp-content\/uploads\/2014\/10\/espacio18_casafoa2014_32-50x50.jpg 50w, https:\/\/www.arquimaster.com.ar\/web\/wp-content\/uploads\/2014\/10\/espacio18_casafoa2014_32-125x125.jpg 125w\" sizes=\"auto, (max-width: 150px) 100vw, 150px\" \/><\/a>\n\t\t\t<\/div>\n\t\t\t\t<figcaption class='wp-caption-text gallery-caption' id='gallery-1-10874'>\n\t\t\t\tSala de ba\u00f1o (Espacio 18 Casa FOA 2014) \/ Laura Urzanqui y In\u00e9s Calamante (\u00a9 Luz Fiumara)\n\t\t\t\t<\/figcaption><\/figure><figure class='gallery-item'>\n\t\t\t<div class='gallery-icon portrait'>\n\t\t\t\t<a href='https:\/\/www.arquimaster.com.ar\/web\/wp-content\/uploads\/2014\/10\/espacio18_casafoa2014_33.jpg' title=\"Sala de ba\u00f1o (Espacio 18 Casa FOA 2014) \/ Laura Urzanqui y In\u00e9s Calamante (\u00a9 Luz Fiumara)\" data-rl_title=\"Sala de ba\u00f1o (Espacio 18 Casa FOA 2014) \/ Laura Urzanqui y In\u00e9s Calamante (\u00a9 Luz Fiumara)\" class=\"rl-gallery-link\" data-rl_caption=\"Sala de ba\u00f1o (Espacio 18 Casa FOA 2014) \/ Laura Urzanqui y In\u00e9s Calamante (\u00a9 Luz Fiumara)\" data-rel=\"lightbox-gallery-1\"><img loading=\"lazy\" decoding=\"async\" width=\"150\" height=\"150\" src=\"https:\/\/www.arquimaster.com.ar\/web\/wp-content\/uploads\/2014\/10\/espacio18_casafoa2014_33-150x150.jpg\" class=\"attachment-thumbnail size-thumbnail\" alt=\"\" aria-describedby=\"gallery-1-10875\" srcset=\"https:\/\/www.arquimaster.com.ar\/web\/wp-content\/uploads\/2014\/10\/espacio18_casafoa2014_33-150x150.jpg 150w, https:\/\/www.arquimaster.com.ar\/web\/wp-content\/uploads\/2014\/10\/espacio18_casafoa2014_33-50x50.jpg 50w, https:\/\/www.arquimaster.com.ar\/web\/wp-content\/uploads\/2014\/10\/espacio18_casafoa2014_33-125x125.jpg 125w\" sizes=\"auto, (max-width: 150px) 100vw, 150px\" \/><\/a>\n\t\t\t<\/div>\n\t\t\t\t<figcaption class='wp-caption-text gallery-caption' id='gallery-1-10875'>\n\t\t\t\tSala de ba\u00f1o (Espacio 18 Casa FOA 2014) \/ Laura Urzanqui y In\u00e9s Calamante (\u00a9 Luz Fiumara)\n\t\t\t\t<\/figcaption><\/figure><figure class='gallery-item'>\n\t\t\t<div class='gallery-icon landscape'>\n\t\t\t\t<a href='https:\/\/www.arquimaster.com.ar\/web\/wp-content\/uploads\/2014\/10\/espacio18_casafoa2014_34.jpg' title=\"Sala de ba\u00f1o (Espacio 18 Casa FOA 2014) \/ Laura Urzanqui y In\u00e9s Calamante (\u00a9 Luz Fiumara)\" data-rl_title=\"Sala de ba\u00f1o (Espacio 18 Casa FOA 2014) \/ Laura Urzanqui y In\u00e9s Calamante (\u00a9 Luz Fiumara)\" class=\"rl-gallery-link\" data-rl_caption=\"Sala de ba\u00f1o (Espacio 18 Casa FOA 2014) \/ Laura Urzanqui y In\u00e9s Calamante (\u00a9 Luz Fiumara)\" data-rel=\"lightbox-gallery-1\"><img loading=\"lazy\" decoding=\"async\" width=\"150\" height=\"150\" src=\"https:\/\/www.arquimaster.com.ar\/web\/wp-content\/uploads\/2014\/10\/espacio18_casafoa2014_34-150x150.jpg\" class=\"attachment-thumbnail size-thumbnail\" alt=\"\" aria-describedby=\"gallery-1-10876\" srcset=\"https:\/\/www.arquimaster.com.ar\/web\/wp-content\/uploads\/2014\/10\/espacio18_casafoa2014_34-150x150.jpg 150w, https:\/\/www.arquimaster.com.ar\/web\/wp-content\/uploads\/2014\/10\/espacio18_casafoa2014_34-50x50.jpg 50w, https:\/\/www.arquimaster.com.ar\/web\/wp-content\/uploads\/2014\/10\/espacio18_casafoa2014_34-125x125.jpg 125w\" sizes=\"auto, (max-width: 150px) 100vw, 150px\" \/><\/a>\n\t\t\t<\/div>\n\t\t\t\t<figcaption class='wp-caption-text gallery-caption' id='gallery-1-10876'>\n\t\t\t\tSala de ba\u00f1o (Espacio 18 Casa FOA 2014) \/ Laura Urzanqui y In\u00e9s Calamante (\u00a9 Luz Fiumara)\n\t\t\t\t<\/figcaption><\/figure><figure class='gallery-item'>\n\t\t\t<div class='gallery-icon landscape'>\n\t\t\t\t<a href='https:\/\/www.arquimaster.com.ar\/web\/wp-content\/uploads\/2014\/10\/espacio18_casafoa2014_35.jpg' title=\"Sala de ba\u00f1o (Espacio 18 Casa FOA 2014) \/ Laura Urzanqui y In\u00e9s Calamante (\u00a9 Luz Fiumara)\" data-rl_title=\"Sala de ba\u00f1o (Espacio 18 Casa FOA 2014) \/ Laura Urzanqui y In\u00e9s Calamante (\u00a9 Luz Fiumara)\" class=\"rl-gallery-link\" data-rl_caption=\"Sala de ba\u00f1o (Espacio 18 Casa FOA 2014) \/ Laura Urzanqui y In\u00e9s Calamante (\u00a9 Luz Fiumara)\" data-rel=\"lightbox-gallery-1\"><img loading=\"lazy\" decoding=\"async\" width=\"150\" height=\"150\" src=\"https:\/\/www.arquimaster.com.ar\/web\/wp-content\/uploads\/2014\/10\/espacio18_casafoa2014_35-150x150.jpg\" class=\"attachment-thumbnail size-thumbnail\" alt=\"\" aria-describedby=\"gallery-1-10877\" srcset=\"https:\/\/www.arquimaster.com.ar\/web\/wp-content\/uploads\/2014\/10\/espacio18_casafoa2014_35-150x150.jpg 150w, https:\/\/www.arquimaster.com.ar\/web\/wp-content\/uploads\/2014\/10\/espacio18_casafoa2014_35-50x50.jpg 50w, https:\/\/www.arquimaster.com.ar\/web\/wp-content\/uploads\/2014\/10\/espacio18_casafoa2014_35-125x125.jpg 125w\" sizes=\"auto, (max-width: 150px) 100vw, 150px\" \/><\/a>\n\t\t\t<\/div>\n\t\t\t\t<figcaption class='wp-caption-text gallery-caption' id='gallery-1-10877'>\n\t\t\t\tSala de ba\u00f1o (Espacio 18 Casa FOA 2014) \/ Laura Urzanqui y In\u00e9s Calamante (\u00a9 Luz Fiumara)\n\t\t\t\t<\/figcaption><\/figure><figure class='gallery-item'>\n\t\t\t<div class='gallery-icon landscape'>\n\t\t\t\t<a href='https:\/\/www.arquimaster.com.ar\/web\/wp-content\/uploads\/2014\/10\/espacio18_casafoa2014_36.jpg' title=\"Sala de ba\u00f1o (Espacio 18 Casa FOA 2014) \/ Laura Urzanqui y In\u00e9s Calamante (\u00a9 Luz Fiumara)\" data-rl_title=\"Sala de ba\u00f1o (Espacio 18 Casa FOA 2014) \/ Laura Urzanqui y In\u00e9s Calamante (\u00a9 Luz Fiumara)\" class=\"rl-gallery-link\" data-rl_caption=\"Sala de ba\u00f1o (Espacio 18 Casa FOA 2014) \/ Laura Urzanqui y In\u00e9s Calamante (\u00a9 Luz Fiumara)\" data-rel=\"lightbox-gallery-1\"><img loading=\"lazy\" decoding=\"async\" width=\"150\" height=\"150\" src=\"https:\/\/www.arquimaster.com.ar\/web\/wp-content\/uploads\/2014\/10\/espacio18_casafoa2014_36-150x150.jpg\" class=\"attachment-thumbnail size-thumbnail\" alt=\"\" aria-describedby=\"gallery-1-10878\" srcset=\"https:\/\/www.arquimaster.com.ar\/web\/wp-content\/uploads\/2014\/10\/espacio18_casafoa2014_36-150x150.jpg 150w, https:\/\/www.arquimaster.com.ar\/web\/wp-content\/uploads\/2014\/10\/espacio18_casafoa2014_36-50x50.jpg 50w, https:\/\/www.arquimaster.com.ar\/web\/wp-content\/uploads\/2014\/10\/espacio18_casafoa2014_36-125x125.jpg 125w\" sizes=\"auto, (max-width: 150px) 100vw, 150px\" \/><\/a>\n\t\t\t<\/div>\n\t\t\t\t<figcaption class='wp-caption-text gallery-caption' id='gallery-1-10878'>\n\t\t\t\tSala de ba\u00f1o (Espacio 18 Casa FOA 2014) \/ Laura Urzanqui y In\u00e9s Calamante (\u00a9 Luz Fiumara)\n\t\t\t\t<\/figcaption><\/figure><figure class='gallery-item'>\n\t\t\t<div class='gallery-icon portrait'>\n\t\t\t\t<a href='https:\/\/www.arquimaster.com.ar\/web\/wp-content\/uploads\/2014\/10\/espacio18_casafoa2014_37.jpg' title=\"Sala de ba\u00f1o (Espacio 18 Casa FOA 2014) \/ Laura Urzanqui y In\u00e9s Calamante (\u00a9 Luz Fiumara)\" data-rl_title=\"Sala de ba\u00f1o (Espacio 18 Casa FOA 2014) \/ Laura Urzanqui y In\u00e9s Calamante (\u00a9 Luz Fiumara)\" class=\"rl-gallery-link\" data-rl_caption=\"Sala de ba\u00f1o (Espacio 18 Casa FOA 2014) \/ Laura Urzanqui y In\u00e9s Calamante (\u00a9 Luz Fiumara)\" data-rel=\"lightbox-gallery-1\"><img loading=\"lazy\" decoding=\"async\" width=\"150\" height=\"150\" src=\"https:\/\/www.arquimaster.com.ar\/web\/wp-content\/uploads\/2014\/10\/espacio18_casafoa2014_37-150x150.jpg\" class=\"attachment-thumbnail size-thumbnail\" alt=\"\" aria-describedby=\"gallery-1-10879\" srcset=\"https:\/\/www.arquimaster.com.ar\/web\/wp-content\/uploads\/2014\/10\/espacio18_casafoa2014_37-150x150.jpg 150w, https:\/\/www.arquimaster.com.ar\/web\/wp-content\/uploads\/2014\/10\/espacio18_casafoa2014_37-50x50.jpg 50w, https:\/\/www.arquimaster.com.ar\/web\/wp-content\/uploads\/2014\/10\/espacio18_casafoa2014_37-125x125.jpg 125w\" sizes=\"auto, (max-width: 150px) 100vw, 150px\" \/><\/a>\n\t\t\t<\/div>\n\t\t\t\t<figcaption class='wp-caption-text gallery-caption' id='gallery-1-10879'>\n\t\t\t\tSala de ba\u00f1o (Espacio 18 Casa FOA 2014) \/ Laura Urzanqui y In\u00e9s Calamante (\u00a9 Luz Fiumara)\n\t\t\t\t<\/figcaption><\/figure><figure class='gallery-item'>\n\t\t\t<div class='gallery-icon portrait'>\n\t\t\t\t<a href='https:\/\/www.arquimaster.com.ar\/web\/wp-content\/uploads\/2014\/10\/espacio18_casafoa2014_38.jpg' title=\"Sala de ba\u00f1o (Espacio 18 Casa FOA 2014) \/ Laura Urzanqui y In\u00e9s Calamante (\u00a9 Luz Fiumara)\" data-rl_title=\"Sala de ba\u00f1o (Espacio 18 Casa FOA 2014) \/ Laura Urzanqui y In\u00e9s Calamante (\u00a9 Luz Fiumara)\" class=\"rl-gallery-link\" data-rl_caption=\"Sala de ba\u00f1o (Espacio 18 Casa FOA 2014) \/ Laura Urzanqui y In\u00e9s Calamante (\u00a9 Luz Fiumara)\" data-rel=\"lightbox-gallery-1\"><img loading=\"lazy\" decoding=\"async\" width=\"150\" height=\"150\" src=\"https:\/\/www.arquimaster.com.ar\/web\/wp-content\/uploads\/2014\/10\/espacio18_casafoa2014_38-150x150.jpg\" class=\"attachment-thumbnail size-thumbnail\" alt=\"\" aria-describedby=\"gallery-1-10880\" srcset=\"https:\/\/www.arquimaster.com.ar\/web\/wp-content\/uploads\/2014\/10\/espacio18_casafoa2014_38-150x150.jpg 150w, https:\/\/www.arquimaster.com.ar\/web\/wp-content\/uploads\/2014\/10\/espacio18_casafoa2014_38-50x50.jpg 50w, https:\/\/www.arquimaster.com.ar\/web\/wp-content\/uploads\/2014\/10\/espacio18_casafoa2014_38-125x125.jpg 125w\" sizes=\"auto, (max-width: 150px) 100vw, 150px\" \/><\/a>\n\t\t\t<\/div>\n\t\t\t\t<figcaption class='wp-caption-text gallery-caption' id='gallery-1-10880'>\n\t\t\t\tSala de ba\u00f1o (Espacio 18 Casa FOA 2014) \/ Laura Urzanqui y In\u00e9s Calamante (\u00a9 Luz Fiumara)\n\t\t\t\t<\/figcaption><\/figure><figure class='gallery-item'>\n\t\t\t<div class='gallery-icon landscape'>\n\t\t\t\t<a href='https:\/\/www.arquimaster.com.ar\/web\/wp-content\/uploads\/2014\/10\/espacio18_casafoa2014_39.jpg' title=\"Sala de ba\u00f1o (Espacio 18 Casa FOA 2014) \/ Laura Urzanqui y In\u00e9s Calamante (\u00a9 Luz Fiumara)\" data-rl_title=\"Sala de ba\u00f1o (Espacio 18 Casa FOA 2014) \/ Laura Urzanqui y In\u00e9s Calamante (\u00a9 Luz Fiumara)\" class=\"rl-gallery-link\" data-rl_caption=\"Sala de ba\u00f1o (Espacio 18 Casa FOA 2014) \/ Laura Urzanqui y In\u00e9s Calamante (\u00a9 Luz Fiumara)\" data-rel=\"lightbox-gallery-1\"><img loading=\"lazy\" decoding=\"async\" width=\"150\" height=\"150\" src=\"https:\/\/www.arquimaster.com.ar\/web\/wp-content\/uploads\/2014\/10\/espacio18_casafoa2014_39-150x150.jpg\" class=\"attachment-thumbnail size-thumbnail\" alt=\"\" aria-describedby=\"gallery-1-10881\" srcset=\"https:\/\/www.arquimaster.com.ar\/web\/wp-content\/uploads\/2014\/10\/espacio18_casafoa2014_39-150x150.jpg 150w, https:\/\/www.arquimaster.com.ar\/web\/wp-content\/uploads\/2014\/10\/espacio18_casafoa2014_39-50x50.jpg 50w, https:\/\/www.arquimaster.com.ar\/web\/wp-content\/uploads\/2014\/10\/espacio18_casafoa2014_39-125x125.jpg 125w\" sizes=\"auto, (max-width: 150px) 100vw, 150px\" \/><\/a>\n\t\t\t<\/div>\n\t\t\t\t<figcaption class='wp-caption-text gallery-caption' id='gallery-1-10881'>\n\t\t\t\tSala de ba\u00f1o (Espacio 18 Casa FOA 2014) \/ Laura Urzanqui y In\u00e9s Calamante (\u00a9 Luz Fiumara)\n\t\t\t\t<\/figcaption><\/figure><figure class='gallery-item'>\n\t\t\t<div class='gallery-icon landscape'>\n\t\t\t\t<a href='https:\/\/www.arquimaster.com.ar\/web\/wp-content\/uploads\/2014\/10\/espacio18_casafoa2014_40.jpg' title=\"Sala de ba\u00f1o (Espacio 18 Casa FOA 2014) \/ Laura Urzanqui y In\u00e9s Calamante (\u00a9 Luz Fiumara)\" data-rl_title=\"Sala de ba\u00f1o (Espacio 18 Casa FOA 2014) \/ Laura Urzanqui y In\u00e9s Calamante (\u00a9 Luz Fiumara)\" class=\"rl-gallery-link\" data-rl_caption=\"Sala de ba\u00f1o (Espacio 18 Casa FOA 2014) \/ Laura Urzanqui y In\u00e9s Calamante (\u00a9 Luz Fiumara)\" data-rel=\"lightbox-gallery-1\"><img loading=\"lazy\" decoding=\"async\" width=\"150\" height=\"150\" src=\"https:\/\/www.arquimaster.com.ar\/web\/wp-content\/uploads\/2014\/10\/espacio18_casafoa2014_40-150x150.jpg\" class=\"attachment-thumbnail size-thumbnail\" alt=\"\" aria-describedby=\"gallery-1-10882\" srcset=\"https:\/\/www.arquimaster.com.ar\/web\/wp-content\/uploads\/2014\/10\/espacio18_casafoa2014_40-150x150.jpg 150w, https:\/\/www.arquimaster.com.ar\/web\/wp-content\/uploads\/2014\/10\/espacio18_casafoa2014_40-50x50.jpg 50w, https:\/\/www.arquimaster.com.ar\/web\/wp-content\/uploads\/2014\/10\/espacio18_casafoa2014_40-125x125.jpg 125w\" sizes=\"auto, (max-width: 150px) 100vw, 150px\" \/><\/a>\n\t\t\t<\/div>\n\t\t\t\t<figcaption class='wp-caption-text gallery-caption' id='gallery-1-10882'>\n\t\t\t\tSala de ba\u00f1o (Espacio 18 Casa FOA 2014) \/ Laura Urzanqui y In\u00e9s Calamante (\u00a9 Luz Fiumara)\n\t\t\t\t<\/figcaption><\/figure><figure class='gallery-item'>\n\t\t\t<div class='gallery-icon portrait'>\n\t\t\t\t<a href='https:\/\/www.arquimaster.com.ar\/web\/wp-content\/uploads\/2014\/10\/espacio18_casafoa2014_41.jpg' title=\"Sala de ba\u00f1o (Espacio 18 Casa FOA 2014) \/ Laura Urzanqui y In\u00e9s Calamante (\u00a9 Luz Fiumara)\" data-rl_title=\"Sala de ba\u00f1o (Espacio 18 Casa FOA 2014) \/ Laura Urzanqui y In\u00e9s Calamante (\u00a9 Luz Fiumara)\" class=\"rl-gallery-link\" data-rl_caption=\"Sala de ba\u00f1o (Espacio 18 Casa FOA 2014) \/ Laura Urzanqui y In\u00e9s Calamante (\u00a9 Luz Fiumara)\" data-rel=\"lightbox-gallery-1\"><img loading=\"lazy\" decoding=\"async\" width=\"150\" height=\"150\" src=\"https:\/\/www.arquimaster.com.ar\/web\/wp-content\/uploads\/2014\/10\/espacio18_casafoa2014_41-150x150.jpg\" class=\"attachment-thumbnail size-thumbnail\" alt=\"\" aria-describedby=\"gallery-1-10883\" srcset=\"https:\/\/www.arquimaster.com.ar\/web\/wp-content\/uploads\/2014\/10\/espacio18_casafoa2014_41-150x150.jpg 150w, https:\/\/www.arquimaster.com.ar\/web\/wp-content\/uploads\/2014\/10\/espacio18_casafoa2014_41-50x50.jpg 50w, https:\/\/www.arquimaster.com.ar\/web\/wp-content\/uploads\/2014\/10\/espacio18_casafoa2014_41-125x125.jpg 125w\" sizes=\"auto, (max-width: 150px) 100vw, 150px\" \/><\/a>\n\t\t\t<\/div>\n\t\t\t\t<figcaption class='wp-caption-text gallery-caption' id='gallery-1-10883'>\n\t\t\t\tSala de ba\u00f1o (Espacio 18 Casa FOA 2014) \/ Laura Urzanqui y In\u00e9s Calamante (\u00a9 Luz Fiumara)\n\t\t\t\t<\/figcaption><\/figure><figure class='gallery-item'>\n\t\t\t<div class='gallery-icon landscape'>\n\t\t\t\t<a href='https:\/\/www.arquimaster.com.ar\/web\/wp-content\/uploads\/2014\/10\/espacio18_casafoa2014_42.jpg' title=\"Sala de ba\u00f1o (Espacio 18 Casa FOA 2014) \/ Laura Urzanqui y In\u00e9s Calamante (\u00a9 Luz Fiumara)\" data-rl_title=\"Sala de ba\u00f1o (Espacio 18 Casa FOA 2014) \/ Laura Urzanqui y In\u00e9s Calamante (\u00a9 Luz Fiumara)\" class=\"rl-gallery-link\" data-rl_caption=\"Sala de ba\u00f1o (Espacio 18 Casa FOA 2014) \/ Laura Urzanqui y In\u00e9s Calamante (\u00a9 Luz Fiumara)\" data-rel=\"lightbox-gallery-1\"><img loading=\"lazy\" decoding=\"async\" width=\"150\" height=\"150\" src=\"https:\/\/www.arquimaster.com.ar\/web\/wp-content\/uploads\/2014\/10\/espacio18_casafoa2014_42-150x150.jpg\" class=\"attachment-thumbnail size-thumbnail\" alt=\"\" aria-describedby=\"gallery-1-10884\" srcset=\"https:\/\/www.arquimaster.com.ar\/web\/wp-content\/uploads\/2014\/10\/espacio18_casafoa2014_42-150x150.jpg 150w, https:\/\/www.arquimaster.com.ar\/web\/wp-content\/uploads\/2014\/10\/espacio18_casafoa2014_42-50x50.jpg 50w, https:\/\/www.arquimaster.com.ar\/web\/wp-content\/uploads\/2014\/10\/espacio18_casafoa2014_42-125x125.jpg 125w\" sizes=\"auto, (max-width: 150px) 100vw, 150px\" \/><\/a>\n\t\t\t<\/div>\n\t\t\t\t<figcaption class='wp-caption-text gallery-caption' id='gallery-1-10884'>\n\t\t\t\tSala de ba\u00f1o (Espacio 18 Casa FOA 2014) \/ Laura Urzanqui y In\u00e9s Calamante (\u00a9 Luz Fiumara)\n\t\t\t\t<\/figcaption><\/figure><figure class='gallery-item'>\n\t\t\t<div class='gallery-icon landscape'>\n\t\t\t\t<a href='https:\/\/www.arquimaster.com.ar\/web\/wp-content\/uploads\/2014\/10\/espacio18_casafoa2014_43.jpg' title=\"Sala de ba\u00f1o (Espacio 18 Casa FOA 2014) \/ Laura Urzanqui y In\u00e9s Calamante\" data-rl_title=\"Sala de ba\u00f1o (Espacio 18 Casa FOA 2014) \/ Laura Urzanqui y In\u00e9s Calamante\" class=\"rl-gallery-link\" data-rl_caption=\"Sala de ba\u00f1o (Espacio 18 Casa FOA 2014) \/ Laura Urzanqui y In\u00e9s Calamante\" data-rel=\"lightbox-gallery-1\"><img loading=\"lazy\" decoding=\"async\" width=\"150\" height=\"150\" src=\"https:\/\/www.arquimaster.com.ar\/web\/wp-content\/uploads\/2014\/10\/espacio18_casafoa2014_43-150x150.jpg\" class=\"attachment-thumbnail size-thumbnail\" alt=\"\" aria-describedby=\"gallery-1-10885\" srcset=\"https:\/\/www.arquimaster.com.ar\/web\/wp-content\/uploads\/2014\/10\/espacio18_casafoa2014_43-150x150.jpg 150w, https:\/\/www.arquimaster.com.ar\/web\/wp-content\/uploads\/2014\/10\/espacio18_casafoa2014_43-50x50.jpg 50w, https:\/\/www.arquimaster.com.ar\/web\/wp-content\/uploads\/2014\/10\/espacio18_casafoa2014_43-125x125.jpg 125w\" sizes=\"auto, (max-width: 150px) 100vw, 150px\" \/><\/a>\n\t\t\t<\/div>\n\t\t\t\t<figcaption class='wp-caption-text gallery-caption' id='gallery-1-10885'>\n\t\t\t\tSala de ba\u00f1o (Espacio 18 Casa FOA 2014) \/ Laura Urzanqui y In\u00e9s Calamante\n\t\t\t\t<\/figcaption><\/figure><figure class='gallery-item'>\n\t\t\t<div class='gallery-icon landscape'>\n\t\t\t\t<a href='https:\/\/www.arquimaster.com.ar\/web\/wp-content\/uploads\/2014\/10\/espacio18_casafoa2014_44.jpg' title=\"Sala de ba\u00f1o (Espacio 18 Casa FOA 2014) \/ Laura Urzanqui y In\u00e9s Calamante\" data-rl_title=\"Sala de ba\u00f1o (Espacio 18 Casa FOA 2014) \/ Laura Urzanqui y In\u00e9s Calamante\" class=\"rl-gallery-link\" data-rl_caption=\"Sala de ba\u00f1o (Espacio 18 Casa FOA 2014) \/ Laura Urzanqui y In\u00e9s Calamante\" data-rel=\"lightbox-gallery-1\"><img loading=\"lazy\" decoding=\"async\" width=\"150\" height=\"150\" src=\"https:\/\/www.arquimaster.com.ar\/web\/wp-content\/uploads\/2014\/10\/espacio18_casafoa2014_44-150x150.jpg\" class=\"attachment-thumbnail size-thumbnail\" alt=\"\" aria-describedby=\"gallery-1-10886\" srcset=\"https:\/\/www.arquimaster.com.ar\/web\/wp-content\/uploads\/2014\/10\/espacio18_casafoa2014_44-150x150.jpg 150w, https:\/\/www.arquimaster.com.ar\/web\/wp-content\/uploads\/2014\/10\/espacio18_casafoa2014_44-50x50.jpg 50w, https:\/\/www.arquimaster.com.ar\/web\/wp-content\/uploads\/2014\/10\/espacio18_casafoa2014_44-125x125.jpg 125w\" sizes=\"auto, (max-width: 150px) 100vw, 150px\" \/><\/a>\n\t\t\t<\/div>\n\t\t\t\t<figcaption class='wp-caption-text gallery-caption' id='gallery-1-10886'>\n\t\t\t\tSala de ba\u00f1o (Espacio 18 Casa FOA 2014) \/ Laura Urzanqui y In\u00e9s Calamante\n\t\t\t\t<\/figcaption><\/figure><figure class='gallery-item'>\n\t\t\t<div class='gallery-icon landscape'>\n\t\t\t\t<a href='https:\/\/www.arquimaster.com.ar\/web\/wp-content\/uploads\/2014\/10\/espacio18_casafoa2014_45.jpg' title=\"Sala de ba\u00f1o (Espacio 18 Casa FOA 2014) \/ Laura Urzanqui y In\u00e9s Calamante\" data-rl_title=\"Sala de ba\u00f1o (Espacio 18 Casa FOA 2014) \/ Laura Urzanqui y In\u00e9s Calamante\" class=\"rl-gallery-link\" data-rl_caption=\"Sala de ba\u00f1o (Espacio 18 Casa FOA 2014) \/ Laura Urzanqui y In\u00e9s Calamante\" data-rel=\"lightbox-gallery-1\"><img loading=\"lazy\" decoding=\"async\" width=\"150\" height=\"150\" src=\"https:\/\/www.arquimaster.com.ar\/web\/wp-content\/uploads\/2014\/10\/espacio18_casafoa2014_45-150x150.jpg\" class=\"attachment-thumbnail size-thumbnail\" alt=\"\" aria-describedby=\"gallery-1-10887\" srcset=\"https:\/\/www.arquimaster.com.ar\/web\/wp-content\/uploads\/2014\/10\/espacio18_casafoa2014_45-150x150.jpg 150w, https:\/\/www.arquimaster.com.ar\/web\/wp-content\/uploads\/2014\/10\/espacio18_casafoa2014_45-50x50.jpg 50w, https:\/\/www.arquimaster.com.ar\/web\/wp-content\/uploads\/2014\/10\/espacio18_casafoa2014_45-125x125.jpg 125w\" sizes=\"auto, (max-width: 150px) 100vw, 150px\" \/><\/a>\n\t\t\t<\/div>\n\t\t\t\t<figcaption class='wp-caption-text gallery-caption' id='gallery-1-10887'>\n\t\t\t\tSala de ba\u00f1o (Espacio 18 Casa FOA 2014) \/ Laura Urzanqui y In\u00e9s Calamante\n\t\t\t\t<\/figcaption><\/figure><figure class='gallery-item'>\n\t\t\t<div class='gallery-icon portrait'>\n\t\t\t\t<a href='https:\/\/www.arquimaster.com.ar\/web\/wp-content\/uploads\/2014\/10\/espacio18_casafoa2014_46.jpg' title=\"Sala de ba\u00f1o (Espacio 18 Casa FOA 2014) \/ Laura Urzanqui y In\u00e9s Calamante\" data-rl_title=\"Sala de ba\u00f1o (Espacio 18 Casa FOA 2014) \/ Laura Urzanqui y In\u00e9s Calamante\" class=\"rl-gallery-link\" data-rl_caption=\"Sala de ba\u00f1o (Espacio 18 Casa FOA 2014) \/ Laura Urzanqui y In\u00e9s Calamante\" data-rel=\"lightbox-gallery-1\"><img loading=\"lazy\" decoding=\"async\" width=\"150\" height=\"150\" src=\"https:\/\/www.arquimaster.com.ar\/web\/wp-content\/uploads\/2014\/10\/espacio18_casafoa2014_46-150x150.jpg\" class=\"attachment-thumbnail size-thumbnail\" alt=\"\" aria-describedby=\"gallery-1-10888\" srcset=\"https:\/\/www.arquimaster.com.ar\/web\/wp-content\/uploads\/2014\/10\/espacio18_casafoa2014_46-150x150.jpg 150w, https:\/\/www.arquimaster.com.ar\/web\/wp-content\/uploads\/2014\/10\/espacio18_casafoa2014_46-50x50.jpg 50w, https:\/\/www.arquimaster.com.ar\/web\/wp-content\/uploads\/2014\/10\/espacio18_casafoa2014_46-125x125.jpg 125w\" sizes=\"auto, (max-width: 150px) 100vw, 150px\" \/><\/a>\n\t\t\t<\/div>\n\t\t\t\t<figcaption class='wp-caption-text gallery-caption' id='gallery-1-10888'>\n\t\t\t\tSala de ba\u00f1o (Espacio 18 Casa FOA 2014) \/ Laura Urzanqui y In\u00e9s Calamante\n\t\t\t\t<\/figcaption><\/figure><figure class='gallery-item'>\n\t\t\t<div class='gallery-icon portrait'>\n\t\t\t\t<a href='https:\/\/www.arquimaster.com.ar\/web\/wp-content\/uploads\/2014\/10\/espacio18_casafoa2014_47.jpg' title=\"Sala de ba\u00f1o (Espacio 18 Casa FOA 2014) \/ Laura Urzanqui y In\u00e9s Calamante\" data-rl_title=\"Sala de ba\u00f1o (Espacio 18 Casa FOA 2014) \/ Laura Urzanqui y In\u00e9s Calamante\" class=\"rl-gallery-link\" data-rl_caption=\"Sala de ba\u00f1o (Espacio 18 Casa FOA 2014) \/ Laura Urzanqui y In\u00e9s Calamante\" data-rel=\"lightbox-gallery-1\"><img loading=\"lazy\" decoding=\"async\" width=\"150\" height=\"150\" src=\"https:\/\/www.arquimaster.com.ar\/web\/wp-content\/uploads\/2014\/10\/espacio18_casafoa2014_47-150x150.jpg\" class=\"attachment-thumbnail size-thumbnail\" alt=\"\" aria-describedby=\"gallery-1-10889\" srcset=\"https:\/\/www.arquimaster.com.ar\/web\/wp-content\/uploads\/2014\/10\/espacio18_casafoa2014_47-150x150.jpg 150w, https:\/\/www.arquimaster.com.ar\/web\/wp-content\/uploads\/2014\/10\/espacio18_casafoa2014_47-50x50.jpg 50w, https:\/\/www.arquimaster.com.ar\/web\/wp-content\/uploads\/2014\/10\/espacio18_casafoa2014_47-125x125.jpg 125w\" sizes=\"auto, (max-width: 150px) 100vw, 150px\" \/><\/a>\n\t\t\t<\/div>\n\t\t\t\t<figcaption class='wp-caption-text gallery-caption' id='gallery-1-10889'>\n\t\t\t\tSala de ba\u00f1o (Espacio 18 Casa FOA 2014) \/ Laura Urzanqui y In\u00e9s Calamante\n\t\t\t\t<\/figcaption><\/figure><figure class='gallery-item'>\n\t\t\t<div class='gallery-icon portrait'>\n\t\t\t\t<a href='https:\/\/www.arquimaster.com.ar\/web\/wp-content\/uploads\/2014\/10\/espacio18_casafoa2014_48.jpg' title=\"Sala de ba\u00f1o (Espacio 18 Casa FOA 2014) \/ Laura Urzanqui y In\u00e9s Calamante\" data-rl_title=\"Sala de ba\u00f1o (Espacio 18 Casa FOA 2014) \/ Laura Urzanqui y In\u00e9s Calamante\" class=\"rl-gallery-link\" data-rl_caption=\"Sala de ba\u00f1o (Espacio 18 Casa FOA 2014) \/ Laura Urzanqui y In\u00e9s Calamante\" data-rel=\"lightbox-gallery-1\"><img loading=\"lazy\" decoding=\"async\" width=\"150\" height=\"150\" src=\"https:\/\/www.arquimaster.com.ar\/web\/wp-content\/uploads\/2014\/10\/espacio18_casafoa2014_48-150x150.jpg\" class=\"attachment-thumbnail size-thumbnail\" alt=\"\" aria-describedby=\"gallery-1-10890\" srcset=\"https:\/\/www.arquimaster.com.ar\/web\/wp-content\/uploads\/2014\/10\/espacio18_casafoa2014_48-150x150.jpg 150w, https:\/\/www.arquimaster.com.ar\/web\/wp-content\/uploads\/2014\/10\/espacio18_casafoa2014_48-50x50.jpg 50w, https:\/\/www.arquimaster.com.ar\/web\/wp-content\/uploads\/2014\/10\/espacio18_casafoa2014_48-125x125.jpg 125w\" sizes=\"auto, (max-width: 150px) 100vw, 150px\" \/><\/a>\n\t\t\t<\/div>\n\t\t\t\t<figcaption class='wp-caption-text gallery-caption' id='gallery-1-10890'>\n\t\t\t\tSala de ba\u00f1o (Espacio 18 Casa FOA 2014) \/ Laura Urzanqui y In\u00e9s Calamante\n\t\t\t\t<\/figcaption><\/figure><figure class='gallery-item'>\n\t\t\t<div class='gallery-icon portrait'>\n\t\t\t\t<a href='https:\/\/www.arquimaster.com.ar\/web\/wp-content\/uploads\/2014\/10\/espacio18_casafoa2014_49.jpg' title=\"Sala de ba\u00f1o (Espacio 18 Casa FOA 2014) \/ Laura Urzanqui y In\u00e9s Calamante\" data-rl_title=\"Sala de ba\u00f1o (Espacio 18 Casa FOA 2014) \/ Laura Urzanqui y In\u00e9s Calamante\" class=\"rl-gallery-link\" data-rl_caption=\"Sala de ba\u00f1o (Espacio 18 Casa FOA 2014) \/ Laura Urzanqui y In\u00e9s Calamante\" data-rel=\"lightbox-gallery-1\"><img loading=\"lazy\" decoding=\"async\" width=\"150\" height=\"150\" src=\"https:\/\/www.arquimaster.com.ar\/web\/wp-content\/uploads\/2014\/10\/espacio18_casafoa2014_49-150x150.jpg\" class=\"attachment-thumbnail size-thumbnail\" alt=\"\" aria-describedby=\"gallery-1-10891\" srcset=\"https:\/\/www.arquimaster.com.ar\/web\/wp-content\/uploads\/2014\/10\/espacio18_casafoa2014_49-150x150.jpg 150w, https:\/\/www.arquimaster.com.ar\/web\/wp-content\/uploads\/2014\/10\/espacio18_casafoa2014_49-50x50.jpg 50w, https:\/\/www.arquimaster.com.ar\/web\/wp-content\/uploads\/2014\/10\/espacio18_casafoa2014_49-125x125.jpg 125w\" sizes=\"auto, (max-width: 150px) 100vw, 150px\" \/><\/a>\n\t\t\t<\/div>\n\t\t\t\t<figcaption class='wp-caption-text gallery-caption' id='gallery-1-10891'>\n\t\t\t\tSala de ba\u00f1o (Espacio 18 Casa FOA 2014) \/ Laura Urzanqui y In\u00e9s Calamante\n\t\t\t\t<\/figcaption><\/figure><figure class='gallery-item'>\n\t\t\t<div class='gallery-icon portrait'>\n\t\t\t\t<a href='https:\/\/www.arquimaster.com.ar\/web\/wp-content\/uploads\/2014\/10\/espacio18_casafoa2014_50.jpg' title=\"Sala de ba\u00f1o (Espacio 18 Casa FOA 2014) \/ Laura Urzanqui y In\u00e9s Calamante\" data-rl_title=\"Sala de ba\u00f1o (Espacio 18 Casa FOA 2014) \/ Laura Urzanqui y In\u00e9s Calamante\" class=\"rl-gallery-link\" data-rl_caption=\"Sala de ba\u00f1o (Espacio 18 Casa FOA 2014) \/ Laura Urzanqui y In\u00e9s Calamante\" data-rel=\"lightbox-gallery-1\"><img loading=\"lazy\" decoding=\"async\" width=\"150\" height=\"150\" src=\"https:\/\/www.arquimaster.com.ar\/web\/wp-content\/uploads\/2014\/10\/espacio18_casafoa2014_50-150x150.jpg\" class=\"attachment-thumbnail size-thumbnail\" alt=\"\" aria-describedby=\"gallery-1-10892\" srcset=\"https:\/\/www.arquimaster.com.ar\/web\/wp-content\/uploads\/2014\/10\/espacio18_casafoa2014_50-150x150.jpg 150w, https:\/\/www.arquimaster.com.ar\/web\/wp-content\/uploads\/2014\/10\/espacio18_casafoa2014_50-50x50.jpg 50w, https:\/\/www.arquimaster.com.ar\/web\/wp-content\/uploads\/2014\/10\/espacio18_casafoa2014_50-125x125.jpg 125w\" sizes=\"auto, (max-width: 150px) 100vw, 150px\" \/><\/a>\n\t\t\t<\/div>\n\t\t\t\t<figcaption class='wp-caption-text gallery-caption' id='gallery-1-10892'>\n\t\t\t\tSala de ba\u00f1o (Espacio 18 Casa FOA 2014) \/ Laura Urzanqui y In\u00e9s Calamante\n\t\t\t\t<\/figcaption><\/figure><figure class='gallery-item'>\n\t\t\t<div class='gallery-icon portrait'>\n\t\t\t\t<a href='https:\/\/www.arquimaster.com.ar\/web\/wp-content\/uploads\/2014\/10\/espacio18_casafoa2014_51.jpg' title=\"Sala de ba\u00f1o (Espacio 18 Casa FOA 2014) \/ Laura Urzanqui y In\u00e9s Calamante\" data-rl_title=\"Sala de ba\u00f1o (Espacio 18 Casa FOA 2014) \/ Laura Urzanqui y In\u00e9s Calamante\" class=\"rl-gallery-link\" data-rl_caption=\"Sala de ba\u00f1o (Espacio 18 Casa FOA 2014) \/ Laura Urzanqui y In\u00e9s Calamante\" data-rel=\"lightbox-gallery-1\"><img loading=\"lazy\" decoding=\"async\" width=\"150\" height=\"150\" src=\"https:\/\/www.arquimaster.com.ar\/web\/wp-content\/uploads\/2014\/10\/espacio18_casafoa2014_51-150x150.jpg\" class=\"attachment-thumbnail size-thumbnail\" alt=\"\" aria-describedby=\"gallery-1-10893\" srcset=\"https:\/\/www.arquimaster.com.ar\/web\/wp-content\/uploads\/2014\/10\/espacio18_casafoa2014_51-150x150.jpg 150w, https:\/\/www.arquimaster.com.ar\/web\/wp-content\/uploads\/2014\/10\/espacio18_casafoa2014_51-50x50.jpg 50w, https:\/\/www.arquimaster.com.ar\/web\/wp-content\/uploads\/2014\/10\/espacio18_casafoa2014_51-125x125.jpg 125w\" sizes=\"auto, (max-width: 150px) 100vw, 150px\" \/><\/a>\n\t\t\t<\/div>\n\t\t\t\t<figcaption class='wp-caption-text gallery-caption' id='gallery-1-10893'>\n\t\t\t\tSala de ba\u00f1o (Espacio 18 Casa FOA 2014) \/ Laura Urzanqui y In\u00e9s Calamante\n\t\t\t\t<\/figcaption><\/figure>\n\t\t<\/div>\n\n<p>La Abad\u00eda nos inspira a respetar y a sumar vida a este magn\u00edfico lugar de car\u00e1cter angelical.<\/p>\n<p>La utilizaci\u00f3n de materiales nobles, la iluminaci\u00f3n y las texturas nos inspiraron para desarrollar este espacio.<\/p>\n<p>Los habitantes de este espacio son elegantes, simples y cultos.<\/p>\n<p>Algunos de los objetos mas sobresalientes de nuestro espacio son: una reja de hierro forjado antiguo en vidrios repartidos, algunos detalles encontrados y una poltrona que invita a vivir un lugar en calma.<\/p>\n<p>Se trabajar\u00e1 en plena neutralidad y las texturas provocando a los sentidos.<\/p>\n<p>Los principales materiales que utilizaremos son: Madera lustrada, hierro ,m\u00e1rmol pulido y opaco, los elegimos para protagonizar un espacio\u00a0con impronta N\u00f3rdica y dise\u00f1o puro.<\/p>\n<p><strong>Colaboradores<\/strong><br \/>\nEstudio Parisio &amp; Sanchez Izquierdo, Marcelo Albinati, Juan Ram\u00f3n Gimenez, Sandra Teisaire, Juan Diciervo, Antiguo Candioti, Tribalia Eco Design, Bohemia Velas, La Pasionaria, Espalma, Kitty Minazzooli, De Levie,<\/p>\n<p>Sponsors: Calello y Alba<\/p>\n<p><strong>Contacto<\/strong><br \/>\n<a title=\"Laura Urzanqui\" href=\"http:\/\/www.lauraurzanqui.com.ar\" target=\"_blank\">http:\/\/www.lauraurzanqui.com.ar<\/a><br \/>\n<a title=\"In\u00e9s Calamante\" href=\"http:\/\/www.inescalamante.com.ar\" target=\"_blank\">http:\/\/www.inescalamante.com.ar<\/a><\/p>\n<p>Fotos por Luz Fiumara<\/p>\n\n<div style=\"font-size: 0px; height: 0px; line-height: 0px; margin: 0; padding: 0; clear: both;\"><\/div><div style=\"margin-top: 0px; margin-bottom: 0px;\" class=\"sharethis-inline-share-buttons\" ><\/div>","protected":false},"excerpt":{"rendered":"<p>Las tres claves que definen el espacio son la simpleza, la armon\u00eda y la sutileza&#8230;<\/p>\n","protected":false},"author":1,"featured_media":10842,"comment_status":"closed","ping_status":"closed","sticky":false,"template":"","format":"standard","meta":{"_uag_custom_page_level_css":"","footnotes":""},"categories":[2680,55],"tags":[327,2066,3524,37,1697,1401,2785,2681,2784,2786],"class_list":["post-10841","post","type-post","status-publish","format-standard","has-post-thumbnail","hentry","category-casa-foa-2014","category-diseno","tag-bano","tag-casa-foa","tag-casa-foa-2014","tag-decoracion","tag-diseno-de-interiores","tag-foa","tag-ines-calamante","tag-la-abadia","tag-laura-urzanqui","tag-sala-de-bano","generate-columns","tablet-grid-50","mobile-grid-100","grid-parent","grid-50"],"yoast_head":"<!-- This site is optimized with the Yoast SEO plugin v27.3 - https:\/\/yoast.com\/product\/yoast-seo-wordpress\/ -->\n<title>Sala de ba\u00f1o (Espacio 18 Casa FOA 2014) \/ Laura Urzanqui y In\u00e9s Calamante - Arquimaster<\/title>\n<meta name=\"robots\" content=\"index, follow, max-snippet:-1, max-image-preview:large, max-video-preview:-1\" \/>\n<link rel=\"canonical\" href=\"https:\/\/www.arquimaster.com.ar\/web\/sala-de-bano-espacio-18-casa-foa-2014-laura-urzanqui-y-ines-calamante\/\" \/>\n<meta property=\"og:locale\" content=\"es_ES\" \/>\n<meta property=\"og:type\" content=\"article\" \/>\n<meta property=\"og:title\" content=\"Sala de ba\u00f1o (Espacio 18 Casa FOA 2014) \/ Laura Urzanqui y In\u00e9s Calamante - Arquimaster\" \/>\n<meta property=\"og:description\" content=\"Las tres claves que definen el espacio son la simpleza, la armon\u00eda y la sutileza...\" \/>\n<meta property=\"og:url\" content=\"https:\/\/www.arquimaster.com.ar\/web\/sala-de-bano-espacio-18-casa-foa-2014-laura-urzanqui-y-ines-calamante\/\" \/>\n<meta property=\"og:site_name\" content=\"Arquimaster\" \/>\n<meta property=\"article:publisher\" content=\"http:\/\/www.facebook.com\/ARQUIMASTER.com.ar\" \/>\n<meta property=\"article:published_time\" content=\"2014-10-28T14:00:47+00:00\" \/>\n<meta property=\"article:modified_time\" content=\"2014-10-29T01:43:44+00:00\" \/>\n<meta property=\"og:image\" content=\"https:\/\/www.arquimaster.com.ar\/web\/wp-content\/uploads\/2014\/10\/espacio18_casafoa2014_slide.jpg\" \/>\n\t<meta property=\"og:image:width\" content=\"642\" \/>\n\t<meta property=\"og:image:height\" content=\"336\" \/>\n\t<meta property=\"og:image:type\" content=\"image\/jpeg\" \/>\n<meta name=\"author\" content=\"Arquimaster\" \/>\n<meta name=\"twitter:card\" content=\"summary_large_image\" \/>\n<meta name=\"twitter:creator\" content=\"@arquimaster\" \/>\n<meta name=\"twitter:site\" content=\"@arquimaster\" \/>\n<meta name=\"twitter:label1\" content=\"Escrito por\" \/>\n\t<meta name=\"twitter:data1\" content=\"Arquimaster\" \/>\n\t<meta name=\"twitter:label2\" content=\"Tiempo de lectura\" \/>\n\t<meta name=\"twitter:data2\" content=\"1 minuto\" \/>\n<script type=\"application\/ld+json\" class=\"yoast-schema-graph\">{\"@context\":\"https:\\\/\\\/schema.org\",\"@graph\":[{\"@type\":\"Article\",\"@id\":\"https:\\\/\\\/www.arquimaster.com.ar\\\/web\\\/sala-de-bano-espacio-18-casa-foa-2014-laura-urzanqui-y-ines-calamante\\\/#article\",\"isPartOf\":{\"@id\":\"https:\\\/\\\/www.arquimaster.com.ar\\\/web\\\/sala-de-bano-espacio-18-casa-foa-2014-laura-urzanqui-y-ines-calamante\\\/\"},\"author\":{\"name\":\"Arquimaster\",\"@id\":\"https:\\\/\\\/www.arquimaster.com.ar\\\/web\\\/#\\\/schema\\\/person\\\/359e9f7c00193fcde068e0dd2ceb0028\"},\"headline\":\"Sala de ba\u00f1o (Espacio 18 Casa FOA 2014) \\\/ Laura Urzanqui y In\u00e9s Calamante\",\"datePublished\":\"2014-10-28T14:00:47+00:00\",\"dateModified\":\"2014-10-29T01:43:44+00:00\",\"mainEntityOfPage\":{\"@id\":\"https:\\\/\\\/www.arquimaster.com.ar\\\/web\\\/sala-de-bano-espacio-18-casa-foa-2014-laura-urzanqui-y-ines-calamante\\\/\"},\"wordCount\":219,\"publisher\":{\"@id\":\"https:\\\/\\\/www.arquimaster.com.ar\\\/web\\\/#organization\"},\"image\":{\"@id\":\"https:\\\/\\\/www.arquimaster.com.ar\\\/web\\\/sala-de-bano-espacio-18-casa-foa-2014-laura-urzanqui-y-ines-calamante\\\/#primaryimage\"},\"thumbnailUrl\":\"https:\\\/\\\/www.arquimaster.com.ar\\\/web\\\/wp-content\\\/uploads\\\/2014\\\/10\\\/espacio18_casafoa2014_slide.jpg\",\"keywords\":[\"ba\u00f1o\",\"Casa FOA\",\"Casa FOA 2014\",\"decoracion\",\"dise\u00f1o de interiores\",\"FOA\",\"In\u00e9s Calamante\",\"La Abadia\",\"Laura Urzanqui\",\"sala de ba\u00f1o\"],\"articleSection\":[\"Casa FOA 2014\",\"Dise\u00f1o\"],\"inLanguage\":\"es\"},{\"@type\":\"WebPage\",\"@id\":\"https:\\\/\\\/www.arquimaster.com.ar\\\/web\\\/sala-de-bano-espacio-18-casa-foa-2014-laura-urzanqui-y-ines-calamante\\\/\",\"url\":\"https:\\\/\\\/www.arquimaster.com.ar\\\/web\\\/sala-de-bano-espacio-18-casa-foa-2014-laura-urzanqui-y-ines-calamante\\\/\",\"name\":\"Sala de ba\u00f1o (Espacio 18 Casa FOA 2014) \\\/ Laura Urzanqui y In\u00e9s Calamante - Arquimaster\",\"isPartOf\":{\"@id\":\"https:\\\/\\\/www.arquimaster.com.ar\\\/web\\\/#website\"},\"primaryImageOfPage\":{\"@id\":\"https:\\\/\\\/www.arquimaster.com.ar\\\/web\\\/sala-de-bano-espacio-18-casa-foa-2014-laura-urzanqui-y-ines-calamante\\\/#primaryimage\"},\"image\":{\"@id\":\"https:\\\/\\\/www.arquimaster.com.ar\\\/web\\\/sala-de-bano-espacio-18-casa-foa-2014-laura-urzanqui-y-ines-calamante\\\/#primaryimage\"},\"thumbnailUrl\":\"https:\\\/\\\/www.arquimaster.com.ar\\\/web\\\/wp-content\\\/uploads\\\/2014\\\/10\\\/espacio18_casafoa2014_slide.jpg\",\"datePublished\":\"2014-10-28T14:00:47+00:00\",\"dateModified\":\"2014-10-29T01:43:44+00:00\",\"breadcrumb\":{\"@id\":\"https:\\\/\\\/www.arquimaster.com.ar\\\/web\\\/sala-de-bano-espacio-18-casa-foa-2014-laura-urzanqui-y-ines-calamante\\\/#breadcrumb\"},\"inLanguage\":\"es\",\"potentialAction\":[{\"@type\":\"ReadAction\",\"target\":[\"https:\\\/\\\/www.arquimaster.com.ar\\\/web\\\/sala-de-bano-espacio-18-casa-foa-2014-laura-urzanqui-y-ines-calamante\\\/\"]}]},{\"@type\":\"ImageObject\",\"inLanguage\":\"es\",\"@id\":\"https:\\\/\\\/www.arquimaster.com.ar\\\/web\\\/sala-de-bano-espacio-18-casa-foa-2014-laura-urzanqui-y-ines-calamante\\\/#primaryimage\",\"url\":\"https:\\\/\\\/www.arquimaster.com.ar\\\/web\\\/wp-content\\\/uploads\\\/2014\\\/10\\\/espacio18_casafoa2014_slide.jpg\",\"contentUrl\":\"https:\\\/\\\/www.arquimaster.com.ar\\\/web\\\/wp-content\\\/uploads\\\/2014\\\/10\\\/espacio18_casafoa2014_slide.jpg\",\"width\":642,\"height\":336},{\"@type\":\"BreadcrumbList\",\"@id\":\"https:\\\/\\\/www.arquimaster.com.ar\\\/web\\\/sala-de-bano-espacio-18-casa-foa-2014-laura-urzanqui-y-ines-calamante\\\/#breadcrumb\",\"itemListElement\":[{\"@type\":\"ListItem\",\"position\":1,\"name\":\"Portada\",\"item\":\"https:\\\/\\\/www.arquimaster.com.ar\\\/web\\\/\"},{\"@type\":\"ListItem\",\"position\":2,\"name\":\"Sala de ba\u00f1o (Espacio 18 Casa FOA 2014) \\\/ Laura Urzanqui y In\u00e9s Calamante\"}]},{\"@type\":\"WebSite\",\"@id\":\"https:\\\/\\\/www.arquimaster.com.ar\\\/web\\\/#website\",\"url\":\"https:\\\/\\\/www.arquimaster.com.ar\\\/web\\\/\",\"name\":\"Arquimaster\",\"description\":\"Web de arquitectura, dise\u00f1o y construccion\",\"publisher\":{\"@id\":\"https:\\\/\\\/www.arquimaster.com.ar\\\/web\\\/#organization\"},\"potentialAction\":[{\"@type\":\"SearchAction\",\"target\":{\"@type\":\"EntryPoint\",\"urlTemplate\":\"https:\\\/\\\/www.arquimaster.com.ar\\\/web\\\/?s={search_term_string}\"},\"query-input\":{\"@type\":\"PropertyValueSpecification\",\"valueRequired\":true,\"valueName\":\"search_term_string\"}}],\"inLanguage\":\"es\"},{\"@type\":\"Organization\",\"@id\":\"https:\\\/\\\/www.arquimaster.com.ar\\\/web\\\/#organization\",\"name\":\"Arquimaster\",\"url\":\"https:\\\/\\\/www.arquimaster.com.ar\\\/web\\\/\",\"logo\":{\"@type\":\"ImageObject\",\"inLanguage\":\"es\",\"@id\":\"https:\\\/\\\/www.arquimaster.com.ar\\\/web\\\/#\\\/schema\\\/logo\\\/image\\\/\",\"url\":\"https:\\\/\\\/www.arquimaster.com.ar\\\/web\\\/wp-content\\\/uploads\\\/2022\\\/06\\\/arquimaster.png\",\"contentUrl\":\"https:\\\/\\\/www.arquimaster.com.ar\\\/web\\\/wp-content\\\/uploads\\\/2022\\\/06\\\/arquimaster.png\",\"width\":594,\"height\":78,\"caption\":\"Arquimaster\"},\"image\":{\"@id\":\"https:\\\/\\\/www.arquimaster.com.ar\\\/web\\\/#\\\/schema\\\/logo\\\/image\\\/\"},\"sameAs\":[\"http:\\\/\\\/www.facebook.com\\\/ARQUIMASTER.com.ar\",\"https:\\\/\\\/x.com\\\/arquimaster\",\"https:\\\/\\\/www.instagram.com\\\/arquimasterblog\\\/\",\"https:\\\/\\\/www.linkedin.com\\\/company\\\/arquimaster\",\"https:\\\/\\\/www.pinterest.com\\\/arquimaster\",\"https:\\\/\\\/t.me\\\/arquimaster\"]},{\"@type\":\"Person\",\"@id\":\"https:\\\/\\\/www.arquimaster.com.ar\\\/web\\\/#\\\/schema\\\/person\\\/359e9f7c00193fcde068e0dd2ceb0028\",\"name\":\"Arquimaster\"}]}<\/script>\n<!-- \/ Yoast SEO plugin. -->","yoast_head_json":{"title":"Sala de ba\u00f1o (Espacio 18 Casa FOA 2014) \/ Laura Urzanqui y In\u00e9s Calamante - Arquimaster","robots":{"index":"index","follow":"follow","max-snippet":"max-snippet:-1","max-image-preview":"max-image-preview:large","max-video-preview":"max-video-preview:-1"},"canonical":"https:\/\/www.arquimaster.com.ar\/web\/sala-de-bano-espacio-18-casa-foa-2014-laura-urzanqui-y-ines-calamante\/","og_locale":"es_ES","og_type":"article","og_title":"Sala de ba\u00f1o (Espacio 18 Casa FOA 2014) \/ Laura Urzanqui y In\u00e9s Calamante - Arquimaster","og_description":"Las tres claves que definen el espacio son la simpleza, la armon\u00eda y la sutileza...","og_url":"https:\/\/www.arquimaster.com.ar\/web\/sala-de-bano-espacio-18-casa-foa-2014-laura-urzanqui-y-ines-calamante\/","og_site_name":"Arquimaster","article_publisher":"http:\/\/www.facebook.com\/ARQUIMASTER.com.ar","article_published_time":"2014-10-28T14:00:47+00:00","article_modified_time":"2014-10-29T01:43:44+00:00","og_image":[{"width":642,"height":336,"url":"https:\/\/www.arquimaster.com.ar\/web\/wp-content\/uploads\/2014\/10\/espacio18_casafoa2014_slide.jpg","type":"image\/jpeg"}],"author":"Arquimaster","twitter_card":"summary_large_image","twitter_creator":"@arquimaster","twitter_site":"@arquimaster","twitter_misc":{"Escrito por":"Arquimaster","Tiempo de lectura":"1 minuto"},"schema":{"@context":"https:\/\/schema.org","@graph":[{"@type":"Article","@id":"https:\/\/www.arquimaster.com.ar\/web\/sala-de-bano-espacio-18-casa-foa-2014-laura-urzanqui-y-ines-calamante\/#article","isPartOf":{"@id":"https:\/\/www.arquimaster.com.ar\/web\/sala-de-bano-espacio-18-casa-foa-2014-laura-urzanqui-y-ines-calamante\/"},"author":{"name":"Arquimaster","@id":"https:\/\/www.arquimaster.com.ar\/web\/#\/schema\/person\/359e9f7c00193fcde068e0dd2ceb0028"},"headline":"Sala de ba\u00f1o (Espacio 18 Casa FOA 2014) \/ Laura Urzanqui y In\u00e9s Calamante","datePublished":"2014-10-28T14:00:47+00:00","dateModified":"2014-10-29T01:43:44+00:00","mainEntityOfPage":{"@id":"https:\/\/www.arquimaster.com.ar\/web\/sala-de-bano-espacio-18-casa-foa-2014-laura-urzanqui-y-ines-calamante\/"},"wordCount":219,"publisher":{"@id":"https:\/\/www.arquimaster.com.ar\/web\/#organization"},"image":{"@id":"https:\/\/www.arquimaster.com.ar\/web\/sala-de-bano-espacio-18-casa-foa-2014-laura-urzanqui-y-ines-calamante\/#primaryimage"},"thumbnailUrl":"https:\/\/www.arquimaster.com.ar\/web\/wp-content\/uploads\/2014\/10\/espacio18_casafoa2014_slide.jpg","keywords":["ba\u00f1o","Casa FOA","Casa FOA 2014","decoracion","dise\u00f1o de interiores","FOA","In\u00e9s Calamante","La Abadia","Laura Urzanqui","sala de ba\u00f1o"],"articleSection":["Casa FOA 2014","Dise\u00f1o"],"inLanguage":"es"},{"@type":"WebPage","@id":"https:\/\/www.arquimaster.com.ar\/web\/sala-de-bano-espacio-18-casa-foa-2014-laura-urzanqui-y-ines-calamante\/","url":"https:\/\/www.arquimaster.com.ar\/web\/sala-de-bano-espacio-18-casa-foa-2014-laura-urzanqui-y-ines-calamante\/","name":"Sala de ba\u00f1o (Espacio 18 Casa FOA 2014) \/ Laura Urzanqui y In\u00e9s Calamante - Arquimaster","isPartOf":{"@id":"https:\/\/www.arquimaster.com.ar\/web\/#website"},"primaryImageOfPage":{"@id":"https:\/\/www.arquimaster.com.ar\/web\/sala-de-bano-espacio-18-casa-foa-2014-laura-urzanqui-y-ines-calamante\/#primaryimage"},"image":{"@id":"https:\/\/www.arquimaster.com.ar\/web\/sala-de-bano-espacio-18-casa-foa-2014-laura-urzanqui-y-ines-calamante\/#primaryimage"},"thumbnailUrl":"https:\/\/www.arquimaster.com.ar\/web\/wp-content\/uploads\/2014\/10\/espacio18_casafoa2014_slide.jpg","datePublished":"2014-10-28T14:00:47+00:00","dateModified":"2014-10-29T01:43:44+00:00","breadcrumb":{"@id":"https:\/\/www.arquimaster.com.ar\/web\/sala-de-bano-espacio-18-casa-foa-2014-laura-urzanqui-y-ines-calamante\/#breadcrumb"},"inLanguage":"es","potentialAction":[{"@type":"ReadAction","target":["https:\/\/www.arquimaster.com.ar\/web\/sala-de-bano-espacio-18-casa-foa-2014-laura-urzanqui-y-ines-calamante\/"]}]},{"@type":"ImageObject","inLanguage":"es","@id":"https:\/\/www.arquimaster.com.ar\/web\/sala-de-bano-espacio-18-casa-foa-2014-laura-urzanqui-y-ines-calamante\/#primaryimage","url":"https:\/\/www.arquimaster.com.ar\/web\/wp-content\/uploads\/2014\/10\/espacio18_casafoa2014_slide.jpg","contentUrl":"https:\/\/www.arquimaster.com.ar\/web\/wp-content\/uploads\/2014\/10\/espacio18_casafoa2014_slide.jpg","width":642,"height":336},{"@type":"BreadcrumbList","@id":"https:\/\/www.arquimaster.com.ar\/web\/sala-de-bano-espacio-18-casa-foa-2014-laura-urzanqui-y-ines-calamante\/#breadcrumb","itemListElement":[{"@type":"ListItem","position":1,"name":"Portada","item":"https:\/\/www.arquimaster.com.ar\/web\/"},{"@type":"ListItem","position":2,"name":"Sala de ba\u00f1o (Espacio 18 Casa FOA 2014) \/ Laura Urzanqui y In\u00e9s Calamante"}]},{"@type":"WebSite","@id":"https:\/\/www.arquimaster.com.ar\/web\/#website","url":"https:\/\/www.arquimaster.com.ar\/web\/","name":"Arquimaster","description":"Web de arquitectura, dise\u00f1o y construccion","publisher":{"@id":"https:\/\/www.arquimaster.com.ar\/web\/#organization"},"potentialAction":[{"@type":"SearchAction","target":{"@type":"EntryPoint","urlTemplate":"https:\/\/www.arquimaster.com.ar\/web\/?s={search_term_string}"},"query-input":{"@type":"PropertyValueSpecification","valueRequired":true,"valueName":"search_term_string"}}],"inLanguage":"es"},{"@type":"Organization","@id":"https:\/\/www.arquimaster.com.ar\/web\/#organization","name":"Arquimaster","url":"https:\/\/www.arquimaster.com.ar\/web\/","logo":{"@type":"ImageObject","inLanguage":"es","@id":"https:\/\/www.arquimaster.com.ar\/web\/#\/schema\/logo\/image\/","url":"https:\/\/www.arquimaster.com.ar\/web\/wp-content\/uploads\/2022\/06\/arquimaster.png","contentUrl":"https:\/\/www.arquimaster.com.ar\/web\/wp-content\/uploads\/2022\/06\/arquimaster.png","width":594,"height":78,"caption":"Arquimaster"},"image":{"@id":"https:\/\/www.arquimaster.com.ar\/web\/#\/schema\/logo\/image\/"},"sameAs":["http:\/\/www.facebook.com\/ARQUIMASTER.com.ar","https:\/\/x.com\/arquimaster","https:\/\/www.instagram.com\/arquimasterblog\/","https:\/\/www.linkedin.com\/company\/arquimaster","https:\/\/www.pinterest.com\/arquimaster","https:\/\/t.me\/arquimaster"]},{"@type":"Person","@id":"https:\/\/www.arquimaster.com.ar\/web\/#\/schema\/person\/359e9f7c00193fcde068e0dd2ceb0028","name":"Arquimaster"}]}},"uagb_featured_image_src":{"full":["https:\/\/www.arquimaster.com.ar\/web\/wp-content\/uploads\/2014\/10\/espacio18_casafoa2014_slide.jpg",642,336,false],"thumbnail":["https:\/\/www.arquimaster.com.ar\/web\/wp-content\/uploads\/2014\/10\/espacio18_casafoa2014_slide-150x150.jpg",150,150,true],"medium":["https:\/\/www.arquimaster.com.ar\/web\/wp-content\/uploads\/2014\/10\/espacio18_casafoa2014_slide-300x157.jpg",300,157,true],"medium_large":["https:\/\/www.arquimaster.com.ar\/web\/wp-content\/uploads\/2014\/10\/espacio18_casafoa2014_slide.jpg",642,336,false],"large":["https:\/\/www.arquimaster.com.ar\/web\/wp-content\/uploads\/2014\/10\/espacio18_casafoa2014_slide.jpg",642,336,false],"1536x1536":["https:\/\/www.arquimaster.com.ar\/web\/wp-content\/uploads\/2014\/10\/espacio18_casafoa2014_slide.jpg",642,336,false],"2048x2048":["https:\/\/www.arquimaster.com.ar\/web\/wp-content\/uploads\/2014\/10\/espacio18_casafoa2014_slide.jpg",642,336,false]},"uagb_author_info":{"display_name":"Arquimaster","author_link":"https:\/\/www.arquimaster.com.ar\/web\/author\/arquimaster\/"},"uagb_comment_info":0,"uagb_excerpt":"Las tres claves que definen el espacio son la simpleza, la armon\u00eda y la sutileza...","_links":{"self":[{"href":"https:\/\/www.arquimaster.com.ar\/web\/wp-json\/wp\/v2\/posts\/10841","targetHints":{"allow":["GET"]}}],"collection":[{"href":"https:\/\/www.arquimaster.com.ar\/web\/wp-json\/wp\/v2\/posts"}],"about":[{"href":"https:\/\/www.arquimaster.com.ar\/web\/wp-json\/wp\/v2\/types\/post"}],"author":[{"embeddable":true,"href":"https:\/\/www.arquimaster.com.ar\/web\/wp-json\/wp\/v2\/users\/1"}],"replies":[{"embeddable":true,"href":"https:\/\/www.arquimaster.com.ar\/web\/wp-json\/wp\/v2\/comments?post=10841"}],"version-history":[{"count":0,"href":"https:\/\/www.arquimaster.com.ar\/web\/wp-json\/wp\/v2\/posts\/10841\/revisions"}],"wp:featuredmedia":[{"embeddable":true,"href":"https:\/\/www.arquimaster.com.ar\/web\/wp-json\/wp\/v2\/media\/10842"}],"wp:attachment":[{"href":"https:\/\/www.arquimaster.com.ar\/web\/wp-json\/wp\/v2\/media?parent=10841"}],"wp:term":[{"taxonomy":"category","embeddable":true,"href":"https:\/\/www.arquimaster.com.ar\/web\/wp-json\/wp\/v2\/categories?post=10841"},{"taxonomy":"post_tag","embeddable":true,"href":"https:\/\/www.arquimaster.com.ar\/web\/wp-json\/wp\/v2\/tags?post=10841"}],"curies":[{"name":"wp","href":"https:\/\/api.w.org\/{rel}","templated":true}]}}