{"id":10982,"date":"2014-11-02T20:22:38","date_gmt":"2014-11-02T20:22:38","guid":{"rendered":"http:\/\/www.arquimaster.com.ar\/web\/?p=10982"},"modified":"2014-11-02T20:22:38","modified_gmt":"2014-11-02T20:22:38","slug":"casa-ml-agraz-arquitectos-di-vece-y-asociados","status":"publish","type":"post","link":"https:\/\/www.arquimaster.com.ar\/web\/casa-ml-agraz-arquitectos-di-vece-y-asociados\/","title":{"rendered":"Casa ML \/ Agraz Arquitectos + Di Vece y Asociados"},"content":{"rendered":"<div style=\"margin-top: 0px; margin-bottom: 0px;\" class=\"sharethis-inline-share-buttons\" ><\/div><div class=\"b812932af2e751442846f039925109de\" data-index=\"1\" style=\"float: none; margin:25px 0 25px 0; text-align:center;\">\n<script async src=\"https:\/\/pagead2.googlesyndication.com\/pagead\/js\/adsbygoogle.js\"><\/script>\r\n<!-- Arquimaster (superior) -->\r\n<ins class=\"adsbygoogle\"\r\n     style=\"display:block\"\r\n     data-ad-client=\"ca-pub-6351072698456832\"\r\n     data-ad-slot=\"6455489680\"\r\n     data-ad-format=\"auto\"\r\n     data-full-width-responsive=\"true\"><\/ins>\r\n<script>\r\n     (adsbygoogle = window.adsbygoogle || []).push({});\r\n<\/script>\n<\/div>\n<p><strong>Casa ML<\/strong> (Guadalajara, Jalisco, Mexico) por <strong>Agraz Arquitectos + Di Vece y Asociados<\/strong>. Casa ML fue pensada para ser capaz de contener y perpetuar el esp\u00edritu que mueve a cada uno de los seres que la habitan, sublimando su esencia al d\u00eda con d\u00eda.<\/p>\n<div id='gallery-1' class='gallery galleryid-10982 gallery-columns-3 gallery-size-thumbnail'><figure class='gallery-item'>\n\t\t\t<div class='gallery-icon landscape'>\n\t\t\t\t<a href='https:\/\/www.arquimaster.com.ar\/web\/wp-content\/uploads\/2014\/11\/casa_ml1.jpg' title=\"Casa ML \/ Agraz Arquitectos + Di Vece y Asociados (\u00a9 Mito Covarrubias)\" data-rl_title=\"Casa ML \/ Agraz Arquitectos + Di Vece y Asociados (\u00a9 Mito Covarrubias)\" class=\"rl-gallery-link\" data-rl_caption=\"Casa ML \/ Agraz Arquitectos + Di Vece y Asociados (\u00a9 Mito Covarrubias)\" data-rel=\"lightbox-gallery-1\"><img loading=\"lazy\" decoding=\"async\" width=\"150\" height=\"150\" src=\"https:\/\/www.arquimaster.com.ar\/web\/wp-content\/uploads\/2014\/11\/casa_ml1-150x150.jpg\" class=\"attachment-thumbnail size-thumbnail\" alt=\"\" aria-describedby=\"gallery-1-10984\" srcset=\"https:\/\/www.arquimaster.com.ar\/web\/wp-content\/uploads\/2014\/11\/casa_ml1-150x150.jpg 150w, https:\/\/www.arquimaster.com.ar\/web\/wp-content\/uploads\/2014\/11\/casa_ml1-50x50.jpg 50w, https:\/\/www.arquimaster.com.ar\/web\/wp-content\/uploads\/2014\/11\/casa_ml1-125x125.jpg 125w\" sizes=\"auto, (max-width: 150px) 100vw, 150px\" \/><\/a>\n\t\t\t<\/div>\n\t\t\t\t<figcaption class='wp-caption-text gallery-caption' id='gallery-1-10984'>\n\t\t\t\tCasa ML \/ Agraz Arquitectos + Di Vece y Asociados (\u00a9 Mito Covarrubias)\n\t\t\t\t<\/figcaption><\/figure><figure class='gallery-item'>\n\t\t\t<div class='gallery-icon portrait'>\n\t\t\t\t<a href='https:\/\/www.arquimaster.com.ar\/web\/wp-content\/uploads\/2014\/11\/casa_ml2.jpg' title=\"Casa ML \/ Agraz Arquitectos + Di Vece y Asociados (\u00a9 Mito Covarrubias)\" data-rl_title=\"Casa ML \/ Agraz Arquitectos + Di Vece y Asociados (\u00a9 Mito Covarrubias)\" class=\"rl-gallery-link\" data-rl_caption=\"Casa ML \/ Agraz Arquitectos + Di Vece y Asociados (\u00a9 Mito Covarrubias)\" data-rel=\"lightbox-gallery-1\"><img loading=\"lazy\" decoding=\"async\" width=\"150\" height=\"150\" src=\"https:\/\/www.arquimaster.com.ar\/web\/wp-content\/uploads\/2014\/11\/casa_ml2-150x150.jpg\" class=\"attachment-thumbnail size-thumbnail\" alt=\"\" aria-describedby=\"gallery-1-10985\" srcset=\"https:\/\/www.arquimaster.com.ar\/web\/wp-content\/uploads\/2014\/11\/casa_ml2-150x150.jpg 150w, https:\/\/www.arquimaster.com.ar\/web\/wp-content\/uploads\/2014\/11\/casa_ml2-50x50.jpg 50w, https:\/\/www.arquimaster.com.ar\/web\/wp-content\/uploads\/2014\/11\/casa_ml2-125x125.jpg 125w\" sizes=\"auto, (max-width: 150px) 100vw, 150px\" \/><\/a>\n\t\t\t<\/div>\n\t\t\t\t<figcaption class='wp-caption-text gallery-caption' id='gallery-1-10985'>\n\t\t\t\tCasa ML \/ Agraz Arquitectos + Di Vece y Asociados (\u00a9 Mito Covarrubias)\n\t\t\t\t<\/figcaption><\/figure><figure class='gallery-item'>\n\t\t\t<div class='gallery-icon portrait'>\n\t\t\t\t<a href='https:\/\/www.arquimaster.com.ar\/web\/wp-content\/uploads\/2014\/11\/casa_ml3.jpg' title=\"Casa ML \/ Agraz Arquitectos + Di Vece y Asociados (\u00a9 Mito Covarrubias)\" data-rl_title=\"Casa ML \/ Agraz Arquitectos + Di Vece y Asociados (\u00a9 Mito Covarrubias)\" class=\"rl-gallery-link\" data-rl_caption=\"Casa ML \/ Agraz Arquitectos + Di Vece y Asociados (\u00a9 Mito Covarrubias)\" data-rel=\"lightbox-gallery-1\"><img loading=\"lazy\" decoding=\"async\" width=\"150\" height=\"150\" src=\"https:\/\/www.arquimaster.com.ar\/web\/wp-content\/uploads\/2014\/11\/casa_ml3-150x150.jpg\" class=\"attachment-thumbnail size-thumbnail\" alt=\"\" aria-describedby=\"gallery-1-10986\" srcset=\"https:\/\/www.arquimaster.com.ar\/web\/wp-content\/uploads\/2014\/11\/casa_ml3-150x150.jpg 150w, https:\/\/www.arquimaster.com.ar\/web\/wp-content\/uploads\/2014\/11\/casa_ml3-50x50.jpg 50w, https:\/\/www.arquimaster.com.ar\/web\/wp-content\/uploads\/2014\/11\/casa_ml3-125x125.jpg 125w\" sizes=\"auto, (max-width: 150px) 100vw, 150px\" \/><\/a>\n\t\t\t<\/div>\n\t\t\t\t<figcaption class='wp-caption-text gallery-caption' id='gallery-1-10986'>\n\t\t\t\tCasa ML \/ Agraz Arquitectos + Di Vece y Asociados (\u00a9 Mito Covarrubias)\n\t\t\t\t<\/figcaption><\/figure><figure class='gallery-item'>\n\t\t\t<div class='gallery-icon landscape'>\n\t\t\t\t<a href='https:\/\/www.arquimaster.com.ar\/web\/wp-content\/uploads\/2014\/11\/casa_ml4.jpg' title=\"Casa ML \/ Agraz Arquitectos + Di Vece y Asociados (\u00a9 Mito Covarrubias)\" data-rl_title=\"Casa ML \/ Agraz Arquitectos + Di Vece y Asociados (\u00a9 Mito Covarrubias)\" class=\"rl-gallery-link\" data-rl_caption=\"Casa ML \/ Agraz Arquitectos + Di Vece y Asociados (\u00a9 Mito Covarrubias)\" data-rel=\"lightbox-gallery-1\"><img loading=\"lazy\" decoding=\"async\" width=\"150\" height=\"150\" src=\"https:\/\/www.arquimaster.com.ar\/web\/wp-content\/uploads\/2014\/11\/casa_ml4-150x150.jpg\" class=\"attachment-thumbnail size-thumbnail\" alt=\"\" aria-describedby=\"gallery-1-10987\" srcset=\"https:\/\/www.arquimaster.com.ar\/web\/wp-content\/uploads\/2014\/11\/casa_ml4-150x150.jpg 150w, https:\/\/www.arquimaster.com.ar\/web\/wp-content\/uploads\/2014\/11\/casa_ml4-50x50.jpg 50w, https:\/\/www.arquimaster.com.ar\/web\/wp-content\/uploads\/2014\/11\/casa_ml4-125x125.jpg 125w\" sizes=\"auto, (max-width: 150px) 100vw, 150px\" \/><\/a>\n\t\t\t<\/div>\n\t\t\t\t<figcaption class='wp-caption-text gallery-caption' id='gallery-1-10987'>\n\t\t\t\tCasa ML \/ Agraz Arquitectos + Di Vece y Asociados (\u00a9 Mito Covarrubias)\n\t\t\t\t<\/figcaption><\/figure><figure class='gallery-item'>\n\t\t\t<div class='gallery-icon portrait'>\n\t\t\t\t<a href='https:\/\/www.arquimaster.com.ar\/web\/wp-content\/uploads\/2014\/11\/casa_ml5.jpg' title=\"Casa ML \/ Agraz Arquitectos + Di Vece y Asociados (\u00a9 Mito Covarrubias)\" data-rl_title=\"Casa ML \/ Agraz Arquitectos + Di Vece y Asociados (\u00a9 Mito Covarrubias)\" class=\"rl-gallery-link\" data-rl_caption=\"Casa ML \/ Agraz Arquitectos + Di Vece y Asociados (\u00a9 Mito Covarrubias)\" data-rel=\"lightbox-gallery-1\"><img loading=\"lazy\" decoding=\"async\" width=\"150\" height=\"150\" src=\"https:\/\/www.arquimaster.com.ar\/web\/wp-content\/uploads\/2014\/11\/casa_ml5-150x150.jpg\" class=\"attachment-thumbnail size-thumbnail\" alt=\"\" aria-describedby=\"gallery-1-10988\" srcset=\"https:\/\/www.arquimaster.com.ar\/web\/wp-content\/uploads\/2014\/11\/casa_ml5-150x150.jpg 150w, https:\/\/www.arquimaster.com.ar\/web\/wp-content\/uploads\/2014\/11\/casa_ml5-50x50.jpg 50w, https:\/\/www.arquimaster.com.ar\/web\/wp-content\/uploads\/2014\/11\/casa_ml5-125x125.jpg 125w\" sizes=\"auto, (max-width: 150px) 100vw, 150px\" \/><\/a>\n\t\t\t<\/div>\n\t\t\t\t<figcaption class='wp-caption-text gallery-caption' id='gallery-1-10988'>\n\t\t\t\tCasa ML \/ Agraz Arquitectos + Di Vece y Asociados (\u00a9 Mito Covarrubias)\n\t\t\t\t<\/figcaption><\/figure><figure class='gallery-item'>\n\t\t\t<div class='gallery-icon landscape'>\n\t\t\t\t<a href='https:\/\/www.arquimaster.com.ar\/web\/wp-content\/uploads\/2014\/11\/casa_ml6.jpg' title=\"Casa ML \/ Agraz Arquitectos + Di Vece y Asociados (\u00a9 Mito Covarrubias)\" data-rl_title=\"Casa ML \/ Agraz Arquitectos + Di Vece y Asociados (\u00a9 Mito Covarrubias)\" class=\"rl-gallery-link\" data-rl_caption=\"Casa ML \/ Agraz Arquitectos + Di Vece y Asociados (\u00a9 Mito Covarrubias)\" data-rel=\"lightbox-gallery-1\"><img loading=\"lazy\" decoding=\"async\" width=\"150\" height=\"150\" src=\"https:\/\/www.arquimaster.com.ar\/web\/wp-content\/uploads\/2014\/11\/casa_ml6-150x150.jpg\" class=\"attachment-thumbnail size-thumbnail\" alt=\"\" aria-describedby=\"gallery-1-10989\" srcset=\"https:\/\/www.arquimaster.com.ar\/web\/wp-content\/uploads\/2014\/11\/casa_ml6-150x150.jpg 150w, https:\/\/www.arquimaster.com.ar\/web\/wp-content\/uploads\/2014\/11\/casa_ml6-50x50.jpg 50w, https:\/\/www.arquimaster.com.ar\/web\/wp-content\/uploads\/2014\/11\/casa_ml6-125x125.jpg 125w\" sizes=\"auto, (max-width: 150px) 100vw, 150px\" \/><\/a>\n\t\t\t<\/div>\n\t\t\t\t<figcaption class='wp-caption-text gallery-caption' id='gallery-1-10989'>\n\t\t\t\tCasa ML \/ Agraz Arquitectos + Di Vece y Asociados (\u00a9 Mito Covarrubias)\n\t\t\t\t<\/figcaption><\/figure><figure class='gallery-item'>\n\t\t\t<div class='gallery-icon landscape'>\n\t\t\t\t<a href='https:\/\/www.arquimaster.com.ar\/web\/wp-content\/uploads\/2014\/11\/casa_ml7.jpg' title=\"Casa ML \/ Agraz Arquitectos + Di Vece y Asociados (\u00a9 Mito Covarrubias)\" data-rl_title=\"Casa ML \/ Agraz Arquitectos + Di Vece y Asociados (\u00a9 Mito Covarrubias)\" class=\"rl-gallery-link\" data-rl_caption=\"Casa ML \/ Agraz Arquitectos + Di Vece y Asociados (\u00a9 Mito Covarrubias)\" data-rel=\"lightbox-gallery-1\"><img loading=\"lazy\" decoding=\"async\" width=\"150\" height=\"150\" src=\"https:\/\/www.arquimaster.com.ar\/web\/wp-content\/uploads\/2014\/11\/casa_ml7-150x150.jpg\" class=\"attachment-thumbnail size-thumbnail\" alt=\"\" aria-describedby=\"gallery-1-10990\" srcset=\"https:\/\/www.arquimaster.com.ar\/web\/wp-content\/uploads\/2014\/11\/casa_ml7-150x150.jpg 150w, https:\/\/www.arquimaster.com.ar\/web\/wp-content\/uploads\/2014\/11\/casa_ml7-50x50.jpg 50w, https:\/\/www.arquimaster.com.ar\/web\/wp-content\/uploads\/2014\/11\/casa_ml7-125x125.jpg 125w\" sizes=\"auto, (max-width: 150px) 100vw, 150px\" \/><\/a>\n\t\t\t<\/div>\n\t\t\t\t<figcaption class='wp-caption-text gallery-caption' id='gallery-1-10990'>\n\t\t\t\tCasa ML \/ Agraz Arquitectos + Di Vece y Asociados (\u00a9 Mito Covarrubias)\n\t\t\t\t<\/figcaption><\/figure><figure class='gallery-item'>\n\t\t\t<div class='gallery-icon portrait'>\n\t\t\t\t<a href='https:\/\/www.arquimaster.com.ar\/web\/wp-content\/uploads\/2014\/11\/casa_ml8.jpg' title=\"Casa ML \/ Agraz Arquitectos + Di Vece y Asociados (\u00a9 Mito Covarrubias)\" data-rl_title=\"Casa ML \/ Agraz Arquitectos + Di Vece y Asociados (\u00a9 Mito Covarrubias)\" class=\"rl-gallery-link\" data-rl_caption=\"Casa ML \/ Agraz Arquitectos + Di Vece y Asociados (\u00a9 Mito Covarrubias)\" data-rel=\"lightbox-gallery-1\"><img loading=\"lazy\" decoding=\"async\" width=\"150\" height=\"150\" src=\"https:\/\/www.arquimaster.com.ar\/web\/wp-content\/uploads\/2014\/11\/casa_ml8-150x150.jpg\" class=\"attachment-thumbnail size-thumbnail\" alt=\"\" aria-describedby=\"gallery-1-10991\" srcset=\"https:\/\/www.arquimaster.com.ar\/web\/wp-content\/uploads\/2014\/11\/casa_ml8-150x150.jpg 150w, https:\/\/www.arquimaster.com.ar\/web\/wp-content\/uploads\/2014\/11\/casa_ml8-50x50.jpg 50w, https:\/\/www.arquimaster.com.ar\/web\/wp-content\/uploads\/2014\/11\/casa_ml8-125x125.jpg 125w\" sizes=\"auto, (max-width: 150px) 100vw, 150px\" \/><\/a>\n\t\t\t<\/div>\n\t\t\t\t<figcaption class='wp-caption-text gallery-caption' id='gallery-1-10991'>\n\t\t\t\tCasa ML \/ Agraz Arquitectos + Di Vece y Asociados (\u00a9 Mito Covarrubias)\n\t\t\t\t<\/figcaption><\/figure><figure class='gallery-item'>\n\t\t\t<div class='gallery-icon landscape'>\n\t\t\t\t<a href='https:\/\/www.arquimaster.com.ar\/web\/wp-content\/uploads\/2014\/11\/casa_ml9.jpg' title=\"Casa ML \/ Agraz Arquitectos + Di Vece y Asociados (\u00a9 Mito Covarrubias)\" data-rl_title=\"Casa ML \/ Agraz Arquitectos + Di Vece y Asociados (\u00a9 Mito Covarrubias)\" class=\"rl-gallery-link\" data-rl_caption=\"Casa ML \/ Agraz Arquitectos + Di Vece y Asociados (\u00a9 Mito Covarrubias)\" data-rel=\"lightbox-gallery-1\"><img loading=\"lazy\" decoding=\"async\" width=\"150\" height=\"150\" src=\"https:\/\/www.arquimaster.com.ar\/web\/wp-content\/uploads\/2014\/11\/casa_ml9-150x150.jpg\" class=\"attachment-thumbnail size-thumbnail\" alt=\"\" aria-describedby=\"gallery-1-10992\" srcset=\"https:\/\/www.arquimaster.com.ar\/web\/wp-content\/uploads\/2014\/11\/casa_ml9-150x150.jpg 150w, https:\/\/www.arquimaster.com.ar\/web\/wp-content\/uploads\/2014\/11\/casa_ml9-50x50.jpg 50w, https:\/\/www.arquimaster.com.ar\/web\/wp-content\/uploads\/2014\/11\/casa_ml9-125x125.jpg 125w\" sizes=\"auto, (max-width: 150px) 100vw, 150px\" \/><\/a>\n\t\t\t<\/div>\n\t\t\t\t<figcaption class='wp-caption-text gallery-caption' id='gallery-1-10992'>\n\t\t\t\tCasa ML \/ Agraz Arquitectos + Di Vece y Asociados (\u00a9 Mito Covarrubias)\n\t\t\t\t<\/figcaption><\/figure><figure class='gallery-item'>\n\t\t\t<div class='gallery-icon landscape'>\n\t\t\t\t<a href='https:\/\/www.arquimaster.com.ar\/web\/wp-content\/uploads\/2014\/11\/casa_ml10.jpg' title=\"Casa ML \/ Agraz Arquitectos + Di Vece y Asociados (\u00a9 Mito Covarrubias)\" data-rl_title=\"Casa ML \/ Agraz Arquitectos + Di Vece y Asociados (\u00a9 Mito Covarrubias)\" class=\"rl-gallery-link\" data-rl_caption=\"Casa ML \/ Agraz Arquitectos + Di Vece y Asociados (\u00a9 Mito Covarrubias)\" data-rel=\"lightbox-gallery-1\"><img loading=\"lazy\" decoding=\"async\" width=\"150\" height=\"150\" src=\"https:\/\/www.arquimaster.com.ar\/web\/wp-content\/uploads\/2014\/11\/casa_ml10-150x150.jpg\" class=\"attachment-thumbnail size-thumbnail\" alt=\"\" aria-describedby=\"gallery-1-10993\" srcset=\"https:\/\/www.arquimaster.com.ar\/web\/wp-content\/uploads\/2014\/11\/casa_ml10-150x150.jpg 150w, https:\/\/www.arquimaster.com.ar\/web\/wp-content\/uploads\/2014\/11\/casa_ml10-50x50.jpg 50w, https:\/\/www.arquimaster.com.ar\/web\/wp-content\/uploads\/2014\/11\/casa_ml10-125x125.jpg 125w\" sizes=\"auto, (max-width: 150px) 100vw, 150px\" \/><\/a>\n\t\t\t<\/div>\n\t\t\t\t<figcaption class='wp-caption-text gallery-caption' id='gallery-1-10993'>\n\t\t\t\tCasa ML \/ Agraz Arquitectos + Di Vece y Asociados (\u00a9 Mito Covarrubias)\n\t\t\t\t<\/figcaption><\/figure><figure class='gallery-item'>\n\t\t\t<div class='gallery-icon landscape'>\n\t\t\t\t<a href='https:\/\/www.arquimaster.com.ar\/web\/wp-content\/uploads\/2014\/11\/casa_ml11.jpg' title=\"Casa ML \/ Agraz Arquitectos + Di Vece y Asociados (\u00a9 Mito Covarrubias)\" data-rl_title=\"Casa ML \/ Agraz Arquitectos + Di Vece y Asociados (\u00a9 Mito Covarrubias)\" class=\"rl-gallery-link\" data-rl_caption=\"Casa ML \/ Agraz Arquitectos + Di Vece y Asociados (\u00a9 Mito Covarrubias)\" data-rel=\"lightbox-gallery-1\"><img loading=\"lazy\" decoding=\"async\" width=\"150\" height=\"150\" src=\"https:\/\/www.arquimaster.com.ar\/web\/wp-content\/uploads\/2014\/11\/casa_ml11-150x150.jpg\" class=\"attachment-thumbnail size-thumbnail\" alt=\"\" aria-describedby=\"gallery-1-10994\" srcset=\"https:\/\/www.arquimaster.com.ar\/web\/wp-content\/uploads\/2014\/11\/casa_ml11-150x150.jpg 150w, https:\/\/www.arquimaster.com.ar\/web\/wp-content\/uploads\/2014\/11\/casa_ml11-50x50.jpg 50w, https:\/\/www.arquimaster.com.ar\/web\/wp-content\/uploads\/2014\/11\/casa_ml11-125x125.jpg 125w\" sizes=\"auto, (max-width: 150px) 100vw, 150px\" \/><\/a>\n\t\t\t<\/div>\n\t\t\t\t<figcaption class='wp-caption-text gallery-caption' id='gallery-1-10994'>\n\t\t\t\tCasa ML \/ Agraz Arquitectos + Di Vece y Asociados (\u00a9 Mito Covarrubias)\n\t\t\t\t<\/figcaption><\/figure><figure class='gallery-item'>\n\t\t\t<div class='gallery-icon landscape'>\n\t\t\t\t<a href='https:\/\/www.arquimaster.com.ar\/web\/wp-content\/uploads\/2014\/11\/casa_ml12.jpg' title=\"Casa ML \/ Agraz Arquitectos + Di Vece y Asociados (\u00a9 Mito Covarrubias)\" data-rl_title=\"Casa ML \/ Agraz Arquitectos + Di Vece y Asociados (\u00a9 Mito Covarrubias)\" class=\"rl-gallery-link\" data-rl_caption=\"Casa ML \/ Agraz Arquitectos + Di Vece y Asociados (\u00a9 Mito Covarrubias)\" data-rel=\"lightbox-gallery-1\"><img loading=\"lazy\" decoding=\"async\" width=\"150\" height=\"150\" src=\"https:\/\/www.arquimaster.com.ar\/web\/wp-content\/uploads\/2014\/11\/casa_ml12-150x150.jpg\" class=\"attachment-thumbnail size-thumbnail\" alt=\"\" aria-describedby=\"gallery-1-10995\" srcset=\"https:\/\/www.arquimaster.com.ar\/web\/wp-content\/uploads\/2014\/11\/casa_ml12-150x150.jpg 150w, https:\/\/www.arquimaster.com.ar\/web\/wp-content\/uploads\/2014\/11\/casa_ml12-50x50.jpg 50w, https:\/\/www.arquimaster.com.ar\/web\/wp-content\/uploads\/2014\/11\/casa_ml12-125x125.jpg 125w\" sizes=\"auto, (max-width: 150px) 100vw, 150px\" \/><\/a>\n\t\t\t<\/div>\n\t\t\t\t<figcaption class='wp-caption-text gallery-caption' id='gallery-1-10995'>\n\t\t\t\tCasa ML \/ Agraz Arquitectos + Di Vece y Asociados (\u00a9 Mito Covarrubias)\n\t\t\t\t<\/figcaption><\/figure><figure class='gallery-item'>\n\t\t\t<div class='gallery-icon landscape'>\n\t\t\t\t<a href='https:\/\/www.arquimaster.com.ar\/web\/wp-content\/uploads\/2014\/11\/casa_ml13.jpg' title=\"Casa ML \/ Agraz Arquitectos + Di Vece y Asociados (\u00a9 Mito Covarrubias)\" data-rl_title=\"Casa ML \/ Agraz Arquitectos + Di Vece y Asociados (\u00a9 Mito Covarrubias)\" class=\"rl-gallery-link\" data-rl_caption=\"Casa ML \/ Agraz Arquitectos + Di Vece y Asociados (\u00a9 Mito Covarrubias)\" data-rel=\"lightbox-gallery-1\"><img loading=\"lazy\" decoding=\"async\" width=\"150\" height=\"150\" src=\"https:\/\/www.arquimaster.com.ar\/web\/wp-content\/uploads\/2014\/11\/casa_ml13-150x150.jpg\" class=\"attachment-thumbnail size-thumbnail\" alt=\"\" aria-describedby=\"gallery-1-10996\" srcset=\"https:\/\/www.arquimaster.com.ar\/web\/wp-content\/uploads\/2014\/11\/casa_ml13-150x150.jpg 150w, https:\/\/www.arquimaster.com.ar\/web\/wp-content\/uploads\/2014\/11\/casa_ml13-50x50.jpg 50w, https:\/\/www.arquimaster.com.ar\/web\/wp-content\/uploads\/2014\/11\/casa_ml13-125x125.jpg 125w\" sizes=\"auto, (max-width: 150px) 100vw, 150px\" \/><\/a>\n\t\t\t<\/div>\n\t\t\t\t<figcaption class='wp-caption-text gallery-caption' id='gallery-1-10996'>\n\t\t\t\tCasa ML \/ Agraz Arquitectos + Di Vece y Asociados (\u00a9 Mito Covarrubias)\n\t\t\t\t<\/figcaption><\/figure><figure class='gallery-item'>\n\t\t\t<div class='gallery-icon landscape'>\n\t\t\t\t<a href='https:\/\/www.arquimaster.com.ar\/web\/wp-content\/uploads\/2014\/11\/casa_ml14.jpg' title=\"Casa ML \/ Agraz Arquitectos + Di Vece y Asociados (\u00a9 Mito Covarrubias)\" data-rl_title=\"Casa ML \/ Agraz Arquitectos + Di Vece y Asociados (\u00a9 Mito Covarrubias)\" class=\"rl-gallery-link\" data-rl_caption=\"Casa ML \/ Agraz Arquitectos + Di Vece y Asociados (\u00a9 Mito Covarrubias)\" data-rel=\"lightbox-gallery-1\"><img loading=\"lazy\" decoding=\"async\" width=\"150\" height=\"150\" src=\"https:\/\/www.arquimaster.com.ar\/web\/wp-content\/uploads\/2014\/11\/casa_ml14-150x150.jpg\" class=\"attachment-thumbnail size-thumbnail\" alt=\"\" aria-describedby=\"gallery-1-10997\" srcset=\"https:\/\/www.arquimaster.com.ar\/web\/wp-content\/uploads\/2014\/11\/casa_ml14-150x150.jpg 150w, https:\/\/www.arquimaster.com.ar\/web\/wp-content\/uploads\/2014\/11\/casa_ml14-50x50.jpg 50w, https:\/\/www.arquimaster.com.ar\/web\/wp-content\/uploads\/2014\/11\/casa_ml14-125x125.jpg 125w\" sizes=\"auto, (max-width: 150px) 100vw, 150px\" \/><\/a>\n\t\t\t<\/div>\n\t\t\t\t<figcaption class='wp-caption-text gallery-caption' id='gallery-1-10997'>\n\t\t\t\tCasa ML \/ Agraz Arquitectos + Di Vece y Asociados (\u00a9 Mito Covarrubias)\n\t\t\t\t<\/figcaption><\/figure><figure class='gallery-item'>\n\t\t\t<div class='gallery-icon landscape'>\n\t\t\t\t<a href='https:\/\/www.arquimaster.com.ar\/web\/wp-content\/uploads\/2014\/11\/casa_ml15.jpg' title=\"Casa ML \/ Agraz Arquitectos + Di Vece y Asociados (\u00a9 Mito Covarrubias)\" data-rl_title=\"Casa ML \/ Agraz Arquitectos + Di Vece y Asociados (\u00a9 Mito Covarrubias)\" class=\"rl-gallery-link\" data-rl_caption=\"Casa ML \/ Agraz Arquitectos + Di Vece y Asociados (\u00a9 Mito Covarrubias)\" data-rel=\"lightbox-gallery-1\"><img loading=\"lazy\" decoding=\"async\" width=\"150\" height=\"150\" src=\"https:\/\/www.arquimaster.com.ar\/web\/wp-content\/uploads\/2014\/11\/casa_ml15-150x150.jpg\" class=\"attachment-thumbnail size-thumbnail\" alt=\"\" aria-describedby=\"gallery-1-10998\" srcset=\"https:\/\/www.arquimaster.com.ar\/web\/wp-content\/uploads\/2014\/11\/casa_ml15-150x150.jpg 150w, https:\/\/www.arquimaster.com.ar\/web\/wp-content\/uploads\/2014\/11\/casa_ml15-50x50.jpg 50w, https:\/\/www.arquimaster.com.ar\/web\/wp-content\/uploads\/2014\/11\/casa_ml15-125x125.jpg 125w\" sizes=\"auto, (max-width: 150px) 100vw, 150px\" \/><\/a>\n\t\t\t<\/div>\n\t\t\t\t<figcaption class='wp-caption-text gallery-caption' id='gallery-1-10998'>\n\t\t\t\tCasa ML \/ Agraz Arquitectos + Di Vece y Asociados (\u00a9 Mito Covarrubias)\n\t\t\t\t<\/figcaption><\/figure><figure class='gallery-item'>\n\t\t\t<div class='gallery-icon landscape'>\n\t\t\t\t<a href='https:\/\/www.arquimaster.com.ar\/web\/wp-content\/uploads\/2014\/11\/casa_ml16.jpg' title=\"Casa ML \/ Agraz Arquitectos + Di Vece y Asociados (\u00a9 Mito Covarrubias)\" data-rl_title=\"Casa ML \/ Agraz Arquitectos + Di Vece y Asociados (\u00a9 Mito Covarrubias)\" class=\"rl-gallery-link\" data-rl_caption=\"Casa ML \/ Agraz Arquitectos + Di Vece y Asociados (\u00a9 Mito Covarrubias)\" data-rel=\"lightbox-gallery-1\"><img loading=\"lazy\" decoding=\"async\" width=\"150\" height=\"150\" src=\"https:\/\/www.arquimaster.com.ar\/web\/wp-content\/uploads\/2014\/11\/casa_ml16-150x150.jpg\" class=\"attachment-thumbnail size-thumbnail\" alt=\"\" aria-describedby=\"gallery-1-10999\" srcset=\"https:\/\/www.arquimaster.com.ar\/web\/wp-content\/uploads\/2014\/11\/casa_ml16-150x150.jpg 150w, https:\/\/www.arquimaster.com.ar\/web\/wp-content\/uploads\/2014\/11\/casa_ml16-50x50.jpg 50w, https:\/\/www.arquimaster.com.ar\/web\/wp-content\/uploads\/2014\/11\/casa_ml16-125x125.jpg 125w\" sizes=\"auto, (max-width: 150px) 100vw, 150px\" \/><\/a>\n\t\t\t<\/div>\n\t\t\t\t<figcaption class='wp-caption-text gallery-caption' id='gallery-1-10999'>\n\t\t\t\tCasa ML \/ Agraz Arquitectos + Di Vece y Asociados (\u00a9 Mito Covarrubias)\n\t\t\t\t<\/figcaption><\/figure><figure class='gallery-item'>\n\t\t\t<div class='gallery-icon landscape'>\n\t\t\t\t<a href='https:\/\/www.arquimaster.com.ar\/web\/wp-content\/uploads\/2014\/11\/casa_ml17.jpg' title=\"Casa ML \/ Agraz Arquitectos + Di Vece y Asociados (\u00a9 Mito Covarrubias)\" data-rl_title=\"Casa ML \/ Agraz Arquitectos + Di Vece y Asociados (\u00a9 Mito Covarrubias)\" class=\"rl-gallery-link\" data-rl_caption=\"Casa ML \/ Agraz Arquitectos + Di Vece y Asociados (\u00a9 Mito Covarrubias)\" data-rel=\"lightbox-gallery-1\"><img loading=\"lazy\" decoding=\"async\" width=\"150\" height=\"150\" src=\"https:\/\/www.arquimaster.com.ar\/web\/wp-content\/uploads\/2014\/11\/casa_ml17-150x150.jpg\" class=\"attachment-thumbnail size-thumbnail\" alt=\"\" aria-describedby=\"gallery-1-11000\" srcset=\"https:\/\/www.arquimaster.com.ar\/web\/wp-content\/uploads\/2014\/11\/casa_ml17-150x150.jpg 150w, https:\/\/www.arquimaster.com.ar\/web\/wp-content\/uploads\/2014\/11\/casa_ml17-50x50.jpg 50w, https:\/\/www.arquimaster.com.ar\/web\/wp-content\/uploads\/2014\/11\/casa_ml17-125x125.jpg 125w\" sizes=\"auto, (max-width: 150px) 100vw, 150px\" \/><\/a>\n\t\t\t<\/div>\n\t\t\t\t<figcaption class='wp-caption-text gallery-caption' id='gallery-1-11000'>\n\t\t\t\tCasa ML \/ Agraz Arquitectos + Di Vece y Asociados (\u00a9 Mito Covarrubias)\n\t\t\t\t<\/figcaption><\/figure><figure class='gallery-item'>\n\t\t\t<div class='gallery-icon landscape'>\n\t\t\t\t<a href='https:\/\/www.arquimaster.com.ar\/web\/wp-content\/uploads\/2014\/11\/casa_ml18.jpg' title=\"Casa ML \/ Agraz Arquitectos + Di Vece y Asociados (\u00a9 Mito Covarrubias)\" data-rl_title=\"Casa ML \/ Agraz Arquitectos + Di Vece y Asociados (\u00a9 Mito Covarrubias)\" class=\"rl-gallery-link\" data-rl_caption=\"Casa ML \/ Agraz Arquitectos + Di Vece y Asociados (\u00a9 Mito Covarrubias)\" data-rel=\"lightbox-gallery-1\"><img loading=\"lazy\" decoding=\"async\" width=\"150\" height=\"150\" src=\"https:\/\/www.arquimaster.com.ar\/web\/wp-content\/uploads\/2014\/11\/casa_ml18-150x150.jpg\" class=\"attachment-thumbnail size-thumbnail\" alt=\"\" aria-describedby=\"gallery-1-11001\" srcset=\"https:\/\/www.arquimaster.com.ar\/web\/wp-content\/uploads\/2014\/11\/casa_ml18-150x150.jpg 150w, https:\/\/www.arquimaster.com.ar\/web\/wp-content\/uploads\/2014\/11\/casa_ml18-50x50.jpg 50w, https:\/\/www.arquimaster.com.ar\/web\/wp-content\/uploads\/2014\/11\/casa_ml18-125x125.jpg 125w\" sizes=\"auto, (max-width: 150px) 100vw, 150px\" \/><\/a>\n\t\t\t<\/div>\n\t\t\t\t<figcaption class='wp-caption-text gallery-caption' id='gallery-1-11001'>\n\t\t\t\tCasa ML \/ Agraz Arquitectos + Di Vece y Asociados (\u00a9 Mito Covarrubias)\n\t\t\t\t<\/figcaption><\/figure><figure class='gallery-item'>\n\t\t\t<div class='gallery-icon landscape'>\n\t\t\t\t<a href='https:\/\/www.arquimaster.com.ar\/web\/wp-content\/uploads\/2014\/11\/casa_ml19.jpg' title=\"Casa ML \/ Agraz Arquitectos + Di Vece y Asociados (\u00a9 Mito Covarrubias)\" data-rl_title=\"Casa ML \/ Agraz Arquitectos + Di Vece y Asociados (\u00a9 Mito Covarrubias)\" class=\"rl-gallery-link\" data-rl_caption=\"Casa ML \/ Agraz Arquitectos + Di Vece y Asociados (\u00a9 Mito Covarrubias)\" data-rel=\"lightbox-gallery-1\"><img loading=\"lazy\" decoding=\"async\" width=\"150\" height=\"150\" src=\"https:\/\/www.arquimaster.com.ar\/web\/wp-content\/uploads\/2014\/11\/casa_ml19-150x150.jpg\" class=\"attachment-thumbnail size-thumbnail\" alt=\"\" aria-describedby=\"gallery-1-11002\" srcset=\"https:\/\/www.arquimaster.com.ar\/web\/wp-content\/uploads\/2014\/11\/casa_ml19-150x150.jpg 150w, https:\/\/www.arquimaster.com.ar\/web\/wp-content\/uploads\/2014\/11\/casa_ml19-50x50.jpg 50w, https:\/\/www.arquimaster.com.ar\/web\/wp-content\/uploads\/2014\/11\/casa_ml19-125x125.jpg 125w\" sizes=\"auto, (max-width: 150px) 100vw, 150px\" \/><\/a>\n\t\t\t<\/div>\n\t\t\t\t<figcaption class='wp-caption-text gallery-caption' id='gallery-1-11002'>\n\t\t\t\tCasa ML \/ Agraz Arquitectos + Di Vece y Asociados (\u00a9 Mito Covarrubias)\n\t\t\t\t<\/figcaption><\/figure><figure class='gallery-item'>\n\t\t\t<div class='gallery-icon portrait'>\n\t\t\t\t<a href='https:\/\/www.arquimaster.com.ar\/web\/wp-content\/uploads\/2014\/11\/casa_ml20.jpg' title=\"Casa ML \/ Agraz Arquitectos + Di Vece y Asociados (\u00a9 Mito Covarrubias)\" data-rl_title=\"Casa ML \/ Agraz Arquitectos + Di Vece y Asociados (\u00a9 Mito Covarrubias)\" class=\"rl-gallery-link\" data-rl_caption=\"Casa ML \/ Agraz Arquitectos + Di Vece y Asociados (\u00a9 Mito Covarrubias)\" data-rel=\"lightbox-gallery-1\"><img loading=\"lazy\" decoding=\"async\" width=\"150\" height=\"150\" src=\"https:\/\/www.arquimaster.com.ar\/web\/wp-content\/uploads\/2014\/11\/casa_ml20-150x150.jpg\" class=\"attachment-thumbnail size-thumbnail\" alt=\"\" aria-describedby=\"gallery-1-11003\" srcset=\"https:\/\/www.arquimaster.com.ar\/web\/wp-content\/uploads\/2014\/11\/casa_ml20-150x150.jpg 150w, https:\/\/www.arquimaster.com.ar\/web\/wp-content\/uploads\/2014\/11\/casa_ml20-50x50.jpg 50w, https:\/\/www.arquimaster.com.ar\/web\/wp-content\/uploads\/2014\/11\/casa_ml20-125x125.jpg 125w\" sizes=\"auto, (max-width: 150px) 100vw, 150px\" \/><\/a>\n\t\t\t<\/div>\n\t\t\t\t<figcaption class='wp-caption-text gallery-caption' id='gallery-1-11003'>\n\t\t\t\tCasa ML \/ Agraz Arquitectos + Di Vece y Asociados (\u00a9 Mito Covarrubias)\n\t\t\t\t<\/figcaption><\/figure><figure class='gallery-item'>\n\t\t\t<div class='gallery-icon landscape'>\n\t\t\t\t<a href='https:\/\/www.arquimaster.com.ar\/web\/wp-content\/uploads\/2014\/11\/casa_ml21.jpg' title=\"Casa ML \/ Agraz Arquitectos + Di Vece y Asociados (\u00a9 Mito Covarrubias)\" data-rl_title=\"Casa ML \/ Agraz Arquitectos + Di Vece y Asociados (\u00a9 Mito Covarrubias)\" class=\"rl-gallery-link\" data-rl_caption=\"Casa ML \/ Agraz Arquitectos + Di Vece y Asociados (\u00a9 Mito Covarrubias)\" data-rel=\"lightbox-gallery-1\"><img loading=\"lazy\" decoding=\"async\" width=\"150\" height=\"150\" src=\"https:\/\/www.arquimaster.com.ar\/web\/wp-content\/uploads\/2014\/11\/casa_ml21-150x150.jpg\" class=\"attachment-thumbnail size-thumbnail\" alt=\"\" aria-describedby=\"gallery-1-11004\" srcset=\"https:\/\/www.arquimaster.com.ar\/web\/wp-content\/uploads\/2014\/11\/casa_ml21-150x150.jpg 150w, https:\/\/www.arquimaster.com.ar\/web\/wp-content\/uploads\/2014\/11\/casa_ml21-50x50.jpg 50w, https:\/\/www.arquimaster.com.ar\/web\/wp-content\/uploads\/2014\/11\/casa_ml21-125x125.jpg 125w\" sizes=\"auto, (max-width: 150px) 100vw, 150px\" \/><\/a>\n\t\t\t<\/div>\n\t\t\t\t<figcaption class='wp-caption-text gallery-caption' id='gallery-1-11004'>\n\t\t\t\tCasa ML \/ Agraz Arquitectos + Di Vece y Asociados (\u00a9 Mito Covarrubias)\n\t\t\t\t<\/figcaption><\/figure><figure class='gallery-item'>\n\t\t\t<div class='gallery-icon landscape'>\n\t\t\t\t<a href='https:\/\/www.arquimaster.com.ar\/web\/wp-content\/uploads\/2014\/11\/casa_ml22.jpg' title=\"Casa ML \/ Agraz Arquitectos + Di Vece y Asociados (\u00a9 Mito Covarrubias)\" data-rl_title=\"Casa ML \/ Agraz Arquitectos + Di Vece y Asociados (\u00a9 Mito Covarrubias)\" class=\"rl-gallery-link\" data-rl_caption=\"Casa ML \/ Agraz Arquitectos + Di Vece y Asociados (\u00a9 Mito Covarrubias)\" data-rel=\"lightbox-gallery-1\"><img loading=\"lazy\" decoding=\"async\" width=\"150\" height=\"150\" src=\"https:\/\/www.arquimaster.com.ar\/web\/wp-content\/uploads\/2014\/11\/casa_ml22-150x150.jpg\" class=\"attachment-thumbnail size-thumbnail\" alt=\"\" aria-describedby=\"gallery-1-11005\" srcset=\"https:\/\/www.arquimaster.com.ar\/web\/wp-content\/uploads\/2014\/11\/casa_ml22-150x150.jpg 150w, https:\/\/www.arquimaster.com.ar\/web\/wp-content\/uploads\/2014\/11\/casa_ml22-50x50.jpg 50w, https:\/\/www.arquimaster.com.ar\/web\/wp-content\/uploads\/2014\/11\/casa_ml22-125x125.jpg 125w\" sizes=\"auto, (max-width: 150px) 100vw, 150px\" \/><\/a>\n\t\t\t<\/div>\n\t\t\t\t<figcaption class='wp-caption-text gallery-caption' id='gallery-1-11005'>\n\t\t\t\tCasa ML \/ Agraz Arquitectos + Di Vece y Asociados (\u00a9 Mito Covarrubias)\n\t\t\t\t<\/figcaption><\/figure><figure class='gallery-item'>\n\t\t\t<div class='gallery-icon landscape'>\n\t\t\t\t<a href='https:\/\/www.arquimaster.com.ar\/web\/wp-content\/uploads\/2014\/11\/casa_ml23.jpg' title=\"Casa ML \/ Agraz Arquitectos + Di Vece y Asociados (\u00a9 Mito Covarrubias)\" data-rl_title=\"Casa ML \/ Agraz Arquitectos + Di Vece y Asociados (\u00a9 Mito Covarrubias)\" class=\"rl-gallery-link\" data-rl_caption=\"Casa ML \/ Agraz Arquitectos + Di Vece y Asociados (\u00a9 Mito Covarrubias)\" data-rel=\"lightbox-gallery-1\"><img loading=\"lazy\" decoding=\"async\" width=\"150\" height=\"150\" src=\"https:\/\/www.arquimaster.com.ar\/web\/wp-content\/uploads\/2014\/11\/casa_ml23-150x150.jpg\" class=\"attachment-thumbnail size-thumbnail\" alt=\"\" aria-describedby=\"gallery-1-11006\" srcset=\"https:\/\/www.arquimaster.com.ar\/web\/wp-content\/uploads\/2014\/11\/casa_ml23-150x150.jpg 150w, https:\/\/www.arquimaster.com.ar\/web\/wp-content\/uploads\/2014\/11\/casa_ml23-50x50.jpg 50w, https:\/\/www.arquimaster.com.ar\/web\/wp-content\/uploads\/2014\/11\/casa_ml23-125x125.jpg 125w\" sizes=\"auto, (max-width: 150px) 100vw, 150px\" \/><\/a>\n\t\t\t<\/div>\n\t\t\t\t<figcaption class='wp-caption-text gallery-caption' id='gallery-1-11006'>\n\t\t\t\tCasa ML \/ Agraz Arquitectos + Di Vece y Asociados (\u00a9 Mito Covarrubias)\n\t\t\t\t<\/figcaption><\/figure><figure class='gallery-item'>\n\t\t\t<div class='gallery-icon landscape'>\n\t\t\t\t<a href='https:\/\/www.arquimaster.com.ar\/web\/wp-content\/uploads\/2014\/11\/casa_ml24.jpg' title=\"Casa ML \/ Agraz Arquitectos + Di Vece y Asociados (\u00a9 Mito Covarrubias)\" data-rl_title=\"Casa ML \/ Agraz Arquitectos + Di Vece y Asociados (\u00a9 Mito Covarrubias)\" class=\"rl-gallery-link\" data-rl_caption=\"Casa ML \/ Agraz Arquitectos + Di Vece y Asociados (\u00a9 Mito Covarrubias)\" data-rel=\"lightbox-gallery-1\"><img loading=\"lazy\" decoding=\"async\" width=\"150\" height=\"150\" src=\"https:\/\/www.arquimaster.com.ar\/web\/wp-content\/uploads\/2014\/11\/casa_ml24-150x150.jpg\" class=\"attachment-thumbnail size-thumbnail\" alt=\"\" aria-describedby=\"gallery-1-11007\" srcset=\"https:\/\/www.arquimaster.com.ar\/web\/wp-content\/uploads\/2014\/11\/casa_ml24-150x150.jpg 150w, https:\/\/www.arquimaster.com.ar\/web\/wp-content\/uploads\/2014\/11\/casa_ml24-50x50.jpg 50w, https:\/\/www.arquimaster.com.ar\/web\/wp-content\/uploads\/2014\/11\/casa_ml24-125x125.jpg 125w\" sizes=\"auto, (max-width: 150px) 100vw, 150px\" \/><\/a>\n\t\t\t<\/div>\n\t\t\t\t<figcaption class='wp-caption-text gallery-caption' id='gallery-1-11007'>\n\t\t\t\tCasa ML \/ Agraz Arquitectos + Di Vece y Asociados (\u00a9 Mito Covarrubias)\n\t\t\t\t<\/figcaption><\/figure><figure class='gallery-item'>\n\t\t\t<div class='gallery-icon portrait'>\n\t\t\t\t<a href='https:\/\/www.arquimaster.com.ar\/web\/wp-content\/uploads\/2014\/11\/casa_ml25.jpg' title=\"Casa ML \/ Agraz Arquitectos + Di Vece y Asociados (\u00a9 Mito Covarrubias)\" data-rl_title=\"Casa ML \/ Agraz Arquitectos + Di Vece y Asociados (\u00a9 Mito Covarrubias)\" class=\"rl-gallery-link\" data-rl_caption=\"Casa ML \/ Agraz Arquitectos + Di Vece y Asociados (\u00a9 Mito Covarrubias)\" data-rel=\"lightbox-gallery-1\"><img loading=\"lazy\" decoding=\"async\" width=\"150\" height=\"150\" src=\"https:\/\/www.arquimaster.com.ar\/web\/wp-content\/uploads\/2014\/11\/casa_ml25-150x150.jpg\" class=\"attachment-thumbnail size-thumbnail\" alt=\"\" aria-describedby=\"gallery-1-11008\" srcset=\"https:\/\/www.arquimaster.com.ar\/web\/wp-content\/uploads\/2014\/11\/casa_ml25-150x150.jpg 150w, https:\/\/www.arquimaster.com.ar\/web\/wp-content\/uploads\/2014\/11\/casa_ml25-50x50.jpg 50w, https:\/\/www.arquimaster.com.ar\/web\/wp-content\/uploads\/2014\/11\/casa_ml25-125x125.jpg 125w\" sizes=\"auto, (max-width: 150px) 100vw, 150px\" \/><\/a>\n\t\t\t<\/div>\n\t\t\t\t<figcaption class='wp-caption-text gallery-caption' id='gallery-1-11008'>\n\t\t\t\tCasa ML \/ Agraz Arquitectos + Di Vece y Asociados (\u00a9 Mito Covarrubias)\n\t\t\t\t<\/figcaption><\/figure><figure class='gallery-item'>\n\t\t\t<div class='gallery-icon portrait'>\n\t\t\t\t<a href='https:\/\/www.arquimaster.com.ar\/web\/wp-content\/uploads\/2014\/11\/casa_ml26.jpg' title=\"Casa ML \/ Agraz Arquitectos + Di Vece y Asociados (\u00a9 Mito Covarrubias)\" data-rl_title=\"Casa ML \/ Agraz Arquitectos + Di Vece y Asociados (\u00a9 Mito Covarrubias)\" class=\"rl-gallery-link\" data-rl_caption=\"Casa ML \/ Agraz Arquitectos + Di Vece y Asociados (\u00a9 Mito Covarrubias)\" data-rel=\"lightbox-gallery-1\"><img loading=\"lazy\" decoding=\"async\" width=\"150\" height=\"150\" src=\"https:\/\/www.arquimaster.com.ar\/web\/wp-content\/uploads\/2014\/11\/casa_ml26-150x150.jpg\" class=\"attachment-thumbnail size-thumbnail\" alt=\"\" aria-describedby=\"gallery-1-11009\" srcset=\"https:\/\/www.arquimaster.com.ar\/web\/wp-content\/uploads\/2014\/11\/casa_ml26-150x150.jpg 150w, https:\/\/www.arquimaster.com.ar\/web\/wp-content\/uploads\/2014\/11\/casa_ml26-50x50.jpg 50w, https:\/\/www.arquimaster.com.ar\/web\/wp-content\/uploads\/2014\/11\/casa_ml26-125x125.jpg 125w\" sizes=\"auto, (max-width: 150px) 100vw, 150px\" \/><\/a>\n\t\t\t<\/div>\n\t\t\t\t<figcaption class='wp-caption-text gallery-caption' id='gallery-1-11009'>\n\t\t\t\tCasa ML \/ Agraz Arquitectos + Di Vece y Asociados (\u00a9 Mito Covarrubias)\n\t\t\t\t<\/figcaption><\/figure><figure class='gallery-item'>\n\t\t\t<div class='gallery-icon portrait'>\n\t\t\t\t<a href='https:\/\/www.arquimaster.com.ar\/web\/wp-content\/uploads\/2014\/11\/casa_ml27.jpg' title=\"Casa ML \/ Agraz Arquitectos + Di Vece y Asociados (\u00a9 Mito Covarrubias)\" data-rl_title=\"Casa ML \/ Agraz Arquitectos + Di Vece y Asociados (\u00a9 Mito Covarrubias)\" class=\"rl-gallery-link\" data-rl_caption=\"Casa ML \/ Agraz Arquitectos + Di Vece y Asociados (\u00a9 Mito Covarrubias)\" data-rel=\"lightbox-gallery-1\"><img loading=\"lazy\" decoding=\"async\" width=\"150\" height=\"150\" src=\"https:\/\/www.arquimaster.com.ar\/web\/wp-content\/uploads\/2014\/11\/casa_ml27-150x150.jpg\" class=\"attachment-thumbnail size-thumbnail\" alt=\"\" aria-describedby=\"gallery-1-11010\" srcset=\"https:\/\/www.arquimaster.com.ar\/web\/wp-content\/uploads\/2014\/11\/casa_ml27-150x150.jpg 150w, https:\/\/www.arquimaster.com.ar\/web\/wp-content\/uploads\/2014\/11\/casa_ml27-50x50.jpg 50w, https:\/\/www.arquimaster.com.ar\/web\/wp-content\/uploads\/2014\/11\/casa_ml27-125x125.jpg 125w\" sizes=\"auto, (max-width: 150px) 100vw, 150px\" \/><\/a>\n\t\t\t<\/div>\n\t\t\t\t<figcaption class='wp-caption-text gallery-caption' id='gallery-1-11010'>\n\t\t\t\tCasa ML \/ Agraz Arquitectos + Di Vece y Asociados (\u00a9 Mito Covarrubias)\n\t\t\t\t<\/figcaption><\/figure><figure class='gallery-item'>\n\t\t\t<div class='gallery-icon portrait'>\n\t\t\t\t<a href='https:\/\/www.arquimaster.com.ar\/web\/wp-content\/uploads\/2014\/11\/casa_ml28.jpg' title=\"Casa ML \/ Agraz Arquitectos + Di Vece y Asociados (\u00a9 Mito Covarrubias)\" data-rl_title=\"Casa ML \/ Agraz Arquitectos + Di Vece y Asociados (\u00a9 Mito Covarrubias)\" class=\"rl-gallery-link\" data-rl_caption=\"Casa ML \/ Agraz Arquitectos + Di Vece y Asociados (\u00a9 Mito Covarrubias)\" data-rel=\"lightbox-gallery-1\"><img loading=\"lazy\" decoding=\"async\" width=\"150\" height=\"150\" src=\"https:\/\/www.arquimaster.com.ar\/web\/wp-content\/uploads\/2014\/11\/casa_ml28-150x150.jpg\" class=\"attachment-thumbnail size-thumbnail\" alt=\"\" aria-describedby=\"gallery-1-11011\" srcset=\"https:\/\/www.arquimaster.com.ar\/web\/wp-content\/uploads\/2014\/11\/casa_ml28-150x150.jpg 150w, https:\/\/www.arquimaster.com.ar\/web\/wp-content\/uploads\/2014\/11\/casa_ml28-50x50.jpg 50w, https:\/\/www.arquimaster.com.ar\/web\/wp-content\/uploads\/2014\/11\/casa_ml28-125x125.jpg 125w\" sizes=\"auto, (max-width: 150px) 100vw, 150px\" \/><\/a>\n\t\t\t<\/div>\n\t\t\t\t<figcaption class='wp-caption-text gallery-caption' id='gallery-1-11011'>\n\t\t\t\tCasa ML \/ Agraz Arquitectos + Di Vece y Asociados (\u00a9 Mito Covarrubias)\n\t\t\t\t<\/figcaption><\/figure><figure class='gallery-item'>\n\t\t\t<div class='gallery-icon portrait'>\n\t\t\t\t<a href='https:\/\/www.arquimaster.com.ar\/web\/wp-content\/uploads\/2014\/11\/casa_ml29.jpg' title=\"Casa ML \/ Agraz Arquitectos + Di Vece y Asociados (\u00a9 Mito Covarrubias)\" data-rl_title=\"Casa ML \/ Agraz Arquitectos + Di Vece y Asociados (\u00a9 Mito Covarrubias)\" class=\"rl-gallery-link\" data-rl_caption=\"Casa ML \/ Agraz Arquitectos + Di Vece y Asociados (\u00a9 Mito Covarrubias)\" data-rel=\"lightbox-gallery-1\"><img loading=\"lazy\" decoding=\"async\" width=\"150\" height=\"150\" src=\"https:\/\/www.arquimaster.com.ar\/web\/wp-content\/uploads\/2014\/11\/casa_ml29-150x150.jpg\" class=\"attachment-thumbnail size-thumbnail\" alt=\"\" aria-describedby=\"gallery-1-11012\" srcset=\"https:\/\/www.arquimaster.com.ar\/web\/wp-content\/uploads\/2014\/11\/casa_ml29-150x150.jpg 150w, https:\/\/www.arquimaster.com.ar\/web\/wp-content\/uploads\/2014\/11\/casa_ml29-50x50.jpg 50w, https:\/\/www.arquimaster.com.ar\/web\/wp-content\/uploads\/2014\/11\/casa_ml29-125x125.jpg 125w\" sizes=\"auto, (max-width: 150px) 100vw, 150px\" \/><\/a>\n\t\t\t<\/div>\n\t\t\t\t<figcaption class='wp-caption-text gallery-caption' id='gallery-1-11012'>\n\t\t\t\tCasa ML \/ Agraz Arquitectos + Di Vece y Asociados (\u00a9 Mito Covarrubias)\n\t\t\t\t<\/figcaption><\/figure><figure class='gallery-item'>\n\t\t\t<div class='gallery-icon portrait'>\n\t\t\t\t<a href='https:\/\/www.arquimaster.com.ar\/web\/wp-content\/uploads\/2014\/11\/casa_ml30.jpg' title=\"Casa ML \/ Agraz Arquitectos + Di Vece y Asociados (\u00a9 Mito Covarrubias)\" data-rl_title=\"Casa ML \/ Agraz Arquitectos + Di Vece y Asociados (\u00a9 Mito Covarrubias)\" class=\"rl-gallery-link\" data-rl_caption=\"Casa ML \/ Agraz Arquitectos + Di Vece y Asociados (\u00a9 Mito Covarrubias)\" data-rel=\"lightbox-gallery-1\"><img loading=\"lazy\" decoding=\"async\" width=\"150\" height=\"150\" src=\"https:\/\/www.arquimaster.com.ar\/web\/wp-content\/uploads\/2014\/11\/casa_ml30-150x150.jpg\" class=\"attachment-thumbnail size-thumbnail\" alt=\"\" aria-describedby=\"gallery-1-11013\" srcset=\"https:\/\/www.arquimaster.com.ar\/web\/wp-content\/uploads\/2014\/11\/casa_ml30-150x150.jpg 150w, https:\/\/www.arquimaster.com.ar\/web\/wp-content\/uploads\/2014\/11\/casa_ml30-50x50.jpg 50w, https:\/\/www.arquimaster.com.ar\/web\/wp-content\/uploads\/2014\/11\/casa_ml30-125x125.jpg 125w\" sizes=\"auto, (max-width: 150px) 100vw, 150px\" \/><\/a>\n\t\t\t<\/div>\n\t\t\t\t<figcaption class='wp-caption-text gallery-caption' id='gallery-1-11013'>\n\t\t\t\tCasa ML \/ Agraz Arquitectos + Di Vece y Asociados (\u00a9 Mito Covarrubias)\n\t\t\t\t<\/figcaption><\/figure><figure class='gallery-item'>\n\t\t\t<div class='gallery-icon landscape'>\n\t\t\t\t<a href='https:\/\/www.arquimaster.com.ar\/web\/wp-content\/uploads\/2014\/11\/casa_ml31.jpg' title=\"Casa ML \/ Agraz Arquitectos + Di Vece y Asociados (\u00a9 Mito Covarrubias)\" data-rl_title=\"Casa ML \/ Agraz Arquitectos + Di Vece y Asociados (\u00a9 Mito Covarrubias)\" class=\"rl-gallery-link\" data-rl_caption=\"Casa ML \/ Agraz Arquitectos + Di Vece y Asociados (\u00a9 Mito Covarrubias)\" data-rel=\"lightbox-gallery-1\"><img loading=\"lazy\" decoding=\"async\" width=\"150\" height=\"150\" src=\"https:\/\/www.arquimaster.com.ar\/web\/wp-content\/uploads\/2014\/11\/casa_ml31-150x150.jpg\" class=\"attachment-thumbnail size-thumbnail\" alt=\"\" aria-describedby=\"gallery-1-11014\" srcset=\"https:\/\/www.arquimaster.com.ar\/web\/wp-content\/uploads\/2014\/11\/casa_ml31-150x150.jpg 150w, https:\/\/www.arquimaster.com.ar\/web\/wp-content\/uploads\/2014\/11\/casa_ml31-50x50.jpg 50w, https:\/\/www.arquimaster.com.ar\/web\/wp-content\/uploads\/2014\/11\/casa_ml31-125x125.jpg 125w\" sizes=\"auto, (max-width: 150px) 100vw, 150px\" \/><\/a>\n\t\t\t<\/div>\n\t\t\t\t<figcaption class='wp-caption-text gallery-caption' id='gallery-1-11014'>\n\t\t\t\tCasa ML \/ Agraz Arquitectos + Di Vece y Asociados (\u00a9 Mito Covarrubias)\n\t\t\t\t<\/figcaption><\/figure><figure class='gallery-item'>\n\t\t\t<div class='gallery-icon landscape'>\n\t\t\t\t<a href='https:\/\/www.arquimaster.com.ar\/web\/wp-content\/uploads\/2014\/11\/casa_ml32.jpg' title=\"Casa ML \/ Agraz Arquitectos + Di Vece y Asociados (\u00a9 Mito Covarrubias)\" data-rl_title=\"Casa ML \/ Agraz Arquitectos + Di Vece y Asociados (\u00a9 Mito Covarrubias)\" class=\"rl-gallery-link\" data-rl_caption=\"Casa ML \/ Agraz Arquitectos + Di Vece y Asociados (\u00a9 Mito Covarrubias)\" data-rel=\"lightbox-gallery-1\"><img loading=\"lazy\" decoding=\"async\" width=\"150\" height=\"150\" src=\"https:\/\/www.arquimaster.com.ar\/web\/wp-content\/uploads\/2014\/11\/casa_ml32-150x150.jpg\" class=\"attachment-thumbnail size-thumbnail\" alt=\"\" aria-describedby=\"gallery-1-11015\" srcset=\"https:\/\/www.arquimaster.com.ar\/web\/wp-content\/uploads\/2014\/11\/casa_ml32-150x150.jpg 150w, https:\/\/www.arquimaster.com.ar\/web\/wp-content\/uploads\/2014\/11\/casa_ml32-50x50.jpg 50w, https:\/\/www.arquimaster.com.ar\/web\/wp-content\/uploads\/2014\/11\/casa_ml32-125x125.jpg 125w\" sizes=\"auto, (max-width: 150px) 100vw, 150px\" \/><\/a>\n\t\t\t<\/div>\n\t\t\t\t<figcaption class='wp-caption-text gallery-caption' id='gallery-1-11015'>\n\t\t\t\tCasa ML \/ Agraz Arquitectos + Di Vece y Asociados (\u00a9 Mito Covarrubias)\n\t\t\t\t<\/figcaption><\/figure><figure class='gallery-item'>\n\t\t\t<div class='gallery-icon portrait'>\n\t\t\t\t<a href='https:\/\/www.arquimaster.com.ar\/web\/wp-content\/uploads\/2014\/11\/casa_ml33.jpg' title=\"Casa ML \/ Agraz Arquitectos + Di Vece y Asociados (\u00a9 Mito Covarrubias)\" data-rl_title=\"Casa ML \/ Agraz Arquitectos + Di Vece y Asociados (\u00a9 Mito Covarrubias)\" class=\"rl-gallery-link\" data-rl_caption=\"Casa ML \/ Agraz Arquitectos + Di Vece y Asociados (\u00a9 Mito Covarrubias)\" data-rel=\"lightbox-gallery-1\"><img loading=\"lazy\" decoding=\"async\" width=\"150\" height=\"150\" src=\"https:\/\/www.arquimaster.com.ar\/web\/wp-content\/uploads\/2014\/11\/casa_ml33-150x150.jpg\" class=\"attachment-thumbnail size-thumbnail\" alt=\"\" aria-describedby=\"gallery-1-11016\" srcset=\"https:\/\/www.arquimaster.com.ar\/web\/wp-content\/uploads\/2014\/11\/casa_ml33-150x150.jpg 150w, https:\/\/www.arquimaster.com.ar\/web\/wp-content\/uploads\/2014\/11\/casa_ml33-50x50.jpg 50w, https:\/\/www.arquimaster.com.ar\/web\/wp-content\/uploads\/2014\/11\/casa_ml33-125x125.jpg 125w\" sizes=\"auto, (max-width: 150px) 100vw, 150px\" \/><\/a>\n\t\t\t<\/div>\n\t\t\t\t<figcaption class='wp-caption-text gallery-caption' id='gallery-1-11016'>\n\t\t\t\tCasa ML \/ Agraz Arquitectos + Di Vece y Asociados (\u00a9 Mito Covarrubias)\n\t\t\t\t<\/figcaption><\/figure><figure class='gallery-item'>\n\t\t\t<div class='gallery-icon landscape'>\n\t\t\t\t<a href='https:\/\/www.arquimaster.com.ar\/web\/wp-content\/uploads\/2014\/11\/casa_ml34.jpg' title=\"Casa ML \/ Agraz Arquitectos + Di Vece y Asociados (\u00a9 Mito Covarrubias)\" data-rl_title=\"Casa ML \/ Agraz Arquitectos + Di Vece y Asociados (\u00a9 Mito Covarrubias)\" class=\"rl-gallery-link\" data-rl_caption=\"Casa ML \/ Agraz Arquitectos + Di Vece y Asociados (\u00a9 Mito Covarrubias)\" data-rel=\"lightbox-gallery-1\"><img loading=\"lazy\" decoding=\"async\" width=\"150\" height=\"150\" src=\"https:\/\/www.arquimaster.com.ar\/web\/wp-content\/uploads\/2014\/11\/casa_ml34-150x150.jpg\" class=\"attachment-thumbnail size-thumbnail\" alt=\"\" aria-describedby=\"gallery-1-11017\" srcset=\"https:\/\/www.arquimaster.com.ar\/web\/wp-content\/uploads\/2014\/11\/casa_ml34-150x150.jpg 150w, https:\/\/www.arquimaster.com.ar\/web\/wp-content\/uploads\/2014\/11\/casa_ml34-50x50.jpg 50w, https:\/\/www.arquimaster.com.ar\/web\/wp-content\/uploads\/2014\/11\/casa_ml34-125x125.jpg 125w\" sizes=\"auto, (max-width: 150px) 100vw, 150px\" \/><\/a>\n\t\t\t<\/div>\n\t\t\t\t<figcaption class='wp-caption-text gallery-caption' id='gallery-1-11017'>\n\t\t\t\tCasa ML \/ Agraz Arquitectos + Di Vece y Asociados (\u00a9 Mito Covarrubias)\n\t\t\t\t<\/figcaption><\/figure><figure class='gallery-item'>\n\t\t\t<div class='gallery-icon portrait'>\n\t\t\t\t<a href='https:\/\/www.arquimaster.com.ar\/web\/wp-content\/uploads\/2014\/11\/casa_ml35.jpg' title=\"Casa ML \/ Agraz Arquitectos + Di Vece y Asociados (\u00a9 Mito Covarrubias)\" data-rl_title=\"Casa ML \/ Agraz Arquitectos + Di Vece y Asociados (\u00a9 Mito Covarrubias)\" class=\"rl-gallery-link\" data-rl_caption=\"Casa ML \/ Agraz Arquitectos + Di Vece y Asociados (\u00a9 Mito Covarrubias)\" data-rel=\"lightbox-gallery-1\"><img loading=\"lazy\" decoding=\"async\" width=\"150\" height=\"150\" src=\"https:\/\/www.arquimaster.com.ar\/web\/wp-content\/uploads\/2014\/11\/casa_ml35-150x150.jpg\" class=\"attachment-thumbnail size-thumbnail\" alt=\"\" aria-describedby=\"gallery-1-11018\" srcset=\"https:\/\/www.arquimaster.com.ar\/web\/wp-content\/uploads\/2014\/11\/casa_ml35-150x150.jpg 150w, https:\/\/www.arquimaster.com.ar\/web\/wp-content\/uploads\/2014\/11\/casa_ml35-50x50.jpg 50w, https:\/\/www.arquimaster.com.ar\/web\/wp-content\/uploads\/2014\/11\/casa_ml35-125x125.jpg 125w\" sizes=\"auto, (max-width: 150px) 100vw, 150px\" \/><\/a>\n\t\t\t<\/div>\n\t\t\t\t<figcaption class='wp-caption-text gallery-caption' id='gallery-1-11018'>\n\t\t\t\tCasa ML \/ Agraz Arquitectos + Di Vece y Asociados (\u00a9 Mito Covarrubias)\n\t\t\t\t<\/figcaption><\/figure><figure class='gallery-item'>\n\t\t\t<div class='gallery-icon portrait'>\n\t\t\t\t<a href='https:\/\/www.arquimaster.com.ar\/web\/wp-content\/uploads\/2014\/11\/casa_ml36.jpg' title=\"Casa ML \/ Agraz Arquitectos + Di Vece y Asociados (\u00a9 Mito Covarrubias)\" data-rl_title=\"Casa ML \/ Agraz Arquitectos + Di Vece y Asociados (\u00a9 Mito Covarrubias)\" class=\"rl-gallery-link\" data-rl_caption=\"Casa ML \/ Agraz Arquitectos + Di Vece y Asociados (\u00a9 Mito Covarrubias)\" data-rel=\"lightbox-gallery-1\"><img loading=\"lazy\" decoding=\"async\" width=\"150\" height=\"150\" src=\"https:\/\/www.arquimaster.com.ar\/web\/wp-content\/uploads\/2014\/11\/casa_ml36-150x150.jpg\" class=\"attachment-thumbnail size-thumbnail\" alt=\"\" aria-describedby=\"gallery-1-11019\" srcset=\"https:\/\/www.arquimaster.com.ar\/web\/wp-content\/uploads\/2014\/11\/casa_ml36-150x150.jpg 150w, https:\/\/www.arquimaster.com.ar\/web\/wp-content\/uploads\/2014\/11\/casa_ml36-50x50.jpg 50w, https:\/\/www.arquimaster.com.ar\/web\/wp-content\/uploads\/2014\/11\/casa_ml36-125x125.jpg 125w\" sizes=\"auto, (max-width: 150px) 100vw, 150px\" \/><\/a>\n\t\t\t<\/div>\n\t\t\t\t<figcaption class='wp-caption-text gallery-caption' id='gallery-1-11019'>\n\t\t\t\tCasa ML \/ Agraz Arquitectos + Di Vece y Asociados (\u00a9 Mito Covarrubias)\n\t\t\t\t<\/figcaption><\/figure><figure class='gallery-item'>\n\t\t\t<div class='gallery-icon portrait'>\n\t\t\t\t<a href='https:\/\/www.arquimaster.com.ar\/web\/wp-content\/uploads\/2014\/11\/casa_ml37.jpg' title=\"Casa ML \/ Agraz Arquitectos + Di Vece y Asociados (\u00a9 Mito Covarrubias)\" data-rl_title=\"Casa ML \/ Agraz Arquitectos + Di Vece y Asociados (\u00a9 Mito Covarrubias)\" class=\"rl-gallery-link\" data-rl_caption=\"Casa ML \/ Agraz Arquitectos + Di Vece y Asociados (\u00a9 Mito Covarrubias)\" data-rel=\"lightbox-gallery-1\"><img loading=\"lazy\" decoding=\"async\" width=\"150\" height=\"150\" src=\"https:\/\/www.arquimaster.com.ar\/web\/wp-content\/uploads\/2014\/11\/casa_ml37-150x150.jpg\" class=\"attachment-thumbnail size-thumbnail\" alt=\"\" aria-describedby=\"gallery-1-11020\" srcset=\"https:\/\/www.arquimaster.com.ar\/web\/wp-content\/uploads\/2014\/11\/casa_ml37-150x150.jpg 150w, https:\/\/www.arquimaster.com.ar\/web\/wp-content\/uploads\/2014\/11\/casa_ml37-50x50.jpg 50w, https:\/\/www.arquimaster.com.ar\/web\/wp-content\/uploads\/2014\/11\/casa_ml37-125x125.jpg 125w\" sizes=\"auto, (max-width: 150px) 100vw, 150px\" \/><\/a>\n\t\t\t<\/div>\n\t\t\t\t<figcaption class='wp-caption-text gallery-caption' id='gallery-1-11020'>\n\t\t\t\tCasa ML \/ Agraz Arquitectos + Di Vece y Asociados (\u00a9 Mito Covarrubias)\n\t\t\t\t<\/figcaption><\/figure><figure class='gallery-item'>\n\t\t\t<div class='gallery-icon portrait'>\n\t\t\t\t<a href='https:\/\/www.arquimaster.com.ar\/web\/wp-content\/uploads\/2014\/11\/casa_ml38.jpg' title=\"Casa ML \/ Agraz Arquitectos + Di Vece y Asociados (\u00a9 Mito Covarrubias)\" data-rl_title=\"Casa ML \/ Agraz Arquitectos + Di Vece y Asociados (\u00a9 Mito Covarrubias)\" class=\"rl-gallery-link\" data-rl_caption=\"Casa ML \/ Agraz Arquitectos + Di Vece y Asociados (\u00a9 Mito Covarrubias)\" data-rel=\"lightbox-gallery-1\"><img loading=\"lazy\" decoding=\"async\" width=\"150\" height=\"150\" src=\"https:\/\/www.arquimaster.com.ar\/web\/wp-content\/uploads\/2014\/11\/casa_ml38-150x150.jpg\" class=\"attachment-thumbnail size-thumbnail\" alt=\"\" aria-describedby=\"gallery-1-11021\" srcset=\"https:\/\/www.arquimaster.com.ar\/web\/wp-content\/uploads\/2014\/11\/casa_ml38-150x150.jpg 150w, https:\/\/www.arquimaster.com.ar\/web\/wp-content\/uploads\/2014\/11\/casa_ml38-50x50.jpg 50w, https:\/\/www.arquimaster.com.ar\/web\/wp-content\/uploads\/2014\/11\/casa_ml38-125x125.jpg 125w\" sizes=\"auto, (max-width: 150px) 100vw, 150px\" \/><\/a>\n\t\t\t<\/div>\n\t\t\t\t<figcaption class='wp-caption-text gallery-caption' id='gallery-1-11021'>\n\t\t\t\tCasa ML \/ Agraz Arquitectos + Di Vece y Asociados (\u00a9 Mito Covarrubias)\n\t\t\t\t<\/figcaption><\/figure><figure class='gallery-item'>\n\t\t\t<div class='gallery-icon portrait'>\n\t\t\t\t<a href='https:\/\/www.arquimaster.com.ar\/web\/wp-content\/uploads\/2014\/11\/casa_ml39.jpg' title=\"Casa ML \/ Agraz Arquitectos + Di Vece y Asociados (\u00a9 Mito Covarrubias)\" data-rl_title=\"Casa ML \/ Agraz Arquitectos + Di Vece y Asociados (\u00a9 Mito Covarrubias)\" class=\"rl-gallery-link\" data-rl_caption=\"Casa ML \/ Agraz Arquitectos + Di Vece y Asociados (\u00a9 Mito Covarrubias)\" data-rel=\"lightbox-gallery-1\"><img loading=\"lazy\" decoding=\"async\" width=\"150\" height=\"150\" src=\"https:\/\/www.arquimaster.com.ar\/web\/wp-content\/uploads\/2014\/11\/casa_ml39-150x150.jpg\" class=\"attachment-thumbnail size-thumbnail\" alt=\"\" aria-describedby=\"gallery-1-11022\" srcset=\"https:\/\/www.arquimaster.com.ar\/web\/wp-content\/uploads\/2014\/11\/casa_ml39-150x150.jpg 150w, https:\/\/www.arquimaster.com.ar\/web\/wp-content\/uploads\/2014\/11\/casa_ml39-50x50.jpg 50w, https:\/\/www.arquimaster.com.ar\/web\/wp-content\/uploads\/2014\/11\/casa_ml39-125x125.jpg 125w\" sizes=\"auto, (max-width: 150px) 100vw, 150px\" \/><\/a>\n\t\t\t<\/div>\n\t\t\t\t<figcaption class='wp-caption-text gallery-caption' id='gallery-1-11022'>\n\t\t\t\tCasa ML \/ Agraz Arquitectos + Di Vece y Asociados (\u00a9 Mito Covarrubias)\n\t\t\t\t<\/figcaption><\/figure><figure class='gallery-item'>\n\t\t\t<div class='gallery-icon portrait'>\n\t\t\t\t<a href='https:\/\/www.arquimaster.com.ar\/web\/wp-content\/uploads\/2014\/11\/casa_ml40.jpg' title=\"Casa ML \/ Agraz Arquitectos + Di Vece y Asociados (\u00a9 Mito Covarrubias)\" data-rl_title=\"Casa ML \/ Agraz Arquitectos + Di Vece y Asociados (\u00a9 Mito Covarrubias)\" class=\"rl-gallery-link\" data-rl_caption=\"Casa ML \/ Agraz Arquitectos + Di Vece y Asociados (\u00a9 Mito Covarrubias)\" data-rel=\"lightbox-gallery-1\"><img loading=\"lazy\" decoding=\"async\" width=\"150\" height=\"150\" src=\"https:\/\/www.arquimaster.com.ar\/web\/wp-content\/uploads\/2014\/11\/casa_ml40-150x150.jpg\" class=\"attachment-thumbnail size-thumbnail\" alt=\"\" aria-describedby=\"gallery-1-11023\" srcset=\"https:\/\/www.arquimaster.com.ar\/web\/wp-content\/uploads\/2014\/11\/casa_ml40-150x150.jpg 150w, https:\/\/www.arquimaster.com.ar\/web\/wp-content\/uploads\/2014\/11\/casa_ml40-50x50.jpg 50w, https:\/\/www.arquimaster.com.ar\/web\/wp-content\/uploads\/2014\/11\/casa_ml40-125x125.jpg 125w\" sizes=\"auto, (max-width: 150px) 100vw, 150px\" \/><\/a>\n\t\t\t<\/div>\n\t\t\t\t<figcaption class='wp-caption-text gallery-caption' id='gallery-1-11023'>\n\t\t\t\tCasa ML \/ Agraz Arquitectos + Di Vece y Asociados (\u00a9 Mito Covarrubias)\n\t\t\t\t<\/figcaption><\/figure><figure class='gallery-item'>\n\t\t\t<div class='gallery-icon portrait'>\n\t\t\t\t<a href='https:\/\/www.arquimaster.com.ar\/web\/wp-content\/uploads\/2014\/11\/casa_ml41.jpg' title=\"Casa ML \/ Agraz Arquitectos + Di Vece y Asociados (\u00a9 Mito Covarrubias)\" data-rl_title=\"Casa ML \/ Agraz Arquitectos + Di Vece y Asociados (\u00a9 Mito Covarrubias)\" class=\"rl-gallery-link\" data-rl_caption=\"Casa ML \/ Agraz Arquitectos + Di Vece y Asociados (\u00a9 Mito Covarrubias)\" data-rel=\"lightbox-gallery-1\"><img loading=\"lazy\" decoding=\"async\" width=\"150\" height=\"150\" src=\"https:\/\/www.arquimaster.com.ar\/web\/wp-content\/uploads\/2014\/11\/casa_ml41-150x150.jpg\" class=\"attachment-thumbnail size-thumbnail\" alt=\"\" aria-describedby=\"gallery-1-11024\" srcset=\"https:\/\/www.arquimaster.com.ar\/web\/wp-content\/uploads\/2014\/11\/casa_ml41-150x150.jpg 150w, https:\/\/www.arquimaster.com.ar\/web\/wp-content\/uploads\/2014\/11\/casa_ml41-50x50.jpg 50w, https:\/\/www.arquimaster.com.ar\/web\/wp-content\/uploads\/2014\/11\/casa_ml41-125x125.jpg 125w\" sizes=\"auto, (max-width: 150px) 100vw, 150px\" \/><\/a>\n\t\t\t<\/div>\n\t\t\t\t<figcaption class='wp-caption-text gallery-caption' id='gallery-1-11024'>\n\t\t\t\tCasa ML \/ Agraz Arquitectos + Di Vece y Asociados (\u00a9 Mito Covarrubias)\n\t\t\t\t<\/figcaption><\/figure><figure class='gallery-item'>\n\t\t\t<div class='gallery-icon portrait'>\n\t\t\t\t<a href='https:\/\/www.arquimaster.com.ar\/web\/wp-content\/uploads\/2014\/11\/casa_ml42.jpg' title=\"Casa ML \/ Agraz Arquitectos + Di Vece y Asociados (\u00a9 Mito Covarrubias)\" data-rl_title=\"Casa ML \/ Agraz Arquitectos + Di Vece y Asociados (\u00a9 Mito Covarrubias)\" class=\"rl-gallery-link\" data-rl_caption=\"Casa ML \/ Agraz Arquitectos + Di Vece y Asociados (\u00a9 Mito Covarrubias)\" data-rel=\"lightbox-gallery-1\"><img loading=\"lazy\" decoding=\"async\" width=\"150\" height=\"150\" src=\"https:\/\/www.arquimaster.com.ar\/web\/wp-content\/uploads\/2014\/11\/casa_ml42-150x150.jpg\" class=\"attachment-thumbnail size-thumbnail\" alt=\"\" aria-describedby=\"gallery-1-11025\" srcset=\"https:\/\/www.arquimaster.com.ar\/web\/wp-content\/uploads\/2014\/11\/casa_ml42-150x150.jpg 150w, https:\/\/www.arquimaster.com.ar\/web\/wp-content\/uploads\/2014\/11\/casa_ml42-50x50.jpg 50w, https:\/\/www.arquimaster.com.ar\/web\/wp-content\/uploads\/2014\/11\/casa_ml42-125x125.jpg 125w\" sizes=\"auto, (max-width: 150px) 100vw, 150px\" \/><\/a>\n\t\t\t<\/div>\n\t\t\t\t<figcaption class='wp-caption-text gallery-caption' id='gallery-1-11025'>\n\t\t\t\tCasa ML \/ Agraz Arquitectos + Di Vece y Asociados (\u00a9 Mito Covarrubias)\n\t\t\t\t<\/figcaption><\/figure><figure class='gallery-item'>\n\t\t\t<div class='gallery-icon landscape'>\n\t\t\t\t<a href='https:\/\/www.arquimaster.com.ar\/web\/wp-content\/uploads\/2014\/11\/casa_ml43.jpg' title=\"Casa ML \/ Agraz Arquitectos + Di Vece y Asociados (\u00a9 Mito Covarrubias)\" data-rl_title=\"Casa ML \/ Agraz Arquitectos + Di Vece y Asociados (\u00a9 Mito Covarrubias)\" class=\"rl-gallery-link\" data-rl_caption=\"Casa ML \/ Agraz Arquitectos + Di Vece y Asociados (\u00a9 Mito Covarrubias)\" data-rel=\"lightbox-gallery-1\"><img loading=\"lazy\" decoding=\"async\" width=\"150\" height=\"150\" src=\"https:\/\/www.arquimaster.com.ar\/web\/wp-content\/uploads\/2014\/11\/casa_ml43-150x150.jpg\" class=\"attachment-thumbnail size-thumbnail\" alt=\"\" aria-describedby=\"gallery-1-11026\" srcset=\"https:\/\/www.arquimaster.com.ar\/web\/wp-content\/uploads\/2014\/11\/casa_ml43-150x150.jpg 150w, https:\/\/www.arquimaster.com.ar\/web\/wp-content\/uploads\/2014\/11\/casa_ml43-50x50.jpg 50w, https:\/\/www.arquimaster.com.ar\/web\/wp-content\/uploads\/2014\/11\/casa_ml43-125x125.jpg 125w\" sizes=\"auto, (max-width: 150px) 100vw, 150px\" \/><\/a>\n\t\t\t<\/div>\n\t\t\t\t<figcaption class='wp-caption-text gallery-caption' id='gallery-1-11026'>\n\t\t\t\tCasa ML \/ Agraz Arquitectos + Di Vece y Asociados (\u00a9 Mito Covarrubias)\n\t\t\t\t<\/figcaption><\/figure><figure class='gallery-item'>\n\t\t\t<div class='gallery-icon portrait'>\n\t\t\t\t<a href='https:\/\/www.arquimaster.com.ar\/web\/wp-content\/uploads\/2014\/11\/casa_ml44.jpg' title=\"Casa ML \/ Agraz Arquitectos + Di Vece y Asociados (\u00a9 Mito Covarrubias)\" data-rl_title=\"Casa ML \/ Agraz Arquitectos + Di Vece y Asociados (\u00a9 Mito Covarrubias)\" class=\"rl-gallery-link\" data-rl_caption=\"Casa ML \/ Agraz Arquitectos + Di Vece y Asociados (\u00a9 Mito Covarrubias)\" data-rel=\"lightbox-gallery-1\"><img loading=\"lazy\" decoding=\"async\" width=\"150\" height=\"150\" src=\"https:\/\/www.arquimaster.com.ar\/web\/wp-content\/uploads\/2014\/11\/casa_ml44-150x150.jpg\" class=\"attachment-thumbnail size-thumbnail\" alt=\"\" aria-describedby=\"gallery-1-11027\" srcset=\"https:\/\/www.arquimaster.com.ar\/web\/wp-content\/uploads\/2014\/11\/casa_ml44-150x150.jpg 150w, https:\/\/www.arquimaster.com.ar\/web\/wp-content\/uploads\/2014\/11\/casa_ml44-50x50.jpg 50w, https:\/\/www.arquimaster.com.ar\/web\/wp-content\/uploads\/2014\/11\/casa_ml44-125x125.jpg 125w\" sizes=\"auto, (max-width: 150px) 100vw, 150px\" \/><\/a>\n\t\t\t<\/div>\n\t\t\t\t<figcaption class='wp-caption-text gallery-caption' id='gallery-1-11027'>\n\t\t\t\tCasa ML \/ Agraz Arquitectos + Di Vece y Asociados (\u00a9 Mito Covarrubias)\n\t\t\t\t<\/figcaption><\/figure><figure class='gallery-item'>\n\t\t\t<div class='gallery-icon portrait'>\n\t\t\t\t<a href='https:\/\/www.arquimaster.com.ar\/web\/wp-content\/uploads\/2014\/11\/casa_ml45.jpg' title=\"Casa ML \/ Agraz Arquitectos + Di Vece y Asociados (\u00a9 Mito Covarrubias)\" data-rl_title=\"Casa ML \/ Agraz Arquitectos + Di Vece y Asociados (\u00a9 Mito Covarrubias)\" class=\"rl-gallery-link\" data-rl_caption=\"Casa ML \/ Agraz Arquitectos + Di Vece y Asociados (\u00a9 Mito Covarrubias)\" data-rel=\"lightbox-gallery-1\"><img loading=\"lazy\" decoding=\"async\" width=\"150\" height=\"150\" src=\"https:\/\/www.arquimaster.com.ar\/web\/wp-content\/uploads\/2014\/11\/casa_ml45-150x150.jpg\" class=\"attachment-thumbnail size-thumbnail\" alt=\"\" aria-describedby=\"gallery-1-11028\" srcset=\"https:\/\/www.arquimaster.com.ar\/web\/wp-content\/uploads\/2014\/11\/casa_ml45-150x150.jpg 150w, https:\/\/www.arquimaster.com.ar\/web\/wp-content\/uploads\/2014\/11\/casa_ml45-50x50.jpg 50w, https:\/\/www.arquimaster.com.ar\/web\/wp-content\/uploads\/2014\/11\/casa_ml45-125x125.jpg 125w\" sizes=\"auto, (max-width: 150px) 100vw, 150px\" \/><\/a>\n\t\t\t<\/div>\n\t\t\t\t<figcaption class='wp-caption-text gallery-caption' id='gallery-1-11028'>\n\t\t\t\tCasa ML \/ Agraz Arquitectos + Di Vece y Asociados (\u00a9 Mito Covarrubias)\n\t\t\t\t<\/figcaption><\/figure><figure class='gallery-item'>\n\t\t\t<div class='gallery-icon portrait'>\n\t\t\t\t<a href='https:\/\/www.arquimaster.com.ar\/web\/wp-content\/uploads\/2014\/11\/casa_ml46.jpg' title=\"Casa ML \/ Agraz Arquitectos + Di Vece y Asociados (\u00a9 Mito Covarrubias)\" data-rl_title=\"Casa ML \/ Agraz Arquitectos + Di Vece y Asociados (\u00a9 Mito Covarrubias)\" class=\"rl-gallery-link\" data-rl_caption=\"Casa ML \/ Agraz Arquitectos + Di Vece y Asociados (\u00a9 Mito Covarrubias)\" data-rel=\"lightbox-gallery-1\"><img loading=\"lazy\" decoding=\"async\" width=\"150\" height=\"150\" src=\"https:\/\/www.arquimaster.com.ar\/web\/wp-content\/uploads\/2014\/11\/casa_ml46-150x150.jpg\" class=\"attachment-thumbnail size-thumbnail\" alt=\"\" aria-describedby=\"gallery-1-11029\" srcset=\"https:\/\/www.arquimaster.com.ar\/web\/wp-content\/uploads\/2014\/11\/casa_ml46-150x150.jpg 150w, https:\/\/www.arquimaster.com.ar\/web\/wp-content\/uploads\/2014\/11\/casa_ml46-50x50.jpg 50w, https:\/\/www.arquimaster.com.ar\/web\/wp-content\/uploads\/2014\/11\/casa_ml46-125x125.jpg 125w\" sizes=\"auto, (max-width: 150px) 100vw, 150px\" \/><\/a>\n\t\t\t<\/div>\n\t\t\t\t<figcaption class='wp-caption-text gallery-caption' id='gallery-1-11029'>\n\t\t\t\tCasa ML \/ Agraz Arquitectos + Di Vece y Asociados (\u00a9 Mito Covarrubias)\n\t\t\t\t<\/figcaption><\/figure><figure class='gallery-item'>\n\t\t\t<div class='gallery-icon portrait'>\n\t\t\t\t<a href='https:\/\/www.arquimaster.com.ar\/web\/wp-content\/uploads\/2014\/11\/casa_ml47.jpg' title=\"Casa ML \/ Agraz Arquitectos + Di Vece y Asociados (\u00a9 Mito Covarrubias)\" data-rl_title=\"Casa ML \/ Agraz Arquitectos + Di Vece y Asociados (\u00a9 Mito Covarrubias)\" class=\"rl-gallery-link\" data-rl_caption=\"Casa ML \/ Agraz Arquitectos + Di Vece y Asociados (\u00a9 Mito Covarrubias)\" data-rel=\"lightbox-gallery-1\"><img loading=\"lazy\" decoding=\"async\" width=\"150\" height=\"150\" src=\"https:\/\/www.arquimaster.com.ar\/web\/wp-content\/uploads\/2014\/11\/casa_ml47-150x150.jpg\" class=\"attachment-thumbnail size-thumbnail\" alt=\"\" aria-describedby=\"gallery-1-11030\" srcset=\"https:\/\/www.arquimaster.com.ar\/web\/wp-content\/uploads\/2014\/11\/casa_ml47-150x150.jpg 150w, https:\/\/www.arquimaster.com.ar\/web\/wp-content\/uploads\/2014\/11\/casa_ml47-50x50.jpg 50w, https:\/\/www.arquimaster.com.ar\/web\/wp-content\/uploads\/2014\/11\/casa_ml47-125x125.jpg 125w\" sizes=\"auto, (max-width: 150px) 100vw, 150px\" \/><\/a>\n\t\t\t<\/div>\n\t\t\t\t<figcaption class='wp-caption-text gallery-caption' id='gallery-1-11030'>\n\t\t\t\tCasa ML \/ Agraz Arquitectos + Di Vece y Asociados (\u00a9 Mito Covarrubias)\n\t\t\t\t<\/figcaption><\/figure><figure class='gallery-item'>\n\t\t\t<div class='gallery-icon landscape'>\n\t\t\t\t<a href='https:\/\/www.arquimaster.com.ar\/web\/wp-content\/uploads\/2014\/11\/casa_ml48.jpg' title=\"Casa ML \/ Agraz Arquitectos + Di Vece y Asociados (\u00a9 Mito Covarrubias)\" data-rl_title=\"Casa ML \/ Agraz Arquitectos + Di Vece y Asociados (\u00a9 Mito Covarrubias)\" class=\"rl-gallery-link\" data-rl_caption=\"Casa ML \/ Agraz Arquitectos + Di Vece y Asociados (\u00a9 Mito Covarrubias)\" data-rel=\"lightbox-gallery-1\"><img loading=\"lazy\" decoding=\"async\" width=\"150\" height=\"150\" src=\"https:\/\/www.arquimaster.com.ar\/web\/wp-content\/uploads\/2014\/11\/casa_ml48-150x150.jpg\" class=\"attachment-thumbnail size-thumbnail\" alt=\"\" aria-describedby=\"gallery-1-11031\" srcset=\"https:\/\/www.arquimaster.com.ar\/web\/wp-content\/uploads\/2014\/11\/casa_ml48-150x150.jpg 150w, https:\/\/www.arquimaster.com.ar\/web\/wp-content\/uploads\/2014\/11\/casa_ml48-50x50.jpg 50w, https:\/\/www.arquimaster.com.ar\/web\/wp-content\/uploads\/2014\/11\/casa_ml48-125x125.jpg 125w\" sizes=\"auto, (max-width: 150px) 100vw, 150px\" \/><\/a>\n\t\t\t<\/div>\n\t\t\t\t<figcaption class='wp-caption-text gallery-caption' id='gallery-1-11031'>\n\t\t\t\tCasa ML \/ Agraz Arquitectos + Di Vece y Asociados (\u00a9 Mito Covarrubias)\n\t\t\t\t<\/figcaption><\/figure><figure class='gallery-item'>\n\t\t\t<div class='gallery-icon portrait'>\n\t\t\t\t<a href='https:\/\/www.arquimaster.com.ar\/web\/wp-content\/uploads\/2014\/11\/casa_ml49.jpg' title=\"Casa ML \/ Agraz Arquitectos + Di Vece y Asociados (\u00a9 Mito Covarrubias)\" data-rl_title=\"Casa ML \/ Agraz Arquitectos + Di Vece y Asociados (\u00a9 Mito Covarrubias)\" class=\"rl-gallery-link\" data-rl_caption=\"Casa ML \/ Agraz Arquitectos + Di Vece y Asociados (\u00a9 Mito Covarrubias)\" data-rel=\"lightbox-gallery-1\"><img loading=\"lazy\" decoding=\"async\" width=\"150\" height=\"150\" src=\"https:\/\/www.arquimaster.com.ar\/web\/wp-content\/uploads\/2014\/11\/casa_ml49-150x150.jpg\" class=\"attachment-thumbnail size-thumbnail\" alt=\"\" aria-describedby=\"gallery-1-11032\" srcset=\"https:\/\/www.arquimaster.com.ar\/web\/wp-content\/uploads\/2014\/11\/casa_ml49-150x150.jpg 150w, https:\/\/www.arquimaster.com.ar\/web\/wp-content\/uploads\/2014\/11\/casa_ml49-50x50.jpg 50w, https:\/\/www.arquimaster.com.ar\/web\/wp-content\/uploads\/2014\/11\/casa_ml49-125x125.jpg 125w\" sizes=\"auto, (max-width: 150px) 100vw, 150px\" \/><\/a>\n\t\t\t<\/div>\n\t\t\t\t<figcaption class='wp-caption-text gallery-caption' id='gallery-1-11032'>\n\t\t\t\tCasa ML \/ Agraz Arquitectos + Di Vece y Asociados (\u00a9 Mito Covarrubias)\n\t\t\t\t<\/figcaption><\/figure><figure class='gallery-item'>\n\t\t\t<div class='gallery-icon portrait'>\n\t\t\t\t<a href='https:\/\/www.arquimaster.com.ar\/web\/wp-content\/uploads\/2014\/11\/casa_ml50.jpg' title=\"Casa ML \/ Agraz Arquitectos + Di Vece y Asociados (\u00a9 Mito Covarrubias)\" data-rl_title=\"Casa ML \/ Agraz Arquitectos + Di Vece y Asociados (\u00a9 Mito Covarrubias)\" class=\"rl-gallery-link\" data-rl_caption=\"Casa ML \/ Agraz Arquitectos + Di Vece y Asociados (\u00a9 Mito Covarrubias)\" data-rel=\"lightbox-gallery-1\"><img loading=\"lazy\" decoding=\"async\" width=\"150\" height=\"150\" src=\"https:\/\/www.arquimaster.com.ar\/web\/wp-content\/uploads\/2014\/11\/casa_ml50-150x150.jpg\" class=\"attachment-thumbnail size-thumbnail\" alt=\"\" aria-describedby=\"gallery-1-11033\" srcset=\"https:\/\/www.arquimaster.com.ar\/web\/wp-content\/uploads\/2014\/11\/casa_ml50-150x150.jpg 150w, https:\/\/www.arquimaster.com.ar\/web\/wp-content\/uploads\/2014\/11\/casa_ml50-50x50.jpg 50w, https:\/\/www.arquimaster.com.ar\/web\/wp-content\/uploads\/2014\/11\/casa_ml50-125x125.jpg 125w\" sizes=\"auto, (max-width: 150px) 100vw, 150px\" \/><\/a>\n\t\t\t<\/div>\n\t\t\t\t<figcaption class='wp-caption-text gallery-caption' id='gallery-1-11033'>\n\t\t\t\tCasa ML \/ Agraz Arquitectos + Di Vece y Asociados (\u00a9 Mito Covarrubias)\n\t\t\t\t<\/figcaption><\/figure><figure class='gallery-item'>\n\t\t\t<div class='gallery-icon landscape'>\n\t\t\t\t<a href='https:\/\/www.arquimaster.com.ar\/web\/wp-content\/uploads\/2014\/11\/casa_ml51.jpg' title=\"Casa ML \/ Agraz Arquitectos + Di Vece y Asociados (planta baja)\" data-rl_title=\"Casa ML \/ Agraz Arquitectos + Di Vece y Asociados (planta baja)\" class=\"rl-gallery-link\" data-rl_caption=\"Casa ML \/ Agraz Arquitectos + Di Vece y Asociados (planta baja)\" data-rel=\"lightbox-gallery-1\"><img loading=\"lazy\" decoding=\"async\" width=\"150\" height=\"150\" src=\"https:\/\/www.arquimaster.com.ar\/web\/wp-content\/uploads\/2014\/11\/casa_ml51-150x150.jpg\" class=\"attachment-thumbnail size-thumbnail\" alt=\"\" aria-describedby=\"gallery-1-11034\" srcset=\"https:\/\/www.arquimaster.com.ar\/web\/wp-content\/uploads\/2014\/11\/casa_ml51-150x150.jpg 150w, https:\/\/www.arquimaster.com.ar\/web\/wp-content\/uploads\/2014\/11\/casa_ml51-50x50.jpg 50w, https:\/\/www.arquimaster.com.ar\/web\/wp-content\/uploads\/2014\/11\/casa_ml51-125x125.jpg 125w\" sizes=\"auto, (max-width: 150px) 100vw, 150px\" \/><\/a>\n\t\t\t<\/div>\n\t\t\t\t<figcaption class='wp-caption-text gallery-caption' id='gallery-1-11034'>\n\t\t\t\tCasa ML \/ Agraz Arquitectos + Di Vece y Asociados (planta baja)\n\t\t\t\t<\/figcaption><\/figure><figure class='gallery-item'>\n\t\t\t<div class='gallery-icon landscape'>\n\t\t\t\t<a href='https:\/\/www.arquimaster.com.ar\/web\/wp-content\/uploads\/2014\/11\/casa_ml52.jpg' title=\"Casa ML \/ Agraz Arquitectos + Di Vece y Asociados (planta alta)\" data-rl_title=\"Casa ML \/ Agraz Arquitectos + Di Vece y Asociados (planta alta)\" class=\"rl-gallery-link\" data-rl_caption=\"Casa ML \/ Agraz Arquitectos + Di Vece y Asociados (planta alta)\" data-rel=\"lightbox-gallery-1\"><img loading=\"lazy\" decoding=\"async\" width=\"150\" height=\"150\" src=\"https:\/\/www.arquimaster.com.ar\/web\/wp-content\/uploads\/2014\/11\/casa_ml52-150x150.jpg\" class=\"attachment-thumbnail size-thumbnail\" alt=\"\" aria-describedby=\"gallery-1-11035\" srcset=\"https:\/\/www.arquimaster.com.ar\/web\/wp-content\/uploads\/2014\/11\/casa_ml52-150x150.jpg 150w, https:\/\/www.arquimaster.com.ar\/web\/wp-content\/uploads\/2014\/11\/casa_ml52-50x50.jpg 50w, https:\/\/www.arquimaster.com.ar\/web\/wp-content\/uploads\/2014\/11\/casa_ml52-125x125.jpg 125w\" sizes=\"auto, (max-width: 150px) 100vw, 150px\" \/><\/a>\n\t\t\t<\/div>\n\t\t\t\t<figcaption class='wp-caption-text gallery-caption' id='gallery-1-11035'>\n\t\t\t\tCasa ML \/ Agraz Arquitectos + Di Vece y Asociados (planta alta)\n\t\t\t\t<\/figcaption><\/figure><figure class='gallery-item'>\n\t\t\t<div class='gallery-icon landscape'>\n\t\t\t\t<a href='https:\/\/www.arquimaster.com.ar\/web\/wp-content\/uploads\/2014\/11\/casa_ml53.jpg' title=\"Casa ML \/ Agraz Arquitectos + Di Vece y Asociados (planta subsuelo)\" data-rl_title=\"Casa ML \/ Agraz Arquitectos + Di Vece y Asociados (planta subsuelo)\" class=\"rl-gallery-link\" data-rl_caption=\"Casa ML \/ Agraz Arquitectos + Di Vece y Asociados (planta subsuelo)\" data-rel=\"lightbox-gallery-1\"><img loading=\"lazy\" decoding=\"async\" width=\"150\" height=\"150\" src=\"https:\/\/www.arquimaster.com.ar\/web\/wp-content\/uploads\/2014\/11\/casa_ml53-150x150.jpg\" class=\"attachment-thumbnail size-thumbnail\" alt=\"\" aria-describedby=\"gallery-1-11036\" srcset=\"https:\/\/www.arquimaster.com.ar\/web\/wp-content\/uploads\/2014\/11\/casa_ml53-150x150.jpg 150w, https:\/\/www.arquimaster.com.ar\/web\/wp-content\/uploads\/2014\/11\/casa_ml53-50x50.jpg 50w, https:\/\/www.arquimaster.com.ar\/web\/wp-content\/uploads\/2014\/11\/casa_ml53-125x125.jpg 125w\" sizes=\"auto, (max-width: 150px) 100vw, 150px\" \/><\/a>\n\t\t\t<\/div>\n\t\t\t\t<figcaption class='wp-caption-text gallery-caption' id='gallery-1-11036'>\n\t\t\t\tCasa ML \/ Agraz Arquitectos + Di Vece y Asociados (planta subsuelo)\n\t\t\t\t<\/figcaption><\/figure><figure class='gallery-item'>\n\t\t\t<div class='gallery-icon landscape'>\n\t\t\t\t<a href='https:\/\/www.arquimaster.com.ar\/web\/wp-content\/uploads\/2014\/11\/casa_ml54.jpg' title=\"Casa ML \/ Agraz Arquitectos + Di Vece y Asociados (referencias)\" data-rl_title=\"Casa ML \/ Agraz Arquitectos + Di Vece y Asociados (referencias)\" class=\"rl-gallery-link\" data-rl_caption=\"Casa ML \/ Agraz Arquitectos + Di Vece y Asociados (referencias)\" data-rel=\"lightbox-gallery-1\"><img loading=\"lazy\" decoding=\"async\" width=\"150\" height=\"150\" src=\"https:\/\/www.arquimaster.com.ar\/web\/wp-content\/uploads\/2014\/11\/casa_ml54-150x150.jpg\" class=\"attachment-thumbnail size-thumbnail\" alt=\"\" aria-describedby=\"gallery-1-11037\" srcset=\"https:\/\/www.arquimaster.com.ar\/web\/wp-content\/uploads\/2014\/11\/casa_ml54-150x150.jpg 150w, https:\/\/www.arquimaster.com.ar\/web\/wp-content\/uploads\/2014\/11\/casa_ml54-50x50.jpg 50w, https:\/\/www.arquimaster.com.ar\/web\/wp-content\/uploads\/2014\/11\/casa_ml54-125x125.jpg 125w\" sizes=\"auto, (max-width: 150px) 100vw, 150px\" \/><\/a>\n\t\t\t<\/div>\n\t\t\t\t<figcaption class='wp-caption-text gallery-caption' id='gallery-1-11037'>\n\t\t\t\tCasa ML \/ Agraz Arquitectos + Di Vece y Asociados (referencias)\n\t\t\t\t<\/figcaption><\/figure>\n\t\t<\/div>\n\n<p>El proyecto propone diluir los l\u00edmites entre el espacio urbano y el arquitect\u00f3nico. Por tanto, la calle se transforma en jard\u00edn y subsecuentemente en plaza, y \u00e9sta en patio, ofreciendo una transici\u00f3n entre lo p\u00fablico y lo privado, entre el sol y la sombra, entre lo abierto y lo cerrado.<\/p>\n<p>Una vez cruzado el umbral de ingreso, un espejo de agua que levita sobre un peque\u00f1o jard\u00edn induce el acceso a la casa mediante la proyecci\u00f3n de im\u00e1genes en positivo y negativo, es decir, la reflexi\u00f3n del cielo y del ramaje de un \u00e1rbol que emerge exc\u00e9ntricamente desde s\u00ed.<\/p>\n<p>Bajo una sinuosa superficie de madera, se da la situaci\u00f3n de acceso, que lleva al espacio rector de Casa ML.<\/p>\n<p>A doble altura, recoge por un lado, la posibilidad de circular hacia todo recinto interior, y por otro, da cabida a la navegaci\u00f3n del sol -por paredes y piso seg\u00fan la hora del d\u00eda o estaci\u00f3n del a\u00f1o- a trav\u00e9s de una horadaci\u00f3n ovoide en la cubierta, tamizada por unas p\u00e9rgolas ondulantes, de nueva vez, en madera.<\/p>\n<p>La posibilidad de circulaci\u00f3n vertical es permitida en este espacio desde el s\u00f3tano hacia cada uno de los niveles.<\/p>\n<p>As\u00ed, partiendo del estacionamiento subterr\u00e1neo -que refuerza la idea de poner al ser humano por encima del autom\u00f3vil tanto en el sentido filos\u00f3fico como el est\u00e9tico-, este vest\u00edbulo hace las veces de articulador hacia el resto de las \u00e1reas.<\/p>\n<p>Sala, comedor y cocina -en planta baja-, aprovechan los beneficios de la orientaci\u00f3n al sur, disfrutando la vista del jard\u00edn, al tiempo que en planta alta, las rec\u00e1maras gozan adem\u00e1s de la quietud de lo privado y la paz del silencio interior.<\/p>\n<p>En tanto, ludoteca y family room, representan el cierre del vest\u00edbulo, avanzan en direcci\u00f3n Norte, adquiriendo protagonismo en la soluci\u00f3n de la fachada.<\/p>\n<p>Casa ML re\u00fane dos firmas de arquitectura y provoca el encuentro de artes pl\u00e1sticas, dise\u00f1o industrial y fotograf\u00eda, buscando ultimar el espacio para transformarlo en el escenario de vida integral donde transcurre la existencia de esta singular familia.<\/p>\n<p>Texto por Ana Guerrerosantos<\/p>\n<p><strong>Acerca de los proyectistas<\/strong><br \/>\nAgraz Arquitectos y Di Vece y Asociados, despachos que comparten la importancia de la relaci\u00f3n entre arquitectura y contexto, as\u00ed como entre las caracter\u00edsticas dadas en el exterior y las creadas para el interior, convergen en esta prioridad. Ambos se fundamentan en una propuesta est\u00e9tica que busca por forma la sutileza geom\u00e9trica, al tiempo que la profundidad art\u00edstica; mientras que por fondo, el eterno enaltecimiento del ser humano, por encima de materia y objeto. Juntos, los equipos comandados por Ricardo Agraz y Paolino Di Vece, en concordancia con la ingenier\u00eda de Rodolfo Ojeda, logran una arquitectura de armonizados contrastes que aprovecha tanto la luz natural para convertirla en el aliado que transforma el espacio con sus recorridos, como la sombra que acent\u00faa los materiales y colores propios del lugar.<\/p>\n<p><strong>Ficha tecnica<\/strong><br \/>\nNombre: Casa ML<br \/>\nUbicaci\u00f3n: Fraccionamiento el Secreto, Guadalajara, Jalisco, Mexico<br \/>\nAutores: Agraz Arquitectos SC, Ricardo Agraz, Paolino Di Vece<br \/>\nColaboradores: Alberto Tacher, Sara Tamez, Marisol Reynoso, Juan Antonio Jaime, Jessica Maga\u00f1a, Javier Guti\u00e9rrez, Edgar Ben\u00edtez, Lu\u00eds Enrique Reynoso<br \/>\nConstrucci\u00f3n: Planeaci\u00f3n Integral Constructores, Ing. Rodolfo Ojeda Ezeta<br \/>\nCarpinter\u00eda: Esteban Guti\u00e9rrez<br \/>\nAluminio: Ico Alum, Le\u00f3n Cabrera<br \/>\nIluminaci\u00f3n: Construlita, Sergio Talanc\u00f3n<br \/>\nBa\u00f1os: Bathaus, Rams\u00e9s Galindo<br \/>\nPiedra: Luigi Sasso<br \/>\nM\u00e1rmol: Javier Covarrubias<br \/>\nCocina: Mobile<br \/>\nArte: Fernando Sandoval, Adri\u00e1n Guerrero<br \/>\nDise\u00f1o de Interiores: Liliana Lavin<br \/>\nDise\u00f1o Industrial: Cubo 3, H\u00e9ctor Navarro<br \/>\n\u00c1rea terreno: 730 m2<br \/>\n\u00c1rea construida: 615m2<br \/>\nFecha de proyecto: 2006<br \/>\nFecha de obra: 2007<br \/>\nFotograf\u00eda: Mito Covarrubias<\/p>\n<p><strong>Contacto:<\/strong> <a title=\"Agraz Arquitectos\" href=\"http:\/\/www.agrazarquitectos.com\" target=\"_blank\">http:\/\/www.agrazarquitectos.com<\/a><\/p>\n\n<div style=\"font-size: 0px; height: 0px; line-height: 0px; margin: 0; padding: 0; clear: both;\"><\/div><div style=\"margin-top: 0px; margin-bottom: 0px;\" class=\"sharethis-inline-share-buttons\" ><\/div>","protected":false},"excerpt":{"rendered":"<p>El proyecto propone diluir los l\u00edmites entre el espacio urbano y el arquitect\u00f3nico&#8230;<\/p>\n","protected":false},"author":1,"featured_media":10983,"comment_status":"closed","ping_status":"closed","sticky":false,"template":"","format":"standard","meta":{"_uag_custom_page_level_css":"","footnotes":""},"categories":[1,83],"tags":[2500,2799,2801,1052,24,2800,2502,254],"class_list":["post-10982","post","type-post","status-publish","format-standard","has-post-thumbnail","hentry","category-proyecto","category-vivienda-unifamiliar","tag-agraz-arquitectos","tag-di-vece-y-asociados","tag-guadalajara","tag-jalisco","tag-mexico","tag-paolino-di-vece","tag-ricardo-agraz","tag-vivienda-unifamiliar-2","generate-columns","tablet-grid-50","mobile-grid-100","grid-parent","grid-50"],"yoast_head":"<!-- This site is optimized with the Yoast SEO plugin v27.3 - https:\/\/yoast.com\/product\/yoast-seo-wordpress\/ -->\n<title>Casa ML \/ Agraz Arquitectos + Di Vece y Asociados - Arquimaster<\/title>\n<meta name=\"robots\" content=\"index, follow, max-snippet:-1, max-image-preview:large, max-video-preview:-1\" \/>\n<link rel=\"canonical\" href=\"https:\/\/www.arquimaster.com.ar\/web\/casa-ml-agraz-arquitectos-di-vece-y-asociados\/\" \/>\n<meta property=\"og:locale\" content=\"es_ES\" \/>\n<meta property=\"og:type\" content=\"article\" \/>\n<meta property=\"og:title\" content=\"Casa ML \/ Agraz Arquitectos + Di Vece y Asociados - Arquimaster\" \/>\n<meta property=\"og:description\" content=\"El proyecto propone diluir los l\u00edmites entre el espacio urbano y el arquitect\u00f3nico...\" \/>\n<meta property=\"og:url\" content=\"https:\/\/www.arquimaster.com.ar\/web\/casa-ml-agraz-arquitectos-di-vece-y-asociados\/\" \/>\n<meta property=\"og:site_name\" content=\"Arquimaster\" \/>\n<meta property=\"article:publisher\" content=\"http:\/\/www.facebook.com\/ARQUIMASTER.com.ar\" \/>\n<meta property=\"article:published_time\" content=\"2014-11-02T20:22:38+00:00\" \/>\n<meta property=\"og:image\" content=\"https:\/\/www.arquimaster.com.ar\/web\/wp-content\/uploads\/2014\/11\/casa_ml_slide.jpg\" \/>\n\t<meta property=\"og:image:width\" content=\"642\" \/>\n\t<meta property=\"og:image:height\" content=\"336\" \/>\n\t<meta property=\"og:image:type\" content=\"image\/jpeg\" \/>\n<meta name=\"author\" content=\"Arquimaster\" \/>\n<meta name=\"twitter:card\" content=\"summary_large_image\" \/>\n<meta name=\"twitter:creator\" content=\"@arquimaster\" \/>\n<meta name=\"twitter:site\" content=\"@arquimaster\" \/>\n<meta name=\"twitter:label1\" content=\"Escrito por\" \/>\n\t<meta name=\"twitter:data1\" content=\"Arquimaster\" \/>\n\t<meta name=\"twitter:label2\" content=\"Tiempo de lectura\" \/>\n\t<meta name=\"twitter:data2\" content=\"3 minutos\" \/>\n<script type=\"application\/ld+json\" class=\"yoast-schema-graph\">{\"@context\":\"https:\\\/\\\/schema.org\",\"@graph\":[{\"@type\":\"Article\",\"@id\":\"https:\\\/\\\/www.arquimaster.com.ar\\\/web\\\/casa-ml-agraz-arquitectos-di-vece-y-asociados\\\/#article\",\"isPartOf\":{\"@id\":\"https:\\\/\\\/www.arquimaster.com.ar\\\/web\\\/casa-ml-agraz-arquitectos-di-vece-y-asociados\\\/\"},\"author\":{\"name\":\"Arquimaster\",\"@id\":\"https:\\\/\\\/www.arquimaster.com.ar\\\/web\\\/#\\\/schema\\\/person\\\/359e9f7c00193fcde068e0dd2ceb0028\"},\"headline\":\"Casa ML \\\/ Agraz Arquitectos + Di Vece y Asociados\",\"datePublished\":\"2014-11-02T20:22:38+00:00\",\"mainEntityOfPage\":{\"@id\":\"https:\\\/\\\/www.arquimaster.com.ar\\\/web\\\/casa-ml-agraz-arquitectos-di-vece-y-asociados\\\/\"},\"wordCount\":704,\"publisher\":{\"@id\":\"https:\\\/\\\/www.arquimaster.com.ar\\\/web\\\/#organization\"},\"image\":{\"@id\":\"https:\\\/\\\/www.arquimaster.com.ar\\\/web\\\/casa-ml-agraz-arquitectos-di-vece-y-asociados\\\/#primaryimage\"},\"thumbnailUrl\":\"https:\\\/\\\/www.arquimaster.com.ar\\\/web\\\/wp-content\\\/uploads\\\/2014\\\/11\\\/casa_ml_slide.jpg\",\"keywords\":[\"Agraz Arquitectos\",\"Di Vece y Asociados\",\"Guadalajara\",\"Jalisco\",\"Mexico\",\"Paolino Di Vece\",\"Ricardo Agraz\",\"vivienda unifamiliar\"],\"articleSection\":[\"Proyecto\",\"Vivienda unifamiliar y PH\"],\"inLanguage\":\"es\"},{\"@type\":\"WebPage\",\"@id\":\"https:\\\/\\\/www.arquimaster.com.ar\\\/web\\\/casa-ml-agraz-arquitectos-di-vece-y-asociados\\\/\",\"url\":\"https:\\\/\\\/www.arquimaster.com.ar\\\/web\\\/casa-ml-agraz-arquitectos-di-vece-y-asociados\\\/\",\"name\":\"Casa ML \\\/ Agraz Arquitectos + Di Vece y Asociados - Arquimaster\",\"isPartOf\":{\"@id\":\"https:\\\/\\\/www.arquimaster.com.ar\\\/web\\\/#website\"},\"primaryImageOfPage\":{\"@id\":\"https:\\\/\\\/www.arquimaster.com.ar\\\/web\\\/casa-ml-agraz-arquitectos-di-vece-y-asociados\\\/#primaryimage\"},\"image\":{\"@id\":\"https:\\\/\\\/www.arquimaster.com.ar\\\/web\\\/casa-ml-agraz-arquitectos-di-vece-y-asociados\\\/#primaryimage\"},\"thumbnailUrl\":\"https:\\\/\\\/www.arquimaster.com.ar\\\/web\\\/wp-content\\\/uploads\\\/2014\\\/11\\\/casa_ml_slide.jpg\",\"datePublished\":\"2014-11-02T20:22:38+00:00\",\"breadcrumb\":{\"@id\":\"https:\\\/\\\/www.arquimaster.com.ar\\\/web\\\/casa-ml-agraz-arquitectos-di-vece-y-asociados\\\/#breadcrumb\"},\"inLanguage\":\"es\",\"potentialAction\":[{\"@type\":\"ReadAction\",\"target\":[\"https:\\\/\\\/www.arquimaster.com.ar\\\/web\\\/casa-ml-agraz-arquitectos-di-vece-y-asociados\\\/\"]}]},{\"@type\":\"ImageObject\",\"inLanguage\":\"es\",\"@id\":\"https:\\\/\\\/www.arquimaster.com.ar\\\/web\\\/casa-ml-agraz-arquitectos-di-vece-y-asociados\\\/#primaryimage\",\"url\":\"https:\\\/\\\/www.arquimaster.com.ar\\\/web\\\/wp-content\\\/uploads\\\/2014\\\/11\\\/casa_ml_slide.jpg\",\"contentUrl\":\"https:\\\/\\\/www.arquimaster.com.ar\\\/web\\\/wp-content\\\/uploads\\\/2014\\\/11\\\/casa_ml_slide.jpg\",\"width\":642,\"height\":336},{\"@type\":\"BreadcrumbList\",\"@id\":\"https:\\\/\\\/www.arquimaster.com.ar\\\/web\\\/casa-ml-agraz-arquitectos-di-vece-y-asociados\\\/#breadcrumb\",\"itemListElement\":[{\"@type\":\"ListItem\",\"position\":1,\"name\":\"Portada\",\"item\":\"https:\\\/\\\/www.arquimaster.com.ar\\\/web\\\/\"},{\"@type\":\"ListItem\",\"position\":2,\"name\":\"Casa ML \\\/ Agraz Arquitectos + Di Vece y Asociados\"}]},{\"@type\":\"WebSite\",\"@id\":\"https:\\\/\\\/www.arquimaster.com.ar\\\/web\\\/#website\",\"url\":\"https:\\\/\\\/www.arquimaster.com.ar\\\/web\\\/\",\"name\":\"Arquimaster\",\"description\":\"Web de arquitectura, dise\u00f1o y construccion\",\"publisher\":{\"@id\":\"https:\\\/\\\/www.arquimaster.com.ar\\\/web\\\/#organization\"},\"potentialAction\":[{\"@type\":\"SearchAction\",\"target\":{\"@type\":\"EntryPoint\",\"urlTemplate\":\"https:\\\/\\\/www.arquimaster.com.ar\\\/web\\\/?s={search_term_string}\"},\"query-input\":{\"@type\":\"PropertyValueSpecification\",\"valueRequired\":true,\"valueName\":\"search_term_string\"}}],\"inLanguage\":\"es\"},{\"@type\":\"Organization\",\"@id\":\"https:\\\/\\\/www.arquimaster.com.ar\\\/web\\\/#organization\",\"name\":\"Arquimaster\",\"url\":\"https:\\\/\\\/www.arquimaster.com.ar\\\/web\\\/\",\"logo\":{\"@type\":\"ImageObject\",\"inLanguage\":\"es\",\"@id\":\"https:\\\/\\\/www.arquimaster.com.ar\\\/web\\\/#\\\/schema\\\/logo\\\/image\\\/\",\"url\":\"https:\\\/\\\/www.arquimaster.com.ar\\\/web\\\/wp-content\\\/uploads\\\/2022\\\/06\\\/arquimaster.png\",\"contentUrl\":\"https:\\\/\\\/www.arquimaster.com.ar\\\/web\\\/wp-content\\\/uploads\\\/2022\\\/06\\\/arquimaster.png\",\"width\":594,\"height\":78,\"caption\":\"Arquimaster\"},\"image\":{\"@id\":\"https:\\\/\\\/www.arquimaster.com.ar\\\/web\\\/#\\\/schema\\\/logo\\\/image\\\/\"},\"sameAs\":[\"http:\\\/\\\/www.facebook.com\\\/ARQUIMASTER.com.ar\",\"https:\\\/\\\/x.com\\\/arquimaster\",\"https:\\\/\\\/www.instagram.com\\\/arquimasterblog\\\/\",\"https:\\\/\\\/www.linkedin.com\\\/company\\\/arquimaster\",\"https:\\\/\\\/www.pinterest.com\\\/arquimaster\",\"https:\\\/\\\/t.me\\\/arquimaster\"]},{\"@type\":\"Person\",\"@id\":\"https:\\\/\\\/www.arquimaster.com.ar\\\/web\\\/#\\\/schema\\\/person\\\/359e9f7c00193fcde068e0dd2ceb0028\",\"name\":\"Arquimaster\"}]}<\/script>\n<!-- \/ Yoast SEO plugin. -->","yoast_head_json":{"title":"Casa ML \/ Agraz Arquitectos + Di Vece y Asociados - Arquimaster","robots":{"index":"index","follow":"follow","max-snippet":"max-snippet:-1","max-image-preview":"max-image-preview:large","max-video-preview":"max-video-preview:-1"},"canonical":"https:\/\/www.arquimaster.com.ar\/web\/casa-ml-agraz-arquitectos-di-vece-y-asociados\/","og_locale":"es_ES","og_type":"article","og_title":"Casa ML \/ Agraz Arquitectos + Di Vece y Asociados - Arquimaster","og_description":"El proyecto propone diluir los l\u00edmites entre el espacio urbano y el arquitect\u00f3nico...","og_url":"https:\/\/www.arquimaster.com.ar\/web\/casa-ml-agraz-arquitectos-di-vece-y-asociados\/","og_site_name":"Arquimaster","article_publisher":"http:\/\/www.facebook.com\/ARQUIMASTER.com.ar","article_published_time":"2014-11-02T20:22:38+00:00","og_image":[{"width":642,"height":336,"url":"https:\/\/www.arquimaster.com.ar\/web\/wp-content\/uploads\/2014\/11\/casa_ml_slide.jpg","type":"image\/jpeg"}],"author":"Arquimaster","twitter_card":"summary_large_image","twitter_creator":"@arquimaster","twitter_site":"@arquimaster","twitter_misc":{"Escrito por":"Arquimaster","Tiempo de lectura":"3 minutos"},"schema":{"@context":"https:\/\/schema.org","@graph":[{"@type":"Article","@id":"https:\/\/www.arquimaster.com.ar\/web\/casa-ml-agraz-arquitectos-di-vece-y-asociados\/#article","isPartOf":{"@id":"https:\/\/www.arquimaster.com.ar\/web\/casa-ml-agraz-arquitectos-di-vece-y-asociados\/"},"author":{"name":"Arquimaster","@id":"https:\/\/www.arquimaster.com.ar\/web\/#\/schema\/person\/359e9f7c00193fcde068e0dd2ceb0028"},"headline":"Casa ML \/ Agraz Arquitectos + Di Vece y Asociados","datePublished":"2014-11-02T20:22:38+00:00","mainEntityOfPage":{"@id":"https:\/\/www.arquimaster.com.ar\/web\/casa-ml-agraz-arquitectos-di-vece-y-asociados\/"},"wordCount":704,"publisher":{"@id":"https:\/\/www.arquimaster.com.ar\/web\/#organization"},"image":{"@id":"https:\/\/www.arquimaster.com.ar\/web\/casa-ml-agraz-arquitectos-di-vece-y-asociados\/#primaryimage"},"thumbnailUrl":"https:\/\/www.arquimaster.com.ar\/web\/wp-content\/uploads\/2014\/11\/casa_ml_slide.jpg","keywords":["Agraz Arquitectos","Di Vece y Asociados","Guadalajara","Jalisco","Mexico","Paolino Di Vece","Ricardo Agraz","vivienda unifamiliar"],"articleSection":["Proyecto","Vivienda unifamiliar y PH"],"inLanguage":"es"},{"@type":"WebPage","@id":"https:\/\/www.arquimaster.com.ar\/web\/casa-ml-agraz-arquitectos-di-vece-y-asociados\/","url":"https:\/\/www.arquimaster.com.ar\/web\/casa-ml-agraz-arquitectos-di-vece-y-asociados\/","name":"Casa ML \/ Agraz Arquitectos + Di Vece y Asociados - Arquimaster","isPartOf":{"@id":"https:\/\/www.arquimaster.com.ar\/web\/#website"},"primaryImageOfPage":{"@id":"https:\/\/www.arquimaster.com.ar\/web\/casa-ml-agraz-arquitectos-di-vece-y-asociados\/#primaryimage"},"image":{"@id":"https:\/\/www.arquimaster.com.ar\/web\/casa-ml-agraz-arquitectos-di-vece-y-asociados\/#primaryimage"},"thumbnailUrl":"https:\/\/www.arquimaster.com.ar\/web\/wp-content\/uploads\/2014\/11\/casa_ml_slide.jpg","datePublished":"2014-11-02T20:22:38+00:00","breadcrumb":{"@id":"https:\/\/www.arquimaster.com.ar\/web\/casa-ml-agraz-arquitectos-di-vece-y-asociados\/#breadcrumb"},"inLanguage":"es","potentialAction":[{"@type":"ReadAction","target":["https:\/\/www.arquimaster.com.ar\/web\/casa-ml-agraz-arquitectos-di-vece-y-asociados\/"]}]},{"@type":"ImageObject","inLanguage":"es","@id":"https:\/\/www.arquimaster.com.ar\/web\/casa-ml-agraz-arquitectos-di-vece-y-asociados\/#primaryimage","url":"https:\/\/www.arquimaster.com.ar\/web\/wp-content\/uploads\/2014\/11\/casa_ml_slide.jpg","contentUrl":"https:\/\/www.arquimaster.com.ar\/web\/wp-content\/uploads\/2014\/11\/casa_ml_slide.jpg","width":642,"height":336},{"@type":"BreadcrumbList","@id":"https:\/\/www.arquimaster.com.ar\/web\/casa-ml-agraz-arquitectos-di-vece-y-asociados\/#breadcrumb","itemListElement":[{"@type":"ListItem","position":1,"name":"Portada","item":"https:\/\/www.arquimaster.com.ar\/web\/"},{"@type":"ListItem","position":2,"name":"Casa ML \/ Agraz Arquitectos + Di Vece y Asociados"}]},{"@type":"WebSite","@id":"https:\/\/www.arquimaster.com.ar\/web\/#website","url":"https:\/\/www.arquimaster.com.ar\/web\/","name":"Arquimaster","description":"Web de arquitectura, dise\u00f1o y construccion","publisher":{"@id":"https:\/\/www.arquimaster.com.ar\/web\/#organization"},"potentialAction":[{"@type":"SearchAction","target":{"@type":"EntryPoint","urlTemplate":"https:\/\/www.arquimaster.com.ar\/web\/?s={search_term_string}"},"query-input":{"@type":"PropertyValueSpecification","valueRequired":true,"valueName":"search_term_string"}}],"inLanguage":"es"},{"@type":"Organization","@id":"https:\/\/www.arquimaster.com.ar\/web\/#organization","name":"Arquimaster","url":"https:\/\/www.arquimaster.com.ar\/web\/","logo":{"@type":"ImageObject","inLanguage":"es","@id":"https:\/\/www.arquimaster.com.ar\/web\/#\/schema\/logo\/image\/","url":"https:\/\/www.arquimaster.com.ar\/web\/wp-content\/uploads\/2022\/06\/arquimaster.png","contentUrl":"https:\/\/www.arquimaster.com.ar\/web\/wp-content\/uploads\/2022\/06\/arquimaster.png","width":594,"height":78,"caption":"Arquimaster"},"image":{"@id":"https:\/\/www.arquimaster.com.ar\/web\/#\/schema\/logo\/image\/"},"sameAs":["http:\/\/www.facebook.com\/ARQUIMASTER.com.ar","https:\/\/x.com\/arquimaster","https:\/\/www.instagram.com\/arquimasterblog\/","https:\/\/www.linkedin.com\/company\/arquimaster","https:\/\/www.pinterest.com\/arquimaster","https:\/\/t.me\/arquimaster"]},{"@type":"Person","@id":"https:\/\/www.arquimaster.com.ar\/web\/#\/schema\/person\/359e9f7c00193fcde068e0dd2ceb0028","name":"Arquimaster"}]}},"uagb_featured_image_src":{"full":["https:\/\/www.arquimaster.com.ar\/web\/wp-content\/uploads\/2014\/11\/casa_ml_slide.jpg",642,336,false],"thumbnail":["https:\/\/www.arquimaster.com.ar\/web\/wp-content\/uploads\/2014\/11\/casa_ml_slide-150x150.jpg",150,150,true],"medium":["https:\/\/www.arquimaster.com.ar\/web\/wp-content\/uploads\/2014\/11\/casa_ml_slide-300x157.jpg",300,157,true],"medium_large":["https:\/\/www.arquimaster.com.ar\/web\/wp-content\/uploads\/2014\/11\/casa_ml_slide.jpg",642,336,false],"large":["https:\/\/www.arquimaster.com.ar\/web\/wp-content\/uploads\/2014\/11\/casa_ml_slide.jpg",642,336,false],"1536x1536":["https:\/\/www.arquimaster.com.ar\/web\/wp-content\/uploads\/2014\/11\/casa_ml_slide.jpg",642,336,false],"2048x2048":["https:\/\/www.arquimaster.com.ar\/web\/wp-content\/uploads\/2014\/11\/casa_ml_slide.jpg",642,336,false]},"uagb_author_info":{"display_name":"Arquimaster","author_link":"https:\/\/www.arquimaster.com.ar\/web\/author\/arquimaster\/"},"uagb_comment_info":0,"uagb_excerpt":"El proyecto propone diluir los l\u00edmites entre el espacio urbano y el arquitect\u00f3nico...","_links":{"self":[{"href":"https:\/\/www.arquimaster.com.ar\/web\/wp-json\/wp\/v2\/posts\/10982","targetHints":{"allow":["GET"]}}],"collection":[{"href":"https:\/\/www.arquimaster.com.ar\/web\/wp-json\/wp\/v2\/posts"}],"about":[{"href":"https:\/\/www.arquimaster.com.ar\/web\/wp-json\/wp\/v2\/types\/post"}],"author":[{"embeddable":true,"href":"https:\/\/www.arquimaster.com.ar\/web\/wp-json\/wp\/v2\/users\/1"}],"replies":[{"embeddable":true,"href":"https:\/\/www.arquimaster.com.ar\/web\/wp-json\/wp\/v2\/comments?post=10982"}],"version-history":[{"count":0,"href":"https:\/\/www.arquimaster.com.ar\/web\/wp-json\/wp\/v2\/posts\/10982\/revisions"}],"wp:featuredmedia":[{"embeddable":true,"href":"https:\/\/www.arquimaster.com.ar\/web\/wp-json\/wp\/v2\/media\/10983"}],"wp:attachment":[{"href":"https:\/\/www.arquimaster.com.ar\/web\/wp-json\/wp\/v2\/media?parent=10982"}],"wp:term":[{"taxonomy":"category","embeddable":true,"href":"https:\/\/www.arquimaster.com.ar\/web\/wp-json\/wp\/v2\/categories?post=10982"},{"taxonomy":"post_tag","embeddable":true,"href":"https:\/\/www.arquimaster.com.ar\/web\/wp-json\/wp\/v2\/tags?post=10982"}],"curies":[{"name":"wp","href":"https:\/\/api.w.org\/{rel}","templated":true}]}}