{"id":11184,"date":"2014-11-09T09:30:39","date_gmt":"2014-11-09T09:30:39","guid":{"rendered":"http:\/\/www.arquimaster.com.ar\/web\/?p=11184"},"modified":"2014-11-09T23:36:45","modified_gmt":"2014-11-09T23:36:45","slug":"galeria-espacio-39-casa-foa-2014-paola-rossi","status":"publish","type":"post","link":"https:\/\/www.arquimaster.com.ar\/web\/galeria-espacio-39-casa-foa-2014-paola-rossi\/","title":{"rendered":"Galer\u00eda (Espacio 39 Casa FOA 2014) \/ Paola Rossi"},"content":{"rendered":"<div style=\"margin-top: 0px; margin-bottom: 0px;\" class=\"sharethis-inline-share-buttons\" ><\/div><div class=\"b812932af2e751442846f039925109de\" data-index=\"1\" style=\"float: none; margin:25px 0 25px 0; text-align:center;\">\n<script async src=\"https:\/\/pagead2.googlesyndication.com\/pagead\/js\/adsbygoogle.js\"><\/script>\r\n<!-- Arquimaster (superior) -->\r\n<ins class=\"adsbygoogle\"\r\n     style=\"display:block\"\r\n     data-ad-client=\"ca-pub-6351072698456832\"\r\n     data-ad-slot=\"6455489680\"\r\n     data-ad-format=\"auto\"\r\n     data-full-width-responsive=\"true\"><\/ins>\r\n<script>\r\n     (adsbygoogle = window.adsbygoogle || []).push({});\r\n<\/script>\n<\/div>\n<p><strong>Galer\u00eda<\/strong> (Espacio 39 Casa FOA 2014 La Abadia) por <strong>Paola Rossi<\/strong>. Nuestro espacio est\u00e1 definido por la intenci\u00f3n clara de que sea un lugar en el cual los visitantes a la muestra puedan participar interactuando con el mismo.<\/p>\n<div id='gallery-1' class='gallery galleryid-11184 gallery-columns-3 gallery-size-thumbnail'><figure class='gallery-item'>\n\t\t\t<div class='gallery-icon portrait'>\n\t\t\t\t<a href='https:\/\/www.arquimaster.com.ar\/web\/wp-content\/uploads\/2014\/11\/espacio39_casafoa2014_3.jpg' title=\"Galer\u00eda (Espacio 39 Casa FOA 2014) \/ Paola Rossi\" data-rl_title=\"Galer\u00eda (Espacio 39 Casa FOA 2014) \/ Paola Rossi\" class=\"rl-gallery-link\" data-rl_caption=\"Galer\u00eda (Espacio 39 Casa FOA 2014) \/ Paola Rossi\" data-rel=\"lightbox-gallery-1\"><img loading=\"lazy\" decoding=\"async\" width=\"150\" height=\"150\" src=\"https:\/\/www.arquimaster.com.ar\/web\/wp-content\/uploads\/2014\/11\/espacio39_casafoa2014_3-150x150.jpg\" class=\"attachment-thumbnail size-thumbnail\" alt=\"\" aria-describedby=\"gallery-1-11188\" srcset=\"https:\/\/www.arquimaster.com.ar\/web\/wp-content\/uploads\/2014\/11\/espacio39_casafoa2014_3-150x150.jpg 150w, https:\/\/www.arquimaster.com.ar\/web\/wp-content\/uploads\/2014\/11\/espacio39_casafoa2014_3-50x50.jpg 50w, https:\/\/www.arquimaster.com.ar\/web\/wp-content\/uploads\/2014\/11\/espacio39_casafoa2014_3-125x125.jpg 125w\" sizes=\"auto, (max-width: 150px) 100vw, 150px\" \/><\/a>\n\t\t\t<\/div>\n\t\t\t\t<figcaption class='wp-caption-text gallery-caption' id='gallery-1-11188'>\n\t\t\t\tGaler\u00eda (Espacio 39 Casa FOA 2014) \/ Paola Rossi\n\t\t\t\t<\/figcaption><\/figure><figure class='gallery-item'>\n\t\t\t<div class='gallery-icon portrait'>\n\t\t\t\t<a href='https:\/\/www.arquimaster.com.ar\/web\/wp-content\/uploads\/2014\/11\/espacio39_casafoa2014_1.jpg' title=\"Galer\u00eda (Espacio 39 Casa FOA 2014) \/ Paola Rossi\" data-rl_title=\"Galer\u00eda (Espacio 39 Casa FOA 2014) \/ Paola Rossi\" class=\"rl-gallery-link\" data-rl_caption=\"Galer\u00eda (Espacio 39 Casa FOA 2014) \/ Paola Rossi\" data-rel=\"lightbox-gallery-1\"><img loading=\"lazy\" decoding=\"async\" width=\"150\" height=\"150\" src=\"https:\/\/www.arquimaster.com.ar\/web\/wp-content\/uploads\/2014\/11\/espacio39_casafoa2014_1-150x150.jpg\" class=\"attachment-thumbnail size-thumbnail\" alt=\"\" aria-describedby=\"gallery-1-11186\" srcset=\"https:\/\/www.arquimaster.com.ar\/web\/wp-content\/uploads\/2014\/11\/espacio39_casafoa2014_1-150x150.jpg 150w, https:\/\/www.arquimaster.com.ar\/web\/wp-content\/uploads\/2014\/11\/espacio39_casafoa2014_1-50x50.jpg 50w, https:\/\/www.arquimaster.com.ar\/web\/wp-content\/uploads\/2014\/11\/espacio39_casafoa2014_1-125x125.jpg 125w\" sizes=\"auto, (max-width: 150px) 100vw, 150px\" \/><\/a>\n\t\t\t<\/div>\n\t\t\t\t<figcaption class='wp-caption-text gallery-caption' id='gallery-1-11186'>\n\t\t\t\tGaler\u00eda (Espacio 39 Casa FOA 2014) \/ Paola Rossi\n\t\t\t\t<\/figcaption><\/figure><figure class='gallery-item'>\n\t\t\t<div class='gallery-icon portrait'>\n\t\t\t\t<a href='https:\/\/www.arquimaster.com.ar\/web\/wp-content\/uploads\/2014\/11\/espacio39_casafoa2014_4.jpg' title=\"Galer\u00eda (Espacio 39 Casa FOA 2014) \/ Paola Rossi\" data-rl_title=\"Galer\u00eda (Espacio 39 Casa FOA 2014) \/ Paola Rossi\" class=\"rl-gallery-link\" data-rl_caption=\"Galer\u00eda (Espacio 39 Casa FOA 2014) \/ Paola Rossi\" data-rel=\"lightbox-gallery-1\"><img loading=\"lazy\" decoding=\"async\" width=\"150\" height=\"150\" src=\"https:\/\/www.arquimaster.com.ar\/web\/wp-content\/uploads\/2014\/11\/espacio39_casafoa2014_4-150x150.jpg\" class=\"attachment-thumbnail size-thumbnail\" alt=\"\" aria-describedby=\"gallery-1-11189\" srcset=\"https:\/\/www.arquimaster.com.ar\/web\/wp-content\/uploads\/2014\/11\/espacio39_casafoa2014_4-150x150.jpg 150w, https:\/\/www.arquimaster.com.ar\/web\/wp-content\/uploads\/2014\/11\/espacio39_casafoa2014_4-50x50.jpg 50w, https:\/\/www.arquimaster.com.ar\/web\/wp-content\/uploads\/2014\/11\/espacio39_casafoa2014_4-125x125.jpg 125w\" sizes=\"auto, (max-width: 150px) 100vw, 150px\" \/><\/a>\n\t\t\t<\/div>\n\t\t\t\t<figcaption class='wp-caption-text gallery-caption' id='gallery-1-11189'>\n\t\t\t\tGaler\u00eda (Espacio 39 Casa FOA 2014) \/ Paola Rossi\n\t\t\t\t<\/figcaption><\/figure><figure class='gallery-item'>\n\t\t\t<div class='gallery-icon portrait'>\n\t\t\t\t<a href='https:\/\/www.arquimaster.com.ar\/web\/wp-content\/uploads\/2014\/11\/espacio39_casafoa2014_5.jpg' title=\"Galer\u00eda (Espacio 39 Casa FOA 2014) \/ Paola Rossi\" data-rl_title=\"Galer\u00eda (Espacio 39 Casa FOA 2014) \/ Paola Rossi\" class=\"rl-gallery-link\" data-rl_caption=\"Galer\u00eda (Espacio 39 Casa FOA 2014) \/ Paola Rossi\" data-rel=\"lightbox-gallery-1\"><img loading=\"lazy\" decoding=\"async\" width=\"150\" height=\"150\" src=\"https:\/\/www.arquimaster.com.ar\/web\/wp-content\/uploads\/2014\/11\/espacio39_casafoa2014_5-150x150.jpg\" class=\"attachment-thumbnail size-thumbnail\" alt=\"\" aria-describedby=\"gallery-1-11190\" srcset=\"https:\/\/www.arquimaster.com.ar\/web\/wp-content\/uploads\/2014\/11\/espacio39_casafoa2014_5-150x150.jpg 150w, https:\/\/www.arquimaster.com.ar\/web\/wp-content\/uploads\/2014\/11\/espacio39_casafoa2014_5-50x50.jpg 50w, https:\/\/www.arquimaster.com.ar\/web\/wp-content\/uploads\/2014\/11\/espacio39_casafoa2014_5-125x125.jpg 125w\" sizes=\"auto, (max-width: 150px) 100vw, 150px\" \/><\/a>\n\t\t\t<\/div>\n\t\t\t\t<figcaption class='wp-caption-text gallery-caption' id='gallery-1-11190'>\n\t\t\t\tGaler\u00eda (Espacio 39 Casa FOA 2014) \/ Paola Rossi\n\t\t\t\t<\/figcaption><\/figure><figure class='gallery-item'>\n\t\t\t<div class='gallery-icon portrait'>\n\t\t\t\t<a href='https:\/\/www.arquimaster.com.ar\/web\/wp-content\/uploads\/2014\/11\/espacio39_casafoa2014_6.jpg' title=\"Galer\u00eda (Espacio 39 Casa FOA 2014) \/ Paola Rossi\" data-rl_title=\"Galer\u00eda (Espacio 39 Casa FOA 2014) \/ Paola Rossi\" class=\"rl-gallery-link\" data-rl_caption=\"Galer\u00eda (Espacio 39 Casa FOA 2014) \/ Paola Rossi\" data-rel=\"lightbox-gallery-1\"><img loading=\"lazy\" decoding=\"async\" width=\"150\" height=\"150\" src=\"https:\/\/www.arquimaster.com.ar\/web\/wp-content\/uploads\/2014\/11\/espacio39_casafoa2014_6-150x150.jpg\" class=\"attachment-thumbnail size-thumbnail\" alt=\"\" aria-describedby=\"gallery-1-11191\" srcset=\"https:\/\/www.arquimaster.com.ar\/web\/wp-content\/uploads\/2014\/11\/espacio39_casafoa2014_6-150x150.jpg 150w, https:\/\/www.arquimaster.com.ar\/web\/wp-content\/uploads\/2014\/11\/espacio39_casafoa2014_6-50x50.jpg 50w, https:\/\/www.arquimaster.com.ar\/web\/wp-content\/uploads\/2014\/11\/espacio39_casafoa2014_6-125x125.jpg 125w\" sizes=\"auto, (max-width: 150px) 100vw, 150px\" \/><\/a>\n\t\t\t<\/div>\n\t\t\t\t<figcaption class='wp-caption-text gallery-caption' id='gallery-1-11191'>\n\t\t\t\tGaler\u00eda (Espacio 39 Casa FOA 2014) \/ Paola Rossi\n\t\t\t\t<\/figcaption><\/figure><figure class='gallery-item'>\n\t\t\t<div class='gallery-icon portrait'>\n\t\t\t\t<a href='https:\/\/www.arquimaster.com.ar\/web\/wp-content\/uploads\/2014\/11\/espacio39_casafoa2014_2.jpg' title=\"Galer\u00eda (Espacio 39 Casa FOA 2014) \/ Paola Rossi\" data-rl_title=\"Galer\u00eda (Espacio 39 Casa FOA 2014) \/ Paola Rossi\" class=\"rl-gallery-link\" data-rl_caption=\"Galer\u00eda (Espacio 39 Casa FOA 2014) \/ Paola Rossi\" data-rel=\"lightbox-gallery-1\"><img loading=\"lazy\" decoding=\"async\" width=\"150\" height=\"150\" src=\"https:\/\/www.arquimaster.com.ar\/web\/wp-content\/uploads\/2014\/11\/espacio39_casafoa2014_2-150x150.jpg\" class=\"attachment-thumbnail size-thumbnail\" alt=\"\" aria-describedby=\"gallery-1-11187\" srcset=\"https:\/\/www.arquimaster.com.ar\/web\/wp-content\/uploads\/2014\/11\/espacio39_casafoa2014_2-150x150.jpg 150w, https:\/\/www.arquimaster.com.ar\/web\/wp-content\/uploads\/2014\/11\/espacio39_casafoa2014_2-50x50.jpg 50w, https:\/\/www.arquimaster.com.ar\/web\/wp-content\/uploads\/2014\/11\/espacio39_casafoa2014_2-125x125.jpg 125w\" sizes=\"auto, (max-width: 150px) 100vw, 150px\" \/><\/a>\n\t\t\t<\/div>\n\t\t\t\t<figcaption class='wp-caption-text gallery-caption' id='gallery-1-11187'>\n\t\t\t\tGaler\u00eda (Espacio 39 Casa FOA 2014) \/ Paola Rossi\n\t\t\t\t<\/figcaption><\/figure>\n\t\t<\/div>\n\n<p>Es funcionalista, con intenci\u00f3n de generar un contenedor para relajar y disfrutar del entorno maravilloso de La Abad\u00eda y la paz que este espacio da en un lugar tan c\u00e9ntrico.<\/p>\n<p>Los materiales son nobles, madera, vidrio, vegetaci\u00f3n y luz.<\/p>\n<p>Al participar de nuestro espacio la dise\u00f1adora de iluminaci\u00f3n Paola Varchetta, la luz pasa a tomar un papel sumamente protag\u00f3nico.<\/p>\n<p>La perspectiva es importante tambi\u00e9n ya que la proporci\u00f3n de nuestra galer\u00eda nos invita a trabajar con ella.<\/p>\n<p>La idea es generar un espacio donde el recorrido y el estar conviven y son parte de un todo.<\/p>\n<p>La c\u00e1scara principal, el edificio y su claustro en el cual estamos incluidos fueron el ancla donde todas las ideas empezaron a fluir.<\/p>\n<p>Con una intenci\u00f3n clara de insertarnos como una instalaci\u00f3n sin modificar el espacio existente sino incorporando objetos y materiales de manera contempor\u00e1nea y en algun caso vanguardista para completarlo pero sin tocar nada de la arquitectura cl\u00e1sica.<\/p>\n<p>Siempre trabajamos con materiales nobles tratando de que ellos muestren su propia escencia sin modificarlos en estructura sino jugando con lo que ese material permite. Me gusta combinar diferentes texturas naturales.<\/p>\n<p>Estamos casi generando una pasarella donde el que no quiera perpetuar, fluya y cohabite con quien esta intentando ser y estar.<\/p>\n<p>Nos inspiramos un poco en los Highlines de New York donde esto que acabamos de explicar sucede y le da al visitante la opci\u00f3n que quiera para hacer en el timing que quiera.<\/p>\n<p>Al imaginar a los habitantes de este espacio queremos darles versatilidad y ductilidad, que puedan elegir en que lugar quieren estar, como espectadores o siento parte del espacio.<\/p>\n<p>Los elementos m\u00e1s importantes son las dos lenguas que arman la arquitectura del espacio.<\/p>\n<p>La red del cielorraso que quiere asemejar a una glorieta generada por los ca\u00f1ones corridos armada con las lingas dise\u00f1adas y construidas por el maravilloso dise\u00f1ador industrial Patricio Lix de La Feliz.<\/p>\n<p><strong>Premios<\/strong><br \/>\nMenci\u00f3n a la Mejor Intervenci\u00f3n en Espacios Comunes Casa FOA 2014<\/p>\n<p><strong>Contacto<\/strong><br \/>\n<a title=\"Paola Rossi\" href=\"http:\/\/www.projectcontainer.net\" target=\"_blank\">http:\/\/www.projectcontainer.net<\/a><\/p>\n\n<div style=\"font-size: 0px; height: 0px; line-height: 0px; margin: 0; padding: 0; clear: both;\"><\/div><div style=\"margin-top: 0px; margin-bottom: 0px;\" class=\"sharethis-inline-share-buttons\" ><\/div>","protected":false},"excerpt":{"rendered":"<p>Se trata de un lugar en el cual los visitantes puedan participar interactuando con el mismo&#8230;<\/p>\n","protected":false},"author":1,"featured_media":11185,"comment_status":"closed","ping_status":"closed","sticky":false,"template":"","format":"standard","meta":{"_uag_custom_page_level_css":"","footnotes":""},"categories":[2680,55],"tags":[2066,3524,37,1697,1401,2839,2681,2840],"class_list":["post-11184","post","type-post","status-publish","format-standard","has-post-thumbnail","hentry","category-casa-foa-2014","category-diseno","tag-casa-foa","tag-casa-foa-2014","tag-decoracion","tag-diseno-de-interiores","tag-foa","tag-galeria","tag-la-abadia","tag-paola-rossi","generate-columns","tablet-grid-50","mobile-grid-100","grid-parent","grid-50"],"yoast_head":"<!-- This site is optimized with the Yoast SEO plugin v27.3 - https:\/\/yoast.com\/product\/yoast-seo-wordpress\/ -->\n<title>Galer\u00eda (Espacio 39 Casa FOA 2014) \/ Paola Rossi - Arquimaster<\/title>\n<meta name=\"robots\" content=\"index, follow, max-snippet:-1, max-image-preview:large, max-video-preview:-1\" \/>\n<link rel=\"canonical\" href=\"https:\/\/www.arquimaster.com.ar\/web\/galeria-espacio-39-casa-foa-2014-paola-rossi\/\" \/>\n<meta property=\"og:locale\" content=\"es_ES\" \/>\n<meta property=\"og:type\" content=\"article\" \/>\n<meta property=\"og:title\" content=\"Galer\u00eda (Espacio 39 Casa FOA 2014) \/ Paola Rossi - Arquimaster\" \/>\n<meta property=\"og:description\" content=\"Se trata de un lugar en el cual los visitantes puedan participar interactuando con el mismo...\" \/>\n<meta property=\"og:url\" content=\"https:\/\/www.arquimaster.com.ar\/web\/galeria-espacio-39-casa-foa-2014-paola-rossi\/\" \/>\n<meta property=\"og:site_name\" content=\"Arquimaster\" \/>\n<meta property=\"article:publisher\" content=\"http:\/\/www.facebook.com\/ARQUIMASTER.com.ar\" \/>\n<meta property=\"article:published_time\" content=\"2014-11-09T09:30:39+00:00\" \/>\n<meta property=\"article:modified_time\" content=\"2014-11-09T23:36:45+00:00\" \/>\n<meta property=\"og:image\" content=\"https:\/\/www.arquimaster.com.ar\/web\/wp-content\/uploads\/2014\/11\/espacio39_casafoa2014_slide.jpg\" \/>\n\t<meta property=\"og:image:width\" content=\"642\" \/>\n\t<meta property=\"og:image:height\" content=\"336\" \/>\n\t<meta property=\"og:image:type\" content=\"image\/jpeg\" \/>\n<meta name=\"author\" content=\"Arquimaster\" \/>\n<meta name=\"twitter:card\" content=\"summary_large_image\" \/>\n<meta name=\"twitter:creator\" content=\"@arquimaster\" \/>\n<meta name=\"twitter:site\" content=\"@arquimaster\" \/>\n<meta name=\"twitter:label1\" content=\"Escrito por\" \/>\n\t<meta name=\"twitter:data1\" content=\"Arquimaster\" \/>\n\t<meta name=\"twitter:label2\" content=\"Tiempo de lectura\" \/>\n\t<meta name=\"twitter:data2\" content=\"2 minutos\" \/>\n<script type=\"application\/ld+json\" class=\"yoast-schema-graph\">{\"@context\":\"https:\\\/\\\/schema.org\",\"@graph\":[{\"@type\":\"Article\",\"@id\":\"https:\\\/\\\/www.arquimaster.com.ar\\\/web\\\/galeria-espacio-39-casa-foa-2014-paola-rossi\\\/#article\",\"isPartOf\":{\"@id\":\"https:\\\/\\\/www.arquimaster.com.ar\\\/web\\\/galeria-espacio-39-casa-foa-2014-paola-rossi\\\/\"},\"author\":{\"name\":\"Arquimaster\",\"@id\":\"https:\\\/\\\/www.arquimaster.com.ar\\\/web\\\/#\\\/schema\\\/person\\\/359e9f7c00193fcde068e0dd2ceb0028\"},\"headline\":\"Galer\u00eda (Espacio 39 Casa FOA 2014) \\\/ Paola Rossi\",\"datePublished\":\"2014-11-09T09:30:39+00:00\",\"dateModified\":\"2014-11-09T23:36:45+00:00\",\"mainEntityOfPage\":{\"@id\":\"https:\\\/\\\/www.arquimaster.com.ar\\\/web\\\/galeria-espacio-39-casa-foa-2014-paola-rossi\\\/\"},\"wordCount\":402,\"publisher\":{\"@id\":\"https:\\\/\\\/www.arquimaster.com.ar\\\/web\\\/#organization\"},\"image\":{\"@id\":\"https:\\\/\\\/www.arquimaster.com.ar\\\/web\\\/galeria-espacio-39-casa-foa-2014-paola-rossi\\\/#primaryimage\"},\"thumbnailUrl\":\"https:\\\/\\\/www.arquimaster.com.ar\\\/web\\\/wp-content\\\/uploads\\\/2014\\\/11\\\/espacio39_casafoa2014_slide.jpg\",\"keywords\":[\"Casa FOA\",\"Casa FOA 2014\",\"decoracion\",\"dise\u00f1o de interiores\",\"FOA\",\"galeria\",\"La Abadia\",\"Paola Rossi\"],\"articleSection\":[\"Casa FOA 2014\",\"Dise\u00f1o\"],\"inLanguage\":\"es\"},{\"@type\":\"WebPage\",\"@id\":\"https:\\\/\\\/www.arquimaster.com.ar\\\/web\\\/galeria-espacio-39-casa-foa-2014-paola-rossi\\\/\",\"url\":\"https:\\\/\\\/www.arquimaster.com.ar\\\/web\\\/galeria-espacio-39-casa-foa-2014-paola-rossi\\\/\",\"name\":\"Galer\u00eda (Espacio 39 Casa FOA 2014) \\\/ Paola Rossi - Arquimaster\",\"isPartOf\":{\"@id\":\"https:\\\/\\\/www.arquimaster.com.ar\\\/web\\\/#website\"},\"primaryImageOfPage\":{\"@id\":\"https:\\\/\\\/www.arquimaster.com.ar\\\/web\\\/galeria-espacio-39-casa-foa-2014-paola-rossi\\\/#primaryimage\"},\"image\":{\"@id\":\"https:\\\/\\\/www.arquimaster.com.ar\\\/web\\\/galeria-espacio-39-casa-foa-2014-paola-rossi\\\/#primaryimage\"},\"thumbnailUrl\":\"https:\\\/\\\/www.arquimaster.com.ar\\\/web\\\/wp-content\\\/uploads\\\/2014\\\/11\\\/espacio39_casafoa2014_slide.jpg\",\"datePublished\":\"2014-11-09T09:30:39+00:00\",\"dateModified\":\"2014-11-09T23:36:45+00:00\",\"breadcrumb\":{\"@id\":\"https:\\\/\\\/www.arquimaster.com.ar\\\/web\\\/galeria-espacio-39-casa-foa-2014-paola-rossi\\\/#breadcrumb\"},\"inLanguage\":\"es\",\"potentialAction\":[{\"@type\":\"ReadAction\",\"target\":[\"https:\\\/\\\/www.arquimaster.com.ar\\\/web\\\/galeria-espacio-39-casa-foa-2014-paola-rossi\\\/\"]}]},{\"@type\":\"ImageObject\",\"inLanguage\":\"es\",\"@id\":\"https:\\\/\\\/www.arquimaster.com.ar\\\/web\\\/galeria-espacio-39-casa-foa-2014-paola-rossi\\\/#primaryimage\",\"url\":\"https:\\\/\\\/www.arquimaster.com.ar\\\/web\\\/wp-content\\\/uploads\\\/2014\\\/11\\\/espacio39_casafoa2014_slide.jpg\",\"contentUrl\":\"https:\\\/\\\/www.arquimaster.com.ar\\\/web\\\/wp-content\\\/uploads\\\/2014\\\/11\\\/espacio39_casafoa2014_slide.jpg\",\"width\":642,\"height\":336},{\"@type\":\"BreadcrumbList\",\"@id\":\"https:\\\/\\\/www.arquimaster.com.ar\\\/web\\\/galeria-espacio-39-casa-foa-2014-paola-rossi\\\/#breadcrumb\",\"itemListElement\":[{\"@type\":\"ListItem\",\"position\":1,\"name\":\"Portada\",\"item\":\"https:\\\/\\\/www.arquimaster.com.ar\\\/web\\\/\"},{\"@type\":\"ListItem\",\"position\":2,\"name\":\"Galer\u00eda (Espacio 39 Casa FOA 2014) \\\/ Paola Rossi\"}]},{\"@type\":\"WebSite\",\"@id\":\"https:\\\/\\\/www.arquimaster.com.ar\\\/web\\\/#website\",\"url\":\"https:\\\/\\\/www.arquimaster.com.ar\\\/web\\\/\",\"name\":\"Arquimaster\",\"description\":\"Web de arquitectura, dise\u00f1o y construccion\",\"publisher\":{\"@id\":\"https:\\\/\\\/www.arquimaster.com.ar\\\/web\\\/#organization\"},\"potentialAction\":[{\"@type\":\"SearchAction\",\"target\":{\"@type\":\"EntryPoint\",\"urlTemplate\":\"https:\\\/\\\/www.arquimaster.com.ar\\\/web\\\/?s={search_term_string}\"},\"query-input\":{\"@type\":\"PropertyValueSpecification\",\"valueRequired\":true,\"valueName\":\"search_term_string\"}}],\"inLanguage\":\"es\"},{\"@type\":\"Organization\",\"@id\":\"https:\\\/\\\/www.arquimaster.com.ar\\\/web\\\/#organization\",\"name\":\"Arquimaster\",\"url\":\"https:\\\/\\\/www.arquimaster.com.ar\\\/web\\\/\",\"logo\":{\"@type\":\"ImageObject\",\"inLanguage\":\"es\",\"@id\":\"https:\\\/\\\/www.arquimaster.com.ar\\\/web\\\/#\\\/schema\\\/logo\\\/image\\\/\",\"url\":\"https:\\\/\\\/www.arquimaster.com.ar\\\/web\\\/wp-content\\\/uploads\\\/2022\\\/06\\\/arquimaster.png\",\"contentUrl\":\"https:\\\/\\\/www.arquimaster.com.ar\\\/web\\\/wp-content\\\/uploads\\\/2022\\\/06\\\/arquimaster.png\",\"width\":594,\"height\":78,\"caption\":\"Arquimaster\"},\"image\":{\"@id\":\"https:\\\/\\\/www.arquimaster.com.ar\\\/web\\\/#\\\/schema\\\/logo\\\/image\\\/\"},\"sameAs\":[\"http:\\\/\\\/www.facebook.com\\\/ARQUIMASTER.com.ar\",\"https:\\\/\\\/x.com\\\/arquimaster\",\"https:\\\/\\\/www.instagram.com\\\/arquimasterblog\\\/\",\"https:\\\/\\\/www.linkedin.com\\\/company\\\/arquimaster\",\"https:\\\/\\\/www.pinterest.com\\\/arquimaster\",\"https:\\\/\\\/t.me\\\/arquimaster\"]},{\"@type\":\"Person\",\"@id\":\"https:\\\/\\\/www.arquimaster.com.ar\\\/web\\\/#\\\/schema\\\/person\\\/359e9f7c00193fcde068e0dd2ceb0028\",\"name\":\"Arquimaster\"}]}<\/script>\n<!-- \/ Yoast SEO plugin. -->","yoast_head_json":{"title":"Galer\u00eda (Espacio 39 Casa FOA 2014) \/ Paola Rossi - Arquimaster","robots":{"index":"index","follow":"follow","max-snippet":"max-snippet:-1","max-image-preview":"max-image-preview:large","max-video-preview":"max-video-preview:-1"},"canonical":"https:\/\/www.arquimaster.com.ar\/web\/galeria-espacio-39-casa-foa-2014-paola-rossi\/","og_locale":"es_ES","og_type":"article","og_title":"Galer\u00eda (Espacio 39 Casa FOA 2014) \/ Paola Rossi - Arquimaster","og_description":"Se trata de un lugar en el cual los visitantes puedan participar interactuando con el mismo...","og_url":"https:\/\/www.arquimaster.com.ar\/web\/galeria-espacio-39-casa-foa-2014-paola-rossi\/","og_site_name":"Arquimaster","article_publisher":"http:\/\/www.facebook.com\/ARQUIMASTER.com.ar","article_published_time":"2014-11-09T09:30:39+00:00","article_modified_time":"2014-11-09T23:36:45+00:00","og_image":[{"width":642,"height":336,"url":"https:\/\/www.arquimaster.com.ar\/web\/wp-content\/uploads\/2014\/11\/espacio39_casafoa2014_slide.jpg","type":"image\/jpeg"}],"author":"Arquimaster","twitter_card":"summary_large_image","twitter_creator":"@arquimaster","twitter_site":"@arquimaster","twitter_misc":{"Escrito por":"Arquimaster","Tiempo de lectura":"2 minutos"},"schema":{"@context":"https:\/\/schema.org","@graph":[{"@type":"Article","@id":"https:\/\/www.arquimaster.com.ar\/web\/galeria-espacio-39-casa-foa-2014-paola-rossi\/#article","isPartOf":{"@id":"https:\/\/www.arquimaster.com.ar\/web\/galeria-espacio-39-casa-foa-2014-paola-rossi\/"},"author":{"name":"Arquimaster","@id":"https:\/\/www.arquimaster.com.ar\/web\/#\/schema\/person\/359e9f7c00193fcde068e0dd2ceb0028"},"headline":"Galer\u00eda (Espacio 39 Casa FOA 2014) \/ Paola Rossi","datePublished":"2014-11-09T09:30:39+00:00","dateModified":"2014-11-09T23:36:45+00:00","mainEntityOfPage":{"@id":"https:\/\/www.arquimaster.com.ar\/web\/galeria-espacio-39-casa-foa-2014-paola-rossi\/"},"wordCount":402,"publisher":{"@id":"https:\/\/www.arquimaster.com.ar\/web\/#organization"},"image":{"@id":"https:\/\/www.arquimaster.com.ar\/web\/galeria-espacio-39-casa-foa-2014-paola-rossi\/#primaryimage"},"thumbnailUrl":"https:\/\/www.arquimaster.com.ar\/web\/wp-content\/uploads\/2014\/11\/espacio39_casafoa2014_slide.jpg","keywords":["Casa FOA","Casa FOA 2014","decoracion","dise\u00f1o de interiores","FOA","galeria","La Abadia","Paola Rossi"],"articleSection":["Casa FOA 2014","Dise\u00f1o"],"inLanguage":"es"},{"@type":"WebPage","@id":"https:\/\/www.arquimaster.com.ar\/web\/galeria-espacio-39-casa-foa-2014-paola-rossi\/","url":"https:\/\/www.arquimaster.com.ar\/web\/galeria-espacio-39-casa-foa-2014-paola-rossi\/","name":"Galer\u00eda (Espacio 39 Casa FOA 2014) \/ Paola Rossi - Arquimaster","isPartOf":{"@id":"https:\/\/www.arquimaster.com.ar\/web\/#website"},"primaryImageOfPage":{"@id":"https:\/\/www.arquimaster.com.ar\/web\/galeria-espacio-39-casa-foa-2014-paola-rossi\/#primaryimage"},"image":{"@id":"https:\/\/www.arquimaster.com.ar\/web\/galeria-espacio-39-casa-foa-2014-paola-rossi\/#primaryimage"},"thumbnailUrl":"https:\/\/www.arquimaster.com.ar\/web\/wp-content\/uploads\/2014\/11\/espacio39_casafoa2014_slide.jpg","datePublished":"2014-11-09T09:30:39+00:00","dateModified":"2014-11-09T23:36:45+00:00","breadcrumb":{"@id":"https:\/\/www.arquimaster.com.ar\/web\/galeria-espacio-39-casa-foa-2014-paola-rossi\/#breadcrumb"},"inLanguage":"es","potentialAction":[{"@type":"ReadAction","target":["https:\/\/www.arquimaster.com.ar\/web\/galeria-espacio-39-casa-foa-2014-paola-rossi\/"]}]},{"@type":"ImageObject","inLanguage":"es","@id":"https:\/\/www.arquimaster.com.ar\/web\/galeria-espacio-39-casa-foa-2014-paola-rossi\/#primaryimage","url":"https:\/\/www.arquimaster.com.ar\/web\/wp-content\/uploads\/2014\/11\/espacio39_casafoa2014_slide.jpg","contentUrl":"https:\/\/www.arquimaster.com.ar\/web\/wp-content\/uploads\/2014\/11\/espacio39_casafoa2014_slide.jpg","width":642,"height":336},{"@type":"BreadcrumbList","@id":"https:\/\/www.arquimaster.com.ar\/web\/galeria-espacio-39-casa-foa-2014-paola-rossi\/#breadcrumb","itemListElement":[{"@type":"ListItem","position":1,"name":"Portada","item":"https:\/\/www.arquimaster.com.ar\/web\/"},{"@type":"ListItem","position":2,"name":"Galer\u00eda (Espacio 39 Casa FOA 2014) \/ Paola Rossi"}]},{"@type":"WebSite","@id":"https:\/\/www.arquimaster.com.ar\/web\/#website","url":"https:\/\/www.arquimaster.com.ar\/web\/","name":"Arquimaster","description":"Web de arquitectura, dise\u00f1o y construccion","publisher":{"@id":"https:\/\/www.arquimaster.com.ar\/web\/#organization"},"potentialAction":[{"@type":"SearchAction","target":{"@type":"EntryPoint","urlTemplate":"https:\/\/www.arquimaster.com.ar\/web\/?s={search_term_string}"},"query-input":{"@type":"PropertyValueSpecification","valueRequired":true,"valueName":"search_term_string"}}],"inLanguage":"es"},{"@type":"Organization","@id":"https:\/\/www.arquimaster.com.ar\/web\/#organization","name":"Arquimaster","url":"https:\/\/www.arquimaster.com.ar\/web\/","logo":{"@type":"ImageObject","inLanguage":"es","@id":"https:\/\/www.arquimaster.com.ar\/web\/#\/schema\/logo\/image\/","url":"https:\/\/www.arquimaster.com.ar\/web\/wp-content\/uploads\/2022\/06\/arquimaster.png","contentUrl":"https:\/\/www.arquimaster.com.ar\/web\/wp-content\/uploads\/2022\/06\/arquimaster.png","width":594,"height":78,"caption":"Arquimaster"},"image":{"@id":"https:\/\/www.arquimaster.com.ar\/web\/#\/schema\/logo\/image\/"},"sameAs":["http:\/\/www.facebook.com\/ARQUIMASTER.com.ar","https:\/\/x.com\/arquimaster","https:\/\/www.instagram.com\/arquimasterblog\/","https:\/\/www.linkedin.com\/company\/arquimaster","https:\/\/www.pinterest.com\/arquimaster","https:\/\/t.me\/arquimaster"]},{"@type":"Person","@id":"https:\/\/www.arquimaster.com.ar\/web\/#\/schema\/person\/359e9f7c00193fcde068e0dd2ceb0028","name":"Arquimaster"}]}},"uagb_featured_image_src":{"full":["https:\/\/www.arquimaster.com.ar\/web\/wp-content\/uploads\/2014\/11\/espacio39_casafoa2014_slide.jpg",642,336,false],"thumbnail":["https:\/\/www.arquimaster.com.ar\/web\/wp-content\/uploads\/2014\/11\/espacio39_casafoa2014_slide-150x150.jpg",150,150,true],"medium":["https:\/\/www.arquimaster.com.ar\/web\/wp-content\/uploads\/2014\/11\/espacio39_casafoa2014_slide-300x157.jpg",300,157,true],"medium_large":["https:\/\/www.arquimaster.com.ar\/web\/wp-content\/uploads\/2014\/11\/espacio39_casafoa2014_slide.jpg",642,336,false],"large":["https:\/\/www.arquimaster.com.ar\/web\/wp-content\/uploads\/2014\/11\/espacio39_casafoa2014_slide.jpg",642,336,false],"1536x1536":["https:\/\/www.arquimaster.com.ar\/web\/wp-content\/uploads\/2014\/11\/espacio39_casafoa2014_slide.jpg",642,336,false],"2048x2048":["https:\/\/www.arquimaster.com.ar\/web\/wp-content\/uploads\/2014\/11\/espacio39_casafoa2014_slide.jpg",642,336,false]},"uagb_author_info":{"display_name":"Arquimaster","author_link":"https:\/\/www.arquimaster.com.ar\/web\/author\/arquimaster\/"},"uagb_comment_info":0,"uagb_excerpt":"Se trata de un lugar en el cual los visitantes puedan participar interactuando con el mismo...","_links":{"self":[{"href":"https:\/\/www.arquimaster.com.ar\/web\/wp-json\/wp\/v2\/posts\/11184","targetHints":{"allow":["GET"]}}],"collection":[{"href":"https:\/\/www.arquimaster.com.ar\/web\/wp-json\/wp\/v2\/posts"}],"about":[{"href":"https:\/\/www.arquimaster.com.ar\/web\/wp-json\/wp\/v2\/types\/post"}],"author":[{"embeddable":true,"href":"https:\/\/www.arquimaster.com.ar\/web\/wp-json\/wp\/v2\/users\/1"}],"replies":[{"embeddable":true,"href":"https:\/\/www.arquimaster.com.ar\/web\/wp-json\/wp\/v2\/comments?post=11184"}],"version-history":[{"count":0,"href":"https:\/\/www.arquimaster.com.ar\/web\/wp-json\/wp\/v2\/posts\/11184\/revisions"}],"wp:featuredmedia":[{"embeddable":true,"href":"https:\/\/www.arquimaster.com.ar\/web\/wp-json\/wp\/v2\/media\/11185"}],"wp:attachment":[{"href":"https:\/\/www.arquimaster.com.ar\/web\/wp-json\/wp\/v2\/media?parent=11184"}],"wp:term":[{"taxonomy":"category","embeddable":true,"href":"https:\/\/www.arquimaster.com.ar\/web\/wp-json\/wp\/v2\/categories?post=11184"},{"taxonomy":"post_tag","embeddable":true,"href":"https:\/\/www.arquimaster.com.ar\/web\/wp-json\/wp\/v2\/tags?post=11184"}],"curies":[{"name":"wp","href":"https:\/\/api.w.org\/{rel}","templated":true}]}}