{"id":11232,"date":"2014-11-09T12:00:39","date_gmt":"2014-11-09T12:00:39","guid":{"rendered":"http:\/\/www.arquimaster.com.ar\/web\/?p=11232"},"modified":"2014-11-09T23:32:41","modified_gmt":"2014-11-09T23:32:41","slug":"galeria-espacio-47-casa-foa-2014-belen-anaya-y-delfina-irigoin","status":"publish","type":"post","link":"https:\/\/www.arquimaster.com.ar\/web\/galeria-espacio-47-casa-foa-2014-belen-anaya-y-delfina-irigoin\/","title":{"rendered":"Galer\u00eda (Espacio 47 Casa FOA 2014) \/ Bel\u00e9n Anaya y Delfina Irigoin"},"content":{"rendered":"<div style=\"margin-top: 0px; margin-bottom: 0px;\" class=\"sharethis-inline-share-buttons\" ><\/div><div class=\"b812932af2e751442846f039925109de\" data-index=\"1\" style=\"float: none; margin:25px 0 25px 0; text-align:center;\">\n<script async src=\"https:\/\/pagead2.googlesyndication.com\/pagead\/js\/adsbygoogle.js\"><\/script>\r\n<!-- Arquimaster (superior) -->\r\n<ins class=\"adsbygoogle\"\r\n     style=\"display:block\"\r\n     data-ad-client=\"ca-pub-6351072698456832\"\r\n     data-ad-slot=\"6455489680\"\r\n     data-ad-format=\"auto\"\r\n     data-full-width-responsive=\"true\"><\/ins>\r\n<script>\r\n     (adsbygoogle = window.adsbygoogle || []).push({});\r\n<\/script>\n<\/div>\n<p><strong>Galer\u00eda \u00abTiempo de reflejos\u00bb<\/strong> (Espacio 47 Casa FOA 2014 La Abadia) por <strong>Bel\u00e9n Anaya y Delfina Irigoin<\/strong>. Un espacio ligado al pasado que invita a una experiencia sensorial en el presente.<\/p>\n<div id='gallery-1' class='gallery galleryid-11232 gallery-columns-3 gallery-size-thumbnail'><figure class='gallery-item'>\n\t\t\t<div class='gallery-icon portrait'>\n\t\t\t\t<a href='https:\/\/www.arquimaster.com.ar\/web\/wp-content\/uploads\/2014\/11\/espacio47_casafoa2014_1.jpg' title=\"Galer\u00eda (Espacio 47 Casa FOA 2014) \/ Bel\u00e9n Anaya y Delfina Irigoin\" data-rl_title=\"Galer\u00eda (Espacio 47 Casa FOA 2014) \/ Bel\u00e9n Anaya y Delfina Irigoin\" class=\"rl-gallery-link\" data-rl_caption=\"Galer\u00eda (Espacio 47 Casa FOA 2014) \/ Bel\u00e9n Anaya y Delfina Irigoin\" data-rel=\"lightbox-gallery-1\"><img loading=\"lazy\" decoding=\"async\" width=\"150\" height=\"150\" src=\"https:\/\/www.arquimaster.com.ar\/web\/wp-content\/uploads\/2014\/11\/espacio47_casafoa2014_1-150x150.jpg\" class=\"attachment-thumbnail size-thumbnail\" alt=\"\" aria-describedby=\"gallery-1-11234\" srcset=\"https:\/\/www.arquimaster.com.ar\/web\/wp-content\/uploads\/2014\/11\/espacio47_casafoa2014_1-150x150.jpg 150w, https:\/\/www.arquimaster.com.ar\/web\/wp-content\/uploads\/2014\/11\/espacio47_casafoa2014_1-50x50.jpg 50w, https:\/\/www.arquimaster.com.ar\/web\/wp-content\/uploads\/2014\/11\/espacio47_casafoa2014_1-125x125.jpg 125w\" sizes=\"auto, (max-width: 150px) 100vw, 150px\" \/><\/a>\n\t\t\t<\/div>\n\t\t\t\t<figcaption class='wp-caption-text gallery-caption' id='gallery-1-11234'>\n\t\t\t\tGaler\u00eda (Espacio 47 Casa FOA 2014) \/ Bel\u00e9n Anaya y Delfina Irigoin\n\t\t\t\t<\/figcaption><\/figure><figure class='gallery-item'>\n\t\t\t<div class='gallery-icon portrait'>\n\t\t\t\t<a href='https:\/\/www.arquimaster.com.ar\/web\/wp-content\/uploads\/2014\/11\/espacio47_casafoa2014_2.jpg' title=\"Galer\u00eda (Espacio 47 Casa FOA 2014) \/ Bel\u00e9n Anaya y Delfina Irigoin\" data-rl_title=\"Galer\u00eda (Espacio 47 Casa FOA 2014) \/ Bel\u00e9n Anaya y Delfina Irigoin\" class=\"rl-gallery-link\" data-rl_caption=\"Galer\u00eda (Espacio 47 Casa FOA 2014) \/ Bel\u00e9n Anaya y Delfina Irigoin\" data-rel=\"lightbox-gallery-1\"><img loading=\"lazy\" decoding=\"async\" width=\"150\" height=\"150\" src=\"https:\/\/www.arquimaster.com.ar\/web\/wp-content\/uploads\/2014\/11\/espacio47_casafoa2014_2-150x150.jpg\" class=\"attachment-thumbnail size-thumbnail\" alt=\"\" aria-describedby=\"gallery-1-11235\" srcset=\"https:\/\/www.arquimaster.com.ar\/web\/wp-content\/uploads\/2014\/11\/espacio47_casafoa2014_2-150x150.jpg 150w, https:\/\/www.arquimaster.com.ar\/web\/wp-content\/uploads\/2014\/11\/espacio47_casafoa2014_2-50x50.jpg 50w, https:\/\/www.arquimaster.com.ar\/web\/wp-content\/uploads\/2014\/11\/espacio47_casafoa2014_2-125x125.jpg 125w\" sizes=\"auto, (max-width: 150px) 100vw, 150px\" \/><\/a>\n\t\t\t<\/div>\n\t\t\t\t<figcaption class='wp-caption-text gallery-caption' id='gallery-1-11235'>\n\t\t\t\tGaler\u00eda (Espacio 47 Casa FOA 2014) \/ Bel\u00e9n Anaya y Delfina Irigoin\n\t\t\t\t<\/figcaption><\/figure><figure class='gallery-item'>\n\t\t\t<div class='gallery-icon portrait'>\n\t\t\t\t<a href='https:\/\/www.arquimaster.com.ar\/web\/wp-content\/uploads\/2014\/11\/espacio47_casafoa2014_3.jpg' title=\"Galer\u00eda (Espacio 47 Casa FOA 2014) \/ Bel\u00e9n Anaya y Delfina Irigoin\" data-rl_title=\"Galer\u00eda (Espacio 47 Casa FOA 2014) \/ Bel\u00e9n Anaya y Delfina Irigoin\" class=\"rl-gallery-link\" data-rl_caption=\"Galer\u00eda (Espacio 47 Casa FOA 2014) \/ Bel\u00e9n Anaya y Delfina Irigoin\" data-rel=\"lightbox-gallery-1\"><img loading=\"lazy\" decoding=\"async\" width=\"150\" height=\"150\" src=\"https:\/\/www.arquimaster.com.ar\/web\/wp-content\/uploads\/2014\/11\/espacio47_casafoa2014_3-150x150.jpg\" class=\"attachment-thumbnail size-thumbnail\" alt=\"\" aria-describedby=\"gallery-1-11236\" srcset=\"https:\/\/www.arquimaster.com.ar\/web\/wp-content\/uploads\/2014\/11\/espacio47_casafoa2014_3-150x150.jpg 150w, https:\/\/www.arquimaster.com.ar\/web\/wp-content\/uploads\/2014\/11\/espacio47_casafoa2014_3-50x50.jpg 50w, https:\/\/www.arquimaster.com.ar\/web\/wp-content\/uploads\/2014\/11\/espacio47_casafoa2014_3-125x125.jpg 125w\" sizes=\"auto, (max-width: 150px) 100vw, 150px\" \/><\/a>\n\t\t\t<\/div>\n\t\t\t\t<figcaption class='wp-caption-text gallery-caption' id='gallery-1-11236'>\n\t\t\t\tGaler\u00eda (Espacio 47 Casa FOA 2014) \/ Bel\u00e9n Anaya y Delfina Irigoin\n\t\t\t\t<\/figcaption><\/figure><figure class='gallery-item'>\n\t\t\t<div class='gallery-icon landscape'>\n\t\t\t\t<a href='https:\/\/www.arquimaster.com.ar\/web\/wp-content\/uploads\/2014\/11\/espacio47_casafoa2014_4.jpg' title=\"Galer\u00eda (Espacio 47 Casa FOA 2014) \/ Bel\u00e9n Anaya y Delfina Irigoin\" data-rl_title=\"Galer\u00eda (Espacio 47 Casa FOA 2014) \/ Bel\u00e9n Anaya y Delfina Irigoin\" class=\"rl-gallery-link\" data-rl_caption=\"Galer\u00eda (Espacio 47 Casa FOA 2014) \/ Bel\u00e9n Anaya y Delfina Irigoin\" data-rel=\"lightbox-gallery-1\"><img loading=\"lazy\" decoding=\"async\" width=\"150\" height=\"150\" src=\"https:\/\/www.arquimaster.com.ar\/web\/wp-content\/uploads\/2014\/11\/espacio47_casafoa2014_4-150x150.jpg\" class=\"attachment-thumbnail size-thumbnail\" alt=\"\" aria-describedby=\"gallery-1-11237\" srcset=\"https:\/\/www.arquimaster.com.ar\/web\/wp-content\/uploads\/2014\/11\/espacio47_casafoa2014_4-150x150.jpg 150w, https:\/\/www.arquimaster.com.ar\/web\/wp-content\/uploads\/2014\/11\/espacio47_casafoa2014_4-50x50.jpg 50w, https:\/\/www.arquimaster.com.ar\/web\/wp-content\/uploads\/2014\/11\/espacio47_casafoa2014_4-125x125.jpg 125w\" sizes=\"auto, (max-width: 150px) 100vw, 150px\" \/><\/a>\n\t\t\t<\/div>\n\t\t\t\t<figcaption class='wp-caption-text gallery-caption' id='gallery-1-11237'>\n\t\t\t\tGaler\u00eda (Espacio 47 Casa FOA 2014) \/ Bel\u00e9n Anaya y Delfina Irigoin\n\t\t\t\t<\/figcaption><\/figure><figure class='gallery-item'>\n\t\t\t<div class='gallery-icon landscape'>\n\t\t\t\t<a href='https:\/\/www.arquimaster.com.ar\/web\/wp-content\/uploads\/2014\/11\/espacio47_casafoa2014_5.jpg' title=\"Galer\u00eda (Espacio 47 Casa FOA 2014) \/ Bel\u00e9n Anaya y Delfina Irigoin\" data-rl_title=\"Galer\u00eda (Espacio 47 Casa FOA 2014) \/ Bel\u00e9n Anaya y Delfina Irigoin\" class=\"rl-gallery-link\" data-rl_caption=\"Galer\u00eda (Espacio 47 Casa FOA 2014) \/ Bel\u00e9n Anaya y Delfina Irigoin\" data-rel=\"lightbox-gallery-1\"><img loading=\"lazy\" decoding=\"async\" width=\"150\" height=\"150\" src=\"https:\/\/www.arquimaster.com.ar\/web\/wp-content\/uploads\/2014\/11\/espacio47_casafoa2014_5-150x150.jpg\" class=\"attachment-thumbnail size-thumbnail\" alt=\"\" aria-describedby=\"gallery-1-11238\" srcset=\"https:\/\/www.arquimaster.com.ar\/web\/wp-content\/uploads\/2014\/11\/espacio47_casafoa2014_5-150x150.jpg 150w, https:\/\/www.arquimaster.com.ar\/web\/wp-content\/uploads\/2014\/11\/espacio47_casafoa2014_5-50x50.jpg 50w, https:\/\/www.arquimaster.com.ar\/web\/wp-content\/uploads\/2014\/11\/espacio47_casafoa2014_5-125x125.jpg 125w\" sizes=\"auto, (max-width: 150px) 100vw, 150px\" \/><\/a>\n\t\t\t<\/div>\n\t\t\t\t<figcaption class='wp-caption-text gallery-caption' id='gallery-1-11238'>\n\t\t\t\tGaler\u00eda (Espacio 47 Casa FOA 2014) \/ Bel\u00e9n Anaya y Delfina Irigoin\n\t\t\t\t<\/figcaption><\/figure><figure class='gallery-item'>\n\t\t\t<div class='gallery-icon portrait'>\n\t\t\t\t<a href='https:\/\/www.arquimaster.com.ar\/web\/wp-content\/uploads\/2014\/11\/espacio47_casafoa2014_6.jpg' title=\"Galer\u00eda (Espacio 47 Casa FOA 2014) \/ Bel\u00e9n Anaya y Delfina Irigoin\" data-rl_title=\"Galer\u00eda (Espacio 47 Casa FOA 2014) \/ Bel\u00e9n Anaya y Delfina Irigoin\" class=\"rl-gallery-link\" data-rl_caption=\"Galer\u00eda (Espacio 47 Casa FOA 2014) \/ Bel\u00e9n Anaya y Delfina Irigoin\" data-rel=\"lightbox-gallery-1\"><img loading=\"lazy\" decoding=\"async\" width=\"150\" height=\"150\" src=\"https:\/\/www.arquimaster.com.ar\/web\/wp-content\/uploads\/2014\/11\/espacio47_casafoa2014_6-150x150.jpg\" class=\"attachment-thumbnail size-thumbnail\" alt=\"\" aria-describedby=\"gallery-1-11239\" srcset=\"https:\/\/www.arquimaster.com.ar\/web\/wp-content\/uploads\/2014\/11\/espacio47_casafoa2014_6-150x150.jpg 150w, https:\/\/www.arquimaster.com.ar\/web\/wp-content\/uploads\/2014\/11\/espacio47_casafoa2014_6-50x50.jpg 50w, https:\/\/www.arquimaster.com.ar\/web\/wp-content\/uploads\/2014\/11\/espacio47_casafoa2014_6-125x125.jpg 125w\" sizes=\"auto, (max-width: 150px) 100vw, 150px\" \/><\/a>\n\t\t\t<\/div>\n\t\t\t\t<figcaption class='wp-caption-text gallery-caption' id='gallery-1-11239'>\n\t\t\t\tGaler\u00eda (Espacio 47 Casa FOA 2014) \/ Bel\u00e9n Anaya y Delfina Irigoin\n\t\t\t\t<\/figcaption><\/figure>\n\t\t<\/div>\n\n<p>Nos situamos en un espacio de paso, que propone retomar una antigua dimensi\u00f3n del tiempo, aquella que sabe frenar, permanecer, y contemplar lo que hay a nuestro alrededor.<\/p>\n<p>Buscamos que el espectador viva una experiencia sensorial, visual y auditiva. Y la vivencia de dos tiempos: un tiempo din\u00e1mico e interactivo que se genera a trav\u00e9s de los reflejos, y un tiempo de permanencia, donde detenerse y observar.<\/p>\n<p>El lugar nos gener\u00f3 el respeto por lo desconocido: por un tiempo y una arquitectura fuera de nuestro contexto diario. Nos vimos inmersas en un espacio atemporal, y en una arquitectura donde reina el orden y el equilibrio. Apuntamos a potenciar lo existente, a trav\u00e9s de una intervenci\u00f3n interactiva, pero no invasiva.<\/p>\n<p>Con un mismo recurso morfol\u00f3gico y una misma l\u00f3gica de ritmo y repeticion resolvimos la situacion de interaccion a traves de unos volumenes espejados, sumados a la situacion de permanencia mediante poufs que invitan a quedarse y contemplar.<\/p>\n<p>Mediante repetici\u00f3n tambi\u00e9n incorporamos unas l\u00e1mparas colgantes cuyos cables se entrelazan en un juego visual. Las mismas imitan la morfolog\u00eda de las campanas y se integran en el clima monaical que reina en la Abad\u00eda, manifestando el ritmo del recorrido longitudinal, y dando escala a la propuesta.<\/p>\n<p>El lugar mismo nos dio las pautas de los tonos y materiales a trabajar. Nos volcamos en el uso del color a una paleta de neutros que se adaptase a la paleta existente, con un tono gris como protagonista.<\/p>\n<p>Las texturas propias del sitio, el revoque descascarado y el piso de cemento resquebrajado, testimonios fieles del paso del tiempo y en composici\u00f3n perfecta con el juego de luces y sombras de la vegetaci\u00f3n lindera, nos condujeron a experimentar con una pintura texturada r\u00fastica y con el efecto de manchado en los espejos. Y mediante el mobiliario trabajamos la contraposici\u00f3n de lo fr\u00edo y lo c\u00e1lido, lo duro y lo blando.<\/p>\n<p>Nos inspiramos en una frase que resume una b\u00fasqueda interior, una reflexi\u00f3n a partir del tiempo, que surge de la experiencia de estar en La Abad\u00eda. Plasmamos el mensaje en el espacio e invitamos a los usuarios a un espacio de contemplaci\u00f3n y permanencia, donde frenar y conectar con la magia propia del lugar.<\/p>\n<p><strong>Contacto<\/strong><br \/>\narq.aiia@gmail.com<\/p>\n\n<div style=\"font-size: 0px; height: 0px; line-height: 0px; margin: 0; padding: 0; clear: both;\"><\/div><div style=\"margin-top: 0px; margin-bottom: 0px;\" class=\"sharethis-inline-share-buttons\" ><\/div>","protected":false},"excerpt":{"rendered":"<p>Un espacio ligado al pasado que invita a una experiencia sensorial en el presente&#8230;<\/p>\n","protected":false},"author":1,"featured_media":11233,"comment_status":"closed","ping_status":"closed","sticky":false,"template":"","format":"standard","meta":{"_uag_custom_page_level_css":"","footnotes":""},"categories":[2680,55],"tags":[2851,2066,3524,37,2852,1697,1401,2839,2681],"class_list":["post-11232","post","type-post","status-publish","format-standard","has-post-thumbnail","hentry","category-casa-foa-2014","category-diseno","tag-belen-anaya","tag-casa-foa","tag-casa-foa-2014","tag-decoracion","tag-delfina-irigoin","tag-diseno-de-interiores","tag-foa","tag-galeria","tag-la-abadia","generate-columns","tablet-grid-50","mobile-grid-100","grid-parent","grid-50"],"yoast_head":"<!-- This site is optimized with the Yoast SEO plugin v27.3 - https:\/\/yoast.com\/product\/yoast-seo-wordpress\/ -->\n<title>Galer\u00eda (Espacio 47 Casa FOA 2014) \/ Bel\u00e9n Anaya y Delfina Irigoin - Arquimaster<\/title>\n<meta name=\"robots\" content=\"index, follow, max-snippet:-1, max-image-preview:large, max-video-preview:-1\" \/>\n<link rel=\"canonical\" href=\"https:\/\/www.arquimaster.com.ar\/web\/galeria-espacio-47-casa-foa-2014-belen-anaya-y-delfina-irigoin\/\" \/>\n<meta property=\"og:locale\" content=\"es_ES\" \/>\n<meta property=\"og:type\" content=\"article\" \/>\n<meta property=\"og:title\" content=\"Galer\u00eda (Espacio 47 Casa FOA 2014) \/ Bel\u00e9n Anaya y Delfina Irigoin - Arquimaster\" \/>\n<meta property=\"og:description\" content=\"Un espacio ligado al pasado que invita a una experiencia sensorial en el presente...\" \/>\n<meta property=\"og:url\" content=\"https:\/\/www.arquimaster.com.ar\/web\/galeria-espacio-47-casa-foa-2014-belen-anaya-y-delfina-irigoin\/\" \/>\n<meta property=\"og:site_name\" content=\"Arquimaster\" \/>\n<meta property=\"article:publisher\" content=\"http:\/\/www.facebook.com\/ARQUIMASTER.com.ar\" \/>\n<meta property=\"article:published_time\" content=\"2014-11-09T12:00:39+00:00\" \/>\n<meta property=\"article:modified_time\" content=\"2014-11-09T23:32:41+00:00\" \/>\n<meta property=\"og:image\" content=\"https:\/\/www.arquimaster.com.ar\/web\/wp-content\/uploads\/2014\/11\/espacio47_casafoa2014_slide.jpg\" \/>\n\t<meta property=\"og:image:width\" content=\"642\" \/>\n\t<meta property=\"og:image:height\" content=\"336\" \/>\n\t<meta property=\"og:image:type\" content=\"image\/jpeg\" \/>\n<meta name=\"author\" content=\"Arquimaster\" \/>\n<meta name=\"twitter:card\" content=\"summary_large_image\" \/>\n<meta name=\"twitter:creator\" content=\"@arquimaster\" \/>\n<meta name=\"twitter:site\" content=\"@arquimaster\" \/>\n<meta name=\"twitter:label1\" content=\"Escrito por\" \/>\n\t<meta name=\"twitter:data1\" content=\"Arquimaster\" \/>\n\t<meta name=\"twitter:label2\" content=\"Tiempo de lectura\" \/>\n\t<meta name=\"twitter:data2\" content=\"2 minutos\" \/>\n<script type=\"application\/ld+json\" class=\"yoast-schema-graph\">{\"@context\":\"https:\\\/\\\/schema.org\",\"@graph\":[{\"@type\":\"Article\",\"@id\":\"https:\\\/\\\/www.arquimaster.com.ar\\\/web\\\/galeria-espacio-47-casa-foa-2014-belen-anaya-y-delfina-irigoin\\\/#article\",\"isPartOf\":{\"@id\":\"https:\\\/\\\/www.arquimaster.com.ar\\\/web\\\/galeria-espacio-47-casa-foa-2014-belen-anaya-y-delfina-irigoin\\\/\"},\"author\":{\"name\":\"Arquimaster\",\"@id\":\"https:\\\/\\\/www.arquimaster.com.ar\\\/web\\\/#\\\/schema\\\/person\\\/359e9f7c00193fcde068e0dd2ceb0028\"},\"headline\":\"Galer\u00eda (Espacio 47 Casa FOA 2014) \\\/ Bel\u00e9n Anaya y Delfina Irigoin\",\"datePublished\":\"2014-11-09T12:00:39+00:00\",\"dateModified\":\"2014-11-09T23:32:41+00:00\",\"mainEntityOfPage\":{\"@id\":\"https:\\\/\\\/www.arquimaster.com.ar\\\/web\\\/galeria-espacio-47-casa-foa-2014-belen-anaya-y-delfina-irigoin\\\/\"},\"wordCount\":441,\"publisher\":{\"@id\":\"https:\\\/\\\/www.arquimaster.com.ar\\\/web\\\/#organization\"},\"image\":{\"@id\":\"https:\\\/\\\/www.arquimaster.com.ar\\\/web\\\/galeria-espacio-47-casa-foa-2014-belen-anaya-y-delfina-irigoin\\\/#primaryimage\"},\"thumbnailUrl\":\"https:\\\/\\\/www.arquimaster.com.ar\\\/web\\\/wp-content\\\/uploads\\\/2014\\\/11\\\/espacio47_casafoa2014_slide.jpg\",\"keywords\":[\"Bel\u00e9n Anaya\",\"Casa FOA\",\"Casa FOA 2014\",\"decoracion\",\"Delfina Irigoin\",\"dise\u00f1o de interiores\",\"FOA\",\"galeria\",\"La Abadia\"],\"articleSection\":[\"Casa FOA 2014\",\"Dise\u00f1o\"],\"inLanguage\":\"es\"},{\"@type\":\"WebPage\",\"@id\":\"https:\\\/\\\/www.arquimaster.com.ar\\\/web\\\/galeria-espacio-47-casa-foa-2014-belen-anaya-y-delfina-irigoin\\\/\",\"url\":\"https:\\\/\\\/www.arquimaster.com.ar\\\/web\\\/galeria-espacio-47-casa-foa-2014-belen-anaya-y-delfina-irigoin\\\/\",\"name\":\"Galer\u00eda (Espacio 47 Casa FOA 2014) \\\/ Bel\u00e9n Anaya y Delfina Irigoin - Arquimaster\",\"isPartOf\":{\"@id\":\"https:\\\/\\\/www.arquimaster.com.ar\\\/web\\\/#website\"},\"primaryImageOfPage\":{\"@id\":\"https:\\\/\\\/www.arquimaster.com.ar\\\/web\\\/galeria-espacio-47-casa-foa-2014-belen-anaya-y-delfina-irigoin\\\/#primaryimage\"},\"image\":{\"@id\":\"https:\\\/\\\/www.arquimaster.com.ar\\\/web\\\/galeria-espacio-47-casa-foa-2014-belen-anaya-y-delfina-irigoin\\\/#primaryimage\"},\"thumbnailUrl\":\"https:\\\/\\\/www.arquimaster.com.ar\\\/web\\\/wp-content\\\/uploads\\\/2014\\\/11\\\/espacio47_casafoa2014_slide.jpg\",\"datePublished\":\"2014-11-09T12:00:39+00:00\",\"dateModified\":\"2014-11-09T23:32:41+00:00\",\"breadcrumb\":{\"@id\":\"https:\\\/\\\/www.arquimaster.com.ar\\\/web\\\/galeria-espacio-47-casa-foa-2014-belen-anaya-y-delfina-irigoin\\\/#breadcrumb\"},\"inLanguage\":\"es\",\"potentialAction\":[{\"@type\":\"ReadAction\",\"target\":[\"https:\\\/\\\/www.arquimaster.com.ar\\\/web\\\/galeria-espacio-47-casa-foa-2014-belen-anaya-y-delfina-irigoin\\\/\"]}]},{\"@type\":\"ImageObject\",\"inLanguage\":\"es\",\"@id\":\"https:\\\/\\\/www.arquimaster.com.ar\\\/web\\\/galeria-espacio-47-casa-foa-2014-belen-anaya-y-delfina-irigoin\\\/#primaryimage\",\"url\":\"https:\\\/\\\/www.arquimaster.com.ar\\\/web\\\/wp-content\\\/uploads\\\/2014\\\/11\\\/espacio47_casafoa2014_slide.jpg\",\"contentUrl\":\"https:\\\/\\\/www.arquimaster.com.ar\\\/web\\\/wp-content\\\/uploads\\\/2014\\\/11\\\/espacio47_casafoa2014_slide.jpg\",\"width\":642,\"height\":336},{\"@type\":\"BreadcrumbList\",\"@id\":\"https:\\\/\\\/www.arquimaster.com.ar\\\/web\\\/galeria-espacio-47-casa-foa-2014-belen-anaya-y-delfina-irigoin\\\/#breadcrumb\",\"itemListElement\":[{\"@type\":\"ListItem\",\"position\":1,\"name\":\"Portada\",\"item\":\"https:\\\/\\\/www.arquimaster.com.ar\\\/web\\\/\"},{\"@type\":\"ListItem\",\"position\":2,\"name\":\"Galer\u00eda (Espacio 47 Casa FOA 2014) \\\/ Bel\u00e9n Anaya y Delfina Irigoin\"}]},{\"@type\":\"WebSite\",\"@id\":\"https:\\\/\\\/www.arquimaster.com.ar\\\/web\\\/#website\",\"url\":\"https:\\\/\\\/www.arquimaster.com.ar\\\/web\\\/\",\"name\":\"Arquimaster\",\"description\":\"Web de arquitectura, dise\u00f1o y construccion\",\"publisher\":{\"@id\":\"https:\\\/\\\/www.arquimaster.com.ar\\\/web\\\/#organization\"},\"potentialAction\":[{\"@type\":\"SearchAction\",\"target\":{\"@type\":\"EntryPoint\",\"urlTemplate\":\"https:\\\/\\\/www.arquimaster.com.ar\\\/web\\\/?s={search_term_string}\"},\"query-input\":{\"@type\":\"PropertyValueSpecification\",\"valueRequired\":true,\"valueName\":\"search_term_string\"}}],\"inLanguage\":\"es\"},{\"@type\":\"Organization\",\"@id\":\"https:\\\/\\\/www.arquimaster.com.ar\\\/web\\\/#organization\",\"name\":\"Arquimaster\",\"url\":\"https:\\\/\\\/www.arquimaster.com.ar\\\/web\\\/\",\"logo\":{\"@type\":\"ImageObject\",\"inLanguage\":\"es\",\"@id\":\"https:\\\/\\\/www.arquimaster.com.ar\\\/web\\\/#\\\/schema\\\/logo\\\/image\\\/\",\"url\":\"https:\\\/\\\/www.arquimaster.com.ar\\\/web\\\/wp-content\\\/uploads\\\/2022\\\/06\\\/arquimaster.png\",\"contentUrl\":\"https:\\\/\\\/www.arquimaster.com.ar\\\/web\\\/wp-content\\\/uploads\\\/2022\\\/06\\\/arquimaster.png\",\"width\":594,\"height\":78,\"caption\":\"Arquimaster\"},\"image\":{\"@id\":\"https:\\\/\\\/www.arquimaster.com.ar\\\/web\\\/#\\\/schema\\\/logo\\\/image\\\/\"},\"sameAs\":[\"http:\\\/\\\/www.facebook.com\\\/ARQUIMASTER.com.ar\",\"https:\\\/\\\/x.com\\\/arquimaster\",\"https:\\\/\\\/www.instagram.com\\\/arquimasterblog\\\/\",\"https:\\\/\\\/www.linkedin.com\\\/company\\\/arquimaster\",\"https:\\\/\\\/www.pinterest.com\\\/arquimaster\",\"https:\\\/\\\/t.me\\\/arquimaster\"]},{\"@type\":\"Person\",\"@id\":\"https:\\\/\\\/www.arquimaster.com.ar\\\/web\\\/#\\\/schema\\\/person\\\/359e9f7c00193fcde068e0dd2ceb0028\",\"name\":\"Arquimaster\"}]}<\/script>\n<!-- \/ Yoast SEO plugin. -->","yoast_head_json":{"title":"Galer\u00eda (Espacio 47 Casa FOA 2014) \/ Bel\u00e9n Anaya y Delfina Irigoin - Arquimaster","robots":{"index":"index","follow":"follow","max-snippet":"max-snippet:-1","max-image-preview":"max-image-preview:large","max-video-preview":"max-video-preview:-1"},"canonical":"https:\/\/www.arquimaster.com.ar\/web\/galeria-espacio-47-casa-foa-2014-belen-anaya-y-delfina-irigoin\/","og_locale":"es_ES","og_type":"article","og_title":"Galer\u00eda (Espacio 47 Casa FOA 2014) \/ Bel\u00e9n Anaya y Delfina Irigoin - Arquimaster","og_description":"Un espacio ligado al pasado que invita a una experiencia sensorial en el presente...","og_url":"https:\/\/www.arquimaster.com.ar\/web\/galeria-espacio-47-casa-foa-2014-belen-anaya-y-delfina-irigoin\/","og_site_name":"Arquimaster","article_publisher":"http:\/\/www.facebook.com\/ARQUIMASTER.com.ar","article_published_time":"2014-11-09T12:00:39+00:00","article_modified_time":"2014-11-09T23:32:41+00:00","og_image":[{"width":642,"height":336,"url":"https:\/\/www.arquimaster.com.ar\/web\/wp-content\/uploads\/2014\/11\/espacio47_casafoa2014_slide.jpg","type":"image\/jpeg"}],"author":"Arquimaster","twitter_card":"summary_large_image","twitter_creator":"@arquimaster","twitter_site":"@arquimaster","twitter_misc":{"Escrito por":"Arquimaster","Tiempo de lectura":"2 minutos"},"schema":{"@context":"https:\/\/schema.org","@graph":[{"@type":"Article","@id":"https:\/\/www.arquimaster.com.ar\/web\/galeria-espacio-47-casa-foa-2014-belen-anaya-y-delfina-irigoin\/#article","isPartOf":{"@id":"https:\/\/www.arquimaster.com.ar\/web\/galeria-espacio-47-casa-foa-2014-belen-anaya-y-delfina-irigoin\/"},"author":{"name":"Arquimaster","@id":"https:\/\/www.arquimaster.com.ar\/web\/#\/schema\/person\/359e9f7c00193fcde068e0dd2ceb0028"},"headline":"Galer\u00eda (Espacio 47 Casa FOA 2014) \/ Bel\u00e9n Anaya y Delfina Irigoin","datePublished":"2014-11-09T12:00:39+00:00","dateModified":"2014-11-09T23:32:41+00:00","mainEntityOfPage":{"@id":"https:\/\/www.arquimaster.com.ar\/web\/galeria-espacio-47-casa-foa-2014-belen-anaya-y-delfina-irigoin\/"},"wordCount":441,"publisher":{"@id":"https:\/\/www.arquimaster.com.ar\/web\/#organization"},"image":{"@id":"https:\/\/www.arquimaster.com.ar\/web\/galeria-espacio-47-casa-foa-2014-belen-anaya-y-delfina-irigoin\/#primaryimage"},"thumbnailUrl":"https:\/\/www.arquimaster.com.ar\/web\/wp-content\/uploads\/2014\/11\/espacio47_casafoa2014_slide.jpg","keywords":["Bel\u00e9n Anaya","Casa FOA","Casa FOA 2014","decoracion","Delfina Irigoin","dise\u00f1o de interiores","FOA","galeria","La Abadia"],"articleSection":["Casa FOA 2014","Dise\u00f1o"],"inLanguage":"es"},{"@type":"WebPage","@id":"https:\/\/www.arquimaster.com.ar\/web\/galeria-espacio-47-casa-foa-2014-belen-anaya-y-delfina-irigoin\/","url":"https:\/\/www.arquimaster.com.ar\/web\/galeria-espacio-47-casa-foa-2014-belen-anaya-y-delfina-irigoin\/","name":"Galer\u00eda (Espacio 47 Casa FOA 2014) \/ Bel\u00e9n Anaya y Delfina Irigoin - Arquimaster","isPartOf":{"@id":"https:\/\/www.arquimaster.com.ar\/web\/#website"},"primaryImageOfPage":{"@id":"https:\/\/www.arquimaster.com.ar\/web\/galeria-espacio-47-casa-foa-2014-belen-anaya-y-delfina-irigoin\/#primaryimage"},"image":{"@id":"https:\/\/www.arquimaster.com.ar\/web\/galeria-espacio-47-casa-foa-2014-belen-anaya-y-delfina-irigoin\/#primaryimage"},"thumbnailUrl":"https:\/\/www.arquimaster.com.ar\/web\/wp-content\/uploads\/2014\/11\/espacio47_casafoa2014_slide.jpg","datePublished":"2014-11-09T12:00:39+00:00","dateModified":"2014-11-09T23:32:41+00:00","breadcrumb":{"@id":"https:\/\/www.arquimaster.com.ar\/web\/galeria-espacio-47-casa-foa-2014-belen-anaya-y-delfina-irigoin\/#breadcrumb"},"inLanguage":"es","potentialAction":[{"@type":"ReadAction","target":["https:\/\/www.arquimaster.com.ar\/web\/galeria-espacio-47-casa-foa-2014-belen-anaya-y-delfina-irigoin\/"]}]},{"@type":"ImageObject","inLanguage":"es","@id":"https:\/\/www.arquimaster.com.ar\/web\/galeria-espacio-47-casa-foa-2014-belen-anaya-y-delfina-irigoin\/#primaryimage","url":"https:\/\/www.arquimaster.com.ar\/web\/wp-content\/uploads\/2014\/11\/espacio47_casafoa2014_slide.jpg","contentUrl":"https:\/\/www.arquimaster.com.ar\/web\/wp-content\/uploads\/2014\/11\/espacio47_casafoa2014_slide.jpg","width":642,"height":336},{"@type":"BreadcrumbList","@id":"https:\/\/www.arquimaster.com.ar\/web\/galeria-espacio-47-casa-foa-2014-belen-anaya-y-delfina-irigoin\/#breadcrumb","itemListElement":[{"@type":"ListItem","position":1,"name":"Portada","item":"https:\/\/www.arquimaster.com.ar\/web\/"},{"@type":"ListItem","position":2,"name":"Galer\u00eda (Espacio 47 Casa FOA 2014) \/ Bel\u00e9n Anaya y Delfina Irigoin"}]},{"@type":"WebSite","@id":"https:\/\/www.arquimaster.com.ar\/web\/#website","url":"https:\/\/www.arquimaster.com.ar\/web\/","name":"Arquimaster","description":"Web de arquitectura, dise\u00f1o y construccion","publisher":{"@id":"https:\/\/www.arquimaster.com.ar\/web\/#organization"},"potentialAction":[{"@type":"SearchAction","target":{"@type":"EntryPoint","urlTemplate":"https:\/\/www.arquimaster.com.ar\/web\/?s={search_term_string}"},"query-input":{"@type":"PropertyValueSpecification","valueRequired":true,"valueName":"search_term_string"}}],"inLanguage":"es"},{"@type":"Organization","@id":"https:\/\/www.arquimaster.com.ar\/web\/#organization","name":"Arquimaster","url":"https:\/\/www.arquimaster.com.ar\/web\/","logo":{"@type":"ImageObject","inLanguage":"es","@id":"https:\/\/www.arquimaster.com.ar\/web\/#\/schema\/logo\/image\/","url":"https:\/\/www.arquimaster.com.ar\/web\/wp-content\/uploads\/2022\/06\/arquimaster.png","contentUrl":"https:\/\/www.arquimaster.com.ar\/web\/wp-content\/uploads\/2022\/06\/arquimaster.png","width":594,"height":78,"caption":"Arquimaster"},"image":{"@id":"https:\/\/www.arquimaster.com.ar\/web\/#\/schema\/logo\/image\/"},"sameAs":["http:\/\/www.facebook.com\/ARQUIMASTER.com.ar","https:\/\/x.com\/arquimaster","https:\/\/www.instagram.com\/arquimasterblog\/","https:\/\/www.linkedin.com\/company\/arquimaster","https:\/\/www.pinterest.com\/arquimaster","https:\/\/t.me\/arquimaster"]},{"@type":"Person","@id":"https:\/\/www.arquimaster.com.ar\/web\/#\/schema\/person\/359e9f7c00193fcde068e0dd2ceb0028","name":"Arquimaster"}]}},"uagb_featured_image_src":{"full":["https:\/\/www.arquimaster.com.ar\/web\/wp-content\/uploads\/2014\/11\/espacio47_casafoa2014_slide.jpg",642,336,false],"thumbnail":["https:\/\/www.arquimaster.com.ar\/web\/wp-content\/uploads\/2014\/11\/espacio47_casafoa2014_slide-150x150.jpg",150,150,true],"medium":["https:\/\/www.arquimaster.com.ar\/web\/wp-content\/uploads\/2014\/11\/espacio47_casafoa2014_slide-300x157.jpg",300,157,true],"medium_large":["https:\/\/www.arquimaster.com.ar\/web\/wp-content\/uploads\/2014\/11\/espacio47_casafoa2014_slide.jpg",642,336,false],"large":["https:\/\/www.arquimaster.com.ar\/web\/wp-content\/uploads\/2014\/11\/espacio47_casafoa2014_slide.jpg",642,336,false],"1536x1536":["https:\/\/www.arquimaster.com.ar\/web\/wp-content\/uploads\/2014\/11\/espacio47_casafoa2014_slide.jpg",642,336,false],"2048x2048":["https:\/\/www.arquimaster.com.ar\/web\/wp-content\/uploads\/2014\/11\/espacio47_casafoa2014_slide.jpg",642,336,false]},"uagb_author_info":{"display_name":"Arquimaster","author_link":"https:\/\/www.arquimaster.com.ar\/web\/author\/arquimaster\/"},"uagb_comment_info":0,"uagb_excerpt":"Un espacio ligado al pasado que invita a una experiencia sensorial en el presente...","_links":{"self":[{"href":"https:\/\/www.arquimaster.com.ar\/web\/wp-json\/wp\/v2\/posts\/11232","targetHints":{"allow":["GET"]}}],"collection":[{"href":"https:\/\/www.arquimaster.com.ar\/web\/wp-json\/wp\/v2\/posts"}],"about":[{"href":"https:\/\/www.arquimaster.com.ar\/web\/wp-json\/wp\/v2\/types\/post"}],"author":[{"embeddable":true,"href":"https:\/\/www.arquimaster.com.ar\/web\/wp-json\/wp\/v2\/users\/1"}],"replies":[{"embeddable":true,"href":"https:\/\/www.arquimaster.com.ar\/web\/wp-json\/wp\/v2\/comments?post=11232"}],"version-history":[{"count":0,"href":"https:\/\/www.arquimaster.com.ar\/web\/wp-json\/wp\/v2\/posts\/11232\/revisions"}],"wp:featuredmedia":[{"embeddable":true,"href":"https:\/\/www.arquimaster.com.ar\/web\/wp-json\/wp\/v2\/media\/11233"}],"wp:attachment":[{"href":"https:\/\/www.arquimaster.com.ar\/web\/wp-json\/wp\/v2\/media?parent=11232"}],"wp:term":[{"taxonomy":"category","embeddable":true,"href":"https:\/\/www.arquimaster.com.ar\/web\/wp-json\/wp\/v2\/categories?post=11232"},{"taxonomy":"post_tag","embeddable":true,"href":"https:\/\/www.arquimaster.com.ar\/web\/wp-json\/wp\/v2\/tags?post=11232"}],"curies":[{"name":"wp","href":"https:\/\/api.w.org\/{rel}","templated":true}]}}