{"id":11608,"date":"2014-11-29T11:29:27","date_gmt":"2014-11-29T11:29:27","guid":{"rendered":"http:\/\/www.arquimaster.com.ar\/web\/?p=11608"},"modified":"2026-03-27T17:36:53","modified_gmt":"2026-03-27T20:36:53","slug":"julio-oropel-recibio-el-premio-buenos-aires-design-de-casa-foa-la-abadia","status":"publish","type":"post","link":"https:\/\/www.arquimaster.com.ar\/web\/julio-oropel-recibio-el-premio-buenos-aires-design-de-casa-foa-la-abadia\/","title":{"rendered":"Julio Oropel recibi\u00f3 el Premio Buenos Aires Design de Casa FOA La Abad\u00eda"},"content":{"rendered":"<div style=\"margin-top: 0px; margin-bottom: 0px;\" class=\"sharethis-inline-share-buttons\" ><\/div><div class=\"b812932af2e751442846f039925109de\" data-index=\"1\" style=\"float: none; margin:25px 0 25px 0; text-align:center;\">\n<script async src=\"https:\/\/pagead2.googlesyndication.com\/pagead\/js\/adsbygoogle.js\"><\/script>\r\n<!-- Arquimaster (superior) -->\r\n<ins class=\"adsbygoogle\"\r\n     style=\"display:block\"\r\n     data-ad-client=\"ca-pub-6351072698456832\"\r\n     data-ad-slot=\"6455489680\"\r\n     data-ad-format=\"auto\"\r\n     data-full-width-responsive=\"true\"><\/ins>\r\n<script>\r\n     (adsbygoogle = window.adsbygoogle || []).push({});\r\n<\/script>\n<\/div>\n<p><em><strong>Por primera vez un espacio de Casa FOA ser\u00e1 exhibido fuera del \u00e1mbito de la exposici\u00f3n, a partir del \u00abPremio Buenos Aires Design\u00bb, que permite al ganador replicarlo en el prestigioso shopping de decoraci\u00f3n, una vez terminada la muestra. El Premio Buenos Aires Design fue otorgado al arquitecto Julio Oropel, cuyo espacio en Casa FOA La Abad\u00eda, ser\u00e1 replicado en el shopping hasta el 28 de diciembre de 2014. La entrega y develaci\u00f3n del premio se realiz\u00f3 con un cocktail en el local Tucson, donde participaron los decoradores y arquitectos de esta edici\u00f3n 2014.<\/strong><\/em><\/p>\n<div id='gallery-1' class='gallery galleryid-11608 gallery-columns-3 gallery-size-thumbnail'><figure class='gallery-item'>\n\t\t\t<div class='gallery-icon landscape'>\n\t\t\t\t<a href='https:\/\/www.arquimaster.com.ar\/web\/wp-content\/uploads\/2014\/11\/premio_ba_design41.jpg' title=\"Julio Oropel recibi\u00f3 el Premio Buenos Aires Design de Casa FOA La Abad\u00eda\" data-rl_title=\"Julio Oropel recibi\u00f3 el Premio Buenos Aires Design de Casa FOA La Abad\u00eda\" class=\"rl-gallery-link\" data-rl_caption=\"Julio Oropel recibi\u00f3 el Premio Buenos Aires Design de Casa FOA La Abad\u00eda\" data-rel=\"lightbox-gallery-1\"><img loading=\"lazy\" decoding=\"async\" width=\"150\" height=\"150\" src=\"https:\/\/www.arquimaster.com.ar\/web\/wp-content\/uploads\/2014\/11\/premio_ba_design41-150x150.jpg\" class=\"attachment-thumbnail size-thumbnail\" alt=\"\" aria-describedby=\"gallery-1-11618\" srcset=\"https:\/\/www.arquimaster.com.ar\/web\/wp-content\/uploads\/2014\/11\/premio_ba_design41-150x150.jpg 150w, https:\/\/www.arquimaster.com.ar\/web\/wp-content\/uploads\/2014\/11\/premio_ba_design41-50x50.jpg 50w, https:\/\/www.arquimaster.com.ar\/web\/wp-content\/uploads\/2014\/11\/premio_ba_design41-125x125.jpg 125w\" sizes=\"auto, (max-width: 150px) 100vw, 150px\" \/><\/a>\n\t\t\t<\/div>\n\t\t\t\t<figcaption class='wp-caption-text gallery-caption' id='gallery-1-11618'>\n\t\t\t\tJulio Oropel recibi\u00f3 el Premio Buenos Aires Design de Casa FOA La Abad\u00eda\n\t\t\t\t<\/figcaption><\/figure><figure class='gallery-item'>\n\t\t\t<div class='gallery-icon landscape'>\n\t\t\t\t<a href='https:\/\/www.arquimaster.com.ar\/web\/wp-content\/uploads\/2014\/11\/premio_ba_design1.jpg' title=\"Julio Oropel recibi\u00f3 el Premio Buenos Aires Design de Casa FOA La Abad\u00eda\" data-rl_title=\"Julio Oropel recibi\u00f3 el Premio Buenos Aires Design de Casa FOA La Abad\u00eda\" class=\"rl-gallery-link\" data-rl_caption=\"Julio Oropel recibi\u00f3 el Premio Buenos Aires Design de Casa FOA La Abad\u00eda\" data-rel=\"lightbox-gallery-1\"><img loading=\"lazy\" decoding=\"async\" width=\"150\" height=\"150\" src=\"https:\/\/www.arquimaster.com.ar\/web\/wp-content\/uploads\/2014\/11\/premio_ba_design1-150x150.jpg\" class=\"attachment-thumbnail size-thumbnail\" alt=\"\" aria-describedby=\"gallery-1-11610\" srcset=\"https:\/\/www.arquimaster.com.ar\/web\/wp-content\/uploads\/2014\/11\/premio_ba_design1-150x150.jpg 150w, https:\/\/www.arquimaster.com.ar\/web\/wp-content\/uploads\/2014\/11\/premio_ba_design1-50x50.jpg 50w, https:\/\/www.arquimaster.com.ar\/web\/wp-content\/uploads\/2014\/11\/premio_ba_design1-125x125.jpg 125w\" sizes=\"auto, (max-width: 150px) 100vw, 150px\" \/><\/a>\n\t\t\t<\/div>\n\t\t\t\t<figcaption class='wp-caption-text gallery-caption' id='gallery-1-11610'>\n\t\t\t\tJulio Oropel recibi\u00f3 el Premio Buenos Aires Design de Casa FOA La Abad\u00eda\n\t\t\t\t<\/figcaption><\/figure><figure class='gallery-item'>\n\t\t\t<div class='gallery-icon portrait'>\n\t\t\t\t<a href='https:\/\/www.arquimaster.com.ar\/web\/wp-content\/uploads\/2014\/11\/premio_ba_design2.jpg' title=\"Julio Oropel recibi\u00f3 el Premio Buenos Aires Design de Casa FOA La Abad\u00eda\" data-rl_title=\"Julio Oropel recibi\u00f3 el Premio Buenos Aires Design de Casa FOA La Abad\u00eda\" class=\"rl-gallery-link\" data-rl_caption=\"Julio Oropel recibi\u00f3 el Premio Buenos Aires Design de Casa FOA La Abad\u00eda\" data-rel=\"lightbox-gallery-1\"><img loading=\"lazy\" decoding=\"async\" width=\"150\" height=\"150\" src=\"https:\/\/www.arquimaster.com.ar\/web\/wp-content\/uploads\/2014\/11\/premio_ba_design2-150x150.jpg\" class=\"attachment-thumbnail size-thumbnail\" alt=\"\" aria-describedby=\"gallery-1-11611\" srcset=\"https:\/\/www.arquimaster.com.ar\/web\/wp-content\/uploads\/2014\/11\/premio_ba_design2-150x150.jpg 150w, https:\/\/www.arquimaster.com.ar\/web\/wp-content\/uploads\/2014\/11\/premio_ba_design2-50x50.jpg 50w, https:\/\/www.arquimaster.com.ar\/web\/wp-content\/uploads\/2014\/11\/premio_ba_design2-125x125.jpg 125w\" sizes=\"auto, (max-width: 150px) 100vw, 150px\" \/><\/a>\n\t\t\t<\/div>\n\t\t\t\t<figcaption class='wp-caption-text gallery-caption' id='gallery-1-11611'>\n\t\t\t\tJulio Oropel recibi\u00f3 el Premio Buenos Aires Design de Casa FOA La Abad\u00eda\n\t\t\t\t<\/figcaption><\/figure><figure class='gallery-item'>\n\t\t\t<div class='gallery-icon portrait'>\n\t\t\t\t<a href='https:\/\/www.arquimaster.com.ar\/web\/wp-content\/uploads\/2014\/11\/premio_ba_design3.jpg' title=\"Julio Oropel recibi\u00f3 el Premio Buenos Aires Design de Casa FOA La Abad\u00eda\" data-rl_title=\"Julio Oropel recibi\u00f3 el Premio Buenos Aires Design de Casa FOA La Abad\u00eda\" class=\"rl-gallery-link\" data-rl_caption=\"Julio Oropel recibi\u00f3 el Premio Buenos Aires Design de Casa FOA La Abad\u00eda\" data-rel=\"lightbox-gallery-1\"><img loading=\"lazy\" decoding=\"async\" width=\"150\" height=\"150\" src=\"https:\/\/www.arquimaster.com.ar\/web\/wp-content\/uploads\/2014\/11\/premio_ba_design3-150x150.jpg\" class=\"attachment-thumbnail size-thumbnail\" alt=\"\" aria-describedby=\"gallery-1-11612\" srcset=\"https:\/\/www.arquimaster.com.ar\/web\/wp-content\/uploads\/2014\/11\/premio_ba_design3-150x150.jpg 150w, https:\/\/www.arquimaster.com.ar\/web\/wp-content\/uploads\/2014\/11\/premio_ba_design3-50x50.jpg 50w, https:\/\/www.arquimaster.com.ar\/web\/wp-content\/uploads\/2014\/11\/premio_ba_design3-125x125.jpg 125w\" sizes=\"auto, (max-width: 150px) 100vw, 150px\" \/><\/a>\n\t\t\t<\/div>\n\t\t\t\t<figcaption class='wp-caption-text gallery-caption' id='gallery-1-11612'>\n\t\t\t\tJulio Oropel recibi\u00f3 el Premio Buenos Aires Design de Casa FOA La Abad\u00eda\n\t\t\t\t<\/figcaption><\/figure><figure class='gallery-item'>\n\t\t\t<div class='gallery-icon landscape'>\n\t\t\t\t<a href='https:\/\/www.arquimaster.com.ar\/web\/wp-content\/uploads\/2014\/11\/premio_ba_design5.jpg' title=\"Julio Oropel recibi\u00f3 el Premio Buenos Aires Design de Casa FOA La Abad\u00eda\" data-rl_title=\"Julio Oropel recibi\u00f3 el Premio Buenos Aires Design de Casa FOA La Abad\u00eda\" class=\"rl-gallery-link\" data-rl_caption=\"Julio Oropel recibi\u00f3 el Premio Buenos Aires Design de Casa FOA La Abad\u00eda\" data-rel=\"lightbox-gallery-1\"><img loading=\"lazy\" decoding=\"async\" width=\"150\" height=\"150\" src=\"https:\/\/www.arquimaster.com.ar\/web\/wp-content\/uploads\/2014\/11\/premio_ba_design5-150x150.jpg\" class=\"attachment-thumbnail size-thumbnail\" alt=\"\" aria-describedby=\"gallery-1-11614\" srcset=\"https:\/\/www.arquimaster.com.ar\/web\/wp-content\/uploads\/2014\/11\/premio_ba_design5-150x150.jpg 150w, https:\/\/www.arquimaster.com.ar\/web\/wp-content\/uploads\/2014\/11\/premio_ba_design5-50x50.jpg 50w, https:\/\/www.arquimaster.com.ar\/web\/wp-content\/uploads\/2014\/11\/premio_ba_design5-125x125.jpg 125w\" sizes=\"auto, (max-width: 150px) 100vw, 150px\" \/><\/a>\n\t\t\t<\/div>\n\t\t\t\t<figcaption class='wp-caption-text gallery-caption' id='gallery-1-11614'>\n\t\t\t\tJulio Oropel recibi\u00f3 el Premio Buenos Aires Design de Casa FOA La Abad\u00eda\n\t\t\t\t<\/figcaption><\/figure><figure class='gallery-item'>\n\t\t\t<div class='gallery-icon landscape'>\n\t\t\t\t<a href='https:\/\/www.arquimaster.com.ar\/web\/wp-content\/uploads\/2014\/11\/premio_ba_design8.jpg' title=\"Julio Oropel recibi\u00f3 el Premio Buenos Aires Design de Casa FOA La Abad\u00eda\" data-rl_title=\"Julio Oropel recibi\u00f3 el Premio Buenos Aires Design de Casa FOA La Abad\u00eda\" class=\"rl-gallery-link\" data-rl_caption=\"Julio Oropel recibi\u00f3 el Premio Buenos Aires Design de Casa FOA La Abad\u00eda\" data-rel=\"lightbox-gallery-1\"><img loading=\"lazy\" decoding=\"async\" width=\"150\" height=\"150\" src=\"https:\/\/www.arquimaster.com.ar\/web\/wp-content\/uploads\/2014\/11\/premio_ba_design8-150x150.jpg\" class=\"attachment-thumbnail size-thumbnail\" alt=\"\" aria-describedby=\"gallery-1-11617\" srcset=\"https:\/\/www.arquimaster.com.ar\/web\/wp-content\/uploads\/2014\/11\/premio_ba_design8-150x150.jpg 150w, https:\/\/www.arquimaster.com.ar\/web\/wp-content\/uploads\/2014\/11\/premio_ba_design8-50x50.jpg 50w, https:\/\/www.arquimaster.com.ar\/web\/wp-content\/uploads\/2014\/11\/premio_ba_design8-125x125.jpg 125w\" sizes=\"auto, (max-width: 150px) 100vw, 150px\" \/><\/a>\n\t\t\t<\/div>\n\t\t\t\t<figcaption class='wp-caption-text gallery-caption' id='gallery-1-11617'>\n\t\t\t\tJulio Oropel recibi\u00f3 el Premio Buenos Aires Design de Casa FOA La Abad\u00eda\n\t\t\t\t<\/figcaption><\/figure><figure class='gallery-item'>\n\t\t\t<div class='gallery-icon portrait'>\n\t\t\t\t<a href='https:\/\/www.arquimaster.com.ar\/web\/wp-content\/uploads\/2014\/11\/premio_ba_design7.jpg' title=\"Julio Oropel recibi\u00f3 el Premio Buenos Aires Design de Casa FOA La Abad\u00eda\" data-rl_title=\"Julio Oropel recibi\u00f3 el Premio Buenos Aires Design de Casa FOA La Abad\u00eda\" class=\"rl-gallery-link\" data-rl_caption=\"Julio Oropel recibi\u00f3 el Premio Buenos Aires Design de Casa FOA La Abad\u00eda\" data-rel=\"lightbox-gallery-1\"><img loading=\"lazy\" decoding=\"async\" width=\"150\" height=\"150\" src=\"https:\/\/www.arquimaster.com.ar\/web\/wp-content\/uploads\/2014\/11\/premio_ba_design7-150x150.jpg\" class=\"attachment-thumbnail size-thumbnail\" alt=\"\" aria-describedby=\"gallery-1-11616\" srcset=\"https:\/\/www.arquimaster.com.ar\/web\/wp-content\/uploads\/2014\/11\/premio_ba_design7-150x150.jpg 150w, https:\/\/www.arquimaster.com.ar\/web\/wp-content\/uploads\/2014\/11\/premio_ba_design7-50x50.jpg 50w, https:\/\/www.arquimaster.com.ar\/web\/wp-content\/uploads\/2014\/11\/premio_ba_design7-125x125.jpg 125w\" sizes=\"auto, (max-width: 150px) 100vw, 150px\" \/><\/a>\n\t\t\t<\/div>\n\t\t\t\t<figcaption class='wp-caption-text gallery-caption' id='gallery-1-11616'>\n\t\t\t\tJulio Oropel recibi\u00f3 el Premio Buenos Aires Design de Casa FOA La Abad\u00eda\n\t\t\t\t<\/figcaption><\/figure><figure class='gallery-item'>\n\t\t\t<div class='gallery-icon landscape'>\n\t\t\t\t<a href='https:\/\/www.arquimaster.com.ar\/web\/wp-content\/uploads\/2014\/11\/premio_ba_design6.jpg' title=\"Julio Oropel recibi\u00f3 el Premio Buenos Aires Design de Casa FOA La Abad\u00eda\" data-rl_title=\"Julio Oropel recibi\u00f3 el Premio Buenos Aires Design de Casa FOA La Abad\u00eda\" class=\"rl-gallery-link\" data-rl_caption=\"Julio Oropel recibi\u00f3 el Premio Buenos Aires Design de Casa FOA La Abad\u00eda\" data-rel=\"lightbox-gallery-1\"><img loading=\"lazy\" decoding=\"async\" width=\"150\" height=\"150\" src=\"https:\/\/www.arquimaster.com.ar\/web\/wp-content\/uploads\/2014\/11\/premio_ba_design6-150x150.jpg\" class=\"attachment-thumbnail size-thumbnail\" alt=\"\" aria-describedby=\"gallery-1-11615\" srcset=\"https:\/\/www.arquimaster.com.ar\/web\/wp-content\/uploads\/2014\/11\/premio_ba_design6-150x150.jpg 150w, https:\/\/www.arquimaster.com.ar\/web\/wp-content\/uploads\/2014\/11\/premio_ba_design6-50x50.jpg 50w, https:\/\/www.arquimaster.com.ar\/web\/wp-content\/uploads\/2014\/11\/premio_ba_design6-125x125.jpg 125w\" sizes=\"auto, (max-width: 150px) 100vw, 150px\" \/><\/a>\n\t\t\t<\/div>\n\t\t\t\t<figcaption class='wp-caption-text gallery-caption' id='gallery-1-11615'>\n\t\t\t\tJulio Oropel recibi\u00f3 el Premio Buenos Aires Design de Casa FOA La Abad\u00eda\n\t\t\t\t<\/figcaption><\/figure>\n\t\t<\/div>\n\n<p>Se entreg\u00f3 el Premio Buenos Aires Design, que se realiza por primera vez en Casa FOA La Abad\u00eda y que permite al espacio ganador ser replicado y exhibido en el shopping del barrio de la Recoleta. Para dar a conocer al ganador y hacer la entrega del premio, se invit\u00f3 a los decoradores y arquitectos de Casa FOA La Abad\u00eda a un cocktail en el restaurante Tucson, sobre las terrazas del Mall. El ganador del Premio Buenos Aires Design fue el Arq. Julio Oropel.<\/p>\n<p>La distinci\u00f3n fue otorgada por un jurado compuesto por directores de medios period\u00edsticos del sector, representado por el Arq. Berto Gonz\u00e1lez Montaner de Clar\u00edn Arq, Carolina Balbiani de Para Ti Deco, Virginia Braun de DyD. Por la empresa IRSA, participaron la Arq. Carolina Giavarini, Gerente de Arquitectura, y Ezequiel Barenboim, Gerente de Arquitectura y Dise\u00f1o.<\/p>\n<p>El jurado expres\u00f3 as\u00ed su fallo: <em>\u00abEl jurado resolvi\u00f3 entregar el premio a Julio Oropel,\u00a0por su propuesta de gran impacto visual que a la vez respeta la arquitectura del hist\u00f3rico edificio. Logra una fuerte interacci\u00f3n con el entorno edilicio, a trav\u00e9s de\u00a0una s\u00edntesis de mucho car\u00e1cter. Utiliz\u00f3 materiales nobles como la madera, cuyo uso se aplica a un mundo sustentable. Su proyecto fue considerado de alto vuelo, \u00a0condici\u00f3n primordial para merecer el premio\u00a0Buenos Aires Design\u00bb<\/em>. El premio otorga al ganador la suma de diez mil pesos en \u00f3rdenes de compra y treinta y cinco mil pesos equivalentes, para replicar el espacio en Buenos Aires Design, una vez terminada la muestra.<\/p>\n<p>Buenos Aires Design est\u00e1 participando una vez m\u00e1s como Sponsor Oficial, de la 31\u00ba edici\u00f3n de Casa FOA en La Abad\u00eda de San Benito, ubicada en la calle Gorostiaga 1908 y Luis M. Campos, en la Ciudad de Buenos Aires. Casa FOA, la exposici\u00f3n nacional de arquitectura, industria, dise\u00f1o interior y paisajismo m\u00e1s importante del pa\u00eds, es a beneficio de la Fundaci\u00f3n Oftalmol\u00f3gica Argentina Jorge Malbran. Por primera vez, un espacio de Casa FOA ser\u00e1 exhibido fuera del \u00e1mbito de la muestra de decoraci\u00f3n. El Premio Buenos Aires Design podr\u00e1 ser visitado en el primer mall tem\u00e1tico dedicado enteramente a la decoraci\u00f3n y al equipamiento, situado en el barrio de la Recoleta, hasta el 28 de diciembre de 2014.<\/p>\n<p><strong>Acerca de Buenos Aires Design<\/strong><br \/>\nBuenos Aires Design, situado en el Barrio de la Recoleta, es uno de los m\u00e1s prestigiosos shoppings de la ciudad de Buenos Aires y el primer mall tem\u00e1tico dedicado enteramente a la decoraci\u00f3n y al equipamiento. All\u00ed se pueden encontrar las mejores alternativas y marcas de primer nivel de decoraci\u00f3n que imponen las tendencias del mercado. Buenos Aires Design cuenta con un producto diferencial que permite generar un alt\u00edsimo valor agregado a todos los clientes y profesionales del medio. Buenos Aires Design est\u00e1 en Av. Pueyrred\u00f3n y\u00a0 Av. Del Libertador, Ciudad de Buenos Aires.<\/p>\n<p><strong>Acerca de Casa FOA<\/strong><br \/>\nCasa FOA, la exposici\u00f3n nacional de arquitectura, industria, dise\u00f1o interior y paisajismo, creada por iniciativa de Mercedes Malbran de Campos en el a\u00f1o 1985, con el objetivo de recaudar fondos para la Fundaci\u00f3n Oftalmol\u00f3gica Argentina Jorge Malbran. Casa FOA es un espacio emblem\u00e1tico del dise\u00f1o que congrega propuestas vanguardistas de las m\u00e1s variadas tendencias. Casa FOA es un referente indiscutido de la agenda cultural de la Argentina y una cita ineludible para conocer las \u00faltimas tendencias del dise\u00f1o. Es tambi\u00e9n un producto nacional, que a\u00f1o tras a\u00f1o trasciende internacionalmente.<\/p>\n<p><strong>Acerca de la Fundaci\u00f3n Oftalmol\u00f3gica Argentina Jorge Malbran<\/strong><br \/>\nLa Fundaci\u00f3n Oftalmol\u00f3gica Argentina Jorge Malbran naci\u00f3 el 30 de noviembre de 1964. Creada por la inquietud e iniciativa del Doctor Enrique Segundo Malbran, con un prop\u00f3sito: La investigaci\u00f3n y docencia dentro de la oftalmolog\u00eda. La Fundaci\u00f3n, Instituto de docencia e investigaci\u00f3n es una instituci\u00f3n privada sin fines de lucro que, es la culminaci\u00f3n institucional de la particular actitud docente de Jorge Malbran inspirada en la m\u00e1xima de S\u00e9neca \u201clos hombres aprenden mientras ense\u00f1an\u201d. Durante m\u00e1s cuarenta y cinco a\u00f1os la Fundaci\u00f3n ha llevado una intensa actividad dentro del campo de la investigaci\u00f3n oftalmol\u00f3gica, la docencia y la ayuda a la comunidad.<\/p>\n\n<div style=\"font-size: 0px; height: 0px; line-height: 0px; margin: 0; padding: 0; clear: both;\"><\/div><div style=\"margin-top: 0px; margin-bottom: 0px;\" class=\"sharethis-inline-share-buttons\" ><\/div>","protected":false},"excerpt":{"rendered":"<p>Por primera vez un espacio de Casa FOA ser\u00e1 exhibido fuera del \u00e1mbito de la exposici\u00f3n&#8230;<\/p>\n","protected":false},"author":1,"featured_media":11609,"comment_status":"closed","ping_status":"closed","sticky":false,"template":"","format":"standard","meta":{"_uag_custom_page_level_css":"","footnotes":""},"categories":[55,56],"tags":[175,2066,3524,2725,2681,701,999],"class_list":["post-11608","post","type-post","status-publish","format-standard","has-post-thumbnail","hentry","category-diseno","category-diseno-interior-decoracion","tag-buenos-aires-design","tag-casa-foa","tag-casa-foa-2014","tag-julio-oropel","tag-la-abadia","tag-madera","tag-premios","generate-columns","tablet-grid-50","mobile-grid-100","grid-parent","grid-50"],"yoast_head":"<!-- This site is optimized with the Yoast SEO plugin v27.3 - https:\/\/yoast.com\/product\/yoast-seo-wordpress\/ -->\n<title>Julio Oropel recibi\u00f3 el Premio Buenos Aires Design de Casa FOA La Abad\u00eda - Arquimaster<\/title>\n<meta name=\"robots\" content=\"index, follow, max-snippet:-1, max-image-preview:large, max-video-preview:-1\" \/>\n<link rel=\"canonical\" href=\"https:\/\/www.arquimaster.com.ar\/web\/julio-oropel-recibio-el-premio-buenos-aires-design-de-casa-foa-la-abadia\/\" \/>\n<meta property=\"og:locale\" content=\"es_ES\" \/>\n<meta property=\"og:type\" content=\"article\" \/>\n<meta property=\"og:title\" content=\"Julio Oropel recibi\u00f3 el Premio Buenos Aires Design de Casa FOA La Abad\u00eda - Arquimaster\" \/>\n<meta property=\"og:description\" content=\"Por primera vez un espacio de Casa FOA ser\u00e1 exhibido fuera del \u00e1mbito de la exposici\u00f3n...\" \/>\n<meta property=\"og:url\" content=\"https:\/\/www.arquimaster.com.ar\/web\/julio-oropel-recibio-el-premio-buenos-aires-design-de-casa-foa-la-abadia\/\" \/>\n<meta property=\"og:site_name\" content=\"Arquimaster\" \/>\n<meta property=\"article:publisher\" content=\"http:\/\/www.facebook.com\/ARQUIMASTER.com.ar\" \/>\n<meta property=\"article:published_time\" content=\"2014-11-29T11:29:27+00:00\" \/>\n<meta property=\"article:modified_time\" content=\"2026-03-27T20:36:53+00:00\" \/>\n<meta property=\"og:image\" content=\"https:\/\/www.arquimaster.com.ar\/web\/wp-content\/uploads\/2014\/11\/premio_ba_design_slide.jpg\" \/>\n\t<meta property=\"og:image:width\" content=\"642\" \/>\n\t<meta property=\"og:image:height\" content=\"336\" \/>\n\t<meta property=\"og:image:type\" content=\"image\/jpeg\" \/>\n<meta name=\"author\" content=\"Arquimaster\" \/>\n<meta name=\"twitter:card\" content=\"summary_large_image\" \/>\n<meta name=\"twitter:creator\" content=\"@arquimaster\" \/>\n<meta name=\"twitter:site\" content=\"@arquimaster\" \/>\n<meta name=\"twitter:label1\" content=\"Escrito por\" \/>\n\t<meta name=\"twitter:data1\" content=\"Arquimaster\" \/>\n\t<meta name=\"twitter:label2\" content=\"Tiempo de lectura\" \/>\n\t<meta name=\"twitter:data2\" content=\"4 minutos\" \/>\n<script type=\"application\/ld+json\" class=\"yoast-schema-graph\">{\"@context\":\"https:\\\/\\\/schema.org\",\"@graph\":[{\"@type\":\"Article\",\"@id\":\"https:\\\/\\\/www.arquimaster.com.ar\\\/web\\\/julio-oropel-recibio-el-premio-buenos-aires-design-de-casa-foa-la-abadia\\\/#article\",\"isPartOf\":{\"@id\":\"https:\\\/\\\/www.arquimaster.com.ar\\\/web\\\/julio-oropel-recibio-el-premio-buenos-aires-design-de-casa-foa-la-abadia\\\/\"},\"author\":{\"name\":\"Arquimaster\",\"@id\":\"https:\\\/\\\/www.arquimaster.com.ar\\\/web\\\/#\\\/schema\\\/person\\\/359e9f7c00193fcde068e0dd2ceb0028\"},\"headline\":\"Julio Oropel recibi\u00f3 el Premio Buenos Aires Design de Casa FOA La Abad\u00eda\",\"datePublished\":\"2014-11-29T11:29:27+00:00\",\"dateModified\":\"2026-03-27T20:36:53+00:00\",\"mainEntityOfPage\":{\"@id\":\"https:\\\/\\\/www.arquimaster.com.ar\\\/web\\\/julio-oropel-recibio-el-premio-buenos-aires-design-de-casa-foa-la-abadia\\\/\"},\"wordCount\":842,\"publisher\":{\"@id\":\"https:\\\/\\\/www.arquimaster.com.ar\\\/web\\\/#organization\"},\"image\":{\"@id\":\"https:\\\/\\\/www.arquimaster.com.ar\\\/web\\\/julio-oropel-recibio-el-premio-buenos-aires-design-de-casa-foa-la-abadia\\\/#primaryimage\"},\"thumbnailUrl\":\"https:\\\/\\\/www.arquimaster.com.ar\\\/web\\\/wp-content\\\/uploads\\\/2014\\\/11\\\/premio_ba_design_slide.jpg\",\"keywords\":[\"Buenos Aires Design\",\"Casa FOA\",\"Casa FOA 2014\",\"Julio Oropel\",\"La Abadia\",\"madera\",\"premios\"],\"articleSection\":[\"Dise\u00f1o\",\"Dise\u00f1o interior y decoracion\"],\"inLanguage\":\"es\"},{\"@type\":\"WebPage\",\"@id\":\"https:\\\/\\\/www.arquimaster.com.ar\\\/web\\\/julio-oropel-recibio-el-premio-buenos-aires-design-de-casa-foa-la-abadia\\\/\",\"url\":\"https:\\\/\\\/www.arquimaster.com.ar\\\/web\\\/julio-oropel-recibio-el-premio-buenos-aires-design-de-casa-foa-la-abadia\\\/\",\"name\":\"Julio Oropel recibi\u00f3 el Premio Buenos Aires Design de Casa FOA La Abad\u00eda - Arquimaster\",\"isPartOf\":{\"@id\":\"https:\\\/\\\/www.arquimaster.com.ar\\\/web\\\/#website\"},\"primaryImageOfPage\":{\"@id\":\"https:\\\/\\\/www.arquimaster.com.ar\\\/web\\\/julio-oropel-recibio-el-premio-buenos-aires-design-de-casa-foa-la-abadia\\\/#primaryimage\"},\"image\":{\"@id\":\"https:\\\/\\\/www.arquimaster.com.ar\\\/web\\\/julio-oropel-recibio-el-premio-buenos-aires-design-de-casa-foa-la-abadia\\\/#primaryimage\"},\"thumbnailUrl\":\"https:\\\/\\\/www.arquimaster.com.ar\\\/web\\\/wp-content\\\/uploads\\\/2014\\\/11\\\/premio_ba_design_slide.jpg\",\"datePublished\":\"2014-11-29T11:29:27+00:00\",\"dateModified\":\"2026-03-27T20:36:53+00:00\",\"breadcrumb\":{\"@id\":\"https:\\\/\\\/www.arquimaster.com.ar\\\/web\\\/julio-oropel-recibio-el-premio-buenos-aires-design-de-casa-foa-la-abadia\\\/#breadcrumb\"},\"inLanguage\":\"es\",\"potentialAction\":[{\"@type\":\"ReadAction\",\"target\":[\"https:\\\/\\\/www.arquimaster.com.ar\\\/web\\\/julio-oropel-recibio-el-premio-buenos-aires-design-de-casa-foa-la-abadia\\\/\"]}]},{\"@type\":\"ImageObject\",\"inLanguage\":\"es\",\"@id\":\"https:\\\/\\\/www.arquimaster.com.ar\\\/web\\\/julio-oropel-recibio-el-premio-buenos-aires-design-de-casa-foa-la-abadia\\\/#primaryimage\",\"url\":\"https:\\\/\\\/www.arquimaster.com.ar\\\/web\\\/wp-content\\\/uploads\\\/2014\\\/11\\\/premio_ba_design_slide.jpg\",\"contentUrl\":\"https:\\\/\\\/www.arquimaster.com.ar\\\/web\\\/wp-content\\\/uploads\\\/2014\\\/11\\\/premio_ba_design_slide.jpg\",\"width\":642,\"height\":336},{\"@type\":\"BreadcrumbList\",\"@id\":\"https:\\\/\\\/www.arquimaster.com.ar\\\/web\\\/julio-oropel-recibio-el-premio-buenos-aires-design-de-casa-foa-la-abadia\\\/#breadcrumb\",\"itemListElement\":[{\"@type\":\"ListItem\",\"position\":1,\"name\":\"Portada\",\"item\":\"https:\\\/\\\/www.arquimaster.com.ar\\\/web\\\/\"},{\"@type\":\"ListItem\",\"position\":2,\"name\":\"Julio Oropel recibi\u00f3 el Premio Buenos Aires Design de Casa FOA La Abad\u00eda\"}]},{\"@type\":\"WebSite\",\"@id\":\"https:\\\/\\\/www.arquimaster.com.ar\\\/web\\\/#website\",\"url\":\"https:\\\/\\\/www.arquimaster.com.ar\\\/web\\\/\",\"name\":\"Arquimaster\",\"description\":\"Web de arquitectura, dise\u00f1o y construccion\",\"publisher\":{\"@id\":\"https:\\\/\\\/www.arquimaster.com.ar\\\/web\\\/#organization\"},\"potentialAction\":[{\"@type\":\"SearchAction\",\"target\":{\"@type\":\"EntryPoint\",\"urlTemplate\":\"https:\\\/\\\/www.arquimaster.com.ar\\\/web\\\/?s={search_term_string}\"},\"query-input\":{\"@type\":\"PropertyValueSpecification\",\"valueRequired\":true,\"valueName\":\"search_term_string\"}}],\"inLanguage\":\"es\"},{\"@type\":\"Organization\",\"@id\":\"https:\\\/\\\/www.arquimaster.com.ar\\\/web\\\/#organization\",\"name\":\"Arquimaster\",\"url\":\"https:\\\/\\\/www.arquimaster.com.ar\\\/web\\\/\",\"logo\":{\"@type\":\"ImageObject\",\"inLanguage\":\"es\",\"@id\":\"https:\\\/\\\/www.arquimaster.com.ar\\\/web\\\/#\\\/schema\\\/logo\\\/image\\\/\",\"url\":\"https:\\\/\\\/www.arquimaster.com.ar\\\/web\\\/wp-content\\\/uploads\\\/2022\\\/06\\\/arquimaster.png\",\"contentUrl\":\"https:\\\/\\\/www.arquimaster.com.ar\\\/web\\\/wp-content\\\/uploads\\\/2022\\\/06\\\/arquimaster.png\",\"width\":594,\"height\":78,\"caption\":\"Arquimaster\"},\"image\":{\"@id\":\"https:\\\/\\\/www.arquimaster.com.ar\\\/web\\\/#\\\/schema\\\/logo\\\/image\\\/\"},\"sameAs\":[\"http:\\\/\\\/www.facebook.com\\\/ARQUIMASTER.com.ar\",\"https:\\\/\\\/x.com\\\/arquimaster\",\"https:\\\/\\\/www.instagram.com\\\/arquimasterblog\\\/\",\"https:\\\/\\\/www.linkedin.com\\\/company\\\/arquimaster\",\"https:\\\/\\\/www.pinterest.com\\\/arquimaster\",\"https:\\\/\\\/t.me\\\/arquimaster\"]},{\"@type\":\"Person\",\"@id\":\"https:\\\/\\\/www.arquimaster.com.ar\\\/web\\\/#\\\/schema\\\/person\\\/359e9f7c00193fcde068e0dd2ceb0028\",\"name\":\"Arquimaster\"}]}<\/script>\n<!-- \/ Yoast SEO plugin. -->","yoast_head_json":{"title":"Julio Oropel recibi\u00f3 el Premio Buenos Aires Design de Casa FOA La Abad\u00eda - Arquimaster","robots":{"index":"index","follow":"follow","max-snippet":"max-snippet:-1","max-image-preview":"max-image-preview:large","max-video-preview":"max-video-preview:-1"},"canonical":"https:\/\/www.arquimaster.com.ar\/web\/julio-oropel-recibio-el-premio-buenos-aires-design-de-casa-foa-la-abadia\/","og_locale":"es_ES","og_type":"article","og_title":"Julio Oropel recibi\u00f3 el Premio Buenos Aires Design de Casa FOA La Abad\u00eda - Arquimaster","og_description":"Por primera vez un espacio de Casa FOA ser\u00e1 exhibido fuera del \u00e1mbito de la exposici\u00f3n...","og_url":"https:\/\/www.arquimaster.com.ar\/web\/julio-oropel-recibio-el-premio-buenos-aires-design-de-casa-foa-la-abadia\/","og_site_name":"Arquimaster","article_publisher":"http:\/\/www.facebook.com\/ARQUIMASTER.com.ar","article_published_time":"2014-11-29T11:29:27+00:00","article_modified_time":"2026-03-27T20:36:53+00:00","og_image":[{"width":642,"height":336,"url":"https:\/\/www.arquimaster.com.ar\/web\/wp-content\/uploads\/2014\/11\/premio_ba_design_slide.jpg","type":"image\/jpeg"}],"author":"Arquimaster","twitter_card":"summary_large_image","twitter_creator":"@arquimaster","twitter_site":"@arquimaster","twitter_misc":{"Escrito por":"Arquimaster","Tiempo de lectura":"4 minutos"},"schema":{"@context":"https:\/\/schema.org","@graph":[{"@type":"Article","@id":"https:\/\/www.arquimaster.com.ar\/web\/julio-oropel-recibio-el-premio-buenos-aires-design-de-casa-foa-la-abadia\/#article","isPartOf":{"@id":"https:\/\/www.arquimaster.com.ar\/web\/julio-oropel-recibio-el-premio-buenos-aires-design-de-casa-foa-la-abadia\/"},"author":{"name":"Arquimaster","@id":"https:\/\/www.arquimaster.com.ar\/web\/#\/schema\/person\/359e9f7c00193fcde068e0dd2ceb0028"},"headline":"Julio Oropel recibi\u00f3 el Premio Buenos Aires Design de Casa FOA La Abad\u00eda","datePublished":"2014-11-29T11:29:27+00:00","dateModified":"2026-03-27T20:36:53+00:00","mainEntityOfPage":{"@id":"https:\/\/www.arquimaster.com.ar\/web\/julio-oropel-recibio-el-premio-buenos-aires-design-de-casa-foa-la-abadia\/"},"wordCount":842,"publisher":{"@id":"https:\/\/www.arquimaster.com.ar\/web\/#organization"},"image":{"@id":"https:\/\/www.arquimaster.com.ar\/web\/julio-oropel-recibio-el-premio-buenos-aires-design-de-casa-foa-la-abadia\/#primaryimage"},"thumbnailUrl":"https:\/\/www.arquimaster.com.ar\/web\/wp-content\/uploads\/2014\/11\/premio_ba_design_slide.jpg","keywords":["Buenos Aires Design","Casa FOA","Casa FOA 2014","Julio Oropel","La Abadia","madera","premios"],"articleSection":["Dise\u00f1o","Dise\u00f1o interior y decoracion"],"inLanguage":"es"},{"@type":"WebPage","@id":"https:\/\/www.arquimaster.com.ar\/web\/julio-oropel-recibio-el-premio-buenos-aires-design-de-casa-foa-la-abadia\/","url":"https:\/\/www.arquimaster.com.ar\/web\/julio-oropel-recibio-el-premio-buenos-aires-design-de-casa-foa-la-abadia\/","name":"Julio Oropel recibi\u00f3 el Premio Buenos Aires Design de Casa FOA La Abad\u00eda - Arquimaster","isPartOf":{"@id":"https:\/\/www.arquimaster.com.ar\/web\/#website"},"primaryImageOfPage":{"@id":"https:\/\/www.arquimaster.com.ar\/web\/julio-oropel-recibio-el-premio-buenos-aires-design-de-casa-foa-la-abadia\/#primaryimage"},"image":{"@id":"https:\/\/www.arquimaster.com.ar\/web\/julio-oropel-recibio-el-premio-buenos-aires-design-de-casa-foa-la-abadia\/#primaryimage"},"thumbnailUrl":"https:\/\/www.arquimaster.com.ar\/web\/wp-content\/uploads\/2014\/11\/premio_ba_design_slide.jpg","datePublished":"2014-11-29T11:29:27+00:00","dateModified":"2026-03-27T20:36:53+00:00","breadcrumb":{"@id":"https:\/\/www.arquimaster.com.ar\/web\/julio-oropel-recibio-el-premio-buenos-aires-design-de-casa-foa-la-abadia\/#breadcrumb"},"inLanguage":"es","potentialAction":[{"@type":"ReadAction","target":["https:\/\/www.arquimaster.com.ar\/web\/julio-oropel-recibio-el-premio-buenos-aires-design-de-casa-foa-la-abadia\/"]}]},{"@type":"ImageObject","inLanguage":"es","@id":"https:\/\/www.arquimaster.com.ar\/web\/julio-oropel-recibio-el-premio-buenos-aires-design-de-casa-foa-la-abadia\/#primaryimage","url":"https:\/\/www.arquimaster.com.ar\/web\/wp-content\/uploads\/2014\/11\/premio_ba_design_slide.jpg","contentUrl":"https:\/\/www.arquimaster.com.ar\/web\/wp-content\/uploads\/2014\/11\/premio_ba_design_slide.jpg","width":642,"height":336},{"@type":"BreadcrumbList","@id":"https:\/\/www.arquimaster.com.ar\/web\/julio-oropel-recibio-el-premio-buenos-aires-design-de-casa-foa-la-abadia\/#breadcrumb","itemListElement":[{"@type":"ListItem","position":1,"name":"Portada","item":"https:\/\/www.arquimaster.com.ar\/web\/"},{"@type":"ListItem","position":2,"name":"Julio Oropel recibi\u00f3 el Premio Buenos Aires Design de Casa FOA La Abad\u00eda"}]},{"@type":"WebSite","@id":"https:\/\/www.arquimaster.com.ar\/web\/#website","url":"https:\/\/www.arquimaster.com.ar\/web\/","name":"Arquimaster","description":"Web de arquitectura, dise\u00f1o y construccion","publisher":{"@id":"https:\/\/www.arquimaster.com.ar\/web\/#organization"},"potentialAction":[{"@type":"SearchAction","target":{"@type":"EntryPoint","urlTemplate":"https:\/\/www.arquimaster.com.ar\/web\/?s={search_term_string}"},"query-input":{"@type":"PropertyValueSpecification","valueRequired":true,"valueName":"search_term_string"}}],"inLanguage":"es"},{"@type":"Organization","@id":"https:\/\/www.arquimaster.com.ar\/web\/#organization","name":"Arquimaster","url":"https:\/\/www.arquimaster.com.ar\/web\/","logo":{"@type":"ImageObject","inLanguage":"es","@id":"https:\/\/www.arquimaster.com.ar\/web\/#\/schema\/logo\/image\/","url":"https:\/\/www.arquimaster.com.ar\/web\/wp-content\/uploads\/2022\/06\/arquimaster.png","contentUrl":"https:\/\/www.arquimaster.com.ar\/web\/wp-content\/uploads\/2022\/06\/arquimaster.png","width":594,"height":78,"caption":"Arquimaster"},"image":{"@id":"https:\/\/www.arquimaster.com.ar\/web\/#\/schema\/logo\/image\/"},"sameAs":["http:\/\/www.facebook.com\/ARQUIMASTER.com.ar","https:\/\/x.com\/arquimaster","https:\/\/www.instagram.com\/arquimasterblog\/","https:\/\/www.linkedin.com\/company\/arquimaster","https:\/\/www.pinterest.com\/arquimaster","https:\/\/t.me\/arquimaster"]},{"@type":"Person","@id":"https:\/\/www.arquimaster.com.ar\/web\/#\/schema\/person\/359e9f7c00193fcde068e0dd2ceb0028","name":"Arquimaster"}]}},"uagb_featured_image_src":{"full":["https:\/\/www.arquimaster.com.ar\/web\/wp-content\/uploads\/2014\/11\/premio_ba_design_slide.jpg",642,336,false],"thumbnail":["https:\/\/www.arquimaster.com.ar\/web\/wp-content\/uploads\/2014\/11\/premio_ba_design_slide-150x150.jpg",150,150,true],"medium":["https:\/\/www.arquimaster.com.ar\/web\/wp-content\/uploads\/2014\/11\/premio_ba_design_slide-300x157.jpg",300,157,true],"medium_large":["https:\/\/www.arquimaster.com.ar\/web\/wp-content\/uploads\/2014\/11\/premio_ba_design_slide.jpg",642,336,false],"large":["https:\/\/www.arquimaster.com.ar\/web\/wp-content\/uploads\/2014\/11\/premio_ba_design_slide.jpg",642,336,false],"1536x1536":["https:\/\/www.arquimaster.com.ar\/web\/wp-content\/uploads\/2014\/11\/premio_ba_design_slide.jpg",642,336,false],"2048x2048":["https:\/\/www.arquimaster.com.ar\/web\/wp-content\/uploads\/2014\/11\/premio_ba_design_slide.jpg",642,336,false]},"uagb_author_info":{"display_name":"Arquimaster","author_link":"https:\/\/www.arquimaster.com.ar\/web\/author\/arquimaster\/"},"uagb_comment_info":0,"uagb_excerpt":"Por primera vez un espacio de Casa FOA ser\u00e1 exhibido fuera del \u00e1mbito de la exposici\u00f3n...","_links":{"self":[{"href":"https:\/\/www.arquimaster.com.ar\/web\/wp-json\/wp\/v2\/posts\/11608","targetHints":{"allow":["GET"]}}],"collection":[{"href":"https:\/\/www.arquimaster.com.ar\/web\/wp-json\/wp\/v2\/posts"}],"about":[{"href":"https:\/\/www.arquimaster.com.ar\/web\/wp-json\/wp\/v2\/types\/post"}],"author":[{"embeddable":true,"href":"https:\/\/www.arquimaster.com.ar\/web\/wp-json\/wp\/v2\/users\/1"}],"replies":[{"embeddable":true,"href":"https:\/\/www.arquimaster.com.ar\/web\/wp-json\/wp\/v2\/comments?post=11608"}],"version-history":[{"count":1,"href":"https:\/\/www.arquimaster.com.ar\/web\/wp-json\/wp\/v2\/posts\/11608\/revisions"}],"predecessor-version":[{"id":87803,"href":"https:\/\/www.arquimaster.com.ar\/web\/wp-json\/wp\/v2\/posts\/11608\/revisions\/87803"}],"wp:featuredmedia":[{"embeddable":true,"href":"https:\/\/www.arquimaster.com.ar\/web\/wp-json\/wp\/v2\/media\/11609"}],"wp:attachment":[{"href":"https:\/\/www.arquimaster.com.ar\/web\/wp-json\/wp\/v2\/media?parent=11608"}],"wp:term":[{"taxonomy":"category","embeddable":true,"href":"https:\/\/www.arquimaster.com.ar\/web\/wp-json\/wp\/v2\/categories?post=11608"},{"taxonomy":"post_tag","embeddable":true,"href":"https:\/\/www.arquimaster.com.ar\/web\/wp-json\/wp\/v2\/tags?post=11608"}],"curies":[{"name":"wp","href":"https:\/\/api.w.org\/{rel}","templated":true}]}}