{"id":11857,"date":"2014-12-12T22:28:25","date_gmt":"2014-12-12T22:28:25","guid":{"rendered":"http:\/\/www.arquimaster.com.ar\/web\/?p=11857"},"modified":"2026-03-27T17:17:42","modified_gmt":"2026-03-27T20:17:42","slug":"colorshop-festeja-su-15-aniversario","status":"publish","type":"post","link":"https:\/\/www.arquimaster.com.ar\/web\/colorshop-festeja-su-15-aniversario\/","title":{"rendered":"Colorshop festeja sus 15 a\u00f1os"},"content":{"rendered":"<div style=\"margin-top: 0px; margin-bottom: 0px;\" class=\"sharethis-inline-share-buttons\" ><\/div><div class=\"b812932af2e751442846f039925109de\" data-index=\"1\" style=\"float: none; margin:25px 0 25px 0; text-align:center;\">\n<script async src=\"https:\/\/pagead2.googlesyndication.com\/pagead\/js\/adsbygoogle.js\"><\/script>\r\n<!-- Arquimaster (superior) -->\r\n<ins class=\"adsbygoogle\"\r\n     style=\"display:block\"\r\n     data-ad-client=\"ca-pub-6351072698456832\"\r\n     data-ad-slot=\"6455489680\"\r\n     data-ad-format=\"auto\"\r\n     data-full-width-responsive=\"true\"><\/ins>\r\n<script>\r\n     (adsbygoogle = window.adsbygoogle || []).push({});\r\n<\/script>\n<\/div>\n<p><em><strong>La cadena l\u00edder de pinturer\u00edas celebra su 15 aniversario.<\/strong><\/em><\/p>\n<p><strong>Colorshop<\/strong>, la cadena l\u00edder en pinturer\u00edas del pa\u00eds nace en el a\u00f1o 1999 como una nueva Unidad de Negocios de <strong>Sinteplast<\/strong>. Ese mismo a\u00f1o inicia su crecimiento a lo largo de Argentina, donde hoy cuenta con presencia en todo el territorio.<\/p>\n<div id='gallery-1' class='gallery galleryid-11857 gallery-columns-3 gallery-size-thumbnail'><figure class='gallery-item'>\n\t\t\t<div class='gallery-icon landscape'>\n\t\t\t\t<a href='https:\/\/www.arquimaster.com.ar\/web\/wp-content\/uploads\/2014\/12\/colorshop_15_aniversario1.jpg' title=\"Colorshop festeja sus 15 a\u00f1os\" data-rl_title=\"Colorshop festeja sus 15 a\u00f1os\" class=\"rl-gallery-link\" data-rl_caption=\"Colorshop festeja sus 15 a\u00f1os\" data-rel=\"lightbox-gallery-1\"><img loading=\"lazy\" decoding=\"async\" width=\"150\" height=\"150\" src=\"https:\/\/www.arquimaster.com.ar\/web\/wp-content\/uploads\/2014\/12\/colorshop_15_aniversario1-150x150.jpg\" class=\"attachment-thumbnail size-thumbnail\" alt=\"\" aria-describedby=\"gallery-1-11859\" srcset=\"https:\/\/www.arquimaster.com.ar\/web\/wp-content\/uploads\/2014\/12\/colorshop_15_aniversario1-150x150.jpg 150w, https:\/\/www.arquimaster.com.ar\/web\/wp-content\/uploads\/2014\/12\/colorshop_15_aniversario1-50x50.jpg 50w, https:\/\/www.arquimaster.com.ar\/web\/wp-content\/uploads\/2014\/12\/colorshop_15_aniversario1-125x125.jpg 125w\" sizes=\"auto, (max-width: 150px) 100vw, 150px\" \/><\/a>\n\t\t\t<\/div>\n\t\t\t\t<figcaption class='wp-caption-text gallery-caption' id='gallery-1-11859'>\n\t\t\t\tColorshop festeja sus 15 a\u00f1os\n\t\t\t\t<\/figcaption><\/figure>\n\t\t<\/div>\n\n<p>A lo largo de estos 15 a\u00f1os, Colorshop logr\u00f3 abrir doscientas sucursales en el pa\u00eds, extendidas por todo el territorio Argentino, aportando as\u00ed color a todo el pa\u00eds. Adem\u00e1s en los \u00faltimos a\u00f1os la cadena logro conquistar la regi\u00f3n Latinoamericana. La expansi\u00f3n empez\u00f3 en Bolivia, luego sigui\u00f3 por Uruguay y finalmente en el a\u00f1o 2011 abre su primer sucursal en Paraguay.<\/p>\n<p>El modelo de negocio de Colorshop no incluye franquicias propias, todos los locales son producto de la invesi\u00f3n de particulares que apuestan a la marca.\u00a0 Abrir una franquicia de Colorshop lleva una inversi\u00f3n inicial sin stock de $ 140.000 pesos argentinos, m\u00e1s la inversi\u00f3n de stock de 400.000. Las franquicias tienen una facturaci\u00f3n promedio total $ 2.000.000 m\u00e1s impuestos.<\/p>\n<p><em>\u00abNos enorgullece mirar para atr\u00e1s y ver cu\u00e1nto hemos logrado. Apostamos al crecimiento de Colorshop en todo el territorio Argentino y en la regi\u00f3n, y logramos ser la \u00fanica cadena con franquicias en todo el territorio. En estos 15 a\u00f1os queremos agradecer el apoyo de todos los franquiciados, a todos nuestros empleados y clientes que nos acompa\u00f1aron durante todos estos a\u00f1os\u00bb<\/em>, afirm\u00f3 <strong>Ezequiel Reilly<\/strong>, Subgerente de Retail de Sinteplast.<\/p>\n<p>En cada Colorshop los clientes\u00a0 podr\u00e1n encontrar la mayor variedad de productos Sinteplast en las l\u00edneas arquitect\u00f3nica, industrial y para el autom\u00f3vil,\u00a0 y un exclusivo sistema de color, \u00abSelecci\u00f3n &amp; Combinaciones\u00bb, que brinda m\u00e1s de 2000 opciones para elegir. Adem\u00e1s Colorshop cuenta con la licencia exclusiva para comercializar Merit Pro, la l\u00ednea de rodillos y accesorios de la empresa Lancaster.<\/p>\n<p><em>\u00abLos 15 a\u00f1os que llevamos siendo l\u00edderes en el mercado respaldan a Colorshop y su modelo de negocio. Somos una oportunidad para Pinturer\u00edas independientes, y una excelente inversi\u00f3n para aquellos que quieran iniciarse de forma aut\u00f3noma en el mercado de la construcci\u00f3n y la decoraci\u00f3n\u00bb<\/em>, finaliz\u00f3 Reilly.<\/p>\n<p><strong>Acerca de Colorshop<\/strong><br \/>\nColorshop, la cadena l\u00edder de pinturer\u00edas en Argentina. Tambi\u00e9n presente en Bolivia, Uruguay y Paraguay. La empresa inici\u00f3 sus operaciones en el a\u00f1o 2000 y ya cuenta con m\u00e1s de 190 puntos de venta en la regi\u00f3n, posicion\u00e1ndose como una de las cadenas de retail de mayor crecimiento. Cada local ofrece la mayor variedad de productos en las l\u00edneas arquitect\u00f3nica, industrial y automotriz. La empresa brinda asesoramiento y servicio t\u00e9cnico personalizado, productos exclusivos, entregas a domicilio sin cargo y facilidades de pago.<\/p>\n\n<div style=\"font-size: 0px; height: 0px; line-height: 0px; margin: 0; padding: 0; clear: both;\"><\/div><div style=\"margin-top: 0px; margin-bottom: 0px;\" class=\"sharethis-inline-share-buttons\" ><\/div>","protected":false},"excerpt":{"rendered":"<p>Colorshop nace en el a\u00f1o 1999 como una nueva Unidad de Negocios de Sinteplast&#8230;<\/p>\n","protected":false},"author":1,"featured_media":11858,"comment_status":"closed","ping_status":"closed","sticky":false,"template":"","format":"standard","meta":{"_uag_custom_page_level_css":"","footnotes":""},"categories":[40,64],"tags":[198,204,217,2927],"class_list":["post-11857","post","type-post","status-publish","format-standard","has-post-thumbnail","hentry","category-construccion","category-empresas-construccion","tag-colorshop","tag-pintura","tag-pintureria","tag-sinteplast","generate-columns","tablet-grid-50","mobile-grid-100","grid-parent","grid-50"],"yoast_head":"<!-- This site is optimized with the Yoast SEO plugin v27.3 - https:\/\/yoast.com\/product\/yoast-seo-wordpress\/ -->\n<title>Colorshop festeja sus 15 a\u00f1os - Arquimaster<\/title>\n<meta name=\"robots\" content=\"index, follow, max-snippet:-1, max-image-preview:large, max-video-preview:-1\" \/>\n<link rel=\"canonical\" href=\"https:\/\/www.arquimaster.com.ar\/web\/colorshop-festeja-su-15-aniversario\/\" \/>\n<meta property=\"og:locale\" content=\"es_ES\" \/>\n<meta property=\"og:type\" content=\"article\" \/>\n<meta property=\"og:title\" content=\"Colorshop festeja sus 15 a\u00f1os - Arquimaster\" \/>\n<meta property=\"og:description\" content=\"Colorshop nace en el a\u00f1o 1999 como una nueva Unidad de Negocios de Sinteplast...\" \/>\n<meta property=\"og:url\" content=\"https:\/\/www.arquimaster.com.ar\/web\/colorshop-festeja-su-15-aniversario\/\" \/>\n<meta property=\"og:site_name\" content=\"Arquimaster\" \/>\n<meta property=\"article:publisher\" content=\"http:\/\/www.facebook.com\/ARQUIMASTER.com.ar\" \/>\n<meta property=\"article:published_time\" content=\"2014-12-12T22:28:25+00:00\" \/>\n<meta property=\"article:modified_time\" content=\"2026-03-27T20:17:42+00:00\" \/>\n<meta property=\"og:image\" content=\"https:\/\/www.arquimaster.com.ar\/web\/wp-content\/uploads\/2014\/12\/colorshop_15_aniversario_slide.jpg\" \/>\n\t<meta property=\"og:image:width\" content=\"642\" \/>\n\t<meta property=\"og:image:height\" content=\"336\" \/>\n\t<meta property=\"og:image:type\" content=\"image\/jpeg\" \/>\n<meta name=\"author\" content=\"Arquimaster\" \/>\n<meta name=\"twitter:card\" content=\"summary_large_image\" \/>\n<meta name=\"twitter:creator\" content=\"@arquimaster\" \/>\n<meta name=\"twitter:site\" content=\"@arquimaster\" \/>\n<meta name=\"twitter:label1\" content=\"Escrito por\" \/>\n\t<meta name=\"twitter:data1\" content=\"Arquimaster\" \/>\n\t<meta name=\"twitter:label2\" content=\"Tiempo de lectura\" \/>\n\t<meta name=\"twitter:data2\" content=\"3 minutos\" \/>\n<script type=\"application\/ld+json\" class=\"yoast-schema-graph\">{\"@context\":\"https:\\\/\\\/schema.org\",\"@graph\":[{\"@type\":\"Article\",\"@id\":\"https:\\\/\\\/www.arquimaster.com.ar\\\/web\\\/colorshop-festeja-su-15-aniversario\\\/#article\",\"isPartOf\":{\"@id\":\"https:\\\/\\\/www.arquimaster.com.ar\\\/web\\\/colorshop-festeja-su-15-aniversario\\\/\"},\"author\":{\"name\":\"Arquimaster\",\"@id\":\"https:\\\/\\\/www.arquimaster.com.ar\\\/web\\\/#\\\/schema\\\/person\\\/359e9f7c00193fcde068e0dd2ceb0028\"},\"headline\":\"Colorshop festeja sus 15 a\u00f1os\",\"datePublished\":\"2014-12-12T22:28:25+00:00\",\"dateModified\":\"2026-03-27T20:17:42+00:00\",\"mainEntityOfPage\":{\"@id\":\"https:\\\/\\\/www.arquimaster.com.ar\\\/web\\\/colorshop-festeja-su-15-aniversario\\\/\"},\"wordCount\":478,\"publisher\":{\"@id\":\"https:\\\/\\\/www.arquimaster.com.ar\\\/web\\\/#organization\"},\"image\":{\"@id\":\"https:\\\/\\\/www.arquimaster.com.ar\\\/web\\\/colorshop-festeja-su-15-aniversario\\\/#primaryimage\"},\"thumbnailUrl\":\"https:\\\/\\\/www.arquimaster.com.ar\\\/web\\\/wp-content\\\/uploads\\\/2014\\\/12\\\/colorshop_15_aniversario_slide.jpg\",\"keywords\":[\"Colorshop\",\"pintura\",\"pintureria\",\"Sinteplast\"],\"articleSection\":[\"Construccion\",\"Empresas de la construccion\"],\"inLanguage\":\"es\"},{\"@type\":\"WebPage\",\"@id\":\"https:\\\/\\\/www.arquimaster.com.ar\\\/web\\\/colorshop-festeja-su-15-aniversario\\\/\",\"url\":\"https:\\\/\\\/www.arquimaster.com.ar\\\/web\\\/colorshop-festeja-su-15-aniversario\\\/\",\"name\":\"Colorshop festeja sus 15 a\u00f1os - Arquimaster\",\"isPartOf\":{\"@id\":\"https:\\\/\\\/www.arquimaster.com.ar\\\/web\\\/#website\"},\"primaryImageOfPage\":{\"@id\":\"https:\\\/\\\/www.arquimaster.com.ar\\\/web\\\/colorshop-festeja-su-15-aniversario\\\/#primaryimage\"},\"image\":{\"@id\":\"https:\\\/\\\/www.arquimaster.com.ar\\\/web\\\/colorshop-festeja-su-15-aniversario\\\/#primaryimage\"},\"thumbnailUrl\":\"https:\\\/\\\/www.arquimaster.com.ar\\\/web\\\/wp-content\\\/uploads\\\/2014\\\/12\\\/colorshop_15_aniversario_slide.jpg\",\"datePublished\":\"2014-12-12T22:28:25+00:00\",\"dateModified\":\"2026-03-27T20:17:42+00:00\",\"breadcrumb\":{\"@id\":\"https:\\\/\\\/www.arquimaster.com.ar\\\/web\\\/colorshop-festeja-su-15-aniversario\\\/#breadcrumb\"},\"inLanguage\":\"es\",\"potentialAction\":[{\"@type\":\"ReadAction\",\"target\":[\"https:\\\/\\\/www.arquimaster.com.ar\\\/web\\\/colorshop-festeja-su-15-aniversario\\\/\"]}]},{\"@type\":\"ImageObject\",\"inLanguage\":\"es\",\"@id\":\"https:\\\/\\\/www.arquimaster.com.ar\\\/web\\\/colorshop-festeja-su-15-aniversario\\\/#primaryimage\",\"url\":\"https:\\\/\\\/www.arquimaster.com.ar\\\/web\\\/wp-content\\\/uploads\\\/2014\\\/12\\\/colorshop_15_aniversario_slide.jpg\",\"contentUrl\":\"https:\\\/\\\/www.arquimaster.com.ar\\\/web\\\/wp-content\\\/uploads\\\/2014\\\/12\\\/colorshop_15_aniversario_slide.jpg\",\"width\":642,\"height\":336},{\"@type\":\"BreadcrumbList\",\"@id\":\"https:\\\/\\\/www.arquimaster.com.ar\\\/web\\\/colorshop-festeja-su-15-aniversario\\\/#breadcrumb\",\"itemListElement\":[{\"@type\":\"ListItem\",\"position\":1,\"name\":\"Portada\",\"item\":\"https:\\\/\\\/www.arquimaster.com.ar\\\/web\\\/\"},{\"@type\":\"ListItem\",\"position\":2,\"name\":\"Colorshop festeja sus 15 a\u00f1os\"}]},{\"@type\":\"WebSite\",\"@id\":\"https:\\\/\\\/www.arquimaster.com.ar\\\/web\\\/#website\",\"url\":\"https:\\\/\\\/www.arquimaster.com.ar\\\/web\\\/\",\"name\":\"Arquimaster\",\"description\":\"Web de arquitectura, dise\u00f1o y construccion\",\"publisher\":{\"@id\":\"https:\\\/\\\/www.arquimaster.com.ar\\\/web\\\/#organization\"},\"potentialAction\":[{\"@type\":\"SearchAction\",\"target\":{\"@type\":\"EntryPoint\",\"urlTemplate\":\"https:\\\/\\\/www.arquimaster.com.ar\\\/web\\\/?s={search_term_string}\"},\"query-input\":{\"@type\":\"PropertyValueSpecification\",\"valueRequired\":true,\"valueName\":\"search_term_string\"}}],\"inLanguage\":\"es\"},{\"@type\":\"Organization\",\"@id\":\"https:\\\/\\\/www.arquimaster.com.ar\\\/web\\\/#organization\",\"name\":\"Arquimaster\",\"url\":\"https:\\\/\\\/www.arquimaster.com.ar\\\/web\\\/\",\"logo\":{\"@type\":\"ImageObject\",\"inLanguage\":\"es\",\"@id\":\"https:\\\/\\\/www.arquimaster.com.ar\\\/web\\\/#\\\/schema\\\/logo\\\/image\\\/\",\"url\":\"https:\\\/\\\/www.arquimaster.com.ar\\\/web\\\/wp-content\\\/uploads\\\/2022\\\/06\\\/arquimaster.png\",\"contentUrl\":\"https:\\\/\\\/www.arquimaster.com.ar\\\/web\\\/wp-content\\\/uploads\\\/2022\\\/06\\\/arquimaster.png\",\"width\":594,\"height\":78,\"caption\":\"Arquimaster\"},\"image\":{\"@id\":\"https:\\\/\\\/www.arquimaster.com.ar\\\/web\\\/#\\\/schema\\\/logo\\\/image\\\/\"},\"sameAs\":[\"http:\\\/\\\/www.facebook.com\\\/ARQUIMASTER.com.ar\",\"https:\\\/\\\/x.com\\\/arquimaster\",\"https:\\\/\\\/www.instagram.com\\\/arquimasterblog\\\/\",\"https:\\\/\\\/www.linkedin.com\\\/company\\\/arquimaster\",\"https:\\\/\\\/www.pinterest.com\\\/arquimaster\",\"https:\\\/\\\/t.me\\\/arquimaster\"]},{\"@type\":\"Person\",\"@id\":\"https:\\\/\\\/www.arquimaster.com.ar\\\/web\\\/#\\\/schema\\\/person\\\/359e9f7c00193fcde068e0dd2ceb0028\",\"name\":\"Arquimaster\"}]}<\/script>\n<!-- \/ Yoast SEO plugin. -->","yoast_head_json":{"title":"Colorshop festeja sus 15 a\u00f1os - Arquimaster","robots":{"index":"index","follow":"follow","max-snippet":"max-snippet:-1","max-image-preview":"max-image-preview:large","max-video-preview":"max-video-preview:-1"},"canonical":"https:\/\/www.arquimaster.com.ar\/web\/colorshop-festeja-su-15-aniversario\/","og_locale":"es_ES","og_type":"article","og_title":"Colorshop festeja sus 15 a\u00f1os - Arquimaster","og_description":"Colorshop nace en el a\u00f1o 1999 como una nueva Unidad de Negocios de Sinteplast...","og_url":"https:\/\/www.arquimaster.com.ar\/web\/colorshop-festeja-su-15-aniversario\/","og_site_name":"Arquimaster","article_publisher":"http:\/\/www.facebook.com\/ARQUIMASTER.com.ar","article_published_time":"2014-12-12T22:28:25+00:00","article_modified_time":"2026-03-27T20:17:42+00:00","og_image":[{"width":642,"height":336,"url":"https:\/\/www.arquimaster.com.ar\/web\/wp-content\/uploads\/2014\/12\/colorshop_15_aniversario_slide.jpg","type":"image\/jpeg"}],"author":"Arquimaster","twitter_card":"summary_large_image","twitter_creator":"@arquimaster","twitter_site":"@arquimaster","twitter_misc":{"Escrito por":"Arquimaster","Tiempo de lectura":"3 minutos"},"schema":{"@context":"https:\/\/schema.org","@graph":[{"@type":"Article","@id":"https:\/\/www.arquimaster.com.ar\/web\/colorshop-festeja-su-15-aniversario\/#article","isPartOf":{"@id":"https:\/\/www.arquimaster.com.ar\/web\/colorshop-festeja-su-15-aniversario\/"},"author":{"name":"Arquimaster","@id":"https:\/\/www.arquimaster.com.ar\/web\/#\/schema\/person\/359e9f7c00193fcde068e0dd2ceb0028"},"headline":"Colorshop festeja sus 15 a\u00f1os","datePublished":"2014-12-12T22:28:25+00:00","dateModified":"2026-03-27T20:17:42+00:00","mainEntityOfPage":{"@id":"https:\/\/www.arquimaster.com.ar\/web\/colorshop-festeja-su-15-aniversario\/"},"wordCount":478,"publisher":{"@id":"https:\/\/www.arquimaster.com.ar\/web\/#organization"},"image":{"@id":"https:\/\/www.arquimaster.com.ar\/web\/colorshop-festeja-su-15-aniversario\/#primaryimage"},"thumbnailUrl":"https:\/\/www.arquimaster.com.ar\/web\/wp-content\/uploads\/2014\/12\/colorshop_15_aniversario_slide.jpg","keywords":["Colorshop","pintura","pintureria","Sinteplast"],"articleSection":["Construccion","Empresas de la construccion"],"inLanguage":"es"},{"@type":"WebPage","@id":"https:\/\/www.arquimaster.com.ar\/web\/colorshop-festeja-su-15-aniversario\/","url":"https:\/\/www.arquimaster.com.ar\/web\/colorshop-festeja-su-15-aniversario\/","name":"Colorshop festeja sus 15 a\u00f1os - Arquimaster","isPartOf":{"@id":"https:\/\/www.arquimaster.com.ar\/web\/#website"},"primaryImageOfPage":{"@id":"https:\/\/www.arquimaster.com.ar\/web\/colorshop-festeja-su-15-aniversario\/#primaryimage"},"image":{"@id":"https:\/\/www.arquimaster.com.ar\/web\/colorshop-festeja-su-15-aniversario\/#primaryimage"},"thumbnailUrl":"https:\/\/www.arquimaster.com.ar\/web\/wp-content\/uploads\/2014\/12\/colorshop_15_aniversario_slide.jpg","datePublished":"2014-12-12T22:28:25+00:00","dateModified":"2026-03-27T20:17:42+00:00","breadcrumb":{"@id":"https:\/\/www.arquimaster.com.ar\/web\/colorshop-festeja-su-15-aniversario\/#breadcrumb"},"inLanguage":"es","potentialAction":[{"@type":"ReadAction","target":["https:\/\/www.arquimaster.com.ar\/web\/colorshop-festeja-su-15-aniversario\/"]}]},{"@type":"ImageObject","inLanguage":"es","@id":"https:\/\/www.arquimaster.com.ar\/web\/colorshop-festeja-su-15-aniversario\/#primaryimage","url":"https:\/\/www.arquimaster.com.ar\/web\/wp-content\/uploads\/2014\/12\/colorshop_15_aniversario_slide.jpg","contentUrl":"https:\/\/www.arquimaster.com.ar\/web\/wp-content\/uploads\/2014\/12\/colorshop_15_aniversario_slide.jpg","width":642,"height":336},{"@type":"BreadcrumbList","@id":"https:\/\/www.arquimaster.com.ar\/web\/colorshop-festeja-su-15-aniversario\/#breadcrumb","itemListElement":[{"@type":"ListItem","position":1,"name":"Portada","item":"https:\/\/www.arquimaster.com.ar\/web\/"},{"@type":"ListItem","position":2,"name":"Colorshop festeja sus 15 a\u00f1os"}]},{"@type":"WebSite","@id":"https:\/\/www.arquimaster.com.ar\/web\/#website","url":"https:\/\/www.arquimaster.com.ar\/web\/","name":"Arquimaster","description":"Web de arquitectura, dise\u00f1o y construccion","publisher":{"@id":"https:\/\/www.arquimaster.com.ar\/web\/#organization"},"potentialAction":[{"@type":"SearchAction","target":{"@type":"EntryPoint","urlTemplate":"https:\/\/www.arquimaster.com.ar\/web\/?s={search_term_string}"},"query-input":{"@type":"PropertyValueSpecification","valueRequired":true,"valueName":"search_term_string"}}],"inLanguage":"es"},{"@type":"Organization","@id":"https:\/\/www.arquimaster.com.ar\/web\/#organization","name":"Arquimaster","url":"https:\/\/www.arquimaster.com.ar\/web\/","logo":{"@type":"ImageObject","inLanguage":"es","@id":"https:\/\/www.arquimaster.com.ar\/web\/#\/schema\/logo\/image\/","url":"https:\/\/www.arquimaster.com.ar\/web\/wp-content\/uploads\/2022\/06\/arquimaster.png","contentUrl":"https:\/\/www.arquimaster.com.ar\/web\/wp-content\/uploads\/2022\/06\/arquimaster.png","width":594,"height":78,"caption":"Arquimaster"},"image":{"@id":"https:\/\/www.arquimaster.com.ar\/web\/#\/schema\/logo\/image\/"},"sameAs":["http:\/\/www.facebook.com\/ARQUIMASTER.com.ar","https:\/\/x.com\/arquimaster","https:\/\/www.instagram.com\/arquimasterblog\/","https:\/\/www.linkedin.com\/company\/arquimaster","https:\/\/www.pinterest.com\/arquimaster","https:\/\/t.me\/arquimaster"]},{"@type":"Person","@id":"https:\/\/www.arquimaster.com.ar\/web\/#\/schema\/person\/359e9f7c00193fcde068e0dd2ceb0028","name":"Arquimaster"}]}},"uagb_featured_image_src":{"full":["https:\/\/www.arquimaster.com.ar\/web\/wp-content\/uploads\/2014\/12\/colorshop_15_aniversario_slide.jpg",642,336,false],"thumbnail":["https:\/\/www.arquimaster.com.ar\/web\/wp-content\/uploads\/2014\/12\/colorshop_15_aniversario_slide-150x150.jpg",150,150,true],"medium":["https:\/\/www.arquimaster.com.ar\/web\/wp-content\/uploads\/2014\/12\/colorshop_15_aniversario_slide-300x157.jpg",300,157,true],"medium_large":["https:\/\/www.arquimaster.com.ar\/web\/wp-content\/uploads\/2014\/12\/colorshop_15_aniversario_slide.jpg",642,336,false],"large":["https:\/\/www.arquimaster.com.ar\/web\/wp-content\/uploads\/2014\/12\/colorshop_15_aniversario_slide.jpg",642,336,false],"1536x1536":["https:\/\/www.arquimaster.com.ar\/web\/wp-content\/uploads\/2014\/12\/colorshop_15_aniversario_slide.jpg",642,336,false],"2048x2048":["https:\/\/www.arquimaster.com.ar\/web\/wp-content\/uploads\/2014\/12\/colorshop_15_aniversario_slide.jpg",642,336,false]},"uagb_author_info":{"display_name":"Arquimaster","author_link":"https:\/\/www.arquimaster.com.ar\/web\/author\/arquimaster\/"},"uagb_comment_info":0,"uagb_excerpt":"Colorshop nace en el a\u00f1o 1999 como una nueva Unidad de Negocios de Sinteplast...","_links":{"self":[{"href":"https:\/\/www.arquimaster.com.ar\/web\/wp-json\/wp\/v2\/posts\/11857","targetHints":{"allow":["GET"]}}],"collection":[{"href":"https:\/\/www.arquimaster.com.ar\/web\/wp-json\/wp\/v2\/posts"}],"about":[{"href":"https:\/\/www.arquimaster.com.ar\/web\/wp-json\/wp\/v2\/types\/post"}],"author":[{"embeddable":true,"href":"https:\/\/www.arquimaster.com.ar\/web\/wp-json\/wp\/v2\/users\/1"}],"replies":[{"embeddable":true,"href":"https:\/\/www.arquimaster.com.ar\/web\/wp-json\/wp\/v2\/comments?post=11857"}],"version-history":[{"count":1,"href":"https:\/\/www.arquimaster.com.ar\/web\/wp-json\/wp\/v2\/posts\/11857\/revisions"}],"predecessor-version":[{"id":87778,"href":"https:\/\/www.arquimaster.com.ar\/web\/wp-json\/wp\/v2\/posts\/11857\/revisions\/87778"}],"wp:featuredmedia":[{"embeddable":true,"href":"https:\/\/www.arquimaster.com.ar\/web\/wp-json\/wp\/v2\/media\/11858"}],"wp:attachment":[{"href":"https:\/\/www.arquimaster.com.ar\/web\/wp-json\/wp\/v2\/media?parent=11857"}],"wp:term":[{"taxonomy":"category","embeddable":true,"href":"https:\/\/www.arquimaster.com.ar\/web\/wp-json\/wp\/v2\/categories?post=11857"},{"taxonomy":"post_tag","embeddable":true,"href":"https:\/\/www.arquimaster.com.ar\/web\/wp-json\/wp\/v2\/tags?post=11857"}],"curies":[{"name":"wp","href":"https:\/\/api.w.org\/{rel}","templated":true}]}}