{"id":11902,"date":"2014-12-21T23:00:35","date_gmt":"2014-12-21T23:00:35","guid":{"rendered":"http:\/\/www.arquimaster.com.ar\/web\/?p=11902"},"modified":"2014-12-22T01:28:37","modified_gmt":"2014-12-22T01:28:37","slug":"casa-mm-agraz-arquitectos","status":"publish","type":"post","link":"https:\/\/www.arquimaster.com.ar\/web\/casa-mm-agraz-arquitectos\/","title":{"rendered":"Casa MM \/ Agraz Arquitectos"},"content":{"rendered":"<div style=\"margin-top: 0px; margin-bottom: 0px;\" class=\"sharethis-inline-share-buttons\" ><\/div><div class=\"b812932af2e751442846f039925109de\" data-index=\"1\" style=\"float: none; margin:25px 0 25px 0; text-align:center;\">\n<script async src=\"https:\/\/pagead2.googlesyndication.com\/pagead\/js\/adsbygoogle.js\"><\/script>\r\n<!-- Arquimaster (superior) -->\r\n<ins class=\"adsbygoogle\"\r\n     style=\"display:block\"\r\n     data-ad-client=\"ca-pub-6351072698456832\"\r\n     data-ad-slot=\"6455489680\"\r\n     data-ad-format=\"auto\"\r\n     data-full-width-responsive=\"true\"><\/ins>\r\n<script>\r\n     (adsbygoogle = window.adsbygoogle || []).push({});\r\n<\/script>\n<\/div>\n<p><strong>Casa MM<\/strong> (Tlajomulco, Jalisco, M\u00e9xico) por <strong>Agraz Arquitectos<\/strong>. La Casa MM es un desaf\u00edo poco usual en estos tiempos, por plantarse en un terreno de dimensiones generosas ubicado frente al green de un campo de golf, con el requisito de concebirse en una sola planta.<\/p>\n<div id='gallery-1' class='gallery galleryid-11902 gallery-columns-3 gallery-size-thumbnail'><figure class='gallery-item'>\n\t\t\t<div class='gallery-icon landscape'>\n\t\t\t\t<a href='https:\/\/www.arquimaster.com.ar\/web\/wp-content\/uploads\/2014\/12\/casa_mm1.jpg' title=\"Casa MM \/ Agraz Arquitectos (\u00a9 Carlos D\u00edaz Corona)\" data-rl_title=\"Casa MM \/ Agraz Arquitectos (\u00a9 Carlos D\u00edaz Corona)\" class=\"rl-gallery-link\" data-rl_caption=\"Casa MM \/ Agraz Arquitectos (\u00a9 Carlos D\u00edaz Corona)\" data-rel=\"lightbox-gallery-1\"><img loading=\"lazy\" decoding=\"async\" width=\"150\" height=\"150\" src=\"https:\/\/www.arquimaster.com.ar\/web\/wp-content\/uploads\/2014\/12\/casa_mm1-150x150.jpg\" class=\"attachment-thumbnail size-thumbnail\" alt=\"\" aria-describedby=\"gallery-1-11905\" srcset=\"https:\/\/www.arquimaster.com.ar\/web\/wp-content\/uploads\/2014\/12\/casa_mm1-150x150.jpg 150w, https:\/\/www.arquimaster.com.ar\/web\/wp-content\/uploads\/2014\/12\/casa_mm1-50x50.jpg 50w, https:\/\/www.arquimaster.com.ar\/web\/wp-content\/uploads\/2014\/12\/casa_mm1-125x125.jpg 125w\" sizes=\"auto, (max-width: 150px) 100vw, 150px\" \/><\/a>\n\t\t\t<\/div>\n\t\t\t\t<figcaption class='wp-caption-text gallery-caption' id='gallery-1-11905'>\n\t\t\t\tCasa MM \/ Agraz Arquitectos (\u00a9 Carlos D\u00edaz Corona)\n\t\t\t\t<\/figcaption><\/figure><figure class='gallery-item'>\n\t\t\t<div class='gallery-icon landscape'>\n\t\t\t\t<a href='https:\/\/www.arquimaster.com.ar\/web\/wp-content\/uploads\/2014\/12\/casa_mm2.jpg' title=\"Casa MM \/ Agraz Arquitectos (\u00a9 Carlos D\u00edaz Corona)\" data-rl_title=\"Casa MM \/ Agraz Arquitectos (\u00a9 Carlos D\u00edaz Corona)\" class=\"rl-gallery-link\" data-rl_caption=\"Casa MM \/ Agraz Arquitectos (\u00a9 Carlos D\u00edaz Corona)\" data-rel=\"lightbox-gallery-1\"><img loading=\"lazy\" decoding=\"async\" width=\"150\" height=\"150\" src=\"https:\/\/www.arquimaster.com.ar\/web\/wp-content\/uploads\/2014\/12\/casa_mm2-150x150.jpg\" class=\"attachment-thumbnail size-thumbnail\" alt=\"\" aria-describedby=\"gallery-1-11906\" srcset=\"https:\/\/www.arquimaster.com.ar\/web\/wp-content\/uploads\/2014\/12\/casa_mm2-150x150.jpg 150w, https:\/\/www.arquimaster.com.ar\/web\/wp-content\/uploads\/2014\/12\/casa_mm2-50x50.jpg 50w, https:\/\/www.arquimaster.com.ar\/web\/wp-content\/uploads\/2014\/12\/casa_mm2-125x125.jpg 125w\" sizes=\"auto, (max-width: 150px) 100vw, 150px\" \/><\/a>\n\t\t\t<\/div>\n\t\t\t\t<figcaption class='wp-caption-text gallery-caption' id='gallery-1-11906'>\n\t\t\t\tCasa MM \/ Agraz Arquitectos (\u00a9 Carlos D\u00edaz Corona)\n\t\t\t\t<\/figcaption><\/figure><figure class='gallery-item'>\n\t\t\t<div class='gallery-icon landscape'>\n\t\t\t\t<a href='https:\/\/www.arquimaster.com.ar\/web\/wp-content\/uploads\/2014\/12\/casa_mm3.jpg' title=\"Casa MM \/ Agraz Arquitectos (\u00a9 Carlos D\u00edaz Corona)\" data-rl_title=\"Casa MM \/ Agraz Arquitectos (\u00a9 Carlos D\u00edaz Corona)\" class=\"rl-gallery-link\" data-rl_caption=\"Casa MM \/ Agraz Arquitectos (\u00a9 Carlos D\u00edaz Corona)\" data-rel=\"lightbox-gallery-1\"><img loading=\"lazy\" decoding=\"async\" width=\"150\" height=\"150\" src=\"https:\/\/www.arquimaster.com.ar\/web\/wp-content\/uploads\/2014\/12\/casa_mm3-150x150.jpg\" class=\"attachment-thumbnail size-thumbnail\" alt=\"\" aria-describedby=\"gallery-1-11907\" srcset=\"https:\/\/www.arquimaster.com.ar\/web\/wp-content\/uploads\/2014\/12\/casa_mm3-150x150.jpg 150w, https:\/\/www.arquimaster.com.ar\/web\/wp-content\/uploads\/2014\/12\/casa_mm3-50x50.jpg 50w, https:\/\/www.arquimaster.com.ar\/web\/wp-content\/uploads\/2014\/12\/casa_mm3-125x125.jpg 125w\" sizes=\"auto, (max-width: 150px) 100vw, 150px\" \/><\/a>\n\t\t\t<\/div>\n\t\t\t\t<figcaption class='wp-caption-text gallery-caption' id='gallery-1-11907'>\n\t\t\t\tCasa MM \/ Agraz Arquitectos (\u00a9 Carlos D\u00edaz Corona)\n\t\t\t\t<\/figcaption><\/figure><figure class='gallery-item'>\n\t\t\t<div class='gallery-icon landscape'>\n\t\t\t\t<a href='https:\/\/www.arquimaster.com.ar\/web\/wp-content\/uploads\/2014\/12\/casa_mm4.jpg' title=\"Casa MM \/ Agraz Arquitectos (\u00a9 Carlos D\u00edaz Corona)\" data-rl_title=\"Casa MM \/ Agraz Arquitectos (\u00a9 Carlos D\u00edaz Corona)\" class=\"rl-gallery-link\" data-rl_caption=\"Casa MM \/ Agraz Arquitectos (\u00a9 Carlos D\u00edaz Corona)\" data-rel=\"lightbox-gallery-1\"><img loading=\"lazy\" decoding=\"async\" width=\"150\" height=\"150\" src=\"https:\/\/www.arquimaster.com.ar\/web\/wp-content\/uploads\/2014\/12\/casa_mm4-150x150.jpg\" class=\"attachment-thumbnail size-thumbnail\" alt=\"\" aria-describedby=\"gallery-1-11908\" srcset=\"https:\/\/www.arquimaster.com.ar\/web\/wp-content\/uploads\/2014\/12\/casa_mm4-150x150.jpg 150w, https:\/\/www.arquimaster.com.ar\/web\/wp-content\/uploads\/2014\/12\/casa_mm4-50x50.jpg 50w, https:\/\/www.arquimaster.com.ar\/web\/wp-content\/uploads\/2014\/12\/casa_mm4-125x125.jpg 125w\" sizes=\"auto, (max-width: 150px) 100vw, 150px\" \/><\/a>\n\t\t\t<\/div>\n\t\t\t\t<figcaption class='wp-caption-text gallery-caption' id='gallery-1-11908'>\n\t\t\t\tCasa MM \/ Agraz Arquitectos (\u00a9 Carlos D\u00edaz Corona)\n\t\t\t\t<\/figcaption><\/figure><figure class='gallery-item'>\n\t\t\t<div class='gallery-icon landscape'>\n\t\t\t\t<a href='https:\/\/www.arquimaster.com.ar\/web\/wp-content\/uploads\/2014\/12\/casa_mm5.jpg' title=\"Casa MM \/ Agraz Arquitectos (\u00a9 Carlos D\u00edaz Corona)\" data-rl_title=\"Casa MM \/ Agraz Arquitectos (\u00a9 Carlos D\u00edaz Corona)\" class=\"rl-gallery-link\" data-rl_caption=\"Casa MM \/ Agraz Arquitectos (\u00a9 Carlos D\u00edaz Corona)\" data-rel=\"lightbox-gallery-1\"><img loading=\"lazy\" decoding=\"async\" width=\"150\" height=\"150\" src=\"https:\/\/www.arquimaster.com.ar\/web\/wp-content\/uploads\/2014\/12\/casa_mm5-150x150.jpg\" class=\"attachment-thumbnail size-thumbnail\" alt=\"\" aria-describedby=\"gallery-1-11909\" srcset=\"https:\/\/www.arquimaster.com.ar\/web\/wp-content\/uploads\/2014\/12\/casa_mm5-150x150.jpg 150w, https:\/\/www.arquimaster.com.ar\/web\/wp-content\/uploads\/2014\/12\/casa_mm5-50x50.jpg 50w, https:\/\/www.arquimaster.com.ar\/web\/wp-content\/uploads\/2014\/12\/casa_mm5-125x125.jpg 125w\" sizes=\"auto, (max-width: 150px) 100vw, 150px\" \/><\/a>\n\t\t\t<\/div>\n\t\t\t\t<figcaption class='wp-caption-text gallery-caption' id='gallery-1-11909'>\n\t\t\t\tCasa MM \/ Agraz Arquitectos (\u00a9 Carlos D\u00edaz Corona)\n\t\t\t\t<\/figcaption><\/figure><figure class='gallery-item'>\n\t\t\t<div class='gallery-icon landscape'>\n\t\t\t\t<a href='https:\/\/www.arquimaster.com.ar\/web\/wp-content\/uploads\/2014\/12\/casa_mm6.jpg' title=\"Casa MM \/ Agraz Arquitectos (\u00a9 Carlos D\u00edaz Corona)\" data-rl_title=\"Casa MM \/ Agraz Arquitectos (\u00a9 Carlos D\u00edaz Corona)\" class=\"rl-gallery-link\" data-rl_caption=\"Casa MM \/ Agraz Arquitectos (\u00a9 Carlos D\u00edaz Corona)\" data-rel=\"lightbox-gallery-1\"><img loading=\"lazy\" decoding=\"async\" width=\"150\" height=\"150\" src=\"https:\/\/www.arquimaster.com.ar\/web\/wp-content\/uploads\/2014\/12\/casa_mm6-150x150.jpg\" class=\"attachment-thumbnail size-thumbnail\" alt=\"\" aria-describedby=\"gallery-1-11910\" srcset=\"https:\/\/www.arquimaster.com.ar\/web\/wp-content\/uploads\/2014\/12\/casa_mm6-150x150.jpg 150w, https:\/\/www.arquimaster.com.ar\/web\/wp-content\/uploads\/2014\/12\/casa_mm6-50x50.jpg 50w, https:\/\/www.arquimaster.com.ar\/web\/wp-content\/uploads\/2014\/12\/casa_mm6-125x125.jpg 125w\" sizes=\"auto, (max-width: 150px) 100vw, 150px\" \/><\/a>\n\t\t\t<\/div>\n\t\t\t\t<figcaption class='wp-caption-text gallery-caption' id='gallery-1-11910'>\n\t\t\t\tCasa MM \/ Agraz Arquitectos (\u00a9 Carlos D\u00edaz Corona)\n\t\t\t\t<\/figcaption><\/figure><figure class='gallery-item'>\n\t\t\t<div class='gallery-icon landscape'>\n\t\t\t\t<a href='https:\/\/www.arquimaster.com.ar\/web\/wp-content\/uploads\/2014\/12\/casa_mm7.jpg' title=\"Casa MM \/ Agraz Arquitectos (\u00a9 Carlos D\u00edaz Corona)\" data-rl_title=\"Casa MM \/ Agraz Arquitectos (\u00a9 Carlos D\u00edaz Corona)\" class=\"rl-gallery-link\" data-rl_caption=\"Casa MM \/ Agraz Arquitectos (\u00a9 Carlos D\u00edaz Corona)\" data-rel=\"lightbox-gallery-1\"><img loading=\"lazy\" decoding=\"async\" width=\"150\" height=\"150\" src=\"https:\/\/www.arquimaster.com.ar\/web\/wp-content\/uploads\/2014\/12\/casa_mm7-150x150.jpg\" class=\"attachment-thumbnail size-thumbnail\" alt=\"\" aria-describedby=\"gallery-1-11911\" srcset=\"https:\/\/www.arquimaster.com.ar\/web\/wp-content\/uploads\/2014\/12\/casa_mm7-150x150.jpg 150w, https:\/\/www.arquimaster.com.ar\/web\/wp-content\/uploads\/2014\/12\/casa_mm7-50x50.jpg 50w, https:\/\/www.arquimaster.com.ar\/web\/wp-content\/uploads\/2014\/12\/casa_mm7-125x125.jpg 125w\" sizes=\"auto, (max-width: 150px) 100vw, 150px\" \/><\/a>\n\t\t\t<\/div>\n\t\t\t\t<figcaption class='wp-caption-text gallery-caption' id='gallery-1-11911'>\n\t\t\t\tCasa MM \/ Agraz Arquitectos (\u00a9 Carlos D\u00edaz Corona)\n\t\t\t\t<\/figcaption><\/figure><figure class='gallery-item'>\n\t\t\t<div class='gallery-icon portrait'>\n\t\t\t\t<a href='https:\/\/www.arquimaster.com.ar\/web\/wp-content\/uploads\/2014\/12\/casa_mm8.jpg' title=\"Casa MM \/ Agraz Arquitectos (\u00a9 Carlos D\u00edaz Corona)\" data-rl_title=\"Casa MM \/ Agraz Arquitectos (\u00a9 Carlos D\u00edaz Corona)\" class=\"rl-gallery-link\" data-rl_caption=\"Casa MM \/ Agraz Arquitectos (\u00a9 Carlos D\u00edaz Corona)\" data-rel=\"lightbox-gallery-1\"><img loading=\"lazy\" decoding=\"async\" width=\"150\" height=\"150\" src=\"https:\/\/www.arquimaster.com.ar\/web\/wp-content\/uploads\/2014\/12\/casa_mm8-150x150.jpg\" class=\"attachment-thumbnail size-thumbnail\" alt=\"\" aria-describedby=\"gallery-1-11912\" srcset=\"https:\/\/www.arquimaster.com.ar\/web\/wp-content\/uploads\/2014\/12\/casa_mm8-150x150.jpg 150w, https:\/\/www.arquimaster.com.ar\/web\/wp-content\/uploads\/2014\/12\/casa_mm8-50x50.jpg 50w, https:\/\/www.arquimaster.com.ar\/web\/wp-content\/uploads\/2014\/12\/casa_mm8-125x125.jpg 125w\" sizes=\"auto, (max-width: 150px) 100vw, 150px\" \/><\/a>\n\t\t\t<\/div>\n\t\t\t\t<figcaption class='wp-caption-text gallery-caption' id='gallery-1-11912'>\n\t\t\t\tCasa MM \/ Agraz Arquitectos (\u00a9 Carlos D\u00edaz Corona)\n\t\t\t\t<\/figcaption><\/figure><figure class='gallery-item'>\n\t\t\t<div class='gallery-icon portrait'>\n\t\t\t\t<a href='https:\/\/www.arquimaster.com.ar\/web\/wp-content\/uploads\/2014\/12\/casa_mm9.jpg' title=\"Casa MM \/ Agraz Arquitectos (\u00a9 Carlos D\u00edaz Corona)\" data-rl_title=\"Casa MM \/ Agraz Arquitectos (\u00a9 Carlos D\u00edaz Corona)\" class=\"rl-gallery-link\" data-rl_caption=\"Casa MM \/ Agraz Arquitectos (\u00a9 Carlos D\u00edaz Corona)\" data-rel=\"lightbox-gallery-1\"><img loading=\"lazy\" decoding=\"async\" width=\"150\" height=\"150\" src=\"https:\/\/www.arquimaster.com.ar\/web\/wp-content\/uploads\/2014\/12\/casa_mm9-150x150.jpg\" class=\"attachment-thumbnail size-thumbnail\" alt=\"\" aria-describedby=\"gallery-1-11913\" srcset=\"https:\/\/www.arquimaster.com.ar\/web\/wp-content\/uploads\/2014\/12\/casa_mm9-150x150.jpg 150w, https:\/\/www.arquimaster.com.ar\/web\/wp-content\/uploads\/2014\/12\/casa_mm9-50x50.jpg 50w, https:\/\/www.arquimaster.com.ar\/web\/wp-content\/uploads\/2014\/12\/casa_mm9-125x125.jpg 125w\" sizes=\"auto, (max-width: 150px) 100vw, 150px\" \/><\/a>\n\t\t\t<\/div>\n\t\t\t\t<figcaption class='wp-caption-text gallery-caption' id='gallery-1-11913'>\n\t\t\t\tCasa MM \/ Agraz Arquitectos (\u00a9 Carlos D\u00edaz Corona)\n\t\t\t\t<\/figcaption><\/figure><figure class='gallery-item'>\n\t\t\t<div class='gallery-icon landscape'>\n\t\t\t\t<a href='https:\/\/www.arquimaster.com.ar\/web\/wp-content\/uploads\/2014\/12\/casa_mm10.jpg' title=\"Casa MM \/ Agraz Arquitectos (\u00a9 Carlos D\u00edaz Corona)\" data-rl_title=\"Casa MM \/ Agraz Arquitectos (\u00a9 Carlos D\u00edaz Corona)\" class=\"rl-gallery-link\" data-rl_caption=\"Casa MM \/ Agraz Arquitectos (\u00a9 Carlos D\u00edaz Corona)\" data-rel=\"lightbox-gallery-1\"><img loading=\"lazy\" decoding=\"async\" width=\"150\" height=\"150\" src=\"https:\/\/www.arquimaster.com.ar\/web\/wp-content\/uploads\/2014\/12\/casa_mm10-150x150.jpg\" class=\"attachment-thumbnail size-thumbnail\" alt=\"\" aria-describedby=\"gallery-1-11914\" srcset=\"https:\/\/www.arquimaster.com.ar\/web\/wp-content\/uploads\/2014\/12\/casa_mm10-150x150.jpg 150w, https:\/\/www.arquimaster.com.ar\/web\/wp-content\/uploads\/2014\/12\/casa_mm10-50x50.jpg 50w, https:\/\/www.arquimaster.com.ar\/web\/wp-content\/uploads\/2014\/12\/casa_mm10-125x125.jpg 125w\" sizes=\"auto, (max-width: 150px) 100vw, 150px\" \/><\/a>\n\t\t\t<\/div>\n\t\t\t\t<figcaption class='wp-caption-text gallery-caption' id='gallery-1-11914'>\n\t\t\t\tCasa MM \/ Agraz Arquitectos (\u00a9 Carlos D\u00edaz Corona)\n\t\t\t\t<\/figcaption><\/figure><figure class='gallery-item'>\n\t\t\t<div class='gallery-icon landscape'>\n\t\t\t\t<a href='https:\/\/www.arquimaster.com.ar\/web\/wp-content\/uploads\/2014\/12\/casa_mm11.jpg' title=\"Casa MM \/ Agraz Arquitectos (\u00a9 Carlos D\u00edaz Corona)\" data-rl_title=\"Casa MM \/ Agraz Arquitectos (\u00a9 Carlos D\u00edaz Corona)\" class=\"rl-gallery-link\" data-rl_caption=\"Casa MM \/ Agraz Arquitectos (\u00a9 Carlos D\u00edaz Corona)\" data-rel=\"lightbox-gallery-1\"><img loading=\"lazy\" decoding=\"async\" width=\"150\" height=\"150\" src=\"https:\/\/www.arquimaster.com.ar\/web\/wp-content\/uploads\/2014\/12\/casa_mm11-150x150.jpg\" class=\"attachment-thumbnail size-thumbnail\" alt=\"\" aria-describedby=\"gallery-1-11915\" srcset=\"https:\/\/www.arquimaster.com.ar\/web\/wp-content\/uploads\/2014\/12\/casa_mm11-150x150.jpg 150w, https:\/\/www.arquimaster.com.ar\/web\/wp-content\/uploads\/2014\/12\/casa_mm11-50x50.jpg 50w, https:\/\/www.arquimaster.com.ar\/web\/wp-content\/uploads\/2014\/12\/casa_mm11-125x125.jpg 125w\" sizes=\"auto, (max-width: 150px) 100vw, 150px\" \/><\/a>\n\t\t\t<\/div>\n\t\t\t\t<figcaption class='wp-caption-text gallery-caption' id='gallery-1-11915'>\n\t\t\t\tCasa MM \/ Agraz Arquitectos (\u00a9 Carlos D\u00edaz Corona)\n\t\t\t\t<\/figcaption><\/figure><figure class='gallery-item'>\n\t\t\t<div class='gallery-icon landscape'>\n\t\t\t\t<a href='https:\/\/www.arquimaster.com.ar\/web\/wp-content\/uploads\/2014\/12\/casa_mm12.jpg' title=\"Casa MM \/ Agraz Arquitectos (\u00a9 Carlos D\u00edaz Corona)\" data-rl_title=\"Casa MM \/ Agraz Arquitectos (\u00a9 Carlos D\u00edaz Corona)\" class=\"rl-gallery-link\" data-rl_caption=\"Casa MM \/ Agraz Arquitectos (\u00a9 Carlos D\u00edaz Corona)\" data-rel=\"lightbox-gallery-1\"><img loading=\"lazy\" decoding=\"async\" width=\"150\" height=\"150\" src=\"https:\/\/www.arquimaster.com.ar\/web\/wp-content\/uploads\/2014\/12\/casa_mm12-150x150.jpg\" class=\"attachment-thumbnail size-thumbnail\" alt=\"\" aria-describedby=\"gallery-1-11916\" srcset=\"https:\/\/www.arquimaster.com.ar\/web\/wp-content\/uploads\/2014\/12\/casa_mm12-150x150.jpg 150w, https:\/\/www.arquimaster.com.ar\/web\/wp-content\/uploads\/2014\/12\/casa_mm12-50x50.jpg 50w, https:\/\/www.arquimaster.com.ar\/web\/wp-content\/uploads\/2014\/12\/casa_mm12-125x125.jpg 125w\" sizes=\"auto, (max-width: 150px) 100vw, 150px\" \/><\/a>\n\t\t\t<\/div>\n\t\t\t\t<figcaption class='wp-caption-text gallery-caption' id='gallery-1-11916'>\n\t\t\t\tCasa MM \/ Agraz Arquitectos (\u00a9 Carlos D\u00edaz Corona)\n\t\t\t\t<\/figcaption><\/figure><figure class='gallery-item'>\n\t\t\t<div class='gallery-icon landscape'>\n\t\t\t\t<a href='https:\/\/www.arquimaster.com.ar\/web\/wp-content\/uploads\/2014\/12\/casa_mm13.jpg' title=\"Casa MM \/ Agraz Arquitectos (\u00a9 Carlos D\u00edaz Corona)\" data-rl_title=\"Casa MM \/ Agraz Arquitectos (\u00a9 Carlos D\u00edaz Corona)\" class=\"rl-gallery-link\" data-rl_caption=\"Casa MM \/ Agraz Arquitectos (\u00a9 Carlos D\u00edaz Corona)\" data-rel=\"lightbox-gallery-1\"><img loading=\"lazy\" decoding=\"async\" width=\"150\" height=\"150\" src=\"https:\/\/www.arquimaster.com.ar\/web\/wp-content\/uploads\/2014\/12\/casa_mm13-150x150.jpg\" class=\"attachment-thumbnail size-thumbnail\" alt=\"\" aria-describedby=\"gallery-1-11917\" srcset=\"https:\/\/www.arquimaster.com.ar\/web\/wp-content\/uploads\/2014\/12\/casa_mm13-150x150.jpg 150w, https:\/\/www.arquimaster.com.ar\/web\/wp-content\/uploads\/2014\/12\/casa_mm13-50x50.jpg 50w, https:\/\/www.arquimaster.com.ar\/web\/wp-content\/uploads\/2014\/12\/casa_mm13-125x125.jpg 125w\" sizes=\"auto, (max-width: 150px) 100vw, 150px\" \/><\/a>\n\t\t\t<\/div>\n\t\t\t\t<figcaption class='wp-caption-text gallery-caption' id='gallery-1-11917'>\n\t\t\t\tCasa MM \/ Agraz Arquitectos (\u00a9 Carlos D\u00edaz Corona)\n\t\t\t\t<\/figcaption><\/figure><figure class='gallery-item'>\n\t\t\t<div class='gallery-icon landscape'>\n\t\t\t\t<a href='https:\/\/www.arquimaster.com.ar\/web\/wp-content\/uploads\/2014\/12\/casa_mm14.jpg' title=\"Casa MM \/ Agraz Arquitectos (\u00a9 Carlos D\u00edaz Corona)\" data-rl_title=\"Casa MM \/ Agraz Arquitectos (\u00a9 Carlos D\u00edaz Corona)\" class=\"rl-gallery-link\" data-rl_caption=\"Casa MM \/ Agraz Arquitectos (\u00a9 Carlos D\u00edaz Corona)\" data-rel=\"lightbox-gallery-1\"><img loading=\"lazy\" decoding=\"async\" width=\"150\" height=\"150\" src=\"https:\/\/www.arquimaster.com.ar\/web\/wp-content\/uploads\/2014\/12\/casa_mm14-150x150.jpg\" class=\"attachment-thumbnail size-thumbnail\" alt=\"\" aria-describedby=\"gallery-1-11918\" srcset=\"https:\/\/www.arquimaster.com.ar\/web\/wp-content\/uploads\/2014\/12\/casa_mm14-150x150.jpg 150w, https:\/\/www.arquimaster.com.ar\/web\/wp-content\/uploads\/2014\/12\/casa_mm14-50x50.jpg 50w, https:\/\/www.arquimaster.com.ar\/web\/wp-content\/uploads\/2014\/12\/casa_mm14-125x125.jpg 125w\" sizes=\"auto, (max-width: 150px) 100vw, 150px\" \/><\/a>\n\t\t\t<\/div>\n\t\t\t\t<figcaption class='wp-caption-text gallery-caption' id='gallery-1-11918'>\n\t\t\t\tCasa MM \/ Agraz Arquitectos (\u00a9 Carlos D\u00edaz Corona)\n\t\t\t\t<\/figcaption><\/figure><figure class='gallery-item'>\n\t\t\t<div class='gallery-icon landscape'>\n\t\t\t\t<a href='https:\/\/www.arquimaster.com.ar\/web\/wp-content\/uploads\/2014\/12\/casa_mm15.jpg' title=\"Casa MM \/ Agraz Arquitectos (\u00a9 Carlos D\u00edaz Corona)\" data-rl_title=\"Casa MM \/ Agraz Arquitectos (\u00a9 Carlos D\u00edaz Corona)\" class=\"rl-gallery-link\" data-rl_caption=\"Casa MM \/ Agraz Arquitectos (\u00a9 Carlos D\u00edaz Corona)\" data-rel=\"lightbox-gallery-1\"><img loading=\"lazy\" decoding=\"async\" width=\"150\" height=\"150\" src=\"https:\/\/www.arquimaster.com.ar\/web\/wp-content\/uploads\/2014\/12\/casa_mm15-150x150.jpg\" class=\"attachment-thumbnail size-thumbnail\" alt=\"\" aria-describedby=\"gallery-1-11919\" srcset=\"https:\/\/www.arquimaster.com.ar\/web\/wp-content\/uploads\/2014\/12\/casa_mm15-150x150.jpg 150w, https:\/\/www.arquimaster.com.ar\/web\/wp-content\/uploads\/2014\/12\/casa_mm15-50x50.jpg 50w, https:\/\/www.arquimaster.com.ar\/web\/wp-content\/uploads\/2014\/12\/casa_mm15-125x125.jpg 125w\" sizes=\"auto, (max-width: 150px) 100vw, 150px\" \/><\/a>\n\t\t\t<\/div>\n\t\t\t\t<figcaption class='wp-caption-text gallery-caption' id='gallery-1-11919'>\n\t\t\t\tCasa MM \/ Agraz Arquitectos (\u00a9 Carlos D\u00edaz Corona)\n\t\t\t\t<\/figcaption><\/figure><figure class='gallery-item'>\n\t\t\t<div class='gallery-icon landscape'>\n\t\t\t\t<a href='https:\/\/www.arquimaster.com.ar\/web\/wp-content\/uploads\/2014\/12\/casa_mm16.jpg' title=\"Casa MM \/ Agraz Arquitectos (\u00a9 Carlos D\u00edaz Corona)\" data-rl_title=\"Casa MM \/ Agraz Arquitectos (\u00a9 Carlos D\u00edaz Corona)\" class=\"rl-gallery-link\" data-rl_caption=\"Casa MM \/ Agraz Arquitectos (\u00a9 Carlos D\u00edaz Corona)\" data-rel=\"lightbox-gallery-1\"><img loading=\"lazy\" decoding=\"async\" width=\"150\" height=\"150\" src=\"https:\/\/www.arquimaster.com.ar\/web\/wp-content\/uploads\/2014\/12\/casa_mm16-150x150.jpg\" class=\"attachment-thumbnail size-thumbnail\" alt=\"\" aria-describedby=\"gallery-1-11920\" srcset=\"https:\/\/www.arquimaster.com.ar\/web\/wp-content\/uploads\/2014\/12\/casa_mm16-150x150.jpg 150w, https:\/\/www.arquimaster.com.ar\/web\/wp-content\/uploads\/2014\/12\/casa_mm16-50x50.jpg 50w, https:\/\/www.arquimaster.com.ar\/web\/wp-content\/uploads\/2014\/12\/casa_mm16-125x125.jpg 125w\" sizes=\"auto, (max-width: 150px) 100vw, 150px\" \/><\/a>\n\t\t\t<\/div>\n\t\t\t\t<figcaption class='wp-caption-text gallery-caption' id='gallery-1-11920'>\n\t\t\t\tCasa MM \/ Agraz Arquitectos (\u00a9 Carlos D\u00edaz Corona)\n\t\t\t\t<\/figcaption><\/figure><figure class='gallery-item'>\n\t\t\t<div class='gallery-icon landscape'>\n\t\t\t\t<a href='https:\/\/www.arquimaster.com.ar\/web\/wp-content\/uploads\/2014\/12\/casa_mm17.jpg' title=\"Casa MM \/ Agraz Arquitectos (\u00a9 Carlos D\u00edaz Corona)\" data-rl_title=\"Casa MM \/ Agraz Arquitectos (\u00a9 Carlos D\u00edaz Corona)\" class=\"rl-gallery-link\" data-rl_caption=\"Casa MM \/ Agraz Arquitectos (\u00a9 Carlos D\u00edaz Corona)\" data-rel=\"lightbox-gallery-1\"><img loading=\"lazy\" decoding=\"async\" width=\"150\" height=\"150\" src=\"https:\/\/www.arquimaster.com.ar\/web\/wp-content\/uploads\/2014\/12\/casa_mm17-150x150.jpg\" class=\"attachment-thumbnail size-thumbnail\" alt=\"\" aria-describedby=\"gallery-1-11921\" srcset=\"https:\/\/www.arquimaster.com.ar\/web\/wp-content\/uploads\/2014\/12\/casa_mm17-150x150.jpg 150w, https:\/\/www.arquimaster.com.ar\/web\/wp-content\/uploads\/2014\/12\/casa_mm17-50x50.jpg 50w, https:\/\/www.arquimaster.com.ar\/web\/wp-content\/uploads\/2014\/12\/casa_mm17-125x125.jpg 125w\" sizes=\"auto, (max-width: 150px) 100vw, 150px\" \/><\/a>\n\t\t\t<\/div>\n\t\t\t\t<figcaption class='wp-caption-text gallery-caption' id='gallery-1-11921'>\n\t\t\t\tCasa MM \/ Agraz Arquitectos (\u00a9 Carlos D\u00edaz Corona)\n\t\t\t\t<\/figcaption><\/figure><figure class='gallery-item'>\n\t\t\t<div class='gallery-icon portrait'>\n\t\t\t\t<a href='https:\/\/www.arquimaster.com.ar\/web\/wp-content\/uploads\/2014\/12\/casa_mm18.jpg' title=\"Casa MM \/ Agraz Arquitectos (\u00a9 Carlos D\u00edaz Corona)\" data-rl_title=\"Casa MM \/ Agraz Arquitectos (\u00a9 Carlos D\u00edaz Corona)\" class=\"rl-gallery-link\" data-rl_caption=\"Casa MM \/ Agraz Arquitectos (\u00a9 Carlos D\u00edaz Corona)\" data-rel=\"lightbox-gallery-1\"><img loading=\"lazy\" decoding=\"async\" width=\"150\" height=\"150\" src=\"https:\/\/www.arquimaster.com.ar\/web\/wp-content\/uploads\/2014\/12\/casa_mm18-150x150.jpg\" class=\"attachment-thumbnail size-thumbnail\" alt=\"\" aria-describedby=\"gallery-1-11922\" srcset=\"https:\/\/www.arquimaster.com.ar\/web\/wp-content\/uploads\/2014\/12\/casa_mm18-150x150.jpg 150w, https:\/\/www.arquimaster.com.ar\/web\/wp-content\/uploads\/2014\/12\/casa_mm18-50x50.jpg 50w, https:\/\/www.arquimaster.com.ar\/web\/wp-content\/uploads\/2014\/12\/casa_mm18-125x125.jpg 125w\" sizes=\"auto, (max-width: 150px) 100vw, 150px\" \/><\/a>\n\t\t\t<\/div>\n\t\t\t\t<figcaption class='wp-caption-text gallery-caption' id='gallery-1-11922'>\n\t\t\t\tCasa MM \/ Agraz Arquitectos (\u00a9 Carlos D\u00edaz Corona)\n\t\t\t\t<\/figcaption><\/figure><figure class='gallery-item'>\n\t\t\t<div class='gallery-icon portrait'>\n\t\t\t\t<a href='https:\/\/www.arquimaster.com.ar\/web\/wp-content\/uploads\/2014\/12\/casa_mm19.jpg' title=\"Casa MM \/ Agraz Arquitectos (\u00a9 Carlos D\u00edaz Corona)\" data-rl_title=\"Casa MM \/ Agraz Arquitectos (\u00a9 Carlos D\u00edaz Corona)\" class=\"rl-gallery-link\" data-rl_caption=\"Casa MM \/ Agraz Arquitectos (\u00a9 Carlos D\u00edaz Corona)\" data-rel=\"lightbox-gallery-1\"><img loading=\"lazy\" decoding=\"async\" width=\"150\" height=\"150\" src=\"https:\/\/www.arquimaster.com.ar\/web\/wp-content\/uploads\/2014\/12\/casa_mm19-150x150.jpg\" class=\"attachment-thumbnail size-thumbnail\" alt=\"\" aria-describedby=\"gallery-1-11923\" srcset=\"https:\/\/www.arquimaster.com.ar\/web\/wp-content\/uploads\/2014\/12\/casa_mm19-150x150.jpg 150w, https:\/\/www.arquimaster.com.ar\/web\/wp-content\/uploads\/2014\/12\/casa_mm19-50x50.jpg 50w, https:\/\/www.arquimaster.com.ar\/web\/wp-content\/uploads\/2014\/12\/casa_mm19-125x125.jpg 125w\" sizes=\"auto, (max-width: 150px) 100vw, 150px\" \/><\/a>\n\t\t\t<\/div>\n\t\t\t\t<figcaption class='wp-caption-text gallery-caption' id='gallery-1-11923'>\n\t\t\t\tCasa MM \/ Agraz Arquitectos (\u00a9 Carlos D\u00edaz Corona)\n\t\t\t\t<\/figcaption><\/figure><figure class='gallery-item'>\n\t\t\t<div class='gallery-icon portrait'>\n\t\t\t\t<a href='https:\/\/www.arquimaster.com.ar\/web\/wp-content\/uploads\/2014\/12\/casa_mm20.jpg' title=\"Casa MM \/ Agraz Arquitectos (\u00a9 Carlos D\u00edaz Corona)\" data-rl_title=\"Casa MM \/ Agraz Arquitectos (\u00a9 Carlos D\u00edaz Corona)\" class=\"rl-gallery-link\" data-rl_caption=\"Casa MM \/ Agraz Arquitectos (\u00a9 Carlos D\u00edaz Corona)\" data-rel=\"lightbox-gallery-1\"><img loading=\"lazy\" decoding=\"async\" width=\"150\" height=\"150\" src=\"https:\/\/www.arquimaster.com.ar\/web\/wp-content\/uploads\/2014\/12\/casa_mm20-150x150.jpg\" class=\"attachment-thumbnail size-thumbnail\" alt=\"\" aria-describedby=\"gallery-1-11924\" srcset=\"https:\/\/www.arquimaster.com.ar\/web\/wp-content\/uploads\/2014\/12\/casa_mm20-150x150.jpg 150w, https:\/\/www.arquimaster.com.ar\/web\/wp-content\/uploads\/2014\/12\/casa_mm20-50x50.jpg 50w, https:\/\/www.arquimaster.com.ar\/web\/wp-content\/uploads\/2014\/12\/casa_mm20-125x125.jpg 125w\" sizes=\"auto, (max-width: 150px) 100vw, 150px\" \/><\/a>\n\t\t\t<\/div>\n\t\t\t\t<figcaption class='wp-caption-text gallery-caption' id='gallery-1-11924'>\n\t\t\t\tCasa MM \/ Agraz Arquitectos (\u00a9 Carlos D\u00edaz Corona)\n\t\t\t\t<\/figcaption><\/figure><figure class='gallery-item'>\n\t\t\t<div class='gallery-icon landscape'>\n\t\t\t\t<a href='https:\/\/www.arquimaster.com.ar\/web\/wp-content\/uploads\/2014\/12\/casa_mm21.jpg' title=\"Casa MM \/ Agraz Arquitectos (\u00a9 Carlos D\u00edaz Corona)\" data-rl_title=\"Casa MM \/ Agraz Arquitectos (\u00a9 Carlos D\u00edaz Corona)\" class=\"rl-gallery-link\" data-rl_caption=\"Casa MM \/ Agraz Arquitectos (\u00a9 Carlos D\u00edaz Corona)\" data-rel=\"lightbox-gallery-1\"><img loading=\"lazy\" decoding=\"async\" width=\"150\" height=\"150\" src=\"https:\/\/www.arquimaster.com.ar\/web\/wp-content\/uploads\/2014\/12\/casa_mm21-150x150.jpg\" class=\"attachment-thumbnail size-thumbnail\" alt=\"\" aria-describedby=\"gallery-1-11925\" srcset=\"https:\/\/www.arquimaster.com.ar\/web\/wp-content\/uploads\/2014\/12\/casa_mm21-150x150.jpg 150w, https:\/\/www.arquimaster.com.ar\/web\/wp-content\/uploads\/2014\/12\/casa_mm21-50x50.jpg 50w, https:\/\/www.arquimaster.com.ar\/web\/wp-content\/uploads\/2014\/12\/casa_mm21-125x125.jpg 125w\" sizes=\"auto, (max-width: 150px) 100vw, 150px\" \/><\/a>\n\t\t\t<\/div>\n\t\t\t\t<figcaption class='wp-caption-text gallery-caption' id='gallery-1-11925'>\n\t\t\t\tCasa MM \/ Agraz Arquitectos (\u00a9 Carlos D\u00edaz Corona)\n\t\t\t\t<\/figcaption><\/figure><figure class='gallery-item'>\n\t\t\t<div class='gallery-icon landscape'>\n\t\t\t\t<a href='https:\/\/www.arquimaster.com.ar\/web\/wp-content\/uploads\/2014\/12\/casa_mm22.jpg' title=\"Casa MM \/ Agraz Arquitectos (\u00a9 Carlos D\u00edaz Corona)\" data-rl_title=\"Casa MM \/ Agraz Arquitectos (\u00a9 Carlos D\u00edaz Corona)\" class=\"rl-gallery-link\" data-rl_caption=\"Casa MM \/ Agraz Arquitectos (\u00a9 Carlos D\u00edaz Corona)\" data-rel=\"lightbox-gallery-1\"><img loading=\"lazy\" decoding=\"async\" width=\"150\" height=\"150\" src=\"https:\/\/www.arquimaster.com.ar\/web\/wp-content\/uploads\/2014\/12\/casa_mm22-150x150.jpg\" class=\"attachment-thumbnail size-thumbnail\" alt=\"\" aria-describedby=\"gallery-1-11926\" srcset=\"https:\/\/www.arquimaster.com.ar\/web\/wp-content\/uploads\/2014\/12\/casa_mm22-150x150.jpg 150w, https:\/\/www.arquimaster.com.ar\/web\/wp-content\/uploads\/2014\/12\/casa_mm22-50x50.jpg 50w, https:\/\/www.arquimaster.com.ar\/web\/wp-content\/uploads\/2014\/12\/casa_mm22-125x125.jpg 125w\" sizes=\"auto, (max-width: 150px) 100vw, 150px\" \/><\/a>\n\t\t\t<\/div>\n\t\t\t\t<figcaption class='wp-caption-text gallery-caption' id='gallery-1-11926'>\n\t\t\t\tCasa MM \/ Agraz Arquitectos (\u00a9 Carlos D\u00edaz Corona)\n\t\t\t\t<\/figcaption><\/figure><figure class='gallery-item'>\n\t\t\t<div class='gallery-icon portrait'>\n\t\t\t\t<a href='https:\/\/www.arquimaster.com.ar\/web\/wp-content\/uploads\/2014\/12\/casa_mm23.jpg' title=\"Casa MM \/ Agraz Arquitectos (\u00a9 Carlos D\u00edaz Corona)\" data-rl_title=\"Casa MM \/ Agraz Arquitectos (\u00a9 Carlos D\u00edaz Corona)\" class=\"rl-gallery-link\" data-rl_caption=\"Casa MM \/ Agraz Arquitectos (\u00a9 Carlos D\u00edaz Corona)\" data-rel=\"lightbox-gallery-1\"><img loading=\"lazy\" decoding=\"async\" width=\"150\" height=\"150\" src=\"https:\/\/www.arquimaster.com.ar\/web\/wp-content\/uploads\/2014\/12\/casa_mm23-150x150.jpg\" class=\"attachment-thumbnail size-thumbnail\" alt=\"\" aria-describedby=\"gallery-1-11927\" srcset=\"https:\/\/www.arquimaster.com.ar\/web\/wp-content\/uploads\/2014\/12\/casa_mm23-150x150.jpg 150w, https:\/\/www.arquimaster.com.ar\/web\/wp-content\/uploads\/2014\/12\/casa_mm23-50x50.jpg 50w, https:\/\/www.arquimaster.com.ar\/web\/wp-content\/uploads\/2014\/12\/casa_mm23-125x125.jpg 125w\" sizes=\"auto, (max-width: 150px) 100vw, 150px\" \/><\/a>\n\t\t\t<\/div>\n\t\t\t\t<figcaption class='wp-caption-text gallery-caption' id='gallery-1-11927'>\n\t\t\t\tCasa MM \/ Agraz Arquitectos (\u00a9 Carlos D\u00edaz Corona)\n\t\t\t\t<\/figcaption><\/figure><figure class='gallery-item'>\n\t\t\t<div class='gallery-icon landscape'>\n\t\t\t\t<a href='https:\/\/www.arquimaster.com.ar\/web\/wp-content\/uploads\/2014\/12\/casa_mm24.jpg' title=\"Casa MM \/ Agraz Arquitectos (\u00a9 Carlos D\u00edaz Corona)\" data-rl_title=\"Casa MM \/ Agraz Arquitectos (\u00a9 Carlos D\u00edaz Corona)\" class=\"rl-gallery-link\" data-rl_caption=\"Casa MM \/ Agraz Arquitectos (\u00a9 Carlos D\u00edaz Corona)\" data-rel=\"lightbox-gallery-1\"><img loading=\"lazy\" decoding=\"async\" width=\"150\" height=\"150\" src=\"https:\/\/www.arquimaster.com.ar\/web\/wp-content\/uploads\/2014\/12\/casa_mm24-150x150.jpg\" class=\"attachment-thumbnail size-thumbnail\" alt=\"\" aria-describedby=\"gallery-1-11928\" srcset=\"https:\/\/www.arquimaster.com.ar\/web\/wp-content\/uploads\/2014\/12\/casa_mm24-150x150.jpg 150w, https:\/\/www.arquimaster.com.ar\/web\/wp-content\/uploads\/2014\/12\/casa_mm24-50x50.jpg 50w, https:\/\/www.arquimaster.com.ar\/web\/wp-content\/uploads\/2014\/12\/casa_mm24-125x125.jpg 125w\" sizes=\"auto, (max-width: 150px) 100vw, 150px\" \/><\/a>\n\t\t\t<\/div>\n\t\t\t\t<figcaption class='wp-caption-text gallery-caption' id='gallery-1-11928'>\n\t\t\t\tCasa MM \/ Agraz Arquitectos (\u00a9 Carlos D\u00edaz Corona)\n\t\t\t\t<\/figcaption><\/figure><figure class='gallery-item'>\n\t\t\t<div class='gallery-icon landscape'>\n\t\t\t\t<a href='https:\/\/www.arquimaster.com.ar\/web\/wp-content\/uploads\/2014\/12\/casa_mm25.jpg' title=\"Casa MM \/ Agraz Arquitectos (\u00a9 Carlos D\u00edaz Corona)\" data-rl_title=\"Casa MM \/ Agraz Arquitectos (\u00a9 Carlos D\u00edaz Corona)\" class=\"rl-gallery-link\" data-rl_caption=\"Casa MM \/ Agraz Arquitectos (\u00a9 Carlos D\u00edaz Corona)\" data-rel=\"lightbox-gallery-1\"><img loading=\"lazy\" decoding=\"async\" width=\"150\" height=\"150\" src=\"https:\/\/www.arquimaster.com.ar\/web\/wp-content\/uploads\/2014\/12\/casa_mm25-150x150.jpg\" class=\"attachment-thumbnail size-thumbnail\" alt=\"\" aria-describedby=\"gallery-1-11929\" srcset=\"https:\/\/www.arquimaster.com.ar\/web\/wp-content\/uploads\/2014\/12\/casa_mm25-150x150.jpg 150w, https:\/\/www.arquimaster.com.ar\/web\/wp-content\/uploads\/2014\/12\/casa_mm25-50x50.jpg 50w, https:\/\/www.arquimaster.com.ar\/web\/wp-content\/uploads\/2014\/12\/casa_mm25-125x125.jpg 125w\" sizes=\"auto, (max-width: 150px) 100vw, 150px\" \/><\/a>\n\t\t\t<\/div>\n\t\t\t\t<figcaption class='wp-caption-text gallery-caption' id='gallery-1-11929'>\n\t\t\t\tCasa MM \/ Agraz Arquitectos (\u00a9 Carlos D\u00edaz Corona)\n\t\t\t\t<\/figcaption><\/figure><figure class='gallery-item'>\n\t\t\t<div class='gallery-icon landscape'>\n\t\t\t\t<a href='https:\/\/www.arquimaster.com.ar\/web\/wp-content\/uploads\/2014\/12\/casa_mm26.jpg' title=\"Casa MM \/ Agraz Arquitectos (\u00a9 Carlos D\u00edaz Corona)\" data-rl_title=\"Casa MM \/ Agraz Arquitectos (\u00a9 Carlos D\u00edaz Corona)\" class=\"rl-gallery-link\" data-rl_caption=\"Casa MM \/ Agraz Arquitectos (\u00a9 Carlos D\u00edaz Corona)\" data-rel=\"lightbox-gallery-1\"><img loading=\"lazy\" decoding=\"async\" width=\"150\" height=\"150\" src=\"https:\/\/www.arquimaster.com.ar\/web\/wp-content\/uploads\/2014\/12\/casa_mm26-150x150.jpg\" class=\"attachment-thumbnail size-thumbnail\" alt=\"\" aria-describedby=\"gallery-1-11930\" srcset=\"https:\/\/www.arquimaster.com.ar\/web\/wp-content\/uploads\/2014\/12\/casa_mm26-150x150.jpg 150w, https:\/\/www.arquimaster.com.ar\/web\/wp-content\/uploads\/2014\/12\/casa_mm26-50x50.jpg 50w, https:\/\/www.arquimaster.com.ar\/web\/wp-content\/uploads\/2014\/12\/casa_mm26-125x125.jpg 125w\" sizes=\"auto, (max-width: 150px) 100vw, 150px\" \/><\/a>\n\t\t\t<\/div>\n\t\t\t\t<figcaption class='wp-caption-text gallery-caption' id='gallery-1-11930'>\n\t\t\t\tCasa MM \/ Agraz Arquitectos (\u00a9 Carlos D\u00edaz Corona)\n\t\t\t\t<\/figcaption><\/figure><figure class='gallery-item'>\n\t\t\t<div class='gallery-icon landscape'>\n\t\t\t\t<a href='https:\/\/www.arquimaster.com.ar\/web\/wp-content\/uploads\/2014\/12\/casa_mm27.jpg' title=\"Casa MM \/ Agraz Arquitectos (\u00a9 Carlos D\u00edaz Corona)\" data-rl_title=\"Casa MM \/ Agraz Arquitectos (\u00a9 Carlos D\u00edaz Corona)\" class=\"rl-gallery-link\" data-rl_caption=\"Casa MM \/ Agraz Arquitectos (\u00a9 Carlos D\u00edaz Corona)\" data-rel=\"lightbox-gallery-1\"><img loading=\"lazy\" decoding=\"async\" width=\"150\" height=\"150\" src=\"https:\/\/www.arquimaster.com.ar\/web\/wp-content\/uploads\/2014\/12\/casa_mm27-150x150.jpg\" class=\"attachment-thumbnail size-thumbnail\" alt=\"\" aria-describedby=\"gallery-1-11931\" srcset=\"https:\/\/www.arquimaster.com.ar\/web\/wp-content\/uploads\/2014\/12\/casa_mm27-150x150.jpg 150w, https:\/\/www.arquimaster.com.ar\/web\/wp-content\/uploads\/2014\/12\/casa_mm27-50x50.jpg 50w, https:\/\/www.arquimaster.com.ar\/web\/wp-content\/uploads\/2014\/12\/casa_mm27-125x125.jpg 125w\" sizes=\"auto, (max-width: 150px) 100vw, 150px\" \/><\/a>\n\t\t\t<\/div>\n\t\t\t\t<figcaption class='wp-caption-text gallery-caption' id='gallery-1-11931'>\n\t\t\t\tCasa MM \/ Agraz Arquitectos (\u00a9 Carlos D\u00edaz Corona)\n\t\t\t\t<\/figcaption><\/figure><figure class='gallery-item'>\n\t\t\t<div class='gallery-icon landscape'>\n\t\t\t\t<a href='https:\/\/www.arquimaster.com.ar\/web\/wp-content\/uploads\/2014\/12\/casa_mm28.jpg' title=\"Casa MM \/ Agraz Arquitectos (\u00a9 Carlos D\u00edaz Corona)\" data-rl_title=\"Casa MM \/ Agraz Arquitectos (\u00a9 Carlos D\u00edaz Corona)\" class=\"rl-gallery-link\" data-rl_caption=\"Casa MM \/ Agraz Arquitectos (\u00a9 Carlos D\u00edaz Corona)\" data-rel=\"lightbox-gallery-1\"><img loading=\"lazy\" decoding=\"async\" width=\"150\" height=\"150\" src=\"https:\/\/www.arquimaster.com.ar\/web\/wp-content\/uploads\/2014\/12\/casa_mm28-150x150.jpg\" class=\"attachment-thumbnail size-thumbnail\" alt=\"\" aria-describedby=\"gallery-1-11932\" srcset=\"https:\/\/www.arquimaster.com.ar\/web\/wp-content\/uploads\/2014\/12\/casa_mm28-150x150.jpg 150w, https:\/\/www.arquimaster.com.ar\/web\/wp-content\/uploads\/2014\/12\/casa_mm28-50x50.jpg 50w, https:\/\/www.arquimaster.com.ar\/web\/wp-content\/uploads\/2014\/12\/casa_mm28-125x125.jpg 125w\" sizes=\"auto, (max-width: 150px) 100vw, 150px\" \/><\/a>\n\t\t\t<\/div>\n\t\t\t\t<figcaption class='wp-caption-text gallery-caption' id='gallery-1-11932'>\n\t\t\t\tCasa MM \/ Agraz Arquitectos (\u00a9 Carlos D\u00edaz Corona)\n\t\t\t\t<\/figcaption><\/figure><figure class='gallery-item'>\n\t\t\t<div class='gallery-icon landscape'>\n\t\t\t\t<a href='https:\/\/www.arquimaster.com.ar\/web\/wp-content\/uploads\/2014\/12\/casa_mm29.jpg' title=\"Casa MM \/ Agraz Arquitectos (\u00a9 Carlos D\u00edaz Corona)\" data-rl_title=\"Casa MM \/ Agraz Arquitectos (\u00a9 Carlos D\u00edaz Corona)\" class=\"rl-gallery-link\" data-rl_caption=\"Casa MM \/ Agraz Arquitectos (\u00a9 Carlos D\u00edaz Corona)\" data-rel=\"lightbox-gallery-1\"><img loading=\"lazy\" decoding=\"async\" width=\"150\" height=\"150\" src=\"https:\/\/www.arquimaster.com.ar\/web\/wp-content\/uploads\/2014\/12\/casa_mm29-150x150.jpg\" class=\"attachment-thumbnail size-thumbnail\" alt=\"\" aria-describedby=\"gallery-1-11933\" srcset=\"https:\/\/www.arquimaster.com.ar\/web\/wp-content\/uploads\/2014\/12\/casa_mm29-150x150.jpg 150w, https:\/\/www.arquimaster.com.ar\/web\/wp-content\/uploads\/2014\/12\/casa_mm29-50x50.jpg 50w, https:\/\/www.arquimaster.com.ar\/web\/wp-content\/uploads\/2014\/12\/casa_mm29-125x125.jpg 125w\" sizes=\"auto, (max-width: 150px) 100vw, 150px\" \/><\/a>\n\t\t\t<\/div>\n\t\t\t\t<figcaption class='wp-caption-text gallery-caption' id='gallery-1-11933'>\n\t\t\t\tCasa MM \/ Agraz Arquitectos (\u00a9 Carlos D\u00edaz Corona)\n\t\t\t\t<\/figcaption><\/figure><figure class='gallery-item'>\n\t\t\t<div class='gallery-icon landscape'>\n\t\t\t\t<a href='https:\/\/www.arquimaster.com.ar\/web\/wp-content\/uploads\/2014\/12\/casa_mm30.jpg' title=\"Casa MM \/ Agraz Arquitectos (\u00a9 Carlos D\u00edaz Corona)\" data-rl_title=\"Casa MM \/ Agraz Arquitectos (\u00a9 Carlos D\u00edaz Corona)\" class=\"rl-gallery-link\" data-rl_caption=\"Casa MM \/ Agraz Arquitectos (\u00a9 Carlos D\u00edaz Corona)\" data-rel=\"lightbox-gallery-1\"><img loading=\"lazy\" decoding=\"async\" width=\"150\" height=\"150\" src=\"https:\/\/www.arquimaster.com.ar\/web\/wp-content\/uploads\/2014\/12\/casa_mm30-150x150.jpg\" class=\"attachment-thumbnail size-thumbnail\" alt=\"\" aria-describedby=\"gallery-1-11934\" srcset=\"https:\/\/www.arquimaster.com.ar\/web\/wp-content\/uploads\/2014\/12\/casa_mm30-150x150.jpg 150w, https:\/\/www.arquimaster.com.ar\/web\/wp-content\/uploads\/2014\/12\/casa_mm30-50x50.jpg 50w, https:\/\/www.arquimaster.com.ar\/web\/wp-content\/uploads\/2014\/12\/casa_mm30-125x125.jpg 125w\" sizes=\"auto, (max-width: 150px) 100vw, 150px\" \/><\/a>\n\t\t\t<\/div>\n\t\t\t\t<figcaption class='wp-caption-text gallery-caption' id='gallery-1-11934'>\n\t\t\t\tCasa MM \/ Agraz Arquitectos (\u00a9 Carlos D\u00edaz Corona)\n\t\t\t\t<\/figcaption><\/figure><figure class='gallery-item'>\n\t\t\t<div class='gallery-icon landscape'>\n\t\t\t\t<a href='https:\/\/www.arquimaster.com.ar\/web\/wp-content\/uploads\/2014\/12\/casa_mm31.jpg' title=\"Casa MM \/ Agraz Arquitectos (\u00a9 Carlos D\u00edaz Corona)\" data-rl_title=\"Casa MM \/ Agraz Arquitectos (\u00a9 Carlos D\u00edaz Corona)\" class=\"rl-gallery-link\" data-rl_caption=\"Casa MM \/ Agraz Arquitectos (\u00a9 Carlos D\u00edaz Corona)\" data-rel=\"lightbox-gallery-1\"><img loading=\"lazy\" decoding=\"async\" width=\"150\" height=\"150\" src=\"https:\/\/www.arquimaster.com.ar\/web\/wp-content\/uploads\/2014\/12\/casa_mm31-150x150.jpg\" class=\"attachment-thumbnail size-thumbnail\" alt=\"\" aria-describedby=\"gallery-1-11935\" srcset=\"https:\/\/www.arquimaster.com.ar\/web\/wp-content\/uploads\/2014\/12\/casa_mm31-150x150.jpg 150w, https:\/\/www.arquimaster.com.ar\/web\/wp-content\/uploads\/2014\/12\/casa_mm31-50x50.jpg 50w, https:\/\/www.arquimaster.com.ar\/web\/wp-content\/uploads\/2014\/12\/casa_mm31-125x125.jpg 125w\" sizes=\"auto, (max-width: 150px) 100vw, 150px\" \/><\/a>\n\t\t\t<\/div>\n\t\t\t\t<figcaption class='wp-caption-text gallery-caption' id='gallery-1-11935'>\n\t\t\t\tCasa MM \/ Agraz Arquitectos (\u00a9 Carlos D\u00edaz Corona)\n\t\t\t\t<\/figcaption><\/figure><figure class='gallery-item'>\n\t\t\t<div class='gallery-icon landscape'>\n\t\t\t\t<a href='https:\/\/www.arquimaster.com.ar\/web\/wp-content\/uploads\/2014\/12\/casa_mm322.jpg' title=\"Casa MM \/ Agraz Arquitectos (planta baja)\" data-rl_title=\"Casa MM \/ Agraz Arquitectos (planta baja)\" class=\"rl-gallery-link\" data-rl_caption=\"Casa MM \/ Agraz Arquitectos (planta baja)\" data-rel=\"lightbox-gallery-1\"><img loading=\"lazy\" decoding=\"async\" width=\"150\" height=\"150\" src=\"https:\/\/www.arquimaster.com.ar\/web\/wp-content\/uploads\/2014\/12\/casa_mm322-150x150.jpg\" class=\"attachment-thumbnail size-thumbnail\" alt=\"\" aria-describedby=\"gallery-1-11949\" srcset=\"https:\/\/www.arquimaster.com.ar\/web\/wp-content\/uploads\/2014\/12\/casa_mm322-150x150.jpg 150w, https:\/\/www.arquimaster.com.ar\/web\/wp-content\/uploads\/2014\/12\/casa_mm322-50x50.jpg 50w, https:\/\/www.arquimaster.com.ar\/web\/wp-content\/uploads\/2014\/12\/casa_mm322-125x125.jpg 125w\" sizes=\"auto, (max-width: 150px) 100vw, 150px\" \/><\/a>\n\t\t\t<\/div>\n\t\t\t\t<figcaption class='wp-caption-text gallery-caption' id='gallery-1-11949'>\n\t\t\t\tCasa MM \/ Agraz Arquitectos (planta baja)\n\t\t\t\t<\/figcaption><\/figure><figure class='gallery-item'>\n\t\t\t<div class='gallery-icon landscape'>\n\t\t\t\t<a href='https:\/\/www.arquimaster.com.ar\/web\/wp-content\/uploads\/2014\/12\/casa_mm332.jpg' title=\"Casa MM \/ Agraz Arquitectos (planta subsuelo)\" data-rl_title=\"Casa MM \/ Agraz Arquitectos (planta subsuelo)\" class=\"rl-gallery-link\" data-rl_caption=\"Casa MM \/ Agraz Arquitectos (planta subsuelo)\" data-rel=\"lightbox-gallery-1\"><img loading=\"lazy\" decoding=\"async\" width=\"150\" height=\"150\" src=\"https:\/\/www.arquimaster.com.ar\/web\/wp-content\/uploads\/2014\/12\/casa_mm332-150x150.jpg\" class=\"attachment-thumbnail size-thumbnail\" alt=\"\" aria-describedby=\"gallery-1-11950\" srcset=\"https:\/\/www.arquimaster.com.ar\/web\/wp-content\/uploads\/2014\/12\/casa_mm332-150x150.jpg 150w, https:\/\/www.arquimaster.com.ar\/web\/wp-content\/uploads\/2014\/12\/casa_mm332-50x50.jpg 50w, https:\/\/www.arquimaster.com.ar\/web\/wp-content\/uploads\/2014\/12\/casa_mm332-125x125.jpg 125w\" sizes=\"auto, (max-width: 150px) 100vw, 150px\" \/><\/a>\n\t\t\t<\/div>\n\t\t\t\t<figcaption class='wp-caption-text gallery-caption' id='gallery-1-11950'>\n\t\t\t\tCasa MM \/ Agraz Arquitectos (planta subsuelo)\n\t\t\t\t<\/figcaption><\/figure><figure class='gallery-item'>\n\t\t\t<div class='gallery-icon landscape'>\n\t\t\t\t<a href='https:\/\/www.arquimaster.com.ar\/web\/wp-content\/uploads\/2014\/12\/casa_mm342.jpg' title=\"Casa MM \/ Agraz Arquitectos (corte)\" data-rl_title=\"Casa MM \/ Agraz Arquitectos (corte)\" class=\"rl-gallery-link\" data-rl_caption=\"Casa MM \/ Agraz Arquitectos (corte)\" data-rel=\"lightbox-gallery-1\"><img loading=\"lazy\" decoding=\"async\" width=\"150\" height=\"150\" src=\"https:\/\/www.arquimaster.com.ar\/web\/wp-content\/uploads\/2014\/12\/casa_mm342-150x150.jpg\" class=\"attachment-thumbnail size-thumbnail\" alt=\"\" aria-describedby=\"gallery-1-11951\" srcset=\"https:\/\/www.arquimaster.com.ar\/web\/wp-content\/uploads\/2014\/12\/casa_mm342-150x150.jpg 150w, https:\/\/www.arquimaster.com.ar\/web\/wp-content\/uploads\/2014\/12\/casa_mm342-50x50.jpg 50w, https:\/\/www.arquimaster.com.ar\/web\/wp-content\/uploads\/2014\/12\/casa_mm342-125x125.jpg 125w\" sizes=\"auto, (max-width: 150px) 100vw, 150px\" \/><\/a>\n\t\t\t<\/div>\n\t\t\t\t<figcaption class='wp-caption-text gallery-caption' id='gallery-1-11951'>\n\t\t\t\tCasa MM \/ Agraz Arquitectos (corte)\n\t\t\t\t<\/figcaption><\/figure><figure class='gallery-item'>\n\t\t\t<div class='gallery-icon landscape'>\n\t\t\t\t<a href='https:\/\/www.arquimaster.com.ar\/web\/wp-content\/uploads\/2014\/12\/casa_mm352.jpg' title=\"Casa MM \/ Agraz Arquitectos (vista frente)\" data-rl_title=\"Casa MM \/ Agraz Arquitectos (vista frente)\" class=\"rl-gallery-link\" data-rl_caption=\"Casa MM \/ Agraz Arquitectos (vista frente)\" data-rel=\"lightbox-gallery-1\"><img loading=\"lazy\" decoding=\"async\" width=\"150\" height=\"150\" src=\"https:\/\/www.arquimaster.com.ar\/web\/wp-content\/uploads\/2014\/12\/casa_mm352-150x150.jpg\" class=\"attachment-thumbnail size-thumbnail\" alt=\"\" aria-describedby=\"gallery-1-11952\" srcset=\"https:\/\/www.arquimaster.com.ar\/web\/wp-content\/uploads\/2014\/12\/casa_mm352-150x150.jpg 150w, https:\/\/www.arquimaster.com.ar\/web\/wp-content\/uploads\/2014\/12\/casa_mm352-50x50.jpg 50w, https:\/\/www.arquimaster.com.ar\/web\/wp-content\/uploads\/2014\/12\/casa_mm352-125x125.jpg 125w\" sizes=\"auto, (max-width: 150px) 100vw, 150px\" \/><\/a>\n\t\t\t<\/div>\n\t\t\t\t<figcaption class='wp-caption-text gallery-caption' id='gallery-1-11952'>\n\t\t\t\tCasa MM \/ Agraz Arquitectos (vista frente)\n\t\t\t\t<\/figcaption><\/figure><figure class='gallery-item'>\n\t\t\t<div class='gallery-icon landscape'>\n\t\t\t\t<a href='https:\/\/www.arquimaster.com.ar\/web\/wp-content\/uploads\/2014\/12\/casa_mm362.jpg' title=\"Casa MM \/ Agraz Arquitectos (vista contrafrente)\" data-rl_title=\"Casa MM \/ Agraz Arquitectos (vista contrafrente)\" class=\"rl-gallery-link\" data-rl_caption=\"Casa MM \/ Agraz Arquitectos (vista contrafrente)\" data-rel=\"lightbox-gallery-1\"><img loading=\"lazy\" decoding=\"async\" width=\"150\" height=\"150\" src=\"https:\/\/www.arquimaster.com.ar\/web\/wp-content\/uploads\/2014\/12\/casa_mm362-150x150.jpg\" class=\"attachment-thumbnail size-thumbnail\" alt=\"\" aria-describedby=\"gallery-1-11953\" srcset=\"https:\/\/www.arquimaster.com.ar\/web\/wp-content\/uploads\/2014\/12\/casa_mm362-150x150.jpg 150w, https:\/\/www.arquimaster.com.ar\/web\/wp-content\/uploads\/2014\/12\/casa_mm362-50x50.jpg 50w, https:\/\/www.arquimaster.com.ar\/web\/wp-content\/uploads\/2014\/12\/casa_mm362-125x125.jpg 125w\" sizes=\"auto, (max-width: 150px) 100vw, 150px\" \/><\/a>\n\t\t\t<\/div>\n\t\t\t\t<figcaption class='wp-caption-text gallery-caption' id='gallery-1-11953'>\n\t\t\t\tCasa MM \/ Agraz Arquitectos (vista contrafrente)\n\t\t\t\t<\/figcaption><\/figure><figure class='gallery-item'>\n\t\t\t<div class='gallery-icon landscape'>\n\t\t\t\t<a href='https:\/\/www.arquimaster.com.ar\/web\/wp-content\/uploads\/2014\/12\/casa_mm372.jpg' title=\"Casa MM \/ Agraz Arquitectos (vista lateral)\" data-rl_title=\"Casa MM \/ Agraz Arquitectos (vista lateral)\" class=\"rl-gallery-link\" data-rl_caption=\"Casa MM \/ Agraz Arquitectos (vista lateral)\" data-rel=\"lightbox-gallery-1\"><img loading=\"lazy\" decoding=\"async\" width=\"150\" height=\"150\" src=\"https:\/\/www.arquimaster.com.ar\/web\/wp-content\/uploads\/2014\/12\/casa_mm372-150x150.jpg\" class=\"attachment-thumbnail size-thumbnail\" alt=\"\" aria-describedby=\"gallery-1-11954\" srcset=\"https:\/\/www.arquimaster.com.ar\/web\/wp-content\/uploads\/2014\/12\/casa_mm372-150x150.jpg 150w, https:\/\/www.arquimaster.com.ar\/web\/wp-content\/uploads\/2014\/12\/casa_mm372-50x50.jpg 50w, https:\/\/www.arquimaster.com.ar\/web\/wp-content\/uploads\/2014\/12\/casa_mm372-125x125.jpg 125w\" sizes=\"auto, (max-width: 150px) 100vw, 150px\" \/><\/a>\n\t\t\t<\/div>\n\t\t\t\t<figcaption class='wp-caption-text gallery-caption' id='gallery-1-11954'>\n\t\t\t\tCasa MM \/ Agraz Arquitectos (vista lateral)\n\t\t\t\t<\/figcaption><\/figure><figure class='gallery-item'>\n\t\t\t<div class='gallery-icon landscape'>\n\t\t\t\t<a href='https:\/\/www.arquimaster.com.ar\/web\/wp-content\/uploads\/2014\/12\/casa_mm382.jpg' title=\"Casa MM \/ Agraz Arquitectos (referencias)\" data-rl_title=\"Casa MM \/ Agraz Arquitectos (referencias)\" class=\"rl-gallery-link\" data-rl_caption=\"Casa MM \/ Agraz Arquitectos (referencias)\" data-rel=\"lightbox-gallery-1\"><img loading=\"lazy\" decoding=\"async\" width=\"150\" height=\"150\" src=\"https:\/\/www.arquimaster.com.ar\/web\/wp-content\/uploads\/2014\/12\/casa_mm382-150x150.jpg\" class=\"attachment-thumbnail size-thumbnail\" alt=\"\" aria-describedby=\"gallery-1-11955\" srcset=\"https:\/\/www.arquimaster.com.ar\/web\/wp-content\/uploads\/2014\/12\/casa_mm382-150x150.jpg 150w, https:\/\/www.arquimaster.com.ar\/web\/wp-content\/uploads\/2014\/12\/casa_mm382-50x50.jpg 50w, https:\/\/www.arquimaster.com.ar\/web\/wp-content\/uploads\/2014\/12\/casa_mm382-125x125.jpg 125w\" sizes=\"auto, (max-width: 150px) 100vw, 150px\" \/><\/a>\n\t\t\t<\/div>\n\t\t\t\t<figcaption class='wp-caption-text gallery-caption' id='gallery-1-11955'>\n\t\t\t\tCasa MM \/ Agraz Arquitectos (referencias)\n\t\t\t\t<\/figcaption><\/figure>\n\t\t<\/div>\n\n<p>As\u00ed, sobre una silueta trapezoidal con frente m\u00e1s corto que fondo, sugiere colocar los mejores espacios hacia el fairway, pero como se ha dicho, con un programa resuelto a un solo nivel.<\/p>\n<p>Esto marca inevitablemente el partido general el cual se desprende de una divisi\u00f3n cartesiana en cuatro cuadrantes del terreno, donde los dos superiores dan hacia el verde campo y los dos inferiores hacia la calle.<\/p>\n<p>Un eje central divide la zona de noche y la zona de d\u00eda, dejando a la izquierda la diurna y a la derecha la nocturna.<\/p>\n<p>Pero esta gran frontera divisoria entre lo p\u00fablico y lo privado viene entonces a convertirse inesperadamente en la columna vertebral del proyecto y quiz\u00e1s su parte m\u00e1s interesante.<\/p>\n<p>Sala, comedor, terraza y cocina quedan entonces con vista al campo, en este intento por privilegiar la mayor cantidad de espacios; en tanto que cocheras, servicios y dos de las cuatro rec\u00e1maras quedan restringidas de dicho gozo.<\/p>\n<p>En todo caso, esta situaci\u00f3n es la que da un acomodo natural al proyecto, con cocheras y family room orientados hacia la calle, servicios en medio de cocina y cocheras, y sala, comedor y terraza hacia el green.<\/p>\n<p>Con esta misma ventaja posicional quedan rec\u00e1mara principal y la de la ni\u00f1a, las cuales adem\u00e1s cuentan con un vest\u00edbulo que hace las veces de filtro para la transici\u00f3n entre la zona nocturna.<\/p>\n<p>Es una casa de extrema horizontalidad, extendida sobre la longitud de su fachada que comprende m\u00e1s de 40 metros de frente hacia el campo de golf y que constituye un mirador hacia este espacio verde y arbolado, el cual permite la contemplaci\u00f3n de la naturaleza y el transcurrir del tiempo desde una posici\u00f3n privilegiada.<\/p>\n<p>Texto por Ana Guerrerosantos<\/p>\n<p><strong>Ficha tecnica<\/strong><br \/>\nNombre: Casa MM<br \/>\nUbicaci\u00f3n: Fraccionamiento Club de Golf Santa Anita, Tlajomulco, Jalisco, M\u00e9xico<br \/>\nAutores: Agraz Arquitectos SC. Ricardo Agraz<br \/>\nColaboradores: Brenda Barr\u00f3n, Erick Mart\u00ednez, Jessica Maga\u00f1a, Gabriel G\u00f3mez, Javier Guti\u00e9rrez, Javier H. Aguirre, Israel Picos, Gabriela Villarreal, Juan Antonio Jaime, Marisol Reynoso, Humberto Due\u00f1as, Blanca Moreno, Fernanda Palma, Miguel S\u00e1nchez, Marc Steven Fern\u00e1ndez<br \/>\nConstrucci\u00f3n: Desarrolladora Integral de Occidente (DIO)<br \/>\n\u00c1rea dek terreno: 1092.85 m2<br \/>\n\u00c1rea construida: 526.03 m2<br \/>\nFecha de proyecto: 2011<br \/>\nFecha de obra: 2012<br \/>\nFotograf\u00eda: Carlos D\u00edaz Corona<\/p>\n<p><strong>Contacto:<\/strong> <a title=\"Agraz Arquitectos\" href=\"http:\/\/www.agrazarquitectos.com\" target=\"_blank\">http:\/\/www.agrazarquitectos.com<\/a><\/p>\n\n<div style=\"font-size: 0px; height: 0px; line-height: 0px; margin: 0; padding: 0; clear: both;\"><\/div><div style=\"margin-top: 0px; margin-bottom: 0px;\" class=\"sharethis-inline-share-buttons\" ><\/div>","protected":false},"excerpt":{"rendered":"<p>Ubicada en un terreno de dimensiones generosas frente al green de un campo de golf&#8230;<\/p>\n","protected":false},"author":1,"featured_media":11903,"comment_status":"closed","ping_status":"closed","sticky":false,"template":"","format":"standard","meta":{"_uag_custom_page_level_css":"","footnotes":""},"categories":[1,83],"tags":[2500,1052,24,2502,2501,254],"class_list":["post-11902","post","type-post","status-publish","format-standard","has-post-thumbnail","hentry","category-proyecto","category-vivienda-unifamiliar","tag-agraz-arquitectos","tag-jalisco","tag-mexico","tag-ricardo-agraz","tag-tlajomulco","tag-vivienda-unifamiliar-2","generate-columns","tablet-grid-50","mobile-grid-100","grid-parent","grid-50"],"yoast_head":"<!-- This site is optimized with the Yoast SEO plugin v27.3 - https:\/\/yoast.com\/product\/yoast-seo-wordpress\/ -->\n<title>Casa MM \/ Agraz Arquitectos - Arquimaster<\/title>\n<meta name=\"robots\" content=\"index, follow, max-snippet:-1, max-image-preview:large, max-video-preview:-1\" \/>\n<link rel=\"canonical\" href=\"https:\/\/www.arquimaster.com.ar\/web\/casa-mm-agraz-arquitectos\/\" \/>\n<meta property=\"og:locale\" content=\"es_ES\" \/>\n<meta property=\"og:type\" content=\"article\" \/>\n<meta property=\"og:title\" content=\"Casa MM \/ Agraz Arquitectos - Arquimaster\" \/>\n<meta property=\"og:description\" content=\"Ubicada en un terreno de dimensiones generosas frente al green de un campo de golf...\" \/>\n<meta property=\"og:url\" content=\"https:\/\/www.arquimaster.com.ar\/web\/casa-mm-agraz-arquitectos\/\" \/>\n<meta property=\"og:site_name\" content=\"Arquimaster\" \/>\n<meta property=\"article:publisher\" content=\"http:\/\/www.facebook.com\/ARQUIMASTER.com.ar\" \/>\n<meta property=\"article:published_time\" content=\"2014-12-21T23:00:35+00:00\" \/>\n<meta property=\"article:modified_time\" content=\"2014-12-22T01:28:37+00:00\" \/>\n<meta property=\"og:image\" content=\"https:\/\/www.arquimaster.com.ar\/web\/wp-content\/uploads\/2014\/12\/casa_mm_slide.jpg\" \/>\n\t<meta property=\"og:image:width\" content=\"642\" \/>\n\t<meta property=\"og:image:height\" content=\"336\" \/>\n\t<meta property=\"og:image:type\" content=\"image\/jpeg\" \/>\n<meta name=\"author\" content=\"Arquimaster\" \/>\n<meta name=\"twitter:card\" content=\"summary_large_image\" \/>\n<meta name=\"twitter:creator\" content=\"@arquimaster\" \/>\n<meta name=\"twitter:site\" content=\"@arquimaster\" \/>\n<meta name=\"twitter:label1\" content=\"Escrito por\" \/>\n\t<meta name=\"twitter:data1\" content=\"Arquimaster\" \/>\n\t<meta name=\"twitter:label2\" content=\"Tiempo de lectura\" \/>\n\t<meta name=\"twitter:data2\" content=\"2 minutos\" \/>\n<script type=\"application\/ld+json\" class=\"yoast-schema-graph\">{\"@context\":\"https:\\\/\\\/schema.org\",\"@graph\":[{\"@type\":\"Article\",\"@id\":\"https:\\\/\\\/www.arquimaster.com.ar\\\/web\\\/casa-mm-agraz-arquitectos\\\/#article\",\"isPartOf\":{\"@id\":\"https:\\\/\\\/www.arquimaster.com.ar\\\/web\\\/casa-mm-agraz-arquitectos\\\/\"},\"author\":{\"name\":\"Arquimaster\",\"@id\":\"https:\\\/\\\/www.arquimaster.com.ar\\\/web\\\/#\\\/schema\\\/person\\\/359e9f7c00193fcde068e0dd2ceb0028\"},\"headline\":\"Casa MM \\\/ Agraz Arquitectos\",\"datePublished\":\"2014-12-21T23:00:35+00:00\",\"dateModified\":\"2014-12-22T01:28:37+00:00\",\"mainEntityOfPage\":{\"@id\":\"https:\\\/\\\/www.arquimaster.com.ar\\\/web\\\/casa-mm-agraz-arquitectos\\\/\"},\"wordCount\":452,\"publisher\":{\"@id\":\"https:\\\/\\\/www.arquimaster.com.ar\\\/web\\\/#organization\"},\"image\":{\"@id\":\"https:\\\/\\\/www.arquimaster.com.ar\\\/web\\\/casa-mm-agraz-arquitectos\\\/#primaryimage\"},\"thumbnailUrl\":\"https:\\\/\\\/www.arquimaster.com.ar\\\/web\\\/wp-content\\\/uploads\\\/2014\\\/12\\\/casa_mm_slide.jpg\",\"keywords\":[\"Agraz Arquitectos\",\"Jalisco\",\"Mexico\",\"Ricardo Agraz\",\"Tlajomulco\",\"vivienda unifamiliar\"],\"articleSection\":[\"Proyecto\",\"Vivienda unifamiliar y PH\"],\"inLanguage\":\"es\"},{\"@type\":\"WebPage\",\"@id\":\"https:\\\/\\\/www.arquimaster.com.ar\\\/web\\\/casa-mm-agraz-arquitectos\\\/\",\"url\":\"https:\\\/\\\/www.arquimaster.com.ar\\\/web\\\/casa-mm-agraz-arquitectos\\\/\",\"name\":\"Casa MM \\\/ Agraz Arquitectos - Arquimaster\",\"isPartOf\":{\"@id\":\"https:\\\/\\\/www.arquimaster.com.ar\\\/web\\\/#website\"},\"primaryImageOfPage\":{\"@id\":\"https:\\\/\\\/www.arquimaster.com.ar\\\/web\\\/casa-mm-agraz-arquitectos\\\/#primaryimage\"},\"image\":{\"@id\":\"https:\\\/\\\/www.arquimaster.com.ar\\\/web\\\/casa-mm-agraz-arquitectos\\\/#primaryimage\"},\"thumbnailUrl\":\"https:\\\/\\\/www.arquimaster.com.ar\\\/web\\\/wp-content\\\/uploads\\\/2014\\\/12\\\/casa_mm_slide.jpg\",\"datePublished\":\"2014-12-21T23:00:35+00:00\",\"dateModified\":\"2014-12-22T01:28:37+00:00\",\"breadcrumb\":{\"@id\":\"https:\\\/\\\/www.arquimaster.com.ar\\\/web\\\/casa-mm-agraz-arquitectos\\\/#breadcrumb\"},\"inLanguage\":\"es\",\"potentialAction\":[{\"@type\":\"ReadAction\",\"target\":[\"https:\\\/\\\/www.arquimaster.com.ar\\\/web\\\/casa-mm-agraz-arquitectos\\\/\"]}]},{\"@type\":\"ImageObject\",\"inLanguage\":\"es\",\"@id\":\"https:\\\/\\\/www.arquimaster.com.ar\\\/web\\\/casa-mm-agraz-arquitectos\\\/#primaryimage\",\"url\":\"https:\\\/\\\/www.arquimaster.com.ar\\\/web\\\/wp-content\\\/uploads\\\/2014\\\/12\\\/casa_mm_slide.jpg\",\"contentUrl\":\"https:\\\/\\\/www.arquimaster.com.ar\\\/web\\\/wp-content\\\/uploads\\\/2014\\\/12\\\/casa_mm_slide.jpg\",\"width\":642,\"height\":336},{\"@type\":\"BreadcrumbList\",\"@id\":\"https:\\\/\\\/www.arquimaster.com.ar\\\/web\\\/casa-mm-agraz-arquitectos\\\/#breadcrumb\",\"itemListElement\":[{\"@type\":\"ListItem\",\"position\":1,\"name\":\"Portada\",\"item\":\"https:\\\/\\\/www.arquimaster.com.ar\\\/web\\\/\"},{\"@type\":\"ListItem\",\"position\":2,\"name\":\"Casa MM \\\/ Agraz Arquitectos\"}]},{\"@type\":\"WebSite\",\"@id\":\"https:\\\/\\\/www.arquimaster.com.ar\\\/web\\\/#website\",\"url\":\"https:\\\/\\\/www.arquimaster.com.ar\\\/web\\\/\",\"name\":\"Arquimaster\",\"description\":\"Web de arquitectura, dise\u00f1o y construccion\",\"publisher\":{\"@id\":\"https:\\\/\\\/www.arquimaster.com.ar\\\/web\\\/#organization\"},\"potentialAction\":[{\"@type\":\"SearchAction\",\"target\":{\"@type\":\"EntryPoint\",\"urlTemplate\":\"https:\\\/\\\/www.arquimaster.com.ar\\\/web\\\/?s={search_term_string}\"},\"query-input\":{\"@type\":\"PropertyValueSpecification\",\"valueRequired\":true,\"valueName\":\"search_term_string\"}}],\"inLanguage\":\"es\"},{\"@type\":\"Organization\",\"@id\":\"https:\\\/\\\/www.arquimaster.com.ar\\\/web\\\/#organization\",\"name\":\"Arquimaster\",\"url\":\"https:\\\/\\\/www.arquimaster.com.ar\\\/web\\\/\",\"logo\":{\"@type\":\"ImageObject\",\"inLanguage\":\"es\",\"@id\":\"https:\\\/\\\/www.arquimaster.com.ar\\\/web\\\/#\\\/schema\\\/logo\\\/image\\\/\",\"url\":\"https:\\\/\\\/www.arquimaster.com.ar\\\/web\\\/wp-content\\\/uploads\\\/2022\\\/06\\\/arquimaster.png\",\"contentUrl\":\"https:\\\/\\\/www.arquimaster.com.ar\\\/web\\\/wp-content\\\/uploads\\\/2022\\\/06\\\/arquimaster.png\",\"width\":594,\"height\":78,\"caption\":\"Arquimaster\"},\"image\":{\"@id\":\"https:\\\/\\\/www.arquimaster.com.ar\\\/web\\\/#\\\/schema\\\/logo\\\/image\\\/\"},\"sameAs\":[\"http:\\\/\\\/www.facebook.com\\\/ARQUIMASTER.com.ar\",\"https:\\\/\\\/x.com\\\/arquimaster\",\"https:\\\/\\\/www.instagram.com\\\/arquimasterblog\\\/\",\"https:\\\/\\\/www.linkedin.com\\\/company\\\/arquimaster\",\"https:\\\/\\\/www.pinterest.com\\\/arquimaster\",\"https:\\\/\\\/t.me\\\/arquimaster\"]},{\"@type\":\"Person\",\"@id\":\"https:\\\/\\\/www.arquimaster.com.ar\\\/web\\\/#\\\/schema\\\/person\\\/359e9f7c00193fcde068e0dd2ceb0028\",\"name\":\"Arquimaster\"}]}<\/script>\n<!-- \/ Yoast SEO plugin. -->","yoast_head_json":{"title":"Casa MM \/ Agraz Arquitectos - Arquimaster","robots":{"index":"index","follow":"follow","max-snippet":"max-snippet:-1","max-image-preview":"max-image-preview:large","max-video-preview":"max-video-preview:-1"},"canonical":"https:\/\/www.arquimaster.com.ar\/web\/casa-mm-agraz-arquitectos\/","og_locale":"es_ES","og_type":"article","og_title":"Casa MM \/ Agraz Arquitectos - Arquimaster","og_description":"Ubicada en un terreno de dimensiones generosas frente al green de un campo de golf...","og_url":"https:\/\/www.arquimaster.com.ar\/web\/casa-mm-agraz-arquitectos\/","og_site_name":"Arquimaster","article_publisher":"http:\/\/www.facebook.com\/ARQUIMASTER.com.ar","article_published_time":"2014-12-21T23:00:35+00:00","article_modified_time":"2014-12-22T01:28:37+00:00","og_image":[{"width":642,"height":336,"url":"https:\/\/www.arquimaster.com.ar\/web\/wp-content\/uploads\/2014\/12\/casa_mm_slide.jpg","type":"image\/jpeg"}],"author":"Arquimaster","twitter_card":"summary_large_image","twitter_creator":"@arquimaster","twitter_site":"@arquimaster","twitter_misc":{"Escrito por":"Arquimaster","Tiempo de lectura":"2 minutos"},"schema":{"@context":"https:\/\/schema.org","@graph":[{"@type":"Article","@id":"https:\/\/www.arquimaster.com.ar\/web\/casa-mm-agraz-arquitectos\/#article","isPartOf":{"@id":"https:\/\/www.arquimaster.com.ar\/web\/casa-mm-agraz-arquitectos\/"},"author":{"name":"Arquimaster","@id":"https:\/\/www.arquimaster.com.ar\/web\/#\/schema\/person\/359e9f7c00193fcde068e0dd2ceb0028"},"headline":"Casa MM \/ Agraz Arquitectos","datePublished":"2014-12-21T23:00:35+00:00","dateModified":"2014-12-22T01:28:37+00:00","mainEntityOfPage":{"@id":"https:\/\/www.arquimaster.com.ar\/web\/casa-mm-agraz-arquitectos\/"},"wordCount":452,"publisher":{"@id":"https:\/\/www.arquimaster.com.ar\/web\/#organization"},"image":{"@id":"https:\/\/www.arquimaster.com.ar\/web\/casa-mm-agraz-arquitectos\/#primaryimage"},"thumbnailUrl":"https:\/\/www.arquimaster.com.ar\/web\/wp-content\/uploads\/2014\/12\/casa_mm_slide.jpg","keywords":["Agraz Arquitectos","Jalisco","Mexico","Ricardo Agraz","Tlajomulco","vivienda unifamiliar"],"articleSection":["Proyecto","Vivienda unifamiliar y PH"],"inLanguage":"es"},{"@type":"WebPage","@id":"https:\/\/www.arquimaster.com.ar\/web\/casa-mm-agraz-arquitectos\/","url":"https:\/\/www.arquimaster.com.ar\/web\/casa-mm-agraz-arquitectos\/","name":"Casa MM \/ Agraz Arquitectos - Arquimaster","isPartOf":{"@id":"https:\/\/www.arquimaster.com.ar\/web\/#website"},"primaryImageOfPage":{"@id":"https:\/\/www.arquimaster.com.ar\/web\/casa-mm-agraz-arquitectos\/#primaryimage"},"image":{"@id":"https:\/\/www.arquimaster.com.ar\/web\/casa-mm-agraz-arquitectos\/#primaryimage"},"thumbnailUrl":"https:\/\/www.arquimaster.com.ar\/web\/wp-content\/uploads\/2014\/12\/casa_mm_slide.jpg","datePublished":"2014-12-21T23:00:35+00:00","dateModified":"2014-12-22T01:28:37+00:00","breadcrumb":{"@id":"https:\/\/www.arquimaster.com.ar\/web\/casa-mm-agraz-arquitectos\/#breadcrumb"},"inLanguage":"es","potentialAction":[{"@type":"ReadAction","target":["https:\/\/www.arquimaster.com.ar\/web\/casa-mm-agraz-arquitectos\/"]}]},{"@type":"ImageObject","inLanguage":"es","@id":"https:\/\/www.arquimaster.com.ar\/web\/casa-mm-agraz-arquitectos\/#primaryimage","url":"https:\/\/www.arquimaster.com.ar\/web\/wp-content\/uploads\/2014\/12\/casa_mm_slide.jpg","contentUrl":"https:\/\/www.arquimaster.com.ar\/web\/wp-content\/uploads\/2014\/12\/casa_mm_slide.jpg","width":642,"height":336},{"@type":"BreadcrumbList","@id":"https:\/\/www.arquimaster.com.ar\/web\/casa-mm-agraz-arquitectos\/#breadcrumb","itemListElement":[{"@type":"ListItem","position":1,"name":"Portada","item":"https:\/\/www.arquimaster.com.ar\/web\/"},{"@type":"ListItem","position":2,"name":"Casa MM \/ Agraz Arquitectos"}]},{"@type":"WebSite","@id":"https:\/\/www.arquimaster.com.ar\/web\/#website","url":"https:\/\/www.arquimaster.com.ar\/web\/","name":"Arquimaster","description":"Web de arquitectura, dise\u00f1o y construccion","publisher":{"@id":"https:\/\/www.arquimaster.com.ar\/web\/#organization"},"potentialAction":[{"@type":"SearchAction","target":{"@type":"EntryPoint","urlTemplate":"https:\/\/www.arquimaster.com.ar\/web\/?s={search_term_string}"},"query-input":{"@type":"PropertyValueSpecification","valueRequired":true,"valueName":"search_term_string"}}],"inLanguage":"es"},{"@type":"Organization","@id":"https:\/\/www.arquimaster.com.ar\/web\/#organization","name":"Arquimaster","url":"https:\/\/www.arquimaster.com.ar\/web\/","logo":{"@type":"ImageObject","inLanguage":"es","@id":"https:\/\/www.arquimaster.com.ar\/web\/#\/schema\/logo\/image\/","url":"https:\/\/www.arquimaster.com.ar\/web\/wp-content\/uploads\/2022\/06\/arquimaster.png","contentUrl":"https:\/\/www.arquimaster.com.ar\/web\/wp-content\/uploads\/2022\/06\/arquimaster.png","width":594,"height":78,"caption":"Arquimaster"},"image":{"@id":"https:\/\/www.arquimaster.com.ar\/web\/#\/schema\/logo\/image\/"},"sameAs":["http:\/\/www.facebook.com\/ARQUIMASTER.com.ar","https:\/\/x.com\/arquimaster","https:\/\/www.instagram.com\/arquimasterblog\/","https:\/\/www.linkedin.com\/company\/arquimaster","https:\/\/www.pinterest.com\/arquimaster","https:\/\/t.me\/arquimaster"]},{"@type":"Person","@id":"https:\/\/www.arquimaster.com.ar\/web\/#\/schema\/person\/359e9f7c00193fcde068e0dd2ceb0028","name":"Arquimaster"}]}},"uagb_featured_image_src":{"full":["https:\/\/www.arquimaster.com.ar\/web\/wp-content\/uploads\/2014\/12\/casa_mm_slide.jpg",642,336,false],"thumbnail":["https:\/\/www.arquimaster.com.ar\/web\/wp-content\/uploads\/2014\/12\/casa_mm_slide-150x150.jpg",150,150,true],"medium":["https:\/\/www.arquimaster.com.ar\/web\/wp-content\/uploads\/2014\/12\/casa_mm_slide-300x157.jpg",300,157,true],"medium_large":["https:\/\/www.arquimaster.com.ar\/web\/wp-content\/uploads\/2014\/12\/casa_mm_slide.jpg",642,336,false],"large":["https:\/\/www.arquimaster.com.ar\/web\/wp-content\/uploads\/2014\/12\/casa_mm_slide.jpg",642,336,false],"1536x1536":["https:\/\/www.arquimaster.com.ar\/web\/wp-content\/uploads\/2014\/12\/casa_mm_slide.jpg",642,336,false],"2048x2048":["https:\/\/www.arquimaster.com.ar\/web\/wp-content\/uploads\/2014\/12\/casa_mm_slide.jpg",642,336,false]},"uagb_author_info":{"display_name":"Arquimaster","author_link":"https:\/\/www.arquimaster.com.ar\/web\/author\/arquimaster\/"},"uagb_comment_info":0,"uagb_excerpt":"Ubicada en un terreno de dimensiones generosas frente al green de un campo de golf...","_links":{"self":[{"href":"https:\/\/www.arquimaster.com.ar\/web\/wp-json\/wp\/v2\/posts\/11902","targetHints":{"allow":["GET"]}}],"collection":[{"href":"https:\/\/www.arquimaster.com.ar\/web\/wp-json\/wp\/v2\/posts"}],"about":[{"href":"https:\/\/www.arquimaster.com.ar\/web\/wp-json\/wp\/v2\/types\/post"}],"author":[{"embeddable":true,"href":"https:\/\/www.arquimaster.com.ar\/web\/wp-json\/wp\/v2\/users\/1"}],"replies":[{"embeddable":true,"href":"https:\/\/www.arquimaster.com.ar\/web\/wp-json\/wp\/v2\/comments?post=11902"}],"version-history":[{"count":0,"href":"https:\/\/www.arquimaster.com.ar\/web\/wp-json\/wp\/v2\/posts\/11902\/revisions"}],"wp:featuredmedia":[{"embeddable":true,"href":"https:\/\/www.arquimaster.com.ar\/web\/wp-json\/wp\/v2\/media\/11903"}],"wp:attachment":[{"href":"https:\/\/www.arquimaster.com.ar\/web\/wp-json\/wp\/v2\/media?parent=11902"}],"wp:term":[{"taxonomy":"category","embeddable":true,"href":"https:\/\/www.arquimaster.com.ar\/web\/wp-json\/wp\/v2\/categories?post=11902"},{"taxonomy":"post_tag","embeddable":true,"href":"https:\/\/www.arquimaster.com.ar\/web\/wp-json\/wp\/v2\/tags?post=11902"}],"curies":[{"name":"wp","href":"https:\/\/api.w.org\/{rel}","templated":true}]}}