{"id":11972,"date":"2014-12-24T17:34:44","date_gmt":"2014-12-24T17:34:44","guid":{"rendered":"http:\/\/www.arquimaster.com.ar\/web\/?p=11972"},"modified":"2026-03-27T17:10:45","modified_gmt":"2026-03-27T20:10:45","slug":"inauguracion-de-las-obras-de-puesta-en-valor-de-la-casa-curutchet","status":"publish","type":"post","link":"https:\/\/www.arquimaster.com.ar\/web\/inauguracion-de-las-obras-de-puesta-en-valor-de-la-casa-curutchet\/","title":{"rendered":"Inauguraci\u00f3n de las obras de puesta en valor de la Casa Curutchet"},"content":{"rendered":"<div style=\"margin-top: 0px; margin-bottom: 0px;\" class=\"sharethis-inline-share-buttons\" ><\/div><div class=\"b812932af2e751442846f039925109de\" data-index=\"1\" style=\"float: none; margin:25px 0 25px 0; text-align:center;\">\n<script async src=\"https:\/\/pagead2.googlesyndication.com\/pagead\/js\/adsbygoogle.js\"><\/script>\r\n<!-- Arquimaster (superior) -->\r\n<ins class=\"adsbygoogle\"\r\n     style=\"display:block\"\r\n     data-ad-client=\"ca-pub-6351072698456832\"\r\n     data-ad-slot=\"6455489680\"\r\n     data-ad-format=\"auto\"\r\n     data-full-width-responsive=\"true\"><\/ins>\r\n<script>\r\n     (adsbygoogle = window.adsbygoogle || []).push({});\r\n<\/script>\n<\/div>\n<p><em><strong>Recientemente el Colegio de Arquitectos de la Provincia de Buenos Aires -CAPBA- termin\u00f3 las obras de puesta en valor y tratamiento de todas las superficies de la Casa Curutchet en La Plata, la \u00fanica vivienda que proyect\u00f3 el maestro Le Corbusier en el continente americano. La firma Tersuave colabor\u00f3 con pinturas y otros productos para la preparaci\u00f3n y acabados de superficies. La empresa organiz\u00f3 junto con CAPBA y el Museo Casa Curutchet un evento donde estuvieron presentes el Intendente de La Plata, Dr. Pablo Bruera, el C\u00f3nsul honorario de Francia en La Plata, Alejandro Lucchelli Bernard y referentes de la arquitectura y la preservaci\u00f3n edilicia.<\/strong><\/em><\/p>\n<div id='gallery-1' class='gallery galleryid-11972 gallery-columns-3 gallery-size-thumbnail'><figure class='gallery-item'>\n\t\t\t<div class='gallery-icon portrait'>\n\t\t\t\t<a href='https:\/\/www.arquimaster.com.ar\/web\/wp-content\/uploads\/2014\/12\/casa_curutchet_puesta_valor1.jpg' title=\"Inauguraci\u00f3n de las obras de puesta en valor de la Casa Curutchet (\u00a9 Mario Retik)\" data-rl_title=\"Inauguraci\u00f3n de las obras de puesta en valor de la Casa Curutchet (\u00a9 Mario Retik)\" class=\"rl-gallery-link\" data-rl_caption=\"Inauguraci\u00f3n de las obras de puesta en valor de la Casa Curutchet (\u00a9 Mario Retik)\" data-rel=\"lightbox-gallery-1\"><img loading=\"lazy\" decoding=\"async\" width=\"150\" height=\"150\" src=\"https:\/\/www.arquimaster.com.ar\/web\/wp-content\/uploads\/2014\/12\/casa_curutchet_puesta_valor1-150x150.jpg\" class=\"attachment-thumbnail size-thumbnail\" alt=\"\" aria-describedby=\"gallery-1-11974\" srcset=\"https:\/\/www.arquimaster.com.ar\/web\/wp-content\/uploads\/2014\/12\/casa_curutchet_puesta_valor1-150x150.jpg 150w, https:\/\/www.arquimaster.com.ar\/web\/wp-content\/uploads\/2014\/12\/casa_curutchet_puesta_valor1-50x50.jpg 50w, https:\/\/www.arquimaster.com.ar\/web\/wp-content\/uploads\/2014\/12\/casa_curutchet_puesta_valor1-125x125.jpg 125w\" sizes=\"auto, (max-width: 150px) 100vw, 150px\" \/><\/a>\n\t\t\t<\/div>\n\t\t\t\t<figcaption class='wp-caption-text gallery-caption' id='gallery-1-11974'>\n\t\t\t\tInauguraci\u00f3n de las obras de puesta en valor de la Casa Curutchet (\u00a9 Mario Retik)\n\t\t\t\t<\/figcaption><\/figure><figure class='gallery-item'>\n\t\t\t<div class='gallery-icon landscape'>\n\t\t\t\t<a href='https:\/\/www.arquimaster.com.ar\/web\/wp-content\/uploads\/2014\/12\/casa_curutchet_puesta_valor8.jpg' title=\"Inauguraci\u00f3n de las obras de puesta en valor de la Casa Curutchet (\u00a9 Mario Retik)\" data-rl_title=\"Inauguraci\u00f3n de las obras de puesta en valor de la Casa Curutchet (\u00a9 Mario Retik)\" class=\"rl-gallery-link\" data-rl_caption=\"Inauguraci\u00f3n de las obras de puesta en valor de la Casa Curutchet (\u00a9 Mario Retik)\" data-rel=\"lightbox-gallery-1\"><img loading=\"lazy\" decoding=\"async\" width=\"150\" height=\"150\" src=\"https:\/\/www.arquimaster.com.ar\/web\/wp-content\/uploads\/2014\/12\/casa_curutchet_puesta_valor8-150x150.jpg\" class=\"attachment-thumbnail size-thumbnail\" alt=\"\" aria-describedby=\"gallery-1-12153\" srcset=\"https:\/\/www.arquimaster.com.ar\/web\/wp-content\/uploads\/2014\/12\/casa_curutchet_puesta_valor8-150x150.jpg 150w, https:\/\/www.arquimaster.com.ar\/web\/wp-content\/uploads\/2014\/12\/casa_curutchet_puesta_valor8-50x50.jpg 50w, https:\/\/www.arquimaster.com.ar\/web\/wp-content\/uploads\/2014\/12\/casa_curutchet_puesta_valor8-125x125.jpg 125w\" sizes=\"auto, (max-width: 150px) 100vw, 150px\" \/><\/a>\n\t\t\t<\/div>\n\t\t\t\t<figcaption class='wp-caption-text gallery-caption' id='gallery-1-12153'>\n\t\t\t\tInauguraci\u00f3n de las obras de puesta en valor de la Casa Curutchet (\u00a9 Mario Retik)\n\t\t\t\t<\/figcaption><\/figure><figure class='gallery-item'>\n\t\t\t<div class='gallery-icon landscape'>\n\t\t\t\t<a href='https:\/\/www.arquimaster.com.ar\/web\/wp-content\/uploads\/2014\/12\/casa_curutchet_puesta_valor9.jpg' title=\"Inauguraci\u00f3n de las obras de puesta en valor de la Casa Curutchet (\u00a9 Mario Retik)\" data-rl_title=\"Inauguraci\u00f3n de las obras de puesta en valor de la Casa Curutchet (\u00a9 Mario Retik)\" class=\"rl-gallery-link\" data-rl_caption=\"Inauguraci\u00f3n de las obras de puesta en valor de la Casa Curutchet (\u00a9 Mario Retik)\" data-rel=\"lightbox-gallery-1\"><img loading=\"lazy\" decoding=\"async\" width=\"150\" height=\"150\" src=\"https:\/\/www.arquimaster.com.ar\/web\/wp-content\/uploads\/2014\/12\/casa_curutchet_puesta_valor9-150x150.jpg\" class=\"attachment-thumbnail size-thumbnail\" alt=\"\" aria-describedby=\"gallery-1-12154\" srcset=\"https:\/\/www.arquimaster.com.ar\/web\/wp-content\/uploads\/2014\/12\/casa_curutchet_puesta_valor9-150x150.jpg 150w, https:\/\/www.arquimaster.com.ar\/web\/wp-content\/uploads\/2014\/12\/casa_curutchet_puesta_valor9-50x50.jpg 50w, https:\/\/www.arquimaster.com.ar\/web\/wp-content\/uploads\/2014\/12\/casa_curutchet_puesta_valor9-125x125.jpg 125w\" sizes=\"auto, (max-width: 150px) 100vw, 150px\" \/><\/a>\n\t\t\t<\/div>\n\t\t\t\t<figcaption class='wp-caption-text gallery-caption' id='gallery-1-12154'>\n\t\t\t\tInauguraci\u00f3n de las obras de puesta en valor de la Casa Curutchet (\u00a9 Mario Retik)\n\t\t\t\t<\/figcaption><\/figure><figure class='gallery-item'>\n\t\t\t<div class='gallery-icon landscape'>\n\t\t\t\t<a href='https:\/\/www.arquimaster.com.ar\/web\/wp-content\/uploads\/2014\/12\/casa_curutchet_puesta_valor10.jpg' title=\"Inauguraci\u00f3n de las obras de puesta en valor de la Casa Curutchet (\u00a9 Mario Retik)\" data-rl_title=\"Inauguraci\u00f3n de las obras de puesta en valor de la Casa Curutchet (\u00a9 Mario Retik)\" class=\"rl-gallery-link\" data-rl_caption=\"Inauguraci\u00f3n de las obras de puesta en valor de la Casa Curutchet (\u00a9 Mario Retik)\" data-rel=\"lightbox-gallery-1\"><img loading=\"lazy\" decoding=\"async\" width=\"150\" height=\"150\" src=\"https:\/\/www.arquimaster.com.ar\/web\/wp-content\/uploads\/2014\/12\/casa_curutchet_puesta_valor10-150x150.jpg\" class=\"attachment-thumbnail size-thumbnail\" alt=\"\" aria-describedby=\"gallery-1-12155\" srcset=\"https:\/\/www.arquimaster.com.ar\/web\/wp-content\/uploads\/2014\/12\/casa_curutchet_puesta_valor10-150x150.jpg 150w, https:\/\/www.arquimaster.com.ar\/web\/wp-content\/uploads\/2014\/12\/casa_curutchet_puesta_valor10-50x50.jpg 50w, https:\/\/www.arquimaster.com.ar\/web\/wp-content\/uploads\/2014\/12\/casa_curutchet_puesta_valor10-125x125.jpg 125w\" sizes=\"auto, (max-width: 150px) 100vw, 150px\" \/><\/a>\n\t\t\t<\/div>\n\t\t\t\t<figcaption class='wp-caption-text gallery-caption' id='gallery-1-12155'>\n\t\t\t\tInauguraci\u00f3n de las obras de puesta en valor de la Casa Curutchet (\u00a9 Mario Retik)\n\t\t\t\t<\/figcaption><\/figure><figure class='gallery-item'>\n\t\t\t<div class='gallery-icon landscape'>\n\t\t\t\t<a href='https:\/\/www.arquimaster.com.ar\/web\/wp-content\/uploads\/2014\/12\/casa_curutchet_puesta_valor13.jpg' title=\"Inauguraci\u00f3n de las obras de puesta en valor de la Casa Curutchet (\u00a9 Mario Retik)\" data-rl_title=\"Inauguraci\u00f3n de las obras de puesta en valor de la Casa Curutchet (\u00a9 Mario Retik)\" class=\"rl-gallery-link\" data-rl_caption=\"Inauguraci\u00f3n de las obras de puesta en valor de la Casa Curutchet (\u00a9 Mario Retik)\" data-rel=\"lightbox-gallery-1\"><img loading=\"lazy\" decoding=\"async\" width=\"150\" height=\"150\" src=\"https:\/\/www.arquimaster.com.ar\/web\/wp-content\/uploads\/2014\/12\/casa_curutchet_puesta_valor13-150x150.jpg\" class=\"attachment-thumbnail size-thumbnail\" alt=\"\" aria-describedby=\"gallery-1-12158\" srcset=\"https:\/\/www.arquimaster.com.ar\/web\/wp-content\/uploads\/2014\/12\/casa_curutchet_puesta_valor13-150x150.jpg 150w, https:\/\/www.arquimaster.com.ar\/web\/wp-content\/uploads\/2014\/12\/casa_curutchet_puesta_valor13-50x50.jpg 50w, https:\/\/www.arquimaster.com.ar\/web\/wp-content\/uploads\/2014\/12\/casa_curutchet_puesta_valor13-125x125.jpg 125w\" sizes=\"auto, (max-width: 150px) 100vw, 150px\" \/><\/a>\n\t\t\t<\/div>\n\t\t\t\t<figcaption class='wp-caption-text gallery-caption' id='gallery-1-12158'>\n\t\t\t\tInauguraci\u00f3n de las obras de puesta en valor de la Casa Curutchet (\u00a9 Mario Retik)\n\t\t\t\t<\/figcaption><\/figure><figure class='gallery-item'>\n\t\t\t<div class='gallery-icon landscape'>\n\t\t\t\t<a href='https:\/\/www.arquimaster.com.ar\/web\/wp-content\/uploads\/2014\/12\/casa_curutchet_puesta_valor12.jpg' title=\"Inauguraci\u00f3n de las obras de puesta en valor de la Casa Curutchet (\u00a9 Mario Retik)\" data-rl_title=\"Inauguraci\u00f3n de las obras de puesta en valor de la Casa Curutchet (\u00a9 Mario Retik)\" class=\"rl-gallery-link\" data-rl_caption=\"Inauguraci\u00f3n de las obras de puesta en valor de la Casa Curutchet (\u00a9 Mario Retik)\" data-rel=\"lightbox-gallery-1\"><img loading=\"lazy\" decoding=\"async\" width=\"150\" height=\"150\" src=\"https:\/\/www.arquimaster.com.ar\/web\/wp-content\/uploads\/2014\/12\/casa_curutchet_puesta_valor12-150x150.jpg\" class=\"attachment-thumbnail size-thumbnail\" alt=\"\" aria-describedby=\"gallery-1-12157\" srcset=\"https:\/\/www.arquimaster.com.ar\/web\/wp-content\/uploads\/2014\/12\/casa_curutchet_puesta_valor12-150x150.jpg 150w, https:\/\/www.arquimaster.com.ar\/web\/wp-content\/uploads\/2014\/12\/casa_curutchet_puesta_valor12-50x50.jpg 50w, https:\/\/www.arquimaster.com.ar\/web\/wp-content\/uploads\/2014\/12\/casa_curutchet_puesta_valor12-125x125.jpg 125w\" sizes=\"auto, (max-width: 150px) 100vw, 150px\" \/><\/a>\n\t\t\t<\/div>\n\t\t\t\t<figcaption class='wp-caption-text gallery-caption' id='gallery-1-12157'>\n\t\t\t\tInauguraci\u00f3n de las obras de puesta en valor de la Casa Curutchet (\u00a9 Mario Retik)\n\t\t\t\t<\/figcaption><\/figure><figure class='gallery-item'>\n\t\t\t<div class='gallery-icon landscape'>\n\t\t\t\t<a href='https:\/\/www.arquimaster.com.ar\/web\/wp-content\/uploads\/2014\/12\/casa_curutchet_puesta_valor11.jpg' title=\"Inauguraci\u00f3n de las obras de puesta en valor de la Casa Curutchet (\u00a9 Mario Retik)\" data-rl_title=\"Inauguraci\u00f3n de las obras de puesta en valor de la Casa Curutchet (\u00a9 Mario Retik)\" class=\"rl-gallery-link\" data-rl_caption=\"Inauguraci\u00f3n de las obras de puesta en valor de la Casa Curutchet (\u00a9 Mario Retik)\" data-rel=\"lightbox-gallery-1\"><img loading=\"lazy\" decoding=\"async\" width=\"150\" height=\"150\" src=\"https:\/\/www.arquimaster.com.ar\/web\/wp-content\/uploads\/2014\/12\/casa_curutchet_puesta_valor11-150x150.jpg\" class=\"attachment-thumbnail size-thumbnail\" alt=\"\" aria-describedby=\"gallery-1-12156\" srcset=\"https:\/\/www.arquimaster.com.ar\/web\/wp-content\/uploads\/2014\/12\/casa_curutchet_puesta_valor11-150x150.jpg 150w, https:\/\/www.arquimaster.com.ar\/web\/wp-content\/uploads\/2014\/12\/casa_curutchet_puesta_valor11-50x50.jpg 50w, https:\/\/www.arquimaster.com.ar\/web\/wp-content\/uploads\/2014\/12\/casa_curutchet_puesta_valor11-125x125.jpg 125w\" sizes=\"auto, (max-width: 150px) 100vw, 150px\" \/><\/a>\n\t\t\t<\/div>\n\t\t\t\t<figcaption class='wp-caption-text gallery-caption' id='gallery-1-12156'>\n\t\t\t\tInauguraci\u00f3n de las obras de puesta en valor de la Casa Curutchet (\u00a9 Mario Retik)\n\t\t\t\t<\/figcaption><\/figure><figure class='gallery-item'>\n\t\t\t<div class='gallery-icon landscape'>\n\t\t\t\t<a href='https:\/\/www.arquimaster.com.ar\/web\/wp-content\/uploads\/2014\/12\/casa_curutchet_puesta_valor14.jpg' title=\"Inauguraci\u00f3n de las obras de puesta en valor de la Casa Curutchet (\u00a9 Mario Retik)\" data-rl_title=\"Inauguraci\u00f3n de las obras de puesta en valor de la Casa Curutchet (\u00a9 Mario Retik)\" class=\"rl-gallery-link\" data-rl_caption=\"Inauguraci\u00f3n de las obras de puesta en valor de la Casa Curutchet (\u00a9 Mario Retik)\" data-rel=\"lightbox-gallery-1\"><img loading=\"lazy\" decoding=\"async\" width=\"150\" height=\"150\" src=\"https:\/\/www.arquimaster.com.ar\/web\/wp-content\/uploads\/2014\/12\/casa_curutchet_puesta_valor14-150x150.jpg\" class=\"attachment-thumbnail size-thumbnail\" alt=\"\" aria-describedby=\"gallery-1-12159\" srcset=\"https:\/\/www.arquimaster.com.ar\/web\/wp-content\/uploads\/2014\/12\/casa_curutchet_puesta_valor14-150x150.jpg 150w, https:\/\/www.arquimaster.com.ar\/web\/wp-content\/uploads\/2014\/12\/casa_curutchet_puesta_valor14-50x50.jpg 50w, https:\/\/www.arquimaster.com.ar\/web\/wp-content\/uploads\/2014\/12\/casa_curutchet_puesta_valor14-125x125.jpg 125w\" sizes=\"auto, (max-width: 150px) 100vw, 150px\" \/><\/a>\n\t\t\t<\/div>\n\t\t\t\t<figcaption class='wp-caption-text gallery-caption' id='gallery-1-12159'>\n\t\t\t\tInauguraci\u00f3n de las obras de puesta en valor de la Casa Curutchet (\u00a9 Mario Retik)\n\t\t\t\t<\/figcaption><\/figure><figure class='gallery-item'>\n\t\t\t<div class='gallery-icon landscape'>\n\t\t\t\t<a href='https:\/\/www.arquimaster.com.ar\/web\/wp-content\/uploads\/2014\/12\/casa_curutchet_puesta_valor15.jpg' title=\"Inauguraci\u00f3n de las obras de puesta en valor de la Casa Curutchet (\u00a9 Mario Retik)\" data-rl_title=\"Inauguraci\u00f3n de las obras de puesta en valor de la Casa Curutchet (\u00a9 Mario Retik)\" class=\"rl-gallery-link\" data-rl_caption=\"Inauguraci\u00f3n de las obras de puesta en valor de la Casa Curutchet (\u00a9 Mario Retik)\" data-rel=\"lightbox-gallery-1\"><img loading=\"lazy\" decoding=\"async\" width=\"150\" height=\"150\" src=\"https:\/\/www.arquimaster.com.ar\/web\/wp-content\/uploads\/2014\/12\/casa_curutchet_puesta_valor15-150x150.jpg\" class=\"attachment-thumbnail size-thumbnail\" alt=\"\" aria-describedby=\"gallery-1-12160\" srcset=\"https:\/\/www.arquimaster.com.ar\/web\/wp-content\/uploads\/2014\/12\/casa_curutchet_puesta_valor15-150x150.jpg 150w, https:\/\/www.arquimaster.com.ar\/web\/wp-content\/uploads\/2014\/12\/casa_curutchet_puesta_valor15-50x50.jpg 50w, https:\/\/www.arquimaster.com.ar\/web\/wp-content\/uploads\/2014\/12\/casa_curutchet_puesta_valor15-125x125.jpg 125w\" sizes=\"auto, (max-width: 150px) 100vw, 150px\" \/><\/a>\n\t\t\t<\/div>\n\t\t\t\t<figcaption class='wp-caption-text gallery-caption' id='gallery-1-12160'>\n\t\t\t\tInauguraci\u00f3n de las obras de puesta en valor de la Casa Curutchet (\u00a9 Mario Retik)\n\t\t\t\t<\/figcaption><\/figure><figure class='gallery-item'>\n\t\t\t<div class='gallery-icon portrait'>\n\t\t\t\t<a href='https:\/\/www.arquimaster.com.ar\/web\/wp-content\/uploads\/2014\/12\/casa_curutchet_puesta_valor7.jpg' title=\"Inauguraci\u00f3n de las obras de puesta en valor de la Casa Curutchet (\u00a9 Mario Retik)\" data-rl_title=\"Inauguraci\u00f3n de las obras de puesta en valor de la Casa Curutchet (\u00a9 Mario Retik)\" class=\"rl-gallery-link\" data-rl_caption=\"Inauguraci\u00f3n de las obras de puesta en valor de la Casa Curutchet (\u00a9 Mario Retik)\" data-rel=\"lightbox-gallery-1\"><img loading=\"lazy\" decoding=\"async\" width=\"150\" height=\"150\" src=\"https:\/\/www.arquimaster.com.ar\/web\/wp-content\/uploads\/2014\/12\/casa_curutchet_puesta_valor7-150x150.jpg\" class=\"attachment-thumbnail size-thumbnail\" alt=\"\" aria-describedby=\"gallery-1-12151\" srcset=\"https:\/\/www.arquimaster.com.ar\/web\/wp-content\/uploads\/2014\/12\/casa_curutchet_puesta_valor7-150x150.jpg 150w, https:\/\/www.arquimaster.com.ar\/web\/wp-content\/uploads\/2014\/12\/casa_curutchet_puesta_valor7-50x50.jpg 50w, https:\/\/www.arquimaster.com.ar\/web\/wp-content\/uploads\/2014\/12\/casa_curutchet_puesta_valor7-125x125.jpg 125w\" sizes=\"auto, (max-width: 150px) 100vw, 150px\" \/><\/a>\n\t\t\t<\/div>\n\t\t\t\t<figcaption class='wp-caption-text gallery-caption' id='gallery-1-12151'>\n\t\t\t\tInauguraci\u00f3n de las obras de puesta en valor de la Casa Curutchet (\u00a9 Mario Retik)\n\t\t\t\t<\/figcaption><\/figure><figure class='gallery-item'>\n\t\t\t<div class='gallery-icon portrait'>\n\t\t\t\t<a href='https:\/\/www.arquimaster.com.ar\/web\/wp-content\/uploads\/2014\/12\/casa_curutchet_puesta_valor2.jpg' title=\"Inauguraci\u00f3n de las obras de puesta en valor de la Casa Curutchet\" data-rl_title=\"Inauguraci\u00f3n de las obras de puesta en valor de la Casa Curutchet\" class=\"rl-gallery-link\" data-rl_caption=\"Inauguraci\u00f3n de las obras de puesta en valor de la Casa Curutchet\" data-rel=\"lightbox-gallery-1\"><img loading=\"lazy\" decoding=\"async\" width=\"150\" height=\"150\" src=\"https:\/\/www.arquimaster.com.ar\/web\/wp-content\/uploads\/2014\/12\/casa_curutchet_puesta_valor2-150x150.jpg\" class=\"attachment-thumbnail size-thumbnail\" alt=\"\" aria-describedby=\"gallery-1-11975\" srcset=\"https:\/\/www.arquimaster.com.ar\/web\/wp-content\/uploads\/2014\/12\/casa_curutchet_puesta_valor2-150x150.jpg 150w, https:\/\/www.arquimaster.com.ar\/web\/wp-content\/uploads\/2014\/12\/casa_curutchet_puesta_valor2-50x50.jpg 50w, https:\/\/www.arquimaster.com.ar\/web\/wp-content\/uploads\/2014\/12\/casa_curutchet_puesta_valor2-125x125.jpg 125w\" sizes=\"auto, (max-width: 150px) 100vw, 150px\" \/><\/a>\n\t\t\t<\/div>\n\t\t\t\t<figcaption class='wp-caption-text gallery-caption' id='gallery-1-11975'>\n\t\t\t\tInauguraci\u00f3n de las obras de puesta en valor de la Casa Curutchet\n\t\t\t\t<\/figcaption><\/figure><figure class='gallery-item'>\n\t\t\t<div class='gallery-icon landscape'>\n\t\t\t\t<a href='https:\/\/www.arquimaster.com.ar\/web\/wp-content\/uploads\/2014\/12\/casa_curutchet_puesta_valor31.jpg' title=\"Inauguraci\u00f3n de las obras de puesta en valor de la Casa Curutchet\" data-rl_title=\"Inauguraci\u00f3n de las obras de puesta en valor de la Casa Curutchet\" class=\"rl-gallery-link\" data-rl_caption=\"Inauguraci\u00f3n de las obras de puesta en valor de la Casa Curutchet\" data-rel=\"lightbox-gallery-1\"><img loading=\"lazy\" decoding=\"async\" width=\"150\" height=\"150\" src=\"https:\/\/www.arquimaster.com.ar\/web\/wp-content\/uploads\/2014\/12\/casa_curutchet_puesta_valor31-150x150.jpg\" class=\"attachment-thumbnail size-thumbnail\" alt=\"\" aria-describedby=\"gallery-1-11979\" srcset=\"https:\/\/www.arquimaster.com.ar\/web\/wp-content\/uploads\/2014\/12\/casa_curutchet_puesta_valor31-150x150.jpg 150w, https:\/\/www.arquimaster.com.ar\/web\/wp-content\/uploads\/2014\/12\/casa_curutchet_puesta_valor31-50x50.jpg 50w, https:\/\/www.arquimaster.com.ar\/web\/wp-content\/uploads\/2014\/12\/casa_curutchet_puesta_valor31-125x125.jpg 125w\" sizes=\"auto, (max-width: 150px) 100vw, 150px\" \/><\/a>\n\t\t\t<\/div>\n\t\t\t\t<figcaption class='wp-caption-text gallery-caption' id='gallery-1-11979'>\n\t\t\t\tInauguraci\u00f3n de las obras de puesta en valor de la Casa Curutchet\n\t\t\t\t<\/figcaption><\/figure><figure class='gallery-item'>\n\t\t\t<div class='gallery-icon landscape'>\n\t\t\t\t<a href='https:\/\/www.arquimaster.com.ar\/web\/wp-content\/uploads\/2014\/12\/casa_curutchet_puesta_valor4.jpg' title=\"Inauguraci\u00f3n de las obras de puesta en valor de la Casa Curutchet\" data-rl_title=\"Inauguraci\u00f3n de las obras de puesta en valor de la Casa Curutchet\" class=\"rl-gallery-link\" data-rl_caption=\"Inauguraci\u00f3n de las obras de puesta en valor de la Casa Curutchet\" data-rel=\"lightbox-gallery-1\"><img loading=\"lazy\" decoding=\"async\" width=\"150\" height=\"150\" src=\"https:\/\/www.arquimaster.com.ar\/web\/wp-content\/uploads\/2014\/12\/casa_curutchet_puesta_valor4-150x150.jpg\" class=\"attachment-thumbnail size-thumbnail\" alt=\"\" aria-describedby=\"gallery-1-11977\" srcset=\"https:\/\/www.arquimaster.com.ar\/web\/wp-content\/uploads\/2014\/12\/casa_curutchet_puesta_valor4-150x150.jpg 150w, https:\/\/www.arquimaster.com.ar\/web\/wp-content\/uploads\/2014\/12\/casa_curutchet_puesta_valor4-50x50.jpg 50w, https:\/\/www.arquimaster.com.ar\/web\/wp-content\/uploads\/2014\/12\/casa_curutchet_puesta_valor4-125x125.jpg 125w\" sizes=\"auto, (max-width: 150px) 100vw, 150px\" \/><\/a>\n\t\t\t<\/div>\n\t\t\t\t<figcaption class='wp-caption-text gallery-caption' id='gallery-1-11977'>\n\t\t\t\tInauguraci\u00f3n de las obras de puesta en valor de la Casa Curutchet\n\t\t\t\t<\/figcaption><\/figure><figure class='gallery-item'>\n\t\t\t<div class='gallery-icon landscape'>\n\t\t\t\t<a href='https:\/\/www.arquimaster.com.ar\/web\/wp-content\/uploads\/2014\/12\/casa_curutchet_puesta_valor5.jpg' title=\"Inauguraci\u00f3n de las obras de puesta en valor de la Casa Curutchet\" data-rl_title=\"Inauguraci\u00f3n de las obras de puesta en valor de la Casa Curutchet\" class=\"rl-gallery-link\" data-rl_caption=\"Inauguraci\u00f3n de las obras de puesta en valor de la Casa Curutchet\" data-rel=\"lightbox-gallery-1\"><img loading=\"lazy\" decoding=\"async\" width=\"150\" height=\"150\" src=\"https:\/\/www.arquimaster.com.ar\/web\/wp-content\/uploads\/2014\/12\/casa_curutchet_puesta_valor5-150x150.jpg\" class=\"attachment-thumbnail size-thumbnail\" alt=\"\" aria-describedby=\"gallery-1-11978\" srcset=\"https:\/\/www.arquimaster.com.ar\/web\/wp-content\/uploads\/2014\/12\/casa_curutchet_puesta_valor5-150x150.jpg 150w, https:\/\/www.arquimaster.com.ar\/web\/wp-content\/uploads\/2014\/12\/casa_curutchet_puesta_valor5-50x50.jpg 50w, https:\/\/www.arquimaster.com.ar\/web\/wp-content\/uploads\/2014\/12\/casa_curutchet_puesta_valor5-125x125.jpg 125w\" sizes=\"auto, (max-width: 150px) 100vw, 150px\" \/><\/a>\n\t\t\t<\/div>\n\t\t\t\t<figcaption class='wp-caption-text gallery-caption' id='gallery-1-11978'>\n\t\t\t\tInauguraci\u00f3n de las obras de puesta en valor de la Casa Curutchet\n\t\t\t\t<\/figcaption><\/figure>\n\t\t<\/div>\n\n<p>Dentro del programa de apoyo a la cultura y el arte que lleva adelante la empresa de pinturas <strong>Tersuave<\/strong>, recientemente ha colaborado con la puesta en valor de una de las obras m\u00e1s importantes del patrimonio de la Arquitectura Moderna a nivel mundial. Se trata de la <strong>Casa Curutchet<\/strong>, que se termin\u00f3 de construir en 1955 en La Plata, bajo el dise\u00f1o del maestro suizo-franc\u00e9s <strong>Le Corbusier<\/strong>.<\/p>\n<p>Formando parte del proceso ininterrumpido de restauraci\u00f3n edilicia impulsado por el <strong>Colegio de Arquitectos de la Provincia de Buenos Aires<\/strong> -CAPBA-, quien administra el edificio desde el a\u00f1o 1992, se acaba de terminar la etapa de puesta en valor de todas las superficies de la vivienda. La empresa Tersuave particip\u00f3 con sus productos y asesoramiento t\u00e9cnico en esta obra que se llev\u00f3 a cabo en los \u00faltimos cinco meses.<\/p>\n<p>Con motivo de la finalizaci\u00f3n de las obras de la Casa Curutchet, se llev\u00f3 a cabo un evento con autoridades y referentes de la arquitectura. Participaron el Intendente de La Plata, Dr.<strong> Pablo Bruera<\/strong>, el C\u00f3nsul honorario de Francia en La Plata, <strong>Alejandro Lucchelli Bernard<\/strong>, los arquitectos <strong>Enrique Madia<\/strong> -experto y representante de ICOMOS Internacional-, <strong>Oscar Lorenti<\/strong> -socio del Estudio Testa- y <strong>Germ\u00e1n Carvajal<\/strong> -experto en color-. En representaci\u00f3n de los directivos de la empresa Tersuave particip\u00f3 <strong>Jorge Polo<\/strong> -Gerente de Marketing y Productos- y actu\u00f3 como principal anfitri\u00f3n el Director de la Casa Curutchet, Arq. <strong>Julio Santana<\/strong>.<\/p>\n<p><strong>Julio Santana<\/strong> se refiri\u00f3 a la estrategia de puesta en valor integral del edificio, que se lleva a cabo desde el comienzo de su gesti\u00f3n en 2010. <em>\u00abEl primer eje que desarrollamos pone el acento en la cuesti\u00f3n cultural de la Casa, entendida como el marco para distintas expresiones arquitect\u00f3nicas y de otras disciplinas art\u00edsticas como el cine, la fotograf\u00eda, las artes pl\u00e1sticas, el teatro y la danza. El eje edilicio aborda un proceso constante de puesta en valor. Actualmente se ha terminado la etapa de reparaci\u00f3n y pintura de todas las superficies, donde ha sido importante contar con el apoyo de la empresa Tersuave. Abarc\u00f3 un trabajo de limpieza, remoci\u00f3n y reparaci\u00f3n de las superficies interiores y exteriores de la Casa. Luego se realiz\u00f3 la imprimaci\u00f3n y preparaci\u00f3n de paredes y cielorrasos, para lo cual se recurri\u00f3 a productos espec\u00edficos de la firma para cada \u00e1rea. Respecto de las pinturas, se hicieron cateos de los colores enviados por la Fundaci\u00f3n Le Corbusier en la anterior puesta en valor que data del a\u00f1o 2003. Cabe destacar que tambi\u00e9n se realizaron en esta etapa obras como la rehabilitaci\u00f3n del s\u00f3tano y la zona de servicio de la casa, incluyendo el lavadero y el ba\u00f1o, y est\u00e1n por terminarse el garaje, que eran sitios sin acceso al p\u00fablico durante los \u00faltimos veinte a\u00f1os. En el pr\u00f3ximo a\u00f1o desarrollaremos el eje acad\u00e9mico con la creaci\u00f3n de un Centro de Documentaci\u00f3n Corbusiano en la Casa\u00bb<\/em>.<\/p>\n<p>El Intendente de la Ciudad de La Plata, Dr.<strong> Pablo Bruera<\/strong>, destac\u00f3 la colaboraci\u00f3n de Tersuave: <em>\u00abQueremos agradecerle a la empresa por dedicar tiempo, esfuerzo y dinero, d\u00e1ndonos la oportunidad de que nuestra Casa, que nos reconoce en el mundo, tenga una hermosa visibilidad. La Casa Curutchet recibe una cantidad enorme de turismo cultural, arquitect\u00f3nico, acad\u00e9mico y de investigaci\u00f3n. Creo que tenemos una enorme posibilidad de que esta obra de Le Corbusier tenga cada vez mayores reconocimientos internacionales\u00bb<\/em>.<\/p>\n<p>Respecto de este tema, el C\u00f3nsul honorario de Francia de La Plata, <strong>Alejandro Lucchelli Bernard<\/strong>, agreg\u00f3: <em>\u00abLa Casa Curutchet ha sido seleccionada por el gobierno franc\u00e9s entre otros edificios en seis pa\u00edses del mundo dise\u00f1ados por Le Corbusier, para su postulaci\u00f3n ante UNESCO como candidata a formar parte del Patrimonio de la Humanidad\u00bb<\/em>.<\/p>\n<p>El Arq. <strong>Enrique Madia<\/strong> -fundador de DOCOMOMO en Florida, EEUU, y representante de ICOMOS Internacional- expres\u00f3: <em>\u00abValoro la contribuci\u00f3n de Tersuave en el continuo proceso de puesta en valor de la Casa, que es muy emblem\u00e1tica en la historia de la arquitectura, ya que est\u00e1 catalogada entre las 15 mejores obras del Movimiento Moderno\u00bb<\/em>.<\/p>\n<p>Asimismo, <strong>Jorge Polo<\/strong> -Gerente de Marketing y Productos de Tersuave- explic\u00f3 la visi\u00f3n de la empresa: <em>\u00abQueremos contribuir con los gobiernos y las instituciones en la defensa del patrimonio edilicio. Tersuave viene trabajando desde hace a\u00f1os en todo el pa\u00eds, pintando bases en la Ant\u00e1rtida, faros y refugios del litoral mar\u00edtimo y fluvial argentino, en Buenos Aires en el Museo Nacional de Bellas Artes y en el barrio de La Boca, en Santa Fe en su Centro de Experimentaci\u00f3n del Color, o en varios museos de la Ciudad de Rosario, entre otras obras\u00bb<\/em>.<\/p>\n<p>Destaco tambi\u00e9n que <em>\u00abTersuave apoya a los eventos de la cultura arquitect\u00f3nica, siendo main sponsor de la XV Bienal Internacional de Arquitectura de Buenos Aires, que se llevar\u00e1 a cabo del en 2015 en el Centro Cultural Recoleta, edificio donde tambi\u00e9n hemos intervenido con nuestros productos. La preservaci\u00f3n del patrimonio es una forma de defender la historia de todos nosotros y en cada obra participamos con entusiasmo, orgullo y un fuerte esp\u00edritu de equipo\u00bb<\/em>.<\/p>\n<p><strong>Acerca del Centro Cultural Casa Curutchet<\/strong><br \/>\nLa Casa Curutchet est\u00e1 ubicada en la Calle 53 n\u00famero 320, entre la 1 y la 2, La Plata, y funciona como centro cultural y museo, administrada por el Colegio de Arquitectos de la Provincia de Buenos Aires -CAPB-. Los horarios de visita son de mi\u00e9rcoles a s\u00e1bado de 13 a 17 hs. Tel\u00e9fono: (0221) 4218032. Email: casacurutchet@capba.org.ar<\/p>\n<p><strong>Acerca de Tersuave<\/strong><br \/>\nTersuave es una compa\u00f1\u00eda argentina dedicada a la fabricaci\u00f3n y comercializaci\u00f3n de pinturas. Nace a fines de la d\u00e9cada del &#8217;50 con una planta industrial en Arg\u00fcello (Provincia de C\u00f3rdoba). Actualmente cuenta con una moderna planta industrial de pinturas l\u00edquidas de 15.000 m2 en Villa Mercedes, San Luis, en la que se fabrican los productos destinados a la l\u00ednea hogar y obra, como as\u00ed tambi\u00e9n los destinados al rubro automotor y a la industria. La empresa cuenta con sedes en C\u00f3rdoba, Rosario, Buenos Aires, Tucum\u00e1n y Mendoza. Desde 2001 Tersuave se encuentra certificada bajo la norma ISO 9001.<\/p>\n<p>Fotos de la Casa Curutchet por \u00a9 Mario Retik<\/p>\n\n<div style=\"font-size: 0px; height: 0px; line-height: 0px; margin: 0; padding: 0; clear: both;\"><\/div><div style=\"margin-top: 0px; margin-bottom: 0px;\" class=\"sharethis-inline-share-buttons\" ><\/div>","protected":false},"excerpt":{"rendered":"<p>La Casa Curutchet es la \u00fanica vivienda que proyect\u00f3 Le Corbusier en America&#8230;<\/p>\n","protected":false},"author":1,"featured_media":11973,"comment_status":"closed","ping_status":"closed","sticky":false,"template":"","format":"standard","meta":{"_uag_custom_page_level_css":"","footnotes":""},"categories":[70,68],"tags":[719,2948,1952,303,2949,609],"class_list":["post-11972","post","type-post","status-publish","format-standard","has-post-thumbnail","hentry","category-noticias-arquitectura","category-novedades","tag-capba","tag-casa-curutchet","tag-colegio-de-arquitectos-de-la-provincia-de-buenos-aires","tag-la-plata","tag-le-corbusier","tag-tersuave","generate-columns","tablet-grid-50","mobile-grid-100","grid-parent","grid-50"],"yoast_head":"<!-- This site is optimized with the Yoast SEO plugin v27.3 - https:\/\/yoast.com\/product\/yoast-seo-wordpress\/ -->\n<title>Inauguraci\u00f3n de las obras de puesta en valor de la Casa Curutchet - Arquimaster<\/title>\n<meta name=\"robots\" content=\"index, follow, max-snippet:-1, max-image-preview:large, max-video-preview:-1\" \/>\n<link rel=\"canonical\" href=\"https:\/\/www.arquimaster.com.ar\/web\/inauguracion-de-las-obras-de-puesta-en-valor-de-la-casa-curutchet\/\" \/>\n<meta property=\"og:locale\" content=\"es_ES\" \/>\n<meta property=\"og:type\" content=\"article\" \/>\n<meta property=\"og:title\" content=\"Inauguraci\u00f3n de las obras de puesta en valor de la Casa Curutchet - Arquimaster\" \/>\n<meta property=\"og:description\" content=\"La Casa Curutchet es la \u00fanica vivienda que proyect\u00f3 Le Corbusier en America...\" \/>\n<meta property=\"og:url\" content=\"https:\/\/www.arquimaster.com.ar\/web\/inauguracion-de-las-obras-de-puesta-en-valor-de-la-casa-curutchet\/\" \/>\n<meta property=\"og:site_name\" content=\"Arquimaster\" \/>\n<meta property=\"article:publisher\" content=\"http:\/\/www.facebook.com\/ARQUIMASTER.com.ar\" \/>\n<meta property=\"article:published_time\" content=\"2014-12-24T17:34:44+00:00\" \/>\n<meta property=\"article:modified_time\" content=\"2026-03-27T20:10:45+00:00\" \/>\n<meta property=\"og:image\" content=\"https:\/\/www.arquimaster.com.ar\/web\/wp-content\/uploads\/2014\/12\/casa_curutchet_puesta_valor_slide.jpg\" \/>\n\t<meta property=\"og:image:width\" content=\"642\" \/>\n\t<meta property=\"og:image:height\" content=\"336\" \/>\n\t<meta property=\"og:image:type\" content=\"image\/jpeg\" \/>\n<meta name=\"author\" content=\"Arquimaster\" \/>\n<meta name=\"twitter:card\" content=\"summary_large_image\" \/>\n<meta name=\"twitter:creator\" content=\"@arquimaster\" \/>\n<meta name=\"twitter:site\" content=\"@arquimaster\" \/>\n<meta name=\"twitter:label1\" content=\"Escrito por\" \/>\n\t<meta name=\"twitter:data1\" content=\"Arquimaster\" \/>\n\t<meta name=\"twitter:label2\" content=\"Tiempo de lectura\" \/>\n\t<meta name=\"twitter:data2\" content=\"6 minutos\" \/>\n<script type=\"application\/ld+json\" class=\"yoast-schema-graph\">{\"@context\":\"https:\\\/\\\/schema.org\",\"@graph\":[{\"@type\":\"Article\",\"@id\":\"https:\\\/\\\/www.arquimaster.com.ar\\\/web\\\/inauguracion-de-las-obras-de-puesta-en-valor-de-la-casa-curutchet\\\/#article\",\"isPartOf\":{\"@id\":\"https:\\\/\\\/www.arquimaster.com.ar\\\/web\\\/inauguracion-de-las-obras-de-puesta-en-valor-de-la-casa-curutchet\\\/\"},\"author\":{\"name\":\"Arquimaster\",\"@id\":\"https:\\\/\\\/www.arquimaster.com.ar\\\/web\\\/#\\\/schema\\\/person\\\/359e9f7c00193fcde068e0dd2ceb0028\"},\"headline\":\"Inauguraci\u00f3n de las obras de puesta en valor de la Casa Curutchet\",\"datePublished\":\"2014-12-24T17:34:44+00:00\",\"dateModified\":\"2026-03-27T20:10:45+00:00\",\"mainEntityOfPage\":{\"@id\":\"https:\\\/\\\/www.arquimaster.com.ar\\\/web\\\/inauguracion-de-las-obras-de-puesta-en-valor-de-la-casa-curutchet\\\/\"},\"wordCount\":1185,\"publisher\":{\"@id\":\"https:\\\/\\\/www.arquimaster.com.ar\\\/web\\\/#organization\"},\"image\":{\"@id\":\"https:\\\/\\\/www.arquimaster.com.ar\\\/web\\\/inauguracion-de-las-obras-de-puesta-en-valor-de-la-casa-curutchet\\\/#primaryimage\"},\"thumbnailUrl\":\"https:\\\/\\\/www.arquimaster.com.ar\\\/web\\\/wp-content\\\/uploads\\\/2014\\\/12\\\/casa_curutchet_puesta_valor_slide.jpg\",\"keywords\":[\"CAPBA\",\"Casa Curutchet\",\"Colegio de Arquitectos de la Provincia de Buenos Aires\",\"La Plata\",\"Le Corbusier\",\"Tersuave\"],\"articleSection\":[\"Noticias de arquitectura y dise\u00f1o\",\"Novedades\"],\"inLanguage\":\"es\"},{\"@type\":\"WebPage\",\"@id\":\"https:\\\/\\\/www.arquimaster.com.ar\\\/web\\\/inauguracion-de-las-obras-de-puesta-en-valor-de-la-casa-curutchet\\\/\",\"url\":\"https:\\\/\\\/www.arquimaster.com.ar\\\/web\\\/inauguracion-de-las-obras-de-puesta-en-valor-de-la-casa-curutchet\\\/\",\"name\":\"Inauguraci\u00f3n de las obras de puesta en valor de la Casa Curutchet - Arquimaster\",\"isPartOf\":{\"@id\":\"https:\\\/\\\/www.arquimaster.com.ar\\\/web\\\/#website\"},\"primaryImageOfPage\":{\"@id\":\"https:\\\/\\\/www.arquimaster.com.ar\\\/web\\\/inauguracion-de-las-obras-de-puesta-en-valor-de-la-casa-curutchet\\\/#primaryimage\"},\"image\":{\"@id\":\"https:\\\/\\\/www.arquimaster.com.ar\\\/web\\\/inauguracion-de-las-obras-de-puesta-en-valor-de-la-casa-curutchet\\\/#primaryimage\"},\"thumbnailUrl\":\"https:\\\/\\\/www.arquimaster.com.ar\\\/web\\\/wp-content\\\/uploads\\\/2014\\\/12\\\/casa_curutchet_puesta_valor_slide.jpg\",\"datePublished\":\"2014-12-24T17:34:44+00:00\",\"dateModified\":\"2026-03-27T20:10:45+00:00\",\"breadcrumb\":{\"@id\":\"https:\\\/\\\/www.arquimaster.com.ar\\\/web\\\/inauguracion-de-las-obras-de-puesta-en-valor-de-la-casa-curutchet\\\/#breadcrumb\"},\"inLanguage\":\"es\",\"potentialAction\":[{\"@type\":\"ReadAction\",\"target\":[\"https:\\\/\\\/www.arquimaster.com.ar\\\/web\\\/inauguracion-de-las-obras-de-puesta-en-valor-de-la-casa-curutchet\\\/\"]}]},{\"@type\":\"ImageObject\",\"inLanguage\":\"es\",\"@id\":\"https:\\\/\\\/www.arquimaster.com.ar\\\/web\\\/inauguracion-de-las-obras-de-puesta-en-valor-de-la-casa-curutchet\\\/#primaryimage\",\"url\":\"https:\\\/\\\/www.arquimaster.com.ar\\\/web\\\/wp-content\\\/uploads\\\/2014\\\/12\\\/casa_curutchet_puesta_valor_slide.jpg\",\"contentUrl\":\"https:\\\/\\\/www.arquimaster.com.ar\\\/web\\\/wp-content\\\/uploads\\\/2014\\\/12\\\/casa_curutchet_puesta_valor_slide.jpg\",\"width\":642,\"height\":336},{\"@type\":\"BreadcrumbList\",\"@id\":\"https:\\\/\\\/www.arquimaster.com.ar\\\/web\\\/inauguracion-de-las-obras-de-puesta-en-valor-de-la-casa-curutchet\\\/#breadcrumb\",\"itemListElement\":[{\"@type\":\"ListItem\",\"position\":1,\"name\":\"Portada\",\"item\":\"https:\\\/\\\/www.arquimaster.com.ar\\\/web\\\/\"},{\"@type\":\"ListItem\",\"position\":2,\"name\":\"Inauguraci\u00f3n de las obras de puesta en valor de la Casa Curutchet\"}]},{\"@type\":\"WebSite\",\"@id\":\"https:\\\/\\\/www.arquimaster.com.ar\\\/web\\\/#website\",\"url\":\"https:\\\/\\\/www.arquimaster.com.ar\\\/web\\\/\",\"name\":\"Arquimaster\",\"description\":\"Web de arquitectura, dise\u00f1o y construccion\",\"publisher\":{\"@id\":\"https:\\\/\\\/www.arquimaster.com.ar\\\/web\\\/#organization\"},\"potentialAction\":[{\"@type\":\"SearchAction\",\"target\":{\"@type\":\"EntryPoint\",\"urlTemplate\":\"https:\\\/\\\/www.arquimaster.com.ar\\\/web\\\/?s={search_term_string}\"},\"query-input\":{\"@type\":\"PropertyValueSpecification\",\"valueRequired\":true,\"valueName\":\"search_term_string\"}}],\"inLanguage\":\"es\"},{\"@type\":\"Organization\",\"@id\":\"https:\\\/\\\/www.arquimaster.com.ar\\\/web\\\/#organization\",\"name\":\"Arquimaster\",\"url\":\"https:\\\/\\\/www.arquimaster.com.ar\\\/web\\\/\",\"logo\":{\"@type\":\"ImageObject\",\"inLanguage\":\"es\",\"@id\":\"https:\\\/\\\/www.arquimaster.com.ar\\\/web\\\/#\\\/schema\\\/logo\\\/image\\\/\",\"url\":\"https:\\\/\\\/www.arquimaster.com.ar\\\/web\\\/wp-content\\\/uploads\\\/2022\\\/06\\\/arquimaster.png\",\"contentUrl\":\"https:\\\/\\\/www.arquimaster.com.ar\\\/web\\\/wp-content\\\/uploads\\\/2022\\\/06\\\/arquimaster.png\",\"width\":594,\"height\":78,\"caption\":\"Arquimaster\"},\"image\":{\"@id\":\"https:\\\/\\\/www.arquimaster.com.ar\\\/web\\\/#\\\/schema\\\/logo\\\/image\\\/\"},\"sameAs\":[\"http:\\\/\\\/www.facebook.com\\\/ARQUIMASTER.com.ar\",\"https:\\\/\\\/x.com\\\/arquimaster\",\"https:\\\/\\\/www.instagram.com\\\/arquimasterblog\\\/\",\"https:\\\/\\\/www.linkedin.com\\\/company\\\/arquimaster\",\"https:\\\/\\\/www.pinterest.com\\\/arquimaster\",\"https:\\\/\\\/t.me\\\/arquimaster\"]},{\"@type\":\"Person\",\"@id\":\"https:\\\/\\\/www.arquimaster.com.ar\\\/web\\\/#\\\/schema\\\/person\\\/359e9f7c00193fcde068e0dd2ceb0028\",\"name\":\"Arquimaster\"}]}<\/script>\n<!-- \/ Yoast SEO plugin. -->","yoast_head_json":{"title":"Inauguraci\u00f3n de las obras de puesta en valor de la Casa Curutchet - Arquimaster","robots":{"index":"index","follow":"follow","max-snippet":"max-snippet:-1","max-image-preview":"max-image-preview:large","max-video-preview":"max-video-preview:-1"},"canonical":"https:\/\/www.arquimaster.com.ar\/web\/inauguracion-de-las-obras-de-puesta-en-valor-de-la-casa-curutchet\/","og_locale":"es_ES","og_type":"article","og_title":"Inauguraci\u00f3n de las obras de puesta en valor de la Casa Curutchet - Arquimaster","og_description":"La Casa Curutchet es la \u00fanica vivienda que proyect\u00f3 Le Corbusier en America...","og_url":"https:\/\/www.arquimaster.com.ar\/web\/inauguracion-de-las-obras-de-puesta-en-valor-de-la-casa-curutchet\/","og_site_name":"Arquimaster","article_publisher":"http:\/\/www.facebook.com\/ARQUIMASTER.com.ar","article_published_time":"2014-12-24T17:34:44+00:00","article_modified_time":"2026-03-27T20:10:45+00:00","og_image":[{"width":642,"height":336,"url":"https:\/\/www.arquimaster.com.ar\/web\/wp-content\/uploads\/2014\/12\/casa_curutchet_puesta_valor_slide.jpg","type":"image\/jpeg"}],"author":"Arquimaster","twitter_card":"summary_large_image","twitter_creator":"@arquimaster","twitter_site":"@arquimaster","twitter_misc":{"Escrito por":"Arquimaster","Tiempo de lectura":"6 minutos"},"schema":{"@context":"https:\/\/schema.org","@graph":[{"@type":"Article","@id":"https:\/\/www.arquimaster.com.ar\/web\/inauguracion-de-las-obras-de-puesta-en-valor-de-la-casa-curutchet\/#article","isPartOf":{"@id":"https:\/\/www.arquimaster.com.ar\/web\/inauguracion-de-las-obras-de-puesta-en-valor-de-la-casa-curutchet\/"},"author":{"name":"Arquimaster","@id":"https:\/\/www.arquimaster.com.ar\/web\/#\/schema\/person\/359e9f7c00193fcde068e0dd2ceb0028"},"headline":"Inauguraci\u00f3n de las obras de puesta en valor de la Casa Curutchet","datePublished":"2014-12-24T17:34:44+00:00","dateModified":"2026-03-27T20:10:45+00:00","mainEntityOfPage":{"@id":"https:\/\/www.arquimaster.com.ar\/web\/inauguracion-de-las-obras-de-puesta-en-valor-de-la-casa-curutchet\/"},"wordCount":1185,"publisher":{"@id":"https:\/\/www.arquimaster.com.ar\/web\/#organization"},"image":{"@id":"https:\/\/www.arquimaster.com.ar\/web\/inauguracion-de-las-obras-de-puesta-en-valor-de-la-casa-curutchet\/#primaryimage"},"thumbnailUrl":"https:\/\/www.arquimaster.com.ar\/web\/wp-content\/uploads\/2014\/12\/casa_curutchet_puesta_valor_slide.jpg","keywords":["CAPBA","Casa Curutchet","Colegio de Arquitectos de la Provincia de Buenos Aires","La Plata","Le Corbusier","Tersuave"],"articleSection":["Noticias de arquitectura y dise\u00f1o","Novedades"],"inLanguage":"es"},{"@type":"WebPage","@id":"https:\/\/www.arquimaster.com.ar\/web\/inauguracion-de-las-obras-de-puesta-en-valor-de-la-casa-curutchet\/","url":"https:\/\/www.arquimaster.com.ar\/web\/inauguracion-de-las-obras-de-puesta-en-valor-de-la-casa-curutchet\/","name":"Inauguraci\u00f3n de las obras de puesta en valor de la Casa Curutchet - Arquimaster","isPartOf":{"@id":"https:\/\/www.arquimaster.com.ar\/web\/#website"},"primaryImageOfPage":{"@id":"https:\/\/www.arquimaster.com.ar\/web\/inauguracion-de-las-obras-de-puesta-en-valor-de-la-casa-curutchet\/#primaryimage"},"image":{"@id":"https:\/\/www.arquimaster.com.ar\/web\/inauguracion-de-las-obras-de-puesta-en-valor-de-la-casa-curutchet\/#primaryimage"},"thumbnailUrl":"https:\/\/www.arquimaster.com.ar\/web\/wp-content\/uploads\/2014\/12\/casa_curutchet_puesta_valor_slide.jpg","datePublished":"2014-12-24T17:34:44+00:00","dateModified":"2026-03-27T20:10:45+00:00","breadcrumb":{"@id":"https:\/\/www.arquimaster.com.ar\/web\/inauguracion-de-las-obras-de-puesta-en-valor-de-la-casa-curutchet\/#breadcrumb"},"inLanguage":"es","potentialAction":[{"@type":"ReadAction","target":["https:\/\/www.arquimaster.com.ar\/web\/inauguracion-de-las-obras-de-puesta-en-valor-de-la-casa-curutchet\/"]}]},{"@type":"ImageObject","inLanguage":"es","@id":"https:\/\/www.arquimaster.com.ar\/web\/inauguracion-de-las-obras-de-puesta-en-valor-de-la-casa-curutchet\/#primaryimage","url":"https:\/\/www.arquimaster.com.ar\/web\/wp-content\/uploads\/2014\/12\/casa_curutchet_puesta_valor_slide.jpg","contentUrl":"https:\/\/www.arquimaster.com.ar\/web\/wp-content\/uploads\/2014\/12\/casa_curutchet_puesta_valor_slide.jpg","width":642,"height":336},{"@type":"BreadcrumbList","@id":"https:\/\/www.arquimaster.com.ar\/web\/inauguracion-de-las-obras-de-puesta-en-valor-de-la-casa-curutchet\/#breadcrumb","itemListElement":[{"@type":"ListItem","position":1,"name":"Portada","item":"https:\/\/www.arquimaster.com.ar\/web\/"},{"@type":"ListItem","position":2,"name":"Inauguraci\u00f3n de las obras de puesta en valor de la Casa Curutchet"}]},{"@type":"WebSite","@id":"https:\/\/www.arquimaster.com.ar\/web\/#website","url":"https:\/\/www.arquimaster.com.ar\/web\/","name":"Arquimaster","description":"Web de arquitectura, dise\u00f1o y construccion","publisher":{"@id":"https:\/\/www.arquimaster.com.ar\/web\/#organization"},"potentialAction":[{"@type":"SearchAction","target":{"@type":"EntryPoint","urlTemplate":"https:\/\/www.arquimaster.com.ar\/web\/?s={search_term_string}"},"query-input":{"@type":"PropertyValueSpecification","valueRequired":true,"valueName":"search_term_string"}}],"inLanguage":"es"},{"@type":"Organization","@id":"https:\/\/www.arquimaster.com.ar\/web\/#organization","name":"Arquimaster","url":"https:\/\/www.arquimaster.com.ar\/web\/","logo":{"@type":"ImageObject","inLanguage":"es","@id":"https:\/\/www.arquimaster.com.ar\/web\/#\/schema\/logo\/image\/","url":"https:\/\/www.arquimaster.com.ar\/web\/wp-content\/uploads\/2022\/06\/arquimaster.png","contentUrl":"https:\/\/www.arquimaster.com.ar\/web\/wp-content\/uploads\/2022\/06\/arquimaster.png","width":594,"height":78,"caption":"Arquimaster"},"image":{"@id":"https:\/\/www.arquimaster.com.ar\/web\/#\/schema\/logo\/image\/"},"sameAs":["http:\/\/www.facebook.com\/ARQUIMASTER.com.ar","https:\/\/x.com\/arquimaster","https:\/\/www.instagram.com\/arquimasterblog\/","https:\/\/www.linkedin.com\/company\/arquimaster","https:\/\/www.pinterest.com\/arquimaster","https:\/\/t.me\/arquimaster"]},{"@type":"Person","@id":"https:\/\/www.arquimaster.com.ar\/web\/#\/schema\/person\/359e9f7c00193fcde068e0dd2ceb0028","name":"Arquimaster"}]}},"uagb_featured_image_src":{"full":["https:\/\/www.arquimaster.com.ar\/web\/wp-content\/uploads\/2014\/12\/casa_curutchet_puesta_valor_slide.jpg",642,336,false],"thumbnail":["https:\/\/www.arquimaster.com.ar\/web\/wp-content\/uploads\/2014\/12\/casa_curutchet_puesta_valor_slide-150x150.jpg",150,150,true],"medium":["https:\/\/www.arquimaster.com.ar\/web\/wp-content\/uploads\/2014\/12\/casa_curutchet_puesta_valor_slide-300x157.jpg",300,157,true],"medium_large":["https:\/\/www.arquimaster.com.ar\/web\/wp-content\/uploads\/2014\/12\/casa_curutchet_puesta_valor_slide.jpg",642,336,false],"large":["https:\/\/www.arquimaster.com.ar\/web\/wp-content\/uploads\/2014\/12\/casa_curutchet_puesta_valor_slide.jpg",642,336,false],"1536x1536":["https:\/\/www.arquimaster.com.ar\/web\/wp-content\/uploads\/2014\/12\/casa_curutchet_puesta_valor_slide.jpg",642,336,false],"2048x2048":["https:\/\/www.arquimaster.com.ar\/web\/wp-content\/uploads\/2014\/12\/casa_curutchet_puesta_valor_slide.jpg",642,336,false]},"uagb_author_info":{"display_name":"Arquimaster","author_link":"https:\/\/www.arquimaster.com.ar\/web\/author\/arquimaster\/"},"uagb_comment_info":0,"uagb_excerpt":"La Casa Curutchet es la \u00fanica vivienda que proyect\u00f3 Le Corbusier en America...","_links":{"self":[{"href":"https:\/\/www.arquimaster.com.ar\/web\/wp-json\/wp\/v2\/posts\/11972","targetHints":{"allow":["GET"]}}],"collection":[{"href":"https:\/\/www.arquimaster.com.ar\/web\/wp-json\/wp\/v2\/posts"}],"about":[{"href":"https:\/\/www.arquimaster.com.ar\/web\/wp-json\/wp\/v2\/types\/post"}],"author":[{"embeddable":true,"href":"https:\/\/www.arquimaster.com.ar\/web\/wp-json\/wp\/v2\/users\/1"}],"replies":[{"embeddable":true,"href":"https:\/\/www.arquimaster.com.ar\/web\/wp-json\/wp\/v2\/comments?post=11972"}],"version-history":[{"count":1,"href":"https:\/\/www.arquimaster.com.ar\/web\/wp-json\/wp\/v2\/posts\/11972\/revisions"}],"predecessor-version":[{"id":87772,"href":"https:\/\/www.arquimaster.com.ar\/web\/wp-json\/wp\/v2\/posts\/11972\/revisions\/87772"}],"wp:featuredmedia":[{"embeddable":true,"href":"https:\/\/www.arquimaster.com.ar\/web\/wp-json\/wp\/v2\/media\/11973"}],"wp:attachment":[{"href":"https:\/\/www.arquimaster.com.ar\/web\/wp-json\/wp\/v2\/media?parent=11972"}],"wp:term":[{"taxonomy":"category","embeddable":true,"href":"https:\/\/www.arquimaster.com.ar\/web\/wp-json\/wp\/v2\/categories?post=11972"},{"taxonomy":"post_tag","embeddable":true,"href":"https:\/\/www.arquimaster.com.ar\/web\/wp-json\/wp\/v2\/tags?post=11972"}],"curies":[{"name":"wp","href":"https:\/\/api.w.org\/{rel}","templated":true}]}}