{"id":12318,"date":"2015-01-09T14:14:08","date_gmt":"2015-01-09T14:14:08","guid":{"rendered":"http:\/\/www.arquimaster.com.ar\/web\/?p=12318"},"modified":"2015-01-09T14:14:08","modified_gmt":"2015-01-09T14:14:08","slug":"casa-datri-dasa-mavarq-marco-velazquez","status":"publish","type":"post","link":"https:\/\/www.arquimaster.com.ar\/web\/casa-datri-dasa-mavarq-marco-velazquez\/","title":{"rendered":"Casa DATRI &#038; DASA \/ [mavarq] Marco Vel\u00e1zquez"},"content":{"rendered":"<div style=\"margin-top: 0px; margin-bottom: 0px;\" class=\"sharethis-inline-share-buttons\" ><\/div><div class=\"b812932af2e751442846f039925109de\" data-index=\"1\" style=\"float: none; margin:25px 0 25px 0; text-align:center;\">\n<script async src=\"https:\/\/pagead2.googlesyndication.com\/pagead\/js\/adsbygoogle.js\"><\/script>\r\n<!-- Arquimaster (superior) -->\r\n<ins class=\"adsbygoogle\"\r\n     style=\"display:block\"\r\n     data-ad-client=\"ca-pub-6351072698456832\"\r\n     data-ad-slot=\"6455489680\"\r\n     data-ad-format=\"auto\"\r\n     data-full-width-responsive=\"true\"><\/ins>\r\n<script>\r\n     (adsbygoogle = window.adsbygoogle || []).push({});\r\n<\/script>\n<\/div>\n<p><strong>Casa DATRI &amp; DASA<\/strong> (Amanali, Tepeji del Rio, M\u00e9xico) por <strong>[mavarq] Marco Vel\u00e1zquez Arquitecto<\/strong>. Un conjunto de dos casas ubicadas en Club de golf y n\u00e1utico Amanali, en la ciudad de Tepeji del Rio, Hidalgo. A 45 minutos de la ciudad de M\u00e9xico.<\/p>\n<div id='gallery-1' class='gallery galleryid-12318 gallery-columns-3 gallery-size-thumbnail'><figure class='gallery-item'>\n\t\t\t<div class='gallery-icon landscape'>\n\t\t\t\t<a href='https:\/\/www.arquimaster.com.ar\/web\/wp-content\/uploads\/2015\/01\/casa_datri_dasa1.jpg' title=\"Casa DATRI &amp; DASA \/ [mavarq] Marco Vel\u00e1zquez (\u00a9 Jaime Navarro)\" data-rl_title=\"Casa DATRI &amp; DASA \/ [mavarq] Marco Vel\u00e1zquez (\u00a9 Jaime Navarro)\" class=\"rl-gallery-link\" data-rl_caption=\"Casa DATRI &amp; DASA \/ [mavarq] Marco Vel\u00e1zquez (\u00a9 Jaime Navarro)\" data-rel=\"lightbox-gallery-1\"><img loading=\"lazy\" decoding=\"async\" width=\"150\" height=\"150\" src=\"https:\/\/www.arquimaster.com.ar\/web\/wp-content\/uploads\/2015\/01\/casa_datri_dasa1-150x150.jpg\" class=\"attachment-thumbnail size-thumbnail\" alt=\"\" aria-describedby=\"gallery-1-12320\" srcset=\"https:\/\/www.arquimaster.com.ar\/web\/wp-content\/uploads\/2015\/01\/casa_datri_dasa1-150x150.jpg 150w, https:\/\/www.arquimaster.com.ar\/web\/wp-content\/uploads\/2015\/01\/casa_datri_dasa1-50x50.jpg 50w, https:\/\/www.arquimaster.com.ar\/web\/wp-content\/uploads\/2015\/01\/casa_datri_dasa1-125x125.jpg 125w\" sizes=\"auto, (max-width: 150px) 100vw, 150px\" \/><\/a>\n\t\t\t<\/div>\n\t\t\t\t<figcaption class='wp-caption-text gallery-caption' id='gallery-1-12320'>\n\t\t\t\tCasa DATRI &#038; DASA \/ [mavarq] Marco Vel\u00e1zquez (\u00a9 Jaime Navarro)\n\t\t\t\t<\/figcaption><\/figure><figure class='gallery-item'>\n\t\t\t<div class='gallery-icon landscape'>\n\t\t\t\t<a href='https:\/\/www.arquimaster.com.ar\/web\/wp-content\/uploads\/2015\/01\/casa_datri_dasa2.jpg' title=\"Casa DATRI &amp; DASA \/ [mavarq] Marco Vel\u00e1zquez (\u00a9 Jaime Navarro)\" data-rl_title=\"Casa DATRI &amp; DASA \/ [mavarq] Marco Vel\u00e1zquez (\u00a9 Jaime Navarro)\" class=\"rl-gallery-link\" data-rl_caption=\"Casa DATRI &amp; DASA \/ [mavarq] Marco Vel\u00e1zquez (\u00a9 Jaime Navarro)\" data-rel=\"lightbox-gallery-1\"><img loading=\"lazy\" decoding=\"async\" width=\"150\" height=\"150\" src=\"https:\/\/www.arquimaster.com.ar\/web\/wp-content\/uploads\/2015\/01\/casa_datri_dasa2-150x150.jpg\" class=\"attachment-thumbnail size-thumbnail\" alt=\"\" aria-describedby=\"gallery-1-12321\" srcset=\"https:\/\/www.arquimaster.com.ar\/web\/wp-content\/uploads\/2015\/01\/casa_datri_dasa2-150x150.jpg 150w, https:\/\/www.arquimaster.com.ar\/web\/wp-content\/uploads\/2015\/01\/casa_datri_dasa2-50x50.jpg 50w, https:\/\/www.arquimaster.com.ar\/web\/wp-content\/uploads\/2015\/01\/casa_datri_dasa2-125x125.jpg 125w\" sizes=\"auto, (max-width: 150px) 100vw, 150px\" \/><\/a>\n\t\t\t<\/div>\n\t\t\t\t<figcaption class='wp-caption-text gallery-caption' id='gallery-1-12321'>\n\t\t\t\tCasa DATRI &#038; DASA \/ [mavarq] Marco Vel\u00e1zquez (\u00a9 Jaime Navarro)\n\t\t\t\t<\/figcaption><\/figure><figure class='gallery-item'>\n\t\t\t<div class='gallery-icon landscape'>\n\t\t\t\t<a href='https:\/\/www.arquimaster.com.ar\/web\/wp-content\/uploads\/2015\/01\/casa_datri_dasa3.jpg' title=\"Casa DATRI &amp; DASA \/ [mavarq] Marco Vel\u00e1zquez (\u00a9 Jaime Navarro)\" data-rl_title=\"Casa DATRI &amp; DASA \/ [mavarq] Marco Vel\u00e1zquez (\u00a9 Jaime Navarro)\" class=\"rl-gallery-link\" data-rl_caption=\"Casa DATRI &amp; DASA \/ [mavarq] Marco Vel\u00e1zquez (\u00a9 Jaime Navarro)\" data-rel=\"lightbox-gallery-1\"><img loading=\"lazy\" decoding=\"async\" width=\"150\" height=\"150\" src=\"https:\/\/www.arquimaster.com.ar\/web\/wp-content\/uploads\/2015\/01\/casa_datri_dasa3-150x150.jpg\" class=\"attachment-thumbnail size-thumbnail\" alt=\"\" aria-describedby=\"gallery-1-12322\" srcset=\"https:\/\/www.arquimaster.com.ar\/web\/wp-content\/uploads\/2015\/01\/casa_datri_dasa3-150x150.jpg 150w, https:\/\/www.arquimaster.com.ar\/web\/wp-content\/uploads\/2015\/01\/casa_datri_dasa3-50x50.jpg 50w, https:\/\/www.arquimaster.com.ar\/web\/wp-content\/uploads\/2015\/01\/casa_datri_dasa3-125x125.jpg 125w\" sizes=\"auto, (max-width: 150px) 100vw, 150px\" \/><\/a>\n\t\t\t<\/div>\n\t\t\t\t<figcaption class='wp-caption-text gallery-caption' id='gallery-1-12322'>\n\t\t\t\tCasa DATRI &#038; DASA \/ [mavarq] Marco Vel\u00e1zquez (\u00a9 Jaime Navarro)\n\t\t\t\t<\/figcaption><\/figure><figure class='gallery-item'>\n\t\t\t<div class='gallery-icon portrait'>\n\t\t\t\t<a href='https:\/\/www.arquimaster.com.ar\/web\/wp-content\/uploads\/2015\/01\/casa_datri_dasa4.jpg' title=\"Casa DATRI &amp; DASA \/ [mavarq] Marco Vel\u00e1zquez (\u00a9 Jaime Navarro)\" data-rl_title=\"Casa DATRI &amp; DASA \/ [mavarq] Marco Vel\u00e1zquez (\u00a9 Jaime Navarro)\" class=\"rl-gallery-link\" data-rl_caption=\"Casa DATRI &amp; DASA \/ [mavarq] Marco Vel\u00e1zquez (\u00a9 Jaime Navarro)\" data-rel=\"lightbox-gallery-1\"><img loading=\"lazy\" decoding=\"async\" width=\"150\" height=\"150\" src=\"https:\/\/www.arquimaster.com.ar\/web\/wp-content\/uploads\/2015\/01\/casa_datri_dasa4-150x150.jpg\" class=\"attachment-thumbnail size-thumbnail\" alt=\"\" aria-describedby=\"gallery-1-12323\" srcset=\"https:\/\/www.arquimaster.com.ar\/web\/wp-content\/uploads\/2015\/01\/casa_datri_dasa4-150x150.jpg 150w, https:\/\/www.arquimaster.com.ar\/web\/wp-content\/uploads\/2015\/01\/casa_datri_dasa4-50x50.jpg 50w, https:\/\/www.arquimaster.com.ar\/web\/wp-content\/uploads\/2015\/01\/casa_datri_dasa4-125x125.jpg 125w\" sizes=\"auto, (max-width: 150px) 100vw, 150px\" \/><\/a>\n\t\t\t<\/div>\n\t\t\t\t<figcaption class='wp-caption-text gallery-caption' id='gallery-1-12323'>\n\t\t\t\tCasa DATRI &#038; DASA \/ [mavarq] Marco Vel\u00e1zquez (\u00a9 Jaime Navarro)\n\t\t\t\t<\/figcaption><\/figure><figure class='gallery-item'>\n\t\t\t<div class='gallery-icon landscape'>\n\t\t\t\t<a href='https:\/\/www.arquimaster.com.ar\/web\/wp-content\/uploads\/2015\/01\/casa_datri_dasa5.jpg' title=\"Casa DATRI &amp; DASA \/ [mavarq] Marco Vel\u00e1zquez (\u00a9 Jaime Navarro)\" data-rl_title=\"Casa DATRI &amp; DASA \/ [mavarq] Marco Vel\u00e1zquez (\u00a9 Jaime Navarro)\" class=\"rl-gallery-link\" data-rl_caption=\"Casa DATRI &amp; DASA \/ [mavarq] Marco Vel\u00e1zquez (\u00a9 Jaime Navarro)\" data-rel=\"lightbox-gallery-1\"><img loading=\"lazy\" decoding=\"async\" width=\"150\" height=\"150\" src=\"https:\/\/www.arquimaster.com.ar\/web\/wp-content\/uploads\/2015\/01\/casa_datri_dasa5-150x150.jpg\" class=\"attachment-thumbnail size-thumbnail\" alt=\"\" aria-describedby=\"gallery-1-12324\" srcset=\"https:\/\/www.arquimaster.com.ar\/web\/wp-content\/uploads\/2015\/01\/casa_datri_dasa5-150x150.jpg 150w, https:\/\/www.arquimaster.com.ar\/web\/wp-content\/uploads\/2015\/01\/casa_datri_dasa5-50x50.jpg 50w, https:\/\/www.arquimaster.com.ar\/web\/wp-content\/uploads\/2015\/01\/casa_datri_dasa5-125x125.jpg 125w\" sizes=\"auto, (max-width: 150px) 100vw, 150px\" \/><\/a>\n\t\t\t<\/div>\n\t\t\t\t<figcaption class='wp-caption-text gallery-caption' id='gallery-1-12324'>\n\t\t\t\tCasa DATRI &#038; DASA \/ [mavarq] Marco Vel\u00e1zquez (\u00a9 Jaime Navarro)\n\t\t\t\t<\/figcaption><\/figure><figure class='gallery-item'>\n\t\t\t<div class='gallery-icon landscape'>\n\t\t\t\t<a href='https:\/\/www.arquimaster.com.ar\/web\/wp-content\/uploads\/2015\/01\/casa_datri_dasa6.jpg' title=\"Casa DATRI &amp; DASA \/ [mavarq] Marco Vel\u00e1zquez (\u00a9 Jaime Navarro)\" data-rl_title=\"Casa DATRI &amp; DASA \/ [mavarq] Marco Vel\u00e1zquez (\u00a9 Jaime Navarro)\" class=\"rl-gallery-link\" data-rl_caption=\"Casa DATRI &amp; DASA \/ [mavarq] Marco Vel\u00e1zquez (\u00a9 Jaime Navarro)\" data-rel=\"lightbox-gallery-1\"><img loading=\"lazy\" decoding=\"async\" width=\"150\" height=\"150\" src=\"https:\/\/www.arquimaster.com.ar\/web\/wp-content\/uploads\/2015\/01\/casa_datri_dasa6-150x150.jpg\" class=\"attachment-thumbnail size-thumbnail\" alt=\"\" aria-describedby=\"gallery-1-12325\" srcset=\"https:\/\/www.arquimaster.com.ar\/web\/wp-content\/uploads\/2015\/01\/casa_datri_dasa6-150x150.jpg 150w, https:\/\/www.arquimaster.com.ar\/web\/wp-content\/uploads\/2015\/01\/casa_datri_dasa6-50x50.jpg 50w, https:\/\/www.arquimaster.com.ar\/web\/wp-content\/uploads\/2015\/01\/casa_datri_dasa6-125x125.jpg 125w\" sizes=\"auto, (max-width: 150px) 100vw, 150px\" \/><\/a>\n\t\t\t<\/div>\n\t\t\t\t<figcaption class='wp-caption-text gallery-caption' id='gallery-1-12325'>\n\t\t\t\tCasa DATRI &#038; DASA \/ [mavarq] Marco Vel\u00e1zquez (\u00a9 Jaime Navarro)\n\t\t\t\t<\/figcaption><\/figure><figure class='gallery-item'>\n\t\t\t<div class='gallery-icon landscape'>\n\t\t\t\t<a href='https:\/\/www.arquimaster.com.ar\/web\/wp-content\/uploads\/2015\/01\/casa_datri_dasa7.jpg' title=\"Casa DATRI &amp; DASA \/ [mavarq] Marco Vel\u00e1zquez (\u00a9 Jaime Navarro)\" data-rl_title=\"Casa DATRI &amp; DASA \/ [mavarq] Marco Vel\u00e1zquez (\u00a9 Jaime Navarro)\" class=\"rl-gallery-link\" data-rl_caption=\"Casa DATRI &amp; DASA \/ [mavarq] Marco Vel\u00e1zquez (\u00a9 Jaime Navarro)\" data-rel=\"lightbox-gallery-1\"><img loading=\"lazy\" decoding=\"async\" width=\"150\" height=\"150\" src=\"https:\/\/www.arquimaster.com.ar\/web\/wp-content\/uploads\/2015\/01\/casa_datri_dasa7-150x150.jpg\" class=\"attachment-thumbnail size-thumbnail\" alt=\"\" aria-describedby=\"gallery-1-12326\" srcset=\"https:\/\/www.arquimaster.com.ar\/web\/wp-content\/uploads\/2015\/01\/casa_datri_dasa7-150x150.jpg 150w, https:\/\/www.arquimaster.com.ar\/web\/wp-content\/uploads\/2015\/01\/casa_datri_dasa7-50x50.jpg 50w, https:\/\/www.arquimaster.com.ar\/web\/wp-content\/uploads\/2015\/01\/casa_datri_dasa7-125x125.jpg 125w\" sizes=\"auto, (max-width: 150px) 100vw, 150px\" \/><\/a>\n\t\t\t<\/div>\n\t\t\t\t<figcaption class='wp-caption-text gallery-caption' id='gallery-1-12326'>\n\t\t\t\tCasa DATRI &#038; DASA \/ [mavarq] Marco Vel\u00e1zquez (\u00a9 Jaime Navarro)\n\t\t\t\t<\/figcaption><\/figure><figure class='gallery-item'>\n\t\t\t<div class='gallery-icon landscape'>\n\t\t\t\t<a href='https:\/\/www.arquimaster.com.ar\/web\/wp-content\/uploads\/2015\/01\/casa_datri_dasa8.jpg' title=\"Casa DATRI &amp; DASA \/ [mavarq] Marco Vel\u00e1zquez (\u00a9 Jaime Navarro)\" data-rl_title=\"Casa DATRI &amp; DASA \/ [mavarq] Marco Vel\u00e1zquez (\u00a9 Jaime Navarro)\" class=\"rl-gallery-link\" data-rl_caption=\"Casa DATRI &amp; DASA \/ [mavarq] Marco Vel\u00e1zquez (\u00a9 Jaime Navarro)\" data-rel=\"lightbox-gallery-1\"><img loading=\"lazy\" decoding=\"async\" width=\"150\" height=\"150\" src=\"https:\/\/www.arquimaster.com.ar\/web\/wp-content\/uploads\/2015\/01\/casa_datri_dasa8-150x150.jpg\" class=\"attachment-thumbnail size-thumbnail\" alt=\"\" aria-describedby=\"gallery-1-12327\" srcset=\"https:\/\/www.arquimaster.com.ar\/web\/wp-content\/uploads\/2015\/01\/casa_datri_dasa8-150x150.jpg 150w, https:\/\/www.arquimaster.com.ar\/web\/wp-content\/uploads\/2015\/01\/casa_datri_dasa8-50x50.jpg 50w, https:\/\/www.arquimaster.com.ar\/web\/wp-content\/uploads\/2015\/01\/casa_datri_dasa8-125x125.jpg 125w\" sizes=\"auto, (max-width: 150px) 100vw, 150px\" \/><\/a>\n\t\t\t<\/div>\n\t\t\t\t<figcaption class='wp-caption-text gallery-caption' id='gallery-1-12327'>\n\t\t\t\tCasa DATRI &#038; DASA \/ [mavarq] Marco Vel\u00e1zquez (\u00a9 Jaime Navarro)\n\t\t\t\t<\/figcaption><\/figure><figure class='gallery-item'>\n\t\t\t<div class='gallery-icon portrait'>\n\t\t\t\t<a href='https:\/\/www.arquimaster.com.ar\/web\/wp-content\/uploads\/2015\/01\/casa_datri_dasa9.jpg' title=\"Casa DATRI &amp; DASA \/ [mavarq] Marco Vel\u00e1zquez (\u00a9 Jaime Navarro)\" data-rl_title=\"Casa DATRI &amp; DASA \/ [mavarq] Marco Vel\u00e1zquez (\u00a9 Jaime Navarro)\" class=\"rl-gallery-link\" data-rl_caption=\"Casa DATRI &amp; DASA \/ [mavarq] Marco Vel\u00e1zquez (\u00a9 Jaime Navarro)\" data-rel=\"lightbox-gallery-1\"><img loading=\"lazy\" decoding=\"async\" width=\"150\" height=\"150\" src=\"https:\/\/www.arquimaster.com.ar\/web\/wp-content\/uploads\/2015\/01\/casa_datri_dasa9-150x150.jpg\" class=\"attachment-thumbnail size-thumbnail\" alt=\"\" aria-describedby=\"gallery-1-12328\" srcset=\"https:\/\/www.arquimaster.com.ar\/web\/wp-content\/uploads\/2015\/01\/casa_datri_dasa9-150x150.jpg 150w, https:\/\/www.arquimaster.com.ar\/web\/wp-content\/uploads\/2015\/01\/casa_datri_dasa9-50x50.jpg 50w, https:\/\/www.arquimaster.com.ar\/web\/wp-content\/uploads\/2015\/01\/casa_datri_dasa9-125x125.jpg 125w\" sizes=\"auto, (max-width: 150px) 100vw, 150px\" \/><\/a>\n\t\t\t<\/div>\n\t\t\t\t<figcaption class='wp-caption-text gallery-caption' id='gallery-1-12328'>\n\t\t\t\tCasa DATRI &#038; DASA \/ [mavarq] Marco Vel\u00e1zquez (\u00a9 Jaime Navarro)\n\t\t\t\t<\/figcaption><\/figure><figure class='gallery-item'>\n\t\t\t<div class='gallery-icon portrait'>\n\t\t\t\t<a href='https:\/\/www.arquimaster.com.ar\/web\/wp-content\/uploads\/2015\/01\/casa_datri_dasa10.jpg' title=\"Casa DATRI &amp; DASA \/ [mavarq] Marco Vel\u00e1zquez (\u00a9 Jaime Navarro)\" data-rl_title=\"Casa DATRI &amp; DASA \/ [mavarq] Marco Vel\u00e1zquez (\u00a9 Jaime Navarro)\" class=\"rl-gallery-link\" data-rl_caption=\"Casa DATRI &amp; DASA \/ [mavarq] Marco Vel\u00e1zquez (\u00a9 Jaime Navarro)\" data-rel=\"lightbox-gallery-1\"><img loading=\"lazy\" decoding=\"async\" width=\"150\" height=\"150\" src=\"https:\/\/www.arquimaster.com.ar\/web\/wp-content\/uploads\/2015\/01\/casa_datri_dasa10-150x150.jpg\" class=\"attachment-thumbnail size-thumbnail\" alt=\"\" aria-describedby=\"gallery-1-12329\" srcset=\"https:\/\/www.arquimaster.com.ar\/web\/wp-content\/uploads\/2015\/01\/casa_datri_dasa10-150x150.jpg 150w, https:\/\/www.arquimaster.com.ar\/web\/wp-content\/uploads\/2015\/01\/casa_datri_dasa10-50x50.jpg 50w, https:\/\/www.arquimaster.com.ar\/web\/wp-content\/uploads\/2015\/01\/casa_datri_dasa10-125x125.jpg 125w\" sizes=\"auto, (max-width: 150px) 100vw, 150px\" \/><\/a>\n\t\t\t<\/div>\n\t\t\t\t<figcaption class='wp-caption-text gallery-caption' id='gallery-1-12329'>\n\t\t\t\tCasa DATRI &#038; DASA \/ [mavarq] Marco Vel\u00e1zquez (\u00a9 Jaime Navarro)\n\t\t\t\t<\/figcaption><\/figure><figure class='gallery-item'>\n\t\t\t<div class='gallery-icon portrait'>\n\t\t\t\t<a href='https:\/\/www.arquimaster.com.ar\/web\/wp-content\/uploads\/2015\/01\/casa_datri_dasa11.jpg' title=\"Casa DATRI &amp; DASA \/ [mavarq] Marco Vel\u00e1zquez (\u00a9 Jaime Navarro)\" data-rl_title=\"Casa DATRI &amp; DASA \/ [mavarq] Marco Vel\u00e1zquez (\u00a9 Jaime Navarro)\" class=\"rl-gallery-link\" data-rl_caption=\"Casa DATRI &amp; DASA \/ [mavarq] Marco Vel\u00e1zquez (\u00a9 Jaime Navarro)\" data-rel=\"lightbox-gallery-1\"><img loading=\"lazy\" decoding=\"async\" width=\"150\" height=\"150\" src=\"https:\/\/www.arquimaster.com.ar\/web\/wp-content\/uploads\/2015\/01\/casa_datri_dasa11-150x150.jpg\" class=\"attachment-thumbnail size-thumbnail\" alt=\"\" aria-describedby=\"gallery-1-12330\" srcset=\"https:\/\/www.arquimaster.com.ar\/web\/wp-content\/uploads\/2015\/01\/casa_datri_dasa11-150x150.jpg 150w, https:\/\/www.arquimaster.com.ar\/web\/wp-content\/uploads\/2015\/01\/casa_datri_dasa11-50x50.jpg 50w, https:\/\/www.arquimaster.com.ar\/web\/wp-content\/uploads\/2015\/01\/casa_datri_dasa11-125x125.jpg 125w\" sizes=\"auto, (max-width: 150px) 100vw, 150px\" \/><\/a>\n\t\t\t<\/div>\n\t\t\t\t<figcaption class='wp-caption-text gallery-caption' id='gallery-1-12330'>\n\t\t\t\tCasa DATRI &#038; DASA \/ [mavarq] Marco Vel\u00e1zquez (\u00a9 Jaime Navarro)\n\t\t\t\t<\/figcaption><\/figure><figure class='gallery-item'>\n\t\t\t<div class='gallery-icon landscape'>\n\t\t\t\t<a href='https:\/\/www.arquimaster.com.ar\/web\/wp-content\/uploads\/2015\/01\/casa_datri_dasa12.jpg' title=\"Casa DATRI &amp; DASA \/ [mavarq] Marco Vel\u00e1zquez (\u00a9 Jaime Navarro)\" data-rl_title=\"Casa DATRI &amp; DASA \/ [mavarq] Marco Vel\u00e1zquez (\u00a9 Jaime Navarro)\" class=\"rl-gallery-link\" data-rl_caption=\"Casa DATRI &amp; DASA \/ [mavarq] Marco Vel\u00e1zquez (\u00a9 Jaime Navarro)\" data-rel=\"lightbox-gallery-1\"><img loading=\"lazy\" decoding=\"async\" width=\"150\" height=\"150\" src=\"https:\/\/www.arquimaster.com.ar\/web\/wp-content\/uploads\/2015\/01\/casa_datri_dasa12-150x150.jpg\" class=\"attachment-thumbnail size-thumbnail\" alt=\"\" aria-describedby=\"gallery-1-12331\" srcset=\"https:\/\/www.arquimaster.com.ar\/web\/wp-content\/uploads\/2015\/01\/casa_datri_dasa12-150x150.jpg 150w, https:\/\/www.arquimaster.com.ar\/web\/wp-content\/uploads\/2015\/01\/casa_datri_dasa12-50x50.jpg 50w, https:\/\/www.arquimaster.com.ar\/web\/wp-content\/uploads\/2015\/01\/casa_datri_dasa12-125x125.jpg 125w\" sizes=\"auto, (max-width: 150px) 100vw, 150px\" \/><\/a>\n\t\t\t<\/div>\n\t\t\t\t<figcaption class='wp-caption-text gallery-caption' id='gallery-1-12331'>\n\t\t\t\tCasa DATRI &#038; DASA \/ [mavarq] Marco Vel\u00e1zquez (\u00a9 Jaime Navarro)\n\t\t\t\t<\/figcaption><\/figure><figure class='gallery-item'>\n\t\t\t<div class='gallery-icon landscape'>\n\t\t\t\t<a href='https:\/\/www.arquimaster.com.ar\/web\/wp-content\/uploads\/2015\/01\/casa_datri_dasa13.jpg' title=\"Casa DATRI &amp; DASA \/ [mavarq] Marco Vel\u00e1zquez (\u00a9 Jaime Navarro)\" data-rl_title=\"Casa DATRI &amp; DASA \/ [mavarq] Marco Vel\u00e1zquez (\u00a9 Jaime Navarro)\" class=\"rl-gallery-link\" data-rl_caption=\"Casa DATRI &amp; DASA \/ [mavarq] Marco Vel\u00e1zquez (\u00a9 Jaime Navarro)\" data-rel=\"lightbox-gallery-1\"><img loading=\"lazy\" decoding=\"async\" width=\"150\" height=\"150\" src=\"https:\/\/www.arquimaster.com.ar\/web\/wp-content\/uploads\/2015\/01\/casa_datri_dasa13-150x150.jpg\" class=\"attachment-thumbnail size-thumbnail\" alt=\"\" aria-describedby=\"gallery-1-12332\" srcset=\"https:\/\/www.arquimaster.com.ar\/web\/wp-content\/uploads\/2015\/01\/casa_datri_dasa13-150x150.jpg 150w, https:\/\/www.arquimaster.com.ar\/web\/wp-content\/uploads\/2015\/01\/casa_datri_dasa13-50x50.jpg 50w, https:\/\/www.arquimaster.com.ar\/web\/wp-content\/uploads\/2015\/01\/casa_datri_dasa13-125x125.jpg 125w\" sizes=\"auto, (max-width: 150px) 100vw, 150px\" \/><\/a>\n\t\t\t<\/div>\n\t\t\t\t<figcaption class='wp-caption-text gallery-caption' id='gallery-1-12332'>\n\t\t\t\tCasa DATRI &#038; DASA \/ [mavarq] Marco Vel\u00e1zquez (\u00a9 Jaime Navarro)\n\t\t\t\t<\/figcaption><\/figure><figure class='gallery-item'>\n\t\t\t<div class='gallery-icon landscape'>\n\t\t\t\t<a href='https:\/\/www.arquimaster.com.ar\/web\/wp-content\/uploads\/2015\/01\/casa_datri_dasa14.jpg' title=\"Casa DATRI &amp; DASA \/ [mavarq] Marco Vel\u00e1zquez (\u00a9 Jaime Navarro)\" data-rl_title=\"Casa DATRI &amp; DASA \/ [mavarq] Marco Vel\u00e1zquez (\u00a9 Jaime Navarro)\" class=\"rl-gallery-link\" data-rl_caption=\"Casa DATRI &amp; DASA \/ [mavarq] Marco Vel\u00e1zquez (\u00a9 Jaime Navarro)\" data-rel=\"lightbox-gallery-1\"><img loading=\"lazy\" decoding=\"async\" width=\"150\" height=\"150\" src=\"https:\/\/www.arquimaster.com.ar\/web\/wp-content\/uploads\/2015\/01\/casa_datri_dasa14-150x150.jpg\" class=\"attachment-thumbnail size-thumbnail\" alt=\"\" aria-describedby=\"gallery-1-12333\" srcset=\"https:\/\/www.arquimaster.com.ar\/web\/wp-content\/uploads\/2015\/01\/casa_datri_dasa14-150x150.jpg 150w, https:\/\/www.arquimaster.com.ar\/web\/wp-content\/uploads\/2015\/01\/casa_datri_dasa14-50x50.jpg 50w, https:\/\/www.arquimaster.com.ar\/web\/wp-content\/uploads\/2015\/01\/casa_datri_dasa14-125x125.jpg 125w\" sizes=\"auto, (max-width: 150px) 100vw, 150px\" \/><\/a>\n\t\t\t<\/div>\n\t\t\t\t<figcaption class='wp-caption-text gallery-caption' id='gallery-1-12333'>\n\t\t\t\tCasa DATRI &#038; DASA \/ [mavarq] Marco Vel\u00e1zquez (\u00a9 Jaime Navarro)\n\t\t\t\t<\/figcaption><\/figure><figure class='gallery-item'>\n\t\t\t<div class='gallery-icon landscape'>\n\t\t\t\t<a href='https:\/\/www.arquimaster.com.ar\/web\/wp-content\/uploads\/2015\/01\/casa_datri_dasa15.jpg' title=\"Casa DATRI &amp; DASA \/ [mavarq] Marco Vel\u00e1zquez (\u00a9 Jaime Navarro)\" data-rl_title=\"Casa DATRI &amp; DASA \/ [mavarq] Marco Vel\u00e1zquez (\u00a9 Jaime Navarro)\" class=\"rl-gallery-link\" data-rl_caption=\"Casa DATRI &amp; DASA \/ [mavarq] Marco Vel\u00e1zquez (\u00a9 Jaime Navarro)\" data-rel=\"lightbox-gallery-1\"><img loading=\"lazy\" decoding=\"async\" width=\"150\" height=\"150\" src=\"https:\/\/www.arquimaster.com.ar\/web\/wp-content\/uploads\/2015\/01\/casa_datri_dasa15-150x150.jpg\" class=\"attachment-thumbnail size-thumbnail\" alt=\"\" aria-describedby=\"gallery-1-12334\" srcset=\"https:\/\/www.arquimaster.com.ar\/web\/wp-content\/uploads\/2015\/01\/casa_datri_dasa15-150x150.jpg 150w, https:\/\/www.arquimaster.com.ar\/web\/wp-content\/uploads\/2015\/01\/casa_datri_dasa15-50x50.jpg 50w, https:\/\/www.arquimaster.com.ar\/web\/wp-content\/uploads\/2015\/01\/casa_datri_dasa15-125x125.jpg 125w\" sizes=\"auto, (max-width: 150px) 100vw, 150px\" \/><\/a>\n\t\t\t<\/div>\n\t\t\t\t<figcaption class='wp-caption-text gallery-caption' id='gallery-1-12334'>\n\t\t\t\tCasa DATRI &#038; DASA \/ [mavarq] Marco Vel\u00e1zquez (\u00a9 Jaime Navarro)\n\t\t\t\t<\/figcaption><\/figure><figure class='gallery-item'>\n\t\t\t<div class='gallery-icon landscape'>\n\t\t\t\t<a href='https:\/\/www.arquimaster.com.ar\/web\/wp-content\/uploads\/2015\/01\/casa_datri_dasa16.jpg' title=\"Casa DATRI &amp; DASA \/ [mavarq] Marco Vel\u00e1zquez (\u00a9 Jaime Navarro)\" data-rl_title=\"Casa DATRI &amp; DASA \/ [mavarq] Marco Vel\u00e1zquez (\u00a9 Jaime Navarro)\" class=\"rl-gallery-link\" data-rl_caption=\"Casa DATRI &amp; DASA \/ [mavarq] Marco Vel\u00e1zquez (\u00a9 Jaime Navarro)\" data-rel=\"lightbox-gallery-1\"><img loading=\"lazy\" decoding=\"async\" width=\"150\" height=\"150\" src=\"https:\/\/www.arquimaster.com.ar\/web\/wp-content\/uploads\/2015\/01\/casa_datri_dasa16-150x150.jpg\" class=\"attachment-thumbnail size-thumbnail\" alt=\"\" aria-describedby=\"gallery-1-12335\" srcset=\"https:\/\/www.arquimaster.com.ar\/web\/wp-content\/uploads\/2015\/01\/casa_datri_dasa16-150x150.jpg 150w, https:\/\/www.arquimaster.com.ar\/web\/wp-content\/uploads\/2015\/01\/casa_datri_dasa16-50x50.jpg 50w, https:\/\/www.arquimaster.com.ar\/web\/wp-content\/uploads\/2015\/01\/casa_datri_dasa16-125x125.jpg 125w\" sizes=\"auto, (max-width: 150px) 100vw, 150px\" \/><\/a>\n\t\t\t<\/div>\n\t\t\t\t<figcaption class='wp-caption-text gallery-caption' id='gallery-1-12335'>\n\t\t\t\tCasa DATRI &#038; DASA \/ [mavarq] Marco Vel\u00e1zquez (\u00a9 Jaime Navarro)\n\t\t\t\t<\/figcaption><\/figure><figure class='gallery-item'>\n\t\t\t<div class='gallery-icon portrait'>\n\t\t\t\t<a href='https:\/\/www.arquimaster.com.ar\/web\/wp-content\/uploads\/2015\/01\/casa_datri_dasa17.jpg' title=\"Casa DATRI &amp; DASA \/ [mavarq] Marco Vel\u00e1zquez (\u00a9 Jaime Navarro)\" data-rl_title=\"Casa DATRI &amp; DASA \/ [mavarq] Marco Vel\u00e1zquez (\u00a9 Jaime Navarro)\" class=\"rl-gallery-link\" data-rl_caption=\"Casa DATRI &amp; DASA \/ [mavarq] Marco Vel\u00e1zquez (\u00a9 Jaime Navarro)\" data-rel=\"lightbox-gallery-1\"><img loading=\"lazy\" decoding=\"async\" width=\"150\" height=\"150\" src=\"https:\/\/www.arquimaster.com.ar\/web\/wp-content\/uploads\/2015\/01\/casa_datri_dasa17-150x150.jpg\" class=\"attachment-thumbnail size-thumbnail\" alt=\"\" aria-describedby=\"gallery-1-12336\" srcset=\"https:\/\/www.arquimaster.com.ar\/web\/wp-content\/uploads\/2015\/01\/casa_datri_dasa17-150x150.jpg 150w, https:\/\/www.arquimaster.com.ar\/web\/wp-content\/uploads\/2015\/01\/casa_datri_dasa17-50x50.jpg 50w, https:\/\/www.arquimaster.com.ar\/web\/wp-content\/uploads\/2015\/01\/casa_datri_dasa17-125x125.jpg 125w\" sizes=\"auto, (max-width: 150px) 100vw, 150px\" \/><\/a>\n\t\t\t<\/div>\n\t\t\t\t<figcaption class='wp-caption-text gallery-caption' id='gallery-1-12336'>\n\t\t\t\tCasa DATRI &#038; DASA \/ [mavarq] Marco Vel\u00e1zquez (\u00a9 Jaime Navarro)\n\t\t\t\t<\/figcaption><\/figure><figure class='gallery-item'>\n\t\t\t<div class='gallery-icon portrait'>\n\t\t\t\t<a href='https:\/\/www.arquimaster.com.ar\/web\/wp-content\/uploads\/2015\/01\/casa_datri_dasa18.jpg' title=\"Casa DATRI &amp; DASA \/ [mavarq] Marco Vel\u00e1zquez (\u00a9 Jaime Navarro)\" data-rl_title=\"Casa DATRI &amp; DASA \/ [mavarq] Marco Vel\u00e1zquez (\u00a9 Jaime Navarro)\" class=\"rl-gallery-link\" data-rl_caption=\"Casa DATRI &amp; DASA \/ [mavarq] Marco Vel\u00e1zquez (\u00a9 Jaime Navarro)\" data-rel=\"lightbox-gallery-1\"><img loading=\"lazy\" decoding=\"async\" width=\"150\" height=\"150\" src=\"https:\/\/www.arquimaster.com.ar\/web\/wp-content\/uploads\/2015\/01\/casa_datri_dasa18-150x150.jpg\" class=\"attachment-thumbnail size-thumbnail\" alt=\"\" aria-describedby=\"gallery-1-12337\" srcset=\"https:\/\/www.arquimaster.com.ar\/web\/wp-content\/uploads\/2015\/01\/casa_datri_dasa18-150x150.jpg 150w, https:\/\/www.arquimaster.com.ar\/web\/wp-content\/uploads\/2015\/01\/casa_datri_dasa18-50x50.jpg 50w, https:\/\/www.arquimaster.com.ar\/web\/wp-content\/uploads\/2015\/01\/casa_datri_dasa18-125x125.jpg 125w\" sizes=\"auto, (max-width: 150px) 100vw, 150px\" \/><\/a>\n\t\t\t<\/div>\n\t\t\t\t<figcaption class='wp-caption-text gallery-caption' id='gallery-1-12337'>\n\t\t\t\tCasa DATRI &#038; DASA \/ [mavarq] Marco Vel\u00e1zquez (\u00a9 Jaime Navarro)\n\t\t\t\t<\/figcaption><\/figure><figure class='gallery-item'>\n\t\t\t<div class='gallery-icon portrait'>\n\t\t\t\t<a href='https:\/\/www.arquimaster.com.ar\/web\/wp-content\/uploads\/2015\/01\/casa_datri_dasa19.jpg' title=\"Casa DATRI &amp; DASA \/ [mavarq] Marco Vel\u00e1zquez (\u00a9 Jaime Navarro)\" data-rl_title=\"Casa DATRI &amp; DASA \/ [mavarq] Marco Vel\u00e1zquez (\u00a9 Jaime Navarro)\" class=\"rl-gallery-link\" data-rl_caption=\"Casa DATRI &amp; DASA \/ [mavarq] Marco Vel\u00e1zquez (\u00a9 Jaime Navarro)\" data-rel=\"lightbox-gallery-1\"><img loading=\"lazy\" decoding=\"async\" width=\"150\" height=\"150\" src=\"https:\/\/www.arquimaster.com.ar\/web\/wp-content\/uploads\/2015\/01\/casa_datri_dasa19-150x150.jpg\" class=\"attachment-thumbnail size-thumbnail\" alt=\"\" aria-describedby=\"gallery-1-12338\" srcset=\"https:\/\/www.arquimaster.com.ar\/web\/wp-content\/uploads\/2015\/01\/casa_datri_dasa19-150x150.jpg 150w, https:\/\/www.arquimaster.com.ar\/web\/wp-content\/uploads\/2015\/01\/casa_datri_dasa19-50x50.jpg 50w, https:\/\/www.arquimaster.com.ar\/web\/wp-content\/uploads\/2015\/01\/casa_datri_dasa19-125x125.jpg 125w\" sizes=\"auto, (max-width: 150px) 100vw, 150px\" \/><\/a>\n\t\t\t<\/div>\n\t\t\t\t<figcaption class='wp-caption-text gallery-caption' id='gallery-1-12338'>\n\t\t\t\tCasa DATRI &#038; DASA \/ [mavarq] Marco Vel\u00e1zquez (\u00a9 Jaime Navarro)\n\t\t\t\t<\/figcaption><\/figure><figure class='gallery-item'>\n\t\t\t<div class='gallery-icon portrait'>\n\t\t\t\t<a href='https:\/\/www.arquimaster.com.ar\/web\/wp-content\/uploads\/2015\/01\/casa_datri_dasa20.jpg' title=\"Casa DATRI &amp; DASA \/ [mavarq] Marco Vel\u00e1zquez (\u00a9 Jaime Navarro)\" data-rl_title=\"Casa DATRI &amp; DASA \/ [mavarq] Marco Vel\u00e1zquez (\u00a9 Jaime Navarro)\" class=\"rl-gallery-link\" data-rl_caption=\"Casa DATRI &amp; DASA \/ [mavarq] Marco Vel\u00e1zquez (\u00a9 Jaime Navarro)\" data-rel=\"lightbox-gallery-1\"><img loading=\"lazy\" decoding=\"async\" width=\"150\" height=\"150\" src=\"https:\/\/www.arquimaster.com.ar\/web\/wp-content\/uploads\/2015\/01\/casa_datri_dasa20-150x150.jpg\" class=\"attachment-thumbnail size-thumbnail\" alt=\"\" aria-describedby=\"gallery-1-12339\" srcset=\"https:\/\/www.arquimaster.com.ar\/web\/wp-content\/uploads\/2015\/01\/casa_datri_dasa20-150x150.jpg 150w, https:\/\/www.arquimaster.com.ar\/web\/wp-content\/uploads\/2015\/01\/casa_datri_dasa20-50x50.jpg 50w, https:\/\/www.arquimaster.com.ar\/web\/wp-content\/uploads\/2015\/01\/casa_datri_dasa20-125x125.jpg 125w\" sizes=\"auto, (max-width: 150px) 100vw, 150px\" \/><\/a>\n\t\t\t<\/div>\n\t\t\t\t<figcaption class='wp-caption-text gallery-caption' id='gallery-1-12339'>\n\t\t\t\tCasa DATRI &#038; DASA \/ [mavarq] Marco Vel\u00e1zquez (\u00a9 Jaime Navarro)\n\t\t\t\t<\/figcaption><\/figure><figure class='gallery-item'>\n\t\t\t<div class='gallery-icon portrait'>\n\t\t\t\t<a href='https:\/\/www.arquimaster.com.ar\/web\/wp-content\/uploads\/2015\/01\/casa_datri_dasa21.jpg' title=\"Casa DATRI &amp; DASA \/ [mavarq] Marco Vel\u00e1zquez (\u00a9 Jaime Navarro)\" data-rl_title=\"Casa DATRI &amp; DASA \/ [mavarq] Marco Vel\u00e1zquez (\u00a9 Jaime Navarro)\" class=\"rl-gallery-link\" data-rl_caption=\"Casa DATRI &amp; DASA \/ [mavarq] Marco Vel\u00e1zquez (\u00a9 Jaime Navarro)\" data-rel=\"lightbox-gallery-1\"><img loading=\"lazy\" decoding=\"async\" width=\"150\" height=\"150\" src=\"https:\/\/www.arquimaster.com.ar\/web\/wp-content\/uploads\/2015\/01\/casa_datri_dasa21-150x150.jpg\" class=\"attachment-thumbnail size-thumbnail\" alt=\"\" aria-describedby=\"gallery-1-12340\" srcset=\"https:\/\/www.arquimaster.com.ar\/web\/wp-content\/uploads\/2015\/01\/casa_datri_dasa21-150x150.jpg 150w, https:\/\/www.arquimaster.com.ar\/web\/wp-content\/uploads\/2015\/01\/casa_datri_dasa21-50x50.jpg 50w, https:\/\/www.arquimaster.com.ar\/web\/wp-content\/uploads\/2015\/01\/casa_datri_dasa21-125x125.jpg 125w\" sizes=\"auto, (max-width: 150px) 100vw, 150px\" \/><\/a>\n\t\t\t<\/div>\n\t\t\t\t<figcaption class='wp-caption-text gallery-caption' id='gallery-1-12340'>\n\t\t\t\tCasa DATRI &#038; DASA \/ [mavarq] Marco Vel\u00e1zquez (\u00a9 Jaime Navarro)\n\t\t\t\t<\/figcaption><\/figure><figure class='gallery-item'>\n\t\t\t<div class='gallery-icon landscape'>\n\t\t\t\t<a href='https:\/\/www.arquimaster.com.ar\/web\/wp-content\/uploads\/2015\/01\/casa_datri_dasa22.jpg' title=\"Casa DATRI &amp; DASA \/ [mavarq] Marco Vel\u00e1zquez (\u00a9 Jaime Navarro)\" data-rl_title=\"Casa DATRI &amp; DASA \/ [mavarq] Marco Vel\u00e1zquez (\u00a9 Jaime Navarro)\" class=\"rl-gallery-link\" data-rl_caption=\"Casa DATRI &amp; DASA \/ [mavarq] Marco Vel\u00e1zquez (\u00a9 Jaime Navarro)\" data-rel=\"lightbox-gallery-1\"><img loading=\"lazy\" decoding=\"async\" width=\"150\" height=\"150\" src=\"https:\/\/www.arquimaster.com.ar\/web\/wp-content\/uploads\/2015\/01\/casa_datri_dasa22-150x150.jpg\" class=\"attachment-thumbnail size-thumbnail\" alt=\"\" aria-describedby=\"gallery-1-12341\" srcset=\"https:\/\/www.arquimaster.com.ar\/web\/wp-content\/uploads\/2015\/01\/casa_datri_dasa22-150x150.jpg 150w, https:\/\/www.arquimaster.com.ar\/web\/wp-content\/uploads\/2015\/01\/casa_datri_dasa22-50x50.jpg 50w, https:\/\/www.arquimaster.com.ar\/web\/wp-content\/uploads\/2015\/01\/casa_datri_dasa22-125x125.jpg 125w\" sizes=\"auto, (max-width: 150px) 100vw, 150px\" \/><\/a>\n\t\t\t<\/div>\n\t\t\t\t<figcaption class='wp-caption-text gallery-caption' id='gallery-1-12341'>\n\t\t\t\tCasa DATRI &#038; DASA \/ [mavarq] Marco Vel\u00e1zquez (\u00a9 Jaime Navarro)\n\t\t\t\t<\/figcaption><\/figure><figure class='gallery-item'>\n\t\t\t<div class='gallery-icon landscape'>\n\t\t\t\t<a href='https:\/\/www.arquimaster.com.ar\/web\/wp-content\/uploads\/2015\/01\/casa_datri_dasa23.jpg' title=\"Casa DATRI &amp; DASA \/ [mavarq] Marco Vel\u00e1zquez (\u00a9 Jaime Navarro)\" data-rl_title=\"Casa DATRI &amp; DASA \/ [mavarq] Marco Vel\u00e1zquez (\u00a9 Jaime Navarro)\" class=\"rl-gallery-link\" data-rl_caption=\"Casa DATRI &amp; DASA \/ [mavarq] Marco Vel\u00e1zquez (\u00a9 Jaime Navarro)\" data-rel=\"lightbox-gallery-1\"><img loading=\"lazy\" decoding=\"async\" width=\"150\" height=\"150\" src=\"https:\/\/www.arquimaster.com.ar\/web\/wp-content\/uploads\/2015\/01\/casa_datri_dasa23-150x150.jpg\" class=\"attachment-thumbnail size-thumbnail\" alt=\"\" aria-describedby=\"gallery-1-12342\" srcset=\"https:\/\/www.arquimaster.com.ar\/web\/wp-content\/uploads\/2015\/01\/casa_datri_dasa23-150x150.jpg 150w, https:\/\/www.arquimaster.com.ar\/web\/wp-content\/uploads\/2015\/01\/casa_datri_dasa23-50x50.jpg 50w, https:\/\/www.arquimaster.com.ar\/web\/wp-content\/uploads\/2015\/01\/casa_datri_dasa23-125x125.jpg 125w\" sizes=\"auto, (max-width: 150px) 100vw, 150px\" \/><\/a>\n\t\t\t<\/div>\n\t\t\t\t<figcaption class='wp-caption-text gallery-caption' id='gallery-1-12342'>\n\t\t\t\tCasa DATRI &#038; DASA \/ [mavarq] Marco Vel\u00e1zquez (\u00a9 Jaime Navarro)\n\t\t\t\t<\/figcaption><\/figure><figure class='gallery-item'>\n\t\t\t<div class='gallery-icon landscape'>\n\t\t\t\t<a href='https:\/\/www.arquimaster.com.ar\/web\/wp-content\/uploads\/2015\/01\/casa_datri_dasa24.jpg' title=\"Casa DATRI &amp; DASA \/ [mavarq] Marco Vel\u00e1zquez (\u00a9 Jaime Navarro)\" data-rl_title=\"Casa DATRI &amp; DASA \/ [mavarq] Marco Vel\u00e1zquez (\u00a9 Jaime Navarro)\" class=\"rl-gallery-link\" data-rl_caption=\"Casa DATRI &amp; DASA \/ [mavarq] Marco Vel\u00e1zquez (\u00a9 Jaime Navarro)\" data-rel=\"lightbox-gallery-1\"><img loading=\"lazy\" decoding=\"async\" width=\"150\" height=\"150\" src=\"https:\/\/www.arquimaster.com.ar\/web\/wp-content\/uploads\/2015\/01\/casa_datri_dasa24-150x150.jpg\" class=\"attachment-thumbnail size-thumbnail\" alt=\"\" aria-describedby=\"gallery-1-12343\" srcset=\"https:\/\/www.arquimaster.com.ar\/web\/wp-content\/uploads\/2015\/01\/casa_datri_dasa24-150x150.jpg 150w, https:\/\/www.arquimaster.com.ar\/web\/wp-content\/uploads\/2015\/01\/casa_datri_dasa24-50x50.jpg 50w, https:\/\/www.arquimaster.com.ar\/web\/wp-content\/uploads\/2015\/01\/casa_datri_dasa24-125x125.jpg 125w\" sizes=\"auto, (max-width: 150px) 100vw, 150px\" \/><\/a>\n\t\t\t<\/div>\n\t\t\t\t<figcaption class='wp-caption-text gallery-caption' id='gallery-1-12343'>\n\t\t\t\tCasa DATRI &#038; DASA \/ [mavarq] Marco Vel\u00e1zquez (\u00a9 Jaime Navarro)\n\t\t\t\t<\/figcaption><\/figure><figure class='gallery-item'>\n\t\t\t<div class='gallery-icon landscape'>\n\t\t\t\t<a href='https:\/\/www.arquimaster.com.ar\/web\/wp-content\/uploads\/2015\/01\/casa_datri_dasa25.jpg' title=\"Casa DATRI &amp; DASA \/ [mavarq] Marco Vel\u00e1zquez (concepto)\" data-rl_title=\"Casa DATRI &amp; DASA \/ [mavarq] Marco Vel\u00e1zquez (concepto)\" class=\"rl-gallery-link\" data-rl_caption=\"Casa DATRI &amp; DASA \/ [mavarq] Marco Vel\u00e1zquez (concepto)\" data-rel=\"lightbox-gallery-1\"><img loading=\"lazy\" decoding=\"async\" width=\"150\" height=\"150\" src=\"https:\/\/www.arquimaster.com.ar\/web\/wp-content\/uploads\/2015\/01\/casa_datri_dasa25-150x150.jpg\" class=\"attachment-thumbnail size-thumbnail\" alt=\"\" aria-describedby=\"gallery-1-12344\" srcset=\"https:\/\/www.arquimaster.com.ar\/web\/wp-content\/uploads\/2015\/01\/casa_datri_dasa25-150x150.jpg 150w, https:\/\/www.arquimaster.com.ar\/web\/wp-content\/uploads\/2015\/01\/casa_datri_dasa25-50x50.jpg 50w, https:\/\/www.arquimaster.com.ar\/web\/wp-content\/uploads\/2015\/01\/casa_datri_dasa25-125x125.jpg 125w\" sizes=\"auto, (max-width: 150px) 100vw, 150px\" \/><\/a>\n\t\t\t<\/div>\n\t\t\t\t<figcaption class='wp-caption-text gallery-caption' id='gallery-1-12344'>\n\t\t\t\tCasa DATRI &#038; DASA \/ [mavarq] Marco Vel\u00e1zquez (concepto)\n\t\t\t\t<\/figcaption><\/figure><figure class='gallery-item'>\n\t\t\t<div class='gallery-icon landscape'>\n\t\t\t\t<a href='https:\/\/www.arquimaster.com.ar\/web\/wp-content\/uploads\/2015\/01\/casa_datri_dasa26.jpg' title=\"Casa DATRI &amp; DASA \/ [mavarq] Marco Vel\u00e1zquez (planta 1\u00ba piso)\" data-rl_title=\"Casa DATRI &amp; DASA \/ [mavarq] Marco Vel\u00e1zquez (planta 1\u00ba piso)\" class=\"rl-gallery-link\" data-rl_caption=\"Casa DATRI &amp; DASA \/ [mavarq] Marco Vel\u00e1zquez (planta 1\u00ba piso)\" data-rel=\"lightbox-gallery-1\"><img loading=\"lazy\" decoding=\"async\" width=\"150\" height=\"150\" src=\"https:\/\/www.arquimaster.com.ar\/web\/wp-content\/uploads\/2015\/01\/casa_datri_dasa26-150x150.jpg\" class=\"attachment-thumbnail size-thumbnail\" alt=\"\" aria-describedby=\"gallery-1-12345\" srcset=\"https:\/\/www.arquimaster.com.ar\/web\/wp-content\/uploads\/2015\/01\/casa_datri_dasa26-150x150.jpg 150w, https:\/\/www.arquimaster.com.ar\/web\/wp-content\/uploads\/2015\/01\/casa_datri_dasa26-50x50.jpg 50w, https:\/\/www.arquimaster.com.ar\/web\/wp-content\/uploads\/2015\/01\/casa_datri_dasa26-125x125.jpg 125w\" sizes=\"auto, (max-width: 150px) 100vw, 150px\" \/><\/a>\n\t\t\t<\/div>\n\t\t\t\t<figcaption class='wp-caption-text gallery-caption' id='gallery-1-12345'>\n\t\t\t\tCasa DATRI &#038; DASA \/ [mavarq] Marco Vel\u00e1zquez (planta 1\u00ba piso)\n\t\t\t\t<\/figcaption><\/figure><figure class='gallery-item'>\n\t\t\t<div class='gallery-icon landscape'>\n\t\t\t\t<a href='https:\/\/www.arquimaster.com.ar\/web\/wp-content\/uploads\/2015\/01\/casa_datri_dasa27.jpg' title=\"Casa DATRI &amp; DASA \/ [mavarq] Marco Vel\u00e1zquez (planta 2\u00ba piso)\" data-rl_title=\"Casa DATRI &amp; DASA \/ [mavarq] Marco Vel\u00e1zquez (planta 2\u00ba piso)\" class=\"rl-gallery-link\" data-rl_caption=\"Casa DATRI &amp; DASA \/ [mavarq] Marco Vel\u00e1zquez (planta 2\u00ba piso)\" data-rel=\"lightbox-gallery-1\"><img loading=\"lazy\" decoding=\"async\" width=\"150\" height=\"150\" src=\"https:\/\/www.arquimaster.com.ar\/web\/wp-content\/uploads\/2015\/01\/casa_datri_dasa27-150x150.jpg\" class=\"attachment-thumbnail size-thumbnail\" alt=\"\" aria-describedby=\"gallery-1-12346\" srcset=\"https:\/\/www.arquimaster.com.ar\/web\/wp-content\/uploads\/2015\/01\/casa_datri_dasa27-150x150.jpg 150w, https:\/\/www.arquimaster.com.ar\/web\/wp-content\/uploads\/2015\/01\/casa_datri_dasa27-50x50.jpg 50w, https:\/\/www.arquimaster.com.ar\/web\/wp-content\/uploads\/2015\/01\/casa_datri_dasa27-125x125.jpg 125w\" sizes=\"auto, (max-width: 150px) 100vw, 150px\" \/><\/a>\n\t\t\t<\/div>\n\t\t\t\t<figcaption class='wp-caption-text gallery-caption' id='gallery-1-12346'>\n\t\t\t\tCasa DATRI &#038; DASA \/ [mavarq] Marco Vel\u00e1zquez (planta 2\u00ba piso)\n\t\t\t\t<\/figcaption><\/figure><figure class='gallery-item'>\n\t\t\t<div class='gallery-icon landscape'>\n\t\t\t\t<a href='https:\/\/www.arquimaster.com.ar\/web\/wp-content\/uploads\/2015\/01\/casa_datri_dasa28.jpg' title=\"Casa DATRI &amp; DASA \/ [mavarq] Marco Vel\u00e1zquez (planta baja)\" data-rl_title=\"Casa DATRI &amp; DASA \/ [mavarq] Marco Vel\u00e1zquez (planta baja)\" class=\"rl-gallery-link\" data-rl_caption=\"Casa DATRI &amp; DASA \/ [mavarq] Marco Vel\u00e1zquez (planta baja)\" data-rel=\"lightbox-gallery-1\"><img loading=\"lazy\" decoding=\"async\" width=\"150\" height=\"150\" src=\"https:\/\/www.arquimaster.com.ar\/web\/wp-content\/uploads\/2015\/01\/casa_datri_dasa28-150x150.jpg\" class=\"attachment-thumbnail size-thumbnail\" alt=\"\" aria-describedby=\"gallery-1-12347\" srcset=\"https:\/\/www.arquimaster.com.ar\/web\/wp-content\/uploads\/2015\/01\/casa_datri_dasa28-150x150.jpg 150w, https:\/\/www.arquimaster.com.ar\/web\/wp-content\/uploads\/2015\/01\/casa_datri_dasa28-50x50.jpg 50w, https:\/\/www.arquimaster.com.ar\/web\/wp-content\/uploads\/2015\/01\/casa_datri_dasa28-125x125.jpg 125w\" sizes=\"auto, (max-width: 150px) 100vw, 150px\" \/><\/a>\n\t\t\t<\/div>\n\t\t\t\t<figcaption class='wp-caption-text gallery-caption' id='gallery-1-12347'>\n\t\t\t\tCasa DATRI &#038; DASA \/ [mavarq] Marco Vel\u00e1zquez (planta baja)\n\t\t\t\t<\/figcaption><\/figure><figure class='gallery-item'>\n\t\t\t<div class='gallery-icon landscape'>\n\t\t\t\t<a href='https:\/\/www.arquimaster.com.ar\/web\/wp-content\/uploads\/2015\/01\/casa_datri_dasa29.jpg' title=\"Casa DATRI &amp; DASA \/ [mavarq] Marco Vel\u00e1zquez (corte 1-1&#039;)\" data-rl_title=\"Casa DATRI &amp; DASA \/ [mavarq] Marco Vel\u00e1zquez (corte 1-1&#039;)\" class=\"rl-gallery-link\" data-rl_caption=\"Casa DATRI &amp; DASA \/ [mavarq] Marco Vel\u00e1zquez (corte 1-1&#039;)\" data-rel=\"lightbox-gallery-1\"><img loading=\"lazy\" decoding=\"async\" width=\"150\" height=\"150\" src=\"https:\/\/www.arquimaster.com.ar\/web\/wp-content\/uploads\/2015\/01\/casa_datri_dasa29-150x150.jpg\" class=\"attachment-thumbnail size-thumbnail\" alt=\"\" aria-describedby=\"gallery-1-12348\" srcset=\"https:\/\/www.arquimaster.com.ar\/web\/wp-content\/uploads\/2015\/01\/casa_datri_dasa29-150x150.jpg 150w, https:\/\/www.arquimaster.com.ar\/web\/wp-content\/uploads\/2015\/01\/casa_datri_dasa29-50x50.jpg 50w, https:\/\/www.arquimaster.com.ar\/web\/wp-content\/uploads\/2015\/01\/casa_datri_dasa29-125x125.jpg 125w\" sizes=\"auto, (max-width: 150px) 100vw, 150px\" \/><\/a>\n\t\t\t<\/div>\n\t\t\t\t<figcaption class='wp-caption-text gallery-caption' id='gallery-1-12348'>\n\t\t\t\tCasa DATRI &#038; DASA \/ [mavarq] Marco Vel\u00e1zquez (corte 1-1&#8242;)\n\t\t\t\t<\/figcaption><\/figure><figure class='gallery-item'>\n\t\t\t<div class='gallery-icon landscape'>\n\t\t\t\t<a href='https:\/\/www.arquimaster.com.ar\/web\/wp-content\/uploads\/2015\/01\/casa_datri_dasa30.jpg' title=\"Casa DATRI &amp; DASA \/ [mavarq] Marco Vel\u00e1zquez (corte A-A&#039;)\" data-rl_title=\"Casa DATRI &amp; DASA \/ [mavarq] Marco Vel\u00e1zquez (corte A-A&#039;)\" class=\"rl-gallery-link\" data-rl_caption=\"Casa DATRI &amp; DASA \/ [mavarq] Marco Vel\u00e1zquez (corte A-A&#039;)\" data-rel=\"lightbox-gallery-1\"><img loading=\"lazy\" decoding=\"async\" width=\"150\" height=\"150\" src=\"https:\/\/www.arquimaster.com.ar\/web\/wp-content\/uploads\/2015\/01\/casa_datri_dasa30-150x150.jpg\" class=\"attachment-thumbnail size-thumbnail\" alt=\"\" aria-describedby=\"gallery-1-12349\" srcset=\"https:\/\/www.arquimaster.com.ar\/web\/wp-content\/uploads\/2015\/01\/casa_datri_dasa30-150x150.jpg 150w, https:\/\/www.arquimaster.com.ar\/web\/wp-content\/uploads\/2015\/01\/casa_datri_dasa30-50x50.jpg 50w, https:\/\/www.arquimaster.com.ar\/web\/wp-content\/uploads\/2015\/01\/casa_datri_dasa30-125x125.jpg 125w\" sizes=\"auto, (max-width: 150px) 100vw, 150px\" \/><\/a>\n\t\t\t<\/div>\n\t\t\t\t<figcaption class='wp-caption-text gallery-caption' id='gallery-1-12349'>\n\t\t\t\tCasa DATRI &#038; DASA \/ [mavarq] Marco Vel\u00e1zquez (corte A-A&#8217;)\n\t\t\t\t<\/figcaption><\/figure><figure class='gallery-item'>\n\t\t\t<div class='gallery-icon landscape'>\n\t\t\t\t<a href='https:\/\/www.arquimaster.com.ar\/web\/wp-content\/uploads\/2015\/01\/casa_datri_dasa31.jpg' title=\"Casa DATRI &amp; DASA \/ [mavarq] Marco Vel\u00e1zquez (corte B-B&#039;)\" data-rl_title=\"Casa DATRI &amp; DASA \/ [mavarq] Marco Vel\u00e1zquez (corte B-B&#039;)\" class=\"rl-gallery-link\" data-rl_caption=\"Casa DATRI &amp; DASA \/ [mavarq] Marco Vel\u00e1zquez (corte B-B&#039;)\" data-rel=\"lightbox-gallery-1\"><img loading=\"lazy\" decoding=\"async\" width=\"150\" height=\"150\" src=\"https:\/\/www.arquimaster.com.ar\/web\/wp-content\/uploads\/2015\/01\/casa_datri_dasa31-150x150.jpg\" class=\"attachment-thumbnail size-thumbnail\" alt=\"\" aria-describedby=\"gallery-1-12350\" srcset=\"https:\/\/www.arquimaster.com.ar\/web\/wp-content\/uploads\/2015\/01\/casa_datri_dasa31-150x150.jpg 150w, https:\/\/www.arquimaster.com.ar\/web\/wp-content\/uploads\/2015\/01\/casa_datri_dasa31-50x50.jpg 50w, https:\/\/www.arquimaster.com.ar\/web\/wp-content\/uploads\/2015\/01\/casa_datri_dasa31-125x125.jpg 125w\" sizes=\"auto, (max-width: 150px) 100vw, 150px\" \/><\/a>\n\t\t\t<\/div>\n\t\t\t\t<figcaption class='wp-caption-text gallery-caption' id='gallery-1-12350'>\n\t\t\t\tCasa DATRI &#038; DASA \/ [mavarq] Marco Vel\u00e1zquez (corte B-B&#8217;)\n\t\t\t\t<\/figcaption><\/figure><figure class='gallery-item'>\n\t\t\t<div class='gallery-icon landscape'>\n\t\t\t\t<a href='https:\/\/www.arquimaster.com.ar\/web\/wp-content\/uploads\/2015\/01\/casa_datri_dasa32.jpg' title=\"Casa DATRI &amp; DASA \/ [mavarq] Marco Vel\u00e1zquez (vista contrafrente)\" data-rl_title=\"Casa DATRI &amp; DASA \/ [mavarq] Marco Vel\u00e1zquez (vista contrafrente)\" class=\"rl-gallery-link\" data-rl_caption=\"Casa DATRI &amp; DASA \/ [mavarq] Marco Vel\u00e1zquez (vista contrafrente)\" data-rel=\"lightbox-gallery-1\"><img loading=\"lazy\" decoding=\"async\" width=\"150\" height=\"150\" src=\"https:\/\/www.arquimaster.com.ar\/web\/wp-content\/uploads\/2015\/01\/casa_datri_dasa32-150x150.jpg\" class=\"attachment-thumbnail size-thumbnail\" alt=\"\" aria-describedby=\"gallery-1-12351\" srcset=\"https:\/\/www.arquimaster.com.ar\/web\/wp-content\/uploads\/2015\/01\/casa_datri_dasa32-150x150.jpg 150w, https:\/\/www.arquimaster.com.ar\/web\/wp-content\/uploads\/2015\/01\/casa_datri_dasa32-50x50.jpg 50w, https:\/\/www.arquimaster.com.ar\/web\/wp-content\/uploads\/2015\/01\/casa_datri_dasa32-125x125.jpg 125w\" sizes=\"auto, (max-width: 150px) 100vw, 150px\" \/><\/a>\n\t\t\t<\/div>\n\t\t\t\t<figcaption class='wp-caption-text gallery-caption' id='gallery-1-12351'>\n\t\t\t\tCasa DATRI &#038; DASA \/ [mavarq] Marco Vel\u00e1zquez (vista contrafrente)\n\t\t\t\t<\/figcaption><\/figure><figure class='gallery-item'>\n\t\t\t<div class='gallery-icon landscape'>\n\t\t\t\t<a href='https:\/\/www.arquimaster.com.ar\/web\/wp-content\/uploads\/2015\/01\/casa_datri_dasa33.jpg' title=\"Casa DATRI &amp; DASA \/ [mavarq] Marco Vel\u00e1zquez (vista frente)\" data-rl_title=\"Casa DATRI &amp; DASA \/ [mavarq] Marco Vel\u00e1zquez (vista frente)\" class=\"rl-gallery-link\" data-rl_caption=\"Casa DATRI &amp; DASA \/ [mavarq] Marco Vel\u00e1zquez (vista frente)\" data-rel=\"lightbox-gallery-1\"><img loading=\"lazy\" decoding=\"async\" width=\"150\" height=\"150\" src=\"https:\/\/www.arquimaster.com.ar\/web\/wp-content\/uploads\/2015\/01\/casa_datri_dasa33-150x150.jpg\" class=\"attachment-thumbnail size-thumbnail\" alt=\"\" aria-describedby=\"gallery-1-12352\" srcset=\"https:\/\/www.arquimaster.com.ar\/web\/wp-content\/uploads\/2015\/01\/casa_datri_dasa33-150x150.jpg 150w, https:\/\/www.arquimaster.com.ar\/web\/wp-content\/uploads\/2015\/01\/casa_datri_dasa33-50x50.jpg 50w, https:\/\/www.arquimaster.com.ar\/web\/wp-content\/uploads\/2015\/01\/casa_datri_dasa33-125x125.jpg 125w\" sizes=\"auto, (max-width: 150px) 100vw, 150px\" \/><\/a>\n\t\t\t<\/div>\n\t\t\t\t<figcaption class='wp-caption-text gallery-caption' id='gallery-1-12352'>\n\t\t\t\tCasa DATRI &#038; DASA \/ [mavarq] Marco Vel\u00e1zquez (vista frente)\n\t\t\t\t<\/figcaption><\/figure><figure class='gallery-item'>\n\t\t\t<div class='gallery-icon landscape'>\n\t\t\t\t<a href='https:\/\/www.arquimaster.com.ar\/web\/wp-content\/uploads\/2015\/01\/casa_datri_dasa34.jpg' title=\"Casa DATRI &amp; DASA \/ [mavarq] Marco Vel\u00e1zquez (vista interior)\" data-rl_title=\"Casa DATRI &amp; DASA \/ [mavarq] Marco Vel\u00e1zquez (vista interior)\" class=\"rl-gallery-link\" data-rl_caption=\"Casa DATRI &amp; DASA \/ [mavarq] Marco Vel\u00e1zquez (vista interior)\" data-rel=\"lightbox-gallery-1\"><img loading=\"lazy\" decoding=\"async\" width=\"150\" height=\"150\" src=\"https:\/\/www.arquimaster.com.ar\/web\/wp-content\/uploads\/2015\/01\/casa_datri_dasa34-150x150.jpg\" class=\"attachment-thumbnail size-thumbnail\" alt=\"\" aria-describedby=\"gallery-1-12353\" srcset=\"https:\/\/www.arquimaster.com.ar\/web\/wp-content\/uploads\/2015\/01\/casa_datri_dasa34-150x150.jpg 150w, https:\/\/www.arquimaster.com.ar\/web\/wp-content\/uploads\/2015\/01\/casa_datri_dasa34-50x50.jpg 50w, https:\/\/www.arquimaster.com.ar\/web\/wp-content\/uploads\/2015\/01\/casa_datri_dasa34-125x125.jpg 125w\" sizes=\"auto, (max-width: 150px) 100vw, 150px\" \/><\/a>\n\t\t\t<\/div>\n\t\t\t\t<figcaption class='wp-caption-text gallery-caption' id='gallery-1-12353'>\n\t\t\t\tCasa DATRI &#038; DASA \/ [mavarq] Marco Vel\u00e1zquez (vista interior)\n\t\t\t\t<\/figcaption><\/figure>\n\t\t<\/div>\n\n<p><strong>El Sitio<\/strong><br \/>\nDos terrenos de 14 metros de frente por 36 metros de fondo (504 m2) cada uno, con orientaci\u00f3n Norte hacia la parte posterior. El terreno tiene un desnivel del frente a la parte posterior de 4 metros en pendiente continua.<\/p>\n<p><strong>Las restricciones<\/strong><br \/>\nEl fraccionamiento estipula restricciones de \u00e1rea libre de: 6 metros al frente con vista al lago, 7 metros en la parte posterior colindante al campo de golf y 5 metros a lo largo de la colindancia lateral en com\u00fan.<\/p>\n<p><strong>Los requerimientos<\/strong><br \/>\nPara casa DASA deber\u00edan de ser espacios libres y continuos, una completa comunicaci\u00f3n f\u00edsica y visual con las \u00e1reas exteriores, un cuarto completo con acceso independiente de la casa y un \u00e1rea de entretenimiento en planta alta que estuviese comunicada de ser posible con todos los espacios de la casa. Materialmente la casa tendr\u00eda que ser muy sencilla y m\u00ednima, el uso del acero, el concreto y vidrio como acabados aparentes predominantes.<\/p>\n<p>Por otro lado, casa DATRI requer\u00eda de espacios m\u00e1s amplios y a diferencia de su hermana vecina casa DASA, estos fuesen particionados y diferenciados uno de otro, era importante que la experiencia espacial de la casa fuera el de ir descubri\u00e9ndola al momento de recorrerla. En este caso ped\u00edan que los acabados interiores no fuesen aparentes, que en su mayor\u00eda estuvieran recubiertos con materiales muy sencillos.<\/p>\n<p><strong>El reto<\/strong><br \/>\nDise\u00f1ar dos casas de fin de semana para dos hermanos con diferentes gustos y requerimientos pero con un objetivo en com\u00fan: compartir las \u00e1reas exteriores. casa DASA aportar\u00eda a la sinergia el \u00e1rea de terraza-asador, mientras que casa DATRI compartir\u00e1 el \u00e1rea de alberca y bodega.<\/p>\n<p><strong>La propuesta: dise\u00f1ar un conjunto de dos casas<\/strong><br \/>\nBajo esta premisa el punto de partida fue tomar como variables principales el asoleamiento, los vientos dominantes, la topograf\u00eda y el espacio program\u00e1tico en com\u00fan: alberca y terraza. Los cuales deber\u00eda ubicarse en la parte central de ambos terrenos. Al paralelo se opt\u00f3 por tomar como modelo volum\u00e9trico de referencia el esquema tradicional de la casa de campo con techos a dos aguas.<\/p>\n<p>Una vez analizadas las variables se decidi\u00f3 partir sim\u00e9tricamente en dos al esquema volum\u00e9trico inicial. Posteriormente se recorri\u00f3 cada volumen al extremo opuesto sobre las colindancias laterales de cada terreno dando paso a la creaci\u00f3n de un patio central.<\/p>\n<p>Como consecuencia y con la finalidad de personalizar las casas a las necesidades y gustos de cada hermano, se procedi\u00f3 a desarrollar arquitect\u00f3nicamente cada volumen. Usamos operaciones muy sencillas (estirar, sustraer, separar, dividir) que nos ayudaran a conservar lo m\u00e1s posible el esquema inicial pero que como resultado final definieran el volumen y la experiencia espacial.<\/p>\n<p>Estas operaciones no solo definieron el espacio interior de las casas tambi\u00e9n se busc\u00f3 en su manipulaci\u00f3n dar forma al espacio entre ellas (\u00e1rea com\u00fan). Esto se logr\u00f3 creando bolados en los vol\u00famenes de los segundos niveles de ambas casas al mismo tiempo que se manipul\u00f3 la topograf\u00eda del terreno generando cuatro terrazas para absorber y aprovechar el desnivel natural del mismo.<\/p>\n<p>La primera es el nivel de acceso y la cochera, la segunda es un jard\u00edn des\u00e9rtico contemplativo, el tercero es el nivel de desplante de ambas casas. Este nivel en com\u00fan es una superficie continua que forma la terraza de cada casa unidas al centro por una alberca recubierta con el mismo material p\u00e9treo, logrando una continuidad material y visual de una casa a la otra que difumina intencionalmente la obviedad del foso de la alberca. Por \u00faltimo un \u00e1rea ajardinada en la parte posterior de las casas que busca dar continuidad a la alfombra verde del campo de golf.<\/p>\n<p>Materialmente y con la intenci\u00f3n de obedecer a las condiciones estructurales, se busc\u00f3 que la planta baja de ambas casas fuera de concreto aparente. Lo que facilito que el primer nivel trabajara como parte continua de la cimentaci\u00f3n contraponi\u00e9ndose a las fuerzas de gravedad generadas por el cantil\u00e9ver en los segundos niveles de ambas casas. Los vol\u00famenes de los segundos niveles son una serie de cuerpos trapezoidales cerrados y macizos hechos en su totalidad de ladrillo aparente.<\/p>\n<p><strong>Ficha tecnica<\/strong><br \/>\nNombre: Casa DATRI &amp; DASA<br \/>\nProyectista: [mavarq] Marco Vel\u00e1zquez Arquitecto<br \/>\nArquitecto Asociado: Lorenzo Alvarez<br \/>\nColaboradores: Rene Vallejo, Jazmin Rivera, Iezid Huizar, Delia Cabrera<br \/>\nConstrucci\u00f3n: Factor Eficiencia, Ferm\u00edn Espinosa<br \/>\n\u00c1rea total de construcci\u00f3n:\u00a010,800 m2<br \/>\nFecha de terminaci\u00f3n:\u00a0agosto 2014<br \/>\nCosto total de construcci\u00f3n:\u00a0$0.8 millones<br \/>\nFotograf\u00eda: Jaime Navarro<\/p>\n<p><strong>Contacto:<\/strong> <a title=\"[mavarq] Marco Vel\u00e1zquez\" href=\"http:\/\/www.mavarq.com\" target=\"_blank\">http:\/\/www.mavarq.com<\/a><\/p>\n<p>&nbsp;<\/p>\n<p><em>English version<\/em><\/p>\n<p><em><strong>Casa DATRI &amp; DASA<\/strong><\/em><br \/>\n<em>A two-home complex<\/em><\/p>\n<p><em>The Location: Amanali Golf and Nautical club in the city of Tepeji del Rio, Hidalgo. A 45 minute drive from Mexico City.<\/em><\/p>\n<p><em>The Site: two adjacent plots of 14 metros length by 36 metros depth (504 metros2) each, with the back facing North. The site has a continuous slant of 4 metros from front to back.<\/em><\/p>\n<p><em>The restrictions: The housing complex establishes restrictions of open space: 6 metros to the front, which faces the lake; 7 metros in the back (adjacent to the golf course); and 5 metros alongside the lateral common border of both plots of land.<\/em><\/p>\n<p><em>The requirements: DASA house required continuous open spaces, a complete physical and visual communication with exterior areas, a full room with independent access from the main home, and an upstairs entertainment area accessible and communicated from every other space in the home. The materials used were to be minimal and simple, thus the use of steel, concrete and glass were predominant.<\/em><\/p>\n<p><em>DATRI house, on the other hand, required more spread out spaces and, different from neighboring DASA, that they be partitioned and differentiated from one another. It was important that the spatial experience of this home was such that space would be discovered as one moved from one space to another. In this case, there was an explicit demand for noticeable finishes to the interior that would mostly be covered by the use of simple materials.<\/em><\/p>\n<p><em>The challenge: designing two weekend houses for two brothers with different tastes and requirements who shared an objective: common use of exterior areas where DASA house would contribute its terrace and grill, while DATRI house would share its pool and storage place as contributions to the synergy of the complex.<\/em><\/p>\n<p><em>The proposal: the design of a two home complex.<\/em><br \/>\n<em>Under this premise, the starting point was to consider sunlight, dominant wind patterns and topography as our main variables for the pragmatic use of the pool and terrace, which were to be located in the central part of both plots of land. Alongside these considerations, we chose as our volumetric model of reference the traditional country house with two-tiered water rooftop.<\/em><\/p>\n<p><em>Once our variables were analyzed the decision was made to symmetrically split the initial volumetric scheme. Afterwards, each of the construction volumes were pushed to the opposing long ends of the plot in order to create a central common area.<\/em><\/p>\n<p><em>As a result and in order to give a personality to each of the houses according to each of the brother\u2019s tastes and requirements, we began to develop the architecture of each construction. Operations used for this were simple (subtracting, stretching, separating and dividing) and were helpful in conserving the initial scheme as much as possible the result of which, however, would define a unique volume and spatial experience.<\/em><\/p>\n<p><em>The operations not only defined the interior spaces of the houses, but through their manipulation we sought to give form to the space between them: the common outdoor space. This was accomplished with the use of overhangs for second floors of both homes at the same time as taking advantage of the topography of the land by which four outdoor terraces were created to absorb and take advantage of the natural slant in the land.<\/em><\/p>\n<p><em>The first terrace is for the access level and garage; the second is dedicated to a contemplative desert garden; the third is at the level of construction of the houses. This common level is made up of a continuous surface area that makes up the terrace of both houses that are united at the center by a covered pool (the cover is made up of the same stone material), thus accomplishing a visual and material continuity that intentionally blurs the obvious cavity of the pool in the landscape. Lastly, a garden space in the rear of each of the houses seeks to give continuity to the grass covered landscape of the golf course.<\/em><\/p>\n<p><em>Materially, and with the intention of obeying structural conditions, it was sought for the ground floor of both houses to be visibly is made of concrete. This made it easier for the ground floor to also play a role in strengthening the foundations of both houses and countering the gravitational pull of the cantilever used in the second floor. The volumes of the second floors are made up of various solid and closed form trapezoid bodies made up of exposed brick walls.<\/em><\/p>\n\n<div style=\"font-size: 0px; height: 0px; line-height: 0px; margin: 0; padding: 0; clear: both;\"><\/div><div style=\"margin-top: 0px; margin-bottom: 0px;\" class=\"sharethis-inline-share-buttons\" ><\/div>","protected":false},"excerpt":{"rendered":"<p>Conjunto de dos casas de fin se semana para dos hermanos ubicadas en un club de golf y n\u00e1utico&#8230;<\/p>\n","protected":false},"author":1,"featured_media":12319,"comment_status":"closed","ping_status":"closed","sticky":false,"template":"","format":"standard","meta":{"_uag_custom_page_level_css":"","footnotes":""},"categories":[1,251],"tags":[3022,2156,3025,24,3023,254,3024],"class_list":["post-12318","post","type-post","status-publish","format-standard","has-post-thumbnail","hentry","category-proyecto","category-casas-de-playa","tag-amanali","tag-casa-de-fin-de-semana","tag-marco-velazquez","tag-mexico","tag-tepeji-del-rio","tag-vivienda-unifamiliar-2","tag-mavarq","generate-columns","tablet-grid-50","mobile-grid-100","grid-parent","grid-50"],"yoast_head":"<!-- This site is optimized with the Yoast SEO plugin v27.3 - https:\/\/yoast.com\/product\/yoast-seo-wordpress\/ -->\n<title>Casa DATRI &amp; DASA \/ [mavarq] Marco Vel\u00e1zquez - Arquimaster<\/title>\n<meta name=\"robots\" content=\"index, follow, max-snippet:-1, max-image-preview:large, max-video-preview:-1\" \/>\n<link rel=\"canonical\" href=\"https:\/\/www.arquimaster.com.ar\/web\/casa-datri-dasa-mavarq-marco-velazquez\/\" \/>\n<meta property=\"og:locale\" content=\"es_ES\" \/>\n<meta property=\"og:type\" content=\"article\" \/>\n<meta property=\"og:title\" content=\"Casa DATRI &amp; DASA \/ [mavarq] Marco Vel\u00e1zquez - Arquimaster\" \/>\n<meta property=\"og:description\" content=\"Conjunto de dos casas de fin se semana para dos hermanos ubicadas en un club de golf y n\u00e1utico...\" \/>\n<meta property=\"og:url\" content=\"https:\/\/www.arquimaster.com.ar\/web\/casa-datri-dasa-mavarq-marco-velazquez\/\" \/>\n<meta property=\"og:site_name\" content=\"Arquimaster\" \/>\n<meta property=\"article:publisher\" content=\"http:\/\/www.facebook.com\/ARQUIMASTER.com.ar\" \/>\n<meta property=\"article:published_time\" content=\"2015-01-09T14:14:08+00:00\" \/>\n<meta property=\"og:image\" content=\"https:\/\/www.arquimaster.com.ar\/web\/wp-content\/uploads\/2015\/01\/casa_datri_dasa_slide.jpg\" \/>\n\t<meta property=\"og:image:width\" content=\"642\" \/>\n\t<meta property=\"og:image:height\" content=\"336\" \/>\n\t<meta property=\"og:image:type\" content=\"image\/jpeg\" \/>\n<meta name=\"author\" content=\"Arquimaster\" \/>\n<meta name=\"twitter:card\" content=\"summary_large_image\" \/>\n<meta name=\"twitter:creator\" content=\"@arquimaster\" \/>\n<meta name=\"twitter:site\" content=\"@arquimaster\" \/>\n<meta name=\"twitter:label1\" content=\"Escrito por\" \/>\n\t<meta name=\"twitter:data1\" content=\"Arquimaster\" \/>\n\t<meta name=\"twitter:label2\" content=\"Tiempo de lectura\" \/>\n\t<meta name=\"twitter:data2\" content=\"8 minutos\" \/>\n<script type=\"application\/ld+json\" class=\"yoast-schema-graph\">{\"@context\":\"https:\\\/\\\/schema.org\",\"@graph\":[{\"@type\":\"Article\",\"@id\":\"https:\\\/\\\/www.arquimaster.com.ar\\\/web\\\/casa-datri-dasa-mavarq-marco-velazquez\\\/#article\",\"isPartOf\":{\"@id\":\"https:\\\/\\\/www.arquimaster.com.ar\\\/web\\\/casa-datri-dasa-mavarq-marco-velazquez\\\/\"},\"author\":{\"name\":\"Arquimaster\",\"@id\":\"https:\\\/\\\/www.arquimaster.com.ar\\\/web\\\/#\\\/schema\\\/person\\\/359e9f7c00193fcde068e0dd2ceb0028\"},\"headline\":\"Casa DATRI &#038; DASA \\\/ [mavarq] Marco Vel\u00e1zquez\",\"datePublished\":\"2015-01-09T14:14:08+00:00\",\"mainEntityOfPage\":{\"@id\":\"https:\\\/\\\/www.arquimaster.com.ar\\\/web\\\/casa-datri-dasa-mavarq-marco-velazquez\\\/\"},\"wordCount\":1561,\"publisher\":{\"@id\":\"https:\\\/\\\/www.arquimaster.com.ar\\\/web\\\/#organization\"},\"image\":{\"@id\":\"https:\\\/\\\/www.arquimaster.com.ar\\\/web\\\/casa-datri-dasa-mavarq-marco-velazquez\\\/#primaryimage\"},\"thumbnailUrl\":\"https:\\\/\\\/www.arquimaster.com.ar\\\/web\\\/wp-content\\\/uploads\\\/2015\\\/01\\\/casa_datri_dasa_slide.jpg\",\"keywords\":[\"Amanali\",\"casa de fin de semana\",\"Marco Vel\u00e1zquez\",\"Mexico\",\"Tepeji del Rio\",\"vivienda unifamiliar\",\"[mavarq]\"],\"articleSection\":[\"Proyecto\",\"Vivienda no permanente\"],\"inLanguage\":\"es\"},{\"@type\":\"WebPage\",\"@id\":\"https:\\\/\\\/www.arquimaster.com.ar\\\/web\\\/casa-datri-dasa-mavarq-marco-velazquez\\\/\",\"url\":\"https:\\\/\\\/www.arquimaster.com.ar\\\/web\\\/casa-datri-dasa-mavarq-marco-velazquez\\\/\",\"name\":\"Casa DATRI & DASA \\\/ [mavarq] Marco Vel\u00e1zquez - Arquimaster\",\"isPartOf\":{\"@id\":\"https:\\\/\\\/www.arquimaster.com.ar\\\/web\\\/#website\"},\"primaryImageOfPage\":{\"@id\":\"https:\\\/\\\/www.arquimaster.com.ar\\\/web\\\/casa-datri-dasa-mavarq-marco-velazquez\\\/#primaryimage\"},\"image\":{\"@id\":\"https:\\\/\\\/www.arquimaster.com.ar\\\/web\\\/casa-datri-dasa-mavarq-marco-velazquez\\\/#primaryimage\"},\"thumbnailUrl\":\"https:\\\/\\\/www.arquimaster.com.ar\\\/web\\\/wp-content\\\/uploads\\\/2015\\\/01\\\/casa_datri_dasa_slide.jpg\",\"datePublished\":\"2015-01-09T14:14:08+00:00\",\"breadcrumb\":{\"@id\":\"https:\\\/\\\/www.arquimaster.com.ar\\\/web\\\/casa-datri-dasa-mavarq-marco-velazquez\\\/#breadcrumb\"},\"inLanguage\":\"es\",\"potentialAction\":[{\"@type\":\"ReadAction\",\"target\":[\"https:\\\/\\\/www.arquimaster.com.ar\\\/web\\\/casa-datri-dasa-mavarq-marco-velazquez\\\/\"]}]},{\"@type\":\"ImageObject\",\"inLanguage\":\"es\",\"@id\":\"https:\\\/\\\/www.arquimaster.com.ar\\\/web\\\/casa-datri-dasa-mavarq-marco-velazquez\\\/#primaryimage\",\"url\":\"https:\\\/\\\/www.arquimaster.com.ar\\\/web\\\/wp-content\\\/uploads\\\/2015\\\/01\\\/casa_datri_dasa_slide.jpg\",\"contentUrl\":\"https:\\\/\\\/www.arquimaster.com.ar\\\/web\\\/wp-content\\\/uploads\\\/2015\\\/01\\\/casa_datri_dasa_slide.jpg\",\"width\":642,\"height\":336},{\"@type\":\"BreadcrumbList\",\"@id\":\"https:\\\/\\\/www.arquimaster.com.ar\\\/web\\\/casa-datri-dasa-mavarq-marco-velazquez\\\/#breadcrumb\",\"itemListElement\":[{\"@type\":\"ListItem\",\"position\":1,\"name\":\"Portada\",\"item\":\"https:\\\/\\\/www.arquimaster.com.ar\\\/web\\\/\"},{\"@type\":\"ListItem\",\"position\":2,\"name\":\"Casa DATRI &#038; DASA \\\/ [mavarq] Marco Vel\u00e1zquez\"}]},{\"@type\":\"WebSite\",\"@id\":\"https:\\\/\\\/www.arquimaster.com.ar\\\/web\\\/#website\",\"url\":\"https:\\\/\\\/www.arquimaster.com.ar\\\/web\\\/\",\"name\":\"Arquimaster\",\"description\":\"Web de arquitectura, dise\u00f1o y construccion\",\"publisher\":{\"@id\":\"https:\\\/\\\/www.arquimaster.com.ar\\\/web\\\/#organization\"},\"potentialAction\":[{\"@type\":\"SearchAction\",\"target\":{\"@type\":\"EntryPoint\",\"urlTemplate\":\"https:\\\/\\\/www.arquimaster.com.ar\\\/web\\\/?s={search_term_string}\"},\"query-input\":{\"@type\":\"PropertyValueSpecification\",\"valueRequired\":true,\"valueName\":\"search_term_string\"}}],\"inLanguage\":\"es\"},{\"@type\":\"Organization\",\"@id\":\"https:\\\/\\\/www.arquimaster.com.ar\\\/web\\\/#organization\",\"name\":\"Arquimaster\",\"url\":\"https:\\\/\\\/www.arquimaster.com.ar\\\/web\\\/\",\"logo\":{\"@type\":\"ImageObject\",\"inLanguage\":\"es\",\"@id\":\"https:\\\/\\\/www.arquimaster.com.ar\\\/web\\\/#\\\/schema\\\/logo\\\/image\\\/\",\"url\":\"https:\\\/\\\/www.arquimaster.com.ar\\\/web\\\/wp-content\\\/uploads\\\/2022\\\/06\\\/arquimaster.png\",\"contentUrl\":\"https:\\\/\\\/www.arquimaster.com.ar\\\/web\\\/wp-content\\\/uploads\\\/2022\\\/06\\\/arquimaster.png\",\"width\":594,\"height\":78,\"caption\":\"Arquimaster\"},\"image\":{\"@id\":\"https:\\\/\\\/www.arquimaster.com.ar\\\/web\\\/#\\\/schema\\\/logo\\\/image\\\/\"},\"sameAs\":[\"http:\\\/\\\/www.facebook.com\\\/ARQUIMASTER.com.ar\",\"https:\\\/\\\/x.com\\\/arquimaster\",\"https:\\\/\\\/www.instagram.com\\\/arquimasterblog\\\/\",\"https:\\\/\\\/www.linkedin.com\\\/company\\\/arquimaster\",\"https:\\\/\\\/www.pinterest.com\\\/arquimaster\",\"https:\\\/\\\/t.me\\\/arquimaster\"]},{\"@type\":\"Person\",\"@id\":\"https:\\\/\\\/www.arquimaster.com.ar\\\/web\\\/#\\\/schema\\\/person\\\/359e9f7c00193fcde068e0dd2ceb0028\",\"name\":\"Arquimaster\"}]}<\/script>\n<!-- \/ Yoast SEO plugin. -->","yoast_head_json":{"title":"Casa DATRI & DASA \/ [mavarq] Marco Vel\u00e1zquez - Arquimaster","robots":{"index":"index","follow":"follow","max-snippet":"max-snippet:-1","max-image-preview":"max-image-preview:large","max-video-preview":"max-video-preview:-1"},"canonical":"https:\/\/www.arquimaster.com.ar\/web\/casa-datri-dasa-mavarq-marco-velazquez\/","og_locale":"es_ES","og_type":"article","og_title":"Casa DATRI & DASA \/ [mavarq] Marco Vel\u00e1zquez - Arquimaster","og_description":"Conjunto de dos casas de fin se semana para dos hermanos ubicadas en un club de golf y n\u00e1utico...","og_url":"https:\/\/www.arquimaster.com.ar\/web\/casa-datri-dasa-mavarq-marco-velazquez\/","og_site_name":"Arquimaster","article_publisher":"http:\/\/www.facebook.com\/ARQUIMASTER.com.ar","article_published_time":"2015-01-09T14:14:08+00:00","og_image":[{"width":642,"height":336,"url":"https:\/\/www.arquimaster.com.ar\/web\/wp-content\/uploads\/2015\/01\/casa_datri_dasa_slide.jpg","type":"image\/jpeg"}],"author":"Arquimaster","twitter_card":"summary_large_image","twitter_creator":"@arquimaster","twitter_site":"@arquimaster","twitter_misc":{"Escrito por":"Arquimaster","Tiempo de lectura":"8 minutos"},"schema":{"@context":"https:\/\/schema.org","@graph":[{"@type":"Article","@id":"https:\/\/www.arquimaster.com.ar\/web\/casa-datri-dasa-mavarq-marco-velazquez\/#article","isPartOf":{"@id":"https:\/\/www.arquimaster.com.ar\/web\/casa-datri-dasa-mavarq-marco-velazquez\/"},"author":{"name":"Arquimaster","@id":"https:\/\/www.arquimaster.com.ar\/web\/#\/schema\/person\/359e9f7c00193fcde068e0dd2ceb0028"},"headline":"Casa DATRI &#038; DASA \/ [mavarq] Marco Vel\u00e1zquez","datePublished":"2015-01-09T14:14:08+00:00","mainEntityOfPage":{"@id":"https:\/\/www.arquimaster.com.ar\/web\/casa-datri-dasa-mavarq-marco-velazquez\/"},"wordCount":1561,"publisher":{"@id":"https:\/\/www.arquimaster.com.ar\/web\/#organization"},"image":{"@id":"https:\/\/www.arquimaster.com.ar\/web\/casa-datri-dasa-mavarq-marco-velazquez\/#primaryimage"},"thumbnailUrl":"https:\/\/www.arquimaster.com.ar\/web\/wp-content\/uploads\/2015\/01\/casa_datri_dasa_slide.jpg","keywords":["Amanali","casa de fin de semana","Marco Vel\u00e1zquez","Mexico","Tepeji del Rio","vivienda unifamiliar","[mavarq]"],"articleSection":["Proyecto","Vivienda no permanente"],"inLanguage":"es"},{"@type":"WebPage","@id":"https:\/\/www.arquimaster.com.ar\/web\/casa-datri-dasa-mavarq-marco-velazquez\/","url":"https:\/\/www.arquimaster.com.ar\/web\/casa-datri-dasa-mavarq-marco-velazquez\/","name":"Casa DATRI & DASA \/ [mavarq] Marco Vel\u00e1zquez - Arquimaster","isPartOf":{"@id":"https:\/\/www.arquimaster.com.ar\/web\/#website"},"primaryImageOfPage":{"@id":"https:\/\/www.arquimaster.com.ar\/web\/casa-datri-dasa-mavarq-marco-velazquez\/#primaryimage"},"image":{"@id":"https:\/\/www.arquimaster.com.ar\/web\/casa-datri-dasa-mavarq-marco-velazquez\/#primaryimage"},"thumbnailUrl":"https:\/\/www.arquimaster.com.ar\/web\/wp-content\/uploads\/2015\/01\/casa_datri_dasa_slide.jpg","datePublished":"2015-01-09T14:14:08+00:00","breadcrumb":{"@id":"https:\/\/www.arquimaster.com.ar\/web\/casa-datri-dasa-mavarq-marco-velazquez\/#breadcrumb"},"inLanguage":"es","potentialAction":[{"@type":"ReadAction","target":["https:\/\/www.arquimaster.com.ar\/web\/casa-datri-dasa-mavarq-marco-velazquez\/"]}]},{"@type":"ImageObject","inLanguage":"es","@id":"https:\/\/www.arquimaster.com.ar\/web\/casa-datri-dasa-mavarq-marco-velazquez\/#primaryimage","url":"https:\/\/www.arquimaster.com.ar\/web\/wp-content\/uploads\/2015\/01\/casa_datri_dasa_slide.jpg","contentUrl":"https:\/\/www.arquimaster.com.ar\/web\/wp-content\/uploads\/2015\/01\/casa_datri_dasa_slide.jpg","width":642,"height":336},{"@type":"BreadcrumbList","@id":"https:\/\/www.arquimaster.com.ar\/web\/casa-datri-dasa-mavarq-marco-velazquez\/#breadcrumb","itemListElement":[{"@type":"ListItem","position":1,"name":"Portada","item":"https:\/\/www.arquimaster.com.ar\/web\/"},{"@type":"ListItem","position":2,"name":"Casa DATRI &#038; DASA \/ [mavarq] Marco Vel\u00e1zquez"}]},{"@type":"WebSite","@id":"https:\/\/www.arquimaster.com.ar\/web\/#website","url":"https:\/\/www.arquimaster.com.ar\/web\/","name":"Arquimaster","description":"Web de arquitectura, dise\u00f1o y construccion","publisher":{"@id":"https:\/\/www.arquimaster.com.ar\/web\/#organization"},"potentialAction":[{"@type":"SearchAction","target":{"@type":"EntryPoint","urlTemplate":"https:\/\/www.arquimaster.com.ar\/web\/?s={search_term_string}"},"query-input":{"@type":"PropertyValueSpecification","valueRequired":true,"valueName":"search_term_string"}}],"inLanguage":"es"},{"@type":"Organization","@id":"https:\/\/www.arquimaster.com.ar\/web\/#organization","name":"Arquimaster","url":"https:\/\/www.arquimaster.com.ar\/web\/","logo":{"@type":"ImageObject","inLanguage":"es","@id":"https:\/\/www.arquimaster.com.ar\/web\/#\/schema\/logo\/image\/","url":"https:\/\/www.arquimaster.com.ar\/web\/wp-content\/uploads\/2022\/06\/arquimaster.png","contentUrl":"https:\/\/www.arquimaster.com.ar\/web\/wp-content\/uploads\/2022\/06\/arquimaster.png","width":594,"height":78,"caption":"Arquimaster"},"image":{"@id":"https:\/\/www.arquimaster.com.ar\/web\/#\/schema\/logo\/image\/"},"sameAs":["http:\/\/www.facebook.com\/ARQUIMASTER.com.ar","https:\/\/x.com\/arquimaster","https:\/\/www.instagram.com\/arquimasterblog\/","https:\/\/www.linkedin.com\/company\/arquimaster","https:\/\/www.pinterest.com\/arquimaster","https:\/\/t.me\/arquimaster"]},{"@type":"Person","@id":"https:\/\/www.arquimaster.com.ar\/web\/#\/schema\/person\/359e9f7c00193fcde068e0dd2ceb0028","name":"Arquimaster"}]}},"uagb_featured_image_src":{"full":["https:\/\/www.arquimaster.com.ar\/web\/wp-content\/uploads\/2015\/01\/casa_datri_dasa_slide.jpg",642,336,false],"thumbnail":["https:\/\/www.arquimaster.com.ar\/web\/wp-content\/uploads\/2015\/01\/casa_datri_dasa_slide-150x150.jpg",150,150,true],"medium":["https:\/\/www.arquimaster.com.ar\/web\/wp-content\/uploads\/2015\/01\/casa_datri_dasa_slide-573x300.jpg",573,300,true],"medium_large":["https:\/\/www.arquimaster.com.ar\/web\/wp-content\/uploads\/2015\/01\/casa_datri_dasa_slide.jpg",642,336,false],"large":["https:\/\/www.arquimaster.com.ar\/web\/wp-content\/uploads\/2015\/01\/casa_datri_dasa_slide.jpg",642,336,false],"1536x1536":["https:\/\/www.arquimaster.com.ar\/web\/wp-content\/uploads\/2015\/01\/casa_datri_dasa_slide.jpg",642,336,false],"2048x2048":["https:\/\/www.arquimaster.com.ar\/web\/wp-content\/uploads\/2015\/01\/casa_datri_dasa_slide.jpg",642,336,false]},"uagb_author_info":{"display_name":"Arquimaster","author_link":"https:\/\/www.arquimaster.com.ar\/web\/author\/arquimaster\/"},"uagb_comment_info":0,"uagb_excerpt":"Conjunto de dos casas de fin se semana para dos hermanos ubicadas en un club de golf y n\u00e1utico...","_links":{"self":[{"href":"https:\/\/www.arquimaster.com.ar\/web\/wp-json\/wp\/v2\/posts\/12318","targetHints":{"allow":["GET"]}}],"collection":[{"href":"https:\/\/www.arquimaster.com.ar\/web\/wp-json\/wp\/v2\/posts"}],"about":[{"href":"https:\/\/www.arquimaster.com.ar\/web\/wp-json\/wp\/v2\/types\/post"}],"author":[{"embeddable":true,"href":"https:\/\/www.arquimaster.com.ar\/web\/wp-json\/wp\/v2\/users\/1"}],"replies":[{"embeddable":true,"href":"https:\/\/www.arquimaster.com.ar\/web\/wp-json\/wp\/v2\/comments?post=12318"}],"version-history":[{"count":0,"href":"https:\/\/www.arquimaster.com.ar\/web\/wp-json\/wp\/v2\/posts\/12318\/revisions"}],"wp:featuredmedia":[{"embeddable":true,"href":"https:\/\/www.arquimaster.com.ar\/web\/wp-json\/wp\/v2\/media\/12319"}],"wp:attachment":[{"href":"https:\/\/www.arquimaster.com.ar\/web\/wp-json\/wp\/v2\/media?parent=12318"}],"wp:term":[{"taxonomy":"category","embeddable":true,"href":"https:\/\/www.arquimaster.com.ar\/web\/wp-json\/wp\/v2\/categories?post=12318"},{"taxonomy":"post_tag","embeddable":true,"href":"https:\/\/www.arquimaster.com.ar\/web\/wp-json\/wp\/v2\/tags?post=12318"}],"curies":[{"name":"wp","href":"https:\/\/api.w.org\/{rel}","templated":true}]}}