{"id":12794,"date":"2015-02-28T15:00:32","date_gmt":"2015-02-28T15:00:32","guid":{"rendered":"http:\/\/www.arquimaster.com.ar\/web\/?p=12794"},"modified":"2015-03-01T00:21:36","modified_gmt":"2015-03-01T00:21:36","slug":"casa-de-playa-las-gaviotas-volumen","status":"publish","type":"post","link":"https:\/\/www.arquimaster.com.ar\/web\/casa-de-playa-las-gaviotas-volumen\/","title":{"rendered":"Casa de playa Las Gaviotas \/ Volumen"},"content":{"rendered":"<div style=\"margin-top: 0px; margin-bottom: 0px;\" class=\"sharethis-inline-share-buttons\" ><\/div><div class=\"b812932af2e751442846f039925109de\" data-index=\"1\" style=\"float: none; margin:25px 0 25px 0; text-align:center;\">\n<script async src=\"https:\/\/pagead2.googlesyndication.com\/pagead\/js\/adsbygoogle.js\"><\/script>\r\n<!-- Arquimaster (superior) -->\r\n<ins class=\"adsbygoogle\"\r\n     style=\"display:block\"\r\n     data-ad-client=\"ca-pub-6351072698456832\"\r\n     data-ad-slot=\"6455489680\"\r\n     data-ad-format=\"auto\"\r\n     data-full-width-responsive=\"true\"><\/ins>\r\n<script>\r\n     (adsbygoogle = window.adsbygoogle || []).push({});\r\n<\/script>\n<\/div>\n<p><strong>Casa de playa Las Gaviotas<\/strong> (Asia, Lima, Peru) por <strong>Volumen<\/strong>. El proyecto se emplaza en el lugar de manera amigable al entorno utilizando planos continuos como envoltorios din\u00e1micos inclinados dando la sensaci\u00f3n de unidad, ligereza y armon\u00eda.<\/p>\n<div id='gallery-1' class='gallery galleryid-12794 gallery-columns-3 gallery-size-thumbnail'><figure class='gallery-item'>\n\t\t\t<div class='gallery-icon landscape'>\n\t\t\t\t<a href='https:\/\/www.arquimaster.com.ar\/web\/wp-content\/uploads\/2015\/03\/casa_las_gaviotas1.jpg' title=\"Casa de playa Las Gaviotas \/ Volumen (\u00a9 Jan Christian Jahnsen)\" data-rl_title=\"Casa de playa Las Gaviotas \/ Volumen (\u00a9 Jan Christian Jahnsen)\" class=\"rl-gallery-link\" data-rl_caption=\"Casa de playa Las Gaviotas \/ Volumen (\u00a9 Jan Christian Jahnsen)\" data-rel=\"lightbox-gallery-1\"><img loading=\"lazy\" decoding=\"async\" width=\"150\" height=\"150\" src=\"https:\/\/www.arquimaster.com.ar\/web\/wp-content\/uploads\/2015\/03\/casa_las_gaviotas1-150x150.jpg\" class=\"attachment-thumbnail size-thumbnail\" alt=\"\" aria-describedby=\"gallery-1-12797\" srcset=\"https:\/\/www.arquimaster.com.ar\/web\/wp-content\/uploads\/2015\/03\/casa_las_gaviotas1-150x150.jpg 150w, https:\/\/www.arquimaster.com.ar\/web\/wp-content\/uploads\/2015\/03\/casa_las_gaviotas1-50x50.jpg 50w, https:\/\/www.arquimaster.com.ar\/web\/wp-content\/uploads\/2015\/03\/casa_las_gaviotas1-125x125.jpg 125w\" sizes=\"auto, (max-width: 150px) 100vw, 150px\" \/><\/a>\n\t\t\t<\/div>\n\t\t\t\t<figcaption class='wp-caption-text gallery-caption' id='gallery-1-12797'>\n\t\t\t\tCasa de playa Las Gaviotas \/ Volumen (\u00a9 Jan Christian Jahnsen)\n\t\t\t\t<\/figcaption><\/figure><figure class='gallery-item'>\n\t\t\t<div class='gallery-icon landscape'>\n\t\t\t\t<a href='https:\/\/www.arquimaster.com.ar\/web\/wp-content\/uploads\/2015\/03\/casa_las_gaviotas2.jpg' title=\"Casa de playa Las Gaviotas \/ Volumen (\u00a9 Jan Christian Jahnsen)\" data-rl_title=\"Casa de playa Las Gaviotas \/ Volumen (\u00a9 Jan Christian Jahnsen)\" class=\"rl-gallery-link\" data-rl_caption=\"Casa de playa Las Gaviotas \/ Volumen (\u00a9 Jan Christian Jahnsen)\" data-rel=\"lightbox-gallery-1\"><img loading=\"lazy\" decoding=\"async\" width=\"150\" height=\"150\" src=\"https:\/\/www.arquimaster.com.ar\/web\/wp-content\/uploads\/2015\/03\/casa_las_gaviotas2-150x150.jpg\" class=\"attachment-thumbnail size-thumbnail\" alt=\"\" aria-describedby=\"gallery-1-12798\" srcset=\"https:\/\/www.arquimaster.com.ar\/web\/wp-content\/uploads\/2015\/03\/casa_las_gaviotas2-150x150.jpg 150w, https:\/\/www.arquimaster.com.ar\/web\/wp-content\/uploads\/2015\/03\/casa_las_gaviotas2-50x50.jpg 50w, https:\/\/www.arquimaster.com.ar\/web\/wp-content\/uploads\/2015\/03\/casa_las_gaviotas2-125x125.jpg 125w\" sizes=\"auto, (max-width: 150px) 100vw, 150px\" \/><\/a>\n\t\t\t<\/div>\n\t\t\t\t<figcaption class='wp-caption-text gallery-caption' id='gallery-1-12798'>\n\t\t\t\tCasa de playa Las Gaviotas \/ Volumen (\u00a9 Jan Christian Jahnsen)\n\t\t\t\t<\/figcaption><\/figure><figure class='gallery-item'>\n\t\t\t<div class='gallery-icon landscape'>\n\t\t\t\t<a href='https:\/\/www.arquimaster.com.ar\/web\/wp-content\/uploads\/2015\/03\/casa_las_gaviotas3.jpg' title=\"Casa de playa Las Gaviotas \/ Volumen (\u00a9 Jan Christian Jahnsen)\" data-rl_title=\"Casa de playa Las Gaviotas \/ Volumen (\u00a9 Jan Christian Jahnsen)\" class=\"rl-gallery-link\" data-rl_caption=\"Casa de playa Las Gaviotas \/ Volumen (\u00a9 Jan Christian Jahnsen)\" data-rel=\"lightbox-gallery-1\"><img loading=\"lazy\" decoding=\"async\" width=\"150\" height=\"150\" src=\"https:\/\/www.arquimaster.com.ar\/web\/wp-content\/uploads\/2015\/03\/casa_las_gaviotas3-150x150.jpg\" class=\"attachment-thumbnail size-thumbnail\" alt=\"\" aria-describedby=\"gallery-1-12799\" srcset=\"https:\/\/www.arquimaster.com.ar\/web\/wp-content\/uploads\/2015\/03\/casa_las_gaviotas3-150x150.jpg 150w, https:\/\/www.arquimaster.com.ar\/web\/wp-content\/uploads\/2015\/03\/casa_las_gaviotas3-50x50.jpg 50w, https:\/\/www.arquimaster.com.ar\/web\/wp-content\/uploads\/2015\/03\/casa_las_gaviotas3-125x125.jpg 125w\" sizes=\"auto, (max-width: 150px) 100vw, 150px\" \/><\/a>\n\t\t\t<\/div>\n\t\t\t\t<figcaption class='wp-caption-text gallery-caption' id='gallery-1-12799'>\n\t\t\t\tCasa de playa Las Gaviotas \/ Volumen (\u00a9 Jan Christian Jahnsen)\n\t\t\t\t<\/figcaption><\/figure><figure class='gallery-item'>\n\t\t\t<div class='gallery-icon landscape'>\n\t\t\t\t<a href='https:\/\/www.arquimaster.com.ar\/web\/wp-content\/uploads\/2015\/03\/casa_las_gaviotas4.jpg' title=\"Casa de playa Las Gaviotas \/ Volumen (\u00a9 Jan Christian Jahnsen)\" data-rl_title=\"Casa de playa Las Gaviotas \/ Volumen (\u00a9 Jan Christian Jahnsen)\" class=\"rl-gallery-link\" data-rl_caption=\"Casa de playa Las Gaviotas \/ Volumen (\u00a9 Jan Christian Jahnsen)\" data-rel=\"lightbox-gallery-1\"><img loading=\"lazy\" decoding=\"async\" width=\"150\" height=\"150\" src=\"https:\/\/www.arquimaster.com.ar\/web\/wp-content\/uploads\/2015\/03\/casa_las_gaviotas4-150x150.jpg\" class=\"attachment-thumbnail size-thumbnail\" alt=\"\" aria-describedby=\"gallery-1-12800\" srcset=\"https:\/\/www.arquimaster.com.ar\/web\/wp-content\/uploads\/2015\/03\/casa_las_gaviotas4-150x150.jpg 150w, https:\/\/www.arquimaster.com.ar\/web\/wp-content\/uploads\/2015\/03\/casa_las_gaviotas4-50x50.jpg 50w, https:\/\/www.arquimaster.com.ar\/web\/wp-content\/uploads\/2015\/03\/casa_las_gaviotas4-125x125.jpg 125w\" sizes=\"auto, (max-width: 150px) 100vw, 150px\" \/><\/a>\n\t\t\t<\/div>\n\t\t\t\t<figcaption class='wp-caption-text gallery-caption' id='gallery-1-12800'>\n\t\t\t\tCasa de playa Las Gaviotas \/ Volumen (\u00a9 Jan Christian Jahnsen)\n\t\t\t\t<\/figcaption><\/figure><figure class='gallery-item'>\n\t\t\t<div class='gallery-icon landscape'>\n\t\t\t\t<a href='https:\/\/www.arquimaster.com.ar\/web\/wp-content\/uploads\/2015\/03\/casa_las_gaviotas5.jpg' title=\"Casa de playa Las Gaviotas \/ Volumen (\u00a9 Jan Christian Jahnsen)\" data-rl_title=\"Casa de playa Las Gaviotas \/ Volumen (\u00a9 Jan Christian Jahnsen)\" class=\"rl-gallery-link\" data-rl_caption=\"Casa de playa Las Gaviotas \/ Volumen (\u00a9 Jan Christian Jahnsen)\" data-rel=\"lightbox-gallery-1\"><img loading=\"lazy\" decoding=\"async\" width=\"150\" height=\"150\" src=\"https:\/\/www.arquimaster.com.ar\/web\/wp-content\/uploads\/2015\/03\/casa_las_gaviotas5-150x150.jpg\" class=\"attachment-thumbnail size-thumbnail\" alt=\"\" aria-describedby=\"gallery-1-12801\" srcset=\"https:\/\/www.arquimaster.com.ar\/web\/wp-content\/uploads\/2015\/03\/casa_las_gaviotas5-150x150.jpg 150w, https:\/\/www.arquimaster.com.ar\/web\/wp-content\/uploads\/2015\/03\/casa_las_gaviotas5-50x50.jpg 50w, https:\/\/www.arquimaster.com.ar\/web\/wp-content\/uploads\/2015\/03\/casa_las_gaviotas5-125x125.jpg 125w\" sizes=\"auto, (max-width: 150px) 100vw, 150px\" \/><\/a>\n\t\t\t<\/div>\n\t\t\t\t<figcaption class='wp-caption-text gallery-caption' id='gallery-1-12801'>\n\t\t\t\tCasa de playa Las Gaviotas \/ Volumen (\u00a9 Jan Christian Jahnsen)\n\t\t\t\t<\/figcaption><\/figure><figure class='gallery-item'>\n\t\t\t<div class='gallery-icon landscape'>\n\t\t\t\t<a href='https:\/\/www.arquimaster.com.ar\/web\/wp-content\/uploads\/2015\/03\/casa_las_gaviotas6.jpg' title=\"Casa de playa Las Gaviotas \/ Volumen (\u00a9 Jan Christian Jahnsen)\" data-rl_title=\"Casa de playa Las Gaviotas \/ Volumen (\u00a9 Jan Christian Jahnsen)\" class=\"rl-gallery-link\" data-rl_caption=\"Casa de playa Las Gaviotas \/ Volumen (\u00a9 Jan Christian Jahnsen)\" data-rel=\"lightbox-gallery-1\"><img loading=\"lazy\" decoding=\"async\" width=\"150\" height=\"150\" src=\"https:\/\/www.arquimaster.com.ar\/web\/wp-content\/uploads\/2015\/03\/casa_las_gaviotas6-150x150.jpg\" class=\"attachment-thumbnail size-thumbnail\" alt=\"\" aria-describedby=\"gallery-1-12802\" srcset=\"https:\/\/www.arquimaster.com.ar\/web\/wp-content\/uploads\/2015\/03\/casa_las_gaviotas6-150x150.jpg 150w, https:\/\/www.arquimaster.com.ar\/web\/wp-content\/uploads\/2015\/03\/casa_las_gaviotas6-50x50.jpg 50w, https:\/\/www.arquimaster.com.ar\/web\/wp-content\/uploads\/2015\/03\/casa_las_gaviotas6-125x125.jpg 125w\" sizes=\"auto, (max-width: 150px) 100vw, 150px\" \/><\/a>\n\t\t\t<\/div>\n\t\t\t\t<figcaption class='wp-caption-text gallery-caption' id='gallery-1-12802'>\n\t\t\t\tCasa de playa Las Gaviotas \/ Volumen (\u00a9 Jan Christian Jahnsen)\n\t\t\t\t<\/figcaption><\/figure><figure class='gallery-item'>\n\t\t\t<div class='gallery-icon landscape'>\n\t\t\t\t<a href='https:\/\/www.arquimaster.com.ar\/web\/wp-content\/uploads\/2015\/03\/casa_las_gaviotas7.jpg' title=\"Casa de playa Las Gaviotas \/ Volumen (\u00a9 Jan Christian Jahnsen)\" data-rl_title=\"Casa de playa Las Gaviotas \/ Volumen (\u00a9 Jan Christian Jahnsen)\" class=\"rl-gallery-link\" data-rl_caption=\"Casa de playa Las Gaviotas \/ Volumen (\u00a9 Jan Christian Jahnsen)\" data-rel=\"lightbox-gallery-1\"><img loading=\"lazy\" decoding=\"async\" width=\"150\" height=\"150\" src=\"https:\/\/www.arquimaster.com.ar\/web\/wp-content\/uploads\/2015\/03\/casa_las_gaviotas7-150x150.jpg\" class=\"attachment-thumbnail size-thumbnail\" alt=\"\" aria-describedby=\"gallery-1-12803\" srcset=\"https:\/\/www.arquimaster.com.ar\/web\/wp-content\/uploads\/2015\/03\/casa_las_gaviotas7-150x150.jpg 150w, https:\/\/www.arquimaster.com.ar\/web\/wp-content\/uploads\/2015\/03\/casa_las_gaviotas7-50x50.jpg 50w, https:\/\/www.arquimaster.com.ar\/web\/wp-content\/uploads\/2015\/03\/casa_las_gaviotas7-125x125.jpg 125w\" sizes=\"auto, (max-width: 150px) 100vw, 150px\" \/><\/a>\n\t\t\t<\/div>\n\t\t\t\t<figcaption class='wp-caption-text gallery-caption' id='gallery-1-12803'>\n\t\t\t\tCasa de playa Las Gaviotas \/ Volumen (\u00a9 Jan Christian Jahnsen)\n\t\t\t\t<\/figcaption><\/figure><figure class='gallery-item'>\n\t\t\t<div class='gallery-icon landscape'>\n\t\t\t\t<a href='https:\/\/www.arquimaster.com.ar\/web\/wp-content\/uploads\/2015\/03\/casa_las_gaviotas8.jpg' title=\"Casa de playa Las Gaviotas \/ Volumen (\u00a9 Jan Christian Jahnsen)\" data-rl_title=\"Casa de playa Las Gaviotas \/ Volumen (\u00a9 Jan Christian Jahnsen)\" class=\"rl-gallery-link\" data-rl_caption=\"Casa de playa Las Gaviotas \/ Volumen (\u00a9 Jan Christian Jahnsen)\" data-rel=\"lightbox-gallery-1\"><img loading=\"lazy\" decoding=\"async\" width=\"150\" height=\"150\" src=\"https:\/\/www.arquimaster.com.ar\/web\/wp-content\/uploads\/2015\/03\/casa_las_gaviotas8-150x150.jpg\" class=\"attachment-thumbnail size-thumbnail\" alt=\"\" aria-describedby=\"gallery-1-12804\" srcset=\"https:\/\/www.arquimaster.com.ar\/web\/wp-content\/uploads\/2015\/03\/casa_las_gaviotas8-150x150.jpg 150w, https:\/\/www.arquimaster.com.ar\/web\/wp-content\/uploads\/2015\/03\/casa_las_gaviotas8-50x50.jpg 50w, https:\/\/www.arquimaster.com.ar\/web\/wp-content\/uploads\/2015\/03\/casa_las_gaviotas8-125x125.jpg 125w\" sizes=\"auto, (max-width: 150px) 100vw, 150px\" \/><\/a>\n\t\t\t<\/div>\n\t\t\t\t<figcaption class='wp-caption-text gallery-caption' id='gallery-1-12804'>\n\t\t\t\tCasa de playa Las Gaviotas \/ Volumen (\u00a9 Jan Christian Jahnsen)\n\t\t\t\t<\/figcaption><\/figure><figure class='gallery-item'>\n\t\t\t<div class='gallery-icon landscape'>\n\t\t\t\t<a href='https:\/\/www.arquimaster.com.ar\/web\/wp-content\/uploads\/2015\/03\/casa_las_gaviotas9.jpg' title=\"Casa de playa Las Gaviotas \/ Volumen (\u00a9 Jan Christian Jahnsen)\" data-rl_title=\"Casa de playa Las Gaviotas \/ Volumen (\u00a9 Jan Christian Jahnsen)\" class=\"rl-gallery-link\" data-rl_caption=\"Casa de playa Las Gaviotas \/ Volumen (\u00a9 Jan Christian Jahnsen)\" data-rel=\"lightbox-gallery-1\"><img loading=\"lazy\" decoding=\"async\" width=\"150\" height=\"150\" src=\"https:\/\/www.arquimaster.com.ar\/web\/wp-content\/uploads\/2015\/03\/casa_las_gaviotas9-150x150.jpg\" class=\"attachment-thumbnail size-thumbnail\" alt=\"\" aria-describedby=\"gallery-1-12805\" srcset=\"https:\/\/www.arquimaster.com.ar\/web\/wp-content\/uploads\/2015\/03\/casa_las_gaviotas9-150x150.jpg 150w, https:\/\/www.arquimaster.com.ar\/web\/wp-content\/uploads\/2015\/03\/casa_las_gaviotas9-50x50.jpg 50w, https:\/\/www.arquimaster.com.ar\/web\/wp-content\/uploads\/2015\/03\/casa_las_gaviotas9-125x125.jpg 125w\" sizes=\"auto, (max-width: 150px) 100vw, 150px\" \/><\/a>\n\t\t\t<\/div>\n\t\t\t\t<figcaption class='wp-caption-text gallery-caption' id='gallery-1-12805'>\n\t\t\t\tCasa de playa Las Gaviotas \/ Volumen (\u00a9 Jan Christian Jahnsen)\n\t\t\t\t<\/figcaption><\/figure><figure class='gallery-item'>\n\t\t\t<div class='gallery-icon landscape'>\n\t\t\t\t<a href='https:\/\/www.arquimaster.com.ar\/web\/wp-content\/uploads\/2015\/03\/casa_las_gaviotas10.jpg' title=\"Casa de playa Las Gaviotas \/ Volumen (\u00a9 Jan Christian Jahnsen)\" data-rl_title=\"Casa de playa Las Gaviotas \/ Volumen (\u00a9 Jan Christian Jahnsen)\" class=\"rl-gallery-link\" data-rl_caption=\"Casa de playa Las Gaviotas \/ Volumen (\u00a9 Jan Christian Jahnsen)\" data-rel=\"lightbox-gallery-1\"><img loading=\"lazy\" decoding=\"async\" width=\"150\" height=\"150\" src=\"https:\/\/www.arquimaster.com.ar\/web\/wp-content\/uploads\/2015\/03\/casa_las_gaviotas10-150x150.jpg\" class=\"attachment-thumbnail size-thumbnail\" alt=\"\" aria-describedby=\"gallery-1-12806\" srcset=\"https:\/\/www.arquimaster.com.ar\/web\/wp-content\/uploads\/2015\/03\/casa_las_gaviotas10-150x150.jpg 150w, https:\/\/www.arquimaster.com.ar\/web\/wp-content\/uploads\/2015\/03\/casa_las_gaviotas10-50x50.jpg 50w, https:\/\/www.arquimaster.com.ar\/web\/wp-content\/uploads\/2015\/03\/casa_las_gaviotas10-125x125.jpg 125w\" sizes=\"auto, (max-width: 150px) 100vw, 150px\" \/><\/a>\n\t\t\t<\/div>\n\t\t\t\t<figcaption class='wp-caption-text gallery-caption' id='gallery-1-12806'>\n\t\t\t\tCasa de playa Las Gaviotas \/ Volumen (\u00a9 Jan Christian Jahnsen)\n\t\t\t\t<\/figcaption><\/figure><figure class='gallery-item'>\n\t\t\t<div class='gallery-icon landscape'>\n\t\t\t\t<a href='https:\/\/www.arquimaster.com.ar\/web\/wp-content\/uploads\/2015\/03\/casa_las_gaviotas11.jpg' title=\"Casa de playa Las Gaviotas \/ Volumen (\u00a9 Jan Christian Jahnsen)\" data-rl_title=\"Casa de playa Las Gaviotas \/ Volumen (\u00a9 Jan Christian Jahnsen)\" class=\"rl-gallery-link\" data-rl_caption=\"Casa de playa Las Gaviotas \/ Volumen (\u00a9 Jan Christian Jahnsen)\" data-rel=\"lightbox-gallery-1\"><img loading=\"lazy\" decoding=\"async\" width=\"150\" height=\"150\" src=\"https:\/\/www.arquimaster.com.ar\/web\/wp-content\/uploads\/2015\/03\/casa_las_gaviotas11-150x150.jpg\" class=\"attachment-thumbnail size-thumbnail\" alt=\"\" aria-describedby=\"gallery-1-12807\" srcset=\"https:\/\/www.arquimaster.com.ar\/web\/wp-content\/uploads\/2015\/03\/casa_las_gaviotas11-150x150.jpg 150w, https:\/\/www.arquimaster.com.ar\/web\/wp-content\/uploads\/2015\/03\/casa_las_gaviotas11-50x50.jpg 50w, https:\/\/www.arquimaster.com.ar\/web\/wp-content\/uploads\/2015\/03\/casa_las_gaviotas11-125x125.jpg 125w\" sizes=\"auto, (max-width: 150px) 100vw, 150px\" \/><\/a>\n\t\t\t<\/div>\n\t\t\t\t<figcaption class='wp-caption-text gallery-caption' id='gallery-1-12807'>\n\t\t\t\tCasa de playa Las Gaviotas \/ Volumen (\u00a9 Jan Christian Jahnsen)\n\t\t\t\t<\/figcaption><\/figure><figure class='gallery-item'>\n\t\t\t<div class='gallery-icon landscape'>\n\t\t\t\t<a href='https:\/\/www.arquimaster.com.ar\/web\/wp-content\/uploads\/2015\/03\/casa_las_gaviotas12.jpg' title=\"Casa de playa Las Gaviotas \/ Volumen (\u00a9 Jan Christian Jahnsen)\" data-rl_title=\"Casa de playa Las Gaviotas \/ Volumen (\u00a9 Jan Christian Jahnsen)\" class=\"rl-gallery-link\" data-rl_caption=\"Casa de playa Las Gaviotas \/ Volumen (\u00a9 Jan Christian Jahnsen)\" data-rel=\"lightbox-gallery-1\"><img loading=\"lazy\" decoding=\"async\" width=\"150\" height=\"150\" src=\"https:\/\/www.arquimaster.com.ar\/web\/wp-content\/uploads\/2015\/03\/casa_las_gaviotas12-150x150.jpg\" class=\"attachment-thumbnail size-thumbnail\" alt=\"\" aria-describedby=\"gallery-1-12808\" srcset=\"https:\/\/www.arquimaster.com.ar\/web\/wp-content\/uploads\/2015\/03\/casa_las_gaviotas12-150x150.jpg 150w, https:\/\/www.arquimaster.com.ar\/web\/wp-content\/uploads\/2015\/03\/casa_las_gaviotas12-50x50.jpg 50w, https:\/\/www.arquimaster.com.ar\/web\/wp-content\/uploads\/2015\/03\/casa_las_gaviotas12-125x125.jpg 125w\" sizes=\"auto, (max-width: 150px) 100vw, 150px\" \/><\/a>\n\t\t\t<\/div>\n\t\t\t\t<figcaption class='wp-caption-text gallery-caption' id='gallery-1-12808'>\n\t\t\t\tCasa de playa Las Gaviotas \/ Volumen (\u00a9 Jan Christian Jahnsen)\n\t\t\t\t<\/figcaption><\/figure><figure class='gallery-item'>\n\t\t\t<div class='gallery-icon landscape'>\n\t\t\t\t<a href='https:\/\/www.arquimaster.com.ar\/web\/wp-content\/uploads\/2015\/03\/casa_las_gaviotas13.jpg' title=\"Casa de playa Las Gaviotas \/ Volumen (\u00a9 Jan Christian Jahnsen)\" data-rl_title=\"Casa de playa Las Gaviotas \/ Volumen (\u00a9 Jan Christian Jahnsen)\" class=\"rl-gallery-link\" data-rl_caption=\"Casa de playa Las Gaviotas \/ Volumen (\u00a9 Jan Christian Jahnsen)\" data-rel=\"lightbox-gallery-1\"><img loading=\"lazy\" decoding=\"async\" width=\"150\" height=\"150\" src=\"https:\/\/www.arquimaster.com.ar\/web\/wp-content\/uploads\/2015\/03\/casa_las_gaviotas13-150x150.jpg\" class=\"attachment-thumbnail size-thumbnail\" alt=\"\" aria-describedby=\"gallery-1-12809\" srcset=\"https:\/\/www.arquimaster.com.ar\/web\/wp-content\/uploads\/2015\/03\/casa_las_gaviotas13-150x150.jpg 150w, https:\/\/www.arquimaster.com.ar\/web\/wp-content\/uploads\/2015\/03\/casa_las_gaviotas13-50x50.jpg 50w, https:\/\/www.arquimaster.com.ar\/web\/wp-content\/uploads\/2015\/03\/casa_las_gaviotas13-125x125.jpg 125w\" sizes=\"auto, (max-width: 150px) 100vw, 150px\" \/><\/a>\n\t\t\t<\/div>\n\t\t\t\t<figcaption class='wp-caption-text gallery-caption' id='gallery-1-12809'>\n\t\t\t\tCasa de playa Las Gaviotas \/ Volumen (\u00a9 Jan Christian Jahnsen)\n\t\t\t\t<\/figcaption><\/figure><figure class='gallery-item'>\n\t\t\t<div class='gallery-icon portrait'>\n\t\t\t\t<a href='https:\/\/www.arquimaster.com.ar\/web\/wp-content\/uploads\/2015\/03\/casa_las_gaviotas14.jpg' title=\"Casa de playa Las Gaviotas \/ Volumen (\u00a9 Jan Christian Jahnsen)\" data-rl_title=\"Casa de playa Las Gaviotas \/ Volumen (\u00a9 Jan Christian Jahnsen)\" class=\"rl-gallery-link\" data-rl_caption=\"Casa de playa Las Gaviotas \/ Volumen (\u00a9 Jan Christian Jahnsen)\" data-rel=\"lightbox-gallery-1\"><img loading=\"lazy\" decoding=\"async\" width=\"150\" height=\"150\" src=\"https:\/\/www.arquimaster.com.ar\/web\/wp-content\/uploads\/2015\/03\/casa_las_gaviotas14-150x150.jpg\" class=\"attachment-thumbnail size-thumbnail\" alt=\"\" aria-describedby=\"gallery-1-12810\" srcset=\"https:\/\/www.arquimaster.com.ar\/web\/wp-content\/uploads\/2015\/03\/casa_las_gaviotas14-150x150.jpg 150w, https:\/\/www.arquimaster.com.ar\/web\/wp-content\/uploads\/2015\/03\/casa_las_gaviotas14-50x50.jpg 50w, https:\/\/www.arquimaster.com.ar\/web\/wp-content\/uploads\/2015\/03\/casa_las_gaviotas14-125x125.jpg 125w\" sizes=\"auto, (max-width: 150px) 100vw, 150px\" \/><\/a>\n\t\t\t<\/div>\n\t\t\t\t<figcaption class='wp-caption-text gallery-caption' id='gallery-1-12810'>\n\t\t\t\tCasa de playa Las Gaviotas \/ Volumen (\u00a9 Jan Christian Jahnsen)\n\t\t\t\t<\/figcaption><\/figure><figure class='gallery-item'>\n\t\t\t<div class='gallery-icon portrait'>\n\t\t\t\t<a href='https:\/\/www.arquimaster.com.ar\/web\/wp-content\/uploads\/2015\/03\/casa_las_gaviotas15.jpg' title=\"Casa de playa Las Gaviotas \/ Volumen (\u00a9 Jan Christian Jahnsen)\" data-rl_title=\"Casa de playa Las Gaviotas \/ Volumen (\u00a9 Jan Christian Jahnsen)\" class=\"rl-gallery-link\" data-rl_caption=\"Casa de playa Las Gaviotas \/ Volumen (\u00a9 Jan Christian Jahnsen)\" data-rel=\"lightbox-gallery-1\"><img loading=\"lazy\" decoding=\"async\" width=\"150\" height=\"150\" src=\"https:\/\/www.arquimaster.com.ar\/web\/wp-content\/uploads\/2015\/03\/casa_las_gaviotas15-150x150.jpg\" class=\"attachment-thumbnail size-thumbnail\" alt=\"\" aria-describedby=\"gallery-1-12811\" srcset=\"https:\/\/www.arquimaster.com.ar\/web\/wp-content\/uploads\/2015\/03\/casa_las_gaviotas15-150x150.jpg 150w, https:\/\/www.arquimaster.com.ar\/web\/wp-content\/uploads\/2015\/03\/casa_las_gaviotas15-50x50.jpg 50w, https:\/\/www.arquimaster.com.ar\/web\/wp-content\/uploads\/2015\/03\/casa_las_gaviotas15-125x125.jpg 125w\" sizes=\"auto, (max-width: 150px) 100vw, 150px\" \/><\/a>\n\t\t\t<\/div>\n\t\t\t\t<figcaption class='wp-caption-text gallery-caption' id='gallery-1-12811'>\n\t\t\t\tCasa de playa Las Gaviotas \/ Volumen (\u00a9 Jan Christian Jahnsen)\n\t\t\t\t<\/figcaption><\/figure><figure class='gallery-item'>\n\t\t\t<div class='gallery-icon portrait'>\n\t\t\t\t<a href='https:\/\/www.arquimaster.com.ar\/web\/wp-content\/uploads\/2015\/03\/casa_las_gaviotas16.jpg' title=\"Casa de playa Las Gaviotas \/ Volumen (\u00a9 Jan Christian Jahnsen)\" data-rl_title=\"Casa de playa Las Gaviotas \/ Volumen (\u00a9 Jan Christian Jahnsen)\" class=\"rl-gallery-link\" data-rl_caption=\"Casa de playa Las Gaviotas \/ Volumen (\u00a9 Jan Christian Jahnsen)\" data-rel=\"lightbox-gallery-1\"><img loading=\"lazy\" decoding=\"async\" width=\"150\" height=\"150\" src=\"https:\/\/www.arquimaster.com.ar\/web\/wp-content\/uploads\/2015\/03\/casa_las_gaviotas16-150x150.jpg\" class=\"attachment-thumbnail size-thumbnail\" alt=\"\" aria-describedby=\"gallery-1-12812\" srcset=\"https:\/\/www.arquimaster.com.ar\/web\/wp-content\/uploads\/2015\/03\/casa_las_gaviotas16-150x150.jpg 150w, https:\/\/www.arquimaster.com.ar\/web\/wp-content\/uploads\/2015\/03\/casa_las_gaviotas16-50x50.jpg 50w, https:\/\/www.arquimaster.com.ar\/web\/wp-content\/uploads\/2015\/03\/casa_las_gaviotas16-125x125.jpg 125w\" sizes=\"auto, (max-width: 150px) 100vw, 150px\" \/><\/a>\n\t\t\t<\/div>\n\t\t\t\t<figcaption class='wp-caption-text gallery-caption' id='gallery-1-12812'>\n\t\t\t\tCasa de playa Las Gaviotas \/ Volumen (\u00a9 Jan Christian Jahnsen)\n\t\t\t\t<\/figcaption><\/figure><figure class='gallery-item'>\n\t\t\t<div class='gallery-icon portrait'>\n\t\t\t\t<a href='https:\/\/www.arquimaster.com.ar\/web\/wp-content\/uploads\/2015\/03\/casa_las_gaviotas17.jpg' title=\"Casa de playa Las Gaviotas \/ Volumen (\u00a9 Jan Christian Jahnsen)\" data-rl_title=\"Casa de playa Las Gaviotas \/ Volumen (\u00a9 Jan Christian Jahnsen)\" class=\"rl-gallery-link\" data-rl_caption=\"Casa de playa Las Gaviotas \/ Volumen (\u00a9 Jan Christian Jahnsen)\" data-rel=\"lightbox-gallery-1\"><img loading=\"lazy\" decoding=\"async\" width=\"150\" height=\"150\" src=\"https:\/\/www.arquimaster.com.ar\/web\/wp-content\/uploads\/2015\/03\/casa_las_gaviotas17-150x150.jpg\" class=\"attachment-thumbnail size-thumbnail\" alt=\"\" aria-describedby=\"gallery-1-12813\" srcset=\"https:\/\/www.arquimaster.com.ar\/web\/wp-content\/uploads\/2015\/03\/casa_las_gaviotas17-150x150.jpg 150w, https:\/\/www.arquimaster.com.ar\/web\/wp-content\/uploads\/2015\/03\/casa_las_gaviotas17-50x50.jpg 50w, https:\/\/www.arquimaster.com.ar\/web\/wp-content\/uploads\/2015\/03\/casa_las_gaviotas17-125x125.jpg 125w\" sizes=\"auto, (max-width: 150px) 100vw, 150px\" \/><\/a>\n\t\t\t<\/div>\n\t\t\t\t<figcaption class='wp-caption-text gallery-caption' id='gallery-1-12813'>\n\t\t\t\tCasa de playa Las Gaviotas \/ Volumen (\u00a9 Jan Christian Jahnsen)\n\t\t\t\t<\/figcaption><\/figure><figure class='gallery-item'>\n\t\t\t<div class='gallery-icon landscape'>\n\t\t\t\t<a href='https:\/\/www.arquimaster.com.ar\/web\/wp-content\/uploads\/2015\/03\/casa_las_gaviotas181.jpg' title=\"Casa de playa Las Gaviotas \/ Volumen\" data-rl_title=\"Casa de playa Las Gaviotas \/ Volumen\" class=\"rl-gallery-link\" data-rl_caption=\"Casa de playa Las Gaviotas \/ Volumen\" data-rel=\"lightbox-gallery-1\"><img loading=\"lazy\" decoding=\"async\" width=\"150\" height=\"150\" src=\"https:\/\/www.arquimaster.com.ar\/web\/wp-content\/uploads\/2015\/03\/casa_las_gaviotas181-150x150.jpg\" class=\"attachment-thumbnail size-thumbnail\" alt=\"\" aria-describedby=\"gallery-1-12824\" srcset=\"https:\/\/www.arquimaster.com.ar\/web\/wp-content\/uploads\/2015\/03\/casa_las_gaviotas181-150x150.jpg 150w, https:\/\/www.arquimaster.com.ar\/web\/wp-content\/uploads\/2015\/03\/casa_las_gaviotas181-50x50.jpg 50w, https:\/\/www.arquimaster.com.ar\/web\/wp-content\/uploads\/2015\/03\/casa_las_gaviotas181-125x125.jpg 125w\" sizes=\"auto, (max-width: 150px) 100vw, 150px\" \/><\/a>\n\t\t\t<\/div>\n\t\t\t\t<figcaption class='wp-caption-text gallery-caption' id='gallery-1-12824'>\n\t\t\t\tCasa de playa Las Gaviotas \/ Volumen\n\t\t\t\t<\/figcaption><\/figure><figure class='gallery-item'>\n\t\t\t<div class='gallery-icon landscape'>\n\t\t\t\t<a href='https:\/\/www.arquimaster.com.ar\/web\/wp-content\/uploads\/2015\/03\/casa_las_gaviotas191.jpg' title=\"Casa de playa Las Gaviotas \/ Volumen\" data-rl_title=\"Casa de playa Las Gaviotas \/ Volumen\" class=\"rl-gallery-link\" data-rl_caption=\"Casa de playa Las Gaviotas \/ Volumen\" data-rel=\"lightbox-gallery-1\"><img loading=\"lazy\" decoding=\"async\" width=\"150\" height=\"150\" src=\"https:\/\/www.arquimaster.com.ar\/web\/wp-content\/uploads\/2015\/03\/casa_las_gaviotas191-150x150.jpg\" class=\"attachment-thumbnail size-thumbnail\" alt=\"\" aria-describedby=\"gallery-1-12825\" srcset=\"https:\/\/www.arquimaster.com.ar\/web\/wp-content\/uploads\/2015\/03\/casa_las_gaviotas191-150x150.jpg 150w, https:\/\/www.arquimaster.com.ar\/web\/wp-content\/uploads\/2015\/03\/casa_las_gaviotas191-50x50.jpg 50w, https:\/\/www.arquimaster.com.ar\/web\/wp-content\/uploads\/2015\/03\/casa_las_gaviotas191-125x125.jpg 125w\" sizes=\"auto, (max-width: 150px) 100vw, 150px\" \/><\/a>\n\t\t\t<\/div>\n\t\t\t\t<figcaption class='wp-caption-text gallery-caption' id='gallery-1-12825'>\n\t\t\t\tCasa de playa Las Gaviotas \/ Volumen\n\t\t\t\t<\/figcaption><\/figure><figure class='gallery-item'>\n\t\t\t<div class='gallery-icon landscape'>\n\t\t\t\t<a href='https:\/\/www.arquimaster.com.ar\/web\/wp-content\/uploads\/2015\/03\/casa_las_gaviotas20.jpg' title=\"Casa de playa Las Gaviotas \/ Volumen (planta baja)\" data-rl_title=\"Casa de playa Las Gaviotas \/ Volumen (planta baja)\" class=\"rl-gallery-link\" data-rl_caption=\"Casa de playa Las Gaviotas \/ Volumen (planta baja)\" data-rel=\"lightbox-gallery-1\"><img loading=\"lazy\" decoding=\"async\" width=\"150\" height=\"150\" src=\"https:\/\/www.arquimaster.com.ar\/web\/wp-content\/uploads\/2015\/03\/casa_las_gaviotas20-150x150.jpg\" class=\"attachment-thumbnail size-thumbnail\" alt=\"\" aria-describedby=\"gallery-1-12816\" srcset=\"https:\/\/www.arquimaster.com.ar\/web\/wp-content\/uploads\/2015\/03\/casa_las_gaviotas20-150x150.jpg 150w, https:\/\/www.arquimaster.com.ar\/web\/wp-content\/uploads\/2015\/03\/casa_las_gaviotas20-50x50.jpg 50w, https:\/\/www.arquimaster.com.ar\/web\/wp-content\/uploads\/2015\/03\/casa_las_gaviotas20-125x125.jpg 125w\" sizes=\"auto, (max-width: 150px) 100vw, 150px\" \/><\/a>\n\t\t\t<\/div>\n\t\t\t\t<figcaption class='wp-caption-text gallery-caption' id='gallery-1-12816'>\n\t\t\t\tCasa de playa Las Gaviotas \/ Volumen (planta baja)\n\t\t\t\t<\/figcaption><\/figure><figure class='gallery-item'>\n\t\t\t<div class='gallery-icon landscape'>\n\t\t\t\t<a href='https:\/\/www.arquimaster.com.ar\/web\/wp-content\/uploads\/2015\/03\/casa_las_gaviotas21.jpg' title=\"Casa de playa Las Gaviotas \/ Volumen (planta sotano)\" data-rl_title=\"Casa de playa Las Gaviotas \/ Volumen (planta sotano)\" class=\"rl-gallery-link\" data-rl_caption=\"Casa de playa Las Gaviotas \/ Volumen (planta sotano)\" data-rel=\"lightbox-gallery-1\"><img loading=\"lazy\" decoding=\"async\" width=\"150\" height=\"150\" src=\"https:\/\/www.arquimaster.com.ar\/web\/wp-content\/uploads\/2015\/03\/casa_las_gaviotas21-150x150.jpg\" class=\"attachment-thumbnail size-thumbnail\" alt=\"\" aria-describedby=\"gallery-1-12817\" srcset=\"https:\/\/www.arquimaster.com.ar\/web\/wp-content\/uploads\/2015\/03\/casa_las_gaviotas21-150x150.jpg 150w, https:\/\/www.arquimaster.com.ar\/web\/wp-content\/uploads\/2015\/03\/casa_las_gaviotas21-50x50.jpg 50w, https:\/\/www.arquimaster.com.ar\/web\/wp-content\/uploads\/2015\/03\/casa_las_gaviotas21-125x125.jpg 125w\" sizes=\"auto, (max-width: 150px) 100vw, 150px\" \/><\/a>\n\t\t\t<\/div>\n\t\t\t\t<figcaption class='wp-caption-text gallery-caption' id='gallery-1-12817'>\n\t\t\t\tCasa de playa Las Gaviotas \/ Volumen (planta sotano)\n\t\t\t\t<\/figcaption><\/figure><figure class='gallery-item'>\n\t\t\t<div class='gallery-icon landscape'>\n\t\t\t\t<a href='https:\/\/www.arquimaster.com.ar\/web\/wp-content\/uploads\/2015\/03\/casa_las_gaviotas22.jpg' title=\"Casa de playa Las Gaviotas \/ Volumen (corte)\" data-rl_title=\"Casa de playa Las Gaviotas \/ Volumen (corte)\" class=\"rl-gallery-link\" data-rl_caption=\"Casa de playa Las Gaviotas \/ Volumen (corte)\" data-rel=\"lightbox-gallery-1\"><img loading=\"lazy\" decoding=\"async\" width=\"150\" height=\"150\" src=\"https:\/\/www.arquimaster.com.ar\/web\/wp-content\/uploads\/2015\/03\/casa_las_gaviotas22-150x150.jpg\" class=\"attachment-thumbnail size-thumbnail\" alt=\"\" aria-describedby=\"gallery-1-12818\" srcset=\"https:\/\/www.arquimaster.com.ar\/web\/wp-content\/uploads\/2015\/03\/casa_las_gaviotas22-150x150.jpg 150w, https:\/\/www.arquimaster.com.ar\/web\/wp-content\/uploads\/2015\/03\/casa_las_gaviotas22-50x50.jpg 50w, https:\/\/www.arquimaster.com.ar\/web\/wp-content\/uploads\/2015\/03\/casa_las_gaviotas22-125x125.jpg 125w\" sizes=\"auto, (max-width: 150px) 100vw, 150px\" \/><\/a>\n\t\t\t<\/div>\n\t\t\t\t<figcaption class='wp-caption-text gallery-caption' id='gallery-1-12818'>\n\t\t\t\tCasa de playa Las Gaviotas \/ Volumen (corte)\n\t\t\t\t<\/figcaption><\/figure><figure class='gallery-item'>\n\t\t\t<div class='gallery-icon landscape'>\n\t\t\t\t<a href='https:\/\/www.arquimaster.com.ar\/web\/wp-content\/uploads\/2015\/03\/casa_las_gaviotas23.jpg' title=\"Casa de playa Las Gaviotas \/ Volumen (corte)\" data-rl_title=\"Casa de playa Las Gaviotas \/ Volumen (corte)\" class=\"rl-gallery-link\" data-rl_caption=\"Casa de playa Las Gaviotas \/ Volumen (corte)\" data-rel=\"lightbox-gallery-1\"><img loading=\"lazy\" decoding=\"async\" width=\"150\" height=\"150\" src=\"https:\/\/www.arquimaster.com.ar\/web\/wp-content\/uploads\/2015\/03\/casa_las_gaviotas23-150x150.jpg\" class=\"attachment-thumbnail size-thumbnail\" alt=\"\" aria-describedby=\"gallery-1-12819\" srcset=\"https:\/\/www.arquimaster.com.ar\/web\/wp-content\/uploads\/2015\/03\/casa_las_gaviotas23-150x150.jpg 150w, https:\/\/www.arquimaster.com.ar\/web\/wp-content\/uploads\/2015\/03\/casa_las_gaviotas23-50x50.jpg 50w, https:\/\/www.arquimaster.com.ar\/web\/wp-content\/uploads\/2015\/03\/casa_las_gaviotas23-125x125.jpg 125w\" sizes=\"auto, (max-width: 150px) 100vw, 150px\" \/><\/a>\n\t\t\t<\/div>\n\t\t\t\t<figcaption class='wp-caption-text gallery-caption' id='gallery-1-12819'>\n\t\t\t\tCasa de playa Las Gaviotas \/ Volumen (corte)\n\t\t\t\t<\/figcaption><\/figure><figure class='gallery-item'>\n\t\t\t<div class='gallery-icon landscape'>\n\t\t\t\t<a href='https:\/\/www.arquimaster.com.ar\/web\/wp-content\/uploads\/2015\/03\/casa_las_gaviotas24.jpg' title=\"Casa de playa Las Gaviotas \/ Volumen (corte)\" data-rl_title=\"Casa de playa Las Gaviotas \/ Volumen (corte)\" class=\"rl-gallery-link\" data-rl_caption=\"Casa de playa Las Gaviotas \/ Volumen (corte)\" data-rel=\"lightbox-gallery-1\"><img loading=\"lazy\" decoding=\"async\" width=\"150\" height=\"150\" src=\"https:\/\/www.arquimaster.com.ar\/web\/wp-content\/uploads\/2015\/03\/casa_las_gaviotas24-150x150.jpg\" class=\"attachment-thumbnail size-thumbnail\" alt=\"\" aria-describedby=\"gallery-1-12820\" srcset=\"https:\/\/www.arquimaster.com.ar\/web\/wp-content\/uploads\/2015\/03\/casa_las_gaviotas24-150x150.jpg 150w, https:\/\/www.arquimaster.com.ar\/web\/wp-content\/uploads\/2015\/03\/casa_las_gaviotas24-50x50.jpg 50w, https:\/\/www.arquimaster.com.ar\/web\/wp-content\/uploads\/2015\/03\/casa_las_gaviotas24-125x125.jpg 125w\" sizes=\"auto, (max-width: 150px) 100vw, 150px\" \/><\/a>\n\t\t\t<\/div>\n\t\t\t\t<figcaption class='wp-caption-text gallery-caption' id='gallery-1-12820'>\n\t\t\t\tCasa de playa Las Gaviotas \/ Volumen (corte)\n\t\t\t\t<\/figcaption><\/figure><figure class='gallery-item'>\n\t\t\t<div class='gallery-icon landscape'>\n\t\t\t\t<a href='https:\/\/www.arquimaster.com.ar\/web\/wp-content\/uploads\/2015\/03\/casa_las_gaviotas25.jpg' title=\"Casa de playa Las Gaviotas \/ Volumen (corte)\" data-rl_title=\"Casa de playa Las Gaviotas \/ Volumen (corte)\" class=\"rl-gallery-link\" data-rl_caption=\"Casa de playa Las Gaviotas \/ Volumen (corte)\" data-rel=\"lightbox-gallery-1\"><img loading=\"lazy\" decoding=\"async\" width=\"150\" height=\"150\" src=\"https:\/\/www.arquimaster.com.ar\/web\/wp-content\/uploads\/2015\/03\/casa_las_gaviotas25-150x150.jpg\" class=\"attachment-thumbnail size-thumbnail\" alt=\"\" aria-describedby=\"gallery-1-12821\" srcset=\"https:\/\/www.arquimaster.com.ar\/web\/wp-content\/uploads\/2015\/03\/casa_las_gaviotas25-150x150.jpg 150w, https:\/\/www.arquimaster.com.ar\/web\/wp-content\/uploads\/2015\/03\/casa_las_gaviotas25-50x50.jpg 50w, https:\/\/www.arquimaster.com.ar\/web\/wp-content\/uploads\/2015\/03\/casa_las_gaviotas25-125x125.jpg 125w\" sizes=\"auto, (max-width: 150px) 100vw, 150px\" \/><\/a>\n\t\t\t<\/div>\n\t\t\t\t<figcaption class='wp-caption-text gallery-caption' id='gallery-1-12821'>\n\t\t\t\tCasa de playa Las Gaviotas \/ Volumen (corte)\n\t\t\t\t<\/figcaption><\/figure><figure class='gallery-item'>\n\t\t\t<div class='gallery-icon landscape'>\n\t\t\t\t<a href='https:\/\/www.arquimaster.com.ar\/web\/wp-content\/uploads\/2015\/03\/casa_las_gaviotas26.jpg' title=\"Casa de playa Las Gaviotas \/ Volumen (vista frente)\" data-rl_title=\"Casa de playa Las Gaviotas \/ Volumen (vista frente)\" class=\"rl-gallery-link\" data-rl_caption=\"Casa de playa Las Gaviotas \/ Volumen (vista frente)\" data-rel=\"lightbox-gallery-1\"><img loading=\"lazy\" decoding=\"async\" width=\"150\" height=\"150\" src=\"https:\/\/www.arquimaster.com.ar\/web\/wp-content\/uploads\/2015\/03\/casa_las_gaviotas26-150x150.jpg\" class=\"attachment-thumbnail size-thumbnail\" alt=\"\" aria-describedby=\"gallery-1-12822\" srcset=\"https:\/\/www.arquimaster.com.ar\/web\/wp-content\/uploads\/2015\/03\/casa_las_gaviotas26-150x150.jpg 150w, https:\/\/www.arquimaster.com.ar\/web\/wp-content\/uploads\/2015\/03\/casa_las_gaviotas26-50x50.jpg 50w, https:\/\/www.arquimaster.com.ar\/web\/wp-content\/uploads\/2015\/03\/casa_las_gaviotas26-125x125.jpg 125w\" sizes=\"auto, (max-width: 150px) 100vw, 150px\" \/><\/a>\n\t\t\t<\/div>\n\t\t\t\t<figcaption class='wp-caption-text gallery-caption' id='gallery-1-12822'>\n\t\t\t\tCasa de playa Las Gaviotas \/ Volumen (vista frente)\n\t\t\t\t<\/figcaption><\/figure><figure class='gallery-item'>\n\t\t\t<div class='gallery-icon landscape'>\n\t\t\t\t<a href='https:\/\/www.arquimaster.com.ar\/web\/wp-content\/uploads\/2015\/03\/casa_las_gaviotas27.jpg' title=\"Casa de playa Las Gaviotas \/ Volumen (vista contrafrente)\" data-rl_title=\"Casa de playa Las Gaviotas \/ Volumen (vista contrafrente)\" class=\"rl-gallery-link\" data-rl_caption=\"Casa de playa Las Gaviotas \/ Volumen (vista contrafrente)\" data-rel=\"lightbox-gallery-1\"><img loading=\"lazy\" decoding=\"async\" width=\"150\" height=\"150\" src=\"https:\/\/www.arquimaster.com.ar\/web\/wp-content\/uploads\/2015\/03\/casa_las_gaviotas27-150x150.jpg\" class=\"attachment-thumbnail size-thumbnail\" alt=\"\" aria-describedby=\"gallery-1-12823\" srcset=\"https:\/\/www.arquimaster.com.ar\/web\/wp-content\/uploads\/2015\/03\/casa_las_gaviotas27-150x150.jpg 150w, https:\/\/www.arquimaster.com.ar\/web\/wp-content\/uploads\/2015\/03\/casa_las_gaviotas27-50x50.jpg 50w, https:\/\/www.arquimaster.com.ar\/web\/wp-content\/uploads\/2015\/03\/casa_las_gaviotas27-125x125.jpg 125w\" sizes=\"auto, (max-width: 150px) 100vw, 150px\" \/><\/a>\n\t\t\t<\/div>\n\t\t\t\t<figcaption class='wp-caption-text gallery-caption' id='gallery-1-12823'>\n\t\t\t\tCasa de playa Las Gaviotas \/ Volumen (vista contrafrente)\n\t\t\t\t<\/figcaption><\/figure><figure class='gallery-item'>\n\t\t\t<div class='gallery-icon landscape'>\n\t\t\t\t<a href='https:\/\/www.arquimaster.com.ar\/web\/wp-content\/uploads\/2015\/03\/casa_las_gaviotas28.jpg' title=\"Casa de playa Las Gaviotas \/ Volumen (vista lateral)\" data-rl_title=\"Casa de playa Las Gaviotas \/ Volumen (vista lateral)\" class=\"rl-gallery-link\" data-rl_caption=\"Casa de playa Las Gaviotas \/ Volumen (vista lateral)\" data-rel=\"lightbox-gallery-1\"><img loading=\"lazy\" decoding=\"async\" width=\"150\" height=\"150\" src=\"https:\/\/www.arquimaster.com.ar\/web\/wp-content\/uploads\/2015\/03\/casa_las_gaviotas28-150x150.jpg\" class=\"attachment-thumbnail size-thumbnail\" alt=\"\" aria-describedby=\"gallery-1-12796\" srcset=\"https:\/\/www.arquimaster.com.ar\/web\/wp-content\/uploads\/2015\/03\/casa_las_gaviotas28-150x150.jpg 150w, https:\/\/www.arquimaster.com.ar\/web\/wp-content\/uploads\/2015\/03\/casa_las_gaviotas28-50x50.jpg 50w, https:\/\/www.arquimaster.com.ar\/web\/wp-content\/uploads\/2015\/03\/casa_las_gaviotas28-125x125.jpg 125w\" sizes=\"auto, (max-width: 150px) 100vw, 150px\" \/><\/a>\n\t\t\t<\/div>\n\t\t\t\t<figcaption class='wp-caption-text gallery-caption' id='gallery-1-12796'>\n\t\t\t\tCasa de playa Las Gaviotas \/ Volumen (vista lateral)\n\t\t\t\t<\/figcaption><\/figure>\n\t\t<\/div>\n\n<p>La casa utiliza el lenguaje del plano el cual este inclina, adapta y perfora de acuerdo a las sensaciones relacionadas. El an\u00e1lisis interior y la comprensi\u00f3n de la din\u00e1mica exterior, concluyen en un equilibro sensacional con b\u00fasqueda din\u00e1mica del plano contenedor de una vivencia distinta.<\/p>\n<p>La casa integra c\u00f3modamente las sensaciones t\u00edpicas de una casa de playa, como la vinculaci\u00f3n de las funciones sociales, la privacidad y la tranquilidad para las \u00e1reas privadas y la b\u00fasqueda de los espacios en relaci\u00f3n al ecosistema y a la naturaleza creada para el proyecto.<\/p>\n<p>La presencia de plantas para la casa es muy importante puesto que determina el car\u00e1cter de relajaci\u00f3n y ambiente orientado a convivir con la naturaleza. El proyecto trata de una vivienda desvinculante de la ciudadan\u00eda.<\/p>\n<p>Las aperturas hacia el exterior y an\u00e1lisis de las visuales es una constante en la casa ya que todo queda en armon\u00eda con lo pr\u00f3ximo construido y las perspectivas naturales.<\/p>\n<p>Los materiales utilizados son el concreto y alba\u00f1iler\u00eda pintada de blanco en contraste con la madera, la piedra y el vidrio como materiales dominantes.<\/p>\n<p>La distribuci\u00f3n y dimensionamiento de los ambientes se desarrollan como respuesta del an\u00e1lisis del emplazamiento con el cliente ante diversas circunstancias del d\u00eda.<\/p>\n<p>Obteniendo como resultado zonas bien definidas entre lo social y lo privado, brind\u00e1ndole al \u00e1rea social la apertura del frente de la casa hacia el mar y al \u00e1rea privada destinada a la tranquilidad y el descanso hacia la parte posterior.<\/p>\n<p><strong>Niveles<\/strong><\/p>\n<p>Denominamos Primer Nivel a las superficies que se encuentran al +0.85 m sobre el +-0.00 m. En este nivel se desarrolla las \u00e1reas sociales y privadas de la casa. Como \u00e1reas sociales tenemos: sala, cocina, comedor, bar, parrilla, ba\u00f1o de visita, piscina y terrazas, estos ambientes se encuentran ubicados en el frente de la casa gozando de la apertura de la misma hacia el mar, una \u00f3ptima iluminaci\u00f3n y aprovechando al m\u00e1ximo las visuales.<\/p>\n<p>Las \u00e1reas privadas de la casa se encuentran ubicadas en la parte posterior guardando cierta distancia de las \u00e1reas sociales brinc\u00e1ndoles as\u00ed privacidad y tranquilidad. Est\u00e1n comunicadas por un corredor semi abierto. Como \u00e1reas privadas tenemos: Dormitorio principal con ba\u00f1o completo y WC y dormitorio de invitados 1 con ba\u00f1o completo.<\/p>\n<p>Denominamos S\u00f3tano a las superficies que se encuentran por debajo del nivel +-0.00 m (NPT. -2.05 m).<br \/>\nEn este nivel se desarrollan las siguientes \u00e1reas privadas de la casa, tales como: estar\/tv, dormitorio de invitados 2 y 3 cada uno con ba\u00f1o completo, patio central, deposito, lavander\u00eda\/tendal, cuarto y ba\u00f1o de servicio.<\/p>\n<p><strong>Materiales y acabados<\/strong><\/p>\n<p>Primer Nivel\/\u00c1rea Social:<br \/>\n&#8211; Terraza: Pisos de deck de madera shihuahuaco.<br \/>\n&#8211; Comedor, sala, cocina y bar: Pisos porcelanato klipen metr\u00f3polis gris oscuro mate de 0.60 x 0.60 cm.<br \/>\n&#8211; Ba\u00f1o de visita: Porcelanato klipen metr\u00f3polis gris oscuro mate de 0.60 x 0.60 cm. en pisos y paredes.<\/p>\n<p>Primer Nivel\/\u00c1rea Privada:<br \/>\n&#8211; Corredor: Piso porcelanato klipen metr\u00f3polis gris oscuro mate de 0.60 x 0.60 cm.<br \/>\n&#8211; Ba\u00f1o de visita: Piso porcelanato klipen metr\u00f3polis gris oscuro mate de 0.60 x 0.60 cm.<br \/>\n&#8211; Dorm. 1 y Dorm. Principal: Piso porcelanato klipen metr\u00f3polis gris oscuro mate de 0.60 x 0.60 cm.<br \/>\n&#8211; Ba\u00f1o 1: En pisos, porcelanato rak misty gris oscuro mate de 0.60 x 0.60 cm. En paredes, porcelanato portobello glass White de 0.30 x 0.60 cm.<br \/>\n&#8211; Ba\u00f1o principal: En pisos, porcelanato klipen metr\u00f3polis caf\u00e9 mate de 0.60 x 0.60 cm. En paredes, cer\u00e1mico portobello glass White 0.30 x 0.60 cm.<br \/>\n&#8211; Walking closet: Piso porcelanato klipen metr\u00f3polis gris oscuro mate de 0.60 x 0.60 cm.<\/p>\n<p>S\u00f3tano\/\u00c1rea Privada:<br \/>\n&#8211; Lavander\u00eda\/tendal, Cuarto Serv., ba\u00f1o Serv. y deposito: Pisos de porcelanato decorella daytona 0.60 x 0.60 cm.<br \/>\n&#8211; Estar\/TV, patio: Pisos de deck de madera shihuahuaco.<br \/>\n&#8211; Dorm. 2 y Dorm. 3: Piso porcelanato klipen metr\u00f3polis gris oscuro mate de 0.60 x 0.60cm.<br \/>\n&#8211; Ba\u00f1o 2 y ba\u00f1o 3: En pisos, porcelanato rak misty gris oscuro mate de 0.60 x 0.60 cm. En paredes, porcelanato portobello glass White de 0.30 x 0.60 cm.<br \/>\n&#8211; Escalera: Pasos voladizos de concreto armado, revestidos de porcelanato klipen metr\u00f3polis gris oscuro mate de 0.60 x 0.60cm. Barandas ser\u00e1n de cristal templado incoloro de 10mm con baranda de acero inoxidable.<br \/>\n&#8211; Vidrios y mamparas: Todos los vidrios de la casa ser\u00e1n de cristal templado incoloro de 10mm. con perfilar\u00eda met\u00e1lica de acero inoxidable color grafito.<br \/>\n&#8211; Closets y muebles de cocina: Estar\u00e1n hechos de melamina (por definir)<\/p>\n<p><strong>Ficha tecnica<\/strong><br \/>\nNombre: Casa de Playa Las Gaviotas<br \/>\nUbicacion: Las Gaviotas, Distrito de Asia, Lima, Peru<br \/>\nProyectista: Volumen AIC SAC<br \/>\nUso: Vivienda temporal\/vacacional<br \/>\nEquipo de proyecto: Jan Christian Jahnsen, Gonzalo La Hoz, Juan Carlos Lozano, Maria Elena Maldonado, Jos\u00e9 Ucharima, Milagros Ingunza, Alexandra Landa, Suzette Wong<br \/>\nSupervisi\u00f3n: Volumen AIC SAC<br \/>\nSuperficie cubierta: 240.0 m2<br \/>\n\u00c1rea del terreno: 230.0m2<br \/>\nA\u00f1o de proyecto: 2014<br \/>\nFotograf\u00edas: Jan Christian Jahnsen<\/p>\n<p><strong>Contacto:<\/strong> <a title=\"Volumen AIC SAC\" href=\"http:\/\/www.facebook.com\/pages\/VOLUMEN-arquitectura\/621965094542885\" target=\"_blank\">http:\/\/www.facebook.com\/pages\/VOLUMEN-arquitectura\/621965094542885<\/a><\/p>\n\n<div style=\"font-size: 0px; height: 0px; line-height: 0px; margin: 0; padding: 0; clear: both;\"><\/div><div style=\"margin-top: 0px; margin-bottom: 0px;\" class=\"sharethis-inline-share-buttons\" ><\/div>","protected":false},"excerpt":{"rendered":"<p>Planos continuos como envoltorios din\u00e1micos inclinados dan sensaci\u00f3n de unidad, ligereza&#8230;<\/p>\n","protected":false},"author":1,"featured_media":12795,"comment_status":"closed","ping_status":"closed","sticky":false,"template":"","format":"standard","meta":{"_uag_custom_page_level_css":"","footnotes":""},"categories":[1,251],"tags":[252,88,89,1530,3087],"class_list":["post-12794","post","type-post","status-publish","format-standard","has-post-thumbnail","hentry","category-proyecto","category-casas-de-playa","tag-casa-de-playa","tag-lima","tag-peru","tag-playa-gaviotas","tag-volumen","generate-columns","tablet-grid-50","mobile-grid-100","grid-parent","grid-50"],"yoast_head":"<!-- This site is optimized with the Yoast SEO plugin v27.3 - https:\/\/yoast.com\/product\/yoast-seo-wordpress\/ -->\n<title>Casa de playa Las Gaviotas \/ Volumen - Arquimaster<\/title>\n<meta name=\"robots\" content=\"index, follow, max-snippet:-1, max-image-preview:large, max-video-preview:-1\" \/>\n<link rel=\"canonical\" href=\"https:\/\/www.arquimaster.com.ar\/web\/casa-de-playa-las-gaviotas-volumen\/\" \/>\n<meta property=\"og:locale\" content=\"es_ES\" \/>\n<meta property=\"og:type\" content=\"article\" \/>\n<meta property=\"og:title\" content=\"Casa de playa Las Gaviotas \/ Volumen - Arquimaster\" \/>\n<meta property=\"og:description\" content=\"Planos continuos como envoltorios din\u00e1micos inclinados dan sensaci\u00f3n de unidad, ligereza...\" \/>\n<meta property=\"og:url\" content=\"https:\/\/www.arquimaster.com.ar\/web\/casa-de-playa-las-gaviotas-volumen\/\" \/>\n<meta property=\"og:site_name\" content=\"Arquimaster\" \/>\n<meta property=\"article:publisher\" content=\"http:\/\/www.facebook.com\/ARQUIMASTER.com.ar\" \/>\n<meta property=\"article:published_time\" content=\"2015-02-28T15:00:32+00:00\" \/>\n<meta property=\"article:modified_time\" content=\"2015-03-01T00:21:36+00:00\" \/>\n<meta property=\"og:image\" content=\"https:\/\/www.arquimaster.com.ar\/web\/wp-content\/uploads\/2015\/02\/casa_las_gaviotas_slide.jpg\" \/>\n\t<meta property=\"og:image:width\" content=\"642\" \/>\n\t<meta property=\"og:image:height\" content=\"336\" \/>\n\t<meta property=\"og:image:type\" content=\"image\/jpeg\" \/>\n<meta name=\"author\" content=\"Arquimaster\" \/>\n<meta name=\"twitter:card\" content=\"summary_large_image\" \/>\n<meta name=\"twitter:creator\" content=\"@arquimaster\" \/>\n<meta name=\"twitter:site\" content=\"@arquimaster\" \/>\n<meta name=\"twitter:label1\" content=\"Escrito por\" \/>\n\t<meta name=\"twitter:data1\" content=\"Arquimaster\" \/>\n\t<meta name=\"twitter:label2\" content=\"Tiempo de lectura\" \/>\n\t<meta name=\"twitter:data2\" content=\"4 minutos\" \/>\n<script type=\"application\/ld+json\" class=\"yoast-schema-graph\">{\"@context\":\"https:\\\/\\\/schema.org\",\"@graph\":[{\"@type\":\"Article\",\"@id\":\"https:\\\/\\\/www.arquimaster.com.ar\\\/web\\\/casa-de-playa-las-gaviotas-volumen\\\/#article\",\"isPartOf\":{\"@id\":\"https:\\\/\\\/www.arquimaster.com.ar\\\/web\\\/casa-de-playa-las-gaviotas-volumen\\\/\"},\"author\":{\"name\":\"Arquimaster\",\"@id\":\"https:\\\/\\\/www.arquimaster.com.ar\\\/web\\\/#\\\/schema\\\/person\\\/359e9f7c00193fcde068e0dd2ceb0028\"},\"headline\":\"Casa de playa Las Gaviotas \\\/ Volumen\",\"datePublished\":\"2015-02-28T15:00:32+00:00\",\"dateModified\":\"2015-03-01T00:21:36+00:00\",\"mainEntityOfPage\":{\"@id\":\"https:\\\/\\\/www.arquimaster.com.ar\\\/web\\\/casa-de-playa-las-gaviotas-volumen\\\/\"},\"wordCount\":886,\"publisher\":{\"@id\":\"https:\\\/\\\/www.arquimaster.com.ar\\\/web\\\/#organization\"},\"image\":{\"@id\":\"https:\\\/\\\/www.arquimaster.com.ar\\\/web\\\/casa-de-playa-las-gaviotas-volumen\\\/#primaryimage\"},\"thumbnailUrl\":\"https:\\\/\\\/www.arquimaster.com.ar\\\/web\\\/wp-content\\\/uploads\\\/2015\\\/02\\\/casa_las_gaviotas_slide.jpg\",\"keywords\":[\"casa de playa\",\"Lima\",\"Peru\",\"Playa Gaviotas\",\"Volumen\"],\"articleSection\":[\"Proyecto\",\"Vivienda no permanente\"],\"inLanguage\":\"es\"},{\"@type\":\"WebPage\",\"@id\":\"https:\\\/\\\/www.arquimaster.com.ar\\\/web\\\/casa-de-playa-las-gaviotas-volumen\\\/\",\"url\":\"https:\\\/\\\/www.arquimaster.com.ar\\\/web\\\/casa-de-playa-las-gaviotas-volumen\\\/\",\"name\":\"Casa de playa Las Gaviotas \\\/ Volumen - Arquimaster\",\"isPartOf\":{\"@id\":\"https:\\\/\\\/www.arquimaster.com.ar\\\/web\\\/#website\"},\"primaryImageOfPage\":{\"@id\":\"https:\\\/\\\/www.arquimaster.com.ar\\\/web\\\/casa-de-playa-las-gaviotas-volumen\\\/#primaryimage\"},\"image\":{\"@id\":\"https:\\\/\\\/www.arquimaster.com.ar\\\/web\\\/casa-de-playa-las-gaviotas-volumen\\\/#primaryimage\"},\"thumbnailUrl\":\"https:\\\/\\\/www.arquimaster.com.ar\\\/web\\\/wp-content\\\/uploads\\\/2015\\\/02\\\/casa_las_gaviotas_slide.jpg\",\"datePublished\":\"2015-02-28T15:00:32+00:00\",\"dateModified\":\"2015-03-01T00:21:36+00:00\",\"breadcrumb\":{\"@id\":\"https:\\\/\\\/www.arquimaster.com.ar\\\/web\\\/casa-de-playa-las-gaviotas-volumen\\\/#breadcrumb\"},\"inLanguage\":\"es\",\"potentialAction\":[{\"@type\":\"ReadAction\",\"target\":[\"https:\\\/\\\/www.arquimaster.com.ar\\\/web\\\/casa-de-playa-las-gaviotas-volumen\\\/\"]}]},{\"@type\":\"ImageObject\",\"inLanguage\":\"es\",\"@id\":\"https:\\\/\\\/www.arquimaster.com.ar\\\/web\\\/casa-de-playa-las-gaviotas-volumen\\\/#primaryimage\",\"url\":\"https:\\\/\\\/www.arquimaster.com.ar\\\/web\\\/wp-content\\\/uploads\\\/2015\\\/02\\\/casa_las_gaviotas_slide.jpg\",\"contentUrl\":\"https:\\\/\\\/www.arquimaster.com.ar\\\/web\\\/wp-content\\\/uploads\\\/2015\\\/02\\\/casa_las_gaviotas_slide.jpg\",\"width\":642,\"height\":336},{\"@type\":\"BreadcrumbList\",\"@id\":\"https:\\\/\\\/www.arquimaster.com.ar\\\/web\\\/casa-de-playa-las-gaviotas-volumen\\\/#breadcrumb\",\"itemListElement\":[{\"@type\":\"ListItem\",\"position\":1,\"name\":\"Portada\",\"item\":\"https:\\\/\\\/www.arquimaster.com.ar\\\/web\\\/\"},{\"@type\":\"ListItem\",\"position\":2,\"name\":\"Casa de playa Las Gaviotas \\\/ Volumen\"}]},{\"@type\":\"WebSite\",\"@id\":\"https:\\\/\\\/www.arquimaster.com.ar\\\/web\\\/#website\",\"url\":\"https:\\\/\\\/www.arquimaster.com.ar\\\/web\\\/\",\"name\":\"Arquimaster\",\"description\":\"Web de arquitectura, dise\u00f1o y construccion\",\"publisher\":{\"@id\":\"https:\\\/\\\/www.arquimaster.com.ar\\\/web\\\/#organization\"},\"potentialAction\":[{\"@type\":\"SearchAction\",\"target\":{\"@type\":\"EntryPoint\",\"urlTemplate\":\"https:\\\/\\\/www.arquimaster.com.ar\\\/web\\\/?s={search_term_string}\"},\"query-input\":{\"@type\":\"PropertyValueSpecification\",\"valueRequired\":true,\"valueName\":\"search_term_string\"}}],\"inLanguage\":\"es\"},{\"@type\":\"Organization\",\"@id\":\"https:\\\/\\\/www.arquimaster.com.ar\\\/web\\\/#organization\",\"name\":\"Arquimaster\",\"url\":\"https:\\\/\\\/www.arquimaster.com.ar\\\/web\\\/\",\"logo\":{\"@type\":\"ImageObject\",\"inLanguage\":\"es\",\"@id\":\"https:\\\/\\\/www.arquimaster.com.ar\\\/web\\\/#\\\/schema\\\/logo\\\/image\\\/\",\"url\":\"https:\\\/\\\/www.arquimaster.com.ar\\\/web\\\/wp-content\\\/uploads\\\/2022\\\/06\\\/arquimaster.png\",\"contentUrl\":\"https:\\\/\\\/www.arquimaster.com.ar\\\/web\\\/wp-content\\\/uploads\\\/2022\\\/06\\\/arquimaster.png\",\"width\":594,\"height\":78,\"caption\":\"Arquimaster\"},\"image\":{\"@id\":\"https:\\\/\\\/www.arquimaster.com.ar\\\/web\\\/#\\\/schema\\\/logo\\\/image\\\/\"},\"sameAs\":[\"http:\\\/\\\/www.facebook.com\\\/ARQUIMASTER.com.ar\",\"https:\\\/\\\/x.com\\\/arquimaster\",\"https:\\\/\\\/www.instagram.com\\\/arquimasterblog\\\/\",\"https:\\\/\\\/www.linkedin.com\\\/company\\\/arquimaster\",\"https:\\\/\\\/www.pinterest.com\\\/arquimaster\",\"https:\\\/\\\/t.me\\\/arquimaster\"]},{\"@type\":\"Person\",\"@id\":\"https:\\\/\\\/www.arquimaster.com.ar\\\/web\\\/#\\\/schema\\\/person\\\/359e9f7c00193fcde068e0dd2ceb0028\",\"name\":\"Arquimaster\"}]}<\/script>\n<!-- \/ Yoast SEO plugin. -->","yoast_head_json":{"title":"Casa de playa Las Gaviotas \/ Volumen - Arquimaster","robots":{"index":"index","follow":"follow","max-snippet":"max-snippet:-1","max-image-preview":"max-image-preview:large","max-video-preview":"max-video-preview:-1"},"canonical":"https:\/\/www.arquimaster.com.ar\/web\/casa-de-playa-las-gaviotas-volumen\/","og_locale":"es_ES","og_type":"article","og_title":"Casa de playa Las Gaviotas \/ Volumen - Arquimaster","og_description":"Planos continuos como envoltorios din\u00e1micos inclinados dan sensaci\u00f3n de unidad, ligereza...","og_url":"https:\/\/www.arquimaster.com.ar\/web\/casa-de-playa-las-gaviotas-volumen\/","og_site_name":"Arquimaster","article_publisher":"http:\/\/www.facebook.com\/ARQUIMASTER.com.ar","article_published_time":"2015-02-28T15:00:32+00:00","article_modified_time":"2015-03-01T00:21:36+00:00","og_image":[{"width":642,"height":336,"url":"https:\/\/www.arquimaster.com.ar\/web\/wp-content\/uploads\/2015\/02\/casa_las_gaviotas_slide.jpg","type":"image\/jpeg"}],"author":"Arquimaster","twitter_card":"summary_large_image","twitter_creator":"@arquimaster","twitter_site":"@arquimaster","twitter_misc":{"Escrito por":"Arquimaster","Tiempo de lectura":"4 minutos"},"schema":{"@context":"https:\/\/schema.org","@graph":[{"@type":"Article","@id":"https:\/\/www.arquimaster.com.ar\/web\/casa-de-playa-las-gaviotas-volumen\/#article","isPartOf":{"@id":"https:\/\/www.arquimaster.com.ar\/web\/casa-de-playa-las-gaviotas-volumen\/"},"author":{"name":"Arquimaster","@id":"https:\/\/www.arquimaster.com.ar\/web\/#\/schema\/person\/359e9f7c00193fcde068e0dd2ceb0028"},"headline":"Casa de playa Las Gaviotas \/ Volumen","datePublished":"2015-02-28T15:00:32+00:00","dateModified":"2015-03-01T00:21:36+00:00","mainEntityOfPage":{"@id":"https:\/\/www.arquimaster.com.ar\/web\/casa-de-playa-las-gaviotas-volumen\/"},"wordCount":886,"publisher":{"@id":"https:\/\/www.arquimaster.com.ar\/web\/#organization"},"image":{"@id":"https:\/\/www.arquimaster.com.ar\/web\/casa-de-playa-las-gaviotas-volumen\/#primaryimage"},"thumbnailUrl":"https:\/\/www.arquimaster.com.ar\/web\/wp-content\/uploads\/2015\/02\/casa_las_gaviotas_slide.jpg","keywords":["casa de playa","Lima","Peru","Playa Gaviotas","Volumen"],"articleSection":["Proyecto","Vivienda no permanente"],"inLanguage":"es"},{"@type":"WebPage","@id":"https:\/\/www.arquimaster.com.ar\/web\/casa-de-playa-las-gaviotas-volumen\/","url":"https:\/\/www.arquimaster.com.ar\/web\/casa-de-playa-las-gaviotas-volumen\/","name":"Casa de playa Las Gaviotas \/ Volumen - Arquimaster","isPartOf":{"@id":"https:\/\/www.arquimaster.com.ar\/web\/#website"},"primaryImageOfPage":{"@id":"https:\/\/www.arquimaster.com.ar\/web\/casa-de-playa-las-gaviotas-volumen\/#primaryimage"},"image":{"@id":"https:\/\/www.arquimaster.com.ar\/web\/casa-de-playa-las-gaviotas-volumen\/#primaryimage"},"thumbnailUrl":"https:\/\/www.arquimaster.com.ar\/web\/wp-content\/uploads\/2015\/02\/casa_las_gaviotas_slide.jpg","datePublished":"2015-02-28T15:00:32+00:00","dateModified":"2015-03-01T00:21:36+00:00","breadcrumb":{"@id":"https:\/\/www.arquimaster.com.ar\/web\/casa-de-playa-las-gaviotas-volumen\/#breadcrumb"},"inLanguage":"es","potentialAction":[{"@type":"ReadAction","target":["https:\/\/www.arquimaster.com.ar\/web\/casa-de-playa-las-gaviotas-volumen\/"]}]},{"@type":"ImageObject","inLanguage":"es","@id":"https:\/\/www.arquimaster.com.ar\/web\/casa-de-playa-las-gaviotas-volumen\/#primaryimage","url":"https:\/\/www.arquimaster.com.ar\/web\/wp-content\/uploads\/2015\/02\/casa_las_gaviotas_slide.jpg","contentUrl":"https:\/\/www.arquimaster.com.ar\/web\/wp-content\/uploads\/2015\/02\/casa_las_gaviotas_slide.jpg","width":642,"height":336},{"@type":"BreadcrumbList","@id":"https:\/\/www.arquimaster.com.ar\/web\/casa-de-playa-las-gaviotas-volumen\/#breadcrumb","itemListElement":[{"@type":"ListItem","position":1,"name":"Portada","item":"https:\/\/www.arquimaster.com.ar\/web\/"},{"@type":"ListItem","position":2,"name":"Casa de playa Las Gaviotas \/ Volumen"}]},{"@type":"WebSite","@id":"https:\/\/www.arquimaster.com.ar\/web\/#website","url":"https:\/\/www.arquimaster.com.ar\/web\/","name":"Arquimaster","description":"Web de arquitectura, dise\u00f1o y construccion","publisher":{"@id":"https:\/\/www.arquimaster.com.ar\/web\/#organization"},"potentialAction":[{"@type":"SearchAction","target":{"@type":"EntryPoint","urlTemplate":"https:\/\/www.arquimaster.com.ar\/web\/?s={search_term_string}"},"query-input":{"@type":"PropertyValueSpecification","valueRequired":true,"valueName":"search_term_string"}}],"inLanguage":"es"},{"@type":"Organization","@id":"https:\/\/www.arquimaster.com.ar\/web\/#organization","name":"Arquimaster","url":"https:\/\/www.arquimaster.com.ar\/web\/","logo":{"@type":"ImageObject","inLanguage":"es","@id":"https:\/\/www.arquimaster.com.ar\/web\/#\/schema\/logo\/image\/","url":"https:\/\/www.arquimaster.com.ar\/web\/wp-content\/uploads\/2022\/06\/arquimaster.png","contentUrl":"https:\/\/www.arquimaster.com.ar\/web\/wp-content\/uploads\/2022\/06\/arquimaster.png","width":594,"height":78,"caption":"Arquimaster"},"image":{"@id":"https:\/\/www.arquimaster.com.ar\/web\/#\/schema\/logo\/image\/"},"sameAs":["http:\/\/www.facebook.com\/ARQUIMASTER.com.ar","https:\/\/x.com\/arquimaster","https:\/\/www.instagram.com\/arquimasterblog\/","https:\/\/www.linkedin.com\/company\/arquimaster","https:\/\/www.pinterest.com\/arquimaster","https:\/\/t.me\/arquimaster"]},{"@type":"Person","@id":"https:\/\/www.arquimaster.com.ar\/web\/#\/schema\/person\/359e9f7c00193fcde068e0dd2ceb0028","name":"Arquimaster"}]}},"uagb_featured_image_src":{"full":["https:\/\/www.arquimaster.com.ar\/web\/wp-content\/uploads\/2015\/02\/casa_las_gaviotas_slide.jpg",642,336,false],"thumbnail":["https:\/\/www.arquimaster.com.ar\/web\/wp-content\/uploads\/2015\/02\/casa_las_gaviotas_slide-150x150.jpg",150,150,true],"medium":["https:\/\/www.arquimaster.com.ar\/web\/wp-content\/uploads\/2015\/02\/casa_las_gaviotas_slide-573x300.jpg",573,300,true],"medium_large":["https:\/\/www.arquimaster.com.ar\/web\/wp-content\/uploads\/2015\/02\/casa_las_gaviotas_slide.jpg",642,336,false],"large":["https:\/\/www.arquimaster.com.ar\/web\/wp-content\/uploads\/2015\/02\/casa_las_gaviotas_slide.jpg",642,336,false],"1536x1536":["https:\/\/www.arquimaster.com.ar\/web\/wp-content\/uploads\/2015\/02\/casa_las_gaviotas_slide.jpg",642,336,false],"2048x2048":["https:\/\/www.arquimaster.com.ar\/web\/wp-content\/uploads\/2015\/02\/casa_las_gaviotas_slide.jpg",642,336,false]},"uagb_author_info":{"display_name":"Arquimaster","author_link":"https:\/\/www.arquimaster.com.ar\/web\/author\/arquimaster\/"},"uagb_comment_info":0,"uagb_excerpt":"Planos continuos como envoltorios din\u00e1micos inclinados dan sensaci\u00f3n de unidad, ligereza...","_links":{"self":[{"href":"https:\/\/www.arquimaster.com.ar\/web\/wp-json\/wp\/v2\/posts\/12794","targetHints":{"allow":["GET"]}}],"collection":[{"href":"https:\/\/www.arquimaster.com.ar\/web\/wp-json\/wp\/v2\/posts"}],"about":[{"href":"https:\/\/www.arquimaster.com.ar\/web\/wp-json\/wp\/v2\/types\/post"}],"author":[{"embeddable":true,"href":"https:\/\/www.arquimaster.com.ar\/web\/wp-json\/wp\/v2\/users\/1"}],"replies":[{"embeddable":true,"href":"https:\/\/www.arquimaster.com.ar\/web\/wp-json\/wp\/v2\/comments?post=12794"}],"version-history":[{"count":0,"href":"https:\/\/www.arquimaster.com.ar\/web\/wp-json\/wp\/v2\/posts\/12794\/revisions"}],"wp:featuredmedia":[{"embeddable":true,"href":"https:\/\/www.arquimaster.com.ar\/web\/wp-json\/wp\/v2\/media\/12795"}],"wp:attachment":[{"href":"https:\/\/www.arquimaster.com.ar\/web\/wp-json\/wp\/v2\/media?parent=12794"}],"wp:term":[{"taxonomy":"category","embeddable":true,"href":"https:\/\/www.arquimaster.com.ar\/web\/wp-json\/wp\/v2\/categories?post=12794"},{"taxonomy":"post_tag","embeddable":true,"href":"https:\/\/www.arquimaster.com.ar\/web\/wp-json\/wp\/v2\/tags?post=12794"}],"curies":[{"name":"wp","href":"https:\/\/api.w.org\/{rel}","templated":true}]}}