{"id":1288,"date":"2013-12-27T02:32:21","date_gmt":"2013-12-27T02:32:21","guid":{"rendered":"http:\/\/www.arquimaster.com.ar\/web\/?p=1288"},"modified":"2014-01-10T00:41:15","modified_gmt":"2014-01-10T00:41:15","slug":"dour-patricio-barry","status":"publish","type":"post","link":"https:\/\/www.arquimaster.com.ar\/web\/dour-patricio-barry\/","title":{"rendered":"DoUr \/ Patricio Barry + Cristian Izurieta"},"content":{"rendered":"<div style=\"margin-top: 0px; margin-bottom: 0px;\" class=\"sharethis-inline-share-buttons\" ><\/div><div class=\"b812932af2e751442846f039925109de\" data-index=\"1\" style=\"float: none; margin:25px 0 25px 0; text-align:center;\">\n<script async src=\"https:\/\/pagead2.googlesyndication.com\/pagead\/js\/adsbygoogle.js\"><\/script>\r\n<!-- Arquimaster (superior) -->\r\n<ins class=\"adsbygoogle\"\r\n     style=\"display:block\"\r\n     data-ad-client=\"ca-pub-6351072698456832\"\r\n     data-ad-slot=\"6455489680\"\r\n     data-ad-format=\"auto\"\r\n     data-full-width-responsive=\"true\"><\/ins>\r\n<script>\r\n     (adsbygoogle = window.adsbygoogle || []).push({});\r\n<\/script>\n<\/div>\n<p><em><strong>Patricio Barry\u00a0y Cristian Izurieta participar\u00e1n del Sal\u00e3o Design Movelsul con DoUr -un producto que permite diversas configuraciones: biblioteca, mesa baja, etc- en la modalidad profesional y la categoria muebles para comedor o salar de estar.<br \/>\n<\/strong><\/em><\/p>\n<div id='gallery-1' class='gallery galleryid-1288 gallery-columns-3 gallery-size-thumbnail'><figure class='gallery-item'>\n\t\t\t<div class='gallery-icon landscape'>\n\t\t\t\t<a href='https:\/\/www.arquimaster.com.ar\/web\/wp-content\/uploads\/2013\/12\/dour1.jpg' title=\"DoUr \/ Patricio Barry + Cristian Izurieta\" data-rl_title=\"DoUr \/ Patricio Barry + Cristian Izurieta\" class=\"rl-gallery-link\" data-rl_caption=\"DoUr \/ Patricio Barry + Cristian Izurieta\" data-rel=\"lightbox-gallery-1\"><img loading=\"lazy\" decoding=\"async\" width=\"150\" height=\"150\" src=\"https:\/\/www.arquimaster.com.ar\/web\/wp-content\/uploads\/2013\/12\/dour1-150x150.jpg\" class=\"attachment-thumbnail size-thumbnail\" alt=\"\" aria-describedby=\"gallery-1-1290\" srcset=\"https:\/\/www.arquimaster.com.ar\/web\/wp-content\/uploads\/2013\/12\/dour1-150x150.jpg 150w, https:\/\/www.arquimaster.com.ar\/web\/wp-content\/uploads\/2013\/12\/dour1-50x50.jpg 50w, https:\/\/www.arquimaster.com.ar\/web\/wp-content\/uploads\/2013\/12\/dour1-125x125.jpg 125w\" sizes=\"auto, (max-width: 150px) 100vw, 150px\" \/><\/a>\n\t\t\t<\/div>\n\t\t\t\t<figcaption class='wp-caption-text gallery-caption' id='gallery-1-1290'>\n\t\t\t\tDoUr \/ Patricio Barry + Cristian Izurieta\n\t\t\t\t<\/figcaption><\/figure><figure class='gallery-item'>\n\t\t\t<div class='gallery-icon portrait'>\n\t\t\t\t<a href='https:\/\/www.arquimaster.com.ar\/web\/wp-content\/uploads\/2013\/12\/dour2.jpg' title=\"DoUr \/ Patricio Barry + Cristian Izurieta\" data-rl_title=\"DoUr \/ Patricio Barry + Cristian Izurieta\" class=\"rl-gallery-link\" data-rl_caption=\"DoUr \/ Patricio Barry + Cristian Izurieta\" data-rel=\"lightbox-gallery-1\"><img loading=\"lazy\" decoding=\"async\" width=\"150\" height=\"150\" src=\"https:\/\/www.arquimaster.com.ar\/web\/wp-content\/uploads\/2013\/12\/dour2-150x150.jpg\" class=\"attachment-thumbnail size-thumbnail\" alt=\"\" aria-describedby=\"gallery-1-1291\" srcset=\"https:\/\/www.arquimaster.com.ar\/web\/wp-content\/uploads\/2013\/12\/dour2-150x150.jpg 150w, https:\/\/www.arquimaster.com.ar\/web\/wp-content\/uploads\/2013\/12\/dour2-50x50.jpg 50w, https:\/\/www.arquimaster.com.ar\/web\/wp-content\/uploads\/2013\/12\/dour2-125x125.jpg 125w\" sizes=\"auto, (max-width: 150px) 100vw, 150px\" \/><\/a>\n\t\t\t<\/div>\n\t\t\t\t<figcaption class='wp-caption-text gallery-caption' id='gallery-1-1291'>\n\t\t\t\tDoUr \/ Patricio Barry + Cristian Izurieta\n\t\t\t\t<\/figcaption><\/figure><figure class='gallery-item'>\n\t\t\t<div class='gallery-icon landscape'>\n\t\t\t\t<a href='https:\/\/www.arquimaster.com.ar\/web\/wp-content\/uploads\/2013\/12\/dour3.jpg' title=\"DoUr \/ Patricio Barry + Cristian Izurieta\" data-rl_title=\"DoUr \/ Patricio Barry + Cristian Izurieta\" class=\"rl-gallery-link\" data-rl_caption=\"DoUr \/ Patricio Barry + Cristian Izurieta\" data-rel=\"lightbox-gallery-1\"><img loading=\"lazy\" decoding=\"async\" width=\"150\" height=\"150\" src=\"https:\/\/www.arquimaster.com.ar\/web\/wp-content\/uploads\/2013\/12\/dour3-150x150.jpg\" class=\"attachment-thumbnail size-thumbnail\" alt=\"\" aria-describedby=\"gallery-1-1292\" srcset=\"https:\/\/www.arquimaster.com.ar\/web\/wp-content\/uploads\/2013\/12\/dour3-150x150.jpg 150w, https:\/\/www.arquimaster.com.ar\/web\/wp-content\/uploads\/2013\/12\/dour3-50x50.jpg 50w, https:\/\/www.arquimaster.com.ar\/web\/wp-content\/uploads\/2013\/12\/dour3-125x125.jpg 125w\" sizes=\"auto, (max-width: 150px) 100vw, 150px\" \/><\/a>\n\t\t\t<\/div>\n\t\t\t\t<figcaption class='wp-caption-text gallery-caption' id='gallery-1-1292'>\n\t\t\t\tDoUr \/ Patricio Barry + Cristian Izurieta\n\t\t\t\t<\/figcaption><\/figure><figure class='gallery-item'>\n\t\t\t<div class='gallery-icon landscape'>\n\t\t\t\t<a href='https:\/\/www.arquimaster.com.ar\/web\/wp-content\/uploads\/2013\/12\/dour4.jpg' title=\"DoUr \/ Patricio Barry + Cristian Izurieta\" data-rl_title=\"DoUr \/ Patricio Barry + Cristian Izurieta\" class=\"rl-gallery-link\" data-rl_caption=\"DoUr \/ Patricio Barry + Cristian Izurieta\" data-rel=\"lightbox-gallery-1\"><img loading=\"lazy\" decoding=\"async\" width=\"150\" height=\"150\" src=\"https:\/\/www.arquimaster.com.ar\/web\/wp-content\/uploads\/2013\/12\/dour4-150x150.jpg\" class=\"attachment-thumbnail size-thumbnail\" alt=\"\" aria-describedby=\"gallery-1-1293\" srcset=\"https:\/\/www.arquimaster.com.ar\/web\/wp-content\/uploads\/2013\/12\/dour4-150x150.jpg 150w, https:\/\/www.arquimaster.com.ar\/web\/wp-content\/uploads\/2013\/12\/dour4-50x50.jpg 50w, https:\/\/www.arquimaster.com.ar\/web\/wp-content\/uploads\/2013\/12\/dour4-125x125.jpg 125w\" sizes=\"auto, (max-width: 150px) 100vw, 150px\" \/><\/a>\n\t\t\t<\/div>\n\t\t\t\t<figcaption class='wp-caption-text gallery-caption' id='gallery-1-1293'>\n\t\t\t\tDoUr \/ Patricio Barry + Cristian Izurieta\n\t\t\t\t<\/figcaption><\/figure><figure class='gallery-item'>\n\t\t\t<div class='gallery-icon landscape'>\n\t\t\t\t<a href='https:\/\/www.arquimaster.com.ar\/web\/wp-content\/uploads\/2013\/12\/dour5.jpg' title=\"DoUr \/ Patricio Barry + Cristian Izurieta\" data-rl_title=\"DoUr \/ Patricio Barry + Cristian Izurieta\" class=\"rl-gallery-link\" data-rl_caption=\"DoUr \/ Patricio Barry + Cristian Izurieta\" data-rel=\"lightbox-gallery-1\"><img loading=\"lazy\" decoding=\"async\" width=\"150\" height=\"150\" src=\"https:\/\/www.arquimaster.com.ar\/web\/wp-content\/uploads\/2013\/12\/dour5-150x150.jpg\" class=\"attachment-thumbnail size-thumbnail\" alt=\"\" aria-describedby=\"gallery-1-1294\" srcset=\"https:\/\/www.arquimaster.com.ar\/web\/wp-content\/uploads\/2013\/12\/dour5-150x150.jpg 150w, https:\/\/www.arquimaster.com.ar\/web\/wp-content\/uploads\/2013\/12\/dour5-50x50.jpg 50w, https:\/\/www.arquimaster.com.ar\/web\/wp-content\/uploads\/2013\/12\/dour5-125x125.jpg 125w\" sizes=\"auto, (max-width: 150px) 100vw, 150px\" \/><\/a>\n\t\t\t<\/div>\n\t\t\t\t<figcaption class='wp-caption-text gallery-caption' id='gallery-1-1294'>\n\t\t\t\tDoUr \/ Patricio Barry + Cristian Izurieta\n\t\t\t\t<\/figcaption><\/figure><figure class='gallery-item'>\n\t\t\t<div class='gallery-icon landscape'>\n\t\t\t\t<a href='https:\/\/www.arquimaster.com.ar\/web\/wp-content\/uploads\/2013\/12\/dour6.jpg' title=\"DoUr \/ Patricio Barry + Cristian Izurieta\" data-rl_title=\"DoUr \/ Patricio Barry + Cristian Izurieta\" class=\"rl-gallery-link\" data-rl_caption=\"DoUr \/ Patricio Barry + Cristian Izurieta\" data-rel=\"lightbox-gallery-1\"><img loading=\"lazy\" decoding=\"async\" width=\"150\" height=\"150\" src=\"https:\/\/www.arquimaster.com.ar\/web\/wp-content\/uploads\/2013\/12\/dour6-150x150.jpg\" class=\"attachment-thumbnail size-thumbnail\" alt=\"\" aria-describedby=\"gallery-1-1295\" srcset=\"https:\/\/www.arquimaster.com.ar\/web\/wp-content\/uploads\/2013\/12\/dour6-150x150.jpg 150w, https:\/\/www.arquimaster.com.ar\/web\/wp-content\/uploads\/2013\/12\/dour6-50x50.jpg 50w, https:\/\/www.arquimaster.com.ar\/web\/wp-content\/uploads\/2013\/12\/dour6-125x125.jpg 125w\" sizes=\"auto, (max-width: 150px) 100vw, 150px\" \/><\/a>\n\t\t\t<\/div>\n\t\t\t\t<figcaption class='wp-caption-text gallery-caption' id='gallery-1-1295'>\n\t\t\t\tDoUr \/ Patricio Barry + Cristian Izurieta\n\t\t\t\t<\/figcaption><\/figure><figure class='gallery-item'>\n\t\t\t<div class='gallery-icon landscape'>\n\t\t\t\t<a href='https:\/\/www.arquimaster.com.ar\/web\/wp-content\/uploads\/2013\/12\/dour7.jpg' title=\"DoUr \/ Patricio Barry + Cristian Izurieta\" data-rl_title=\"DoUr \/ Patricio Barry + Cristian Izurieta\" class=\"rl-gallery-link\" data-rl_caption=\"DoUr \/ Patricio Barry + Cristian Izurieta\" data-rel=\"lightbox-gallery-1\"><img loading=\"lazy\" decoding=\"async\" width=\"150\" height=\"150\" src=\"https:\/\/www.arquimaster.com.ar\/web\/wp-content\/uploads\/2013\/12\/dour7-150x150.jpg\" class=\"attachment-thumbnail size-thumbnail\" alt=\"\" aria-describedby=\"gallery-1-1296\" srcset=\"https:\/\/www.arquimaster.com.ar\/web\/wp-content\/uploads\/2013\/12\/dour7-150x150.jpg 150w, https:\/\/www.arquimaster.com.ar\/web\/wp-content\/uploads\/2013\/12\/dour7-50x50.jpg 50w, https:\/\/www.arquimaster.com.ar\/web\/wp-content\/uploads\/2013\/12\/dour7-125x125.jpg 125w\" sizes=\"auto, (max-width: 150px) 100vw, 150px\" \/><\/a>\n\t\t\t<\/div>\n\t\t\t\t<figcaption class='wp-caption-text gallery-caption' id='gallery-1-1296'>\n\t\t\t\tDoUr \/ Patricio Barry + Cristian Izurieta\n\t\t\t\t<\/figcaption><\/figure><figure class='gallery-item'>\n\t\t\t<div class='gallery-icon landscape'>\n\t\t\t\t<a href='https:\/\/www.arquimaster.com.ar\/web\/wp-content\/uploads\/2013\/12\/dour8.jpg' title=\"DoUr \/ Patricio Barry + Cristian Izurieta\" data-rl_title=\"DoUr \/ Patricio Barry + Cristian Izurieta\" class=\"rl-gallery-link\" data-rl_caption=\"DoUr \/ Patricio Barry + Cristian Izurieta\" data-rel=\"lightbox-gallery-1\"><img loading=\"lazy\" decoding=\"async\" width=\"150\" height=\"150\" src=\"https:\/\/www.arquimaster.com.ar\/web\/wp-content\/uploads\/2013\/12\/dour8-150x150.jpg\" class=\"attachment-thumbnail size-thumbnail\" alt=\"\" aria-describedby=\"gallery-1-1297\" srcset=\"https:\/\/www.arquimaster.com.ar\/web\/wp-content\/uploads\/2013\/12\/dour8-150x150.jpg 150w, https:\/\/www.arquimaster.com.ar\/web\/wp-content\/uploads\/2013\/12\/dour8-50x50.jpg 50w, https:\/\/www.arquimaster.com.ar\/web\/wp-content\/uploads\/2013\/12\/dour8-125x125.jpg 125w\" sizes=\"auto, (max-width: 150px) 100vw, 150px\" \/><\/a>\n\t\t\t<\/div>\n\t\t\t\t<figcaption class='wp-caption-text gallery-caption' id='gallery-1-1297'>\n\t\t\t\tDoUr \/ Patricio Barry + Cristian Izurieta\n\t\t\t\t<\/figcaption><\/figure><figure class='gallery-item'>\n\t\t\t<div class='gallery-icon landscape'>\n\t\t\t\t<a href='https:\/\/www.arquimaster.com.ar\/web\/wp-content\/uploads\/2013\/12\/dour9.jpg' title=\"DoUr \/ Patricio Barry + Cristian Izurieta\" data-rl_title=\"DoUr \/ Patricio Barry + Cristian Izurieta\" class=\"rl-gallery-link\" data-rl_caption=\"DoUr \/ Patricio Barry + Cristian Izurieta\" data-rel=\"lightbox-gallery-1\"><img loading=\"lazy\" decoding=\"async\" width=\"150\" height=\"150\" src=\"https:\/\/www.arquimaster.com.ar\/web\/wp-content\/uploads\/2013\/12\/dour9-150x150.jpg\" class=\"attachment-thumbnail size-thumbnail\" alt=\"\" aria-describedby=\"gallery-1-1298\" srcset=\"https:\/\/www.arquimaster.com.ar\/web\/wp-content\/uploads\/2013\/12\/dour9-150x150.jpg 150w, https:\/\/www.arquimaster.com.ar\/web\/wp-content\/uploads\/2013\/12\/dour9-50x50.jpg 50w, https:\/\/www.arquimaster.com.ar\/web\/wp-content\/uploads\/2013\/12\/dour9-125x125.jpg 125w\" sizes=\"auto, (max-width: 150px) 100vw, 150px\" \/><\/a>\n\t\t\t<\/div>\n\t\t\t\t<figcaption class='wp-caption-text gallery-caption' id='gallery-1-1298'>\n\t\t\t\tDoUr \/ Patricio Barry + Cristian Izurieta\n\t\t\t\t<\/figcaption><\/figure><figure class='gallery-item'>\n\t\t\t<div class='gallery-icon landscape'>\n\t\t\t\t<a href='https:\/\/www.arquimaster.com.ar\/web\/wp-content\/uploads\/2013\/12\/dour10.jpg' title=\"DoUr \/ Patricio Barry + Cristian Izurieta\" data-rl_title=\"DoUr \/ Patricio Barry + Cristian Izurieta\" class=\"rl-gallery-link\" data-rl_caption=\"DoUr \/ Patricio Barry + Cristian Izurieta\" data-rel=\"lightbox-gallery-1\"><img loading=\"lazy\" decoding=\"async\" width=\"150\" height=\"150\" src=\"https:\/\/www.arquimaster.com.ar\/web\/wp-content\/uploads\/2013\/12\/dour10-150x150.jpg\" class=\"attachment-thumbnail size-thumbnail\" alt=\"\" aria-describedby=\"gallery-1-1299\" srcset=\"https:\/\/www.arquimaster.com.ar\/web\/wp-content\/uploads\/2013\/12\/dour10-150x150.jpg 150w, https:\/\/www.arquimaster.com.ar\/web\/wp-content\/uploads\/2013\/12\/dour10-50x50.jpg 50w, https:\/\/www.arquimaster.com.ar\/web\/wp-content\/uploads\/2013\/12\/dour10-125x125.jpg 125w\" sizes=\"auto, (max-width: 150px) 100vw, 150px\" \/><\/a>\n\t\t\t<\/div>\n\t\t\t\t<figcaption class='wp-caption-text gallery-caption' id='gallery-1-1299'>\n\t\t\t\tDoUr \/ Patricio Barry + Cristian Izurieta\n\t\t\t\t<\/figcaption><\/figure><figure class='gallery-item'>\n\t\t\t<div class='gallery-icon landscape'>\n\t\t\t\t<a href='https:\/\/www.arquimaster.com.ar\/web\/wp-content\/uploads\/2013\/12\/dour11.jpg' title=\"DoUr \/ Patricio Barry + Cristian Izurieta\" data-rl_title=\"DoUr \/ Patricio Barry + Cristian Izurieta\" class=\"rl-gallery-link\" data-rl_caption=\"DoUr \/ Patricio Barry + Cristian Izurieta\" data-rel=\"lightbox-gallery-1\"><img loading=\"lazy\" decoding=\"async\" width=\"150\" height=\"150\" src=\"https:\/\/www.arquimaster.com.ar\/web\/wp-content\/uploads\/2013\/12\/dour11-150x150.jpg\" class=\"attachment-thumbnail size-thumbnail\" alt=\"\" aria-describedby=\"gallery-1-1300\" srcset=\"https:\/\/www.arquimaster.com.ar\/web\/wp-content\/uploads\/2013\/12\/dour11-150x150.jpg 150w, https:\/\/www.arquimaster.com.ar\/web\/wp-content\/uploads\/2013\/12\/dour11-50x50.jpg 50w, https:\/\/www.arquimaster.com.ar\/web\/wp-content\/uploads\/2013\/12\/dour11-125x125.jpg 125w\" sizes=\"auto, (max-width: 150px) 100vw, 150px\" \/><\/a>\n\t\t\t<\/div>\n\t\t\t\t<figcaption class='wp-caption-text gallery-caption' id='gallery-1-1300'>\n\t\t\t\tDoUr \/ Patricio Barry + Cristian Izurieta\n\t\t\t\t<\/figcaption><\/figure>\n\t\t<\/div>\n\n<p>Sal\u00e3o Design Movelsul se realizara del 24 al 28 de marzo de 2014 en Bento Gon\u00e7alves, Brasil, y su objetivo es integrar la creatividad y la innovaci\u00f3n tecnol\u00f3gica a trav\u00e9s del dise\u00f1o y destacar la capacidad y el talento de profesionales, estudiantes e industria.<\/p>\n<p>Estudio Barry es uno de los tres estudios de dise\u00f1o argentinos que participaran del salon de dise\u00f1o, parte de los 93 proyectos surgidos entre 3000 proyectos presentados al mismo.<\/p>\n<p><strong>Acerca de DoUr<\/strong><br \/>\nEl nacimiento de DoUr esta fundamentado en dos conceptos: m\u00ednima expresi\u00f3n y organizaci\u00f3n.<\/p>\n<p>Su composici\u00f3n b\u00e1sica es de: dos elementos laminares m\u00e1s dos anclajes met\u00e1licos que lo estructuran y le dan apoyo al piso.<\/p>\n<p>Proporciona par\u00e1metros est\u00e1ndares de organizaci\u00f3n, pero la elecci\u00f3n de cu\u00e1ntos elementos tendr\u00e1, y c\u00f3mo se ubicar\u00e1n en el espacio, son decisiones que libremente determinar\u00e1 el usuario seg\u00fan su estado de \u00e1nimo, su creatividad y su entorno dom\u00e9stico.<\/p>\n<p><strong>Contacto:<\/strong> <a title=\"Patricio Barry\" href=\"http:\/\/www.estudiobarry.wix.com\/home\" target=\"_blank\">http:\/\/www.estudiobarry.wix.com\/home<\/a><\/p>\n\n<div style=\"font-size: 0px; height: 0px; line-height: 0px; margin: 0; padding: 0; clear: both;\"><\/div><div style=\"margin-top: 0px; margin-bottom: 0px;\" class=\"sharethis-inline-share-buttons\" ><\/div>","protected":false},"excerpt":{"rendered":"<p>Patricio Barry participara de la exposicion Sal\u00e3o Design Movelsul con DoUr&#8230;<\/p>\n","protected":false},"author":1,"featured_media":1289,"comment_status":"closed","ping_status":"closed","sticky":false,"template":"","format":"standard","meta":{"_uag_custom_page_level_css":"","footnotes":""},"categories":[55,67],"tags":[452,448,450,449,451],"class_list":["post-1288","post","type-post","status-publish","format-standard","has-post-thumbnail","hentry","category-diseno","category-diseno-industrial","tag-cristian-izurieta","tag-dour","tag-mobiliario","tag-patricio-barry","tag-salao-design-movelsul","generate-columns","tablet-grid-50","mobile-grid-100","grid-parent","grid-50"],"yoast_head":"<!-- This site is optimized with the Yoast SEO plugin v27.3 - https:\/\/yoast.com\/product\/yoast-seo-wordpress\/ -->\n<title>DoUr \/ Patricio Barry + Cristian Izurieta - Arquimaster<\/title>\n<meta name=\"robots\" content=\"index, follow, max-snippet:-1, max-image-preview:large, max-video-preview:-1\" \/>\n<link rel=\"canonical\" href=\"https:\/\/www.arquimaster.com.ar\/web\/dour-patricio-barry\/\" \/>\n<meta property=\"og:locale\" content=\"es_ES\" \/>\n<meta property=\"og:type\" content=\"article\" \/>\n<meta property=\"og:title\" content=\"DoUr \/ Patricio Barry + Cristian Izurieta - Arquimaster\" \/>\n<meta property=\"og:description\" content=\"Patricio Barry participara de la exposicion Sal\u00e3o Design Movelsul con DoUr...\" \/>\n<meta property=\"og:url\" content=\"https:\/\/www.arquimaster.com.ar\/web\/dour-patricio-barry\/\" \/>\n<meta property=\"og:site_name\" content=\"Arquimaster\" \/>\n<meta property=\"article:publisher\" content=\"http:\/\/www.facebook.com\/ARQUIMASTER.com.ar\" \/>\n<meta property=\"article:published_time\" content=\"2013-12-27T02:32:21+00:00\" \/>\n<meta property=\"article:modified_time\" content=\"2014-01-10T00:41:15+00:00\" \/>\n<meta property=\"og:image\" content=\"https:\/\/www.arquimaster.com.ar\/web\/wp-content\/uploads\/2013\/12\/dour_slide.jpg\" \/>\n\t<meta property=\"og:image:width\" content=\"642\" \/>\n\t<meta property=\"og:image:height\" content=\"336\" \/>\n\t<meta property=\"og:image:type\" content=\"image\/jpeg\" \/>\n<meta name=\"author\" content=\"Arquimaster\" \/>\n<meta name=\"twitter:card\" content=\"summary_large_image\" \/>\n<meta name=\"twitter:creator\" content=\"@arquimaster\" \/>\n<meta name=\"twitter:site\" content=\"@arquimaster\" \/>\n<meta name=\"twitter:label1\" content=\"Escrito por\" \/>\n\t<meta name=\"twitter:data1\" content=\"Arquimaster\" \/>\n\t<meta name=\"twitter:label2\" content=\"Tiempo de lectura\" \/>\n\t<meta name=\"twitter:data2\" content=\"1 minuto\" \/>\n<script type=\"application\/ld+json\" class=\"yoast-schema-graph\">{\"@context\":\"https:\\\/\\\/schema.org\",\"@graph\":[{\"@type\":\"Article\",\"@id\":\"https:\\\/\\\/www.arquimaster.com.ar\\\/web\\\/dour-patricio-barry\\\/#article\",\"isPartOf\":{\"@id\":\"https:\\\/\\\/www.arquimaster.com.ar\\\/web\\\/dour-patricio-barry\\\/\"},\"author\":{\"name\":\"Arquimaster\",\"@id\":\"https:\\\/\\\/www.arquimaster.com.ar\\\/web\\\/#\\\/schema\\\/person\\\/359e9f7c00193fcde068e0dd2ceb0028\"},\"headline\":\"DoUr \\\/ Patricio Barry + Cristian Izurieta\",\"datePublished\":\"2013-12-27T02:32:21+00:00\",\"dateModified\":\"2014-01-10T00:41:15+00:00\",\"mainEntityOfPage\":{\"@id\":\"https:\\\/\\\/www.arquimaster.com.ar\\\/web\\\/dour-patricio-barry\\\/\"},\"wordCount\":220,\"publisher\":{\"@id\":\"https:\\\/\\\/www.arquimaster.com.ar\\\/web\\\/#organization\"},\"image\":{\"@id\":\"https:\\\/\\\/www.arquimaster.com.ar\\\/web\\\/dour-patricio-barry\\\/#primaryimage\"},\"thumbnailUrl\":\"https:\\\/\\\/www.arquimaster.com.ar\\\/web\\\/wp-content\\\/uploads\\\/2013\\\/12\\\/dour_slide.jpg\",\"keywords\":[\"Cristian Izurieta\",\"DoUr\",\"mobiliario\",\"Patricio Barry\",\"Sal\u00e3o Design Movelsul\"],\"articleSection\":[\"Dise\u00f1o\",\"Dise\u00f1o industrial y mobiliario\"],\"inLanguage\":\"es\"},{\"@type\":\"WebPage\",\"@id\":\"https:\\\/\\\/www.arquimaster.com.ar\\\/web\\\/dour-patricio-barry\\\/\",\"url\":\"https:\\\/\\\/www.arquimaster.com.ar\\\/web\\\/dour-patricio-barry\\\/\",\"name\":\"DoUr \\\/ Patricio Barry + Cristian Izurieta - Arquimaster\",\"isPartOf\":{\"@id\":\"https:\\\/\\\/www.arquimaster.com.ar\\\/web\\\/#website\"},\"primaryImageOfPage\":{\"@id\":\"https:\\\/\\\/www.arquimaster.com.ar\\\/web\\\/dour-patricio-barry\\\/#primaryimage\"},\"image\":{\"@id\":\"https:\\\/\\\/www.arquimaster.com.ar\\\/web\\\/dour-patricio-barry\\\/#primaryimage\"},\"thumbnailUrl\":\"https:\\\/\\\/www.arquimaster.com.ar\\\/web\\\/wp-content\\\/uploads\\\/2013\\\/12\\\/dour_slide.jpg\",\"datePublished\":\"2013-12-27T02:32:21+00:00\",\"dateModified\":\"2014-01-10T00:41:15+00:00\",\"breadcrumb\":{\"@id\":\"https:\\\/\\\/www.arquimaster.com.ar\\\/web\\\/dour-patricio-barry\\\/#breadcrumb\"},\"inLanguage\":\"es\",\"potentialAction\":[{\"@type\":\"ReadAction\",\"target\":[\"https:\\\/\\\/www.arquimaster.com.ar\\\/web\\\/dour-patricio-barry\\\/\"]}]},{\"@type\":\"ImageObject\",\"inLanguage\":\"es\",\"@id\":\"https:\\\/\\\/www.arquimaster.com.ar\\\/web\\\/dour-patricio-barry\\\/#primaryimage\",\"url\":\"https:\\\/\\\/www.arquimaster.com.ar\\\/web\\\/wp-content\\\/uploads\\\/2013\\\/12\\\/dour_slide.jpg\",\"contentUrl\":\"https:\\\/\\\/www.arquimaster.com.ar\\\/web\\\/wp-content\\\/uploads\\\/2013\\\/12\\\/dour_slide.jpg\",\"width\":642,\"height\":336},{\"@type\":\"BreadcrumbList\",\"@id\":\"https:\\\/\\\/www.arquimaster.com.ar\\\/web\\\/dour-patricio-barry\\\/#breadcrumb\",\"itemListElement\":[{\"@type\":\"ListItem\",\"position\":1,\"name\":\"Portada\",\"item\":\"https:\\\/\\\/www.arquimaster.com.ar\\\/web\\\/\"},{\"@type\":\"ListItem\",\"position\":2,\"name\":\"DoUr \\\/ Patricio Barry + Cristian Izurieta\"}]},{\"@type\":\"WebSite\",\"@id\":\"https:\\\/\\\/www.arquimaster.com.ar\\\/web\\\/#website\",\"url\":\"https:\\\/\\\/www.arquimaster.com.ar\\\/web\\\/\",\"name\":\"Arquimaster\",\"description\":\"Web de arquitectura, dise\u00f1o y construccion\",\"publisher\":{\"@id\":\"https:\\\/\\\/www.arquimaster.com.ar\\\/web\\\/#organization\"},\"potentialAction\":[{\"@type\":\"SearchAction\",\"target\":{\"@type\":\"EntryPoint\",\"urlTemplate\":\"https:\\\/\\\/www.arquimaster.com.ar\\\/web\\\/?s={search_term_string}\"},\"query-input\":{\"@type\":\"PropertyValueSpecification\",\"valueRequired\":true,\"valueName\":\"search_term_string\"}}],\"inLanguage\":\"es\"},{\"@type\":\"Organization\",\"@id\":\"https:\\\/\\\/www.arquimaster.com.ar\\\/web\\\/#organization\",\"name\":\"Arquimaster\",\"url\":\"https:\\\/\\\/www.arquimaster.com.ar\\\/web\\\/\",\"logo\":{\"@type\":\"ImageObject\",\"inLanguage\":\"es\",\"@id\":\"https:\\\/\\\/www.arquimaster.com.ar\\\/web\\\/#\\\/schema\\\/logo\\\/image\\\/\",\"url\":\"https:\\\/\\\/www.arquimaster.com.ar\\\/web\\\/wp-content\\\/uploads\\\/2022\\\/06\\\/arquimaster.png\",\"contentUrl\":\"https:\\\/\\\/www.arquimaster.com.ar\\\/web\\\/wp-content\\\/uploads\\\/2022\\\/06\\\/arquimaster.png\",\"width\":594,\"height\":78,\"caption\":\"Arquimaster\"},\"image\":{\"@id\":\"https:\\\/\\\/www.arquimaster.com.ar\\\/web\\\/#\\\/schema\\\/logo\\\/image\\\/\"},\"sameAs\":[\"http:\\\/\\\/www.facebook.com\\\/ARQUIMASTER.com.ar\",\"https:\\\/\\\/x.com\\\/arquimaster\",\"https:\\\/\\\/www.instagram.com\\\/arquimasterblog\\\/\",\"https:\\\/\\\/www.linkedin.com\\\/company\\\/arquimaster\",\"https:\\\/\\\/www.pinterest.com\\\/arquimaster\",\"https:\\\/\\\/t.me\\\/arquimaster\"]},{\"@type\":\"Person\",\"@id\":\"https:\\\/\\\/www.arquimaster.com.ar\\\/web\\\/#\\\/schema\\\/person\\\/359e9f7c00193fcde068e0dd2ceb0028\",\"name\":\"Arquimaster\"}]}<\/script>\n<!-- \/ Yoast SEO plugin. -->","yoast_head_json":{"title":"DoUr \/ Patricio Barry + Cristian Izurieta - Arquimaster","robots":{"index":"index","follow":"follow","max-snippet":"max-snippet:-1","max-image-preview":"max-image-preview:large","max-video-preview":"max-video-preview:-1"},"canonical":"https:\/\/www.arquimaster.com.ar\/web\/dour-patricio-barry\/","og_locale":"es_ES","og_type":"article","og_title":"DoUr \/ Patricio Barry + Cristian Izurieta - Arquimaster","og_description":"Patricio Barry participara de la exposicion Sal\u00e3o Design Movelsul con DoUr...","og_url":"https:\/\/www.arquimaster.com.ar\/web\/dour-patricio-barry\/","og_site_name":"Arquimaster","article_publisher":"http:\/\/www.facebook.com\/ARQUIMASTER.com.ar","article_published_time":"2013-12-27T02:32:21+00:00","article_modified_time":"2014-01-10T00:41:15+00:00","og_image":[{"width":642,"height":336,"url":"https:\/\/www.arquimaster.com.ar\/web\/wp-content\/uploads\/2013\/12\/dour_slide.jpg","type":"image\/jpeg"}],"author":"Arquimaster","twitter_card":"summary_large_image","twitter_creator":"@arquimaster","twitter_site":"@arquimaster","twitter_misc":{"Escrito por":"Arquimaster","Tiempo de lectura":"1 minuto"},"schema":{"@context":"https:\/\/schema.org","@graph":[{"@type":"Article","@id":"https:\/\/www.arquimaster.com.ar\/web\/dour-patricio-barry\/#article","isPartOf":{"@id":"https:\/\/www.arquimaster.com.ar\/web\/dour-patricio-barry\/"},"author":{"name":"Arquimaster","@id":"https:\/\/www.arquimaster.com.ar\/web\/#\/schema\/person\/359e9f7c00193fcde068e0dd2ceb0028"},"headline":"DoUr \/ Patricio Barry + Cristian Izurieta","datePublished":"2013-12-27T02:32:21+00:00","dateModified":"2014-01-10T00:41:15+00:00","mainEntityOfPage":{"@id":"https:\/\/www.arquimaster.com.ar\/web\/dour-patricio-barry\/"},"wordCount":220,"publisher":{"@id":"https:\/\/www.arquimaster.com.ar\/web\/#organization"},"image":{"@id":"https:\/\/www.arquimaster.com.ar\/web\/dour-patricio-barry\/#primaryimage"},"thumbnailUrl":"https:\/\/www.arquimaster.com.ar\/web\/wp-content\/uploads\/2013\/12\/dour_slide.jpg","keywords":["Cristian Izurieta","DoUr","mobiliario","Patricio Barry","Sal\u00e3o Design Movelsul"],"articleSection":["Dise\u00f1o","Dise\u00f1o industrial y mobiliario"],"inLanguage":"es"},{"@type":"WebPage","@id":"https:\/\/www.arquimaster.com.ar\/web\/dour-patricio-barry\/","url":"https:\/\/www.arquimaster.com.ar\/web\/dour-patricio-barry\/","name":"DoUr \/ Patricio Barry + Cristian Izurieta - Arquimaster","isPartOf":{"@id":"https:\/\/www.arquimaster.com.ar\/web\/#website"},"primaryImageOfPage":{"@id":"https:\/\/www.arquimaster.com.ar\/web\/dour-patricio-barry\/#primaryimage"},"image":{"@id":"https:\/\/www.arquimaster.com.ar\/web\/dour-patricio-barry\/#primaryimage"},"thumbnailUrl":"https:\/\/www.arquimaster.com.ar\/web\/wp-content\/uploads\/2013\/12\/dour_slide.jpg","datePublished":"2013-12-27T02:32:21+00:00","dateModified":"2014-01-10T00:41:15+00:00","breadcrumb":{"@id":"https:\/\/www.arquimaster.com.ar\/web\/dour-patricio-barry\/#breadcrumb"},"inLanguage":"es","potentialAction":[{"@type":"ReadAction","target":["https:\/\/www.arquimaster.com.ar\/web\/dour-patricio-barry\/"]}]},{"@type":"ImageObject","inLanguage":"es","@id":"https:\/\/www.arquimaster.com.ar\/web\/dour-patricio-barry\/#primaryimage","url":"https:\/\/www.arquimaster.com.ar\/web\/wp-content\/uploads\/2013\/12\/dour_slide.jpg","contentUrl":"https:\/\/www.arquimaster.com.ar\/web\/wp-content\/uploads\/2013\/12\/dour_slide.jpg","width":642,"height":336},{"@type":"BreadcrumbList","@id":"https:\/\/www.arquimaster.com.ar\/web\/dour-patricio-barry\/#breadcrumb","itemListElement":[{"@type":"ListItem","position":1,"name":"Portada","item":"https:\/\/www.arquimaster.com.ar\/web\/"},{"@type":"ListItem","position":2,"name":"DoUr \/ Patricio Barry + Cristian Izurieta"}]},{"@type":"WebSite","@id":"https:\/\/www.arquimaster.com.ar\/web\/#website","url":"https:\/\/www.arquimaster.com.ar\/web\/","name":"Arquimaster","description":"Web de arquitectura, dise\u00f1o y construccion","publisher":{"@id":"https:\/\/www.arquimaster.com.ar\/web\/#organization"},"potentialAction":[{"@type":"SearchAction","target":{"@type":"EntryPoint","urlTemplate":"https:\/\/www.arquimaster.com.ar\/web\/?s={search_term_string}"},"query-input":{"@type":"PropertyValueSpecification","valueRequired":true,"valueName":"search_term_string"}}],"inLanguage":"es"},{"@type":"Organization","@id":"https:\/\/www.arquimaster.com.ar\/web\/#organization","name":"Arquimaster","url":"https:\/\/www.arquimaster.com.ar\/web\/","logo":{"@type":"ImageObject","inLanguage":"es","@id":"https:\/\/www.arquimaster.com.ar\/web\/#\/schema\/logo\/image\/","url":"https:\/\/www.arquimaster.com.ar\/web\/wp-content\/uploads\/2022\/06\/arquimaster.png","contentUrl":"https:\/\/www.arquimaster.com.ar\/web\/wp-content\/uploads\/2022\/06\/arquimaster.png","width":594,"height":78,"caption":"Arquimaster"},"image":{"@id":"https:\/\/www.arquimaster.com.ar\/web\/#\/schema\/logo\/image\/"},"sameAs":["http:\/\/www.facebook.com\/ARQUIMASTER.com.ar","https:\/\/x.com\/arquimaster","https:\/\/www.instagram.com\/arquimasterblog\/","https:\/\/www.linkedin.com\/company\/arquimaster","https:\/\/www.pinterest.com\/arquimaster","https:\/\/t.me\/arquimaster"]},{"@type":"Person","@id":"https:\/\/www.arquimaster.com.ar\/web\/#\/schema\/person\/359e9f7c00193fcde068e0dd2ceb0028","name":"Arquimaster"}]}},"uagb_featured_image_src":{"full":["https:\/\/www.arquimaster.com.ar\/web\/wp-content\/uploads\/2013\/12\/dour_slide.jpg",642,336,false],"thumbnail":["https:\/\/www.arquimaster.com.ar\/web\/wp-content\/uploads\/2013\/12\/dour_slide-150x150.jpg",150,150,true],"medium":["https:\/\/www.arquimaster.com.ar\/web\/wp-content\/uploads\/2013\/12\/dour_slide-300x157.jpg",300,157,true],"medium_large":["https:\/\/www.arquimaster.com.ar\/web\/wp-content\/uploads\/2013\/12\/dour_slide.jpg",642,336,false],"large":["https:\/\/www.arquimaster.com.ar\/web\/wp-content\/uploads\/2013\/12\/dour_slide.jpg",642,336,false],"1536x1536":["https:\/\/www.arquimaster.com.ar\/web\/wp-content\/uploads\/2013\/12\/dour_slide.jpg",642,336,false],"2048x2048":["https:\/\/www.arquimaster.com.ar\/web\/wp-content\/uploads\/2013\/12\/dour_slide.jpg",642,336,false]},"uagb_author_info":{"display_name":"Arquimaster","author_link":"https:\/\/www.arquimaster.com.ar\/web\/author\/arquimaster\/"},"uagb_comment_info":0,"uagb_excerpt":"Patricio Barry participara de la exposicion Sal\u00e3o Design Movelsul con DoUr...","_links":{"self":[{"href":"https:\/\/www.arquimaster.com.ar\/web\/wp-json\/wp\/v2\/posts\/1288","targetHints":{"allow":["GET"]}}],"collection":[{"href":"https:\/\/www.arquimaster.com.ar\/web\/wp-json\/wp\/v2\/posts"}],"about":[{"href":"https:\/\/www.arquimaster.com.ar\/web\/wp-json\/wp\/v2\/types\/post"}],"author":[{"embeddable":true,"href":"https:\/\/www.arquimaster.com.ar\/web\/wp-json\/wp\/v2\/users\/1"}],"replies":[{"embeddable":true,"href":"https:\/\/www.arquimaster.com.ar\/web\/wp-json\/wp\/v2\/comments?post=1288"}],"version-history":[{"count":0,"href":"https:\/\/www.arquimaster.com.ar\/web\/wp-json\/wp\/v2\/posts\/1288\/revisions"}],"wp:featuredmedia":[{"embeddable":true,"href":"https:\/\/www.arquimaster.com.ar\/web\/wp-json\/wp\/v2\/media\/1289"}],"wp:attachment":[{"href":"https:\/\/www.arquimaster.com.ar\/web\/wp-json\/wp\/v2\/media?parent=1288"}],"wp:term":[{"taxonomy":"category","embeddable":true,"href":"https:\/\/www.arquimaster.com.ar\/web\/wp-json\/wp\/v2\/categories?post=1288"},{"taxonomy":"post_tag","embeddable":true,"href":"https:\/\/www.arquimaster.com.ar\/web\/wp-json\/wp\/v2\/tags?post=1288"}],"curies":[{"name":"wp","href":"https:\/\/api.w.org\/{rel}","templated":true}]}}