{"id":13148,"date":"2015-03-13T17:00:09","date_gmt":"2015-03-13T17:00:09","guid":{"rendered":"http:\/\/www.arquimaster.com.ar\/web\/?p=13148"},"modified":"2026-03-27T16:24:59","modified_gmt":"2026-03-27T19:24:59","slug":"silenzio-la-nueva-coleccion-de-modo-casa","status":"publish","type":"post","link":"https:\/\/www.arquimaster.com.ar\/web\/silenzio-la-nueva-coleccion-de-modo-casa\/","title":{"rendered":"Silenzio, la nueva colecci\u00f3n de Modo Casa"},"content":{"rendered":"<div style=\"margin-top: 0px; margin-bottom: 0px;\" class=\"sharethis-inline-share-buttons\" ><\/div><div class=\"b812932af2e751442846f039925109de\" data-index=\"1\" style=\"float: none; margin:25px 0 25px 0; text-align:center;\">\n<script async src=\"https:\/\/pagead2.googlesyndication.com\/pagead\/js\/adsbygoogle.js\"><\/script>\r\n<!-- Arquimaster (superior) -->\r\n<ins class=\"adsbygoogle\"\r\n     style=\"display:block\"\r\n     data-ad-client=\"ca-pub-6351072698456832\"\r\n     data-ad-slot=\"6455489680\"\r\n     data-ad-format=\"auto\"\r\n     data-full-width-responsive=\"true\"><\/ins>\r\n<script>\r\n     (adsbygoogle = window.adsbygoogle || []).push({});\r\n<\/script>\n<\/div>\n<p><em><strong>La propuesta dise\u00f1ada por el Estudio, contempla una paleta de tonos claros, diversidad de texturas y dise\u00f1os simples.<\/strong><\/em><\/p>\n<div id='gallery-1' class='gallery galleryid-13148 gallery-columns-3 gallery-size-thumbnail'><figure class='gallery-item'>\n\t\t\t<div class='gallery-icon portrait'>\n\t\t\t\t<a href='https:\/\/www.arquimaster.com.ar\/web\/wp-content\/uploads\/2015\/03\/silenzio_modo_casa1.jpg' title=\"Silenzio, la nueva colecci\u00f3n de Modo Casa\" data-rl_title=\"Silenzio, la nueva colecci\u00f3n de Modo Casa\" class=\"rl-gallery-link\" data-rl_caption=\"Silenzio, la nueva colecci\u00f3n de Modo Casa\" data-rel=\"lightbox-gallery-1\"><img loading=\"lazy\" decoding=\"async\" width=\"150\" height=\"150\" src=\"https:\/\/www.arquimaster.com.ar\/web\/wp-content\/uploads\/2015\/03\/silenzio_modo_casa1-150x150.jpg\" class=\"attachment-thumbnail size-thumbnail\" alt=\"\" aria-describedby=\"gallery-1-13150\" srcset=\"https:\/\/www.arquimaster.com.ar\/web\/wp-content\/uploads\/2015\/03\/silenzio_modo_casa1-150x150.jpg 150w, https:\/\/www.arquimaster.com.ar\/web\/wp-content\/uploads\/2015\/03\/silenzio_modo_casa1-50x50.jpg 50w, https:\/\/www.arquimaster.com.ar\/web\/wp-content\/uploads\/2015\/03\/silenzio_modo_casa1-125x125.jpg 125w\" sizes=\"auto, (max-width: 150px) 100vw, 150px\" \/><\/a>\n\t\t\t<\/div>\n\t\t\t\t<figcaption class='wp-caption-text gallery-caption' id='gallery-1-13150'>\n\t\t\t\tSilenzio, la nueva colecci\u00f3n de Modo Casa\n\t\t\t\t<\/figcaption><\/figure><figure class='gallery-item'>\n\t\t\t<div class='gallery-icon landscape'>\n\t\t\t\t<a href='https:\/\/www.arquimaster.com.ar\/web\/wp-content\/uploads\/2015\/03\/silenzio_modo_casa2.jpg' title=\"Silenzio, la nueva colecci\u00f3n de Modo Casa\" data-rl_title=\"Silenzio, la nueva colecci\u00f3n de Modo Casa\" class=\"rl-gallery-link\" data-rl_caption=\"Silenzio, la nueva colecci\u00f3n de Modo Casa\" data-rel=\"lightbox-gallery-1\"><img loading=\"lazy\" decoding=\"async\" width=\"150\" height=\"150\" src=\"https:\/\/www.arquimaster.com.ar\/web\/wp-content\/uploads\/2015\/03\/silenzio_modo_casa2-150x150.jpg\" class=\"attachment-thumbnail size-thumbnail\" alt=\"\" aria-describedby=\"gallery-1-13151\" srcset=\"https:\/\/www.arquimaster.com.ar\/web\/wp-content\/uploads\/2015\/03\/silenzio_modo_casa2-150x150.jpg 150w, https:\/\/www.arquimaster.com.ar\/web\/wp-content\/uploads\/2015\/03\/silenzio_modo_casa2-300x300.jpg 300w, https:\/\/www.arquimaster.com.ar\/web\/wp-content\/uploads\/2015\/03\/silenzio_modo_casa2-50x50.jpg 50w, https:\/\/www.arquimaster.com.ar\/web\/wp-content\/uploads\/2015\/03\/silenzio_modo_casa2-125x125.jpg 125w, https:\/\/www.arquimaster.com.ar\/web\/wp-content\/uploads\/2015\/03\/silenzio_modo_casa2.jpg 800w\" sizes=\"auto, (max-width: 150px) 100vw, 150px\" \/><\/a>\n\t\t\t<\/div>\n\t\t\t\t<figcaption class='wp-caption-text gallery-caption' id='gallery-1-13151'>\n\t\t\t\tSilenzio, la nueva colecci\u00f3n de Modo Casa\n\t\t\t\t<\/figcaption><\/figure><figure class='gallery-item'>\n\t\t\t<div class='gallery-icon portrait'>\n\t\t\t\t<a href='https:\/\/www.arquimaster.com.ar\/web\/wp-content\/uploads\/2015\/03\/silenzio_modo_casa3.jpg' title=\"Silenzio, la nueva colecci\u00f3n de Modo Casa\" data-rl_title=\"Silenzio, la nueva colecci\u00f3n de Modo Casa\" class=\"rl-gallery-link\" data-rl_caption=\"Silenzio, la nueva colecci\u00f3n de Modo Casa\" data-rel=\"lightbox-gallery-1\"><img loading=\"lazy\" decoding=\"async\" width=\"150\" height=\"150\" src=\"https:\/\/www.arquimaster.com.ar\/web\/wp-content\/uploads\/2015\/03\/silenzio_modo_casa3-150x150.jpg\" class=\"attachment-thumbnail size-thumbnail\" alt=\"\" aria-describedby=\"gallery-1-13152\" srcset=\"https:\/\/www.arquimaster.com.ar\/web\/wp-content\/uploads\/2015\/03\/silenzio_modo_casa3-150x150.jpg 150w, https:\/\/www.arquimaster.com.ar\/web\/wp-content\/uploads\/2015\/03\/silenzio_modo_casa3-50x50.jpg 50w, https:\/\/www.arquimaster.com.ar\/web\/wp-content\/uploads\/2015\/03\/silenzio_modo_casa3-125x125.jpg 125w\" sizes=\"auto, (max-width: 150px) 100vw, 150px\" \/><\/a>\n\t\t\t<\/div>\n\t\t\t\t<figcaption class='wp-caption-text gallery-caption' id='gallery-1-13152'>\n\t\t\t\tSilenzio, la nueva colecci\u00f3n de Modo Casa\n\t\t\t\t<\/figcaption><\/figure><figure class='gallery-item'>\n\t\t\t<div class='gallery-icon portrait'>\n\t\t\t\t<a href='https:\/\/www.arquimaster.com.ar\/web\/wp-content\/uploads\/2015\/03\/silenzio_modo_casa4.jpg' title=\"Silenzio, la nueva colecci\u00f3n de Modo Casa\" data-rl_title=\"Silenzio, la nueva colecci\u00f3n de Modo Casa\" class=\"rl-gallery-link\" data-rl_caption=\"Silenzio, la nueva colecci\u00f3n de Modo Casa\" data-rel=\"lightbox-gallery-1\"><img loading=\"lazy\" decoding=\"async\" width=\"150\" height=\"150\" src=\"https:\/\/www.arquimaster.com.ar\/web\/wp-content\/uploads\/2015\/03\/silenzio_modo_casa4-150x150.jpg\" class=\"attachment-thumbnail size-thumbnail\" alt=\"\" aria-describedby=\"gallery-1-13153\" srcset=\"https:\/\/www.arquimaster.com.ar\/web\/wp-content\/uploads\/2015\/03\/silenzio_modo_casa4-150x150.jpg 150w, https:\/\/www.arquimaster.com.ar\/web\/wp-content\/uploads\/2015\/03\/silenzio_modo_casa4-50x50.jpg 50w, https:\/\/www.arquimaster.com.ar\/web\/wp-content\/uploads\/2015\/03\/silenzio_modo_casa4-125x125.jpg 125w\" sizes=\"auto, (max-width: 150px) 100vw, 150px\" \/><\/a>\n\t\t\t<\/div>\n\t\t\t\t<figcaption class='wp-caption-text gallery-caption' id='gallery-1-13153'>\n\t\t\t\tSilenzio, la nueva colecci\u00f3n de Modo Casa\n\t\t\t\t<\/figcaption><\/figure><figure class='gallery-item'>\n\t\t\t<div class='gallery-icon portrait'>\n\t\t\t\t<a href='https:\/\/www.arquimaster.com.ar\/web\/wp-content\/uploads\/2015\/03\/silenzio_modo_casa5.jpg' title=\"Silenzio, la nueva colecci\u00f3n de Modo Casa\" data-rl_title=\"Silenzio, la nueva colecci\u00f3n de Modo Casa\" class=\"rl-gallery-link\" data-rl_caption=\"Silenzio, la nueva colecci\u00f3n de Modo Casa\" data-rel=\"lightbox-gallery-1\"><img loading=\"lazy\" decoding=\"async\" width=\"150\" height=\"150\" src=\"https:\/\/www.arquimaster.com.ar\/web\/wp-content\/uploads\/2015\/03\/silenzio_modo_casa5-150x150.jpg\" class=\"attachment-thumbnail size-thumbnail\" alt=\"\" aria-describedby=\"gallery-1-13154\" srcset=\"https:\/\/www.arquimaster.com.ar\/web\/wp-content\/uploads\/2015\/03\/silenzio_modo_casa5-150x150.jpg 150w, https:\/\/www.arquimaster.com.ar\/web\/wp-content\/uploads\/2015\/03\/silenzio_modo_casa5-50x50.jpg 50w, https:\/\/www.arquimaster.com.ar\/web\/wp-content\/uploads\/2015\/03\/silenzio_modo_casa5-125x125.jpg 125w\" sizes=\"auto, (max-width: 150px) 100vw, 150px\" \/><\/a>\n\t\t\t<\/div>\n\t\t\t\t<figcaption class='wp-caption-text gallery-caption' id='gallery-1-13154'>\n\t\t\t\tSilenzio, la nueva colecci\u00f3n de Modo Casa\n\t\t\t\t<\/figcaption><\/figure><figure class='gallery-item'>\n\t\t\t<div class='gallery-icon landscape'>\n\t\t\t\t<a href='https:\/\/www.arquimaster.com.ar\/web\/wp-content\/uploads\/2015\/03\/silenzio_modo_casa6.jpg' title=\"Silenzio, la nueva colecci\u00f3n de Modo Casa\" data-rl_title=\"Silenzio, la nueva colecci\u00f3n de Modo Casa\" class=\"rl-gallery-link\" data-rl_caption=\"Silenzio, la nueva colecci\u00f3n de Modo Casa\" data-rel=\"lightbox-gallery-1\"><img loading=\"lazy\" decoding=\"async\" width=\"150\" height=\"150\" src=\"https:\/\/www.arquimaster.com.ar\/web\/wp-content\/uploads\/2015\/03\/silenzio_modo_casa6-150x150.jpg\" class=\"attachment-thumbnail size-thumbnail\" alt=\"\" aria-describedby=\"gallery-1-13155\" srcset=\"https:\/\/www.arquimaster.com.ar\/web\/wp-content\/uploads\/2015\/03\/silenzio_modo_casa6-150x150.jpg 150w, https:\/\/www.arquimaster.com.ar\/web\/wp-content\/uploads\/2015\/03\/silenzio_modo_casa6-50x50.jpg 50w, https:\/\/www.arquimaster.com.ar\/web\/wp-content\/uploads\/2015\/03\/silenzio_modo_casa6-125x125.jpg 125w\" sizes=\"auto, (max-width: 150px) 100vw, 150px\" \/><\/a>\n\t\t\t<\/div>\n\t\t\t\t<figcaption class='wp-caption-text gallery-caption' id='gallery-1-13155'>\n\t\t\t\tSilenzio, la nueva colecci\u00f3n de Modo Casa\n\t\t\t\t<\/figcaption><\/figure><figure class='gallery-item'>\n\t\t\t<div class='gallery-icon portrait'>\n\t\t\t\t<a href='https:\/\/www.arquimaster.com.ar\/web\/wp-content\/uploads\/2015\/03\/silenzio_modo_casa7.jpg' title=\"Silenzio, la nueva colecci\u00f3n de Modo Casa\" data-rl_title=\"Silenzio, la nueva colecci\u00f3n de Modo Casa\" class=\"rl-gallery-link\" data-rl_caption=\"Silenzio, la nueva colecci\u00f3n de Modo Casa\" data-rel=\"lightbox-gallery-1\"><img loading=\"lazy\" decoding=\"async\" width=\"150\" height=\"150\" src=\"https:\/\/www.arquimaster.com.ar\/web\/wp-content\/uploads\/2015\/03\/silenzio_modo_casa7-150x150.jpg\" class=\"attachment-thumbnail size-thumbnail\" alt=\"\" aria-describedby=\"gallery-1-13156\" srcset=\"https:\/\/www.arquimaster.com.ar\/web\/wp-content\/uploads\/2015\/03\/silenzio_modo_casa7-150x150.jpg 150w, https:\/\/www.arquimaster.com.ar\/web\/wp-content\/uploads\/2015\/03\/silenzio_modo_casa7-50x50.jpg 50w, https:\/\/www.arquimaster.com.ar\/web\/wp-content\/uploads\/2015\/03\/silenzio_modo_casa7-125x125.jpg 125w\" sizes=\"auto, (max-width: 150px) 100vw, 150px\" \/><\/a>\n\t\t\t<\/div>\n\t\t\t\t<figcaption class='wp-caption-text gallery-caption' id='gallery-1-13156'>\n\t\t\t\tSilenzio, la nueva colecci\u00f3n de Modo Casa\n\t\t\t\t<\/figcaption><\/figure><figure class='gallery-item'>\n\t\t\t<div class='gallery-icon portrait'>\n\t\t\t\t<a href='https:\/\/www.arquimaster.com.ar\/web\/wp-content\/uploads\/2015\/03\/silenzio_modo_casa8.jpg' title=\"Silenzio, la nueva colecci\u00f3n de Modo Casa\" data-rl_title=\"Silenzio, la nueva colecci\u00f3n de Modo Casa\" class=\"rl-gallery-link\" data-rl_caption=\"Silenzio, la nueva colecci\u00f3n de Modo Casa\" data-rel=\"lightbox-gallery-1\"><img loading=\"lazy\" decoding=\"async\" width=\"150\" height=\"150\" src=\"https:\/\/www.arquimaster.com.ar\/web\/wp-content\/uploads\/2015\/03\/silenzio_modo_casa8-150x150.jpg\" class=\"attachment-thumbnail size-thumbnail\" alt=\"\" aria-describedby=\"gallery-1-13157\" srcset=\"https:\/\/www.arquimaster.com.ar\/web\/wp-content\/uploads\/2015\/03\/silenzio_modo_casa8-150x150.jpg 150w, https:\/\/www.arquimaster.com.ar\/web\/wp-content\/uploads\/2015\/03\/silenzio_modo_casa8-50x50.jpg 50w, https:\/\/www.arquimaster.com.ar\/web\/wp-content\/uploads\/2015\/03\/silenzio_modo_casa8-125x125.jpg 125w\" sizes=\"auto, (max-width: 150px) 100vw, 150px\" \/><\/a>\n\t\t\t<\/div>\n\t\t\t\t<figcaption class='wp-caption-text gallery-caption' id='gallery-1-13157'>\n\t\t\t\tSilenzio, la nueva colecci\u00f3n de Modo Casa\n\t\t\t\t<\/figcaption><\/figure><figure class='gallery-item'>\n\t\t\t<div class='gallery-icon portrait'>\n\t\t\t\t<a href='https:\/\/www.arquimaster.com.ar\/web\/wp-content\/uploads\/2015\/03\/silenzio_modo_casa9.jpg' title=\"Silenzio, la nueva colecci\u00f3n de Modo Casa\" data-rl_title=\"Silenzio, la nueva colecci\u00f3n de Modo Casa\" class=\"rl-gallery-link\" data-rl_caption=\"Silenzio, la nueva colecci\u00f3n de Modo Casa\" data-rel=\"lightbox-gallery-1\"><img loading=\"lazy\" decoding=\"async\" width=\"150\" height=\"150\" src=\"https:\/\/www.arquimaster.com.ar\/web\/wp-content\/uploads\/2015\/03\/silenzio_modo_casa9-150x150.jpg\" class=\"attachment-thumbnail size-thumbnail\" alt=\"\" aria-describedby=\"gallery-1-13158\" srcset=\"https:\/\/www.arquimaster.com.ar\/web\/wp-content\/uploads\/2015\/03\/silenzio_modo_casa9-150x150.jpg 150w, https:\/\/www.arquimaster.com.ar\/web\/wp-content\/uploads\/2015\/03\/silenzio_modo_casa9-50x50.jpg 50w, https:\/\/www.arquimaster.com.ar\/web\/wp-content\/uploads\/2015\/03\/silenzio_modo_casa9-125x125.jpg 125w\" sizes=\"auto, (max-width: 150px) 100vw, 150px\" \/><\/a>\n\t\t\t<\/div>\n\t\t\t\t<figcaption class='wp-caption-text gallery-caption' id='gallery-1-13158'>\n\t\t\t\tSilenzio, la nueva colecci\u00f3n de Modo Casa\n\t\t\t\t<\/figcaption><\/figure><figure class='gallery-item'>\n\t\t\t<div class='gallery-icon portrait'>\n\t\t\t\t<a href='https:\/\/www.arquimaster.com.ar\/web\/wp-content\/uploads\/2015\/03\/silenzio_modo_casa10.jpg' title=\"Silenzio, la nueva colecci\u00f3n de Modo Casa\" data-rl_title=\"Silenzio, la nueva colecci\u00f3n de Modo Casa\" class=\"rl-gallery-link\" data-rl_caption=\"Silenzio, la nueva colecci\u00f3n de Modo Casa\" data-rel=\"lightbox-gallery-1\"><img loading=\"lazy\" decoding=\"async\" width=\"150\" height=\"150\" src=\"https:\/\/www.arquimaster.com.ar\/web\/wp-content\/uploads\/2015\/03\/silenzio_modo_casa10-150x150.jpg\" class=\"attachment-thumbnail size-thumbnail\" alt=\"\" aria-describedby=\"gallery-1-13159\" srcset=\"https:\/\/www.arquimaster.com.ar\/web\/wp-content\/uploads\/2015\/03\/silenzio_modo_casa10-150x150.jpg 150w, https:\/\/www.arquimaster.com.ar\/web\/wp-content\/uploads\/2015\/03\/silenzio_modo_casa10-50x50.jpg 50w, https:\/\/www.arquimaster.com.ar\/web\/wp-content\/uploads\/2015\/03\/silenzio_modo_casa10-125x125.jpg 125w\" sizes=\"auto, (max-width: 150px) 100vw, 150px\" \/><\/a>\n\t\t\t<\/div>\n\t\t\t\t<figcaption class='wp-caption-text gallery-caption' id='gallery-1-13159'>\n\t\t\t\tSilenzio, la nueva colecci\u00f3n de Modo Casa\n\t\t\t\t<\/figcaption><\/figure><figure class='gallery-item'>\n\t\t\t<div class='gallery-icon landscape'>\n\t\t\t\t<a href='https:\/\/www.arquimaster.com.ar\/web\/wp-content\/uploads\/2015\/03\/silenzio_modo_casa11.jpg' title=\"Silenzio, la nueva colecci\u00f3n de Modo Casa\" data-rl_title=\"Silenzio, la nueva colecci\u00f3n de Modo Casa\" class=\"rl-gallery-link\" data-rl_caption=\"Silenzio, la nueva colecci\u00f3n de Modo Casa\" data-rel=\"lightbox-gallery-1\"><img loading=\"lazy\" decoding=\"async\" width=\"150\" height=\"150\" src=\"https:\/\/www.arquimaster.com.ar\/web\/wp-content\/uploads\/2015\/03\/silenzio_modo_casa11-150x150.jpg\" class=\"attachment-thumbnail size-thumbnail\" alt=\"\" aria-describedby=\"gallery-1-13160\" srcset=\"https:\/\/www.arquimaster.com.ar\/web\/wp-content\/uploads\/2015\/03\/silenzio_modo_casa11-150x150.jpg 150w, https:\/\/www.arquimaster.com.ar\/web\/wp-content\/uploads\/2015\/03\/silenzio_modo_casa11-50x50.jpg 50w, https:\/\/www.arquimaster.com.ar\/web\/wp-content\/uploads\/2015\/03\/silenzio_modo_casa11-125x125.jpg 125w\" sizes=\"auto, (max-width: 150px) 100vw, 150px\" \/><\/a>\n\t\t\t<\/div>\n\t\t\t\t<figcaption class='wp-caption-text gallery-caption' id='gallery-1-13160'>\n\t\t\t\tSilenzio, la nueva colecci\u00f3n de Modo Casa\n\t\t\t\t<\/figcaption><\/figure><figure class='gallery-item'>\n\t\t\t<div class='gallery-icon landscape'>\n\t\t\t\t<a href='https:\/\/www.arquimaster.com.ar\/web\/wp-content\/uploads\/2015\/03\/silenzio_modo_casa12.jpg' title=\"Silenzio, la nueva colecci\u00f3n de Modo Casa\" data-rl_title=\"Silenzio, la nueva colecci\u00f3n de Modo Casa\" class=\"rl-gallery-link\" data-rl_caption=\"Silenzio, la nueva colecci\u00f3n de Modo Casa\" data-rel=\"lightbox-gallery-1\"><img loading=\"lazy\" decoding=\"async\" width=\"150\" height=\"150\" src=\"https:\/\/www.arquimaster.com.ar\/web\/wp-content\/uploads\/2015\/03\/silenzio_modo_casa12-150x150.jpg\" class=\"attachment-thumbnail size-thumbnail\" alt=\"\" aria-describedby=\"gallery-1-13161\" srcset=\"https:\/\/www.arquimaster.com.ar\/web\/wp-content\/uploads\/2015\/03\/silenzio_modo_casa12-150x150.jpg 150w, https:\/\/www.arquimaster.com.ar\/web\/wp-content\/uploads\/2015\/03\/silenzio_modo_casa12-50x50.jpg 50w, https:\/\/www.arquimaster.com.ar\/web\/wp-content\/uploads\/2015\/03\/silenzio_modo_casa12-125x125.jpg 125w\" sizes=\"auto, (max-width: 150px) 100vw, 150px\" \/><\/a>\n\t\t\t<\/div>\n\t\t\t\t<figcaption class='wp-caption-text gallery-caption' id='gallery-1-13161'>\n\t\t\t\tSilenzio, la nueva colecci\u00f3n de Modo Casa\n\t\t\t\t<\/figcaption><\/figure>\n\t\t<\/div>\n\n<p><strong>Silenzio<\/strong>, inspirada en escenarios que transmiten paz y que provocan una pausa reflexiva, es una propuesta que irrumpe con texturas que fusionan frescura y calidez. La madera, el mimbre, el junco y el cuero, el lino y la arpillera, ganan protagonismo y audazmente se combinan con materiales como el hierro y el cobre.<\/p>\n<p><em>\u00abPermanentemente nos desafiamos, nos cuestionamos. Creamos y volvemos a crear. Nuestro gran desaf\u00edo no es s\u00f3lo generar propuestas diferentes, sino por sobre todo elementos que contribuyan positivamente con la calidad de vida de quienes nos eligen\u00bb<\/em>, resaltaron <strong>Gustavo Yankelevich<\/strong> y <strong>M\u00e1ximo Ferraro<\/strong>, Directores de <strong>Estudio Modo Casa<\/strong>.<\/p>\n<p>A partir de cada uno de los dise\u00f1os que componen la colecci\u00f3n, la firma acerca al mercado una propuesta que busca generar una atm\u00f3sfera calma.<\/p>\n<p>Entre los elementos se destacan: bancos de junco que marcan el detalle simple y descontracturado presente en esta colecci\u00f3n, un camastro en bull pesado blanco, mesas de arrime de estructura en tonos cobre y tapa de m\u00e1rmol, un sill\u00f3n cl\u00e1sico en su forma pero original en su acabado, materializado en cuero de pelo, una alfombra en tonos celestes, una mesa circular laqueada en blanco brillante y sillas de acabado cobreado.<\/p>\n<p>Adicionalmente se incorporan a la colecci\u00f3n una l\u00e1mpara galponera y otra de pie cobre brillante, un butac\u00f3n tipo playero en laca blanca y un espejo con detalles amarillo intenso.<\/p>\n<p>A la propuesta, se suma una estructura entramada en hierro con acabado natural, en la que pueden emplazarse objetos de dise\u00f1o o libros en cajas de madera contenedoras.<\/p>\n<p>Con una predominancia de tonos claros, la paleta seleccionada para esta colecci\u00f3n evoca serenidad y equilibrio, vehiculizando el esp\u00edritu de la l\u00ednea.<\/p>\n<p>Dise\u00f1os simples y puros se distinguen en cada uno de los objetos que componen Silenzio. La colecci\u00f3n se puede apreciar en las tiendas de Modo Casa.<\/p>\n<p>Materiales: Cobre, M\u00e1rmol, junco, hierro, laca, mimbre, cuero<\/p>\n<p>Colores: Celeste, Amarillo, Blanco y Cobre<\/p>\n<p><strong>Acerca de Modo Casa<\/strong><br \/>\nModo Casa es una empresa familiar argentina con veinte a\u00f1os en el mercado nacional. Actualmente es liderada por una joven generaci\u00f3n experimentada. Ubicada en el barrio de Palermo, ciudad de Buenos, est\u00e1 conformada por dos unidades de negocio distinguidas por ofrecer servicios complementarios: Comercializaci\u00f3n de mobiliario de dise\u00f1os exclusivos y Estudio Modo Casa, asesoramiento integral en dise\u00f1o de ambientes y mobiliario.<\/p>\n<p><strong>Acerca de Estudio Modo Casa<\/strong><br \/>\nLa pasi\u00f3n de quienes aman lo que hacen y el esp\u00edritu inquieto de quienes permanentemente buscan lo diferente, se traduce en la creaci\u00f3n de Estudio Modo Casa. Con estudios en Arquitectura y en Dise\u00f1o, los profesionales que lideran esta unidad de negocio trabajan a diario en el desarrollo de propuestas de dise\u00f1o de interiores. A diferencia de lo existente en este peque\u00f1o gran mundo de la innovaci\u00f3n e inspiraci\u00f3n, desde Estudio Modo Casa no s\u00f3lo se planifica y asesora sobre el dise\u00f1o de un interior, sino tambi\u00e9n, se elabora y dise\u00f1a mobiliario exclusivo para cada uno de quienes eligen a la marca.<\/p>\n\n<div style=\"font-size: 0px; height: 0px; line-height: 0px; margin: 0; padding: 0; clear: both;\"><\/div><div style=\"margin-top: 0px; margin-bottom: 0px;\" class=\"sharethis-inline-share-buttons\" ><\/div>","protected":false},"excerpt":{"rendered":"<p>La propuesta contempla una paleta de tonos claros, diversidad de texturas y dise\u00f1os simples&#8230;<\/p>\n","protected":false},"author":1,"featured_media":13149,"comment_status":"closed","ping_status":"closed","sticky":false,"template":"","format":"standard","meta":{"_uag_custom_page_level_css":"","footnotes":""},"categories":[55,56],"tags":[3121,2231,2225,2220,2221,2181,3120,2232,2224,701,2027,2222,3119,1168,3118],"class_list":["post-13148","post","type-post","status-publish","format-standard","has-post-thumbnail","hentry","category-diseno","category-diseno-interior-decoracion","tag-arpillera","tag-cobre","tag-cuero","tag-estudio-modo-casa","tag-gustavo-yankelevich","tag-hierro","tag-junco","tag-laca","tag-lino","tag-madera","tag-marmol","tag-maximo-ferraro","tag-mimbre","tag-modo-casa","tag-silenzio","generate-columns","tablet-grid-50","mobile-grid-100","grid-parent","grid-50"],"yoast_head":"<!-- This site is optimized with the Yoast SEO plugin v27.3 - https:\/\/yoast.com\/product\/yoast-seo-wordpress\/ -->\n<title>Silenzio, la nueva colecci\u00f3n de Modo Casa - Arquimaster<\/title>\n<meta name=\"robots\" content=\"index, follow, max-snippet:-1, max-image-preview:large, max-video-preview:-1\" \/>\n<link rel=\"canonical\" href=\"https:\/\/www.arquimaster.com.ar\/web\/silenzio-la-nueva-coleccion-de-modo-casa\/\" \/>\n<meta property=\"og:locale\" content=\"es_ES\" \/>\n<meta property=\"og:type\" content=\"article\" \/>\n<meta property=\"og:title\" content=\"Silenzio, la nueva colecci\u00f3n de Modo Casa - Arquimaster\" \/>\n<meta property=\"og:description\" content=\"La propuesta contempla una paleta de tonos claros, diversidad de texturas y dise\u00f1os simples...\" \/>\n<meta property=\"og:url\" content=\"https:\/\/www.arquimaster.com.ar\/web\/silenzio-la-nueva-coleccion-de-modo-casa\/\" \/>\n<meta property=\"og:site_name\" content=\"Arquimaster\" \/>\n<meta property=\"article:publisher\" content=\"http:\/\/www.facebook.com\/ARQUIMASTER.com.ar\" \/>\n<meta property=\"article:published_time\" content=\"2015-03-13T17:00:09+00:00\" \/>\n<meta property=\"article:modified_time\" content=\"2026-03-27T19:24:59+00:00\" \/>\n<meta property=\"og:image\" content=\"https:\/\/www.arquimaster.com.ar\/web\/wp-content\/uploads\/2015\/03\/silenzio_modo_casa_slide.jpg\" \/>\n\t<meta property=\"og:image:width\" content=\"642\" \/>\n\t<meta property=\"og:image:height\" content=\"336\" \/>\n\t<meta property=\"og:image:type\" content=\"image\/jpeg\" \/>\n<meta name=\"author\" content=\"Arquimaster\" \/>\n<meta name=\"twitter:card\" content=\"summary_large_image\" \/>\n<meta name=\"twitter:creator\" content=\"@arquimaster\" \/>\n<meta name=\"twitter:site\" content=\"@arquimaster\" \/>\n<meta name=\"twitter:label1\" content=\"Escrito por\" \/>\n\t<meta name=\"twitter:data1\" content=\"Arquimaster\" \/>\n\t<meta name=\"twitter:label2\" content=\"Tiempo de lectura\" \/>\n\t<meta name=\"twitter:data2\" content=\"3 minutos\" \/>\n<script type=\"application\/ld+json\" class=\"yoast-schema-graph\">{\"@context\":\"https:\\\/\\\/schema.org\",\"@graph\":[{\"@type\":\"Article\",\"@id\":\"https:\\\/\\\/www.arquimaster.com.ar\\\/web\\\/silenzio-la-nueva-coleccion-de-modo-casa\\\/#article\",\"isPartOf\":{\"@id\":\"https:\\\/\\\/www.arquimaster.com.ar\\\/web\\\/silenzio-la-nueva-coleccion-de-modo-casa\\\/\"},\"author\":{\"name\":\"Arquimaster\",\"@id\":\"https:\\\/\\\/www.arquimaster.com.ar\\\/web\\\/#\\\/schema\\\/person\\\/359e9f7c00193fcde068e0dd2ceb0028\"},\"headline\":\"Silenzio, la nueva colecci\u00f3n de Modo Casa\",\"datePublished\":\"2015-03-13T17:00:09+00:00\",\"dateModified\":\"2026-03-27T19:24:59+00:00\",\"mainEntityOfPage\":{\"@id\":\"https:\\\/\\\/www.arquimaster.com.ar\\\/web\\\/silenzio-la-nueva-coleccion-de-modo-casa\\\/\"},\"wordCount\":555,\"publisher\":{\"@id\":\"https:\\\/\\\/www.arquimaster.com.ar\\\/web\\\/#organization\"},\"image\":{\"@id\":\"https:\\\/\\\/www.arquimaster.com.ar\\\/web\\\/silenzio-la-nueva-coleccion-de-modo-casa\\\/#primaryimage\"},\"thumbnailUrl\":\"https:\\\/\\\/www.arquimaster.com.ar\\\/web\\\/wp-content\\\/uploads\\\/2015\\\/03\\\/silenzio_modo_casa_slide.jpg\",\"keywords\":[\"arpillera\",\"cobre\",\"cuero\",\"Estudio Modo Casa\",\"Gustavo Yankelevich\",\"hierro\",\"junco\",\"laca\",\"lino\",\"madera\",\"marmol\",\"M\u00e1ximo Ferraro\",\"mimbre\",\"Modo Casa\",\"Silenzio\"],\"articleSection\":[\"Dise\u00f1o\",\"Dise\u00f1o interior y decoracion\"],\"inLanguage\":\"es\"},{\"@type\":\"WebPage\",\"@id\":\"https:\\\/\\\/www.arquimaster.com.ar\\\/web\\\/silenzio-la-nueva-coleccion-de-modo-casa\\\/\",\"url\":\"https:\\\/\\\/www.arquimaster.com.ar\\\/web\\\/silenzio-la-nueva-coleccion-de-modo-casa\\\/\",\"name\":\"Silenzio, la nueva colecci\u00f3n de Modo Casa - Arquimaster\",\"isPartOf\":{\"@id\":\"https:\\\/\\\/www.arquimaster.com.ar\\\/web\\\/#website\"},\"primaryImageOfPage\":{\"@id\":\"https:\\\/\\\/www.arquimaster.com.ar\\\/web\\\/silenzio-la-nueva-coleccion-de-modo-casa\\\/#primaryimage\"},\"image\":{\"@id\":\"https:\\\/\\\/www.arquimaster.com.ar\\\/web\\\/silenzio-la-nueva-coleccion-de-modo-casa\\\/#primaryimage\"},\"thumbnailUrl\":\"https:\\\/\\\/www.arquimaster.com.ar\\\/web\\\/wp-content\\\/uploads\\\/2015\\\/03\\\/silenzio_modo_casa_slide.jpg\",\"datePublished\":\"2015-03-13T17:00:09+00:00\",\"dateModified\":\"2026-03-27T19:24:59+00:00\",\"breadcrumb\":{\"@id\":\"https:\\\/\\\/www.arquimaster.com.ar\\\/web\\\/silenzio-la-nueva-coleccion-de-modo-casa\\\/#breadcrumb\"},\"inLanguage\":\"es\",\"potentialAction\":[{\"@type\":\"ReadAction\",\"target\":[\"https:\\\/\\\/www.arquimaster.com.ar\\\/web\\\/silenzio-la-nueva-coleccion-de-modo-casa\\\/\"]}]},{\"@type\":\"ImageObject\",\"inLanguage\":\"es\",\"@id\":\"https:\\\/\\\/www.arquimaster.com.ar\\\/web\\\/silenzio-la-nueva-coleccion-de-modo-casa\\\/#primaryimage\",\"url\":\"https:\\\/\\\/www.arquimaster.com.ar\\\/web\\\/wp-content\\\/uploads\\\/2015\\\/03\\\/silenzio_modo_casa_slide.jpg\",\"contentUrl\":\"https:\\\/\\\/www.arquimaster.com.ar\\\/web\\\/wp-content\\\/uploads\\\/2015\\\/03\\\/silenzio_modo_casa_slide.jpg\",\"width\":642,\"height\":336},{\"@type\":\"BreadcrumbList\",\"@id\":\"https:\\\/\\\/www.arquimaster.com.ar\\\/web\\\/silenzio-la-nueva-coleccion-de-modo-casa\\\/#breadcrumb\",\"itemListElement\":[{\"@type\":\"ListItem\",\"position\":1,\"name\":\"Portada\",\"item\":\"https:\\\/\\\/www.arquimaster.com.ar\\\/web\\\/\"},{\"@type\":\"ListItem\",\"position\":2,\"name\":\"Silenzio, la nueva colecci\u00f3n de Modo Casa\"}]},{\"@type\":\"WebSite\",\"@id\":\"https:\\\/\\\/www.arquimaster.com.ar\\\/web\\\/#website\",\"url\":\"https:\\\/\\\/www.arquimaster.com.ar\\\/web\\\/\",\"name\":\"Arquimaster\",\"description\":\"Web de arquitectura, dise\u00f1o y construccion\",\"publisher\":{\"@id\":\"https:\\\/\\\/www.arquimaster.com.ar\\\/web\\\/#organization\"},\"potentialAction\":[{\"@type\":\"SearchAction\",\"target\":{\"@type\":\"EntryPoint\",\"urlTemplate\":\"https:\\\/\\\/www.arquimaster.com.ar\\\/web\\\/?s={search_term_string}\"},\"query-input\":{\"@type\":\"PropertyValueSpecification\",\"valueRequired\":true,\"valueName\":\"search_term_string\"}}],\"inLanguage\":\"es\"},{\"@type\":\"Organization\",\"@id\":\"https:\\\/\\\/www.arquimaster.com.ar\\\/web\\\/#organization\",\"name\":\"Arquimaster\",\"url\":\"https:\\\/\\\/www.arquimaster.com.ar\\\/web\\\/\",\"logo\":{\"@type\":\"ImageObject\",\"inLanguage\":\"es\",\"@id\":\"https:\\\/\\\/www.arquimaster.com.ar\\\/web\\\/#\\\/schema\\\/logo\\\/image\\\/\",\"url\":\"https:\\\/\\\/www.arquimaster.com.ar\\\/web\\\/wp-content\\\/uploads\\\/2022\\\/06\\\/arquimaster.png\",\"contentUrl\":\"https:\\\/\\\/www.arquimaster.com.ar\\\/web\\\/wp-content\\\/uploads\\\/2022\\\/06\\\/arquimaster.png\",\"width\":594,\"height\":78,\"caption\":\"Arquimaster\"},\"image\":{\"@id\":\"https:\\\/\\\/www.arquimaster.com.ar\\\/web\\\/#\\\/schema\\\/logo\\\/image\\\/\"},\"sameAs\":[\"http:\\\/\\\/www.facebook.com\\\/ARQUIMASTER.com.ar\",\"https:\\\/\\\/x.com\\\/arquimaster\",\"https:\\\/\\\/www.instagram.com\\\/arquimasterblog\\\/\",\"https:\\\/\\\/www.linkedin.com\\\/company\\\/arquimaster\",\"https:\\\/\\\/www.pinterest.com\\\/arquimaster\",\"https:\\\/\\\/t.me\\\/arquimaster\"]},{\"@type\":\"Person\",\"@id\":\"https:\\\/\\\/www.arquimaster.com.ar\\\/web\\\/#\\\/schema\\\/person\\\/359e9f7c00193fcde068e0dd2ceb0028\",\"name\":\"Arquimaster\"}]}<\/script>\n<!-- \/ Yoast SEO plugin. -->","yoast_head_json":{"title":"Silenzio, la nueva colecci\u00f3n de Modo Casa - Arquimaster","robots":{"index":"index","follow":"follow","max-snippet":"max-snippet:-1","max-image-preview":"max-image-preview:large","max-video-preview":"max-video-preview:-1"},"canonical":"https:\/\/www.arquimaster.com.ar\/web\/silenzio-la-nueva-coleccion-de-modo-casa\/","og_locale":"es_ES","og_type":"article","og_title":"Silenzio, la nueva colecci\u00f3n de Modo Casa - Arquimaster","og_description":"La propuesta contempla una paleta de tonos claros, diversidad de texturas y dise\u00f1os simples...","og_url":"https:\/\/www.arquimaster.com.ar\/web\/silenzio-la-nueva-coleccion-de-modo-casa\/","og_site_name":"Arquimaster","article_publisher":"http:\/\/www.facebook.com\/ARQUIMASTER.com.ar","article_published_time":"2015-03-13T17:00:09+00:00","article_modified_time":"2026-03-27T19:24:59+00:00","og_image":[{"width":642,"height":336,"url":"https:\/\/www.arquimaster.com.ar\/web\/wp-content\/uploads\/2015\/03\/silenzio_modo_casa_slide.jpg","type":"image\/jpeg"}],"author":"Arquimaster","twitter_card":"summary_large_image","twitter_creator":"@arquimaster","twitter_site":"@arquimaster","twitter_misc":{"Escrito por":"Arquimaster","Tiempo de lectura":"3 minutos"},"schema":{"@context":"https:\/\/schema.org","@graph":[{"@type":"Article","@id":"https:\/\/www.arquimaster.com.ar\/web\/silenzio-la-nueva-coleccion-de-modo-casa\/#article","isPartOf":{"@id":"https:\/\/www.arquimaster.com.ar\/web\/silenzio-la-nueva-coleccion-de-modo-casa\/"},"author":{"name":"Arquimaster","@id":"https:\/\/www.arquimaster.com.ar\/web\/#\/schema\/person\/359e9f7c00193fcde068e0dd2ceb0028"},"headline":"Silenzio, la nueva colecci\u00f3n de Modo Casa","datePublished":"2015-03-13T17:00:09+00:00","dateModified":"2026-03-27T19:24:59+00:00","mainEntityOfPage":{"@id":"https:\/\/www.arquimaster.com.ar\/web\/silenzio-la-nueva-coleccion-de-modo-casa\/"},"wordCount":555,"publisher":{"@id":"https:\/\/www.arquimaster.com.ar\/web\/#organization"},"image":{"@id":"https:\/\/www.arquimaster.com.ar\/web\/silenzio-la-nueva-coleccion-de-modo-casa\/#primaryimage"},"thumbnailUrl":"https:\/\/www.arquimaster.com.ar\/web\/wp-content\/uploads\/2015\/03\/silenzio_modo_casa_slide.jpg","keywords":["arpillera","cobre","cuero","Estudio Modo Casa","Gustavo Yankelevich","hierro","junco","laca","lino","madera","marmol","M\u00e1ximo Ferraro","mimbre","Modo Casa","Silenzio"],"articleSection":["Dise\u00f1o","Dise\u00f1o interior y decoracion"],"inLanguage":"es"},{"@type":"WebPage","@id":"https:\/\/www.arquimaster.com.ar\/web\/silenzio-la-nueva-coleccion-de-modo-casa\/","url":"https:\/\/www.arquimaster.com.ar\/web\/silenzio-la-nueva-coleccion-de-modo-casa\/","name":"Silenzio, la nueva colecci\u00f3n de Modo Casa - Arquimaster","isPartOf":{"@id":"https:\/\/www.arquimaster.com.ar\/web\/#website"},"primaryImageOfPage":{"@id":"https:\/\/www.arquimaster.com.ar\/web\/silenzio-la-nueva-coleccion-de-modo-casa\/#primaryimage"},"image":{"@id":"https:\/\/www.arquimaster.com.ar\/web\/silenzio-la-nueva-coleccion-de-modo-casa\/#primaryimage"},"thumbnailUrl":"https:\/\/www.arquimaster.com.ar\/web\/wp-content\/uploads\/2015\/03\/silenzio_modo_casa_slide.jpg","datePublished":"2015-03-13T17:00:09+00:00","dateModified":"2026-03-27T19:24:59+00:00","breadcrumb":{"@id":"https:\/\/www.arquimaster.com.ar\/web\/silenzio-la-nueva-coleccion-de-modo-casa\/#breadcrumb"},"inLanguage":"es","potentialAction":[{"@type":"ReadAction","target":["https:\/\/www.arquimaster.com.ar\/web\/silenzio-la-nueva-coleccion-de-modo-casa\/"]}]},{"@type":"ImageObject","inLanguage":"es","@id":"https:\/\/www.arquimaster.com.ar\/web\/silenzio-la-nueva-coleccion-de-modo-casa\/#primaryimage","url":"https:\/\/www.arquimaster.com.ar\/web\/wp-content\/uploads\/2015\/03\/silenzio_modo_casa_slide.jpg","contentUrl":"https:\/\/www.arquimaster.com.ar\/web\/wp-content\/uploads\/2015\/03\/silenzio_modo_casa_slide.jpg","width":642,"height":336},{"@type":"BreadcrumbList","@id":"https:\/\/www.arquimaster.com.ar\/web\/silenzio-la-nueva-coleccion-de-modo-casa\/#breadcrumb","itemListElement":[{"@type":"ListItem","position":1,"name":"Portada","item":"https:\/\/www.arquimaster.com.ar\/web\/"},{"@type":"ListItem","position":2,"name":"Silenzio, la nueva colecci\u00f3n de Modo Casa"}]},{"@type":"WebSite","@id":"https:\/\/www.arquimaster.com.ar\/web\/#website","url":"https:\/\/www.arquimaster.com.ar\/web\/","name":"Arquimaster","description":"Web de arquitectura, dise\u00f1o y construccion","publisher":{"@id":"https:\/\/www.arquimaster.com.ar\/web\/#organization"},"potentialAction":[{"@type":"SearchAction","target":{"@type":"EntryPoint","urlTemplate":"https:\/\/www.arquimaster.com.ar\/web\/?s={search_term_string}"},"query-input":{"@type":"PropertyValueSpecification","valueRequired":true,"valueName":"search_term_string"}}],"inLanguage":"es"},{"@type":"Organization","@id":"https:\/\/www.arquimaster.com.ar\/web\/#organization","name":"Arquimaster","url":"https:\/\/www.arquimaster.com.ar\/web\/","logo":{"@type":"ImageObject","inLanguage":"es","@id":"https:\/\/www.arquimaster.com.ar\/web\/#\/schema\/logo\/image\/","url":"https:\/\/www.arquimaster.com.ar\/web\/wp-content\/uploads\/2022\/06\/arquimaster.png","contentUrl":"https:\/\/www.arquimaster.com.ar\/web\/wp-content\/uploads\/2022\/06\/arquimaster.png","width":594,"height":78,"caption":"Arquimaster"},"image":{"@id":"https:\/\/www.arquimaster.com.ar\/web\/#\/schema\/logo\/image\/"},"sameAs":["http:\/\/www.facebook.com\/ARQUIMASTER.com.ar","https:\/\/x.com\/arquimaster","https:\/\/www.instagram.com\/arquimasterblog\/","https:\/\/www.linkedin.com\/company\/arquimaster","https:\/\/www.pinterest.com\/arquimaster","https:\/\/t.me\/arquimaster"]},{"@type":"Person","@id":"https:\/\/www.arquimaster.com.ar\/web\/#\/schema\/person\/359e9f7c00193fcde068e0dd2ceb0028","name":"Arquimaster"}]}},"uagb_featured_image_src":{"full":["https:\/\/www.arquimaster.com.ar\/web\/wp-content\/uploads\/2015\/03\/silenzio_modo_casa_slide.jpg",642,336,false],"thumbnail":["https:\/\/www.arquimaster.com.ar\/web\/wp-content\/uploads\/2015\/03\/silenzio_modo_casa_slide-150x150.jpg",150,150,true],"medium":["https:\/\/www.arquimaster.com.ar\/web\/wp-content\/uploads\/2015\/03\/silenzio_modo_casa_slide-573x300.jpg",573,300,true],"medium_large":["https:\/\/www.arquimaster.com.ar\/web\/wp-content\/uploads\/2015\/03\/silenzio_modo_casa_slide.jpg",642,336,false],"large":["https:\/\/www.arquimaster.com.ar\/web\/wp-content\/uploads\/2015\/03\/silenzio_modo_casa_slide.jpg",642,336,false],"1536x1536":["https:\/\/www.arquimaster.com.ar\/web\/wp-content\/uploads\/2015\/03\/silenzio_modo_casa_slide.jpg",642,336,false],"2048x2048":["https:\/\/www.arquimaster.com.ar\/web\/wp-content\/uploads\/2015\/03\/silenzio_modo_casa_slide.jpg",642,336,false]},"uagb_author_info":{"display_name":"Arquimaster","author_link":"https:\/\/www.arquimaster.com.ar\/web\/author\/arquimaster\/"},"uagb_comment_info":0,"uagb_excerpt":"La propuesta contempla una paleta de tonos claros, diversidad de texturas y dise\u00f1os simples...","_links":{"self":[{"href":"https:\/\/www.arquimaster.com.ar\/web\/wp-json\/wp\/v2\/posts\/13148","targetHints":{"allow":["GET"]}}],"collection":[{"href":"https:\/\/www.arquimaster.com.ar\/web\/wp-json\/wp\/v2\/posts"}],"about":[{"href":"https:\/\/www.arquimaster.com.ar\/web\/wp-json\/wp\/v2\/types\/post"}],"author":[{"embeddable":true,"href":"https:\/\/www.arquimaster.com.ar\/web\/wp-json\/wp\/v2\/users\/1"}],"replies":[{"embeddable":true,"href":"https:\/\/www.arquimaster.com.ar\/web\/wp-json\/wp\/v2\/comments?post=13148"}],"version-history":[{"count":2,"href":"https:\/\/www.arquimaster.com.ar\/web\/wp-json\/wp\/v2\/posts\/13148\/revisions"}],"predecessor-version":[{"id":87737,"href":"https:\/\/www.arquimaster.com.ar\/web\/wp-json\/wp\/v2\/posts\/13148\/revisions\/87737"}],"wp:featuredmedia":[{"embeddable":true,"href":"https:\/\/www.arquimaster.com.ar\/web\/wp-json\/wp\/v2\/media\/13149"}],"wp:attachment":[{"href":"https:\/\/www.arquimaster.com.ar\/web\/wp-json\/wp\/v2\/media?parent=13148"}],"wp:term":[{"taxonomy":"category","embeddable":true,"href":"https:\/\/www.arquimaster.com.ar\/web\/wp-json\/wp\/v2\/categories?post=13148"},{"taxonomy":"post_tag","embeddable":true,"href":"https:\/\/www.arquimaster.com.ar\/web\/wp-json\/wp\/v2\/tags?post=13148"}],"curies":[{"name":"wp","href":"https:\/\/api.w.org\/{rel}","templated":true}]}}