{"id":13303,"date":"2014-06-24T18:47:16","date_gmt":"2014-06-24T18:47:16","guid":{"rendered":"http:\/\/www.arquimaster.com.ar\/web\/?p=13303"},"modified":"2026-03-28T18:26:29","modified_gmt":"2026-03-28T21:26:29","slug":"avanza-la-construccion-del-nuevo-centro-de-exposiciones-y-convenciones-de-la-ciudad","status":"publish","type":"post","link":"https:\/\/www.arquimaster.com.ar\/web\/avanza-la-construccion-del-nuevo-centro-de-exposiciones-y-convenciones-de-la-ciudad\/","title":{"rendered":"Avanza la construcci\u00f3n del nuevo Centro de Exposiciones y Convenciones de la Ciudad"},"content":{"rendered":"<div style=\"margin-top: 0px; margin-bottom: 0px;\" class=\"sharethis-inline-share-buttons\" ><\/div><div class=\"b812932af2e751442846f039925109de\" data-index=\"1\" style=\"float: none; margin:25px 0 25px 0; text-align:center;\">\n<script async src=\"https:\/\/pagead2.googlesyndication.com\/pagead\/js\/adsbygoogle.js\"><\/script>\r\n<!-- Arquimaster (superior) -->\r\n<ins class=\"adsbygoogle\"\r\n     style=\"display:block\"\r\n     data-ad-client=\"ca-pub-6351072698456832\"\r\n     data-ad-slot=\"6455489680\"\r\n     data-ad-format=\"auto\"\r\n     data-full-width-responsive=\"true\"><\/ins>\r\n<script>\r\n     (adsbygoogle = window.adsbygoogle || []).push({});\r\n<\/script>\n<\/div>\n<p><em><strong>La UTE Criba-Mejores Hospitales dio inicio a los trabajos en el predio del antiguo Centro Municipal de Exposiciones. El nuevo Centro de Exposiciones y Convenciones se construir\u00e1 enterrado y sobre \u00e9l se conformar\u00e1 un nuevo parque.<\/strong><\/em><\/p>\n<div id='gallery-1' class='gallery galleryid-13303 gallery-columns-3 gallery-size-thumbnail'><figure class='gallery-item'>\n\t\t\t<div class='gallery-icon landscape'>\n\t\t\t\t<a href='https:\/\/www.arquimaster.com.ar\/web\/wp-content\/uploads\/2015\/03\/criba_centro_exposiciones_ciudad.jpg' title=\"Avanza la construcci\u00f3n del nuevo Centro de Exposiciones y Convenciones de la Ciudad\" data-rl_title=\"Avanza la construcci\u00f3n del nuevo Centro de Exposiciones y Convenciones de la Ciudad\" class=\"rl-gallery-link\" data-rl_caption=\"Avanza la construcci\u00f3n del nuevo Centro de Exposiciones y Convenciones de la Ciudad\" data-rel=\"lightbox-gallery-1\"><img loading=\"lazy\" decoding=\"async\" width=\"150\" height=\"150\" src=\"https:\/\/www.arquimaster.com.ar\/web\/wp-content\/uploads\/2015\/03\/criba_centro_exposiciones_ciudad-150x150.jpg\" class=\"attachment-thumbnail size-thumbnail\" alt=\"\" aria-describedby=\"gallery-1-13305\" srcset=\"https:\/\/www.arquimaster.com.ar\/web\/wp-content\/uploads\/2015\/03\/criba_centro_exposiciones_ciudad-150x150.jpg 150w, https:\/\/www.arquimaster.com.ar\/web\/wp-content\/uploads\/2015\/03\/criba_centro_exposiciones_ciudad-50x50.jpg 50w, https:\/\/www.arquimaster.com.ar\/web\/wp-content\/uploads\/2015\/03\/criba_centro_exposiciones_ciudad-125x125.jpg 125w\" sizes=\"auto, (max-width: 150px) 100vw, 150px\" \/><\/a>\n\t\t\t<\/div>\n\t\t\t\t<figcaption class='wp-caption-text gallery-caption' id='gallery-1-13305'>\n\t\t\t\tAvanza la construcci\u00f3n del nuevo Centro de Exposiciones y Convenciones de la Ciudad\n\t\t\t\t<\/figcaption><\/figure>\n\t\t<\/div>\n\n<p>A fines del a\u00f1o 2013, el Gobierno de la Ciudad lanz\u00f3 la Licitaci\u00f3n P\u00fablica N\u00ba 2.594\/13 para la ejecuci\u00f3n de un nuevo Parque y Centro de Exposiciones y Convenciones en el predio situado entre el Parque Thays y la Plaza Federativa de Brasil, pr\u00f3ximo a la Facultad de Derecho.<\/p>\n<p>Participaron de esta licitaci\u00f3n las empresas Conorvial S.A., Riva S.A., Dycasa S.A., Corsan Corviam Construcci\u00f3n S.A. y Criba S.A.-Mejores Hospitales S.A. (UTE), quien result\u00f3 ganadora del concurso.<\/p>\n<p>El proyecto del nuevo CEC result\u00f3 seleccionado en el concurso promovido entre la Sociedad Central de Arquitectos y el Ministerio de Desarrollo Urbano fundamentalmente por no generar un impacto negativo en el paisaje. Su dise\u00f1o, a trav\u00e9s de un volumen bajo, permite que la plaza contin\u00fae por encima de la cubierta conectando el Parque Thays, con la Plaza Federativa de Brasil, la Plaza de las Naciones Unidas y el entorno a la Facultad de Derecho.<\/p>\n<p>As\u00ed, el edificio \u00abdesaparece\u00bb en el paisaje y emerge, componiendo un manto verde unido a las \u00e1reas verdes ya existentes. Este nuevo parque, en el cual se preservar\u00e1n los a\u00f1osos arboles existentes, funcionar\u00e1 como continuidad y enlace de los parques aleda\u00f1os, conformando una gran y \u00fanica pieza verde urbana.<\/p>\n<p>La flexibilidad de los espacios proyectados en el edificio bajo el parque, permitir\u00e1n alojar un Centro de Exposiciones y de Convenciones, que contar\u00e1 con un foyer, una sala principal y salas menores, que permitir\u00e1n recibir un total de 4500 personas.<\/p>\n<p>El edificio de 21.000 m2 se desarrolla en 3 niveles, desde el nivel -7,00m hasta el +0.35\/+1.20, y una cota m\u00e1xima de cubierta verde a +7.55m.<\/p>\n<p>En el nivel de ingreso (-3,25m) se encuentran las boleter\u00edas, el bar, el hall principal y las escaleras mec\u00e1nicas que bajan al foyer. La Sala de Convenciones y Exposiciones esta conformada por un espacio de 112 m x 40 m, de 10 m libres de altura interior, con posibilidad de ser dividido en 3 subespacios.<\/p>\n<p>El proyecto se complementa con salas auxiliares, \u00e1reas de dep\u00f3sito, y un sector de oficinas. Es relevante la inclusi\u00f3n de una terminal de carga y descarga de materiales y una terminal de transporte p\u00fablico a diferentes niveles.<\/p>\n<p>La obra comprende adem\u00e1s la desactivaci\u00f3n y demolici\u00f3n del actual Centro de Exposiciones de Figueroa Alcorta, trabajos que a la fecha se encuentran en etapa de finalizaci\u00f3n.<\/p>\n<p>La UTE Criba-Mejores Hospitales avanza a buen ritmo en las tareas de excavaci\u00f3n y ejecuci\u00f3n de tabiques de contenci\u00f3n perimetrales, trabajando con 3 excavadoras de 20 tn sobre orugas y una gran cantidad de camiones.<\/p>\n<p>Al mismo tiempo, el departamento de Ingenier\u00eda de la empresa eval\u00faa diferentes alternativas de estructura para dar mejor respuesta a la demanda propia de las grandes luces que el proyecto presenta, maximizando su eficiencia y el acortamiento de los plazos de obra.<\/p>\n<p><strong>Acerca de CRIBA<\/strong><br \/>\nEmpresa argentina dedicada a brindar servicios de construcci\u00f3n de alta calidad. Construye edificios de vivienda, oficinas, hospitales, hoteles, edificios industriales, comerciales, barrios de vivienda e infraestructura. Se destaca que CRIBA cuenta con m\u00e1s de 1.100 operarios altamente capacitados que forman su plantilla permanente y un destacado plantel de profesionales. Otros rasgos distintivos de la empresa son su equipamiento de \u00faltima generaci\u00f3n, permanentemente actualizado. Son relevantes las pol\u00edticas de CRIBA en materia Seguridad e Higiene que contemplan a sus operarios, subcontratistas y clientes. En los \u00faltimos a\u00f1os la empresa ha ejecutado obras dise\u00f1adas por Arquitectos de relieve internacional como Foster, Pelli y Ott. CRIBA Fue distinguida en 2009 y 2010 como la mejor Empresa Constructora con el Premio Fortuna. En 2012 la AEV le otorg\u00f3 el Premio a la Constructora del A\u00f1o.<\/p>\n<p><strong>Obras<\/strong><br \/>\nSede Corporativa Repsol-YPF (by C\u00e9sar Pelli &amp; Associates)<br \/>\nSede Corporativa Banco Ciudad (by Foster + Partners)<br \/>\nRecoleta Mall<br \/>\nZ\u00e9ncity Esmeralda<br \/>\nCentral Tucumano<br \/>\nSanatorio Finochietto<br \/>\nMadero Walk Eventos<br \/>\nPlanta Industrial SC Johnson &amp; Son Argentina<br \/>\nEstrella del Sur<br \/>\nVientos del Delta<br \/>\nCines Centro Comercial Nordelta<br \/>\nEmprendimiento Na\u00f3n<br \/>\nTorre Cr\u00e1mer<br \/>\nEstacionamiento Emilio Mitre<br \/>\nTemplo Buenos Aires<br \/>\nHospital Pedi\u00e1trico Odontol\u00f3gico<br \/>\nPolo Educativo Saavedra<\/p>\n\n<div style=\"font-size: 0px; height: 0px; line-height: 0px; margin: 0; padding: 0; clear: both;\"><\/div><div style=\"margin-top: 0px; margin-bottom: 0px;\" class=\"sharethis-inline-share-buttons\" ><\/div>","protected":false},"excerpt":{"rendered":"<p>La UTE Criba-Mejores Hospitales dio inicio a los trabajos en el predio&#8230;<\/p>\n","protected":false},"author":1,"featured_media":13304,"comment_status":"closed","ping_status":"closed","sticky":false,"template":"","format":"standard","meta":{"_uag_custom_page_level_css":"","footnotes":""},"categories":[40,65],"tags":[267,1657,3138],"class_list":["post-13303","post","type-post","status-publish","format-standard","has-post-thumbnail","hentry","category-construccion","category-sector-inmobiliario","tag-criba","tag-empresa-constructora","tag-mejores-hospitales","generate-columns","tablet-grid-50","mobile-grid-100","grid-parent","grid-50"],"yoast_head":"<!-- This site is optimized with the Yoast SEO plugin v27.3 - https:\/\/yoast.com\/product\/yoast-seo-wordpress\/ -->\n<title>Avanza la construcci\u00f3n del nuevo Centro de Exposiciones y Convenciones de la Ciudad - Arquimaster<\/title>\n<meta name=\"robots\" content=\"index, follow, max-snippet:-1, max-image-preview:large, max-video-preview:-1\" \/>\n<link rel=\"canonical\" href=\"https:\/\/www.arquimaster.com.ar\/web\/avanza-la-construccion-del-nuevo-centro-de-exposiciones-y-convenciones-de-la-ciudad\/\" \/>\n<meta property=\"og:locale\" content=\"es_ES\" \/>\n<meta property=\"og:type\" content=\"article\" \/>\n<meta property=\"og:title\" content=\"Avanza la construcci\u00f3n del nuevo Centro de Exposiciones y Convenciones de la Ciudad - Arquimaster\" \/>\n<meta property=\"og:description\" content=\"La UTE Criba-Mejores Hospitales dio inicio a los trabajos en el predio...\" \/>\n<meta property=\"og:url\" content=\"https:\/\/www.arquimaster.com.ar\/web\/avanza-la-construccion-del-nuevo-centro-de-exposiciones-y-convenciones-de-la-ciudad\/\" \/>\n<meta property=\"og:site_name\" content=\"Arquimaster\" \/>\n<meta property=\"article:publisher\" content=\"http:\/\/www.facebook.com\/ARQUIMASTER.com.ar\" \/>\n<meta property=\"article:published_time\" content=\"2014-06-24T18:47:16+00:00\" \/>\n<meta property=\"article:modified_time\" content=\"2026-03-28T21:26:29+00:00\" \/>\n<meta property=\"og:image\" content=\"https:\/\/www.arquimaster.com.ar\/web\/wp-content\/uploads\/2015\/03\/criba_centro_exposiciones_ciudad_slide.jpg\" \/>\n\t<meta property=\"og:image:width\" content=\"642\" \/>\n\t<meta property=\"og:image:height\" content=\"336\" \/>\n\t<meta property=\"og:image:type\" content=\"image\/jpeg\" \/>\n<meta name=\"author\" content=\"Arquimaster\" \/>\n<meta name=\"twitter:card\" content=\"summary_large_image\" \/>\n<meta name=\"twitter:creator\" content=\"@arquimaster\" \/>\n<meta name=\"twitter:site\" content=\"@arquimaster\" \/>\n<meta name=\"twitter:label1\" content=\"Escrito por\" \/>\n\t<meta name=\"twitter:data1\" content=\"Arquimaster\" \/>\n\t<meta name=\"twitter:label2\" content=\"Tiempo de lectura\" \/>\n\t<meta name=\"twitter:data2\" content=\"4 minutos\" \/>\n<script type=\"application\/ld+json\" class=\"yoast-schema-graph\">{\"@context\":\"https:\\\/\\\/schema.org\",\"@graph\":[{\"@type\":\"Article\",\"@id\":\"https:\\\/\\\/www.arquimaster.com.ar\\\/web\\\/avanza-la-construccion-del-nuevo-centro-de-exposiciones-y-convenciones-de-la-ciudad\\\/#article\",\"isPartOf\":{\"@id\":\"https:\\\/\\\/www.arquimaster.com.ar\\\/web\\\/avanza-la-construccion-del-nuevo-centro-de-exposiciones-y-convenciones-de-la-ciudad\\\/\"},\"author\":{\"name\":\"Arquimaster\",\"@id\":\"https:\\\/\\\/www.arquimaster.com.ar\\\/web\\\/#\\\/schema\\\/person\\\/359e9f7c00193fcde068e0dd2ceb0028\"},\"headline\":\"Avanza la construcci\u00f3n del nuevo Centro de Exposiciones y Convenciones de la Ciudad\",\"datePublished\":\"2014-06-24T18:47:16+00:00\",\"dateModified\":\"2026-03-28T21:26:29+00:00\",\"mainEntityOfPage\":{\"@id\":\"https:\\\/\\\/www.arquimaster.com.ar\\\/web\\\/avanza-la-construccion-del-nuevo-centro-de-exposiciones-y-convenciones-de-la-ciudad\\\/\"},\"wordCount\":746,\"publisher\":{\"@id\":\"https:\\\/\\\/www.arquimaster.com.ar\\\/web\\\/#organization\"},\"image\":{\"@id\":\"https:\\\/\\\/www.arquimaster.com.ar\\\/web\\\/avanza-la-construccion-del-nuevo-centro-de-exposiciones-y-convenciones-de-la-ciudad\\\/#primaryimage\"},\"thumbnailUrl\":\"https:\\\/\\\/www.arquimaster.com.ar\\\/web\\\/wp-content\\\/uploads\\\/2015\\\/03\\\/criba_centro_exposiciones_ciudad_slide.jpg\",\"keywords\":[\"CRIBA\",\"empresa constructora\",\"Mejores Hospitales\"],\"articleSection\":[\"Construccion\",\"Sector inmobiliario y constructoras\"],\"inLanguage\":\"es\"},{\"@type\":\"WebPage\",\"@id\":\"https:\\\/\\\/www.arquimaster.com.ar\\\/web\\\/avanza-la-construccion-del-nuevo-centro-de-exposiciones-y-convenciones-de-la-ciudad\\\/\",\"url\":\"https:\\\/\\\/www.arquimaster.com.ar\\\/web\\\/avanza-la-construccion-del-nuevo-centro-de-exposiciones-y-convenciones-de-la-ciudad\\\/\",\"name\":\"Avanza la construcci\u00f3n del nuevo Centro de Exposiciones y Convenciones de la Ciudad - Arquimaster\",\"isPartOf\":{\"@id\":\"https:\\\/\\\/www.arquimaster.com.ar\\\/web\\\/#website\"},\"primaryImageOfPage\":{\"@id\":\"https:\\\/\\\/www.arquimaster.com.ar\\\/web\\\/avanza-la-construccion-del-nuevo-centro-de-exposiciones-y-convenciones-de-la-ciudad\\\/#primaryimage\"},\"image\":{\"@id\":\"https:\\\/\\\/www.arquimaster.com.ar\\\/web\\\/avanza-la-construccion-del-nuevo-centro-de-exposiciones-y-convenciones-de-la-ciudad\\\/#primaryimage\"},\"thumbnailUrl\":\"https:\\\/\\\/www.arquimaster.com.ar\\\/web\\\/wp-content\\\/uploads\\\/2015\\\/03\\\/criba_centro_exposiciones_ciudad_slide.jpg\",\"datePublished\":\"2014-06-24T18:47:16+00:00\",\"dateModified\":\"2026-03-28T21:26:29+00:00\",\"breadcrumb\":{\"@id\":\"https:\\\/\\\/www.arquimaster.com.ar\\\/web\\\/avanza-la-construccion-del-nuevo-centro-de-exposiciones-y-convenciones-de-la-ciudad\\\/#breadcrumb\"},\"inLanguage\":\"es\",\"potentialAction\":[{\"@type\":\"ReadAction\",\"target\":[\"https:\\\/\\\/www.arquimaster.com.ar\\\/web\\\/avanza-la-construccion-del-nuevo-centro-de-exposiciones-y-convenciones-de-la-ciudad\\\/\"]}]},{\"@type\":\"ImageObject\",\"inLanguage\":\"es\",\"@id\":\"https:\\\/\\\/www.arquimaster.com.ar\\\/web\\\/avanza-la-construccion-del-nuevo-centro-de-exposiciones-y-convenciones-de-la-ciudad\\\/#primaryimage\",\"url\":\"https:\\\/\\\/www.arquimaster.com.ar\\\/web\\\/wp-content\\\/uploads\\\/2015\\\/03\\\/criba_centro_exposiciones_ciudad_slide.jpg\",\"contentUrl\":\"https:\\\/\\\/www.arquimaster.com.ar\\\/web\\\/wp-content\\\/uploads\\\/2015\\\/03\\\/criba_centro_exposiciones_ciudad_slide.jpg\",\"width\":642,\"height\":336},{\"@type\":\"BreadcrumbList\",\"@id\":\"https:\\\/\\\/www.arquimaster.com.ar\\\/web\\\/avanza-la-construccion-del-nuevo-centro-de-exposiciones-y-convenciones-de-la-ciudad\\\/#breadcrumb\",\"itemListElement\":[{\"@type\":\"ListItem\",\"position\":1,\"name\":\"Portada\",\"item\":\"https:\\\/\\\/www.arquimaster.com.ar\\\/web\\\/\"},{\"@type\":\"ListItem\",\"position\":2,\"name\":\"Avanza la construcci\u00f3n del nuevo Centro de Exposiciones y Convenciones de la Ciudad\"}]},{\"@type\":\"WebSite\",\"@id\":\"https:\\\/\\\/www.arquimaster.com.ar\\\/web\\\/#website\",\"url\":\"https:\\\/\\\/www.arquimaster.com.ar\\\/web\\\/\",\"name\":\"Arquimaster\",\"description\":\"Web de arquitectura, dise\u00f1o y construccion\",\"publisher\":{\"@id\":\"https:\\\/\\\/www.arquimaster.com.ar\\\/web\\\/#organization\"},\"potentialAction\":[{\"@type\":\"SearchAction\",\"target\":{\"@type\":\"EntryPoint\",\"urlTemplate\":\"https:\\\/\\\/www.arquimaster.com.ar\\\/web\\\/?s={search_term_string}\"},\"query-input\":{\"@type\":\"PropertyValueSpecification\",\"valueRequired\":true,\"valueName\":\"search_term_string\"}}],\"inLanguage\":\"es\"},{\"@type\":\"Organization\",\"@id\":\"https:\\\/\\\/www.arquimaster.com.ar\\\/web\\\/#organization\",\"name\":\"Arquimaster\",\"url\":\"https:\\\/\\\/www.arquimaster.com.ar\\\/web\\\/\",\"logo\":{\"@type\":\"ImageObject\",\"inLanguage\":\"es\",\"@id\":\"https:\\\/\\\/www.arquimaster.com.ar\\\/web\\\/#\\\/schema\\\/logo\\\/image\\\/\",\"url\":\"https:\\\/\\\/www.arquimaster.com.ar\\\/web\\\/wp-content\\\/uploads\\\/2022\\\/06\\\/arquimaster.png\",\"contentUrl\":\"https:\\\/\\\/www.arquimaster.com.ar\\\/web\\\/wp-content\\\/uploads\\\/2022\\\/06\\\/arquimaster.png\",\"width\":594,\"height\":78,\"caption\":\"Arquimaster\"},\"image\":{\"@id\":\"https:\\\/\\\/www.arquimaster.com.ar\\\/web\\\/#\\\/schema\\\/logo\\\/image\\\/\"},\"sameAs\":[\"http:\\\/\\\/www.facebook.com\\\/ARQUIMASTER.com.ar\",\"https:\\\/\\\/x.com\\\/arquimaster\",\"https:\\\/\\\/www.instagram.com\\\/arquimasterblog\\\/\",\"https:\\\/\\\/www.linkedin.com\\\/company\\\/arquimaster\",\"https:\\\/\\\/www.pinterest.com\\\/arquimaster\",\"https:\\\/\\\/t.me\\\/arquimaster\"]},{\"@type\":\"Person\",\"@id\":\"https:\\\/\\\/www.arquimaster.com.ar\\\/web\\\/#\\\/schema\\\/person\\\/359e9f7c00193fcde068e0dd2ceb0028\",\"name\":\"Arquimaster\"}]}<\/script>\n<!-- \/ Yoast SEO plugin. -->","yoast_head_json":{"title":"Avanza la construcci\u00f3n del nuevo Centro de Exposiciones y Convenciones de la Ciudad - Arquimaster","robots":{"index":"index","follow":"follow","max-snippet":"max-snippet:-1","max-image-preview":"max-image-preview:large","max-video-preview":"max-video-preview:-1"},"canonical":"https:\/\/www.arquimaster.com.ar\/web\/avanza-la-construccion-del-nuevo-centro-de-exposiciones-y-convenciones-de-la-ciudad\/","og_locale":"es_ES","og_type":"article","og_title":"Avanza la construcci\u00f3n del nuevo Centro de Exposiciones y Convenciones de la Ciudad - Arquimaster","og_description":"La UTE Criba-Mejores Hospitales dio inicio a los trabajos en el predio...","og_url":"https:\/\/www.arquimaster.com.ar\/web\/avanza-la-construccion-del-nuevo-centro-de-exposiciones-y-convenciones-de-la-ciudad\/","og_site_name":"Arquimaster","article_publisher":"http:\/\/www.facebook.com\/ARQUIMASTER.com.ar","article_published_time":"2014-06-24T18:47:16+00:00","article_modified_time":"2026-03-28T21:26:29+00:00","og_image":[{"width":642,"height":336,"url":"https:\/\/www.arquimaster.com.ar\/web\/wp-content\/uploads\/2015\/03\/criba_centro_exposiciones_ciudad_slide.jpg","type":"image\/jpeg"}],"author":"Arquimaster","twitter_card":"summary_large_image","twitter_creator":"@arquimaster","twitter_site":"@arquimaster","twitter_misc":{"Escrito por":"Arquimaster","Tiempo de lectura":"4 minutos"},"schema":{"@context":"https:\/\/schema.org","@graph":[{"@type":"Article","@id":"https:\/\/www.arquimaster.com.ar\/web\/avanza-la-construccion-del-nuevo-centro-de-exposiciones-y-convenciones-de-la-ciudad\/#article","isPartOf":{"@id":"https:\/\/www.arquimaster.com.ar\/web\/avanza-la-construccion-del-nuevo-centro-de-exposiciones-y-convenciones-de-la-ciudad\/"},"author":{"name":"Arquimaster","@id":"https:\/\/www.arquimaster.com.ar\/web\/#\/schema\/person\/359e9f7c00193fcde068e0dd2ceb0028"},"headline":"Avanza la construcci\u00f3n del nuevo Centro de Exposiciones y Convenciones de la Ciudad","datePublished":"2014-06-24T18:47:16+00:00","dateModified":"2026-03-28T21:26:29+00:00","mainEntityOfPage":{"@id":"https:\/\/www.arquimaster.com.ar\/web\/avanza-la-construccion-del-nuevo-centro-de-exposiciones-y-convenciones-de-la-ciudad\/"},"wordCount":746,"publisher":{"@id":"https:\/\/www.arquimaster.com.ar\/web\/#organization"},"image":{"@id":"https:\/\/www.arquimaster.com.ar\/web\/avanza-la-construccion-del-nuevo-centro-de-exposiciones-y-convenciones-de-la-ciudad\/#primaryimage"},"thumbnailUrl":"https:\/\/www.arquimaster.com.ar\/web\/wp-content\/uploads\/2015\/03\/criba_centro_exposiciones_ciudad_slide.jpg","keywords":["CRIBA","empresa constructora","Mejores Hospitales"],"articleSection":["Construccion","Sector inmobiliario y constructoras"],"inLanguage":"es"},{"@type":"WebPage","@id":"https:\/\/www.arquimaster.com.ar\/web\/avanza-la-construccion-del-nuevo-centro-de-exposiciones-y-convenciones-de-la-ciudad\/","url":"https:\/\/www.arquimaster.com.ar\/web\/avanza-la-construccion-del-nuevo-centro-de-exposiciones-y-convenciones-de-la-ciudad\/","name":"Avanza la construcci\u00f3n del nuevo Centro de Exposiciones y Convenciones de la Ciudad - Arquimaster","isPartOf":{"@id":"https:\/\/www.arquimaster.com.ar\/web\/#website"},"primaryImageOfPage":{"@id":"https:\/\/www.arquimaster.com.ar\/web\/avanza-la-construccion-del-nuevo-centro-de-exposiciones-y-convenciones-de-la-ciudad\/#primaryimage"},"image":{"@id":"https:\/\/www.arquimaster.com.ar\/web\/avanza-la-construccion-del-nuevo-centro-de-exposiciones-y-convenciones-de-la-ciudad\/#primaryimage"},"thumbnailUrl":"https:\/\/www.arquimaster.com.ar\/web\/wp-content\/uploads\/2015\/03\/criba_centro_exposiciones_ciudad_slide.jpg","datePublished":"2014-06-24T18:47:16+00:00","dateModified":"2026-03-28T21:26:29+00:00","breadcrumb":{"@id":"https:\/\/www.arquimaster.com.ar\/web\/avanza-la-construccion-del-nuevo-centro-de-exposiciones-y-convenciones-de-la-ciudad\/#breadcrumb"},"inLanguage":"es","potentialAction":[{"@type":"ReadAction","target":["https:\/\/www.arquimaster.com.ar\/web\/avanza-la-construccion-del-nuevo-centro-de-exposiciones-y-convenciones-de-la-ciudad\/"]}]},{"@type":"ImageObject","inLanguage":"es","@id":"https:\/\/www.arquimaster.com.ar\/web\/avanza-la-construccion-del-nuevo-centro-de-exposiciones-y-convenciones-de-la-ciudad\/#primaryimage","url":"https:\/\/www.arquimaster.com.ar\/web\/wp-content\/uploads\/2015\/03\/criba_centro_exposiciones_ciudad_slide.jpg","contentUrl":"https:\/\/www.arquimaster.com.ar\/web\/wp-content\/uploads\/2015\/03\/criba_centro_exposiciones_ciudad_slide.jpg","width":642,"height":336},{"@type":"BreadcrumbList","@id":"https:\/\/www.arquimaster.com.ar\/web\/avanza-la-construccion-del-nuevo-centro-de-exposiciones-y-convenciones-de-la-ciudad\/#breadcrumb","itemListElement":[{"@type":"ListItem","position":1,"name":"Portada","item":"https:\/\/www.arquimaster.com.ar\/web\/"},{"@type":"ListItem","position":2,"name":"Avanza la construcci\u00f3n del nuevo Centro de Exposiciones y Convenciones de la Ciudad"}]},{"@type":"WebSite","@id":"https:\/\/www.arquimaster.com.ar\/web\/#website","url":"https:\/\/www.arquimaster.com.ar\/web\/","name":"Arquimaster","description":"Web de arquitectura, dise\u00f1o y construccion","publisher":{"@id":"https:\/\/www.arquimaster.com.ar\/web\/#organization"},"potentialAction":[{"@type":"SearchAction","target":{"@type":"EntryPoint","urlTemplate":"https:\/\/www.arquimaster.com.ar\/web\/?s={search_term_string}"},"query-input":{"@type":"PropertyValueSpecification","valueRequired":true,"valueName":"search_term_string"}}],"inLanguage":"es"},{"@type":"Organization","@id":"https:\/\/www.arquimaster.com.ar\/web\/#organization","name":"Arquimaster","url":"https:\/\/www.arquimaster.com.ar\/web\/","logo":{"@type":"ImageObject","inLanguage":"es","@id":"https:\/\/www.arquimaster.com.ar\/web\/#\/schema\/logo\/image\/","url":"https:\/\/www.arquimaster.com.ar\/web\/wp-content\/uploads\/2022\/06\/arquimaster.png","contentUrl":"https:\/\/www.arquimaster.com.ar\/web\/wp-content\/uploads\/2022\/06\/arquimaster.png","width":594,"height":78,"caption":"Arquimaster"},"image":{"@id":"https:\/\/www.arquimaster.com.ar\/web\/#\/schema\/logo\/image\/"},"sameAs":["http:\/\/www.facebook.com\/ARQUIMASTER.com.ar","https:\/\/x.com\/arquimaster","https:\/\/www.instagram.com\/arquimasterblog\/","https:\/\/www.linkedin.com\/company\/arquimaster","https:\/\/www.pinterest.com\/arquimaster","https:\/\/t.me\/arquimaster"]},{"@type":"Person","@id":"https:\/\/www.arquimaster.com.ar\/web\/#\/schema\/person\/359e9f7c00193fcde068e0dd2ceb0028","name":"Arquimaster"}]}},"uagb_featured_image_src":{"full":["https:\/\/www.arquimaster.com.ar\/web\/wp-content\/uploads\/2015\/03\/criba_centro_exposiciones_ciudad_slide.jpg",642,336,false],"thumbnail":["https:\/\/www.arquimaster.com.ar\/web\/wp-content\/uploads\/2015\/03\/criba_centro_exposiciones_ciudad_slide-150x150.jpg",150,150,true],"medium":["https:\/\/www.arquimaster.com.ar\/web\/wp-content\/uploads\/2015\/03\/criba_centro_exposiciones_ciudad_slide-573x300.jpg",573,300,true],"medium_large":["https:\/\/www.arquimaster.com.ar\/web\/wp-content\/uploads\/2015\/03\/criba_centro_exposiciones_ciudad_slide.jpg",642,336,false],"large":["https:\/\/www.arquimaster.com.ar\/web\/wp-content\/uploads\/2015\/03\/criba_centro_exposiciones_ciudad_slide.jpg",642,336,false],"1536x1536":["https:\/\/www.arquimaster.com.ar\/web\/wp-content\/uploads\/2015\/03\/criba_centro_exposiciones_ciudad_slide.jpg",642,336,false],"2048x2048":["https:\/\/www.arquimaster.com.ar\/web\/wp-content\/uploads\/2015\/03\/criba_centro_exposiciones_ciudad_slide.jpg",642,336,false]},"uagb_author_info":{"display_name":"Arquimaster","author_link":"https:\/\/www.arquimaster.com.ar\/web\/author\/arquimaster\/"},"uagb_comment_info":0,"uagb_excerpt":"La UTE Criba-Mejores Hospitales dio inicio a los trabajos en el predio...","_links":{"self":[{"href":"https:\/\/www.arquimaster.com.ar\/web\/wp-json\/wp\/v2\/posts\/13303","targetHints":{"allow":["GET"]}}],"collection":[{"href":"https:\/\/www.arquimaster.com.ar\/web\/wp-json\/wp\/v2\/posts"}],"about":[{"href":"https:\/\/www.arquimaster.com.ar\/web\/wp-json\/wp\/v2\/types\/post"}],"author":[{"embeddable":true,"href":"https:\/\/www.arquimaster.com.ar\/web\/wp-json\/wp\/v2\/users\/1"}],"replies":[{"embeddable":true,"href":"https:\/\/www.arquimaster.com.ar\/web\/wp-json\/wp\/v2\/comments?post=13303"}],"version-history":[{"count":1,"href":"https:\/\/www.arquimaster.com.ar\/web\/wp-json\/wp\/v2\/posts\/13303\/revisions"}],"predecessor-version":[{"id":87938,"href":"https:\/\/www.arquimaster.com.ar\/web\/wp-json\/wp\/v2\/posts\/13303\/revisions\/87938"}],"wp:featuredmedia":[{"embeddable":true,"href":"https:\/\/www.arquimaster.com.ar\/web\/wp-json\/wp\/v2\/media\/13304"}],"wp:attachment":[{"href":"https:\/\/www.arquimaster.com.ar\/web\/wp-json\/wp\/v2\/media?parent=13303"}],"wp:term":[{"taxonomy":"category","embeddable":true,"href":"https:\/\/www.arquimaster.com.ar\/web\/wp-json\/wp\/v2\/categories?post=13303"},{"taxonomy":"post_tag","embeddable":true,"href":"https:\/\/www.arquimaster.com.ar\/web\/wp-json\/wp\/v2\/tags?post=13303"}],"curies":[{"name":"wp","href":"https:\/\/api.w.org\/{rel}","templated":true}]}}