{"id":13584,"date":"2015-03-21T20:15:18","date_gmt":"2015-03-21T20:15:18","guid":{"rendered":"http:\/\/www.arquimaster.com.ar\/web\/?p=13584"},"modified":"2025-10-29T19:02:18","modified_gmt":"2025-10-29T22:02:18","slug":"serenidad-y-modernidad-en-el-interior-de-un-interesante-loft-eslovaco","status":"publish","type":"post","link":"https:\/\/www.arquimaster.com.ar\/web\/serenidad-y-modernidad-en-el-interior-de-un-interesante-loft-eslovaco\/","title":{"rendered":"Serenidad y modernidad en el interior de un interesante loft eslovaco"},"content":{"rendered":"<div style=\"margin-top: 0px; margin-bottom: 0px;\" class=\"sharethis-inline-share-buttons\" ><\/div><div class=\"b812932af2e751442846f039925109de\" data-index=\"1\" style=\"float: none; margin:25px 0 25px 0; text-align:center;\">\n<script async src=\"https:\/\/pagead2.googlesyndication.com\/pagead\/js\/adsbygoogle.js\"><\/script>\r\n<!-- Arquimaster (superior) -->\r\n<ins class=\"adsbygoogle\"\r\n     style=\"display:block\"\r\n     data-ad-client=\"ca-pub-6351072698456832\"\r\n     data-ad-slot=\"6455489680\"\r\n     data-ad-format=\"auto\"\r\n     data-full-width-responsive=\"true\"><\/ins>\r\n<script>\r\n     (adsbygoogle = window.adsbygoogle || []).push({});\r\n<\/script>\n<\/div>\n<p><em><strong>Un apartamento moderno y minimalista es lo que buscaban los propietarios de este funcional loft. El dise\u00f1ador Radom\u00edr Minjar\u00edk, desde su estudio de dise\u00f1o Rado Rick designers en Bratislava, dio respuesta a esta necesidad con un espacio abierto y din\u00e1mico usando materiales de alta calidad como HI-MACS\u00ae.<\/strong><\/em><\/p>\n<div id='gallery-1' class='gallery galleryid-13584 gallery-columns-3 gallery-size-thumbnail'><figure class='gallery-item'>\n\t\t\t<div class='gallery-icon landscape'>\n\t\t\t\t<a href='https:\/\/www.arquimaster.com.ar\/web\/wp-content\/uploads\/2015\/03\/himacs_loft-eslovaquia1.jpg' title=\"Serenidad y modernidad en el interior de un interesante loft eslovaco (\u00a9 Juraj Hatina)\" data-rl_title=\"Serenidad y modernidad en el interior de un interesante loft eslovaco (\u00a9 Juraj Hatina)\" class=\"rl-gallery-link\" data-rl_caption=\"Serenidad y modernidad en el interior de un interesante loft eslovaco (\u00a9 Juraj Hatina)\" data-rel=\"lightbox-gallery-1\"><img loading=\"lazy\" decoding=\"async\" width=\"150\" height=\"150\" src=\"https:\/\/www.arquimaster.com.ar\/web\/wp-content\/uploads\/2015\/03\/himacs_loft-eslovaquia1-150x150.jpg\" class=\"attachment-thumbnail size-thumbnail\" alt=\"\" aria-describedby=\"gallery-1-13586\" srcset=\"https:\/\/www.arquimaster.com.ar\/web\/wp-content\/uploads\/2015\/03\/himacs_loft-eslovaquia1-150x150.jpg 150w, https:\/\/www.arquimaster.com.ar\/web\/wp-content\/uploads\/2015\/03\/himacs_loft-eslovaquia1-50x50.jpg 50w, https:\/\/www.arquimaster.com.ar\/web\/wp-content\/uploads\/2015\/03\/himacs_loft-eslovaquia1-125x125.jpg 125w\" sizes=\"auto, (max-width: 150px) 100vw, 150px\" \/><\/a>\n\t\t\t<\/div>\n\t\t\t\t<figcaption class='wp-caption-text gallery-caption' id='gallery-1-13586'>\n\t\t\t\tSerenidad y modernidad en el interior de un interesante loft eslovaco (\u00a9 Juraj Hatina)\n\t\t\t\t<\/figcaption><\/figure><figure class='gallery-item'>\n\t\t\t<div class='gallery-icon landscape'>\n\t\t\t\t<a href='https:\/\/www.arquimaster.com.ar\/web\/wp-content\/uploads\/2015\/03\/himacs_loft-eslovaquia2.jpg' title=\"Serenidad y modernidad en el interior de un interesante loft eslovaco (\u00a9 Juraj Hatina)\" data-rl_title=\"Serenidad y modernidad en el interior de un interesante loft eslovaco (\u00a9 Juraj Hatina)\" class=\"rl-gallery-link\" data-rl_caption=\"Serenidad y modernidad en el interior de un interesante loft eslovaco (\u00a9 Juraj Hatina)\" data-rel=\"lightbox-gallery-1\"><img loading=\"lazy\" decoding=\"async\" width=\"150\" height=\"150\" src=\"https:\/\/www.arquimaster.com.ar\/web\/wp-content\/uploads\/2015\/03\/himacs_loft-eslovaquia2-150x150.jpg\" class=\"attachment-thumbnail size-thumbnail\" alt=\"\" aria-describedby=\"gallery-1-13587\" srcset=\"https:\/\/www.arquimaster.com.ar\/web\/wp-content\/uploads\/2015\/03\/himacs_loft-eslovaquia2-150x150.jpg 150w, https:\/\/www.arquimaster.com.ar\/web\/wp-content\/uploads\/2015\/03\/himacs_loft-eslovaquia2-50x50.jpg 50w, https:\/\/www.arquimaster.com.ar\/web\/wp-content\/uploads\/2015\/03\/himacs_loft-eslovaquia2-125x125.jpg 125w\" sizes=\"auto, (max-width: 150px) 100vw, 150px\" \/><\/a>\n\t\t\t<\/div>\n\t\t\t\t<figcaption class='wp-caption-text gallery-caption' id='gallery-1-13587'>\n\t\t\t\tSerenidad y modernidad en el interior de un interesante loft eslovaco (\u00a9 Juraj Hatina)\n\t\t\t\t<\/figcaption><\/figure><figure class='gallery-item'>\n\t\t\t<div class='gallery-icon landscape'>\n\t\t\t\t<a href='https:\/\/www.arquimaster.com.ar\/web\/wp-content\/uploads\/2015\/03\/himacs_loft-eslovaquia3.jpg' title=\"Serenidad y modernidad en el interior de un interesante loft eslovaco (\u00a9 Juraj Hatina)\" data-rl_title=\"Serenidad y modernidad en el interior de un interesante loft eslovaco (\u00a9 Juraj Hatina)\" class=\"rl-gallery-link\" data-rl_caption=\"Serenidad y modernidad en el interior de un interesante loft eslovaco (\u00a9 Juraj Hatina)\" data-rel=\"lightbox-gallery-1\"><img loading=\"lazy\" decoding=\"async\" width=\"150\" height=\"150\" src=\"https:\/\/www.arquimaster.com.ar\/web\/wp-content\/uploads\/2015\/03\/himacs_loft-eslovaquia3-150x150.jpg\" class=\"attachment-thumbnail size-thumbnail\" alt=\"\" aria-describedby=\"gallery-1-13588\" srcset=\"https:\/\/www.arquimaster.com.ar\/web\/wp-content\/uploads\/2015\/03\/himacs_loft-eslovaquia3-150x150.jpg 150w, https:\/\/www.arquimaster.com.ar\/web\/wp-content\/uploads\/2015\/03\/himacs_loft-eslovaquia3-50x50.jpg 50w, https:\/\/www.arquimaster.com.ar\/web\/wp-content\/uploads\/2015\/03\/himacs_loft-eslovaquia3-125x125.jpg 125w\" sizes=\"auto, (max-width: 150px) 100vw, 150px\" \/><\/a>\n\t\t\t<\/div>\n\t\t\t\t<figcaption class='wp-caption-text gallery-caption' id='gallery-1-13588'>\n\t\t\t\tSerenidad y modernidad en el interior de un interesante loft eslovaco (\u00a9 Juraj Hatina)\n\t\t\t\t<\/figcaption><\/figure><figure class='gallery-item'>\n\t\t\t<div class='gallery-icon landscape'>\n\t\t\t\t<a href='https:\/\/www.arquimaster.com.ar\/web\/wp-content\/uploads\/2015\/03\/himacs_loft-eslovaquia4.jpg' title=\"Serenidad y modernidad en el interior de un interesante loft eslovaco (\u00a9 Juraj Hatina)\" data-rl_title=\"Serenidad y modernidad en el interior de un interesante loft eslovaco (\u00a9 Juraj Hatina)\" class=\"rl-gallery-link\" data-rl_caption=\"Serenidad y modernidad en el interior de un interesante loft eslovaco (\u00a9 Juraj Hatina)\" data-rel=\"lightbox-gallery-1\"><img loading=\"lazy\" decoding=\"async\" width=\"150\" height=\"150\" src=\"https:\/\/www.arquimaster.com.ar\/web\/wp-content\/uploads\/2015\/03\/himacs_loft-eslovaquia4-150x150.jpg\" class=\"attachment-thumbnail size-thumbnail\" alt=\"\" aria-describedby=\"gallery-1-13589\" srcset=\"https:\/\/www.arquimaster.com.ar\/web\/wp-content\/uploads\/2015\/03\/himacs_loft-eslovaquia4-150x150.jpg 150w, https:\/\/www.arquimaster.com.ar\/web\/wp-content\/uploads\/2015\/03\/himacs_loft-eslovaquia4-50x50.jpg 50w, https:\/\/www.arquimaster.com.ar\/web\/wp-content\/uploads\/2015\/03\/himacs_loft-eslovaquia4-125x125.jpg 125w\" sizes=\"auto, (max-width: 150px) 100vw, 150px\" \/><\/a>\n\t\t\t<\/div>\n\t\t\t\t<figcaption class='wp-caption-text gallery-caption' id='gallery-1-13589'>\n\t\t\t\tSerenidad y modernidad en el interior de un interesante loft eslovaco (\u00a9 Juraj Hatina)\n\t\t\t\t<\/figcaption><\/figure><figure class='gallery-item'>\n\t\t\t<div class='gallery-icon landscape'>\n\t\t\t\t<a href='https:\/\/www.arquimaster.com.ar\/web\/wp-content\/uploads\/2015\/03\/himacs_loft-eslovaquia5.jpg' title=\"Serenidad y modernidad en el interior de un interesante loft eslovaco (\u00a9 Juraj Hatina)\" data-rl_title=\"Serenidad y modernidad en el interior de un interesante loft eslovaco (\u00a9 Juraj Hatina)\" class=\"rl-gallery-link\" data-rl_caption=\"Serenidad y modernidad en el interior de un interesante loft eslovaco (\u00a9 Juraj Hatina)\" data-rel=\"lightbox-gallery-1\"><img loading=\"lazy\" decoding=\"async\" width=\"150\" height=\"150\" src=\"https:\/\/www.arquimaster.com.ar\/web\/wp-content\/uploads\/2015\/03\/himacs_loft-eslovaquia5-150x150.jpg\" class=\"attachment-thumbnail size-thumbnail\" alt=\"\" aria-describedby=\"gallery-1-13590\" srcset=\"https:\/\/www.arquimaster.com.ar\/web\/wp-content\/uploads\/2015\/03\/himacs_loft-eslovaquia5-150x150.jpg 150w, https:\/\/www.arquimaster.com.ar\/web\/wp-content\/uploads\/2015\/03\/himacs_loft-eslovaquia5-50x50.jpg 50w, https:\/\/www.arquimaster.com.ar\/web\/wp-content\/uploads\/2015\/03\/himacs_loft-eslovaquia5-125x125.jpg 125w\" sizes=\"auto, (max-width: 150px) 100vw, 150px\" \/><\/a>\n\t\t\t<\/div>\n\t\t\t\t<figcaption class='wp-caption-text gallery-caption' id='gallery-1-13590'>\n\t\t\t\tSerenidad y modernidad en el interior de un interesante loft eslovaco (\u00a9 Juraj Hatina)\n\t\t\t\t<\/figcaption><\/figure><figure class='gallery-item'>\n\t\t\t<div class='gallery-icon landscape'>\n\t\t\t\t<a href='https:\/\/www.arquimaster.com.ar\/web\/wp-content\/uploads\/2015\/03\/himacs_loft-eslovaquia6.jpg' title=\"Serenidad y modernidad en el interior de un interesante loft eslovaco (\u00a9 Juraj Hatina)\" data-rl_title=\"Serenidad y modernidad en el interior de un interesante loft eslovaco (\u00a9 Juraj Hatina)\" class=\"rl-gallery-link\" data-rl_caption=\"Serenidad y modernidad en el interior de un interesante loft eslovaco (\u00a9 Juraj Hatina)\" data-rel=\"lightbox-gallery-1\"><img loading=\"lazy\" decoding=\"async\" width=\"150\" height=\"150\" src=\"https:\/\/www.arquimaster.com.ar\/web\/wp-content\/uploads\/2015\/03\/himacs_loft-eslovaquia6-150x150.jpg\" class=\"attachment-thumbnail size-thumbnail\" alt=\"\" aria-describedby=\"gallery-1-13591\" srcset=\"https:\/\/www.arquimaster.com.ar\/web\/wp-content\/uploads\/2015\/03\/himacs_loft-eslovaquia6-150x150.jpg 150w, https:\/\/www.arquimaster.com.ar\/web\/wp-content\/uploads\/2015\/03\/himacs_loft-eslovaquia6-50x50.jpg 50w, https:\/\/www.arquimaster.com.ar\/web\/wp-content\/uploads\/2015\/03\/himacs_loft-eslovaquia6-125x125.jpg 125w\" sizes=\"auto, (max-width: 150px) 100vw, 150px\" \/><\/a>\n\t\t\t<\/div>\n\t\t\t\t<figcaption class='wp-caption-text gallery-caption' id='gallery-1-13591'>\n\t\t\t\tSerenidad y modernidad en el interior de un interesante loft eslovaco (\u00a9 Juraj Hatina)\n\t\t\t\t<\/figcaption><\/figure><figure class='gallery-item'>\n\t\t\t<div class='gallery-icon landscape'>\n\t\t\t\t<a href='https:\/\/www.arquimaster.com.ar\/web\/wp-content\/uploads\/2015\/03\/himacs_loft-eslovaquia7.jpg' title=\"Serenidad y modernidad en el interior de un interesante loft eslovaco (\u00a9 Juraj Hatina)\" data-rl_title=\"Serenidad y modernidad en el interior de un interesante loft eslovaco (\u00a9 Juraj Hatina)\" class=\"rl-gallery-link\" data-rl_caption=\"Serenidad y modernidad en el interior de un interesante loft eslovaco (\u00a9 Juraj Hatina)\" data-rel=\"lightbox-gallery-1\"><img loading=\"lazy\" decoding=\"async\" width=\"150\" height=\"150\" src=\"https:\/\/www.arquimaster.com.ar\/web\/wp-content\/uploads\/2015\/03\/himacs_loft-eslovaquia7-150x150.jpg\" class=\"attachment-thumbnail size-thumbnail\" alt=\"\" aria-describedby=\"gallery-1-13592\" srcset=\"https:\/\/www.arquimaster.com.ar\/web\/wp-content\/uploads\/2015\/03\/himacs_loft-eslovaquia7-150x150.jpg 150w, https:\/\/www.arquimaster.com.ar\/web\/wp-content\/uploads\/2015\/03\/himacs_loft-eslovaquia7-50x50.jpg 50w, https:\/\/www.arquimaster.com.ar\/web\/wp-content\/uploads\/2015\/03\/himacs_loft-eslovaquia7-125x125.jpg 125w\" sizes=\"auto, (max-width: 150px) 100vw, 150px\" \/><\/a>\n\t\t\t<\/div>\n\t\t\t\t<figcaption class='wp-caption-text gallery-caption' id='gallery-1-13592'>\n\t\t\t\tSerenidad y modernidad en el interior de un interesante loft eslovaco (\u00a9 Juraj Hatina)\n\t\t\t\t<\/figcaption><\/figure>\n\t\t<\/div>\n\n<p><em>\u00abCuando el cliente describe su idea de la disposici\u00f3n final del interior y muestra las cosas que le gustan, no lo interpretamos como l\u00edmites vinculantes. El objetivo de un dise\u00f1ador no es crear exactamente lo que dice el cliente o como lo describe, sino que se trata de leer entre l\u00edneas qu\u00e9 es lo que quiere sentir con el resultado final. La tarea de un arquitecto o dise\u00f1ador es transformar este mensaje en forma de dise\u00f1o, de un modo que el cliente no podr\u00eda haber imaginado por s\u00ed mismo. Ah\u00ed radica la originalidad y el valor a\u00f1adido\u00bb<\/em>, explica <strong>Radom\u00edr Minjar\u00edk<\/strong>.<\/p>\n<p>En el caso de esta joven y ocupada pareja fue la modernidad y el dinamismo aquello que buscaban en este apartamento de uno de los nuevos edificios m\u00e1s prestigiosos de Bratislava. Son estos atributos caracter\u00edsticos de su estilo de vida los que deseaban proyectar en el dise\u00f1o de su casa, donde pasaran gran parte de su vida.<\/p>\n<p>Para Rado Rick designers esta fue una oportunidad, no solo para crear el espacio fresco y despejado que describ\u00edan los propietarios, sino para llenar el espacio con expresivas formas futuristas que, gracias al simple uso del blanco con toques de negro, junto con la reducida cantidad de detalles, tomar\u00edan plenamente posesi\u00f3n del lugar. Por ello, la presencia de HI-MACS\u00ae encaja a la perfecci\u00f3n con la modernidad de un espacio en el que el blanco es el color que impera, dando como resultado final un ambiente de aire futurista y visualmente amplio, a la vez que c\u00e1lido y acogedor.<\/p>\n<p>El loft se caracteriza por ser espacioso, con una gran sensaci\u00f3n de libertad de movimiento y la luminosidad que le confiere el blanco de sus paredes y la <strong>piedra acr\u00edlica HI-MACS\u00ae<\/strong>, que puede apreciarse especialmente en la cocina.<\/p>\n<p>Los propietarios buscaban disponer de un loft abierto, que permitiera el libre flujo de la energ\u00eda. El primer reto para los dise\u00f1adores fue la eliminaci\u00f3n de la pared que divid\u00eda la cocina de la sala de estar. Las dos estancias, ahora unidas, tienen una puerta y una ventana que dan a la terraza conjunta.<\/p>\n<p>Estos elementos se han mantenido y disimulado cubriendo toda la pared con una cortina transl\u00facida de color blanco, no transparente. Con la gran cantidad de luz que fluye generosamente en el interior a trav\u00e9s de las grandes ventanas y las dos puertas de vidrio, se iluminan suave y uniformemente todos los rincones de la <strong>sala<\/strong>.<\/p>\n<p>En la esquina opuesta a la pared de la ventana es donde se encuentra la <strong>cocina<\/strong> futurista que, con su forma din\u00e1mica, crea un contrapunto perfecto a las l\u00edneas que fluyen tranquilamente de la zona de relajaci\u00f3n.<\/p>\n<p>De l\u00edneas rectas y limpias, la cocina realizada con la piedra acr\u00edlica HI-MACS\u00ae en el tono <strong>Alpine White<\/strong> es uno de los espacios que m\u00e1s llama la atenci\u00f3n de este loft. Est\u00e1 formada por dos elementos principales. El primero es la gran <strong>encimera<\/strong> donde se integra la placa de vitrocer\u00e1mica, la pila y los armarios.<\/p>\n<p>El segundo es la <strong>isleta central<\/strong> que act\u00faa, a la vez, de separaci\u00f3n y cuenta con una tabla de cortar extra\u00edble realizada tambi\u00e9n en HI-MACS\u00ae. Todo ello reduce a lo esencial los elementos para ganar funcionalidad e integrarse a la perfecci\u00f3n en el estilo minimalista del resto del apartamento.<\/p>\n<p>Las extraordinarias cualidades de HI-MACS\u00ae han hecho que resulte el material id\u00f3neo para dar respuesta a las necesidades en el dise\u00f1o de esta cocina. La apariencia lisa y uniforme de la piedra acr\u00edlica facilita las tareas de limpieza y asegura una alta resistencia a las fuentes de calor, a los golpes y al uso habitual de productos desinfectantes del hogar.<\/p>\n<p>De este modo, la cocina resulta totalmente higi\u00e9nica y especialmente recomendada para el contacto con alimentos, adem\u00e1s de destacar por su alta durabilidad. Las propiedades termoformables de la piedra acr\u00edlica y la uni\u00f3n sin juntas visibles han permitido crear estructuras continuas y din\u00e1micas, con detalles redondeados.<\/p>\n<p>En este loft todo tiene su l\u00f3gica preconcebida, desde la integraci\u00f3n de detalles funcionales en el mobiliario dise\u00f1ado a medida, hasta la chimenea bio-combustible incrustada en el mueble de la televisi\u00f3n flotante.<\/p>\n<p>Un enfoque id\u00e9ntico al del <strong>vest\u00edbulo<\/strong>, donde el corredor de la entrada, que conduce a la sala, se prolong\u00f3. La pared, que originalmente era m\u00e1s corta, est\u00e1 recubierta con placas de color blanco brillante y cuenta con un armario empotrado que queda disimulado. La \u00fanica cosa que los visitantes notan al entrar en el \u00abt\u00fanel blanco\u00bb es un nicho verde a su derecha que contiene una l\u00e1mpara UV nutrida de flores.<\/p>\n<p><em>\u00abSi dise\u00f1as cada detalle exactamente de la manera que te lo describe el cliente seg\u00fan c\u00f3mo es \u00e9l, seguramente se quedar\u00eda satisfecho. O puede que no. Como dise\u00f1ador, considero que mi principal objetivo es el de ganar al propietario por una soluci\u00f3n. En base a sus di\u00e1logos, un buen dise\u00f1ador debe ser capaz de estimar el gusto de su cliente mejor que el propio cliente, no s\u00f3lo el de hoy, sino tambi\u00e9n en 5 o 10 a\u00f1os. Esto tambi\u00e9n supone un riesgo, puesto que al hacerlo se apuesta todo a una carta\u00bb<\/em>, comenta el dise\u00f1ador. Y no hay duda de que en este caso lo ha conseguido. Tambi\u00e9n concluye que est\u00e1 m\u00e1s que convencido que cuando haya pasado un tiempo de la construcci\u00f3n de la casa, tanto la madera como la piedra acr\u00edlica seguir\u00e1n gustando y permanecer\u00e1n en perfectas condiciones.<\/p>\n<p>Todo el dise\u00f1o, que incluye una cuidadosa selecci\u00f3n de materiales como HI-MACS\u00ae, logra crear un sensaci\u00f3n de refugio y hogar muy agradable.<\/p>\n<p><strong>Ficha tecnica<\/strong><br \/>\nLocalizaci\u00f3n: Bratislava, Eslovaquia<br \/>\nDise\u00f1o: Rado Rick designers, Radom\u00edr Minkar\u00edk<br \/>\nFabricaci\u00f3n: Mipex Design<br \/>\nMateriales: HI-MACS\u00ae Alpine White<br \/>\nCr\u00e9ditos fotogr\u00e1ficos: Juraj Hatina<\/p>\n<p><strong>Acerca de HI-MACS\u00ae by LG Hausys<br \/>\n<\/strong>HI-MACS\u00ae de LG Hausys es un material de piedra acr\u00edlica que puede ser moldeado con cualquier forma. Extensamente utilizado para aplicaciones de arquitectura e interiores, como el revestimiento de fachadas termoformables de alta calidad caracterizadas por su espectacular dise\u00f1o, as\u00ed como para cocinas, ba\u00f1os, muebles, proyectos comerciales, residenciales y espacios p\u00fablicos. Est\u00e1 compuesto de acr\u00edlico, minerales naturales y pigmentos que se unen para proporcionar una superficie lisa, no porosa y visualmente perfecta que cumple los m\u00e1s altos est\u00e1ndares est\u00e9ticos, de fabricaci\u00f3n, funcionalidad e higiene, ofreciendo m\u00faltiples ventajas frente a los materiales convencionales.<\/p>\n<p>HI-MACS\u00ae proporciona un sinf\u00edn de posibilidades para el revestimiento de superficies e inspira a mentes creativas de todo el mundo. Zaha Hadid, Jean Nouvel, Rafael Moneo, Karim Rashid y David Chipperfield, entre otros, han llevado a cabo espectaculares proyectos utilizando HI-MACS\u00ae, desde cocinas, ba\u00f1os, objetos de decoraci\u00f3n, hasta hoteles, museos, centros comerciales y fachadas exteriores.<\/p>\n<p>Gracias a su simple procedimiento de calentamiento y a sus propiedades de termoformaci\u00f3n en tres dimensiones, HI-MACS\u00ae permite desarrollar dise\u00f1os sin juntas visibles y ofrece una gama pr\u00e1cticamente ilimitada de colores, as\u00ed como tonos con una translucidez especial en combinaci\u00f3n con la luz. A pesar de que HIMACS\u00ae es casi tan robusto como la piedra, se puede trabajar de una manera similar a la madera: puede ser serrado, fresado, taladrado o lijado.<\/p>\n<p>HI-MACS\u00ae se fabrica utilizando una tecnolog\u00eda de nueva generaci\u00f3n, llamado \u201ctermal cure\u201d. La temperatura alcanzada durante el proceso de fabricaci\u00f3n diferencia a HI-MACS\u00ae de otras superficies s\u00f3lidas y le aporta una mayor densidad, homogeneidad y durabilidad, con una mejor resistencia y un proceso de termoformado superior.<\/p>\n<p>En cuanto a la higiene, HI-MACS\u00ae no absorbe la humedad, es altamente resistente a las manchas, f\u00e1cil de limpiar, mantener y reparar.<\/p>\n<p>Innumerables certificados reconocidos internacionalmente atestiguan la calidad de HI-MACS\u00ae en t\u00e9rminos de compromiso ecol\u00f3gico, higiene y resistencia al fuego. En ese sentido, se trata de la primera Superficie s\u00f3lida del mercado en recibir el certificado oficial de Homologaci\u00f3n T\u00e9cnica Europea (ETA) para fachadas para el color Alpine White S728.<\/p>\n<p>HI-MACS\u00ae ofrece una garant\u00eda de 15 a\u00f1os -la m\u00e1s amplia del mercado de las superficies s\u00f3lidas- para los productos fabricados e instalados por los miembros del HI-MACS\u00ae Quality Club.<\/p>\n\n<div style=\"font-size: 0px; height: 0px; line-height: 0px; margin: 0; padding: 0; clear: both;\"><\/div><div style=\"margin-top: 0px; margin-bottom: 0px;\" class=\"sharethis-inline-share-buttons\" ><\/div>","protected":false},"excerpt":{"rendered":"<p>Un espacio abierto y din\u00e1mico dise\u00f1ado por Rado Rick designers en Bratislava&#8230;<\/p>\n","protected":false},"author":1,"featured_media":13585,"comment_status":"closed","ping_status":"closed","sticky":false,"template":"","format":"standard","meta":{"_uag_custom_page_level_css":"","footnotes":""},"categories":[55,56],"tags":[3173,3170,358,363,3172,3171],"class_list":["post-13584","post","type-post","status-publish","format-standard","has-post-thumbnail","hentry","category-diseno","category-diseno-interior-decoracion","tag-bratislava","tag-eslovaquia","tag-hi-macs","tag-piedra-acrilica","tag-rado-rick-designers","tag-radomir-minjarik","generate-columns","tablet-grid-50","mobile-grid-100","grid-parent","grid-50"],"yoast_head":"<!-- This site is optimized with the Yoast SEO plugin v27.3 - https:\/\/yoast.com\/product\/yoast-seo-wordpress\/ -->\n<title>Serenidad y modernidad en el interior de un interesante loft eslovaco - Arquimaster<\/title>\n<meta name=\"robots\" content=\"index, follow, max-snippet:-1, max-image-preview:large, max-video-preview:-1\" \/>\n<link rel=\"canonical\" href=\"https:\/\/www.arquimaster.com.ar\/web\/serenidad-y-modernidad-en-el-interior-de-un-interesante-loft-eslovaco\/\" \/>\n<meta property=\"og:locale\" content=\"es_ES\" \/>\n<meta property=\"og:type\" content=\"article\" \/>\n<meta property=\"og:title\" content=\"Serenidad y modernidad en el interior de un interesante loft eslovaco - Arquimaster\" \/>\n<meta property=\"og:description\" content=\"Un espacio abierto y din\u00e1mico dise\u00f1ado por Rado Rick designers en Bratislava...\" \/>\n<meta property=\"og:url\" content=\"https:\/\/www.arquimaster.com.ar\/web\/serenidad-y-modernidad-en-el-interior-de-un-interesante-loft-eslovaco\/\" \/>\n<meta property=\"og:site_name\" content=\"Arquimaster\" \/>\n<meta property=\"article:publisher\" content=\"http:\/\/www.facebook.com\/ARQUIMASTER.com.ar\" \/>\n<meta property=\"article:published_time\" content=\"2015-03-21T20:15:18+00:00\" \/>\n<meta property=\"article:modified_time\" content=\"2025-10-29T22:02:18+00:00\" \/>\n<meta property=\"og:image\" content=\"https:\/\/www.arquimaster.com.ar\/web\/wp-content\/uploads\/2015\/03\/himacs_loft-eslovaquia_slide.jpg\" \/>\n\t<meta property=\"og:image:width\" content=\"642\" \/>\n\t<meta property=\"og:image:height\" content=\"336\" \/>\n\t<meta property=\"og:image:type\" content=\"image\/jpeg\" \/>\n<meta name=\"author\" content=\"Arquimaster\" \/>\n<meta name=\"twitter:card\" content=\"summary_large_image\" \/>\n<meta name=\"twitter:creator\" content=\"@arquimaster\" \/>\n<meta name=\"twitter:site\" content=\"@arquimaster\" \/>\n<meta name=\"twitter:label1\" content=\"Escrito por\" \/>\n\t<meta name=\"twitter:data1\" content=\"Arquimaster\" \/>\n\t<meta name=\"twitter:label2\" content=\"Tiempo de lectura\" \/>\n\t<meta name=\"twitter:data2\" content=\"7 minutos\" \/>\n<script type=\"application\/ld+json\" class=\"yoast-schema-graph\">{\"@context\":\"https:\\\/\\\/schema.org\",\"@graph\":[{\"@type\":\"Article\",\"@id\":\"https:\\\/\\\/www.arquimaster.com.ar\\\/web\\\/serenidad-y-modernidad-en-el-interior-de-un-interesante-loft-eslovaco\\\/#article\",\"isPartOf\":{\"@id\":\"https:\\\/\\\/www.arquimaster.com.ar\\\/web\\\/serenidad-y-modernidad-en-el-interior-de-un-interesante-loft-eslovaco\\\/\"},\"author\":{\"name\":\"Arquimaster\",\"@id\":\"https:\\\/\\\/www.arquimaster.com.ar\\\/web\\\/#\\\/schema\\\/person\\\/359e9f7c00193fcde068e0dd2ceb0028\"},\"headline\":\"Serenidad y modernidad en el interior de un interesante loft eslovaco\",\"datePublished\":\"2015-03-21T20:15:18+00:00\",\"dateModified\":\"2025-10-29T22:02:18+00:00\",\"mainEntityOfPage\":{\"@id\":\"https:\\\/\\\/www.arquimaster.com.ar\\\/web\\\/serenidad-y-modernidad-en-el-interior-de-un-interesante-loft-eslovaco\\\/\"},\"wordCount\":1487,\"publisher\":{\"@id\":\"https:\\\/\\\/www.arquimaster.com.ar\\\/web\\\/#organization\"},\"image\":{\"@id\":\"https:\\\/\\\/www.arquimaster.com.ar\\\/web\\\/serenidad-y-modernidad-en-el-interior-de-un-interesante-loft-eslovaco\\\/#primaryimage\"},\"thumbnailUrl\":\"https:\\\/\\\/www.arquimaster.com.ar\\\/web\\\/wp-content\\\/uploads\\\/2015\\\/03\\\/himacs_loft-eslovaquia_slide.jpg\",\"keywords\":[\"Bratislava\",\"Eslovaquia\",\"HI-MACS\",\"piedra acr\u00edlica\",\"Rado Rick designers\",\"Radom\u00edr Minjar\u00edk\"],\"articleSection\":[\"Dise\u00f1o\",\"Dise\u00f1o interior y decoracion\"],\"inLanguage\":\"es\"},{\"@type\":\"WebPage\",\"@id\":\"https:\\\/\\\/www.arquimaster.com.ar\\\/web\\\/serenidad-y-modernidad-en-el-interior-de-un-interesante-loft-eslovaco\\\/\",\"url\":\"https:\\\/\\\/www.arquimaster.com.ar\\\/web\\\/serenidad-y-modernidad-en-el-interior-de-un-interesante-loft-eslovaco\\\/\",\"name\":\"Serenidad y modernidad en el interior de un interesante loft eslovaco - Arquimaster\",\"isPartOf\":{\"@id\":\"https:\\\/\\\/www.arquimaster.com.ar\\\/web\\\/#website\"},\"primaryImageOfPage\":{\"@id\":\"https:\\\/\\\/www.arquimaster.com.ar\\\/web\\\/serenidad-y-modernidad-en-el-interior-de-un-interesante-loft-eslovaco\\\/#primaryimage\"},\"image\":{\"@id\":\"https:\\\/\\\/www.arquimaster.com.ar\\\/web\\\/serenidad-y-modernidad-en-el-interior-de-un-interesante-loft-eslovaco\\\/#primaryimage\"},\"thumbnailUrl\":\"https:\\\/\\\/www.arquimaster.com.ar\\\/web\\\/wp-content\\\/uploads\\\/2015\\\/03\\\/himacs_loft-eslovaquia_slide.jpg\",\"datePublished\":\"2015-03-21T20:15:18+00:00\",\"dateModified\":\"2025-10-29T22:02:18+00:00\",\"breadcrumb\":{\"@id\":\"https:\\\/\\\/www.arquimaster.com.ar\\\/web\\\/serenidad-y-modernidad-en-el-interior-de-un-interesante-loft-eslovaco\\\/#breadcrumb\"},\"inLanguage\":\"es\",\"potentialAction\":[{\"@type\":\"ReadAction\",\"target\":[\"https:\\\/\\\/www.arquimaster.com.ar\\\/web\\\/serenidad-y-modernidad-en-el-interior-de-un-interesante-loft-eslovaco\\\/\"]}]},{\"@type\":\"ImageObject\",\"inLanguage\":\"es\",\"@id\":\"https:\\\/\\\/www.arquimaster.com.ar\\\/web\\\/serenidad-y-modernidad-en-el-interior-de-un-interesante-loft-eslovaco\\\/#primaryimage\",\"url\":\"https:\\\/\\\/www.arquimaster.com.ar\\\/web\\\/wp-content\\\/uploads\\\/2015\\\/03\\\/himacs_loft-eslovaquia_slide.jpg\",\"contentUrl\":\"https:\\\/\\\/www.arquimaster.com.ar\\\/web\\\/wp-content\\\/uploads\\\/2015\\\/03\\\/himacs_loft-eslovaquia_slide.jpg\",\"width\":642,\"height\":336},{\"@type\":\"BreadcrumbList\",\"@id\":\"https:\\\/\\\/www.arquimaster.com.ar\\\/web\\\/serenidad-y-modernidad-en-el-interior-de-un-interesante-loft-eslovaco\\\/#breadcrumb\",\"itemListElement\":[{\"@type\":\"ListItem\",\"position\":1,\"name\":\"Portada\",\"item\":\"https:\\\/\\\/www.arquimaster.com.ar\\\/web\\\/\"},{\"@type\":\"ListItem\",\"position\":2,\"name\":\"Serenidad y modernidad en el interior de un interesante loft eslovaco\"}]},{\"@type\":\"WebSite\",\"@id\":\"https:\\\/\\\/www.arquimaster.com.ar\\\/web\\\/#website\",\"url\":\"https:\\\/\\\/www.arquimaster.com.ar\\\/web\\\/\",\"name\":\"Arquimaster\",\"description\":\"Web de arquitectura, dise\u00f1o y construccion\",\"publisher\":{\"@id\":\"https:\\\/\\\/www.arquimaster.com.ar\\\/web\\\/#organization\"},\"potentialAction\":[{\"@type\":\"SearchAction\",\"target\":{\"@type\":\"EntryPoint\",\"urlTemplate\":\"https:\\\/\\\/www.arquimaster.com.ar\\\/web\\\/?s={search_term_string}\"},\"query-input\":{\"@type\":\"PropertyValueSpecification\",\"valueRequired\":true,\"valueName\":\"search_term_string\"}}],\"inLanguage\":\"es\"},{\"@type\":\"Organization\",\"@id\":\"https:\\\/\\\/www.arquimaster.com.ar\\\/web\\\/#organization\",\"name\":\"Arquimaster\",\"url\":\"https:\\\/\\\/www.arquimaster.com.ar\\\/web\\\/\",\"logo\":{\"@type\":\"ImageObject\",\"inLanguage\":\"es\",\"@id\":\"https:\\\/\\\/www.arquimaster.com.ar\\\/web\\\/#\\\/schema\\\/logo\\\/image\\\/\",\"url\":\"https:\\\/\\\/www.arquimaster.com.ar\\\/web\\\/wp-content\\\/uploads\\\/2022\\\/06\\\/arquimaster.png\",\"contentUrl\":\"https:\\\/\\\/www.arquimaster.com.ar\\\/web\\\/wp-content\\\/uploads\\\/2022\\\/06\\\/arquimaster.png\",\"width\":594,\"height\":78,\"caption\":\"Arquimaster\"},\"image\":{\"@id\":\"https:\\\/\\\/www.arquimaster.com.ar\\\/web\\\/#\\\/schema\\\/logo\\\/image\\\/\"},\"sameAs\":[\"http:\\\/\\\/www.facebook.com\\\/ARQUIMASTER.com.ar\",\"https:\\\/\\\/x.com\\\/arquimaster\",\"https:\\\/\\\/www.instagram.com\\\/arquimasterblog\\\/\",\"https:\\\/\\\/www.linkedin.com\\\/company\\\/arquimaster\",\"https:\\\/\\\/www.pinterest.com\\\/arquimaster\",\"https:\\\/\\\/t.me\\\/arquimaster\"]},{\"@type\":\"Person\",\"@id\":\"https:\\\/\\\/www.arquimaster.com.ar\\\/web\\\/#\\\/schema\\\/person\\\/359e9f7c00193fcde068e0dd2ceb0028\",\"name\":\"Arquimaster\"}]}<\/script>\n<!-- \/ Yoast SEO plugin. -->","yoast_head_json":{"title":"Serenidad y modernidad en el interior de un interesante loft eslovaco - Arquimaster","robots":{"index":"index","follow":"follow","max-snippet":"max-snippet:-1","max-image-preview":"max-image-preview:large","max-video-preview":"max-video-preview:-1"},"canonical":"https:\/\/www.arquimaster.com.ar\/web\/serenidad-y-modernidad-en-el-interior-de-un-interesante-loft-eslovaco\/","og_locale":"es_ES","og_type":"article","og_title":"Serenidad y modernidad en el interior de un interesante loft eslovaco - Arquimaster","og_description":"Un espacio abierto y din\u00e1mico dise\u00f1ado por Rado Rick designers en Bratislava...","og_url":"https:\/\/www.arquimaster.com.ar\/web\/serenidad-y-modernidad-en-el-interior-de-un-interesante-loft-eslovaco\/","og_site_name":"Arquimaster","article_publisher":"http:\/\/www.facebook.com\/ARQUIMASTER.com.ar","article_published_time":"2015-03-21T20:15:18+00:00","article_modified_time":"2025-10-29T22:02:18+00:00","og_image":[{"width":642,"height":336,"url":"https:\/\/www.arquimaster.com.ar\/web\/wp-content\/uploads\/2015\/03\/himacs_loft-eslovaquia_slide.jpg","type":"image\/jpeg"}],"author":"Arquimaster","twitter_card":"summary_large_image","twitter_creator":"@arquimaster","twitter_site":"@arquimaster","twitter_misc":{"Escrito por":"Arquimaster","Tiempo de lectura":"7 minutos"},"schema":{"@context":"https:\/\/schema.org","@graph":[{"@type":"Article","@id":"https:\/\/www.arquimaster.com.ar\/web\/serenidad-y-modernidad-en-el-interior-de-un-interesante-loft-eslovaco\/#article","isPartOf":{"@id":"https:\/\/www.arquimaster.com.ar\/web\/serenidad-y-modernidad-en-el-interior-de-un-interesante-loft-eslovaco\/"},"author":{"name":"Arquimaster","@id":"https:\/\/www.arquimaster.com.ar\/web\/#\/schema\/person\/359e9f7c00193fcde068e0dd2ceb0028"},"headline":"Serenidad y modernidad en el interior de un interesante loft eslovaco","datePublished":"2015-03-21T20:15:18+00:00","dateModified":"2025-10-29T22:02:18+00:00","mainEntityOfPage":{"@id":"https:\/\/www.arquimaster.com.ar\/web\/serenidad-y-modernidad-en-el-interior-de-un-interesante-loft-eslovaco\/"},"wordCount":1487,"publisher":{"@id":"https:\/\/www.arquimaster.com.ar\/web\/#organization"},"image":{"@id":"https:\/\/www.arquimaster.com.ar\/web\/serenidad-y-modernidad-en-el-interior-de-un-interesante-loft-eslovaco\/#primaryimage"},"thumbnailUrl":"https:\/\/www.arquimaster.com.ar\/web\/wp-content\/uploads\/2015\/03\/himacs_loft-eslovaquia_slide.jpg","keywords":["Bratislava","Eslovaquia","HI-MACS","piedra acr\u00edlica","Rado Rick designers","Radom\u00edr Minjar\u00edk"],"articleSection":["Dise\u00f1o","Dise\u00f1o interior y decoracion"],"inLanguage":"es"},{"@type":"WebPage","@id":"https:\/\/www.arquimaster.com.ar\/web\/serenidad-y-modernidad-en-el-interior-de-un-interesante-loft-eslovaco\/","url":"https:\/\/www.arquimaster.com.ar\/web\/serenidad-y-modernidad-en-el-interior-de-un-interesante-loft-eslovaco\/","name":"Serenidad y modernidad en el interior de un interesante loft eslovaco - Arquimaster","isPartOf":{"@id":"https:\/\/www.arquimaster.com.ar\/web\/#website"},"primaryImageOfPage":{"@id":"https:\/\/www.arquimaster.com.ar\/web\/serenidad-y-modernidad-en-el-interior-de-un-interesante-loft-eslovaco\/#primaryimage"},"image":{"@id":"https:\/\/www.arquimaster.com.ar\/web\/serenidad-y-modernidad-en-el-interior-de-un-interesante-loft-eslovaco\/#primaryimage"},"thumbnailUrl":"https:\/\/www.arquimaster.com.ar\/web\/wp-content\/uploads\/2015\/03\/himacs_loft-eslovaquia_slide.jpg","datePublished":"2015-03-21T20:15:18+00:00","dateModified":"2025-10-29T22:02:18+00:00","breadcrumb":{"@id":"https:\/\/www.arquimaster.com.ar\/web\/serenidad-y-modernidad-en-el-interior-de-un-interesante-loft-eslovaco\/#breadcrumb"},"inLanguage":"es","potentialAction":[{"@type":"ReadAction","target":["https:\/\/www.arquimaster.com.ar\/web\/serenidad-y-modernidad-en-el-interior-de-un-interesante-loft-eslovaco\/"]}]},{"@type":"ImageObject","inLanguage":"es","@id":"https:\/\/www.arquimaster.com.ar\/web\/serenidad-y-modernidad-en-el-interior-de-un-interesante-loft-eslovaco\/#primaryimage","url":"https:\/\/www.arquimaster.com.ar\/web\/wp-content\/uploads\/2015\/03\/himacs_loft-eslovaquia_slide.jpg","contentUrl":"https:\/\/www.arquimaster.com.ar\/web\/wp-content\/uploads\/2015\/03\/himacs_loft-eslovaquia_slide.jpg","width":642,"height":336},{"@type":"BreadcrumbList","@id":"https:\/\/www.arquimaster.com.ar\/web\/serenidad-y-modernidad-en-el-interior-de-un-interesante-loft-eslovaco\/#breadcrumb","itemListElement":[{"@type":"ListItem","position":1,"name":"Portada","item":"https:\/\/www.arquimaster.com.ar\/web\/"},{"@type":"ListItem","position":2,"name":"Serenidad y modernidad en el interior de un interesante loft eslovaco"}]},{"@type":"WebSite","@id":"https:\/\/www.arquimaster.com.ar\/web\/#website","url":"https:\/\/www.arquimaster.com.ar\/web\/","name":"Arquimaster","description":"Web de arquitectura, dise\u00f1o y construccion","publisher":{"@id":"https:\/\/www.arquimaster.com.ar\/web\/#organization"},"potentialAction":[{"@type":"SearchAction","target":{"@type":"EntryPoint","urlTemplate":"https:\/\/www.arquimaster.com.ar\/web\/?s={search_term_string}"},"query-input":{"@type":"PropertyValueSpecification","valueRequired":true,"valueName":"search_term_string"}}],"inLanguage":"es"},{"@type":"Organization","@id":"https:\/\/www.arquimaster.com.ar\/web\/#organization","name":"Arquimaster","url":"https:\/\/www.arquimaster.com.ar\/web\/","logo":{"@type":"ImageObject","inLanguage":"es","@id":"https:\/\/www.arquimaster.com.ar\/web\/#\/schema\/logo\/image\/","url":"https:\/\/www.arquimaster.com.ar\/web\/wp-content\/uploads\/2022\/06\/arquimaster.png","contentUrl":"https:\/\/www.arquimaster.com.ar\/web\/wp-content\/uploads\/2022\/06\/arquimaster.png","width":594,"height":78,"caption":"Arquimaster"},"image":{"@id":"https:\/\/www.arquimaster.com.ar\/web\/#\/schema\/logo\/image\/"},"sameAs":["http:\/\/www.facebook.com\/ARQUIMASTER.com.ar","https:\/\/x.com\/arquimaster","https:\/\/www.instagram.com\/arquimasterblog\/","https:\/\/www.linkedin.com\/company\/arquimaster","https:\/\/www.pinterest.com\/arquimaster","https:\/\/t.me\/arquimaster"]},{"@type":"Person","@id":"https:\/\/www.arquimaster.com.ar\/web\/#\/schema\/person\/359e9f7c00193fcde068e0dd2ceb0028","name":"Arquimaster"}]}},"uagb_featured_image_src":{"full":["https:\/\/www.arquimaster.com.ar\/web\/wp-content\/uploads\/2015\/03\/himacs_loft-eslovaquia_slide.jpg",642,336,false],"thumbnail":["https:\/\/www.arquimaster.com.ar\/web\/wp-content\/uploads\/2015\/03\/himacs_loft-eslovaquia_slide-150x150.jpg",150,150,true],"medium":["https:\/\/www.arquimaster.com.ar\/web\/wp-content\/uploads\/2015\/03\/himacs_loft-eslovaquia_slide-573x300.jpg",573,300,true],"medium_large":["https:\/\/www.arquimaster.com.ar\/web\/wp-content\/uploads\/2015\/03\/himacs_loft-eslovaquia_slide.jpg",642,336,false],"large":["https:\/\/www.arquimaster.com.ar\/web\/wp-content\/uploads\/2015\/03\/himacs_loft-eslovaquia_slide.jpg",642,336,false],"1536x1536":["https:\/\/www.arquimaster.com.ar\/web\/wp-content\/uploads\/2015\/03\/himacs_loft-eslovaquia_slide.jpg",642,336,false],"2048x2048":["https:\/\/www.arquimaster.com.ar\/web\/wp-content\/uploads\/2015\/03\/himacs_loft-eslovaquia_slide.jpg",642,336,false]},"uagb_author_info":{"display_name":"Arquimaster","author_link":"https:\/\/www.arquimaster.com.ar\/web\/author\/arquimaster\/"},"uagb_comment_info":0,"uagb_excerpt":"Un espacio abierto y din\u00e1mico dise\u00f1ado por Rado Rick designers en Bratislava...","_links":{"self":[{"href":"https:\/\/www.arquimaster.com.ar\/web\/wp-json\/wp\/v2\/posts\/13584","targetHints":{"allow":["GET"]}}],"collection":[{"href":"https:\/\/www.arquimaster.com.ar\/web\/wp-json\/wp\/v2\/posts"}],"about":[{"href":"https:\/\/www.arquimaster.com.ar\/web\/wp-json\/wp\/v2\/types\/post"}],"author":[{"embeddable":true,"href":"https:\/\/www.arquimaster.com.ar\/web\/wp-json\/wp\/v2\/users\/1"}],"replies":[{"embeddable":true,"href":"https:\/\/www.arquimaster.com.ar\/web\/wp-json\/wp\/v2\/comments?post=13584"}],"version-history":[{"count":1,"href":"https:\/\/www.arquimaster.com.ar\/web\/wp-json\/wp\/v2\/posts\/13584\/revisions"}],"predecessor-version":[{"id":86538,"href":"https:\/\/www.arquimaster.com.ar\/web\/wp-json\/wp\/v2\/posts\/13584\/revisions\/86538"}],"wp:featuredmedia":[{"embeddable":true,"href":"https:\/\/www.arquimaster.com.ar\/web\/wp-json\/wp\/v2\/media\/13585"}],"wp:attachment":[{"href":"https:\/\/www.arquimaster.com.ar\/web\/wp-json\/wp\/v2\/media?parent=13584"}],"wp:term":[{"taxonomy":"category","embeddable":true,"href":"https:\/\/www.arquimaster.com.ar\/web\/wp-json\/wp\/v2\/categories?post=13584"},{"taxonomy":"post_tag","embeddable":true,"href":"https:\/\/www.arquimaster.com.ar\/web\/wp-json\/wp\/v2\/tags?post=13584"}],"curies":[{"name":"wp","href":"https:\/\/api.w.org\/{rel}","templated":true}]}}