{"id":13685,"date":"2015-03-22T23:30:53","date_gmt":"2015-03-22T23:30:53","guid":{"rendered":"http:\/\/www.arquimaster.com.ar\/web\/?p=13685"},"modified":"2015-03-22T21:30:21","modified_gmt":"2015-03-22T21:30:21","slug":"casa-en-el-pinar-biagionipecorari-arquitectos","status":"publish","type":"post","link":"https:\/\/www.arquimaster.com.ar\/web\/casa-en-el-pinar-biagionipecorari-arquitectos\/","title":{"rendered":"Casa en El Pinar \/ Biagioni\/Pecorari Arquitectos"},"content":{"rendered":"<div style=\"margin-top: 0px; margin-bottom: 0px;\" class=\"sharethis-inline-share-buttons\" ><\/div><div class=\"b812932af2e751442846f039925109de\" data-index=\"1\" style=\"float: none; margin:25px 0 25px 0; text-align:center;\">\n<script async src=\"https:\/\/pagead2.googlesyndication.com\/pagead\/js\/adsbygoogle.js\"><\/script>\r\n<!-- Arquimaster (superior) -->\r\n<ins class=\"adsbygoogle\"\r\n     style=\"display:block\"\r\n     data-ad-client=\"ca-pub-6351072698456832\"\r\n     data-ad-slot=\"6455489680\"\r\n     data-ad-format=\"auto\"\r\n     data-full-width-responsive=\"true\"><\/ins>\r\n<script>\r\n     (adsbygoogle = window.adsbygoogle || []).push({});\r\n<\/script>\n<\/div>\n<p><strong>Casa en El Pinar<\/strong> (Santa Fe, Argentina) por <strong>Biagioni\/Pecorari Arquitectos<\/strong>. Sobre una casa existente de planta baja, se propone una ampliaci\u00f3n que incluye un dormitorio, un ba\u00f1o y el crecimiento de las \u00e1reas de estar, cocina y comedor con una expansi\u00f3n hacia el patio en forma de galer\u00eda, acompa\u00f1ada lateralmente con una viga-canaleta que se proyecta hasta el fondo del terreno pasando por encima de la piscina.<\/p>\n<div id='gallery-1' class='gallery galleryid-13685 gallery-columns-3 gallery-size-thumbnail'><figure class='gallery-item'>\n\t\t\t<div class='gallery-icon portrait'>\n\t\t\t\t<a href='https:\/\/www.arquimaster.com.ar\/web\/wp-content\/uploads\/2015\/03\/casa_el_pinar1.jpg' title=\"Casa en El Pinar \/ Biagioni\/Pecorari Arquitectos (\u00a9 Ramiro Sosa)\" data-rl_title=\"Casa en El Pinar \/ Biagioni\/Pecorari Arquitectos (\u00a9 Ramiro Sosa)\" class=\"rl-gallery-link\" data-rl_caption=\"Casa en El Pinar \/ Biagioni\/Pecorari Arquitectos (\u00a9 Ramiro Sosa)\" data-rel=\"lightbox-gallery-1\"><img loading=\"lazy\" decoding=\"async\" width=\"150\" height=\"150\" src=\"https:\/\/www.arquimaster.com.ar\/web\/wp-content\/uploads\/2015\/03\/casa_el_pinar1-150x150.jpg\" class=\"attachment-thumbnail size-thumbnail\" alt=\"\" aria-describedby=\"gallery-1-13687\" srcset=\"https:\/\/www.arquimaster.com.ar\/web\/wp-content\/uploads\/2015\/03\/casa_el_pinar1-150x150.jpg 150w, https:\/\/www.arquimaster.com.ar\/web\/wp-content\/uploads\/2015\/03\/casa_el_pinar1-50x50.jpg 50w, https:\/\/www.arquimaster.com.ar\/web\/wp-content\/uploads\/2015\/03\/casa_el_pinar1-125x125.jpg 125w\" sizes=\"auto, (max-width: 150px) 100vw, 150px\" \/><\/a>\n\t\t\t<\/div>\n\t\t\t\t<figcaption class='wp-caption-text gallery-caption' id='gallery-1-13687'>\n\t\t\t\tCasa en El Pinar \/ Biagioni\/Pecorari Arquitectos (\u00a9 Ramiro Sosa)\n\t\t\t\t<\/figcaption><\/figure><figure class='gallery-item'>\n\t\t\t<div class='gallery-icon landscape'>\n\t\t\t\t<a href='https:\/\/www.arquimaster.com.ar\/web\/wp-content\/uploads\/2015\/03\/casa_el_pinar2.jpg' title=\"Casa en El Pinar \/ Biagioni\/Pecorari Arquitectos (\u00a9 Ramiro Sosa)\" data-rl_title=\"Casa en El Pinar \/ Biagioni\/Pecorari Arquitectos (\u00a9 Ramiro Sosa)\" class=\"rl-gallery-link\" data-rl_caption=\"Casa en El Pinar \/ Biagioni\/Pecorari Arquitectos (\u00a9 Ramiro Sosa)\" data-rel=\"lightbox-gallery-1\"><img loading=\"lazy\" decoding=\"async\" width=\"150\" height=\"150\" src=\"https:\/\/www.arquimaster.com.ar\/web\/wp-content\/uploads\/2015\/03\/casa_el_pinar2-150x150.jpg\" class=\"attachment-thumbnail size-thumbnail\" alt=\"\" aria-describedby=\"gallery-1-13688\" srcset=\"https:\/\/www.arquimaster.com.ar\/web\/wp-content\/uploads\/2015\/03\/casa_el_pinar2-150x150.jpg 150w, https:\/\/www.arquimaster.com.ar\/web\/wp-content\/uploads\/2015\/03\/casa_el_pinar2-50x50.jpg 50w, https:\/\/www.arquimaster.com.ar\/web\/wp-content\/uploads\/2015\/03\/casa_el_pinar2-125x125.jpg 125w\" sizes=\"auto, (max-width: 150px) 100vw, 150px\" \/><\/a>\n\t\t\t<\/div>\n\t\t\t\t<figcaption class='wp-caption-text gallery-caption' id='gallery-1-13688'>\n\t\t\t\tCasa en El Pinar \/ Biagioni\/Pecorari Arquitectos (\u00a9 Ramiro Sosa)\n\t\t\t\t<\/figcaption><\/figure><figure class='gallery-item'>\n\t\t\t<div class='gallery-icon portrait'>\n\t\t\t\t<a href='https:\/\/www.arquimaster.com.ar\/web\/wp-content\/uploads\/2015\/03\/casa_el_pinar3.jpg' title=\"Casa en El Pinar \/ Biagioni\/Pecorari Arquitectos (\u00a9 Ramiro Sosa)\" data-rl_title=\"Casa en El Pinar \/ Biagioni\/Pecorari Arquitectos (\u00a9 Ramiro Sosa)\" class=\"rl-gallery-link\" data-rl_caption=\"Casa en El Pinar \/ Biagioni\/Pecorari Arquitectos (\u00a9 Ramiro Sosa)\" data-rel=\"lightbox-gallery-1\"><img loading=\"lazy\" decoding=\"async\" width=\"150\" height=\"150\" src=\"https:\/\/www.arquimaster.com.ar\/web\/wp-content\/uploads\/2015\/03\/casa_el_pinar3-150x150.jpg\" class=\"attachment-thumbnail size-thumbnail\" alt=\"\" aria-describedby=\"gallery-1-13689\" srcset=\"https:\/\/www.arquimaster.com.ar\/web\/wp-content\/uploads\/2015\/03\/casa_el_pinar3-150x150.jpg 150w, https:\/\/www.arquimaster.com.ar\/web\/wp-content\/uploads\/2015\/03\/casa_el_pinar3-50x50.jpg 50w, https:\/\/www.arquimaster.com.ar\/web\/wp-content\/uploads\/2015\/03\/casa_el_pinar3-125x125.jpg 125w\" sizes=\"auto, (max-width: 150px) 100vw, 150px\" \/><\/a>\n\t\t\t<\/div>\n\t\t\t\t<figcaption class='wp-caption-text gallery-caption' id='gallery-1-13689'>\n\t\t\t\tCasa en El Pinar \/ Biagioni\/Pecorari Arquitectos (\u00a9 Ramiro Sosa)\n\t\t\t\t<\/figcaption><\/figure><figure class='gallery-item'>\n\t\t\t<div class='gallery-icon landscape'>\n\t\t\t\t<a href='https:\/\/www.arquimaster.com.ar\/web\/wp-content\/uploads\/2015\/03\/casa_el_pinar20.jpg' title=\"Casa en El Pinar \/ Biagioni\/Pecorari Arquitectos (\u00a9 Ramiro Sosa)\" data-rl_title=\"Casa en El Pinar \/ Biagioni\/Pecorari Arquitectos (\u00a9 Ramiro Sosa)\" class=\"rl-gallery-link\" data-rl_caption=\"Casa en El Pinar \/ Biagioni\/Pecorari Arquitectos (\u00a9 Ramiro Sosa)\" data-rel=\"lightbox-gallery-1\"><img loading=\"lazy\" decoding=\"async\" width=\"150\" height=\"150\" src=\"https:\/\/www.arquimaster.com.ar\/web\/wp-content\/uploads\/2015\/03\/casa_el_pinar20-150x150.jpg\" class=\"attachment-thumbnail size-thumbnail\" alt=\"\" aria-describedby=\"gallery-1-13706\" srcset=\"https:\/\/www.arquimaster.com.ar\/web\/wp-content\/uploads\/2015\/03\/casa_el_pinar20-150x150.jpg 150w, https:\/\/www.arquimaster.com.ar\/web\/wp-content\/uploads\/2015\/03\/casa_el_pinar20-50x50.jpg 50w, https:\/\/www.arquimaster.com.ar\/web\/wp-content\/uploads\/2015\/03\/casa_el_pinar20-125x125.jpg 125w\" sizes=\"auto, (max-width: 150px) 100vw, 150px\" \/><\/a>\n\t\t\t<\/div>\n\t\t\t\t<figcaption class='wp-caption-text gallery-caption' id='gallery-1-13706'>\n\t\t\t\tCasa en El Pinar \/ Biagioni\/Pecorari Arquitectos (\u00a9 Ramiro Sosa)\n\t\t\t\t<\/figcaption><\/figure><figure class='gallery-item'>\n\t\t\t<div class='gallery-icon portrait'>\n\t\t\t\t<a href='https:\/\/www.arquimaster.com.ar\/web\/wp-content\/uploads\/2015\/03\/casa_el_pinar4.jpg' title=\"Casa en El Pinar \/ Biagioni\/Pecorari Arquitectos (\u00a9 Ramiro Sosa)\" data-rl_title=\"Casa en El Pinar \/ Biagioni\/Pecorari Arquitectos (\u00a9 Ramiro Sosa)\" class=\"rl-gallery-link\" data-rl_caption=\"Casa en El Pinar \/ Biagioni\/Pecorari Arquitectos (\u00a9 Ramiro Sosa)\" data-rel=\"lightbox-gallery-1\"><img loading=\"lazy\" decoding=\"async\" width=\"150\" height=\"150\" src=\"https:\/\/www.arquimaster.com.ar\/web\/wp-content\/uploads\/2015\/03\/casa_el_pinar4-150x150.jpg\" class=\"attachment-thumbnail size-thumbnail\" alt=\"\" aria-describedby=\"gallery-1-13690\" srcset=\"https:\/\/www.arquimaster.com.ar\/web\/wp-content\/uploads\/2015\/03\/casa_el_pinar4-150x150.jpg 150w, https:\/\/www.arquimaster.com.ar\/web\/wp-content\/uploads\/2015\/03\/casa_el_pinar4-50x50.jpg 50w, https:\/\/www.arquimaster.com.ar\/web\/wp-content\/uploads\/2015\/03\/casa_el_pinar4-125x125.jpg 125w\" sizes=\"auto, (max-width: 150px) 100vw, 150px\" \/><\/a>\n\t\t\t<\/div>\n\t\t\t\t<figcaption class='wp-caption-text gallery-caption' id='gallery-1-13690'>\n\t\t\t\tCasa en El Pinar \/ Biagioni\/Pecorari Arquitectos (\u00a9 Ramiro Sosa)\n\t\t\t\t<\/figcaption><\/figure><figure class='gallery-item'>\n\t\t\t<div class='gallery-icon landscape'>\n\t\t\t\t<a href='https:\/\/www.arquimaster.com.ar\/web\/wp-content\/uploads\/2015\/03\/casa_el_pinar5.jpg' title=\"Casa en El Pinar \/ Biagioni\/Pecorari Arquitectos (\u00a9 Ramiro Sosa)\" data-rl_title=\"Casa en El Pinar \/ Biagioni\/Pecorari Arquitectos (\u00a9 Ramiro Sosa)\" class=\"rl-gallery-link\" data-rl_caption=\"Casa en El Pinar \/ Biagioni\/Pecorari Arquitectos (\u00a9 Ramiro Sosa)\" data-rel=\"lightbox-gallery-1\"><img loading=\"lazy\" decoding=\"async\" width=\"150\" height=\"150\" src=\"https:\/\/www.arquimaster.com.ar\/web\/wp-content\/uploads\/2015\/03\/casa_el_pinar5-150x150.jpg\" class=\"attachment-thumbnail size-thumbnail\" alt=\"\" aria-describedby=\"gallery-1-13691\" srcset=\"https:\/\/www.arquimaster.com.ar\/web\/wp-content\/uploads\/2015\/03\/casa_el_pinar5-150x150.jpg 150w, https:\/\/www.arquimaster.com.ar\/web\/wp-content\/uploads\/2015\/03\/casa_el_pinar5-50x50.jpg 50w, https:\/\/www.arquimaster.com.ar\/web\/wp-content\/uploads\/2015\/03\/casa_el_pinar5-125x125.jpg 125w\" sizes=\"auto, (max-width: 150px) 100vw, 150px\" \/><\/a>\n\t\t\t<\/div>\n\t\t\t\t<figcaption class='wp-caption-text gallery-caption' id='gallery-1-13691'>\n\t\t\t\tCasa en El Pinar \/ Biagioni\/Pecorari Arquitectos (\u00a9 Ramiro Sosa)\n\t\t\t\t<\/figcaption><\/figure><figure class='gallery-item'>\n\t\t\t<div class='gallery-icon landscape'>\n\t\t\t\t<a href='https:\/\/www.arquimaster.com.ar\/web\/wp-content\/uploads\/2015\/03\/casa_el_pinar6.jpg' title=\"Casa en El Pinar \/ Biagioni\/Pecorari Arquitectos (\u00a9 Ramiro Sosa)\" data-rl_title=\"Casa en El Pinar \/ Biagioni\/Pecorari Arquitectos (\u00a9 Ramiro Sosa)\" class=\"rl-gallery-link\" data-rl_caption=\"Casa en El Pinar \/ Biagioni\/Pecorari Arquitectos (\u00a9 Ramiro Sosa)\" data-rel=\"lightbox-gallery-1\"><img loading=\"lazy\" decoding=\"async\" width=\"150\" height=\"150\" src=\"https:\/\/www.arquimaster.com.ar\/web\/wp-content\/uploads\/2015\/03\/casa_el_pinar6-150x150.jpg\" class=\"attachment-thumbnail size-thumbnail\" alt=\"\" aria-describedby=\"gallery-1-13692\" srcset=\"https:\/\/www.arquimaster.com.ar\/web\/wp-content\/uploads\/2015\/03\/casa_el_pinar6-150x150.jpg 150w, https:\/\/www.arquimaster.com.ar\/web\/wp-content\/uploads\/2015\/03\/casa_el_pinar6-50x50.jpg 50w, https:\/\/www.arquimaster.com.ar\/web\/wp-content\/uploads\/2015\/03\/casa_el_pinar6-125x125.jpg 125w\" sizes=\"auto, (max-width: 150px) 100vw, 150px\" \/><\/a>\n\t\t\t<\/div>\n\t\t\t\t<figcaption class='wp-caption-text gallery-caption' id='gallery-1-13692'>\n\t\t\t\tCasa en El Pinar \/ Biagioni\/Pecorari Arquitectos (\u00a9 Ramiro Sosa)\n\t\t\t\t<\/figcaption><\/figure><figure class='gallery-item'>\n\t\t\t<div class='gallery-icon landscape'>\n\t\t\t\t<a href='https:\/\/www.arquimaster.com.ar\/web\/wp-content\/uploads\/2015\/03\/casa_el_pinar7.jpg' title=\"Casa en El Pinar \/ Biagioni\/Pecorari Arquitectos (\u00a9 Ramiro Sosa)\" data-rl_title=\"Casa en El Pinar \/ Biagioni\/Pecorari Arquitectos (\u00a9 Ramiro Sosa)\" class=\"rl-gallery-link\" data-rl_caption=\"Casa en El Pinar \/ Biagioni\/Pecorari Arquitectos (\u00a9 Ramiro Sosa)\" data-rel=\"lightbox-gallery-1\"><img loading=\"lazy\" decoding=\"async\" width=\"150\" height=\"150\" src=\"https:\/\/www.arquimaster.com.ar\/web\/wp-content\/uploads\/2015\/03\/casa_el_pinar7-150x150.jpg\" class=\"attachment-thumbnail size-thumbnail\" alt=\"\" aria-describedby=\"gallery-1-13693\" srcset=\"https:\/\/www.arquimaster.com.ar\/web\/wp-content\/uploads\/2015\/03\/casa_el_pinar7-150x150.jpg 150w, https:\/\/www.arquimaster.com.ar\/web\/wp-content\/uploads\/2015\/03\/casa_el_pinar7-50x50.jpg 50w, https:\/\/www.arquimaster.com.ar\/web\/wp-content\/uploads\/2015\/03\/casa_el_pinar7-125x125.jpg 125w\" sizes=\"auto, (max-width: 150px) 100vw, 150px\" \/><\/a>\n\t\t\t<\/div>\n\t\t\t\t<figcaption class='wp-caption-text gallery-caption' id='gallery-1-13693'>\n\t\t\t\tCasa en El Pinar \/ Biagioni\/Pecorari Arquitectos (\u00a9 Ramiro Sosa)\n\t\t\t\t<\/figcaption><\/figure><figure class='gallery-item'>\n\t\t\t<div class='gallery-icon portrait'>\n\t\t\t\t<a href='https:\/\/www.arquimaster.com.ar\/web\/wp-content\/uploads\/2015\/03\/casa_el_pinar8.jpg' title=\"Casa en El Pinar \/ Biagioni\/Pecorari Arquitectos (\u00a9 Ramiro Sosa)\" data-rl_title=\"Casa en El Pinar \/ Biagioni\/Pecorari Arquitectos (\u00a9 Ramiro Sosa)\" class=\"rl-gallery-link\" data-rl_caption=\"Casa en El Pinar \/ Biagioni\/Pecorari Arquitectos (\u00a9 Ramiro Sosa)\" data-rel=\"lightbox-gallery-1\"><img loading=\"lazy\" decoding=\"async\" width=\"150\" height=\"150\" src=\"https:\/\/www.arquimaster.com.ar\/web\/wp-content\/uploads\/2015\/03\/casa_el_pinar8-150x150.jpg\" class=\"attachment-thumbnail size-thumbnail\" alt=\"\" aria-describedby=\"gallery-1-13694\" srcset=\"https:\/\/www.arquimaster.com.ar\/web\/wp-content\/uploads\/2015\/03\/casa_el_pinar8-150x150.jpg 150w, https:\/\/www.arquimaster.com.ar\/web\/wp-content\/uploads\/2015\/03\/casa_el_pinar8-50x50.jpg 50w, https:\/\/www.arquimaster.com.ar\/web\/wp-content\/uploads\/2015\/03\/casa_el_pinar8-125x125.jpg 125w\" sizes=\"auto, (max-width: 150px) 100vw, 150px\" \/><\/a>\n\t\t\t<\/div>\n\t\t\t\t<figcaption class='wp-caption-text gallery-caption' id='gallery-1-13694'>\n\t\t\t\tCasa en El Pinar \/ Biagioni\/Pecorari Arquitectos (\u00a9 Ramiro Sosa)\n\t\t\t\t<\/figcaption><\/figure><figure class='gallery-item'>\n\t\t\t<div class='gallery-icon portrait'>\n\t\t\t\t<a href='https:\/\/www.arquimaster.com.ar\/web\/wp-content\/uploads\/2015\/03\/casa_el_pinar9.jpg' title=\"Casa en El Pinar \/ Biagioni\/Pecorari Arquitectos (\u00a9 Ramiro Sosa)\" data-rl_title=\"Casa en El Pinar \/ Biagioni\/Pecorari Arquitectos (\u00a9 Ramiro Sosa)\" class=\"rl-gallery-link\" data-rl_caption=\"Casa en El Pinar \/ Biagioni\/Pecorari Arquitectos (\u00a9 Ramiro Sosa)\" data-rel=\"lightbox-gallery-1\"><img loading=\"lazy\" decoding=\"async\" width=\"150\" height=\"150\" src=\"https:\/\/www.arquimaster.com.ar\/web\/wp-content\/uploads\/2015\/03\/casa_el_pinar9-150x150.jpg\" class=\"attachment-thumbnail size-thumbnail\" alt=\"\" aria-describedby=\"gallery-1-13695\" srcset=\"https:\/\/www.arquimaster.com.ar\/web\/wp-content\/uploads\/2015\/03\/casa_el_pinar9-150x150.jpg 150w, https:\/\/www.arquimaster.com.ar\/web\/wp-content\/uploads\/2015\/03\/casa_el_pinar9-50x50.jpg 50w, https:\/\/www.arquimaster.com.ar\/web\/wp-content\/uploads\/2015\/03\/casa_el_pinar9-125x125.jpg 125w\" sizes=\"auto, (max-width: 150px) 100vw, 150px\" \/><\/a>\n\t\t\t<\/div>\n\t\t\t\t<figcaption class='wp-caption-text gallery-caption' id='gallery-1-13695'>\n\t\t\t\tCasa en El Pinar \/ Biagioni\/Pecorari Arquitectos (\u00a9 Ramiro Sosa)\n\t\t\t\t<\/figcaption><\/figure><figure class='gallery-item'>\n\t\t\t<div class='gallery-icon portrait'>\n\t\t\t\t<a href='https:\/\/www.arquimaster.com.ar\/web\/wp-content\/uploads\/2015\/03\/casa_el_pinar10.jpg' title=\"Casa en El Pinar \/ Biagioni\/Pecorari Arquitectos (\u00a9 Ramiro Sosa)\" data-rl_title=\"Casa en El Pinar \/ Biagioni\/Pecorari Arquitectos (\u00a9 Ramiro Sosa)\" class=\"rl-gallery-link\" data-rl_caption=\"Casa en El Pinar \/ Biagioni\/Pecorari Arquitectos (\u00a9 Ramiro Sosa)\" data-rel=\"lightbox-gallery-1\"><img loading=\"lazy\" decoding=\"async\" width=\"150\" height=\"150\" src=\"https:\/\/www.arquimaster.com.ar\/web\/wp-content\/uploads\/2015\/03\/casa_el_pinar10-150x150.jpg\" class=\"attachment-thumbnail size-thumbnail\" alt=\"\" aria-describedby=\"gallery-1-13696\" srcset=\"https:\/\/www.arquimaster.com.ar\/web\/wp-content\/uploads\/2015\/03\/casa_el_pinar10-150x150.jpg 150w, https:\/\/www.arquimaster.com.ar\/web\/wp-content\/uploads\/2015\/03\/casa_el_pinar10-50x50.jpg 50w, https:\/\/www.arquimaster.com.ar\/web\/wp-content\/uploads\/2015\/03\/casa_el_pinar10-125x125.jpg 125w\" sizes=\"auto, (max-width: 150px) 100vw, 150px\" \/><\/a>\n\t\t\t<\/div>\n\t\t\t\t<figcaption class='wp-caption-text gallery-caption' id='gallery-1-13696'>\n\t\t\t\tCasa en El Pinar \/ Biagioni\/Pecorari Arquitectos (\u00a9 Ramiro Sosa)\n\t\t\t\t<\/figcaption><\/figure><figure class='gallery-item'>\n\t\t\t<div class='gallery-icon landscape'>\n\t\t\t\t<a href='https:\/\/www.arquimaster.com.ar\/web\/wp-content\/uploads\/2015\/03\/casa_el_pinar11.jpg' title=\"Casa en El Pinar \/ Biagioni\/Pecorari Arquitectos (\u00a9 Ramiro Sosa)\" data-rl_title=\"Casa en El Pinar \/ Biagioni\/Pecorari Arquitectos (\u00a9 Ramiro Sosa)\" class=\"rl-gallery-link\" data-rl_caption=\"Casa en El Pinar \/ Biagioni\/Pecorari Arquitectos (\u00a9 Ramiro Sosa)\" data-rel=\"lightbox-gallery-1\"><img loading=\"lazy\" decoding=\"async\" width=\"150\" height=\"150\" src=\"https:\/\/www.arquimaster.com.ar\/web\/wp-content\/uploads\/2015\/03\/casa_el_pinar11-150x150.jpg\" class=\"attachment-thumbnail size-thumbnail\" alt=\"\" aria-describedby=\"gallery-1-13697\" srcset=\"https:\/\/www.arquimaster.com.ar\/web\/wp-content\/uploads\/2015\/03\/casa_el_pinar11-150x150.jpg 150w, https:\/\/www.arquimaster.com.ar\/web\/wp-content\/uploads\/2015\/03\/casa_el_pinar11-50x50.jpg 50w, https:\/\/www.arquimaster.com.ar\/web\/wp-content\/uploads\/2015\/03\/casa_el_pinar11-125x125.jpg 125w\" sizes=\"auto, (max-width: 150px) 100vw, 150px\" \/><\/a>\n\t\t\t<\/div>\n\t\t\t\t<figcaption class='wp-caption-text gallery-caption' id='gallery-1-13697'>\n\t\t\t\tCasa en El Pinar \/ Biagioni\/Pecorari Arquitectos (\u00a9 Ramiro Sosa)\n\t\t\t\t<\/figcaption><\/figure><figure class='gallery-item'>\n\t\t\t<div class='gallery-icon landscape'>\n\t\t\t\t<a href='https:\/\/www.arquimaster.com.ar\/web\/wp-content\/uploads\/2015\/03\/casa_el_pinar12.jpg' title=\"Casa en El Pinar \/ Biagioni\/Pecorari Arquitectos (\u00a9 Ramiro Sosa)\" data-rl_title=\"Casa en El Pinar \/ Biagioni\/Pecorari Arquitectos (\u00a9 Ramiro Sosa)\" class=\"rl-gallery-link\" data-rl_caption=\"Casa en El Pinar \/ Biagioni\/Pecorari Arquitectos (\u00a9 Ramiro Sosa)\" data-rel=\"lightbox-gallery-1\"><img loading=\"lazy\" decoding=\"async\" width=\"150\" height=\"150\" src=\"https:\/\/www.arquimaster.com.ar\/web\/wp-content\/uploads\/2015\/03\/casa_el_pinar12-150x150.jpg\" class=\"attachment-thumbnail size-thumbnail\" alt=\"\" aria-describedby=\"gallery-1-13698\" srcset=\"https:\/\/www.arquimaster.com.ar\/web\/wp-content\/uploads\/2015\/03\/casa_el_pinar12-150x150.jpg 150w, https:\/\/www.arquimaster.com.ar\/web\/wp-content\/uploads\/2015\/03\/casa_el_pinar12-50x50.jpg 50w, https:\/\/www.arquimaster.com.ar\/web\/wp-content\/uploads\/2015\/03\/casa_el_pinar12-125x125.jpg 125w\" sizes=\"auto, (max-width: 150px) 100vw, 150px\" \/><\/a>\n\t\t\t<\/div>\n\t\t\t\t<figcaption class='wp-caption-text gallery-caption' id='gallery-1-13698'>\n\t\t\t\tCasa en El Pinar \/ Biagioni\/Pecorari Arquitectos (\u00a9 Ramiro Sosa)\n\t\t\t\t<\/figcaption><\/figure><figure class='gallery-item'>\n\t\t\t<div class='gallery-icon landscape'>\n\t\t\t\t<a href='https:\/\/www.arquimaster.com.ar\/web\/wp-content\/uploads\/2015\/03\/casa_el_pinar13.jpg' title=\"Casa en El Pinar \/ Biagioni\/Pecorari Arquitectos (\u00a9 Ramiro Sosa)\" data-rl_title=\"Casa en El Pinar \/ Biagioni\/Pecorari Arquitectos (\u00a9 Ramiro Sosa)\" class=\"rl-gallery-link\" data-rl_caption=\"Casa en El Pinar \/ Biagioni\/Pecorari Arquitectos (\u00a9 Ramiro Sosa)\" data-rel=\"lightbox-gallery-1\"><img loading=\"lazy\" decoding=\"async\" width=\"150\" height=\"150\" src=\"https:\/\/www.arquimaster.com.ar\/web\/wp-content\/uploads\/2015\/03\/casa_el_pinar13-150x150.jpg\" class=\"attachment-thumbnail size-thumbnail\" alt=\"\" aria-describedby=\"gallery-1-13699\" srcset=\"https:\/\/www.arquimaster.com.ar\/web\/wp-content\/uploads\/2015\/03\/casa_el_pinar13-150x150.jpg 150w, https:\/\/www.arquimaster.com.ar\/web\/wp-content\/uploads\/2015\/03\/casa_el_pinar13-50x50.jpg 50w, https:\/\/www.arquimaster.com.ar\/web\/wp-content\/uploads\/2015\/03\/casa_el_pinar13-125x125.jpg 125w\" sizes=\"auto, (max-width: 150px) 100vw, 150px\" \/><\/a>\n\t\t\t<\/div>\n\t\t\t\t<figcaption class='wp-caption-text gallery-caption' id='gallery-1-13699'>\n\t\t\t\tCasa en El Pinar \/ Biagioni\/Pecorari Arquitectos (\u00a9 Ramiro Sosa)\n\t\t\t\t<\/figcaption><\/figure><figure class='gallery-item'>\n\t\t\t<div class='gallery-icon portrait'>\n\t\t\t\t<a href='https:\/\/www.arquimaster.com.ar\/web\/wp-content\/uploads\/2015\/03\/casa_el_pinar14.jpg' title=\"Casa en El Pinar \/ Biagioni\/Pecorari Arquitectos (\u00a9 Ramiro Sosa)\" data-rl_title=\"Casa en El Pinar \/ Biagioni\/Pecorari Arquitectos (\u00a9 Ramiro Sosa)\" class=\"rl-gallery-link\" data-rl_caption=\"Casa en El Pinar \/ Biagioni\/Pecorari Arquitectos (\u00a9 Ramiro Sosa)\" data-rel=\"lightbox-gallery-1\"><img loading=\"lazy\" decoding=\"async\" width=\"150\" height=\"150\" src=\"https:\/\/www.arquimaster.com.ar\/web\/wp-content\/uploads\/2015\/03\/casa_el_pinar14-150x150.jpg\" class=\"attachment-thumbnail size-thumbnail\" alt=\"\" aria-describedby=\"gallery-1-13700\" srcset=\"https:\/\/www.arquimaster.com.ar\/web\/wp-content\/uploads\/2015\/03\/casa_el_pinar14-150x150.jpg 150w, https:\/\/www.arquimaster.com.ar\/web\/wp-content\/uploads\/2015\/03\/casa_el_pinar14-50x50.jpg 50w, https:\/\/www.arquimaster.com.ar\/web\/wp-content\/uploads\/2015\/03\/casa_el_pinar14-125x125.jpg 125w\" sizes=\"auto, (max-width: 150px) 100vw, 150px\" \/><\/a>\n\t\t\t<\/div>\n\t\t\t\t<figcaption class='wp-caption-text gallery-caption' id='gallery-1-13700'>\n\t\t\t\tCasa en El Pinar \/ Biagioni\/Pecorari Arquitectos (\u00a9 Ramiro Sosa)\n\t\t\t\t<\/figcaption><\/figure><figure class='gallery-item'>\n\t\t\t<div class='gallery-icon portrait'>\n\t\t\t\t<a href='https:\/\/www.arquimaster.com.ar\/web\/wp-content\/uploads\/2015\/03\/casa_el_pinar15.jpg' title=\"Casa en El Pinar \/ Biagioni\/Pecorari Arquitectos (\u00a9 Ramiro Sosa)\" data-rl_title=\"Casa en El Pinar \/ Biagioni\/Pecorari Arquitectos (\u00a9 Ramiro Sosa)\" class=\"rl-gallery-link\" data-rl_caption=\"Casa en El Pinar \/ Biagioni\/Pecorari Arquitectos (\u00a9 Ramiro Sosa)\" data-rel=\"lightbox-gallery-1\"><img loading=\"lazy\" decoding=\"async\" width=\"150\" height=\"150\" src=\"https:\/\/www.arquimaster.com.ar\/web\/wp-content\/uploads\/2015\/03\/casa_el_pinar15-150x150.jpg\" class=\"attachment-thumbnail size-thumbnail\" alt=\"\" aria-describedby=\"gallery-1-13701\" srcset=\"https:\/\/www.arquimaster.com.ar\/web\/wp-content\/uploads\/2015\/03\/casa_el_pinar15-150x150.jpg 150w, https:\/\/www.arquimaster.com.ar\/web\/wp-content\/uploads\/2015\/03\/casa_el_pinar15-50x50.jpg 50w, https:\/\/www.arquimaster.com.ar\/web\/wp-content\/uploads\/2015\/03\/casa_el_pinar15-125x125.jpg 125w\" sizes=\"auto, (max-width: 150px) 100vw, 150px\" \/><\/a>\n\t\t\t<\/div>\n\t\t\t\t<figcaption class='wp-caption-text gallery-caption' id='gallery-1-13701'>\n\t\t\t\tCasa en El Pinar \/ Biagioni\/Pecorari Arquitectos (\u00a9 Ramiro Sosa)\n\t\t\t\t<\/figcaption><\/figure><figure class='gallery-item'>\n\t\t\t<div class='gallery-icon landscape'>\n\t\t\t\t<a href='https:\/\/www.arquimaster.com.ar\/web\/wp-content\/uploads\/2015\/03\/casa_el_pinar16.jpg' title=\"Casa en El Pinar \/ Biagioni\/Pecorari Arquitectos (\u00a9 Ramiro Sosa)\" data-rl_title=\"Casa en El Pinar \/ Biagioni\/Pecorari Arquitectos (\u00a9 Ramiro Sosa)\" class=\"rl-gallery-link\" data-rl_caption=\"Casa en El Pinar \/ Biagioni\/Pecorari Arquitectos (\u00a9 Ramiro Sosa)\" data-rel=\"lightbox-gallery-1\"><img loading=\"lazy\" decoding=\"async\" width=\"150\" height=\"150\" src=\"https:\/\/www.arquimaster.com.ar\/web\/wp-content\/uploads\/2015\/03\/casa_el_pinar16-150x150.jpg\" class=\"attachment-thumbnail size-thumbnail\" alt=\"\" aria-describedby=\"gallery-1-13702\" srcset=\"https:\/\/www.arquimaster.com.ar\/web\/wp-content\/uploads\/2015\/03\/casa_el_pinar16-150x150.jpg 150w, https:\/\/www.arquimaster.com.ar\/web\/wp-content\/uploads\/2015\/03\/casa_el_pinar16-50x50.jpg 50w, https:\/\/www.arquimaster.com.ar\/web\/wp-content\/uploads\/2015\/03\/casa_el_pinar16-125x125.jpg 125w\" sizes=\"auto, (max-width: 150px) 100vw, 150px\" \/><\/a>\n\t\t\t<\/div>\n\t\t\t\t<figcaption class='wp-caption-text gallery-caption' id='gallery-1-13702'>\n\t\t\t\tCasa en El Pinar \/ Biagioni\/Pecorari Arquitectos (\u00a9 Ramiro Sosa)\n\t\t\t\t<\/figcaption><\/figure><figure class='gallery-item'>\n\t\t\t<div class='gallery-icon landscape'>\n\t\t\t\t<a href='https:\/\/www.arquimaster.com.ar\/web\/wp-content\/uploads\/2015\/03\/casa_el_pinar17.jpg' title=\"Casa en El Pinar \/ Biagioni\/Pecorari Arquitectos (\u00a9 Ramiro Sosa)\" data-rl_title=\"Casa en El Pinar \/ Biagioni\/Pecorari Arquitectos (\u00a9 Ramiro Sosa)\" class=\"rl-gallery-link\" data-rl_caption=\"Casa en El Pinar \/ Biagioni\/Pecorari Arquitectos (\u00a9 Ramiro Sosa)\" data-rel=\"lightbox-gallery-1\"><img loading=\"lazy\" decoding=\"async\" width=\"150\" height=\"150\" src=\"https:\/\/www.arquimaster.com.ar\/web\/wp-content\/uploads\/2015\/03\/casa_el_pinar17-150x150.jpg\" class=\"attachment-thumbnail size-thumbnail\" alt=\"\" aria-describedby=\"gallery-1-13703\" srcset=\"https:\/\/www.arquimaster.com.ar\/web\/wp-content\/uploads\/2015\/03\/casa_el_pinar17-150x150.jpg 150w, https:\/\/www.arquimaster.com.ar\/web\/wp-content\/uploads\/2015\/03\/casa_el_pinar17-50x50.jpg 50w, https:\/\/www.arquimaster.com.ar\/web\/wp-content\/uploads\/2015\/03\/casa_el_pinar17-125x125.jpg 125w\" sizes=\"auto, (max-width: 150px) 100vw, 150px\" \/><\/a>\n\t\t\t<\/div>\n\t\t\t\t<figcaption class='wp-caption-text gallery-caption' id='gallery-1-13703'>\n\t\t\t\tCasa en El Pinar \/ Biagioni\/Pecorari Arquitectos (\u00a9 Ramiro Sosa)\n\t\t\t\t<\/figcaption><\/figure><figure class='gallery-item'>\n\t\t\t<div class='gallery-icon portrait'>\n\t\t\t\t<a href='https:\/\/www.arquimaster.com.ar\/web\/wp-content\/uploads\/2015\/03\/casa_el_pinar18.jpg' title=\"Casa en El Pinar \/ Biagioni\/Pecorari Arquitectos (\u00a9 Ramiro Sosa)\" data-rl_title=\"Casa en El Pinar \/ Biagioni\/Pecorari Arquitectos (\u00a9 Ramiro Sosa)\" class=\"rl-gallery-link\" data-rl_caption=\"Casa en El Pinar \/ Biagioni\/Pecorari Arquitectos (\u00a9 Ramiro Sosa)\" data-rel=\"lightbox-gallery-1\"><img loading=\"lazy\" decoding=\"async\" width=\"150\" height=\"150\" src=\"https:\/\/www.arquimaster.com.ar\/web\/wp-content\/uploads\/2015\/03\/casa_el_pinar18-150x150.jpg\" class=\"attachment-thumbnail size-thumbnail\" alt=\"\" aria-describedby=\"gallery-1-13704\" srcset=\"https:\/\/www.arquimaster.com.ar\/web\/wp-content\/uploads\/2015\/03\/casa_el_pinar18-150x150.jpg 150w, https:\/\/www.arquimaster.com.ar\/web\/wp-content\/uploads\/2015\/03\/casa_el_pinar18-50x50.jpg 50w, https:\/\/www.arquimaster.com.ar\/web\/wp-content\/uploads\/2015\/03\/casa_el_pinar18-125x125.jpg 125w\" sizes=\"auto, (max-width: 150px) 100vw, 150px\" \/><\/a>\n\t\t\t<\/div>\n\t\t\t\t<figcaption class='wp-caption-text gallery-caption' id='gallery-1-13704'>\n\t\t\t\tCasa en El Pinar \/ Biagioni\/Pecorari Arquitectos (\u00a9 Ramiro Sosa)\n\t\t\t\t<\/figcaption><\/figure><figure class='gallery-item'>\n\t\t\t<div class='gallery-icon landscape'>\n\t\t\t\t<a href='https:\/\/www.arquimaster.com.ar\/web\/wp-content\/uploads\/2015\/03\/casa_el_pinar19.jpg' title=\"Casa en El Pinar \/ Biagioni\/Pecorari Arquitectos (\u00a9 Ramiro Sosa)\" data-rl_title=\"Casa en El Pinar \/ Biagioni\/Pecorari Arquitectos (\u00a9 Ramiro Sosa)\" class=\"rl-gallery-link\" data-rl_caption=\"Casa en El Pinar \/ Biagioni\/Pecorari Arquitectos (\u00a9 Ramiro Sosa)\" data-rel=\"lightbox-gallery-1\"><img loading=\"lazy\" decoding=\"async\" width=\"150\" height=\"150\" src=\"https:\/\/www.arquimaster.com.ar\/web\/wp-content\/uploads\/2015\/03\/casa_el_pinar19-150x150.jpg\" class=\"attachment-thumbnail size-thumbnail\" alt=\"\" aria-describedby=\"gallery-1-13705\" srcset=\"https:\/\/www.arquimaster.com.ar\/web\/wp-content\/uploads\/2015\/03\/casa_el_pinar19-150x150.jpg 150w, https:\/\/www.arquimaster.com.ar\/web\/wp-content\/uploads\/2015\/03\/casa_el_pinar19-50x50.jpg 50w, https:\/\/www.arquimaster.com.ar\/web\/wp-content\/uploads\/2015\/03\/casa_el_pinar19-125x125.jpg 125w\" sizes=\"auto, (max-width: 150px) 100vw, 150px\" \/><\/a>\n\t\t\t<\/div>\n\t\t\t\t<figcaption class='wp-caption-text gallery-caption' id='gallery-1-13705'>\n\t\t\t\tCasa en El Pinar \/ Biagioni\/Pecorari Arquitectos (\u00a9 Ramiro Sosa)\n\t\t\t\t<\/figcaption><\/figure><figure class='gallery-item'>\n\t\t\t<div class='gallery-icon landscape'>\n\t\t\t\t<a href='https:\/\/www.arquimaster.com.ar\/web\/wp-content\/uploads\/2015\/03\/casa_el_pinar21.jpg' title=\"Casa en El Pinar \/ Biagioni\/Pecorari Arquitectos (proceso de obra)\" data-rl_title=\"Casa en El Pinar \/ Biagioni\/Pecorari Arquitectos (proceso de obra)\" class=\"rl-gallery-link\" data-rl_caption=\"Casa en El Pinar \/ Biagioni\/Pecorari Arquitectos (proceso de obra)\" data-rel=\"lightbox-gallery-1\"><img loading=\"lazy\" decoding=\"async\" width=\"150\" height=\"150\" src=\"https:\/\/www.arquimaster.com.ar\/web\/wp-content\/uploads\/2015\/03\/casa_el_pinar21-150x150.jpg\" class=\"attachment-thumbnail size-thumbnail\" alt=\"\" aria-describedby=\"gallery-1-13707\" srcset=\"https:\/\/www.arquimaster.com.ar\/web\/wp-content\/uploads\/2015\/03\/casa_el_pinar21-150x150.jpg 150w, https:\/\/www.arquimaster.com.ar\/web\/wp-content\/uploads\/2015\/03\/casa_el_pinar21-50x50.jpg 50w, https:\/\/www.arquimaster.com.ar\/web\/wp-content\/uploads\/2015\/03\/casa_el_pinar21-125x125.jpg 125w\" sizes=\"auto, (max-width: 150px) 100vw, 150px\" \/><\/a>\n\t\t\t<\/div>\n\t\t\t\t<figcaption class='wp-caption-text gallery-caption' id='gallery-1-13707'>\n\t\t\t\tCasa en El Pinar \/ Biagioni\/Pecorari Arquitectos (proceso de obra)\n\t\t\t\t<\/figcaption><\/figure><figure class='gallery-item'>\n\t\t\t<div class='gallery-icon landscape'>\n\t\t\t\t<a href='https:\/\/www.arquimaster.com.ar\/web\/wp-content\/uploads\/2015\/03\/casa_el_pinar22.jpg' title=\"Casa en El Pinar \/ Biagioni\/Pecorari Arquitectos (estado anterior)\" data-rl_title=\"Casa en El Pinar \/ Biagioni\/Pecorari Arquitectos (estado anterior)\" class=\"rl-gallery-link\" data-rl_caption=\"Casa en El Pinar \/ Biagioni\/Pecorari Arquitectos (estado anterior)\" data-rel=\"lightbox-gallery-1\"><img loading=\"lazy\" decoding=\"async\" width=\"150\" height=\"150\" src=\"https:\/\/www.arquimaster.com.ar\/web\/wp-content\/uploads\/2015\/03\/casa_el_pinar22-150x150.jpg\" class=\"attachment-thumbnail size-thumbnail\" alt=\"\" aria-describedby=\"gallery-1-13708\" srcset=\"https:\/\/www.arquimaster.com.ar\/web\/wp-content\/uploads\/2015\/03\/casa_el_pinar22-150x150.jpg 150w, https:\/\/www.arquimaster.com.ar\/web\/wp-content\/uploads\/2015\/03\/casa_el_pinar22-50x50.jpg 50w, https:\/\/www.arquimaster.com.ar\/web\/wp-content\/uploads\/2015\/03\/casa_el_pinar22-125x125.jpg 125w\" sizes=\"auto, (max-width: 150px) 100vw, 150px\" \/><\/a>\n\t\t\t<\/div>\n\t\t\t\t<figcaption class='wp-caption-text gallery-caption' id='gallery-1-13708'>\n\t\t\t\tCasa en El Pinar \/ Biagioni\/Pecorari Arquitectos (estado anterior)\n\t\t\t\t<\/figcaption><\/figure><figure class='gallery-item'>\n\t\t\t<div class='gallery-icon landscape'>\n\t\t\t\t<a href='https:\/\/www.arquimaster.com.ar\/web\/wp-content\/uploads\/2015\/03\/casa_el_pinar23.jpg' title=\"Casa en El Pinar \/ Biagioni\/Pecorari Arquitectos (esquema)\" data-rl_title=\"Casa en El Pinar \/ Biagioni\/Pecorari Arquitectos (esquema)\" class=\"rl-gallery-link\" data-rl_caption=\"Casa en El Pinar \/ Biagioni\/Pecorari Arquitectos (esquema)\" data-rel=\"lightbox-gallery-1\"><img loading=\"lazy\" decoding=\"async\" width=\"150\" height=\"150\" src=\"https:\/\/www.arquimaster.com.ar\/web\/wp-content\/uploads\/2015\/03\/casa_el_pinar23-150x150.jpg\" class=\"attachment-thumbnail size-thumbnail\" alt=\"\" aria-describedby=\"gallery-1-13709\" srcset=\"https:\/\/www.arquimaster.com.ar\/web\/wp-content\/uploads\/2015\/03\/casa_el_pinar23-150x150.jpg 150w, https:\/\/www.arquimaster.com.ar\/web\/wp-content\/uploads\/2015\/03\/casa_el_pinar23-50x50.jpg 50w, https:\/\/www.arquimaster.com.ar\/web\/wp-content\/uploads\/2015\/03\/casa_el_pinar23-125x125.jpg 125w\" sizes=\"auto, (max-width: 150px) 100vw, 150px\" \/><\/a>\n\t\t\t<\/div>\n\t\t\t\t<figcaption class='wp-caption-text gallery-caption' id='gallery-1-13709'>\n\t\t\t\tCasa en El Pinar \/ Biagioni\/Pecorari Arquitectos (esquema)\n\t\t\t\t<\/figcaption><\/figure><figure class='gallery-item'>\n\t\t\t<div class='gallery-icon portrait'>\n\t\t\t\t<a href='https:\/\/www.arquimaster.com.ar\/web\/wp-content\/uploads\/2015\/03\/casa_el_pinar24.jpg' title=\"Casa en El Pinar \/ Biagioni\/Pecorari Arquitectos (planta baja)\" data-rl_title=\"Casa en El Pinar \/ Biagioni\/Pecorari Arquitectos (planta baja)\" class=\"rl-gallery-link\" data-rl_caption=\"Casa en El Pinar \/ Biagioni\/Pecorari Arquitectos (planta baja)\" data-rel=\"lightbox-gallery-1\"><img loading=\"lazy\" decoding=\"async\" width=\"150\" height=\"150\" src=\"https:\/\/www.arquimaster.com.ar\/web\/wp-content\/uploads\/2015\/03\/casa_el_pinar24-150x150.jpg\" class=\"attachment-thumbnail size-thumbnail\" alt=\"\" aria-describedby=\"gallery-1-13710\" srcset=\"https:\/\/www.arquimaster.com.ar\/web\/wp-content\/uploads\/2015\/03\/casa_el_pinar24-150x150.jpg 150w, https:\/\/www.arquimaster.com.ar\/web\/wp-content\/uploads\/2015\/03\/casa_el_pinar24-50x50.jpg 50w, https:\/\/www.arquimaster.com.ar\/web\/wp-content\/uploads\/2015\/03\/casa_el_pinar24-125x125.jpg 125w\" sizes=\"auto, (max-width: 150px) 100vw, 150px\" \/><\/a>\n\t\t\t<\/div>\n\t\t\t\t<figcaption class='wp-caption-text gallery-caption' id='gallery-1-13710'>\n\t\t\t\tCasa en El Pinar \/ Biagioni\/Pecorari Arquitectos (planta baja)\n\t\t\t\t<\/figcaption><\/figure><figure class='gallery-item'>\n\t\t\t<div class='gallery-icon portrait'>\n\t\t\t\t<a href='https:\/\/www.arquimaster.com.ar\/web\/wp-content\/uploads\/2015\/03\/casa_el_pinar25.jpg' title=\"Casa en El Pinar \/ Biagioni\/Pecorari Arquitectos (planta de techos)\" data-rl_title=\"Casa en El Pinar \/ Biagioni\/Pecorari Arquitectos (planta de techos)\" class=\"rl-gallery-link\" data-rl_caption=\"Casa en El Pinar \/ Biagioni\/Pecorari Arquitectos (planta de techos)\" data-rel=\"lightbox-gallery-1\"><img loading=\"lazy\" decoding=\"async\" width=\"150\" height=\"150\" src=\"https:\/\/www.arquimaster.com.ar\/web\/wp-content\/uploads\/2015\/03\/casa_el_pinar25-150x150.jpg\" class=\"attachment-thumbnail size-thumbnail\" alt=\"\" aria-describedby=\"gallery-1-13711\" srcset=\"https:\/\/www.arquimaster.com.ar\/web\/wp-content\/uploads\/2015\/03\/casa_el_pinar25-150x150.jpg 150w, https:\/\/www.arquimaster.com.ar\/web\/wp-content\/uploads\/2015\/03\/casa_el_pinar25-50x50.jpg 50w, https:\/\/www.arquimaster.com.ar\/web\/wp-content\/uploads\/2015\/03\/casa_el_pinar25-125x125.jpg 125w\" sizes=\"auto, (max-width: 150px) 100vw, 150px\" \/><\/a>\n\t\t\t<\/div>\n\t\t\t\t<figcaption class='wp-caption-text gallery-caption' id='gallery-1-13711'>\n\t\t\t\tCasa en El Pinar \/ Biagioni\/Pecorari Arquitectos (planta de techos)\n\t\t\t\t<\/figcaption><\/figure><figure class='gallery-item'>\n\t\t\t<div class='gallery-icon landscape'>\n\t\t\t\t<a href='https:\/\/www.arquimaster.com.ar\/web\/wp-content\/uploads\/2015\/03\/casa_el_pinar26.jpg' title=\"Casa en El Pinar \/ Biagioni\/Pecorari Arquitectos (corte A-A)\" data-rl_title=\"Casa en El Pinar \/ Biagioni\/Pecorari Arquitectos (corte A-A)\" class=\"rl-gallery-link\" data-rl_caption=\"Casa en El Pinar \/ Biagioni\/Pecorari Arquitectos (corte A-A)\" data-rel=\"lightbox-gallery-1\"><img loading=\"lazy\" decoding=\"async\" width=\"150\" height=\"150\" src=\"https:\/\/www.arquimaster.com.ar\/web\/wp-content\/uploads\/2015\/03\/casa_el_pinar26-150x150.jpg\" class=\"attachment-thumbnail size-thumbnail\" alt=\"\" aria-describedby=\"gallery-1-13712\" srcset=\"https:\/\/www.arquimaster.com.ar\/web\/wp-content\/uploads\/2015\/03\/casa_el_pinar26-150x150.jpg 150w, https:\/\/www.arquimaster.com.ar\/web\/wp-content\/uploads\/2015\/03\/casa_el_pinar26-50x50.jpg 50w, https:\/\/www.arquimaster.com.ar\/web\/wp-content\/uploads\/2015\/03\/casa_el_pinar26-125x125.jpg 125w\" sizes=\"auto, (max-width: 150px) 100vw, 150px\" \/><\/a>\n\t\t\t<\/div>\n\t\t\t\t<figcaption class='wp-caption-text gallery-caption' id='gallery-1-13712'>\n\t\t\t\tCasa en El Pinar \/ Biagioni\/Pecorari Arquitectos (corte A-A)\n\t\t\t\t<\/figcaption><\/figure><figure class='gallery-item'>\n\t\t\t<div class='gallery-icon landscape'>\n\t\t\t\t<a href='https:\/\/www.arquimaster.com.ar\/web\/wp-content\/uploads\/2015\/03\/casa_el_pinar27.jpg' title=\"Casa en El Pinar \/ Biagioni\/Pecorari Arquitectos (corte B-B)\" data-rl_title=\"Casa en El Pinar \/ Biagioni\/Pecorari Arquitectos (corte B-B)\" class=\"rl-gallery-link\" data-rl_caption=\"Casa en El Pinar \/ Biagioni\/Pecorari Arquitectos (corte B-B)\" data-rel=\"lightbox-gallery-1\"><img loading=\"lazy\" decoding=\"async\" width=\"150\" height=\"150\" src=\"https:\/\/www.arquimaster.com.ar\/web\/wp-content\/uploads\/2015\/03\/casa_el_pinar27-150x150.jpg\" class=\"attachment-thumbnail size-thumbnail\" alt=\"\" aria-describedby=\"gallery-1-13713\" srcset=\"https:\/\/www.arquimaster.com.ar\/web\/wp-content\/uploads\/2015\/03\/casa_el_pinar27-150x150.jpg 150w, https:\/\/www.arquimaster.com.ar\/web\/wp-content\/uploads\/2015\/03\/casa_el_pinar27-50x50.jpg 50w, https:\/\/www.arquimaster.com.ar\/web\/wp-content\/uploads\/2015\/03\/casa_el_pinar27-125x125.jpg 125w\" sizes=\"auto, (max-width: 150px) 100vw, 150px\" \/><\/a>\n\t\t\t<\/div>\n\t\t\t\t<figcaption class='wp-caption-text gallery-caption' id='gallery-1-13713'>\n\t\t\t\tCasa en El Pinar \/ Biagioni\/Pecorari Arquitectos (corte B-B)\n\t\t\t\t<\/figcaption><\/figure><figure class='gallery-item'>\n\t\t\t<div class='gallery-icon landscape'>\n\t\t\t\t<a href='https:\/\/www.arquimaster.com.ar\/web\/wp-content\/uploads\/2015\/03\/casa_el_pinar28.jpg' title=\"Casa en El Pinar \/ Biagioni\/Pecorari Arquitectos (corte C-C)\" data-rl_title=\"Casa en El Pinar \/ Biagioni\/Pecorari Arquitectos (corte C-C)\" class=\"rl-gallery-link\" data-rl_caption=\"Casa en El Pinar \/ Biagioni\/Pecorari Arquitectos (corte C-C)\" data-rel=\"lightbox-gallery-1\"><img loading=\"lazy\" decoding=\"async\" width=\"150\" height=\"150\" src=\"https:\/\/www.arquimaster.com.ar\/web\/wp-content\/uploads\/2015\/03\/casa_el_pinar28-150x150.jpg\" class=\"attachment-thumbnail size-thumbnail\" alt=\"\" aria-describedby=\"gallery-1-13714\" srcset=\"https:\/\/www.arquimaster.com.ar\/web\/wp-content\/uploads\/2015\/03\/casa_el_pinar28-150x150.jpg 150w, https:\/\/www.arquimaster.com.ar\/web\/wp-content\/uploads\/2015\/03\/casa_el_pinar28-50x50.jpg 50w, https:\/\/www.arquimaster.com.ar\/web\/wp-content\/uploads\/2015\/03\/casa_el_pinar28-125x125.jpg 125w\" sizes=\"auto, (max-width: 150px) 100vw, 150px\" \/><\/a>\n\t\t\t<\/div>\n\t\t\t\t<figcaption class='wp-caption-text gallery-caption' id='gallery-1-13714'>\n\t\t\t\tCasa en El Pinar \/ Biagioni\/Pecorari Arquitectos (corte C-C)\n\t\t\t\t<\/figcaption><\/figure><figure class='gallery-item'>\n\t\t\t<div class='gallery-icon landscape'>\n\t\t\t\t<a href='https:\/\/www.arquimaster.com.ar\/web\/wp-content\/uploads\/2015\/03\/casa_el_pinar29.jpg' title=\"Casa en El Pinar \/ Biagioni\/Pecorari Arquitectos (corte D-D)\" data-rl_title=\"Casa en El Pinar \/ Biagioni\/Pecorari Arquitectos (corte D-D)\" class=\"rl-gallery-link\" data-rl_caption=\"Casa en El Pinar \/ Biagioni\/Pecorari Arquitectos (corte D-D)\" data-rel=\"lightbox-gallery-1\"><img loading=\"lazy\" decoding=\"async\" width=\"150\" height=\"150\" src=\"https:\/\/www.arquimaster.com.ar\/web\/wp-content\/uploads\/2015\/03\/casa_el_pinar29-150x150.jpg\" class=\"attachment-thumbnail size-thumbnail\" alt=\"\" aria-describedby=\"gallery-1-13715\" srcset=\"https:\/\/www.arquimaster.com.ar\/web\/wp-content\/uploads\/2015\/03\/casa_el_pinar29-150x150.jpg 150w, https:\/\/www.arquimaster.com.ar\/web\/wp-content\/uploads\/2015\/03\/casa_el_pinar29-50x50.jpg 50w, https:\/\/www.arquimaster.com.ar\/web\/wp-content\/uploads\/2015\/03\/casa_el_pinar29-125x125.jpg 125w\" sizes=\"auto, (max-width: 150px) 100vw, 150px\" \/><\/a>\n\t\t\t<\/div>\n\t\t\t\t<figcaption class='wp-caption-text gallery-caption' id='gallery-1-13715'>\n\t\t\t\tCasa en El Pinar \/ Biagioni\/Pecorari Arquitectos (corte D-D)\n\t\t\t\t<\/figcaption><\/figure><figure class='gallery-item'>\n\t\t\t<div class='gallery-icon landscape'>\n\t\t\t\t<a href='https:\/\/www.arquimaster.com.ar\/web\/wp-content\/uploads\/2015\/03\/casa_el_pinar30.jpg' title=\"Casa en El Pinar \/ Biagioni\/Pecorari Arquitectos (vista sur)\" data-rl_title=\"Casa en El Pinar \/ Biagioni\/Pecorari Arquitectos (vista sur)\" class=\"rl-gallery-link\" data-rl_caption=\"Casa en El Pinar \/ Biagioni\/Pecorari Arquitectos (vista sur)\" data-rel=\"lightbox-gallery-1\"><img loading=\"lazy\" decoding=\"async\" width=\"150\" height=\"150\" src=\"https:\/\/www.arquimaster.com.ar\/web\/wp-content\/uploads\/2015\/03\/casa_el_pinar30-150x150.jpg\" class=\"attachment-thumbnail size-thumbnail\" alt=\"\" aria-describedby=\"gallery-1-13716\" srcset=\"https:\/\/www.arquimaster.com.ar\/web\/wp-content\/uploads\/2015\/03\/casa_el_pinar30-150x150.jpg 150w, https:\/\/www.arquimaster.com.ar\/web\/wp-content\/uploads\/2015\/03\/casa_el_pinar30-50x50.jpg 50w, https:\/\/www.arquimaster.com.ar\/web\/wp-content\/uploads\/2015\/03\/casa_el_pinar30-125x125.jpg 125w\" sizes=\"auto, (max-width: 150px) 100vw, 150px\" \/><\/a>\n\t\t\t<\/div>\n\t\t\t\t<figcaption class='wp-caption-text gallery-caption' id='gallery-1-13716'>\n\t\t\t\tCasa en El Pinar \/ Biagioni\/Pecorari Arquitectos (vista sur)\n\t\t\t\t<\/figcaption><\/figure><figure class='gallery-item'>\n\t\t\t<div class='gallery-icon landscape'>\n\t\t\t\t<a href='https:\/\/www.arquimaster.com.ar\/web\/wp-content\/uploads\/2015\/03\/casa_el_pinar31.jpg' title=\"Casa en El Pinar \/ Biagioni\/Pecorari Arquitectos (vista norte)\" data-rl_title=\"Casa en El Pinar \/ Biagioni\/Pecorari Arquitectos (vista norte)\" class=\"rl-gallery-link\" data-rl_caption=\"Casa en El Pinar \/ Biagioni\/Pecorari Arquitectos (vista norte)\" data-rel=\"lightbox-gallery-1\"><img loading=\"lazy\" decoding=\"async\" width=\"150\" height=\"150\" src=\"https:\/\/www.arquimaster.com.ar\/web\/wp-content\/uploads\/2015\/03\/casa_el_pinar31-150x150.jpg\" class=\"attachment-thumbnail size-thumbnail\" alt=\"\" aria-describedby=\"gallery-1-13717\" srcset=\"https:\/\/www.arquimaster.com.ar\/web\/wp-content\/uploads\/2015\/03\/casa_el_pinar31-150x150.jpg 150w, https:\/\/www.arquimaster.com.ar\/web\/wp-content\/uploads\/2015\/03\/casa_el_pinar31-50x50.jpg 50w, https:\/\/www.arquimaster.com.ar\/web\/wp-content\/uploads\/2015\/03\/casa_el_pinar31-125x125.jpg 125w\" sizes=\"auto, (max-width: 150px) 100vw, 150px\" \/><\/a>\n\t\t\t<\/div>\n\t\t\t\t<figcaption class='wp-caption-text gallery-caption' id='gallery-1-13717'>\n\t\t\t\tCasa en El Pinar \/ Biagioni\/Pecorari Arquitectos (vista norte)\n\t\t\t\t<\/figcaption><\/figure>\n\t\t<\/div>\n\n<p>La calle pasante entre los dos cuerpos este y oeste funciona como cochera, hall de ingreso y n\u00facleo circulatorio central que vincula y organiza las partes del conjunto.<\/p>\n<p>Se refuerza el esquema bi-nuclear construyendo en el bloque este un dep\u00f3sito y una torre-tanque que hace de contrapunto a la horizontalidad de la casa.<\/p>\n<p><strong>Ficha tecnica<\/strong><br \/>\nNombre: Casa en El Pinar<br \/>\nUbicaci\u00f3n: Santa Fe, Argentina<br \/>\nProyecto y Direcci\u00f3n de Obra: Arq. Gabriel Biagioni, Arq. Sergio Pecorari<br \/>\nColaboradores: Arq. Ma. Virginia Aranda, Ramiro Sosa, Arq. Sabrina Perissinotto, Arq. Florencia Brizuela<br \/>\nC\u00e1lculo Estructural: Ing. Gustavo Perini<br \/>\nTipo: Vivienda Unifamiliar<br \/>\nSuperficie cubierta: 136 m2<br \/>\nA\u00f1o: 2013-2014<br \/>\nFotograf\u00edas: Ramiro Sosa<\/p>\n<p><strong>Contacto:<\/strong> <a title=\"Biagioni\/Pecorari Arquitectos\" href=\"http:\/\/www.biagionipecorari.com.ar\" target=\"_blank\">http:\/\/www.biagionipecorari.com.ar<\/a><\/p>\n<p>&nbsp;<\/p>\n<p><em><strong>English version<\/strong><\/em><\/p>\n<p><em>For a single-storey suburban existing house, we proposed a refurbishment and addition that includes an extra bedroom, a new bathroom and the growth of the kitchen-dining-living room connected to the backyard through a gallery, accompanied by a beam-gutter projecting to the end of the plot passing over the pool.<\/em><\/p>\n<p><em>Between the two blocks, a passing open entrance hall is used as a garage binding and organizing the different parts of the whole. This he bi-nuclear scheme is reinforced with a brick water tower built on the east block as a counterpart to the horizontality of the house.<\/em><\/p>\n\n<div style=\"font-size: 0px; height: 0px; line-height: 0px; margin: 0; padding: 0; clear: both;\"><\/div><div style=\"margin-top: 0px; margin-bottom: 0px;\" class=\"sharethis-inline-share-buttons\" ><\/div>","protected":false},"excerpt":{"rendered":"<p>Una viga-canaleta se proyecta hasta el fondo del terreno pasando por encima de la piscina&#8230;<\/p>\n","protected":false},"author":1,"featured_media":13686,"comment_status":"closed","ping_status":"closed","sticky":false,"template":"","format":"standard","meta":{"_uag_custom_page_level_css":"","footnotes":""},"categories":[1,83],"tags":[681,3200,3201,29,3202,254],"class_list":["post-13685","post","type-post","status-publish","format-standard","has-post-thumbnail","hentry","category-proyecto","category-vivienda-unifamiliar","tag-ampliacion","tag-biagionipecorari-arquitectos","tag-gabriel-biagioni","tag-santa-fe","tag-sergio-pecorari","tag-vivienda-unifamiliar-2","generate-columns","tablet-grid-50","mobile-grid-100","grid-parent","grid-50"],"yoast_head":"<!-- This site is optimized with the Yoast SEO plugin v27.3 - https:\/\/yoast.com\/product\/yoast-seo-wordpress\/ -->\n<title>Casa en El Pinar \/ Biagioni\/Pecorari Arquitectos - Arquimaster<\/title>\n<meta name=\"robots\" content=\"index, follow, max-snippet:-1, max-image-preview:large, max-video-preview:-1\" \/>\n<link rel=\"canonical\" href=\"https:\/\/www.arquimaster.com.ar\/web\/casa-en-el-pinar-biagionipecorari-arquitectos\/\" \/>\n<meta property=\"og:locale\" content=\"es_ES\" \/>\n<meta property=\"og:type\" content=\"article\" \/>\n<meta property=\"og:title\" content=\"Casa en El Pinar \/ Biagioni\/Pecorari Arquitectos - Arquimaster\" \/>\n<meta property=\"og:description\" content=\"Una viga-canaleta se proyecta hasta el fondo del terreno pasando por encima de la piscina...\" \/>\n<meta property=\"og:url\" content=\"https:\/\/www.arquimaster.com.ar\/web\/casa-en-el-pinar-biagionipecorari-arquitectos\/\" \/>\n<meta property=\"og:site_name\" content=\"Arquimaster\" \/>\n<meta property=\"article:publisher\" content=\"http:\/\/www.facebook.com\/ARQUIMASTER.com.ar\" \/>\n<meta property=\"article:published_time\" content=\"2015-03-22T23:30:53+00:00\" \/>\n<meta property=\"og:image\" content=\"https:\/\/www.arquimaster.com.ar\/web\/wp-content\/uploads\/2015\/03\/casa_el_pinar_slide.jpg\" \/>\n\t<meta property=\"og:image:width\" content=\"642\" \/>\n\t<meta property=\"og:image:height\" content=\"336\" \/>\n\t<meta property=\"og:image:type\" content=\"image\/jpeg\" \/>\n<meta name=\"author\" content=\"Arquimaster\" \/>\n<meta name=\"twitter:card\" content=\"summary_large_image\" \/>\n<meta name=\"twitter:creator\" content=\"@arquimaster\" \/>\n<meta name=\"twitter:site\" content=\"@arquimaster\" \/>\n<meta name=\"twitter:label1\" content=\"Escrito por\" \/>\n\t<meta name=\"twitter:data1\" content=\"Arquimaster\" \/>\n\t<meta name=\"twitter:label2\" content=\"Tiempo de lectura\" \/>\n\t<meta name=\"twitter:data2\" content=\"1 minuto\" \/>\n<script type=\"application\/ld+json\" class=\"yoast-schema-graph\">{\"@context\":\"https:\\\/\\\/schema.org\",\"@graph\":[{\"@type\":\"Article\",\"@id\":\"https:\\\/\\\/www.arquimaster.com.ar\\\/web\\\/casa-en-el-pinar-biagionipecorari-arquitectos\\\/#article\",\"isPartOf\":{\"@id\":\"https:\\\/\\\/www.arquimaster.com.ar\\\/web\\\/casa-en-el-pinar-biagionipecorari-arquitectos\\\/\"},\"author\":{\"name\":\"Arquimaster\",\"@id\":\"https:\\\/\\\/www.arquimaster.com.ar\\\/web\\\/#\\\/schema\\\/person\\\/359e9f7c00193fcde068e0dd2ceb0028\"},\"headline\":\"Casa en El Pinar \\\/ Biagioni\\\/Pecorari Arquitectos\",\"datePublished\":\"2015-03-22T23:30:53+00:00\",\"mainEntityOfPage\":{\"@id\":\"https:\\\/\\\/www.arquimaster.com.ar\\\/web\\\/casa-en-el-pinar-biagionipecorari-arquitectos\\\/\"},\"wordCount\":301,\"publisher\":{\"@id\":\"https:\\\/\\\/www.arquimaster.com.ar\\\/web\\\/#organization\"},\"image\":{\"@id\":\"https:\\\/\\\/www.arquimaster.com.ar\\\/web\\\/casa-en-el-pinar-biagionipecorari-arquitectos\\\/#primaryimage\"},\"thumbnailUrl\":\"https:\\\/\\\/www.arquimaster.com.ar\\\/web\\\/wp-content\\\/uploads\\\/2015\\\/03\\\/casa_el_pinar_slide.jpg\",\"keywords\":[\"ampliaci\u00f3n\",\"Biagioni\\\/Pecorari Arquitectos\",\"Gabriel Biagioni\",\"Santa Fe\",\"Sergio Pecorari\",\"vivienda unifamiliar\"],\"articleSection\":[\"Proyecto\",\"Vivienda unifamiliar y PH\"],\"inLanguage\":\"es\"},{\"@type\":\"WebPage\",\"@id\":\"https:\\\/\\\/www.arquimaster.com.ar\\\/web\\\/casa-en-el-pinar-biagionipecorari-arquitectos\\\/\",\"url\":\"https:\\\/\\\/www.arquimaster.com.ar\\\/web\\\/casa-en-el-pinar-biagionipecorari-arquitectos\\\/\",\"name\":\"Casa en El Pinar \\\/ Biagioni\\\/Pecorari Arquitectos - Arquimaster\",\"isPartOf\":{\"@id\":\"https:\\\/\\\/www.arquimaster.com.ar\\\/web\\\/#website\"},\"primaryImageOfPage\":{\"@id\":\"https:\\\/\\\/www.arquimaster.com.ar\\\/web\\\/casa-en-el-pinar-biagionipecorari-arquitectos\\\/#primaryimage\"},\"image\":{\"@id\":\"https:\\\/\\\/www.arquimaster.com.ar\\\/web\\\/casa-en-el-pinar-biagionipecorari-arquitectos\\\/#primaryimage\"},\"thumbnailUrl\":\"https:\\\/\\\/www.arquimaster.com.ar\\\/web\\\/wp-content\\\/uploads\\\/2015\\\/03\\\/casa_el_pinar_slide.jpg\",\"datePublished\":\"2015-03-22T23:30:53+00:00\",\"breadcrumb\":{\"@id\":\"https:\\\/\\\/www.arquimaster.com.ar\\\/web\\\/casa-en-el-pinar-biagionipecorari-arquitectos\\\/#breadcrumb\"},\"inLanguage\":\"es\",\"potentialAction\":[{\"@type\":\"ReadAction\",\"target\":[\"https:\\\/\\\/www.arquimaster.com.ar\\\/web\\\/casa-en-el-pinar-biagionipecorari-arquitectos\\\/\"]}]},{\"@type\":\"ImageObject\",\"inLanguage\":\"es\",\"@id\":\"https:\\\/\\\/www.arquimaster.com.ar\\\/web\\\/casa-en-el-pinar-biagionipecorari-arquitectos\\\/#primaryimage\",\"url\":\"https:\\\/\\\/www.arquimaster.com.ar\\\/web\\\/wp-content\\\/uploads\\\/2015\\\/03\\\/casa_el_pinar_slide.jpg\",\"contentUrl\":\"https:\\\/\\\/www.arquimaster.com.ar\\\/web\\\/wp-content\\\/uploads\\\/2015\\\/03\\\/casa_el_pinar_slide.jpg\",\"width\":642,\"height\":336},{\"@type\":\"BreadcrumbList\",\"@id\":\"https:\\\/\\\/www.arquimaster.com.ar\\\/web\\\/casa-en-el-pinar-biagionipecorari-arquitectos\\\/#breadcrumb\",\"itemListElement\":[{\"@type\":\"ListItem\",\"position\":1,\"name\":\"Portada\",\"item\":\"https:\\\/\\\/www.arquimaster.com.ar\\\/web\\\/\"},{\"@type\":\"ListItem\",\"position\":2,\"name\":\"Casa en El Pinar \\\/ Biagioni\\\/Pecorari Arquitectos\"}]},{\"@type\":\"WebSite\",\"@id\":\"https:\\\/\\\/www.arquimaster.com.ar\\\/web\\\/#website\",\"url\":\"https:\\\/\\\/www.arquimaster.com.ar\\\/web\\\/\",\"name\":\"Arquimaster\",\"description\":\"Web de arquitectura, dise\u00f1o y construccion\",\"publisher\":{\"@id\":\"https:\\\/\\\/www.arquimaster.com.ar\\\/web\\\/#organization\"},\"potentialAction\":[{\"@type\":\"SearchAction\",\"target\":{\"@type\":\"EntryPoint\",\"urlTemplate\":\"https:\\\/\\\/www.arquimaster.com.ar\\\/web\\\/?s={search_term_string}\"},\"query-input\":{\"@type\":\"PropertyValueSpecification\",\"valueRequired\":true,\"valueName\":\"search_term_string\"}}],\"inLanguage\":\"es\"},{\"@type\":\"Organization\",\"@id\":\"https:\\\/\\\/www.arquimaster.com.ar\\\/web\\\/#organization\",\"name\":\"Arquimaster\",\"url\":\"https:\\\/\\\/www.arquimaster.com.ar\\\/web\\\/\",\"logo\":{\"@type\":\"ImageObject\",\"inLanguage\":\"es\",\"@id\":\"https:\\\/\\\/www.arquimaster.com.ar\\\/web\\\/#\\\/schema\\\/logo\\\/image\\\/\",\"url\":\"https:\\\/\\\/www.arquimaster.com.ar\\\/web\\\/wp-content\\\/uploads\\\/2022\\\/06\\\/arquimaster.png\",\"contentUrl\":\"https:\\\/\\\/www.arquimaster.com.ar\\\/web\\\/wp-content\\\/uploads\\\/2022\\\/06\\\/arquimaster.png\",\"width\":594,\"height\":78,\"caption\":\"Arquimaster\"},\"image\":{\"@id\":\"https:\\\/\\\/www.arquimaster.com.ar\\\/web\\\/#\\\/schema\\\/logo\\\/image\\\/\"},\"sameAs\":[\"http:\\\/\\\/www.facebook.com\\\/ARQUIMASTER.com.ar\",\"https:\\\/\\\/x.com\\\/arquimaster\",\"https:\\\/\\\/www.instagram.com\\\/arquimasterblog\\\/\",\"https:\\\/\\\/www.linkedin.com\\\/company\\\/arquimaster\",\"https:\\\/\\\/www.pinterest.com\\\/arquimaster\",\"https:\\\/\\\/t.me\\\/arquimaster\"]},{\"@type\":\"Person\",\"@id\":\"https:\\\/\\\/www.arquimaster.com.ar\\\/web\\\/#\\\/schema\\\/person\\\/359e9f7c00193fcde068e0dd2ceb0028\",\"name\":\"Arquimaster\"}]}<\/script>\n<!-- \/ Yoast SEO plugin. -->","yoast_head_json":{"title":"Casa en El Pinar \/ Biagioni\/Pecorari Arquitectos - Arquimaster","robots":{"index":"index","follow":"follow","max-snippet":"max-snippet:-1","max-image-preview":"max-image-preview:large","max-video-preview":"max-video-preview:-1"},"canonical":"https:\/\/www.arquimaster.com.ar\/web\/casa-en-el-pinar-biagionipecorari-arquitectos\/","og_locale":"es_ES","og_type":"article","og_title":"Casa en El Pinar \/ Biagioni\/Pecorari Arquitectos - Arquimaster","og_description":"Una viga-canaleta se proyecta hasta el fondo del terreno pasando por encima de la piscina...","og_url":"https:\/\/www.arquimaster.com.ar\/web\/casa-en-el-pinar-biagionipecorari-arquitectos\/","og_site_name":"Arquimaster","article_publisher":"http:\/\/www.facebook.com\/ARQUIMASTER.com.ar","article_published_time":"2015-03-22T23:30:53+00:00","og_image":[{"width":642,"height":336,"url":"https:\/\/www.arquimaster.com.ar\/web\/wp-content\/uploads\/2015\/03\/casa_el_pinar_slide.jpg","type":"image\/jpeg"}],"author":"Arquimaster","twitter_card":"summary_large_image","twitter_creator":"@arquimaster","twitter_site":"@arquimaster","twitter_misc":{"Escrito por":"Arquimaster","Tiempo de lectura":"1 minuto"},"schema":{"@context":"https:\/\/schema.org","@graph":[{"@type":"Article","@id":"https:\/\/www.arquimaster.com.ar\/web\/casa-en-el-pinar-biagionipecorari-arquitectos\/#article","isPartOf":{"@id":"https:\/\/www.arquimaster.com.ar\/web\/casa-en-el-pinar-biagionipecorari-arquitectos\/"},"author":{"name":"Arquimaster","@id":"https:\/\/www.arquimaster.com.ar\/web\/#\/schema\/person\/359e9f7c00193fcde068e0dd2ceb0028"},"headline":"Casa en El Pinar \/ Biagioni\/Pecorari Arquitectos","datePublished":"2015-03-22T23:30:53+00:00","mainEntityOfPage":{"@id":"https:\/\/www.arquimaster.com.ar\/web\/casa-en-el-pinar-biagionipecorari-arquitectos\/"},"wordCount":301,"publisher":{"@id":"https:\/\/www.arquimaster.com.ar\/web\/#organization"},"image":{"@id":"https:\/\/www.arquimaster.com.ar\/web\/casa-en-el-pinar-biagionipecorari-arquitectos\/#primaryimage"},"thumbnailUrl":"https:\/\/www.arquimaster.com.ar\/web\/wp-content\/uploads\/2015\/03\/casa_el_pinar_slide.jpg","keywords":["ampliaci\u00f3n","Biagioni\/Pecorari Arquitectos","Gabriel Biagioni","Santa Fe","Sergio Pecorari","vivienda unifamiliar"],"articleSection":["Proyecto","Vivienda unifamiliar y PH"],"inLanguage":"es"},{"@type":"WebPage","@id":"https:\/\/www.arquimaster.com.ar\/web\/casa-en-el-pinar-biagionipecorari-arquitectos\/","url":"https:\/\/www.arquimaster.com.ar\/web\/casa-en-el-pinar-biagionipecorari-arquitectos\/","name":"Casa en El Pinar \/ Biagioni\/Pecorari Arquitectos - Arquimaster","isPartOf":{"@id":"https:\/\/www.arquimaster.com.ar\/web\/#website"},"primaryImageOfPage":{"@id":"https:\/\/www.arquimaster.com.ar\/web\/casa-en-el-pinar-biagionipecorari-arquitectos\/#primaryimage"},"image":{"@id":"https:\/\/www.arquimaster.com.ar\/web\/casa-en-el-pinar-biagionipecorari-arquitectos\/#primaryimage"},"thumbnailUrl":"https:\/\/www.arquimaster.com.ar\/web\/wp-content\/uploads\/2015\/03\/casa_el_pinar_slide.jpg","datePublished":"2015-03-22T23:30:53+00:00","breadcrumb":{"@id":"https:\/\/www.arquimaster.com.ar\/web\/casa-en-el-pinar-biagionipecorari-arquitectos\/#breadcrumb"},"inLanguage":"es","potentialAction":[{"@type":"ReadAction","target":["https:\/\/www.arquimaster.com.ar\/web\/casa-en-el-pinar-biagionipecorari-arquitectos\/"]}]},{"@type":"ImageObject","inLanguage":"es","@id":"https:\/\/www.arquimaster.com.ar\/web\/casa-en-el-pinar-biagionipecorari-arquitectos\/#primaryimage","url":"https:\/\/www.arquimaster.com.ar\/web\/wp-content\/uploads\/2015\/03\/casa_el_pinar_slide.jpg","contentUrl":"https:\/\/www.arquimaster.com.ar\/web\/wp-content\/uploads\/2015\/03\/casa_el_pinar_slide.jpg","width":642,"height":336},{"@type":"BreadcrumbList","@id":"https:\/\/www.arquimaster.com.ar\/web\/casa-en-el-pinar-biagionipecorari-arquitectos\/#breadcrumb","itemListElement":[{"@type":"ListItem","position":1,"name":"Portada","item":"https:\/\/www.arquimaster.com.ar\/web\/"},{"@type":"ListItem","position":2,"name":"Casa en El Pinar \/ Biagioni\/Pecorari Arquitectos"}]},{"@type":"WebSite","@id":"https:\/\/www.arquimaster.com.ar\/web\/#website","url":"https:\/\/www.arquimaster.com.ar\/web\/","name":"Arquimaster","description":"Web de arquitectura, dise\u00f1o y construccion","publisher":{"@id":"https:\/\/www.arquimaster.com.ar\/web\/#organization"},"potentialAction":[{"@type":"SearchAction","target":{"@type":"EntryPoint","urlTemplate":"https:\/\/www.arquimaster.com.ar\/web\/?s={search_term_string}"},"query-input":{"@type":"PropertyValueSpecification","valueRequired":true,"valueName":"search_term_string"}}],"inLanguage":"es"},{"@type":"Organization","@id":"https:\/\/www.arquimaster.com.ar\/web\/#organization","name":"Arquimaster","url":"https:\/\/www.arquimaster.com.ar\/web\/","logo":{"@type":"ImageObject","inLanguage":"es","@id":"https:\/\/www.arquimaster.com.ar\/web\/#\/schema\/logo\/image\/","url":"https:\/\/www.arquimaster.com.ar\/web\/wp-content\/uploads\/2022\/06\/arquimaster.png","contentUrl":"https:\/\/www.arquimaster.com.ar\/web\/wp-content\/uploads\/2022\/06\/arquimaster.png","width":594,"height":78,"caption":"Arquimaster"},"image":{"@id":"https:\/\/www.arquimaster.com.ar\/web\/#\/schema\/logo\/image\/"},"sameAs":["http:\/\/www.facebook.com\/ARQUIMASTER.com.ar","https:\/\/x.com\/arquimaster","https:\/\/www.instagram.com\/arquimasterblog\/","https:\/\/www.linkedin.com\/company\/arquimaster","https:\/\/www.pinterest.com\/arquimaster","https:\/\/t.me\/arquimaster"]},{"@type":"Person","@id":"https:\/\/www.arquimaster.com.ar\/web\/#\/schema\/person\/359e9f7c00193fcde068e0dd2ceb0028","name":"Arquimaster"}]}},"uagb_featured_image_src":{"full":["https:\/\/www.arquimaster.com.ar\/web\/wp-content\/uploads\/2015\/03\/casa_el_pinar_slide.jpg",642,336,false],"thumbnail":["https:\/\/www.arquimaster.com.ar\/web\/wp-content\/uploads\/2015\/03\/casa_el_pinar_slide-150x150.jpg",150,150,true],"medium":["https:\/\/www.arquimaster.com.ar\/web\/wp-content\/uploads\/2015\/03\/casa_el_pinar_slide-573x300.jpg",573,300,true],"medium_large":["https:\/\/www.arquimaster.com.ar\/web\/wp-content\/uploads\/2015\/03\/casa_el_pinar_slide.jpg",642,336,false],"large":["https:\/\/www.arquimaster.com.ar\/web\/wp-content\/uploads\/2015\/03\/casa_el_pinar_slide.jpg",642,336,false],"1536x1536":["https:\/\/www.arquimaster.com.ar\/web\/wp-content\/uploads\/2015\/03\/casa_el_pinar_slide.jpg",642,336,false],"2048x2048":["https:\/\/www.arquimaster.com.ar\/web\/wp-content\/uploads\/2015\/03\/casa_el_pinar_slide.jpg",642,336,false]},"uagb_author_info":{"display_name":"Arquimaster","author_link":"https:\/\/www.arquimaster.com.ar\/web\/author\/arquimaster\/"},"uagb_comment_info":0,"uagb_excerpt":"Una viga-canaleta se proyecta hasta el fondo del terreno pasando por encima de la piscina...","_links":{"self":[{"href":"https:\/\/www.arquimaster.com.ar\/web\/wp-json\/wp\/v2\/posts\/13685","targetHints":{"allow":["GET"]}}],"collection":[{"href":"https:\/\/www.arquimaster.com.ar\/web\/wp-json\/wp\/v2\/posts"}],"about":[{"href":"https:\/\/www.arquimaster.com.ar\/web\/wp-json\/wp\/v2\/types\/post"}],"author":[{"embeddable":true,"href":"https:\/\/www.arquimaster.com.ar\/web\/wp-json\/wp\/v2\/users\/1"}],"replies":[{"embeddable":true,"href":"https:\/\/www.arquimaster.com.ar\/web\/wp-json\/wp\/v2\/comments?post=13685"}],"version-history":[{"count":0,"href":"https:\/\/www.arquimaster.com.ar\/web\/wp-json\/wp\/v2\/posts\/13685\/revisions"}],"wp:featuredmedia":[{"embeddable":true,"href":"https:\/\/www.arquimaster.com.ar\/web\/wp-json\/wp\/v2\/media\/13686"}],"wp:attachment":[{"href":"https:\/\/www.arquimaster.com.ar\/web\/wp-json\/wp\/v2\/media?parent=13685"}],"wp:term":[{"taxonomy":"category","embeddable":true,"href":"https:\/\/www.arquimaster.com.ar\/web\/wp-json\/wp\/v2\/categories?post=13685"},{"taxonomy":"post_tag","embeddable":true,"href":"https:\/\/www.arquimaster.com.ar\/web\/wp-json\/wp\/v2\/tags?post=13685"}],"curies":[{"name":"wp","href":"https:\/\/api.w.org\/{rel}","templated":true}]}}