{"id":13926,"date":"2015-03-29T18:00:23","date_gmt":"2015-03-29T18:00:23","guid":{"rendered":"http:\/\/www.arquimaster.com.ar\/web\/?p=13926"},"modified":"2015-03-29T23:43:00","modified_gmt":"2015-03-29T23:43:00","slug":"espacio-de-decoracion-b01-estilo-pilar-2015-estudio-modo-casa","status":"publish","type":"post","link":"https:\/\/www.arquimaster.com.ar\/web\/espacio-de-decoracion-b01-estilo-pilar-2015-estudio-modo-casa\/","title":{"rendered":"Espacio de decoracion B01 (Estilo Pilar 2015) \/ Estudio Modo Casa"},"content":{"rendered":"<div style=\"margin-top: 0px; margin-bottom: 0px;\" class=\"sharethis-inline-share-buttons\" ><\/div><div class=\"b812932af2e751442846f039925109de\" data-index=\"1\" style=\"float: none; margin:25px 0 25px 0; text-align:center;\">\n<script async src=\"https:\/\/pagead2.googlesyndication.com\/pagead\/js\/adsbygoogle.js\"><\/script>\r\n<!-- Arquimaster (superior) -->\r\n<ins class=\"adsbygoogle\"\r\n     style=\"display:block\"\r\n     data-ad-client=\"ca-pub-6351072698456832\"\r\n     data-ad-slot=\"6455489680\"\r\n     data-ad-format=\"auto\"\r\n     data-full-width-responsive=\"true\"><\/ins>\r\n<script>\r\n     (adsbygoogle = window.adsbygoogle || []).push({});\r\n<\/script>\n<\/div>\n<p><strong>Espacio de decoracion B01<\/strong> (Estilo Pilar 2015) por <strong>Estudio Modo Casa<\/strong>. Se trata de una propuesta urbana con detalles que se adaptan a la vida en las afueras de la gran ciudad.<\/p>\n<div id='gallery-1' class='gallery galleryid-13926 gallery-columns-3 gallery-size-thumbnail'><figure class='gallery-item'>\n\t\t\t<div class='gallery-icon landscape'>\n\t\t\t\t<a href='https:\/\/www.arquimaster.com.ar\/web\/wp-content\/uploads\/2015\/03\/estilo_pilar_e_b01_1.jpg' title=\"Espacio de decoracion B01 (Estilo Pilar 2015) \/ Estudio Modo Casa\" data-rl_title=\"Espacio de decoracion B01 (Estilo Pilar 2015) \/ Estudio Modo Casa\" class=\"rl-gallery-link\" data-rl_caption=\"Espacio de decoracion B01 (Estilo Pilar 2015) \/ Estudio Modo Casa\" data-rel=\"lightbox-gallery-1\"><img loading=\"lazy\" decoding=\"async\" width=\"150\" height=\"150\" src=\"https:\/\/www.arquimaster.com.ar\/web\/wp-content\/uploads\/2015\/03\/estilo_pilar_e_b01_1-150x150.jpg\" class=\"attachment-thumbnail size-thumbnail\" alt=\"\" aria-describedby=\"gallery-1-13929\" srcset=\"https:\/\/www.arquimaster.com.ar\/web\/wp-content\/uploads\/2015\/03\/estilo_pilar_e_b01_1-150x150.jpg 150w, https:\/\/www.arquimaster.com.ar\/web\/wp-content\/uploads\/2015\/03\/estilo_pilar_e_b01_1-50x50.jpg 50w, https:\/\/www.arquimaster.com.ar\/web\/wp-content\/uploads\/2015\/03\/estilo_pilar_e_b01_1-125x125.jpg 125w\" sizes=\"auto, (max-width: 150px) 100vw, 150px\" \/><\/a>\n\t\t\t<\/div>\n\t\t\t\t<figcaption class='wp-caption-text gallery-caption' id='gallery-1-13929'>\n\t\t\t\tEspacio de decoracion B01 (Estilo Pilar 2015) \/ Estudio Modo Casa\n\t\t\t\t<\/figcaption><\/figure><figure class='gallery-item'>\n\t\t\t<div class='gallery-icon portrait'>\n\t\t\t\t<a href='https:\/\/www.arquimaster.com.ar\/web\/wp-content\/uploads\/2015\/03\/estilo_pilar_e_b01_2.jpg' title=\"Espacio de decoracion B01 (Estilo Pilar 2015) \/ Estudio Modo Casa\" data-rl_title=\"Espacio de decoracion B01 (Estilo Pilar 2015) \/ Estudio Modo Casa\" class=\"rl-gallery-link\" data-rl_caption=\"Espacio de decoracion B01 (Estilo Pilar 2015) \/ Estudio Modo Casa\" data-rel=\"lightbox-gallery-1\"><img loading=\"lazy\" decoding=\"async\" width=\"150\" height=\"150\" src=\"https:\/\/www.arquimaster.com.ar\/web\/wp-content\/uploads\/2015\/03\/estilo_pilar_e_b01_2-150x150.jpg\" class=\"attachment-thumbnail size-thumbnail\" alt=\"\" aria-describedby=\"gallery-1-13930\" srcset=\"https:\/\/www.arquimaster.com.ar\/web\/wp-content\/uploads\/2015\/03\/estilo_pilar_e_b01_2-150x150.jpg 150w, https:\/\/www.arquimaster.com.ar\/web\/wp-content\/uploads\/2015\/03\/estilo_pilar_e_b01_2-50x50.jpg 50w, https:\/\/www.arquimaster.com.ar\/web\/wp-content\/uploads\/2015\/03\/estilo_pilar_e_b01_2-125x125.jpg 125w\" sizes=\"auto, (max-width: 150px) 100vw, 150px\" \/><\/a>\n\t\t\t<\/div>\n\t\t\t\t<figcaption class='wp-caption-text gallery-caption' id='gallery-1-13930'>\n\t\t\t\tEspacio de decoracion B01 (Estilo Pilar 2015) \/ Estudio Modo Casa\n\t\t\t\t<\/figcaption><\/figure><figure class='gallery-item'>\n\t\t\t<div class='gallery-icon portrait'>\n\t\t\t\t<a href='https:\/\/www.arquimaster.com.ar\/web\/wp-content\/uploads\/2015\/03\/estilo_pilar_e_b01_3.jpg' title=\"Espacio de decoracion B01 (Estilo Pilar 2015) \/ Estudio Modo Casa\" data-rl_title=\"Espacio de decoracion B01 (Estilo Pilar 2015) \/ Estudio Modo Casa\" class=\"rl-gallery-link\" data-rl_caption=\"Espacio de decoracion B01 (Estilo Pilar 2015) \/ Estudio Modo Casa\" data-rel=\"lightbox-gallery-1\"><img loading=\"lazy\" decoding=\"async\" width=\"150\" height=\"150\" src=\"https:\/\/www.arquimaster.com.ar\/web\/wp-content\/uploads\/2015\/03\/estilo_pilar_e_b01_3-150x150.jpg\" class=\"attachment-thumbnail size-thumbnail\" alt=\"\" aria-describedby=\"gallery-1-13931\" srcset=\"https:\/\/www.arquimaster.com.ar\/web\/wp-content\/uploads\/2015\/03\/estilo_pilar_e_b01_3-150x150.jpg 150w, https:\/\/www.arquimaster.com.ar\/web\/wp-content\/uploads\/2015\/03\/estilo_pilar_e_b01_3-50x50.jpg 50w, https:\/\/www.arquimaster.com.ar\/web\/wp-content\/uploads\/2015\/03\/estilo_pilar_e_b01_3-125x125.jpg 125w\" sizes=\"auto, (max-width: 150px) 100vw, 150px\" \/><\/a>\n\t\t\t<\/div>\n\t\t\t\t<figcaption class='wp-caption-text gallery-caption' id='gallery-1-13931'>\n\t\t\t\tEspacio de decoracion B01 (Estilo Pilar 2015) \/ Estudio Modo Casa\n\t\t\t\t<\/figcaption><\/figure><figure class='gallery-item'>\n\t\t\t<div class='gallery-icon portrait'>\n\t\t\t\t<a href='https:\/\/www.arquimaster.com.ar\/web\/wp-content\/uploads\/2015\/03\/estilo_pilar_e_b01_4.jpg' title=\"Espacio de decoracion B01 (Estilo Pilar 2015) \/ Estudio Modo Casa\" data-rl_title=\"Espacio de decoracion B01 (Estilo Pilar 2015) \/ Estudio Modo Casa\" class=\"rl-gallery-link\" data-rl_caption=\"Espacio de decoracion B01 (Estilo Pilar 2015) \/ Estudio Modo Casa\" data-rel=\"lightbox-gallery-1\"><img loading=\"lazy\" decoding=\"async\" width=\"150\" height=\"150\" src=\"https:\/\/www.arquimaster.com.ar\/web\/wp-content\/uploads\/2015\/03\/estilo_pilar_e_b01_4-150x150.jpg\" class=\"attachment-thumbnail size-thumbnail\" alt=\"\" aria-describedby=\"gallery-1-13932\" srcset=\"https:\/\/www.arquimaster.com.ar\/web\/wp-content\/uploads\/2015\/03\/estilo_pilar_e_b01_4-150x150.jpg 150w, https:\/\/www.arquimaster.com.ar\/web\/wp-content\/uploads\/2015\/03\/estilo_pilar_e_b01_4-50x50.jpg 50w, https:\/\/www.arquimaster.com.ar\/web\/wp-content\/uploads\/2015\/03\/estilo_pilar_e_b01_4-125x125.jpg 125w\" sizes=\"auto, (max-width: 150px) 100vw, 150px\" \/><\/a>\n\t\t\t<\/div>\n\t\t\t\t<figcaption class='wp-caption-text gallery-caption' id='gallery-1-13932'>\n\t\t\t\tEspacio de decoracion B01 (Estilo Pilar 2015) \/ Estudio Modo Casa\n\t\t\t\t<\/figcaption><\/figure><figure class='gallery-item'>\n\t\t\t<div class='gallery-icon landscape'>\n\t\t\t\t<a href='https:\/\/www.arquimaster.com.ar\/web\/wp-content\/uploads\/2015\/03\/estilo_pilar_e_b01_5.jpg' title=\"Espacio de decoracion B01 (Estilo Pilar 2015) \/ Estudio Modo Casa\" data-rl_title=\"Espacio de decoracion B01 (Estilo Pilar 2015) \/ Estudio Modo Casa\" class=\"rl-gallery-link\" data-rl_caption=\"Espacio de decoracion B01 (Estilo Pilar 2015) \/ Estudio Modo Casa\" data-rel=\"lightbox-gallery-1\"><img loading=\"lazy\" decoding=\"async\" width=\"150\" height=\"150\" src=\"https:\/\/www.arquimaster.com.ar\/web\/wp-content\/uploads\/2015\/03\/estilo_pilar_e_b01_5-150x150.jpg\" class=\"attachment-thumbnail size-thumbnail\" alt=\"\" aria-describedby=\"gallery-1-13933\" srcset=\"https:\/\/www.arquimaster.com.ar\/web\/wp-content\/uploads\/2015\/03\/estilo_pilar_e_b01_5-150x150.jpg 150w, https:\/\/www.arquimaster.com.ar\/web\/wp-content\/uploads\/2015\/03\/estilo_pilar_e_b01_5-50x50.jpg 50w, https:\/\/www.arquimaster.com.ar\/web\/wp-content\/uploads\/2015\/03\/estilo_pilar_e_b01_5-125x125.jpg 125w\" sizes=\"auto, (max-width: 150px) 100vw, 150px\" \/><\/a>\n\t\t\t<\/div>\n\t\t\t\t<figcaption class='wp-caption-text gallery-caption' id='gallery-1-13933'>\n\t\t\t\tEspacio de decoracion B01 (Estilo Pilar 2015) \/ Estudio Modo Casa\n\t\t\t\t<\/figcaption><\/figure><figure class='gallery-item'>\n\t\t\t<div class='gallery-icon landscape'>\n\t\t\t\t<a href='https:\/\/www.arquimaster.com.ar\/web\/wp-content\/uploads\/2015\/03\/estilo_pilar_e_b01_6.jpg' title=\"Espacio de decoracion B01 (Estilo Pilar 2015) \/ Estudio Modo Casa\" data-rl_title=\"Espacio de decoracion B01 (Estilo Pilar 2015) \/ Estudio Modo Casa\" class=\"rl-gallery-link\" data-rl_caption=\"Espacio de decoracion B01 (Estilo Pilar 2015) \/ Estudio Modo Casa\" data-rel=\"lightbox-gallery-1\"><img loading=\"lazy\" decoding=\"async\" width=\"150\" height=\"150\" src=\"https:\/\/www.arquimaster.com.ar\/web\/wp-content\/uploads\/2015\/03\/estilo_pilar_e_b01_6-150x150.jpg\" class=\"attachment-thumbnail size-thumbnail\" alt=\"\" aria-describedby=\"gallery-1-13934\" srcset=\"https:\/\/www.arquimaster.com.ar\/web\/wp-content\/uploads\/2015\/03\/estilo_pilar_e_b01_6-150x150.jpg 150w, https:\/\/www.arquimaster.com.ar\/web\/wp-content\/uploads\/2015\/03\/estilo_pilar_e_b01_6-50x50.jpg 50w, https:\/\/www.arquimaster.com.ar\/web\/wp-content\/uploads\/2015\/03\/estilo_pilar_e_b01_6-125x125.jpg 125w\" sizes=\"auto, (max-width: 150px) 100vw, 150px\" \/><\/a>\n\t\t\t<\/div>\n\t\t\t\t<figcaption class='wp-caption-text gallery-caption' id='gallery-1-13934'>\n\t\t\t\tEspacio de decoracion B01 (Estilo Pilar 2015) \/ Estudio Modo Casa\n\t\t\t\t<\/figcaption><\/figure><figure class='gallery-item'>\n\t\t\t<div class='gallery-icon landscape'>\n\t\t\t\t<a href='https:\/\/www.arquimaster.com.ar\/web\/wp-content\/uploads\/2015\/03\/estilo_pilar_e_b01_7.jpg' title=\"Espacio de decoracion B01 (Estilo Pilar 2015) \/ Estudio Modo Casa\" data-rl_title=\"Espacio de decoracion B01 (Estilo Pilar 2015) \/ Estudio Modo Casa\" class=\"rl-gallery-link\" data-rl_caption=\"Espacio de decoracion B01 (Estilo Pilar 2015) \/ Estudio Modo Casa\" data-rel=\"lightbox-gallery-1\"><img loading=\"lazy\" decoding=\"async\" width=\"150\" height=\"150\" src=\"https:\/\/www.arquimaster.com.ar\/web\/wp-content\/uploads\/2015\/03\/estilo_pilar_e_b01_7-150x150.jpg\" class=\"attachment-thumbnail size-thumbnail\" alt=\"\" aria-describedby=\"gallery-1-13935\" srcset=\"https:\/\/www.arquimaster.com.ar\/web\/wp-content\/uploads\/2015\/03\/estilo_pilar_e_b01_7-150x150.jpg 150w, https:\/\/www.arquimaster.com.ar\/web\/wp-content\/uploads\/2015\/03\/estilo_pilar_e_b01_7-50x50.jpg 50w, https:\/\/www.arquimaster.com.ar\/web\/wp-content\/uploads\/2015\/03\/estilo_pilar_e_b01_7-125x125.jpg 125w\" sizes=\"auto, (max-width: 150px) 100vw, 150px\" \/><\/a>\n\t\t\t<\/div>\n\t\t\t\t<figcaption class='wp-caption-text gallery-caption' id='gallery-1-13935'>\n\t\t\t\tEspacio de decoracion B01 (Estilo Pilar 2015) \/ Estudio Modo Casa\n\t\t\t\t<\/figcaption><\/figure><figure class='gallery-item'>\n\t\t\t<div class='gallery-icon landscape'>\n\t\t\t\t<a href='https:\/\/www.arquimaster.com.ar\/web\/wp-content\/uploads\/2015\/03\/estilo_pilar_e_b01_8.jpg' title=\"Espacio de decoracion B01 (Estilo Pilar 2015) \/ Estudio Modo Casa\" data-rl_title=\"Espacio de decoracion B01 (Estilo Pilar 2015) \/ Estudio Modo Casa\" class=\"rl-gallery-link\" data-rl_caption=\"Espacio de decoracion B01 (Estilo Pilar 2015) \/ Estudio Modo Casa\" data-rel=\"lightbox-gallery-1\"><img loading=\"lazy\" decoding=\"async\" width=\"150\" height=\"150\" src=\"https:\/\/www.arquimaster.com.ar\/web\/wp-content\/uploads\/2015\/03\/estilo_pilar_e_b01_8-150x150.jpg\" class=\"attachment-thumbnail size-thumbnail\" alt=\"\" aria-describedby=\"gallery-1-13936\" srcset=\"https:\/\/www.arquimaster.com.ar\/web\/wp-content\/uploads\/2015\/03\/estilo_pilar_e_b01_8-150x150.jpg 150w, https:\/\/www.arquimaster.com.ar\/web\/wp-content\/uploads\/2015\/03\/estilo_pilar_e_b01_8-50x50.jpg 50w, https:\/\/www.arquimaster.com.ar\/web\/wp-content\/uploads\/2015\/03\/estilo_pilar_e_b01_8-125x125.jpg 125w\" sizes=\"auto, (max-width: 150px) 100vw, 150px\" \/><\/a>\n\t\t\t<\/div>\n\t\t\t\t<figcaption class='wp-caption-text gallery-caption' id='gallery-1-13936'>\n\t\t\t\tEspacio de decoracion B01 (Estilo Pilar 2015) \/ Estudio Modo Casa\n\t\t\t\t<\/figcaption><\/figure><figure class='gallery-item'>\n\t\t\t<div class='gallery-icon portrait'>\n\t\t\t\t<a href='https:\/\/www.arquimaster.com.ar\/web\/wp-content\/uploads\/2015\/03\/estilo_pilar_e_b01_9.jpg' title=\"Espacio de decoracion B01 (Estilo Pilar 2015) \/ Estudio Modo Casa\" data-rl_title=\"Espacio de decoracion B01 (Estilo Pilar 2015) \/ Estudio Modo Casa\" class=\"rl-gallery-link\" data-rl_caption=\"Espacio de decoracion B01 (Estilo Pilar 2015) \/ Estudio Modo Casa\" data-rel=\"lightbox-gallery-1\"><img loading=\"lazy\" decoding=\"async\" width=\"150\" height=\"150\" src=\"https:\/\/www.arquimaster.com.ar\/web\/wp-content\/uploads\/2015\/03\/estilo_pilar_e_b01_9-150x150.jpg\" class=\"attachment-thumbnail size-thumbnail\" alt=\"\" aria-describedby=\"gallery-1-13937\" srcset=\"https:\/\/www.arquimaster.com.ar\/web\/wp-content\/uploads\/2015\/03\/estilo_pilar_e_b01_9-150x150.jpg 150w, https:\/\/www.arquimaster.com.ar\/web\/wp-content\/uploads\/2015\/03\/estilo_pilar_e_b01_9-50x50.jpg 50w, https:\/\/www.arquimaster.com.ar\/web\/wp-content\/uploads\/2015\/03\/estilo_pilar_e_b01_9-125x125.jpg 125w\" sizes=\"auto, (max-width: 150px) 100vw, 150px\" \/><\/a>\n\t\t\t<\/div>\n\t\t\t\t<figcaption class='wp-caption-text gallery-caption' id='gallery-1-13937'>\n\t\t\t\tEspacio de decoracion B01 (Estilo Pilar 2015) \/ Estudio Modo Casa\n\t\t\t\t<\/figcaption><\/figure><figure class='gallery-item'>\n\t\t\t<div class='gallery-icon portrait'>\n\t\t\t\t<a href='https:\/\/www.arquimaster.com.ar\/web\/wp-content\/uploads\/2015\/03\/estilo_pilar_e_b01_10.jpg' title=\"Espacio de decoracion B01 (Estilo Pilar 2015) \/ Estudio Modo Casa\" data-rl_title=\"Espacio de decoracion B01 (Estilo Pilar 2015) \/ Estudio Modo Casa\" class=\"rl-gallery-link\" data-rl_caption=\"Espacio de decoracion B01 (Estilo Pilar 2015) \/ Estudio Modo Casa\" data-rel=\"lightbox-gallery-1\"><img loading=\"lazy\" decoding=\"async\" width=\"150\" height=\"150\" src=\"https:\/\/www.arquimaster.com.ar\/web\/wp-content\/uploads\/2015\/03\/estilo_pilar_e_b01_10-150x150.jpg\" class=\"attachment-thumbnail size-thumbnail\" alt=\"\" aria-describedby=\"gallery-1-13938\" srcset=\"https:\/\/www.arquimaster.com.ar\/web\/wp-content\/uploads\/2015\/03\/estilo_pilar_e_b01_10-150x150.jpg 150w, https:\/\/www.arquimaster.com.ar\/web\/wp-content\/uploads\/2015\/03\/estilo_pilar_e_b01_10-50x50.jpg 50w, https:\/\/www.arquimaster.com.ar\/web\/wp-content\/uploads\/2015\/03\/estilo_pilar_e_b01_10-125x125.jpg 125w\" sizes=\"auto, (max-width: 150px) 100vw, 150px\" \/><\/a>\n\t\t\t<\/div>\n\t\t\t\t<figcaption class='wp-caption-text gallery-caption' id='gallery-1-13938'>\n\t\t\t\tEspacio de decoracion B01 (Estilo Pilar 2015) \/ Estudio Modo Casa\n\t\t\t\t<\/figcaption><\/figure><figure class='gallery-item'>\n\t\t\t<div class='gallery-icon portrait'>\n\t\t\t\t<a href='https:\/\/www.arquimaster.com.ar\/web\/wp-content\/uploads\/2015\/03\/estilo_pilar_e_b01_11.jpg' title=\"Espacio de decoracion B01 (Estilo Pilar 2015) \/ Estudio Modo Casa\" data-rl_title=\"Espacio de decoracion B01 (Estilo Pilar 2015) \/ Estudio Modo Casa\" class=\"rl-gallery-link\" data-rl_caption=\"Espacio de decoracion B01 (Estilo Pilar 2015) \/ Estudio Modo Casa\" data-rel=\"lightbox-gallery-1\"><img loading=\"lazy\" decoding=\"async\" width=\"150\" height=\"150\" src=\"https:\/\/www.arquimaster.com.ar\/web\/wp-content\/uploads\/2015\/03\/estilo_pilar_e_b01_11-150x150.jpg\" class=\"attachment-thumbnail size-thumbnail\" alt=\"\" aria-describedby=\"gallery-1-13939\" srcset=\"https:\/\/www.arquimaster.com.ar\/web\/wp-content\/uploads\/2015\/03\/estilo_pilar_e_b01_11-150x150.jpg 150w, https:\/\/www.arquimaster.com.ar\/web\/wp-content\/uploads\/2015\/03\/estilo_pilar_e_b01_11-50x50.jpg 50w, https:\/\/www.arquimaster.com.ar\/web\/wp-content\/uploads\/2015\/03\/estilo_pilar_e_b01_11-125x125.jpg 125w\" sizes=\"auto, (max-width: 150px) 100vw, 150px\" \/><\/a>\n\t\t\t<\/div>\n\t\t\t\t<figcaption class='wp-caption-text gallery-caption' id='gallery-1-13939'>\n\t\t\t\tEspacio de decoracion B01 (Estilo Pilar 2015) \/ Estudio Modo Casa\n\t\t\t\t<\/figcaption><\/figure><figure class='gallery-item'>\n\t\t\t<div class='gallery-icon portrait'>\n\t\t\t\t<a href='https:\/\/www.arquimaster.com.ar\/web\/wp-content\/uploads\/2015\/03\/estilo_pilar_e_b01_12.jpg' title=\"Espacio de decoracion B01 (Estilo Pilar 2015) \/ Estudio Modo Casa\" data-rl_title=\"Espacio de decoracion B01 (Estilo Pilar 2015) \/ Estudio Modo Casa\" class=\"rl-gallery-link\" data-rl_caption=\"Espacio de decoracion B01 (Estilo Pilar 2015) \/ Estudio Modo Casa\" data-rel=\"lightbox-gallery-1\"><img loading=\"lazy\" decoding=\"async\" width=\"150\" height=\"150\" src=\"https:\/\/www.arquimaster.com.ar\/web\/wp-content\/uploads\/2015\/03\/estilo_pilar_e_b01_12-150x150.jpg\" class=\"attachment-thumbnail size-thumbnail\" alt=\"\" aria-describedby=\"gallery-1-13940\" srcset=\"https:\/\/www.arquimaster.com.ar\/web\/wp-content\/uploads\/2015\/03\/estilo_pilar_e_b01_12-150x150.jpg 150w, https:\/\/www.arquimaster.com.ar\/web\/wp-content\/uploads\/2015\/03\/estilo_pilar_e_b01_12-50x50.jpg 50w, https:\/\/www.arquimaster.com.ar\/web\/wp-content\/uploads\/2015\/03\/estilo_pilar_e_b01_12-125x125.jpg 125w\" sizes=\"auto, (max-width: 150px) 100vw, 150px\" \/><\/a>\n\t\t\t<\/div>\n\t\t\t\t<figcaption class='wp-caption-text gallery-caption' id='gallery-1-13940'>\n\t\t\t\tEspacio de decoracion B01 (Estilo Pilar 2015) \/ Estudio Modo Casa\n\t\t\t\t<\/figcaption><\/figure><figure class='gallery-item'>\n\t\t\t<div class='gallery-icon portrait'>\n\t\t\t\t<a href='https:\/\/www.arquimaster.com.ar\/web\/wp-content\/uploads\/2015\/03\/estilo_pilar_e_b01_13.jpg' title=\"Espacio de decoracion B01 (Estilo Pilar 2015) \/ Estudio Modo Casa\" data-rl_title=\"Espacio de decoracion B01 (Estilo Pilar 2015) \/ Estudio Modo Casa\" class=\"rl-gallery-link\" data-rl_caption=\"Espacio de decoracion B01 (Estilo Pilar 2015) \/ Estudio Modo Casa\" data-rel=\"lightbox-gallery-1\"><img loading=\"lazy\" decoding=\"async\" width=\"150\" height=\"150\" src=\"https:\/\/www.arquimaster.com.ar\/web\/wp-content\/uploads\/2015\/03\/estilo_pilar_e_b01_13-150x150.jpg\" class=\"attachment-thumbnail size-thumbnail\" alt=\"\" aria-describedby=\"gallery-1-13941\" srcset=\"https:\/\/www.arquimaster.com.ar\/web\/wp-content\/uploads\/2015\/03\/estilo_pilar_e_b01_13-150x150.jpg 150w, https:\/\/www.arquimaster.com.ar\/web\/wp-content\/uploads\/2015\/03\/estilo_pilar_e_b01_13-50x50.jpg 50w, https:\/\/www.arquimaster.com.ar\/web\/wp-content\/uploads\/2015\/03\/estilo_pilar_e_b01_13-125x125.jpg 125w\" sizes=\"auto, (max-width: 150px) 100vw, 150px\" \/><\/a>\n\t\t\t<\/div>\n\t\t\t\t<figcaption class='wp-caption-text gallery-caption' id='gallery-1-13941'>\n\t\t\t\tEspacio de decoracion B01 (Estilo Pilar 2015) \/ Estudio Modo Casa\n\t\t\t\t<\/figcaption><\/figure><figure class='gallery-item'>\n\t\t\t<div class='gallery-icon landscape'>\n\t\t\t\t<a href='https:\/\/www.arquimaster.com.ar\/web\/wp-content\/uploads\/2015\/03\/estilo_pilar_e_b01_14.jpg' title=\"Espacio de decoracion B01 (Estilo Pilar 2015) \/ Estudio Modo Casa\" data-rl_title=\"Espacio de decoracion B01 (Estilo Pilar 2015) \/ Estudio Modo Casa\" class=\"rl-gallery-link\" data-rl_caption=\"Espacio de decoracion B01 (Estilo Pilar 2015) \/ Estudio Modo Casa\" data-rel=\"lightbox-gallery-1\"><img loading=\"lazy\" decoding=\"async\" width=\"150\" height=\"150\" src=\"https:\/\/www.arquimaster.com.ar\/web\/wp-content\/uploads\/2015\/03\/estilo_pilar_e_b01_14-150x150.jpg\" class=\"attachment-thumbnail size-thumbnail\" alt=\"\" aria-describedby=\"gallery-1-13942\" srcset=\"https:\/\/www.arquimaster.com.ar\/web\/wp-content\/uploads\/2015\/03\/estilo_pilar_e_b01_14-150x150.jpg 150w, https:\/\/www.arquimaster.com.ar\/web\/wp-content\/uploads\/2015\/03\/estilo_pilar_e_b01_14-50x50.jpg 50w, https:\/\/www.arquimaster.com.ar\/web\/wp-content\/uploads\/2015\/03\/estilo_pilar_e_b01_14-125x125.jpg 125w\" sizes=\"auto, (max-width: 150px) 100vw, 150px\" \/><\/a>\n\t\t\t<\/div>\n\t\t\t\t<figcaption class='wp-caption-text gallery-caption' id='gallery-1-13942'>\n\t\t\t\tEspacio de decoracion B01 (Estilo Pilar 2015) \/ Estudio Modo Casa\n\t\t\t\t<\/figcaption><\/figure><figure class='gallery-item'>\n\t\t\t<div class='gallery-icon landscape'>\n\t\t\t\t<a href='https:\/\/www.arquimaster.com.ar\/web\/wp-content\/uploads\/2015\/03\/estilo_pilar_e_b01_15.jpg' title=\"Espacio de decoracion B01 (Estilo Pilar 2015) \/ Estudio Modo Casa\" data-rl_title=\"Espacio de decoracion B01 (Estilo Pilar 2015) \/ Estudio Modo Casa\" class=\"rl-gallery-link\" data-rl_caption=\"Espacio de decoracion B01 (Estilo Pilar 2015) \/ Estudio Modo Casa\" data-rel=\"lightbox-gallery-1\"><img loading=\"lazy\" decoding=\"async\" width=\"150\" height=\"150\" src=\"https:\/\/www.arquimaster.com.ar\/web\/wp-content\/uploads\/2015\/03\/estilo_pilar_e_b01_15-150x150.jpg\" class=\"attachment-thumbnail size-thumbnail\" alt=\"\" aria-describedby=\"gallery-1-13943\" srcset=\"https:\/\/www.arquimaster.com.ar\/web\/wp-content\/uploads\/2015\/03\/estilo_pilar_e_b01_15-150x150.jpg 150w, https:\/\/www.arquimaster.com.ar\/web\/wp-content\/uploads\/2015\/03\/estilo_pilar_e_b01_15-50x50.jpg 50w, https:\/\/www.arquimaster.com.ar\/web\/wp-content\/uploads\/2015\/03\/estilo_pilar_e_b01_15-125x125.jpg 125w\" sizes=\"auto, (max-width: 150px) 100vw, 150px\" \/><\/a>\n\t\t\t<\/div>\n\t\t\t\t<figcaption class='wp-caption-text gallery-caption' id='gallery-1-13943'>\n\t\t\t\tEspacio de decoracion B01 (Estilo Pilar 2015) \/ Estudio Modo Casa\n\t\t\t\t<\/figcaption><\/figure><figure class='gallery-item'>\n\t\t\t<div class='gallery-icon portrait'>\n\t\t\t\t<a href='https:\/\/www.arquimaster.com.ar\/web\/wp-content\/uploads\/2015\/03\/estilo_pilar_e_b01_16.jpg' title=\"Espacio de decoracion B01 (Estilo Pilar 2015) \/ Estudio Modo Casa\" data-rl_title=\"Espacio de decoracion B01 (Estilo Pilar 2015) \/ Estudio Modo Casa\" class=\"rl-gallery-link\" data-rl_caption=\"Espacio de decoracion B01 (Estilo Pilar 2015) \/ Estudio Modo Casa\" data-rel=\"lightbox-gallery-1\"><img loading=\"lazy\" decoding=\"async\" width=\"150\" height=\"150\" src=\"https:\/\/www.arquimaster.com.ar\/web\/wp-content\/uploads\/2015\/03\/estilo_pilar_e_b01_16-150x150.jpg\" class=\"attachment-thumbnail size-thumbnail\" alt=\"\" aria-describedby=\"gallery-1-13944\" srcset=\"https:\/\/www.arquimaster.com.ar\/web\/wp-content\/uploads\/2015\/03\/estilo_pilar_e_b01_16-150x150.jpg 150w, https:\/\/www.arquimaster.com.ar\/web\/wp-content\/uploads\/2015\/03\/estilo_pilar_e_b01_16-50x50.jpg 50w, https:\/\/www.arquimaster.com.ar\/web\/wp-content\/uploads\/2015\/03\/estilo_pilar_e_b01_16-125x125.jpg 125w\" sizes=\"auto, (max-width: 150px) 100vw, 150px\" \/><\/a>\n\t\t\t<\/div>\n\t\t\t\t<figcaption class='wp-caption-text gallery-caption' id='gallery-1-13944'>\n\t\t\t\tEspacio de decoracion B01 (Estilo Pilar 2015) \/ Estudio Modo Casa\n\t\t\t\t<\/figcaption><\/figure><figure class='gallery-item'>\n\t\t\t<div class='gallery-icon landscape'>\n\t\t\t\t<a href='https:\/\/www.arquimaster.com.ar\/web\/wp-content\/uploads\/2015\/03\/estilo_pilar_e_b01_19.jpg' title=\"Espacio de decoracion B01 (Estilo Pilar 2015) \/ Estudio Modo Casa\" data-rl_title=\"Espacio de decoracion B01 (Estilo Pilar 2015) \/ Estudio Modo Casa\" class=\"rl-gallery-link\" data-rl_caption=\"Espacio de decoracion B01 (Estilo Pilar 2015) \/ Estudio Modo Casa\" data-rel=\"lightbox-gallery-1\"><img loading=\"lazy\" decoding=\"async\" width=\"150\" height=\"150\" src=\"https:\/\/www.arquimaster.com.ar\/web\/wp-content\/uploads\/2015\/03\/estilo_pilar_e_b01_19-150x150.jpg\" class=\"attachment-thumbnail size-thumbnail\" alt=\"\" aria-describedby=\"gallery-1-13947\" srcset=\"https:\/\/www.arquimaster.com.ar\/web\/wp-content\/uploads\/2015\/03\/estilo_pilar_e_b01_19-150x150.jpg 150w, https:\/\/www.arquimaster.com.ar\/web\/wp-content\/uploads\/2015\/03\/estilo_pilar_e_b01_19-50x50.jpg 50w, https:\/\/www.arquimaster.com.ar\/web\/wp-content\/uploads\/2015\/03\/estilo_pilar_e_b01_19-125x125.jpg 125w\" sizes=\"auto, (max-width: 150px) 100vw, 150px\" \/><\/a>\n\t\t\t<\/div>\n\t\t\t\t<figcaption class='wp-caption-text gallery-caption' id='gallery-1-13947'>\n\t\t\t\tEspacio de decoracion B01 (Estilo Pilar 2015) \/ Estudio Modo Casa\n\t\t\t\t<\/figcaption><\/figure><figure class='gallery-item'>\n\t\t\t<div class='gallery-icon landscape'>\n\t\t\t\t<a href='https:\/\/www.arquimaster.com.ar\/web\/wp-content\/uploads\/2015\/03\/estilo_pilar_e_b01_20.jpg' title=\"Espacio de decoracion B01 (Estilo Pilar 2015) \/ Estudio Modo Casa\" data-rl_title=\"Espacio de decoracion B01 (Estilo Pilar 2015) \/ Estudio Modo Casa\" class=\"rl-gallery-link\" data-rl_caption=\"Espacio de decoracion B01 (Estilo Pilar 2015) \/ Estudio Modo Casa\" data-rel=\"lightbox-gallery-1\"><img loading=\"lazy\" decoding=\"async\" width=\"150\" height=\"150\" src=\"https:\/\/www.arquimaster.com.ar\/web\/wp-content\/uploads\/2015\/03\/estilo_pilar_e_b01_20-150x150.jpg\" class=\"attachment-thumbnail size-thumbnail\" alt=\"\" aria-describedby=\"gallery-1-13948\" srcset=\"https:\/\/www.arquimaster.com.ar\/web\/wp-content\/uploads\/2015\/03\/estilo_pilar_e_b01_20-150x150.jpg 150w, https:\/\/www.arquimaster.com.ar\/web\/wp-content\/uploads\/2015\/03\/estilo_pilar_e_b01_20-50x50.jpg 50w, https:\/\/www.arquimaster.com.ar\/web\/wp-content\/uploads\/2015\/03\/estilo_pilar_e_b01_20-125x125.jpg 125w\" sizes=\"auto, (max-width: 150px) 100vw, 150px\" \/><\/a>\n\t\t\t<\/div>\n\t\t\t\t<figcaption class='wp-caption-text gallery-caption' id='gallery-1-13948'>\n\t\t\t\tEspacio de decoracion B01 (Estilo Pilar 2015) \/ Estudio Modo Casa\n\t\t\t\t<\/figcaption><\/figure><figure class='gallery-item'>\n\t\t\t<div class='gallery-icon portrait'>\n\t\t\t\t<a href='https:\/\/www.arquimaster.com.ar\/web\/wp-content\/uploads\/2015\/03\/estilo_pilar_e_b01_21.jpg' title=\"Espacio de decoracion B01 (Estilo Pilar 2015) \/ Estudio Modo Casa\" data-rl_title=\"Espacio de decoracion B01 (Estilo Pilar 2015) \/ Estudio Modo Casa\" class=\"rl-gallery-link\" data-rl_caption=\"Espacio de decoracion B01 (Estilo Pilar 2015) \/ Estudio Modo Casa\" data-rel=\"lightbox-gallery-1\"><img loading=\"lazy\" decoding=\"async\" width=\"150\" height=\"150\" src=\"https:\/\/www.arquimaster.com.ar\/web\/wp-content\/uploads\/2015\/03\/estilo_pilar_e_b01_21-150x150.jpg\" class=\"attachment-thumbnail size-thumbnail\" alt=\"\" aria-describedby=\"gallery-1-13949\" srcset=\"https:\/\/www.arquimaster.com.ar\/web\/wp-content\/uploads\/2015\/03\/estilo_pilar_e_b01_21-150x150.jpg 150w, https:\/\/www.arquimaster.com.ar\/web\/wp-content\/uploads\/2015\/03\/estilo_pilar_e_b01_21-50x50.jpg 50w, https:\/\/www.arquimaster.com.ar\/web\/wp-content\/uploads\/2015\/03\/estilo_pilar_e_b01_21-125x125.jpg 125w\" sizes=\"auto, (max-width: 150px) 100vw, 150px\" \/><\/a>\n\t\t\t<\/div>\n\t\t\t\t<figcaption class='wp-caption-text gallery-caption' id='gallery-1-13949'>\n\t\t\t\tEspacio de decoracion B01 (Estilo Pilar 2015) \/ Estudio Modo Casa\n\t\t\t\t<\/figcaption><\/figure><figure class='gallery-item'>\n\t\t\t<div class='gallery-icon portrait'>\n\t\t\t\t<a href='https:\/\/www.arquimaster.com.ar\/web\/wp-content\/uploads\/2015\/03\/estilo_pilar_e_b01_22.jpg' title=\"Espacio de decoracion B01 (Estilo Pilar 2015) \/ Estudio Modo Casa\" data-rl_title=\"Espacio de decoracion B01 (Estilo Pilar 2015) \/ Estudio Modo Casa\" class=\"rl-gallery-link\" data-rl_caption=\"Espacio de decoracion B01 (Estilo Pilar 2015) \/ Estudio Modo Casa\" data-rel=\"lightbox-gallery-1\"><img loading=\"lazy\" decoding=\"async\" width=\"150\" height=\"150\" src=\"https:\/\/www.arquimaster.com.ar\/web\/wp-content\/uploads\/2015\/03\/estilo_pilar_e_b01_22-150x150.jpg\" class=\"attachment-thumbnail size-thumbnail\" alt=\"\" aria-describedby=\"gallery-1-13950\" srcset=\"https:\/\/www.arquimaster.com.ar\/web\/wp-content\/uploads\/2015\/03\/estilo_pilar_e_b01_22-150x150.jpg 150w, https:\/\/www.arquimaster.com.ar\/web\/wp-content\/uploads\/2015\/03\/estilo_pilar_e_b01_22-50x50.jpg 50w, https:\/\/www.arquimaster.com.ar\/web\/wp-content\/uploads\/2015\/03\/estilo_pilar_e_b01_22-125x125.jpg 125w\" sizes=\"auto, (max-width: 150px) 100vw, 150px\" \/><\/a>\n\t\t\t<\/div>\n\t\t\t\t<figcaption class='wp-caption-text gallery-caption' id='gallery-1-13950'>\n\t\t\t\tEspacio de decoracion B01 (Estilo Pilar 2015) \/ Estudio Modo Casa\n\t\t\t\t<\/figcaption><\/figure><figure class='gallery-item'>\n\t\t\t<div class='gallery-icon portrait'>\n\t\t\t\t<a href='https:\/\/www.arquimaster.com.ar\/web\/wp-content\/uploads\/2015\/03\/estilo_pilar_e_b01_23.jpg' title=\"Espacio de decoracion B01 (Estilo Pilar 2015) \/ Estudio Modo Casa\" data-rl_title=\"Espacio de decoracion B01 (Estilo Pilar 2015) \/ Estudio Modo Casa\" class=\"rl-gallery-link\" data-rl_caption=\"Espacio de decoracion B01 (Estilo Pilar 2015) \/ Estudio Modo Casa\" data-rel=\"lightbox-gallery-1\"><img loading=\"lazy\" decoding=\"async\" width=\"150\" height=\"150\" src=\"https:\/\/www.arquimaster.com.ar\/web\/wp-content\/uploads\/2015\/03\/estilo_pilar_e_b01_23-150x150.jpg\" class=\"attachment-thumbnail size-thumbnail\" alt=\"\" aria-describedby=\"gallery-1-13951\" srcset=\"https:\/\/www.arquimaster.com.ar\/web\/wp-content\/uploads\/2015\/03\/estilo_pilar_e_b01_23-150x150.jpg 150w, https:\/\/www.arquimaster.com.ar\/web\/wp-content\/uploads\/2015\/03\/estilo_pilar_e_b01_23-50x50.jpg 50w, https:\/\/www.arquimaster.com.ar\/web\/wp-content\/uploads\/2015\/03\/estilo_pilar_e_b01_23-125x125.jpg 125w\" sizes=\"auto, (max-width: 150px) 100vw, 150px\" \/><\/a>\n\t\t\t<\/div>\n\t\t\t\t<figcaption class='wp-caption-text gallery-caption' id='gallery-1-13951'>\n\t\t\t\tEspacio de decoracion B01 (Estilo Pilar 2015) \/ Estudio Modo Casa\n\t\t\t\t<\/figcaption><\/figure><figure class='gallery-item'>\n\t\t\t<div class='gallery-icon portrait'>\n\t\t\t\t<a href='https:\/\/www.arquimaster.com.ar\/web\/wp-content\/uploads\/2015\/03\/estilo_pilar_e_b01_17.jpg' title=\"Espacio de decoracion B01 (Estilo Pilar 2015) \/ Estudio Modo Casa\" data-rl_title=\"Espacio de decoracion B01 (Estilo Pilar 2015) \/ Estudio Modo Casa\" class=\"rl-gallery-link\" data-rl_caption=\"Espacio de decoracion B01 (Estilo Pilar 2015) \/ Estudio Modo Casa\" data-rel=\"lightbox-gallery-1\"><img loading=\"lazy\" decoding=\"async\" width=\"150\" height=\"150\" src=\"https:\/\/www.arquimaster.com.ar\/web\/wp-content\/uploads\/2015\/03\/estilo_pilar_e_b01_17-150x150.jpg\" class=\"attachment-thumbnail size-thumbnail\" alt=\"\" aria-describedby=\"gallery-1-13945\" srcset=\"https:\/\/www.arquimaster.com.ar\/web\/wp-content\/uploads\/2015\/03\/estilo_pilar_e_b01_17-150x150.jpg 150w, https:\/\/www.arquimaster.com.ar\/web\/wp-content\/uploads\/2015\/03\/estilo_pilar_e_b01_17-50x50.jpg 50w, https:\/\/www.arquimaster.com.ar\/web\/wp-content\/uploads\/2015\/03\/estilo_pilar_e_b01_17-125x125.jpg 125w\" sizes=\"auto, (max-width: 150px) 100vw, 150px\" \/><\/a>\n\t\t\t<\/div>\n\t\t\t\t<figcaption class='wp-caption-text gallery-caption' id='gallery-1-13945'>\n\t\t\t\tEspacio de decoracion B01 (Estilo Pilar 2015) \/ Estudio Modo Casa\n\t\t\t\t<\/figcaption><\/figure><figure class='gallery-item'>\n\t\t\t<div class='gallery-icon landscape'>\n\t\t\t\t<a href='https:\/\/www.arquimaster.com.ar\/web\/wp-content\/uploads\/2015\/03\/estilo_pilar_e_b01_18.jpg' title=\"Espacio de decoracion B01 (Estilo Pilar 2015) \/ Estudio Modo Casa\" data-rl_title=\"Espacio de decoracion B01 (Estilo Pilar 2015) \/ Estudio Modo Casa\" class=\"rl-gallery-link\" data-rl_caption=\"Espacio de decoracion B01 (Estilo Pilar 2015) \/ Estudio Modo Casa\" data-rel=\"lightbox-gallery-1\"><img loading=\"lazy\" decoding=\"async\" width=\"150\" height=\"150\" src=\"https:\/\/www.arquimaster.com.ar\/web\/wp-content\/uploads\/2015\/03\/estilo_pilar_e_b01_18-150x150.jpg\" class=\"attachment-thumbnail size-thumbnail\" alt=\"\" aria-describedby=\"gallery-1-13946\" srcset=\"https:\/\/www.arquimaster.com.ar\/web\/wp-content\/uploads\/2015\/03\/estilo_pilar_e_b01_18-150x150.jpg 150w, https:\/\/www.arquimaster.com.ar\/web\/wp-content\/uploads\/2015\/03\/estilo_pilar_e_b01_18-50x50.jpg 50w, https:\/\/www.arquimaster.com.ar\/web\/wp-content\/uploads\/2015\/03\/estilo_pilar_e_b01_18-125x125.jpg 125w\" sizes=\"auto, (max-width: 150px) 100vw, 150px\" \/><\/a>\n\t\t\t<\/div>\n\t\t\t\t<figcaption class='wp-caption-text gallery-caption' id='gallery-1-13946'>\n\t\t\t\tEspacio de decoracion B01 (Estilo Pilar 2015) \/ Estudio Modo Casa\n\t\t\t\t<\/figcaption><\/figure><figure class='gallery-item'>\n\t\t\t<div class='gallery-icon portrait'>\n\t\t\t\t<a href='https:\/\/www.arquimaster.com.ar\/web\/wp-content\/uploads\/2015\/03\/estilo_pilar_e_b01_24.jpg' title=\"Espacio de decoracion B01 (Estilo Pilar 2015) \/ Estudio Modo Casa\" data-rl_title=\"Espacio de decoracion B01 (Estilo Pilar 2015) \/ Estudio Modo Casa\" class=\"rl-gallery-link\" data-rl_caption=\"Espacio de decoracion B01 (Estilo Pilar 2015) \/ Estudio Modo Casa\" data-rel=\"lightbox-gallery-1\"><img loading=\"lazy\" decoding=\"async\" width=\"150\" height=\"150\" src=\"https:\/\/www.arquimaster.com.ar\/web\/wp-content\/uploads\/2015\/03\/estilo_pilar_e_b01_24-150x150.jpg\" class=\"attachment-thumbnail size-thumbnail\" alt=\"\" aria-describedby=\"gallery-1-13952\" srcset=\"https:\/\/www.arquimaster.com.ar\/web\/wp-content\/uploads\/2015\/03\/estilo_pilar_e_b01_24-150x150.jpg 150w, https:\/\/www.arquimaster.com.ar\/web\/wp-content\/uploads\/2015\/03\/estilo_pilar_e_b01_24-50x50.jpg 50w, https:\/\/www.arquimaster.com.ar\/web\/wp-content\/uploads\/2015\/03\/estilo_pilar_e_b01_24-125x125.jpg 125w\" sizes=\"auto, (max-width: 150px) 100vw, 150px\" \/><\/a>\n\t\t\t<\/div>\n\t\t\t\t<figcaption class='wp-caption-text gallery-caption' id='gallery-1-13952'>\n\t\t\t\tEspacio de decoracion B01 (Estilo Pilar 2015) \/ Estudio Modo Casa\n\t\t\t\t<\/figcaption><\/figure><figure class='gallery-item'>\n\t\t\t<div class='gallery-icon portrait'>\n\t\t\t\t<a href='https:\/\/www.arquimaster.com.ar\/web\/wp-content\/uploads\/2015\/03\/estilo_pilar_e_b01_25.jpg' title=\"Espacio de decoracion B01 (Estilo Pilar 2015) \/ Estudio Modo Casa\" data-rl_title=\"Espacio de decoracion B01 (Estilo Pilar 2015) \/ Estudio Modo Casa\" class=\"rl-gallery-link\" data-rl_caption=\"Espacio de decoracion B01 (Estilo Pilar 2015) \/ Estudio Modo Casa\" data-rel=\"lightbox-gallery-1\"><img loading=\"lazy\" decoding=\"async\" width=\"150\" height=\"150\" src=\"https:\/\/www.arquimaster.com.ar\/web\/wp-content\/uploads\/2015\/03\/estilo_pilar_e_b01_25-150x150.jpg\" class=\"attachment-thumbnail size-thumbnail\" alt=\"\" aria-describedby=\"gallery-1-13953\" srcset=\"https:\/\/www.arquimaster.com.ar\/web\/wp-content\/uploads\/2015\/03\/estilo_pilar_e_b01_25-150x150.jpg 150w, https:\/\/www.arquimaster.com.ar\/web\/wp-content\/uploads\/2015\/03\/estilo_pilar_e_b01_25-50x50.jpg 50w, https:\/\/www.arquimaster.com.ar\/web\/wp-content\/uploads\/2015\/03\/estilo_pilar_e_b01_25-125x125.jpg 125w\" sizes=\"auto, (max-width: 150px) 100vw, 150px\" \/><\/a>\n\t\t\t<\/div>\n\t\t\t\t<figcaption class='wp-caption-text gallery-caption' id='gallery-1-13953'>\n\t\t\t\tEspacio de decoracion B01 (Estilo Pilar 2015) \/ Estudio Modo Casa\n\t\t\t\t<\/figcaption><\/figure><figure class='gallery-item'>\n\t\t\t<div class='gallery-icon portrait'>\n\t\t\t\t<a href='https:\/\/www.arquimaster.com.ar\/web\/wp-content\/uploads\/2015\/03\/estilo_pilar_e_b01_26.jpg' title=\"Espacio de decoracion B01 (Estilo Pilar 2015) \/ Estudio Modo Casa\" data-rl_title=\"Espacio de decoracion B01 (Estilo Pilar 2015) \/ Estudio Modo Casa\" class=\"rl-gallery-link\" data-rl_caption=\"Espacio de decoracion B01 (Estilo Pilar 2015) \/ Estudio Modo Casa\" data-rel=\"lightbox-gallery-1\"><img loading=\"lazy\" decoding=\"async\" width=\"150\" height=\"150\" src=\"https:\/\/www.arquimaster.com.ar\/web\/wp-content\/uploads\/2015\/03\/estilo_pilar_e_b01_26-150x150.jpg\" class=\"attachment-thumbnail size-thumbnail\" alt=\"\" aria-describedby=\"gallery-1-13954\" srcset=\"https:\/\/www.arquimaster.com.ar\/web\/wp-content\/uploads\/2015\/03\/estilo_pilar_e_b01_26-150x150.jpg 150w, https:\/\/www.arquimaster.com.ar\/web\/wp-content\/uploads\/2015\/03\/estilo_pilar_e_b01_26-50x50.jpg 50w, https:\/\/www.arquimaster.com.ar\/web\/wp-content\/uploads\/2015\/03\/estilo_pilar_e_b01_26-125x125.jpg 125w\" sizes=\"auto, (max-width: 150px) 100vw, 150px\" \/><\/a>\n\t\t\t<\/div>\n\t\t\t\t<figcaption class='wp-caption-text gallery-caption' id='gallery-1-13954'>\n\t\t\t\tEspacio de decoracion B01 (Estilo Pilar 2015) \/ Estudio Modo Casa\n\t\t\t\t<\/figcaption><\/figure><figure class='gallery-item'>\n\t\t\t<div class='gallery-icon portrait'>\n\t\t\t\t<a href='https:\/\/www.arquimaster.com.ar\/web\/wp-content\/uploads\/2015\/03\/estilo_pilar_e_b01_28.jpg' title=\"Espacio de decoracion B01 (Estilo Pilar 2015) \/ Estudio Modo Casa\" data-rl_title=\"Espacio de decoracion B01 (Estilo Pilar 2015) \/ Estudio Modo Casa\" class=\"rl-gallery-link\" data-rl_caption=\"Espacio de decoracion B01 (Estilo Pilar 2015) \/ Estudio Modo Casa\" data-rel=\"lightbox-gallery-1\"><img loading=\"lazy\" decoding=\"async\" width=\"150\" height=\"150\" src=\"https:\/\/www.arquimaster.com.ar\/web\/wp-content\/uploads\/2015\/03\/estilo_pilar_e_b01_28-150x150.jpg\" class=\"attachment-thumbnail size-thumbnail\" alt=\"\" aria-describedby=\"gallery-1-13928\" srcset=\"https:\/\/www.arquimaster.com.ar\/web\/wp-content\/uploads\/2015\/03\/estilo_pilar_e_b01_28-150x150.jpg 150w, https:\/\/www.arquimaster.com.ar\/web\/wp-content\/uploads\/2015\/03\/estilo_pilar_e_b01_28-50x50.jpg 50w, https:\/\/www.arquimaster.com.ar\/web\/wp-content\/uploads\/2015\/03\/estilo_pilar_e_b01_28-125x125.jpg 125w\" sizes=\"auto, (max-width: 150px) 100vw, 150px\" \/><\/a>\n\t\t\t<\/div>\n\t\t\t\t<figcaption class='wp-caption-text gallery-caption' id='gallery-1-13928'>\n\t\t\t\tEspacio de decoracion B01 (Estilo Pilar 2015) \/ Estudio Modo Casa\n\t\t\t\t<\/figcaption><\/figure>\n\t\t<\/div>\n\n<p><strong>Urbano y descontracturado<\/strong><\/p>\n<p>Se trata de una propuesta urbana con detalles que se adaptan a la vida en las afueras de la gran ciudad.<\/p>\n<p>Vivir en los polos anexos a la ciudad ya no significa que nuestro hogar deba perder elegancia. Los detalles sofisticados pueden convivir perfectamente y en equilibrio con la paz y armon\u00eda que nos ofrece el contacto con lo natural.<\/p>\n<p>Se trata de entablar un di\u00e1logo correcto entre los materiales, que en sinton\u00eda y sincron\u00eda con el contexto, ofrezcan alternativas novedosas para aquellos que eligen el confort.<\/p>\n<p>Un estilo que encuentra su m\u00e1xima expresi\u00f3n en la decodificaci\u00f3n e interpretaci\u00f3n del usuario. Pistas sensuales que comparten el d\u00eda a d\u00eda de uno a partir de la combinaci\u00f3n de peque\u00f1os detalles.<\/p>\n<p><strong>Mas informacion<\/strong><br \/>\n<a title=\"Estudio Modo Casa\" href=\"http:\/\/www.estudiomodocasa.com.ar\" target=\"_blank\">http:\/\/www.estudiomodocasa.com.ar<\/a><\/p>\n<p><strong>Acerca de Estilo Pilar 2015<\/strong><br \/>\nLa 13\u00ba edici\u00f3n de la muestra de decoraci\u00f3n, arte y paisajismo esta organizada por la Asociaci\u00f3n Amigos del Pilar y abrira sus puertas hasta el 12 de abril de 2015 en Bouquet, Residencias Exclusivas. En esta edici\u00f3n, bajo el leitmotiv \u00abViv\u00ed tu sue\u00f1o\u00bb, cada expositor presenta su espacio inspirado en el interrogante \u00bfCu\u00e1l es tu sue\u00f1o?. En total son 150 expositores que develan al p\u00fablico sus sue\u00f1os, sus deseos, y que a su vez invitan a experimentar los m\u00e1s intensos espacios.<\/p>\n<p>Fotos cortesia de Estilo Pilar 2015<\/p>\n\n<div style=\"font-size: 0px; height: 0px; line-height: 0px; margin: 0; padding: 0; clear: both;\"><\/div><div style=\"margin-top: 0px; margin-bottom: 0px;\" class=\"sharethis-inline-share-buttons\" ><\/div>","protected":false},"excerpt":{"rendered":"<p>Propuesta urbana con detalles que se adaptan a la vida en las afueras de la gran ciudad&#8230;<\/p>\n","protected":false},"author":1,"featured_media":13927,"comment_status":"closed","ping_status":"closed","sticky":false,"template":"","format":"standard","meta":{"_uag_custom_page_level_css":"","footnotes":""},"categories":[55,3246],"tags":[37,708,3168,2220,1168,1108],"class_list":["post-13926","post","type-post","status-publish","format-standard","has-post-thumbnail","hentry","category-diseno","category-estilo-pilar-2015","tag-decoracion","tag-estilo-pilar","tag-estilo-pilar-edicion-2015","tag-estudio-modo-casa","tag-modo-casa","tag-muestras","generate-columns","tablet-grid-50","mobile-grid-100","grid-parent","grid-50"],"yoast_head":"<!-- This site is optimized with the Yoast SEO plugin v27.3 - https:\/\/yoast.com\/product\/yoast-seo-wordpress\/ -->\n<title>Espacio de decoracion B01 (Estilo Pilar 2015) \/ Estudio Modo Casa - Arquimaster<\/title>\n<meta name=\"robots\" content=\"index, follow, max-snippet:-1, max-image-preview:large, max-video-preview:-1\" \/>\n<link rel=\"canonical\" href=\"https:\/\/www.arquimaster.com.ar\/web\/espacio-de-decoracion-b01-estilo-pilar-2015-estudio-modo-casa\/\" \/>\n<meta property=\"og:locale\" content=\"es_ES\" \/>\n<meta property=\"og:type\" content=\"article\" \/>\n<meta property=\"og:title\" content=\"Espacio de decoracion B01 (Estilo Pilar 2015) \/ Estudio Modo Casa - Arquimaster\" \/>\n<meta property=\"og:description\" content=\"Propuesta urbana con detalles que se adaptan a la vida en las afueras de la gran ciudad...\" \/>\n<meta property=\"og:url\" content=\"https:\/\/www.arquimaster.com.ar\/web\/espacio-de-decoracion-b01-estilo-pilar-2015-estudio-modo-casa\/\" \/>\n<meta property=\"og:site_name\" content=\"Arquimaster\" \/>\n<meta property=\"article:publisher\" content=\"http:\/\/www.facebook.com\/ARQUIMASTER.com.ar\" \/>\n<meta property=\"article:published_time\" content=\"2015-03-29T18:00:23+00:00\" \/>\n<meta property=\"article:modified_time\" content=\"2015-03-29T23:43:00+00:00\" \/>\n<meta property=\"og:image\" content=\"https:\/\/www.arquimaster.com.ar\/web\/wp-content\/uploads\/2015\/03\/estilo_pilar_e_b01_slide.jpg\" \/>\n\t<meta property=\"og:image:width\" content=\"642\" \/>\n\t<meta property=\"og:image:height\" content=\"336\" \/>\n\t<meta property=\"og:image:type\" content=\"image\/jpeg\" \/>\n<meta name=\"author\" content=\"Arquimaster\" \/>\n<meta name=\"twitter:card\" content=\"summary_large_image\" \/>\n<meta name=\"twitter:creator\" content=\"@arquimaster\" \/>\n<meta name=\"twitter:site\" content=\"@arquimaster\" \/>\n<meta name=\"twitter:label1\" content=\"Escrito por\" \/>\n\t<meta name=\"twitter:data1\" content=\"Arquimaster\" \/>\n\t<meta name=\"twitter:label2\" content=\"Tiempo de lectura\" \/>\n\t<meta name=\"twitter:data2\" content=\"1 minuto\" \/>\n<script type=\"application\/ld+json\" class=\"yoast-schema-graph\">{\"@context\":\"https:\\\/\\\/schema.org\",\"@graph\":[{\"@type\":\"Article\",\"@id\":\"https:\\\/\\\/www.arquimaster.com.ar\\\/web\\\/espacio-de-decoracion-b01-estilo-pilar-2015-estudio-modo-casa\\\/#article\",\"isPartOf\":{\"@id\":\"https:\\\/\\\/www.arquimaster.com.ar\\\/web\\\/espacio-de-decoracion-b01-estilo-pilar-2015-estudio-modo-casa\\\/\"},\"author\":{\"name\":\"Arquimaster\",\"@id\":\"https:\\\/\\\/www.arquimaster.com.ar\\\/web\\\/#\\\/schema\\\/person\\\/359e9f7c00193fcde068e0dd2ceb0028\"},\"headline\":\"Espacio de decoracion B01 (Estilo Pilar 2015) \\\/ Estudio Modo Casa\",\"datePublished\":\"2015-03-29T18:00:23+00:00\",\"dateModified\":\"2015-03-29T23:43:00+00:00\",\"mainEntityOfPage\":{\"@id\":\"https:\\\/\\\/www.arquimaster.com.ar\\\/web\\\/espacio-de-decoracion-b01-estilo-pilar-2015-estudio-modo-casa\\\/\"},\"wordCount\":281,\"publisher\":{\"@id\":\"https:\\\/\\\/www.arquimaster.com.ar\\\/web\\\/#organization\"},\"image\":{\"@id\":\"https:\\\/\\\/www.arquimaster.com.ar\\\/web\\\/espacio-de-decoracion-b01-estilo-pilar-2015-estudio-modo-casa\\\/#primaryimage\"},\"thumbnailUrl\":\"https:\\\/\\\/www.arquimaster.com.ar\\\/web\\\/wp-content\\\/uploads\\\/2015\\\/03\\\/estilo_pilar_e_b01_slide.jpg\",\"keywords\":[\"decoracion\",\"Estilo Pilar\",\"Estilo Pilar 2015\",\"Estudio Modo Casa\",\"Modo Casa\",\"muestras\"],\"articleSection\":[\"Dise\u00f1o\",\"Estilo Pilar 2015\"],\"inLanguage\":\"es\"},{\"@type\":\"WebPage\",\"@id\":\"https:\\\/\\\/www.arquimaster.com.ar\\\/web\\\/espacio-de-decoracion-b01-estilo-pilar-2015-estudio-modo-casa\\\/\",\"url\":\"https:\\\/\\\/www.arquimaster.com.ar\\\/web\\\/espacio-de-decoracion-b01-estilo-pilar-2015-estudio-modo-casa\\\/\",\"name\":\"Espacio de decoracion B01 (Estilo Pilar 2015) \\\/ Estudio Modo Casa - Arquimaster\",\"isPartOf\":{\"@id\":\"https:\\\/\\\/www.arquimaster.com.ar\\\/web\\\/#website\"},\"primaryImageOfPage\":{\"@id\":\"https:\\\/\\\/www.arquimaster.com.ar\\\/web\\\/espacio-de-decoracion-b01-estilo-pilar-2015-estudio-modo-casa\\\/#primaryimage\"},\"image\":{\"@id\":\"https:\\\/\\\/www.arquimaster.com.ar\\\/web\\\/espacio-de-decoracion-b01-estilo-pilar-2015-estudio-modo-casa\\\/#primaryimage\"},\"thumbnailUrl\":\"https:\\\/\\\/www.arquimaster.com.ar\\\/web\\\/wp-content\\\/uploads\\\/2015\\\/03\\\/estilo_pilar_e_b01_slide.jpg\",\"datePublished\":\"2015-03-29T18:00:23+00:00\",\"dateModified\":\"2015-03-29T23:43:00+00:00\",\"breadcrumb\":{\"@id\":\"https:\\\/\\\/www.arquimaster.com.ar\\\/web\\\/espacio-de-decoracion-b01-estilo-pilar-2015-estudio-modo-casa\\\/#breadcrumb\"},\"inLanguage\":\"es\",\"potentialAction\":[{\"@type\":\"ReadAction\",\"target\":[\"https:\\\/\\\/www.arquimaster.com.ar\\\/web\\\/espacio-de-decoracion-b01-estilo-pilar-2015-estudio-modo-casa\\\/\"]}]},{\"@type\":\"ImageObject\",\"inLanguage\":\"es\",\"@id\":\"https:\\\/\\\/www.arquimaster.com.ar\\\/web\\\/espacio-de-decoracion-b01-estilo-pilar-2015-estudio-modo-casa\\\/#primaryimage\",\"url\":\"https:\\\/\\\/www.arquimaster.com.ar\\\/web\\\/wp-content\\\/uploads\\\/2015\\\/03\\\/estilo_pilar_e_b01_slide.jpg\",\"contentUrl\":\"https:\\\/\\\/www.arquimaster.com.ar\\\/web\\\/wp-content\\\/uploads\\\/2015\\\/03\\\/estilo_pilar_e_b01_slide.jpg\",\"width\":642,\"height\":336},{\"@type\":\"BreadcrumbList\",\"@id\":\"https:\\\/\\\/www.arquimaster.com.ar\\\/web\\\/espacio-de-decoracion-b01-estilo-pilar-2015-estudio-modo-casa\\\/#breadcrumb\",\"itemListElement\":[{\"@type\":\"ListItem\",\"position\":1,\"name\":\"Portada\",\"item\":\"https:\\\/\\\/www.arquimaster.com.ar\\\/web\\\/\"},{\"@type\":\"ListItem\",\"position\":2,\"name\":\"Espacio de decoracion B01 (Estilo Pilar 2015) \\\/ Estudio Modo Casa\"}]},{\"@type\":\"WebSite\",\"@id\":\"https:\\\/\\\/www.arquimaster.com.ar\\\/web\\\/#website\",\"url\":\"https:\\\/\\\/www.arquimaster.com.ar\\\/web\\\/\",\"name\":\"Arquimaster\",\"description\":\"Web de arquitectura, dise\u00f1o y construccion\",\"publisher\":{\"@id\":\"https:\\\/\\\/www.arquimaster.com.ar\\\/web\\\/#organization\"},\"potentialAction\":[{\"@type\":\"SearchAction\",\"target\":{\"@type\":\"EntryPoint\",\"urlTemplate\":\"https:\\\/\\\/www.arquimaster.com.ar\\\/web\\\/?s={search_term_string}\"},\"query-input\":{\"@type\":\"PropertyValueSpecification\",\"valueRequired\":true,\"valueName\":\"search_term_string\"}}],\"inLanguage\":\"es\"},{\"@type\":\"Organization\",\"@id\":\"https:\\\/\\\/www.arquimaster.com.ar\\\/web\\\/#organization\",\"name\":\"Arquimaster\",\"url\":\"https:\\\/\\\/www.arquimaster.com.ar\\\/web\\\/\",\"logo\":{\"@type\":\"ImageObject\",\"inLanguage\":\"es\",\"@id\":\"https:\\\/\\\/www.arquimaster.com.ar\\\/web\\\/#\\\/schema\\\/logo\\\/image\\\/\",\"url\":\"https:\\\/\\\/www.arquimaster.com.ar\\\/web\\\/wp-content\\\/uploads\\\/2022\\\/06\\\/arquimaster.png\",\"contentUrl\":\"https:\\\/\\\/www.arquimaster.com.ar\\\/web\\\/wp-content\\\/uploads\\\/2022\\\/06\\\/arquimaster.png\",\"width\":594,\"height\":78,\"caption\":\"Arquimaster\"},\"image\":{\"@id\":\"https:\\\/\\\/www.arquimaster.com.ar\\\/web\\\/#\\\/schema\\\/logo\\\/image\\\/\"},\"sameAs\":[\"http:\\\/\\\/www.facebook.com\\\/ARQUIMASTER.com.ar\",\"https:\\\/\\\/x.com\\\/arquimaster\",\"https:\\\/\\\/www.instagram.com\\\/arquimasterblog\\\/\",\"https:\\\/\\\/www.linkedin.com\\\/company\\\/arquimaster\",\"https:\\\/\\\/www.pinterest.com\\\/arquimaster\",\"https:\\\/\\\/t.me\\\/arquimaster\"]},{\"@type\":\"Person\",\"@id\":\"https:\\\/\\\/www.arquimaster.com.ar\\\/web\\\/#\\\/schema\\\/person\\\/359e9f7c00193fcde068e0dd2ceb0028\",\"name\":\"Arquimaster\"}]}<\/script>\n<!-- \/ Yoast SEO plugin. -->","yoast_head_json":{"title":"Espacio de decoracion B01 (Estilo Pilar 2015) \/ Estudio Modo Casa - Arquimaster","robots":{"index":"index","follow":"follow","max-snippet":"max-snippet:-1","max-image-preview":"max-image-preview:large","max-video-preview":"max-video-preview:-1"},"canonical":"https:\/\/www.arquimaster.com.ar\/web\/espacio-de-decoracion-b01-estilo-pilar-2015-estudio-modo-casa\/","og_locale":"es_ES","og_type":"article","og_title":"Espacio de decoracion B01 (Estilo Pilar 2015) \/ Estudio Modo Casa - Arquimaster","og_description":"Propuesta urbana con detalles que se adaptan a la vida en las afueras de la gran ciudad...","og_url":"https:\/\/www.arquimaster.com.ar\/web\/espacio-de-decoracion-b01-estilo-pilar-2015-estudio-modo-casa\/","og_site_name":"Arquimaster","article_publisher":"http:\/\/www.facebook.com\/ARQUIMASTER.com.ar","article_published_time":"2015-03-29T18:00:23+00:00","article_modified_time":"2015-03-29T23:43:00+00:00","og_image":[{"width":642,"height":336,"url":"https:\/\/www.arquimaster.com.ar\/web\/wp-content\/uploads\/2015\/03\/estilo_pilar_e_b01_slide.jpg","type":"image\/jpeg"}],"author":"Arquimaster","twitter_card":"summary_large_image","twitter_creator":"@arquimaster","twitter_site":"@arquimaster","twitter_misc":{"Escrito por":"Arquimaster","Tiempo de lectura":"1 minuto"},"schema":{"@context":"https:\/\/schema.org","@graph":[{"@type":"Article","@id":"https:\/\/www.arquimaster.com.ar\/web\/espacio-de-decoracion-b01-estilo-pilar-2015-estudio-modo-casa\/#article","isPartOf":{"@id":"https:\/\/www.arquimaster.com.ar\/web\/espacio-de-decoracion-b01-estilo-pilar-2015-estudio-modo-casa\/"},"author":{"name":"Arquimaster","@id":"https:\/\/www.arquimaster.com.ar\/web\/#\/schema\/person\/359e9f7c00193fcde068e0dd2ceb0028"},"headline":"Espacio de decoracion B01 (Estilo Pilar 2015) \/ Estudio Modo Casa","datePublished":"2015-03-29T18:00:23+00:00","dateModified":"2015-03-29T23:43:00+00:00","mainEntityOfPage":{"@id":"https:\/\/www.arquimaster.com.ar\/web\/espacio-de-decoracion-b01-estilo-pilar-2015-estudio-modo-casa\/"},"wordCount":281,"publisher":{"@id":"https:\/\/www.arquimaster.com.ar\/web\/#organization"},"image":{"@id":"https:\/\/www.arquimaster.com.ar\/web\/espacio-de-decoracion-b01-estilo-pilar-2015-estudio-modo-casa\/#primaryimage"},"thumbnailUrl":"https:\/\/www.arquimaster.com.ar\/web\/wp-content\/uploads\/2015\/03\/estilo_pilar_e_b01_slide.jpg","keywords":["decoracion","Estilo Pilar","Estilo Pilar 2015","Estudio Modo Casa","Modo Casa","muestras"],"articleSection":["Dise\u00f1o","Estilo Pilar 2015"],"inLanguage":"es"},{"@type":"WebPage","@id":"https:\/\/www.arquimaster.com.ar\/web\/espacio-de-decoracion-b01-estilo-pilar-2015-estudio-modo-casa\/","url":"https:\/\/www.arquimaster.com.ar\/web\/espacio-de-decoracion-b01-estilo-pilar-2015-estudio-modo-casa\/","name":"Espacio de decoracion B01 (Estilo Pilar 2015) \/ Estudio Modo Casa - Arquimaster","isPartOf":{"@id":"https:\/\/www.arquimaster.com.ar\/web\/#website"},"primaryImageOfPage":{"@id":"https:\/\/www.arquimaster.com.ar\/web\/espacio-de-decoracion-b01-estilo-pilar-2015-estudio-modo-casa\/#primaryimage"},"image":{"@id":"https:\/\/www.arquimaster.com.ar\/web\/espacio-de-decoracion-b01-estilo-pilar-2015-estudio-modo-casa\/#primaryimage"},"thumbnailUrl":"https:\/\/www.arquimaster.com.ar\/web\/wp-content\/uploads\/2015\/03\/estilo_pilar_e_b01_slide.jpg","datePublished":"2015-03-29T18:00:23+00:00","dateModified":"2015-03-29T23:43:00+00:00","breadcrumb":{"@id":"https:\/\/www.arquimaster.com.ar\/web\/espacio-de-decoracion-b01-estilo-pilar-2015-estudio-modo-casa\/#breadcrumb"},"inLanguage":"es","potentialAction":[{"@type":"ReadAction","target":["https:\/\/www.arquimaster.com.ar\/web\/espacio-de-decoracion-b01-estilo-pilar-2015-estudio-modo-casa\/"]}]},{"@type":"ImageObject","inLanguage":"es","@id":"https:\/\/www.arquimaster.com.ar\/web\/espacio-de-decoracion-b01-estilo-pilar-2015-estudio-modo-casa\/#primaryimage","url":"https:\/\/www.arquimaster.com.ar\/web\/wp-content\/uploads\/2015\/03\/estilo_pilar_e_b01_slide.jpg","contentUrl":"https:\/\/www.arquimaster.com.ar\/web\/wp-content\/uploads\/2015\/03\/estilo_pilar_e_b01_slide.jpg","width":642,"height":336},{"@type":"BreadcrumbList","@id":"https:\/\/www.arquimaster.com.ar\/web\/espacio-de-decoracion-b01-estilo-pilar-2015-estudio-modo-casa\/#breadcrumb","itemListElement":[{"@type":"ListItem","position":1,"name":"Portada","item":"https:\/\/www.arquimaster.com.ar\/web\/"},{"@type":"ListItem","position":2,"name":"Espacio de decoracion B01 (Estilo Pilar 2015) \/ Estudio Modo Casa"}]},{"@type":"WebSite","@id":"https:\/\/www.arquimaster.com.ar\/web\/#website","url":"https:\/\/www.arquimaster.com.ar\/web\/","name":"Arquimaster","description":"Web de arquitectura, dise\u00f1o y construccion","publisher":{"@id":"https:\/\/www.arquimaster.com.ar\/web\/#organization"},"potentialAction":[{"@type":"SearchAction","target":{"@type":"EntryPoint","urlTemplate":"https:\/\/www.arquimaster.com.ar\/web\/?s={search_term_string}"},"query-input":{"@type":"PropertyValueSpecification","valueRequired":true,"valueName":"search_term_string"}}],"inLanguage":"es"},{"@type":"Organization","@id":"https:\/\/www.arquimaster.com.ar\/web\/#organization","name":"Arquimaster","url":"https:\/\/www.arquimaster.com.ar\/web\/","logo":{"@type":"ImageObject","inLanguage":"es","@id":"https:\/\/www.arquimaster.com.ar\/web\/#\/schema\/logo\/image\/","url":"https:\/\/www.arquimaster.com.ar\/web\/wp-content\/uploads\/2022\/06\/arquimaster.png","contentUrl":"https:\/\/www.arquimaster.com.ar\/web\/wp-content\/uploads\/2022\/06\/arquimaster.png","width":594,"height":78,"caption":"Arquimaster"},"image":{"@id":"https:\/\/www.arquimaster.com.ar\/web\/#\/schema\/logo\/image\/"},"sameAs":["http:\/\/www.facebook.com\/ARQUIMASTER.com.ar","https:\/\/x.com\/arquimaster","https:\/\/www.instagram.com\/arquimasterblog\/","https:\/\/www.linkedin.com\/company\/arquimaster","https:\/\/www.pinterest.com\/arquimaster","https:\/\/t.me\/arquimaster"]},{"@type":"Person","@id":"https:\/\/www.arquimaster.com.ar\/web\/#\/schema\/person\/359e9f7c00193fcde068e0dd2ceb0028","name":"Arquimaster"}]}},"uagb_featured_image_src":{"full":["https:\/\/www.arquimaster.com.ar\/web\/wp-content\/uploads\/2015\/03\/estilo_pilar_e_b01_slide.jpg",642,336,false],"thumbnail":["https:\/\/www.arquimaster.com.ar\/web\/wp-content\/uploads\/2015\/03\/estilo_pilar_e_b01_slide-150x150.jpg",150,150,true],"medium":["https:\/\/www.arquimaster.com.ar\/web\/wp-content\/uploads\/2015\/03\/estilo_pilar_e_b01_slide-573x300.jpg",573,300,true],"medium_large":["https:\/\/www.arquimaster.com.ar\/web\/wp-content\/uploads\/2015\/03\/estilo_pilar_e_b01_slide.jpg",642,336,false],"large":["https:\/\/www.arquimaster.com.ar\/web\/wp-content\/uploads\/2015\/03\/estilo_pilar_e_b01_slide.jpg",642,336,false],"1536x1536":["https:\/\/www.arquimaster.com.ar\/web\/wp-content\/uploads\/2015\/03\/estilo_pilar_e_b01_slide.jpg",642,336,false],"2048x2048":["https:\/\/www.arquimaster.com.ar\/web\/wp-content\/uploads\/2015\/03\/estilo_pilar_e_b01_slide.jpg",642,336,false]},"uagb_author_info":{"display_name":"Arquimaster","author_link":"https:\/\/www.arquimaster.com.ar\/web\/author\/arquimaster\/"},"uagb_comment_info":0,"uagb_excerpt":"Propuesta urbana con detalles que se adaptan a la vida en las afueras de la gran ciudad...","_links":{"self":[{"href":"https:\/\/www.arquimaster.com.ar\/web\/wp-json\/wp\/v2\/posts\/13926","targetHints":{"allow":["GET"]}}],"collection":[{"href":"https:\/\/www.arquimaster.com.ar\/web\/wp-json\/wp\/v2\/posts"}],"about":[{"href":"https:\/\/www.arquimaster.com.ar\/web\/wp-json\/wp\/v2\/types\/post"}],"author":[{"embeddable":true,"href":"https:\/\/www.arquimaster.com.ar\/web\/wp-json\/wp\/v2\/users\/1"}],"replies":[{"embeddable":true,"href":"https:\/\/www.arquimaster.com.ar\/web\/wp-json\/wp\/v2\/comments?post=13926"}],"version-history":[{"count":0,"href":"https:\/\/www.arquimaster.com.ar\/web\/wp-json\/wp\/v2\/posts\/13926\/revisions"}],"wp:featuredmedia":[{"embeddable":true,"href":"https:\/\/www.arquimaster.com.ar\/web\/wp-json\/wp\/v2\/media\/13927"}],"wp:attachment":[{"href":"https:\/\/www.arquimaster.com.ar\/web\/wp-json\/wp\/v2\/media?parent=13926"}],"wp:term":[{"taxonomy":"category","embeddable":true,"href":"https:\/\/www.arquimaster.com.ar\/web\/wp-json\/wp\/v2\/categories?post=13926"},{"taxonomy":"post_tag","embeddable":true,"href":"https:\/\/www.arquimaster.com.ar\/web\/wp-json\/wp\/v2\/tags?post=13926"}],"curies":[{"name":"wp","href":"https:\/\/api.w.org\/{rel}","templated":true}]}}