{"id":13988,"date":"2015-03-29T14:00:16","date_gmt":"2015-03-29T14:00:16","guid":{"rendered":"http:\/\/www.arquimaster.com.ar\/web\/?p=13988"},"modified":"2015-03-30T00:46:19","modified_gmt":"2015-03-30T00:46:19","slug":"espacio-de-decoracion-b206-estilo-pilar-2015-sebastian-salazar","status":"publish","type":"post","link":"https:\/\/www.arquimaster.com.ar\/web\/espacio-de-decoracion-b206-estilo-pilar-2015-sebastian-salazar\/","title":{"rendered":"Espacio de decoracion B206 (Estilo Pilar 2015) \/ Sebastian Salazar"},"content":{"rendered":"<div style=\"margin-top: 0px; margin-bottom: 0px;\" class=\"sharethis-inline-share-buttons\" ><\/div><div class=\"b812932af2e751442846f039925109de\" data-index=\"1\" style=\"float: none; margin:25px 0 25px 0; text-align:center;\">\n<script async src=\"https:\/\/pagead2.googlesyndication.com\/pagead\/js\/adsbygoogle.js\"><\/script>\r\n<!-- Arquimaster (superior) -->\r\n<ins class=\"adsbygoogle\"\r\n     style=\"display:block\"\r\n     data-ad-client=\"ca-pub-6351072698456832\"\r\n     data-ad-slot=\"6455489680\"\r\n     data-ad-format=\"auto\"\r\n     data-full-width-responsive=\"true\"><\/ins>\r\n<script>\r\n     (adsbygoogle = window.adsbygoogle || []).push({});\r\n<\/script>\n<\/div>\n<p><strong>Espacio de decoracion B206<\/strong> (Estilo Pilar 2015) por <strong>Sebastian Salazar<\/strong>. Espacio Beca DArA.<\/p>\n<div id='gallery-1' class='gallery galleryid-13988 gallery-columns-3 gallery-size-thumbnail'><figure class='gallery-item'>\n\t\t\t<div class='gallery-icon landscape'>\n\t\t\t\t<a href='https:\/\/www.arquimaster.com.ar\/web\/wp-content\/uploads\/2015\/03\/estilo_pilar_e_b206_311.jpg' title=\"Espacio de decoracion B206 (Estilo Pilar 2015) \/ Sebastian Salazar\" data-rl_title=\"Espacio de decoracion B206 (Estilo Pilar 2015) \/ Sebastian Salazar\" class=\"rl-gallery-link\" data-rl_caption=\"Espacio de decoracion B206 (Estilo Pilar 2015) \/ Sebastian Salazar\" data-rel=\"lightbox-gallery-1\"><img loading=\"lazy\" decoding=\"async\" width=\"150\" height=\"150\" src=\"https:\/\/www.arquimaster.com.ar\/web\/wp-content\/uploads\/2015\/03\/estilo_pilar_e_b206_311-150x150.jpg\" class=\"attachment-thumbnail size-thumbnail\" alt=\"\" aria-describedby=\"gallery-1-14023\" srcset=\"https:\/\/www.arquimaster.com.ar\/web\/wp-content\/uploads\/2015\/03\/estilo_pilar_e_b206_311-150x150.jpg 150w, https:\/\/www.arquimaster.com.ar\/web\/wp-content\/uploads\/2015\/03\/estilo_pilar_e_b206_311-50x50.jpg 50w, https:\/\/www.arquimaster.com.ar\/web\/wp-content\/uploads\/2015\/03\/estilo_pilar_e_b206_311-125x125.jpg 125w\" sizes=\"auto, (max-width: 150px) 100vw, 150px\" \/><\/a>\n\t\t\t<\/div>\n\t\t\t\t<figcaption class='wp-caption-text gallery-caption' id='gallery-1-14023'>\n\t\t\t\tEspacio de decoracion B206 (Estilo Pilar 2015) \/ Sebastian Salazar\n\t\t\t\t<\/figcaption><\/figure><figure class='gallery-item'>\n\t\t\t<div class='gallery-icon portrait'>\n\t\t\t\t<a href='https:\/\/www.arquimaster.com.ar\/web\/wp-content\/uploads\/2015\/03\/estilo_pilar_e_b206_32.jpg' title=\"Espacio de decoracion B206 (Estilo Pilar 2015) \/ Sebastian Salazar\" data-rl_title=\"Espacio de decoracion B206 (Estilo Pilar 2015) \/ Sebastian Salazar\" class=\"rl-gallery-link\" data-rl_caption=\"Espacio de decoracion B206 (Estilo Pilar 2015) \/ Sebastian Salazar\" data-rel=\"lightbox-gallery-1\"><img loading=\"lazy\" decoding=\"async\" width=\"150\" height=\"150\" src=\"https:\/\/www.arquimaster.com.ar\/web\/wp-content\/uploads\/2015\/03\/estilo_pilar_e_b206_32-150x150.jpg\" class=\"attachment-thumbnail size-thumbnail\" alt=\"\" aria-describedby=\"gallery-1-13990\" srcset=\"https:\/\/www.arquimaster.com.ar\/web\/wp-content\/uploads\/2015\/03\/estilo_pilar_e_b206_32-150x150.jpg 150w, https:\/\/www.arquimaster.com.ar\/web\/wp-content\/uploads\/2015\/03\/estilo_pilar_e_b206_32-50x50.jpg 50w, https:\/\/www.arquimaster.com.ar\/web\/wp-content\/uploads\/2015\/03\/estilo_pilar_e_b206_32-125x125.jpg 125w\" sizes=\"auto, (max-width: 150px) 100vw, 150px\" \/><\/a>\n\t\t\t<\/div>\n\t\t\t\t<figcaption class='wp-caption-text gallery-caption' id='gallery-1-13990'>\n\t\t\t\tEspacio de decoracion B206 (Estilo Pilar 2015) \/ Sebastian Salazar\n\t\t\t\t<\/figcaption><\/figure><figure class='gallery-item'>\n\t\t\t<div class='gallery-icon landscape'>\n\t\t\t\t<a href='https:\/\/www.arquimaster.com.ar\/web\/wp-content\/uploads\/2015\/03\/estilo_pilar_e_b206_1.jpg' title=\"Espacio de decoracion B206 (Estilo Pilar 2015) \/ Sebastian Salazar\" data-rl_title=\"Espacio de decoracion B206 (Estilo Pilar 2015) \/ Sebastian Salazar\" class=\"rl-gallery-link\" data-rl_caption=\"Espacio de decoracion B206 (Estilo Pilar 2015) \/ Sebastian Salazar\" data-rel=\"lightbox-gallery-1\"><img loading=\"lazy\" decoding=\"async\" width=\"150\" height=\"150\" src=\"https:\/\/www.arquimaster.com.ar\/web\/wp-content\/uploads\/2015\/03\/estilo_pilar_e_b206_1-150x150.jpg\" class=\"attachment-thumbnail size-thumbnail\" alt=\"\" aria-describedby=\"gallery-1-13991\" srcset=\"https:\/\/www.arquimaster.com.ar\/web\/wp-content\/uploads\/2015\/03\/estilo_pilar_e_b206_1-150x150.jpg 150w, https:\/\/www.arquimaster.com.ar\/web\/wp-content\/uploads\/2015\/03\/estilo_pilar_e_b206_1-50x50.jpg 50w, https:\/\/www.arquimaster.com.ar\/web\/wp-content\/uploads\/2015\/03\/estilo_pilar_e_b206_1-125x125.jpg 125w\" sizes=\"auto, (max-width: 150px) 100vw, 150px\" \/><\/a>\n\t\t\t<\/div>\n\t\t\t\t<figcaption class='wp-caption-text gallery-caption' id='gallery-1-13991'>\n\t\t\t\tEspacio de decoracion B206 (Estilo Pilar 2015) \/ Sebastian Salazar\n\t\t\t\t<\/figcaption><\/figure><figure class='gallery-item'>\n\t\t\t<div class='gallery-icon landscape'>\n\t\t\t\t<a href='https:\/\/www.arquimaster.com.ar\/web\/wp-content\/uploads\/2015\/03\/estilo_pilar_e_b206_2.jpg' title=\"Espacio de decoracion B206 (Estilo Pilar 2015) \/ Sebastian Salazar\" data-rl_title=\"Espacio de decoracion B206 (Estilo Pilar 2015) \/ Sebastian Salazar\" class=\"rl-gallery-link\" data-rl_caption=\"Espacio de decoracion B206 (Estilo Pilar 2015) \/ Sebastian Salazar\" data-rel=\"lightbox-gallery-1\"><img loading=\"lazy\" decoding=\"async\" width=\"150\" height=\"150\" src=\"https:\/\/www.arquimaster.com.ar\/web\/wp-content\/uploads\/2015\/03\/estilo_pilar_e_b206_2-150x150.jpg\" class=\"attachment-thumbnail size-thumbnail\" alt=\"\" aria-describedby=\"gallery-1-13992\" srcset=\"https:\/\/www.arquimaster.com.ar\/web\/wp-content\/uploads\/2015\/03\/estilo_pilar_e_b206_2-150x150.jpg 150w, https:\/\/www.arquimaster.com.ar\/web\/wp-content\/uploads\/2015\/03\/estilo_pilar_e_b206_2-50x50.jpg 50w, https:\/\/www.arquimaster.com.ar\/web\/wp-content\/uploads\/2015\/03\/estilo_pilar_e_b206_2-125x125.jpg 125w\" sizes=\"auto, (max-width: 150px) 100vw, 150px\" \/><\/a>\n\t\t\t<\/div>\n\t\t\t\t<figcaption class='wp-caption-text gallery-caption' id='gallery-1-13992'>\n\t\t\t\tEspacio de decoracion B206 (Estilo Pilar 2015) \/ Sebastian Salazar\n\t\t\t\t<\/figcaption><\/figure><figure class='gallery-item'>\n\t\t\t<div class='gallery-icon portrait'>\n\t\t\t\t<a href='https:\/\/www.arquimaster.com.ar\/web\/wp-content\/uploads\/2015\/03\/estilo_pilar_e_b206_3.jpg' title=\"Espacio de decoracion B206 (Estilo Pilar 2015) \/ Sebastian Salazar\" data-rl_title=\"Espacio de decoracion B206 (Estilo Pilar 2015) \/ Sebastian Salazar\" class=\"rl-gallery-link\" data-rl_caption=\"Espacio de decoracion B206 (Estilo Pilar 2015) \/ Sebastian Salazar\" data-rel=\"lightbox-gallery-1\"><img loading=\"lazy\" decoding=\"async\" width=\"150\" height=\"150\" src=\"https:\/\/www.arquimaster.com.ar\/web\/wp-content\/uploads\/2015\/03\/estilo_pilar_e_b206_3-150x150.jpg\" class=\"attachment-thumbnail size-thumbnail\" alt=\"\" aria-describedby=\"gallery-1-13993\" srcset=\"https:\/\/www.arquimaster.com.ar\/web\/wp-content\/uploads\/2015\/03\/estilo_pilar_e_b206_3-150x150.jpg 150w, https:\/\/www.arquimaster.com.ar\/web\/wp-content\/uploads\/2015\/03\/estilo_pilar_e_b206_3-50x50.jpg 50w, https:\/\/www.arquimaster.com.ar\/web\/wp-content\/uploads\/2015\/03\/estilo_pilar_e_b206_3-125x125.jpg 125w\" sizes=\"auto, (max-width: 150px) 100vw, 150px\" \/><\/a>\n\t\t\t<\/div>\n\t\t\t\t<figcaption class='wp-caption-text gallery-caption' id='gallery-1-13993'>\n\t\t\t\tEspacio de decoracion B206 (Estilo Pilar 2015) \/ Sebastian Salazar\n\t\t\t\t<\/figcaption><\/figure><figure class='gallery-item'>\n\t\t\t<div class='gallery-icon portrait'>\n\t\t\t\t<a href='https:\/\/www.arquimaster.com.ar\/web\/wp-content\/uploads\/2015\/03\/estilo_pilar_e_b206_4.jpg' title=\"Espacio de decoracion B206 (Estilo Pilar 2015) \/ Sebastian Salazar\" data-rl_title=\"Espacio de decoracion B206 (Estilo Pilar 2015) \/ Sebastian Salazar\" class=\"rl-gallery-link\" data-rl_caption=\"Espacio de decoracion B206 (Estilo Pilar 2015) \/ Sebastian Salazar\" data-rel=\"lightbox-gallery-1\"><img loading=\"lazy\" decoding=\"async\" width=\"150\" height=\"150\" src=\"https:\/\/www.arquimaster.com.ar\/web\/wp-content\/uploads\/2015\/03\/estilo_pilar_e_b206_4-150x150.jpg\" class=\"attachment-thumbnail size-thumbnail\" alt=\"\" aria-describedby=\"gallery-1-13994\" srcset=\"https:\/\/www.arquimaster.com.ar\/web\/wp-content\/uploads\/2015\/03\/estilo_pilar_e_b206_4-150x150.jpg 150w, https:\/\/www.arquimaster.com.ar\/web\/wp-content\/uploads\/2015\/03\/estilo_pilar_e_b206_4-50x50.jpg 50w, https:\/\/www.arquimaster.com.ar\/web\/wp-content\/uploads\/2015\/03\/estilo_pilar_e_b206_4-125x125.jpg 125w\" sizes=\"auto, (max-width: 150px) 100vw, 150px\" \/><\/a>\n\t\t\t<\/div>\n\t\t\t\t<figcaption class='wp-caption-text gallery-caption' id='gallery-1-13994'>\n\t\t\t\tEspacio de decoracion B206 (Estilo Pilar 2015) \/ Sebastian Salazar\n\t\t\t\t<\/figcaption><\/figure><figure class='gallery-item'>\n\t\t\t<div class='gallery-icon portrait'>\n\t\t\t\t<a href='https:\/\/www.arquimaster.com.ar\/web\/wp-content\/uploads\/2015\/03\/estilo_pilar_e_b206_5.jpg' title=\"Espacio de decoracion B206 (Estilo Pilar 2015) \/ Sebastian Salazar\" data-rl_title=\"Espacio de decoracion B206 (Estilo Pilar 2015) \/ Sebastian Salazar\" class=\"rl-gallery-link\" data-rl_caption=\"Espacio de decoracion B206 (Estilo Pilar 2015) \/ Sebastian Salazar\" data-rel=\"lightbox-gallery-1\"><img loading=\"lazy\" decoding=\"async\" width=\"150\" height=\"150\" src=\"https:\/\/www.arquimaster.com.ar\/web\/wp-content\/uploads\/2015\/03\/estilo_pilar_e_b206_5-150x150.jpg\" class=\"attachment-thumbnail size-thumbnail\" alt=\"\" aria-describedby=\"gallery-1-13995\" srcset=\"https:\/\/www.arquimaster.com.ar\/web\/wp-content\/uploads\/2015\/03\/estilo_pilar_e_b206_5-150x150.jpg 150w, https:\/\/www.arquimaster.com.ar\/web\/wp-content\/uploads\/2015\/03\/estilo_pilar_e_b206_5-50x50.jpg 50w, https:\/\/www.arquimaster.com.ar\/web\/wp-content\/uploads\/2015\/03\/estilo_pilar_e_b206_5-125x125.jpg 125w\" sizes=\"auto, (max-width: 150px) 100vw, 150px\" \/><\/a>\n\t\t\t<\/div>\n\t\t\t\t<figcaption class='wp-caption-text gallery-caption' id='gallery-1-13995'>\n\t\t\t\tEspacio de decoracion B206 (Estilo Pilar 2015) \/ Sebastian Salazar\n\t\t\t\t<\/figcaption><\/figure><figure class='gallery-item'>\n\t\t\t<div class='gallery-icon landscape'>\n\t\t\t\t<a href='https:\/\/www.arquimaster.com.ar\/web\/wp-content\/uploads\/2015\/03\/estilo_pilar_e_b206_6.jpg' title=\"Espacio de decoracion B206 (Estilo Pilar 2015) \/ Sebastian Salazar\" data-rl_title=\"Espacio de decoracion B206 (Estilo Pilar 2015) \/ Sebastian Salazar\" class=\"rl-gallery-link\" data-rl_caption=\"Espacio de decoracion B206 (Estilo Pilar 2015) \/ Sebastian Salazar\" data-rel=\"lightbox-gallery-1\"><img loading=\"lazy\" decoding=\"async\" width=\"150\" height=\"150\" src=\"https:\/\/www.arquimaster.com.ar\/web\/wp-content\/uploads\/2015\/03\/estilo_pilar_e_b206_6-150x150.jpg\" class=\"attachment-thumbnail size-thumbnail\" alt=\"\" aria-describedby=\"gallery-1-13996\" srcset=\"https:\/\/www.arquimaster.com.ar\/web\/wp-content\/uploads\/2015\/03\/estilo_pilar_e_b206_6-150x150.jpg 150w, https:\/\/www.arquimaster.com.ar\/web\/wp-content\/uploads\/2015\/03\/estilo_pilar_e_b206_6-50x50.jpg 50w, https:\/\/www.arquimaster.com.ar\/web\/wp-content\/uploads\/2015\/03\/estilo_pilar_e_b206_6-125x125.jpg 125w\" sizes=\"auto, (max-width: 150px) 100vw, 150px\" \/><\/a>\n\t\t\t<\/div>\n\t\t\t\t<figcaption class='wp-caption-text gallery-caption' id='gallery-1-13996'>\n\t\t\t\tEspacio de decoracion B206 (Estilo Pilar 2015) \/ Sebastian Salazar\n\t\t\t\t<\/figcaption><\/figure><figure class='gallery-item'>\n\t\t\t<div class='gallery-icon landscape'>\n\t\t\t\t<a href='https:\/\/www.arquimaster.com.ar\/web\/wp-content\/uploads\/2015\/03\/estilo_pilar_e_b206_7.jpg' title=\"Espacio de decoracion B206 (Estilo Pilar 2015) \/ Sebastian Salazar\" data-rl_title=\"Espacio de decoracion B206 (Estilo Pilar 2015) \/ Sebastian Salazar\" class=\"rl-gallery-link\" data-rl_caption=\"Espacio de decoracion B206 (Estilo Pilar 2015) \/ Sebastian Salazar\" data-rel=\"lightbox-gallery-1\"><img loading=\"lazy\" decoding=\"async\" width=\"150\" height=\"150\" src=\"https:\/\/www.arquimaster.com.ar\/web\/wp-content\/uploads\/2015\/03\/estilo_pilar_e_b206_7-150x150.jpg\" class=\"attachment-thumbnail size-thumbnail\" alt=\"\" aria-describedby=\"gallery-1-13997\" srcset=\"https:\/\/www.arquimaster.com.ar\/web\/wp-content\/uploads\/2015\/03\/estilo_pilar_e_b206_7-150x150.jpg 150w, https:\/\/www.arquimaster.com.ar\/web\/wp-content\/uploads\/2015\/03\/estilo_pilar_e_b206_7-50x50.jpg 50w, https:\/\/www.arquimaster.com.ar\/web\/wp-content\/uploads\/2015\/03\/estilo_pilar_e_b206_7-125x125.jpg 125w\" sizes=\"auto, (max-width: 150px) 100vw, 150px\" \/><\/a>\n\t\t\t<\/div>\n\t\t\t\t<figcaption class='wp-caption-text gallery-caption' id='gallery-1-13997'>\n\t\t\t\tEspacio de decoracion B206 (Estilo Pilar 2015) \/ Sebastian Salazar\n\t\t\t\t<\/figcaption><\/figure><figure class='gallery-item'>\n\t\t\t<div class='gallery-icon portrait'>\n\t\t\t\t<a href='https:\/\/www.arquimaster.com.ar\/web\/wp-content\/uploads\/2015\/03\/estilo_pilar_e_b206_8.jpg' title=\"Espacio de decoracion B206 (Estilo Pilar 2015) \/ Sebastian Salazar\" data-rl_title=\"Espacio de decoracion B206 (Estilo Pilar 2015) \/ Sebastian Salazar\" class=\"rl-gallery-link\" data-rl_caption=\"Espacio de decoracion B206 (Estilo Pilar 2015) \/ Sebastian Salazar\" data-rel=\"lightbox-gallery-1\"><img loading=\"lazy\" decoding=\"async\" width=\"150\" height=\"150\" src=\"https:\/\/www.arquimaster.com.ar\/web\/wp-content\/uploads\/2015\/03\/estilo_pilar_e_b206_8-150x150.jpg\" class=\"attachment-thumbnail size-thumbnail\" alt=\"\" aria-describedby=\"gallery-1-13998\" srcset=\"https:\/\/www.arquimaster.com.ar\/web\/wp-content\/uploads\/2015\/03\/estilo_pilar_e_b206_8-150x150.jpg 150w, https:\/\/www.arquimaster.com.ar\/web\/wp-content\/uploads\/2015\/03\/estilo_pilar_e_b206_8-50x50.jpg 50w, https:\/\/www.arquimaster.com.ar\/web\/wp-content\/uploads\/2015\/03\/estilo_pilar_e_b206_8-125x125.jpg 125w\" sizes=\"auto, (max-width: 150px) 100vw, 150px\" \/><\/a>\n\t\t\t<\/div>\n\t\t\t\t<figcaption class='wp-caption-text gallery-caption' id='gallery-1-13998'>\n\t\t\t\tEspacio de decoracion B206 (Estilo Pilar 2015) \/ Sebastian Salazar\n\t\t\t\t<\/figcaption><\/figure><figure class='gallery-item'>\n\t\t\t<div class='gallery-icon portrait'>\n\t\t\t\t<a href='https:\/\/www.arquimaster.com.ar\/web\/wp-content\/uploads\/2015\/03\/estilo_pilar_e_b206_10.jpg' title=\"Espacio de decoracion B206 (Estilo Pilar 2015) \/ Sebastian Salazar\" data-rl_title=\"Espacio de decoracion B206 (Estilo Pilar 2015) \/ Sebastian Salazar\" class=\"rl-gallery-link\" data-rl_caption=\"Espacio de decoracion B206 (Estilo Pilar 2015) \/ Sebastian Salazar\" data-rel=\"lightbox-gallery-1\"><img loading=\"lazy\" decoding=\"async\" width=\"150\" height=\"150\" src=\"https:\/\/www.arquimaster.com.ar\/web\/wp-content\/uploads\/2015\/03\/estilo_pilar_e_b206_10-150x150.jpg\" class=\"attachment-thumbnail size-thumbnail\" alt=\"\" aria-describedby=\"gallery-1-14000\" srcset=\"https:\/\/www.arquimaster.com.ar\/web\/wp-content\/uploads\/2015\/03\/estilo_pilar_e_b206_10-150x150.jpg 150w, https:\/\/www.arquimaster.com.ar\/web\/wp-content\/uploads\/2015\/03\/estilo_pilar_e_b206_10-50x50.jpg 50w, https:\/\/www.arquimaster.com.ar\/web\/wp-content\/uploads\/2015\/03\/estilo_pilar_e_b206_10-125x125.jpg 125w\" sizes=\"auto, (max-width: 150px) 100vw, 150px\" \/><\/a>\n\t\t\t<\/div>\n\t\t\t\t<figcaption class='wp-caption-text gallery-caption' id='gallery-1-14000'>\n\t\t\t\tEspacio de decoracion B206 (Estilo Pilar 2015) \/ Sebastian Salazar\n\t\t\t\t<\/figcaption><\/figure><figure class='gallery-item'>\n\t\t\t<div class='gallery-icon portrait'>\n\t\t\t\t<a href='https:\/\/www.arquimaster.com.ar\/web\/wp-content\/uploads\/2015\/03\/estilo_pilar_e_b206_91.jpg' title=\"Espacio de decoracion B206 (Estilo Pilar 2015) \/ Sebastian Salazar\" data-rl_title=\"Espacio de decoracion B206 (Estilo Pilar 2015) \/ Sebastian Salazar\" class=\"rl-gallery-link\" data-rl_caption=\"Espacio de decoracion B206 (Estilo Pilar 2015) \/ Sebastian Salazar\" data-rel=\"lightbox-gallery-1\"><img loading=\"lazy\" decoding=\"async\" width=\"150\" height=\"150\" src=\"https:\/\/www.arquimaster.com.ar\/web\/wp-content\/uploads\/2015\/03\/estilo_pilar_e_b206_91-150x150.jpg\" class=\"attachment-thumbnail size-thumbnail\" alt=\"\" aria-describedby=\"gallery-1-14022\" srcset=\"https:\/\/www.arquimaster.com.ar\/web\/wp-content\/uploads\/2015\/03\/estilo_pilar_e_b206_91-150x150.jpg 150w, https:\/\/www.arquimaster.com.ar\/web\/wp-content\/uploads\/2015\/03\/estilo_pilar_e_b206_91-50x50.jpg 50w, https:\/\/www.arquimaster.com.ar\/web\/wp-content\/uploads\/2015\/03\/estilo_pilar_e_b206_91-125x125.jpg 125w\" sizes=\"auto, (max-width: 150px) 100vw, 150px\" \/><\/a>\n\t\t\t<\/div>\n\t\t\t\t<figcaption class='wp-caption-text gallery-caption' id='gallery-1-14022'>\n\t\t\t\tEspacio de decoracion B206 (Estilo Pilar 2015) \/ Sebastian Salazar\n\t\t\t\t<\/figcaption><\/figure><figure class='gallery-item'>\n\t\t\t<div class='gallery-icon portrait'>\n\t\t\t\t<a href='https:\/\/www.arquimaster.com.ar\/web\/wp-content\/uploads\/2015\/03\/estilo_pilar_e_b206_11.jpg' title=\"Espacio de decoracion B206 (Estilo Pilar 2015) \/ Sebastian Salazar\" data-rl_title=\"Espacio de decoracion B206 (Estilo Pilar 2015) \/ Sebastian Salazar\" class=\"rl-gallery-link\" data-rl_caption=\"Espacio de decoracion B206 (Estilo Pilar 2015) \/ Sebastian Salazar\" data-rel=\"lightbox-gallery-1\"><img loading=\"lazy\" decoding=\"async\" width=\"150\" height=\"150\" src=\"https:\/\/www.arquimaster.com.ar\/web\/wp-content\/uploads\/2015\/03\/estilo_pilar_e_b206_11-150x150.jpg\" class=\"attachment-thumbnail size-thumbnail\" alt=\"\" aria-describedby=\"gallery-1-14001\" srcset=\"https:\/\/www.arquimaster.com.ar\/web\/wp-content\/uploads\/2015\/03\/estilo_pilar_e_b206_11-150x150.jpg 150w, https:\/\/www.arquimaster.com.ar\/web\/wp-content\/uploads\/2015\/03\/estilo_pilar_e_b206_11-50x50.jpg 50w, https:\/\/www.arquimaster.com.ar\/web\/wp-content\/uploads\/2015\/03\/estilo_pilar_e_b206_11-125x125.jpg 125w\" sizes=\"auto, (max-width: 150px) 100vw, 150px\" \/><\/a>\n\t\t\t<\/div>\n\t\t\t\t<figcaption class='wp-caption-text gallery-caption' id='gallery-1-14001'>\n\t\t\t\tEspacio de decoracion B206 (Estilo Pilar 2015) \/ Sebastian Salazar\n\t\t\t\t<\/figcaption><\/figure><figure class='gallery-item'>\n\t\t\t<div class='gallery-icon portrait'>\n\t\t\t\t<a href='https:\/\/www.arquimaster.com.ar\/web\/wp-content\/uploads\/2015\/03\/estilo_pilar_e_b206_12.jpg' title=\"Espacio de decoracion B206 (Estilo Pilar 2015) \/ Sebastian Salazar\" data-rl_title=\"Espacio de decoracion B206 (Estilo Pilar 2015) \/ Sebastian Salazar\" class=\"rl-gallery-link\" data-rl_caption=\"Espacio de decoracion B206 (Estilo Pilar 2015) \/ Sebastian Salazar\" data-rel=\"lightbox-gallery-1\"><img loading=\"lazy\" decoding=\"async\" width=\"150\" height=\"150\" src=\"https:\/\/www.arquimaster.com.ar\/web\/wp-content\/uploads\/2015\/03\/estilo_pilar_e_b206_12-150x150.jpg\" class=\"attachment-thumbnail size-thumbnail\" alt=\"\" aria-describedby=\"gallery-1-14002\" srcset=\"https:\/\/www.arquimaster.com.ar\/web\/wp-content\/uploads\/2015\/03\/estilo_pilar_e_b206_12-150x150.jpg 150w, https:\/\/www.arquimaster.com.ar\/web\/wp-content\/uploads\/2015\/03\/estilo_pilar_e_b206_12-50x50.jpg 50w, https:\/\/www.arquimaster.com.ar\/web\/wp-content\/uploads\/2015\/03\/estilo_pilar_e_b206_12-125x125.jpg 125w\" sizes=\"auto, (max-width: 150px) 100vw, 150px\" \/><\/a>\n\t\t\t<\/div>\n\t\t\t\t<figcaption class='wp-caption-text gallery-caption' id='gallery-1-14002'>\n\t\t\t\tEspacio de decoracion B206 (Estilo Pilar 2015) \/ Sebastian Salazar\n\t\t\t\t<\/figcaption><\/figure><figure class='gallery-item'>\n\t\t\t<div class='gallery-icon landscape'>\n\t\t\t\t<a href='https:\/\/www.arquimaster.com.ar\/web\/wp-content\/uploads\/2015\/03\/estilo_pilar_e_b206_13.jpg' title=\"Espacio de decoracion B206 (Estilo Pilar 2015) \/ Sebastian Salazar\" data-rl_title=\"Espacio de decoracion B206 (Estilo Pilar 2015) \/ Sebastian Salazar\" class=\"rl-gallery-link\" data-rl_caption=\"Espacio de decoracion B206 (Estilo Pilar 2015) \/ Sebastian Salazar\" data-rel=\"lightbox-gallery-1\"><img loading=\"lazy\" decoding=\"async\" width=\"150\" height=\"150\" src=\"https:\/\/www.arquimaster.com.ar\/web\/wp-content\/uploads\/2015\/03\/estilo_pilar_e_b206_13-150x150.jpg\" class=\"attachment-thumbnail size-thumbnail\" alt=\"\" aria-describedby=\"gallery-1-14003\" srcset=\"https:\/\/www.arquimaster.com.ar\/web\/wp-content\/uploads\/2015\/03\/estilo_pilar_e_b206_13-150x150.jpg 150w, https:\/\/www.arquimaster.com.ar\/web\/wp-content\/uploads\/2015\/03\/estilo_pilar_e_b206_13-50x50.jpg 50w, https:\/\/www.arquimaster.com.ar\/web\/wp-content\/uploads\/2015\/03\/estilo_pilar_e_b206_13-125x125.jpg 125w\" sizes=\"auto, (max-width: 150px) 100vw, 150px\" \/><\/a>\n\t\t\t<\/div>\n\t\t\t\t<figcaption class='wp-caption-text gallery-caption' id='gallery-1-14003'>\n\t\t\t\tEspacio de decoracion B206 (Estilo Pilar 2015) \/ Sebastian Salazar\n\t\t\t\t<\/figcaption><\/figure><figure class='gallery-item'>\n\t\t\t<div class='gallery-icon portrait'>\n\t\t\t\t<a href='https:\/\/www.arquimaster.com.ar\/web\/wp-content\/uploads\/2015\/03\/estilo_pilar_e_b206_14.jpg' title=\"Espacio de decoracion B206 (Estilo Pilar 2015) \/ Sebastian Salazar\" data-rl_title=\"Espacio de decoracion B206 (Estilo Pilar 2015) \/ Sebastian Salazar\" class=\"rl-gallery-link\" data-rl_caption=\"Espacio de decoracion B206 (Estilo Pilar 2015) \/ Sebastian Salazar\" data-rel=\"lightbox-gallery-1\"><img loading=\"lazy\" decoding=\"async\" width=\"150\" height=\"150\" src=\"https:\/\/www.arquimaster.com.ar\/web\/wp-content\/uploads\/2015\/03\/estilo_pilar_e_b206_14-150x150.jpg\" class=\"attachment-thumbnail size-thumbnail\" alt=\"\" aria-describedby=\"gallery-1-14004\" srcset=\"https:\/\/www.arquimaster.com.ar\/web\/wp-content\/uploads\/2015\/03\/estilo_pilar_e_b206_14-150x150.jpg 150w, https:\/\/www.arquimaster.com.ar\/web\/wp-content\/uploads\/2015\/03\/estilo_pilar_e_b206_14-50x50.jpg 50w, https:\/\/www.arquimaster.com.ar\/web\/wp-content\/uploads\/2015\/03\/estilo_pilar_e_b206_14-125x125.jpg 125w\" sizes=\"auto, (max-width: 150px) 100vw, 150px\" \/><\/a>\n\t\t\t<\/div>\n\t\t\t\t<figcaption class='wp-caption-text gallery-caption' id='gallery-1-14004'>\n\t\t\t\tEspacio de decoracion B206 (Estilo Pilar 2015) \/ Sebastian Salazar\n\t\t\t\t<\/figcaption><\/figure><figure class='gallery-item'>\n\t\t\t<div class='gallery-icon landscape'>\n\t\t\t\t<a href='https:\/\/www.arquimaster.com.ar\/web\/wp-content\/uploads\/2015\/03\/estilo_pilar_e_b206_15.jpg' title=\"Espacio de decoracion B206 (Estilo Pilar 2015) \/ Sebastian Salazar\" data-rl_title=\"Espacio de decoracion B206 (Estilo Pilar 2015) \/ Sebastian Salazar\" class=\"rl-gallery-link\" data-rl_caption=\"Espacio de decoracion B206 (Estilo Pilar 2015) \/ Sebastian Salazar\" data-rel=\"lightbox-gallery-1\"><img loading=\"lazy\" decoding=\"async\" width=\"150\" height=\"150\" src=\"https:\/\/www.arquimaster.com.ar\/web\/wp-content\/uploads\/2015\/03\/estilo_pilar_e_b206_15-150x150.jpg\" class=\"attachment-thumbnail size-thumbnail\" alt=\"\" aria-describedby=\"gallery-1-14005\" srcset=\"https:\/\/www.arquimaster.com.ar\/web\/wp-content\/uploads\/2015\/03\/estilo_pilar_e_b206_15-150x150.jpg 150w, https:\/\/www.arquimaster.com.ar\/web\/wp-content\/uploads\/2015\/03\/estilo_pilar_e_b206_15-50x50.jpg 50w, https:\/\/www.arquimaster.com.ar\/web\/wp-content\/uploads\/2015\/03\/estilo_pilar_e_b206_15-125x125.jpg 125w\" sizes=\"auto, (max-width: 150px) 100vw, 150px\" \/><\/a>\n\t\t\t<\/div>\n\t\t\t\t<figcaption class='wp-caption-text gallery-caption' id='gallery-1-14005'>\n\t\t\t\tEspacio de decoracion B206 (Estilo Pilar 2015) \/ Sebastian Salazar\n\t\t\t\t<\/figcaption><\/figure><figure class='gallery-item'>\n\t\t\t<div class='gallery-icon portrait'>\n\t\t\t\t<a href='https:\/\/www.arquimaster.com.ar\/web\/wp-content\/uploads\/2015\/03\/estilo_pilar_e_b206_16.jpg' title=\"Espacio de decoracion B206 (Estilo Pilar 2015) \/ Sebastian Salazar\" data-rl_title=\"Espacio de decoracion B206 (Estilo Pilar 2015) \/ Sebastian Salazar\" class=\"rl-gallery-link\" data-rl_caption=\"Espacio de decoracion B206 (Estilo Pilar 2015) \/ Sebastian Salazar\" data-rel=\"lightbox-gallery-1\"><img loading=\"lazy\" decoding=\"async\" width=\"150\" height=\"150\" src=\"https:\/\/www.arquimaster.com.ar\/web\/wp-content\/uploads\/2015\/03\/estilo_pilar_e_b206_16-150x150.jpg\" class=\"attachment-thumbnail size-thumbnail\" alt=\"\" aria-describedby=\"gallery-1-14006\" srcset=\"https:\/\/www.arquimaster.com.ar\/web\/wp-content\/uploads\/2015\/03\/estilo_pilar_e_b206_16-150x150.jpg 150w, https:\/\/www.arquimaster.com.ar\/web\/wp-content\/uploads\/2015\/03\/estilo_pilar_e_b206_16-50x50.jpg 50w, https:\/\/www.arquimaster.com.ar\/web\/wp-content\/uploads\/2015\/03\/estilo_pilar_e_b206_16-125x125.jpg 125w\" sizes=\"auto, (max-width: 150px) 100vw, 150px\" \/><\/a>\n\t\t\t<\/div>\n\t\t\t\t<figcaption class='wp-caption-text gallery-caption' id='gallery-1-14006'>\n\t\t\t\tEspacio de decoracion B206 (Estilo Pilar 2015) \/ Sebastian Salazar\n\t\t\t\t<\/figcaption><\/figure><figure class='gallery-item'>\n\t\t\t<div class='gallery-icon portrait'>\n\t\t\t\t<a href='https:\/\/www.arquimaster.com.ar\/web\/wp-content\/uploads\/2015\/03\/estilo_pilar_e_b206_17.jpg' title=\"Espacio de decoracion B206 (Estilo Pilar 2015) \/ Sebastian Salazar\" data-rl_title=\"Espacio de decoracion B206 (Estilo Pilar 2015) \/ Sebastian Salazar\" class=\"rl-gallery-link\" data-rl_caption=\"Espacio de decoracion B206 (Estilo Pilar 2015) \/ Sebastian Salazar\" data-rel=\"lightbox-gallery-1\"><img loading=\"lazy\" decoding=\"async\" width=\"150\" height=\"150\" src=\"https:\/\/www.arquimaster.com.ar\/web\/wp-content\/uploads\/2015\/03\/estilo_pilar_e_b206_17-150x150.jpg\" class=\"attachment-thumbnail size-thumbnail\" alt=\"\" aria-describedby=\"gallery-1-14007\" srcset=\"https:\/\/www.arquimaster.com.ar\/web\/wp-content\/uploads\/2015\/03\/estilo_pilar_e_b206_17-150x150.jpg 150w, https:\/\/www.arquimaster.com.ar\/web\/wp-content\/uploads\/2015\/03\/estilo_pilar_e_b206_17-50x50.jpg 50w, https:\/\/www.arquimaster.com.ar\/web\/wp-content\/uploads\/2015\/03\/estilo_pilar_e_b206_17-125x125.jpg 125w\" sizes=\"auto, (max-width: 150px) 100vw, 150px\" \/><\/a>\n\t\t\t<\/div>\n\t\t\t\t<figcaption class='wp-caption-text gallery-caption' id='gallery-1-14007'>\n\t\t\t\tEspacio de decoracion B206 (Estilo Pilar 2015) \/ Sebastian Salazar\n\t\t\t\t<\/figcaption><\/figure><figure class='gallery-item'>\n\t\t\t<div class='gallery-icon portrait'>\n\t\t\t\t<a href='https:\/\/www.arquimaster.com.ar\/web\/wp-content\/uploads\/2015\/03\/estilo_pilar_e_b206_18.jpg' title=\"Espacio de decoracion B206 (Estilo Pilar 2015) \/ Sebastian Salazar\" data-rl_title=\"Espacio de decoracion B206 (Estilo Pilar 2015) \/ Sebastian Salazar\" class=\"rl-gallery-link\" data-rl_caption=\"Espacio de decoracion B206 (Estilo Pilar 2015) \/ Sebastian Salazar\" data-rel=\"lightbox-gallery-1\"><img loading=\"lazy\" decoding=\"async\" width=\"150\" height=\"150\" src=\"https:\/\/www.arquimaster.com.ar\/web\/wp-content\/uploads\/2015\/03\/estilo_pilar_e_b206_18-150x150.jpg\" class=\"attachment-thumbnail size-thumbnail\" alt=\"\" aria-describedby=\"gallery-1-14008\" srcset=\"https:\/\/www.arquimaster.com.ar\/web\/wp-content\/uploads\/2015\/03\/estilo_pilar_e_b206_18-150x150.jpg 150w, https:\/\/www.arquimaster.com.ar\/web\/wp-content\/uploads\/2015\/03\/estilo_pilar_e_b206_18-50x50.jpg 50w, https:\/\/www.arquimaster.com.ar\/web\/wp-content\/uploads\/2015\/03\/estilo_pilar_e_b206_18-125x125.jpg 125w\" sizes=\"auto, (max-width: 150px) 100vw, 150px\" \/><\/a>\n\t\t\t<\/div>\n\t\t\t\t<figcaption class='wp-caption-text gallery-caption' id='gallery-1-14008'>\n\t\t\t\tEspacio de decoracion B206 (Estilo Pilar 2015) \/ Sebastian Salazar\n\t\t\t\t<\/figcaption><\/figure><figure class='gallery-item'>\n\t\t\t<div class='gallery-icon portrait'>\n\t\t\t\t<a href='https:\/\/www.arquimaster.com.ar\/web\/wp-content\/uploads\/2015\/03\/estilo_pilar_e_b206_19.jpg' title=\"Espacio de decoracion B206 (Estilo Pilar 2015) \/ Sebastian Salazar\" data-rl_title=\"Espacio de decoracion B206 (Estilo Pilar 2015) \/ Sebastian Salazar\" class=\"rl-gallery-link\" data-rl_caption=\"Espacio de decoracion B206 (Estilo Pilar 2015) \/ Sebastian Salazar\" data-rel=\"lightbox-gallery-1\"><img loading=\"lazy\" decoding=\"async\" width=\"150\" height=\"150\" src=\"https:\/\/www.arquimaster.com.ar\/web\/wp-content\/uploads\/2015\/03\/estilo_pilar_e_b206_19-150x150.jpg\" class=\"attachment-thumbnail size-thumbnail\" alt=\"\" aria-describedby=\"gallery-1-14009\" srcset=\"https:\/\/www.arquimaster.com.ar\/web\/wp-content\/uploads\/2015\/03\/estilo_pilar_e_b206_19-150x150.jpg 150w, https:\/\/www.arquimaster.com.ar\/web\/wp-content\/uploads\/2015\/03\/estilo_pilar_e_b206_19-50x50.jpg 50w, https:\/\/www.arquimaster.com.ar\/web\/wp-content\/uploads\/2015\/03\/estilo_pilar_e_b206_19-125x125.jpg 125w\" sizes=\"auto, (max-width: 150px) 100vw, 150px\" \/><\/a>\n\t\t\t<\/div>\n\t\t\t\t<figcaption class='wp-caption-text gallery-caption' id='gallery-1-14009'>\n\t\t\t\tEspacio de decoracion B206 (Estilo Pilar 2015) \/ Sebastian Salazar\n\t\t\t\t<\/figcaption><\/figure><figure class='gallery-item'>\n\t\t\t<div class='gallery-icon portrait'>\n\t\t\t\t<a href='https:\/\/www.arquimaster.com.ar\/web\/wp-content\/uploads\/2015\/03\/estilo_pilar_e_b206_20.jpg' title=\"Espacio de decoracion B206 (Estilo Pilar 2015) \/ Sebastian Salazar\" data-rl_title=\"Espacio de decoracion B206 (Estilo Pilar 2015) \/ Sebastian Salazar\" class=\"rl-gallery-link\" data-rl_caption=\"Espacio de decoracion B206 (Estilo Pilar 2015) \/ Sebastian Salazar\" data-rel=\"lightbox-gallery-1\"><img loading=\"lazy\" decoding=\"async\" width=\"150\" height=\"150\" src=\"https:\/\/www.arquimaster.com.ar\/web\/wp-content\/uploads\/2015\/03\/estilo_pilar_e_b206_20-150x150.jpg\" class=\"attachment-thumbnail size-thumbnail\" alt=\"\" aria-describedby=\"gallery-1-14010\" srcset=\"https:\/\/www.arquimaster.com.ar\/web\/wp-content\/uploads\/2015\/03\/estilo_pilar_e_b206_20-150x150.jpg 150w, https:\/\/www.arquimaster.com.ar\/web\/wp-content\/uploads\/2015\/03\/estilo_pilar_e_b206_20-50x50.jpg 50w, https:\/\/www.arquimaster.com.ar\/web\/wp-content\/uploads\/2015\/03\/estilo_pilar_e_b206_20-125x125.jpg 125w\" sizes=\"auto, (max-width: 150px) 100vw, 150px\" \/><\/a>\n\t\t\t<\/div>\n\t\t\t\t<figcaption class='wp-caption-text gallery-caption' id='gallery-1-14010'>\n\t\t\t\tEspacio de decoracion B206 (Estilo Pilar 2015) \/ Sebastian Salazar\n\t\t\t\t<\/figcaption><\/figure><figure class='gallery-item'>\n\t\t\t<div class='gallery-icon portrait'>\n\t\t\t\t<a href='https:\/\/www.arquimaster.com.ar\/web\/wp-content\/uploads\/2015\/03\/estilo_pilar_e_b206_23.jpg' title=\"Espacio de decoracion B206 (Estilo Pilar 2015) \/ Sebastian Salazar\" data-rl_title=\"Espacio de decoracion B206 (Estilo Pilar 2015) \/ Sebastian Salazar\" class=\"rl-gallery-link\" data-rl_caption=\"Espacio de decoracion B206 (Estilo Pilar 2015) \/ Sebastian Salazar\" data-rel=\"lightbox-gallery-1\"><img loading=\"lazy\" decoding=\"async\" width=\"150\" height=\"150\" src=\"https:\/\/www.arquimaster.com.ar\/web\/wp-content\/uploads\/2015\/03\/estilo_pilar_e_b206_23-150x150.jpg\" class=\"attachment-thumbnail size-thumbnail\" alt=\"\" aria-describedby=\"gallery-1-14013\" srcset=\"https:\/\/www.arquimaster.com.ar\/web\/wp-content\/uploads\/2015\/03\/estilo_pilar_e_b206_23-150x150.jpg 150w, https:\/\/www.arquimaster.com.ar\/web\/wp-content\/uploads\/2015\/03\/estilo_pilar_e_b206_23-50x50.jpg 50w, https:\/\/www.arquimaster.com.ar\/web\/wp-content\/uploads\/2015\/03\/estilo_pilar_e_b206_23-125x125.jpg 125w\" sizes=\"auto, (max-width: 150px) 100vw, 150px\" \/><\/a>\n\t\t\t<\/div>\n\t\t\t\t<figcaption class='wp-caption-text gallery-caption' id='gallery-1-14013'>\n\t\t\t\tEspacio de decoracion B206 (Estilo Pilar 2015) \/ Sebastian Salazar\n\t\t\t\t<\/figcaption><\/figure><figure class='gallery-item'>\n\t\t\t<div class='gallery-icon landscape'>\n\t\t\t\t<a href='https:\/\/www.arquimaster.com.ar\/web\/wp-content\/uploads\/2015\/03\/estilo_pilar_e_b206_21.jpg' title=\"Espacio de decoracion B206 (Estilo Pilar 2015) \/ Sebastian Salazar\" data-rl_title=\"Espacio de decoracion B206 (Estilo Pilar 2015) \/ Sebastian Salazar\" class=\"rl-gallery-link\" data-rl_caption=\"Espacio de decoracion B206 (Estilo Pilar 2015) \/ Sebastian Salazar\" data-rel=\"lightbox-gallery-1\"><img loading=\"lazy\" decoding=\"async\" width=\"150\" height=\"150\" src=\"https:\/\/www.arquimaster.com.ar\/web\/wp-content\/uploads\/2015\/03\/estilo_pilar_e_b206_21-150x150.jpg\" class=\"attachment-thumbnail size-thumbnail\" alt=\"\" aria-describedby=\"gallery-1-14011\" srcset=\"https:\/\/www.arquimaster.com.ar\/web\/wp-content\/uploads\/2015\/03\/estilo_pilar_e_b206_21-150x150.jpg 150w, https:\/\/www.arquimaster.com.ar\/web\/wp-content\/uploads\/2015\/03\/estilo_pilar_e_b206_21-50x50.jpg 50w, https:\/\/www.arquimaster.com.ar\/web\/wp-content\/uploads\/2015\/03\/estilo_pilar_e_b206_21-125x125.jpg 125w\" sizes=\"auto, (max-width: 150px) 100vw, 150px\" \/><\/a>\n\t\t\t<\/div>\n\t\t\t\t<figcaption class='wp-caption-text gallery-caption' id='gallery-1-14011'>\n\t\t\t\tEspacio de decoracion B206 (Estilo Pilar 2015) \/ Sebastian Salazar\n\t\t\t\t<\/figcaption><\/figure><figure class='gallery-item'>\n\t\t\t<div class='gallery-icon portrait'>\n\t\t\t\t<a href='https:\/\/www.arquimaster.com.ar\/web\/wp-content\/uploads\/2015\/03\/estilo_pilar_e_b206_22.jpg' title=\"Espacio de decoracion B206 (Estilo Pilar 2015) \/ Sebastian Salazar\" data-rl_title=\"Espacio de decoracion B206 (Estilo Pilar 2015) \/ Sebastian Salazar\" class=\"rl-gallery-link\" data-rl_caption=\"Espacio de decoracion B206 (Estilo Pilar 2015) \/ Sebastian Salazar\" data-rel=\"lightbox-gallery-1\"><img loading=\"lazy\" decoding=\"async\" width=\"150\" height=\"150\" src=\"https:\/\/www.arquimaster.com.ar\/web\/wp-content\/uploads\/2015\/03\/estilo_pilar_e_b206_22-150x150.jpg\" class=\"attachment-thumbnail size-thumbnail\" alt=\"\" aria-describedby=\"gallery-1-14012\" srcset=\"https:\/\/www.arquimaster.com.ar\/web\/wp-content\/uploads\/2015\/03\/estilo_pilar_e_b206_22-150x150.jpg 150w, https:\/\/www.arquimaster.com.ar\/web\/wp-content\/uploads\/2015\/03\/estilo_pilar_e_b206_22-50x50.jpg 50w, https:\/\/www.arquimaster.com.ar\/web\/wp-content\/uploads\/2015\/03\/estilo_pilar_e_b206_22-125x125.jpg 125w\" sizes=\"auto, (max-width: 150px) 100vw, 150px\" \/><\/a>\n\t\t\t<\/div>\n\t\t\t\t<figcaption class='wp-caption-text gallery-caption' id='gallery-1-14012'>\n\t\t\t\tEspacio de decoracion B206 (Estilo Pilar 2015) \/ Sebastian Salazar\n\t\t\t\t<\/figcaption><\/figure><figure class='gallery-item'>\n\t\t\t<div class='gallery-icon portrait'>\n\t\t\t\t<a href='https:\/\/www.arquimaster.com.ar\/web\/wp-content\/uploads\/2015\/03\/estilo_pilar_e_b206_24.jpg' title=\"Espacio de decoracion B206 (Estilo Pilar 2015) \/ Sebastian Salazar\" data-rl_title=\"Espacio de decoracion B206 (Estilo Pilar 2015) \/ Sebastian Salazar\" class=\"rl-gallery-link\" data-rl_caption=\"Espacio de decoracion B206 (Estilo Pilar 2015) \/ Sebastian Salazar\" data-rel=\"lightbox-gallery-1\"><img loading=\"lazy\" decoding=\"async\" width=\"150\" height=\"150\" src=\"https:\/\/www.arquimaster.com.ar\/web\/wp-content\/uploads\/2015\/03\/estilo_pilar_e_b206_24-150x150.jpg\" class=\"attachment-thumbnail size-thumbnail\" alt=\"\" aria-describedby=\"gallery-1-14014\" srcset=\"https:\/\/www.arquimaster.com.ar\/web\/wp-content\/uploads\/2015\/03\/estilo_pilar_e_b206_24-150x150.jpg 150w, https:\/\/www.arquimaster.com.ar\/web\/wp-content\/uploads\/2015\/03\/estilo_pilar_e_b206_24-50x50.jpg 50w, https:\/\/www.arquimaster.com.ar\/web\/wp-content\/uploads\/2015\/03\/estilo_pilar_e_b206_24-125x125.jpg 125w\" sizes=\"auto, (max-width: 150px) 100vw, 150px\" \/><\/a>\n\t\t\t<\/div>\n\t\t\t\t<figcaption class='wp-caption-text gallery-caption' id='gallery-1-14014'>\n\t\t\t\tEspacio de decoracion B206 (Estilo Pilar 2015) \/ Sebastian Salazar\n\t\t\t\t<\/figcaption><\/figure><figure class='gallery-item'>\n\t\t\t<div class='gallery-icon portrait'>\n\t\t\t\t<a href='https:\/\/www.arquimaster.com.ar\/web\/wp-content\/uploads\/2015\/03\/estilo_pilar_e_b206_25.jpg' title=\"Espacio de decoracion B206 (Estilo Pilar 2015) \/ Sebastian Salazar\" data-rl_title=\"Espacio de decoracion B206 (Estilo Pilar 2015) \/ Sebastian Salazar\" class=\"rl-gallery-link\" data-rl_caption=\"Espacio de decoracion B206 (Estilo Pilar 2015) \/ Sebastian Salazar\" data-rel=\"lightbox-gallery-1\"><img loading=\"lazy\" decoding=\"async\" width=\"150\" height=\"150\" src=\"https:\/\/www.arquimaster.com.ar\/web\/wp-content\/uploads\/2015\/03\/estilo_pilar_e_b206_25-150x150.jpg\" class=\"attachment-thumbnail size-thumbnail\" alt=\"\" aria-describedby=\"gallery-1-14015\" srcset=\"https:\/\/www.arquimaster.com.ar\/web\/wp-content\/uploads\/2015\/03\/estilo_pilar_e_b206_25-150x150.jpg 150w, https:\/\/www.arquimaster.com.ar\/web\/wp-content\/uploads\/2015\/03\/estilo_pilar_e_b206_25-50x50.jpg 50w, https:\/\/www.arquimaster.com.ar\/web\/wp-content\/uploads\/2015\/03\/estilo_pilar_e_b206_25-125x125.jpg 125w\" sizes=\"auto, (max-width: 150px) 100vw, 150px\" \/><\/a>\n\t\t\t<\/div>\n\t\t\t\t<figcaption class='wp-caption-text gallery-caption' id='gallery-1-14015'>\n\t\t\t\tEspacio de decoracion B206 (Estilo Pilar 2015) \/ Sebastian Salazar\n\t\t\t\t<\/figcaption><\/figure><figure class='gallery-item'>\n\t\t\t<div class='gallery-icon portrait'>\n\t\t\t\t<a href='https:\/\/www.arquimaster.com.ar\/web\/wp-content\/uploads\/2015\/03\/estilo_pilar_e_b206_26.jpg' title=\"Espacio de decoracion B206 (Estilo Pilar 2015) \/ Sebastian Salazar\" data-rl_title=\"Espacio de decoracion B206 (Estilo Pilar 2015) \/ Sebastian Salazar\" class=\"rl-gallery-link\" data-rl_caption=\"Espacio de decoracion B206 (Estilo Pilar 2015) \/ Sebastian Salazar\" data-rel=\"lightbox-gallery-1\"><img loading=\"lazy\" decoding=\"async\" width=\"150\" height=\"150\" src=\"https:\/\/www.arquimaster.com.ar\/web\/wp-content\/uploads\/2015\/03\/estilo_pilar_e_b206_26-150x150.jpg\" class=\"attachment-thumbnail size-thumbnail\" alt=\"\" aria-describedby=\"gallery-1-14016\" srcset=\"https:\/\/www.arquimaster.com.ar\/web\/wp-content\/uploads\/2015\/03\/estilo_pilar_e_b206_26-150x150.jpg 150w, https:\/\/www.arquimaster.com.ar\/web\/wp-content\/uploads\/2015\/03\/estilo_pilar_e_b206_26-50x50.jpg 50w, https:\/\/www.arquimaster.com.ar\/web\/wp-content\/uploads\/2015\/03\/estilo_pilar_e_b206_26-125x125.jpg 125w\" sizes=\"auto, (max-width: 150px) 100vw, 150px\" \/><\/a>\n\t\t\t<\/div>\n\t\t\t\t<figcaption class='wp-caption-text gallery-caption' id='gallery-1-14016'>\n\t\t\t\tEspacio de decoracion B206 (Estilo Pilar 2015) \/ Sebastian Salazar\n\t\t\t\t<\/figcaption><\/figure><figure class='gallery-item'>\n\t\t\t<div class='gallery-icon portrait'>\n\t\t\t\t<a href='https:\/\/www.arquimaster.com.ar\/web\/wp-content\/uploads\/2015\/03\/estilo_pilar_e_b206_27.jpg' title=\"Espacio de decoracion B206 (Estilo Pilar 2015) \/ Sebastian Salazar\" data-rl_title=\"Espacio de decoracion B206 (Estilo Pilar 2015) \/ Sebastian Salazar\" class=\"rl-gallery-link\" data-rl_caption=\"Espacio de decoracion B206 (Estilo Pilar 2015) \/ Sebastian Salazar\" data-rel=\"lightbox-gallery-1\"><img loading=\"lazy\" decoding=\"async\" width=\"150\" height=\"150\" src=\"https:\/\/www.arquimaster.com.ar\/web\/wp-content\/uploads\/2015\/03\/estilo_pilar_e_b206_27-150x150.jpg\" class=\"attachment-thumbnail size-thumbnail\" alt=\"\" aria-describedby=\"gallery-1-14017\" srcset=\"https:\/\/www.arquimaster.com.ar\/web\/wp-content\/uploads\/2015\/03\/estilo_pilar_e_b206_27-150x150.jpg 150w, https:\/\/www.arquimaster.com.ar\/web\/wp-content\/uploads\/2015\/03\/estilo_pilar_e_b206_27-50x50.jpg 50w, https:\/\/www.arquimaster.com.ar\/web\/wp-content\/uploads\/2015\/03\/estilo_pilar_e_b206_27-125x125.jpg 125w\" sizes=\"auto, (max-width: 150px) 100vw, 150px\" \/><\/a>\n\t\t\t<\/div>\n\t\t\t\t<figcaption class='wp-caption-text gallery-caption' id='gallery-1-14017'>\n\t\t\t\tEspacio de decoracion B206 (Estilo Pilar 2015) \/ Sebastian Salazar\n\t\t\t\t<\/figcaption><\/figure><figure class='gallery-item'>\n\t\t\t<div class='gallery-icon portrait'>\n\t\t\t\t<a href='https:\/\/www.arquimaster.com.ar\/web\/wp-content\/uploads\/2015\/03\/estilo_pilar_e_b206_28.jpg' title=\"Espacio de decoracion B206 (Estilo Pilar 2015) \/ Sebastian Salazar\" data-rl_title=\"Espacio de decoracion B206 (Estilo Pilar 2015) \/ Sebastian Salazar\" class=\"rl-gallery-link\" data-rl_caption=\"Espacio de decoracion B206 (Estilo Pilar 2015) \/ Sebastian Salazar\" data-rel=\"lightbox-gallery-1\"><img loading=\"lazy\" decoding=\"async\" width=\"150\" height=\"150\" src=\"https:\/\/www.arquimaster.com.ar\/web\/wp-content\/uploads\/2015\/03\/estilo_pilar_e_b206_28-150x150.jpg\" class=\"attachment-thumbnail size-thumbnail\" alt=\"\" aria-describedby=\"gallery-1-14018\" srcset=\"https:\/\/www.arquimaster.com.ar\/web\/wp-content\/uploads\/2015\/03\/estilo_pilar_e_b206_28-150x150.jpg 150w, https:\/\/www.arquimaster.com.ar\/web\/wp-content\/uploads\/2015\/03\/estilo_pilar_e_b206_28-50x50.jpg 50w, https:\/\/www.arquimaster.com.ar\/web\/wp-content\/uploads\/2015\/03\/estilo_pilar_e_b206_28-125x125.jpg 125w\" sizes=\"auto, (max-width: 150px) 100vw, 150px\" \/><\/a>\n\t\t\t<\/div>\n\t\t\t\t<figcaption class='wp-caption-text gallery-caption' id='gallery-1-14018'>\n\t\t\t\tEspacio de decoracion B206 (Estilo Pilar 2015) \/ Sebastian Salazar\n\t\t\t\t<\/figcaption><\/figure><figure class='gallery-item'>\n\t\t\t<div class='gallery-icon portrait'>\n\t\t\t\t<a href='https:\/\/www.arquimaster.com.ar\/web\/wp-content\/uploads\/2015\/03\/estilo_pilar_e_b206_29.jpg' title=\"Espacio de decoracion B206 (Estilo Pilar 2015) \/ Sebastian Salazar\" data-rl_title=\"Espacio de decoracion B206 (Estilo Pilar 2015) \/ Sebastian Salazar\" class=\"rl-gallery-link\" data-rl_caption=\"Espacio de decoracion B206 (Estilo Pilar 2015) \/ Sebastian Salazar\" data-rel=\"lightbox-gallery-1\"><img loading=\"lazy\" decoding=\"async\" width=\"150\" height=\"150\" src=\"https:\/\/www.arquimaster.com.ar\/web\/wp-content\/uploads\/2015\/03\/estilo_pilar_e_b206_29-150x150.jpg\" class=\"attachment-thumbnail size-thumbnail\" alt=\"\" aria-describedby=\"gallery-1-14019\" srcset=\"https:\/\/www.arquimaster.com.ar\/web\/wp-content\/uploads\/2015\/03\/estilo_pilar_e_b206_29-150x150.jpg 150w, https:\/\/www.arquimaster.com.ar\/web\/wp-content\/uploads\/2015\/03\/estilo_pilar_e_b206_29-50x50.jpg 50w, https:\/\/www.arquimaster.com.ar\/web\/wp-content\/uploads\/2015\/03\/estilo_pilar_e_b206_29-125x125.jpg 125w\" sizes=\"auto, (max-width: 150px) 100vw, 150px\" \/><\/a>\n\t\t\t<\/div>\n\t\t\t\t<figcaption class='wp-caption-text gallery-caption' id='gallery-1-14019'>\n\t\t\t\tEspacio de decoracion B206 (Estilo Pilar 2015) \/ Sebastian Salazar\n\t\t\t\t<\/figcaption><\/figure><figure class='gallery-item'>\n\t\t\t<div class='gallery-icon portrait'>\n\t\t\t\t<a href='https:\/\/www.arquimaster.com.ar\/web\/wp-content\/uploads\/2015\/03\/estilo_pilar_e_b206_30.jpg' title=\"Espacio de decoracion B206 (Estilo Pilar 2015) \/ Sebastian Salazar\" data-rl_title=\"Espacio de decoracion B206 (Estilo Pilar 2015) \/ Sebastian Salazar\" class=\"rl-gallery-link\" data-rl_caption=\"Espacio de decoracion B206 (Estilo Pilar 2015) \/ Sebastian Salazar\" data-rel=\"lightbox-gallery-1\"><img loading=\"lazy\" decoding=\"async\" width=\"150\" height=\"150\" src=\"https:\/\/www.arquimaster.com.ar\/web\/wp-content\/uploads\/2015\/03\/estilo_pilar_e_b206_30-150x150.jpg\" class=\"attachment-thumbnail size-thumbnail\" alt=\"\" aria-describedby=\"gallery-1-14020\" srcset=\"https:\/\/www.arquimaster.com.ar\/web\/wp-content\/uploads\/2015\/03\/estilo_pilar_e_b206_30-150x150.jpg 150w, https:\/\/www.arquimaster.com.ar\/web\/wp-content\/uploads\/2015\/03\/estilo_pilar_e_b206_30-50x50.jpg 50w, https:\/\/www.arquimaster.com.ar\/web\/wp-content\/uploads\/2015\/03\/estilo_pilar_e_b206_30-125x125.jpg 125w\" sizes=\"auto, (max-width: 150px) 100vw, 150px\" \/><\/a>\n\t\t\t<\/div>\n\t\t\t\t<figcaption class='wp-caption-text gallery-caption' id='gallery-1-14020'>\n\t\t\t\tEspacio de decoracion B206 (Estilo Pilar 2015) \/ Sebastian Salazar\n\t\t\t\t<\/figcaption><\/figure>\n\t\t<\/div>\n\n<p>Sebastian Salazar ha sido elegido por DArA, Dise\u00f1adores de Interiores Argentinos Asociados, como beneficiario de la Beca DArA para su participacion en la muestra Estilo Pilar 2015.<\/p>\n<p><strong>Mas informacion<\/strong><br \/>\n<a title=\"Salazar Casa\" href=\"http:\/\/www.salazarcasa.com.ar\" target=\"_blank\">http:\/\/www.salazarcasa.com.ar<\/a><\/p>\n<p><strong>Acerca de Estilo Pilar 2015<\/strong><br \/>\nLa 13\u00ba edici\u00f3n de la muestra de decoraci\u00f3n, arte y paisajismo esta organizada por la Asociaci\u00f3n Amigos del Pilar y abrira sus puertas hasta el 12 de abril de 2015 en Bouquet, Residencias Exclusivas. En esta edici\u00f3n, bajo el leitmotiv \u00abViv\u00ed tu sue\u00f1o\u00bb, cada expositor presenta su espacio inspirado en el interrogante \u00bfCu\u00e1l es tu sue\u00f1o?. En total son 150 expositores que develan al p\u00fablico sus sue\u00f1os, sus deseos, y que a su vez invitan a experimentar los m\u00e1s intensos espacios.<\/p>\n<p>Fotos cortesia de Estilo Pilar 2015<\/p>\n\n<div style=\"font-size: 0px; height: 0px; line-height: 0px; margin: 0; padding: 0; clear: both;\"><\/div><div style=\"margin-top: 0px; margin-bottom: 0px;\" class=\"sharethis-inline-share-buttons\" ><\/div>","protected":false},"excerpt":{"rendered":"<p>Espacio Beca DArA, otorgado por Dise\u00f1adores de Interiores Argentinos Asociados&#8230;<\/p>\n","protected":false},"author":1,"featured_media":13989,"comment_status":"closed","ping_status":"closed","sticky":false,"template":"","format":"standard","meta":{"_uag_custom_page_level_css":"","footnotes":""},"categories":[55,3246],"tags":[3249,2437,37,2438,708,3168,1108,2834,2833],"class_list":["post-13988","post","type-post","status-publish","format-standard","has-post-thumbnail","hentry","category-diseno","category-estilo-pilar-2015","tag-beca-dara","tag-dara","tag-decoracion","tag-disenadores-de-interiores-argentinos-asociados","tag-estilo-pilar","tag-estilo-pilar-edicion-2015","tag-muestras","tag-salazar-casa","tag-sebastian-salazar","generate-columns","tablet-grid-50","mobile-grid-100","grid-parent","grid-50"],"yoast_head":"<!-- This site is optimized with the Yoast SEO plugin v27.3 - https:\/\/yoast.com\/product\/yoast-seo-wordpress\/ -->\n<title>Espacio de decoracion B206 (Estilo Pilar 2015) \/ Sebastian Salazar - Arquimaster<\/title>\n<meta name=\"robots\" content=\"index, follow, max-snippet:-1, max-image-preview:large, max-video-preview:-1\" \/>\n<link rel=\"canonical\" href=\"https:\/\/www.arquimaster.com.ar\/web\/espacio-de-decoracion-b206-estilo-pilar-2015-sebastian-salazar\/\" \/>\n<meta property=\"og:locale\" content=\"es_ES\" \/>\n<meta property=\"og:type\" content=\"article\" \/>\n<meta property=\"og:title\" content=\"Espacio de decoracion B206 (Estilo Pilar 2015) \/ Sebastian Salazar - Arquimaster\" \/>\n<meta property=\"og:description\" content=\"Espacio Beca DArA, otorgado por Dise\u00f1adores de Interiores Argentinos Asociados...\" \/>\n<meta property=\"og:url\" content=\"https:\/\/www.arquimaster.com.ar\/web\/espacio-de-decoracion-b206-estilo-pilar-2015-sebastian-salazar\/\" \/>\n<meta property=\"og:site_name\" content=\"Arquimaster\" \/>\n<meta property=\"article:publisher\" content=\"http:\/\/www.facebook.com\/ARQUIMASTER.com.ar\" \/>\n<meta property=\"article:published_time\" content=\"2015-03-29T14:00:16+00:00\" \/>\n<meta property=\"article:modified_time\" content=\"2015-03-30T00:46:19+00:00\" \/>\n<meta property=\"og:image\" content=\"https:\/\/www.arquimaster.com.ar\/web\/wp-content\/uploads\/2015\/03\/estilo_pilar_e_b206_slide.jpg\" \/>\n\t<meta property=\"og:image:width\" content=\"642\" \/>\n\t<meta property=\"og:image:height\" content=\"336\" \/>\n\t<meta property=\"og:image:type\" content=\"image\/jpeg\" \/>\n<meta name=\"author\" content=\"Arquimaster\" \/>\n<meta name=\"twitter:card\" content=\"summary_large_image\" \/>\n<meta name=\"twitter:creator\" content=\"@arquimaster\" \/>\n<meta name=\"twitter:site\" content=\"@arquimaster\" \/>\n<meta name=\"twitter:label1\" content=\"Escrito por\" \/>\n\t<meta name=\"twitter:data1\" content=\"Arquimaster\" \/>\n\t<meta name=\"twitter:label2\" content=\"Tiempo de lectura\" \/>\n\t<meta name=\"twitter:data2\" content=\"1 minuto\" \/>\n<script type=\"application\/ld+json\" class=\"yoast-schema-graph\">{\"@context\":\"https:\\\/\\\/schema.org\",\"@graph\":[{\"@type\":\"Article\",\"@id\":\"https:\\\/\\\/www.arquimaster.com.ar\\\/web\\\/espacio-de-decoracion-b206-estilo-pilar-2015-sebastian-salazar\\\/#article\",\"isPartOf\":{\"@id\":\"https:\\\/\\\/www.arquimaster.com.ar\\\/web\\\/espacio-de-decoracion-b206-estilo-pilar-2015-sebastian-salazar\\\/\"},\"author\":{\"name\":\"Arquimaster\",\"@id\":\"https:\\\/\\\/www.arquimaster.com.ar\\\/web\\\/#\\\/schema\\\/person\\\/359e9f7c00193fcde068e0dd2ceb0028\"},\"headline\":\"Espacio de decoracion B206 (Estilo Pilar 2015) \\\/ Sebastian Salazar\",\"datePublished\":\"2015-03-29T14:00:16+00:00\",\"dateModified\":\"2015-03-30T00:46:19+00:00\",\"mainEntityOfPage\":{\"@id\":\"https:\\\/\\\/www.arquimaster.com.ar\\\/web\\\/espacio-de-decoracion-b206-estilo-pilar-2015-sebastian-salazar\\\/\"},\"wordCount\":154,\"publisher\":{\"@id\":\"https:\\\/\\\/www.arquimaster.com.ar\\\/web\\\/#organization\"},\"image\":{\"@id\":\"https:\\\/\\\/www.arquimaster.com.ar\\\/web\\\/espacio-de-decoracion-b206-estilo-pilar-2015-sebastian-salazar\\\/#primaryimage\"},\"thumbnailUrl\":\"https:\\\/\\\/www.arquimaster.com.ar\\\/web\\\/wp-content\\\/uploads\\\/2015\\\/03\\\/estilo_pilar_e_b206_slide.jpg\",\"keywords\":[\"Beca DArA\",\"DArA\",\"decoracion\",\"Dise\u00f1adores de Interiores Argentinos Asociados\",\"Estilo Pilar\",\"Estilo Pilar 2015\",\"muestras\",\"Salazar Casa\",\"Sebasti\u00e1n Salazar\"],\"articleSection\":[\"Dise\u00f1o\",\"Estilo Pilar 2015\"],\"inLanguage\":\"es\"},{\"@type\":\"WebPage\",\"@id\":\"https:\\\/\\\/www.arquimaster.com.ar\\\/web\\\/espacio-de-decoracion-b206-estilo-pilar-2015-sebastian-salazar\\\/\",\"url\":\"https:\\\/\\\/www.arquimaster.com.ar\\\/web\\\/espacio-de-decoracion-b206-estilo-pilar-2015-sebastian-salazar\\\/\",\"name\":\"Espacio de decoracion B206 (Estilo Pilar 2015) \\\/ Sebastian Salazar - Arquimaster\",\"isPartOf\":{\"@id\":\"https:\\\/\\\/www.arquimaster.com.ar\\\/web\\\/#website\"},\"primaryImageOfPage\":{\"@id\":\"https:\\\/\\\/www.arquimaster.com.ar\\\/web\\\/espacio-de-decoracion-b206-estilo-pilar-2015-sebastian-salazar\\\/#primaryimage\"},\"image\":{\"@id\":\"https:\\\/\\\/www.arquimaster.com.ar\\\/web\\\/espacio-de-decoracion-b206-estilo-pilar-2015-sebastian-salazar\\\/#primaryimage\"},\"thumbnailUrl\":\"https:\\\/\\\/www.arquimaster.com.ar\\\/web\\\/wp-content\\\/uploads\\\/2015\\\/03\\\/estilo_pilar_e_b206_slide.jpg\",\"datePublished\":\"2015-03-29T14:00:16+00:00\",\"dateModified\":\"2015-03-30T00:46:19+00:00\",\"breadcrumb\":{\"@id\":\"https:\\\/\\\/www.arquimaster.com.ar\\\/web\\\/espacio-de-decoracion-b206-estilo-pilar-2015-sebastian-salazar\\\/#breadcrumb\"},\"inLanguage\":\"es\",\"potentialAction\":[{\"@type\":\"ReadAction\",\"target\":[\"https:\\\/\\\/www.arquimaster.com.ar\\\/web\\\/espacio-de-decoracion-b206-estilo-pilar-2015-sebastian-salazar\\\/\"]}]},{\"@type\":\"ImageObject\",\"inLanguage\":\"es\",\"@id\":\"https:\\\/\\\/www.arquimaster.com.ar\\\/web\\\/espacio-de-decoracion-b206-estilo-pilar-2015-sebastian-salazar\\\/#primaryimage\",\"url\":\"https:\\\/\\\/www.arquimaster.com.ar\\\/web\\\/wp-content\\\/uploads\\\/2015\\\/03\\\/estilo_pilar_e_b206_slide.jpg\",\"contentUrl\":\"https:\\\/\\\/www.arquimaster.com.ar\\\/web\\\/wp-content\\\/uploads\\\/2015\\\/03\\\/estilo_pilar_e_b206_slide.jpg\",\"width\":642,\"height\":336},{\"@type\":\"BreadcrumbList\",\"@id\":\"https:\\\/\\\/www.arquimaster.com.ar\\\/web\\\/espacio-de-decoracion-b206-estilo-pilar-2015-sebastian-salazar\\\/#breadcrumb\",\"itemListElement\":[{\"@type\":\"ListItem\",\"position\":1,\"name\":\"Portada\",\"item\":\"https:\\\/\\\/www.arquimaster.com.ar\\\/web\\\/\"},{\"@type\":\"ListItem\",\"position\":2,\"name\":\"Espacio de decoracion B206 (Estilo Pilar 2015) \\\/ Sebastian Salazar\"}]},{\"@type\":\"WebSite\",\"@id\":\"https:\\\/\\\/www.arquimaster.com.ar\\\/web\\\/#website\",\"url\":\"https:\\\/\\\/www.arquimaster.com.ar\\\/web\\\/\",\"name\":\"Arquimaster\",\"description\":\"Web de arquitectura, dise\u00f1o y construccion\",\"publisher\":{\"@id\":\"https:\\\/\\\/www.arquimaster.com.ar\\\/web\\\/#organization\"},\"potentialAction\":[{\"@type\":\"SearchAction\",\"target\":{\"@type\":\"EntryPoint\",\"urlTemplate\":\"https:\\\/\\\/www.arquimaster.com.ar\\\/web\\\/?s={search_term_string}\"},\"query-input\":{\"@type\":\"PropertyValueSpecification\",\"valueRequired\":true,\"valueName\":\"search_term_string\"}}],\"inLanguage\":\"es\"},{\"@type\":\"Organization\",\"@id\":\"https:\\\/\\\/www.arquimaster.com.ar\\\/web\\\/#organization\",\"name\":\"Arquimaster\",\"url\":\"https:\\\/\\\/www.arquimaster.com.ar\\\/web\\\/\",\"logo\":{\"@type\":\"ImageObject\",\"inLanguage\":\"es\",\"@id\":\"https:\\\/\\\/www.arquimaster.com.ar\\\/web\\\/#\\\/schema\\\/logo\\\/image\\\/\",\"url\":\"https:\\\/\\\/www.arquimaster.com.ar\\\/web\\\/wp-content\\\/uploads\\\/2022\\\/06\\\/arquimaster.png\",\"contentUrl\":\"https:\\\/\\\/www.arquimaster.com.ar\\\/web\\\/wp-content\\\/uploads\\\/2022\\\/06\\\/arquimaster.png\",\"width\":594,\"height\":78,\"caption\":\"Arquimaster\"},\"image\":{\"@id\":\"https:\\\/\\\/www.arquimaster.com.ar\\\/web\\\/#\\\/schema\\\/logo\\\/image\\\/\"},\"sameAs\":[\"http:\\\/\\\/www.facebook.com\\\/ARQUIMASTER.com.ar\",\"https:\\\/\\\/x.com\\\/arquimaster\",\"https:\\\/\\\/www.instagram.com\\\/arquimasterblog\\\/\",\"https:\\\/\\\/www.linkedin.com\\\/company\\\/arquimaster\",\"https:\\\/\\\/www.pinterest.com\\\/arquimaster\",\"https:\\\/\\\/t.me\\\/arquimaster\"]},{\"@type\":\"Person\",\"@id\":\"https:\\\/\\\/www.arquimaster.com.ar\\\/web\\\/#\\\/schema\\\/person\\\/359e9f7c00193fcde068e0dd2ceb0028\",\"name\":\"Arquimaster\"}]}<\/script>\n<!-- \/ Yoast SEO plugin. -->","yoast_head_json":{"title":"Espacio de decoracion B206 (Estilo Pilar 2015) \/ Sebastian Salazar - Arquimaster","robots":{"index":"index","follow":"follow","max-snippet":"max-snippet:-1","max-image-preview":"max-image-preview:large","max-video-preview":"max-video-preview:-1"},"canonical":"https:\/\/www.arquimaster.com.ar\/web\/espacio-de-decoracion-b206-estilo-pilar-2015-sebastian-salazar\/","og_locale":"es_ES","og_type":"article","og_title":"Espacio de decoracion B206 (Estilo Pilar 2015) \/ Sebastian Salazar - Arquimaster","og_description":"Espacio Beca DArA, otorgado por Dise\u00f1adores de Interiores Argentinos Asociados...","og_url":"https:\/\/www.arquimaster.com.ar\/web\/espacio-de-decoracion-b206-estilo-pilar-2015-sebastian-salazar\/","og_site_name":"Arquimaster","article_publisher":"http:\/\/www.facebook.com\/ARQUIMASTER.com.ar","article_published_time":"2015-03-29T14:00:16+00:00","article_modified_time":"2015-03-30T00:46:19+00:00","og_image":[{"width":642,"height":336,"url":"https:\/\/www.arquimaster.com.ar\/web\/wp-content\/uploads\/2015\/03\/estilo_pilar_e_b206_slide.jpg","type":"image\/jpeg"}],"author":"Arquimaster","twitter_card":"summary_large_image","twitter_creator":"@arquimaster","twitter_site":"@arquimaster","twitter_misc":{"Escrito por":"Arquimaster","Tiempo de lectura":"1 minuto"},"schema":{"@context":"https:\/\/schema.org","@graph":[{"@type":"Article","@id":"https:\/\/www.arquimaster.com.ar\/web\/espacio-de-decoracion-b206-estilo-pilar-2015-sebastian-salazar\/#article","isPartOf":{"@id":"https:\/\/www.arquimaster.com.ar\/web\/espacio-de-decoracion-b206-estilo-pilar-2015-sebastian-salazar\/"},"author":{"name":"Arquimaster","@id":"https:\/\/www.arquimaster.com.ar\/web\/#\/schema\/person\/359e9f7c00193fcde068e0dd2ceb0028"},"headline":"Espacio de decoracion B206 (Estilo Pilar 2015) \/ Sebastian Salazar","datePublished":"2015-03-29T14:00:16+00:00","dateModified":"2015-03-30T00:46:19+00:00","mainEntityOfPage":{"@id":"https:\/\/www.arquimaster.com.ar\/web\/espacio-de-decoracion-b206-estilo-pilar-2015-sebastian-salazar\/"},"wordCount":154,"publisher":{"@id":"https:\/\/www.arquimaster.com.ar\/web\/#organization"},"image":{"@id":"https:\/\/www.arquimaster.com.ar\/web\/espacio-de-decoracion-b206-estilo-pilar-2015-sebastian-salazar\/#primaryimage"},"thumbnailUrl":"https:\/\/www.arquimaster.com.ar\/web\/wp-content\/uploads\/2015\/03\/estilo_pilar_e_b206_slide.jpg","keywords":["Beca DArA","DArA","decoracion","Dise\u00f1adores de Interiores Argentinos Asociados","Estilo Pilar","Estilo Pilar 2015","muestras","Salazar Casa","Sebasti\u00e1n Salazar"],"articleSection":["Dise\u00f1o","Estilo Pilar 2015"],"inLanguage":"es"},{"@type":"WebPage","@id":"https:\/\/www.arquimaster.com.ar\/web\/espacio-de-decoracion-b206-estilo-pilar-2015-sebastian-salazar\/","url":"https:\/\/www.arquimaster.com.ar\/web\/espacio-de-decoracion-b206-estilo-pilar-2015-sebastian-salazar\/","name":"Espacio de decoracion B206 (Estilo Pilar 2015) \/ Sebastian Salazar - Arquimaster","isPartOf":{"@id":"https:\/\/www.arquimaster.com.ar\/web\/#website"},"primaryImageOfPage":{"@id":"https:\/\/www.arquimaster.com.ar\/web\/espacio-de-decoracion-b206-estilo-pilar-2015-sebastian-salazar\/#primaryimage"},"image":{"@id":"https:\/\/www.arquimaster.com.ar\/web\/espacio-de-decoracion-b206-estilo-pilar-2015-sebastian-salazar\/#primaryimage"},"thumbnailUrl":"https:\/\/www.arquimaster.com.ar\/web\/wp-content\/uploads\/2015\/03\/estilo_pilar_e_b206_slide.jpg","datePublished":"2015-03-29T14:00:16+00:00","dateModified":"2015-03-30T00:46:19+00:00","breadcrumb":{"@id":"https:\/\/www.arquimaster.com.ar\/web\/espacio-de-decoracion-b206-estilo-pilar-2015-sebastian-salazar\/#breadcrumb"},"inLanguage":"es","potentialAction":[{"@type":"ReadAction","target":["https:\/\/www.arquimaster.com.ar\/web\/espacio-de-decoracion-b206-estilo-pilar-2015-sebastian-salazar\/"]}]},{"@type":"ImageObject","inLanguage":"es","@id":"https:\/\/www.arquimaster.com.ar\/web\/espacio-de-decoracion-b206-estilo-pilar-2015-sebastian-salazar\/#primaryimage","url":"https:\/\/www.arquimaster.com.ar\/web\/wp-content\/uploads\/2015\/03\/estilo_pilar_e_b206_slide.jpg","contentUrl":"https:\/\/www.arquimaster.com.ar\/web\/wp-content\/uploads\/2015\/03\/estilo_pilar_e_b206_slide.jpg","width":642,"height":336},{"@type":"BreadcrumbList","@id":"https:\/\/www.arquimaster.com.ar\/web\/espacio-de-decoracion-b206-estilo-pilar-2015-sebastian-salazar\/#breadcrumb","itemListElement":[{"@type":"ListItem","position":1,"name":"Portada","item":"https:\/\/www.arquimaster.com.ar\/web\/"},{"@type":"ListItem","position":2,"name":"Espacio de decoracion B206 (Estilo Pilar 2015) \/ Sebastian Salazar"}]},{"@type":"WebSite","@id":"https:\/\/www.arquimaster.com.ar\/web\/#website","url":"https:\/\/www.arquimaster.com.ar\/web\/","name":"Arquimaster","description":"Web de arquitectura, dise\u00f1o y construccion","publisher":{"@id":"https:\/\/www.arquimaster.com.ar\/web\/#organization"},"potentialAction":[{"@type":"SearchAction","target":{"@type":"EntryPoint","urlTemplate":"https:\/\/www.arquimaster.com.ar\/web\/?s={search_term_string}"},"query-input":{"@type":"PropertyValueSpecification","valueRequired":true,"valueName":"search_term_string"}}],"inLanguage":"es"},{"@type":"Organization","@id":"https:\/\/www.arquimaster.com.ar\/web\/#organization","name":"Arquimaster","url":"https:\/\/www.arquimaster.com.ar\/web\/","logo":{"@type":"ImageObject","inLanguage":"es","@id":"https:\/\/www.arquimaster.com.ar\/web\/#\/schema\/logo\/image\/","url":"https:\/\/www.arquimaster.com.ar\/web\/wp-content\/uploads\/2022\/06\/arquimaster.png","contentUrl":"https:\/\/www.arquimaster.com.ar\/web\/wp-content\/uploads\/2022\/06\/arquimaster.png","width":594,"height":78,"caption":"Arquimaster"},"image":{"@id":"https:\/\/www.arquimaster.com.ar\/web\/#\/schema\/logo\/image\/"},"sameAs":["http:\/\/www.facebook.com\/ARQUIMASTER.com.ar","https:\/\/x.com\/arquimaster","https:\/\/www.instagram.com\/arquimasterblog\/","https:\/\/www.linkedin.com\/company\/arquimaster","https:\/\/www.pinterest.com\/arquimaster","https:\/\/t.me\/arquimaster"]},{"@type":"Person","@id":"https:\/\/www.arquimaster.com.ar\/web\/#\/schema\/person\/359e9f7c00193fcde068e0dd2ceb0028","name":"Arquimaster"}]}},"uagb_featured_image_src":{"full":["https:\/\/www.arquimaster.com.ar\/web\/wp-content\/uploads\/2015\/03\/estilo_pilar_e_b206_slide.jpg",642,336,false],"thumbnail":["https:\/\/www.arquimaster.com.ar\/web\/wp-content\/uploads\/2015\/03\/estilo_pilar_e_b206_slide-150x150.jpg",150,150,true],"medium":["https:\/\/www.arquimaster.com.ar\/web\/wp-content\/uploads\/2015\/03\/estilo_pilar_e_b206_slide-573x300.jpg",573,300,true],"medium_large":["https:\/\/www.arquimaster.com.ar\/web\/wp-content\/uploads\/2015\/03\/estilo_pilar_e_b206_slide.jpg",642,336,false],"large":["https:\/\/www.arquimaster.com.ar\/web\/wp-content\/uploads\/2015\/03\/estilo_pilar_e_b206_slide.jpg",642,336,false],"1536x1536":["https:\/\/www.arquimaster.com.ar\/web\/wp-content\/uploads\/2015\/03\/estilo_pilar_e_b206_slide.jpg",642,336,false],"2048x2048":["https:\/\/www.arquimaster.com.ar\/web\/wp-content\/uploads\/2015\/03\/estilo_pilar_e_b206_slide.jpg",642,336,false]},"uagb_author_info":{"display_name":"Arquimaster","author_link":"https:\/\/www.arquimaster.com.ar\/web\/author\/arquimaster\/"},"uagb_comment_info":0,"uagb_excerpt":"Espacio Beca DArA, otorgado por Dise\u00f1adores de Interiores Argentinos Asociados...","_links":{"self":[{"href":"https:\/\/www.arquimaster.com.ar\/web\/wp-json\/wp\/v2\/posts\/13988","targetHints":{"allow":["GET"]}}],"collection":[{"href":"https:\/\/www.arquimaster.com.ar\/web\/wp-json\/wp\/v2\/posts"}],"about":[{"href":"https:\/\/www.arquimaster.com.ar\/web\/wp-json\/wp\/v2\/types\/post"}],"author":[{"embeddable":true,"href":"https:\/\/www.arquimaster.com.ar\/web\/wp-json\/wp\/v2\/users\/1"}],"replies":[{"embeddable":true,"href":"https:\/\/www.arquimaster.com.ar\/web\/wp-json\/wp\/v2\/comments?post=13988"}],"version-history":[{"count":0,"href":"https:\/\/www.arquimaster.com.ar\/web\/wp-json\/wp\/v2\/posts\/13988\/revisions"}],"wp:featuredmedia":[{"embeddable":true,"href":"https:\/\/www.arquimaster.com.ar\/web\/wp-json\/wp\/v2\/media\/13989"}],"wp:attachment":[{"href":"https:\/\/www.arquimaster.com.ar\/web\/wp-json\/wp\/v2\/media?parent=13988"}],"wp:term":[{"taxonomy":"category","embeddable":true,"href":"https:\/\/www.arquimaster.com.ar\/web\/wp-json\/wp\/v2\/categories?post=13988"},{"taxonomy":"post_tag","embeddable":true,"href":"https:\/\/www.arquimaster.com.ar\/web\/wp-json\/wp\/v2\/tags?post=13988"}],"curies":[{"name":"wp","href":"https:\/\/api.w.org\/{rel}","templated":true}]}}