{"id":14027,"date":"2015-03-29T16:30:34","date_gmt":"2015-03-29T16:30:34","guid":{"rendered":"http:\/\/www.arquimaster.com.ar\/web\/?p=14027"},"modified":"2015-03-30T01:24:05","modified_gmt":"2015-03-30T01:24:05","slug":"espacio-de-decoracion-a105-estilo-pilar-2015-estudio-coelho-coelho","status":"publish","type":"post","link":"https:\/\/www.arquimaster.com.ar\/web\/espacio-de-decoracion-a105-estilo-pilar-2015-estudio-coelho-coelho\/","title":{"rendered":"Espacio de decoracion A105 (Estilo Pilar 2015) \/ Estudio Coelho &#038; Coelho"},"content":{"rendered":"<div style=\"margin-top: 0px; margin-bottom: 0px;\" class=\"sharethis-inline-share-buttons\" ><\/div><div class=\"b812932af2e751442846f039925109de\" data-index=\"1\" style=\"float: none; margin:25px 0 25px 0; text-align:center;\">\n<script async src=\"https:\/\/pagead2.googlesyndication.com\/pagead\/js\/adsbygoogle.js\"><\/script>\r\n<!-- Arquimaster (superior) -->\r\n<ins class=\"adsbygoogle\"\r\n     style=\"display:block\"\r\n     data-ad-client=\"ca-pub-6351072698456832\"\r\n     data-ad-slot=\"6455489680\"\r\n     data-ad-format=\"auto\"\r\n     data-full-width-responsive=\"true\"><\/ins>\r\n<script>\r\n     (adsbygoogle = window.adsbygoogle || []).push({});\r\n<\/script>\n<\/div>\n<p><strong>Espacio de decoracion A105<\/strong> (Estilo Pilar 2015) por <strong>Estudio Coelho &amp; Coelho<\/strong>. Un departamento fresco, c\u00f3modo y elegante a la vez.<\/p>\n<div id='gallery-1' class='gallery galleryid-14027 gallery-columns-3 gallery-size-thumbnail'><figure class='gallery-item'>\n\t\t\t<div class='gallery-icon landscape'>\n\t\t\t\t<a href='https:\/\/www.arquimaster.com.ar\/web\/wp-content\/uploads\/2015\/03\/estilo_pilar_e_a105_1.jpg' title=\"Espacio de decoracion A105 (Estilo Pilar 2015) \/ Estudio Coelho &amp; Coelho\" data-rl_title=\"Espacio de decoracion A105 (Estilo Pilar 2015) \/ Estudio Coelho &amp; Coelho\" class=\"rl-gallery-link\" data-rl_caption=\"Espacio de decoracion A105 (Estilo Pilar 2015) \/ Estudio Coelho &amp; Coelho\" data-rel=\"lightbox-gallery-1\"><img loading=\"lazy\" decoding=\"async\" width=\"150\" height=\"150\" src=\"https:\/\/www.arquimaster.com.ar\/web\/wp-content\/uploads\/2015\/03\/estilo_pilar_e_a105_1-150x150.jpg\" class=\"attachment-thumbnail size-thumbnail\" alt=\"\" aria-describedby=\"gallery-1-14029\" srcset=\"https:\/\/www.arquimaster.com.ar\/web\/wp-content\/uploads\/2015\/03\/estilo_pilar_e_a105_1-150x150.jpg 150w, https:\/\/www.arquimaster.com.ar\/web\/wp-content\/uploads\/2015\/03\/estilo_pilar_e_a105_1-50x50.jpg 50w, https:\/\/www.arquimaster.com.ar\/web\/wp-content\/uploads\/2015\/03\/estilo_pilar_e_a105_1-125x125.jpg 125w\" sizes=\"auto, (max-width: 150px) 100vw, 150px\" \/><\/a>\n\t\t\t<\/div>\n\t\t\t\t<figcaption class='wp-caption-text gallery-caption' id='gallery-1-14029'>\n\t\t\t\tEspacio de decoracion A105 (Estilo Pilar 2015) \/ Estudio Coelho &#038; Coelho\n\t\t\t\t<\/figcaption><\/figure><figure class='gallery-item'>\n\t\t\t<div class='gallery-icon landscape'>\n\t\t\t\t<a href='https:\/\/www.arquimaster.com.ar\/web\/wp-content\/uploads\/2015\/03\/estilo_pilar_e_a105_2.jpg' title=\"Espacio de decoracion A105 (Estilo Pilar 2015) \/ Estudio Coelho &amp; Coelho\" data-rl_title=\"Espacio de decoracion A105 (Estilo Pilar 2015) \/ Estudio Coelho &amp; Coelho\" class=\"rl-gallery-link\" data-rl_caption=\"Espacio de decoracion A105 (Estilo Pilar 2015) \/ Estudio Coelho &amp; Coelho\" data-rel=\"lightbox-gallery-1\"><img loading=\"lazy\" decoding=\"async\" width=\"150\" height=\"150\" src=\"https:\/\/www.arquimaster.com.ar\/web\/wp-content\/uploads\/2015\/03\/estilo_pilar_e_a105_2-150x150.jpg\" class=\"attachment-thumbnail size-thumbnail\" alt=\"\" aria-describedby=\"gallery-1-14030\" srcset=\"https:\/\/www.arquimaster.com.ar\/web\/wp-content\/uploads\/2015\/03\/estilo_pilar_e_a105_2-150x150.jpg 150w, https:\/\/www.arquimaster.com.ar\/web\/wp-content\/uploads\/2015\/03\/estilo_pilar_e_a105_2-50x50.jpg 50w, https:\/\/www.arquimaster.com.ar\/web\/wp-content\/uploads\/2015\/03\/estilo_pilar_e_a105_2-125x125.jpg 125w\" sizes=\"auto, (max-width: 150px) 100vw, 150px\" \/><\/a>\n\t\t\t<\/div>\n\t\t\t\t<figcaption class='wp-caption-text gallery-caption' id='gallery-1-14030'>\n\t\t\t\tEspacio de decoracion A105 (Estilo Pilar 2015) \/ Estudio Coelho &#038; Coelho\n\t\t\t\t<\/figcaption><\/figure><figure class='gallery-item'>\n\t\t\t<div class='gallery-icon landscape'>\n\t\t\t\t<a href='https:\/\/www.arquimaster.com.ar\/web\/wp-content\/uploads\/2015\/03\/estilo_pilar_e_a105_3.jpg' title=\"Espacio de decoracion A105 (Estilo Pilar 2015) \/ Estudio Coelho &amp; Coelho\" data-rl_title=\"Espacio de decoracion A105 (Estilo Pilar 2015) \/ Estudio Coelho &amp; Coelho\" class=\"rl-gallery-link\" data-rl_caption=\"Espacio de decoracion A105 (Estilo Pilar 2015) \/ Estudio Coelho &amp; Coelho\" data-rel=\"lightbox-gallery-1\"><img loading=\"lazy\" decoding=\"async\" width=\"150\" height=\"150\" src=\"https:\/\/www.arquimaster.com.ar\/web\/wp-content\/uploads\/2015\/03\/estilo_pilar_e_a105_3-150x150.jpg\" class=\"attachment-thumbnail size-thumbnail\" alt=\"\" aria-describedby=\"gallery-1-14031\" srcset=\"https:\/\/www.arquimaster.com.ar\/web\/wp-content\/uploads\/2015\/03\/estilo_pilar_e_a105_3-150x150.jpg 150w, https:\/\/www.arquimaster.com.ar\/web\/wp-content\/uploads\/2015\/03\/estilo_pilar_e_a105_3-50x50.jpg 50w, https:\/\/www.arquimaster.com.ar\/web\/wp-content\/uploads\/2015\/03\/estilo_pilar_e_a105_3-125x125.jpg 125w\" sizes=\"auto, (max-width: 150px) 100vw, 150px\" \/><\/a>\n\t\t\t<\/div>\n\t\t\t\t<figcaption class='wp-caption-text gallery-caption' id='gallery-1-14031'>\n\t\t\t\tEspacio de decoracion A105 (Estilo Pilar 2015) \/ Estudio Coelho &#038; Coelho\n\t\t\t\t<\/figcaption><\/figure><figure class='gallery-item'>\n\t\t\t<div class='gallery-icon landscape'>\n\t\t\t\t<a href='https:\/\/www.arquimaster.com.ar\/web\/wp-content\/uploads\/2015\/03\/estilo_pilar_e_a105_4.jpg' title=\"Espacio de decoracion A105 (Estilo Pilar 2015) \/ Estudio Coelho &amp; Coelho\" data-rl_title=\"Espacio de decoracion A105 (Estilo Pilar 2015) \/ Estudio Coelho &amp; Coelho\" class=\"rl-gallery-link\" data-rl_caption=\"Espacio de decoracion A105 (Estilo Pilar 2015) \/ Estudio Coelho &amp; Coelho\" data-rel=\"lightbox-gallery-1\"><img loading=\"lazy\" decoding=\"async\" width=\"150\" height=\"150\" src=\"https:\/\/www.arquimaster.com.ar\/web\/wp-content\/uploads\/2015\/03\/estilo_pilar_e_a105_4-150x150.jpg\" class=\"attachment-thumbnail size-thumbnail\" alt=\"\" aria-describedby=\"gallery-1-14032\" srcset=\"https:\/\/www.arquimaster.com.ar\/web\/wp-content\/uploads\/2015\/03\/estilo_pilar_e_a105_4-150x150.jpg 150w, https:\/\/www.arquimaster.com.ar\/web\/wp-content\/uploads\/2015\/03\/estilo_pilar_e_a105_4-50x50.jpg 50w, https:\/\/www.arquimaster.com.ar\/web\/wp-content\/uploads\/2015\/03\/estilo_pilar_e_a105_4-125x125.jpg 125w\" sizes=\"auto, (max-width: 150px) 100vw, 150px\" \/><\/a>\n\t\t\t<\/div>\n\t\t\t\t<figcaption class='wp-caption-text gallery-caption' id='gallery-1-14032'>\n\t\t\t\tEspacio de decoracion A105 (Estilo Pilar 2015) \/ Estudio Coelho &#038; Coelho\n\t\t\t\t<\/figcaption><\/figure><figure class='gallery-item'>\n\t\t\t<div class='gallery-icon portrait'>\n\t\t\t\t<a href='https:\/\/www.arquimaster.com.ar\/web\/wp-content\/uploads\/2015\/03\/estilo_pilar_e_a105_5.jpg' title=\"Espacio de decoracion A105 (Estilo Pilar 2015) \/ Estudio Coelho &amp; Coelho\" data-rl_title=\"Espacio de decoracion A105 (Estilo Pilar 2015) \/ Estudio Coelho &amp; Coelho\" class=\"rl-gallery-link\" data-rl_caption=\"Espacio de decoracion A105 (Estilo Pilar 2015) \/ Estudio Coelho &amp; Coelho\" data-rel=\"lightbox-gallery-1\"><img loading=\"lazy\" decoding=\"async\" width=\"150\" height=\"150\" src=\"https:\/\/www.arquimaster.com.ar\/web\/wp-content\/uploads\/2015\/03\/estilo_pilar_e_a105_5-150x150.jpg\" class=\"attachment-thumbnail size-thumbnail\" alt=\"\" aria-describedby=\"gallery-1-14033\" srcset=\"https:\/\/www.arquimaster.com.ar\/web\/wp-content\/uploads\/2015\/03\/estilo_pilar_e_a105_5-150x150.jpg 150w, https:\/\/www.arquimaster.com.ar\/web\/wp-content\/uploads\/2015\/03\/estilo_pilar_e_a105_5-50x50.jpg 50w, https:\/\/www.arquimaster.com.ar\/web\/wp-content\/uploads\/2015\/03\/estilo_pilar_e_a105_5-125x125.jpg 125w\" sizes=\"auto, (max-width: 150px) 100vw, 150px\" \/><\/a>\n\t\t\t<\/div>\n\t\t\t\t<figcaption class='wp-caption-text gallery-caption' id='gallery-1-14033'>\n\t\t\t\tEspacio de decoracion A105 (Estilo Pilar 2015) \/ Estudio Coelho &#038; Coelho\n\t\t\t\t<\/figcaption><\/figure><figure class='gallery-item'>\n\t\t\t<div class='gallery-icon landscape'>\n\t\t\t\t<a href='https:\/\/www.arquimaster.com.ar\/web\/wp-content\/uploads\/2015\/03\/estilo_pilar_e_a105_6.jpg' title=\"Espacio de decoracion A105 (Estilo Pilar 2015) \/ Estudio Coelho &amp; Coelho\" data-rl_title=\"Espacio de decoracion A105 (Estilo Pilar 2015) \/ Estudio Coelho &amp; Coelho\" class=\"rl-gallery-link\" data-rl_caption=\"Espacio de decoracion A105 (Estilo Pilar 2015) \/ Estudio Coelho &amp; Coelho\" data-rel=\"lightbox-gallery-1\"><img loading=\"lazy\" decoding=\"async\" width=\"150\" height=\"150\" src=\"https:\/\/www.arquimaster.com.ar\/web\/wp-content\/uploads\/2015\/03\/estilo_pilar_e_a105_6-150x150.jpg\" class=\"attachment-thumbnail size-thumbnail\" alt=\"\" aria-describedby=\"gallery-1-14034\" srcset=\"https:\/\/www.arquimaster.com.ar\/web\/wp-content\/uploads\/2015\/03\/estilo_pilar_e_a105_6-150x150.jpg 150w, https:\/\/www.arquimaster.com.ar\/web\/wp-content\/uploads\/2015\/03\/estilo_pilar_e_a105_6-50x50.jpg 50w, https:\/\/www.arquimaster.com.ar\/web\/wp-content\/uploads\/2015\/03\/estilo_pilar_e_a105_6-125x125.jpg 125w\" sizes=\"auto, (max-width: 150px) 100vw, 150px\" \/><\/a>\n\t\t\t<\/div>\n\t\t\t\t<figcaption class='wp-caption-text gallery-caption' id='gallery-1-14034'>\n\t\t\t\tEspacio de decoracion A105 (Estilo Pilar 2015) \/ Estudio Coelho &#038; Coelho\n\t\t\t\t<\/figcaption><\/figure><figure class='gallery-item'>\n\t\t\t<div class='gallery-icon landscape'>\n\t\t\t\t<a href='https:\/\/www.arquimaster.com.ar\/web\/wp-content\/uploads\/2015\/03\/estilo_pilar_e_a105_7.jpg' title=\"Espacio de decoracion A105 (Estilo Pilar 2015) \/ Estudio Coelho &amp; Coelho\" data-rl_title=\"Espacio de decoracion A105 (Estilo Pilar 2015) \/ Estudio Coelho &amp; Coelho\" class=\"rl-gallery-link\" data-rl_caption=\"Espacio de decoracion A105 (Estilo Pilar 2015) \/ Estudio Coelho &amp; Coelho\" data-rel=\"lightbox-gallery-1\"><img loading=\"lazy\" decoding=\"async\" width=\"150\" height=\"150\" src=\"https:\/\/www.arquimaster.com.ar\/web\/wp-content\/uploads\/2015\/03\/estilo_pilar_e_a105_7-150x150.jpg\" class=\"attachment-thumbnail size-thumbnail\" alt=\"\" aria-describedby=\"gallery-1-14035\" srcset=\"https:\/\/www.arquimaster.com.ar\/web\/wp-content\/uploads\/2015\/03\/estilo_pilar_e_a105_7-150x150.jpg 150w, https:\/\/www.arquimaster.com.ar\/web\/wp-content\/uploads\/2015\/03\/estilo_pilar_e_a105_7-50x50.jpg 50w, https:\/\/www.arquimaster.com.ar\/web\/wp-content\/uploads\/2015\/03\/estilo_pilar_e_a105_7-125x125.jpg 125w\" sizes=\"auto, (max-width: 150px) 100vw, 150px\" \/><\/a>\n\t\t\t<\/div>\n\t\t\t\t<figcaption class='wp-caption-text gallery-caption' id='gallery-1-14035'>\n\t\t\t\tEspacio de decoracion A105 (Estilo Pilar 2015) \/ Estudio Coelho &#038; Coelho\n\t\t\t\t<\/figcaption><\/figure><figure class='gallery-item'>\n\t\t\t<div class='gallery-icon portrait'>\n\t\t\t\t<a href='https:\/\/www.arquimaster.com.ar\/web\/wp-content\/uploads\/2015\/03\/estilo_pilar_e_a105_8.jpg' title=\"Espacio de decoracion A105 (Estilo Pilar 2015) \/ Estudio Coelho &amp; Coelho\" data-rl_title=\"Espacio de decoracion A105 (Estilo Pilar 2015) \/ Estudio Coelho &amp; Coelho\" class=\"rl-gallery-link\" data-rl_caption=\"Espacio de decoracion A105 (Estilo Pilar 2015) \/ Estudio Coelho &amp; Coelho\" data-rel=\"lightbox-gallery-1\"><img loading=\"lazy\" decoding=\"async\" width=\"150\" height=\"150\" src=\"https:\/\/www.arquimaster.com.ar\/web\/wp-content\/uploads\/2015\/03\/estilo_pilar_e_a105_8-150x150.jpg\" class=\"attachment-thumbnail size-thumbnail\" alt=\"\" aria-describedby=\"gallery-1-14036\" srcset=\"https:\/\/www.arquimaster.com.ar\/web\/wp-content\/uploads\/2015\/03\/estilo_pilar_e_a105_8-150x150.jpg 150w, https:\/\/www.arquimaster.com.ar\/web\/wp-content\/uploads\/2015\/03\/estilo_pilar_e_a105_8-50x50.jpg 50w, https:\/\/www.arquimaster.com.ar\/web\/wp-content\/uploads\/2015\/03\/estilo_pilar_e_a105_8-125x125.jpg 125w\" sizes=\"auto, (max-width: 150px) 100vw, 150px\" \/><\/a>\n\t\t\t<\/div>\n\t\t\t\t<figcaption class='wp-caption-text gallery-caption' id='gallery-1-14036'>\n\t\t\t\tEspacio de decoracion A105 (Estilo Pilar 2015) \/ Estudio Coelho &#038; Coelho\n\t\t\t\t<\/figcaption><\/figure><figure class='gallery-item'>\n\t\t\t<div class='gallery-icon portrait'>\n\t\t\t\t<a href='https:\/\/www.arquimaster.com.ar\/web\/wp-content\/uploads\/2015\/03\/estilo_pilar_e_a105_9.jpg' title=\"Espacio de decoracion A105 (Estilo Pilar 2015) \/ Estudio Coelho &amp; Coelho\" data-rl_title=\"Espacio de decoracion A105 (Estilo Pilar 2015) \/ Estudio Coelho &amp; Coelho\" class=\"rl-gallery-link\" data-rl_caption=\"Espacio de decoracion A105 (Estilo Pilar 2015) \/ Estudio Coelho &amp; Coelho\" data-rel=\"lightbox-gallery-1\"><img loading=\"lazy\" decoding=\"async\" width=\"150\" height=\"150\" src=\"https:\/\/www.arquimaster.com.ar\/web\/wp-content\/uploads\/2015\/03\/estilo_pilar_e_a105_9-150x150.jpg\" class=\"attachment-thumbnail size-thumbnail\" alt=\"\" aria-describedby=\"gallery-1-14037\" srcset=\"https:\/\/www.arquimaster.com.ar\/web\/wp-content\/uploads\/2015\/03\/estilo_pilar_e_a105_9-150x150.jpg 150w, https:\/\/www.arquimaster.com.ar\/web\/wp-content\/uploads\/2015\/03\/estilo_pilar_e_a105_9-50x50.jpg 50w, https:\/\/www.arquimaster.com.ar\/web\/wp-content\/uploads\/2015\/03\/estilo_pilar_e_a105_9-125x125.jpg 125w\" sizes=\"auto, (max-width: 150px) 100vw, 150px\" \/><\/a>\n\t\t\t<\/div>\n\t\t\t\t<figcaption class='wp-caption-text gallery-caption' id='gallery-1-14037'>\n\t\t\t\tEspacio de decoracion A105 (Estilo Pilar 2015) \/ Estudio Coelho &#038; Coelho\n\t\t\t\t<\/figcaption><\/figure><figure class='gallery-item'>\n\t\t\t<div class='gallery-icon portrait'>\n\t\t\t\t<a href='https:\/\/www.arquimaster.com.ar\/web\/wp-content\/uploads\/2015\/03\/estilo_pilar_e_a105_10.jpg' title=\"Espacio de decoracion A105 (Estilo Pilar 2015) \/ Estudio Coelho &amp; Coelho\" data-rl_title=\"Espacio de decoracion A105 (Estilo Pilar 2015) \/ Estudio Coelho &amp; Coelho\" class=\"rl-gallery-link\" data-rl_caption=\"Espacio de decoracion A105 (Estilo Pilar 2015) \/ Estudio Coelho &amp; Coelho\" data-rel=\"lightbox-gallery-1\"><img loading=\"lazy\" decoding=\"async\" width=\"150\" height=\"150\" src=\"https:\/\/www.arquimaster.com.ar\/web\/wp-content\/uploads\/2015\/03\/estilo_pilar_e_a105_10-150x150.jpg\" class=\"attachment-thumbnail size-thumbnail\" alt=\"\" aria-describedby=\"gallery-1-14038\" srcset=\"https:\/\/www.arquimaster.com.ar\/web\/wp-content\/uploads\/2015\/03\/estilo_pilar_e_a105_10-150x150.jpg 150w, https:\/\/www.arquimaster.com.ar\/web\/wp-content\/uploads\/2015\/03\/estilo_pilar_e_a105_10-50x50.jpg 50w, https:\/\/www.arquimaster.com.ar\/web\/wp-content\/uploads\/2015\/03\/estilo_pilar_e_a105_10-125x125.jpg 125w\" sizes=\"auto, (max-width: 150px) 100vw, 150px\" \/><\/a>\n\t\t\t<\/div>\n\t\t\t\t<figcaption class='wp-caption-text gallery-caption' id='gallery-1-14038'>\n\t\t\t\tEspacio de decoracion A105 (Estilo Pilar 2015) \/ Estudio Coelho &#038; Coelho\n\t\t\t\t<\/figcaption><\/figure><figure class='gallery-item'>\n\t\t\t<div class='gallery-icon portrait'>\n\t\t\t\t<a href='https:\/\/www.arquimaster.com.ar\/web\/wp-content\/uploads\/2015\/03\/estilo_pilar_e_a105_11.jpg' title=\"Espacio de decoracion A105 (Estilo Pilar 2015) \/ Estudio Coelho &amp; Coelho\" data-rl_title=\"Espacio de decoracion A105 (Estilo Pilar 2015) \/ Estudio Coelho &amp; Coelho\" class=\"rl-gallery-link\" data-rl_caption=\"Espacio de decoracion A105 (Estilo Pilar 2015) \/ Estudio Coelho &amp; Coelho\" data-rel=\"lightbox-gallery-1\"><img loading=\"lazy\" decoding=\"async\" width=\"150\" height=\"150\" src=\"https:\/\/www.arquimaster.com.ar\/web\/wp-content\/uploads\/2015\/03\/estilo_pilar_e_a105_11-150x150.jpg\" class=\"attachment-thumbnail size-thumbnail\" alt=\"\" aria-describedby=\"gallery-1-14039\" srcset=\"https:\/\/www.arquimaster.com.ar\/web\/wp-content\/uploads\/2015\/03\/estilo_pilar_e_a105_11-150x150.jpg 150w, https:\/\/www.arquimaster.com.ar\/web\/wp-content\/uploads\/2015\/03\/estilo_pilar_e_a105_11-50x50.jpg 50w, https:\/\/www.arquimaster.com.ar\/web\/wp-content\/uploads\/2015\/03\/estilo_pilar_e_a105_11-125x125.jpg 125w\" sizes=\"auto, (max-width: 150px) 100vw, 150px\" \/><\/a>\n\t\t\t<\/div>\n\t\t\t\t<figcaption class='wp-caption-text gallery-caption' id='gallery-1-14039'>\n\t\t\t\tEspacio de decoracion A105 (Estilo Pilar 2015) \/ Estudio Coelho &#038; Coelho\n\t\t\t\t<\/figcaption><\/figure><figure class='gallery-item'>\n\t\t\t<div class='gallery-icon landscape'>\n\t\t\t\t<a href='https:\/\/www.arquimaster.com.ar\/web\/wp-content\/uploads\/2015\/03\/estilo_pilar_e_a105_12.jpg' title=\"Espacio de decoracion A105 (Estilo Pilar 2015) \/ Estudio Coelho &amp; Coelho\" data-rl_title=\"Espacio de decoracion A105 (Estilo Pilar 2015) \/ Estudio Coelho &amp; Coelho\" class=\"rl-gallery-link\" data-rl_caption=\"Espacio de decoracion A105 (Estilo Pilar 2015) \/ Estudio Coelho &amp; Coelho\" data-rel=\"lightbox-gallery-1\"><img loading=\"lazy\" decoding=\"async\" width=\"150\" height=\"150\" src=\"https:\/\/www.arquimaster.com.ar\/web\/wp-content\/uploads\/2015\/03\/estilo_pilar_e_a105_12-150x150.jpg\" class=\"attachment-thumbnail size-thumbnail\" alt=\"\" aria-describedby=\"gallery-1-14040\" srcset=\"https:\/\/www.arquimaster.com.ar\/web\/wp-content\/uploads\/2015\/03\/estilo_pilar_e_a105_12-150x150.jpg 150w, https:\/\/www.arquimaster.com.ar\/web\/wp-content\/uploads\/2015\/03\/estilo_pilar_e_a105_12-50x50.jpg 50w, https:\/\/www.arquimaster.com.ar\/web\/wp-content\/uploads\/2015\/03\/estilo_pilar_e_a105_12-125x125.jpg 125w\" sizes=\"auto, (max-width: 150px) 100vw, 150px\" \/><\/a>\n\t\t\t<\/div>\n\t\t\t\t<figcaption class='wp-caption-text gallery-caption' id='gallery-1-14040'>\n\t\t\t\tEspacio de decoracion A105 (Estilo Pilar 2015) \/ Estudio Coelho &#038; Coelho\n\t\t\t\t<\/figcaption><\/figure><figure class='gallery-item'>\n\t\t\t<div class='gallery-icon landscape'>\n\t\t\t\t<a href='https:\/\/www.arquimaster.com.ar\/web\/wp-content\/uploads\/2015\/03\/estilo_pilar_e_a105_13.jpg' title=\"Espacio de decoracion A105 (Estilo Pilar 2015) \/ Estudio Coelho &amp; Coelho\" data-rl_title=\"Espacio de decoracion A105 (Estilo Pilar 2015) \/ Estudio Coelho &amp; Coelho\" class=\"rl-gallery-link\" data-rl_caption=\"Espacio de decoracion A105 (Estilo Pilar 2015) \/ Estudio Coelho &amp; Coelho\" data-rel=\"lightbox-gallery-1\"><img loading=\"lazy\" decoding=\"async\" width=\"150\" height=\"150\" src=\"https:\/\/www.arquimaster.com.ar\/web\/wp-content\/uploads\/2015\/03\/estilo_pilar_e_a105_13-150x150.jpg\" class=\"attachment-thumbnail size-thumbnail\" alt=\"\" aria-describedby=\"gallery-1-14041\" srcset=\"https:\/\/www.arquimaster.com.ar\/web\/wp-content\/uploads\/2015\/03\/estilo_pilar_e_a105_13-150x150.jpg 150w, https:\/\/www.arquimaster.com.ar\/web\/wp-content\/uploads\/2015\/03\/estilo_pilar_e_a105_13-50x50.jpg 50w, https:\/\/www.arquimaster.com.ar\/web\/wp-content\/uploads\/2015\/03\/estilo_pilar_e_a105_13-125x125.jpg 125w\" sizes=\"auto, (max-width: 150px) 100vw, 150px\" \/><\/a>\n\t\t\t<\/div>\n\t\t\t\t<figcaption class='wp-caption-text gallery-caption' id='gallery-1-14041'>\n\t\t\t\tEspacio de decoracion A105 (Estilo Pilar 2015) \/ Estudio Coelho &#038; Coelho\n\t\t\t\t<\/figcaption><\/figure><figure class='gallery-item'>\n\t\t\t<div class='gallery-icon landscape'>\n\t\t\t\t<a href='https:\/\/www.arquimaster.com.ar\/web\/wp-content\/uploads\/2015\/03\/estilo_pilar_e_a105_15.jpg' title=\"Espacio de decoracion A105 (Estilo Pilar 2015) \/ Estudio Coelho &amp; Coelho\" data-rl_title=\"Espacio de decoracion A105 (Estilo Pilar 2015) \/ Estudio Coelho &amp; Coelho\" class=\"rl-gallery-link\" data-rl_caption=\"Espacio de decoracion A105 (Estilo Pilar 2015) \/ Estudio Coelho &amp; Coelho\" data-rel=\"lightbox-gallery-1\"><img loading=\"lazy\" decoding=\"async\" width=\"150\" height=\"150\" src=\"https:\/\/www.arquimaster.com.ar\/web\/wp-content\/uploads\/2015\/03\/estilo_pilar_e_a105_15-150x150.jpg\" class=\"attachment-thumbnail size-thumbnail\" alt=\"\" aria-describedby=\"gallery-1-14043\" srcset=\"https:\/\/www.arquimaster.com.ar\/web\/wp-content\/uploads\/2015\/03\/estilo_pilar_e_a105_15-150x150.jpg 150w, https:\/\/www.arquimaster.com.ar\/web\/wp-content\/uploads\/2015\/03\/estilo_pilar_e_a105_15-50x50.jpg 50w, https:\/\/www.arquimaster.com.ar\/web\/wp-content\/uploads\/2015\/03\/estilo_pilar_e_a105_15-125x125.jpg 125w\" sizes=\"auto, (max-width: 150px) 100vw, 150px\" \/><\/a>\n\t\t\t<\/div>\n\t\t\t\t<figcaption class='wp-caption-text gallery-caption' id='gallery-1-14043'>\n\t\t\t\tEspacio de decoracion A105 (Estilo Pilar 2015) \/ Estudio Coelho &#038; Coelho\n\t\t\t\t<\/figcaption><\/figure><figure class='gallery-item'>\n\t\t\t<div class='gallery-icon landscape'>\n\t\t\t\t<a href='https:\/\/www.arquimaster.com.ar\/web\/wp-content\/uploads\/2015\/03\/estilo_pilar_e_a105_16.jpg' title=\"Espacio de decoracion A105 (Estilo Pilar 2015) \/ Estudio Coelho &amp; Coelho\" data-rl_title=\"Espacio de decoracion A105 (Estilo Pilar 2015) \/ Estudio Coelho &amp; Coelho\" class=\"rl-gallery-link\" data-rl_caption=\"Espacio de decoracion A105 (Estilo Pilar 2015) \/ Estudio Coelho &amp; Coelho\" data-rel=\"lightbox-gallery-1\"><img loading=\"lazy\" decoding=\"async\" width=\"150\" height=\"150\" src=\"https:\/\/www.arquimaster.com.ar\/web\/wp-content\/uploads\/2015\/03\/estilo_pilar_e_a105_16-150x150.jpg\" class=\"attachment-thumbnail size-thumbnail\" alt=\"\" aria-describedby=\"gallery-1-14044\" srcset=\"https:\/\/www.arquimaster.com.ar\/web\/wp-content\/uploads\/2015\/03\/estilo_pilar_e_a105_16-150x150.jpg 150w, https:\/\/www.arquimaster.com.ar\/web\/wp-content\/uploads\/2015\/03\/estilo_pilar_e_a105_16-50x50.jpg 50w, https:\/\/www.arquimaster.com.ar\/web\/wp-content\/uploads\/2015\/03\/estilo_pilar_e_a105_16-125x125.jpg 125w\" sizes=\"auto, (max-width: 150px) 100vw, 150px\" \/><\/a>\n\t\t\t<\/div>\n\t\t\t\t<figcaption class='wp-caption-text gallery-caption' id='gallery-1-14044'>\n\t\t\t\tEspacio de decoracion A105 (Estilo Pilar 2015) \/ Estudio Coelho &#038; Coelho\n\t\t\t\t<\/figcaption><\/figure><figure class='gallery-item'>\n\t\t\t<div class='gallery-icon portrait'>\n\t\t\t\t<a href='https:\/\/www.arquimaster.com.ar\/web\/wp-content\/uploads\/2015\/03\/estilo_pilar_e_a105_17.jpg' title=\"Espacio de decoracion A105 (Estilo Pilar 2015) \/ Estudio Coelho &amp; Coelho\" data-rl_title=\"Espacio de decoracion A105 (Estilo Pilar 2015) \/ Estudio Coelho &amp; Coelho\" class=\"rl-gallery-link\" data-rl_caption=\"Espacio de decoracion A105 (Estilo Pilar 2015) \/ Estudio Coelho &amp; Coelho\" data-rel=\"lightbox-gallery-1\"><img loading=\"lazy\" decoding=\"async\" width=\"150\" height=\"150\" src=\"https:\/\/www.arquimaster.com.ar\/web\/wp-content\/uploads\/2015\/03\/estilo_pilar_e_a105_17-150x150.jpg\" class=\"attachment-thumbnail size-thumbnail\" alt=\"\" aria-describedby=\"gallery-1-14045\" srcset=\"https:\/\/www.arquimaster.com.ar\/web\/wp-content\/uploads\/2015\/03\/estilo_pilar_e_a105_17-150x150.jpg 150w, https:\/\/www.arquimaster.com.ar\/web\/wp-content\/uploads\/2015\/03\/estilo_pilar_e_a105_17-50x50.jpg 50w, https:\/\/www.arquimaster.com.ar\/web\/wp-content\/uploads\/2015\/03\/estilo_pilar_e_a105_17-125x125.jpg 125w\" sizes=\"auto, (max-width: 150px) 100vw, 150px\" \/><\/a>\n\t\t\t<\/div>\n\t\t\t\t<figcaption class='wp-caption-text gallery-caption' id='gallery-1-14045'>\n\t\t\t\tEspacio de decoracion A105 (Estilo Pilar 2015) \/ Estudio Coelho &#038; Coelho\n\t\t\t\t<\/figcaption><\/figure><figure class='gallery-item'>\n\t\t\t<div class='gallery-icon landscape'>\n\t\t\t\t<a href='https:\/\/www.arquimaster.com.ar\/web\/wp-content\/uploads\/2015\/03\/estilo_pilar_e_a105_18.jpg' title=\"Espacio de decoracion A105 (Estilo Pilar 2015) \/ Estudio Coelho &amp; Coelho\" data-rl_title=\"Espacio de decoracion A105 (Estilo Pilar 2015) \/ Estudio Coelho &amp; Coelho\" class=\"rl-gallery-link\" data-rl_caption=\"Espacio de decoracion A105 (Estilo Pilar 2015) \/ Estudio Coelho &amp; Coelho\" data-rel=\"lightbox-gallery-1\"><img loading=\"lazy\" decoding=\"async\" width=\"150\" height=\"150\" src=\"https:\/\/www.arquimaster.com.ar\/web\/wp-content\/uploads\/2015\/03\/estilo_pilar_e_a105_18-150x150.jpg\" class=\"attachment-thumbnail size-thumbnail\" alt=\"\" aria-describedby=\"gallery-1-14046\" srcset=\"https:\/\/www.arquimaster.com.ar\/web\/wp-content\/uploads\/2015\/03\/estilo_pilar_e_a105_18-150x150.jpg 150w, https:\/\/www.arquimaster.com.ar\/web\/wp-content\/uploads\/2015\/03\/estilo_pilar_e_a105_18-50x50.jpg 50w, https:\/\/www.arquimaster.com.ar\/web\/wp-content\/uploads\/2015\/03\/estilo_pilar_e_a105_18-125x125.jpg 125w\" sizes=\"auto, (max-width: 150px) 100vw, 150px\" \/><\/a>\n\t\t\t<\/div>\n\t\t\t\t<figcaption class='wp-caption-text gallery-caption' id='gallery-1-14046'>\n\t\t\t\tEspacio de decoracion A105 (Estilo Pilar 2015) \/ Estudio Coelho &#038; Coelho\n\t\t\t\t<\/figcaption><\/figure><figure class='gallery-item'>\n\t\t\t<div class='gallery-icon landscape'>\n\t\t\t\t<a href='https:\/\/www.arquimaster.com.ar\/web\/wp-content\/uploads\/2015\/03\/estilo_pilar_e_a105_19.jpg' title=\"Espacio de decoracion A105 (Estilo Pilar 2015) \/ Estudio Coelho &amp; Coelho\" data-rl_title=\"Espacio de decoracion A105 (Estilo Pilar 2015) \/ Estudio Coelho &amp; Coelho\" class=\"rl-gallery-link\" data-rl_caption=\"Espacio de decoracion A105 (Estilo Pilar 2015) \/ Estudio Coelho &amp; Coelho\" data-rel=\"lightbox-gallery-1\"><img loading=\"lazy\" decoding=\"async\" width=\"150\" height=\"150\" src=\"https:\/\/www.arquimaster.com.ar\/web\/wp-content\/uploads\/2015\/03\/estilo_pilar_e_a105_19-150x150.jpg\" class=\"attachment-thumbnail size-thumbnail\" alt=\"\" aria-describedby=\"gallery-1-14047\" srcset=\"https:\/\/www.arquimaster.com.ar\/web\/wp-content\/uploads\/2015\/03\/estilo_pilar_e_a105_19-150x150.jpg 150w, https:\/\/www.arquimaster.com.ar\/web\/wp-content\/uploads\/2015\/03\/estilo_pilar_e_a105_19-50x50.jpg 50w, https:\/\/www.arquimaster.com.ar\/web\/wp-content\/uploads\/2015\/03\/estilo_pilar_e_a105_19-125x125.jpg 125w\" sizes=\"auto, (max-width: 150px) 100vw, 150px\" \/><\/a>\n\t\t\t<\/div>\n\t\t\t\t<figcaption class='wp-caption-text gallery-caption' id='gallery-1-14047'>\n\t\t\t\tEspacio de decoracion A105 (Estilo Pilar 2015) \/ Estudio Coelho &#038; Coelho\n\t\t\t\t<\/figcaption><\/figure>\n\t\t<\/div>\n\n<p><strong>Vivir en las afueras<\/strong><\/p>\n<p>Vivir en las afueras es el sue\u00f1o de muchos y para cumplirlo proponemos un departamento fresco, c\u00f3modo y elegante a la vez.<\/p>\n<p>Imaginamos un mundo privado en el que conviva el dise\u00f1o con la funcionalidad, donde en 60 m2 se integra el living con la cocina y con el escritorio, y el balc\u00f3n que contin\u00faa se transforma en un lugar de reuni\u00f3n para comer en familia o con amigos.<\/p>\n<p>El cuarto en suite complementa la propuesta con una cama rica en g\u00e9neros y texturas.<\/p>\n<p>Un espacio donde el arte tambi\u00e9n tiene su lugar: en un muro de madera tallado, unas enormes tintas en negro sobre blanco, una gigantograf\u00eda pop en la cocina y por \u00faltimo, unas cajas transparentes con papeles con forma.<\/p>\n<p>La paleta de colores del espacio en general es neutra: un gris amarronado viste los pisos de madera, el vis\u00f3n las paredes del living, las cortinas enrollables en color madera, y los colores tierra terminan el cuarto.<\/p>\n<p>Los muebles de l\u00edneas puras fueron especialmente dise\u00f1ados por el estudio.<\/p>\n<p>Se materializan en maderas nobles y chapas empavonadas en colores grises y marrones.<\/p>\n<p>Los g\u00e9neros en piedra, ocres, naranjas y azules ofrecen calidez y una equilibrada armon\u00eda.<\/p>\n<p><strong>Mas informacion<\/strong><br \/>\n<a title=\"Estudio Coelho &amp; Coelho\" href=\"http:\/\/www.coelho-coelho.com.ar\" target=\"_blank\">http:\/\/www.coelho-coelho.com.ar<\/a><\/p>\n<p><strong>Acerca de Estilo Pilar 2015<\/strong><br \/>\nLa 13\u00ba edici\u00f3n de la muestra de decoraci\u00f3n, arte y paisajismo esta organizada por la Asociaci\u00f3n Amigos del Pilar y abrira sus puertas hasta el 12 de abril de 2015 en Bouquet, Residencias Exclusivas. En esta edici\u00f3n, bajo el leitmotiv \u00abViv\u00ed tu sue\u00f1o\u00bb, cada expositor presenta su espacio inspirado en el interrogante \u00bfCu\u00e1l es tu sue\u00f1o?. En total son 150 expositores que develan al p\u00fablico sus sue\u00f1os, sus deseos, y que a su vez invitan a experimentar los m\u00e1s intensos espacios.<\/p>\n<p>Fotos cortesia de Estilo Pilar 2015<\/p>\n\n<div style=\"font-size: 0px; height: 0px; line-height: 0px; margin: 0; padding: 0; clear: both;\"><\/div><div style=\"margin-top: 0px; margin-bottom: 0px;\" class=\"sharethis-inline-share-buttons\" ><\/div>","protected":false},"excerpt":{"rendered":"<p>Vivir en las afueras, un departamento fresco, c\u00f3modo y elegante a la vez&#8230;<\/p>\n","protected":false},"author":1,"featured_media":14028,"comment_status":"closed","ping_status":"closed","sticky":false,"template":"","format":"standard","meta":{"_uag_custom_page_level_css":"","footnotes":""},"categories":[55,3246],"tags":[3251,37,708,3168,3250,1108],"class_list":["post-14027","post","type-post","status-publish","format-standard","has-post-thumbnail","hentry","category-diseno","category-estilo-pilar-2015","tag-coelho-coelho","tag-decoracion","tag-estilo-pilar","tag-estilo-pilar-edicion-2015","tag-estudio-coelho-coelho","tag-muestras","generate-columns","tablet-grid-50","mobile-grid-100","grid-parent","grid-50"],"yoast_head":"<!-- This site is optimized with the Yoast SEO plugin v27.3 - https:\/\/yoast.com\/product\/yoast-seo-wordpress\/ -->\n<title>Espacio de decoracion A105 (Estilo Pilar 2015) \/ Estudio Coelho &amp; Coelho - Arquimaster<\/title>\n<meta name=\"robots\" content=\"index, follow, max-snippet:-1, max-image-preview:large, max-video-preview:-1\" \/>\n<link rel=\"canonical\" href=\"https:\/\/www.arquimaster.com.ar\/web\/espacio-de-decoracion-a105-estilo-pilar-2015-estudio-coelho-coelho\/\" \/>\n<meta property=\"og:locale\" content=\"es_ES\" \/>\n<meta property=\"og:type\" content=\"article\" \/>\n<meta property=\"og:title\" content=\"Espacio de decoracion A105 (Estilo Pilar 2015) \/ Estudio Coelho &amp; Coelho - Arquimaster\" \/>\n<meta property=\"og:description\" content=\"Vivir en las afueras, un departamento fresco, c\u00f3modo y elegante a la vez...\" \/>\n<meta property=\"og:url\" content=\"https:\/\/www.arquimaster.com.ar\/web\/espacio-de-decoracion-a105-estilo-pilar-2015-estudio-coelho-coelho\/\" \/>\n<meta property=\"og:site_name\" content=\"Arquimaster\" \/>\n<meta property=\"article:publisher\" content=\"http:\/\/www.facebook.com\/ARQUIMASTER.com.ar\" \/>\n<meta property=\"article:published_time\" content=\"2015-03-29T16:30:34+00:00\" \/>\n<meta property=\"article:modified_time\" content=\"2015-03-30T01:24:05+00:00\" \/>\n<meta property=\"og:image\" content=\"https:\/\/www.arquimaster.com.ar\/web\/wp-content\/uploads\/2015\/03\/estilo_pilar_e_a105_slide.jpg\" \/>\n\t<meta property=\"og:image:width\" content=\"642\" \/>\n\t<meta property=\"og:image:height\" content=\"336\" \/>\n\t<meta property=\"og:image:type\" content=\"image\/jpeg\" \/>\n<meta name=\"author\" content=\"Arquimaster\" \/>\n<meta name=\"twitter:card\" content=\"summary_large_image\" \/>\n<meta name=\"twitter:creator\" content=\"@arquimaster\" \/>\n<meta name=\"twitter:site\" content=\"@arquimaster\" \/>\n<meta name=\"twitter:label1\" content=\"Escrito por\" \/>\n\t<meta name=\"twitter:data1\" content=\"Arquimaster\" \/>\n\t<meta name=\"twitter:label2\" content=\"Tiempo de lectura\" \/>\n\t<meta name=\"twitter:data2\" content=\"2 minutos\" \/>\n<script type=\"application\/ld+json\" class=\"yoast-schema-graph\">{\"@context\":\"https:\\\/\\\/schema.org\",\"@graph\":[{\"@type\":\"Article\",\"@id\":\"https:\\\/\\\/www.arquimaster.com.ar\\\/web\\\/espacio-de-decoracion-a105-estilo-pilar-2015-estudio-coelho-coelho\\\/#article\",\"isPartOf\":{\"@id\":\"https:\\\/\\\/www.arquimaster.com.ar\\\/web\\\/espacio-de-decoracion-a105-estilo-pilar-2015-estudio-coelho-coelho\\\/\"},\"author\":{\"name\":\"Arquimaster\",\"@id\":\"https:\\\/\\\/www.arquimaster.com.ar\\\/web\\\/#\\\/schema\\\/person\\\/359e9f7c00193fcde068e0dd2ceb0028\"},\"headline\":\"Espacio de decoracion A105 (Estilo Pilar 2015) \\\/ Estudio Coelho &#038; Coelho\",\"datePublished\":\"2015-03-29T16:30:34+00:00\",\"dateModified\":\"2015-03-30T01:24:05+00:00\",\"mainEntityOfPage\":{\"@id\":\"https:\\\/\\\/www.arquimaster.com.ar\\\/web\\\/espacio-de-decoracion-a105-estilo-pilar-2015-estudio-coelho-coelho\\\/\"},\"wordCount\":351,\"publisher\":{\"@id\":\"https:\\\/\\\/www.arquimaster.com.ar\\\/web\\\/#organization\"},\"image\":{\"@id\":\"https:\\\/\\\/www.arquimaster.com.ar\\\/web\\\/espacio-de-decoracion-a105-estilo-pilar-2015-estudio-coelho-coelho\\\/#primaryimage\"},\"thumbnailUrl\":\"https:\\\/\\\/www.arquimaster.com.ar\\\/web\\\/wp-content\\\/uploads\\\/2015\\\/03\\\/estilo_pilar_e_a105_slide.jpg\",\"keywords\":[\"Coelho &amp; Coelho\",\"decoracion\",\"Estilo Pilar\",\"Estilo Pilar 2015\",\"Estudio Coelho &amp; Coelho\",\"muestras\"],\"articleSection\":[\"Dise\u00f1o\",\"Estilo Pilar 2015\"],\"inLanguage\":\"es\"},{\"@type\":\"WebPage\",\"@id\":\"https:\\\/\\\/www.arquimaster.com.ar\\\/web\\\/espacio-de-decoracion-a105-estilo-pilar-2015-estudio-coelho-coelho\\\/\",\"url\":\"https:\\\/\\\/www.arquimaster.com.ar\\\/web\\\/espacio-de-decoracion-a105-estilo-pilar-2015-estudio-coelho-coelho\\\/\",\"name\":\"Espacio de decoracion A105 (Estilo Pilar 2015) \\\/ Estudio Coelho & Coelho - Arquimaster\",\"isPartOf\":{\"@id\":\"https:\\\/\\\/www.arquimaster.com.ar\\\/web\\\/#website\"},\"primaryImageOfPage\":{\"@id\":\"https:\\\/\\\/www.arquimaster.com.ar\\\/web\\\/espacio-de-decoracion-a105-estilo-pilar-2015-estudio-coelho-coelho\\\/#primaryimage\"},\"image\":{\"@id\":\"https:\\\/\\\/www.arquimaster.com.ar\\\/web\\\/espacio-de-decoracion-a105-estilo-pilar-2015-estudio-coelho-coelho\\\/#primaryimage\"},\"thumbnailUrl\":\"https:\\\/\\\/www.arquimaster.com.ar\\\/web\\\/wp-content\\\/uploads\\\/2015\\\/03\\\/estilo_pilar_e_a105_slide.jpg\",\"datePublished\":\"2015-03-29T16:30:34+00:00\",\"dateModified\":\"2015-03-30T01:24:05+00:00\",\"breadcrumb\":{\"@id\":\"https:\\\/\\\/www.arquimaster.com.ar\\\/web\\\/espacio-de-decoracion-a105-estilo-pilar-2015-estudio-coelho-coelho\\\/#breadcrumb\"},\"inLanguage\":\"es\",\"potentialAction\":[{\"@type\":\"ReadAction\",\"target\":[\"https:\\\/\\\/www.arquimaster.com.ar\\\/web\\\/espacio-de-decoracion-a105-estilo-pilar-2015-estudio-coelho-coelho\\\/\"]}]},{\"@type\":\"ImageObject\",\"inLanguage\":\"es\",\"@id\":\"https:\\\/\\\/www.arquimaster.com.ar\\\/web\\\/espacio-de-decoracion-a105-estilo-pilar-2015-estudio-coelho-coelho\\\/#primaryimage\",\"url\":\"https:\\\/\\\/www.arquimaster.com.ar\\\/web\\\/wp-content\\\/uploads\\\/2015\\\/03\\\/estilo_pilar_e_a105_slide.jpg\",\"contentUrl\":\"https:\\\/\\\/www.arquimaster.com.ar\\\/web\\\/wp-content\\\/uploads\\\/2015\\\/03\\\/estilo_pilar_e_a105_slide.jpg\",\"width\":642,\"height\":336},{\"@type\":\"BreadcrumbList\",\"@id\":\"https:\\\/\\\/www.arquimaster.com.ar\\\/web\\\/espacio-de-decoracion-a105-estilo-pilar-2015-estudio-coelho-coelho\\\/#breadcrumb\",\"itemListElement\":[{\"@type\":\"ListItem\",\"position\":1,\"name\":\"Portada\",\"item\":\"https:\\\/\\\/www.arquimaster.com.ar\\\/web\\\/\"},{\"@type\":\"ListItem\",\"position\":2,\"name\":\"Espacio de decoracion A105 (Estilo Pilar 2015) \\\/ Estudio Coelho &#038; Coelho\"}]},{\"@type\":\"WebSite\",\"@id\":\"https:\\\/\\\/www.arquimaster.com.ar\\\/web\\\/#website\",\"url\":\"https:\\\/\\\/www.arquimaster.com.ar\\\/web\\\/\",\"name\":\"Arquimaster\",\"description\":\"Web de arquitectura, dise\u00f1o y construccion\",\"publisher\":{\"@id\":\"https:\\\/\\\/www.arquimaster.com.ar\\\/web\\\/#organization\"},\"potentialAction\":[{\"@type\":\"SearchAction\",\"target\":{\"@type\":\"EntryPoint\",\"urlTemplate\":\"https:\\\/\\\/www.arquimaster.com.ar\\\/web\\\/?s={search_term_string}\"},\"query-input\":{\"@type\":\"PropertyValueSpecification\",\"valueRequired\":true,\"valueName\":\"search_term_string\"}}],\"inLanguage\":\"es\"},{\"@type\":\"Organization\",\"@id\":\"https:\\\/\\\/www.arquimaster.com.ar\\\/web\\\/#organization\",\"name\":\"Arquimaster\",\"url\":\"https:\\\/\\\/www.arquimaster.com.ar\\\/web\\\/\",\"logo\":{\"@type\":\"ImageObject\",\"inLanguage\":\"es\",\"@id\":\"https:\\\/\\\/www.arquimaster.com.ar\\\/web\\\/#\\\/schema\\\/logo\\\/image\\\/\",\"url\":\"https:\\\/\\\/www.arquimaster.com.ar\\\/web\\\/wp-content\\\/uploads\\\/2022\\\/06\\\/arquimaster.png\",\"contentUrl\":\"https:\\\/\\\/www.arquimaster.com.ar\\\/web\\\/wp-content\\\/uploads\\\/2022\\\/06\\\/arquimaster.png\",\"width\":594,\"height\":78,\"caption\":\"Arquimaster\"},\"image\":{\"@id\":\"https:\\\/\\\/www.arquimaster.com.ar\\\/web\\\/#\\\/schema\\\/logo\\\/image\\\/\"},\"sameAs\":[\"http:\\\/\\\/www.facebook.com\\\/ARQUIMASTER.com.ar\",\"https:\\\/\\\/x.com\\\/arquimaster\",\"https:\\\/\\\/www.instagram.com\\\/arquimasterblog\\\/\",\"https:\\\/\\\/www.linkedin.com\\\/company\\\/arquimaster\",\"https:\\\/\\\/www.pinterest.com\\\/arquimaster\",\"https:\\\/\\\/t.me\\\/arquimaster\"]},{\"@type\":\"Person\",\"@id\":\"https:\\\/\\\/www.arquimaster.com.ar\\\/web\\\/#\\\/schema\\\/person\\\/359e9f7c00193fcde068e0dd2ceb0028\",\"name\":\"Arquimaster\"}]}<\/script>\n<!-- \/ Yoast SEO plugin. -->","yoast_head_json":{"title":"Espacio de decoracion A105 (Estilo Pilar 2015) \/ Estudio Coelho & Coelho - Arquimaster","robots":{"index":"index","follow":"follow","max-snippet":"max-snippet:-1","max-image-preview":"max-image-preview:large","max-video-preview":"max-video-preview:-1"},"canonical":"https:\/\/www.arquimaster.com.ar\/web\/espacio-de-decoracion-a105-estilo-pilar-2015-estudio-coelho-coelho\/","og_locale":"es_ES","og_type":"article","og_title":"Espacio de decoracion A105 (Estilo Pilar 2015) \/ Estudio Coelho & Coelho - Arquimaster","og_description":"Vivir en las afueras, un departamento fresco, c\u00f3modo y elegante a la vez...","og_url":"https:\/\/www.arquimaster.com.ar\/web\/espacio-de-decoracion-a105-estilo-pilar-2015-estudio-coelho-coelho\/","og_site_name":"Arquimaster","article_publisher":"http:\/\/www.facebook.com\/ARQUIMASTER.com.ar","article_published_time":"2015-03-29T16:30:34+00:00","article_modified_time":"2015-03-30T01:24:05+00:00","og_image":[{"width":642,"height":336,"url":"https:\/\/www.arquimaster.com.ar\/web\/wp-content\/uploads\/2015\/03\/estilo_pilar_e_a105_slide.jpg","type":"image\/jpeg"}],"author":"Arquimaster","twitter_card":"summary_large_image","twitter_creator":"@arquimaster","twitter_site":"@arquimaster","twitter_misc":{"Escrito por":"Arquimaster","Tiempo de lectura":"2 minutos"},"schema":{"@context":"https:\/\/schema.org","@graph":[{"@type":"Article","@id":"https:\/\/www.arquimaster.com.ar\/web\/espacio-de-decoracion-a105-estilo-pilar-2015-estudio-coelho-coelho\/#article","isPartOf":{"@id":"https:\/\/www.arquimaster.com.ar\/web\/espacio-de-decoracion-a105-estilo-pilar-2015-estudio-coelho-coelho\/"},"author":{"name":"Arquimaster","@id":"https:\/\/www.arquimaster.com.ar\/web\/#\/schema\/person\/359e9f7c00193fcde068e0dd2ceb0028"},"headline":"Espacio de decoracion A105 (Estilo Pilar 2015) \/ Estudio Coelho &#038; Coelho","datePublished":"2015-03-29T16:30:34+00:00","dateModified":"2015-03-30T01:24:05+00:00","mainEntityOfPage":{"@id":"https:\/\/www.arquimaster.com.ar\/web\/espacio-de-decoracion-a105-estilo-pilar-2015-estudio-coelho-coelho\/"},"wordCount":351,"publisher":{"@id":"https:\/\/www.arquimaster.com.ar\/web\/#organization"},"image":{"@id":"https:\/\/www.arquimaster.com.ar\/web\/espacio-de-decoracion-a105-estilo-pilar-2015-estudio-coelho-coelho\/#primaryimage"},"thumbnailUrl":"https:\/\/www.arquimaster.com.ar\/web\/wp-content\/uploads\/2015\/03\/estilo_pilar_e_a105_slide.jpg","keywords":["Coelho &amp; Coelho","decoracion","Estilo Pilar","Estilo Pilar 2015","Estudio Coelho &amp; Coelho","muestras"],"articleSection":["Dise\u00f1o","Estilo Pilar 2015"],"inLanguage":"es"},{"@type":"WebPage","@id":"https:\/\/www.arquimaster.com.ar\/web\/espacio-de-decoracion-a105-estilo-pilar-2015-estudio-coelho-coelho\/","url":"https:\/\/www.arquimaster.com.ar\/web\/espacio-de-decoracion-a105-estilo-pilar-2015-estudio-coelho-coelho\/","name":"Espacio de decoracion A105 (Estilo Pilar 2015) \/ Estudio Coelho & Coelho - Arquimaster","isPartOf":{"@id":"https:\/\/www.arquimaster.com.ar\/web\/#website"},"primaryImageOfPage":{"@id":"https:\/\/www.arquimaster.com.ar\/web\/espacio-de-decoracion-a105-estilo-pilar-2015-estudio-coelho-coelho\/#primaryimage"},"image":{"@id":"https:\/\/www.arquimaster.com.ar\/web\/espacio-de-decoracion-a105-estilo-pilar-2015-estudio-coelho-coelho\/#primaryimage"},"thumbnailUrl":"https:\/\/www.arquimaster.com.ar\/web\/wp-content\/uploads\/2015\/03\/estilo_pilar_e_a105_slide.jpg","datePublished":"2015-03-29T16:30:34+00:00","dateModified":"2015-03-30T01:24:05+00:00","breadcrumb":{"@id":"https:\/\/www.arquimaster.com.ar\/web\/espacio-de-decoracion-a105-estilo-pilar-2015-estudio-coelho-coelho\/#breadcrumb"},"inLanguage":"es","potentialAction":[{"@type":"ReadAction","target":["https:\/\/www.arquimaster.com.ar\/web\/espacio-de-decoracion-a105-estilo-pilar-2015-estudio-coelho-coelho\/"]}]},{"@type":"ImageObject","inLanguage":"es","@id":"https:\/\/www.arquimaster.com.ar\/web\/espacio-de-decoracion-a105-estilo-pilar-2015-estudio-coelho-coelho\/#primaryimage","url":"https:\/\/www.arquimaster.com.ar\/web\/wp-content\/uploads\/2015\/03\/estilo_pilar_e_a105_slide.jpg","contentUrl":"https:\/\/www.arquimaster.com.ar\/web\/wp-content\/uploads\/2015\/03\/estilo_pilar_e_a105_slide.jpg","width":642,"height":336},{"@type":"BreadcrumbList","@id":"https:\/\/www.arquimaster.com.ar\/web\/espacio-de-decoracion-a105-estilo-pilar-2015-estudio-coelho-coelho\/#breadcrumb","itemListElement":[{"@type":"ListItem","position":1,"name":"Portada","item":"https:\/\/www.arquimaster.com.ar\/web\/"},{"@type":"ListItem","position":2,"name":"Espacio de decoracion A105 (Estilo Pilar 2015) \/ Estudio Coelho &#038; Coelho"}]},{"@type":"WebSite","@id":"https:\/\/www.arquimaster.com.ar\/web\/#website","url":"https:\/\/www.arquimaster.com.ar\/web\/","name":"Arquimaster","description":"Web de arquitectura, dise\u00f1o y construccion","publisher":{"@id":"https:\/\/www.arquimaster.com.ar\/web\/#organization"},"potentialAction":[{"@type":"SearchAction","target":{"@type":"EntryPoint","urlTemplate":"https:\/\/www.arquimaster.com.ar\/web\/?s={search_term_string}"},"query-input":{"@type":"PropertyValueSpecification","valueRequired":true,"valueName":"search_term_string"}}],"inLanguage":"es"},{"@type":"Organization","@id":"https:\/\/www.arquimaster.com.ar\/web\/#organization","name":"Arquimaster","url":"https:\/\/www.arquimaster.com.ar\/web\/","logo":{"@type":"ImageObject","inLanguage":"es","@id":"https:\/\/www.arquimaster.com.ar\/web\/#\/schema\/logo\/image\/","url":"https:\/\/www.arquimaster.com.ar\/web\/wp-content\/uploads\/2022\/06\/arquimaster.png","contentUrl":"https:\/\/www.arquimaster.com.ar\/web\/wp-content\/uploads\/2022\/06\/arquimaster.png","width":594,"height":78,"caption":"Arquimaster"},"image":{"@id":"https:\/\/www.arquimaster.com.ar\/web\/#\/schema\/logo\/image\/"},"sameAs":["http:\/\/www.facebook.com\/ARQUIMASTER.com.ar","https:\/\/x.com\/arquimaster","https:\/\/www.instagram.com\/arquimasterblog\/","https:\/\/www.linkedin.com\/company\/arquimaster","https:\/\/www.pinterest.com\/arquimaster","https:\/\/t.me\/arquimaster"]},{"@type":"Person","@id":"https:\/\/www.arquimaster.com.ar\/web\/#\/schema\/person\/359e9f7c00193fcde068e0dd2ceb0028","name":"Arquimaster"}]}},"uagb_featured_image_src":{"full":["https:\/\/www.arquimaster.com.ar\/web\/wp-content\/uploads\/2015\/03\/estilo_pilar_e_a105_slide.jpg",642,336,false],"thumbnail":["https:\/\/www.arquimaster.com.ar\/web\/wp-content\/uploads\/2015\/03\/estilo_pilar_e_a105_slide-150x150.jpg",150,150,true],"medium":["https:\/\/www.arquimaster.com.ar\/web\/wp-content\/uploads\/2015\/03\/estilo_pilar_e_a105_slide-573x300.jpg",573,300,true],"medium_large":["https:\/\/www.arquimaster.com.ar\/web\/wp-content\/uploads\/2015\/03\/estilo_pilar_e_a105_slide.jpg",642,336,false],"large":["https:\/\/www.arquimaster.com.ar\/web\/wp-content\/uploads\/2015\/03\/estilo_pilar_e_a105_slide.jpg",642,336,false],"1536x1536":["https:\/\/www.arquimaster.com.ar\/web\/wp-content\/uploads\/2015\/03\/estilo_pilar_e_a105_slide.jpg",642,336,false],"2048x2048":["https:\/\/www.arquimaster.com.ar\/web\/wp-content\/uploads\/2015\/03\/estilo_pilar_e_a105_slide.jpg",642,336,false]},"uagb_author_info":{"display_name":"Arquimaster","author_link":"https:\/\/www.arquimaster.com.ar\/web\/author\/arquimaster\/"},"uagb_comment_info":0,"uagb_excerpt":"Vivir en las afueras, un departamento fresco, c\u00f3modo y elegante a la vez...","_links":{"self":[{"href":"https:\/\/www.arquimaster.com.ar\/web\/wp-json\/wp\/v2\/posts\/14027","targetHints":{"allow":["GET"]}}],"collection":[{"href":"https:\/\/www.arquimaster.com.ar\/web\/wp-json\/wp\/v2\/posts"}],"about":[{"href":"https:\/\/www.arquimaster.com.ar\/web\/wp-json\/wp\/v2\/types\/post"}],"author":[{"embeddable":true,"href":"https:\/\/www.arquimaster.com.ar\/web\/wp-json\/wp\/v2\/users\/1"}],"replies":[{"embeddable":true,"href":"https:\/\/www.arquimaster.com.ar\/web\/wp-json\/wp\/v2\/comments?post=14027"}],"version-history":[{"count":0,"href":"https:\/\/www.arquimaster.com.ar\/web\/wp-json\/wp\/v2\/posts\/14027\/revisions"}],"wp:featuredmedia":[{"embeddable":true,"href":"https:\/\/www.arquimaster.com.ar\/web\/wp-json\/wp\/v2\/media\/14028"}],"wp:attachment":[{"href":"https:\/\/www.arquimaster.com.ar\/web\/wp-json\/wp\/v2\/media?parent=14027"}],"wp:term":[{"taxonomy":"category","embeddable":true,"href":"https:\/\/www.arquimaster.com.ar\/web\/wp-json\/wp\/v2\/categories?post=14027"},{"taxonomy":"post_tag","embeddable":true,"href":"https:\/\/www.arquimaster.com.ar\/web\/wp-json\/wp\/v2\/tags?post=14027"}],"curies":[{"name":"wp","href":"https:\/\/api.w.org\/{rel}","templated":true}]}}