{"id":14074,"date":"2015-03-29T17:30:14","date_gmt":"2015-03-29T17:30:14","guid":{"rendered":"http:\/\/www.arquimaster.com.ar\/web\/?p=14074"},"modified":"2015-03-30T02:26:13","modified_gmt":"2015-03-30T02:26:13","slug":"espacio-de-decoracion-a203-estilo-pilar-2015-hands-off","status":"publish","type":"post","link":"https:\/\/www.arquimaster.com.ar\/web\/espacio-de-decoracion-a203-estilo-pilar-2015-hands-off\/","title":{"rendered":"Espacio de decoracion A203 (Estilo Pilar 2015) \/ Hands Off"},"content":{"rendered":"<div style=\"margin-top: 0px; margin-bottom: 0px;\" class=\"sharethis-inline-share-buttons\" ><\/div><div class=\"b812932af2e751442846f039925109de\" data-index=\"1\" style=\"float: none; margin:25px 0 25px 0; text-align:center;\">\n<script async src=\"https:\/\/pagead2.googlesyndication.com\/pagead\/js\/adsbygoogle.js\"><\/script>\r\n<!-- Arquimaster (superior) -->\r\n<ins class=\"adsbygoogle\"\r\n     style=\"display:block\"\r\n     data-ad-client=\"ca-pub-6351072698456832\"\r\n     data-ad-slot=\"6455489680\"\r\n     data-ad-format=\"auto\"\r\n     data-full-width-responsive=\"true\"><\/ins>\r\n<script>\r\n     (adsbygoogle = window.adsbygoogle || []).push({});\r\n<\/script>\n<\/div>\n<p><strong>Espacio de decoracion A203<\/strong> (Estilo Pilar 2015) por <strong>Hands Off<\/strong> (showroom) de Mariana Vigliercho y Federico Ciccone. El espacio esta inspirado en la simpleza, la pureza y la calidez del blanco.<\/p>\n<div id='gallery-1' class='gallery galleryid-14074 gallery-columns-3 gallery-size-thumbnail'><figure class='gallery-item'>\n\t\t\t<div class='gallery-icon portrait'>\n\t\t\t\t<a href='https:\/\/www.arquimaster.com.ar\/web\/wp-content\/uploads\/2015\/03\/estilo_pilar_e_a203_1.jpg' title=\"Espacio de decoracion A203 (Estilo Pilar 2015) \/ Hands Off\" data-rl_title=\"Espacio de decoracion A203 (Estilo Pilar 2015) \/ Hands Off\" class=\"rl-gallery-link\" data-rl_caption=\"Espacio de decoracion A203 (Estilo Pilar 2015) \/ Hands Off\" data-rel=\"lightbox-gallery-1\"><img loading=\"lazy\" decoding=\"async\" width=\"150\" height=\"150\" src=\"https:\/\/www.arquimaster.com.ar\/web\/wp-content\/uploads\/2015\/03\/estilo_pilar_e_a203_1-150x150.jpg\" class=\"attachment-thumbnail size-thumbnail\" alt=\"\" aria-describedby=\"gallery-1-14077\" srcset=\"https:\/\/www.arquimaster.com.ar\/web\/wp-content\/uploads\/2015\/03\/estilo_pilar_e_a203_1-150x150.jpg 150w, https:\/\/www.arquimaster.com.ar\/web\/wp-content\/uploads\/2015\/03\/estilo_pilar_e_a203_1-50x50.jpg 50w, https:\/\/www.arquimaster.com.ar\/web\/wp-content\/uploads\/2015\/03\/estilo_pilar_e_a203_1-125x125.jpg 125w\" sizes=\"auto, (max-width: 150px) 100vw, 150px\" \/><\/a>\n\t\t\t<\/div>\n\t\t\t\t<figcaption class='wp-caption-text gallery-caption' id='gallery-1-14077'>\n\t\t\t\tEspacio de decoracion A203 (Estilo Pilar 2015) \/ Hands Off\n\t\t\t\t<\/figcaption><\/figure><figure class='gallery-item'>\n\t\t\t<div class='gallery-icon portrait'>\n\t\t\t\t<a href='https:\/\/www.arquimaster.com.ar\/web\/wp-content\/uploads\/2015\/03\/estilo_pilar_e_a203_2.jpg' title=\"Espacio de decoracion A203 (Estilo Pilar 2015) \/ Hands Off\" data-rl_title=\"Espacio de decoracion A203 (Estilo Pilar 2015) \/ Hands Off\" class=\"rl-gallery-link\" data-rl_caption=\"Espacio de decoracion A203 (Estilo Pilar 2015) \/ Hands Off\" data-rel=\"lightbox-gallery-1\"><img loading=\"lazy\" decoding=\"async\" width=\"150\" height=\"150\" src=\"https:\/\/www.arquimaster.com.ar\/web\/wp-content\/uploads\/2015\/03\/estilo_pilar_e_a203_2-150x150.jpg\" class=\"attachment-thumbnail size-thumbnail\" alt=\"\" aria-describedby=\"gallery-1-14078\" srcset=\"https:\/\/www.arquimaster.com.ar\/web\/wp-content\/uploads\/2015\/03\/estilo_pilar_e_a203_2-150x150.jpg 150w, https:\/\/www.arquimaster.com.ar\/web\/wp-content\/uploads\/2015\/03\/estilo_pilar_e_a203_2-50x50.jpg 50w, https:\/\/www.arquimaster.com.ar\/web\/wp-content\/uploads\/2015\/03\/estilo_pilar_e_a203_2-125x125.jpg 125w\" sizes=\"auto, (max-width: 150px) 100vw, 150px\" \/><\/a>\n\t\t\t<\/div>\n\t\t\t\t<figcaption class='wp-caption-text gallery-caption' id='gallery-1-14078'>\n\t\t\t\tEspacio de decoracion A203 (Estilo Pilar 2015) \/ Hands Off\n\t\t\t\t<\/figcaption><\/figure><figure class='gallery-item'>\n\t\t\t<div class='gallery-icon portrait'>\n\t\t\t\t<a href='https:\/\/www.arquimaster.com.ar\/web\/wp-content\/uploads\/2015\/03\/estilo_pilar_e_a203_3.jpg' title=\"Espacio de decoracion A203 (Estilo Pilar 2015) \/ Hands Off\" data-rl_title=\"Espacio de decoracion A203 (Estilo Pilar 2015) \/ Hands Off\" class=\"rl-gallery-link\" data-rl_caption=\"Espacio de decoracion A203 (Estilo Pilar 2015) \/ Hands Off\" data-rel=\"lightbox-gallery-1\"><img loading=\"lazy\" decoding=\"async\" width=\"150\" height=\"150\" src=\"https:\/\/www.arquimaster.com.ar\/web\/wp-content\/uploads\/2015\/03\/estilo_pilar_e_a203_3-150x150.jpg\" class=\"attachment-thumbnail size-thumbnail\" alt=\"\" aria-describedby=\"gallery-1-14079\" srcset=\"https:\/\/www.arquimaster.com.ar\/web\/wp-content\/uploads\/2015\/03\/estilo_pilar_e_a203_3-150x150.jpg 150w, https:\/\/www.arquimaster.com.ar\/web\/wp-content\/uploads\/2015\/03\/estilo_pilar_e_a203_3-50x50.jpg 50w, https:\/\/www.arquimaster.com.ar\/web\/wp-content\/uploads\/2015\/03\/estilo_pilar_e_a203_3-125x125.jpg 125w\" sizes=\"auto, (max-width: 150px) 100vw, 150px\" \/><\/a>\n\t\t\t<\/div>\n\t\t\t\t<figcaption class='wp-caption-text gallery-caption' id='gallery-1-14079'>\n\t\t\t\tEspacio de decoracion A203 (Estilo Pilar 2015) \/ Hands Off\n\t\t\t\t<\/figcaption><\/figure><figure class='gallery-item'>\n\t\t\t<div class='gallery-icon portrait'>\n\t\t\t\t<a href='https:\/\/www.arquimaster.com.ar\/web\/wp-content\/uploads\/2015\/03\/estilo_pilar_e_a203_4.jpg' title=\"Espacio de decoracion A203 (Estilo Pilar 2015) \/ Hands Off\" data-rl_title=\"Espacio de decoracion A203 (Estilo Pilar 2015) \/ Hands Off\" class=\"rl-gallery-link\" data-rl_caption=\"Espacio de decoracion A203 (Estilo Pilar 2015) \/ Hands Off\" data-rel=\"lightbox-gallery-1\"><img loading=\"lazy\" decoding=\"async\" width=\"150\" height=\"150\" src=\"https:\/\/www.arquimaster.com.ar\/web\/wp-content\/uploads\/2015\/03\/estilo_pilar_e_a203_4-150x150.jpg\" class=\"attachment-thumbnail size-thumbnail\" alt=\"\" aria-describedby=\"gallery-1-14080\" srcset=\"https:\/\/www.arquimaster.com.ar\/web\/wp-content\/uploads\/2015\/03\/estilo_pilar_e_a203_4-150x150.jpg 150w, https:\/\/www.arquimaster.com.ar\/web\/wp-content\/uploads\/2015\/03\/estilo_pilar_e_a203_4-50x50.jpg 50w, https:\/\/www.arquimaster.com.ar\/web\/wp-content\/uploads\/2015\/03\/estilo_pilar_e_a203_4-125x125.jpg 125w\" sizes=\"auto, (max-width: 150px) 100vw, 150px\" \/><\/a>\n\t\t\t<\/div>\n\t\t\t\t<figcaption class='wp-caption-text gallery-caption' id='gallery-1-14080'>\n\t\t\t\tEspacio de decoracion A203 (Estilo Pilar 2015) \/ Hands Off\n\t\t\t\t<\/figcaption><\/figure><figure class='gallery-item'>\n\t\t\t<div class='gallery-icon portrait'>\n\t\t\t\t<a href='https:\/\/www.arquimaster.com.ar\/web\/wp-content\/uploads\/2015\/03\/estilo_pilar_e_a203_5.jpg' title=\"Espacio de decoracion A203 (Estilo Pilar 2015) \/ Hands Off\" data-rl_title=\"Espacio de decoracion A203 (Estilo Pilar 2015) \/ Hands Off\" class=\"rl-gallery-link\" data-rl_caption=\"Espacio de decoracion A203 (Estilo Pilar 2015) \/ Hands Off\" data-rel=\"lightbox-gallery-1\"><img loading=\"lazy\" decoding=\"async\" width=\"150\" height=\"150\" src=\"https:\/\/www.arquimaster.com.ar\/web\/wp-content\/uploads\/2015\/03\/estilo_pilar_e_a203_5-150x150.jpg\" class=\"attachment-thumbnail size-thumbnail\" alt=\"\" aria-describedby=\"gallery-1-14081\" srcset=\"https:\/\/www.arquimaster.com.ar\/web\/wp-content\/uploads\/2015\/03\/estilo_pilar_e_a203_5-150x150.jpg 150w, https:\/\/www.arquimaster.com.ar\/web\/wp-content\/uploads\/2015\/03\/estilo_pilar_e_a203_5-50x50.jpg 50w, https:\/\/www.arquimaster.com.ar\/web\/wp-content\/uploads\/2015\/03\/estilo_pilar_e_a203_5-125x125.jpg 125w\" sizes=\"auto, (max-width: 150px) 100vw, 150px\" \/><\/a>\n\t\t\t<\/div>\n\t\t\t\t<figcaption class='wp-caption-text gallery-caption' id='gallery-1-14081'>\n\t\t\t\tEspacio de decoracion A203 (Estilo Pilar 2015) \/ Hands Off\n\t\t\t\t<\/figcaption><\/figure><figure class='gallery-item'>\n\t\t\t<div class='gallery-icon landscape'>\n\t\t\t\t<a href='https:\/\/www.arquimaster.com.ar\/web\/wp-content\/uploads\/2015\/03\/estilo_pilar_e_a203_6.jpg' title=\"Espacio de decoracion A203 (Estilo Pilar 2015) \/ Hands Off\" data-rl_title=\"Espacio de decoracion A203 (Estilo Pilar 2015) \/ Hands Off\" class=\"rl-gallery-link\" data-rl_caption=\"Espacio de decoracion A203 (Estilo Pilar 2015) \/ Hands Off\" data-rel=\"lightbox-gallery-1\"><img loading=\"lazy\" decoding=\"async\" width=\"150\" height=\"150\" src=\"https:\/\/www.arquimaster.com.ar\/web\/wp-content\/uploads\/2015\/03\/estilo_pilar_e_a203_6-150x150.jpg\" class=\"attachment-thumbnail size-thumbnail\" alt=\"\" aria-describedby=\"gallery-1-14082\" srcset=\"https:\/\/www.arquimaster.com.ar\/web\/wp-content\/uploads\/2015\/03\/estilo_pilar_e_a203_6-150x150.jpg 150w, https:\/\/www.arquimaster.com.ar\/web\/wp-content\/uploads\/2015\/03\/estilo_pilar_e_a203_6-50x50.jpg 50w, https:\/\/www.arquimaster.com.ar\/web\/wp-content\/uploads\/2015\/03\/estilo_pilar_e_a203_6-125x125.jpg 125w\" sizes=\"auto, (max-width: 150px) 100vw, 150px\" \/><\/a>\n\t\t\t<\/div>\n\t\t\t\t<figcaption class='wp-caption-text gallery-caption' id='gallery-1-14082'>\n\t\t\t\tEspacio de decoracion A203 (Estilo Pilar 2015) \/ Hands Off\n\t\t\t\t<\/figcaption><\/figure><figure class='gallery-item'>\n\t\t\t<div class='gallery-icon portrait'>\n\t\t\t\t<a href='https:\/\/www.arquimaster.com.ar\/web\/wp-content\/uploads\/2015\/03\/estilo_pilar_e_a203_7.jpg' title=\"Espacio de decoracion A203 (Estilo Pilar 2015) \/ Hands Off\" data-rl_title=\"Espacio de decoracion A203 (Estilo Pilar 2015) \/ Hands Off\" class=\"rl-gallery-link\" data-rl_caption=\"Espacio de decoracion A203 (Estilo Pilar 2015) \/ Hands Off\" data-rel=\"lightbox-gallery-1\"><img loading=\"lazy\" decoding=\"async\" width=\"150\" height=\"150\" src=\"https:\/\/www.arquimaster.com.ar\/web\/wp-content\/uploads\/2015\/03\/estilo_pilar_e_a203_7-150x150.jpg\" class=\"attachment-thumbnail size-thumbnail\" alt=\"\" aria-describedby=\"gallery-1-14083\" srcset=\"https:\/\/www.arquimaster.com.ar\/web\/wp-content\/uploads\/2015\/03\/estilo_pilar_e_a203_7-150x150.jpg 150w, https:\/\/www.arquimaster.com.ar\/web\/wp-content\/uploads\/2015\/03\/estilo_pilar_e_a203_7-50x50.jpg 50w, https:\/\/www.arquimaster.com.ar\/web\/wp-content\/uploads\/2015\/03\/estilo_pilar_e_a203_7-125x125.jpg 125w\" sizes=\"auto, (max-width: 150px) 100vw, 150px\" \/><\/a>\n\t\t\t<\/div>\n\t\t\t\t<figcaption class='wp-caption-text gallery-caption' id='gallery-1-14083'>\n\t\t\t\tEspacio de decoracion A203 (Estilo Pilar 2015) \/ Hands Off\n\t\t\t\t<\/figcaption><\/figure><figure class='gallery-item'>\n\t\t\t<div class='gallery-icon portrait'>\n\t\t\t\t<a href='https:\/\/www.arquimaster.com.ar\/web\/wp-content\/uploads\/2015\/03\/estilo_pilar_e_a203_8.jpg' title=\"Espacio de decoracion A203 (Estilo Pilar 2015) \/ Hands Off\" data-rl_title=\"Espacio de decoracion A203 (Estilo Pilar 2015) \/ Hands Off\" class=\"rl-gallery-link\" data-rl_caption=\"Espacio de decoracion A203 (Estilo Pilar 2015) \/ Hands Off\" data-rel=\"lightbox-gallery-1\"><img loading=\"lazy\" decoding=\"async\" width=\"150\" height=\"150\" src=\"https:\/\/www.arquimaster.com.ar\/web\/wp-content\/uploads\/2015\/03\/estilo_pilar_e_a203_8-150x150.jpg\" class=\"attachment-thumbnail size-thumbnail\" alt=\"\" aria-describedby=\"gallery-1-14084\" srcset=\"https:\/\/www.arquimaster.com.ar\/web\/wp-content\/uploads\/2015\/03\/estilo_pilar_e_a203_8-150x150.jpg 150w, https:\/\/www.arquimaster.com.ar\/web\/wp-content\/uploads\/2015\/03\/estilo_pilar_e_a203_8-50x50.jpg 50w, https:\/\/www.arquimaster.com.ar\/web\/wp-content\/uploads\/2015\/03\/estilo_pilar_e_a203_8-125x125.jpg 125w\" sizes=\"auto, (max-width: 150px) 100vw, 150px\" \/><\/a>\n\t\t\t<\/div>\n\t\t\t\t<figcaption class='wp-caption-text gallery-caption' id='gallery-1-14084'>\n\t\t\t\tEspacio de decoracion A203 (Estilo Pilar 2015) \/ Hands Off\n\t\t\t\t<\/figcaption><\/figure><figure class='gallery-item'>\n\t\t\t<div class='gallery-icon portrait'>\n\t\t\t\t<a href='https:\/\/www.arquimaster.com.ar\/web\/wp-content\/uploads\/2015\/03\/estilo_pilar_e_a203_10.jpg' title=\"Espacio de decoracion A203 (Estilo Pilar 2015) \/ Hands Off\" data-rl_title=\"Espacio de decoracion A203 (Estilo Pilar 2015) \/ Hands Off\" class=\"rl-gallery-link\" data-rl_caption=\"Espacio de decoracion A203 (Estilo Pilar 2015) \/ Hands Off\" data-rel=\"lightbox-gallery-1\"><img loading=\"lazy\" decoding=\"async\" width=\"150\" height=\"150\" src=\"https:\/\/www.arquimaster.com.ar\/web\/wp-content\/uploads\/2015\/03\/estilo_pilar_e_a203_10-150x150.jpg\" class=\"attachment-thumbnail size-thumbnail\" alt=\"\" aria-describedby=\"gallery-1-14086\" srcset=\"https:\/\/www.arquimaster.com.ar\/web\/wp-content\/uploads\/2015\/03\/estilo_pilar_e_a203_10-150x150.jpg 150w, https:\/\/www.arquimaster.com.ar\/web\/wp-content\/uploads\/2015\/03\/estilo_pilar_e_a203_10-50x50.jpg 50w, https:\/\/www.arquimaster.com.ar\/web\/wp-content\/uploads\/2015\/03\/estilo_pilar_e_a203_10-125x125.jpg 125w\" sizes=\"auto, (max-width: 150px) 100vw, 150px\" \/><\/a>\n\t\t\t<\/div>\n\t\t\t\t<figcaption class='wp-caption-text gallery-caption' id='gallery-1-14086'>\n\t\t\t\tEspacio de decoracion A203 (Estilo Pilar 2015) \/ Hands Off\n\t\t\t\t<\/figcaption><\/figure><figure class='gallery-item'>\n\t\t\t<div class='gallery-icon portrait'>\n\t\t\t\t<a href='https:\/\/www.arquimaster.com.ar\/web\/wp-content\/uploads\/2015\/03\/estilo_pilar_e_a203_11.jpg' title=\"Espacio de decoracion A203 (Estilo Pilar 2015) \/ Hands Off\" data-rl_title=\"Espacio de decoracion A203 (Estilo Pilar 2015) \/ Hands Off\" class=\"rl-gallery-link\" data-rl_caption=\"Espacio de decoracion A203 (Estilo Pilar 2015) \/ Hands Off\" data-rel=\"lightbox-gallery-1\"><img loading=\"lazy\" decoding=\"async\" width=\"150\" height=\"150\" src=\"https:\/\/www.arquimaster.com.ar\/web\/wp-content\/uploads\/2015\/03\/estilo_pilar_e_a203_11-150x150.jpg\" class=\"attachment-thumbnail size-thumbnail\" alt=\"\" aria-describedby=\"gallery-1-14087\" srcset=\"https:\/\/www.arquimaster.com.ar\/web\/wp-content\/uploads\/2015\/03\/estilo_pilar_e_a203_11-150x150.jpg 150w, https:\/\/www.arquimaster.com.ar\/web\/wp-content\/uploads\/2015\/03\/estilo_pilar_e_a203_11-50x50.jpg 50w, https:\/\/www.arquimaster.com.ar\/web\/wp-content\/uploads\/2015\/03\/estilo_pilar_e_a203_11-125x125.jpg 125w\" sizes=\"auto, (max-width: 150px) 100vw, 150px\" \/><\/a>\n\t\t\t<\/div>\n\t\t\t\t<figcaption class='wp-caption-text gallery-caption' id='gallery-1-14087'>\n\t\t\t\tEspacio de decoracion A203 (Estilo Pilar 2015) \/ Hands Off\n\t\t\t\t<\/figcaption><\/figure><figure class='gallery-item'>\n\t\t\t<div class='gallery-icon portrait'>\n\t\t\t\t<a href='https:\/\/www.arquimaster.com.ar\/web\/wp-content\/uploads\/2015\/03\/estilo_pilar_e_a203_12.jpg' title=\"Espacio de decoracion A203 (Estilo Pilar 2015) \/ Hands Off\" data-rl_title=\"Espacio de decoracion A203 (Estilo Pilar 2015) \/ Hands Off\" class=\"rl-gallery-link\" data-rl_caption=\"Espacio de decoracion A203 (Estilo Pilar 2015) \/ Hands Off\" data-rel=\"lightbox-gallery-1\"><img loading=\"lazy\" decoding=\"async\" width=\"150\" height=\"150\" src=\"https:\/\/www.arquimaster.com.ar\/web\/wp-content\/uploads\/2015\/03\/estilo_pilar_e_a203_12-150x150.jpg\" class=\"attachment-thumbnail size-thumbnail\" alt=\"\" aria-describedby=\"gallery-1-14088\" srcset=\"https:\/\/www.arquimaster.com.ar\/web\/wp-content\/uploads\/2015\/03\/estilo_pilar_e_a203_12-150x150.jpg 150w, https:\/\/www.arquimaster.com.ar\/web\/wp-content\/uploads\/2015\/03\/estilo_pilar_e_a203_12-50x50.jpg 50w, https:\/\/www.arquimaster.com.ar\/web\/wp-content\/uploads\/2015\/03\/estilo_pilar_e_a203_12-125x125.jpg 125w\" sizes=\"auto, (max-width: 150px) 100vw, 150px\" \/><\/a>\n\t\t\t<\/div>\n\t\t\t\t<figcaption class='wp-caption-text gallery-caption' id='gallery-1-14088'>\n\t\t\t\tEspacio de decoracion A203 (Estilo Pilar 2015) \/ Hands Off\n\t\t\t\t<\/figcaption><\/figure><figure class='gallery-item'>\n\t\t\t<div class='gallery-icon landscape'>\n\t\t\t\t<a href='https:\/\/www.arquimaster.com.ar\/web\/wp-content\/uploads\/2015\/03\/estilo_pilar_e_a203_13.jpg' title=\"Espacio de decoracion A203 (Estilo Pilar 2015) \/ Hands Off\" data-rl_title=\"Espacio de decoracion A203 (Estilo Pilar 2015) \/ Hands Off\" class=\"rl-gallery-link\" data-rl_caption=\"Espacio de decoracion A203 (Estilo Pilar 2015) \/ Hands Off\" data-rel=\"lightbox-gallery-1\"><img loading=\"lazy\" decoding=\"async\" width=\"150\" height=\"150\" src=\"https:\/\/www.arquimaster.com.ar\/web\/wp-content\/uploads\/2015\/03\/estilo_pilar_e_a203_13-150x150.jpg\" class=\"attachment-thumbnail size-thumbnail\" alt=\"\" aria-describedby=\"gallery-1-14089\" srcset=\"https:\/\/www.arquimaster.com.ar\/web\/wp-content\/uploads\/2015\/03\/estilo_pilar_e_a203_13-150x150.jpg 150w, https:\/\/www.arquimaster.com.ar\/web\/wp-content\/uploads\/2015\/03\/estilo_pilar_e_a203_13-50x50.jpg 50w, https:\/\/www.arquimaster.com.ar\/web\/wp-content\/uploads\/2015\/03\/estilo_pilar_e_a203_13-125x125.jpg 125w\" sizes=\"auto, (max-width: 150px) 100vw, 150px\" \/><\/a>\n\t\t\t<\/div>\n\t\t\t\t<figcaption class='wp-caption-text gallery-caption' id='gallery-1-14089'>\n\t\t\t\tEspacio de decoracion A203 (Estilo Pilar 2015) \/ Hands Off\n\t\t\t\t<\/figcaption><\/figure><figure class='gallery-item'>\n\t\t\t<div class='gallery-icon portrait'>\n\t\t\t\t<a href='https:\/\/www.arquimaster.com.ar\/web\/wp-content\/uploads\/2015\/03\/estilo_pilar_e_a203_14.jpg' title=\"Espacio de decoracion A203 (Estilo Pilar 2015) \/ Hands Off\" data-rl_title=\"Espacio de decoracion A203 (Estilo Pilar 2015) \/ Hands Off\" class=\"rl-gallery-link\" data-rl_caption=\"Espacio de decoracion A203 (Estilo Pilar 2015) \/ Hands Off\" data-rel=\"lightbox-gallery-1\"><img loading=\"lazy\" decoding=\"async\" width=\"150\" height=\"150\" src=\"https:\/\/www.arquimaster.com.ar\/web\/wp-content\/uploads\/2015\/03\/estilo_pilar_e_a203_14-150x150.jpg\" class=\"attachment-thumbnail size-thumbnail\" alt=\"\" aria-describedby=\"gallery-1-14090\" srcset=\"https:\/\/www.arquimaster.com.ar\/web\/wp-content\/uploads\/2015\/03\/estilo_pilar_e_a203_14-150x150.jpg 150w, https:\/\/www.arquimaster.com.ar\/web\/wp-content\/uploads\/2015\/03\/estilo_pilar_e_a203_14-50x50.jpg 50w, https:\/\/www.arquimaster.com.ar\/web\/wp-content\/uploads\/2015\/03\/estilo_pilar_e_a203_14-125x125.jpg 125w\" sizes=\"auto, (max-width: 150px) 100vw, 150px\" \/><\/a>\n\t\t\t<\/div>\n\t\t\t\t<figcaption class='wp-caption-text gallery-caption' id='gallery-1-14090'>\n\t\t\t\tEspacio de decoracion A203 (Estilo Pilar 2015) \/ Hands Off\n\t\t\t\t<\/figcaption><\/figure><figure class='gallery-item'>\n\t\t\t<div class='gallery-icon portrait'>\n\t\t\t\t<a href='https:\/\/www.arquimaster.com.ar\/web\/wp-content\/uploads\/2015\/03\/estilo_pilar_e_a203_15.jpg' title=\"Espacio de decoracion A203 (Estilo Pilar 2015) \/ Hands Off\" data-rl_title=\"Espacio de decoracion A203 (Estilo Pilar 2015) \/ Hands Off\" class=\"rl-gallery-link\" data-rl_caption=\"Espacio de decoracion A203 (Estilo Pilar 2015) \/ Hands Off\" data-rel=\"lightbox-gallery-1\"><img loading=\"lazy\" decoding=\"async\" width=\"150\" height=\"150\" src=\"https:\/\/www.arquimaster.com.ar\/web\/wp-content\/uploads\/2015\/03\/estilo_pilar_e_a203_15-150x150.jpg\" class=\"attachment-thumbnail size-thumbnail\" alt=\"\" aria-describedby=\"gallery-1-14091\" srcset=\"https:\/\/www.arquimaster.com.ar\/web\/wp-content\/uploads\/2015\/03\/estilo_pilar_e_a203_15-150x150.jpg 150w, https:\/\/www.arquimaster.com.ar\/web\/wp-content\/uploads\/2015\/03\/estilo_pilar_e_a203_15-50x50.jpg 50w, https:\/\/www.arquimaster.com.ar\/web\/wp-content\/uploads\/2015\/03\/estilo_pilar_e_a203_15-125x125.jpg 125w\" sizes=\"auto, (max-width: 150px) 100vw, 150px\" \/><\/a>\n\t\t\t<\/div>\n\t\t\t\t<figcaption class='wp-caption-text gallery-caption' id='gallery-1-14091'>\n\t\t\t\tEspacio de decoracion A203 (Estilo Pilar 2015) \/ Hands Off\n\t\t\t\t<\/figcaption><\/figure><figure class='gallery-item'>\n\t\t\t<div class='gallery-icon portrait'>\n\t\t\t\t<a href='https:\/\/www.arquimaster.com.ar\/web\/wp-content\/uploads\/2015\/03\/estilo_pilar_e_a203_9.jpg' title=\"Espacio de decoracion A203 (Estilo Pilar 2015) \/ Hands Off\" data-rl_title=\"Espacio de decoracion A203 (Estilo Pilar 2015) \/ Hands Off\" class=\"rl-gallery-link\" data-rl_caption=\"Espacio de decoracion A203 (Estilo Pilar 2015) \/ Hands Off\" data-rel=\"lightbox-gallery-1\"><img loading=\"lazy\" decoding=\"async\" width=\"150\" height=\"150\" src=\"https:\/\/www.arquimaster.com.ar\/web\/wp-content\/uploads\/2015\/03\/estilo_pilar_e_a203_9-150x150.jpg\" class=\"attachment-thumbnail size-thumbnail\" alt=\"\" aria-describedby=\"gallery-1-14085\" srcset=\"https:\/\/www.arquimaster.com.ar\/web\/wp-content\/uploads\/2015\/03\/estilo_pilar_e_a203_9-150x150.jpg 150w, https:\/\/www.arquimaster.com.ar\/web\/wp-content\/uploads\/2015\/03\/estilo_pilar_e_a203_9-50x50.jpg 50w, https:\/\/www.arquimaster.com.ar\/web\/wp-content\/uploads\/2015\/03\/estilo_pilar_e_a203_9-125x125.jpg 125w\" sizes=\"auto, (max-width: 150px) 100vw, 150px\" \/><\/a>\n\t\t\t<\/div>\n\t\t\t\t<figcaption class='wp-caption-text gallery-caption' id='gallery-1-14085'>\n\t\t\t\tEspacio de decoracion A203 (Estilo Pilar 2015) \/ Hands Off\n\t\t\t\t<\/figcaption><\/figure><figure class='gallery-item'>\n\t\t\t<div class='gallery-icon landscape'>\n\t\t\t\t<a href='https:\/\/www.arquimaster.com.ar\/web\/wp-content\/uploads\/2015\/03\/estilo_pilar_e_a203_16.jpg' title=\"Espacio de decoracion A203 (Estilo Pilar 2015) \/ Hands Off\" data-rl_title=\"Espacio de decoracion A203 (Estilo Pilar 2015) \/ Hands Off\" class=\"rl-gallery-link\" data-rl_caption=\"Espacio de decoracion A203 (Estilo Pilar 2015) \/ Hands Off\" data-rel=\"lightbox-gallery-1\"><img loading=\"lazy\" decoding=\"async\" width=\"150\" height=\"150\" src=\"https:\/\/www.arquimaster.com.ar\/web\/wp-content\/uploads\/2015\/03\/estilo_pilar_e_a203_16-150x150.jpg\" class=\"attachment-thumbnail size-thumbnail\" alt=\"\" aria-describedby=\"gallery-1-14092\" srcset=\"https:\/\/www.arquimaster.com.ar\/web\/wp-content\/uploads\/2015\/03\/estilo_pilar_e_a203_16-150x150.jpg 150w, https:\/\/www.arquimaster.com.ar\/web\/wp-content\/uploads\/2015\/03\/estilo_pilar_e_a203_16-50x50.jpg 50w, https:\/\/www.arquimaster.com.ar\/web\/wp-content\/uploads\/2015\/03\/estilo_pilar_e_a203_16-125x125.jpg 125w\" sizes=\"auto, (max-width: 150px) 100vw, 150px\" \/><\/a>\n\t\t\t<\/div>\n\t\t\t\t<figcaption class='wp-caption-text gallery-caption' id='gallery-1-14092'>\n\t\t\t\tEspacio de decoracion A203 (Estilo Pilar 2015) \/ Hands Off\n\t\t\t\t<\/figcaption><\/figure><figure class='gallery-item'>\n\t\t\t<div class='gallery-icon landscape'>\n\t\t\t\t<a href='https:\/\/www.arquimaster.com.ar\/web\/wp-content\/uploads\/2015\/03\/estilo_pilar_e_a203_17.jpg' title=\"Espacio de decoracion A203 (Estilo Pilar 2015) \/ Hands Off\" data-rl_title=\"Espacio de decoracion A203 (Estilo Pilar 2015) \/ Hands Off\" class=\"rl-gallery-link\" data-rl_caption=\"Espacio de decoracion A203 (Estilo Pilar 2015) \/ Hands Off\" data-rel=\"lightbox-gallery-1\"><img loading=\"lazy\" decoding=\"async\" width=\"150\" height=\"150\" src=\"https:\/\/www.arquimaster.com.ar\/web\/wp-content\/uploads\/2015\/03\/estilo_pilar_e_a203_17-150x150.jpg\" class=\"attachment-thumbnail size-thumbnail\" alt=\"\" aria-describedby=\"gallery-1-14093\" srcset=\"https:\/\/www.arquimaster.com.ar\/web\/wp-content\/uploads\/2015\/03\/estilo_pilar_e_a203_17-150x150.jpg 150w, https:\/\/www.arquimaster.com.ar\/web\/wp-content\/uploads\/2015\/03\/estilo_pilar_e_a203_17-50x50.jpg 50w, https:\/\/www.arquimaster.com.ar\/web\/wp-content\/uploads\/2015\/03\/estilo_pilar_e_a203_17-125x125.jpg 125w\" sizes=\"auto, (max-width: 150px) 100vw, 150px\" \/><\/a>\n\t\t\t<\/div>\n\t\t\t\t<figcaption class='wp-caption-text gallery-caption' id='gallery-1-14093'>\n\t\t\t\tEspacio de decoracion A203 (Estilo Pilar 2015) \/ Hands Off\n\t\t\t\t<\/figcaption><\/figure><figure class='gallery-item'>\n\t\t\t<div class='gallery-icon portrait'>\n\t\t\t\t<a href='https:\/\/www.arquimaster.com.ar\/web\/wp-content\/uploads\/2015\/03\/estilo_pilar_e_a203_18.jpg' title=\"Espacio de decoracion A203 (Estilo Pilar 2015) \/ Hands Off\" data-rl_title=\"Espacio de decoracion A203 (Estilo Pilar 2015) \/ Hands Off\" class=\"rl-gallery-link\" data-rl_caption=\"Espacio de decoracion A203 (Estilo Pilar 2015) \/ Hands Off\" data-rel=\"lightbox-gallery-1\"><img loading=\"lazy\" decoding=\"async\" width=\"150\" height=\"150\" src=\"https:\/\/www.arquimaster.com.ar\/web\/wp-content\/uploads\/2015\/03\/estilo_pilar_e_a203_18-150x150.jpg\" class=\"attachment-thumbnail size-thumbnail\" alt=\"\" aria-describedby=\"gallery-1-14094\" srcset=\"https:\/\/www.arquimaster.com.ar\/web\/wp-content\/uploads\/2015\/03\/estilo_pilar_e_a203_18-150x150.jpg 150w, https:\/\/www.arquimaster.com.ar\/web\/wp-content\/uploads\/2015\/03\/estilo_pilar_e_a203_18-50x50.jpg 50w, https:\/\/www.arquimaster.com.ar\/web\/wp-content\/uploads\/2015\/03\/estilo_pilar_e_a203_18-125x125.jpg 125w\" sizes=\"auto, (max-width: 150px) 100vw, 150px\" \/><\/a>\n\t\t\t<\/div>\n\t\t\t\t<figcaption class='wp-caption-text gallery-caption' id='gallery-1-14094'>\n\t\t\t\tEspacio de decoracion A203 (Estilo Pilar 2015) \/ Hands Off\n\t\t\t\t<\/figcaption><\/figure><figure class='gallery-item'>\n\t\t\t<div class='gallery-icon landscape'>\n\t\t\t\t<a href='https:\/\/www.arquimaster.com.ar\/web\/wp-content\/uploads\/2015\/03\/estilo_pilar_e_a203_19.jpg' title=\"Espacio de decoracion A203 (Estilo Pilar 2015) \/ Hands Off\" data-rl_title=\"Espacio de decoracion A203 (Estilo Pilar 2015) \/ Hands Off\" class=\"rl-gallery-link\" data-rl_caption=\"Espacio de decoracion A203 (Estilo Pilar 2015) \/ Hands Off\" data-rel=\"lightbox-gallery-1\"><img loading=\"lazy\" decoding=\"async\" width=\"150\" height=\"150\" src=\"https:\/\/www.arquimaster.com.ar\/web\/wp-content\/uploads\/2015\/03\/estilo_pilar_e_a203_19-150x150.jpg\" class=\"attachment-thumbnail size-thumbnail\" alt=\"\" aria-describedby=\"gallery-1-14095\" srcset=\"https:\/\/www.arquimaster.com.ar\/web\/wp-content\/uploads\/2015\/03\/estilo_pilar_e_a203_19-150x150.jpg 150w, https:\/\/www.arquimaster.com.ar\/web\/wp-content\/uploads\/2015\/03\/estilo_pilar_e_a203_19-50x50.jpg 50w, https:\/\/www.arquimaster.com.ar\/web\/wp-content\/uploads\/2015\/03\/estilo_pilar_e_a203_19-125x125.jpg 125w\" sizes=\"auto, (max-width: 150px) 100vw, 150px\" \/><\/a>\n\t\t\t<\/div>\n\t\t\t\t<figcaption class='wp-caption-text gallery-caption' id='gallery-1-14095'>\n\t\t\t\tEspacio de decoracion A203 (Estilo Pilar 2015) \/ Hands Off\n\t\t\t\t<\/figcaption><\/figure><figure class='gallery-item'>\n\t\t\t<div class='gallery-icon landscape'>\n\t\t\t\t<a href='https:\/\/www.arquimaster.com.ar\/web\/wp-content\/uploads\/2015\/03\/estilo_pilar_e_a203_20.jpg' title=\"Espacio de decoracion A203 (Estilo Pilar 2015) \/ Hands Off\" data-rl_title=\"Espacio de decoracion A203 (Estilo Pilar 2015) \/ Hands Off\" class=\"rl-gallery-link\" data-rl_caption=\"Espacio de decoracion A203 (Estilo Pilar 2015) \/ Hands Off\" data-rel=\"lightbox-gallery-1\"><img loading=\"lazy\" decoding=\"async\" width=\"150\" height=\"150\" src=\"https:\/\/www.arquimaster.com.ar\/web\/wp-content\/uploads\/2015\/03\/estilo_pilar_e_a203_20-150x150.jpg\" class=\"attachment-thumbnail size-thumbnail\" alt=\"\" aria-describedby=\"gallery-1-14096\" srcset=\"https:\/\/www.arquimaster.com.ar\/web\/wp-content\/uploads\/2015\/03\/estilo_pilar_e_a203_20-150x150.jpg 150w, https:\/\/www.arquimaster.com.ar\/web\/wp-content\/uploads\/2015\/03\/estilo_pilar_e_a203_20-50x50.jpg 50w, https:\/\/www.arquimaster.com.ar\/web\/wp-content\/uploads\/2015\/03\/estilo_pilar_e_a203_20-125x125.jpg 125w\" sizes=\"auto, (max-width: 150px) 100vw, 150px\" \/><\/a>\n\t\t\t<\/div>\n\t\t\t\t<figcaption class='wp-caption-text gallery-caption' id='gallery-1-14096'>\n\t\t\t\tEspacio de decoracion A203 (Estilo Pilar 2015) \/ Hands Off\n\t\t\t\t<\/figcaption><\/figure><figure class='gallery-item'>\n\t\t\t<div class='gallery-icon landscape'>\n\t\t\t\t<a href='https:\/\/www.arquimaster.com.ar\/web\/wp-content\/uploads\/2015\/03\/estilo_pilar_e_a203_21.jpg' title=\"Espacio de decoracion A203 (Estilo Pilar 2015) \/ Hands Off\" data-rl_title=\"Espacio de decoracion A203 (Estilo Pilar 2015) \/ Hands Off\" class=\"rl-gallery-link\" data-rl_caption=\"Espacio de decoracion A203 (Estilo Pilar 2015) \/ Hands Off\" data-rel=\"lightbox-gallery-1\"><img loading=\"lazy\" decoding=\"async\" width=\"150\" height=\"150\" src=\"https:\/\/www.arquimaster.com.ar\/web\/wp-content\/uploads\/2015\/03\/estilo_pilar_e_a203_21-150x150.jpg\" class=\"attachment-thumbnail size-thumbnail\" alt=\"\" aria-describedby=\"gallery-1-14097\" srcset=\"https:\/\/www.arquimaster.com.ar\/web\/wp-content\/uploads\/2015\/03\/estilo_pilar_e_a203_21-150x150.jpg 150w, https:\/\/www.arquimaster.com.ar\/web\/wp-content\/uploads\/2015\/03\/estilo_pilar_e_a203_21-50x50.jpg 50w, https:\/\/www.arquimaster.com.ar\/web\/wp-content\/uploads\/2015\/03\/estilo_pilar_e_a203_21-125x125.jpg 125w\" sizes=\"auto, (max-width: 150px) 100vw, 150px\" \/><\/a>\n\t\t\t<\/div>\n\t\t\t\t<figcaption class='wp-caption-text gallery-caption' id='gallery-1-14097'>\n\t\t\t\tEspacio de decoracion A203 (Estilo Pilar 2015) \/ Hands Off\n\t\t\t\t<\/figcaption><\/figure><figure class='gallery-item'>\n\t\t\t<div class='gallery-icon landscape'>\n\t\t\t\t<a href='https:\/\/www.arquimaster.com.ar\/web\/wp-content\/uploads\/2015\/03\/estilo_pilar_e_a203_22.jpg' title=\"Espacio de decoracion A203 (Estilo Pilar 2015) \/ Hands Off\" data-rl_title=\"Espacio de decoracion A203 (Estilo Pilar 2015) \/ Hands Off\" class=\"rl-gallery-link\" data-rl_caption=\"Espacio de decoracion A203 (Estilo Pilar 2015) \/ Hands Off\" data-rel=\"lightbox-gallery-1\"><img loading=\"lazy\" decoding=\"async\" width=\"150\" height=\"150\" src=\"https:\/\/www.arquimaster.com.ar\/web\/wp-content\/uploads\/2015\/03\/estilo_pilar_e_a203_22-150x150.jpg\" class=\"attachment-thumbnail size-thumbnail\" alt=\"\" aria-describedby=\"gallery-1-14098\" srcset=\"https:\/\/www.arquimaster.com.ar\/web\/wp-content\/uploads\/2015\/03\/estilo_pilar_e_a203_22-150x150.jpg 150w, https:\/\/www.arquimaster.com.ar\/web\/wp-content\/uploads\/2015\/03\/estilo_pilar_e_a203_22-50x50.jpg 50w, https:\/\/www.arquimaster.com.ar\/web\/wp-content\/uploads\/2015\/03\/estilo_pilar_e_a203_22-125x125.jpg 125w\" sizes=\"auto, (max-width: 150px) 100vw, 150px\" \/><\/a>\n\t\t\t<\/div>\n\t\t\t\t<figcaption class='wp-caption-text gallery-caption' id='gallery-1-14098'>\n\t\t\t\tEspacio de decoracion A203 (Estilo Pilar 2015) \/ Hands Off\n\t\t\t\t<\/figcaption><\/figure><figure class='gallery-item'>\n\t\t\t<div class='gallery-icon landscape'>\n\t\t\t\t<a href='https:\/\/www.arquimaster.com.ar\/web\/wp-content\/uploads\/2015\/03\/estilo_pilar_e_a203_23.jpg' title=\"Espacio de decoracion A203 (Estilo Pilar 2015) \/ Hands Off\" data-rl_title=\"Espacio de decoracion A203 (Estilo Pilar 2015) \/ Hands Off\" class=\"rl-gallery-link\" data-rl_caption=\"Espacio de decoracion A203 (Estilo Pilar 2015) \/ Hands Off\" data-rel=\"lightbox-gallery-1\"><img loading=\"lazy\" decoding=\"async\" width=\"150\" height=\"150\" src=\"https:\/\/www.arquimaster.com.ar\/web\/wp-content\/uploads\/2015\/03\/estilo_pilar_e_a203_23-150x150.jpg\" class=\"attachment-thumbnail size-thumbnail\" alt=\"\" aria-describedby=\"gallery-1-14099\" srcset=\"https:\/\/www.arquimaster.com.ar\/web\/wp-content\/uploads\/2015\/03\/estilo_pilar_e_a203_23-150x150.jpg 150w, https:\/\/www.arquimaster.com.ar\/web\/wp-content\/uploads\/2015\/03\/estilo_pilar_e_a203_23-50x50.jpg 50w, https:\/\/www.arquimaster.com.ar\/web\/wp-content\/uploads\/2015\/03\/estilo_pilar_e_a203_23-125x125.jpg 125w\" sizes=\"auto, (max-width: 150px) 100vw, 150px\" \/><\/a>\n\t\t\t<\/div>\n\t\t\t\t<figcaption class='wp-caption-text gallery-caption' id='gallery-1-14099'>\n\t\t\t\tEspacio de decoracion A203 (Estilo Pilar 2015) \/ Hands Off\n\t\t\t\t<\/figcaption><\/figure><figure class='gallery-item'>\n\t\t\t<div class='gallery-icon landscape'>\n\t\t\t\t<a href='https:\/\/www.arquimaster.com.ar\/web\/wp-content\/uploads\/2015\/03\/estilo_pilar_e_a203_24.jpg' title=\"Espacio de decoracion A203 (Estilo Pilar 2015) \/ Hands Off\" data-rl_title=\"Espacio de decoracion A203 (Estilo Pilar 2015) \/ Hands Off\" class=\"rl-gallery-link\" data-rl_caption=\"Espacio de decoracion A203 (Estilo Pilar 2015) \/ Hands Off\" data-rel=\"lightbox-gallery-1\"><img loading=\"lazy\" decoding=\"async\" width=\"150\" height=\"150\" src=\"https:\/\/www.arquimaster.com.ar\/web\/wp-content\/uploads\/2015\/03\/estilo_pilar_e_a203_24-150x150.jpg\" class=\"attachment-thumbnail size-thumbnail\" alt=\"\" aria-describedby=\"gallery-1-14100\" srcset=\"https:\/\/www.arquimaster.com.ar\/web\/wp-content\/uploads\/2015\/03\/estilo_pilar_e_a203_24-150x150.jpg 150w, https:\/\/www.arquimaster.com.ar\/web\/wp-content\/uploads\/2015\/03\/estilo_pilar_e_a203_24-50x50.jpg 50w, https:\/\/www.arquimaster.com.ar\/web\/wp-content\/uploads\/2015\/03\/estilo_pilar_e_a203_24-125x125.jpg 125w\" sizes=\"auto, (max-width: 150px) 100vw, 150px\" \/><\/a>\n\t\t\t<\/div>\n\t\t\t\t<figcaption class='wp-caption-text gallery-caption' id='gallery-1-14100'>\n\t\t\t\tEspacio de decoracion A203 (Estilo Pilar 2015) \/ Hands Off\n\t\t\t\t<\/figcaption><\/figure><figure class='gallery-item'>\n\t\t\t<div class='gallery-icon portrait'>\n\t\t\t\t<a href='https:\/\/www.arquimaster.com.ar\/web\/wp-content\/uploads\/2015\/03\/estilo_pilar_e_a203_25.jpg' title=\"Espacio de decoracion A203 (Estilo Pilar 2015) \/ Hands Off\" data-rl_title=\"Espacio de decoracion A203 (Estilo Pilar 2015) \/ Hands Off\" class=\"rl-gallery-link\" data-rl_caption=\"Espacio de decoracion A203 (Estilo Pilar 2015) \/ Hands Off\" data-rel=\"lightbox-gallery-1\"><img loading=\"lazy\" decoding=\"async\" width=\"150\" height=\"150\" src=\"https:\/\/www.arquimaster.com.ar\/web\/wp-content\/uploads\/2015\/03\/estilo_pilar_e_a203_25-150x150.jpg\" class=\"attachment-thumbnail size-thumbnail\" alt=\"\" aria-describedby=\"gallery-1-14101\" srcset=\"https:\/\/www.arquimaster.com.ar\/web\/wp-content\/uploads\/2015\/03\/estilo_pilar_e_a203_25-150x150.jpg 150w, https:\/\/www.arquimaster.com.ar\/web\/wp-content\/uploads\/2015\/03\/estilo_pilar_e_a203_25-50x50.jpg 50w, https:\/\/www.arquimaster.com.ar\/web\/wp-content\/uploads\/2015\/03\/estilo_pilar_e_a203_25-125x125.jpg 125w\" sizes=\"auto, (max-width: 150px) 100vw, 150px\" \/><\/a>\n\t\t\t<\/div>\n\t\t\t\t<figcaption class='wp-caption-text gallery-caption' id='gallery-1-14101'>\n\t\t\t\tEspacio de decoracion A203 (Estilo Pilar 2015) \/ Hands Off\n\t\t\t\t<\/figcaption><\/figure><figure class='gallery-item'>\n\t\t\t<div class='gallery-icon portrait'>\n\t\t\t\t<a href='https:\/\/www.arquimaster.com.ar\/web\/wp-content\/uploads\/2015\/03\/estilo_pilar_e_a203_26.jpg' title=\"Espacio de decoracion A203 (Estilo Pilar 2015) \/ Hands Off\" data-rl_title=\"Espacio de decoracion A203 (Estilo Pilar 2015) \/ Hands Off\" class=\"rl-gallery-link\" data-rl_caption=\"Espacio de decoracion A203 (Estilo Pilar 2015) \/ Hands Off\" data-rel=\"lightbox-gallery-1\"><img loading=\"lazy\" decoding=\"async\" width=\"150\" height=\"150\" src=\"https:\/\/www.arquimaster.com.ar\/web\/wp-content\/uploads\/2015\/03\/estilo_pilar_e_a203_26-150x150.jpg\" class=\"attachment-thumbnail size-thumbnail\" alt=\"\" aria-describedby=\"gallery-1-14102\" srcset=\"https:\/\/www.arquimaster.com.ar\/web\/wp-content\/uploads\/2015\/03\/estilo_pilar_e_a203_26-150x150.jpg 150w, https:\/\/www.arquimaster.com.ar\/web\/wp-content\/uploads\/2015\/03\/estilo_pilar_e_a203_26-50x50.jpg 50w, https:\/\/www.arquimaster.com.ar\/web\/wp-content\/uploads\/2015\/03\/estilo_pilar_e_a203_26-125x125.jpg 125w\" sizes=\"auto, (max-width: 150px) 100vw, 150px\" \/><\/a>\n\t\t\t<\/div>\n\t\t\t\t<figcaption class='wp-caption-text gallery-caption' id='gallery-1-14102'>\n\t\t\t\tEspacio de decoracion A203 (Estilo Pilar 2015) \/ Hands Off\n\t\t\t\t<\/figcaption><\/figure><figure class='gallery-item'>\n\t\t\t<div class='gallery-icon portrait'>\n\t\t\t\t<a href='https:\/\/www.arquimaster.com.ar\/web\/wp-content\/uploads\/2015\/03\/estilo_pilar_e_a203_27.jpg' title=\"Espacio de decoracion A203 (Estilo Pilar 2015) \/ Hands Off\" data-rl_title=\"Espacio de decoracion A203 (Estilo Pilar 2015) \/ Hands Off\" class=\"rl-gallery-link\" data-rl_caption=\"Espacio de decoracion A203 (Estilo Pilar 2015) \/ Hands Off\" data-rel=\"lightbox-gallery-1\"><img loading=\"lazy\" decoding=\"async\" width=\"150\" height=\"150\" src=\"https:\/\/www.arquimaster.com.ar\/web\/wp-content\/uploads\/2015\/03\/estilo_pilar_e_a203_27-150x150.jpg\" class=\"attachment-thumbnail size-thumbnail\" alt=\"\" aria-describedby=\"gallery-1-14103\" srcset=\"https:\/\/www.arquimaster.com.ar\/web\/wp-content\/uploads\/2015\/03\/estilo_pilar_e_a203_27-150x150.jpg 150w, https:\/\/www.arquimaster.com.ar\/web\/wp-content\/uploads\/2015\/03\/estilo_pilar_e_a203_27-50x50.jpg 50w, https:\/\/www.arquimaster.com.ar\/web\/wp-content\/uploads\/2015\/03\/estilo_pilar_e_a203_27-125x125.jpg 125w\" sizes=\"auto, (max-width: 150px) 100vw, 150px\" \/><\/a>\n\t\t\t<\/div>\n\t\t\t\t<figcaption class='wp-caption-text gallery-caption' id='gallery-1-14103'>\n\t\t\t\tEspacio de decoracion A203 (Estilo Pilar 2015) \/ Hands Off\n\t\t\t\t<\/figcaption><\/figure><figure class='gallery-item'>\n\t\t\t<div class='gallery-icon landscape'>\n\t\t\t\t<a href='https:\/\/www.arquimaster.com.ar\/web\/wp-content\/uploads\/2015\/03\/estilo_pilar_e_a203_28.jpg' title=\"Espacio de decoracion A203 (Estilo Pilar 2015) \/ Hands Off\" data-rl_title=\"Espacio de decoracion A203 (Estilo Pilar 2015) \/ Hands Off\" class=\"rl-gallery-link\" data-rl_caption=\"Espacio de decoracion A203 (Estilo Pilar 2015) \/ Hands Off\" data-rel=\"lightbox-gallery-1\"><img loading=\"lazy\" decoding=\"async\" width=\"150\" height=\"150\" src=\"https:\/\/www.arquimaster.com.ar\/web\/wp-content\/uploads\/2015\/03\/estilo_pilar_e_a203_28-150x150.jpg\" class=\"attachment-thumbnail size-thumbnail\" alt=\"\" aria-describedby=\"gallery-1-14104\" srcset=\"https:\/\/www.arquimaster.com.ar\/web\/wp-content\/uploads\/2015\/03\/estilo_pilar_e_a203_28-150x150.jpg 150w, https:\/\/www.arquimaster.com.ar\/web\/wp-content\/uploads\/2015\/03\/estilo_pilar_e_a203_28-50x50.jpg 50w, https:\/\/www.arquimaster.com.ar\/web\/wp-content\/uploads\/2015\/03\/estilo_pilar_e_a203_28-125x125.jpg 125w\" sizes=\"auto, (max-width: 150px) 100vw, 150px\" \/><\/a>\n\t\t\t<\/div>\n\t\t\t\t<figcaption class='wp-caption-text gallery-caption' id='gallery-1-14104'>\n\t\t\t\tEspacio de decoracion A203 (Estilo Pilar 2015) \/ Hands Off\n\t\t\t\t<\/figcaption><\/figure><figure class='gallery-item'>\n\t\t\t<div class='gallery-icon landscape'>\n\t\t\t\t<a href='https:\/\/www.arquimaster.com.ar\/web\/wp-content\/uploads\/2015\/03\/estilo_pilar_e_a203_29.jpg' title=\"Espacio de decoracion A203 (Estilo Pilar 2015) \/ Hands Off\" data-rl_title=\"Espacio de decoracion A203 (Estilo Pilar 2015) \/ Hands Off\" class=\"rl-gallery-link\" data-rl_caption=\"Espacio de decoracion A203 (Estilo Pilar 2015) \/ Hands Off\" data-rel=\"lightbox-gallery-1\"><img loading=\"lazy\" decoding=\"async\" width=\"150\" height=\"150\" src=\"https:\/\/www.arquimaster.com.ar\/web\/wp-content\/uploads\/2015\/03\/estilo_pilar_e_a203_29-150x150.jpg\" class=\"attachment-thumbnail size-thumbnail\" alt=\"\" aria-describedby=\"gallery-1-14105\" srcset=\"https:\/\/www.arquimaster.com.ar\/web\/wp-content\/uploads\/2015\/03\/estilo_pilar_e_a203_29-150x150.jpg 150w, https:\/\/www.arquimaster.com.ar\/web\/wp-content\/uploads\/2015\/03\/estilo_pilar_e_a203_29-50x50.jpg 50w, https:\/\/www.arquimaster.com.ar\/web\/wp-content\/uploads\/2015\/03\/estilo_pilar_e_a203_29-125x125.jpg 125w\" sizes=\"auto, (max-width: 150px) 100vw, 150px\" \/><\/a>\n\t\t\t<\/div>\n\t\t\t\t<figcaption class='wp-caption-text gallery-caption' id='gallery-1-14105'>\n\t\t\t\tEspacio de decoracion A203 (Estilo Pilar 2015) \/ Hands Off\n\t\t\t\t<\/figcaption><\/figure><figure class='gallery-item'>\n\t\t\t<div class='gallery-icon landscape'>\n\t\t\t\t<a href='https:\/\/www.arquimaster.com.ar\/web\/wp-content\/uploads\/2015\/03\/estilo_pilar_e_a203_30.jpg' title=\"Espacio de decoracion A203 (Estilo Pilar 2015) \/ Hands Off\" data-rl_title=\"Espacio de decoracion A203 (Estilo Pilar 2015) \/ Hands Off\" class=\"rl-gallery-link\" data-rl_caption=\"Espacio de decoracion A203 (Estilo Pilar 2015) \/ Hands Off\" data-rel=\"lightbox-gallery-1\"><img loading=\"lazy\" decoding=\"async\" width=\"150\" height=\"150\" src=\"https:\/\/www.arquimaster.com.ar\/web\/wp-content\/uploads\/2015\/03\/estilo_pilar_e_a203_30-150x150.jpg\" class=\"attachment-thumbnail size-thumbnail\" alt=\"\" aria-describedby=\"gallery-1-14106\" srcset=\"https:\/\/www.arquimaster.com.ar\/web\/wp-content\/uploads\/2015\/03\/estilo_pilar_e_a203_30-150x150.jpg 150w, https:\/\/www.arquimaster.com.ar\/web\/wp-content\/uploads\/2015\/03\/estilo_pilar_e_a203_30-50x50.jpg 50w, https:\/\/www.arquimaster.com.ar\/web\/wp-content\/uploads\/2015\/03\/estilo_pilar_e_a203_30-125x125.jpg 125w\" sizes=\"auto, (max-width: 150px) 100vw, 150px\" \/><\/a>\n\t\t\t<\/div>\n\t\t\t\t<figcaption class='wp-caption-text gallery-caption' id='gallery-1-14106'>\n\t\t\t\tEspacio de decoracion A203 (Estilo Pilar 2015) \/ Hands Off\n\t\t\t\t<\/figcaption><\/figure><figure class='gallery-item'>\n\t\t\t<div class='gallery-icon portrait'>\n\t\t\t\t<a href='https:\/\/www.arquimaster.com.ar\/web\/wp-content\/uploads\/2015\/03\/estilo_pilar_e_a203_31.jpg' title=\"Espacio de decoracion A203 (Estilo Pilar 2015) \/ Hands Off\" data-rl_title=\"Espacio de decoracion A203 (Estilo Pilar 2015) \/ Hands Off\" class=\"rl-gallery-link\" data-rl_caption=\"Espacio de decoracion A203 (Estilo Pilar 2015) \/ Hands Off\" data-rel=\"lightbox-gallery-1\"><img loading=\"lazy\" decoding=\"async\" width=\"150\" height=\"150\" src=\"https:\/\/www.arquimaster.com.ar\/web\/wp-content\/uploads\/2015\/03\/estilo_pilar_e_a203_31-150x150.jpg\" class=\"attachment-thumbnail size-thumbnail\" alt=\"\" aria-describedby=\"gallery-1-14107\" srcset=\"https:\/\/www.arquimaster.com.ar\/web\/wp-content\/uploads\/2015\/03\/estilo_pilar_e_a203_31-150x150.jpg 150w, https:\/\/www.arquimaster.com.ar\/web\/wp-content\/uploads\/2015\/03\/estilo_pilar_e_a203_31-50x50.jpg 50w, https:\/\/www.arquimaster.com.ar\/web\/wp-content\/uploads\/2015\/03\/estilo_pilar_e_a203_31-125x125.jpg 125w\" sizes=\"auto, (max-width: 150px) 100vw, 150px\" \/><\/a>\n\t\t\t<\/div>\n\t\t\t\t<figcaption class='wp-caption-text gallery-caption' id='gallery-1-14107'>\n\t\t\t\tEspacio de decoracion A203 (Estilo Pilar 2015) \/ Hands Off\n\t\t\t\t<\/figcaption><\/figure><figure class='gallery-item'>\n\t\t\t<div class='gallery-icon portrait'>\n\t\t\t\t<a href='https:\/\/www.arquimaster.com.ar\/web\/wp-content\/uploads\/2015\/03\/estilo_pilar_e_a203_32.jpg' title=\"Espacio de decoracion A203 (Estilo Pilar 2015) \/ Hands Off\" data-rl_title=\"Espacio de decoracion A203 (Estilo Pilar 2015) \/ Hands Off\" class=\"rl-gallery-link\" data-rl_caption=\"Espacio de decoracion A203 (Estilo Pilar 2015) \/ Hands Off\" data-rel=\"lightbox-gallery-1\"><img loading=\"lazy\" decoding=\"async\" width=\"150\" height=\"150\" src=\"https:\/\/www.arquimaster.com.ar\/web\/wp-content\/uploads\/2015\/03\/estilo_pilar_e_a203_32-150x150.jpg\" class=\"attachment-thumbnail size-thumbnail\" alt=\"\" aria-describedby=\"gallery-1-14108\" srcset=\"https:\/\/www.arquimaster.com.ar\/web\/wp-content\/uploads\/2015\/03\/estilo_pilar_e_a203_32-150x150.jpg 150w, https:\/\/www.arquimaster.com.ar\/web\/wp-content\/uploads\/2015\/03\/estilo_pilar_e_a203_32-50x50.jpg 50w, https:\/\/www.arquimaster.com.ar\/web\/wp-content\/uploads\/2015\/03\/estilo_pilar_e_a203_32-125x125.jpg 125w\" sizes=\"auto, (max-width: 150px) 100vw, 150px\" \/><\/a>\n\t\t\t<\/div>\n\t\t\t\t<figcaption class='wp-caption-text gallery-caption' id='gallery-1-14108'>\n\t\t\t\tEspacio de decoracion A203 (Estilo Pilar 2015) \/ Hands Off\n\t\t\t\t<\/figcaption><\/figure><figure class='gallery-item'>\n\t\t\t<div class='gallery-icon portrait'>\n\t\t\t\t<a href='https:\/\/www.arquimaster.com.ar\/web\/wp-content\/uploads\/2015\/03\/estilo_pilar_e_a203_33.jpg' title=\"Espacio de decoracion A203 (Estilo Pilar 2015) \/ Hands Off\" data-rl_title=\"Espacio de decoracion A203 (Estilo Pilar 2015) \/ Hands Off\" class=\"rl-gallery-link\" data-rl_caption=\"Espacio de decoracion A203 (Estilo Pilar 2015) \/ Hands Off\" data-rel=\"lightbox-gallery-1\"><img loading=\"lazy\" decoding=\"async\" width=\"150\" height=\"150\" src=\"https:\/\/www.arquimaster.com.ar\/web\/wp-content\/uploads\/2015\/03\/estilo_pilar_e_a203_33-150x150.jpg\" class=\"attachment-thumbnail size-thumbnail\" alt=\"\" aria-describedby=\"gallery-1-14109\" srcset=\"https:\/\/www.arquimaster.com.ar\/web\/wp-content\/uploads\/2015\/03\/estilo_pilar_e_a203_33-150x150.jpg 150w, https:\/\/www.arquimaster.com.ar\/web\/wp-content\/uploads\/2015\/03\/estilo_pilar_e_a203_33-50x50.jpg 50w, https:\/\/www.arquimaster.com.ar\/web\/wp-content\/uploads\/2015\/03\/estilo_pilar_e_a203_33-125x125.jpg 125w\" sizes=\"auto, (max-width: 150px) 100vw, 150px\" \/><\/a>\n\t\t\t<\/div>\n\t\t\t\t<figcaption class='wp-caption-text gallery-caption' id='gallery-1-14109'>\n\t\t\t\tEspacio de decoracion A203 (Estilo Pilar 2015) \/ Hands Off\n\t\t\t\t<\/figcaption><\/figure><figure class='gallery-item'>\n\t\t\t<div class='gallery-icon landscape'>\n\t\t\t\t<a href='https:\/\/www.arquimaster.com.ar\/web\/wp-content\/uploads\/2015\/03\/estilo_pilar_e_a203_34.jpg' title=\"Espacio de decoracion A203 (Estilo Pilar 2015) \/ Hands Off\" data-rl_title=\"Espacio de decoracion A203 (Estilo Pilar 2015) \/ Hands Off\" class=\"rl-gallery-link\" data-rl_caption=\"Espacio de decoracion A203 (Estilo Pilar 2015) \/ Hands Off\" data-rel=\"lightbox-gallery-1\"><img loading=\"lazy\" decoding=\"async\" width=\"150\" height=\"150\" src=\"https:\/\/www.arquimaster.com.ar\/web\/wp-content\/uploads\/2015\/03\/estilo_pilar_e_a203_34-150x150.jpg\" class=\"attachment-thumbnail size-thumbnail\" alt=\"\" aria-describedby=\"gallery-1-14110\" srcset=\"https:\/\/www.arquimaster.com.ar\/web\/wp-content\/uploads\/2015\/03\/estilo_pilar_e_a203_34-150x150.jpg 150w, https:\/\/www.arquimaster.com.ar\/web\/wp-content\/uploads\/2015\/03\/estilo_pilar_e_a203_34-50x50.jpg 50w, https:\/\/www.arquimaster.com.ar\/web\/wp-content\/uploads\/2015\/03\/estilo_pilar_e_a203_34-125x125.jpg 125w\" sizes=\"auto, (max-width: 150px) 100vw, 150px\" \/><\/a>\n\t\t\t<\/div>\n\t\t\t\t<figcaption class='wp-caption-text gallery-caption' id='gallery-1-14110'>\n\t\t\t\tEspacio de decoracion A203 (Estilo Pilar 2015) \/ Hands Off\n\t\t\t\t<\/figcaption><\/figure><figure class='gallery-item'>\n\t\t\t<div class='gallery-icon portrait'>\n\t\t\t\t<a href='https:\/\/www.arquimaster.com.ar\/web\/wp-content\/uploads\/2015\/03\/estilo_pilar_e_a203_35.jpg' title=\"Espacio de decoracion A203 (Estilo Pilar 2015) \/ Hands Off\" data-rl_title=\"Espacio de decoracion A203 (Estilo Pilar 2015) \/ Hands Off\" class=\"rl-gallery-link\" data-rl_caption=\"Espacio de decoracion A203 (Estilo Pilar 2015) \/ Hands Off\" data-rel=\"lightbox-gallery-1\"><img loading=\"lazy\" decoding=\"async\" width=\"150\" height=\"150\" src=\"https:\/\/www.arquimaster.com.ar\/web\/wp-content\/uploads\/2015\/03\/estilo_pilar_e_a203_35-150x150.jpg\" class=\"attachment-thumbnail size-thumbnail\" alt=\"\" aria-describedby=\"gallery-1-14076\" srcset=\"https:\/\/www.arquimaster.com.ar\/web\/wp-content\/uploads\/2015\/03\/estilo_pilar_e_a203_35-150x150.jpg 150w, https:\/\/www.arquimaster.com.ar\/web\/wp-content\/uploads\/2015\/03\/estilo_pilar_e_a203_35-50x50.jpg 50w, https:\/\/www.arquimaster.com.ar\/web\/wp-content\/uploads\/2015\/03\/estilo_pilar_e_a203_35-125x125.jpg 125w\" sizes=\"auto, (max-width: 150px) 100vw, 150px\" \/><\/a>\n\t\t\t<\/div>\n\t\t\t\t<figcaption class='wp-caption-text gallery-caption' id='gallery-1-14076'>\n\t\t\t\tEspacio de decoracion A203 (Estilo Pilar 2015) \/ Hands Off\n\t\t\t\t<\/figcaption><\/figure>\n\t\t<\/div>\n\n<p>Inspirados en la simpleza, la pureza y la calidez del blanco, el equipo creativo emprende un nuevo viaje para los sentidos.<\/p>\n<p>Un regreso a la vida \u00fanica, sencilla y cargada de vivencias, que propone descubrir las peque\u00f1as cosas.<\/p>\n<p>Algod\u00f3n 100% y tratamientos \u00fanicos, convierten cada pieza en un objeto vivido, con detalles de dise\u00f1o, descubriendo la neutralidad y elegancia en los espacios.<\/p>\n<p>Whitness combina lo esencial y sencillo junto a la luminosidad del blanco.<\/p>\n<p>La perfecta imperfecci\u00f3n de un espacio.<\/p>\n<p><strong>Premios<\/strong><br \/>\nEspacio ganador Premio Showroom Estilo Pilar 2015 a la mejor ambientaci\u00f3n<\/p>\n<p><strong>Mas informacion<\/strong><br \/>\n<a title=\"Estudio Hands Off!\" href=\"http:\/\/www.handsoff.com.ar\" target=\"_blank\">http:\/\/www.handsoff.com.ar<\/a><\/p>\n<p><strong>Acerca de Estilo Pilar 2015<\/strong><br \/>\nLa 13\u00ba edici\u00f3n de la muestra de decoraci\u00f3n, arte y paisajismo esta organizada por la Asociaci\u00f3n Amigos del Pilar y abrira sus puertas hasta el 12 de abril de 2015 en Bouquet, Residencias Exclusivas. En esta edici\u00f3n, bajo el leitmotiv \u00abViv\u00ed tu sue\u00f1o\u00bb, cada expositor presenta su espacio inspirado en el interrogante \u00bfCu\u00e1l es tu sue\u00f1o?. En total son 150 expositores que develan al p\u00fablico sus sue\u00f1os, sus deseos, y que a su vez invitan a experimentar los m\u00e1s intensos espacios.<\/p>\n<p>Fotos cortesia de Estilo Pilar 2015<\/p>\n\n<div style=\"font-size: 0px; height: 0px; line-height: 0px; margin: 0; padding: 0; clear: both;\"><\/div><div style=\"margin-top: 0px; margin-bottom: 0px;\" class=\"sharethis-inline-share-buttons\" ><\/div>","protected":false},"excerpt":{"rendered":"<p>El espacio esta inspirado en la simpleza, la pureza y la calidez del blanco&#8230;<\/p>\n","protected":false},"author":1,"featured_media":14075,"comment_status":"closed","ping_status":"closed","sticky":false,"template":"","format":"standard","meta":{"_uag_custom_page_level_css":"","footnotes":""},"categories":[55,3246],"tags":[37,708,3168,3253,1108],"class_list":["post-14074","post","type-post","status-publish","format-standard","has-post-thumbnail","hentry","category-diseno","category-estilo-pilar-2015","tag-decoracion","tag-estilo-pilar","tag-estilo-pilar-edicion-2015","tag-hands-off","tag-muestras","generate-columns","tablet-grid-50","mobile-grid-100","grid-parent","grid-50"],"yoast_head":"<!-- This site is optimized with the Yoast SEO plugin v27.3 - https:\/\/yoast.com\/product\/yoast-seo-wordpress\/ -->\n<title>Espacio de decoracion A203 (Estilo Pilar 2015) \/ Hands Off - Arquimaster<\/title>\n<meta name=\"robots\" content=\"index, follow, max-snippet:-1, max-image-preview:large, max-video-preview:-1\" \/>\n<link rel=\"canonical\" href=\"https:\/\/www.arquimaster.com.ar\/web\/espacio-de-decoracion-a203-estilo-pilar-2015-hands-off\/\" \/>\n<meta property=\"og:locale\" content=\"es_ES\" \/>\n<meta property=\"og:type\" content=\"article\" \/>\n<meta property=\"og:title\" content=\"Espacio de decoracion A203 (Estilo Pilar 2015) \/ Hands Off - Arquimaster\" \/>\n<meta property=\"og:description\" content=\"El espacio esta inspirado en la simpleza, la pureza y la calidez del blanco...\" \/>\n<meta property=\"og:url\" content=\"https:\/\/www.arquimaster.com.ar\/web\/espacio-de-decoracion-a203-estilo-pilar-2015-hands-off\/\" \/>\n<meta property=\"og:site_name\" content=\"Arquimaster\" \/>\n<meta property=\"article:publisher\" content=\"http:\/\/www.facebook.com\/ARQUIMASTER.com.ar\" \/>\n<meta property=\"article:published_time\" content=\"2015-03-29T17:30:14+00:00\" \/>\n<meta property=\"article:modified_time\" content=\"2015-03-30T02:26:13+00:00\" \/>\n<meta property=\"og:image\" content=\"https:\/\/www.arquimaster.com.ar\/web\/wp-content\/uploads\/2015\/03\/estilo_pilar_e_a203_slide.jpg\" \/>\n\t<meta property=\"og:image:width\" content=\"642\" \/>\n\t<meta property=\"og:image:height\" content=\"336\" \/>\n\t<meta property=\"og:image:type\" content=\"image\/jpeg\" \/>\n<meta name=\"author\" content=\"Arquimaster\" \/>\n<meta name=\"twitter:card\" content=\"summary_large_image\" \/>\n<meta name=\"twitter:creator\" content=\"@arquimaster\" \/>\n<meta name=\"twitter:site\" content=\"@arquimaster\" \/>\n<meta name=\"twitter:label1\" content=\"Escrito por\" \/>\n\t<meta name=\"twitter:data1\" content=\"Arquimaster\" \/>\n\t<meta name=\"twitter:label2\" content=\"Tiempo de lectura\" \/>\n\t<meta name=\"twitter:data2\" content=\"1 minuto\" \/>\n<script type=\"application\/ld+json\" class=\"yoast-schema-graph\">{\"@context\":\"https:\\\/\\\/schema.org\",\"@graph\":[{\"@type\":\"Article\",\"@id\":\"https:\\\/\\\/www.arquimaster.com.ar\\\/web\\\/espacio-de-decoracion-a203-estilo-pilar-2015-hands-off\\\/#article\",\"isPartOf\":{\"@id\":\"https:\\\/\\\/www.arquimaster.com.ar\\\/web\\\/espacio-de-decoracion-a203-estilo-pilar-2015-hands-off\\\/\"},\"author\":{\"name\":\"Arquimaster\",\"@id\":\"https:\\\/\\\/www.arquimaster.com.ar\\\/web\\\/#\\\/schema\\\/person\\\/359e9f7c00193fcde068e0dd2ceb0028\"},\"headline\":\"Espacio de decoracion A203 (Estilo Pilar 2015) \\\/ Hands Off\",\"datePublished\":\"2015-03-29T17:30:14+00:00\",\"dateModified\":\"2015-03-30T02:26:13+00:00\",\"mainEntityOfPage\":{\"@id\":\"https:\\\/\\\/www.arquimaster.com.ar\\\/web\\\/espacio-de-decoracion-a203-estilo-pilar-2015-hands-off\\\/\"},\"wordCount\":240,\"publisher\":{\"@id\":\"https:\\\/\\\/www.arquimaster.com.ar\\\/web\\\/#organization\"},\"image\":{\"@id\":\"https:\\\/\\\/www.arquimaster.com.ar\\\/web\\\/espacio-de-decoracion-a203-estilo-pilar-2015-hands-off\\\/#primaryimage\"},\"thumbnailUrl\":\"https:\\\/\\\/www.arquimaster.com.ar\\\/web\\\/wp-content\\\/uploads\\\/2015\\\/03\\\/estilo_pilar_e_a203_slide.jpg\",\"keywords\":[\"decoracion\",\"Estilo Pilar\",\"Estilo Pilar 2015\",\"Hands Off\",\"muestras\"],\"articleSection\":[\"Dise\u00f1o\",\"Estilo Pilar 2015\"],\"inLanguage\":\"es\"},{\"@type\":\"WebPage\",\"@id\":\"https:\\\/\\\/www.arquimaster.com.ar\\\/web\\\/espacio-de-decoracion-a203-estilo-pilar-2015-hands-off\\\/\",\"url\":\"https:\\\/\\\/www.arquimaster.com.ar\\\/web\\\/espacio-de-decoracion-a203-estilo-pilar-2015-hands-off\\\/\",\"name\":\"Espacio de decoracion A203 (Estilo Pilar 2015) \\\/ Hands Off - Arquimaster\",\"isPartOf\":{\"@id\":\"https:\\\/\\\/www.arquimaster.com.ar\\\/web\\\/#website\"},\"primaryImageOfPage\":{\"@id\":\"https:\\\/\\\/www.arquimaster.com.ar\\\/web\\\/espacio-de-decoracion-a203-estilo-pilar-2015-hands-off\\\/#primaryimage\"},\"image\":{\"@id\":\"https:\\\/\\\/www.arquimaster.com.ar\\\/web\\\/espacio-de-decoracion-a203-estilo-pilar-2015-hands-off\\\/#primaryimage\"},\"thumbnailUrl\":\"https:\\\/\\\/www.arquimaster.com.ar\\\/web\\\/wp-content\\\/uploads\\\/2015\\\/03\\\/estilo_pilar_e_a203_slide.jpg\",\"datePublished\":\"2015-03-29T17:30:14+00:00\",\"dateModified\":\"2015-03-30T02:26:13+00:00\",\"breadcrumb\":{\"@id\":\"https:\\\/\\\/www.arquimaster.com.ar\\\/web\\\/espacio-de-decoracion-a203-estilo-pilar-2015-hands-off\\\/#breadcrumb\"},\"inLanguage\":\"es\",\"potentialAction\":[{\"@type\":\"ReadAction\",\"target\":[\"https:\\\/\\\/www.arquimaster.com.ar\\\/web\\\/espacio-de-decoracion-a203-estilo-pilar-2015-hands-off\\\/\"]}]},{\"@type\":\"ImageObject\",\"inLanguage\":\"es\",\"@id\":\"https:\\\/\\\/www.arquimaster.com.ar\\\/web\\\/espacio-de-decoracion-a203-estilo-pilar-2015-hands-off\\\/#primaryimage\",\"url\":\"https:\\\/\\\/www.arquimaster.com.ar\\\/web\\\/wp-content\\\/uploads\\\/2015\\\/03\\\/estilo_pilar_e_a203_slide.jpg\",\"contentUrl\":\"https:\\\/\\\/www.arquimaster.com.ar\\\/web\\\/wp-content\\\/uploads\\\/2015\\\/03\\\/estilo_pilar_e_a203_slide.jpg\",\"width\":642,\"height\":336},{\"@type\":\"BreadcrumbList\",\"@id\":\"https:\\\/\\\/www.arquimaster.com.ar\\\/web\\\/espacio-de-decoracion-a203-estilo-pilar-2015-hands-off\\\/#breadcrumb\",\"itemListElement\":[{\"@type\":\"ListItem\",\"position\":1,\"name\":\"Portada\",\"item\":\"https:\\\/\\\/www.arquimaster.com.ar\\\/web\\\/\"},{\"@type\":\"ListItem\",\"position\":2,\"name\":\"Espacio de decoracion A203 (Estilo Pilar 2015) \\\/ Hands Off\"}]},{\"@type\":\"WebSite\",\"@id\":\"https:\\\/\\\/www.arquimaster.com.ar\\\/web\\\/#website\",\"url\":\"https:\\\/\\\/www.arquimaster.com.ar\\\/web\\\/\",\"name\":\"Arquimaster\",\"description\":\"Web de arquitectura, dise\u00f1o y construccion\",\"publisher\":{\"@id\":\"https:\\\/\\\/www.arquimaster.com.ar\\\/web\\\/#organization\"},\"potentialAction\":[{\"@type\":\"SearchAction\",\"target\":{\"@type\":\"EntryPoint\",\"urlTemplate\":\"https:\\\/\\\/www.arquimaster.com.ar\\\/web\\\/?s={search_term_string}\"},\"query-input\":{\"@type\":\"PropertyValueSpecification\",\"valueRequired\":true,\"valueName\":\"search_term_string\"}}],\"inLanguage\":\"es\"},{\"@type\":\"Organization\",\"@id\":\"https:\\\/\\\/www.arquimaster.com.ar\\\/web\\\/#organization\",\"name\":\"Arquimaster\",\"url\":\"https:\\\/\\\/www.arquimaster.com.ar\\\/web\\\/\",\"logo\":{\"@type\":\"ImageObject\",\"inLanguage\":\"es\",\"@id\":\"https:\\\/\\\/www.arquimaster.com.ar\\\/web\\\/#\\\/schema\\\/logo\\\/image\\\/\",\"url\":\"https:\\\/\\\/www.arquimaster.com.ar\\\/web\\\/wp-content\\\/uploads\\\/2022\\\/06\\\/arquimaster.png\",\"contentUrl\":\"https:\\\/\\\/www.arquimaster.com.ar\\\/web\\\/wp-content\\\/uploads\\\/2022\\\/06\\\/arquimaster.png\",\"width\":594,\"height\":78,\"caption\":\"Arquimaster\"},\"image\":{\"@id\":\"https:\\\/\\\/www.arquimaster.com.ar\\\/web\\\/#\\\/schema\\\/logo\\\/image\\\/\"},\"sameAs\":[\"http:\\\/\\\/www.facebook.com\\\/ARQUIMASTER.com.ar\",\"https:\\\/\\\/x.com\\\/arquimaster\",\"https:\\\/\\\/www.instagram.com\\\/arquimasterblog\\\/\",\"https:\\\/\\\/www.linkedin.com\\\/company\\\/arquimaster\",\"https:\\\/\\\/www.pinterest.com\\\/arquimaster\",\"https:\\\/\\\/t.me\\\/arquimaster\"]},{\"@type\":\"Person\",\"@id\":\"https:\\\/\\\/www.arquimaster.com.ar\\\/web\\\/#\\\/schema\\\/person\\\/359e9f7c00193fcde068e0dd2ceb0028\",\"name\":\"Arquimaster\"}]}<\/script>\n<!-- \/ Yoast SEO plugin. -->","yoast_head_json":{"title":"Espacio de decoracion A203 (Estilo Pilar 2015) \/ Hands Off - Arquimaster","robots":{"index":"index","follow":"follow","max-snippet":"max-snippet:-1","max-image-preview":"max-image-preview:large","max-video-preview":"max-video-preview:-1"},"canonical":"https:\/\/www.arquimaster.com.ar\/web\/espacio-de-decoracion-a203-estilo-pilar-2015-hands-off\/","og_locale":"es_ES","og_type":"article","og_title":"Espacio de decoracion A203 (Estilo Pilar 2015) \/ Hands Off - Arquimaster","og_description":"El espacio esta inspirado en la simpleza, la pureza y la calidez del blanco...","og_url":"https:\/\/www.arquimaster.com.ar\/web\/espacio-de-decoracion-a203-estilo-pilar-2015-hands-off\/","og_site_name":"Arquimaster","article_publisher":"http:\/\/www.facebook.com\/ARQUIMASTER.com.ar","article_published_time":"2015-03-29T17:30:14+00:00","article_modified_time":"2015-03-30T02:26:13+00:00","og_image":[{"width":642,"height":336,"url":"https:\/\/www.arquimaster.com.ar\/web\/wp-content\/uploads\/2015\/03\/estilo_pilar_e_a203_slide.jpg","type":"image\/jpeg"}],"author":"Arquimaster","twitter_card":"summary_large_image","twitter_creator":"@arquimaster","twitter_site":"@arquimaster","twitter_misc":{"Escrito por":"Arquimaster","Tiempo de lectura":"1 minuto"},"schema":{"@context":"https:\/\/schema.org","@graph":[{"@type":"Article","@id":"https:\/\/www.arquimaster.com.ar\/web\/espacio-de-decoracion-a203-estilo-pilar-2015-hands-off\/#article","isPartOf":{"@id":"https:\/\/www.arquimaster.com.ar\/web\/espacio-de-decoracion-a203-estilo-pilar-2015-hands-off\/"},"author":{"name":"Arquimaster","@id":"https:\/\/www.arquimaster.com.ar\/web\/#\/schema\/person\/359e9f7c00193fcde068e0dd2ceb0028"},"headline":"Espacio de decoracion A203 (Estilo Pilar 2015) \/ Hands Off","datePublished":"2015-03-29T17:30:14+00:00","dateModified":"2015-03-30T02:26:13+00:00","mainEntityOfPage":{"@id":"https:\/\/www.arquimaster.com.ar\/web\/espacio-de-decoracion-a203-estilo-pilar-2015-hands-off\/"},"wordCount":240,"publisher":{"@id":"https:\/\/www.arquimaster.com.ar\/web\/#organization"},"image":{"@id":"https:\/\/www.arquimaster.com.ar\/web\/espacio-de-decoracion-a203-estilo-pilar-2015-hands-off\/#primaryimage"},"thumbnailUrl":"https:\/\/www.arquimaster.com.ar\/web\/wp-content\/uploads\/2015\/03\/estilo_pilar_e_a203_slide.jpg","keywords":["decoracion","Estilo Pilar","Estilo Pilar 2015","Hands Off","muestras"],"articleSection":["Dise\u00f1o","Estilo Pilar 2015"],"inLanguage":"es"},{"@type":"WebPage","@id":"https:\/\/www.arquimaster.com.ar\/web\/espacio-de-decoracion-a203-estilo-pilar-2015-hands-off\/","url":"https:\/\/www.arquimaster.com.ar\/web\/espacio-de-decoracion-a203-estilo-pilar-2015-hands-off\/","name":"Espacio de decoracion A203 (Estilo Pilar 2015) \/ Hands Off - Arquimaster","isPartOf":{"@id":"https:\/\/www.arquimaster.com.ar\/web\/#website"},"primaryImageOfPage":{"@id":"https:\/\/www.arquimaster.com.ar\/web\/espacio-de-decoracion-a203-estilo-pilar-2015-hands-off\/#primaryimage"},"image":{"@id":"https:\/\/www.arquimaster.com.ar\/web\/espacio-de-decoracion-a203-estilo-pilar-2015-hands-off\/#primaryimage"},"thumbnailUrl":"https:\/\/www.arquimaster.com.ar\/web\/wp-content\/uploads\/2015\/03\/estilo_pilar_e_a203_slide.jpg","datePublished":"2015-03-29T17:30:14+00:00","dateModified":"2015-03-30T02:26:13+00:00","breadcrumb":{"@id":"https:\/\/www.arquimaster.com.ar\/web\/espacio-de-decoracion-a203-estilo-pilar-2015-hands-off\/#breadcrumb"},"inLanguage":"es","potentialAction":[{"@type":"ReadAction","target":["https:\/\/www.arquimaster.com.ar\/web\/espacio-de-decoracion-a203-estilo-pilar-2015-hands-off\/"]}]},{"@type":"ImageObject","inLanguage":"es","@id":"https:\/\/www.arquimaster.com.ar\/web\/espacio-de-decoracion-a203-estilo-pilar-2015-hands-off\/#primaryimage","url":"https:\/\/www.arquimaster.com.ar\/web\/wp-content\/uploads\/2015\/03\/estilo_pilar_e_a203_slide.jpg","contentUrl":"https:\/\/www.arquimaster.com.ar\/web\/wp-content\/uploads\/2015\/03\/estilo_pilar_e_a203_slide.jpg","width":642,"height":336},{"@type":"BreadcrumbList","@id":"https:\/\/www.arquimaster.com.ar\/web\/espacio-de-decoracion-a203-estilo-pilar-2015-hands-off\/#breadcrumb","itemListElement":[{"@type":"ListItem","position":1,"name":"Portada","item":"https:\/\/www.arquimaster.com.ar\/web\/"},{"@type":"ListItem","position":2,"name":"Espacio de decoracion A203 (Estilo Pilar 2015) \/ Hands Off"}]},{"@type":"WebSite","@id":"https:\/\/www.arquimaster.com.ar\/web\/#website","url":"https:\/\/www.arquimaster.com.ar\/web\/","name":"Arquimaster","description":"Web de arquitectura, dise\u00f1o y construccion","publisher":{"@id":"https:\/\/www.arquimaster.com.ar\/web\/#organization"},"potentialAction":[{"@type":"SearchAction","target":{"@type":"EntryPoint","urlTemplate":"https:\/\/www.arquimaster.com.ar\/web\/?s={search_term_string}"},"query-input":{"@type":"PropertyValueSpecification","valueRequired":true,"valueName":"search_term_string"}}],"inLanguage":"es"},{"@type":"Organization","@id":"https:\/\/www.arquimaster.com.ar\/web\/#organization","name":"Arquimaster","url":"https:\/\/www.arquimaster.com.ar\/web\/","logo":{"@type":"ImageObject","inLanguage":"es","@id":"https:\/\/www.arquimaster.com.ar\/web\/#\/schema\/logo\/image\/","url":"https:\/\/www.arquimaster.com.ar\/web\/wp-content\/uploads\/2022\/06\/arquimaster.png","contentUrl":"https:\/\/www.arquimaster.com.ar\/web\/wp-content\/uploads\/2022\/06\/arquimaster.png","width":594,"height":78,"caption":"Arquimaster"},"image":{"@id":"https:\/\/www.arquimaster.com.ar\/web\/#\/schema\/logo\/image\/"},"sameAs":["http:\/\/www.facebook.com\/ARQUIMASTER.com.ar","https:\/\/x.com\/arquimaster","https:\/\/www.instagram.com\/arquimasterblog\/","https:\/\/www.linkedin.com\/company\/arquimaster","https:\/\/www.pinterest.com\/arquimaster","https:\/\/t.me\/arquimaster"]},{"@type":"Person","@id":"https:\/\/www.arquimaster.com.ar\/web\/#\/schema\/person\/359e9f7c00193fcde068e0dd2ceb0028","name":"Arquimaster"}]}},"uagb_featured_image_src":{"full":["https:\/\/www.arquimaster.com.ar\/web\/wp-content\/uploads\/2015\/03\/estilo_pilar_e_a203_slide.jpg",642,336,false],"thumbnail":["https:\/\/www.arquimaster.com.ar\/web\/wp-content\/uploads\/2015\/03\/estilo_pilar_e_a203_slide-150x150.jpg",150,150,true],"medium":["https:\/\/www.arquimaster.com.ar\/web\/wp-content\/uploads\/2015\/03\/estilo_pilar_e_a203_slide-573x300.jpg",573,300,true],"medium_large":["https:\/\/www.arquimaster.com.ar\/web\/wp-content\/uploads\/2015\/03\/estilo_pilar_e_a203_slide.jpg",642,336,false],"large":["https:\/\/www.arquimaster.com.ar\/web\/wp-content\/uploads\/2015\/03\/estilo_pilar_e_a203_slide.jpg",642,336,false],"1536x1536":["https:\/\/www.arquimaster.com.ar\/web\/wp-content\/uploads\/2015\/03\/estilo_pilar_e_a203_slide.jpg",642,336,false],"2048x2048":["https:\/\/www.arquimaster.com.ar\/web\/wp-content\/uploads\/2015\/03\/estilo_pilar_e_a203_slide.jpg",642,336,false]},"uagb_author_info":{"display_name":"Arquimaster","author_link":"https:\/\/www.arquimaster.com.ar\/web\/author\/arquimaster\/"},"uagb_comment_info":0,"uagb_excerpt":"El espacio esta inspirado en la simpleza, la pureza y la calidez del blanco...","_links":{"self":[{"href":"https:\/\/www.arquimaster.com.ar\/web\/wp-json\/wp\/v2\/posts\/14074","targetHints":{"allow":["GET"]}}],"collection":[{"href":"https:\/\/www.arquimaster.com.ar\/web\/wp-json\/wp\/v2\/posts"}],"about":[{"href":"https:\/\/www.arquimaster.com.ar\/web\/wp-json\/wp\/v2\/types\/post"}],"author":[{"embeddable":true,"href":"https:\/\/www.arquimaster.com.ar\/web\/wp-json\/wp\/v2\/users\/1"}],"replies":[{"embeddable":true,"href":"https:\/\/www.arquimaster.com.ar\/web\/wp-json\/wp\/v2\/comments?post=14074"}],"version-history":[{"count":0,"href":"https:\/\/www.arquimaster.com.ar\/web\/wp-json\/wp\/v2\/posts\/14074\/revisions"}],"wp:featuredmedia":[{"embeddable":true,"href":"https:\/\/www.arquimaster.com.ar\/web\/wp-json\/wp\/v2\/media\/14075"}],"wp:attachment":[{"href":"https:\/\/www.arquimaster.com.ar\/web\/wp-json\/wp\/v2\/media?parent=14074"}],"wp:term":[{"taxonomy":"category","embeddable":true,"href":"https:\/\/www.arquimaster.com.ar\/web\/wp-json\/wp\/v2\/categories?post=14074"},{"taxonomy":"post_tag","embeddable":true,"href":"https:\/\/www.arquimaster.com.ar\/web\/wp-json\/wp\/v2\/tags?post=14074"}],"curies":[{"name":"wp","href":"https:\/\/api.w.org\/{rel}","templated":true}]}}