{"id":14136,"date":"2015-03-31T19:19:32","date_gmt":"2015-03-31T19:19:32","guid":{"rendered":"http:\/\/www.arquimaster.com.ar\/web\/?p=14136"},"modified":"2015-04-01T15:16:36","modified_gmt":"2015-04-01T15:16:36","slug":"casa-fs-speaziale-linares-arquitectos","status":"publish","type":"post","link":"https:\/\/www.arquimaster.com.ar\/web\/casa-fs-speaziale-linares-arquitectos\/","title":{"rendered":"Casa FS \/ Speziale Linares Arquitectos"},"content":{"rendered":"<div style=\"margin-top: 0px; margin-bottom: 0px;\" class=\"sharethis-inline-share-buttons\" ><\/div><div class=\"b812932af2e751442846f039925109de\" data-index=\"1\" style=\"float: none; margin:25px 0 25px 0; text-align:center;\">\n<script async src=\"https:\/\/pagead2.googlesyndication.com\/pagead\/js\/adsbygoogle.js\"><\/script>\r\n<!-- Arquimaster (superior) -->\r\n<ins class=\"adsbygoogle\"\r\n     style=\"display:block\"\r\n     data-ad-client=\"ca-pub-6351072698456832\"\r\n     data-ad-slot=\"6455489680\"\r\n     data-ad-format=\"auto\"\r\n     data-full-width-responsive=\"true\"><\/ins>\r\n<script>\r\n     (adsbygoogle = window.adsbygoogle || []).push({});\r\n<\/script>\n<\/div>\n<p><strong>Casa FS<\/strong> (Barrio San Francisco, Provincia de Buenos Aires, Argentina) por <strong>Speziale Linares Arquitectos<\/strong>. En un barrio cerrado en la zona norte de la Provincia de Buenos Aires, Argentina, se encuentra esta vivienda de 230 m2, que est\u00e1 implantada en un terreno de 943 m2, con fondo a un lago.<\/p>\n<div id='gallery-1' class='gallery galleryid-14136 gallery-columns-3 gallery-size-thumbnail'><figure class='gallery-item'>\n\t\t\t<div class='gallery-icon landscape'>\n\t\t\t\t<a href='https:\/\/www.arquimaster.com.ar\/web\/wp-content\/uploads\/2015\/03\/casa_fs1.jpg' title=\"Casa FS \/ Speziale Linares Arquitectos\" data-rl_title=\"Casa FS \/ Speziale Linares Arquitectos\" class=\"rl-gallery-link\" data-rl_caption=\"Casa FS \/ Speziale Linares Arquitectos\" data-rel=\"lightbox-gallery-1\"><img loading=\"lazy\" decoding=\"async\" width=\"150\" height=\"150\" src=\"https:\/\/www.arquimaster.com.ar\/web\/wp-content\/uploads\/2015\/03\/casa_fs1-150x150.jpg\" class=\"attachment-thumbnail size-thumbnail\" alt=\"\" aria-describedby=\"gallery-1-14138\" srcset=\"https:\/\/www.arquimaster.com.ar\/web\/wp-content\/uploads\/2015\/03\/casa_fs1-150x150.jpg 150w, https:\/\/www.arquimaster.com.ar\/web\/wp-content\/uploads\/2015\/03\/casa_fs1-50x50.jpg 50w, https:\/\/www.arquimaster.com.ar\/web\/wp-content\/uploads\/2015\/03\/casa_fs1-125x125.jpg 125w\" sizes=\"auto, (max-width: 150px) 100vw, 150px\" \/><\/a>\n\t\t\t<\/div>\n\t\t\t\t<figcaption class='wp-caption-text gallery-caption' id='gallery-1-14138'>\n\t\t\t\tCasa FS \/ Speziale Linares Arquitectos\n\t\t\t\t<\/figcaption><\/figure><figure class='gallery-item'>\n\t\t\t<div class='gallery-icon landscape'>\n\t\t\t\t<a href='https:\/\/www.arquimaster.com.ar\/web\/wp-content\/uploads\/2015\/03\/casa_fs2.jpg' title=\"Casa FS \/ Speziale Linares Arquitectos\" data-rl_title=\"Casa FS \/ Speziale Linares Arquitectos\" class=\"rl-gallery-link\" data-rl_caption=\"Casa FS \/ Speziale Linares Arquitectos\" data-rel=\"lightbox-gallery-1\"><img loading=\"lazy\" decoding=\"async\" width=\"150\" height=\"150\" src=\"https:\/\/www.arquimaster.com.ar\/web\/wp-content\/uploads\/2015\/03\/casa_fs2-150x150.jpg\" class=\"attachment-thumbnail size-thumbnail\" alt=\"\" aria-describedby=\"gallery-1-14139\" srcset=\"https:\/\/www.arquimaster.com.ar\/web\/wp-content\/uploads\/2015\/03\/casa_fs2-150x150.jpg 150w, https:\/\/www.arquimaster.com.ar\/web\/wp-content\/uploads\/2015\/03\/casa_fs2-50x50.jpg 50w, https:\/\/www.arquimaster.com.ar\/web\/wp-content\/uploads\/2015\/03\/casa_fs2-125x125.jpg 125w\" sizes=\"auto, (max-width: 150px) 100vw, 150px\" \/><\/a>\n\t\t\t<\/div>\n\t\t\t\t<figcaption class='wp-caption-text gallery-caption' id='gallery-1-14139'>\n\t\t\t\tCasa FS \/ Speziale Linares Arquitectos\n\t\t\t\t<\/figcaption><\/figure><figure class='gallery-item'>\n\t\t\t<div class='gallery-icon landscape'>\n\t\t\t\t<a href='https:\/\/www.arquimaster.com.ar\/web\/wp-content\/uploads\/2015\/03\/casa_fs3.jpg' title=\"Casa FS \/ Speziale Linares Arquitectos\" data-rl_title=\"Casa FS \/ Speziale Linares Arquitectos\" class=\"rl-gallery-link\" data-rl_caption=\"Casa FS \/ Speziale Linares Arquitectos\" data-rel=\"lightbox-gallery-1\"><img loading=\"lazy\" decoding=\"async\" width=\"150\" height=\"150\" src=\"https:\/\/www.arquimaster.com.ar\/web\/wp-content\/uploads\/2015\/03\/casa_fs3-150x150.jpg\" class=\"attachment-thumbnail size-thumbnail\" alt=\"\" aria-describedby=\"gallery-1-14140\" srcset=\"https:\/\/www.arquimaster.com.ar\/web\/wp-content\/uploads\/2015\/03\/casa_fs3-150x150.jpg 150w, https:\/\/www.arquimaster.com.ar\/web\/wp-content\/uploads\/2015\/03\/casa_fs3-50x50.jpg 50w, https:\/\/www.arquimaster.com.ar\/web\/wp-content\/uploads\/2015\/03\/casa_fs3-125x125.jpg 125w\" sizes=\"auto, (max-width: 150px) 100vw, 150px\" \/><\/a>\n\t\t\t<\/div>\n\t\t\t\t<figcaption class='wp-caption-text gallery-caption' id='gallery-1-14140'>\n\t\t\t\tCasa FS \/ Speziale Linares Arquitectos\n\t\t\t\t<\/figcaption><\/figure><figure class='gallery-item'>\n\t\t\t<div class='gallery-icon landscape'>\n\t\t\t\t<a href='https:\/\/www.arquimaster.com.ar\/web\/wp-content\/uploads\/2015\/03\/casa_fs4.jpg' title=\"Casa FS \/ Speziale Linares Arquitectos\" data-rl_title=\"Casa FS \/ Speziale Linares Arquitectos\" class=\"rl-gallery-link\" data-rl_caption=\"Casa FS \/ Speziale Linares Arquitectos\" data-rel=\"lightbox-gallery-1\"><img loading=\"lazy\" decoding=\"async\" width=\"150\" height=\"150\" src=\"https:\/\/www.arquimaster.com.ar\/web\/wp-content\/uploads\/2015\/03\/casa_fs4-150x150.jpg\" class=\"attachment-thumbnail size-thumbnail\" alt=\"\" aria-describedby=\"gallery-1-14141\" srcset=\"https:\/\/www.arquimaster.com.ar\/web\/wp-content\/uploads\/2015\/03\/casa_fs4-150x150.jpg 150w, https:\/\/www.arquimaster.com.ar\/web\/wp-content\/uploads\/2015\/03\/casa_fs4-50x50.jpg 50w, https:\/\/www.arquimaster.com.ar\/web\/wp-content\/uploads\/2015\/03\/casa_fs4-125x125.jpg 125w\" sizes=\"auto, (max-width: 150px) 100vw, 150px\" \/><\/a>\n\t\t\t<\/div>\n\t\t\t\t<figcaption class='wp-caption-text gallery-caption' id='gallery-1-14141'>\n\t\t\t\tCasa FS \/ Speziale Linares Arquitectos\n\t\t\t\t<\/figcaption><\/figure><figure class='gallery-item'>\n\t\t\t<div class='gallery-icon landscape'>\n\t\t\t\t<a href='https:\/\/www.arquimaster.com.ar\/web\/wp-content\/uploads\/2015\/03\/casa_fs5.jpg' title=\"Casa FS \/ Speziale Linares Arquitectos\" data-rl_title=\"Casa FS \/ Speziale Linares Arquitectos\" class=\"rl-gallery-link\" data-rl_caption=\"Casa FS \/ Speziale Linares Arquitectos\" data-rel=\"lightbox-gallery-1\"><img loading=\"lazy\" decoding=\"async\" width=\"150\" height=\"150\" src=\"https:\/\/www.arquimaster.com.ar\/web\/wp-content\/uploads\/2015\/03\/casa_fs5-150x150.jpg\" class=\"attachment-thumbnail size-thumbnail\" alt=\"\" aria-describedby=\"gallery-1-14142\" srcset=\"https:\/\/www.arquimaster.com.ar\/web\/wp-content\/uploads\/2015\/03\/casa_fs5-150x150.jpg 150w, https:\/\/www.arquimaster.com.ar\/web\/wp-content\/uploads\/2015\/03\/casa_fs5-50x50.jpg 50w, https:\/\/www.arquimaster.com.ar\/web\/wp-content\/uploads\/2015\/03\/casa_fs5-125x125.jpg 125w\" sizes=\"auto, (max-width: 150px) 100vw, 150px\" \/><\/a>\n\t\t\t<\/div>\n\t\t\t\t<figcaption class='wp-caption-text gallery-caption' id='gallery-1-14142'>\n\t\t\t\tCasa FS \/ Speziale Linares Arquitectos\n\t\t\t\t<\/figcaption><\/figure><figure class='gallery-item'>\n\t\t\t<div class='gallery-icon landscape'>\n\t\t\t\t<a href='https:\/\/www.arquimaster.com.ar\/web\/wp-content\/uploads\/2015\/03\/casa_fs6.jpg' title=\"Casa FS \/ Speziale Linares Arquitectos\" data-rl_title=\"Casa FS \/ Speziale Linares Arquitectos\" class=\"rl-gallery-link\" data-rl_caption=\"Casa FS \/ Speziale Linares Arquitectos\" data-rel=\"lightbox-gallery-1\"><img loading=\"lazy\" decoding=\"async\" width=\"150\" height=\"150\" src=\"https:\/\/www.arquimaster.com.ar\/web\/wp-content\/uploads\/2015\/03\/casa_fs6-150x150.jpg\" class=\"attachment-thumbnail size-thumbnail\" alt=\"\" aria-describedby=\"gallery-1-14143\" srcset=\"https:\/\/www.arquimaster.com.ar\/web\/wp-content\/uploads\/2015\/03\/casa_fs6-150x150.jpg 150w, https:\/\/www.arquimaster.com.ar\/web\/wp-content\/uploads\/2015\/03\/casa_fs6-50x50.jpg 50w, https:\/\/www.arquimaster.com.ar\/web\/wp-content\/uploads\/2015\/03\/casa_fs6-125x125.jpg 125w\" sizes=\"auto, (max-width: 150px) 100vw, 150px\" \/><\/a>\n\t\t\t<\/div>\n\t\t\t\t<figcaption class='wp-caption-text gallery-caption' id='gallery-1-14143'>\n\t\t\t\tCasa FS \/ Speziale Linares Arquitectos\n\t\t\t\t<\/figcaption><\/figure><figure class='gallery-item'>\n\t\t\t<div class='gallery-icon portrait'>\n\t\t\t\t<a href='https:\/\/www.arquimaster.com.ar\/web\/wp-content\/uploads\/2015\/03\/casa_fs7.jpg' title=\"Casa FS \/ Speziale Linares Arquitectos\" data-rl_title=\"Casa FS \/ Speziale Linares Arquitectos\" class=\"rl-gallery-link\" data-rl_caption=\"Casa FS \/ Speziale Linares Arquitectos\" data-rel=\"lightbox-gallery-1\"><img loading=\"lazy\" decoding=\"async\" width=\"150\" height=\"150\" src=\"https:\/\/www.arquimaster.com.ar\/web\/wp-content\/uploads\/2015\/03\/casa_fs7-150x150.jpg\" class=\"attachment-thumbnail size-thumbnail\" alt=\"\" aria-describedby=\"gallery-1-14144\" srcset=\"https:\/\/www.arquimaster.com.ar\/web\/wp-content\/uploads\/2015\/03\/casa_fs7-150x150.jpg 150w, https:\/\/www.arquimaster.com.ar\/web\/wp-content\/uploads\/2015\/03\/casa_fs7-50x50.jpg 50w, https:\/\/www.arquimaster.com.ar\/web\/wp-content\/uploads\/2015\/03\/casa_fs7-125x125.jpg 125w\" sizes=\"auto, (max-width: 150px) 100vw, 150px\" \/><\/a>\n\t\t\t<\/div>\n\t\t\t\t<figcaption class='wp-caption-text gallery-caption' id='gallery-1-14144'>\n\t\t\t\tCasa FS \/ Speziale Linares Arquitectos\n\t\t\t\t<\/figcaption><\/figure><figure class='gallery-item'>\n\t\t\t<div class='gallery-icon portrait'>\n\t\t\t\t<a href='https:\/\/www.arquimaster.com.ar\/web\/wp-content\/uploads\/2015\/03\/casa_fs8.jpg' title=\"Casa FS \/ Speziale Linares Arquitectos\" data-rl_title=\"Casa FS \/ Speziale Linares Arquitectos\" class=\"rl-gallery-link\" data-rl_caption=\"Casa FS \/ Speziale Linares Arquitectos\" data-rel=\"lightbox-gallery-1\"><img loading=\"lazy\" decoding=\"async\" width=\"150\" height=\"150\" src=\"https:\/\/www.arquimaster.com.ar\/web\/wp-content\/uploads\/2015\/03\/casa_fs8-150x150.jpg\" class=\"attachment-thumbnail size-thumbnail\" alt=\"\" aria-describedby=\"gallery-1-14145\" srcset=\"https:\/\/www.arquimaster.com.ar\/web\/wp-content\/uploads\/2015\/03\/casa_fs8-150x150.jpg 150w, https:\/\/www.arquimaster.com.ar\/web\/wp-content\/uploads\/2015\/03\/casa_fs8-50x50.jpg 50w, https:\/\/www.arquimaster.com.ar\/web\/wp-content\/uploads\/2015\/03\/casa_fs8-125x125.jpg 125w\" sizes=\"auto, (max-width: 150px) 100vw, 150px\" \/><\/a>\n\t\t\t<\/div>\n\t\t\t\t<figcaption class='wp-caption-text gallery-caption' id='gallery-1-14145'>\n\t\t\t\tCasa FS \/ Speziale Linares Arquitectos\n\t\t\t\t<\/figcaption><\/figure><figure class='gallery-item'>\n\t\t\t<div class='gallery-icon portrait'>\n\t\t\t\t<a href='https:\/\/www.arquimaster.com.ar\/web\/wp-content\/uploads\/2015\/03\/casa_fs9.jpg' title=\"Casa FS \/ Speziale Linares Arquitectos\" data-rl_title=\"Casa FS \/ Speziale Linares Arquitectos\" class=\"rl-gallery-link\" data-rl_caption=\"Casa FS \/ Speziale Linares Arquitectos\" data-rel=\"lightbox-gallery-1\"><img loading=\"lazy\" decoding=\"async\" width=\"150\" height=\"150\" src=\"https:\/\/www.arquimaster.com.ar\/web\/wp-content\/uploads\/2015\/03\/casa_fs9-150x150.jpg\" class=\"attachment-thumbnail size-thumbnail\" alt=\"\" aria-describedby=\"gallery-1-14146\" srcset=\"https:\/\/www.arquimaster.com.ar\/web\/wp-content\/uploads\/2015\/03\/casa_fs9-150x150.jpg 150w, https:\/\/www.arquimaster.com.ar\/web\/wp-content\/uploads\/2015\/03\/casa_fs9-50x50.jpg 50w, https:\/\/www.arquimaster.com.ar\/web\/wp-content\/uploads\/2015\/03\/casa_fs9-125x125.jpg 125w\" sizes=\"auto, (max-width: 150px) 100vw, 150px\" \/><\/a>\n\t\t\t<\/div>\n\t\t\t\t<figcaption class='wp-caption-text gallery-caption' id='gallery-1-14146'>\n\t\t\t\tCasa FS \/ Speziale Linares Arquitectos\n\t\t\t\t<\/figcaption><\/figure><figure class='gallery-item'>\n\t\t\t<div class='gallery-icon portrait'>\n\t\t\t\t<a href='https:\/\/www.arquimaster.com.ar\/web\/wp-content\/uploads\/2015\/03\/casa_fs10.jpg' title=\"Casa FS \/ Speziale Linares Arquitectos\" data-rl_title=\"Casa FS \/ Speziale Linares Arquitectos\" class=\"rl-gallery-link\" data-rl_caption=\"Casa FS \/ Speziale Linares Arquitectos\" data-rel=\"lightbox-gallery-1\"><img loading=\"lazy\" decoding=\"async\" width=\"150\" height=\"150\" src=\"https:\/\/www.arquimaster.com.ar\/web\/wp-content\/uploads\/2015\/03\/casa_fs10-150x150.jpg\" class=\"attachment-thumbnail size-thumbnail\" alt=\"\" aria-describedby=\"gallery-1-14147\" srcset=\"https:\/\/www.arquimaster.com.ar\/web\/wp-content\/uploads\/2015\/03\/casa_fs10-150x150.jpg 150w, https:\/\/www.arquimaster.com.ar\/web\/wp-content\/uploads\/2015\/03\/casa_fs10-50x50.jpg 50w, https:\/\/www.arquimaster.com.ar\/web\/wp-content\/uploads\/2015\/03\/casa_fs10-125x125.jpg 125w\" sizes=\"auto, (max-width: 150px) 100vw, 150px\" \/><\/a>\n\t\t\t<\/div>\n\t\t\t\t<figcaption class='wp-caption-text gallery-caption' id='gallery-1-14147'>\n\t\t\t\tCasa FS \/ Speziale Linares Arquitectos\n\t\t\t\t<\/figcaption><\/figure><figure class='gallery-item'>\n\t\t\t<div class='gallery-icon portrait'>\n\t\t\t\t<a href='https:\/\/www.arquimaster.com.ar\/web\/wp-content\/uploads\/2015\/03\/casa_fs11.jpg' title=\"Casa FS \/ Speziale Linares Arquitectos\" data-rl_title=\"Casa FS \/ Speziale Linares Arquitectos\" class=\"rl-gallery-link\" data-rl_caption=\"Casa FS \/ Speziale Linares Arquitectos\" data-rel=\"lightbox-gallery-1\"><img loading=\"lazy\" decoding=\"async\" width=\"150\" height=\"150\" src=\"https:\/\/www.arquimaster.com.ar\/web\/wp-content\/uploads\/2015\/03\/casa_fs11-150x150.jpg\" class=\"attachment-thumbnail size-thumbnail\" alt=\"\" aria-describedby=\"gallery-1-14148\" srcset=\"https:\/\/www.arquimaster.com.ar\/web\/wp-content\/uploads\/2015\/03\/casa_fs11-150x150.jpg 150w, https:\/\/www.arquimaster.com.ar\/web\/wp-content\/uploads\/2015\/03\/casa_fs11-50x50.jpg 50w, https:\/\/www.arquimaster.com.ar\/web\/wp-content\/uploads\/2015\/03\/casa_fs11-125x125.jpg 125w\" sizes=\"auto, (max-width: 150px) 100vw, 150px\" \/><\/a>\n\t\t\t<\/div>\n\t\t\t\t<figcaption class='wp-caption-text gallery-caption' id='gallery-1-14148'>\n\t\t\t\tCasa FS \/ Speziale Linares Arquitectos\n\t\t\t\t<\/figcaption><\/figure><figure class='gallery-item'>\n\t\t\t<div class='gallery-icon portrait'>\n\t\t\t\t<a href='https:\/\/www.arquimaster.com.ar\/web\/wp-content\/uploads\/2015\/03\/casa_fs12.jpg' title=\"Casa FS \/ Speziale Linares Arquitectos\" data-rl_title=\"Casa FS \/ Speziale Linares Arquitectos\" class=\"rl-gallery-link\" data-rl_caption=\"Casa FS \/ Speziale Linares Arquitectos\" data-rel=\"lightbox-gallery-1\"><img loading=\"lazy\" decoding=\"async\" width=\"150\" height=\"150\" src=\"https:\/\/www.arquimaster.com.ar\/web\/wp-content\/uploads\/2015\/03\/casa_fs12-150x150.jpg\" class=\"attachment-thumbnail size-thumbnail\" alt=\"\" aria-describedby=\"gallery-1-14149\" srcset=\"https:\/\/www.arquimaster.com.ar\/web\/wp-content\/uploads\/2015\/03\/casa_fs12-150x150.jpg 150w, https:\/\/www.arquimaster.com.ar\/web\/wp-content\/uploads\/2015\/03\/casa_fs12-50x50.jpg 50w, https:\/\/www.arquimaster.com.ar\/web\/wp-content\/uploads\/2015\/03\/casa_fs12-125x125.jpg 125w\" sizes=\"auto, (max-width: 150px) 100vw, 150px\" \/><\/a>\n\t\t\t<\/div>\n\t\t\t\t<figcaption class='wp-caption-text gallery-caption' id='gallery-1-14149'>\n\t\t\t\tCasa FS \/ Speziale Linares Arquitectos\n\t\t\t\t<\/figcaption><\/figure><figure class='gallery-item'>\n\t\t\t<div class='gallery-icon landscape'>\n\t\t\t\t<a href='https:\/\/www.arquimaster.com.ar\/web\/wp-content\/uploads\/2015\/03\/casa_fs15.jpg' title=\"Casa FS \/ Speziale Linares Arquitectos (implantacion)\" data-rl_title=\"Casa FS \/ Speziale Linares Arquitectos (implantacion)\" class=\"rl-gallery-link\" data-rl_caption=\"Casa FS \/ Speziale Linares Arquitectos (implantacion)\" data-rel=\"lightbox-gallery-1\"><img loading=\"lazy\" decoding=\"async\" width=\"150\" height=\"150\" src=\"https:\/\/www.arquimaster.com.ar\/web\/wp-content\/uploads\/2015\/03\/casa_fs15-150x150.jpg\" class=\"attachment-thumbnail size-thumbnail\" alt=\"\" aria-describedby=\"gallery-1-14152\" srcset=\"https:\/\/www.arquimaster.com.ar\/web\/wp-content\/uploads\/2015\/03\/casa_fs15-150x150.jpg 150w, https:\/\/www.arquimaster.com.ar\/web\/wp-content\/uploads\/2015\/03\/casa_fs15-50x50.jpg 50w, https:\/\/www.arquimaster.com.ar\/web\/wp-content\/uploads\/2015\/03\/casa_fs15-125x125.jpg 125w\" sizes=\"auto, (max-width: 150px) 100vw, 150px\" \/><\/a>\n\t\t\t<\/div>\n\t\t\t\t<figcaption class='wp-caption-text gallery-caption' id='gallery-1-14152'>\n\t\t\t\tCasa FS \/ Speziale Linares Arquitectos (implantacion)\n\t\t\t\t<\/figcaption><\/figure><figure class='gallery-item'>\n\t\t\t<div class='gallery-icon landscape'>\n\t\t\t\t<a href='https:\/\/www.arquimaster.com.ar\/web\/wp-content\/uploads\/2015\/03\/casa_fs13.jpg' title=\"Casa FS \/ Speziale Linares Arquitectos (planta baja)\" data-rl_title=\"Casa FS \/ Speziale Linares Arquitectos (planta baja)\" class=\"rl-gallery-link\" data-rl_caption=\"Casa FS \/ Speziale Linares Arquitectos (planta baja)\" data-rel=\"lightbox-gallery-1\"><img loading=\"lazy\" decoding=\"async\" width=\"150\" height=\"150\" src=\"https:\/\/www.arquimaster.com.ar\/web\/wp-content\/uploads\/2015\/03\/casa_fs13-150x150.jpg\" class=\"attachment-thumbnail size-thumbnail\" alt=\"\" aria-describedby=\"gallery-1-14150\" srcset=\"https:\/\/www.arquimaster.com.ar\/web\/wp-content\/uploads\/2015\/03\/casa_fs13-150x150.jpg 150w, https:\/\/www.arquimaster.com.ar\/web\/wp-content\/uploads\/2015\/03\/casa_fs13-50x50.jpg 50w, https:\/\/www.arquimaster.com.ar\/web\/wp-content\/uploads\/2015\/03\/casa_fs13-125x125.jpg 125w\" sizes=\"auto, (max-width: 150px) 100vw, 150px\" \/><\/a>\n\t\t\t<\/div>\n\t\t\t\t<figcaption class='wp-caption-text gallery-caption' id='gallery-1-14150'>\n\t\t\t\tCasa FS \/ Speziale Linares Arquitectos (planta baja)\n\t\t\t\t<\/figcaption><\/figure><figure class='gallery-item'>\n\t\t\t<div class='gallery-icon landscape'>\n\t\t\t\t<a href='https:\/\/www.arquimaster.com.ar\/web\/wp-content\/uploads\/2015\/03\/casa_fs14.jpg' title=\"Casa FS \/ Speziale Linares Arquitectos (planta alta)\" data-rl_title=\"Casa FS \/ Speziale Linares Arquitectos (planta alta)\" class=\"rl-gallery-link\" data-rl_caption=\"Casa FS \/ Speziale Linares Arquitectos (planta alta)\" data-rel=\"lightbox-gallery-1\"><img loading=\"lazy\" decoding=\"async\" width=\"150\" height=\"150\" src=\"https:\/\/www.arquimaster.com.ar\/web\/wp-content\/uploads\/2015\/03\/casa_fs14-150x150.jpg\" class=\"attachment-thumbnail size-thumbnail\" alt=\"\" aria-describedby=\"gallery-1-14151\" srcset=\"https:\/\/www.arquimaster.com.ar\/web\/wp-content\/uploads\/2015\/03\/casa_fs14-150x150.jpg 150w, https:\/\/www.arquimaster.com.ar\/web\/wp-content\/uploads\/2015\/03\/casa_fs14-50x50.jpg 50w, https:\/\/www.arquimaster.com.ar\/web\/wp-content\/uploads\/2015\/03\/casa_fs14-125x125.jpg 125w\" sizes=\"auto, (max-width: 150px) 100vw, 150px\" \/><\/a>\n\t\t\t<\/div>\n\t\t\t\t<figcaption class='wp-caption-text gallery-caption' id='gallery-1-14151'>\n\t\t\t\tCasa FS \/ Speziale Linares Arquitectos (planta alta)\n\t\t\t\t<\/figcaption><\/figure><figure class='gallery-item'>\n\t\t\t<div class='gallery-icon landscape'>\n\t\t\t\t<a href='https:\/\/www.arquimaster.com.ar\/web\/wp-content\/uploads\/2015\/03\/casa_fs16.jpg' title=\"Casa FS \/ Speziale Linares Arquitectos (vista sudeste)\" data-rl_title=\"Casa FS \/ Speziale Linares Arquitectos (vista sudeste)\" class=\"rl-gallery-link\" data-rl_caption=\"Casa FS \/ Speziale Linares Arquitectos (vista sudeste)\" data-rel=\"lightbox-gallery-1\"><img loading=\"lazy\" decoding=\"async\" width=\"150\" height=\"150\" src=\"https:\/\/www.arquimaster.com.ar\/web\/wp-content\/uploads\/2015\/03\/casa_fs16-150x150.jpg\" class=\"attachment-thumbnail size-thumbnail\" alt=\"\" aria-describedby=\"gallery-1-14153\" srcset=\"https:\/\/www.arquimaster.com.ar\/web\/wp-content\/uploads\/2015\/03\/casa_fs16-150x150.jpg 150w, https:\/\/www.arquimaster.com.ar\/web\/wp-content\/uploads\/2015\/03\/casa_fs16-50x50.jpg 50w, https:\/\/www.arquimaster.com.ar\/web\/wp-content\/uploads\/2015\/03\/casa_fs16-125x125.jpg 125w\" sizes=\"auto, (max-width: 150px) 100vw, 150px\" \/><\/a>\n\t\t\t<\/div>\n\t\t\t\t<figcaption class='wp-caption-text gallery-caption' id='gallery-1-14153'>\n\t\t\t\tCasa FS \/ Speziale Linares Arquitectos (vista sudeste)\n\t\t\t\t<\/figcaption><\/figure><figure class='gallery-item'>\n\t\t\t<div class='gallery-icon landscape'>\n\t\t\t\t<a href='https:\/\/www.arquimaster.com.ar\/web\/wp-content\/uploads\/2015\/03\/casa_fs17.jpg' title=\"Casa FS \/ Speziale Linares Arquitectos (vista noreste)\" data-rl_title=\"Casa FS \/ Speziale Linares Arquitectos (vista noreste)\" class=\"rl-gallery-link\" data-rl_caption=\"Casa FS \/ Speziale Linares Arquitectos (vista noreste)\" data-rel=\"lightbox-gallery-1\"><img loading=\"lazy\" decoding=\"async\" width=\"150\" height=\"150\" src=\"https:\/\/www.arquimaster.com.ar\/web\/wp-content\/uploads\/2015\/03\/casa_fs17-150x150.jpg\" class=\"attachment-thumbnail size-thumbnail\" alt=\"\" aria-describedby=\"gallery-1-14154\" srcset=\"https:\/\/www.arquimaster.com.ar\/web\/wp-content\/uploads\/2015\/03\/casa_fs17-150x150.jpg 150w, https:\/\/www.arquimaster.com.ar\/web\/wp-content\/uploads\/2015\/03\/casa_fs17-50x50.jpg 50w, https:\/\/www.arquimaster.com.ar\/web\/wp-content\/uploads\/2015\/03\/casa_fs17-125x125.jpg 125w\" sizes=\"auto, (max-width: 150px) 100vw, 150px\" \/><\/a>\n\t\t\t<\/div>\n\t\t\t\t<figcaption class='wp-caption-text gallery-caption' id='gallery-1-14154'>\n\t\t\t\tCasa FS \/ Speziale Linares Arquitectos (vista noreste)\n\t\t\t\t<\/figcaption><\/figure><figure class='gallery-item'>\n\t\t\t<div class='gallery-icon landscape'>\n\t\t\t\t<a href='https:\/\/www.arquimaster.com.ar\/web\/wp-content\/uploads\/2015\/03\/casa_fs18.jpg' title=\"Casa FS \/ Speziale Linares Arquitectos (vista noroeste)\" data-rl_title=\"Casa FS \/ Speziale Linares Arquitectos (vista noroeste)\" class=\"rl-gallery-link\" data-rl_caption=\"Casa FS \/ Speziale Linares Arquitectos (vista noroeste)\" data-rel=\"lightbox-gallery-1\"><img loading=\"lazy\" decoding=\"async\" width=\"150\" height=\"150\" src=\"https:\/\/www.arquimaster.com.ar\/web\/wp-content\/uploads\/2015\/03\/casa_fs18-150x150.jpg\" class=\"attachment-thumbnail size-thumbnail\" alt=\"\" aria-describedby=\"gallery-1-14155\" srcset=\"https:\/\/www.arquimaster.com.ar\/web\/wp-content\/uploads\/2015\/03\/casa_fs18-150x150.jpg 150w, https:\/\/www.arquimaster.com.ar\/web\/wp-content\/uploads\/2015\/03\/casa_fs18-50x50.jpg 50w, https:\/\/www.arquimaster.com.ar\/web\/wp-content\/uploads\/2015\/03\/casa_fs18-125x125.jpg 125w\" sizes=\"auto, (max-width: 150px) 100vw, 150px\" \/><\/a>\n\t\t\t<\/div>\n\t\t\t\t<figcaption class='wp-caption-text gallery-caption' id='gallery-1-14155'>\n\t\t\t\tCasa FS \/ Speziale Linares Arquitectos (vista noroeste)\n\t\t\t\t<\/figcaption><\/figure><figure class='gallery-item'>\n\t\t\t<div class='gallery-icon landscape'>\n\t\t\t\t<a href='https:\/\/www.arquimaster.com.ar\/web\/wp-content\/uploads\/2015\/03\/casa_fs19.jpg' title=\"Casa FS \/ Speziale Linares Arquitectos (vista suroeste)\" data-rl_title=\"Casa FS \/ Speziale Linares Arquitectos (vista suroeste)\" class=\"rl-gallery-link\" data-rl_caption=\"Casa FS \/ Speziale Linares Arquitectos (vista suroeste)\" data-rel=\"lightbox-gallery-1\"><img loading=\"lazy\" decoding=\"async\" width=\"150\" height=\"150\" src=\"https:\/\/www.arquimaster.com.ar\/web\/wp-content\/uploads\/2015\/03\/casa_fs19-150x150.jpg\" class=\"attachment-thumbnail size-thumbnail\" alt=\"\" aria-describedby=\"gallery-1-14156\" srcset=\"https:\/\/www.arquimaster.com.ar\/web\/wp-content\/uploads\/2015\/03\/casa_fs19-150x150.jpg 150w, https:\/\/www.arquimaster.com.ar\/web\/wp-content\/uploads\/2015\/03\/casa_fs19-50x50.jpg 50w, https:\/\/www.arquimaster.com.ar\/web\/wp-content\/uploads\/2015\/03\/casa_fs19-125x125.jpg 125w\" sizes=\"auto, (max-width: 150px) 100vw, 150px\" \/><\/a>\n\t\t\t<\/div>\n\t\t\t\t<figcaption class='wp-caption-text gallery-caption' id='gallery-1-14156'>\n\t\t\t\tCasa FS \/ Speziale Linares Arquitectos (vista suroeste)\n\t\t\t\t<\/figcaption><\/figure><figure class='gallery-item'>\n\t\t\t<div class='gallery-icon landscape'>\n\t\t\t\t<a href='https:\/\/www.arquimaster.com.ar\/web\/wp-content\/uploads\/2015\/03\/casa_fs20.jpg' title=\"Casa FS \/ Speziale Linares Arquitectos (esquema)\" data-rl_title=\"Casa FS \/ Speziale Linares Arquitectos (esquema)\" class=\"rl-gallery-link\" data-rl_caption=\"Casa FS \/ Speziale Linares Arquitectos (esquema)\" data-rel=\"lightbox-gallery-1\"><img loading=\"lazy\" decoding=\"async\" width=\"150\" height=\"150\" src=\"https:\/\/www.arquimaster.com.ar\/web\/wp-content\/uploads\/2015\/03\/casa_fs20-150x150.jpg\" class=\"attachment-thumbnail size-thumbnail\" alt=\"\" aria-describedby=\"gallery-1-14157\" srcset=\"https:\/\/www.arquimaster.com.ar\/web\/wp-content\/uploads\/2015\/03\/casa_fs20-150x150.jpg 150w, https:\/\/www.arquimaster.com.ar\/web\/wp-content\/uploads\/2015\/03\/casa_fs20-50x50.jpg 50w, https:\/\/www.arquimaster.com.ar\/web\/wp-content\/uploads\/2015\/03\/casa_fs20-125x125.jpg 125w\" sizes=\"auto, (max-width: 150px) 100vw, 150px\" \/><\/a>\n\t\t\t<\/div>\n\t\t\t\t<figcaption class='wp-caption-text gallery-caption' id='gallery-1-14157'>\n\t\t\t\tCasa FS \/ Speziale Linares Arquitectos (esquema)\n\t\t\t\t<\/figcaption><\/figure><figure class='gallery-item'>\n\t\t\t<div class='gallery-icon landscape'>\n\t\t\t\t<a href='https:\/\/www.arquimaster.com.ar\/web\/wp-content\/uploads\/2015\/03\/casa_fs21.jpg' title=\"Casa FS \/ Speziale Linares Arquitectos (esquema)\" data-rl_title=\"Casa FS \/ Speziale Linares Arquitectos (esquema)\" class=\"rl-gallery-link\" data-rl_caption=\"Casa FS \/ Speziale Linares Arquitectos (esquema)\" data-rel=\"lightbox-gallery-1\"><img loading=\"lazy\" decoding=\"async\" width=\"150\" height=\"150\" src=\"https:\/\/www.arquimaster.com.ar\/web\/wp-content\/uploads\/2015\/03\/casa_fs21-150x150.jpg\" class=\"attachment-thumbnail size-thumbnail\" alt=\"\" aria-describedby=\"gallery-1-14158\" srcset=\"https:\/\/www.arquimaster.com.ar\/web\/wp-content\/uploads\/2015\/03\/casa_fs21-150x150.jpg 150w, https:\/\/www.arquimaster.com.ar\/web\/wp-content\/uploads\/2015\/03\/casa_fs21-50x50.jpg 50w, https:\/\/www.arquimaster.com.ar\/web\/wp-content\/uploads\/2015\/03\/casa_fs21-125x125.jpg 125w\" sizes=\"auto, (max-width: 150px) 100vw, 150px\" \/><\/a>\n\t\t\t<\/div>\n\t\t\t\t<figcaption class='wp-caption-text gallery-caption' id='gallery-1-14158'>\n\t\t\t\tCasa FS \/ Speziale Linares Arquitectos (esquema)\n\t\t\t\t<\/figcaption><\/figure><figure class='gallery-item'>\n\t\t\t<div class='gallery-icon landscape'>\n\t\t\t\t<a href='https:\/\/www.arquimaster.com.ar\/web\/wp-content\/uploads\/2015\/03\/casa_fs22.jpg' title=\"Casa FS \/ Speziale Linares Arquitectos (esquema)\" data-rl_title=\"Casa FS \/ Speziale Linares Arquitectos (esquema)\" class=\"rl-gallery-link\" data-rl_caption=\"Casa FS \/ Speziale Linares Arquitectos (esquema)\" data-rel=\"lightbox-gallery-1\"><img loading=\"lazy\" decoding=\"async\" width=\"150\" height=\"150\" src=\"https:\/\/www.arquimaster.com.ar\/web\/wp-content\/uploads\/2015\/03\/casa_fs22-150x150.jpg\" class=\"attachment-thumbnail size-thumbnail\" alt=\"\" aria-describedby=\"gallery-1-14159\" srcset=\"https:\/\/www.arquimaster.com.ar\/web\/wp-content\/uploads\/2015\/03\/casa_fs22-150x150.jpg 150w, https:\/\/www.arquimaster.com.ar\/web\/wp-content\/uploads\/2015\/03\/casa_fs22-50x50.jpg 50w, https:\/\/www.arquimaster.com.ar\/web\/wp-content\/uploads\/2015\/03\/casa_fs22-125x125.jpg 125w\" sizes=\"auto, (max-width: 150px) 100vw, 150px\" \/><\/a>\n\t\t\t<\/div>\n\t\t\t\t<figcaption class='wp-caption-text gallery-caption' id='gallery-1-14159'>\n\t\t\t\tCasa FS \/ Speziale Linares Arquitectos (esquema)\n\t\t\t\t<\/figcaption><\/figure>\n\t\t<\/div>\n\n<p>La presencia de este gran espejo de agua, la vegetaci\u00f3n, el tama\u00f1o de los lotes y los retiros (frente, fondo y laterales) que impone la reglamentaci\u00f3n del barrio, dan como resultado un paisaje urbano muy poco denso y de gran car\u00e1cter natural. En este contexto, aparecer\u00e1 un objeto que buscar\u00e1 expresarse de manera sutil, a trav\u00e9s de su simpleza, y funcionar\u00e1 como filtro para generar una variedad de matices (luces, sombras, colores, texturas).<\/p>\n<p>La idea del proyecto gir\u00f3 alrededor de tres conceptos principales: simplicidad, econom\u00eda y claridad. Buscamos la coherencia entre la tecnolog\u00eda, los materiales de construcci\u00f3n, la resoluci\u00f3n morfol\u00f3gica y est\u00e9tica del lenguaje y su consecuente armado funcional. Por lo tanto, la resoluci\u00f3n constructiva y estructural coincide con la divisi\u00f3n interior de los espacios y se expresa directamente en las fachadas.<\/p>\n<p>De este modo, surgen dos vol\u00famenes bien diferenciados por materialidad, forma y uso. Uno es de hormig\u00f3n visto, se presenta herm\u00e9tico, e interiormente est\u00e1 compartimentado en una serie de habitaciones, ya que contiene los espacios m\u00e1s privados (servicios, en planta baja y habitaciones, en el primer piso). El material resulta de fusionar la piel, la estructura y el cerramiento y aporta modernidad pero al mismo tiempo la expresi\u00f3n propia del trabajo artesanal.<\/p>\n<p>El segundo volumen es estucado, aparece s\u00f3lo en planta baja y encierra un gran espacio interior-exterior, que contiene los usos m\u00e1s p\u00fablicos (circulaciones, estar-comedor y galer\u00eda). En este caso, el color tierra del estuco busca aportar calidez y rusticidad. Ambos vol\u00famenes se trabajan con aventanamientos puntuales en cada ambiente buscando luz natural y visuales pero se conectan fuertemente con el paisaje y el espacio exterior a trav\u00e9s de dos grandes huecos, en planta baja.<\/p>\n<p>El volumen de hormig\u00f3n, se pliega al frente, generando el vac\u00edo del acceso y el volumen estucado, tiene una gran perforaci\u00f3n al contrafrente que arma la galer\u00eda corrida como un gran marco al paisaje.<\/p>\n<p>Por otro lado, la casa presenta una dualidad bien marcada entre frente \/ calle y fondo \/ jard\u00edn. En el primer caso, se plantea muy maciza, siendo la arquitectura una barrera de privacidad, y en el segundo caso, totalmente permeable, borrando casi los l\u00edmites entre el espacio interior y exterior. Con el mismo criterio, se resuelve la ubicaci\u00f3n en planta de cada sector, estando los servicios y espacios de circulaci\u00f3n al frente y los ambientes principales o espacios de permanencia, al fondo.<\/p>\n<p>La vivienda entonces, aparece como un peque\u00f1o objeto, como resultado compositivo de dos bloques simples que se encastran, que aporta expresi\u00f3n y armon\u00eda en un contexto de mucha naturaleza y poca construcci\u00f3n.<\/p>\n<p><strong>Ficha tecnica<\/strong><br \/>\nNombre: Casa FS<br \/>\nUbicacion: Barrio San Francisco, Provincia de Buenos Aires, Argentina<br \/>\nProyecto: Speziale Linares Arquitectos<br \/>\nEquipo: Arq. Javier Speziale, Arq. Patricia Linares, Arq. Mat\u00edas Quintela, Arq. Guillermo Gauna, Arq. Agustina Acosta<br \/>\nAsesores: Ing. S. Berdichevsky (estructura)<br \/>\nTipologia: vivienda unifamiliar<br \/>\nSuperficie: 230 m2<br \/>\nA\u00f1o: 2013<\/p>\n<p><strong>Contacto:<\/strong> <a title=\"Speaziale Linares Arquitectos\" href=\"http:\/\/www.spezialelinares.com.ar\" target=\"_blank\">http:\/\/www.spezialelinares.com.ar<\/a><\/p>\n<p>&nbsp;<\/p>\n<p><em><strong>English version<\/strong><\/em><\/p>\n<p><em>FS House<\/em><\/p>\n<p><em>In a private neighborhood, in the north side of the city of Buenos Aires, Argentina, we find this 230 m2 property, which is implanted in a lot of \u200b\u200b943 m2, with a lake at the back. The presence of this large mirror of water, vegetation, lot sizes and withdrawals (front, back and sides) imposed by the regulations of the neighborhood, result in a very sparse and natural cityscape. In this context, appears an object that seeks to express subtly, through its simplicity and that will function as filter to generate a variety of nuances (lights, shadows, colors, textures).<\/em><\/p>\n<p><em>The project idea revolved around three main concepts: simplicity, economy and clarity. We look for consistency between technology, building materials, morphological resolution and aesthetics of language and its subsequent functional distribution. Therefore, the constructive and structural resolution matches the internal division of spaces and is expressed directly in the facades.<\/em><\/p>\n<p><em>In this way, two distinctive volumes by materiality, form and use arise. One is of concrete, appears blind, and is internally partitioned into a series of rooms, as it contains the most private spaces (services, on the ground floor and bedrooms on the first floor). The material results of merging skin, structure and enclosure and brings modernity but also the expression of craftsmanship.<\/em><\/p>\n<p><em>The second volume is coated, appears only on the ground floor and encloses a great indoor-outdoor space, which contains the most public uses (circulations, living and dining room and gallery).<\/em><\/p>\n<p><em>In this case, the earth color stucco gives a warmth and rustic looking. Both volumes are worked with specific windows in each space looking for natural light and visuals but are connected strongly with the landscape and the exterior space through two big holes, in the ground floor. The volume of concrete folds at the front of the house, generating the hole of the acces and the coated volume has a large perforation at the back wich makes appear the gallery as a big frame of the landscape.<\/em><\/p>\n<p><em>Furthermore, the house has a well marked duality between front \/ street and background \/ garden. In the first case, it raises very solid, being architecture a privacy barrier, and in the second case, fully permeable, almost erasing the boundaries between interior and exterior space. With the same criteria, is solved the location of each sector being the services and circulation at the front and the main rooms or spaces to stay at the background.<\/em><\/p>\n<p><em>The property then appears as a small object, a compositional result of two simple blocks that are embedded, which gives expression and harmony in a context full of nature and with little construction.<\/em><\/p>\n\n<div style=\"font-size: 0px; height: 0px; line-height: 0px; margin: 0; padding: 0; clear: both;\"><\/div><div style=\"margin-top: 0px; margin-bottom: 0px;\" class=\"sharethis-inline-share-buttons\" ><\/div>","protected":false},"excerpt":{"rendered":"<p>La idea del proyecto gir\u00f3 alrededor de tres conceptos: simplicidad, econom\u00eda y claridad&#8230;<\/p>\n","protected":false},"author":1,"featured_media":14137,"comment_status":"closed","ping_status":"closed","sticky":false,"template":"","format":"standard","meta":{"_uag_custom_page_level_css":"","footnotes":""},"categories":[1,83],"tags":[1590,1589,1586,1588,1587,1584,254],"class_list":["post-14136","post","type-post","status-publish","format-standard","has-post-thumbnail","hentry","category-proyecto","category-vivienda-unifamiliar","tag-agustina-acosta","tag-guillermo-gauna","tag-javier-speziale","tag-matias-quintela","tag-patricia-linares","tag-speziale-linares-arquitectos","tag-vivienda-unifamiliar-2","generate-columns","tablet-grid-50","mobile-grid-100","grid-parent","grid-50"],"yoast_head":"<!-- This site is optimized with the Yoast SEO plugin v27.3 - https:\/\/yoast.com\/product\/yoast-seo-wordpress\/ -->\n<title>Casa FS \/ Speziale Linares Arquitectos - Arquimaster<\/title>\n<meta name=\"robots\" content=\"index, follow, max-snippet:-1, max-image-preview:large, max-video-preview:-1\" \/>\n<link rel=\"canonical\" href=\"https:\/\/www.arquimaster.com.ar\/web\/casa-fs-speaziale-linares-arquitectos\/\" \/>\n<meta property=\"og:locale\" content=\"es_ES\" \/>\n<meta property=\"og:type\" content=\"article\" \/>\n<meta property=\"og:title\" content=\"Casa FS \/ Speziale Linares Arquitectos - Arquimaster\" \/>\n<meta property=\"og:description\" content=\"La idea del proyecto gir\u00f3 alrededor de tres conceptos: simplicidad, econom\u00eda y claridad...\" \/>\n<meta property=\"og:url\" content=\"https:\/\/www.arquimaster.com.ar\/web\/casa-fs-speaziale-linares-arquitectos\/\" \/>\n<meta property=\"og:site_name\" content=\"Arquimaster\" \/>\n<meta property=\"article:publisher\" content=\"http:\/\/www.facebook.com\/ARQUIMASTER.com.ar\" \/>\n<meta property=\"article:published_time\" content=\"2015-03-31T19:19:32+00:00\" \/>\n<meta property=\"article:modified_time\" content=\"2015-04-01T15:16:36+00:00\" \/>\n<meta property=\"og:image\" content=\"https:\/\/www.arquimaster.com.ar\/web\/wp-content\/uploads\/2015\/03\/casa_fs_slide.jpg\" \/>\n\t<meta property=\"og:image:width\" content=\"642\" \/>\n\t<meta property=\"og:image:height\" content=\"336\" \/>\n\t<meta property=\"og:image:type\" content=\"image\/jpeg\" \/>\n<meta name=\"author\" content=\"Arquimaster\" \/>\n<meta name=\"twitter:card\" content=\"summary_large_image\" \/>\n<meta name=\"twitter:creator\" content=\"@arquimaster\" \/>\n<meta name=\"twitter:site\" content=\"@arquimaster\" \/>\n<meta name=\"twitter:label1\" content=\"Escrito por\" \/>\n\t<meta name=\"twitter:data1\" content=\"Arquimaster\" \/>\n\t<meta name=\"twitter:label2\" content=\"Tiempo de lectura\" \/>\n\t<meta name=\"twitter:data2\" content=\"5 minutos\" \/>\n<script type=\"application\/ld+json\" class=\"yoast-schema-graph\">{\"@context\":\"https:\\\/\\\/schema.org\",\"@graph\":[{\"@type\":\"Article\",\"@id\":\"https:\\\/\\\/www.arquimaster.com.ar\\\/web\\\/casa-fs-speaziale-linares-arquitectos\\\/#article\",\"isPartOf\":{\"@id\":\"https:\\\/\\\/www.arquimaster.com.ar\\\/web\\\/casa-fs-speaziale-linares-arquitectos\\\/\"},\"author\":{\"name\":\"Arquimaster\",\"@id\":\"https:\\\/\\\/www.arquimaster.com.ar\\\/web\\\/#\\\/schema\\\/person\\\/359e9f7c00193fcde068e0dd2ceb0028\"},\"headline\":\"Casa FS \\\/ Speziale Linares Arquitectos\",\"datePublished\":\"2015-03-31T19:19:32+00:00\",\"dateModified\":\"2015-04-01T15:16:36+00:00\",\"mainEntityOfPage\":{\"@id\":\"https:\\\/\\\/www.arquimaster.com.ar\\\/web\\\/casa-fs-speaziale-linares-arquitectos\\\/\"},\"wordCount\":1008,\"publisher\":{\"@id\":\"https:\\\/\\\/www.arquimaster.com.ar\\\/web\\\/#organization\"},\"image\":{\"@id\":\"https:\\\/\\\/www.arquimaster.com.ar\\\/web\\\/casa-fs-speaziale-linares-arquitectos\\\/#primaryimage\"},\"thumbnailUrl\":\"https:\\\/\\\/www.arquimaster.com.ar\\\/web\\\/wp-content\\\/uploads\\\/2015\\\/03\\\/casa_fs_slide.jpg\",\"keywords\":[\"Agustina Acosta\",\"Guillermo Gauna\",\"Javier Speziale\",\"Mat\u00edas Quintela\",\"Patricia Linares\",\"Speziale Linares Arquitectos\",\"vivienda unifamiliar\"],\"articleSection\":[\"Proyecto\",\"Vivienda unifamiliar y PH\"],\"inLanguage\":\"es\"},{\"@type\":\"WebPage\",\"@id\":\"https:\\\/\\\/www.arquimaster.com.ar\\\/web\\\/casa-fs-speaziale-linares-arquitectos\\\/\",\"url\":\"https:\\\/\\\/www.arquimaster.com.ar\\\/web\\\/casa-fs-speaziale-linares-arquitectos\\\/\",\"name\":\"Casa FS \\\/ Speziale Linares Arquitectos - Arquimaster\",\"isPartOf\":{\"@id\":\"https:\\\/\\\/www.arquimaster.com.ar\\\/web\\\/#website\"},\"primaryImageOfPage\":{\"@id\":\"https:\\\/\\\/www.arquimaster.com.ar\\\/web\\\/casa-fs-speaziale-linares-arquitectos\\\/#primaryimage\"},\"image\":{\"@id\":\"https:\\\/\\\/www.arquimaster.com.ar\\\/web\\\/casa-fs-speaziale-linares-arquitectos\\\/#primaryimage\"},\"thumbnailUrl\":\"https:\\\/\\\/www.arquimaster.com.ar\\\/web\\\/wp-content\\\/uploads\\\/2015\\\/03\\\/casa_fs_slide.jpg\",\"datePublished\":\"2015-03-31T19:19:32+00:00\",\"dateModified\":\"2015-04-01T15:16:36+00:00\",\"breadcrumb\":{\"@id\":\"https:\\\/\\\/www.arquimaster.com.ar\\\/web\\\/casa-fs-speaziale-linares-arquitectos\\\/#breadcrumb\"},\"inLanguage\":\"es\",\"potentialAction\":[{\"@type\":\"ReadAction\",\"target\":[\"https:\\\/\\\/www.arquimaster.com.ar\\\/web\\\/casa-fs-speaziale-linares-arquitectos\\\/\"]}]},{\"@type\":\"ImageObject\",\"inLanguage\":\"es\",\"@id\":\"https:\\\/\\\/www.arquimaster.com.ar\\\/web\\\/casa-fs-speaziale-linares-arquitectos\\\/#primaryimage\",\"url\":\"https:\\\/\\\/www.arquimaster.com.ar\\\/web\\\/wp-content\\\/uploads\\\/2015\\\/03\\\/casa_fs_slide.jpg\",\"contentUrl\":\"https:\\\/\\\/www.arquimaster.com.ar\\\/web\\\/wp-content\\\/uploads\\\/2015\\\/03\\\/casa_fs_slide.jpg\",\"width\":642,\"height\":336},{\"@type\":\"BreadcrumbList\",\"@id\":\"https:\\\/\\\/www.arquimaster.com.ar\\\/web\\\/casa-fs-speaziale-linares-arquitectos\\\/#breadcrumb\",\"itemListElement\":[{\"@type\":\"ListItem\",\"position\":1,\"name\":\"Portada\",\"item\":\"https:\\\/\\\/www.arquimaster.com.ar\\\/web\\\/\"},{\"@type\":\"ListItem\",\"position\":2,\"name\":\"Casa FS \\\/ Speziale Linares Arquitectos\"}]},{\"@type\":\"WebSite\",\"@id\":\"https:\\\/\\\/www.arquimaster.com.ar\\\/web\\\/#website\",\"url\":\"https:\\\/\\\/www.arquimaster.com.ar\\\/web\\\/\",\"name\":\"Arquimaster\",\"description\":\"Web de arquitectura, dise\u00f1o y construccion\",\"publisher\":{\"@id\":\"https:\\\/\\\/www.arquimaster.com.ar\\\/web\\\/#organization\"},\"potentialAction\":[{\"@type\":\"SearchAction\",\"target\":{\"@type\":\"EntryPoint\",\"urlTemplate\":\"https:\\\/\\\/www.arquimaster.com.ar\\\/web\\\/?s={search_term_string}\"},\"query-input\":{\"@type\":\"PropertyValueSpecification\",\"valueRequired\":true,\"valueName\":\"search_term_string\"}}],\"inLanguage\":\"es\"},{\"@type\":\"Organization\",\"@id\":\"https:\\\/\\\/www.arquimaster.com.ar\\\/web\\\/#organization\",\"name\":\"Arquimaster\",\"url\":\"https:\\\/\\\/www.arquimaster.com.ar\\\/web\\\/\",\"logo\":{\"@type\":\"ImageObject\",\"inLanguage\":\"es\",\"@id\":\"https:\\\/\\\/www.arquimaster.com.ar\\\/web\\\/#\\\/schema\\\/logo\\\/image\\\/\",\"url\":\"https:\\\/\\\/www.arquimaster.com.ar\\\/web\\\/wp-content\\\/uploads\\\/2022\\\/06\\\/arquimaster.png\",\"contentUrl\":\"https:\\\/\\\/www.arquimaster.com.ar\\\/web\\\/wp-content\\\/uploads\\\/2022\\\/06\\\/arquimaster.png\",\"width\":594,\"height\":78,\"caption\":\"Arquimaster\"},\"image\":{\"@id\":\"https:\\\/\\\/www.arquimaster.com.ar\\\/web\\\/#\\\/schema\\\/logo\\\/image\\\/\"},\"sameAs\":[\"http:\\\/\\\/www.facebook.com\\\/ARQUIMASTER.com.ar\",\"https:\\\/\\\/x.com\\\/arquimaster\",\"https:\\\/\\\/www.instagram.com\\\/arquimasterblog\\\/\",\"https:\\\/\\\/www.linkedin.com\\\/company\\\/arquimaster\",\"https:\\\/\\\/www.pinterest.com\\\/arquimaster\",\"https:\\\/\\\/t.me\\\/arquimaster\"]},{\"@type\":\"Person\",\"@id\":\"https:\\\/\\\/www.arquimaster.com.ar\\\/web\\\/#\\\/schema\\\/person\\\/359e9f7c00193fcde068e0dd2ceb0028\",\"name\":\"Arquimaster\"}]}<\/script>\n<!-- \/ Yoast SEO plugin. -->","yoast_head_json":{"title":"Casa FS \/ Speziale Linares Arquitectos - Arquimaster","robots":{"index":"index","follow":"follow","max-snippet":"max-snippet:-1","max-image-preview":"max-image-preview:large","max-video-preview":"max-video-preview:-1"},"canonical":"https:\/\/www.arquimaster.com.ar\/web\/casa-fs-speaziale-linares-arquitectos\/","og_locale":"es_ES","og_type":"article","og_title":"Casa FS \/ Speziale Linares Arquitectos - Arquimaster","og_description":"La idea del proyecto gir\u00f3 alrededor de tres conceptos: simplicidad, econom\u00eda y claridad...","og_url":"https:\/\/www.arquimaster.com.ar\/web\/casa-fs-speaziale-linares-arquitectos\/","og_site_name":"Arquimaster","article_publisher":"http:\/\/www.facebook.com\/ARQUIMASTER.com.ar","article_published_time":"2015-03-31T19:19:32+00:00","article_modified_time":"2015-04-01T15:16:36+00:00","og_image":[{"width":642,"height":336,"url":"https:\/\/www.arquimaster.com.ar\/web\/wp-content\/uploads\/2015\/03\/casa_fs_slide.jpg","type":"image\/jpeg"}],"author":"Arquimaster","twitter_card":"summary_large_image","twitter_creator":"@arquimaster","twitter_site":"@arquimaster","twitter_misc":{"Escrito por":"Arquimaster","Tiempo de lectura":"5 minutos"},"schema":{"@context":"https:\/\/schema.org","@graph":[{"@type":"Article","@id":"https:\/\/www.arquimaster.com.ar\/web\/casa-fs-speaziale-linares-arquitectos\/#article","isPartOf":{"@id":"https:\/\/www.arquimaster.com.ar\/web\/casa-fs-speaziale-linares-arquitectos\/"},"author":{"name":"Arquimaster","@id":"https:\/\/www.arquimaster.com.ar\/web\/#\/schema\/person\/359e9f7c00193fcde068e0dd2ceb0028"},"headline":"Casa FS \/ Speziale Linares Arquitectos","datePublished":"2015-03-31T19:19:32+00:00","dateModified":"2015-04-01T15:16:36+00:00","mainEntityOfPage":{"@id":"https:\/\/www.arquimaster.com.ar\/web\/casa-fs-speaziale-linares-arquitectos\/"},"wordCount":1008,"publisher":{"@id":"https:\/\/www.arquimaster.com.ar\/web\/#organization"},"image":{"@id":"https:\/\/www.arquimaster.com.ar\/web\/casa-fs-speaziale-linares-arquitectos\/#primaryimage"},"thumbnailUrl":"https:\/\/www.arquimaster.com.ar\/web\/wp-content\/uploads\/2015\/03\/casa_fs_slide.jpg","keywords":["Agustina Acosta","Guillermo Gauna","Javier Speziale","Mat\u00edas Quintela","Patricia Linares","Speziale Linares Arquitectos","vivienda unifamiliar"],"articleSection":["Proyecto","Vivienda unifamiliar y PH"],"inLanguage":"es"},{"@type":"WebPage","@id":"https:\/\/www.arquimaster.com.ar\/web\/casa-fs-speaziale-linares-arquitectos\/","url":"https:\/\/www.arquimaster.com.ar\/web\/casa-fs-speaziale-linares-arquitectos\/","name":"Casa FS \/ Speziale Linares Arquitectos - Arquimaster","isPartOf":{"@id":"https:\/\/www.arquimaster.com.ar\/web\/#website"},"primaryImageOfPage":{"@id":"https:\/\/www.arquimaster.com.ar\/web\/casa-fs-speaziale-linares-arquitectos\/#primaryimage"},"image":{"@id":"https:\/\/www.arquimaster.com.ar\/web\/casa-fs-speaziale-linares-arquitectos\/#primaryimage"},"thumbnailUrl":"https:\/\/www.arquimaster.com.ar\/web\/wp-content\/uploads\/2015\/03\/casa_fs_slide.jpg","datePublished":"2015-03-31T19:19:32+00:00","dateModified":"2015-04-01T15:16:36+00:00","breadcrumb":{"@id":"https:\/\/www.arquimaster.com.ar\/web\/casa-fs-speaziale-linares-arquitectos\/#breadcrumb"},"inLanguage":"es","potentialAction":[{"@type":"ReadAction","target":["https:\/\/www.arquimaster.com.ar\/web\/casa-fs-speaziale-linares-arquitectos\/"]}]},{"@type":"ImageObject","inLanguage":"es","@id":"https:\/\/www.arquimaster.com.ar\/web\/casa-fs-speaziale-linares-arquitectos\/#primaryimage","url":"https:\/\/www.arquimaster.com.ar\/web\/wp-content\/uploads\/2015\/03\/casa_fs_slide.jpg","contentUrl":"https:\/\/www.arquimaster.com.ar\/web\/wp-content\/uploads\/2015\/03\/casa_fs_slide.jpg","width":642,"height":336},{"@type":"BreadcrumbList","@id":"https:\/\/www.arquimaster.com.ar\/web\/casa-fs-speaziale-linares-arquitectos\/#breadcrumb","itemListElement":[{"@type":"ListItem","position":1,"name":"Portada","item":"https:\/\/www.arquimaster.com.ar\/web\/"},{"@type":"ListItem","position":2,"name":"Casa FS \/ Speziale Linares Arquitectos"}]},{"@type":"WebSite","@id":"https:\/\/www.arquimaster.com.ar\/web\/#website","url":"https:\/\/www.arquimaster.com.ar\/web\/","name":"Arquimaster","description":"Web de arquitectura, dise\u00f1o y construccion","publisher":{"@id":"https:\/\/www.arquimaster.com.ar\/web\/#organization"},"potentialAction":[{"@type":"SearchAction","target":{"@type":"EntryPoint","urlTemplate":"https:\/\/www.arquimaster.com.ar\/web\/?s={search_term_string}"},"query-input":{"@type":"PropertyValueSpecification","valueRequired":true,"valueName":"search_term_string"}}],"inLanguage":"es"},{"@type":"Organization","@id":"https:\/\/www.arquimaster.com.ar\/web\/#organization","name":"Arquimaster","url":"https:\/\/www.arquimaster.com.ar\/web\/","logo":{"@type":"ImageObject","inLanguage":"es","@id":"https:\/\/www.arquimaster.com.ar\/web\/#\/schema\/logo\/image\/","url":"https:\/\/www.arquimaster.com.ar\/web\/wp-content\/uploads\/2022\/06\/arquimaster.png","contentUrl":"https:\/\/www.arquimaster.com.ar\/web\/wp-content\/uploads\/2022\/06\/arquimaster.png","width":594,"height":78,"caption":"Arquimaster"},"image":{"@id":"https:\/\/www.arquimaster.com.ar\/web\/#\/schema\/logo\/image\/"},"sameAs":["http:\/\/www.facebook.com\/ARQUIMASTER.com.ar","https:\/\/x.com\/arquimaster","https:\/\/www.instagram.com\/arquimasterblog\/","https:\/\/www.linkedin.com\/company\/arquimaster","https:\/\/www.pinterest.com\/arquimaster","https:\/\/t.me\/arquimaster"]},{"@type":"Person","@id":"https:\/\/www.arquimaster.com.ar\/web\/#\/schema\/person\/359e9f7c00193fcde068e0dd2ceb0028","name":"Arquimaster"}]}},"uagb_featured_image_src":{"full":["https:\/\/www.arquimaster.com.ar\/web\/wp-content\/uploads\/2015\/03\/casa_fs_slide.jpg",642,336,false],"thumbnail":["https:\/\/www.arquimaster.com.ar\/web\/wp-content\/uploads\/2015\/03\/casa_fs_slide-150x150.jpg",150,150,true],"medium":["https:\/\/www.arquimaster.com.ar\/web\/wp-content\/uploads\/2015\/03\/casa_fs_slide-573x300.jpg",573,300,true],"medium_large":["https:\/\/www.arquimaster.com.ar\/web\/wp-content\/uploads\/2015\/03\/casa_fs_slide.jpg",642,336,false],"large":["https:\/\/www.arquimaster.com.ar\/web\/wp-content\/uploads\/2015\/03\/casa_fs_slide.jpg",642,336,false],"1536x1536":["https:\/\/www.arquimaster.com.ar\/web\/wp-content\/uploads\/2015\/03\/casa_fs_slide.jpg",642,336,false],"2048x2048":["https:\/\/www.arquimaster.com.ar\/web\/wp-content\/uploads\/2015\/03\/casa_fs_slide.jpg",642,336,false]},"uagb_author_info":{"display_name":"Arquimaster","author_link":"https:\/\/www.arquimaster.com.ar\/web\/author\/arquimaster\/"},"uagb_comment_info":0,"uagb_excerpt":"La idea del proyecto gir\u00f3 alrededor de tres conceptos: simplicidad, econom\u00eda y claridad...","_links":{"self":[{"href":"https:\/\/www.arquimaster.com.ar\/web\/wp-json\/wp\/v2\/posts\/14136","targetHints":{"allow":["GET"]}}],"collection":[{"href":"https:\/\/www.arquimaster.com.ar\/web\/wp-json\/wp\/v2\/posts"}],"about":[{"href":"https:\/\/www.arquimaster.com.ar\/web\/wp-json\/wp\/v2\/types\/post"}],"author":[{"embeddable":true,"href":"https:\/\/www.arquimaster.com.ar\/web\/wp-json\/wp\/v2\/users\/1"}],"replies":[{"embeddable":true,"href":"https:\/\/www.arquimaster.com.ar\/web\/wp-json\/wp\/v2\/comments?post=14136"}],"version-history":[{"count":0,"href":"https:\/\/www.arquimaster.com.ar\/web\/wp-json\/wp\/v2\/posts\/14136\/revisions"}],"wp:featuredmedia":[{"embeddable":true,"href":"https:\/\/www.arquimaster.com.ar\/web\/wp-json\/wp\/v2\/media\/14137"}],"wp:attachment":[{"href":"https:\/\/www.arquimaster.com.ar\/web\/wp-json\/wp\/v2\/media?parent=14136"}],"wp:term":[{"taxonomy":"category","embeddable":true,"href":"https:\/\/www.arquimaster.com.ar\/web\/wp-json\/wp\/v2\/categories?post=14136"},{"taxonomy":"post_tag","embeddable":true,"href":"https:\/\/www.arquimaster.com.ar\/web\/wp-json\/wp\/v2\/tags?post=14136"}],"curies":[{"name":"wp","href":"https:\/\/api.w.org\/{rel}","templated":true}]}}