{"id":14287,"date":"2015-04-11T16:00:50","date_gmt":"2015-04-11T16:00:50","guid":{"rendered":"http:\/\/www.arquimaster.com.ar\/web\/?p=14287"},"modified":"2015-04-11T17:08:17","modified_gmt":"2015-04-11T17:08:17","slug":"espacio-de-decoracion-b105-estilo-pilar-2015-isabel-magdalena-caminal","status":"publish","type":"post","link":"https:\/\/www.arquimaster.com.ar\/web\/espacio-de-decoracion-b105-estilo-pilar-2015-isabel-magdalena-caminal\/","title":{"rendered":"Espacio de decoracion B105 (Estilo Pilar 2015) \/ Isabel &#038; Magdalena Caminal"},"content":{"rendered":"<div style=\"margin-top: 0px; margin-bottom: 0px;\" class=\"sharethis-inline-share-buttons\" ><\/div><div class=\"b812932af2e751442846f039925109de\" data-index=\"1\" style=\"float: none; margin:25px 0 25px 0; text-align:center;\">\n<script async src=\"https:\/\/pagead2.googlesyndication.com\/pagead\/js\/adsbygoogle.js\"><\/script>\r\n<!-- Arquimaster (superior) -->\r\n<ins class=\"adsbygoogle\"\r\n     style=\"display:block\"\r\n     data-ad-client=\"ca-pub-6351072698456832\"\r\n     data-ad-slot=\"6455489680\"\r\n     data-ad-format=\"auto\"\r\n     data-full-width-responsive=\"true\"><\/ins>\r\n<script>\r\n     (adsbygoogle = window.adsbygoogle || []).push({});\r\n<\/script>\n<\/div>\n<p><strong>Espacio de decoracion B105<\/strong> (Estilo Pilar 2015) por <strong>Isabel &amp; Magdalena Caminal<\/strong>. Espacio pensado para un polista, con materiales simples, nobles que sean c\u00f3modos a la vez.<\/p>\n<div id='gallery-1' class='gallery galleryid-14287 gallery-columns-3 gallery-size-thumbnail'><figure class='gallery-item'>\n\t\t\t<div class='gallery-icon landscape'>\n\t\t\t\t<a href='https:\/\/www.arquimaster.com.ar\/web\/wp-content\/uploads\/2015\/04\/estilo_pilar_e_b105_1.jpg' title=\"Espacio de decoracion B105 (Estilo Pilar 2015) \/ Isabel &amp; Magdalena Caminal\" data-rl_title=\"Espacio de decoracion B105 (Estilo Pilar 2015) \/ Isabel &amp; Magdalena Caminal\" class=\"rl-gallery-link\" data-rl_caption=\"Espacio de decoracion B105 (Estilo Pilar 2015) \/ Isabel &amp; Magdalena Caminal\" data-rel=\"lightbox-gallery-1\"><img loading=\"lazy\" decoding=\"async\" width=\"150\" height=\"150\" src=\"https:\/\/www.arquimaster.com.ar\/web\/wp-content\/uploads\/2015\/04\/estilo_pilar_e_b105_1-150x150.jpg\" class=\"attachment-thumbnail size-thumbnail\" alt=\"\" aria-describedby=\"gallery-1-14289\" srcset=\"https:\/\/www.arquimaster.com.ar\/web\/wp-content\/uploads\/2015\/04\/estilo_pilar_e_b105_1-150x150.jpg 150w, https:\/\/www.arquimaster.com.ar\/web\/wp-content\/uploads\/2015\/04\/estilo_pilar_e_b105_1-50x50.jpg 50w, https:\/\/www.arquimaster.com.ar\/web\/wp-content\/uploads\/2015\/04\/estilo_pilar_e_b105_1-125x125.jpg 125w\" sizes=\"auto, (max-width: 150px) 100vw, 150px\" \/><\/a>\n\t\t\t<\/div>\n\t\t\t\t<figcaption class='wp-caption-text gallery-caption' id='gallery-1-14289'>\n\t\t\t\tEspacio de decoracion B105 (Estilo Pilar 2015) \/ Isabel &#038; Magdalena Caminal\n\t\t\t\t<\/figcaption><\/figure><figure class='gallery-item'>\n\t\t\t<div class='gallery-icon landscape'>\n\t\t\t\t<a href='https:\/\/www.arquimaster.com.ar\/web\/wp-content\/uploads\/2015\/04\/estilo_pilar_e_b105_2.jpg' title=\"Espacio de decoracion B105 (Estilo Pilar 2015) \/ Isabel &amp; Magdalena Caminal\" data-rl_title=\"Espacio de decoracion B105 (Estilo Pilar 2015) \/ Isabel &amp; Magdalena Caminal\" class=\"rl-gallery-link\" data-rl_caption=\"Espacio de decoracion B105 (Estilo Pilar 2015) \/ Isabel &amp; Magdalena Caminal\" data-rel=\"lightbox-gallery-1\"><img loading=\"lazy\" decoding=\"async\" width=\"150\" height=\"150\" src=\"https:\/\/www.arquimaster.com.ar\/web\/wp-content\/uploads\/2015\/04\/estilo_pilar_e_b105_2-150x150.jpg\" class=\"attachment-thumbnail size-thumbnail\" alt=\"\" aria-describedby=\"gallery-1-14290\" srcset=\"https:\/\/www.arquimaster.com.ar\/web\/wp-content\/uploads\/2015\/04\/estilo_pilar_e_b105_2-150x150.jpg 150w, https:\/\/www.arquimaster.com.ar\/web\/wp-content\/uploads\/2015\/04\/estilo_pilar_e_b105_2-50x50.jpg 50w, https:\/\/www.arquimaster.com.ar\/web\/wp-content\/uploads\/2015\/04\/estilo_pilar_e_b105_2-125x125.jpg 125w\" sizes=\"auto, (max-width: 150px) 100vw, 150px\" \/><\/a>\n\t\t\t<\/div>\n\t\t\t\t<figcaption class='wp-caption-text gallery-caption' id='gallery-1-14290'>\n\t\t\t\tEspacio de decoracion B105 (Estilo Pilar 2015) \/ Isabel &#038; Magdalena Caminal\n\t\t\t\t<\/figcaption><\/figure><figure class='gallery-item'>\n\t\t\t<div class='gallery-icon landscape'>\n\t\t\t\t<a href='https:\/\/www.arquimaster.com.ar\/web\/wp-content\/uploads\/2015\/04\/estilo_pilar_e_b105_3.jpg' title=\"Espacio de decoracion B105 (Estilo Pilar 2015) \/ Isabel &amp; Magdalena Caminal\" data-rl_title=\"Espacio de decoracion B105 (Estilo Pilar 2015) \/ Isabel &amp; Magdalena Caminal\" class=\"rl-gallery-link\" data-rl_caption=\"Espacio de decoracion B105 (Estilo Pilar 2015) \/ Isabel &amp; Magdalena Caminal\" data-rel=\"lightbox-gallery-1\"><img loading=\"lazy\" decoding=\"async\" width=\"150\" height=\"150\" src=\"https:\/\/www.arquimaster.com.ar\/web\/wp-content\/uploads\/2015\/04\/estilo_pilar_e_b105_3-150x150.jpg\" class=\"attachment-thumbnail size-thumbnail\" alt=\"\" aria-describedby=\"gallery-1-14291\" srcset=\"https:\/\/www.arquimaster.com.ar\/web\/wp-content\/uploads\/2015\/04\/estilo_pilar_e_b105_3-150x150.jpg 150w, https:\/\/www.arquimaster.com.ar\/web\/wp-content\/uploads\/2015\/04\/estilo_pilar_e_b105_3-50x50.jpg 50w, https:\/\/www.arquimaster.com.ar\/web\/wp-content\/uploads\/2015\/04\/estilo_pilar_e_b105_3-125x125.jpg 125w\" sizes=\"auto, (max-width: 150px) 100vw, 150px\" \/><\/a>\n\t\t\t<\/div>\n\t\t\t\t<figcaption class='wp-caption-text gallery-caption' id='gallery-1-14291'>\n\t\t\t\tEspacio de decoracion B105 (Estilo Pilar 2015) \/ Isabel &#038; Magdalena Caminal\n\t\t\t\t<\/figcaption><\/figure><figure class='gallery-item'>\n\t\t\t<div class='gallery-icon landscape'>\n\t\t\t\t<a href='https:\/\/www.arquimaster.com.ar\/web\/wp-content\/uploads\/2015\/04\/estilo_pilar_e_b105_4.jpg' title=\"Espacio de decoracion B105 (Estilo Pilar 2015) \/ Isabel &amp; Magdalena Caminal\" data-rl_title=\"Espacio de decoracion B105 (Estilo Pilar 2015) \/ Isabel &amp; Magdalena Caminal\" class=\"rl-gallery-link\" data-rl_caption=\"Espacio de decoracion B105 (Estilo Pilar 2015) \/ Isabel &amp; Magdalena Caminal\" data-rel=\"lightbox-gallery-1\"><img loading=\"lazy\" decoding=\"async\" width=\"150\" height=\"150\" src=\"https:\/\/www.arquimaster.com.ar\/web\/wp-content\/uploads\/2015\/04\/estilo_pilar_e_b105_4-150x150.jpg\" class=\"attachment-thumbnail size-thumbnail\" alt=\"\" aria-describedby=\"gallery-1-14292\" srcset=\"https:\/\/www.arquimaster.com.ar\/web\/wp-content\/uploads\/2015\/04\/estilo_pilar_e_b105_4-150x150.jpg 150w, https:\/\/www.arquimaster.com.ar\/web\/wp-content\/uploads\/2015\/04\/estilo_pilar_e_b105_4-50x50.jpg 50w, https:\/\/www.arquimaster.com.ar\/web\/wp-content\/uploads\/2015\/04\/estilo_pilar_e_b105_4-125x125.jpg 125w\" sizes=\"auto, (max-width: 150px) 100vw, 150px\" \/><\/a>\n\t\t\t<\/div>\n\t\t\t\t<figcaption class='wp-caption-text gallery-caption' id='gallery-1-14292'>\n\t\t\t\tEspacio de decoracion B105 (Estilo Pilar 2015) \/ Isabel &#038; Magdalena Caminal\n\t\t\t\t<\/figcaption><\/figure><figure class='gallery-item'>\n\t\t\t<div class='gallery-icon landscape'>\n\t\t\t\t<a href='https:\/\/www.arquimaster.com.ar\/web\/wp-content\/uploads\/2015\/04\/estilo_pilar_e_b105_5.jpg' title=\"Espacio de decoracion B105 (Estilo Pilar 2015) \/ Isabel &amp; Magdalena Caminal\" data-rl_title=\"Espacio de decoracion B105 (Estilo Pilar 2015) \/ Isabel &amp; Magdalena Caminal\" class=\"rl-gallery-link\" data-rl_caption=\"Espacio de decoracion B105 (Estilo Pilar 2015) \/ Isabel &amp; Magdalena Caminal\" data-rel=\"lightbox-gallery-1\"><img loading=\"lazy\" decoding=\"async\" width=\"150\" height=\"150\" src=\"https:\/\/www.arquimaster.com.ar\/web\/wp-content\/uploads\/2015\/04\/estilo_pilar_e_b105_5-150x150.jpg\" class=\"attachment-thumbnail size-thumbnail\" alt=\"\" aria-describedby=\"gallery-1-14293\" srcset=\"https:\/\/www.arquimaster.com.ar\/web\/wp-content\/uploads\/2015\/04\/estilo_pilar_e_b105_5-150x150.jpg 150w, https:\/\/www.arquimaster.com.ar\/web\/wp-content\/uploads\/2015\/04\/estilo_pilar_e_b105_5-50x50.jpg 50w, https:\/\/www.arquimaster.com.ar\/web\/wp-content\/uploads\/2015\/04\/estilo_pilar_e_b105_5-125x125.jpg 125w\" sizes=\"auto, (max-width: 150px) 100vw, 150px\" \/><\/a>\n\t\t\t<\/div>\n\t\t\t\t<figcaption class='wp-caption-text gallery-caption' id='gallery-1-14293'>\n\t\t\t\tEspacio de decoracion B105 (Estilo Pilar 2015) \/ Isabel &#038; Magdalena Caminal\n\t\t\t\t<\/figcaption><\/figure><figure class='gallery-item'>\n\t\t\t<div class='gallery-icon landscape'>\n\t\t\t\t<a href='https:\/\/www.arquimaster.com.ar\/web\/wp-content\/uploads\/2015\/04\/estilo_pilar_e_b105_6.jpg' title=\"Espacio de decoracion B105 (Estilo Pilar 2015) \/ Isabel &amp; Magdalena Caminal\" data-rl_title=\"Espacio de decoracion B105 (Estilo Pilar 2015) \/ Isabel &amp; Magdalena Caminal\" class=\"rl-gallery-link\" data-rl_caption=\"Espacio de decoracion B105 (Estilo Pilar 2015) \/ Isabel &amp; Magdalena Caminal\" data-rel=\"lightbox-gallery-1\"><img loading=\"lazy\" decoding=\"async\" width=\"150\" height=\"150\" src=\"https:\/\/www.arquimaster.com.ar\/web\/wp-content\/uploads\/2015\/04\/estilo_pilar_e_b105_6-150x150.jpg\" class=\"attachment-thumbnail size-thumbnail\" alt=\"\" aria-describedby=\"gallery-1-14294\" srcset=\"https:\/\/www.arquimaster.com.ar\/web\/wp-content\/uploads\/2015\/04\/estilo_pilar_e_b105_6-150x150.jpg 150w, https:\/\/www.arquimaster.com.ar\/web\/wp-content\/uploads\/2015\/04\/estilo_pilar_e_b105_6-50x50.jpg 50w, https:\/\/www.arquimaster.com.ar\/web\/wp-content\/uploads\/2015\/04\/estilo_pilar_e_b105_6-125x125.jpg 125w\" sizes=\"auto, (max-width: 150px) 100vw, 150px\" \/><\/a>\n\t\t\t<\/div>\n\t\t\t\t<figcaption class='wp-caption-text gallery-caption' id='gallery-1-14294'>\n\t\t\t\tEspacio de decoracion B105 (Estilo Pilar 2015) \/ Isabel &#038; Magdalena Caminal\n\t\t\t\t<\/figcaption><\/figure><figure class='gallery-item'>\n\t\t\t<div class='gallery-icon landscape'>\n\t\t\t\t<a href='https:\/\/www.arquimaster.com.ar\/web\/wp-content\/uploads\/2015\/04\/estilo_pilar_e_b105_7.jpg' title=\"Espacio de decoracion B105 (Estilo Pilar 2015) \/ Isabel &amp; Magdalena Caminal\" data-rl_title=\"Espacio de decoracion B105 (Estilo Pilar 2015) \/ Isabel &amp; Magdalena Caminal\" class=\"rl-gallery-link\" data-rl_caption=\"Espacio de decoracion B105 (Estilo Pilar 2015) \/ Isabel &amp; Magdalena Caminal\" data-rel=\"lightbox-gallery-1\"><img loading=\"lazy\" decoding=\"async\" width=\"150\" height=\"150\" src=\"https:\/\/www.arquimaster.com.ar\/web\/wp-content\/uploads\/2015\/04\/estilo_pilar_e_b105_7-150x150.jpg\" class=\"attachment-thumbnail size-thumbnail\" alt=\"\" aria-describedby=\"gallery-1-14295\" srcset=\"https:\/\/www.arquimaster.com.ar\/web\/wp-content\/uploads\/2015\/04\/estilo_pilar_e_b105_7-150x150.jpg 150w, https:\/\/www.arquimaster.com.ar\/web\/wp-content\/uploads\/2015\/04\/estilo_pilar_e_b105_7-50x50.jpg 50w, https:\/\/www.arquimaster.com.ar\/web\/wp-content\/uploads\/2015\/04\/estilo_pilar_e_b105_7-125x125.jpg 125w\" sizes=\"auto, (max-width: 150px) 100vw, 150px\" \/><\/a>\n\t\t\t<\/div>\n\t\t\t\t<figcaption class='wp-caption-text gallery-caption' id='gallery-1-14295'>\n\t\t\t\tEspacio de decoracion B105 (Estilo Pilar 2015) \/ Isabel &#038; Magdalena Caminal\n\t\t\t\t<\/figcaption><\/figure><figure class='gallery-item'>\n\t\t\t<div class='gallery-icon landscape'>\n\t\t\t\t<a href='https:\/\/www.arquimaster.com.ar\/web\/wp-content\/uploads\/2015\/04\/estilo_pilar_e_b105_8.jpg' title=\"Espacio de decoracion B105 (Estilo Pilar 2015) \/ Isabel &amp; Magdalena Caminal\" data-rl_title=\"Espacio de decoracion B105 (Estilo Pilar 2015) \/ Isabel &amp; Magdalena Caminal\" class=\"rl-gallery-link\" data-rl_caption=\"Espacio de decoracion B105 (Estilo Pilar 2015) \/ Isabel &amp; Magdalena Caminal\" data-rel=\"lightbox-gallery-1\"><img loading=\"lazy\" decoding=\"async\" width=\"150\" height=\"150\" src=\"https:\/\/www.arquimaster.com.ar\/web\/wp-content\/uploads\/2015\/04\/estilo_pilar_e_b105_8-150x150.jpg\" class=\"attachment-thumbnail size-thumbnail\" alt=\"\" aria-describedby=\"gallery-1-14296\" srcset=\"https:\/\/www.arquimaster.com.ar\/web\/wp-content\/uploads\/2015\/04\/estilo_pilar_e_b105_8-150x150.jpg 150w, https:\/\/www.arquimaster.com.ar\/web\/wp-content\/uploads\/2015\/04\/estilo_pilar_e_b105_8-50x50.jpg 50w, https:\/\/www.arquimaster.com.ar\/web\/wp-content\/uploads\/2015\/04\/estilo_pilar_e_b105_8-125x125.jpg 125w\" sizes=\"auto, (max-width: 150px) 100vw, 150px\" \/><\/a>\n\t\t\t<\/div>\n\t\t\t\t<figcaption class='wp-caption-text gallery-caption' id='gallery-1-14296'>\n\t\t\t\tEspacio de decoracion B105 (Estilo Pilar 2015) \/ Isabel &#038; Magdalena Caminal\n\t\t\t\t<\/figcaption><\/figure><figure class='gallery-item'>\n\t\t\t<div class='gallery-icon portrait'>\n\t\t\t\t<a href='https:\/\/www.arquimaster.com.ar\/web\/wp-content\/uploads\/2015\/04\/estilo_pilar_e_b105_9.jpg' title=\"Espacio de decoracion B105 (Estilo Pilar 2015) \/ Isabel &amp; Magdalena Caminal\" data-rl_title=\"Espacio de decoracion B105 (Estilo Pilar 2015) \/ Isabel &amp; Magdalena Caminal\" class=\"rl-gallery-link\" data-rl_caption=\"Espacio de decoracion B105 (Estilo Pilar 2015) \/ Isabel &amp; Magdalena Caminal\" data-rel=\"lightbox-gallery-1\"><img loading=\"lazy\" decoding=\"async\" width=\"150\" height=\"150\" src=\"https:\/\/www.arquimaster.com.ar\/web\/wp-content\/uploads\/2015\/04\/estilo_pilar_e_b105_9-150x150.jpg\" class=\"attachment-thumbnail size-thumbnail\" alt=\"\" aria-describedby=\"gallery-1-14297\" srcset=\"https:\/\/www.arquimaster.com.ar\/web\/wp-content\/uploads\/2015\/04\/estilo_pilar_e_b105_9-150x150.jpg 150w, https:\/\/www.arquimaster.com.ar\/web\/wp-content\/uploads\/2015\/04\/estilo_pilar_e_b105_9-50x50.jpg 50w, https:\/\/www.arquimaster.com.ar\/web\/wp-content\/uploads\/2015\/04\/estilo_pilar_e_b105_9-125x125.jpg 125w\" sizes=\"auto, (max-width: 150px) 100vw, 150px\" \/><\/a>\n\t\t\t<\/div>\n\t\t\t\t<figcaption class='wp-caption-text gallery-caption' id='gallery-1-14297'>\n\t\t\t\tEspacio de decoracion B105 (Estilo Pilar 2015) \/ Isabel &#038; Magdalena Caminal\n\t\t\t\t<\/figcaption><\/figure><figure class='gallery-item'>\n\t\t\t<div class='gallery-icon portrait'>\n\t\t\t\t<a href='https:\/\/www.arquimaster.com.ar\/web\/wp-content\/uploads\/2015\/04\/estilo_pilar_e_b105_10.jpg' title=\"Espacio de decoracion B105 (Estilo Pilar 2015) \/ Isabel &amp; Magdalena Caminal\" data-rl_title=\"Espacio de decoracion B105 (Estilo Pilar 2015) \/ Isabel &amp; Magdalena Caminal\" class=\"rl-gallery-link\" data-rl_caption=\"Espacio de decoracion B105 (Estilo Pilar 2015) \/ Isabel &amp; Magdalena Caminal\" data-rel=\"lightbox-gallery-1\"><img loading=\"lazy\" decoding=\"async\" width=\"150\" height=\"150\" src=\"https:\/\/www.arquimaster.com.ar\/web\/wp-content\/uploads\/2015\/04\/estilo_pilar_e_b105_10-150x150.jpg\" class=\"attachment-thumbnail size-thumbnail\" alt=\"\" aria-describedby=\"gallery-1-14298\" srcset=\"https:\/\/www.arquimaster.com.ar\/web\/wp-content\/uploads\/2015\/04\/estilo_pilar_e_b105_10-150x150.jpg 150w, https:\/\/www.arquimaster.com.ar\/web\/wp-content\/uploads\/2015\/04\/estilo_pilar_e_b105_10-50x50.jpg 50w, https:\/\/www.arquimaster.com.ar\/web\/wp-content\/uploads\/2015\/04\/estilo_pilar_e_b105_10-125x125.jpg 125w\" sizes=\"auto, (max-width: 150px) 100vw, 150px\" \/><\/a>\n\t\t\t<\/div>\n\t\t\t\t<figcaption class='wp-caption-text gallery-caption' id='gallery-1-14298'>\n\t\t\t\tEspacio de decoracion B105 (Estilo Pilar 2015) \/ Isabel &#038; Magdalena Caminal\n\t\t\t\t<\/figcaption><\/figure><figure class='gallery-item'>\n\t\t\t<div class='gallery-icon portrait'>\n\t\t\t\t<a href='https:\/\/www.arquimaster.com.ar\/web\/wp-content\/uploads\/2015\/04\/estilo_pilar_e_b105_11.jpg' title=\"Espacio de decoracion B105 (Estilo Pilar 2015) \/ Isabel &amp; Magdalena Caminal\" data-rl_title=\"Espacio de decoracion B105 (Estilo Pilar 2015) \/ Isabel &amp; Magdalena Caminal\" class=\"rl-gallery-link\" data-rl_caption=\"Espacio de decoracion B105 (Estilo Pilar 2015) \/ Isabel &amp; Magdalena Caminal\" data-rel=\"lightbox-gallery-1\"><img loading=\"lazy\" decoding=\"async\" width=\"150\" height=\"150\" src=\"https:\/\/www.arquimaster.com.ar\/web\/wp-content\/uploads\/2015\/04\/estilo_pilar_e_b105_11-150x150.jpg\" class=\"attachment-thumbnail size-thumbnail\" alt=\"\" aria-describedby=\"gallery-1-14299\" srcset=\"https:\/\/www.arquimaster.com.ar\/web\/wp-content\/uploads\/2015\/04\/estilo_pilar_e_b105_11-150x150.jpg 150w, https:\/\/www.arquimaster.com.ar\/web\/wp-content\/uploads\/2015\/04\/estilo_pilar_e_b105_11-50x50.jpg 50w, https:\/\/www.arquimaster.com.ar\/web\/wp-content\/uploads\/2015\/04\/estilo_pilar_e_b105_11-125x125.jpg 125w\" sizes=\"auto, (max-width: 150px) 100vw, 150px\" \/><\/a>\n\t\t\t<\/div>\n\t\t\t\t<figcaption class='wp-caption-text gallery-caption' id='gallery-1-14299'>\n\t\t\t\tEspacio de decoracion B105 (Estilo Pilar 2015) \/ Isabel &#038; Magdalena Caminal\n\t\t\t\t<\/figcaption><\/figure><figure class='gallery-item'>\n\t\t\t<div class='gallery-icon landscape'>\n\t\t\t\t<a href='https:\/\/www.arquimaster.com.ar\/web\/wp-content\/uploads\/2015\/04\/estilo_pilar_e_b105_12.jpg' title=\"Espacio de decoracion B105 (Estilo Pilar 2015) \/ Isabel &amp; Magdalena Caminal\" data-rl_title=\"Espacio de decoracion B105 (Estilo Pilar 2015) \/ Isabel &amp; Magdalena Caminal\" class=\"rl-gallery-link\" data-rl_caption=\"Espacio de decoracion B105 (Estilo Pilar 2015) \/ Isabel &amp; Magdalena Caminal\" data-rel=\"lightbox-gallery-1\"><img loading=\"lazy\" decoding=\"async\" width=\"150\" height=\"150\" src=\"https:\/\/www.arquimaster.com.ar\/web\/wp-content\/uploads\/2015\/04\/estilo_pilar_e_b105_12-150x150.jpg\" class=\"attachment-thumbnail size-thumbnail\" alt=\"\" aria-describedby=\"gallery-1-14300\" srcset=\"https:\/\/www.arquimaster.com.ar\/web\/wp-content\/uploads\/2015\/04\/estilo_pilar_e_b105_12-150x150.jpg 150w, https:\/\/www.arquimaster.com.ar\/web\/wp-content\/uploads\/2015\/04\/estilo_pilar_e_b105_12-50x50.jpg 50w, https:\/\/www.arquimaster.com.ar\/web\/wp-content\/uploads\/2015\/04\/estilo_pilar_e_b105_12-125x125.jpg 125w\" sizes=\"auto, (max-width: 150px) 100vw, 150px\" \/><\/a>\n\t\t\t<\/div>\n\t\t\t\t<figcaption class='wp-caption-text gallery-caption' id='gallery-1-14300'>\n\t\t\t\tEspacio de decoracion B105 (Estilo Pilar 2015) \/ Isabel &#038; Magdalena Caminal\n\t\t\t\t<\/figcaption><\/figure><figure class='gallery-item'>\n\t\t\t<div class='gallery-icon portrait'>\n\t\t\t\t<a href='https:\/\/www.arquimaster.com.ar\/web\/wp-content\/uploads\/2015\/04\/estilo_pilar_e_b105_13.jpg' title=\"Espacio de decoracion B105 (Estilo Pilar 2015) \/ Isabel &amp; Magdalena Caminal\" data-rl_title=\"Espacio de decoracion B105 (Estilo Pilar 2015) \/ Isabel &amp; Magdalena Caminal\" class=\"rl-gallery-link\" data-rl_caption=\"Espacio de decoracion B105 (Estilo Pilar 2015) \/ Isabel &amp; Magdalena Caminal\" data-rel=\"lightbox-gallery-1\"><img loading=\"lazy\" decoding=\"async\" width=\"150\" height=\"150\" src=\"https:\/\/www.arquimaster.com.ar\/web\/wp-content\/uploads\/2015\/04\/estilo_pilar_e_b105_13-150x150.jpg\" class=\"attachment-thumbnail size-thumbnail\" alt=\"\" aria-describedby=\"gallery-1-14301\" srcset=\"https:\/\/www.arquimaster.com.ar\/web\/wp-content\/uploads\/2015\/04\/estilo_pilar_e_b105_13-150x150.jpg 150w, https:\/\/www.arquimaster.com.ar\/web\/wp-content\/uploads\/2015\/04\/estilo_pilar_e_b105_13-50x50.jpg 50w, https:\/\/www.arquimaster.com.ar\/web\/wp-content\/uploads\/2015\/04\/estilo_pilar_e_b105_13-125x125.jpg 125w\" sizes=\"auto, (max-width: 150px) 100vw, 150px\" \/><\/a>\n\t\t\t<\/div>\n\t\t\t\t<figcaption class='wp-caption-text gallery-caption' id='gallery-1-14301'>\n\t\t\t\tEspacio de decoracion B105 (Estilo Pilar 2015) \/ Isabel &#038; Magdalena Caminal\n\t\t\t\t<\/figcaption><\/figure><figure class='gallery-item'>\n\t\t\t<div class='gallery-icon landscape'>\n\t\t\t\t<a href='https:\/\/www.arquimaster.com.ar\/web\/wp-content\/uploads\/2015\/04\/estilo_pilar_e_b105_16.jpg' title=\"Espacio de decoracion B105 (Estilo Pilar 2015) \/ Isabel &amp; Magdalena Caminal\" data-rl_title=\"Espacio de decoracion B105 (Estilo Pilar 2015) \/ Isabel &amp; Magdalena Caminal\" class=\"rl-gallery-link\" data-rl_caption=\"Espacio de decoracion B105 (Estilo Pilar 2015) \/ Isabel &amp; Magdalena Caminal\" data-rel=\"lightbox-gallery-1\"><img loading=\"lazy\" decoding=\"async\" width=\"150\" height=\"150\" src=\"https:\/\/www.arquimaster.com.ar\/web\/wp-content\/uploads\/2015\/04\/estilo_pilar_e_b105_16-150x150.jpg\" class=\"attachment-thumbnail size-thumbnail\" alt=\"\" aria-describedby=\"gallery-1-14304\" srcset=\"https:\/\/www.arquimaster.com.ar\/web\/wp-content\/uploads\/2015\/04\/estilo_pilar_e_b105_16-150x150.jpg 150w, https:\/\/www.arquimaster.com.ar\/web\/wp-content\/uploads\/2015\/04\/estilo_pilar_e_b105_16-50x50.jpg 50w, https:\/\/www.arquimaster.com.ar\/web\/wp-content\/uploads\/2015\/04\/estilo_pilar_e_b105_16-125x125.jpg 125w\" sizes=\"auto, (max-width: 150px) 100vw, 150px\" \/><\/a>\n\t\t\t<\/div>\n\t\t\t\t<figcaption class='wp-caption-text gallery-caption' id='gallery-1-14304'>\n\t\t\t\tEspacio de decoracion B105 (Estilo Pilar 2015) \/ Isabel &#038; Magdalena Caminal\n\t\t\t\t<\/figcaption><\/figure><figure class='gallery-item'>\n\t\t\t<div class='gallery-icon landscape'>\n\t\t\t\t<a href='https:\/\/www.arquimaster.com.ar\/web\/wp-content\/uploads\/2015\/04\/estilo_pilar_e_b105_17.jpg' title=\"Espacio de decoracion B105 (Estilo Pilar 2015) \/ Isabel &amp; Magdalena Caminal\" data-rl_title=\"Espacio de decoracion B105 (Estilo Pilar 2015) \/ Isabel &amp; Magdalena Caminal\" class=\"rl-gallery-link\" data-rl_caption=\"Espacio de decoracion B105 (Estilo Pilar 2015) \/ Isabel &amp; Magdalena Caminal\" data-rel=\"lightbox-gallery-1\"><img loading=\"lazy\" decoding=\"async\" width=\"150\" height=\"150\" src=\"https:\/\/www.arquimaster.com.ar\/web\/wp-content\/uploads\/2015\/04\/estilo_pilar_e_b105_17-150x150.jpg\" class=\"attachment-thumbnail size-thumbnail\" alt=\"\" aria-describedby=\"gallery-1-14305\" srcset=\"https:\/\/www.arquimaster.com.ar\/web\/wp-content\/uploads\/2015\/04\/estilo_pilar_e_b105_17-150x150.jpg 150w, https:\/\/www.arquimaster.com.ar\/web\/wp-content\/uploads\/2015\/04\/estilo_pilar_e_b105_17-50x50.jpg 50w, https:\/\/www.arquimaster.com.ar\/web\/wp-content\/uploads\/2015\/04\/estilo_pilar_e_b105_17-125x125.jpg 125w\" sizes=\"auto, (max-width: 150px) 100vw, 150px\" \/><\/a>\n\t\t\t<\/div>\n\t\t\t\t<figcaption class='wp-caption-text gallery-caption' id='gallery-1-14305'>\n\t\t\t\tEspacio de decoracion B105 (Estilo Pilar 2015) \/ Isabel &#038; Magdalena Caminal\n\t\t\t\t<\/figcaption><\/figure><figure class='gallery-item'>\n\t\t\t<div class='gallery-icon portrait'>\n\t\t\t\t<a href='https:\/\/www.arquimaster.com.ar\/web\/wp-content\/uploads\/2015\/04\/estilo_pilar_e_b105_14.jpg' title=\"Espacio de decoracion B105 (Estilo Pilar 2015) \/ Isabel &amp; Magdalena Caminal\" data-rl_title=\"Espacio de decoracion B105 (Estilo Pilar 2015) \/ Isabel &amp; Magdalena Caminal\" class=\"rl-gallery-link\" data-rl_caption=\"Espacio de decoracion B105 (Estilo Pilar 2015) \/ Isabel &amp; Magdalena Caminal\" data-rel=\"lightbox-gallery-1\"><img loading=\"lazy\" decoding=\"async\" width=\"150\" height=\"150\" src=\"https:\/\/www.arquimaster.com.ar\/web\/wp-content\/uploads\/2015\/04\/estilo_pilar_e_b105_14-150x150.jpg\" class=\"attachment-thumbnail size-thumbnail\" alt=\"\" aria-describedby=\"gallery-1-14302\" srcset=\"https:\/\/www.arquimaster.com.ar\/web\/wp-content\/uploads\/2015\/04\/estilo_pilar_e_b105_14-150x150.jpg 150w, https:\/\/www.arquimaster.com.ar\/web\/wp-content\/uploads\/2015\/04\/estilo_pilar_e_b105_14-50x50.jpg 50w, https:\/\/www.arquimaster.com.ar\/web\/wp-content\/uploads\/2015\/04\/estilo_pilar_e_b105_14-125x125.jpg 125w\" sizes=\"auto, (max-width: 150px) 100vw, 150px\" \/><\/a>\n\t\t\t<\/div>\n\t\t\t\t<figcaption class='wp-caption-text gallery-caption' id='gallery-1-14302'>\n\t\t\t\tEspacio de decoracion B105 (Estilo Pilar 2015) \/ Isabel &#038; Magdalena Caminal\n\t\t\t\t<\/figcaption><\/figure><figure class='gallery-item'>\n\t\t\t<div class='gallery-icon portrait'>\n\t\t\t\t<a href='https:\/\/www.arquimaster.com.ar\/web\/wp-content\/uploads\/2015\/04\/estilo_pilar_e_b105_15.jpg' title=\"Espacio de decoracion B105 (Estilo Pilar 2015) \/ Isabel &amp; Magdalena Caminal\" data-rl_title=\"Espacio de decoracion B105 (Estilo Pilar 2015) \/ Isabel &amp; Magdalena Caminal\" class=\"rl-gallery-link\" data-rl_caption=\"Espacio de decoracion B105 (Estilo Pilar 2015) \/ Isabel &amp; Magdalena Caminal\" data-rel=\"lightbox-gallery-1\"><img loading=\"lazy\" decoding=\"async\" width=\"150\" height=\"150\" src=\"https:\/\/www.arquimaster.com.ar\/web\/wp-content\/uploads\/2015\/04\/estilo_pilar_e_b105_15-150x150.jpg\" class=\"attachment-thumbnail size-thumbnail\" alt=\"\" aria-describedby=\"gallery-1-14303\" srcset=\"https:\/\/www.arquimaster.com.ar\/web\/wp-content\/uploads\/2015\/04\/estilo_pilar_e_b105_15-150x150.jpg 150w, https:\/\/www.arquimaster.com.ar\/web\/wp-content\/uploads\/2015\/04\/estilo_pilar_e_b105_15-50x50.jpg 50w, https:\/\/www.arquimaster.com.ar\/web\/wp-content\/uploads\/2015\/04\/estilo_pilar_e_b105_15-125x125.jpg 125w\" sizes=\"auto, (max-width: 150px) 100vw, 150px\" \/><\/a>\n\t\t\t<\/div>\n\t\t\t\t<figcaption class='wp-caption-text gallery-caption' id='gallery-1-14303'>\n\t\t\t\tEspacio de decoracion B105 (Estilo Pilar 2015) \/ Isabel &#038; Magdalena Caminal\n\t\t\t\t<\/figcaption><\/figure><figure class='gallery-item'>\n\t\t\t<div class='gallery-icon portrait'>\n\t\t\t\t<a href='https:\/\/www.arquimaster.com.ar\/web\/wp-content\/uploads\/2015\/04\/estilo_pilar_e_b105_18.jpg' title=\"Espacio de decoracion B105 (Estilo Pilar 2015) \/ Isabel &amp; Magdalena Caminal\" data-rl_title=\"Espacio de decoracion B105 (Estilo Pilar 2015) \/ Isabel &amp; Magdalena Caminal\" class=\"rl-gallery-link\" data-rl_caption=\"Espacio de decoracion B105 (Estilo Pilar 2015) \/ Isabel &amp; Magdalena Caminal\" data-rel=\"lightbox-gallery-1\"><img loading=\"lazy\" decoding=\"async\" width=\"150\" height=\"150\" src=\"https:\/\/www.arquimaster.com.ar\/web\/wp-content\/uploads\/2015\/04\/estilo_pilar_e_b105_18-150x150.jpg\" class=\"attachment-thumbnail size-thumbnail\" alt=\"\" aria-describedby=\"gallery-1-14306\" srcset=\"https:\/\/www.arquimaster.com.ar\/web\/wp-content\/uploads\/2015\/04\/estilo_pilar_e_b105_18-150x150.jpg 150w, https:\/\/www.arquimaster.com.ar\/web\/wp-content\/uploads\/2015\/04\/estilo_pilar_e_b105_18-50x50.jpg 50w, https:\/\/www.arquimaster.com.ar\/web\/wp-content\/uploads\/2015\/04\/estilo_pilar_e_b105_18-125x125.jpg 125w\" sizes=\"auto, (max-width: 150px) 100vw, 150px\" \/><\/a>\n\t\t\t<\/div>\n\t\t\t\t<figcaption class='wp-caption-text gallery-caption' id='gallery-1-14306'>\n\t\t\t\tEspacio de decoracion B105 (Estilo Pilar 2015) \/ Isabel &#038; Magdalena Caminal\n\t\t\t\t<\/figcaption><\/figure>\n\t\t<\/div>\n\n<p>Se trata de un\u00a0departamento para un polista de 6 de handycap soltero que acaba de ganar su primera copa importante y su sue\u00f1o es viajar, llegar a ser un 10 de handycap.<\/p>\n<p>Le gustan los materiales simples, nobles que sean c\u00f3modos a la vez\u00a0para poder invitar y disfrutar su lugar.<\/p>\n<p><strong>Premios<\/strong><br \/>\nEspacio ganador Premio Estilo Pilar 2015 a la mejor definici\u00f3n del Estilo<\/p>\n<p><strong>Acerca de Estilo Pilar 2015<\/strong><br \/>\nLa 13\u00ba edici\u00f3n de la muestra de decoraci\u00f3n, arte y paisajismo esta organizada por la Asociaci\u00f3n Amigos del Pilar y abrira sus puertas hasta el 12 de abril de 2015 en Bouquet, Residencias Exclusivas. En esta edici\u00f3n, bajo el leitmotiv \u00abViv\u00ed tu sue\u00f1o\u00bb, cada expositor presenta su espacio inspirado en el interrogante \u00bfCu\u00e1l es tu sue\u00f1o?. En total son 150 expositores que develan al p\u00fablico sus sue\u00f1os, sus deseos, y que a su vez invitan a experimentar los m\u00e1s intensos espacios.<\/p>\n<p>Fotos cortesia de Estilo Pilar 2015<\/p>\n\n<div style=\"font-size: 0px; height: 0px; line-height: 0px; margin: 0; padding: 0; clear: both;\"><\/div><div style=\"margin-top: 0px; margin-bottom: 0px;\" class=\"sharethis-inline-share-buttons\" ><\/div>","protected":false},"excerpt":{"rendered":"<p>Espacio pensado para un polista, con materiales simples y nobles&#8230;<\/p>\n","protected":false},"author":1,"featured_media":14288,"comment_status":"closed","ping_status":"closed","sticky":false,"template":"","format":"standard","meta":{"_uag_custom_page_level_css":"","footnotes":""},"categories":[55,3246],"tags":[37,708,3168,3263,3264,1108],"class_list":["post-14287","post","type-post","status-publish","format-standard","has-post-thumbnail","hentry","category-diseno","category-estilo-pilar-2015","tag-decoracion","tag-estilo-pilar","tag-estilo-pilar-edicion-2015","tag-isabel-caminal","tag-magdalena-caminal","tag-muestras","generate-columns","tablet-grid-50","mobile-grid-100","grid-parent","grid-50"],"yoast_head":"<!-- This site is optimized with the Yoast SEO plugin v27.3 - https:\/\/yoast.com\/product\/yoast-seo-wordpress\/ -->\n<title>Espacio de decoracion B105 (Estilo Pilar 2015) \/ Isabel &amp; Magdalena Caminal - Arquimaster<\/title>\n<meta name=\"robots\" content=\"index, follow, max-snippet:-1, max-image-preview:large, max-video-preview:-1\" \/>\n<link rel=\"canonical\" href=\"https:\/\/www.arquimaster.com.ar\/web\/espacio-de-decoracion-b105-estilo-pilar-2015-isabel-magdalena-caminal\/\" \/>\n<meta property=\"og:locale\" content=\"es_ES\" \/>\n<meta property=\"og:type\" content=\"article\" \/>\n<meta property=\"og:title\" content=\"Espacio de decoracion B105 (Estilo Pilar 2015) \/ Isabel &amp; Magdalena Caminal - Arquimaster\" \/>\n<meta property=\"og:description\" content=\"Espacio pensado para un polista, con materiales simples y nobles...\" \/>\n<meta property=\"og:url\" content=\"https:\/\/www.arquimaster.com.ar\/web\/espacio-de-decoracion-b105-estilo-pilar-2015-isabel-magdalena-caminal\/\" \/>\n<meta property=\"og:site_name\" content=\"Arquimaster\" \/>\n<meta property=\"article:publisher\" content=\"http:\/\/www.facebook.com\/ARQUIMASTER.com.ar\" \/>\n<meta property=\"article:published_time\" content=\"2015-04-11T16:00:50+00:00\" \/>\n<meta property=\"article:modified_time\" content=\"2015-04-11T17:08:17+00:00\" \/>\n<meta property=\"og:image\" content=\"https:\/\/www.arquimaster.com.ar\/web\/wp-content\/uploads\/2015\/04\/estilo_pilar_e_b105_slide.jpg\" \/>\n\t<meta property=\"og:image:width\" content=\"642\" \/>\n\t<meta property=\"og:image:height\" content=\"336\" \/>\n\t<meta property=\"og:image:type\" content=\"image\/jpeg\" \/>\n<meta name=\"author\" content=\"Arquimaster\" \/>\n<meta name=\"twitter:card\" content=\"summary_large_image\" \/>\n<meta name=\"twitter:creator\" content=\"@arquimaster\" \/>\n<meta name=\"twitter:site\" content=\"@arquimaster\" \/>\n<meta name=\"twitter:label1\" content=\"Escrito por\" \/>\n\t<meta name=\"twitter:data1\" content=\"Arquimaster\" \/>\n\t<meta name=\"twitter:label2\" content=\"Tiempo de lectura\" \/>\n\t<meta name=\"twitter:data2\" content=\"1 minuto\" \/>\n<script type=\"application\/ld+json\" class=\"yoast-schema-graph\">{\"@context\":\"https:\\\/\\\/schema.org\",\"@graph\":[{\"@type\":\"Article\",\"@id\":\"https:\\\/\\\/www.arquimaster.com.ar\\\/web\\\/espacio-de-decoracion-b105-estilo-pilar-2015-isabel-magdalena-caminal\\\/#article\",\"isPartOf\":{\"@id\":\"https:\\\/\\\/www.arquimaster.com.ar\\\/web\\\/espacio-de-decoracion-b105-estilo-pilar-2015-isabel-magdalena-caminal\\\/\"},\"author\":{\"name\":\"Arquimaster\",\"@id\":\"https:\\\/\\\/www.arquimaster.com.ar\\\/web\\\/#\\\/schema\\\/person\\\/359e9f7c00193fcde068e0dd2ceb0028\"},\"headline\":\"Espacio de decoracion B105 (Estilo Pilar 2015) \\\/ Isabel &#038; Magdalena Caminal\",\"datePublished\":\"2015-04-11T16:00:50+00:00\",\"dateModified\":\"2015-04-11T17:08:17+00:00\",\"mainEntityOfPage\":{\"@id\":\"https:\\\/\\\/www.arquimaster.com.ar\\\/web\\\/espacio-de-decoracion-b105-estilo-pilar-2015-isabel-magdalena-caminal\\\/\"},\"wordCount\":201,\"publisher\":{\"@id\":\"https:\\\/\\\/www.arquimaster.com.ar\\\/web\\\/#organization\"},\"image\":{\"@id\":\"https:\\\/\\\/www.arquimaster.com.ar\\\/web\\\/espacio-de-decoracion-b105-estilo-pilar-2015-isabel-magdalena-caminal\\\/#primaryimage\"},\"thumbnailUrl\":\"https:\\\/\\\/www.arquimaster.com.ar\\\/web\\\/wp-content\\\/uploads\\\/2015\\\/04\\\/estilo_pilar_e_b105_slide.jpg\",\"keywords\":[\"decoracion\",\"Estilo Pilar\",\"Estilo Pilar 2015\",\"Isabel Caminal\",\"Magdalena Caminal\",\"muestras\"],\"articleSection\":[\"Dise\u00f1o\",\"Estilo Pilar 2015\"],\"inLanguage\":\"es\"},{\"@type\":\"WebPage\",\"@id\":\"https:\\\/\\\/www.arquimaster.com.ar\\\/web\\\/espacio-de-decoracion-b105-estilo-pilar-2015-isabel-magdalena-caminal\\\/\",\"url\":\"https:\\\/\\\/www.arquimaster.com.ar\\\/web\\\/espacio-de-decoracion-b105-estilo-pilar-2015-isabel-magdalena-caminal\\\/\",\"name\":\"Espacio de decoracion B105 (Estilo Pilar 2015) \\\/ Isabel & Magdalena Caminal - Arquimaster\",\"isPartOf\":{\"@id\":\"https:\\\/\\\/www.arquimaster.com.ar\\\/web\\\/#website\"},\"primaryImageOfPage\":{\"@id\":\"https:\\\/\\\/www.arquimaster.com.ar\\\/web\\\/espacio-de-decoracion-b105-estilo-pilar-2015-isabel-magdalena-caminal\\\/#primaryimage\"},\"image\":{\"@id\":\"https:\\\/\\\/www.arquimaster.com.ar\\\/web\\\/espacio-de-decoracion-b105-estilo-pilar-2015-isabel-magdalena-caminal\\\/#primaryimage\"},\"thumbnailUrl\":\"https:\\\/\\\/www.arquimaster.com.ar\\\/web\\\/wp-content\\\/uploads\\\/2015\\\/04\\\/estilo_pilar_e_b105_slide.jpg\",\"datePublished\":\"2015-04-11T16:00:50+00:00\",\"dateModified\":\"2015-04-11T17:08:17+00:00\",\"breadcrumb\":{\"@id\":\"https:\\\/\\\/www.arquimaster.com.ar\\\/web\\\/espacio-de-decoracion-b105-estilo-pilar-2015-isabel-magdalena-caminal\\\/#breadcrumb\"},\"inLanguage\":\"es\",\"potentialAction\":[{\"@type\":\"ReadAction\",\"target\":[\"https:\\\/\\\/www.arquimaster.com.ar\\\/web\\\/espacio-de-decoracion-b105-estilo-pilar-2015-isabel-magdalena-caminal\\\/\"]}]},{\"@type\":\"ImageObject\",\"inLanguage\":\"es\",\"@id\":\"https:\\\/\\\/www.arquimaster.com.ar\\\/web\\\/espacio-de-decoracion-b105-estilo-pilar-2015-isabel-magdalena-caminal\\\/#primaryimage\",\"url\":\"https:\\\/\\\/www.arquimaster.com.ar\\\/web\\\/wp-content\\\/uploads\\\/2015\\\/04\\\/estilo_pilar_e_b105_slide.jpg\",\"contentUrl\":\"https:\\\/\\\/www.arquimaster.com.ar\\\/web\\\/wp-content\\\/uploads\\\/2015\\\/04\\\/estilo_pilar_e_b105_slide.jpg\",\"width\":642,\"height\":336},{\"@type\":\"BreadcrumbList\",\"@id\":\"https:\\\/\\\/www.arquimaster.com.ar\\\/web\\\/espacio-de-decoracion-b105-estilo-pilar-2015-isabel-magdalena-caminal\\\/#breadcrumb\",\"itemListElement\":[{\"@type\":\"ListItem\",\"position\":1,\"name\":\"Portada\",\"item\":\"https:\\\/\\\/www.arquimaster.com.ar\\\/web\\\/\"},{\"@type\":\"ListItem\",\"position\":2,\"name\":\"Espacio de decoracion B105 (Estilo Pilar 2015) \\\/ Isabel &#038; Magdalena Caminal\"}]},{\"@type\":\"WebSite\",\"@id\":\"https:\\\/\\\/www.arquimaster.com.ar\\\/web\\\/#website\",\"url\":\"https:\\\/\\\/www.arquimaster.com.ar\\\/web\\\/\",\"name\":\"Arquimaster\",\"description\":\"Web de arquitectura, dise\u00f1o y construccion\",\"publisher\":{\"@id\":\"https:\\\/\\\/www.arquimaster.com.ar\\\/web\\\/#organization\"},\"potentialAction\":[{\"@type\":\"SearchAction\",\"target\":{\"@type\":\"EntryPoint\",\"urlTemplate\":\"https:\\\/\\\/www.arquimaster.com.ar\\\/web\\\/?s={search_term_string}\"},\"query-input\":{\"@type\":\"PropertyValueSpecification\",\"valueRequired\":true,\"valueName\":\"search_term_string\"}}],\"inLanguage\":\"es\"},{\"@type\":\"Organization\",\"@id\":\"https:\\\/\\\/www.arquimaster.com.ar\\\/web\\\/#organization\",\"name\":\"Arquimaster\",\"url\":\"https:\\\/\\\/www.arquimaster.com.ar\\\/web\\\/\",\"logo\":{\"@type\":\"ImageObject\",\"inLanguage\":\"es\",\"@id\":\"https:\\\/\\\/www.arquimaster.com.ar\\\/web\\\/#\\\/schema\\\/logo\\\/image\\\/\",\"url\":\"https:\\\/\\\/www.arquimaster.com.ar\\\/web\\\/wp-content\\\/uploads\\\/2022\\\/06\\\/arquimaster.png\",\"contentUrl\":\"https:\\\/\\\/www.arquimaster.com.ar\\\/web\\\/wp-content\\\/uploads\\\/2022\\\/06\\\/arquimaster.png\",\"width\":594,\"height\":78,\"caption\":\"Arquimaster\"},\"image\":{\"@id\":\"https:\\\/\\\/www.arquimaster.com.ar\\\/web\\\/#\\\/schema\\\/logo\\\/image\\\/\"},\"sameAs\":[\"http:\\\/\\\/www.facebook.com\\\/ARQUIMASTER.com.ar\",\"https:\\\/\\\/x.com\\\/arquimaster\",\"https:\\\/\\\/www.instagram.com\\\/arquimasterblog\\\/\",\"https:\\\/\\\/www.linkedin.com\\\/company\\\/arquimaster\",\"https:\\\/\\\/www.pinterest.com\\\/arquimaster\",\"https:\\\/\\\/t.me\\\/arquimaster\"]},{\"@type\":\"Person\",\"@id\":\"https:\\\/\\\/www.arquimaster.com.ar\\\/web\\\/#\\\/schema\\\/person\\\/359e9f7c00193fcde068e0dd2ceb0028\",\"name\":\"Arquimaster\"}]}<\/script>\n<!-- \/ Yoast SEO plugin. -->","yoast_head_json":{"title":"Espacio de decoracion B105 (Estilo Pilar 2015) \/ Isabel & Magdalena Caminal - Arquimaster","robots":{"index":"index","follow":"follow","max-snippet":"max-snippet:-1","max-image-preview":"max-image-preview:large","max-video-preview":"max-video-preview:-1"},"canonical":"https:\/\/www.arquimaster.com.ar\/web\/espacio-de-decoracion-b105-estilo-pilar-2015-isabel-magdalena-caminal\/","og_locale":"es_ES","og_type":"article","og_title":"Espacio de decoracion B105 (Estilo Pilar 2015) \/ Isabel & Magdalena Caminal - Arquimaster","og_description":"Espacio pensado para un polista, con materiales simples y nobles...","og_url":"https:\/\/www.arquimaster.com.ar\/web\/espacio-de-decoracion-b105-estilo-pilar-2015-isabel-magdalena-caminal\/","og_site_name":"Arquimaster","article_publisher":"http:\/\/www.facebook.com\/ARQUIMASTER.com.ar","article_published_time":"2015-04-11T16:00:50+00:00","article_modified_time":"2015-04-11T17:08:17+00:00","og_image":[{"width":642,"height":336,"url":"https:\/\/www.arquimaster.com.ar\/web\/wp-content\/uploads\/2015\/04\/estilo_pilar_e_b105_slide.jpg","type":"image\/jpeg"}],"author":"Arquimaster","twitter_card":"summary_large_image","twitter_creator":"@arquimaster","twitter_site":"@arquimaster","twitter_misc":{"Escrito por":"Arquimaster","Tiempo de lectura":"1 minuto"},"schema":{"@context":"https:\/\/schema.org","@graph":[{"@type":"Article","@id":"https:\/\/www.arquimaster.com.ar\/web\/espacio-de-decoracion-b105-estilo-pilar-2015-isabel-magdalena-caminal\/#article","isPartOf":{"@id":"https:\/\/www.arquimaster.com.ar\/web\/espacio-de-decoracion-b105-estilo-pilar-2015-isabel-magdalena-caminal\/"},"author":{"name":"Arquimaster","@id":"https:\/\/www.arquimaster.com.ar\/web\/#\/schema\/person\/359e9f7c00193fcde068e0dd2ceb0028"},"headline":"Espacio de decoracion B105 (Estilo Pilar 2015) \/ Isabel &#038; Magdalena Caminal","datePublished":"2015-04-11T16:00:50+00:00","dateModified":"2015-04-11T17:08:17+00:00","mainEntityOfPage":{"@id":"https:\/\/www.arquimaster.com.ar\/web\/espacio-de-decoracion-b105-estilo-pilar-2015-isabel-magdalena-caminal\/"},"wordCount":201,"publisher":{"@id":"https:\/\/www.arquimaster.com.ar\/web\/#organization"},"image":{"@id":"https:\/\/www.arquimaster.com.ar\/web\/espacio-de-decoracion-b105-estilo-pilar-2015-isabel-magdalena-caminal\/#primaryimage"},"thumbnailUrl":"https:\/\/www.arquimaster.com.ar\/web\/wp-content\/uploads\/2015\/04\/estilo_pilar_e_b105_slide.jpg","keywords":["decoracion","Estilo Pilar","Estilo Pilar 2015","Isabel Caminal","Magdalena Caminal","muestras"],"articleSection":["Dise\u00f1o","Estilo Pilar 2015"],"inLanguage":"es"},{"@type":"WebPage","@id":"https:\/\/www.arquimaster.com.ar\/web\/espacio-de-decoracion-b105-estilo-pilar-2015-isabel-magdalena-caminal\/","url":"https:\/\/www.arquimaster.com.ar\/web\/espacio-de-decoracion-b105-estilo-pilar-2015-isabel-magdalena-caminal\/","name":"Espacio de decoracion B105 (Estilo Pilar 2015) \/ Isabel & Magdalena Caminal - Arquimaster","isPartOf":{"@id":"https:\/\/www.arquimaster.com.ar\/web\/#website"},"primaryImageOfPage":{"@id":"https:\/\/www.arquimaster.com.ar\/web\/espacio-de-decoracion-b105-estilo-pilar-2015-isabel-magdalena-caminal\/#primaryimage"},"image":{"@id":"https:\/\/www.arquimaster.com.ar\/web\/espacio-de-decoracion-b105-estilo-pilar-2015-isabel-magdalena-caminal\/#primaryimage"},"thumbnailUrl":"https:\/\/www.arquimaster.com.ar\/web\/wp-content\/uploads\/2015\/04\/estilo_pilar_e_b105_slide.jpg","datePublished":"2015-04-11T16:00:50+00:00","dateModified":"2015-04-11T17:08:17+00:00","breadcrumb":{"@id":"https:\/\/www.arquimaster.com.ar\/web\/espacio-de-decoracion-b105-estilo-pilar-2015-isabel-magdalena-caminal\/#breadcrumb"},"inLanguage":"es","potentialAction":[{"@type":"ReadAction","target":["https:\/\/www.arquimaster.com.ar\/web\/espacio-de-decoracion-b105-estilo-pilar-2015-isabel-magdalena-caminal\/"]}]},{"@type":"ImageObject","inLanguage":"es","@id":"https:\/\/www.arquimaster.com.ar\/web\/espacio-de-decoracion-b105-estilo-pilar-2015-isabel-magdalena-caminal\/#primaryimage","url":"https:\/\/www.arquimaster.com.ar\/web\/wp-content\/uploads\/2015\/04\/estilo_pilar_e_b105_slide.jpg","contentUrl":"https:\/\/www.arquimaster.com.ar\/web\/wp-content\/uploads\/2015\/04\/estilo_pilar_e_b105_slide.jpg","width":642,"height":336},{"@type":"BreadcrumbList","@id":"https:\/\/www.arquimaster.com.ar\/web\/espacio-de-decoracion-b105-estilo-pilar-2015-isabel-magdalena-caminal\/#breadcrumb","itemListElement":[{"@type":"ListItem","position":1,"name":"Portada","item":"https:\/\/www.arquimaster.com.ar\/web\/"},{"@type":"ListItem","position":2,"name":"Espacio de decoracion B105 (Estilo Pilar 2015) \/ Isabel &#038; Magdalena Caminal"}]},{"@type":"WebSite","@id":"https:\/\/www.arquimaster.com.ar\/web\/#website","url":"https:\/\/www.arquimaster.com.ar\/web\/","name":"Arquimaster","description":"Web de arquitectura, dise\u00f1o y construccion","publisher":{"@id":"https:\/\/www.arquimaster.com.ar\/web\/#organization"},"potentialAction":[{"@type":"SearchAction","target":{"@type":"EntryPoint","urlTemplate":"https:\/\/www.arquimaster.com.ar\/web\/?s={search_term_string}"},"query-input":{"@type":"PropertyValueSpecification","valueRequired":true,"valueName":"search_term_string"}}],"inLanguage":"es"},{"@type":"Organization","@id":"https:\/\/www.arquimaster.com.ar\/web\/#organization","name":"Arquimaster","url":"https:\/\/www.arquimaster.com.ar\/web\/","logo":{"@type":"ImageObject","inLanguage":"es","@id":"https:\/\/www.arquimaster.com.ar\/web\/#\/schema\/logo\/image\/","url":"https:\/\/www.arquimaster.com.ar\/web\/wp-content\/uploads\/2022\/06\/arquimaster.png","contentUrl":"https:\/\/www.arquimaster.com.ar\/web\/wp-content\/uploads\/2022\/06\/arquimaster.png","width":594,"height":78,"caption":"Arquimaster"},"image":{"@id":"https:\/\/www.arquimaster.com.ar\/web\/#\/schema\/logo\/image\/"},"sameAs":["http:\/\/www.facebook.com\/ARQUIMASTER.com.ar","https:\/\/x.com\/arquimaster","https:\/\/www.instagram.com\/arquimasterblog\/","https:\/\/www.linkedin.com\/company\/arquimaster","https:\/\/www.pinterest.com\/arquimaster","https:\/\/t.me\/arquimaster"]},{"@type":"Person","@id":"https:\/\/www.arquimaster.com.ar\/web\/#\/schema\/person\/359e9f7c00193fcde068e0dd2ceb0028","name":"Arquimaster"}]}},"uagb_featured_image_src":{"full":["https:\/\/www.arquimaster.com.ar\/web\/wp-content\/uploads\/2015\/04\/estilo_pilar_e_b105_slide.jpg",642,336,false],"thumbnail":["https:\/\/www.arquimaster.com.ar\/web\/wp-content\/uploads\/2015\/04\/estilo_pilar_e_b105_slide-150x150.jpg",150,150,true],"medium":["https:\/\/www.arquimaster.com.ar\/web\/wp-content\/uploads\/2015\/04\/estilo_pilar_e_b105_slide-573x300.jpg",573,300,true],"medium_large":["https:\/\/www.arquimaster.com.ar\/web\/wp-content\/uploads\/2015\/04\/estilo_pilar_e_b105_slide.jpg",642,336,false],"large":["https:\/\/www.arquimaster.com.ar\/web\/wp-content\/uploads\/2015\/04\/estilo_pilar_e_b105_slide.jpg",642,336,false],"1536x1536":["https:\/\/www.arquimaster.com.ar\/web\/wp-content\/uploads\/2015\/04\/estilo_pilar_e_b105_slide.jpg",642,336,false],"2048x2048":["https:\/\/www.arquimaster.com.ar\/web\/wp-content\/uploads\/2015\/04\/estilo_pilar_e_b105_slide.jpg",642,336,false]},"uagb_author_info":{"display_name":"Arquimaster","author_link":"https:\/\/www.arquimaster.com.ar\/web\/author\/arquimaster\/"},"uagb_comment_info":0,"uagb_excerpt":"Espacio pensado para un polista, con materiales simples y nobles...","_links":{"self":[{"href":"https:\/\/www.arquimaster.com.ar\/web\/wp-json\/wp\/v2\/posts\/14287","targetHints":{"allow":["GET"]}}],"collection":[{"href":"https:\/\/www.arquimaster.com.ar\/web\/wp-json\/wp\/v2\/posts"}],"about":[{"href":"https:\/\/www.arquimaster.com.ar\/web\/wp-json\/wp\/v2\/types\/post"}],"author":[{"embeddable":true,"href":"https:\/\/www.arquimaster.com.ar\/web\/wp-json\/wp\/v2\/users\/1"}],"replies":[{"embeddable":true,"href":"https:\/\/www.arquimaster.com.ar\/web\/wp-json\/wp\/v2\/comments?post=14287"}],"version-history":[{"count":0,"href":"https:\/\/www.arquimaster.com.ar\/web\/wp-json\/wp\/v2\/posts\/14287\/revisions"}],"wp:featuredmedia":[{"embeddable":true,"href":"https:\/\/www.arquimaster.com.ar\/web\/wp-json\/wp\/v2\/media\/14288"}],"wp:attachment":[{"href":"https:\/\/www.arquimaster.com.ar\/web\/wp-json\/wp\/v2\/media?parent=14287"}],"wp:term":[{"taxonomy":"category","embeddable":true,"href":"https:\/\/www.arquimaster.com.ar\/web\/wp-json\/wp\/v2\/categories?post=14287"},{"taxonomy":"post_tag","embeddable":true,"href":"https:\/\/www.arquimaster.com.ar\/web\/wp-json\/wp\/v2\/tags?post=14287"}],"curies":[{"name":"wp","href":"https:\/\/api.w.org\/{rel}","templated":true}]}}