{"id":14425,"date":"2015-04-13T23:00:42","date_gmt":"2015-04-13T23:00:42","guid":{"rendered":"http:\/\/www.arquimaster.com.ar\/web\/?p=14425"},"modified":"2015-04-13T20:55:36","modified_gmt":"2015-04-13T20:55:36","slug":"nest-house-gerardo-ars-arquitectura","status":"publish","type":"post","link":"https:\/\/www.arquimaster.com.ar\/web\/nest-house-gerardo-ars-arquitectura\/","title":{"rendered":"Nest House \/ Gerardo Ars Arquitectura"},"content":{"rendered":"<div style=\"margin-top: 0px; margin-bottom: 0px;\" class=\"sharethis-inline-share-buttons\" ><\/div><div class=\"b812932af2e751442846f039925109de\" data-index=\"1\" style=\"float: none; margin:25px 0 25px 0; text-align:center;\">\n<script async src=\"https:\/\/pagead2.googlesyndication.com\/pagead\/js\/adsbygoogle.js\"><\/script>\r\n<!-- Arquimaster (superior) -->\r\n<ins class=\"adsbygoogle\"\r\n     style=\"display:block\"\r\n     data-ad-client=\"ca-pub-6351072698456832\"\r\n     data-ad-slot=\"6455489680\"\r\n     data-ad-format=\"auto\"\r\n     data-full-width-responsive=\"true\"><\/ins>\r\n<script>\r\n     (adsbygoogle = window.adsbygoogle || []).push({});\r\n<\/script>\n<\/div>\n<p><strong>Nest House<\/strong> (Alvarado, Veracruz, Mexico) por <strong>Gerardo Ars Arquitectura<\/strong>. La casa esta localizada en una zona alta de un fraccionamiento privado con una vista excepcional hacia el golfo de M\u00e9xico en el municipio de Alvarado, Veracruz, Mexico.<\/p>\n<div id='gallery-1' class='gallery galleryid-14425 gallery-columns-3 gallery-size-thumbnail'><figure class='gallery-item'>\n\t\t\t<div class='gallery-icon landscape'>\n\t\t\t\t<a href='https:\/\/www.arquimaster.com.ar\/web\/wp-content\/uploads\/2015\/04\/nest_house1.jpg' title=\"Nest House \/ Gerardo Ars Arquitectura (\u00a9 Gerardo Robles)\" data-rl_title=\"Nest House \/ Gerardo Ars Arquitectura (\u00a9 Gerardo Robles)\" class=\"rl-gallery-link\" data-rl_caption=\"Nest House \/ Gerardo Ars Arquitectura (\u00a9 Gerardo Robles)\" data-rel=\"lightbox-gallery-1\"><img loading=\"lazy\" decoding=\"async\" width=\"150\" height=\"150\" src=\"https:\/\/www.arquimaster.com.ar\/web\/wp-content\/uploads\/2015\/04\/nest_house1-150x150.jpg\" class=\"attachment-thumbnail size-thumbnail\" alt=\"\" aria-describedby=\"gallery-1-14427\" srcset=\"https:\/\/www.arquimaster.com.ar\/web\/wp-content\/uploads\/2015\/04\/nest_house1-150x150.jpg 150w, https:\/\/www.arquimaster.com.ar\/web\/wp-content\/uploads\/2015\/04\/nest_house1-50x50.jpg 50w, https:\/\/www.arquimaster.com.ar\/web\/wp-content\/uploads\/2015\/04\/nest_house1-125x125.jpg 125w\" sizes=\"auto, (max-width: 150px) 100vw, 150px\" \/><\/a>\n\t\t\t<\/div>\n\t\t\t\t<figcaption class='wp-caption-text gallery-caption' id='gallery-1-14427'>\n\t\t\t\tNest House \/ Gerardo Ars Arquitectura (\u00a9 Gerardo Robles)\n\t\t\t\t<\/figcaption><\/figure><figure class='gallery-item'>\n\t\t\t<div class='gallery-icon portrait'>\n\t\t\t\t<a href='https:\/\/www.arquimaster.com.ar\/web\/wp-content\/uploads\/2015\/04\/nest_house2.jpg' title=\"Nest House \/ Gerardo Ars Arquitectura (\u00a9 Gerardo Robles)\" data-rl_title=\"Nest House \/ Gerardo Ars Arquitectura (\u00a9 Gerardo Robles)\" class=\"rl-gallery-link\" data-rl_caption=\"Nest House \/ Gerardo Ars Arquitectura (\u00a9 Gerardo Robles)\" data-rel=\"lightbox-gallery-1\"><img loading=\"lazy\" decoding=\"async\" width=\"150\" height=\"150\" src=\"https:\/\/www.arquimaster.com.ar\/web\/wp-content\/uploads\/2015\/04\/nest_house2-150x150.jpg\" class=\"attachment-thumbnail size-thumbnail\" alt=\"\" aria-describedby=\"gallery-1-14428\" srcset=\"https:\/\/www.arquimaster.com.ar\/web\/wp-content\/uploads\/2015\/04\/nest_house2-150x150.jpg 150w, https:\/\/www.arquimaster.com.ar\/web\/wp-content\/uploads\/2015\/04\/nest_house2-50x50.jpg 50w, https:\/\/www.arquimaster.com.ar\/web\/wp-content\/uploads\/2015\/04\/nest_house2-125x125.jpg 125w\" sizes=\"auto, (max-width: 150px) 100vw, 150px\" \/><\/a>\n\t\t\t<\/div>\n\t\t\t\t<figcaption class='wp-caption-text gallery-caption' id='gallery-1-14428'>\n\t\t\t\tNest House \/ Gerardo Ars Arquitectura (\u00a9 Gerardo Robles)\n\t\t\t\t<\/figcaption><\/figure><figure class='gallery-item'>\n\t\t\t<div class='gallery-icon portrait'>\n\t\t\t\t<a href='https:\/\/www.arquimaster.com.ar\/web\/wp-content\/uploads\/2015\/04\/nest_house3.jpg' title=\"Nest House \/ Gerardo Ars Arquitectura (\u00a9 Gerardo Robles)\" data-rl_title=\"Nest House \/ Gerardo Ars Arquitectura (\u00a9 Gerardo Robles)\" class=\"rl-gallery-link\" data-rl_caption=\"Nest House \/ Gerardo Ars Arquitectura (\u00a9 Gerardo Robles)\" data-rel=\"lightbox-gallery-1\"><img loading=\"lazy\" decoding=\"async\" width=\"150\" height=\"150\" src=\"https:\/\/www.arquimaster.com.ar\/web\/wp-content\/uploads\/2015\/04\/nest_house3-150x150.jpg\" class=\"attachment-thumbnail size-thumbnail\" alt=\"\" aria-describedby=\"gallery-1-14429\" srcset=\"https:\/\/www.arquimaster.com.ar\/web\/wp-content\/uploads\/2015\/04\/nest_house3-150x150.jpg 150w, https:\/\/www.arquimaster.com.ar\/web\/wp-content\/uploads\/2015\/04\/nest_house3-50x50.jpg 50w, https:\/\/www.arquimaster.com.ar\/web\/wp-content\/uploads\/2015\/04\/nest_house3-125x125.jpg 125w\" sizes=\"auto, (max-width: 150px) 100vw, 150px\" \/><\/a>\n\t\t\t<\/div>\n\t\t\t\t<figcaption class='wp-caption-text gallery-caption' id='gallery-1-14429'>\n\t\t\t\tNest House \/ Gerardo Ars Arquitectura (\u00a9 Gerardo Robles)\n\t\t\t\t<\/figcaption><\/figure><figure class='gallery-item'>\n\t\t\t<div class='gallery-icon portrait'>\n\t\t\t\t<a href='https:\/\/www.arquimaster.com.ar\/web\/wp-content\/uploads\/2015\/04\/nest_house4.jpg' title=\"Nest House \/ Gerardo Ars Arquitectura (\u00a9 Gerardo Robles)\" data-rl_title=\"Nest House \/ Gerardo Ars Arquitectura (\u00a9 Gerardo Robles)\" class=\"rl-gallery-link\" data-rl_caption=\"Nest House \/ Gerardo Ars Arquitectura (\u00a9 Gerardo Robles)\" data-rel=\"lightbox-gallery-1\"><img loading=\"lazy\" decoding=\"async\" width=\"150\" height=\"150\" src=\"https:\/\/www.arquimaster.com.ar\/web\/wp-content\/uploads\/2015\/04\/nest_house4-150x150.jpg\" class=\"attachment-thumbnail size-thumbnail\" alt=\"\" aria-describedby=\"gallery-1-14430\" srcset=\"https:\/\/www.arquimaster.com.ar\/web\/wp-content\/uploads\/2015\/04\/nest_house4-150x150.jpg 150w, https:\/\/www.arquimaster.com.ar\/web\/wp-content\/uploads\/2015\/04\/nest_house4-50x50.jpg 50w, https:\/\/www.arquimaster.com.ar\/web\/wp-content\/uploads\/2015\/04\/nest_house4-125x125.jpg 125w\" sizes=\"auto, (max-width: 150px) 100vw, 150px\" \/><\/a>\n\t\t\t<\/div>\n\t\t\t\t<figcaption class='wp-caption-text gallery-caption' id='gallery-1-14430'>\n\t\t\t\tNest House \/ Gerardo Ars Arquitectura (\u00a9 Gerardo Robles)\n\t\t\t\t<\/figcaption><\/figure><figure class='gallery-item'>\n\t\t\t<div class='gallery-icon landscape'>\n\t\t\t\t<a href='https:\/\/www.arquimaster.com.ar\/web\/wp-content\/uploads\/2015\/04\/nest_house5.jpg' title=\"Nest House \/ Gerardo Ars Arquitectura (\u00a9 Gerardo Robles)\" data-rl_title=\"Nest House \/ Gerardo Ars Arquitectura (\u00a9 Gerardo Robles)\" class=\"rl-gallery-link\" data-rl_caption=\"Nest House \/ Gerardo Ars Arquitectura (\u00a9 Gerardo Robles)\" data-rel=\"lightbox-gallery-1\"><img loading=\"lazy\" decoding=\"async\" width=\"150\" height=\"150\" src=\"https:\/\/www.arquimaster.com.ar\/web\/wp-content\/uploads\/2015\/04\/nest_house5-150x150.jpg\" class=\"attachment-thumbnail size-thumbnail\" alt=\"\" aria-describedby=\"gallery-1-14431\" srcset=\"https:\/\/www.arquimaster.com.ar\/web\/wp-content\/uploads\/2015\/04\/nest_house5-150x150.jpg 150w, https:\/\/www.arquimaster.com.ar\/web\/wp-content\/uploads\/2015\/04\/nest_house5-50x50.jpg 50w, https:\/\/www.arquimaster.com.ar\/web\/wp-content\/uploads\/2015\/04\/nest_house5-125x125.jpg 125w\" sizes=\"auto, (max-width: 150px) 100vw, 150px\" \/><\/a>\n\t\t\t<\/div>\n\t\t\t\t<figcaption class='wp-caption-text gallery-caption' id='gallery-1-14431'>\n\t\t\t\tNest House \/ Gerardo Ars Arquitectura (\u00a9 Gerardo Robles)\n\t\t\t\t<\/figcaption><\/figure><figure class='gallery-item'>\n\t\t\t<div class='gallery-icon landscape'>\n\t\t\t\t<a href='https:\/\/www.arquimaster.com.ar\/web\/wp-content\/uploads\/2015\/04\/nest_house6.jpg' title=\"Nest House \/ Gerardo Ars Arquitectura (\u00a9 Gerardo Robles)\" data-rl_title=\"Nest House \/ Gerardo Ars Arquitectura (\u00a9 Gerardo Robles)\" class=\"rl-gallery-link\" data-rl_caption=\"Nest House \/ Gerardo Ars Arquitectura (\u00a9 Gerardo Robles)\" data-rel=\"lightbox-gallery-1\"><img loading=\"lazy\" decoding=\"async\" width=\"150\" height=\"150\" src=\"https:\/\/www.arquimaster.com.ar\/web\/wp-content\/uploads\/2015\/04\/nest_house6-150x150.jpg\" class=\"attachment-thumbnail size-thumbnail\" alt=\"\" aria-describedby=\"gallery-1-14432\" srcset=\"https:\/\/www.arquimaster.com.ar\/web\/wp-content\/uploads\/2015\/04\/nest_house6-150x150.jpg 150w, https:\/\/www.arquimaster.com.ar\/web\/wp-content\/uploads\/2015\/04\/nest_house6-50x50.jpg 50w, https:\/\/www.arquimaster.com.ar\/web\/wp-content\/uploads\/2015\/04\/nest_house6-125x125.jpg 125w\" sizes=\"auto, (max-width: 150px) 100vw, 150px\" \/><\/a>\n\t\t\t<\/div>\n\t\t\t\t<figcaption class='wp-caption-text gallery-caption' id='gallery-1-14432'>\n\t\t\t\tNest House \/ Gerardo Ars Arquitectura (\u00a9 Gerardo Robles)\n\t\t\t\t<\/figcaption><\/figure><figure class='gallery-item'>\n\t\t\t<div class='gallery-icon landscape'>\n\t\t\t\t<a href='https:\/\/www.arquimaster.com.ar\/web\/wp-content\/uploads\/2015\/04\/nest_house7.jpg' title=\"Nest House \/ Gerardo Ars Arquitectura (\u00a9 Gerardo Robles)\" data-rl_title=\"Nest House \/ Gerardo Ars Arquitectura (\u00a9 Gerardo Robles)\" class=\"rl-gallery-link\" data-rl_caption=\"Nest House \/ Gerardo Ars Arquitectura (\u00a9 Gerardo Robles)\" data-rel=\"lightbox-gallery-1\"><img loading=\"lazy\" decoding=\"async\" width=\"150\" height=\"150\" src=\"https:\/\/www.arquimaster.com.ar\/web\/wp-content\/uploads\/2015\/04\/nest_house7-150x150.jpg\" class=\"attachment-thumbnail size-thumbnail\" alt=\"\" aria-describedby=\"gallery-1-14433\" srcset=\"https:\/\/www.arquimaster.com.ar\/web\/wp-content\/uploads\/2015\/04\/nest_house7-150x150.jpg 150w, https:\/\/www.arquimaster.com.ar\/web\/wp-content\/uploads\/2015\/04\/nest_house7-50x50.jpg 50w, https:\/\/www.arquimaster.com.ar\/web\/wp-content\/uploads\/2015\/04\/nest_house7-125x125.jpg 125w\" sizes=\"auto, (max-width: 150px) 100vw, 150px\" \/><\/a>\n\t\t\t<\/div>\n\t\t\t\t<figcaption class='wp-caption-text gallery-caption' id='gallery-1-14433'>\n\t\t\t\tNest House \/ Gerardo Ars Arquitectura (\u00a9 Gerardo Robles)\n\t\t\t\t<\/figcaption><\/figure><figure class='gallery-item'>\n\t\t\t<div class='gallery-icon portrait'>\n\t\t\t\t<a href='https:\/\/www.arquimaster.com.ar\/web\/wp-content\/uploads\/2015\/04\/nest_house8.jpg' title=\"Nest House \/ Gerardo Ars Arquitectura (\u00a9 Gerardo Robles)\" data-rl_title=\"Nest House \/ Gerardo Ars Arquitectura (\u00a9 Gerardo Robles)\" class=\"rl-gallery-link\" data-rl_caption=\"Nest House \/ Gerardo Ars Arquitectura (\u00a9 Gerardo Robles)\" data-rel=\"lightbox-gallery-1\"><img loading=\"lazy\" decoding=\"async\" width=\"150\" height=\"150\" src=\"https:\/\/www.arquimaster.com.ar\/web\/wp-content\/uploads\/2015\/04\/nest_house8-150x150.jpg\" class=\"attachment-thumbnail size-thumbnail\" alt=\"\" aria-describedby=\"gallery-1-14434\" srcset=\"https:\/\/www.arquimaster.com.ar\/web\/wp-content\/uploads\/2015\/04\/nest_house8-150x150.jpg 150w, https:\/\/www.arquimaster.com.ar\/web\/wp-content\/uploads\/2015\/04\/nest_house8-50x50.jpg 50w, https:\/\/www.arquimaster.com.ar\/web\/wp-content\/uploads\/2015\/04\/nest_house8-125x125.jpg 125w\" sizes=\"auto, (max-width: 150px) 100vw, 150px\" \/><\/a>\n\t\t\t<\/div>\n\t\t\t\t<figcaption class='wp-caption-text gallery-caption' id='gallery-1-14434'>\n\t\t\t\tNest House \/ Gerardo Ars Arquitectura (\u00a9 Gerardo Robles)\n\t\t\t\t<\/figcaption><\/figure><figure class='gallery-item'>\n\t\t\t<div class='gallery-icon landscape'>\n\t\t\t\t<a href='https:\/\/www.arquimaster.com.ar\/web\/wp-content\/uploads\/2015\/04\/nest_house9.jpg' title=\"Nest House \/ Gerardo Ars Arquitectura (\u00a9 Gerardo Robles)\" data-rl_title=\"Nest House \/ Gerardo Ars Arquitectura (\u00a9 Gerardo Robles)\" class=\"rl-gallery-link\" data-rl_caption=\"Nest House \/ Gerardo Ars Arquitectura (\u00a9 Gerardo Robles)\" data-rel=\"lightbox-gallery-1\"><img loading=\"lazy\" decoding=\"async\" width=\"150\" height=\"150\" src=\"https:\/\/www.arquimaster.com.ar\/web\/wp-content\/uploads\/2015\/04\/nest_house9-150x150.jpg\" class=\"attachment-thumbnail size-thumbnail\" alt=\"\" aria-describedby=\"gallery-1-14435\" srcset=\"https:\/\/www.arquimaster.com.ar\/web\/wp-content\/uploads\/2015\/04\/nest_house9-150x150.jpg 150w, https:\/\/www.arquimaster.com.ar\/web\/wp-content\/uploads\/2015\/04\/nest_house9-50x50.jpg 50w, https:\/\/www.arquimaster.com.ar\/web\/wp-content\/uploads\/2015\/04\/nest_house9-125x125.jpg 125w\" sizes=\"auto, (max-width: 150px) 100vw, 150px\" \/><\/a>\n\t\t\t<\/div>\n\t\t\t\t<figcaption class='wp-caption-text gallery-caption' id='gallery-1-14435'>\n\t\t\t\tNest House \/ Gerardo Ars Arquitectura (\u00a9 Gerardo Robles)\n\t\t\t\t<\/figcaption><\/figure><figure class='gallery-item'>\n\t\t\t<div class='gallery-icon portrait'>\n\t\t\t\t<a href='https:\/\/www.arquimaster.com.ar\/web\/wp-content\/uploads\/2015\/04\/nest_house10.jpg' title=\"Nest House \/ Gerardo Ars Arquitectura (\u00a9 Gerardo Robles)\" data-rl_title=\"Nest House \/ Gerardo Ars Arquitectura (\u00a9 Gerardo Robles)\" class=\"rl-gallery-link\" data-rl_caption=\"Nest House \/ Gerardo Ars Arquitectura (\u00a9 Gerardo Robles)\" data-rel=\"lightbox-gallery-1\"><img loading=\"lazy\" decoding=\"async\" width=\"150\" height=\"150\" src=\"https:\/\/www.arquimaster.com.ar\/web\/wp-content\/uploads\/2015\/04\/nest_house10-150x150.jpg\" class=\"attachment-thumbnail size-thumbnail\" alt=\"\" aria-describedby=\"gallery-1-14436\" srcset=\"https:\/\/www.arquimaster.com.ar\/web\/wp-content\/uploads\/2015\/04\/nest_house10-150x150.jpg 150w, https:\/\/www.arquimaster.com.ar\/web\/wp-content\/uploads\/2015\/04\/nest_house10-50x50.jpg 50w, https:\/\/www.arquimaster.com.ar\/web\/wp-content\/uploads\/2015\/04\/nest_house10-125x125.jpg 125w\" sizes=\"auto, (max-width: 150px) 100vw, 150px\" \/><\/a>\n\t\t\t<\/div>\n\t\t\t\t<figcaption class='wp-caption-text gallery-caption' id='gallery-1-14436'>\n\t\t\t\tNest House \/ Gerardo Ars Arquitectura (\u00a9 Gerardo Robles)\n\t\t\t\t<\/figcaption><\/figure><figure class='gallery-item'>\n\t\t\t<div class='gallery-icon portrait'>\n\t\t\t\t<a href='https:\/\/www.arquimaster.com.ar\/web\/wp-content\/uploads\/2015\/04\/nest_house11.jpg' title=\"Nest House \/ Gerardo Ars Arquitectura (\u00a9 Gerardo Robles)\" data-rl_title=\"Nest House \/ Gerardo Ars Arquitectura (\u00a9 Gerardo Robles)\" class=\"rl-gallery-link\" data-rl_caption=\"Nest House \/ Gerardo Ars Arquitectura (\u00a9 Gerardo Robles)\" data-rel=\"lightbox-gallery-1\"><img loading=\"lazy\" decoding=\"async\" width=\"150\" height=\"150\" src=\"https:\/\/www.arquimaster.com.ar\/web\/wp-content\/uploads\/2015\/04\/nest_house11-150x150.jpg\" class=\"attachment-thumbnail size-thumbnail\" alt=\"\" aria-describedby=\"gallery-1-14437\" srcset=\"https:\/\/www.arquimaster.com.ar\/web\/wp-content\/uploads\/2015\/04\/nest_house11-150x150.jpg 150w, https:\/\/www.arquimaster.com.ar\/web\/wp-content\/uploads\/2015\/04\/nest_house11-50x50.jpg 50w, https:\/\/www.arquimaster.com.ar\/web\/wp-content\/uploads\/2015\/04\/nest_house11-125x125.jpg 125w\" sizes=\"auto, (max-width: 150px) 100vw, 150px\" \/><\/a>\n\t\t\t<\/div>\n\t\t\t\t<figcaption class='wp-caption-text gallery-caption' id='gallery-1-14437'>\n\t\t\t\tNest House \/ Gerardo Ars Arquitectura (\u00a9 Gerardo Robles)\n\t\t\t\t<\/figcaption><\/figure><figure class='gallery-item'>\n\t\t\t<div class='gallery-icon portrait'>\n\t\t\t\t<a href='https:\/\/www.arquimaster.com.ar\/web\/wp-content\/uploads\/2015\/04\/nest_house12.jpg' title=\"Nest House \/ Gerardo Ars Arquitectura (\u00a9 Gerardo Robles)\" data-rl_title=\"Nest House \/ Gerardo Ars Arquitectura (\u00a9 Gerardo Robles)\" class=\"rl-gallery-link\" data-rl_caption=\"Nest House \/ Gerardo Ars Arquitectura (\u00a9 Gerardo Robles)\" data-rel=\"lightbox-gallery-1\"><img loading=\"lazy\" decoding=\"async\" width=\"150\" height=\"150\" src=\"https:\/\/www.arquimaster.com.ar\/web\/wp-content\/uploads\/2015\/04\/nest_house12-150x150.jpg\" class=\"attachment-thumbnail size-thumbnail\" alt=\"\" aria-describedby=\"gallery-1-14438\" srcset=\"https:\/\/www.arquimaster.com.ar\/web\/wp-content\/uploads\/2015\/04\/nest_house12-150x150.jpg 150w, https:\/\/www.arquimaster.com.ar\/web\/wp-content\/uploads\/2015\/04\/nest_house12-50x50.jpg 50w, https:\/\/www.arquimaster.com.ar\/web\/wp-content\/uploads\/2015\/04\/nest_house12-125x125.jpg 125w\" sizes=\"auto, (max-width: 150px) 100vw, 150px\" \/><\/a>\n\t\t\t<\/div>\n\t\t\t\t<figcaption class='wp-caption-text gallery-caption' id='gallery-1-14438'>\n\t\t\t\tNest House \/ Gerardo Ars Arquitectura (\u00a9 Gerardo Robles)\n\t\t\t\t<\/figcaption><\/figure><figure class='gallery-item'>\n\t\t\t<div class='gallery-icon portrait'>\n\t\t\t\t<a href='https:\/\/www.arquimaster.com.ar\/web\/wp-content\/uploads\/2015\/04\/nest_house13.jpg' title=\"Nest House \/ Gerardo Ars Arquitectura (\u00a9 Gerardo Robles)\" data-rl_title=\"Nest House \/ Gerardo Ars Arquitectura (\u00a9 Gerardo Robles)\" class=\"rl-gallery-link\" data-rl_caption=\"Nest House \/ Gerardo Ars Arquitectura (\u00a9 Gerardo Robles)\" data-rel=\"lightbox-gallery-1\"><img loading=\"lazy\" decoding=\"async\" width=\"150\" height=\"150\" src=\"https:\/\/www.arquimaster.com.ar\/web\/wp-content\/uploads\/2015\/04\/nest_house13-150x150.jpg\" class=\"attachment-thumbnail size-thumbnail\" alt=\"\" aria-describedby=\"gallery-1-14439\" srcset=\"https:\/\/www.arquimaster.com.ar\/web\/wp-content\/uploads\/2015\/04\/nest_house13-150x150.jpg 150w, https:\/\/www.arquimaster.com.ar\/web\/wp-content\/uploads\/2015\/04\/nest_house13-50x50.jpg 50w, https:\/\/www.arquimaster.com.ar\/web\/wp-content\/uploads\/2015\/04\/nest_house13-125x125.jpg 125w\" sizes=\"auto, (max-width: 150px) 100vw, 150px\" \/><\/a>\n\t\t\t<\/div>\n\t\t\t\t<figcaption class='wp-caption-text gallery-caption' id='gallery-1-14439'>\n\t\t\t\tNest House \/ Gerardo Ars Arquitectura (\u00a9 Gerardo Robles)\n\t\t\t\t<\/figcaption><\/figure><figure class='gallery-item'>\n\t\t\t<div class='gallery-icon landscape'>\n\t\t\t\t<a href='https:\/\/www.arquimaster.com.ar\/web\/wp-content\/uploads\/2015\/04\/nest_house14.jpg' title=\"Nest House \/ Gerardo Ars Arquitectura (\u00a9 Gerardo Robles)\" data-rl_title=\"Nest House \/ Gerardo Ars Arquitectura (\u00a9 Gerardo Robles)\" class=\"rl-gallery-link\" data-rl_caption=\"Nest House \/ Gerardo Ars Arquitectura (\u00a9 Gerardo Robles)\" data-rel=\"lightbox-gallery-1\"><img loading=\"lazy\" decoding=\"async\" width=\"150\" height=\"150\" src=\"https:\/\/www.arquimaster.com.ar\/web\/wp-content\/uploads\/2015\/04\/nest_house14-150x150.jpg\" class=\"attachment-thumbnail size-thumbnail\" alt=\"\" aria-describedby=\"gallery-1-14440\" srcset=\"https:\/\/www.arquimaster.com.ar\/web\/wp-content\/uploads\/2015\/04\/nest_house14-150x150.jpg 150w, https:\/\/www.arquimaster.com.ar\/web\/wp-content\/uploads\/2015\/04\/nest_house14-50x50.jpg 50w, https:\/\/www.arquimaster.com.ar\/web\/wp-content\/uploads\/2015\/04\/nest_house14-125x125.jpg 125w\" sizes=\"auto, (max-width: 150px) 100vw, 150px\" \/><\/a>\n\t\t\t<\/div>\n\t\t\t\t<figcaption class='wp-caption-text gallery-caption' id='gallery-1-14440'>\n\t\t\t\tNest House \/ Gerardo Ars Arquitectura (\u00a9 Gerardo Robles)\n\t\t\t\t<\/figcaption><\/figure><figure class='gallery-item'>\n\t\t\t<div class='gallery-icon landscape'>\n\t\t\t\t<a href='https:\/\/www.arquimaster.com.ar\/web\/wp-content\/uploads\/2015\/04\/nest_house15.jpg' title=\"Nest House \/ Gerardo Ars Arquitectura (\u00a9 Gerardo Robles)\" data-rl_title=\"Nest House \/ Gerardo Ars Arquitectura (\u00a9 Gerardo Robles)\" class=\"rl-gallery-link\" data-rl_caption=\"Nest House \/ Gerardo Ars Arquitectura (\u00a9 Gerardo Robles)\" data-rel=\"lightbox-gallery-1\"><img loading=\"lazy\" decoding=\"async\" width=\"150\" height=\"150\" src=\"https:\/\/www.arquimaster.com.ar\/web\/wp-content\/uploads\/2015\/04\/nest_house15-150x150.jpg\" class=\"attachment-thumbnail size-thumbnail\" alt=\"\" aria-describedby=\"gallery-1-14441\" srcset=\"https:\/\/www.arquimaster.com.ar\/web\/wp-content\/uploads\/2015\/04\/nest_house15-150x150.jpg 150w, https:\/\/www.arquimaster.com.ar\/web\/wp-content\/uploads\/2015\/04\/nest_house15-50x50.jpg 50w, https:\/\/www.arquimaster.com.ar\/web\/wp-content\/uploads\/2015\/04\/nest_house15-125x125.jpg 125w\" sizes=\"auto, (max-width: 150px) 100vw, 150px\" \/><\/a>\n\t\t\t<\/div>\n\t\t\t\t<figcaption class='wp-caption-text gallery-caption' id='gallery-1-14441'>\n\t\t\t\tNest House \/ Gerardo Ars Arquitectura (\u00a9 Gerardo Robles)\n\t\t\t\t<\/figcaption><\/figure><figure class='gallery-item'>\n\t\t\t<div class='gallery-icon portrait'>\n\t\t\t\t<a href='https:\/\/www.arquimaster.com.ar\/web\/wp-content\/uploads\/2015\/04\/nest_house16.jpg' title=\"Nest House \/ Gerardo Ars Arquitectura (\u00a9 Gerardo Robles)\" data-rl_title=\"Nest House \/ Gerardo Ars Arquitectura (\u00a9 Gerardo Robles)\" class=\"rl-gallery-link\" data-rl_caption=\"Nest House \/ Gerardo Ars Arquitectura (\u00a9 Gerardo Robles)\" data-rel=\"lightbox-gallery-1\"><img loading=\"lazy\" decoding=\"async\" width=\"150\" height=\"150\" src=\"https:\/\/www.arquimaster.com.ar\/web\/wp-content\/uploads\/2015\/04\/nest_house16-150x150.jpg\" class=\"attachment-thumbnail size-thumbnail\" alt=\"\" aria-describedby=\"gallery-1-14442\" srcset=\"https:\/\/www.arquimaster.com.ar\/web\/wp-content\/uploads\/2015\/04\/nest_house16-150x150.jpg 150w, https:\/\/www.arquimaster.com.ar\/web\/wp-content\/uploads\/2015\/04\/nest_house16-50x50.jpg 50w, https:\/\/www.arquimaster.com.ar\/web\/wp-content\/uploads\/2015\/04\/nest_house16-125x125.jpg 125w\" sizes=\"auto, (max-width: 150px) 100vw, 150px\" \/><\/a>\n\t\t\t<\/div>\n\t\t\t\t<figcaption class='wp-caption-text gallery-caption' id='gallery-1-14442'>\n\t\t\t\tNest House \/ Gerardo Ars Arquitectura (\u00a9 Gerardo Robles)\n\t\t\t\t<\/figcaption><\/figure><figure class='gallery-item'>\n\t\t\t<div class='gallery-icon portrait'>\n\t\t\t\t<a href='https:\/\/www.arquimaster.com.ar\/web\/wp-content\/uploads\/2015\/04\/nest_house17.jpg' title=\"Nest House \/ Gerardo Ars Arquitectura (\u00a9 Gerardo Robles)\" data-rl_title=\"Nest House \/ Gerardo Ars Arquitectura (\u00a9 Gerardo Robles)\" class=\"rl-gallery-link\" data-rl_caption=\"Nest House \/ Gerardo Ars Arquitectura (\u00a9 Gerardo Robles)\" data-rel=\"lightbox-gallery-1\"><img loading=\"lazy\" decoding=\"async\" width=\"150\" height=\"150\" src=\"https:\/\/www.arquimaster.com.ar\/web\/wp-content\/uploads\/2015\/04\/nest_house17-150x150.jpg\" class=\"attachment-thumbnail size-thumbnail\" alt=\"\" aria-describedby=\"gallery-1-14443\" srcset=\"https:\/\/www.arquimaster.com.ar\/web\/wp-content\/uploads\/2015\/04\/nest_house17-150x150.jpg 150w, https:\/\/www.arquimaster.com.ar\/web\/wp-content\/uploads\/2015\/04\/nest_house17-50x50.jpg 50w, https:\/\/www.arquimaster.com.ar\/web\/wp-content\/uploads\/2015\/04\/nest_house17-125x125.jpg 125w\" sizes=\"auto, (max-width: 150px) 100vw, 150px\" \/><\/a>\n\t\t\t<\/div>\n\t\t\t\t<figcaption class='wp-caption-text gallery-caption' id='gallery-1-14443'>\n\t\t\t\tNest House \/ Gerardo Ars Arquitectura (\u00a9 Gerardo Robles)\n\t\t\t\t<\/figcaption><\/figure><figure class='gallery-item'>\n\t\t\t<div class='gallery-icon portrait'>\n\t\t\t\t<a href='https:\/\/www.arquimaster.com.ar\/web\/wp-content\/uploads\/2015\/04\/nest_house18.jpg' title=\"Nest House \/ Gerardo Ars Arquitectura (\u00a9 Gerardo Robles)\" data-rl_title=\"Nest House \/ Gerardo Ars Arquitectura (\u00a9 Gerardo Robles)\" class=\"rl-gallery-link\" data-rl_caption=\"Nest House \/ Gerardo Ars Arquitectura (\u00a9 Gerardo Robles)\" data-rel=\"lightbox-gallery-1\"><img loading=\"lazy\" decoding=\"async\" width=\"150\" height=\"150\" src=\"https:\/\/www.arquimaster.com.ar\/web\/wp-content\/uploads\/2015\/04\/nest_house18-150x150.jpg\" class=\"attachment-thumbnail size-thumbnail\" alt=\"\" aria-describedby=\"gallery-1-14444\" srcset=\"https:\/\/www.arquimaster.com.ar\/web\/wp-content\/uploads\/2015\/04\/nest_house18-150x150.jpg 150w, https:\/\/www.arquimaster.com.ar\/web\/wp-content\/uploads\/2015\/04\/nest_house18-50x50.jpg 50w, https:\/\/www.arquimaster.com.ar\/web\/wp-content\/uploads\/2015\/04\/nest_house18-125x125.jpg 125w\" sizes=\"auto, (max-width: 150px) 100vw, 150px\" \/><\/a>\n\t\t\t<\/div>\n\t\t\t\t<figcaption class='wp-caption-text gallery-caption' id='gallery-1-14444'>\n\t\t\t\tNest House \/ Gerardo Ars Arquitectura (\u00a9 Gerardo Robles)\n\t\t\t\t<\/figcaption><\/figure><figure class='gallery-item'>\n\t\t\t<div class='gallery-icon landscape'>\n\t\t\t\t<a href='https:\/\/www.arquimaster.com.ar\/web\/wp-content\/uploads\/2015\/04\/nest_house19.jpg' title=\"Nest House \/ Gerardo Ars Arquitectura (\u00a9 Gerardo Robles)\" data-rl_title=\"Nest House \/ Gerardo Ars Arquitectura (\u00a9 Gerardo Robles)\" class=\"rl-gallery-link\" data-rl_caption=\"Nest House \/ Gerardo Ars Arquitectura (\u00a9 Gerardo Robles)\" data-rel=\"lightbox-gallery-1\"><img loading=\"lazy\" decoding=\"async\" width=\"150\" height=\"150\" src=\"https:\/\/www.arquimaster.com.ar\/web\/wp-content\/uploads\/2015\/04\/nest_house19-150x150.jpg\" class=\"attachment-thumbnail size-thumbnail\" alt=\"\" aria-describedby=\"gallery-1-14445\" srcset=\"https:\/\/www.arquimaster.com.ar\/web\/wp-content\/uploads\/2015\/04\/nest_house19-150x150.jpg 150w, https:\/\/www.arquimaster.com.ar\/web\/wp-content\/uploads\/2015\/04\/nest_house19-50x50.jpg 50w, https:\/\/www.arquimaster.com.ar\/web\/wp-content\/uploads\/2015\/04\/nest_house19-125x125.jpg 125w\" sizes=\"auto, (max-width: 150px) 100vw, 150px\" \/><\/a>\n\t\t\t<\/div>\n\t\t\t\t<figcaption class='wp-caption-text gallery-caption' id='gallery-1-14445'>\n\t\t\t\tNest House \/ Gerardo Ars Arquitectura (\u00a9 Gerardo Robles)\n\t\t\t\t<\/figcaption><\/figure><figure class='gallery-item'>\n\t\t\t<div class='gallery-icon landscape'>\n\t\t\t\t<a href='https:\/\/www.arquimaster.com.ar\/web\/wp-content\/uploads\/2015\/04\/nest_house20.jpg' title=\"Nest House \/ Gerardo Ars Arquitectura (\u00a9 Gerardo Robles)\" data-rl_title=\"Nest House \/ Gerardo Ars Arquitectura (\u00a9 Gerardo Robles)\" class=\"rl-gallery-link\" data-rl_caption=\"Nest House \/ Gerardo Ars Arquitectura (\u00a9 Gerardo Robles)\" data-rel=\"lightbox-gallery-1\"><img loading=\"lazy\" decoding=\"async\" width=\"150\" height=\"150\" src=\"https:\/\/www.arquimaster.com.ar\/web\/wp-content\/uploads\/2015\/04\/nest_house20-150x150.jpg\" class=\"attachment-thumbnail size-thumbnail\" alt=\"\" aria-describedby=\"gallery-1-14446\" srcset=\"https:\/\/www.arquimaster.com.ar\/web\/wp-content\/uploads\/2015\/04\/nest_house20-150x150.jpg 150w, https:\/\/www.arquimaster.com.ar\/web\/wp-content\/uploads\/2015\/04\/nest_house20-50x50.jpg 50w, https:\/\/www.arquimaster.com.ar\/web\/wp-content\/uploads\/2015\/04\/nest_house20-125x125.jpg 125w\" sizes=\"auto, (max-width: 150px) 100vw, 150px\" \/><\/a>\n\t\t\t<\/div>\n\t\t\t\t<figcaption class='wp-caption-text gallery-caption' id='gallery-1-14446'>\n\t\t\t\tNest House \/ Gerardo Ars Arquitectura (\u00a9 Gerardo Robles)\n\t\t\t\t<\/figcaption><\/figure><figure class='gallery-item'>\n\t\t\t<div class='gallery-icon landscape'>\n\t\t\t\t<a href='https:\/\/www.arquimaster.com.ar\/web\/wp-content\/uploads\/2015\/04\/nest_house21.jpg' title=\"Nest House \/ Gerardo Ars Arquitectura (\u00a9 Gerardo Robles)\" data-rl_title=\"Nest House \/ Gerardo Ars Arquitectura (\u00a9 Gerardo Robles)\" class=\"rl-gallery-link\" data-rl_caption=\"Nest House \/ Gerardo Ars Arquitectura (\u00a9 Gerardo Robles)\" data-rel=\"lightbox-gallery-1\"><img loading=\"lazy\" decoding=\"async\" width=\"150\" height=\"150\" src=\"https:\/\/www.arquimaster.com.ar\/web\/wp-content\/uploads\/2015\/04\/nest_house21-150x150.jpg\" class=\"attachment-thumbnail size-thumbnail\" alt=\"\" aria-describedby=\"gallery-1-14447\" srcset=\"https:\/\/www.arquimaster.com.ar\/web\/wp-content\/uploads\/2015\/04\/nest_house21-150x150.jpg 150w, https:\/\/www.arquimaster.com.ar\/web\/wp-content\/uploads\/2015\/04\/nest_house21-50x50.jpg 50w, https:\/\/www.arquimaster.com.ar\/web\/wp-content\/uploads\/2015\/04\/nest_house21-125x125.jpg 125w\" sizes=\"auto, (max-width: 150px) 100vw, 150px\" \/><\/a>\n\t\t\t<\/div>\n\t\t\t\t<figcaption class='wp-caption-text gallery-caption' id='gallery-1-14447'>\n\t\t\t\tNest House \/ Gerardo Ars Arquitectura (\u00a9 Gerardo Robles)\n\t\t\t\t<\/figcaption><\/figure><figure class='gallery-item'>\n\t\t\t<div class='gallery-icon landscape'>\n\t\t\t\t<a href='https:\/\/www.arquimaster.com.ar\/web\/wp-content\/uploads\/2015\/04\/nest_house22.jpg' title=\"Nest House \/ Gerardo Ars Arquitectura (\u00a9 Gerardo Robles)\" data-rl_title=\"Nest House \/ Gerardo Ars Arquitectura (\u00a9 Gerardo Robles)\" class=\"rl-gallery-link\" data-rl_caption=\"Nest House \/ Gerardo Ars Arquitectura (\u00a9 Gerardo Robles)\" data-rel=\"lightbox-gallery-1\"><img loading=\"lazy\" decoding=\"async\" width=\"150\" height=\"150\" src=\"https:\/\/www.arquimaster.com.ar\/web\/wp-content\/uploads\/2015\/04\/nest_house22-150x150.jpg\" class=\"attachment-thumbnail size-thumbnail\" alt=\"\" aria-describedby=\"gallery-1-14448\" srcset=\"https:\/\/www.arquimaster.com.ar\/web\/wp-content\/uploads\/2015\/04\/nest_house22-150x150.jpg 150w, https:\/\/www.arquimaster.com.ar\/web\/wp-content\/uploads\/2015\/04\/nest_house22-50x50.jpg 50w, https:\/\/www.arquimaster.com.ar\/web\/wp-content\/uploads\/2015\/04\/nest_house22-125x125.jpg 125w\" sizes=\"auto, (max-width: 150px) 100vw, 150px\" \/><\/a>\n\t\t\t<\/div>\n\t\t\t\t<figcaption class='wp-caption-text gallery-caption' id='gallery-1-14448'>\n\t\t\t\tNest House \/ Gerardo Ars Arquitectura (\u00a9 Gerardo Robles)\n\t\t\t\t<\/figcaption><\/figure><figure class='gallery-item'>\n\t\t\t<div class='gallery-icon landscape'>\n\t\t\t\t<a href='https:\/\/www.arquimaster.com.ar\/web\/wp-content\/uploads\/2015\/04\/nest_house23.jpg' title=\"Nest House \/ Gerardo Ars Arquitectura (\u00a9 Gerardo Robles)\" data-rl_title=\"Nest House \/ Gerardo Ars Arquitectura (\u00a9 Gerardo Robles)\" class=\"rl-gallery-link\" data-rl_caption=\"Nest House \/ Gerardo Ars Arquitectura (\u00a9 Gerardo Robles)\" data-rel=\"lightbox-gallery-1\"><img loading=\"lazy\" decoding=\"async\" width=\"150\" height=\"150\" src=\"https:\/\/www.arquimaster.com.ar\/web\/wp-content\/uploads\/2015\/04\/nest_house23-150x150.jpg\" class=\"attachment-thumbnail size-thumbnail\" alt=\"\" aria-describedby=\"gallery-1-14449\" srcset=\"https:\/\/www.arquimaster.com.ar\/web\/wp-content\/uploads\/2015\/04\/nest_house23-150x150.jpg 150w, https:\/\/www.arquimaster.com.ar\/web\/wp-content\/uploads\/2015\/04\/nest_house23-50x50.jpg 50w, https:\/\/www.arquimaster.com.ar\/web\/wp-content\/uploads\/2015\/04\/nest_house23-125x125.jpg 125w\" sizes=\"auto, (max-width: 150px) 100vw, 150px\" \/><\/a>\n\t\t\t<\/div>\n\t\t\t\t<figcaption class='wp-caption-text gallery-caption' id='gallery-1-14449'>\n\t\t\t\tNest House \/ Gerardo Ars Arquitectura (\u00a9 Gerardo Robles)\n\t\t\t\t<\/figcaption><\/figure><figure class='gallery-item'>\n\t\t\t<div class='gallery-icon portrait'>\n\t\t\t\t<a href='https:\/\/www.arquimaster.com.ar\/web\/wp-content\/uploads\/2015\/04\/nest_house24.jpg' title=\"Nest House \/ Gerardo Ars Arquitectura (planta baja)\" data-rl_title=\"Nest House \/ Gerardo Ars Arquitectura (planta baja)\" class=\"rl-gallery-link\" data-rl_caption=\"Nest House \/ Gerardo Ars Arquitectura (planta baja)\" data-rel=\"lightbox-gallery-1\"><img loading=\"lazy\" decoding=\"async\" width=\"150\" height=\"150\" src=\"https:\/\/www.arquimaster.com.ar\/web\/wp-content\/uploads\/2015\/04\/nest_house24-150x150.jpg\" class=\"attachment-thumbnail size-thumbnail\" alt=\"\" aria-describedby=\"gallery-1-14450\" srcset=\"https:\/\/www.arquimaster.com.ar\/web\/wp-content\/uploads\/2015\/04\/nest_house24-150x150.jpg 150w, https:\/\/www.arquimaster.com.ar\/web\/wp-content\/uploads\/2015\/04\/nest_house24-50x50.jpg 50w, https:\/\/www.arquimaster.com.ar\/web\/wp-content\/uploads\/2015\/04\/nest_house24-125x125.jpg 125w\" sizes=\"auto, (max-width: 150px) 100vw, 150px\" \/><\/a>\n\t\t\t<\/div>\n\t\t\t\t<figcaption class='wp-caption-text gallery-caption' id='gallery-1-14450'>\n\t\t\t\tNest House \/ Gerardo Ars Arquitectura (planta baja)\n\t\t\t\t<\/figcaption><\/figure><figure class='gallery-item'>\n\t\t\t<div class='gallery-icon portrait'>\n\t\t\t\t<a href='https:\/\/www.arquimaster.com.ar\/web\/wp-content\/uploads\/2015\/04\/nest_house25.jpg' title=\"Nest House \/ Gerardo Ars Arquitectura (planta alta)\" data-rl_title=\"Nest House \/ Gerardo Ars Arquitectura (planta alta)\" class=\"rl-gallery-link\" data-rl_caption=\"Nest House \/ Gerardo Ars Arquitectura (planta alta)\" data-rel=\"lightbox-gallery-1\"><img loading=\"lazy\" decoding=\"async\" width=\"150\" height=\"150\" src=\"https:\/\/www.arquimaster.com.ar\/web\/wp-content\/uploads\/2015\/04\/nest_house25-150x150.jpg\" class=\"attachment-thumbnail size-thumbnail\" alt=\"\" aria-describedby=\"gallery-1-14451\" srcset=\"https:\/\/www.arquimaster.com.ar\/web\/wp-content\/uploads\/2015\/04\/nest_house25-150x150.jpg 150w, https:\/\/www.arquimaster.com.ar\/web\/wp-content\/uploads\/2015\/04\/nest_house25-50x50.jpg 50w, https:\/\/www.arquimaster.com.ar\/web\/wp-content\/uploads\/2015\/04\/nest_house25-125x125.jpg 125w\" sizes=\"auto, (max-width: 150px) 100vw, 150px\" \/><\/a>\n\t\t\t<\/div>\n\t\t\t\t<figcaption class='wp-caption-text gallery-caption' id='gallery-1-14451'>\n\t\t\t\tNest House \/ Gerardo Ars Arquitectura (planta alta)\n\t\t\t\t<\/figcaption><\/figure>\n\t\t<\/div>\n\n<p>Dise\u00f1ada para una pareja de jubilados y su familia en crecimiento que anhelaban por un refugio que les ofreciera un respiro de la vida en ciudad y con espacios amplios para la recreaci\u00f3n.<\/p>\n<p>El concepto para el dise\u00f1o surgi\u00f3 de la combinaci\u00f3n de dos culturas: la de Chiapas, el estado de donde la pareja es originaria y Veracruz, una ciudad que les encanta y donde han construido una vida junto a sus hijos.<\/p>\n<p>El terreno es muy regular, con unas pendientes interesantes de 1,20 metros de lado a lado y del frente hacia el fondo, lo que nos llevo a dise\u00f1ar un cambio gradual de niveles buscando un flujo delicado entre los espacios de la planta baja.<\/p>\n<p>La idea fue que la casa estuviera rodeada de \u00e1reas verdes, as\u00ed la sala, comedor, cocina y recamara de hu\u00e9spedes tendr\u00edan vista hacia ellos adem\u00e1s que permitir\u00eda un flujo de aire optimo en la vivienda.<\/p>\n<p>Al ingresar a la casa, es imposible no dirigir la vista hacia un muro divisorio entre la sala y el comedor con una gran celos\u00eda, inspirada en un coral que crece desde el piso hacia el techo, esto como referencia a un muro divisorio similar que existe en la primera casa en la que la pareja vivi\u00f3 en su juventud, ubicada en la ciudad de Tuxtla Guti\u00e9rrez, Chiapas.<\/p>\n<p>La seguridad y privacidad sin sacrificar la vista privilegiada fueron los requisitos mas importantes hechos por los due\u00f1os, as\u00ed que el dise\u00f1o de la planta alta tienen una forma irregular para proveer vistas de la recamara principal hacia el mar y el de las dem\u00e1s recamaras hacia el entorno que rodea la casa.<\/p>\n<p>El sol y el viento jugaron un papel importante durante el proceso de dise\u00f1o debido a que Veracruz es una ciudad que es afectada con vientos muy fuertes en varias temporadas del a\u00f1o.<\/p>\n<p>La fachada de la planta alta esta envuelta con una gran celos\u00eda de concreto que fluye con la forma de la casa y act\u00faa como un filtro para reducir el viento y la ganancia de calor adem\u00e1s de asegurar a los habitantes privacidad.<\/p>\n<p>El dise\u00f1o de esta piel es una interpretaci\u00f3n abstracta de los textiles tradicionales con figuras geom\u00e9tricas a modo de jerogl\u00edficos fabricados por las comunidades ind\u00edgenas de Chiapas.<\/p>\n<p>La celos\u00eda fue dise\u00f1ada en m\u00f3dulos colocados estrat\u00e9gicamente para darle un aspecto \u00abrandom\u00bb provee a los habitantes una mirada discreta hacia lo que sucede en el exterior al mismo tiempo que permite que la luz del sol entre hacia el balc\u00f3n y las recamaras de una forma sutil, creando un ambiente luminoso.<\/p>\n<p>Los due\u00f1os son amantes de las hamacas, as\u00ed que se dise\u00f1\u00f3 una terraza en la azotea con un \u00e1rea techada especial para hamacas, los huecos en el techo no son \u00fanicamente por est\u00e9tica, si no fueron realizados con la forma de \u00abpumpos\u00bb una fruta t\u00edpica de la zona de Chiapas, as\u00ed la familia recordara un poco de su cultura al disfrutar de ese espacio.<\/p>\n<p>Este es un proyecto que logra abrazar y reinterpretar la cultura as\u00ed como la modernidad y abordar las necesidades de la vida contempor\u00e1nea con resoluciones de dise\u00f1o meticulosos.<\/p>\n<p><strong>Ficha tecnica<\/strong><br \/>\nNombre: Nest House<br \/>\nLocalizacion: Alvarado, Veracruz, Mexico<br \/>\nProyectista: Gerardo Ars Arquitectura<br \/>\nFecha de dise\u00f1o: 2012<br \/>\nFecha de finalizacion: 2014<br \/>\nArea del terreno: 290 m2<br \/>\nArea construida: 285 m2<br \/>\nEstructura: Ing. Carlos caballero<br \/>\nTexto: Gerardo Robles<br \/>\nFotografia: Gerardo Robles<\/p>\n<p><strong>Video:<\/strong> <a title=\"Nest House\" href=\"http:\/\/vimeo.com\/115720098\" target=\"_blank\">http:\/\/vimeo.com\/115720098<\/a><\/p>\n<p><strong>Contacto:<\/strong> <a title=\"Gerardo Ars Arquitectura\" href=\"http:\/\/www.gerardoars.com\" target=\"_blank\">http:\/\/www.gerardoars.com<\/a><\/p>\n<p><iframe loading=\"lazy\" src=\"https:\/\/player.vimeo.com\/video\/115720098\" height=\"482\" width=\"642\" allowfullscreen=\"\" frameborder=\"0\"><\/iframe><\/p>\n\n<div style=\"font-size: 0px; height: 0px; line-height: 0px; margin: 0; padding: 0; clear: both;\"><\/div><div style=\"margin-top: 0px; margin-bottom: 0px;\" class=\"sharethis-inline-share-buttons\" ><\/div>","protected":false},"excerpt":{"rendered":"<p>La fachada de la planta alta esta envuelta con una gran celos\u00eda de concreto que fluye&#8230;<\/p>\n","protected":false},"author":1,"featured_media":14426,"comment_status":"closed","ping_status":"closed","sticky":false,"template":"","format":"standard","meta":{"_uag_custom_page_level_css":"","footnotes":""},"categories":[1,83],"tags":[3278,2359,2358,24,2356,254],"class_list":["post-14425","post","type-post","status-publish","format-standard","has-post-thumbnail","hentry","category-proyecto","category-vivienda-unifamiliar","tag-alvarado","tag-gerardo-ars","tag-gerardo-ars-arquitectura","tag-mexico","tag-veracruz","tag-vivienda-unifamiliar-2","generate-columns","tablet-grid-50","mobile-grid-100","grid-parent","grid-50"],"yoast_head":"<!-- This site is optimized with the Yoast SEO plugin v27.3 - https:\/\/yoast.com\/product\/yoast-seo-wordpress\/ -->\n<title>Nest House \/ Gerardo Ars Arquitectura - Arquimaster<\/title>\n<meta name=\"robots\" content=\"index, follow, max-snippet:-1, max-image-preview:large, max-video-preview:-1\" \/>\n<link rel=\"canonical\" href=\"https:\/\/www.arquimaster.com.ar\/web\/nest-house-gerardo-ars-arquitectura\/\" \/>\n<meta property=\"og:locale\" content=\"es_ES\" \/>\n<meta property=\"og:type\" content=\"article\" \/>\n<meta property=\"og:title\" content=\"Nest House \/ Gerardo Ars Arquitectura - Arquimaster\" \/>\n<meta property=\"og:description\" content=\"La fachada de la planta alta esta envuelta con una gran celos\u00eda de concreto que fluye...\" \/>\n<meta property=\"og:url\" content=\"https:\/\/www.arquimaster.com.ar\/web\/nest-house-gerardo-ars-arquitectura\/\" \/>\n<meta property=\"og:site_name\" content=\"Arquimaster\" \/>\n<meta property=\"article:publisher\" content=\"http:\/\/www.facebook.com\/ARQUIMASTER.com.ar\" \/>\n<meta property=\"article:published_time\" content=\"2015-04-13T23:00:42+00:00\" \/>\n<meta property=\"og:image\" content=\"https:\/\/www.arquimaster.com.ar\/web\/wp-content\/uploads\/2015\/04\/nest_house_slide.jpg\" \/>\n\t<meta property=\"og:image:width\" content=\"642\" \/>\n\t<meta property=\"og:image:height\" content=\"336\" \/>\n\t<meta property=\"og:image:type\" content=\"image\/jpeg\" \/>\n<meta name=\"author\" content=\"Arquimaster\" \/>\n<meta name=\"twitter:card\" content=\"summary_large_image\" \/>\n<meta name=\"twitter:creator\" content=\"@arquimaster\" \/>\n<meta name=\"twitter:site\" content=\"@arquimaster\" \/>\n<meta name=\"twitter:label1\" content=\"Escrito por\" \/>\n\t<meta name=\"twitter:data1\" content=\"Arquimaster\" \/>\n\t<meta name=\"twitter:label2\" content=\"Tiempo de lectura\" \/>\n\t<meta name=\"twitter:data2\" content=\"3 minutos\" \/>\n<script type=\"application\/ld+json\" class=\"yoast-schema-graph\">{\"@context\":\"https:\\\/\\\/schema.org\",\"@graph\":[{\"@type\":\"Article\",\"@id\":\"https:\\\/\\\/www.arquimaster.com.ar\\\/web\\\/nest-house-gerardo-ars-arquitectura\\\/#article\",\"isPartOf\":{\"@id\":\"https:\\\/\\\/www.arquimaster.com.ar\\\/web\\\/nest-house-gerardo-ars-arquitectura\\\/\"},\"author\":{\"name\":\"Arquimaster\",\"@id\":\"https:\\\/\\\/www.arquimaster.com.ar\\\/web\\\/#\\\/schema\\\/person\\\/359e9f7c00193fcde068e0dd2ceb0028\"},\"headline\":\"Nest House \\\/ Gerardo Ars Arquitectura\",\"datePublished\":\"2015-04-13T23:00:42+00:00\",\"mainEntityOfPage\":{\"@id\":\"https:\\\/\\\/www.arquimaster.com.ar\\\/web\\\/nest-house-gerardo-ars-arquitectura\\\/\"},\"wordCount\":646,\"publisher\":{\"@id\":\"https:\\\/\\\/www.arquimaster.com.ar\\\/web\\\/#organization\"},\"image\":{\"@id\":\"https:\\\/\\\/www.arquimaster.com.ar\\\/web\\\/nest-house-gerardo-ars-arquitectura\\\/#primaryimage\"},\"thumbnailUrl\":\"https:\\\/\\\/www.arquimaster.com.ar\\\/web\\\/wp-content\\\/uploads\\\/2015\\\/04\\\/nest_house_slide.jpg\",\"keywords\":[\"Alvarado\",\"Gerardo Ars\",\"Gerardo Ars Arquitectura\",\"Mexico\",\"Veracruz\",\"vivienda unifamiliar\"],\"articleSection\":[\"Proyecto\",\"Vivienda unifamiliar y PH\"],\"inLanguage\":\"es\"},{\"@type\":\"WebPage\",\"@id\":\"https:\\\/\\\/www.arquimaster.com.ar\\\/web\\\/nest-house-gerardo-ars-arquitectura\\\/\",\"url\":\"https:\\\/\\\/www.arquimaster.com.ar\\\/web\\\/nest-house-gerardo-ars-arquitectura\\\/\",\"name\":\"Nest House \\\/ Gerardo Ars Arquitectura - Arquimaster\",\"isPartOf\":{\"@id\":\"https:\\\/\\\/www.arquimaster.com.ar\\\/web\\\/#website\"},\"primaryImageOfPage\":{\"@id\":\"https:\\\/\\\/www.arquimaster.com.ar\\\/web\\\/nest-house-gerardo-ars-arquitectura\\\/#primaryimage\"},\"image\":{\"@id\":\"https:\\\/\\\/www.arquimaster.com.ar\\\/web\\\/nest-house-gerardo-ars-arquitectura\\\/#primaryimage\"},\"thumbnailUrl\":\"https:\\\/\\\/www.arquimaster.com.ar\\\/web\\\/wp-content\\\/uploads\\\/2015\\\/04\\\/nest_house_slide.jpg\",\"datePublished\":\"2015-04-13T23:00:42+00:00\",\"breadcrumb\":{\"@id\":\"https:\\\/\\\/www.arquimaster.com.ar\\\/web\\\/nest-house-gerardo-ars-arquitectura\\\/#breadcrumb\"},\"inLanguage\":\"es\",\"potentialAction\":[{\"@type\":\"ReadAction\",\"target\":[\"https:\\\/\\\/www.arquimaster.com.ar\\\/web\\\/nest-house-gerardo-ars-arquitectura\\\/\"]}]},{\"@type\":\"ImageObject\",\"inLanguage\":\"es\",\"@id\":\"https:\\\/\\\/www.arquimaster.com.ar\\\/web\\\/nest-house-gerardo-ars-arquitectura\\\/#primaryimage\",\"url\":\"https:\\\/\\\/www.arquimaster.com.ar\\\/web\\\/wp-content\\\/uploads\\\/2015\\\/04\\\/nest_house_slide.jpg\",\"contentUrl\":\"https:\\\/\\\/www.arquimaster.com.ar\\\/web\\\/wp-content\\\/uploads\\\/2015\\\/04\\\/nest_house_slide.jpg\",\"width\":642,\"height\":336},{\"@type\":\"BreadcrumbList\",\"@id\":\"https:\\\/\\\/www.arquimaster.com.ar\\\/web\\\/nest-house-gerardo-ars-arquitectura\\\/#breadcrumb\",\"itemListElement\":[{\"@type\":\"ListItem\",\"position\":1,\"name\":\"Portada\",\"item\":\"https:\\\/\\\/www.arquimaster.com.ar\\\/web\\\/\"},{\"@type\":\"ListItem\",\"position\":2,\"name\":\"Nest House \\\/ Gerardo Ars Arquitectura\"}]},{\"@type\":\"WebSite\",\"@id\":\"https:\\\/\\\/www.arquimaster.com.ar\\\/web\\\/#website\",\"url\":\"https:\\\/\\\/www.arquimaster.com.ar\\\/web\\\/\",\"name\":\"Arquimaster\",\"description\":\"Web de arquitectura, dise\u00f1o y construccion\",\"publisher\":{\"@id\":\"https:\\\/\\\/www.arquimaster.com.ar\\\/web\\\/#organization\"},\"potentialAction\":[{\"@type\":\"SearchAction\",\"target\":{\"@type\":\"EntryPoint\",\"urlTemplate\":\"https:\\\/\\\/www.arquimaster.com.ar\\\/web\\\/?s={search_term_string}\"},\"query-input\":{\"@type\":\"PropertyValueSpecification\",\"valueRequired\":true,\"valueName\":\"search_term_string\"}}],\"inLanguage\":\"es\"},{\"@type\":\"Organization\",\"@id\":\"https:\\\/\\\/www.arquimaster.com.ar\\\/web\\\/#organization\",\"name\":\"Arquimaster\",\"url\":\"https:\\\/\\\/www.arquimaster.com.ar\\\/web\\\/\",\"logo\":{\"@type\":\"ImageObject\",\"inLanguage\":\"es\",\"@id\":\"https:\\\/\\\/www.arquimaster.com.ar\\\/web\\\/#\\\/schema\\\/logo\\\/image\\\/\",\"url\":\"https:\\\/\\\/www.arquimaster.com.ar\\\/web\\\/wp-content\\\/uploads\\\/2022\\\/06\\\/arquimaster.png\",\"contentUrl\":\"https:\\\/\\\/www.arquimaster.com.ar\\\/web\\\/wp-content\\\/uploads\\\/2022\\\/06\\\/arquimaster.png\",\"width\":594,\"height\":78,\"caption\":\"Arquimaster\"},\"image\":{\"@id\":\"https:\\\/\\\/www.arquimaster.com.ar\\\/web\\\/#\\\/schema\\\/logo\\\/image\\\/\"},\"sameAs\":[\"http:\\\/\\\/www.facebook.com\\\/ARQUIMASTER.com.ar\",\"https:\\\/\\\/x.com\\\/arquimaster\",\"https:\\\/\\\/www.instagram.com\\\/arquimasterblog\\\/\",\"https:\\\/\\\/www.linkedin.com\\\/company\\\/arquimaster\",\"https:\\\/\\\/www.pinterest.com\\\/arquimaster\",\"https:\\\/\\\/t.me\\\/arquimaster\"]},{\"@type\":\"Person\",\"@id\":\"https:\\\/\\\/www.arquimaster.com.ar\\\/web\\\/#\\\/schema\\\/person\\\/359e9f7c00193fcde068e0dd2ceb0028\",\"name\":\"Arquimaster\"}]}<\/script>\n<!-- \/ Yoast SEO plugin. -->","yoast_head_json":{"title":"Nest House \/ Gerardo Ars Arquitectura - Arquimaster","robots":{"index":"index","follow":"follow","max-snippet":"max-snippet:-1","max-image-preview":"max-image-preview:large","max-video-preview":"max-video-preview:-1"},"canonical":"https:\/\/www.arquimaster.com.ar\/web\/nest-house-gerardo-ars-arquitectura\/","og_locale":"es_ES","og_type":"article","og_title":"Nest House \/ Gerardo Ars Arquitectura - Arquimaster","og_description":"La fachada de la planta alta esta envuelta con una gran celos\u00eda de concreto que fluye...","og_url":"https:\/\/www.arquimaster.com.ar\/web\/nest-house-gerardo-ars-arquitectura\/","og_site_name":"Arquimaster","article_publisher":"http:\/\/www.facebook.com\/ARQUIMASTER.com.ar","article_published_time":"2015-04-13T23:00:42+00:00","og_image":[{"width":642,"height":336,"url":"https:\/\/www.arquimaster.com.ar\/web\/wp-content\/uploads\/2015\/04\/nest_house_slide.jpg","type":"image\/jpeg"}],"author":"Arquimaster","twitter_card":"summary_large_image","twitter_creator":"@arquimaster","twitter_site":"@arquimaster","twitter_misc":{"Escrito por":"Arquimaster","Tiempo de lectura":"3 minutos"},"schema":{"@context":"https:\/\/schema.org","@graph":[{"@type":"Article","@id":"https:\/\/www.arquimaster.com.ar\/web\/nest-house-gerardo-ars-arquitectura\/#article","isPartOf":{"@id":"https:\/\/www.arquimaster.com.ar\/web\/nest-house-gerardo-ars-arquitectura\/"},"author":{"name":"Arquimaster","@id":"https:\/\/www.arquimaster.com.ar\/web\/#\/schema\/person\/359e9f7c00193fcde068e0dd2ceb0028"},"headline":"Nest House \/ Gerardo Ars Arquitectura","datePublished":"2015-04-13T23:00:42+00:00","mainEntityOfPage":{"@id":"https:\/\/www.arquimaster.com.ar\/web\/nest-house-gerardo-ars-arquitectura\/"},"wordCount":646,"publisher":{"@id":"https:\/\/www.arquimaster.com.ar\/web\/#organization"},"image":{"@id":"https:\/\/www.arquimaster.com.ar\/web\/nest-house-gerardo-ars-arquitectura\/#primaryimage"},"thumbnailUrl":"https:\/\/www.arquimaster.com.ar\/web\/wp-content\/uploads\/2015\/04\/nest_house_slide.jpg","keywords":["Alvarado","Gerardo Ars","Gerardo Ars Arquitectura","Mexico","Veracruz","vivienda unifamiliar"],"articleSection":["Proyecto","Vivienda unifamiliar y PH"],"inLanguage":"es"},{"@type":"WebPage","@id":"https:\/\/www.arquimaster.com.ar\/web\/nest-house-gerardo-ars-arquitectura\/","url":"https:\/\/www.arquimaster.com.ar\/web\/nest-house-gerardo-ars-arquitectura\/","name":"Nest House \/ Gerardo Ars Arquitectura - Arquimaster","isPartOf":{"@id":"https:\/\/www.arquimaster.com.ar\/web\/#website"},"primaryImageOfPage":{"@id":"https:\/\/www.arquimaster.com.ar\/web\/nest-house-gerardo-ars-arquitectura\/#primaryimage"},"image":{"@id":"https:\/\/www.arquimaster.com.ar\/web\/nest-house-gerardo-ars-arquitectura\/#primaryimage"},"thumbnailUrl":"https:\/\/www.arquimaster.com.ar\/web\/wp-content\/uploads\/2015\/04\/nest_house_slide.jpg","datePublished":"2015-04-13T23:00:42+00:00","breadcrumb":{"@id":"https:\/\/www.arquimaster.com.ar\/web\/nest-house-gerardo-ars-arquitectura\/#breadcrumb"},"inLanguage":"es","potentialAction":[{"@type":"ReadAction","target":["https:\/\/www.arquimaster.com.ar\/web\/nest-house-gerardo-ars-arquitectura\/"]}]},{"@type":"ImageObject","inLanguage":"es","@id":"https:\/\/www.arquimaster.com.ar\/web\/nest-house-gerardo-ars-arquitectura\/#primaryimage","url":"https:\/\/www.arquimaster.com.ar\/web\/wp-content\/uploads\/2015\/04\/nest_house_slide.jpg","contentUrl":"https:\/\/www.arquimaster.com.ar\/web\/wp-content\/uploads\/2015\/04\/nest_house_slide.jpg","width":642,"height":336},{"@type":"BreadcrumbList","@id":"https:\/\/www.arquimaster.com.ar\/web\/nest-house-gerardo-ars-arquitectura\/#breadcrumb","itemListElement":[{"@type":"ListItem","position":1,"name":"Portada","item":"https:\/\/www.arquimaster.com.ar\/web\/"},{"@type":"ListItem","position":2,"name":"Nest House \/ Gerardo Ars Arquitectura"}]},{"@type":"WebSite","@id":"https:\/\/www.arquimaster.com.ar\/web\/#website","url":"https:\/\/www.arquimaster.com.ar\/web\/","name":"Arquimaster","description":"Web de arquitectura, dise\u00f1o y construccion","publisher":{"@id":"https:\/\/www.arquimaster.com.ar\/web\/#organization"},"potentialAction":[{"@type":"SearchAction","target":{"@type":"EntryPoint","urlTemplate":"https:\/\/www.arquimaster.com.ar\/web\/?s={search_term_string}"},"query-input":{"@type":"PropertyValueSpecification","valueRequired":true,"valueName":"search_term_string"}}],"inLanguage":"es"},{"@type":"Organization","@id":"https:\/\/www.arquimaster.com.ar\/web\/#organization","name":"Arquimaster","url":"https:\/\/www.arquimaster.com.ar\/web\/","logo":{"@type":"ImageObject","inLanguage":"es","@id":"https:\/\/www.arquimaster.com.ar\/web\/#\/schema\/logo\/image\/","url":"https:\/\/www.arquimaster.com.ar\/web\/wp-content\/uploads\/2022\/06\/arquimaster.png","contentUrl":"https:\/\/www.arquimaster.com.ar\/web\/wp-content\/uploads\/2022\/06\/arquimaster.png","width":594,"height":78,"caption":"Arquimaster"},"image":{"@id":"https:\/\/www.arquimaster.com.ar\/web\/#\/schema\/logo\/image\/"},"sameAs":["http:\/\/www.facebook.com\/ARQUIMASTER.com.ar","https:\/\/x.com\/arquimaster","https:\/\/www.instagram.com\/arquimasterblog\/","https:\/\/www.linkedin.com\/company\/arquimaster","https:\/\/www.pinterest.com\/arquimaster","https:\/\/t.me\/arquimaster"]},{"@type":"Person","@id":"https:\/\/www.arquimaster.com.ar\/web\/#\/schema\/person\/359e9f7c00193fcde068e0dd2ceb0028","name":"Arquimaster"}]}},"uagb_featured_image_src":{"full":["https:\/\/www.arquimaster.com.ar\/web\/wp-content\/uploads\/2015\/04\/nest_house_slide.jpg",642,336,false],"thumbnail":["https:\/\/www.arquimaster.com.ar\/web\/wp-content\/uploads\/2015\/04\/nest_house_slide-150x150.jpg",150,150,true],"medium":["https:\/\/www.arquimaster.com.ar\/web\/wp-content\/uploads\/2015\/04\/nest_house_slide-573x300.jpg",573,300,true],"medium_large":["https:\/\/www.arquimaster.com.ar\/web\/wp-content\/uploads\/2015\/04\/nest_house_slide.jpg",642,336,false],"large":["https:\/\/www.arquimaster.com.ar\/web\/wp-content\/uploads\/2015\/04\/nest_house_slide.jpg",642,336,false],"1536x1536":["https:\/\/www.arquimaster.com.ar\/web\/wp-content\/uploads\/2015\/04\/nest_house_slide.jpg",642,336,false],"2048x2048":["https:\/\/www.arquimaster.com.ar\/web\/wp-content\/uploads\/2015\/04\/nest_house_slide.jpg",642,336,false]},"uagb_author_info":{"display_name":"Arquimaster","author_link":"https:\/\/www.arquimaster.com.ar\/web\/author\/arquimaster\/"},"uagb_comment_info":0,"uagb_excerpt":"La fachada de la planta alta esta envuelta con una gran celos\u00eda de concreto que fluye...","_links":{"self":[{"href":"https:\/\/www.arquimaster.com.ar\/web\/wp-json\/wp\/v2\/posts\/14425","targetHints":{"allow":["GET"]}}],"collection":[{"href":"https:\/\/www.arquimaster.com.ar\/web\/wp-json\/wp\/v2\/posts"}],"about":[{"href":"https:\/\/www.arquimaster.com.ar\/web\/wp-json\/wp\/v2\/types\/post"}],"author":[{"embeddable":true,"href":"https:\/\/www.arquimaster.com.ar\/web\/wp-json\/wp\/v2\/users\/1"}],"replies":[{"embeddable":true,"href":"https:\/\/www.arquimaster.com.ar\/web\/wp-json\/wp\/v2\/comments?post=14425"}],"version-history":[{"count":0,"href":"https:\/\/www.arquimaster.com.ar\/web\/wp-json\/wp\/v2\/posts\/14425\/revisions"}],"wp:featuredmedia":[{"embeddable":true,"href":"https:\/\/www.arquimaster.com.ar\/web\/wp-json\/wp\/v2\/media\/14426"}],"wp:attachment":[{"href":"https:\/\/www.arquimaster.com.ar\/web\/wp-json\/wp\/v2\/media?parent=14425"}],"wp:term":[{"taxonomy":"category","embeddable":true,"href":"https:\/\/www.arquimaster.com.ar\/web\/wp-json\/wp\/v2\/categories?post=14425"},{"taxonomy":"post_tag","embeddable":true,"href":"https:\/\/www.arquimaster.com.ar\/web\/wp-json\/wp\/v2\/tags?post=14425"}],"curies":[{"name":"wp","href":"https:\/\/api.w.org\/{rel}","templated":true}]}}