{"id":14596,"date":"2015-04-23T17:00:08","date_gmt":"2015-04-23T17:00:08","guid":{"rendered":"http:\/\/www.arquimaster.com.ar\/web\/?p=14596"},"modified":"2015-04-23T21:38:42","modified_gmt":"2015-04-23T21:38:42","slug":"edificio-de-viviendas-bl783-claudio-walter-arquitectos-asociados","status":"publish","type":"post","link":"https:\/\/www.arquimaster.com.ar\/web\/edificio-de-viviendas-bl783-claudio-walter-arquitectos-asociados\/","title":{"rendered":"Edificio de viviendas BL783 \/ Claudio Walter Arquitectos Asociados"},"content":{"rendered":"<div style=\"margin-top: 0px; margin-bottom: 0px;\" class=\"sharethis-inline-share-buttons\" ><\/div><div class=\"b812932af2e751442846f039925109de\" data-index=\"1\" style=\"float: none; margin:25px 0 25px 0; text-align:center;\">\n<script async src=\"https:\/\/pagead2.googlesyndication.com\/pagead\/js\/adsbygoogle.js\"><\/script>\r\n<!-- Arquimaster (superior) -->\r\n<ins class=\"adsbygoogle\"\r\n     style=\"display:block\"\r\n     data-ad-client=\"ca-pub-6351072698456832\"\r\n     data-ad-slot=\"6455489680\"\r\n     data-ad-format=\"auto\"\r\n     data-full-width-responsive=\"true\"><\/ins>\r\n<script>\r\n     (adsbygoogle = window.adsbygoogle || []).push({});\r\n<\/script>\n<\/div>\n<p><strong>Edificio de viviendas BL783<\/strong> (Rafaela, Santa Fe, Argentina) por <strong>Claudio Walter Arquitectos Asociados<\/strong>. El boulevard Lehmann debe su nombre al fundador de la colonia Rafaela. Es uno de los dos ejes fundacionales que se cruzan en forma ortogonal y en su intersecci\u00f3n conforman la plaza principal de la ciudad delimitada por centenarias y frondosas tipas.<\/p>\n<div id='gallery-1' class='gallery galleryid-14596 gallery-columns-3 gallery-size-thumbnail'><figure class='gallery-item'>\n\t\t\t<div class='gallery-icon landscape'>\n\t\t\t\t<a href='https:\/\/www.arquimaster.com.ar\/web\/wp-content\/uploads\/2015\/04\/bl783_1.jpg' title=\"Edificio de viviendas BL783 \/ Claudio Walter Arquitectos Asociados (\u00a9 Ramiro Sosa)\" data-rl_title=\"Edificio de viviendas BL783 \/ Claudio Walter Arquitectos Asociados (\u00a9 Ramiro Sosa)\" class=\"rl-gallery-link\" data-rl_caption=\"Edificio de viviendas BL783 \/ Claudio Walter Arquitectos Asociados (\u00a9 Ramiro Sosa)\" data-rel=\"lightbox-gallery-1\"><img loading=\"lazy\" decoding=\"async\" width=\"150\" height=\"150\" src=\"https:\/\/www.arquimaster.com.ar\/web\/wp-content\/uploads\/2015\/04\/bl783_1-150x150.jpg\" class=\"attachment-thumbnail size-thumbnail\" alt=\"\" aria-describedby=\"gallery-1-14632\" srcset=\"https:\/\/www.arquimaster.com.ar\/web\/wp-content\/uploads\/2015\/04\/bl783_1-150x150.jpg 150w, https:\/\/www.arquimaster.com.ar\/web\/wp-content\/uploads\/2015\/04\/bl783_1-50x50.jpg 50w, https:\/\/www.arquimaster.com.ar\/web\/wp-content\/uploads\/2015\/04\/bl783_1-125x125.jpg 125w\" sizes=\"auto, (max-width: 150px) 100vw, 150px\" \/><\/a>\n\t\t\t<\/div>\n\t\t\t\t<figcaption class='wp-caption-text gallery-caption' id='gallery-1-14632'>\n\t\t\t\tEdificio de viviendas BL783 \/ Claudio Walter Arquitectos Asociados (\u00a9 Ramiro Sosa)\n\t\t\t\t<\/figcaption><\/figure><figure class='gallery-item'>\n\t\t\t<div class='gallery-icon portrait'>\n\t\t\t\t<a href='https:\/\/www.arquimaster.com.ar\/web\/wp-content\/uploads\/2015\/04\/bl783_2.jpg' title=\"Edificio de viviendas BL783 \/ Claudio Walter Arquitectos Asociados (\u00a9 Ramiro Sosa)\" data-rl_title=\"Edificio de viviendas BL783 \/ Claudio Walter Arquitectos Asociados (\u00a9 Ramiro Sosa)\" class=\"rl-gallery-link\" data-rl_caption=\"Edificio de viviendas BL783 \/ Claudio Walter Arquitectos Asociados (\u00a9 Ramiro Sosa)\" data-rel=\"lightbox-gallery-1\"><img loading=\"lazy\" decoding=\"async\" width=\"150\" height=\"150\" src=\"https:\/\/www.arquimaster.com.ar\/web\/wp-content\/uploads\/2015\/04\/bl783_2-150x150.jpg\" class=\"attachment-thumbnail size-thumbnail\" alt=\"\" aria-describedby=\"gallery-1-14599\" srcset=\"https:\/\/www.arquimaster.com.ar\/web\/wp-content\/uploads\/2015\/04\/bl783_2-150x150.jpg 150w, https:\/\/www.arquimaster.com.ar\/web\/wp-content\/uploads\/2015\/04\/bl783_2-50x50.jpg 50w, https:\/\/www.arquimaster.com.ar\/web\/wp-content\/uploads\/2015\/04\/bl783_2-125x125.jpg 125w\" sizes=\"auto, (max-width: 150px) 100vw, 150px\" \/><\/a>\n\t\t\t<\/div>\n\t\t\t\t<figcaption class='wp-caption-text gallery-caption' id='gallery-1-14599'>\n\t\t\t\tEdificio de viviendas BL783 \/ Claudio Walter Arquitectos Asociados (\u00a9 Ramiro Sosa)\n\t\t\t\t<\/figcaption><\/figure><figure class='gallery-item'>\n\t\t\t<div class='gallery-icon landscape'>\n\t\t\t\t<a href='https:\/\/www.arquimaster.com.ar\/web\/wp-content\/uploads\/2015\/04\/bl783_3.jpg' title=\"Edificio de viviendas BL783 \/ Claudio Walter Arquitectos Asociados (\u00a9 Ramiro Sosa)\" data-rl_title=\"Edificio de viviendas BL783 \/ Claudio Walter Arquitectos Asociados (\u00a9 Ramiro Sosa)\" class=\"rl-gallery-link\" data-rl_caption=\"Edificio de viviendas BL783 \/ Claudio Walter Arquitectos Asociados (\u00a9 Ramiro Sosa)\" data-rel=\"lightbox-gallery-1\"><img loading=\"lazy\" decoding=\"async\" width=\"150\" height=\"150\" src=\"https:\/\/www.arquimaster.com.ar\/web\/wp-content\/uploads\/2015\/04\/bl783_3-150x150.jpg\" class=\"attachment-thumbnail size-thumbnail\" alt=\"\" aria-describedby=\"gallery-1-14600\" srcset=\"https:\/\/www.arquimaster.com.ar\/web\/wp-content\/uploads\/2015\/04\/bl783_3-150x150.jpg 150w, https:\/\/www.arquimaster.com.ar\/web\/wp-content\/uploads\/2015\/04\/bl783_3-50x50.jpg 50w, https:\/\/www.arquimaster.com.ar\/web\/wp-content\/uploads\/2015\/04\/bl783_3-125x125.jpg 125w\" sizes=\"auto, (max-width: 150px) 100vw, 150px\" \/><\/a>\n\t\t\t<\/div>\n\t\t\t\t<figcaption class='wp-caption-text gallery-caption' id='gallery-1-14600'>\n\t\t\t\tEdificio de viviendas BL783 \/ Claudio Walter Arquitectos Asociados (\u00a9 Ramiro Sosa)\n\t\t\t\t<\/figcaption><\/figure><figure class='gallery-item'>\n\t\t\t<div class='gallery-icon landscape'>\n\t\t\t\t<a href='https:\/\/www.arquimaster.com.ar\/web\/wp-content\/uploads\/2015\/04\/bl783_4.jpg' title=\"Edificio de viviendas BL783 \/ Claudio Walter Arquitectos Asociados (\u00a9 Ramiro Sosa)\" data-rl_title=\"Edificio de viviendas BL783 \/ Claudio Walter Arquitectos Asociados (\u00a9 Ramiro Sosa)\" class=\"rl-gallery-link\" data-rl_caption=\"Edificio de viviendas BL783 \/ Claudio Walter Arquitectos Asociados (\u00a9 Ramiro Sosa)\" data-rel=\"lightbox-gallery-1\"><img loading=\"lazy\" decoding=\"async\" width=\"150\" height=\"150\" src=\"https:\/\/www.arquimaster.com.ar\/web\/wp-content\/uploads\/2015\/04\/bl783_4-150x150.jpg\" class=\"attachment-thumbnail size-thumbnail\" alt=\"\" aria-describedby=\"gallery-1-14634\" srcset=\"https:\/\/www.arquimaster.com.ar\/web\/wp-content\/uploads\/2015\/04\/bl783_4-150x150.jpg 150w, https:\/\/www.arquimaster.com.ar\/web\/wp-content\/uploads\/2015\/04\/bl783_4-50x50.jpg 50w, https:\/\/www.arquimaster.com.ar\/web\/wp-content\/uploads\/2015\/04\/bl783_4-125x125.jpg 125w\" sizes=\"auto, (max-width: 150px) 100vw, 150px\" \/><\/a>\n\t\t\t<\/div>\n\t\t\t\t<figcaption class='wp-caption-text gallery-caption' id='gallery-1-14634'>\n\t\t\t\tEdificio de viviendas BL783 \/ Claudio Walter Arquitectos Asociados (\u00a9 Ramiro Sosa)\n\t\t\t\t<\/figcaption><\/figure><figure class='gallery-item'>\n\t\t\t<div class='gallery-icon landscape'>\n\t\t\t\t<a href='https:\/\/www.arquimaster.com.ar\/web\/wp-content\/uploads\/2015\/04\/bl783_5.jpg' title=\"Edificio de viviendas BL783 \/ Claudio Walter Arquitectos Asociados (\u00a9 Ramiro Sosa)\" data-rl_title=\"Edificio de viviendas BL783 \/ Claudio Walter Arquitectos Asociados (\u00a9 Ramiro Sosa)\" class=\"rl-gallery-link\" data-rl_caption=\"Edificio de viviendas BL783 \/ Claudio Walter Arquitectos Asociados (\u00a9 Ramiro Sosa)\" data-rel=\"lightbox-gallery-1\"><img loading=\"lazy\" decoding=\"async\" width=\"150\" height=\"150\" src=\"https:\/\/www.arquimaster.com.ar\/web\/wp-content\/uploads\/2015\/04\/bl783_5-150x150.jpg\" class=\"attachment-thumbnail size-thumbnail\" alt=\"\" aria-describedby=\"gallery-1-14635\" srcset=\"https:\/\/www.arquimaster.com.ar\/web\/wp-content\/uploads\/2015\/04\/bl783_5-150x150.jpg 150w, https:\/\/www.arquimaster.com.ar\/web\/wp-content\/uploads\/2015\/04\/bl783_5-50x50.jpg 50w, https:\/\/www.arquimaster.com.ar\/web\/wp-content\/uploads\/2015\/04\/bl783_5-125x125.jpg 125w\" sizes=\"auto, (max-width: 150px) 100vw, 150px\" \/><\/a>\n\t\t\t<\/div>\n\t\t\t\t<figcaption class='wp-caption-text gallery-caption' id='gallery-1-14635'>\n\t\t\t\tEdificio de viviendas BL783 \/ Claudio Walter Arquitectos Asociados (\u00a9 Ramiro Sosa)\n\t\t\t\t<\/figcaption><\/figure><figure class='gallery-item'>\n\t\t\t<div class='gallery-icon landscape'>\n\t\t\t\t<a href='https:\/\/www.arquimaster.com.ar\/web\/wp-content\/uploads\/2015\/04\/bl783_6.jpg' title=\"Edificio de viviendas BL783 \/ Claudio Walter Arquitectos Asociados (\u00a9 Ramiro Sosa)\" data-rl_title=\"Edificio de viviendas BL783 \/ Claudio Walter Arquitectos Asociados (\u00a9 Ramiro Sosa)\" class=\"rl-gallery-link\" data-rl_caption=\"Edificio de viviendas BL783 \/ Claudio Walter Arquitectos Asociados (\u00a9 Ramiro Sosa)\" data-rel=\"lightbox-gallery-1\"><img loading=\"lazy\" decoding=\"async\" width=\"150\" height=\"150\" src=\"https:\/\/www.arquimaster.com.ar\/web\/wp-content\/uploads\/2015\/04\/bl783_6-150x150.jpg\" class=\"attachment-thumbnail size-thumbnail\" alt=\"\" aria-describedby=\"gallery-1-14636\" srcset=\"https:\/\/www.arquimaster.com.ar\/web\/wp-content\/uploads\/2015\/04\/bl783_6-150x150.jpg 150w, https:\/\/www.arquimaster.com.ar\/web\/wp-content\/uploads\/2015\/04\/bl783_6-50x50.jpg 50w, https:\/\/www.arquimaster.com.ar\/web\/wp-content\/uploads\/2015\/04\/bl783_6-125x125.jpg 125w\" sizes=\"auto, (max-width: 150px) 100vw, 150px\" \/><\/a>\n\t\t\t<\/div>\n\t\t\t\t<figcaption class='wp-caption-text gallery-caption' id='gallery-1-14636'>\n\t\t\t\tEdificio de viviendas BL783 \/ Claudio Walter Arquitectos Asociados (\u00a9 Ramiro Sosa)\n\t\t\t\t<\/figcaption><\/figure><figure class='gallery-item'>\n\t\t\t<div class='gallery-icon portrait'>\n\t\t\t\t<a href='https:\/\/www.arquimaster.com.ar\/web\/wp-content\/uploads\/2015\/04\/bl783_7.jpg' title=\"Edificio de viviendas BL783 \/ Claudio Walter Arquitectos Asociados (\u00a9 Ramiro Sosa)\" data-rl_title=\"Edificio de viviendas BL783 \/ Claudio Walter Arquitectos Asociados (\u00a9 Ramiro Sosa)\" class=\"rl-gallery-link\" data-rl_caption=\"Edificio de viviendas BL783 \/ Claudio Walter Arquitectos Asociados (\u00a9 Ramiro Sosa)\" data-rel=\"lightbox-gallery-1\"><img loading=\"lazy\" decoding=\"async\" width=\"150\" height=\"150\" src=\"https:\/\/www.arquimaster.com.ar\/web\/wp-content\/uploads\/2015\/04\/bl783_7-150x150.jpg\" class=\"attachment-thumbnail size-thumbnail\" alt=\"\" aria-describedby=\"gallery-1-14604\" srcset=\"https:\/\/www.arquimaster.com.ar\/web\/wp-content\/uploads\/2015\/04\/bl783_7-150x150.jpg 150w, https:\/\/www.arquimaster.com.ar\/web\/wp-content\/uploads\/2015\/04\/bl783_7-50x50.jpg 50w, https:\/\/www.arquimaster.com.ar\/web\/wp-content\/uploads\/2015\/04\/bl783_7-125x125.jpg 125w\" sizes=\"auto, (max-width: 150px) 100vw, 150px\" \/><\/a>\n\t\t\t<\/div>\n\t\t\t\t<figcaption class='wp-caption-text gallery-caption' id='gallery-1-14604'>\n\t\t\t\tEdificio de viviendas BL783 \/ Claudio Walter Arquitectos Asociados (\u00a9 Ramiro Sosa)\n\t\t\t\t<\/figcaption><\/figure><figure class='gallery-item'>\n\t\t\t<div class='gallery-icon portrait'>\n\t\t\t\t<a href='https:\/\/www.arquimaster.com.ar\/web\/wp-content\/uploads\/2015\/04\/bl783_8.jpg' title=\"Edificio de viviendas BL783 \/ Claudio Walter Arquitectos Asociados (\u00a9 Ramiro Sosa)\" data-rl_title=\"Edificio de viviendas BL783 \/ Claudio Walter Arquitectos Asociados (\u00a9 Ramiro Sosa)\" class=\"rl-gallery-link\" data-rl_caption=\"Edificio de viviendas BL783 \/ Claudio Walter Arquitectos Asociados (\u00a9 Ramiro Sosa)\" data-rel=\"lightbox-gallery-1\"><img loading=\"lazy\" decoding=\"async\" width=\"150\" height=\"150\" src=\"https:\/\/www.arquimaster.com.ar\/web\/wp-content\/uploads\/2015\/04\/bl783_8-150x150.jpg\" class=\"attachment-thumbnail size-thumbnail\" alt=\"\" aria-describedby=\"gallery-1-14605\" srcset=\"https:\/\/www.arquimaster.com.ar\/web\/wp-content\/uploads\/2015\/04\/bl783_8-150x150.jpg 150w, https:\/\/www.arquimaster.com.ar\/web\/wp-content\/uploads\/2015\/04\/bl783_8-50x50.jpg 50w, https:\/\/www.arquimaster.com.ar\/web\/wp-content\/uploads\/2015\/04\/bl783_8-125x125.jpg 125w\" sizes=\"auto, (max-width: 150px) 100vw, 150px\" \/><\/a>\n\t\t\t<\/div>\n\t\t\t\t<figcaption class='wp-caption-text gallery-caption' id='gallery-1-14605'>\n\t\t\t\tEdificio de viviendas BL783 \/ Claudio Walter Arquitectos Asociados (\u00a9 Ramiro Sosa)\n\t\t\t\t<\/figcaption><\/figure><figure class='gallery-item'>\n\t\t\t<div class='gallery-icon portrait'>\n\t\t\t\t<a href='https:\/\/www.arquimaster.com.ar\/web\/wp-content\/uploads\/2015\/04\/bl783_9.jpg' title=\"Edificio de viviendas BL783 \/ Claudio Walter Arquitectos Asociados (\u00a9 Ramiro Sosa)\" data-rl_title=\"Edificio de viviendas BL783 \/ Claudio Walter Arquitectos Asociados (\u00a9 Ramiro Sosa)\" class=\"rl-gallery-link\" data-rl_caption=\"Edificio de viviendas BL783 \/ Claudio Walter Arquitectos Asociados (\u00a9 Ramiro Sosa)\" data-rel=\"lightbox-gallery-1\"><img loading=\"lazy\" decoding=\"async\" width=\"150\" height=\"150\" src=\"https:\/\/www.arquimaster.com.ar\/web\/wp-content\/uploads\/2015\/04\/bl783_9-150x150.jpg\" class=\"attachment-thumbnail size-thumbnail\" alt=\"\" aria-describedby=\"gallery-1-14606\" srcset=\"https:\/\/www.arquimaster.com.ar\/web\/wp-content\/uploads\/2015\/04\/bl783_9-150x150.jpg 150w, https:\/\/www.arquimaster.com.ar\/web\/wp-content\/uploads\/2015\/04\/bl783_9-50x50.jpg 50w, https:\/\/www.arquimaster.com.ar\/web\/wp-content\/uploads\/2015\/04\/bl783_9-125x125.jpg 125w\" sizes=\"auto, (max-width: 150px) 100vw, 150px\" \/><\/a>\n\t\t\t<\/div>\n\t\t\t\t<figcaption class='wp-caption-text gallery-caption' id='gallery-1-14606'>\n\t\t\t\tEdificio de viviendas BL783 \/ Claudio Walter Arquitectos Asociados (\u00a9 Ramiro Sosa)\n\t\t\t\t<\/figcaption><\/figure><figure class='gallery-item'>\n\t\t\t<div class='gallery-icon landscape'>\n\t\t\t\t<a href='https:\/\/www.arquimaster.com.ar\/web\/wp-content\/uploads\/2015\/04\/bl783_10.jpg' title=\"Edificio de viviendas BL783 \/ Claudio Walter Arquitectos Asociados (\u00a9 Ramiro Sosa)\" data-rl_title=\"Edificio de viviendas BL783 \/ Claudio Walter Arquitectos Asociados (\u00a9 Ramiro Sosa)\" class=\"rl-gallery-link\" data-rl_caption=\"Edificio de viviendas BL783 \/ Claudio Walter Arquitectos Asociados (\u00a9 Ramiro Sosa)\" data-rel=\"lightbox-gallery-1\"><img loading=\"lazy\" decoding=\"async\" width=\"150\" height=\"150\" src=\"https:\/\/www.arquimaster.com.ar\/web\/wp-content\/uploads\/2015\/04\/bl783_10-150x150.jpg\" class=\"attachment-thumbnail size-thumbnail\" alt=\"\" aria-describedby=\"gallery-1-14637\" srcset=\"https:\/\/www.arquimaster.com.ar\/web\/wp-content\/uploads\/2015\/04\/bl783_10-150x150.jpg 150w, https:\/\/www.arquimaster.com.ar\/web\/wp-content\/uploads\/2015\/04\/bl783_10-50x50.jpg 50w, https:\/\/www.arquimaster.com.ar\/web\/wp-content\/uploads\/2015\/04\/bl783_10-125x125.jpg 125w\" sizes=\"auto, (max-width: 150px) 100vw, 150px\" \/><\/a>\n\t\t\t<\/div>\n\t\t\t\t<figcaption class='wp-caption-text gallery-caption' id='gallery-1-14637'>\n\t\t\t\tEdificio de viviendas BL783 \/ Claudio Walter Arquitectos Asociados (\u00a9 Ramiro Sosa)\n\t\t\t\t<\/figcaption><\/figure><figure class='gallery-item'>\n\t\t\t<div class='gallery-icon portrait'>\n\t\t\t\t<a href='https:\/\/www.arquimaster.com.ar\/web\/wp-content\/uploads\/2015\/04\/bl783_11.jpg' title=\"Edificio de viviendas BL783 \/ Claudio Walter Arquitectos Asociados (\u00a9 Ramiro Sosa)\" data-rl_title=\"Edificio de viviendas BL783 \/ Claudio Walter Arquitectos Asociados (\u00a9 Ramiro Sosa)\" class=\"rl-gallery-link\" data-rl_caption=\"Edificio de viviendas BL783 \/ Claudio Walter Arquitectos Asociados (\u00a9 Ramiro Sosa)\" data-rel=\"lightbox-gallery-1\"><img loading=\"lazy\" decoding=\"async\" width=\"150\" height=\"150\" src=\"https:\/\/www.arquimaster.com.ar\/web\/wp-content\/uploads\/2015\/04\/bl783_11-150x150.jpg\" class=\"attachment-thumbnail size-thumbnail\" alt=\"\" aria-describedby=\"gallery-1-14608\" srcset=\"https:\/\/www.arquimaster.com.ar\/web\/wp-content\/uploads\/2015\/04\/bl783_11-150x150.jpg 150w, https:\/\/www.arquimaster.com.ar\/web\/wp-content\/uploads\/2015\/04\/bl783_11-50x50.jpg 50w, https:\/\/www.arquimaster.com.ar\/web\/wp-content\/uploads\/2015\/04\/bl783_11-125x125.jpg 125w\" sizes=\"auto, (max-width: 150px) 100vw, 150px\" \/><\/a>\n\t\t\t<\/div>\n\t\t\t\t<figcaption class='wp-caption-text gallery-caption' id='gallery-1-14608'>\n\t\t\t\tEdificio de viviendas BL783 \/ Claudio Walter Arquitectos Asociados (\u00a9 Ramiro Sosa)\n\t\t\t\t<\/figcaption><\/figure><figure class='gallery-item'>\n\t\t\t<div class='gallery-icon portrait'>\n\t\t\t\t<a href='https:\/\/www.arquimaster.com.ar\/web\/wp-content\/uploads\/2015\/04\/bl783_12.jpg' title=\"Edificio de viviendas BL783 \/ Claudio Walter Arquitectos Asociados (\u00a9 Ramiro Sosa)\" data-rl_title=\"Edificio de viviendas BL783 \/ Claudio Walter Arquitectos Asociados (\u00a9 Ramiro Sosa)\" class=\"rl-gallery-link\" data-rl_caption=\"Edificio de viviendas BL783 \/ Claudio Walter Arquitectos Asociados (\u00a9 Ramiro Sosa)\" data-rel=\"lightbox-gallery-1\"><img loading=\"lazy\" decoding=\"async\" width=\"150\" height=\"150\" src=\"https:\/\/www.arquimaster.com.ar\/web\/wp-content\/uploads\/2015\/04\/bl783_12-150x150.jpg\" class=\"attachment-thumbnail size-thumbnail\" alt=\"\" aria-describedby=\"gallery-1-14609\" srcset=\"https:\/\/www.arquimaster.com.ar\/web\/wp-content\/uploads\/2015\/04\/bl783_12-150x150.jpg 150w, https:\/\/www.arquimaster.com.ar\/web\/wp-content\/uploads\/2015\/04\/bl783_12-50x50.jpg 50w, https:\/\/www.arquimaster.com.ar\/web\/wp-content\/uploads\/2015\/04\/bl783_12-125x125.jpg 125w\" sizes=\"auto, (max-width: 150px) 100vw, 150px\" \/><\/a>\n\t\t\t<\/div>\n\t\t\t\t<figcaption class='wp-caption-text gallery-caption' id='gallery-1-14609'>\n\t\t\t\tEdificio de viviendas BL783 \/ Claudio Walter Arquitectos Asociados (\u00a9 Ramiro Sosa)\n\t\t\t\t<\/figcaption><\/figure><figure class='gallery-item'>\n\t\t\t<div class='gallery-icon portrait'>\n\t\t\t\t<a href='https:\/\/www.arquimaster.com.ar\/web\/wp-content\/uploads\/2015\/04\/bl783_13.jpg' title=\"Edificio de viviendas BL783 \/ Claudio Walter Arquitectos Asociados (\u00a9 Ramiro Sosa)\" data-rl_title=\"Edificio de viviendas BL783 \/ Claudio Walter Arquitectos Asociados (\u00a9 Ramiro Sosa)\" class=\"rl-gallery-link\" data-rl_caption=\"Edificio de viviendas BL783 \/ Claudio Walter Arquitectos Asociados (\u00a9 Ramiro Sosa)\" data-rel=\"lightbox-gallery-1\"><img loading=\"lazy\" decoding=\"async\" width=\"150\" height=\"150\" src=\"https:\/\/www.arquimaster.com.ar\/web\/wp-content\/uploads\/2015\/04\/bl783_13-150x150.jpg\" class=\"attachment-thumbnail size-thumbnail\" alt=\"\" aria-describedby=\"gallery-1-14610\" srcset=\"https:\/\/www.arquimaster.com.ar\/web\/wp-content\/uploads\/2015\/04\/bl783_13-150x150.jpg 150w, https:\/\/www.arquimaster.com.ar\/web\/wp-content\/uploads\/2015\/04\/bl783_13-50x50.jpg 50w, https:\/\/www.arquimaster.com.ar\/web\/wp-content\/uploads\/2015\/04\/bl783_13-125x125.jpg 125w\" sizes=\"auto, (max-width: 150px) 100vw, 150px\" \/><\/a>\n\t\t\t<\/div>\n\t\t\t\t<figcaption class='wp-caption-text gallery-caption' id='gallery-1-14610'>\n\t\t\t\tEdificio de viviendas BL783 \/ Claudio Walter Arquitectos Asociados (\u00a9 Ramiro Sosa)\n\t\t\t\t<\/figcaption><\/figure><figure class='gallery-item'>\n\t\t\t<div class='gallery-icon portrait'>\n\t\t\t\t<a href='https:\/\/www.arquimaster.com.ar\/web\/wp-content\/uploads\/2015\/04\/bl783_14.jpg' title=\"Edificio de viviendas BL783 \/ Claudio Walter Arquitectos Asociados (\u00a9 Ramiro Sosa)\" data-rl_title=\"Edificio de viviendas BL783 \/ Claudio Walter Arquitectos Asociados (\u00a9 Ramiro Sosa)\" class=\"rl-gallery-link\" data-rl_caption=\"Edificio de viviendas BL783 \/ Claudio Walter Arquitectos Asociados (\u00a9 Ramiro Sosa)\" data-rel=\"lightbox-gallery-1\"><img loading=\"lazy\" decoding=\"async\" width=\"150\" height=\"150\" src=\"https:\/\/www.arquimaster.com.ar\/web\/wp-content\/uploads\/2015\/04\/bl783_14-150x150.jpg\" class=\"attachment-thumbnail size-thumbnail\" alt=\"\" aria-describedby=\"gallery-1-14611\" srcset=\"https:\/\/www.arquimaster.com.ar\/web\/wp-content\/uploads\/2015\/04\/bl783_14-150x150.jpg 150w, https:\/\/www.arquimaster.com.ar\/web\/wp-content\/uploads\/2015\/04\/bl783_14-50x50.jpg 50w, https:\/\/www.arquimaster.com.ar\/web\/wp-content\/uploads\/2015\/04\/bl783_14-125x125.jpg 125w\" sizes=\"auto, (max-width: 150px) 100vw, 150px\" \/><\/a>\n\t\t\t<\/div>\n\t\t\t\t<figcaption class='wp-caption-text gallery-caption' id='gallery-1-14611'>\n\t\t\t\tEdificio de viviendas BL783 \/ Claudio Walter Arquitectos Asociados (\u00a9 Ramiro Sosa)\n\t\t\t\t<\/figcaption><\/figure><figure class='gallery-item'>\n\t\t\t<div class='gallery-icon landscape'>\n\t\t\t\t<a href='https:\/\/www.arquimaster.com.ar\/web\/wp-content\/uploads\/2015\/04\/bl783_15.jpg' title=\"Edificio de viviendas BL783 \/ Claudio Walter Arquitectos Asociados (\u00a9 Ramiro Sosa)\" data-rl_title=\"Edificio de viviendas BL783 \/ Claudio Walter Arquitectos Asociados (\u00a9 Ramiro Sosa)\" class=\"rl-gallery-link\" data-rl_caption=\"Edificio de viviendas BL783 \/ Claudio Walter Arquitectos Asociados (\u00a9 Ramiro Sosa)\" data-rel=\"lightbox-gallery-1\"><img loading=\"lazy\" decoding=\"async\" width=\"150\" height=\"150\" src=\"https:\/\/www.arquimaster.com.ar\/web\/wp-content\/uploads\/2015\/04\/bl783_15-150x150.jpg\" class=\"attachment-thumbnail size-thumbnail\" alt=\"\" aria-describedby=\"gallery-1-14612\" srcset=\"https:\/\/www.arquimaster.com.ar\/web\/wp-content\/uploads\/2015\/04\/bl783_15-150x150.jpg 150w, https:\/\/www.arquimaster.com.ar\/web\/wp-content\/uploads\/2015\/04\/bl783_15-50x50.jpg 50w, https:\/\/www.arquimaster.com.ar\/web\/wp-content\/uploads\/2015\/04\/bl783_15-125x125.jpg 125w\" sizes=\"auto, (max-width: 150px) 100vw, 150px\" \/><\/a>\n\t\t\t<\/div>\n\t\t\t\t<figcaption class='wp-caption-text gallery-caption' id='gallery-1-14612'>\n\t\t\t\tEdificio de viviendas BL783 \/ Claudio Walter Arquitectos Asociados (\u00a9 Ramiro Sosa)\n\t\t\t\t<\/figcaption><\/figure><figure class='gallery-item'>\n\t\t\t<div class='gallery-icon portrait'>\n\t\t\t\t<a href='https:\/\/www.arquimaster.com.ar\/web\/wp-content\/uploads\/2015\/04\/bl783_16.jpg' title=\"Edificio de viviendas BL783 \/ Claudio Walter Arquitectos Asociados (\u00a9 Ramiro Sosa)\" data-rl_title=\"Edificio de viviendas BL783 \/ Claudio Walter Arquitectos Asociados (\u00a9 Ramiro Sosa)\" class=\"rl-gallery-link\" data-rl_caption=\"Edificio de viviendas BL783 \/ Claudio Walter Arquitectos Asociados (\u00a9 Ramiro Sosa)\" data-rel=\"lightbox-gallery-1\"><img loading=\"lazy\" decoding=\"async\" width=\"150\" height=\"150\" src=\"https:\/\/www.arquimaster.com.ar\/web\/wp-content\/uploads\/2015\/04\/bl783_16-150x150.jpg\" class=\"attachment-thumbnail size-thumbnail\" alt=\"\" aria-describedby=\"gallery-1-14613\" srcset=\"https:\/\/www.arquimaster.com.ar\/web\/wp-content\/uploads\/2015\/04\/bl783_16-150x150.jpg 150w, https:\/\/www.arquimaster.com.ar\/web\/wp-content\/uploads\/2015\/04\/bl783_16-50x50.jpg 50w, https:\/\/www.arquimaster.com.ar\/web\/wp-content\/uploads\/2015\/04\/bl783_16-125x125.jpg 125w\" sizes=\"auto, (max-width: 150px) 100vw, 150px\" \/><\/a>\n\t\t\t<\/div>\n\t\t\t\t<figcaption class='wp-caption-text gallery-caption' id='gallery-1-14613'>\n\t\t\t\tEdificio de viviendas BL783 \/ Claudio Walter Arquitectos Asociados (\u00a9 Ramiro Sosa)\n\t\t\t\t<\/figcaption><\/figure><figure class='gallery-item'>\n\t\t\t<div class='gallery-icon portrait'>\n\t\t\t\t<a href='https:\/\/www.arquimaster.com.ar\/web\/wp-content\/uploads\/2015\/04\/bl783_17.jpg' title=\"Edificio de viviendas BL783 \/ Claudio Walter Arquitectos Asociados (\u00a9 Ramiro Sosa)\" data-rl_title=\"Edificio de viviendas BL783 \/ Claudio Walter Arquitectos Asociados (\u00a9 Ramiro Sosa)\" class=\"rl-gallery-link\" data-rl_caption=\"Edificio de viviendas BL783 \/ Claudio Walter Arquitectos Asociados (\u00a9 Ramiro Sosa)\" data-rel=\"lightbox-gallery-1\"><img loading=\"lazy\" decoding=\"async\" width=\"150\" height=\"150\" src=\"https:\/\/www.arquimaster.com.ar\/web\/wp-content\/uploads\/2015\/04\/bl783_17-150x150.jpg\" class=\"attachment-thumbnail size-thumbnail\" alt=\"\" aria-describedby=\"gallery-1-14614\" srcset=\"https:\/\/www.arquimaster.com.ar\/web\/wp-content\/uploads\/2015\/04\/bl783_17-150x150.jpg 150w, https:\/\/www.arquimaster.com.ar\/web\/wp-content\/uploads\/2015\/04\/bl783_17-50x50.jpg 50w, https:\/\/www.arquimaster.com.ar\/web\/wp-content\/uploads\/2015\/04\/bl783_17-125x125.jpg 125w\" sizes=\"auto, (max-width: 150px) 100vw, 150px\" \/><\/a>\n\t\t\t<\/div>\n\t\t\t\t<figcaption class='wp-caption-text gallery-caption' id='gallery-1-14614'>\n\t\t\t\tEdificio de viviendas BL783 \/ Claudio Walter Arquitectos Asociados (\u00a9 Ramiro Sosa)\n\t\t\t\t<\/figcaption><\/figure><figure class='gallery-item'>\n\t\t\t<div class='gallery-icon portrait'>\n\t\t\t\t<a href='https:\/\/www.arquimaster.com.ar\/web\/wp-content\/uploads\/2015\/04\/bl783_18.jpg' title=\"Edificio de viviendas BL783 \/ Claudio Walter Arquitectos Asociados (\u00a9 Ramiro Sosa)\" data-rl_title=\"Edificio de viviendas BL783 \/ Claudio Walter Arquitectos Asociados (\u00a9 Ramiro Sosa)\" class=\"rl-gallery-link\" data-rl_caption=\"Edificio de viviendas BL783 \/ Claudio Walter Arquitectos Asociados (\u00a9 Ramiro Sosa)\" data-rel=\"lightbox-gallery-1\"><img loading=\"lazy\" decoding=\"async\" width=\"150\" height=\"150\" src=\"https:\/\/www.arquimaster.com.ar\/web\/wp-content\/uploads\/2015\/04\/bl783_18-150x150.jpg\" class=\"attachment-thumbnail size-thumbnail\" alt=\"\" aria-describedby=\"gallery-1-14615\" srcset=\"https:\/\/www.arquimaster.com.ar\/web\/wp-content\/uploads\/2015\/04\/bl783_18-150x150.jpg 150w, https:\/\/www.arquimaster.com.ar\/web\/wp-content\/uploads\/2015\/04\/bl783_18-50x50.jpg 50w, https:\/\/www.arquimaster.com.ar\/web\/wp-content\/uploads\/2015\/04\/bl783_18-125x125.jpg 125w\" sizes=\"auto, (max-width: 150px) 100vw, 150px\" \/><\/a>\n\t\t\t<\/div>\n\t\t\t\t<figcaption class='wp-caption-text gallery-caption' id='gallery-1-14615'>\n\t\t\t\tEdificio de viviendas BL783 \/ Claudio Walter Arquitectos Asociados (\u00a9 Ramiro Sosa)\n\t\t\t\t<\/figcaption><\/figure><figure class='gallery-item'>\n\t\t\t<div class='gallery-icon landscape'>\n\t\t\t\t<a href='https:\/\/www.arquimaster.com.ar\/web\/wp-content\/uploads\/2015\/04\/bl783_19.jpg' title=\"Edificio de viviendas BL783 \/ Claudio Walter Arquitectos Asociados (\u00a9 Ramiro Sosa)\" data-rl_title=\"Edificio de viviendas BL783 \/ Claudio Walter Arquitectos Asociados (\u00a9 Ramiro Sosa)\" class=\"rl-gallery-link\" data-rl_caption=\"Edificio de viviendas BL783 \/ Claudio Walter Arquitectos Asociados (\u00a9 Ramiro Sosa)\" data-rel=\"lightbox-gallery-1\"><img loading=\"lazy\" decoding=\"async\" width=\"150\" height=\"150\" src=\"https:\/\/www.arquimaster.com.ar\/web\/wp-content\/uploads\/2015\/04\/bl783_19-150x150.jpg\" class=\"attachment-thumbnail size-thumbnail\" alt=\"\" aria-describedby=\"gallery-1-14638\" srcset=\"https:\/\/www.arquimaster.com.ar\/web\/wp-content\/uploads\/2015\/04\/bl783_19-150x150.jpg 150w, https:\/\/www.arquimaster.com.ar\/web\/wp-content\/uploads\/2015\/04\/bl783_19-50x50.jpg 50w, https:\/\/www.arquimaster.com.ar\/web\/wp-content\/uploads\/2015\/04\/bl783_19-125x125.jpg 125w\" sizes=\"auto, (max-width: 150px) 100vw, 150px\" \/><\/a>\n\t\t\t<\/div>\n\t\t\t\t<figcaption class='wp-caption-text gallery-caption' id='gallery-1-14638'>\n\t\t\t\tEdificio de viviendas BL783 \/ Claudio Walter Arquitectos Asociados (\u00a9 Ramiro Sosa)\n\t\t\t\t<\/figcaption><\/figure><figure class='gallery-item'>\n\t\t\t<div class='gallery-icon portrait'>\n\t\t\t\t<a href='https:\/\/www.arquimaster.com.ar\/web\/wp-content\/uploads\/2015\/04\/bl783_20.jpg' title=\"Edificio de viviendas BL783 \/ Claudio Walter Arquitectos Asociados (\u00a9 Ramiro Sosa)\" data-rl_title=\"Edificio de viviendas BL783 \/ Claudio Walter Arquitectos Asociados (\u00a9 Ramiro Sosa)\" class=\"rl-gallery-link\" data-rl_caption=\"Edificio de viviendas BL783 \/ Claudio Walter Arquitectos Asociados (\u00a9 Ramiro Sosa)\" data-rel=\"lightbox-gallery-1\"><img loading=\"lazy\" decoding=\"async\" width=\"150\" height=\"150\" src=\"https:\/\/www.arquimaster.com.ar\/web\/wp-content\/uploads\/2015\/04\/bl783_20-150x150.jpg\" class=\"attachment-thumbnail size-thumbnail\" alt=\"\" aria-describedby=\"gallery-1-14617\" srcset=\"https:\/\/www.arquimaster.com.ar\/web\/wp-content\/uploads\/2015\/04\/bl783_20-150x150.jpg 150w, https:\/\/www.arquimaster.com.ar\/web\/wp-content\/uploads\/2015\/04\/bl783_20-50x50.jpg 50w, https:\/\/www.arquimaster.com.ar\/web\/wp-content\/uploads\/2015\/04\/bl783_20-125x125.jpg 125w\" sizes=\"auto, (max-width: 150px) 100vw, 150px\" \/><\/a>\n\t\t\t<\/div>\n\t\t\t\t<figcaption class='wp-caption-text gallery-caption' id='gallery-1-14617'>\n\t\t\t\tEdificio de viviendas BL783 \/ Claudio Walter Arquitectos Asociados (\u00a9 Ramiro Sosa)\n\t\t\t\t<\/figcaption><\/figure><figure class='gallery-item'>\n\t\t\t<div class='gallery-icon landscape'>\n\t\t\t\t<a href='https:\/\/www.arquimaster.com.ar\/web\/wp-content\/uploads\/2015\/04\/bl783_21.jpg' title=\"Edificio de viviendas BL783 \/ Claudio Walter Arquitectos Asociados (\u00a9 Ramiro Sosa)\" data-rl_title=\"Edificio de viviendas BL783 \/ Claudio Walter Arquitectos Asociados (\u00a9 Ramiro Sosa)\" class=\"rl-gallery-link\" data-rl_caption=\"Edificio de viviendas BL783 \/ Claudio Walter Arquitectos Asociados (\u00a9 Ramiro Sosa)\" data-rel=\"lightbox-gallery-1\"><img loading=\"lazy\" decoding=\"async\" width=\"150\" height=\"150\" src=\"https:\/\/www.arquimaster.com.ar\/web\/wp-content\/uploads\/2015\/04\/bl783_21-150x150.jpg\" class=\"attachment-thumbnail size-thumbnail\" alt=\"\" aria-describedby=\"gallery-1-14639\" srcset=\"https:\/\/www.arquimaster.com.ar\/web\/wp-content\/uploads\/2015\/04\/bl783_21-150x150.jpg 150w, https:\/\/www.arquimaster.com.ar\/web\/wp-content\/uploads\/2015\/04\/bl783_21-50x50.jpg 50w, https:\/\/www.arquimaster.com.ar\/web\/wp-content\/uploads\/2015\/04\/bl783_21-125x125.jpg 125w\" sizes=\"auto, (max-width: 150px) 100vw, 150px\" \/><\/a>\n\t\t\t<\/div>\n\t\t\t\t<figcaption class='wp-caption-text gallery-caption' id='gallery-1-14639'>\n\t\t\t\tEdificio de viviendas BL783 \/ Claudio Walter Arquitectos Asociados (\u00a9 Ramiro Sosa)\n\t\t\t\t<\/figcaption><\/figure><figure class='gallery-item'>\n\t\t\t<div class='gallery-icon portrait'>\n\t\t\t\t<a href='https:\/\/www.arquimaster.com.ar\/web\/wp-content\/uploads\/2015\/04\/bl783_22.jpg' title=\"Edificio de viviendas BL783 \/ Claudio Walter Arquitectos Asociados (\u00a9 Ramiro Sosa)\" data-rl_title=\"Edificio de viviendas BL783 \/ Claudio Walter Arquitectos Asociados (\u00a9 Ramiro Sosa)\" class=\"rl-gallery-link\" data-rl_caption=\"Edificio de viviendas BL783 \/ Claudio Walter Arquitectos Asociados (\u00a9 Ramiro Sosa)\" data-rel=\"lightbox-gallery-1\"><img loading=\"lazy\" decoding=\"async\" width=\"150\" height=\"150\" src=\"https:\/\/www.arquimaster.com.ar\/web\/wp-content\/uploads\/2015\/04\/bl783_22-150x150.jpg\" class=\"attachment-thumbnail size-thumbnail\" alt=\"\" aria-describedby=\"gallery-1-14619\" srcset=\"https:\/\/www.arquimaster.com.ar\/web\/wp-content\/uploads\/2015\/04\/bl783_22-150x150.jpg 150w, https:\/\/www.arquimaster.com.ar\/web\/wp-content\/uploads\/2015\/04\/bl783_22-50x50.jpg 50w, https:\/\/www.arquimaster.com.ar\/web\/wp-content\/uploads\/2015\/04\/bl783_22-125x125.jpg 125w\" sizes=\"auto, (max-width: 150px) 100vw, 150px\" \/><\/a>\n\t\t\t<\/div>\n\t\t\t\t<figcaption class='wp-caption-text gallery-caption' id='gallery-1-14619'>\n\t\t\t\tEdificio de viviendas BL783 \/ Claudio Walter Arquitectos Asociados (\u00a9 Ramiro Sosa)\n\t\t\t\t<\/figcaption><\/figure><figure class='gallery-item'>\n\t\t\t<div class='gallery-icon portrait'>\n\t\t\t\t<a href='https:\/\/www.arquimaster.com.ar\/web\/wp-content\/uploads\/2015\/04\/bl783_23.jpg' title=\"Edificio de viviendas BL783 \/ Claudio Walter Arquitectos Asociados (\u00a9 Ramiro Sosa)\" data-rl_title=\"Edificio de viviendas BL783 \/ Claudio Walter Arquitectos Asociados (\u00a9 Ramiro Sosa)\" class=\"rl-gallery-link\" data-rl_caption=\"Edificio de viviendas BL783 \/ Claudio Walter Arquitectos Asociados (\u00a9 Ramiro Sosa)\" data-rel=\"lightbox-gallery-1\"><img loading=\"lazy\" decoding=\"async\" width=\"150\" height=\"150\" src=\"https:\/\/www.arquimaster.com.ar\/web\/wp-content\/uploads\/2015\/04\/bl783_23-150x150.jpg\" class=\"attachment-thumbnail size-thumbnail\" alt=\"\" aria-describedby=\"gallery-1-14620\" srcset=\"https:\/\/www.arquimaster.com.ar\/web\/wp-content\/uploads\/2015\/04\/bl783_23-150x150.jpg 150w, https:\/\/www.arquimaster.com.ar\/web\/wp-content\/uploads\/2015\/04\/bl783_23-50x50.jpg 50w, https:\/\/www.arquimaster.com.ar\/web\/wp-content\/uploads\/2015\/04\/bl783_23-125x125.jpg 125w\" sizes=\"auto, (max-width: 150px) 100vw, 150px\" \/><\/a>\n\t\t\t<\/div>\n\t\t\t\t<figcaption class='wp-caption-text gallery-caption' id='gallery-1-14620'>\n\t\t\t\tEdificio de viviendas BL783 \/ Claudio Walter Arquitectos Asociados (\u00a9 Ramiro Sosa)\n\t\t\t\t<\/figcaption><\/figure><figure class='gallery-item'>\n\t\t\t<div class='gallery-icon portrait'>\n\t\t\t\t<a href='https:\/\/www.arquimaster.com.ar\/web\/wp-content\/uploads\/2015\/04\/bl783_24.jpg' title=\"Edificio de viviendas BL783 \/ Claudio Walter Arquitectos Asociados (\u00a9 Ramiro Sosa)\" data-rl_title=\"Edificio de viviendas BL783 \/ Claudio Walter Arquitectos Asociados (\u00a9 Ramiro Sosa)\" class=\"rl-gallery-link\" data-rl_caption=\"Edificio de viviendas BL783 \/ Claudio Walter Arquitectos Asociados (\u00a9 Ramiro Sosa)\" data-rel=\"lightbox-gallery-1\"><img loading=\"lazy\" decoding=\"async\" width=\"150\" height=\"150\" src=\"https:\/\/www.arquimaster.com.ar\/web\/wp-content\/uploads\/2015\/04\/bl783_24-150x150.jpg\" class=\"attachment-thumbnail size-thumbnail\" alt=\"\" aria-describedby=\"gallery-1-14621\" srcset=\"https:\/\/www.arquimaster.com.ar\/web\/wp-content\/uploads\/2015\/04\/bl783_24-150x150.jpg 150w, https:\/\/www.arquimaster.com.ar\/web\/wp-content\/uploads\/2015\/04\/bl783_24-50x50.jpg 50w, https:\/\/www.arquimaster.com.ar\/web\/wp-content\/uploads\/2015\/04\/bl783_24-125x125.jpg 125w\" sizes=\"auto, (max-width: 150px) 100vw, 150px\" \/><\/a>\n\t\t\t<\/div>\n\t\t\t\t<figcaption class='wp-caption-text gallery-caption' id='gallery-1-14621'>\n\t\t\t\tEdificio de viviendas BL783 \/ Claudio Walter Arquitectos Asociados (\u00a9 Ramiro Sosa)\n\t\t\t\t<\/figcaption><\/figure><figure class='gallery-item'>\n\t\t\t<div class='gallery-icon portrait'>\n\t\t\t\t<a href='https:\/\/www.arquimaster.com.ar\/web\/wp-content\/uploads\/2015\/04\/bl783_25.jpg' title=\"Edificio de viviendas BL783 \/ Claudio Walter Arquitectos Asociados (\u00a9 Ramiro Sosa)\" data-rl_title=\"Edificio de viviendas BL783 \/ Claudio Walter Arquitectos Asociados (\u00a9 Ramiro Sosa)\" class=\"rl-gallery-link\" data-rl_caption=\"Edificio de viviendas BL783 \/ Claudio Walter Arquitectos Asociados (\u00a9 Ramiro Sosa)\" data-rel=\"lightbox-gallery-1\"><img loading=\"lazy\" decoding=\"async\" width=\"150\" height=\"150\" src=\"https:\/\/www.arquimaster.com.ar\/web\/wp-content\/uploads\/2015\/04\/bl783_25-150x150.jpg\" class=\"attachment-thumbnail size-thumbnail\" alt=\"\" aria-describedby=\"gallery-1-14640\" srcset=\"https:\/\/www.arquimaster.com.ar\/web\/wp-content\/uploads\/2015\/04\/bl783_25-150x150.jpg 150w, https:\/\/www.arquimaster.com.ar\/web\/wp-content\/uploads\/2015\/04\/bl783_25-50x50.jpg 50w, https:\/\/www.arquimaster.com.ar\/web\/wp-content\/uploads\/2015\/04\/bl783_25-125x125.jpg 125w\" sizes=\"auto, (max-width: 150px) 100vw, 150px\" \/><\/a>\n\t\t\t<\/div>\n\t\t\t\t<figcaption class='wp-caption-text gallery-caption' id='gallery-1-14640'>\n\t\t\t\tEdificio de viviendas BL783 \/ Claudio Walter Arquitectos Asociados (\u00a9 Ramiro Sosa)\n\t\t\t\t<\/figcaption><\/figure><figure class='gallery-item'>\n\t\t\t<div class='gallery-icon landscape'>\n\t\t\t\t<a href='https:\/\/www.arquimaster.com.ar\/web\/wp-content\/uploads\/2015\/04\/bl783_26.jpg' title=\"Edificio de viviendas BL783 \/ Claudio Walter Arquitectos Asociados (\u00a9 Ramiro Sosa)\" data-rl_title=\"Edificio de viviendas BL783 \/ Claudio Walter Arquitectos Asociados (\u00a9 Ramiro Sosa)\" class=\"rl-gallery-link\" data-rl_caption=\"Edificio de viviendas BL783 \/ Claudio Walter Arquitectos Asociados (\u00a9 Ramiro Sosa)\" data-rel=\"lightbox-gallery-1\"><img loading=\"lazy\" decoding=\"async\" width=\"150\" height=\"150\" src=\"https:\/\/www.arquimaster.com.ar\/web\/wp-content\/uploads\/2015\/04\/bl783_26-150x150.jpg\" class=\"attachment-thumbnail size-thumbnail\" alt=\"\" aria-describedby=\"gallery-1-14623\" srcset=\"https:\/\/www.arquimaster.com.ar\/web\/wp-content\/uploads\/2015\/04\/bl783_26-150x150.jpg 150w, https:\/\/www.arquimaster.com.ar\/web\/wp-content\/uploads\/2015\/04\/bl783_26-50x50.jpg 50w, https:\/\/www.arquimaster.com.ar\/web\/wp-content\/uploads\/2015\/04\/bl783_26-125x125.jpg 125w\" sizes=\"auto, (max-width: 150px) 100vw, 150px\" \/><\/a>\n\t\t\t<\/div>\n\t\t\t\t<figcaption class='wp-caption-text gallery-caption' id='gallery-1-14623'>\n\t\t\t\tEdificio de viviendas BL783 \/ Claudio Walter Arquitectos Asociados (\u00a9 Ramiro Sosa)\n\t\t\t\t<\/figcaption><\/figure><figure class='gallery-item'>\n\t\t\t<div class='gallery-icon portrait'>\n\t\t\t\t<a href='https:\/\/www.arquimaster.com.ar\/web\/wp-content\/uploads\/2015\/04\/bl783_27.jpg' title=\"Edificio de viviendas BL783 \/ Claudio Walter Arquitectos Asociados (\u00a9 Ramiro Sosa)\" data-rl_title=\"Edificio de viviendas BL783 \/ Claudio Walter Arquitectos Asociados (\u00a9 Ramiro Sosa)\" class=\"rl-gallery-link\" data-rl_caption=\"Edificio de viviendas BL783 \/ Claudio Walter Arquitectos Asociados (\u00a9 Ramiro Sosa)\" data-rel=\"lightbox-gallery-1\"><img loading=\"lazy\" decoding=\"async\" width=\"150\" height=\"150\" src=\"https:\/\/www.arquimaster.com.ar\/web\/wp-content\/uploads\/2015\/04\/bl783_27-150x150.jpg\" class=\"attachment-thumbnail size-thumbnail\" alt=\"\" aria-describedby=\"gallery-1-14641\" srcset=\"https:\/\/www.arquimaster.com.ar\/web\/wp-content\/uploads\/2015\/04\/bl783_27-150x150.jpg 150w, https:\/\/www.arquimaster.com.ar\/web\/wp-content\/uploads\/2015\/04\/bl783_27-50x50.jpg 50w, https:\/\/www.arquimaster.com.ar\/web\/wp-content\/uploads\/2015\/04\/bl783_27-125x125.jpg 125w\" sizes=\"auto, (max-width: 150px) 100vw, 150px\" \/><\/a>\n\t\t\t<\/div>\n\t\t\t\t<figcaption class='wp-caption-text gallery-caption' id='gallery-1-14641'>\n\t\t\t\tEdificio de viviendas BL783 \/ Claudio Walter Arquitectos Asociados (\u00a9 Ramiro Sosa)\n\t\t\t\t<\/figcaption><\/figure><figure class='gallery-item'>\n\t\t\t<div class='gallery-icon portrait'>\n\t\t\t\t<a href='https:\/\/www.arquimaster.com.ar\/web\/wp-content\/uploads\/2015\/04\/bl783_28.jpg' title=\"Edificio de viviendas BL783 \/ Claudio Walter Arquitectos Asociados (\u00a9 Ramiro Sosa)\" data-rl_title=\"Edificio de viviendas BL783 \/ Claudio Walter Arquitectos Asociados (\u00a9 Ramiro Sosa)\" class=\"rl-gallery-link\" data-rl_caption=\"Edificio de viviendas BL783 \/ Claudio Walter Arquitectos Asociados (\u00a9 Ramiro Sosa)\" data-rel=\"lightbox-gallery-1\"><img loading=\"lazy\" decoding=\"async\" width=\"150\" height=\"150\" src=\"https:\/\/www.arquimaster.com.ar\/web\/wp-content\/uploads\/2015\/04\/bl783_28-150x150.jpg\" class=\"attachment-thumbnail size-thumbnail\" alt=\"\" aria-describedby=\"gallery-1-14642\" srcset=\"https:\/\/www.arquimaster.com.ar\/web\/wp-content\/uploads\/2015\/04\/bl783_28-150x150.jpg 150w, https:\/\/www.arquimaster.com.ar\/web\/wp-content\/uploads\/2015\/04\/bl783_28-50x50.jpg 50w, https:\/\/www.arquimaster.com.ar\/web\/wp-content\/uploads\/2015\/04\/bl783_28-125x125.jpg 125w\" sizes=\"auto, (max-width: 150px) 100vw, 150px\" \/><\/a>\n\t\t\t<\/div>\n\t\t\t\t<figcaption class='wp-caption-text gallery-caption' id='gallery-1-14642'>\n\t\t\t\tEdificio de viviendas BL783 \/ Claudio Walter Arquitectos Asociados (\u00a9 Ramiro Sosa)\n\t\t\t\t<\/figcaption><\/figure><figure class='gallery-item'>\n\t\t\t<div class='gallery-icon portrait'>\n\t\t\t\t<a href='https:\/\/www.arquimaster.com.ar\/web\/wp-content\/uploads\/2015\/04\/bl783_29.jpg' title=\"Edificio de viviendas BL783 \/ Claudio Walter Arquitectos Asociados (planta baja)\" data-rl_title=\"Edificio de viviendas BL783 \/ Claudio Walter Arquitectos Asociados (planta baja)\" class=\"rl-gallery-link\" data-rl_caption=\"Edificio de viviendas BL783 \/ Claudio Walter Arquitectos Asociados (planta baja)\" data-rel=\"lightbox-gallery-1\"><img loading=\"lazy\" decoding=\"async\" width=\"150\" height=\"150\" src=\"https:\/\/www.arquimaster.com.ar\/web\/wp-content\/uploads\/2015\/04\/bl783_29-150x150.jpg\" class=\"attachment-thumbnail size-thumbnail\" alt=\"\" aria-describedby=\"gallery-1-14626\" srcset=\"https:\/\/www.arquimaster.com.ar\/web\/wp-content\/uploads\/2015\/04\/bl783_29-150x150.jpg 150w, https:\/\/www.arquimaster.com.ar\/web\/wp-content\/uploads\/2015\/04\/bl783_29-50x50.jpg 50w, https:\/\/www.arquimaster.com.ar\/web\/wp-content\/uploads\/2015\/04\/bl783_29-125x125.jpg 125w\" sizes=\"auto, (max-width: 150px) 100vw, 150px\" \/><\/a>\n\t\t\t<\/div>\n\t\t\t\t<figcaption class='wp-caption-text gallery-caption' id='gallery-1-14626'>\n\t\t\t\tEdificio de viviendas BL783 \/ Claudio Walter Arquitectos Asociados (planta baja)\n\t\t\t\t<\/figcaption><\/figure><figure class='gallery-item'>\n\t\t\t<div class='gallery-icon portrait'>\n\t\t\t\t<a href='https:\/\/www.arquimaster.com.ar\/web\/wp-content\/uploads\/2015\/04\/bl783_30.jpg' title=\"Edificio de viviendas BL783 \/ Claudio Walter Arquitectos Asociados (planta tipo)\" data-rl_title=\"Edificio de viviendas BL783 \/ Claudio Walter Arquitectos Asociados (planta tipo)\" class=\"rl-gallery-link\" data-rl_caption=\"Edificio de viviendas BL783 \/ Claudio Walter Arquitectos Asociados (planta tipo)\" data-rel=\"lightbox-gallery-1\"><img loading=\"lazy\" decoding=\"async\" width=\"150\" height=\"150\" src=\"https:\/\/www.arquimaster.com.ar\/web\/wp-content\/uploads\/2015\/04\/bl783_30-150x150.jpg\" class=\"attachment-thumbnail size-thumbnail\" alt=\"\" aria-describedby=\"gallery-1-14627\" srcset=\"https:\/\/www.arquimaster.com.ar\/web\/wp-content\/uploads\/2015\/04\/bl783_30-150x150.jpg 150w, https:\/\/www.arquimaster.com.ar\/web\/wp-content\/uploads\/2015\/04\/bl783_30-50x50.jpg 50w, https:\/\/www.arquimaster.com.ar\/web\/wp-content\/uploads\/2015\/04\/bl783_30-125x125.jpg 125w\" sizes=\"auto, (max-width: 150px) 100vw, 150px\" \/><\/a>\n\t\t\t<\/div>\n\t\t\t\t<figcaption class='wp-caption-text gallery-caption' id='gallery-1-14627'>\n\t\t\t\tEdificio de viviendas BL783 \/ Claudio Walter Arquitectos Asociados (planta tipo)\n\t\t\t\t<\/figcaption><\/figure><figure class='gallery-item'>\n\t\t\t<div class='gallery-icon landscape'>\n\t\t\t\t<a href='https:\/\/www.arquimaster.com.ar\/web\/wp-content\/uploads\/2015\/04\/bl783_31.jpg' title=\"Edificio de viviendas BL783 \/ Claudio Walter Arquitectos Asociados (corte)\" data-rl_title=\"Edificio de viviendas BL783 \/ Claudio Walter Arquitectos Asociados (corte)\" class=\"rl-gallery-link\" data-rl_caption=\"Edificio de viviendas BL783 \/ Claudio Walter Arquitectos Asociados (corte)\" data-rel=\"lightbox-gallery-1\"><img loading=\"lazy\" decoding=\"async\" width=\"150\" height=\"150\" src=\"https:\/\/www.arquimaster.com.ar\/web\/wp-content\/uploads\/2015\/04\/bl783_31-150x150.jpg\" class=\"attachment-thumbnail size-thumbnail\" alt=\"\" aria-describedby=\"gallery-1-14628\" srcset=\"https:\/\/www.arquimaster.com.ar\/web\/wp-content\/uploads\/2015\/04\/bl783_31-150x150.jpg 150w, https:\/\/www.arquimaster.com.ar\/web\/wp-content\/uploads\/2015\/04\/bl783_31-50x50.jpg 50w, https:\/\/www.arquimaster.com.ar\/web\/wp-content\/uploads\/2015\/04\/bl783_31-125x125.jpg 125w\" sizes=\"auto, (max-width: 150px) 100vw, 150px\" \/><\/a>\n\t\t\t<\/div>\n\t\t\t\t<figcaption class='wp-caption-text gallery-caption' id='gallery-1-14628'>\n\t\t\t\tEdificio de viviendas BL783 \/ Claudio Walter Arquitectos Asociados (corte)\n\t\t\t\t<\/figcaption><\/figure><figure class='gallery-item'>\n\t\t\t<div class='gallery-icon portrait'>\n\t\t\t\t<a href='https:\/\/www.arquimaster.com.ar\/web\/wp-content\/uploads\/2015\/04\/bl783_32.jpg' title=\"Edificio de viviendas BL783 \/ Claudio Walter Arquitectos Asociados (vista frente)\" data-rl_title=\"Edificio de viviendas BL783 \/ Claudio Walter Arquitectos Asociados (vista frente)\" class=\"rl-gallery-link\" data-rl_caption=\"Edificio de viviendas BL783 \/ Claudio Walter Arquitectos Asociados (vista frente)\" data-rel=\"lightbox-gallery-1\"><img loading=\"lazy\" decoding=\"async\" width=\"150\" height=\"150\" src=\"https:\/\/www.arquimaster.com.ar\/web\/wp-content\/uploads\/2015\/04\/bl783_32-150x150.jpg\" class=\"attachment-thumbnail size-thumbnail\" alt=\"\" aria-describedby=\"gallery-1-14629\" srcset=\"https:\/\/www.arquimaster.com.ar\/web\/wp-content\/uploads\/2015\/04\/bl783_32-150x150.jpg 150w, https:\/\/www.arquimaster.com.ar\/web\/wp-content\/uploads\/2015\/04\/bl783_32-50x50.jpg 50w, https:\/\/www.arquimaster.com.ar\/web\/wp-content\/uploads\/2015\/04\/bl783_32-125x125.jpg 125w\" sizes=\"auto, (max-width: 150px) 100vw, 150px\" \/><\/a>\n\t\t\t<\/div>\n\t\t\t\t<figcaption class='wp-caption-text gallery-caption' id='gallery-1-14629'>\n\t\t\t\tEdificio de viviendas BL783 \/ Claudio Walter Arquitectos Asociados (vista frente)\n\t\t\t\t<\/figcaption><\/figure><figure class='gallery-item'>\n\t\t\t<div class='gallery-icon landscape'>\n\t\t\t\t<a href='https:\/\/www.arquimaster.com.ar\/web\/wp-content\/uploads\/2015\/04\/bl783_33.jpg' title=\"Edificio de viviendas BL783 \/ Claudio Walter Arquitectos Asociados (vista lateral)\" data-rl_title=\"Edificio de viviendas BL783 \/ Claudio Walter Arquitectos Asociados (vista lateral)\" class=\"rl-gallery-link\" data-rl_caption=\"Edificio de viviendas BL783 \/ Claudio Walter Arquitectos Asociados (vista lateral)\" data-rel=\"lightbox-gallery-1\"><img loading=\"lazy\" decoding=\"async\" width=\"150\" height=\"150\" src=\"https:\/\/www.arquimaster.com.ar\/web\/wp-content\/uploads\/2015\/04\/bl783_33-150x150.jpg\" class=\"attachment-thumbnail size-thumbnail\" alt=\"\" aria-describedby=\"gallery-1-14630\" srcset=\"https:\/\/www.arquimaster.com.ar\/web\/wp-content\/uploads\/2015\/04\/bl783_33-150x150.jpg 150w, https:\/\/www.arquimaster.com.ar\/web\/wp-content\/uploads\/2015\/04\/bl783_33-50x50.jpg 50w, https:\/\/www.arquimaster.com.ar\/web\/wp-content\/uploads\/2015\/04\/bl783_33-125x125.jpg 125w\" sizes=\"auto, (max-width: 150px) 100vw, 150px\" \/><\/a>\n\t\t\t<\/div>\n\t\t\t\t<figcaption class='wp-caption-text gallery-caption' id='gallery-1-14630'>\n\t\t\t\tEdificio de viviendas BL783 \/ Claudio Walter Arquitectos Asociados (vista lateral)\n\t\t\t\t<\/figcaption><\/figure>\n\t\t<\/div>\n\n<p>El espacio urbano es amplio, en el paisaje predominan jacarand\u00e1s y lapachos rosados y sus bordes definidos por construcciones de baja altura. En esta situaci\u00f3n disponemos de una peque\u00f1a parcela de terreno, producto de la demolici\u00f3n de una antigua vivienda sin valor patrimonial.<\/p>\n<p>La expectativa del desarrollador estaba puesta en optimizar el resultado econ\u00f3mico. Adem\u00e1s de los condicionantes que impon\u00eda el c\u00f3digo de edificaci\u00f3n urbano, el presupuesto era limitado y el plazo de ejecuci\u00f3n no deb\u00eda superar los 12 meses.<\/p>\n<p>El planteo se resuelve con dos bloques vinculados por la circulaci\u00f3n conforme al objetivo de consolidar el frente a dicho boulevard y optimizar el acondicionamiento clim\u00e1tico que brinda la orientaci\u00f3n norte en el bloque posterior.<\/p>\n<p>El esquema circulatorio se transform\u00f3 en el eje vertical estructurante del conjunto y las pasarelas que vinculan los departamentos en las ventanas urbanas del edificio, cerradas al sur para proteger del viento y la lluvia, y abiertas al norte.<\/p>\n<p>La planta baja destinada a hall de acceso, estacionamientos y un peque\u00f1o local comercial se destaca por la transparencia y fluidez espacial interior exterior.<\/p>\n<p>La profundidad visual que nos permit\u00eda el ancho de la calle y el entorno de poca altura nos desafi\u00f3 a tratar las medianeras como fachadas laterales. De esta manera la imagen principal del edificio est\u00e1 conformada por pantallas de acero inoxidable que pretenden filtrar sol y visuales a los interiores a trav\u00e9s de sus grandes aberturas. Vidrios laminados como barandas de protecci\u00f3n y el hormig\u00f3n a la vista de las losas de entrepisos.<\/p>\n<p>Los laterales con rajas de pa\u00f1os de vidrio fijo (dispuestos adem\u00e1s para mejorar la calidad lum\u00ednica interior de las unidades) y bu\u00f1as de aluminio generan una trama irregular que busca armonizar por contraposici\u00f3n con la fachada principal. Se completan con las escaleras que hilvanan los bloques y los niveles de piso.<\/p>\n<p>El volumen posterior se abre a trav\u00e9s de grandes ventanas dispuestas en la zona de estar de los departamentos. Las unidades habitacionales son simples y est\u00e1n divididas por tabiques de paneles de yeso, lo que permite flexibilidad de adaptaci\u00f3n a diferentes modalidades de uso.<\/p>\n<p><strong>Ficha tecnica<\/strong><br \/>\nNombre: Edificio de viviendas BL783<br \/>\nUbicaci\u00f3n: Rafaela, Santa Fe, Argentina<br \/>\nArquitectos: Claudio Walter Arquitectos Asociados<br \/>\nEquipo: Arq. Claudio Walter, Arq. Ana Piuzzi, M.M.O. Leandro Schmithalter, Paola Lambrecht<br \/>\nA\u00f1o de proyecto: 2013<br \/>\n\u00c1rea: 852 m2<br \/>\nFotograf\u00edas: Ramiro Sosa<\/p>\n<p><strong>Contacto:<\/strong> <a title=\"Claudio Walter Arquitectos Asociados\" href=\"http:\/\/www.claudiowalter.com\" target=\"_blank\">http:\/\/www.claudiowalter.com<\/a><\/p>\n<p>&nbsp;<\/p>\n<p><em><strong>English version<\/strong><\/em><\/p>\n<p><em>The Lehmann boulevard is named after the founder of the colony Rafaela. It is one of the two foundational axes that intersect each other orthogonally and form the main square of the city that is surrounded by old and leafy tipas (Tipuana Tipu). The urban space is ample with low-rise buildings and a landscape with a predominance of jacarand\u00e1s (Jacaranda Mimoosifolia) and lapachos rosados (Handroanthus impetiginosus).<\/em><\/p>\n<p><em>In this situation we have a small plot of land, from the demolition of an old house without historical value. The expectation developer was focused on optimizing economic outcome. In addition to the conditions imposed by the city building code, the budget was limited and the execution time should not exceed 12 months.<\/em><\/p>\n<p><em>The premise is solved with two blocks linked by circulation seeking to consolidate the front of said boulevard, optimizing climate conditioning in the north facing rear block. The circulatory pattern becomes the vertical axis which orders joint and walkways linking departments with rightful urban windows, closing the south to protect from wind and rain and open to the north.<\/em><\/p>\n<p><em>The ground floor is for parking, entrance hall and has a small transparent and spatial fluidity shop.<\/em><\/p>\n<p><em>The visual depth that allows the width of the road and the low altitude environment challenged us to work side walls with the same importance as the main facade. Then the main image of the building is made up of stainless steel screens to filter sunlight and visual for apartments, laminated glass as guardrails and exposed concrete slabs of each floor.<\/em><\/p>\n<p><em>The lateral were designed with slivers of glass (also willing to improve the light quality inside the units) and aluminum bars generate an irregular grid which seeks to harmonize by contrast with the main facade.<\/em><\/p>\n<p><em>The rear volume opens through large windows arranged in the living area of the apartments. The housing units are simple and are divided by partitions drywall, allowing flexibility to adapt to different usage patterns.<\/em><\/p>\n\n<div style=\"font-size: 0px; height: 0px; line-height: 0px; margin: 0; padding: 0; clear: both;\"><\/div><div style=\"margin-top: 0px; margin-bottom: 0px;\" class=\"sharethis-inline-share-buttons\" ><\/div>","protected":false},"excerpt":{"rendered":"<p>La imagen principal del edificio est\u00e1 conformada por pantallas de acero inoxidable&#8230;<\/p>\n","protected":false},"author":1,"featured_media":14597,"comment_status":"closed","ping_status":"closed","sticky":false,"template":"","format":"standard","meta":{"_uag_custom_page_level_css":"","footnotes":""},"categories":[80,1],"tags":[3280,87,3281,29],"class_list":["post-14596","post","type-post","status-publish","format-standard","has-post-thumbnail","hentry","category-edificio-viviendas","category-proyecto","tag-claudio-walter-arquitectos-asociados","tag-edificio-de-viviendas","tag-rafaela","tag-santa-fe","generate-columns","tablet-grid-50","mobile-grid-100","grid-parent","grid-50"],"yoast_head":"<!-- This site is optimized with the Yoast SEO plugin v27.3 - https:\/\/yoast.com\/product\/yoast-seo-wordpress\/ -->\n<title>Edificio de viviendas BL783 \/ Claudio Walter Arquitectos Asociados - Arquimaster<\/title>\n<meta name=\"robots\" content=\"index, follow, max-snippet:-1, max-image-preview:large, max-video-preview:-1\" \/>\n<link rel=\"canonical\" href=\"https:\/\/www.arquimaster.com.ar\/web\/edificio-de-viviendas-bl783-claudio-walter-arquitectos-asociados\/\" \/>\n<meta property=\"og:locale\" content=\"es_ES\" \/>\n<meta property=\"og:type\" content=\"article\" \/>\n<meta property=\"og:title\" content=\"Edificio de viviendas BL783 \/ Claudio Walter Arquitectos Asociados - Arquimaster\" \/>\n<meta property=\"og:description\" content=\"La imagen principal del edificio est\u00e1 conformada por pantallas de acero inoxidable...\" \/>\n<meta property=\"og:url\" content=\"https:\/\/www.arquimaster.com.ar\/web\/edificio-de-viviendas-bl783-claudio-walter-arquitectos-asociados\/\" \/>\n<meta property=\"og:site_name\" content=\"Arquimaster\" \/>\n<meta property=\"article:publisher\" content=\"http:\/\/www.facebook.com\/ARQUIMASTER.com.ar\" \/>\n<meta property=\"article:published_time\" content=\"2015-04-23T17:00:08+00:00\" \/>\n<meta property=\"article:modified_time\" content=\"2015-04-23T21:38:42+00:00\" \/>\n<meta property=\"og:image\" content=\"https:\/\/www.arquimaster.com.ar\/web\/wp-content\/uploads\/2015\/04\/bl783_slide.jpg\" \/>\n\t<meta property=\"og:image:width\" content=\"642\" \/>\n\t<meta property=\"og:image:height\" content=\"336\" \/>\n\t<meta property=\"og:image:type\" content=\"image\/jpeg\" \/>\n<meta name=\"author\" content=\"Arquimaster\" \/>\n<meta name=\"twitter:card\" content=\"summary_large_image\" \/>\n<meta name=\"twitter:creator\" content=\"@arquimaster\" \/>\n<meta name=\"twitter:site\" content=\"@arquimaster\" \/>\n<meta name=\"twitter:label1\" content=\"Escrito por\" \/>\n\t<meta name=\"twitter:data1\" content=\"Arquimaster\" \/>\n\t<meta name=\"twitter:label2\" content=\"Tiempo de lectura\" \/>\n\t<meta name=\"twitter:data2\" content=\"4 minutos\" \/>\n<script type=\"application\/ld+json\" class=\"yoast-schema-graph\">{\"@context\":\"https:\\\/\\\/schema.org\",\"@graph\":[{\"@type\":\"Article\",\"@id\":\"https:\\\/\\\/www.arquimaster.com.ar\\\/web\\\/edificio-de-viviendas-bl783-claudio-walter-arquitectos-asociados\\\/#article\",\"isPartOf\":{\"@id\":\"https:\\\/\\\/www.arquimaster.com.ar\\\/web\\\/edificio-de-viviendas-bl783-claudio-walter-arquitectos-asociados\\\/\"},\"author\":{\"name\":\"Arquimaster\",\"@id\":\"https:\\\/\\\/www.arquimaster.com.ar\\\/web\\\/#\\\/schema\\\/person\\\/359e9f7c00193fcde068e0dd2ceb0028\"},\"headline\":\"Edificio de viviendas BL783 \\\/ Claudio Walter Arquitectos Asociados\",\"datePublished\":\"2015-04-23T17:00:08+00:00\",\"dateModified\":\"2015-04-23T21:38:42+00:00\",\"mainEntityOfPage\":{\"@id\":\"https:\\\/\\\/www.arquimaster.com.ar\\\/web\\\/edificio-de-viviendas-bl783-claudio-walter-arquitectos-asociados\\\/\"},\"wordCount\":815,\"publisher\":{\"@id\":\"https:\\\/\\\/www.arquimaster.com.ar\\\/web\\\/#organization\"},\"image\":{\"@id\":\"https:\\\/\\\/www.arquimaster.com.ar\\\/web\\\/edificio-de-viviendas-bl783-claudio-walter-arquitectos-asociados\\\/#primaryimage\"},\"thumbnailUrl\":\"https:\\\/\\\/www.arquimaster.com.ar\\\/web\\\/wp-content\\\/uploads\\\/2015\\\/04\\\/bl783_slide.jpg\",\"keywords\":[\"Claudio Walter Arquitectos Asociados\",\"edificio de viviendas\",\"Rafaela\",\"Santa Fe\"],\"articleSection\":[\"Edificios de viviendas\",\"Proyecto\"],\"inLanguage\":\"es\"},{\"@type\":\"WebPage\",\"@id\":\"https:\\\/\\\/www.arquimaster.com.ar\\\/web\\\/edificio-de-viviendas-bl783-claudio-walter-arquitectos-asociados\\\/\",\"url\":\"https:\\\/\\\/www.arquimaster.com.ar\\\/web\\\/edificio-de-viviendas-bl783-claudio-walter-arquitectos-asociados\\\/\",\"name\":\"Edificio de viviendas BL783 \\\/ Claudio Walter Arquitectos Asociados - Arquimaster\",\"isPartOf\":{\"@id\":\"https:\\\/\\\/www.arquimaster.com.ar\\\/web\\\/#website\"},\"primaryImageOfPage\":{\"@id\":\"https:\\\/\\\/www.arquimaster.com.ar\\\/web\\\/edificio-de-viviendas-bl783-claudio-walter-arquitectos-asociados\\\/#primaryimage\"},\"image\":{\"@id\":\"https:\\\/\\\/www.arquimaster.com.ar\\\/web\\\/edificio-de-viviendas-bl783-claudio-walter-arquitectos-asociados\\\/#primaryimage\"},\"thumbnailUrl\":\"https:\\\/\\\/www.arquimaster.com.ar\\\/web\\\/wp-content\\\/uploads\\\/2015\\\/04\\\/bl783_slide.jpg\",\"datePublished\":\"2015-04-23T17:00:08+00:00\",\"dateModified\":\"2015-04-23T21:38:42+00:00\",\"breadcrumb\":{\"@id\":\"https:\\\/\\\/www.arquimaster.com.ar\\\/web\\\/edificio-de-viviendas-bl783-claudio-walter-arquitectos-asociados\\\/#breadcrumb\"},\"inLanguage\":\"es\",\"potentialAction\":[{\"@type\":\"ReadAction\",\"target\":[\"https:\\\/\\\/www.arquimaster.com.ar\\\/web\\\/edificio-de-viviendas-bl783-claudio-walter-arquitectos-asociados\\\/\"]}]},{\"@type\":\"ImageObject\",\"inLanguage\":\"es\",\"@id\":\"https:\\\/\\\/www.arquimaster.com.ar\\\/web\\\/edificio-de-viviendas-bl783-claudio-walter-arquitectos-asociados\\\/#primaryimage\",\"url\":\"https:\\\/\\\/www.arquimaster.com.ar\\\/web\\\/wp-content\\\/uploads\\\/2015\\\/04\\\/bl783_slide.jpg\",\"contentUrl\":\"https:\\\/\\\/www.arquimaster.com.ar\\\/web\\\/wp-content\\\/uploads\\\/2015\\\/04\\\/bl783_slide.jpg\",\"width\":642,\"height\":336},{\"@type\":\"BreadcrumbList\",\"@id\":\"https:\\\/\\\/www.arquimaster.com.ar\\\/web\\\/edificio-de-viviendas-bl783-claudio-walter-arquitectos-asociados\\\/#breadcrumb\",\"itemListElement\":[{\"@type\":\"ListItem\",\"position\":1,\"name\":\"Portada\",\"item\":\"https:\\\/\\\/www.arquimaster.com.ar\\\/web\\\/\"},{\"@type\":\"ListItem\",\"position\":2,\"name\":\"Edificio de viviendas BL783 \\\/ Claudio Walter Arquitectos Asociados\"}]},{\"@type\":\"WebSite\",\"@id\":\"https:\\\/\\\/www.arquimaster.com.ar\\\/web\\\/#website\",\"url\":\"https:\\\/\\\/www.arquimaster.com.ar\\\/web\\\/\",\"name\":\"Arquimaster\",\"description\":\"Web de arquitectura, dise\u00f1o y construccion\",\"publisher\":{\"@id\":\"https:\\\/\\\/www.arquimaster.com.ar\\\/web\\\/#organization\"},\"potentialAction\":[{\"@type\":\"SearchAction\",\"target\":{\"@type\":\"EntryPoint\",\"urlTemplate\":\"https:\\\/\\\/www.arquimaster.com.ar\\\/web\\\/?s={search_term_string}\"},\"query-input\":{\"@type\":\"PropertyValueSpecification\",\"valueRequired\":true,\"valueName\":\"search_term_string\"}}],\"inLanguage\":\"es\"},{\"@type\":\"Organization\",\"@id\":\"https:\\\/\\\/www.arquimaster.com.ar\\\/web\\\/#organization\",\"name\":\"Arquimaster\",\"url\":\"https:\\\/\\\/www.arquimaster.com.ar\\\/web\\\/\",\"logo\":{\"@type\":\"ImageObject\",\"inLanguage\":\"es\",\"@id\":\"https:\\\/\\\/www.arquimaster.com.ar\\\/web\\\/#\\\/schema\\\/logo\\\/image\\\/\",\"url\":\"https:\\\/\\\/www.arquimaster.com.ar\\\/web\\\/wp-content\\\/uploads\\\/2022\\\/06\\\/arquimaster.png\",\"contentUrl\":\"https:\\\/\\\/www.arquimaster.com.ar\\\/web\\\/wp-content\\\/uploads\\\/2022\\\/06\\\/arquimaster.png\",\"width\":594,\"height\":78,\"caption\":\"Arquimaster\"},\"image\":{\"@id\":\"https:\\\/\\\/www.arquimaster.com.ar\\\/web\\\/#\\\/schema\\\/logo\\\/image\\\/\"},\"sameAs\":[\"http:\\\/\\\/www.facebook.com\\\/ARQUIMASTER.com.ar\",\"https:\\\/\\\/x.com\\\/arquimaster\",\"https:\\\/\\\/www.instagram.com\\\/arquimasterblog\\\/\",\"https:\\\/\\\/www.linkedin.com\\\/company\\\/arquimaster\",\"https:\\\/\\\/www.pinterest.com\\\/arquimaster\",\"https:\\\/\\\/t.me\\\/arquimaster\"]},{\"@type\":\"Person\",\"@id\":\"https:\\\/\\\/www.arquimaster.com.ar\\\/web\\\/#\\\/schema\\\/person\\\/359e9f7c00193fcde068e0dd2ceb0028\",\"name\":\"Arquimaster\"}]}<\/script>\n<!-- \/ Yoast SEO plugin. -->","yoast_head_json":{"title":"Edificio de viviendas BL783 \/ Claudio Walter Arquitectos Asociados - Arquimaster","robots":{"index":"index","follow":"follow","max-snippet":"max-snippet:-1","max-image-preview":"max-image-preview:large","max-video-preview":"max-video-preview:-1"},"canonical":"https:\/\/www.arquimaster.com.ar\/web\/edificio-de-viviendas-bl783-claudio-walter-arquitectos-asociados\/","og_locale":"es_ES","og_type":"article","og_title":"Edificio de viviendas BL783 \/ Claudio Walter Arquitectos Asociados - Arquimaster","og_description":"La imagen principal del edificio est\u00e1 conformada por pantallas de acero inoxidable...","og_url":"https:\/\/www.arquimaster.com.ar\/web\/edificio-de-viviendas-bl783-claudio-walter-arquitectos-asociados\/","og_site_name":"Arquimaster","article_publisher":"http:\/\/www.facebook.com\/ARQUIMASTER.com.ar","article_published_time":"2015-04-23T17:00:08+00:00","article_modified_time":"2015-04-23T21:38:42+00:00","og_image":[{"width":642,"height":336,"url":"https:\/\/www.arquimaster.com.ar\/web\/wp-content\/uploads\/2015\/04\/bl783_slide.jpg","type":"image\/jpeg"}],"author":"Arquimaster","twitter_card":"summary_large_image","twitter_creator":"@arquimaster","twitter_site":"@arquimaster","twitter_misc":{"Escrito por":"Arquimaster","Tiempo de lectura":"4 minutos"},"schema":{"@context":"https:\/\/schema.org","@graph":[{"@type":"Article","@id":"https:\/\/www.arquimaster.com.ar\/web\/edificio-de-viviendas-bl783-claudio-walter-arquitectos-asociados\/#article","isPartOf":{"@id":"https:\/\/www.arquimaster.com.ar\/web\/edificio-de-viviendas-bl783-claudio-walter-arquitectos-asociados\/"},"author":{"name":"Arquimaster","@id":"https:\/\/www.arquimaster.com.ar\/web\/#\/schema\/person\/359e9f7c00193fcde068e0dd2ceb0028"},"headline":"Edificio de viviendas BL783 \/ Claudio Walter Arquitectos Asociados","datePublished":"2015-04-23T17:00:08+00:00","dateModified":"2015-04-23T21:38:42+00:00","mainEntityOfPage":{"@id":"https:\/\/www.arquimaster.com.ar\/web\/edificio-de-viviendas-bl783-claudio-walter-arquitectos-asociados\/"},"wordCount":815,"publisher":{"@id":"https:\/\/www.arquimaster.com.ar\/web\/#organization"},"image":{"@id":"https:\/\/www.arquimaster.com.ar\/web\/edificio-de-viviendas-bl783-claudio-walter-arquitectos-asociados\/#primaryimage"},"thumbnailUrl":"https:\/\/www.arquimaster.com.ar\/web\/wp-content\/uploads\/2015\/04\/bl783_slide.jpg","keywords":["Claudio Walter Arquitectos Asociados","edificio de viviendas","Rafaela","Santa Fe"],"articleSection":["Edificios de viviendas","Proyecto"],"inLanguage":"es"},{"@type":"WebPage","@id":"https:\/\/www.arquimaster.com.ar\/web\/edificio-de-viviendas-bl783-claudio-walter-arquitectos-asociados\/","url":"https:\/\/www.arquimaster.com.ar\/web\/edificio-de-viviendas-bl783-claudio-walter-arquitectos-asociados\/","name":"Edificio de viviendas BL783 \/ Claudio Walter Arquitectos Asociados - Arquimaster","isPartOf":{"@id":"https:\/\/www.arquimaster.com.ar\/web\/#website"},"primaryImageOfPage":{"@id":"https:\/\/www.arquimaster.com.ar\/web\/edificio-de-viviendas-bl783-claudio-walter-arquitectos-asociados\/#primaryimage"},"image":{"@id":"https:\/\/www.arquimaster.com.ar\/web\/edificio-de-viviendas-bl783-claudio-walter-arquitectos-asociados\/#primaryimage"},"thumbnailUrl":"https:\/\/www.arquimaster.com.ar\/web\/wp-content\/uploads\/2015\/04\/bl783_slide.jpg","datePublished":"2015-04-23T17:00:08+00:00","dateModified":"2015-04-23T21:38:42+00:00","breadcrumb":{"@id":"https:\/\/www.arquimaster.com.ar\/web\/edificio-de-viviendas-bl783-claudio-walter-arquitectos-asociados\/#breadcrumb"},"inLanguage":"es","potentialAction":[{"@type":"ReadAction","target":["https:\/\/www.arquimaster.com.ar\/web\/edificio-de-viviendas-bl783-claudio-walter-arquitectos-asociados\/"]}]},{"@type":"ImageObject","inLanguage":"es","@id":"https:\/\/www.arquimaster.com.ar\/web\/edificio-de-viviendas-bl783-claudio-walter-arquitectos-asociados\/#primaryimage","url":"https:\/\/www.arquimaster.com.ar\/web\/wp-content\/uploads\/2015\/04\/bl783_slide.jpg","contentUrl":"https:\/\/www.arquimaster.com.ar\/web\/wp-content\/uploads\/2015\/04\/bl783_slide.jpg","width":642,"height":336},{"@type":"BreadcrumbList","@id":"https:\/\/www.arquimaster.com.ar\/web\/edificio-de-viviendas-bl783-claudio-walter-arquitectos-asociados\/#breadcrumb","itemListElement":[{"@type":"ListItem","position":1,"name":"Portada","item":"https:\/\/www.arquimaster.com.ar\/web\/"},{"@type":"ListItem","position":2,"name":"Edificio de viviendas BL783 \/ Claudio Walter Arquitectos Asociados"}]},{"@type":"WebSite","@id":"https:\/\/www.arquimaster.com.ar\/web\/#website","url":"https:\/\/www.arquimaster.com.ar\/web\/","name":"Arquimaster","description":"Web de arquitectura, dise\u00f1o y construccion","publisher":{"@id":"https:\/\/www.arquimaster.com.ar\/web\/#organization"},"potentialAction":[{"@type":"SearchAction","target":{"@type":"EntryPoint","urlTemplate":"https:\/\/www.arquimaster.com.ar\/web\/?s={search_term_string}"},"query-input":{"@type":"PropertyValueSpecification","valueRequired":true,"valueName":"search_term_string"}}],"inLanguage":"es"},{"@type":"Organization","@id":"https:\/\/www.arquimaster.com.ar\/web\/#organization","name":"Arquimaster","url":"https:\/\/www.arquimaster.com.ar\/web\/","logo":{"@type":"ImageObject","inLanguage":"es","@id":"https:\/\/www.arquimaster.com.ar\/web\/#\/schema\/logo\/image\/","url":"https:\/\/www.arquimaster.com.ar\/web\/wp-content\/uploads\/2022\/06\/arquimaster.png","contentUrl":"https:\/\/www.arquimaster.com.ar\/web\/wp-content\/uploads\/2022\/06\/arquimaster.png","width":594,"height":78,"caption":"Arquimaster"},"image":{"@id":"https:\/\/www.arquimaster.com.ar\/web\/#\/schema\/logo\/image\/"},"sameAs":["http:\/\/www.facebook.com\/ARQUIMASTER.com.ar","https:\/\/x.com\/arquimaster","https:\/\/www.instagram.com\/arquimasterblog\/","https:\/\/www.linkedin.com\/company\/arquimaster","https:\/\/www.pinterest.com\/arquimaster","https:\/\/t.me\/arquimaster"]},{"@type":"Person","@id":"https:\/\/www.arquimaster.com.ar\/web\/#\/schema\/person\/359e9f7c00193fcde068e0dd2ceb0028","name":"Arquimaster"}]}},"uagb_featured_image_src":{"full":["https:\/\/www.arquimaster.com.ar\/web\/wp-content\/uploads\/2015\/04\/bl783_slide.jpg",642,336,false],"thumbnail":["https:\/\/www.arquimaster.com.ar\/web\/wp-content\/uploads\/2015\/04\/bl783_slide-150x150.jpg",150,150,true],"medium":["https:\/\/www.arquimaster.com.ar\/web\/wp-content\/uploads\/2015\/04\/bl783_slide-573x300.jpg",573,300,true],"medium_large":["https:\/\/www.arquimaster.com.ar\/web\/wp-content\/uploads\/2015\/04\/bl783_slide.jpg",642,336,false],"large":["https:\/\/www.arquimaster.com.ar\/web\/wp-content\/uploads\/2015\/04\/bl783_slide.jpg",642,336,false],"1536x1536":["https:\/\/www.arquimaster.com.ar\/web\/wp-content\/uploads\/2015\/04\/bl783_slide.jpg",642,336,false],"2048x2048":["https:\/\/www.arquimaster.com.ar\/web\/wp-content\/uploads\/2015\/04\/bl783_slide.jpg",642,336,false]},"uagb_author_info":{"display_name":"Arquimaster","author_link":"https:\/\/www.arquimaster.com.ar\/web\/author\/arquimaster\/"},"uagb_comment_info":0,"uagb_excerpt":"La imagen principal del edificio est\u00e1 conformada por pantallas de acero inoxidable...","_links":{"self":[{"href":"https:\/\/www.arquimaster.com.ar\/web\/wp-json\/wp\/v2\/posts\/14596","targetHints":{"allow":["GET"]}}],"collection":[{"href":"https:\/\/www.arquimaster.com.ar\/web\/wp-json\/wp\/v2\/posts"}],"about":[{"href":"https:\/\/www.arquimaster.com.ar\/web\/wp-json\/wp\/v2\/types\/post"}],"author":[{"embeddable":true,"href":"https:\/\/www.arquimaster.com.ar\/web\/wp-json\/wp\/v2\/users\/1"}],"replies":[{"embeddable":true,"href":"https:\/\/www.arquimaster.com.ar\/web\/wp-json\/wp\/v2\/comments?post=14596"}],"version-history":[{"count":0,"href":"https:\/\/www.arquimaster.com.ar\/web\/wp-json\/wp\/v2\/posts\/14596\/revisions"}],"wp:featuredmedia":[{"embeddable":true,"href":"https:\/\/www.arquimaster.com.ar\/web\/wp-json\/wp\/v2\/media\/14597"}],"wp:attachment":[{"href":"https:\/\/www.arquimaster.com.ar\/web\/wp-json\/wp\/v2\/media?parent=14596"}],"wp:term":[{"taxonomy":"category","embeddable":true,"href":"https:\/\/www.arquimaster.com.ar\/web\/wp-json\/wp\/v2\/categories?post=14596"},{"taxonomy":"post_tag","embeddable":true,"href":"https:\/\/www.arquimaster.com.ar\/web\/wp-json\/wp\/v2\/tags?post=14596"}],"curies":[{"name":"wp","href":"https:\/\/api.w.org\/{rel}","templated":true}]}}