{"id":1471,"date":"2013-12-29T00:30:46","date_gmt":"2013-12-29T00:30:46","guid":{"rendered":"http:\/\/www.arquimaster.com.ar\/web\/?p=1471"},"modified":"2013-12-29T00:30:46","modified_gmt":"2013-12-29T00:30:46","slug":"mirador-del-margen-rodrigo-ormazabal","status":"publish","type":"post","link":"https:\/\/www.arquimaster.com.ar\/web\/mirador-del-margen-rodrigo-ormazabal\/","title":{"rendered":"Mirador del Margen \/ Rodrigo Ormaz\u00e1bal"},"content":{"rendered":"<div style=\"margin-top: 0px; margin-bottom: 0px;\" class=\"sharethis-inline-share-buttons\" ><\/div><div class=\"b812932af2e751442846f039925109de\" data-index=\"1\" style=\"float: none; margin:25px 0 25px 0; text-align:center;\">\n<script async src=\"https:\/\/pagead2.googlesyndication.com\/pagead\/js\/adsbygoogle.js\"><\/script>\r\n<!-- Arquimaster (superior) -->\r\n<ins class=\"adsbygoogle\"\r\n     style=\"display:block\"\r\n     data-ad-client=\"ca-pub-6351072698456832\"\r\n     data-ad-slot=\"6455489680\"\r\n     data-ad-format=\"auto\"\r\n     data-full-width-responsive=\"true\"><\/ins>\r\n<script>\r\n     (adsbygoogle = window.adsbygoogle || []).push({});\r\n<\/script>\n<\/div>\n<p><strong>Mirador del Margen<\/strong> (Vi\u00f1a Raices, Rauco, Chile) por <strong>Rodrigo Ormaz\u00e1bal<\/strong>. Desde un comienzo se tom\u00f3 como premisa respetar el lenguaje com\u00fan de materialidades y texturas que identifican a esta zona. Asi se establecen dos vistas principales, una que mira la convergencia de los r\u00edos y otra que mira al secano&#8230;<\/p>\n<div id='gallery-1' class='gallery galleryid-1471 gallery-columns-3 gallery-size-thumbnail'><figure class='gallery-item'>\n\t\t\t<div class='gallery-icon landscape'>\n\t\t\t\t<a href='https:\/\/www.arquimaster.com.ar\/web\/wp-content\/uploads\/2013\/12\/mirador_margen1.jpg' title=\"Mirador del Margen \/ Rodrigo Ormaz\u00e1bal\" data-rl_title=\"Mirador del Margen \/ Rodrigo Ormaz\u00e1bal\" class=\"rl-gallery-link\" data-rl_caption=\"Mirador del Margen \/ Rodrigo Ormaz\u00e1bal\" data-rel=\"lightbox-gallery-1\"><img loading=\"lazy\" decoding=\"async\" width=\"150\" height=\"150\" src=\"https:\/\/www.arquimaster.com.ar\/web\/wp-content\/uploads\/2013\/12\/mirador_margen1-150x150.jpg\" class=\"attachment-thumbnail size-thumbnail\" alt=\"\" aria-describedby=\"gallery-1-1473\" srcset=\"https:\/\/www.arquimaster.com.ar\/web\/wp-content\/uploads\/2013\/12\/mirador_margen1-150x150.jpg 150w, https:\/\/www.arquimaster.com.ar\/web\/wp-content\/uploads\/2013\/12\/mirador_margen1-50x50.jpg 50w, https:\/\/www.arquimaster.com.ar\/web\/wp-content\/uploads\/2013\/12\/mirador_margen1-125x125.jpg 125w\" sizes=\"auto, (max-width: 150px) 100vw, 150px\" \/><\/a>\n\t\t\t<\/div>\n\t\t\t\t<figcaption class='wp-caption-text gallery-caption' id='gallery-1-1473'>\n\t\t\t\tMirador del Margen \/ Rodrigo Ormaz\u00e1bal\n\t\t\t\t<\/figcaption><\/figure><figure class='gallery-item'>\n\t\t\t<div class='gallery-icon landscape'>\n\t\t\t\t<a href='https:\/\/www.arquimaster.com.ar\/web\/wp-content\/uploads\/2013\/12\/mirador_margen4.jpg' title=\"Mirador del Margen \/ Rodrigo Ormaz\u00e1bal\" data-rl_title=\"Mirador del Margen \/ Rodrigo Ormaz\u00e1bal\" class=\"rl-gallery-link\" data-rl_caption=\"Mirador del Margen \/ Rodrigo Ormaz\u00e1bal\" data-rel=\"lightbox-gallery-1\"><img loading=\"lazy\" decoding=\"async\" width=\"150\" height=\"150\" src=\"https:\/\/www.arquimaster.com.ar\/web\/wp-content\/uploads\/2013\/12\/mirador_margen4-150x150.jpg\" class=\"attachment-thumbnail size-thumbnail\" alt=\"\" aria-describedby=\"gallery-1-1476\" srcset=\"https:\/\/www.arquimaster.com.ar\/web\/wp-content\/uploads\/2013\/12\/mirador_margen4-150x150.jpg 150w, https:\/\/www.arquimaster.com.ar\/web\/wp-content\/uploads\/2013\/12\/mirador_margen4-50x50.jpg 50w, https:\/\/www.arquimaster.com.ar\/web\/wp-content\/uploads\/2013\/12\/mirador_margen4-125x125.jpg 125w\" sizes=\"auto, (max-width: 150px) 100vw, 150px\" \/><\/a>\n\t\t\t<\/div>\n\t\t\t\t<figcaption class='wp-caption-text gallery-caption' id='gallery-1-1476'>\n\t\t\t\tMirador del Margen \/ Rodrigo Ormaz\u00e1bal\n\t\t\t\t<\/figcaption><\/figure><figure class='gallery-item'>\n\t\t\t<div class='gallery-icon landscape'>\n\t\t\t\t<a href='https:\/\/www.arquimaster.com.ar\/web\/wp-content\/uploads\/2013\/12\/mirador_margen8.jpg' title=\"Mirador del Margen \/ Rodrigo Ormaz\u00e1bal\" data-rl_title=\"Mirador del Margen \/ Rodrigo Ormaz\u00e1bal\" class=\"rl-gallery-link\" data-rl_caption=\"Mirador del Margen \/ Rodrigo Ormaz\u00e1bal\" data-rel=\"lightbox-gallery-1\"><img loading=\"lazy\" decoding=\"async\" width=\"150\" height=\"150\" src=\"https:\/\/www.arquimaster.com.ar\/web\/wp-content\/uploads\/2013\/12\/mirador_margen8-150x150.jpg\" class=\"attachment-thumbnail size-thumbnail\" alt=\"\" aria-describedby=\"gallery-1-1480\" srcset=\"https:\/\/www.arquimaster.com.ar\/web\/wp-content\/uploads\/2013\/12\/mirador_margen8-150x150.jpg 150w, https:\/\/www.arquimaster.com.ar\/web\/wp-content\/uploads\/2013\/12\/mirador_margen8-50x50.jpg 50w, https:\/\/www.arquimaster.com.ar\/web\/wp-content\/uploads\/2013\/12\/mirador_margen8-125x125.jpg 125w\" sizes=\"auto, (max-width: 150px) 100vw, 150px\" \/><\/a>\n\t\t\t<\/div>\n\t\t\t\t<figcaption class='wp-caption-text gallery-caption' id='gallery-1-1480'>\n\t\t\t\tMirador del Margen \/ Rodrigo Ormaz\u00e1bal\n\t\t\t\t<\/figcaption><\/figure><figure class='gallery-item'>\n\t\t\t<div class='gallery-icon landscape'>\n\t\t\t\t<a href='https:\/\/www.arquimaster.com.ar\/web\/wp-content\/uploads\/2013\/12\/mirador_margen2.jpg' title=\"Mirador del Margen \/ Rodrigo Ormaz\u00e1bal\" data-rl_title=\"Mirador del Margen \/ Rodrigo Ormaz\u00e1bal\" class=\"rl-gallery-link\" data-rl_caption=\"Mirador del Margen \/ Rodrigo Ormaz\u00e1bal\" data-rel=\"lightbox-gallery-1\"><img loading=\"lazy\" decoding=\"async\" width=\"150\" height=\"150\" src=\"https:\/\/www.arquimaster.com.ar\/web\/wp-content\/uploads\/2013\/12\/mirador_margen2-150x150.jpg\" class=\"attachment-thumbnail size-thumbnail\" alt=\"\" aria-describedby=\"gallery-1-1474\" srcset=\"https:\/\/www.arquimaster.com.ar\/web\/wp-content\/uploads\/2013\/12\/mirador_margen2-150x150.jpg 150w, https:\/\/www.arquimaster.com.ar\/web\/wp-content\/uploads\/2013\/12\/mirador_margen2-50x50.jpg 50w, https:\/\/www.arquimaster.com.ar\/web\/wp-content\/uploads\/2013\/12\/mirador_margen2-125x125.jpg 125w\" sizes=\"auto, (max-width: 150px) 100vw, 150px\" \/><\/a>\n\t\t\t<\/div>\n\t\t\t\t<figcaption class='wp-caption-text gallery-caption' id='gallery-1-1474'>\n\t\t\t\tMirador del Margen \/ Rodrigo Ormaz\u00e1bal\n\t\t\t\t<\/figcaption><\/figure><figure class='gallery-item'>\n\t\t\t<div class='gallery-icon landscape'>\n\t\t\t\t<a href='https:\/\/www.arquimaster.com.ar\/web\/wp-content\/uploads\/2013\/12\/mirador_margen3.jpg' title=\"Mirador del Margen \/ Rodrigo Ormaz\u00e1bal\" data-rl_title=\"Mirador del Margen \/ Rodrigo Ormaz\u00e1bal\" class=\"rl-gallery-link\" data-rl_caption=\"Mirador del Margen \/ Rodrigo Ormaz\u00e1bal\" data-rel=\"lightbox-gallery-1\"><img loading=\"lazy\" decoding=\"async\" width=\"150\" height=\"150\" src=\"https:\/\/www.arquimaster.com.ar\/web\/wp-content\/uploads\/2013\/12\/mirador_margen3-150x150.jpg\" class=\"attachment-thumbnail size-thumbnail\" alt=\"\" aria-describedby=\"gallery-1-1475\" srcset=\"https:\/\/www.arquimaster.com.ar\/web\/wp-content\/uploads\/2013\/12\/mirador_margen3-150x150.jpg 150w, https:\/\/www.arquimaster.com.ar\/web\/wp-content\/uploads\/2013\/12\/mirador_margen3-50x50.jpg 50w, https:\/\/www.arquimaster.com.ar\/web\/wp-content\/uploads\/2013\/12\/mirador_margen3-125x125.jpg 125w\" sizes=\"auto, (max-width: 150px) 100vw, 150px\" \/><\/a>\n\t\t\t<\/div>\n\t\t\t\t<figcaption class='wp-caption-text gallery-caption' id='gallery-1-1475'>\n\t\t\t\tMirador del Margen \/ Rodrigo Ormaz\u00e1bal\n\t\t\t\t<\/figcaption><\/figure><figure class='gallery-item'>\n\t\t\t<div class='gallery-icon landscape'>\n\t\t\t\t<a href='https:\/\/www.arquimaster.com.ar\/web\/wp-content\/uploads\/2013\/12\/mirador_margen5.jpg' title=\"Mirador del Margen \/ Rodrigo Ormaz\u00e1bal\" data-rl_title=\"Mirador del Margen \/ Rodrigo Ormaz\u00e1bal\" class=\"rl-gallery-link\" data-rl_caption=\"Mirador del Margen \/ Rodrigo Ormaz\u00e1bal\" data-rel=\"lightbox-gallery-1\"><img loading=\"lazy\" decoding=\"async\" width=\"150\" height=\"150\" src=\"https:\/\/www.arquimaster.com.ar\/web\/wp-content\/uploads\/2013\/12\/mirador_margen5-150x150.jpg\" class=\"attachment-thumbnail size-thumbnail\" alt=\"\" aria-describedby=\"gallery-1-1477\" srcset=\"https:\/\/www.arquimaster.com.ar\/web\/wp-content\/uploads\/2013\/12\/mirador_margen5-150x150.jpg 150w, https:\/\/www.arquimaster.com.ar\/web\/wp-content\/uploads\/2013\/12\/mirador_margen5-50x50.jpg 50w, https:\/\/www.arquimaster.com.ar\/web\/wp-content\/uploads\/2013\/12\/mirador_margen5-125x125.jpg 125w\" sizes=\"auto, (max-width: 150px) 100vw, 150px\" \/><\/a>\n\t\t\t<\/div>\n\t\t\t\t<figcaption class='wp-caption-text gallery-caption' id='gallery-1-1477'>\n\t\t\t\tMirador del Margen \/ Rodrigo Ormaz\u00e1bal\n\t\t\t\t<\/figcaption><\/figure><figure class='gallery-item'>\n\t\t\t<div class='gallery-icon landscape'>\n\t\t\t\t<a href='https:\/\/www.arquimaster.com.ar\/web\/wp-content\/uploads\/2013\/12\/mirador_margen6.jpg' title=\"Mirador del Margen \/ Rodrigo Ormaz\u00e1bal\" data-rl_title=\"Mirador del Margen \/ Rodrigo Ormaz\u00e1bal\" class=\"rl-gallery-link\" data-rl_caption=\"Mirador del Margen \/ Rodrigo Ormaz\u00e1bal\" data-rel=\"lightbox-gallery-1\"><img loading=\"lazy\" decoding=\"async\" width=\"150\" height=\"150\" src=\"https:\/\/www.arquimaster.com.ar\/web\/wp-content\/uploads\/2013\/12\/mirador_margen6-150x150.jpg\" class=\"attachment-thumbnail size-thumbnail\" alt=\"\" aria-describedby=\"gallery-1-1478\" srcset=\"https:\/\/www.arquimaster.com.ar\/web\/wp-content\/uploads\/2013\/12\/mirador_margen6-150x150.jpg 150w, https:\/\/www.arquimaster.com.ar\/web\/wp-content\/uploads\/2013\/12\/mirador_margen6-50x50.jpg 50w, https:\/\/www.arquimaster.com.ar\/web\/wp-content\/uploads\/2013\/12\/mirador_margen6-125x125.jpg 125w\" sizes=\"auto, (max-width: 150px) 100vw, 150px\" \/><\/a>\n\t\t\t<\/div>\n\t\t\t\t<figcaption class='wp-caption-text gallery-caption' id='gallery-1-1478'>\n\t\t\t\tMirador del Margen \/ Rodrigo Ormaz\u00e1bal\n\t\t\t\t<\/figcaption><\/figure><figure class='gallery-item'>\n\t\t\t<div class='gallery-icon landscape'>\n\t\t\t\t<a href='https:\/\/www.arquimaster.com.ar\/web\/wp-content\/uploads\/2013\/12\/mirador_margen7.jpg' title=\"Mirador del Margen \/ Rodrigo Ormaz\u00e1bal\" data-rl_title=\"Mirador del Margen \/ Rodrigo Ormaz\u00e1bal\" class=\"rl-gallery-link\" data-rl_caption=\"Mirador del Margen \/ Rodrigo Ormaz\u00e1bal\" data-rel=\"lightbox-gallery-1\"><img loading=\"lazy\" decoding=\"async\" width=\"150\" height=\"150\" src=\"https:\/\/www.arquimaster.com.ar\/web\/wp-content\/uploads\/2013\/12\/mirador_margen7-150x150.jpg\" class=\"attachment-thumbnail size-thumbnail\" alt=\"\" aria-describedby=\"gallery-1-1479\" srcset=\"https:\/\/www.arquimaster.com.ar\/web\/wp-content\/uploads\/2013\/12\/mirador_margen7-150x150.jpg 150w, https:\/\/www.arquimaster.com.ar\/web\/wp-content\/uploads\/2013\/12\/mirador_margen7-50x50.jpg 50w, https:\/\/www.arquimaster.com.ar\/web\/wp-content\/uploads\/2013\/12\/mirador_margen7-125x125.jpg 125w\" sizes=\"auto, (max-width: 150px) 100vw, 150px\" \/><\/a>\n\t\t\t<\/div>\n\t\t\t\t<figcaption class='wp-caption-text gallery-caption' id='gallery-1-1479'>\n\t\t\t\tMirador del Margen \/ Rodrigo Ormaz\u00e1bal\n\t\t\t\t<\/figcaption><\/figure><figure class='gallery-item'>\n\t\t\t<div class='gallery-icon landscape'>\n\t\t\t\t<a href='https:\/\/www.arquimaster.com.ar\/web\/wp-content\/uploads\/2013\/12\/mirador_margen9.jpg' title=\"Mirador del Margen \/ Rodrigo Ormaz\u00e1bal\" data-rl_title=\"Mirador del Margen \/ Rodrigo Ormaz\u00e1bal\" class=\"rl-gallery-link\" data-rl_caption=\"Mirador del Margen \/ Rodrigo Ormaz\u00e1bal\" data-rel=\"lightbox-gallery-1\"><img loading=\"lazy\" decoding=\"async\" width=\"150\" height=\"150\" src=\"https:\/\/www.arquimaster.com.ar\/web\/wp-content\/uploads\/2013\/12\/mirador_margen9-150x150.jpg\" class=\"attachment-thumbnail size-thumbnail\" alt=\"\" aria-describedby=\"gallery-1-1481\" srcset=\"https:\/\/www.arquimaster.com.ar\/web\/wp-content\/uploads\/2013\/12\/mirador_margen9-150x150.jpg 150w, https:\/\/www.arquimaster.com.ar\/web\/wp-content\/uploads\/2013\/12\/mirador_margen9-50x50.jpg 50w, https:\/\/www.arquimaster.com.ar\/web\/wp-content\/uploads\/2013\/12\/mirador_margen9-125x125.jpg 125w\" sizes=\"auto, (max-width: 150px) 100vw, 150px\" \/><\/a>\n\t\t\t<\/div>\n\t\t\t\t<figcaption class='wp-caption-text gallery-caption' id='gallery-1-1481'>\n\t\t\t\tMirador del Margen \/ Rodrigo Ormaz\u00e1bal\n\t\t\t\t<\/figcaption><\/figure><figure class='gallery-item'>\n\t\t\t<div class='gallery-icon landscape'>\n\t\t\t\t<a href='https:\/\/www.arquimaster.com.ar\/web\/wp-content\/uploads\/2013\/12\/mirador_margen10.jpg' title=\"Mirador del Margen \/ Rodrigo Ormaz\u00e1bal\" data-rl_title=\"Mirador del Margen \/ Rodrigo Ormaz\u00e1bal\" class=\"rl-gallery-link\" data-rl_caption=\"Mirador del Margen \/ Rodrigo Ormaz\u00e1bal\" data-rel=\"lightbox-gallery-1\"><img loading=\"lazy\" decoding=\"async\" width=\"150\" height=\"150\" src=\"https:\/\/www.arquimaster.com.ar\/web\/wp-content\/uploads\/2013\/12\/mirador_margen10-150x150.jpg\" class=\"attachment-thumbnail size-thumbnail\" alt=\"\" aria-describedby=\"gallery-1-1482\" srcset=\"https:\/\/www.arquimaster.com.ar\/web\/wp-content\/uploads\/2013\/12\/mirador_margen10-150x150.jpg 150w, https:\/\/www.arquimaster.com.ar\/web\/wp-content\/uploads\/2013\/12\/mirador_margen10-50x50.jpg 50w, https:\/\/www.arquimaster.com.ar\/web\/wp-content\/uploads\/2013\/12\/mirador_margen10-125x125.jpg 125w\" sizes=\"auto, (max-width: 150px) 100vw, 150px\" \/><\/a>\n\t\t\t<\/div>\n\t\t\t\t<figcaption class='wp-caption-text gallery-caption' id='gallery-1-1482'>\n\t\t\t\tMirador del Margen \/ Rodrigo Ormaz\u00e1bal\n\t\t\t\t<\/figcaption><\/figure><figure class='gallery-item'>\n\t\t\t<div class='gallery-icon landscape'>\n\t\t\t\t<a href='https:\/\/www.arquimaster.com.ar\/web\/wp-content\/uploads\/2013\/12\/mirador_margen11.jpg' title=\"Mirador del Margen \/ Rodrigo Ormaz\u00e1bal\" data-rl_title=\"Mirador del Margen \/ Rodrigo Ormaz\u00e1bal\" class=\"rl-gallery-link\" data-rl_caption=\"Mirador del Margen \/ Rodrigo Ormaz\u00e1bal\" data-rel=\"lightbox-gallery-1\"><img loading=\"lazy\" decoding=\"async\" width=\"150\" height=\"150\" src=\"https:\/\/www.arquimaster.com.ar\/web\/wp-content\/uploads\/2013\/12\/mirador_margen11-150x150.jpg\" class=\"attachment-thumbnail size-thumbnail\" alt=\"\" aria-describedby=\"gallery-1-1483\" srcset=\"https:\/\/www.arquimaster.com.ar\/web\/wp-content\/uploads\/2013\/12\/mirador_margen11-150x150.jpg 150w, https:\/\/www.arquimaster.com.ar\/web\/wp-content\/uploads\/2013\/12\/mirador_margen11-50x50.jpg 50w, https:\/\/www.arquimaster.com.ar\/web\/wp-content\/uploads\/2013\/12\/mirador_margen11-125x125.jpg 125w\" sizes=\"auto, (max-width: 150px) 100vw, 150px\" \/><\/a>\n\t\t\t<\/div>\n\t\t\t\t<figcaption class='wp-caption-text gallery-caption' id='gallery-1-1483'>\n\t\t\t\tMirador del Margen \/ Rodrigo Ormaz\u00e1bal\n\t\t\t\t<\/figcaption><\/figure><figure class='gallery-item'>\n\t\t\t<div class='gallery-icon landscape'>\n\t\t\t\t<a href='https:\/\/www.arquimaster.com.ar\/web\/wp-content\/uploads\/2013\/12\/mirador_margen12.jpg' title=\"Mirador del Margen \/ Rodrigo Ormaz\u00e1bal\" data-rl_title=\"Mirador del Margen \/ Rodrigo Ormaz\u00e1bal\" class=\"rl-gallery-link\" data-rl_caption=\"Mirador del Margen \/ Rodrigo Ormaz\u00e1bal\" data-rel=\"lightbox-gallery-1\"><img loading=\"lazy\" decoding=\"async\" width=\"150\" height=\"150\" src=\"https:\/\/www.arquimaster.com.ar\/web\/wp-content\/uploads\/2013\/12\/mirador_margen12-150x150.jpg\" class=\"attachment-thumbnail size-thumbnail\" alt=\"\" aria-describedby=\"gallery-1-1484\" srcset=\"https:\/\/www.arquimaster.com.ar\/web\/wp-content\/uploads\/2013\/12\/mirador_margen12-150x150.jpg 150w, https:\/\/www.arquimaster.com.ar\/web\/wp-content\/uploads\/2013\/12\/mirador_margen12-50x50.jpg 50w, https:\/\/www.arquimaster.com.ar\/web\/wp-content\/uploads\/2013\/12\/mirador_margen12-125x125.jpg 125w\" sizes=\"auto, (max-width: 150px) 100vw, 150px\" \/><\/a>\n\t\t\t<\/div>\n\t\t\t\t<figcaption class='wp-caption-text gallery-caption' id='gallery-1-1484'>\n\t\t\t\tMirador del Margen \/ Rodrigo Ormaz\u00e1bal\n\t\t\t\t<\/figcaption><\/figure><figure class='gallery-item'>\n\t\t\t<div class='gallery-icon landscape'>\n\t\t\t\t<a href='https:\/\/www.arquimaster.com.ar\/web\/wp-content\/uploads\/2013\/12\/mirador_margen13.jpg' title=\"Mirador del Margen \/ Rodrigo Ormaz\u00e1bal\" data-rl_title=\"Mirador del Margen \/ Rodrigo Ormaz\u00e1bal\" class=\"rl-gallery-link\" data-rl_caption=\"Mirador del Margen \/ Rodrigo Ormaz\u00e1bal\" data-rel=\"lightbox-gallery-1\"><img loading=\"lazy\" decoding=\"async\" width=\"150\" height=\"150\" src=\"https:\/\/www.arquimaster.com.ar\/web\/wp-content\/uploads\/2013\/12\/mirador_margen13-150x150.jpg\" class=\"attachment-thumbnail size-thumbnail\" alt=\"\" aria-describedby=\"gallery-1-1485\" srcset=\"https:\/\/www.arquimaster.com.ar\/web\/wp-content\/uploads\/2013\/12\/mirador_margen13-150x150.jpg 150w, https:\/\/www.arquimaster.com.ar\/web\/wp-content\/uploads\/2013\/12\/mirador_margen13-50x50.jpg 50w, https:\/\/www.arquimaster.com.ar\/web\/wp-content\/uploads\/2013\/12\/mirador_margen13-125x125.jpg 125w\" sizes=\"auto, (max-width: 150px) 100vw, 150px\" \/><\/a>\n\t\t\t<\/div>\n\t\t\t\t<figcaption class='wp-caption-text gallery-caption' id='gallery-1-1485'>\n\t\t\t\tMirador del Margen \/ Rodrigo Ormaz\u00e1bal\n\t\t\t\t<\/figcaption><\/figure><figure class='gallery-item'>\n\t\t\t<div class='gallery-icon landscape'>\n\t\t\t\t<a href='https:\/\/www.arquimaster.com.ar\/web\/wp-content\/uploads\/2013\/12\/mirador_margen14.jpg' title=\"Mirador del Margen \/ Rodrigo Ormaz\u00e1bal\" data-rl_title=\"Mirador del Margen \/ Rodrigo Ormaz\u00e1bal\" class=\"rl-gallery-link\" data-rl_caption=\"Mirador del Margen \/ Rodrigo Ormaz\u00e1bal\" data-rel=\"lightbox-gallery-1\"><img loading=\"lazy\" decoding=\"async\" width=\"150\" height=\"150\" src=\"https:\/\/www.arquimaster.com.ar\/web\/wp-content\/uploads\/2013\/12\/mirador_margen14-150x150.jpg\" class=\"attachment-thumbnail size-thumbnail\" alt=\"\" aria-describedby=\"gallery-1-1486\" srcset=\"https:\/\/www.arquimaster.com.ar\/web\/wp-content\/uploads\/2013\/12\/mirador_margen14-150x150.jpg 150w, https:\/\/www.arquimaster.com.ar\/web\/wp-content\/uploads\/2013\/12\/mirador_margen14-50x50.jpg 50w, https:\/\/www.arquimaster.com.ar\/web\/wp-content\/uploads\/2013\/12\/mirador_margen14-125x125.jpg 125w\" sizes=\"auto, (max-width: 150px) 100vw, 150px\" \/><\/a>\n\t\t\t<\/div>\n\t\t\t\t<figcaption class='wp-caption-text gallery-caption' id='gallery-1-1486'>\n\t\t\t\tMirador del Margen \/ Rodrigo Ormaz\u00e1bal\n\t\t\t\t<\/figcaption><\/figure><figure class='gallery-item'>\n\t\t\t<div class='gallery-icon landscape'>\n\t\t\t\t<a href='https:\/\/www.arquimaster.com.ar\/web\/wp-content\/uploads\/2013\/12\/mirador_margen15.jpg' title=\"Mirador del Margen \/ Rodrigo Ormaz\u00e1bal\" data-rl_title=\"Mirador del Margen \/ Rodrigo Ormaz\u00e1bal\" class=\"rl-gallery-link\" data-rl_caption=\"Mirador del Margen \/ Rodrigo Ormaz\u00e1bal\" data-rel=\"lightbox-gallery-1\"><img loading=\"lazy\" decoding=\"async\" width=\"150\" height=\"150\" src=\"https:\/\/www.arquimaster.com.ar\/web\/wp-content\/uploads\/2013\/12\/mirador_margen15-150x150.jpg\" class=\"attachment-thumbnail size-thumbnail\" alt=\"\" aria-describedby=\"gallery-1-1487\" srcset=\"https:\/\/www.arquimaster.com.ar\/web\/wp-content\/uploads\/2013\/12\/mirador_margen15-150x150.jpg 150w, https:\/\/www.arquimaster.com.ar\/web\/wp-content\/uploads\/2013\/12\/mirador_margen15-50x50.jpg 50w, https:\/\/www.arquimaster.com.ar\/web\/wp-content\/uploads\/2013\/12\/mirador_margen15-125x125.jpg 125w\" sizes=\"auto, (max-width: 150px) 100vw, 150px\" \/><\/a>\n\t\t\t<\/div>\n\t\t\t\t<figcaption class='wp-caption-text gallery-caption' id='gallery-1-1487'>\n\t\t\t\tMirador del Margen \/ Rodrigo Ormaz\u00e1bal\n\t\t\t\t<\/figcaption><\/figure><figure class='gallery-item'>\n\t\t\t<div class='gallery-icon landscape'>\n\t\t\t\t<a href='https:\/\/www.arquimaster.com.ar\/web\/wp-content\/uploads\/2013\/12\/mirador_margen16.jpg' title=\"Mirador del Margen \/ Rodrigo Ormaz\u00e1bal\" data-rl_title=\"Mirador del Margen \/ Rodrigo Ormaz\u00e1bal\" class=\"rl-gallery-link\" data-rl_caption=\"Mirador del Margen \/ Rodrigo Ormaz\u00e1bal\" data-rel=\"lightbox-gallery-1\"><img loading=\"lazy\" decoding=\"async\" width=\"150\" height=\"150\" src=\"https:\/\/www.arquimaster.com.ar\/web\/wp-content\/uploads\/2013\/12\/mirador_margen16-150x150.jpg\" class=\"attachment-thumbnail size-thumbnail\" alt=\"\" aria-describedby=\"gallery-1-1488\" srcset=\"https:\/\/www.arquimaster.com.ar\/web\/wp-content\/uploads\/2013\/12\/mirador_margen16-150x150.jpg 150w, https:\/\/www.arquimaster.com.ar\/web\/wp-content\/uploads\/2013\/12\/mirador_margen16-50x50.jpg 50w, https:\/\/www.arquimaster.com.ar\/web\/wp-content\/uploads\/2013\/12\/mirador_margen16-125x125.jpg 125w\" sizes=\"auto, (max-width: 150px) 100vw, 150px\" \/><\/a>\n\t\t\t<\/div>\n\t\t\t\t<figcaption class='wp-caption-text gallery-caption' id='gallery-1-1488'>\n\t\t\t\tMirador del Margen \/ Rodrigo Ormaz\u00e1bal\n\t\t\t\t<\/figcaption><\/figure><figure class='gallery-item'>\n\t\t\t<div class='gallery-icon landscape'>\n\t\t\t\t<a href='https:\/\/www.arquimaster.com.ar\/web\/wp-content\/uploads\/2013\/12\/mirador_margen17.jpg' title=\"Mirador del Margen \/ Rodrigo Ormaz\u00e1bal\" data-rl_title=\"Mirador del Margen \/ Rodrigo Ormaz\u00e1bal\" class=\"rl-gallery-link\" data-rl_caption=\"Mirador del Margen \/ Rodrigo Ormaz\u00e1bal\" data-rel=\"lightbox-gallery-1\"><img loading=\"lazy\" decoding=\"async\" width=\"150\" height=\"150\" src=\"https:\/\/www.arquimaster.com.ar\/web\/wp-content\/uploads\/2013\/12\/mirador_margen17-150x150.jpg\" class=\"attachment-thumbnail size-thumbnail\" alt=\"\" aria-describedby=\"gallery-1-1489\" srcset=\"https:\/\/www.arquimaster.com.ar\/web\/wp-content\/uploads\/2013\/12\/mirador_margen17-150x150.jpg 150w, https:\/\/www.arquimaster.com.ar\/web\/wp-content\/uploads\/2013\/12\/mirador_margen17-50x50.jpg 50w, https:\/\/www.arquimaster.com.ar\/web\/wp-content\/uploads\/2013\/12\/mirador_margen17-125x125.jpg 125w\" sizes=\"auto, (max-width: 150px) 100vw, 150px\" \/><\/a>\n\t\t\t<\/div>\n\t\t\t\t<figcaption class='wp-caption-text gallery-caption' id='gallery-1-1489'>\n\t\t\t\tMirador del Margen \/ Rodrigo Ormaz\u00e1bal\n\t\t\t\t<\/figcaption><\/figure><figure class='gallery-item'>\n\t\t\t<div class='gallery-icon landscape'>\n\t\t\t\t<a href='https:\/\/www.arquimaster.com.ar\/web\/wp-content\/uploads\/2013\/12\/mirador_margen18.jpg' title=\"Mirador del Margen \/ Rodrigo Ormaz\u00e1bal\" data-rl_title=\"Mirador del Margen \/ Rodrigo Ormaz\u00e1bal\" class=\"rl-gallery-link\" data-rl_caption=\"Mirador del Margen \/ Rodrigo Ormaz\u00e1bal\" data-rel=\"lightbox-gallery-1\"><img loading=\"lazy\" decoding=\"async\" width=\"150\" height=\"150\" src=\"https:\/\/www.arquimaster.com.ar\/web\/wp-content\/uploads\/2013\/12\/mirador_margen18-150x150.jpg\" class=\"attachment-thumbnail size-thumbnail\" alt=\"\" aria-describedby=\"gallery-1-1490\" srcset=\"https:\/\/www.arquimaster.com.ar\/web\/wp-content\/uploads\/2013\/12\/mirador_margen18-150x150.jpg 150w, https:\/\/www.arquimaster.com.ar\/web\/wp-content\/uploads\/2013\/12\/mirador_margen18-50x50.jpg 50w, https:\/\/www.arquimaster.com.ar\/web\/wp-content\/uploads\/2013\/12\/mirador_margen18-125x125.jpg 125w\" sizes=\"auto, (max-width: 150px) 100vw, 150px\" \/><\/a>\n\t\t\t<\/div>\n\t\t\t\t<figcaption class='wp-caption-text gallery-caption' id='gallery-1-1490'>\n\t\t\t\tMirador del Margen \/ Rodrigo Ormaz\u00e1bal\n\t\t\t\t<\/figcaption><\/figure><figure class='gallery-item'>\n\t\t\t<div class='gallery-icon landscape'>\n\t\t\t\t<a href='https:\/\/www.arquimaster.com.ar\/web\/wp-content\/uploads\/2013\/12\/mirador_margen19.jpg' title=\"Mirador del Margen \/ Rodrigo Ormaz\u00e1bal\" data-rl_title=\"Mirador del Margen \/ Rodrigo Ormaz\u00e1bal\" class=\"rl-gallery-link\" data-rl_caption=\"Mirador del Margen \/ Rodrigo Ormaz\u00e1bal\" data-rel=\"lightbox-gallery-1\"><img loading=\"lazy\" decoding=\"async\" width=\"150\" height=\"150\" src=\"https:\/\/www.arquimaster.com.ar\/web\/wp-content\/uploads\/2013\/12\/mirador_margen19-150x150.jpg\" class=\"attachment-thumbnail size-thumbnail\" alt=\"\" aria-describedby=\"gallery-1-1491\" srcset=\"https:\/\/www.arquimaster.com.ar\/web\/wp-content\/uploads\/2013\/12\/mirador_margen19-150x150.jpg 150w, https:\/\/www.arquimaster.com.ar\/web\/wp-content\/uploads\/2013\/12\/mirador_margen19-50x50.jpg 50w, https:\/\/www.arquimaster.com.ar\/web\/wp-content\/uploads\/2013\/12\/mirador_margen19-125x125.jpg 125w\" sizes=\"auto, (max-width: 150px) 100vw, 150px\" \/><\/a>\n\t\t\t<\/div>\n\t\t\t\t<figcaption class='wp-caption-text gallery-caption' id='gallery-1-1491'>\n\t\t\t\tMirador del Margen \/ Rodrigo Ormaz\u00e1bal\n\t\t\t\t<\/figcaption><\/figure><figure class='gallery-item'>\n\t\t\t<div class='gallery-icon landscape'>\n\t\t\t\t<a href='https:\/\/www.arquimaster.com.ar\/web\/wp-content\/uploads\/2013\/12\/mirador_margen20.jpg' title=\"Mirador del Margen \/ Rodrigo Ormaz\u00e1bal\" data-rl_title=\"Mirador del Margen \/ Rodrigo Ormaz\u00e1bal\" class=\"rl-gallery-link\" data-rl_caption=\"Mirador del Margen \/ Rodrigo Ormaz\u00e1bal\" data-rel=\"lightbox-gallery-1\"><img loading=\"lazy\" decoding=\"async\" width=\"150\" height=\"150\" src=\"https:\/\/www.arquimaster.com.ar\/web\/wp-content\/uploads\/2013\/12\/mirador_margen20-150x150.jpg\" class=\"attachment-thumbnail size-thumbnail\" alt=\"\" aria-describedby=\"gallery-1-1492\" srcset=\"https:\/\/www.arquimaster.com.ar\/web\/wp-content\/uploads\/2013\/12\/mirador_margen20-150x150.jpg 150w, https:\/\/www.arquimaster.com.ar\/web\/wp-content\/uploads\/2013\/12\/mirador_margen20-50x50.jpg 50w, https:\/\/www.arquimaster.com.ar\/web\/wp-content\/uploads\/2013\/12\/mirador_margen20-125x125.jpg 125w\" sizes=\"auto, (max-width: 150px) 100vw, 150px\" \/><\/a>\n\t\t\t<\/div>\n\t\t\t\t<figcaption class='wp-caption-text gallery-caption' id='gallery-1-1492'>\n\t\t\t\tMirador del Margen \/ Rodrigo Ormaz\u00e1bal\n\t\t\t\t<\/figcaption><\/figure><figure class='gallery-item'>\n\t\t\t<div class='gallery-icon portrait'>\n\t\t\t\t<a href='https:\/\/www.arquimaster.com.ar\/web\/wp-content\/uploads\/2013\/12\/mirador_margen21.jpg' title=\"Mirador del Margen \/ Rodrigo Ormaz\u00e1bal\" data-rl_title=\"Mirador del Margen \/ Rodrigo Ormaz\u00e1bal\" class=\"rl-gallery-link\" data-rl_caption=\"Mirador del Margen \/ Rodrigo Ormaz\u00e1bal\" data-rel=\"lightbox-gallery-1\"><img loading=\"lazy\" decoding=\"async\" width=\"150\" height=\"150\" src=\"https:\/\/www.arquimaster.com.ar\/web\/wp-content\/uploads\/2013\/12\/mirador_margen21-150x150.jpg\" class=\"attachment-thumbnail size-thumbnail\" alt=\"\" aria-describedby=\"gallery-1-1493\" srcset=\"https:\/\/www.arquimaster.com.ar\/web\/wp-content\/uploads\/2013\/12\/mirador_margen21-150x150.jpg 150w, https:\/\/www.arquimaster.com.ar\/web\/wp-content\/uploads\/2013\/12\/mirador_margen21-50x50.jpg 50w, https:\/\/www.arquimaster.com.ar\/web\/wp-content\/uploads\/2013\/12\/mirador_margen21-125x125.jpg 125w\" sizes=\"auto, (max-width: 150px) 100vw, 150px\" \/><\/a>\n\t\t\t<\/div>\n\t\t\t\t<figcaption class='wp-caption-text gallery-caption' id='gallery-1-1493'>\n\t\t\t\tMirador del Margen \/ Rodrigo Ormaz\u00e1bal\n\t\t\t\t<\/figcaption><\/figure>\n\t\t<\/div>\n\n<p>El agua es un elemento vital, en especial en zonas agr\u00edcolas. El rio Mataquito, donde se emplaza la obra, riega m\u00e1s de 100.000 hect\u00e1reas de valle entre los paralelos S 34\u00b054&#8242; y S 35\u00b054&#8242; vinculados principalmente a la producci\u00f3n vin\u00edfera.<\/p>\n<p>En la convergencia de los r\u00edos Lontu\u00e9, Teno y Mataquito, las econom\u00edas de subsistencia proliferan. Un lugar donde tambi\u00e9n convergen asentamientos urbanos como Curic\u00f3, Sagrada Familia y Rauco, all\u00ed donde el Valle Central de Chile se transforma en Valle del Mataquito se encuentran formas de vida ligadas a la tradici\u00f3n campesina con las nuevas econom\u00edas globales.<\/p>\n<p>Si bien las barreras naturales son una gran condicionante, la tecnolog\u00eda est\u00e1 posibilitando nuevas excursiones en las laderas contiguas al r\u00edo. Hasta hace poco el \u00fanico espacio apto para cultivos era el inmediato al r\u00edo, hoy los sistemas de riego tecnificado est\u00e1n permitiendo aumentar la cota a la cual se puede plantar. Lo que en su momento fue una ladera de especies nativas y espinos, ahora es una zona productiva que crea un paisaje nuevo.<\/p>\n<p>El proyecto se sit\u00faa all\u00ed donde puede observarse el valle y sus confluencias, al interior de los nuevos cultivos de ladera que cambiar\u00e1n la fisonom\u00eda de estos parajes, desde aqu\u00ed se podr\u00e1 observar este cambio.<\/p>\n<p>La Vi\u00f1a Ra\u00edces, ubicada en la comuna de Rauco, Chile, re\u00fane caracter\u00edsticas \u00fanicas para observar la convergencia ya que se emplaza en una de estas laderas que le ha ganado terreno al secano y otorga, gracias a la altitud, una mejor posici\u00f3n para contemplar la geograf\u00eda.<\/p>\n<p>Desde un comienzo se tom\u00f3 como premisa respetar el lenguaje com\u00fan de <strong>materialidades<\/strong> y <strong>texturas<\/strong> que identifican a esta zona.<\/p>\n<p>Observar los \u00e1rboles, su sombra, follaje, los vac\u00edos entre uno y otro, la proximidad con los cultivos, las pendientes, el distanciamiento de las melgas. Tambi\u00e9n los procesos productivos y la actividad de sus habitantes.<\/p>\n<p>As\u00ed se establecen elementos que dan origen al partido general con el que se trabajar\u00e1 posteriormente la forma estructural y el resultado formal del conjunto construido: Dos<strong> vistas<\/strong> principales, una que mira la <strong>convergencia de los r\u00edos<\/strong> y otra que mira al <strong>secano<\/strong>.<\/p>\n<p>La inclinaci\u00f3n, materialidad y utilidad estructural de los esquineros de rollizos. El alambre traccionado entre estacones que sostiene la siembra de las parras. Las pircas.<\/p>\n<p>El <strong>mirador del oriente<\/strong> est\u00e1 dise\u00f1ado como un espacio que re\u00fana, con el paisaje como fondo. Un lugar de escala menor que sirva a los temporeros como merendero y a los turistas veraniegos como espacio de descanso.<\/p>\n<p>El <strong>mirador del poniente<\/strong> es esbelto, una pasarela inclinada hacia adelante y arriba como un vauprez en voladizo, dejando al voyeur suspendido sobre las parras, apareciendo a la escala territorial.<\/p>\n<p>Una pirca entre dos \u00e1rboles cierra el per\u00edmetro del lugar relacionando los dos cuerpos de raschel.<\/p>\n<p>La banca junto al boldo, al centro del lugar, articula los dos miradores. Desde all\u00ed es posible comprender el territorio sobre el que se est\u00e1 suspendido.<\/p>\n<p><strong>Ficha tecnica<\/strong><br \/>\nNombre del proyecto: Mirador del Margen<br \/>\nUbicaci\u00f3n: Vi\u00f1a Raices, Rauco, Chile<br \/>\nCoordenadas KMZ: Latitud 35\u00b000&#8217;4.07&#8243; S &#8211; Longitud 71\u00b027&#8217;54.99&#8243; O<br \/>\nArquitecto: Rodrigo Ormaz\u00e1bal<br \/>\nMaterialidad: madera, rocas del lugar, malla raschell<br \/>\nSuperficie construida: 35,75 m2<br \/>\nA\u00f1o: abril 2013<\/p>\n<p><strong>Contacto:<\/strong> rodrigormazabal(arroba)gmail.com<\/p>\n\n<div style=\"font-size: 0px; height: 0px; line-height: 0px; margin: 0; padding: 0; clear: both;\"><\/div><div style=\"margin-top: 0px; margin-bottom: 0px;\" class=\"sharethis-inline-share-buttons\" ><\/div>","protected":false},"excerpt":{"rendered":"<p>Se establecen dos vistas, una hacia la convergencia de los r\u00edos y otra hacia el secano&#8230;<\/p>\n","protected":false},"author":1,"featured_media":1472,"comment_status":"closed","ping_status":"closed","sticky":false,"template":"","format":"standard","meta":{"_uag_custom_page_level_css":"","footnotes":""},"categories":[77,78,1],"tags":[265,558,559,557],"class_list":["post-1471","post","type-post","status-publish","format-standard","has-post-thumbnail","hentry","category-arquitectura-paisaje","category-arquitectura-efimera","category-proyecto","tag-chile","tag-mirador","tag-rauco","tag-rodrigo-ormazabal","generate-columns","tablet-grid-50","mobile-grid-100","grid-parent","grid-50"],"yoast_head":"<!-- This site is optimized with the Yoast SEO plugin v27.3 - https:\/\/yoast.com\/product\/yoast-seo-wordpress\/ -->\n<title>Mirador del Margen \/ Rodrigo Ormaz\u00e1bal - Arquimaster<\/title>\n<meta name=\"robots\" content=\"index, follow, max-snippet:-1, max-image-preview:large, max-video-preview:-1\" \/>\n<link rel=\"canonical\" href=\"https:\/\/www.arquimaster.com.ar\/web\/mirador-del-margen-rodrigo-ormazabal\/\" \/>\n<meta property=\"og:locale\" content=\"es_ES\" \/>\n<meta property=\"og:type\" content=\"article\" \/>\n<meta property=\"og:title\" content=\"Mirador del Margen \/ Rodrigo Ormaz\u00e1bal - Arquimaster\" \/>\n<meta property=\"og:description\" content=\"Se establecen dos vistas, una hacia la convergencia de los r\u00edos y otra hacia el secano...\" \/>\n<meta property=\"og:url\" content=\"https:\/\/www.arquimaster.com.ar\/web\/mirador-del-margen-rodrigo-ormazabal\/\" \/>\n<meta property=\"og:site_name\" content=\"Arquimaster\" \/>\n<meta property=\"article:publisher\" content=\"http:\/\/www.facebook.com\/ARQUIMASTER.com.ar\" \/>\n<meta property=\"article:published_time\" content=\"2013-12-29T00:30:46+00:00\" \/>\n<meta property=\"og:image\" content=\"https:\/\/www.arquimaster.com.ar\/web\/wp-content\/uploads\/2013\/12\/mirador_margen_slide.jpg\" \/>\n\t<meta property=\"og:image:width\" content=\"642\" \/>\n\t<meta property=\"og:image:height\" content=\"336\" \/>\n\t<meta property=\"og:image:type\" content=\"image\/jpeg\" \/>\n<meta name=\"author\" content=\"Arquimaster\" \/>\n<meta name=\"twitter:card\" content=\"summary_large_image\" \/>\n<meta name=\"twitter:creator\" content=\"@arquimaster\" \/>\n<meta name=\"twitter:site\" content=\"@arquimaster\" \/>\n<meta name=\"twitter:label1\" content=\"Escrito por\" \/>\n\t<meta name=\"twitter:data1\" content=\"Arquimaster\" \/>\n\t<meta name=\"twitter:label2\" content=\"Tiempo de lectura\" \/>\n\t<meta name=\"twitter:data2\" content=\"3 minutos\" \/>\n<script type=\"application\/ld+json\" class=\"yoast-schema-graph\">{\"@context\":\"https:\\\/\\\/schema.org\",\"@graph\":[{\"@type\":\"Article\",\"@id\":\"https:\\\/\\\/www.arquimaster.com.ar\\\/web\\\/mirador-del-margen-rodrigo-ormazabal\\\/#article\",\"isPartOf\":{\"@id\":\"https:\\\/\\\/www.arquimaster.com.ar\\\/web\\\/mirador-del-margen-rodrigo-ormazabal\\\/\"},\"author\":{\"name\":\"Arquimaster\",\"@id\":\"https:\\\/\\\/www.arquimaster.com.ar\\\/web\\\/#\\\/schema\\\/person\\\/359e9f7c00193fcde068e0dd2ceb0028\"},\"headline\":\"Mirador del Margen \\\/ Rodrigo Ormaz\u00e1bal\",\"datePublished\":\"2013-12-29T00:30:46+00:00\",\"mainEntityOfPage\":{\"@id\":\"https:\\\/\\\/www.arquimaster.com.ar\\\/web\\\/mirador-del-margen-rodrigo-ormazabal\\\/\"},\"wordCount\":619,\"publisher\":{\"@id\":\"https:\\\/\\\/www.arquimaster.com.ar\\\/web\\\/#organization\"},\"image\":{\"@id\":\"https:\\\/\\\/www.arquimaster.com.ar\\\/web\\\/mirador-del-margen-rodrigo-ormazabal\\\/#primaryimage\"},\"thumbnailUrl\":\"https:\\\/\\\/www.arquimaster.com.ar\\\/web\\\/wp-content\\\/uploads\\\/2013\\\/12\\\/mirador_margen_slide.jpg\",\"keywords\":[\"Chile\",\"mirador\",\"Rauco\",\"Rodrigo Ormaz\u00e1bal\"],\"articleSection\":[\"Arquitectura del paisaje\",\"Arquitectura efimera\",\"Proyecto\"],\"inLanguage\":\"es\"},{\"@type\":\"WebPage\",\"@id\":\"https:\\\/\\\/www.arquimaster.com.ar\\\/web\\\/mirador-del-margen-rodrigo-ormazabal\\\/\",\"url\":\"https:\\\/\\\/www.arquimaster.com.ar\\\/web\\\/mirador-del-margen-rodrigo-ormazabal\\\/\",\"name\":\"Mirador del Margen \\\/ Rodrigo Ormaz\u00e1bal - Arquimaster\",\"isPartOf\":{\"@id\":\"https:\\\/\\\/www.arquimaster.com.ar\\\/web\\\/#website\"},\"primaryImageOfPage\":{\"@id\":\"https:\\\/\\\/www.arquimaster.com.ar\\\/web\\\/mirador-del-margen-rodrigo-ormazabal\\\/#primaryimage\"},\"image\":{\"@id\":\"https:\\\/\\\/www.arquimaster.com.ar\\\/web\\\/mirador-del-margen-rodrigo-ormazabal\\\/#primaryimage\"},\"thumbnailUrl\":\"https:\\\/\\\/www.arquimaster.com.ar\\\/web\\\/wp-content\\\/uploads\\\/2013\\\/12\\\/mirador_margen_slide.jpg\",\"datePublished\":\"2013-12-29T00:30:46+00:00\",\"breadcrumb\":{\"@id\":\"https:\\\/\\\/www.arquimaster.com.ar\\\/web\\\/mirador-del-margen-rodrigo-ormazabal\\\/#breadcrumb\"},\"inLanguage\":\"es\",\"potentialAction\":[{\"@type\":\"ReadAction\",\"target\":[\"https:\\\/\\\/www.arquimaster.com.ar\\\/web\\\/mirador-del-margen-rodrigo-ormazabal\\\/\"]}]},{\"@type\":\"ImageObject\",\"inLanguage\":\"es\",\"@id\":\"https:\\\/\\\/www.arquimaster.com.ar\\\/web\\\/mirador-del-margen-rodrigo-ormazabal\\\/#primaryimage\",\"url\":\"https:\\\/\\\/www.arquimaster.com.ar\\\/web\\\/wp-content\\\/uploads\\\/2013\\\/12\\\/mirador_margen_slide.jpg\",\"contentUrl\":\"https:\\\/\\\/www.arquimaster.com.ar\\\/web\\\/wp-content\\\/uploads\\\/2013\\\/12\\\/mirador_margen_slide.jpg\",\"width\":642,\"height\":336},{\"@type\":\"BreadcrumbList\",\"@id\":\"https:\\\/\\\/www.arquimaster.com.ar\\\/web\\\/mirador-del-margen-rodrigo-ormazabal\\\/#breadcrumb\",\"itemListElement\":[{\"@type\":\"ListItem\",\"position\":1,\"name\":\"Portada\",\"item\":\"https:\\\/\\\/www.arquimaster.com.ar\\\/web\\\/\"},{\"@type\":\"ListItem\",\"position\":2,\"name\":\"Mirador del Margen \\\/ Rodrigo Ormaz\u00e1bal\"}]},{\"@type\":\"WebSite\",\"@id\":\"https:\\\/\\\/www.arquimaster.com.ar\\\/web\\\/#website\",\"url\":\"https:\\\/\\\/www.arquimaster.com.ar\\\/web\\\/\",\"name\":\"Arquimaster\",\"description\":\"Web de arquitectura, dise\u00f1o y construccion\",\"publisher\":{\"@id\":\"https:\\\/\\\/www.arquimaster.com.ar\\\/web\\\/#organization\"},\"potentialAction\":[{\"@type\":\"SearchAction\",\"target\":{\"@type\":\"EntryPoint\",\"urlTemplate\":\"https:\\\/\\\/www.arquimaster.com.ar\\\/web\\\/?s={search_term_string}\"},\"query-input\":{\"@type\":\"PropertyValueSpecification\",\"valueRequired\":true,\"valueName\":\"search_term_string\"}}],\"inLanguage\":\"es\"},{\"@type\":\"Organization\",\"@id\":\"https:\\\/\\\/www.arquimaster.com.ar\\\/web\\\/#organization\",\"name\":\"Arquimaster\",\"url\":\"https:\\\/\\\/www.arquimaster.com.ar\\\/web\\\/\",\"logo\":{\"@type\":\"ImageObject\",\"inLanguage\":\"es\",\"@id\":\"https:\\\/\\\/www.arquimaster.com.ar\\\/web\\\/#\\\/schema\\\/logo\\\/image\\\/\",\"url\":\"https:\\\/\\\/www.arquimaster.com.ar\\\/web\\\/wp-content\\\/uploads\\\/2022\\\/06\\\/arquimaster.png\",\"contentUrl\":\"https:\\\/\\\/www.arquimaster.com.ar\\\/web\\\/wp-content\\\/uploads\\\/2022\\\/06\\\/arquimaster.png\",\"width\":594,\"height\":78,\"caption\":\"Arquimaster\"},\"image\":{\"@id\":\"https:\\\/\\\/www.arquimaster.com.ar\\\/web\\\/#\\\/schema\\\/logo\\\/image\\\/\"},\"sameAs\":[\"http:\\\/\\\/www.facebook.com\\\/ARQUIMASTER.com.ar\",\"https:\\\/\\\/x.com\\\/arquimaster\",\"https:\\\/\\\/www.instagram.com\\\/arquimasterblog\\\/\",\"https:\\\/\\\/www.linkedin.com\\\/company\\\/arquimaster\",\"https:\\\/\\\/www.pinterest.com\\\/arquimaster\",\"https:\\\/\\\/t.me\\\/arquimaster\"]},{\"@type\":\"Person\",\"@id\":\"https:\\\/\\\/www.arquimaster.com.ar\\\/web\\\/#\\\/schema\\\/person\\\/359e9f7c00193fcde068e0dd2ceb0028\",\"name\":\"Arquimaster\"}]}<\/script>\n<!-- \/ Yoast SEO plugin. -->","yoast_head_json":{"title":"Mirador del Margen \/ Rodrigo Ormaz\u00e1bal - Arquimaster","robots":{"index":"index","follow":"follow","max-snippet":"max-snippet:-1","max-image-preview":"max-image-preview:large","max-video-preview":"max-video-preview:-1"},"canonical":"https:\/\/www.arquimaster.com.ar\/web\/mirador-del-margen-rodrigo-ormazabal\/","og_locale":"es_ES","og_type":"article","og_title":"Mirador del Margen \/ Rodrigo Ormaz\u00e1bal - Arquimaster","og_description":"Se establecen dos vistas, una hacia la convergencia de los r\u00edos y otra hacia el secano...","og_url":"https:\/\/www.arquimaster.com.ar\/web\/mirador-del-margen-rodrigo-ormazabal\/","og_site_name":"Arquimaster","article_publisher":"http:\/\/www.facebook.com\/ARQUIMASTER.com.ar","article_published_time":"2013-12-29T00:30:46+00:00","og_image":[{"width":642,"height":336,"url":"https:\/\/www.arquimaster.com.ar\/web\/wp-content\/uploads\/2013\/12\/mirador_margen_slide.jpg","type":"image\/jpeg"}],"author":"Arquimaster","twitter_card":"summary_large_image","twitter_creator":"@arquimaster","twitter_site":"@arquimaster","twitter_misc":{"Escrito por":"Arquimaster","Tiempo de lectura":"3 minutos"},"schema":{"@context":"https:\/\/schema.org","@graph":[{"@type":"Article","@id":"https:\/\/www.arquimaster.com.ar\/web\/mirador-del-margen-rodrigo-ormazabal\/#article","isPartOf":{"@id":"https:\/\/www.arquimaster.com.ar\/web\/mirador-del-margen-rodrigo-ormazabal\/"},"author":{"name":"Arquimaster","@id":"https:\/\/www.arquimaster.com.ar\/web\/#\/schema\/person\/359e9f7c00193fcde068e0dd2ceb0028"},"headline":"Mirador del Margen \/ Rodrigo Ormaz\u00e1bal","datePublished":"2013-12-29T00:30:46+00:00","mainEntityOfPage":{"@id":"https:\/\/www.arquimaster.com.ar\/web\/mirador-del-margen-rodrigo-ormazabal\/"},"wordCount":619,"publisher":{"@id":"https:\/\/www.arquimaster.com.ar\/web\/#organization"},"image":{"@id":"https:\/\/www.arquimaster.com.ar\/web\/mirador-del-margen-rodrigo-ormazabal\/#primaryimage"},"thumbnailUrl":"https:\/\/www.arquimaster.com.ar\/web\/wp-content\/uploads\/2013\/12\/mirador_margen_slide.jpg","keywords":["Chile","mirador","Rauco","Rodrigo Ormaz\u00e1bal"],"articleSection":["Arquitectura del paisaje","Arquitectura efimera","Proyecto"],"inLanguage":"es"},{"@type":"WebPage","@id":"https:\/\/www.arquimaster.com.ar\/web\/mirador-del-margen-rodrigo-ormazabal\/","url":"https:\/\/www.arquimaster.com.ar\/web\/mirador-del-margen-rodrigo-ormazabal\/","name":"Mirador del Margen \/ Rodrigo Ormaz\u00e1bal - Arquimaster","isPartOf":{"@id":"https:\/\/www.arquimaster.com.ar\/web\/#website"},"primaryImageOfPage":{"@id":"https:\/\/www.arquimaster.com.ar\/web\/mirador-del-margen-rodrigo-ormazabal\/#primaryimage"},"image":{"@id":"https:\/\/www.arquimaster.com.ar\/web\/mirador-del-margen-rodrigo-ormazabal\/#primaryimage"},"thumbnailUrl":"https:\/\/www.arquimaster.com.ar\/web\/wp-content\/uploads\/2013\/12\/mirador_margen_slide.jpg","datePublished":"2013-12-29T00:30:46+00:00","breadcrumb":{"@id":"https:\/\/www.arquimaster.com.ar\/web\/mirador-del-margen-rodrigo-ormazabal\/#breadcrumb"},"inLanguage":"es","potentialAction":[{"@type":"ReadAction","target":["https:\/\/www.arquimaster.com.ar\/web\/mirador-del-margen-rodrigo-ormazabal\/"]}]},{"@type":"ImageObject","inLanguage":"es","@id":"https:\/\/www.arquimaster.com.ar\/web\/mirador-del-margen-rodrigo-ormazabal\/#primaryimage","url":"https:\/\/www.arquimaster.com.ar\/web\/wp-content\/uploads\/2013\/12\/mirador_margen_slide.jpg","contentUrl":"https:\/\/www.arquimaster.com.ar\/web\/wp-content\/uploads\/2013\/12\/mirador_margen_slide.jpg","width":642,"height":336},{"@type":"BreadcrumbList","@id":"https:\/\/www.arquimaster.com.ar\/web\/mirador-del-margen-rodrigo-ormazabal\/#breadcrumb","itemListElement":[{"@type":"ListItem","position":1,"name":"Portada","item":"https:\/\/www.arquimaster.com.ar\/web\/"},{"@type":"ListItem","position":2,"name":"Mirador del Margen \/ Rodrigo Ormaz\u00e1bal"}]},{"@type":"WebSite","@id":"https:\/\/www.arquimaster.com.ar\/web\/#website","url":"https:\/\/www.arquimaster.com.ar\/web\/","name":"Arquimaster","description":"Web de arquitectura, dise\u00f1o y construccion","publisher":{"@id":"https:\/\/www.arquimaster.com.ar\/web\/#organization"},"potentialAction":[{"@type":"SearchAction","target":{"@type":"EntryPoint","urlTemplate":"https:\/\/www.arquimaster.com.ar\/web\/?s={search_term_string}"},"query-input":{"@type":"PropertyValueSpecification","valueRequired":true,"valueName":"search_term_string"}}],"inLanguage":"es"},{"@type":"Organization","@id":"https:\/\/www.arquimaster.com.ar\/web\/#organization","name":"Arquimaster","url":"https:\/\/www.arquimaster.com.ar\/web\/","logo":{"@type":"ImageObject","inLanguage":"es","@id":"https:\/\/www.arquimaster.com.ar\/web\/#\/schema\/logo\/image\/","url":"https:\/\/www.arquimaster.com.ar\/web\/wp-content\/uploads\/2022\/06\/arquimaster.png","contentUrl":"https:\/\/www.arquimaster.com.ar\/web\/wp-content\/uploads\/2022\/06\/arquimaster.png","width":594,"height":78,"caption":"Arquimaster"},"image":{"@id":"https:\/\/www.arquimaster.com.ar\/web\/#\/schema\/logo\/image\/"},"sameAs":["http:\/\/www.facebook.com\/ARQUIMASTER.com.ar","https:\/\/x.com\/arquimaster","https:\/\/www.instagram.com\/arquimasterblog\/","https:\/\/www.linkedin.com\/company\/arquimaster","https:\/\/www.pinterest.com\/arquimaster","https:\/\/t.me\/arquimaster"]},{"@type":"Person","@id":"https:\/\/www.arquimaster.com.ar\/web\/#\/schema\/person\/359e9f7c00193fcde068e0dd2ceb0028","name":"Arquimaster"}]}},"uagb_featured_image_src":{"full":["https:\/\/www.arquimaster.com.ar\/web\/wp-content\/uploads\/2013\/12\/mirador_margen_slide.jpg",642,336,false],"thumbnail":["https:\/\/www.arquimaster.com.ar\/web\/wp-content\/uploads\/2013\/12\/mirador_margen_slide-150x150.jpg",150,150,true],"medium":["https:\/\/www.arquimaster.com.ar\/web\/wp-content\/uploads\/2013\/12\/mirador_margen_slide-300x157.jpg",300,157,true],"medium_large":["https:\/\/www.arquimaster.com.ar\/web\/wp-content\/uploads\/2013\/12\/mirador_margen_slide.jpg",642,336,false],"large":["https:\/\/www.arquimaster.com.ar\/web\/wp-content\/uploads\/2013\/12\/mirador_margen_slide.jpg",642,336,false],"1536x1536":["https:\/\/www.arquimaster.com.ar\/web\/wp-content\/uploads\/2013\/12\/mirador_margen_slide.jpg",642,336,false],"2048x2048":["https:\/\/www.arquimaster.com.ar\/web\/wp-content\/uploads\/2013\/12\/mirador_margen_slide.jpg",642,336,false]},"uagb_author_info":{"display_name":"Arquimaster","author_link":"https:\/\/www.arquimaster.com.ar\/web\/author\/arquimaster\/"},"uagb_comment_info":0,"uagb_excerpt":"Se establecen dos vistas, una hacia la convergencia de los r\u00edos y otra hacia el secano...","_links":{"self":[{"href":"https:\/\/www.arquimaster.com.ar\/web\/wp-json\/wp\/v2\/posts\/1471","targetHints":{"allow":["GET"]}}],"collection":[{"href":"https:\/\/www.arquimaster.com.ar\/web\/wp-json\/wp\/v2\/posts"}],"about":[{"href":"https:\/\/www.arquimaster.com.ar\/web\/wp-json\/wp\/v2\/types\/post"}],"author":[{"embeddable":true,"href":"https:\/\/www.arquimaster.com.ar\/web\/wp-json\/wp\/v2\/users\/1"}],"replies":[{"embeddable":true,"href":"https:\/\/www.arquimaster.com.ar\/web\/wp-json\/wp\/v2\/comments?post=1471"}],"version-history":[{"count":0,"href":"https:\/\/www.arquimaster.com.ar\/web\/wp-json\/wp\/v2\/posts\/1471\/revisions"}],"wp:featuredmedia":[{"embeddable":true,"href":"https:\/\/www.arquimaster.com.ar\/web\/wp-json\/wp\/v2\/media\/1472"}],"wp:attachment":[{"href":"https:\/\/www.arquimaster.com.ar\/web\/wp-json\/wp\/v2\/media?parent=1471"}],"wp:term":[{"taxonomy":"category","embeddable":true,"href":"https:\/\/www.arquimaster.com.ar\/web\/wp-json\/wp\/v2\/categories?post=1471"},{"taxonomy":"post_tag","embeddable":true,"href":"https:\/\/www.arquimaster.com.ar\/web\/wp-json\/wp\/v2\/tags?post=1471"}],"curies":[{"name":"wp","href":"https:\/\/api.w.org\/{rel}","templated":true}]}}