{"id":14735,"date":"2015-05-14T15:36:50","date_gmt":"2015-05-14T15:36:50","guid":{"rendered":"http:\/\/www.arquimaster.com.ar\/web\/?p=14735"},"modified":"2015-05-14T15:36:50","modified_gmt":"2015-05-14T15:36:50","slug":"quinta-en-los-molinos-biagionipecorari-arquitectos","status":"publish","type":"post","link":"https:\/\/www.arquimaster.com.ar\/web\/quinta-en-los-molinos-biagionipecorari-arquitectos\/","title":{"rendered":"Quinta en Los Molinos \/ Biagioni\/Pecorari Arquitectos"},"content":{"rendered":"<div style=\"margin-top: 0px; margin-bottom: 0px;\" class=\"sharethis-inline-share-buttons\" ><\/div><div class=\"b812932af2e751442846f039925109de\" data-index=\"1\" style=\"float: none; margin:25px 0 25px 0; text-align:center;\">\n<script async src=\"https:\/\/pagead2.googlesyndication.com\/pagead\/js\/adsbygoogle.js\"><\/script>\r\n<!-- Arquimaster (superior) -->\r\n<ins class=\"adsbygoogle\"\r\n     style=\"display:block\"\r\n     data-ad-client=\"ca-pub-6351072698456832\"\r\n     data-ad-slot=\"6455489680\"\r\n     data-ad-format=\"auto\"\r\n     data-full-width-responsive=\"true\"><\/ins>\r\n<script>\r\n     (adsbygoogle = window.adsbygoogle || []).push({});\r\n<\/script>\n<\/div>\n<p><strong>Quinta en Los Molinos<\/strong> (Santa Fe, Argentina) por<strong> Biagioni\/Pecorari Arquitectos<\/strong>. En un terreno de 30&#215;30 metros dentro de un barrio cerrado se nos ha encargado una quinta de fin de semana para una familia de padres y tres hijos.<\/p>\n<div id='gallery-1' class='gallery galleryid-14735 gallery-columns-3 gallery-size-thumbnail'><figure class='gallery-item'>\n\t\t\t<div class='gallery-icon landscape'>\n\t\t\t\t<a href='https:\/\/www.arquimaster.com.ar\/web\/wp-content\/uploads\/2015\/05\/quinta_los_molinos1.jpg' title=\"Quinta en Los Molinos \/ Biagioni\/Pecorari Arquitectos (\u00a9 Ramiro Sosa)\" data-rl_title=\"Quinta en Los Molinos \/ Biagioni\/Pecorari Arquitectos (\u00a9 Ramiro Sosa)\" class=\"rl-gallery-link\" data-rl_caption=\"Quinta en Los Molinos \/ Biagioni\/Pecorari Arquitectos (\u00a9 Ramiro Sosa)\" data-rel=\"lightbox-gallery-1\"><img loading=\"lazy\" decoding=\"async\" width=\"150\" height=\"150\" src=\"https:\/\/www.arquimaster.com.ar\/web\/wp-content\/uploads\/2015\/05\/quinta_los_molinos1-250x250.jpg\" class=\"attachment-thumbnail size-thumbnail\" alt=\"\" aria-describedby=\"gallery-1-14766\" srcset=\"https:\/\/www.arquimaster.com.ar\/web\/wp-content\/uploads\/2015\/05\/quinta_los_molinos1-250x250.jpg 250w, https:\/\/www.arquimaster.com.ar\/web\/wp-content\/uploads\/2015\/05\/quinta_los_molinos1-50x50.jpg 50w, https:\/\/www.arquimaster.com.ar\/web\/wp-content\/uploads\/2015\/05\/quinta_los_molinos1-125x125.jpg 125w\" sizes=\"auto, (max-width: 150px) 100vw, 150px\" \/><\/a>\n\t\t\t<\/div>\n\t\t\t\t<figcaption class='wp-caption-text gallery-caption' id='gallery-1-14766'>\n\t\t\t\tQuinta en Los Molinos \/ Biagioni\/Pecorari Arquitectos (\u00a9 Ramiro Sosa)\n\t\t\t\t<\/figcaption><\/figure><figure class='gallery-item'>\n\t\t\t<div class='gallery-icon landscape'>\n\t\t\t\t<a href='https:\/\/www.arquimaster.com.ar\/web\/wp-content\/uploads\/2015\/05\/quinta_los_molinos2.jpg' title=\"Quinta en Los Molinos \/ Biagioni\/Pecorari Arquitectos (\u00a9 Ramiro Sosa)\" data-rl_title=\"Quinta en Los Molinos \/ Biagioni\/Pecorari Arquitectos (\u00a9 Ramiro Sosa)\" class=\"rl-gallery-link\" data-rl_caption=\"Quinta en Los Molinos \/ Biagioni\/Pecorari Arquitectos (\u00a9 Ramiro Sosa)\" data-rel=\"lightbox-gallery-1\"><img loading=\"lazy\" decoding=\"async\" width=\"150\" height=\"150\" src=\"https:\/\/www.arquimaster.com.ar\/web\/wp-content\/uploads\/2015\/05\/quinta_los_molinos2-250x250.jpg\" class=\"attachment-thumbnail size-thumbnail\" alt=\"\" aria-describedby=\"gallery-1-14767\" srcset=\"https:\/\/www.arquimaster.com.ar\/web\/wp-content\/uploads\/2015\/05\/quinta_los_molinos2-250x250.jpg 250w, https:\/\/www.arquimaster.com.ar\/web\/wp-content\/uploads\/2015\/05\/quinta_los_molinos2-50x50.jpg 50w, https:\/\/www.arquimaster.com.ar\/web\/wp-content\/uploads\/2015\/05\/quinta_los_molinos2-125x125.jpg 125w\" sizes=\"auto, (max-width: 150px) 100vw, 150px\" \/><\/a>\n\t\t\t<\/div>\n\t\t\t\t<figcaption class='wp-caption-text gallery-caption' id='gallery-1-14767'>\n\t\t\t\tQuinta en Los Molinos \/ Biagioni\/Pecorari Arquitectos (\u00a9 Ramiro Sosa)\n\t\t\t\t<\/figcaption><\/figure><figure class='gallery-item'>\n\t\t\t<div class='gallery-icon landscape'>\n\t\t\t\t<a href='https:\/\/www.arquimaster.com.ar\/web\/wp-content\/uploads\/2015\/05\/quinta_los_molinos3.jpg' title=\"Quinta en Los Molinos \/ Biagioni\/Pecorari Arquitectos (\u00a9 Ramiro Sosa)\" data-rl_title=\"Quinta en Los Molinos \/ Biagioni\/Pecorari Arquitectos (\u00a9 Ramiro Sosa)\" class=\"rl-gallery-link\" data-rl_caption=\"Quinta en Los Molinos \/ Biagioni\/Pecorari Arquitectos (\u00a9 Ramiro Sosa)\" data-rel=\"lightbox-gallery-1\"><img loading=\"lazy\" decoding=\"async\" width=\"150\" height=\"150\" src=\"https:\/\/www.arquimaster.com.ar\/web\/wp-content\/uploads\/2015\/05\/quinta_los_molinos3-150x150.jpg\" class=\"attachment-thumbnail size-thumbnail\" alt=\"\" aria-describedby=\"gallery-1-14739\" srcset=\"https:\/\/www.arquimaster.com.ar\/web\/wp-content\/uploads\/2015\/05\/quinta_los_molinos3-150x150.jpg 150w, https:\/\/www.arquimaster.com.ar\/web\/wp-content\/uploads\/2015\/05\/quinta_los_molinos3-50x50.jpg 50w, https:\/\/www.arquimaster.com.ar\/web\/wp-content\/uploads\/2015\/05\/quinta_los_molinos3-125x125.jpg 125w\" sizes=\"auto, (max-width: 150px) 100vw, 150px\" \/><\/a>\n\t\t\t<\/div>\n\t\t\t\t<figcaption class='wp-caption-text gallery-caption' id='gallery-1-14739'>\n\t\t\t\tQuinta en Los Molinos \/ Biagioni\/Pecorari Arquitectos (\u00a9 Ramiro Sosa)\n\t\t\t\t<\/figcaption><\/figure><figure class='gallery-item'>\n\t\t\t<div class='gallery-icon landscape'>\n\t\t\t\t<a href='https:\/\/www.arquimaster.com.ar\/web\/wp-content\/uploads\/2015\/05\/quinta_los_molinos4.jpg' title=\"Quinta en Los Molinos \/ Biagioni\/Pecorari Arquitectos (\u00a9 Ramiro Sosa)\" data-rl_title=\"Quinta en Los Molinos \/ Biagioni\/Pecorari Arquitectos (\u00a9 Ramiro Sosa)\" class=\"rl-gallery-link\" data-rl_caption=\"Quinta en Los Molinos \/ Biagioni\/Pecorari Arquitectos (\u00a9 Ramiro Sosa)\" data-rel=\"lightbox-gallery-1\"><img loading=\"lazy\" decoding=\"async\" width=\"150\" height=\"150\" src=\"https:\/\/www.arquimaster.com.ar\/web\/wp-content\/uploads\/2015\/05\/quinta_los_molinos4-150x150.jpg\" class=\"attachment-thumbnail size-thumbnail\" alt=\"\" aria-describedby=\"gallery-1-14740\" srcset=\"https:\/\/www.arquimaster.com.ar\/web\/wp-content\/uploads\/2015\/05\/quinta_los_molinos4-150x150.jpg 150w, https:\/\/www.arquimaster.com.ar\/web\/wp-content\/uploads\/2015\/05\/quinta_los_molinos4-50x50.jpg 50w, https:\/\/www.arquimaster.com.ar\/web\/wp-content\/uploads\/2015\/05\/quinta_los_molinos4-125x125.jpg 125w\" sizes=\"auto, (max-width: 150px) 100vw, 150px\" \/><\/a>\n\t\t\t<\/div>\n\t\t\t\t<figcaption class='wp-caption-text gallery-caption' id='gallery-1-14740'>\n\t\t\t\tQuinta en Los Molinos \/ Biagioni\/Pecorari Arquitectos (\u00a9 Ramiro Sosa)\n\t\t\t\t<\/figcaption><\/figure><figure class='gallery-item'>\n\t\t\t<div class='gallery-icon portrait'>\n\t\t\t\t<a href='https:\/\/www.arquimaster.com.ar\/web\/wp-content\/uploads\/2015\/05\/quinta_los_molinos5.jpg' title=\"Quinta en Los Molinos \/ Biagioni\/Pecorari Arquitectos (\u00a9 Ramiro Sosa)\" data-rl_title=\"Quinta en Los Molinos \/ Biagioni\/Pecorari Arquitectos (\u00a9 Ramiro Sosa)\" class=\"rl-gallery-link\" data-rl_caption=\"Quinta en Los Molinos \/ Biagioni\/Pecorari Arquitectos (\u00a9 Ramiro Sosa)\" data-rel=\"lightbox-gallery-1\"><img loading=\"lazy\" decoding=\"async\" width=\"150\" height=\"150\" src=\"https:\/\/www.arquimaster.com.ar\/web\/wp-content\/uploads\/2015\/05\/quinta_los_molinos5-150x150.jpg\" class=\"attachment-thumbnail size-thumbnail\" alt=\"\" aria-describedby=\"gallery-1-14741\" srcset=\"https:\/\/www.arquimaster.com.ar\/web\/wp-content\/uploads\/2015\/05\/quinta_los_molinos5-150x150.jpg 150w, https:\/\/www.arquimaster.com.ar\/web\/wp-content\/uploads\/2015\/05\/quinta_los_molinos5-50x50.jpg 50w, https:\/\/www.arquimaster.com.ar\/web\/wp-content\/uploads\/2015\/05\/quinta_los_molinos5-125x125.jpg 125w\" sizes=\"auto, (max-width: 150px) 100vw, 150px\" \/><\/a>\n\t\t\t<\/div>\n\t\t\t\t<figcaption class='wp-caption-text gallery-caption' id='gallery-1-14741'>\n\t\t\t\tQuinta en Los Molinos \/ Biagioni\/Pecorari Arquitectos (\u00a9 Ramiro Sosa)\n\t\t\t\t<\/figcaption><\/figure><figure class='gallery-item'>\n\t\t\t<div class='gallery-icon landscape'>\n\t\t\t\t<a href='https:\/\/www.arquimaster.com.ar\/web\/wp-content\/uploads\/2015\/05\/quinta_los_molinos8.jpg' title=\"Quinta en Los Molinos \/ Biagioni\/Pecorari Arquitectos (\u00a9 Ramiro Sosa)\" data-rl_title=\"Quinta en Los Molinos \/ Biagioni\/Pecorari Arquitectos (\u00a9 Ramiro Sosa)\" class=\"rl-gallery-link\" data-rl_caption=\"Quinta en Los Molinos \/ Biagioni\/Pecorari Arquitectos (\u00a9 Ramiro Sosa)\" data-rel=\"lightbox-gallery-1\"><img loading=\"lazy\" decoding=\"async\" width=\"150\" height=\"150\" src=\"https:\/\/www.arquimaster.com.ar\/web\/wp-content\/uploads\/2015\/05\/quinta_los_molinos8-250x250.jpg\" class=\"attachment-thumbnail size-thumbnail\" alt=\"\" aria-describedby=\"gallery-1-14769\" srcset=\"https:\/\/www.arquimaster.com.ar\/web\/wp-content\/uploads\/2015\/05\/quinta_los_molinos8-250x250.jpg 250w, https:\/\/www.arquimaster.com.ar\/web\/wp-content\/uploads\/2015\/05\/quinta_los_molinos8-50x50.jpg 50w, https:\/\/www.arquimaster.com.ar\/web\/wp-content\/uploads\/2015\/05\/quinta_los_molinos8-125x125.jpg 125w\" sizes=\"auto, (max-width: 150px) 100vw, 150px\" \/><\/a>\n\t\t\t<\/div>\n\t\t\t\t<figcaption class='wp-caption-text gallery-caption' id='gallery-1-14769'>\n\t\t\t\tQuinta en Los Molinos \/ Biagioni\/Pecorari Arquitectos (\u00a9 Ramiro Sosa)\n\t\t\t\t<\/figcaption><\/figure><figure class='gallery-item'>\n\t\t\t<div class='gallery-icon landscape'>\n\t\t\t\t<a href='https:\/\/www.arquimaster.com.ar\/web\/wp-content\/uploads\/2015\/05\/quinta_los_molinos6.jpg' title=\"Quinta en Los Molinos \/ Biagioni\/Pecorari Arquitectos (\u00a9 Ramiro Sosa)\" data-rl_title=\"Quinta en Los Molinos \/ Biagioni\/Pecorari Arquitectos (\u00a9 Ramiro Sosa)\" class=\"rl-gallery-link\" data-rl_caption=\"Quinta en Los Molinos \/ Biagioni\/Pecorari Arquitectos (\u00a9 Ramiro Sosa)\" data-rel=\"lightbox-gallery-1\"><img loading=\"lazy\" decoding=\"async\" width=\"150\" height=\"150\" src=\"https:\/\/www.arquimaster.com.ar\/web\/wp-content\/uploads\/2015\/05\/quinta_los_molinos6-250x250.jpg\" class=\"attachment-thumbnail size-thumbnail\" alt=\"\" aria-describedby=\"gallery-1-14768\" srcset=\"https:\/\/www.arquimaster.com.ar\/web\/wp-content\/uploads\/2015\/05\/quinta_los_molinos6-250x250.jpg 250w, https:\/\/www.arquimaster.com.ar\/web\/wp-content\/uploads\/2015\/05\/quinta_los_molinos6-50x50.jpg 50w, https:\/\/www.arquimaster.com.ar\/web\/wp-content\/uploads\/2015\/05\/quinta_los_molinos6-125x125.jpg 125w\" sizes=\"auto, (max-width: 150px) 100vw, 150px\" \/><\/a>\n\t\t\t<\/div>\n\t\t\t\t<figcaption class='wp-caption-text gallery-caption' id='gallery-1-14768'>\n\t\t\t\tQuinta en Los Molinos \/ Biagioni\/Pecorari Arquitectos (\u00a9 Ramiro Sosa)\n\t\t\t\t<\/figcaption><\/figure><figure class='gallery-item'>\n\t\t\t<div class='gallery-icon landscape'>\n\t\t\t\t<a href='https:\/\/www.arquimaster.com.ar\/web\/wp-content\/uploads\/2015\/05\/quinta_los_molinos7.jpg' title=\"Quinta en Los Molinos \/ Biagioni\/Pecorari Arquitectos (\u00a9 Ramiro Sosa)\" data-rl_title=\"Quinta en Los Molinos \/ Biagioni\/Pecorari Arquitectos (\u00a9 Ramiro Sosa)\" class=\"rl-gallery-link\" data-rl_caption=\"Quinta en Los Molinos \/ Biagioni\/Pecorari Arquitectos (\u00a9 Ramiro Sosa)\" data-rel=\"lightbox-gallery-1\"><img loading=\"lazy\" decoding=\"async\" width=\"150\" height=\"150\" src=\"https:\/\/www.arquimaster.com.ar\/web\/wp-content\/uploads\/2015\/05\/quinta_los_molinos7-150x150.jpg\" class=\"attachment-thumbnail size-thumbnail\" alt=\"\" aria-describedby=\"gallery-1-14743\" srcset=\"https:\/\/www.arquimaster.com.ar\/web\/wp-content\/uploads\/2015\/05\/quinta_los_molinos7-150x150.jpg 150w, https:\/\/www.arquimaster.com.ar\/web\/wp-content\/uploads\/2015\/05\/quinta_los_molinos7-50x50.jpg 50w, https:\/\/www.arquimaster.com.ar\/web\/wp-content\/uploads\/2015\/05\/quinta_los_molinos7-125x125.jpg 125w\" sizes=\"auto, (max-width: 150px) 100vw, 150px\" \/><\/a>\n\t\t\t<\/div>\n\t\t\t\t<figcaption class='wp-caption-text gallery-caption' id='gallery-1-14743'>\n\t\t\t\tQuinta en Los Molinos \/ Biagioni\/Pecorari Arquitectos (\u00a9 Ramiro Sosa)\n\t\t\t\t<\/figcaption><\/figure><figure class='gallery-item'>\n\t\t\t<div class='gallery-icon portrait'>\n\t\t\t\t<a href='https:\/\/www.arquimaster.com.ar\/web\/wp-content\/uploads\/2015\/05\/quinta_los_molinos9.jpg' title=\"Quinta en Los Molinos \/ Biagioni\/Pecorari Arquitectos (\u00a9 Ramiro Sosa)\" data-rl_title=\"Quinta en Los Molinos \/ Biagioni\/Pecorari Arquitectos (\u00a9 Ramiro Sosa)\" class=\"rl-gallery-link\" data-rl_caption=\"Quinta en Los Molinos \/ Biagioni\/Pecorari Arquitectos (\u00a9 Ramiro Sosa)\" data-rel=\"lightbox-gallery-1\"><img loading=\"lazy\" decoding=\"async\" width=\"150\" height=\"150\" src=\"https:\/\/www.arquimaster.com.ar\/web\/wp-content\/uploads\/2015\/05\/quinta_los_molinos9-150x150.jpg\" class=\"attachment-thumbnail size-thumbnail\" alt=\"\" aria-describedby=\"gallery-1-14745\" srcset=\"https:\/\/www.arquimaster.com.ar\/web\/wp-content\/uploads\/2015\/05\/quinta_los_molinos9-150x150.jpg 150w, https:\/\/www.arquimaster.com.ar\/web\/wp-content\/uploads\/2015\/05\/quinta_los_molinos9-50x50.jpg 50w, https:\/\/www.arquimaster.com.ar\/web\/wp-content\/uploads\/2015\/05\/quinta_los_molinos9-125x125.jpg 125w\" sizes=\"auto, (max-width: 150px) 100vw, 150px\" \/><\/a>\n\t\t\t<\/div>\n\t\t\t\t<figcaption class='wp-caption-text gallery-caption' id='gallery-1-14745'>\n\t\t\t\tQuinta en Los Molinos \/ Biagioni\/Pecorari Arquitectos (\u00a9 Ramiro Sosa)\n\t\t\t\t<\/figcaption><\/figure><figure class='gallery-item'>\n\t\t\t<div class='gallery-icon portrait'>\n\t\t\t\t<a href='https:\/\/www.arquimaster.com.ar\/web\/wp-content\/uploads\/2015\/05\/quinta_los_molinos10.jpg' title=\"Quinta en Los Molinos \/ Biagioni\/Pecorari Arquitectos (\u00a9 Ramiro Sosa)\" data-rl_title=\"Quinta en Los Molinos \/ Biagioni\/Pecorari Arquitectos (\u00a9 Ramiro Sosa)\" class=\"rl-gallery-link\" data-rl_caption=\"Quinta en Los Molinos \/ Biagioni\/Pecorari Arquitectos (\u00a9 Ramiro Sosa)\" data-rel=\"lightbox-gallery-1\"><img loading=\"lazy\" decoding=\"async\" width=\"150\" height=\"150\" src=\"https:\/\/www.arquimaster.com.ar\/web\/wp-content\/uploads\/2015\/05\/quinta_los_molinos10-150x150.jpg\" class=\"attachment-thumbnail size-thumbnail\" alt=\"\" aria-describedby=\"gallery-1-14746\" srcset=\"https:\/\/www.arquimaster.com.ar\/web\/wp-content\/uploads\/2015\/05\/quinta_los_molinos10-150x150.jpg 150w, https:\/\/www.arquimaster.com.ar\/web\/wp-content\/uploads\/2015\/05\/quinta_los_molinos10-50x50.jpg 50w, https:\/\/www.arquimaster.com.ar\/web\/wp-content\/uploads\/2015\/05\/quinta_los_molinos10-125x125.jpg 125w\" sizes=\"auto, (max-width: 150px) 100vw, 150px\" \/><\/a>\n\t\t\t<\/div>\n\t\t\t\t<figcaption class='wp-caption-text gallery-caption' id='gallery-1-14746'>\n\t\t\t\tQuinta en Los Molinos \/ Biagioni\/Pecorari Arquitectos (\u00a9 Ramiro Sosa)\n\t\t\t\t<\/figcaption><\/figure><figure class='gallery-item'>\n\t\t\t<div class='gallery-icon portrait'>\n\t\t\t\t<a href='https:\/\/www.arquimaster.com.ar\/web\/wp-content\/uploads\/2015\/05\/quinta_los_molinos11.jpg' title=\"Quinta en Los Molinos \/ Biagioni\/Pecorari Arquitectos (\u00a9 Ramiro Sosa)\" data-rl_title=\"Quinta en Los Molinos \/ Biagioni\/Pecorari Arquitectos (\u00a9 Ramiro Sosa)\" class=\"rl-gallery-link\" data-rl_caption=\"Quinta en Los Molinos \/ Biagioni\/Pecorari Arquitectos (\u00a9 Ramiro Sosa)\" data-rel=\"lightbox-gallery-1\"><img loading=\"lazy\" decoding=\"async\" width=\"150\" height=\"150\" src=\"https:\/\/www.arquimaster.com.ar\/web\/wp-content\/uploads\/2015\/05\/quinta_los_molinos11-150x150.jpg\" class=\"attachment-thumbnail size-thumbnail\" alt=\"\" aria-describedby=\"gallery-1-14747\" srcset=\"https:\/\/www.arquimaster.com.ar\/web\/wp-content\/uploads\/2015\/05\/quinta_los_molinos11-150x150.jpg 150w, https:\/\/www.arquimaster.com.ar\/web\/wp-content\/uploads\/2015\/05\/quinta_los_molinos11-50x50.jpg 50w, https:\/\/www.arquimaster.com.ar\/web\/wp-content\/uploads\/2015\/05\/quinta_los_molinos11-125x125.jpg 125w\" sizes=\"auto, (max-width: 150px) 100vw, 150px\" \/><\/a>\n\t\t\t<\/div>\n\t\t\t\t<figcaption class='wp-caption-text gallery-caption' id='gallery-1-14747'>\n\t\t\t\tQuinta en Los Molinos \/ Biagioni\/Pecorari Arquitectos (\u00a9 Ramiro Sosa)\n\t\t\t\t<\/figcaption><\/figure><figure class='gallery-item'>\n\t\t\t<div class='gallery-icon portrait'>\n\t\t\t\t<a href='https:\/\/www.arquimaster.com.ar\/web\/wp-content\/uploads\/2015\/05\/quinta_los_molinos12.jpg' title=\"Quinta en Los Molinos \/ Biagioni\/Pecorari Arquitectos (\u00a9 Ramiro Sosa)\" data-rl_title=\"Quinta en Los Molinos \/ Biagioni\/Pecorari Arquitectos (\u00a9 Ramiro Sosa)\" class=\"rl-gallery-link\" data-rl_caption=\"Quinta en Los Molinos \/ Biagioni\/Pecorari Arquitectos (\u00a9 Ramiro Sosa)\" data-rel=\"lightbox-gallery-1\"><img loading=\"lazy\" decoding=\"async\" width=\"150\" height=\"150\" src=\"https:\/\/www.arquimaster.com.ar\/web\/wp-content\/uploads\/2015\/05\/quinta_los_molinos12-150x150.jpg\" class=\"attachment-thumbnail size-thumbnail\" alt=\"\" aria-describedby=\"gallery-1-14748\" srcset=\"https:\/\/www.arquimaster.com.ar\/web\/wp-content\/uploads\/2015\/05\/quinta_los_molinos12-150x150.jpg 150w, https:\/\/www.arquimaster.com.ar\/web\/wp-content\/uploads\/2015\/05\/quinta_los_molinos12-50x50.jpg 50w, https:\/\/www.arquimaster.com.ar\/web\/wp-content\/uploads\/2015\/05\/quinta_los_molinos12-125x125.jpg 125w\" sizes=\"auto, (max-width: 150px) 100vw, 150px\" \/><\/a>\n\t\t\t<\/div>\n\t\t\t\t<figcaption class='wp-caption-text gallery-caption' id='gallery-1-14748'>\n\t\t\t\tQuinta en Los Molinos \/ Biagioni\/Pecorari Arquitectos (\u00a9 Ramiro Sosa)\n\t\t\t\t<\/figcaption><\/figure><figure class='gallery-item'>\n\t\t\t<div class='gallery-icon portrait'>\n\t\t\t\t<a href='https:\/\/www.arquimaster.com.ar\/web\/wp-content\/uploads\/2015\/05\/quinta_los_molinos13.jpg' title=\"Quinta en Los Molinos \/ Biagioni\/Pecorari Arquitectos (\u00a9 Ramiro Sosa)\" data-rl_title=\"Quinta en Los Molinos \/ Biagioni\/Pecorari Arquitectos (\u00a9 Ramiro Sosa)\" class=\"rl-gallery-link\" data-rl_caption=\"Quinta en Los Molinos \/ Biagioni\/Pecorari Arquitectos (\u00a9 Ramiro Sosa)\" data-rel=\"lightbox-gallery-1\"><img loading=\"lazy\" decoding=\"async\" width=\"150\" height=\"150\" src=\"https:\/\/www.arquimaster.com.ar\/web\/wp-content\/uploads\/2015\/05\/quinta_los_molinos13-150x150.jpg\" class=\"attachment-thumbnail size-thumbnail\" alt=\"\" aria-describedby=\"gallery-1-14749\" srcset=\"https:\/\/www.arquimaster.com.ar\/web\/wp-content\/uploads\/2015\/05\/quinta_los_molinos13-150x150.jpg 150w, https:\/\/www.arquimaster.com.ar\/web\/wp-content\/uploads\/2015\/05\/quinta_los_molinos13-50x50.jpg 50w, https:\/\/www.arquimaster.com.ar\/web\/wp-content\/uploads\/2015\/05\/quinta_los_molinos13-125x125.jpg 125w\" sizes=\"auto, (max-width: 150px) 100vw, 150px\" \/><\/a>\n\t\t\t<\/div>\n\t\t\t\t<figcaption class='wp-caption-text gallery-caption' id='gallery-1-14749'>\n\t\t\t\tQuinta en Los Molinos \/ Biagioni\/Pecorari Arquitectos (\u00a9 Ramiro Sosa)\n\t\t\t\t<\/figcaption><\/figure><figure class='gallery-item'>\n\t\t\t<div class='gallery-icon portrait'>\n\t\t\t\t<a href='https:\/\/www.arquimaster.com.ar\/web\/wp-content\/uploads\/2015\/05\/quinta_los_molinos14.jpg' title=\"Quinta en Los Molinos \/ Biagioni\/Pecorari Arquitectos (\u00a9 Ramiro Sosa)\" data-rl_title=\"Quinta en Los Molinos \/ Biagioni\/Pecorari Arquitectos (\u00a9 Ramiro Sosa)\" class=\"rl-gallery-link\" data-rl_caption=\"Quinta en Los Molinos \/ Biagioni\/Pecorari Arquitectos (\u00a9 Ramiro Sosa)\" data-rel=\"lightbox-gallery-1\"><img loading=\"lazy\" decoding=\"async\" width=\"150\" height=\"150\" src=\"https:\/\/www.arquimaster.com.ar\/web\/wp-content\/uploads\/2015\/05\/quinta_los_molinos14-150x150.jpg\" class=\"attachment-thumbnail size-thumbnail\" alt=\"\" aria-describedby=\"gallery-1-14750\" srcset=\"https:\/\/www.arquimaster.com.ar\/web\/wp-content\/uploads\/2015\/05\/quinta_los_molinos14-150x150.jpg 150w, https:\/\/www.arquimaster.com.ar\/web\/wp-content\/uploads\/2015\/05\/quinta_los_molinos14-50x50.jpg 50w, https:\/\/www.arquimaster.com.ar\/web\/wp-content\/uploads\/2015\/05\/quinta_los_molinos14-125x125.jpg 125w\" sizes=\"auto, (max-width: 150px) 100vw, 150px\" \/><\/a>\n\t\t\t<\/div>\n\t\t\t\t<figcaption class='wp-caption-text gallery-caption' id='gallery-1-14750'>\n\t\t\t\tQuinta en Los Molinos \/ Biagioni\/Pecorari Arquitectos (\u00a9 Ramiro Sosa)\n\t\t\t\t<\/figcaption><\/figure><figure class='gallery-item'>\n\t\t\t<div class='gallery-icon landscape'>\n\t\t\t\t<a href='https:\/\/www.arquimaster.com.ar\/web\/wp-content\/uploads\/2015\/05\/quinta_los_molinos15.jpg' title=\"Quinta en Los Molinos \/ Biagioni\/Pecorari Arquitectos (\u00a9 Ramiro Sosa)\" data-rl_title=\"Quinta en Los Molinos \/ Biagioni\/Pecorari Arquitectos (\u00a9 Ramiro Sosa)\" class=\"rl-gallery-link\" data-rl_caption=\"Quinta en Los Molinos \/ Biagioni\/Pecorari Arquitectos (\u00a9 Ramiro Sosa)\" data-rel=\"lightbox-gallery-1\"><img loading=\"lazy\" decoding=\"async\" width=\"150\" height=\"150\" src=\"https:\/\/www.arquimaster.com.ar\/web\/wp-content\/uploads\/2015\/05\/quinta_los_molinos15-150x150.jpg\" class=\"attachment-thumbnail size-thumbnail\" alt=\"\" aria-describedby=\"gallery-1-14751\" srcset=\"https:\/\/www.arquimaster.com.ar\/web\/wp-content\/uploads\/2015\/05\/quinta_los_molinos15-150x150.jpg 150w, https:\/\/www.arquimaster.com.ar\/web\/wp-content\/uploads\/2015\/05\/quinta_los_molinos15-50x50.jpg 50w, https:\/\/www.arquimaster.com.ar\/web\/wp-content\/uploads\/2015\/05\/quinta_los_molinos15-125x125.jpg 125w\" sizes=\"auto, (max-width: 150px) 100vw, 150px\" \/><\/a>\n\t\t\t<\/div>\n\t\t\t\t<figcaption class='wp-caption-text gallery-caption' id='gallery-1-14751'>\n\t\t\t\tQuinta en Los Molinos \/ Biagioni\/Pecorari Arquitectos (\u00a9 Ramiro Sosa)\n\t\t\t\t<\/figcaption><\/figure><figure class='gallery-item'>\n\t\t\t<div class='gallery-icon landscape'>\n\t\t\t\t<a href='https:\/\/www.arquimaster.com.ar\/web\/wp-content\/uploads\/2015\/05\/quinta_los_molinos16.jpg' title=\"Quinta en Los Molinos \/ Biagioni\/Pecorari Arquitectos (\u00a9 Ramiro Sosa)\" data-rl_title=\"Quinta en Los Molinos \/ Biagioni\/Pecorari Arquitectos (\u00a9 Ramiro Sosa)\" class=\"rl-gallery-link\" data-rl_caption=\"Quinta en Los Molinos \/ Biagioni\/Pecorari Arquitectos (\u00a9 Ramiro Sosa)\" data-rel=\"lightbox-gallery-1\"><img loading=\"lazy\" decoding=\"async\" width=\"150\" height=\"150\" src=\"https:\/\/www.arquimaster.com.ar\/web\/wp-content\/uploads\/2015\/05\/quinta_los_molinos16-250x250.jpg\" class=\"attachment-thumbnail size-thumbnail\" alt=\"\" aria-describedby=\"gallery-1-14770\" srcset=\"https:\/\/www.arquimaster.com.ar\/web\/wp-content\/uploads\/2015\/05\/quinta_los_molinos16-250x250.jpg 250w, https:\/\/www.arquimaster.com.ar\/web\/wp-content\/uploads\/2015\/05\/quinta_los_molinos16-50x50.jpg 50w, https:\/\/www.arquimaster.com.ar\/web\/wp-content\/uploads\/2015\/05\/quinta_los_molinos16-125x125.jpg 125w\" sizes=\"auto, (max-width: 150px) 100vw, 150px\" \/><\/a>\n\t\t\t<\/div>\n\t\t\t\t<figcaption class='wp-caption-text gallery-caption' id='gallery-1-14770'>\n\t\t\t\tQuinta en Los Molinos \/ Biagioni\/Pecorari Arquitectos (\u00a9 Ramiro Sosa)\n\t\t\t\t<\/figcaption><\/figure><figure class='gallery-item'>\n\t\t\t<div class='gallery-icon portrait'>\n\t\t\t\t<a href='https:\/\/www.arquimaster.com.ar\/web\/wp-content\/uploads\/2015\/05\/quinta_los_molinos17.jpg' title=\"Quinta en Los Molinos \/ Biagioni\/Pecorari Arquitectos (\u00a9 Ramiro Sosa)\" data-rl_title=\"Quinta en Los Molinos \/ Biagioni\/Pecorari Arquitectos (\u00a9 Ramiro Sosa)\" class=\"rl-gallery-link\" data-rl_caption=\"Quinta en Los Molinos \/ Biagioni\/Pecorari Arquitectos (\u00a9 Ramiro Sosa)\" data-rel=\"lightbox-gallery-1\"><img loading=\"lazy\" decoding=\"async\" width=\"150\" height=\"150\" src=\"https:\/\/www.arquimaster.com.ar\/web\/wp-content\/uploads\/2015\/05\/quinta_los_molinos17-150x150.jpg\" class=\"attachment-thumbnail size-thumbnail\" alt=\"\" aria-describedby=\"gallery-1-14753\" srcset=\"https:\/\/www.arquimaster.com.ar\/web\/wp-content\/uploads\/2015\/05\/quinta_los_molinos17-150x150.jpg 150w, https:\/\/www.arquimaster.com.ar\/web\/wp-content\/uploads\/2015\/05\/quinta_los_molinos17-50x50.jpg 50w, https:\/\/www.arquimaster.com.ar\/web\/wp-content\/uploads\/2015\/05\/quinta_los_molinos17-125x125.jpg 125w\" sizes=\"auto, (max-width: 150px) 100vw, 150px\" \/><\/a>\n\t\t\t<\/div>\n\t\t\t\t<figcaption class='wp-caption-text gallery-caption' id='gallery-1-14753'>\n\t\t\t\tQuinta en Los Molinos \/ Biagioni\/Pecorari Arquitectos (\u00a9 Ramiro Sosa)\n\t\t\t\t<\/figcaption><\/figure><figure class='gallery-item'>\n\t\t\t<div class='gallery-icon landscape'>\n\t\t\t\t<a href='https:\/\/www.arquimaster.com.ar\/web\/wp-content\/uploads\/2015\/05\/quinta_los_molinos18.jpg' title=\"Quinta en Los Molinos \/ Biagioni\/Pecorari Arquitectos (\u00a9 Ramiro Sosa)\" data-rl_title=\"Quinta en Los Molinos \/ Biagioni\/Pecorari Arquitectos (\u00a9 Ramiro Sosa)\" class=\"rl-gallery-link\" data-rl_caption=\"Quinta en Los Molinos \/ Biagioni\/Pecorari Arquitectos (\u00a9 Ramiro Sosa)\" data-rel=\"lightbox-gallery-1\"><img loading=\"lazy\" decoding=\"async\" width=\"150\" height=\"150\" src=\"https:\/\/www.arquimaster.com.ar\/web\/wp-content\/uploads\/2015\/05\/quinta_los_molinos18-250x250.jpg\" class=\"attachment-thumbnail size-thumbnail\" alt=\"\" aria-describedby=\"gallery-1-14771\" srcset=\"https:\/\/www.arquimaster.com.ar\/web\/wp-content\/uploads\/2015\/05\/quinta_los_molinos18-250x250.jpg 250w, https:\/\/www.arquimaster.com.ar\/web\/wp-content\/uploads\/2015\/05\/quinta_los_molinos18-50x50.jpg 50w, https:\/\/www.arquimaster.com.ar\/web\/wp-content\/uploads\/2015\/05\/quinta_los_molinos18-125x125.jpg 125w\" sizes=\"auto, (max-width: 150px) 100vw, 150px\" \/><\/a>\n\t\t\t<\/div>\n\t\t\t\t<figcaption class='wp-caption-text gallery-caption' id='gallery-1-14771'>\n\t\t\t\tQuinta en Los Molinos \/ Biagioni\/Pecorari Arquitectos (\u00a9 Ramiro Sosa)\n\t\t\t\t<\/figcaption><\/figure><figure class='gallery-item'>\n\t\t\t<div class='gallery-icon portrait'>\n\t\t\t\t<a href='https:\/\/www.arquimaster.com.ar\/web\/wp-content\/uploads\/2015\/05\/quinta_los_molinos19.jpg' title=\"Quinta en Los Molinos \/ Biagioni\/Pecorari Arquitectos (\u00a9 Ramiro Sosa)\" data-rl_title=\"Quinta en Los Molinos \/ Biagioni\/Pecorari Arquitectos (\u00a9 Ramiro Sosa)\" class=\"rl-gallery-link\" data-rl_caption=\"Quinta en Los Molinos \/ Biagioni\/Pecorari Arquitectos (\u00a9 Ramiro Sosa)\" data-rel=\"lightbox-gallery-1\"><img loading=\"lazy\" decoding=\"async\" width=\"150\" height=\"150\" src=\"https:\/\/www.arquimaster.com.ar\/web\/wp-content\/uploads\/2015\/05\/quinta_los_molinos19-150x150.jpg\" class=\"attachment-thumbnail size-thumbnail\" alt=\"\" aria-describedby=\"gallery-1-14755\" srcset=\"https:\/\/www.arquimaster.com.ar\/web\/wp-content\/uploads\/2015\/05\/quinta_los_molinos19-150x150.jpg 150w, https:\/\/www.arquimaster.com.ar\/web\/wp-content\/uploads\/2015\/05\/quinta_los_molinos19-50x50.jpg 50w, https:\/\/www.arquimaster.com.ar\/web\/wp-content\/uploads\/2015\/05\/quinta_los_molinos19-125x125.jpg 125w\" sizes=\"auto, (max-width: 150px) 100vw, 150px\" \/><\/a>\n\t\t\t<\/div>\n\t\t\t\t<figcaption class='wp-caption-text gallery-caption' id='gallery-1-14755'>\n\t\t\t\tQuinta en Los Molinos \/ Biagioni\/Pecorari Arquitectos (\u00a9 Ramiro Sosa)\n\t\t\t\t<\/figcaption><\/figure><figure class='gallery-item'>\n\t\t\t<div class='gallery-icon landscape'>\n\t\t\t\t<a href='https:\/\/www.arquimaster.com.ar\/web\/wp-content\/uploads\/2015\/05\/quinta_los_molinos20.jpg' title=\"Quinta en Los Molinos \/ Biagioni\/Pecorari Arquitectos (esquema concepto)\" data-rl_title=\"Quinta en Los Molinos \/ Biagioni\/Pecorari Arquitectos (esquema concepto)\" class=\"rl-gallery-link\" data-rl_caption=\"Quinta en Los Molinos \/ Biagioni\/Pecorari Arquitectos (esquema concepto)\" data-rel=\"lightbox-gallery-1\"><img loading=\"lazy\" decoding=\"async\" width=\"150\" height=\"150\" src=\"https:\/\/www.arquimaster.com.ar\/web\/wp-content\/uploads\/2015\/05\/quinta_los_molinos20-250x250.jpg\" class=\"attachment-thumbnail size-thumbnail\" alt=\"\" aria-describedby=\"gallery-1-14762\" srcset=\"https:\/\/www.arquimaster.com.ar\/web\/wp-content\/uploads\/2015\/05\/quinta_los_molinos20-250x250.jpg 250w, https:\/\/www.arquimaster.com.ar\/web\/wp-content\/uploads\/2015\/05\/quinta_los_molinos20-50x50.jpg 50w, https:\/\/www.arquimaster.com.ar\/web\/wp-content\/uploads\/2015\/05\/quinta_los_molinos20-125x125.jpg 125w\" sizes=\"auto, (max-width: 150px) 100vw, 150px\" \/><\/a>\n\t\t\t<\/div>\n\t\t\t\t<figcaption class='wp-caption-text gallery-caption' id='gallery-1-14762'>\n\t\t\t\tQuinta en Los Molinos \/ Biagioni\/Pecorari Arquitectos (esquema concepto)\n\t\t\t\t<\/figcaption><\/figure><figure class='gallery-item'>\n\t\t\t<div class='gallery-icon landscape'>\n\t\t\t\t<a href='https:\/\/www.arquimaster.com.ar\/web\/wp-content\/uploads\/2015\/05\/quinta_los_molinos21.jpg' title=\"Quinta en Los Molinos \/ Biagioni\/Pecorari Arquitectos (esquema crecimiento)\" data-rl_title=\"Quinta en Los Molinos \/ Biagioni\/Pecorari Arquitectos (esquema crecimiento)\" class=\"rl-gallery-link\" data-rl_caption=\"Quinta en Los Molinos \/ Biagioni\/Pecorari Arquitectos (esquema crecimiento)\" data-rel=\"lightbox-gallery-1\"><img loading=\"lazy\" decoding=\"async\" width=\"150\" height=\"150\" src=\"https:\/\/www.arquimaster.com.ar\/web\/wp-content\/uploads\/2015\/05\/quinta_los_molinos21-150x150.jpg\" class=\"attachment-thumbnail size-thumbnail\" alt=\"\" aria-describedby=\"gallery-1-14757\" srcset=\"https:\/\/www.arquimaster.com.ar\/web\/wp-content\/uploads\/2015\/05\/quinta_los_molinos21-150x150.jpg 150w, https:\/\/www.arquimaster.com.ar\/web\/wp-content\/uploads\/2015\/05\/quinta_los_molinos21-50x50.jpg 50w, https:\/\/www.arquimaster.com.ar\/web\/wp-content\/uploads\/2015\/05\/quinta_los_molinos21-125x125.jpg 125w\" sizes=\"auto, (max-width: 150px) 100vw, 150px\" \/><\/a>\n\t\t\t<\/div>\n\t\t\t\t<figcaption class='wp-caption-text gallery-caption' id='gallery-1-14757'>\n\t\t\t\tQuinta en Los Molinos \/ Biagioni\/Pecorari Arquitectos (esquema crecimiento)\n\t\t\t\t<\/figcaption><\/figure><figure class='gallery-item'>\n\t\t\t<div class='gallery-icon landscape'>\n\t\t\t\t<a href='https:\/\/www.arquimaster.com.ar\/web\/wp-content\/uploads\/2015\/05\/quinta_los_molinos22.jpg' title=\"Quinta en Los Molinos \/ Biagioni\/Pecorari Arquitectos (esquema crecimiento)\" data-rl_title=\"Quinta en Los Molinos \/ Biagioni\/Pecorari Arquitectos (esquema crecimiento)\" class=\"rl-gallery-link\" data-rl_caption=\"Quinta en Los Molinos \/ Biagioni\/Pecorari Arquitectos (esquema crecimiento)\" data-rel=\"lightbox-gallery-1\"><img loading=\"lazy\" decoding=\"async\" width=\"150\" height=\"150\" src=\"https:\/\/www.arquimaster.com.ar\/web\/wp-content\/uploads\/2015\/05\/quinta_los_molinos22-250x250.jpg\" class=\"attachment-thumbnail size-thumbnail\" alt=\"\" aria-describedby=\"gallery-1-14772\" srcset=\"https:\/\/www.arquimaster.com.ar\/web\/wp-content\/uploads\/2015\/05\/quinta_los_molinos22-250x250.jpg 250w, https:\/\/www.arquimaster.com.ar\/web\/wp-content\/uploads\/2015\/05\/quinta_los_molinos22-50x50.jpg 50w, https:\/\/www.arquimaster.com.ar\/web\/wp-content\/uploads\/2015\/05\/quinta_los_molinos22-125x125.jpg 125w\" sizes=\"auto, (max-width: 150px) 100vw, 150px\" \/><\/a>\n\t\t\t<\/div>\n\t\t\t\t<figcaption class='wp-caption-text gallery-caption' id='gallery-1-14772'>\n\t\t\t\tQuinta en Los Molinos \/ Biagioni\/Pecorari Arquitectos (esquema crecimiento)\n\t\t\t\t<\/figcaption><\/figure><figure class='gallery-item'>\n\t\t\t<div class='gallery-icon landscape'>\n\t\t\t\t<a href='https:\/\/www.arquimaster.com.ar\/web\/wp-content\/uploads\/2015\/05\/quinta_los_molinos23.jpg' title=\"Quinta en Los Molinos \/ Biagioni\/Pecorari Arquitectos (implantacion)\" data-rl_title=\"Quinta en Los Molinos \/ Biagioni\/Pecorari Arquitectos (implantacion)\" class=\"rl-gallery-link\" data-rl_caption=\"Quinta en Los Molinos \/ Biagioni\/Pecorari Arquitectos (implantacion)\" data-rel=\"lightbox-gallery-1\"><img loading=\"lazy\" decoding=\"async\" width=\"150\" height=\"150\" src=\"https:\/\/www.arquimaster.com.ar\/web\/wp-content\/uploads\/2015\/05\/quinta_los_molinos23-150x150.jpg\" class=\"attachment-thumbnail size-thumbnail\" alt=\"\" aria-describedby=\"gallery-1-14759\" srcset=\"https:\/\/www.arquimaster.com.ar\/web\/wp-content\/uploads\/2015\/05\/quinta_los_molinos23-150x150.jpg 150w, https:\/\/www.arquimaster.com.ar\/web\/wp-content\/uploads\/2015\/05\/quinta_los_molinos23-50x50.jpg 50w, https:\/\/www.arquimaster.com.ar\/web\/wp-content\/uploads\/2015\/05\/quinta_los_molinos23-125x125.jpg 125w\" sizes=\"auto, (max-width: 150px) 100vw, 150px\" \/><\/a>\n\t\t\t<\/div>\n\t\t\t\t<figcaption class='wp-caption-text gallery-caption' id='gallery-1-14759'>\n\t\t\t\tQuinta en Los Molinos \/ Biagioni\/Pecorari Arquitectos (implantacion)\n\t\t\t\t<\/figcaption><\/figure><figure class='gallery-item'>\n\t\t\t<div class='gallery-icon portrait'>\n\t\t\t\t<a href='https:\/\/www.arquimaster.com.ar\/web\/wp-content\/uploads\/2015\/05\/quinta_los_molinos24.jpg' title=\"Quinta en Los Molinos \/ Biagioni\/Pecorari Arquitectos (planta)\" data-rl_title=\"Quinta en Los Molinos \/ Biagioni\/Pecorari Arquitectos (planta)\" class=\"rl-gallery-link\" data-rl_caption=\"Quinta en Los Molinos \/ Biagioni\/Pecorari Arquitectos (planta)\" data-rel=\"lightbox-gallery-1\"><img loading=\"lazy\" decoding=\"async\" width=\"150\" height=\"150\" src=\"https:\/\/www.arquimaster.com.ar\/web\/wp-content\/uploads\/2015\/05\/quinta_los_molinos24-150x150.jpg\" class=\"attachment-thumbnail size-thumbnail\" alt=\"\" aria-describedby=\"gallery-1-14760\" srcset=\"https:\/\/www.arquimaster.com.ar\/web\/wp-content\/uploads\/2015\/05\/quinta_los_molinos24-150x150.jpg 150w, https:\/\/www.arquimaster.com.ar\/web\/wp-content\/uploads\/2015\/05\/quinta_los_molinos24-50x50.jpg 50w, https:\/\/www.arquimaster.com.ar\/web\/wp-content\/uploads\/2015\/05\/quinta_los_molinos24-125x125.jpg 125w\" sizes=\"auto, (max-width: 150px) 100vw, 150px\" \/><\/a>\n\t\t\t<\/div>\n\t\t\t\t<figcaption class='wp-caption-text gallery-caption' id='gallery-1-14760'>\n\t\t\t\tQuinta en Los Molinos \/ Biagioni\/Pecorari Arquitectos (planta)\n\t\t\t\t<\/figcaption><\/figure><figure class='gallery-item'>\n\t\t\t<div class='gallery-icon landscape'>\n\t\t\t\t<a href='https:\/\/www.arquimaster.com.ar\/web\/wp-content\/uploads\/2015\/05\/quinta_los_molinos25.jpg' title=\"Quinta en Los Molinos \/ Biagioni\/Pecorari Arquitectos (corte)\" data-rl_title=\"Quinta en Los Molinos \/ Biagioni\/Pecorari Arquitectos (corte)\" class=\"rl-gallery-link\" data-rl_caption=\"Quinta en Los Molinos \/ Biagioni\/Pecorari Arquitectos (corte)\" data-rel=\"lightbox-gallery-1\"><img loading=\"lazy\" decoding=\"async\" width=\"150\" height=\"150\" src=\"https:\/\/www.arquimaster.com.ar\/web\/wp-content\/uploads\/2015\/05\/quinta_los_molinos25-250x250.jpg\" class=\"attachment-thumbnail size-thumbnail\" alt=\"\" aria-describedby=\"gallery-1-14773\" srcset=\"https:\/\/www.arquimaster.com.ar\/web\/wp-content\/uploads\/2015\/05\/quinta_los_molinos25-250x250.jpg 250w, https:\/\/www.arquimaster.com.ar\/web\/wp-content\/uploads\/2015\/05\/quinta_los_molinos25-50x50.jpg 50w, https:\/\/www.arquimaster.com.ar\/web\/wp-content\/uploads\/2015\/05\/quinta_los_molinos25-125x125.jpg 125w\" sizes=\"auto, (max-width: 150px) 100vw, 150px\" \/><\/a>\n\t\t\t<\/div>\n\t\t\t\t<figcaption class='wp-caption-text gallery-caption' id='gallery-1-14773'>\n\t\t\t\tQuinta en Los Molinos \/ Biagioni\/Pecorari Arquitectos (corte)\n\t\t\t\t<\/figcaption><\/figure><figure class='gallery-item'>\n\t\t\t<div class='gallery-icon landscape'>\n\t\t\t\t<a href='https:\/\/www.arquimaster.com.ar\/web\/wp-content\/uploads\/2015\/05\/quinta_los_molinos26.jpg' title=\"Quinta en Los Molinos \/ Biagioni\/Pecorari Arquitectos (corte)\" data-rl_title=\"Quinta en Los Molinos \/ Biagioni\/Pecorari Arquitectos (corte)\" class=\"rl-gallery-link\" data-rl_caption=\"Quinta en Los Molinos \/ Biagioni\/Pecorari Arquitectos (corte)\" data-rel=\"lightbox-gallery-1\"><img loading=\"lazy\" decoding=\"async\" width=\"150\" height=\"150\" src=\"https:\/\/www.arquimaster.com.ar\/web\/wp-content\/uploads\/2015\/05\/quinta_los_molinos26-250x250.jpg\" class=\"attachment-thumbnail size-thumbnail\" alt=\"\" aria-describedby=\"gallery-1-14774\" srcset=\"https:\/\/www.arquimaster.com.ar\/web\/wp-content\/uploads\/2015\/05\/quinta_los_molinos26-250x250.jpg 250w, https:\/\/www.arquimaster.com.ar\/web\/wp-content\/uploads\/2015\/05\/quinta_los_molinos26-50x50.jpg 50w, https:\/\/www.arquimaster.com.ar\/web\/wp-content\/uploads\/2015\/05\/quinta_los_molinos26-125x125.jpg 125w\" sizes=\"auto, (max-width: 150px) 100vw, 150px\" \/><\/a>\n\t\t\t<\/div>\n\t\t\t\t<figcaption class='wp-caption-text gallery-caption' id='gallery-1-14774'>\n\t\t\t\tQuinta en Los Molinos \/ Biagioni\/Pecorari Arquitectos (corte)\n\t\t\t\t<\/figcaption><\/figure><figure class='gallery-item'>\n\t\t\t<div class='gallery-icon landscape'>\n\t\t\t\t<a href='https:\/\/www.arquimaster.com.ar\/web\/wp-content\/uploads\/2015\/05\/quinta_los_molinos27.jpg' title=\"Quinta en Los Molinos \/ Biagioni\/Pecorari Arquitectos (corte)\" data-rl_title=\"Quinta en Los Molinos \/ Biagioni\/Pecorari Arquitectos (corte)\" class=\"rl-gallery-link\" data-rl_caption=\"Quinta en Los Molinos \/ Biagioni\/Pecorari Arquitectos (corte)\" data-rel=\"lightbox-gallery-1\"><img loading=\"lazy\" decoding=\"async\" width=\"150\" height=\"150\" src=\"https:\/\/www.arquimaster.com.ar\/web\/wp-content\/uploads\/2015\/05\/quinta_los_molinos27-250x250.jpg\" class=\"attachment-thumbnail size-thumbnail\" alt=\"\" aria-describedby=\"gallery-1-14775\" srcset=\"https:\/\/www.arquimaster.com.ar\/web\/wp-content\/uploads\/2015\/05\/quinta_los_molinos27-250x250.jpg 250w, https:\/\/www.arquimaster.com.ar\/web\/wp-content\/uploads\/2015\/05\/quinta_los_molinos27-50x50.jpg 50w, https:\/\/www.arquimaster.com.ar\/web\/wp-content\/uploads\/2015\/05\/quinta_los_molinos27-125x125.jpg 125w\" sizes=\"auto, (max-width: 150px) 100vw, 150px\" \/><\/a>\n\t\t\t<\/div>\n\t\t\t\t<figcaption class='wp-caption-text gallery-caption' id='gallery-1-14775'>\n\t\t\t\tQuinta en Los Molinos \/ Biagioni\/Pecorari Arquitectos (corte)\n\t\t\t\t<\/figcaption><\/figure><figure class='gallery-item'>\n\t\t\t<div class='gallery-icon landscape'>\n\t\t\t\t<a href='https:\/\/www.arquimaster.com.ar\/web\/wp-content\/uploads\/2015\/05\/quinta_los_molinos28.jpg' title=\"Quinta en Los Molinos \/ Biagioni\/Pecorari Arquitectos (corte)\" data-rl_title=\"Quinta en Los Molinos \/ Biagioni\/Pecorari Arquitectos (corte)\" class=\"rl-gallery-link\" data-rl_caption=\"Quinta en Los Molinos \/ Biagioni\/Pecorari Arquitectos (corte)\" data-rel=\"lightbox-gallery-1\"><img loading=\"lazy\" decoding=\"async\" width=\"150\" height=\"150\" src=\"https:\/\/www.arquimaster.com.ar\/web\/wp-content\/uploads\/2015\/05\/quinta_los_molinos28-250x250.jpg\" class=\"attachment-thumbnail size-thumbnail\" alt=\"\" aria-describedby=\"gallery-1-14776\" srcset=\"https:\/\/www.arquimaster.com.ar\/web\/wp-content\/uploads\/2015\/05\/quinta_los_molinos28-250x250.jpg 250w, https:\/\/www.arquimaster.com.ar\/web\/wp-content\/uploads\/2015\/05\/quinta_los_molinos28-50x50.jpg 50w, https:\/\/www.arquimaster.com.ar\/web\/wp-content\/uploads\/2015\/05\/quinta_los_molinos28-125x125.jpg 125w\" sizes=\"auto, (max-width: 150px) 100vw, 150px\" \/><\/a>\n\t\t\t<\/div>\n\t\t\t\t<figcaption class='wp-caption-text gallery-caption' id='gallery-1-14776'>\n\t\t\t\tQuinta en Los Molinos \/ Biagioni\/Pecorari Arquitectos (corte)\n\t\t\t\t<\/figcaption><\/figure><figure class='gallery-item'>\n\t\t\t<div class='gallery-icon landscape'>\n\t\t\t\t<a href='https:\/\/www.arquimaster.com.ar\/web\/wp-content\/uploads\/2015\/05\/quinta_los_molinos29.jpg' title=\"Quinta en Los Molinos \/ Biagioni\/Pecorari Arquitectos (vista)\" data-rl_title=\"Quinta en Los Molinos \/ Biagioni\/Pecorari Arquitectos (vista)\" class=\"rl-gallery-link\" data-rl_caption=\"Quinta en Los Molinos \/ Biagioni\/Pecorari Arquitectos (vista)\" data-rel=\"lightbox-gallery-1\"><img loading=\"lazy\" decoding=\"async\" width=\"150\" height=\"150\" src=\"https:\/\/www.arquimaster.com.ar\/web\/wp-content\/uploads\/2015\/05\/quinta_los_molinos29-250x250.jpg\" class=\"attachment-thumbnail size-thumbnail\" alt=\"\" aria-describedby=\"gallery-1-14777\" srcset=\"https:\/\/www.arquimaster.com.ar\/web\/wp-content\/uploads\/2015\/05\/quinta_los_molinos29-250x250.jpg 250w, https:\/\/www.arquimaster.com.ar\/web\/wp-content\/uploads\/2015\/05\/quinta_los_molinos29-50x50.jpg 50w, https:\/\/www.arquimaster.com.ar\/web\/wp-content\/uploads\/2015\/05\/quinta_los_molinos29-125x125.jpg 125w\" sizes=\"auto, (max-width: 150px) 100vw, 150px\" \/><\/a>\n\t\t\t<\/div>\n\t\t\t\t<figcaption class='wp-caption-text gallery-caption' id='gallery-1-14777'>\n\t\t\t\tQuinta en Los Molinos \/ Biagioni\/Pecorari Arquitectos (vista)\n\t\t\t\t<\/figcaption><\/figure><figure class='gallery-item'>\n\t\t\t<div class='gallery-icon landscape'>\n\t\t\t\t<a href='https:\/\/www.arquimaster.com.ar\/web\/wp-content\/uploads\/2015\/05\/quinta_los_molinos30.jpg' title=\"Quinta en Los Molinos \/ Biagioni\/Pecorari Arquitectos (vista)\" data-rl_title=\"Quinta en Los Molinos \/ Biagioni\/Pecorari Arquitectos (vista)\" class=\"rl-gallery-link\" data-rl_caption=\"Quinta en Los Molinos \/ Biagioni\/Pecorari Arquitectos (vista)\" data-rel=\"lightbox-gallery-1\"><img loading=\"lazy\" decoding=\"async\" width=\"150\" height=\"150\" src=\"https:\/\/www.arquimaster.com.ar\/web\/wp-content\/uploads\/2015\/05\/quinta_los_molinos30-250x250.jpg\" class=\"attachment-thumbnail size-thumbnail\" alt=\"\" aria-describedby=\"gallery-1-14778\" srcset=\"https:\/\/www.arquimaster.com.ar\/web\/wp-content\/uploads\/2015\/05\/quinta_los_molinos30-250x250.jpg 250w, https:\/\/www.arquimaster.com.ar\/web\/wp-content\/uploads\/2015\/05\/quinta_los_molinos30-50x50.jpg 50w, https:\/\/www.arquimaster.com.ar\/web\/wp-content\/uploads\/2015\/05\/quinta_los_molinos30-125x125.jpg 125w\" sizes=\"auto, (max-width: 150px) 100vw, 150px\" \/><\/a>\n\t\t\t<\/div>\n\t\t\t\t<figcaption class='wp-caption-text gallery-caption' id='gallery-1-14778'>\n\t\t\t\tQuinta en Los Molinos \/ Biagioni\/Pecorari Arquitectos (vista)\n\t\t\t\t<\/figcaption><\/figure><figure class='gallery-item'>\n\t\t\t<div class='gallery-icon landscape'>\n\t\t\t\t<a href='https:\/\/www.arquimaster.com.ar\/web\/wp-content\/uploads\/2015\/05\/quinta_los_molinos31.jpg' title=\"Quinta en Los Molinos \/ Biagioni\/Pecorari Arquitectos (vista)\" data-rl_title=\"Quinta en Los Molinos \/ Biagioni\/Pecorari Arquitectos (vista)\" class=\"rl-gallery-link\" data-rl_caption=\"Quinta en Los Molinos \/ Biagioni\/Pecorari Arquitectos (vista)\" data-rel=\"lightbox-gallery-1\"><img loading=\"lazy\" decoding=\"async\" width=\"150\" height=\"150\" src=\"https:\/\/www.arquimaster.com.ar\/web\/wp-content\/uploads\/2015\/05\/quinta_los_molinos31-250x250.jpg\" class=\"attachment-thumbnail size-thumbnail\" alt=\"\" aria-describedby=\"gallery-1-14779\" srcset=\"https:\/\/www.arquimaster.com.ar\/web\/wp-content\/uploads\/2015\/05\/quinta_los_molinos31-250x250.jpg 250w, https:\/\/www.arquimaster.com.ar\/web\/wp-content\/uploads\/2015\/05\/quinta_los_molinos31-50x50.jpg 50w, https:\/\/www.arquimaster.com.ar\/web\/wp-content\/uploads\/2015\/05\/quinta_los_molinos31-125x125.jpg 125w\" sizes=\"auto, (max-width: 150px) 100vw, 150px\" \/><\/a>\n\t\t\t<\/div>\n\t\t\t\t<figcaption class='wp-caption-text gallery-caption' id='gallery-1-14779'>\n\t\t\t\tQuinta en Los Molinos \/ Biagioni\/Pecorari Arquitectos (vista)\n\t\t\t\t<\/figcaption><\/figure><figure class='gallery-item'>\n\t\t\t<div class='gallery-icon landscape'>\n\t\t\t\t<a href='https:\/\/www.arquimaster.com.ar\/web\/wp-content\/uploads\/2015\/05\/quinta_los_molinos32.jpg' title=\"Quinta en Los Molinos \/ Biagioni\/Pecorari Arquitectos (vista)\" data-rl_title=\"Quinta en Los Molinos \/ Biagioni\/Pecorari Arquitectos (vista)\" class=\"rl-gallery-link\" data-rl_caption=\"Quinta en Los Molinos \/ Biagioni\/Pecorari Arquitectos (vista)\" data-rel=\"lightbox-gallery-1\"><img loading=\"lazy\" decoding=\"async\" width=\"150\" height=\"150\" src=\"https:\/\/www.arquimaster.com.ar\/web\/wp-content\/uploads\/2015\/05\/quinta_los_molinos32-250x250.jpg\" class=\"attachment-thumbnail size-thumbnail\" alt=\"\" aria-describedby=\"gallery-1-14780\" srcset=\"https:\/\/www.arquimaster.com.ar\/web\/wp-content\/uploads\/2015\/05\/quinta_los_molinos32-250x250.jpg 250w, https:\/\/www.arquimaster.com.ar\/web\/wp-content\/uploads\/2015\/05\/quinta_los_molinos32-50x50.jpg 50w, https:\/\/www.arquimaster.com.ar\/web\/wp-content\/uploads\/2015\/05\/quinta_los_molinos32-125x125.jpg 125w\" sizes=\"auto, (max-width: 150px) 100vw, 150px\" \/><\/a>\n\t\t\t<\/div>\n\t\t\t\t<figcaption class='wp-caption-text gallery-caption' id='gallery-1-14780'>\n\t\t\t\tQuinta en Los Molinos \/ Biagioni\/Pecorari Arquitectos (vista)\n\t\t\t\t<\/figcaption><\/figure>\n\t\t<\/div>\n\n<p>Con un presupuesto limitado, la estrategia proyectual fue concebirla en dos etapas: en la primera funciona como una casa con piscina para pasar el d\u00eda y en la segunda, con la adici\u00f3n de los dormitorios, para pasar temporadas completas.<\/p>\n<p>La disposici\u00f3n lineal define un frente cerrado al sur sobre la calle y un frente abierto al norte sobre el parque, que goza de la privacidad que el mismo cuerpo de la casa le otorga, con la cochera-galer\u00eda como lugar de transici\u00f3n y uso habitual en relaci\u00f3n con el asador y el espacio cocina-comedor-estar, enmarcando las visuales hacia un roble prexistente de gran porte al fondo del terreno.<\/p>\n<p>Un techo de \u00fanica pendiente le da continuidad al espacio interior en proyecci\u00f3n al exterior y permite evacuar la lluvia del sur y la ca\u00edda estacional de hojas y flores de los \u00e1rboles.<\/p>\n<p>Un mismo muro de ladrillo visto diluye la idea de interior-exterior. Las trabas permitir\u00e1n recibir los muros de la ampliaci\u00f3n sobre la huella ya construida y la pintura borrar el acople de ambas etapas.<\/p>\n<p>Se trabaja con pocos materiales que por simpleza y contundencia potencian la calidad espacial de la vivienda.<\/p>\n<p><strong>Ficha tecnica<\/strong><br \/>\nNombre: Quinta en Los Molinos<br \/>\nUbicaci\u00f3n: Santa Fe, Argentina<br \/>\nProyecto y Direcci\u00f3n de Obra: Arq. Gabriel Biagioni, Arq. Sergio Pecorari<br \/>\nColaboradores: Arq. Ma. Virginia Aranda, Ramiro Sosa.<br \/>\nC\u00e1lculo Estructural: Ing. Rudy Grether, Ing. Fernanda Carrasco<br \/>\nTipo: Vivienda de fin de semana<br \/>\nSupperficie primera etapa: 125 m2<br \/>\nSuperficie total: 180 m2<br \/>\nA\u00f1o: 2013<br \/>\nFotograf\u00edas: Ramiro Sosa<\/p>\n<p><strong>Contacto:<\/strong> <a title=\"Biagioni\/Pecorari Arquitectos\" href=\"http:\/\/www.biagionipecorari.com.ar\" target=\"_blank\">http:\/\/www.biagionipecorari.com.ar<\/a><\/p>\n<p>&nbsp;<\/p>\n<p><em><strong>English version<\/strong><\/em><\/p>\n<p><em><strong>House in Los Molinos<\/strong><\/em><\/p>\n<p><em>In an area of 30 x 30 meters in a closed neighborhood, we were commissioned a weekend house for a family of parents and three children.<\/em><\/p>\n<p><em>With a limited budget, the project strategy was conceived in two stages: in the first it works as a house with swimming pool for the day and in the second, with the addition of the bedrooms, to spend full seasons.<\/em><\/p>\n<p><em>The linear layout defines a closed facade to the south toward the street, and an open facade to the north toward the park, enjoying the privacy given by the volume of the house, with the garage-gallery as a place of transition in connection with the BBQ and the kitchen-dining-living space, framing views to a preexisting large oak at the back of the lot.<\/em><\/p>\n<p><em>A roof with a single slope gives continuity to the interior space projected to the outside, and allows the drainage of rain from the south and the seasonal fall of leaves and flowers from the trees.<\/em><\/p>\n<p><em>An exposed brick wall dilutes the idea of interior-exterior. The walls of the expansion will be built on the footprint of the current stage, and the paint will clear the coupling of both stages. We work with few materials that with simplicity and forcefulness enhance the spatial quality of the house.<\/em><\/p>\n\n<div style=\"font-size: 0px; height: 0px; line-height: 0px; margin: 0; padding: 0; clear: both;\"><\/div><div style=\"margin-top: 0px; margin-bottom: 0px;\" class=\"sharethis-inline-share-buttons\" ><\/div>","protected":false},"excerpt":{"rendered":"<p>La disposici\u00f3n lineal define un frente cerrado al sur y un frente abierto sobre el parque&#8230;<\/p>\n","protected":false},"author":1,"featured_media":14736,"comment_status":"closed","ping_status":"closed","sticky":false,"template":"","format":"standard","meta":{"_uag_custom_page_level_css":"","footnotes":""},"categories":[1,251],"tags":[3200,2156,3296,29],"class_list":["post-14735","post","type-post","status-publish","format-standard","has-post-thumbnail","hentry","category-proyecto","category-casas-de-playa","tag-biagionipecorari-arquitectos","tag-casa-de-fin-de-semana","tag-casa-quinta","tag-santa-fe","generate-columns","tablet-grid-50","mobile-grid-100","grid-parent","grid-50"],"yoast_head":"<!-- This site is optimized with the Yoast SEO plugin v27.3 - https:\/\/yoast.com\/product\/yoast-seo-wordpress\/ -->\n<title>Quinta en Los Molinos \/ Biagioni\/Pecorari Arquitectos - Arquimaster<\/title>\n<meta name=\"robots\" content=\"index, follow, max-snippet:-1, max-image-preview:large, max-video-preview:-1\" \/>\n<link rel=\"canonical\" href=\"https:\/\/www.arquimaster.com.ar\/web\/quinta-en-los-molinos-biagionipecorari-arquitectos\/\" \/>\n<meta property=\"og:locale\" content=\"es_ES\" \/>\n<meta property=\"og:type\" content=\"article\" \/>\n<meta property=\"og:title\" content=\"Quinta en Los Molinos \/ Biagioni\/Pecorari Arquitectos - Arquimaster\" \/>\n<meta property=\"og:description\" content=\"La disposici\u00f3n lineal define un frente cerrado al sur y un frente abierto sobre el parque...\" \/>\n<meta property=\"og:url\" content=\"https:\/\/www.arquimaster.com.ar\/web\/quinta-en-los-molinos-biagionipecorari-arquitectos\/\" \/>\n<meta property=\"og:site_name\" content=\"Arquimaster\" \/>\n<meta property=\"article:publisher\" content=\"http:\/\/www.facebook.com\/ARQUIMASTER.com.ar\" \/>\n<meta property=\"article:published_time\" content=\"2015-05-14T15:36:50+00:00\" \/>\n<meta property=\"og:image\" content=\"https:\/\/www.arquimaster.com.ar\/web\/wp-content\/uploads\/2015\/05\/slide_quinta_los_molinos.jpg\" \/>\n\t<meta property=\"og:image:width\" content=\"642\" \/>\n\t<meta property=\"og:image:height\" content=\"336\" \/>\n\t<meta property=\"og:image:type\" content=\"image\/jpeg\" \/>\n<meta name=\"author\" content=\"Arquimaster\" \/>\n<meta name=\"twitter:card\" content=\"summary_large_image\" \/>\n<meta name=\"twitter:creator\" content=\"@arquimaster\" \/>\n<meta name=\"twitter:site\" content=\"@arquimaster\" \/>\n<meta name=\"twitter:label1\" content=\"Escrito por\" \/>\n\t<meta name=\"twitter:data1\" content=\"Arquimaster\" \/>\n\t<meta name=\"twitter:label2\" content=\"Tiempo de lectura\" \/>\n\t<meta name=\"twitter:data2\" content=\"3 minutos\" \/>\n<script type=\"application\/ld+json\" class=\"yoast-schema-graph\">{\"@context\":\"https:\\\/\\\/schema.org\",\"@graph\":[{\"@type\":\"Article\",\"@id\":\"https:\\\/\\\/www.arquimaster.com.ar\\\/web\\\/quinta-en-los-molinos-biagionipecorari-arquitectos\\\/#article\",\"isPartOf\":{\"@id\":\"https:\\\/\\\/www.arquimaster.com.ar\\\/web\\\/quinta-en-los-molinos-biagionipecorari-arquitectos\\\/\"},\"author\":{\"name\":\"Arquimaster\",\"@id\":\"https:\\\/\\\/www.arquimaster.com.ar\\\/web\\\/#\\\/schema\\\/person\\\/359e9f7c00193fcde068e0dd2ceb0028\"},\"headline\":\"Quinta en Los Molinos \\\/ Biagioni\\\/Pecorari Arquitectos\",\"datePublished\":\"2015-05-14T15:36:50+00:00\",\"mainEntityOfPage\":{\"@id\":\"https:\\\/\\\/www.arquimaster.com.ar\\\/web\\\/quinta-en-los-molinos-biagionipecorari-arquitectos\\\/\"},\"wordCount\":538,\"publisher\":{\"@id\":\"https:\\\/\\\/www.arquimaster.com.ar\\\/web\\\/#organization\"},\"image\":{\"@id\":\"https:\\\/\\\/www.arquimaster.com.ar\\\/web\\\/quinta-en-los-molinos-biagionipecorari-arquitectos\\\/#primaryimage\"},\"thumbnailUrl\":\"https:\\\/\\\/www.arquimaster.com.ar\\\/web\\\/wp-content\\\/uploads\\\/2015\\\/05\\\/slide_quinta_los_molinos.jpg\",\"keywords\":[\"Biagioni\\\/Pecorari Arquitectos\",\"casa de fin de semana\",\"casa quinta\",\"Santa Fe\"],\"articleSection\":[\"Proyecto\",\"Vivienda no permanente\"],\"inLanguage\":\"es\"},{\"@type\":\"WebPage\",\"@id\":\"https:\\\/\\\/www.arquimaster.com.ar\\\/web\\\/quinta-en-los-molinos-biagionipecorari-arquitectos\\\/\",\"url\":\"https:\\\/\\\/www.arquimaster.com.ar\\\/web\\\/quinta-en-los-molinos-biagionipecorari-arquitectos\\\/\",\"name\":\"Quinta en Los Molinos \\\/ Biagioni\\\/Pecorari Arquitectos - Arquimaster\",\"isPartOf\":{\"@id\":\"https:\\\/\\\/www.arquimaster.com.ar\\\/web\\\/#website\"},\"primaryImageOfPage\":{\"@id\":\"https:\\\/\\\/www.arquimaster.com.ar\\\/web\\\/quinta-en-los-molinos-biagionipecorari-arquitectos\\\/#primaryimage\"},\"image\":{\"@id\":\"https:\\\/\\\/www.arquimaster.com.ar\\\/web\\\/quinta-en-los-molinos-biagionipecorari-arquitectos\\\/#primaryimage\"},\"thumbnailUrl\":\"https:\\\/\\\/www.arquimaster.com.ar\\\/web\\\/wp-content\\\/uploads\\\/2015\\\/05\\\/slide_quinta_los_molinos.jpg\",\"datePublished\":\"2015-05-14T15:36:50+00:00\",\"breadcrumb\":{\"@id\":\"https:\\\/\\\/www.arquimaster.com.ar\\\/web\\\/quinta-en-los-molinos-biagionipecorari-arquitectos\\\/#breadcrumb\"},\"inLanguage\":\"es\",\"potentialAction\":[{\"@type\":\"ReadAction\",\"target\":[\"https:\\\/\\\/www.arquimaster.com.ar\\\/web\\\/quinta-en-los-molinos-biagionipecorari-arquitectos\\\/\"]}]},{\"@type\":\"ImageObject\",\"inLanguage\":\"es\",\"@id\":\"https:\\\/\\\/www.arquimaster.com.ar\\\/web\\\/quinta-en-los-molinos-biagionipecorari-arquitectos\\\/#primaryimage\",\"url\":\"https:\\\/\\\/www.arquimaster.com.ar\\\/web\\\/wp-content\\\/uploads\\\/2015\\\/05\\\/slide_quinta_los_molinos.jpg\",\"contentUrl\":\"https:\\\/\\\/www.arquimaster.com.ar\\\/web\\\/wp-content\\\/uploads\\\/2015\\\/05\\\/slide_quinta_los_molinos.jpg\",\"width\":642,\"height\":336},{\"@type\":\"BreadcrumbList\",\"@id\":\"https:\\\/\\\/www.arquimaster.com.ar\\\/web\\\/quinta-en-los-molinos-biagionipecorari-arquitectos\\\/#breadcrumb\",\"itemListElement\":[{\"@type\":\"ListItem\",\"position\":1,\"name\":\"Portada\",\"item\":\"https:\\\/\\\/www.arquimaster.com.ar\\\/web\\\/\"},{\"@type\":\"ListItem\",\"position\":2,\"name\":\"Quinta en Los Molinos \\\/ Biagioni\\\/Pecorari Arquitectos\"}]},{\"@type\":\"WebSite\",\"@id\":\"https:\\\/\\\/www.arquimaster.com.ar\\\/web\\\/#website\",\"url\":\"https:\\\/\\\/www.arquimaster.com.ar\\\/web\\\/\",\"name\":\"Arquimaster\",\"description\":\"Web de arquitectura, dise\u00f1o y construccion\",\"publisher\":{\"@id\":\"https:\\\/\\\/www.arquimaster.com.ar\\\/web\\\/#organization\"},\"potentialAction\":[{\"@type\":\"SearchAction\",\"target\":{\"@type\":\"EntryPoint\",\"urlTemplate\":\"https:\\\/\\\/www.arquimaster.com.ar\\\/web\\\/?s={search_term_string}\"},\"query-input\":{\"@type\":\"PropertyValueSpecification\",\"valueRequired\":true,\"valueName\":\"search_term_string\"}}],\"inLanguage\":\"es\"},{\"@type\":\"Organization\",\"@id\":\"https:\\\/\\\/www.arquimaster.com.ar\\\/web\\\/#organization\",\"name\":\"Arquimaster\",\"url\":\"https:\\\/\\\/www.arquimaster.com.ar\\\/web\\\/\",\"logo\":{\"@type\":\"ImageObject\",\"inLanguage\":\"es\",\"@id\":\"https:\\\/\\\/www.arquimaster.com.ar\\\/web\\\/#\\\/schema\\\/logo\\\/image\\\/\",\"url\":\"https:\\\/\\\/www.arquimaster.com.ar\\\/web\\\/wp-content\\\/uploads\\\/2022\\\/06\\\/arquimaster.png\",\"contentUrl\":\"https:\\\/\\\/www.arquimaster.com.ar\\\/web\\\/wp-content\\\/uploads\\\/2022\\\/06\\\/arquimaster.png\",\"width\":594,\"height\":78,\"caption\":\"Arquimaster\"},\"image\":{\"@id\":\"https:\\\/\\\/www.arquimaster.com.ar\\\/web\\\/#\\\/schema\\\/logo\\\/image\\\/\"},\"sameAs\":[\"http:\\\/\\\/www.facebook.com\\\/ARQUIMASTER.com.ar\",\"https:\\\/\\\/x.com\\\/arquimaster\",\"https:\\\/\\\/www.instagram.com\\\/arquimasterblog\\\/\",\"https:\\\/\\\/www.linkedin.com\\\/company\\\/arquimaster\",\"https:\\\/\\\/www.pinterest.com\\\/arquimaster\",\"https:\\\/\\\/t.me\\\/arquimaster\"]},{\"@type\":\"Person\",\"@id\":\"https:\\\/\\\/www.arquimaster.com.ar\\\/web\\\/#\\\/schema\\\/person\\\/359e9f7c00193fcde068e0dd2ceb0028\",\"name\":\"Arquimaster\"}]}<\/script>\n<!-- \/ Yoast SEO plugin. -->","yoast_head_json":{"title":"Quinta en Los Molinos \/ Biagioni\/Pecorari Arquitectos - Arquimaster","robots":{"index":"index","follow":"follow","max-snippet":"max-snippet:-1","max-image-preview":"max-image-preview:large","max-video-preview":"max-video-preview:-1"},"canonical":"https:\/\/www.arquimaster.com.ar\/web\/quinta-en-los-molinos-biagionipecorari-arquitectos\/","og_locale":"es_ES","og_type":"article","og_title":"Quinta en Los Molinos \/ Biagioni\/Pecorari Arquitectos - Arquimaster","og_description":"La disposici\u00f3n lineal define un frente cerrado al sur y un frente abierto sobre el parque...","og_url":"https:\/\/www.arquimaster.com.ar\/web\/quinta-en-los-molinos-biagionipecorari-arquitectos\/","og_site_name":"Arquimaster","article_publisher":"http:\/\/www.facebook.com\/ARQUIMASTER.com.ar","article_published_time":"2015-05-14T15:36:50+00:00","og_image":[{"width":642,"height":336,"url":"https:\/\/www.arquimaster.com.ar\/web\/wp-content\/uploads\/2015\/05\/slide_quinta_los_molinos.jpg","type":"image\/jpeg"}],"author":"Arquimaster","twitter_card":"summary_large_image","twitter_creator":"@arquimaster","twitter_site":"@arquimaster","twitter_misc":{"Escrito por":"Arquimaster","Tiempo de lectura":"3 minutos"},"schema":{"@context":"https:\/\/schema.org","@graph":[{"@type":"Article","@id":"https:\/\/www.arquimaster.com.ar\/web\/quinta-en-los-molinos-biagionipecorari-arquitectos\/#article","isPartOf":{"@id":"https:\/\/www.arquimaster.com.ar\/web\/quinta-en-los-molinos-biagionipecorari-arquitectos\/"},"author":{"name":"Arquimaster","@id":"https:\/\/www.arquimaster.com.ar\/web\/#\/schema\/person\/359e9f7c00193fcde068e0dd2ceb0028"},"headline":"Quinta en Los Molinos \/ Biagioni\/Pecorari Arquitectos","datePublished":"2015-05-14T15:36:50+00:00","mainEntityOfPage":{"@id":"https:\/\/www.arquimaster.com.ar\/web\/quinta-en-los-molinos-biagionipecorari-arquitectos\/"},"wordCount":538,"publisher":{"@id":"https:\/\/www.arquimaster.com.ar\/web\/#organization"},"image":{"@id":"https:\/\/www.arquimaster.com.ar\/web\/quinta-en-los-molinos-biagionipecorari-arquitectos\/#primaryimage"},"thumbnailUrl":"https:\/\/www.arquimaster.com.ar\/web\/wp-content\/uploads\/2015\/05\/slide_quinta_los_molinos.jpg","keywords":["Biagioni\/Pecorari Arquitectos","casa de fin de semana","casa quinta","Santa Fe"],"articleSection":["Proyecto","Vivienda no permanente"],"inLanguage":"es"},{"@type":"WebPage","@id":"https:\/\/www.arquimaster.com.ar\/web\/quinta-en-los-molinos-biagionipecorari-arquitectos\/","url":"https:\/\/www.arquimaster.com.ar\/web\/quinta-en-los-molinos-biagionipecorari-arquitectos\/","name":"Quinta en Los Molinos \/ Biagioni\/Pecorari Arquitectos - Arquimaster","isPartOf":{"@id":"https:\/\/www.arquimaster.com.ar\/web\/#website"},"primaryImageOfPage":{"@id":"https:\/\/www.arquimaster.com.ar\/web\/quinta-en-los-molinos-biagionipecorari-arquitectos\/#primaryimage"},"image":{"@id":"https:\/\/www.arquimaster.com.ar\/web\/quinta-en-los-molinos-biagionipecorari-arquitectos\/#primaryimage"},"thumbnailUrl":"https:\/\/www.arquimaster.com.ar\/web\/wp-content\/uploads\/2015\/05\/slide_quinta_los_molinos.jpg","datePublished":"2015-05-14T15:36:50+00:00","breadcrumb":{"@id":"https:\/\/www.arquimaster.com.ar\/web\/quinta-en-los-molinos-biagionipecorari-arquitectos\/#breadcrumb"},"inLanguage":"es","potentialAction":[{"@type":"ReadAction","target":["https:\/\/www.arquimaster.com.ar\/web\/quinta-en-los-molinos-biagionipecorari-arquitectos\/"]}]},{"@type":"ImageObject","inLanguage":"es","@id":"https:\/\/www.arquimaster.com.ar\/web\/quinta-en-los-molinos-biagionipecorari-arquitectos\/#primaryimage","url":"https:\/\/www.arquimaster.com.ar\/web\/wp-content\/uploads\/2015\/05\/slide_quinta_los_molinos.jpg","contentUrl":"https:\/\/www.arquimaster.com.ar\/web\/wp-content\/uploads\/2015\/05\/slide_quinta_los_molinos.jpg","width":642,"height":336},{"@type":"BreadcrumbList","@id":"https:\/\/www.arquimaster.com.ar\/web\/quinta-en-los-molinos-biagionipecorari-arquitectos\/#breadcrumb","itemListElement":[{"@type":"ListItem","position":1,"name":"Portada","item":"https:\/\/www.arquimaster.com.ar\/web\/"},{"@type":"ListItem","position":2,"name":"Quinta en Los Molinos \/ Biagioni\/Pecorari Arquitectos"}]},{"@type":"WebSite","@id":"https:\/\/www.arquimaster.com.ar\/web\/#website","url":"https:\/\/www.arquimaster.com.ar\/web\/","name":"Arquimaster","description":"Web de arquitectura, dise\u00f1o y construccion","publisher":{"@id":"https:\/\/www.arquimaster.com.ar\/web\/#organization"},"potentialAction":[{"@type":"SearchAction","target":{"@type":"EntryPoint","urlTemplate":"https:\/\/www.arquimaster.com.ar\/web\/?s={search_term_string}"},"query-input":{"@type":"PropertyValueSpecification","valueRequired":true,"valueName":"search_term_string"}}],"inLanguage":"es"},{"@type":"Organization","@id":"https:\/\/www.arquimaster.com.ar\/web\/#organization","name":"Arquimaster","url":"https:\/\/www.arquimaster.com.ar\/web\/","logo":{"@type":"ImageObject","inLanguage":"es","@id":"https:\/\/www.arquimaster.com.ar\/web\/#\/schema\/logo\/image\/","url":"https:\/\/www.arquimaster.com.ar\/web\/wp-content\/uploads\/2022\/06\/arquimaster.png","contentUrl":"https:\/\/www.arquimaster.com.ar\/web\/wp-content\/uploads\/2022\/06\/arquimaster.png","width":594,"height":78,"caption":"Arquimaster"},"image":{"@id":"https:\/\/www.arquimaster.com.ar\/web\/#\/schema\/logo\/image\/"},"sameAs":["http:\/\/www.facebook.com\/ARQUIMASTER.com.ar","https:\/\/x.com\/arquimaster","https:\/\/www.instagram.com\/arquimasterblog\/","https:\/\/www.linkedin.com\/company\/arquimaster","https:\/\/www.pinterest.com\/arquimaster","https:\/\/t.me\/arquimaster"]},{"@type":"Person","@id":"https:\/\/www.arquimaster.com.ar\/web\/#\/schema\/person\/359e9f7c00193fcde068e0dd2ceb0028","name":"Arquimaster"}]}},"uagb_featured_image_src":{"full":["https:\/\/www.arquimaster.com.ar\/web\/wp-content\/uploads\/2015\/05\/slide_quinta_los_molinos.jpg",642,336,false],"thumbnail":["https:\/\/www.arquimaster.com.ar\/web\/wp-content\/uploads\/2015\/05\/slide_quinta_los_molinos-150x150.jpg",150,150,true],"medium":["https:\/\/www.arquimaster.com.ar\/web\/wp-content\/uploads\/2015\/05\/slide_quinta_los_molinos.jpg",642,336,false],"medium_large":["https:\/\/www.arquimaster.com.ar\/web\/wp-content\/uploads\/2015\/05\/slide_quinta_los_molinos.jpg",642,336,false],"large":["https:\/\/www.arquimaster.com.ar\/web\/wp-content\/uploads\/2015\/05\/slide_quinta_los_molinos.jpg",642,336,false],"1536x1536":["https:\/\/www.arquimaster.com.ar\/web\/wp-content\/uploads\/2015\/05\/slide_quinta_los_molinos.jpg",642,336,false],"2048x2048":["https:\/\/www.arquimaster.com.ar\/web\/wp-content\/uploads\/2015\/05\/slide_quinta_los_molinos.jpg",642,336,false]},"uagb_author_info":{"display_name":"Arquimaster","author_link":"https:\/\/www.arquimaster.com.ar\/web\/author\/arquimaster\/"},"uagb_comment_info":0,"uagb_excerpt":"La disposici\u00f3n lineal define un frente cerrado al sur y un frente abierto sobre el parque...","_links":{"self":[{"href":"https:\/\/www.arquimaster.com.ar\/web\/wp-json\/wp\/v2\/posts\/14735","targetHints":{"allow":["GET"]}}],"collection":[{"href":"https:\/\/www.arquimaster.com.ar\/web\/wp-json\/wp\/v2\/posts"}],"about":[{"href":"https:\/\/www.arquimaster.com.ar\/web\/wp-json\/wp\/v2\/types\/post"}],"author":[{"embeddable":true,"href":"https:\/\/www.arquimaster.com.ar\/web\/wp-json\/wp\/v2\/users\/1"}],"replies":[{"embeddable":true,"href":"https:\/\/www.arquimaster.com.ar\/web\/wp-json\/wp\/v2\/comments?post=14735"}],"version-history":[{"count":0,"href":"https:\/\/www.arquimaster.com.ar\/web\/wp-json\/wp\/v2\/posts\/14735\/revisions"}],"wp:featuredmedia":[{"embeddable":true,"href":"https:\/\/www.arquimaster.com.ar\/web\/wp-json\/wp\/v2\/media\/14736"}],"wp:attachment":[{"href":"https:\/\/www.arquimaster.com.ar\/web\/wp-json\/wp\/v2\/media?parent=14735"}],"wp:term":[{"taxonomy":"category","embeddable":true,"href":"https:\/\/www.arquimaster.com.ar\/web\/wp-json\/wp\/v2\/categories?post=14735"},{"taxonomy":"post_tag","embeddable":true,"href":"https:\/\/www.arquimaster.com.ar\/web\/wp-json\/wp\/v2\/tags?post=14735"}],"curies":[{"name":"wp","href":"https:\/\/api.w.org\/{rel}","templated":true}]}}