{"id":1499,"date":"2013-12-29T23:57:59","date_gmt":"2013-12-29T23:57:59","guid":{"rendered":"http:\/\/www.arquimaster.com.ar\/web\/?p=1499"},"modified":"2026-03-29T17:38:21","modified_gmt":"2026-03-29T20:38:21","slug":"resultados-3-edicion-premios-is-arch","status":"publish","type":"post","link":"https:\/\/www.arquimaster.com.ar\/web\/resultados-3-edicion-premios-is-arch\/","title":{"rendered":"Resultados de la 3\u00ba edicion de los Premios Is Arch"},"content":{"rendered":"<div style=\"margin-top: 0px; margin-bottom: 0px;\" class=\"sharethis-inline-share-buttons\" ><\/div><div class=\"b812932af2e751442846f039925109de\" data-index=\"1\" style=\"float: none; margin:25px 0 25px 0; text-align:center;\">\n<script async src=\"https:\/\/pagead2.googlesyndication.com\/pagead\/js\/adsbygoogle.js\"><\/script>\r\n<!-- Arquimaster (superior) -->\r\n<ins class=\"adsbygoogle\"\r\n     style=\"display:block\"\r\n     data-ad-client=\"ca-pub-6351072698456832\"\r\n     data-ad-slot=\"6455489680\"\r\n     data-ad-format=\"auto\"\r\n     data-full-width-responsive=\"true\"><\/ins>\r\n<script>\r\n     (adsbygoogle = window.adsbygoogle || []).push({});\r\n<\/script>\n<\/div>\n<p>Se dieron a conocer los resultados de la <strong>3\u00aa Edici\u00f3n de los Premios Is Arch<\/strong>, premios internacionales dirigidos a estudiantes de arquitectura, creados con la finalidad de configurar una plataforma para la difusi\u00f3n y el debate de las soluciones aportadas por los alumnos de arquitectura dentro del marco de la universidad y el objetivo de alentar a los m\u00e1s j\u00f3venes en el debate arquitect\u00f3nico desde su particular punto de vista, entendiendo que est\u00e1 ser\u00e1 la concepci\u00f3n de la arquitectura del futuro.<\/p>\n<div id='gallery-1' class='gallery galleryid-1499 gallery-columns-3 gallery-size-thumbnail'><figure class='gallery-item'>\n\t\t\t<div class='gallery-icon landscape'>\n\t\t\t\t<a href='https:\/\/www.arquimaster.com.ar\/web\/wp-content\/uploads\/2013\/12\/file-65294_65294_1p.jpg' title=\"Resultados de la 3\u00ba edicion de los Premios Is Arch (1\u00ba Premio)\" data-rl_title=\"Resultados de la 3\u00ba edicion de los Premios Is Arch (1\u00ba Premio)\" class=\"rl-gallery-link\" data-rl_caption=\"Resultados de la 3\u00ba edicion de los Premios Is Arch (1\u00ba Premio)\" data-rel=\"lightbox-gallery-1\"><img loading=\"lazy\" decoding=\"async\" width=\"150\" height=\"150\" src=\"https:\/\/www.arquimaster.com.ar\/web\/wp-content\/uploads\/2013\/12\/file-65294_65294_1p-150x150.jpg\" class=\"attachment-thumbnail size-thumbnail\" alt=\"\" aria-describedby=\"gallery-1-1505\" srcset=\"https:\/\/www.arquimaster.com.ar\/web\/wp-content\/uploads\/2013\/12\/file-65294_65294_1p-150x150.jpg 150w, https:\/\/www.arquimaster.com.ar\/web\/wp-content\/uploads\/2013\/12\/file-65294_65294_1p-50x50.jpg 50w, https:\/\/www.arquimaster.com.ar\/web\/wp-content\/uploads\/2013\/12\/file-65294_65294_1p-125x125.jpg 125w\" sizes=\"auto, (max-width: 150px) 100vw, 150px\" \/><\/a>\n\t\t\t<\/div>\n\t\t\t\t<figcaption class='wp-caption-text gallery-caption' id='gallery-1-1505'>\n\t\t\t\tResultados de la 3\u00ba edicion de los Premios Is Arch (1\u00ba Premio)\n\t\t\t\t<\/figcaption><\/figure><figure class='gallery-item'>\n\t\t\t<div class='gallery-icon landscape'>\n\t\t\t\t<a href='https:\/\/www.arquimaster.com.ar\/web\/wp-content\/uploads\/2013\/12\/file-65183_65183_2p.jpg' title=\"Resultados de la 3\u00ba edicion de los Premios Is Arch (2\u00ba Premio)\" data-rl_title=\"Resultados de la 3\u00ba edicion de los Premios Is Arch (2\u00ba Premio)\" class=\"rl-gallery-link\" data-rl_caption=\"Resultados de la 3\u00ba edicion de los Premios Is Arch (2\u00ba Premio)\" data-rel=\"lightbox-gallery-1\"><img loading=\"lazy\" decoding=\"async\" width=\"150\" height=\"150\" src=\"https:\/\/www.arquimaster.com.ar\/web\/wp-content\/uploads\/2013\/12\/file-65183_65183_2p-150x150.jpg\" class=\"attachment-thumbnail size-thumbnail\" alt=\"\" aria-describedby=\"gallery-1-1504\" srcset=\"https:\/\/www.arquimaster.com.ar\/web\/wp-content\/uploads\/2013\/12\/file-65183_65183_2p-150x150.jpg 150w, https:\/\/www.arquimaster.com.ar\/web\/wp-content\/uploads\/2013\/12\/file-65183_65183_2p-50x50.jpg 50w, https:\/\/www.arquimaster.com.ar\/web\/wp-content\/uploads\/2013\/12\/file-65183_65183_2p-125x125.jpg 125w\" sizes=\"auto, (max-width: 150px) 100vw, 150px\" \/><\/a>\n\t\t\t<\/div>\n\t\t\t\t<figcaption class='wp-caption-text gallery-caption' id='gallery-1-1504'>\n\t\t\t\tResultados de la 3\u00ba edicion de los Premios Is Arch  (2\u00ba Premio)\n\t\t\t\t<\/figcaption><\/figure><figure class='gallery-item'>\n\t\t\t<div class='gallery-icon landscape'>\n\t\t\t\t<a href='https:\/\/www.arquimaster.com.ar\/web\/wp-content\/uploads\/2013\/12\/file-67023_67023_3p.jpg' title=\"Resultados de la 3\u00ba edicion de los Premios Is Arch (3\u00ba Premio)\" data-rl_title=\"Resultados de la 3\u00ba edicion de los Premios Is Arch (3\u00ba Premio)\" class=\"rl-gallery-link\" data-rl_caption=\"Resultados de la 3\u00ba edicion de los Premios Is Arch (3\u00ba Premio)\" data-rel=\"lightbox-gallery-1\"><img loading=\"lazy\" decoding=\"async\" width=\"150\" height=\"150\" src=\"https:\/\/www.arquimaster.com.ar\/web\/wp-content\/uploads\/2013\/12\/file-67023_67023_3p-150x150.jpg\" class=\"attachment-thumbnail size-thumbnail\" alt=\"\" aria-describedby=\"gallery-1-1506\" srcset=\"https:\/\/www.arquimaster.com.ar\/web\/wp-content\/uploads\/2013\/12\/file-67023_67023_3p-150x150.jpg 150w, https:\/\/www.arquimaster.com.ar\/web\/wp-content\/uploads\/2013\/12\/file-67023_67023_3p-50x50.jpg 50w, https:\/\/www.arquimaster.com.ar\/web\/wp-content\/uploads\/2013\/12\/file-67023_67023_3p-125x125.jpg 125w\" sizes=\"auto, (max-width: 150px) 100vw, 150px\" \/><\/a>\n\t\t\t<\/div>\n\t\t\t\t<figcaption class='wp-caption-text gallery-caption' id='gallery-1-1506'>\n\t\t\t\tResultados de la 3\u00ba edicion de los Premios Is Arch (3\u00ba Premio)\n\t\t\t\t<\/figcaption><\/figure>\n\t\t<\/div>\n\n<p>El equipo de <strong>Is Arch<\/strong> y los miembros del jurado profesional compuesto por <strong>Christos Passas<\/strong>, Associate Director Zaha Hadid Architects, <strong>Benedetta Tagliabue<\/strong> EMBT, <strong>Makoto Fukuda<\/strong> Director de Proyectos en Toyo Ito Architects y EMBT, <strong>Tomislav Dushanov<\/strong> Associate Herzog &amp; De Meuron, <strong>Reynolds Logan<\/strong> AIA Associate Partner en Richard Meier &amp; Partners y <strong>Francisco Mangado<\/strong>, han coincidido en afirmar en que la selecci\u00f3n ha sido francamente dif\u00edcil debido al alt\u00edsimo nivel de los proyectos presentados.<\/p>\n<div id='gallery-2' class='gallery galleryid-1499 gallery-columns-3 gallery-size-thumbnail'><figure class='gallery-item'>\n\t\t\t<div class='gallery-icon landscape'>\n\t\t\t\t<a href='https:\/\/www.arquimaster.com.ar\/web\/wp-content\/uploads\/2013\/12\/file-65269_65269_mencion.jpg' title=\"Resultados de la 3\u00ba edicion de los Premios Is Arch (mencion de honor)\" data-rl_title=\"Resultados de la 3\u00ba edicion de los Premios Is Arch (mencion de honor)\" class=\"rl-gallery-link\" data-rl_caption=\"Resultados de la 3\u00ba edicion de los Premios Is Arch (mencion de honor)\" data-rel=\"lightbox-gallery-2\"><img loading=\"lazy\" decoding=\"async\" width=\"150\" height=\"150\" src=\"https:\/\/www.arquimaster.com.ar\/web\/wp-content\/uploads\/2013\/12\/file-65269_65269_mencion-150x150.jpg\" class=\"attachment-thumbnail size-thumbnail\" alt=\"\" aria-describedby=\"gallery-2-1507\" srcset=\"https:\/\/www.arquimaster.com.ar\/web\/wp-content\/uploads\/2013\/12\/file-65269_65269_mencion-150x150.jpg 150w, https:\/\/www.arquimaster.com.ar\/web\/wp-content\/uploads\/2013\/12\/file-65269_65269_mencion-50x50.jpg 50w, https:\/\/www.arquimaster.com.ar\/web\/wp-content\/uploads\/2013\/12\/file-65269_65269_mencion-125x125.jpg 125w\" sizes=\"auto, (max-width: 150px) 100vw, 150px\" \/><\/a>\n\t\t\t<\/div>\n\t\t\t\t<figcaption class='wp-caption-text gallery-caption' id='gallery-2-1507'>\n\t\t\t\tResultados de la 3\u00ba edicion de los Premios Is Arch (mencion de honor)\n\t\t\t\t<\/figcaption><\/figure><figure class='gallery-item'>\n\t\t\t<div class='gallery-icon landscape'>\n\t\t\t\t<a href='https:\/\/www.arquimaster.com.ar\/web\/wp-content\/uploads\/2013\/12\/file-65444_65444_mencion.jpg' title=\"Resultados de la 3\u00ba edicion de los Premios Is Arch (mencion de honor)\" data-rl_title=\"Resultados de la 3\u00ba edicion de los Premios Is Arch (mencion de honor)\" class=\"rl-gallery-link\" data-rl_caption=\"Resultados de la 3\u00ba edicion de los Premios Is Arch (mencion de honor)\" data-rel=\"lightbox-gallery-2\"><img loading=\"lazy\" decoding=\"async\" width=\"150\" height=\"150\" src=\"https:\/\/www.arquimaster.com.ar\/web\/wp-content\/uploads\/2013\/12\/file-65444_65444_mencion-150x150.jpg\" class=\"attachment-thumbnail size-thumbnail\" alt=\"\" aria-describedby=\"gallery-2-1508\" srcset=\"https:\/\/www.arquimaster.com.ar\/web\/wp-content\/uploads\/2013\/12\/file-65444_65444_mencion-150x150.jpg 150w, https:\/\/www.arquimaster.com.ar\/web\/wp-content\/uploads\/2013\/12\/file-65444_65444_mencion-50x50.jpg 50w, https:\/\/www.arquimaster.com.ar\/web\/wp-content\/uploads\/2013\/12\/file-65444_65444_mencion-125x125.jpg 125w\" sizes=\"auto, (max-width: 150px) 100vw, 150px\" \/><\/a>\n\t\t\t<\/div>\n\t\t\t\t<figcaption class='wp-caption-text gallery-caption' id='gallery-2-1508'>\n\t\t\t\tResultados de la 3\u00ba edicion de los Premios Is Arch (mencion de honor)\n\t\t\t\t<\/figcaption><\/figure><figure class='gallery-item'>\n\t\t\t<div class='gallery-icon landscape'>\n\t\t\t\t<a href='https:\/\/www.arquimaster.com.ar\/web\/wp-content\/uploads\/2013\/12\/file-65988_65988_mencion.jpg' title=\"Resultados de la 3\u00ba edicion de los Premios Is Arch (mencion de honor)\" data-rl_title=\"Resultados de la 3\u00ba edicion de los Premios Is Arch (mencion de honor)\" class=\"rl-gallery-link\" data-rl_caption=\"Resultados de la 3\u00ba edicion de los Premios Is Arch (mencion de honor)\" data-rel=\"lightbox-gallery-2\"><img loading=\"lazy\" decoding=\"async\" width=\"150\" height=\"150\" src=\"https:\/\/www.arquimaster.com.ar\/web\/wp-content\/uploads\/2013\/12\/file-65988_65988_mencion-150x150.jpg\" class=\"attachment-thumbnail size-thumbnail\" alt=\"\" aria-describedby=\"gallery-2-1509\" srcset=\"https:\/\/www.arquimaster.com.ar\/web\/wp-content\/uploads\/2013\/12\/file-65988_65988_mencion-150x150.jpg 150w, https:\/\/www.arquimaster.com.ar\/web\/wp-content\/uploads\/2013\/12\/file-65988_65988_mencion-50x50.jpg 50w, https:\/\/www.arquimaster.com.ar\/web\/wp-content\/uploads\/2013\/12\/file-65988_65988_mencion-125x125.jpg 125w\" sizes=\"auto, (max-width: 150px) 100vw, 150px\" \/><\/a>\n\t\t\t<\/div>\n\t\t\t\t<figcaption class='wp-caption-text gallery-caption' id='gallery-2-1509'>\n\t\t\t\tResultados de la 3\u00ba edicion de los Premios Is Arch (mencion de honor)\n\t\t\t\t<\/figcaption><\/figure><figure class='gallery-item'>\n\t\t\t<div class='gallery-icon landscape'>\n\t\t\t\t<a href='https:\/\/www.arquimaster.com.ar\/web\/wp-content\/uploads\/2013\/12\/file-66028_66028_mencion.jpg' title=\"Resultados de la 3\u00ba edicion de los Premios Is Arch (mencion de honor)\" data-rl_title=\"Resultados de la 3\u00ba edicion de los Premios Is Arch (mencion de honor)\" class=\"rl-gallery-link\" data-rl_caption=\"Resultados de la 3\u00ba edicion de los Premios Is Arch (mencion de honor)\" data-rel=\"lightbox-gallery-2\"><img loading=\"lazy\" decoding=\"async\" width=\"150\" height=\"150\" src=\"https:\/\/www.arquimaster.com.ar\/web\/wp-content\/uploads\/2013\/12\/file-66028_66028_mencion-150x150.jpg\" class=\"attachment-thumbnail size-thumbnail\" alt=\"\" aria-describedby=\"gallery-2-1510\" srcset=\"https:\/\/www.arquimaster.com.ar\/web\/wp-content\/uploads\/2013\/12\/file-66028_66028_mencion-150x150.jpg 150w, https:\/\/www.arquimaster.com.ar\/web\/wp-content\/uploads\/2013\/12\/file-66028_66028_mencion-50x50.jpg 50w, https:\/\/www.arquimaster.com.ar\/web\/wp-content\/uploads\/2013\/12\/file-66028_66028_mencion-125x125.jpg 125w\" sizes=\"auto, (max-width: 150px) 100vw, 150px\" \/><\/a>\n\t\t\t<\/div>\n\t\t\t\t<figcaption class='wp-caption-text gallery-caption' id='gallery-2-1510'>\n\t\t\t\tResultados de la 3\u00ba edicion de los Premios Is Arch (mencion de honor)\n\t\t\t\t<\/figcaption><\/figure><figure class='gallery-item'>\n\t\t\t<div class='gallery-icon landscape'>\n\t\t\t\t<a href='https:\/\/www.arquimaster.com.ar\/web\/wp-content\/uploads\/2013\/12\/file-66223_66223_mencion.jpg' title=\"Resultados de la 3\u00ba edicion de los Premios Is Arch (mencion de honor)\" data-rl_title=\"Resultados de la 3\u00ba edicion de los Premios Is Arch (mencion de honor)\" class=\"rl-gallery-link\" data-rl_caption=\"Resultados de la 3\u00ba edicion de los Premios Is Arch (mencion de honor)\" data-rel=\"lightbox-gallery-2\"><img loading=\"lazy\" decoding=\"async\" width=\"150\" height=\"150\" src=\"https:\/\/www.arquimaster.com.ar\/web\/wp-content\/uploads\/2013\/12\/file-66223_66223_mencion-150x150.jpg\" class=\"attachment-thumbnail size-thumbnail\" alt=\"\" aria-describedby=\"gallery-2-1511\" srcset=\"https:\/\/www.arquimaster.com.ar\/web\/wp-content\/uploads\/2013\/12\/file-66223_66223_mencion-150x150.jpg 150w, https:\/\/www.arquimaster.com.ar\/web\/wp-content\/uploads\/2013\/12\/file-66223_66223_mencion-50x50.jpg 50w, https:\/\/www.arquimaster.com.ar\/web\/wp-content\/uploads\/2013\/12\/file-66223_66223_mencion-125x125.jpg 125w\" sizes=\"auto, (max-width: 150px) 100vw, 150px\" \/><\/a>\n\t\t\t<\/div>\n\t\t\t\t<figcaption class='wp-caption-text gallery-caption' id='gallery-2-1511'>\n\t\t\t\tResultados de la 3\u00ba edicion de los Premios Is Arch (mencion de honor)\n\t\t\t\t<\/figcaption><\/figure><figure class='gallery-item'>\n\t\t\t<div class='gallery-icon landscape'>\n\t\t\t\t<a href='https:\/\/www.arquimaster.com.ar\/web\/wp-content\/uploads\/2013\/12\/file-66306_66306_mencion.jpg' title=\"Resultados de la 3\u00ba edicion de los Premios Is Arch (mencion de honor)\" data-rl_title=\"Resultados de la 3\u00ba edicion de los Premios Is Arch (mencion de honor)\" class=\"rl-gallery-link\" data-rl_caption=\"Resultados de la 3\u00ba edicion de los Premios Is Arch (mencion de honor)\" data-rel=\"lightbox-gallery-2\"><img loading=\"lazy\" decoding=\"async\" width=\"150\" height=\"150\" src=\"https:\/\/www.arquimaster.com.ar\/web\/wp-content\/uploads\/2013\/12\/file-66306_66306_mencion-150x150.jpg\" class=\"attachment-thumbnail size-thumbnail\" alt=\"\" aria-describedby=\"gallery-2-1512\" srcset=\"https:\/\/www.arquimaster.com.ar\/web\/wp-content\/uploads\/2013\/12\/file-66306_66306_mencion-150x150.jpg 150w, https:\/\/www.arquimaster.com.ar\/web\/wp-content\/uploads\/2013\/12\/file-66306_66306_mencion-50x50.jpg 50w, https:\/\/www.arquimaster.com.ar\/web\/wp-content\/uploads\/2013\/12\/file-66306_66306_mencion-125x125.jpg 125w\" sizes=\"auto, (max-width: 150px) 100vw, 150px\" \/><\/a>\n\t\t\t<\/div>\n\t\t\t\t<figcaption class='wp-caption-text gallery-caption' id='gallery-2-1512'>\n\t\t\t\tResultados de la 3\u00ba edicion de los Premios Is Arch (mencion de honor)\n\t\t\t\t<\/figcaption><\/figure><figure class='gallery-item'>\n\t\t\t<div class='gallery-icon landscape'>\n\t\t\t\t<a href='https:\/\/www.arquimaster.com.ar\/web\/wp-content\/uploads\/2013\/12\/file-66557_66557_mencion.jpg' title=\"Resultados de la 3\u00ba edicion de los Premios Is Arch (mencion de honor)\" data-rl_title=\"Resultados de la 3\u00ba edicion de los Premios Is Arch (mencion de honor)\" class=\"rl-gallery-link\" data-rl_caption=\"Resultados de la 3\u00ba edicion de los Premios Is Arch (mencion de honor)\" data-rel=\"lightbox-gallery-2\"><img loading=\"lazy\" decoding=\"async\" width=\"150\" height=\"150\" src=\"https:\/\/www.arquimaster.com.ar\/web\/wp-content\/uploads\/2013\/12\/file-66557_66557_mencion-150x150.jpg\" class=\"attachment-thumbnail size-thumbnail\" alt=\"\" aria-describedby=\"gallery-2-1513\" srcset=\"https:\/\/www.arquimaster.com.ar\/web\/wp-content\/uploads\/2013\/12\/file-66557_66557_mencion-150x150.jpg 150w, https:\/\/www.arquimaster.com.ar\/web\/wp-content\/uploads\/2013\/12\/file-66557_66557_mencion-50x50.jpg 50w, https:\/\/www.arquimaster.com.ar\/web\/wp-content\/uploads\/2013\/12\/file-66557_66557_mencion-125x125.jpg 125w\" sizes=\"auto, (max-width: 150px) 100vw, 150px\" \/><\/a>\n\t\t\t<\/div>\n\t\t\t\t<figcaption class='wp-caption-text gallery-caption' id='gallery-2-1513'>\n\t\t\t\tResultados de la 3\u00ba edicion de los Premios Is Arch (mencion de honor)\n\t\t\t\t<\/figcaption><\/figure><figure class='gallery-item'>\n\t\t\t<div class='gallery-icon landscape'>\n\t\t\t\t<a href='https:\/\/www.arquimaster.com.ar\/web\/wp-content\/uploads\/2013\/12\/file-66868_66868_mencion.jpg' title=\"Resultados de la 3\u00ba edicion de los Premios Is Arch (mencion de honor)\" data-rl_title=\"Resultados de la 3\u00ba edicion de los Premios Is Arch (mencion de honor)\" class=\"rl-gallery-link\" data-rl_caption=\"Resultados de la 3\u00ba edicion de los Premios Is Arch (mencion de honor)\" data-rel=\"lightbox-gallery-2\"><img loading=\"lazy\" decoding=\"async\" width=\"150\" height=\"150\" src=\"https:\/\/www.arquimaster.com.ar\/web\/wp-content\/uploads\/2013\/12\/file-66868_66868_mencion-150x150.jpg\" class=\"attachment-thumbnail size-thumbnail\" alt=\"\" aria-describedby=\"gallery-2-1514\" srcset=\"https:\/\/www.arquimaster.com.ar\/web\/wp-content\/uploads\/2013\/12\/file-66868_66868_mencion-150x150.jpg 150w, https:\/\/www.arquimaster.com.ar\/web\/wp-content\/uploads\/2013\/12\/file-66868_66868_mencion-50x50.jpg 50w, https:\/\/www.arquimaster.com.ar\/web\/wp-content\/uploads\/2013\/12\/file-66868_66868_mencion-125x125.jpg 125w\" sizes=\"auto, (max-width: 150px) 100vw, 150px\" \/><\/a>\n\t\t\t<\/div>\n\t\t\t\t<figcaption class='wp-caption-text gallery-caption' id='gallery-2-1514'>\n\t\t\t\tResultados de la 3\u00ba edicion de los Premios Is Arch (mencion de honor)\n\t\t\t\t<\/figcaption><\/figure><figure class='gallery-item'>\n\t\t\t<div class='gallery-icon landscape'>\n\t\t\t\t<a href='https:\/\/www.arquimaster.com.ar\/web\/wp-content\/uploads\/2013\/12\/file-67180_67180_mencion.jpg' title=\"Resultados de la 3\u00ba edicion de los Premios Is Arch (mencion de honor)\" data-rl_title=\"Resultados de la 3\u00ba edicion de los Premios Is Arch (mencion de honor)\" class=\"rl-gallery-link\" data-rl_caption=\"Resultados de la 3\u00ba edicion de los Premios Is Arch (mencion de honor)\" data-rel=\"lightbox-gallery-2\"><img loading=\"lazy\" decoding=\"async\" width=\"150\" height=\"150\" src=\"https:\/\/www.arquimaster.com.ar\/web\/wp-content\/uploads\/2013\/12\/file-67180_67180_mencion-150x150.jpg\" class=\"attachment-thumbnail size-thumbnail\" alt=\"\" aria-describedby=\"gallery-2-1515\" srcset=\"https:\/\/www.arquimaster.com.ar\/web\/wp-content\/uploads\/2013\/12\/file-67180_67180_mencion-150x150.jpg 150w, https:\/\/www.arquimaster.com.ar\/web\/wp-content\/uploads\/2013\/12\/file-67180_67180_mencion-50x50.jpg 50w, https:\/\/www.arquimaster.com.ar\/web\/wp-content\/uploads\/2013\/12\/file-67180_67180_mencion-125x125.jpg 125w\" sizes=\"auto, (max-width: 150px) 100vw, 150px\" \/><\/a>\n\t\t\t<\/div>\n\t\t\t\t<figcaption class='wp-caption-text gallery-caption' id='gallery-2-1515'>\n\t\t\t\tResultados de la 3\u00ba edicion de los Premios Is Arch (mencion de honor)\n\t\t\t\t<\/figcaption><\/figure><figure class='gallery-item'>\n\t\t\t<div class='gallery-icon landscape'>\n\t\t\t\t<a href='https:\/\/www.arquimaster.com.ar\/web\/wp-content\/uploads\/2013\/12\/file-68176_68176_mencion.jpg' title=\"Resultados de la 3\u00ba edicion de los Premios Is Arch (mencion de honor)\" data-rl_title=\"Resultados de la 3\u00ba edicion de los Premios Is Arch (mencion de honor)\" class=\"rl-gallery-link\" data-rl_caption=\"Resultados de la 3\u00ba edicion de los Premios Is Arch (mencion de honor)\" data-rel=\"lightbox-gallery-2\"><img loading=\"lazy\" decoding=\"async\" width=\"150\" height=\"150\" src=\"https:\/\/www.arquimaster.com.ar\/web\/wp-content\/uploads\/2013\/12\/file-68176_68176_mencion-150x150.jpg\" class=\"attachment-thumbnail size-thumbnail\" alt=\"\" aria-describedby=\"gallery-2-1516\" srcset=\"https:\/\/www.arquimaster.com.ar\/web\/wp-content\/uploads\/2013\/12\/file-68176_68176_mencion-150x150.jpg 150w, https:\/\/www.arquimaster.com.ar\/web\/wp-content\/uploads\/2013\/12\/file-68176_68176_mencion-50x50.jpg 50w, https:\/\/www.arquimaster.com.ar\/web\/wp-content\/uploads\/2013\/12\/file-68176_68176_mencion-125x125.jpg 125w\" sizes=\"auto, (max-width: 150px) 100vw, 150px\" \/><\/a>\n\t\t\t<\/div>\n\t\t\t\t<figcaption class='wp-caption-text gallery-caption' id='gallery-2-1516'>\n\t\t\t\tResultados de la 3\u00ba edicion de los Premios Is Arch (mencion de honor)\n\t\t\t\t<\/figcaption><\/figure>\n\t\t<\/div>\n\n<p>En esta tercera convocatoria se han presentado 159 proyectos y recibido m\u00e1s de 80.000 visitas en la galer\u00eda de proyectos. El sistema de votaci\u00f3n ha sido de 80% seg\u00fan puntuaci\u00f3n de los miembros del jurado t\u00e9cnico y 20% seg\u00fan votaci\u00f3n popular. Se ha dado la puntuaci\u00f3n m\u00e1xima de 20 puntos al proyecto que ten\u00eda m\u00e1s votos en el sitio web y\/0 puntos al que no ten\u00eda ninguno, entonces los puntos del resto de proyectos han quedado definidos en este intervalo de forma proporcional. De igual forma se han calculado los 80 puntos del jurado t\u00e9cnico.<\/p>\n<div id='gallery-3' class='gallery galleryid-1499 gallery-columns-3 gallery-size-thumbnail'><figure class='gallery-item'>\n\t\t\t<div class='gallery-icon landscape'>\n\t\t\t\t<a href='https:\/\/www.arquimaster.com.ar\/web\/wp-content\/uploads\/2013\/12\/file-64856_64856_finalista.jpg' title=\"Resultados de la 3\u00ba edicion de los Premios Is Arch (finalista)\" data-rl_title=\"Resultados de la 3\u00ba edicion de los Premios Is Arch (finalista)\" class=\"rl-gallery-link\" data-rl_caption=\"Resultados de la 3\u00ba edicion de los Premios Is Arch (finalista)\" data-rel=\"lightbox-gallery-3\"><img loading=\"lazy\" decoding=\"async\" width=\"150\" height=\"150\" src=\"https:\/\/www.arquimaster.com.ar\/web\/wp-content\/uploads\/2013\/12\/file-64856_64856_finalista-150x150.jpg\" class=\"attachment-thumbnail size-thumbnail\" alt=\"\" aria-describedby=\"gallery-3-1517\" srcset=\"https:\/\/www.arquimaster.com.ar\/web\/wp-content\/uploads\/2013\/12\/file-64856_64856_finalista-150x150.jpg 150w, https:\/\/www.arquimaster.com.ar\/web\/wp-content\/uploads\/2013\/12\/file-64856_64856_finalista-50x50.jpg 50w, https:\/\/www.arquimaster.com.ar\/web\/wp-content\/uploads\/2013\/12\/file-64856_64856_finalista-125x125.jpg 125w\" sizes=\"auto, (max-width: 150px) 100vw, 150px\" \/><\/a>\n\t\t\t<\/div>\n\t\t\t\t<figcaption class='wp-caption-text gallery-caption' id='gallery-3-1517'>\n\t\t\t\tResultados de la 3\u00ba edicion de los Premios Is Arch (finalista)\n\t\t\t\t<\/figcaption><\/figure><figure class='gallery-item'>\n\t\t\t<div class='gallery-icon landscape'>\n\t\t\t\t<a href='https:\/\/www.arquimaster.com.ar\/web\/wp-content\/uploads\/2013\/12\/file-65039_65039_finalista.jpg' title=\"Resultados de la 3\u00ba edicion de los Premios Is Arch (finalista)\" data-rl_title=\"Resultados de la 3\u00ba edicion de los Premios Is Arch (finalista)\" class=\"rl-gallery-link\" data-rl_caption=\"Resultados de la 3\u00ba edicion de los Premios Is Arch (finalista)\" data-rel=\"lightbox-gallery-3\"><img loading=\"lazy\" decoding=\"async\" width=\"150\" height=\"150\" src=\"https:\/\/www.arquimaster.com.ar\/web\/wp-content\/uploads\/2013\/12\/file-65039_65039_finalista-150x150.jpg\" class=\"attachment-thumbnail size-thumbnail\" alt=\"\" aria-describedby=\"gallery-3-1518\" srcset=\"https:\/\/www.arquimaster.com.ar\/web\/wp-content\/uploads\/2013\/12\/file-65039_65039_finalista-150x150.jpg 150w, https:\/\/www.arquimaster.com.ar\/web\/wp-content\/uploads\/2013\/12\/file-65039_65039_finalista-50x50.jpg 50w, https:\/\/www.arquimaster.com.ar\/web\/wp-content\/uploads\/2013\/12\/file-65039_65039_finalista-125x125.jpg 125w\" sizes=\"auto, (max-width: 150px) 100vw, 150px\" \/><\/a>\n\t\t\t<\/div>\n\t\t\t\t<figcaption class='wp-caption-text gallery-caption' id='gallery-3-1518'>\n\t\t\t\tResultados de la 3\u00ba edicion de los Premios Is Arch (finalista)\n\t\t\t\t<\/figcaption><\/figure><figure class='gallery-item'>\n\t\t\t<div class='gallery-icon landscape'>\n\t\t\t\t<a href='https:\/\/www.arquimaster.com.ar\/web\/wp-content\/uploads\/2013\/12\/file-65234_65234_finalista.jpg' title=\"Resultados de la 3\u00ba edicion de los Premios Is Arch (finalista)\" data-rl_title=\"Resultados de la 3\u00ba edicion de los Premios Is Arch (finalista)\" class=\"rl-gallery-link\" data-rl_caption=\"Resultados de la 3\u00ba edicion de los Premios Is Arch (finalista)\" data-rel=\"lightbox-gallery-3\"><img loading=\"lazy\" decoding=\"async\" width=\"150\" height=\"150\" src=\"https:\/\/www.arquimaster.com.ar\/web\/wp-content\/uploads\/2013\/12\/file-65234_65234_finalista-150x150.jpg\" class=\"attachment-thumbnail size-thumbnail\" alt=\"\" aria-describedby=\"gallery-3-1519\" srcset=\"https:\/\/www.arquimaster.com.ar\/web\/wp-content\/uploads\/2013\/12\/file-65234_65234_finalista-150x150.jpg 150w, https:\/\/www.arquimaster.com.ar\/web\/wp-content\/uploads\/2013\/12\/file-65234_65234_finalista-50x50.jpg 50w, https:\/\/www.arquimaster.com.ar\/web\/wp-content\/uploads\/2013\/12\/file-65234_65234_finalista-125x125.jpg 125w\" sizes=\"auto, (max-width: 150px) 100vw, 150px\" \/><\/a>\n\t\t\t<\/div>\n\t\t\t\t<figcaption class='wp-caption-text gallery-caption' id='gallery-3-1519'>\n\t\t\t\tResultados de la 3\u00ba edicion de los Premios Is Arch (finalista)\n\t\t\t\t<\/figcaption><\/figure><figure class='gallery-item'>\n\t\t\t<div class='gallery-icon landscape'>\n\t\t\t\t<a href='https:\/\/www.arquimaster.com.ar\/web\/wp-content\/uploads\/2013\/12\/file-65492_65492_finalista.jpg' title=\"Resultados de la 3\u00ba edicion de los Premios Is Arch (finalista)\" data-rl_title=\"Resultados de la 3\u00ba edicion de los Premios Is Arch (finalista)\" class=\"rl-gallery-link\" data-rl_caption=\"Resultados de la 3\u00ba edicion de los Premios Is Arch (finalista)\" data-rel=\"lightbox-gallery-3\"><img loading=\"lazy\" decoding=\"async\" width=\"150\" height=\"150\" src=\"https:\/\/www.arquimaster.com.ar\/web\/wp-content\/uploads\/2013\/12\/file-65492_65492_finalista-150x150.jpg\" class=\"attachment-thumbnail size-thumbnail\" alt=\"\" aria-describedby=\"gallery-3-1520\" srcset=\"https:\/\/www.arquimaster.com.ar\/web\/wp-content\/uploads\/2013\/12\/file-65492_65492_finalista-150x150.jpg 150w, https:\/\/www.arquimaster.com.ar\/web\/wp-content\/uploads\/2013\/12\/file-65492_65492_finalista-50x50.jpg 50w, https:\/\/www.arquimaster.com.ar\/web\/wp-content\/uploads\/2013\/12\/file-65492_65492_finalista-125x125.jpg 125w\" sizes=\"auto, (max-width: 150px) 100vw, 150px\" \/><\/a>\n\t\t\t<\/div>\n\t\t\t\t<figcaption class='wp-caption-text gallery-caption' id='gallery-3-1520'>\n\t\t\t\tResultados de la 3\u00ba edicion de los Premios Is Arch (finalista)\n\t\t\t\t<\/figcaption><\/figure><figure class='gallery-item'>\n\t\t\t<div class='gallery-icon landscape'>\n\t\t\t\t<a href='https:\/\/www.arquimaster.com.ar\/web\/wp-content\/uploads\/2013\/12\/file-65497_65497_finalista.jpg' title=\"Resultados de la 3\u00ba edicion de los Premios Is Arch (finalista)\" data-rl_title=\"Resultados de la 3\u00ba edicion de los Premios Is Arch (finalista)\" class=\"rl-gallery-link\" data-rl_caption=\"Resultados de la 3\u00ba edicion de los Premios Is Arch (finalista)\" data-rel=\"lightbox-gallery-3\"><img loading=\"lazy\" decoding=\"async\" width=\"150\" height=\"150\" src=\"https:\/\/www.arquimaster.com.ar\/web\/wp-content\/uploads\/2013\/12\/file-65497_65497_finalista-150x150.jpg\" class=\"attachment-thumbnail size-thumbnail\" alt=\"\" aria-describedby=\"gallery-3-1521\" srcset=\"https:\/\/www.arquimaster.com.ar\/web\/wp-content\/uploads\/2013\/12\/file-65497_65497_finalista-150x150.jpg 150w, https:\/\/www.arquimaster.com.ar\/web\/wp-content\/uploads\/2013\/12\/file-65497_65497_finalista-50x50.jpg 50w, https:\/\/www.arquimaster.com.ar\/web\/wp-content\/uploads\/2013\/12\/file-65497_65497_finalista-125x125.jpg 125w\" sizes=\"auto, (max-width: 150px) 100vw, 150px\" \/><\/a>\n\t\t\t<\/div>\n\t\t\t\t<figcaption class='wp-caption-text gallery-caption' id='gallery-3-1521'>\n\t\t\t\tResultados de la 3\u00ba edicion de los Premios Is Arch (finalista)\n\t\t\t\t<\/figcaption><\/figure><figure class='gallery-item'>\n\t\t\t<div class='gallery-icon landscape'>\n\t\t\t\t<a href='https:\/\/www.arquimaster.com.ar\/web\/wp-content\/uploads\/2013\/12\/file-65822_65822_finalista.jpg' title=\"Resultados de la 3\u00ba edicion de los Premios Is Arch (finalista)\" data-rl_title=\"Resultados de la 3\u00ba edicion de los Premios Is Arch (finalista)\" class=\"rl-gallery-link\" data-rl_caption=\"Resultados de la 3\u00ba edicion de los Premios Is Arch (finalista)\" data-rel=\"lightbox-gallery-3\"><img loading=\"lazy\" decoding=\"async\" width=\"150\" height=\"150\" src=\"https:\/\/www.arquimaster.com.ar\/web\/wp-content\/uploads\/2013\/12\/file-65822_65822_finalista-150x150.jpg\" class=\"attachment-thumbnail size-thumbnail\" alt=\"\" aria-describedby=\"gallery-3-1522\" srcset=\"https:\/\/www.arquimaster.com.ar\/web\/wp-content\/uploads\/2013\/12\/file-65822_65822_finalista-150x150.jpg 150w, https:\/\/www.arquimaster.com.ar\/web\/wp-content\/uploads\/2013\/12\/file-65822_65822_finalista-50x50.jpg 50w, https:\/\/www.arquimaster.com.ar\/web\/wp-content\/uploads\/2013\/12\/file-65822_65822_finalista-125x125.jpg 125w\" sizes=\"auto, (max-width: 150px) 100vw, 150px\" \/><\/a>\n\t\t\t<\/div>\n\t\t\t\t<figcaption class='wp-caption-text gallery-caption' id='gallery-3-1522'>\n\t\t\t\tResultados de la 3\u00ba edicion de los Premios Is Arch (finalista)\n\t\t\t\t<\/figcaption><\/figure><figure class='gallery-item'>\n\t\t\t<div class='gallery-icon landscape'>\n\t\t\t\t<a href='https:\/\/www.arquimaster.com.ar\/web\/wp-content\/uploads\/2013\/12\/file-65863_65863_finalista.jpg' title=\"Resultados de la 3\u00ba edicion de los Premios Is Arch (finalista)\" data-rl_title=\"Resultados de la 3\u00ba edicion de los Premios Is Arch (finalista)\" class=\"rl-gallery-link\" data-rl_caption=\"Resultados de la 3\u00ba edicion de los Premios Is Arch (finalista)\" data-rel=\"lightbox-gallery-3\"><img loading=\"lazy\" decoding=\"async\" width=\"150\" height=\"150\" src=\"https:\/\/www.arquimaster.com.ar\/web\/wp-content\/uploads\/2013\/12\/file-65863_65863_finalista-150x150.jpg\" class=\"attachment-thumbnail size-thumbnail\" alt=\"\" aria-describedby=\"gallery-3-1523\" srcset=\"https:\/\/www.arquimaster.com.ar\/web\/wp-content\/uploads\/2013\/12\/file-65863_65863_finalista-150x150.jpg 150w, https:\/\/www.arquimaster.com.ar\/web\/wp-content\/uploads\/2013\/12\/file-65863_65863_finalista-50x50.jpg 50w, https:\/\/www.arquimaster.com.ar\/web\/wp-content\/uploads\/2013\/12\/file-65863_65863_finalista-125x125.jpg 125w\" sizes=\"auto, (max-width: 150px) 100vw, 150px\" \/><\/a>\n\t\t\t<\/div>\n\t\t\t\t<figcaption class='wp-caption-text gallery-caption' id='gallery-3-1523'>\n\t\t\t\tResultados de la 3\u00ba edicion de los Premios Is Arch (finalista)\n\t\t\t\t<\/figcaption><\/figure><figure class='gallery-item'>\n\t\t\t<div class='gallery-icon landscape'>\n\t\t\t\t<a href='https:\/\/www.arquimaster.com.ar\/web\/wp-content\/uploads\/2013\/12\/file-66134_66134_finalista.jpg' title=\"Resultados de la 3\u00ba edicion de los Premios Is Arch (finalista)\" data-rl_title=\"Resultados de la 3\u00ba edicion de los Premios Is Arch (finalista)\" class=\"rl-gallery-link\" data-rl_caption=\"Resultados de la 3\u00ba edicion de los Premios Is Arch (finalista)\" data-rel=\"lightbox-gallery-3\"><img loading=\"lazy\" decoding=\"async\" width=\"150\" height=\"150\" src=\"https:\/\/www.arquimaster.com.ar\/web\/wp-content\/uploads\/2013\/12\/file-66134_66134_finalista-150x150.jpg\" class=\"attachment-thumbnail size-thumbnail\" alt=\"\" aria-describedby=\"gallery-3-1524\" srcset=\"https:\/\/www.arquimaster.com.ar\/web\/wp-content\/uploads\/2013\/12\/file-66134_66134_finalista-150x150.jpg 150w, https:\/\/www.arquimaster.com.ar\/web\/wp-content\/uploads\/2013\/12\/file-66134_66134_finalista-50x50.jpg 50w, https:\/\/www.arquimaster.com.ar\/web\/wp-content\/uploads\/2013\/12\/file-66134_66134_finalista-125x125.jpg 125w\" sizes=\"auto, (max-width: 150px) 100vw, 150px\" \/><\/a>\n\t\t\t<\/div>\n\t\t\t\t<figcaption class='wp-caption-text gallery-caption' id='gallery-3-1524'>\n\t\t\t\tResultados de la 3\u00ba edicion de los Premios Is Arch (finalista)\n\t\t\t\t<\/figcaption><\/figure><figure class='gallery-item'>\n\t\t\t<div class='gallery-icon landscape'>\n\t\t\t\t<a href='https:\/\/www.arquimaster.com.ar\/web\/wp-content\/uploads\/2013\/12\/file-66335_66335_finalista.jpg' title=\"Resultados de la 3\u00ba edicion de los Premios Is Arch (finalista)\" data-rl_title=\"Resultados de la 3\u00ba edicion de los Premios Is Arch (finalista)\" class=\"rl-gallery-link\" data-rl_caption=\"Resultados de la 3\u00ba edicion de los Premios Is Arch (finalista)\" data-rel=\"lightbox-gallery-3\"><img loading=\"lazy\" decoding=\"async\" width=\"150\" height=\"150\" src=\"https:\/\/www.arquimaster.com.ar\/web\/wp-content\/uploads\/2013\/12\/file-66335_66335_finalista-150x150.jpg\" class=\"attachment-thumbnail size-thumbnail\" alt=\"\" aria-describedby=\"gallery-3-1525\" srcset=\"https:\/\/www.arquimaster.com.ar\/web\/wp-content\/uploads\/2013\/12\/file-66335_66335_finalista-150x150.jpg 150w, https:\/\/www.arquimaster.com.ar\/web\/wp-content\/uploads\/2013\/12\/file-66335_66335_finalista-50x50.jpg 50w, https:\/\/www.arquimaster.com.ar\/web\/wp-content\/uploads\/2013\/12\/file-66335_66335_finalista-125x125.jpg 125w\" sizes=\"auto, (max-width: 150px) 100vw, 150px\" \/><\/a>\n\t\t\t<\/div>\n\t\t\t\t<figcaption class='wp-caption-text gallery-caption' id='gallery-3-1525'>\n\t\t\t\tResultados de la 3\u00ba edicion de los Premios Is Arch (finalista)\n\t\t\t\t<\/figcaption><\/figure><figure class='gallery-item'>\n\t\t\t<div class='gallery-icon landscape'>\n\t\t\t\t<a href='https:\/\/www.arquimaster.com.ar\/web\/wp-content\/uploads\/2013\/12\/file-66409_66409_finalista.jpg' title=\"Resultados de la 3\u00ba edicion de los Premios Is Arch (finalista)\" data-rl_title=\"Resultados de la 3\u00ba edicion de los Premios Is Arch (finalista)\" class=\"rl-gallery-link\" data-rl_caption=\"Resultados de la 3\u00ba edicion de los Premios Is Arch (finalista)\" data-rel=\"lightbox-gallery-3\"><img loading=\"lazy\" decoding=\"async\" width=\"150\" height=\"150\" src=\"https:\/\/www.arquimaster.com.ar\/web\/wp-content\/uploads\/2013\/12\/file-66409_66409_finalista-150x150.jpg\" class=\"attachment-thumbnail size-thumbnail\" alt=\"\" aria-describedby=\"gallery-3-1526\" srcset=\"https:\/\/www.arquimaster.com.ar\/web\/wp-content\/uploads\/2013\/12\/file-66409_66409_finalista-150x150.jpg 150w, https:\/\/www.arquimaster.com.ar\/web\/wp-content\/uploads\/2013\/12\/file-66409_66409_finalista-50x50.jpg 50w, https:\/\/www.arquimaster.com.ar\/web\/wp-content\/uploads\/2013\/12\/file-66409_66409_finalista-125x125.jpg 125w\" sizes=\"auto, (max-width: 150px) 100vw, 150px\" \/><\/a>\n\t\t\t<\/div>\n\t\t\t\t<figcaption class='wp-caption-text gallery-caption' id='gallery-3-1526'>\n\t\t\t\tResultados de la 3\u00ba edicion de los Premios Is Arch (finalista)\n\t\t\t\t<\/figcaption><\/figure><figure class='gallery-item'>\n\t\t\t<div class='gallery-icon landscape'>\n\t\t\t\t<a href='https:\/\/www.arquimaster.com.ar\/web\/wp-content\/uploads\/2013\/12\/file-66424_66424_finalista.jpg' title=\"Resultados de la 3\u00ba edicion de los Premios Is Arch (finalista)\" data-rl_title=\"Resultados de la 3\u00ba edicion de los Premios Is Arch (finalista)\" class=\"rl-gallery-link\" data-rl_caption=\"Resultados de la 3\u00ba edicion de los Premios Is Arch (finalista)\" data-rel=\"lightbox-gallery-3\"><img loading=\"lazy\" decoding=\"async\" width=\"150\" height=\"150\" src=\"https:\/\/www.arquimaster.com.ar\/web\/wp-content\/uploads\/2013\/12\/file-66424_66424_finalista-150x150.jpg\" class=\"attachment-thumbnail size-thumbnail\" alt=\"\" aria-describedby=\"gallery-3-1527\" srcset=\"https:\/\/www.arquimaster.com.ar\/web\/wp-content\/uploads\/2013\/12\/file-66424_66424_finalista-150x150.jpg 150w, https:\/\/www.arquimaster.com.ar\/web\/wp-content\/uploads\/2013\/12\/file-66424_66424_finalista-50x50.jpg 50w, https:\/\/www.arquimaster.com.ar\/web\/wp-content\/uploads\/2013\/12\/file-66424_66424_finalista-125x125.jpg 125w\" sizes=\"auto, (max-width: 150px) 100vw, 150px\" \/><\/a>\n\t\t\t<\/div>\n\t\t\t\t<figcaption class='wp-caption-text gallery-caption' id='gallery-3-1527'>\n\t\t\t\tResultados de la 3\u00ba edicion de los Premios Is Arch (finalista)\n\t\t\t\t<\/figcaption><\/figure><figure class='gallery-item'>\n\t\t\t<div class='gallery-icon landscape'>\n\t\t\t\t<a href='https:\/\/www.arquimaster.com.ar\/web\/wp-content\/uploads\/2013\/12\/file-66529_66529_finalista.jpg' title=\"Resultados de la 3\u00ba edicion de los Premios Is Arch (finalista)\" data-rl_title=\"Resultados de la 3\u00ba edicion de los Premios Is Arch (finalista)\" class=\"rl-gallery-link\" data-rl_caption=\"Resultados de la 3\u00ba edicion de los Premios Is Arch (finalista)\" data-rel=\"lightbox-gallery-3\"><img loading=\"lazy\" decoding=\"async\" width=\"150\" height=\"150\" src=\"https:\/\/www.arquimaster.com.ar\/web\/wp-content\/uploads\/2013\/12\/file-66529_66529_finalista-150x150.jpg\" class=\"attachment-thumbnail size-thumbnail\" alt=\"\" aria-describedby=\"gallery-3-1528\" srcset=\"https:\/\/www.arquimaster.com.ar\/web\/wp-content\/uploads\/2013\/12\/file-66529_66529_finalista-150x150.jpg 150w, https:\/\/www.arquimaster.com.ar\/web\/wp-content\/uploads\/2013\/12\/file-66529_66529_finalista-50x50.jpg 50w, https:\/\/www.arquimaster.com.ar\/web\/wp-content\/uploads\/2013\/12\/file-66529_66529_finalista-125x125.jpg 125w\" sizes=\"auto, (max-width: 150px) 100vw, 150px\" \/><\/a>\n\t\t\t<\/div>\n\t\t\t\t<figcaption class='wp-caption-text gallery-caption' id='gallery-3-1528'>\n\t\t\t\tResultados de la 3\u00ba edicion de los Premios Is Arch (finalista)\n\t\t\t\t<\/figcaption><\/figure><figure class='gallery-item'>\n\t\t\t<div class='gallery-icon landscape'>\n\t\t\t\t<a href='https:\/\/www.arquimaster.com.ar\/web\/wp-content\/uploads\/2013\/12\/file-66605_66605_finalista.jpg' title=\"Resultados de la 3\u00ba edicion de los Premios Is Arch (finalista)\" data-rl_title=\"Resultados de la 3\u00ba edicion de los Premios Is Arch (finalista)\" class=\"rl-gallery-link\" data-rl_caption=\"Resultados de la 3\u00ba edicion de los Premios Is Arch (finalista)\" data-rel=\"lightbox-gallery-3\"><img loading=\"lazy\" decoding=\"async\" width=\"150\" height=\"150\" src=\"https:\/\/www.arquimaster.com.ar\/web\/wp-content\/uploads\/2013\/12\/file-66605_66605_finalista-150x150.jpg\" class=\"attachment-thumbnail size-thumbnail\" alt=\"\" aria-describedby=\"gallery-3-1529\" srcset=\"https:\/\/www.arquimaster.com.ar\/web\/wp-content\/uploads\/2013\/12\/file-66605_66605_finalista-150x150.jpg 150w, https:\/\/www.arquimaster.com.ar\/web\/wp-content\/uploads\/2013\/12\/file-66605_66605_finalista-50x50.jpg 50w, https:\/\/www.arquimaster.com.ar\/web\/wp-content\/uploads\/2013\/12\/file-66605_66605_finalista-125x125.jpg 125w\" sizes=\"auto, (max-width: 150px) 100vw, 150px\" \/><\/a>\n\t\t\t<\/div>\n\t\t\t\t<figcaption class='wp-caption-text gallery-caption' id='gallery-3-1529'>\n\t\t\t\tResultados de la 3\u00ba edicion de los Premios Is Arch (finalista)\n\t\t\t\t<\/figcaption><\/figure><figure class='gallery-item'>\n\t\t\t<div class='gallery-icon landscape'>\n\t\t\t\t<a href='https:\/\/www.arquimaster.com.ar\/web\/wp-content\/uploads\/2013\/12\/file-66623_66623_finalista.jpg' title=\"Resultados de la 3\u00ba edicion de los Premios Is Arch (finalista)\" data-rl_title=\"Resultados de la 3\u00ba edicion de los Premios Is Arch (finalista)\" class=\"rl-gallery-link\" data-rl_caption=\"Resultados de la 3\u00ba edicion de los Premios Is Arch (finalista)\" data-rel=\"lightbox-gallery-3\"><img loading=\"lazy\" decoding=\"async\" width=\"150\" height=\"150\" src=\"https:\/\/www.arquimaster.com.ar\/web\/wp-content\/uploads\/2013\/12\/file-66623_66623_finalista-150x150.jpg\" class=\"attachment-thumbnail size-thumbnail\" alt=\"\" aria-describedby=\"gallery-3-1530\" srcset=\"https:\/\/www.arquimaster.com.ar\/web\/wp-content\/uploads\/2013\/12\/file-66623_66623_finalista-150x150.jpg 150w, https:\/\/www.arquimaster.com.ar\/web\/wp-content\/uploads\/2013\/12\/file-66623_66623_finalista-50x50.jpg 50w, https:\/\/www.arquimaster.com.ar\/web\/wp-content\/uploads\/2013\/12\/file-66623_66623_finalista-125x125.jpg 125w\" sizes=\"auto, (max-width: 150px) 100vw, 150px\" \/><\/a>\n\t\t\t<\/div>\n\t\t\t\t<figcaption class='wp-caption-text gallery-caption' id='gallery-3-1530'>\n\t\t\t\tResultados de la 3\u00ba edicion de los Premios Is Arch (finalista)\n\t\t\t\t<\/figcaption><\/figure><figure class='gallery-item'>\n\t\t\t<div class='gallery-icon landscape'>\n\t\t\t\t<a href='https:\/\/www.arquimaster.com.ar\/web\/wp-content\/uploads\/2013\/12\/file-66710_66710_finalista.jpg' title=\"Resultados de la 3\u00ba edicion de los Premios Is Arch (finalista)\" data-rl_title=\"Resultados de la 3\u00ba edicion de los Premios Is Arch (finalista)\" class=\"rl-gallery-link\" data-rl_caption=\"Resultados de la 3\u00ba edicion de los Premios Is Arch (finalista)\" data-rel=\"lightbox-gallery-3\"><img loading=\"lazy\" decoding=\"async\" width=\"150\" height=\"150\" src=\"https:\/\/www.arquimaster.com.ar\/web\/wp-content\/uploads\/2013\/12\/file-66710_66710_finalista-150x150.jpg\" class=\"attachment-thumbnail size-thumbnail\" alt=\"\" aria-describedby=\"gallery-3-1531\" srcset=\"https:\/\/www.arquimaster.com.ar\/web\/wp-content\/uploads\/2013\/12\/file-66710_66710_finalista-150x150.jpg 150w, https:\/\/www.arquimaster.com.ar\/web\/wp-content\/uploads\/2013\/12\/file-66710_66710_finalista-50x50.jpg 50w, https:\/\/www.arquimaster.com.ar\/web\/wp-content\/uploads\/2013\/12\/file-66710_66710_finalista-125x125.jpg 125w\" sizes=\"auto, (max-width: 150px) 100vw, 150px\" \/><\/a>\n\t\t\t<\/div>\n\t\t\t\t<figcaption class='wp-caption-text gallery-caption' id='gallery-3-1531'>\n\t\t\t\tResultados de la 3\u00ba edicion de los Premios Is Arch (finalista)\n\t\t\t\t<\/figcaption><\/figure><figure class='gallery-item'>\n\t\t\t<div class='gallery-icon landscape'>\n\t\t\t\t<a href='https:\/\/www.arquimaster.com.ar\/web\/wp-content\/uploads\/2013\/12\/file-66788_66788_finalista.jpg' title=\"Resultados de la 3\u00ba edicion de los Premios Is Arch (finalista)\" data-rl_title=\"Resultados de la 3\u00ba edicion de los Premios Is Arch (finalista)\" class=\"rl-gallery-link\" data-rl_caption=\"Resultados de la 3\u00ba edicion de los Premios Is Arch (finalista)\" data-rel=\"lightbox-gallery-3\"><img loading=\"lazy\" decoding=\"async\" width=\"150\" height=\"150\" src=\"https:\/\/www.arquimaster.com.ar\/web\/wp-content\/uploads\/2013\/12\/file-66788_66788_finalista-150x150.jpg\" class=\"attachment-thumbnail size-thumbnail\" alt=\"\" aria-describedby=\"gallery-3-1532\" srcset=\"https:\/\/www.arquimaster.com.ar\/web\/wp-content\/uploads\/2013\/12\/file-66788_66788_finalista-150x150.jpg 150w, https:\/\/www.arquimaster.com.ar\/web\/wp-content\/uploads\/2013\/12\/file-66788_66788_finalista-50x50.jpg 50w, https:\/\/www.arquimaster.com.ar\/web\/wp-content\/uploads\/2013\/12\/file-66788_66788_finalista-125x125.jpg 125w\" sizes=\"auto, (max-width: 150px) 100vw, 150px\" \/><\/a>\n\t\t\t<\/div>\n\t\t\t\t<figcaption class='wp-caption-text gallery-caption' id='gallery-3-1532'>\n\t\t\t\tResultados de la 3\u00ba edicion de los Premios Is Arch (finalista)\n\t\t\t\t<\/figcaption><\/figure><figure class='gallery-item'>\n\t\t\t<div class='gallery-icon landscape'>\n\t\t\t\t<a href='https:\/\/www.arquimaster.com.ar\/web\/wp-content\/uploads\/2013\/12\/file-66929_66929_finalista.jpg' title=\"Resultados de la 3\u00ba edicion de los Premios Is Arch (finalista)\" data-rl_title=\"Resultados de la 3\u00ba edicion de los Premios Is Arch (finalista)\" class=\"rl-gallery-link\" data-rl_caption=\"Resultados de la 3\u00ba edicion de los Premios Is Arch (finalista)\" data-rel=\"lightbox-gallery-3\"><img loading=\"lazy\" decoding=\"async\" width=\"150\" height=\"150\" src=\"https:\/\/www.arquimaster.com.ar\/web\/wp-content\/uploads\/2013\/12\/file-66929_66929_finalista-150x150.jpg\" class=\"attachment-thumbnail size-thumbnail\" alt=\"\" aria-describedby=\"gallery-3-1533\" srcset=\"https:\/\/www.arquimaster.com.ar\/web\/wp-content\/uploads\/2013\/12\/file-66929_66929_finalista-150x150.jpg 150w, https:\/\/www.arquimaster.com.ar\/web\/wp-content\/uploads\/2013\/12\/file-66929_66929_finalista-50x50.jpg 50w, https:\/\/www.arquimaster.com.ar\/web\/wp-content\/uploads\/2013\/12\/file-66929_66929_finalista-125x125.jpg 125w\" sizes=\"auto, (max-width: 150px) 100vw, 150px\" \/><\/a>\n\t\t\t<\/div>\n\t\t\t\t<figcaption class='wp-caption-text gallery-caption' id='gallery-3-1533'>\n\t\t\t\tResultados de la 3\u00ba edicion de los Premios Is Arch (finalista)\n\t\t\t\t<\/figcaption><\/figure><figure class='gallery-item'>\n\t\t\t<div class='gallery-icon landscape'>\n\t\t\t\t<a href='https:\/\/www.arquimaster.com.ar\/web\/wp-content\/uploads\/2013\/12\/file-67089_67089_finalista.jpg' title=\"Resultados de la 3\u00ba edicion de los Premios Is Arch (finalista)\" data-rl_title=\"Resultados de la 3\u00ba edicion de los Premios Is Arch (finalista)\" class=\"rl-gallery-link\" data-rl_caption=\"Resultados de la 3\u00ba edicion de los Premios Is Arch (finalista)\" data-rel=\"lightbox-gallery-3\"><img loading=\"lazy\" decoding=\"async\" width=\"150\" height=\"150\" src=\"https:\/\/www.arquimaster.com.ar\/web\/wp-content\/uploads\/2013\/12\/file-67089_67089_finalista-150x150.jpg\" class=\"attachment-thumbnail size-thumbnail\" alt=\"\" aria-describedby=\"gallery-3-1534\" srcset=\"https:\/\/www.arquimaster.com.ar\/web\/wp-content\/uploads\/2013\/12\/file-67089_67089_finalista-150x150.jpg 150w, https:\/\/www.arquimaster.com.ar\/web\/wp-content\/uploads\/2013\/12\/file-67089_67089_finalista-50x50.jpg 50w, https:\/\/www.arquimaster.com.ar\/web\/wp-content\/uploads\/2013\/12\/file-67089_67089_finalista-125x125.jpg 125w\" sizes=\"auto, (max-width: 150px) 100vw, 150px\" \/><\/a>\n\t\t\t<\/div>\n\t\t\t\t<figcaption class='wp-caption-text gallery-caption' id='gallery-3-1534'>\n\t\t\t\tResultados de la 3\u00ba edicion de los Premios Is Arch (finalista)\n\t\t\t\t<\/figcaption><\/figure><figure class='gallery-item'>\n\t\t\t<div class='gallery-icon landscape'>\n\t\t\t\t<a href='https:\/\/www.arquimaster.com.ar\/web\/wp-content\/uploads\/2013\/12\/file-67209_67209_finalista.jpg' title=\"Resultados de la 3\u00ba edicion de los Premios Is Arch (finalista)\" data-rl_title=\"Resultados de la 3\u00ba edicion de los Premios Is Arch (finalista)\" class=\"rl-gallery-link\" data-rl_caption=\"Resultados de la 3\u00ba edicion de los Premios Is Arch (finalista)\" data-rel=\"lightbox-gallery-3\"><img loading=\"lazy\" decoding=\"async\" width=\"150\" height=\"150\" src=\"https:\/\/www.arquimaster.com.ar\/web\/wp-content\/uploads\/2013\/12\/file-67209_67209_finalista-150x150.jpg\" class=\"attachment-thumbnail size-thumbnail\" alt=\"\" aria-describedby=\"gallery-3-1535\" srcset=\"https:\/\/www.arquimaster.com.ar\/web\/wp-content\/uploads\/2013\/12\/file-67209_67209_finalista-150x150.jpg 150w, https:\/\/www.arquimaster.com.ar\/web\/wp-content\/uploads\/2013\/12\/file-67209_67209_finalista-50x50.jpg 50w, https:\/\/www.arquimaster.com.ar\/web\/wp-content\/uploads\/2013\/12\/file-67209_67209_finalista-125x125.jpg 125w\" sizes=\"auto, (max-width: 150px) 100vw, 150px\" \/><\/a>\n\t\t\t<\/div>\n\t\t\t\t<figcaption class='wp-caption-text gallery-caption' id='gallery-3-1535'>\n\t\t\t\tResultados de la 3\u00ba edicion de los Premios Is Arch (finalista)\n\t\t\t\t<\/figcaption><\/figure><figure class='gallery-item'>\n\t\t\t<div class='gallery-icon landscape'>\n\t\t\t\t<a href='https:\/\/www.arquimaster.com.ar\/web\/wp-content\/uploads\/2013\/12\/file-67251_67251_finalista.jpg' title=\"Resultados de la 3\u00ba edicion de los Premios Is Arch (finalista)\" data-rl_title=\"Resultados de la 3\u00ba edicion de los Premios Is Arch (finalista)\" class=\"rl-gallery-link\" data-rl_caption=\"Resultados de la 3\u00ba edicion de los Premios Is Arch (finalista)\" data-rel=\"lightbox-gallery-3\"><img loading=\"lazy\" decoding=\"async\" width=\"150\" height=\"150\" src=\"https:\/\/www.arquimaster.com.ar\/web\/wp-content\/uploads\/2013\/12\/file-67251_67251_finalista-150x150.jpg\" class=\"attachment-thumbnail size-thumbnail\" alt=\"\" aria-describedby=\"gallery-3-1536\" srcset=\"https:\/\/www.arquimaster.com.ar\/web\/wp-content\/uploads\/2013\/12\/file-67251_67251_finalista-150x150.jpg 150w, https:\/\/www.arquimaster.com.ar\/web\/wp-content\/uploads\/2013\/12\/file-67251_67251_finalista-50x50.jpg 50w, https:\/\/www.arquimaster.com.ar\/web\/wp-content\/uploads\/2013\/12\/file-67251_67251_finalista-125x125.jpg 125w\" sizes=\"auto, (max-width: 150px) 100vw, 150px\" \/><\/a>\n\t\t\t<\/div>\n\t\t\t\t<figcaption class='wp-caption-text gallery-caption' id='gallery-3-1536'>\n\t\t\t\tResultados de la 3\u00ba edicion de los Premios Is Arch (finalista)\n\t\t\t\t<\/figcaption><\/figure><figure class='gallery-item'>\n\t\t\t<div class='gallery-icon landscape'>\n\t\t\t\t<a href='https:\/\/www.arquimaster.com.ar\/web\/wp-content\/uploads\/2013\/12\/file-67506_67506_finalista.jpg' title=\"Resultados de la 3\u00ba edicion de los Premios Is Arch (finalista)\" data-rl_title=\"Resultados de la 3\u00ba edicion de los Premios Is Arch (finalista)\" class=\"rl-gallery-link\" data-rl_caption=\"Resultados de la 3\u00ba edicion de los Premios Is Arch (finalista)\" data-rel=\"lightbox-gallery-3\"><img loading=\"lazy\" decoding=\"async\" width=\"150\" height=\"150\" src=\"https:\/\/www.arquimaster.com.ar\/web\/wp-content\/uploads\/2013\/12\/file-67506_67506_finalista-150x150.jpg\" class=\"attachment-thumbnail size-thumbnail\" alt=\"\" aria-describedby=\"gallery-3-1537\" srcset=\"https:\/\/www.arquimaster.com.ar\/web\/wp-content\/uploads\/2013\/12\/file-67506_67506_finalista-150x150.jpg 150w, https:\/\/www.arquimaster.com.ar\/web\/wp-content\/uploads\/2013\/12\/file-67506_67506_finalista-50x50.jpg 50w, https:\/\/www.arquimaster.com.ar\/web\/wp-content\/uploads\/2013\/12\/file-67506_67506_finalista-125x125.jpg 125w\" sizes=\"auto, (max-width: 150px) 100vw, 150px\" \/><\/a>\n\t\t\t<\/div>\n\t\t\t\t<figcaption class='wp-caption-text gallery-caption' id='gallery-3-1537'>\n\t\t\t\tResultados de la 3\u00ba edicion de los Premios Is Arch (finalista)\n\t\t\t\t<\/figcaption><\/figure><figure class='gallery-item'>\n\t\t\t<div class='gallery-icon landscape'>\n\t\t\t\t<a href='https:\/\/www.arquimaster.com.ar\/web\/wp-content\/uploads\/2013\/12\/file-67702_67702_finalista.jpg' title=\"Resultados de la 3\u00ba edicion de los Premios Is Arch (finalista)\" data-rl_title=\"Resultados de la 3\u00ba edicion de los Premios Is Arch (finalista)\" class=\"rl-gallery-link\" data-rl_caption=\"Resultados de la 3\u00ba edicion de los Premios Is Arch (finalista)\" data-rel=\"lightbox-gallery-3\"><img loading=\"lazy\" decoding=\"async\" width=\"150\" height=\"150\" src=\"https:\/\/www.arquimaster.com.ar\/web\/wp-content\/uploads\/2013\/12\/file-67702_67702_finalista-150x150.jpg\" class=\"attachment-thumbnail size-thumbnail\" alt=\"\" aria-describedby=\"gallery-3-1538\" srcset=\"https:\/\/www.arquimaster.com.ar\/web\/wp-content\/uploads\/2013\/12\/file-67702_67702_finalista-150x150.jpg 150w, https:\/\/www.arquimaster.com.ar\/web\/wp-content\/uploads\/2013\/12\/file-67702_67702_finalista-50x50.jpg 50w, https:\/\/www.arquimaster.com.ar\/web\/wp-content\/uploads\/2013\/12\/file-67702_67702_finalista-125x125.jpg 125w\" sizes=\"auto, (max-width: 150px) 100vw, 150px\" \/><\/a>\n\t\t\t<\/div>\n\t\t\t\t<figcaption class='wp-caption-text gallery-caption' id='gallery-3-1538'>\n\t\t\t\tResultados de la 3\u00ba edicion de los Premios Is Arch (finalista)\n\t\t\t\t<\/figcaption><\/figure><figure class='gallery-item'>\n\t\t\t<div class='gallery-icon landscape'>\n\t\t\t\t<a href='https:\/\/www.arquimaster.com.ar\/web\/wp-content\/uploads\/2013\/12\/file-67793_67793_finalista.jpg' title=\"Resultados de la 3\u00ba edicion de los Premios Is Arch (finalista)\" data-rl_title=\"Resultados de la 3\u00ba edicion de los Premios Is Arch (finalista)\" class=\"rl-gallery-link\" data-rl_caption=\"Resultados de la 3\u00ba edicion de los Premios Is Arch (finalista)\" data-rel=\"lightbox-gallery-3\"><img loading=\"lazy\" decoding=\"async\" width=\"150\" height=\"150\" src=\"https:\/\/www.arquimaster.com.ar\/web\/wp-content\/uploads\/2013\/12\/file-67793_67793_finalista-150x150.jpg\" class=\"attachment-thumbnail size-thumbnail\" alt=\"\" aria-describedby=\"gallery-3-1539\" srcset=\"https:\/\/www.arquimaster.com.ar\/web\/wp-content\/uploads\/2013\/12\/file-67793_67793_finalista-150x150.jpg 150w, https:\/\/www.arquimaster.com.ar\/web\/wp-content\/uploads\/2013\/12\/file-67793_67793_finalista-50x50.jpg 50w, https:\/\/www.arquimaster.com.ar\/web\/wp-content\/uploads\/2013\/12\/file-67793_67793_finalista-125x125.jpg 125w\" sizes=\"auto, (max-width: 150px) 100vw, 150px\" \/><\/a>\n\t\t\t<\/div>\n\t\t\t\t<figcaption class='wp-caption-text gallery-caption' id='gallery-3-1539'>\n\t\t\t\tResultados de la 3\u00ba edicion de los Premios Is Arch (finalista)\n\t\t\t\t<\/figcaption><\/figure><figure class='gallery-item'>\n\t\t\t<div class='gallery-icon landscape'>\n\t\t\t\t<a href='https:\/\/www.arquimaster.com.ar\/web\/wp-content\/uploads\/2013\/12\/file-67841_67841_finalista.jpg' title=\"Resultados de la 3\u00ba edicion de los Premios Is Arch (finalista)\" data-rl_title=\"Resultados de la 3\u00ba edicion de los Premios Is Arch (finalista)\" class=\"rl-gallery-link\" data-rl_caption=\"Resultados de la 3\u00ba edicion de los Premios Is Arch (finalista)\" data-rel=\"lightbox-gallery-3\"><img loading=\"lazy\" decoding=\"async\" width=\"150\" height=\"150\" src=\"https:\/\/www.arquimaster.com.ar\/web\/wp-content\/uploads\/2013\/12\/file-67841_67841_finalista-150x150.jpg\" class=\"attachment-thumbnail size-thumbnail\" alt=\"\" aria-describedby=\"gallery-3-1540\" srcset=\"https:\/\/www.arquimaster.com.ar\/web\/wp-content\/uploads\/2013\/12\/file-67841_67841_finalista-150x150.jpg 150w, https:\/\/www.arquimaster.com.ar\/web\/wp-content\/uploads\/2013\/12\/file-67841_67841_finalista-50x50.jpg 50w, https:\/\/www.arquimaster.com.ar\/web\/wp-content\/uploads\/2013\/12\/file-67841_67841_finalista-125x125.jpg 125w\" sizes=\"auto, (max-width: 150px) 100vw, 150px\" \/><\/a>\n\t\t\t<\/div>\n\t\t\t\t<figcaption class='wp-caption-text gallery-caption' id='gallery-3-1540'>\n\t\t\t\tResultados de la 3\u00ba edicion de los Premios Is Arch (finalista)\n\t\t\t\t<\/figcaption><\/figure><figure class='gallery-item'>\n\t\t\t<div class='gallery-icon landscape'>\n\t\t\t\t<a href='https:\/\/www.arquimaster.com.ar\/web\/wp-content\/uploads\/2013\/12\/file-68005_68005_finalista.jpg' title=\"Resultados de la 3\u00ba edicion de los Premios Is Arch (finalista)\" data-rl_title=\"Resultados de la 3\u00ba edicion de los Premios Is Arch (finalista)\" class=\"rl-gallery-link\" data-rl_caption=\"Resultados de la 3\u00ba edicion de los Premios Is Arch (finalista)\" data-rel=\"lightbox-gallery-3\"><img loading=\"lazy\" decoding=\"async\" width=\"150\" height=\"150\" src=\"https:\/\/www.arquimaster.com.ar\/web\/wp-content\/uploads\/2013\/12\/file-68005_68005_finalista-150x150.jpg\" class=\"attachment-thumbnail size-thumbnail\" alt=\"\" aria-describedby=\"gallery-3-1541\" srcset=\"https:\/\/www.arquimaster.com.ar\/web\/wp-content\/uploads\/2013\/12\/file-68005_68005_finalista-150x150.jpg 150w, https:\/\/www.arquimaster.com.ar\/web\/wp-content\/uploads\/2013\/12\/file-68005_68005_finalista-50x50.jpg 50w, https:\/\/www.arquimaster.com.ar\/web\/wp-content\/uploads\/2013\/12\/file-68005_68005_finalista-125x125.jpg 125w\" sizes=\"auto, (max-width: 150px) 100vw, 150px\" \/><\/a>\n\t\t\t<\/div>\n\t\t\t\t<figcaption class='wp-caption-text gallery-caption' id='gallery-3-1541'>\n\t\t\t\tResultados de la 3\u00ba edicion de los Premios Is Arch (finalista)\n\t\t\t\t<\/figcaption><\/figure><figure class='gallery-item'>\n\t\t\t<div class='gallery-icon landscape'>\n\t\t\t\t<a href='https:\/\/www.arquimaster.com.ar\/web\/wp-content\/uploads\/2013\/12\/file-68041_68041_finalista.jpg' title=\"Resultados de la 3\u00ba edicion de los Premios Is Arch (finalista)\" data-rl_title=\"Resultados de la 3\u00ba edicion de los Premios Is Arch (finalista)\" class=\"rl-gallery-link\" data-rl_caption=\"Resultados de la 3\u00ba edicion de los Premios Is Arch (finalista)\" data-rel=\"lightbox-gallery-3\"><img loading=\"lazy\" decoding=\"async\" width=\"150\" height=\"150\" src=\"https:\/\/www.arquimaster.com.ar\/web\/wp-content\/uploads\/2013\/12\/file-68041_68041_finalista-150x150.jpg\" class=\"attachment-thumbnail size-thumbnail\" alt=\"\" aria-describedby=\"gallery-3-1542\" srcset=\"https:\/\/www.arquimaster.com.ar\/web\/wp-content\/uploads\/2013\/12\/file-68041_68041_finalista-150x150.jpg 150w, https:\/\/www.arquimaster.com.ar\/web\/wp-content\/uploads\/2013\/12\/file-68041_68041_finalista-50x50.jpg 50w, https:\/\/www.arquimaster.com.ar\/web\/wp-content\/uploads\/2013\/12\/file-68041_68041_finalista-125x125.jpg 125w\" sizes=\"auto, (max-width: 150px) 100vw, 150px\" \/><\/a>\n\t\t\t<\/div>\n\t\t\t\t<figcaption class='wp-caption-text gallery-caption' id='gallery-3-1542'>\n\t\t\t\tResultados de la 3\u00ba edicion de los Premios Is Arch (finalista)\n\t\t\t\t<\/figcaption><\/figure><figure class='gallery-item'>\n\t\t\t<div class='gallery-icon landscape'>\n\t\t\t\t<a href='https:\/\/www.arquimaster.com.ar\/web\/wp-content\/uploads\/2013\/12\/file-68461_68461_finalista.jpg' title=\"Resultados de la 3\u00ba edicion de los Premios Is Arch (finalista)\" data-rl_title=\"Resultados de la 3\u00ba edicion de los Premios Is Arch (finalista)\" class=\"rl-gallery-link\" data-rl_caption=\"Resultados de la 3\u00ba edicion de los Premios Is Arch (finalista)\" data-rel=\"lightbox-gallery-3\"><img loading=\"lazy\" decoding=\"async\" width=\"150\" height=\"150\" src=\"https:\/\/www.arquimaster.com.ar\/web\/wp-content\/uploads\/2013\/12\/file-68461_68461_finalista-150x150.jpg\" class=\"attachment-thumbnail size-thumbnail\" alt=\"\" aria-describedby=\"gallery-3-1543\" srcset=\"https:\/\/www.arquimaster.com.ar\/web\/wp-content\/uploads\/2013\/12\/file-68461_68461_finalista-150x150.jpg 150w, https:\/\/www.arquimaster.com.ar\/web\/wp-content\/uploads\/2013\/12\/file-68461_68461_finalista-50x50.jpg 50w, https:\/\/www.arquimaster.com.ar\/web\/wp-content\/uploads\/2013\/12\/file-68461_68461_finalista-125x125.jpg 125w\" sizes=\"auto, (max-width: 150px) 100vw, 150px\" \/><\/a>\n\t\t\t<\/div>\n\t\t\t\t<figcaption class='wp-caption-text gallery-caption' id='gallery-3-1543'>\n\t\t\t\tResultados de la 3\u00ba edicion de los Premios Is Arch (finalista)\n\t\t\t\t<\/figcaption><\/figure><figure class='gallery-item'>\n\t\t\t<div class='gallery-icon landscape'>\n\t\t\t\t<a href='https:\/\/www.arquimaster.com.ar\/web\/wp-content\/uploads\/2013\/12\/file-68494_68494_finalista.jpg' title=\"Resultados de la 3\u00ba edicion de los Premios Is Arch (finalista)\" data-rl_title=\"Resultados de la 3\u00ba edicion de los Premios Is Arch (finalista)\" class=\"rl-gallery-link\" data-rl_caption=\"Resultados de la 3\u00ba edicion de los Premios Is Arch (finalista)\" data-rel=\"lightbox-gallery-3\"><img loading=\"lazy\" decoding=\"async\" width=\"150\" height=\"150\" src=\"https:\/\/www.arquimaster.com.ar\/web\/wp-content\/uploads\/2013\/12\/file-68494_68494_finalista-150x150.jpg\" class=\"attachment-thumbnail size-thumbnail\" alt=\"\" aria-describedby=\"gallery-3-1544\" srcset=\"https:\/\/www.arquimaster.com.ar\/web\/wp-content\/uploads\/2013\/12\/file-68494_68494_finalista-150x150.jpg 150w, https:\/\/www.arquimaster.com.ar\/web\/wp-content\/uploads\/2013\/12\/file-68494_68494_finalista-50x50.jpg 50w, https:\/\/www.arquimaster.com.ar\/web\/wp-content\/uploads\/2013\/12\/file-68494_68494_finalista-125x125.jpg 125w\" sizes=\"auto, (max-width: 150px) 100vw, 150px\" \/><\/a>\n\t\t\t<\/div>\n\t\t\t\t<figcaption class='wp-caption-text gallery-caption' id='gallery-3-1544'>\n\t\t\t\tResultados de la 3\u00ba edicion de los Premios Is Arch (finalista)\n\t\t\t\t<\/figcaption><\/figure><figure class='gallery-item'>\n\t\t\t<div class='gallery-icon landscape'>\n\t\t\t\t<a href='https:\/\/www.arquimaster.com.ar\/web\/wp-content\/uploads\/2013\/12\/file-68552_68552_finalista.jpg' title=\"Resultados de la 3\u00ba edicion de los Premios Is Arch (finalista)\" data-rl_title=\"Resultados de la 3\u00ba edicion de los Premios Is Arch (finalista)\" class=\"rl-gallery-link\" data-rl_caption=\"Resultados de la 3\u00ba edicion de los Premios Is Arch (finalista)\" data-rel=\"lightbox-gallery-3\"><img loading=\"lazy\" decoding=\"async\" width=\"150\" height=\"150\" src=\"https:\/\/www.arquimaster.com.ar\/web\/wp-content\/uploads\/2013\/12\/file-68552_68552_finalista-150x150.jpg\" class=\"attachment-thumbnail size-thumbnail\" alt=\"\" aria-describedby=\"gallery-3-1545\" srcset=\"https:\/\/www.arquimaster.com.ar\/web\/wp-content\/uploads\/2013\/12\/file-68552_68552_finalista-150x150.jpg 150w, https:\/\/www.arquimaster.com.ar\/web\/wp-content\/uploads\/2013\/12\/file-68552_68552_finalista-50x50.jpg 50w, https:\/\/www.arquimaster.com.ar\/web\/wp-content\/uploads\/2013\/12\/file-68552_68552_finalista-125x125.jpg 125w\" sizes=\"auto, (max-width: 150px) 100vw, 150px\" \/><\/a>\n\t\t\t<\/div>\n\t\t\t\t<figcaption class='wp-caption-text gallery-caption' id='gallery-3-1545'>\n\t\t\t\tResultados de la 3\u00ba edicion de los Premios Is Arch (finalista)\n\t\t\t\t<\/figcaption><\/figure><figure class='gallery-item'>\n\t\t\t<div class='gallery-icon landscape'>\n\t\t\t\t<a href='https:\/\/www.arquimaster.com.ar\/web\/wp-content\/uploads\/2013\/12\/file-68673_68673_finalista.jpg' title=\"Resultados de la 3\u00ba edicion de los Premios Is Arch (finalista)\" data-rl_title=\"Resultados de la 3\u00ba edicion de los Premios Is Arch (finalista)\" class=\"rl-gallery-link\" data-rl_caption=\"Resultados de la 3\u00ba edicion de los Premios Is Arch (finalista)\" data-rel=\"lightbox-gallery-3\"><img loading=\"lazy\" decoding=\"async\" width=\"150\" height=\"150\" src=\"https:\/\/www.arquimaster.com.ar\/web\/wp-content\/uploads\/2013\/12\/file-68673_68673_finalista-150x150.jpg\" class=\"attachment-thumbnail size-thumbnail\" alt=\"\" aria-describedby=\"gallery-3-1546\" srcset=\"https:\/\/www.arquimaster.com.ar\/web\/wp-content\/uploads\/2013\/12\/file-68673_68673_finalista-150x150.jpg 150w, https:\/\/www.arquimaster.com.ar\/web\/wp-content\/uploads\/2013\/12\/file-68673_68673_finalista-50x50.jpg 50w, https:\/\/www.arquimaster.com.ar\/web\/wp-content\/uploads\/2013\/12\/file-68673_68673_finalista-125x125.jpg 125w\" sizes=\"auto, (max-width: 150px) 100vw, 150px\" \/><\/a>\n\t\t\t<\/div>\n\t\t\t\t<figcaption class='wp-caption-text gallery-caption' id='gallery-3-1546'>\n\t\t\t\tResultados de la 3\u00ba edicion de los Premios Is Arch (finalista)\n\t\t\t\t<\/figcaption><\/figure>\n\t\t<\/div>\n\n<p><strong>Is Arch<\/strong> agrade especialmente el apoyo dado por los <strong>partners oficiales<\/strong> como\u00a0HP Designjet, Plataforma Arquitectura, On Dise\u00f1o, 2G Digital from Gustavo Gili que han colaborado directamente en los premios. Asimismo agradece el apoyo dado tambi\u00e9n por Roca, ETSAB, Escofet, Arquitectura Beta, Revista 1:100, Yatzer, OCOACV, COAC, El Croquis, e-Architect, Diario Design, AAIMM, Metalocus, world-architects.com, worldarchitecture.org, Europaconcorsi, Arxiu.BAK, STGO, Arch20, Arch-Student, Blog de Concursos de Arquitectura, Taller al Cubo, Arquimaster, HIC &gt; Arquitectura, Re-City Magazine, q9magazine, Universidad de San Jorge, J\u00f3venes Arquitectos y Jovarq.<\/p>\n<p>Por otro lado, <strong>Is Arch<\/strong> comunica que se encuentra abierta la inscripci\u00f3n de la<strong> 4\u00ba Edici\u00f3n de los Premios Is Arch<\/strong> para Estudiantes de Arquitectura.<\/p>\n<p><strong>Ganadores<\/strong><\/p>\n<p><strong>1\u00ba Premio<\/strong><br \/>\nAna Bruto da Costa, Joana Gon\u00e7alves, Jo\u00e3o Moreira<br \/>\n<strong>Enclosing Landscape<\/strong><\/p>\n<p><strong>2\u00ba Premio<\/strong><br \/>\nKang Ji Ho, Shim Hun Yong, Hwang Ki Soo<br \/>\n<strong>Arch Frame<\/strong><\/p>\n<p><strong>3\u00ba Premio<\/strong><br \/>\nElena Capodarca, Luca Caroti<br \/>\n<strong>Helsinki Central Library<\/strong><\/p>\n<p><strong>Menciones de honor<\/strong><\/p>\n<p>Mircea Eni<br \/>\n<strong>A Silence in the City<\/strong><\/p>\n<p>Insu Kwak, Jeyoung Yoo<br \/>\n<strong>Existent Mirage<\/strong><\/p>\n<p>\u00d3scar Ruiz Nieto<br \/>\n<strong>Google Complex in Madrid<\/strong><\/p>\n<p>Paloma Hendel<br \/>\n<strong>Google Headquarters Berlin<\/strong><\/p>\n<p>Mircea Eni<br \/>\n<strong>Dense Atmosphere<\/strong><\/p>\n<p>Maryam Farnia, Oana Grecea, Vasiliki-Nefeli Lagoudaki, Dora Loncaric<br \/>\n<strong>Journey To The Center Of The Earth<\/strong><\/p>\n<p>Marta Kayser<br \/>\n<strong>Restaurant &amp; Restoration. Urban and landscape intervention<\/strong><\/p>\n<p>Loreto Moreno Gonzalez<br \/>\n<strong>Time Bank<\/strong><\/p>\n<p>Lucien Dumas<br \/>\n<strong>Wooden assembled lamp<\/strong><\/p>\n<p>Harry MX Wei, Han Guang Dong<br \/>\n<strong>YMBA-Microfactory<\/strong><\/p>\n<p><strong>Finalistas<\/strong><\/p>\n<p>Angela Juarranz, Eva Juarranz<br \/>\n<strong>Isla-Camposanto Fleves<\/strong><\/p>\n<p>Andrea Zecchetti, \u00a0Francesco Nobili<br \/>\n<strong>Symbiotic System_Italian mind-changing to regenerate modern urban archeology<\/strong><\/p>\n<p>Marinos Panagi<br \/>\n<strong>Mediterranean Pharos<\/strong><\/p>\n<p>Andr\u00e9s Salgado Henr\u00edquez<br \/>\n<strong>Pabell\u00f3n Navegable y Embarcadero Parque en Dalcahue, Chilo\u00e9<\/strong><\/p>\n<p>Sireen Ali, Tamara Hamad, Reem Thawabeh<br \/>\n<strong>Damiyah&#8217;s Humane Bridge<\/strong><\/p>\n<p>Luc\u00eda Bentu\u00e9 G\u00f6mez<br \/>\n<strong>Self-sufficient communities for dependent people in Turo de la Rovira, Barcelona<\/strong><\/p>\n<p>Filippo Calzavara, Sante Battistuzzo, Andrea Mattara<br \/>\n<strong>Common recycled Ground_sustainable urban regeneration of ex-Zanussi area in Conegliano<\/strong><\/p>\n<p>Judith Casas Say\u00f3s, Irene Garc\u00eda P\u00e9rez, David Mesa Cedillo, M\u00f3nica Sambade Mart\u00ednez<br \/>\n<strong>House of houses<\/strong><\/p>\n<p>Monika Tomin\u0161ek, Danica Sretenovi\u0107<br \/>\n<strong>Push up &#8211; Push down<\/strong><\/p>\n<p>Marta Ariza B\u00e9ixer<br \/>\n<strong>La Monumental is vandalised \/ An iconoclastic refurbishment project<\/strong><\/p>\n<p>Ilaria Egidi<br \/>\n<strong>Theatre for nature. A place for meditation (Lisbon, Portugal)<\/strong><\/p>\n<p>Borja Rodr\u00edguez Velasco<br \/>\n<strong>kidsmade<\/strong><\/p>\n<p>Illanes Maria Laura, Iribarne Wynne Santiago<br \/>\n<strong>Art Factory<\/strong><\/p>\n<p>Rocio Conesa S\u00e1nchez<br \/>\n<strong>Liter.Mercado<\/strong><\/p>\n<p>Alejandro Garcia Gadea<br \/>\n<strong>Post Oil Architecture. Los Angeles<\/strong><\/p>\n<p>Elisabet Lara Bocanegra<br \/>\n<strong>Biological Station In Do\u00f1ana&#8217;s Nature Reserve<\/strong><\/p>\n<p>Alejandro Vasquez Hirujo, Karen Maria Hane Santana<br \/>\n<strong>Saving and Renewable Energy &#8211; Zero Energy: Hybrid Housing<\/strong><\/p>\n<p>Jorge Martin Garcia<br \/>\n<strong>Terrain vagues 2.0<\/strong><\/p>\n<p>Roberto Foddai<br \/>\n<strong>Between urban and rural<\/strong><\/p>\n<p>Irene Ezquerra, Isabel Ib\u00e1\u00f1ez, Andrea Lusqui\u00f1os, Mar\u00eda N\u00fa\u00f1ez<br \/>\n<strong>Wicker Works. Redevelopment of Parque Alcosa neighbourhood through industrial ecology strategies<\/strong><\/p>\n<p>Jorge Rosel, Javier Beltran, Alvaro Gomez<br \/>\n<strong>Sewing Strips In Zaragoza<\/strong><\/p>\n<p>Edward Jes\u00fas Espinoza Coila<br \/>\n<strong>Jard\u00edn Bot\u00e1nico Del Chili<\/strong><\/p>\n<p>Ana Rodriguez San Jose<br \/>\n<strong>Luxury Hotel<\/strong><\/p>\n<p>Claudio Guerrieri<br \/>\n<strong>Centro per le Culture Contemporanee a Porta Portese<\/strong><\/p>\n<p>Sommacal Vanessa, Mossa Emilio, Guastamacchia Elena<br \/>\n<strong>Community Houses<\/strong><\/p>\n<p>Gkoumas Evangelos<br \/>\n<strong>Paths in History &#8211; Archaeological Promenade and Research center_Knossos, Heraklion, Crete<\/strong><\/p>\n<p>Sara Nobre<br \/>\n<strong>Cloister Patio Garden<\/strong><\/p>\n<p>Jorge Rosel<br \/>\n<strong>The New Look In Puerto De Santa Maria<\/strong><\/p>\n<p>Nerea Orenes Rodriguez<br \/>\n<strong>Walking The Way. History Museum In Troia<\/strong><\/p>\n<p>Giovanna Pittalis<br \/>\n<strong>Prototype of an intervention on a pavilion hospital: the Santissima Trinit\u00e0 in Cagliari, Italy<\/strong><\/p>\n\n<div style=\"font-size: 0px; height: 0px; line-height: 0px; margin: 0; padding: 0; clear: both;\"><\/div><div style=\"margin-top: 0px; margin-bottom: 0px;\" class=\"sharethis-inline-share-buttons\" ><\/div>","protected":false},"excerpt":{"rendered":"<p>Premios internacionales dirigidos a estudiantes de arquitectura&#8230;<\/p>\n","protected":false},"author":1,"featured_media":1502,"comment_status":"closed","ping_status":"closed","sticky":false,"template":"","format":"standard","meta":{"_uag_custom_page_level_css":"","footnotes":""},"categories":[68,119],"tags":[5,408,561,560],"class_list":["post-1499","post","type-post","status-publish","format-standard","has-post-thumbnail","hentry","category-novedades","category-resultados-concursos","tag-concursos","tag-estudiantes","tag-is-arch","tag-premios-is-arch","generate-columns","tablet-grid-50","mobile-grid-100","grid-parent","grid-50"],"yoast_head":"<!-- This site is optimized with the Yoast SEO plugin v27.3 - https:\/\/yoast.com\/product\/yoast-seo-wordpress\/ -->\n<title>Resultados de la 3\u00ba edicion de los Premios Is Arch - Arquimaster<\/title>\n<meta name=\"robots\" content=\"index, follow, max-snippet:-1, max-image-preview:large, max-video-preview:-1\" \/>\n<link rel=\"canonical\" href=\"https:\/\/www.arquimaster.com.ar\/web\/resultados-3-edicion-premios-is-arch\/\" \/>\n<meta property=\"og:locale\" content=\"es_ES\" \/>\n<meta property=\"og:type\" content=\"article\" \/>\n<meta property=\"og:title\" content=\"Resultados de la 3\u00ba edicion de los Premios Is Arch - Arquimaster\" \/>\n<meta property=\"og:description\" content=\"Premios internacionales dirigidos a estudiantes de arquitectura...\" \/>\n<meta property=\"og:url\" content=\"https:\/\/www.arquimaster.com.ar\/web\/resultados-3-edicion-premios-is-arch\/\" \/>\n<meta property=\"og:site_name\" content=\"Arquimaster\" \/>\n<meta property=\"article:publisher\" content=\"http:\/\/www.facebook.com\/ARQUIMASTER.com.ar\" \/>\n<meta property=\"article:published_time\" content=\"2013-12-29T23:57:59+00:00\" \/>\n<meta property=\"article:modified_time\" content=\"2026-03-29T20:38:21+00:00\" \/>\n<meta property=\"og:image\" content=\"https:\/\/www.arquimaster.com.ar\/web\/wp-content\/uploads\/2013\/12\/isarch_slide3.jpg\" \/>\n\t<meta property=\"og:image:width\" content=\"642\" \/>\n\t<meta property=\"og:image:height\" content=\"336\" \/>\n\t<meta property=\"og:image:type\" content=\"image\/jpeg\" \/>\n<meta name=\"author\" content=\"Arquimaster\" \/>\n<meta name=\"twitter:card\" content=\"summary_large_image\" \/>\n<meta name=\"twitter:creator\" content=\"@arquimaster\" \/>\n<meta name=\"twitter:site\" content=\"@arquimaster\" \/>\n<meta name=\"twitter:label1\" content=\"Escrito por\" \/>\n\t<meta name=\"twitter:data1\" content=\"Arquimaster\" \/>\n\t<meta name=\"twitter:label2\" content=\"Tiempo de lectura\" \/>\n\t<meta name=\"twitter:data2\" content=\"4 minutos\" \/>\n<script type=\"application\/ld+json\" class=\"yoast-schema-graph\">{\"@context\":\"https:\\\/\\\/schema.org\",\"@graph\":[{\"@type\":\"Article\",\"@id\":\"https:\\\/\\\/www.arquimaster.com.ar\\\/web\\\/resultados-3-edicion-premios-is-arch\\\/#article\",\"isPartOf\":{\"@id\":\"https:\\\/\\\/www.arquimaster.com.ar\\\/web\\\/resultados-3-edicion-premios-is-arch\\\/\"},\"author\":{\"name\":\"Arquimaster\",\"@id\":\"https:\\\/\\\/www.arquimaster.com.ar\\\/web\\\/#\\\/schema\\\/person\\\/359e9f7c00193fcde068e0dd2ceb0028\"},\"headline\":\"Resultados de la 3\u00ba edicion de los Premios Is Arch\",\"datePublished\":\"2013-12-29T23:57:59+00:00\",\"dateModified\":\"2026-03-29T20:38:21+00:00\",\"mainEntityOfPage\":{\"@id\":\"https:\\\/\\\/www.arquimaster.com.ar\\\/web\\\/resultados-3-edicion-premios-is-arch\\\/\"},\"wordCount\":832,\"publisher\":{\"@id\":\"https:\\\/\\\/www.arquimaster.com.ar\\\/web\\\/#organization\"},\"image\":{\"@id\":\"https:\\\/\\\/www.arquimaster.com.ar\\\/web\\\/resultados-3-edicion-premios-is-arch\\\/#primaryimage\"},\"thumbnailUrl\":\"https:\\\/\\\/www.arquimaster.com.ar\\\/web\\\/wp-content\\\/uploads\\\/2013\\\/12\\\/isarch_slide3.jpg\",\"keywords\":[\"concursos\",\"estudiantes\",\"Is Arch\",\"Premios Is Arch\"],\"articleSection\":[\"Novedades\",\"Resultados de concursos\"],\"inLanguage\":\"es\"},{\"@type\":\"WebPage\",\"@id\":\"https:\\\/\\\/www.arquimaster.com.ar\\\/web\\\/resultados-3-edicion-premios-is-arch\\\/\",\"url\":\"https:\\\/\\\/www.arquimaster.com.ar\\\/web\\\/resultados-3-edicion-premios-is-arch\\\/\",\"name\":\"Resultados de la 3\u00ba edicion de los Premios Is Arch - Arquimaster\",\"isPartOf\":{\"@id\":\"https:\\\/\\\/www.arquimaster.com.ar\\\/web\\\/#website\"},\"primaryImageOfPage\":{\"@id\":\"https:\\\/\\\/www.arquimaster.com.ar\\\/web\\\/resultados-3-edicion-premios-is-arch\\\/#primaryimage\"},\"image\":{\"@id\":\"https:\\\/\\\/www.arquimaster.com.ar\\\/web\\\/resultados-3-edicion-premios-is-arch\\\/#primaryimage\"},\"thumbnailUrl\":\"https:\\\/\\\/www.arquimaster.com.ar\\\/web\\\/wp-content\\\/uploads\\\/2013\\\/12\\\/isarch_slide3.jpg\",\"datePublished\":\"2013-12-29T23:57:59+00:00\",\"dateModified\":\"2026-03-29T20:38:21+00:00\",\"breadcrumb\":{\"@id\":\"https:\\\/\\\/www.arquimaster.com.ar\\\/web\\\/resultados-3-edicion-premios-is-arch\\\/#breadcrumb\"},\"inLanguage\":\"es\",\"potentialAction\":[{\"@type\":\"ReadAction\",\"target\":[\"https:\\\/\\\/www.arquimaster.com.ar\\\/web\\\/resultados-3-edicion-premios-is-arch\\\/\"]}]},{\"@type\":\"ImageObject\",\"inLanguage\":\"es\",\"@id\":\"https:\\\/\\\/www.arquimaster.com.ar\\\/web\\\/resultados-3-edicion-premios-is-arch\\\/#primaryimage\",\"url\":\"https:\\\/\\\/www.arquimaster.com.ar\\\/web\\\/wp-content\\\/uploads\\\/2013\\\/12\\\/isarch_slide3.jpg\",\"contentUrl\":\"https:\\\/\\\/www.arquimaster.com.ar\\\/web\\\/wp-content\\\/uploads\\\/2013\\\/12\\\/isarch_slide3.jpg\",\"width\":642,\"height\":336},{\"@type\":\"BreadcrumbList\",\"@id\":\"https:\\\/\\\/www.arquimaster.com.ar\\\/web\\\/resultados-3-edicion-premios-is-arch\\\/#breadcrumb\",\"itemListElement\":[{\"@type\":\"ListItem\",\"position\":1,\"name\":\"Portada\",\"item\":\"https:\\\/\\\/www.arquimaster.com.ar\\\/web\\\/\"},{\"@type\":\"ListItem\",\"position\":2,\"name\":\"Resultados de la 3\u00ba edicion de los Premios Is Arch\"}]},{\"@type\":\"WebSite\",\"@id\":\"https:\\\/\\\/www.arquimaster.com.ar\\\/web\\\/#website\",\"url\":\"https:\\\/\\\/www.arquimaster.com.ar\\\/web\\\/\",\"name\":\"Arquimaster\",\"description\":\"Web de arquitectura, dise\u00f1o y construccion\",\"publisher\":{\"@id\":\"https:\\\/\\\/www.arquimaster.com.ar\\\/web\\\/#organization\"},\"potentialAction\":[{\"@type\":\"SearchAction\",\"target\":{\"@type\":\"EntryPoint\",\"urlTemplate\":\"https:\\\/\\\/www.arquimaster.com.ar\\\/web\\\/?s={search_term_string}\"},\"query-input\":{\"@type\":\"PropertyValueSpecification\",\"valueRequired\":true,\"valueName\":\"search_term_string\"}}],\"inLanguage\":\"es\"},{\"@type\":\"Organization\",\"@id\":\"https:\\\/\\\/www.arquimaster.com.ar\\\/web\\\/#organization\",\"name\":\"Arquimaster\",\"url\":\"https:\\\/\\\/www.arquimaster.com.ar\\\/web\\\/\",\"logo\":{\"@type\":\"ImageObject\",\"inLanguage\":\"es\",\"@id\":\"https:\\\/\\\/www.arquimaster.com.ar\\\/web\\\/#\\\/schema\\\/logo\\\/image\\\/\",\"url\":\"https:\\\/\\\/www.arquimaster.com.ar\\\/web\\\/wp-content\\\/uploads\\\/2022\\\/06\\\/arquimaster.png\",\"contentUrl\":\"https:\\\/\\\/www.arquimaster.com.ar\\\/web\\\/wp-content\\\/uploads\\\/2022\\\/06\\\/arquimaster.png\",\"width\":594,\"height\":78,\"caption\":\"Arquimaster\"},\"image\":{\"@id\":\"https:\\\/\\\/www.arquimaster.com.ar\\\/web\\\/#\\\/schema\\\/logo\\\/image\\\/\"},\"sameAs\":[\"http:\\\/\\\/www.facebook.com\\\/ARQUIMASTER.com.ar\",\"https:\\\/\\\/x.com\\\/arquimaster\",\"https:\\\/\\\/www.instagram.com\\\/arquimasterblog\\\/\",\"https:\\\/\\\/www.linkedin.com\\\/company\\\/arquimaster\",\"https:\\\/\\\/www.pinterest.com\\\/arquimaster\",\"https:\\\/\\\/t.me\\\/arquimaster\"]},{\"@type\":\"Person\",\"@id\":\"https:\\\/\\\/www.arquimaster.com.ar\\\/web\\\/#\\\/schema\\\/person\\\/359e9f7c00193fcde068e0dd2ceb0028\",\"name\":\"Arquimaster\"}]}<\/script>\n<!-- \/ Yoast SEO plugin. -->","yoast_head_json":{"title":"Resultados de la 3\u00ba edicion de los Premios Is Arch - Arquimaster","robots":{"index":"index","follow":"follow","max-snippet":"max-snippet:-1","max-image-preview":"max-image-preview:large","max-video-preview":"max-video-preview:-1"},"canonical":"https:\/\/www.arquimaster.com.ar\/web\/resultados-3-edicion-premios-is-arch\/","og_locale":"es_ES","og_type":"article","og_title":"Resultados de la 3\u00ba edicion de los Premios Is Arch - Arquimaster","og_description":"Premios internacionales dirigidos a estudiantes de arquitectura...","og_url":"https:\/\/www.arquimaster.com.ar\/web\/resultados-3-edicion-premios-is-arch\/","og_site_name":"Arquimaster","article_publisher":"http:\/\/www.facebook.com\/ARQUIMASTER.com.ar","article_published_time":"2013-12-29T23:57:59+00:00","article_modified_time":"2026-03-29T20:38:21+00:00","og_image":[{"width":642,"height":336,"url":"https:\/\/www.arquimaster.com.ar\/web\/wp-content\/uploads\/2013\/12\/isarch_slide3.jpg","type":"image\/jpeg"}],"author":"Arquimaster","twitter_card":"summary_large_image","twitter_creator":"@arquimaster","twitter_site":"@arquimaster","twitter_misc":{"Escrito por":"Arquimaster","Tiempo de lectura":"4 minutos"},"schema":{"@context":"https:\/\/schema.org","@graph":[{"@type":"Article","@id":"https:\/\/www.arquimaster.com.ar\/web\/resultados-3-edicion-premios-is-arch\/#article","isPartOf":{"@id":"https:\/\/www.arquimaster.com.ar\/web\/resultados-3-edicion-premios-is-arch\/"},"author":{"name":"Arquimaster","@id":"https:\/\/www.arquimaster.com.ar\/web\/#\/schema\/person\/359e9f7c00193fcde068e0dd2ceb0028"},"headline":"Resultados de la 3\u00ba edicion de los Premios Is Arch","datePublished":"2013-12-29T23:57:59+00:00","dateModified":"2026-03-29T20:38:21+00:00","mainEntityOfPage":{"@id":"https:\/\/www.arquimaster.com.ar\/web\/resultados-3-edicion-premios-is-arch\/"},"wordCount":832,"publisher":{"@id":"https:\/\/www.arquimaster.com.ar\/web\/#organization"},"image":{"@id":"https:\/\/www.arquimaster.com.ar\/web\/resultados-3-edicion-premios-is-arch\/#primaryimage"},"thumbnailUrl":"https:\/\/www.arquimaster.com.ar\/web\/wp-content\/uploads\/2013\/12\/isarch_slide3.jpg","keywords":["concursos","estudiantes","Is Arch","Premios Is Arch"],"articleSection":["Novedades","Resultados de concursos"],"inLanguage":"es"},{"@type":"WebPage","@id":"https:\/\/www.arquimaster.com.ar\/web\/resultados-3-edicion-premios-is-arch\/","url":"https:\/\/www.arquimaster.com.ar\/web\/resultados-3-edicion-premios-is-arch\/","name":"Resultados de la 3\u00ba edicion de los Premios Is Arch - Arquimaster","isPartOf":{"@id":"https:\/\/www.arquimaster.com.ar\/web\/#website"},"primaryImageOfPage":{"@id":"https:\/\/www.arquimaster.com.ar\/web\/resultados-3-edicion-premios-is-arch\/#primaryimage"},"image":{"@id":"https:\/\/www.arquimaster.com.ar\/web\/resultados-3-edicion-premios-is-arch\/#primaryimage"},"thumbnailUrl":"https:\/\/www.arquimaster.com.ar\/web\/wp-content\/uploads\/2013\/12\/isarch_slide3.jpg","datePublished":"2013-12-29T23:57:59+00:00","dateModified":"2026-03-29T20:38:21+00:00","breadcrumb":{"@id":"https:\/\/www.arquimaster.com.ar\/web\/resultados-3-edicion-premios-is-arch\/#breadcrumb"},"inLanguage":"es","potentialAction":[{"@type":"ReadAction","target":["https:\/\/www.arquimaster.com.ar\/web\/resultados-3-edicion-premios-is-arch\/"]}]},{"@type":"ImageObject","inLanguage":"es","@id":"https:\/\/www.arquimaster.com.ar\/web\/resultados-3-edicion-premios-is-arch\/#primaryimage","url":"https:\/\/www.arquimaster.com.ar\/web\/wp-content\/uploads\/2013\/12\/isarch_slide3.jpg","contentUrl":"https:\/\/www.arquimaster.com.ar\/web\/wp-content\/uploads\/2013\/12\/isarch_slide3.jpg","width":642,"height":336},{"@type":"BreadcrumbList","@id":"https:\/\/www.arquimaster.com.ar\/web\/resultados-3-edicion-premios-is-arch\/#breadcrumb","itemListElement":[{"@type":"ListItem","position":1,"name":"Portada","item":"https:\/\/www.arquimaster.com.ar\/web\/"},{"@type":"ListItem","position":2,"name":"Resultados de la 3\u00ba edicion de los Premios Is Arch"}]},{"@type":"WebSite","@id":"https:\/\/www.arquimaster.com.ar\/web\/#website","url":"https:\/\/www.arquimaster.com.ar\/web\/","name":"Arquimaster","description":"Web de arquitectura, dise\u00f1o y construccion","publisher":{"@id":"https:\/\/www.arquimaster.com.ar\/web\/#organization"},"potentialAction":[{"@type":"SearchAction","target":{"@type":"EntryPoint","urlTemplate":"https:\/\/www.arquimaster.com.ar\/web\/?s={search_term_string}"},"query-input":{"@type":"PropertyValueSpecification","valueRequired":true,"valueName":"search_term_string"}}],"inLanguage":"es"},{"@type":"Organization","@id":"https:\/\/www.arquimaster.com.ar\/web\/#organization","name":"Arquimaster","url":"https:\/\/www.arquimaster.com.ar\/web\/","logo":{"@type":"ImageObject","inLanguage":"es","@id":"https:\/\/www.arquimaster.com.ar\/web\/#\/schema\/logo\/image\/","url":"https:\/\/www.arquimaster.com.ar\/web\/wp-content\/uploads\/2022\/06\/arquimaster.png","contentUrl":"https:\/\/www.arquimaster.com.ar\/web\/wp-content\/uploads\/2022\/06\/arquimaster.png","width":594,"height":78,"caption":"Arquimaster"},"image":{"@id":"https:\/\/www.arquimaster.com.ar\/web\/#\/schema\/logo\/image\/"},"sameAs":["http:\/\/www.facebook.com\/ARQUIMASTER.com.ar","https:\/\/x.com\/arquimaster","https:\/\/www.instagram.com\/arquimasterblog\/","https:\/\/www.linkedin.com\/company\/arquimaster","https:\/\/www.pinterest.com\/arquimaster","https:\/\/t.me\/arquimaster"]},{"@type":"Person","@id":"https:\/\/www.arquimaster.com.ar\/web\/#\/schema\/person\/359e9f7c00193fcde068e0dd2ceb0028","name":"Arquimaster"}]}},"uagb_featured_image_src":{"full":["https:\/\/www.arquimaster.com.ar\/web\/wp-content\/uploads\/2013\/12\/isarch_slide3.jpg",642,336,false],"thumbnail":["https:\/\/www.arquimaster.com.ar\/web\/wp-content\/uploads\/2013\/12\/isarch_slide3-150x150.jpg",150,150,true],"medium":["https:\/\/www.arquimaster.com.ar\/web\/wp-content\/uploads\/2013\/12\/isarch_slide3-300x157.jpg",300,157,true],"medium_large":["https:\/\/www.arquimaster.com.ar\/web\/wp-content\/uploads\/2013\/12\/isarch_slide3.jpg",642,336,false],"large":["https:\/\/www.arquimaster.com.ar\/web\/wp-content\/uploads\/2013\/12\/isarch_slide3.jpg",642,336,false],"1536x1536":["https:\/\/www.arquimaster.com.ar\/web\/wp-content\/uploads\/2013\/12\/isarch_slide3.jpg",642,336,false],"2048x2048":["https:\/\/www.arquimaster.com.ar\/web\/wp-content\/uploads\/2013\/12\/isarch_slide3.jpg",642,336,false]},"uagb_author_info":{"display_name":"Arquimaster","author_link":"https:\/\/www.arquimaster.com.ar\/web\/author\/arquimaster\/"},"uagb_comment_info":0,"uagb_excerpt":"Premios internacionales dirigidos a estudiantes de arquitectura...","_links":{"self":[{"href":"https:\/\/www.arquimaster.com.ar\/web\/wp-json\/wp\/v2\/posts\/1499","targetHints":{"allow":["GET"]}}],"collection":[{"href":"https:\/\/www.arquimaster.com.ar\/web\/wp-json\/wp\/v2\/posts"}],"about":[{"href":"https:\/\/www.arquimaster.com.ar\/web\/wp-json\/wp\/v2\/types\/post"}],"author":[{"embeddable":true,"href":"https:\/\/www.arquimaster.com.ar\/web\/wp-json\/wp\/v2\/users\/1"}],"replies":[{"embeddable":true,"href":"https:\/\/www.arquimaster.com.ar\/web\/wp-json\/wp\/v2\/comments?post=1499"}],"version-history":[{"count":1,"href":"https:\/\/www.arquimaster.com.ar\/web\/wp-json\/wp\/v2\/posts\/1499\/revisions"}],"predecessor-version":[{"id":88121,"href":"https:\/\/www.arquimaster.com.ar\/web\/wp-json\/wp\/v2\/posts\/1499\/revisions\/88121"}],"wp:featuredmedia":[{"embeddable":true,"href":"https:\/\/www.arquimaster.com.ar\/web\/wp-json\/wp\/v2\/media\/1502"}],"wp:attachment":[{"href":"https:\/\/www.arquimaster.com.ar\/web\/wp-json\/wp\/v2\/media?parent=1499"}],"wp:term":[{"taxonomy":"category","embeddable":true,"href":"https:\/\/www.arquimaster.com.ar\/web\/wp-json\/wp\/v2\/categories?post=1499"},{"taxonomy":"post_tag","embeddable":true,"href":"https:\/\/www.arquimaster.com.ar\/web\/wp-json\/wp\/v2\/tags?post=1499"}],"curies":[{"name":"wp","href":"https:\/\/api.w.org\/{rel}","templated":true}]}}