{"id":15099,"date":"2015-06-02T21:31:45","date_gmt":"2015-06-02T21:31:45","guid":{"rendered":"http:\/\/www.arquimaster.com.ar\/web\/?p=15099"},"modified":"2026-03-29T20:55:02","modified_gmt":"2026-03-29T23:55:02","slug":"intervencion-en-unidad-habitacional-santa-fe-belen-ludens","status":"publish","type":"post","link":"https:\/\/www.arquimaster.com.ar\/web\/intervencion-en-unidad-habitacional-santa-fe-belen-ludens\/","title":{"rendered":"Intervencion en Unidad Habitacional Santa Fe Bel\u00e9n \/ Ludens"},"content":{"rendered":"<div style=\"margin-top: 0px; margin-bottom: 0px;\" class=\"sharethis-inline-share-buttons\" ><\/div><div class=\"b812932af2e751442846f039925109de\" data-index=\"1\" style=\"float: none; margin:25px 0 25px 0; text-align:center;\">\n<script async src=\"https:\/\/pagead2.googlesyndication.com\/pagead\/js\/adsbygoogle.js\"><\/script>\r\n<!-- Arquimaster (superior) -->\r\n<ins class=\"adsbygoogle\"\r\n     style=\"display:block\"\r\n     data-ad-client=\"ca-pub-6351072698456832\"\r\n     data-ad-slot=\"6455489680\"\r\n     data-ad-format=\"auto\"\r\n     data-full-width-responsive=\"true\"><\/ins>\r\n<script>\r\n     (adsbygoogle = window.adsbygoogle || []).push({});\r\n<\/script>\n<\/div>\n<p><strong>Intervencion en Unidad Habitacional Santa Fe Bel\u00e9n<\/strong> (Ciudad de Mexico) por <strong>Ludens<\/strong>. La unidad habitacional cuyo espacio p\u00fablico se encuentra en una topograf\u00eda dr\u00e1sticamente accidentada y d\u00f3nde anteriormente con una escalera como \u00fanico eje que comunicaba por medio de veredas a cada uno de los edificios del complejo. Ludens plantea una intervenci\u00f3n de accesibilidad, que transforme un espacio exclusivo de circulaci\u00f3n funcional, a un espacio de sociabilidad e interacci\u00f3n.<\/p>\n<div id='gallery-1' class='gallery galleryid-15099 gallery-columns-3 gallery-size-thumbnail'><figure class='gallery-item'>\n\t\t\t<div class='gallery-icon landscape'>\n\t\t\t\t<a href='https:\/\/www.arquimaster.com.ar\/web\/wp-content\/uploads\/2015\/06\/uh_santa_fe1.jpg' title=\"Intervencion en Unidad Habitacional Santa Fe Bel\u00e9n \/ Ludens (\u00a9 Ang\u00e9lica Ibarra)\" data-rl_title=\"Intervencion en Unidad Habitacional Santa Fe Bel\u00e9n \/ Ludens (\u00a9 Ang\u00e9lica Ibarra)\" class=\"rl-gallery-link\" data-rl_caption=\"Intervencion en Unidad Habitacional Santa Fe Bel\u00e9n \/ Ludens (\u00a9 Ang\u00e9lica Ibarra)\" data-rel=\"lightbox-gallery-1\"><img loading=\"lazy\" decoding=\"async\" width=\"150\" height=\"150\" src=\"https:\/\/www.arquimaster.com.ar\/web\/wp-content\/uploads\/2015\/06\/uh_santa_fe1-150x150.jpg\" class=\"attachment-thumbnail size-thumbnail\" alt=\"\" aria-describedby=\"gallery-1-15118\" srcset=\"https:\/\/www.arquimaster.com.ar\/web\/wp-content\/uploads\/2015\/06\/uh_santa_fe1-150x150.jpg 150w, https:\/\/www.arquimaster.com.ar\/web\/wp-content\/uploads\/2015\/06\/uh_santa_fe1-50x50.jpg 50w, https:\/\/www.arquimaster.com.ar\/web\/wp-content\/uploads\/2015\/06\/uh_santa_fe1-125x125.jpg 125w\" sizes=\"auto, (max-width: 150px) 100vw, 150px\" \/><\/a>\n\t\t\t<\/div>\n\t\t\t\t<figcaption class='wp-caption-text gallery-caption' id='gallery-1-15118'>\n\t\t\t\tIntervencion en Unidad Habitacional Santa Fe Bel\u00e9n \/ Ludens (\u00a9 Ang\u00e9lica Ibarra)\n\t\t\t\t<\/figcaption><\/figure><figure class='gallery-item'>\n\t\t\t<div class='gallery-icon landscape'>\n\t\t\t\t<a href='https:\/\/www.arquimaster.com.ar\/web\/wp-content\/uploads\/2015\/06\/uh_santa_fe2.jpg' title=\"Intervencion en Unidad Habitacional Santa Fe Bel\u00e9n \/ Ludens (\u00a9 Ang\u00e9lica Ibarra)\" data-rl_title=\"Intervencion en Unidad Habitacional Santa Fe Bel\u00e9n \/ Ludens (\u00a9 Ang\u00e9lica Ibarra)\" class=\"rl-gallery-link\" data-rl_caption=\"Intervencion en Unidad Habitacional Santa Fe Bel\u00e9n \/ Ludens (\u00a9 Ang\u00e9lica Ibarra)\" data-rel=\"lightbox-gallery-1\"><img loading=\"lazy\" decoding=\"async\" width=\"150\" height=\"150\" src=\"https:\/\/www.arquimaster.com.ar\/web\/wp-content\/uploads\/2015\/06\/uh_santa_fe2-150x150.jpg\" class=\"attachment-thumbnail size-thumbnail\" alt=\"\" aria-describedby=\"gallery-1-15119\" srcset=\"https:\/\/www.arquimaster.com.ar\/web\/wp-content\/uploads\/2015\/06\/uh_santa_fe2-150x150.jpg 150w, https:\/\/www.arquimaster.com.ar\/web\/wp-content\/uploads\/2015\/06\/uh_santa_fe2-50x50.jpg 50w, https:\/\/www.arquimaster.com.ar\/web\/wp-content\/uploads\/2015\/06\/uh_santa_fe2-125x125.jpg 125w\" sizes=\"auto, (max-width: 150px) 100vw, 150px\" \/><\/a>\n\t\t\t<\/div>\n\t\t\t\t<figcaption class='wp-caption-text gallery-caption' id='gallery-1-15119'>\n\t\t\t\tIntervencion en Unidad Habitacional Santa Fe Bel\u00e9n \/ Ludens (\u00a9 Ang\u00e9lica Ibarra)\n\t\t\t\t<\/figcaption><\/figure><figure class='gallery-item'>\n\t\t\t<div class='gallery-icon landscape'>\n\t\t\t\t<a href='https:\/\/www.arquimaster.com.ar\/web\/wp-content\/uploads\/2015\/06\/uh_santa_fe3.jpg' title=\"Intervencion en Unidad Habitacional Santa Fe Bel\u00e9n \/ Ludens (\u00a9 Ang\u00e9lica Ibarra)\" data-rl_title=\"Intervencion en Unidad Habitacional Santa Fe Bel\u00e9n \/ Ludens (\u00a9 Ang\u00e9lica Ibarra)\" class=\"rl-gallery-link\" data-rl_caption=\"Intervencion en Unidad Habitacional Santa Fe Bel\u00e9n \/ Ludens (\u00a9 Ang\u00e9lica Ibarra)\" data-rel=\"lightbox-gallery-1\"><img loading=\"lazy\" decoding=\"async\" width=\"150\" height=\"150\" src=\"https:\/\/www.arquimaster.com.ar\/web\/wp-content\/uploads\/2015\/06\/uh_santa_fe3-150x150.jpg\" class=\"attachment-thumbnail size-thumbnail\" alt=\"\" aria-describedby=\"gallery-1-15120\" srcset=\"https:\/\/www.arquimaster.com.ar\/web\/wp-content\/uploads\/2015\/06\/uh_santa_fe3-150x150.jpg 150w, https:\/\/www.arquimaster.com.ar\/web\/wp-content\/uploads\/2015\/06\/uh_santa_fe3-50x50.jpg 50w, https:\/\/www.arquimaster.com.ar\/web\/wp-content\/uploads\/2015\/06\/uh_santa_fe3-125x125.jpg 125w\" sizes=\"auto, (max-width: 150px) 100vw, 150px\" \/><\/a>\n\t\t\t<\/div>\n\t\t\t\t<figcaption class='wp-caption-text gallery-caption' id='gallery-1-15120'>\n\t\t\t\tIntervencion en Unidad Habitacional Santa Fe Bel\u00e9n \/ Ludens (\u00a9 Ang\u00e9lica Ibarra)\n\t\t\t\t<\/figcaption><\/figure><figure class='gallery-item'>\n\t\t\t<div class='gallery-icon landscape'>\n\t\t\t\t<a href='https:\/\/www.arquimaster.com.ar\/web\/wp-content\/uploads\/2015\/06\/uh_santa_fe4.jpg' title=\"Intervencion en Unidad Habitacional Santa Fe Bel\u00e9n \/ Ludens (\u00a9 Ang\u00e9lica Ibarra)\" data-rl_title=\"Intervencion en Unidad Habitacional Santa Fe Bel\u00e9n \/ Ludens (\u00a9 Ang\u00e9lica Ibarra)\" class=\"rl-gallery-link\" data-rl_caption=\"Intervencion en Unidad Habitacional Santa Fe Bel\u00e9n \/ Ludens (\u00a9 Ang\u00e9lica Ibarra)\" data-rel=\"lightbox-gallery-1\"><img loading=\"lazy\" decoding=\"async\" width=\"150\" height=\"150\" src=\"https:\/\/www.arquimaster.com.ar\/web\/wp-content\/uploads\/2015\/06\/uh_santa_fe4-150x150.jpg\" class=\"attachment-thumbnail size-thumbnail\" alt=\"\" aria-describedby=\"gallery-1-15121\" srcset=\"https:\/\/www.arquimaster.com.ar\/web\/wp-content\/uploads\/2015\/06\/uh_santa_fe4-150x150.jpg 150w, https:\/\/www.arquimaster.com.ar\/web\/wp-content\/uploads\/2015\/06\/uh_santa_fe4-50x50.jpg 50w, https:\/\/www.arquimaster.com.ar\/web\/wp-content\/uploads\/2015\/06\/uh_santa_fe4-125x125.jpg 125w\" sizes=\"auto, (max-width: 150px) 100vw, 150px\" \/><\/a>\n\t\t\t<\/div>\n\t\t\t\t<figcaption class='wp-caption-text gallery-caption' id='gallery-1-15121'>\n\t\t\t\tIntervencion en Unidad Habitacional Santa Fe Bel\u00e9n \/ Ludens (\u00a9 Ang\u00e9lica Ibarra)\n\t\t\t\t<\/figcaption><\/figure><figure class='gallery-item'>\n\t\t\t<div class='gallery-icon landscape'>\n\t\t\t\t<a href='https:\/\/www.arquimaster.com.ar\/web\/wp-content\/uploads\/2015\/06\/uh_santa_fe5.jpg' title=\"Intervencion en Unidad Habitacional Santa Fe Bel\u00e9n \/ Ludens (\u00a9 Ang\u00e9lica Ibarra)\" data-rl_title=\"Intervencion en Unidad Habitacional Santa Fe Bel\u00e9n \/ Ludens (\u00a9 Ang\u00e9lica Ibarra)\" class=\"rl-gallery-link\" data-rl_caption=\"Intervencion en Unidad Habitacional Santa Fe Bel\u00e9n \/ Ludens (\u00a9 Ang\u00e9lica Ibarra)\" data-rel=\"lightbox-gallery-1\"><img loading=\"lazy\" decoding=\"async\" width=\"150\" height=\"150\" src=\"https:\/\/www.arquimaster.com.ar\/web\/wp-content\/uploads\/2015\/06\/uh_santa_fe5-150x150.jpg\" class=\"attachment-thumbnail size-thumbnail\" alt=\"\" aria-describedby=\"gallery-1-15122\" srcset=\"https:\/\/www.arquimaster.com.ar\/web\/wp-content\/uploads\/2015\/06\/uh_santa_fe5-150x150.jpg 150w, https:\/\/www.arquimaster.com.ar\/web\/wp-content\/uploads\/2015\/06\/uh_santa_fe5-50x50.jpg 50w, https:\/\/www.arquimaster.com.ar\/web\/wp-content\/uploads\/2015\/06\/uh_santa_fe5-125x125.jpg 125w\" sizes=\"auto, (max-width: 150px) 100vw, 150px\" \/><\/a>\n\t\t\t<\/div>\n\t\t\t\t<figcaption class='wp-caption-text gallery-caption' id='gallery-1-15122'>\n\t\t\t\tIntervencion en Unidad Habitacional Santa Fe Bel\u00e9n \/ Ludens (\u00a9 Ang\u00e9lica Ibarra)\n\t\t\t\t<\/figcaption><\/figure><figure class='gallery-item'>\n\t\t\t<div class='gallery-icon landscape'>\n\t\t\t\t<a href='https:\/\/www.arquimaster.com.ar\/web\/wp-content\/uploads\/2015\/06\/uh_santa_fe6.jpg' title=\"Intervencion en Unidad Habitacional Santa Fe Bel\u00e9n \/ Ludens (\u00a9 Ang\u00e9lica Ibarra)\" data-rl_title=\"Intervencion en Unidad Habitacional Santa Fe Bel\u00e9n \/ Ludens (\u00a9 Ang\u00e9lica Ibarra)\" class=\"rl-gallery-link\" data-rl_caption=\"Intervencion en Unidad Habitacional Santa Fe Bel\u00e9n \/ Ludens (\u00a9 Ang\u00e9lica Ibarra)\" data-rel=\"lightbox-gallery-1\"><img loading=\"lazy\" decoding=\"async\" width=\"150\" height=\"150\" src=\"https:\/\/www.arquimaster.com.ar\/web\/wp-content\/uploads\/2015\/06\/uh_santa_fe6-150x150.jpg\" class=\"attachment-thumbnail size-thumbnail\" alt=\"\" aria-describedby=\"gallery-1-15123\" srcset=\"https:\/\/www.arquimaster.com.ar\/web\/wp-content\/uploads\/2015\/06\/uh_santa_fe6-150x150.jpg 150w, https:\/\/www.arquimaster.com.ar\/web\/wp-content\/uploads\/2015\/06\/uh_santa_fe6-50x50.jpg 50w, https:\/\/www.arquimaster.com.ar\/web\/wp-content\/uploads\/2015\/06\/uh_santa_fe6-125x125.jpg 125w\" sizes=\"auto, (max-width: 150px) 100vw, 150px\" \/><\/a>\n\t\t\t<\/div>\n\t\t\t\t<figcaption class='wp-caption-text gallery-caption' id='gallery-1-15123'>\n\t\t\t\tIntervencion en Unidad Habitacional Santa Fe Bel\u00e9n \/ Ludens (\u00a9 Ang\u00e9lica Ibarra)\n\t\t\t\t<\/figcaption><\/figure><figure class='gallery-item'>\n\t\t\t<div class='gallery-icon landscape'>\n\t\t\t\t<a href='https:\/\/www.arquimaster.com.ar\/web\/wp-content\/uploads\/2015\/06\/uh_santa_fe7.jpg' title=\"Intervencion en Unidad Habitacional Santa Fe Bel\u00e9n \/ Ludens (\u00a9 Ang\u00e9lica Ibarra)\" data-rl_title=\"Intervencion en Unidad Habitacional Santa Fe Bel\u00e9n \/ Ludens (\u00a9 Ang\u00e9lica Ibarra)\" class=\"rl-gallery-link\" data-rl_caption=\"Intervencion en Unidad Habitacional Santa Fe Bel\u00e9n \/ Ludens (\u00a9 Ang\u00e9lica Ibarra)\" data-rel=\"lightbox-gallery-1\"><img loading=\"lazy\" decoding=\"async\" width=\"150\" height=\"150\" src=\"https:\/\/www.arquimaster.com.ar\/web\/wp-content\/uploads\/2015\/06\/uh_santa_fe7-150x150.jpg\" class=\"attachment-thumbnail size-thumbnail\" alt=\"\" aria-describedby=\"gallery-1-15124\" srcset=\"https:\/\/www.arquimaster.com.ar\/web\/wp-content\/uploads\/2015\/06\/uh_santa_fe7-150x150.jpg 150w, https:\/\/www.arquimaster.com.ar\/web\/wp-content\/uploads\/2015\/06\/uh_santa_fe7-50x50.jpg 50w, https:\/\/www.arquimaster.com.ar\/web\/wp-content\/uploads\/2015\/06\/uh_santa_fe7-125x125.jpg 125w\" sizes=\"auto, (max-width: 150px) 100vw, 150px\" \/><\/a>\n\t\t\t<\/div>\n\t\t\t\t<figcaption class='wp-caption-text gallery-caption' id='gallery-1-15124'>\n\t\t\t\tIntervencion en Unidad Habitacional Santa Fe Bel\u00e9n \/ Ludens (\u00a9 Ang\u00e9lica Ibarra)\n\t\t\t\t<\/figcaption><\/figure><figure class='gallery-item'>\n\t\t\t<div class='gallery-icon landscape'>\n\t\t\t\t<a href='https:\/\/www.arquimaster.com.ar\/web\/wp-content\/uploads\/2015\/06\/uh_santa_fe8.jpg' title=\"Intervencion en Unidad Habitacional Santa Fe Bel\u00e9n \/ Ludens (\u00a9 Ang\u00e9lica Ibarra)\" data-rl_title=\"Intervencion en Unidad Habitacional Santa Fe Bel\u00e9n \/ Ludens (\u00a9 Ang\u00e9lica Ibarra)\" class=\"rl-gallery-link\" data-rl_caption=\"Intervencion en Unidad Habitacional Santa Fe Bel\u00e9n \/ Ludens (\u00a9 Ang\u00e9lica Ibarra)\" data-rel=\"lightbox-gallery-1\"><img loading=\"lazy\" decoding=\"async\" width=\"150\" height=\"150\" src=\"https:\/\/www.arquimaster.com.ar\/web\/wp-content\/uploads\/2015\/06\/uh_santa_fe8-150x150.jpg\" class=\"attachment-thumbnail size-thumbnail\" alt=\"\" aria-describedby=\"gallery-1-15125\" srcset=\"https:\/\/www.arquimaster.com.ar\/web\/wp-content\/uploads\/2015\/06\/uh_santa_fe8-150x150.jpg 150w, https:\/\/www.arquimaster.com.ar\/web\/wp-content\/uploads\/2015\/06\/uh_santa_fe8-50x50.jpg 50w, https:\/\/www.arquimaster.com.ar\/web\/wp-content\/uploads\/2015\/06\/uh_santa_fe8-125x125.jpg 125w\" sizes=\"auto, (max-width: 150px) 100vw, 150px\" \/><\/a>\n\t\t\t<\/div>\n\t\t\t\t<figcaption class='wp-caption-text gallery-caption' id='gallery-1-15125'>\n\t\t\t\tIntervencion en Unidad Habitacional Santa Fe Bel\u00e9n \/ Ludens (\u00a9 Ang\u00e9lica Ibarra)\n\t\t\t\t<\/figcaption><\/figure><figure class='gallery-item'>\n\t\t\t<div class='gallery-icon landscape'>\n\t\t\t\t<a href='https:\/\/www.arquimaster.com.ar\/web\/wp-content\/uploads\/2015\/06\/uh_santa_fe9.jpg' title=\"Intervencion en Unidad Habitacional Santa Fe Bel\u00e9n \/ Ludens (\u00a9 Ang\u00e9lica Ibarra)\" data-rl_title=\"Intervencion en Unidad Habitacional Santa Fe Bel\u00e9n \/ Ludens (\u00a9 Ang\u00e9lica Ibarra)\" class=\"rl-gallery-link\" data-rl_caption=\"Intervencion en Unidad Habitacional Santa Fe Bel\u00e9n \/ Ludens (\u00a9 Ang\u00e9lica Ibarra)\" data-rel=\"lightbox-gallery-1\"><img loading=\"lazy\" decoding=\"async\" width=\"150\" height=\"150\" src=\"https:\/\/www.arquimaster.com.ar\/web\/wp-content\/uploads\/2015\/06\/uh_santa_fe9-150x150.jpg\" class=\"attachment-thumbnail size-thumbnail\" alt=\"\" aria-describedby=\"gallery-1-15126\" srcset=\"https:\/\/www.arquimaster.com.ar\/web\/wp-content\/uploads\/2015\/06\/uh_santa_fe9-150x150.jpg 150w, https:\/\/www.arquimaster.com.ar\/web\/wp-content\/uploads\/2015\/06\/uh_santa_fe9-50x50.jpg 50w, https:\/\/www.arquimaster.com.ar\/web\/wp-content\/uploads\/2015\/06\/uh_santa_fe9-125x125.jpg 125w\" sizes=\"auto, (max-width: 150px) 100vw, 150px\" \/><\/a>\n\t\t\t<\/div>\n\t\t\t\t<figcaption class='wp-caption-text gallery-caption' id='gallery-1-15126'>\n\t\t\t\tIntervencion en Unidad Habitacional Santa Fe Bel\u00e9n \/ Ludens (\u00a9 Ang\u00e9lica Ibarra)\n\t\t\t\t<\/figcaption><\/figure><figure class='gallery-item'>\n\t\t\t<div class='gallery-icon landscape'>\n\t\t\t\t<a href='https:\/\/www.arquimaster.com.ar\/web\/wp-content\/uploads\/2015\/06\/uh_santa_fe10.jpg' title=\"Intervencion en Unidad Habitacional Santa Fe Bel\u00e9n \/ Ludens (\u00a9 Ang\u00e9lica Ibarra)\" data-rl_title=\"Intervencion en Unidad Habitacional Santa Fe Bel\u00e9n \/ Ludens (\u00a9 Ang\u00e9lica Ibarra)\" class=\"rl-gallery-link\" data-rl_caption=\"Intervencion en Unidad Habitacional Santa Fe Bel\u00e9n \/ Ludens (\u00a9 Ang\u00e9lica Ibarra)\" data-rel=\"lightbox-gallery-1\"><img loading=\"lazy\" decoding=\"async\" width=\"150\" height=\"150\" src=\"https:\/\/www.arquimaster.com.ar\/web\/wp-content\/uploads\/2015\/06\/uh_santa_fe10-150x150.jpg\" class=\"attachment-thumbnail size-thumbnail\" alt=\"\" aria-describedby=\"gallery-1-15127\" srcset=\"https:\/\/www.arquimaster.com.ar\/web\/wp-content\/uploads\/2015\/06\/uh_santa_fe10-150x150.jpg 150w, https:\/\/www.arquimaster.com.ar\/web\/wp-content\/uploads\/2015\/06\/uh_santa_fe10-50x50.jpg 50w, https:\/\/www.arquimaster.com.ar\/web\/wp-content\/uploads\/2015\/06\/uh_santa_fe10-125x125.jpg 125w\" sizes=\"auto, (max-width: 150px) 100vw, 150px\" \/><\/a>\n\t\t\t<\/div>\n\t\t\t\t<figcaption class='wp-caption-text gallery-caption' id='gallery-1-15127'>\n\t\t\t\tIntervencion en Unidad Habitacional Santa Fe Bel\u00e9n \/ Ludens (\u00a9 Ang\u00e9lica Ibarra)\n\t\t\t\t<\/figcaption><\/figure><figure class='gallery-item'>\n\t\t\t<div class='gallery-icon landscape'>\n\t\t\t\t<a href='https:\/\/www.arquimaster.com.ar\/web\/wp-content\/uploads\/2015\/06\/uh_santa_fe11.jpg' title=\"Intervencion en Unidad Habitacional Santa Fe Bel\u00e9n \/ Ludens (\u00a9 Ang\u00e9lica Ibarra)\" data-rl_title=\"Intervencion en Unidad Habitacional Santa Fe Bel\u00e9n \/ Ludens (\u00a9 Ang\u00e9lica Ibarra)\" class=\"rl-gallery-link\" data-rl_caption=\"Intervencion en Unidad Habitacional Santa Fe Bel\u00e9n \/ Ludens (\u00a9 Ang\u00e9lica Ibarra)\" data-rel=\"lightbox-gallery-1\"><img loading=\"lazy\" decoding=\"async\" width=\"150\" height=\"150\" src=\"https:\/\/www.arquimaster.com.ar\/web\/wp-content\/uploads\/2015\/06\/uh_santa_fe11-150x150.jpg\" class=\"attachment-thumbnail size-thumbnail\" alt=\"\" aria-describedby=\"gallery-1-15128\" srcset=\"https:\/\/www.arquimaster.com.ar\/web\/wp-content\/uploads\/2015\/06\/uh_santa_fe11-150x150.jpg 150w, https:\/\/www.arquimaster.com.ar\/web\/wp-content\/uploads\/2015\/06\/uh_santa_fe11-50x50.jpg 50w, https:\/\/www.arquimaster.com.ar\/web\/wp-content\/uploads\/2015\/06\/uh_santa_fe11-125x125.jpg 125w\" sizes=\"auto, (max-width: 150px) 100vw, 150px\" \/><\/a>\n\t\t\t<\/div>\n\t\t\t\t<figcaption class='wp-caption-text gallery-caption' id='gallery-1-15128'>\n\t\t\t\tIntervencion en Unidad Habitacional Santa Fe Bel\u00e9n \/ Ludens (\u00a9 Ang\u00e9lica Ibarra)\n\t\t\t\t<\/figcaption><\/figure><figure class='gallery-item'>\n\t\t\t<div class='gallery-icon landscape'>\n\t\t\t\t<a href='https:\/\/www.arquimaster.com.ar\/web\/wp-content\/uploads\/2015\/06\/uh_santa_fe12.jpg' title=\"Intervencion en Unidad Habitacional Santa Fe Bel\u00e9n \/ Ludens (\u00a9 Ang\u00e9lica Ibarra)\" data-rl_title=\"Intervencion en Unidad Habitacional Santa Fe Bel\u00e9n \/ Ludens (\u00a9 Ang\u00e9lica Ibarra)\" class=\"rl-gallery-link\" data-rl_caption=\"Intervencion en Unidad Habitacional Santa Fe Bel\u00e9n \/ Ludens (\u00a9 Ang\u00e9lica Ibarra)\" data-rel=\"lightbox-gallery-1\"><img loading=\"lazy\" decoding=\"async\" width=\"150\" height=\"150\" src=\"https:\/\/www.arquimaster.com.ar\/web\/wp-content\/uploads\/2015\/06\/uh_santa_fe12-150x150.jpg\" class=\"attachment-thumbnail size-thumbnail\" alt=\"\" aria-describedby=\"gallery-1-15129\" srcset=\"https:\/\/www.arquimaster.com.ar\/web\/wp-content\/uploads\/2015\/06\/uh_santa_fe12-150x150.jpg 150w, https:\/\/www.arquimaster.com.ar\/web\/wp-content\/uploads\/2015\/06\/uh_santa_fe12-50x50.jpg 50w, https:\/\/www.arquimaster.com.ar\/web\/wp-content\/uploads\/2015\/06\/uh_santa_fe12-125x125.jpg 125w\" sizes=\"auto, (max-width: 150px) 100vw, 150px\" \/><\/a>\n\t\t\t<\/div>\n\t\t\t\t<figcaption class='wp-caption-text gallery-caption' id='gallery-1-15129'>\n\t\t\t\tIntervencion en Unidad Habitacional Santa Fe Bel\u00e9n \/ Ludens (\u00a9 Ang\u00e9lica Ibarra)\n\t\t\t\t<\/figcaption><\/figure><figure class='gallery-item'>\n\t\t\t<div class='gallery-icon landscape'>\n\t\t\t\t<a href='https:\/\/www.arquimaster.com.ar\/web\/wp-content\/uploads\/2015\/06\/uh_santa_fe13.jpg' title=\"Intervencion en Unidad Habitacional Santa Fe Bel\u00e9n \/ Ludens (\u00a9 Ang\u00e9lica Ibarra)\" data-rl_title=\"Intervencion en Unidad Habitacional Santa Fe Bel\u00e9n \/ Ludens (\u00a9 Ang\u00e9lica Ibarra)\" class=\"rl-gallery-link\" data-rl_caption=\"Intervencion en Unidad Habitacional Santa Fe Bel\u00e9n \/ Ludens (\u00a9 Ang\u00e9lica Ibarra)\" data-rel=\"lightbox-gallery-1\"><img loading=\"lazy\" decoding=\"async\" width=\"150\" height=\"150\" src=\"https:\/\/www.arquimaster.com.ar\/web\/wp-content\/uploads\/2015\/06\/uh_santa_fe13-150x150.jpg\" class=\"attachment-thumbnail size-thumbnail\" alt=\"\" aria-describedby=\"gallery-1-15130\" srcset=\"https:\/\/www.arquimaster.com.ar\/web\/wp-content\/uploads\/2015\/06\/uh_santa_fe13-150x150.jpg 150w, https:\/\/www.arquimaster.com.ar\/web\/wp-content\/uploads\/2015\/06\/uh_santa_fe13-50x50.jpg 50w, https:\/\/www.arquimaster.com.ar\/web\/wp-content\/uploads\/2015\/06\/uh_santa_fe13-125x125.jpg 125w\" sizes=\"auto, (max-width: 150px) 100vw, 150px\" \/><\/a>\n\t\t\t<\/div>\n\t\t\t\t<figcaption class='wp-caption-text gallery-caption' id='gallery-1-15130'>\n\t\t\t\tIntervencion en Unidad Habitacional Santa Fe Bel\u00e9n \/ Ludens (\u00a9 Ang\u00e9lica Ibarra)\n\t\t\t\t<\/figcaption><\/figure><figure class='gallery-item'>\n\t\t\t<div class='gallery-icon landscape'>\n\t\t\t\t<a href='https:\/\/www.arquimaster.com.ar\/web\/wp-content\/uploads\/2015\/06\/uh_santa_fe14.jpg' title=\"Intervencion en Unidad Habitacional Santa Fe Bel\u00e9n \/ Ludens (\u00a9 Ang\u00e9lica Ibarra)\" data-rl_title=\"Intervencion en Unidad Habitacional Santa Fe Bel\u00e9n \/ Ludens (\u00a9 Ang\u00e9lica Ibarra)\" class=\"rl-gallery-link\" data-rl_caption=\"Intervencion en Unidad Habitacional Santa Fe Bel\u00e9n \/ Ludens (\u00a9 Ang\u00e9lica Ibarra)\" data-rel=\"lightbox-gallery-1\"><img loading=\"lazy\" decoding=\"async\" width=\"150\" height=\"150\" src=\"https:\/\/www.arquimaster.com.ar\/web\/wp-content\/uploads\/2015\/06\/uh_santa_fe14-150x150.jpg\" class=\"attachment-thumbnail size-thumbnail\" alt=\"\" aria-describedby=\"gallery-1-15131\" srcset=\"https:\/\/www.arquimaster.com.ar\/web\/wp-content\/uploads\/2015\/06\/uh_santa_fe14-150x150.jpg 150w, https:\/\/www.arquimaster.com.ar\/web\/wp-content\/uploads\/2015\/06\/uh_santa_fe14-50x50.jpg 50w, https:\/\/www.arquimaster.com.ar\/web\/wp-content\/uploads\/2015\/06\/uh_santa_fe14-125x125.jpg 125w\" sizes=\"auto, (max-width: 150px) 100vw, 150px\" \/><\/a>\n\t\t\t<\/div>\n\t\t\t\t<figcaption class='wp-caption-text gallery-caption' id='gallery-1-15131'>\n\t\t\t\tIntervencion en Unidad Habitacional Santa Fe Bel\u00e9n \/ Ludens (\u00a9 Ang\u00e9lica Ibarra)\n\t\t\t\t<\/figcaption><\/figure><figure class='gallery-item'>\n\t\t\t<div class='gallery-icon landscape'>\n\t\t\t\t<a href='https:\/\/www.arquimaster.com.ar\/web\/wp-content\/uploads\/2015\/06\/uh_santa_fe15.jpg' title=\"Intervencion en Unidad Habitacional Santa Fe Bel\u00e9n \/ Ludens (\u00a9 Ang\u00e9lica Ibarra)\" data-rl_title=\"Intervencion en Unidad Habitacional Santa Fe Bel\u00e9n \/ Ludens (\u00a9 Ang\u00e9lica Ibarra)\" class=\"rl-gallery-link\" data-rl_caption=\"Intervencion en Unidad Habitacional Santa Fe Bel\u00e9n \/ Ludens (\u00a9 Ang\u00e9lica Ibarra)\" data-rel=\"lightbox-gallery-1\"><img loading=\"lazy\" decoding=\"async\" width=\"150\" height=\"150\" src=\"https:\/\/www.arquimaster.com.ar\/web\/wp-content\/uploads\/2015\/06\/uh_santa_fe15-150x150.jpg\" class=\"attachment-thumbnail size-thumbnail\" alt=\"\" aria-describedby=\"gallery-1-15132\" srcset=\"https:\/\/www.arquimaster.com.ar\/web\/wp-content\/uploads\/2015\/06\/uh_santa_fe15-150x150.jpg 150w, https:\/\/www.arquimaster.com.ar\/web\/wp-content\/uploads\/2015\/06\/uh_santa_fe15-50x50.jpg 50w, https:\/\/www.arquimaster.com.ar\/web\/wp-content\/uploads\/2015\/06\/uh_santa_fe15-125x125.jpg 125w\" sizes=\"auto, (max-width: 150px) 100vw, 150px\" \/><\/a>\n\t\t\t<\/div>\n\t\t\t\t<figcaption class='wp-caption-text gallery-caption' id='gallery-1-15132'>\n\t\t\t\tIntervencion en Unidad Habitacional Santa Fe Bel\u00e9n \/ Ludens (\u00a9 Ang\u00e9lica Ibarra)\n\t\t\t\t<\/figcaption><\/figure><figure class='gallery-item'>\n\t\t\t<div class='gallery-icon landscape'>\n\t\t\t\t<a href='https:\/\/www.arquimaster.com.ar\/web\/wp-content\/uploads\/2015\/06\/uh_santa_fe16.jpg' title=\"Intervencion en Unidad Habitacional Santa Fe Bel\u00e9n \/ Ludens (planta)\" data-rl_title=\"Intervencion en Unidad Habitacional Santa Fe Bel\u00e9n \/ Ludens (planta)\" class=\"rl-gallery-link\" data-rl_caption=\"Intervencion en Unidad Habitacional Santa Fe Bel\u00e9n \/ Ludens (planta)\" data-rel=\"lightbox-gallery-1\"><img loading=\"lazy\" decoding=\"async\" width=\"150\" height=\"150\" src=\"https:\/\/www.arquimaster.com.ar\/web\/wp-content\/uploads\/2015\/06\/uh_santa_fe16-150x150.jpg\" class=\"attachment-thumbnail size-thumbnail\" alt=\"\" aria-describedby=\"gallery-1-15116\" srcset=\"https:\/\/www.arquimaster.com.ar\/web\/wp-content\/uploads\/2015\/06\/uh_santa_fe16-150x150.jpg 150w, https:\/\/www.arquimaster.com.ar\/web\/wp-content\/uploads\/2015\/06\/uh_santa_fe16-50x50.jpg 50w, https:\/\/www.arquimaster.com.ar\/web\/wp-content\/uploads\/2015\/06\/uh_santa_fe16-125x125.jpg 125w\" sizes=\"auto, (max-width: 150px) 100vw, 150px\" \/><\/a>\n\t\t\t<\/div>\n\t\t\t\t<figcaption class='wp-caption-text gallery-caption' id='gallery-1-15116'>\n\t\t\t\tIntervencion en Unidad Habitacional Santa Fe Bel\u00e9n \/ Ludens (planta)\n\t\t\t\t<\/figcaption><\/figure><figure class='gallery-item'>\n\t\t\t<div class='gallery-icon landscape'>\n\t\t\t\t<a href='https:\/\/www.arquimaster.com.ar\/web\/wp-content\/uploads\/2015\/06\/uh_santa_fe17.jpg' title=\"Intervencion en Unidad Habitacional Santa Fe Bel\u00e9n \/ Ludens (planta)\" data-rl_title=\"Intervencion en Unidad Habitacional Santa Fe Bel\u00e9n \/ Ludens (planta)\" class=\"rl-gallery-link\" data-rl_caption=\"Intervencion en Unidad Habitacional Santa Fe Bel\u00e9n \/ Ludens (planta)\" data-rel=\"lightbox-gallery-1\"><img loading=\"lazy\" decoding=\"async\" width=\"150\" height=\"150\" src=\"https:\/\/www.arquimaster.com.ar\/web\/wp-content\/uploads\/2015\/06\/uh_santa_fe17-150x150.jpg\" class=\"attachment-thumbnail size-thumbnail\" alt=\"\" aria-describedby=\"gallery-1-15134\" srcset=\"https:\/\/www.arquimaster.com.ar\/web\/wp-content\/uploads\/2015\/06\/uh_santa_fe17-150x150.jpg 150w, https:\/\/www.arquimaster.com.ar\/web\/wp-content\/uploads\/2015\/06\/uh_santa_fe17-50x50.jpg 50w, https:\/\/www.arquimaster.com.ar\/web\/wp-content\/uploads\/2015\/06\/uh_santa_fe17-125x125.jpg 125w\" sizes=\"auto, (max-width: 150px) 100vw, 150px\" \/><\/a>\n\t\t\t<\/div>\n\t\t\t\t<figcaption class='wp-caption-text gallery-caption' id='gallery-1-15134'>\n\t\t\t\tIntervencion en Unidad Habitacional Santa Fe Bel\u00e9n \/ Ludens (planta)\n\t\t\t\t<\/figcaption><\/figure>\n\t\t<\/div>\n\n<p>A partir de la introducci\u00f3n de una serie de rampas que van zigzagueando la topograf\u00eda, se ofrece a los habitantes de la unidad un recorrido alterno mucho m\u00e1s amable. En cada punto que las rampas tocan la escalera existente, se genera una micro plaza, cada una equipada con distintos tipos de mobiliario pre-fabricado, para ir ofreciendo a trav\u00e9s del recorrido puntos de descanso.<\/p>\n<p>En la zona m\u00e1s plana del terreno, se establece una plaza central, que a partir de un pabell\u00f3n multiusos, equipado con gradas y tragaluces, ofrece a la comunidad un espacio de convivencia y de contemplaci\u00f3n al paisaje. Como parte de la plaza central, tambi\u00e9n se establece una zona de juegos en donde nuevamente la vista del paisaje juega un papel primordial.<\/p>\n<p>Entre rampas y escaleras \u00a0se generan micro plazas y miradores que vestibulan. El paisaje, tratado con plantas rastreras que facilitan el mantenimiento del \u00e1rea al mismo tiempo que genere un tapete verde, que contraste con las zonas de circulaci\u00f3n y descanso.<\/p>\n<p>Arboles con troncos lineales se colocan entre rampas para ofrecer una lectura de profundidad a partir de ellos como puntos de referencia.<\/p>\n<p>La iluminaci\u00f3n se cambia de tres postes de calle con iluminaci\u00f3n general a una distribuci\u00f3n mucho m\u00e1s constante y repetitiva para ofrecer un ambiente m\u00e1s generoso a la escala humana.<\/p>\n<p>As\u00ed, lo que en un momento fue un trayecto lineal a partir de una escalera con m\u00e1s de veinti\u00fan metros de diferencia en altura del punto m\u00e1s bajo al punto m\u00e1s alto, se transforma ahora en un recorrido que permite ir disfrutando del paisaje, ir descansando en puntos estrat\u00e9gicos, e ir interactuando de diferentes maneras con el resto de la comunidad que vive en el conjunto.<\/p>\n<p><strong>Ficha tecnica<\/strong><br \/>\nNombre: Intervencion en Unidad Habitacional Santa Fe Bel\u00e9n<br \/>\nUbicaci\u00f3n: M\u00e9xico DF<br \/>\nOficina: Ludens<br \/>\nArquitecto: Iv\u00e1n Hern\u00e1ndez<br \/>\nEquipo de Dise\u00f1o: Yoshio Fukumori, Antonio Garc\u00eda, Juan V\u00e1zquez<br \/>\nCliente: Infonavit<br \/>\nConstructor: Omesa<br \/>\nMobiliario: Briefcase<br \/>\nDise\u00f1o Estructural: Juan Felipe Heredia DAE<br \/>\nTipolog\u00eda: Espacio Abierto<br \/>\nSuperficie: 1778 m2<br \/>\nA\u00f1o: 2015<br \/>\nFotograf\u00eda: Ang\u00e9lica Ibarra<\/p>\n\n<div style=\"font-size: 0px; height: 0px; line-height: 0px; margin: 0; padding: 0; clear: both;\"><\/div><div style=\"margin-top: 0px; margin-bottom: 0px;\" class=\"sharethis-inline-share-buttons\" ><\/div>","protected":false},"excerpt":{"rendered":"<p>Intervenci\u00f3n de accesibilidad que transforma el lugar en un espacio de sociabilidad e interacci\u00f3n&#8230;<\/p>\n","protected":false},"author":1,"featured_media":15100,"comment_status":"closed","ping_status":"closed","sticky":false,"template":"","format":"standard","meta":{"_uag_custom_page_level_css":"","footnotes":""},"categories":[77,1,713],"tags":[489,3255,250,399,1126,2096,1300,1298],"class_list":["post-15099","post","type-post","status-publish","format-standard","has-post-thumbnail","hentry","category-arquitectura-paisaje","category-proyecto","category-proyectos-urbanos","tag-arquitectura-del-paisaje","tag-briefcase","tag-ciudad-de-mexico","tag-espacio-publico","tag-espacio-urbano","tag-intervenciones-urbanas","tag-ivan-hernandez","tag-ludens","generate-columns","tablet-grid-50","mobile-grid-100","grid-parent","grid-50"],"yoast_head":"<!-- This site is optimized with the Yoast SEO plugin v27.3 - https:\/\/yoast.com\/product\/yoast-seo-wordpress\/ -->\n<title>Intervencion en Unidad Habitacional Santa Fe Bel\u00e9n \/ Ludens - Arquimaster<\/title>\n<meta name=\"robots\" content=\"index, follow, max-snippet:-1, max-image-preview:large, max-video-preview:-1\" \/>\n<link rel=\"canonical\" href=\"https:\/\/www.arquimaster.com.ar\/web\/intervencion-en-unidad-habitacional-santa-fe-belen-ludens\/\" \/>\n<meta property=\"og:locale\" content=\"es_ES\" \/>\n<meta property=\"og:type\" content=\"article\" \/>\n<meta property=\"og:title\" content=\"Intervencion en Unidad Habitacional Santa Fe Bel\u00e9n \/ Ludens - Arquimaster\" \/>\n<meta property=\"og:description\" content=\"Intervenci\u00f3n de accesibilidad que transforma el lugar en un espacio de sociabilidad e interacci\u00f3n...\" \/>\n<meta property=\"og:url\" content=\"https:\/\/www.arquimaster.com.ar\/web\/intervencion-en-unidad-habitacional-santa-fe-belen-ludens\/\" \/>\n<meta property=\"og:site_name\" content=\"Arquimaster\" \/>\n<meta property=\"article:publisher\" content=\"http:\/\/www.facebook.com\/ARQUIMASTER.com.ar\" \/>\n<meta property=\"article:published_time\" content=\"2015-06-02T21:31:45+00:00\" \/>\n<meta property=\"article:modified_time\" content=\"2026-03-29T23:55:02+00:00\" \/>\n<meta property=\"og:image\" content=\"https:\/\/www.arquimaster.com.ar\/web\/wp-content\/uploads\/2015\/06\/uh_santa_fe_slide.jpg\" \/>\n\t<meta property=\"og:image:width\" content=\"642\" \/>\n\t<meta property=\"og:image:height\" content=\"336\" \/>\n\t<meta property=\"og:image:type\" content=\"image\/jpeg\" \/>\n<meta name=\"author\" content=\"Arquimaster\" \/>\n<meta name=\"twitter:card\" content=\"summary_large_image\" \/>\n<meta name=\"twitter:creator\" content=\"@arquimaster\" \/>\n<meta name=\"twitter:site\" content=\"@arquimaster\" \/>\n<meta name=\"twitter:label1\" content=\"Escrito por\" \/>\n\t<meta name=\"twitter:data1\" content=\"Arquimaster\" \/>\n\t<meta name=\"twitter:label2\" content=\"Tiempo de lectura\" \/>\n\t<meta name=\"twitter:data2\" content=\"3 minutos\" \/>\n<script type=\"application\/ld+json\" class=\"yoast-schema-graph\">{\"@context\":\"https:\\\/\\\/schema.org\",\"@graph\":[{\"@type\":\"Article\",\"@id\":\"https:\\\/\\\/www.arquimaster.com.ar\\\/web\\\/intervencion-en-unidad-habitacional-santa-fe-belen-ludens\\\/#article\",\"isPartOf\":{\"@id\":\"https:\\\/\\\/www.arquimaster.com.ar\\\/web\\\/intervencion-en-unidad-habitacional-santa-fe-belen-ludens\\\/\"},\"author\":{\"name\":\"Arquimaster\",\"@id\":\"https:\\\/\\\/www.arquimaster.com.ar\\\/web\\\/#\\\/schema\\\/person\\\/359e9f7c00193fcde068e0dd2ceb0028\"},\"headline\":\"Intervencion en Unidad Habitacional Santa Fe Bel\u00e9n \\\/ Ludens\",\"datePublished\":\"2015-06-02T21:31:45+00:00\",\"dateModified\":\"2026-03-29T23:55:02+00:00\",\"mainEntityOfPage\":{\"@id\":\"https:\\\/\\\/www.arquimaster.com.ar\\\/web\\\/intervencion-en-unidad-habitacional-santa-fe-belen-ludens\\\/\"},\"wordCount\":453,\"publisher\":{\"@id\":\"https:\\\/\\\/www.arquimaster.com.ar\\\/web\\\/#organization\"},\"image\":{\"@id\":\"https:\\\/\\\/www.arquimaster.com.ar\\\/web\\\/intervencion-en-unidad-habitacional-santa-fe-belen-ludens\\\/#primaryimage\"},\"thumbnailUrl\":\"https:\\\/\\\/www.arquimaster.com.ar\\\/web\\\/wp-content\\\/uploads\\\/2015\\\/06\\\/uh_santa_fe_slide.jpg\",\"keywords\":[\"arquitectura del paisaje\",\"Briefcase\",\"Ciudad de Mexico\",\"espacio p\u00fablico\",\"espacio urbano\",\"intervenciones urbanas\",\"Iv\u00e1n Hern\u00e1ndez\",\"Ludens\"],\"articleSection\":[\"Arquitectura del paisaje\",\"Proyecto\",\"Proyectos urbanos\"],\"inLanguage\":\"es\"},{\"@type\":\"WebPage\",\"@id\":\"https:\\\/\\\/www.arquimaster.com.ar\\\/web\\\/intervencion-en-unidad-habitacional-santa-fe-belen-ludens\\\/\",\"url\":\"https:\\\/\\\/www.arquimaster.com.ar\\\/web\\\/intervencion-en-unidad-habitacional-santa-fe-belen-ludens\\\/\",\"name\":\"Intervencion en Unidad Habitacional Santa Fe Bel\u00e9n \\\/ Ludens - Arquimaster\",\"isPartOf\":{\"@id\":\"https:\\\/\\\/www.arquimaster.com.ar\\\/web\\\/#website\"},\"primaryImageOfPage\":{\"@id\":\"https:\\\/\\\/www.arquimaster.com.ar\\\/web\\\/intervencion-en-unidad-habitacional-santa-fe-belen-ludens\\\/#primaryimage\"},\"image\":{\"@id\":\"https:\\\/\\\/www.arquimaster.com.ar\\\/web\\\/intervencion-en-unidad-habitacional-santa-fe-belen-ludens\\\/#primaryimage\"},\"thumbnailUrl\":\"https:\\\/\\\/www.arquimaster.com.ar\\\/web\\\/wp-content\\\/uploads\\\/2015\\\/06\\\/uh_santa_fe_slide.jpg\",\"datePublished\":\"2015-06-02T21:31:45+00:00\",\"dateModified\":\"2026-03-29T23:55:02+00:00\",\"breadcrumb\":{\"@id\":\"https:\\\/\\\/www.arquimaster.com.ar\\\/web\\\/intervencion-en-unidad-habitacional-santa-fe-belen-ludens\\\/#breadcrumb\"},\"inLanguage\":\"es\",\"potentialAction\":[{\"@type\":\"ReadAction\",\"target\":[\"https:\\\/\\\/www.arquimaster.com.ar\\\/web\\\/intervencion-en-unidad-habitacional-santa-fe-belen-ludens\\\/\"]}]},{\"@type\":\"ImageObject\",\"inLanguage\":\"es\",\"@id\":\"https:\\\/\\\/www.arquimaster.com.ar\\\/web\\\/intervencion-en-unidad-habitacional-santa-fe-belen-ludens\\\/#primaryimage\",\"url\":\"https:\\\/\\\/www.arquimaster.com.ar\\\/web\\\/wp-content\\\/uploads\\\/2015\\\/06\\\/uh_santa_fe_slide.jpg\",\"contentUrl\":\"https:\\\/\\\/www.arquimaster.com.ar\\\/web\\\/wp-content\\\/uploads\\\/2015\\\/06\\\/uh_santa_fe_slide.jpg\",\"width\":642,\"height\":336},{\"@type\":\"BreadcrumbList\",\"@id\":\"https:\\\/\\\/www.arquimaster.com.ar\\\/web\\\/intervencion-en-unidad-habitacional-santa-fe-belen-ludens\\\/#breadcrumb\",\"itemListElement\":[{\"@type\":\"ListItem\",\"position\":1,\"name\":\"Portada\",\"item\":\"https:\\\/\\\/www.arquimaster.com.ar\\\/web\\\/\"},{\"@type\":\"ListItem\",\"position\":2,\"name\":\"Intervencion en Unidad Habitacional Santa Fe Bel\u00e9n \\\/ Ludens\"}]},{\"@type\":\"WebSite\",\"@id\":\"https:\\\/\\\/www.arquimaster.com.ar\\\/web\\\/#website\",\"url\":\"https:\\\/\\\/www.arquimaster.com.ar\\\/web\\\/\",\"name\":\"Arquimaster\",\"description\":\"Web de arquitectura, dise\u00f1o y construccion\",\"publisher\":{\"@id\":\"https:\\\/\\\/www.arquimaster.com.ar\\\/web\\\/#organization\"},\"potentialAction\":[{\"@type\":\"SearchAction\",\"target\":{\"@type\":\"EntryPoint\",\"urlTemplate\":\"https:\\\/\\\/www.arquimaster.com.ar\\\/web\\\/?s={search_term_string}\"},\"query-input\":{\"@type\":\"PropertyValueSpecification\",\"valueRequired\":true,\"valueName\":\"search_term_string\"}}],\"inLanguage\":\"es\"},{\"@type\":\"Organization\",\"@id\":\"https:\\\/\\\/www.arquimaster.com.ar\\\/web\\\/#organization\",\"name\":\"Arquimaster\",\"url\":\"https:\\\/\\\/www.arquimaster.com.ar\\\/web\\\/\",\"logo\":{\"@type\":\"ImageObject\",\"inLanguage\":\"es\",\"@id\":\"https:\\\/\\\/www.arquimaster.com.ar\\\/web\\\/#\\\/schema\\\/logo\\\/image\\\/\",\"url\":\"https:\\\/\\\/www.arquimaster.com.ar\\\/web\\\/wp-content\\\/uploads\\\/2022\\\/06\\\/arquimaster.png\",\"contentUrl\":\"https:\\\/\\\/www.arquimaster.com.ar\\\/web\\\/wp-content\\\/uploads\\\/2022\\\/06\\\/arquimaster.png\",\"width\":594,\"height\":78,\"caption\":\"Arquimaster\"},\"image\":{\"@id\":\"https:\\\/\\\/www.arquimaster.com.ar\\\/web\\\/#\\\/schema\\\/logo\\\/image\\\/\"},\"sameAs\":[\"http:\\\/\\\/www.facebook.com\\\/ARQUIMASTER.com.ar\",\"https:\\\/\\\/x.com\\\/arquimaster\",\"https:\\\/\\\/www.instagram.com\\\/arquimasterblog\\\/\",\"https:\\\/\\\/www.linkedin.com\\\/company\\\/arquimaster\",\"https:\\\/\\\/www.pinterest.com\\\/arquimaster\",\"https:\\\/\\\/t.me\\\/arquimaster\"]},{\"@type\":\"Person\",\"@id\":\"https:\\\/\\\/www.arquimaster.com.ar\\\/web\\\/#\\\/schema\\\/person\\\/359e9f7c00193fcde068e0dd2ceb0028\",\"name\":\"Arquimaster\"}]}<\/script>\n<!-- \/ Yoast SEO plugin. -->","yoast_head_json":{"title":"Intervencion en Unidad Habitacional Santa Fe Bel\u00e9n \/ Ludens - Arquimaster","robots":{"index":"index","follow":"follow","max-snippet":"max-snippet:-1","max-image-preview":"max-image-preview:large","max-video-preview":"max-video-preview:-1"},"canonical":"https:\/\/www.arquimaster.com.ar\/web\/intervencion-en-unidad-habitacional-santa-fe-belen-ludens\/","og_locale":"es_ES","og_type":"article","og_title":"Intervencion en Unidad Habitacional Santa Fe Bel\u00e9n \/ Ludens - Arquimaster","og_description":"Intervenci\u00f3n de accesibilidad que transforma el lugar en un espacio de sociabilidad e interacci\u00f3n...","og_url":"https:\/\/www.arquimaster.com.ar\/web\/intervencion-en-unidad-habitacional-santa-fe-belen-ludens\/","og_site_name":"Arquimaster","article_publisher":"http:\/\/www.facebook.com\/ARQUIMASTER.com.ar","article_published_time":"2015-06-02T21:31:45+00:00","article_modified_time":"2026-03-29T23:55:02+00:00","og_image":[{"width":642,"height":336,"url":"https:\/\/www.arquimaster.com.ar\/web\/wp-content\/uploads\/2015\/06\/uh_santa_fe_slide.jpg","type":"image\/jpeg"}],"author":"Arquimaster","twitter_card":"summary_large_image","twitter_creator":"@arquimaster","twitter_site":"@arquimaster","twitter_misc":{"Escrito por":"Arquimaster","Tiempo de lectura":"3 minutos"},"schema":{"@context":"https:\/\/schema.org","@graph":[{"@type":"Article","@id":"https:\/\/www.arquimaster.com.ar\/web\/intervencion-en-unidad-habitacional-santa-fe-belen-ludens\/#article","isPartOf":{"@id":"https:\/\/www.arquimaster.com.ar\/web\/intervencion-en-unidad-habitacional-santa-fe-belen-ludens\/"},"author":{"name":"Arquimaster","@id":"https:\/\/www.arquimaster.com.ar\/web\/#\/schema\/person\/359e9f7c00193fcde068e0dd2ceb0028"},"headline":"Intervencion en Unidad Habitacional Santa Fe Bel\u00e9n \/ Ludens","datePublished":"2015-06-02T21:31:45+00:00","dateModified":"2026-03-29T23:55:02+00:00","mainEntityOfPage":{"@id":"https:\/\/www.arquimaster.com.ar\/web\/intervencion-en-unidad-habitacional-santa-fe-belen-ludens\/"},"wordCount":453,"publisher":{"@id":"https:\/\/www.arquimaster.com.ar\/web\/#organization"},"image":{"@id":"https:\/\/www.arquimaster.com.ar\/web\/intervencion-en-unidad-habitacional-santa-fe-belen-ludens\/#primaryimage"},"thumbnailUrl":"https:\/\/www.arquimaster.com.ar\/web\/wp-content\/uploads\/2015\/06\/uh_santa_fe_slide.jpg","keywords":["arquitectura del paisaje","Briefcase","Ciudad de Mexico","espacio p\u00fablico","espacio urbano","intervenciones urbanas","Iv\u00e1n Hern\u00e1ndez","Ludens"],"articleSection":["Arquitectura del paisaje","Proyecto","Proyectos urbanos"],"inLanguage":"es"},{"@type":"WebPage","@id":"https:\/\/www.arquimaster.com.ar\/web\/intervencion-en-unidad-habitacional-santa-fe-belen-ludens\/","url":"https:\/\/www.arquimaster.com.ar\/web\/intervencion-en-unidad-habitacional-santa-fe-belen-ludens\/","name":"Intervencion en Unidad Habitacional Santa Fe Bel\u00e9n \/ Ludens - Arquimaster","isPartOf":{"@id":"https:\/\/www.arquimaster.com.ar\/web\/#website"},"primaryImageOfPage":{"@id":"https:\/\/www.arquimaster.com.ar\/web\/intervencion-en-unidad-habitacional-santa-fe-belen-ludens\/#primaryimage"},"image":{"@id":"https:\/\/www.arquimaster.com.ar\/web\/intervencion-en-unidad-habitacional-santa-fe-belen-ludens\/#primaryimage"},"thumbnailUrl":"https:\/\/www.arquimaster.com.ar\/web\/wp-content\/uploads\/2015\/06\/uh_santa_fe_slide.jpg","datePublished":"2015-06-02T21:31:45+00:00","dateModified":"2026-03-29T23:55:02+00:00","breadcrumb":{"@id":"https:\/\/www.arquimaster.com.ar\/web\/intervencion-en-unidad-habitacional-santa-fe-belen-ludens\/#breadcrumb"},"inLanguage":"es","potentialAction":[{"@type":"ReadAction","target":["https:\/\/www.arquimaster.com.ar\/web\/intervencion-en-unidad-habitacional-santa-fe-belen-ludens\/"]}]},{"@type":"ImageObject","inLanguage":"es","@id":"https:\/\/www.arquimaster.com.ar\/web\/intervencion-en-unidad-habitacional-santa-fe-belen-ludens\/#primaryimage","url":"https:\/\/www.arquimaster.com.ar\/web\/wp-content\/uploads\/2015\/06\/uh_santa_fe_slide.jpg","contentUrl":"https:\/\/www.arquimaster.com.ar\/web\/wp-content\/uploads\/2015\/06\/uh_santa_fe_slide.jpg","width":642,"height":336},{"@type":"BreadcrumbList","@id":"https:\/\/www.arquimaster.com.ar\/web\/intervencion-en-unidad-habitacional-santa-fe-belen-ludens\/#breadcrumb","itemListElement":[{"@type":"ListItem","position":1,"name":"Portada","item":"https:\/\/www.arquimaster.com.ar\/web\/"},{"@type":"ListItem","position":2,"name":"Intervencion en Unidad Habitacional Santa Fe Bel\u00e9n \/ Ludens"}]},{"@type":"WebSite","@id":"https:\/\/www.arquimaster.com.ar\/web\/#website","url":"https:\/\/www.arquimaster.com.ar\/web\/","name":"Arquimaster","description":"Web de arquitectura, dise\u00f1o y construccion","publisher":{"@id":"https:\/\/www.arquimaster.com.ar\/web\/#organization"},"potentialAction":[{"@type":"SearchAction","target":{"@type":"EntryPoint","urlTemplate":"https:\/\/www.arquimaster.com.ar\/web\/?s={search_term_string}"},"query-input":{"@type":"PropertyValueSpecification","valueRequired":true,"valueName":"search_term_string"}}],"inLanguage":"es"},{"@type":"Organization","@id":"https:\/\/www.arquimaster.com.ar\/web\/#organization","name":"Arquimaster","url":"https:\/\/www.arquimaster.com.ar\/web\/","logo":{"@type":"ImageObject","inLanguage":"es","@id":"https:\/\/www.arquimaster.com.ar\/web\/#\/schema\/logo\/image\/","url":"https:\/\/www.arquimaster.com.ar\/web\/wp-content\/uploads\/2022\/06\/arquimaster.png","contentUrl":"https:\/\/www.arquimaster.com.ar\/web\/wp-content\/uploads\/2022\/06\/arquimaster.png","width":594,"height":78,"caption":"Arquimaster"},"image":{"@id":"https:\/\/www.arquimaster.com.ar\/web\/#\/schema\/logo\/image\/"},"sameAs":["http:\/\/www.facebook.com\/ARQUIMASTER.com.ar","https:\/\/x.com\/arquimaster","https:\/\/www.instagram.com\/arquimasterblog\/","https:\/\/www.linkedin.com\/company\/arquimaster","https:\/\/www.pinterest.com\/arquimaster","https:\/\/t.me\/arquimaster"]},{"@type":"Person","@id":"https:\/\/www.arquimaster.com.ar\/web\/#\/schema\/person\/359e9f7c00193fcde068e0dd2ceb0028","name":"Arquimaster"}]}},"uagb_featured_image_src":{"full":["https:\/\/www.arquimaster.com.ar\/web\/wp-content\/uploads\/2015\/06\/uh_santa_fe_slide.jpg",642,336,false],"thumbnail":["https:\/\/www.arquimaster.com.ar\/web\/wp-content\/uploads\/2015\/06\/uh_santa_fe_slide-150x150.jpg",150,150,true],"medium":["https:\/\/www.arquimaster.com.ar\/web\/wp-content\/uploads\/2015\/06\/uh_santa_fe_slide.jpg",642,336,false],"medium_large":["https:\/\/www.arquimaster.com.ar\/web\/wp-content\/uploads\/2015\/06\/uh_santa_fe_slide.jpg",642,336,false],"large":["https:\/\/www.arquimaster.com.ar\/web\/wp-content\/uploads\/2015\/06\/uh_santa_fe_slide.jpg",642,336,false],"1536x1536":["https:\/\/www.arquimaster.com.ar\/web\/wp-content\/uploads\/2015\/06\/uh_santa_fe_slide.jpg",642,336,false],"2048x2048":["https:\/\/www.arquimaster.com.ar\/web\/wp-content\/uploads\/2015\/06\/uh_santa_fe_slide.jpg",642,336,false]},"uagb_author_info":{"display_name":"Arquimaster","author_link":"https:\/\/www.arquimaster.com.ar\/web\/author\/arquimaster\/"},"uagb_comment_info":0,"uagb_excerpt":"Intervenci\u00f3n de accesibilidad que transforma el lugar en un espacio de sociabilidad e interacci\u00f3n...","_links":{"self":[{"href":"https:\/\/www.arquimaster.com.ar\/web\/wp-json\/wp\/v2\/posts\/15099","targetHints":{"allow":["GET"]}}],"collection":[{"href":"https:\/\/www.arquimaster.com.ar\/web\/wp-json\/wp\/v2\/posts"}],"about":[{"href":"https:\/\/www.arquimaster.com.ar\/web\/wp-json\/wp\/v2\/types\/post"}],"author":[{"embeddable":true,"href":"https:\/\/www.arquimaster.com.ar\/web\/wp-json\/wp\/v2\/users\/1"}],"replies":[{"embeddable":true,"href":"https:\/\/www.arquimaster.com.ar\/web\/wp-json\/wp\/v2\/comments?post=15099"}],"version-history":[{"count":1,"href":"https:\/\/www.arquimaster.com.ar\/web\/wp-json\/wp\/v2\/posts\/15099\/revisions"}],"predecessor-version":[{"id":88271,"href":"https:\/\/www.arquimaster.com.ar\/web\/wp-json\/wp\/v2\/posts\/15099\/revisions\/88271"}],"wp:featuredmedia":[{"embeddable":true,"href":"https:\/\/www.arquimaster.com.ar\/web\/wp-json\/wp\/v2\/media\/15100"}],"wp:attachment":[{"href":"https:\/\/www.arquimaster.com.ar\/web\/wp-json\/wp\/v2\/media?parent=15099"}],"wp:term":[{"taxonomy":"category","embeddable":true,"href":"https:\/\/www.arquimaster.com.ar\/web\/wp-json\/wp\/v2\/categories?post=15099"},{"taxonomy":"post_tag","embeddable":true,"href":"https:\/\/www.arquimaster.com.ar\/web\/wp-json\/wp\/v2\/tags?post=15099"}],"curies":[{"name":"wp","href":"https:\/\/api.w.org\/{rel}","templated":true}]}}