{"id":15587,"date":"2015-04-10T15:00:06","date_gmt":"2015-04-10T15:00:06","guid":{"rendered":"http:\/\/www.arquimaster.com.ar\/web\/?p=15587"},"modified":"2025-10-29T18:59:12","modified_gmt":"2025-10-29T21:59:12","slug":"la-bienal-internacional-de-arquitectura-de-buenos-aires-cumple-30-anos","status":"publish","type":"post","link":"https:\/\/www.arquimaster.com.ar\/web\/la-bienal-internacional-de-arquitectura-de-buenos-aires-cumple-30-anos\/","title":{"rendered":"La Bienal Internacional de Arquitectura de Buenos Aires cumple 30 a\u00f1os"},"content":{"rendered":"<div style=\"margin-top: 0px; margin-bottom: 0px;\" class=\"sharethis-inline-share-buttons\" ><\/div><div class=\"b812932af2e751442846f039925109de\" data-index=\"1\" style=\"float: none; margin:25px 0 25px 0; text-align:center;\">\n<script async src=\"https:\/\/pagead2.googlesyndication.com\/pagead\/js\/adsbygoogle.js\"><\/script>\r\n<!-- Arquimaster (superior) -->\r\n<ins class=\"adsbygoogle\"\r\n     style=\"display:block\"\r\n     data-ad-client=\"ca-pub-6351072698456832\"\r\n     data-ad-slot=\"6455489680\"\r\n     data-ad-format=\"auto\"\r\n     data-full-width-responsive=\"true\"><\/ins>\r\n<script>\r\n     (adsbygoogle = window.adsbygoogle || []).push({});\r\n<\/script>\n<\/div>\n<p><em><strong>Entre el 5 y 27 de septiembre de 2015 se llevara a cabo la XV Bienal Internacional de Arquitectura de Buenos Aires BA15, celebrando su 30 aniversario. El Arq. Carlos Sallaberry, director de la BienalBA15 y organizador junto con Pichon Rivi\u00e8re &amp; Diaz Bobillo Consultores -PR&amp;DB-, adelanta novedades sobre este emblem\u00e1tico evento en su quinceava edici\u00f3n. Han confirmado asistencia una veintena de conferencistas de renombre como los titulares del estudio BIG -el alem\u00e1n Kai Uwe Bergmann- y del estudio COOP HIMMELB(L)AU -el austr\u00edaco Wolf Prix-, as\u00ed como el dan\u00e9s Jan Gehl y C\u00e9sar Pelli. Durante la semana de conferencias de la BienalBA15 del 8 al 11 de septiembre, participar\u00e1n cerca de 50 profesionales de proyecci\u00f3n internacional.<\/strong><\/em><\/p>\n<div id='gallery-1' class='gallery galleryid-15587 gallery-columns-3 gallery-size-thumbnail'><figure class='gallery-item'>\n\t\t\t<div class='gallery-icon landscape'>\n\t\t\t\t<a href='https:\/\/www.arquimaster.com.ar\/web\/wp-content\/uploads\/2015\/06\/bienal_ba_2015_1.jpg' title=\"La Bienal Internacional de Arquitectura de Buenos Aires cumple 30 a\u00f1os\" data-rl_title=\"La Bienal Internacional de Arquitectura de Buenos Aires cumple 30 a\u00f1os\" class=\"rl-gallery-link\" data-rl_caption=\"La Bienal Internacional de Arquitectura de Buenos Aires cumple 30 a\u00f1os\" data-rel=\"lightbox-gallery-1\"><img loading=\"lazy\" decoding=\"async\" width=\"150\" height=\"150\" src=\"https:\/\/www.arquimaster.com.ar\/web\/wp-content\/uploads\/2015\/06\/bienal_ba_2015_1-150x150.jpg\" class=\"attachment-thumbnail size-thumbnail\" alt=\"\" aria-describedby=\"gallery-1-15589\" srcset=\"https:\/\/www.arquimaster.com.ar\/web\/wp-content\/uploads\/2015\/06\/bienal_ba_2015_1-150x150.jpg 150w, https:\/\/www.arquimaster.com.ar\/web\/wp-content\/uploads\/2015\/06\/bienal_ba_2015_1-50x50.jpg 50w, https:\/\/www.arquimaster.com.ar\/web\/wp-content\/uploads\/2015\/06\/bienal_ba_2015_1-125x125.jpg 125w\" sizes=\"auto, (max-width: 150px) 100vw, 150px\" \/><\/a>\n\t\t\t<\/div>\n\t\t\t\t<figcaption class='wp-caption-text gallery-caption' id='gallery-1-15589'>\n\t\t\t\tLa Bienal Internacional de Arquitectura de Buenos Aires cumple 30 a\u00f1os\n\t\t\t\t<\/figcaption><\/figure><figure class='gallery-item'>\n\t\t\t<div class='gallery-icon landscape'>\n\t\t\t\t<a href='https:\/\/www.arquimaster.com.ar\/web\/wp-content\/uploads\/2015\/06\/bienal_ba_2015_2.jpg' title=\"La Bienal Internacional de Arquitectura de Buenos Aires cumple 30 a\u00f1os\" data-rl_title=\"La Bienal Internacional de Arquitectura de Buenos Aires cumple 30 a\u00f1os\" class=\"rl-gallery-link\" data-rl_caption=\"La Bienal Internacional de Arquitectura de Buenos Aires cumple 30 a\u00f1os\" data-rel=\"lightbox-gallery-1\"><img loading=\"lazy\" decoding=\"async\" width=\"150\" height=\"150\" src=\"https:\/\/www.arquimaster.com.ar\/web\/wp-content\/uploads\/2015\/06\/bienal_ba_2015_2-150x150.jpg\" class=\"attachment-thumbnail size-thumbnail\" alt=\"\" aria-describedby=\"gallery-1-15590\" srcset=\"https:\/\/www.arquimaster.com.ar\/web\/wp-content\/uploads\/2015\/06\/bienal_ba_2015_2-150x150.jpg 150w, https:\/\/www.arquimaster.com.ar\/web\/wp-content\/uploads\/2015\/06\/bienal_ba_2015_2-50x50.jpg 50w, https:\/\/www.arquimaster.com.ar\/web\/wp-content\/uploads\/2015\/06\/bienal_ba_2015_2-125x125.jpg 125w\" sizes=\"auto, (max-width: 150px) 100vw, 150px\" \/><\/a>\n\t\t\t<\/div>\n\t\t\t\t<figcaption class='wp-caption-text gallery-caption' id='gallery-1-15590'>\n\t\t\t\tLa Bienal Internacional de Arquitectura de Buenos Aires cumple 30 a\u00f1os\n\t\t\t\t<\/figcaption><\/figure><figure class='gallery-item'>\n\t\t\t<div class='gallery-icon landscape'>\n\t\t\t\t<a href='https:\/\/www.arquimaster.com.ar\/web\/wp-content\/uploads\/2015\/06\/bienal_ba_2015_3.jpg' title=\"La Bienal Internacional de Arquitectura de Buenos Aires cumple 30 a\u00f1os\" data-rl_title=\"La Bienal Internacional de Arquitectura de Buenos Aires cumple 30 a\u00f1os\" class=\"rl-gallery-link\" data-rl_caption=\"La Bienal Internacional de Arquitectura de Buenos Aires cumple 30 a\u00f1os\" data-rel=\"lightbox-gallery-1\"><img loading=\"lazy\" decoding=\"async\" width=\"150\" height=\"150\" src=\"https:\/\/www.arquimaster.com.ar\/web\/wp-content\/uploads\/2015\/06\/bienal_ba_2015_3-150x150.jpg\" class=\"attachment-thumbnail size-thumbnail\" alt=\"\" aria-describedby=\"gallery-1-15591\" srcset=\"https:\/\/www.arquimaster.com.ar\/web\/wp-content\/uploads\/2015\/06\/bienal_ba_2015_3-150x150.jpg 150w, https:\/\/www.arquimaster.com.ar\/web\/wp-content\/uploads\/2015\/06\/bienal_ba_2015_3-50x50.jpg 50w, https:\/\/www.arquimaster.com.ar\/web\/wp-content\/uploads\/2015\/06\/bienal_ba_2015_3-125x125.jpg 125w\" sizes=\"auto, (max-width: 150px) 100vw, 150px\" \/><\/a>\n\t\t\t<\/div>\n\t\t\t\t<figcaption class='wp-caption-text gallery-caption' id='gallery-1-15591'>\n\t\t\t\tLa Bienal Internacional de Arquitectura de Buenos Aires cumple 30 a\u00f1os\n\t\t\t\t<\/figcaption><\/figure><figure class='gallery-item'>\n\t\t\t<div class='gallery-icon landscape'>\n\t\t\t\t<a href='https:\/\/www.arquimaster.com.ar\/web\/wp-content\/uploads\/2015\/06\/bienal_ba_2015_4.jpg' title=\"La Bienal Internacional de Arquitectura de Buenos Aires cumple 30 a\u00f1os\" data-rl_title=\"La Bienal Internacional de Arquitectura de Buenos Aires cumple 30 a\u00f1os\" class=\"rl-gallery-link\" data-rl_caption=\"La Bienal Internacional de Arquitectura de Buenos Aires cumple 30 a\u00f1os\" data-rel=\"lightbox-gallery-1\"><img loading=\"lazy\" decoding=\"async\" width=\"150\" height=\"150\" src=\"https:\/\/www.arquimaster.com.ar\/web\/wp-content\/uploads\/2015\/06\/bienal_ba_2015_4-150x150.jpg\" class=\"attachment-thumbnail size-thumbnail\" alt=\"\" aria-describedby=\"gallery-1-15592\" srcset=\"https:\/\/www.arquimaster.com.ar\/web\/wp-content\/uploads\/2015\/06\/bienal_ba_2015_4-150x150.jpg 150w, https:\/\/www.arquimaster.com.ar\/web\/wp-content\/uploads\/2015\/06\/bienal_ba_2015_4-50x50.jpg 50w, https:\/\/www.arquimaster.com.ar\/web\/wp-content\/uploads\/2015\/06\/bienal_ba_2015_4-125x125.jpg 125w\" sizes=\"auto, (max-width: 150px) 100vw, 150px\" \/><\/a>\n\t\t\t<\/div>\n\t\t\t\t<figcaption class='wp-caption-text gallery-caption' id='gallery-1-15592'>\n\t\t\t\tLa Bienal Internacional de Arquitectura de Buenos Aires cumple 30 a\u00f1os\n\t\t\t\t<\/figcaption><\/figure><figure class='gallery-item'>\n\t\t\t<div class='gallery-icon landscape'>\n\t\t\t\t<a href='https:\/\/www.arquimaster.com.ar\/web\/wp-content\/uploads\/2015\/06\/bienal_ba_2015_5.jpg' title=\"La Bienal Internacional de Arquitectura de Buenos Aires cumple 30 a\u00f1os\" data-rl_title=\"La Bienal Internacional de Arquitectura de Buenos Aires cumple 30 a\u00f1os\" class=\"rl-gallery-link\" data-rl_caption=\"La Bienal Internacional de Arquitectura de Buenos Aires cumple 30 a\u00f1os\" data-rel=\"lightbox-gallery-1\"><img loading=\"lazy\" decoding=\"async\" width=\"150\" height=\"150\" src=\"https:\/\/www.arquimaster.com.ar\/web\/wp-content\/uploads\/2015\/06\/bienal_ba_2015_5-150x150.jpg\" class=\"attachment-thumbnail size-thumbnail\" alt=\"\" aria-describedby=\"gallery-1-15593\" srcset=\"https:\/\/www.arquimaster.com.ar\/web\/wp-content\/uploads\/2015\/06\/bienal_ba_2015_5-150x150.jpg 150w, https:\/\/www.arquimaster.com.ar\/web\/wp-content\/uploads\/2015\/06\/bienal_ba_2015_5-50x50.jpg 50w, https:\/\/www.arquimaster.com.ar\/web\/wp-content\/uploads\/2015\/06\/bienal_ba_2015_5-125x125.jpg 125w\" sizes=\"auto, (max-width: 150px) 100vw, 150px\" \/><\/a>\n\t\t\t<\/div>\n\t\t\t\t<figcaption class='wp-caption-text gallery-caption' id='gallery-1-15593'>\n\t\t\t\tLa Bienal Internacional de Arquitectura de Buenos Aires cumple 30 a\u00f1os\n\t\t\t\t<\/figcaption><\/figure><figure class='gallery-item'>\n\t\t\t<div class='gallery-icon portrait'>\n\t\t\t\t<a href='https:\/\/www.arquimaster.com.ar\/web\/wp-content\/uploads\/2015\/06\/bienal_ba_2015_6.jpg' title=\"La Bienal Internacional de Arquitectura de Buenos Aires cumple 30 a\u00f1os\" data-rl_title=\"La Bienal Internacional de Arquitectura de Buenos Aires cumple 30 a\u00f1os\" class=\"rl-gallery-link\" data-rl_caption=\"La Bienal Internacional de Arquitectura de Buenos Aires cumple 30 a\u00f1os\" data-rel=\"lightbox-gallery-1\"><img loading=\"lazy\" decoding=\"async\" width=\"150\" height=\"150\" src=\"https:\/\/www.arquimaster.com.ar\/web\/wp-content\/uploads\/2015\/06\/bienal_ba_2015_6-150x150.jpg\" class=\"attachment-thumbnail size-thumbnail\" alt=\"\" aria-describedby=\"gallery-1-15594\" srcset=\"https:\/\/www.arquimaster.com.ar\/web\/wp-content\/uploads\/2015\/06\/bienal_ba_2015_6-150x150.jpg 150w, https:\/\/www.arquimaster.com.ar\/web\/wp-content\/uploads\/2015\/06\/bienal_ba_2015_6-50x50.jpg 50w, https:\/\/www.arquimaster.com.ar\/web\/wp-content\/uploads\/2015\/06\/bienal_ba_2015_6-125x125.jpg 125w\" sizes=\"auto, (max-width: 150px) 100vw, 150px\" \/><\/a>\n\t\t\t<\/div>\n\t\t\t\t<figcaption class='wp-caption-text gallery-caption' id='gallery-1-15594'>\n\t\t\t\tLa Bienal Internacional de Arquitectura de Buenos Aires cumple 30 a\u00f1os\n\t\t\t\t<\/figcaption><\/figure>\n\t\t<\/div>\n\n<p>La <strong>Bienal Internacional de Arquitectura de Buenos Aires<\/strong>, reconocida dentro de la trilog\u00eda m\u00e1s importante de Bienales de las \u00faltimas d\u00e9cadas junto con la de Venecia y San Pablo, celebra este a\u00f1o su 30 aniversario, desde que fuera fundada por Jorge Glusberg. La pr\u00f3xima edici\u00f3n, que se realizar\u00e1 <strong>entre el 5 y 27 de septiembre<\/strong> de este a\u00f1o, con importantes muestras nacionales e internacionales en las salas del Centro Cultural Recoleta -CCR-, tambi\u00e9n ocupar\u00e1 otros importantes espacios culturales de la ciudad como el Distrito de las Artes, el Centro Metropolitano de Dise\u00f1o -CMD-, la sede de Gobierno de la Ciudad en Parque Patricios y museos como MAMBA, PROA, MALBA, Fortabat y MARQ.<\/p>\n<p>El director del Comit\u00e9 de la BienalBA15, Arq. Carlos Sallaberry -junto con un equipo formado por Roberto Converti, Carlos L. Dibar, Juan Carlos Fervenza, Miguel Jurado, Daniel Mu\u00f1iz, Enrique Pichon Rivi\u00e8re, Tom\u00e1s Seeber y Mat\u00edas Glusberg- hace un recorrido por el prestigioso evento internacional y adelanta algunas novedades para la BienalBA15: <em>\u00abEste a\u00f1o se cumplen 15 ediciones ininterrumpidas y 30 a\u00f1os de innumerables y potentes acciones de promoci\u00f3n cultural. La BienalBA permiti\u00f3 que Buenos Aires sea sede del debate internacional de la arquitectura y que la calidad de la producci\u00f3n argentina lograra un lugar en el mundo, a trav\u00e9s de la amplia difusi\u00f3n en medios y la concurrencia de visitantes de gran prestigio\u00bb<\/em>.<\/p>\n<p><em>\u00abEn este 30 aniversario, nuestro objetivo es llevar a cabo m\u00e1s que nunca una Bienal de la gente, de todos los porte\u00f1os y turistas, con especial \u00e9nfasis en los j\u00f3venes profesionales y estudiantes. Es decir, que la ciudad estar\u00e1 abierta para recibir la Bienal fuera de la Bienal, acerc\u00e1ndola a los habitantes y visitantes de la Capital, con un recorrido tur\u00edstico de la buena arquitectura de la ciudad, con transporte p\u00fablico, circuito arquitect\u00f3nico y actividades diferentes como cine y un taller integral latinoamericano, desarrollado con los estudiantes de arquitectura de la Universidad de Mor\u00f3n, a los cuales se sumar\u00e1n otras facultades\u00bb<\/em>.<\/p>\n<p><em>\u00abDel 5 al 27 de septiembre de este a\u00f1o proponemos el <strong>Mes de la Arquitectura en Buenos Aires<\/strong>, y dentro del mismo habr\u00e1 una semana -del 8 al 11 de septiembre- donde m\u00e1s de 50 conferencistas de prestigio internacional compartir\u00e1n un debate sobre lo que est\u00e1 sucediendo y el futuro de la arquitectura y el urbanismo de todo el mundo. Para las conferencias magistrales nos han confirmado su presencia algunos titulares de estudios de gran renombre, como <strong>BIG<\/strong> -a trav\u00e9s del alem\u00e1n Kai Uwe Bergmann- y de <strong>COOP HIMMELB(L)AU<\/strong> -el austr\u00edaco Wolf Prix-. Tambi\u00e9n vale destacar especialmente las visiones del suizo Phillip Rahm, del dan\u00e9s <strong>Jan Gehl de Gehl Architects<\/strong> y del infaltable arquitecto argentino <strong>C\u00e9sar Pelli<\/strong>, que ha honrado a la Bienal con asistencia perfecta en todas sus ediciones. Asimismo, contaremos con la participaci\u00f3n profesionales muy importantes de Latinoam\u00e9rica como el costarricense Ronaldo Barahona-Sotela, los chilenos Alex Brahm, Martin del Solar -Grupo Talca- y Germ\u00e1n Del Sol, y el mexicano Fernando Romero -FR-EE\/ \/ Fernando Romero Enterprise-. El urbanismo tendr\u00e1 un espacio muy importante con las conferencias de profesionales como el suizo Michael Jakob. Habr\u00e1 una importante <strong>muestra y mesa-debate sobre Ciudades y Villas Ol\u00edmpicas<\/strong>, en el marco de la designaci\u00f3n de Buenos Aires como sede de los Juegos Ol\u00edmpicos de la Juventud 2018 -donde tengo la satisfacci\u00f3n de ser director de Infraestructura-. Tambi\u00e9n habr\u00e1 una mesa redonda titulada <strong>An Urban Future of the Water<\/strong>, coordinada por Rinio Bruttomesso. La invitaci\u00f3n como conferencista al dise\u00f1ador gr\u00e1fico argentino <strong>Ronald Shakespear<\/strong> tambi\u00e9n est\u00e1 relacionada con la ciudad de Buenos Aires, ya que su estudio ha trabajado durante d\u00e9cadas creando un sistema para la se\u00f1alizaci\u00f3n porte\u00f1a\u00bb<\/em>. Sallaberry concluye: <em>\u00abEste a\u00f1o tendremos el <strong>Premio Oscar Niemeyer a la Arquitectura Latinoamericana<\/strong>, la acci\u00f3n m\u00e1s importante que desarrollar\u00e1 la Red de Bienales de Arquitectura de Am\u00e9rica Latina &#8211; Red BAAL\u00bb<\/em>.<\/p>\n<p>En esta nueva edici\u00f3n, las empresas Main Sponsors de la BienalBA15 son HunterDouglas, Orbis, Roca, Parex Group, Tersuave, Knauf, Sapa Aluminium Argentina, Hidromet y Cer\u00e1mica Alberdi.<\/p>\n\n<div style=\"font-size: 0px; height: 0px; line-height: 0px; margin: 0; padding: 0; clear: both;\"><\/div><div style=\"margin-top: 0px; margin-bottom: 0px;\" class=\"sharethis-inline-share-buttons\" ><\/div>","protected":false},"excerpt":{"rendered":"<p>Adelantos de la Bienal BA15 que se realizara entre el 5 y 27 de septiembre de 2015&#8230;<\/p>\n","protected":false},"author":1,"featured_media":15588,"comment_status":"closed","ping_status":"closed","sticky":false,"template":"","format":"standard","meta":{"_uag_custom_page_level_css":"","footnotes":""},"categories":[70,68],"tags":[467,3394,3395,16],"class_list":["post-15587","post","type-post","status-publish","format-standard","has-post-thumbnail","hentry","category-noticias-arquitectura","category-novedades","tag-bienal","tag-bienal-ba","tag-bienal-de-buenos-aires","tag-buenos-aires","generate-columns","tablet-grid-50","mobile-grid-100","grid-parent","grid-50"],"yoast_head":"<!-- This site is optimized with the Yoast SEO plugin v27.3 - https:\/\/yoast.com\/product\/yoast-seo-wordpress\/ -->\n<title>La Bienal Internacional de Arquitectura de Buenos Aires cumple 30 a\u00f1os - Arquimaster<\/title>\n<meta name=\"robots\" content=\"index, follow, max-snippet:-1, max-image-preview:large, max-video-preview:-1\" \/>\n<link rel=\"canonical\" href=\"https:\/\/www.arquimaster.com.ar\/web\/la-bienal-internacional-de-arquitectura-de-buenos-aires-cumple-30-anos\/\" \/>\n<meta property=\"og:locale\" content=\"es_ES\" \/>\n<meta property=\"og:type\" content=\"article\" \/>\n<meta property=\"og:title\" content=\"La Bienal Internacional de Arquitectura de Buenos Aires cumple 30 a\u00f1os - Arquimaster\" \/>\n<meta property=\"og:description\" content=\"Adelantos de la Bienal BA15 que se realizara entre el 5 y 27 de septiembre de 2015...\" \/>\n<meta property=\"og:url\" content=\"https:\/\/www.arquimaster.com.ar\/web\/la-bienal-internacional-de-arquitectura-de-buenos-aires-cumple-30-anos\/\" \/>\n<meta property=\"og:site_name\" content=\"Arquimaster\" \/>\n<meta property=\"article:publisher\" content=\"http:\/\/www.facebook.com\/ARQUIMASTER.com.ar\" \/>\n<meta property=\"article:published_time\" content=\"2015-04-10T15:00:06+00:00\" \/>\n<meta property=\"article:modified_time\" content=\"2025-10-29T21:59:12+00:00\" \/>\n<meta property=\"og:image\" content=\"https:\/\/www.arquimaster.com.ar\/web\/wp-content\/uploads\/2015\/06\/bienal_ba_2015_slide.jpg\" \/>\n\t<meta property=\"og:image:width\" content=\"642\" \/>\n\t<meta property=\"og:image:height\" content=\"336\" \/>\n\t<meta property=\"og:image:type\" content=\"image\/jpeg\" \/>\n<meta name=\"author\" content=\"Arquimaster\" \/>\n<meta name=\"twitter:card\" content=\"summary_large_image\" \/>\n<meta name=\"twitter:creator\" content=\"@arquimaster\" \/>\n<meta name=\"twitter:site\" content=\"@arquimaster\" \/>\n<meta name=\"twitter:label1\" content=\"Escrito por\" \/>\n\t<meta name=\"twitter:data1\" content=\"Arquimaster\" \/>\n\t<meta name=\"twitter:label2\" content=\"Tiempo de lectura\" \/>\n\t<meta name=\"twitter:data2\" content=\"4 minutos\" \/>\n<script type=\"application\/ld+json\" class=\"yoast-schema-graph\">{\"@context\":\"https:\\\/\\\/schema.org\",\"@graph\":[{\"@type\":\"Article\",\"@id\":\"https:\\\/\\\/www.arquimaster.com.ar\\\/web\\\/la-bienal-internacional-de-arquitectura-de-buenos-aires-cumple-30-anos\\\/#article\",\"isPartOf\":{\"@id\":\"https:\\\/\\\/www.arquimaster.com.ar\\\/web\\\/la-bienal-internacional-de-arquitectura-de-buenos-aires-cumple-30-anos\\\/\"},\"author\":{\"name\":\"Arquimaster\",\"@id\":\"https:\\\/\\\/www.arquimaster.com.ar\\\/web\\\/#\\\/schema\\\/person\\\/359e9f7c00193fcde068e0dd2ceb0028\"},\"headline\":\"La Bienal Internacional de Arquitectura de Buenos Aires cumple 30 a\u00f1os\",\"datePublished\":\"2015-04-10T15:00:06+00:00\",\"dateModified\":\"2025-10-29T21:59:12+00:00\",\"mainEntityOfPage\":{\"@id\":\"https:\\\/\\\/www.arquimaster.com.ar\\\/web\\\/la-bienal-internacional-de-arquitectura-de-buenos-aires-cumple-30-anos\\\/\"},\"wordCount\":842,\"publisher\":{\"@id\":\"https:\\\/\\\/www.arquimaster.com.ar\\\/web\\\/#organization\"},\"image\":{\"@id\":\"https:\\\/\\\/www.arquimaster.com.ar\\\/web\\\/la-bienal-internacional-de-arquitectura-de-buenos-aires-cumple-30-anos\\\/#primaryimage\"},\"thumbnailUrl\":\"https:\\\/\\\/www.arquimaster.com.ar\\\/web\\\/wp-content\\\/uploads\\\/2015\\\/06\\\/bienal_ba_2015_slide.jpg\",\"keywords\":[\"bienal\",\"Bienal BA\",\"Bienal de Buenos Aires\",\"Buenos Aires\"],\"articleSection\":[\"Noticias de arquitectura y dise\u00f1o\",\"Novedades\"],\"inLanguage\":\"es\"},{\"@type\":\"WebPage\",\"@id\":\"https:\\\/\\\/www.arquimaster.com.ar\\\/web\\\/la-bienal-internacional-de-arquitectura-de-buenos-aires-cumple-30-anos\\\/\",\"url\":\"https:\\\/\\\/www.arquimaster.com.ar\\\/web\\\/la-bienal-internacional-de-arquitectura-de-buenos-aires-cumple-30-anos\\\/\",\"name\":\"La Bienal Internacional de Arquitectura de Buenos Aires cumple 30 a\u00f1os - Arquimaster\",\"isPartOf\":{\"@id\":\"https:\\\/\\\/www.arquimaster.com.ar\\\/web\\\/#website\"},\"primaryImageOfPage\":{\"@id\":\"https:\\\/\\\/www.arquimaster.com.ar\\\/web\\\/la-bienal-internacional-de-arquitectura-de-buenos-aires-cumple-30-anos\\\/#primaryimage\"},\"image\":{\"@id\":\"https:\\\/\\\/www.arquimaster.com.ar\\\/web\\\/la-bienal-internacional-de-arquitectura-de-buenos-aires-cumple-30-anos\\\/#primaryimage\"},\"thumbnailUrl\":\"https:\\\/\\\/www.arquimaster.com.ar\\\/web\\\/wp-content\\\/uploads\\\/2015\\\/06\\\/bienal_ba_2015_slide.jpg\",\"datePublished\":\"2015-04-10T15:00:06+00:00\",\"dateModified\":\"2025-10-29T21:59:12+00:00\",\"breadcrumb\":{\"@id\":\"https:\\\/\\\/www.arquimaster.com.ar\\\/web\\\/la-bienal-internacional-de-arquitectura-de-buenos-aires-cumple-30-anos\\\/#breadcrumb\"},\"inLanguage\":\"es\",\"potentialAction\":[{\"@type\":\"ReadAction\",\"target\":[\"https:\\\/\\\/www.arquimaster.com.ar\\\/web\\\/la-bienal-internacional-de-arquitectura-de-buenos-aires-cumple-30-anos\\\/\"]}]},{\"@type\":\"ImageObject\",\"inLanguage\":\"es\",\"@id\":\"https:\\\/\\\/www.arquimaster.com.ar\\\/web\\\/la-bienal-internacional-de-arquitectura-de-buenos-aires-cumple-30-anos\\\/#primaryimage\",\"url\":\"https:\\\/\\\/www.arquimaster.com.ar\\\/web\\\/wp-content\\\/uploads\\\/2015\\\/06\\\/bienal_ba_2015_slide.jpg\",\"contentUrl\":\"https:\\\/\\\/www.arquimaster.com.ar\\\/web\\\/wp-content\\\/uploads\\\/2015\\\/06\\\/bienal_ba_2015_slide.jpg\",\"width\":642,\"height\":336},{\"@type\":\"BreadcrumbList\",\"@id\":\"https:\\\/\\\/www.arquimaster.com.ar\\\/web\\\/la-bienal-internacional-de-arquitectura-de-buenos-aires-cumple-30-anos\\\/#breadcrumb\",\"itemListElement\":[{\"@type\":\"ListItem\",\"position\":1,\"name\":\"Portada\",\"item\":\"https:\\\/\\\/www.arquimaster.com.ar\\\/web\\\/\"},{\"@type\":\"ListItem\",\"position\":2,\"name\":\"La Bienal Internacional de Arquitectura de Buenos Aires cumple 30 a\u00f1os\"}]},{\"@type\":\"WebSite\",\"@id\":\"https:\\\/\\\/www.arquimaster.com.ar\\\/web\\\/#website\",\"url\":\"https:\\\/\\\/www.arquimaster.com.ar\\\/web\\\/\",\"name\":\"Arquimaster\",\"description\":\"Web de arquitectura, dise\u00f1o y construccion\",\"publisher\":{\"@id\":\"https:\\\/\\\/www.arquimaster.com.ar\\\/web\\\/#organization\"},\"potentialAction\":[{\"@type\":\"SearchAction\",\"target\":{\"@type\":\"EntryPoint\",\"urlTemplate\":\"https:\\\/\\\/www.arquimaster.com.ar\\\/web\\\/?s={search_term_string}\"},\"query-input\":{\"@type\":\"PropertyValueSpecification\",\"valueRequired\":true,\"valueName\":\"search_term_string\"}}],\"inLanguage\":\"es\"},{\"@type\":\"Organization\",\"@id\":\"https:\\\/\\\/www.arquimaster.com.ar\\\/web\\\/#organization\",\"name\":\"Arquimaster\",\"url\":\"https:\\\/\\\/www.arquimaster.com.ar\\\/web\\\/\",\"logo\":{\"@type\":\"ImageObject\",\"inLanguage\":\"es\",\"@id\":\"https:\\\/\\\/www.arquimaster.com.ar\\\/web\\\/#\\\/schema\\\/logo\\\/image\\\/\",\"url\":\"https:\\\/\\\/www.arquimaster.com.ar\\\/web\\\/wp-content\\\/uploads\\\/2022\\\/06\\\/arquimaster.png\",\"contentUrl\":\"https:\\\/\\\/www.arquimaster.com.ar\\\/web\\\/wp-content\\\/uploads\\\/2022\\\/06\\\/arquimaster.png\",\"width\":594,\"height\":78,\"caption\":\"Arquimaster\"},\"image\":{\"@id\":\"https:\\\/\\\/www.arquimaster.com.ar\\\/web\\\/#\\\/schema\\\/logo\\\/image\\\/\"},\"sameAs\":[\"http:\\\/\\\/www.facebook.com\\\/ARQUIMASTER.com.ar\",\"https:\\\/\\\/x.com\\\/arquimaster\",\"https:\\\/\\\/www.instagram.com\\\/arquimasterblog\\\/\",\"https:\\\/\\\/www.linkedin.com\\\/company\\\/arquimaster\",\"https:\\\/\\\/www.pinterest.com\\\/arquimaster\",\"https:\\\/\\\/t.me\\\/arquimaster\"]},{\"@type\":\"Person\",\"@id\":\"https:\\\/\\\/www.arquimaster.com.ar\\\/web\\\/#\\\/schema\\\/person\\\/359e9f7c00193fcde068e0dd2ceb0028\",\"name\":\"Arquimaster\"}]}<\/script>\n<!-- \/ Yoast SEO plugin. -->","yoast_head_json":{"title":"La Bienal Internacional de Arquitectura de Buenos Aires cumple 30 a\u00f1os - Arquimaster","robots":{"index":"index","follow":"follow","max-snippet":"max-snippet:-1","max-image-preview":"max-image-preview:large","max-video-preview":"max-video-preview:-1"},"canonical":"https:\/\/www.arquimaster.com.ar\/web\/la-bienal-internacional-de-arquitectura-de-buenos-aires-cumple-30-anos\/","og_locale":"es_ES","og_type":"article","og_title":"La Bienal Internacional de Arquitectura de Buenos Aires cumple 30 a\u00f1os - Arquimaster","og_description":"Adelantos de la Bienal BA15 que se realizara entre el 5 y 27 de septiembre de 2015...","og_url":"https:\/\/www.arquimaster.com.ar\/web\/la-bienal-internacional-de-arquitectura-de-buenos-aires-cumple-30-anos\/","og_site_name":"Arquimaster","article_publisher":"http:\/\/www.facebook.com\/ARQUIMASTER.com.ar","article_published_time":"2015-04-10T15:00:06+00:00","article_modified_time":"2025-10-29T21:59:12+00:00","og_image":[{"width":642,"height":336,"url":"https:\/\/www.arquimaster.com.ar\/web\/wp-content\/uploads\/2015\/06\/bienal_ba_2015_slide.jpg","type":"image\/jpeg"}],"author":"Arquimaster","twitter_card":"summary_large_image","twitter_creator":"@arquimaster","twitter_site":"@arquimaster","twitter_misc":{"Escrito por":"Arquimaster","Tiempo de lectura":"4 minutos"},"schema":{"@context":"https:\/\/schema.org","@graph":[{"@type":"Article","@id":"https:\/\/www.arquimaster.com.ar\/web\/la-bienal-internacional-de-arquitectura-de-buenos-aires-cumple-30-anos\/#article","isPartOf":{"@id":"https:\/\/www.arquimaster.com.ar\/web\/la-bienal-internacional-de-arquitectura-de-buenos-aires-cumple-30-anos\/"},"author":{"name":"Arquimaster","@id":"https:\/\/www.arquimaster.com.ar\/web\/#\/schema\/person\/359e9f7c00193fcde068e0dd2ceb0028"},"headline":"La Bienal Internacional de Arquitectura de Buenos Aires cumple 30 a\u00f1os","datePublished":"2015-04-10T15:00:06+00:00","dateModified":"2025-10-29T21:59:12+00:00","mainEntityOfPage":{"@id":"https:\/\/www.arquimaster.com.ar\/web\/la-bienal-internacional-de-arquitectura-de-buenos-aires-cumple-30-anos\/"},"wordCount":842,"publisher":{"@id":"https:\/\/www.arquimaster.com.ar\/web\/#organization"},"image":{"@id":"https:\/\/www.arquimaster.com.ar\/web\/la-bienal-internacional-de-arquitectura-de-buenos-aires-cumple-30-anos\/#primaryimage"},"thumbnailUrl":"https:\/\/www.arquimaster.com.ar\/web\/wp-content\/uploads\/2015\/06\/bienal_ba_2015_slide.jpg","keywords":["bienal","Bienal BA","Bienal de Buenos Aires","Buenos Aires"],"articleSection":["Noticias de arquitectura y dise\u00f1o","Novedades"],"inLanguage":"es"},{"@type":"WebPage","@id":"https:\/\/www.arquimaster.com.ar\/web\/la-bienal-internacional-de-arquitectura-de-buenos-aires-cumple-30-anos\/","url":"https:\/\/www.arquimaster.com.ar\/web\/la-bienal-internacional-de-arquitectura-de-buenos-aires-cumple-30-anos\/","name":"La Bienal Internacional de Arquitectura de Buenos Aires cumple 30 a\u00f1os - Arquimaster","isPartOf":{"@id":"https:\/\/www.arquimaster.com.ar\/web\/#website"},"primaryImageOfPage":{"@id":"https:\/\/www.arquimaster.com.ar\/web\/la-bienal-internacional-de-arquitectura-de-buenos-aires-cumple-30-anos\/#primaryimage"},"image":{"@id":"https:\/\/www.arquimaster.com.ar\/web\/la-bienal-internacional-de-arquitectura-de-buenos-aires-cumple-30-anos\/#primaryimage"},"thumbnailUrl":"https:\/\/www.arquimaster.com.ar\/web\/wp-content\/uploads\/2015\/06\/bienal_ba_2015_slide.jpg","datePublished":"2015-04-10T15:00:06+00:00","dateModified":"2025-10-29T21:59:12+00:00","breadcrumb":{"@id":"https:\/\/www.arquimaster.com.ar\/web\/la-bienal-internacional-de-arquitectura-de-buenos-aires-cumple-30-anos\/#breadcrumb"},"inLanguage":"es","potentialAction":[{"@type":"ReadAction","target":["https:\/\/www.arquimaster.com.ar\/web\/la-bienal-internacional-de-arquitectura-de-buenos-aires-cumple-30-anos\/"]}]},{"@type":"ImageObject","inLanguage":"es","@id":"https:\/\/www.arquimaster.com.ar\/web\/la-bienal-internacional-de-arquitectura-de-buenos-aires-cumple-30-anos\/#primaryimage","url":"https:\/\/www.arquimaster.com.ar\/web\/wp-content\/uploads\/2015\/06\/bienal_ba_2015_slide.jpg","contentUrl":"https:\/\/www.arquimaster.com.ar\/web\/wp-content\/uploads\/2015\/06\/bienal_ba_2015_slide.jpg","width":642,"height":336},{"@type":"BreadcrumbList","@id":"https:\/\/www.arquimaster.com.ar\/web\/la-bienal-internacional-de-arquitectura-de-buenos-aires-cumple-30-anos\/#breadcrumb","itemListElement":[{"@type":"ListItem","position":1,"name":"Portada","item":"https:\/\/www.arquimaster.com.ar\/web\/"},{"@type":"ListItem","position":2,"name":"La Bienal Internacional de Arquitectura de Buenos Aires cumple 30 a\u00f1os"}]},{"@type":"WebSite","@id":"https:\/\/www.arquimaster.com.ar\/web\/#website","url":"https:\/\/www.arquimaster.com.ar\/web\/","name":"Arquimaster","description":"Web de arquitectura, dise\u00f1o y construccion","publisher":{"@id":"https:\/\/www.arquimaster.com.ar\/web\/#organization"},"potentialAction":[{"@type":"SearchAction","target":{"@type":"EntryPoint","urlTemplate":"https:\/\/www.arquimaster.com.ar\/web\/?s={search_term_string}"},"query-input":{"@type":"PropertyValueSpecification","valueRequired":true,"valueName":"search_term_string"}}],"inLanguage":"es"},{"@type":"Organization","@id":"https:\/\/www.arquimaster.com.ar\/web\/#organization","name":"Arquimaster","url":"https:\/\/www.arquimaster.com.ar\/web\/","logo":{"@type":"ImageObject","inLanguage":"es","@id":"https:\/\/www.arquimaster.com.ar\/web\/#\/schema\/logo\/image\/","url":"https:\/\/www.arquimaster.com.ar\/web\/wp-content\/uploads\/2022\/06\/arquimaster.png","contentUrl":"https:\/\/www.arquimaster.com.ar\/web\/wp-content\/uploads\/2022\/06\/arquimaster.png","width":594,"height":78,"caption":"Arquimaster"},"image":{"@id":"https:\/\/www.arquimaster.com.ar\/web\/#\/schema\/logo\/image\/"},"sameAs":["http:\/\/www.facebook.com\/ARQUIMASTER.com.ar","https:\/\/x.com\/arquimaster","https:\/\/www.instagram.com\/arquimasterblog\/","https:\/\/www.linkedin.com\/company\/arquimaster","https:\/\/www.pinterest.com\/arquimaster","https:\/\/t.me\/arquimaster"]},{"@type":"Person","@id":"https:\/\/www.arquimaster.com.ar\/web\/#\/schema\/person\/359e9f7c00193fcde068e0dd2ceb0028","name":"Arquimaster"}]}},"uagb_featured_image_src":{"full":["https:\/\/www.arquimaster.com.ar\/web\/wp-content\/uploads\/2015\/06\/bienal_ba_2015_slide.jpg",642,336,false],"thumbnail":["https:\/\/www.arquimaster.com.ar\/web\/wp-content\/uploads\/2015\/06\/bienal_ba_2015_slide-150x150.jpg",150,150,true],"medium":["https:\/\/www.arquimaster.com.ar\/web\/wp-content\/uploads\/2015\/06\/bienal_ba_2015_slide.jpg",642,336,false],"medium_large":["https:\/\/www.arquimaster.com.ar\/web\/wp-content\/uploads\/2015\/06\/bienal_ba_2015_slide.jpg",642,336,false],"large":["https:\/\/www.arquimaster.com.ar\/web\/wp-content\/uploads\/2015\/06\/bienal_ba_2015_slide.jpg",642,336,false],"1536x1536":["https:\/\/www.arquimaster.com.ar\/web\/wp-content\/uploads\/2015\/06\/bienal_ba_2015_slide.jpg",642,336,false],"2048x2048":["https:\/\/www.arquimaster.com.ar\/web\/wp-content\/uploads\/2015\/06\/bienal_ba_2015_slide.jpg",642,336,false]},"uagb_author_info":{"display_name":"Arquimaster","author_link":"https:\/\/www.arquimaster.com.ar\/web\/author\/arquimaster\/"},"uagb_comment_info":0,"uagb_excerpt":"Adelantos de la Bienal BA15 que se realizara entre el 5 y 27 de septiembre de 2015...","_links":{"self":[{"href":"https:\/\/www.arquimaster.com.ar\/web\/wp-json\/wp\/v2\/posts\/15587","targetHints":{"allow":["GET"]}}],"collection":[{"href":"https:\/\/www.arquimaster.com.ar\/web\/wp-json\/wp\/v2\/posts"}],"about":[{"href":"https:\/\/www.arquimaster.com.ar\/web\/wp-json\/wp\/v2\/types\/post"}],"author":[{"embeddable":true,"href":"https:\/\/www.arquimaster.com.ar\/web\/wp-json\/wp\/v2\/users\/1"}],"replies":[{"embeddable":true,"href":"https:\/\/www.arquimaster.com.ar\/web\/wp-json\/wp\/v2\/comments?post=15587"}],"version-history":[{"count":1,"href":"https:\/\/www.arquimaster.com.ar\/web\/wp-json\/wp\/v2\/posts\/15587\/revisions"}],"predecessor-version":[{"id":86531,"href":"https:\/\/www.arquimaster.com.ar\/web\/wp-json\/wp\/v2\/posts\/15587\/revisions\/86531"}],"wp:featuredmedia":[{"embeddable":true,"href":"https:\/\/www.arquimaster.com.ar\/web\/wp-json\/wp\/v2\/media\/15588"}],"wp:attachment":[{"href":"https:\/\/www.arquimaster.com.ar\/web\/wp-json\/wp\/v2\/media?parent=15587"}],"wp:term":[{"taxonomy":"category","embeddable":true,"href":"https:\/\/www.arquimaster.com.ar\/web\/wp-json\/wp\/v2\/categories?post=15587"},{"taxonomy":"post_tag","embeddable":true,"href":"https:\/\/www.arquimaster.com.ar\/web\/wp-json\/wp\/v2\/tags?post=15587"}],"curies":[{"name":"wp","href":"https:\/\/api.w.org\/{rel}","templated":true}]}}