{"id":15596,"date":"2015-04-24T15:00:48","date_gmt":"2015-04-24T15:00:48","guid":{"rendered":"http:\/\/www.arquimaster.com.ar\/web\/?p=15596"},"modified":"2025-10-29T18:58:27","modified_gmt":"2025-10-29T21:58:27","slug":"colores-texturas-y-efectos-para-el-diseno-interior","status":"publish","type":"post","link":"https:\/\/www.arquimaster.com.ar\/web\/colores-texturas-y-efectos-para-el-diseno-interior\/","title":{"rendered":"Colores, texturas y efectos para el dise\u00f1o interior"},"content":{"rendered":"<div style=\"margin-top: 0px; margin-bottom: 0px;\" class=\"sharethis-inline-share-buttons\" ><\/div><div class=\"b812932af2e751442846f039925109de\" data-index=\"1\" style=\"float: none; margin:25px 0 25px 0; text-align:center;\">\n<script async src=\"https:\/\/pagead2.googlesyndication.com\/pagead\/js\/adsbygoogle.js\"><\/script>\r\n<!-- Arquimaster (superior) -->\r\n<ins class=\"adsbygoogle\"\r\n     style=\"display:block\"\r\n     data-ad-client=\"ca-pub-6351072698456832\"\r\n     data-ad-slot=\"6455489680\"\r\n     data-ad-format=\"auto\"\r\n     data-full-width-responsive=\"true\"><\/ins>\r\n<script>\r\n     (adsbygoogle = window.adsbygoogle || []).push({});\r\n<\/script>\n<\/div>\n<p><em><strong>A la hora del dise\u00f1o interior, \u00bfpor qu\u00e9 no aplicar revestimientos con textura y efectos en vez de pintura plana? Genera una calidez y un juego especial de luz y sombra sobre los colores, as\u00ed como ventajas econ\u00f3micas y mayor durabilidad a las paredes. El uso de revestimientos cementicios y acr\u00edlicos, que han ganado la aceptaci\u00f3n del p\u00fablico en las fachadas de las viviendas, est\u00e1 creciendo como demanda en los interiores. Tarquini ofrece una gran variedad de productos texturables y tambi\u00e9n con efectos visuales -como los Estucos Venecianos y Antiguos- que brindan nuevas experiencias decorativas para el hogar. El Arq. Ricardo Braicovich brinda consejos sobre este recurso, ambiente por ambiente.<\/strong><\/em><\/p>\n<div id='gallery-1' class='gallery galleryid-15596 gallery-columns-3 gallery-size-thumbnail'><figure class='gallery-item'>\n\t\t\t<div class='gallery-icon landscape'>\n\t\t\t\t<a href='https:\/\/www.arquimaster.com.ar\/web\/wp-content\/uploads\/2015\/06\/revestimiento_interior_braicovich1.jpg' title=\"Colores, texturas y efectos para el dise\u00f1o interior\" data-rl_title=\"Colores, texturas y efectos para el dise\u00f1o interior\" class=\"rl-gallery-link\" data-rl_caption=\"Colores, texturas y efectos para el dise\u00f1o interior\" data-rel=\"lightbox-gallery-1\"><img loading=\"lazy\" decoding=\"async\" width=\"150\" height=\"150\" src=\"https:\/\/www.arquimaster.com.ar\/web\/wp-content\/uploads\/2015\/06\/revestimiento_interior_braicovich1-150x150.jpg\" class=\"attachment-thumbnail size-thumbnail\" alt=\"\" aria-describedby=\"gallery-1-15598\" srcset=\"https:\/\/www.arquimaster.com.ar\/web\/wp-content\/uploads\/2015\/06\/revestimiento_interior_braicovich1-150x150.jpg 150w, https:\/\/www.arquimaster.com.ar\/web\/wp-content\/uploads\/2015\/06\/revestimiento_interior_braicovich1-50x50.jpg 50w, https:\/\/www.arquimaster.com.ar\/web\/wp-content\/uploads\/2015\/06\/revestimiento_interior_braicovich1-125x125.jpg 125w\" sizes=\"auto, (max-width: 150px) 100vw, 150px\" \/><\/a>\n\t\t\t<\/div>\n\t\t\t\t<figcaption class='wp-caption-text gallery-caption' id='gallery-1-15598'>\n\t\t\t\tColores, texturas y efectos para el dise\u00f1o interior\n\t\t\t\t<\/figcaption><\/figure><figure class='gallery-item'>\n\t\t\t<div class='gallery-icon landscape'>\n\t\t\t\t<a href='https:\/\/www.arquimaster.com.ar\/web\/wp-content\/uploads\/2015\/06\/revestimiento_interior_braicovich2.jpg' title=\"Colores, texturas y efectos para el dise\u00f1o interior\" data-rl_title=\"Colores, texturas y efectos para el dise\u00f1o interior\" class=\"rl-gallery-link\" data-rl_caption=\"Colores, texturas y efectos para el dise\u00f1o interior\" data-rel=\"lightbox-gallery-1\"><img loading=\"lazy\" decoding=\"async\" width=\"150\" height=\"150\" src=\"https:\/\/www.arquimaster.com.ar\/web\/wp-content\/uploads\/2015\/06\/revestimiento_interior_braicovich2-150x150.jpg\" class=\"attachment-thumbnail size-thumbnail\" alt=\"\" aria-describedby=\"gallery-1-15599\" srcset=\"https:\/\/www.arquimaster.com.ar\/web\/wp-content\/uploads\/2015\/06\/revestimiento_interior_braicovich2-150x150.jpg 150w, https:\/\/www.arquimaster.com.ar\/web\/wp-content\/uploads\/2015\/06\/revestimiento_interior_braicovich2-50x50.jpg 50w, https:\/\/www.arquimaster.com.ar\/web\/wp-content\/uploads\/2015\/06\/revestimiento_interior_braicovich2-125x125.jpg 125w\" sizes=\"auto, (max-width: 150px) 100vw, 150px\" \/><\/a>\n\t\t\t<\/div>\n\t\t\t\t<figcaption class='wp-caption-text gallery-caption' id='gallery-1-15599'>\n\t\t\t\tColores, texturas y efectos para el dise\u00f1o interior\n\t\t\t\t<\/figcaption><\/figure><figure class='gallery-item'>\n\t\t\t<div class='gallery-icon landscape'>\n\t\t\t\t<a href='https:\/\/www.arquimaster.com.ar\/web\/wp-content\/uploads\/2015\/06\/revestimiento_interior_braicovich3.jpg' title=\"Colores, texturas y efectos para el dise\u00f1o interior\" data-rl_title=\"Colores, texturas y efectos para el dise\u00f1o interior\" class=\"rl-gallery-link\" data-rl_caption=\"Colores, texturas y efectos para el dise\u00f1o interior\" data-rel=\"lightbox-gallery-1\"><img loading=\"lazy\" decoding=\"async\" width=\"150\" height=\"150\" src=\"https:\/\/www.arquimaster.com.ar\/web\/wp-content\/uploads\/2015\/06\/revestimiento_interior_braicovich3-150x150.jpg\" class=\"attachment-thumbnail size-thumbnail\" alt=\"\" aria-describedby=\"gallery-1-15600\" srcset=\"https:\/\/www.arquimaster.com.ar\/web\/wp-content\/uploads\/2015\/06\/revestimiento_interior_braicovich3-150x150.jpg 150w, https:\/\/www.arquimaster.com.ar\/web\/wp-content\/uploads\/2015\/06\/revestimiento_interior_braicovich3-50x50.jpg 50w, https:\/\/www.arquimaster.com.ar\/web\/wp-content\/uploads\/2015\/06\/revestimiento_interior_braicovich3-125x125.jpg 125w\" sizes=\"auto, (max-width: 150px) 100vw, 150px\" \/><\/a>\n\t\t\t<\/div>\n\t\t\t\t<figcaption class='wp-caption-text gallery-caption' id='gallery-1-15600'>\n\t\t\t\tColores, texturas y efectos para el dise\u00f1o interior\n\t\t\t\t<\/figcaption><\/figure><figure class='gallery-item'>\n\t\t\t<div class='gallery-icon landscape'>\n\t\t\t\t<a href='https:\/\/www.arquimaster.com.ar\/web\/wp-content\/uploads\/2015\/06\/revestimiento_interior_braicovich4.jpg' title=\"Colores, texturas y efectos para el dise\u00f1o interior\" data-rl_title=\"Colores, texturas y efectos para el dise\u00f1o interior\" class=\"rl-gallery-link\" data-rl_caption=\"Colores, texturas y efectos para el dise\u00f1o interior\" data-rel=\"lightbox-gallery-1\"><img loading=\"lazy\" decoding=\"async\" width=\"150\" height=\"150\" src=\"https:\/\/www.arquimaster.com.ar\/web\/wp-content\/uploads\/2015\/06\/revestimiento_interior_braicovich4-150x150.jpg\" class=\"attachment-thumbnail size-thumbnail\" alt=\"\" aria-describedby=\"gallery-1-15601\" srcset=\"https:\/\/www.arquimaster.com.ar\/web\/wp-content\/uploads\/2015\/06\/revestimiento_interior_braicovich4-150x150.jpg 150w, https:\/\/www.arquimaster.com.ar\/web\/wp-content\/uploads\/2015\/06\/revestimiento_interior_braicovich4-50x50.jpg 50w, https:\/\/www.arquimaster.com.ar\/web\/wp-content\/uploads\/2015\/06\/revestimiento_interior_braicovich4-125x125.jpg 125w\" sizes=\"auto, (max-width: 150px) 100vw, 150px\" \/><\/a>\n\t\t\t<\/div>\n\t\t\t\t<figcaption class='wp-caption-text gallery-caption' id='gallery-1-15601'>\n\t\t\t\tColores, texturas y efectos para el dise\u00f1o interior\n\t\t\t\t<\/figcaption><\/figure><figure class='gallery-item'>\n\t\t\t<div class='gallery-icon landscape'>\n\t\t\t\t<a href='https:\/\/www.arquimaster.com.ar\/web\/wp-content\/uploads\/2015\/06\/revestimiento_interior_braicovich5.jpg' title=\"Colores, texturas y efectos para el dise\u00f1o interior\" data-rl_title=\"Colores, texturas y efectos para el dise\u00f1o interior\" class=\"rl-gallery-link\" data-rl_caption=\"Colores, texturas y efectos para el dise\u00f1o interior\" data-rel=\"lightbox-gallery-1\"><img loading=\"lazy\" decoding=\"async\" width=\"150\" height=\"150\" src=\"https:\/\/www.arquimaster.com.ar\/web\/wp-content\/uploads\/2015\/06\/revestimiento_interior_braicovich5-150x150.jpg\" class=\"attachment-thumbnail size-thumbnail\" alt=\"\" aria-describedby=\"gallery-1-15602\" srcset=\"https:\/\/www.arquimaster.com.ar\/web\/wp-content\/uploads\/2015\/06\/revestimiento_interior_braicovich5-150x150.jpg 150w, https:\/\/www.arquimaster.com.ar\/web\/wp-content\/uploads\/2015\/06\/revestimiento_interior_braicovich5-50x50.jpg 50w, https:\/\/www.arquimaster.com.ar\/web\/wp-content\/uploads\/2015\/06\/revestimiento_interior_braicovich5-125x125.jpg 125w\" sizes=\"auto, (max-width: 150px) 100vw, 150px\" \/><\/a>\n\t\t\t<\/div>\n\t\t\t\t<figcaption class='wp-caption-text gallery-caption' id='gallery-1-15602'>\n\t\t\t\tColores, texturas y efectos para el dise\u00f1o interior\n\t\t\t\t<\/figcaption><\/figure><figure class='gallery-item'>\n\t\t\t<div class='gallery-icon landscape'>\n\t\t\t\t<a href='https:\/\/www.arquimaster.com.ar\/web\/wp-content\/uploads\/2015\/06\/revestimiento_interior_braicovich61.jpg' title=\"Colores, texturas y efectos para el dise\u00f1o interior\" data-rl_title=\"Colores, texturas y efectos para el dise\u00f1o interior\" class=\"rl-gallery-link\" data-rl_caption=\"Colores, texturas y efectos para el dise\u00f1o interior\" data-rel=\"lightbox-gallery-1\"><img loading=\"lazy\" decoding=\"async\" width=\"150\" height=\"150\" src=\"https:\/\/www.arquimaster.com.ar\/web\/wp-content\/uploads\/2015\/06\/revestimiento_interior_braicovich61-150x150.jpg\" class=\"attachment-thumbnail size-thumbnail\" alt=\"\" aria-describedby=\"gallery-1-15614\" srcset=\"https:\/\/www.arquimaster.com.ar\/web\/wp-content\/uploads\/2015\/06\/revestimiento_interior_braicovich61-150x150.jpg 150w, https:\/\/www.arquimaster.com.ar\/web\/wp-content\/uploads\/2015\/06\/revestimiento_interior_braicovich61-50x50.jpg 50w, https:\/\/www.arquimaster.com.ar\/web\/wp-content\/uploads\/2015\/06\/revestimiento_interior_braicovich61-125x125.jpg 125w\" sizes=\"auto, (max-width: 150px) 100vw, 150px\" \/><\/a>\n\t\t\t<\/div>\n\t\t\t\t<figcaption class='wp-caption-text gallery-caption' id='gallery-1-15614'>\n\t\t\t\tColores, texturas y efectos para el dise\u00f1o interior\n\t\t\t\t<\/figcaption><\/figure><figure class='gallery-item'>\n\t\t\t<div class='gallery-icon landscape'>\n\t\t\t\t<a href='https:\/\/www.arquimaster.com.ar\/web\/wp-content\/uploads\/2015\/06\/revestimiento_interior_braicovich7.jpg' title=\"Colores, texturas y efectos para el dise\u00f1o interior\" data-rl_title=\"Colores, texturas y efectos para el dise\u00f1o interior\" class=\"rl-gallery-link\" data-rl_caption=\"Colores, texturas y efectos para el dise\u00f1o interior\" data-rel=\"lightbox-gallery-1\"><img loading=\"lazy\" decoding=\"async\" width=\"150\" height=\"150\" src=\"https:\/\/www.arquimaster.com.ar\/web\/wp-content\/uploads\/2015\/06\/revestimiento_interior_braicovich7-150x150.jpg\" class=\"attachment-thumbnail size-thumbnail\" alt=\"\" aria-describedby=\"gallery-1-15604\" srcset=\"https:\/\/www.arquimaster.com.ar\/web\/wp-content\/uploads\/2015\/06\/revestimiento_interior_braicovich7-150x150.jpg 150w, https:\/\/www.arquimaster.com.ar\/web\/wp-content\/uploads\/2015\/06\/revestimiento_interior_braicovich7-50x50.jpg 50w, https:\/\/www.arquimaster.com.ar\/web\/wp-content\/uploads\/2015\/06\/revestimiento_interior_braicovich7-125x125.jpg 125w\" sizes=\"auto, (max-width: 150px) 100vw, 150px\" \/><\/a>\n\t\t\t<\/div>\n\t\t\t\t<figcaption class='wp-caption-text gallery-caption' id='gallery-1-15604'>\n\t\t\t\tColores, texturas y efectos para el dise\u00f1o interior\n\t\t\t\t<\/figcaption><\/figure><figure class='gallery-item'>\n\t\t\t<div class='gallery-icon portrait'>\n\t\t\t\t<a href='https:\/\/www.arquimaster.com.ar\/web\/wp-content\/uploads\/2015\/06\/revestimiento_interior_braicovich8.jpg' title=\"Colores, texturas y efectos para el dise\u00f1o interior\" data-rl_title=\"Colores, texturas y efectos para el dise\u00f1o interior\" class=\"rl-gallery-link\" data-rl_caption=\"Colores, texturas y efectos para el dise\u00f1o interior\" data-rel=\"lightbox-gallery-1\"><img loading=\"lazy\" decoding=\"async\" width=\"150\" height=\"150\" src=\"https:\/\/www.arquimaster.com.ar\/web\/wp-content\/uploads\/2015\/06\/revestimiento_interior_braicovich8-150x150.jpg\" class=\"attachment-thumbnail size-thumbnail\" alt=\"\" aria-describedby=\"gallery-1-15605\" srcset=\"https:\/\/www.arquimaster.com.ar\/web\/wp-content\/uploads\/2015\/06\/revestimiento_interior_braicovich8-150x150.jpg 150w, https:\/\/www.arquimaster.com.ar\/web\/wp-content\/uploads\/2015\/06\/revestimiento_interior_braicovich8-50x50.jpg 50w, https:\/\/www.arquimaster.com.ar\/web\/wp-content\/uploads\/2015\/06\/revestimiento_interior_braicovich8-125x125.jpg 125w\" sizes=\"auto, (max-width: 150px) 100vw, 150px\" \/><\/a>\n\t\t\t<\/div>\n\t\t\t\t<figcaption class='wp-caption-text gallery-caption' id='gallery-1-15605'>\n\t\t\t\tColores, texturas y efectos para el dise\u00f1o interior\n\t\t\t\t<\/figcaption><\/figure><figure class='gallery-item'>\n\t\t\t<div class='gallery-icon landscape'>\n\t\t\t\t<a href='https:\/\/www.arquimaster.com.ar\/web\/wp-content\/uploads\/2015\/06\/revestimiento_interior_braicovich9.jpg' title=\"Colores, texturas y efectos para el dise\u00f1o interior\" data-rl_title=\"Colores, texturas y efectos para el dise\u00f1o interior\" class=\"rl-gallery-link\" data-rl_caption=\"Colores, texturas y efectos para el dise\u00f1o interior\" data-rel=\"lightbox-gallery-1\"><img loading=\"lazy\" decoding=\"async\" width=\"150\" height=\"150\" src=\"https:\/\/www.arquimaster.com.ar\/web\/wp-content\/uploads\/2015\/06\/revestimiento_interior_braicovich9-150x150.jpg\" class=\"attachment-thumbnail size-thumbnail\" alt=\"\" aria-describedby=\"gallery-1-15606\" srcset=\"https:\/\/www.arquimaster.com.ar\/web\/wp-content\/uploads\/2015\/06\/revestimiento_interior_braicovich9-150x150.jpg 150w, https:\/\/www.arquimaster.com.ar\/web\/wp-content\/uploads\/2015\/06\/revestimiento_interior_braicovich9-50x50.jpg 50w, https:\/\/www.arquimaster.com.ar\/web\/wp-content\/uploads\/2015\/06\/revestimiento_interior_braicovich9-125x125.jpg 125w\" sizes=\"auto, (max-width: 150px) 100vw, 150px\" \/><\/a>\n\t\t\t<\/div>\n\t\t\t\t<figcaption class='wp-caption-text gallery-caption' id='gallery-1-15606'>\n\t\t\t\tColores, texturas y efectos para el dise\u00f1o interior\n\t\t\t\t<\/figcaption><\/figure><figure class='gallery-item'>\n\t\t\t<div class='gallery-icon portrait'>\n\t\t\t\t<a href='https:\/\/www.arquimaster.com.ar\/web\/wp-content\/uploads\/2015\/06\/revestimiento_interior_braicovich10.jpg' title=\"Colores, texturas y efectos para el dise\u00f1o interior\" data-rl_title=\"Colores, texturas y efectos para el dise\u00f1o interior\" class=\"rl-gallery-link\" data-rl_caption=\"Colores, texturas y efectos para el dise\u00f1o interior\" data-rel=\"lightbox-gallery-1\"><img loading=\"lazy\" decoding=\"async\" width=\"150\" height=\"150\" src=\"https:\/\/www.arquimaster.com.ar\/web\/wp-content\/uploads\/2015\/06\/revestimiento_interior_braicovich10-150x150.jpg\" class=\"attachment-thumbnail size-thumbnail\" alt=\"\" aria-describedby=\"gallery-1-15607\" srcset=\"https:\/\/www.arquimaster.com.ar\/web\/wp-content\/uploads\/2015\/06\/revestimiento_interior_braicovich10-150x150.jpg 150w, https:\/\/www.arquimaster.com.ar\/web\/wp-content\/uploads\/2015\/06\/revestimiento_interior_braicovich10-50x50.jpg 50w, https:\/\/www.arquimaster.com.ar\/web\/wp-content\/uploads\/2015\/06\/revestimiento_interior_braicovich10-125x125.jpg 125w\" sizes=\"auto, (max-width: 150px) 100vw, 150px\" \/><\/a>\n\t\t\t<\/div>\n\t\t\t\t<figcaption class='wp-caption-text gallery-caption' id='gallery-1-15607'>\n\t\t\t\tColores, texturas y efectos para el dise\u00f1o interior\n\t\t\t\t<\/figcaption><\/figure><figure class='gallery-item'>\n\t\t\t<div class='gallery-icon landscape'>\n\t\t\t\t<a href='https:\/\/www.arquimaster.com.ar\/web\/wp-content\/uploads\/2015\/06\/revestimiento_interior_braicovich11.jpg' title=\"Colores, texturas y efectos para el dise\u00f1o interior\" data-rl_title=\"Colores, texturas y efectos para el dise\u00f1o interior\" class=\"rl-gallery-link\" data-rl_caption=\"Colores, texturas y efectos para el dise\u00f1o interior\" data-rel=\"lightbox-gallery-1\"><img loading=\"lazy\" decoding=\"async\" width=\"150\" height=\"150\" src=\"https:\/\/www.arquimaster.com.ar\/web\/wp-content\/uploads\/2015\/06\/revestimiento_interior_braicovich11-150x150.jpg\" class=\"attachment-thumbnail size-thumbnail\" alt=\"\" aria-describedby=\"gallery-1-15608\" srcset=\"https:\/\/www.arquimaster.com.ar\/web\/wp-content\/uploads\/2015\/06\/revestimiento_interior_braicovich11-150x150.jpg 150w, https:\/\/www.arquimaster.com.ar\/web\/wp-content\/uploads\/2015\/06\/revestimiento_interior_braicovich11-50x50.jpg 50w, https:\/\/www.arquimaster.com.ar\/web\/wp-content\/uploads\/2015\/06\/revestimiento_interior_braicovich11-125x125.jpg 125w\" sizes=\"auto, (max-width: 150px) 100vw, 150px\" \/><\/a>\n\t\t\t<\/div>\n\t\t\t\t<figcaption class='wp-caption-text gallery-caption' id='gallery-1-15608'>\n\t\t\t\tColores, texturas y efectos para el dise\u00f1o interior\n\t\t\t\t<\/figcaption><\/figure><figure class='gallery-item'>\n\t\t\t<div class='gallery-icon landscape'>\n\t\t\t\t<a href='https:\/\/www.arquimaster.com.ar\/web\/wp-content\/uploads\/2015\/06\/revestimiento_interior_braicovich12.jpg' title=\"Colores, texturas y efectos para el dise\u00f1o interior\" data-rl_title=\"Colores, texturas y efectos para el dise\u00f1o interior\" class=\"rl-gallery-link\" data-rl_caption=\"Colores, texturas y efectos para el dise\u00f1o interior\" data-rel=\"lightbox-gallery-1\"><img loading=\"lazy\" decoding=\"async\" width=\"150\" height=\"150\" src=\"https:\/\/www.arquimaster.com.ar\/web\/wp-content\/uploads\/2015\/06\/revestimiento_interior_braicovich12-150x150.jpg\" class=\"attachment-thumbnail size-thumbnail\" alt=\"\" aria-describedby=\"gallery-1-15609\" srcset=\"https:\/\/www.arquimaster.com.ar\/web\/wp-content\/uploads\/2015\/06\/revestimiento_interior_braicovich12-150x150.jpg 150w, https:\/\/www.arquimaster.com.ar\/web\/wp-content\/uploads\/2015\/06\/revestimiento_interior_braicovich12-50x50.jpg 50w, https:\/\/www.arquimaster.com.ar\/web\/wp-content\/uploads\/2015\/06\/revestimiento_interior_braicovich12-125x125.jpg 125w\" sizes=\"auto, (max-width: 150px) 100vw, 150px\" \/><\/a>\n\t\t\t<\/div>\n\t\t\t\t<figcaption class='wp-caption-text gallery-caption' id='gallery-1-15609'>\n\t\t\t\tColores, texturas y efectos para el dise\u00f1o interior\n\t\t\t\t<\/figcaption><\/figure><figure class='gallery-item'>\n\t\t\t<div class='gallery-icon landscape'>\n\t\t\t\t<a href='https:\/\/www.arquimaster.com.ar\/web\/wp-content\/uploads\/2015\/06\/revestimiento_interior_braicovich13.jpg' title=\"Colores, texturas y efectos para el dise\u00f1o interior\" data-rl_title=\"Colores, texturas y efectos para el dise\u00f1o interior\" class=\"rl-gallery-link\" data-rl_caption=\"Colores, texturas y efectos para el dise\u00f1o interior\" data-rel=\"lightbox-gallery-1\"><img loading=\"lazy\" decoding=\"async\" width=\"150\" height=\"150\" src=\"https:\/\/www.arquimaster.com.ar\/web\/wp-content\/uploads\/2015\/06\/revestimiento_interior_braicovich13-150x150.jpg\" class=\"attachment-thumbnail size-thumbnail\" alt=\"\" aria-describedby=\"gallery-1-15610\" srcset=\"https:\/\/www.arquimaster.com.ar\/web\/wp-content\/uploads\/2015\/06\/revestimiento_interior_braicovich13-150x150.jpg 150w, https:\/\/www.arquimaster.com.ar\/web\/wp-content\/uploads\/2015\/06\/revestimiento_interior_braicovich13-50x50.jpg 50w, https:\/\/www.arquimaster.com.ar\/web\/wp-content\/uploads\/2015\/06\/revestimiento_interior_braicovich13-125x125.jpg 125w\" sizes=\"auto, (max-width: 150px) 100vw, 150px\" \/><\/a>\n\t\t\t<\/div>\n\t\t\t\t<figcaption class='wp-caption-text gallery-caption' id='gallery-1-15610'>\n\t\t\t\tColores, texturas y efectos para el dise\u00f1o interior\n\t\t\t\t<\/figcaption><\/figure><figure class='gallery-item'>\n\t\t\t<div class='gallery-icon portrait'>\n\t\t\t\t<a href='https:\/\/www.arquimaster.com.ar\/web\/wp-content\/uploads\/2015\/06\/revestimiento_interior_braicovich14.jpg' title=\"Colores, texturas y efectos para el dise\u00f1o interior\" data-rl_title=\"Colores, texturas y efectos para el dise\u00f1o interior\" class=\"rl-gallery-link\" data-rl_caption=\"Colores, texturas y efectos para el dise\u00f1o interior\" data-rel=\"lightbox-gallery-1\"><img loading=\"lazy\" decoding=\"async\" width=\"150\" height=\"150\" src=\"https:\/\/www.arquimaster.com.ar\/web\/wp-content\/uploads\/2015\/06\/revestimiento_interior_braicovich14-150x150.jpg\" class=\"attachment-thumbnail size-thumbnail\" alt=\"\" aria-describedby=\"gallery-1-15611\" srcset=\"https:\/\/www.arquimaster.com.ar\/web\/wp-content\/uploads\/2015\/06\/revestimiento_interior_braicovich14-150x150.jpg 150w, https:\/\/www.arquimaster.com.ar\/web\/wp-content\/uploads\/2015\/06\/revestimiento_interior_braicovich14-50x50.jpg 50w, https:\/\/www.arquimaster.com.ar\/web\/wp-content\/uploads\/2015\/06\/revestimiento_interior_braicovich14-125x125.jpg 125w\" sizes=\"auto, (max-width: 150px) 100vw, 150px\" \/><\/a>\n\t\t\t<\/div>\n\t\t\t\t<figcaption class='wp-caption-text gallery-caption' id='gallery-1-15611'>\n\t\t\t\tColores, texturas y efectos para el dise\u00f1o interior\n\t\t\t\t<\/figcaption><\/figure><figure class='gallery-item'>\n\t\t\t<div class='gallery-icon landscape'>\n\t\t\t\t<a href='https:\/\/www.arquimaster.com.ar\/web\/wp-content\/uploads\/2015\/06\/revestimiento_interior_braicovich15.jpg' title=\"Colores, texturas y efectos para el dise\u00f1o interior\" data-rl_title=\"Colores, texturas y efectos para el dise\u00f1o interior\" class=\"rl-gallery-link\" data-rl_caption=\"Colores, texturas y efectos para el dise\u00f1o interior\" data-rel=\"lightbox-gallery-1\"><img loading=\"lazy\" decoding=\"async\" width=\"150\" height=\"150\" src=\"https:\/\/www.arquimaster.com.ar\/web\/wp-content\/uploads\/2015\/06\/revestimiento_interior_braicovich15-150x150.jpg\" class=\"attachment-thumbnail size-thumbnail\" alt=\"\" aria-describedby=\"gallery-1-15612\" srcset=\"https:\/\/www.arquimaster.com.ar\/web\/wp-content\/uploads\/2015\/06\/revestimiento_interior_braicovich15-150x150.jpg 150w, https:\/\/www.arquimaster.com.ar\/web\/wp-content\/uploads\/2015\/06\/revestimiento_interior_braicovich15-50x50.jpg 50w, https:\/\/www.arquimaster.com.ar\/web\/wp-content\/uploads\/2015\/06\/revestimiento_interior_braicovich15-125x125.jpg 125w\" sizes=\"auto, (max-width: 150px) 100vw, 150px\" \/><\/a>\n\t\t\t<\/div>\n\t\t\t\t<figcaption class='wp-caption-text gallery-caption' id='gallery-1-15612'>\n\t\t\t\tColores, texturas y efectos para el dise\u00f1o interior\n\t\t\t\t<\/figcaption><\/figure><figure class='gallery-item'>\n\t\t\t<div class='gallery-icon landscape'>\n\t\t\t\t<a href='https:\/\/www.arquimaster.com.ar\/web\/wp-content\/uploads\/2015\/06\/revestimiento_interior_braicovich16.jpg' title=\"Colores, texturas y efectos para el dise\u00f1o interior\" data-rl_title=\"Colores, texturas y efectos para el dise\u00f1o interior\" class=\"rl-gallery-link\" data-rl_caption=\"Colores, texturas y efectos para el dise\u00f1o interior\" data-rel=\"lightbox-gallery-1\"><img loading=\"lazy\" decoding=\"async\" width=\"150\" height=\"150\" src=\"https:\/\/www.arquimaster.com.ar\/web\/wp-content\/uploads\/2015\/06\/revestimiento_interior_braicovich16-150x150.jpg\" class=\"attachment-thumbnail size-thumbnail\" alt=\"\" aria-describedby=\"gallery-1-15613\" srcset=\"https:\/\/www.arquimaster.com.ar\/web\/wp-content\/uploads\/2015\/06\/revestimiento_interior_braicovich16-150x150.jpg 150w, https:\/\/www.arquimaster.com.ar\/web\/wp-content\/uploads\/2015\/06\/revestimiento_interior_braicovich16-50x50.jpg 50w, https:\/\/www.arquimaster.com.ar\/web\/wp-content\/uploads\/2015\/06\/revestimiento_interior_braicovich16-125x125.jpg 125w\" sizes=\"auto, (max-width: 150px) 100vw, 150px\" \/><\/a>\n\t\t\t<\/div>\n\t\t\t\t<figcaption class='wp-caption-text gallery-caption' id='gallery-1-15613'>\n\t\t\t\tColores, texturas y efectos para el dise\u00f1o interior\n\t\t\t\t<\/figcaption><\/figure>\n\t\t<\/div>\n\n<p>Una tendencia creciente del dise\u00f1o interior es el uso de revestimientos texturables, como complemento superador de la expresi\u00f3n plana de la pintura, ya que brinda nuevas experiencias decorativas, estil\u00edsticas y espaciales a los ambientes. As\u00ed como en las fachadas de las viviendas se ha impuesto hace d\u00e9cadas el uso de los revestimientos cementicios y acr\u00edlicos, la tendencia actual en decoraci\u00f3n es tambi\u00e9n utilizar revestimientos texturables y coloridos. Las texturas son ideales para los ambientes m\u00e1s amplios -como los de recepci\u00f3n, hall, living y comedor-, mientras que en ba\u00f1os y cocinas se prefieren los revestimientos con efectos visuales tipo \u00abespatulado\u00bb, como el Estuco Veneciano y el Estuco Antiguo.<\/p>\n<p>El <strong>Arq. Ricardo Braicovich<\/strong>, especialista en dise\u00f1o interior y titular de una empresa distribuidora de Tarquini, explica: <em>\u00abTarquini desarrolla l\u00edneas de revestimientos que brindan color, textura y efecto, otorgando al interiorismo calidad, est\u00e9tica e impronta. Alternando entre las cuatro grandes l\u00edneas de Tarquini definidas por su materia prima -cementicios, acr\u00edlicos, p\u00e9treos y calc\u00e1reos- se cubre la totalidad del abanico de posibilidades. Cabe destacar tambi\u00e9n que estos productos brindan ventajas de durabilidad, ya que los revestimientos tienen cuatro veces m\u00e1s dureza que la terminaci\u00f3n con yeso y pintura.<\/em><\/p>\n<p><em>Entre las ventajas econ\u00f3micas, si la decisi\u00f3n de revestir se toma en la etapa de obra se ahorran tres procesos de aplicaci\u00f3n, sustituyendo el yeso, el endu\u00eddo y la pintura, ya que el revestimiento se aplica directamente sobre el revoque grueso, generando tambi\u00e9n reducciones de tiempos de obra.<\/em><\/p>\n<p><em>Asimismo, desde una visi\u00f3n medioambiental, los revestimientos a la cal y\/o cementicios producen mejoras del h\u00e1bitat porque permiten una respiraci\u00f3n adecuada de los muros logr\u00e1ndose un tenor de humedad \u00f3ptimo en los interiores, que evita la aparici\u00f3n de hongos que generan en el h\u00e1bitat un perjuicio para la salud\u00bb<\/em>. El arquitecto titular de \u00abBraicovich\u00bb, primer local bandera distribuidor de Tarquini, ubicado en la ciudad de La Plata, detalla algunos tips de decoraci\u00f3n para cada ambiente de la casa:<\/p>\n<p><strong>Espacios de recepci\u00f3n, estar y comedor<\/strong><br \/>\n<em>\u00abLos espacios amplios son ideales para la inclusi\u00f3n de paredes con revestimientos y colores subidos, tanto en todo un ambiente, como en algunos planos generando una amplia gama de posibilidades. Por la versatilidad de las l\u00edneas de productos desarrollados por Tarquini se puede resolver estil\u00edsticamente cualquier proyecto, recurriendo a aplicaciones de caracter\u00edsticas cl\u00e1sicas o suntuosas, tanto como rusticas o despojadas, ecl\u00e9cticas o asc\u00e9ticas en su materialidad\u00bb<\/em>.<\/p>\n<p><strong>Cocinas<\/strong><br \/>\n<em>\u00abPara las cocinas los arquitectos eligen los revestimientos con efectos, ya que confieren un acabado visual sumamente pulido y lavable. Por ejemplo, el Estuco Veneciano es un producto acr\u00edlico que brinda un efecto de transparencia, ya que trabaja como las acuarelas, con una aplicaci\u00f3n esfumada que se realiza a la llana met\u00e1lica y genera un terminado con encerado mec\u00e1nico. Logra crear espacios luminosos, amplios, prolijos y puros. Tambi\u00e9n se puede optar por el Estuco Antiguo, producto cementicio, que planchado a la llana met\u00e1lica y terminado con encerado mec\u00e1nico, brinda fuerza visual permitiendo recrear el esplendor decorativo de los antiguos estucos grecolatinos de colores esfumados. Alternativamente, la l\u00ednea de revestimientos acr\u00edlicos interiores de Tarquini acerca una amplia variedad de colores claros o de valor medio con personalidad, como los denominados Array\u00e1n, Dij\u00f3n, Botichino, Bianchino, Fiorentino, Huincul y Travertino, excelentes opciones para las cocinas, ya que otorgan luminosidad, calidez y una sensaci\u00f3n de amplitud\u00bb<\/em>.<\/p>\n<p><strong>Ba\u00f1os<\/strong><br \/>\n<em>\u00abPara los ba\u00f1os y toilettes, los Estucos Venecianos y Antiguos son los m\u00e1s elegidos. La paleta de colores tierra, de valor medio y con tinte c\u00e1lido, a trav\u00e9s de colores como Nogal, Ant\u00edlope, Tosca, Array\u00e1n y otros, brindan la est\u00e9tica necesaria para estos ambientes. Los m\u00e1s atrevidos, pueden siempre optar por los efectos fuertes y altamente coloridos, con paletas tropicales como el Verde Palta Fl\u00fao, Mango, Turquesa y Fucsia\u00bb<\/em>.<\/p>\n<p><strong>Dormitorios<\/strong><br \/>\n<em>\u00abEstos espacios privados tambi\u00e9n pueden resolverse seg\u00fan criterios de dise\u00f1o de altos est\u00e1ndares de sofisticaci\u00f3n, como de simpleza y pulcritud. Existe una infinidad de posibilidades decorativas de textura y color para cada requerimiento est\u00e9tico y funcional. Son recomendables los de composici\u00f3n a la cal y\/o cementicios ya que permiten lograr espacios que mejoran el h\u00e1bitat, algo especialmente destacable para los dormitorios\u00bb<\/em>.<\/p>\n<p><strong>Im\u00e1genes<\/strong> (gentileza de Ricardo Braicovich)<\/p>\n<p><strong>Living 1:<\/strong> Para este living se utiliz\u00f3 el revestimiento acr\u00edlico Estuco Veneciano de Tarquini, en color Rojo Inca, con un estilo esfumado a la llana met\u00e1lica y una terminaci\u00f3n con encerado mec\u00e1nico.<\/p>\n<p><strong>Living 2:<\/strong> En esta casa en el Club de Campo Abril se aplicaron revestimientos acr\u00edlicos Estucos Venecianos de Tarquini, en colores Bianchino y C\u00f3ndor, esfumados a la llana met\u00e1lica y terminados con encerado mec\u00e1nico. A solicitud del\u00a0arquitecto a cargo\u00a0se trabaj\u00f3 el estuco veneciano en\u00a0estos colores como recurso del\u00a0contrapunto blanco y negro.<\/p>\n<p><strong>Comedor 1:<\/strong> En este comedor se opt\u00f3 por Estuco Veneciano en color Rojo Inca, con un estilo esfumado a la llana met\u00e1lica y una terminaci\u00f3n con encerado mec\u00e1nico.<\/p>\n<p><strong>Comedor 2:<\/strong> La aplicaci\u00f3n de revestimientos brinda importantes ventajas econ\u00f3micas, ya que si la decisi\u00f3n de revestir se toma en la etapa de obra se ahorran tres procesos de aplicaci\u00f3n, sustituyendo el yeso, el endu\u00eddo y la pintura, ya que el revestimiento se aplica directamente sobre el revoque grueso, generando tambi\u00e9n reducciones de tiempos de obra.<\/p>\n<p><strong>Cocina 1:<\/strong> Para la cocina de esta casa en el Club de Campo Abril se aplic\u00f3 un revestimiento interior Tarquini Estuco Veneciano, en color Array\u00e1n -desaturado-, planchado a la llana met\u00e1lica y terminado con lustre mec\u00e1nico a la cera. Este color es una excelente opci\u00f3n para la cocina ya que su luminosidad logra crear un espacio amplio, prolijo y puro.<\/p>\n<p><strong>Cocina 2:<\/strong> Para la cocina de esta casa de la ciudad de La Plata se eligieron revestimientos interiores acr\u00edlicos Estuco Veneciano de Tarquini, en colores Dij\u00f3n, Botichino, Bianchino, Fiorentino y Travertino, que logran un espacio arm\u00f3nico y luminoso para las tareas de cocina. Asimismo, este material es una opci\u00f3n muy interesante para este ambiente ya que es de f\u00e1cil limpiado.<\/p>\n<p><strong>Quincho:<\/strong> Por la versatilidad de las l\u00edneas de productos desarrollados por Tarquini se puede resolver estil\u00edsticamente cualquier proyecto, recurriendo a aplicaciones de caracter\u00edsticas cl\u00e1sicas o suntuosas, tanto como rusticas o despojadas, ecl\u00e9cticas o asc\u00e9ticas en su materialidad.<\/p>\n<p><strong>Ba\u00f1o 1:<\/strong> Se aplic\u00f3 el revestimiento interior acr\u00edlico Estuco Veneciano de Tarquini, en color C\u00f3ndor con un efecto de free design metallic, esfumado a la llana met\u00e1lica y terminado con encerado mec\u00e1nico.<\/p>\n<p><strong>Ba\u00f1o 2:<\/strong> En este ba\u00f1o que cuenta con un sector de spa, se aplicaron Estucos Venecianos de Tarquini, en colores Verde Fl\u00fao, Turquesa, Mango y Azul Puelo, logrando un \u00e1rea de relax, armonizando y creando un climax natural a trav\u00e9s de estos colores que armonizan con reminiscencias de lo natural, como el aire, el agua y la bot\u00e1nica. La aplicaci\u00f3n es esfumada a la llana met\u00e1lica, con una terminaci\u00f3n encerada mec\u00e1nica.<\/p>\n<p><strong>Ba\u00f1o 3:<\/strong> El revestimiento interior cementicio utilizado en este ba\u00f1o en suite es el Estuco Antiguo, de color Travertino y Tosca en compos\u00e9, planchado a la llana met\u00e1lica y terminado con encerado mec\u00e1nico, en combinaci\u00f3n con el lavabo de m\u00e1rmol en color Marr\u00f3n Emperador.<\/p>\n<p><strong>Ba\u00f1o 4:<\/strong> El revestimiento interior elegido para este ba\u00f1o es un Estuco Veneciano de Tarquini en una paleta de colores tierra con tinte c\u00e1lido obtenido a trav\u00e9s del color Nogal. La aplicaci\u00f3n es de un esfumado a la llana met\u00e1lica con terminaci\u00f3n de lustre mec\u00e1nico a la cera.<\/p>\n<p><strong>Ba\u00f1o 5:<\/strong> Para el ba\u00f1o de esta casa se aplicaron micropisos color Verde Cemento y color San Mart\u00edn, con detalles de Palosanto Maderas, con una guarda tejida y una grilla detr\u00e1s de la mesada.<\/p>\n<p><strong>Ba\u00f1o 6:<\/strong> Para este ba\u00f1o se opt\u00f3 por un revestimiento interior acr\u00edlico Tarquini Estuco Veneciano en color Negro Absoluto, esfumado a la llana met\u00e1lica y encerado mec\u00e1nico. La resoluci\u00f3n del piso y lavabos es de m\u00e1rmol Marr\u00f3n Emperador con accesorios en cemento color Wenge.<\/p>\n<p><strong>Toilette 1:<\/strong> En este toilette se aplic\u00f3 un Estuco Veneciano de Tarquini color Ant\u00edlope, con resoluci\u00f3n de piso y lavabos en m\u00e1rmol Marr\u00f3n Emperador y accesorios en cemento color Wenge, logrando un ambiente c\u00e1lido en colores de la gama tierra.<\/p>\n<p><strong>Toilette 2:<\/strong> Para este toilette se utiliz\u00f3 el revestimiento interior Estuco Veneciano, en color Gris Atuel, aplicado con esfumado a la llana met\u00e1lica y terminado en lustre mec\u00e1nico a la cera.<\/p>\n<p><strong>Toilette 3:<\/strong> Braicovich aplic\u00f3 en este toilette el revestimiento interior Tarquini Estuco Veneciano en color C\u00f3ndor, resaltado con detalles de colores intensos como la mesada de vidrio termovitrificado Negro y el oval Torino color Rojo.<\/p>\n\n<div style=\"font-size: 0px; height: 0px; line-height: 0px; margin: 0; padding: 0; clear: both;\"><\/div><div style=\"margin-top: 0px; margin-bottom: 0px;\" class=\"sharethis-inline-share-buttons\" ><\/div>","protected":false},"excerpt":{"rendered":"<p>Generan en los ambientes una calidez y un juego especial de luz y sombra sobre los colores&#8230;<\/p>\n","protected":false},"author":1,"featured_media":15597,"comment_status":"closed","ping_status":"closed","sticky":false,"template":"","format":"standard","meta":{"_uag_custom_page_level_css":"","footnotes":""},"categories":[55,56],"tags":[418,364,3396,420],"class_list":["post-15596","post","type-post","status-publish","format-standard","has-post-thumbnail","hentry","category-diseno","category-diseno-interior-decoracion","tag-molinos-tarquini","tag-revestimientos","tag-ricardo-braicovich","tag-tarquini","generate-columns","tablet-grid-50","mobile-grid-100","grid-parent","grid-50"],"yoast_head":"<!-- This site is optimized with the Yoast SEO plugin v27.3 - https:\/\/yoast.com\/product\/yoast-seo-wordpress\/ -->\n<title>Colores, texturas y efectos para el dise\u00f1o interior - Arquimaster<\/title>\n<meta name=\"robots\" content=\"index, follow, max-snippet:-1, max-image-preview:large, max-video-preview:-1\" \/>\n<link rel=\"canonical\" href=\"https:\/\/www.arquimaster.com.ar\/web\/colores-texturas-y-efectos-para-el-diseno-interior\/\" \/>\n<meta property=\"og:locale\" content=\"es_ES\" \/>\n<meta property=\"og:type\" content=\"article\" \/>\n<meta property=\"og:title\" content=\"Colores, texturas y efectos para el dise\u00f1o interior - Arquimaster\" \/>\n<meta property=\"og:description\" content=\"Generan en los ambientes una calidez y un juego especial de luz y sombra sobre los colores...\" \/>\n<meta property=\"og:url\" content=\"https:\/\/www.arquimaster.com.ar\/web\/colores-texturas-y-efectos-para-el-diseno-interior\/\" \/>\n<meta property=\"og:site_name\" content=\"Arquimaster\" \/>\n<meta property=\"article:publisher\" content=\"http:\/\/www.facebook.com\/ARQUIMASTER.com.ar\" \/>\n<meta property=\"article:published_time\" content=\"2015-04-24T15:00:48+00:00\" \/>\n<meta property=\"article:modified_time\" content=\"2025-10-29T21:58:27+00:00\" \/>\n<meta property=\"og:image\" content=\"https:\/\/www.arquimaster.com.ar\/web\/wp-content\/uploads\/2015\/06\/revestimiento_interior_braicovich_slide.jpg\" \/>\n\t<meta property=\"og:image:width\" content=\"642\" \/>\n\t<meta property=\"og:image:height\" content=\"336\" \/>\n\t<meta property=\"og:image:type\" content=\"image\/jpeg\" \/>\n<meta name=\"author\" content=\"Arquimaster\" \/>\n<meta name=\"twitter:card\" content=\"summary_large_image\" \/>\n<meta name=\"twitter:creator\" content=\"@arquimaster\" \/>\n<meta name=\"twitter:site\" content=\"@arquimaster\" \/>\n<meta name=\"twitter:label1\" content=\"Escrito por\" \/>\n\t<meta name=\"twitter:data1\" content=\"Arquimaster\" \/>\n\t<meta name=\"twitter:label2\" content=\"Tiempo de lectura\" \/>\n\t<meta name=\"twitter:data2\" content=\"8 minutos\" \/>\n<script type=\"application\/ld+json\" class=\"yoast-schema-graph\">{\"@context\":\"https:\\\/\\\/schema.org\",\"@graph\":[{\"@type\":\"Article\",\"@id\":\"https:\\\/\\\/www.arquimaster.com.ar\\\/web\\\/colores-texturas-y-efectos-para-el-diseno-interior\\\/#article\",\"isPartOf\":{\"@id\":\"https:\\\/\\\/www.arquimaster.com.ar\\\/web\\\/colores-texturas-y-efectos-para-el-diseno-interior\\\/\"},\"author\":{\"name\":\"Arquimaster\",\"@id\":\"https:\\\/\\\/www.arquimaster.com.ar\\\/web\\\/#\\\/schema\\\/person\\\/359e9f7c00193fcde068e0dd2ceb0028\"},\"headline\":\"Colores, texturas y efectos para el dise\u00f1o interior\",\"datePublished\":\"2015-04-24T15:00:48+00:00\",\"dateModified\":\"2025-10-29T21:58:27+00:00\",\"mainEntityOfPage\":{\"@id\":\"https:\\\/\\\/www.arquimaster.com.ar\\\/web\\\/colores-texturas-y-efectos-para-el-diseno-interior\\\/\"},\"wordCount\":1657,\"publisher\":{\"@id\":\"https:\\\/\\\/www.arquimaster.com.ar\\\/web\\\/#organization\"},\"image\":{\"@id\":\"https:\\\/\\\/www.arquimaster.com.ar\\\/web\\\/colores-texturas-y-efectos-para-el-diseno-interior\\\/#primaryimage\"},\"thumbnailUrl\":\"https:\\\/\\\/www.arquimaster.com.ar\\\/web\\\/wp-content\\\/uploads\\\/2015\\\/06\\\/revestimiento_interior_braicovich_slide.jpg\",\"keywords\":[\"Molinos Tarquini\",\"revestimientos\",\"Ricardo Braicovich\",\"Tarquini\"],\"articleSection\":[\"Dise\u00f1o\",\"Dise\u00f1o interior y decoracion\"],\"inLanguage\":\"es\"},{\"@type\":\"WebPage\",\"@id\":\"https:\\\/\\\/www.arquimaster.com.ar\\\/web\\\/colores-texturas-y-efectos-para-el-diseno-interior\\\/\",\"url\":\"https:\\\/\\\/www.arquimaster.com.ar\\\/web\\\/colores-texturas-y-efectos-para-el-diseno-interior\\\/\",\"name\":\"Colores, texturas y efectos para el dise\u00f1o interior - Arquimaster\",\"isPartOf\":{\"@id\":\"https:\\\/\\\/www.arquimaster.com.ar\\\/web\\\/#website\"},\"primaryImageOfPage\":{\"@id\":\"https:\\\/\\\/www.arquimaster.com.ar\\\/web\\\/colores-texturas-y-efectos-para-el-diseno-interior\\\/#primaryimage\"},\"image\":{\"@id\":\"https:\\\/\\\/www.arquimaster.com.ar\\\/web\\\/colores-texturas-y-efectos-para-el-diseno-interior\\\/#primaryimage\"},\"thumbnailUrl\":\"https:\\\/\\\/www.arquimaster.com.ar\\\/web\\\/wp-content\\\/uploads\\\/2015\\\/06\\\/revestimiento_interior_braicovich_slide.jpg\",\"datePublished\":\"2015-04-24T15:00:48+00:00\",\"dateModified\":\"2025-10-29T21:58:27+00:00\",\"breadcrumb\":{\"@id\":\"https:\\\/\\\/www.arquimaster.com.ar\\\/web\\\/colores-texturas-y-efectos-para-el-diseno-interior\\\/#breadcrumb\"},\"inLanguage\":\"es\",\"potentialAction\":[{\"@type\":\"ReadAction\",\"target\":[\"https:\\\/\\\/www.arquimaster.com.ar\\\/web\\\/colores-texturas-y-efectos-para-el-diseno-interior\\\/\"]}]},{\"@type\":\"ImageObject\",\"inLanguage\":\"es\",\"@id\":\"https:\\\/\\\/www.arquimaster.com.ar\\\/web\\\/colores-texturas-y-efectos-para-el-diseno-interior\\\/#primaryimage\",\"url\":\"https:\\\/\\\/www.arquimaster.com.ar\\\/web\\\/wp-content\\\/uploads\\\/2015\\\/06\\\/revestimiento_interior_braicovich_slide.jpg\",\"contentUrl\":\"https:\\\/\\\/www.arquimaster.com.ar\\\/web\\\/wp-content\\\/uploads\\\/2015\\\/06\\\/revestimiento_interior_braicovich_slide.jpg\",\"width\":642,\"height\":336},{\"@type\":\"BreadcrumbList\",\"@id\":\"https:\\\/\\\/www.arquimaster.com.ar\\\/web\\\/colores-texturas-y-efectos-para-el-diseno-interior\\\/#breadcrumb\",\"itemListElement\":[{\"@type\":\"ListItem\",\"position\":1,\"name\":\"Portada\",\"item\":\"https:\\\/\\\/www.arquimaster.com.ar\\\/web\\\/\"},{\"@type\":\"ListItem\",\"position\":2,\"name\":\"Colores, texturas y efectos para el dise\u00f1o interior\"}]},{\"@type\":\"WebSite\",\"@id\":\"https:\\\/\\\/www.arquimaster.com.ar\\\/web\\\/#website\",\"url\":\"https:\\\/\\\/www.arquimaster.com.ar\\\/web\\\/\",\"name\":\"Arquimaster\",\"description\":\"Web de arquitectura, dise\u00f1o y construccion\",\"publisher\":{\"@id\":\"https:\\\/\\\/www.arquimaster.com.ar\\\/web\\\/#organization\"},\"potentialAction\":[{\"@type\":\"SearchAction\",\"target\":{\"@type\":\"EntryPoint\",\"urlTemplate\":\"https:\\\/\\\/www.arquimaster.com.ar\\\/web\\\/?s={search_term_string}\"},\"query-input\":{\"@type\":\"PropertyValueSpecification\",\"valueRequired\":true,\"valueName\":\"search_term_string\"}}],\"inLanguage\":\"es\"},{\"@type\":\"Organization\",\"@id\":\"https:\\\/\\\/www.arquimaster.com.ar\\\/web\\\/#organization\",\"name\":\"Arquimaster\",\"url\":\"https:\\\/\\\/www.arquimaster.com.ar\\\/web\\\/\",\"logo\":{\"@type\":\"ImageObject\",\"inLanguage\":\"es\",\"@id\":\"https:\\\/\\\/www.arquimaster.com.ar\\\/web\\\/#\\\/schema\\\/logo\\\/image\\\/\",\"url\":\"https:\\\/\\\/www.arquimaster.com.ar\\\/web\\\/wp-content\\\/uploads\\\/2022\\\/06\\\/arquimaster.png\",\"contentUrl\":\"https:\\\/\\\/www.arquimaster.com.ar\\\/web\\\/wp-content\\\/uploads\\\/2022\\\/06\\\/arquimaster.png\",\"width\":594,\"height\":78,\"caption\":\"Arquimaster\"},\"image\":{\"@id\":\"https:\\\/\\\/www.arquimaster.com.ar\\\/web\\\/#\\\/schema\\\/logo\\\/image\\\/\"},\"sameAs\":[\"http:\\\/\\\/www.facebook.com\\\/ARQUIMASTER.com.ar\",\"https:\\\/\\\/x.com\\\/arquimaster\",\"https:\\\/\\\/www.instagram.com\\\/arquimasterblog\\\/\",\"https:\\\/\\\/www.linkedin.com\\\/company\\\/arquimaster\",\"https:\\\/\\\/www.pinterest.com\\\/arquimaster\",\"https:\\\/\\\/t.me\\\/arquimaster\"]},{\"@type\":\"Person\",\"@id\":\"https:\\\/\\\/www.arquimaster.com.ar\\\/web\\\/#\\\/schema\\\/person\\\/359e9f7c00193fcde068e0dd2ceb0028\",\"name\":\"Arquimaster\"}]}<\/script>\n<!-- \/ Yoast SEO plugin. -->","yoast_head_json":{"title":"Colores, texturas y efectos para el dise\u00f1o interior - Arquimaster","robots":{"index":"index","follow":"follow","max-snippet":"max-snippet:-1","max-image-preview":"max-image-preview:large","max-video-preview":"max-video-preview:-1"},"canonical":"https:\/\/www.arquimaster.com.ar\/web\/colores-texturas-y-efectos-para-el-diseno-interior\/","og_locale":"es_ES","og_type":"article","og_title":"Colores, texturas y efectos para el dise\u00f1o interior - Arquimaster","og_description":"Generan en los ambientes una calidez y un juego especial de luz y sombra sobre los colores...","og_url":"https:\/\/www.arquimaster.com.ar\/web\/colores-texturas-y-efectos-para-el-diseno-interior\/","og_site_name":"Arquimaster","article_publisher":"http:\/\/www.facebook.com\/ARQUIMASTER.com.ar","article_published_time":"2015-04-24T15:00:48+00:00","article_modified_time":"2025-10-29T21:58:27+00:00","og_image":[{"width":642,"height":336,"url":"https:\/\/www.arquimaster.com.ar\/web\/wp-content\/uploads\/2015\/06\/revestimiento_interior_braicovich_slide.jpg","type":"image\/jpeg"}],"author":"Arquimaster","twitter_card":"summary_large_image","twitter_creator":"@arquimaster","twitter_site":"@arquimaster","twitter_misc":{"Escrito por":"Arquimaster","Tiempo de lectura":"8 minutos"},"schema":{"@context":"https:\/\/schema.org","@graph":[{"@type":"Article","@id":"https:\/\/www.arquimaster.com.ar\/web\/colores-texturas-y-efectos-para-el-diseno-interior\/#article","isPartOf":{"@id":"https:\/\/www.arquimaster.com.ar\/web\/colores-texturas-y-efectos-para-el-diseno-interior\/"},"author":{"name":"Arquimaster","@id":"https:\/\/www.arquimaster.com.ar\/web\/#\/schema\/person\/359e9f7c00193fcde068e0dd2ceb0028"},"headline":"Colores, texturas y efectos para el dise\u00f1o interior","datePublished":"2015-04-24T15:00:48+00:00","dateModified":"2025-10-29T21:58:27+00:00","mainEntityOfPage":{"@id":"https:\/\/www.arquimaster.com.ar\/web\/colores-texturas-y-efectos-para-el-diseno-interior\/"},"wordCount":1657,"publisher":{"@id":"https:\/\/www.arquimaster.com.ar\/web\/#organization"},"image":{"@id":"https:\/\/www.arquimaster.com.ar\/web\/colores-texturas-y-efectos-para-el-diseno-interior\/#primaryimage"},"thumbnailUrl":"https:\/\/www.arquimaster.com.ar\/web\/wp-content\/uploads\/2015\/06\/revestimiento_interior_braicovich_slide.jpg","keywords":["Molinos Tarquini","revestimientos","Ricardo Braicovich","Tarquini"],"articleSection":["Dise\u00f1o","Dise\u00f1o interior y decoracion"],"inLanguage":"es"},{"@type":"WebPage","@id":"https:\/\/www.arquimaster.com.ar\/web\/colores-texturas-y-efectos-para-el-diseno-interior\/","url":"https:\/\/www.arquimaster.com.ar\/web\/colores-texturas-y-efectos-para-el-diseno-interior\/","name":"Colores, texturas y efectos para el dise\u00f1o interior - Arquimaster","isPartOf":{"@id":"https:\/\/www.arquimaster.com.ar\/web\/#website"},"primaryImageOfPage":{"@id":"https:\/\/www.arquimaster.com.ar\/web\/colores-texturas-y-efectos-para-el-diseno-interior\/#primaryimage"},"image":{"@id":"https:\/\/www.arquimaster.com.ar\/web\/colores-texturas-y-efectos-para-el-diseno-interior\/#primaryimage"},"thumbnailUrl":"https:\/\/www.arquimaster.com.ar\/web\/wp-content\/uploads\/2015\/06\/revestimiento_interior_braicovich_slide.jpg","datePublished":"2015-04-24T15:00:48+00:00","dateModified":"2025-10-29T21:58:27+00:00","breadcrumb":{"@id":"https:\/\/www.arquimaster.com.ar\/web\/colores-texturas-y-efectos-para-el-diseno-interior\/#breadcrumb"},"inLanguage":"es","potentialAction":[{"@type":"ReadAction","target":["https:\/\/www.arquimaster.com.ar\/web\/colores-texturas-y-efectos-para-el-diseno-interior\/"]}]},{"@type":"ImageObject","inLanguage":"es","@id":"https:\/\/www.arquimaster.com.ar\/web\/colores-texturas-y-efectos-para-el-diseno-interior\/#primaryimage","url":"https:\/\/www.arquimaster.com.ar\/web\/wp-content\/uploads\/2015\/06\/revestimiento_interior_braicovich_slide.jpg","contentUrl":"https:\/\/www.arquimaster.com.ar\/web\/wp-content\/uploads\/2015\/06\/revestimiento_interior_braicovich_slide.jpg","width":642,"height":336},{"@type":"BreadcrumbList","@id":"https:\/\/www.arquimaster.com.ar\/web\/colores-texturas-y-efectos-para-el-diseno-interior\/#breadcrumb","itemListElement":[{"@type":"ListItem","position":1,"name":"Portada","item":"https:\/\/www.arquimaster.com.ar\/web\/"},{"@type":"ListItem","position":2,"name":"Colores, texturas y efectos para el dise\u00f1o interior"}]},{"@type":"WebSite","@id":"https:\/\/www.arquimaster.com.ar\/web\/#website","url":"https:\/\/www.arquimaster.com.ar\/web\/","name":"Arquimaster","description":"Web de arquitectura, dise\u00f1o y construccion","publisher":{"@id":"https:\/\/www.arquimaster.com.ar\/web\/#organization"},"potentialAction":[{"@type":"SearchAction","target":{"@type":"EntryPoint","urlTemplate":"https:\/\/www.arquimaster.com.ar\/web\/?s={search_term_string}"},"query-input":{"@type":"PropertyValueSpecification","valueRequired":true,"valueName":"search_term_string"}}],"inLanguage":"es"},{"@type":"Organization","@id":"https:\/\/www.arquimaster.com.ar\/web\/#organization","name":"Arquimaster","url":"https:\/\/www.arquimaster.com.ar\/web\/","logo":{"@type":"ImageObject","inLanguage":"es","@id":"https:\/\/www.arquimaster.com.ar\/web\/#\/schema\/logo\/image\/","url":"https:\/\/www.arquimaster.com.ar\/web\/wp-content\/uploads\/2022\/06\/arquimaster.png","contentUrl":"https:\/\/www.arquimaster.com.ar\/web\/wp-content\/uploads\/2022\/06\/arquimaster.png","width":594,"height":78,"caption":"Arquimaster"},"image":{"@id":"https:\/\/www.arquimaster.com.ar\/web\/#\/schema\/logo\/image\/"},"sameAs":["http:\/\/www.facebook.com\/ARQUIMASTER.com.ar","https:\/\/x.com\/arquimaster","https:\/\/www.instagram.com\/arquimasterblog\/","https:\/\/www.linkedin.com\/company\/arquimaster","https:\/\/www.pinterest.com\/arquimaster","https:\/\/t.me\/arquimaster"]},{"@type":"Person","@id":"https:\/\/www.arquimaster.com.ar\/web\/#\/schema\/person\/359e9f7c00193fcde068e0dd2ceb0028","name":"Arquimaster"}]}},"uagb_featured_image_src":{"full":["https:\/\/www.arquimaster.com.ar\/web\/wp-content\/uploads\/2015\/06\/revestimiento_interior_braicovich_slide.jpg",642,336,false],"thumbnail":["https:\/\/www.arquimaster.com.ar\/web\/wp-content\/uploads\/2015\/06\/revestimiento_interior_braicovich_slide-150x150.jpg",150,150,true],"medium":["https:\/\/www.arquimaster.com.ar\/web\/wp-content\/uploads\/2015\/06\/revestimiento_interior_braicovich_slide.jpg",642,336,false],"medium_large":["https:\/\/www.arquimaster.com.ar\/web\/wp-content\/uploads\/2015\/06\/revestimiento_interior_braicovich_slide.jpg",642,336,false],"large":["https:\/\/www.arquimaster.com.ar\/web\/wp-content\/uploads\/2015\/06\/revestimiento_interior_braicovich_slide.jpg",642,336,false],"1536x1536":["https:\/\/www.arquimaster.com.ar\/web\/wp-content\/uploads\/2015\/06\/revestimiento_interior_braicovich_slide.jpg",642,336,false],"2048x2048":["https:\/\/www.arquimaster.com.ar\/web\/wp-content\/uploads\/2015\/06\/revestimiento_interior_braicovich_slide.jpg",642,336,false]},"uagb_author_info":{"display_name":"Arquimaster","author_link":"https:\/\/www.arquimaster.com.ar\/web\/author\/arquimaster\/"},"uagb_comment_info":0,"uagb_excerpt":"Generan en los ambientes una calidez y un juego especial de luz y sombra sobre los colores...","_links":{"self":[{"href":"https:\/\/www.arquimaster.com.ar\/web\/wp-json\/wp\/v2\/posts\/15596","targetHints":{"allow":["GET"]}}],"collection":[{"href":"https:\/\/www.arquimaster.com.ar\/web\/wp-json\/wp\/v2\/posts"}],"about":[{"href":"https:\/\/www.arquimaster.com.ar\/web\/wp-json\/wp\/v2\/types\/post"}],"author":[{"embeddable":true,"href":"https:\/\/www.arquimaster.com.ar\/web\/wp-json\/wp\/v2\/users\/1"}],"replies":[{"embeddable":true,"href":"https:\/\/www.arquimaster.com.ar\/web\/wp-json\/wp\/v2\/comments?post=15596"}],"version-history":[{"count":1,"href":"https:\/\/www.arquimaster.com.ar\/web\/wp-json\/wp\/v2\/posts\/15596\/revisions"}],"predecessor-version":[{"id":86527,"href":"https:\/\/www.arquimaster.com.ar\/web\/wp-json\/wp\/v2\/posts\/15596\/revisions\/86527"}],"wp:featuredmedia":[{"embeddable":true,"href":"https:\/\/www.arquimaster.com.ar\/web\/wp-json\/wp\/v2\/media\/15597"}],"wp:attachment":[{"href":"https:\/\/www.arquimaster.com.ar\/web\/wp-json\/wp\/v2\/media?parent=15596"}],"wp:term":[{"taxonomy":"category","embeddable":true,"href":"https:\/\/www.arquimaster.com.ar\/web\/wp-json\/wp\/v2\/categories?post=15596"},{"taxonomy":"post_tag","embeddable":true,"href":"https:\/\/www.arquimaster.com.ar\/web\/wp-json\/wp\/v2\/tags?post=15596"}],"curies":[{"name":"wp","href":"https:\/\/api.w.org\/{rel}","templated":true}]}}