{"id":15760,"date":"2015-06-16T20:00:53","date_gmt":"2015-06-16T20:00:53","guid":{"rendered":"http:\/\/www.arquimaster.com.ar\/web\/?p=15760"},"modified":"2025-10-29T18:26:23","modified_gmt":"2025-10-29T21:26:23","slug":"man-bath-el-nuevo-desenfado-en-el-bano","status":"publish","type":"post","link":"https:\/\/www.arquimaster.com.ar\/web\/man-bath-el-nuevo-desenfado-en-el-bano\/","title":{"rendered":"Man &#038; Bath, el nuevo desenfado en el ba\u00f1o"},"content":{"rendered":"<div style=\"margin-top: 0px; margin-bottom: 0px;\" class=\"sharethis-inline-share-buttons\" ><\/div><div class=\"b812932af2e751442846f039925109de\" data-index=\"1\" style=\"float: none; margin:25px 0 25px 0; text-align:center;\">\n<script async src=\"https:\/\/pagead2.googlesyndication.com\/pagead\/js\/adsbygoogle.js\"><\/script>\r\n<!-- Arquimaster (superior) -->\r\n<ins class=\"adsbygoogle\"\r\n     style=\"display:block\"\r\n     data-ad-client=\"ca-pub-6351072698456832\"\r\n     data-ad-slot=\"6455489680\"\r\n     data-ad-format=\"auto\"\r\n     data-full-width-responsive=\"true\"><\/ins>\r\n<script>\r\n     (adsbygoogle = window.adsbygoogle || []).push({});\r\n<\/script>\n<\/div>\n<h3><strong>Genuino y crudo: un dise\u00f1o masculino conquista el ba\u00f1o moderno con materiales aut\u00e9nticos y car\u00e1cter masculino. Este estilo est\u00e1 definido por l\u00edneas rectas, cantos duros y una estructura clara.<\/strong><\/h3>\n<p>El ba\u00f1o de un hombre es minimalista, pragm\u00e1ticamente masculino con un toque de desenfado. All\u00ed domina la funcionalidad sin florituras, enmarcada por un dise\u00f1o sencillo y colores oscuros. Mientras las mujeres prefieren mayoritariamente tonos suaves en el ba\u00f1o, los hombres se deciden por el gris claro o un noble negro.<\/p>\n<div id='gallery-1' class='gallery galleryid-15760 gallery-columns-3 gallery-size-thumbnail'><figure class='gallery-item'>\n\t\t\t<div class='gallery-icon landscape'>\n\t\t\t\t<a href='https:\/\/www.arquimaster.com.ar\/web\/wp-content\/uploads\/2015\/06\/man_bath_duravit1.jpg' title=\"Man &amp; Bath, el nuevo desenfado en el ba\u00f1o\" data-rl_title=\"Man &amp; Bath, el nuevo desenfado en el ba\u00f1o\" class=\"rl-gallery-link\" data-rl_caption=\"Man &amp; Bath, el nuevo desenfado en el ba\u00f1o\" data-rel=\"lightbox-gallery-1\"><img loading=\"lazy\" decoding=\"async\" width=\"150\" height=\"150\" src=\"https:\/\/www.arquimaster.com.ar\/web\/wp-content\/uploads\/2015\/06\/man_bath_duravit1-150x150.jpg\" class=\"attachment-thumbnail size-thumbnail\" alt=\"\" aria-describedby=\"gallery-1-15762\" srcset=\"https:\/\/www.arquimaster.com.ar\/web\/wp-content\/uploads\/2015\/06\/man_bath_duravit1-150x150.jpg 150w, https:\/\/www.arquimaster.com.ar\/web\/wp-content\/uploads\/2015\/06\/man_bath_duravit1-50x50.jpg 50w, https:\/\/www.arquimaster.com.ar\/web\/wp-content\/uploads\/2015\/06\/man_bath_duravit1-125x125.jpg 125w\" sizes=\"auto, (max-width: 150px) 100vw, 150px\" \/><\/a>\n\t\t\t<\/div>\n\t\t\t\t<figcaption class='wp-caption-text gallery-caption' id='gallery-1-15762'>\n\t\t\t\tMan &#038; Bath, el nuevo desenfado en el ba\u00f1o\n\t\t\t\t<\/figcaption><\/figure><figure class='gallery-item'>\n\t\t\t<div class='gallery-icon landscape'>\n\t\t\t\t<a href='https:\/\/www.arquimaster.com.ar\/web\/wp-content\/uploads\/2015\/06\/man_bath_duravit2.jpg' title=\"Man &amp; Bath, el nuevo desenfado en el ba\u00f1o\" data-rl_title=\"Man &amp; Bath, el nuevo desenfado en el ba\u00f1o\" class=\"rl-gallery-link\" data-rl_caption=\"Man &amp; Bath, el nuevo desenfado en el ba\u00f1o\" data-rel=\"lightbox-gallery-1\"><img loading=\"lazy\" decoding=\"async\" width=\"150\" height=\"150\" src=\"https:\/\/www.arquimaster.com.ar\/web\/wp-content\/uploads\/2015\/06\/man_bath_duravit2-150x150.jpg\" class=\"attachment-thumbnail size-thumbnail\" alt=\"\" aria-describedby=\"gallery-1-15763\" srcset=\"https:\/\/www.arquimaster.com.ar\/web\/wp-content\/uploads\/2015\/06\/man_bath_duravit2-150x150.jpg 150w, https:\/\/www.arquimaster.com.ar\/web\/wp-content\/uploads\/2015\/06\/man_bath_duravit2-50x50.jpg 50w, https:\/\/www.arquimaster.com.ar\/web\/wp-content\/uploads\/2015\/06\/man_bath_duravit2-125x125.jpg 125w\" sizes=\"auto, (max-width: 150px) 100vw, 150px\" \/><\/a>\n\t\t\t<\/div>\n\t\t\t\t<figcaption class='wp-caption-text gallery-caption' id='gallery-1-15763'>\n\t\t\t\tMan &#038; Bath, el nuevo desenfado en el ba\u00f1o\n\t\t\t\t<\/figcaption><\/figure><figure class='gallery-item'>\n\t\t\t<div class='gallery-icon portrait'>\n\t\t\t\t<a href='https:\/\/www.arquimaster.com.ar\/web\/wp-content\/uploads\/2015\/06\/man_bath_duravit4.jpg' title=\"Man &amp; Bath, el nuevo desenfado en el ba\u00f1o\" data-rl_title=\"Man &amp; Bath, el nuevo desenfado en el ba\u00f1o\" class=\"rl-gallery-link\" data-rl_caption=\"Man &amp; Bath, el nuevo desenfado en el ba\u00f1o\" data-rel=\"lightbox-gallery-1\"><img loading=\"lazy\" decoding=\"async\" width=\"150\" height=\"150\" src=\"https:\/\/www.arquimaster.com.ar\/web\/wp-content\/uploads\/2015\/06\/man_bath_duravit4-150x150.jpg\" class=\"attachment-thumbnail size-thumbnail\" alt=\"\" aria-describedby=\"gallery-1-15768\" srcset=\"https:\/\/www.arquimaster.com.ar\/web\/wp-content\/uploads\/2015\/06\/man_bath_duravit4-150x150.jpg 150w, https:\/\/www.arquimaster.com.ar\/web\/wp-content\/uploads\/2015\/06\/man_bath_duravit4-50x50.jpg 50w, https:\/\/www.arquimaster.com.ar\/web\/wp-content\/uploads\/2015\/06\/man_bath_duravit4-125x125.jpg 125w\" sizes=\"auto, (max-width: 150px) 100vw, 150px\" \/><\/a>\n\t\t\t<\/div>\n\t\t\t\t<figcaption class='wp-caption-text gallery-caption' id='gallery-1-15768'>\n\t\t\t\tMan &#038; Bath, el nuevo desenfado en el ba\u00f1o\n\t\t\t\t<\/figcaption><\/figure><figure class='gallery-item'>\n\t\t\t<div class='gallery-icon portrait'>\n\t\t\t\t<a href='https:\/\/www.arquimaster.com.ar\/web\/wp-content\/uploads\/2015\/06\/man_bath_duravit5.jpg' title=\"Man &amp; Bath, el nuevo desenfado en el ba\u00f1o\" data-rl_title=\"Man &amp; Bath, el nuevo desenfado en el ba\u00f1o\" class=\"rl-gallery-link\" data-rl_caption=\"Man &amp; Bath, el nuevo desenfado en el ba\u00f1o\" data-rel=\"lightbox-gallery-1\"><img loading=\"lazy\" decoding=\"async\" width=\"150\" height=\"150\" src=\"https:\/\/www.arquimaster.com.ar\/web\/wp-content\/uploads\/2015\/06\/man_bath_duravit5-150x150.jpg\" class=\"attachment-thumbnail size-thumbnail\" alt=\"\" aria-describedby=\"gallery-1-15766\" srcset=\"https:\/\/www.arquimaster.com.ar\/web\/wp-content\/uploads\/2015\/06\/man_bath_duravit5-150x150.jpg 150w, https:\/\/www.arquimaster.com.ar\/web\/wp-content\/uploads\/2015\/06\/man_bath_duravit5-50x50.jpg 50w, https:\/\/www.arquimaster.com.ar\/web\/wp-content\/uploads\/2015\/06\/man_bath_duravit5-125x125.jpg 125w\" sizes=\"auto, (max-width: 150px) 100vw, 150px\" \/><\/a>\n\t\t\t<\/div>\n\t\t\t\t<figcaption class='wp-caption-text gallery-caption' id='gallery-1-15766'>\n\t\t\t\tMan &#038; Bath, el nuevo desenfado en el ba\u00f1o\n\t\t\t\t<\/figcaption><\/figure><figure class='gallery-item'>\n\t\t\t<div class='gallery-icon portrait'>\n\t\t\t\t<a href='https:\/\/www.arquimaster.com.ar\/web\/wp-content\/uploads\/2015\/06\/man_bath_duravit3.jpg' title=\"Man &amp; Bath, el nuevo desenfado en el ba\u00f1o\" data-rl_title=\"Man &amp; Bath, el nuevo desenfado en el ba\u00f1o\" class=\"rl-gallery-link\" data-rl_caption=\"Man &amp; Bath, el nuevo desenfado en el ba\u00f1o\" data-rel=\"lightbox-gallery-1\"><img loading=\"lazy\" decoding=\"async\" width=\"150\" height=\"150\" src=\"https:\/\/www.arquimaster.com.ar\/web\/wp-content\/uploads\/2015\/06\/man_bath_duravit3-150x150.jpg\" class=\"attachment-thumbnail size-thumbnail\" alt=\"\" aria-describedby=\"gallery-1-15764\" srcset=\"https:\/\/www.arquimaster.com.ar\/web\/wp-content\/uploads\/2015\/06\/man_bath_duravit3-150x150.jpg 150w, https:\/\/www.arquimaster.com.ar\/web\/wp-content\/uploads\/2015\/06\/man_bath_duravit3-50x50.jpg 50w, https:\/\/www.arquimaster.com.ar\/web\/wp-content\/uploads\/2015\/06\/man_bath_duravit3-125x125.jpg 125w\" sizes=\"auto, (max-width: 150px) 100vw, 150px\" \/><\/a>\n\t\t\t<\/div>\n\t\t\t\t<figcaption class='wp-caption-text gallery-caption' id='gallery-1-15764'>\n\t\t\t\tMan &#038; Bath, el nuevo desenfado en el ba\u00f1o\n\t\t\t\t<\/figcaption><\/figure><figure class='gallery-item'>\n\t\t\t<div class='gallery-icon landscape'>\n\t\t\t\t<a href='https:\/\/www.arquimaster.com.ar\/web\/wp-content\/uploads\/2015\/06\/man_bath_duravit6.jpg' title=\"Man &amp; Bath, el nuevo desenfado en el ba\u00f1o\" data-rl_title=\"Man &amp; Bath, el nuevo desenfado en el ba\u00f1o\" class=\"rl-gallery-link\" data-rl_caption=\"Man &amp; Bath, el nuevo desenfado en el ba\u00f1o\" data-rel=\"lightbox-gallery-1\"><img loading=\"lazy\" decoding=\"async\" width=\"150\" height=\"150\" src=\"https:\/\/www.arquimaster.com.ar\/web\/wp-content\/uploads\/2015\/06\/man_bath_duravit6-150x150.jpg\" class=\"attachment-thumbnail size-thumbnail\" alt=\"\" aria-describedby=\"gallery-1-15767\" srcset=\"https:\/\/www.arquimaster.com.ar\/web\/wp-content\/uploads\/2015\/06\/man_bath_duravit6-150x150.jpg 150w, https:\/\/www.arquimaster.com.ar\/web\/wp-content\/uploads\/2015\/06\/man_bath_duravit6-50x50.jpg 50w, https:\/\/www.arquimaster.com.ar\/web\/wp-content\/uploads\/2015\/06\/man_bath_duravit6-125x125.jpg 125w\" sizes=\"auto, (max-width: 150px) 100vw, 150px\" \/><\/a>\n\t\t\t<\/div>\n\t\t\t\t<figcaption class='wp-caption-text gallery-caption' id='gallery-1-15767'>\n\t\t\t\tMan &#038; Bath, el nuevo desenfado en el ba\u00f1o\n\t\t\t\t<\/figcaption><\/figure>\n\t\t<\/div>\n\n<p>El ba\u00f1o masculino, con las paredes rugosas de hormig\u00f3n o ladrillos sin rebosar tiene un car\u00e1cter t\u00edpicamente arcaico. Los productos de dise\u00f1o como<strong> Stonetto<\/strong> de Duravit proporcionan acentos refinados.<\/p>\n<p>El plato de ducha, dise\u00f1ado por el trio de dise\u00f1adores de Viena, <strong>EOOS<\/strong>, se elabora con el nuevo\u00a0 material de fundici\u00f3n mineral DuraSolid.<\/p>\n<p>Esta tecnolog\u00eda produce una superficie mate muy cercana a las caracter\u00edsticas de la piedra natural. De esta forma se consigue para Stonetto esta superficie en forma de piedra y de color mate.<\/p>\n<p>Durante su uso, el plato de ducha se percibe como una piedra lavada por el agua de un rio durante mucho tiempo. Una experiencia sensual, sobre todo en un entorno masculino.<\/p>\n<p>Una declaraci\u00f3n excepcional de dise\u00f1o que se elige muchas veces de forma consciente reflejando as\u00ed su personalidad en el ba\u00f1o, prescindiendo de accesorios corrientes.<\/p>\n<p>La selecci\u00f3n recae normalmente en productos estudiados que re\u00fanen dise\u00f1o y funcionalidad. La nueva <strong>serie ME<\/strong> by <strong>Starck<\/strong> de Duravit convence por sus formas claras que no dominan y que dejan suficiente espacio libre para el individualismo.<\/p>\n<p>En un espacio de descanso para los hombres, el confort y la relajaci\u00f3n son importantes. Las experiencias de Wellness no son lo m\u00e1s importante sino un equipamiento discreto que invite con su sencilla elegancia a un descanso y que mantener este estilo masculino.<\/p>\n<p>En este ambiente encaja bien la <strong>ba\u00f1era Paiova 5<\/strong> de Duravit, con su dise\u00f1o escultural y espacio para dos personas. En combinaci\u00f3n con un elemento caracter\u00edstico como un sill\u00f3n de cuero se crea un ambiente muy confortable.<\/p>\n\n<div style=\"font-size: 0px; height: 0px; line-height: 0px; margin: 0; padding: 0; clear: both;\"><\/div><div style=\"margin-top: 0px; margin-bottom: 0px;\" class=\"sharethis-inline-share-buttons\" ><\/div>","protected":false},"excerpt":{"rendered":"<p>Un dise\u00f1o masculino conquista el ba\u00f1o moderno con materiales aut\u00e9nticos y car\u00e1cter&#8230;<\/p>\n","protected":false},"author":1,"featured_media":15761,"comment_status":"closed","ping_status":"closed","sticky":false,"template":"","format":"standard","meta":{"_uag_custom_page_level_css":"","footnotes":""},"categories":[55,56],"tags":[327,332,329,339],"class_list":["post-15760","post","type-post","status-publish","format-standard","has-post-thumbnail","hentry","category-diseno","category-diseno-interior-decoracion","tag-bano","tag-cuarto-de-bano","tag-duravit","tag-wellness","generate-columns","tablet-grid-50","mobile-grid-100","grid-parent","grid-50"],"yoast_head":"<!-- This site is optimized with the Yoast SEO plugin v27.3 - https:\/\/yoast.com\/product\/yoast-seo-wordpress\/ -->\n<title>Man &amp; Bath, el nuevo desenfado en el ba\u00f1o - Arquimaster<\/title>\n<meta name=\"robots\" content=\"index, follow, max-snippet:-1, max-image-preview:large, max-video-preview:-1\" \/>\n<link rel=\"canonical\" href=\"https:\/\/www.arquimaster.com.ar\/web\/man-bath-el-nuevo-desenfado-en-el-bano\/\" \/>\n<meta property=\"og:locale\" content=\"es_ES\" \/>\n<meta property=\"og:type\" content=\"article\" \/>\n<meta property=\"og:title\" content=\"Man &amp; Bath, el nuevo desenfado en el ba\u00f1o - Arquimaster\" \/>\n<meta property=\"og:description\" content=\"Un dise\u00f1o masculino conquista el ba\u00f1o moderno con materiales aut\u00e9nticos y car\u00e1cter...\" \/>\n<meta property=\"og:url\" content=\"https:\/\/www.arquimaster.com.ar\/web\/man-bath-el-nuevo-desenfado-en-el-bano\/\" \/>\n<meta property=\"og:site_name\" content=\"Arquimaster\" \/>\n<meta property=\"article:publisher\" content=\"http:\/\/www.facebook.com\/ARQUIMASTER.com.ar\" \/>\n<meta property=\"article:published_time\" content=\"2015-06-16T20:00:53+00:00\" \/>\n<meta property=\"article:modified_time\" content=\"2025-10-29T21:26:23+00:00\" \/>\n<meta property=\"og:image\" content=\"https:\/\/www.arquimaster.com.ar\/web\/wp-content\/uploads\/2015\/06\/man_bath_duravit_slide.jpg\" \/>\n\t<meta property=\"og:image:width\" content=\"642\" \/>\n\t<meta property=\"og:image:height\" content=\"336\" \/>\n\t<meta property=\"og:image:type\" content=\"image\/jpeg\" \/>\n<meta name=\"author\" content=\"Arquimaster\" \/>\n<meta name=\"twitter:card\" content=\"summary_large_image\" \/>\n<meta name=\"twitter:creator\" content=\"@arquimaster\" \/>\n<meta name=\"twitter:site\" content=\"@arquimaster\" \/>\n<meta name=\"twitter:label1\" content=\"Escrito por\" \/>\n\t<meta name=\"twitter:data1\" content=\"Arquimaster\" \/>\n\t<meta name=\"twitter:label2\" content=\"Tiempo de lectura\" \/>\n\t<meta name=\"twitter:data2\" content=\"2 minutos\" \/>\n<script type=\"application\/ld+json\" class=\"yoast-schema-graph\">{\"@context\":\"https:\\\/\\\/schema.org\",\"@graph\":[{\"@type\":\"Article\",\"@id\":\"https:\\\/\\\/www.arquimaster.com.ar\\\/web\\\/man-bath-el-nuevo-desenfado-en-el-bano\\\/#article\",\"isPartOf\":{\"@id\":\"https:\\\/\\\/www.arquimaster.com.ar\\\/web\\\/man-bath-el-nuevo-desenfado-en-el-bano\\\/\"},\"author\":{\"name\":\"Arquimaster\",\"@id\":\"https:\\\/\\\/www.arquimaster.com.ar\\\/web\\\/#\\\/schema\\\/person\\\/359e9f7c00193fcde068e0dd2ceb0028\"},\"headline\":\"Man &#038; Bath, el nuevo desenfado en el ba\u00f1o\",\"datePublished\":\"2015-06-16T20:00:53+00:00\",\"dateModified\":\"2025-10-29T21:26:23+00:00\",\"mainEntityOfPage\":{\"@id\":\"https:\\\/\\\/www.arquimaster.com.ar\\\/web\\\/man-bath-el-nuevo-desenfado-en-el-bano\\\/\"},\"wordCount\":379,\"publisher\":{\"@id\":\"https:\\\/\\\/www.arquimaster.com.ar\\\/web\\\/#organization\"},\"image\":{\"@id\":\"https:\\\/\\\/www.arquimaster.com.ar\\\/web\\\/man-bath-el-nuevo-desenfado-en-el-bano\\\/#primaryimage\"},\"thumbnailUrl\":\"https:\\\/\\\/www.arquimaster.com.ar\\\/web\\\/wp-content\\\/uploads\\\/2015\\\/06\\\/man_bath_duravit_slide.jpg\",\"keywords\":[\"ba\u00f1o\",\"cuarto de ba\u00f1o\",\"Duravit\",\"wellness\"],\"articleSection\":[\"Dise\u00f1o\",\"Dise\u00f1o interior y decoracion\"],\"inLanguage\":\"es\"},{\"@type\":\"WebPage\",\"@id\":\"https:\\\/\\\/www.arquimaster.com.ar\\\/web\\\/man-bath-el-nuevo-desenfado-en-el-bano\\\/\",\"url\":\"https:\\\/\\\/www.arquimaster.com.ar\\\/web\\\/man-bath-el-nuevo-desenfado-en-el-bano\\\/\",\"name\":\"Man & Bath, el nuevo desenfado en el ba\u00f1o - Arquimaster\",\"isPartOf\":{\"@id\":\"https:\\\/\\\/www.arquimaster.com.ar\\\/web\\\/#website\"},\"primaryImageOfPage\":{\"@id\":\"https:\\\/\\\/www.arquimaster.com.ar\\\/web\\\/man-bath-el-nuevo-desenfado-en-el-bano\\\/#primaryimage\"},\"image\":{\"@id\":\"https:\\\/\\\/www.arquimaster.com.ar\\\/web\\\/man-bath-el-nuevo-desenfado-en-el-bano\\\/#primaryimage\"},\"thumbnailUrl\":\"https:\\\/\\\/www.arquimaster.com.ar\\\/web\\\/wp-content\\\/uploads\\\/2015\\\/06\\\/man_bath_duravit_slide.jpg\",\"datePublished\":\"2015-06-16T20:00:53+00:00\",\"dateModified\":\"2025-10-29T21:26:23+00:00\",\"breadcrumb\":{\"@id\":\"https:\\\/\\\/www.arquimaster.com.ar\\\/web\\\/man-bath-el-nuevo-desenfado-en-el-bano\\\/#breadcrumb\"},\"inLanguage\":\"es\",\"potentialAction\":[{\"@type\":\"ReadAction\",\"target\":[\"https:\\\/\\\/www.arquimaster.com.ar\\\/web\\\/man-bath-el-nuevo-desenfado-en-el-bano\\\/\"]}]},{\"@type\":\"ImageObject\",\"inLanguage\":\"es\",\"@id\":\"https:\\\/\\\/www.arquimaster.com.ar\\\/web\\\/man-bath-el-nuevo-desenfado-en-el-bano\\\/#primaryimage\",\"url\":\"https:\\\/\\\/www.arquimaster.com.ar\\\/web\\\/wp-content\\\/uploads\\\/2015\\\/06\\\/man_bath_duravit_slide.jpg\",\"contentUrl\":\"https:\\\/\\\/www.arquimaster.com.ar\\\/web\\\/wp-content\\\/uploads\\\/2015\\\/06\\\/man_bath_duravit_slide.jpg\",\"width\":642,\"height\":336},{\"@type\":\"BreadcrumbList\",\"@id\":\"https:\\\/\\\/www.arquimaster.com.ar\\\/web\\\/man-bath-el-nuevo-desenfado-en-el-bano\\\/#breadcrumb\",\"itemListElement\":[{\"@type\":\"ListItem\",\"position\":1,\"name\":\"Portada\",\"item\":\"https:\\\/\\\/www.arquimaster.com.ar\\\/web\\\/\"},{\"@type\":\"ListItem\",\"position\":2,\"name\":\"Man &#038; Bath, el nuevo desenfado en el ba\u00f1o\"}]},{\"@type\":\"WebSite\",\"@id\":\"https:\\\/\\\/www.arquimaster.com.ar\\\/web\\\/#website\",\"url\":\"https:\\\/\\\/www.arquimaster.com.ar\\\/web\\\/\",\"name\":\"Arquimaster\",\"description\":\"Web de arquitectura, dise\u00f1o y construccion\",\"publisher\":{\"@id\":\"https:\\\/\\\/www.arquimaster.com.ar\\\/web\\\/#organization\"},\"potentialAction\":[{\"@type\":\"SearchAction\",\"target\":{\"@type\":\"EntryPoint\",\"urlTemplate\":\"https:\\\/\\\/www.arquimaster.com.ar\\\/web\\\/?s={search_term_string}\"},\"query-input\":{\"@type\":\"PropertyValueSpecification\",\"valueRequired\":true,\"valueName\":\"search_term_string\"}}],\"inLanguage\":\"es\"},{\"@type\":\"Organization\",\"@id\":\"https:\\\/\\\/www.arquimaster.com.ar\\\/web\\\/#organization\",\"name\":\"Arquimaster\",\"url\":\"https:\\\/\\\/www.arquimaster.com.ar\\\/web\\\/\",\"logo\":{\"@type\":\"ImageObject\",\"inLanguage\":\"es\",\"@id\":\"https:\\\/\\\/www.arquimaster.com.ar\\\/web\\\/#\\\/schema\\\/logo\\\/image\\\/\",\"url\":\"https:\\\/\\\/www.arquimaster.com.ar\\\/web\\\/wp-content\\\/uploads\\\/2022\\\/06\\\/arquimaster.png\",\"contentUrl\":\"https:\\\/\\\/www.arquimaster.com.ar\\\/web\\\/wp-content\\\/uploads\\\/2022\\\/06\\\/arquimaster.png\",\"width\":594,\"height\":78,\"caption\":\"Arquimaster\"},\"image\":{\"@id\":\"https:\\\/\\\/www.arquimaster.com.ar\\\/web\\\/#\\\/schema\\\/logo\\\/image\\\/\"},\"sameAs\":[\"http:\\\/\\\/www.facebook.com\\\/ARQUIMASTER.com.ar\",\"https:\\\/\\\/x.com\\\/arquimaster\",\"https:\\\/\\\/www.instagram.com\\\/arquimasterblog\\\/\",\"https:\\\/\\\/www.linkedin.com\\\/company\\\/arquimaster\",\"https:\\\/\\\/www.pinterest.com\\\/arquimaster\",\"https:\\\/\\\/t.me\\\/arquimaster\"]},{\"@type\":\"Person\",\"@id\":\"https:\\\/\\\/www.arquimaster.com.ar\\\/web\\\/#\\\/schema\\\/person\\\/359e9f7c00193fcde068e0dd2ceb0028\",\"name\":\"Arquimaster\"}]}<\/script>\n<!-- \/ Yoast SEO plugin. -->","yoast_head_json":{"title":"Man & Bath, el nuevo desenfado en el ba\u00f1o - Arquimaster","robots":{"index":"index","follow":"follow","max-snippet":"max-snippet:-1","max-image-preview":"max-image-preview:large","max-video-preview":"max-video-preview:-1"},"canonical":"https:\/\/www.arquimaster.com.ar\/web\/man-bath-el-nuevo-desenfado-en-el-bano\/","og_locale":"es_ES","og_type":"article","og_title":"Man & Bath, el nuevo desenfado en el ba\u00f1o - Arquimaster","og_description":"Un dise\u00f1o masculino conquista el ba\u00f1o moderno con materiales aut\u00e9nticos y car\u00e1cter...","og_url":"https:\/\/www.arquimaster.com.ar\/web\/man-bath-el-nuevo-desenfado-en-el-bano\/","og_site_name":"Arquimaster","article_publisher":"http:\/\/www.facebook.com\/ARQUIMASTER.com.ar","article_published_time":"2015-06-16T20:00:53+00:00","article_modified_time":"2025-10-29T21:26:23+00:00","og_image":[{"width":642,"height":336,"url":"https:\/\/www.arquimaster.com.ar\/web\/wp-content\/uploads\/2015\/06\/man_bath_duravit_slide.jpg","type":"image\/jpeg"}],"author":"Arquimaster","twitter_card":"summary_large_image","twitter_creator":"@arquimaster","twitter_site":"@arquimaster","twitter_misc":{"Escrito por":"Arquimaster","Tiempo de lectura":"2 minutos"},"schema":{"@context":"https:\/\/schema.org","@graph":[{"@type":"Article","@id":"https:\/\/www.arquimaster.com.ar\/web\/man-bath-el-nuevo-desenfado-en-el-bano\/#article","isPartOf":{"@id":"https:\/\/www.arquimaster.com.ar\/web\/man-bath-el-nuevo-desenfado-en-el-bano\/"},"author":{"name":"Arquimaster","@id":"https:\/\/www.arquimaster.com.ar\/web\/#\/schema\/person\/359e9f7c00193fcde068e0dd2ceb0028"},"headline":"Man &#038; Bath, el nuevo desenfado en el ba\u00f1o","datePublished":"2015-06-16T20:00:53+00:00","dateModified":"2025-10-29T21:26:23+00:00","mainEntityOfPage":{"@id":"https:\/\/www.arquimaster.com.ar\/web\/man-bath-el-nuevo-desenfado-en-el-bano\/"},"wordCount":379,"publisher":{"@id":"https:\/\/www.arquimaster.com.ar\/web\/#organization"},"image":{"@id":"https:\/\/www.arquimaster.com.ar\/web\/man-bath-el-nuevo-desenfado-en-el-bano\/#primaryimage"},"thumbnailUrl":"https:\/\/www.arquimaster.com.ar\/web\/wp-content\/uploads\/2015\/06\/man_bath_duravit_slide.jpg","keywords":["ba\u00f1o","cuarto de ba\u00f1o","Duravit","wellness"],"articleSection":["Dise\u00f1o","Dise\u00f1o interior y decoracion"],"inLanguage":"es"},{"@type":"WebPage","@id":"https:\/\/www.arquimaster.com.ar\/web\/man-bath-el-nuevo-desenfado-en-el-bano\/","url":"https:\/\/www.arquimaster.com.ar\/web\/man-bath-el-nuevo-desenfado-en-el-bano\/","name":"Man & Bath, el nuevo desenfado en el ba\u00f1o - Arquimaster","isPartOf":{"@id":"https:\/\/www.arquimaster.com.ar\/web\/#website"},"primaryImageOfPage":{"@id":"https:\/\/www.arquimaster.com.ar\/web\/man-bath-el-nuevo-desenfado-en-el-bano\/#primaryimage"},"image":{"@id":"https:\/\/www.arquimaster.com.ar\/web\/man-bath-el-nuevo-desenfado-en-el-bano\/#primaryimage"},"thumbnailUrl":"https:\/\/www.arquimaster.com.ar\/web\/wp-content\/uploads\/2015\/06\/man_bath_duravit_slide.jpg","datePublished":"2015-06-16T20:00:53+00:00","dateModified":"2025-10-29T21:26:23+00:00","breadcrumb":{"@id":"https:\/\/www.arquimaster.com.ar\/web\/man-bath-el-nuevo-desenfado-en-el-bano\/#breadcrumb"},"inLanguage":"es","potentialAction":[{"@type":"ReadAction","target":["https:\/\/www.arquimaster.com.ar\/web\/man-bath-el-nuevo-desenfado-en-el-bano\/"]}]},{"@type":"ImageObject","inLanguage":"es","@id":"https:\/\/www.arquimaster.com.ar\/web\/man-bath-el-nuevo-desenfado-en-el-bano\/#primaryimage","url":"https:\/\/www.arquimaster.com.ar\/web\/wp-content\/uploads\/2015\/06\/man_bath_duravit_slide.jpg","contentUrl":"https:\/\/www.arquimaster.com.ar\/web\/wp-content\/uploads\/2015\/06\/man_bath_duravit_slide.jpg","width":642,"height":336},{"@type":"BreadcrumbList","@id":"https:\/\/www.arquimaster.com.ar\/web\/man-bath-el-nuevo-desenfado-en-el-bano\/#breadcrumb","itemListElement":[{"@type":"ListItem","position":1,"name":"Portada","item":"https:\/\/www.arquimaster.com.ar\/web\/"},{"@type":"ListItem","position":2,"name":"Man &#038; Bath, el nuevo desenfado en el ba\u00f1o"}]},{"@type":"WebSite","@id":"https:\/\/www.arquimaster.com.ar\/web\/#website","url":"https:\/\/www.arquimaster.com.ar\/web\/","name":"Arquimaster","description":"Web de arquitectura, dise\u00f1o y construccion","publisher":{"@id":"https:\/\/www.arquimaster.com.ar\/web\/#organization"},"potentialAction":[{"@type":"SearchAction","target":{"@type":"EntryPoint","urlTemplate":"https:\/\/www.arquimaster.com.ar\/web\/?s={search_term_string}"},"query-input":{"@type":"PropertyValueSpecification","valueRequired":true,"valueName":"search_term_string"}}],"inLanguage":"es"},{"@type":"Organization","@id":"https:\/\/www.arquimaster.com.ar\/web\/#organization","name":"Arquimaster","url":"https:\/\/www.arquimaster.com.ar\/web\/","logo":{"@type":"ImageObject","inLanguage":"es","@id":"https:\/\/www.arquimaster.com.ar\/web\/#\/schema\/logo\/image\/","url":"https:\/\/www.arquimaster.com.ar\/web\/wp-content\/uploads\/2022\/06\/arquimaster.png","contentUrl":"https:\/\/www.arquimaster.com.ar\/web\/wp-content\/uploads\/2022\/06\/arquimaster.png","width":594,"height":78,"caption":"Arquimaster"},"image":{"@id":"https:\/\/www.arquimaster.com.ar\/web\/#\/schema\/logo\/image\/"},"sameAs":["http:\/\/www.facebook.com\/ARQUIMASTER.com.ar","https:\/\/x.com\/arquimaster","https:\/\/www.instagram.com\/arquimasterblog\/","https:\/\/www.linkedin.com\/company\/arquimaster","https:\/\/www.pinterest.com\/arquimaster","https:\/\/t.me\/arquimaster"]},{"@type":"Person","@id":"https:\/\/www.arquimaster.com.ar\/web\/#\/schema\/person\/359e9f7c00193fcde068e0dd2ceb0028","name":"Arquimaster"}]}},"uagb_featured_image_src":{"full":["https:\/\/www.arquimaster.com.ar\/web\/wp-content\/uploads\/2015\/06\/man_bath_duravit_slide.jpg",642,336,false],"thumbnail":["https:\/\/www.arquimaster.com.ar\/web\/wp-content\/uploads\/2015\/06\/man_bath_duravit_slide-150x150.jpg",150,150,true],"medium":["https:\/\/www.arquimaster.com.ar\/web\/wp-content\/uploads\/2015\/06\/man_bath_duravit_slide.jpg",642,336,false],"medium_large":["https:\/\/www.arquimaster.com.ar\/web\/wp-content\/uploads\/2015\/06\/man_bath_duravit_slide.jpg",642,336,false],"large":["https:\/\/www.arquimaster.com.ar\/web\/wp-content\/uploads\/2015\/06\/man_bath_duravit_slide.jpg",642,336,false],"1536x1536":["https:\/\/www.arquimaster.com.ar\/web\/wp-content\/uploads\/2015\/06\/man_bath_duravit_slide.jpg",642,336,false],"2048x2048":["https:\/\/www.arquimaster.com.ar\/web\/wp-content\/uploads\/2015\/06\/man_bath_duravit_slide.jpg",642,336,false]},"uagb_author_info":{"display_name":"Arquimaster","author_link":"https:\/\/www.arquimaster.com.ar\/web\/author\/arquimaster\/"},"uagb_comment_info":0,"uagb_excerpt":"Un dise\u00f1o masculino conquista el ba\u00f1o moderno con materiales aut\u00e9nticos y car\u00e1cter...","_links":{"self":[{"href":"https:\/\/www.arquimaster.com.ar\/web\/wp-json\/wp\/v2\/posts\/15760","targetHints":{"allow":["GET"]}}],"collection":[{"href":"https:\/\/www.arquimaster.com.ar\/web\/wp-json\/wp\/v2\/posts"}],"about":[{"href":"https:\/\/www.arquimaster.com.ar\/web\/wp-json\/wp\/v2\/types\/post"}],"author":[{"embeddable":true,"href":"https:\/\/www.arquimaster.com.ar\/web\/wp-json\/wp\/v2\/users\/1"}],"replies":[{"embeddable":true,"href":"https:\/\/www.arquimaster.com.ar\/web\/wp-json\/wp\/v2\/comments?post=15760"}],"version-history":[{"count":1,"href":"https:\/\/www.arquimaster.com.ar\/web\/wp-json\/wp\/v2\/posts\/15760\/revisions"}],"predecessor-version":[{"id":86483,"href":"https:\/\/www.arquimaster.com.ar\/web\/wp-json\/wp\/v2\/posts\/15760\/revisions\/86483"}],"wp:featuredmedia":[{"embeddable":true,"href":"https:\/\/www.arquimaster.com.ar\/web\/wp-json\/wp\/v2\/media\/15761"}],"wp:attachment":[{"href":"https:\/\/www.arquimaster.com.ar\/web\/wp-json\/wp\/v2\/media?parent=15760"}],"wp:term":[{"taxonomy":"category","embeddable":true,"href":"https:\/\/www.arquimaster.com.ar\/web\/wp-json\/wp\/v2\/categories?post=15760"},{"taxonomy":"post_tag","embeddable":true,"href":"https:\/\/www.arquimaster.com.ar\/web\/wp-json\/wp\/v2\/tags?post=15760"}],"curies":[{"name":"wp","href":"https:\/\/api.w.org\/{rel}","templated":true}]}}