{"id":15948,"date":"2015-06-24T19:00:01","date_gmt":"2015-06-24T19:00:01","guid":{"rendered":"http:\/\/www.arquimaster.com.ar\/web\/?p=15948"},"modified":"2025-10-29T18:24:13","modified_gmt":"2025-10-29T21:24:13","slug":"casa-foa-2015-presento-la-sede-de-su-edicion-30-aniversario","status":"publish","type":"post","link":"https:\/\/www.arquimaster.com.ar\/web\/casa-foa-2015-presento-la-sede-de-su-edicion-30-aniversario\/","title":{"rendered":"Casa FOA 2015 present\u00f3 la sede de su edici\u00f3n 30\u00b0 aniversario"},"content":{"rendered":"<div style=\"margin-top: 0px; margin-bottom: 0px;\" class=\"sharethis-inline-share-buttons\" ><\/div><div class=\"b812932af2e751442846f039925109de\" data-index=\"1\" style=\"float: none; margin:25px 0 25px 0; text-align:center;\">\n<script async src=\"https:\/\/pagead2.googlesyndication.com\/pagead\/js\/adsbygoogle.js\"><\/script>\r\n<!-- Arquimaster (superior) -->\r\n<ins class=\"adsbygoogle\"\r\n     style=\"display:block\"\r\n     data-ad-client=\"ca-pub-6351072698456832\"\r\n     data-ad-slot=\"6455489680\"\r\n     data-ad-format=\"auto\"\r\n     data-full-width-responsive=\"true\"><\/ins>\r\n<script>\r\n     (adsbygoogle = window.adsbygoogle || []).push({});\r\n<\/script>\n<\/div>\n<h3><strong>La exposici\u00f3n nacional de arquitectura, industria y dise\u00f1o de interior, eligi\u00f3 una casa de principios de siglo pasado para festejar sus 30 a\u00f1os de la mejor manera: novedades, homenajes y tradici\u00f3n se conjugan en esta edici\u00f3n.<\/strong><\/h3>\n<p><strong>Casa FOA<\/strong>, la exposici\u00f3n nacional de arquitectura, industria, dise\u00f1o interior y paisajismo, dio a conocer lo que ser\u00e1 su escenario para la edici\u00f3n aniversario. Se trata de un festejo especial, ya que se celebran tres d\u00e9cadas de presencia ininterrumpidas, dejando huellas en rincones emblem\u00e1ticos de la ciudad y acompa\u00f1ando a los talentos que nacieron, crecieron y se consagraron entre sus muros.<\/p>\n<div id='gallery-1' class='gallery galleryid-15948 gallery-columns-3 gallery-size-thumbnail'><figure class='gallery-item'>\n\t\t\t<div class='gallery-icon portrait'>\n\t\t\t\t<a href='https:\/\/www.arquimaster.com.ar\/web\/wp-content\/uploads\/2015\/06\/casa_foa_2015_1.jpg' title=\"Casa FOA 2015 present\u00f3 la sede de su edici\u00f3n 30\u00b0 aniversario\" data-rl_title=\"Casa FOA 2015 present\u00f3 la sede de su edici\u00f3n 30\u00b0 aniversario\" class=\"rl-gallery-link\" data-rl_caption=\"Casa FOA 2015 present\u00f3 la sede de su edici\u00f3n 30\u00b0 aniversario\" data-rel=\"lightbox-gallery-1\"><img loading=\"lazy\" decoding=\"async\" width=\"150\" height=\"150\" src=\"https:\/\/www.arquimaster.com.ar\/web\/wp-content\/uploads\/2015\/06\/casa_foa_2015_1-150x150.jpg\" class=\"attachment-thumbnail size-thumbnail\" alt=\"\" aria-describedby=\"gallery-1-15950\" srcset=\"https:\/\/www.arquimaster.com.ar\/web\/wp-content\/uploads\/2015\/06\/casa_foa_2015_1-150x150.jpg 150w, https:\/\/www.arquimaster.com.ar\/web\/wp-content\/uploads\/2015\/06\/casa_foa_2015_1-50x50.jpg 50w, https:\/\/www.arquimaster.com.ar\/web\/wp-content\/uploads\/2015\/06\/casa_foa_2015_1-125x125.jpg 125w\" sizes=\"auto, (max-width: 150px) 100vw, 150px\" \/><\/a>\n\t\t\t<\/div>\n\t\t\t\t<figcaption class='wp-caption-text gallery-caption' id='gallery-1-15950'>\n\t\t\t\tCasa FOA 2015 present\u00f3 la sede de su edici\u00f3n 30\u00b0 aniversario\n\t\t\t\t<\/figcaption><\/figure><figure class='gallery-item'>\n\t\t\t<div class='gallery-icon portrait'>\n\t\t\t\t<a href='https:\/\/www.arquimaster.com.ar\/web\/wp-content\/uploads\/2015\/06\/casa_foa_2015_2.jpg' title=\"Casa FOA 2015 present\u00f3 la sede de su edici\u00f3n 30\u00b0 aniversario\" data-rl_title=\"Casa FOA 2015 present\u00f3 la sede de su edici\u00f3n 30\u00b0 aniversario\" class=\"rl-gallery-link\" data-rl_caption=\"Casa FOA 2015 present\u00f3 la sede de su edici\u00f3n 30\u00b0 aniversario\" data-rel=\"lightbox-gallery-1\"><img loading=\"lazy\" decoding=\"async\" width=\"150\" height=\"150\" src=\"https:\/\/www.arquimaster.com.ar\/web\/wp-content\/uploads\/2015\/06\/casa_foa_2015_2-150x150.jpg\" class=\"attachment-thumbnail size-thumbnail\" alt=\"\" aria-describedby=\"gallery-1-15951\" srcset=\"https:\/\/www.arquimaster.com.ar\/web\/wp-content\/uploads\/2015\/06\/casa_foa_2015_2-150x150.jpg 150w, https:\/\/www.arquimaster.com.ar\/web\/wp-content\/uploads\/2015\/06\/casa_foa_2015_2-50x50.jpg 50w, https:\/\/www.arquimaster.com.ar\/web\/wp-content\/uploads\/2015\/06\/casa_foa_2015_2-125x125.jpg 125w\" sizes=\"auto, (max-width: 150px) 100vw, 150px\" \/><\/a>\n\t\t\t<\/div>\n\t\t\t\t<figcaption class='wp-caption-text gallery-caption' id='gallery-1-15951'>\n\t\t\t\tCasa FOA 2015 present\u00f3 la sede de su edici\u00f3n 30\u00b0 aniversario\n\t\t\t\t<\/figcaption><\/figure><figure class='gallery-item'>\n\t\t\t<div class='gallery-icon portrait'>\n\t\t\t\t<a href='https:\/\/www.arquimaster.com.ar\/web\/wp-content\/uploads\/2015\/06\/casa_foa_2015_3.jpg' title=\"Casa FOA 2015 present\u00f3 la sede de su edici\u00f3n 30\u00b0 aniversario\" data-rl_title=\"Casa FOA 2015 present\u00f3 la sede de su edici\u00f3n 30\u00b0 aniversario\" class=\"rl-gallery-link\" data-rl_caption=\"Casa FOA 2015 present\u00f3 la sede de su edici\u00f3n 30\u00b0 aniversario\" data-rel=\"lightbox-gallery-1\"><img loading=\"lazy\" decoding=\"async\" width=\"150\" height=\"150\" src=\"https:\/\/www.arquimaster.com.ar\/web\/wp-content\/uploads\/2015\/06\/casa_foa_2015_3-150x150.jpg\" class=\"attachment-thumbnail size-thumbnail\" alt=\"\" aria-describedby=\"gallery-1-15952\" srcset=\"https:\/\/www.arquimaster.com.ar\/web\/wp-content\/uploads\/2015\/06\/casa_foa_2015_3-150x150.jpg 150w, https:\/\/www.arquimaster.com.ar\/web\/wp-content\/uploads\/2015\/06\/casa_foa_2015_3-50x50.jpg 50w, https:\/\/www.arquimaster.com.ar\/web\/wp-content\/uploads\/2015\/06\/casa_foa_2015_3-125x125.jpg 125w\" sizes=\"auto, (max-width: 150px) 100vw, 150px\" \/><\/a>\n\t\t\t<\/div>\n\t\t\t\t<figcaption class='wp-caption-text gallery-caption' id='gallery-1-15952'>\n\t\t\t\tCasa FOA 2015 present\u00f3 la sede de su edici\u00f3n 30\u00b0 aniversario\n\t\t\t\t<\/figcaption><\/figure><figure class='gallery-item'>\n\t\t\t<div class='gallery-icon portrait'>\n\t\t\t\t<a href='https:\/\/www.arquimaster.com.ar\/web\/wp-content\/uploads\/2015\/06\/casa_foa_2015_4.jpg' title=\"Casa FOA 2015 present\u00f3 la sede de su edici\u00f3n 30\u00b0 aniversario\" data-rl_title=\"Casa FOA 2015 present\u00f3 la sede de su edici\u00f3n 30\u00b0 aniversario\" class=\"rl-gallery-link\" data-rl_caption=\"Casa FOA 2015 present\u00f3 la sede de su edici\u00f3n 30\u00b0 aniversario\" data-rel=\"lightbox-gallery-1\"><img loading=\"lazy\" decoding=\"async\" width=\"150\" height=\"150\" src=\"https:\/\/www.arquimaster.com.ar\/web\/wp-content\/uploads\/2015\/06\/casa_foa_2015_4-150x150.jpg\" class=\"attachment-thumbnail size-thumbnail\" alt=\"\" aria-describedby=\"gallery-1-15953\" srcset=\"https:\/\/www.arquimaster.com.ar\/web\/wp-content\/uploads\/2015\/06\/casa_foa_2015_4-150x150.jpg 150w, https:\/\/www.arquimaster.com.ar\/web\/wp-content\/uploads\/2015\/06\/casa_foa_2015_4-50x50.jpg 50w, https:\/\/www.arquimaster.com.ar\/web\/wp-content\/uploads\/2015\/06\/casa_foa_2015_4-125x125.jpg 125w\" sizes=\"auto, (max-width: 150px) 100vw, 150px\" \/><\/a>\n\t\t\t<\/div>\n\t\t\t\t<figcaption class='wp-caption-text gallery-caption' id='gallery-1-15953'>\n\t\t\t\tCasa FOA 2015 present\u00f3 la sede de su edici\u00f3n 30\u00b0 aniversario\n\t\t\t\t<\/figcaption><\/figure><figure class='gallery-item'>\n\t\t\t<div class='gallery-icon landscape'>\n\t\t\t\t<a href='https:\/\/www.arquimaster.com.ar\/web\/wp-content\/uploads\/2015\/06\/casa_foa_2015_5.jpg' title=\"Casa FOA 2015 present\u00f3 la sede de su edici\u00f3n 30\u00b0 aniversario\" data-rl_title=\"Casa FOA 2015 present\u00f3 la sede de su edici\u00f3n 30\u00b0 aniversario\" class=\"rl-gallery-link\" data-rl_caption=\"Casa FOA 2015 present\u00f3 la sede de su edici\u00f3n 30\u00b0 aniversario\" data-rel=\"lightbox-gallery-1\"><img loading=\"lazy\" decoding=\"async\" width=\"150\" height=\"150\" src=\"https:\/\/www.arquimaster.com.ar\/web\/wp-content\/uploads\/2015\/06\/casa_foa_2015_5-150x150.jpg\" class=\"attachment-thumbnail size-thumbnail\" alt=\"\" aria-describedby=\"gallery-1-15954\" srcset=\"https:\/\/www.arquimaster.com.ar\/web\/wp-content\/uploads\/2015\/06\/casa_foa_2015_5-150x150.jpg 150w, https:\/\/www.arquimaster.com.ar\/web\/wp-content\/uploads\/2015\/06\/casa_foa_2015_5-50x50.jpg 50w, https:\/\/www.arquimaster.com.ar\/web\/wp-content\/uploads\/2015\/06\/casa_foa_2015_5-125x125.jpg 125w\" sizes=\"auto, (max-width: 150px) 100vw, 150px\" \/><\/a>\n\t\t\t<\/div>\n\t\t\t\t<figcaption class='wp-caption-text gallery-caption' id='gallery-1-15954'>\n\t\t\t\tCasa FOA 2015 present\u00f3 la sede de su edici\u00f3n 30\u00b0 aniversario\n\t\t\t\t<\/figcaption><\/figure><figure class='gallery-item'>\n\t\t\t<div class='gallery-icon landscape'>\n\t\t\t\t<a href='https:\/\/www.arquimaster.com.ar\/web\/wp-content\/uploads\/2015\/06\/casa_foa_2015_6.jpg' title=\"Casa FOA 2015 present\u00f3 la sede de su edici\u00f3n 30\u00b0 aniversario\" data-rl_title=\"Casa FOA 2015 present\u00f3 la sede de su edici\u00f3n 30\u00b0 aniversario\" class=\"rl-gallery-link\" data-rl_caption=\"Casa FOA 2015 present\u00f3 la sede de su edici\u00f3n 30\u00b0 aniversario\" data-rel=\"lightbox-gallery-1\"><img loading=\"lazy\" decoding=\"async\" width=\"150\" height=\"150\" src=\"https:\/\/www.arquimaster.com.ar\/web\/wp-content\/uploads\/2015\/06\/casa_foa_2015_6-150x150.jpg\" class=\"attachment-thumbnail size-thumbnail\" alt=\"\" aria-describedby=\"gallery-1-15955\" srcset=\"https:\/\/www.arquimaster.com.ar\/web\/wp-content\/uploads\/2015\/06\/casa_foa_2015_6-150x150.jpg 150w, https:\/\/www.arquimaster.com.ar\/web\/wp-content\/uploads\/2015\/06\/casa_foa_2015_6-50x50.jpg 50w, https:\/\/www.arquimaster.com.ar\/web\/wp-content\/uploads\/2015\/06\/casa_foa_2015_6-125x125.jpg 125w\" sizes=\"auto, (max-width: 150px) 100vw, 150px\" \/><\/a>\n\t\t\t<\/div>\n\t\t\t\t<figcaption class='wp-caption-text gallery-caption' id='gallery-1-15955'>\n\t\t\t\tCasa FOA 2015 present\u00f3 la sede de su edici\u00f3n 30\u00b0 aniversario\n\t\t\t\t<\/figcaption><\/figure><figure class='gallery-item'>\n\t\t\t<div class='gallery-icon landscape'>\n\t\t\t\t<a href='https:\/\/www.arquimaster.com.ar\/web\/wp-content\/uploads\/2015\/06\/casa_foa_2015_7.jpg' title=\"Casa FOA 2015 present\u00f3 la sede de su edici\u00f3n 30\u00b0 aniversario\" data-rl_title=\"Casa FOA 2015 present\u00f3 la sede de su edici\u00f3n 30\u00b0 aniversario\" class=\"rl-gallery-link\" data-rl_caption=\"Casa FOA 2015 present\u00f3 la sede de su edici\u00f3n 30\u00b0 aniversario\" data-rel=\"lightbox-gallery-1\"><img loading=\"lazy\" decoding=\"async\" width=\"150\" height=\"150\" src=\"https:\/\/www.arquimaster.com.ar\/web\/wp-content\/uploads\/2015\/06\/casa_foa_2015_7-150x150.jpg\" class=\"attachment-thumbnail size-thumbnail\" alt=\"\" aria-describedby=\"gallery-1-15956\" srcset=\"https:\/\/www.arquimaster.com.ar\/web\/wp-content\/uploads\/2015\/06\/casa_foa_2015_7-150x150.jpg 150w, https:\/\/www.arquimaster.com.ar\/web\/wp-content\/uploads\/2015\/06\/casa_foa_2015_7-50x50.jpg 50w, https:\/\/www.arquimaster.com.ar\/web\/wp-content\/uploads\/2015\/06\/casa_foa_2015_7-125x125.jpg 125w, https:\/\/www.arquimaster.com.ar\/web\/wp-content\/uploads\/2015\/06\/casa_foa_2015_7.jpg 800w\" sizes=\"auto, (max-width: 150px) 100vw, 150px\" \/><\/a>\n\t\t\t<\/div>\n\t\t\t\t<figcaption class='wp-caption-text gallery-caption' id='gallery-1-15956'>\n\t\t\t\tCasa FOA 2015 present\u00f3 la sede de su edici\u00f3n 30\u00b0 aniversario\n\t\t\t\t<\/figcaption><\/figure><figure class='gallery-item'>\n\t\t\t<div class='gallery-icon landscape'>\n\t\t\t\t<a href='https:\/\/www.arquimaster.com.ar\/web\/wp-content\/uploads\/2015\/06\/casa_foa_2015_8.jpg' title=\"Casa FOA 2015 present\u00f3 la sede de su edici\u00f3n 30\u00b0 aniversario\" data-rl_title=\"Casa FOA 2015 present\u00f3 la sede de su edici\u00f3n 30\u00b0 aniversario\" class=\"rl-gallery-link\" data-rl_caption=\"Casa FOA 2015 present\u00f3 la sede de su edici\u00f3n 30\u00b0 aniversario\" data-rel=\"lightbox-gallery-1\"><img loading=\"lazy\" decoding=\"async\" width=\"150\" height=\"150\" src=\"https:\/\/www.arquimaster.com.ar\/web\/wp-content\/uploads\/2015\/06\/casa_foa_2015_8-150x150.jpg\" class=\"attachment-thumbnail size-thumbnail\" alt=\"\" aria-describedby=\"gallery-1-15957\" srcset=\"https:\/\/www.arquimaster.com.ar\/web\/wp-content\/uploads\/2015\/06\/casa_foa_2015_8-150x150.jpg 150w, https:\/\/www.arquimaster.com.ar\/web\/wp-content\/uploads\/2015\/06\/casa_foa_2015_8-50x50.jpg 50w, https:\/\/www.arquimaster.com.ar\/web\/wp-content\/uploads\/2015\/06\/casa_foa_2015_8-125x125.jpg 125w\" sizes=\"auto, (max-width: 150px) 100vw, 150px\" \/><\/a>\n\t\t\t<\/div>\n\t\t\t\t<figcaption class='wp-caption-text gallery-caption' id='gallery-1-15957'>\n\t\t\t\tCasa FOA 2015 present\u00f3 la sede de su edici\u00f3n 30\u00b0 aniversario\n\t\t\t\t<\/figcaption><\/figure><figure class='gallery-item'>\n\t\t\t<div class='gallery-icon portrait'>\n\t\t\t\t<a href='https:\/\/www.arquimaster.com.ar\/web\/wp-content\/uploads\/2015\/06\/casa_foa_2015_9.jpg' title=\"Casa FOA 2015 present\u00f3 la sede de su edici\u00f3n 30\u00b0 aniversario\" data-rl_title=\"Casa FOA 2015 present\u00f3 la sede de su edici\u00f3n 30\u00b0 aniversario\" class=\"rl-gallery-link\" data-rl_caption=\"Casa FOA 2015 present\u00f3 la sede de su edici\u00f3n 30\u00b0 aniversario\" data-rel=\"lightbox-gallery-1\"><img loading=\"lazy\" decoding=\"async\" width=\"150\" height=\"150\" src=\"https:\/\/www.arquimaster.com.ar\/web\/wp-content\/uploads\/2015\/06\/casa_foa_2015_9-150x150.jpg\" class=\"attachment-thumbnail size-thumbnail\" alt=\"\" aria-describedby=\"gallery-1-15958\" srcset=\"https:\/\/www.arquimaster.com.ar\/web\/wp-content\/uploads\/2015\/06\/casa_foa_2015_9-150x150.jpg 150w, https:\/\/www.arquimaster.com.ar\/web\/wp-content\/uploads\/2015\/06\/casa_foa_2015_9-50x50.jpg 50w, https:\/\/www.arquimaster.com.ar\/web\/wp-content\/uploads\/2015\/06\/casa_foa_2015_9-125x125.jpg 125w\" sizes=\"auto, (max-width: 150px) 100vw, 150px\" \/><\/a>\n\t\t\t<\/div>\n\t\t\t\t<figcaption class='wp-caption-text gallery-caption' id='gallery-1-15958'>\n\t\t\t\tCasa FOA 2015 present\u00f3 la sede de su edici\u00f3n 30\u00b0 aniversario\n\t\t\t\t<\/figcaption><\/figure><figure class='gallery-item'>\n\t\t\t<div class='gallery-icon portrait'>\n\t\t\t\t<a href='https:\/\/www.arquimaster.com.ar\/web\/wp-content\/uploads\/2015\/06\/casa_foa_2015_10.jpg' title=\"Casa FOA 2015 present\u00f3 la sede de su edici\u00f3n 30\u00b0 aniversario\" data-rl_title=\"Casa FOA 2015 present\u00f3 la sede de su edici\u00f3n 30\u00b0 aniversario\" class=\"rl-gallery-link\" data-rl_caption=\"Casa FOA 2015 present\u00f3 la sede de su edici\u00f3n 30\u00b0 aniversario\" data-rel=\"lightbox-gallery-1\"><img loading=\"lazy\" decoding=\"async\" width=\"150\" height=\"150\" src=\"https:\/\/www.arquimaster.com.ar\/web\/wp-content\/uploads\/2015\/06\/casa_foa_2015_10-150x150.jpg\" class=\"attachment-thumbnail size-thumbnail\" alt=\"\" aria-describedby=\"gallery-1-15959\" srcset=\"https:\/\/www.arquimaster.com.ar\/web\/wp-content\/uploads\/2015\/06\/casa_foa_2015_10-150x150.jpg 150w, https:\/\/www.arquimaster.com.ar\/web\/wp-content\/uploads\/2015\/06\/casa_foa_2015_10-50x50.jpg 50w, https:\/\/www.arquimaster.com.ar\/web\/wp-content\/uploads\/2015\/06\/casa_foa_2015_10-125x125.jpg 125w\" sizes=\"auto, (max-width: 150px) 100vw, 150px\" \/><\/a>\n\t\t\t<\/div>\n\t\t\t\t<figcaption class='wp-caption-text gallery-caption' id='gallery-1-15959'>\n\t\t\t\tCasa FOA 2015 present\u00f3 la sede de su edici\u00f3n 30\u00b0 aniversario\n\t\t\t\t<\/figcaption><\/figure>\n\t\t<\/div>\n\n<p>El escenario elegido para esta edici\u00f3n es una casa de principios de siglo pasado, que conjuga la s\u00edntesis del interiorismo de Casa FOA en estos 30 a\u00f1os. Fue construida a principios de siglo pasado y remodelada en la d\u00e9cada del 40, y resulta ideal para este homenaje de car\u00e1cter e impronta especial. Su maravillosa arquitectura con reminiscencias francesas e influencia de las Beaux Arts albergar\u00e1 40 espacios con esp\u00edritu contempor\u00e1neo, innovaci\u00f3n, buen uso de los metros asignados y aplicaci\u00f3n responsable de los materiales, para generar situaciones de dise\u00f1o ideales para la vida cotidiana.<\/p>\n<p>Son 2200 m2, distribuidos en dos plantas, con un hall central de doble altura que da la bienvenida, sectores de uso social con salas de m\u00fasica y billar incluidas, \u00e1reas de servicio con circulaci\u00f3n independiente y una sucesi\u00f3n de habitaciones privadas con sus ba\u00f1os y balcones. Los espacios exteriores, tambi\u00e9n se convertir\u00e1n en escenarios de tendencias y plataformas de m\u00faltiples sensaciones.<\/p>\n<p>Al igual que todos los a\u00f1os se llevar\u00e1n a cabo las Becas Casa FOA de Arquitectura y Paisajismo y los ganadores ser\u00e1n premiados con un espacio en la muestra. Asimismo se recibir\u00e1n prototipos para el concurso de Bancos Urbanos y el premio ser\u00e1 una orden de compra por $8000 pesos en el Buenos Aires Design. <em>\u00abEl arte es un condimento maravilloso en nuestra exposici\u00f3n y, en esta oportunidad, celebramos su aporte con una muestra que busca iluminar talentos art\u00edsticos. Las becas y el concurso de bancos a\u00f1o a a\u00f1o redoblan la apuesta en cantidad y niveles de las presentaciones\u00bb<\/em>, afirmaron desde Casa FOA.<\/p>\n<p>Casa FOA naci\u00f3 con la intenci\u00f3n de colaborar con la Fundaci\u00f3n Oftalmol\u00f3gica Argentina Jorge Malbran (FOA) y contin\u00faa con esa misi\u00f3n. <em>\u00abEs un honor para nosotros apoyar la intensa y comprometida actividad que, desde hace m\u00e1s de 50 a\u00f1os, realiza la Fundaci\u00f3n en el campo de la investigaci\u00f3n, docencia y solidaridad\u00bb<\/em>. Con lo recaudado en la exposici\u00f3n, el equipo de especialistas recorrer\u00e1 los caminos de la provincia de La Pampa en el marco de la campa\u00f1a \u00abPara Verte Mejor Argentina\u00bb, para brindarle asistencia a quienes m\u00e1s lo necesitan.<\/p>\n<p>Por el \u00e9xito logrado el a\u00f1o anterior, Casa FOA se volver\u00e1 a encender por las noches para un recorrido nocturno los jueves y viernes, donde se encontrar\u00e1 m\u00fasica en vivo, gastronom\u00eda y un tiempo de encuentro con los protagonistas de la muestra.<\/p>\n<p>Al festejar, las emociones se avivan, el entusiasmo crece y las energ\u00edas se renuevan como parte de un estado que alegra el alma. Est\u00e1n todos invitados a Casa FOA 2015, que abrir\u00e1 sus puertas el <strong>23 de octubre hasta el 30 de noviembre<\/strong> de 2015 en <strong>Basavilbaso 1233<\/strong>, Ciudad de Buenos Aires.<\/p>\n<p><strong>Acerca de la sede Basavilbaso 1233<\/strong><br \/>\nLa construcci\u00f3n del edificio se inici\u00f3 en 1906, es un edificio ecl\u00e9ctico (como la mayor\u00eda de los edificios de Buenos Aires) con una gran influencia de las Beaux Arts y con marcadas reminiscencias de la arquitectura francesa. Si bien en su planta tambi\u00e9n recuerda a la domus romana, con un espacio central y habitaciones a su alrededor, es marcada la influencia francesa en su arquitectura. El acceso es asimilable a los patios palaciegos, de las viviendas de gran envergadura, con un sector de acceso, para que los carruajes pudieran ingresar libremente.<\/p>\n<p>Son aproximadamente 2200 m2 cubiertos, en dos plantas. En la planta baja se encuentran las habitaciones de uso social (sala de m\u00fasica, estar, billar, comedor) y en el primer piso las habitaciones privadas, siendo una sucesi\u00f3n de habitaciones, con una doble altura en su hall central. Los sectores de servicio se encuentran bien diferenciados, con una circulaci\u00f3n independiente.<\/p>\n<p>Las terminaciones del edificio son de materiales nobles: roble de Eslavonia para los pisos con grandes trabajos de guardas, molduras en cielorrasos, m\u00e1rmoles en escaleras y ba\u00f1os, trabajos de boiserie en la mayor\u00eda de los ambientes. Posee tambi\u00e9n trabajos artesanales de herrer\u00eda tanto en los balcones, como en el port\u00f3n de ingreso y en la fuente de exterior. La fachada se encuentra enriquecida por grandes molduras y pilastras de capitel.<\/p>\n<p>En 1940, la casa tuvo una reformada que signific\u00f3 la modificaci\u00f3n del espacio central, la renovaci\u00f3n de los ba\u00f1os, un ascensor y calefacci\u00f3n central.<\/p>\n<p><strong>Acerca de Casa FOA<\/strong><br \/>\nCasa FOA, la exposici\u00f3n nacional de arquitectura, industria, dise\u00f1o interior y paisajismo, creada por iniciativa de Mercedes Malbran de Campos en el a\u00f1o 1985, con el objetivo de recaudar fondos para la Fundaci\u00f3n Oftalmol\u00f3gica Argentina Jorge Malbran. Casa FOA es un espacio emblem\u00e1tico del dise\u00f1o que congrega propuestas vanguardistas de las m\u00e1s variadas tendencias. Casa Foa es un referente indiscutido de la agenda cultural de la Argentina y una cita ineludible para conocer las \u00faltimas tendencias del dise\u00f1o. Es tambi\u00e9n un producto nacional, que a\u00f1o tras a\u00f1o trasciende internacionalmente.<\/p>\n<p><strong>Acerca de la Fundaci\u00f3n Oftalmol\u00f3gica Argentina Jorge Malbr\u00e1n<\/strong><br \/>\nLa Fundaci\u00f3n Oftalmol\u00f3gica Argentina Jorge Malbran, naci\u00f3 el 30 de noviembre de 1964. Creada por la inquietud e iniciativa del Doctor Enrique Segundo Malbran, con un prop\u00f3sito: La investigaci\u00f3n y docencia dentro de la oftalmolog\u00eda. La Fundaci\u00f3n, Instituto de docencia e investigaci\u00f3n es una instituci\u00f3n privada sin fines de lucro que, es la culminaci\u00f3n institucional de la particular actitud docente de Jorge Malbran inspirada en la m\u00e1xima de S\u00e9neca \u00ablos hombres aprenden mientras ense\u00f1an\u00bb. Durante m\u00e1s cuarenta y cinco a\u00f1os la Fundaci\u00f3n ha llevado una intensa actividad dentro del campo de la investigaci\u00f3n oftalmol\u00f3gica, la docencia y la ayuda a la comunidad.<\/p>\n\n<div style=\"font-size: 0px; height: 0px; line-height: 0px; margin: 0; padding: 0; clear: both;\"><\/div><div style=\"margin-top: 0px; margin-bottom: 0px;\" class=\"sharethis-inline-share-buttons\" ><\/div>","protected":false},"excerpt":{"rendered":"<p>Una casa de principios de siglo sera la sede de la proxima edicion de la muestra a beneficio&#8230;<\/p>\n","protected":false},"author":1,"featured_media":15949,"comment_status":"closed","ping_status":"closed","sticky":false,"template":"","format":"standard","meta":{"_uag_custom_page_level_css":"","footnotes":""},"categories":[55,56],"tags":[2066,3426,38,1108,709],"class_list":["post-15948","post","type-post","status-publish","format-standard","has-post-thumbnail","hentry","category-diseno","category-diseno-interior-decoracion","tag-casa-foa","tag-casa-foa-2015","tag-diseno-interior","tag-muestras","tag-paisajismo","generate-columns","tablet-grid-50","mobile-grid-100","grid-parent","grid-50"],"yoast_head":"<!-- This site is optimized with the Yoast SEO plugin v27.3 - https:\/\/yoast.com\/product\/yoast-seo-wordpress\/ -->\n<title>Casa FOA 2015 present\u00f3 la sede de su edici\u00f3n 30\u00b0 aniversario - Arquimaster<\/title>\n<meta name=\"robots\" content=\"index, follow, max-snippet:-1, max-image-preview:large, max-video-preview:-1\" \/>\n<link rel=\"canonical\" href=\"https:\/\/www.arquimaster.com.ar\/web\/casa-foa-2015-presento-la-sede-de-su-edicion-30-aniversario\/\" \/>\n<meta property=\"og:locale\" content=\"es_ES\" \/>\n<meta property=\"og:type\" content=\"article\" \/>\n<meta property=\"og:title\" content=\"Casa FOA 2015 present\u00f3 la sede de su edici\u00f3n 30\u00b0 aniversario - Arquimaster\" \/>\n<meta property=\"og:description\" content=\"Una casa de principios de siglo sera la sede de la proxima edicion de la muestra a beneficio...\" \/>\n<meta property=\"og:url\" content=\"https:\/\/www.arquimaster.com.ar\/web\/casa-foa-2015-presento-la-sede-de-su-edicion-30-aniversario\/\" \/>\n<meta property=\"og:site_name\" content=\"Arquimaster\" \/>\n<meta property=\"article:publisher\" content=\"http:\/\/www.facebook.com\/ARQUIMASTER.com.ar\" \/>\n<meta property=\"article:published_time\" content=\"2015-06-24T19:00:01+00:00\" \/>\n<meta property=\"article:modified_time\" content=\"2025-10-29T21:24:13+00:00\" \/>\n<meta property=\"og:image\" content=\"https:\/\/www.arquimaster.com.ar\/web\/wp-content\/uploads\/2015\/06\/casa_foa_2015_slide.jpg\" \/>\n\t<meta property=\"og:image:width\" content=\"642\" \/>\n\t<meta property=\"og:image:height\" content=\"336\" \/>\n\t<meta property=\"og:image:type\" content=\"image\/jpeg\" \/>\n<meta name=\"author\" content=\"Arquimaster\" \/>\n<meta name=\"twitter:card\" content=\"summary_large_image\" \/>\n<meta name=\"twitter:creator\" content=\"@arquimaster\" \/>\n<meta name=\"twitter:site\" content=\"@arquimaster\" \/>\n<meta name=\"twitter:label1\" content=\"Escrito por\" \/>\n\t<meta name=\"twitter:data1\" content=\"Arquimaster\" \/>\n\t<meta name=\"twitter:label2\" content=\"Tiempo de lectura\" \/>\n\t<meta name=\"twitter:data2\" content=\"5 minutos\" \/>\n<script type=\"application\/ld+json\" class=\"yoast-schema-graph\">{\"@context\":\"https:\\\/\\\/schema.org\",\"@graph\":[{\"@type\":\"Article\",\"@id\":\"https:\\\/\\\/www.arquimaster.com.ar\\\/web\\\/casa-foa-2015-presento-la-sede-de-su-edicion-30-aniversario\\\/#article\",\"isPartOf\":{\"@id\":\"https:\\\/\\\/www.arquimaster.com.ar\\\/web\\\/casa-foa-2015-presento-la-sede-de-su-edicion-30-aniversario\\\/\"},\"author\":{\"name\":\"Arquimaster\",\"@id\":\"https:\\\/\\\/www.arquimaster.com.ar\\\/web\\\/#\\\/schema\\\/person\\\/359e9f7c00193fcde068e0dd2ceb0028\"},\"headline\":\"Casa FOA 2015 present\u00f3 la sede de su edici\u00f3n 30\u00b0 aniversario\",\"datePublished\":\"2015-06-24T19:00:01+00:00\",\"dateModified\":\"2025-10-29T21:24:13+00:00\",\"mainEntityOfPage\":{\"@id\":\"https:\\\/\\\/www.arquimaster.com.ar\\\/web\\\/casa-foa-2015-presento-la-sede-de-su-edicion-30-aniversario\\\/\"},\"wordCount\":1085,\"publisher\":{\"@id\":\"https:\\\/\\\/www.arquimaster.com.ar\\\/web\\\/#organization\"},\"image\":{\"@id\":\"https:\\\/\\\/www.arquimaster.com.ar\\\/web\\\/casa-foa-2015-presento-la-sede-de-su-edicion-30-aniversario\\\/#primaryimage\"},\"thumbnailUrl\":\"https:\\\/\\\/www.arquimaster.com.ar\\\/web\\\/wp-content\\\/uploads\\\/2015\\\/06\\\/casa_foa_2015_slide.jpg\",\"keywords\":[\"Casa FOA\",\"Casa FOA 2015\",\"dise\u00f1o interior\",\"muestras\",\"paisajismo\"],\"articleSection\":[\"Dise\u00f1o\",\"Dise\u00f1o interior y decoracion\"],\"inLanguage\":\"es\"},{\"@type\":\"WebPage\",\"@id\":\"https:\\\/\\\/www.arquimaster.com.ar\\\/web\\\/casa-foa-2015-presento-la-sede-de-su-edicion-30-aniversario\\\/\",\"url\":\"https:\\\/\\\/www.arquimaster.com.ar\\\/web\\\/casa-foa-2015-presento-la-sede-de-su-edicion-30-aniversario\\\/\",\"name\":\"Casa FOA 2015 present\u00f3 la sede de su edici\u00f3n 30\u00b0 aniversario - Arquimaster\",\"isPartOf\":{\"@id\":\"https:\\\/\\\/www.arquimaster.com.ar\\\/web\\\/#website\"},\"primaryImageOfPage\":{\"@id\":\"https:\\\/\\\/www.arquimaster.com.ar\\\/web\\\/casa-foa-2015-presento-la-sede-de-su-edicion-30-aniversario\\\/#primaryimage\"},\"image\":{\"@id\":\"https:\\\/\\\/www.arquimaster.com.ar\\\/web\\\/casa-foa-2015-presento-la-sede-de-su-edicion-30-aniversario\\\/#primaryimage\"},\"thumbnailUrl\":\"https:\\\/\\\/www.arquimaster.com.ar\\\/web\\\/wp-content\\\/uploads\\\/2015\\\/06\\\/casa_foa_2015_slide.jpg\",\"datePublished\":\"2015-06-24T19:00:01+00:00\",\"dateModified\":\"2025-10-29T21:24:13+00:00\",\"breadcrumb\":{\"@id\":\"https:\\\/\\\/www.arquimaster.com.ar\\\/web\\\/casa-foa-2015-presento-la-sede-de-su-edicion-30-aniversario\\\/#breadcrumb\"},\"inLanguage\":\"es\",\"potentialAction\":[{\"@type\":\"ReadAction\",\"target\":[\"https:\\\/\\\/www.arquimaster.com.ar\\\/web\\\/casa-foa-2015-presento-la-sede-de-su-edicion-30-aniversario\\\/\"]}]},{\"@type\":\"ImageObject\",\"inLanguage\":\"es\",\"@id\":\"https:\\\/\\\/www.arquimaster.com.ar\\\/web\\\/casa-foa-2015-presento-la-sede-de-su-edicion-30-aniversario\\\/#primaryimage\",\"url\":\"https:\\\/\\\/www.arquimaster.com.ar\\\/web\\\/wp-content\\\/uploads\\\/2015\\\/06\\\/casa_foa_2015_slide.jpg\",\"contentUrl\":\"https:\\\/\\\/www.arquimaster.com.ar\\\/web\\\/wp-content\\\/uploads\\\/2015\\\/06\\\/casa_foa_2015_slide.jpg\",\"width\":642,\"height\":336},{\"@type\":\"BreadcrumbList\",\"@id\":\"https:\\\/\\\/www.arquimaster.com.ar\\\/web\\\/casa-foa-2015-presento-la-sede-de-su-edicion-30-aniversario\\\/#breadcrumb\",\"itemListElement\":[{\"@type\":\"ListItem\",\"position\":1,\"name\":\"Portada\",\"item\":\"https:\\\/\\\/www.arquimaster.com.ar\\\/web\\\/\"},{\"@type\":\"ListItem\",\"position\":2,\"name\":\"Casa FOA 2015 present\u00f3 la sede de su edici\u00f3n 30\u00b0 aniversario\"}]},{\"@type\":\"WebSite\",\"@id\":\"https:\\\/\\\/www.arquimaster.com.ar\\\/web\\\/#website\",\"url\":\"https:\\\/\\\/www.arquimaster.com.ar\\\/web\\\/\",\"name\":\"Arquimaster\",\"description\":\"Web de arquitectura, dise\u00f1o y construccion\",\"publisher\":{\"@id\":\"https:\\\/\\\/www.arquimaster.com.ar\\\/web\\\/#organization\"},\"potentialAction\":[{\"@type\":\"SearchAction\",\"target\":{\"@type\":\"EntryPoint\",\"urlTemplate\":\"https:\\\/\\\/www.arquimaster.com.ar\\\/web\\\/?s={search_term_string}\"},\"query-input\":{\"@type\":\"PropertyValueSpecification\",\"valueRequired\":true,\"valueName\":\"search_term_string\"}}],\"inLanguage\":\"es\"},{\"@type\":\"Organization\",\"@id\":\"https:\\\/\\\/www.arquimaster.com.ar\\\/web\\\/#organization\",\"name\":\"Arquimaster\",\"url\":\"https:\\\/\\\/www.arquimaster.com.ar\\\/web\\\/\",\"logo\":{\"@type\":\"ImageObject\",\"inLanguage\":\"es\",\"@id\":\"https:\\\/\\\/www.arquimaster.com.ar\\\/web\\\/#\\\/schema\\\/logo\\\/image\\\/\",\"url\":\"https:\\\/\\\/www.arquimaster.com.ar\\\/web\\\/wp-content\\\/uploads\\\/2022\\\/06\\\/arquimaster.png\",\"contentUrl\":\"https:\\\/\\\/www.arquimaster.com.ar\\\/web\\\/wp-content\\\/uploads\\\/2022\\\/06\\\/arquimaster.png\",\"width\":594,\"height\":78,\"caption\":\"Arquimaster\"},\"image\":{\"@id\":\"https:\\\/\\\/www.arquimaster.com.ar\\\/web\\\/#\\\/schema\\\/logo\\\/image\\\/\"},\"sameAs\":[\"http:\\\/\\\/www.facebook.com\\\/ARQUIMASTER.com.ar\",\"https:\\\/\\\/x.com\\\/arquimaster\",\"https:\\\/\\\/www.instagram.com\\\/arquimasterblog\\\/\",\"https:\\\/\\\/www.linkedin.com\\\/company\\\/arquimaster\",\"https:\\\/\\\/www.pinterest.com\\\/arquimaster\",\"https:\\\/\\\/t.me\\\/arquimaster\"]},{\"@type\":\"Person\",\"@id\":\"https:\\\/\\\/www.arquimaster.com.ar\\\/web\\\/#\\\/schema\\\/person\\\/359e9f7c00193fcde068e0dd2ceb0028\",\"name\":\"Arquimaster\"}]}<\/script>\n<!-- \/ Yoast SEO plugin. -->","yoast_head_json":{"title":"Casa FOA 2015 present\u00f3 la sede de su edici\u00f3n 30\u00b0 aniversario - Arquimaster","robots":{"index":"index","follow":"follow","max-snippet":"max-snippet:-1","max-image-preview":"max-image-preview:large","max-video-preview":"max-video-preview:-1"},"canonical":"https:\/\/www.arquimaster.com.ar\/web\/casa-foa-2015-presento-la-sede-de-su-edicion-30-aniversario\/","og_locale":"es_ES","og_type":"article","og_title":"Casa FOA 2015 present\u00f3 la sede de su edici\u00f3n 30\u00b0 aniversario - Arquimaster","og_description":"Una casa de principios de siglo sera la sede de la proxima edicion de la muestra a beneficio...","og_url":"https:\/\/www.arquimaster.com.ar\/web\/casa-foa-2015-presento-la-sede-de-su-edicion-30-aniversario\/","og_site_name":"Arquimaster","article_publisher":"http:\/\/www.facebook.com\/ARQUIMASTER.com.ar","article_published_time":"2015-06-24T19:00:01+00:00","article_modified_time":"2025-10-29T21:24:13+00:00","og_image":[{"width":642,"height":336,"url":"https:\/\/www.arquimaster.com.ar\/web\/wp-content\/uploads\/2015\/06\/casa_foa_2015_slide.jpg","type":"image\/jpeg"}],"author":"Arquimaster","twitter_card":"summary_large_image","twitter_creator":"@arquimaster","twitter_site":"@arquimaster","twitter_misc":{"Escrito por":"Arquimaster","Tiempo de lectura":"5 minutos"},"schema":{"@context":"https:\/\/schema.org","@graph":[{"@type":"Article","@id":"https:\/\/www.arquimaster.com.ar\/web\/casa-foa-2015-presento-la-sede-de-su-edicion-30-aniversario\/#article","isPartOf":{"@id":"https:\/\/www.arquimaster.com.ar\/web\/casa-foa-2015-presento-la-sede-de-su-edicion-30-aniversario\/"},"author":{"name":"Arquimaster","@id":"https:\/\/www.arquimaster.com.ar\/web\/#\/schema\/person\/359e9f7c00193fcde068e0dd2ceb0028"},"headline":"Casa FOA 2015 present\u00f3 la sede de su edici\u00f3n 30\u00b0 aniversario","datePublished":"2015-06-24T19:00:01+00:00","dateModified":"2025-10-29T21:24:13+00:00","mainEntityOfPage":{"@id":"https:\/\/www.arquimaster.com.ar\/web\/casa-foa-2015-presento-la-sede-de-su-edicion-30-aniversario\/"},"wordCount":1085,"publisher":{"@id":"https:\/\/www.arquimaster.com.ar\/web\/#organization"},"image":{"@id":"https:\/\/www.arquimaster.com.ar\/web\/casa-foa-2015-presento-la-sede-de-su-edicion-30-aniversario\/#primaryimage"},"thumbnailUrl":"https:\/\/www.arquimaster.com.ar\/web\/wp-content\/uploads\/2015\/06\/casa_foa_2015_slide.jpg","keywords":["Casa FOA","Casa FOA 2015","dise\u00f1o interior","muestras","paisajismo"],"articleSection":["Dise\u00f1o","Dise\u00f1o interior y decoracion"],"inLanguage":"es"},{"@type":"WebPage","@id":"https:\/\/www.arquimaster.com.ar\/web\/casa-foa-2015-presento-la-sede-de-su-edicion-30-aniversario\/","url":"https:\/\/www.arquimaster.com.ar\/web\/casa-foa-2015-presento-la-sede-de-su-edicion-30-aniversario\/","name":"Casa FOA 2015 present\u00f3 la sede de su edici\u00f3n 30\u00b0 aniversario - Arquimaster","isPartOf":{"@id":"https:\/\/www.arquimaster.com.ar\/web\/#website"},"primaryImageOfPage":{"@id":"https:\/\/www.arquimaster.com.ar\/web\/casa-foa-2015-presento-la-sede-de-su-edicion-30-aniversario\/#primaryimage"},"image":{"@id":"https:\/\/www.arquimaster.com.ar\/web\/casa-foa-2015-presento-la-sede-de-su-edicion-30-aniversario\/#primaryimage"},"thumbnailUrl":"https:\/\/www.arquimaster.com.ar\/web\/wp-content\/uploads\/2015\/06\/casa_foa_2015_slide.jpg","datePublished":"2015-06-24T19:00:01+00:00","dateModified":"2025-10-29T21:24:13+00:00","breadcrumb":{"@id":"https:\/\/www.arquimaster.com.ar\/web\/casa-foa-2015-presento-la-sede-de-su-edicion-30-aniversario\/#breadcrumb"},"inLanguage":"es","potentialAction":[{"@type":"ReadAction","target":["https:\/\/www.arquimaster.com.ar\/web\/casa-foa-2015-presento-la-sede-de-su-edicion-30-aniversario\/"]}]},{"@type":"ImageObject","inLanguage":"es","@id":"https:\/\/www.arquimaster.com.ar\/web\/casa-foa-2015-presento-la-sede-de-su-edicion-30-aniversario\/#primaryimage","url":"https:\/\/www.arquimaster.com.ar\/web\/wp-content\/uploads\/2015\/06\/casa_foa_2015_slide.jpg","contentUrl":"https:\/\/www.arquimaster.com.ar\/web\/wp-content\/uploads\/2015\/06\/casa_foa_2015_slide.jpg","width":642,"height":336},{"@type":"BreadcrumbList","@id":"https:\/\/www.arquimaster.com.ar\/web\/casa-foa-2015-presento-la-sede-de-su-edicion-30-aniversario\/#breadcrumb","itemListElement":[{"@type":"ListItem","position":1,"name":"Portada","item":"https:\/\/www.arquimaster.com.ar\/web\/"},{"@type":"ListItem","position":2,"name":"Casa FOA 2015 present\u00f3 la sede de su edici\u00f3n 30\u00b0 aniversario"}]},{"@type":"WebSite","@id":"https:\/\/www.arquimaster.com.ar\/web\/#website","url":"https:\/\/www.arquimaster.com.ar\/web\/","name":"Arquimaster","description":"Web de arquitectura, dise\u00f1o y construccion","publisher":{"@id":"https:\/\/www.arquimaster.com.ar\/web\/#organization"},"potentialAction":[{"@type":"SearchAction","target":{"@type":"EntryPoint","urlTemplate":"https:\/\/www.arquimaster.com.ar\/web\/?s={search_term_string}"},"query-input":{"@type":"PropertyValueSpecification","valueRequired":true,"valueName":"search_term_string"}}],"inLanguage":"es"},{"@type":"Organization","@id":"https:\/\/www.arquimaster.com.ar\/web\/#organization","name":"Arquimaster","url":"https:\/\/www.arquimaster.com.ar\/web\/","logo":{"@type":"ImageObject","inLanguage":"es","@id":"https:\/\/www.arquimaster.com.ar\/web\/#\/schema\/logo\/image\/","url":"https:\/\/www.arquimaster.com.ar\/web\/wp-content\/uploads\/2022\/06\/arquimaster.png","contentUrl":"https:\/\/www.arquimaster.com.ar\/web\/wp-content\/uploads\/2022\/06\/arquimaster.png","width":594,"height":78,"caption":"Arquimaster"},"image":{"@id":"https:\/\/www.arquimaster.com.ar\/web\/#\/schema\/logo\/image\/"},"sameAs":["http:\/\/www.facebook.com\/ARQUIMASTER.com.ar","https:\/\/x.com\/arquimaster","https:\/\/www.instagram.com\/arquimasterblog\/","https:\/\/www.linkedin.com\/company\/arquimaster","https:\/\/www.pinterest.com\/arquimaster","https:\/\/t.me\/arquimaster"]},{"@type":"Person","@id":"https:\/\/www.arquimaster.com.ar\/web\/#\/schema\/person\/359e9f7c00193fcde068e0dd2ceb0028","name":"Arquimaster"}]}},"uagb_featured_image_src":{"full":["https:\/\/www.arquimaster.com.ar\/web\/wp-content\/uploads\/2015\/06\/casa_foa_2015_slide.jpg",642,336,false],"thumbnail":["https:\/\/www.arquimaster.com.ar\/web\/wp-content\/uploads\/2015\/06\/casa_foa_2015_slide-150x150.jpg",150,150,true],"medium":["https:\/\/www.arquimaster.com.ar\/web\/wp-content\/uploads\/2015\/06\/casa_foa_2015_slide.jpg",642,336,false],"medium_large":["https:\/\/www.arquimaster.com.ar\/web\/wp-content\/uploads\/2015\/06\/casa_foa_2015_slide.jpg",642,336,false],"large":["https:\/\/www.arquimaster.com.ar\/web\/wp-content\/uploads\/2015\/06\/casa_foa_2015_slide.jpg",642,336,false],"1536x1536":["https:\/\/www.arquimaster.com.ar\/web\/wp-content\/uploads\/2015\/06\/casa_foa_2015_slide.jpg",642,336,false],"2048x2048":["https:\/\/www.arquimaster.com.ar\/web\/wp-content\/uploads\/2015\/06\/casa_foa_2015_slide.jpg",642,336,false]},"uagb_author_info":{"display_name":"Arquimaster","author_link":"https:\/\/www.arquimaster.com.ar\/web\/author\/arquimaster\/"},"uagb_comment_info":0,"uagb_excerpt":"Una casa de principios de siglo sera la sede de la proxima edicion de la muestra a beneficio...","_links":{"self":[{"href":"https:\/\/www.arquimaster.com.ar\/web\/wp-json\/wp\/v2\/posts\/15948","targetHints":{"allow":["GET"]}}],"collection":[{"href":"https:\/\/www.arquimaster.com.ar\/web\/wp-json\/wp\/v2\/posts"}],"about":[{"href":"https:\/\/www.arquimaster.com.ar\/web\/wp-json\/wp\/v2\/types\/post"}],"author":[{"embeddable":true,"href":"https:\/\/www.arquimaster.com.ar\/web\/wp-json\/wp\/v2\/users\/1"}],"replies":[{"embeddable":true,"href":"https:\/\/www.arquimaster.com.ar\/web\/wp-json\/wp\/v2\/comments?post=15948"}],"version-history":[{"count":1,"href":"https:\/\/www.arquimaster.com.ar\/web\/wp-json\/wp\/v2\/posts\/15948\/revisions"}],"predecessor-version":[{"id":86479,"href":"https:\/\/www.arquimaster.com.ar\/web\/wp-json\/wp\/v2\/posts\/15948\/revisions\/86479"}],"wp:featuredmedia":[{"embeddable":true,"href":"https:\/\/www.arquimaster.com.ar\/web\/wp-json\/wp\/v2\/media\/15949"}],"wp:attachment":[{"href":"https:\/\/www.arquimaster.com.ar\/web\/wp-json\/wp\/v2\/media?parent=15948"}],"wp:term":[{"taxonomy":"category","embeddable":true,"href":"https:\/\/www.arquimaster.com.ar\/web\/wp-json\/wp\/v2\/categories?post=15948"},{"taxonomy":"post_tag","embeddable":true,"href":"https:\/\/www.arquimaster.com.ar\/web\/wp-json\/wp\/v2\/tags?post=15948"}],"curies":[{"name":"wp","href":"https:\/\/api.w.org\/{rel}","templated":true}]}}