{"id":16041,"date":"2015-07-04T18:00:41","date_gmt":"2015-07-04T18:00:41","guid":{"rendered":"http:\/\/www.arquimaster.com.ar\/web\/?p=16041"},"modified":"2015-07-06T02:44:47","modified_gmt":"2015-07-06T02:44:47","slug":"casa-mb-rubio-arquitectos","status":"publish","type":"post","link":"https:\/\/www.arquimaster.com.ar\/web\/casa-mb-rubio-arquitectos\/","title":{"rendered":"Casa MB \/ Rubio Arquitectos"},"content":{"rendered":"<div style=\"margin-top: 0px; margin-bottom: 0px;\" class=\"sharethis-inline-share-buttons\" ><\/div><div class=\"b812932af2e751442846f039925109de\" data-index=\"1\" style=\"float: none; margin:25px 0 25px 0; text-align:center;\">\n<script async src=\"https:\/\/pagead2.googlesyndication.com\/pagead\/js\/adsbygoogle.js\"><\/script>\r\n<!-- Arquimaster (superior) -->\r\n<ins class=\"adsbygoogle\"\r\n     style=\"display:block\"\r\n     data-ad-client=\"ca-pub-6351072698456832\"\r\n     data-ad-slot=\"6455489680\"\r\n     data-ad-format=\"auto\"\r\n     data-full-width-responsive=\"true\"><\/ins>\r\n<script>\r\n     (adsbygoogle = window.adsbygoogle || []).push({});\r\n<\/script>\n<\/div>\n<p><strong>Casa MB<\/strong> (Playa La Jolla, Lima, Per\u00fa) por <strong>Rubio Arquitectos<\/strong>. El dise\u00f1o de la vivienda se genera a partir del concepto de atraer el exterior hacia el interior. Lo cual se sustenta en las bondades paisaj\u00edsticas del lugar, el terreno est\u00e1 situado frente amplios jardines y a una laguna de grandes proporciones construida a manera de franja celeste entre el condominio y el mar.<\/p>\n<div id='gallery-1' class='gallery galleryid-16041 gallery-columns-3 gallery-size-thumbnail'><figure class='gallery-item'>\n\t\t\t<div class='gallery-icon landscape'>\n\t\t\t\t<a href='https:\/\/www.arquimaster.com.ar\/web\/wp-content\/uploads\/2015\/07\/casa_mb1.jpg' title=\"Casa MB \/ Rubio Arquitectos (\u00a9 Juan Solano)\" data-rl_title=\"Casa MB \/ Rubio Arquitectos (\u00a9 Juan Solano)\" class=\"rl-gallery-link\" data-rl_caption=\"Casa MB \/ Rubio Arquitectos (\u00a9 Juan Solano)\" data-rel=\"lightbox-gallery-1\"><img loading=\"lazy\" decoding=\"async\" width=\"150\" height=\"150\" src=\"https:\/\/www.arquimaster.com.ar\/web\/wp-content\/uploads\/2015\/07\/casa_mb1-150x150.jpg\" class=\"attachment-thumbnail size-thumbnail\" alt=\"\" aria-describedby=\"gallery-1-16043\" srcset=\"https:\/\/www.arquimaster.com.ar\/web\/wp-content\/uploads\/2015\/07\/casa_mb1-150x150.jpg 150w, https:\/\/www.arquimaster.com.ar\/web\/wp-content\/uploads\/2015\/07\/casa_mb1-50x50.jpg 50w, https:\/\/www.arquimaster.com.ar\/web\/wp-content\/uploads\/2015\/07\/casa_mb1-125x125.jpg 125w\" sizes=\"auto, (max-width: 150px) 100vw, 150px\" \/><\/a>\n\t\t\t<\/div>\n\t\t\t\t<figcaption class='wp-caption-text gallery-caption' id='gallery-1-16043'>\n\t\t\t\tCasa MB \/ Rubio Arquitectos (\u00a9 Juan Solano)\n\t\t\t\t<\/figcaption><\/figure><figure class='gallery-item'>\n\t\t\t<div class='gallery-icon portrait'>\n\t\t\t\t<a href='https:\/\/www.arquimaster.com.ar\/web\/wp-content\/uploads\/2015\/07\/casa_mb2.jpg' title=\"Casa MB \/ Rubio Arquitectos (\u00a9 Juan Solano)\" data-rl_title=\"Casa MB \/ Rubio Arquitectos (\u00a9 Juan Solano)\" class=\"rl-gallery-link\" data-rl_caption=\"Casa MB \/ Rubio Arquitectos (\u00a9 Juan Solano)\" data-rel=\"lightbox-gallery-1\"><img loading=\"lazy\" decoding=\"async\" width=\"150\" height=\"150\" src=\"https:\/\/www.arquimaster.com.ar\/web\/wp-content\/uploads\/2015\/07\/casa_mb2-150x150.jpg\" class=\"attachment-thumbnail size-thumbnail\" alt=\"\" aria-describedby=\"gallery-1-16044\" srcset=\"https:\/\/www.arquimaster.com.ar\/web\/wp-content\/uploads\/2015\/07\/casa_mb2-150x150.jpg 150w, https:\/\/www.arquimaster.com.ar\/web\/wp-content\/uploads\/2015\/07\/casa_mb2-50x50.jpg 50w, https:\/\/www.arquimaster.com.ar\/web\/wp-content\/uploads\/2015\/07\/casa_mb2-125x125.jpg 125w\" sizes=\"auto, (max-width: 150px) 100vw, 150px\" \/><\/a>\n\t\t\t<\/div>\n\t\t\t\t<figcaption class='wp-caption-text gallery-caption' id='gallery-1-16044'>\n\t\t\t\tCasa MB \/ Rubio Arquitectos (\u00a9 Juan Solano)\n\t\t\t\t<\/figcaption><\/figure><figure class='gallery-item'>\n\t\t\t<div class='gallery-icon landscape'>\n\t\t\t\t<a href='https:\/\/www.arquimaster.com.ar\/web\/wp-content\/uploads\/2015\/07\/casa_mb3.jpg' title=\"Casa MB \/ Rubio Arquitectos (\u00a9 Juan Solano)\" data-rl_title=\"Casa MB \/ Rubio Arquitectos (\u00a9 Juan Solano)\" class=\"rl-gallery-link\" data-rl_caption=\"Casa MB \/ Rubio Arquitectos (\u00a9 Juan Solano)\" data-rel=\"lightbox-gallery-1\"><img loading=\"lazy\" decoding=\"async\" width=\"150\" height=\"150\" src=\"https:\/\/www.arquimaster.com.ar\/web\/wp-content\/uploads\/2015\/07\/casa_mb3-150x150.jpg\" class=\"attachment-thumbnail size-thumbnail\" alt=\"\" aria-describedby=\"gallery-1-16045\" srcset=\"https:\/\/www.arquimaster.com.ar\/web\/wp-content\/uploads\/2015\/07\/casa_mb3-150x150.jpg 150w, https:\/\/www.arquimaster.com.ar\/web\/wp-content\/uploads\/2015\/07\/casa_mb3-50x50.jpg 50w, https:\/\/www.arquimaster.com.ar\/web\/wp-content\/uploads\/2015\/07\/casa_mb3-125x125.jpg 125w\" sizes=\"auto, (max-width: 150px) 100vw, 150px\" \/><\/a>\n\t\t\t<\/div>\n\t\t\t\t<figcaption class='wp-caption-text gallery-caption' id='gallery-1-16045'>\n\t\t\t\tCasa MB \/ Rubio Arquitectos (\u00a9 Juan Solano)\n\t\t\t\t<\/figcaption><\/figure><figure class='gallery-item'>\n\t\t\t<div class='gallery-icon portrait'>\n\t\t\t\t<a href='https:\/\/www.arquimaster.com.ar\/web\/wp-content\/uploads\/2015\/07\/casa_mb4.jpg' title=\"Casa MB \/ Rubio Arquitectos (\u00a9 Juan Solano)\" data-rl_title=\"Casa MB \/ Rubio Arquitectos (\u00a9 Juan Solano)\" class=\"rl-gallery-link\" data-rl_caption=\"Casa MB \/ Rubio Arquitectos (\u00a9 Juan Solano)\" data-rel=\"lightbox-gallery-1\"><img loading=\"lazy\" decoding=\"async\" width=\"150\" height=\"150\" src=\"https:\/\/www.arquimaster.com.ar\/web\/wp-content\/uploads\/2015\/07\/casa_mb4-150x150.jpg\" class=\"attachment-thumbnail size-thumbnail\" alt=\"\" aria-describedby=\"gallery-1-16046\" srcset=\"https:\/\/www.arquimaster.com.ar\/web\/wp-content\/uploads\/2015\/07\/casa_mb4-150x150.jpg 150w, https:\/\/www.arquimaster.com.ar\/web\/wp-content\/uploads\/2015\/07\/casa_mb4-50x50.jpg 50w, https:\/\/www.arquimaster.com.ar\/web\/wp-content\/uploads\/2015\/07\/casa_mb4-125x125.jpg 125w\" sizes=\"auto, (max-width: 150px) 100vw, 150px\" \/><\/a>\n\t\t\t<\/div>\n\t\t\t\t<figcaption class='wp-caption-text gallery-caption' id='gallery-1-16046'>\n\t\t\t\tCasa MB \/ Rubio Arquitectos (\u00a9 Juan Solano)\n\t\t\t\t<\/figcaption><\/figure><figure class='gallery-item'>\n\t\t\t<div class='gallery-icon landscape'>\n\t\t\t\t<a href='https:\/\/www.arquimaster.com.ar\/web\/wp-content\/uploads\/2015\/07\/casa_mb5.jpg' title=\"Casa MB \/ Rubio Arquitectos (\u00a9 Juan Solano)\" data-rl_title=\"Casa MB \/ Rubio Arquitectos (\u00a9 Juan Solano)\" class=\"rl-gallery-link\" data-rl_caption=\"Casa MB \/ Rubio Arquitectos (\u00a9 Juan Solano)\" data-rel=\"lightbox-gallery-1\"><img loading=\"lazy\" decoding=\"async\" width=\"150\" height=\"150\" src=\"https:\/\/www.arquimaster.com.ar\/web\/wp-content\/uploads\/2015\/07\/casa_mb5-150x150.jpg\" class=\"attachment-thumbnail size-thumbnail\" alt=\"\" aria-describedby=\"gallery-1-16047\" srcset=\"https:\/\/www.arquimaster.com.ar\/web\/wp-content\/uploads\/2015\/07\/casa_mb5-150x150.jpg 150w, https:\/\/www.arquimaster.com.ar\/web\/wp-content\/uploads\/2015\/07\/casa_mb5-50x50.jpg 50w, https:\/\/www.arquimaster.com.ar\/web\/wp-content\/uploads\/2015\/07\/casa_mb5-125x125.jpg 125w\" sizes=\"auto, (max-width: 150px) 100vw, 150px\" \/><\/a>\n\t\t\t<\/div>\n\t\t\t\t<figcaption class='wp-caption-text gallery-caption' id='gallery-1-16047'>\n\t\t\t\tCasa MB \/ Rubio Arquitectos (\u00a9 Juan Solano)\n\t\t\t\t<\/figcaption><\/figure><figure class='gallery-item'>\n\t\t\t<div class='gallery-icon landscape'>\n\t\t\t\t<a href='https:\/\/www.arquimaster.com.ar\/web\/wp-content\/uploads\/2015\/07\/casa_mb6.jpg' title=\"Casa MB \/ Rubio Arquitectos (\u00a9 Juan Solano)\" data-rl_title=\"Casa MB \/ Rubio Arquitectos (\u00a9 Juan Solano)\" class=\"rl-gallery-link\" data-rl_caption=\"Casa MB \/ Rubio Arquitectos (\u00a9 Juan Solano)\" data-rel=\"lightbox-gallery-1\"><img loading=\"lazy\" decoding=\"async\" width=\"150\" height=\"150\" src=\"https:\/\/www.arquimaster.com.ar\/web\/wp-content\/uploads\/2015\/07\/casa_mb6-150x150.jpg\" class=\"attachment-thumbnail size-thumbnail\" alt=\"\" aria-describedby=\"gallery-1-16048\" srcset=\"https:\/\/www.arquimaster.com.ar\/web\/wp-content\/uploads\/2015\/07\/casa_mb6-150x150.jpg 150w, https:\/\/www.arquimaster.com.ar\/web\/wp-content\/uploads\/2015\/07\/casa_mb6-50x50.jpg 50w, https:\/\/www.arquimaster.com.ar\/web\/wp-content\/uploads\/2015\/07\/casa_mb6-125x125.jpg 125w\" sizes=\"auto, (max-width: 150px) 100vw, 150px\" \/><\/a>\n\t\t\t<\/div>\n\t\t\t\t<figcaption class='wp-caption-text gallery-caption' id='gallery-1-16048'>\n\t\t\t\tCasa MB \/ Rubio Arquitectos (\u00a9 Juan Solano)\n\t\t\t\t<\/figcaption><\/figure><figure class='gallery-item'>\n\t\t\t<div class='gallery-icon landscape'>\n\t\t\t\t<a href='https:\/\/www.arquimaster.com.ar\/web\/wp-content\/uploads\/2015\/07\/casa_mb7.jpg' title=\"Casa MB \/ Rubio Arquitectos (\u00a9 Juan Solano)\" data-rl_title=\"Casa MB \/ Rubio Arquitectos (\u00a9 Juan Solano)\" class=\"rl-gallery-link\" data-rl_caption=\"Casa MB \/ Rubio Arquitectos (\u00a9 Juan Solano)\" data-rel=\"lightbox-gallery-1\"><img loading=\"lazy\" decoding=\"async\" width=\"150\" height=\"150\" src=\"https:\/\/www.arquimaster.com.ar\/web\/wp-content\/uploads\/2015\/07\/casa_mb7-150x150.jpg\" class=\"attachment-thumbnail size-thumbnail\" alt=\"\" aria-describedby=\"gallery-1-16049\" srcset=\"https:\/\/www.arquimaster.com.ar\/web\/wp-content\/uploads\/2015\/07\/casa_mb7-150x150.jpg 150w, https:\/\/www.arquimaster.com.ar\/web\/wp-content\/uploads\/2015\/07\/casa_mb7-50x50.jpg 50w, https:\/\/www.arquimaster.com.ar\/web\/wp-content\/uploads\/2015\/07\/casa_mb7-125x125.jpg 125w\" sizes=\"auto, (max-width: 150px) 100vw, 150px\" \/><\/a>\n\t\t\t<\/div>\n\t\t\t\t<figcaption class='wp-caption-text gallery-caption' id='gallery-1-16049'>\n\t\t\t\tCasa MB \/ Rubio Arquitectos (\u00a9 Juan Solano)\n\t\t\t\t<\/figcaption><\/figure><figure class='gallery-item'>\n\t\t\t<div class='gallery-icon landscape'>\n\t\t\t\t<a href='https:\/\/www.arquimaster.com.ar\/web\/wp-content\/uploads\/2015\/07\/casa_mb8.jpg' title=\"Casa MB \/ Rubio Arquitectos (\u00a9 Juan Solano)\" data-rl_title=\"Casa MB \/ Rubio Arquitectos (\u00a9 Juan Solano)\" class=\"rl-gallery-link\" data-rl_caption=\"Casa MB \/ Rubio Arquitectos (\u00a9 Juan Solano)\" data-rel=\"lightbox-gallery-1\"><img loading=\"lazy\" decoding=\"async\" width=\"150\" height=\"150\" src=\"https:\/\/www.arquimaster.com.ar\/web\/wp-content\/uploads\/2015\/07\/casa_mb8-150x150.jpg\" class=\"attachment-thumbnail size-thumbnail\" alt=\"\" aria-describedby=\"gallery-1-16050\" srcset=\"https:\/\/www.arquimaster.com.ar\/web\/wp-content\/uploads\/2015\/07\/casa_mb8-150x150.jpg 150w, https:\/\/www.arquimaster.com.ar\/web\/wp-content\/uploads\/2015\/07\/casa_mb8-50x50.jpg 50w, https:\/\/www.arquimaster.com.ar\/web\/wp-content\/uploads\/2015\/07\/casa_mb8-125x125.jpg 125w\" sizes=\"auto, (max-width: 150px) 100vw, 150px\" \/><\/a>\n\t\t\t<\/div>\n\t\t\t\t<figcaption class='wp-caption-text gallery-caption' id='gallery-1-16050'>\n\t\t\t\tCasa MB \/ Rubio Arquitectos (\u00a9 Juan Solano)\n\t\t\t\t<\/figcaption><\/figure><figure class='gallery-item'>\n\t\t\t<div class='gallery-icon portrait'>\n\t\t\t\t<a href='https:\/\/www.arquimaster.com.ar\/web\/wp-content\/uploads\/2015\/07\/casa_mb9.jpg' title=\"Casa MB \/ Rubio Arquitectos (\u00a9 Juan Solano)\" data-rl_title=\"Casa MB \/ Rubio Arquitectos (\u00a9 Juan Solano)\" class=\"rl-gallery-link\" data-rl_caption=\"Casa MB \/ Rubio Arquitectos (\u00a9 Juan Solano)\" data-rel=\"lightbox-gallery-1\"><img loading=\"lazy\" decoding=\"async\" width=\"150\" height=\"150\" src=\"https:\/\/www.arquimaster.com.ar\/web\/wp-content\/uploads\/2015\/07\/casa_mb9-150x150.jpg\" class=\"attachment-thumbnail size-thumbnail\" alt=\"\" aria-describedby=\"gallery-1-16051\" srcset=\"https:\/\/www.arquimaster.com.ar\/web\/wp-content\/uploads\/2015\/07\/casa_mb9-150x150.jpg 150w, https:\/\/www.arquimaster.com.ar\/web\/wp-content\/uploads\/2015\/07\/casa_mb9-50x50.jpg 50w, https:\/\/www.arquimaster.com.ar\/web\/wp-content\/uploads\/2015\/07\/casa_mb9-125x125.jpg 125w\" sizes=\"auto, (max-width: 150px) 100vw, 150px\" \/><\/a>\n\t\t\t<\/div>\n\t\t\t\t<figcaption class='wp-caption-text gallery-caption' id='gallery-1-16051'>\n\t\t\t\tCasa MB \/ Rubio Arquitectos (\u00a9 Juan Solano)\n\t\t\t\t<\/figcaption><\/figure><figure class='gallery-item'>\n\t\t\t<div class='gallery-icon landscape'>\n\t\t\t\t<a href='https:\/\/www.arquimaster.com.ar\/web\/wp-content\/uploads\/2015\/07\/casa_mb10.jpg' title=\"Casa MB \/ Rubio Arquitectos (\u00a9 Juan Solano)\" data-rl_title=\"Casa MB \/ Rubio Arquitectos (\u00a9 Juan Solano)\" class=\"rl-gallery-link\" data-rl_caption=\"Casa MB \/ Rubio Arquitectos (\u00a9 Juan Solano)\" data-rel=\"lightbox-gallery-1\"><img loading=\"lazy\" decoding=\"async\" width=\"150\" height=\"150\" src=\"https:\/\/www.arquimaster.com.ar\/web\/wp-content\/uploads\/2015\/07\/casa_mb10-150x150.jpg\" class=\"attachment-thumbnail size-thumbnail\" alt=\"\" aria-describedby=\"gallery-1-16052\" srcset=\"https:\/\/www.arquimaster.com.ar\/web\/wp-content\/uploads\/2015\/07\/casa_mb10-150x150.jpg 150w, https:\/\/www.arquimaster.com.ar\/web\/wp-content\/uploads\/2015\/07\/casa_mb10-50x50.jpg 50w, https:\/\/www.arquimaster.com.ar\/web\/wp-content\/uploads\/2015\/07\/casa_mb10-125x125.jpg 125w\" sizes=\"auto, (max-width: 150px) 100vw, 150px\" \/><\/a>\n\t\t\t<\/div>\n\t\t\t\t<figcaption class='wp-caption-text gallery-caption' id='gallery-1-16052'>\n\t\t\t\tCasa MB \/ Rubio Arquitectos (\u00a9 Juan Solano)\n\t\t\t\t<\/figcaption><\/figure><figure class='gallery-item'>\n\t\t\t<div class='gallery-icon portrait'>\n\t\t\t\t<a href='https:\/\/www.arquimaster.com.ar\/web\/wp-content\/uploads\/2015\/07\/casa_mb11.jpg' title=\"Casa MB \/ Rubio Arquitectos (\u00a9 Juan Solano)\" data-rl_title=\"Casa MB \/ Rubio Arquitectos (\u00a9 Juan Solano)\" class=\"rl-gallery-link\" data-rl_caption=\"Casa MB \/ Rubio Arquitectos (\u00a9 Juan Solano)\" data-rel=\"lightbox-gallery-1\"><img loading=\"lazy\" decoding=\"async\" width=\"150\" height=\"150\" src=\"https:\/\/www.arquimaster.com.ar\/web\/wp-content\/uploads\/2015\/07\/casa_mb11-150x150.jpg\" class=\"attachment-thumbnail size-thumbnail\" alt=\"\" aria-describedby=\"gallery-1-16053\" srcset=\"https:\/\/www.arquimaster.com.ar\/web\/wp-content\/uploads\/2015\/07\/casa_mb11-150x150.jpg 150w, https:\/\/www.arquimaster.com.ar\/web\/wp-content\/uploads\/2015\/07\/casa_mb11-50x50.jpg 50w, https:\/\/www.arquimaster.com.ar\/web\/wp-content\/uploads\/2015\/07\/casa_mb11-125x125.jpg 125w\" sizes=\"auto, (max-width: 150px) 100vw, 150px\" \/><\/a>\n\t\t\t<\/div>\n\t\t\t\t<figcaption class='wp-caption-text gallery-caption' id='gallery-1-16053'>\n\t\t\t\tCasa MB \/ Rubio Arquitectos (\u00a9 Juan Solano)\n\t\t\t\t<\/figcaption><\/figure><figure class='gallery-item'>\n\t\t\t<div class='gallery-icon landscape'>\n\t\t\t\t<a href='https:\/\/www.arquimaster.com.ar\/web\/wp-content\/uploads\/2015\/07\/casa_mb12.jpg' title=\"Casa MB \/ Rubio Arquitectos (\u00a9 Juan Solano)\" data-rl_title=\"Casa MB \/ Rubio Arquitectos (\u00a9 Juan Solano)\" class=\"rl-gallery-link\" data-rl_caption=\"Casa MB \/ Rubio Arquitectos (\u00a9 Juan Solano)\" data-rel=\"lightbox-gallery-1\"><img loading=\"lazy\" decoding=\"async\" width=\"150\" height=\"150\" src=\"https:\/\/www.arquimaster.com.ar\/web\/wp-content\/uploads\/2015\/07\/casa_mb12-150x150.jpg\" class=\"attachment-thumbnail size-thumbnail\" alt=\"\" aria-describedby=\"gallery-1-16054\" srcset=\"https:\/\/www.arquimaster.com.ar\/web\/wp-content\/uploads\/2015\/07\/casa_mb12-150x150.jpg 150w, https:\/\/www.arquimaster.com.ar\/web\/wp-content\/uploads\/2015\/07\/casa_mb12-50x50.jpg 50w, https:\/\/www.arquimaster.com.ar\/web\/wp-content\/uploads\/2015\/07\/casa_mb12-125x125.jpg 125w\" sizes=\"auto, (max-width: 150px) 100vw, 150px\" \/><\/a>\n\t\t\t<\/div>\n\t\t\t\t<figcaption class='wp-caption-text gallery-caption' id='gallery-1-16054'>\n\t\t\t\tCasa MB \/ Rubio Arquitectos (\u00a9 Juan Solano)\n\t\t\t\t<\/figcaption><\/figure><figure class='gallery-item'>\n\t\t\t<div class='gallery-icon portrait'>\n\t\t\t\t<a href='https:\/\/www.arquimaster.com.ar\/web\/wp-content\/uploads\/2015\/07\/casa_mb13.jpg' title=\"Casa MB \/ Rubio Arquitectos (\u00a9 Juan Solano)\" data-rl_title=\"Casa MB \/ Rubio Arquitectos (\u00a9 Juan Solano)\" class=\"rl-gallery-link\" data-rl_caption=\"Casa MB \/ Rubio Arquitectos (\u00a9 Juan Solano)\" data-rel=\"lightbox-gallery-1\"><img loading=\"lazy\" decoding=\"async\" width=\"150\" height=\"150\" src=\"https:\/\/www.arquimaster.com.ar\/web\/wp-content\/uploads\/2015\/07\/casa_mb13-150x150.jpg\" class=\"attachment-thumbnail size-thumbnail\" alt=\"\" aria-describedby=\"gallery-1-16055\" srcset=\"https:\/\/www.arquimaster.com.ar\/web\/wp-content\/uploads\/2015\/07\/casa_mb13-150x150.jpg 150w, https:\/\/www.arquimaster.com.ar\/web\/wp-content\/uploads\/2015\/07\/casa_mb13-50x50.jpg 50w, https:\/\/www.arquimaster.com.ar\/web\/wp-content\/uploads\/2015\/07\/casa_mb13-125x125.jpg 125w\" sizes=\"auto, (max-width: 150px) 100vw, 150px\" \/><\/a>\n\t\t\t<\/div>\n\t\t\t\t<figcaption class='wp-caption-text gallery-caption' id='gallery-1-16055'>\n\t\t\t\tCasa MB \/ Rubio Arquitectos (\u00a9 Juan Solano)\n\t\t\t\t<\/figcaption><\/figure><figure class='gallery-item'>\n\t\t\t<div class='gallery-icon portrait'>\n\t\t\t\t<a href='https:\/\/www.arquimaster.com.ar\/web\/wp-content\/uploads\/2015\/07\/casa_mb14.jpg' title=\"Casa MB \/ Rubio Arquitectos (\u00a9 Juan Solano)\" data-rl_title=\"Casa MB \/ Rubio Arquitectos (\u00a9 Juan Solano)\" class=\"rl-gallery-link\" data-rl_caption=\"Casa MB \/ Rubio Arquitectos (\u00a9 Juan Solano)\" data-rel=\"lightbox-gallery-1\"><img loading=\"lazy\" decoding=\"async\" width=\"150\" height=\"150\" src=\"https:\/\/www.arquimaster.com.ar\/web\/wp-content\/uploads\/2015\/07\/casa_mb14-150x150.jpg\" class=\"attachment-thumbnail size-thumbnail\" alt=\"\" aria-describedby=\"gallery-1-16056\" srcset=\"https:\/\/www.arquimaster.com.ar\/web\/wp-content\/uploads\/2015\/07\/casa_mb14-150x150.jpg 150w, https:\/\/www.arquimaster.com.ar\/web\/wp-content\/uploads\/2015\/07\/casa_mb14-50x50.jpg 50w, https:\/\/www.arquimaster.com.ar\/web\/wp-content\/uploads\/2015\/07\/casa_mb14-125x125.jpg 125w\" sizes=\"auto, (max-width: 150px) 100vw, 150px\" \/><\/a>\n\t\t\t<\/div>\n\t\t\t\t<figcaption class='wp-caption-text gallery-caption' id='gallery-1-16056'>\n\t\t\t\tCasa MB \/ Rubio Arquitectos (\u00a9 Juan Solano)\n\t\t\t\t<\/figcaption><\/figure><figure class='gallery-item'>\n\t\t\t<div class='gallery-icon landscape'>\n\t\t\t\t<a href='https:\/\/www.arquimaster.com.ar\/web\/wp-content\/uploads\/2015\/07\/casa_mb15.jpg' title=\"Casa MB \/ Rubio Arquitectos (\u00a9 Juan Solano)\" data-rl_title=\"Casa MB \/ Rubio Arquitectos (\u00a9 Juan Solano)\" class=\"rl-gallery-link\" data-rl_caption=\"Casa MB \/ Rubio Arquitectos (\u00a9 Juan Solano)\" data-rel=\"lightbox-gallery-1\"><img loading=\"lazy\" decoding=\"async\" width=\"150\" height=\"150\" src=\"https:\/\/www.arquimaster.com.ar\/web\/wp-content\/uploads\/2015\/07\/casa_mb15-150x150.jpg\" class=\"attachment-thumbnail size-thumbnail\" alt=\"\" aria-describedby=\"gallery-1-16057\" srcset=\"https:\/\/www.arquimaster.com.ar\/web\/wp-content\/uploads\/2015\/07\/casa_mb15-150x150.jpg 150w, https:\/\/www.arquimaster.com.ar\/web\/wp-content\/uploads\/2015\/07\/casa_mb15-50x50.jpg 50w, https:\/\/www.arquimaster.com.ar\/web\/wp-content\/uploads\/2015\/07\/casa_mb15-125x125.jpg 125w\" sizes=\"auto, (max-width: 150px) 100vw, 150px\" \/><\/a>\n\t\t\t<\/div>\n\t\t\t\t<figcaption class='wp-caption-text gallery-caption' id='gallery-1-16057'>\n\t\t\t\tCasa MB \/ Rubio Arquitectos (\u00a9 Juan Solano)\n\t\t\t\t<\/figcaption><\/figure><figure class='gallery-item'>\n\t\t\t<div class='gallery-icon portrait'>\n\t\t\t\t<a href='https:\/\/www.arquimaster.com.ar\/web\/wp-content\/uploads\/2015\/07\/casa_mb16.jpg' title=\"Casa MB \/ Rubio Arquitectos (\u00a9 Juan Solano)\" data-rl_title=\"Casa MB \/ Rubio Arquitectos (\u00a9 Juan Solano)\" class=\"rl-gallery-link\" data-rl_caption=\"Casa MB \/ Rubio Arquitectos (\u00a9 Juan Solano)\" data-rel=\"lightbox-gallery-1\"><img loading=\"lazy\" decoding=\"async\" width=\"150\" height=\"150\" src=\"https:\/\/www.arquimaster.com.ar\/web\/wp-content\/uploads\/2015\/07\/casa_mb16-150x150.jpg\" class=\"attachment-thumbnail size-thumbnail\" alt=\"\" aria-describedby=\"gallery-1-16058\" srcset=\"https:\/\/www.arquimaster.com.ar\/web\/wp-content\/uploads\/2015\/07\/casa_mb16-150x150.jpg 150w, https:\/\/www.arquimaster.com.ar\/web\/wp-content\/uploads\/2015\/07\/casa_mb16-50x50.jpg 50w, https:\/\/www.arquimaster.com.ar\/web\/wp-content\/uploads\/2015\/07\/casa_mb16-125x125.jpg 125w\" sizes=\"auto, (max-width: 150px) 100vw, 150px\" \/><\/a>\n\t\t\t<\/div>\n\t\t\t\t<figcaption class='wp-caption-text gallery-caption' id='gallery-1-16058'>\n\t\t\t\tCasa MB \/ Rubio Arquitectos (\u00a9 Juan Solano)\n\t\t\t\t<\/figcaption><\/figure><figure class='gallery-item'>\n\t\t\t<div class='gallery-icon portrait'>\n\t\t\t\t<a href='https:\/\/www.arquimaster.com.ar\/web\/wp-content\/uploads\/2015\/07\/casa_mb17.jpg' title=\"Casa MB \/ Rubio Arquitectos (\u00a9 Juan Solano)\" data-rl_title=\"Casa MB \/ Rubio Arquitectos (\u00a9 Juan Solano)\" class=\"rl-gallery-link\" data-rl_caption=\"Casa MB \/ Rubio Arquitectos (\u00a9 Juan Solano)\" data-rel=\"lightbox-gallery-1\"><img loading=\"lazy\" decoding=\"async\" width=\"150\" height=\"150\" src=\"https:\/\/www.arquimaster.com.ar\/web\/wp-content\/uploads\/2015\/07\/casa_mb17-150x150.jpg\" class=\"attachment-thumbnail size-thumbnail\" alt=\"\" aria-describedby=\"gallery-1-16059\" srcset=\"https:\/\/www.arquimaster.com.ar\/web\/wp-content\/uploads\/2015\/07\/casa_mb17-150x150.jpg 150w, https:\/\/www.arquimaster.com.ar\/web\/wp-content\/uploads\/2015\/07\/casa_mb17-50x50.jpg 50w, https:\/\/www.arquimaster.com.ar\/web\/wp-content\/uploads\/2015\/07\/casa_mb17-125x125.jpg 125w\" sizes=\"auto, (max-width: 150px) 100vw, 150px\" \/><\/a>\n\t\t\t<\/div>\n\t\t\t\t<figcaption class='wp-caption-text gallery-caption' id='gallery-1-16059'>\n\t\t\t\tCasa MB \/ Rubio Arquitectos (\u00a9 Juan Solano)\n\t\t\t\t<\/figcaption><\/figure><figure class='gallery-item'>\n\t\t\t<div class='gallery-icon portrait'>\n\t\t\t\t<a href='https:\/\/www.arquimaster.com.ar\/web\/wp-content\/uploads\/2015\/07\/casa_mb18.jpg' title=\"Casa MB \/ Rubio Arquitectos (\u00a9 Juan Solano)\" data-rl_title=\"Casa MB \/ Rubio Arquitectos (\u00a9 Juan Solano)\" class=\"rl-gallery-link\" data-rl_caption=\"Casa MB \/ Rubio Arquitectos (\u00a9 Juan Solano)\" data-rel=\"lightbox-gallery-1\"><img loading=\"lazy\" decoding=\"async\" width=\"150\" height=\"150\" src=\"https:\/\/www.arquimaster.com.ar\/web\/wp-content\/uploads\/2015\/07\/casa_mb18-150x150.jpg\" class=\"attachment-thumbnail size-thumbnail\" alt=\"\" aria-describedby=\"gallery-1-16060\" srcset=\"https:\/\/www.arquimaster.com.ar\/web\/wp-content\/uploads\/2015\/07\/casa_mb18-150x150.jpg 150w, https:\/\/www.arquimaster.com.ar\/web\/wp-content\/uploads\/2015\/07\/casa_mb18-50x50.jpg 50w, https:\/\/www.arquimaster.com.ar\/web\/wp-content\/uploads\/2015\/07\/casa_mb18-125x125.jpg 125w\" sizes=\"auto, (max-width: 150px) 100vw, 150px\" \/><\/a>\n\t\t\t<\/div>\n\t\t\t\t<figcaption class='wp-caption-text gallery-caption' id='gallery-1-16060'>\n\t\t\t\tCasa MB \/ Rubio Arquitectos (\u00a9 Juan Solano)\n\t\t\t\t<\/figcaption><\/figure><figure class='gallery-item'>\n\t\t\t<div class='gallery-icon portrait'>\n\t\t\t\t<a href='https:\/\/www.arquimaster.com.ar\/web\/wp-content\/uploads\/2015\/07\/casa_mb19.jpg' title=\"Casa MB \/ Rubio Arquitectos (\u00a9 Juan Solano)\" data-rl_title=\"Casa MB \/ Rubio Arquitectos (\u00a9 Juan Solano)\" class=\"rl-gallery-link\" data-rl_caption=\"Casa MB \/ Rubio Arquitectos (\u00a9 Juan Solano)\" data-rel=\"lightbox-gallery-1\"><img loading=\"lazy\" decoding=\"async\" width=\"150\" height=\"150\" src=\"https:\/\/www.arquimaster.com.ar\/web\/wp-content\/uploads\/2015\/07\/casa_mb19-150x150.jpg\" class=\"attachment-thumbnail size-thumbnail\" alt=\"\" aria-describedby=\"gallery-1-16061\" srcset=\"https:\/\/www.arquimaster.com.ar\/web\/wp-content\/uploads\/2015\/07\/casa_mb19-150x150.jpg 150w, https:\/\/www.arquimaster.com.ar\/web\/wp-content\/uploads\/2015\/07\/casa_mb19-50x50.jpg 50w, https:\/\/www.arquimaster.com.ar\/web\/wp-content\/uploads\/2015\/07\/casa_mb19-125x125.jpg 125w\" sizes=\"auto, (max-width: 150px) 100vw, 150px\" \/><\/a>\n\t\t\t<\/div>\n\t\t\t\t<figcaption class='wp-caption-text gallery-caption' id='gallery-1-16061'>\n\t\t\t\tCasa MB \/ Rubio Arquitectos (\u00a9 Juan Solano)\n\t\t\t\t<\/figcaption><\/figure><figure class='gallery-item'>\n\t\t\t<div class='gallery-icon portrait'>\n\t\t\t\t<a href='https:\/\/www.arquimaster.com.ar\/web\/wp-content\/uploads\/2015\/07\/casa_mb20.jpg' title=\"Casa MB \/ Rubio Arquitectos (\u00a9 Juan Solano)\" data-rl_title=\"Casa MB \/ Rubio Arquitectos (\u00a9 Juan Solano)\" class=\"rl-gallery-link\" data-rl_caption=\"Casa MB \/ Rubio Arquitectos (\u00a9 Juan Solano)\" data-rel=\"lightbox-gallery-1\"><img loading=\"lazy\" decoding=\"async\" width=\"150\" height=\"150\" src=\"https:\/\/www.arquimaster.com.ar\/web\/wp-content\/uploads\/2015\/07\/casa_mb20-150x150.jpg\" class=\"attachment-thumbnail size-thumbnail\" alt=\"\" aria-describedby=\"gallery-1-16062\" srcset=\"https:\/\/www.arquimaster.com.ar\/web\/wp-content\/uploads\/2015\/07\/casa_mb20-150x150.jpg 150w, https:\/\/www.arquimaster.com.ar\/web\/wp-content\/uploads\/2015\/07\/casa_mb20-50x50.jpg 50w, https:\/\/www.arquimaster.com.ar\/web\/wp-content\/uploads\/2015\/07\/casa_mb20-125x125.jpg 125w\" sizes=\"auto, (max-width: 150px) 100vw, 150px\" \/><\/a>\n\t\t\t<\/div>\n\t\t\t\t<figcaption class='wp-caption-text gallery-caption' id='gallery-1-16062'>\n\t\t\t\tCasa MB \/ Rubio Arquitectos (\u00a9 Juan Solano)\n\t\t\t\t<\/figcaption><\/figure><figure class='gallery-item'>\n\t\t\t<div class='gallery-icon portrait'>\n\t\t\t\t<a href='https:\/\/www.arquimaster.com.ar\/web\/wp-content\/uploads\/2015\/07\/casa_mb21.jpg' title=\"Casa MB \/ Rubio Arquitectos (\u00a9 Juan Solano)\" data-rl_title=\"Casa MB \/ Rubio Arquitectos (\u00a9 Juan Solano)\" class=\"rl-gallery-link\" data-rl_caption=\"Casa MB \/ Rubio Arquitectos (\u00a9 Juan Solano)\" data-rel=\"lightbox-gallery-1\"><img loading=\"lazy\" decoding=\"async\" width=\"150\" height=\"150\" src=\"https:\/\/www.arquimaster.com.ar\/web\/wp-content\/uploads\/2015\/07\/casa_mb21-150x150.jpg\" class=\"attachment-thumbnail size-thumbnail\" alt=\"\" aria-describedby=\"gallery-1-16063\" srcset=\"https:\/\/www.arquimaster.com.ar\/web\/wp-content\/uploads\/2015\/07\/casa_mb21-150x150.jpg 150w, https:\/\/www.arquimaster.com.ar\/web\/wp-content\/uploads\/2015\/07\/casa_mb21-50x50.jpg 50w, https:\/\/www.arquimaster.com.ar\/web\/wp-content\/uploads\/2015\/07\/casa_mb21-125x125.jpg 125w\" sizes=\"auto, (max-width: 150px) 100vw, 150px\" \/><\/a>\n\t\t\t<\/div>\n\t\t\t\t<figcaption class='wp-caption-text gallery-caption' id='gallery-1-16063'>\n\t\t\t\tCasa MB \/ Rubio Arquitectos (\u00a9 Juan Solano)\n\t\t\t\t<\/figcaption><\/figure><figure class='gallery-item'>\n\t\t\t<div class='gallery-icon landscape'>\n\t\t\t\t<a href='https:\/\/www.arquimaster.com.ar\/web\/wp-content\/uploads\/2015\/07\/casa_mb22.jpg' title=\"Casa MB \/ Rubio Arquitectos (\u00a9 Juan Solano)\" data-rl_title=\"Casa MB \/ Rubio Arquitectos (\u00a9 Juan Solano)\" class=\"rl-gallery-link\" data-rl_caption=\"Casa MB \/ Rubio Arquitectos (\u00a9 Juan Solano)\" data-rel=\"lightbox-gallery-1\"><img loading=\"lazy\" decoding=\"async\" width=\"150\" height=\"150\" src=\"https:\/\/www.arquimaster.com.ar\/web\/wp-content\/uploads\/2015\/07\/casa_mb22-150x150.jpg\" class=\"attachment-thumbnail size-thumbnail\" alt=\"\" aria-describedby=\"gallery-1-16064\" srcset=\"https:\/\/www.arquimaster.com.ar\/web\/wp-content\/uploads\/2015\/07\/casa_mb22-150x150.jpg 150w, https:\/\/www.arquimaster.com.ar\/web\/wp-content\/uploads\/2015\/07\/casa_mb22-50x50.jpg 50w, https:\/\/www.arquimaster.com.ar\/web\/wp-content\/uploads\/2015\/07\/casa_mb22-125x125.jpg 125w\" sizes=\"auto, (max-width: 150px) 100vw, 150px\" \/><\/a>\n\t\t\t<\/div>\n\t\t\t\t<figcaption class='wp-caption-text gallery-caption' id='gallery-1-16064'>\n\t\t\t\tCasa MB \/ Rubio Arquitectos (\u00a9 Juan Solano)\n\t\t\t\t<\/figcaption><\/figure><figure class='gallery-item'>\n\t\t\t<div class='gallery-icon landscape'>\n\t\t\t\t<a href='https:\/\/www.arquimaster.com.ar\/web\/wp-content\/uploads\/2015\/07\/casa_mb23.jpg' title=\"Casa MB \/ Rubio Arquitectos (\u00a9 Juan Solano)\" data-rl_title=\"Casa MB \/ Rubio Arquitectos (\u00a9 Juan Solano)\" class=\"rl-gallery-link\" data-rl_caption=\"Casa MB \/ Rubio Arquitectos (\u00a9 Juan Solano)\" data-rel=\"lightbox-gallery-1\"><img loading=\"lazy\" decoding=\"async\" width=\"150\" height=\"150\" src=\"https:\/\/www.arquimaster.com.ar\/web\/wp-content\/uploads\/2015\/07\/casa_mb23-150x150.jpg\" class=\"attachment-thumbnail size-thumbnail\" alt=\"\" aria-describedby=\"gallery-1-16065\" srcset=\"https:\/\/www.arquimaster.com.ar\/web\/wp-content\/uploads\/2015\/07\/casa_mb23-150x150.jpg 150w, https:\/\/www.arquimaster.com.ar\/web\/wp-content\/uploads\/2015\/07\/casa_mb23-50x50.jpg 50w, https:\/\/www.arquimaster.com.ar\/web\/wp-content\/uploads\/2015\/07\/casa_mb23-125x125.jpg 125w\" sizes=\"auto, (max-width: 150px) 100vw, 150px\" \/><\/a>\n\t\t\t<\/div>\n\t\t\t\t<figcaption class='wp-caption-text gallery-caption' id='gallery-1-16065'>\n\t\t\t\tCasa MB \/ Rubio Arquitectos (\u00a9 Juan Solano)\n\t\t\t\t<\/figcaption><\/figure><figure class='gallery-item'>\n\t\t\t<div class='gallery-icon landscape'>\n\t\t\t\t<a href='https:\/\/www.arquimaster.com.ar\/web\/wp-content\/uploads\/2015\/07\/casa_mb24.jpg' title=\"Casa MB \/ Rubio Arquitectos (\u00a9 Juan Solano)\" data-rl_title=\"Casa MB \/ Rubio Arquitectos (\u00a9 Juan Solano)\" class=\"rl-gallery-link\" data-rl_caption=\"Casa MB \/ Rubio Arquitectos (\u00a9 Juan Solano)\" data-rel=\"lightbox-gallery-1\"><img loading=\"lazy\" decoding=\"async\" width=\"150\" height=\"150\" src=\"https:\/\/www.arquimaster.com.ar\/web\/wp-content\/uploads\/2015\/07\/casa_mb24-150x150.jpg\" class=\"attachment-thumbnail size-thumbnail\" alt=\"\" aria-describedby=\"gallery-1-16066\" srcset=\"https:\/\/www.arquimaster.com.ar\/web\/wp-content\/uploads\/2015\/07\/casa_mb24-150x150.jpg 150w, https:\/\/www.arquimaster.com.ar\/web\/wp-content\/uploads\/2015\/07\/casa_mb24-50x50.jpg 50w, https:\/\/www.arquimaster.com.ar\/web\/wp-content\/uploads\/2015\/07\/casa_mb24-125x125.jpg 125w\" sizes=\"auto, (max-width: 150px) 100vw, 150px\" \/><\/a>\n\t\t\t<\/div>\n\t\t\t\t<figcaption class='wp-caption-text gallery-caption' id='gallery-1-16066'>\n\t\t\t\tCasa MB \/ Rubio Arquitectos (\u00a9 Juan Solano)\n\t\t\t\t<\/figcaption><\/figure><figure class='gallery-item'>\n\t\t\t<div class='gallery-icon portrait'>\n\t\t\t\t<a href='https:\/\/www.arquimaster.com.ar\/web\/wp-content\/uploads\/2015\/07\/casa_mb25.jpg' title=\"Casa MB \/ Rubio Arquitectos (\u00a9 Juan Solano)\" data-rl_title=\"Casa MB \/ Rubio Arquitectos (\u00a9 Juan Solano)\" class=\"rl-gallery-link\" data-rl_caption=\"Casa MB \/ Rubio Arquitectos (\u00a9 Juan Solano)\" data-rel=\"lightbox-gallery-1\"><img loading=\"lazy\" decoding=\"async\" width=\"150\" height=\"150\" src=\"https:\/\/www.arquimaster.com.ar\/web\/wp-content\/uploads\/2015\/07\/casa_mb25-150x150.jpg\" class=\"attachment-thumbnail size-thumbnail\" alt=\"\" aria-describedby=\"gallery-1-16067\" srcset=\"https:\/\/www.arquimaster.com.ar\/web\/wp-content\/uploads\/2015\/07\/casa_mb25-150x150.jpg 150w, https:\/\/www.arquimaster.com.ar\/web\/wp-content\/uploads\/2015\/07\/casa_mb25-50x50.jpg 50w, https:\/\/www.arquimaster.com.ar\/web\/wp-content\/uploads\/2015\/07\/casa_mb25-125x125.jpg 125w\" sizes=\"auto, (max-width: 150px) 100vw, 150px\" \/><\/a>\n\t\t\t<\/div>\n\t\t\t\t<figcaption class='wp-caption-text gallery-caption' id='gallery-1-16067'>\n\t\t\t\tCasa MB \/ Rubio Arquitectos (\u00a9 Juan Solano)\n\t\t\t\t<\/figcaption><\/figure><figure class='gallery-item'>\n\t\t\t<div class='gallery-icon portrait'>\n\t\t\t\t<a href='https:\/\/www.arquimaster.com.ar\/web\/wp-content\/uploads\/2015\/07\/casa_mb26.jpg' title=\"Casa MB \/ Rubio Arquitectos (\u00a9 Juan Solano)\" data-rl_title=\"Casa MB \/ Rubio Arquitectos (\u00a9 Juan Solano)\" class=\"rl-gallery-link\" data-rl_caption=\"Casa MB \/ Rubio Arquitectos (\u00a9 Juan Solano)\" data-rel=\"lightbox-gallery-1\"><img loading=\"lazy\" decoding=\"async\" width=\"150\" height=\"150\" src=\"https:\/\/www.arquimaster.com.ar\/web\/wp-content\/uploads\/2015\/07\/casa_mb26-150x150.jpg\" class=\"attachment-thumbnail size-thumbnail\" alt=\"\" aria-describedby=\"gallery-1-16068\" srcset=\"https:\/\/www.arquimaster.com.ar\/web\/wp-content\/uploads\/2015\/07\/casa_mb26-150x150.jpg 150w, https:\/\/www.arquimaster.com.ar\/web\/wp-content\/uploads\/2015\/07\/casa_mb26-50x50.jpg 50w, https:\/\/www.arquimaster.com.ar\/web\/wp-content\/uploads\/2015\/07\/casa_mb26-125x125.jpg 125w\" sizes=\"auto, (max-width: 150px) 100vw, 150px\" \/><\/a>\n\t\t\t<\/div>\n\t\t\t\t<figcaption class='wp-caption-text gallery-caption' id='gallery-1-16068'>\n\t\t\t\tCasa MB \/ Rubio Arquitectos (\u00a9 Juan Solano)\n\t\t\t\t<\/figcaption><\/figure><figure class='gallery-item'>\n\t\t\t<div class='gallery-icon portrait'>\n\t\t\t\t<a href='https:\/\/www.arquimaster.com.ar\/web\/wp-content\/uploads\/2015\/07\/casa_mb27.jpg' title=\"Casa MB \/ Rubio Arquitectos (\u00a9 Juan Solano)\" data-rl_title=\"Casa MB \/ Rubio Arquitectos (\u00a9 Juan Solano)\" class=\"rl-gallery-link\" data-rl_caption=\"Casa MB \/ Rubio Arquitectos (\u00a9 Juan Solano)\" data-rel=\"lightbox-gallery-1\"><img loading=\"lazy\" decoding=\"async\" width=\"150\" height=\"150\" src=\"https:\/\/www.arquimaster.com.ar\/web\/wp-content\/uploads\/2015\/07\/casa_mb27-150x150.jpg\" class=\"attachment-thumbnail size-thumbnail\" alt=\"\" aria-describedby=\"gallery-1-16069\" srcset=\"https:\/\/www.arquimaster.com.ar\/web\/wp-content\/uploads\/2015\/07\/casa_mb27-150x150.jpg 150w, https:\/\/www.arquimaster.com.ar\/web\/wp-content\/uploads\/2015\/07\/casa_mb27-50x50.jpg 50w, https:\/\/www.arquimaster.com.ar\/web\/wp-content\/uploads\/2015\/07\/casa_mb27-125x125.jpg 125w\" sizes=\"auto, (max-width: 150px) 100vw, 150px\" \/><\/a>\n\t\t\t<\/div>\n\t\t\t\t<figcaption class='wp-caption-text gallery-caption' id='gallery-1-16069'>\n\t\t\t\tCasa MB \/ Rubio Arquitectos (\u00a9 Juan Solano)\n\t\t\t\t<\/figcaption><\/figure><figure class='gallery-item'>\n\t\t\t<div class='gallery-icon landscape'>\n\t\t\t\t<a href='https:\/\/www.arquimaster.com.ar\/web\/wp-content\/uploads\/2015\/07\/casa_mb28.jpg' title=\"Casa MB \/ Rubio Arquitectos (\u00a9 Juan Solano)\" data-rl_title=\"Casa MB \/ Rubio Arquitectos (\u00a9 Juan Solano)\" class=\"rl-gallery-link\" data-rl_caption=\"Casa MB \/ Rubio Arquitectos (\u00a9 Juan Solano)\" data-rel=\"lightbox-gallery-1\"><img loading=\"lazy\" decoding=\"async\" width=\"150\" height=\"150\" src=\"https:\/\/www.arquimaster.com.ar\/web\/wp-content\/uploads\/2015\/07\/casa_mb28-150x150.jpg\" class=\"attachment-thumbnail size-thumbnail\" alt=\"\" aria-describedby=\"gallery-1-16070\" srcset=\"https:\/\/www.arquimaster.com.ar\/web\/wp-content\/uploads\/2015\/07\/casa_mb28-150x150.jpg 150w, https:\/\/www.arquimaster.com.ar\/web\/wp-content\/uploads\/2015\/07\/casa_mb28-50x50.jpg 50w, https:\/\/www.arquimaster.com.ar\/web\/wp-content\/uploads\/2015\/07\/casa_mb28-125x125.jpg 125w\" sizes=\"auto, (max-width: 150px) 100vw, 150px\" \/><\/a>\n\t\t\t<\/div>\n\t\t\t\t<figcaption class='wp-caption-text gallery-caption' id='gallery-1-16070'>\n\t\t\t\tCasa MB \/ Rubio Arquitectos (\u00a9 Juan Solano)\n\t\t\t\t<\/figcaption><\/figure><figure class='gallery-item'>\n\t\t\t<div class='gallery-icon landscape'>\n\t\t\t\t<a href='https:\/\/www.arquimaster.com.ar\/web\/wp-content\/uploads\/2015\/07\/casa_mb29.jpg' title=\"Casa MB \/ Rubio Arquitectos (planta baja)\" data-rl_title=\"Casa MB \/ Rubio Arquitectos (planta baja)\" class=\"rl-gallery-link\" data-rl_caption=\"Casa MB \/ Rubio Arquitectos (planta baja)\" data-rel=\"lightbox-gallery-1\"><img loading=\"lazy\" decoding=\"async\" width=\"150\" height=\"150\" src=\"https:\/\/www.arquimaster.com.ar\/web\/wp-content\/uploads\/2015\/07\/casa_mb29-150x150.jpg\" class=\"attachment-thumbnail size-thumbnail\" alt=\"\" aria-describedby=\"gallery-1-16071\" srcset=\"https:\/\/www.arquimaster.com.ar\/web\/wp-content\/uploads\/2015\/07\/casa_mb29-150x150.jpg 150w, https:\/\/www.arquimaster.com.ar\/web\/wp-content\/uploads\/2015\/07\/casa_mb29-50x50.jpg 50w, https:\/\/www.arquimaster.com.ar\/web\/wp-content\/uploads\/2015\/07\/casa_mb29-125x125.jpg 125w\" sizes=\"auto, (max-width: 150px) 100vw, 150px\" \/><\/a>\n\t\t\t<\/div>\n\t\t\t\t<figcaption class='wp-caption-text gallery-caption' id='gallery-1-16071'>\n\t\t\t\tCasa MB \/ Rubio Arquitectos (planta baja)\n\t\t\t\t<\/figcaption><\/figure><figure class='gallery-item'>\n\t\t\t<div class='gallery-icon landscape'>\n\t\t\t\t<a href='https:\/\/www.arquimaster.com.ar\/web\/wp-content\/uploads\/2015\/07\/casa_mb30.jpg' title=\"Casa MB \/ Rubio Arquitectos (planta alta)\" data-rl_title=\"Casa MB \/ Rubio Arquitectos (planta alta)\" class=\"rl-gallery-link\" data-rl_caption=\"Casa MB \/ Rubio Arquitectos (planta alta)\" data-rel=\"lightbox-gallery-1\"><img loading=\"lazy\" decoding=\"async\" width=\"150\" height=\"150\" src=\"https:\/\/www.arquimaster.com.ar\/web\/wp-content\/uploads\/2015\/07\/casa_mb30-150x150.jpg\" class=\"attachment-thumbnail size-thumbnail\" alt=\"\" aria-describedby=\"gallery-1-16072\" srcset=\"https:\/\/www.arquimaster.com.ar\/web\/wp-content\/uploads\/2015\/07\/casa_mb30-150x150.jpg 150w, https:\/\/www.arquimaster.com.ar\/web\/wp-content\/uploads\/2015\/07\/casa_mb30-50x50.jpg 50w, https:\/\/www.arquimaster.com.ar\/web\/wp-content\/uploads\/2015\/07\/casa_mb30-125x125.jpg 125w\" sizes=\"auto, (max-width: 150px) 100vw, 150px\" \/><\/a>\n\t\t\t<\/div>\n\t\t\t\t<figcaption class='wp-caption-text gallery-caption' id='gallery-1-16072'>\n\t\t\t\tCasa MB \/ Rubio Arquitectos (planta alta)\n\t\t\t\t<\/figcaption><\/figure><figure class='gallery-item'>\n\t\t\t<div class='gallery-icon landscape'>\n\t\t\t\t<a href='https:\/\/www.arquimaster.com.ar\/web\/wp-content\/uploads\/2015\/07\/casa_mb31.jpg' title=\"Casa MB \/ Rubio Arquitectos (planta azotea)\" data-rl_title=\"Casa MB \/ Rubio Arquitectos (planta azotea)\" class=\"rl-gallery-link\" data-rl_caption=\"Casa MB \/ Rubio Arquitectos (planta azotea)\" data-rel=\"lightbox-gallery-1\"><img loading=\"lazy\" decoding=\"async\" width=\"150\" height=\"150\" src=\"https:\/\/www.arquimaster.com.ar\/web\/wp-content\/uploads\/2015\/07\/casa_mb31-150x150.jpg\" class=\"attachment-thumbnail size-thumbnail\" alt=\"\" aria-describedby=\"gallery-1-16073\" srcset=\"https:\/\/www.arquimaster.com.ar\/web\/wp-content\/uploads\/2015\/07\/casa_mb31-150x150.jpg 150w, https:\/\/www.arquimaster.com.ar\/web\/wp-content\/uploads\/2015\/07\/casa_mb31-50x50.jpg 50w, https:\/\/www.arquimaster.com.ar\/web\/wp-content\/uploads\/2015\/07\/casa_mb31-125x125.jpg 125w\" sizes=\"auto, (max-width: 150px) 100vw, 150px\" \/><\/a>\n\t\t\t<\/div>\n\t\t\t\t<figcaption class='wp-caption-text gallery-caption' id='gallery-1-16073'>\n\t\t\t\tCasa MB \/ Rubio Arquitectos (planta azotea)\n\t\t\t\t<\/figcaption><\/figure><figure class='gallery-item'>\n\t\t\t<div class='gallery-icon landscape'>\n\t\t\t\t<a href='https:\/\/www.arquimaster.com.ar\/web\/wp-content\/uploads\/2015\/07\/casa_mb32.jpg' title=\"Casa MB \/ Rubio Arquitectos (corte)\" data-rl_title=\"Casa MB \/ Rubio Arquitectos (corte)\" class=\"rl-gallery-link\" data-rl_caption=\"Casa MB \/ Rubio Arquitectos (corte)\" data-rel=\"lightbox-gallery-1\"><img loading=\"lazy\" decoding=\"async\" width=\"150\" height=\"150\" src=\"https:\/\/www.arquimaster.com.ar\/web\/wp-content\/uploads\/2015\/07\/casa_mb32-150x150.jpg\" class=\"attachment-thumbnail size-thumbnail\" alt=\"\" aria-describedby=\"gallery-1-16074\" srcset=\"https:\/\/www.arquimaster.com.ar\/web\/wp-content\/uploads\/2015\/07\/casa_mb32-150x150.jpg 150w, https:\/\/www.arquimaster.com.ar\/web\/wp-content\/uploads\/2015\/07\/casa_mb32-50x50.jpg 50w, https:\/\/www.arquimaster.com.ar\/web\/wp-content\/uploads\/2015\/07\/casa_mb32-125x125.jpg 125w\" sizes=\"auto, (max-width: 150px) 100vw, 150px\" \/><\/a>\n\t\t\t<\/div>\n\t\t\t\t<figcaption class='wp-caption-text gallery-caption' id='gallery-1-16074'>\n\t\t\t\tCasa MB \/ Rubio Arquitectos (corte)\n\t\t\t\t<\/figcaption><\/figure><figure class='gallery-item'>\n\t\t\t<div class='gallery-icon landscape'>\n\t\t\t\t<a href='https:\/\/www.arquimaster.com.ar\/web\/wp-content\/uploads\/2015\/07\/casa_mb33.jpg' title=\"Casa MB \/ Rubio Arquitectos (corte)\" data-rl_title=\"Casa MB \/ Rubio Arquitectos (corte)\" class=\"rl-gallery-link\" data-rl_caption=\"Casa MB \/ Rubio Arquitectos (corte)\" data-rel=\"lightbox-gallery-1\"><img loading=\"lazy\" decoding=\"async\" width=\"150\" height=\"150\" src=\"https:\/\/www.arquimaster.com.ar\/web\/wp-content\/uploads\/2015\/07\/casa_mb33-150x150.jpg\" class=\"attachment-thumbnail size-thumbnail\" alt=\"\" aria-describedby=\"gallery-1-16075\" srcset=\"https:\/\/www.arquimaster.com.ar\/web\/wp-content\/uploads\/2015\/07\/casa_mb33-150x150.jpg 150w, https:\/\/www.arquimaster.com.ar\/web\/wp-content\/uploads\/2015\/07\/casa_mb33-50x50.jpg 50w, https:\/\/www.arquimaster.com.ar\/web\/wp-content\/uploads\/2015\/07\/casa_mb33-125x125.jpg 125w\" sizes=\"auto, (max-width: 150px) 100vw, 150px\" \/><\/a>\n\t\t\t<\/div>\n\t\t\t\t<figcaption class='wp-caption-text gallery-caption' id='gallery-1-16075'>\n\t\t\t\tCasa MB \/ Rubio Arquitectos (corte)\n\t\t\t\t<\/figcaption><\/figure><figure class='gallery-item'>\n\t\t\t<div class='gallery-icon landscape'>\n\t\t\t\t<a href='https:\/\/www.arquimaster.com.ar\/web\/wp-content\/uploads\/2015\/07\/casa_mb34.jpg' title=\"Casa MB \/ Rubio Arquitectos (corte)\" data-rl_title=\"Casa MB \/ Rubio Arquitectos (corte)\" class=\"rl-gallery-link\" data-rl_caption=\"Casa MB \/ Rubio Arquitectos (corte)\" data-rel=\"lightbox-gallery-1\"><img loading=\"lazy\" decoding=\"async\" width=\"150\" height=\"150\" src=\"https:\/\/www.arquimaster.com.ar\/web\/wp-content\/uploads\/2015\/07\/casa_mb34-150x150.jpg\" class=\"attachment-thumbnail size-thumbnail\" alt=\"\" aria-describedby=\"gallery-1-16076\" srcset=\"https:\/\/www.arquimaster.com.ar\/web\/wp-content\/uploads\/2015\/07\/casa_mb34-150x150.jpg 150w, https:\/\/www.arquimaster.com.ar\/web\/wp-content\/uploads\/2015\/07\/casa_mb34-50x50.jpg 50w, https:\/\/www.arquimaster.com.ar\/web\/wp-content\/uploads\/2015\/07\/casa_mb34-125x125.jpg 125w\" sizes=\"auto, (max-width: 150px) 100vw, 150px\" \/><\/a>\n\t\t\t<\/div>\n\t\t\t\t<figcaption class='wp-caption-text gallery-caption' id='gallery-1-16076'>\n\t\t\t\tCasa MB \/ Rubio Arquitectos (corte)\n\t\t\t\t<\/figcaption><\/figure><figure class='gallery-item'>\n\t\t\t<div class='gallery-icon landscape'>\n\t\t\t\t<a href='https:\/\/www.arquimaster.com.ar\/web\/wp-content\/uploads\/2015\/07\/casa_mb35.jpg' title=\"Casa MB \/ Rubio Arquitectos (corte)\" data-rl_title=\"Casa MB \/ Rubio Arquitectos (corte)\" class=\"rl-gallery-link\" data-rl_caption=\"Casa MB \/ Rubio Arquitectos (corte)\" data-rel=\"lightbox-gallery-1\"><img loading=\"lazy\" decoding=\"async\" width=\"150\" height=\"150\" src=\"https:\/\/www.arquimaster.com.ar\/web\/wp-content\/uploads\/2015\/07\/casa_mb35-150x150.jpg\" class=\"attachment-thumbnail size-thumbnail\" alt=\"\" aria-describedby=\"gallery-1-16077\" srcset=\"https:\/\/www.arquimaster.com.ar\/web\/wp-content\/uploads\/2015\/07\/casa_mb35-150x150.jpg 150w, https:\/\/www.arquimaster.com.ar\/web\/wp-content\/uploads\/2015\/07\/casa_mb35-50x50.jpg 50w, https:\/\/www.arquimaster.com.ar\/web\/wp-content\/uploads\/2015\/07\/casa_mb35-125x125.jpg 125w\" sizes=\"auto, (max-width: 150px) 100vw, 150px\" \/><\/a>\n\t\t\t<\/div>\n\t\t\t\t<figcaption class='wp-caption-text gallery-caption' id='gallery-1-16077'>\n\t\t\t\tCasa MB \/ Rubio Arquitectos (corte)\n\t\t\t\t<\/figcaption><\/figure><figure class='gallery-item'>\n\t\t\t<div class='gallery-icon landscape'>\n\t\t\t\t<a href='https:\/\/www.arquimaster.com.ar\/web\/wp-content\/uploads\/2015\/07\/casa_mb37.jpg' title=\"Casa MB \/ Rubio Arquitectos (vista frente)\" data-rl_title=\"Casa MB \/ Rubio Arquitectos (vista frente)\" class=\"rl-gallery-link\" data-rl_caption=\"Casa MB \/ Rubio Arquitectos (vista frente)\" data-rel=\"lightbox-gallery-1\"><img loading=\"lazy\" decoding=\"async\" width=\"150\" height=\"150\" src=\"https:\/\/www.arquimaster.com.ar\/web\/wp-content\/uploads\/2015\/07\/casa_mb37-150x150.jpg\" class=\"attachment-thumbnail size-thumbnail\" alt=\"\" aria-describedby=\"gallery-1-16079\" srcset=\"https:\/\/www.arquimaster.com.ar\/web\/wp-content\/uploads\/2015\/07\/casa_mb37-150x150.jpg 150w, https:\/\/www.arquimaster.com.ar\/web\/wp-content\/uploads\/2015\/07\/casa_mb37-50x50.jpg 50w, https:\/\/www.arquimaster.com.ar\/web\/wp-content\/uploads\/2015\/07\/casa_mb37-125x125.jpg 125w\" sizes=\"auto, (max-width: 150px) 100vw, 150px\" \/><\/a>\n\t\t\t<\/div>\n\t\t\t\t<figcaption class='wp-caption-text gallery-caption' id='gallery-1-16079'>\n\t\t\t\tCasa MB \/ Rubio Arquitectos (vista frente)\n\t\t\t\t<\/figcaption><\/figure><figure class='gallery-item'>\n\t\t\t<div class='gallery-icon landscape'>\n\t\t\t\t<a href='https:\/\/www.arquimaster.com.ar\/web\/wp-content\/uploads\/2015\/07\/casa_mb36.jpg' title=\"Casa MB \/ Rubio Arquitectos (vista contrafrente)\" data-rl_title=\"Casa MB \/ Rubio Arquitectos (vista contrafrente)\" class=\"rl-gallery-link\" data-rl_caption=\"Casa MB \/ Rubio Arquitectos (vista contrafrente)\" data-rel=\"lightbox-gallery-1\"><img loading=\"lazy\" decoding=\"async\" width=\"150\" height=\"150\" src=\"https:\/\/www.arquimaster.com.ar\/web\/wp-content\/uploads\/2015\/07\/casa_mb36-150x150.jpg\" class=\"attachment-thumbnail size-thumbnail\" alt=\"\" aria-describedby=\"gallery-1-16078\" srcset=\"https:\/\/www.arquimaster.com.ar\/web\/wp-content\/uploads\/2015\/07\/casa_mb36-150x150.jpg 150w, https:\/\/www.arquimaster.com.ar\/web\/wp-content\/uploads\/2015\/07\/casa_mb36-50x50.jpg 50w, https:\/\/www.arquimaster.com.ar\/web\/wp-content\/uploads\/2015\/07\/casa_mb36-125x125.jpg 125w\" sizes=\"auto, (max-width: 150px) 100vw, 150px\" \/><\/a>\n\t\t\t<\/div>\n\t\t\t\t<figcaption class='wp-caption-text gallery-caption' id='gallery-1-16078'>\n\t\t\t\tCasa MB \/ Rubio Arquitectos (vista contrafrente)\n\t\t\t\t<\/figcaption><\/figure><figure class='gallery-item'>\n\t\t\t<div class='gallery-icon landscape'>\n\t\t\t\t<a href='https:\/\/www.arquimaster.com.ar\/web\/wp-content\/uploads\/2015\/07\/casa_mb38.jpg' title=\"Casa MB \/ Rubio Arquitectos (vista lateral)\" data-rl_title=\"Casa MB \/ Rubio Arquitectos (vista lateral)\" class=\"rl-gallery-link\" data-rl_caption=\"Casa MB \/ Rubio Arquitectos (vista lateral)\" data-rel=\"lightbox-gallery-1\"><img loading=\"lazy\" decoding=\"async\" width=\"150\" height=\"150\" src=\"https:\/\/www.arquimaster.com.ar\/web\/wp-content\/uploads\/2015\/07\/casa_mb38-150x150.jpg\" class=\"attachment-thumbnail size-thumbnail\" alt=\"\" aria-describedby=\"gallery-1-16080\" srcset=\"https:\/\/www.arquimaster.com.ar\/web\/wp-content\/uploads\/2015\/07\/casa_mb38-150x150.jpg 150w, https:\/\/www.arquimaster.com.ar\/web\/wp-content\/uploads\/2015\/07\/casa_mb38-50x50.jpg 50w, https:\/\/www.arquimaster.com.ar\/web\/wp-content\/uploads\/2015\/07\/casa_mb38-125x125.jpg 125w\" sizes=\"auto, (max-width: 150px) 100vw, 150px\" \/><\/a>\n\t\t\t<\/div>\n\t\t\t\t<figcaption class='wp-caption-text gallery-caption' id='gallery-1-16080'>\n\t\t\t\tCasa MB \/ Rubio Arquitectos (vista lateral)\n\t\t\t\t<\/figcaption><\/figure>\n\t\t<\/div>\n\n<p>Bajo esta premisa, la vivienda se concibe volum\u00e9tricamente como un paralelep\u00edpedo que ir\u00e1 labr\u00e1ndose espacialmente para aprovechar lo que ofrecen los exteriores entendidos como visuales e iluminaciones naturales.<\/p>\n<p>La organizaci\u00f3n y programa contemplan un primer nivel de car\u00e1cter p\u00fablico y social donde se organizan los ingresos, la sala, el comedor y los ambientes de servicios.<\/p>\n<p>El segundo nivel alberga los dormitorios y el estar que mira a la doble altura integrando espacialmente ambos niveles y la gran laguna exterior.<\/p>\n<p>Todos los espacios del segundo nivel se articulan a trav\u00e9s de un corredor ventilado e iluminado en forma natural y en el primer nivel junto a un espejo de agua lineal que acompa\u00f1a al usuario desde el ingreso hasta la comunicaci\u00f3n con la terraza exterior.<\/p>\n<p>Finalmente hay un tercer nivel donde se encuentra la terraza principal con vocaci\u00f3n p\u00fablica-social, la piscina centrada potenciando la vista sobre el paisaje, la cual se divisa desde el estar del segundo piso, conformando parte del espacio de doble altura.<\/p>\n<p>La fachada es tratada de manera integra y se constituye a partir de cerramientos que filtran la absorci\u00f3n y luminosidad del exterior, entendido adem\u00e1s como registro visual, con grandes ventanales, resultantes de espacios de car\u00e1cter social.<\/p>\n<p>Sobre la fachada lateral predomina un muro suspendido que recorre longitudinalmente el terreno, tapando la vista directa de la casa vecina, contrastando \u00fanicamente con el espejo de agua lineal del piso, previo al verde exterior.<\/p>\n<p>La materialidad y espacialidad se relacionan buscando componer de manera armoniosa el exterior con el interior.<\/p>\n<p>Las condiciones s\u00edsmicas del Per\u00fa, son la principal ventaja para utilizar los materiales estructurantes de manera racional e innovadora adecu\u00e1ndose al concepto formulado.<\/p>\n<p>En ese sentido, tambi\u00e9n se enfatiza el uso de materiales reflejantes de luz, de modo que el exterior se reflecte en el interior de la vivienda.<\/p>\n<p>Consecuentemente, el resultado es una edificaci\u00f3n integrada conceptual y responsablemente con su entorno, apropiada y apropiable para el lugar, habitable exterior e interiormente.<\/p>\n<p><strong>Ficha tecnica<\/strong><br \/>\nNombre: Casa MB<br \/>\nUbicaci\u00f3n: Playa La Jolla, Distrito de Asia, Provincia de Ca\u00f1ete, Lima, Per\u00fa<br \/>\nArquitectos: Rubio Arquitectos<br \/>\nDirector Proyecto: Arq. Antonio Rubio<br \/>\nEquipo de Proyecto: Harold Farro, V\u00edctor Ch\u00e1varry, Fernando Ni\u00f1o<br \/>\n\u00c1rea terreno: 300 m2<br \/>\nA\u00f1o Proyecto: 2014<br \/>\nPropietario: Privado<br \/>\nFotograf\u00edas: Juan Solano<\/p>\n<p><strong>Contacto:<\/strong> <a title=\"Rubio Arquitectos\" href=\"http:\/\/www.rubioarquitectos.com\" target=\"_blank\">http:\/\/www.rubioarquitectos.com<\/a><\/p>\n<p>&nbsp;<\/p>\n<p><strong>Acerca del proyectista<\/strong><br \/>\nRubio Arquitectos es una Empresa Peruana dedicada al Dise\u00f1o, Arquitectura, Gerencia y Asesoramiento Constructivo.<\/p>\n<p>Desde marzo del a\u00f1o 1994 viene desarroll\u00e1ndose como Oficina independiente a cargo del Arq. Antonio Rubio, luego de haber fundado el reconocido Grupo ARQUIDEA junto con otros profesionales del rubro.<\/p>\n<p>En la actualidad la Oficina desarrolla proyectos en diversos campos como son viviendas unifamiliares, multifamiliares, casas de campo, casas de playa, condominios y conjuntos habitacionales, edificios de oficinas, tiendas comerciales, entre otros.<\/p>\n<p>La Empresa cuenta con un variado staff de Arquitectos especializados en los diferentes rubros que ofrece, dirigidos por el Arquitecto Antonio Rubio junto con un equipo que cuenta con m\u00e1s de 25 a\u00f1os de experiencia profesional.<\/p>\n<p>Rubio Arquitectos es Miembro Fundador del Per\u00fa Green Building Council, confirmando su gran compromiso con el medio ambiente y la sostenibilidad, promovi\u00e9ndolo y tratando de aplicarlo en cada uno de sus proyectos.<\/p>\n<p>A su vez es Miembro Fundador de la Asociaci\u00f3n Peruana de Estudios de Arquitectura, instituci\u00f3n que busca contribuir al desarrollo de la cultura peruana contempor\u00e1nea y a la evoluci\u00f3n sostenible de las ciudades del Per\u00fa, buscando la excelencia de obras y proyectos.<\/p>\n<p>Rubio Arquitectos busca entender desde la forma m\u00e1s b\u00e1sica, las ra\u00edces de las necesidades que le plantea cada cliente, para poder desde ah\u00ed buscar primeramente las soluciones funcionales, espaciales y ambientales, sin despreocuparse ni olvidar las realidades econ\u00f3micas.<\/p>\n<div id=\"wrtranslator-translate\" style=\"left: 193px; top: 264px;\"><a href=\"http:\/\/www.wordreference.com\/es\/translation.asp?tranword=Acerca del proyectista&lt;br \/&gt;\nRubio Arquitectos es una Empresa Peruana dedicada al Dise\u00f1o, Arquitectura, Gerencia y Asesoramiento Constructivo.&lt;\/p&gt;\n&lt;p&gt;Desde marzo del a\u00f1o 1994 viene desarroll\u00e1ndose como Oficina independiente a cargo del Arq. Antonio Rubio, luego de haber fundado el reconocido Grupo ARQUIDEA junto con otros profesionales del rubro.&lt;\/p&gt;\n&lt;p&gt;En la actualidad la Oficina desarrolla proyectos en diversos campos como son viviendas unifamiliares, multifamiliares, casas de campo, casas de playa, condominios y conjuntos habitacionales, edificios de oficinas, tiendas comerciales, entre otros.&lt;\/p&gt;\n&lt;p&gt;La Empresa cuenta con un variado staff de Arquitectos especializados en los diferentes rubros que ofrece, dirigidos por el Arquitecto Antonio Rubio junto con un equipo que cuenta con m\u00e1s de 25 a\u00f1os de experiencia profesional.&lt;\/p&gt;\n&lt;p&gt;Rubio Arquitectos es Miembro Fundador del Per\u00fa Green Building Council, confirmando su gran compromiso con el medio ambiente y la sostenibilidad, promovi\u00e9ndolo y tratando de aplicarlo en cada uno de sus proyectos.&lt;\/p&gt;\n&lt;p&gt;A su vez es Miembro Fundador de la Asociaci\u00f3n Peruana de Estudios de Arquitectura, instituci\u00f3n que busca contribuir al desarrollo de la cultura peruana contempor\u00e1nea y a la evoluci\u00f3n sostenible de las ciudades del Per\u00fa, buscando la excelencia de obras y proyectos.&lt;\/p&gt;\n&lt;p&gt;Rubio Arquitectos busca entender desde la forma m\u00e1s b\u00e1sica, las ra\u00edces de las necesidades que le plantea cada cliente, para poder desde ah\u00ed buscar primeramente las soluciones funcionales, espaciales y ambientales, sin despreocuparse ni olvidar las realidades econ\u00f3micas.#articleHead\" target=\"_blank\">Traduce<\/a><\/div>\n\n<div style=\"font-size: 0px; height: 0px; line-height: 0px; margin: 0; padding: 0; clear: both;\"><\/div><div style=\"margin-top: 0px; margin-bottom: 0px;\" class=\"sharethis-inline-share-buttons\" ><\/div>","protected":false},"excerpt":{"rendered":"<p>El dise\u00f1o de la vivienda se genera a partir del concepto de atraer el exterior hacia el interior&#8230;<\/p>\n","protected":false},"author":1,"featured_media":16042,"comment_status":"closed","ping_status":"closed","sticky":false,"template":"","format":"standard","meta":{"_uag_custom_page_level_css":"","footnotes":""},"categories":[1,83],"tags":[3441,1531,252,88,89,3442,3440,254],"class_list":["post-16041","post","type-post","status-publish","format-standard","has-post-thumbnail","hentry","category-proyecto","category-vivienda-unifamiliar","tag-antonio-rubio","tag-asia","tag-casa-de-playa","tag-lima","tag-peru","tag-playa-la-jolla","tag-rubio-arquitectos","tag-vivienda-unifamiliar-2","generate-columns","tablet-grid-50","mobile-grid-100","grid-parent","grid-50"],"yoast_head":"<!-- This site is optimized with the Yoast SEO plugin v27.3 - https:\/\/yoast.com\/product\/yoast-seo-wordpress\/ -->\n<title>Casa MB \/ Rubio Arquitectos - Arquimaster<\/title>\n<meta name=\"robots\" content=\"index, follow, max-snippet:-1, max-image-preview:large, max-video-preview:-1\" \/>\n<link rel=\"canonical\" href=\"https:\/\/www.arquimaster.com.ar\/web\/casa-mb-rubio-arquitectos\/\" \/>\n<meta property=\"og:locale\" content=\"es_ES\" \/>\n<meta property=\"og:type\" content=\"article\" \/>\n<meta property=\"og:title\" content=\"Casa MB \/ Rubio Arquitectos - Arquimaster\" \/>\n<meta property=\"og:description\" content=\"El dise\u00f1o de la vivienda se genera a partir del concepto de atraer el exterior hacia el interior...\" \/>\n<meta property=\"og:url\" content=\"https:\/\/www.arquimaster.com.ar\/web\/casa-mb-rubio-arquitectos\/\" \/>\n<meta property=\"og:site_name\" content=\"Arquimaster\" \/>\n<meta property=\"article:publisher\" content=\"http:\/\/www.facebook.com\/ARQUIMASTER.com.ar\" \/>\n<meta property=\"article:published_time\" content=\"2015-07-04T18:00:41+00:00\" \/>\n<meta property=\"article:modified_time\" content=\"2015-07-06T02:44:47+00:00\" \/>\n<meta property=\"og:image\" content=\"https:\/\/www.arquimaster.com.ar\/web\/wp-content\/uploads\/2015\/07\/casa_mb_slide.jpg\" \/>\n\t<meta property=\"og:image:width\" content=\"642\" \/>\n\t<meta property=\"og:image:height\" content=\"336\" \/>\n\t<meta property=\"og:image:type\" content=\"image\/jpeg\" \/>\n<meta name=\"author\" content=\"Arquimaster\" \/>\n<meta name=\"twitter:card\" content=\"summary_large_image\" \/>\n<meta name=\"twitter:creator\" content=\"@arquimaster\" \/>\n<meta name=\"twitter:site\" content=\"@arquimaster\" \/>\n<meta name=\"twitter:label1\" content=\"Escrito por\" \/>\n\t<meta name=\"twitter:data1\" content=\"Arquimaster\" \/>\n\t<meta name=\"twitter:label2\" content=\"Tiempo de lectura\" \/>\n\t<meta name=\"twitter:data2\" content=\"4 minutos\" \/>\n<script type=\"application\/ld+json\" class=\"yoast-schema-graph\">{\"@context\":\"https:\\\/\\\/schema.org\",\"@graph\":[{\"@type\":\"Article\",\"@id\":\"https:\\\/\\\/www.arquimaster.com.ar\\\/web\\\/casa-mb-rubio-arquitectos\\\/#article\",\"isPartOf\":{\"@id\":\"https:\\\/\\\/www.arquimaster.com.ar\\\/web\\\/casa-mb-rubio-arquitectos\\\/\"},\"author\":{\"name\":\"Arquimaster\",\"@id\":\"https:\\\/\\\/www.arquimaster.com.ar\\\/web\\\/#\\\/schema\\\/person\\\/359e9f7c00193fcde068e0dd2ceb0028\"},\"headline\":\"Casa MB \\\/ Rubio Arquitectos\",\"datePublished\":\"2015-07-04T18:00:41+00:00\",\"dateModified\":\"2015-07-06T02:44:47+00:00\",\"mainEntityOfPage\":{\"@id\":\"https:\\\/\\\/www.arquimaster.com.ar\\\/web\\\/casa-mb-rubio-arquitectos\\\/\"},\"wordCount\":712,\"publisher\":{\"@id\":\"https:\\\/\\\/www.arquimaster.com.ar\\\/web\\\/#organization\"},\"image\":{\"@id\":\"https:\\\/\\\/www.arquimaster.com.ar\\\/web\\\/casa-mb-rubio-arquitectos\\\/#primaryimage\"},\"thumbnailUrl\":\"https:\\\/\\\/www.arquimaster.com.ar\\\/web\\\/wp-content\\\/uploads\\\/2015\\\/07\\\/casa_mb_slide.jpg\",\"keywords\":[\"Antonio Rubio\",\"Asia\",\"casa de playa\",\"Lima\",\"Peru\",\"Playa La Jolla\",\"Rubio Arquitectos\",\"vivienda unifamiliar\"],\"articleSection\":[\"Proyecto\",\"Vivienda unifamiliar y PH\"],\"inLanguage\":\"es\"},{\"@type\":\"WebPage\",\"@id\":\"https:\\\/\\\/www.arquimaster.com.ar\\\/web\\\/casa-mb-rubio-arquitectos\\\/\",\"url\":\"https:\\\/\\\/www.arquimaster.com.ar\\\/web\\\/casa-mb-rubio-arquitectos\\\/\",\"name\":\"Casa MB \\\/ Rubio Arquitectos - Arquimaster\",\"isPartOf\":{\"@id\":\"https:\\\/\\\/www.arquimaster.com.ar\\\/web\\\/#website\"},\"primaryImageOfPage\":{\"@id\":\"https:\\\/\\\/www.arquimaster.com.ar\\\/web\\\/casa-mb-rubio-arquitectos\\\/#primaryimage\"},\"image\":{\"@id\":\"https:\\\/\\\/www.arquimaster.com.ar\\\/web\\\/casa-mb-rubio-arquitectos\\\/#primaryimage\"},\"thumbnailUrl\":\"https:\\\/\\\/www.arquimaster.com.ar\\\/web\\\/wp-content\\\/uploads\\\/2015\\\/07\\\/casa_mb_slide.jpg\",\"datePublished\":\"2015-07-04T18:00:41+00:00\",\"dateModified\":\"2015-07-06T02:44:47+00:00\",\"breadcrumb\":{\"@id\":\"https:\\\/\\\/www.arquimaster.com.ar\\\/web\\\/casa-mb-rubio-arquitectos\\\/#breadcrumb\"},\"inLanguage\":\"es\",\"potentialAction\":[{\"@type\":\"ReadAction\",\"target\":[\"https:\\\/\\\/www.arquimaster.com.ar\\\/web\\\/casa-mb-rubio-arquitectos\\\/\"]}]},{\"@type\":\"ImageObject\",\"inLanguage\":\"es\",\"@id\":\"https:\\\/\\\/www.arquimaster.com.ar\\\/web\\\/casa-mb-rubio-arquitectos\\\/#primaryimage\",\"url\":\"https:\\\/\\\/www.arquimaster.com.ar\\\/web\\\/wp-content\\\/uploads\\\/2015\\\/07\\\/casa_mb_slide.jpg\",\"contentUrl\":\"https:\\\/\\\/www.arquimaster.com.ar\\\/web\\\/wp-content\\\/uploads\\\/2015\\\/07\\\/casa_mb_slide.jpg\",\"width\":642,\"height\":336},{\"@type\":\"BreadcrumbList\",\"@id\":\"https:\\\/\\\/www.arquimaster.com.ar\\\/web\\\/casa-mb-rubio-arquitectos\\\/#breadcrumb\",\"itemListElement\":[{\"@type\":\"ListItem\",\"position\":1,\"name\":\"Portada\",\"item\":\"https:\\\/\\\/www.arquimaster.com.ar\\\/web\\\/\"},{\"@type\":\"ListItem\",\"position\":2,\"name\":\"Casa MB \\\/ Rubio Arquitectos\"}]},{\"@type\":\"WebSite\",\"@id\":\"https:\\\/\\\/www.arquimaster.com.ar\\\/web\\\/#website\",\"url\":\"https:\\\/\\\/www.arquimaster.com.ar\\\/web\\\/\",\"name\":\"Arquimaster\",\"description\":\"Web de arquitectura, dise\u00f1o y construccion\",\"publisher\":{\"@id\":\"https:\\\/\\\/www.arquimaster.com.ar\\\/web\\\/#organization\"},\"potentialAction\":[{\"@type\":\"SearchAction\",\"target\":{\"@type\":\"EntryPoint\",\"urlTemplate\":\"https:\\\/\\\/www.arquimaster.com.ar\\\/web\\\/?s={search_term_string}\"},\"query-input\":{\"@type\":\"PropertyValueSpecification\",\"valueRequired\":true,\"valueName\":\"search_term_string\"}}],\"inLanguage\":\"es\"},{\"@type\":\"Organization\",\"@id\":\"https:\\\/\\\/www.arquimaster.com.ar\\\/web\\\/#organization\",\"name\":\"Arquimaster\",\"url\":\"https:\\\/\\\/www.arquimaster.com.ar\\\/web\\\/\",\"logo\":{\"@type\":\"ImageObject\",\"inLanguage\":\"es\",\"@id\":\"https:\\\/\\\/www.arquimaster.com.ar\\\/web\\\/#\\\/schema\\\/logo\\\/image\\\/\",\"url\":\"https:\\\/\\\/www.arquimaster.com.ar\\\/web\\\/wp-content\\\/uploads\\\/2022\\\/06\\\/arquimaster.png\",\"contentUrl\":\"https:\\\/\\\/www.arquimaster.com.ar\\\/web\\\/wp-content\\\/uploads\\\/2022\\\/06\\\/arquimaster.png\",\"width\":594,\"height\":78,\"caption\":\"Arquimaster\"},\"image\":{\"@id\":\"https:\\\/\\\/www.arquimaster.com.ar\\\/web\\\/#\\\/schema\\\/logo\\\/image\\\/\"},\"sameAs\":[\"http:\\\/\\\/www.facebook.com\\\/ARQUIMASTER.com.ar\",\"https:\\\/\\\/x.com\\\/arquimaster\",\"https:\\\/\\\/www.instagram.com\\\/arquimasterblog\\\/\",\"https:\\\/\\\/www.linkedin.com\\\/company\\\/arquimaster\",\"https:\\\/\\\/www.pinterest.com\\\/arquimaster\",\"https:\\\/\\\/t.me\\\/arquimaster\"]},{\"@type\":\"Person\",\"@id\":\"https:\\\/\\\/www.arquimaster.com.ar\\\/web\\\/#\\\/schema\\\/person\\\/359e9f7c00193fcde068e0dd2ceb0028\",\"name\":\"Arquimaster\"}]}<\/script>\n<!-- \/ Yoast SEO plugin. -->","yoast_head_json":{"title":"Casa MB \/ Rubio Arquitectos - Arquimaster","robots":{"index":"index","follow":"follow","max-snippet":"max-snippet:-1","max-image-preview":"max-image-preview:large","max-video-preview":"max-video-preview:-1"},"canonical":"https:\/\/www.arquimaster.com.ar\/web\/casa-mb-rubio-arquitectos\/","og_locale":"es_ES","og_type":"article","og_title":"Casa MB \/ Rubio Arquitectos - Arquimaster","og_description":"El dise\u00f1o de la vivienda se genera a partir del concepto de atraer el exterior hacia el interior...","og_url":"https:\/\/www.arquimaster.com.ar\/web\/casa-mb-rubio-arquitectos\/","og_site_name":"Arquimaster","article_publisher":"http:\/\/www.facebook.com\/ARQUIMASTER.com.ar","article_published_time":"2015-07-04T18:00:41+00:00","article_modified_time":"2015-07-06T02:44:47+00:00","og_image":[{"width":642,"height":336,"url":"https:\/\/www.arquimaster.com.ar\/web\/wp-content\/uploads\/2015\/07\/casa_mb_slide.jpg","type":"image\/jpeg"}],"author":"Arquimaster","twitter_card":"summary_large_image","twitter_creator":"@arquimaster","twitter_site":"@arquimaster","twitter_misc":{"Escrito por":"Arquimaster","Tiempo de lectura":"4 minutos"},"schema":{"@context":"https:\/\/schema.org","@graph":[{"@type":"Article","@id":"https:\/\/www.arquimaster.com.ar\/web\/casa-mb-rubio-arquitectos\/#article","isPartOf":{"@id":"https:\/\/www.arquimaster.com.ar\/web\/casa-mb-rubio-arquitectos\/"},"author":{"name":"Arquimaster","@id":"https:\/\/www.arquimaster.com.ar\/web\/#\/schema\/person\/359e9f7c00193fcde068e0dd2ceb0028"},"headline":"Casa MB \/ Rubio Arquitectos","datePublished":"2015-07-04T18:00:41+00:00","dateModified":"2015-07-06T02:44:47+00:00","mainEntityOfPage":{"@id":"https:\/\/www.arquimaster.com.ar\/web\/casa-mb-rubio-arquitectos\/"},"wordCount":712,"publisher":{"@id":"https:\/\/www.arquimaster.com.ar\/web\/#organization"},"image":{"@id":"https:\/\/www.arquimaster.com.ar\/web\/casa-mb-rubio-arquitectos\/#primaryimage"},"thumbnailUrl":"https:\/\/www.arquimaster.com.ar\/web\/wp-content\/uploads\/2015\/07\/casa_mb_slide.jpg","keywords":["Antonio Rubio","Asia","casa de playa","Lima","Peru","Playa La Jolla","Rubio Arquitectos","vivienda unifamiliar"],"articleSection":["Proyecto","Vivienda unifamiliar y PH"],"inLanguage":"es"},{"@type":"WebPage","@id":"https:\/\/www.arquimaster.com.ar\/web\/casa-mb-rubio-arquitectos\/","url":"https:\/\/www.arquimaster.com.ar\/web\/casa-mb-rubio-arquitectos\/","name":"Casa MB \/ Rubio Arquitectos - Arquimaster","isPartOf":{"@id":"https:\/\/www.arquimaster.com.ar\/web\/#website"},"primaryImageOfPage":{"@id":"https:\/\/www.arquimaster.com.ar\/web\/casa-mb-rubio-arquitectos\/#primaryimage"},"image":{"@id":"https:\/\/www.arquimaster.com.ar\/web\/casa-mb-rubio-arquitectos\/#primaryimage"},"thumbnailUrl":"https:\/\/www.arquimaster.com.ar\/web\/wp-content\/uploads\/2015\/07\/casa_mb_slide.jpg","datePublished":"2015-07-04T18:00:41+00:00","dateModified":"2015-07-06T02:44:47+00:00","breadcrumb":{"@id":"https:\/\/www.arquimaster.com.ar\/web\/casa-mb-rubio-arquitectos\/#breadcrumb"},"inLanguage":"es","potentialAction":[{"@type":"ReadAction","target":["https:\/\/www.arquimaster.com.ar\/web\/casa-mb-rubio-arquitectos\/"]}]},{"@type":"ImageObject","inLanguage":"es","@id":"https:\/\/www.arquimaster.com.ar\/web\/casa-mb-rubio-arquitectos\/#primaryimage","url":"https:\/\/www.arquimaster.com.ar\/web\/wp-content\/uploads\/2015\/07\/casa_mb_slide.jpg","contentUrl":"https:\/\/www.arquimaster.com.ar\/web\/wp-content\/uploads\/2015\/07\/casa_mb_slide.jpg","width":642,"height":336},{"@type":"BreadcrumbList","@id":"https:\/\/www.arquimaster.com.ar\/web\/casa-mb-rubio-arquitectos\/#breadcrumb","itemListElement":[{"@type":"ListItem","position":1,"name":"Portada","item":"https:\/\/www.arquimaster.com.ar\/web\/"},{"@type":"ListItem","position":2,"name":"Casa MB \/ Rubio Arquitectos"}]},{"@type":"WebSite","@id":"https:\/\/www.arquimaster.com.ar\/web\/#website","url":"https:\/\/www.arquimaster.com.ar\/web\/","name":"Arquimaster","description":"Web de arquitectura, dise\u00f1o y construccion","publisher":{"@id":"https:\/\/www.arquimaster.com.ar\/web\/#organization"},"potentialAction":[{"@type":"SearchAction","target":{"@type":"EntryPoint","urlTemplate":"https:\/\/www.arquimaster.com.ar\/web\/?s={search_term_string}"},"query-input":{"@type":"PropertyValueSpecification","valueRequired":true,"valueName":"search_term_string"}}],"inLanguage":"es"},{"@type":"Organization","@id":"https:\/\/www.arquimaster.com.ar\/web\/#organization","name":"Arquimaster","url":"https:\/\/www.arquimaster.com.ar\/web\/","logo":{"@type":"ImageObject","inLanguage":"es","@id":"https:\/\/www.arquimaster.com.ar\/web\/#\/schema\/logo\/image\/","url":"https:\/\/www.arquimaster.com.ar\/web\/wp-content\/uploads\/2022\/06\/arquimaster.png","contentUrl":"https:\/\/www.arquimaster.com.ar\/web\/wp-content\/uploads\/2022\/06\/arquimaster.png","width":594,"height":78,"caption":"Arquimaster"},"image":{"@id":"https:\/\/www.arquimaster.com.ar\/web\/#\/schema\/logo\/image\/"},"sameAs":["http:\/\/www.facebook.com\/ARQUIMASTER.com.ar","https:\/\/x.com\/arquimaster","https:\/\/www.instagram.com\/arquimasterblog\/","https:\/\/www.linkedin.com\/company\/arquimaster","https:\/\/www.pinterest.com\/arquimaster","https:\/\/t.me\/arquimaster"]},{"@type":"Person","@id":"https:\/\/www.arquimaster.com.ar\/web\/#\/schema\/person\/359e9f7c00193fcde068e0dd2ceb0028","name":"Arquimaster"}]}},"uagb_featured_image_src":{"full":["https:\/\/www.arquimaster.com.ar\/web\/wp-content\/uploads\/2015\/07\/casa_mb_slide.jpg",642,336,false],"thumbnail":["https:\/\/www.arquimaster.com.ar\/web\/wp-content\/uploads\/2015\/07\/casa_mb_slide-150x150.jpg",150,150,true],"medium":["https:\/\/www.arquimaster.com.ar\/web\/wp-content\/uploads\/2015\/07\/casa_mb_slide.jpg",642,336,false],"medium_large":["https:\/\/www.arquimaster.com.ar\/web\/wp-content\/uploads\/2015\/07\/casa_mb_slide.jpg",642,336,false],"large":["https:\/\/www.arquimaster.com.ar\/web\/wp-content\/uploads\/2015\/07\/casa_mb_slide.jpg",642,336,false],"1536x1536":["https:\/\/www.arquimaster.com.ar\/web\/wp-content\/uploads\/2015\/07\/casa_mb_slide.jpg",642,336,false],"2048x2048":["https:\/\/www.arquimaster.com.ar\/web\/wp-content\/uploads\/2015\/07\/casa_mb_slide.jpg",642,336,false]},"uagb_author_info":{"display_name":"Arquimaster","author_link":"https:\/\/www.arquimaster.com.ar\/web\/author\/arquimaster\/"},"uagb_comment_info":0,"uagb_excerpt":"El dise\u00f1o de la vivienda se genera a partir del concepto de atraer el exterior hacia el interior...","_links":{"self":[{"href":"https:\/\/www.arquimaster.com.ar\/web\/wp-json\/wp\/v2\/posts\/16041","targetHints":{"allow":["GET"]}}],"collection":[{"href":"https:\/\/www.arquimaster.com.ar\/web\/wp-json\/wp\/v2\/posts"}],"about":[{"href":"https:\/\/www.arquimaster.com.ar\/web\/wp-json\/wp\/v2\/types\/post"}],"author":[{"embeddable":true,"href":"https:\/\/www.arquimaster.com.ar\/web\/wp-json\/wp\/v2\/users\/1"}],"replies":[{"embeddable":true,"href":"https:\/\/www.arquimaster.com.ar\/web\/wp-json\/wp\/v2\/comments?post=16041"}],"version-history":[{"count":0,"href":"https:\/\/www.arquimaster.com.ar\/web\/wp-json\/wp\/v2\/posts\/16041\/revisions"}],"wp:featuredmedia":[{"embeddable":true,"href":"https:\/\/www.arquimaster.com.ar\/web\/wp-json\/wp\/v2\/media\/16042"}],"wp:attachment":[{"href":"https:\/\/www.arquimaster.com.ar\/web\/wp-json\/wp\/v2\/media?parent=16041"}],"wp:term":[{"taxonomy":"category","embeddable":true,"href":"https:\/\/www.arquimaster.com.ar\/web\/wp-json\/wp\/v2\/categories?post=16041"},{"taxonomy":"post_tag","embeddable":true,"href":"https:\/\/www.arquimaster.com.ar\/web\/wp-json\/wp\/v2\/tags?post=16041"}],"curies":[{"name":"wp","href":"https:\/\/api.w.org\/{rel}","templated":true}]}}