{"id":16579,"date":"2014-11-15T00:30:24","date_gmt":"2014-11-15T00:30:24","guid":{"rendered":"http:\/\/www.arquimaster.com.ar\/web\/?p=16579"},"modified":"2026-03-27T17:42:33","modified_gmt":"2026-03-27T20:42:33","slug":"coradir-inauguro-el-parque-fotovoltaico-terrazas-del-portezuelo-en-la-provincia-de-san-luis","status":"publish","type":"post","link":"https:\/\/www.arquimaster.com.ar\/web\/coradir-inauguro-el-parque-fotovoltaico-terrazas-del-portezuelo-en-la-provincia-de-san-luis\/","title":{"rendered":"Coradir inauguro el Parque Fotovoltaico Terrazas del Portezuelo en la provincia de San Luis"},"content":{"rendered":"<div style=\"margin-top: 0px; margin-bottom: 0px;\" class=\"sharethis-inline-share-buttons\" ><\/div><div class=\"b812932af2e751442846f039925109de\" data-index=\"1\" style=\"float: none; margin:25px 0 25px 0; text-align:center;\">\n<script async src=\"https:\/\/pagead2.googlesyndication.com\/pagead\/js\/adsbygoogle.js\"><\/script>\r\n<!-- Arquimaster (superior) -->\r\n<ins class=\"adsbygoogle\"\r\n     style=\"display:block\"\r\n     data-ad-client=\"ca-pub-6351072698456832\"\r\n     data-ad-slot=\"6455489680\"\r\n     data-ad-format=\"auto\"\r\n     data-full-width-responsive=\"true\"><\/ins>\r\n<script>\r\n     (adsbygoogle = window.adsbygoogle || []).push({});\r\n<\/script>\n<\/div>\n<p><em><strong>El Parque Solar produce 1 Megawatt de potencia e inyecta energ\u00eda a la red el\u00e9ctrica de media tensi\u00f3n interna del predio de la Casa de Gobierno. Cuenta con 4.080 paneles solares Coradir de 250 watts, con estructuras de soporte que permiten variar la inclinaci\u00f3n de los paneles en 15\u00b0, 30\u00b0 y 45\u00b0, seg\u00fan la estaci\u00f3n del a\u00f1o. Adem\u00e1s cuenta con seis inversores y un transformador de aislaci\u00f3n seca.<\/strong><\/em><\/p>\n<p>El 21 de octubre de 2014, San Luis vivi\u00f3 un hecho hist\u00f3rico, cuando oficialmente puso en marcha el primer Parque Solar Fotovoltaico de la Provincia de San Luis. De las cuatro propuestas presentadas, el dise\u00f1o de Coradir fue el ganador para la ejecuci\u00f3n integral del proyecto y construcci\u00f3n del mismo.<\/p>\n<p>La instalaci\u00f3n esta ubicada en casi 4 hect\u00e1reas del Parque Nativo de Terrazas del Portezuelo y actualmente produce energ\u00eda a gran escala, apostando e invirtiendo en energ\u00eda limpia que no da\u00f1a el medio ambiente. El Parque Solar genera 1 Megawatt de potencia e inyecta energ\u00eda a la red el\u00e9ctrica de media tensi\u00f3n interna del predio de la Casa de Gobierno. Cuenta con 4.080 paneles solares Coradir de 250 watts con estructuras de soporte que permiten variar la inclinaci\u00f3n de los paneles entre 15\u00b0, 30\u00b0 y 45\u00b0, seg\u00fan la estaci\u00f3n del a\u00f1o. Adem\u00e1s cuenta con seis inversores y un transformador de aislaci\u00f3n seca.<\/p>\n<p><strong>Datos t\u00e9cnicos<\/strong><\/p>\n<p>El Parque Fotovoltaico Terrazas del Portezuelo est\u00e1 equipado con cierre perimetral, iluminaci\u00f3n eficiente y de bajo consumo LED marca Coradir. Las oficinas administrativas, dep\u00f3sito de insumos, sala de transformador e inversores y la estaci\u00f3n meteorol\u00f3gica cuentan con un sistema de video vigilancia inteligente con c\u00e1maras Domo 37X Coradir IP37SMA. Tambi\u00e9n posee estacionamiento para visitantes y trabajadores, con acceso desde la Casa de Gobierno a las Terrazas del Portezuelo. A su vez, la instalaci\u00f3n, cuenta con un sistema de monitoreo en tiempo real mediante un software del tipo SCADA (Sistema de Supervisi\u00f3n, Control y Adquisici\u00f3n de Datos) desarrollado por la Divisi\u00f3n Software de Coradir S.A.<\/p>\n<p><strong>\u00bfC\u00f3mo funciona el Parque Solar Fotovoltaico?<\/strong><\/p>\n<p>Los paneles fotovoltaicos transforman la radiaci\u00f3n solar en energ\u00eda el\u00e9ctrica de corriente continua. Los inversores convierten esta corriente continua producida por los paneles en corriente alterna de baja tensi\u00f3n. Y, por \u00faltimo, el transformador eleva el voltaje a media tensi\u00f3n (33KV) para que pueda ser inyectada a la red el\u00e9ctrica.<\/p>\n<p>La Provincia de San Luis impulsa, desde hace tiempo, una fuerte pol\u00edtica de cuidado del medioambiente, siempre de la mano del progreso, aunando estos dos derechos en cumplimiento del Tratado de Paz entre Progreso y Medio Ambiente. La puesta en marcha del Parque Solar va adem\u00e1s en consonancia con las primeras econom\u00edas del mundo, quienes se orientan a fomentar el desarrollo de energ\u00edas limpias para poder conservar el nivel de vida alcanzado.<\/p>\n<p>Luis Alberto Corapi, presidente de Coradir SA, coment\u00f3: <em>\u00abEstamos muy agradecidos al Gobierno de la Provincia de San Luis por la confianza depositada en nuestra empresa, y equipo de ingenieros y de trabajo\u00bb<\/em> y continu\u00f3, <em>\u00absin Industria no hay trabajo, sin trabajo no hay Naci\u00f3n, y Coradir significa Trabajo Argentino\u00bb<\/em>.<\/p>\n\n<div style=\"font-size: 0px; height: 0px; line-height: 0px; margin: 0; padding: 0; clear: both;\"><\/div><div style=\"margin-top: 0px; margin-bottom: 0px;\" class=\"sharethis-inline-share-buttons\" ><\/div>","protected":false},"excerpt":{"rendered":"<p>El parque solar produce 1 Megawatt de potencia e inyecta energ\u00eda a la red el\u00e9ctrica&#8230;<\/p>\n","protected":false},"author":1,"featured_media":16580,"comment_status":"closed","ping_status":"closed","sticky":false,"template":"","format":"standard","meta":{"_uag_custom_page_level_css":"","footnotes":""},"categories":[40,64],"tags":[3489,193,661,216],"class_list":["post-16579","post","type-post","status-publish","format-standard","has-post-thumbnail","hentry","category-construccion","category-empresas-construccion","tag-coradir","tag-energia-fotovoltaica","tag-energia-solar","tag-san-luis","generate-columns","tablet-grid-50","mobile-grid-100","grid-parent","grid-50"],"yoast_head":"<!-- This site is optimized with the Yoast SEO plugin v27.3 - https:\/\/yoast.com\/product\/yoast-seo-wordpress\/ -->\n<title>Coradir inauguro el Parque Fotovoltaico Terrazas del Portezuelo en la provincia de San Luis - Arquimaster<\/title>\n<meta name=\"robots\" content=\"index, follow, max-snippet:-1, max-image-preview:large, max-video-preview:-1\" \/>\n<link rel=\"canonical\" href=\"https:\/\/www.arquimaster.com.ar\/web\/coradir-inauguro-el-parque-fotovoltaico-terrazas-del-portezuelo-en-la-provincia-de-san-luis\/\" \/>\n<meta property=\"og:locale\" content=\"es_ES\" \/>\n<meta property=\"og:type\" content=\"article\" \/>\n<meta property=\"og:title\" content=\"Coradir inauguro el Parque Fotovoltaico Terrazas del Portezuelo en la provincia de San Luis - Arquimaster\" \/>\n<meta property=\"og:description\" content=\"El parque solar produce 1 Megawatt de potencia e inyecta energ\u00eda a la red el\u00e9ctrica...\" \/>\n<meta property=\"og:url\" content=\"https:\/\/www.arquimaster.com.ar\/web\/coradir-inauguro-el-parque-fotovoltaico-terrazas-del-portezuelo-en-la-provincia-de-san-luis\/\" \/>\n<meta property=\"og:site_name\" content=\"Arquimaster\" \/>\n<meta property=\"article:publisher\" content=\"http:\/\/www.facebook.com\/ARQUIMASTER.com.ar\" \/>\n<meta property=\"article:published_time\" content=\"2014-11-15T00:30:24+00:00\" \/>\n<meta property=\"article:modified_time\" content=\"2026-03-27T20:42:33+00:00\" \/>\n<meta property=\"og:image\" content=\"https:\/\/www.arquimaster.com.ar\/web\/wp-content\/uploads\/2015\/08\/parque_fotovoltaico_coradir_slide.jpg\" \/>\n\t<meta property=\"og:image:width\" content=\"642\" \/>\n\t<meta property=\"og:image:height\" content=\"336\" \/>\n\t<meta property=\"og:image:type\" content=\"image\/jpeg\" \/>\n<meta name=\"author\" content=\"Arquimaster\" \/>\n<meta name=\"twitter:card\" content=\"summary_large_image\" \/>\n<meta name=\"twitter:creator\" content=\"@arquimaster\" \/>\n<meta name=\"twitter:site\" content=\"@arquimaster\" \/>\n<meta name=\"twitter:label1\" content=\"Escrito por\" \/>\n\t<meta name=\"twitter:data1\" content=\"Arquimaster\" \/>\n\t<meta name=\"twitter:label2\" content=\"Tiempo de lectura\" \/>\n\t<meta name=\"twitter:data2\" content=\"3 minutos\" \/>\n<script type=\"application\/ld+json\" class=\"yoast-schema-graph\">{\"@context\":\"https:\\\/\\\/schema.org\",\"@graph\":[{\"@type\":\"Article\",\"@id\":\"https:\\\/\\\/www.arquimaster.com.ar\\\/web\\\/coradir-inauguro-el-parque-fotovoltaico-terrazas-del-portezuelo-en-la-provincia-de-san-luis\\\/#article\",\"isPartOf\":{\"@id\":\"https:\\\/\\\/www.arquimaster.com.ar\\\/web\\\/coradir-inauguro-el-parque-fotovoltaico-terrazas-del-portezuelo-en-la-provincia-de-san-luis\\\/\"},\"author\":{\"name\":\"Arquimaster\",\"@id\":\"https:\\\/\\\/www.arquimaster.com.ar\\\/web\\\/#\\\/schema\\\/person\\\/359e9f7c00193fcde068e0dd2ceb0028\"},\"headline\":\"Coradir inauguro el Parque Fotovoltaico Terrazas del Portezuelo en la provincia de San Luis\",\"datePublished\":\"2014-11-15T00:30:24+00:00\",\"dateModified\":\"2026-03-27T20:42:33+00:00\",\"mainEntityOfPage\":{\"@id\":\"https:\\\/\\\/www.arquimaster.com.ar\\\/web\\\/coradir-inauguro-el-parque-fotovoltaico-terrazas-del-portezuelo-en-la-provincia-de-san-luis\\\/\"},\"wordCount\":555,\"publisher\":{\"@id\":\"https:\\\/\\\/www.arquimaster.com.ar\\\/web\\\/#organization\"},\"image\":{\"@id\":\"https:\\\/\\\/www.arquimaster.com.ar\\\/web\\\/coradir-inauguro-el-parque-fotovoltaico-terrazas-del-portezuelo-en-la-provincia-de-san-luis\\\/#primaryimage\"},\"thumbnailUrl\":\"https:\\\/\\\/www.arquimaster.com.ar\\\/web\\\/wp-content\\\/uploads\\\/2015\\\/08\\\/parque_fotovoltaico_coradir_slide.jpg\",\"keywords\":[\"Coradir\",\"energ\u00eda fotovoltaica\",\"energia solar\",\"San Luis\"],\"articleSection\":[\"Construccion\",\"Empresas de la construccion\"],\"inLanguage\":\"es\"},{\"@type\":\"WebPage\",\"@id\":\"https:\\\/\\\/www.arquimaster.com.ar\\\/web\\\/coradir-inauguro-el-parque-fotovoltaico-terrazas-del-portezuelo-en-la-provincia-de-san-luis\\\/\",\"url\":\"https:\\\/\\\/www.arquimaster.com.ar\\\/web\\\/coradir-inauguro-el-parque-fotovoltaico-terrazas-del-portezuelo-en-la-provincia-de-san-luis\\\/\",\"name\":\"Coradir inauguro el Parque Fotovoltaico Terrazas del Portezuelo en la provincia de San Luis - Arquimaster\",\"isPartOf\":{\"@id\":\"https:\\\/\\\/www.arquimaster.com.ar\\\/web\\\/#website\"},\"primaryImageOfPage\":{\"@id\":\"https:\\\/\\\/www.arquimaster.com.ar\\\/web\\\/coradir-inauguro-el-parque-fotovoltaico-terrazas-del-portezuelo-en-la-provincia-de-san-luis\\\/#primaryimage\"},\"image\":{\"@id\":\"https:\\\/\\\/www.arquimaster.com.ar\\\/web\\\/coradir-inauguro-el-parque-fotovoltaico-terrazas-del-portezuelo-en-la-provincia-de-san-luis\\\/#primaryimage\"},\"thumbnailUrl\":\"https:\\\/\\\/www.arquimaster.com.ar\\\/web\\\/wp-content\\\/uploads\\\/2015\\\/08\\\/parque_fotovoltaico_coradir_slide.jpg\",\"datePublished\":\"2014-11-15T00:30:24+00:00\",\"dateModified\":\"2026-03-27T20:42:33+00:00\",\"breadcrumb\":{\"@id\":\"https:\\\/\\\/www.arquimaster.com.ar\\\/web\\\/coradir-inauguro-el-parque-fotovoltaico-terrazas-del-portezuelo-en-la-provincia-de-san-luis\\\/#breadcrumb\"},\"inLanguage\":\"es\",\"potentialAction\":[{\"@type\":\"ReadAction\",\"target\":[\"https:\\\/\\\/www.arquimaster.com.ar\\\/web\\\/coradir-inauguro-el-parque-fotovoltaico-terrazas-del-portezuelo-en-la-provincia-de-san-luis\\\/\"]}]},{\"@type\":\"ImageObject\",\"inLanguage\":\"es\",\"@id\":\"https:\\\/\\\/www.arquimaster.com.ar\\\/web\\\/coradir-inauguro-el-parque-fotovoltaico-terrazas-del-portezuelo-en-la-provincia-de-san-luis\\\/#primaryimage\",\"url\":\"https:\\\/\\\/www.arquimaster.com.ar\\\/web\\\/wp-content\\\/uploads\\\/2015\\\/08\\\/parque_fotovoltaico_coradir_slide.jpg\",\"contentUrl\":\"https:\\\/\\\/www.arquimaster.com.ar\\\/web\\\/wp-content\\\/uploads\\\/2015\\\/08\\\/parque_fotovoltaico_coradir_slide.jpg\",\"width\":642,\"height\":336},{\"@type\":\"BreadcrumbList\",\"@id\":\"https:\\\/\\\/www.arquimaster.com.ar\\\/web\\\/coradir-inauguro-el-parque-fotovoltaico-terrazas-del-portezuelo-en-la-provincia-de-san-luis\\\/#breadcrumb\",\"itemListElement\":[{\"@type\":\"ListItem\",\"position\":1,\"name\":\"Portada\",\"item\":\"https:\\\/\\\/www.arquimaster.com.ar\\\/web\\\/\"},{\"@type\":\"ListItem\",\"position\":2,\"name\":\"Coradir inauguro el Parque Fotovoltaico Terrazas del Portezuelo en la provincia de San Luis\"}]},{\"@type\":\"WebSite\",\"@id\":\"https:\\\/\\\/www.arquimaster.com.ar\\\/web\\\/#website\",\"url\":\"https:\\\/\\\/www.arquimaster.com.ar\\\/web\\\/\",\"name\":\"Arquimaster\",\"description\":\"Web de arquitectura, dise\u00f1o y construccion\",\"publisher\":{\"@id\":\"https:\\\/\\\/www.arquimaster.com.ar\\\/web\\\/#organization\"},\"potentialAction\":[{\"@type\":\"SearchAction\",\"target\":{\"@type\":\"EntryPoint\",\"urlTemplate\":\"https:\\\/\\\/www.arquimaster.com.ar\\\/web\\\/?s={search_term_string}\"},\"query-input\":{\"@type\":\"PropertyValueSpecification\",\"valueRequired\":true,\"valueName\":\"search_term_string\"}}],\"inLanguage\":\"es\"},{\"@type\":\"Organization\",\"@id\":\"https:\\\/\\\/www.arquimaster.com.ar\\\/web\\\/#organization\",\"name\":\"Arquimaster\",\"url\":\"https:\\\/\\\/www.arquimaster.com.ar\\\/web\\\/\",\"logo\":{\"@type\":\"ImageObject\",\"inLanguage\":\"es\",\"@id\":\"https:\\\/\\\/www.arquimaster.com.ar\\\/web\\\/#\\\/schema\\\/logo\\\/image\\\/\",\"url\":\"https:\\\/\\\/www.arquimaster.com.ar\\\/web\\\/wp-content\\\/uploads\\\/2022\\\/06\\\/arquimaster.png\",\"contentUrl\":\"https:\\\/\\\/www.arquimaster.com.ar\\\/web\\\/wp-content\\\/uploads\\\/2022\\\/06\\\/arquimaster.png\",\"width\":594,\"height\":78,\"caption\":\"Arquimaster\"},\"image\":{\"@id\":\"https:\\\/\\\/www.arquimaster.com.ar\\\/web\\\/#\\\/schema\\\/logo\\\/image\\\/\"},\"sameAs\":[\"http:\\\/\\\/www.facebook.com\\\/ARQUIMASTER.com.ar\",\"https:\\\/\\\/x.com\\\/arquimaster\",\"https:\\\/\\\/www.instagram.com\\\/arquimasterblog\\\/\",\"https:\\\/\\\/www.linkedin.com\\\/company\\\/arquimaster\",\"https:\\\/\\\/www.pinterest.com\\\/arquimaster\",\"https:\\\/\\\/t.me\\\/arquimaster\"]},{\"@type\":\"Person\",\"@id\":\"https:\\\/\\\/www.arquimaster.com.ar\\\/web\\\/#\\\/schema\\\/person\\\/359e9f7c00193fcde068e0dd2ceb0028\",\"name\":\"Arquimaster\"}]}<\/script>\n<!-- \/ Yoast SEO plugin. -->","yoast_head_json":{"title":"Coradir inauguro el Parque Fotovoltaico Terrazas del Portezuelo en la provincia de San Luis - Arquimaster","robots":{"index":"index","follow":"follow","max-snippet":"max-snippet:-1","max-image-preview":"max-image-preview:large","max-video-preview":"max-video-preview:-1"},"canonical":"https:\/\/www.arquimaster.com.ar\/web\/coradir-inauguro-el-parque-fotovoltaico-terrazas-del-portezuelo-en-la-provincia-de-san-luis\/","og_locale":"es_ES","og_type":"article","og_title":"Coradir inauguro el Parque Fotovoltaico Terrazas del Portezuelo en la provincia de San Luis - Arquimaster","og_description":"El parque solar produce 1 Megawatt de potencia e inyecta energ\u00eda a la red el\u00e9ctrica...","og_url":"https:\/\/www.arquimaster.com.ar\/web\/coradir-inauguro-el-parque-fotovoltaico-terrazas-del-portezuelo-en-la-provincia-de-san-luis\/","og_site_name":"Arquimaster","article_publisher":"http:\/\/www.facebook.com\/ARQUIMASTER.com.ar","article_published_time":"2014-11-15T00:30:24+00:00","article_modified_time":"2026-03-27T20:42:33+00:00","og_image":[{"width":642,"height":336,"url":"https:\/\/www.arquimaster.com.ar\/web\/wp-content\/uploads\/2015\/08\/parque_fotovoltaico_coradir_slide.jpg","type":"image\/jpeg"}],"author":"Arquimaster","twitter_card":"summary_large_image","twitter_creator":"@arquimaster","twitter_site":"@arquimaster","twitter_misc":{"Escrito por":"Arquimaster","Tiempo de lectura":"3 minutos"},"schema":{"@context":"https:\/\/schema.org","@graph":[{"@type":"Article","@id":"https:\/\/www.arquimaster.com.ar\/web\/coradir-inauguro-el-parque-fotovoltaico-terrazas-del-portezuelo-en-la-provincia-de-san-luis\/#article","isPartOf":{"@id":"https:\/\/www.arquimaster.com.ar\/web\/coradir-inauguro-el-parque-fotovoltaico-terrazas-del-portezuelo-en-la-provincia-de-san-luis\/"},"author":{"name":"Arquimaster","@id":"https:\/\/www.arquimaster.com.ar\/web\/#\/schema\/person\/359e9f7c00193fcde068e0dd2ceb0028"},"headline":"Coradir inauguro el Parque Fotovoltaico Terrazas del Portezuelo en la provincia de San Luis","datePublished":"2014-11-15T00:30:24+00:00","dateModified":"2026-03-27T20:42:33+00:00","mainEntityOfPage":{"@id":"https:\/\/www.arquimaster.com.ar\/web\/coradir-inauguro-el-parque-fotovoltaico-terrazas-del-portezuelo-en-la-provincia-de-san-luis\/"},"wordCount":555,"publisher":{"@id":"https:\/\/www.arquimaster.com.ar\/web\/#organization"},"image":{"@id":"https:\/\/www.arquimaster.com.ar\/web\/coradir-inauguro-el-parque-fotovoltaico-terrazas-del-portezuelo-en-la-provincia-de-san-luis\/#primaryimage"},"thumbnailUrl":"https:\/\/www.arquimaster.com.ar\/web\/wp-content\/uploads\/2015\/08\/parque_fotovoltaico_coradir_slide.jpg","keywords":["Coradir","energ\u00eda fotovoltaica","energia solar","San Luis"],"articleSection":["Construccion","Empresas de la construccion"],"inLanguage":"es"},{"@type":"WebPage","@id":"https:\/\/www.arquimaster.com.ar\/web\/coradir-inauguro-el-parque-fotovoltaico-terrazas-del-portezuelo-en-la-provincia-de-san-luis\/","url":"https:\/\/www.arquimaster.com.ar\/web\/coradir-inauguro-el-parque-fotovoltaico-terrazas-del-portezuelo-en-la-provincia-de-san-luis\/","name":"Coradir inauguro el Parque Fotovoltaico Terrazas del Portezuelo en la provincia de San Luis - Arquimaster","isPartOf":{"@id":"https:\/\/www.arquimaster.com.ar\/web\/#website"},"primaryImageOfPage":{"@id":"https:\/\/www.arquimaster.com.ar\/web\/coradir-inauguro-el-parque-fotovoltaico-terrazas-del-portezuelo-en-la-provincia-de-san-luis\/#primaryimage"},"image":{"@id":"https:\/\/www.arquimaster.com.ar\/web\/coradir-inauguro-el-parque-fotovoltaico-terrazas-del-portezuelo-en-la-provincia-de-san-luis\/#primaryimage"},"thumbnailUrl":"https:\/\/www.arquimaster.com.ar\/web\/wp-content\/uploads\/2015\/08\/parque_fotovoltaico_coradir_slide.jpg","datePublished":"2014-11-15T00:30:24+00:00","dateModified":"2026-03-27T20:42:33+00:00","breadcrumb":{"@id":"https:\/\/www.arquimaster.com.ar\/web\/coradir-inauguro-el-parque-fotovoltaico-terrazas-del-portezuelo-en-la-provincia-de-san-luis\/#breadcrumb"},"inLanguage":"es","potentialAction":[{"@type":"ReadAction","target":["https:\/\/www.arquimaster.com.ar\/web\/coradir-inauguro-el-parque-fotovoltaico-terrazas-del-portezuelo-en-la-provincia-de-san-luis\/"]}]},{"@type":"ImageObject","inLanguage":"es","@id":"https:\/\/www.arquimaster.com.ar\/web\/coradir-inauguro-el-parque-fotovoltaico-terrazas-del-portezuelo-en-la-provincia-de-san-luis\/#primaryimage","url":"https:\/\/www.arquimaster.com.ar\/web\/wp-content\/uploads\/2015\/08\/parque_fotovoltaico_coradir_slide.jpg","contentUrl":"https:\/\/www.arquimaster.com.ar\/web\/wp-content\/uploads\/2015\/08\/parque_fotovoltaico_coradir_slide.jpg","width":642,"height":336},{"@type":"BreadcrumbList","@id":"https:\/\/www.arquimaster.com.ar\/web\/coradir-inauguro-el-parque-fotovoltaico-terrazas-del-portezuelo-en-la-provincia-de-san-luis\/#breadcrumb","itemListElement":[{"@type":"ListItem","position":1,"name":"Portada","item":"https:\/\/www.arquimaster.com.ar\/web\/"},{"@type":"ListItem","position":2,"name":"Coradir inauguro el Parque Fotovoltaico Terrazas del Portezuelo en la provincia de San Luis"}]},{"@type":"WebSite","@id":"https:\/\/www.arquimaster.com.ar\/web\/#website","url":"https:\/\/www.arquimaster.com.ar\/web\/","name":"Arquimaster","description":"Web de arquitectura, dise\u00f1o y construccion","publisher":{"@id":"https:\/\/www.arquimaster.com.ar\/web\/#organization"},"potentialAction":[{"@type":"SearchAction","target":{"@type":"EntryPoint","urlTemplate":"https:\/\/www.arquimaster.com.ar\/web\/?s={search_term_string}"},"query-input":{"@type":"PropertyValueSpecification","valueRequired":true,"valueName":"search_term_string"}}],"inLanguage":"es"},{"@type":"Organization","@id":"https:\/\/www.arquimaster.com.ar\/web\/#organization","name":"Arquimaster","url":"https:\/\/www.arquimaster.com.ar\/web\/","logo":{"@type":"ImageObject","inLanguage":"es","@id":"https:\/\/www.arquimaster.com.ar\/web\/#\/schema\/logo\/image\/","url":"https:\/\/www.arquimaster.com.ar\/web\/wp-content\/uploads\/2022\/06\/arquimaster.png","contentUrl":"https:\/\/www.arquimaster.com.ar\/web\/wp-content\/uploads\/2022\/06\/arquimaster.png","width":594,"height":78,"caption":"Arquimaster"},"image":{"@id":"https:\/\/www.arquimaster.com.ar\/web\/#\/schema\/logo\/image\/"},"sameAs":["http:\/\/www.facebook.com\/ARQUIMASTER.com.ar","https:\/\/x.com\/arquimaster","https:\/\/www.instagram.com\/arquimasterblog\/","https:\/\/www.linkedin.com\/company\/arquimaster","https:\/\/www.pinterest.com\/arquimaster","https:\/\/t.me\/arquimaster"]},{"@type":"Person","@id":"https:\/\/www.arquimaster.com.ar\/web\/#\/schema\/person\/359e9f7c00193fcde068e0dd2ceb0028","name":"Arquimaster"}]}},"uagb_featured_image_src":{"full":["https:\/\/www.arquimaster.com.ar\/web\/wp-content\/uploads\/2015\/08\/parque_fotovoltaico_coradir_slide.jpg",642,336,false],"thumbnail":["https:\/\/www.arquimaster.com.ar\/web\/wp-content\/uploads\/2015\/08\/parque_fotovoltaico_coradir_slide-150x150.jpg",150,150,true],"medium":["https:\/\/www.arquimaster.com.ar\/web\/wp-content\/uploads\/2015\/08\/parque_fotovoltaico_coradir_slide.jpg",642,336,false],"medium_large":["https:\/\/www.arquimaster.com.ar\/web\/wp-content\/uploads\/2015\/08\/parque_fotovoltaico_coradir_slide.jpg",642,336,false],"large":["https:\/\/www.arquimaster.com.ar\/web\/wp-content\/uploads\/2015\/08\/parque_fotovoltaico_coradir_slide.jpg",642,336,false],"1536x1536":["https:\/\/www.arquimaster.com.ar\/web\/wp-content\/uploads\/2015\/08\/parque_fotovoltaico_coradir_slide.jpg",642,336,false],"2048x2048":["https:\/\/www.arquimaster.com.ar\/web\/wp-content\/uploads\/2015\/08\/parque_fotovoltaico_coradir_slide.jpg",642,336,false]},"uagb_author_info":{"display_name":"Arquimaster","author_link":"https:\/\/www.arquimaster.com.ar\/web\/author\/arquimaster\/"},"uagb_comment_info":0,"uagb_excerpt":"El parque solar produce 1 Megawatt de potencia e inyecta energ\u00eda a la red el\u00e9ctrica...","_links":{"self":[{"href":"https:\/\/www.arquimaster.com.ar\/web\/wp-json\/wp\/v2\/posts\/16579","targetHints":{"allow":["GET"]}}],"collection":[{"href":"https:\/\/www.arquimaster.com.ar\/web\/wp-json\/wp\/v2\/posts"}],"about":[{"href":"https:\/\/www.arquimaster.com.ar\/web\/wp-json\/wp\/v2\/types\/post"}],"author":[{"embeddable":true,"href":"https:\/\/www.arquimaster.com.ar\/web\/wp-json\/wp\/v2\/users\/1"}],"replies":[{"embeddable":true,"href":"https:\/\/www.arquimaster.com.ar\/web\/wp-json\/wp\/v2\/comments?post=16579"}],"version-history":[{"count":1,"href":"https:\/\/www.arquimaster.com.ar\/web\/wp-json\/wp\/v2\/posts\/16579\/revisions"}],"predecessor-version":[{"id":87811,"href":"https:\/\/www.arquimaster.com.ar\/web\/wp-json\/wp\/v2\/posts\/16579\/revisions\/87811"}],"wp:featuredmedia":[{"embeddable":true,"href":"https:\/\/www.arquimaster.com.ar\/web\/wp-json\/wp\/v2\/media\/16580"}],"wp:attachment":[{"href":"https:\/\/www.arquimaster.com.ar\/web\/wp-json\/wp\/v2\/media?parent=16579"}],"wp:term":[{"taxonomy":"category","embeddable":true,"href":"https:\/\/www.arquimaster.com.ar\/web\/wp-json\/wp\/v2\/categories?post=16579"},{"taxonomy":"post_tag","embeddable":true,"href":"https:\/\/www.arquimaster.com.ar\/web\/wp-json\/wp\/v2\/tags?post=16579"}],"curies":[{"name":"wp","href":"https:\/\/api.w.org\/{rel}","templated":true}]}}