{"id":16605,"date":"2015-08-01T16:00:25","date_gmt":"2015-08-01T16:00:25","guid":{"rendered":"http:\/\/www.arquimaster.com.ar\/web\/?p=16605"},"modified":"2025-10-25T22:01:52","modified_gmt":"2025-10-26T01:01:52","slug":"cortinas-duette-architella-diseno-y-ahorro-de-energia","status":"publish","type":"post","link":"https:\/\/www.arquimaster.com.ar\/web\/cortinas-duette-architella-diseno-y-ahorro-de-energia\/","title":{"rendered":"Cortinas Duette\u00ae Architella\u00ae, dise\u00f1o y ahorro de energ\u00eda"},"content":{"rendered":"<div style=\"margin-top: 0px; margin-bottom: 0px;\" class=\"sharethis-inline-share-buttons\" ><\/div><div class=\"b812932af2e751442846f039925109de\" data-index=\"1\" style=\"float: none; margin:25px 0 25px 0; text-align:center;\">\n<script async src=\"https:\/\/pagead2.googlesyndication.com\/pagead\/js\/adsbygoogle.js\"><\/script>\r\n<!-- Arquimaster (superior) -->\r\n<ins class=\"adsbygoogle\"\r\n     style=\"display:block\"\r\n     data-ad-client=\"ca-pub-6351072698456832\"\r\n     data-ad-slot=\"6455489680\"\r\n     data-ad-format=\"auto\"\r\n     data-full-width-responsive=\"true\"><\/ins>\r\n<script>\r\n     (adsbygoogle = window.adsbygoogle || []).push({});\r\n<\/script>\n<\/div>\n<p><em><strong>HunterDouglas Luxaflex\u00ae presenta su sistema de cortinas Duette\u00ae con su nueva tela Architella\u00ae, que reduce las p\u00e9rdidas de energ\u00eda hasta en un 50%. Adem\u00e1s, dispone de innovadores accionamientos, \u00fanicos en el mercado.<\/strong><\/em><\/p>\n<div id='gallery-1' class='gallery galleryid-16605 gallery-columns-3 gallery-size-thumbnail'><figure class='gallery-item'>\n\t\t\t<div class='gallery-icon landscape'>\n\t\t\t\t<a href='https:\/\/www.arquimaster.com.ar\/web\/wp-content\/uploads\/2015\/08\/cortinas_duette_architella1.jpg' title=\"Cortinas Duette\u00ae Architella\u00ae, dise\u00f1o y ahorro de energ\u00eda\" data-rl_title=\"Cortinas Duette\u00ae Architella\u00ae, dise\u00f1o y ahorro de energ\u00eda\" class=\"rl-gallery-link\" data-rl_caption=\"Cortinas Duette\u00ae Architella\u00ae, dise\u00f1o y ahorro de energ\u00eda\" data-rel=\"lightbox-gallery-1\"><img loading=\"lazy\" decoding=\"async\" width=\"150\" height=\"150\" src=\"https:\/\/www.arquimaster.com.ar\/web\/wp-content\/uploads\/2015\/08\/cortinas_duette_architella1-150x150.jpg\" class=\"attachment-thumbnail size-thumbnail\" alt=\"\" aria-describedby=\"gallery-1-16607\" srcset=\"https:\/\/www.arquimaster.com.ar\/web\/wp-content\/uploads\/2015\/08\/cortinas_duette_architella1-150x150.jpg 150w, https:\/\/www.arquimaster.com.ar\/web\/wp-content\/uploads\/2015\/08\/cortinas_duette_architella1-50x50.jpg 50w, https:\/\/www.arquimaster.com.ar\/web\/wp-content\/uploads\/2015\/08\/cortinas_duette_architella1-125x125.jpg 125w\" sizes=\"auto, (max-width: 150px) 100vw, 150px\" \/><\/a>\n\t\t\t<\/div>\n\t\t\t\t<figcaption class='wp-caption-text gallery-caption' id='gallery-1-16607'>\n\t\t\t\tCortinas Duette\u00ae Architella\u00ae, dise\u00f1o y ahorro de energ\u00eda\n\t\t\t\t<\/figcaption><\/figure><figure class='gallery-item'>\n\t\t\t<div class='gallery-icon landscape'>\n\t\t\t\t<a href='https:\/\/www.arquimaster.com.ar\/web\/wp-content\/uploads\/2015\/08\/cortinas_duette_architella2.jpg' title=\"Cortinas Duette\u00ae Architella\u00ae, dise\u00f1o y ahorro de energ\u00eda\" data-rl_title=\"Cortinas Duette\u00ae Architella\u00ae, dise\u00f1o y ahorro de energ\u00eda\" class=\"rl-gallery-link\" data-rl_caption=\"Cortinas Duette\u00ae Architella\u00ae, dise\u00f1o y ahorro de energ\u00eda\" data-rel=\"lightbox-gallery-1\"><img loading=\"lazy\" decoding=\"async\" width=\"150\" height=\"150\" src=\"https:\/\/www.arquimaster.com.ar\/web\/wp-content\/uploads\/2015\/08\/cortinas_duette_architella2-150x150.jpg\" class=\"attachment-thumbnail size-thumbnail\" alt=\"\" aria-describedby=\"gallery-1-16608\" srcset=\"https:\/\/www.arquimaster.com.ar\/web\/wp-content\/uploads\/2015\/08\/cortinas_duette_architella2-150x150.jpg 150w, https:\/\/www.arquimaster.com.ar\/web\/wp-content\/uploads\/2015\/08\/cortinas_duette_architella2-50x50.jpg 50w, https:\/\/www.arquimaster.com.ar\/web\/wp-content\/uploads\/2015\/08\/cortinas_duette_architella2-125x125.jpg 125w\" sizes=\"auto, (max-width: 150px) 100vw, 150px\" \/><\/a>\n\t\t\t<\/div>\n\t\t\t\t<figcaption class='wp-caption-text gallery-caption' id='gallery-1-16608'>\n\t\t\t\tCortinas Duette\u00ae Architella\u00ae, dise\u00f1o y ahorro de energ\u00eda\n\t\t\t\t<\/figcaption><\/figure><figure class='gallery-item'>\n\t\t\t<div class='gallery-icon landscape'>\n\t\t\t\t<a href='https:\/\/www.arquimaster.com.ar\/web\/wp-content\/uploads\/2015\/08\/cortinas_duette_architella3.jpg' title=\"Cortinas Duette\u00ae Architella\u00ae, dise\u00f1o y ahorro de energ\u00eda\" data-rl_title=\"Cortinas Duette\u00ae Architella\u00ae, dise\u00f1o y ahorro de energ\u00eda\" class=\"rl-gallery-link\" data-rl_caption=\"Cortinas Duette\u00ae Architella\u00ae, dise\u00f1o y ahorro de energ\u00eda\" data-rel=\"lightbox-gallery-1\"><img loading=\"lazy\" decoding=\"async\" width=\"150\" height=\"150\" src=\"https:\/\/www.arquimaster.com.ar\/web\/wp-content\/uploads\/2015\/08\/cortinas_duette_architella3-150x150.jpg\" class=\"attachment-thumbnail size-thumbnail\" alt=\"\" aria-describedby=\"gallery-1-16609\" srcset=\"https:\/\/www.arquimaster.com.ar\/web\/wp-content\/uploads\/2015\/08\/cortinas_duette_architella3-150x150.jpg 150w, https:\/\/www.arquimaster.com.ar\/web\/wp-content\/uploads\/2015\/08\/cortinas_duette_architella3-50x50.jpg 50w, https:\/\/www.arquimaster.com.ar\/web\/wp-content\/uploads\/2015\/08\/cortinas_duette_architella3-125x125.jpg 125w\" sizes=\"auto, (max-width: 150px) 100vw, 150px\" \/><\/a>\n\t\t\t<\/div>\n\t\t\t\t<figcaption class='wp-caption-text gallery-caption' id='gallery-1-16609'>\n\t\t\t\tCortinas Duette\u00ae Architella\u00ae, dise\u00f1o y ahorro de energ\u00eda\n\t\t\t\t<\/figcaption><\/figure><figure class='gallery-item'>\n\t\t\t<div class='gallery-icon landscape'>\n\t\t\t\t<a href='https:\/\/www.arquimaster.com.ar\/web\/wp-content\/uploads\/2015\/08\/cortinas_duette_architella4.jpg' title=\"Cortinas Duette\u00ae Architella\u00ae, dise\u00f1o y ahorro de energ\u00eda\" data-rl_title=\"Cortinas Duette\u00ae Architella\u00ae, dise\u00f1o y ahorro de energ\u00eda\" class=\"rl-gallery-link\" data-rl_caption=\"Cortinas Duette\u00ae Architella\u00ae, dise\u00f1o y ahorro de energ\u00eda\" data-rel=\"lightbox-gallery-1\"><img loading=\"lazy\" decoding=\"async\" width=\"150\" height=\"150\" src=\"https:\/\/www.arquimaster.com.ar\/web\/wp-content\/uploads\/2015\/08\/cortinas_duette_architella4-150x150.jpg\" class=\"attachment-thumbnail size-thumbnail\" alt=\"\" aria-describedby=\"gallery-1-16610\" srcset=\"https:\/\/www.arquimaster.com.ar\/web\/wp-content\/uploads\/2015\/08\/cortinas_duette_architella4-150x150.jpg 150w, https:\/\/www.arquimaster.com.ar\/web\/wp-content\/uploads\/2015\/08\/cortinas_duette_architella4-50x50.jpg 50w, https:\/\/www.arquimaster.com.ar\/web\/wp-content\/uploads\/2015\/08\/cortinas_duette_architella4-125x125.jpg 125w\" sizes=\"auto, (max-width: 150px) 100vw, 150px\" \/><\/a>\n\t\t\t<\/div>\n\t\t\t\t<figcaption class='wp-caption-text gallery-caption' id='gallery-1-16610'>\n\t\t\t\tCortinas Duette\u00ae Architella\u00ae, dise\u00f1o y ahorro de energ\u00eda\n\t\t\t\t<\/figcaption><\/figure><figure class='gallery-item'>\n\t\t\t<div class='gallery-icon portrait'>\n\t\t\t\t<a href='https:\/\/www.arquimaster.com.ar\/web\/wp-content\/uploads\/2015\/08\/cortinas_duette_architella5.jpg' title=\"Cortinas Duette\u00ae Architella\u00ae, dise\u00f1o y ahorro de energ\u00eda\" data-rl_title=\"Cortinas Duette\u00ae Architella\u00ae, dise\u00f1o y ahorro de energ\u00eda\" class=\"rl-gallery-link\" data-rl_caption=\"Cortinas Duette\u00ae Architella\u00ae, dise\u00f1o y ahorro de energ\u00eda\" data-rel=\"lightbox-gallery-1\"><img loading=\"lazy\" decoding=\"async\" width=\"150\" height=\"150\" src=\"https:\/\/www.arquimaster.com.ar\/web\/wp-content\/uploads\/2015\/08\/cortinas_duette_architella5-150x150.jpg\" class=\"attachment-thumbnail size-thumbnail\" alt=\"\" aria-describedby=\"gallery-1-16611\" srcset=\"https:\/\/www.arquimaster.com.ar\/web\/wp-content\/uploads\/2015\/08\/cortinas_duette_architella5-150x150.jpg 150w, https:\/\/www.arquimaster.com.ar\/web\/wp-content\/uploads\/2015\/08\/cortinas_duette_architella5-50x50.jpg 50w, https:\/\/www.arquimaster.com.ar\/web\/wp-content\/uploads\/2015\/08\/cortinas_duette_architella5-125x125.jpg 125w\" sizes=\"auto, (max-width: 150px) 100vw, 150px\" \/><\/a>\n\t\t\t<\/div>\n\t\t\t\t<figcaption class='wp-caption-text gallery-caption' id='gallery-1-16611'>\n\t\t\t\tCortinas Duette\u00ae Architella\u00ae, dise\u00f1o y ahorro de energ\u00eda\n\t\t\t\t<\/figcaption><\/figure><figure class='gallery-item'>\n\t\t\t<div class='gallery-icon portrait'>\n\t\t\t\t<a href='https:\/\/www.arquimaster.com.ar\/web\/wp-content\/uploads\/2015\/08\/cortinas_duette_architella6.jpg' title=\"Cortinas Duette\u00ae Architella\u00ae, dise\u00f1o y ahorro de energ\u00eda\" data-rl_title=\"Cortinas Duette\u00ae Architella\u00ae, dise\u00f1o y ahorro de energ\u00eda\" class=\"rl-gallery-link\" data-rl_caption=\"Cortinas Duette\u00ae Architella\u00ae, dise\u00f1o y ahorro de energ\u00eda\" data-rel=\"lightbox-gallery-1\"><img loading=\"lazy\" decoding=\"async\" width=\"150\" height=\"150\" src=\"https:\/\/www.arquimaster.com.ar\/web\/wp-content\/uploads\/2015\/08\/cortinas_duette_architella6-150x150.jpg\" class=\"attachment-thumbnail size-thumbnail\" alt=\"\" aria-describedby=\"gallery-1-16612\" srcset=\"https:\/\/www.arquimaster.com.ar\/web\/wp-content\/uploads\/2015\/08\/cortinas_duette_architella6-150x150.jpg 150w, https:\/\/www.arquimaster.com.ar\/web\/wp-content\/uploads\/2015\/08\/cortinas_duette_architella6-50x50.jpg 50w, https:\/\/www.arquimaster.com.ar\/web\/wp-content\/uploads\/2015\/08\/cortinas_duette_architella6-125x125.jpg 125w\" sizes=\"auto, (max-width: 150px) 100vw, 150px\" \/><\/a>\n\t\t\t<\/div>\n\t\t\t\t<figcaption class='wp-caption-text gallery-caption' id='gallery-1-16612'>\n\t\t\t\tCortinas Duette\u00ae Architella\u00ae, dise\u00f1o y ahorro de energ\u00eda\n\t\t\t\t<\/figcaption><\/figure><figure class='gallery-item'>\n\t\t\t<div class='gallery-icon landscape'>\n\t\t\t\t<a href='https:\/\/www.arquimaster.com.ar\/web\/wp-content\/uploads\/2015\/08\/cortinas_duette_architella7.jpg' title=\"Cortinas Duette\u00ae Architella\u00ae, dise\u00f1o y ahorro de energ\u00eda\" data-rl_title=\"Cortinas Duette\u00ae Architella\u00ae, dise\u00f1o y ahorro de energ\u00eda\" class=\"rl-gallery-link\" data-rl_caption=\"Cortinas Duette\u00ae Architella\u00ae, dise\u00f1o y ahorro de energ\u00eda\" data-rel=\"lightbox-gallery-1\"><img loading=\"lazy\" decoding=\"async\" width=\"150\" height=\"150\" src=\"https:\/\/www.arquimaster.com.ar\/web\/wp-content\/uploads\/2015\/08\/cortinas_duette_architella7-150x150.jpg\" class=\"attachment-thumbnail size-thumbnail\" alt=\"\" aria-describedby=\"gallery-1-16613\" srcset=\"https:\/\/www.arquimaster.com.ar\/web\/wp-content\/uploads\/2015\/08\/cortinas_duette_architella7-150x150.jpg 150w, https:\/\/www.arquimaster.com.ar\/web\/wp-content\/uploads\/2015\/08\/cortinas_duette_architella7-50x50.jpg 50w, https:\/\/www.arquimaster.com.ar\/web\/wp-content\/uploads\/2015\/08\/cortinas_duette_architella7-125x125.jpg 125w, https:\/\/www.arquimaster.com.ar\/web\/wp-content\/uploads\/2015\/08\/cortinas_duette_architella7.jpg 800w\" sizes=\"auto, (max-width: 150px) 100vw, 150px\" \/><\/a>\n\t\t\t<\/div>\n\t\t\t\t<figcaption class='wp-caption-text gallery-caption' id='gallery-1-16613'>\n\t\t\t\tCortinas Duette\u00ae Architella\u00ae, dise\u00f1o y ahorro de energ\u00eda\n\t\t\t\t<\/figcaption><\/figure><figure class='gallery-item'>\n\t\t\t<div class='gallery-icon portrait'>\n\t\t\t\t<a href='https:\/\/www.arquimaster.com.ar\/web\/wp-content\/uploads\/2015\/08\/cortinas_duette_architella8.jpg' title=\"Cortinas Duette\u00ae Architella\u00ae, dise\u00f1o y ahorro de energ\u00eda\" data-rl_title=\"Cortinas Duette\u00ae Architella\u00ae, dise\u00f1o y ahorro de energ\u00eda\" class=\"rl-gallery-link\" data-rl_caption=\"Cortinas Duette\u00ae Architella\u00ae, dise\u00f1o y ahorro de energ\u00eda\" data-rel=\"lightbox-gallery-1\"><img loading=\"lazy\" decoding=\"async\" width=\"150\" height=\"150\" src=\"https:\/\/www.arquimaster.com.ar\/web\/wp-content\/uploads\/2015\/08\/cortinas_duette_architella8-150x150.jpg\" class=\"attachment-thumbnail size-thumbnail\" alt=\"\" aria-describedby=\"gallery-1-16614\" srcset=\"https:\/\/www.arquimaster.com.ar\/web\/wp-content\/uploads\/2015\/08\/cortinas_duette_architella8-150x150.jpg 150w, https:\/\/www.arquimaster.com.ar\/web\/wp-content\/uploads\/2015\/08\/cortinas_duette_architella8-50x50.jpg 50w, https:\/\/www.arquimaster.com.ar\/web\/wp-content\/uploads\/2015\/08\/cortinas_duette_architella8-125x125.jpg 125w\" sizes=\"auto, (max-width: 150px) 100vw, 150px\" \/><\/a>\n\t\t\t<\/div>\n\t\t\t\t<figcaption class='wp-caption-text gallery-caption' id='gallery-1-16614'>\n\t\t\t\tCortinas Duette\u00ae Architella\u00ae, dise\u00f1o y ahorro de energ\u00eda\n\t\t\t\t<\/figcaption><\/figure><figure class='gallery-item'>\n\t\t\t<div class='gallery-icon landscape'>\n\t\t\t\t<a href='https:\/\/www.arquimaster.com.ar\/web\/wp-content\/uploads\/2015\/08\/cortinas_duette_architella9.jpg' title=\"Cortinas Duette\u00ae Architella\u00ae, dise\u00f1o y ahorro de energ\u00eda\" data-rl_title=\"Cortinas Duette\u00ae Architella\u00ae, dise\u00f1o y ahorro de energ\u00eda\" class=\"rl-gallery-link\" data-rl_caption=\"Cortinas Duette\u00ae Architella\u00ae, dise\u00f1o y ahorro de energ\u00eda\" data-rel=\"lightbox-gallery-1\"><img loading=\"lazy\" decoding=\"async\" width=\"150\" height=\"150\" src=\"https:\/\/www.arquimaster.com.ar\/web\/wp-content\/uploads\/2015\/08\/cortinas_duette_architella9-150x150.jpg\" class=\"attachment-thumbnail size-thumbnail\" alt=\"\" aria-describedby=\"gallery-1-16615\" srcset=\"https:\/\/www.arquimaster.com.ar\/web\/wp-content\/uploads\/2015\/08\/cortinas_duette_architella9-150x150.jpg 150w, https:\/\/www.arquimaster.com.ar\/web\/wp-content\/uploads\/2015\/08\/cortinas_duette_architella9-50x50.jpg 50w, https:\/\/www.arquimaster.com.ar\/web\/wp-content\/uploads\/2015\/08\/cortinas_duette_architella9-125x125.jpg 125w\" sizes=\"auto, (max-width: 150px) 100vw, 150px\" \/><\/a>\n\t\t\t<\/div>\n\t\t\t\t<figcaption class='wp-caption-text gallery-caption' id='gallery-1-16615'>\n\t\t\t\tCortinas Duette\u00ae Architella\u00ae, dise\u00f1o y ahorro de energ\u00eda\n\t\t\t\t<\/figcaption><\/figure>\n\t\t<\/div>\n\n<p>Las novedosas <strong>cortinas Duette\u00ae Architella\u00ae<\/strong> presentan grandes beneficios en ahorro de energ\u00eda y confort y son muy decorativas. La nueva tela Architella\u00ae para las cortinas Duette\u00ae es un desarrollo exclusivo de la firma que optimiza la performance de las telas celulares.<\/p>\n<p>A diferencia de las telas celulares simples, Architella\u00ae posee una celda dentro de la otra formando tres c\u00e1maras de aire, lo que incrementa el confort t\u00e9rmico y ac\u00fastico del ambiente. Architella\u00ae permite reducir hasta en un 50% la p\u00e9rdida de energ\u00eda; ayudando a un menor uso de calefacciones y aires acondicionados.<\/p>\n<p>Las cortinas Duette\u00ae Architella\u00ae contribuyen a mantener los ambientes c\u00e1lidos en invierno y frescos en verano. Adicionalmente, son muy adecuadas para la aislaci\u00f3n ac\u00fastica, en espacios donde es necesario controlar el efecto de reverberaci\u00f3n, dado que incrementan en forma considerable la capacidad de absorci\u00f3n del ruido.<\/p>\n<p>Adem\u00e1s, por sus \u00f3ptimos rendimientos en t\u00e9rminos de ahorro energ\u00e9tico, esta cortina resulta ideal en construcciones que aspiran a la certificaci\u00f3n LEED. Al ser telas 100% poli\u00e9ster, no contienen PVC y por esta raz\u00f3n, cuentan con la certificaci\u00f3n Green Guard y Green Guardforschools.<\/p>\n<p><strong>Acerca de Hunter Douglas<\/strong><br \/>\nHunter Douglas es el l\u00edder mundial en\u00a0cortinas, persianas y toldos y uno de los mayores fabricantes de productos para la arquitectura. Tiene su casa matriz en Rotterdam, Holanda, uno de los pa\u00edses referentes en dise\u00f1o y arquitectura mundial. Con casi un siglo de historia y presente en m\u00e1s de 100 pa\u00edses, la empresa se distingue por su habilidad para desarrollar productos innovadores y de alta calidad, que se encuentran en millones de hogares y edificios comerciales en todo el mundo. Cabe destacar la invenci\u00f3n, en 1947, de la persiana horizontal de aluminio, m\u00e1s conocida como \u00abpersiana americana\u00bb. En Argentina tiene una trayectoria de m\u00e1s de 15 a\u00f1os en el mercado. Hunter Douglas Argentina cuenta con una planta industrial para el ensamble de cortinas, persianas y toldos en la localidad de Villa Martelli, provincia de Buenos Aires. Todos sus procesos est\u00e1n estandarizados y certificados por las Normas ISO 9000. A trav\u00e9s de su amplia red de distribuidores, la empresa comercializa sus dos l\u00edneas de productos: WindowStyling: cortinas, persianas y toldos. Productos arquitect\u00f3nicos: cielorrasos met\u00e1licos, cielorrasos de fibra mineral, fachadas ventiladas NBK y paneles transl\u00facidos 3Form. A partir de la adquisici\u00f3n de la empresa Phonex, HunterDouglas Argentina comienza una nueva etapa de fabricaci\u00f3n nacional de productos arquitect\u00f3nicos.<\/p>\n\n<div style=\"font-size: 0px; height: 0px; line-height: 0px; margin: 0; padding: 0; clear: both;\"><\/div><div style=\"margin-top: 0px; margin-bottom: 0px;\" class=\"sharethis-inline-share-buttons\" ><\/div>","protected":false},"excerpt":{"rendered":"<p>Las cortinas contribuyen a mantener los ambientes c\u00e1lidos en invierno y frescos en verano&#8230;<\/p>\n","protected":false},"author":1,"featured_media":16606,"comment_status":"closed","ping_status":"closed","sticky":false,"template":"","format":"standard","meta":{"_uag_custom_page_level_css":"","footnotes":""},"categories":[55,56],"tags":[42,134,132,133,135,136],"class_list":["post-16605","post","type-post","status-publish","format-standard","has-post-thumbnail","hentry","category-diseno","category-diseno-interior-decoracion","tag-ahorro-energetico","tag-architella","tag-cortinas","tag-duette","tag-hunter-douglas","tag-luxaflex","generate-columns","tablet-grid-50","mobile-grid-100","grid-parent","grid-50"],"yoast_head":"<!-- This site is optimized with the Yoast SEO plugin v27.3 - https:\/\/yoast.com\/product\/yoast-seo-wordpress\/ -->\n<title>Cortinas Duette\u00ae Architella\u00ae, dise\u00f1o y ahorro de energ\u00eda - Arquimaster<\/title>\n<meta name=\"robots\" content=\"index, follow, max-snippet:-1, max-image-preview:large, max-video-preview:-1\" \/>\n<link rel=\"canonical\" href=\"https:\/\/www.arquimaster.com.ar\/web\/cortinas-duette-architella-diseno-y-ahorro-de-energia\/\" \/>\n<meta property=\"og:locale\" content=\"es_ES\" \/>\n<meta property=\"og:type\" content=\"article\" \/>\n<meta property=\"og:title\" content=\"Cortinas Duette\u00ae Architella\u00ae, dise\u00f1o y ahorro de energ\u00eda - Arquimaster\" \/>\n<meta property=\"og:description\" content=\"Las cortinas contribuyen a mantener los ambientes c\u00e1lidos en invierno y frescos en verano...\" \/>\n<meta property=\"og:url\" content=\"https:\/\/www.arquimaster.com.ar\/web\/cortinas-duette-architella-diseno-y-ahorro-de-energia\/\" \/>\n<meta property=\"og:site_name\" content=\"Arquimaster\" \/>\n<meta property=\"article:publisher\" content=\"http:\/\/www.facebook.com\/ARQUIMASTER.com.ar\" \/>\n<meta property=\"article:published_time\" content=\"2015-08-01T16:00:25+00:00\" \/>\n<meta property=\"article:modified_time\" content=\"2025-10-26T01:01:52+00:00\" \/>\n<meta property=\"og:image\" content=\"https:\/\/www.arquimaster.com.ar\/web\/wp-content\/uploads\/2015\/08\/cortinas_duette_architella_slide.jpg\" \/>\n\t<meta property=\"og:image:width\" content=\"642\" \/>\n\t<meta property=\"og:image:height\" content=\"336\" \/>\n\t<meta property=\"og:image:type\" content=\"image\/jpeg\" \/>\n<meta name=\"author\" content=\"Arquimaster\" \/>\n<meta name=\"twitter:card\" content=\"summary_large_image\" \/>\n<meta name=\"twitter:creator\" content=\"@arquimaster\" \/>\n<meta name=\"twitter:site\" content=\"@arquimaster\" \/>\n<meta name=\"twitter:label1\" content=\"Escrito por\" \/>\n\t<meta name=\"twitter:data1\" content=\"Arquimaster\" \/>\n\t<meta name=\"twitter:label2\" content=\"Tiempo de lectura\" \/>\n\t<meta name=\"twitter:data2\" content=\"3 minutos\" \/>\n<script type=\"application\/ld+json\" class=\"yoast-schema-graph\">{\"@context\":\"https:\\\/\\\/schema.org\",\"@graph\":[{\"@type\":\"Article\",\"@id\":\"https:\\\/\\\/www.arquimaster.com.ar\\\/web\\\/cortinas-duette-architella-diseno-y-ahorro-de-energia\\\/#article\",\"isPartOf\":{\"@id\":\"https:\\\/\\\/www.arquimaster.com.ar\\\/web\\\/cortinas-duette-architella-diseno-y-ahorro-de-energia\\\/\"},\"author\":{\"name\":\"Arquimaster\",\"@id\":\"https:\\\/\\\/www.arquimaster.com.ar\\\/web\\\/#\\\/schema\\\/person\\\/359e9f7c00193fcde068e0dd2ceb0028\"},\"headline\":\"Cortinas Duette\u00ae Architella\u00ae, dise\u00f1o y ahorro de energ\u00eda\",\"datePublished\":\"2015-08-01T16:00:25+00:00\",\"dateModified\":\"2025-10-26T01:01:52+00:00\",\"mainEntityOfPage\":{\"@id\":\"https:\\\/\\\/www.arquimaster.com.ar\\\/web\\\/cortinas-duette-architella-diseno-y-ahorro-de-energia\\\/\"},\"wordCount\":469,\"publisher\":{\"@id\":\"https:\\\/\\\/www.arquimaster.com.ar\\\/web\\\/#organization\"},\"image\":{\"@id\":\"https:\\\/\\\/www.arquimaster.com.ar\\\/web\\\/cortinas-duette-architella-diseno-y-ahorro-de-energia\\\/#primaryimage\"},\"thumbnailUrl\":\"https:\\\/\\\/www.arquimaster.com.ar\\\/web\\\/wp-content\\\/uploads\\\/2015\\\/08\\\/cortinas_duette_architella_slide.jpg\",\"keywords\":[\"ahorro energetico\",\"Architella\",\"cortinas\",\"Duette\",\"Hunter Douglas\",\"Luxaflex\"],\"articleSection\":[\"Dise\u00f1o\",\"Dise\u00f1o interior y decoracion\"],\"inLanguage\":\"es\"},{\"@type\":\"WebPage\",\"@id\":\"https:\\\/\\\/www.arquimaster.com.ar\\\/web\\\/cortinas-duette-architella-diseno-y-ahorro-de-energia\\\/\",\"url\":\"https:\\\/\\\/www.arquimaster.com.ar\\\/web\\\/cortinas-duette-architella-diseno-y-ahorro-de-energia\\\/\",\"name\":\"Cortinas Duette\u00ae Architella\u00ae, dise\u00f1o y ahorro de energ\u00eda - Arquimaster\",\"isPartOf\":{\"@id\":\"https:\\\/\\\/www.arquimaster.com.ar\\\/web\\\/#website\"},\"primaryImageOfPage\":{\"@id\":\"https:\\\/\\\/www.arquimaster.com.ar\\\/web\\\/cortinas-duette-architella-diseno-y-ahorro-de-energia\\\/#primaryimage\"},\"image\":{\"@id\":\"https:\\\/\\\/www.arquimaster.com.ar\\\/web\\\/cortinas-duette-architella-diseno-y-ahorro-de-energia\\\/#primaryimage\"},\"thumbnailUrl\":\"https:\\\/\\\/www.arquimaster.com.ar\\\/web\\\/wp-content\\\/uploads\\\/2015\\\/08\\\/cortinas_duette_architella_slide.jpg\",\"datePublished\":\"2015-08-01T16:00:25+00:00\",\"dateModified\":\"2025-10-26T01:01:52+00:00\",\"breadcrumb\":{\"@id\":\"https:\\\/\\\/www.arquimaster.com.ar\\\/web\\\/cortinas-duette-architella-diseno-y-ahorro-de-energia\\\/#breadcrumb\"},\"inLanguage\":\"es\",\"potentialAction\":[{\"@type\":\"ReadAction\",\"target\":[\"https:\\\/\\\/www.arquimaster.com.ar\\\/web\\\/cortinas-duette-architella-diseno-y-ahorro-de-energia\\\/\"]}]},{\"@type\":\"ImageObject\",\"inLanguage\":\"es\",\"@id\":\"https:\\\/\\\/www.arquimaster.com.ar\\\/web\\\/cortinas-duette-architella-diseno-y-ahorro-de-energia\\\/#primaryimage\",\"url\":\"https:\\\/\\\/www.arquimaster.com.ar\\\/web\\\/wp-content\\\/uploads\\\/2015\\\/08\\\/cortinas_duette_architella_slide.jpg\",\"contentUrl\":\"https:\\\/\\\/www.arquimaster.com.ar\\\/web\\\/wp-content\\\/uploads\\\/2015\\\/08\\\/cortinas_duette_architella_slide.jpg\",\"width\":642,\"height\":336},{\"@type\":\"BreadcrumbList\",\"@id\":\"https:\\\/\\\/www.arquimaster.com.ar\\\/web\\\/cortinas-duette-architella-diseno-y-ahorro-de-energia\\\/#breadcrumb\",\"itemListElement\":[{\"@type\":\"ListItem\",\"position\":1,\"name\":\"Portada\",\"item\":\"https:\\\/\\\/www.arquimaster.com.ar\\\/web\\\/\"},{\"@type\":\"ListItem\",\"position\":2,\"name\":\"Cortinas Duette\u00ae Architella\u00ae, dise\u00f1o y ahorro de energ\u00eda\"}]},{\"@type\":\"WebSite\",\"@id\":\"https:\\\/\\\/www.arquimaster.com.ar\\\/web\\\/#website\",\"url\":\"https:\\\/\\\/www.arquimaster.com.ar\\\/web\\\/\",\"name\":\"Arquimaster\",\"description\":\"Web de arquitectura, dise\u00f1o y construccion\",\"publisher\":{\"@id\":\"https:\\\/\\\/www.arquimaster.com.ar\\\/web\\\/#organization\"},\"potentialAction\":[{\"@type\":\"SearchAction\",\"target\":{\"@type\":\"EntryPoint\",\"urlTemplate\":\"https:\\\/\\\/www.arquimaster.com.ar\\\/web\\\/?s={search_term_string}\"},\"query-input\":{\"@type\":\"PropertyValueSpecification\",\"valueRequired\":true,\"valueName\":\"search_term_string\"}}],\"inLanguage\":\"es\"},{\"@type\":\"Organization\",\"@id\":\"https:\\\/\\\/www.arquimaster.com.ar\\\/web\\\/#organization\",\"name\":\"Arquimaster\",\"url\":\"https:\\\/\\\/www.arquimaster.com.ar\\\/web\\\/\",\"logo\":{\"@type\":\"ImageObject\",\"inLanguage\":\"es\",\"@id\":\"https:\\\/\\\/www.arquimaster.com.ar\\\/web\\\/#\\\/schema\\\/logo\\\/image\\\/\",\"url\":\"https:\\\/\\\/www.arquimaster.com.ar\\\/web\\\/wp-content\\\/uploads\\\/2022\\\/06\\\/arquimaster.png\",\"contentUrl\":\"https:\\\/\\\/www.arquimaster.com.ar\\\/web\\\/wp-content\\\/uploads\\\/2022\\\/06\\\/arquimaster.png\",\"width\":594,\"height\":78,\"caption\":\"Arquimaster\"},\"image\":{\"@id\":\"https:\\\/\\\/www.arquimaster.com.ar\\\/web\\\/#\\\/schema\\\/logo\\\/image\\\/\"},\"sameAs\":[\"http:\\\/\\\/www.facebook.com\\\/ARQUIMASTER.com.ar\",\"https:\\\/\\\/x.com\\\/arquimaster\",\"https:\\\/\\\/www.instagram.com\\\/arquimasterblog\\\/\",\"https:\\\/\\\/www.linkedin.com\\\/company\\\/arquimaster\",\"https:\\\/\\\/www.pinterest.com\\\/arquimaster\",\"https:\\\/\\\/t.me\\\/arquimaster\"]},{\"@type\":\"Person\",\"@id\":\"https:\\\/\\\/www.arquimaster.com.ar\\\/web\\\/#\\\/schema\\\/person\\\/359e9f7c00193fcde068e0dd2ceb0028\",\"name\":\"Arquimaster\"}]}<\/script>\n<!-- \/ Yoast SEO plugin. -->","yoast_head_json":{"title":"Cortinas Duette\u00ae Architella\u00ae, dise\u00f1o y ahorro de energ\u00eda - Arquimaster","robots":{"index":"index","follow":"follow","max-snippet":"max-snippet:-1","max-image-preview":"max-image-preview:large","max-video-preview":"max-video-preview:-1"},"canonical":"https:\/\/www.arquimaster.com.ar\/web\/cortinas-duette-architella-diseno-y-ahorro-de-energia\/","og_locale":"es_ES","og_type":"article","og_title":"Cortinas Duette\u00ae Architella\u00ae, dise\u00f1o y ahorro de energ\u00eda - Arquimaster","og_description":"Las cortinas contribuyen a mantener los ambientes c\u00e1lidos en invierno y frescos en verano...","og_url":"https:\/\/www.arquimaster.com.ar\/web\/cortinas-duette-architella-diseno-y-ahorro-de-energia\/","og_site_name":"Arquimaster","article_publisher":"http:\/\/www.facebook.com\/ARQUIMASTER.com.ar","article_published_time":"2015-08-01T16:00:25+00:00","article_modified_time":"2025-10-26T01:01:52+00:00","og_image":[{"width":642,"height":336,"url":"https:\/\/www.arquimaster.com.ar\/web\/wp-content\/uploads\/2015\/08\/cortinas_duette_architella_slide.jpg","type":"image\/jpeg"}],"author":"Arquimaster","twitter_card":"summary_large_image","twitter_creator":"@arquimaster","twitter_site":"@arquimaster","twitter_misc":{"Escrito por":"Arquimaster","Tiempo de lectura":"3 minutos"},"schema":{"@context":"https:\/\/schema.org","@graph":[{"@type":"Article","@id":"https:\/\/www.arquimaster.com.ar\/web\/cortinas-duette-architella-diseno-y-ahorro-de-energia\/#article","isPartOf":{"@id":"https:\/\/www.arquimaster.com.ar\/web\/cortinas-duette-architella-diseno-y-ahorro-de-energia\/"},"author":{"name":"Arquimaster","@id":"https:\/\/www.arquimaster.com.ar\/web\/#\/schema\/person\/359e9f7c00193fcde068e0dd2ceb0028"},"headline":"Cortinas Duette\u00ae Architella\u00ae, dise\u00f1o y ahorro de energ\u00eda","datePublished":"2015-08-01T16:00:25+00:00","dateModified":"2025-10-26T01:01:52+00:00","mainEntityOfPage":{"@id":"https:\/\/www.arquimaster.com.ar\/web\/cortinas-duette-architella-diseno-y-ahorro-de-energia\/"},"wordCount":469,"publisher":{"@id":"https:\/\/www.arquimaster.com.ar\/web\/#organization"},"image":{"@id":"https:\/\/www.arquimaster.com.ar\/web\/cortinas-duette-architella-diseno-y-ahorro-de-energia\/#primaryimage"},"thumbnailUrl":"https:\/\/www.arquimaster.com.ar\/web\/wp-content\/uploads\/2015\/08\/cortinas_duette_architella_slide.jpg","keywords":["ahorro energetico","Architella","cortinas","Duette","Hunter Douglas","Luxaflex"],"articleSection":["Dise\u00f1o","Dise\u00f1o interior y decoracion"],"inLanguage":"es"},{"@type":"WebPage","@id":"https:\/\/www.arquimaster.com.ar\/web\/cortinas-duette-architella-diseno-y-ahorro-de-energia\/","url":"https:\/\/www.arquimaster.com.ar\/web\/cortinas-duette-architella-diseno-y-ahorro-de-energia\/","name":"Cortinas Duette\u00ae Architella\u00ae, dise\u00f1o y ahorro de energ\u00eda - Arquimaster","isPartOf":{"@id":"https:\/\/www.arquimaster.com.ar\/web\/#website"},"primaryImageOfPage":{"@id":"https:\/\/www.arquimaster.com.ar\/web\/cortinas-duette-architella-diseno-y-ahorro-de-energia\/#primaryimage"},"image":{"@id":"https:\/\/www.arquimaster.com.ar\/web\/cortinas-duette-architella-diseno-y-ahorro-de-energia\/#primaryimage"},"thumbnailUrl":"https:\/\/www.arquimaster.com.ar\/web\/wp-content\/uploads\/2015\/08\/cortinas_duette_architella_slide.jpg","datePublished":"2015-08-01T16:00:25+00:00","dateModified":"2025-10-26T01:01:52+00:00","breadcrumb":{"@id":"https:\/\/www.arquimaster.com.ar\/web\/cortinas-duette-architella-diseno-y-ahorro-de-energia\/#breadcrumb"},"inLanguage":"es","potentialAction":[{"@type":"ReadAction","target":["https:\/\/www.arquimaster.com.ar\/web\/cortinas-duette-architella-diseno-y-ahorro-de-energia\/"]}]},{"@type":"ImageObject","inLanguage":"es","@id":"https:\/\/www.arquimaster.com.ar\/web\/cortinas-duette-architella-diseno-y-ahorro-de-energia\/#primaryimage","url":"https:\/\/www.arquimaster.com.ar\/web\/wp-content\/uploads\/2015\/08\/cortinas_duette_architella_slide.jpg","contentUrl":"https:\/\/www.arquimaster.com.ar\/web\/wp-content\/uploads\/2015\/08\/cortinas_duette_architella_slide.jpg","width":642,"height":336},{"@type":"BreadcrumbList","@id":"https:\/\/www.arquimaster.com.ar\/web\/cortinas-duette-architella-diseno-y-ahorro-de-energia\/#breadcrumb","itemListElement":[{"@type":"ListItem","position":1,"name":"Portada","item":"https:\/\/www.arquimaster.com.ar\/web\/"},{"@type":"ListItem","position":2,"name":"Cortinas Duette\u00ae Architella\u00ae, dise\u00f1o y ahorro de energ\u00eda"}]},{"@type":"WebSite","@id":"https:\/\/www.arquimaster.com.ar\/web\/#website","url":"https:\/\/www.arquimaster.com.ar\/web\/","name":"Arquimaster","description":"Web de arquitectura, dise\u00f1o y construccion","publisher":{"@id":"https:\/\/www.arquimaster.com.ar\/web\/#organization"},"potentialAction":[{"@type":"SearchAction","target":{"@type":"EntryPoint","urlTemplate":"https:\/\/www.arquimaster.com.ar\/web\/?s={search_term_string}"},"query-input":{"@type":"PropertyValueSpecification","valueRequired":true,"valueName":"search_term_string"}}],"inLanguage":"es"},{"@type":"Organization","@id":"https:\/\/www.arquimaster.com.ar\/web\/#organization","name":"Arquimaster","url":"https:\/\/www.arquimaster.com.ar\/web\/","logo":{"@type":"ImageObject","inLanguage":"es","@id":"https:\/\/www.arquimaster.com.ar\/web\/#\/schema\/logo\/image\/","url":"https:\/\/www.arquimaster.com.ar\/web\/wp-content\/uploads\/2022\/06\/arquimaster.png","contentUrl":"https:\/\/www.arquimaster.com.ar\/web\/wp-content\/uploads\/2022\/06\/arquimaster.png","width":594,"height":78,"caption":"Arquimaster"},"image":{"@id":"https:\/\/www.arquimaster.com.ar\/web\/#\/schema\/logo\/image\/"},"sameAs":["http:\/\/www.facebook.com\/ARQUIMASTER.com.ar","https:\/\/x.com\/arquimaster","https:\/\/www.instagram.com\/arquimasterblog\/","https:\/\/www.linkedin.com\/company\/arquimaster","https:\/\/www.pinterest.com\/arquimaster","https:\/\/t.me\/arquimaster"]},{"@type":"Person","@id":"https:\/\/www.arquimaster.com.ar\/web\/#\/schema\/person\/359e9f7c00193fcde068e0dd2ceb0028","name":"Arquimaster"}]}},"uagb_featured_image_src":{"full":["https:\/\/www.arquimaster.com.ar\/web\/wp-content\/uploads\/2015\/08\/cortinas_duette_architella_slide.jpg",642,336,false],"thumbnail":["https:\/\/www.arquimaster.com.ar\/web\/wp-content\/uploads\/2015\/08\/cortinas_duette_architella_slide-150x150.jpg",150,150,true],"medium":["https:\/\/www.arquimaster.com.ar\/web\/wp-content\/uploads\/2015\/08\/cortinas_duette_architella_slide.jpg",642,336,false],"medium_large":["https:\/\/www.arquimaster.com.ar\/web\/wp-content\/uploads\/2015\/08\/cortinas_duette_architella_slide.jpg",642,336,false],"large":["https:\/\/www.arquimaster.com.ar\/web\/wp-content\/uploads\/2015\/08\/cortinas_duette_architella_slide.jpg",642,336,false],"1536x1536":["https:\/\/www.arquimaster.com.ar\/web\/wp-content\/uploads\/2015\/08\/cortinas_duette_architella_slide.jpg",642,336,false],"2048x2048":["https:\/\/www.arquimaster.com.ar\/web\/wp-content\/uploads\/2015\/08\/cortinas_duette_architella_slide.jpg",642,336,false]},"uagb_author_info":{"display_name":"Arquimaster","author_link":"https:\/\/www.arquimaster.com.ar\/web\/author\/arquimaster\/"},"uagb_comment_info":0,"uagb_excerpt":"Las cortinas contribuyen a mantener los ambientes c\u00e1lidos en invierno y frescos en verano...","_links":{"self":[{"href":"https:\/\/www.arquimaster.com.ar\/web\/wp-json\/wp\/v2\/posts\/16605","targetHints":{"allow":["GET"]}}],"collection":[{"href":"https:\/\/www.arquimaster.com.ar\/web\/wp-json\/wp\/v2\/posts"}],"about":[{"href":"https:\/\/www.arquimaster.com.ar\/web\/wp-json\/wp\/v2\/types\/post"}],"author":[{"embeddable":true,"href":"https:\/\/www.arquimaster.com.ar\/web\/wp-json\/wp\/v2\/users\/1"}],"replies":[{"embeddable":true,"href":"https:\/\/www.arquimaster.com.ar\/web\/wp-json\/wp\/v2\/comments?post=16605"}],"version-history":[{"count":1,"href":"https:\/\/www.arquimaster.com.ar\/web\/wp-json\/wp\/v2\/posts\/16605\/revisions"}],"predecessor-version":[{"id":86460,"href":"https:\/\/www.arquimaster.com.ar\/web\/wp-json\/wp\/v2\/posts\/16605\/revisions\/86460"}],"wp:featuredmedia":[{"embeddable":true,"href":"https:\/\/www.arquimaster.com.ar\/web\/wp-json\/wp\/v2\/media\/16606"}],"wp:attachment":[{"href":"https:\/\/www.arquimaster.com.ar\/web\/wp-json\/wp\/v2\/media?parent=16605"}],"wp:term":[{"taxonomy":"category","embeddable":true,"href":"https:\/\/www.arquimaster.com.ar\/web\/wp-json\/wp\/v2\/categories?post=16605"},{"taxonomy":"post_tag","embeddable":true,"href":"https:\/\/www.arquimaster.com.ar\/web\/wp-json\/wp\/v2\/tags?post=16605"}],"curies":[{"name":"wp","href":"https:\/\/api.w.org\/{rel}","templated":true}]}}