{"id":16620,"date":"2015-08-02T15:00:43","date_gmt":"2015-08-02T15:00:43","guid":{"rendered":"http:\/\/www.arquimaster.com.ar\/web\/?p=16620"},"modified":"2025-10-25T21:59:21","modified_gmt":"2025-10-26T00:59:21","slug":"art-deco-inedito-de-nuestra-patagonia-argentina","status":"publish","type":"post","link":"https:\/\/www.arquimaster.com.ar\/web\/art-deco-inedito-de-nuestra-patagonia-argentina\/","title":{"rendered":"Art Deco inedito de nuestra Patagonia Argentina"},"content":{"rendered":"<div style=\"margin-top: 0px; margin-bottom: 0px;\" class=\"sharethis-inline-share-buttons\" ><\/div><div class=\"b812932af2e751442846f039925109de\" data-index=\"1\" style=\"float: none; margin:25px 0 25px 0; text-align:center;\">\n<script async src=\"https:\/\/pagead2.googlesyndication.com\/pagead\/js\/adsbygoogle.js\"><\/script>\r\n<!-- Arquimaster (superior) -->\r\n<ins class=\"adsbygoogle\"\r\n     style=\"display:block\"\r\n     data-ad-client=\"ca-pub-6351072698456832\"\r\n     data-ad-slot=\"6455489680\"\r\n     data-ad-format=\"auto\"\r\n     data-full-width-responsive=\"true\"><\/ins>\r\n<script>\r\n     (adsbygoogle = window.adsbygoogle || []).push({});\r\n<\/script>\n<\/div>\n<p>Contando con la Declaraci\u00f3n de Inter\u00e9s Tur\u00edstico del Ministerio de Turismo de la Naci\u00f3n, el aval de la Secretaria de Cultura de la Provincia de Chubut, la declaraci\u00f3n de inter\u00e9s Urbano, Cultural y Tur\u00edstico de la Municipalidad de Puerto Madryn, AdbA realizo el Relevamiento y la Presentaci\u00f3n del Art Deco mas in\u00e9dito del Continente y del Mundo a bordo del Regina Australe, para dar luz a los habitantes de la Comarca Chubutense y entusiasmarlos a presentarse en el Concurso de Fotografias Art Deco y Racionalismo de Argentina Edicion 2015.<\/p>\n<div id='gallery-1' class='gallery galleryid-16620 gallery-columns-3 gallery-size-thumbnail'><figure class='gallery-item'>\n\t\t\t<div class='gallery-icon landscape'>\n\t\t\t\t<a href='https:\/\/www.arquimaster.com.ar\/web\/wp-content\/uploads\/2015\/08\/art_deco_patagonia1.jpg' title=\"Art Deco inedito de nuestra Patagonia Argentina\" data-rl_title=\"Art Deco inedito de nuestra Patagonia Argentina\" class=\"rl-gallery-link\" data-rl_caption=\"Art Deco inedito de nuestra Patagonia Argentina\" data-rel=\"lightbox-gallery-1\"><img loading=\"lazy\" decoding=\"async\" width=\"150\" height=\"150\" src=\"https:\/\/www.arquimaster.com.ar\/web\/wp-content\/uploads\/2015\/08\/art_deco_patagonia1-150x150.jpg\" class=\"attachment-thumbnail size-thumbnail\" alt=\"\" aria-describedby=\"gallery-1-16622\" srcset=\"https:\/\/www.arquimaster.com.ar\/web\/wp-content\/uploads\/2015\/08\/art_deco_patagonia1-150x150.jpg 150w, https:\/\/www.arquimaster.com.ar\/web\/wp-content\/uploads\/2015\/08\/art_deco_patagonia1-50x50.jpg 50w, https:\/\/www.arquimaster.com.ar\/web\/wp-content\/uploads\/2015\/08\/art_deco_patagonia1-125x125.jpg 125w\" sizes=\"auto, (max-width: 150px) 100vw, 150px\" \/><\/a>\n\t\t\t<\/div>\n\t\t\t\t<figcaption class='wp-caption-text gallery-caption' id='gallery-1-16622'>\n\t\t\t\tArt Deco inedito de nuestra Patagonia Argentina\n\t\t\t\t<\/figcaption><\/figure><figure class='gallery-item'>\n\t\t\t<div class='gallery-icon landscape'>\n\t\t\t\t<a href='https:\/\/www.arquimaster.com.ar\/web\/wp-content\/uploads\/2015\/08\/art_deco_patagonia3.jpg' title=\"Art Deco inedito de nuestra Patagonia Argentina\" data-rl_title=\"Art Deco inedito de nuestra Patagonia Argentina\" class=\"rl-gallery-link\" data-rl_caption=\"Art Deco inedito de nuestra Patagonia Argentina\" data-rel=\"lightbox-gallery-1\"><img loading=\"lazy\" decoding=\"async\" width=\"150\" height=\"150\" src=\"https:\/\/www.arquimaster.com.ar\/web\/wp-content\/uploads\/2015\/08\/art_deco_patagonia3-150x150.jpg\" class=\"attachment-thumbnail size-thumbnail\" alt=\"\" aria-describedby=\"gallery-1-16624\" srcset=\"https:\/\/www.arquimaster.com.ar\/web\/wp-content\/uploads\/2015\/08\/art_deco_patagonia3-150x150.jpg 150w, https:\/\/www.arquimaster.com.ar\/web\/wp-content\/uploads\/2015\/08\/art_deco_patagonia3-50x50.jpg 50w, https:\/\/www.arquimaster.com.ar\/web\/wp-content\/uploads\/2015\/08\/art_deco_patagonia3-125x125.jpg 125w\" sizes=\"auto, (max-width: 150px) 100vw, 150px\" \/><\/a>\n\t\t\t<\/div>\n\t\t\t\t<figcaption class='wp-caption-text gallery-caption' id='gallery-1-16624'>\n\t\t\t\tArt Deco inedito de nuestra Patagonia Argentina\n\t\t\t\t<\/figcaption><\/figure><figure class='gallery-item'>\n\t\t\t<div class='gallery-icon landscape'>\n\t\t\t\t<a href='https:\/\/www.arquimaster.com.ar\/web\/wp-content\/uploads\/2015\/08\/art_deco_patagonia5.jpg' title=\"Art Deco inedito de nuestra Patagonia Argentina\" data-rl_title=\"Art Deco inedito de nuestra Patagonia Argentina\" class=\"rl-gallery-link\" data-rl_caption=\"Art Deco inedito de nuestra Patagonia Argentina\" data-rel=\"lightbox-gallery-1\"><img loading=\"lazy\" decoding=\"async\" width=\"150\" height=\"150\" src=\"https:\/\/www.arquimaster.com.ar\/web\/wp-content\/uploads\/2015\/08\/art_deco_patagonia5-150x150.jpg\" class=\"attachment-thumbnail size-thumbnail\" alt=\"\" aria-describedby=\"gallery-1-16626\" srcset=\"https:\/\/www.arquimaster.com.ar\/web\/wp-content\/uploads\/2015\/08\/art_deco_patagonia5-150x150.jpg 150w, https:\/\/www.arquimaster.com.ar\/web\/wp-content\/uploads\/2015\/08\/art_deco_patagonia5-50x50.jpg 50w, https:\/\/www.arquimaster.com.ar\/web\/wp-content\/uploads\/2015\/08\/art_deco_patagonia5-125x125.jpg 125w\" sizes=\"auto, (max-width: 150px) 100vw, 150px\" \/><\/a>\n\t\t\t<\/div>\n\t\t\t\t<figcaption class='wp-caption-text gallery-caption' id='gallery-1-16626'>\n\t\t\t\tArt Deco inedito de nuestra Patagonia Argentina\n\t\t\t\t<\/figcaption><\/figure><figure class='gallery-item'>\n\t\t\t<div class='gallery-icon landscape'>\n\t\t\t\t<a href='https:\/\/www.arquimaster.com.ar\/web\/wp-content\/uploads\/2015\/08\/art_deco_patagonia2.jpg' title=\"Art Deco inedito de nuestra Patagonia Argentina\" data-rl_title=\"Art Deco inedito de nuestra Patagonia Argentina\" class=\"rl-gallery-link\" data-rl_caption=\"Art Deco inedito de nuestra Patagonia Argentina\" data-rel=\"lightbox-gallery-1\"><img loading=\"lazy\" decoding=\"async\" width=\"150\" height=\"150\" src=\"https:\/\/www.arquimaster.com.ar\/web\/wp-content\/uploads\/2015\/08\/art_deco_patagonia2-150x150.jpg\" class=\"attachment-thumbnail size-thumbnail\" alt=\"\" aria-describedby=\"gallery-1-16623\" srcset=\"https:\/\/www.arquimaster.com.ar\/web\/wp-content\/uploads\/2015\/08\/art_deco_patagonia2-150x150.jpg 150w, https:\/\/www.arquimaster.com.ar\/web\/wp-content\/uploads\/2015\/08\/art_deco_patagonia2-50x50.jpg 50w, https:\/\/www.arquimaster.com.ar\/web\/wp-content\/uploads\/2015\/08\/art_deco_patagonia2-125x125.jpg 125w\" sizes=\"auto, (max-width: 150px) 100vw, 150px\" \/><\/a>\n\t\t\t<\/div>\n\t\t\t\t<figcaption class='wp-caption-text gallery-caption' id='gallery-1-16623'>\n\t\t\t\tArt Deco inedito de nuestra Patagonia Argentina\n\t\t\t\t<\/figcaption><\/figure><figure class='gallery-item'>\n\t\t\t<div class='gallery-icon landscape'>\n\t\t\t\t<a href='https:\/\/www.arquimaster.com.ar\/web\/wp-content\/uploads\/2015\/08\/art_deco_patagonia4.jpg' title=\"Art Deco inedito de nuestra Patagonia Argentina\" data-rl_title=\"Art Deco inedito de nuestra Patagonia Argentina\" class=\"rl-gallery-link\" data-rl_caption=\"Art Deco inedito de nuestra Patagonia Argentina\" data-rel=\"lightbox-gallery-1\"><img loading=\"lazy\" decoding=\"async\" width=\"150\" height=\"150\" src=\"https:\/\/www.arquimaster.com.ar\/web\/wp-content\/uploads\/2015\/08\/art_deco_patagonia4-150x150.jpg\" class=\"attachment-thumbnail size-thumbnail\" alt=\"\" aria-describedby=\"gallery-1-16625\" srcset=\"https:\/\/www.arquimaster.com.ar\/web\/wp-content\/uploads\/2015\/08\/art_deco_patagonia4-150x150.jpg 150w, https:\/\/www.arquimaster.com.ar\/web\/wp-content\/uploads\/2015\/08\/art_deco_patagonia4-50x50.jpg 50w, https:\/\/www.arquimaster.com.ar\/web\/wp-content\/uploads\/2015\/08\/art_deco_patagonia4-125x125.jpg 125w\" sizes=\"auto, (max-width: 150px) 100vw, 150px\" \/><\/a>\n\t\t\t<\/div>\n\t\t\t\t<figcaption class='wp-caption-text gallery-caption' id='gallery-1-16625'>\n\t\t\t\tArt Deco inedito de nuestra Patagonia Argentina\n\t\t\t\t<\/figcaption><\/figure><figure class='gallery-item'>\n\t\t\t<div class='gallery-icon landscape'>\n\t\t\t\t<a href='https:\/\/www.arquimaster.com.ar\/web\/wp-content\/uploads\/2015\/08\/art_deco_patagonia6.jpg' title=\"Art Deco inedito de nuestra Patagonia Argentina\" data-rl_title=\"Art Deco inedito de nuestra Patagonia Argentina\" class=\"rl-gallery-link\" data-rl_caption=\"Art Deco inedito de nuestra Patagonia Argentina\" data-rel=\"lightbox-gallery-1\"><img loading=\"lazy\" decoding=\"async\" width=\"150\" height=\"150\" src=\"https:\/\/www.arquimaster.com.ar\/web\/wp-content\/uploads\/2015\/08\/art_deco_patagonia6-150x150.jpg\" class=\"attachment-thumbnail size-thumbnail\" alt=\"\" aria-describedby=\"gallery-1-16627\" srcset=\"https:\/\/www.arquimaster.com.ar\/web\/wp-content\/uploads\/2015\/08\/art_deco_patagonia6-150x150.jpg 150w, https:\/\/www.arquimaster.com.ar\/web\/wp-content\/uploads\/2015\/08\/art_deco_patagonia6-50x50.jpg 50w, https:\/\/www.arquimaster.com.ar\/web\/wp-content\/uploads\/2015\/08\/art_deco_patagonia6-125x125.jpg 125w\" sizes=\"auto, (max-width: 150px) 100vw, 150px\" \/><\/a>\n\t\t\t<\/div>\n\t\t\t\t<figcaption class='wp-caption-text gallery-caption' id='gallery-1-16627'>\n\t\t\t\tArt Deco inedito de nuestra Patagonia Argentina\n\t\t\t\t<\/figcaption><\/figure><figure class='gallery-item'>\n\t\t\t<div class='gallery-icon landscape'>\n\t\t\t\t<a href='https:\/\/www.arquimaster.com.ar\/web\/wp-content\/uploads\/2015\/08\/art_deco_patagonia7.jpg' title=\"Art Deco inedito de nuestra Patagonia Argentina\" data-rl_title=\"Art Deco inedito de nuestra Patagonia Argentina\" class=\"rl-gallery-link\" data-rl_caption=\"Art Deco inedito de nuestra Patagonia Argentina\" data-rel=\"lightbox-gallery-1\"><img loading=\"lazy\" decoding=\"async\" width=\"150\" height=\"150\" src=\"https:\/\/www.arquimaster.com.ar\/web\/wp-content\/uploads\/2015\/08\/art_deco_patagonia7-150x150.jpg\" class=\"attachment-thumbnail size-thumbnail\" alt=\"\" aria-describedby=\"gallery-1-16628\" srcset=\"https:\/\/www.arquimaster.com.ar\/web\/wp-content\/uploads\/2015\/08\/art_deco_patagonia7-150x150.jpg 150w, https:\/\/www.arquimaster.com.ar\/web\/wp-content\/uploads\/2015\/08\/art_deco_patagonia7-50x50.jpg 50w, https:\/\/www.arquimaster.com.ar\/web\/wp-content\/uploads\/2015\/08\/art_deco_patagonia7-125x125.jpg 125w\" sizes=\"auto, (max-width: 150px) 100vw, 150px\" \/><\/a>\n\t\t\t<\/div>\n\t\t\t\t<figcaption class='wp-caption-text gallery-caption' id='gallery-1-16628'>\n\t\t\t\tArt Deco inedito de nuestra Patagonia Argentina\n\t\t\t\t<\/figcaption><\/figure><figure class='gallery-item'>\n\t\t\t<div class='gallery-icon portrait'>\n\t\t\t\t<a href='https:\/\/www.arquimaster.com.ar\/web\/wp-content\/uploads\/2015\/08\/art_deco_patagonia8.jpg' title=\"Art Deco inedito de nuestra Patagonia Argentina\" data-rl_title=\"Art Deco inedito de nuestra Patagonia Argentina\" class=\"rl-gallery-link\" data-rl_caption=\"Art Deco inedito de nuestra Patagonia Argentina\" data-rel=\"lightbox-gallery-1\"><img loading=\"lazy\" decoding=\"async\" width=\"150\" height=\"150\" src=\"https:\/\/www.arquimaster.com.ar\/web\/wp-content\/uploads\/2015\/08\/art_deco_patagonia8-150x150.jpg\" class=\"attachment-thumbnail size-thumbnail\" alt=\"\" aria-describedby=\"gallery-1-16629\" srcset=\"https:\/\/www.arquimaster.com.ar\/web\/wp-content\/uploads\/2015\/08\/art_deco_patagonia8-150x150.jpg 150w, https:\/\/www.arquimaster.com.ar\/web\/wp-content\/uploads\/2015\/08\/art_deco_patagonia8-50x50.jpg 50w, https:\/\/www.arquimaster.com.ar\/web\/wp-content\/uploads\/2015\/08\/art_deco_patagonia8-125x125.jpg 125w\" sizes=\"auto, (max-width: 150px) 100vw, 150px\" \/><\/a>\n\t\t\t<\/div>\n\t\t\t\t<figcaption class='wp-caption-text gallery-caption' id='gallery-1-16629'>\n\t\t\t\tArt Deco inedito de nuestra Patagonia Argentina\n\t\t\t\t<\/figcaption><\/figure>\n\t\t<\/div>\n\n<p><strong>AdbA<\/strong> conjuntamente con el reconocimiento del Intendente de Puerto Madryn Ricardo Sastre durante el evento, entregaron a 16 vecinos un Diploma en reconocimiento y como agradecimiento por haber mantenido sus edificios en el mejor estado de conservaci\u00f3n del Estilo <strong>Art Deco<\/strong>.<\/p>\n<p>La Arquitecta <strong>Adriana Piastrellini<\/strong>, Fundadora y Presidente de AdbA, y su equipo AdbA Patagonia Argentina encabezado por Silvia Miranda de Comerci, ya esta trabajando con el reconocimiento a los vecinos. La Arquitecta propuso al Consejo Deliberante del Municipio de Puerto Madryn encabezado por el Ing Alejandro Pagani y el Arq. Gerardo Vega, promulgar una Ordenanza Municipal que otorgue una exenci\u00f3n impositiva a dichos vecinos en reconocimiento a sus esfuerzos por haber tenido el convencimiento y la voluntad de mantener la originalidad de estas piezas patrimoniales, las que hoy constituyen el <strong>Art Deco mas Austral del continente y del mundo<\/strong>. Tambi\u00e9n propuso al Secretario de Empleo Victor trabajar en funci\u00f3n de obtener lineas de apoyo para capacitaci\u00f3n en Restauraci\u00f3n con inserci\u00f3n laboral, colaborando en la restauracion y puesta en valor del patrimonio edilicio.<\/p>\n<p>Por otra parte Piastrellini durante el Evento, que se llevo a cabo el 29 de julio de 2015 en el Regina Australe en las aguas del Golfo Nuevo, entusiasm\u00f3 a la comunidad chubutense en su conjunto (Telew, Rawson, Madryn, Pir\u00e1mides, Esquel, Gaiman, Comodoro Rivadavia) a participar del Concurso de Fotograf\u00edas en marcha y explico el sentido solidario del Proyecto Patrimonio Accion Solidaria y de la subasta ben\u00e9fica a beneficio del Hospital de Ni\u00f1os Pedro Elizalde que tendra lugar el 4 de noviembre de 2015 en la sede del ACA Automovil Club Argentino en su sede de Libertador 1850, Ciudad de Buenos Aires, solicitando el apoyo al Colegio de Arquitectos de Chubut y autoridades del Municipio y Consejo Deliberante para establecer un Premio Especial a los participante de esta Regi\u00f3n mas Austral de nuestro Pa\u00eds: <strong>\u00abPremio AdbA Patagonia Argentina\u00bb<\/strong>.<\/p>\n<p>Agradeci\u00f3 a las autoridades, Secretario de Cultura de la Provincia de Chubut Claudio Dalc\u00f3, Intendente Ricardo Sastre, Antonio Torrej\u00f3n asesor del Ministerio de Turismo de la Naci\u00f3n, Concejales Arq. Vega de Puerto Madryn, Presidente del Colegio de Arquitectos de Chubut Arq. Fernando Carmona por su auspicio Institucional y al vicepresidente del Colegio de Arquitectos de Puerto Madryn por estar presente, Oscar Alberto Miranda Concejal UCR Trelew y de Pir\u00e1mides Fabian Gand\u00f3n, presentes Arq. Enrique Calvo Secretario de Espacios P\u00fablicos Municipio Puerto Madryn, Herman Muller Secretario de Turismo Municipio Puerto Madryn, Monica Rafael Secretaria de Cultura Municipio Puerto Madryn, Alicia Mannus; a los incondicionales amigos presentes y al grupo Jovenes Art Deco y colaboradores Arq. Romina Comerci y Cecilia Comerci, Maria Gracia Perez Brea, Magali Aranda, Pedro Eugenio Sanchez, Beatriz Genchi. Como tambi\u00e9n agradeci\u00f3 a los sponsors que acompa\u00f1aron el evento: Municipio de Puerto Madryn, Secretaria de Espacios P\u00fablicos, Turismo y Cultura, ACA Autom\u00f3vil Club Argentino Pir\u00e1mides, Casa de Te Ty Te Caerdydd de Gaiman de Miguel Mirantes, UMAMI, El Salon, Batavia, Regina Australe, Miiguel Almada, Thepuel, Buena Cepa, Bodega Perdices, Flia. Botazzi y especialmente a la Sra. Silvian Miranda de Comerci por su vocaci\u00f3n e incondicional apoyo personal a la Instituci\u00f3n AdbA.<\/p>\n<p>Tambi\u00e9n en su discurso Piastrellini los entusiasmo a formar parte del Encuentro Internacional de ICADS que se llevara a cabo en Shangai en noviembre de 2015 con la intenci\u00f3n de presentar un proyecto mixto entre Buenos aires y Puerto Madryn, mostrando las virtudes de la naturaleza que brinda el paisaje, el avistaje de ballenas, la gastronom\u00eda galesa y la calidez humana, mostrando que el Art Deco de Buenos Aires es glamuroso, imponente y traccionador, pero no termina en Buenos Aires, que Argentina no termina en Buenos Aires, que podemos estar hermanados por la Arquitectura, el Interiorismo, el Arte y el Patrimonio tangible e intangible que nos revela el Art Deco, para constituirnos en Sede del Encuentro AdbA-ICADS Internacional en 2019 y mostrar al mundo lo mejor de AdbA Buenos Aires Argentina, fueron las palabras emotivas de la Arq. <strong>Adriana Piastrellini<\/strong>.<\/p>\n\n<div style=\"font-size: 0px; height: 0px; line-height: 0px; margin: 0; padding: 0; clear: both;\"><\/div><div style=\"margin-top: 0px; margin-bottom: 0px;\" class=\"sharethis-inline-share-buttons\" ><\/div>","protected":false},"excerpt":{"rendered":"<p>Recocimiento y valorizacion del Art Deco mas Austral del continente y del mundo&#8230;<\/p>\n","protected":false},"author":1,"featured_media":16621,"comment_status":"closed","ping_status":"closed","sticky":false,"template":"","format":"standard","meta":{"_uag_custom_page_level_css":"","footnotes":""},"categories":[70,68],"tags":[2417,1116,2418,3153,3492,1228],"class_list":["post-16620","post","type-post","status-publish","format-standard","has-post-thumbnail","hentry","category-noticias-arquitectura","category-novedades","tag-adba","tag-adriana-piastrellini","tag-art-deco","tag-chubut","tag-patagonia","tag-patrimonio-arquitectonico","generate-columns","tablet-grid-50","mobile-grid-100","grid-parent","grid-50"],"yoast_head":"<!-- This site is optimized with the Yoast SEO plugin v27.3 - https:\/\/yoast.com\/product\/yoast-seo-wordpress\/ -->\n<title>Art Deco inedito de nuestra Patagonia Argentina - Arquimaster<\/title>\n<meta name=\"robots\" content=\"index, follow, max-snippet:-1, max-image-preview:large, max-video-preview:-1\" \/>\n<link rel=\"canonical\" href=\"https:\/\/www.arquimaster.com.ar\/web\/art-deco-inedito-de-nuestra-patagonia-argentina\/\" \/>\n<meta property=\"og:locale\" content=\"es_ES\" \/>\n<meta property=\"og:type\" content=\"article\" \/>\n<meta property=\"og:title\" content=\"Art Deco inedito de nuestra Patagonia Argentina - Arquimaster\" \/>\n<meta property=\"og:description\" content=\"Recocimiento y valorizacion del Art Deco mas Austral del continente y del mundo...\" \/>\n<meta property=\"og:url\" content=\"https:\/\/www.arquimaster.com.ar\/web\/art-deco-inedito-de-nuestra-patagonia-argentina\/\" \/>\n<meta property=\"og:site_name\" content=\"Arquimaster\" \/>\n<meta property=\"article:publisher\" content=\"http:\/\/www.facebook.com\/ARQUIMASTER.com.ar\" \/>\n<meta property=\"article:published_time\" content=\"2015-08-02T15:00:43+00:00\" \/>\n<meta property=\"article:modified_time\" content=\"2025-10-26T00:59:21+00:00\" \/>\n<meta property=\"og:image\" content=\"https:\/\/www.arquimaster.com.ar\/web\/wp-content\/uploads\/2015\/08\/art_deco_patagonia_slide.jpg\" \/>\n\t<meta property=\"og:image:width\" content=\"642\" \/>\n\t<meta property=\"og:image:height\" content=\"336\" \/>\n\t<meta property=\"og:image:type\" content=\"image\/jpeg\" \/>\n<meta name=\"author\" content=\"Arquimaster\" \/>\n<meta name=\"twitter:card\" content=\"summary_large_image\" \/>\n<meta name=\"twitter:creator\" content=\"@arquimaster\" \/>\n<meta name=\"twitter:site\" content=\"@arquimaster\" \/>\n<meta name=\"twitter:label1\" content=\"Escrito por\" \/>\n\t<meta name=\"twitter:data1\" content=\"Arquimaster\" \/>\n\t<meta name=\"twitter:label2\" content=\"Tiempo de lectura\" \/>\n\t<meta name=\"twitter:data2\" content=\"4 minutos\" \/>\n<script type=\"application\/ld+json\" class=\"yoast-schema-graph\">{\"@context\":\"https:\\\/\\\/schema.org\",\"@graph\":[{\"@type\":\"Article\",\"@id\":\"https:\\\/\\\/www.arquimaster.com.ar\\\/web\\\/art-deco-inedito-de-nuestra-patagonia-argentina\\\/#article\",\"isPartOf\":{\"@id\":\"https:\\\/\\\/www.arquimaster.com.ar\\\/web\\\/art-deco-inedito-de-nuestra-patagonia-argentina\\\/\"},\"author\":{\"name\":\"Arquimaster\",\"@id\":\"https:\\\/\\\/www.arquimaster.com.ar\\\/web\\\/#\\\/schema\\\/person\\\/359e9f7c00193fcde068e0dd2ceb0028\"},\"headline\":\"Art Deco inedito de nuestra Patagonia Argentina\",\"datePublished\":\"2015-08-02T15:00:43+00:00\",\"dateModified\":\"2025-10-26T00:59:21+00:00\",\"mainEntityOfPage\":{\"@id\":\"https:\\\/\\\/www.arquimaster.com.ar\\\/web\\\/art-deco-inedito-de-nuestra-patagonia-argentina\\\/\"},\"wordCount\":781,\"publisher\":{\"@id\":\"https:\\\/\\\/www.arquimaster.com.ar\\\/web\\\/#organization\"},\"image\":{\"@id\":\"https:\\\/\\\/www.arquimaster.com.ar\\\/web\\\/art-deco-inedito-de-nuestra-patagonia-argentina\\\/#primaryimage\"},\"thumbnailUrl\":\"https:\\\/\\\/www.arquimaster.com.ar\\\/web\\\/wp-content\\\/uploads\\\/2015\\\/08\\\/art_deco_patagonia_slide.jpg\",\"keywords\":[\"AdbA\",\"Adriana Piastrellini\",\"Art Deco\",\"Chubut\",\"Patagonia\",\"patrimonio arquitectonico\"],\"articleSection\":[\"Noticias de arquitectura y dise\u00f1o\",\"Novedades\"],\"inLanguage\":\"es\"},{\"@type\":\"WebPage\",\"@id\":\"https:\\\/\\\/www.arquimaster.com.ar\\\/web\\\/art-deco-inedito-de-nuestra-patagonia-argentina\\\/\",\"url\":\"https:\\\/\\\/www.arquimaster.com.ar\\\/web\\\/art-deco-inedito-de-nuestra-patagonia-argentina\\\/\",\"name\":\"Art Deco inedito de nuestra Patagonia Argentina - Arquimaster\",\"isPartOf\":{\"@id\":\"https:\\\/\\\/www.arquimaster.com.ar\\\/web\\\/#website\"},\"primaryImageOfPage\":{\"@id\":\"https:\\\/\\\/www.arquimaster.com.ar\\\/web\\\/art-deco-inedito-de-nuestra-patagonia-argentina\\\/#primaryimage\"},\"image\":{\"@id\":\"https:\\\/\\\/www.arquimaster.com.ar\\\/web\\\/art-deco-inedito-de-nuestra-patagonia-argentina\\\/#primaryimage\"},\"thumbnailUrl\":\"https:\\\/\\\/www.arquimaster.com.ar\\\/web\\\/wp-content\\\/uploads\\\/2015\\\/08\\\/art_deco_patagonia_slide.jpg\",\"datePublished\":\"2015-08-02T15:00:43+00:00\",\"dateModified\":\"2025-10-26T00:59:21+00:00\",\"breadcrumb\":{\"@id\":\"https:\\\/\\\/www.arquimaster.com.ar\\\/web\\\/art-deco-inedito-de-nuestra-patagonia-argentina\\\/#breadcrumb\"},\"inLanguage\":\"es\",\"potentialAction\":[{\"@type\":\"ReadAction\",\"target\":[\"https:\\\/\\\/www.arquimaster.com.ar\\\/web\\\/art-deco-inedito-de-nuestra-patagonia-argentina\\\/\"]}]},{\"@type\":\"ImageObject\",\"inLanguage\":\"es\",\"@id\":\"https:\\\/\\\/www.arquimaster.com.ar\\\/web\\\/art-deco-inedito-de-nuestra-patagonia-argentina\\\/#primaryimage\",\"url\":\"https:\\\/\\\/www.arquimaster.com.ar\\\/web\\\/wp-content\\\/uploads\\\/2015\\\/08\\\/art_deco_patagonia_slide.jpg\",\"contentUrl\":\"https:\\\/\\\/www.arquimaster.com.ar\\\/web\\\/wp-content\\\/uploads\\\/2015\\\/08\\\/art_deco_patagonia_slide.jpg\",\"width\":642,\"height\":336},{\"@type\":\"BreadcrumbList\",\"@id\":\"https:\\\/\\\/www.arquimaster.com.ar\\\/web\\\/art-deco-inedito-de-nuestra-patagonia-argentina\\\/#breadcrumb\",\"itemListElement\":[{\"@type\":\"ListItem\",\"position\":1,\"name\":\"Portada\",\"item\":\"https:\\\/\\\/www.arquimaster.com.ar\\\/web\\\/\"},{\"@type\":\"ListItem\",\"position\":2,\"name\":\"Art Deco inedito de nuestra Patagonia Argentina\"}]},{\"@type\":\"WebSite\",\"@id\":\"https:\\\/\\\/www.arquimaster.com.ar\\\/web\\\/#website\",\"url\":\"https:\\\/\\\/www.arquimaster.com.ar\\\/web\\\/\",\"name\":\"Arquimaster\",\"description\":\"Web de arquitectura, dise\u00f1o y construccion\",\"publisher\":{\"@id\":\"https:\\\/\\\/www.arquimaster.com.ar\\\/web\\\/#organization\"},\"potentialAction\":[{\"@type\":\"SearchAction\",\"target\":{\"@type\":\"EntryPoint\",\"urlTemplate\":\"https:\\\/\\\/www.arquimaster.com.ar\\\/web\\\/?s={search_term_string}\"},\"query-input\":{\"@type\":\"PropertyValueSpecification\",\"valueRequired\":true,\"valueName\":\"search_term_string\"}}],\"inLanguage\":\"es\"},{\"@type\":\"Organization\",\"@id\":\"https:\\\/\\\/www.arquimaster.com.ar\\\/web\\\/#organization\",\"name\":\"Arquimaster\",\"url\":\"https:\\\/\\\/www.arquimaster.com.ar\\\/web\\\/\",\"logo\":{\"@type\":\"ImageObject\",\"inLanguage\":\"es\",\"@id\":\"https:\\\/\\\/www.arquimaster.com.ar\\\/web\\\/#\\\/schema\\\/logo\\\/image\\\/\",\"url\":\"https:\\\/\\\/www.arquimaster.com.ar\\\/web\\\/wp-content\\\/uploads\\\/2022\\\/06\\\/arquimaster.png\",\"contentUrl\":\"https:\\\/\\\/www.arquimaster.com.ar\\\/web\\\/wp-content\\\/uploads\\\/2022\\\/06\\\/arquimaster.png\",\"width\":594,\"height\":78,\"caption\":\"Arquimaster\"},\"image\":{\"@id\":\"https:\\\/\\\/www.arquimaster.com.ar\\\/web\\\/#\\\/schema\\\/logo\\\/image\\\/\"},\"sameAs\":[\"http:\\\/\\\/www.facebook.com\\\/ARQUIMASTER.com.ar\",\"https:\\\/\\\/x.com\\\/arquimaster\",\"https:\\\/\\\/www.instagram.com\\\/arquimasterblog\\\/\",\"https:\\\/\\\/www.linkedin.com\\\/company\\\/arquimaster\",\"https:\\\/\\\/www.pinterest.com\\\/arquimaster\",\"https:\\\/\\\/t.me\\\/arquimaster\"]},{\"@type\":\"Person\",\"@id\":\"https:\\\/\\\/www.arquimaster.com.ar\\\/web\\\/#\\\/schema\\\/person\\\/359e9f7c00193fcde068e0dd2ceb0028\",\"name\":\"Arquimaster\"}]}<\/script>\n<!-- \/ Yoast SEO plugin. -->","yoast_head_json":{"title":"Art Deco inedito de nuestra Patagonia Argentina - Arquimaster","robots":{"index":"index","follow":"follow","max-snippet":"max-snippet:-1","max-image-preview":"max-image-preview:large","max-video-preview":"max-video-preview:-1"},"canonical":"https:\/\/www.arquimaster.com.ar\/web\/art-deco-inedito-de-nuestra-patagonia-argentina\/","og_locale":"es_ES","og_type":"article","og_title":"Art Deco inedito de nuestra Patagonia Argentina - Arquimaster","og_description":"Recocimiento y valorizacion del Art Deco mas Austral del continente y del mundo...","og_url":"https:\/\/www.arquimaster.com.ar\/web\/art-deco-inedito-de-nuestra-patagonia-argentina\/","og_site_name":"Arquimaster","article_publisher":"http:\/\/www.facebook.com\/ARQUIMASTER.com.ar","article_published_time":"2015-08-02T15:00:43+00:00","article_modified_time":"2025-10-26T00:59:21+00:00","og_image":[{"width":642,"height":336,"url":"https:\/\/www.arquimaster.com.ar\/web\/wp-content\/uploads\/2015\/08\/art_deco_patagonia_slide.jpg","type":"image\/jpeg"}],"author":"Arquimaster","twitter_card":"summary_large_image","twitter_creator":"@arquimaster","twitter_site":"@arquimaster","twitter_misc":{"Escrito por":"Arquimaster","Tiempo de lectura":"4 minutos"},"schema":{"@context":"https:\/\/schema.org","@graph":[{"@type":"Article","@id":"https:\/\/www.arquimaster.com.ar\/web\/art-deco-inedito-de-nuestra-patagonia-argentina\/#article","isPartOf":{"@id":"https:\/\/www.arquimaster.com.ar\/web\/art-deco-inedito-de-nuestra-patagonia-argentina\/"},"author":{"name":"Arquimaster","@id":"https:\/\/www.arquimaster.com.ar\/web\/#\/schema\/person\/359e9f7c00193fcde068e0dd2ceb0028"},"headline":"Art Deco inedito de nuestra Patagonia Argentina","datePublished":"2015-08-02T15:00:43+00:00","dateModified":"2025-10-26T00:59:21+00:00","mainEntityOfPage":{"@id":"https:\/\/www.arquimaster.com.ar\/web\/art-deco-inedito-de-nuestra-patagonia-argentina\/"},"wordCount":781,"publisher":{"@id":"https:\/\/www.arquimaster.com.ar\/web\/#organization"},"image":{"@id":"https:\/\/www.arquimaster.com.ar\/web\/art-deco-inedito-de-nuestra-patagonia-argentina\/#primaryimage"},"thumbnailUrl":"https:\/\/www.arquimaster.com.ar\/web\/wp-content\/uploads\/2015\/08\/art_deco_patagonia_slide.jpg","keywords":["AdbA","Adriana Piastrellini","Art Deco","Chubut","Patagonia","patrimonio arquitectonico"],"articleSection":["Noticias de arquitectura y dise\u00f1o","Novedades"],"inLanguage":"es"},{"@type":"WebPage","@id":"https:\/\/www.arquimaster.com.ar\/web\/art-deco-inedito-de-nuestra-patagonia-argentina\/","url":"https:\/\/www.arquimaster.com.ar\/web\/art-deco-inedito-de-nuestra-patagonia-argentina\/","name":"Art Deco inedito de nuestra Patagonia Argentina - Arquimaster","isPartOf":{"@id":"https:\/\/www.arquimaster.com.ar\/web\/#website"},"primaryImageOfPage":{"@id":"https:\/\/www.arquimaster.com.ar\/web\/art-deco-inedito-de-nuestra-patagonia-argentina\/#primaryimage"},"image":{"@id":"https:\/\/www.arquimaster.com.ar\/web\/art-deco-inedito-de-nuestra-patagonia-argentina\/#primaryimage"},"thumbnailUrl":"https:\/\/www.arquimaster.com.ar\/web\/wp-content\/uploads\/2015\/08\/art_deco_patagonia_slide.jpg","datePublished":"2015-08-02T15:00:43+00:00","dateModified":"2025-10-26T00:59:21+00:00","breadcrumb":{"@id":"https:\/\/www.arquimaster.com.ar\/web\/art-deco-inedito-de-nuestra-patagonia-argentina\/#breadcrumb"},"inLanguage":"es","potentialAction":[{"@type":"ReadAction","target":["https:\/\/www.arquimaster.com.ar\/web\/art-deco-inedito-de-nuestra-patagonia-argentina\/"]}]},{"@type":"ImageObject","inLanguage":"es","@id":"https:\/\/www.arquimaster.com.ar\/web\/art-deco-inedito-de-nuestra-patagonia-argentina\/#primaryimage","url":"https:\/\/www.arquimaster.com.ar\/web\/wp-content\/uploads\/2015\/08\/art_deco_patagonia_slide.jpg","contentUrl":"https:\/\/www.arquimaster.com.ar\/web\/wp-content\/uploads\/2015\/08\/art_deco_patagonia_slide.jpg","width":642,"height":336},{"@type":"BreadcrumbList","@id":"https:\/\/www.arquimaster.com.ar\/web\/art-deco-inedito-de-nuestra-patagonia-argentina\/#breadcrumb","itemListElement":[{"@type":"ListItem","position":1,"name":"Portada","item":"https:\/\/www.arquimaster.com.ar\/web\/"},{"@type":"ListItem","position":2,"name":"Art Deco inedito de nuestra Patagonia Argentina"}]},{"@type":"WebSite","@id":"https:\/\/www.arquimaster.com.ar\/web\/#website","url":"https:\/\/www.arquimaster.com.ar\/web\/","name":"Arquimaster","description":"Web de arquitectura, dise\u00f1o y construccion","publisher":{"@id":"https:\/\/www.arquimaster.com.ar\/web\/#organization"},"potentialAction":[{"@type":"SearchAction","target":{"@type":"EntryPoint","urlTemplate":"https:\/\/www.arquimaster.com.ar\/web\/?s={search_term_string}"},"query-input":{"@type":"PropertyValueSpecification","valueRequired":true,"valueName":"search_term_string"}}],"inLanguage":"es"},{"@type":"Organization","@id":"https:\/\/www.arquimaster.com.ar\/web\/#organization","name":"Arquimaster","url":"https:\/\/www.arquimaster.com.ar\/web\/","logo":{"@type":"ImageObject","inLanguage":"es","@id":"https:\/\/www.arquimaster.com.ar\/web\/#\/schema\/logo\/image\/","url":"https:\/\/www.arquimaster.com.ar\/web\/wp-content\/uploads\/2022\/06\/arquimaster.png","contentUrl":"https:\/\/www.arquimaster.com.ar\/web\/wp-content\/uploads\/2022\/06\/arquimaster.png","width":594,"height":78,"caption":"Arquimaster"},"image":{"@id":"https:\/\/www.arquimaster.com.ar\/web\/#\/schema\/logo\/image\/"},"sameAs":["http:\/\/www.facebook.com\/ARQUIMASTER.com.ar","https:\/\/x.com\/arquimaster","https:\/\/www.instagram.com\/arquimasterblog\/","https:\/\/www.linkedin.com\/company\/arquimaster","https:\/\/www.pinterest.com\/arquimaster","https:\/\/t.me\/arquimaster"]},{"@type":"Person","@id":"https:\/\/www.arquimaster.com.ar\/web\/#\/schema\/person\/359e9f7c00193fcde068e0dd2ceb0028","name":"Arquimaster"}]}},"uagb_featured_image_src":{"full":["https:\/\/www.arquimaster.com.ar\/web\/wp-content\/uploads\/2015\/08\/art_deco_patagonia_slide.jpg",642,336,false],"thumbnail":["https:\/\/www.arquimaster.com.ar\/web\/wp-content\/uploads\/2015\/08\/art_deco_patagonia_slide-150x150.jpg",150,150,true],"medium":["https:\/\/www.arquimaster.com.ar\/web\/wp-content\/uploads\/2015\/08\/art_deco_patagonia_slide.jpg",642,336,false],"medium_large":["https:\/\/www.arquimaster.com.ar\/web\/wp-content\/uploads\/2015\/08\/art_deco_patagonia_slide.jpg",642,336,false],"large":["https:\/\/www.arquimaster.com.ar\/web\/wp-content\/uploads\/2015\/08\/art_deco_patagonia_slide.jpg",642,336,false],"1536x1536":["https:\/\/www.arquimaster.com.ar\/web\/wp-content\/uploads\/2015\/08\/art_deco_patagonia_slide.jpg",642,336,false],"2048x2048":["https:\/\/www.arquimaster.com.ar\/web\/wp-content\/uploads\/2015\/08\/art_deco_patagonia_slide.jpg",642,336,false]},"uagb_author_info":{"display_name":"Arquimaster","author_link":"https:\/\/www.arquimaster.com.ar\/web\/author\/arquimaster\/"},"uagb_comment_info":0,"uagb_excerpt":"Recocimiento y valorizacion del Art Deco mas Austral del continente y del mundo...","_links":{"self":[{"href":"https:\/\/www.arquimaster.com.ar\/web\/wp-json\/wp\/v2\/posts\/16620","targetHints":{"allow":["GET"]}}],"collection":[{"href":"https:\/\/www.arquimaster.com.ar\/web\/wp-json\/wp\/v2\/posts"}],"about":[{"href":"https:\/\/www.arquimaster.com.ar\/web\/wp-json\/wp\/v2\/types\/post"}],"author":[{"embeddable":true,"href":"https:\/\/www.arquimaster.com.ar\/web\/wp-json\/wp\/v2\/users\/1"}],"replies":[{"embeddable":true,"href":"https:\/\/www.arquimaster.com.ar\/web\/wp-json\/wp\/v2\/comments?post=16620"}],"version-history":[{"count":1,"href":"https:\/\/www.arquimaster.com.ar\/web\/wp-json\/wp\/v2\/posts\/16620\/revisions"}],"predecessor-version":[{"id":86457,"href":"https:\/\/www.arquimaster.com.ar\/web\/wp-json\/wp\/v2\/posts\/16620\/revisions\/86457"}],"wp:featuredmedia":[{"embeddable":true,"href":"https:\/\/www.arquimaster.com.ar\/web\/wp-json\/wp\/v2\/media\/16621"}],"wp:attachment":[{"href":"https:\/\/www.arquimaster.com.ar\/web\/wp-json\/wp\/v2\/media?parent=16620"}],"wp:term":[{"taxonomy":"category","embeddable":true,"href":"https:\/\/www.arquimaster.com.ar\/web\/wp-json\/wp\/v2\/categories?post=16620"},{"taxonomy":"post_tag","embeddable":true,"href":"https:\/\/www.arquimaster.com.ar\/web\/wp-json\/wp\/v2\/tags?post=16620"}],"curies":[{"name":"wp","href":"https:\/\/api.w.org\/{rel}","templated":true}]}}