{"id":17094,"date":"2015-09-04T03:03:18","date_gmt":"2015-09-04T03:03:18","guid":{"rendered":"http:\/\/www.arquimaster.com.ar\/web\/?p=17094"},"modified":"2025-10-25T21:52:25","modified_gmt":"2025-10-26T00:52:25","slug":"la-bienal-ba15-congrega-la-cultura-arquitectonica-mundial-durante-un-mes-en-buenos-aires","status":"publish","type":"post","link":"https:\/\/www.arquimaster.com.ar\/web\/la-bienal-ba15-congrega-la-cultura-arquitectonica-mundial-durante-un-mes-en-buenos-aires\/","title":{"rendered":"La Bienal BA15 congrega la cultura arquitect\u00f3nica mundial durante un mes en Buenos Aires"},"content":{"rendered":"<div style=\"margin-top: 0px; margin-bottom: 0px;\" class=\"sharethis-inline-share-buttons\" ><\/div><div class=\"b812932af2e751442846f039925109de\" data-index=\"1\" style=\"float: none; margin:25px 0 25px 0; text-align:center;\">\n<script async src=\"https:\/\/pagead2.googlesyndication.com\/pagead\/js\/adsbygoogle.js\"><\/script>\r\n<!-- Arquimaster (superior) -->\r\n<ins class=\"adsbygoogle\"\r\n     style=\"display:block\"\r\n     data-ad-client=\"ca-pub-6351072698456832\"\r\n     data-ad-slot=\"6455489680\"\r\n     data-ad-format=\"auto\"\r\n     data-full-width-responsive=\"true\"><\/ins>\r\n<script>\r\n     (adsbygoogle = window.adsbygoogle || []).push({});\r\n<\/script>\n<\/div>\n<p>La pr\u00f3xima edici\u00f3n de la <strong>Bienal Internacional de Arquitectura de Buenos Aires BA15<\/strong> &#8211;<strong>del 5 de septiembre al 4 de octubre<\/strong> de 2015-, se extender\u00e1 a toda la ciudad y Gran Buenos Aires.<\/p>\n<div id='gallery-1' class='gallery galleryid-17094 gallery-columns-3 gallery-size-thumbnail'><figure class='gallery-item'>\n\t\t\t<div class='gallery-icon landscape'>\n\t\t\t\t<a href='https:\/\/www.arquimaster.com.ar\/web\/wp-content\/uploads\/2015\/09\/bienal_ba_cultura_arquitectonica1.jpg' title=\"La Bienal BA15 congrega la cultura arquitect\u00f3nica mundial durante un mes en Buenos Aires\" data-rl_title=\"La Bienal BA15 congrega la cultura arquitect\u00f3nica mundial durante un mes en Buenos Aires\" class=\"rl-gallery-link\" data-rl_caption=\"La Bienal BA15 congrega la cultura arquitect\u00f3nica mundial durante un mes en Buenos Aires\" data-rel=\"lightbox-gallery-1\"><img loading=\"lazy\" decoding=\"async\" width=\"150\" height=\"150\" src=\"https:\/\/www.arquimaster.com.ar\/web\/wp-content\/uploads\/2015\/09\/bienal_ba_cultura_arquitectonica1-150x150.jpg\" class=\"attachment-thumbnail size-thumbnail\" alt=\"\" aria-describedby=\"gallery-1-17096\" srcset=\"https:\/\/www.arquimaster.com.ar\/web\/wp-content\/uploads\/2015\/09\/bienal_ba_cultura_arquitectonica1-150x150.jpg 150w, https:\/\/www.arquimaster.com.ar\/web\/wp-content\/uploads\/2015\/09\/bienal_ba_cultura_arquitectonica1-50x50.jpg 50w, https:\/\/www.arquimaster.com.ar\/web\/wp-content\/uploads\/2015\/09\/bienal_ba_cultura_arquitectonica1-125x125.jpg 125w\" sizes=\"auto, (max-width: 150px) 100vw, 150px\" \/><\/a>\n\t\t\t<\/div>\n\t\t\t\t<figcaption class='wp-caption-text gallery-caption' id='gallery-1-17096'>\n\t\t\t\tLa Bienal BA15 congrega la cultura arquitect\u00f3nica mundial durante un mes en Buenos Aires\n\t\t\t\t<\/figcaption><\/figure><figure class='gallery-item'>\n\t\t\t<div class='gallery-icon landscape'>\n\t\t\t\t<a href='https:\/\/www.arquimaster.com.ar\/web\/wp-content\/uploads\/2015\/09\/bienal_ba_cultura_arquitectonica2.jpg' title=\"La Bienal BA15 congrega la cultura arquitect\u00f3nica mundial durante un mes en Buenos Aires\" data-rl_title=\"La Bienal BA15 congrega la cultura arquitect\u00f3nica mundial durante un mes en Buenos Aires\" class=\"rl-gallery-link\" data-rl_caption=\"La Bienal BA15 congrega la cultura arquitect\u00f3nica mundial durante un mes en Buenos Aires\" data-rel=\"lightbox-gallery-1\"><img loading=\"lazy\" decoding=\"async\" width=\"150\" height=\"150\" src=\"https:\/\/www.arquimaster.com.ar\/web\/wp-content\/uploads\/2015\/09\/bienal_ba_cultura_arquitectonica2-150x150.jpg\" class=\"attachment-thumbnail size-thumbnail\" alt=\"\" aria-describedby=\"gallery-1-17097\" srcset=\"https:\/\/www.arquimaster.com.ar\/web\/wp-content\/uploads\/2015\/09\/bienal_ba_cultura_arquitectonica2-150x150.jpg 150w, https:\/\/www.arquimaster.com.ar\/web\/wp-content\/uploads\/2015\/09\/bienal_ba_cultura_arquitectonica2-50x50.jpg 50w, https:\/\/www.arquimaster.com.ar\/web\/wp-content\/uploads\/2015\/09\/bienal_ba_cultura_arquitectonica2-125x125.jpg 125w\" sizes=\"auto, (max-width: 150px) 100vw, 150px\" \/><\/a>\n\t\t\t<\/div>\n\t\t\t\t<figcaption class='wp-caption-text gallery-caption' id='gallery-1-17097'>\n\t\t\t\tLa Bienal BA15 congrega la cultura arquitect\u00f3nica mundial durante un mes en Buenos Aires\n\t\t\t\t<\/figcaption><\/figure><figure class='gallery-item'>\n\t\t\t<div class='gallery-icon landscape'>\n\t\t\t\t<a href='https:\/\/www.arquimaster.com.ar\/web\/wp-content\/uploads\/2015\/09\/bienal_ba_cultura_arquitectonica3.jpg' title=\"La Bienal BA15 congrega la cultura arquitect\u00f3nica mundial durante un mes en Buenos Aires\" data-rl_title=\"La Bienal BA15 congrega la cultura arquitect\u00f3nica mundial durante un mes en Buenos Aires\" class=\"rl-gallery-link\" data-rl_caption=\"La Bienal BA15 congrega la cultura arquitect\u00f3nica mundial durante un mes en Buenos Aires\" data-rel=\"lightbox-gallery-1\"><img loading=\"lazy\" decoding=\"async\" width=\"150\" height=\"150\" src=\"https:\/\/www.arquimaster.com.ar\/web\/wp-content\/uploads\/2015\/09\/bienal_ba_cultura_arquitectonica3-150x150.jpg\" class=\"attachment-thumbnail size-thumbnail\" alt=\"\" aria-describedby=\"gallery-1-17098\" srcset=\"https:\/\/www.arquimaster.com.ar\/web\/wp-content\/uploads\/2015\/09\/bienal_ba_cultura_arquitectonica3-150x150.jpg 150w, https:\/\/www.arquimaster.com.ar\/web\/wp-content\/uploads\/2015\/09\/bienal_ba_cultura_arquitectonica3-50x50.jpg 50w, https:\/\/www.arquimaster.com.ar\/web\/wp-content\/uploads\/2015\/09\/bienal_ba_cultura_arquitectonica3-125x125.jpg 125w\" sizes=\"auto, (max-width: 150px) 100vw, 150px\" \/><\/a>\n\t\t\t<\/div>\n\t\t\t\t<figcaption class='wp-caption-text gallery-caption' id='gallery-1-17098'>\n\t\t\t\tLa Bienal BA15 congrega la cultura arquitect\u00f3nica mundial durante un mes en Buenos Aires\n\t\t\t\t<\/figcaption><\/figure><figure class='gallery-item'>\n\t\t\t<div class='gallery-icon landscape'>\n\t\t\t\t<a href='https:\/\/www.arquimaster.com.ar\/web\/wp-content\/uploads\/2015\/09\/bienal_ba_cultura_arquitectonica4.jpg' title=\"La Bienal BA15 congrega la cultura arquitect\u00f3nica mundial durante un mes en Buenos Aires\" data-rl_title=\"La Bienal BA15 congrega la cultura arquitect\u00f3nica mundial durante un mes en Buenos Aires\" class=\"rl-gallery-link\" data-rl_caption=\"La Bienal BA15 congrega la cultura arquitect\u00f3nica mundial durante un mes en Buenos Aires\" data-rel=\"lightbox-gallery-1\"><img loading=\"lazy\" decoding=\"async\" width=\"150\" height=\"150\" src=\"https:\/\/www.arquimaster.com.ar\/web\/wp-content\/uploads\/2015\/09\/bienal_ba_cultura_arquitectonica4-150x150.jpg\" class=\"attachment-thumbnail size-thumbnail\" alt=\"\" aria-describedby=\"gallery-1-17099\" srcset=\"https:\/\/www.arquimaster.com.ar\/web\/wp-content\/uploads\/2015\/09\/bienal_ba_cultura_arquitectonica4-150x150.jpg 150w, https:\/\/www.arquimaster.com.ar\/web\/wp-content\/uploads\/2015\/09\/bienal_ba_cultura_arquitectonica4-50x50.jpg 50w, https:\/\/www.arquimaster.com.ar\/web\/wp-content\/uploads\/2015\/09\/bienal_ba_cultura_arquitectonica4-125x125.jpg 125w\" sizes=\"auto, (max-width: 150px) 100vw, 150px\" \/><\/a>\n\t\t\t<\/div>\n\t\t\t\t<figcaption class='wp-caption-text gallery-caption' id='gallery-1-17099'>\n\t\t\t\tLa Bienal BA15 congrega la cultura arquitect\u00f3nica mundial durante un mes en Buenos Aires\n\t\t\t\t<\/figcaption><\/figure><figure class='gallery-item'>\n\t\t\t<div class='gallery-icon landscape'>\n\t\t\t\t<a href='https:\/\/www.arquimaster.com.ar\/web\/wp-content\/uploads\/2015\/09\/bienal_ba_cultura_arquitectonica5.jpg' title=\"La Bienal BA15 congrega la cultura arquitect\u00f3nica mundial durante un mes en Buenos Aires\" data-rl_title=\"La Bienal BA15 congrega la cultura arquitect\u00f3nica mundial durante un mes en Buenos Aires\" class=\"rl-gallery-link\" data-rl_caption=\"La Bienal BA15 congrega la cultura arquitect\u00f3nica mundial durante un mes en Buenos Aires\" data-rel=\"lightbox-gallery-1\"><img loading=\"lazy\" decoding=\"async\" width=\"150\" height=\"150\" src=\"https:\/\/www.arquimaster.com.ar\/web\/wp-content\/uploads\/2015\/09\/bienal_ba_cultura_arquitectonica5-150x150.jpg\" class=\"attachment-thumbnail size-thumbnail\" alt=\"\" aria-describedby=\"gallery-1-17100\" srcset=\"https:\/\/www.arquimaster.com.ar\/web\/wp-content\/uploads\/2015\/09\/bienal_ba_cultura_arquitectonica5-150x150.jpg 150w, https:\/\/www.arquimaster.com.ar\/web\/wp-content\/uploads\/2015\/09\/bienal_ba_cultura_arquitectonica5-50x50.jpg 50w, https:\/\/www.arquimaster.com.ar\/web\/wp-content\/uploads\/2015\/09\/bienal_ba_cultura_arquitectonica5-125x125.jpg 125w\" sizes=\"auto, (max-width: 150px) 100vw, 150px\" \/><\/a>\n\t\t\t<\/div>\n\t\t\t\t<figcaption class='wp-caption-text gallery-caption' id='gallery-1-17100'>\n\t\t\t\tLa Bienal BA15 congrega la cultura arquitect\u00f3nica mundial durante un mes en Buenos Aires\n\t\t\t\t<\/figcaption><\/figure>\n\t\t<\/div>\n\n<p>El 5 y 6 de septiembre en el Centro Cultural Recoleta se realizar\u00e1 el <strong>1\u00ba Encuentro de Mujeres y Arquitectura<\/strong>, con la participaci\u00f3n de destacadas panelistas. En el mismo \u00e1mbito, el martes 8 se inaugura la tradicional <strong>exposici\u00f3n internacional de arquitectura<\/strong> que ocupar\u00e1 todas las salas del CCR.<\/p>\n<p>Del 8 al 11 de septiembre tendr\u00e1n lugar las<strong> Conferencias Magistrales<\/strong> en el Auditorio Buenos Aires, con cerca de 50 profesionales de todo el mundo. Se destacan los arquitectos <strong>C\u00e9sar Pelli<\/strong> -argentino con estudio en Nueva York-, <strong>Kai Uwe Bergmann<\/strong> -titular de BIG, estudio alem\u00e1n especializado en arquitectura y comunicaci\u00f3n-, <strong>Jan Gehl<\/strong> -urbanista dan\u00e9s, autor de libros como \u00abLa Humanizaci\u00f3n del espacio\u00bb- y <strong>Alex Brahm<\/strong> -chileno experto en arquitectura sustentable-.<\/p>\n<p><strong>Del 10 al 13 de septiembre<\/strong> se realizar\u00e1 en el MALBA el <strong>Festival de Cine \u00abLa arquitectura como autobiograf\u00eda\u00bb<\/strong>, con proyecciones del reconocido realizador alem\u00e1n Heinz Emigohlz, autor de m\u00faltiples pel\u00edculas de arquitectura.<\/p>\n<p>En esta edici\u00f3n, la Bienal BA15 se extender\u00e1 con <strong>actividades gratuitas<\/strong> a otros museos y espacios culturales importantes de Buenos Aires, como el CMD, Fundaci\u00f3n PROA, MAMBA, MARQ, Usina del Arte, y Foro de las Ciencias y las Artes de Vicente L\u00f3pez. Adem\u00e1s habr\u00e1 <strong>tours guiados<\/strong> por barrios como La Boca, San Telmo y Barracas.<\/p>\n<p>Las actividades convocan al p\u00fablico en general, tomando a la arquitectura como un hecho cultural participativo de inter\u00e9s para la sociedad, incluyendo propuestas para los m\u00e1s chicos en el CCR, como <strong>MiniArq &#8211;<\/strong>5 y 6 de septiembre- y <strong>Arquikids<\/strong> -26 de septiembre-, as\u00ed como tambi\u00e9n espacios para j\u00f3venes estudiantes y profesionales, a trav\u00e9s del <strong>Festival de Dise\u00f1o y Arquitectura<\/strong> -del 21 al 25 de septiembre en el CCR-.<\/p>\n<p>La organizaci\u00f3n y realizaci\u00f3n de la Bienal BA15 est\u00e1n a cargo de Pichon Rivi\u00e8re &amp; Diaz Bobillo Consultores -PR&amp;DB- y el Comit\u00e9 de Direcci\u00f3n integrado por Carlos Sallaberry, Roberto Converti, Carlos L. Dibar, Juan Carlos Fervenza, Mat\u00edas Glusberg, Miguel Jurado, Daniel Mu\u00f1iz, Enrique Pichon Rivi\u00e8re y Tom\u00e1s Seeber.<\/p>\n<p>Las empresas Main Sponsors son Clar\u00edn ARQ, Cer\u00e1mica Alberdi, Fass Yakol, Hidromet, HunterDouglas, Knauf, Masisa, Modulmet, Orbis, Parex Group, Roca, Sapa Aluminium Argentina, Technal, Ternium Siderar, Tersuave y Vaca Desing.<\/p>\n\n<div style=\"font-size: 0px; height: 0px; line-height: 0px; margin: 0; padding: 0; clear: both;\"><\/div><div style=\"margin-top: 0px; margin-bottom: 0px;\" class=\"sharethis-inline-share-buttons\" ><\/div>","protected":false},"excerpt":{"rendered":"<p>La Bienal de Arquitectura de Buenos Aires se realizara del 5 de septiembre al 4 de octubre&#8230;<\/p>\n","protected":false},"author":1,"featured_media":17095,"comment_status":"closed","ping_status":"closed","sticky":false,"template":"","format":"standard","meta":{"_uag_custom_page_level_css":"","footnotes":""},"categories":[70,68],"tags":[467,3394,3395],"class_list":["post-17094","post","type-post","status-publish","format-standard","has-post-thumbnail","hentry","category-noticias-arquitectura","category-novedades","tag-bienal","tag-bienal-ba","tag-bienal-de-buenos-aires","generate-columns","tablet-grid-50","mobile-grid-100","grid-parent","grid-50"],"yoast_head":"<!-- This site is optimized with the Yoast SEO plugin v27.3 - https:\/\/yoast.com\/product\/yoast-seo-wordpress\/ -->\n<title>La Bienal BA15 congrega la cultura arquitect\u00f3nica mundial durante un mes en Buenos Aires - Arquimaster<\/title>\n<meta name=\"robots\" content=\"index, follow, max-snippet:-1, max-image-preview:large, max-video-preview:-1\" \/>\n<link rel=\"canonical\" href=\"https:\/\/www.arquimaster.com.ar\/web\/la-bienal-ba15-congrega-la-cultura-arquitectonica-mundial-durante-un-mes-en-buenos-aires\/\" \/>\n<meta property=\"og:locale\" content=\"es_ES\" \/>\n<meta property=\"og:type\" content=\"article\" \/>\n<meta property=\"og:title\" content=\"La Bienal BA15 congrega la cultura arquitect\u00f3nica mundial durante un mes en Buenos Aires - Arquimaster\" \/>\n<meta property=\"og:description\" content=\"La Bienal de Arquitectura de Buenos Aires se realizara del 5 de septiembre al 4 de octubre...\" \/>\n<meta property=\"og:url\" content=\"https:\/\/www.arquimaster.com.ar\/web\/la-bienal-ba15-congrega-la-cultura-arquitectonica-mundial-durante-un-mes-en-buenos-aires\/\" \/>\n<meta property=\"og:site_name\" content=\"Arquimaster\" \/>\n<meta property=\"article:publisher\" content=\"http:\/\/www.facebook.com\/ARQUIMASTER.com.ar\" \/>\n<meta property=\"article:published_time\" content=\"2015-09-04T03:03:18+00:00\" \/>\n<meta property=\"article:modified_time\" content=\"2025-10-26T00:52:25+00:00\" \/>\n<meta property=\"og:image\" content=\"https:\/\/www.arquimaster.com.ar\/web\/wp-content\/uploads\/2015\/09\/bienal_ba_cultura_arquitectonica_slide.jpg\" \/>\n\t<meta property=\"og:image:width\" content=\"642\" \/>\n\t<meta property=\"og:image:height\" content=\"336\" \/>\n\t<meta property=\"og:image:type\" content=\"image\/jpeg\" \/>\n<meta name=\"author\" content=\"Arquimaster\" \/>\n<meta name=\"twitter:card\" content=\"summary_large_image\" \/>\n<meta name=\"twitter:creator\" content=\"@arquimaster\" \/>\n<meta name=\"twitter:site\" content=\"@arquimaster\" \/>\n<meta name=\"twitter:label1\" content=\"Escrito por\" \/>\n\t<meta name=\"twitter:data1\" content=\"Arquimaster\" \/>\n\t<meta name=\"twitter:label2\" content=\"Tiempo de lectura\" \/>\n\t<meta name=\"twitter:data2\" content=\"2 minutos\" \/>\n<script type=\"application\/ld+json\" class=\"yoast-schema-graph\">{\"@context\":\"https:\\\/\\\/schema.org\",\"@graph\":[{\"@type\":\"Article\",\"@id\":\"https:\\\/\\\/www.arquimaster.com.ar\\\/web\\\/la-bienal-ba15-congrega-la-cultura-arquitectonica-mundial-durante-un-mes-en-buenos-aires\\\/#article\",\"isPartOf\":{\"@id\":\"https:\\\/\\\/www.arquimaster.com.ar\\\/web\\\/la-bienal-ba15-congrega-la-cultura-arquitectonica-mundial-durante-un-mes-en-buenos-aires\\\/\"},\"author\":{\"name\":\"Arquimaster\",\"@id\":\"https:\\\/\\\/www.arquimaster.com.ar\\\/web\\\/#\\\/schema\\\/person\\\/359e9f7c00193fcde068e0dd2ceb0028\"},\"headline\":\"La Bienal BA15 congrega la cultura arquitect\u00f3nica mundial durante un mes en Buenos Aires\",\"datePublished\":\"2015-09-04T03:03:18+00:00\",\"dateModified\":\"2025-10-26T00:52:25+00:00\",\"mainEntityOfPage\":{\"@id\":\"https:\\\/\\\/www.arquimaster.com.ar\\\/web\\\/la-bienal-ba15-congrega-la-cultura-arquitectonica-mundial-durante-un-mes-en-buenos-aires\\\/\"},\"wordCount\":429,\"publisher\":{\"@id\":\"https:\\\/\\\/www.arquimaster.com.ar\\\/web\\\/#organization\"},\"image\":{\"@id\":\"https:\\\/\\\/www.arquimaster.com.ar\\\/web\\\/la-bienal-ba15-congrega-la-cultura-arquitectonica-mundial-durante-un-mes-en-buenos-aires\\\/#primaryimage\"},\"thumbnailUrl\":\"https:\\\/\\\/www.arquimaster.com.ar\\\/web\\\/wp-content\\\/uploads\\\/2015\\\/09\\\/bienal_ba_cultura_arquitectonica_slide.jpg\",\"keywords\":[\"bienal\",\"Bienal BA\",\"Bienal de Buenos Aires\"],\"articleSection\":[\"Noticias de arquitectura y dise\u00f1o\",\"Novedades\"],\"inLanguage\":\"es\"},{\"@type\":\"WebPage\",\"@id\":\"https:\\\/\\\/www.arquimaster.com.ar\\\/web\\\/la-bienal-ba15-congrega-la-cultura-arquitectonica-mundial-durante-un-mes-en-buenos-aires\\\/\",\"url\":\"https:\\\/\\\/www.arquimaster.com.ar\\\/web\\\/la-bienal-ba15-congrega-la-cultura-arquitectonica-mundial-durante-un-mes-en-buenos-aires\\\/\",\"name\":\"La Bienal BA15 congrega la cultura arquitect\u00f3nica mundial durante un mes en Buenos Aires - Arquimaster\",\"isPartOf\":{\"@id\":\"https:\\\/\\\/www.arquimaster.com.ar\\\/web\\\/#website\"},\"primaryImageOfPage\":{\"@id\":\"https:\\\/\\\/www.arquimaster.com.ar\\\/web\\\/la-bienal-ba15-congrega-la-cultura-arquitectonica-mundial-durante-un-mes-en-buenos-aires\\\/#primaryimage\"},\"image\":{\"@id\":\"https:\\\/\\\/www.arquimaster.com.ar\\\/web\\\/la-bienal-ba15-congrega-la-cultura-arquitectonica-mundial-durante-un-mes-en-buenos-aires\\\/#primaryimage\"},\"thumbnailUrl\":\"https:\\\/\\\/www.arquimaster.com.ar\\\/web\\\/wp-content\\\/uploads\\\/2015\\\/09\\\/bienal_ba_cultura_arquitectonica_slide.jpg\",\"datePublished\":\"2015-09-04T03:03:18+00:00\",\"dateModified\":\"2025-10-26T00:52:25+00:00\",\"breadcrumb\":{\"@id\":\"https:\\\/\\\/www.arquimaster.com.ar\\\/web\\\/la-bienal-ba15-congrega-la-cultura-arquitectonica-mundial-durante-un-mes-en-buenos-aires\\\/#breadcrumb\"},\"inLanguage\":\"es\",\"potentialAction\":[{\"@type\":\"ReadAction\",\"target\":[\"https:\\\/\\\/www.arquimaster.com.ar\\\/web\\\/la-bienal-ba15-congrega-la-cultura-arquitectonica-mundial-durante-un-mes-en-buenos-aires\\\/\"]}]},{\"@type\":\"ImageObject\",\"inLanguage\":\"es\",\"@id\":\"https:\\\/\\\/www.arquimaster.com.ar\\\/web\\\/la-bienal-ba15-congrega-la-cultura-arquitectonica-mundial-durante-un-mes-en-buenos-aires\\\/#primaryimage\",\"url\":\"https:\\\/\\\/www.arquimaster.com.ar\\\/web\\\/wp-content\\\/uploads\\\/2015\\\/09\\\/bienal_ba_cultura_arquitectonica_slide.jpg\",\"contentUrl\":\"https:\\\/\\\/www.arquimaster.com.ar\\\/web\\\/wp-content\\\/uploads\\\/2015\\\/09\\\/bienal_ba_cultura_arquitectonica_slide.jpg\",\"width\":642,\"height\":336},{\"@type\":\"BreadcrumbList\",\"@id\":\"https:\\\/\\\/www.arquimaster.com.ar\\\/web\\\/la-bienal-ba15-congrega-la-cultura-arquitectonica-mundial-durante-un-mes-en-buenos-aires\\\/#breadcrumb\",\"itemListElement\":[{\"@type\":\"ListItem\",\"position\":1,\"name\":\"Portada\",\"item\":\"https:\\\/\\\/www.arquimaster.com.ar\\\/web\\\/\"},{\"@type\":\"ListItem\",\"position\":2,\"name\":\"La Bienal BA15 congrega la cultura arquitect\u00f3nica mundial durante un mes en Buenos Aires\"}]},{\"@type\":\"WebSite\",\"@id\":\"https:\\\/\\\/www.arquimaster.com.ar\\\/web\\\/#website\",\"url\":\"https:\\\/\\\/www.arquimaster.com.ar\\\/web\\\/\",\"name\":\"Arquimaster\",\"description\":\"Web de arquitectura, dise\u00f1o y construccion\",\"publisher\":{\"@id\":\"https:\\\/\\\/www.arquimaster.com.ar\\\/web\\\/#organization\"},\"potentialAction\":[{\"@type\":\"SearchAction\",\"target\":{\"@type\":\"EntryPoint\",\"urlTemplate\":\"https:\\\/\\\/www.arquimaster.com.ar\\\/web\\\/?s={search_term_string}\"},\"query-input\":{\"@type\":\"PropertyValueSpecification\",\"valueRequired\":true,\"valueName\":\"search_term_string\"}}],\"inLanguage\":\"es\"},{\"@type\":\"Organization\",\"@id\":\"https:\\\/\\\/www.arquimaster.com.ar\\\/web\\\/#organization\",\"name\":\"Arquimaster\",\"url\":\"https:\\\/\\\/www.arquimaster.com.ar\\\/web\\\/\",\"logo\":{\"@type\":\"ImageObject\",\"inLanguage\":\"es\",\"@id\":\"https:\\\/\\\/www.arquimaster.com.ar\\\/web\\\/#\\\/schema\\\/logo\\\/image\\\/\",\"url\":\"https:\\\/\\\/www.arquimaster.com.ar\\\/web\\\/wp-content\\\/uploads\\\/2022\\\/06\\\/arquimaster.png\",\"contentUrl\":\"https:\\\/\\\/www.arquimaster.com.ar\\\/web\\\/wp-content\\\/uploads\\\/2022\\\/06\\\/arquimaster.png\",\"width\":594,\"height\":78,\"caption\":\"Arquimaster\"},\"image\":{\"@id\":\"https:\\\/\\\/www.arquimaster.com.ar\\\/web\\\/#\\\/schema\\\/logo\\\/image\\\/\"},\"sameAs\":[\"http:\\\/\\\/www.facebook.com\\\/ARQUIMASTER.com.ar\",\"https:\\\/\\\/x.com\\\/arquimaster\",\"https:\\\/\\\/www.instagram.com\\\/arquimasterblog\\\/\",\"https:\\\/\\\/www.linkedin.com\\\/company\\\/arquimaster\",\"https:\\\/\\\/www.pinterest.com\\\/arquimaster\",\"https:\\\/\\\/t.me\\\/arquimaster\"]},{\"@type\":\"Person\",\"@id\":\"https:\\\/\\\/www.arquimaster.com.ar\\\/web\\\/#\\\/schema\\\/person\\\/359e9f7c00193fcde068e0dd2ceb0028\",\"name\":\"Arquimaster\"}]}<\/script>\n<!-- \/ Yoast SEO plugin. -->","yoast_head_json":{"title":"La Bienal BA15 congrega la cultura arquitect\u00f3nica mundial durante un mes en Buenos Aires - Arquimaster","robots":{"index":"index","follow":"follow","max-snippet":"max-snippet:-1","max-image-preview":"max-image-preview:large","max-video-preview":"max-video-preview:-1"},"canonical":"https:\/\/www.arquimaster.com.ar\/web\/la-bienal-ba15-congrega-la-cultura-arquitectonica-mundial-durante-un-mes-en-buenos-aires\/","og_locale":"es_ES","og_type":"article","og_title":"La Bienal BA15 congrega la cultura arquitect\u00f3nica mundial durante un mes en Buenos Aires - Arquimaster","og_description":"La Bienal de Arquitectura de Buenos Aires se realizara del 5 de septiembre al 4 de octubre...","og_url":"https:\/\/www.arquimaster.com.ar\/web\/la-bienal-ba15-congrega-la-cultura-arquitectonica-mundial-durante-un-mes-en-buenos-aires\/","og_site_name":"Arquimaster","article_publisher":"http:\/\/www.facebook.com\/ARQUIMASTER.com.ar","article_published_time":"2015-09-04T03:03:18+00:00","article_modified_time":"2025-10-26T00:52:25+00:00","og_image":[{"width":642,"height":336,"url":"https:\/\/www.arquimaster.com.ar\/web\/wp-content\/uploads\/2015\/09\/bienal_ba_cultura_arquitectonica_slide.jpg","type":"image\/jpeg"}],"author":"Arquimaster","twitter_card":"summary_large_image","twitter_creator":"@arquimaster","twitter_site":"@arquimaster","twitter_misc":{"Escrito por":"Arquimaster","Tiempo de lectura":"2 minutos"},"schema":{"@context":"https:\/\/schema.org","@graph":[{"@type":"Article","@id":"https:\/\/www.arquimaster.com.ar\/web\/la-bienal-ba15-congrega-la-cultura-arquitectonica-mundial-durante-un-mes-en-buenos-aires\/#article","isPartOf":{"@id":"https:\/\/www.arquimaster.com.ar\/web\/la-bienal-ba15-congrega-la-cultura-arquitectonica-mundial-durante-un-mes-en-buenos-aires\/"},"author":{"name":"Arquimaster","@id":"https:\/\/www.arquimaster.com.ar\/web\/#\/schema\/person\/359e9f7c00193fcde068e0dd2ceb0028"},"headline":"La Bienal BA15 congrega la cultura arquitect\u00f3nica mundial durante un mes en Buenos Aires","datePublished":"2015-09-04T03:03:18+00:00","dateModified":"2025-10-26T00:52:25+00:00","mainEntityOfPage":{"@id":"https:\/\/www.arquimaster.com.ar\/web\/la-bienal-ba15-congrega-la-cultura-arquitectonica-mundial-durante-un-mes-en-buenos-aires\/"},"wordCount":429,"publisher":{"@id":"https:\/\/www.arquimaster.com.ar\/web\/#organization"},"image":{"@id":"https:\/\/www.arquimaster.com.ar\/web\/la-bienal-ba15-congrega-la-cultura-arquitectonica-mundial-durante-un-mes-en-buenos-aires\/#primaryimage"},"thumbnailUrl":"https:\/\/www.arquimaster.com.ar\/web\/wp-content\/uploads\/2015\/09\/bienal_ba_cultura_arquitectonica_slide.jpg","keywords":["bienal","Bienal BA","Bienal de Buenos Aires"],"articleSection":["Noticias de arquitectura y dise\u00f1o","Novedades"],"inLanguage":"es"},{"@type":"WebPage","@id":"https:\/\/www.arquimaster.com.ar\/web\/la-bienal-ba15-congrega-la-cultura-arquitectonica-mundial-durante-un-mes-en-buenos-aires\/","url":"https:\/\/www.arquimaster.com.ar\/web\/la-bienal-ba15-congrega-la-cultura-arquitectonica-mundial-durante-un-mes-en-buenos-aires\/","name":"La Bienal BA15 congrega la cultura arquitect\u00f3nica mundial durante un mes en Buenos Aires - Arquimaster","isPartOf":{"@id":"https:\/\/www.arquimaster.com.ar\/web\/#website"},"primaryImageOfPage":{"@id":"https:\/\/www.arquimaster.com.ar\/web\/la-bienal-ba15-congrega-la-cultura-arquitectonica-mundial-durante-un-mes-en-buenos-aires\/#primaryimage"},"image":{"@id":"https:\/\/www.arquimaster.com.ar\/web\/la-bienal-ba15-congrega-la-cultura-arquitectonica-mundial-durante-un-mes-en-buenos-aires\/#primaryimage"},"thumbnailUrl":"https:\/\/www.arquimaster.com.ar\/web\/wp-content\/uploads\/2015\/09\/bienal_ba_cultura_arquitectonica_slide.jpg","datePublished":"2015-09-04T03:03:18+00:00","dateModified":"2025-10-26T00:52:25+00:00","breadcrumb":{"@id":"https:\/\/www.arquimaster.com.ar\/web\/la-bienal-ba15-congrega-la-cultura-arquitectonica-mundial-durante-un-mes-en-buenos-aires\/#breadcrumb"},"inLanguage":"es","potentialAction":[{"@type":"ReadAction","target":["https:\/\/www.arquimaster.com.ar\/web\/la-bienal-ba15-congrega-la-cultura-arquitectonica-mundial-durante-un-mes-en-buenos-aires\/"]}]},{"@type":"ImageObject","inLanguage":"es","@id":"https:\/\/www.arquimaster.com.ar\/web\/la-bienal-ba15-congrega-la-cultura-arquitectonica-mundial-durante-un-mes-en-buenos-aires\/#primaryimage","url":"https:\/\/www.arquimaster.com.ar\/web\/wp-content\/uploads\/2015\/09\/bienal_ba_cultura_arquitectonica_slide.jpg","contentUrl":"https:\/\/www.arquimaster.com.ar\/web\/wp-content\/uploads\/2015\/09\/bienal_ba_cultura_arquitectonica_slide.jpg","width":642,"height":336},{"@type":"BreadcrumbList","@id":"https:\/\/www.arquimaster.com.ar\/web\/la-bienal-ba15-congrega-la-cultura-arquitectonica-mundial-durante-un-mes-en-buenos-aires\/#breadcrumb","itemListElement":[{"@type":"ListItem","position":1,"name":"Portada","item":"https:\/\/www.arquimaster.com.ar\/web\/"},{"@type":"ListItem","position":2,"name":"La Bienal BA15 congrega la cultura arquitect\u00f3nica mundial durante un mes en Buenos Aires"}]},{"@type":"WebSite","@id":"https:\/\/www.arquimaster.com.ar\/web\/#website","url":"https:\/\/www.arquimaster.com.ar\/web\/","name":"Arquimaster","description":"Web de arquitectura, dise\u00f1o y construccion","publisher":{"@id":"https:\/\/www.arquimaster.com.ar\/web\/#organization"},"potentialAction":[{"@type":"SearchAction","target":{"@type":"EntryPoint","urlTemplate":"https:\/\/www.arquimaster.com.ar\/web\/?s={search_term_string}"},"query-input":{"@type":"PropertyValueSpecification","valueRequired":true,"valueName":"search_term_string"}}],"inLanguage":"es"},{"@type":"Organization","@id":"https:\/\/www.arquimaster.com.ar\/web\/#organization","name":"Arquimaster","url":"https:\/\/www.arquimaster.com.ar\/web\/","logo":{"@type":"ImageObject","inLanguage":"es","@id":"https:\/\/www.arquimaster.com.ar\/web\/#\/schema\/logo\/image\/","url":"https:\/\/www.arquimaster.com.ar\/web\/wp-content\/uploads\/2022\/06\/arquimaster.png","contentUrl":"https:\/\/www.arquimaster.com.ar\/web\/wp-content\/uploads\/2022\/06\/arquimaster.png","width":594,"height":78,"caption":"Arquimaster"},"image":{"@id":"https:\/\/www.arquimaster.com.ar\/web\/#\/schema\/logo\/image\/"},"sameAs":["http:\/\/www.facebook.com\/ARQUIMASTER.com.ar","https:\/\/x.com\/arquimaster","https:\/\/www.instagram.com\/arquimasterblog\/","https:\/\/www.linkedin.com\/company\/arquimaster","https:\/\/www.pinterest.com\/arquimaster","https:\/\/t.me\/arquimaster"]},{"@type":"Person","@id":"https:\/\/www.arquimaster.com.ar\/web\/#\/schema\/person\/359e9f7c00193fcde068e0dd2ceb0028","name":"Arquimaster"}]}},"uagb_featured_image_src":{"full":["https:\/\/www.arquimaster.com.ar\/web\/wp-content\/uploads\/2015\/09\/bienal_ba_cultura_arquitectonica_slide.jpg",642,336,false],"thumbnail":["https:\/\/www.arquimaster.com.ar\/web\/wp-content\/uploads\/2015\/09\/bienal_ba_cultura_arquitectonica_slide-150x150.jpg",150,150,true],"medium":["https:\/\/www.arquimaster.com.ar\/web\/wp-content\/uploads\/2015\/09\/bienal_ba_cultura_arquitectonica_slide.jpg",642,336,false],"medium_large":["https:\/\/www.arquimaster.com.ar\/web\/wp-content\/uploads\/2015\/09\/bienal_ba_cultura_arquitectonica_slide.jpg",642,336,false],"large":["https:\/\/www.arquimaster.com.ar\/web\/wp-content\/uploads\/2015\/09\/bienal_ba_cultura_arquitectonica_slide.jpg",642,336,false],"1536x1536":["https:\/\/www.arquimaster.com.ar\/web\/wp-content\/uploads\/2015\/09\/bienal_ba_cultura_arquitectonica_slide.jpg",642,336,false],"2048x2048":["https:\/\/www.arquimaster.com.ar\/web\/wp-content\/uploads\/2015\/09\/bienal_ba_cultura_arquitectonica_slide.jpg",642,336,false]},"uagb_author_info":{"display_name":"Arquimaster","author_link":"https:\/\/www.arquimaster.com.ar\/web\/author\/arquimaster\/"},"uagb_comment_info":0,"uagb_excerpt":"La Bienal de Arquitectura de Buenos Aires se realizara del 5 de septiembre al 4 de octubre...","_links":{"self":[{"href":"https:\/\/www.arquimaster.com.ar\/web\/wp-json\/wp\/v2\/posts\/17094","targetHints":{"allow":["GET"]}}],"collection":[{"href":"https:\/\/www.arquimaster.com.ar\/web\/wp-json\/wp\/v2\/posts"}],"about":[{"href":"https:\/\/www.arquimaster.com.ar\/web\/wp-json\/wp\/v2\/types\/post"}],"author":[{"embeddable":true,"href":"https:\/\/www.arquimaster.com.ar\/web\/wp-json\/wp\/v2\/users\/1"}],"replies":[{"embeddable":true,"href":"https:\/\/www.arquimaster.com.ar\/web\/wp-json\/wp\/v2\/comments?post=17094"}],"version-history":[{"count":1,"href":"https:\/\/www.arquimaster.com.ar\/web\/wp-json\/wp\/v2\/posts\/17094\/revisions"}],"predecessor-version":[{"id":86444,"href":"https:\/\/www.arquimaster.com.ar\/web\/wp-json\/wp\/v2\/posts\/17094\/revisions\/86444"}],"wp:featuredmedia":[{"embeddable":true,"href":"https:\/\/www.arquimaster.com.ar\/web\/wp-json\/wp\/v2\/media\/17095"}],"wp:attachment":[{"href":"https:\/\/www.arquimaster.com.ar\/web\/wp-json\/wp\/v2\/media?parent=17094"}],"wp:term":[{"taxonomy":"category","embeddable":true,"href":"https:\/\/www.arquimaster.com.ar\/web\/wp-json\/wp\/v2\/categories?post=17094"},{"taxonomy":"post_tag","embeddable":true,"href":"https:\/\/www.arquimaster.com.ar\/web\/wp-json\/wp\/v2\/tags?post=17094"}],"curies":[{"name":"wp","href":"https:\/\/api.w.org\/{rel}","templated":true}]}}