{"id":17131,"date":"2015-09-07T20:56:11","date_gmt":"2015-09-07T20:56:11","guid":{"rendered":"http:\/\/www.arquimaster.com.ar\/web\/?p=17131"},"modified":"2025-10-25T21:52:16","modified_gmt":"2025-10-26T00:52:16","slug":"comienzan-las-conferencias-magistrales-de-la-bienal-internacional-de-arquitectura-de-buenos-aires-ba15","status":"publish","type":"post","link":"https:\/\/www.arquimaster.com.ar\/web\/comienzan-las-conferencias-magistrales-de-la-bienal-internacional-de-arquitectura-de-buenos-aires-ba15\/","title":{"rendered":"Comienzan las Conferencias Magistrales de la Bienal Internacional de Arquitectura de Buenos Aires BA15"},"content":{"rendered":"<div style=\"margin-top: 0px; margin-bottom: 0px;\" class=\"sharethis-inline-share-buttons\" ><\/div><div class=\"b812932af2e751442846f039925109de\" data-index=\"1\" style=\"float: none; margin:25px 0 25px 0; text-align:center;\">\n<script async src=\"https:\/\/pagead2.googlesyndication.com\/pagead\/js\/adsbygoogle.js\"><\/script>\r\n<!-- Arquimaster (superior) -->\r\n<ins class=\"adsbygoogle\"\r\n     style=\"display:block\"\r\n     data-ad-client=\"ca-pub-6351072698456832\"\r\n     data-ad-slot=\"6455489680\"\r\n     data-ad-format=\"auto\"\r\n     data-full-width-responsive=\"true\"><\/ins>\r\n<script>\r\n     (adsbygoogle = window.adsbygoogle || []).push({});\r\n<\/script>\n<\/div>\n<p><em><strong>El martes 8 de septiembre de 2015 comienzan las Conferencias Magistrales de la Bienal Internacional de Arquitectura de Buenos Aires BA15, en el Auditorio Buenos Aires. La apertura oficial estar\u00e1 dirigida por el Arq. Carlos Sallaberry -director de la Bienal BA15- y contar\u00e1 con la presencia de autoridades p\u00fablicas, como Hern\u00e1n Lombardi, Jorge S\u00e1bato y Claudio Massetti. Entre las conferencias se destacan una mesa de debate sobre \u00abEcos del MoMA\u00bb -a las 11.15 horas-, y el cierre de la jornada que estar\u00e1 a cargo del alem\u00e1n Kai Uwe Bergmann -titular del estudio BIG-, a las 20.15 horas. Asimismo, ma\u00f1ana por la tarde inauguran las exposiciones de la Bienal BA15, con la muestra \u00abPrimera Antolog\u00eda del Siglo XX -Arquitectos, artistas y dise\u00f1adores\u00bb, en la sala Cronopios del Centro Cultural Recoleta. <\/strong><\/em><\/p>\n<div id='gallery-1' class='gallery galleryid-17131 gallery-columns-3 gallery-size-thumbnail'><figure class='gallery-item'>\n\t\t\t<div class='gallery-icon landscape'>\n\t\t\t\t<a href='https:\/\/www.arquimaster.com.ar\/web\/wp-content\/uploads\/2015\/09\/comienza_bienal_ba1.jpg' title=\"Comienzan las Conferencias Magistrales de la Bienal Internacional de Arquitectura de Buenos Aires BA15\" data-rl_title=\"Comienzan las Conferencias Magistrales de la Bienal Internacional de Arquitectura de Buenos Aires BA15\" class=\"rl-gallery-link\" data-rl_caption=\"Comienzan las Conferencias Magistrales de la Bienal Internacional de Arquitectura de Buenos Aires BA15\" data-rel=\"lightbox-gallery-1\"><img loading=\"lazy\" decoding=\"async\" width=\"150\" height=\"150\" src=\"https:\/\/www.arquimaster.com.ar\/web\/wp-content\/uploads\/2015\/09\/comienza_bienal_ba1-150x150.jpg\" class=\"attachment-thumbnail size-thumbnail\" alt=\"\" aria-describedby=\"gallery-1-17168\" srcset=\"https:\/\/www.arquimaster.com.ar\/web\/wp-content\/uploads\/2015\/09\/comienza_bienal_ba1-150x150.jpg 150w, https:\/\/www.arquimaster.com.ar\/web\/wp-content\/uploads\/2015\/09\/comienza_bienal_ba1-50x50.jpg 50w, https:\/\/www.arquimaster.com.ar\/web\/wp-content\/uploads\/2015\/09\/comienza_bienal_ba1-125x125.jpg 125w\" sizes=\"auto, (max-width: 150px) 100vw, 150px\" \/><\/a>\n\t\t\t<\/div>\n\t\t\t\t<figcaption class='wp-caption-text gallery-caption' id='gallery-1-17168'>\n\t\t\t\tComienzan las Conferencias Magistrales de la Bienal Internacional de Arquitectura de Buenos Aires BA15\n\t\t\t\t<\/figcaption><\/figure><figure class='gallery-item'>\n\t\t\t<div class='gallery-icon landscape'>\n\t\t\t\t<a href='https:\/\/www.arquimaster.com.ar\/web\/wp-content\/uploads\/2015\/09\/comienza_bienal_ba2.jpg' title=\"Comienzan las Conferencias Magistrales de la Bienal Internacional de Arquitectura de Buenos Aires BA15\" data-rl_title=\"Comienzan las Conferencias Magistrales de la Bienal Internacional de Arquitectura de Buenos Aires BA15\" class=\"rl-gallery-link\" data-rl_caption=\"Comienzan las Conferencias Magistrales de la Bienal Internacional de Arquitectura de Buenos Aires BA15\" data-rel=\"lightbox-gallery-1\"><img loading=\"lazy\" decoding=\"async\" width=\"150\" height=\"150\" src=\"https:\/\/www.arquimaster.com.ar\/web\/wp-content\/uploads\/2015\/09\/comienza_bienal_ba2-150x150.jpg\" class=\"attachment-thumbnail size-thumbnail\" alt=\"\" aria-describedby=\"gallery-1-17169\" srcset=\"https:\/\/www.arquimaster.com.ar\/web\/wp-content\/uploads\/2015\/09\/comienza_bienal_ba2-150x150.jpg 150w, https:\/\/www.arquimaster.com.ar\/web\/wp-content\/uploads\/2015\/09\/comienza_bienal_ba2-50x50.jpg 50w, https:\/\/www.arquimaster.com.ar\/web\/wp-content\/uploads\/2015\/09\/comienza_bienal_ba2-125x125.jpg 125w\" sizes=\"auto, (max-width: 150px) 100vw, 150px\" \/><\/a>\n\t\t\t<\/div>\n\t\t\t\t<figcaption class='wp-caption-text gallery-caption' id='gallery-1-17169'>\n\t\t\t\tComienzan las Conferencias Magistrales de la Bienal Internacional de Arquitectura de Buenos Aires BA15\n\t\t\t\t<\/figcaption><\/figure><figure class='gallery-item'>\n\t\t\t<div class='gallery-icon landscape'>\n\t\t\t\t<a href='https:\/\/www.arquimaster.com.ar\/web\/wp-content\/uploads\/2015\/09\/comienza_bienal_ba3.jpg' title=\"Comienzan las Conferencias Magistrales de la Bienal Internacional de Arquitectura de Buenos Aires BA15\" data-rl_title=\"Comienzan las Conferencias Magistrales de la Bienal Internacional de Arquitectura de Buenos Aires BA15\" class=\"rl-gallery-link\" data-rl_caption=\"Comienzan las Conferencias Magistrales de la Bienal Internacional de Arquitectura de Buenos Aires BA15\" data-rel=\"lightbox-gallery-1\"><img loading=\"lazy\" decoding=\"async\" width=\"150\" height=\"150\" src=\"https:\/\/www.arquimaster.com.ar\/web\/wp-content\/uploads\/2015\/09\/comienza_bienal_ba3-150x150.jpg\" class=\"attachment-thumbnail size-thumbnail\" alt=\"\" aria-describedby=\"gallery-1-17170\" srcset=\"https:\/\/www.arquimaster.com.ar\/web\/wp-content\/uploads\/2015\/09\/comienza_bienal_ba3-150x150.jpg 150w, https:\/\/www.arquimaster.com.ar\/web\/wp-content\/uploads\/2015\/09\/comienza_bienal_ba3-50x50.jpg 50w, https:\/\/www.arquimaster.com.ar\/web\/wp-content\/uploads\/2015\/09\/comienza_bienal_ba3-125x125.jpg 125w\" sizes=\"auto, (max-width: 150px) 100vw, 150px\" \/><\/a>\n\t\t\t<\/div>\n\t\t\t\t<figcaption class='wp-caption-text gallery-caption' id='gallery-1-17170'>\n\t\t\t\tComienzan las Conferencias Magistrales de la Bienal Internacional de Arquitectura de Buenos Aires BA15\n\t\t\t\t<\/figcaption><\/figure><figure class='gallery-item'>\n\t\t\t<div class='gallery-icon landscape'>\n\t\t\t\t<a href='https:\/\/www.arquimaster.com.ar\/web\/wp-content\/uploads\/2015\/09\/comienza_bienal_ba4.jpg' title=\"Comienzan las Conferencias Magistrales de la Bienal Internacional de Arquitectura de Buenos Aires BA15\" data-rl_title=\"Comienzan las Conferencias Magistrales de la Bienal Internacional de Arquitectura de Buenos Aires BA15\" class=\"rl-gallery-link\" data-rl_caption=\"Comienzan las Conferencias Magistrales de la Bienal Internacional de Arquitectura de Buenos Aires BA15\" data-rel=\"lightbox-gallery-1\"><img loading=\"lazy\" decoding=\"async\" width=\"150\" height=\"150\" src=\"https:\/\/www.arquimaster.com.ar\/web\/wp-content\/uploads\/2015\/09\/comienza_bienal_ba4-150x150.jpg\" class=\"attachment-thumbnail size-thumbnail\" alt=\"\" aria-describedby=\"gallery-1-17171\" srcset=\"https:\/\/www.arquimaster.com.ar\/web\/wp-content\/uploads\/2015\/09\/comienza_bienal_ba4-150x150.jpg 150w, https:\/\/www.arquimaster.com.ar\/web\/wp-content\/uploads\/2015\/09\/comienza_bienal_ba4-50x50.jpg 50w, https:\/\/www.arquimaster.com.ar\/web\/wp-content\/uploads\/2015\/09\/comienza_bienal_ba4-125x125.jpg 125w\" sizes=\"auto, (max-width: 150px) 100vw, 150px\" \/><\/a>\n\t\t\t<\/div>\n\t\t\t\t<figcaption class='wp-caption-text gallery-caption' id='gallery-1-17171'>\n\t\t\t\tComienzan las Conferencias Magistrales de la Bienal Internacional de Arquitectura de Buenos Aires BA15\n\t\t\t\t<\/figcaption><\/figure><figure class='gallery-item'>\n\t\t\t<div class='gallery-icon landscape'>\n\t\t\t\t<a href='https:\/\/www.arquimaster.com.ar\/web\/wp-content\/uploads\/2015\/09\/comienza_bienal_ba5.jpg' title=\"Comienzan las Conferencias Magistrales de la Bienal Internacional de Arquitectura de Buenos Aires BA15\" data-rl_title=\"Comienzan las Conferencias Magistrales de la Bienal Internacional de Arquitectura de Buenos Aires BA15\" class=\"rl-gallery-link\" data-rl_caption=\"Comienzan las Conferencias Magistrales de la Bienal Internacional de Arquitectura de Buenos Aires BA15\" data-rel=\"lightbox-gallery-1\"><img loading=\"lazy\" decoding=\"async\" width=\"150\" height=\"150\" src=\"https:\/\/www.arquimaster.com.ar\/web\/wp-content\/uploads\/2015\/09\/comienza_bienal_ba5-150x150.jpg\" class=\"attachment-thumbnail size-thumbnail\" alt=\"\" aria-describedby=\"gallery-1-17172\" srcset=\"https:\/\/www.arquimaster.com.ar\/web\/wp-content\/uploads\/2015\/09\/comienza_bienal_ba5-150x150.jpg 150w, https:\/\/www.arquimaster.com.ar\/web\/wp-content\/uploads\/2015\/09\/comienza_bienal_ba5-50x50.jpg 50w, https:\/\/www.arquimaster.com.ar\/web\/wp-content\/uploads\/2015\/09\/comienza_bienal_ba5-125x125.jpg 125w, https:\/\/www.arquimaster.com.ar\/web\/wp-content\/uploads\/2015\/09\/comienza_bienal_ba5.jpg 800w\" sizes=\"auto, (max-width: 150px) 100vw, 150px\" \/><\/a>\n\t\t\t<\/div>\n\t\t\t\t<figcaption class='wp-caption-text gallery-caption' id='gallery-1-17172'>\n\t\t\t\tComienzan las Conferencias Magistrales de la Bienal Internacional de Arquitectura de Buenos Aires BA15\n\t\t\t\t<\/figcaption><\/figure><figure class='gallery-item'>\n\t\t\t<div class='gallery-icon portrait'>\n\t\t\t\t<a href='https:\/\/www.arquimaster.com.ar\/web\/wp-content\/uploads\/2015\/09\/comienza_bienal_ba6.jpg' title=\"Comienzan las Conferencias Magistrales de la Bienal Internacional de Arquitectura de Buenos Aires BA15\" data-rl_title=\"Comienzan las Conferencias Magistrales de la Bienal Internacional de Arquitectura de Buenos Aires BA15\" class=\"rl-gallery-link\" data-rl_caption=\"Comienzan las Conferencias Magistrales de la Bienal Internacional de Arquitectura de Buenos Aires BA15\" data-rel=\"lightbox-gallery-1\"><img loading=\"lazy\" decoding=\"async\" width=\"150\" height=\"150\" src=\"https:\/\/www.arquimaster.com.ar\/web\/wp-content\/uploads\/2015\/09\/comienza_bienal_ba6-150x150.jpg\" class=\"attachment-thumbnail size-thumbnail\" alt=\"\" aria-describedby=\"gallery-1-17173\" srcset=\"https:\/\/www.arquimaster.com.ar\/web\/wp-content\/uploads\/2015\/09\/comienza_bienal_ba6-150x150.jpg 150w, https:\/\/www.arquimaster.com.ar\/web\/wp-content\/uploads\/2015\/09\/comienza_bienal_ba6-50x50.jpg 50w, https:\/\/www.arquimaster.com.ar\/web\/wp-content\/uploads\/2015\/09\/comienza_bienal_ba6-125x125.jpg 125w\" sizes=\"auto, (max-width: 150px) 100vw, 150px\" \/><\/a>\n\t\t\t<\/div>\n\t\t\t\t<figcaption class='wp-caption-text gallery-caption' id='gallery-1-17173'>\n\t\t\t\tComienzan las Conferencias Magistrales de la Bienal Internacional de Arquitectura de Buenos Aires BA15\n\t\t\t\t<\/figcaption><\/figure><figure class='gallery-item'>\n\t\t\t<div class='gallery-icon landscape'>\n\t\t\t\t<a href='https:\/\/www.arquimaster.com.ar\/web\/wp-content\/uploads\/2015\/09\/comienza_bienal_ba7.jpg' title=\"Comienzan las Conferencias Magistrales de la Bienal Internacional de Arquitectura de Buenos Aires BA15\" data-rl_title=\"Comienzan las Conferencias Magistrales de la Bienal Internacional de Arquitectura de Buenos Aires BA15\" class=\"rl-gallery-link\" data-rl_caption=\"Comienzan las Conferencias Magistrales de la Bienal Internacional de Arquitectura de Buenos Aires BA15\" data-rel=\"lightbox-gallery-1\"><img loading=\"lazy\" decoding=\"async\" width=\"150\" height=\"150\" src=\"https:\/\/www.arquimaster.com.ar\/web\/wp-content\/uploads\/2015\/09\/comienza_bienal_ba7-150x150.jpg\" class=\"attachment-thumbnail size-thumbnail\" alt=\"\" aria-describedby=\"gallery-1-17174\" srcset=\"https:\/\/www.arquimaster.com.ar\/web\/wp-content\/uploads\/2015\/09\/comienza_bienal_ba7-150x150.jpg 150w, https:\/\/www.arquimaster.com.ar\/web\/wp-content\/uploads\/2015\/09\/comienza_bienal_ba7-50x50.jpg 50w, https:\/\/www.arquimaster.com.ar\/web\/wp-content\/uploads\/2015\/09\/comienza_bienal_ba7-125x125.jpg 125w\" sizes=\"auto, (max-width: 150px) 100vw, 150px\" \/><\/a>\n\t\t\t<\/div>\n\t\t\t\t<figcaption class='wp-caption-text gallery-caption' id='gallery-1-17174'>\n\t\t\t\tComienzan las Conferencias Magistrales de la Bienal Internacional de Arquitectura de Buenos Aires BA15\n\t\t\t\t<\/figcaption><\/figure><figure class='gallery-item'>\n\t\t\t<div class='gallery-icon landscape'>\n\t\t\t\t<a href='https:\/\/www.arquimaster.com.ar\/web\/wp-content\/uploads\/2015\/09\/comienza_bienal_ba8.jpg' title=\"Comienzan las Conferencias Magistrales de la Bienal Internacional de Arquitectura de Buenos Aires BA15\" data-rl_title=\"Comienzan las Conferencias Magistrales de la Bienal Internacional de Arquitectura de Buenos Aires BA15\" class=\"rl-gallery-link\" data-rl_caption=\"Comienzan las Conferencias Magistrales de la Bienal Internacional de Arquitectura de Buenos Aires BA15\" data-rel=\"lightbox-gallery-1\"><img loading=\"lazy\" decoding=\"async\" width=\"150\" height=\"150\" src=\"https:\/\/www.arquimaster.com.ar\/web\/wp-content\/uploads\/2015\/09\/comienza_bienal_ba8-150x150.jpg\" class=\"attachment-thumbnail size-thumbnail\" alt=\"\" aria-describedby=\"gallery-1-17175\" srcset=\"https:\/\/www.arquimaster.com.ar\/web\/wp-content\/uploads\/2015\/09\/comienza_bienal_ba8-150x150.jpg 150w, https:\/\/www.arquimaster.com.ar\/web\/wp-content\/uploads\/2015\/09\/comienza_bienal_ba8-50x50.jpg 50w, https:\/\/www.arquimaster.com.ar\/web\/wp-content\/uploads\/2015\/09\/comienza_bienal_ba8-125x125.jpg 125w\" sizes=\"auto, (max-width: 150px) 100vw, 150px\" \/><\/a>\n\t\t\t<\/div>\n\t\t\t\t<figcaption class='wp-caption-text gallery-caption' id='gallery-1-17175'>\n\t\t\t\tComienzan las Conferencias Magistrales de la Bienal Internacional de Arquitectura de Buenos Aires BA15\n\t\t\t\t<\/figcaption><\/figure><figure class='gallery-item'>\n\t\t\t<div class='gallery-icon landscape'>\n\t\t\t\t<a href='https:\/\/www.arquimaster.com.ar\/web\/wp-content\/uploads\/2015\/09\/comienza_bienal_ba9.jpg' title=\"Comienzan las Conferencias Magistrales de la Bienal Internacional de Arquitectura de Buenos Aires BA15\" data-rl_title=\"Comienzan las Conferencias Magistrales de la Bienal Internacional de Arquitectura de Buenos Aires BA15\" class=\"rl-gallery-link\" data-rl_caption=\"Comienzan las Conferencias Magistrales de la Bienal Internacional de Arquitectura de Buenos Aires BA15\" data-rel=\"lightbox-gallery-1\"><img loading=\"lazy\" decoding=\"async\" width=\"150\" height=\"150\" src=\"https:\/\/www.arquimaster.com.ar\/web\/wp-content\/uploads\/2015\/09\/comienza_bienal_ba9-150x150.jpg\" class=\"attachment-thumbnail size-thumbnail\" alt=\"\" aria-describedby=\"gallery-1-17176\" srcset=\"https:\/\/www.arquimaster.com.ar\/web\/wp-content\/uploads\/2015\/09\/comienza_bienal_ba9-150x150.jpg 150w, https:\/\/www.arquimaster.com.ar\/web\/wp-content\/uploads\/2015\/09\/comienza_bienal_ba9-50x50.jpg 50w, https:\/\/www.arquimaster.com.ar\/web\/wp-content\/uploads\/2015\/09\/comienza_bienal_ba9-125x125.jpg 125w\" sizes=\"auto, (max-width: 150px) 100vw, 150px\" \/><\/a>\n\t\t\t<\/div>\n\t\t\t\t<figcaption class='wp-caption-text gallery-caption' id='gallery-1-17176'>\n\t\t\t\tComienzan las Conferencias Magistrales de la Bienal Internacional de Arquitectura de Buenos Aires BA15\n\t\t\t\t<\/figcaption><\/figure><figure class='gallery-item'>\n\t\t\t<div class='gallery-icon landscape'>\n\t\t\t\t<a href='https:\/\/www.arquimaster.com.ar\/web\/wp-content\/uploads\/2015\/09\/comienza_bienal_ba10.jpg' title=\"Comienzan las Conferencias Magistrales de la Bienal Internacional de Arquitectura de Buenos Aires BA15\" data-rl_title=\"Comienzan las Conferencias Magistrales de la Bienal Internacional de Arquitectura de Buenos Aires BA15\" class=\"rl-gallery-link\" data-rl_caption=\"Comienzan las Conferencias Magistrales de la Bienal Internacional de Arquitectura de Buenos Aires BA15\" data-rel=\"lightbox-gallery-1\"><img loading=\"lazy\" decoding=\"async\" width=\"150\" height=\"150\" src=\"https:\/\/www.arquimaster.com.ar\/web\/wp-content\/uploads\/2015\/09\/comienza_bienal_ba10-150x150.jpg\" class=\"attachment-thumbnail size-thumbnail\" alt=\"\" aria-describedby=\"gallery-1-17177\" srcset=\"https:\/\/www.arquimaster.com.ar\/web\/wp-content\/uploads\/2015\/09\/comienza_bienal_ba10-150x150.jpg 150w, https:\/\/www.arquimaster.com.ar\/web\/wp-content\/uploads\/2015\/09\/comienza_bienal_ba10-50x50.jpg 50w, https:\/\/www.arquimaster.com.ar\/web\/wp-content\/uploads\/2015\/09\/comienza_bienal_ba10-125x125.jpg 125w, https:\/\/www.arquimaster.com.ar\/web\/wp-content\/uploads\/2015\/09\/comienza_bienal_ba10.jpg 800w\" sizes=\"auto, (max-width: 150px) 100vw, 150px\" \/><\/a>\n\t\t\t<\/div>\n\t\t\t\t<figcaption class='wp-caption-text gallery-caption' id='gallery-1-17177'>\n\t\t\t\tComienzan las Conferencias Magistrales de la Bienal Internacional de Arquitectura de Buenos Aires BA15\n\t\t\t\t<\/figcaption><\/figure><figure class='gallery-item'>\n\t\t\t<div class='gallery-icon landscape'>\n\t\t\t\t<a href='https:\/\/www.arquimaster.com.ar\/web\/wp-content\/uploads\/2015\/09\/comienza_bienal_ba11.jpg' title=\"Comienzan las Conferencias Magistrales de la Bienal Internacional de Arquitectura de Buenos Aires BA15\" data-rl_title=\"Comienzan las Conferencias Magistrales de la Bienal Internacional de Arquitectura de Buenos Aires BA15\" class=\"rl-gallery-link\" data-rl_caption=\"Comienzan las Conferencias Magistrales de la Bienal Internacional de Arquitectura de Buenos Aires BA15\" data-rel=\"lightbox-gallery-1\"><img loading=\"lazy\" decoding=\"async\" width=\"150\" height=\"150\" src=\"https:\/\/www.arquimaster.com.ar\/web\/wp-content\/uploads\/2015\/09\/comienza_bienal_ba11-150x150.jpg\" class=\"attachment-thumbnail size-thumbnail\" alt=\"\" aria-describedby=\"gallery-1-17178\" srcset=\"https:\/\/www.arquimaster.com.ar\/web\/wp-content\/uploads\/2015\/09\/comienza_bienal_ba11-150x150.jpg 150w, https:\/\/www.arquimaster.com.ar\/web\/wp-content\/uploads\/2015\/09\/comienza_bienal_ba11-50x50.jpg 50w, https:\/\/www.arquimaster.com.ar\/web\/wp-content\/uploads\/2015\/09\/comienza_bienal_ba11-125x125.jpg 125w, https:\/\/www.arquimaster.com.ar\/web\/wp-content\/uploads\/2015\/09\/comienza_bienal_ba11.jpg 800w\" sizes=\"auto, (max-width: 150px) 100vw, 150px\" \/><\/a>\n\t\t\t<\/div>\n\t\t\t\t<figcaption class='wp-caption-text gallery-caption' id='gallery-1-17178'>\n\t\t\t\tComienzan las Conferencias Magistrales de la Bienal Internacional de Arquitectura de Buenos Aires BA15\n\t\t\t\t<\/figcaption><\/figure><figure class='gallery-item'>\n\t\t\t<div class='gallery-icon portrait'>\n\t\t\t\t<a href='https:\/\/www.arquimaster.com.ar\/web\/wp-content\/uploads\/2015\/09\/comienza_bienal_ba12.jpg' title=\"Comienzan las Conferencias Magistrales de la Bienal Internacional de Arquitectura de Buenos Aires BA15\" data-rl_title=\"Comienzan las Conferencias Magistrales de la Bienal Internacional de Arquitectura de Buenos Aires BA15\" class=\"rl-gallery-link\" data-rl_caption=\"Comienzan las Conferencias Magistrales de la Bienal Internacional de Arquitectura de Buenos Aires BA15\" data-rel=\"lightbox-gallery-1\"><img loading=\"lazy\" decoding=\"async\" width=\"150\" height=\"150\" src=\"https:\/\/www.arquimaster.com.ar\/web\/wp-content\/uploads\/2015\/09\/comienza_bienal_ba12-150x150.jpg\" class=\"attachment-thumbnail size-thumbnail\" alt=\"\" aria-describedby=\"gallery-1-17179\" srcset=\"https:\/\/www.arquimaster.com.ar\/web\/wp-content\/uploads\/2015\/09\/comienza_bienal_ba12-150x150.jpg 150w, https:\/\/www.arquimaster.com.ar\/web\/wp-content\/uploads\/2015\/09\/comienza_bienal_ba12-50x50.jpg 50w, https:\/\/www.arquimaster.com.ar\/web\/wp-content\/uploads\/2015\/09\/comienza_bienal_ba12-125x125.jpg 125w\" sizes=\"auto, (max-width: 150px) 100vw, 150px\" \/><\/a>\n\t\t\t<\/div>\n\t\t\t\t<figcaption class='wp-caption-text gallery-caption' id='gallery-1-17179'>\n\t\t\t\tComienzan las Conferencias Magistrales de la Bienal Internacional de Arquitectura de Buenos Aires BA15\n\t\t\t\t<\/figcaption><\/figure>\n\t\t<\/div>\n\n<p>La <strong>Bienal Internacional de Arquitectura de Buenos Aires BA15<\/strong> dio comienzo a sus actividades este fin de semana con el 1\u00ba Encuentro de Mujeres y Arquitectura, que cont\u00f3 con la presencia de destacadas arquitectas panelistas y m\u00e1s de 130 asistentes.<\/p>\n<p>El martes 8 de septiembre de 2015 comienza la semana de <strong>Conferencias Magistrales<\/strong> a las 9.45 horas con la presentaci\u00f3n del Arq. Carlos Sallaberry -director de la Bienal BA15- y autoridades p\u00fablicas, como Hern\u00e1n Lombardi -Ministro de Cultura de la Ciudad de Buenos Aires-, Jorge S\u00e1bato -Subsecretario de Proyectos de Urbanismo, Arquitectura e Infraestructura- y Claudio Massetti -director del CCR-.<\/p>\n<p>Las Conferencias se extienden hasta el viernes 11 de septiembre, con cerca de 50 profesionales de todo el mundo, en el Auditorio Buenos Aires -Av. Pueyrred\u00f3n 2501-. Asimismo, el martes 8 de septiembre se inaugura la tradicional <strong>exposici\u00f3n internacional de arquitectura<\/strong> con la <strong>muestra \u00abPrimera Antolog\u00eda del Siglo XX -Arquitectos, artistas y dise\u00f1adores\u00bb<\/strong>, ocupando todas las salas del Centro Cultural Recoleta.<\/p>\n<p>En esta edici\u00f3n, la Bienal BA15 se extender\u00e1 con actividades gratuitas a otros museos y espacios culturales importantes de Buenos Aires, como el CMD, Fundaci\u00f3n PROA, MAMBA, MARQ, Usina del Arte, y Foro de las Ciencias y las Artes de Vicente L\u00f3pez.<\/p>\n<p>Del 10 al 13 de septiembre se realizar\u00e1 en el MALBA el <strong>Festival de Cine \u00abLa arquitectura como autobiograf\u00eda\u00bb<\/strong>, con proyecciones del reconocido realizador alem\u00e1n Heinz Emigohlz, autor de m\u00faltiples pel\u00edculas de arquitectura.<\/p>\n<p>Adem\u00e1s, los s\u00e1bados 12 y 19 de septiembre habr\u00e1<strong> tours guiados<\/strong> por barrios como La Boca, San Telmo y Barracas, con entrada gratuita con inscripci\u00f3n previa.<\/p>\n<p>Del 14 al 17 de septiembre se desarrollar\u00e1 el <strong>Primer Encuentro de Comit\u00e9s Latinoamericanos de ICOMOS del Siglo XX<\/strong>, dirigido por el Arq. Enrique Madia -CICA-, en el CCR.<\/p>\n<p>Las actividades convocan al p\u00fablico en general, tomando a la arquitectura como un hecho cultural participativo de inter\u00e9s para la sociedad, incluyendo propuestas para los m\u00e1s chicos en el CCR, como <strong>Arquikids<\/strong> -26 de septiembre-, as\u00ed como tambi\u00e9n espacios para j\u00f3venes estudiantes y profesionales, a trav\u00e9s del <strong>Festival de Dise\u00f1o y Arquitectura<\/strong> -del 21 al 25 de septiembre en el CCR-.<\/p>\n<p>La organizaci\u00f3n y realizaci\u00f3n de la Bienal BA15 est\u00e1n a cargo de Pichon Rivi\u00e8re &amp; Diaz Bobillo Consultores -PR&amp;DB-. El Comit\u00e9 de Direcci\u00f3n est\u00e1 integrado por Carlos Sallaberry, Roberto Converti, Carlos L. Dibar, Juan Carlos Fervenza, Mat\u00edas Glusberg, Miguel Jurado, Daniel Mu\u00f1iz, Enrique Pichon Rivi\u00e8re y Tom\u00e1s Seeber. Las empresas Main Sponsors son Clar\u00edn ARQ, Cer\u00e1mica Alberdi, Fass Yakol, Hidromet, HunterDouglas, Knauf, Masisa, Modulmet, Orbis, Parex Group, Roca, Sapa Aluminium Argentina, Technal, Ternium Siderar, Tersuave y Vaca Desing.<\/p>\n\n<div style=\"font-size: 0px; height: 0px; line-height: 0px; margin: 0; padding: 0; clear: both;\"><\/div><div style=\"margin-top: 0px; margin-bottom: 0px;\" class=\"sharethis-inline-share-buttons\" ><\/div>","protected":false},"excerpt":{"rendered":"<p>Ademas inauguran las exposiciones y otras actividades en el marco de la bienal&#8230;<\/p>\n","protected":false},"author":1,"featured_media":17132,"comment_status":"closed","ping_status":"closed","sticky":false,"template":"","format":"standard","meta":{"_uag_custom_page_level_css":"","footnotes":""},"categories":[70,68],"tags":[467,3394,3395,378],"class_list":["post-17131","post","type-post","status-publish","format-standard","has-post-thumbnail","hentry","category-noticias-arquitectura","category-novedades","tag-bienal","tag-bienal-ba","tag-bienal-de-buenos-aires","tag-cesar-pelli","generate-columns","tablet-grid-50","mobile-grid-100","grid-parent","grid-50"],"yoast_head":"<!-- This site is optimized with the Yoast SEO plugin v27.3 - https:\/\/yoast.com\/product\/yoast-seo-wordpress\/ -->\n<title>Comienzan las Conferencias Magistrales de la Bienal Internacional de Arquitectura de Buenos Aires BA15 - Arquimaster<\/title>\n<meta name=\"robots\" content=\"index, follow, max-snippet:-1, max-image-preview:large, max-video-preview:-1\" \/>\n<link rel=\"canonical\" href=\"https:\/\/www.arquimaster.com.ar\/web\/comienzan-las-conferencias-magistrales-de-la-bienal-internacional-de-arquitectura-de-buenos-aires-ba15\/\" \/>\n<meta property=\"og:locale\" content=\"es_ES\" \/>\n<meta property=\"og:type\" content=\"article\" \/>\n<meta property=\"og:title\" content=\"Comienzan las Conferencias Magistrales de la Bienal Internacional de Arquitectura de Buenos Aires BA15 - Arquimaster\" \/>\n<meta property=\"og:description\" content=\"Ademas inauguran las exposiciones y otras actividades en el marco de la bienal...\" \/>\n<meta property=\"og:url\" content=\"https:\/\/www.arquimaster.com.ar\/web\/comienzan-las-conferencias-magistrales-de-la-bienal-internacional-de-arquitectura-de-buenos-aires-ba15\/\" \/>\n<meta property=\"og:site_name\" content=\"Arquimaster\" \/>\n<meta property=\"article:publisher\" content=\"http:\/\/www.facebook.com\/ARQUIMASTER.com.ar\" \/>\n<meta property=\"article:published_time\" content=\"2015-09-07T20:56:11+00:00\" \/>\n<meta property=\"article:modified_time\" content=\"2025-10-26T00:52:16+00:00\" \/>\n<meta property=\"og:image\" content=\"https:\/\/www.arquimaster.com.ar\/web\/wp-content\/uploads\/2015\/09\/comienza_bienal_ba_2015_slide.jpg\" \/>\n\t<meta property=\"og:image:width\" content=\"642\" \/>\n\t<meta property=\"og:image:height\" content=\"336\" \/>\n\t<meta property=\"og:image:type\" content=\"image\/jpeg\" \/>\n<meta name=\"author\" content=\"Arquimaster\" \/>\n<meta name=\"twitter:card\" content=\"summary_large_image\" \/>\n<meta name=\"twitter:creator\" content=\"@arquimaster\" \/>\n<meta name=\"twitter:site\" content=\"@arquimaster\" \/>\n<meta name=\"twitter:label1\" content=\"Escrito por\" \/>\n\t<meta name=\"twitter:data1\" content=\"Arquimaster\" \/>\n\t<meta name=\"twitter:label2\" content=\"Tiempo de lectura\" \/>\n\t<meta name=\"twitter:data2\" content=\"3 minutos\" \/>\n<script type=\"application\/ld+json\" class=\"yoast-schema-graph\">{\"@context\":\"https:\\\/\\\/schema.org\",\"@graph\":[{\"@type\":\"Article\",\"@id\":\"https:\\\/\\\/www.arquimaster.com.ar\\\/web\\\/comienzan-las-conferencias-magistrales-de-la-bienal-internacional-de-arquitectura-de-buenos-aires-ba15\\\/#article\",\"isPartOf\":{\"@id\":\"https:\\\/\\\/www.arquimaster.com.ar\\\/web\\\/comienzan-las-conferencias-magistrales-de-la-bienal-internacional-de-arquitectura-de-buenos-aires-ba15\\\/\"},\"author\":{\"name\":\"Arquimaster\",\"@id\":\"https:\\\/\\\/www.arquimaster.com.ar\\\/web\\\/#\\\/schema\\\/person\\\/359e9f7c00193fcde068e0dd2ceb0028\"},\"headline\":\"Comienzan las Conferencias Magistrales de la Bienal Internacional de Arquitectura de Buenos Aires BA15\",\"datePublished\":\"2015-09-07T20:56:11+00:00\",\"dateModified\":\"2025-10-26T00:52:16+00:00\",\"mainEntityOfPage\":{\"@id\":\"https:\\\/\\\/www.arquimaster.com.ar\\\/web\\\/comienzan-las-conferencias-magistrales-de-la-bienal-internacional-de-arquitectura-de-buenos-aires-ba15\\\/\"},\"wordCount\":606,\"publisher\":{\"@id\":\"https:\\\/\\\/www.arquimaster.com.ar\\\/web\\\/#organization\"},\"image\":{\"@id\":\"https:\\\/\\\/www.arquimaster.com.ar\\\/web\\\/comienzan-las-conferencias-magistrales-de-la-bienal-internacional-de-arquitectura-de-buenos-aires-ba15\\\/#primaryimage\"},\"thumbnailUrl\":\"https:\\\/\\\/www.arquimaster.com.ar\\\/web\\\/wp-content\\\/uploads\\\/2015\\\/09\\\/comienza_bienal_ba_2015_slide.jpg\",\"keywords\":[\"bienal\",\"Bienal BA\",\"Bienal de Buenos Aires\",\"Cesar Pelli\"],\"articleSection\":[\"Noticias de arquitectura y dise\u00f1o\",\"Novedades\"],\"inLanguage\":\"es\"},{\"@type\":\"WebPage\",\"@id\":\"https:\\\/\\\/www.arquimaster.com.ar\\\/web\\\/comienzan-las-conferencias-magistrales-de-la-bienal-internacional-de-arquitectura-de-buenos-aires-ba15\\\/\",\"url\":\"https:\\\/\\\/www.arquimaster.com.ar\\\/web\\\/comienzan-las-conferencias-magistrales-de-la-bienal-internacional-de-arquitectura-de-buenos-aires-ba15\\\/\",\"name\":\"Comienzan las Conferencias Magistrales de la Bienal Internacional de Arquitectura de Buenos Aires BA15 - Arquimaster\",\"isPartOf\":{\"@id\":\"https:\\\/\\\/www.arquimaster.com.ar\\\/web\\\/#website\"},\"primaryImageOfPage\":{\"@id\":\"https:\\\/\\\/www.arquimaster.com.ar\\\/web\\\/comienzan-las-conferencias-magistrales-de-la-bienal-internacional-de-arquitectura-de-buenos-aires-ba15\\\/#primaryimage\"},\"image\":{\"@id\":\"https:\\\/\\\/www.arquimaster.com.ar\\\/web\\\/comienzan-las-conferencias-magistrales-de-la-bienal-internacional-de-arquitectura-de-buenos-aires-ba15\\\/#primaryimage\"},\"thumbnailUrl\":\"https:\\\/\\\/www.arquimaster.com.ar\\\/web\\\/wp-content\\\/uploads\\\/2015\\\/09\\\/comienza_bienal_ba_2015_slide.jpg\",\"datePublished\":\"2015-09-07T20:56:11+00:00\",\"dateModified\":\"2025-10-26T00:52:16+00:00\",\"breadcrumb\":{\"@id\":\"https:\\\/\\\/www.arquimaster.com.ar\\\/web\\\/comienzan-las-conferencias-magistrales-de-la-bienal-internacional-de-arquitectura-de-buenos-aires-ba15\\\/#breadcrumb\"},\"inLanguage\":\"es\",\"potentialAction\":[{\"@type\":\"ReadAction\",\"target\":[\"https:\\\/\\\/www.arquimaster.com.ar\\\/web\\\/comienzan-las-conferencias-magistrales-de-la-bienal-internacional-de-arquitectura-de-buenos-aires-ba15\\\/\"]}]},{\"@type\":\"ImageObject\",\"inLanguage\":\"es\",\"@id\":\"https:\\\/\\\/www.arquimaster.com.ar\\\/web\\\/comienzan-las-conferencias-magistrales-de-la-bienal-internacional-de-arquitectura-de-buenos-aires-ba15\\\/#primaryimage\",\"url\":\"https:\\\/\\\/www.arquimaster.com.ar\\\/web\\\/wp-content\\\/uploads\\\/2015\\\/09\\\/comienza_bienal_ba_2015_slide.jpg\",\"contentUrl\":\"https:\\\/\\\/www.arquimaster.com.ar\\\/web\\\/wp-content\\\/uploads\\\/2015\\\/09\\\/comienza_bienal_ba_2015_slide.jpg\",\"width\":642,\"height\":336},{\"@type\":\"BreadcrumbList\",\"@id\":\"https:\\\/\\\/www.arquimaster.com.ar\\\/web\\\/comienzan-las-conferencias-magistrales-de-la-bienal-internacional-de-arquitectura-de-buenos-aires-ba15\\\/#breadcrumb\",\"itemListElement\":[{\"@type\":\"ListItem\",\"position\":1,\"name\":\"Portada\",\"item\":\"https:\\\/\\\/www.arquimaster.com.ar\\\/web\\\/\"},{\"@type\":\"ListItem\",\"position\":2,\"name\":\"Comienzan las Conferencias Magistrales de la Bienal Internacional de Arquitectura de Buenos Aires BA15\"}]},{\"@type\":\"WebSite\",\"@id\":\"https:\\\/\\\/www.arquimaster.com.ar\\\/web\\\/#website\",\"url\":\"https:\\\/\\\/www.arquimaster.com.ar\\\/web\\\/\",\"name\":\"Arquimaster\",\"description\":\"Web de arquitectura, dise\u00f1o y construccion\",\"publisher\":{\"@id\":\"https:\\\/\\\/www.arquimaster.com.ar\\\/web\\\/#organization\"},\"potentialAction\":[{\"@type\":\"SearchAction\",\"target\":{\"@type\":\"EntryPoint\",\"urlTemplate\":\"https:\\\/\\\/www.arquimaster.com.ar\\\/web\\\/?s={search_term_string}\"},\"query-input\":{\"@type\":\"PropertyValueSpecification\",\"valueRequired\":true,\"valueName\":\"search_term_string\"}}],\"inLanguage\":\"es\"},{\"@type\":\"Organization\",\"@id\":\"https:\\\/\\\/www.arquimaster.com.ar\\\/web\\\/#organization\",\"name\":\"Arquimaster\",\"url\":\"https:\\\/\\\/www.arquimaster.com.ar\\\/web\\\/\",\"logo\":{\"@type\":\"ImageObject\",\"inLanguage\":\"es\",\"@id\":\"https:\\\/\\\/www.arquimaster.com.ar\\\/web\\\/#\\\/schema\\\/logo\\\/image\\\/\",\"url\":\"https:\\\/\\\/www.arquimaster.com.ar\\\/web\\\/wp-content\\\/uploads\\\/2022\\\/06\\\/arquimaster.png\",\"contentUrl\":\"https:\\\/\\\/www.arquimaster.com.ar\\\/web\\\/wp-content\\\/uploads\\\/2022\\\/06\\\/arquimaster.png\",\"width\":594,\"height\":78,\"caption\":\"Arquimaster\"},\"image\":{\"@id\":\"https:\\\/\\\/www.arquimaster.com.ar\\\/web\\\/#\\\/schema\\\/logo\\\/image\\\/\"},\"sameAs\":[\"http:\\\/\\\/www.facebook.com\\\/ARQUIMASTER.com.ar\",\"https:\\\/\\\/x.com\\\/arquimaster\",\"https:\\\/\\\/www.instagram.com\\\/arquimasterblog\\\/\",\"https:\\\/\\\/www.linkedin.com\\\/company\\\/arquimaster\",\"https:\\\/\\\/www.pinterest.com\\\/arquimaster\",\"https:\\\/\\\/t.me\\\/arquimaster\"]},{\"@type\":\"Person\",\"@id\":\"https:\\\/\\\/www.arquimaster.com.ar\\\/web\\\/#\\\/schema\\\/person\\\/359e9f7c00193fcde068e0dd2ceb0028\",\"name\":\"Arquimaster\"}]}<\/script>\n<!-- \/ Yoast SEO plugin. -->","yoast_head_json":{"title":"Comienzan las Conferencias Magistrales de la Bienal Internacional de Arquitectura de Buenos Aires BA15 - Arquimaster","robots":{"index":"index","follow":"follow","max-snippet":"max-snippet:-1","max-image-preview":"max-image-preview:large","max-video-preview":"max-video-preview:-1"},"canonical":"https:\/\/www.arquimaster.com.ar\/web\/comienzan-las-conferencias-magistrales-de-la-bienal-internacional-de-arquitectura-de-buenos-aires-ba15\/","og_locale":"es_ES","og_type":"article","og_title":"Comienzan las Conferencias Magistrales de la Bienal Internacional de Arquitectura de Buenos Aires BA15 - Arquimaster","og_description":"Ademas inauguran las exposiciones y otras actividades en el marco de la bienal...","og_url":"https:\/\/www.arquimaster.com.ar\/web\/comienzan-las-conferencias-magistrales-de-la-bienal-internacional-de-arquitectura-de-buenos-aires-ba15\/","og_site_name":"Arquimaster","article_publisher":"http:\/\/www.facebook.com\/ARQUIMASTER.com.ar","article_published_time":"2015-09-07T20:56:11+00:00","article_modified_time":"2025-10-26T00:52:16+00:00","og_image":[{"width":642,"height":336,"url":"https:\/\/www.arquimaster.com.ar\/web\/wp-content\/uploads\/2015\/09\/comienza_bienal_ba_2015_slide.jpg","type":"image\/jpeg"}],"author":"Arquimaster","twitter_card":"summary_large_image","twitter_creator":"@arquimaster","twitter_site":"@arquimaster","twitter_misc":{"Escrito por":"Arquimaster","Tiempo de lectura":"3 minutos"},"schema":{"@context":"https:\/\/schema.org","@graph":[{"@type":"Article","@id":"https:\/\/www.arquimaster.com.ar\/web\/comienzan-las-conferencias-magistrales-de-la-bienal-internacional-de-arquitectura-de-buenos-aires-ba15\/#article","isPartOf":{"@id":"https:\/\/www.arquimaster.com.ar\/web\/comienzan-las-conferencias-magistrales-de-la-bienal-internacional-de-arquitectura-de-buenos-aires-ba15\/"},"author":{"name":"Arquimaster","@id":"https:\/\/www.arquimaster.com.ar\/web\/#\/schema\/person\/359e9f7c00193fcde068e0dd2ceb0028"},"headline":"Comienzan las Conferencias Magistrales de la Bienal Internacional de Arquitectura de Buenos Aires BA15","datePublished":"2015-09-07T20:56:11+00:00","dateModified":"2025-10-26T00:52:16+00:00","mainEntityOfPage":{"@id":"https:\/\/www.arquimaster.com.ar\/web\/comienzan-las-conferencias-magistrales-de-la-bienal-internacional-de-arquitectura-de-buenos-aires-ba15\/"},"wordCount":606,"publisher":{"@id":"https:\/\/www.arquimaster.com.ar\/web\/#organization"},"image":{"@id":"https:\/\/www.arquimaster.com.ar\/web\/comienzan-las-conferencias-magistrales-de-la-bienal-internacional-de-arquitectura-de-buenos-aires-ba15\/#primaryimage"},"thumbnailUrl":"https:\/\/www.arquimaster.com.ar\/web\/wp-content\/uploads\/2015\/09\/comienza_bienal_ba_2015_slide.jpg","keywords":["bienal","Bienal BA","Bienal de Buenos Aires","Cesar Pelli"],"articleSection":["Noticias de arquitectura y dise\u00f1o","Novedades"],"inLanguage":"es"},{"@type":"WebPage","@id":"https:\/\/www.arquimaster.com.ar\/web\/comienzan-las-conferencias-magistrales-de-la-bienal-internacional-de-arquitectura-de-buenos-aires-ba15\/","url":"https:\/\/www.arquimaster.com.ar\/web\/comienzan-las-conferencias-magistrales-de-la-bienal-internacional-de-arquitectura-de-buenos-aires-ba15\/","name":"Comienzan las Conferencias Magistrales de la Bienal Internacional de Arquitectura de Buenos Aires BA15 - Arquimaster","isPartOf":{"@id":"https:\/\/www.arquimaster.com.ar\/web\/#website"},"primaryImageOfPage":{"@id":"https:\/\/www.arquimaster.com.ar\/web\/comienzan-las-conferencias-magistrales-de-la-bienal-internacional-de-arquitectura-de-buenos-aires-ba15\/#primaryimage"},"image":{"@id":"https:\/\/www.arquimaster.com.ar\/web\/comienzan-las-conferencias-magistrales-de-la-bienal-internacional-de-arquitectura-de-buenos-aires-ba15\/#primaryimage"},"thumbnailUrl":"https:\/\/www.arquimaster.com.ar\/web\/wp-content\/uploads\/2015\/09\/comienza_bienal_ba_2015_slide.jpg","datePublished":"2015-09-07T20:56:11+00:00","dateModified":"2025-10-26T00:52:16+00:00","breadcrumb":{"@id":"https:\/\/www.arquimaster.com.ar\/web\/comienzan-las-conferencias-magistrales-de-la-bienal-internacional-de-arquitectura-de-buenos-aires-ba15\/#breadcrumb"},"inLanguage":"es","potentialAction":[{"@type":"ReadAction","target":["https:\/\/www.arquimaster.com.ar\/web\/comienzan-las-conferencias-magistrales-de-la-bienal-internacional-de-arquitectura-de-buenos-aires-ba15\/"]}]},{"@type":"ImageObject","inLanguage":"es","@id":"https:\/\/www.arquimaster.com.ar\/web\/comienzan-las-conferencias-magistrales-de-la-bienal-internacional-de-arquitectura-de-buenos-aires-ba15\/#primaryimage","url":"https:\/\/www.arquimaster.com.ar\/web\/wp-content\/uploads\/2015\/09\/comienza_bienal_ba_2015_slide.jpg","contentUrl":"https:\/\/www.arquimaster.com.ar\/web\/wp-content\/uploads\/2015\/09\/comienza_bienal_ba_2015_slide.jpg","width":642,"height":336},{"@type":"BreadcrumbList","@id":"https:\/\/www.arquimaster.com.ar\/web\/comienzan-las-conferencias-magistrales-de-la-bienal-internacional-de-arquitectura-de-buenos-aires-ba15\/#breadcrumb","itemListElement":[{"@type":"ListItem","position":1,"name":"Portada","item":"https:\/\/www.arquimaster.com.ar\/web\/"},{"@type":"ListItem","position":2,"name":"Comienzan las Conferencias Magistrales de la Bienal Internacional de Arquitectura de Buenos Aires BA15"}]},{"@type":"WebSite","@id":"https:\/\/www.arquimaster.com.ar\/web\/#website","url":"https:\/\/www.arquimaster.com.ar\/web\/","name":"Arquimaster","description":"Web de arquitectura, dise\u00f1o y construccion","publisher":{"@id":"https:\/\/www.arquimaster.com.ar\/web\/#organization"},"potentialAction":[{"@type":"SearchAction","target":{"@type":"EntryPoint","urlTemplate":"https:\/\/www.arquimaster.com.ar\/web\/?s={search_term_string}"},"query-input":{"@type":"PropertyValueSpecification","valueRequired":true,"valueName":"search_term_string"}}],"inLanguage":"es"},{"@type":"Organization","@id":"https:\/\/www.arquimaster.com.ar\/web\/#organization","name":"Arquimaster","url":"https:\/\/www.arquimaster.com.ar\/web\/","logo":{"@type":"ImageObject","inLanguage":"es","@id":"https:\/\/www.arquimaster.com.ar\/web\/#\/schema\/logo\/image\/","url":"https:\/\/www.arquimaster.com.ar\/web\/wp-content\/uploads\/2022\/06\/arquimaster.png","contentUrl":"https:\/\/www.arquimaster.com.ar\/web\/wp-content\/uploads\/2022\/06\/arquimaster.png","width":594,"height":78,"caption":"Arquimaster"},"image":{"@id":"https:\/\/www.arquimaster.com.ar\/web\/#\/schema\/logo\/image\/"},"sameAs":["http:\/\/www.facebook.com\/ARQUIMASTER.com.ar","https:\/\/x.com\/arquimaster","https:\/\/www.instagram.com\/arquimasterblog\/","https:\/\/www.linkedin.com\/company\/arquimaster","https:\/\/www.pinterest.com\/arquimaster","https:\/\/t.me\/arquimaster"]},{"@type":"Person","@id":"https:\/\/www.arquimaster.com.ar\/web\/#\/schema\/person\/359e9f7c00193fcde068e0dd2ceb0028","name":"Arquimaster"}]}},"uagb_featured_image_src":{"full":["https:\/\/www.arquimaster.com.ar\/web\/wp-content\/uploads\/2015\/09\/comienza_bienal_ba_2015_slide.jpg",642,336,false],"thumbnail":["https:\/\/www.arquimaster.com.ar\/web\/wp-content\/uploads\/2015\/09\/comienza_bienal_ba_2015_slide-150x150.jpg",150,150,true],"medium":["https:\/\/www.arquimaster.com.ar\/web\/wp-content\/uploads\/2015\/09\/comienza_bienal_ba_2015_slide.jpg",642,336,false],"medium_large":["https:\/\/www.arquimaster.com.ar\/web\/wp-content\/uploads\/2015\/09\/comienza_bienal_ba_2015_slide.jpg",642,336,false],"large":["https:\/\/www.arquimaster.com.ar\/web\/wp-content\/uploads\/2015\/09\/comienza_bienal_ba_2015_slide.jpg",642,336,false],"1536x1536":["https:\/\/www.arquimaster.com.ar\/web\/wp-content\/uploads\/2015\/09\/comienza_bienal_ba_2015_slide.jpg",642,336,false],"2048x2048":["https:\/\/www.arquimaster.com.ar\/web\/wp-content\/uploads\/2015\/09\/comienza_bienal_ba_2015_slide.jpg",642,336,false]},"uagb_author_info":{"display_name":"Arquimaster","author_link":"https:\/\/www.arquimaster.com.ar\/web\/author\/arquimaster\/"},"uagb_comment_info":0,"uagb_excerpt":"Ademas inauguran las exposiciones y otras actividades en el marco de la bienal...","_links":{"self":[{"href":"https:\/\/www.arquimaster.com.ar\/web\/wp-json\/wp\/v2\/posts\/17131","targetHints":{"allow":["GET"]}}],"collection":[{"href":"https:\/\/www.arquimaster.com.ar\/web\/wp-json\/wp\/v2\/posts"}],"about":[{"href":"https:\/\/www.arquimaster.com.ar\/web\/wp-json\/wp\/v2\/types\/post"}],"author":[{"embeddable":true,"href":"https:\/\/www.arquimaster.com.ar\/web\/wp-json\/wp\/v2\/users\/1"}],"replies":[{"embeddable":true,"href":"https:\/\/www.arquimaster.com.ar\/web\/wp-json\/wp\/v2\/comments?post=17131"}],"version-history":[{"count":1,"href":"https:\/\/www.arquimaster.com.ar\/web\/wp-json\/wp\/v2\/posts\/17131\/revisions"}],"predecessor-version":[{"id":86443,"href":"https:\/\/www.arquimaster.com.ar\/web\/wp-json\/wp\/v2\/posts\/17131\/revisions\/86443"}],"wp:featuredmedia":[{"embeddable":true,"href":"https:\/\/www.arquimaster.com.ar\/web\/wp-json\/wp\/v2\/media\/17132"}],"wp:attachment":[{"href":"https:\/\/www.arquimaster.com.ar\/web\/wp-json\/wp\/v2\/media?parent=17131"}],"wp:term":[{"taxonomy":"category","embeddable":true,"href":"https:\/\/www.arquimaster.com.ar\/web\/wp-json\/wp\/v2\/categories?post=17131"},{"taxonomy":"post_tag","embeddable":true,"href":"https:\/\/www.arquimaster.com.ar\/web\/wp-json\/wp\/v2\/tags?post=17131"}],"curies":[{"name":"wp","href":"https:\/\/api.w.org\/{rel}","templated":true}]}}