{"id":17156,"date":"2015-09-01T23:11:32","date_gmt":"2015-09-01T23:11:32","guid":{"rendered":"http:\/\/www.arquimaster.com.ar\/web\/?p=17156"},"modified":"2025-10-25T21:52:34","modified_gmt":"2025-10-26T00:52:34","slug":"lanzamiento-del-premio-a-la-arquitectura-latinoamericana-oscar-niemeyer-en-el-marco-de-la-bienal-ba15","status":"publish","type":"post","link":"https:\/\/www.arquimaster.com.ar\/web\/lanzamiento-del-premio-a-la-arquitectura-latinoamericana-oscar-niemeyer-en-el-marco-de-la-bienal-ba15\/","title":{"rendered":"Lanzamiento del Premio a la Arquitectura Latinoamericana Oscar Niemeyer en el marco de la Bienal BA15"},"content":{"rendered":"<div style=\"margin-top: 0px; margin-bottom: 0px;\" class=\"sharethis-inline-share-buttons\" ><\/div><div class=\"b812932af2e751442846f039925109de\" data-index=\"1\" style=\"float: none; margin:25px 0 25px 0; text-align:center;\">\n<script async src=\"https:\/\/pagead2.googlesyndication.com\/pagead\/js\/adsbygoogle.js\"><\/script>\r\n<!-- Arquimaster (superior) -->\r\n<ins class=\"adsbygoogle\"\r\n     style=\"display:block\"\r\n     data-ad-client=\"ca-pub-6351072698456832\"\r\n     data-ad-slot=\"6455489680\"\r\n     data-ad-format=\"auto\"\r\n     data-full-width-responsive=\"true\"><\/ins>\r\n<script>\r\n     (adsbygoogle = window.adsbygoogle || []).push({});\r\n<\/script>\n<\/div>\n<p><em><strong>En el marco de la Bienal Internacional de Arquitectura de Buenos Aires BA15, que se desarrollar\u00e1 del 5 de septiembre al 4 de octubre de 2015, se realizar\u00e1 el lanzamiento de la primera edici\u00f3n del Premio a la Arquitectura Latinoamericana \u00abOscar Niemeyer\u00bb, organizado por la Red de Bienales de Am\u00e9rica Latina BAAL. La premiaci\u00f3n se realizar\u00e1 en la XX Bienal Panamericana de Arquitectura de Quito, a realizarse en noviembre de 2016 en la capital de Ecuador.<\/strong><\/em><\/p>\n<div id='gallery-1' class='gallery galleryid-17156 gallery-columns-3 gallery-size-thumbnail'><figure class='gallery-item'>\n\t\t\t<div class='gallery-icon landscape'>\n\t\t\t\t<a href='https:\/\/www.arquimaster.com.ar\/web\/wp-content\/uploads\/2015\/09\/premio_oscar_niemeyer1.jpg' title=\"Lanzamiento del Premio a la Arquitectura Latinoamericana Oscar Niemeyer en el marco de la Bienal BA15\" data-rl_title=\"Lanzamiento del Premio a la Arquitectura Latinoamericana Oscar Niemeyer en el marco de la Bienal BA15\" class=\"rl-gallery-link\" data-rl_caption=\"Lanzamiento del Premio a la Arquitectura Latinoamericana Oscar Niemeyer en el marco de la Bienal BA15\" data-rel=\"lightbox-gallery-1\"><img loading=\"lazy\" decoding=\"async\" width=\"150\" height=\"150\" src=\"https:\/\/www.arquimaster.com.ar\/web\/wp-content\/uploads\/2015\/09\/premio_oscar_niemeyer1-150x150.jpg\" class=\"attachment-thumbnail size-thumbnail\" alt=\"\" aria-describedby=\"gallery-1-17158\" srcset=\"https:\/\/www.arquimaster.com.ar\/web\/wp-content\/uploads\/2015\/09\/premio_oscar_niemeyer1-150x150.jpg 150w, https:\/\/www.arquimaster.com.ar\/web\/wp-content\/uploads\/2015\/09\/premio_oscar_niemeyer1-50x50.jpg 50w, https:\/\/www.arquimaster.com.ar\/web\/wp-content\/uploads\/2015\/09\/premio_oscar_niemeyer1-125x125.jpg 125w\" sizes=\"auto, (max-width: 150px) 100vw, 150px\" \/><\/a>\n\t\t\t<\/div>\n\t\t\t\t<figcaption class='wp-caption-text gallery-caption' id='gallery-1-17158'>\n\t\t\t\tLanzamiento del Premio a la Arquitectura Latinoamericana Oscar Niemeyer en el marco de la Bienal BA15\n\t\t\t\t<\/figcaption><\/figure><figure class='gallery-item'>\n\t\t\t<div class='gallery-icon landscape'>\n\t\t\t\t<a href='https:\/\/www.arquimaster.com.ar\/web\/wp-content\/uploads\/2015\/09\/premio_oscar_niemeyer2.jpg' title=\"Lanzamiento del Premio a la Arquitectura Latinoamericana Oscar Niemeyer en el marco de la Bienal BA15\" data-rl_title=\"Lanzamiento del Premio a la Arquitectura Latinoamericana Oscar Niemeyer en el marco de la Bienal BA15\" class=\"rl-gallery-link\" data-rl_caption=\"Lanzamiento del Premio a la Arquitectura Latinoamericana Oscar Niemeyer en el marco de la Bienal BA15\" data-rel=\"lightbox-gallery-1\"><img loading=\"lazy\" decoding=\"async\" width=\"150\" height=\"150\" src=\"https:\/\/www.arquimaster.com.ar\/web\/wp-content\/uploads\/2015\/09\/premio_oscar_niemeyer2-150x150.jpg\" class=\"attachment-thumbnail size-thumbnail\" alt=\"\" aria-describedby=\"gallery-1-17159\" srcset=\"https:\/\/www.arquimaster.com.ar\/web\/wp-content\/uploads\/2015\/09\/premio_oscar_niemeyer2-150x150.jpg 150w, https:\/\/www.arquimaster.com.ar\/web\/wp-content\/uploads\/2015\/09\/premio_oscar_niemeyer2-50x50.jpg 50w, https:\/\/www.arquimaster.com.ar\/web\/wp-content\/uploads\/2015\/09\/premio_oscar_niemeyer2-125x125.jpg 125w\" sizes=\"auto, (max-width: 150px) 100vw, 150px\" \/><\/a>\n\t\t\t<\/div>\n\t\t\t\t<figcaption class='wp-caption-text gallery-caption' id='gallery-1-17159'>\n\t\t\t\tLanzamiento del Premio a la Arquitectura Latinoamericana Oscar Niemeyer en el marco de la Bienal BA15\n\t\t\t\t<\/figcaption><\/figure><figure class='gallery-item'>\n\t\t\t<div class='gallery-icon landscape'>\n\t\t\t\t<a href='https:\/\/www.arquimaster.com.ar\/web\/wp-content\/uploads\/2015\/09\/premio_oscar_niemeyer3.jpg' title=\"Lanzamiento del Premio a la Arquitectura Latinoamericana Oscar Niemeyer en el marco de la Bienal BA15\" data-rl_title=\"Lanzamiento del Premio a la Arquitectura Latinoamericana Oscar Niemeyer en el marco de la Bienal BA15\" class=\"rl-gallery-link\" data-rl_caption=\"Lanzamiento del Premio a la Arquitectura Latinoamericana Oscar Niemeyer en el marco de la Bienal BA15\" data-rel=\"lightbox-gallery-1\"><img loading=\"lazy\" decoding=\"async\" width=\"150\" height=\"150\" src=\"https:\/\/www.arquimaster.com.ar\/web\/wp-content\/uploads\/2015\/09\/premio_oscar_niemeyer3-150x150.jpg\" class=\"attachment-thumbnail size-thumbnail\" alt=\"\" aria-describedby=\"gallery-1-17160\" srcset=\"https:\/\/www.arquimaster.com.ar\/web\/wp-content\/uploads\/2015\/09\/premio_oscar_niemeyer3-150x150.jpg 150w, https:\/\/www.arquimaster.com.ar\/web\/wp-content\/uploads\/2015\/09\/premio_oscar_niemeyer3-50x50.jpg 50w, https:\/\/www.arquimaster.com.ar\/web\/wp-content\/uploads\/2015\/09\/premio_oscar_niemeyer3-125x125.jpg 125w\" sizes=\"auto, (max-width: 150px) 100vw, 150px\" \/><\/a>\n\t\t\t<\/div>\n\t\t\t\t<figcaption class='wp-caption-text gallery-caption' id='gallery-1-17160'>\n\t\t\t\tLanzamiento del Premio a la Arquitectura Latinoamericana Oscar Niemeyer en el marco de la Bienal BA15\n\t\t\t\t<\/figcaption><\/figure><figure class='gallery-item'>\n\t\t\t<div class='gallery-icon portrait'>\n\t\t\t\t<a href='https:\/\/www.arquimaster.com.ar\/web\/wp-content\/uploads\/2015\/09\/premio_oscar_niemeyer4.jpg' title=\"Lanzamiento del Premio a la Arquitectura Latinoamericana Oscar Niemeyer en el marco de la Bienal BA15\" data-rl_title=\"Lanzamiento del Premio a la Arquitectura Latinoamericana Oscar Niemeyer en el marco de la Bienal BA15\" class=\"rl-gallery-link\" data-rl_caption=\"Lanzamiento del Premio a la Arquitectura Latinoamericana Oscar Niemeyer en el marco de la Bienal BA15\" data-rel=\"lightbox-gallery-1\"><img loading=\"lazy\" decoding=\"async\" width=\"150\" height=\"150\" src=\"https:\/\/www.arquimaster.com.ar\/web\/wp-content\/uploads\/2015\/09\/premio_oscar_niemeyer4-150x150.jpg\" class=\"attachment-thumbnail size-thumbnail\" alt=\"\" aria-describedby=\"gallery-1-17161\" srcset=\"https:\/\/www.arquimaster.com.ar\/web\/wp-content\/uploads\/2015\/09\/premio_oscar_niemeyer4-150x150.jpg 150w, https:\/\/www.arquimaster.com.ar\/web\/wp-content\/uploads\/2015\/09\/premio_oscar_niemeyer4-50x50.jpg 50w, https:\/\/www.arquimaster.com.ar\/web\/wp-content\/uploads\/2015\/09\/premio_oscar_niemeyer4-125x125.jpg 125w\" sizes=\"auto, (max-width: 150px) 100vw, 150px\" \/><\/a>\n\t\t\t<\/div>\n\t\t\t\t<figcaption class='wp-caption-text gallery-caption' id='gallery-1-17161'>\n\t\t\t\tLanzamiento del Premio a la Arquitectura Latinoamericana Oscar Niemeyer en el marco de la Bienal BA15\n\t\t\t\t<\/figcaption><\/figure>\n\t\t<\/div>\n\n<p>La <strong>Red de Bienales de Arquitectura de Am\u00e9rica Latina<\/strong> &#8211;<strong>Red BAAL<\/strong>-, fundada en Quito en el 2012, busca impulsar la integraci\u00f3n de las Bienales de la regi\u00f3n entre s\u00ed y con las de todo el mundo, para fomentar la discusi\u00f3n interdisciplinaria entre la arquitectura y el urbanismo para la mejora de los problemas del h\u00e1bitat en Am\u00e9rica Latina. Hoy la arquitectura es un hecho cultural, y como tal, participa cada vez m\u00e1s de las actividades de un mundo globalizado, por ello el radio de acci\u00f3n en cuanto a profesionales de la arquitectura se ampl\u00eda y difunde con los medios de comunicaci\u00f3n, permitiendo una integraci\u00f3n regional, continental y mundial.<\/p>\n<p>Para consolidar esta integraci\u00f3n, la Red BAAL considera que debemos abrir nuestras fronteras y unirnos con nuestros vecinos, con un criterio amplio, a partir del respeto de nuestras tradiciones culturales, que condicionan una manera de pensar, de ver y hacer la arquitectura. Se debe reconocer el valor de lo local y enriquecerlo con lo global, apropi\u00e1ndonos de todo aquello que nos enriquece como pueblos y sociedades. La arquitectura es un hecho p\u00fablico que protege y comunica componiendo la ciudad, por eso debe pensarse desde y hacia la ciudad.<\/p>\n<p>En este contexto y en el marco de la<strong> Bienal Internacional de Arquitectura de Buenos Aires BA15<\/strong>, que se realizar\u00e1 <strong>del 5 de septiembre al 4 de octubre<\/strong> pr\u00f3ximo, la Red BAAL presenta la primera edici\u00f3n del <strong>Premio a la Arquitectura Latinoamericana \u00abOscar Niemeyer\u00bb<\/strong> (<strong>Premio AL-ON<\/strong>). Cuenta con el auspicio de la Fundaci\u00f3n Niemeyer -con sede en Rio de Janeiro, Brasil-, quien autoriz\u00f3 a la Red BAAL a utilizar el nombre del ic\u00f3nico maestro brasile\u00f1o Oscar Niemeyer para este premio, a partir del cual cada dos a\u00f1os se distinguir\u00e1 a la mejor obra de los pa\u00edses de Am\u00e9rica Latina que surja de la selecci\u00f3n de los premios otorgados por sus respectivas Bienales.<\/p>\n<p>Las obras ser\u00e1n incluidas en una publicaci\u00f3n y en la exposici\u00f3n, y entre las seleccionadas se mencionar\u00e1n tres que ser\u00e1n visitadas por un jurado internacional, entre las que estar\u00e1 la obra merecedora del Premio, por el car\u00e1cter ejemplar del proyecto, sus valores como propuesta arquitect\u00f3nica y tecnol\u00f3gica y por su relaci\u00f3n con el contexto y con los aspectos sociales, culturales y ambientales.<\/p>\n<p>Esta iniciativa busca reconocer lo mejor de la producci\u00f3n arquitect\u00f3nica de nuestra regi\u00f3n, en momentos de un indiscutible potenciamiento y presencia de la arquitectura latinoamericana en el plano internacional, en un mundo cada vez m\u00e1s globalizado. La premiaci\u00f3n se llevar\u00e1 a cabo en la <strong>XX Bienal Panamericana de Arquitectura de Quito BAQ 2016<\/strong>, entre el 14 y 18 de noviembre de 2016.<\/p>\n<p>Eduardo Niemeyer -presidente de la Fundaci\u00f3n- y los fundadores de la Red, el Arq. Handel Guayasamin -actual director- y el Arq. Carlos Sallaberry -director de la Bienal BA15-, estar\u00e1n en Buenos Aires durante la Bienal para el lanzamiento del premio. Adem\u00e1s, en simult\u00e1neo con la Bienal BA15, la Red BAAL organizar\u00e1 la Primer Exposici\u00f3n Colectiva en el Centro Cultural Recoleta, donde las obras presentadas formar\u00e1n parte del Primer Cap\u00edtulo del archivo de obras latinoamericanas organizado por la Red.<\/p>\n<p>La organizaci\u00f3n y realizaci\u00f3n de la Bienal BA15 est\u00e1n a cargo de Pichon Rivi\u00e8re &amp; Diaz Bobillo Consultores -PR&amp;DB-. El Comit\u00e9 de Direcci\u00f3n est\u00e1 integrado por Carlos Sallaberry, Roberto Converti, Carlos L. Dibar, Juan Carlos Fervenza, Mat\u00edas Glusberg, Miguel Jurado, Daniel Mu\u00f1iz, Enrique Pichon Rivi\u00e8re y Tom\u00e1s Seeber. Las empresas Main Sponsors son Clar\u00edn ARQ, Cer\u00e1mica Alberdi, Fass Yakol, Hidromet, HunterDouglas, Knauf, Masisa, Modulmet, Orbis, Parex Group, Roca, Sapa Aluminium Argentina, Technal, Ternium Siderar, Tersuave y Vaca Desing.<\/p>\n\n<div style=\"font-size: 0px; height: 0px; line-height: 0px; margin: 0; padding: 0; clear: both;\"><\/div><div style=\"margin-top: 0px; margin-bottom: 0px;\" class=\"sharethis-inline-share-buttons\" ><\/div>","protected":false},"excerpt":{"rendered":"<p>El premio esta organizado por la Red de Bienales de Am\u00e9rica Latina BAAL&#8230;<\/p>\n","protected":false},"author":1,"featured_media":17157,"comment_status":"closed","ping_status":"closed","sticky":false,"template":"","format":"standard","meta":{"_uag_custom_page_level_css":"","footnotes":""},"categories":[70,68],"tags":[3552,467,3394,3395,3550,3554,999,3553,3551],"class_list":["post-17156","post","type-post","status-publish","format-standard","has-post-thumbnail","hentry","category-noticias-arquitectura","category-novedades","tag-baal","tag-bienal","tag-bienal-ba","tag-bienal-de-buenos-aires","tag-oscar-niemeyer","tag-premio-al-on","tag-premios","tag-red-baal","tag-red-de-bienales-de-america-latina","generate-columns","tablet-grid-50","mobile-grid-100","grid-parent","grid-50"],"yoast_head":"<!-- This site is optimized with the Yoast SEO plugin v27.3 - https:\/\/yoast.com\/product\/yoast-seo-wordpress\/ -->\n<title>Lanzamiento del Premio a la Arquitectura Latinoamericana Oscar Niemeyer en el marco de la Bienal BA15 - Arquimaster<\/title>\n<meta name=\"robots\" content=\"index, follow, max-snippet:-1, max-image-preview:large, max-video-preview:-1\" \/>\n<link rel=\"canonical\" href=\"https:\/\/www.arquimaster.com.ar\/web\/lanzamiento-del-premio-a-la-arquitectura-latinoamericana-oscar-niemeyer-en-el-marco-de-la-bienal-ba15\/\" \/>\n<meta property=\"og:locale\" content=\"es_ES\" \/>\n<meta property=\"og:type\" content=\"article\" \/>\n<meta property=\"og:title\" content=\"Lanzamiento del Premio a la Arquitectura Latinoamericana Oscar Niemeyer en el marco de la Bienal BA15 - Arquimaster\" \/>\n<meta property=\"og:description\" content=\"El premio esta organizado por la Red de Bienales de Am\u00e9rica Latina BAAL...\" \/>\n<meta property=\"og:url\" content=\"https:\/\/www.arquimaster.com.ar\/web\/lanzamiento-del-premio-a-la-arquitectura-latinoamericana-oscar-niemeyer-en-el-marco-de-la-bienal-ba15\/\" \/>\n<meta property=\"og:site_name\" content=\"Arquimaster\" \/>\n<meta property=\"article:publisher\" content=\"http:\/\/www.facebook.com\/ARQUIMASTER.com.ar\" \/>\n<meta property=\"article:published_time\" content=\"2015-09-01T23:11:32+00:00\" \/>\n<meta property=\"article:modified_time\" content=\"2025-10-26T00:52:34+00:00\" \/>\n<meta property=\"og:image\" content=\"https:\/\/www.arquimaster.com.ar\/web\/wp-content\/uploads\/2015\/09\/premio_oscar_niemeyer_slide.jpg\" \/>\n\t<meta property=\"og:image:width\" content=\"642\" \/>\n\t<meta property=\"og:image:height\" content=\"336\" \/>\n\t<meta property=\"og:image:type\" content=\"image\/jpeg\" \/>\n<meta name=\"author\" content=\"Arquimaster\" \/>\n<meta name=\"twitter:card\" content=\"summary_large_image\" \/>\n<meta name=\"twitter:creator\" content=\"@arquimaster\" \/>\n<meta name=\"twitter:site\" content=\"@arquimaster\" \/>\n<meta name=\"twitter:label1\" content=\"Escrito por\" \/>\n\t<meta name=\"twitter:data1\" content=\"Arquimaster\" \/>\n\t<meta name=\"twitter:label2\" content=\"Tiempo de lectura\" \/>\n\t<meta name=\"twitter:data2\" content=\"4 minutos\" \/>\n<script type=\"application\/ld+json\" class=\"yoast-schema-graph\">{\"@context\":\"https:\\\/\\\/schema.org\",\"@graph\":[{\"@type\":\"Article\",\"@id\":\"https:\\\/\\\/www.arquimaster.com.ar\\\/web\\\/lanzamiento-del-premio-a-la-arquitectura-latinoamericana-oscar-niemeyer-en-el-marco-de-la-bienal-ba15\\\/#article\",\"isPartOf\":{\"@id\":\"https:\\\/\\\/www.arquimaster.com.ar\\\/web\\\/lanzamiento-del-premio-a-la-arquitectura-latinoamericana-oscar-niemeyer-en-el-marco-de-la-bienal-ba15\\\/\"},\"author\":{\"name\":\"Arquimaster\",\"@id\":\"https:\\\/\\\/www.arquimaster.com.ar\\\/web\\\/#\\\/schema\\\/person\\\/359e9f7c00193fcde068e0dd2ceb0028\"},\"headline\":\"Lanzamiento del Premio a la Arquitectura Latinoamericana Oscar Niemeyer en el marco de la Bienal BA15\",\"datePublished\":\"2015-09-01T23:11:32+00:00\",\"dateModified\":\"2025-10-26T00:52:34+00:00\",\"mainEntityOfPage\":{\"@id\":\"https:\\\/\\\/www.arquimaster.com.ar\\\/web\\\/lanzamiento-del-premio-a-la-arquitectura-latinoamericana-oscar-niemeyer-en-el-marco-de-la-bienal-ba15\\\/\"},\"wordCount\":734,\"publisher\":{\"@id\":\"https:\\\/\\\/www.arquimaster.com.ar\\\/web\\\/#organization\"},\"image\":{\"@id\":\"https:\\\/\\\/www.arquimaster.com.ar\\\/web\\\/lanzamiento-del-premio-a-la-arquitectura-latinoamericana-oscar-niemeyer-en-el-marco-de-la-bienal-ba15\\\/#primaryimage\"},\"thumbnailUrl\":\"https:\\\/\\\/www.arquimaster.com.ar\\\/web\\\/wp-content\\\/uploads\\\/2015\\\/09\\\/premio_oscar_niemeyer_slide.jpg\",\"keywords\":[\"BAAL\",\"bienal\",\"Bienal BA\",\"Bienal de Buenos Aires\",\"Oscar Niemeyer\",\"Premio AL-ON\",\"premios\",\"Red BAAL\",\"Red de Bienales de Am\u00e9rica Latina\"],\"articleSection\":[\"Noticias de arquitectura y dise\u00f1o\",\"Novedades\"],\"inLanguage\":\"es\"},{\"@type\":\"WebPage\",\"@id\":\"https:\\\/\\\/www.arquimaster.com.ar\\\/web\\\/lanzamiento-del-premio-a-la-arquitectura-latinoamericana-oscar-niemeyer-en-el-marco-de-la-bienal-ba15\\\/\",\"url\":\"https:\\\/\\\/www.arquimaster.com.ar\\\/web\\\/lanzamiento-del-premio-a-la-arquitectura-latinoamericana-oscar-niemeyer-en-el-marco-de-la-bienal-ba15\\\/\",\"name\":\"Lanzamiento del Premio a la Arquitectura Latinoamericana Oscar Niemeyer en el marco de la Bienal BA15 - Arquimaster\",\"isPartOf\":{\"@id\":\"https:\\\/\\\/www.arquimaster.com.ar\\\/web\\\/#website\"},\"primaryImageOfPage\":{\"@id\":\"https:\\\/\\\/www.arquimaster.com.ar\\\/web\\\/lanzamiento-del-premio-a-la-arquitectura-latinoamericana-oscar-niemeyer-en-el-marco-de-la-bienal-ba15\\\/#primaryimage\"},\"image\":{\"@id\":\"https:\\\/\\\/www.arquimaster.com.ar\\\/web\\\/lanzamiento-del-premio-a-la-arquitectura-latinoamericana-oscar-niemeyer-en-el-marco-de-la-bienal-ba15\\\/#primaryimage\"},\"thumbnailUrl\":\"https:\\\/\\\/www.arquimaster.com.ar\\\/web\\\/wp-content\\\/uploads\\\/2015\\\/09\\\/premio_oscar_niemeyer_slide.jpg\",\"datePublished\":\"2015-09-01T23:11:32+00:00\",\"dateModified\":\"2025-10-26T00:52:34+00:00\",\"breadcrumb\":{\"@id\":\"https:\\\/\\\/www.arquimaster.com.ar\\\/web\\\/lanzamiento-del-premio-a-la-arquitectura-latinoamericana-oscar-niemeyer-en-el-marco-de-la-bienal-ba15\\\/#breadcrumb\"},\"inLanguage\":\"es\",\"potentialAction\":[{\"@type\":\"ReadAction\",\"target\":[\"https:\\\/\\\/www.arquimaster.com.ar\\\/web\\\/lanzamiento-del-premio-a-la-arquitectura-latinoamericana-oscar-niemeyer-en-el-marco-de-la-bienal-ba15\\\/\"]}]},{\"@type\":\"ImageObject\",\"inLanguage\":\"es\",\"@id\":\"https:\\\/\\\/www.arquimaster.com.ar\\\/web\\\/lanzamiento-del-premio-a-la-arquitectura-latinoamericana-oscar-niemeyer-en-el-marco-de-la-bienal-ba15\\\/#primaryimage\",\"url\":\"https:\\\/\\\/www.arquimaster.com.ar\\\/web\\\/wp-content\\\/uploads\\\/2015\\\/09\\\/premio_oscar_niemeyer_slide.jpg\",\"contentUrl\":\"https:\\\/\\\/www.arquimaster.com.ar\\\/web\\\/wp-content\\\/uploads\\\/2015\\\/09\\\/premio_oscar_niemeyer_slide.jpg\",\"width\":642,\"height\":336},{\"@type\":\"BreadcrumbList\",\"@id\":\"https:\\\/\\\/www.arquimaster.com.ar\\\/web\\\/lanzamiento-del-premio-a-la-arquitectura-latinoamericana-oscar-niemeyer-en-el-marco-de-la-bienal-ba15\\\/#breadcrumb\",\"itemListElement\":[{\"@type\":\"ListItem\",\"position\":1,\"name\":\"Portada\",\"item\":\"https:\\\/\\\/www.arquimaster.com.ar\\\/web\\\/\"},{\"@type\":\"ListItem\",\"position\":2,\"name\":\"Lanzamiento del Premio a la Arquitectura Latinoamericana Oscar Niemeyer en el marco de la Bienal BA15\"}]},{\"@type\":\"WebSite\",\"@id\":\"https:\\\/\\\/www.arquimaster.com.ar\\\/web\\\/#website\",\"url\":\"https:\\\/\\\/www.arquimaster.com.ar\\\/web\\\/\",\"name\":\"Arquimaster\",\"description\":\"Web de arquitectura, dise\u00f1o y construccion\",\"publisher\":{\"@id\":\"https:\\\/\\\/www.arquimaster.com.ar\\\/web\\\/#organization\"},\"potentialAction\":[{\"@type\":\"SearchAction\",\"target\":{\"@type\":\"EntryPoint\",\"urlTemplate\":\"https:\\\/\\\/www.arquimaster.com.ar\\\/web\\\/?s={search_term_string}\"},\"query-input\":{\"@type\":\"PropertyValueSpecification\",\"valueRequired\":true,\"valueName\":\"search_term_string\"}}],\"inLanguage\":\"es\"},{\"@type\":\"Organization\",\"@id\":\"https:\\\/\\\/www.arquimaster.com.ar\\\/web\\\/#organization\",\"name\":\"Arquimaster\",\"url\":\"https:\\\/\\\/www.arquimaster.com.ar\\\/web\\\/\",\"logo\":{\"@type\":\"ImageObject\",\"inLanguage\":\"es\",\"@id\":\"https:\\\/\\\/www.arquimaster.com.ar\\\/web\\\/#\\\/schema\\\/logo\\\/image\\\/\",\"url\":\"https:\\\/\\\/www.arquimaster.com.ar\\\/web\\\/wp-content\\\/uploads\\\/2022\\\/06\\\/arquimaster.png\",\"contentUrl\":\"https:\\\/\\\/www.arquimaster.com.ar\\\/web\\\/wp-content\\\/uploads\\\/2022\\\/06\\\/arquimaster.png\",\"width\":594,\"height\":78,\"caption\":\"Arquimaster\"},\"image\":{\"@id\":\"https:\\\/\\\/www.arquimaster.com.ar\\\/web\\\/#\\\/schema\\\/logo\\\/image\\\/\"},\"sameAs\":[\"http:\\\/\\\/www.facebook.com\\\/ARQUIMASTER.com.ar\",\"https:\\\/\\\/x.com\\\/arquimaster\",\"https:\\\/\\\/www.instagram.com\\\/arquimasterblog\\\/\",\"https:\\\/\\\/www.linkedin.com\\\/company\\\/arquimaster\",\"https:\\\/\\\/www.pinterest.com\\\/arquimaster\",\"https:\\\/\\\/t.me\\\/arquimaster\"]},{\"@type\":\"Person\",\"@id\":\"https:\\\/\\\/www.arquimaster.com.ar\\\/web\\\/#\\\/schema\\\/person\\\/359e9f7c00193fcde068e0dd2ceb0028\",\"name\":\"Arquimaster\"}]}<\/script>\n<!-- \/ Yoast SEO plugin. -->","yoast_head_json":{"title":"Lanzamiento del Premio a la Arquitectura Latinoamericana Oscar Niemeyer en el marco de la Bienal BA15 - Arquimaster","robots":{"index":"index","follow":"follow","max-snippet":"max-snippet:-1","max-image-preview":"max-image-preview:large","max-video-preview":"max-video-preview:-1"},"canonical":"https:\/\/www.arquimaster.com.ar\/web\/lanzamiento-del-premio-a-la-arquitectura-latinoamericana-oscar-niemeyer-en-el-marco-de-la-bienal-ba15\/","og_locale":"es_ES","og_type":"article","og_title":"Lanzamiento del Premio a la Arquitectura Latinoamericana Oscar Niemeyer en el marco de la Bienal BA15 - Arquimaster","og_description":"El premio esta organizado por la Red de Bienales de Am\u00e9rica Latina BAAL...","og_url":"https:\/\/www.arquimaster.com.ar\/web\/lanzamiento-del-premio-a-la-arquitectura-latinoamericana-oscar-niemeyer-en-el-marco-de-la-bienal-ba15\/","og_site_name":"Arquimaster","article_publisher":"http:\/\/www.facebook.com\/ARQUIMASTER.com.ar","article_published_time":"2015-09-01T23:11:32+00:00","article_modified_time":"2025-10-26T00:52:34+00:00","og_image":[{"width":642,"height":336,"url":"https:\/\/www.arquimaster.com.ar\/web\/wp-content\/uploads\/2015\/09\/premio_oscar_niemeyer_slide.jpg","type":"image\/jpeg"}],"author":"Arquimaster","twitter_card":"summary_large_image","twitter_creator":"@arquimaster","twitter_site":"@arquimaster","twitter_misc":{"Escrito por":"Arquimaster","Tiempo de lectura":"4 minutos"},"schema":{"@context":"https:\/\/schema.org","@graph":[{"@type":"Article","@id":"https:\/\/www.arquimaster.com.ar\/web\/lanzamiento-del-premio-a-la-arquitectura-latinoamericana-oscar-niemeyer-en-el-marco-de-la-bienal-ba15\/#article","isPartOf":{"@id":"https:\/\/www.arquimaster.com.ar\/web\/lanzamiento-del-premio-a-la-arquitectura-latinoamericana-oscar-niemeyer-en-el-marco-de-la-bienal-ba15\/"},"author":{"name":"Arquimaster","@id":"https:\/\/www.arquimaster.com.ar\/web\/#\/schema\/person\/359e9f7c00193fcde068e0dd2ceb0028"},"headline":"Lanzamiento del Premio a la Arquitectura Latinoamericana Oscar Niemeyer en el marco de la Bienal BA15","datePublished":"2015-09-01T23:11:32+00:00","dateModified":"2025-10-26T00:52:34+00:00","mainEntityOfPage":{"@id":"https:\/\/www.arquimaster.com.ar\/web\/lanzamiento-del-premio-a-la-arquitectura-latinoamericana-oscar-niemeyer-en-el-marco-de-la-bienal-ba15\/"},"wordCount":734,"publisher":{"@id":"https:\/\/www.arquimaster.com.ar\/web\/#organization"},"image":{"@id":"https:\/\/www.arquimaster.com.ar\/web\/lanzamiento-del-premio-a-la-arquitectura-latinoamericana-oscar-niemeyer-en-el-marco-de-la-bienal-ba15\/#primaryimage"},"thumbnailUrl":"https:\/\/www.arquimaster.com.ar\/web\/wp-content\/uploads\/2015\/09\/premio_oscar_niemeyer_slide.jpg","keywords":["BAAL","bienal","Bienal BA","Bienal de Buenos Aires","Oscar Niemeyer","Premio AL-ON","premios","Red BAAL","Red de Bienales de Am\u00e9rica Latina"],"articleSection":["Noticias de arquitectura y dise\u00f1o","Novedades"],"inLanguage":"es"},{"@type":"WebPage","@id":"https:\/\/www.arquimaster.com.ar\/web\/lanzamiento-del-premio-a-la-arquitectura-latinoamericana-oscar-niemeyer-en-el-marco-de-la-bienal-ba15\/","url":"https:\/\/www.arquimaster.com.ar\/web\/lanzamiento-del-premio-a-la-arquitectura-latinoamericana-oscar-niemeyer-en-el-marco-de-la-bienal-ba15\/","name":"Lanzamiento del Premio a la Arquitectura Latinoamericana Oscar Niemeyer en el marco de la Bienal BA15 - Arquimaster","isPartOf":{"@id":"https:\/\/www.arquimaster.com.ar\/web\/#website"},"primaryImageOfPage":{"@id":"https:\/\/www.arquimaster.com.ar\/web\/lanzamiento-del-premio-a-la-arquitectura-latinoamericana-oscar-niemeyer-en-el-marco-de-la-bienal-ba15\/#primaryimage"},"image":{"@id":"https:\/\/www.arquimaster.com.ar\/web\/lanzamiento-del-premio-a-la-arquitectura-latinoamericana-oscar-niemeyer-en-el-marco-de-la-bienal-ba15\/#primaryimage"},"thumbnailUrl":"https:\/\/www.arquimaster.com.ar\/web\/wp-content\/uploads\/2015\/09\/premio_oscar_niemeyer_slide.jpg","datePublished":"2015-09-01T23:11:32+00:00","dateModified":"2025-10-26T00:52:34+00:00","breadcrumb":{"@id":"https:\/\/www.arquimaster.com.ar\/web\/lanzamiento-del-premio-a-la-arquitectura-latinoamericana-oscar-niemeyer-en-el-marco-de-la-bienal-ba15\/#breadcrumb"},"inLanguage":"es","potentialAction":[{"@type":"ReadAction","target":["https:\/\/www.arquimaster.com.ar\/web\/lanzamiento-del-premio-a-la-arquitectura-latinoamericana-oscar-niemeyer-en-el-marco-de-la-bienal-ba15\/"]}]},{"@type":"ImageObject","inLanguage":"es","@id":"https:\/\/www.arquimaster.com.ar\/web\/lanzamiento-del-premio-a-la-arquitectura-latinoamericana-oscar-niemeyer-en-el-marco-de-la-bienal-ba15\/#primaryimage","url":"https:\/\/www.arquimaster.com.ar\/web\/wp-content\/uploads\/2015\/09\/premio_oscar_niemeyer_slide.jpg","contentUrl":"https:\/\/www.arquimaster.com.ar\/web\/wp-content\/uploads\/2015\/09\/premio_oscar_niemeyer_slide.jpg","width":642,"height":336},{"@type":"BreadcrumbList","@id":"https:\/\/www.arquimaster.com.ar\/web\/lanzamiento-del-premio-a-la-arquitectura-latinoamericana-oscar-niemeyer-en-el-marco-de-la-bienal-ba15\/#breadcrumb","itemListElement":[{"@type":"ListItem","position":1,"name":"Portada","item":"https:\/\/www.arquimaster.com.ar\/web\/"},{"@type":"ListItem","position":2,"name":"Lanzamiento del Premio a la Arquitectura Latinoamericana Oscar Niemeyer en el marco de la Bienal BA15"}]},{"@type":"WebSite","@id":"https:\/\/www.arquimaster.com.ar\/web\/#website","url":"https:\/\/www.arquimaster.com.ar\/web\/","name":"Arquimaster","description":"Web de arquitectura, dise\u00f1o y construccion","publisher":{"@id":"https:\/\/www.arquimaster.com.ar\/web\/#organization"},"potentialAction":[{"@type":"SearchAction","target":{"@type":"EntryPoint","urlTemplate":"https:\/\/www.arquimaster.com.ar\/web\/?s={search_term_string}"},"query-input":{"@type":"PropertyValueSpecification","valueRequired":true,"valueName":"search_term_string"}}],"inLanguage":"es"},{"@type":"Organization","@id":"https:\/\/www.arquimaster.com.ar\/web\/#organization","name":"Arquimaster","url":"https:\/\/www.arquimaster.com.ar\/web\/","logo":{"@type":"ImageObject","inLanguage":"es","@id":"https:\/\/www.arquimaster.com.ar\/web\/#\/schema\/logo\/image\/","url":"https:\/\/www.arquimaster.com.ar\/web\/wp-content\/uploads\/2022\/06\/arquimaster.png","contentUrl":"https:\/\/www.arquimaster.com.ar\/web\/wp-content\/uploads\/2022\/06\/arquimaster.png","width":594,"height":78,"caption":"Arquimaster"},"image":{"@id":"https:\/\/www.arquimaster.com.ar\/web\/#\/schema\/logo\/image\/"},"sameAs":["http:\/\/www.facebook.com\/ARQUIMASTER.com.ar","https:\/\/x.com\/arquimaster","https:\/\/www.instagram.com\/arquimasterblog\/","https:\/\/www.linkedin.com\/company\/arquimaster","https:\/\/www.pinterest.com\/arquimaster","https:\/\/t.me\/arquimaster"]},{"@type":"Person","@id":"https:\/\/www.arquimaster.com.ar\/web\/#\/schema\/person\/359e9f7c00193fcde068e0dd2ceb0028","name":"Arquimaster"}]}},"uagb_featured_image_src":{"full":["https:\/\/www.arquimaster.com.ar\/web\/wp-content\/uploads\/2015\/09\/premio_oscar_niemeyer_slide.jpg",642,336,false],"thumbnail":["https:\/\/www.arquimaster.com.ar\/web\/wp-content\/uploads\/2015\/09\/premio_oscar_niemeyer_slide-150x150.jpg",150,150,true],"medium":["https:\/\/www.arquimaster.com.ar\/web\/wp-content\/uploads\/2015\/09\/premio_oscar_niemeyer_slide.jpg",642,336,false],"medium_large":["https:\/\/www.arquimaster.com.ar\/web\/wp-content\/uploads\/2015\/09\/premio_oscar_niemeyer_slide.jpg",642,336,false],"large":["https:\/\/www.arquimaster.com.ar\/web\/wp-content\/uploads\/2015\/09\/premio_oscar_niemeyer_slide.jpg",642,336,false],"1536x1536":["https:\/\/www.arquimaster.com.ar\/web\/wp-content\/uploads\/2015\/09\/premio_oscar_niemeyer_slide.jpg",642,336,false],"2048x2048":["https:\/\/www.arquimaster.com.ar\/web\/wp-content\/uploads\/2015\/09\/premio_oscar_niemeyer_slide.jpg",642,336,false]},"uagb_author_info":{"display_name":"Arquimaster","author_link":"https:\/\/www.arquimaster.com.ar\/web\/author\/arquimaster\/"},"uagb_comment_info":0,"uagb_excerpt":"El premio esta organizado por la Red de Bienales de Am\u00e9rica Latina BAAL...","_links":{"self":[{"href":"https:\/\/www.arquimaster.com.ar\/web\/wp-json\/wp\/v2\/posts\/17156","targetHints":{"allow":["GET"]}}],"collection":[{"href":"https:\/\/www.arquimaster.com.ar\/web\/wp-json\/wp\/v2\/posts"}],"about":[{"href":"https:\/\/www.arquimaster.com.ar\/web\/wp-json\/wp\/v2\/types\/post"}],"author":[{"embeddable":true,"href":"https:\/\/www.arquimaster.com.ar\/web\/wp-json\/wp\/v2\/users\/1"}],"replies":[{"embeddable":true,"href":"https:\/\/www.arquimaster.com.ar\/web\/wp-json\/wp\/v2\/comments?post=17156"}],"version-history":[{"count":1,"href":"https:\/\/www.arquimaster.com.ar\/web\/wp-json\/wp\/v2\/posts\/17156\/revisions"}],"predecessor-version":[{"id":86445,"href":"https:\/\/www.arquimaster.com.ar\/web\/wp-json\/wp\/v2\/posts\/17156\/revisions\/86445"}],"wp:featuredmedia":[{"embeddable":true,"href":"https:\/\/www.arquimaster.com.ar\/web\/wp-json\/wp\/v2\/media\/17157"}],"wp:attachment":[{"href":"https:\/\/www.arquimaster.com.ar\/web\/wp-json\/wp\/v2\/media?parent=17156"}],"wp:term":[{"taxonomy":"category","embeddable":true,"href":"https:\/\/www.arquimaster.com.ar\/web\/wp-json\/wp\/v2\/categories?post=17156"},{"taxonomy":"post_tag","embeddable":true,"href":"https:\/\/www.arquimaster.com.ar\/web\/wp-json\/wp\/v2\/tags?post=17156"}],"curies":[{"name":"wp","href":"https:\/\/api.w.org\/{rel}","templated":true}]}}