{"id":17375,"date":"2015-09-14T10:20:01","date_gmt":"2015-09-14T10:20:01","guid":{"rendered":"http:\/\/www.arquimaster.com.ar\/web\/?p=17375"},"modified":"2025-10-25T21:49:12","modified_gmt":"2025-10-26T00:49:12","slug":"la-casa-g-la-casa-sustentable-en-argentina-es-finalista-en-los-premios-latinoamerica-verde","status":"publish","type":"post","link":"https:\/\/www.arquimaster.com.ar\/web\/la-casa-g-la-casa-sustentable-en-argentina-es-finalista-en-los-premios-latinoamerica-verde\/","title":{"rendered":"La Casa G: La Casa Sustentable en Argentina es finalista en los Premios Latinoam\u00e9rica Verde"},"content":{"rendered":"<div style=\"margin-top: 0px; margin-bottom: 0px;\" class=\"sharethis-inline-share-buttons\" ><\/div><div class=\"b812932af2e751442846f039925109de\" data-index=\"1\" style=\"float: none; margin:25px 0 25px 0; text-align:center;\">\n<script async src=\"https:\/\/pagead2.googlesyndication.com\/pagead\/js\/adsbygoogle.js\"><\/script>\r\n<!-- Arquimaster (superior) -->\r\n<ins class=\"adsbygoogle\"\r\n     style=\"display:block\"\r\n     data-ad-client=\"ca-pub-6351072698456832\"\r\n     data-ad-slot=\"6455489680\"\r\n     data-ad-format=\"auto\"\r\n     data-full-width-responsive=\"true\"><\/ins>\r\n<script>\r\n     (adsbygoogle = window.adsbygoogle || []).push({});\r\n<\/script>\n<\/div>\n<p>Los <strong>Premios Latinoam\u00e9rica Verde<\/strong> son la celebraci\u00f3n anual del crecimiento de la conciencia ambiental en Latinoam\u00e9rica y el punto de encuentro de una comunidad regional comprometida por una misma causa. Este galard\u00f3n internacional es una iniciativa de la consultora Sambito, junto al Ministerio de Ambiente del Ecuador y el Gobierno de Guayaquil.<\/p>\n<div id='gallery-1' class='gallery galleryid-17375 gallery-columns-3 gallery-size-thumbnail'><figure class='gallery-item'>\n\t\t\t<div class='gallery-icon portrait'>\n\t\t\t\t<a href='https:\/\/www.arquimaster.com.ar\/web\/wp-content\/uploads\/2015\/09\/casa_g_premios_latinoamerica_verde1.jpg' title=\"La Casa G: La Casa Sustentable en Argentina es finalista en los Premios Latinoam\u00e9rica Verde\" data-rl_title=\"La Casa G: La Casa Sustentable en Argentina es finalista en los Premios Latinoam\u00e9rica Verde\" class=\"rl-gallery-link\" data-rl_caption=\"La Casa G: La Casa Sustentable en Argentina es finalista en los Premios Latinoam\u00e9rica Verde\" data-rel=\"lightbox-gallery-1\"><img loading=\"lazy\" decoding=\"async\" width=\"150\" height=\"150\" src=\"https:\/\/www.arquimaster.com.ar\/web\/wp-content\/uploads\/2015\/09\/casa_g_premios_latinoamerica_verde1-150x150.jpg\" class=\"attachment-thumbnail size-thumbnail\" alt=\"\" aria-describedby=\"gallery-1-17377\" srcset=\"https:\/\/www.arquimaster.com.ar\/web\/wp-content\/uploads\/2015\/09\/casa_g_premios_latinoamerica_verde1-150x150.jpg 150w, https:\/\/www.arquimaster.com.ar\/web\/wp-content\/uploads\/2015\/09\/casa_g_premios_latinoamerica_verde1-50x50.jpg 50w, https:\/\/www.arquimaster.com.ar\/web\/wp-content\/uploads\/2015\/09\/casa_g_premios_latinoamerica_verde1-125x125.jpg 125w\" sizes=\"auto, (max-width: 150px) 100vw, 150px\" \/><\/a>\n\t\t\t<\/div>\n\t\t\t\t<figcaption class='wp-caption-text gallery-caption' id='gallery-1-17377'>\n\t\t\t\tLa Casa G: La Casa Sustentable en Argentina es finalista en los Premios Latinoam\u00e9rica Verde\n\t\t\t\t<\/figcaption><\/figure><figure class='gallery-item'>\n\t\t\t<div class='gallery-icon landscape'>\n\t\t\t\t<a href='https:\/\/www.arquimaster.com.ar\/web\/wp-content\/uploads\/2015\/09\/casa_g_premios_latinoamerica_verde2.jpg' title=\"La Casa G: La Casa Sustentable en Argentina es finalista en los Premios Latinoam\u00e9rica Verde\" data-rl_title=\"La Casa G: La Casa Sustentable en Argentina es finalista en los Premios Latinoam\u00e9rica Verde\" class=\"rl-gallery-link\" data-rl_caption=\"La Casa G: La Casa Sustentable en Argentina es finalista en los Premios Latinoam\u00e9rica Verde\" data-rel=\"lightbox-gallery-1\"><img loading=\"lazy\" decoding=\"async\" width=\"150\" height=\"150\" src=\"https:\/\/www.arquimaster.com.ar\/web\/wp-content\/uploads\/2015\/09\/casa_g_premios_latinoamerica_verde2-150x150.jpg\" class=\"attachment-thumbnail size-thumbnail\" alt=\"\" aria-describedby=\"gallery-1-17378\" srcset=\"https:\/\/www.arquimaster.com.ar\/web\/wp-content\/uploads\/2015\/09\/casa_g_premios_latinoamerica_verde2-150x150.jpg 150w, https:\/\/www.arquimaster.com.ar\/web\/wp-content\/uploads\/2015\/09\/casa_g_premios_latinoamerica_verde2-50x50.jpg 50w, https:\/\/www.arquimaster.com.ar\/web\/wp-content\/uploads\/2015\/09\/casa_g_premios_latinoamerica_verde2-125x125.jpg 125w\" sizes=\"auto, (max-width: 150px) 100vw, 150px\" \/><\/a>\n\t\t\t<\/div>\n\t\t\t\t<figcaption class='wp-caption-text gallery-caption' id='gallery-1-17378'>\n\t\t\t\tLa Casa G: La Casa Sustentable en Argentina es finalista en los Premios Latinoam\u00e9rica Verde\n\t\t\t\t<\/figcaption><\/figure><figure class='gallery-item'>\n\t\t\t<div class='gallery-icon landscape'>\n\t\t\t\t<a href='https:\/\/www.arquimaster.com.ar\/web\/wp-content\/uploads\/2015\/09\/casa_g_premios_latinoamerica_verde3.jpg' title=\"La Casa G: La Casa Sustentable en Argentina es finalista en los Premios Latinoam\u00e9rica Verde\" data-rl_title=\"La Casa G: La Casa Sustentable en Argentina es finalista en los Premios Latinoam\u00e9rica Verde\" class=\"rl-gallery-link\" data-rl_caption=\"La Casa G: La Casa Sustentable en Argentina es finalista en los Premios Latinoam\u00e9rica Verde\" data-rel=\"lightbox-gallery-1\"><img loading=\"lazy\" decoding=\"async\" width=\"150\" height=\"150\" src=\"https:\/\/www.arquimaster.com.ar\/web\/wp-content\/uploads\/2015\/09\/casa_g_premios_latinoamerica_verde3-150x150.jpg\" class=\"attachment-thumbnail size-thumbnail\" alt=\"\" aria-describedby=\"gallery-1-17379\" srcset=\"https:\/\/www.arquimaster.com.ar\/web\/wp-content\/uploads\/2015\/09\/casa_g_premios_latinoamerica_verde3-150x150.jpg 150w, https:\/\/www.arquimaster.com.ar\/web\/wp-content\/uploads\/2015\/09\/casa_g_premios_latinoamerica_verde3-50x50.jpg 50w, https:\/\/www.arquimaster.com.ar\/web\/wp-content\/uploads\/2015\/09\/casa_g_premios_latinoamerica_verde3-125x125.jpg 125w\" sizes=\"auto, (max-width: 150px) 100vw, 150px\" \/><\/a>\n\t\t\t<\/div>\n\t\t\t\t<figcaption class='wp-caption-text gallery-caption' id='gallery-1-17379'>\n\t\t\t\tLa Casa G: La Casa Sustentable en Argentina es finalista en los Premios Latinoam\u00e9rica Verde\n\t\t\t\t<\/figcaption><\/figure>\n\t\t<\/div>\n\n<p>En la edici\u00f3n 2015 de los Premios Latinoam\u00e9rica Verde participan 23 pa\u00edses de Am\u00e9rica Latina m\u00e1s Espa\u00f1a como pa\u00eds invitado: Antigua y Barbados, Argentina, Bolivia, Brasil, Chile, Colombia, Costa Rica, Ecuador, El Salvador, Guatemala, Hait\u00ed, Honduras, Jamaica, M\u00e9xico, Nicaragua, Panam\u00e1, Paraguay, Per\u00fa, Puerto Rico, Republica Dominicana, Saint Vincent, Uruguay y Venezuela.<\/p>\n<p>Una comisi\u00f3n t\u00e9cnica evalu\u00f3 m\u00e1s de 1.000 casos ambientales, seleccion\u00f3 a los 500 m\u00e1s destacados y a los finalistas dentro de cada categor\u00eda: <strong>Energ\u00eda<\/strong>,<strong> Agua<\/strong>,<strong> Emisiones<\/strong>,<strong> Residuos<\/strong>,<strong> Bosques y Biodiversidad<\/strong>,<strong> Desarrollo Humano<\/strong>,<strong> Inclusi\u00f3n Social y Educaci\u00f3n<\/strong>. La <a href=\"http:\/\/www.arquimaster.com.ar\/web\/la-casa-g-la-casa-sustentable-en-argentina-on-arquitectura\/\" target=\"_blank\" rel=\"noopener\"><strong>Casa G<\/strong><\/a> es uno de los 3 finalistas dentro de la categor\u00eda Energ\u00eda y es el \u00fanico caso nominado de Argentina.<\/p>\n<p>Los 500 mejores casos de pr\u00e1cticas ambientales de Am\u00e9rica Latina ser\u00e1n exhibidos los d\u00edas <strong>23 y 24 de septiembre<\/strong> de 2015 en el Centro de Convenciones de Guayaquil. Quienes asistan a la exposici\u00f3n, podr\u00e1n acceder a toda la informaci\u00f3n de cada caso, despertando la creatividad y compartiendo conocimiento sobre las gestiones ambientales m\u00e1sinnovadoras de la regi\u00f3n. Se prevee que ser\u00e1 una experiencia de gran impacto visual y se contar\u00e1 con charlas magistrales a cargo de l\u00edderes mundiales, que por su trayectoria, han influenciado y marcado el rumbo de pa\u00edses, regiones y mercados. Ser\u00e1 un espacio para la reflexi\u00f3n e inspiraci\u00f3n, que buscar\u00e1 motivar a los agentes de cambio para crear una Latinoam\u00e9rica cada vez m\u00e1s verde.<\/p>\n<p>La ceremonia de premiaci\u00f3n se realizar\u00e1 en el Palacio Cristal el d\u00eda 25 de septiembre de 2015. Seg\u00fan los organizadores, el evento ser\u00e1 una suerte de <em>\u00abOscar a la Sustentabilidad\u00bb<\/em>, con la diferencia que durante la gala de premiaci\u00f3n, en lugar de la cl\u00e1sicaalfombra roja, el ingreso se realizar\u00e1 a trav\u00e9s de un camino verde conformado por pasto viviente.<\/p>\n<p>El jurado que elegir\u00e1 el caso ganador en cada una de las 6 categor\u00edas est\u00e1 compuesto por representantes de: Universidad EARTH de Costa Rica, Banco de Desarrollo de Am\u00e9rica Latina CAF, Banco Interamericano de Desarrollo BID, Fondo Mundial para la Naturaleza WWF, Convenci\u00f3n Marco de Naciones Unidas sobre el Cambio Clim\u00e1tico UNFCCC.<\/p>\n<p>Gustavo Manrique, presidente del Comit\u00e9 Organizador de estos premios, destac\u00f3 la participaci\u00f3n de la propuesta Argentina: <em>\u00abEl ser humano pasa la mayor parte del d\u00eda metido bajo una infraestructura, esta puede ser una casa, una oficina o unaindustria. Encontrar una forma de vida que consuma la menor cantidad de recursos de la naturaleza es una responsabilidad ulterior del ser humano. De eso se trata La <a href=\"http:\/\/www.arquimaster.com.ar\/web\/la-casa-g-la-casa-sustentable-en-argentina-on-arquitectura\/\" target=\"_blank\" rel=\"noopener\"><strong>Casa G<\/strong><\/a>. Felicitaciones por estar entre los 500 mejores proyectos de LATAM, ojal\u00e1 el planeta entero los emule\u00bb<\/em>.<\/p>\n<p><strong>Acerca de La Casa G: La Casa Sustentable en Argentina<\/strong><br \/>\nNuestros hogares son responsables de m\u00e1s del 50% de las emisiones de CO2 y del consumo de energ\u00edas primarias del planeta, son responsables directos del efecto invernadero y el cambio clim\u00e1tico, de la perdida de biodiversidad, la contaminaci\u00f3n de r\u00edos, mares y suelos. Parad\u00f3jicamente construimos nuestroshogares para protegernos del clima y con ello estamos contribuyendo al cambio clim\u00e1tico, poniendo en riesgo nuestra supervivencia y la de futuras generaciones.<\/p>\n<p>La <a href=\"http:\/\/www.arquimaster.com.ar\/web\/la-casa-g-la-casa-sustentable-en-argentina-on-arquitectura\/\" target=\"_blank\" rel=\"noopener\"><strong>Casa G<\/strong><\/a> es un emprendimiento privado sin fines de lucro, cuyo objetivo es fomentar el uso racional de los materiales, las buenas pr\u00e1cticas ambientales, el ahorro de energ\u00eda y la promoci\u00f3n de la sustentabilidad. Nos propusimos demostrar que actualmente en Argentina, no s\u00f3lo es posible, sino que resulta conveniente construir utilizando t\u00e9cnicas y tecnolog\u00edas sustentables.<\/p>\n<p>La <a href=\"http:\/\/www.arquimaster.com.ar\/web\/la-casa-g-la-casa-sustentable-en-argentina-on-arquitectura\/\" target=\"_blank\" rel=\"noopener\"><strong>Casa G<\/strong><\/a> fue inaugurada en diciembre de 2013; desde entonces es habitada por su creador, Charly Karamanian y su familia. Adem\u00e1s de ser una de las casas m\u00e1s \u00abeco-l\u00f3gicas\u00bb de Latinoam\u00e9rica, la misma es noticia en los principales medios locales e internacionales. La Casa G fue utilizada entre otras cosas, para realizar un documental sobre construcciones sustentables y para filmar varios cortos relacionados a la promoci\u00f3n de lasenerg\u00edas renovables y el reciclado.<\/p>\n<p>A partir del lanzamiento de La <a href=\"http:\/\/www.arquimaster.com.ar\/web\/la-casa-g-la-casa-sustentable-en-argentina-on-arquitectura\/\" target=\"_blank\" rel=\"noopener\"><strong>Casa G<\/strong><\/a>, Charly Karamanian ha publicado una gran variedad de art\u00edculos promoviendo el uso racional de los recursos y los h\u00e1bitos sustentables en el hogar y ha brindado charlas y conferencias en diversos \u00e1mbitos: C\u00e1mara Argentina de la Construcci\u00f3n, Green Drinks Buenos Aires, Jornadas Sustentables Sustentator y Ser Sustentable, ITBA e inclusive ha sido orador en la charla TEDx Bah\u00eda Blanca <em>\u00abDe la cueva a la casa sustentable\u00bb<\/em>.<\/p>\n\n<div style=\"font-size: 0px; height: 0px; line-height: 0px; margin: 0; padding: 0; clear: both;\"><\/div><div style=\"margin-top: 0px; margin-bottom: 0px;\" class=\"sharethis-inline-share-buttons\" ><\/div>","protected":false},"excerpt":{"rendered":"<p>Celebraci\u00f3n anual del crecimiento de la conciencia ambiental en Latinoam\u00e9rica&#8230;<\/p>\n","protected":false},"author":1,"featured_media":17376,"comment_status":"closed","ping_status":"closed","sticky":false,"template":"","format":"standard","meta":{"_uag_custom_page_level_css":"","footnotes":""},"categories":[70,68],"tags":[842,843,3587],"class_list":["post-17375","post","type-post","status-publish","format-standard","has-post-thumbnail","hentry","category-noticias-arquitectura","category-novedades","tag-casa-g","tag-casa-sustentable","tag-premios-latinoamerica-verde","generate-columns","tablet-grid-50","mobile-grid-100","grid-parent","grid-50"],"yoast_head":"<!-- This site is optimized with the Yoast SEO plugin v27.3 - https:\/\/yoast.com\/product\/yoast-seo-wordpress\/ -->\n<title>La Casa G: La Casa Sustentable en Argentina es finalista en los Premios Latinoam\u00e9rica Verde - Arquimaster<\/title>\n<meta name=\"robots\" content=\"index, follow, max-snippet:-1, max-image-preview:large, max-video-preview:-1\" \/>\n<link rel=\"canonical\" href=\"https:\/\/www.arquimaster.com.ar\/web\/la-casa-g-la-casa-sustentable-en-argentina-es-finalista-en-los-premios-latinoamerica-verde\/\" \/>\n<meta property=\"og:locale\" content=\"es_ES\" \/>\n<meta property=\"og:type\" content=\"article\" \/>\n<meta property=\"og:title\" content=\"La Casa G: La Casa Sustentable en Argentina es finalista en los Premios Latinoam\u00e9rica Verde - Arquimaster\" \/>\n<meta property=\"og:description\" content=\"Celebraci\u00f3n anual del crecimiento de la conciencia ambiental en Latinoam\u00e9rica...\" \/>\n<meta property=\"og:url\" content=\"https:\/\/www.arquimaster.com.ar\/web\/la-casa-g-la-casa-sustentable-en-argentina-es-finalista-en-los-premios-latinoamerica-verde\/\" \/>\n<meta property=\"og:site_name\" content=\"Arquimaster\" \/>\n<meta property=\"article:publisher\" content=\"http:\/\/www.facebook.com\/ARQUIMASTER.com.ar\" \/>\n<meta property=\"article:published_time\" content=\"2015-09-14T10:20:01+00:00\" \/>\n<meta property=\"article:modified_time\" content=\"2025-10-26T00:49:12+00:00\" \/>\n<meta property=\"og:image\" content=\"https:\/\/www.arquimaster.com.ar\/web\/wp-content\/uploads\/2015\/09\/casa_g_premios_latinoamerica_verde_slide.jpg\" \/>\n\t<meta property=\"og:image:width\" content=\"642\" \/>\n\t<meta property=\"og:image:height\" content=\"336\" \/>\n\t<meta property=\"og:image:type\" content=\"image\/jpeg\" \/>\n<meta name=\"author\" content=\"Arquimaster\" \/>\n<meta name=\"twitter:card\" content=\"summary_large_image\" \/>\n<meta name=\"twitter:creator\" content=\"@arquimaster\" \/>\n<meta name=\"twitter:site\" content=\"@arquimaster\" \/>\n<meta name=\"twitter:label1\" content=\"Escrito por\" \/>\n\t<meta name=\"twitter:data1\" content=\"Arquimaster\" \/>\n\t<meta name=\"twitter:label2\" content=\"Tiempo de lectura\" \/>\n\t<meta name=\"twitter:data2\" content=\"4 minutos\" \/>\n<script type=\"application\/ld+json\" class=\"yoast-schema-graph\">{\"@context\":\"https:\\\/\\\/schema.org\",\"@graph\":[{\"@type\":\"Article\",\"@id\":\"https:\\\/\\\/www.arquimaster.com.ar\\\/web\\\/la-casa-g-la-casa-sustentable-en-argentina-es-finalista-en-los-premios-latinoamerica-verde\\\/#article\",\"isPartOf\":{\"@id\":\"https:\\\/\\\/www.arquimaster.com.ar\\\/web\\\/la-casa-g-la-casa-sustentable-en-argentina-es-finalista-en-los-premios-latinoamerica-verde\\\/\"},\"author\":{\"name\":\"Arquimaster\",\"@id\":\"https:\\\/\\\/www.arquimaster.com.ar\\\/web\\\/#\\\/schema\\\/person\\\/359e9f7c00193fcde068e0dd2ceb0028\"},\"headline\":\"La Casa G: La Casa Sustentable en Argentina es finalista en los Premios Latinoam\u00e9rica Verde\",\"datePublished\":\"2015-09-14T10:20:01+00:00\",\"dateModified\":\"2025-10-26T00:49:12+00:00\",\"mainEntityOfPage\":{\"@id\":\"https:\\\/\\\/www.arquimaster.com.ar\\\/web\\\/la-casa-g-la-casa-sustentable-en-argentina-es-finalista-en-los-premios-latinoamerica-verde\\\/\"},\"wordCount\":830,\"publisher\":{\"@id\":\"https:\\\/\\\/www.arquimaster.com.ar\\\/web\\\/#organization\"},\"image\":{\"@id\":\"https:\\\/\\\/www.arquimaster.com.ar\\\/web\\\/la-casa-g-la-casa-sustentable-en-argentina-es-finalista-en-los-premios-latinoamerica-verde\\\/#primaryimage\"},\"thumbnailUrl\":\"https:\\\/\\\/www.arquimaster.com.ar\\\/web\\\/wp-content\\\/uploads\\\/2015\\\/09\\\/casa_g_premios_latinoamerica_verde_slide.jpg\",\"keywords\":[\"Casa G\",\"casa sustentable\",\"Premios Latinoam\u00e9rica Verde\"],\"articleSection\":[\"Noticias de arquitectura y dise\u00f1o\",\"Novedades\"],\"inLanguage\":\"es\"},{\"@type\":\"WebPage\",\"@id\":\"https:\\\/\\\/www.arquimaster.com.ar\\\/web\\\/la-casa-g-la-casa-sustentable-en-argentina-es-finalista-en-los-premios-latinoamerica-verde\\\/\",\"url\":\"https:\\\/\\\/www.arquimaster.com.ar\\\/web\\\/la-casa-g-la-casa-sustentable-en-argentina-es-finalista-en-los-premios-latinoamerica-verde\\\/\",\"name\":\"La Casa G: La Casa Sustentable en Argentina es finalista en los Premios Latinoam\u00e9rica Verde - Arquimaster\",\"isPartOf\":{\"@id\":\"https:\\\/\\\/www.arquimaster.com.ar\\\/web\\\/#website\"},\"primaryImageOfPage\":{\"@id\":\"https:\\\/\\\/www.arquimaster.com.ar\\\/web\\\/la-casa-g-la-casa-sustentable-en-argentina-es-finalista-en-los-premios-latinoamerica-verde\\\/#primaryimage\"},\"image\":{\"@id\":\"https:\\\/\\\/www.arquimaster.com.ar\\\/web\\\/la-casa-g-la-casa-sustentable-en-argentina-es-finalista-en-los-premios-latinoamerica-verde\\\/#primaryimage\"},\"thumbnailUrl\":\"https:\\\/\\\/www.arquimaster.com.ar\\\/web\\\/wp-content\\\/uploads\\\/2015\\\/09\\\/casa_g_premios_latinoamerica_verde_slide.jpg\",\"datePublished\":\"2015-09-14T10:20:01+00:00\",\"dateModified\":\"2025-10-26T00:49:12+00:00\",\"breadcrumb\":{\"@id\":\"https:\\\/\\\/www.arquimaster.com.ar\\\/web\\\/la-casa-g-la-casa-sustentable-en-argentina-es-finalista-en-los-premios-latinoamerica-verde\\\/#breadcrumb\"},\"inLanguage\":\"es\",\"potentialAction\":[{\"@type\":\"ReadAction\",\"target\":[\"https:\\\/\\\/www.arquimaster.com.ar\\\/web\\\/la-casa-g-la-casa-sustentable-en-argentina-es-finalista-en-los-premios-latinoamerica-verde\\\/\"]}]},{\"@type\":\"ImageObject\",\"inLanguage\":\"es\",\"@id\":\"https:\\\/\\\/www.arquimaster.com.ar\\\/web\\\/la-casa-g-la-casa-sustentable-en-argentina-es-finalista-en-los-premios-latinoamerica-verde\\\/#primaryimage\",\"url\":\"https:\\\/\\\/www.arquimaster.com.ar\\\/web\\\/wp-content\\\/uploads\\\/2015\\\/09\\\/casa_g_premios_latinoamerica_verde_slide.jpg\",\"contentUrl\":\"https:\\\/\\\/www.arquimaster.com.ar\\\/web\\\/wp-content\\\/uploads\\\/2015\\\/09\\\/casa_g_premios_latinoamerica_verde_slide.jpg\",\"width\":642,\"height\":336},{\"@type\":\"BreadcrumbList\",\"@id\":\"https:\\\/\\\/www.arquimaster.com.ar\\\/web\\\/la-casa-g-la-casa-sustentable-en-argentina-es-finalista-en-los-premios-latinoamerica-verde\\\/#breadcrumb\",\"itemListElement\":[{\"@type\":\"ListItem\",\"position\":1,\"name\":\"Portada\",\"item\":\"https:\\\/\\\/www.arquimaster.com.ar\\\/web\\\/\"},{\"@type\":\"ListItem\",\"position\":2,\"name\":\"La Casa G: La Casa Sustentable en Argentina es finalista en los Premios Latinoam\u00e9rica Verde\"}]},{\"@type\":\"WebSite\",\"@id\":\"https:\\\/\\\/www.arquimaster.com.ar\\\/web\\\/#website\",\"url\":\"https:\\\/\\\/www.arquimaster.com.ar\\\/web\\\/\",\"name\":\"Arquimaster\",\"description\":\"Web de arquitectura, dise\u00f1o y construccion\",\"publisher\":{\"@id\":\"https:\\\/\\\/www.arquimaster.com.ar\\\/web\\\/#organization\"},\"potentialAction\":[{\"@type\":\"SearchAction\",\"target\":{\"@type\":\"EntryPoint\",\"urlTemplate\":\"https:\\\/\\\/www.arquimaster.com.ar\\\/web\\\/?s={search_term_string}\"},\"query-input\":{\"@type\":\"PropertyValueSpecification\",\"valueRequired\":true,\"valueName\":\"search_term_string\"}}],\"inLanguage\":\"es\"},{\"@type\":\"Organization\",\"@id\":\"https:\\\/\\\/www.arquimaster.com.ar\\\/web\\\/#organization\",\"name\":\"Arquimaster\",\"url\":\"https:\\\/\\\/www.arquimaster.com.ar\\\/web\\\/\",\"logo\":{\"@type\":\"ImageObject\",\"inLanguage\":\"es\",\"@id\":\"https:\\\/\\\/www.arquimaster.com.ar\\\/web\\\/#\\\/schema\\\/logo\\\/image\\\/\",\"url\":\"https:\\\/\\\/www.arquimaster.com.ar\\\/web\\\/wp-content\\\/uploads\\\/2022\\\/06\\\/arquimaster.png\",\"contentUrl\":\"https:\\\/\\\/www.arquimaster.com.ar\\\/web\\\/wp-content\\\/uploads\\\/2022\\\/06\\\/arquimaster.png\",\"width\":594,\"height\":78,\"caption\":\"Arquimaster\"},\"image\":{\"@id\":\"https:\\\/\\\/www.arquimaster.com.ar\\\/web\\\/#\\\/schema\\\/logo\\\/image\\\/\"},\"sameAs\":[\"http:\\\/\\\/www.facebook.com\\\/ARQUIMASTER.com.ar\",\"https:\\\/\\\/x.com\\\/arquimaster\",\"https:\\\/\\\/www.instagram.com\\\/arquimasterblog\\\/\",\"https:\\\/\\\/www.linkedin.com\\\/company\\\/arquimaster\",\"https:\\\/\\\/www.pinterest.com\\\/arquimaster\",\"https:\\\/\\\/t.me\\\/arquimaster\"]},{\"@type\":\"Person\",\"@id\":\"https:\\\/\\\/www.arquimaster.com.ar\\\/web\\\/#\\\/schema\\\/person\\\/359e9f7c00193fcde068e0dd2ceb0028\",\"name\":\"Arquimaster\"}]}<\/script>\n<!-- \/ Yoast SEO plugin. -->","yoast_head_json":{"title":"La Casa G: La Casa Sustentable en Argentina es finalista en los Premios Latinoam\u00e9rica Verde - Arquimaster","robots":{"index":"index","follow":"follow","max-snippet":"max-snippet:-1","max-image-preview":"max-image-preview:large","max-video-preview":"max-video-preview:-1"},"canonical":"https:\/\/www.arquimaster.com.ar\/web\/la-casa-g-la-casa-sustentable-en-argentina-es-finalista-en-los-premios-latinoamerica-verde\/","og_locale":"es_ES","og_type":"article","og_title":"La Casa G: La Casa Sustentable en Argentina es finalista en los Premios Latinoam\u00e9rica Verde - Arquimaster","og_description":"Celebraci\u00f3n anual del crecimiento de la conciencia ambiental en Latinoam\u00e9rica...","og_url":"https:\/\/www.arquimaster.com.ar\/web\/la-casa-g-la-casa-sustentable-en-argentina-es-finalista-en-los-premios-latinoamerica-verde\/","og_site_name":"Arquimaster","article_publisher":"http:\/\/www.facebook.com\/ARQUIMASTER.com.ar","article_published_time":"2015-09-14T10:20:01+00:00","article_modified_time":"2025-10-26T00:49:12+00:00","og_image":[{"width":642,"height":336,"url":"https:\/\/www.arquimaster.com.ar\/web\/wp-content\/uploads\/2015\/09\/casa_g_premios_latinoamerica_verde_slide.jpg","type":"image\/jpeg"}],"author":"Arquimaster","twitter_card":"summary_large_image","twitter_creator":"@arquimaster","twitter_site":"@arquimaster","twitter_misc":{"Escrito por":"Arquimaster","Tiempo de lectura":"4 minutos"},"schema":{"@context":"https:\/\/schema.org","@graph":[{"@type":"Article","@id":"https:\/\/www.arquimaster.com.ar\/web\/la-casa-g-la-casa-sustentable-en-argentina-es-finalista-en-los-premios-latinoamerica-verde\/#article","isPartOf":{"@id":"https:\/\/www.arquimaster.com.ar\/web\/la-casa-g-la-casa-sustentable-en-argentina-es-finalista-en-los-premios-latinoamerica-verde\/"},"author":{"name":"Arquimaster","@id":"https:\/\/www.arquimaster.com.ar\/web\/#\/schema\/person\/359e9f7c00193fcde068e0dd2ceb0028"},"headline":"La Casa G: La Casa Sustentable en Argentina es finalista en los Premios Latinoam\u00e9rica Verde","datePublished":"2015-09-14T10:20:01+00:00","dateModified":"2025-10-26T00:49:12+00:00","mainEntityOfPage":{"@id":"https:\/\/www.arquimaster.com.ar\/web\/la-casa-g-la-casa-sustentable-en-argentina-es-finalista-en-los-premios-latinoamerica-verde\/"},"wordCount":830,"publisher":{"@id":"https:\/\/www.arquimaster.com.ar\/web\/#organization"},"image":{"@id":"https:\/\/www.arquimaster.com.ar\/web\/la-casa-g-la-casa-sustentable-en-argentina-es-finalista-en-los-premios-latinoamerica-verde\/#primaryimage"},"thumbnailUrl":"https:\/\/www.arquimaster.com.ar\/web\/wp-content\/uploads\/2015\/09\/casa_g_premios_latinoamerica_verde_slide.jpg","keywords":["Casa G","casa sustentable","Premios Latinoam\u00e9rica Verde"],"articleSection":["Noticias de arquitectura y dise\u00f1o","Novedades"],"inLanguage":"es"},{"@type":"WebPage","@id":"https:\/\/www.arquimaster.com.ar\/web\/la-casa-g-la-casa-sustentable-en-argentina-es-finalista-en-los-premios-latinoamerica-verde\/","url":"https:\/\/www.arquimaster.com.ar\/web\/la-casa-g-la-casa-sustentable-en-argentina-es-finalista-en-los-premios-latinoamerica-verde\/","name":"La Casa G: La Casa Sustentable en Argentina es finalista en los Premios Latinoam\u00e9rica Verde - Arquimaster","isPartOf":{"@id":"https:\/\/www.arquimaster.com.ar\/web\/#website"},"primaryImageOfPage":{"@id":"https:\/\/www.arquimaster.com.ar\/web\/la-casa-g-la-casa-sustentable-en-argentina-es-finalista-en-los-premios-latinoamerica-verde\/#primaryimage"},"image":{"@id":"https:\/\/www.arquimaster.com.ar\/web\/la-casa-g-la-casa-sustentable-en-argentina-es-finalista-en-los-premios-latinoamerica-verde\/#primaryimage"},"thumbnailUrl":"https:\/\/www.arquimaster.com.ar\/web\/wp-content\/uploads\/2015\/09\/casa_g_premios_latinoamerica_verde_slide.jpg","datePublished":"2015-09-14T10:20:01+00:00","dateModified":"2025-10-26T00:49:12+00:00","breadcrumb":{"@id":"https:\/\/www.arquimaster.com.ar\/web\/la-casa-g-la-casa-sustentable-en-argentina-es-finalista-en-los-premios-latinoamerica-verde\/#breadcrumb"},"inLanguage":"es","potentialAction":[{"@type":"ReadAction","target":["https:\/\/www.arquimaster.com.ar\/web\/la-casa-g-la-casa-sustentable-en-argentina-es-finalista-en-los-premios-latinoamerica-verde\/"]}]},{"@type":"ImageObject","inLanguage":"es","@id":"https:\/\/www.arquimaster.com.ar\/web\/la-casa-g-la-casa-sustentable-en-argentina-es-finalista-en-los-premios-latinoamerica-verde\/#primaryimage","url":"https:\/\/www.arquimaster.com.ar\/web\/wp-content\/uploads\/2015\/09\/casa_g_premios_latinoamerica_verde_slide.jpg","contentUrl":"https:\/\/www.arquimaster.com.ar\/web\/wp-content\/uploads\/2015\/09\/casa_g_premios_latinoamerica_verde_slide.jpg","width":642,"height":336},{"@type":"BreadcrumbList","@id":"https:\/\/www.arquimaster.com.ar\/web\/la-casa-g-la-casa-sustentable-en-argentina-es-finalista-en-los-premios-latinoamerica-verde\/#breadcrumb","itemListElement":[{"@type":"ListItem","position":1,"name":"Portada","item":"https:\/\/www.arquimaster.com.ar\/web\/"},{"@type":"ListItem","position":2,"name":"La Casa G: La Casa Sustentable en Argentina es finalista en los Premios Latinoam\u00e9rica Verde"}]},{"@type":"WebSite","@id":"https:\/\/www.arquimaster.com.ar\/web\/#website","url":"https:\/\/www.arquimaster.com.ar\/web\/","name":"Arquimaster","description":"Web de arquitectura, dise\u00f1o y construccion","publisher":{"@id":"https:\/\/www.arquimaster.com.ar\/web\/#organization"},"potentialAction":[{"@type":"SearchAction","target":{"@type":"EntryPoint","urlTemplate":"https:\/\/www.arquimaster.com.ar\/web\/?s={search_term_string}"},"query-input":{"@type":"PropertyValueSpecification","valueRequired":true,"valueName":"search_term_string"}}],"inLanguage":"es"},{"@type":"Organization","@id":"https:\/\/www.arquimaster.com.ar\/web\/#organization","name":"Arquimaster","url":"https:\/\/www.arquimaster.com.ar\/web\/","logo":{"@type":"ImageObject","inLanguage":"es","@id":"https:\/\/www.arquimaster.com.ar\/web\/#\/schema\/logo\/image\/","url":"https:\/\/www.arquimaster.com.ar\/web\/wp-content\/uploads\/2022\/06\/arquimaster.png","contentUrl":"https:\/\/www.arquimaster.com.ar\/web\/wp-content\/uploads\/2022\/06\/arquimaster.png","width":594,"height":78,"caption":"Arquimaster"},"image":{"@id":"https:\/\/www.arquimaster.com.ar\/web\/#\/schema\/logo\/image\/"},"sameAs":["http:\/\/www.facebook.com\/ARQUIMASTER.com.ar","https:\/\/x.com\/arquimaster","https:\/\/www.instagram.com\/arquimasterblog\/","https:\/\/www.linkedin.com\/company\/arquimaster","https:\/\/www.pinterest.com\/arquimaster","https:\/\/t.me\/arquimaster"]},{"@type":"Person","@id":"https:\/\/www.arquimaster.com.ar\/web\/#\/schema\/person\/359e9f7c00193fcde068e0dd2ceb0028","name":"Arquimaster"}]}},"uagb_featured_image_src":{"full":["https:\/\/www.arquimaster.com.ar\/web\/wp-content\/uploads\/2015\/09\/casa_g_premios_latinoamerica_verde_slide.jpg",642,336,false],"thumbnail":["https:\/\/www.arquimaster.com.ar\/web\/wp-content\/uploads\/2015\/09\/casa_g_premios_latinoamerica_verde_slide-150x150.jpg",150,150,true],"medium":["https:\/\/www.arquimaster.com.ar\/web\/wp-content\/uploads\/2015\/09\/casa_g_premios_latinoamerica_verde_slide.jpg",642,336,false],"medium_large":["https:\/\/www.arquimaster.com.ar\/web\/wp-content\/uploads\/2015\/09\/casa_g_premios_latinoamerica_verde_slide.jpg",642,336,false],"large":["https:\/\/www.arquimaster.com.ar\/web\/wp-content\/uploads\/2015\/09\/casa_g_premios_latinoamerica_verde_slide.jpg",642,336,false],"1536x1536":["https:\/\/www.arquimaster.com.ar\/web\/wp-content\/uploads\/2015\/09\/casa_g_premios_latinoamerica_verde_slide.jpg",642,336,false],"2048x2048":["https:\/\/www.arquimaster.com.ar\/web\/wp-content\/uploads\/2015\/09\/casa_g_premios_latinoamerica_verde_slide.jpg",642,336,false]},"uagb_author_info":{"display_name":"Arquimaster","author_link":"https:\/\/www.arquimaster.com.ar\/web\/author\/arquimaster\/"},"uagb_comment_info":0,"uagb_excerpt":"Celebraci\u00f3n anual del crecimiento de la conciencia ambiental en Latinoam\u00e9rica...","_links":{"self":[{"href":"https:\/\/www.arquimaster.com.ar\/web\/wp-json\/wp\/v2\/posts\/17375","targetHints":{"allow":["GET"]}}],"collection":[{"href":"https:\/\/www.arquimaster.com.ar\/web\/wp-json\/wp\/v2\/posts"}],"about":[{"href":"https:\/\/www.arquimaster.com.ar\/web\/wp-json\/wp\/v2\/types\/post"}],"author":[{"embeddable":true,"href":"https:\/\/www.arquimaster.com.ar\/web\/wp-json\/wp\/v2\/users\/1"}],"replies":[{"embeddable":true,"href":"https:\/\/www.arquimaster.com.ar\/web\/wp-json\/wp\/v2\/comments?post=17375"}],"version-history":[{"count":1,"href":"https:\/\/www.arquimaster.com.ar\/web\/wp-json\/wp\/v2\/posts\/17375\/revisions"}],"predecessor-version":[{"id":86438,"href":"https:\/\/www.arquimaster.com.ar\/web\/wp-json\/wp\/v2\/posts\/17375\/revisions\/86438"}],"wp:featuredmedia":[{"embeddable":true,"href":"https:\/\/www.arquimaster.com.ar\/web\/wp-json\/wp\/v2\/media\/17376"}],"wp:attachment":[{"href":"https:\/\/www.arquimaster.com.ar\/web\/wp-json\/wp\/v2\/media?parent=17375"}],"wp:term":[{"taxonomy":"category","embeddable":true,"href":"https:\/\/www.arquimaster.com.ar\/web\/wp-json\/wp\/v2\/categories?post=17375"},{"taxonomy":"post_tag","embeddable":true,"href":"https:\/\/www.arquimaster.com.ar\/web\/wp-json\/wp\/v2\/tags?post=17375"}],"curies":[{"name":"wp","href":"https:\/\/api.w.org\/{rel}","templated":true}]}}